{"id":58821,"date":"2024-03-19T11:07:45","date_gmt":"2024-03-19T10:07:45","guid":{"rendered":"https:\/\/speyer24news.com\/?p=58821"},"modified":"2024-03-19T11:07:47","modified_gmt":"2024-03-19T10:07:47","slug":"stadtnotiz-speyer-10","status":"publish","type":"post","link":"https:\/\/speyer24news.com\/?p=58821","title":{"rendered":"Stadtnotiz Speyer"},"content":{"rendered":"<style type=\"text\/css\">\r\n\t.ads_top_disp{}\r\n\t.ads_top_corner_disp{ float:left; margin:0px 10px 10px 0px; }\r\n\t.ads_first_p_disp{}\r\n\t.ads_bottom_disp{}\r\n\t<\/style><div class=\"wp-block-image\">\n<figure class=\"aligncenter size-full\"><img decoding=\"async\" loading=\"lazy\" width=\"800\" height=\"600\" src=\"https:\/\/speyer24news.com\/wp-content\/uploads\/2020\/01\/Speyer-Stadtnachrichten-2.jpg\" alt=\"\" class=\"wp-image-23901\" srcset=\"https:\/\/speyer24news.com\/wp-content\/uploads\/2020\/01\/Speyer-Stadtnachrichten-2.jpg 800w, https:\/\/speyer24news.com\/wp-content\/uploads\/2020\/01\/Speyer-Stadtnachrichten-2-300x225.jpg 300w, https:\/\/speyer24news.com\/wp-content\/uploads\/2020\/01\/Speyer-Stadtnachrichten-2-768x576.jpg 768w, https:\/\/speyer24news.com\/wp-content\/uploads\/2020\/01\/Speyer-Stadtnachrichten-2-678x509.jpg 678w, https:\/\/speyer24news.com\/wp-content\/uploads\/2020\/01\/Speyer-Stadtnachrichten-2-326x245.jpg 326w, https:\/\/speyer24news.com\/wp-content\/uploads\/2020\/01\/Speyer-Stadtnachrichten-2-80x60.jpg 80w\" sizes=\"(max-width: 800px) 100vw, 800px\" \/><\/figure><\/div>\n\n\n<h2 class=\"wp-block-heading\">Update: Medieninfo Stadt Speyer: Speyerer Busverkehr wird weiter bis voraussichtlich 24. M\u00e4rz 2024 bestreikt<\/h2>\n\n\n<div class=\"wp-block-image\">\n<figure class=\"aligncenter size-full\"><img decoding=\"async\" loading=\"lazy\" width=\"600\" height=\"605\" src=\"https:\/\/speyer24news.com\/wp-content\/uploads\/2022\/05\/Streik-Logo.png\" alt=\"\" class=\"wp-image-45817\" srcset=\"https:\/\/speyer24news.com\/wp-content\/uploads\/2022\/05\/Streik-Logo.png 600w, https:\/\/speyer24news.com\/wp-content\/uploads\/2022\/05\/Streik-Logo-298x300.png 298w, https:\/\/speyer24news.com\/wp-content\/uploads\/2022\/05\/Streik-Logo-150x150.png 150w\" sizes=\"(max-width: 600px) 100vw, 600px\" \/><\/figure><\/div>\n\n\n<p>Die\u00a0DB Regio Bus Mitte GmbH hat mitgeteilt, dass der seit dem 11. M\u00e4rz 2024 bestehende Streik verl\u00e4ngert wurde. Der Betrieb wird daher weiter bestreikt. Die Streikma\u00dfnahme soll <strong>bis einschlie\u00dflich Sonntag, 24. M\u00e4rz 2024, bis Betriebsende<\/strong> andauern. (<em>19.03.2024 &#8211; 9:19<\/em>)<\/p>\n\n\n\n<p><em>Stadtverwaltung Speyer<br>11.03.2024<\/em><\/p>\n\n\n\n<h2 class=\"wp-block-heading\">Speyerer Busverkehr von mehrt\u00e4gigem Streik betroffen<\/h2>\n\n\n<div class=\"wp-block-image\">\n<figure class=\"aligncenter size-full\"><img decoding=\"async\" loading=\"lazy\" width=\"800\" height=\"600\" src=\"https:\/\/speyer24news.com\/wp-content\/uploads\/2022\/10\/Busverkehr-OePNV-Bus-Speyer-Nahverkehr.jpg\" alt=\"\" class=\"wp-image-49868\" srcset=\"https:\/\/speyer24news.com\/wp-content\/uploads\/2022\/10\/Busverkehr-OePNV-Bus-Speyer-Nahverkehr.jpg 800w, https:\/\/speyer24news.com\/wp-content\/uploads\/2022\/10\/Busverkehr-OePNV-Bus-Speyer-Nahverkehr-300x225.jpg 300w, https:\/\/speyer24news.com\/wp-content\/uploads\/2022\/10\/Busverkehr-OePNV-Bus-Speyer-Nahverkehr-768x576.jpg 768w, https:\/\/speyer24news.com\/wp-content\/uploads\/2022\/10\/Busverkehr-OePNV-Bus-Speyer-Nahverkehr-678x509.jpg 678w, https:\/\/speyer24news.com\/wp-content\/uploads\/2022\/10\/Busverkehr-OePNV-Bus-Speyer-Nahverkehr-326x245.jpg 326w, https:\/\/speyer24news.com\/wp-content\/uploads\/2022\/10\/Busverkehr-OePNV-Bus-Speyer-Nahverkehr-80x60.jpg 80w\" sizes=\"(max-width: 800px) 100vw, 800px\" \/><figcaption class=\"wp-element-caption\">\u00d6ffentlicher Personen Nahverkehr (\u00d6PNV) in Speyer<br><em>Foto: \u00a9 Stadt Speyer<\/em><\/figcaption><\/figure><\/div>\n\n\n<p>Laut Informationen der DB Regio Bus Mitte GmbH wird das Linienb\u00fcndel Speyer <strong>von Montag, 11. M\u00e4rz 2024, 9.50 Uhr bis einschlie\u00dflich Sonntag, 17. M\u00e4rz 2024<\/strong>, bis Betriebsende vom Streikaufruf der Gewerkschaft ver.di in Rheinland-Pfalz betroffen sein.<\/p>\n\n\n\n<p>Im genannten Zeitraum ist mit massiven Einschr\u00e4nkungen und Ausf\u00e4llen im Speyerer Stadtbusverkehr zu rechnen.<\/p>\n\n\n\n<p>Der Betrieb soll voraussichtlich ab Montag, 18. M\u00e4rz 2024, wieder aufgenommen werden.<\/p>\n\n\n\n<p><em>Stadtverwaltung Speyer<br>11.03.2024<\/em><\/p>\n","protected":false},"excerpt":{"rendered":"<div class=\"mh-excerpt\"><p>Update: Medieninfo Stadt Speyer: Speyerer Busverkehr wird weiter bis voraussichtlich 24. M\u00e4rz 2024 bestreikt Die\u00a0DB Regio Bus Mitte GmbH hat mitgeteilt, dass der seit dem 11. M\u00e4rz 2024 bestehende Streik verl\u00e4ngert wurde. Der Betrieb wird <a class=\"mh-excerpt-more\" href=\"https:\/\/speyer24news.com\/?p=58821\" title=\"Stadtnotiz Speyer\">[&#8230;]<\/a><\/p>\n<\/div>","protected":false},"author":3,"featured_media":46477,"comment_status":"open","ping_status":"open","sticky":false,"template":"","format":"standard","meta":{"_monsterinsights_skip_tracking":false,"_monsterinsights_sitenote_active":false,"_monsterinsights_sitenote_note":"","_monsterinsights_sitenote_category":0,"footnotes":""},"categories":[47],"tags":[11472,6345,14068,17188,2593,6579,17186,17187,7262,13124,657,1296,17925,17926,17927],"aioseo_notices":[],"amp_enabled":true,"_links":{"self":[{"href":"https:\/\/speyer24news.com\/index.php?rest_route=\/wp\/v2\/posts\/58821"}],"collection":[{"href":"https:\/\/speyer24news.com\/index.php?rest_route=\/wp\/v2\/posts"}],"about":[{"href":"https:\/\/speyer24news.com\/index.php?rest_route=\/wp\/v2\/types\/post"}],"author":[{"embeddable":true,"href":"https:\/\/speyer24news.com\/index.php?rest_route=\/wp\/v2\/users\/3"}],"replies":[{"embeddable":true,"href":"https:\/\/speyer24news.com\/index.php?rest_route=%2Fwp%2Fv2%2Fcomments&post=58821"}],"version-history":[{"count":1,"href":"https:\/\/speyer24news.com\/index.php?rest_route=\/wp\/v2\/posts\/58821\/revisions"}],"predecessor-version":[{"id":58822,"href":"https:\/\/speyer24news.com\/index.php?rest_route=\/wp\/v2\/posts\/58821\/revisions\/58822"}],"wp:featuredmedia":[{"embeddable":true,"href":"https:\/\/speyer24news.com\/index.php?rest_route=\/wp\/v2\/media\/46477"}],"wp:attachment":[{"href":"https:\/\/speyer24news.com\/index.php?rest_route=%2Fwp%2Fv2%2Fmedia&parent=58821"}],"wp:term":[{"taxonomy":"category","embeddable":true,"href":"https:\/\/speyer24news.com\/index.php?rest_route=%2Fwp%2Fv2%2Fcategories&post=58821"},{"taxonomy":"post_tag","embeddable":true,"href":"https:\/\/speyer24news.com\/index.php?rest_route=%2Fwp%2Fv2%2Ftags&post=58821"}],"curies":[{"name":"wp","href":"https:\/\/api.w.org\/{rel}","templated":true}]}}