{"id":58839,"date":"2024-03-20T07:14:58","date_gmt":"2024-03-20T06:14:58","guid":{"rendered":"https:\/\/speyer24news.com\/?p=58839"},"modified":"2024-03-20T07:15:01","modified_gmt":"2024-03-20T06:15:01","slug":"polizeimeldungen-dienstag-19-03-24","status":"publish","type":"post","link":"https:\/\/speyer24news.com\/?p=58839","title":{"rendered":"Polizeimeldungen Dienstag (19.03.24)"},"content":{"rendered":"<style type=\"text\/css\">\r\n\t.ads_top_disp{}\r\n\t.ads_top_corner_disp{ float:left; margin:0px 10px 10px 0px; }\r\n\t.ads_first_p_disp{}\r\n\t.ads_bottom_disp{}\r\n\t<\/style>\n<h2 class=\"wp-block-heading\">Polizeimeldungen vom Dienstag (19.03.2024)<\/h2>\n\n\n<div class=\"wp-block-image\">\n<figure class=\"aligncenter size-full\"><img decoding=\"async\" loading=\"lazy\" width=\"375\" height=\"500\" src=\"https:\/\/speyer24news.com\/wp-content\/uploads\/2022\/03\/Aktuelles-Polizeilogo.jpg\" alt=\"\" class=\"wp-image-43591\" srcset=\"https:\/\/speyer24news.com\/wp-content\/uploads\/2022\/03\/Aktuelles-Polizeilogo.jpg 375w, https:\/\/speyer24news.com\/wp-content\/uploads\/2022\/03\/Aktuelles-Polizeilogo-225x300.jpg 225w\" sizes=\"(max-width: 375px) 100vw, 375px\" \/><\/figure><\/div>\n\n\n<h2 class=\"wp-block-heading\">(Speyer) &#8211; K\u00f6rperliche Auseinandersetzung in einer Asylaufnahmeeinrichtung<\/h2>\n\n\n\n<h3 class=\"wp-block-heading has-text-align-center\">1. Nachtrag zur Pressemeldung vom 18.03.2024<\/h3>\n\n\n<div class=\"wp-block-image\">\n<figure class=\"aligncenter size-full\"><img decoding=\"async\" loading=\"lazy\" width=\"800\" height=\"533\" src=\"https:\/\/speyer24news.com\/wp-content\/uploads\/2021\/10\/Festnahme-Handschellen.jpg\" alt=\"\" class=\"wp-image-41224\" srcset=\"https:\/\/speyer24news.com\/wp-content\/uploads\/2021\/10\/Festnahme-Handschellen.jpg 800w, https:\/\/speyer24news.com\/wp-content\/uploads\/2021\/10\/Festnahme-Handschellen-300x200.jpg 300w, https:\/\/speyer24news.com\/wp-content\/uploads\/2021\/10\/Festnahme-Handschellen-768x512.jpg 768w\" sizes=\"(max-width: 800px) 100vw, 800px\" \/><figcaption class=\"wp-element-caption\">Beispielbild Handschelle \/ Verhaftung, dient lediglich der Visualisierung<\/figcaption><\/figure><\/div>\n\n\n<p>Nach einer k\u00f6rperlichen Auseinandersetzung am Montag in einer Asylaufnahmeeinrichtung in der Spaldinger Stra\u00dfe hat die Polizei Speyer die Ermittlungen aufgenommen. Nach erstem Kenntnisstand geriet ein 31-j\u00e4hriger Bewohner mit Mitarbeitern des Sicherheitsdienstes in Streit. In der Folge verletzte er vier Mitarbeiter im Alter von 24 bis 44 Jahren mit einem K\u00fcchenmesser. Der 44-J\u00e4hrige, welcher im Kopfbereich verletzt wurde, musste zur \u00e4rztlichen Behandlung station\u00e4r in einem Krankenhaus aufgenommen werden. Der 31-J\u00e4hrige wurde vorl\u00e4ufig festgenommen. Die Ermittlungen zu den genauen Hintergr\u00fcnden und dem Motiv der Tat dauern weiter an.<\/p>\n\n\n\n<h3 class=\"wp-block-heading has-text-align-center\">2. Nachtrag zur Pressemeldung vom 18.03.2024<\/h3>\n\n\n\n<h3 class=\"wp-block-heading\">Gemeinsame Pressemitteilung von Staatsanwaltschaft Frankenthal (Pfalz) und Polizeipr\u00e4sidium Rheinpfalz<\/h3>\n\n\n<div class=\"wp-block-image\">\n<figure class=\"aligncenter size-full\"><img decoding=\"async\" loading=\"lazy\" width=\"800\" height=\"533\" src=\"https:\/\/speyer24news.com\/wp-content\/uploads\/2020\/06\/Zelle.jpg\" alt=\"\" class=\"wp-image-28203\" srcset=\"https:\/\/speyer24news.com\/wp-content\/uploads\/2020\/06\/Zelle.jpg 800w, https:\/\/speyer24news.com\/wp-content\/uploads\/2020\/06\/Zelle-300x200.jpg 300w, https:\/\/speyer24news.com\/wp-content\/uploads\/2020\/06\/Zelle-768x512.jpg 768w\" sizes=\"(max-width: 800px) 100vw, 800px\" \/><figcaption class=\"wp-element-caption\">Beispielbild Zelle \/ Verhaftung, dient lediglich der Visualisierung<\/figcaption><\/figure><\/div>\n\n\n<p>Der 31-j\u00e4hrige Tatverd\u00e4chtige wurde am Dienstagnachmittag (19.03.2024) dem Haftrichter vorgef\u00fchrt. Dieser erlie\u00df auf Antrag der Staatsanwaltschaft Frankenthal (Pfalz) Untersuchungshaftbefehl wegen des dringenden Tatverdachts der gef\u00e4hrlichen K\u00f6rperverletzung. Als Haftgr\u00fcnde wurden Wiederholungsgefahr und Fluchtgefahr angenommen. Der Tatverd\u00e4chtige wurde anschlie\u00dfend in eine Justizvollzugsanstalt gebracht.<\/p>\n\n\n\n<p>Die Ermittlungen von Staatsanwaltschaft und Polizei zu den konkreten Hintergr\u00fcnden und Motiven der Tat dauern an.<\/p>\n\n\n\n<h2 class=\"wp-block-heading\">(Speyer) &#8211; Diebstahl aus Supermarkt<\/h2>\n\n\n\n<p>Am Montagabend, gegen halb sieben nahm ein 32-J\u00e4hriger diverse Waren im Gesamtwert von ca. 350 Euro von der Auslage eines Supermarktes in der Schifferstadter Stra\u00dfe und verstaute diese in seinen mitgef\u00fchrten Taschen. Dabei wurde er von Mitarbeitern des Supermarktes beobachtet und beim Verlassen des Gesch\u00e4ftes angesprochen. Bis zum Eintreffen der Polizei verblieb der Mann vor Ort, die Ware wurde anschlie\u00dfend den Mitarbeitern des Gesch\u00e4ftes wieder ausgeh\u00e4ndigt.<\/p>\n\n\n\n<h2 class=\"wp-block-heading\">(Waldsee) &#8211; Verletzte Person auf Campingplatz<\/h2>\n\n\n\n<p>Am Montagmorgen (18.03.2024) gegen 10 Uhr wurde ein 53-J\u00e4hriger bei einer mutma\u00dflichen Gasverpuffung auf dem Campinggebiet &#8222;Auf der Au&#8220; verletzt und ins Krankenhaus gebracht. Ein Sachschaden entstand nicht. Die Feuerwehr war ebenfalls im Einsatz. Die Kriminalpolizei hat die Ermittlungen aufgenommen.<\/p>\n\n\n\n<h2 class=\"wp-block-heading\">(B 9 \/ Germersheim) &#8211; Heuballen auf B9 verloren<\/h2>\n\n\n\n<p>Montagmittag gingen bei der Polizeiinspektion Germersheim mehrere Notrufe ein, weil insgesamt drei Heuballen auf der Bundesstra\u00dfe 9 bei Germersheim lagen. Ein Autofahrer konnte nicht mehr rechtzeitig ausweichen und kollidierte mit einem Heuballen. Gl\u00fccklicherweise wurde er dabei weder verletzt, noch wurde sein Fahrzeug besch\u00e4digt. Gegen den Verlierer der Heuballen wurde ein Ermittlungsverfahren wegen eines gef\u00e4hrlichen Eingriffs in den Stra\u00dfenverkehr eingeleitet. <\/p>\n\n\n\n<ul>\n<li><strong>Verkehrsteilnehmer, die durch die Heuballen gef\u00e4hrdet wurden, werden gebeten, sich unter der Telefonnummer 07274\/9580 oder per E-Mail an\u00a0<a href=\"mailto:%20pigermersheim@polizei.rlp.de\">pigermersheim@polizei.rlp.de<\/a>\u00a0mit der Polizei Germersheim in Verbindung zu setzen<\/strong><\/li>\n<\/ul>\n\n\n\n<h2 class=\"wp-block-heading\">(Germersheim) &#8211; Ohne F\u00fchrerschein unterwegs<\/h2>\n\n\n\n<p>Montagmittag kontrollierten Germersheimer Polizisten in der K\u00f6nigsstra\u00dfe einen 50-j\u00e4hrigen Autofahrer. Dieser war nicht im Besitz einer entsprechenden Fahrerlaubnis. Sowohl gegen ihn als auch den Halter wurde ein entsprechendes Strafverfahren eingeleitet.<\/p>\n\n\n\n<h2 class=\"wp-block-heading\">(Herxheim) &#8211; Stra\u00dfenverkehrsgef\u00e4hrdung \/ Zeugen gesucht<\/h2>\n\n\n\n<p>Am 19.03.2024 erhielt die Polizei Landau gegen 18:15 Uhr Kenntnis von einem VW-Fahrer, welcher in Schlangenlinien die Ortseinfahrt Herxheim \u00fcber die Obere Hauptstra\u00dfe in Richtung Burggasse befahren haben soll. Hierbei sei der PKW-Fahrer mehrfach in den Gegenverkehr geraten und habe entgegenkommende Verkehrsteilnehmer gef\u00e4hrdet. Letztendlich parkte der VW-Fahrer in der Burggasse r\u00fcckw\u00e4rts ein und kollidierte mit einer Hauswand. Die Gesamtschadensh\u00f6he betr\u00e4gt circa 2700 Euro. Vor Ort konnte der 56-j\u00e4hrige Unfallverursacher angetroffen werden. Bei diesem konnte deutlicher Alkoholgeruch wahrgenommen werden. Ein Alkoholtest wurde verweigert. Daher erfolgte die Mitnahme zur Dienststelle, wo ihm eine Blutprobe entnommen wurde. Sein F\u00fchrerschein wurde sichergestellt. Er wird sich nun in einem Strafverfahren wegen Stra\u00dfenverkehrsgef\u00e4hrdung verantworten m\u00fcssen. <\/p>\n\n\n\n<ul>\n<li><strong>Die Polizei bittet Zeugen, die Hinweise zu der Tat oder dem T\u00e4ter geben k\u00f6nnen, sich per Email an\u00a0<a href=\"mailto:%20pilandau@polizei.rlp.de\">pilandau@polizei.rlp.de<\/a>\u00a0oder telefonisch unter 06341-287-0 bei der Polizeiinspektion Landau zu melden. Von polizeilichem Interesse sind hierbei etwaige gef\u00e4hrdete Verkehrsteilnehmer.<\/strong><\/li>\n<\/ul>\n\n\n\n<h2 class=\"wp-block-heading\">(Rheinzabern) &#8211; Fahrraddiebstahl an der IGS<\/h2>\n\n\n\n<p>An der IGS Rheinzabern kam es am 18.03.2024 zwischen 08:00 Uhr und 12:55 Uhr zum Diebstahl eines verschlossenen Fahrrades. Demnach entwendeten bisher unbekannte T\u00e4ter ein graues Mountainbike der Firma Rockrider.<\/p>\n\n\n\n<h2 class=\"wp-block-heading\">(Kandel) &#8211; Schulwegkontrolle<\/h2>\n\n\n\n<p>Am 18.03.2024 wurde zwischen 07:35 Uhr und 08:15 Uhr im Bereich der IGS in Kandel eine Schulwegkontrolle durchgef\u00fchrt. Acht Elternteile mussten hierbei aufgrund nicht angelegter Sicherheitsgurte verwarnt werden.<\/p>\n\n\n\n<h2 class=\"wp-block-heading\">(B 9 \/ Kandel-Langenberg) &#8211; Geschwindigkeitskontrollen<\/h2>\n\n\n\n<p>Im Bereich Langenberg B9 wurden am 17.03.2024 vormittags f\u00fcr ca. 2 Stunden und nachmittags f\u00fcr ca. 1,5 Stunden Geschwindigkeitskontrollen durchgef\u00fchrt. Von den knapp 200 gemessenen Fahrzeugen waren ca. 50 zu schnell unterwegs. Der Spitzenreiter des Tages wurde mit 109km\/h anstelle der erlaubten 70km\/h gemessen.<\/p>\n\n\n\n<h2 class=\"wp-block-heading\">(Rohrbach) &#8211; Fahrkartenautomat gesprengt \/ Zeugen gesucht<\/h2>\n\n\n\n<p>Am 19.03.2024 wurde der Polizei Landau gegen 01:30 Uhr eine Explosion im Bereich des Bahnhofes in Rohrbach gemeldet. Vor Ort konnte festgestellt werden, dass durch unbekannte T\u00e4ter der dortige Fahrkartenautomat gesprengt wurde. Entwendet wurde nichts, es entstand jedoch betr\u00e4chtlicher Sachschaden an dem Automaten. Ein Strafverfahren wurde eingeleitet und die polizeilichen Ermittlungen aufgenommen. <\/p>\n\n\n\n<ul>\n<li><strong>Die Polizei bittet Zeugen, die Hinweise zu der Tat oder dem T\u00e4ter geben k\u00f6nnen, sich per Email an\u00a0<a href=\"mailto:%20pilandau@polizei.rlp.de\">pilandau@polizei.rlp.de<\/a>\u00a0oder telefonisch unter 06341-287-0 bei der Polizeiinspektion Landau zu melden.<\/strong><\/li>\n<\/ul>\n\n\n\n<h2 class=\"wp-block-heading\">(Landau) &#8211; Durch Einsatz von Pfefferspray verletzt<\/h2>\n\n\n<div class=\"wp-block-image\">\n<figure class=\"aligncenter size-full\"><img decoding=\"async\" loading=\"lazy\" width=\"800\" height=\"605\" src=\"https:\/\/speyer24news.com\/wp-content\/uploads\/2023\/10\/Pfefferspray-Spray-Reizgas.jpg\" alt=\"\" class=\"wp-image-55357\" srcset=\"https:\/\/speyer24news.com\/wp-content\/uploads\/2023\/10\/Pfefferspray-Spray-Reizgas.jpg 800w, https:\/\/speyer24news.com\/wp-content\/uploads\/2023\/10\/Pfefferspray-Spray-Reizgas-300x227.jpg 300w, https:\/\/speyer24news.com\/wp-content\/uploads\/2023\/10\/Pfefferspray-Spray-Reizgas-768x581.jpg 768w, https:\/\/speyer24news.com\/wp-content\/uploads\/2023\/10\/Pfefferspray-Spray-Reizgas-80x60.jpg 80w\" sizes=\"(max-width: 800px) 100vw, 800px\" \/><\/figure><\/div>\n\n\n<p>Am 19.03.2024 trafen gegen 15:15 Uhr der 34-j\u00e4hrige Gesch\u00e4digte und 30-j\u00e4hrige Beschuldigte aufeinander. Aufgrund einer Meinungsverschiedenheit kam es zum Streit zwischen den beiden Parteien. Dies nahm der 30-J\u00e4hrige zum Anlass, dem Gesch\u00e4digten Pfefferspray ins Gesicht zu spr\u00fchen. Im Anschluss entfernte sich der Beschuldigte von der Tat\u00f6rtlichkeit. Der Gesch\u00e4digte wurde hierdurch leicht verletzt. Ein Strafverfahren wegen gef\u00e4hrlicher K\u00f6rperverletzung wurde eingeleitet.<\/p>\n\n\n\n<h2 class=\"wp-block-heading\">(Landau) &#8211; Raub auf B\u00e4ckereifiliale \/ Zeugen gesucht<\/h2>\n\n\n<div class=\"wp-block-image\">\n<figure class=\"aligncenter size-large\"><img decoding=\"async\" loading=\"lazy\" width=\"1024\" height=\"941\" src=\"https:\/\/speyer24news.com\/wp-content\/uploads\/2020\/07\/Maskierter-T\u00e4ter-1024x941-1024x941.jpg\" alt=\"\" class=\"wp-image-28719\" srcset=\"https:\/\/speyer24news.com\/wp-content\/uploads\/2020\/07\/Maskierter-T\u00e4ter-1024x941.jpg 1024w, https:\/\/speyer24news.com\/wp-content\/uploads\/2020\/07\/Maskierter-T\u00e4ter-1024x941-300x276.jpg 300w, https:\/\/speyer24news.com\/wp-content\/uploads\/2020\/07\/Maskierter-T\u00e4ter-1024x941-768x706.jpg 768w\" sizes=\"(max-width: 1024px) 100vw, 1024px\" \/><figcaption class=\"wp-element-caption\">Symbolbild \u00dcberfall \/ Zeugen gesucht, dient lediglich der Visualisierung<\/figcaption><\/figure><\/div>\n\n\n<p>In den fr\u00fchen Morgenstunden des 18.03.2024 kam zum Raub\u00fcberfall auf eine B\u00e4ckereifiliale in der Landauer Stra\u00dfe in Annweiler. Gegen 05:40 Uhr betrat ein bislang unbekannter T\u00e4ter die Filiale und forderte unter Vorhalt einer Schusswaffe die Herausgabe der Einnahmen. Im Anschluss fl\u00fcchtete er mit einem <strong>hellen Kleinwagen, vermutlich einer Mercedes A-Klasse<\/strong>, samt Beute vom Tatort. <\/p>\n\n\n\n<h4 class=\"wp-block-heading\">Der T\u00e4ter konnte wie folgt beschrieben werden:<\/h4>\n\n\n\n<ul>\n<li><strong>M\u00e4nnlich<\/strong><\/li>\n\n\n\n<li><strong>schlanke Statur<\/strong><\/li>\n\n\n\n<li><strong>Sturmhaube<\/strong><\/li>\n\n\n\n<li><strong>schwarzes Oberteil<\/strong><\/li>\n\n\n\n<li><strong>schwarze Jogginghose mit wei\u00dfen Streifen<\/strong><\/li>\n\n\n\n<li><strong>ca. 20-30 Jahre alt<\/strong><\/li>\n\n\n\n<li><strong>ca. 175-180cm gro\u00df<\/strong><\/li>\n\n\n\n<li><strong>Waffe<\/strong><\/li>\n\n\n\n<li><strong>Handschuhe<\/strong><\/li>\n<\/ul>\n\n\n\n<p>Wie bereits berichtet kam es am 17.03.2024 gegen 22:45 Uhr an einer Annweilerer Tankstelle zu einem gleichgelagerten Fall, wobei der T\u00e4ter ohne Erfolg blieb und nichts erbeuten konnte. N\u00e4here Infos zu dem Fall k\u00f6nnen der entsprechenden Pressemeldung unter folgendem Link entnommen werden:\u00a0<a href=\"https:\/\/www.presseportal.de\/blaulicht\/pm\/117686\/5737361\" target=\"_blank\" rel=\"noreferrer noopener\">https:\/\/www.presseportal.de\/blaulicht\/pm\/117686\/5737361<\/a>\u00a0<\/p>\n\n\n\n<p>Die Landauer Kriminalpolizei hat nun die Ermittlungen aufgenommen, insbesondere ob die beiden Taten in Verbindung stehen. <\/p>\n\n\n\n<ul>\n<li><strong>Wer sachdienliche Hinweise zu dem genannten Fall geben kann, wird gebeten sich mit der Kriminalinspektion Landau unter der Rufnummer 06341-287-0 in Verbindung zu setzen. Hinweise k\u00f6nnen auch per E-Mail unter\u00a0<a href=\"mailto:%20kilandau.k5@polizei.rlp.de\">kilandau.k5@polizei.rlp.de<\/a>\u00a0an die Polizei \u00fcbermittelt werden.<\/strong><\/li>\n<\/ul>\n\n\n\n<h2 class=\"wp-block-heading\">(Edesheim) &#8211; Fahrzeugsicherstellung<\/h2>\n\n\n\n<p>Wegen einer geborstenen Windschutz- und einer mit Klebeband befestigten Heckscheibe wurde am fr\u00fchen Morgen (19.03.2024, 00:16 Uhr) bei einer Verkehrskontrolle in der Staatsstra\u00dfe das Fahrzeug eines 29 Jahre alten Autofahrers aus der S\u00fcdpfalz sichergestellt. Eine EDV-\u00dcberpr\u00fcfung ergab, dass f\u00fcr das Auto kein Versicherungsschutz mehr bestand. Bei der Durchsuchung konnte dann neben einer Schreckschusswaffe noch festgestellt werden, dass der Fahrer mit 0,89 Promille alkoholisiert gewesen ist. Wegen Versto\u00df gegen das Pflichtversicherungs- und Waffengesetz muss er sich auch wegen Trunkenheit im Stra\u00dfenverkehr verantworten. Die Ermittlungen dauern an.<\/p>\n\n\n\n<h2 class=\"wp-block-heading\">(A 65 \/ Edenkoben) &#8211; Es gibt sie noch, die ehrlichen Menschen<\/h2>\n\n\n<div class=\"wp-block-image\">\n<figure class=\"aligncenter size-full\"><img decoding=\"async\" loading=\"lazy\" width=\"800\" height=\"533\" src=\"https:\/\/speyer24news.com\/wp-content\/uploads\/2023\/06\/Kleeblatt-Glueck.jpg\" alt=\"\" class=\"wp-image-52491\" srcset=\"https:\/\/speyer24news.com\/wp-content\/uploads\/2023\/06\/Kleeblatt-Glueck.jpg 800w, https:\/\/speyer24news.com\/wp-content\/uploads\/2023\/06\/Kleeblatt-Glueck-300x200.jpg 300w, https:\/\/speyer24news.com\/wp-content\/uploads\/2023\/06\/Kleeblatt-Glueck-768x512.jpg 768w\" sizes=\"(max-width: 800px) 100vw, 800px\" \/><\/figure><\/div>\n\n\n<p>Ein 66 Jahre alter Mann hatte sein Portemonnaie mit 635 Euro Bargeld wie auch immer auf der A65 verloren und dank eines ehrlichen Finders wieder vollst\u00e4ndig zur\u00fcckbekommen. Bei dem Finder handelt es sich um einen Mitarbeiter der Autobahnmeisterei, der bei Stra\u00dfenarbeiten die B\u00f6rse aufgefunden und diese der Polizei \u00fcbergeben hatte. Anhand der Papiere konnte der Eigent\u00fcmer ausfindig gemacht und die B\u00f6rse ausgeh\u00e4ndigt werden. Dieser war hocherfreut.<\/p>\n\n\n\n<h2 class=\"wp-block-heading\">(Ha\u00dfloch) &#8211; Ver\u00f6ffentlichung der Kriminalstatistik<\/h2>\n\n\n\n<p>Die Kriminalit\u00e4tsstatistik f\u00fcr das Jahr 2023 f\u00fcr die PI Ha\u00dfloch ist ver\u00f6ffentlicht. Sie ist auf der Homepage der PI Ha\u00dfloch oder unter folgendem Link abrufbar:\u00a0<a href=\"https:\/\/s.rlp.de\/lTliO\" target=\"_blank\" rel=\"noreferrer noopener\">https:\/\/s.rlp.de\/lTliO<\/a><\/p>\n\n\n\n<h2 class=\"wp-block-heading\">(Hettenleidelheim) &#8211; Einbruch in Einfamilienhaus<\/h2>\n\n\n\n<p>Am Montag, 18.03.2024 in der Zeit zwischen 10:30 Uhr und 12:15 Uhr brachen bislang unbekannte T\u00e4ter in ein Einfamilienhaus in der Hauptstra\u00dfe in Hettenleidelheim ein. Der\/die T\u00e4ter verschafften sich durch Aufdr\u00fccken eines Fensters Zugang zu der Wohnung. Entwendet wurde Schmuck und Bargeld, die genaue Schadensh\u00f6he steht derzeit noch nicht fest. <\/p>\n\n\n\n<ul>\n<li><strong>Zeugen, die Hinweise zu den\/dem unbekannte\/n T\u00e4ter\/n geben k\u00f6nnen bzw. Verd\u00e4chtiges beobachtet haben, wenden sich bitte an die Polizeiinspektion Gr\u00fcnstadt (06359\/9312-0).<\/strong><\/li>\n<\/ul>\n\n\n\n<h2 class=\"wp-block-heading\">(Pr\u00e4sidialbereich\u00a0Rheinpfalz) &#8211; Ergebnisse der Kontrollwoche mit Schwerpunkt Sicherheitsgurt<\/h2>\n\n\n<div class=\"wp-block-image\">\n<figure class=\"aligncenter size-full\"><img decoding=\"async\" loading=\"lazy\" width=\"800\" height=\"572\" src=\"https:\/\/speyer24news.com\/wp-content\/uploads\/2024\/03\/Sicherheitsgurt-Gurt-Anschnallen.jpg\" alt=\"\" class=\"wp-image-58439\" srcset=\"https:\/\/speyer24news.com\/wp-content\/uploads\/2024\/03\/Sicherheitsgurt-Gurt-Anschnallen.jpg 800w, https:\/\/speyer24news.com\/wp-content\/uploads\/2024\/03\/Sicherheitsgurt-Gurt-Anschnallen-300x215.jpg 300w, https:\/\/speyer24news.com\/wp-content\/uploads\/2024\/03\/Sicherheitsgurt-Gurt-Anschnallen-768x549.jpg 768w\" sizes=\"(max-width: 800px) 100vw, 800px\" \/><\/figure><\/div>\n\n\n<p>Das Polizeipr\u00e4sidium Rheinpfalz beteiligte sich vom 11.03.2024 bis zum 17.03.2023 erneut an der europaweiten Kontrollwoche &#8222;Seatbelt&#8220;. In diesem Zeitraum wurde bei den Verkehrskontrollen ein besonderes Augenmerk auf den angelegten Sicherheitsgurt aller Fahrzeuginsassen gelegt.<\/p>\n\n\n\n<p>W\u00e4hrend der Kontrollwoche wurden insgesamt 1.250 Fahrzeuge kontrolliert. Dabei stellten die Polizeikr\u00e4fte 293 sogenannter Gurtverst\u00f6\u00dfe fest.<\/p>\n\n\n\n<p>Ziel der Kontrollen war es, die Verkehrssicherheit zu erh\u00f6hen indem Verkehrsteilnehmende f\u00fcr die Wichtigkeit des Tragens eines Sicherheitsgurtes sensibilisiert werden.<\/p>\n\n\n\n<p>Durch das Nichtanlegen des Sicherheitsgurts kommt es nach wie vor zu schwersten Verletzungen bei Verkehrsunf\u00e4llen. Das Anlegen und dar\u00fcber hinaus auch das korrekte Anlegen des Sicherheitsgurts k\u00f6nnten diese Verletzungen oftmals verhindern. Daher ist es aus polizeilicher Sicht erforderlich, intensive Pr\u00e4ventionsarbeit zu leisten und Verst\u00f6\u00dfe gegen \u00a7 21a StVO konsequent zu ahnden. Die Polizei weist ausdr\u00fccklich darauf hin: Der Gurt kann im Ernstfall Leben retten! Schnallen Sie sich bitte an, auch auf Kurzstrecken, und seien Sie ihren Kindern, Beifahrenden und Mitinsassen ein Vorbild!<\/p>\n\n\n\n<p>Die Kontrollwoche war ein Teil von Ma\u00dfnahmen des europaweiten Polizeinetzwerks ROADPOL\u00a0<a href=\"https:\/\/www.roadpol.eu\/\" target=\"_blank\" rel=\"noreferrer noopener\">www.roadpol.eu<\/a>\u00a0, dessen Ziel es ist, die Zahl der Verkehrsunfallopfer deutlich zu senken.<\/p>\n\n\n\n<h2 class=\"wp-block-heading\">(Ludwigshafen) &#8211; Mit Pfefferspray angegriffen<\/h2>\n\n\n<div class=\"wp-block-image\">\n<figure class=\"aligncenter size-full\"><img decoding=\"async\" loading=\"lazy\" width=\"800\" height=\"605\" src=\"https:\/\/speyer24news.com\/wp-content\/uploads\/2023\/10\/Pfefferspray-Spray-Reizgas.jpg\" alt=\"\" class=\"wp-image-55357\" srcset=\"https:\/\/speyer24news.com\/wp-content\/uploads\/2023\/10\/Pfefferspray-Spray-Reizgas.jpg 800w, https:\/\/speyer24news.com\/wp-content\/uploads\/2023\/10\/Pfefferspray-Spray-Reizgas-300x227.jpg 300w, https:\/\/speyer24news.com\/wp-content\/uploads\/2023\/10\/Pfefferspray-Spray-Reizgas-768x581.jpg 768w, https:\/\/speyer24news.com\/wp-content\/uploads\/2023\/10\/Pfefferspray-Spray-Reizgas-80x60.jpg 80w\" sizes=\"(max-width: 800px) 100vw, 800px\" \/><\/figure><\/div>\n\n\n<p>Eine 17-J\u00e4hrige war am Montagabend (18.03.2024, 20:53 Uhr) in der Buslinie 76 vom Berliner Platz nach Maudach unterwegs. Im Bus befanden sich auch zwei weibliche Jugendliche, die sich in Begleitung eines Erwachsenen befanden. An der Haltestelle &#8222;Ortsmitte&#8220; stieg die 17-J\u00e4hrige aus und wurde von einer der weiblichen Jugendlichen mit einem Pfefferspray attackiert. Die 17-J\u00e4hrige wurde hierbei leicht verletzt. Der T\u00e4terin gelang die Flucht. <\/p>\n\n\n\n<ul>\n<li><strong>Wer hat den Vorfall beobachtet und kann Hinweise geben? Hinweise bitte an die Polizeiinspektion Ludwigshafen 1, Telefonnummer 0621 963-2122 oder per E-Mail\u00a0<a href=\"mailto:%20piludwigshafen1@polizei.rlp.de\">piludwigshafen1@polizei.rlp.de<\/a>\u00a0.<\/strong><\/li>\n<\/ul>\n\n\n\n<h2 class=\"wp-block-heading\">(Ludwigshafen) &#8211; Fu\u00dfg\u00e4nger angefahren<\/h2>\n\n\n\n<p>Ein 25-J\u00e4hriger \u00fcberquerte am Montagnachmittag (18.03.2024, 16:15 Uhr) einen Fu\u00dfg\u00e4nger\u00fcberweg in der Heinigstra\u00dfe, als er von einer 67-j\u00e4hrigen Autofahrerin angefahren wurde. Durch die Kollision prallte der 26-J\u00e4hrige auf die Windschutzscheibes des Fahrzeugs. Der junge Mann musste anschlie\u00dfend in einem Krankenhaus medizinisch versorgt werden. Am Auto entstand ein Sachschaden von etwa 8.000 Euro.<\/p>\n\n\n\n<h2 class=\"wp-block-heading\">(Ludwigshafen) &#8211; Einbruch in Wohnung<\/h2>\n\n\n\n<p>Unbekannte brachen am Montag (18.03.2024), zwischen 9:45 Uhr und 14:30 Uhr in eine Wohnung in der Mundenheimer Stra\u00dfe ein. Aus der Wohnung wurde Schmuck entwendet. Der Gesamtschaden wird derzeit auf circa 3.000 Euro gesch\u00e4tzt. <\/p>\n\n\n\n<ul>\n<li><strong>Wer hat die Tat beobachtet? Hinweise nimmt die Kriminalpolizei Ludwigshafen unter der Telefonnummer 0621 963-2773 oder per E-Mail\u00a0<a href=\"mailto:%20kiludwigshafen.k1.kdd@polizei.rlp.de\">kiludwigshafen.k1.kdd@polizei.rlp.de<\/a>\u00a0entgegen.<\/strong><\/li>\n<\/ul>\n\n\n\n<h2 class=\"wp-block-heading\">(Ludwigshafen) &#8211; Mit Bus kollidiert<\/h2>\n\n\n\n<p>Ein 38-j\u00e4hriger Autofahrer \u00fcbersah am Montagmorgen (18.03.2024, 5:30 Uhr) beim Spurwechsel auf der Bruchwiesenstra\u00dfe einen neben ihm fahrenden Bus. Hierbei kollidierten beide Fahrzeuge. Durch den Unfall entstand ein Sachschaden in H\u00f6he von 5.000 Euro. Bei dem Unfall wurden keine Fahrg\u00e4ste im Bus verletzt.<\/p>\n\n\n\n<h2 class=\"wp-block-heading\">(Ludwigshafen) &#8211; Einbruch in Kleingartenanlage<\/h2>\n\n\n\n<p>Unbekannte brachen in dem Zeitraum vom 17.03.2024 bis 18.03.2024 in eine Kleingartenanlage im Ostring ein. Insgesamt wurden drei Gartenparzellen aufgebrochen. Aus den Parzellen wurden Lebensmittel entwendet. Der Sachschaden durch den Aufbruch der Parzellen bel\u00e4uft sich auf etwa 2.600 Euro. <\/p>\n\n\n\n<ul>\n<li><strong>Hinweise bitte an die Polizeiinspektion Ludwigshafen 2, Telefonnummer 0621 963-2222 oder per E-Mail\u00a0<a href=\"mailto:%20piludwigshafen2@polizei.rlp.de\">piludwigshafen2@polizei.rlp.de<\/a>\u00a0.<\/strong><\/li>\n<\/ul>\n\n\n\n<h2 class=\"wp-block-heading\">(Ludwigshafen) &#8211; Einbruchsdiebstahl in Kellerabteil<\/h2>\n\n\n\n<p>Im Zeitraum vom 15.03.2024 bis 18.03.2024 brachen unbekannte T\u00e4ter in ein Kellerabteil in der Bertold-Brecht-Stra\u00dfe in Ludwigshafen ein. Hierbei betraten die T\u00e4ter eine offene Kellerparzelle und hebelten die Holzstreben des benachbarten Kellerabteils auf. Entwendet wurden Gegenst\u00e4nde im Wert von insgesamt etwa 150 Euro. Hinweise auf einen T\u00e4ter bestehen bislang keine. <\/p>\n\n\n\n<ul>\n<li><strong>Darum bittet die Polizei um ihre Mithilfe. Haben Sie etwas gesehen, wie etwa Personen mit Hebelwerkzeug? Hinweise werden an die Polizeiwache Oggersheim unter Tel. 0621 963 &#8211; 2403 oder per E-Mail\u00a0<a href=\"mailto:%20pwoggersheim@polizei.rlp.de\">pwoggersheim@polizei.rlp.de<\/a>\u00a0erbeten.<\/strong><\/li>\n<\/ul>\n\n\n\n<h2 class=\"wp-block-heading\">(Ludwigshafen) &#8211; Rennrad entwendet<\/h2>\n\n\n\n<p>Unbekannte entwendeten in dem Zeitraum vom 15.03.2024 bis 17.03.2024 ein rotes Rennrad. Es stand im Tatzeitraum unverschlossen auf einem Grundst\u00fcck im Ostring. Das Rennrad hatte noch einen Restwert von circa 400 Euro. <\/p>\n\n\n\n<ul>\n<li><strong>Hinweise bitte an die Polizeiinspektion Ludwigshafen 2, Telefonnummer 0621 963-2222 oder per E-Mail\u00a0<a href=\"mailto:%20piludwigshafen2@polizei.rlp.de\">piludwigshafen2@polizei.rlp.de<\/a>\u00a0.<\/strong><\/li>\n<\/ul>\n\n\n\n<h2 class=\"wp-block-heading\">(Ludwigshafen) &#8211; 16-J\u00e4hrige vermisst<\/h2>\n\n\n<div class=\"wp-block-image\">\n<figure class=\"aligncenter size-full\"><img decoding=\"async\" loading=\"lazy\" width=\"600\" height=\"569\" src=\"https:\/\/speyer24news.com\/wp-content\/uploads\/2024\/03\/Vermisste_1.jpg\" alt=\"\" class=\"wp-image-58841\" srcset=\"https:\/\/speyer24news.com\/wp-content\/uploads\/2024\/03\/Vermisste_1.jpg 600w, https:\/\/speyer24news.com\/wp-content\/uploads\/2024\/03\/Vermisste_1-300x285.jpg 300w\" sizes=\"(max-width: 600px) 100vw, 600px\" \/><\/figure><\/div>\n\n\n<p>Seit Freitag, 15.03.2024, wird eine in Ludwigshafen wohnende 16-J\u00e4hrige vermisst. Sie verlie\u00df am Freitag gegen 09:10 Uhr die elterliche Wohnung, wo sie zuletzt gesehen wurde. Seitdem ist ihr Aufenthaltsort unbekannt. Durch die bisherigen polizeilichen Ma\u00dfnahmen konnte die Vermisste bislang nicht aufgefunden werden. Auch wenn uns keine Hinweise auf eine konkrete Gefahr vorliegen, gelten f\u00fcr vermisste Jugendliche besonders strenge Regeln, weshalb wir die \u00d6ffentlichkeit um Mithilfe bitten.<\/p>\n\n\n\n<h4 class=\"wp-block-heading\">Beschreibung der 16-J\u00e4hrigen:<\/h4>\n\n\n\n<ul>\n<li><strong>etwa 1,60m gro\u00df<\/strong><\/li>\n\n\n\n<li><strong>lange, schwarze, lange Haare<\/strong><\/li>\n\n\n\n<li><strong>schlanke Statur <\/strong><\/li>\n\n\n\n<li><strong>Bekleidung: Schwarze Sportschuhe, schwarze Jeans, schwarze Bomberjacke<\/strong><\/li>\n<\/ul>\n\n\n\n<ul>\n<li><strong>Zeugen, die Hinweise auf den Aufenthalt der Vermissten geben k\u00f6nnen, werden gebeten, sich unter der Telefonnummer 0621 9632222 an die Polizeiinspektion Ludwigshafen 2 zu wenden. Wenn Sie den Vermissten sehen, behalten Sie diesen bitte im Blick und verst\u00e4ndigen Sie \u00fcber den Notruf 110 die Polizei!<\/strong><\/li>\n<\/ul>\n\n\n\n<h2 class=\"wp-block-heading\">(Mannheim) &#8211; Totalschaden nach Kontrollverlust eines Autofahrers<\/h2>\n\n\n\n<p>Im Bereich des Lindenhofs verunfallte am Montagabend gegen 20 Uhr ein Autofahrer.<\/p>\n\n\n\n<p>Ein 49-j\u00e4hriger KIA-Fahrer befuhr die Speyerer Stra\u00dfe nach links in Richtung Neckarauer \u00dcbergang und verlor dabei, aus bislang noch ungekl\u00e4rter Ursache, die Kontrolle \u00fcber sein Auto, sodass der Mann mit seinem Fahrzeug die Stra\u00dfenbahnschienen in Richtung Hochschule Mannheim kreuzte und gegen eine Geb\u00e4udemauer prallte. Hierbei wurde ein Fahrradabstellb\u00fcgel sowie ein dort angeschlossenes Fahrrad mit Anh\u00e4nger stark besch\u00e4digt, sodass ein Schaden in H\u00f6he von etwa 200 Euro entstand. Das Auto war nach dem Aufprall so stark besch\u00e4digt, dass es nicht mehr fahrbereit war und abgeschleppt werden musste. Die Schadensh\u00f6he bel\u00e4uft sich dabei auf etwa 10.000 Euro. Der Fahrzeugf\u00fchrer verletzte sich bei dem Unfall gl\u00fccklicherweise nicht, wurde jedoch vorsorglich in ein nahegelegenes Krankenhaus verbracht und medizinisch betreut.<\/p>\n\n\n\n<p>Das Polizeirevier Mannheim-Neckarau hat die Ermittlungen aufgenommen. Ob m\u00f6glichweise ein medizinisches Problem die Ursache f\u00fcr den pl\u00f6tzlichen Kontrollverlust des 49-J\u00e4hrigen war, ist bislang noch nicht bekannt.<\/p>\n\n\n\n<h2 class=\"wp-block-heading\">(Mannheim) &#8211; Betrunken nach Kneipenbesuch mit dem Auto unterwegs<\/h2>\n\n\n\n<p>Am Montag meldete eine Zeugin um kurz nach 19 Uhr der Polizei, dass ein Kneipenbesucher augenscheinlich betrunken in ein Ford gestiegen und dann losgefahren sei. Einer Streife des Polizeireviers Mannheim-K\u00e4fertal gelang es, das fragliche Auto in der Malzstra\u00dfe ausfindig zu machen. Sie folgten dem Fahrzeug in die Braustra\u00dfe und konnten den 58-j\u00e4hrigen Fahrer schlie\u00dflich in der Hopfenstra\u00dfe anhalten und kontrollieren. Ein Atemtest ergab den erstaunlich hohen Wert von 2,3 Promille. Der Mann musste mit zur Polizeiwache, wo er erst eine Blutprobe und dann seinen F\u00fchrerschein abgab. Der 58-J\u00e4hrige muss nun mit einer Anzeige wegen Trunkenheit im Stra\u00dfenverkehr sowie einem l\u00e4ngeren Entzug seiner Fahrerlaubnis rechnen.<\/p>\n\n\n\n<h2 class=\"wp-block-heading\">(Mannheim) &#8211; Radfahrer missachtet Rotlicht und wird bei Unfall schwer verletzt<\/h2>\n\n\n\n<p>Ein 23-j\u00e4hriger Radfahrer befuhr am Montag gegen 17.20 Uhr die Friedrich-Ebert-Stra\u00dfe in Richtung Mannheim-Innenstadt und missachtete hierbei das f\u00fcr ihn geltende Rotlicht. So kam es zu einer Kollision mit einem Rettungswagen, welcher nach rechts auf die Friedrich-Ebert-Stra\u00dfe in Fahrtrichtung Weinheim abbog. Der Radfahrer wurde hierbei schwer verletzt und in ein Krankenhaus gebracht. An dem Rettungswagen entstand ein Sachschaden in H\u00f6he von ungef\u00e4hr 5.000 Euro.<\/p>\n\n\n\n<h2 class=\"wp-block-heading\">(B 36 \/ Mannheim-Rheinau) &#8211; Jugendliche werfen Farbbeutel von Br\u00fccke \/ Polizei sucht Zeugen<\/h2>\n\n\n<div class=\"wp-block-image\">\n<figure class=\"aligncenter size-full\"><img decoding=\"async\" loading=\"lazy\" width=\"800\" height=\"592\" src=\"https:\/\/speyer24news.com\/wp-content\/uploads\/2023\/02\/Achtung.jpeg\" alt=\"\" class=\"wp-image-51381\" srcset=\"https:\/\/speyer24news.com\/wp-content\/uploads\/2023\/02\/Achtung.jpeg 800w, https:\/\/speyer24news.com\/wp-content\/uploads\/2023\/02\/Achtung-300x222.jpeg 300w, https:\/\/speyer24news.com\/wp-content\/uploads\/2023\/02\/Achtung-768x568.jpeg 768w, https:\/\/speyer24news.com\/wp-content\/uploads\/2023\/02\/Achtung-80x60.jpeg 80w\" sizes=\"(max-width: 800px) 100vw, 800px\" \/><\/figure><\/div>\n\n\n<p>Am Montag befuhr eine 23-J\u00e4hrige gegen 13:35 Uhr mit ihrem Auto die B 36 in Fahrtrichtung Neckarau. Als sie auf H\u00f6he der Abfahrt Rheinau angekommen war, wurde ihr Auto von einer Br\u00fccke mit Farbbeuteln beworfen, wodurch ihre Sicht stark eingeschr\u00e4nkt wurde, da unter anderem ihre Windschutzscheibe getroffen wurde. Gl\u00fccklicherweise konnte die Frau die Kontrolle \u00fcber ihr Fahrzeug behalten, sodass niemand verletzt wurde.<\/p>\n\n\n\n<ul>\n<li><strong>Zeugen und weitere Gesch\u00e4digt werden gebeten sich beim Polizeirevier Mannheim-Neckarau, unter der Telefonnummer 0621-833970, zu melden.<\/strong><\/li>\n<\/ul>\n\n\n\n<h2 class=\"wp-block-heading\">(Mannheim) &#8211; Reifenplatzer f\u00fchrt zum Unfall<\/h2>\n\n\n\n<p>Aufgrund eines geplatzten Reifens verursachte eine 59-J\u00e4hrige am Montag gegen 10.35 Uhr einen Unfall mit ca. 15.000 Euro Sachschaden. Sie befuhr mit ihrem BMW die Waldhofstra\u00dfe, als ihr ein Vorderreifen platzte und die Airbags ausl\u00f6sten. Anschlie\u00dfend kam die BMW-Fahrerin nach rechts von der Fahrbahn ab und kollidierte mit einem dort geparkten VW sowie der Schutzvorrichtung f\u00fcr einen dort gepflanzten Baum. Der BMW war nicht mehr fahrbereit und musste abgeschleppt werden. Die 59-J\u00e4hrige verletzt sich bei dem Unfall leicht, musste jedoch vorerst nicht medizinisch versorgt werden. Sie konnte nach der Unfallaufnahme nach Hause gehen, um sich dort von dem Schock zu erholen.<\/p>\n\n\n\n<h2 class=\"wp-block-heading\">(Mannheim) &#8211; Unbekannte versuchen LKW zu stehlen<\/h2>\n\n\n\n<p>Eine unbekannte T\u00e4terschaft stach das T\u00fcrschloss einer in der Mundenheimer Stra\u00dfe abgestellten Zugmaschine auf. Anschlie\u00dfend schloss sie die Z\u00fcndung kurz und fuhr zu einem auf der gegen\u00fcberliegenden Stra\u00dfenseite geparkten Auflieger. Allerdings gelang es der T\u00e4terschaft nicht, den Anh\u00e4nger mit der Zugmaschine zu verbinden und gab schlie\u00dflich ihr Tun auf. Allerdings stahl sie noch den Fahrtenschreiber, bevor sie den Tatort endg\u00fcltig verlie\u00df. Das Kriminalkommissariat Mannheim \u00fcbernahm die weiteren Ermittlungen.<\/p>\n\n\n\n<ul>\n<li><strong>Zeugen, die sachdienliche Hinweise geben k\u00f6nnen, werden gebeten, sich beim kriminalpolizeilichen Hinweistelefon unter der Telefonnummer 0621\/174-4444 zu melden.<\/strong><\/li>\n<\/ul>\n\n\n\n<h2 class=\"wp-block-heading\">(Mannheim) &#8211; Hoher Sachschaden durch Aufbruch eines Snackautomaten \/ Zeugen gesucht!<\/h2>\n\n\n\n<p>Im Tatzeitraum zwischen 16 Uhr am Freitag und 09 Uhr am Montag wurde durch eine bislang noch unbekannte T\u00e4terschaft ein am Gehwegrand befindlicher Snackautomat in der Eisenstra\u00dfe im Stadtteil Luzenberg aufgebrochen.<\/p>\n\n\n\n<p>Ersten Ermittlungen zu Folge wurde die T\u00fcr des Snackautomaten mit einem unbekannten Gegenstand aufgehebelt und daraus nahezu alle Lebens- und Verbrauchsmittel gestohlen.<\/p>\n\n\n\n<p>Zudem versuchte die unbekannte T\u00e4terschaft an die Geldkassette zu gelangen, die jedoch durch eine weitere T\u00fcr gesch\u00fctzt ist. Dieser Versuch blieb erfolglos, sodass kein Bargeld entwendet werden konnte. Dennoch entstand an dem Automaten ein Schaden in H\u00f6he von etwa 4.000 Euro. Die Schadensh\u00f6he des entwendeten Diebesguts kann aktuell noch nicht beziffert werden.<\/p>\n\n\n\n<ul>\n<li><strong>Die Polizei Mannheim-Neckarstadt hat die Ermittlungen aufgenommen und bittet um Mitteilung, wenn Zeugen sachdienliche Hinweise zu dem Sachverhalt machen k\u00f6nnen. Diese werden gebeten, sich beim Polizeirevier Mannheim-Neckarstadt unter der Telefonnummer 0621 3301-0 zu melden.<\/strong><\/li>\n<\/ul>\n\n\n\n<h2 class=\"wp-block-heading\">(Mannheim) &#8211; Einbrecher in Sch\u00f6nau unterwegs<\/h2>\n\n\n\n<p>Zu einem nicht n\u00e4her bestimmbaren Zeitpunkt zwischen Freitagabend und Montagfr\u00fch brach eine unbekannte T\u00e4terschaft in ein Haus in der Stra\u00dfe &#8222;Danziger Baumgang&#8220; ein. Nach ersten Erkenntnissen verschaffte sich die T\u00e4terschaft \u00fcber die von der Stra\u00dfe abgewandte Hintert\u00fcr Zutritt in das Haus. In den R\u00e4umlichkeiten des Erdgeschosses manipulierte die T\u00e4terschaft einen Bewegungsmelder und die installierte \u00dcberwachungstechnik. In einem Zimmer wurden mehrere Schubladen durchsucht. Was genau entwendet wurde, ist bislang unklar. Der Polizeiposten Mannheim-Sch\u00f6nau \u00fcbernahm die weiteren Ermittlungen<\/p>\n\n\n\n<h2 class=\"wp-block-heading\">(Mannheim) &#8211; 51-j\u00e4hriger Mann wegen des Verdachts des Wohnungseinbruchdiebstahls festgenommen<\/h2>\n\n\n\n<h3 class=\"wp-block-heading\">Gemeinsame Presseerkl\u00e4rung der Staatsanwaltschaft Mannheim und des Polizeipr\u00e4sidiums Mannheim<\/h3>\n\n\n<div class=\"wp-block-image\">\n<figure class=\"aligncenter size-full\"><img decoding=\"async\" loading=\"lazy\" width=\"800\" height=\"600\" src=\"https:\/\/speyer24news.com\/wp-content\/uploads\/2019\/06\/Ausn\u00fcchterungszelle.jpg\" alt=\"\" class=\"wp-image-15212\" srcset=\"https:\/\/speyer24news.com\/wp-content\/uploads\/2019\/06\/Ausn\u00fcchterungszelle.jpg 800w, https:\/\/speyer24news.com\/wp-content\/uploads\/2019\/06\/Ausn\u00fcchterungszelle-300x225.jpg 300w, https:\/\/speyer24news.com\/wp-content\/uploads\/2019\/06\/Ausn\u00fcchterungszelle-768x576.jpg 768w, https:\/\/speyer24news.com\/wp-content\/uploads\/2019\/06\/Ausn\u00fcchterungszelle-678x509.jpg 678w, https:\/\/speyer24news.com\/wp-content\/uploads\/2019\/06\/Ausn\u00fcchterungszelle-326x245.jpg 326w, https:\/\/speyer24news.com\/wp-content\/uploads\/2019\/06\/Ausn\u00fcchterungszelle-80x60.jpg 80w\" sizes=\"(max-width: 800px) 100vw, 800px\" \/><figcaption class=\"wp-element-caption\">Beispielbild Zelle \/ Verhaftung, dient lediglich der Visualisierung<\/figcaption><\/figure><\/div>\n\n\n<p>Ein 51-j\u00e4hriger Tatverd\u00e4chtiger soll am Freitag, den 15.03.2024 gegen 1:15 Uhr im Mannheimer Quadrat I 7 erst in ein Mehrfamilienhaus und anschlie\u00dfend in eine dortige Wohnung im Erdgeschoss eingebrochen sein. Zum Tatzeitpunkt wurden an dem Geb\u00e4ude Renovierungsarbeiten durchgef\u00fchrt, sodass ein Styroporblock vor\u00fcbergehend in der Eingangst\u00fcr verbaut wurde. Der 51-J\u00e4hrige soll diesen zers\u00e4gt und sich so unbefugt Zutritt zum Geb\u00e4udeinneren verschafft haben.<\/p>\n\n\n\n<p>Anschlie\u00dfend soll er sich zu der Wohnungst\u00fcr einer 34-J\u00e4hrigen und deren Partner begeben und diese mittels eines unbekannten Gegenstands ge\u00f6ffnet haben. Im Inneren soll er eine Umh\u00e4ngetasche an sich genommen haben und beim Betreten des Schlafzimmers durch die 34-j\u00e4hrige Wohnungsinhaberin \u00fcberrascht worden sein, die zuvor durch die ungew\u00f6hnlichen Ger\u00e4usche wach wurde. Der 51-J\u00e4hrige habe anschlie\u00dfend umgehend die Flucht ergriffen und lie\u00df die zuvor an sich genommene Umh\u00e4ngetasche im Flur des Mehrfamilienhauses zur\u00fcck. Die alarmierten Polizeibeamten der Polizeihundef\u00fchrerstaffel konnten den 51-J\u00e4hrigen im Nahbereich feststellen und widerstandslos festnehmen.<\/p>\n\n\n\n<p>Der Tatverd\u00e4chtige wurde am 15.03.2024 dem Haftrichter des Amtsgericht Mannheim vorgef\u00fchrt. Dieser erlie\u00df den von der Staatsanwaltschaft Mannheim beantragten Haftbefehl und setzte ihn in Vollzug. Der Tatverd\u00e4chtige wurde anschlie\u00dfend in eine Justizvollzugsanstalt verbracht.<\/p>\n\n\n\n<p>Die weiteren Ermittlungen der Kriminalpolizei des Polizeipr\u00e4sidiums Mannheim und der Staatsanwaltschaft Mannheim, insbesondere auch zu der Frage, ob dem 51-J\u00e4hrigen noch weitere Einbr\u00fcche zugeordnet werden k\u00f6nnen, dauern an.<\/p>\n\n\n\n<h2 class=\"wp-block-heading\">(Mannheim) &#8211; Betrugsmasche Anlagebetrug verursacht hohe Schadenssummen<\/h2>\n\n\n<div class=\"wp-block-image\">\n<figure class=\"aligncenter size-full\"><img decoding=\"async\" loading=\"lazy\" width=\"640\" height=\"427\" src=\"https:\/\/speyer24news.com\/wp-content\/uploads\/2021\/03\/Cybercrime.jpg\" alt=\"\" class=\"wp-image-33792\" srcset=\"https:\/\/speyer24news.com\/wp-content\/uploads\/2021\/03\/Cybercrime.jpg 640w, https:\/\/speyer24news.com\/wp-content\/uploads\/2021\/03\/Cybercrime-300x200.jpg 300w\" sizes=\"(max-width: 640px) 100vw, 640px\" \/><\/figure><\/div>\n\n\n<p>Einer neuen Betrugsmasche fielen in Mannheim gleich zwei Personen zum Opfer, die durch den Betrug hohe Verm\u00f6genssch\u00e4den erlitten.<\/p>\n\n\n\n<p>Eine 33-J\u00e4hrige lernte \u00fcber eine Dating App einen bislang unbekannten T\u00e4ter kennen, mit dem sie sich \u00fcber Verm\u00f6gensaufbau und Trading unterhielt. In vermeintlich guter Absicht gab dieser der 33-J\u00e4hrigen Tipps, wie sie investieren soll. Am Ende bemerkte die 33-J\u00e4hrige die Betrugsmasche und stellte fest, dass ihr ein Verm\u00f6gensschaden in H\u00f6he eines mittleren f\u00fcnfstelligen Betrages entstanden war.<\/p>\n\n\n\n<p>Ebenfalls ein hoher Verm\u00f6gensschaden in H\u00f6he eines mittleren f\u00fcnfstelligen Betrages entstand einer 62-J\u00e4hrigen, die auf eine bislang unbekannte T\u00e4terschaft reinfiel, die vorgab, beim Verm\u00f6gensaufbau helfen zu wollen. Diese versprachen Gewinne \u00fcber eine Geldanlage mit Bitcoins und k\u00fcnstlicher Intelligenz. Hierf\u00fcr \u00fcberwies die 62-J\u00e4hrige einem vermeintlichen Unternehmen \u00fcber Monate hinweg diverse &#8218;Geb\u00fchren&#8216; in der Hoffnung, so eine hohe Gewinnaussch\u00fcttung zu erhalten. Nachdem sie diese nicht erhielt, fiel der Betrug auf und sie erstattete Anzeige bei der Polizei.<\/p>\n\n\n\n<p>Die weiteren Ermittlungen hat die Kriminalpolizei des Polizeipr\u00e4sidiums Mannheim \u00fcbernommen.<\/p>\n\n\n\n<h4 class=\"wp-block-heading\"><em>Wie sie sich vor dieser und anderen Betrugsmaschen sch\u00fctzen k\u00f6nnen, erfahren sie hier:\u00a0<a href=\"https:\/\/www.polizei-beratung.de\/themen-und-tipps\/betrug\/kredit-und-anlagebetrug\/\" target=\"_blank\" rel=\"noreferrer noopener\">https:\/\/www.polizei-beratung.de\/themen-und-tipps\/betrug\/kredit-und-anlagebetrug\/<\/a><\/em><\/h4>\n\n\n\n<h2 class=\"wp-block-heading\">(Heidelberg) &#8211; Senior beklebt Ampelmasten<\/h2>\n\n\n\n<p>Am Montag beobachtete eine Streife des Polizeireviers Heidelberg-Mitte einen 69-j\u00e4hrigen Mann, der um kurz nach 19:30 Uhr an einem Ampelmast am Adenauerplatz Aufkleber anbrachte. Als ein Polizeibeamter den Mann auf sein Tun ansprach, erl\u00e4uterte dieser, dass er die Kleber mit politischem Inhalt als Zeichen seiner Meinungsfreiheit anbringen w\u00fcrde. Zudem w\u00fcrden das ja alle tun. Die Streife machte den Mann darauf aufmerksam, dass dies mitnichten der Fall ist und das Verschandeln von Verkehrszeichen gem\u00e4\u00df der Polizeiverordnung der Stadt Heidelberg nicht erlaubt ist. Der 69-J\u00e4hrige wurde angewiesen, die fraglichen Aufkleber zu entfernen. Er muss nun mit einer Anzeige rechnen.<\/p>\n\n\n\n<h2 class=\"wp-block-heading\">(Heidelberg) &#8211; Autofahrerin missachtet Vorfahrt und kollidiert mit Radfahrer<\/h2>\n\n\n\n<p>Ein 24-j\u00e4hriger Radfahrer befuhr am Montag die &#8218;Alte Eppelheimer Stra\u00dfe&#8216;, als er auf H\u00f6he der Kirchstra\u00dfe von einer 22-j\u00e4hrigen Skoda-Fahrerin die Vorfahrt genommen bekam. Diese befuhr ebenfalls die &#8218;Alte Eppelheimer Stra\u00dfe&#8216; und missachtete bei ihrem Abbiegevorgang in die Kirchstra\u00dfe die Vorfahrt des 24-j\u00e4hrigen Radfahrers. Bei der Kollision verletzte sich der Radfahrer und wurde in ein Krankenhaus gebracht. An dem Skoda entstand Sachschaden in vierstelliger H\u00f6he. Aufgrund der Besch\u00e4digung der Frontscheibe musste dieser abgeschleppt werden. Die Ermittlungen hat der Verkehrsdienst Heidelberg \u00fcbernommen.<\/p>\n\n\n\n<h2 class=\"wp-block-heading\">(Heidelberg) &#8211; 29-j\u00e4hriger Mann wegen Verdachts der Stra\u00dfenverkehrsgef\u00e4hrdung in Untersuchungshaft<\/h2>\n\n\n\n<h3 class=\"wp-block-heading\">Gemeinsame Presseerkl\u00e4rung der Staatsanwaltschaft Heidelberg und des Polizeipr\u00e4sidiums Mannheim<\/h3>\n\n\n<div class=\"wp-block-image\">\n<figure class=\"aligncenter size-full\"><img decoding=\"async\" loading=\"lazy\" width=\"800\" height=\"533\" src=\"https:\/\/speyer24news.com\/wp-content\/uploads\/2020\/06\/Zelle.jpg\" alt=\"\" class=\"wp-image-28203\" srcset=\"https:\/\/speyer24news.com\/wp-content\/uploads\/2020\/06\/Zelle.jpg 800w, https:\/\/speyer24news.com\/wp-content\/uploads\/2020\/06\/Zelle-300x200.jpg 300w, https:\/\/speyer24news.com\/wp-content\/uploads\/2020\/06\/Zelle-768x512.jpg 768w\" sizes=\"(max-width: 800px) 100vw, 800px\" \/><figcaption class=\"wp-element-caption\">Beispielbild Zelle \/ Verhaftung, dient lediglich der Visualisierung<\/figcaption><\/figure><\/div>\n\n\n<p>Der 29-j\u00e4hrige Tatverd\u00e4chtige soll am Sonntagmorgen gegen 00:37 Uhr in Heidelberg mit einem Pkw der Marke Audi mit deutlich \u00fcberh\u00f6hter Geschwindigkeit auf der Hauptstra\u00dfe (Fu\u00dfg\u00e4ngerzone) vom Bismarckplatz in Richtung der Heiliggeistkirche gefahren sein, obwohl er alkoholbedingt nicht in der Lage war, sein Fahrzeug sicher zu f\u00fchren. Nachdem der Tatverd\u00e4chtige den Audi durch eine Vollbremsung vor der Polleranlage in Richtung Karlsplatz zum Stehen gebracht und das Fahrzeug gewendet haben soll, soll er das Fahrzeug erneut beschleunigt haben und auf der Hauptstra\u00dfe in Richtung Bismarckplatz gefahren sein. Hierbei soll er in der Spitze bis zu 70 km\/h erreicht haben.<\/p>\n\n\n\n<p>Zur Tatzeit befanden sich einige Besucher in der Altstadt, die durch die Fahrt des Beschuldigten gef\u00e4hrdet wurden. Hierbei ist es nur dem Zufall zu verdanken, dass sich mehrere Personen durch einen Sprung zur Seite vor einem Zusammensto\u00df retten konnten. Eine Person konnte nicht rechtzeitig ausweichen und erlitt leichte Verletzungen an einem Bein.<\/p>\n\n\n\n<p>Der 29-J\u00e4hrige soll den Unfall zwar bemerkt, aber seine Fahrt unbehelligt in Richtung Universit\u00e4tsplatz fortgef\u00fchrt haben. Auf H\u00f6he des Clubs 1900 mussten weitere Personen zur Seite springen, um eine Kollision mit dem Audi zu vermeiden. Auch hier wurde eine Person leicht an einer Hand verletzt, die mit dem Au\u00dfenspiegel des Audis kollidierte.<\/p>\n\n\n\n<p>Anschlie\u00dfend soll sich der Tatverd\u00e4chtige mit seinem Fahrzeug auf die BAB 5 in Fahrtrichtung Frankfurt begeben haben, wo er durch eine Besatzung eines Streifenwagens gegen 00:58 Uhr auf H\u00f6he des Parkplatzes Wachenburg festgestellt werden konnte. Als die Beamten zu dem Fahrzeug auf H\u00f6he der Anschlussstelle Hemsbach aufgeschlossen hatten, stellten sie beim Fahrverhalten des 29-J\u00e4hrigen zum Teil starke Schlangenlinien und eine Geschwindigkeit von bis zu 180 km\/h bei erlaubten 80 km\/h fest. Die Beamten forderten den 29-J\u00e4hrigen zum Anhalten auf. Dem kam er nach und lie\u00df sich im Anschluss widerstandslos vorl\u00e4ufig festnehmen. Eine sp\u00e4ter durchgef\u00fchrte Blutprobe bei dem 29-J\u00e4hrigen zeigte, dass dieser eine Blutalkoholkonzentration von 1,22 Promille aufwies.<\/p>\n\n\n\n<p>Der Audi-Fahrer wurde am 18.03.2024 der Haftrichterin des Amtsgerichts Heidelberg vorgef\u00fchrt. Diese erlie\u00df auf Antrag der Staatsanwaltschaft Heidelberg Haftbefehl wegen Fluchtgefahr gegen den Beschuldigten und setzte den Haftbefehl in Vollzug. Der Tatverd\u00e4chtige wurde im Anschluss in eine Justizvollzugsanstalt eingeliefert.<\/p>\n\n\n\n<p>Die Ermittlungen der Staatsanwaltschaft Heidelberg und des Verkehrsdienstes Heidelberg des Polizeipr\u00e4sidiums Mannheim dauern an.<\/p>\n\n\n\n<ul>\n<li><strong>Zeugen und weitere Gesch\u00e4digte werden gebeten, sich bei beim Verkehrsdienst Heidelberg des Polizeipr\u00e4sidiums Mannheim unter: 06221-174 4111 zu melden.<\/strong><\/li>\n<\/ul>\n\n\n\n<h4 class=\"wp-block-heading\">Bilder oder Videoaufnahmen zum Sachverhalt k\u00f6nnen zudem im Hinweisportal der Polizei unter nachfolgendem Link hochgeladen werden:\u00a0<a href=\"https:\/\/bw.hinweisportal.de\/\" target=\"_blank\" rel=\"noreferrer noopener\">https:\/\/bw.hinweisportal.de\/<\/a><\/h4>\n\n\n\n<h2 class=\"wp-block-heading\">(Schwetzingen \/ Rhein-Neckar-Kreis) &#8211; Mann unter Alkoholeinfluss unterwegs<\/h2>\n\n\n\n<p>Am Montag gegen 12:30 Uhr wurde der Polizei durch einen Zeugen ein Autofahrer mit einer sehr auff\u00e4lligen Fahrweise gemeldet, welcher unter anderem eine Leitplanke touchiert hatte. In der Grenzh\u00f6fer Stra\u00dfe konnte der 56-j\u00e4hrige KIA-Fahrer durch eine hinzugerufene Streife einer Verkehrskontrolle unterzogen werden. W\u00e4hrend der Kontrolle verdichteten sich die Hinweise, dass der Mann vor Fahrtantritt Alkohol konsumiert hatte. Nachdem der Mann einen Atemalkoholtest ablehnte, wurde er f\u00fcr eine Blutentnahme auf das n\u00e4chstgelegene Polizeirevier verbracht. Sein F\u00fchrerschein wurde beschlagnahmt und seine Fahrzeugschl\u00fcssel vorerst einbehalten. Nach Abschluss aller polizeilichen Ma\u00dfnahmen durfte der Mann nach Hause gehen. Ihn erwartet eine Anzeige wegen Trunkenheit im Stra\u00dfenverkehr.<\/p>\n\n\n\n<h2 class=\"wp-block-heading\">(Schwetzingen \/ Rhein-Neckar-Kreis) &#8211; Unbekannte entwenden Zaunpfosten \/ Zeugen gesucht<\/h2>\n\n\n\n<p>Eine bislang unbekannte T\u00e4terschaft entwendete im Zeitraum zwischen Samstag, 09.03.2024, und Samstag, 16.03.2024, von einem Vereinsgel\u00e4nde in der Hockenheimer Landstra\u00dfe f\u00fcnfzehn neue Pfosten, welche f\u00fcr einen Zaunbau vorgesehen waren. Der Diebstahlschaden betr\u00e4gt rund 300 Euro, der entstandene Sachschaden ebenfalls, sodass sich der Gesamtschaden auf circa 600 Euro bel\u00e4uft.<\/p>\n\n\n\n<ul>\n<li><strong>Zeugen, die sachdienliche Hinweise geben k\u00f6nnen oder verd\u00e4chtige Wahrnehmungen gemacht haben, werden gebeten sich beim Polizeirevier Schwetzingen, unter der Telefonnummer 06202-288-0, zu melden.<\/strong><\/li>\n<\/ul>\n\n\n\n<h2 class=\"wp-block-heading\">(A 6 \/ Hockenheim \/ Rhein-Neckar-Kreis) &#8211; Auto gemietet und ohne F\u00fchrerschein sowie unter Einfluss von Drogen gefahren<\/h2>\n\n\n\n<p>Eine 39-J\u00e4hrige fuhr am Montag gegen 07:30 Uhr mit einem VW auf der BAB 6 vom Autobahndreieck Hockenheim in Richtung Autobahnkreuz Walldorf. Polizeibeamte stellten bei einer Verkehrskontrolle auf dem Tank- und Rastparkplatz Hockenheim-West fest, dass die Fahrzeugf\u00fchrerin des VW ein Mietfahrzeug f\u00fchrte, ohne im Besitz der notwendigen Fahrerlaubnis zu sein.<\/p>\n\n\n\n<p>In der mitgef\u00fchrten Handtasche versteckte die Frau neun Kunststoffr\u00f6hrchen gef\u00fcllt mit einer wei\u00dfen Substanz. Hierbei handelt es sich ersten Ermittlungen zu Folge um insgesamt etwa 5 Gramm Kokain. Ein durchgef\u00fchrter Atemalkoholtest und Urintest ergaben au\u00dferdem, dass die Frau leicht alkoholisiert unter dem Einfluss von Kokain das Fahrzeug f\u00fchrte.<\/p>\n\n\n\n<p>Im Zusammenhang mit den weiteren Ermittlungen durch den Verkehrsdienst Heidelberg, wurden die R\u00f6hrchen beschlagnahmt und eine Blutprobe von der Autofahrerin entnommen. Au\u00dferdem wurde ihr die Weiterfahrt untersagt.<\/p>\n\n\n\n<h2 class=\"wp-block-heading\">(L 594 \/ Wiesloch \/ Rhein-Neckar-Kreis) &#8211; 2 Personen m\u00fcssen nach Frontalzusammensto\u00df ins Krankenhaus<\/h2>\n\n\n\n<p>Am Dienstag kam es um kurz nach 6 Uhr zu einem Frontalzusammensto\u00df auf der L 594 zwischen der Wieslocher S\u00fcdtangente und Frauenweiler. Ein VW, der in Richtung Frauenweiler unterwegs war, bog von der L 594 nach links in das Malschenberger G\u00e4ssle ab. Dabei kollidierte das Fahrzeug mit einem BMW, der in Richtung Wiesloch fuhr. Durch den Frontalzusammensto\u00df wurden die beiden Unfallbeteiligten verletzt und kamen in ein Krankenhaus. Die Schwere der Verletzungen ist bislang nicht bekannt. Durch die Wucht der Kollision wurde eines der Autos auf ein Drittes geschleudert. Hier blieben die Insassen gl\u00fccklicherweise unverletzt. Der VW und der BMW m\u00fcssen abgeschleppt werden. Auf Grund von ausgelaufener Betriebsstoffe muss die Fahrbahn gereinigt werden, weshalb es derzeit zu einer Vollsperrung des Streckenabschnitts der L 594 zwischen der Einm\u00fcndung des Lerchenwegs in Frauenweiler und der Auffahrt zur L 723 bei Wiesloch kommt.<\/p>\n\n\n\n<h3 class=\"wp-block-heading has-text-align-center\">Pressemeldung Nr. 2<\/h3>\n\n\n\n<p>Nach der Reinigung der Fahrbahn und der Bergung der verunfallten Fahrzeuge konnte die Strecke um 09:45 Uhr wieder freigegeben werden. Das Polizeirevier Wiesloch \u00fcbernahm die weiteren Unfallermittlungen.<\/p>\n\n\n\n<h2 class=\"wp-block-heading\">(Wiesenbach \/ Rhein-Neckar-Kreis) &#8211; Betr\u00fcger t\u00e4uschen Frau mit fingierter Textnachricht<\/h2>\n\n\n\n<p>Eine 63-J\u00e4hrige erhielt am Donnerstag, dem 14.03. eine Nachricht \u00fcber einen Messenger-Dienst auf ihr Handy. Darin stand: &#8222;Hallo Mama, ich habe eine neue Nummer, bitte schreib mir zur\u00fcck&#8220;. Die 63-J\u00e4hrige nahm an, dass es sich beim Absender um ihre Tochter handelte und schrieb zur\u00fcck. Im Laufe der darauffolgenden Konversation \u00fcber Textnachrichten behauptete die vermeintliche Tochter, dass sie ihr Konto gesperrt habe und bat die Mutter eine \u00dcberweisung f\u00fcr sie zu t\u00e4tigen. Der dringlichen Bitte um Unterst\u00fctzung kam die Mutter nach. Auch in den folgenden Tagen \u00fcberwies sie vierstellige Betr\u00e4ge auf ausl\u00e4ndische Konten um ihrer angeblichen Tochter zu helfen. Erst am Montag wurde die Frau stutzig und rief bei ihrer Tochter unter der &#8222;alten&#8220; Nummer an. Dabei stellte sich heraus, dass es sich um einen Betrug gehandelt hatte. Der Schaden betr\u00e4gt mehrere tausend Euro.<\/p>\n\n\n\n<h4 class=\"wp-block-heading\">Die Polizei r\u00e4t bei unbekannten Nummern in Messenger-Diensten:<\/h4>\n\n\n\n<ul>\n<li><strong>Rufen Sie zur Kontrolle bei der alten Handynummer an und versichern Sie sich, dass Alles seine Richtigkeit hat.<\/strong><\/li>\n\n\n\n<li><strong>Fragen Sie im Zweifel im Chat nach Dingen, die nur der echte Absender kennen kann.<\/strong><\/li>\n\n\n\n<li><strong>Sperren Sie Rufnummern von unbekannten oder unseri\u00f6sen Absendern.<\/strong><\/li>\n\n\n\n<li><strong>Werden Sie immer dann besonders misstrauisch, wenn es um Geld- oder andere Verm\u00f6gensforderungen geht.<\/strong><\/li>\n\n\n\n<li><strong>Betr\u00fcger fordern bei ihren Taten oft \u00dcberweisungen auf ausl\u00e4ndische Konten, deren IBAN folglich nicht mit DE beginnen. Pr\u00fcfen Sie Auslands\u00fcberweisungen daher immer besonders sorgf\u00e4ltig.<\/strong><\/li>\n\n\n\n<li><strong>Lassen Sie sich nicht zur Eile oder sofortigen \u00dcberweisungen dr\u00e4ngen.<\/strong><\/li>\n\n\n\n<li><strong>Verst\u00e4ndigen Sie im Betrugsfall umgehend Ihre Bank und die Polizei. L\u00f6schen Sie dann die Chatinhalte oder die Rufnummer nicht.<\/strong><\/li>\n<\/ul>\n\n\n\n<h2 class=\"wp-block-heading\">(Weinheim \/ Rhein-Neckar-Kreis) &#8211; Unbekannte T\u00e4terschaft bricht in Umkleidekabine ein<\/h2>\n\n\n\n<p>Eine bislang unbekannte T\u00e4terschaft drang am Montag zwischen 18:45 Uhr und 21:15 Uhr mutma\u00dflich durch ein gekipptes Fenster in eine Sammelumkleide des Stadions in der Breslauer Stra\u00dfe ein. Es stellte sich heraus, dass die Wertsachen mehrerer Vereinsmitglieder entwendet wurden. Die genaue Schadensh\u00f6he steht noch nicht fest. Das Polizeirevier Weinheim \u00fcbernahm die weiteren Ermittlungen wegen des besonders schweren Falls des Diebstahls.<\/p>\n","protected":false},"excerpt":{"rendered":"<div class=\"mh-excerpt\"><p>Polizeimeldungen vom Dienstag (19.03.2024) (Speyer) &#8211; K\u00f6rperliche Auseinandersetzung in einer Asylaufnahmeeinrichtung 1. Nachtrag zur Pressemeldung vom 18.03.2024 Nach einer k\u00f6rperlichen Auseinandersetzung am Montag in einer Asylaufnahmeeinrichtung in der Spaldinger Stra\u00dfe hat die Polizei Speyer die <a class=\"mh-excerpt-more\" href=\"https:\/\/speyer24news.com\/?p=58839\" title=\"Polizeimeldungen Dienstag (19.03.24)\">[&#8230;]<\/a><\/p>\n<\/div>","protected":false},"author":3,"featured_media":26162,"comment_status":"open","ping_status":"open","sticky":false,"template":"","format":"standard","meta":{"_monsterinsights_skip_tracking":false,"_monsterinsights_sitenote_active":false,"_monsterinsights_sitenote_note":"","_monsterinsights_sitenote_category":0,"footnotes":""},"categories":[15659],"tags":[7273,7243,7244,10926,13554,350,14537,15084,15267,14538,15361,702,61,2555,14113,6955,6986,6263,63,105,11150,6987,53,13540,16956,4683,14958,9154,12967,102,13626,213,14325,14324,13553,13541,16955,2625,380],"aioseo_notices":[],"amp_enabled":true,"_links":{"self":[{"href":"https:\/\/speyer24news.com\/index.php?rest_route=\/wp\/v2\/posts\/58839"}],"collection":[{"href":"https:\/\/speyer24news.com\/index.php?rest_route=\/wp\/v2\/posts"}],"about":[{"href":"https:\/\/speyer24news.com\/index.php?rest_route=\/wp\/v2\/types\/post"}],"author":[{"embeddable":true,"href":"https:\/\/speyer24news.com\/index.php?rest_route=\/wp\/v2\/users\/3"}],"replies":[{"embeddable":true,"href":"https:\/\/speyer24news.com\/index.php?rest_route=%2Fwp%2Fv2%2Fcomments&post=58839"}],"version-history":[{"count":2,"href":"https:\/\/speyer24news.com\/index.php?rest_route=\/wp\/v2\/posts\/58839\/revisions"}],"predecessor-version":[{"id":58842,"href":"https:\/\/speyer24news.com\/index.php?rest_route=\/wp\/v2\/posts\/58839\/revisions\/58842"}],"wp:featuredmedia":[{"embeddable":true,"href":"https:\/\/speyer24news.com\/index.php?rest_route=\/wp\/v2\/media\/26162"}],"wp:attachment":[{"href":"https:\/\/speyer24news.com\/index.php?rest_route=%2Fwp%2Fv2%2Fmedia&parent=58839"}],"wp:term":[{"taxonomy":"category","embeddable":true,"href":"https:\/\/speyer24news.com\/index.php?rest_route=%2Fwp%2Fv2%2Fcategories&post=58839"},{"taxonomy":"post_tag","embeddable":true,"href":"https:\/\/speyer24news.com\/index.php?rest_route=%2Fwp%2Fv2%2Ftags&post=58839"}],"curies":[{"name":"wp","href":"https:\/\/api.w.org\/{rel}","templated":true}]}}