{"id":58875,"date":"2024-03-20T12:25:45","date_gmt":"2024-03-20T11:25:45","guid":{"rendered":"https:\/\/speyer24news.com\/?p=58875"},"modified":"2024-03-20T12:25:46","modified_gmt":"2024-03-20T11:25:46","slug":"schum-artist-in-residence-kultur","status":"publish","type":"post","link":"https:\/\/speyer24news.com\/?p=58875","title":{"rendered":"SchUM Artist in Residence \/ Kultur"},"content":{"rendered":"<style type=\"text\/css\">\r\n\t.ads_top_disp{}\r\n\t.ads_top_corner_disp{ float:left; margin:0px 10px 10px 0px; }\r\n\t.ads_first_p_disp{}\r\n\t.ads_bottom_disp{}\r\n\t<\/style>\n<h2 class=\"wp-block-heading\">SchUM Artist in Residence <\/h2>\n\n\n\n<h3 class=\"wp-block-heading\">Internationale K\u00fcnstlerinnen und K\u00fcnstler als SchUM Stipendiaten nach Speyer, Worms und Mainz eingeladen<\/h3>\n\n\n<div class=\"wp-block-image\">\n<figure class=\"aligncenter size-full\"><img decoding=\"async\" loading=\"lazy\" width=\"450\" height=\"410\" src=\"https:\/\/speyer24news.com\/wp-content\/uploads\/2020\/01\/SchUM-Logo.png\" alt=\"\" class=\"wp-image-24183\" srcset=\"https:\/\/speyer24news.com\/wp-content\/uploads\/2020\/01\/SchUM-Logo.png 450w, https:\/\/speyer24news.com\/wp-content\/uploads\/2020\/01\/SchUM-Logo-300x273.png 300w\" sizes=\"(max-width: 450px) 100vw, 450px\" \/><\/figure><\/div>\n\n\n<p><strong>Mainz, Speyer und Worms &#8211;<\/strong> Nach dem erfolgreichen Start des Stipendienprogramms \u201eSchUM \u2013 Artist in Residence\u201c im Jahr 2022 haben die drei St\u00e4dte Speyer, Worms und Mainz erneut internationale K\u00fcnstlerinnen und K\u00fcnstler aufgerufen, sich mit der j\u00fcdischen Tradition am Rhein auseinanderzusetzen. Das Residenzprogramm ist offen f\u00fcr alle k\u00fcnstlerischen Arbeitsfelder: Bildende Kunst, Musik, Literatur, Theater, Film\/Medien, Architektur und Design. Erwartet werden Vorhaben, die sich auf die Geschichte der SchUM-Gemeinden und ihr religi\u00f6ses, kulturelles, geistiges und architektonisches Erbe beziehen und \u00f6ffentlich pr\u00e4sentiert werden k\u00f6nnen.<\/p>\n\n\n\n<p>Auf die Ausschreibung, die \u00fcber zahlreiche internationale Kulturverb\u00e4nde, weltweit t\u00e4tige Stiftungen, multikulturelle Institutionen und diplomatische Vertretungen verbreitet wurde, antworteten mehr als 100 Bewerber aus allen Erdteilen mit detaillierten Projektvorschl\u00e4gen.<\/p>\n\n\n\n<p>Eine hochkar\u00e4tige Jury hat nun drei K\u00fcnstlerpers\u00f6nlichkeiten ausgew\u00e4hlt, die in den Monaten August und September 2024 f\u00fcr jeweils sechs Wochen in eine der drei St\u00e4dte eingeladen werden, um ihr vorgeschlagenes Projekt zu realisieren.<\/p>\n\n\n\n<p>Die Wahl fiel auf den Musiker Yotam Schlezinger aus Israel, die Videok\u00fcnstlerin Janet Grau aus den USA und den bildenden K\u00fcnstler Bence Illyes aus Ungarn.<\/p>\n\n\n\n<h4 class=\"wp-block-heading\">Stipendiat in Mainz<\/h4>\n\n\n<div class=\"wp-block-image\">\n<figure class=\"alignleft size-full\"><img decoding=\"async\" loading=\"lazy\" width=\"517\" height=\"591\" src=\"https:\/\/speyer24news.com\/wp-content\/uploads\/2024\/03\/Yotam-Schlezinger_Foto-privat.jpg\" alt=\"\" class=\"wp-image-58877\" srcset=\"https:\/\/speyer24news.com\/wp-content\/uploads\/2024\/03\/Yotam-Schlezinger_Foto-privat.jpg 517w, https:\/\/speyer24news.com\/wp-content\/uploads\/2024\/03\/Yotam-Schlezinger_Foto-privat-262x300.jpg 262w\" sizes=\"(max-width: 517px) 100vw, 517px\" \/><figcaption class=\"wp-element-caption\">Der Musiker Yotam Schlezinger.<br><em>Foto: privat<\/em><\/figcaption><\/figure><\/div>\n\n\n<p><strong>YOTAM SCHLEZINGER<\/strong> wurde 1982 in Tel Aviv geboren, studierte in Chicago und Essen Musik und Akustik und arbeitet als Musiker, Komponist und Sound Designer vor allem im Theaterbereich. Au\u00dferdem realisiert er Klanginstallationen. Er beabsichtigt, auf der Basis von historischen Aufnahmen der Ges\u00e4nge von Kantoren und unter Verwendung von Tonbandschlaufen eine Klanginstallation an einem historischen Ort in einer der SchUM St\u00e4dte zu realisieren.<\/p>\n\n\n\n<p>\u201eK\u00fcnstler aus aller Welt haben sich beworben, um in einer der SchUM-St\u00e4tten ein k\u00fcnstlerisches Projekt zu verwirklichen. Wir freuen uns ganz besonders mit Yotam Schlezinger einen jungen, aus Tel Aviv stammenden Musiker in Mainz zu haben, der die Kl\u00e4nge alter j\u00fcdischer Gebete zu einem einzigartigen H\u00f6rerlebnis verweben will und damit die melodischen und dynamischen Aspekte des Gesangs der Rabbiner jenseits aller Sprachbarrieren f\u00fcr jeden erfahrbar macht. Mit dem Programm SchUM-Artist in Residence und insbesondere mit dem Projekt von Yotam Schlezinger werden wir der Rolle der SchUM-St\u00e4tten als Teil eines globalen Netzwerks von Welterbest\u00e4tten und ihrem Bezug zu \u00fcbergeordneten Themen wie der Verst\u00e4ndigung der V\u00f6lker gerecht.\u201c<br>(<em>Nino Haase, Oberb\u00fcrgermeister der Landeshauptstadt Mainz<\/em>)<\/p>\n\n\n\n<h3 class=\"wp-block-heading\">Stipendiat in Speyer<\/h3>\n\n\n<div class=\"wp-block-image\">\n<figure class=\"alignright size-full\"><img decoding=\"async\" loading=\"lazy\" width=\"500\" height=\"675\" src=\"https:\/\/speyer24news.com\/wp-content\/uploads\/2024\/03\/Bence-Illyes_Foto-privat.jpg\" alt=\"\" class=\"wp-image-58879\" srcset=\"https:\/\/speyer24news.com\/wp-content\/uploads\/2024\/03\/Bence-Illyes_Foto-privat.jpg 500w, https:\/\/speyer24news.com\/wp-content\/uploads\/2024\/03\/Bence-Illyes_Foto-privat-222x300.jpg 222w\" sizes=\"(max-width: 500px) 100vw, 500px\" \/><figcaption class=\"wp-element-caption\">Der bildendende K\u00fcnstler Bence Illyes.<br><em>Foto: privat<\/em><\/figcaption><\/figure><\/div>\n\n\n<p><strong>BENCE ILLYES<\/strong> aus Ungarn ist Journalist, Fotograf und Judaist. Gemeinsam mit der Designerin Judit Borsi wird er sich mit den visuellen Symbolen von SchUM besch\u00e4ftigen und diese in Linolschnitten und in einem elektronischen Magazin verarbeiten.<\/p>\n\n\n\n<p>\u201eDie beiden K\u00fcnstler Illy\u00e9s Bence und Judit Borsi widmen sich mit ihrem wunderbaren k\u00fcnstlerischen Projekt dem reichen j\u00fcdischen Erbe in den SchUM-St\u00e4tten und insbesondere in unserer Stadt. Die gro\u00dfe Relevanz j\u00fcdischer Symbole f\u00fcr das Heute spiegelt sich hier in ganz besonderer Weise. \u201eSymbols of ShUM\u201c ist eine Hommage an das bleibende Erbe des j\u00fcdischen Lebens in den SchUM-St\u00e4dten und l\u00e4dt den Betrachter ein, diese alten Symbole auch auf eigene Faust zu erforschen und von ihnen zu lernen und schl\u00e4gt damit eine Br\u00fccke von der Vergangenheit in die Gegenwart.\u201c<br>(<em>Stefanie Seiler, Oberb\u00fcrgermeisterin der Stadt Speyer<\/em>)<\/p>\n\n\n\n<h3 class=\"wp-block-heading\">Stipendiatin in Worms<\/h3>\n\n\n<div class=\"wp-block-image\">\n<figure class=\"alignleft size-full\"><img decoding=\"async\" loading=\"lazy\" width=\"500\" height=\"667\" src=\"https:\/\/speyer24news.com\/wp-content\/uploads\/2024\/03\/Janet-Grau_Foto_Anja-Schneider.jpg\" alt=\"\" class=\"wp-image-58880\" srcset=\"https:\/\/speyer24news.com\/wp-content\/uploads\/2024\/03\/Janet-Grau_Foto_Anja-Schneider.jpg 500w, https:\/\/speyer24news.com\/wp-content\/uploads\/2024\/03\/Janet-Grau_Foto_Anja-Schneider-225x300.jpg 225w\" sizes=\"(max-width: 500px) 100vw, 500px\" \/><figcaption class=\"wp-element-caption\">Die Videok\u00fcnstlerin Janet Grau.<br><em>Foto: Anja Schneider<\/em><\/figcaption><\/figure><\/div>\n\n\n<p><strong>JANET GRAU<\/strong> ist 1964 in Cleveland\/Ohio geboren und lebt seit 1999 in Deutschland. Ihre experimentellen und interdisziplin\u00e4ren Performance-Projekte bewegen sich an der Schnittstelle von Kunst und Engagement und befassen sich in erster Linie mit kulturellen Ph\u00e4nomenen, wie z.B. der Praxis des Sammelns und Geschichtenerz\u00e4hlens. Neben Performances arbeitet sie mit Fotografie, Video und Installationen, teils unter Integration von Zeichnungen, Texten und Objekten.<\/p>\n\n\n\n<p>Die K\u00fcnstlerin wird in Worms ein k\u00fcnstlerisches Video realisieren, das auf der Gedenkrede des Rabbi Eleazar ben Judah von Worms f\u00fcr seine Frau Dulcea basiert, die 1196 bei einem Pogrom mit ihren T\u00f6chtern ermordet wurde. Im Austausch mit Interessierten soll dabei auch die Situation von Frauen im Mittelalter und heutzutage thematisiert werden.<\/p>\n\n\n\n<p>\u201eDie K\u00fcnstlerin Janet Grau arbeitet gerne mit Menschen und hat sich als Grundlage f\u00fcr ihr k\u00fcnstlerisches Projekt im SchUM-Artist in Residence-Programm ein ganz besonderes Puzzlest\u00fcck der Geschichte der j\u00fcdischen Gemeinde Worms herausgesucht. Sie nimmt das Loblied, das Rabbi Eleasar ben Juda ben Kalonymos (auch: Rokeach) auf seine 1196 ermordete Frau dichtete, zum Ausgangspunkt einer \u00e4u\u00dferst spannenden Videoproduktion. Eine Geschichte, ein Loblied, das vor \u00fcber 800 Jahren entstanden ist, wird Anlass, heute aktuelle Fragen zu stellen: Nach der Stellung der Frau im Mittelalter, der Stellung der Frau im aschkenasischen Judentum und dem Umgang mit Frauen im Mittelalter in der j\u00fcdischen Gemeinde im Besonderen, aber auch in der Gesellschaft im Allgemeinen. Wir freuen uns sehr, dass Janet Grau damit die Relevanz unserer j\u00fcdischen Tradition in SchUM und in Worms f\u00fcr das Heute aufzeigt.\u201c<br>(<em>Adolf Kessel, Oberb\u00fcrgermeister der Stadt Worms<\/em>)<\/p>\n\n\n\n<h3 class=\"wp-block-heading\">Die Jury<\/h3>\n\n\n<div class=\"wp-block-image\">\n<figure class=\"aligncenter size-full\"><img decoding=\"async\" loading=\"lazy\" width=\"600\" height=\"270\" src=\"https:\/\/speyer24news.com\/wp-content\/uploads\/2021\/04\/SchUm-Definition-1.png\" alt=\"\" class=\"wp-image-35759\" srcset=\"https:\/\/speyer24news.com\/wp-content\/uploads\/2021\/04\/SchUm-Definition-1.png 600w, https:\/\/speyer24news.com\/wp-content\/uploads\/2021\/04\/SchUm-Definition-1-300x135.png 300w\" sizes=\"(max-width: 600px) 100vw, 600px\" \/><\/figure><\/div>\n\n\n<p>Um die Vielfalt der angesprochenen k\u00fcnstlerischen Ausdrucksformen zu repr\u00e4sentieren, wurde eine Jury berufen, deren Mitglieder verschiedene Kunstsparten vertreten, zugleich aber auch einen sparten\u00fcbergreifenden Zugang sicherstellen und \u00fcber internationale Erfahrungen verf\u00fcgen. Die Jury 2023\/2024 besteht aus Barbara Auer, Nora Gomringer, Prof. Dr. Elisa Klapheck, Ursula Neupert und Dr. Ulf S\u00f6lter.<\/p>\n\n\n\n<p><strong>BARBARA AUER<\/strong> studierte Kunstgeschichte und Germanistik in Z\u00fcrich und Heidelberg. Von 1996 bis 2021 war sie Direktorin des Kunstvereins Ludwigshafen am Rhein. Sie ist Autorin und Herausgeberin zahlreicher Publikationen und Ausstellungskataloge zu nationalen und internationalen K\u00fcnstlerinnen und K\u00fcnstlern sowie zur Fotografiegeschichte des 20. Jahrhunderts. Seit 2021 ist sie freischaffende Kuratorin f\u00fcr zeitgen\u00f6ssische Kunst.<\/p>\n\n\n\n<p><strong>NORA GOMRINGER<\/strong>, Schriftstellerin, wurde 1980 in Neunkirchen\/Saar geboren. Studium der Amerikanistik, Germanistik und Kunstgeschichte in Bamberg. Seit 2010 leitet sie dort das Internationale K\u00fcnstlerhaus Villa Concordia. Bisher liegen neun Lyrikb\u00e4nde und zwei Essayb\u00e4nde sowie zahlreiche Einzelver\u00f6ffentlichungen von ihr vor. Gomringer moderiert den PODCAST \u201e100 aus 100 \u2013 die H\u00f6rspielCollection\u201c in der ARD Audiothek. 2021 wurde Nora Gomringer mit der Carl-Zuckmayer-Medaille des Landes Rheinland-Pfalz ausgezeichnet.<\/p>\n\n\n\n<p><strong>PROF. DR. ELISA KLAPHECK<\/strong> wurde 1962 in D\u00fcsseldorf geboren und wuchs in Deutschland und den Niederlanden auf. Nach ihrem Studium der Politologie arbeitete sie als Journalistin f\u00fcr Tageszeitungen sowie Rundfunk und Fernsehen. 1997 wurde sie Pressesprecherin der J\u00fcdischen Gemeinde zu Berlin und Redakteurin der Zeitschrift \u201ej\u00fcdisches berlin\u201c. Sie ist Rabbinerin des Egalit\u00e4ren Minjan, der liberalen Gemeinschaft in der J\u00fcdischen Gemeinde in Frankfurt am Main, und Professorin f\u00fcr J\u00fcdische Studien an der Universit\u00e4t Paderborn. Zahlreiche Buchver\u00f6ffentlichungen, unter anderem \u201eSo bin ich Rabbinerin geworden. J\u00fcdische Herausforderungen hier und jetzt\u201c.<\/p>\n\n\n\n<p><strong>JULIA NEUPERT<\/strong>, geboren 1978 in Rostock, hat Germanistik, Musikwissenschaft und Musikjournalismus an der Universit\u00e4t Leipzig und der Hochschule f\u00fcr Musik Karlsruhe studiert. Danach ist sie als freiberufliche Moderatorin und Autorin etliche Jahre f\u00fcr verschiedenen Rundfunkkulturwellen der ARD t\u00e4tig gewesen, seit 2012 arbeitet sie als Jazzredakteurin bei SWR2. Au\u00dferdem unterrichtet sie seit 2019 als Dozentin f\u00fcr Jazzgeschichte an der Hochschule der K\u00fcnste Bern.<\/p>\n\n\n\n<p><strong>DR. ULF S\u00d6LTER<\/strong>, Jahrgang 1972, studierte Kunstgeschichte, Italianistik und Europ\u00e4ische Ethnologie in Marburg und Turin. Nach Studium und Promotion arbeitete S\u00f6lter bei den Staatlichen Museen zu Berlin und sp\u00e4ter an der Universit\u00e4t Salzburg. Er hatte Lehrauftr\u00e4ge an verschiedenen Universit\u00e4ten. F\u00fcr f\u00fcnf Jahre war S\u00f6lter zun\u00e4chst stellvertretender Direktor des Clemens Sels Museums in Neuss, bevor er als Direktor an das Gustav-L\u00fcbcke-Museum in Hamm wechselte. Seit 2022 ist S\u00f6lter Direktor des Gutenberg-Museums in Mainz und verantwortlich f\u00fcr die Neukonzeption und den Neubau des Hauses.<\/p>\n\n\n\n<h3 class=\"wp-block-heading\">Hintergrund: Weltkulturerbe SchUM<\/h3>\n\n\n<div class=\"wp-block-image\">\n<figure class=\"alignright size-full\"><img decoding=\"async\" loading=\"lazy\" width=\"500\" height=\"667\" src=\"https:\/\/speyer24news.com\/wp-content\/uploads\/2021\/09\/UNESCO-Weltkulturerbe-SchUM-Speyer-2.jpg\" alt=\"\" class=\"wp-image-40505\" srcset=\"https:\/\/speyer24news.com\/wp-content\/uploads\/2021\/09\/UNESCO-Weltkulturerbe-SchUM-Speyer-2.jpg 500w, https:\/\/speyer24news.com\/wp-content\/uploads\/2021\/09\/UNESCO-Weltkulturerbe-SchUM-Speyer-2-225x300.jpg 225w\" sizes=\"(max-width: 500px) 100vw, 500px\" \/><\/figure><\/div>\n\n\n<p>Die j\u00fcdischen Gemeinden in Speyer, Worms und Mainz (abgek\u00fcrzt nach hebr\u00e4ischer Schreibweise \u201eSchUM\u201c) waren gemeinsam die Wiege des aschkenasischen (mitteleurop\u00e4ischen) Judentums und bildeten im Mittelalter ein einzigartiges Gemeindeb\u00fcndnis in Europa. Hier diskutierten und lehrten wichtige j\u00fcdische Gelehrte aus West- und Mitteleuropa, hier entstanden vorbildgebende Synagogen, Frauen-Betr\u00e4ume und Ritualb\u00e4der, hier wurde der Grundstein f\u00fcr die aschkenasische Begr\u00e4bniskultur gelegt. Es entstanden zudem religi\u00f6se Rechtssatzungen, die bis heute diskutiert werden. Im Juli 2021 wurde SchUM von der UNESCO zum Weltkulturerbe erkl\u00e4rt. <a href=\"http:\/\/www.schumstaedte.de\" title=\"\"><strong>www.schumstaedte.de<\/strong><\/a><\/p>\n\n\n\n<h3 class=\"wp-block-heading\">K\u00fcnstlerische Leitung<\/h3>\n\n\n\n<p><strong>G\u00dcNTER MINAS<\/strong>, Publizist und Kurator, geboren 1953 in Flensburg, seit 1987 in Mainz. Nach dem Studium der Psychologie und der Kunstgeschichte sowie wissenschaftlicher T\u00e4tigkeit in Braunschweig seit 1982 freiberufliche Arbeit als Autor sowie Produzent von Kulturveranstaltungen im In- und Ausland in den Sparten Kunst, Film, Theater, Musik und Literatur. 1989 bis 2016 k\u00fcnstlerischer Berater und Moderator bei internationalen Filmfestivals. Minas ist Tr\u00e4ger der Gutenbergplakette der Stadt Mainz.<\/p>\n\n\n\n<h3 class=\"wp-block-heading\">Kontakt und Information<\/h3>\n\n\n\n<p>Dr. David Maier, Kulturkoordinator Stadt Worms: <a href=\"mailto:david.maier@worms.de\">david.maier@worms.de<\/a><\/p>\n\n\n\n<p>K\u00fcnstlerische Leitung: G\u00fcnter Minas: <a href=\"mailto:minas@t-online.de\">minas@t-online.de<\/a>, Tel: 0173-3271039<\/p>\n\n\n\n<h4 class=\"wp-block-heading\"><em>SchUM Artist-in-Residence ist ein Programm der St\u00e4dte Mainz, Speyer und Worms sowie SchUM-St\u00e4dte e.V. mit freundlicher Unterst\u00fctzung durch das Ministerium f\u00fcr Familie, Frauen, Kultur und Integration des Landes Rheinland-Pfalz.<\/em><\/h4>\n\n\n\n<p><em>Text: Gemeinsame Medieninformation der SchUM-St\u00e4dte Speyer, Worms und Mainz Foto: &#8222;Yotam Schlezinger&#8220; &amp; &#8222;Bence Illyes&#8220; \u00a9 privat; &#8222;Janet Grau&#8220; \u00a9 Anja Schneider; &#8222;Rest&#8220; \u00a9 Speyer24NEWS, Fundus<br>20.03.2024<\/em><\/p>\n","protected":false},"excerpt":{"rendered":"<div class=\"mh-excerpt\"><p>SchUM Artist in Residence Internationale K\u00fcnstlerinnen und K\u00fcnstler als SchUM Stipendiaten nach Speyer, Worms und Mainz eingeladen Mainz, Speyer und Worms &#8211; Nach dem erfolgreichen Start des Stipendienprogramms \u201eSchUM \u2013 Artist in Residence\u201c im Jahr <a class=\"mh-excerpt-more\" href=\"https:\/\/speyer24news.com\/?p=58875\" title=\"SchUM Artist in Residence \/ Kultur\">[&#8230;]<\/a><\/p>\n<\/div>","protected":false},"author":3,"featured_media":58876,"comment_status":"open","ping_status":"open","sticky":false,"template":"","format":"standard","meta":{"_monsterinsights_skip_tracking":false,"_monsterinsights_sitenote_active":false,"_monsterinsights_sitenote_note":"","_monsterinsights_sitenote_category":0,"footnotes":""},"categories":[14,9],"tags":[178,3361,12687,12688,17958,6,2304],"aioseo_notices":[],"amp_enabled":true,"_links":{"self":[{"href":"https:\/\/speyer24news.com\/index.php?rest_route=\/wp\/v2\/posts\/58875"}],"collection":[{"href":"https:\/\/speyer24news.com\/index.php?rest_route=\/wp\/v2\/posts"}],"about":[{"href":"https:\/\/speyer24news.com\/index.php?rest_route=\/wp\/v2\/types\/post"}],"author":[{"embeddable":true,"href":"https:\/\/speyer24news.com\/index.php?rest_route=\/wp\/v2\/users\/3"}],"replies":[{"embeddable":true,"href":"https:\/\/speyer24news.com\/index.php?rest_route=%2Fwp%2Fv2%2Fcomments&post=58875"}],"version-history":[{"count":1,"href":"https:\/\/speyer24news.com\/index.php?rest_route=\/wp\/v2\/posts\/58875\/revisions"}],"predecessor-version":[{"id":58881,"href":"https:\/\/speyer24news.com\/index.php?rest_route=\/wp\/v2\/posts\/58875\/revisions\/58881"}],"wp:featuredmedia":[{"embeddable":true,"href":"https:\/\/speyer24news.com\/index.php?rest_route=\/wp\/v2\/media\/58876"}],"wp:attachment":[{"href":"https:\/\/speyer24news.com\/index.php?rest_route=%2Fwp%2Fv2%2Fmedia&parent=58875"}],"wp:term":[{"taxonomy":"category","embeddable":true,"href":"https:\/\/speyer24news.com\/index.php?rest_route=%2Fwp%2Fv2%2Fcategories&post=58875"},{"taxonomy":"post_tag","embeddable":true,"href":"https:\/\/speyer24news.com\/index.php?rest_route=%2Fwp%2Fv2%2Ftags&post=58875"}],"curies":[{"name":"wp","href":"https:\/\/api.w.org\/{rel}","templated":true}]}}