{"id":58921,"date":"2024-03-21T07:57:31","date_gmt":"2024-03-21T06:57:31","guid":{"rendered":"https:\/\/speyer24news.com\/?p=58921"},"modified":"2024-03-21T07:57:33","modified_gmt":"2024-03-21T06:57:33","slug":"kirche-106","status":"publish","type":"post","link":"https:\/\/speyer24news.com\/?p=58921","title":{"rendered":"Kirche"},"content":{"rendered":"<style type=\"text\/css\">\r\n\t.ads_top_disp{}\r\n\t.ads_top_corner_disp{ float:left; margin:0px 10px 10px 0px; }\r\n\t.ads_first_p_disp{}\r\n\t.ads_bottom_disp{}\r\n\t<\/style>\n<h2 class=\"wp-block-heading\">Kirche verwandelt sich zum Kinosaal<\/h2>\n\n\n\n<h3 class=\"wp-block-heading\">\u201eRTL Die Passion\u201c als Public\u00a0Viewing\u00a0in der Kirche Johannes der T\u00e4ufer Harthausen<\/h3>\n\n\n<div class=\"wp-block-image\">\n<figure class=\"aligncenter size-full\"><img decoding=\"async\" loading=\"lazy\" width=\"500\" height=\"750\" src=\"https:\/\/speyer24news.com\/wp-content\/uploads\/2024\/03\/Kirche-Harthausen-3400px-10.jpg\" alt=\"\" class=\"wp-image-58922\" srcset=\"https:\/\/speyer24news.com\/wp-content\/uploads\/2024\/03\/Kirche-Harthausen-3400px-10.jpg 500w, https:\/\/speyer24news.com\/wp-content\/uploads\/2024\/03\/Kirche-Harthausen-3400px-10-200x300.jpg 200w\" sizes=\"(max-width: 500px) 100vw, 500px\" \/><\/figure><\/div>\n\n\n<p><strong>Harthausen &#8211; <\/strong>Die Kirche als Kulturraum erleben \u2013 das geht am <strong>Mittwoch, 27. M\u00e4rz<\/strong>, im pf\u00e4lzischen Harthausen. Ab 20:15 Uhr wird hier die Sendung \u201eRTL Die Passion\u201c live auf gro\u00dfer Leinwand als Public\u00a0Viewing\u00a0\u00fcbertragen. \u201eWir m\u00f6chten alle Interessierten, egal ob regelm\u00e4\u00dfige Kircheng\u00e4nger oder nicht, herzlich einladen, zusammenzukommen, um gemeinsam dieses Film-Event anzuschauen\u201c, erkl\u00e4rt Pfarrer Jens Henning. \u201eAls gro\u00dfe Gemeinschaft k\u00f6nnen wir die Passion erleben und gemeinsam wichtige Fragen ergr\u00fcnden \u2013 Was hat die alte Geschichte mit mir, mit meinem Leben zu tun? Wie kann mir der Glaube helfen, mein t\u00e4gliches Kreuz zu tragen?\u201c<\/p>\n\n\n\n<p>In der Harth\u00e4user Kirche Johannes der T\u00e4ufer (Speyerer Stra\u00dfe 10, 67376 Harthausen) wird im Altarraum eine knapp vier Meter breite Leinwand aufgebaut \u2013 zusammen mit einer extra installierten Tonanlage ist so auf allen der etwa 300 Pl\u00e4tze der Kirche ein wahres Kinoerlebnis garantiert. Neben der M\u00f6glichkeit, das Event in gro\u00dfer Gruppe auf gro\u00dfer Leinwand zu erleben, wird es auch ein kleines Rahmenprogramm mit Impulsen und der M\u00f6glichkeit zu Gespr\u00e4chen und Austausch geben. Der Eintritt zur Veranstaltung ist frei, Einlass und Ankommen ist um 19:30 Uhr, die Einf\u00fchrung startet um 20:00 Uhr. Auf Spendenbasis gibt es Getr\u00e4nke und Verpflegung. Die Kirche ist geheizt, dennoch empfiehlt die veranstaltende Pfarrei Hl. Hildegard von Bingen, Decken und Weingl\u00e4ser selbst mitzubringen. \u201eWir freuen uns, wenn sich die Menschen von dieser 2000 Jahre alten Geschichte begeistern lassen und wir alle gemeinsam erleben, wie diese von RTL ins Heute transportiert wird\u201c, so Organisator Joachim Lauer. \u201eWir wollen Menschen zusammenf\u00fchren, um sich&nbsp;<em>eine<\/em>&nbsp;\u00dcbersetzung der Passion in heutige Lebenswelten bei Baguette und Wein in einem sehr besonderen Ambiente gutzutun \u2013 in Gemeinschaft mit anderen.\u201c<\/p>\n\n\n\n<p>In der offiziellen Ank\u00fcndigung zur Sendung hei\u00dft es: \u201eFrieden, N\u00e4chstenliebe und Zusammenhalt \u2013 gerade in schwierigen Zeiten. Die Passionsgeschichte vereint diese Werte und fasziniert schon \u00fcber 2000 Jahren lang. Nun wird Jesus Christus erneut zum Leben erweckt: Dieses Mal wacht er jedoch in der heutigen Zeit auf \u2013 begleitet von richtigen Popkrachern. Eine moderne und ungew\u00f6hnliche Darstellung der letzten Tage im Leben von Jesus Christus wird bei \u201aDie Passion\u2018 von einem Aufgebot an bekannten Stars der Gesangs- und Schauspielszene durch RTL inszeniert.\u201c \u201eBen&nbsp;Bl\u00fcmel&nbsp;verk\u00f6rpert dabei Jesus von Nazareth, Nadja Benaissa \u00fcbernimmt die Rolle der Maria. Au\u00dferdem werden Francis Fulton-Smith als Pilatus, Jimi Blue Ochsenknecht als Judas und Timur \u00dclker als Petrus zu sehen sein.\u201c<\/p>\n\n\n\n<p><em>Text: Bistum Speyer Foto: Joachim Lauer<br>20.03.2024<\/em><\/p>\n\n\n\n<h2 class=\"wp-block-heading\">Kerze als Symbol der Hoffnung<\/h2>\n\n\n\n<h3 class=\"wp-block-heading\">Der Malteser Hilfsdienst Speyer \u00fcbergibt die diesj\u00e4hrige Osterkerze an den Kustos der Kathedrale<\/h3>\n\n\n<div class=\"wp-block-image\">\n<figure class=\"aligncenter size-full\"><img decoding=\"async\" loading=\"lazy\" width=\"800\" height=\"598\" src=\"https:\/\/speyer24news.com\/wp-content\/uploads\/2024\/03\/Osterkerze4_m.jpg\" alt=\"\" class=\"wp-image-58923\" srcset=\"https:\/\/speyer24news.com\/wp-content\/uploads\/2024\/03\/Osterkerze4_m.jpg 800w, https:\/\/speyer24news.com\/wp-content\/uploads\/2024\/03\/Osterkerze4_m-300x224.jpg 300w, https:\/\/speyer24news.com\/wp-content\/uploads\/2024\/03\/Osterkerze4_m-768x574.jpg 768w, https:\/\/speyer24news.com\/wp-content\/uploads\/2024\/03\/Osterkerze4_m-326x245.jpg 326w, https:\/\/speyer24news.com\/wp-content\/uploads\/2024\/03\/Osterkerze4_m-80x60.jpg 80w\" sizes=\"(max-width: 800px) 100vw, 800px\" \/><figcaption class=\"wp-element-caption\"><em>v.l.<\/em>: Domsakristan Markus Belz, Prof. Dr. Christopher Wolf, Di\u00f6zesanleiter des Malteser Hilfsdienstes im Bistum Speyer, und Domdekan und Domkustos Dr. Christoph Kohl bei der \u00dcbergabe der Osterkerze 2024 im Speyerer Dom<br><em><em>Foto<\/em><\/em>: <em>\u00a9 Domkapitel Speyer, Klaus Landry<\/em><\/figcaption><\/figure><\/div>\n\n\n<p><strong>Speyer &#8211;<\/strong> \u201eMit der Spende der Osterkerze an den Dom verbinden wir vor allem die Hoffnung auf Frieden\u201c, sagt der Di\u00f6zesanleiter des Malteser Hilfsdienstes im Bistum Speyer, Christopher Wolf. \u201eIn diesem besonderen Jahr, das von Krieg und Unsicherheit gepr\u00e4gt ist, haben wir Malteser uns f\u00fcr diese besondere Geste entschieden, da Friedensarbeit ein wichtiger Bestandteil unseres Dienstes ist\u201c, erkl\u00e4rte Wolf. Der Kustos des Doms, Domdekan Dr. Christoph Kohl, nahm die Kerze entgegen. Die Osterkerze des Doms wird traditionell im Speyerer\u00a0Karmel\u00a0gefertigt. Kohl freute sich \u00fcber die Spende der diesj\u00e4hrigen Osterkerze f\u00fcr den Dom. \u201eWir merken, dass die Menschen sich nach Licht sehnen und mit dem Anz\u00fcnden einer Kerze Hoffnung und Zuversicht verbinden\u201c, sagte Kohl. Die Osterkerze brennt nach der Osternacht t\u00e4glich im Dom und ist damit das Symbol f\u00fcr \u201eChristus, das Licht der Welt\u201c, so der Domkustos.<\/p>\n\n\n\n<h4 class=\"wp-block-heading\">Zur Tradition der Osterkerze<\/h4>\n\n\n\n<p>In der Osternacht wird die Osterkerze in einer Prozession als einzige Lichtquelle in den dunklen Dom getragen. Beim feierlichen Einzug erfolgt der dreimalige Ruf &#8222;Lumen Christi&#8220;, &#8222;Licht Christi&#8220;, auf den die Gemeinde mit &#8222;Deo Gratis&#8220;, &#8222;Dank sei Gott&#8220;, antwortet. W\u00e4hrenddessen wird das Feuer der Osterkerze an alle Gl\u00e4ubigen weitergegeben, die ihre Kerzen daran anz\u00fcnden und damit die Kirche erhellen. Auf den Leuchter gestellt symbolisiert die Osterkerze den erhabenen Christus als Sieger \u00fcber den Tod. Die wei\u00dfe Farbe der Kerze steht f\u00fcr die Hoffnung und das neue Leben. Sie muss, wie alle liturgischen Kerzen, aus einem bestimmten Anteil an Bienenwachs gefertigt sein. Das r\u00fchrt von der fr\u00fcheren Tradition, nur die edelsten Materialien f\u00fcr den liturgischen Gebrauch zu verwenden. Im Dom brennt die Osterkerze von da an im Altarraum.<\/p>\n\n\n\n<h4 class=\"wp-block-heading\">Zum Hintergrund: der Malteser Hilfsdienst<\/h4>\n\n\n\n<p>Der Malteser Hilfsdienst ist mit \u00fcber einer Million Mitgliedern und F\u00f6rderern einer der gro\u00dfen caritativen Dienstleister in Deutschland. 1953 durch den Malteserorden und den Deutschen Caritasverband gegr\u00fcndet, steht der christliche Dienst am Bed\u00fcrftigen im Mittelpunkt der Arbeit. Hierzu engagieren sich rund 55.000 Ehrenamtliche im Malteser Hilfsdienst. Mit fast 40.000 hauptamtlichen Mitarbeiterinnen und Mitarbeitern ist der Malteser Hilfsdienst auch einer der gro\u00dfen Arbeitgeber im Gesundheits- und Sozialwesen.<\/p>\n\n\n\n<p>Malteser engagieren sich im Katastrophenschutz und Sanit\u00e4tsdienst genauso wie in der Erste-Hilfe-Ausbildung oder in den ehrenamtlichen Sozialdiensten. Der Auslandsdienst f\u00f6rdert Partner in aller Welt und entsendet Fachkr\u00e4fte in Krisengebiete. In der Hospizarbeit begleiten die Malteser unheilbar kranke Menschen und ihre Angeh\u00f6rigen. Spiele, Sport und soziales Engagement verbinden die \u00fcber 6.000 Mitglieder der Malteser Jugend.<\/p>\n\n\n\n<p>Der ehrenamtlich gepr\u00e4gte Malteser Hilfsdienst e.V. ist entsprechend den Strukturen der katholischen Kirche in Di\u00f6zesen gegliedert.<\/p>\n\n\n\n<p><em>Text: Friederike Walter Foto: \u00a9 Domkapitel Speyer, Klaus Landry<br>20.03.2024<\/em><\/p>\n\n\n\n<h2 class=\"wp-block-heading\">Karwoche und Ostern am Dom zu Speyer 2024<\/h2>\n\n\n\n<h3 class=\"wp-block-heading\">Gottesdienste im Dom \u2013 Passionskonzert der\u00a0Dommusik\u00a0im Technik Museum<\/h3>\n\n\n<div class=\"wp-block-image\">\n<figure class=\"aligncenter size-full\"><img decoding=\"async\" loading=\"lazy\" width=\"800\" height=\"533\" src=\"https:\/\/speyer24news.com\/wp-content\/uploads\/2024\/03\/Palmsonntag_m.jpg\" alt=\"\" class=\"wp-image-58924\" srcset=\"https:\/\/speyer24news.com\/wp-content\/uploads\/2024\/03\/Palmsonntag_m.jpg 800w, https:\/\/speyer24news.com\/wp-content\/uploads\/2024\/03\/Palmsonntag_m-300x200.jpg 300w, https:\/\/speyer24news.com\/wp-content\/uploads\/2024\/03\/Palmsonntag_m-768x512.jpg 768w\" sizes=\"(max-width: 800px) 100vw, 800px\" \/><figcaption class=\"wp-element-caption\">Palmsonntag am Dom zu Speyer<br><em><em>Foto:<\/em><\/em> <em>\u00a9 Domkapitel Speyer, Klaus Landry<\/em><\/figcaption><\/figure><\/div>\n\n\n<p><strong>Speyer &#8211; <\/strong>Mit dem Palmsonntag beginnt die Karwoche oder Heilige Woche, in der die Kirche des Leidens und Sterbens Jesu Christi gedenkt. H\u00f6hepunkt ist die Auferstehungsfeier in der Osternacht, die zugleich der wichtigste Gottesdienst des ganzen Kirchenjahres ist.<\/p>\n\n\n\n<p>Am Palmsonntag, 24. M\u00e4rz, feiert Bischof Dr. Karl-Heinz Wiesemann im Speyerer Dom um 10 Uhr ein Pontifikalamt mit Palmweihe. Etwas Pflanzengr\u00fcn wird auch auf die Gr\u00e4ber der Kaiser und K\u00f6nige im Dom gelegt \u2013 ein Brauch, der bereits aus dem 15. Jahrhundert dokumentiert ist. Die Dombl\u00e4ser und die Domsingknaben sorgen f\u00fcr die festliche musikalische Gestaltung des Gottesdienstes.<\/p>\n\n\n\n<p>In der Karwoche zwischen Palmsonntag und Ostern findet traditionell die&nbsp;Chrisammesse&nbsp;statt. An diesem Tag werden in der Bischofskirche die f\u00fcr die&nbsp;Sakramentenspendung&nbsp;ben\u00f6tigten heiligen \u00d6le geweiht. Die Priester der Di\u00f6zese sind zur&nbsp;Mitfeier&nbsp;eingeladen und nehmen das geweihte \u00d6l f\u00fcr den Gebrauch in ihrer Pfarrei mit. Bischof Wiesemann zelebriert die&nbsp;Chrisammesse&nbsp;am Montag, 25. M\u00e4rz, um 17 Uhr. Die musikalische Gestaltung \u00fcbernimmt der M\u00e4dchenchor am Dom zu Speyer.<\/p>\n\n\n\n<p>Die heiligen drei Tage, das \u201eTriduum\u00a0Paschale\u201c, beginnen mit dem Gr\u00fcndonnerstag, der in diesem Jahr auf den 28. M\u00e4rz f\u00e4llt. Am Morgen um 8 Uhr feiert das Domkapitel im Dom eine Trauermette, es musiziert die\u00a0Capella\u00a0Spirensis. Dem Abendmahlsamt um 19.30 Uhr steht Bischof Dr. Karl-Heinz Wiesemann vor. Es singt der\u00a0KathedralJugendChor.<\/p>\n\n\n<div class=\"wp-block-image\">\n<figure class=\"aligncenter size-full\"><img decoding=\"async\" loading=\"lazy\" width=\"800\" height=\"572\" src=\"https:\/\/speyer24news.com\/wp-content\/uploads\/2024\/03\/Osternacht-173_m.jpg\" alt=\"\" class=\"wp-image-58925\" srcset=\"https:\/\/speyer24news.com\/wp-content\/uploads\/2024\/03\/Osternacht-173_m.jpg 800w, https:\/\/speyer24news.com\/wp-content\/uploads\/2024\/03\/Osternacht-173_m-300x215.jpg 300w, https:\/\/speyer24news.com\/wp-content\/uploads\/2024\/03\/Osternacht-173_m-768x549.jpg 768w\" sizes=\"(max-width: 800px) 100vw, 800px\" \/><\/figure><\/div>\n\n\n<p>Am Karfreitag, 29. M\u00e4rz, findet um 8:30 Uhr eine Trauermette statt. Um 10 Uhr l\u00e4dt die Dompfarrei Pax Christi zu einer Kreuzwegandacht f\u00fcr Kinder in den Dom ein. Musikalisch gestaltet wird die Andacht von den Nachwuchs- und Aufbauch\u00f6ren des M\u00e4dchenchores und der Domsingknaben. Um 15 Uhr beginnt die Karfreitagsliturgie mit Bischof Dr. Karl-Heinz Wiesemann und Weihbischof Otto Georgens, der die Predigt h\u00e4lt. Dieser Gottesdienst ist in seiner Gestaltung einmalig im ganzen Kirchenjahr und folgt einer besonders alten liturgischen Gestaltung. Es singen der Domchor und der&nbsp;KathedralJugendChor. \u00dcberdies kann am Karfreitag in den Beichtst\u00fchlen im n\u00f6rdlichen Seitenschiff zwischen 11 und 13 Uhr und ab 17 Uhr das Sakrament der Vers\u00f6hnung empfangen werden.<\/p>\n\n\n\n<p>Am Karsamstag, 30. M\u00e4rz, beginnt der Tag im Dom mit einer Trauermette um 8 Uhr, musikalisch gestaltet von der&nbsp;Capella&nbsp;Spirensis. Das Hochfest der Auferstehung Jesu Christi wird ab 21 Uhr mit der Feier der Osternacht begangen. Zu Beginn liegt der Dom in v\u00f6lliger Dunkelheit. In der Vorhalle wird das Osterfeuer entz\u00fcndet, bevor mit der Osterkerze und dem Ruf \u201eLumen Christi \u2013 Deo&nbsp;gratias\u201c (Christus, das Licht \u2013 Dank sei Gott) das Licht in die Kathedrale hineingetragen wird. Bischof Dr. Karl-Heinz Wiesemann wird die Osternacht im Dom zelebrieren. Der&nbsp;KathedralJugendChor, der Domchor und die Dombl\u00e4ser sorgen f\u00fcr die feierliche musikalische Gestaltung. In diesem Gottesdienst erklingt auch erstmals seit Gr\u00fcndonnerstag wieder die Orgel des Doms, gespielt von Domorganist Markus Eichenlaub.<\/p>\n\n\n\n<p>Am Ostersonntag, 31. M\u00e4rz, feiert Bischof Wiesemann um 10 Uhr ein Pontifikalamt und um 16:30 Uhr eine Pontifikalvesper. Den Gottesdienst am Vormittag gestalten die Nachwuchs- und Aufbauch\u00f6re des M\u00e4dchenchores und der Domsingknaben sowie die Dombl\u00e4ser musikalisch. In der Vesper singt ein Vokalensemble der&nbsp;Dommusik.<\/p>\n\n\n\n<p>Am Ostermontag, 1. April, wird um 10 Uhr Weihbischof Otto Georgens ein Pontifikalamt im Dom feiern. Es singt der Ferienchor der\u00a0Dommusik.<\/p>\n\n\n<div class=\"wp-block-image\">\n<figure class=\"aligncenter size-full\"><img decoding=\"async\" loading=\"lazy\" width=\"800\" height=\"545\" src=\"https:\/\/speyer24news.com\/wp-content\/uploads\/2024\/03\/Osternacht2_m.jpg\" alt=\"\" class=\"wp-image-58926\" srcset=\"https:\/\/speyer24news.com\/wp-content\/uploads\/2024\/03\/Osternacht2_m.jpg 800w, https:\/\/speyer24news.com\/wp-content\/uploads\/2024\/03\/Osternacht2_m-300x204.jpg 300w, https:\/\/speyer24news.com\/wp-content\/uploads\/2024\/03\/Osternacht2_m-768x523.jpg 768w\" sizes=\"(max-width: 800px) 100vw, 800px\" \/><figcaption class=\"wp-element-caption\">Die Osternacht im Dom<br><em><em>Foto:<\/em><\/em> <em>\u00a9 Domkapitel Speyer, Klaus Landry<\/em><\/figcaption><\/figure><\/div>\n\n\n<h3 class=\"wp-block-heading\">Zum Hintergrund: Kar- und Osterwoche<\/h3>\n\n\n\n<p>Mit dem Palmsonntag beginnt die Karwoche. Die Karwoche hei\u00dft Leidenswoche oder Klagewoche. Am Gr\u00fcndonnerstag wird die Einsetzung der Eucharistie gefeiert. Glocken und Orgel verstummen. Am Karfreitag ist keine heilige Messe. Der Gottesdienst folgt einer besonderen und sehr alten liturgischen Ordnung: Lesungen aus dem Alten und Neuen Testament, Leidensgeschichten nach dem Evangelisten Johannes, Gro\u00dfe F\u00fcrbitten in den Anliegen der Kirche und der Welt, Kreuzenth\u00fcllung und Kreuzverehrung, sowie eine Kommunionfeier mit bereits am Gr\u00fcndonnerstag konsekrierten Hostien. In der Osternacht, entweder nach Einbruch der Dunkelheit oder am fr\u00fchen Morgen des Ostersonntags, begeht die Kirche die Auferstehungsfeier. In der Feier der Osternacht wird feierlich der&nbsp;Osterruf, das Alleluja, angestimmt.<\/p>\n\n\n\n<h3 class=\"wp-block-heading\">Passionsmusik in der Raumfahrthalle<\/h3>\n\n\n\n<p>Die \u201eJohannespassion\u201c von Johann Sebastian Bach gilt als ein Meilenstein in der Kulturgeschichte der Menschheit. Am Karfreitag des Jahres 1724, vor nunmehr 300 Jahren, wurde diese bis heute emotional packende und zeitlose oratorische Passion uraufgef\u00fchrt. Am Samstag, 23. M\u00e4rz, 19 Uhr, sowie am Palmsonntag, 24. M\u00e4rz 2024, 16 Uhr, bringt die&nbsp;Dommusik&nbsp;Speyer dieses fundamentale Werk in einer Form zur Auff\u00fchrung, die es aus dem gewohnten Rahmen herausnimmt und die einzigartige universelle Kraft der Musik zur Geltung bringt. Der&nbsp;KathedralJugendChor&nbsp;der&nbsp;Dommusik&nbsp;wird in seinem ersten gro\u00dfen Projekt die&nbsp;Bach\u2018sche&nbsp;Johannespassion in einer \u201edreidimensionalen\u201c Auff\u00fchrung an einem au\u00dfergew\u00f6hnlichem Ort erlebbar machen.&nbsp;Dreidimensionalit\u00e4t&nbsp;bedeutet in diesem Fall, dass das Dance&nbsp;Theatre&nbsp;Heidelberg unter seinem k\u00fcnstlerischen Leiter Ivan P\u00e9rez die Musik um eine t\u00e4nzerische Ebene erg\u00e4nzen. Der Tanz soll die Emotionalit\u00e4t der Musik verst\u00e4rken, verst\u00e4ndlicher machen und inhaltliche Br\u00fccken \u00fcber 300 Jahre hinweg bauen. Der au\u00dfergew\u00f6hnliche Ort ist die Raumfahrthalle des Technikmuseum Speyer. \u201eWir m\u00f6chten die \u201aJohannespassion\u00b4 bewusst in einen anderen r\u00e4umlichen Kontext bringen. Die Raumfahrthalle mit ihrem futuristischen Flair erscheint und einen wirkungsvollen Kontrastraum zur&nbsp;Bach\u2019schen&nbsp;Passionsmusik zu bieten\u201c, sagt Domkapellmeister Markus Melchiori. \u201eWir hoffen auch, dass die ungewohnte Umgebung die Menschen neu und anders mit der Musik in Verbindung bringt\u201c, so Melchiori. \u201eDie Raumfahrthalle gibt uns zudem andere M\u00f6glichkeiten der Interaktion zwischen Musikern, T\u00e4nzern und Publikum.\u201c<\/p>\n\n\n\n<p>Unter den zahlreichen Auff\u00fchrungen, welche in diesem Jubil\u00e4umsjahr f\u00fcr dieses St\u00fcck anstehen, wird die Speyerer Auff\u00fchrung auch durch die Starbesetzung herausragen. Mit Benedikt&nbsp;Kristj\u00e1nsson&nbsp;konnte einer der f\u00fchrenden Interpreten der Partie des Evangelisten f\u00fcr das Projekt gewonnen werden.&nbsp;Bassbarriton&nbsp;Markus&nbsp;Flaig&nbsp;wird als Christus zu erleben sein. Countertenor Andreas Scholl, Star der Alte Musik-Szene, wird an der Auff\u00fchrung mitwirken. Mit Magdalene&nbsp;Harer&nbsp;kommt eine international gefragte Oratoriens\u00e4ngerin nach Speyer. Tenor Fabian Kelly wurde in Speyer geboren und ist Spezialist der Historischen Auff\u00fchrungspraxis. Klaus Mertens, Bass, ist einer der renommiertesten S\u00e4nger f\u00fcr&nbsp;Bach\u2019sche&nbsp;Musik und hat an zahlreichen wichtigen Einspielungen mitgewirkt. Er ist regelm\u00e4\u00dfig im Speyerer Dom zu erleben. Die instrumentale Gestaltung der Johannespassion liegt in den H\u00e4nden des Barockorchesters \u201eL\u2018arpa&nbsp;festante\u201c. Die Gesamtleitung hat Domkapellmeister Markus Melchiori.<\/p>\n\n\n\n<p>Tickets sind zu 30 \u20ac (20 \u20ac erm\u00e4\u00dfigt) im Vorverkauf in der Dom-Info, allen&nbsp;Reservix&nbsp;Vorverkaufsstellen sowie online bei reservix.de erh\u00e4ltlich.<\/p>\n\n\n\n<h3 class=\"wp-block-heading\">Besondere \u00d6ffnungszeiten des Doms w\u00e4hrend der Karwoche und Ostertage<\/h3>\n\n\n\n<p>Auf Grund der Gottesdienste in der Karwoche und w\u00e4hrend der Ostertage gelten besondere Besichtigungszeiten.<\/p>\n\n\n\n<p><strong>Montag, 25. M\u00e4rz 2024<\/strong><\/p>\n\n\n\n<p>9:00-16:30 Uhr (17 Uhr&nbsp;Chrisammesse)<\/p>\n\n\n\n<p><strong>Karfreitag, 29. M\u00e4rz 2024<\/strong><\/p>\n\n\n\n<p>13:00-14.30 Uhr (stille Besichtigung, keine Domf\u00fchrungen \u2013 8.30 Uhr Trauermette, 10 Uhr Kinderkreuzweg, 11 bis 13 Uhr Beichtgelegenheit, 15 Uhr Karfreitagsliturgie und Predigt, danach bis 18 Uhr Beichtgelegenheit)<\/p>\n\n\n\n<p><strong>Karsamstag, 30. M\u00e4rz 2024<\/strong><\/p>\n\n\n\n<p>9:00-19:00 Uhr (Stille Besichtigung, keine Domf\u00fchrungen)<\/p>\n\n\n\n<p><strong>Ostersonntag, 31. M\u00e4rz 2024<\/strong><\/p>\n\n\n\n<p>12:00-16:00 Uhr (10 Uhr Pontifikalamt, 16.30 Uhr Pontifikalvesper, 18 Uhr Abendmesse)<\/p>\n\n\n\n<p><strong>Ostermontag, 1. April 2024<\/strong><\/p>\n\n\n\n<p>Besichtigung m\u00f6glich von 12:00 Uhr bis 17.30 Uhr (Pontifikalamt um 10 Uhr, Abendmesse um 18 Uhr)<\/p>\n\n\n\n<h3 class=\"wp-block-heading\">Termin\u00fcbersicht Gottesdienste:<\/h3>\n\n\n\n<h4 class=\"wp-block-heading\">Palmsonntag, 24. M\u00e4rz 2024<\/h4>\n\n\n\n<p><strong>10:00 Uhr \u2013 Pontifikalamt<\/strong><br>mit Bischof Dr. Karl-Heinz Wiesemann<br>Musikalisch gestaltet von den Domsingknaben und Dombl\u00e4sern<br>Melchior Franck: F\u00fcrwahr er trug unsre Krankheit<br>Heinrich Sch\u00fctz: Ehre sei dir, Christe<br>Christian M. Hei\u00df: Missa buccinata<br>Lieds\u00e4tze von Cr\u00fcger und Bach<\/p>\n\n\n\n<h4 class=\"wp-block-heading\">Montag der Karwoche, 25. M\u00e4rz 2024<\/h4>\n\n\n\n<p><strong>17:00 Uhr \u2013 Pontifikalamt Chrisammesse<\/strong><br>mit Bischof Dr. Karl-Heinz Wiesemann<br>Musikalisch gestaltet vom M\u00e4dchenchor<br>Christopher Tambling: Messe in A<br>Gabriel Faur\u00e9: O salutaris hostia<br>Deutsche Wechselges\u00e4nge aus dem Gotteslob<\/p>\n\n\n\n<h4 class=\"wp-block-heading\">Gr\u00fcndonnerstag, 28. M\u00e4rz 2024<\/h4>\n\n\n\n<p><strong>8:00 Uhr \u2013 Trauermette (Lesehore und Laudes)<\/strong><br>Musikalisch gestaltet von der Capella Spirensis<br>Ludovico da Viadana: Psalmen in Falsibordoni-S\u00e4tzen<br>Orlando di Lasso: In monte oliveti und Tristis est anima mea<br>Marc Antonio Ingegneri: Ecce vidimus eum<\/p>\n\n\n\n<p><strong>19:30 Uhr \u2013 Pontifikalamt Messe vom letzten Abendmahl<br><\/strong>mit Bischof Dr. Karl-Heinz Wiesemann<br>Musikalisch gestaltet vom KathedralJugendChor<br>Damijan Mocnik: Missa brevis et simplex<br>Ola Gjeilo: Ubi caritas et amor<br>Anton Bruckner: In monte oliveti<br>Lieds\u00e4tze von Menschick und Bach<br>Gregorianik: Communio \u201eQui manducat carnem meam\u201c<\/p>\n\n\n\n<h4 class=\"wp-block-heading\">Karfreitag, 29. M\u00e4rz 2024<\/h4>\n\n\n\n<p><strong>8:30 Uhr \u2013 Trauermette (Lesehore und Laudes)<\/strong><br>Musikalisch gestaltet von der Capella Spirensis<br>Ludovico da Viadana: Psalmen in Falsibordoni-S\u00e4tzen<br>Ludovico da Victoria: Caligaverunt oculi mei und Vere languores nostros<br>William Byrd: Miserere mei<\/p>\n\n\n\n<p><strong>10:00 Uhr \u2013 Kreuzwegandacht f\u00fcr Kinder der Dom<\/strong><br>Musikalisch gestaltet von den Nachwuchs- und Aufbauch\u00f6ren des M\u00e4dchenchores und der<br>Domsingknaben<\/p>\n\n\n\n<p><strong>15:00 Uhr \u2013 Pontifikalliturgie<\/strong><br>mit Bischof Dr. Karl-Heinz Wiesemann und Weihbischof Otto Georgens (Predigt)<br>Musikalisch gestaltet von KathedralJugendChor und Domchor<br>Anton Bruckner: Christus factus est<br>Hermann Schroeder: Johannespassion<br>Felix Mendelssohn Bartholdy: Mein Gott, warum hast du mich verlassen<br>Gregorio Allegri: Miserere mei<br>Johann Sebastian Bach: O Haupt voll Blut und Wunden<\/p>\n\n\n\n<h4 class=\"wp-block-heading\">Karsamstag, 30. M\u00e4rz 2024<\/h4>\n\n\n\n<p><strong>8:00 Uhr \u2013 Trauermette (Lesehore und Laudes)<\/strong><br>Musikalisch gestaltet von der Capella Spirensis<br>Ludovico da Viadana: Psalmen in Falsibordoni-S\u00e4tzen<br>Ludovico da Victoria: Ecce quomodo moritur justus<br>Recessit pastor noster und Sepulto Domino<\/p>\n\n\n\n<p><strong>21:00 Uhr \u2013 Feier der Osternacht<\/strong><br>mit Bischof Dr. Karl-Heinz Wiesemann<br>Musikalisch gestaltet von dem KathedralJugendChor, dem Domchor und den Dombl\u00e4sern<br>Giovanni P. da Palestrina: Sicut cervus<br>Orlando di Lasso: Surrexit pastor bonus<br>Hans Leo Hassler: Missa \u201eEcce quam bonum\u201c<br>Lieds\u00e4tze von Tambling, Melchiori, u.a.<\/p>\n\n\n\n<h4 class=\"wp-block-heading\">Ostersonntag, 31. M\u00e4rz 2024<\/h4>\n\n\n\n<p><strong>10:00 Uhr \u2013 Pontifikalamt<\/strong><br>mit Bischof Dr. Karl-Heinz Wiesemann<br>Musikalisch gestaltet von den Nachwuchs- und Aufbauch\u00f6ren des M\u00e4dchenchores und der<br>Domsingknaben und den Dombl\u00e4sern<br>Christian M. Hei\u00df: Missa \u201ePueri Cantores Treverensis\u201c<br>Wipo von Burgund: Victimae paschali laudes<br>Myles Birket Foster: Christus erstanden von den Toten<br>Wechselges\u00e4nge aus dem Gotteslob<\/p>\n\n\n\n<p><strong>16:30 Uhr \u2013 Pontifikalvesper<\/strong><br>Musikalisch gestaltet vom Vokalensemble der Dommusik<br>Michael Praetorius: Nun freue dich, du Christenheit<br>Ludovico da Viadana: Exultate justi in Domino<br>Psalmen und Cantica der Ostervesper in Falsibordoni-S\u00e4tzen<br>Anton Bruckner: Tantum ergo B-Dur<br>Gregor Aichinger: Regina caeli<\/p>\n\n\n\n<h4 class=\"wp-block-heading\">Ostermontag, 1. April 2024<\/h4>\n\n\n\n<p><strong>10:00 Uhr \u2013 Pontifikalamt<\/strong><br>mit Weihbischof Otto Georgens<br>Musikalisch gestaltet vom Ferienchor der Dommusik<br>Christopher Tambling: Missa brevis in B<br>Josef Gabriel Rheinberger: Abendlied<br>Lieds\u00e4tze von Monk, H\u00fcttis, Rommelspacher, u.a.<\/p>\n\n\n\n<h4 class=\"wp-block-heading\">Passions-Konzert:<\/h4>\n\n\n\n<p><strong>Samstag, 23. M\u00e4rz 2024, 19:00 Uhr und Palmsonntag, 24. M\u00e4rz 2024, 16:00 Uhr<\/strong><br>in der Raumfahrthalle des Technik-Museums Speyer<br>Johann Sebastian Bach (1685-1750): Johannespassion<br>f\u00fcr Soli, Chor und Orchester, BWV 245<br>Mitglieder des Dance Theatre Heidelberg<br>Ivan P\u00e9rez, Choreographie<br>Benedikt Kristj\u00e1nsson, Evangelist * Markus Flaig, Christus * Magdalene Harer, Sopran<br>Andreas Scholl, Altus * Fabian Kelly, Tenor * Klaus Mertens, Bass<br>KathedralJugendChor Speyer * Barockorchester \u201eL\u2018arpa festante\u201c * Markus Melchiori, Leitung<\/p>\n\n\n\n<p><em>Text: Friederike Walter Foto: \u00a9 Domkapitel Speyer, Klaus Landry<br>18.03.2024<\/em><\/p>\n\n\n\n<h2 class=\"wp-block-heading\">\u201eUniformit\u00e4t geht schief, Vielfalt hat Zukunft\u201c<\/h2>\n\n\n\n<h3 class=\"wp-block-heading\">Fastenpredigt mit Bundespr\u00e4sident a.D. Prof. Dr. Horst K\u00f6hler im Speyerer Dom<\/h3>\n\n\n<div class=\"wp-block-image\">\n<figure class=\"aligncenter size-full\"><img decoding=\"async\" loading=\"lazy\" width=\"800\" height=\"602\" src=\"https:\/\/speyer24news.com\/wp-content\/uploads\/2024\/03\/Horst-Ko_hler13_m.jpg\" alt=\"\" class=\"wp-image-58927\" srcset=\"https:\/\/speyer24news.com\/wp-content\/uploads\/2024\/03\/Horst-Ko_hler13_m.jpg 800w, https:\/\/speyer24news.com\/wp-content\/uploads\/2024\/03\/Horst-Ko_hler13_m-300x226.jpg 300w, https:\/\/speyer24news.com\/wp-content\/uploads\/2024\/03\/Horst-Ko_hler13_m-768x578.jpg 768w, https:\/\/speyer24news.com\/wp-content\/uploads\/2024\/03\/Horst-Ko_hler13_m-678x509.jpg 678w, https:\/\/speyer24news.com\/wp-content\/uploads\/2024\/03\/Horst-Ko_hler13_m-326x245.jpg 326w, https:\/\/speyer24news.com\/wp-content\/uploads\/2024\/03\/Horst-Ko_hler13_m-80x60.jpg 80w\" sizes=\"(max-width: 800px) 100vw, 800px\" \/><figcaption class=\"wp-element-caption\">Bundespr\u00e4sident a.D. Prof. Dr. Horst K\u00f6hler bei seiner Fastenpredigt im Speyerer Dom<br><em><em>Foto: <\/em>\u00a9 Domkapitel, Klaus Landry<\/em><\/figcaption><\/figure><\/div>\n\n\n<p><strong>Speyer &#8211; <\/strong>Am Donnerstag, 14. M\u00e4rz, waren wieder zahlreiche Menschen in den Speyerer Dom gekommen, um dort eine Fastenpredigt zu h\u00f6ren. Als dritter und letzter Redner der diesj\u00e4hrigen Reihe war Bundespr\u00e4sident a.D. Prof. Dr. Horst K\u00f6hler in der romanischen Kathedrale zu h\u00f6ren. Wie Ministerpr\u00e4sident a.D. Peter M\u00fcller und ZDF-Chefredakteurin Bettina\u00a0Schausten\u00a0war auch er der Einladung des Domkapitels gefolgt, in der Fastenzeit einen \u201eaktivierenden und aufr\u00fcttelnden Akzent in der \u00f6sterlichen Bu\u00dfzeit\u201c zu setzen, wie Weihbischof und Dompropst Otto Georgens in der Ank\u00fcndigung der Reihe betonte. Bereits bei der Begr\u00fc\u00dfung durch Domdekan Dr. Kohl wurde Horst K\u00f6hler mit Applaus empfangen. Der Domdekan erinnerte an die Worte \u00fcber dem Hauptportal des Doms \u201eUt\u00a0unum\u00a0sint\u201c (dass sie eins seien) und verwies auf den Dom als ein Zeichen der Einheit unter den Christen und Nationen.<\/p>\n\n\n\n<p>Horst K\u00f6hler begann seine Ansprache mit der Feststellung, dass es durchaus von Vorteil sein k\u00f6nne, wenn einem nicht immer alle T\u00fcren offen st\u00fcnden. Dann n\u00e4mlich lassen sich vor dem Betreten des Speyerer Doms alle Relieftafeln des Bronzeportals bestaunen, darunter auch eine Szene, welche den spiralf\u00f6rmig gebauten Turm zu Babel zeige. Diese bekannte alttestamentliche Szene war bereits in der biblischen Lesung, die der Predigt vorausging, Thema gewesen. Dort wird geschildert, wie das Vorhaben der Menschen, einen Turm bis in den Himmel zu bauen, scheitert. Gott bremst es, indem er die Menschen mit einem Mal unterschiedliche Sprachen sprechen l\u00e4sst. Dies gelte als biblischer Erkl\u00e4rungsversuch, warum die Menschen durch Sprachen getrennt und uneins auf der Erde leben. In der Bibel r\u00fcckt hier die Menschheit als Ganze in den Fokus, bevor danach mit den Erzv\u00e4tern einzelne Personen in den Mittelpunkt treten.<\/p>\n\n\n\n<p>Auch angesichts der Vielzahl der heute in der Welt tobenden Konflikte sei diese biblische Diagnose eine Betrachtung wert, sagte K\u00f6hler. Von \u201eHass und Gewalt zwischen den europ\u00e4ischen V\u00f6lkern\u201c k\u00f6nne auch der Dom erz\u00e4hlen, so K\u00f6hler, und nannte den 30-j\u00e4hrigen Krieg und den pf\u00e4lzischen Erbfolgekrieg als Beispiele.<br>In der Erz\u00e4hlung vom Turmbau erscheine die Zerstreuung zun\u00e4chst als Fluch. Doch Gott habe auf das Bestreben der Menschen, sich gro\u00df zu machen, nicht mit Trotz und Eifersucht reagiert. Vielmehr habe er begriffen, welches Potenzial Menschen entfalten k\u00f6nnen, wo sie gemeinsam ein Ziel zu erreichen suchen. \u201eWir wissen aber auch, wie gef\u00e4hrlich es sein kann, wenn pl\u00f6tzlich alle eins sind und als gro\u00dfe Masse in Erscheinung treten\u201c, mahnte K\u00f6hler. Nicht selten zeige der Mensch dann seine h\u00e4sslichste Seite und werde \u201ezu Unvorstellbarem f\u00e4hig\u201c. Er lese diese Geschichte daher als eine Warnung, \u201ewo alle eins sind, wo Uniformit\u00e4t regiert, wom\u00f6glich alle die gleichen Lieder singen und im Gleichschritt marschieren, da gilt es wachsam zu sein, genau hinzuschauen und zu pr\u00fcfen, wessen Geistes Kind sie sind.\u201c<\/p>\n\n\n\n<p>In der Bibel versuchen die Menschen, sich mit dem Turmbau einen Namen zu machen. \u201eHochmut und Hybris bahnten sich in Babel ihren Weg in den Himmel \u2013 dagegen, und nicht gegen den zivilisatorischen Fortschritt, richtete sich der Widerspruch Gottes\u201c, sagte K\u00f6hler.<br>Machtmenschen, die sich einen Namen machen m\u00f6chten, f\u00e4nde man auch in der Gegenwart. Personen wie die Turmbauer von damals bezeichneten wir heute als Autokraten, die mit ihren Erz\u00e4hlungen von Wohlstand und Sicherheit ganze V\u00f6lker hinter sich scharrten. Hier w\u00fcnschen wir uns den Widerspruch Gottes gegen jene, die sich auf dem R\u00fccken von anderen den Weg nach oben bahnten.<\/p>\n\n\n\n<p>\u201eSollte unter den Tr\u00fcmmern des antiken Babel etwa die Hoffnung auf eine geeinte Menschheit begraben liegen?\u201c, fragte K\u00f6hler die anwesende Gemeinde. Die Idee einer Menschheit, die eins ist und gemeinsam Gro\u00dfes leiste, habe f\u00fcr ihn nichts von ihrer Faszination verloren. Individuelle Pr\u00e4gungen und Unterschiede d\u00fcrften jedoch nicht nivelliert werden, wenn so aufgegeben werden m\u00fcsse, was jeden und jede einzigartig mache. \u201eUniformit\u00e4t geht schief, Vielfalt hat Zukunft\u201c: Das ist f\u00fcr ihn die zentrale Botschaft der Turmbau-Erz\u00e4hlung. Vielfalt m\u00fcsse als Segen begriffen werden, \u201edenn nicht zuletzt in der Vielgestaltigkeit liegt der Reichtum menschlichen Lebens\u201c, sagte K\u00f6hler in seiner Predigt.<\/p>\n\n\n<div class=\"wp-block-image\">\n<figure class=\"aligncenter size-full\"><img decoding=\"async\" loading=\"lazy\" width=\"800\" height=\"576\" src=\"https:\/\/speyer24news.com\/wp-content\/uploads\/2024\/03\/Horst-Ko_hler23_m.jpg\" alt=\"\" class=\"wp-image-58928\" srcset=\"https:\/\/speyer24news.com\/wp-content\/uploads\/2024\/03\/Horst-Ko_hler23_m.jpg 800w, https:\/\/speyer24news.com\/wp-content\/uploads\/2024\/03\/Horst-Ko_hler23_m-300x216.jpg 300w, https:\/\/speyer24news.com\/wp-content\/uploads\/2024\/03\/Horst-Ko_hler23_m-768x553.jpg 768w\" sizes=\"(max-width: 800px) 100vw, 800px\" \/><figcaption class=\"wp-element-caption\">Speyer, spricht im Dom, Fastenpredigt, Bundespr\u00e4sident a.D. Dr. Horst K\u00f6hler<\/figcaption><\/figure><\/div>\n\n\n<p>Noch einmal kehrte er in seiner Ansprache an die Schwelle des Doms zur\u00fcck und verwies auf ein anderes Element des Portals. Der Schriftzug \u201eUt&nbsp;unum&nbsp;sint&nbsp;\u2013 dass sie eins seien\u201c gelte als Mahnung an alle Besucher des Doms. Diese Botschaft habe auch Helmut Kohl seinen ausl\u00e4ndischen Staatsg\u00e4sten immer mit auf den Weg gegeben. Diese Aufforderung erging an die Deutschen in Ost und West und die V\u00f6lker Europas. An diesem Punkt stellte der ehemalige Bundepr\u00e4sident die Frage, ob Einheit in Widerspruch zur Vielfalt stehe. \u201eDass die europ\u00e4ische Einheit nur eine Einheit in Vielfalt sein kann\u201c, habe Helmut Kohl begriffen. Der Kanzler der Einheit habe in der Pluralit\u00e4t eine nach Kohls Worten \u201ephantastische Chance\u201c gesehen.&nbsp; Auch Papst Franziskus habe vor zehn Jahren bei einer Rede vor dem Europaparlament den Wert der Vielfalt der V\u00f6lker Europas betont. Einheit bedeute nicht politische, wirtschaftliche, kulturelle oder gedankliche Uniformit\u00e4t, in Wirklichkeit lebe jede authentische Einheit vom Reichtum der Verschiedenheit, zitierte K\u00f6hler den Papst. \u201eWer am gemeinsamen Haus Europa&nbsp;mitbaut, tut dies nicht, um sich einen Namen zu machen, sondern um Freiheit und Demokratie zu Schutz und Ansehen zu verhelfen\u201c, so K\u00f6hlers Worte. Dazu z\u00e4hle auch die Europ\u00e4ische Einigung als Konsequenz auf die Kriegsschrecken den 20. Jahrhunderts, die als ein \u201eErfolgsversprechen f\u00fcr Deutschland\u201c zu begreifen sei. Der Angriffskrieg Russlands gegen die Ukraine zeige jedoch, dass eine Wehrf\u00e4higkeit ben\u00f6tigt w\u00fcrde &#8211; und sei \u201eein Weckruf an die EU Mitgliedsstaaten, eine Verteidigungsunion aufzubauen.\u201c Es gelte, der Ukraine weiterhin beizustehen und sich darauf vorzubereiten, dass die USA ihre Verteidigungsanstrengungen in Europa zur\u00fcckfahre.<\/p>\n\n\n\n<p>Das Pfingstwunder sei, so K\u00f6hler, das neutestamentliche Gegenst\u00fcck zum Turmbau zu Babel. Der Heilige Geist bewirkt dort, dass Menschen einander pl\u00f6tzlich verstehen. Die Vielfalt der Sprachen werde nicht aufgehoben, verl\u00f6re aber ihren trennenden Charakter. In der heutigen Zeit seien es die Vereinten Nationen, wo Ideen sichtbar w\u00fcrden, die der Menschheit gemein seien. Als Referenz benannte er Hans K\u00fcng, der durch seine wissenschaftliche Forschung gezeigt habe, dass das Weltethos in allen Religionen zu finden ist. Dieses Weltethos sieht K\u00f6hler auch in der Agenda 2030 der UN abgebildet, \u201eein Narrativ der Zusammenarbeit zum wechselseitigen Nutzen und zum Wohle aller Nationen\u201c. Zusammen mit dem Klimabeschluss von Paris sei dies der Rahmen f\u00fcr eine \u201egedeihliche Zusammenarbeit aller Nationen\u201c, sagte K\u00f6hler in seiner Rede im Speyerer Dom. Durch diese Zusammenarbeit k\u00f6nnten die V\u00f6lker der Welt dem Himmel ein wenig n\u00e4herkommen, indem sie f\u00fcreinander da seien und die Verantwortung f\u00fcr den Planeten gemeinsam wahrn\u00e4hmen. Bundespr\u00e4sident a.D. Horst K\u00f6hler machte dann die direkte, konkrete Umsetzung dieses Verst\u00e4ndnisses einer gemeinsamen Verantwortung deutlich und wandte sich direkt an Wladimir Putin mit der Aufforderung: \u201e\u00d6ffnen Sie sich f\u00fcr Gespr\u00e4che f\u00fcr eine Friedensl\u00f6sung nach geltendem V\u00f6lkerrecht\u201c.<\/p>\n\n\n\n<p>Als Christinnen und Christen folgen wir in der Passionszeit den Spuren Jesu, erinnerte K\u00f6hler zum Schluss seiner Predigt. Auf diesem Weg g\u00e4be es manche Schwelle, und wer klug sei, stolpere nicht einfach dar\u00fcber, sondern w\u00e4hle seine Schritte mit Bedacht. Der Bundespr\u00e4sident kam dann zu seinen Eingangsworten zur\u00fcck, in denen er zu bedenken gegeben hatte, dass es gut sei, wenn nicht immer alle T\u00fcren sofort offen st\u00fcnden. Es gelte, auf dem Weg innezuhalten und sich zu fragen: Wohin wollen wir? Welches Ziel streben wir an? Dann k\u00f6nne man \u201egeeint in Vielfalt und Verschiedenheit die richtigen Schritte gehen und darauf vertrauen, unser Gott geht mit uns.\u201c<\/p>\n\n\n\n<p>Die Zuh\u00f6rerinnen und Zuh\u00f6rer im vollbesetzten Dom dankten Bundespr\u00e4sident a.D. Horst K\u00f6hler mit lange anhaltendem Applaus. Diesem Dank schloss sich Domdekan Dr. Christoph Kohl an und sprach von einem \u201egro\u00dfen Moment des Innehaltens\u201c, den der Dom und die dort versammelte Gemeinde der Predigt K\u00f6hlers vermittelt habe. Die musikalische Gestaltung der Andacht hatte Domorganist Markus Eichenlaub \u00fcbernommen. Mit Musik von Johann Sebastian Bach, Jehan Alain und Maurice&nbsp;Durufl\u00e9&nbsp;setze er erg\u00e4nzende und vertiefende musikalische Akzente.<\/p>\n\n\n\n<p>F\u00fcr alle, welche den Worten der Fastenprediger des Jahres 2024 nicht live lauschen konnten, stehen die Gottesdienste auf den\u00a0Youtube\u00a0Kan\u00e4len von Dom,\u00a0Dommusik\u00a0und Bistum zur Verf\u00fcgung.<\/p>\n\n\n\n<p><em>Text: Friederike Walter Foto: \u00a9 Domkapitel Speyer, Klaus Landry<br>18.03.2024<\/em><\/p>\n\n\n\n<h2 class=\"wp-block-heading\">Oliven\u00f6l aus dem Heiligen Land<\/h2>\n\n\n\n<h3 class=\"wp-block-heading\">Orden der Ritter vom Heiligen Grab spendet \u00d6l zur Herstellung der Heiligen \u00d6le<\/h3>\n\n\n<div class=\"wp-block-image\">\n<figure class=\"aligncenter size-full\"><img decoding=\"async\" loading=\"lazy\" width=\"800\" height=\"624\" src=\"https:\/\/speyer24news.com\/wp-content\/uploads\/2024\/03\/Oel-aus-Jerusalem2_m.jpg\" alt=\"\" class=\"wp-image-58930\" srcset=\"https:\/\/speyer24news.com\/wp-content\/uploads\/2024\/03\/Oel-aus-Jerusalem2_m.jpg 800w, https:\/\/speyer24news.com\/wp-content\/uploads\/2024\/03\/Oel-aus-Jerusalem2_m-300x234.jpg 300w, https:\/\/speyer24news.com\/wp-content\/uploads\/2024\/03\/Oel-aus-Jerusalem2_m-768x599.jpg 768w\" sizes=\"(max-width: 800px) 100vw, 800px\" \/><figcaption class=\"wp-element-caption\"><em>v.l.: <\/em>Vertreter des Ordens der Ritter vom Heiligen Grab, Winfried\u00a0Szkutnik, Dr. Benedikt\u00a0Raether, Dr. Joachim Reger, Dr. Christian Pohl, Prof. Dr. Christopher Wolf, mit\u00a0Domsakristan Markus Belz und Domdekan und Domkustos Dr. Christoph Kohl bei der \u00dcbergabe des Oliven\u00f6ls in der Sakristei des Doms <br><em><em>Foto:<\/em><\/em> <em>\u00a9 Domkapitel Speyer,  Klaus Landry<\/em><\/figcaption><\/figure><\/div>\n\n\n<p><strong>Speyer &#8211;<\/strong> Der Orden der Ritter vom Heiligen Grab in Jerusalem setzt sich f\u00fcr die Christen im Heiligen Land und die St\u00e4rkung der Verbindung zwischen dem Heiligen Land und den in Deutschland lebenden Christen ein. Daher spendet die regionale Komturei des Ordens seit einigen Jahren aus Israel stammendes Oliven\u00f6l an den Dom. Dieses \u00d6l bildet die Basis f\u00fcr die Heiligen \u00d6le, welche im Bistum Speyer beispielsweise bei der Taufe oder Krankensalbungen zum Einsatz kommen. Vor dem Hintergrund der andauernden K\u00e4mpfe im Gaza-Streifen sowie der fortlaufenden sozialen Aktivit\u00e4ten und der Friedensarbeit der Gemeinschaft des Ritterordens hat diese Spende im Jahr 2024 besonderen Symbolcharakter. \u00dcbergeben wurden am 12. M\u00e4rz 30 Liter \u00d6l an den Domdekan und Kustos der Kathedrale, Dr. Christoph Maria Kohl, und an Domsakristan Markus Belz, durch den Leitenden Komtur des Ritterordens im Bistum Speyer, Prof. Dr. Christopher Wolf, und den Prior der Komturei, PD Dr. Joachim Reger. Das Oliven\u00f6l wird von den Sakristanen des Doms mit \u00e4therischen \u00d6len gemischt und bei der Chrisam-Messe am Montag, 25. M\u00e4rz, 17 Uhr durch Bischof Wiesemann im Dom geweiht.<\/p>\n\n\n\n<h4 class=\"wp-block-heading\">Die Heiligen \u00d6le<\/h4>\n\n\n\n<p>Die Heiligen \u00d6le bestehen aus einer Mischung aus Oliven\u00f6l und Harzen oder \u00e4therischen \u00d6len. Dabei unterscheidet man zwischen drei verschiedenen \u00d6len. Das wichtigste ist das Chrisam, welches unter anderem bei der Taufe, Firmung und bei der Priesterweihe verwendet wird. Au\u00dferdem gibt es noch das&nbsp;Kranken\u00f6l&nbsp;f\u00fcr das Sakrament der Krankensalbung und das&nbsp;Katechumenen\u00f6l, mit dem Taufbewerber vor der Taufe gesalbt werden. Da das Salben mit \u00d6l zur Zeit der Bibel nur K\u00f6nigen vorbehalten war, bringt die Salbung mit Chrisam zum Ausdruck, dass alle Menschen eine \u201ek\u00f6nigliche\u201c, unantastbare W\u00fcrde besitzen.<\/p>\n\n\n\n<p>Die \u00d6le werden in der Chrisam-Messe geweiht und zur Verteilung an die Kirchen des Bistums an deren Priester weitergegeben. Traditionell wurde die Chrisam-Messe am Gr\u00fcndonnerstag gefeiert. Inzwischen feiern viele Bist\u00fcmer bereits an einem fr\u00fcheren Tag der Karwoche. Die Chrisam-Messe im Speyerer Dom findet am Montag statt, um Priestern aus dem Bistum zu erm\u00f6glichen, zu der Messe zu kommen.<\/p>\n\n\n\n<h4 class=\"wp-block-heading\">Der Ritterorden vom Heiligen Grab zu Jerusalem<\/h4>\n\n\n\n<p>Der Ritterorden vom Hl. Grab zu Jerusalem ist ein p\u00e4pstlicher Orden, dem sowohl katholische Laien als auch Geistliche angeh\u00f6ren.\u00a0Der Ritterorden vom Heiligen Grab zu Jerusalem hat es sich zur besonderen Aufgabe gesetzt, die katholische Kirche im Heiligen Land, besonderes das Lateinische Patriachat, zu unterst\u00fctzen. Dies reicht vom Unterhalt der 51 Pfarrgemeinden des Patriachats und der Unterst\u00fctzung von \u00fcber 40 Schulen, zahlreichen Kinderg\u00e4rten, Sozialstationen und Altenheimen bis zur Ausbildung junger Leute und der direkten Hilfe f\u00fcr sozial Schwache und Benachteiligte. Ohne das Wirken des Ordens w\u00e4re die Arbeit vieler christlicher Einrichtungen und Gemeinschaften nicht m\u00f6glich. Die Einrichtungen selbst sind alle inklusiv, das bedeutet, dass sie Angeh\u00f6rigen aller Religionen offenstehen.<\/p>\n\n\n\n<p><em>Text: Friederike Walter Foto: \u00a9 Domkapitel Speyer, Klaus Landry<br>15.03.2024<\/em><\/p>\n\n\n\n<h2 class=\"wp-block-heading\">\u201eWie ein Baum den man f\u00e4llt\u2026\u201c<\/h2>\n\n\n\n<h3 class=\"wp-block-heading\">Benefizkonzert der Hospiz- und Trauerseelsorge Speyer<\/h3>\n\n\n<div class=\"wp-block-image\">\n<figure class=\"aligncenter size-full\"><img decoding=\"async\" loading=\"lazy\" width=\"500\" height=\"754\" src=\"https:\/\/speyer24news.com\/wp-content\/uploads\/2024\/03\/077-132-IMGP7729.jpg\" alt=\"\" class=\"wp-image-58936\" srcset=\"https:\/\/speyer24news.com\/wp-content\/uploads\/2024\/03\/077-132-IMGP7729.jpg 500w, https:\/\/speyer24news.com\/wp-content\/uploads\/2024\/03\/077-132-IMGP7729-199x300.jpg 199w\" sizes=\"(max-width: 500px) 100vw, 500px\" \/><\/figure><\/div>\n\n\n<p><strong>Speyer &#8211;<\/strong> Unter dem Titel \u201eWie ein Baum den man f\u00e4llt\u2026\u201c l\u00e4dt die Hospiz- und Trauerseelsorge des Bistums Speyer am Montag, 15. April, zu einem Benefizkonzert ein.<\/p>\n\n\n\n<p>Wie auch schon der Titel, der sich auf ein Lied des Musikers und K\u00fcnstlers Reinhard Mey bezieht, andeutet, stehen dessen Werke im Mittelpunkt der Veranstaltung.&nbsp;Ivo&nbsp;P\u00fcgner&nbsp;und seine Frau Marion interpretieren Lieder von Reinhard Mey, in denen dieser sich mit der Verg\u00e4nglichkeit des Lebens und seiner Trauer um seinen verstorbenen Sohn auseinandersetzt.&nbsp;&nbsp;<\/p>\n\n\n\n<p>Klinikseelsorgerin Andrea Knecht erz\u00e4hlt Geschichten und M\u00e4rchen, untermalt von Klanginstrumenten, die sie auch in der Sterbebegleitung nutzt.&nbsp;Die Zuh\u00f6rer werden auf eine eindrucksvolle Reise mitgenommen, \u00fcberqueren mit Freund Hein den Fluss und genie\u00dfen Frau Holles Apfelgarten.&nbsp;<\/p>\n\n\n\n<p>Das Benefizkonzert findet statt am <strong>Montag, 15. April 2024, um 19.00 Uhr<\/strong> in der Kirche des Priester- und Pastoralseminares St. German in Speyer. Der Eintritt ist frei. Ein Spendenk\u00f6rbchen f\u00fcr die Hospiz- und Trauerseelsorge steht bereit.\u00a0<\/p>\n\n\n\n<h4 class=\"wp-block-heading\">Weitere Termine im Jahresprogramm der Hospiz- und Trauerseelsorge Speyer finden Sie hier:&nbsp;<a href=\"https:\/\/deref-web.de\/mail\/client\/zblqQs1b7dg\/dereferrer\/?redirectUrl=https%3A%2F%2Fwww.bistum-speyer.de%2Ffileadmin%2Fuser_upload%2F1-0-0%2FHauptabteilung_I%2FDownloads%2FHA_I2%2FJahresprogramm_2024_Web.pdf\" target=\"_blank\" rel=\"noreferrer noopener\">https:\/\/www.bistum-speyer.de\/fileadmin\/user_upload\/1-0-0\/Hauptabteilung_I\/Downloads\/HA_I2\/Jahresprogramm_2024_Web.pdf<\/a><\/h4>\n\n\n\n<p><em>Text: Bistum Speyer Foto: Robert\u00a0Ziglioli<br>14.03.2024<\/em><\/p>\n\n\n\n<h2 class=\"wp-block-heading\">Vorstand des Dombauvereins im Amt best\u00e4tigt<\/h2>\n\n\n\n<h3 class=\"wp-block-heading\">R\u00fcckblick und Ausblick auf die Vereinsarbeit bei der j\u00e4hrlichen Mitgliederversammlung<\/h3>\n\n\n<div class=\"wp-block-image\">\n<figure class=\"aligncenter size-full\"><img decoding=\"async\" loading=\"lazy\" width=\"800\" height=\"600\" src=\"https:\/\/speyer24news.com\/wp-content\/uploads\/2024\/03\/IMG_9871_m.jpg\" alt=\"\" class=\"wp-image-58931\" srcset=\"https:\/\/speyer24news.com\/wp-content\/uploads\/2024\/03\/IMG_9871_m.jpg 800w, https:\/\/speyer24news.com\/wp-content\/uploads\/2024\/03\/IMG_9871_m-300x225.jpg 300w, https:\/\/speyer24news.com\/wp-content\/uploads\/2024\/03\/IMG_9871_m-768x576.jpg 768w, https:\/\/speyer24news.com\/wp-content\/uploads\/2024\/03\/IMG_9871_m-678x509.jpg 678w, https:\/\/speyer24news.com\/wp-content\/uploads\/2024\/03\/IMG_9871_m-326x245.jpg 326w, https:\/\/speyer24news.com\/wp-content\/uploads\/2024\/03\/IMG_9871_m-80x60.jpg 80w\" sizes=\"(max-width: 800px) 100vw, 800px\" \/><figcaption class=\"wp-element-caption\">Mitgliederversammlung des Dombauvereins 2024, am Podium der Vorsitzende Gottfried Jung<br><em><em>Foto:<\/em><\/em> <em>\u00a9 Domkapitel Speyer, Friederike Walter<\/em><\/figcaption><\/figure><\/div>\n\n\n<p><strong>Speyer &#8211;<\/strong> Wie immer waren zahlreiche Menschen der Einladung des Dombauvereins zur j\u00e4hrlichen Mitgliederversammlung gefolgt und hatten sich am 9. M\u00e4rz in der Aula des Nikolaus-von-Weis-Gymnasiums versammelt. Neben dem Bericht zur Vereinsarbeit stand auch die Neuwahl des Vorstandes auf der Tagesordnung. Hintergrundinformationen zu den vom Dombauverein unterst\u00fctzten Instandhaltungsma\u00dfnahmen bot Dombaumeistern Hedwig\u00a0Drabik\u00a0in ihrem Vortrag. Zuletzt stand noch eine besondere Versteigerung auf dem Programm.<\/p>\n\n\n\n<p>Nach der Begr\u00fc\u00dfung der Anwesenden durch den Vorstandsvorsitzenden Prof. Gottfried Jung folgte das traditionelle Gru\u00dfwort der Stadtspitze. Mit dem Satz \u201eWie gut Vereinsarbeit aussehen kann, zeigen Sie, liebe Mitglieder\u201c, lobte Oberb\u00fcrgermeisterin Stefanie Seiler das ehrenamtliche Engagement f\u00fcr den Erhalt des Doms. F\u00fcr die Europ\u00e4ische Stiftung Kaiserdom sprach deren Gesch\u00e4ftsf\u00fchrer Dr. Roman Nitsch ein Gru\u00dfwort. Er erl\u00e4uterte, dass Stiftung und Dombauverein je auf ihre Weise am Bauerhalt des Doms mitwirken. W\u00e4hrend der Dom das b\u00fcrgerschaftliche Engagement b\u00fcndelt, wirkt die Stiftung \u00fcber namhafte Pers\u00f6nlichkeiten. Beide Institutionen h\u00e4tten sich in den letzten beiden Jahren dar\u00fcber verst\u00e4ndigt, ihre Zusammenarbeit zu intensivieren \u201eum gemeinsam Kr\u00e4fte zu b\u00fcndeln\u201c. Nitsch wies auch darauf hin, dass auf Grund des zu erwartenden R\u00fcckgangs finanzieller Mittel der Kirche die Beitr\u00e4ge der F\u00f6rderinstitutionen in Zukunft ein wohl noch h\u00f6heres Gewicht bek\u00e4men.<\/p>\n\n\n\n<p>Den Gesch\u00e4ftsbericht begann Jung mit einem Lob an seine Vorstandskollegen, denen er f\u00fcr die gute Zusammenarbeit dankte. Dabei hob er das Kreativteam hervor, dass immer wieder neue Ideen f\u00fcr Produkte des Dombauvereins entwickele. In seinem Bericht hob der Vorsitzende in erster Linie die Bedeutung der Mitgliedergewinnung hervor. Den aktuellen Stand der Mitgliedschaften bezifferte er auf 2503. Mit dem Hinweis \u201ees ist noch Platz f\u00fcr viele Mitglieder\u201c bat er die Anwesenden darum, auf andere zuzugehen und zum Eintritt in den Verein zu bewegen. Um Nachwuchs zu werben bietet der Verein seit einem Jahr eine neue, kostenlose Jugendmitgliedschaft an.&nbsp;<\/p>\n\n\n\n<p>Eine weitere wichtige Einnahmequelle des Vereins sind die sogenannten Dombausteine. Dazu geh\u00f6ren einige Buchver\u00f6ffentlichungen \u00fcber den Dom. Das Buch \u201eDer salische&nbsp;Dombau\u201c konnte Anfang des Jahres wieder neu aufgelegt werden. Eine Erw\u00e4hnung wert war Jung auch der Kinderf\u00fchrer des Dombauvereins, der in der Dom-Info erh\u00e4ltlich ist.<\/p>\n\n\n\n<p>Zu den beliebten und etablierten Angeboten des Vereins geh\u00f6ren die Wissenschaftlichen Foren, von denen das erste in diesem Jahr mit einem Vortrag zum Bayernk\u00f6nig Ludwig I. durch Museumsdirektor Prof. Alexander Schubert bereits stattgefunden hatte. An dieser Stelle lud Jung zum Besuch des Vortrags von Prof. Bernd Schneidm\u00fcller \u201eKonrad II. wird K\u00f6nig\u201c. Das erfolgreiche Konzertformat \u201eBaden schaut \u00fcber den Rhein\u201c erf\u00e4hrt in diesem Jahr eine Fortsetzung, obwohl der langj\u00e4hrige Organisator Udo Heidt inzwischen verstorben ist. Ihm und der langj\u00e4hrigen stellvertretenden Vorsitzenden Gudrun&nbsp;Lanig&nbsp;wurde durch einen Moment der Stille gedacht.<\/p>\n\n\n\n<p>Der Kassenbericht des Vereins wurde von Schatzmeister Winfried&nbsp;Szkutnik&nbsp;erbracht. Durch Einnahmen des Vereins \u00fcber Mitgliedsbeitr\u00e4ge, den Verkauf von Dombausteinen und Spenden konnte, abz\u00fcglich der Personal- und Materialkosten, ein Vereinsergebnis von 136.000 \u20ac Euro erzielt werden.&nbsp;Szkutnik&nbsp;war mit diesem Ergebnis, dem zweitbesten seit 2010, sehr zufrieden. Insgesamt habe der Verein seit seiner Gr\u00fcndung 1995 8.657.000 Euro zum Erhalt des Domes beigetragen. Die Rechnungspr\u00fcfer Wilhelm&nbsp;Treutle&nbsp;und Georg&nbsp;Emes&nbsp;hatten keine Beanstandungen, so dass der Vorstand per Akklamation entlastet wurde.<\/p>\n\n\n\n<p>Turnusgem\u00e4\u00df stand bei der Mitgliederversammlung die Neuwahl des Vorstandes an. In offener Abstimmung unter der Wahlleitung von Oberb\u00fcrgermeisterin Stefanie Seiler wurden zun\u00e4chst der Vorsitzende des Vorstands Prof. Dr. Gottfried Jung, seine Stellvertreterin Dr. Barbara Schmidt-Nechl\u00a0und Schatzmeister Winfried\u00a0Szkutnik\u00a0jeweils einstimmig im Amt best\u00e4tigt. Die sechs Beisitzer wurden in einer gemeinsamen Abstimmung ebenfalls ohne Gegenstimmen gew\u00e4hlt. Damit geh\u00f6ren dem Vorstand erneut an: Franz\u00a0Dudenh\u00f6ffer, Gabriele Fischer, G\u00fcnter Frei, Carmen\u00a0Gahmig, Monika Hoff und Hans-Joachim Ritter. Als geborene Mitglieder sind von Amts wegen im Vorstand vertreten: der Kustos des Doms, Domdekan Dr. Christoph Kohl, Dompfarrer Matthias Bender sowie Dombaumeisterin Hedwig\u00a0Drabik.<\/p>\n\n\n<div class=\"wp-block-image\">\n<figure class=\"aligncenter size-full\"><img decoding=\"async\" loading=\"lazy\" width=\"800\" height=\"600\" src=\"https:\/\/speyer24news.com\/wp-content\/uploads\/2024\/03\/IMG_5687_m.jpg\" alt=\"\" class=\"wp-image-58932\" srcset=\"https:\/\/speyer24news.com\/wp-content\/uploads\/2024\/03\/IMG_5687_m.jpg 800w, https:\/\/speyer24news.com\/wp-content\/uploads\/2024\/03\/IMG_5687_m-300x225.jpg 300w, https:\/\/speyer24news.com\/wp-content\/uploads\/2024\/03\/IMG_5687_m-768x576.jpg 768w, https:\/\/speyer24news.com\/wp-content\/uploads\/2024\/03\/IMG_5687_m-678x509.jpg 678w, https:\/\/speyer24news.com\/wp-content\/uploads\/2024\/03\/IMG_5687_m-326x245.jpg 326w, https:\/\/speyer24news.com\/wp-content\/uploads\/2024\/03\/IMG_5687_m-80x60.jpg 80w\" sizes=\"(max-width: 800px) 100vw, 800px\" \/><figcaption class=\"wp-element-caption\">War bei der Mitgliederversammlung Thema: Probleme bei der Wasserf\u00fchrung im Dom<em> <\/em><br><em><em>Foto:<\/em><\/em> <em>\u00a9 Domkapitel Speyer, Hedwig\u00a0Drabik<\/em><\/figcaption><\/figure><\/div>\n\n\n<p>Dass der Dombauverein f\u00fcr den Erhalt des Doms dringend ben\u00f6tigt wird, machte Dombaumeisterin Hedwig&nbsp;Drabik&nbsp;in ihrem Bericht \u00fcber die Bauma\u00dfnahmen deutlich. Als im vergangenen Jahr durchgef\u00fchrte Ma\u00dfnahmen, welche die Europ\u00e4ische Stiftung und der Dombauverein finanziell erm\u00f6glicht hatten, nannte sie die neue Beschallungsanlage, die Erneuerung der&nbsp;L\u00e4uteanlage&nbsp;sowie des Fahrstuhls in der Sakristei. In Erg\u00e4nzung des vom Dombauverein gestifteten Grundrissmodells war 2023 ein von der Stiftung finanziertes Grundrissmodell des Doms aufgestellt worden. Als Ma\u00dfnahme, die 2023 begonnen wurde und 2024 fortgesetzt wird, nannte&nbsp;Drabik&nbsp;die Reinigung der Fu\u00dfb\u00f6den im Dom. Die mit dem Kultursponsoring der Firma K\u00e4rcher realisierte Reinigung des&nbsp;Kryptabodens&nbsp;habe gute Ergebnisse erzielt, so dass mit gleicher Methode die Sandsteinb\u00f6den im Hauptraum der Kirche fortgef\u00fchrt werden sollen. Ma\u00dfnahmen zur Verbesserung der Entw\u00e4sserung des Doms und vor allem die Sanierung der&nbsp;Ostt\u00fcrme&nbsp;geh\u00f6rten zu den n\u00e4chsten gro\u00dfen Ma\u00dfnahmen am Dom. Kleinere Ma\u00dfnahmen wie die&nbsp;Verseilungsanlage&nbsp;am Glockenturm, die turnusm\u00e4\u00dfige Reinigung der Vorhalle sowie die \u00dcberarbeitung der Gitter am \u00d6lberg seien aber ebenso wichtig zur Wartung und Pflege.&nbsp;Restauratorische&nbsp;Konzepte zur Reinigung des \u00d6lbergs und zur Restaurierung der&nbsp;Schraudolph-Malerei \u00fcber dem Hauptportal geh\u00f6ren zu den Aufgaben der kommenden Jahre.&nbsp;Drabik&nbsp;dankte dem Verein und seinen Mitgliedern f\u00fcr ihr ideelles und finanzielles Engagement.<\/p>\n\n\n\n<p>Nach der Ehrung der 10- und 20-j\u00e4hrigen Mitglieder wurde zum Abschluss der Mitgliederversammlung noch ein vom Steinmetzbetrieb Uhrig gestifteter Sandstein mit Dom-Silhouette versteigert. So konnte sich der Vorsitzende des Dombauvereins Gottfried Jung abschlie\u00dfend \u00fcber 400 Euro Erl\u00f6s f\u00fcr den Domerhalt freuen.<\/p>\n\n\n\n<p><em>Text: Friederike Walter Foto: (1) \u00a9 Domkapitel Speyer, Friederike Walter; (2) \u00a9 Domkapitel Speyer, Hedwig Drabik<br>13.03.2024<\/em><\/p>\n\n\n\n<h2 class=\"wp-block-heading\">In die Pedale treten f\u00fcr Misereor<\/h2>\n\n\n\n<h3 class=\"wp-block-heading\">Rad-Challenge von Christoph Fuhrbach: 54-mal ums Hambacher Schloss<\/h3>\n\n\n<div class=\"wp-block-image\">\n<figure class=\"aligncenter size-full\"><img decoding=\"async\" loading=\"lazy\" width=\"800\" height=\"600\" src=\"https:\/\/speyer24news.com\/wp-content\/uploads\/2024\/03\/Fuhrbach_Hambacher_Schloss.jpg\" alt=\"\" class=\"wp-image-58933\" srcset=\"https:\/\/speyer24news.com\/wp-content\/uploads\/2024\/03\/Fuhrbach_Hambacher_Schloss.jpg 800w, https:\/\/speyer24news.com\/wp-content\/uploads\/2024\/03\/Fuhrbach_Hambacher_Schloss-300x225.jpg 300w, https:\/\/speyer24news.com\/wp-content\/uploads\/2024\/03\/Fuhrbach_Hambacher_Schloss-768x576.jpg 768w, https:\/\/speyer24news.com\/wp-content\/uploads\/2024\/03\/Fuhrbach_Hambacher_Schloss-678x509.jpg 678w, https:\/\/speyer24news.com\/wp-content\/uploads\/2024\/03\/Fuhrbach_Hambacher_Schloss-326x245.jpg 326w, https:\/\/speyer24news.com\/wp-content\/uploads\/2024\/03\/Fuhrbach_Hambacher_Schloss-80x60.jpg 80w\" sizes=\"(max-width: 800px) 100vw, 800px\" \/><\/figure><\/div>\n\n\n<p><strong>Aachen \/ Speyer &#8211;<\/strong> Radeln und dabei Gutes tun &#8211; das ist seit vielen Jahren die Devise von Christoph Fuhrbach. Der 53j\u00e4hrige Neust\u00e4dter tritt am kommenden Sonntag, 17.3.2024, f\u00fcr das katholische Werk f\u00fcr Entwicklungszusammenarbeit Misereor aus Aachen in die Pedale. Er hat sich das Ziel gesetzt, 54-mal rund ums Hambacher Schloss zu fahren, von sechs Uhr morgens bis sieben Uhr abends. Das w\u00e4ren insgesamt 8.848 H\u00f6henmeter, so viele wie vom Niveau des Meeresspiegels bis zum Gipfel des h\u00f6chsten Bergs der Erde, dem Mount Everest. \u201eDie Chance, das zu schaffen, liegt bei 50 Prozent\u201c, so die vorsichtige Prognose Fuhrbachs.<\/p>\n\n\n\n<p>Der Ausdauersportler will mit der Aktion auf die Arbeit von Misereor f\u00fcr eine gerechtere, nachhaltigere, lebenswertere und bessere Welt hinweisen. Dabei m\u00f6chte er auch Spenden sammeln: Mindestens 8.848 Euro, also f\u00fcr jeden H\u00f6henmeter einen Euro. Das Geld kommt zu 100 Prozent Projekten von Misereor zugute. Die Rad-Challenge findet am Hambacher Schloss statt, weil Fuhrbach damit auch ein Zeichen f\u00fcr Demokratie und Menschenrechte setzen m\u00f6chte, bei uns &#8211; und weltweit.<\/p>\n\n\n\n<p>Interessierte sind eingeladen, Christoph Fuhrbach bei seiner Rad-Challenge anzufeuern: Ab nachmittags gibt es bei einer Tasse Kaffee am Busparkplatz unterhalb des Schlosses ein moderiertes Programm mit Musik und Gespr\u00e4chen &#8211; in Zusammenarbeit mit dem Bistum Speyer. Interessierte k\u00f6nnen gerne auch mitradeln: Einmal, f\u00fcnfmal oder auch 54-mal. Weitere Informationen und die M\u00f6glichkeit zum Spenden unter:&nbsp;<a href=\"https:\/\/deref-web.de\/mail\/client\/9m0GM9mRoRs\/dereferrer\/?redirectUrl=http%3A%2F%2Fwww.misereor.de%2Fradchallenge\" target=\"_blank\" rel=\"noreferrer noopener\">www.misereor.de\/radchallenge<\/a>.<\/p>\n\n\n\n<p><em>Text: Misereor Foto: Pilger<br>12.03.2024<\/em><\/p>\n\n\n\n<h2 class=\"wp-block-heading\">Neue Ansprechpartnerin f\u00fcr Presse- und Medienanfragen<\/h2>\n\n\n\n<h3 class=\"wp-block-heading\">Lara Sturm verst\u00e4rkt das Presseteam der Landeskirche<\/h3>\n\n\n<div class=\"wp-block-image\">\n<figure class=\"aligncenter size-full\"><img decoding=\"async\" loading=\"lazy\" width=\"500\" height=\"713\" src=\"https:\/\/speyer24news.com\/wp-content\/uploads\/2024\/03\/20240312-Neue-Pressesprecherin-Lara-Sturm-Foto.jpg\" alt=\"\" class=\"wp-image-58934\" srcset=\"https:\/\/speyer24news.com\/wp-content\/uploads\/2024\/03\/20240312-Neue-Pressesprecherin-Lara-Sturm-Foto.jpg 500w, https:\/\/speyer24news.com\/wp-content\/uploads\/2024\/03\/20240312-Neue-Pressesprecherin-Lara-Sturm-Foto-210x300.jpg 210w\" sizes=\"(max-width: 500px) 100vw, 500px\" \/><figcaption class=\"wp-element-caption\">Das Team \u201eKommunikation &amp; Presse\u201c der Landeskirche begr\u00fc\u00dft einen Neuzugang: Lara Sturm ist seit M\u00e4rz als Pressesprecherin t\u00e4tig. <br><em>Foto: privat<\/em><\/figcaption><\/figure><\/div>\n\n\n<p><strong>Speyer &#8211;<\/strong> Seit M\u00e4rz ist Lara Sturm Pressesprecherin der Evangelischen Kirche der Pfalz. Die 31-J\u00e4hrige ist gemeinsam mit Eva Stern Ansprechpartnerin f\u00fcr Journalistinnen und Journalisten. Neben der Medienarbeit k\u00fcmmert sich das Team \u201eKommunikation &amp; Presse\u201c unter der Leitung von Felix Kirschbacher um die evangelische Rundfunkarbeit, Mitgliederkommunikation, Website-Arbeit f\u00fcr Gemeinden und Einrichtungen, das \u201eGemeindeblatt f\u00fcr die Pfalz\u201c und um landeskirchliche Projekte.<\/p>\n\n\n\n<h3 class=\"wp-block-heading\">Vom Journalismus zur kirchlichen \u00d6ffentlichkeitsarbeit<\/h3>\n\n\n\n<p>Sturm ist Germanistin und Redakteurin. Nach einem Volontariat beim Mannheimer Morgen und der anschlie\u00dfenden dortigen Leitung des Wochenend-Magazins begann sie ihr Master-Studium. W\u00e4hrend dieser Zeit arbeitete die zweifache Mutter als freiberufliche Journalistin. \u201eAls Lokalredakteurin war es mir ein Anliegen Informationen f\u00fcr alle verst\u00e4ndlich zu transportierten und Geschichten zu erz\u00e4hlen, die die Menschen bewegen\u201c, erz\u00e4hlt Sturm. \u201eDieses Ziel nehme ich mit in meine T\u00e4tigkeit innerhalb der Kirche.\u201c<\/p>\n\n\n\n<h3 class=\"wp-block-heading\">Zukunftsprozesse der Kirche<\/h3>\n\n\n\n<p>Die Evangelische Kirche der Pfalz will in einer sich wandelnden, durch Digitalisierung, Pluralisierung und Individualisierung gepr\u00e4gten Gesellschaft organisatorisch und strukturell neue Impulse setzen. \u201eIch freue mich darauf, diese Zukunftsprozesse mit meinen neuen Kollegen und Kolleginnen auf dem Gebiet der pf\u00e4lzischen Landeskirche medial zu begleiten\u201c, sagt Sturm.<\/p>\n\n\n\n<h3 class=\"wp-block-heading\">Kontakt<\/h3>\n\n\n\n<p>Lara Sturm<br>Pressesprecherin<br>Kommunikation &amp; Presse<br>Evangelische Kirche der Pfalz<br>(Protestantische Landeskirche)<\/p>\n\n\n\n<p>Landeskirchenrat<br>Domplatz 5<br>67346 Speyer<\/p>\n\n\n\n<p>Tel.: 06232 667-133<\/p>\n\n\n\n<p><a><strong>presse@evkirchepfalz.de<\/strong><\/a><\/p>\n\n\n\n<p><em>Text: Evangelische Kirche der Pfalz (Protestantische Landeskirche) Foto: privat<br>12.03.2024<\/em><\/p>\n\n\n\n<h2 class=\"wp-block-heading\">Die Bedeutung von R\u00e4umen f\u00fcr Dialog und Begegnung<\/h2>\n\n\n\n<h3 class=\"wp-block-heading\">Fastenpredigt von ZDF-Chefredakteurin Bettina\u00a0Schausten\u00a0im Speyerer Dom<\/h3>\n\n\n<div class=\"wp-block-image\">\n<figure class=\"aligncenter size-full\"><img decoding=\"async\" loading=\"lazy\" width=\"800\" height=\"601\" src=\"https:\/\/speyer24news.com\/wp-content\/uploads\/2024\/03\/Bettina-Schausten7.jpg\" alt=\"\" class=\"wp-image-58935\" srcset=\"https:\/\/speyer24news.com\/wp-content\/uploads\/2024\/03\/Bettina-Schausten7.jpg 800w, https:\/\/speyer24news.com\/wp-content\/uploads\/2024\/03\/Bettina-Schausten7-300x225.jpg 300w, https:\/\/speyer24news.com\/wp-content\/uploads\/2024\/03\/Bettina-Schausten7-768x577.jpg 768w, https:\/\/speyer24news.com\/wp-content\/uploads\/2024\/03\/Bettina-Schausten7-678x509.jpg 678w, https:\/\/speyer24news.com\/wp-content\/uploads\/2024\/03\/Bettina-Schausten7-326x245.jpg 326w, https:\/\/speyer24news.com\/wp-content\/uploads\/2024\/03\/Bettina-Schausten7-80x60.jpg 80w\" sizes=\"(max-width: 800px) 100vw, 800px\" \/><figcaption class=\"wp-element-caption\">Bettina\u00a0Schausten\u00a0bei ihrer Fastenpredigt im Speyerer Dom<em> <\/em><br><em><em>Foto:<\/em><\/em> <em>\u00a9 Domkapitel Speyer, Klaus Landry<\/em><\/figcaption><\/figure><\/div>\n\n\n<p><strong>Speyer &#8211; <\/strong>Mit der Fernsehjournalistin Bettina\u00a0Schausten\u00a0wurde am Donnerstag, 7. M\u00e4rz, die Reihe der Fastenpredigten im Speyerer Dom fortgef\u00fchrt.\u00a0Schausten\u00a0hatte bereits zuvor angek\u00fcndigt, angesichts von durch Kriegen und multiplen Krisen ausgel\u00f6ster Unsicherheit \u00fcber die Bedeutung von R\u00e4umen f\u00fcr Dialog und Begegnung \u2013 auch in den Medien \u2013 zu sprechen.<\/p>\n\n\n\n<p>Begr\u00fc\u00dft wurde&nbsp;Schausten&nbsp;im voll besetzten Dom durch Domdekan Dr. Christoph Kohl, der die Andacht liturgisch leitete. \u201eMit Ihnen ist jemand da, der eine einflussreiche Position bei den Medien hat und daher auch Einfluss hat und pr\u00e4gen kann\u201c, nahm er Bezug auf das Anliegen der Fastenpredigten, einen Impuls zum Nachdenken zu setzen.<\/p>\n\n\n\n<p>Der Lesungstext aus dem 1. Korintherbrief des Apostels Paulus hat die Spaltung der fr\u00fchchristlichen Gemeinde zum Thema. Paulus ruft darin zur Einheit auf: \u201eSeid alle einm\u00fctig und duldet keine Spaltungen unter euch.\u201c Dieses Bibelwort nahm&nbsp;Schausten&nbsp;in ihrer Predigt immer wieder auf.<\/p>\n\n\n\n<p>Was eint uns, was spaltet uns? Als politische Journalistin und Vertreterin eines gro\u00dfen Mediums wolle sie hierzu eine Einsch\u00e4tzung geben. Sie s\u00e4he ein Land in der Zeitenwende, nerv\u00f6s und unsicher. Der Angriffskrieg Russlands mache deutlich, dass Frieden und Wohlstand in Europa nicht selbstverst\u00e4ndlich sind. Auch die Reaktionen auf den Krieg im Gaza-Streifen zeugten von einer aufgeheizten Stimmung, einem steigenden Unsicherheitsempfinden und einem Klima der Angst und Unsicherheit und f\u00fchrten zur Polarisierung. Inflation, eine schw\u00e4chelnde Wirtschaft und die gewaltige Transformationsaufgabe der Industrie f\u00fchrten zu einer Unsicherheit, die eigene wirtschaftliche Zukunft betreffend.&nbsp;Schausten&nbsp;wies angesichts dieser Entwicklung auf schwindende Solidarit\u00e4t hin: \u201eJede Interessengruppe k\u00e4mpft f\u00fcr sich und die Mittel des Kampfes werden radikaler\u201c, so die Beobachtung der Journalistin.<\/p>\n\n\n\n<p>Verunsicherungen seien sp\u00fcrbar, auch angesichts der noch nicht bew\u00e4ltigten Folgen der Corona-Krise, so&nbsp;Schausten. Diese Krise habe auch den Trend zur Radikalit\u00e4t und zur Unvers\u00f6hnlichkeit der Meinungen verst\u00e4rkt. Die digitale \u00d6ffentlichkeit lasse Raum auch f\u00fcr die abseitigsten Meinungen. Die Algorithmen der Sozialen Medien befeuerten dies,&nbsp;Fake-News seien durch die M\u00f6glichkeiten der KI immer schwieriger zu erkennen. Dadurch w\u00fcrden Unsinn und L\u00fcgen oft best\u00e4tigt und blieben unwidersprochen. \u201eHass und Hetze sind das Grundrauschen in einer Welt, in der der Kompromiss ziemlich wenig Konjunktur hat\u201c, folgerte&nbsp;Schausten. Belohnt w\u00fcrden die Extreme, was Populisten sich zu Nutze machen k\u00f6nnten, sagte die Journalistin mit Blick auf das anstehende Wahljahr. Hinter verschlossenen T\u00fcren agierten radikale Kr\u00e4fte anders als in TV-Talkshows, in denen sie sich \u201eden Schafspelz\u201c \u00fcberw\u00fcrfen. Mit der Frage \u201eWas nun?\u201c beendete sie den ersten Teil ihrer Predigt.<\/p>\n\n\n\n<p>Nach einem Orgelst\u00fcck \u201eHerzlich tut mich verlangen\u201c von Johannes Brahms, gespielt von Domorganist Markus Eichenlaub, fuhr&nbsp;Schausten&nbsp;mit ihrer Predigt fort. Die Fastenzeit biete eine M\u00f6glichkeit zum Nachdenken \u00fcber die \u201enerv\u00f6se, unsichere und erhitzte Gesellschaft\u201c, sagte&nbsp;Schausten. F\u00fcnf Denkanst\u00f6\u00dfe wolle sie als \u201eChristin und Journalistin\u201c geben.<\/p>\n\n\n\n<p>Der erste lautete \u201eVerzweiflung ist keine Option\u201c. Es g\u00e4be zwar Anlass zur Sorge, aber noch mehr f\u00fcr Zuversicht. \u201eWenn wir auf unser Land schauen, sehen wir: Unsere Demokratie ist stark\u201c. Ein Zeichen hierf\u00fcr sieht&nbsp;Schausten&nbsp;in den Demonstrationen gegen die Demokratiefeinde, die dieser Tage in ganz Deutschland stattfinden. Kritik an Regierungshandeln sei ohne Frage m\u00f6glich und angebracht. Aber die Erz\u00e4hlung des Scheiterns der Demokratie nutze den Populisten und mache sie \u201ebedeutender, als sie sind &#8211; eine laute Minderheit\u201c. \u201eDie Leisen h\u00f6rbar zu machen, ist auch eine Aufgabe der Medien\u201c, folgerte&nbsp;Schausten. Die Medien seien damit auch aufgerufen, trotz aller Kritik an der Politik \u201edas Gelingen demokratischer Verfasstheit zu zeigen\u201c.<\/p>\n\n\n\n<p>Als zweiten Punkt deutete sie den Lesungstext als Appell von Paulus, Gr\u00e4ben zu \u00fcberwinden auch bei unterschiedlicher Herkunft, \u00dcberzeugung oder Ansicht. Die gemeinsame Grundlage f\u00fcr Christen sei der Glaube an Jesus. In einer \u00dcbertragung sei es f\u00fcr uns das Grundgesetz, dem das christliche Menschenbild zu Grunde liegt, sagte&nbsp;Schausten, und verwies damit zugleich auf die Predigt von Peter M\u00fcller, der eine Woche zuvor im Dom gesprochen hatte. \u201eDas christliche Menschbild feiert die Vielfalt, jeder wird angenommen, wie er ist, und niemand darf sich \u00fcber andere erheben\u201c, so&nbsp;Schausten. Die Vielfalt der Meinungen zu zeigen, sei wichtig f\u00fcr die Demokratie und werde daher auch zurecht vom \u00f6ffentlichen Rundfunkt eingefordert. Die Demokratie brauche die Vielfalt und das Ringen um die besten L\u00f6sungen. Der \u00f6ffentliche, beitragsfinanzierte Rundfunk habe die Aufgabe, R\u00e4ume f\u00fcr den Austausch unterschiedlicher Meinungen zu schaffen. \u201eWozu wir nicht verpflichtet sind, ist Demokratiefeinden eine Plattform zu geben\u201c, stellte&nbsp;Schausten&nbsp;klar, da diese nicht auf einen Meinungsaustausch, sondern die Spaltung abzielten.<\/p>\n\n\n\n<p>In Krisenzeiten brauche es Orientierung. \u201eJe besser informiert, umso weniger Angst\u201c: Darauf verwies&nbsp;Schausten&nbsp;als dritten Denkansto\u00df. Den Medien komme dabei besondere Verantwortung zu. Sie k\u00f6nnten Anker sein, indem sie Informationen verifizierten und einordneten. Die \u00f6ffentlich-rechtlichen Sender m\u00fcssten um ihre Glaubw\u00fcrdigkeit k\u00e4mpfen, genie\u00dfen jedoch noch immer das Vertrauen der Mehrheit. Die Verpflichtung, Orientierung zu bieten und R\u00e4ume der Vertrautheit, dazu geh\u00f6rten das \u201eHeute Journal\u201c oder die Polit-Talk-Shows, vielleicht aber auch \u201eDer Bergdoktor\u201c. Die \u00f6ffentlich-rechtlichen Formate seien R\u00e4ume der Begegnung, des Trostes, des Nachdenkens.<\/p>\n\n\n\n<p>In Zeiten der digitalen Transformation sei unser Handy ein Raum der Vertrautheit. In den sozialen Medien lauere jedoch auch \u201eviel Abgrund in Form von Mobbing, Verachtung, Hass und H\u00e4me\u201c. Ein moderner Trend sei daher \u201edigital&nbsp;Detox\u201c, also der Verzicht auf das Handy. In ihrem vierten Punkt der Predigt \u00e4u\u00dferte Bettina&nbsp;Schausten&nbsp;damit die Idee einer \u201edigitalen Fastenzeit\u201c. Wer dies praktiziere, folge mit dem Verzicht auf Liebgewordenes einer alten Fastenregel. Im Fall des Verzichts auf die sozialen Medien f\u00f6rdere dies die pers\u00f6nliche Begegnung, die im echten Leben deutlich netter sei, als im Netz.<\/p>\n\n\n\n<p>\u201eWarum versuchen wir es in diesen Wochen nicht einmal mit weniger Meinung, weniger Urteil und noch weniger Verurteilung?\u201c, fragte&nbsp;Schausten&nbsp;und leitete damit den f\u00fcnften und letzten Denkansto\u00df ihrer Predigt ein. \u201eG\u00f6nnen wir uns eine Phase, in der wir nicht durchsetzen wollen, sondern zuh\u00f6ren und offen sind daf\u00fcr, dass der andere vielleicht Recht haben k\u00f6nnte.\u201c Damit gebe man der M\u00f6glichkeit des Gemeinsamen dem Vorzug vor dem Trennenden. Die Journalistin schloss mit der Aufforderung, bis Ostern ernst zu machen mit Paulus\u2018 Mahnung: \u201eund duldet keine Spaltung unter euch.\u201c<\/p>\n\n\n\n<p>Domorganist Markus Eichenlaub gestaltete die Andacht musikalisch mit Orgelwerken von Johannes Brahms. Die dritte und letzte Fastenpredigt folgt am Donnerstag, 14. M\u00e4rz, 19:30 Uhr. Bundespr\u00e4sident a.D. Horst K\u00f6hler wird dann im Dom einen Impuls zur Fastenzeit sprechen. Auch diese Predigt wird live auf den\u00a0Social\u00a0Media Kan\u00e4len von Dom und Bistum \u00fcbertragen.<\/p>\n\n\n\n<p><em>Text: Friederike Walter Foto: \u00a9 Domkapitel Speyer, Klaus Landry<br>11.03.2024<\/em><\/p>\n\n\n\n<h2 class=\"wp-block-heading\">Benefizkonzerte der D-Tones Bigband am 24. M\u00e4rz und 13. April in Speyer<\/h2>\n\n\n\n<p>Die Bigband der Diakonissen Speyer \u201eD-Tones\u201c veranstaltet am Sonntag, den 24. M\u00e4rz, um 17 Uhr sowie am Samstag, den 13. April, um 19 Uhr ein Benefizkonzert zugunsten des Hospizes im Wilhelminenstift. Unter dem Motto \u201eTurn the beat around\u201c pr\u00e4sentiert die Bigband abwechslungsreiche Musik von Swing \u00fcber Latin bis Rock, inklusive gef\u00fchlvoller Balladen und temporeicher Gesangsst\u00fccke.<\/p>\n\n\n\n<p>Der Eintritt ist frei. Um Spenden f\u00fcr die Hospizarbeit der Diakonissen Speyer wird gebeten.<\/p>\n\n\n\n<h4 class=\"wp-block-heading\">Daten im \u00dcberblick: Benefizkonzerte der D-Tones Bigband<\/h4>\n\n\n\n<ul>\n<li><strong>Sonntag, 24. M\u00e4rz 2024, 17 Uhr<\/strong><\/li>\n\n\n\n<li><strong>Mutterhaus der Diakonissen Speyer, Fliedner-Saal, Hilgardstra\u00dfe 26, 67346 Speyer<\/strong><\/li>\n<\/ul>\n\n\n\n<ul>\n<li><strong>Samstag, 13. April 2024, 19 Uhr<\/strong><\/li>\n\n\n\n<li><strong>Dreifaltigkeitskirche, Gro\u00dfe Himmelsgasse 4, 67346 Speyer<\/strong><\/li>\n<\/ul>\n\n\n\n<p><em>Diakonissen Speyer<br>06.03.2024<\/em><\/p>\n","protected":false},"excerpt":{"rendered":"<div class=\"mh-excerpt\"><p>Kirche verwandelt sich zum Kinosaal \u201eRTL Die Passion\u201c als Public\u00a0Viewing\u00a0in der Kirche Johannes der T\u00e4ufer Harthausen Harthausen &#8211; Die Kirche als Kulturraum erleben \u2013 das geht am Mittwoch, 27. M\u00e4rz, im pf\u00e4lzischen Harthausen. Ab 20:15 <a class=\"mh-excerpt-more\" href=\"https:\/\/speyer24news.com\/?p=58921\" title=\"Kirche\">[&#8230;]<\/a><\/p>\n<\/div>","protected":false},"author":3,"featured_media":26096,"comment_status":"open","ping_status":"open","sticky":false,"template":"","format":"standard","meta":{"_monsterinsights_skip_tracking":false,"_monsterinsights_sitenote_active":false,"_monsterinsights_sitenote_note":"","_monsterinsights_sitenote_category":0,"footnotes":""},"categories":[120],"tags":[17966,174,17974,17975,1189,903,1861,2360,5132,17967,17973,17971,4865,17968,790,401,17970,17978,532,17977,10936,17976,2361,17980,17969,17972,17979,6],"aioseo_notices":[],"amp_enabled":true,"_links":{"self":[{"href":"https:\/\/speyer24news.com\/index.php?rest_route=\/wp\/v2\/posts\/58921"}],"collection":[{"href":"https:\/\/speyer24news.com\/index.php?rest_route=\/wp\/v2\/posts"}],"about":[{"href":"https:\/\/speyer24news.com\/index.php?rest_route=\/wp\/v2\/types\/post"}],"author":[{"embeddable":true,"href":"https:\/\/speyer24news.com\/index.php?rest_route=\/wp\/v2\/users\/3"}],"replies":[{"embeddable":true,"href":"https:\/\/speyer24news.com\/index.php?rest_route=%2Fwp%2Fv2%2Fcomments&post=58921"}],"version-history":[{"count":1,"href":"https:\/\/speyer24news.com\/index.php?rest_route=\/wp\/v2\/posts\/58921\/revisions"}],"predecessor-version":[{"id":58937,"href":"https:\/\/speyer24news.com\/index.php?rest_route=\/wp\/v2\/posts\/58921\/revisions\/58937"}],"wp:featuredmedia":[{"embeddable":true,"href":"https:\/\/speyer24news.com\/index.php?rest_route=\/wp\/v2\/media\/26096"}],"wp:attachment":[{"href":"https:\/\/speyer24news.com\/index.php?rest_route=%2Fwp%2Fv2%2Fmedia&parent=58921"}],"wp:term":[{"taxonomy":"category","embeddable":true,"href":"https:\/\/speyer24news.com\/index.php?rest_route=%2Fwp%2Fv2%2Fcategories&post=58921"},{"taxonomy":"post_tag","embeddable":true,"href":"https:\/\/speyer24news.com\/index.php?rest_route=%2Fwp%2Fv2%2Ftags&post=58921"}],"curies":[{"name":"wp","href":"https:\/\/api.w.org\/{rel}","templated":true}]}}