{"id":58969,"date":"2024-03-24T10:00:33","date_gmt":"2024-03-24T09:00:33","guid":{"rendered":"https:\/\/speyer24news.com\/?p=58969"},"modified":"2024-03-24T11:04:09","modified_gmt":"2024-03-24T10:04:09","slug":"polizeimeldungen-samstag-23-03-24","status":"publish","type":"post","link":"https:\/\/speyer24news.com\/?p=58969","title":{"rendered":"Polizeimeldungen Samstag (23.03.24)"},"content":{"rendered":"<style type=\"text\/css\">\r\n\t.ads_top_disp{}\r\n\t.ads_top_corner_disp{ float:left; margin:0px 10px 10px 0px; }\r\n\t.ads_first_p_disp{}\r\n\t.ads_bottom_disp{}\r\n\t<\/style>\n<h2 class=\"wp-block-heading\">Polizeimeldungen vom Samstag (23.03.2024)<\/h2>\n\n\n<div class=\"wp-block-image\">\n<figure class=\"aligncenter size-full\"><img decoding=\"async\" loading=\"lazy\" width=\"375\" height=\"500\" src=\"https:\/\/speyer24news.com\/wp-content\/uploads\/2022\/03\/Aktuelles-Polizeilogo.jpg\" alt=\"\" class=\"wp-image-43591\" srcset=\"https:\/\/speyer24news.com\/wp-content\/uploads\/2022\/03\/Aktuelles-Polizeilogo.jpg 375w, https:\/\/speyer24news.com\/wp-content\/uploads\/2022\/03\/Aktuelles-Polizeilogo-225x300.jpg 225w\" sizes=\"(max-width: 375px) 100vw, 375px\" \/><\/figure><\/div>\n\n\n<h2 class=\"wp-block-heading\">(Speyer) &#8211; Fahren ohne Versicherungsschutz<\/h2>\n\n\n\n<p>Am Morgen des 22.03.2024 wurde der 22-j\u00e4hrige Fahrer eines Audi in der Maximilianstra\u00dfe einer allgemeinen Verkehrskontrolle unterzogen. Im Rahmen der Kontrolle stellte sich heraus, dass f\u00fcr den PKW seit Januar kein Versicherungsschutz mehr bestand. Gegen den Mann wurde daher ein Strafverfahren wegen Fahrens ohne Versicherungsschutz eingeleitet. Zudem wurde ihm die Weiterfahrt untersagt.<\/p>\n\n\n\n<h2 class=\"wp-block-heading\">(Speyer) &#8211; Diebstahl aus PKW<\/h2>\n\n\n\n<p>In der Nacht auf den 22.03.2024 gegen 04:00 Uhr \u00f6ffnete ein bislang unbekannter Mann die T\u00fcr eines unabgeschlossenen Pkw im Otterstadter Weg in Speyer. Im Inneren entwendete der Mann M\u00fcnzgeld in niedriger zweistelliger H\u00f6he, ehe er sich anschlie\u00dfend von der Tat\u00f6rtlichkeit entfernte.<\/p>\n\n\n\n<ul>\n<li><strong>Wer hat in der Tatnacht im Bereich Speyer-Nord verd\u00e4chtige Wahrnehmungen gemacht, kann T\u00e4terhinweise oder sonstige sachdienliche Hinweise geben? Die Polizei bittet Zeugen um Mitteilung an Tel. 06232\/137-0 oder per E-Mail an&nbsp;<a href=\"mailto:%20pispeyer@polizei.rlp.de\">pispeyer@polizei.rlp.de<\/a><\/strong><\/li>\n<\/ul>\n\n\n\n<h2 class=\"wp-block-heading\">(B 9 \/ Limburgerhof) &#8211; Baum blockiert kurzzeitig die B9 in Richtung Speyer<a href=\"https:\/\/www.facebook.com\/sharer.php?u=https%3A%2F%2Fwww.presseportal.de%2Fblaulicht%2Fpm%2F117687%2F5742230%2F%3Futm_source%3Dfacebook%26utm_medium%3Dsocial\"><\/a><a href=\"https:\/\/twitter.com\/intent\/tweet?text=POL-PDNW%3A%20Polizeiautobahnstation%20Ruchheim%20-%20Baum%20blockiert%20kurzzeitig%20die%20B9%20in%20Richtung%20Speyer&amp;url=https%3A%2F%2Fwww.presseportal.de%2Fblaulicht%2Fpm%2F117687%2F5742230%2F%3Futm_source%3Dtwitter%26utm_medium%3Dsocial&amp;hashtags=ots&amp;lang=de\"><\/a><a href=\"https:\/\/web.whatsapp.com\/send?text=POL-PDNW%3A%20Polizeiautobahnstation%20Ruchheim%20-%20Baum%20blockiert%20kurzzeitig%20die%20B9%20in%20Richtung%20Speyer%0A%0Ahttps%3A%2F%2Fwww.presseportal.de%2Fblaulicht%2Fpm%2F117687%2F5742230%2F%3Futm_source%3Dwhatsapp%26utm_medium%3Dsocial\"><\/a><a href=\"https:\/\/www.xing.com\/app\/user?op=share;url=https%3A%2F%2Fwww.presseportal.de%2Fblaulicht%2Fpm%2F117687%2F5742230%2F%3Futm_source%3Dxing%26utm_medium%3Dsocial\"><\/a><a href=\"http:\/\/www.linkedin.com\/shareArticle?mini=true&amp;url=https%3A%2F%2Fwww.presseportal.de%2Fblaulicht%2Fpm%2F117687%2F5742230%2F%3Futm_source%3Dlinkedin%26utm_medium%3Dsocial&amp;title=POL-PDNW%3A+Polizeiautobahnstation+Ruchheim+-+Baum+blockiert+kurzzeitig+die+B9+in+Richtung+Speyer\"><\/a><a href=\"mailto:?subject=POL-PDNW%3A%20Polizeiautobahnstation%20Ruchheim%20-%20Baum%20blockiert%20kurzzeitig%20die%20B9%20in%20Richtung%20Speyer&amp;body=https:\/\/www.presseportal.de\/blaulicht\/pm\/117687\/5742230\"><\/a><\/h2>\n\n\n<div class=\"wp-block-image\">\n<figure class=\"aligncenter\"><a href=\"https:\/\/cache.pressmailing.net\/thumbnail\/story_hires\/ac964b9e-4b1b-46fd-bf76-59abec07853b\/BaumB9.jpg.jpg\"><img decoding=\"async\" src=\"https:\/\/cache.pressmailing.net\/thumbnail\/story_big\/ac964b9e-4b1b-46fd-bf76-59abec07853b\/pol-pdnw-polizeiautobahnstation-ruchheim-baum-blockiert-kurzzeitig-die-b9-in-richtung-speyer\" alt=\"POL-PDNW: Polizeiautobahnstation Ruchheim - Baum blockiert kurzzeitig die B9 in Richtung Speyer\"\/><\/a><\/figure><\/div>\n\n\n<p>Am Samstag, den 23.03.2024, st\u00fcrzte gegen 14 Uhr aufgrund einiger Windb\u00f6en ein Baum neben der B9 um. Hierdurch wurde die Richtungsfahrbahn Speyer auf H\u00f6he der Anschlussstelle Neuhofen\/ Limburgerhof derart blockiert, dass es kurzzeitig zu einer Vollsperrung kam. Die Feuerwehr Limburgerhof r\u00fcckte an und entfernte den Baum von der Bundesstra\u00dfe.<\/p>\n\n\n\n<h2 class=\"wp-block-heading\">(Schweighofen) &#8211; PKW zerkratzt<\/h2>\n\n\n\n<p>Vom 10.3. auf den 11.3.24 wurde ein in der Kirchstra\u00dfe abgestellter PKW, VW Caddy, mit S\u00dcW-Kennzeichen, zerkratzt. Der genaue Schaden muss erst noch gepr\u00fcft werden.<\/p>\n\n\n\n<h2 class=\"wp-block-heading\">(Annweiler) &#8211; Veranstaltungen in Annweiler \/ Bilanz der Polizei<\/h2>\n\n\n<div class=\"wp-block-image\">\n<figure class=\"aligncenter size-full\"><img decoding=\"async\" loading=\"lazy\" width=\"800\" height=\"579\" src=\"https:\/\/speyer24news.com\/wp-content\/uploads\/2024\/03\/Demo-Polizei-Ordnungsamt-Menschen.jpg\" alt=\"\" class=\"wp-image-58975\" srcset=\"https:\/\/speyer24news.com\/wp-content\/uploads\/2024\/03\/Demo-Polizei-Ordnungsamt-Menschen.jpg 800w, https:\/\/speyer24news.com\/wp-content\/uploads\/2024\/03\/Demo-Polizei-Ordnungsamt-Menschen-300x217.jpg 300w, https:\/\/speyer24news.com\/wp-content\/uploads\/2024\/03\/Demo-Polizei-Ordnungsamt-Menschen-768x556.jpg 768w\" sizes=\"(max-width: 800px) 100vw, 800px\" \/><figcaption class=\"wp-element-caption\">Beispielbild einer Demonstration, dient lediglich der Visualisierung.<\/figcaption><\/figure><\/div>\n\n\n<p>Am Samstag (23.03.2023) kam es aufgrund einer AfD-Veranstaltung und zwei Versammlungen zu einem gr\u00f6\u00dferen Polizeieinsatz in Annweiler. Rund 320 Personen nahmen ab 11:30 Uhr an einer Veranstaltung der AfD im Hohenstaufensaal teil.<\/p>\n\n\n\n<p>Zu einer angemeldeten Gegenversammlung unter dem Motto &#8222;Trifelsland bleibt bunt statt blaubraun&#8220; kamen ab 12 Uhr rund 500 Personen vor dem Hohenstaufensaal zusammen. Nach einer station\u00e4ren Kundgebung zog ein Teil der Versammlungsteilnehmenden in einem Aufzug zum Diakonissenplatz, wo eine Abschlusskundgebung stattfand.<\/p>\n\n\n\n<p>Ab 14 Uhr fand zudem in Annweiler eine angemeldete Radkundgebung zum Thema: &#8222;Kidical Mass: Kundgebung und Fahrraddemo f\u00fcr besseren Radverkehr, insbesondere f\u00fcr Eltern, Kinder und Jugendliche&#8220; statt. 30 Personen fuhren mit ihren Fahrr\u00e4dern vom Rathausplatz auf einem Rundweg in Annweiler durch mehrere Stra\u00dfen zur\u00fcck zum Rathausplatz.<\/p>\n\n\n\n<p>Alle Veranstaltungen verliefen aus polizeilicher Sicht weitestgehend friedlich. Zum Berichtszeitpunkt lagen der Polizei keine Strafanzeigen vor.<\/p>\n\n\n\n<h2 class=\"wp-block-heading\">(Neustadt) &#8211; Vor Diskothek randaliert<\/h2>\n\n\n\n<p>Am 23.03.2024 um kurz vor 04:00 Uhr wurde hiesiger Dienststelle eine Gruppe von vier M\u00e4nnern gemeldet, welcher vor einer Diskothek in der Winzinger Stra\u00dfe in 67433 Neustadt\/W. randalieren w\u00fcrde. Vor Ort konnte ermittelt werden, dass ein 18-J\u00e4hriger aus Neustadt\/W., welcher Angeh\u00f6riger der Gruppe war, ein Absperrgitter gegen eine Hauswand warf. Hierdurch entstand geringer Sachschaden. Nun kommt auf den Neustadter ein Strafverfahren wegen Sachbesch\u00e4digung zu.<\/p>\n\n\n\n<h2 class=\"wp-block-heading\">(Neustadt) &#8211; Mit Feuerl\u00f6scher umhergespr\u00fcht&#8230;<\/h2>\n\n\n<div class=\"wp-block-image\">\n<figure class=\"aligncenter size-full\"><img decoding=\"async\" loading=\"lazy\" width=\"801\" height=\"600\" src=\"https:\/\/speyer24news.com\/wp-content\/uploads\/2020\/05\/Zeugen-gesucht-Neutral.jpg\" alt=\"\" class=\"wp-image-26598\" srcset=\"https:\/\/speyer24news.com\/wp-content\/uploads\/2020\/05\/Zeugen-gesucht-Neutral.jpg 801w, https:\/\/speyer24news.com\/wp-content\/uploads\/2020\/05\/Zeugen-gesucht-Neutral-300x225.jpg 300w, https:\/\/speyer24news.com\/wp-content\/uploads\/2020\/05\/Zeugen-gesucht-Neutral-768x575.jpg 768w, https:\/\/speyer24news.com\/wp-content\/uploads\/2020\/05\/Zeugen-gesucht-Neutral-678x509.jpg 678w, https:\/\/speyer24news.com\/wp-content\/uploads\/2020\/05\/Zeugen-gesucht-Neutral-326x245.jpg 326w, https:\/\/speyer24news.com\/wp-content\/uploads\/2020\/05\/Zeugen-gesucht-Neutral-80x60.jpg 80w\" sizes=\"(max-width: 801px) 100vw, 801px\" \/><\/figure><\/div>\n\n\n<p>&#8230; haben am 22.03.2024 um 19:30 Uhr mehrere Jugendliche in der Hetzelgalerie in 67433 Neustadt\/W.. Die Jugendliche konnten letztlich nicht mehr an der \u00d6rtlichkeit festgestellt werden. Durch das Umherspr\u00fchen entstand kein Geb\u00e4udeschaden, lediglich der Feuerl\u00f6scher wurde vollst\u00e4ndig entleert. Ein Strafverfahren wegen der Beeintr\u00e4chtigung von Unfallverh\u00fctungs- und Nothilfemitteln und Sachbesch\u00e4digung wurde eingeleitet. <\/p>\n\n\n\n<ul>\n<li><strong>Zeugen, welche sachdienliche Angaben zur Aufkl\u00e4rung der Tat und zur Ermittlung der T\u00e4ter machen k\u00f6nnen, werden gebeten, sich bei der Polizei Neustadt\/W. zu melden.<\/strong><\/li>\n<\/ul>\n\n\n\n<h2 class=\"wp-block-heading\">(Lambrecht) &#8211; Diebstahl eines Handys<\/h2>\n\n\n<div class=\"wp-block-image\">\n<figure class=\"aligncenter size-full\"><img decoding=\"async\" loading=\"lazy\" width=\"800\" height=\"592\" src=\"https:\/\/speyer24news.com\/wp-content\/uploads\/2023\/02\/Achtung.jpeg\" alt=\"\" class=\"wp-image-51381\" srcset=\"https:\/\/speyer24news.com\/wp-content\/uploads\/2023\/02\/Achtung.jpeg 800w, https:\/\/speyer24news.com\/wp-content\/uploads\/2023\/02\/Achtung-300x222.jpeg 300w, https:\/\/speyer24news.com\/wp-content\/uploads\/2023\/02\/Achtung-768x568.jpeg 768w, https:\/\/speyer24news.com\/wp-content\/uploads\/2023\/02\/Achtung-80x60.jpeg 80w\" sizes=\"(max-width: 800px) 100vw, 800px\" \/><\/figure><\/div>\n\n\n<p>Am 22.03.2024 um 22:45 Uhr befand sich eine 13-J\u00e4hrige in einer Bank in der Hauptstra\u00dfe in 67466 Lambrecht\/ Pfalz.. Hier entwendete eine bislang unbekannte m\u00e4nnliche Person in einem g\u00fcnstigen Moment das Handy des Kindes. Zu einer Gewaltanwendung gegen das Kind kam es hierbei nicht. Die Person entfernte sich hiernach in einem Personenkraftwagen. <\/p>\n\n\n\n<ul>\n<li><strong>Zeugen, welche sachdienliche Hinweise zur Aufkl\u00e4rung der Tat geben k\u00f6nnen, werden gebeten sich bei der Polizei Neustadt\/W. zu melden.<\/strong><\/li>\n<\/ul>\n\n\n\n<h2 class=\"wp-block-heading\">(Meckenheim) &#8211; Diebstahl eines Kleinkraftrades<a href=\"https:\/\/www.facebook.com\/sharer.php?u=https%3A%2F%2Fwww.presseportal.de%2Fblaulicht%2Fpm%2F117687%2F5742199%2F%3Futm_source%3Dfacebook%26utm_medium%3Dsocial\"><\/a><a href=\"https:\/\/twitter.com\/intent\/tweet?text=POL-PDNW%3A%20Diebstahl%20eines%20Kleinkraftrades&amp;url=https%3A%2F%2Fwww.presseportal.de%2Fblaulicht%2Fpm%2F117687%2F5742199%2F%3Futm_source%3Dtwitter%26utm_medium%3Dsocial&amp;hashtags=ots&amp;lang=de\"><\/a><a href=\"https:\/\/web.whatsapp.com\/send?text=POL-PDNW%3A%20Diebstahl%20eines%20Kleinkraftrades%0A%0Ahttps%3A%2F%2Fwww.presseportal.de%2Fblaulicht%2Fpm%2F117687%2F5742199%2F%3Futm_source%3Dwhatsapp%26utm_medium%3Dsocial\"><\/a><a href=\"https:\/\/www.xing.com\/app\/user?op=share;url=https%3A%2F%2Fwww.presseportal.de%2Fblaulicht%2Fpm%2F117687%2F5742199%2F%3Futm_source%3Dxing%26utm_medium%3Dsocial\"><\/a><a href=\"http:\/\/www.linkedin.com\/shareArticle?mini=true&amp;url=https%3A%2F%2Fwww.presseportal.de%2Fblaulicht%2Fpm%2F117687%2F5742199%2F%3Futm_source%3Dlinkedin%26utm_medium%3Dsocial&amp;title=POL-PDNW%3A+Diebstahl+eines+Kleinkraftrades\"><\/a><a href=\"mailto:?subject=POL-PDNW%3A%20Diebstahl%20eines%20Kleinkraftrades&amp;body=https:\/\/www.presseportal.de\/blaulicht\/pm\/117687\/5742199\"><\/a><\/h2>\n\n\n<div class=\"wp-block-image\">\n<figure class=\"aligncenter\"><a href=\"https:\/\/cache.pressmailing.net\/thumbnail\/story_hires\/03e74a0e-a8b2-484d-9b57-fbd66b288f1d\/RollerpoMMes_2024-03-23_13-02-45_1.jpeg.jpg\"><img decoding=\"async\" src=\"https:\/\/cache.pressmailing.net\/thumbnail\/story_big\/03e74a0e-a8b2-484d-9b57-fbd66b288f1d\/pol-pdnw-diebstahl-eines-kleinkraftrades\" alt=\"POL-PDNW: Diebstahl eines Kleinkraftrades\"\/><\/a><\/figure><\/div>\n\n\n<p>In der Nacht vom 20.03.2024 zum 21.03.2024 wurde durch unbekannte T\u00e4ter ein in der Hauptstra\u00dfe in 67149 Meckenheim abgestelltes Kleinkraftrad entwendet. Am Nachmittag des 22.03.2024 stellte ein Passant beim Spaziergang in einem Bachlauf in der Stra\u00dfe ,,In den Almen&#8220; in 67149 Meckenheim das entwendete Kleinkraftrad fest. Diese wies erhebliche Besch\u00e4digungen auf und war nicht mehr fahrbereit.<\/p>\n\n\n\n<ul>\n<li><strong>Zeugen, die Hinweise zur Tat geben k\u00f6nnen, werden gebeten, sich mit der Polizeiinspektion Ha\u00dfloch in Verbindung zu setzen.<\/strong><\/li>\n<\/ul>\n\n\n\n<h2 class=\"wp-block-heading\">(Bad D\u00fcrkheim) &#8211; Amtsleitung der Telefonanlage der PI Bad D\u00fcrkheim derzeit nicht erreichbar<\/h2>\n\n\n<div class=\"wp-block-image\">\n<figure class=\"aligncenter size-full\"><img decoding=\"async\" loading=\"lazy\" width=\"768\" height=\"367\" src=\"https:\/\/speyer24news.com\/wp-content\/uploads\/2020\/11\/Telefon.png\" alt=\"\" class=\"wp-image-31129\" srcset=\"https:\/\/speyer24news.com\/wp-content\/uploads\/2020\/11\/Telefon.png 768w, https:\/\/speyer24news.com\/wp-content\/uploads\/2020\/11\/Telefon-300x143.png 300w\" sizes=\"(max-width: 768px) 100vw, 768px\" \/><\/figure><\/div>\n\n\n<p>Die Amtsleitung der Polizeiinspektion Bad D\u00fcrkheim, Weinstra\u00dfe S\u00fcd 36, 67098 Bad D\u00fcrkheim, Telefon: 06322\/9630, ist derzeit nicht erreichbar. Der betreffende Provider versucht die Fehlerquelle zu beheben. Der Notruf ist intakt und erreichbar. Alternativ ist die Telefonnummer des Polizeipr\u00e4sidiums Ludwigshafen, 0621\/9630 aktiv. (<em>23.03.2024 \u2013 11:55<\/em>)<\/p>\n\n\n\n<h2 class=\"wp-block-heading\">(Gr\u00fcnstadt) &#8211; Sachbesch\u00e4digung durch Feuer<\/h2>\n\n\n\n<p>Die Gesch\u00e4digte meldetet am 22.03.2024 gegen 19:45 Uhr der Polizeiinspektion Gr\u00fcnstadt, dass bislang unbekannte T\u00e4ter den Zaun ihres Grundst\u00fccks in Brand setzten. Das Feuer wurde durch die Gesch\u00e4digte eigenst\u00e4ndig mittels Feuerl\u00f6scher gel\u00f6scht. Der entstandene Sachschaden bel\u00e4uft sich auf circa 800 Euro.<\/p>\n\n\n\n<ul>\n<li><strong>Hinweise nimmt die Polizeiinspektion Gr\u00fcnstadt unter 06359\/9312-0 oder per E-Mail (<a href=\"mailto:pigruenstadt@polizei.rlp.de\">pigruenstadt@polizei.rlp.de<\/a>) entgegen.<\/strong><\/li>\n<\/ul>\n\n\n\n<h2 class=\"wp-block-heading\">(Dirmstein) &#8211; Versuchter Einbruch<\/h2>\n\n\n\n<p>Am Freitag, den 22.03.2024, im Zeitraum zwischen 07:00 Uhr und 14:07 Uhr versuchten sich unbekannte T\u00e4ter Zugang zur Wohnung der Gesch\u00e4digten in der M\u00fchlstra\u00dfe in Dirmstein zu verschaffen. Entlang der T\u00fcrinnenseite konnten Besch\u00e4digungen, welche vermutlich durch einen T\u00fcrfallengleiter verursacht wurden, festgestellt werden. Den T\u00e4tern gelang es gl\u00fccklicherweise nicht die T\u00fcr zu \u00f6ffnen. Der entstandene Schaden an der Wohnungst\u00fcr bel\u00e4uft sich auf circa 300 Euro.<\/p>\n\n\n\n<ul>\n<li><strong>Zeugenhinweise nimmt die Polizei Gr\u00fcnstadt unter der Telefonnummer 06359\/9312-0 oder per Mail:&nbsp;<a href=\"mailto:%20pigruenstadt@polizei.rlp.de\">pigruenstadt@polizei.rlp.de<\/a>&nbsp;entgegen.<\/strong><\/li>\n<\/ul>\n\n\n\n<h2 class=\"wp-block-heading\">(Ludwigshafen) &#8211; Unter Drogen auf E-Scooter unterwegs<\/h2>\n\n\n\n<p>Am 22.03.2024 gegen 14:00 Uhr wurde ein 19-J\u00e4hriger mit seinem E-Scooter einer Kontrolle unterzogen. Hierbei konnten drogentypische Auff\u00e4lligkeiten festgestellt werden. Gegen ihn wurde ein Verfahren wegen Trunkenheit im Stra\u00dfenverkehr eingeleitet und ihm eine Blutprobe entnommen. Weiter muss er sich wegen eines Versto\u00dfes gegen das Waffengesetz verantworten, da er ein Einhandmesser mitf\u00fchrte.<\/p>\n\n\n\n<h2 class=\"wp-block-heading\">(Ludwigshafen) &#8211; Dekoration am Osterbrunnen, sowie einen Ticketautomaten der RNV besch\u00e4digt<\/h2>\n\n\n<div class=\"wp-block-image\">\n<figure class=\"aligncenter size-full\"><img decoding=\"async\" loading=\"lazy\" width=\"801\" height=\"600\" src=\"https:\/\/speyer24news.com\/wp-content\/uploads\/2020\/05\/Zeugen-gesucht-Neutral.jpg\" alt=\"\" class=\"wp-image-26598\" srcset=\"https:\/\/speyer24news.com\/wp-content\/uploads\/2020\/05\/Zeugen-gesucht-Neutral.jpg 801w, https:\/\/speyer24news.com\/wp-content\/uploads\/2020\/05\/Zeugen-gesucht-Neutral-300x225.jpg 300w, https:\/\/speyer24news.com\/wp-content\/uploads\/2020\/05\/Zeugen-gesucht-Neutral-768x575.jpg 768w, https:\/\/speyer24news.com\/wp-content\/uploads\/2020\/05\/Zeugen-gesucht-Neutral-678x509.jpg 678w, https:\/\/speyer24news.com\/wp-content\/uploads\/2020\/05\/Zeugen-gesucht-Neutral-326x245.jpg 326w, https:\/\/speyer24news.com\/wp-content\/uploads\/2020\/05\/Zeugen-gesucht-Neutral-80x60.jpg 80w\" sizes=\"(max-width: 801px) 100vw, 801px\" \/><\/figure><\/div>\n\n\n<p>In der Nacht von Donnerstag, den 21.03.24 auf Freitag, den 22.03.24 kam es in der Breite Stra\u00dfe im Stadtteil Maudach zu Vandalismus. Hierbei wurde der mit bemalten Eiern dekorierte Osterbrunnen und ein Ticketautomat der RNV besch\u00e4digt. <\/p>\n\n\n\n<ul>\n<li><strong>Zeugen werden gebeten, sich bei der Polizeiinspektion Ludwigshafen 1 zu melden unter 0621 963-2122 oder per Email an&nbsp;<a href=\"mailto:%20piludwigshafen1@polizei.rlp.de\">piludwigshafen1@polizei.rlp.de<\/a><\/strong><\/li>\n<\/ul>\n\n\n\n<h2 class=\"wp-block-heading\">(Mannheim-Oststadt) &#8211; Gr\u00f6\u00dferer Einsatz aufgrund eines Brandgeschehens<\/h2>\n\n\n<div class=\"wp-block-image\">\n<figure class=\"aligncenter size-full\"><img decoding=\"async\" loading=\"lazy\" width=\"640\" height=\"428\" src=\"https:\/\/speyer24news.com\/wp-content\/uploads\/2021\/02\/Feuerwehr-Polizei.jpg\" alt=\"\" class=\"wp-image-33096\" srcset=\"https:\/\/speyer24news.com\/wp-content\/uploads\/2021\/02\/Feuerwehr-Polizei.jpg 640w, https:\/\/speyer24news.com\/wp-content\/uploads\/2021\/02\/Feuerwehr-Polizei-300x201.jpg 300w\" sizes=\"(max-width: 640px) 100vw, 640px\" \/><\/figure><\/div>\n\n\n<p>Derzeit kommt es aufgrund eines Brandgeschehens in der Lameystra\u00dfe zu einem gr\u00f6\u00dferen Einsatz. Feuerwehr und Rettungsdienst sind ebenfalls vor Ort. Zur Brandursache liegen derzeit noch keine Erkenntnisse vor. Es wird nachberichtet.<\/p>\n\n\n\n<h3 class=\"wp-block-heading has-text-align-center\">Pressemeldung Nr. 2<\/h3>\n\n\n\n<p>Am Samstag gegen 15:16 Uhr kam es in der Lameystra\u00dfe, in einer dortigen Wohnung, zu einem Brandgeschehen welches eine erhebliche Rauchentwicklung zur Folge hatte. Hierdurch wurde eine Person leicht verletzt und zur weiteren Behandlung in ein umliegendes Krankhaus gebracht. Urs\u00e4chlich f\u00fcr die Brandentwicklung war nach derzeitigem Erkenntnisstand ein technischer Defekt. Der Fahrnisschaden bel\u00e4uft sich auf etwa 3.000 EUR. Die betroffene Wohnung ist nicht mehr bewohnbar. Die \u00fcbrigen Bewohner konnten nach Abschluss der Ma\u00dfnahmen wieder in Ihre Wohnungen zur\u00fcckkehren.<\/p>\n\n\n\n<h2 class=\"wp-block-heading\">(Mannheim-Neckarstadt) &#8211; Arbeiten an Gasleitungen f\u00fchren zu Einsatz von Feuerwehr und Polizei<\/h2>\n\n\n\n<p>Am Freitagnachmittag gegen 16.45 Uhr wurde von Anwohnern im Bereich der Stra\u00dfe An den Kasernen in Mannheim starker Gasgeruch gemeldet. In der Folge kam es zu einem Einsatz von Feuerwehr und Polizei. Gl\u00fccklicherweise konnte f\u00fcr die Anwohner schnell Entwarnung gegeben werden, denn bereits kurz nach Eintreffen der ersten Rettungskr\u00e4fte war klar, dass Arbeiten des Energieversorgers an den dortigen Leitungen zu dem Gasgeruch f\u00fchrten. F\u00fcr die Anwohner bestand zu keinem Zeitpunkt eine Gefahr. Eine durch die Feuerwehr durchgef\u00fchrte Messung best\u00e4tigte dies.<\/p>\n\n\n\n<h2 class=\"wp-block-heading\">(Wiesloch \/ Rhein-Neckar-Kreis) &#8211; Suche nach vermisster Person mit Polizeihubschrauber<\/h2>\n\n\n<div class=\"wp-block-image\">\n<figure class=\"aligncenter size-full\"><img decoding=\"async\" loading=\"lazy\" width=\"800\" height=\"600\" src=\"https:\/\/speyer24news.com\/wp-content\/uploads\/2020\/07\/Hubschrauber-bei-Personensuche.jpg\" alt=\"\" class=\"wp-image-29175\" srcset=\"https:\/\/speyer24news.com\/wp-content\/uploads\/2020\/07\/Hubschrauber-bei-Personensuche.jpg 800w, https:\/\/speyer24news.com\/wp-content\/uploads\/2020\/07\/Hubschrauber-bei-Personensuche-300x225.jpg 300w, https:\/\/speyer24news.com\/wp-content\/uploads\/2020\/07\/Hubschrauber-bei-Personensuche-768x576.jpg 768w, https:\/\/speyer24news.com\/wp-content\/uploads\/2020\/07\/Hubschrauber-bei-Personensuche-678x509.jpg 678w, https:\/\/speyer24news.com\/wp-content\/uploads\/2020\/07\/Hubschrauber-bei-Personensuche-326x245.jpg 326w, https:\/\/speyer24news.com\/wp-content\/uploads\/2020\/07\/Hubschrauber-bei-Personensuche-80x60.jpg 80w\" sizes=\"(max-width: 800px) 100vw, 800px\" \/><figcaption class=\"wp-element-caption\">Polizeihubschrauber bei Suchma\u00dfnahme in der Nacht, Bilddient lediglich der Visualisierung<\/figcaption><\/figure><\/div>\n\n\n<p>Aktuell befinden sich im Bereich Wiesloch mehrere Beamte und ein Polizeihubschrauber im Einsatz. Grund hierf\u00fcr ist die Suche nach einem 59-j\u00e4hrigen Mann. Es kann nicht ausgeschlossen werden, dass sich der Vermisste in einer hilflosen Lage befindet. <\/p>\n\n\n\n<h4 class=\"wp-block-heading\">Der Vermisste kann wie folgt beschrieben werden:<\/h4>\n\n\n\n<ul>\n<li><strong>ca. 180-185 cm gro\u00df<\/strong><\/li>\n\n\n\n<li><strong>normale Statur<\/strong><\/li>\n\n\n\n<li><strong>kurze leicht angegraute Haare<\/strong><\/li>\n\n\n\n<li><strong>Vermutlich ist er bekleidet mit blaue Jeans, blaue Jacke, Wanderschuhe, grauer Rucksack<\/strong><\/li>\n<\/ul>\n\n\n\n<h3 class=\"wp-block-heading has-text-align-center\">Pressemeldung Nr. 2<\/h3>\n\n\n\n<p>Wie bereits berichtet, wurde der Feld- und Waldbereich um Wiesloch mittels Polizeihubschrauber und starken Kr\u00e4ften der Polizei nach einem vermissten abgesucht. Die Suche blieb bislang erfolglos und wird derzeit ohne den Hubschrauber fortgesetzt.<\/p>\n\n\n\n<h3 class=\"wp-block-heading has-text-align-center\">Vermisster wurde aufgefunden \/ Pressemeldung Nr. 3<\/h3>\n\n\n\n<p>Die vermisste Person konnte im Rahmen der Suchma\u00dfnahmen wohlbehalten angetroffen werden. Die Suchma\u00dfnahmen der Polizei sind beendet.<\/p>\n\n\n\n<h2 class=\"wp-block-heading\">(Gaiberg \/ Rhein-Neckar-Kreis) &#8211; Randalierer beleidigt Einsatzkr\u00e4fte<\/h2>\n\n\n\n<p>Am Samstagmorgen gegen 03.00 Uhr wurde \u00fcber den Polizeinotruf eine randalierende Person in einem Anwesen in der Hauptstra\u00dfe in Gaiberg gemeldet. Beim Eintreffen der Beamten des Polizeireviers Neckargem\u00fcnd konnte ein 25-J\u00e4hriger, stark alkoholisierter Mann, schlafend unmittelbar vor dem besagten Anwesen angetroffen werden. Dieser hatte sich zuvor, aus nicht weiter nachvollziehbaren Gr\u00fcnden, \u00fcber die unverschlossene Hauseingangst\u00fcr Zugang zum Mehrfamilienhaus verschafft. Im Anschluss daran schrie er laut umher und trat mehrfach gegen die Wohnungseingangst\u00fcr des Anzeigeerstatters wodurch diese besch\u00e4digt wurde. Ein bei dem 25-J\u00e4hrigen durchgef\u00fchrter Atemalkoholtest ergab einen Wert von \u00fcber 2,5 Promille. W\u00e4hrend der polizeilichen Ma\u00dfnahmen verhielt er sich unkooperativ und beleidgte die eingesetzten Beamten fortw\u00e4hrend. Der 25-J\u00e4hrige sieht nun mehreren Anzeigen u.a. wegen Beamtenbeleidigung und Hausfriedensbruch entgegen.<\/p>\n\n\n\n<h2 class=\"wp-block-heading\">(B 292 \/ Helmstadt-Bargen \/ Rhein-Neckar-Kreis) &#8211; Verkehrsunfall<\/h2>\n\n\n\n<p>Aufgrund eines Verkehrsunfalls auf der B 292 zwischen Waibstadt und Helmstadt ist die Fahrbahn derzeit in beide Fahrtrichtungen voll gesperrt. Einsatzkr\u00e4fte des Rettungsdienstes sind ebenfalls vor Ort. Die Unfallaufnahme dauert an.<\/p>\n\n\n\n<h3 class=\"wp-block-heading has-text-align-center\">Zeugenaufruf \/ Pressemeldung Nr. 2<\/h3>\n\n\n<div class=\"wp-block-image\">\n<figure class=\"aligncenter size-full\"><img decoding=\"async\" loading=\"lazy\" width=\"801\" height=\"600\" src=\"https:\/\/speyer24news.com\/wp-content\/uploads\/2020\/05\/Zeugen-gesucht-Neutral.jpg\" alt=\"\" class=\"wp-image-26598\" srcset=\"https:\/\/speyer24news.com\/wp-content\/uploads\/2020\/05\/Zeugen-gesucht-Neutral.jpg 801w, https:\/\/speyer24news.com\/wp-content\/uploads\/2020\/05\/Zeugen-gesucht-Neutral-300x225.jpg 300w, https:\/\/speyer24news.com\/wp-content\/uploads\/2020\/05\/Zeugen-gesucht-Neutral-768x575.jpg 768w, https:\/\/speyer24news.com\/wp-content\/uploads\/2020\/05\/Zeugen-gesucht-Neutral-678x509.jpg 678w, https:\/\/speyer24news.com\/wp-content\/uploads\/2020\/05\/Zeugen-gesucht-Neutral-326x245.jpg 326w, https:\/\/speyer24news.com\/wp-content\/uploads\/2020\/05\/Zeugen-gesucht-Neutral-80x60.jpg 80w\" sizes=\"(max-width: 801px) 100vw, 801px\" \/><\/figure><\/div>\n\n\n<p>Am Samstag gegen 17.26 Uhr \u00fcberholte ein bislang unbekannter Verkehrsteilehmer auf der B 292 von Waibstadt kommend in Richtung Helmstadt verbotswidrig mehrere Fahrzeuge ohne auf den entgegen kommenden Verkehr zu achten. Der von Helmstadt entgegenkommende Fahrer eines Audi A 4 musste aufgrund dessen stark abbremsen und nach rechts ausweichen, um eine Kollision zu vermeiden. Die direkt hinter dem Audi befindliche Fahrerin eines Peugeot 208 erkannte dies jedoch zu sp\u00e4t und fuhr auf den Audi auf. Beim Aufprall wurden sie und der Fahrer und der Beifahrer des Audi leicht verletzt. Der Unfallverursacher fl\u00fcchtete in Richtung Helmstadt. Das Kennzeichen des Fahrzeugs und die Marke sind bislang unbekannt. <\/p>\n\n\n\n<ul>\n<li><strong>Es soll ein braunes Fahrzeug sein. M\u00f6glicherweise handelt es sich um ein SUV. <\/strong><\/li>\n<\/ul>\n\n\n\n<p>Die beiden verunfallten Fahrzeuge waren nicht mehr fahrbereit und mussten abgeschleppt werden. Die B 292 war w\u00e4hrend der Unfallaufnahme f\u00fcr eine Stunde gesperrt. <\/p>\n\n\n\n<ul>\n<li><strong>Zeugen, die sachdienliche Hinweise zum Verursacher geben k\u00f6nnen, werden gebeten, sich unter 07261 &#8211; 6900 mit dem Polizeirevier Sinsheim in Verbindung zu setzen.<\/strong><\/li>\n<\/ul>\n","protected":false},"excerpt":{"rendered":"<div class=\"mh-excerpt\"><p>Polizeimeldungen vom Samstag (23.03.2024) (Speyer) &#8211; Fahren ohne Versicherungsschutz Am Morgen des 22.03.2024 wurde der 22-j\u00e4hrige Fahrer eines Audi in der Maximilianstra\u00dfe einer allgemeinen Verkehrskontrolle unterzogen. Im Rahmen der Kontrolle stellte sich heraus, dass f\u00fcr <a class=\"mh-excerpt-more\" href=\"https:\/\/speyer24news.com\/?p=58969\" title=\"Polizeimeldungen Samstag (23.03.24)\">[&#8230;]<\/a><\/p>\n<\/div>","protected":false},"author":3,"featured_media":26162,"comment_status":"open","ping_status":"open","sticky":false,"template":"","format":"standard","meta":{"_monsterinsights_skip_tracking":false,"_monsterinsights_sitenote_active":false,"_monsterinsights_sitenote_note":"","_monsterinsights_sitenote_category":0,"footnotes":""},"categories":[15659],"tags":[7273,7243,10926,13554,350,14537,15084,15267,14538,15361,61,2555,14113,6955,6986,6263,63,105,11150,6987,53,13540,16956,4683,14958,9154,12967,102,13626,213,14325,14324,13553,13541,16955,2625,380],"aioseo_notices":[],"amp_enabled":true,"_links":{"self":[{"href":"https:\/\/speyer24news.com\/index.php?rest_route=\/wp\/v2\/posts\/58969"}],"collection":[{"href":"https:\/\/speyer24news.com\/index.php?rest_route=\/wp\/v2\/posts"}],"about":[{"href":"https:\/\/speyer24news.com\/index.php?rest_route=\/wp\/v2\/types\/post"}],"author":[{"embeddable":true,"href":"https:\/\/speyer24news.com\/index.php?rest_route=\/wp\/v2\/users\/3"}],"replies":[{"embeddable":true,"href":"https:\/\/speyer24news.com\/index.php?rest_route=%2Fwp%2Fv2%2Fcomments&post=58969"}],"version-history":[{"count":4,"href":"https:\/\/speyer24news.com\/index.php?rest_route=\/wp\/v2\/posts\/58969\/revisions"}],"predecessor-version":[{"id":58977,"href":"https:\/\/speyer24news.com\/index.php?rest_route=\/wp\/v2\/posts\/58969\/revisions\/58977"}],"wp:featuredmedia":[{"embeddable":true,"href":"https:\/\/speyer24news.com\/index.php?rest_route=\/wp\/v2\/media\/26162"}],"wp:attachment":[{"href":"https:\/\/speyer24news.com\/index.php?rest_route=%2Fwp%2Fv2%2Fmedia&parent=58969"}],"wp:term":[{"taxonomy":"category","embeddable":true,"href":"https:\/\/speyer24news.com\/index.php?rest_route=%2Fwp%2Fv2%2Fcategories&post=58969"},{"taxonomy":"post_tag","embeddable":true,"href":"https:\/\/speyer24news.com\/index.php?rest_route=%2Fwp%2Fv2%2Ftags&post=58969"}],"curies":[{"name":"wp","href":"https:\/\/api.w.org\/{rel}","templated":true}]}}