{"id":58980,"date":"2024-03-24T19:06:13","date_gmt":"2024-03-24T18:06:13","guid":{"rendered":"https:\/\/speyer24news.com\/?p=58980"},"modified":"2024-03-25T08:23:56","modified_gmt":"2024-03-25T07:23:56","slug":"polizeimeldungen-sonntag-24-03-24","status":"publish","type":"post","link":"https:\/\/speyer24news.com\/?p=58980","title":{"rendered":"Polizeimeldungen Sonntag (24.03.24)"},"content":{"rendered":"<style type=\"text\/css\">\r\n\t.ads_top_disp{}\r\n\t.ads_top_corner_disp{ float:left; margin:0px 10px 10px 0px; }\r\n\t.ads_first_p_disp{}\r\n\t.ads_bottom_disp{}\r\n\t<\/style>\n<h2 class=\"wp-block-heading\">Polizeimeldungen vom Sonntag (24.03.2024)<\/h2>\n\n\n<div class=\"wp-block-image\">\n<figure class=\"aligncenter size-full\"><img decoding=\"async\" loading=\"lazy\" width=\"375\" height=\"500\" src=\"https:\/\/speyer24news.com\/wp-content\/uploads\/2022\/03\/Aktuelles-Polizeilogo.jpg\" alt=\"\" class=\"wp-image-43591\" srcset=\"https:\/\/speyer24news.com\/wp-content\/uploads\/2022\/03\/Aktuelles-Polizeilogo.jpg 375w, https:\/\/speyer24news.com\/wp-content\/uploads\/2022\/03\/Aktuelles-Polizeilogo-225x300.jpg 225w\" sizes=\"(max-width: 375px) 100vw, 375px\" \/><\/figure><\/div>\n\n\n<h2 class=\"wp-block-heading\">(Speyer) &#8211; Zwei Einbruchversuche in geparkte Pkw<\/h2>\n\n\n\n<p>Im Zeitraum vom Freitagabend bis zum Samstagmorgen kam es jeweils auf einem Parkplatz in der Unteren Langgasse und am Melchior-He\u00df-Park in Speyer zu einem versuchten Einbruch in einen dort geparkten Pkw. Bei beiden Fahrzeugen wurden die Dreiecksscheiben mit einem unbekannten Gegenstand eingeschlagen, zu einem Diebstahl aus den Pkws kam es schlussendlich jedoch nicht.<\/p>\n\n\n\n<ul>\n<li><strong>Wer hat in der Tatnacht im Bereich der oben genannten \u00d6rtlichkeiten verd\u00e4chtige Wahrnehmungen gemacht, kann T\u00e4terhinweise oder sonstige sachdienliche Hinweise geben? Die Polizei bittet Zeugen um Mitteilung an Tel. 06232\/137-0 oder per E-Mail an&nbsp;<a href=\"mailto:%20pispeyer@polizei.rlp.de\">pispeyer@polizei.rlp.de<\/a><\/strong><\/li>\n<\/ul>\n\n\n\n<h2 class=\"wp-block-heading\">(Speyer \/ Harthausen) &#8211; Polizeiliche Eins\u00e4tze aufgrund starker Windb\u00f6en<\/h2>\n\n\n\n<p>Am 23.03.2024 kam es zu insgesamt zwei polizeilichen Eins\u00e4tzen aufgrund von Windb\u00f6en im Dienstgebiet der Polizeiinspektion Speyer. In der Siemensstra\u00dfe in Speyer wurden auf die Fahrbahn gewehte \u00c4ste und Str\u00e4ucher gemeldet, welche noch bevor es zu einer Gef\u00e4hrdung f\u00fcr die Verkehrsteilnehmer kommen konnte, von der Fahrbahn entfernt wurden. In Harthausen st\u00fcrzte ein massiver Baum um und ragte deutlich auf die Fahrbahn. Dieser konnte durch die Feuerwehr von der Fahrbahn entfernt werden. Zu Personen oder Sachsch\u00e4den kam es nach derzeitigem Kenntnisstand nicht.<\/p>\n\n\n\n<h2 class=\"wp-block-heading\">(Dannstadt-Schauernheim) &#8211; PKW im Bach<\/h2>\n\n\n<div class=\"wp-block-image\">\n<figure class=\"aligncenter size-full\"><img decoding=\"async\" loading=\"lazy\" width=\"801\" height=\"600\" src=\"https:\/\/speyer24news.com\/wp-content\/uploads\/2020\/05\/Zeugen-gesucht-Neutral.jpg\" alt=\"\" class=\"wp-image-26598\" srcset=\"https:\/\/speyer24news.com\/wp-content\/uploads\/2020\/05\/Zeugen-gesucht-Neutral.jpg 801w, https:\/\/speyer24news.com\/wp-content\/uploads\/2020\/05\/Zeugen-gesucht-Neutral-300x225.jpg 300w, https:\/\/speyer24news.com\/wp-content\/uploads\/2020\/05\/Zeugen-gesucht-Neutral-768x575.jpg 768w, https:\/\/speyer24news.com\/wp-content\/uploads\/2020\/05\/Zeugen-gesucht-Neutral-678x509.jpg 678w, https:\/\/speyer24news.com\/wp-content\/uploads\/2020\/05\/Zeugen-gesucht-Neutral-326x245.jpg 326w, https:\/\/speyer24news.com\/wp-content\/uploads\/2020\/05\/Zeugen-gesucht-Neutral-80x60.jpg 80w\" sizes=\"(max-width: 801px) 100vw, 801px\" \/><\/figure><\/div>\n\n\n<p>Am Samstag, den 23.03.2024 gegen 04:30 Uhr meldet eine Anwohnerin, dass im Marlachbach in Dannstadt-Schauernheim ein PKW liegen w\u00fcrde. Durch die eingesetzten Beamten konnte besagter PKW auf dem Dach liegend festgestellt werden. Vom Fahrer fehlte jedoch jede Spur. Vermutlich verlor der Fahrzeugf\u00fchrer in einer Rechtskurve die Kontrolle \u00fcber sein Fahrzeug und landete daraufhin im Bach. Da es sich um einen PKW mit ausl\u00e4ndischem Kennzeichen handelte, ergaben sich keine Hinweise auf den Aufenthaltsort des verschwundenen Fahrzeugf\u00fchrers. <\/p>\n\n\n\n<ul>\n<li><strong>Die Polizeiinspektion Schifferstadt bittet Zeugen des Verkehrsunfalls sich unter Telefonnummer 06235\/495-0 oder per E-Mail&nbsp;<a href=\"mailto:%20pischifferstadt@polizei.rlp.de\">pischifferstadt@polizei.rlp.de<\/a>&nbsp;zu melden.<\/strong><\/li>\n<\/ul>\n\n\n\n<h2 class=\"wp-block-heading\">(B\u00f6hl-Iggelheim) &#8211; Verkehrsunfall zwischen mehreren PKW<\/h2>\n\n\n\n<p>Am Samstagmittag gegen 14:15 Uhr kam es auf der Landstra\u00dfe zwischen Iggelheim und Schifferstadt zu einem Auffahrunfall mit vier beteiligten Fahrzeugen. Durch polizeiliche Ermittlungen d\u00fcrfte sich der Unfall ereignet haben, da das vorderste Fahrzeug in einen Feldweg abbiegen wollte und dementsprechend seine Geschwindigkeit verringerte. Der dahinterfahrende PKW bremste daraufhin ebenfalls ab. Aufgrund zu geringen Abstands fuhren die zwei nachfolgenden PKW auf den abbremsenden PKW auf und es kam zum Unfall. Zwei der vier Beteiligten wurden durch den Unfall leichtverletzt und kamen zur weiteren Abkl\u00e4rung in ein umliegendes Krankenhaus.<\/p>\n\n\n\n<h2 class=\"wp-block-heading\">(Westheim) &#8211; Versuchter Einbruch in Wohnung<\/h2>\n\n\n\n<p>Am 23.03.24 versuchten unbekannte T\u00e4ter zwischen 18:40 Uhr und 22:30 Uhr in eine Wohnung in der Holzm\u00fchlstra\u00dfe in Westheim einzubrechen. Die Wohnungst\u00fcr hielt dem Einbruchsversuch stand, weshalb die T\u00e4ter die Wohnung nicht betreten konnten. Es entstand jedoch ein Gesamtschaden von ca. 1000EUR. <\/p>\n\n\n\n<ul>\n<li><strong>Wer hat im Tatzeitraum verd\u00e4chtige Personen oder Fahrzeuge im Bereich der Holzm\u00fchlstra\u00dfe in Westheim gesehen? Zeugen werden gebeten, sich unter der Telefonnummer 07274\/9580 oder per E-Mail an&nbsp;<a href=\"mailto:%20pigermersheim@polizei.rlp.de\">pigermersheim@polizei.rlp.de<\/a>&nbsp;mit der Polizei Germersheim in Verbindung zu setzen<\/strong><\/li>\n<\/ul>\n\n\n\n<h2 class=\"wp-block-heading\">(Bellheim) &#8211; Widerstand durch Randalierer<\/h2>\n\n\n<div class=\"wp-block-image\">\n<figure class=\"aligncenter size-full\"><img decoding=\"async\" loading=\"lazy\" width=\"800\" height=\"533\" src=\"https:\/\/speyer24news.com\/wp-content\/uploads\/2021\/10\/Festnahme-Handschellen.jpg\" alt=\"\" class=\"wp-image-41224\" srcset=\"https:\/\/speyer24news.com\/wp-content\/uploads\/2021\/10\/Festnahme-Handschellen.jpg 800w, https:\/\/speyer24news.com\/wp-content\/uploads\/2021\/10\/Festnahme-Handschellen-300x200.jpg 300w, https:\/\/speyer24news.com\/wp-content\/uploads\/2021\/10\/Festnahme-Handschellen-768x512.jpg 768w\" sizes=\"(max-width: 800px) 100vw, 800px\" \/><figcaption class=\"wp-element-caption\">Beispielbild Handschelle \/ Verhaftung, dient lediglich der Visualisierung<\/figcaption><\/figure><\/div>\n\n\n<p>Samstagabend randalierte ein 33-J\u00e4hriger in Bellheim in einem Mehrparteienhaus. Als die Polizeibeamten vor Ort eintrafen, um den 33-J\u00e4hrigen aus dem Haus zu bringen, holte dieser unvermittelt mit einem Schlag gegen den Kopf eines Polizeibeamten aus. Der Randalierer wurde daher festgenommen. Infolge dieser Festnahme wurden die eingesetzten Beamte durch ihn leicht verletzt. Den 33-J\u00e4hrigen erwartet nun eine Anzeige wegen Widerstand und Hausfriedensbruch.<\/p>\n\n\n\n<h2 class=\"wp-block-heading\">(R\u00fclzheim \/ Bellheim) &#8211; Mehrere Verkehrsunf\u00e4lle unter Alkoholeinfluss<\/h2>\n\n\n<div class=\"wp-block-image\">\n<figure class=\"aligncenter size-full\"><img decoding=\"async\" loading=\"lazy\" width=\"800\" height=\"571\" src=\"https:\/\/speyer24news.com\/wp-content\/uploads\/2024\/03\/VU2.jpg\" alt=\"\" class=\"wp-image-58982\" srcset=\"https:\/\/speyer24news.com\/wp-content\/uploads\/2024\/03\/VU2.jpg 800w, https:\/\/speyer24news.com\/wp-content\/uploads\/2024\/03\/VU2-300x214.jpg 300w, https:\/\/speyer24news.com\/wp-content\/uploads\/2024\/03\/VU2-768x548.jpg 768w\" sizes=\"(max-width: 800px) 100vw, 800px\" \/><figcaption class=\"wp-element-caption\">Verkehrsunfall<\/figcaption><\/figure><\/div>\n\n\n<p>Am Morgen des 24.03.24 kam ein alkoholisierter Autofahrer von der Fahrbahn der L539 von Bellheim kommend in Fahrtrichtung B9 ab, so dass mehrere Leitpfosten besch\u00e4digt wurden. Zudem fuhr er kurze Zeit sp\u00e4ter eine Stra\u00dfenlaterne an einer Tankstelle in R\u00fclzheim um und besch\u00e4digte ebenfalls in R\u00fclzheim ein Verkehrszeichen auf einer Verkehrsinsel. <\/p>\n\n\n<div class=\"wp-block-image\">\n<figure class=\"aligncenter\"><a href=\"https:\/\/cache.pressmailing.net\/thumbnail\/story_hires\/5bc28540-fa2c-4d98-91a4-632b730d4b19\/VU3.jpg.jpg\"><img decoding=\"async\" src=\"https:\/\/cache.pressmailing.net\/thumbnail\/story_big\/5bc28540-fa2c-4d98-91a4-632b730d4b19\/pol-pdld-mehrere-verkehrsunf-lle-unter-alkoholeinfluss\" alt=\"POL-PDLD: Mehrere Verkehrsunf\u00e4lle unter Alkoholeinfluss\"\/><\/a><\/figure><\/div>\n\n\n<p>Der zun\u00e4chst unbekannte Verursacher konnte im Rahmen von Fahndungsma\u00dfnahmen fahrend festgestellt und einer Verkehrskontrolle unterzogen werden. Hierbei stellte sich heraus, dass der 46-j\u00e4hrige R\u00fclzheimer 2,03 Promille intus hatte. Ihm wurde eine Blutprobe entnommen und sein F\u00fchrerschein wurde sichergestellt. Den Fahrer erwartet eine Strafanzeige wegen Gef\u00e4hrdung des Stra\u00dfenverkehrs sowie wegen unerlaubten Entfernen vom Unfallort.<\/p>\n\n\n\n<h2 class=\"wp-block-heading\">(L 493 \/ Herxheim) &#8211; PKW-Brand<\/h2>\n\n\n\n<p>Am Samstag den 23.03.2024 gegen 16:45 Uhr kam es aufgrund eines technischen Defekts zu einem PKW Brand auf der L493 zwischen Rohrbach und Herxheim. Der Fahrer bemerkte eine Rauchentwicklung im Motorraum und lenkte sein Fahrzeug auf einen Wirtschaftsweg. Das Fahrzeug geriet in Vollbrand, die Feuerwehr konnte den Brand l\u00f6schen. Es handelte sich nicht um ein E-Auto.<\/p>\n\n\n\n<h2 class=\"wp-block-heading\">(Jockgrim) &#8211; Geschwindigkeitskontrolle<\/h2>\n\n\n\n<p>Am 23.03.2024 wurde zwischen 11:00 und 12:30 Uhr durch die Polizeiinspektion W\u00f6rth am Rhein eine Geschwindigkeitsmessung in der Hatzenb\u00fchler Stra\u00dfe in Jockgrim durchgef\u00fchrt. Es ergaben sich bei einer erlaubten H\u00f6chstgeschwindigkeit von 30 km\/h insgesamt 13 Geschwindigkeitsverst\u00f6\u00dfe.<\/p>\n\n\n\n<h2 class=\"wp-block-heading\">(W\u00f6rth OT Schaidt) &#8211; Fahrradfahrer alkoholisiert<\/h2>\n\n\n\n<p>Am Samstag, dem 23.03.2024 gegen 18:20 Uhr befuhr ein Fahrradfahrer die Hauptstra\u00dfe in Schaidt. Im Rahmen der Verkehrskontrolle konnten die Polizeibeamten bei dem 62-J\u00e4hrigen feststellen, dass er deutlich unter Alkoholeinfluss stand. Ein Atemalkoholtest ergab einen Wert von 1,99 Promille. Dem 62-j\u00e4hrigen Fahrradfahrer wurde eine Blutprobe entnommen. Zudem wurde ein Strafverfahren wegen Trunkenheit im Verkehr eingeleitet.<\/p>\n\n\n\n<h2 class=\"wp-block-heading\">(W\u00f6rth) &#8211; Stromverteilerkasten mutwillig besch\u00e4digt \/ Zeugen gesucht<\/h2>\n\n\n\n<p>In der Zeit vom 22.03.2024, 17:30 Uhr bis zum 23.03.2024, 09:00 Uhr wurde der Stromverteilerkasten an der Einm\u00fcndung Hanns-Martin-Schleyer-Stra\u00dfe \/ Dorschbergstra\u00dfe in der N\u00e4he des Europagymnasiums in W\u00f6rth durch unbekannte T\u00e4ter mutwillig besch\u00e4digt und umgeworfen. Der Schaden bel\u00e4uft sich auf ca. 300 Euro. Probleme mit der Stromversorgung gab es nicht. Ein Strafverfahren wegen Sachbesch\u00e4digung wurde eingeleitet und die polizeilichen Ermittlungen aufgenommen. <\/p>\n\n\n\n<ul>\n<li><strong>Die Polizei bittet Zeugen, die Hinweise zu der Tat oder dem T\u00e4ter geben k\u00f6nnen, sich per E-Mail an&nbsp;<a href=\"mailto:%20piwoerth@polizei.rlp.de\">piwoerth@polizei.rlp.de<\/a>&nbsp;oder telefonisch unter 07271-9221-0 bei der Polizeiinspektion W\u00f6rth am Rhein zu melden.<\/strong><\/li>\n<\/ul>\n\n\n\n<h2 class=\"wp-block-heading\">(Freckenfeld) &#8211; Brand in einem Mehrfamilienhaus<\/h2>\n\n\n<div class=\"wp-block-image\">\n<figure class=\"aligncenter size-full\"><img decoding=\"async\" loading=\"lazy\" width=\"800\" height=\"533\" src=\"https:\/\/speyer24news.com\/wp-content\/uploads\/2021\/01\/Ruhe-in-Frieden.jpg\" alt=\"\" class=\"wp-image-32361\" srcset=\"https:\/\/speyer24news.com\/wp-content\/uploads\/2021\/01\/Ruhe-in-Frieden.jpg 800w, https:\/\/speyer24news.com\/wp-content\/uploads\/2021\/01\/Ruhe-in-Frieden-300x200.jpg 300w, https:\/\/speyer24news.com\/wp-content\/uploads\/2021\/01\/Ruhe-in-Frieden-768x512.jpg 768w\" sizes=\"(max-width: 800px) 100vw, 800px\" \/><\/figure><\/div>\n\n\n<p>Aus bislang unbekannter Ursache kam es am 24.03.2024 gegen 12:00 Uhr in der Hauptstra\u00dfe in 76872 Freckenfeld zu einem Brand in einer Wohnung in einem Mehrfamilienhaus. Bei dem Brand verstarb die 71-j\u00e4hrige Bewohnerin der Wohnung. Eine 62-j\u00e4hrige Bewohnerin des Hauses kam mit leichten Verletzungen in ein Krankenhaus. Die Wohnung brannte vollst\u00e4ndig aus. Die anderen Wohnungen sind derzeit ebenfalls nicht bewohnbar. Die Schadenh\u00f6he ist ersten Sch\u00e4tzungen zufolge auf etwa 300.000 EUR zu beziffern. Die Staatsanwaltschaft Landau und die Kriminalpolizei haben die Ermittlungen zur Brandursache aufgenommen.<\/p>\n\n\n\n<h2 class=\"wp-block-heading\">(A 65 \/ Landau) &#8211; Betrunken mit dem Pkw auf der Autobahn unterwegs<\/h2>\n\n\n\n<p>Am Samstag, 23.03.2024 gegen 20:00 Uhr wurde der Polizei Edenkoben ein schlangenlinienfahrender franz\u00f6sischer Pkw auf der A65 in Fahrtrichtung Karlsruhe in H\u00f6he der AS Landau-Nord gemeldet. Im Rahmen der Fahndung konnte der Pkw durch die Polizei angehalten und kontrolliert werden. Bei der Kontrolle des 41 -j\u00e4hrigen Fahrers schlug den Beamten starker Alkoholgeruch entgegen. Ein Atemalkoholtest best\u00e4tigte den Verdacht der Beamten. Der Test ergab 2,43 Promille. Als Folge wurde dem Mann eine Blutprobe entnommen, Fahrzeugschl\u00fcssel und F\u00fchrerschein sichergestellt. Da der Mann keinen Wohnsitz in Deutschland hat, wurde zudem eine Sicherheitsleistung einbehalten. Den Fahrer erwartet nun ein Strafverfahren wegen Trunkenheit im Verkehr.<\/p>\n\n\n\n<h2 class=\"wp-block-heading\">(Landau) &#8211; Verkehrsunfall mit 3 verletzten Personen<\/h2>\n\n\n\n<p>Am Samstag den 23.03.2024 gegen 14:40 Uhr kam es in Landau an der Kreuzung Horststra\u00dfe\/Horstring zu einem Verkehrsunfall mit 3 verletzten Personen und hohem Sachschaden. Nach derzeitigem Erkenntnisstand ist davon auszugehen, dass eine 29-j\u00e4hrige Fahrerin die Kreuzung trotz Rotlicht, vom Horstring kommend, \u00fcber die Horststra\u00dfe in die Schneiderstra\u00dfe \u00fcberqueren wollte und dabei mit einem vorfahrtsberechtigen PKW kollidierte. Drei Personen wurden leicht verletzt und mussten teilweise in Krankenh\u00e4usern behandelt werden. Beide Fahrzeuge waren nicht mehr fahrbereit und mussten abgeschleppt werden, es entstand ein Sachschaden in H\u00f6he von ca. 50000.- EUR. F\u00fcr die Dauer der Unfallaufnahme kam es zu nicht unerheblichen Verkehrsbehinderungen.<\/p>\n\n\n\n<h2 class=\"wp-block-heading\">(Maikammer \/ Edenkoben) &#8211; 2 Fahrer unter BTM-Einfluss aus dem Verkehr gezogen!<a href=\"https:\/\/www.facebook.com\/sharer.php?u=https%3A%2F%2Fwww.presseportal.de%2Fblaulicht%2Fpm%2F117686%2F5742536%2F%3Futm_source%3Dfacebook%26utm_medium%3Dsocial\"><\/a><a href=\"https:\/\/twitter.com\/intent\/tweet?text=POL-PDLD%3A%202%20Fahrer%20unter%20BTM-Einfluss%20aus%20dem%20Verkehr%20gezogen%21&amp;url=https%3A%2F%2Fwww.presseportal.de%2Fblaulicht%2Fpm%2F117686%2F5742536%2F%3Futm_source%3Dtwitter%26utm_medium%3Dsocial&amp;hashtags=ots&amp;lang=de\"><\/a><a href=\"https:\/\/web.whatsapp.com\/send?text=POL-PDLD%3A%202%20Fahrer%20unter%20BTM-Einfluss%20aus%20dem%20Verkehr%20gezogen%21%0A%0Ahttps%3A%2F%2Fwww.presseportal.de%2Fblaulicht%2Fpm%2F117686%2F5742536%2F%3Futm_source%3Dwhatsapp%26utm_medium%3Dsocial\"><\/a><a href=\"https:\/\/www.xing.com\/app\/user?op=share;url=https%3A%2F%2Fwww.presseportal.de%2Fblaulicht%2Fpm%2F117686%2F5742536%2F%3Futm_source%3Dxing%26utm_medium%3Dsocial\"><\/a><a href=\"http:\/\/www.linkedin.com\/shareArticle?mini=true&amp;url=https%3A%2F%2Fwww.presseportal.de%2Fblaulicht%2Fpm%2F117686%2F5742536%2F%3Futm_source%3Dlinkedin%26utm_medium%3Dsocial&amp;title=POL-PDLD%3A+2+Fahrer+unter+BTM-Einfluss+aus+dem+Verkehr+gezogen%21\"><\/a><a href=\"mailto:?subject=POL-PDLD%3A%202%20Fahrer%20unter%20BTM-Einfluss%20aus%20dem%20Verkehr%20gezogen%21&amp;body=https:\/\/www.presseportal.de\/blaulicht\/pm\/117686\/5742536\"><\/a><\/h2>\n\n\n\n<p>Am Freitag, 22.03.2024 gegen 23:10 Uhr wurde ein 30-j\u00e4hriger Pkw-F\u00fchrer aus dem Kreis S\u00dcW in Maikammer einer Verkehrskontrolle unterzogen. Aufgrund drogentypischer Auff\u00e4lligkeiten wurde ihm im Anschluss an die Kontrolle auf der Dienststelle eine Blutprobe entnommen. In Edenkoben wurde am Samstag, 23.03.2024 gegen 12:00 Uhr ein weiterer Pkw-F\u00fchrer aus dem Kreis S\u00dcW kontrolliert. Dieser r\u00e4umte w\u00e4hrend der Kontrolle ein, zuvor einen Joint geraucht zu haben. Der durchgef\u00fchrte Urintest best\u00e4tigte die Angaben des Fahrers. Auch ihm wurde eine Blutprobe entnommen. Die Fahrzeugschl\u00fcssel beider Fahrer wurden sichergestellt, die Weiterfahrt untersagt. Beide Fahrer erwartet nun ein Strafverfahren wegen des Fahrens unter BTM-Einfluss.<\/p>\n\n\n\n<h2 class=\"wp-block-heading\">(Neustadt) &#8211; Taschendiebst\u00e4hle<\/h2>\n\n\n<div class=\"wp-block-image\">\n<figure class=\"aligncenter size-full\"><img decoding=\"async\" loading=\"lazy\" width=\"640\" height=\"426\" src=\"https:\/\/speyer24news.com\/wp-content\/uploads\/2020\/12\/Taschendiebstahl.jpg\" alt=\"\" class=\"wp-image-31455\" srcset=\"https:\/\/speyer24news.com\/wp-content\/uploads\/2020\/12\/Taschendiebstahl.jpg 640w, https:\/\/speyer24news.com\/wp-content\/uploads\/2020\/12\/Taschendiebstahl-300x200.jpg 300w\" sizes=\"(max-width: 640px) 100vw, 640px\" \/><figcaption class=\"wp-element-caption\">Beispielbild Diebstahl, dient lediglich der Visualisierung.<\/figcaption><\/figure><\/div>\n\n\n<p>Am 23.03.2024 kam es im Innenstadtbereich von 67433 Neustadt\/W. im Zeitraum von 11:00 Uhr bis 15:00 Uhr zu insgesamt drei F\u00e4llen von Taschendiebstahl. Hierbei wurde jeweils in unterschiedlichen Gesch\u00e4ften die Geldb\u00f6rsen der Gesch\u00e4digten aus deren Taschen, welche am K\u00f6rper getragen wurden, entwendet. Die Polizei weist in diesem Zusammenhang darauf hin, dass mitgef\u00fchrte Taschen oder Rucks\u00e4cke bestm\u00f6glich geschlossen und vor dem K\u00f6rper getragen werden sollten, um solche Taten vorzubeugen.<\/p>\n\n\n\n<h2 class=\"wp-block-heading\">(Neustadt) &#8211; Einbruch in Firmengeb\u00e4ude<\/h2>\n\n\n\n<p>Am 23.03.2024 im Zeitraum von 06:10 Uhr bis 09:00 Uhr brachen bislang unbekannte T\u00e4ter in ein Firmengeb\u00e4ude in der Rotkreuzstra\u00dfe in 67433 Neustadt\/W. ein. Hierf\u00fcr hebelten diese ein Kellerfenster auf und gelangten dadurch in das Innere des Geb\u00e4udes. Hier wurden mehrere T\u00fcren gewaltsam aufgebrochen und letztlich ein schwerer Stahltresor, welcher sich im ersten Obergeschoss befand. Dieser wurde mittels einer Sackkarre in den Hof des Anwesens transportiert. Durch den Vorfall entstand ein Gesamtschaden in H\u00f6he von circa 30000 Euro. Zeugen, welche sachdienliche Angaben zur Aufkl\u00e4rung der Tat machen k\u00f6nnen, werden gebeten, sich bei der Polizei Neustadt\/W. zu melden.<\/p>\n\n\n\n<h2 class=\"wp-block-heading\">(A 65 \/ Neustadt) &#8211; Gef\u00e4hrlicher Eingriff in den Stra\u00dfenverkehr: Pkw-Fahrer von Laserpointer geblendet<\/h2>\n\n\n<div class=\"wp-block-image\">\n<figure class=\"aligncenter size-full\"><img decoding=\"async\" loading=\"lazy\" width=\"800\" height=\"562\" src=\"https:\/\/speyer24news.com\/wp-content\/uploads\/2023\/10\/Laser-Pointer-Gruen.jpg\" alt=\"\" class=\"wp-image-55358\" srcset=\"https:\/\/speyer24news.com\/wp-content\/uploads\/2023\/10\/Laser-Pointer-Gruen.jpg 800w, https:\/\/speyer24news.com\/wp-content\/uploads\/2023\/10\/Laser-Pointer-Gruen-300x211.jpg 300w, https:\/\/speyer24news.com\/wp-content\/uploads\/2023\/10\/Laser-Pointer-Gruen-768x540.jpg 768w\" sizes=\"(max-width: 800px) 100vw, 800px\" \/><\/figure><\/div>\n\n\n<p>Am Freitag, 22.03.2024 gegen 19:35 Uhr befuhr ein 56-j\u00e4hriger Fahrzeugf\u00fchrer aus dem Kreis S\u00fcdliche Weinstra\u00dfe die A65 in Fahrtrichtung Karlsruhe. Zwischen den Anschlussstellen Neustadt-Nord und Neustadt-S\u00fcd wurde der Fahrer von einer Br\u00fccke aus durch einen bislang unbekannten T\u00e4ter vermutlich mit einem Laserpointer geblendet. <\/p>\n\n\n\n<ul>\n<li><strong>Zeugen, die Hinweise zum Vorfall geben k\u00f6nnen, werden gebeten, sich mit der Polizei Edenkoben unter Tel: 06323-9550 in Verbindung zu setzen.<\/strong><\/li>\n<\/ul>\n\n\n\n<h2 class=\"wp-block-heading\">(Lambrecht) &#8211; Tageswohnungseinbruch<a href=\"https:\/\/www.facebook.com\/sharer.php?u=https%3A%2F%2Fwww.presseportal.de%2Fblaulicht%2Fpm%2F117687%2F5742367%2F%3Futm_source%3Dfacebook%26utm_medium%3Dsocial\"><\/a><a href=\"https:\/\/twitter.com\/intent\/tweet?text=POL-PDNW%3A%20Tageswohnungseinbruch&amp;url=https%3A%2F%2Fwww.presseportal.de%2Fblaulicht%2Fpm%2F117687%2F5742367%2F%3Futm_source%3Dtwitter%26utm_medium%3Dsocial&amp;hashtags=ots&amp;lang=de\"><\/a><a href=\"https:\/\/web.whatsapp.com\/send?text=POL-PDNW%3A%20Tageswohnungseinbruch%0A%0Ahttps%3A%2F%2Fwww.presseportal.de%2Fblaulicht%2Fpm%2F117687%2F5742367%2F%3Futm_source%3Dwhatsapp%26utm_medium%3Dsocial\"><\/a><a href=\"https:\/\/www.xing.com\/app\/user?op=share;url=https%3A%2F%2Fwww.presseportal.de%2Fblaulicht%2Fpm%2F117687%2F5742367%2F%3Futm_source%3Dxing%26utm_medium%3Dsocial\"><\/a><a href=\"http:\/\/www.linkedin.com\/shareArticle?mini=true&amp;url=https%3A%2F%2Fwww.presseportal.de%2Fblaulicht%2Fpm%2F117687%2F5742367%2F%3Futm_source%3Dlinkedin%26utm_medium%3Dsocial&amp;title=POL-PDNW%3A+Tageswohnungseinbruch\"><\/a><a href=\"mailto:?subject=POL-PDNW%3A%20Tageswohnungseinbruch&amp;body=https:\/\/www.presseportal.de\/blaulicht\/pm\/117687\/5742367\"><\/a><\/h2>\n\n\n\n<p>Am 23.03.2024 im Zeitraum von 17:00 Uhr bis 18:00 Uhr brachen bislang unbekannte T\u00e4ter in eine Wohnung eines Mehrfamilienhaueses in der Beerentalstra\u00dfe in 67466 Lambrecht ein. Hierzu wurde die T\u00fcr der Wohnung aufgehebelt und im Innern der Wohnung Gegenst\u00e4nde im Wert von circa 2000 Euro entwendet. <\/p>\n\n\n\n<ul>\n<li><strong>Zeugenhinweise zur Aufkl\u00e4rung der Tat nimmt die Polizei Neustadt\/W. unter Tel. 06321\/854-0 oder per Mail an\u00a0<a href=\"mailto:%20pineustadt@polizei.rlp.de\">pineustadt@polizei.rlp.de<\/a>\u00a0entgegen.<\/strong><\/li>\n<\/ul>\n\n\n\n<h2 class=\"wp-block-heading\">(Ludwigshafen) &#8211; Brand eines Einfamilienhauses<a href=\"https:\/\/www.facebook.com\/sharer.php?u=https%3A%2F%2Fwww.presseportal.de%2Fblaulicht%2Fpm%2F117696%2F5742633%2F%3Futm_source%3Dfacebook%26utm_medium%3Dsocial\"><\/a><a href=\"https:\/\/twitter.com\/intent\/tweet?text=POL-PPRP%3A%20Brand%20eines%20Einfamilienhauses&amp;url=https%3A%2F%2Fwww.presseportal.de%2Fblaulicht%2Fpm%2F117696%2F5742633%2F%3Futm_source%3Dtwitter%26utm_medium%3Dsocial&amp;hashtags=ots&amp;lang=de\"><\/a><a href=\"https:\/\/web.whatsapp.com\/send?text=POL-PPRP%3A%20Brand%20eines%20Einfamilienhauses%0A%0Ahttps%3A%2F%2Fwww.presseportal.de%2Fblaulicht%2Fpm%2F117696%2F5742633%2F%3Futm_source%3Dwhatsapp%26utm_medium%3Dsocial\"><\/a><a href=\"https:\/\/www.xing.com\/app\/user?op=share;url=https%3A%2F%2Fwww.presseportal.de%2Fblaulicht%2Fpm%2F117696%2F5742633%2F%3Futm_source%3Dxing%26utm_medium%3Dsocial\"><\/a><a href=\"http:\/\/www.linkedin.com\/shareArticle?mini=true&amp;url=https%3A%2F%2Fwww.presseportal.de%2Fblaulicht%2Fpm%2F117696%2F5742633%2F%3Futm_source%3Dlinkedin%26utm_medium%3Dsocial&amp;title=POL-PPRP%3A+Brand+eines+Einfamilienhauses\"><\/a><a href=\"mailto:?subject=POL-PPRP%3A%20Brand%20eines%20Einfamilienhauses&amp;body=https:\/\/www.presseportal.de\/blaulicht\/pm\/117696\/5742633\"><\/a><\/h2>\n\n\n\n<p>Am 24.03.2024 geriet gegen 16:00 Uhr das Dach eines Einfamilienhauses in Brand. Der Brand konnte durch die Feuerwehr gel\u00f6scht werden. Es wurden keine Personen verletzt, jedoch entstand ein Sachschaden am Geb\u00e4ude in H\u00f6he von etwa 150.000 EUR. Wie es zu der Brandentwicklung kam ist bislang unklar.<\/p>\n\n\n\n<h2 class=\"wp-block-heading\">(Ludwigshafen) &#8211; Rauchentwicklung am Dach eines Mehrfamilienhauses<\/h2>\n\n\n\n<p>Am 24.03.2024 kam es gegen 11:00 Uhr in der Kaiser-Wilhelm-Stra\u00dfe eines Mehrfamilienhauses zu einer Rauchentwicklung, wodurch es zu einem Einsatz der Feuerwehr und Polizei kam. Der Ursprung der Rauchentwicklung konnte unter dem Dach des Hauses lokalisiert und rechtzeitig durch die Feuerwehr gel\u00f6scht werden. Zu einem Personenschaden kam es nicht.<\/p>\n\n\n\n<p>Die Ursache f\u00fcr die Rauchentwicklung ist Gegenstand der kriminalpolizeilichen Ermittlung.<\/p>\n\n\n\n<h2 class=\"wp-block-heading\">(Ludwigshafen) &#8211; Einbruch in Wohnung \/ Schmuck entwendet<\/h2>\n\n\n\n<p>Am Samstag den 23.03.2024 zwischen 21:00 Uhr und 23:40 Uhr, brachen bislang unbekannte T\u00e4ter in eine Wohnung in der B\u00fcrgerstra\u00dfe in Ludwigshafen ein. Hierbei wurde die Wohnungseingangst\u00fcr aufgehebelt und Schmuck im Wert von ca. 20.000 Euro entwendet. Die Gesch\u00e4digten befanden sich zu diesem Zeitpunkt nicht zu Hause.<\/p>\n\n\n\n<ul>\n<li><strong>Zeugenhinweise hinsichtlich verd\u00e4chtiger Personen oder des Tatgeschehens nimmt die Polizeiinspektion Ludwigshafen 2 unter der Telefonnummer 0621\/963-2222 oder per Mail an&nbsp;<a href=\"mailto:%20piludwigshafen2@polizei.rlp.de\">piludwigshafen2@polizei.rlp.de<\/a>&nbsp;entgegen.<\/strong><\/li>\n<\/ul>\n\n\n\n<h2 class=\"wp-block-heading\">(Ludwigshafen) &#8211; Taxi touchiert und weggefahren<\/h2>\n\n\n\n<p>Ein 34-j\u00e4hriger Taxifahrer befuhr am 23.03.2024 gegen 21:00 Uhr mit seinem Taxi und einem Fahrgast die Carl-Bosch-Stra\u00dfe in Fahrtrichtung Oppau. Ein bislang unbekannter Fahrzeugf\u00fchrer befuhr die linke Fahrbahnspur neben dem Taxi und wechselte pl\u00f6tzlich auf die rechte Fahrspur. Dabei touchierte er das Taxi und fuhr davon. Nach Angaben des Taxifahrers und des Fahrgastes k\u00f6nnte es sich bei dem fl\u00fcchtenden Fahrzeug um einen <strong>silbernen Audi<\/strong> handeln.<\/p>\n\n\n\n<ul>\n<li><strong>F\u00fcr Zeugenhinweise hinsichtlich des Unfallhergangs und des beteiligten Fahrzeugs, wenden Sie sich an die Polizeiinspektion Ludwigshafen 2 unter der Telefonnummer 0621\/963-2222 oder per Mail an&nbsp;<a href=\"mailto:%20piludwigshafen2@polizei.rlp.de\">piludwigshafen2@polizei.rlp.de<\/a>.<\/strong><\/li>\n<\/ul>\n\n\n\n<h2 class=\"wp-block-heading\">(Ludwigshafen) &#8211; Einbruch in PKW \/ Zeugen gesucht<\/h2>\n\n\n\n<p>Im Zeitraum zwischen Freitag, 22.03.2024, 19.00 Uhr und Samstag, 23.03.2024, 07.45 Uhr, wurde in der Hochfeldstra\u00dfe die Fahrerscheibe eines PKW aufgebrochen und eine Geldb\u00f6rse aus dem Fahrzeug entwendet. T\u00e4terhinweise liegen bislang keine vor. <\/p>\n\n\n\n<ul>\n<li><strong>Sachdienliche Hinweise zur Tat k\u00f6nnen unter der Telefonnummer 0621 963-2122 an die Polizeiinspektion Ludwigshafen 1 weitergegeben werden.<\/strong><\/li>\n<\/ul>\n\n\n\n<h2 class=\"wp-block-heading\">(Ludwigshafen) &#8211; Mit gef\u00e4lschtem F\u00fchrerschein in Verkehrskontrolle<\/h2>\n\n\n\n<p>Am 23.03.2024 um 06:46 Uhr wurde ein 30-j\u00e4hriger Mann in der Industriestra\u00dfe in Ludwigshafen einer Verkehrskontrolle unterzogen. Hierbei h\u00e4ndigte er den Polizeibeamten einen kroatischen F\u00fchrerschein aus. Da die Beamten die Echtheit des F\u00fchrerscheins anzweifelten, wurde der Mann auf die Dienststelle verbracht. Dort stellte sich heraus, dass der F\u00fchrerschein gef\u00e4lscht und die Personalien erfunden waren. Eine g\u00fcltige Fahrerlaubnis besa\u00df der Mann nicht. Gegen den Mann wurden nun Strafverfahren wegen Urkundenf\u00e4lschung und Fahren ohne Fahrerlaubnis eingeleitet.<\/p>\n\n\n\n<h2 class=\"wp-block-heading\">(Mannheim-Neckarstadt) &#8211; Reifen an mehreren Fahrzeugen zerstochen \/ Zeugen gesucht<\/h2>\n\n\n\n<p>In der Nacht zum Samstag wurden auf dem Parkplatz der Hochuferstra\u00dfe 19 die Reifen mehrerer Fahrzeuge zerstochen. Dies konnte durch einen Gesch\u00e4digten gegen 06:00 Uhr des Folgetages festgestellt werden. Die hinzugerufenen Einsatzkr\u00e4fte stellten zudem an mindestens zwei weiteren, dort abgestellten Fahrzeugen, besch\u00e4digte Reifen fest.<\/p>\n\n\n\n<ul>\n<li><strong>Zeugen, die sachdienliche Hinweise geben k\u00f6nnen, werden gebeten, sich mit dem Polizeirevier Mannheim-Neckarstadt, unter der 0621 3301-0, in Verbindung zu setzen.<\/strong><\/li>\n<\/ul>\n\n\n\n<h2 class=\"wp-block-heading\">(Heidelberg-Neuenheim) &#8211; Beeintr\u00e4chtigung von Nothilfemitteln \/ Zeugen gesucht<\/h2>\n\n\n<div class=\"wp-block-image\">\n<figure class=\"aligncenter size-full\"><img decoding=\"async\" loading=\"lazy\" width=\"801\" height=\"600\" src=\"https:\/\/speyer24news.com\/wp-content\/uploads\/2020\/05\/Zeugen-gesucht-Neutral.jpg\" alt=\"\" class=\"wp-image-26598\" srcset=\"https:\/\/speyer24news.com\/wp-content\/uploads\/2020\/05\/Zeugen-gesucht-Neutral.jpg 801w, https:\/\/speyer24news.com\/wp-content\/uploads\/2020\/05\/Zeugen-gesucht-Neutral-300x225.jpg 300w, https:\/\/speyer24news.com\/wp-content\/uploads\/2020\/05\/Zeugen-gesucht-Neutral-768x575.jpg 768w, https:\/\/speyer24news.com\/wp-content\/uploads\/2020\/05\/Zeugen-gesucht-Neutral-678x509.jpg 678w, https:\/\/speyer24news.com\/wp-content\/uploads\/2020\/05\/Zeugen-gesucht-Neutral-326x245.jpg 326w, https:\/\/speyer24news.com\/wp-content\/uploads\/2020\/05\/Zeugen-gesucht-Neutral-80x60.jpg 80w\" sizes=\"(max-width: 801px) 100vw, 801px\" \/><\/figure><\/div>\n\n\n<p>Ein aufmerksamer Zeuge beobachtete am Samstag gegen 12:50 Uhr, wie drei Jugendliche in die alte Chirurgie im Neuenheimer Feld eindrangen, um dort einen Feuerl\u00f6scher zu entwenden. Als sie die \u00d6rtlichkeit verlie\u00dfen, bet\u00e4tigten sie den Feuerl\u00f6scher und fl\u00fcchteten in Richtung Ernst-Walz-Br\u00fccke.<\/p>\n\n\n\n<h4 class=\"wp-block-heading\">Die T\u00e4ter werden wie folgt beschrieben:<\/h4>\n\n\n\n<ul>\n<li><strong>Alle drei waren m\u00e4nnlich und ca. 12-14 Jahre alt.<\/strong><\/li>\n\n\n\n<li><strong>Einer der Personengruppe trug einen rot-grauen Rucksack der Marke Adidas, ein anderer einen Rucksack mit einem Skateboard.<\/strong><\/li>\n\n\n\n<li><strong>Die dritte Person trug einen grauen Kapuzenpullover, eine schwarze Schildkappe sowie eine schwarze Hose.<\/strong><\/li>\n<\/ul>\n\n\n\n<ul>\n<li><strong>Zeugen, die sachdienliche Hinweise geben k\u00f6nnen, werden gebeten, sich unter der Telefonnummer 06221-1857-0 mit dem Polizeirevier Heidelberg-Mitte in Verbindung zu setzen.<\/strong><\/li>\n<\/ul>\n\n\n\n<h2 class=\"wp-block-heading\">(Wiesloch \/ Rhein-Neckar-Kreis) &#8211; Nach Bremsman\u00f6ver verletzte Person in Buslinie 702 \/ Zeugen gesucht<\/h2>\n\n\n<div class=\"wp-block-image\">\n<figure class=\"aligncenter size-full\"><img decoding=\"async\" loading=\"lazy\" width=\"801\" height=\"600\" src=\"https:\/\/speyer24news.com\/wp-content\/uploads\/2020\/05\/Zeugen-gesucht-Neutral.jpg\" alt=\"\" class=\"wp-image-26598\" srcset=\"https:\/\/speyer24news.com\/wp-content\/uploads\/2020\/05\/Zeugen-gesucht-Neutral.jpg 801w, https:\/\/speyer24news.com\/wp-content\/uploads\/2020\/05\/Zeugen-gesucht-Neutral-300x225.jpg 300w, https:\/\/speyer24news.com\/wp-content\/uploads\/2020\/05\/Zeugen-gesucht-Neutral-768x575.jpg 768w, https:\/\/speyer24news.com\/wp-content\/uploads\/2020\/05\/Zeugen-gesucht-Neutral-678x509.jpg 678w, https:\/\/speyer24news.com\/wp-content\/uploads\/2020\/05\/Zeugen-gesucht-Neutral-326x245.jpg 326w, https:\/\/speyer24news.com\/wp-content\/uploads\/2020\/05\/Zeugen-gesucht-Neutral-80x60.jpg 80w\" sizes=\"(max-width: 801px) 100vw, 801px\" \/><\/figure><\/div>\n\n\n<p>Am Freitag den 22.03.2024 kam es gegen 15:25 Uhr zu einem Unfall in der Buslinie 702 in Wiesloch in der G\u00fcterstra\u00dfe. Hierbei bremste der Busfahrer abrupt ab und ein bislang unbekannter Fahrgast fiel in die Trennscheibe des hinteren Einstiegsbereichs. Diese zerbrach dabei und verletzte eine weitere Gesch\u00e4digte. Der unbekannte m\u00e4nnliche Fahrgast, Alter ca. 16-18 Jahre, verlie\u00df im Anschluss den Bus in bislang unbekannte Richtung. Eine unbekannte Zeugin kam der Gesch\u00e4digten zur Hilfe.<\/p>\n\n\n\n<ul>\n<li><strong>Neben der unbekannten Zeugin, werden Personen, die sachdienliche Hinweise zum Unfallgeschehen geben k\u00f6nnen, gebeten, sich mit dem Polizeirevier Wiesloch unter der 06222-57090 in Verbindung zu setzen.<\/strong><\/li>\n<\/ul>\n","protected":false},"excerpt":{"rendered":"<div class=\"mh-excerpt\"><p>Polizeimeldungen vom Sonntag (24.03.2024) (Speyer) &#8211; Zwei Einbruchversuche in geparkte Pkw Im Zeitraum vom Freitagabend bis zum Samstagmorgen kam es jeweils auf einem Parkplatz in der Unteren Langgasse und am Melchior-He\u00df-Park in Speyer zu einem <a class=\"mh-excerpt-more\" href=\"https:\/\/speyer24news.com\/?p=58980\" title=\"Polizeimeldungen Sonntag (24.03.24)\">[&#8230;]<\/a><\/p>\n<\/div>","protected":false},"author":3,"featured_media":26162,"comment_status":"open","ping_status":"open","sticky":false,"template":"","format":"standard","meta":{"_monsterinsights_skip_tracking":false,"_monsterinsights_sitenote_active":false,"_monsterinsights_sitenote_note":"","_monsterinsights_sitenote_category":0,"footnotes":""},"categories":[15659],"tags":[7273,7243,7244,10926,13554,350,14537,15084,15267,14538,15361,702,61,2555,14113,6955,6986,6263,63,105,11150,6987,53,13540,16956,4683,14958,9154,12967,102,13626,213,14325,14324,13553,13541,16955,2625,380],"aioseo_notices":[],"amp_enabled":true,"_links":{"self":[{"href":"https:\/\/speyer24news.com\/index.php?rest_route=\/wp\/v2\/posts\/58980"}],"collection":[{"href":"https:\/\/speyer24news.com\/index.php?rest_route=\/wp\/v2\/posts"}],"about":[{"href":"https:\/\/speyer24news.com\/index.php?rest_route=\/wp\/v2\/types\/post"}],"author":[{"embeddable":true,"href":"https:\/\/speyer24news.com\/index.php?rest_route=\/wp\/v2\/users\/3"}],"replies":[{"embeddable":true,"href":"https:\/\/speyer24news.com\/index.php?rest_route=%2Fwp%2Fv2%2Fcomments&post=58980"}],"version-history":[{"count":3,"href":"https:\/\/speyer24news.com\/index.php?rest_route=\/wp\/v2\/posts\/58980\/revisions"}],"predecessor-version":[{"id":59015,"href":"https:\/\/speyer24news.com\/index.php?rest_route=\/wp\/v2\/posts\/58980\/revisions\/59015"}],"wp:featuredmedia":[{"embeddable":true,"href":"https:\/\/speyer24news.com\/index.php?rest_route=\/wp\/v2\/media\/26162"}],"wp:attachment":[{"href":"https:\/\/speyer24news.com\/index.php?rest_route=%2Fwp%2Fv2%2Fmedia&parent=58980"}],"wp:term":[{"taxonomy":"category","embeddable":true,"href":"https:\/\/speyer24news.com\/index.php?rest_route=%2Fwp%2Fv2%2Fcategories&post=58980"},{"taxonomy":"post_tag","embeddable":true,"href":"https:\/\/speyer24news.com\/index.php?rest_route=%2Fwp%2Fv2%2Ftags&post=58980"}],"curies":[{"name":"wp","href":"https:\/\/api.w.org\/{rel}","templated":true}]}}