{"id":58987,"date":"2024-03-24T22:22:33","date_gmt":"2024-03-24T21:22:33","guid":{"rendered":"https:\/\/speyer24news.com\/?p=58987"},"modified":"2024-03-24T22:22:35","modified_gmt":"2024-03-24T21:22:35","slug":"umwelt-natur-veranstaltungen","status":"publish","type":"post","link":"https:\/\/speyer24news.com\/?p=58987","title":{"rendered":"Umwelt &#038; Natur \/ Veranstaltungen"},"content":{"rendered":"<style type=\"text\/css\">\r\n\t.ads_top_disp{}\r\n\t.ads_top_corner_disp{ float:left; margin:0px 10px 10px 0px; }\r\n\t.ads_first_p_disp{}\r\n\t.ads_bottom_disp{}\r\n\t<\/style>\n<h2 class=\"wp-block-heading\">Online-Seminarreihe rund um das Thema Solar<\/h2>\n\n\n<div class=\"wp-block-image\">\n<figure class=\"aligncenter size-full\"><img decoding=\"async\" loading=\"lazy\" width=\"800\" height=\"600\" src=\"https:\/\/speyer24news.com\/wp-content\/uploads\/2024\/03\/Solarhaus.jpg\" alt=\"\" class=\"wp-image-58990\" srcset=\"https:\/\/speyer24news.com\/wp-content\/uploads\/2024\/03\/Solarhaus.jpg 800w, https:\/\/speyer24news.com\/wp-content\/uploads\/2024\/03\/Solarhaus-300x225.jpg 300w, https:\/\/speyer24news.com\/wp-content\/uploads\/2024\/03\/Solarhaus-768x576.jpg 768w, https:\/\/speyer24news.com\/wp-content\/uploads\/2024\/03\/Solarhaus-678x509.jpg 678w, https:\/\/speyer24news.com\/wp-content\/uploads\/2024\/03\/Solarhaus-326x245.jpg 326w, https:\/\/speyer24news.com\/wp-content\/uploads\/2024\/03\/Solarhaus-80x60.jpg 80w\" sizes=\"(max-width: 800px) 100vw, 800px\" \/><\/figure><\/div>\n\n\n<p>Die Klimaschutzmanager*innen, Volkshochschulen und Verbraucherzentralen der Regionen Rheinhessen-Nahe und Vorderpfalz haben eine kostenlose Seminarreihe zum Thema Solar organisiert. Ob Balkonmodul, Denkmalschutz, Eigenverbrauch oder Speicherm\u00f6glichkeiten \u2013 in acht kostenfreien Online-Vortr\u00e4gen <strong>vom 10. April bis 26. Juni 2024<\/strong> erhalten Interessierte Informationen rund um Photovoltaik.<\/p>\n\n\n\n<p>\u201eIch freue mich sehr, dass wir regional eine solche Reihe organisieren und kostenfrei anbieten k\u00f6nnen, denn das Thema besch\u00e4ftigt viele Menschen. Die Seminarreihe gibt wertvolle Informationen zu technischen Innovationen oder auch organisatorischen Abl\u00e4ufen, damit alle an der Energiewende teilhaben k\u00f6nnen\u201c, erkl\u00e4rt Oberb\u00fcrgermeisterin Stefanie Seiler.<\/p>\n\n\n\n<p>\u201eUnabh\u00e4ngig davon, ob Sie zur Miete wohnen, ein Haus haben oder ein Unternehmen f\u00fchren: F\u00fcr alle Zielgruppen ist etwas dabei. Nutzen Sie daher die Chance und informieren Sie sich zu den verschiedenen Themen\u201c, appelliert auch Beigeordnete und Umweltdezernentin Irmgard M\u00fcnch-Weinmann.<\/p>\n\n\n\n<p>In den kompakten Online-Veranstaltungen informieren Expert*innen unabh\u00e4ngig und umfassend \u00fcber das Themenfeld Sonnenenergie und geben Handlungsempfehlungen.\u00a0Die praxisnahen Fachvortr\u00e4ge werden um Erfahrungsberichte erg\u00e4nzt und bieten den Teilnehmenden die M\u00f6glichkeit, mit den Expert*innen Fragen zu Kosten, Auflagen oder F\u00f6rderm\u00f6glichkeiten zu kl\u00e4ren.<br>Abgeschlossen wird die Reihe mit einem Vortrag f\u00fcr Gewerbetreibende und einem weiteren f\u00fcr ehrenamtlich engagierte Menschen, die sich die Energiewende einsetzen m\u00f6chten.<\/p>\n\n\n\n<p>Die digitalen Veranstaltungen finden mittwochs von 18 bis 19.30 Uhr statt. Die Anmeldung zu einzelnen Abenden oder der gesamten Reihe ist \u00fcber die Volkshochschule Speyer online unter&nbsp;<a href=\"https:\/\/deref-web.de\/mail\/client\/OZQli-6lJ98\/dereferrer\/?redirectUrl=http%3A%2F%2Fwww.vhs-speyer.de\" target=\"_blank\" rel=\"noreferrer noopener\">www.vhs-speyer.de<\/a>&nbsp;m\u00f6glich.<\/p>\n\n\n\n<h3 class=\"wp-block-heading\">Themen\u00fcbersicht der Veranstaltungen<\/h3>\n\n\n\n<ul>\n<li><strong>10. April 2024: Erste Schritte zur eigenen Balkon-PV-Anlage<\/strong><\/li>\n\n\n\n<li><strong>17. April 2024: Mein Weg zur eigenen Dach-PV-Anlage<\/strong><\/li>\n\n\n\n<li><strong>24. April 2024: Tipps f\u00fcr die Finanzierung der eigenen Solaranlage<\/strong><\/li>\n\n\n\n<li><strong>15. Mai 2024: Besonderheiten bei der Kombination von PV mit Dachbegr\u00fcnung oder Denkmalschutz<\/strong><\/li>\n\n\n\n<li><strong>5. Juni 2024: Eigenen Strom optimal nutzen durch Speicher &amp; E-Mobilit\u00e4t<\/strong><\/li>\n\n\n\n<li><strong>12. Juni 2024: Solares Heizen<\/strong><\/li>\n\n\n\n<li><strong>19. Juni 2024: PV &amp; Gewerbe<\/strong><\/li>\n\n\n\n<li><strong>26. Juni 2024: Lokaler PV-Ausbau mit B\u00fcrgerenergiegenossenschaften<\/strong><\/li>\n<\/ul>\n\n\n\n<p>Die Vortragsreihe als Gemeinschaftsaktion der Klimaschutzmanager*innen von insgesamt 18 Kommunalverwaltungen in Rheinland-Pfalz erweitert die Angebote der Volkshochschulen zur Klima- und Umweltbildung mit dem Ziel, B\u00fcrger*innen f\u00fcr den Klimaschutz zu sensibilisieren und f\u00fcr aktives Handeln zu motivieren.<\/p>\n\n\n\n<p>Koordiniert wird die Zusammenarbeit der Klimaschutzmanager*innen durch die Energieagentur Rheinland-Pfalz im Rahmen der Vernetzungs- und Unterst\u00fctzungsarbeit der Regionalb\u00fcros Rheinhessen-Nahe und Vorderpfalz.<\/p>\n\n\n\n<p>Die Vortr\u00e4ge erg\u00e4nzen die anbieterunabh\u00e4ngigen Energieberatungen der Verbraucherzentrale Rheinland-Pfalz, die kostenfreie pers\u00f6nliche Beratungsgespr\u00e4che f\u00fcr Interessierte rund um die Themen Energiesparen und energetische Sanierung anbieten.<\/p>\n\n\n\n<h4 class=\"wp-block-heading\">Weitere Informationen sind unter\u00a0<a href=\"https:\/\/deref-web.de\/mail\/client\/-BnHe663-FA\/dereferrer\/?redirectUrl=http%3A%2F%2Fwww.energieberatung-rlp.de\" target=\"_blank\" rel=\"noreferrer noopener\">www.energieberatung-rlp.de<\/a>\u00a0abrufbar.<\/h4>\n\n\n\n<p><em>Text: Stadtverwaltung Speyer Foto: \u00a9 Katrin Berlinghoff<br>22.03.2024<\/em><\/p>\n","protected":false},"excerpt":{"rendered":"<div class=\"mh-excerpt\"><p>Online-Seminarreihe rund um das Thema Solar Die Klimaschutzmanager*innen, Volkshochschulen und Verbraucherzentralen der Regionen Rheinhessen-Nahe und Vorderpfalz haben eine kostenlose Seminarreihe zum Thema Solar organisiert. Ob Balkonmodul, Denkmalschutz, Eigenverbrauch oder Speicherm\u00f6glichkeiten \u2013 in acht kostenfreien Online-Vortr\u00e4gen <a class=\"mh-excerpt-more\" href=\"https:\/\/speyer24news.com\/?p=58987\" title=\"Umwelt &#038; Natur \/ Veranstaltungen\">[&#8230;]<\/a><\/p>\n<\/div>","protected":false},"author":3,"featured_media":44012,"comment_status":"open","ping_status":"open","sticky":false,"template":"","format":"standard","meta":{"_monsterinsights_skip_tracking":false,"_monsterinsights_sitenote_active":false,"_monsterinsights_sitenote_note":"","_monsterinsights_sitenote_category":0,"footnotes":""},"categories":[13721,13],"tags":[11201,17982,17983,3788,9939,11169,11170,17984,17985,17986,183,8895,17673,17674,6480,17981,6,6287,14238,13893,9776,3132],"aioseo_notices":[],"amp_enabled":true,"_links":{"self":[{"href":"https:\/\/speyer24news.com\/index.php?rest_route=\/wp\/v2\/posts\/58987"}],"collection":[{"href":"https:\/\/speyer24news.com\/index.php?rest_route=\/wp\/v2\/posts"}],"about":[{"href":"https:\/\/speyer24news.com\/index.php?rest_route=\/wp\/v2\/types\/post"}],"author":[{"embeddable":true,"href":"https:\/\/speyer24news.com\/index.php?rest_route=\/wp\/v2\/users\/3"}],"replies":[{"embeddable":true,"href":"https:\/\/speyer24news.com\/index.php?rest_route=%2Fwp%2Fv2%2Fcomments&post=58987"}],"version-history":[{"count":1,"href":"https:\/\/speyer24news.com\/index.php?rest_route=\/wp\/v2\/posts\/58987\/revisions"}],"predecessor-version":[{"id":58991,"href":"https:\/\/speyer24news.com\/index.php?rest_route=\/wp\/v2\/posts\/58987\/revisions\/58991"}],"wp:featuredmedia":[{"embeddable":true,"href":"https:\/\/speyer24news.com\/index.php?rest_route=\/wp\/v2\/media\/44012"}],"wp:attachment":[{"href":"https:\/\/speyer24news.com\/index.php?rest_route=%2Fwp%2Fv2%2Fmedia&parent=58987"}],"wp:term":[{"taxonomy":"category","embeddable":true,"href":"https:\/\/speyer24news.com\/index.php?rest_route=%2Fwp%2Fv2%2Fcategories&post=58987"},{"taxonomy":"post_tag","embeddable":true,"href":"https:\/\/speyer24news.com\/index.php?rest_route=%2Fwp%2Fv2%2Ftags&post=58987"}],"curies":[{"name":"wp","href":"https:\/\/api.w.org\/{rel}","templated":true}]}}