{"id":59016,"date":"2024-03-25T10:24:22","date_gmt":"2024-03-25T09:24:22","guid":{"rendered":"https:\/\/speyer24news.com\/?p=59016"},"modified":"2024-03-25T10:24:23","modified_gmt":"2024-03-25T09:24:23","slug":"kirche-107","status":"publish","type":"post","link":"https:\/\/speyer24news.com\/?p=59016","title":{"rendered":"Kirche"},"content":{"rendered":"<style type=\"text\/css\">\r\n\t.ads_top_disp{}\r\n\t.ads_top_corner_disp{ float:left; margin:0px 10px 10px 0px; }\r\n\t.ads_first_p_disp{}\r\n\t.ads_bottom_disp{}\r\n\t<\/style>\n<h2 class=\"wp-block-heading\">Neue Perspektiven auf den Speyerer Dom<\/h2>\n\n\n\n<h3 class=\"wp-block-heading\">Der Fotograf Horst Hamann nimmt den Dom neu in den Blick<\/h3>\n\n\n<div class=\"wp-block-image\">\n<figure class=\"aligncenter size-full\"><img decoding=\"async\" loading=\"lazy\" width=\"800\" height=\"885\" src=\"https:\/\/speyer24news.com\/wp-content\/uploads\/2024\/03\/Dom-vertikal.jpg\" alt=\"\" class=\"wp-image-59017\" srcset=\"https:\/\/speyer24news.com\/wp-content\/uploads\/2024\/03\/Dom-vertikal.jpg 800w, https:\/\/speyer24news.com\/wp-content\/uploads\/2024\/03\/Dom-vertikal-271x300.jpg 271w, https:\/\/speyer24news.com\/wp-content\/uploads\/2024\/03\/Dom-vertikal-768x850.jpg 768w\" sizes=\"(max-width: 800px) 100vw, 800px\" \/><figcaption class=\"wp-element-caption\">(links) Aussenaufnahme des Doms mit dem Turm der Ged\u00e4chtniskirche, (rechts) Blick nach oben beim Gang durch das Hauptportal<br><em>Foto: \u00a9 Horst Hamann<\/em><\/figcaption><\/figure><\/div>\n\n\n<p><strong>Speyer &#8211;<\/strong> Ber\u00fchmt wurde der Fotograf Horst Hamann durch seine Fotografien von New Yorker Wolkenkratzern. Jetzt hat er sich den fast 1000 Jahre alten Speyerer Dom vorgenommen. In einem Projekt der Europ\u00e4ischen Stiftung Kaiserdom zu Speyer fotografiert er die romanische Kathedrale in dem f\u00fcr ihn charakteristischen Stil, immer mit Fokus auf die Vertikale. So entstehen Aufnahmen im extremen Hochformat, die eine neue Perspektive auf das Speyerer Wahrzeichen er\u00f6ffnen. Finanziert wird die Arbeit von Horst Hamann durch die Europ\u00e4ische Stiftung Kaiserdom zu Speyer zusammen mit der Forschungsstelle Geschichte und Kulturelles Erbe Mannheim. \u201eIn Zusammenarbeit mit dem international bekannten Fotografen Horst Hamann m\u00f6chte die Europ\u00e4ische Stiftung einen neuen Blick auf den einzigartigen Kaiserdom zu Speyer lenken und zugleich auf die Notwendigkeit seiner Bewahrung f\u00fcr zuk\u00fcnftige Generationen aufmerksam machen\u201c, sagt Prof. Dr. Alfried Wieczorek, der der Stiftung vorsteht. Das k\u00fcnstlerische Projekt wird in ein Buch und ein Kalenderprojekt in Kooperation mit dem\u00a0abcVerlag\u00a0Heidelberg und dem Pilgerverlag Speyer sowie einer Ausstellung im Historischen Museum der Pfalz (ab 11. Mai 2025) m\u00fcnden.<\/p>\n\n\n\n<p>Den Fotografen Horst Hamann fasziniert der Dom seit Jugend an. Aufgewachsen ist er im nahen Mannheim. \u00dcber mehr als ein Jahr hinweg nahm er nun die Speyerer Kathedrale immer wieder neu in den Blick. \u201eDer Dom ist nach der aufgehenden Sonne ausgerichtet und die Ver\u00e4nderungen des Lichts im Tagesverlauf spielen bei seiner Betrachtung eine gro\u00dfe Rolle. Je nach Jahreszeit und Lichtstimmung kann die ein und selbe Perspektive sehr, sehr unterschiedlich wirken, so dass man ganz neue Details und Facetten des Baus wahrnimmt\u201c, schildert der Fotograf seine Arbeit. \u201eDie Besch\u00e4ftigung mit dem Dom und seinen alten Mauern ist f\u00fcr mich unglaublich faszinierend und ich hoffe, dass ich diese Faszination in meinen Bildern auf den Betrachter \u00fcbertragen kann\u201c, sagt Horst Hamann zu dem Projekt. Seit September 2023 fotografiert er am Dom und war, nach eigener Sch\u00e4tzung, bereits 30 bis 40 Mal vor Ort und will noch einmal so oft mit seiner Kamera dorthin kommen. Langweilig wird es ihm bei dem Projekt nicht, auch wenn er sich, im Gegensatz zu seinen sonstigen Arbeiten, auf ein einziges Geb\u00e4ude konzentriert. Durch seine Reisen kehre er immer wieder mit einem frischen Blick zur\u00fcck und bekomme \u201eimmer wieder magische Momente geschenkt\u201c. Um Fotos mit Schnee zu bekommen, habe er sogar eine Reise abgebrochen.<\/p>\n\n\n<div class=\"wp-block-image\">\n<figure class=\"aligncenter size-full\"><img decoding=\"async\" loading=\"lazy\" width=\"800\" height=\"571\" src=\"https:\/\/speyer24news.com\/wp-content\/uploads\/2024\/03\/cMateo_Hamann_0091_.jpg\" alt=\"\" class=\"wp-image-59019\" srcset=\"https:\/\/speyer24news.com\/wp-content\/uploads\/2024\/03\/cMateo_Hamann_0091_.jpg 800w, https:\/\/speyer24news.com\/wp-content\/uploads\/2024\/03\/cMateo_Hamann_0091_-300x214.jpg 300w, https:\/\/speyer24news.com\/wp-content\/uploads\/2024\/03\/cMateo_Hamann_0091_-768x548.jpg 768w\" sizes=\"(max-width: 800px) 100vw, 800px\" \/><figcaption class=\"wp-element-caption\">Horst Hamann fotografiert auf der Zwerggalerie des Doms.<br><em>Foto: \u00a9 Mateo Hamann<\/em><\/figcaption><\/figure><\/div>\n\n\n<p>Mit Unterst\u00fctzung des Speyerer Domkapitels hat Horst Hamann Zugang zu allen Bereichen des Doms, inklusive der Dachr\u00e4ume und aller T\u00fcrme. Seine Arbeit zeugt von einer intensiven Besch\u00e4ftigung mit der Geschichte und Architektur der romanischen Kathedrale. Die Betrachter und Leser k\u00f6nnen mit den daraus resultierenden fotografischen Aufnahmen eine einzigartige Reise durch die H\u00f6hen und Tiefen des Doms nachvollziehen. \u201eDie Aufnahmen Horst Hamanns haben einen besonderen Reiz. Sie zeigen den Dom, wie er noch nie in seiner Geschichte gezeigt wurde. Ich bin \u00fcberzeugt, dass das Projekt die Faszination vieler Menschen f\u00fcr dieses einzigartige Geb\u00e4ude neu befeuern wird. Es tr\u00e4gt damit auch dazu bei, das europ\u00e4ische kulturelle Erbe des Doms, der Stadt, unserer Stiftung und dem ganzen Land, auf eine innovative und fesselnde Weise zu pr\u00e4sentieren\u201c, sagt Prof. Dr. Alfried Wieczorek, der Vorsitzende des Vorstands der Europ\u00e4ischen Stiftung Kaiserdom.<\/p>\n\n\n\n<h4 class=\"wp-block-heading\">Zu Horst Hamann<\/h4>\n\n\n\n<p>Horst Hamann wurde 1958 in Mannheim geboren. Fotografische \u201eSeh-Fahrten\u201d f\u00fchrten ihn um die ganze Welt und sind in zahlreichen Publikationen und Ausstellungen dokumentiert. Horst Hamanns \u201eVerticals\u201c gelten inzwischen als moderne Klassiker der Fotografie. In der New York Times wurde er f\u00fcr seinen fotografischen Umgang mit der Architektur und Licht als \u201eGenie\u201c gepriesen.&nbsp;F\u00fcr&nbsp;seine innovative Sichtweise ehrte das \u201eMuseum&nbsp;of&nbsp;the&nbsp;City&nbsp;of&nbsp;New York\u201c Hamann als ersten lebenden deutschen Fotografen mit einer sechsmonatigen Einzelausstellung. Der Bildband \u201eNew York&nbsp;Vertical\u201c ist inzwischen ein Kultobjekt und wurde schnell zum internationalen Bestseller. Hamanns Arbeiten befinden sich in bedeutenden privaten und \u00f6ffentlichen Sammlungen weltweit. Nach f\u00fcnfzehnj\u00e4hriger vertikaler Pause wendete sich der deutsche Fotograf 2024 mit seinen&nbsp;Vertical&nbsp;Views London zu.<\/p>\n\n\n\n<h4 class=\"wp-block-heading\">Zu den Publikationen<\/h4>\n\n\n\n<p>Vorgesehen ist eine Reihe von verschiedenen Publikationen, darunter als erstes zwei Buchver\u00f6ffentlichungen in einem gro\u00dfen und einem kleineren Format mit ca. 70 bis 80 Abbildungen. Dazu kommen ein immerw\u00e4hrender Kalender und ein Postkartenset. Die Produkte werden vom&nbsp;abcVerlag&nbsp;Heidelberg und dem Pilgerverlag Speyer gemeinsam herausgegeben. \u00dcber den&nbsp;abcVerlag&nbsp;gibt es die M\u00f6glichkeit, bei den Buchpublikationen als Partner oder Unterst\u00fctzer mit Logo und Namen bzw. nur mit Namen in den Publikationen vertreten zu sein. Ab Ende November sollen die Produkte zum Verkauf stehen.<\/p>\n\n\n<div class=\"wp-block-image\">\n<figure class=\"aligncenter size-full\"><img decoding=\"async\" loading=\"lazy\" width=\"800\" height=\"517\" src=\"https:\/\/speyer24news.com\/wp-content\/uploads\/2024\/03\/cMateo_Hamann_0118.jpg\" alt=\"\" class=\"wp-image-59018\" srcset=\"https:\/\/speyer24news.com\/wp-content\/uploads\/2024\/03\/cMateo_Hamann_0118.jpg 800w, https:\/\/speyer24news.com\/wp-content\/uploads\/2024\/03\/cMateo_Hamann_0118-300x194.jpg 300w, https:\/\/speyer24news.com\/wp-content\/uploads\/2024\/03\/cMateo_Hamann_0118-768x496.jpg 768w\" sizes=\"(max-width: 800px) 100vw, 800px\" \/><figcaption class=\"wp-element-caption\">Horst Hamann fotografiert auf der Zwerggalerie des Doms.<br><em>Foto: \u00a9 Mateo Hamann<\/em><\/figcaption><\/figure><\/div>\n\n\n<h4 class=\"wp-block-heading\">Zum Ausstellungsprojekt<\/h4>\n\n\n\n<p>Ab dem 11. Mai 2025 werden die Fotografien Horst Hamanns im Historischen Museum der Pfalz Speyer gezeigt. Museumsdirektor Prof. Dr. Schubert sagte hierzu, dass nach vielen Ausstellungen mit Bez\u00fcgen zum Dom, wie aktuell die Schau zum Bayernk\u00f6nig Ludwig I., damit der Fokus ausschlie\u00dflich auf den Dom gelenkt w\u00fcrde. Besonders reizvoll sei dabei, dass von den Ausstellungsr\u00e4umen aus durch die Fenster des Museums direkt der Blick auf den Dom gerichtet werden k\u00f6nne. Die Ausstellung sei zudem die Fortsetzung einer guten Zusammenarbeit mit der Europ\u00e4ischen Stiftung Kaiserdom zu Speyer, sagte Alexander Schubert. Die Ausstellung wird nach der Er\u00f6ffnung im Historischen Museum noch auf Reisen gehen und an mindestens f\u00fcnf weiteren Standorten in Deutschland gezeigt werden, erg\u00e4nzte Prof. Dr. Alfried Wieczorek.<\/p>\n\n\n\n<p><em>Text: Bisch\u00f6fliche Pressestelle Foto: (1) \u00a9 Horst Hamann; (2 &amp; 3) \u00a9 Mateo Hamann<br>22.03.2024<\/em><\/p>\n","protected":false},"excerpt":{"rendered":"<div class=\"mh-excerpt\"><p>Neue Perspektiven auf den Speyerer Dom Der Fotograf Horst Hamann nimmt den Dom neu in den Blick Speyer &#8211; Ber\u00fchmt wurde der Fotograf Horst Hamann durch seine Fotografien von New Yorker Wolkenkratzern. Jetzt hat er <a class=\"mh-excerpt-more\" href=\"https:\/\/speyer24news.com\/?p=59016\" title=\"Kirche\">[&#8230;]<\/a><\/p>\n<\/div>","protected":false},"author":3,"featured_media":26096,"comment_status":"open","ping_status":"open","sticky":false,"template":"","format":"standard","meta":{"_monsterinsights_skip_tracking":false,"_monsterinsights_sitenote_active":false,"_monsterinsights_sitenote_note":"","_monsterinsights_sitenote_category":0,"footnotes":""},"categories":[120],"tags":[18004,174,275,18002,17997,17998,12657,17999,10422,9693,18005,18003,18000,18001,18006],"aioseo_notices":[],"amp_enabled":true,"_links":{"self":[{"href":"https:\/\/speyer24news.com\/index.php?rest_route=\/wp\/v2\/posts\/59016"}],"collection":[{"href":"https:\/\/speyer24news.com\/index.php?rest_route=\/wp\/v2\/posts"}],"about":[{"href":"https:\/\/speyer24news.com\/index.php?rest_route=\/wp\/v2\/types\/post"}],"author":[{"embeddable":true,"href":"https:\/\/speyer24news.com\/index.php?rest_route=\/wp\/v2\/users\/3"}],"replies":[{"embeddable":true,"href":"https:\/\/speyer24news.com\/index.php?rest_route=%2Fwp%2Fv2%2Fcomments&post=59016"}],"version-history":[{"count":1,"href":"https:\/\/speyer24news.com\/index.php?rest_route=\/wp\/v2\/posts\/59016\/revisions"}],"predecessor-version":[{"id":59020,"href":"https:\/\/speyer24news.com\/index.php?rest_route=\/wp\/v2\/posts\/59016\/revisions\/59020"}],"wp:featuredmedia":[{"embeddable":true,"href":"https:\/\/speyer24news.com\/index.php?rest_route=\/wp\/v2\/media\/26096"}],"wp:attachment":[{"href":"https:\/\/speyer24news.com\/index.php?rest_route=%2Fwp%2Fv2%2Fmedia&parent=59016"}],"wp:term":[{"taxonomy":"category","embeddable":true,"href":"https:\/\/speyer24news.com\/index.php?rest_route=%2Fwp%2Fv2%2Fcategories&post=59016"},{"taxonomy":"post_tag","embeddable":true,"href":"https:\/\/speyer24news.com\/index.php?rest_route=%2Fwp%2Fv2%2Ftags&post=59016"}],"curies":[{"name":"wp","href":"https:\/\/api.w.org\/{rel}","templated":true}]}}