{"id":59087,"date":"2024-03-26T19:20:12","date_gmt":"2024-03-26T18:20:12","guid":{"rendered":"https:\/\/speyer24news.com\/?p=59087"},"modified":"2024-04-06T07:58:45","modified_gmt":"2024-04-06T06:58:45","slug":"personensuche-vermisste-person-17","status":"publish","type":"post","link":"https:\/\/speyer24news.com\/?p=59087","title":{"rendered":"Personensuche \/ Vermisste Person"},"content":{"rendered":"<style type=\"text\/css\">\r\n\t.ads_top_disp{}\r\n\t.ads_top_corner_disp{ float:left; margin:0px 10px 10px 0px; }\r\n\t.ads_first_p_disp{}\r\n\t.ads_bottom_disp{}\r\n\t<\/style>\n<h2 class=\"wp-block-heading\">R\u00fccknahme \u00d6ffentlichkeitsfahndung nach zwei vermissten Jugendlichen<\/h2>\n\n\n\n<h3 class=\"wp-block-heading\">Nachtrag zur \u00d6ffentlichkeitsfahndung vom 22.03.2024 (<a target=\"_blank\" rel=\"noreferrer noopener\" href=\"https:\/\/www.presseportal.de\/blaulicht\/pm\/117696\/5741434\">https:\/\/www.presseportal.de\/blaulicht\/pm\/117696\/5741434<\/a>) und 25.03.2024 (<a target=\"_blank\" rel=\"noreferrer noopener\" href=\"https:\/\/www.presseportal.de\/blaulicht\/pm\/117696\/5743116\">https:\/\/www.presseportal.de\/blaulicht\/pm\/117696\/5743116<\/a>)<\/h3>\n\n\n<div class=\"wp-block-image\">\n<figure class=\"aligncenter size-full\"><img decoding=\"async\" loading=\"lazy\" width=\"800\" height=\"533\" src=\"https:\/\/speyer24news.com\/wp-content\/uploads\/2023\/06\/Kleeblatt-Glueck.jpg\" alt=\"\" class=\"wp-image-52491\" srcset=\"https:\/\/speyer24news.com\/wp-content\/uploads\/2023\/06\/Kleeblatt-Glueck.jpg 800w, https:\/\/speyer24news.com\/wp-content\/uploads\/2023\/06\/Kleeblatt-Glueck-300x200.jpg 300w, https:\/\/speyer24news.com\/wp-content\/uploads\/2023\/06\/Kleeblatt-Glueck-768x512.jpg 768w\" sizes=\"(max-width: 800px) 100vw, 800px\" \/><\/figure><\/div>\n\n\n<p><strong>(Ludwigshafen) \u2013 <\/strong>Die am 21.03.2024 als vermisst gemeldete 13-J\u00e4hrige wurde am 04.04.2024 wohlbehalten angetroffen.<\/p>\n\n\n\n<p>Auch die am 23.03.2024 als vermisst gemeldete 14-J\u00e4hrige konnte am 04.04.2024 wohlbehalten angetroffen werden.<\/p>\n\n\n\n<p><em>Polizeipr\u00e4sidium Rheinpfalz<br>04.04.2024<\/em><\/p>\n\n\n\n<h2 class=\"wp-block-heading\">14-J\u00e4hrige vermisst<\/h2>\n\n\n\n<p><strong>(Ludwigshafen) \u2013 <\/strong>Seit Samstag, 23.03.2024, wird eine in Ludwigshafen wohnende 14-J\u00e4hrige vermisst. Sie verlie\u00df am Samstag gegen 15:00 Uhr die elterliche Wohnung, wo sie zuletzt gesehen wurde. Seitdem ist ihr Aufenthaltsort unbekannt. Durch die bisherigen polizeilichen Ma\u00dfnahmen konnte die Vermisste bislang nicht aufgefunden werden. Auch wenn uns keine Hinweise auf eine konkrete Gefahr vorliegen, gelten f\u00fcr vermisste Jugendliche besonders strenge Regeln, weshalb wir die \u00d6ffentlichkeit um Mithilfe bitten.<\/p>\n\n\n\n<h3 class=\"wp-block-heading\">Beschreibung der 14-J\u00e4hrigen:<\/h3>\n\n\n\n<ul>\n<li><strong>etwa 1,50m gro\u00df<\/strong><\/li>\n\n\n\n<li><strong>lange, dunkelblonde Haare<\/strong><\/li>\n\n\n\n<li><strong>sehr schlank<\/strong><\/li>\n\n\n\n<li><strong>Bekleidung: Schwarze Sportschuhe, schwarze Jeans, schwarze Bomberjacke<\/strong><\/li>\n<\/ul>\n\n\n\n<h4 class=\"wp-block-heading\">Zeugen, die Hinweise auf den Aufenthalt der Vermissten geben k\u00f6nnen, werden gebeten, sich unter der Telefonnummer 0621-963-2122 an die Polizeiinspektion Ludwigshafen 1 zu wenden. Wenn Sie den Vermissten sehen, behalten Sie diesen bitte im Blick und verst\u00e4ndigen Sie \u00fcber den Notruf 110 die Polizei!<\/h4>\n\n\n\n<p><em>Polizeipr\u00e4sidium Rheinpfalz<br>25.03.2024<\/em><\/p>\n","protected":false},"excerpt":{"rendered":"<div class=\"mh-excerpt\"><p>R\u00fccknahme \u00d6ffentlichkeitsfahndung nach zwei vermissten Jugendlichen Nachtrag zur \u00d6ffentlichkeitsfahndung vom 22.03.2024 (https:\/\/www.presseportal.de\/blaulicht\/pm\/117696\/5741434) und 25.03.2024 (https:\/\/www.presseportal.de\/blaulicht\/pm\/117696\/5743116) (Ludwigshafen) \u2013 Die am 21.03.2024 als vermisst gemeldete 13-J\u00e4hrige wurde am 04.04.2024 wohlbehalten angetroffen. Auch die am 23.03.2024 als vermisst <a class=\"mh-excerpt-more\" href=\"https:\/\/speyer24news.com\/?p=59087\" title=\"Personensuche \/ Vermisste Person\">[&#8230;]<\/a><\/p>\n<\/div>","protected":false},"author":3,"featured_media":29028,"comment_status":"open","ping_status":"open","sticky":false,"template":"","format":"standard","meta":{"_monsterinsights_skip_tracking":false,"_monsterinsights_sitenote_active":false,"_monsterinsights_sitenote_note":"","_monsterinsights_sitenote_category":0,"footnotes":""},"categories":[15659],"tags":[153,1881,11152,16258,17890,106,427,16551,17644,18034,18040,17880,16606,17646,18039,17894,17891,1117,11286,13264,13854,18038,17038,18035,18041],"aioseo_notices":[],"amp_enabled":true,"_links":{"self":[{"href":"https:\/\/speyer24news.com\/index.php?rest_route=\/wp\/v2\/posts\/59087"}],"collection":[{"href":"https:\/\/speyer24news.com\/index.php?rest_route=\/wp\/v2\/posts"}],"about":[{"href":"https:\/\/speyer24news.com\/index.php?rest_route=\/wp\/v2\/types\/post"}],"author":[{"embeddable":true,"href":"https:\/\/speyer24news.com\/index.php?rest_route=\/wp\/v2\/users\/3"}],"replies":[{"embeddable":true,"href":"https:\/\/speyer24news.com\/index.php?rest_route=%2Fwp%2Fv2%2Fcomments&post=59087"}],"version-history":[{"count":3,"href":"https:\/\/speyer24news.com\/index.php?rest_route=\/wp\/v2\/posts\/59087\/revisions"}],"predecessor-version":[{"id":59220,"href":"https:\/\/speyer24news.com\/index.php?rest_route=\/wp\/v2\/posts\/59087\/revisions\/59220"}],"wp:featuredmedia":[{"embeddable":true,"href":"https:\/\/speyer24news.com\/index.php?rest_route=\/wp\/v2\/media\/29028"}],"wp:attachment":[{"href":"https:\/\/speyer24news.com\/index.php?rest_route=%2Fwp%2Fv2%2Fmedia&parent=59087"}],"wp:term":[{"taxonomy":"category","embeddable":true,"href":"https:\/\/speyer24news.com\/index.php?rest_route=%2Fwp%2Fv2%2Fcategories&post=59087"},{"taxonomy":"post_tag","embeddable":true,"href":"https:\/\/speyer24news.com\/index.php?rest_route=%2Fwp%2Fv2%2Ftags&post=59087"}],"curies":[{"name":"wp","href":"https:\/\/api.w.org\/{rel}","templated":true}]}}