{"id":59144,"date":"2024-03-30T06:21:46","date_gmt":"2024-03-30T05:21:46","guid":{"rendered":"https:\/\/speyer24news.com\/?p=59144"},"modified":"2024-03-30T06:33:51","modified_gmt":"2024-03-30T05:33:51","slug":"kirche-108","status":"publish","type":"post","link":"https:\/\/speyer24news.com\/?p=59144","title":{"rendered":"Kirche"},"content":{"rendered":"<style type=\"text\/css\">\r\n\t.ads_top_disp{}\r\n\t.ads_top_corner_disp{ float:left; margin:0px 10px 10px 0px; }\r\n\t.ads_first_p_disp{}\r\n\t.ads_bottom_disp{}\r\n\t<\/style>\n<h2 class=\"wp-block-heading\">\u201eAufstehen f\u00fcr Menschenw\u00fcrde und Solidarit\u00e4t\u201c<\/h2>\n\n\n\n<h3 class=\"wp-block-heading\">Bischof Wiesemann ruft in seiner Osterbotschaft zum Widerstand gegen das Unheil in der Welt auf<\/h3>\n\n\n<div class=\"wp-block-image\">\n<figure class=\"aligncenter size-full\"><img decoding=\"async\" loading=\"lazy\" width=\"800\" height=\"581\" src=\"https:\/\/speyer24news.com\/wp-content\/uploads\/2024\/03\/Bischof_Wiesemann__c-Klaus-Landry_.jpg\" alt=\"\" class=\"wp-image-59148\" srcset=\"https:\/\/speyer24news.com\/wp-content\/uploads\/2024\/03\/Bischof_Wiesemann__c-Klaus-Landry_.jpg 800w, https:\/\/speyer24news.com\/wp-content\/uploads\/2024\/03\/Bischof_Wiesemann__c-Klaus-Landry_-300x218.jpg 300w, https:\/\/speyer24news.com\/wp-content\/uploads\/2024\/03\/Bischof_Wiesemann__c-Klaus-Landry_-768x558.jpg 768w\" sizes=\"(max-width: 800px) 100vw, 800px\" \/><\/figure><\/div>\n\n\n<p><strong>Speyer &#8211;<\/strong> Der Bischof von Speyer, Dr. Karl-Heinz Wiesemann, ruft zum Osterfest die Gl\u00e4ubigen dazu auf, gemeinsam gegen das wachsende Unheil in der Welt einzustehen. \u201eStehen wir auf f\u00fcr Menschenw\u00fcrde und Demokratie, f\u00fcr Friede und Gerechtigkeit, f\u00fcr Solidarit\u00e4t und Vers\u00f6hnung! Helfen wir \u2013 mit den Worten des Exsultet \u2013 mit, \u201adas Dunkel zu vertreiben\u2018\u201c, so Wiesemann w\u00f6rtlich in einem Beitrag f\u00fcr die Osterausgabe der Kirchenzeitung \u201eder pilger\u201c.<\/p>\n\n\n\n<h4 class=\"wp-block-heading\">Das Exsultet als Vorzeichen des Lebens<\/h4>\n\n\n\n<p>Exsultet, das ist das gesungene Osterlob zu Beginn der Osternacht: \u201eFrohlocket, ihr Ch\u00f6re der Engel, frohlocket ihr himmlischen Scharen, lasset die Posaune erschallen, preiset den Sieger, den erhabenen K\u00f6nig!\u201c Der Bischof von Speyer sagt: \u201eJahr f\u00fcr Jahr geh\u00f6rt der Gesang des Exsultet f\u00fcr mich zu den eindr\u00fccklichsten Momenten des Kirchenjahres. Inmitten des noch v\u00f6llig dunklen Kirchenraums erklingt jubelnd das Lied vom Sieg des Lichtes \u00fcber die Finsternis. Hoffnungsvoll erhebt sich die Melodie des anbrechenden Ostermorgens \u00fcber die Abgr\u00fcnde unserer von Unheil und Tod verdunkelten Welt wie auch \u00fcber die d\u00fcsteren Schatten auf unseren eigenen Seelen.\u201c<\/p>\n\n\n\n<p>Auch nach dem Exsultet erleuchten nur die Osterkerze und die vielen Osterlichter der Gl\u00e4ubigen die Kirche, bis das \u00f6sterliche \u201eHalleluja\u201c angestimmt wird. Erst dann wird der Kirchenraum in helles Licht getaucht. \u201eDamit steht das Exsultet als Vorzeichen nicht nur \u00fcber der Feier der Osternacht, sondern auch \u00fcber unserem Leben. Egal, wie lange die Nacht auch dauert. Egal, wie schwer uns angesichts der vielen Dunkelheiten in der Welt wie auch im eigenen Leben das \u00f6sterliche \u201eHalleluja\u201c \u00fcber die Lippen kommt: Gottes Zusage vom Sieg des Lichtes und des Lebens ist unwiderruflich!\u201c, so Wiesemann. Aus dieser Zusage heraus sollten alle Christinnen und Christen mithelfen, \u201edass sich die hellen Strahlen des Ostermorgens immer mehr \u00fcber die ganze Welt ausbreiten.\u201c<\/p>\n\n\n\n<h4 class=\"wp-block-heading\">Gemeinsam Aufstehen f\u00fcr ein solidarisches Miteinander<\/h4>\n\n\n\n<p>Seit einiger Zeit w\u00fcrden auch in Deutschland die Stimmen derer, \u201edie Hand anlegen an die zutiefst aus dem christlichen Menschenbild erwachsenden Wurzeln unseres freiheitlich-demokratischen Rechtsstaats und des solidarischen Miteinanders aller Menschen\u201c immer lauter, so der Speyerer Bischof. Forderungen wie die Einschr\u00e4nkung von Grundrechten, die Remigration aller ausl\u00e4ndischen Mitb\u00fcrger oder die Aberkennung der Religionsfreiheit der in Deutschland lebenden Muslime seien erschreckend und nicht hinnehmbar. Wiesemann w\u00f6rtlich: \u201eMit all dem h\u00f6hlen sie die demokratischen und rechtsstaatlichen Grundlagen unseres Staates aus und vergiften durch das Sch\u00fcren von \u00c4ngsten und durch strategische Tabubr\u00fcche das gesellschaftliche Miteinander.\u201c Jesus Christus habe, so der Bischof, durch seinen Tod am Kreuz \u201edie zerst\u00f6rerische Logik von Hass und Gewalt durchbrochen\u201c. Seine Auferstehung sei Gottes Ja zum Leben, zu einem Leben in W\u00fcrde f\u00fcr alle Menschen, zu einem Leben in Gerechtigkeit, Frieden und weltumspannender Solidarit\u00e4t. Und \u201ezu einem Leben in Gemeinschaft, das Spaltung und Hass \u00fcberwindet und ein vers\u00f6hntes Miteinander zum Ziel hat.\u201c<\/p>\n\n\n\n<p>Als Christinnen und Christen sei es der Auftrag vom Auferstandenen her, aufzustehen gegen alle Stimmen des Hasses und der Gewalt. Bischof Wiesemann ruft daher dazu auf, \u201elaut h\u00f6rbar anzusingen gegen jene, die in unserer Welt Lieder des Unrechts und der Zwietracht anstimmen\u201c, und aufzustehen f\u00fcr Menschenw\u00fcrde und Demokratie, f\u00fcr Friede und Gerechtigkeit, f\u00fcr Solidarit\u00e4t und Vers\u00f6hnung. \u201eLassen wir durch unser entschiedenes \u201aNein!\u2018 zu Hass, Uneinigkeit und Gewalt inmitten der Welt etwas aufleuchten vom \u00f6sterlichen Morgenlicht Jesu Christi!\u201c<\/p>\n\n\n\n<h4 class=\"wp-block-heading\">Zum Hintergrund<\/h4>\n\n\n\n<p>\u201eder pilger\u201c, die Kirchenzeitung der Katholiken im Bistum Speyer, ist eine in 38 Ausgaben pro Jahr erscheinende Publikation des katholischen Bistums Speyer. Bis M\u00e4rz 2014 war sie als Wochenzeitung unter dem Namen \u201eder pilger\u201c erschienen, von 1848 bis 1960 nannte sie sich \u201eDer christliche Pilger\u201c. Am 1. Januar 1848 gegr\u00fcndet, ist sie \u00e4lter als der Osservatore Romano und damit die \u00e4lteste Bistumszeitung in Deutschland. Sie berichtet vom kirchlichen Leben in der Di\u00f6zese ebenso wie \u00fcber das Geschehen in der Weltkirche.<\/p>\n\n\n\n<p><em>Text:&nbsp;is Foto: Klaus Landry<br>30.03.2024<\/em><\/p>\n\n\n\n<h2 class=\"wp-block-heading\">Osterbotschaft von Kirchenpr\u00e4sidentin Dorothee W\u00fcst<\/h2>\n\n\n\n<h3 class=\"wp-block-heading\">Dem Tod ins Gesicht lachen<\/h3>\n\n\n<div class=\"wp-block-image\">\n<figure class=\"aligncenter size-full\"><img decoding=\"async\" loading=\"lazy\" width=\"800\" height=\"609\" src=\"https:\/\/speyer24news.com\/wp-content\/uploads\/2021\/02\/0214-Dorothee-W\u00fcst-neue-pf\u00e4lzische-Kirchenpr\u00e4sidentin_Foto-Landeskirche-Klaus-Landry.jpg\" alt=\"\" class=\"wp-image-33218\" srcset=\"https:\/\/speyer24news.com\/wp-content\/uploads\/2021\/02\/0214-Dorothee-W\u00fcst-neue-pf\u00e4lzische-Kirchenpr\u00e4sidentin_Foto-Landeskirche-Klaus-Landry.jpg 800w, https:\/\/speyer24news.com\/wp-content\/uploads\/2021\/02\/0214-Dorothee-W\u00fcst-neue-pf\u00e4lzische-Kirchenpr\u00e4sidentin_Foto-Landeskirche-Klaus-Landry-300x228.jpg 300w, https:\/\/speyer24news.com\/wp-content\/uploads\/2021\/02\/0214-Dorothee-W\u00fcst-neue-pf\u00e4lzische-Kirchenpr\u00e4sidentin_Foto-Landeskirche-Klaus-Landry-768x585.jpg 768w, https:\/\/speyer24news.com\/wp-content\/uploads\/2021\/02\/0214-Dorothee-W\u00fcst-neue-pf\u00e4lzische-Kirchenpr\u00e4sidentin_Foto-Landeskirche-Klaus-Landry-80x60.jpg 80w\" sizes=\"(max-width: 800px) 100vw, 800px\" \/><figcaption class=\"wp-element-caption\">An Ostern macht Gott uns zu Stehaufmenschen, so Dorothee W\u00fcst in ihrer Osterbotschaft.<br><em>Foto: Klaus Landry<\/em><\/figcaption><\/figure><\/div>\n\n\n<p><strong>Speyer <em>(lk)<\/em> &#8211;<\/strong> Ostern. Auferstehung. Aufstehen gegen den Tod. Es geht. Das macht Gott. An Ostern. Das feiern wir. Heute. Und morgen. Und alle Tage. Im Angesicht des Todes. Der so viele&nbsp;Gesichter hat in unserer Welt. Er nimmt Leben in Kriegsruinen, Fl\u00fcchtlingszelten, auf Schlepperschiffen, vor leeren Lebensmittelausgaben. Er verdunkelt ganze Regionen wie die Ukraine, den Nahen Osten, Syrien, \u00c4thiopien und den Sudan.<\/p>\n\n\n\n<p>Der Tod zeigt seine Fratze in politischen Systemen, denen Menschenw\u00fcrde und Freiheitsrechte keinen Pfifferling wert sind. Und er geistert auch durch unsere Gesellschaft, wenn menschenverachtende Sprache salonf\u00e4hig wird, Stammtischparolen im Gewand von Parteiprogrammen daherkommen und Eigeninteressen vor Gemeinwohl gehen. Es ist der Tod, der lacht, wenn Menschen geschm\u00e4ht, verachtet, bedroht, missbraucht werden. Und sein Lachen ist unser Weinen.<\/p>\n\n\n\n<p>Weinend kommen Frauen an ein Grab. Bereit, sich dem Tod zu stellen, ihm ihren Tribut zu zollen, sich dem Tode zu ergeben. Und werden eines Besseren belehrt. Da ist ein Grab, da ist der Tod. Aber da ist auch Gott. Gerade da ist Gott. Nat\u00fcrlich ist er da. Wo sollte er sonst sein als&nbsp;bei denen, die ihn brauchen? Als bei denen, die keine Tr\u00e4nen mehr haben und nicht mehr wissen, wie Lachen geht? Sie alle, uns alle lehrt unser Gott unverdrossen und auf ewig das Lachen. \u00dcber den Tod. Und&nbsp;sein Lachen bricht dem Tod die&nbsp;Macht, nimmt ihm seinen Triumph, wischt ihm das Lachen aus seiner Fratze.<\/p>\n\n\n\n<p>Deshalb gibt es traditionell das Osterlachen in unserer Kirche. Christinnen und Christen tun es an Ostern Gott nach und lachen dem Tod ins Gesicht. Ihm und all seinen Spie\u00dfgesellen. Dem Egoismus, der R\u00fccksichtslosigkeit, der Unbarmherzigkeit, der Gleichg\u00fcltigkeit. Unser Lachen zwingt sie in die Knie und macht uns stark. Um aufzustehen. Um auszuhalten, was der Tod mit sich bringt. Um zu entlarven, was nicht dem Leben dient. Um uns zu wehren gegen all das, was den Tod bringt. Auf der Stra\u00dfe und an der Wahlurne, in Gebeten und Andachten, beim Gespr\u00e4ch am Esstisch und in den Diskussionen auf politischem Parkett.<\/p>\n\n\n\n<p>An Ostern macht Gott uns zu Stehaufmenschen. Die sich nicht vom Tod in die Knie zwingen, sich nicht unterkriegen lassen von Verzweiflung und Resignation, sondern sich einsetzen f\u00fcr das Leben. F\u00fcr Hoffnung. F\u00fcr Frieden. F\u00fcr W\u00fcrde. F\u00fcr Zusammenhalt. Wir wischen einander die Tr\u00e4nen vom Gesicht, stehen auf, halten unser Gesicht in die aufgehende Ostersonne und krempeln die \u00c4rmel unserer Seele hoch. Gott zeigt uns, dass es geht. Aufstehen gegen den Tod. Frohe Ostern!<\/p>\n\n\n\n<p>Dorothee W\u00fcst,<br>Kirchenpr\u00e4sidentin der<br>Evangelischen Kirche der Pfalz<\/p>\n\n\n\n<p><em>Text:&nbsp;lk Foto: Klaus Landry<br>29.03.2024<\/em><\/p>\n\n\n\n<h2 class=\"wp-block-heading\">Gewalt \u00fcberwinden durch Erbarmen und Liebe<\/h2>\n\n\n\n<h3 class=\"wp-block-heading\">Weihbischof Otto Georgens predigte am Karfreitag im Dom zu Speyer<\/h3>\n\n\n<div class=\"wp-block-image\">\n<figure class=\"aligncenter size-full\"><img decoding=\"async\" loading=\"lazy\" width=\"800\" height=\"600\" src=\"https:\/\/speyer24news.com\/wp-content\/uploads\/2024\/03\/AUSWAHL-Karfreitag2-min.jpg\" alt=\"\" class=\"wp-image-59146\" srcset=\"https:\/\/speyer24news.com\/wp-content\/uploads\/2024\/03\/AUSWAHL-Karfreitag2-min.jpg 800w, https:\/\/speyer24news.com\/wp-content\/uploads\/2024\/03\/AUSWAHL-Karfreitag2-min-300x225.jpg 300w, https:\/\/speyer24news.com\/wp-content\/uploads\/2024\/03\/AUSWAHL-Karfreitag2-min-768x576.jpg 768w, https:\/\/speyer24news.com\/wp-content\/uploads\/2024\/03\/AUSWAHL-Karfreitag2-min-678x509.jpg 678w, https:\/\/speyer24news.com\/wp-content\/uploads\/2024\/03\/AUSWAHL-Karfreitag2-min-326x245.jpg 326w, https:\/\/speyer24news.com\/wp-content\/uploads\/2024\/03\/AUSWAHL-Karfreitag2-min-80x60.jpg 80w\" sizes=\"(max-width: 800px) 100vw, 800px\" \/><\/figure><\/div>\n\n\n<p><strong>Speyer &#8211;<\/strong> Im Speyerer Dom wurde in der Liturgie zum Karfreitag mit Bischof Dr. Karl-Heinz Wiesemann und Weihbischof Otto Georgens des Leidens und Sterbens Jesu gedacht. Dieser habe, wie der Weihbischof in seiner Predigt ausf\u00fchrte, auch im Angesicht der Gewalt nicht auf Rache und Vergeltung gesinnt, sondern wurde \u201eder Gewalt Herr und \u00fcberwindet sie durch Erbarmen und Liebe\u201c. Der Gottesdienst zur Karfreitags-Liturgie ist in seiner Art einmalig im ganzen Kirchenjahr und folgt einer besonders alten liturgischen Gestaltung. In diesem Jahr widmete sich eine der F\u00fcrbitten dem aktuellen Kriegsgeschehen in der Welt.<\/p>\n\n\n\n<p>Im Zentrum der Karfreitags-Liturgie steht neben der Passionsgeschichte auch die Kreuzverehrung. \u201eEin eigent\u00fcmlicher Ritus: die Verehrung eines Folterinstrumentes\u201c, so Georgens. \u201eDer Zusammenhang von Religion und Gewalt steht mir wieder vor Augen: Das Kreuz erinnert daran, dass Jesus von den Frommen seiner Zeit angeklagt wurde.\u201c Das Kreuz zeige auf erschreckende Weise, wozu Menschen f\u00e4hig seien. \u201eEs zeigt aber auch, wozu Jesus f\u00e4hig war: Denn er hat die Gewalt, die ihm angetan wurde, nicht erwidert, sondern ausgehalten.\u201c Weiter noch, er habe in seinem Glauben an das Gute im Menschen appelliert: \u201eDie Gewalt wird ausgehalten in der Hoffnung, dass sie sich totl\u00e4uft. Auf diese Weise k\u00f6nnen die alten Mechanismen \u00fcberwunden werden. Das ist Erl\u00f6sung: dass die Welt aus den Zw\u00e4ngen der Gewaltgeschichte befreit wird.\u201c Daf\u00fcr brauche es gro\u00dfe innere St\u00e4rke und Mut. Zusammenfassend lasse sich damit sagen, dass die Kreuzverehrung keine Verherrlichung der Gewalt sei: \u201eNicht die Gewalt wird verherrlicht, sondern Jesus! Denn er wird der Gewalt Herr und \u00fcberwindet sie durch Erbarmen und Liebe.\u201c<\/p>\n\n\n<div class=\"wp-block-image\">\n<figure class=\"aligncenter size-full\"><img decoding=\"async\" loading=\"lazy\" width=\"800\" height=\"536\" src=\"https:\/\/speyer24news.com\/wp-content\/uploads\/2024\/03\/AUSWAHLKarfreitag10-min.jpg\" alt=\"\" class=\"wp-image-59147\" srcset=\"https:\/\/speyer24news.com\/wp-content\/uploads\/2024\/03\/AUSWAHLKarfreitag10-min.jpg 800w, https:\/\/speyer24news.com\/wp-content\/uploads\/2024\/03\/AUSWAHLKarfreitag10-min-300x201.jpg 300w, https:\/\/speyer24news.com\/wp-content\/uploads\/2024\/03\/AUSWAHLKarfreitag10-min-768x515.jpg 768w\" sizes=\"(max-width: 800px) 100vw, 800px\" \/><\/figure><\/div>\n\n\n<p>Weihbischof Georgens f\u00fchrte weiter aus: \u201eIn unserer Welt wird die Gewalt glorifiziert. Und die Geschichte wird von den Siegern geschrieben. Die Kulturen in aller Welt haben triumphale Siegesdenkm\u00e4ler errichtet.\u201c Das Kreuz aber sei das erste Denkmal gewesen, das an ein Opfer erinnert, und damit die Gewalt und L\u00fcgen der Sieger entlarve. \u201eErst mit dem Christentum kam es dazu, dass man die Opfer nicht mehr vergisst, dass man so etwas wie ein Denkmal f\u00fcr die gefallenen Soldaten oder f\u00fcr den Holocaust errichtet. Das Kreuz ist das erste Denkmal, das die Menschheit daran erinnert: Gott vergisst die Opfer nicht. Gott ist kein Komplize der Sieger, sondern erbarmt sich ihrer Opfer. Und er l\u00e4sst ihr Sterben nicht vergeblich sein.\u201c<\/p>\n\n\n\n<p>Georgens rief die Gemeinde dazu auf, den Gekreuzigten, der das B\u00f6se durch Erbarmen, Gro\u00dfz\u00fcgigkeit, Vergebung und Liebe \u00fcberwunden hat, nachzuahmen und zu verehren. Trotz erlittener Gewalt sei es wichtig, nicht auf Rache zu sinnen. \u201eDas Kreuz ist das Gegenbild gegen das Auseinanderdriften und Untergehen in den dunklen Tiefen des Todes. Es ist die Planke, die uns rettet, weil Jesus uns umarmt und mitnimmt zum Vater, hinein in die Liebe, hinein in sein Leben.\u201c<\/p>\n\n\n\n<p>Der Gottesdienst im Speyerer Dom wurde musikalisch gestaltet vom&nbsp;KathedralJugendChor&nbsp;und dem Domchor.<\/p>\n\n\n\n<h4 class=\"wp-block-heading\">Hintergrund (Text DBK)<\/h4>\n\n\n\n<p>Am Karfreitag gedenken Christen des Leidens, der Kreuzigung und des Todes Jesu. Viele Gl\u00e4ubige beten und gehen an diesem Tag den Kreuzweg mit seinen 14 Stationen von der Verurteilung Jesu bis zur Grablegung. An diesem Tag hat die Stunde, in der Jesus starb, eine besondere Bedeutung. In der Heiligen Schrift wird dieser Zeitpunkt als die \u201eneunte Stunde\u201c bezeichnet (<em>Mt<\/em>&nbsp;27,46). Nach mitteleurop\u00e4ischer Zeit ist es 15.00 Uhr. Die Liturgie des Tages hat einige Besonderheiten, die es so nur einmal im Jahr gibt. Die Glocken in den Kirchen schweigen, der Tabernakel, in dem die geweihten Hostien, der Leib des Herrn, aufbewahrt werden, ist leer. Auf dem Altar befindet sich nichts. Der Gottesdienst beginnt im Schweigen, ohne Kreuzzeichen. Die Passion, die Leidensgeschichte Jesu, wird gelesen und es gibt besondere F\u00fcrbitten. Ein zentraler Punkt der Liturgie ist die Kreuzverehrung. Die Gl\u00e4ubigen verneigen sich oder beugen die Knie vor dem Kreuz.<\/p>\n\n\n\n<p><em>Text:&nbsp;is Foto: Klaus Landry<br>29.03.2024<\/em><\/p>\n\n\n\n<h2 class=\"wp-block-heading\">ForuM-Studie und die Folgen \/ Hinsehen und handeln. Jetzt!<\/h2>\n\n\n\n<h3 class=\"wp-block-heading\">Die ForuM-Studie hat Sexualisierte Gewalt in der Kirche erneut in den Mittelpunkt ger\u00fcckt. Die pf\u00e4lzische Landeskirche und ihre Diakonie gehen das Thema selbstkritisch und entschlossen an.<\/h3>\n\n\n\n<p><strong>Speyer <em>(lk)<\/em> &#8211; <\/strong>Die Empfehlungen der&nbsp;<a href=\"https:\/\/deref-web.de\/mail\/client\/nJgF2pflrLk\/dereferrer\/?redirectUrl=https%3A%2F%2Fwww.forum-studie.de%2F\" target=\"_blank\" rel=\"noreferrer noopener\">ForuM-Studie<\/a>&nbsp;zur Aufarbeitung, zu Intervention und Pr\u00e4vention bei Sexualisierter Gewalt in der Kirche sind nicht im Papierkorb verschwunden. Auf Ebene der Evangelischen Kirche in Deutschland (EKD) hat das Beteiligungsforum Sexualisierte Gewalt in einer zweit\u00e4gigen Sitzung erste Schritte vereinbart und Arbeitspakete gepackt.<\/p>\n\n\n\n<p>Nach weiterer Beratung in EKD-Gremien werden Beschl\u00fcsse gefasst und verbindliche Standards entwickelt. Diese werden in den Landeskirchen umgesetzt, berichtet Kirchenpr\u00e4sidentin Dorothee W\u00fcst, die auch Sprecherin der kirchlichen Beauftragten im Beteiligungsforum ist.<\/p>\n\n\n\n<p>Eine weitere Ebene ist die \u201eUnabh\u00e4ngige Regionale Aufarbeitungskommission\u201c (URAK) im Verbund mit der badischen Landeskirche und den Diakonischen Werken Pfalz und Baden. Die URAK soll im Fr\u00fchjahr 2025 ihre Arbeit aufnehmen. Mindestens sieben Personen werden ihr angeh\u00f6ren: Zwei Betroffene, zwei Vertretungen aus Kirche und Diakonie, sowie drei Fachleute, die von den Landesregierungen Rheinland-Pfalz und Baden-W\u00fcrttemberg bestimmt werden.<\/p>\n\n\n\n<p>Oberkirchenr\u00e4tin und Missbrauchsbeauftragte Bettina Wilhelm erwartet einiges von der Arbeit der URAK: \u201eDie unabh\u00e4ngige Aufarbeitung, die Beteiligung von Betroffenen und die Aufkl\u00e4rung und Aufdeckung von Strukturen, die sexualisierte Gewalt beg\u00fcnstigen, das erwarte ich von dieser Kommission.\u201c<\/p>\n\n\n\n<h4 class=\"wp-block-heading\">Selbstkritik \u00fcben<\/h4>\n\n\n\n<p>Landesdiakoniepfarrer Albrecht B\u00e4hr hat die URAK-Vereinbarung mitunterzeichnet. Er hofft auf einen \u201emaximal offenen Umgang mit allen Beobachtungen und Ergebnissen. Es ist bitter notwendig, dass wir dazulernen \u2013 auch, was die scheinbare Harmonie in den eigenen vier W\u00e4nden anbelangt. Diese Harmonie ist eine Illusion. Das m\u00fcssen wir aushalten lernen\u201c.<\/p>\n\n\n\n<p>Die Ergebnisse der ForuM-Studie werden auch in den Priorisierungsprozess der Landeskirche hineinspielen. \u201eWenn wir sexualisierte Gewalt ernster nehmen wollen als bisher, wird das nicht gehen, ohne daf\u00fcr auch Geld in die Hand zu nehmen. Etwa, um Schutzkonzepte weiter auszubauen und umzusetzen\u201c, sagt Kirchenpr\u00e4sidentin W\u00fcst.<\/p>\n\n\n\n<p>Seit 2021 hat die Landeskirche 33 Multiplikatorinnen und Multiplikatoren ausgebildet, die in den vergangenen zwei Jahren 170 Schulungen in protestantischen Kindertagesst\u00e4tten durchgef\u00fchrt haben.<\/p>\n\n\n\n<h4 class=\"wp-block-heading\">Schutzkonzepte ausbauen<\/h4>\n\n\n\n<p>Auch Kirchengemeinden setzen sich mit Schutzkonzepten auseinander. In Sondernheim wurde etwa das Gemeindezentrum n\u00e4her betrachtet. R\u00e4ume sollten so einsichtig und \u00fcbersichtlich wie m\u00f6glich sein, damit \u00dcbergriffe erschwert werden, berichtet Pfarrerin Anita Meyer.<\/p>\n\n\n\n<p>Zu allen konkreten Schritten geh\u00f6rt laut Dorothee W\u00fcst der erste Schritt: Selbstkritik und die Frage der eigenen Haltung. Momentan r\u00fccke das Thema in der innerkirchlichen \u00d6ffentlichkeit fast schon wieder in den Hintergrund, als \u201ebetr\u00e4fe es denn doch nicht alle\u201c, sagt die Kirchenpr\u00e4sidentin. Und erinnert: \u201eIch halte es nach wie vor f\u00fcr eine der dringendsten Aufgaben, unsere Machtstrukturen, unser Verst\u00e4ndnis von Verantwortung und Seelsorge sowie das Problem der `Kommunikationsdiffusion\u00b4 selbstkritisch zu diskutieren.\u201c<\/p>\n\n\n\n<h4 class=\"wp-block-heading\">Sprache \u00fcberdenken<\/h4>\n\n\n\n<p>Das betrifft auch Sprache und Theologie. Die Studie hat gezeigt, dass&nbsp;im Zusammenhang von sexualisierter Gewalt auch theologische Grundbegriffe missbr\u00e4uchlich verwendet worden sind. So k\u00f6nnen Begriffe wie \u201eLiebe\u201c oder \u201eVergebung\u201c in den Ohren Betroffener leicht zynisch wirken. Sensible Sprache und Feingef\u00fchl in der Sache sind an dieser Stelle gefragt. Die Landeskirche hat den Kirchengemeinden dazu erste Materialien an die Hand gegeben. Unter anderen den Entwurf eines Klagegottesdienstes f\u00fcr Betroffene sexualisierter Gewalt.<\/p>\n\n\n\n<h4 class=\"wp-block-heading\">Mehr zur ForuM-Studie<\/h4>\n\n\n\n<p><a href=\"https:\/\/www.evkirchepfalz.de\/index.php?id=2721&amp;L=0\">https:\/\/www.evkirchepfalz.de\/index.php?id=2721&amp;L=0<\/a><\/p>\n\n\n\n<p><em>28.03.2024<\/em><\/p>\n\n\n\n<h2 class=\"wp-block-heading\">Messe intensiv<\/h2>\n\n\n\n<h3 class=\"wp-block-heading\">\u201eGottesdienst im Dom \u2013 mal anders\u201c am 7. April<\/h3>\n\n\n<div class=\"wp-block-image\">\n<figure class=\"aligncenter size-full\"><img decoding=\"async\" loading=\"lazy\" width=\"800\" height=\"533\" src=\"https:\/\/speyer24news.com\/wp-content\/uploads\/2024\/03\/DSC4332-Bearbeitet.jpg\" alt=\"\" class=\"wp-image-59149\" srcset=\"https:\/\/speyer24news.com\/wp-content\/uploads\/2024\/03\/DSC4332-Bearbeitet.jpg 800w, https:\/\/speyer24news.com\/wp-content\/uploads\/2024\/03\/DSC4332-Bearbeitet-300x200.jpg 300w, https:\/\/speyer24news.com\/wp-content\/uploads\/2024\/03\/DSC4332-Bearbeitet-768x512.jpg 768w\" sizes=\"(max-width: 800px) 100vw, 800px\" \/><figcaption class=\"wp-element-caption\">Der Pontifikalaltar im Speyerer Dom<br><em>Foto: <em>\u00a9 Domkapitel Speyer<\/em><\/em>, <em>Andreas M\u00f6hring<\/em><\/figcaption><\/figure><\/div>\n\n\n<p><strong>Speyer &#8211; <\/strong>Am Sonntag, 7. April, 20 Uhr, findet der n\u00e4chste \u201eGottesdienst im Dom \u2013 mal anders\u201c statt. Domdekan Dr. Christoph Kohl feiert eine \u201eMesse intensiv\u201c. Der Wortgottesdienst mit Bibelgespr\u00e4ch zum Evangelium der Sonntagsmesse findet im Stuhlkreis in der Apsis statt. Bei der Mahlfeier ab der Gabenbereitung stehen die Mitfeiernden direkt um den Pontifikalaltar in der Vierung. So wird ein besonders intensives Erleben der Messfeier m\u00f6glich. Da der Dom zu dieser Uhrzeit bereits f\u00fcr Besucher geschlossen ist, treffen sich die Mitfeiernden f\u00fcnf Minuten vor Beginn vor dem Nordwestportal des Doms.<\/p>\n\n\n\n<p>\u201eGottesdienst im Dom \u2013 mal anders\u201c ist ein besonderes Gottesdienstformat, das jeweils am ersten Sonntag eines Monats um 20 Uhr im Dom gefeiert wird. Dabei werden bewusst meditative Formate an das Ende der Woche gesetzt. Die Gottesdienstfeiern haben jeden Monat einen anderen Schwerpunkt, unterscheiden sich aber immer in ihrer Form von den anderen, regelm\u00e4\u00dfigen Gottesdiensten im Dom.<\/p>\n\n\n\n<p>Der kommende \u201eGottesdienst \u2013 mal anders\u201c am 5. Mai wird ebenfalls ein bew\u00e4hrtes Format aufgreifen: Ausgebildete Bibelerz\u00e4hler tragen dabei Texte der Heiligen Schrift aus der Perspektive darin vorkommender Personen vor.<\/p>\n\n\n\n<h4 class=\"wp-block-heading\">Weitere Termine 2024 (<em>jeweils um 20 Uhr<\/em>): <\/h4>\n\n\n\n<ul>\n<li><strong>5. Mai<\/strong><\/li>\n\n\n\n<li><strong>2. Juni<\/strong><\/li>\n\n\n\n<li><strong>7. Juli<\/strong><\/li>\n\n\n\n<li><strong>(im August Ferienpause)<\/strong><\/li>\n\n\n\n<li><strong>1. September<\/strong><\/li>\n\n\n\n<li><strong>6. Oktober<\/strong><\/li>\n\n\n\n<li><strong>3. November<\/strong><\/li>\n\n\n\n<li><strong>1. Dezember<\/strong><\/li>\n<\/ul>\n\n\n\n<p><em>Text: Friederike Walter Foto: \u00a9 Domkapitel Speyer, Andreas M\u00f6hring<br>27.03.2024<\/em><\/p>\n\n\n\n<h2 class=\"wp-block-heading\">Weihe der heiligen \u00d6le<\/h2>\n\n\n\n<h3 class=\"wp-block-heading\">Chrisammesse&nbsp;mit Bischof Dr. Karl-Heinz Wiesemann im Speyerer Dom<\/h3>\n\n\n<div class=\"wp-block-image\">\n<figure class=\"aligncenter size-full\"><img decoding=\"async\" loading=\"lazy\" width=\"800\" height=\"522\" src=\"https:\/\/speyer24news.com\/wp-content\/uploads\/2024\/03\/Chrisam-Messe-48-min.jpg\" alt=\"\" class=\"wp-image-59150\" srcset=\"https:\/\/speyer24news.com\/wp-content\/uploads\/2024\/03\/Chrisam-Messe-48-min.jpg 800w, https:\/\/speyer24news.com\/wp-content\/uploads\/2024\/03\/Chrisam-Messe-48-min-300x196.jpg 300w, https:\/\/speyer24news.com\/wp-content\/uploads\/2024\/03\/Chrisam-Messe-48-min-768x501.jpg 768w\" sizes=\"(max-width: 800px) 100vw, 800px\" \/><\/figure><\/div>\n\n\n<p><strong>Speyer &#8211; <\/strong>Bischof Dr. Karl-Heinz Wiesemann hat am Montag, 25. M\u00e4rz, im Rahmen der&nbsp;Chrisammesse&nbsp;im Speyerer Dom die heiligen \u00d6le geweiht und an die Kirchen im Bistum verteilt. \u201eMit der Weihe der heiligen \u00d6le wird in die Mitte gestellt, was uns im Innersten als Christen lebendig h\u00e4lt. Das, was in uns brennt, als Sehnsucht und als Liebe, als Leidenschaft, die uns erf\u00fcllt, und die uns zu Zeugen Christi in dieser Welt macht\u201c, so Bischof Wiesemann in seiner Predigt. \u201eDeswegen ist diese Feier so besonders. Sie geht sozusagen unter die Haut, wie das \u00d6l. Sie will uns wieder das schenken, was wir so sehr brauchen, gerade in unserer heutigen Zeit. Innere Leidenschaft, die Flamme, das Feuer, f\u00fcr Jesus Christus und f\u00fcr seine Erl\u00f6sung, die er uns schenkt.\u201c<\/p>\n\n\n\n<p>Die drei zu weihenden \u00d6le, Kranken-, Katechumenen- und Chrisam-\u00d6l, wurden w\u00e4hrend der Messe, begleitet von Gesang, in kleinen Prozessionen durch den Dom nach vorne zum Altar getragen. \u00dcblicherweise \u00fcbernehmen Diakone diese Aufgabe \u2013 in diesem Jahr gab es hier eine Neuerung. So wurde das \u00d6l f\u00fcr die Kranken von vier Tr\u00e4gern aus dem Feld der Krankenhausseelsorge zum Altar gebracht; sie sind in der BG Klinik und im St\u00e4dtischen Krankenhaus Ludwigshafen sowie im Kreiskrankenhaus Gr\u00fcnstadt t\u00e4tig. Das&nbsp;Kranken\u00f6l&nbsp;dient der Salbung Kranker und Sterbender. \u201eDa will Christus da sein, da will er uns innerlich st\u00e4rken, da will er in unserem Leben die Kraft sein, die uns den Mut zur letzten Hingabe gibt\u201c, so Wiesemann.<\/p>\n\n\n\n<p>Das&nbsp;Katechumenen\u00f6l, mit dem Taufbewerber vor der Taufe gesalbt werden, wurde von Tanja Rieger, Referentin f\u00fcr Katechese im Bistum Speyer, getragen. Wiesemann: \u201eEs wird verwandt f\u00fcr alle die, die sich auf die Taufe vorbereiten. Es soll uns die innere Kraft geben, f\u00fcr den Kampf in der Welt, und es soll mich in meinem Inneren st\u00e4rken, meine Widerstandsf\u00e4higkeit, meine Resilienz hervorrufen.\u201c<\/p>\n\n\n<div class=\"wp-block-image\">\n<figure class=\"aligncenter size-full\"><img decoding=\"async\" loading=\"lazy\" width=\"800\" height=\"532\" src=\"https:\/\/speyer24news.com\/wp-content\/uploads\/2024\/03\/Chrisam-Messe-223-min.jpg\" alt=\"\" class=\"wp-image-59151\" srcset=\"https:\/\/speyer24news.com\/wp-content\/uploads\/2024\/03\/Chrisam-Messe-223-min.jpg 800w, https:\/\/speyer24news.com\/wp-content\/uploads\/2024\/03\/Chrisam-Messe-223-min-300x200.jpg 300w, https:\/\/speyer24news.com\/wp-content\/uploads\/2024\/03\/Chrisam-Messe-223-min-768x511.jpg 768w\" sizes=\"(max-width: 800px) 100vw, 800px\" \/><\/figure><\/div>\n\n\n<p>Das&nbsp;Chrisam\u00f6l&nbsp;und das Gef\u00e4\u00df mit dem Balsam wurde von Diakonen und den Grabesrittern gebracht. Dieses \u00d6l wird unter anderem bei der Taufe, Firmung und bei der Priesterweihe verwendet, und damit \u201emittendrin, im ganzen, sich entfaltenden, Leben\u201c. Wiesemann bezeichnete es in seiner Predigt als \u201edas \u00d6l der Freude\u201c.<\/p>\n\n\n\n<p>In einer vierten Prozession wurden schlie\u00dflich von einem Diakon und einem Messdiener Brot und Wein zum Altar getragen und dort dem Bischof \u00fcbergeben. Nach der Weihe wurden die heiligen \u00d6le traditionell an die Priester aus dem Bistum verteilt, damit diese sie wiederum an ihre Kirchen weitergeben k\u00f6nnen.<\/p>\n\n\n\n<h4 class=\"wp-block-heading\">Zum Hintergrund<\/h4>\n\n\n\n<p>Vom Orden der Ritter vom Heiligen Grab in Jerusalem wurden in diesem Jahr 30 Liter Oliven\u00f6l an den Dom gespendet \u2013 dieses wurde von den Sakristanen des Doms mit \u00e4therischen \u00d6len vermischt. Dabei unterscheidet man zwischen drei verschiedenen \u00d6len. Das wichtigste ist das Chrisam, welches unter anderem bei der Taufe, Firmung und bei der Priesterweihe verwendet wird. Au\u00dferdem gibt es noch das&nbsp;Kranken\u00f6l&nbsp;f\u00fcr das Sakrament der Krankensalbung und das&nbsp;Katechumenen\u00f6l, mit dem Taufbewerber vor der Taufe gesalbt werden. Da das Salben mit \u00d6l zur Zeit der Bibel nur K\u00f6nigen vorbehalten war, bringt die Salbung mit Chrisam zum Ausdruck, dass alle Menschen eine \u201ek\u00f6nigliche\u201c, unantastbare W\u00fcrde besitzen.<\/p>\n\n\n\n<p>Die \u00d6le werden in der Chrisam-Messe geweiht und zur Verteilung an die Kirchen des Bistums an deren Priester weitergegeben. Traditionell wurde die Chrisam-Messe am Gr\u00fcndonnerstag gefeiert. Inzwischen feiern viele Bist\u00fcmer bereits an einem fr\u00fcheren Tag der Karwoche. Die Chrisam-Messe im Speyerer Dom findet am Montag statt, um Priestern aus dem Bistum zu erm\u00f6glichen, zu der Messe zu kommen.<\/p>\n\n\n\n<p><em>Text: Bistum Speyer, Friederike Walter Foto: Klaus Landry<br>26.03.2024<\/em><\/p>\n","protected":false},"excerpt":{"rendered":"<div class=\"mh-excerpt\"><p>\u201eAufstehen f\u00fcr Menschenw\u00fcrde und Solidarit\u00e4t\u201c Bischof Wiesemann ruft in seiner Osterbotschaft zum Widerstand gegen das Unheil in der Welt auf Speyer &#8211; Der Bischof von Speyer, Dr. Karl-Heinz Wiesemann, ruft zum Osterfest die Gl\u00e4ubigen dazu <a class=\"mh-excerpt-more\" href=\"https:\/\/speyer24news.com\/?p=59144\" title=\"Kirche\">[&#8230;]<\/a><\/p>\n<\/div>","protected":false},"author":3,"featured_media":26096,"comment_status":"open","ping_status":"open","sticky":false,"template":"","format":"standard","meta":{"_monsterinsights_skip_tracking":false,"_monsterinsights_sitenote_active":false,"_monsterinsights_sitenote_note":"","_monsterinsights_sitenote_category":0,"footnotes":""},"categories":[120],"tags":[953,174,18070,18071,18072,187,2360,17565,17564,18067,18065,18066,2300,17563,18059,121,13940,9417,18068,18069,18060,18061,18062,18064,18063,532,17976,1410],"aioseo_notices":[],"amp_enabled":true,"_links":{"self":[{"href":"https:\/\/speyer24news.com\/index.php?rest_route=\/wp\/v2\/posts\/59144"}],"collection":[{"href":"https:\/\/speyer24news.com\/index.php?rest_route=\/wp\/v2\/posts"}],"about":[{"href":"https:\/\/speyer24news.com\/index.php?rest_route=\/wp\/v2\/types\/post"}],"author":[{"embeddable":true,"href":"https:\/\/speyer24news.com\/index.php?rest_route=\/wp\/v2\/users\/3"}],"replies":[{"embeddable":true,"href":"https:\/\/speyer24news.com\/index.php?rest_route=%2Fwp%2Fv2%2Fcomments&post=59144"}],"version-history":[{"count":3,"href":"https:\/\/speyer24news.com\/index.php?rest_route=\/wp\/v2\/posts\/59144\/revisions"}],"predecessor-version":[{"id":59155,"href":"https:\/\/speyer24news.com\/index.php?rest_route=\/wp\/v2\/posts\/59144\/revisions\/59155"}],"wp:featuredmedia":[{"embeddable":true,"href":"https:\/\/speyer24news.com\/index.php?rest_route=\/wp\/v2\/media\/26096"}],"wp:attachment":[{"href":"https:\/\/speyer24news.com\/index.php?rest_route=%2Fwp%2Fv2%2Fmedia&parent=59144"}],"wp:term":[{"taxonomy":"category","embeddable":true,"href":"https:\/\/speyer24news.com\/index.php?rest_route=%2Fwp%2Fv2%2Fcategories&post=59144"},{"taxonomy":"post_tag","embeddable":true,"href":"https:\/\/speyer24news.com\/index.php?rest_route=%2Fwp%2Fv2%2Ftags&post=59144"}],"curies":[{"name":"wp","href":"https:\/\/api.w.org\/{rel}","templated":true}]}}