{"id":59157,"date":"2024-03-31T10:17:07","date_gmt":"2024-03-31T09:17:07","guid":{"rendered":"https:\/\/speyer24news.com\/?p=59157"},"modified":"2024-03-31T10:55:46","modified_gmt":"2024-03-31T09:55:46","slug":"wirtschaft-finanzen-rente-38","status":"publish","type":"post","link":"https:\/\/speyer24news.com\/?p=59157","title":{"rendered":"Wirtschaft \/ Finanzen \/ Rente"},"content":{"rendered":"<style type=\"text\/css\">\r\n\t.ads_top_disp{}\r\n\t.ads_top_corner_disp{ float:left; margin:0px 10px 10px 0px; }\r\n\t.ads_first_p_disp{}\r\n\t.ads_bottom_disp{}\r\n\t<\/style>\n<h1 class=\"wp-block-heading has-text-align-center\">Bundesagentur f\u00fcr Arbeit<\/h1>\n\n\n<div class=\"wp-block-image\">\n<figure class=\"aligncenter size-full\"><img decoding=\"async\" loading=\"lazy\" width=\"800\" height=\"533\" src=\"https:\/\/speyer24news.com\/wp-content\/uploads\/2021\/02\/Agentur-f\u00fcr-Arbeit.jpg\" alt=\"\" class=\"wp-image-33223\" srcset=\"https:\/\/speyer24news.com\/wp-content\/uploads\/2021\/02\/Agentur-f\u00fcr-Arbeit.jpg 800w, https:\/\/speyer24news.com\/wp-content\/uploads\/2021\/02\/Agentur-f\u00fcr-Arbeit-300x200.jpg 300w, https:\/\/speyer24news.com\/wp-content\/uploads\/2021\/02\/Agentur-f\u00fcr-Arbeit-768x512.jpg 768w\" sizes=\"(max-width: 800px) 100vw, 800px\" \/><\/figure><\/div>\n\n\n<h2 class=\"wp-block-heading\">Arbeitsmarkt im M\u00e4rz 2024 \/ Verhaltener Auftakt der Fr\u00fchjahrsbelebung<\/h2>\n\n\n\n<p><strong>\u201eArbeitslosigkeit und Unterbesch\u00e4ftigung nehmen im M\u00e4rz zwar ab, allerdings weniger als sonst in diesem Monat. Die konjunkturelle Flaute macht sich also nach wie vor am Arbeitsmarkt bemerkbar. Insgesamt behauptet er sich aber weiter relativ gut\u201c, sagte die Vorstandsvorsitzende der Bundesagentur f\u00fcr Arbeit (BA), Andrea Nahles, heute anl\u00e4sslich der monatlichen Pressekonferenz in N\u00fcrnberg.<\/strong><\/p>\n\n\n\n<ul>\n<li><strong>Arbeitslosenzahl im M\u00e4rz: -45.000 auf 2.769.000<\/strong><\/li>\n\n\n\n<li><strong>Arbeitslosenzahl im Vorjahresvergleich: +176.000<\/strong><\/li>\n\n\n\n<li><strong>Arbeitslosenquote gegen\u00fcber Vormonat: -0,1 Prozentpunkte auf 6,0 Prozent<\/strong><\/li>\n<\/ul>\n\n\n\n<h4 class=\"wp-block-heading\">Arbeitslosigkeit, Unterbesch\u00e4ftigung und Erwerbslosigkeit<\/h4>\n\n\n\n<p>Mit der einsetzenden Fr\u00fchjahrsbelebung ist die Arbeitslosigkeit im M\u00e4rz 2024 um 45.000 auf 2.769.000 gesunken. Der R\u00fcckgang fiel in diesem Jahr aber vergleichsweise gering aus; daher hat die Zahl der Arbeitslosen gegen\u00fcber dem Vormonat saisonbereinigt zugenommen, und zwar um 4.000. Verglichen mit dem M\u00e4rz des vorigen Jahres ist die Arbeitslosenzahl um 176.000 h\u00f6her. Die Arbeitslosenquote sank im M\u00e4rz 2024 um 0,1 Prozentpunkte auf 6,0 Prozent. Gegen\u00fcber dem Vorjahresmonat hat sich die Quote um 0,3 Prozentpunkte erh\u00f6ht. Die vom Statistischen Bundesamt nach dem ILO-Erwerbskonzept ermittelte Erwerbslosenquote belief sich im Februar auf 3,5 Prozent.<br>Die Unterbesch\u00e4ftigung, die neben der Arbeitslosigkeit auch Arbeitsmarktpolitik und kurzfristige Arbeitsunf\u00e4higkeit umfasst, ist saisonbereinigt gegen\u00fcber dem Vormonat um 10.000 gestiegen. Sie lag im M\u00e4rz 2024 bei 3.606.000 Personen. Das waren 143.000 mehr als vor einem Jahr.<\/p>\n\n\n\n<h4 class=\"wp-block-heading\">Kurzarbeit<\/h4>\n\n\n\n<p>Vor Beginn von Kurzarbeit m\u00fcssen Betriebe eine Anzeige \u00fcber den voraussichtlichen Arbeitsausfall erstatten. Nach aktuellen Daten wurde vom 1. bis einschlie\u00dflich 24. M\u00e4rz f\u00fcr 48.000 Personen konjunkturelle Kurzarbeit angezeigt, 10.000 weniger als zum vergleichbaren Zeitpunkt im Vormonat.<br>Aktuelle Daten zur tats\u00e4chlichen Inanspruchnahme stehen bis Januar 2024 zur Verf\u00fcgung. So wurde nach vorl\u00e4ufigen hochgerechneten Daten der BA in diesem Monat f\u00fcr 194.000 Besch\u00e4ftigte konjunkturelles Kurzarbeitergeld gezahlt, nach 154.000 im Dezember und 175.000 im November.<\/p>\n\n\n\n<h4 class=\"wp-block-heading\">Erwerbst\u00e4tigkeit und Besch\u00e4ftigung<\/h4>\n\n\n\n<p>Nach Angaben des Statistischen Bundesamtes ist die Zahl der Erwerbst\u00e4tigen (nach dem Inlandskonzept) im Februar 2024 saisonbereinigt gegen\u00fcber dem Vormonat um 16.000 gestiegen. Mit 45,83 Millionen Personen fiel sie im Vergleich zum Vorjahr um 199.000 h\u00f6her aus. Die sozialversicherungspflichtige Besch\u00e4ftigung ist von Dezember auf Januar 2024 saisonbereinigt um 27.000 gestiegen. Im Vergleich zum Vorjahr hat sie im Januar nach Hochrechnungen der BA um 205.000 auf 34,75 Millionen Besch\u00e4ftigte zugenommen, wobei der Anstieg allein auf ausl\u00e4ndischen Staatsangeh\u00f6rigen beruht. 7,48 Millionen Personen hatten im Januar 2024 eine geringf\u00fcgig entlohnte Besch\u00e4ftigung, 116.000 mehr als im Vorjahresmonat. Davon waren 4,13 Millionen ausschlie\u00dflich und 3,35 Millionen im Nebenjob geringf\u00fcgig entlohnt besch\u00e4ftigt.<\/p>\n\n\n\n<h4 class=\"wp-block-heading\">Arbeitskr\u00e4ftenachfrage<\/h4>\n\n\n\n<p>Im M\u00e4rz waren 707.000 Arbeitsstellen bei der BA gemeldet, 70.000 weniger als vor einem Jahr. Der BA-Stellenindex (BA X) \u2013 ein Indikator f\u00fcr die Nachfrage nach Personal in Deutschland, der neben dem Bestand an gemeldeten Arbeitsstellen auch den Zugang ber\u00fccksichtigt \u2013 sank im M\u00e4rz 2024 um einen Punkt auf 113 Punkte. Im Vergleich zum Vorjahresmonat verzeichnet der BA-X einen R\u00fcckgang von 11 Punkten.<\/p>\n\n\n\n<h4 class=\"wp-block-heading\">Geldleistungen bei Arbeitslosigkeit und Hilfebed\u00fcrftigkeit<\/h4>\n\n\n\n<p>907.000 Personen erhielten im M\u00e4rz 2024 Arbeitslosengeld, 105.000 mehr als vor einem Jahr. Die Zahl der erwerbsf\u00e4higen B\u00fcrgergeldberechtigten lag im M\u00e4rz bei 3.995.000. Gegen\u00fcber M\u00e4rz 2023 war dies ein Anstieg um 56.000 Personen. 7,3 Prozent der in Deutschland lebenden Personen im erwerbsf\u00e4higen Alter waren damit hilfebed\u00fcrftig.<\/p>\n\n\n\n<h4 class=\"wp-block-heading\">Ausbildungsmarkt<\/h4>\n\n\n\n<p>Von Oktober 2023 bis M\u00e4rz 2024 meldeten sich bei den Agenturen f\u00fcr Arbeit und den Jobcentern 317.000 Bewerberinnen und Bewerber f\u00fcr eine Ausbildungsstelle. Das waren 6.000 mehr als im Vorjahreszeitraum. Von ihnen hatten im M\u00e4rz noch 190.000 junge Menschen weder einen Ausbildungsplatz noch eine Alternative gefunden. Gleichzeitig waren 438.000 Ausbildungsstellen gemeldet, 13.000 weniger als vor einem Jahr. 281.000 waren von diesen noch unbesetzt. Der Ausbildungsmarkt ist im M\u00e4rz aber noch stark in Bewegung. Deshalb erlauben diese Zahlen nur eine vorl\u00e4ufige Einsch\u00e4tzung der Entwicklung im aktuellen Berichtsjahr.<\/p>\n\n\n\n<h4 class=\"wp-block-heading\"><em>Den ausf\u00fchrlichen Monatsbericht finden Sie im Internet unter<br><a href=\"https:\/\/deref-web.de\/mail\/client\/cCyeWcf-PFg\/dereferrer\/?redirectUrl=https%3A%2F%2Fstatistik.arbeitsagentur.de\" target=\"_blank\" rel=\"noreferrer noopener\">https:\/\/statistik.arbeitsagentur.de<\/a>.<\/em><\/h4>\n\n\n\n<p><em>Bundesagentur f\u00fcr Arbeit<br>28.03.2024<\/em><\/p>\n\n\n\n<h2 class=\"wp-block-heading\">BA-PreQualifizierungsgeld unterst\u00fctzt Betriebe im Strukturwandel bei der Weiterbildung ihrer Besch\u00e4ftigten<\/h2>\n\n\n\n<p>Zum 1. April 2024 treten Neuregelungen des Gesetzes zur St\u00e4rkung der Aus- und Weiterbildungsf\u00f6rderung in Kraft. Neue Leistung im Rahmen der Besch\u00e4ftigtenqualifizierung ist das Qualifizierungsgeld.<\/p>\n\n\n\n<p>\u201eMit dem Qualifizierungsgeld k\u00f6nnen wir die Transformation am Arbeitsmarkt begleiten. Es schafft Chancen, in die langfristige Jobperspektive der Besch\u00e4ftigten zu investieren und Unternehmen bei der herausfordernden Fachkr\u00e4ftesicherung zu unterst\u00fctzen\u201c, sagt Vanessa Ahuja, BA-Vorst\u00e4ndin f\u00fcr Geldleistungen.<\/p>\n\n\n\n<h4 class=\"wp-block-heading\">Neues Instrument f\u00fcr die Besch\u00e4ftigtenqualifizierung<\/h4>\n\n\n\n<p>Zielgruppe des Qualifizierungsgeldes sind Besch\u00e4ftigte, denen im besonderen Ma\u00dfe durch die Transformation der Arbeitswelt der Verlust von Arbeitspl\u00e4tzen droht, eine berufliche Weiterbildung jedoch eine zukunftssichere Besch\u00e4ftigung im aktuellen Betrieb erm\u00f6glicht.<\/p>\n\n\n\n<p>Das Qualifizierungsgeld erg\u00e4nzt die bestehenden Instrumente der Besch\u00e4ftigtenqualifizierung. Es wird unabh\u00e4ngig von der Betriebsgr\u00f6\u00dfe, dem Alter oder der Qualifikation der Besch\u00e4ftigten gezahlt und als Entgeltersatzleistung geleistet. Die H\u00f6he des Qualifizierungsgeldes betr\u00e4gt 60 Prozent \u2013 beziehungsweise 67 Prozent f\u00fcr Besch\u00e4ftigte mit mindestens einem Kind \u2013 des Nettoentgeltes, das durch die Weiterbildung entf\u00e4llt. Arbeitgeber k\u00f6nnen den Betrag aufstocken. Die Weiterbildungskosten tr\u00e4gt der Arbeitgeber.<\/p>\n\n\n\n<h4 class=\"wp-block-heading\">Voraussetzungen f\u00fcr das Qualifizierungsgeld<\/h4>\n\n\n\n<p>F\u00f6rdervoraussetzungen f\u00fcr das Qualifizierungsgeld sind unter anderem ein strukturwandelbedingter Qualifizierungsbedarf eines nicht unerheblichen Teils der Belegschaft, eine Betriebsvereinbarung oder ein betriebsbezogener Tarifvertrag (ausgenommen Kleinstunternehmen) und eine nachhaltige Besch\u00e4ftigungsperspektive im aktuellen Betrieb. Die Besch\u00e4ftigten m\u00fcssen der Qualifizierung zustimmen.<\/p>\n\n\n\n<p>Arbeitgeber k\u00f6nnen das Qualifizierungsgeld bereits jetzt beantragen. Der Antrag kann auch online gestellt werden. Weitere Informationen zu H\u00f6he und Voraussetzungen des Qualifizierungsgeldes, Formulare sowie Hinweise zum Online-Antrag erhalten Sie unter diesem Link:<br><a href=\"https:\/\/deref-web.de\/mail\/client\/uhlUskIpNW0\/dereferrer\/?redirectUrl=https%3A%2F%2Fwww.arbeitsagentur.de%2Funternehmen%2Ffinanziell%2Ffoerderung-von-weiterbildung%2Fqualifizierungsgeld\" target=\"_blank\" rel=\"noreferrer noopener\">https:\/\/www.arbeitsagentur.de\/unternehmen\/finanziell\/foerderung-von-weiterbildung\/qualifizierungsgeld<\/a><\/p>\n\n\n\n<p><em>Bundesagentur f\u00fcr Arbeit<br>19.03.2024<\/em><\/p>\n\n\n\n<h1 class=\"wp-block-heading has-text-align-center\">Sparkasse Vorderpfalz<\/h1>\n\n\n<div class=\"wp-block-image\">\n<figure class=\"aligncenter size-full\"><img decoding=\"async\" loading=\"lazy\" width=\"800\" height=\"229\" src=\"https:\/\/speyer24news.com\/wp-content\/uploads\/2021\/07\/Sparkasse-Vorderpfalz-Logo.png\" alt=\"\" class=\"wp-image-38515\" srcset=\"https:\/\/speyer24news.com\/wp-content\/uploads\/2021\/07\/Sparkasse-Vorderpfalz-Logo.png 800w, https:\/\/speyer24news.com\/wp-content\/uploads\/2021\/07\/Sparkasse-Vorderpfalz-Logo-300x86.png 300w, https:\/\/speyer24news.com\/wp-content\/uploads\/2021\/07\/Sparkasse-Vorderpfalz-Logo-768x220.png 768w\" sizes=\"(max-width: 800px) 100vw, 800px\" \/><\/figure><\/div>\n\n\n<h2 class=\"wp-block-heading\">Namens\u00e4nderung: S-International Baden-W\u00fcrttemberg Nord wird zu S-International S\u00fcdwest<\/h2>\n\n\n<div class=\"wp-block-image\">\n<figure class=\"aligncenter size-full\"><img decoding=\"async\" loading=\"lazy\" width=\"500\" height=\"615\" src=\"https:\/\/speyer24news.com\/wp-content\/uploads\/2021\/06\/Sauer-Ulli-1.jpg\" alt=\"\" class=\"wp-image-37513\" srcset=\"https:\/\/speyer24news.com\/wp-content\/uploads\/2021\/06\/Sauer-Ulli-1.jpg 500w, https:\/\/speyer24news.com\/wp-content\/uploads\/2021\/06\/Sauer-Ulli-1-244x300.jpg 244w\" sizes=\"(max-width: 500px) 100vw, 500px\" \/><figcaption class=\"wp-element-caption\">Ulli Sauer betont: \u201eDie Zusammenarbeit mit S-International S\u00fcdwest bietet unseren Firmenkunden eine umfassende Unterst\u00fctzung im Auslandsgesch\u00e4ft.\u201c<\/figcaption><\/figure><\/div>\n\n\n<p>Die S-International Baden-W\u00fcrttemberg Nord, ein regionales Kompetenzcenter der Sparkassen-Finanzgruppe, \u00e4ndert ihren Namen in S-International S\u00fcdwest. Diese \u00c4nderung reflektiert das kontinuierlich gewachsene Gesch\u00e4ftsgebiet und die gestiegene Reichweite ihrer Dienstleistungen.<\/p>\n\n\n\n<p>\u201eDie Umfirmierung ist f\u00fcr uns ein bedeutender Schritt, da wir mittlerweile ein Zusammenschluss von 21 Sparkassen aus Baden-W\u00fcrttemberg und Rheinland-Pfalz sind\u201c, sagt Gesch\u00e4ftsf\u00fchrerin Petra Wunderlich. \u201eUnsere Expansion basiert auf dem Vertrauen unserer Gesellschafter-Sparkassen und ihrem Wunsch, das internationale Gesch\u00e4ft ihrer Kunden in die H\u00e4nde der S-International zu legen.\u201c<\/p>\n\n\n\n<p>S-International S\u00fcdwest, zuvor S-International Baden-W\u00fcrttemberg Nord, bedient ein Gebiet vom Ahrtal bis nach Ravensburg und unterst\u00fctzt den Mittelstand in einer der st\u00e4rksten Wirtschaftsregionen Deutschlands unter dem Motto \u201eM\u00e4rkte verbinden, Unternehmen begleiten\u201c.<\/p>\n\n\n\n<p>Die Namens\u00e4nderung geht Hand in Hand mit einer strategischen Partnerschaft: Die Sparkasse Vorderpfalz ist zum 1. Januar 2024 Gesellschafter bei S-International S\u00fcdwest geworden. Diese Kooperation er\u00f6ffnet allen Firmen- und Unternehmenskunden der Sparkasse Vorderpfalz neue M\u00f6glichkeiten im Auslandsgesch\u00e4ft, indem sie Zugang zu einem erweiterten Portfolio an Produkten und Dienstleistungen sowie einer professionellen Betreuung durch Spezialisten und Abwicklungsteams erhalten.<\/p>\n\n\n\n<p>Ulli Sauer, Vorstandsmitglied der Sparkasse Vorderpfalz, betont: \u201eDie Zusammenarbeit mit S-International S\u00fcdwest bietet unseren Firmenkunden eine umfassende Unterst\u00fctzung im Auslandsgesch\u00e4ft und erweitert unser Angebot an Produkten und Dienstleistungen. Durch diese Kooperation k\u00f6nnen wir unseren Kunden einen ganzheitlichen und ma\u00dfgeschneiderten Service bieten und ihre internationale Wettbewerbsf\u00e4higkeit st\u00e4rken.\u201c<\/p>\n\n\n\n<p>Die Zusammenarbeit zwischen der Sparkasse Vorderpfalz und der S-International S\u00fcdwest er\u00f6ffnet neue M\u00f6glichkeiten f\u00fcr mittelst\u00e4ndische Unternehmen und bietet neue Impulse f\u00fcr Auslandsgesch\u00e4fte und Investitionsvorhaben.<\/p>\n\n\n\n<p><em>Sparkasse Vorderpfalz<br>28.03.2024<\/em><\/p>\n\n\n\n<h2 class=\"wp-block-heading\">Test: App Sparkasse erneut als Testsieger ausgezeichnet<\/h2>\n\n\n<div class=\"wp-block-image\">\n<figure class=\"aligncenter size-full\"><img decoding=\"async\" loading=\"lazy\" width=\"600\" height=\"596\" src=\"https:\/\/speyer24news.com\/wp-content\/uploads\/2024\/03\/Kolb_Oliver_23.jpg\" alt=\"\" class=\"wp-image-59161\" srcset=\"https:\/\/speyer24news.com\/wp-content\/uploads\/2024\/03\/Kolb_Oliver_23.jpg 600w, https:\/\/speyer24news.com\/wp-content\/uploads\/2024\/03\/Kolb_Oliver_23-300x298.jpg 300w, https:\/\/speyer24news.com\/wp-content\/uploads\/2024\/03\/Kolb_Oliver_23-150x150.jpg 150w\" sizes=\"(max-width: 600px) 100vw, 600px\" \/><figcaption class=\"wp-element-caption\">Sparkassenvorstand Oliver Kolb betont: &#8222;Die App Sparkasse ist Testsieger und die perfekte Erg\u00e4nzung zur Internet-Filiale und der Beratung vor Ort&#8220;.<\/figcaption><\/figure><\/div>\n\n\n<p>Die App Sparkasse hat erneut ihre herausragende Leistungsf\u00e4higkeit unter Beweis gestellt und sich als Testsieger in einer aktuellen Studie zu Banking-Apps profiliert, indem sie die h\u00f6chste Bewertung von f\u00fcnf Sternen erhielt. Die von der renommierten Zeitschrift Capital durchgef\u00fchrte Studie mit dem Titel &#8222;Die besten Banking-Apps 2024&#8220; hat insgesamt 33 Apps aus drei Kategorien &#8211; klassische Banken, Mobilbanken und unabh\u00e4ngige Multi-Banking-Apps &#8211; untersucht.<\/p>\n\n\n\n<p>Die Tester haben das Kundenerlebnis in zwei Hauptkategorien bewertet: &#8222;Kontenf\u00fchrung und Funktionalit\u00e4t&#8220; sowie &#8222;Service&#8220;. In der Kategorie &#8222;Banken-Apps&#8220; erzielte die App Sparkasse herausragende 90,6 von 100 m\u00f6glichen Punkten und sicherte sich somit den ersten Platz. Diese Auszeichnung reiht sich nahtlos an fr\u00fchere Anerkennungen, wie beispielsweise von der Stiftung Warentest, B\u00f6rse Online und dem M\u00fcnchener Institut f\u00fcr Verm\u00f6gensaufbau im Auftrag von &#8222;Capital&#8220;, ein. Die anhaltende Spitzenposition bei unabh\u00e4ngigen Tests best\u00e4tigt erneut die herausragende Qualit\u00e4t der App Sparkasse.<\/p>\n\n\n\n<p>Oliver Kolb, Vorstandsmitglied der Sparkasse Vorderpfalz und zust\u00e4ndig f\u00fcr das Privatkundengesch\u00e4ft, kommentierte die Auszeichnung wie folgt: &#8222;Wir freuen uns, dass die App Sparkasse erneut die Tester \u00fcberzeugen konnte. Die wiederholten Top-Platzierungen bei zahlreichen unabh\u00e4ngigen Tests belegen die hohe Qualit\u00e4t dieser App. Sie fungiert als mobile Schaltzentrale f\u00fcr alle finanziellen Angelegenheiten unserer Kunden und erg\u00e4nzt perfekt unsere Internet-Filiale sowie die pers\u00f6nliche Beratung vor Ort. Von der einfachen Abfrage des Kontostandes \u00fcber das Pr\u00fcfen von Ums\u00e4tzen bis hin zur Foto-, Termin- oder Echtzeit\u00fcberweisung sowie der Einbindung von Depots oder Konten anderer Kreditinstitute bietet die multibankf\u00e4hige App Sparkasse ein breites Spektrum an Funktionen.&#8220; Die App Sparkasse steht kostenlos im App-Store und im Google Play-Store zur Verf\u00fcgung.<\/p>\n\n\n\n<p><em>Sparkasse Vorderpfalz<br>25.03.2024<\/em><\/p>\n\n\n\n<h2 class=\"wp-block-heading\">Sparkasse Vorderpfalz ver\u00f6ffentlicht vorl\u00e4ufige Gesch\u00e4ftszahlen f\u00fcr das Jahr 2023<\/h2>\n\n\n\n<h3 class=\"wp-block-heading\">Sparkassen-Chef Thomas Traue: \u201eWir stehen verl\u00e4sslich an der Seite unserer Kundinnen und Kunden\u201c.<\/h3>\n\n\n<div class=\"wp-block-image\">\n<figure class=\"aligncenter size-full\"><img decoding=\"async\" loading=\"lazy\" width=\"800\" height=\"480\" src=\"https:\/\/speyer24news.com\/wp-content\/uploads\/2024\/03\/Vorstands-Team-4.jpg\" alt=\"\" class=\"wp-image-59166\" srcset=\"https:\/\/speyer24news.com\/wp-content\/uploads\/2024\/03\/Vorstands-Team-4.jpg 800w, https:\/\/speyer24news.com\/wp-content\/uploads\/2024\/03\/Vorstands-Team-4-300x180.jpg 300w, https:\/\/speyer24news.com\/wp-content\/uploads\/2024\/03\/Vorstands-Team-4-768x461.jpg 768w\" sizes=\"(max-width: 800px) 100vw, 800px\" \/><figcaption class=\"wp-element-caption\">Die Sparkasse Vorderpfalz hat im Gesch\u00e4ftsjahr 2023 ein solides Ergebnis erzielt und h\u00e4lt Kurs. Das berichten die Vorst\u00e4nde der Sparkasse Vorderpfalz Thomas Traue (Bildmitte), Oliver Kolb (links) und Ulli Sauer (rechts).<\/figcaption><\/figure><\/div>\n\n\n<p>Die Sparkasse Vorderpfalz kann auf ein herausforderndes, letztlich aber erfolgreiches Gesch\u00e4ftsjahr 2023 zur\u00fcckblicken, das trotz schwieriger Marktbedingungen eine solide Entwicklung verzeichnete. Vorl\u00e4ufige Zahlen zeigen, dass die Bilanzsumme leicht auf 5,9 Mrd. Euro anstieg. Dabei blieben die Kredite an Kunden mit 4,59 Mrd. nahezu stabil, w\u00e4hrend die Verbindlichkeiten gegen\u00fcber Kunden auf 4,67 Mrd. zur\u00fcckgingen (-2,8%). Das berichten Sparkassen-Chef Thomas Traue und seine Vorstandskollegen Oliver Kolb und Ulli Sauer.<\/p>\n\n\n\n<p>Thomas Traue, Vorstandsvorsitzender der Sparkasse Vorderpfalz, kommentiert die Entwicklung: &#8222;Nach vielen Jahren au\u00dfergew\u00f6hnlicher Geldpolitik und angesichts aktuell bestehender gro\u00dfer Unsicherheiten in der Weltwirtschaft sch\u00e4tzen unsere Kundinnen und Kunden die Sparkasse Vorderpfalz als verl\u00e4sslichen Partner in allen Geldfragen. Das zeigen auch die vorl\u00e4ufigen Zahlen f\u00fcr das Gesch\u00e4ftsjahr 2023. In einem anspruchsvollen wirtschaftlichen Umfeld konnten wir eine solide Entwicklung verzeichnen: Unsere Bilanzsumme ist leicht gestiegen, w\u00e4hrend wir trotz eines herausfordernden Marktumfelds im Kreditgesch\u00e4ft stabil geblieben sind. Insbesondere der Zinsertrag und der Provisions\u00fcberschuss verzeichnen positive Entwicklungen. In gewissem Ma\u00dfe konnten wir uns im vergangenen Jahr gegen die schwierigen Marktbedingungen behaupten. Der Ausblick auf 2024 ist herausfordernd. Wir hoffen nat\u00fcrlich auf das Beste \u2013 jedoch m\u00fcssen wir uns auch auf anspruchsvolle Szenarien vorbereiten. Besonders herausfordernd gestaltet sich die Entwicklung im privaten Wohnungsbau. Nach wie vor besteht ein Mangel an Wohnungen und die Baugenehmigungen verharren auf niedrigem Niveau. Der Erwerb von Eigenheimen wird f\u00fcr B\u00fcrgerinnen und B\u00fcrger zunehmend kostspieliger. Das sp\u00fcren auch wir. Die Zusagen f\u00fcr private Immobilienkredite sind um 38,3 Prozent zur\u00fcckgegangen. Wir hoffen, dass sich die Lage im Verlauf des Jahres leicht verbessern wird. Hilfreich w\u00e4re, wenn die verantwortlichen Institutionen und Ministerien mit einem breiten Ma\u00dfnahmenb\u00fcndel endlich gegensteuern w\u00fcrden. Das w\u00fcrde mehr Menschen ins Eigenheim bringen und der Baukonjunktur neuen Schwung verleihen.&#8220;<\/p>\n\n\n\n<h4 class=\"wp-block-heading\">Jahres\u00fcberschuss steigt auf 4,7 Mio. Euro und st\u00e4rkt das Eigenkapital<\/h4>\n\n\n\n<p>Thomas Traue betont: &#8222;Mit den Ergebnissen 2023 sind wir auf Kurs. Der Zins\u00fcberschuss erh\u00f6hte sich im vergangenen Jahr um 35,9 Prozent auf 116,4 Mio. Euro, dank eines gestiegenen Zinsniveaus. Der Jahres\u00fcberschuss steigt auf 4,7 Mio. Euro (2022: 3,5 Mio. Euro) und st\u00e4rkt unser Eigenkapital. Dies ist die Basis, um mehr Kredite an unsere Kunden vergeben zu k\u00f6nnen. Dadurch tr\u00e4gt die Sparkasse zum wirtschaftlichen Wachstum in der Region bei&#8220;. Das Kernkapital erh\u00f6hte sich auf 585,9 Mio. Euro, was einer Kernkapitalquote von 15,82 % entspricht. Damit liegt die Sparkasse Vorderpfalz \u00fcber den aufsichtsrechtlichen Anforderungen.<\/p>\n\n\n\n<h4 class=\"wp-block-heading\">Kreditgesch\u00e4ft mit 4,59 Mrd. Euro auf Vorjahresniveau<\/h4>\n\n\n\n<p>Das Kreditgesch\u00e4ft der Sparkasse blieb mit insgesamt 4,59 Mrd. Euro auf Vorjahresniveau (2022: 4,6 Mrd. Euro). Privatkunden erzielten ein Plus von 0,3 Prozent, Gesch\u00e4ftskunden ein Minus von 1,3 Prozent und Kommunen ein Plus von 5,4 Prozent. Ulli Sauer, Vorstandsmitglied der Sparkasse Vorderpfalz unterstreicht die Bedeutung von flexiblen Finanzl\u00f6sungen: &#8222;Wir haben aktiv auf die Herausforderungen des Marktes reagiert und unsere Kunden mit ma\u00dfgeschneiderten Finanzierungsoptionen unterst\u00fctzt. Gerade in Zeiten des Wandels ist es wichtig, flexibel auf die Bed\u00fcrfnisse unserer Kunden einzugehen.&#8220;<\/p>\n\n\n\n<p>Ulli Sauer weiter: \u201eSeit mehr als einem Jahr gehen die Darlehenszusagen stark zur\u00fcck\u201c. Die Zusagen insgesamt sind von 928,6 Mio. Euro Ende 2022 auf 656,1 Mio. Euro (-29,3 Prozent) Ende 2023 abgeschmolzen. Ausgezahlt wurden im vergangenen Jahr 624,8 Mio. Euro. Die zugesicherte Liquidit\u00e4t&nbsp; \u00fcber Kontokorrentkredite wird derzeit verst\u00e4rkt abgerufen.<\/p>\n\n\n\n<p>Sauer: \u201eDie Investitionsbereitschaft geht auf breiter Linie zur\u00fcck, sowohl bei privaten Bauvorhaben als auch bei Projekten von Unternehmen und Gewerbetreibenden. Ma\u00dfgeblich f\u00fcr die Zur\u00fcckhaltung waren neben der Zinswende die stark steigenden Bau- und Energiekosten, hohe Erwerbskosten, Lieferengp\u00e4sse sowie die Verunsicherung rund um die energetische Sanierung von Geb\u00e4uden und die sich h\u00e4ufig \u00e4ndernde F\u00f6rderpolitik.<\/p>\n\n\n\n<p>All das brachte gro\u00dfe Unw\u00e4gbarkeiten f\u00fcr Bauwillige mit sich. Was es jetzt braucht, sind sp\u00fcrbare Anreize und kalkulierbare Rahmenbedingungen. Wir stehen bereit f\u00fcr Investitionsvorhaben des Mittelstandes und der privaten Haushalte, aber es braucht klare Signale und Rahmenbedingungen f\u00fcr ein besseres Investitionsklima. Zwar trotzt die Wirtschaft der herausfordernden Gesamtlage und zeigt sich insgesamt resilient, doch die Stimmung bei den Unternehmen ist verhalten bis angespannt.\u201c<\/p>\n\n\n\n<h4 class=\"wp-block-heading\">Bausparvertr\u00e4ge weiterhin beliebt<\/h4>\n\n\n\n<p>Angesichts der gestiegenen Zinsen ist der Bausparvertrag als Zinssicherungsinstrument weiterhin gefragt, wenn auch etwas unterhalb des Vorjahresniveaus. Sauer betont: \u201eViele Menschen sichern sich Anschlussfinanzierungen, er\u00f6ffnen sich M\u00f6glichkeiten zum Immobilienerwerb und zur Renovierung. Der Bausparvertrag ist mehr denn je ein hervorragender Baustein zum Immobilienerwerb und -erhalt, und damit auch f\u00fcr die eigene Absicherung im Alter. Das gilt besonders bei zuk\u00fcnftig notwendigen Investitionen in energieeffizientes Wohnen. 2023 vermittelten die Sparkasse LBS-Bausparvertr\u00e4ge mit einer Bausparsumme in H\u00f6he von 104 Mio. Euro. Das sind 32 Prozent weniger als im Vorjahr, welches ein Ausnahmejahr war. Insgesamt bewegen sich die Neuabschl\u00fcsse aber weiterhin auf einem hohen Niveau.<\/p>\n\n\n\n<h4 class=\"wp-block-heading\">Sparkassenbriefe und Wertpapiere boomen<\/h4>\n\n\n\n<p>Die Sparkasse Vorderpfalz hat nach der Zinswende der Europ\u00e4ischen Zentralbank auch im zur\u00fcckliegenden Jahr die Einlagenzinsen f\u00fcr ihre Kunden weiter erh\u00f6ht. Oliver Kolb informiert: \u201eVon der Zinswende haben auch unsere Kundinnen und Kunden 2023 profitiert. Sie nutzten wieder verst\u00e4rkt klassische Geldanlagen und legten \u00fcber 543 Mio. Euro (2022: 102 Mio. Euro) in Sparkassenbriefe an. Das entspricht einem Plus von 431 Prozent. Im zur\u00fcckliegenden Jahr haben unsere Kunden auch verst\u00e4rkt Wertpapiere zur Verm\u00f6gensbildung genutzt. Das Wertpapiervolumen erh\u00f6hte sich um 16,8 Prozent auf 2 Mrd. Euro und die Wertpapiersparpl\u00e4ne stiegen um 14,5 Prozent auf 19.722. Neben den klassischen Einlagen und einer ausgewogenen Mischung der Anlageklassen, k\u00f6nnen Wertpapiere und Fondsparpl\u00e4ne helfen, bei der hohen Inflation und der als Realzinsfalle bekannten Geldentwertung, gegenzusteuern. Dabei sollten immer die individuellen Ziele, die besonders Risikobereitschaft und die pers\u00f6nliche Situation Ber\u00fccksichtigung finden.\u201c Oliver Kolb ermutigt dazu, das Fachwissen der Experten der Sparkasse Vorderpfalz in Anspruch zu nehmen. &#8222;Unsere Experten stehen Ihnen gerne zur Verf\u00fcgung, um Sie individuell zu beraten und Ihnen dabei zu helfen, Ihre finanziellen Ziele zu erreichen&#8220;.<\/p>\n\n\n\n<h4 class=\"wp-block-heading\">Digitale Services weiterhin stark gefragt<\/h4>\n\n\n\n<p>\u201eDigitale L\u00f6sungen erg\u00e4nzen die pers\u00f6nliche Beratung unserer Kunden immer \u00f6fter\u201c, erl\u00e4utert Oliver Kolb. Kolb weiter: \u201eMit rund 8,1 Mio. Besuchern (2022: 7,4 Mio. \/ plus 9,9 Prozent.) und 59,37 Mio. Zugriffen im Jahr (2022: 50 Mio. \/ plus 16,8%) ist die Internetfiliale neben dem KundenDialogCenter mit rund 500 Telefonanrufen t\u00e4glich, der am meisten frequentierte Weg zur Sparkasse. Das Online-Banking der Sparkasse nutzen 108.179 Kunden (2022: 102.335 \/ plus 5,7%), 60.857 Bankingnutzer (2022: 52.537 \/ plus 15,8 Prozent) erledigen ihre Bankgesch\u00e4fte mobil \u00fcber die Sparkassen-App\u201c.<\/p>\n\n\n\n<h4 class=\"wp-block-heading\">Gesellschaftliches Engagement vor Ort bleibt Kernaufgabe<\/h4>\n\n\n\n<p>Auch die gesellschaftliche Bilanz der Sparkasse Vorderpfalz kann sich f\u00fcr das Jahr 2023 sehen lassen. Die Sparkasse Vorderpfalz unterst\u00fctzte mit 1.005.096,05 Euro im zur\u00fcckliegenden Jahr 960 Vereine, Schulen, Projekte und Initiativen in Ludwigshafen, Speyer, Schifferstadt und dem Rhein-Pfalz-Kreis. Von den Spenden-, Sponsoring- und Stiftungsgeldern der Sparkasse profitierten die Bereiche Soziales, Kunst und Kultur, Bildung und Erziehung, Brauchtum, Umwelt-, Landschafts- und Denkmalschutz sowie Sport.<\/p>\n\n\n\n<p>Traue bekennt: &#8222;Als \u00f6ffentlich-rechtliche Sparkasse f\u00f6rdern wir seit Jahren mit unseren Spenden-, Sponsoring- und Stiftungsgeldern konkrete Projekte in vielen Bereichen der Gesellschaft. Das machen wir gerne und aus \u00dcberzeugung, denn gerade auch in diesen besonderen Zeiten brauchen wir in unserer Gesellschaft Menschen, die sich f\u00fcr andere Menschen und das Gemeinwohl einsetzen. Die Sparkasse Vorderpfalz und unsere f\u00fcnf Stiftungen werden weiterhin Vorhaben unterst\u00fctzen, die m\u00f6glichst vielen zugutekommen\u201c.<\/p>\n\n\n\n<h4 class=\"wp-block-heading\">Ausblick auf 2024:<\/h4>\n\n\n\n<p>Thomas Traue gibt einen Ausblick auf das laufende Jahr: &#8222;2024 wird zweifellos anspruchsvoll, gepr\u00e4gt von verschiedenen Herausforderungen. Die makro\u00f6konomischen Aussichten bleiben unsicher. Anleger sollten sich auch weiterhin auf schwankungsanf\u00e4llige Kapitalm\u00e4rkte einstellen. In dieser Zeit bleiben wir entschlossen, unsere Kundinnen und Kunden auf allen Ebenen zu unterst\u00fctzen. Unser Fokus liegt weiterhin auf erstklassiger Beratung und ma\u00dfgeschneiderten Finanzl\u00f6sungen. Die Sparkasse Vorderpfalz sieht sich in der Verantwortung, einen Beitrag zum wirtschaftlichen Wachstum in unserer Region zu leisten.&#8220;<\/p>\n\n\n\n<h4 class=\"wp-block-heading\">Sparkasse Vorderpfalz: Vorl\u00e4ufige Zahlen 2023<\/h4>\n\n\n\n<figure class=\"wp-block-table\"><table><tbody><tr><td>&nbsp;<\/td><td colspan=\"2\">2022<\/td><td colspan=\"2\">2023 vorl\u00e4ufige Zahlen<\/td><td>Ver\u00e4nderung Vorjahr in %<\/td><\/tr><tr><td>Bilanzsumme<\/td><td>5.844.217<\/td><td>TEUR<\/td><td>5.900.200<\/td><td>TEUR<\/td><td>1,0%<\/td><\/tr><tr><td>Kredite an Kunden<\/td><td>4.608.508<\/td><td>TEUR<\/td><td>4.598.646<\/td><td>TEUR<\/td><td>-0,2%<\/td><\/tr><tr><td>(Privatkunden und Unternehmen)<\/td><td>4.428.883<\/td><td>TEUR<\/td><td>4.411.757<\/td><td>TEUR<\/td><td>-0,4%<\/td><\/tr><tr><td>&nbsp; &#8211; davon Privatkunden<\/td><td>2.574.076<\/td><td>TEUR<\/td><td>2.581.342<\/td><td>TEUR<\/td><td>0,3%<\/td><\/tr><tr><td>&nbsp; &#8211; davon Gesch\u00e4ftskunden<\/td><td>1.854.807<\/td><td>TEUR<\/td><td>1.830.415<\/td><td>TEUR<\/td><td>-1,3%<\/td><\/tr><tr><td>&nbsp; &#8211; davon Kommunen<\/td><td>97.346<\/td><td>TEUR<\/td><td>102.568<\/td><td>TEUR<\/td><td>5,4%<\/td><\/tr><tr><td>Kreditzusagen insgesamt<\/td><td>928.656<\/td><td>TEUR<\/td><td>656.166<\/td><td>TEUR<\/td><td>-29,3%<\/td><\/tr><tr><td>Kreditauszahlungen insgesamt<\/td><td>880.557<\/td><td>TEUR<\/td><td>624.885<\/td><td>TEUR<\/td><td>-29,0%<\/td><\/tr><tr><td>Verbindlichkeiten gg. Kunden<\/td><td>4.809.003<\/td><td>TEUR<\/td><td>4.673.849<\/td><td>TEUR<\/td><td>-2,8%<\/td><\/tr><tr><td>Sparkassenbriefe insgesamt<\/td><td>102.168<\/td><td>TEUR<\/td><td>543.355<\/td><td>TEUR<\/td><td>431,8%<\/td><\/tr><tr><td>Bausparvertr\u00e4ge Neuvertr\u00e4ge Bausparsumme<\/td><td>&nbsp;&nbsp;&nbsp;&nbsp;&nbsp;&nbsp; 153,4<\/td><td>Mio. \u20ac<\/td><td>&nbsp;&nbsp;&nbsp;&nbsp;&nbsp;&nbsp; 104,2<\/td><td>Mio. \u20ac<\/td><td>-32,1%<\/td><\/tr><tr><td>Zinsertrag<\/td><td>93.459<\/td><td>TEUR<\/td><td>123.276<\/td><td>TEUR<\/td><td>31,9%<\/td><\/tr><tr><td>Zins\u00fcberschu\u00df (inkl. Derivate)<\/td><td>85.646<\/td><td>TEUR<\/td><td>116.373<\/td><td>TEUR<\/td><td>35,9%<\/td><\/tr><tr><td>Provisions\u00fcberschuss<\/td><td>35.683<\/td><td>TEUR<\/td><td>38.676<\/td><td>TEUR<\/td><td>8,4%<\/td><\/tr><tr><td>Jahres\u00fcberschuss<\/td><td>3.483<\/td><td>TEUR<\/td><td>4.772<\/td><td>TEUR<\/td><td>37,0%<\/td><\/tr><tr><td>Kernkapitalquote<\/td><td>569,0<\/td><td>Mio. \u20ac<\/td><td>585,9<\/td><td>Mio. \u20ac<\/td><td>3,0%<\/td><\/tr><tr><td>Kernkapitalquote bei vollst. Anwendung Basel III<\/td><td>15,59<\/td><td>%<\/td><td>15,82<\/td><td>%<\/td><td>1,5%<\/td><\/tr><tr><td>Online-Banking-Kunden \/ Anzahl<\/td><td>102.335<\/td><td>St\u00fcck<\/td><td>108.179<\/td><td>St\u00fcck<\/td><td>5,7%<\/td><\/tr><tr><td>Internetfiliale<\/td><td>&nbsp;<\/td><td>&nbsp;<\/td><td>&nbsp;<\/td><td>&nbsp;<\/td><td>&nbsp;<\/td><\/tr><tr><td>&nbsp; &#8211; Besucher<\/td><td>7,38<\/td><td>Mio.<\/td><td>8,11<\/td><td>Mio.<\/td><td>9,9%<\/td><\/tr><tr><td>&nbsp; &#8211; Zugriffe<\/td><td>50,82<\/td><td>Mio.<\/td><td>59,37<\/td><td>Mio.<\/td><td>16,8%<\/td><\/tr><tr><td>Nutzer SparkassenApp<\/td><td>&nbsp;&nbsp;&nbsp;&nbsp; 52.537<\/td><td>Nutzer<\/td><td>&nbsp;&nbsp;&nbsp;&nbsp; 60.857<\/td><td>Nutzer<\/td><td>15,8%<\/td><\/tr><tr><td>Anzahl Girokonten insgesamt<\/td><td>&nbsp;<\/td><td>&nbsp;<\/td><td>&nbsp;<\/td><td>&nbsp;<\/td><td>&nbsp;<\/td><\/tr><tr><td>&nbsp; &#8211; Privat<\/td><td>&nbsp; 142.950<\/td><td>St\u00fcck<\/td><td>&nbsp; 144.068<\/td><td>St\u00fcck<\/td><td>0,8%<\/td><\/tr><tr><td>&nbsp; &#8211; Gesch\u00e4ft<\/td><td>&nbsp;&nbsp;&nbsp;&nbsp; 13.046<\/td><td>St\u00fcck<\/td><td>&nbsp;&nbsp;&nbsp;&nbsp; 12.866<\/td><td>St\u00fcck<\/td><td>-1,4%<\/td><\/tr><tr><td>Anzahl Mitarbeiter \/ Auszubildende<\/td><td>&nbsp;&nbsp;&nbsp;&nbsp;&nbsp;&nbsp;&nbsp;&nbsp;&nbsp; 831<\/td><td>Anzahl<\/td><td>&nbsp;&nbsp;&nbsp;&nbsp;&nbsp;&nbsp;&nbsp;&nbsp;&nbsp; 808<\/td><td>Anzahl<\/td><td>-2,8%<\/td><\/tr><tr><td>Anzahl Standorte<\/td><td>46<\/td><td><\/td><td>42<\/td><td><\/td><td>-8,7%<\/td><\/tr><\/tbody><\/table><\/figure>\n\n\n\n<p><em>Sparkasse Vorderpfalz<br>21.03.2024<\/em><\/p>\n\n\n\n<h2 class=\"wp-block-heading\">Sparkasse Vorderpfalz f\u00f6rdert \u00f6konomische Bildung mit dem Sparkassen-SchulService<\/h2>\n\n\n<div class=\"wp-block-image\">\n<figure class=\"aligncenter size-full\"><img decoding=\"async\" loading=\"lazy\" width=\"800\" height=\"707\" src=\"https:\/\/speyer24news.com\/wp-content\/uploads\/2024\/03\/Jusmann_Alexander_24.jpg\" alt=\"\" class=\"wp-image-59175\" srcset=\"https:\/\/speyer24news.com\/wp-content\/uploads\/2024\/03\/Jusmann_Alexander_24.jpg 800w, https:\/\/speyer24news.com\/wp-content\/uploads\/2024\/03\/Jusmann_Alexander_24-300x265.jpg 300w, https:\/\/speyer24news.com\/wp-content\/uploads\/2024\/03\/Jusmann_Alexander_24-768x679.jpg 768w\" sizes=\"(max-width: 800px) 100vw, 800px\" \/><figcaption class=\"wp-element-caption\">Alexander Jusmann, Leiter Marketing und Kommunikation der Sparkasse Vorderpfalz: \u201eSparkasse Vorderpfalz f\u00f6rdert \u00f6konomische Bildung mit dem Sparkassen-SchulService\u201c.<\/figcaption><\/figure><\/div>\n\n\n<p>Die Sparkasse Vorderpfalz engagiert sich seit langem f\u00fcr die \u00f6konomische Grundbildung von Kindern und Jugendlichen. Unter dem Dach des Sparkassen-SchulService bietet sie Schulen im Rahmen ihres \u00f6ffentlichen Auftrags ein breites Medienangebot, um Wissen rund um Geld, Finanzen, und Wirtschaft zu vermitteln.<\/p>\n\n\n\n<h4 class=\"wp-block-heading\">Tradition und Innovation im Dienste der Bildung<\/h4>\n\n\n\n<p>Die Kooperation zwischen Schule und Sparkasse hat eine lange Tradition, die bis in die Gr\u00fcndungszeit der Sparkassen zur\u00fcckreicht. Alexander Jusmann, Leiter Marketing und Kommunikation der Sparkasse Vorderpfalz, betont: &#8222;Der Spargedanke sollte bereits bei Kindern geweckt und gepflegt werden.&#8220; Seit 1975 entwickelt sich dieser Gedanke kontinuierlich weiter und manifestiert sich im Sparkassen-SchulService. Heute bieten die Sparkassen mit diesem Service ein vielf\u00e4ltiges und p\u00e4dagogisch hochwertiges Medienangebot f\u00fcr Schulen.<\/p>\n\n\n\n<h4 class=\"wp-block-heading\">Neutralit\u00e4t und Praxisn\u00e4he im Fokus<\/h4>\n\n\n\n<p>Alle Materialien des Sparkassen-SchulService sind neutral und werbefrei konzipiert. Sie erg\u00e4nzen den regul\u00e4ren Lehrplan und dienen als praktische Orientierungshilfen im t\u00e4glichen Umgang mit Geld. &#8222;Unser Ziel ist es, nicht nur Faktenwissen zu vermitteln, sondern den Sch\u00fclerinnen und Sch\u00fclern auch die M\u00f6glichkeit zu geben, dieses Wissen in verschiedenen Situationen anzuwenden&#8220;, erkl\u00e4rt Alexander Jusmann.<\/p>\n\n\n\n<h4 class=\"wp-block-heading\">Vielf\u00e4ltige Themen f\u00fcr motivierten Unterricht<\/h4>\n\n\n\n<p>Die Themen des Sparkassen-SchulService decken ein breites Spektrum ab, von spielerischem Umgang mit Geld bis hin zum Verst\u00e4ndnis komplexer wirtschaftlicher Zusammenh\u00e4nge. Unterrichtseinheiten, Erkl\u00e4rfilme und Planspiele motivieren die Sch\u00fclerinnen und Sch\u00fcler und erleichtern den Lehrkr\u00e4ften eine interessante Unterrichtsgestaltung.<\/p>\n\n\n\n<h4 class=\"wp-block-heading\">Leitlinien f\u00fcr eine nachhaltige Bildungsarbeit<\/h4>\n\n\n\n<p>Die Leitlinien des Sparkassen-SchulService betonen die Verantwortung gegen\u00fcber der Gesellschaft und den Jugendlichen. &#8222;Wir bekennen uns zu unserem \u00f6ffentlichen Auftrag, die \u00f6konomische Kompetenz der Allgemeinheit \u2013 insbesondere der Jugend \u2013 sowie die Verm\u00f6gensbildung zu f\u00f6rdern&#8220;, erkl\u00e4rt Alexander Jusmann. Die Inhalte des Sparkassen-SchulService orientieren sich an aktuellen Lehrpl\u00e4nen und p\u00e4dagogischen Methoden und werden neutral und werbefrei gestaltet.<\/p>\n\n\n\n<p>Der Sparkassen-SchulService tr\u00e4gt dazu bei, junge Menschen auf die Herausforderungen der modernen Wirtschaft vorzubereiten und sie zu selbstbestimmten und verantwortungsbewussten Mitgliedern der Gesellschaft zu machen.<\/p>\n\n\n\n<p><em>Sparkasse Vorderpfalz<br>18.03.2024<\/em><\/p>\n\n\n\n<h2 class=\"wp-block-heading\">Sparkasse Vorderpfalz belohnt Sieger des Planspiels B\u00f6rse mit Preisgeldern<\/h2>\n\n\n<div class=\"wp-block-image\">\n<figure class=\"aligncenter size-full\"><img decoding=\"async\" loading=\"lazy\" width=\"800\" height=\"581\" src=\"https:\/\/speyer24news.com\/wp-content\/uploads\/2024\/03\/240311Planspiel14.jpg\" alt=\"\" class=\"wp-image-59176\" srcset=\"https:\/\/speyer24news.com\/wp-content\/uploads\/2024\/03\/240311Planspiel14.jpg 800w, https:\/\/speyer24news.com\/wp-content\/uploads\/2024\/03\/240311Planspiel14-300x218.jpg 300w, https:\/\/speyer24news.com\/wp-content\/uploads\/2024\/03\/240311Planspiel14-768x558.jpg 768w\" sizes=\"(max-width: 800px) 100vw, 800px\" \/><figcaption class=\"wp-element-caption\">Sparkasse Vorderpfalz belohnt Sieger des Planspiels B\u00f6rse mit Preisgeldern.<\/figcaption><\/figure><\/div>\n\n\n<p>In einem packenden Wettbewerb haben Sch\u00fclerinnen und Sch\u00fcler aus Ludwigshafen beim Planspiel B\u00f6rse der Sparkasse Vorderpfalz ihr K\u00f6nnen unter Beweis gestellt. \u00dcber einen Zeitraum von siebzehn Wochen beteiligten sich insgesamt 243 Jugendliche von allgemein- und berufsbildenden Schulen an diesem einzigartigen Finanzspiel. Die Herausforderung f\u00fcr die 102 teilnehmenden Spielgruppen aus Ludwigshafen, Speyer und dem Rhein-Pfalz-Kreis bestand darin, ein fiktives Startkapital von 50.000 Euro durch kluge Investitionen in vorgegebene Wertpapiere zu vermehren. Nach Abschluss des Planspiels hat die Sparkasse Vorderpfalz Bilanz gezogen und die Preise an die Gewinner \u00fcberreicht.<\/p>\n\n\n\n<p>Den ersten Platz sicherte sich das Team &#8222;Nich anfassen&#8220; von der BBS Technik 1 Ludwigshafen. Mit einer beeindruckenden Steigerung ihres Startkapitals von 50.000 Euro auf 60.986,72 Euro behaupteten sie die Spitzenposition. Die Gruppe &#8222;Sch\u00e4fbl&#8220;, ebenfalls von der BBS Technik 1 Ludwigshafen, sicherte sich den zweiten Platz mit einem Depotstand von 59.738,29 Euro. Das Sch\u00fclerteam &#8220; DickeB\u00e4lleSchiebenWelle&#8220; holte sich den verdienten dritten Platz mit einem Depotwert von 58.479,73 Euro. Zus\u00e4tzlich wurde das Team &#8222;IAMMEHANIK&#8220; von der BBS Technik 1 Ludwigshafen mit dem Nachhaltigkeitspreis f\u00fcr einen Ertrag von 6.226,61 Euro ausgezeichnet.<\/p>\n\n\n\n<p>Oliver Kolb, Vorstandsmitglied der Sparkasse Vorderpfalz, betonte die Bedeutung der finanziellen Bildung und gratulierte den Gewinnerteams sowie allen Teilnehmern herzlich. Die erfolgreichsten Sch\u00fcler-Teams wurden mit Geldpreisen im Gesamtwert von 1.500 Euro belohnt, w\u00e4hrend das Team mit dem h\u00f6chsten Nachhaltigkeitsertrag zus\u00e4tzlich 300 Euro erhielt.<\/p>\n\n\n\n<p><em>Sparkasse Vorderpfalz<br>12.03.2024<\/em><\/p>\n\n\n\n<h1 class=\"wp-block-heading has-text-align-center\">Stadtwerke Speyer GmbH<\/h1>\n\n\n<div class=\"wp-block-image\">\n<figure class=\"aligncenter size-full\"><img decoding=\"async\" loading=\"lazy\" width=\"600\" height=\"209\" src=\"https:\/\/speyer24news.com\/wp-content\/uploads\/2020\/10\/SWS-Logo-1024x356.jpg\" alt=\"\" class=\"wp-image-30557\" srcset=\"https:\/\/speyer24news.com\/wp-content\/uploads\/2020\/10\/SWS-Logo-1024x356.jpg 600w, https:\/\/speyer24news.com\/wp-content\/uploads\/2020\/10\/SWS-Logo-1024x356-300x105.jpg 300w\" sizes=\"(max-width: 600px) 100vw, 600px\" \/><\/figure><\/div>\n\n\n<h2 class=\"wp-block-heading\">F\u00fcr eine zukunftsgerechte Energieversorgung<\/h2>\n\n\n\n<h3 class=\"wp-block-heading\">Stadtwerke Speyer und Gemeinde Otterstadt unterzeichnen Klima-Kooperationsvertrag<\/h3>\n\n\n<div class=\"wp-block-image\">\n<figure class=\"aligncenter size-full\"><img decoding=\"async\" loading=\"lazy\" width=\"800\" height=\"600\" src=\"https:\/\/speyer24news.com\/wp-content\/uploads\/2024\/03\/20240314_114614.jpg\" alt=\"\" class=\"wp-image-59168\" srcset=\"https:\/\/speyer24news.com\/wp-content\/uploads\/2024\/03\/20240314_114614.jpg 800w, https:\/\/speyer24news.com\/wp-content\/uploads\/2024\/03\/20240314_114614-300x225.jpg 300w, https:\/\/speyer24news.com\/wp-content\/uploads\/2024\/03\/20240314_114614-768x576.jpg 768w, https:\/\/speyer24news.com\/wp-content\/uploads\/2024\/03\/20240314_114614-678x509.jpg 678w, https:\/\/speyer24news.com\/wp-content\/uploads\/2024\/03\/20240314_114614-326x245.jpg 326w, https:\/\/speyer24news.com\/wp-content\/uploads\/2024\/03\/20240314_114614-80x60.jpg 80w\" sizes=\"(max-width: 800px) 100vw, 800px\" \/><figcaption class=\"wp-element-caption\">Klima-Kooperation geschlossen: (von links) Oberb\u00fcrgermeisterin Stefanie Seiler (Speyer), SWS-Gesch\u00e4ftsf\u00fchrer Wolfgang B\u00fchring, B\u00fcrgermeister Bernd Zimmermann (Otterstadt), SWS-Teamleiter Mathias Reinhart, Erster Beigeordneter J\u00fcrgen Zimmer (Otterstadt)<br><em>Foto: SWS<\/em><\/figcaption><\/figure><\/div>\n\n\n<p>Die Zusammenarbeit der Stadtwerke Speyer (SWS) mit der Ortsgemeinde Otterstadt ist um einen Baustein erweitert worden: Am Donnerstag unterzeichneten Gesch\u00e4ftsf\u00fchrer Wolfgang B\u00fchring und B\u00fcrgermeister Bernd Zimmermann einen Kooperationsvertrag, der den Ausbau und die F\u00f6rderung erneuerbarer Energien zum Inhalt hat. Vor allem das Fl\u00e4chenpotenzial der Speyerer Nachbargemeinde spielt eine Rolle.<\/p>\n\n\n\n<p>An ein gro\u00dfes Zeichen der Loyalit\u00e4t, das das Miteinander zwischen SWS und Otterstadt in Bewegung brachte, bezeichnete Wolfgang B\u00fchring die \u00dcbernahme des E-Werks inklusive der Konzession zum Betrieb des Stromnetzes vor etlichen Jahren. Das vertrauensvolle Klima, das sich seither entwickelt habe, sei die Basis f\u00fcr weitere gro\u00dfe Projekte, betonte der Gesch\u00e4ftsf\u00fchrer. Zu denen z\u00e4hlt der beabsichtigte Ausbau der Windkraftanlagen. Allein f\u00fcr den Windpark an der B9 \u2013 mit m\u00f6glichem Umspannwerk und Wasserstoffgewinnung \u2013 wird mit 100 Mio. Euro kalkuliert.<\/p>\n\n\n\n<p>\u201eDas ist gelebte interkommunale Zusammenarbeit\u201c, stellte Oberb\u00fcrgermeisterin Stefanie Seiler, die die Unterzeichnung des Kooperationsvertrags begleitete, heraus. F\u00fcr sie sind die Herausforderungen der Zeit grunds\u00e4tzlich nur gemeinschaftlich umzusetzen. Gerade in den zur\u00fcckliegenden Jahren mit Energiekrise habe sich gezeigt, wie wichtig eine regionale Energieversorgung ist.<\/p>\n\n\n\n<p>\u201eDie Daseinsvorsorge ist wichtiger denn je\u201c, machte Stefanie Seiler deutlich. Als Oberb\u00fcrgermeisterin und auch als Aufsichtsratsvorsitzende der SWS f\u00fcgte sie an, dass die daf\u00fcr notwendige finanzielle Aufwendung keine Selbstverst\u00e4ndlichkeit sei. Abgesehen von dem Projekt in Otterstadt nannte Wolfgang B\u00fchring zwei weitere Windparks und das gro\u00dfe Anliegen Geothermie, die alsbald umgesetzt werden sollen &#8211; ein Einsatz im dreistelligen Millionenbereich.<\/p>\n\n\n\n<p>Die Wege f\u00fcr den Kooperationsvertrag ebnete der Otterstadter Beigeordnete J\u00fcrgen Zimmer, der sich bereits in der Vergangenheit f\u00fcr das Zusammenarbeiten mit Speyer aussprach. Im Dezember hatte der Gemeinderat dem Vorhaben zugestimmt. \u201eAnfangs waren es harte K\u00e4mpfe, die Leute mitzuziehen. Inzwischen hat sich schon oft bewiesen, wie gut wir zusammenarbeiten. Daher wollen wir schauen, wo wir gemeinsam weitere Felder erschlie\u00dfen k\u00f6nnen\u201c, sagte J\u00fcrgen Zimmer. Bernd Zimmermann wies auf das Vertrauen hin, das die SWS in Otterstadt genie\u00dfen und das ein wertvolles Pfund f\u00fcr k\u00fcnftige Aktivit\u00e4ten sei. \u201eDie Otterstadter sind gerne Ihre Botschafter\u201c, sicherte der B\u00fcrgermeister zu, auch anderenorts gerne zu einer Kooperation zu raten.<\/p>\n\n\n\n<p>Abgesehen vom reinen Bauaspekt sei der Naturschutz stets bei den Planungen ber\u00fccksichtigt, machte Wolfgang B\u00fchring deutlich. F\u00fcr ihn ebenfalls eine Pflichtaufgabe: \u201eWir m\u00fcssen die Menschen mitnehmen und aufzeigen, dass erneuerbare Energien verl\u00e4sslich sind.\u201c Damit einher gehe die Partizipation der Menschen. Beteiligungen, die Anteile an den Windparks erm\u00f6glichen \u2013 f\u00fcr die Region Hatzenb\u00fchl wurde das bereits praktiziert \u2013 seien daf\u00fcr geeignet. \u201eDie Wertsch\u00f6pfung\u201c, hob Wolfgang B\u00fchring hervor, \u201esoll am Ort bleiben.\u201c<\/p>\n\n\n\n<p>Abgesehen von der Windkraft wollen die SWS und Otterstadt auch in Sachen Sonnenenergie und Glasfaser gemeinsame Wege gehen. Auf der Grundlage des F\u00f6rderprogrammes \u201eKIPKI\u201c (Kommunales Investitionsprogramm Klimaschutz und Innovation) des Landes k\u00f6nnen auf der kommunalen Kindertagesst\u00e4tte und auf der Grundschule Photovoltaikanlagen entstehen, von deren Energieeinspeisung auch das Rathaus profitieren soll. Auch der Ausbau der \u00f6ffentlichen E-Ladeinfrastruktur ist im Kooperationsvertrag verankert.<\/p>\n\n\n\n<p><em>Stadtwerke Speyer GmbH<br>19.03.2024<\/em><\/p>\n\n\n\n<h1 class=\"wp-block-heading has-text-align-center\">Selfmade Energy eine Marke der TiRo CheckEnergy GmbH<\/h1>\n\n\n<div class=\"wp-block-image\">\n<figure class=\"aligncenter size-full\"><img decoding=\"async\" loading=\"lazy\" width=\"800\" height=\"456\" src=\"https:\/\/speyer24news.com\/wp-content\/uploads\/2023\/11\/Selfmade-Energy-Logo.jpg\" alt=\"\" class=\"wp-image-56389\" srcset=\"https:\/\/speyer24news.com\/wp-content\/uploads\/2023\/11\/Selfmade-Energy-Logo.jpg 800w, https:\/\/speyer24news.com\/wp-content\/uploads\/2023\/11\/Selfmade-Energy-Logo-300x171.jpg 300w, https:\/\/speyer24news.com\/wp-content\/uploads\/2023\/11\/Selfmade-Energy-Logo-768x438.jpg 768w\" sizes=\"(max-width: 800px) 100vw, 800px\" \/><\/figure><\/div>\n\n\n<h2 class=\"wp-block-heading\">Speyer im Selfmade Energy SolarAtlas Q4\/2023:&nbsp;86&nbsp;neu installierte Photovoltaikanlagen im vierten Quartal 2023<\/h2>\n\n\n<div class=\"wp-block-image\">\n<figure class=\"aligncenter size-full\"><img decoding=\"async\" loading=\"lazy\" width=\"800\" height=\"533\" src=\"https:\/\/speyer24news.com\/wp-content\/uploads\/2021\/07\/solar-power-862602-1920.jpg\" alt=\"\" class=\"wp-image-38531\" srcset=\"https:\/\/speyer24news.com\/wp-content\/uploads\/2021\/07\/solar-power-862602-1920.jpg 800w, https:\/\/speyer24news.com\/wp-content\/uploads\/2021\/07\/solar-power-862602-1920-300x200.jpg 300w, https:\/\/speyer24news.com\/wp-content\/uploads\/2021\/07\/solar-power-862602-1920-768x512.jpg 768w\" sizes=\"(max-width: 800px) 100vw, 800px\" \/><\/figure><\/div>\n\n\n<p>Im vierten Quartal 2023 wurden in Speyer insgesamt 86&nbsp;Solaranlagen neu installiert. Dies entspricht einem Zuwachs von&nbsp;6,5% im Vergleich zur letzten Datenerhebung im dritten Quartal 2023. Damit liegt das Wachstum in Speyer&nbsp;unter dem bundesweiten Durchschnitt von 7,0%. Die Gesamtzahl der in Speyer installierten Solaranlagen betr\u00e4gt aktuell 1.405 Anlagen \u2013 das entspricht ungef\u00e4hr einer Fl\u00e4che von 15 Fu\u00dfballfeldern.<\/p>\n\n\n\n<p>Die installierte Leistung in Speyer liegt damit bei insgesamt 24 Megawatt. Gemessen an der Anzahl der PV-Anlagen pro 1.000 Einwohner schafft Speyer es im Ranking der St\u00e4dte auf Platz 1.472 \u2013 gemessen an der insgesamt installierten Leistung auf Rang 536. Das geht aus den offiziellen Photovoltaik-Ausbauzahlen der Bundesnetzagentur f\u00fcr das vierte Quartal 2023 hervor, die das Vergleichsportal f\u00fcr Solaranlagen Selfmade Energy jetzt erneut f\u00fcr 2.050 St\u00e4dte ausgewertet hat.<\/p>\n\n\n\n<p>Solarexperte Dr. Tim Rosengart, Gesch\u00e4ftsf\u00fchrer des Vergleichsportals f\u00fcr Solaranlagen&nbsp;<a href=\"https:\/\/deref-web.de\/mail\/client\/Z8A5uknt5IM\/dereferrer\/?redirectUrl=https%3A%2F%2Ft23507521.emailsys2a.net%2Fc%2F231%2F7393774%2F1461%2F0%2F4251033%2F1%2F47838%2F2a5d70a039.html&amp;lm\" target=\"_blank\" rel=\"noreferrer noopener\">Selfmade Energy<\/a>, sch\u00e4tzt die Entwicklungen im vierten Quartal 2023 folgenderma\u00dfen ein:<\/p>\n\n\n\n<ul>\n<li><em>\u201cIm Jahr 2023 wurden so viele Photovoltaikanlagen in Deutschland installiert wie nie zuvor: Mehr als eine Million Systeme, davon mehr als 600.000 in der f\u00fcr private Dachanlagen typischen Leistungsklasse zwischen zwei und 15 Kilowatt. Dieser neue Rekord zeigt einmal mehr, dass viele Hauseigent\u00fcmer energetisch unabh\u00e4ngig werden und ihren eigenen Strom erzeugen wollen.\u201d<\/em><\/li>\n\n\n\n<li><em>\u201cObwohl im Jahr 2023 so viele Photovoltaikanlagen in Deutschland installiert wurden, wie nie zuvor, war die Nachfrage im vierten Quartal vergleichsweise schwach. Viele Hausbesitzer haben zuletzt mit der Anschaffung einer Solaranlage gewartet, weil sie sich in der zweiten Runde des KfW-Programms 442 \u201eSolarstrom f\u00fcr Elektroautos\u201c um die attraktive F\u00f6rderung bewerben wollten. Mit bis zu 10.200 Euro wurde dabei die Installation von privaten Dachanlagen, Batteriespeichern und Wallboxen gef\u00f6rdert. Die Mittel von 300 Millionen Euro waren in der ersten Runde im September nach nicht einmal einem Tag ausgesch\u00f6pft. Letzte Woche hat das Bundesministerium f\u00fcr Digitales und Verkehr (BDMV) f\u00fcr Klarheit gesorgt. Das&nbsp;<a href=\"https:\/\/deref-web.de\/mail\/client\/8DWndmCTptI\/dereferrer\/?redirectUrl=https%3A%2F%2Ft23507521.emailsys2a.net%2Fc%2F231%2F7393774%2F1461%2F0%2F4251033%2F1%2F47835%2F03205a7a3b.html&amp;lm\" target=\"_blank\" rel=\"noreferrer noopener\">KfW-Programm wird aufgrund der gro\u00dfen L\u00fccken im Bundeshaushalt definitiv nicht fortgesetzt<\/a>. Hausbesitzer, die nun leer ausgegangen sind, sollten das Beste aus der Situation machen und sich beeilen:&nbsp; Viele Solarfirmen sind aufgrund der ohnehin geringeren Nachfrage im Winter und der hinausgez\u00f6gerten Kaufentscheidung vieler Hausbesitzer aktuell nur schwach ausgelastet und gew\u00e4hren, im Vergleich zum letzten Fr\u00fchjahr, heftige Preisnachl\u00e4sse von bis zu 25 Prozent.\u201d<\/em><\/li>\n\n\n\n<li><em>\u201cDas Fr\u00fchjahr ist die beste Zeit, um sich mit der Anschaffung einer Solaranlage zu besch\u00e4ftigen: Solarfirmen sind aufgrund der geringeren Nachfrage im Winter oft nur schwach ausgelastet und haben mehr Zeit f\u00fcr eine ausf\u00fchrliche Beratung. Zudem beobachten wir, dass viele Anbieter am Ende des Winters h\u00e4ufiger Preisnachl\u00e4sse geben als in den Sommermonaten und bereits nach wenigen Wochen installieren k\u00f6nnen. Hausbesitzer, die jetzt eine PV-Anlage kaufen, k\u00f6nnen also bereits im Sommer den gr\u00f6\u00dften Teil ihres Strombedarfs selbst erzeugen und werden somit energetisch unabh\u00e4ngig.\u201d<\/em><\/li>\n<\/ul>\n\n\n\n<p>Sie haben Interesse an weiteren Zahlen zu Ihrer Stadt oder einer anderen Gemeinde? Im&nbsp;<a href=\"https:\/\/deref-web.de\/mail\/client\/pXYrcNNoqpI\/dereferrer\/?redirectUrl=https%3A%2F%2Ft23507521.emailsys2a.net%2Fc%2F231%2F7393774%2F1461%2F0%2F4251033%2F1%2F47833%2F665cbdcdf2.html&amp;lm\" target=\"_blank\" rel=\"noreferrer noopener\">Selfmade Energy SolarAtlas<\/a>&nbsp;finden Sie die offiziellen Photovoltaik-Ausbauzahlen aus dem Marktstammdatenregister der Bundesnetzagentur f\u00fcr alle 2.050 deutschen St\u00e4dte sowie f\u00fcr alle Bundesl\u00e4nder \u2013 f\u00fcr den Zeitraum von 2018 bis Dezember 2023, die Selfmade Energy zuletzt im Januar 2024&nbsp;erhoben und ausgewertet hat.&nbsp;<\/p>\n\n\n\n<p><em>Selfmade Energy, eine Marke der TiRo CheckEnergy GmbH<br>25.03.2024<\/em><\/p>\n\n\n\n<h1 class=\"wp-block-heading has-text-align-center\">Industriegewerkschaft Bauen-Agrar-Umwelt<br>Bezirksverband Rheinhessen-Vorderpfalz<\/h1>\n\n\n<div class=\"wp-block-image\">\n<figure class=\"aligncenter size-full\"><img decoding=\"async\" loading=\"lazy\" width=\"600\" height=\"242\" src=\"https:\/\/speyer24news.com\/wp-content\/uploads\/2020\/04\/IG-Bauen-Agragr-Umwelt-Logo.png\" alt=\"\" class=\"wp-image-26509\" srcset=\"https:\/\/speyer24news.com\/wp-content\/uploads\/2020\/04\/IG-Bauen-Agragr-Umwelt-Logo.png 600w, https:\/\/speyer24news.com\/wp-content\/uploads\/2020\/04\/IG-Bauen-Agragr-Umwelt-Logo-300x121.png 300w\" sizes=\"(max-width: 600px) 100vw, 600px\" \/><\/figure><\/div>\n\n\n<h2 class=\"wp-block-heading\">Dachdeckerhandwerk: F\u00fcnf Betriebe in Speyer gemeldet<\/h2>\n\n\n\n<h3 class=\"wp-block-heading\">Mindestens 15,60 Euro pro Gesellen-Stunde: Neues Lohn-Limit f\u00fcrs D\u00e4cher-Decken in Speyer<\/h3>\n\n\n<div class=\"wp-block-image\">\n<figure class=\"aligncenter size-full\"><img decoding=\"async\" loading=\"lazy\" width=\"800\" height=\"533\" src=\"https:\/\/speyer24news.com\/wp-content\/uploads\/2024\/03\/Arbeit-auf-dem-Dach.jpg\" alt=\"\" class=\"wp-image-59163\" srcset=\"https:\/\/speyer24news.com\/wp-content\/uploads\/2024\/03\/Arbeit-auf-dem-Dach.jpg 800w, https:\/\/speyer24news.com\/wp-content\/uploads\/2024\/03\/Arbeit-auf-dem-Dach-300x200.jpg 300w, https:\/\/speyer24news.com\/wp-content\/uploads\/2024\/03\/Arbeit-auf-dem-Dach-768x512.jpg 768w\" sizes=\"(max-width: 800px) 100vw, 800px\" \/><figcaption class=\"wp-element-caption\">Oben auf dem Dach wartet jede Menge Arbeit \u2013 und f\u00fcr die gibt es ein \u201eMindest-Lohn-Preisschild\u201c: 15,60 Euro pro Stunde \u2013 das ist das Minimum, was Gesellen auf dem Dach verdienen m\u00fcssen.<br><em>Foto: IG BAU | Tobias Seifert<\/em><\/figcaption><\/figure><\/div>\n\n\n<p><strong>Speyer &#8211; <\/strong>Ganz oben arbeiten \u2013 mit abgesichertem Lohn nach unten: Ab sofort gilt f\u00fcr Dachdecker in Speyer ein neuer Mindestlohn. Darauf hat die Industriegewerkschaft Bauen-Agrar-Umwelt (IG BAU) hingewiesen. \u201eKeiner, der als Geselle auf dem Dach arbeitet, darf mit weniger als 15,60&nbsp;Euro pro Stunde nach Hause gehen. Bei ungelernten Arbeitskr\u00e4ften sind es 13,90 Euro\u201c, so R\u00fcdiger Wunderlich.<\/p>\n\n\n\n<p>Der Bezirksvorsitzende der IG&nbsp;BAU Rheinhessen-Vorderpfalz wertet den neuen Branchen-Mindestlohn f\u00fcr das Dachdeckerhandwerk als wichtige \u201eLohn-Haltelinie\u201c auf dem Dach: \u201eWer als Dachdecker lediglich den Branchen-Mindestlohn verdient, hat damit ab M\u00e4rz auf einen Schlag rund 135&nbsp;Euro mehr auf dem Konto \u2013 Ungelernte rund 101 Euro. Der faire Lohn f\u00fcrs Dach sieht allerdings anders aus: Der Tariflohn liegt aktuell bei 21,12&nbsp;Euro pro Stunde\u201c, so Wunderlich.<\/p>\n\n\n\n<p>Die neue Lohnuntergrenze gelte f\u00fcr jeden Gesellen, der auf dem Dach arbeite. \u201eDer Mindestlohn ist allgemeinverbindlich\u201c, sagt R\u00fcdiger Wunderlich. Daf\u00fcr h\u00e4tten sich die IG&nbsp;BAU und der Zentralverband des Deutschen Dachdeckerhandwerks stark gemacht, um dem Lohndumping auf dem Dach einen Riegel vorzuschieben. Anfang n\u00e4chsten Jahres steige der Dach-Mindestlohn nochmals \u2013 dann auf glatte 16 Euro (14,35 Euro bei Nicht-Fachkr\u00e4ften) pro Stunde. Insgesamt gibt es in Speyer nach Angaben der Arbeitsagentur f\u00fcnf&nbsp;Dachdeckerbetriebe.<\/p>\n\n\n\n<h4 class=\"wp-block-heading\">Mehr Infos zum Lohn auf dem Bau gibt es bei der IG&nbsp;BAU Rheinhessen-Vorderpfalz: 06 21 \u2013 68 59 99 &#8211; 0 oder <a href=\"mailto:ludwigshafen@igbau.de\">ludwigshafen@igbau.de<\/a>.<\/h4>\n\n\n\n<p><em>Text: Industriegewerkschaft Bauen-Agrar-Umwelt, Bezirksverband Rheinhessen-Vorderpfalz Foto: IG BAU | Tobias Seifert<br>21.03.2024<\/em><\/p>\n\n\n\n<h1 class=\"wp-block-heading has-text-align-center\">AQON Water Solutions GmbH<\/h1>\n\n\n<div class=\"wp-block-image\">\n<figure class=\"aligncenter size-full\"><img decoding=\"async\" loading=\"lazy\" width=\"400\" height=\"287\" src=\"https:\/\/speyer24news.com\/wp-content\/uploads\/2024\/03\/Aqon-Clean-Water-Technology-Logo-Klein.png\" alt=\"\" class=\"wp-image-59164\" srcset=\"https:\/\/speyer24news.com\/wp-content\/uploads\/2024\/03\/Aqon-Clean-Water-Technology-Logo-Klein.png 400w, https:\/\/speyer24news.com\/wp-content\/uploads\/2024\/03\/Aqon-Clean-Water-Technology-Logo-Klein-300x215.png 300w\" sizes=\"(max-width: 400px) 100vw, 400px\" \/><\/figure><\/div>\n\n\n<h2 class=\"wp-block-heading\">Europas am schnellsten wachsendes Start-up im Bereich Wasseraufbereitung kommt aus S\u00fcdhessen<\/h2>\n\n\n\n<h3 class=\"wp-block-heading\">AQON PURE ist Europas am schnellsten wachsendes Start-up im Bereich Wasseraufbereitung. Das zeigt das j\u00e4hrliche Ranking &#8220; FT 1000: Europe&#8217;s Fastest Growing Companies (<a href=\"https:\/\/deref-web.de\/mail\/client\/swmEz1GzQQg\/dereferrer\/?redirectUrl=https%3A%2F%2Fwww.ft.com%2Fft1000-2024&amp;lm\" target=\"_blank\" rel=\"noreferrer noopener\">https:\/\/www.ft.com\/ft1000-2024<\/a>) &#8220; der Financial Times. Das Start-up belegt im Gesamtranking Platz 220 von 1000.<\/h3>\n\n\n\n<ul>\n<li><strong>Europa hat ein Problem: Hartes, kalkhaltiges Wasser.<\/strong><\/li>\n\n\n\n<li><strong>AQON PURE bietet eine L\u00f6sung, die Geb\u00e4ude und Umwelt sch\u00fctzt.<\/strong><\/li>\n\n\n\n<li><strong>Das Start-up finanziert sich aus eigenen Einnahmen und machte nach zwei Jahren bereits Millionenums\u00e4tz<\/strong>.<\/li>\n<\/ul>\n\n\n<div class=\"wp-block-image\">\n<figure class=\"aligncenter size-full\"><img decoding=\"async\" loading=\"lazy\" width=\"800\" height=\"600\" src=\"https:\/\/speyer24news.com\/wp-content\/uploads\/2024\/03\/AQON_PURE_Gruender.jpg\" alt=\"\" class=\"wp-image-59165\" srcset=\"https:\/\/speyer24news.com\/wp-content\/uploads\/2024\/03\/AQON_PURE_Gruender.jpg 800w, https:\/\/speyer24news.com\/wp-content\/uploads\/2024\/03\/AQON_PURE_Gruender-300x225.jpg 300w, https:\/\/speyer24news.com\/wp-content\/uploads\/2024\/03\/AQON_PURE_Gruender-768x576.jpg 768w, https:\/\/speyer24news.com\/wp-content\/uploads\/2024\/03\/AQON_PURE_Gruender-678x509.jpg 678w, https:\/\/speyer24news.com\/wp-content\/uploads\/2024\/03\/AQON_PURE_Gruender-326x245.jpg 326w, https:\/\/speyer24news.com\/wp-content\/uploads\/2024\/03\/AQON_PURE_Gruender-80x60.jpg 80w\" sizes=\"(max-width: 800px) 100vw, 800px\" \/><figcaption class=\"wp-element-caption\"><em>v.l.<\/em>: Gesch\u00e4ftsf\u00fchrer Maximilian Wilk und Konstantin Wilk<br><em>Foto: AQON Water Solutions GmbH, Florian Generotzky<\/em><\/figcaption><\/figure><\/div>\n\n\n<h4 class=\"wp-block-heading\">Umweltfreundliche Wasseraufbereitung &#8211; ohne Venture Capital<\/h4>\n\n\n\n<p>Allein in Deutschland sind etwa 40% der 19 Millionen Wohngeb\u00e4ude von hartem, kalkhaltigem Wasser betroffen, was zu Sch\u00e4den in der Trinkwasserinstallation und einem erh\u00f6hten Energieverbrauch f\u00fchrt. AQON PURE hat eine umweltfreundliche Kalkschutzanlage entwickelt, die Ablagerungen reduziert und die Energieeffizienz erh\u00e4lt.<\/p>\n\n\n\n<p>Daf\u00fcr geht AQON PURE einen au\u00dfergew\u00f6hnlichen Weg: Bootstrapping. Das Start-up achtet seit der Fr\u00fchphase auf Profitabilit\u00e4t und finanziert sich aus eigenen Einnahmen. Mit Erfolg: Bereits nach zwei Jahren konnte AQON PURE Ums\u00e4tze in Millionenh\u00f6he verzeichnen.<\/p>\n\n\n\n<h4 class=\"wp-block-heading\">Inspiriert von Arnold Schwarzenegger: Ehemaliger kalifornischer Gouverneur gratuliert<\/h4>\n\n\n\n<p>Die Gr\u00fcnder von AQON PURE, Maximilian und Konstantin Wilk, sind auf ein Gesetz (<a href=\"https:\/\/leginfo.legislature.ca.gov\/faces\/billNavClient.xhtml?bill_id=200920100AB1366\">https:\/\/leginfo.legislature.ca.gov\/faces\/billNavClient.xhtml?bill_id=200920100AB1366<\/a>) in Kalifornien aufmerksam geworden, das 2009 der damalige Gouverneur Arnold Schwarzenegger unterzeichnete (<a href=\"https:\/\/www.wwdmag.com\/home\/news\/10914525\/schwarzenegger-signs-ab-1366\">https:\/\/www.wwdmag.com\/home\/news\/10914525\/schwarzenegger-signs-ab-1366<\/a>) : Es ging um das Verbot von Wasserenth\u00e4rtungsanlagen mit Salz. Ziel  war es, Geb\u00e4ude mit nachhaltigeren Technologien gegen Kalk auszustatten.<\/p>\n\n\n\n<p>Angespornt von der Gesetzesinitiative starteten die Br\u00fcder 2018 AQON PURE in Deutschland. Jetzt hat auch Conyers Davis, Global Director des USC Schwarzenegger Institute der University Of Southern California in Los Angeles, von dem Start-up erfahren und gratuliert AQON PURE zur Auszeichnung: &#8222;We are proud that former Governor Schwarzenegger&#8217;s policies have led to more eco-friendly buildings all over the world.&#8220;<\/p>\n\n\n\n<h4 class=\"wp-block-heading\">\u00dcber AQON PURE<\/h4>\n\n\n\n<p>Als Spezialist f\u00fcr Wasseraufbereitung spricht sich AQON PURE gegen die Wasserenth\u00e4rtung mit umweltsch\u00e4dlichem Salz aus. Ihre Technologie erm\u00f6glicht es, hartn\u00e4ckige Kalkablagerungen zu reduzieren und gleichzeitig die Wasserqualit\u00e4t zu erhalten. Seit dem Marktstart 2018 wurde das Netzwerk aus Installationspartnern von 10 auf \u00fcber 400 in 2023 ausgebaut. Bis 2030 plant das Unternehmen, eine Million Geb\u00e4ude mit ihrer Kalkschutzanlage auszur\u00fcsten und zum neuen Standard jedes Eigenheims zu werden.<\/p>\n\n\n\n<p><em>Text: AQON Water Solutions GmbH Foto: AQON Water Solutions GmbH, Florian Generotzky<br>21.03.2024<\/em><\/p>\n\n\n\n<h1 class=\"wp-block-heading has-text-align-center\">Audiotainment S\u00fcdwest GmbH &amp; Co. KG<\/h1>\n\n\n<div class=\"wp-block-image\">\n<figure class=\"aligncenter size-full\"><img decoding=\"async\" loading=\"lazy\" width=\"800\" height=\"480\" src=\"https:\/\/speyer24news.com\/wp-content\/uploads\/2024\/03\/Audiotainment-Suedwestmedia-GmbH-Logo.jpg\" alt=\"\" class=\"wp-image-58243\" srcset=\"https:\/\/speyer24news.com\/wp-content\/uploads\/2024\/03\/Audiotainment-Suedwestmedia-GmbH-Logo.jpg 800w, https:\/\/speyer24news.com\/wp-content\/uploads\/2024\/03\/Audiotainment-Suedwestmedia-GmbH-Logo-300x180.jpg 300w, https:\/\/speyer24news.com\/wp-content\/uploads\/2024\/03\/Audiotainment-Suedwestmedia-GmbH-Logo-768x461.jpg 768w\" sizes=\"(max-width: 800px) 100vw, 800px\" \/><\/figure><\/div>\n\n\n<h2 class=\"wp-block-heading\">Audiotainment S\u00fcdwest erreicht 5,04 Millionen H\u00f6rer mit ihren Programmen im S\u00fcdwesten von Deutschland<\/h2>\n\n\n<div class=\"wp-block-image\">\n<figure class=\"aligncenter size-full\"><img decoding=\"async\" loading=\"lazy\" width=\"800\" height=\"353\" src=\"https:\/\/speyer24news.com\/wp-content\/uploads\/2024\/03\/ATSW-PM-AppsCollage.jpg\" alt=\"\" class=\"wp-image-59167\" srcset=\"https:\/\/speyer24news.com\/wp-content\/uploads\/2024\/03\/ATSW-PM-AppsCollage.jpg 800w, https:\/\/speyer24news.com\/wp-content\/uploads\/2024\/03\/ATSW-PM-AppsCollage-300x132.jpg 300w, https:\/\/speyer24news.com\/wp-content\/uploads\/2024\/03\/ATSW-PM-AppsCollage-768x339.jpg 768w\" sizes=\"(max-width: 800px) 100vw, 800px\" \/><figcaption class=\"wp-element-caption\">Audiotainment S\u00fcdwest erreicht 5,04 Millionen H\u00f6rer mit ihren Programmen im S\u00fcdwesten von Deutschland<br><em>Foto: Audiotainment S\u00fcdwest<\/em><\/figcaption><\/figure><\/div>\n\n\n<p><strong>Mannheim \/ Ludwigshafen &#8211; <\/strong>Mit den vier Radiosendern&nbsp;<strong>bigFM, RPR1., RADIO REGENBOGEN und REGENBOGEN 2<\/strong>&nbsp;\u00fcberschreitet die Audiotainment S\u00fcdwest in der heute ver\u00f6ffentlichten Media-Analyse ma 2024 Audio I erneut die 5-Millionen-Grenze: Insgesamt 5,04 Millionen H\u00f6rerinnen und H\u00f6rer schalten die Programme pro Tag* ein.<\/p>\n\n\n\n<p><em>\u201eStabilit\u00e4t ist die wichtigste neue Benchmark im Radio 2024. Wir erreichen mit unseren Programmen jeden Tag \u00fcber f\u00fcnf Millionen Menschen im S\u00fcdwesten. In Anbetracht des st\u00e4ndig wachsenden Konkurrenzumfeld im Audiobereich ist Halten f\u00fcr unsere Teams das neue Gewinnen. Vor allem feiern wir heute unseren kleinsten Spross die \u00b4Rockstars von Regenbogen 2\u00b4 f\u00fcr ihre Zuw\u00e4chse von 12 Prozent bei H\u00f6rer pro Tag\u201c, so Audiotainment S\u00fcdwest Programm-Gesch\u00e4ftsf\u00fchrerin Valerie Weber.&nbsp;<\/em><\/p>\n\n\n\n<p><strong>bigFM<\/strong>&nbsp;bleibt im nationalen Markt mit 2,1 Millionen H\u00f6rer pro Tag*&nbsp;<strong>st\u00e4rkste nationale Jugendmarke<\/strong>&nbsp;aus dem S\u00fcdwesten. Baut mit seinen neuen DAB-Sendegebieten in Deutschland in seinem Weitesten H\u00f6rerkreis auf 5,6 Mio. H\u00f6rer aus.&nbsp;Quelle: ma 2024 Audio I (Weitester H\u00f6rerkreis \/ Mo-Fr)<\/p>\n\n\n\n<p><strong>RPR1<\/strong>.&nbsp;stabilisiert seine private Marktf\u00fchrerschaft in Rheinland-Pfalz trotz leichter Verluste auf 1,2 Millionen H\u00f6rer pro Tag*. Der Sender legt in der werberelevanten Zielgruppe der 14-49-J\u00e4hrigen in der durchschnittlichen Stunde um knapp 5 Prozent zu.<\/p>\n\n\n\n<p><strong>RADIO REGENBOGEN<\/strong>&nbsp;ist erneut mit 1,3 Millionen H\u00f6rern pro Tag*&nbsp;<strong>meistgeh\u00f6rter privater Sender in Baden-W\u00fcrttemberg.&nbsp;<\/strong><\/p>\n\n\n\n<p><strong>REGENBOGEN 2<\/strong>&nbsp;steigert mit dem neuen Angebot \u00b480er, 90er Rock` seine H\u00f6rerzahlen auf&nbsp;366.000 H\u00f6rer pro Tag* und ist damit einer der&nbsp;<strong>erfolgreichsten Lokalsender in Baden-W\u00fcrttemberg.&nbsp;<\/strong><\/p>\n\n\n\n<p><em>\u201eWir haben heute unsere Zeugnisse bekommen und bedanken uns bei allen H\u00f6rerinnen und H\u00f6rern im S\u00fcdwesten, die unsere Programme einschalten. Dieser Dank geb\u00fchrt auch dem gesamten Team das mit gro\u00dfem Engagement und viel Kreativit\u00e4t und nicht enden wollenden Ideen, die W\u00fcnsche unserer H\u00f6rer:innen in das t\u00e4gliche Programm einflie\u00dfen l\u00e4sst\u201c,&nbsp;so Kai Fischer, Vorsitzender der Gesch\u00e4ftsf\u00fchrung der Audiotainment S\u00fcdwest.<\/em>&nbsp;&nbsp;<\/p>\n\n\n\n<p>*Quelle: ma 2024 Audio I (H\u00f6rer pro Tag\/ Mo-Fr)<\/p>\n\n\n\n<p>Die Audiotainment S\u00fcdwest GmbH &amp; Co.&nbsp;KG verantwortet Produktion und strategische Entwicklung der Radioprogramme bigFM, RPR1., RADIO REGENBOGEN und REGENBOGEN 2. Mit insgesamt 5,041 Millionen H\u00f6rer pro Tag (ma 2024 Audio I) und 11,989 Millionen Online Audio Sessions pro Monat (ma 2024 IP Audio I) erreicht die Audiotainment S\u00fcdwest Media H\u00f6rerinnen und H\u00f6rer in Baden-W\u00fcrttemberg, in Rheinland-Pfalz, im Saarland, in Nordrhein-Westfalen, in weiten Teilen von Hessen, in Niedersachsen, in Hamburg, in Bremen sowie in Berlin und Brandenburg.<\/p>\n\n\n\n<p><em>Audiotainment S\u00fcdwest GmbH &amp; Co. KG<br>20.03.2024<\/em><\/p>\n\n\n\n<h1 class=\"wp-block-heading has-text-align-center\">Q6Q7 Mannheim, das Quartier<\/h1>\n\n\n\n<h2 class=\"wp-block-heading has-text-align-center\">CRM &#8211; CENTER &amp; RETAIL MANAGEMENT GMBH<\/h2>\n\n\n<div class=\"wp-block-image\">\n<figure class=\"aligncenter size-full\"><img decoding=\"async\" loading=\"lazy\" width=\"800\" height=\"462\" src=\"https:\/\/speyer24news.com\/wp-content\/uploads\/2024\/03\/Q6Q7-Das-Quartier-Mannheim-Logo.jpg\" alt=\"\" class=\"wp-image-58241\" srcset=\"https:\/\/speyer24news.com\/wp-content\/uploads\/2024\/03\/Q6Q7-Das-Quartier-Mannheim-Logo.jpg 800w, https:\/\/speyer24news.com\/wp-content\/uploads\/2024\/03\/Q6Q7-Das-Quartier-Mannheim-Logo-300x173.jpg 300w, https:\/\/speyer24news.com\/wp-content\/uploads\/2024\/03\/Q6Q7-Das-Quartier-Mannheim-Logo-768x444.jpg 768w\" sizes=\"(max-width: 800px) 100vw, 800px\" \/><\/figure><\/div>\n\n\n<h2 class=\"wp-block-heading\">Osterfreuden in Q 6 Q 7: Bastelspa\u00df und spannende Eiersuche<\/h2>\n\n\n\n<ul>\n<li><strong>Am Samstag [30.03.2024]: Bastel-Aktion und Besuch vom Osterhasen<\/strong><\/li>\n\n\n\n<li><strong>Wer hat die Eier geklaut? Spannende Ostereiersuche bis Samstag [06.04.2024]<\/strong><\/li>\n\n\n\n<li><strong>Q 6 Q 7-Chef Hoffmann: \u201eWir bringen zu Ostern die Fantasie zum Bl\u00fchen\u201c<\/strong><\/li>\n<\/ul>\n\n\n\n<h4 class=\"wp-block-heading\">Ostern in Q 6 Q 7: Am Samstag [30.03.2024] verwandelt sich das Quartier in eine lebendige B\u00fchne f\u00fcr Kreativit\u00e4t und Spa\u00df, die Gro\u00df und Klein begeistert \u2013 ein kleines aber feines Osterfest, das niemand verpassen sollte! Q 6 Q 7-Chef Hendrik Hoffman und sein Team laden alle Freund:innen des Quartiers und die, die es noch werden wollen aus Mannheim und der Metropolregion Rhein-Neckar zu Osteraktionen ein, die Kreativit\u00e4t fordern und Spa\u00df versprechen.<\/h4>\n\n\n<div class=\"wp-block-image\">\n<figure class=\"aligncenter size-full\"><img decoding=\"async\" loading=\"lazy\" width=\"800\" height=\"551\" src=\"https:\/\/speyer24news.com\/wp-content\/uploads\/2024\/03\/Q6Q7-Ostern-2024.jpg\" alt=\"\" class=\"wp-image-59158\" srcset=\"https:\/\/speyer24news.com\/wp-content\/uploads\/2024\/03\/Q6Q7-Ostern-2024.jpg 800w, https:\/\/speyer24news.com\/wp-content\/uploads\/2024\/03\/Q6Q7-Ostern-2024-300x207.jpg 300w, https:\/\/speyer24news.com\/wp-content\/uploads\/2024\/03\/Q6Q7-Ostern-2024-768x529.jpg 768w\" sizes=\"(max-width: 800px) 100vw, 800px\" \/><\/figure><\/div>\n\n\n<p><strong>Mannheim &#8211;<\/strong> Am Samstag [30.03.2024] von 13 bis 17 Uhr wird Q 6 Q 7 zu einer Bastelwerkstatt der besonderen Art. Unter dem Motto \u201eKreative Hasen aufgepasst\u201c sind Bastel- und Gartenfans eingeladen, Eierkartons in Mini-Kr\u00e4uterbeete zu verwandeln. Gestaltet kleine gr\u00fcne Oasen, die Euer Zuhause mit Leben f\u00fcllen und nutzt diese wunderbare Gelegenheit, der Kreativit\u00e4t freien Lauf zu lassen und gleichzeitig etwas Nachhaltiges zu schaffen. Alle Materialien werden gestellt.<\/p>\n\n\n\n<p>Als besonderes Highlight wird der Osterhase h\u00f6chstpers\u00f6nlich das Quartier besuchen und S\u00fc\u00dfigkeiten an alle G\u00e4ste verteilen. Eine s\u00fc\u00dfe \u00dcberraschung, die sicherlich besonders die Herzen der kleinen G\u00e4ste h\u00f6herschlagen l\u00e4sst.<\/p>\n\n\n\n<p>Aber auch ein gemeiner Ostereier-Dieb treibt sein Unwesen in Q 6 Q 7! Er hat die bunten Eier aus dem Oster-Nest gestohlen und im gesamten Quartier versteckt. Eine Woche lang, von Samstag, 30. M\u00e4rz bis Samstag, 6. April 2024, sind alle Hobby-Detektive aufgerufen, Teil der Q 6 Q 7-Ostereiersuche zu werden. Wer hilft, die verlorenen Eier zu finden, kann zudem noch mit etwas Gl\u00fcck einen von drei fantastischen Hauptpreisen gewinnen.<\/p>\n\n\n\n<p>Hendrik Hoffmann, Gesch\u00e4ftsf\u00fchrer der CRM \u2013 Center &amp; Retail Management GmbH, die Q 6 Q 7 betreibt: \u201eMit dem Fr\u00fchlingserwachen bringen wir in Q 6 Q 7 die Fantasie zum Bl\u00fchen. Es ist diese einzigartige Kombination aus Kreativit\u00e4t, Gemeinschaftssinn und der Freude am Entdecken, die die Osterzeit in Q 6 Q 7 so besonders macht.\u201c<\/p>\n\n\n\n<p>Das Quartier Q 6 Q 7 im Herzen Mannheims bietet eine Vielfalt an Shoppingm\u00f6glichkeiten, kulinarischen Gen\u00fcssen und Events f\u00fcr jede Altersgruppe. Mit seinem einzigartigen Angebots-Mix ist es ein beliebter Treffpunkt f\u00fcr Mannheimer:innen und Besucher der Stadt. <\/p>\n\n\n\n<h4 class=\"wp-block-heading\">Mehr Infos unter <a href=\"http:\/\/www.Q6Q7.de\" title=\"\">Q6Q7.de<\/a> oder auf <a href=\"https:\/\/www.facebook.com\/Q6Q7.Mannheim\" title=\"\">Social Media<\/a>.<\/h4>\n\n\n\n<p><em>Q6Q7 Mannheim, CRM &#8211; CENTER &amp; RETAIL MANAGEMENT GMBH<br>28.03.2024<\/em><\/p>\n\n\n\n<h1 class=\"wp-block-heading has-text-align-center\">Zurich Gruppe Deutschland<\/h1>\n\n\n<div class=\"wp-block-image\">\n<figure class=\"aligncenter size-full\"><img decoding=\"async\" loading=\"lazy\" width=\"600\" height=\"230\" src=\"https:\/\/speyer24news.com\/wp-content\/uploads\/2021\/06\/Zurich-Logo.jpg\" alt=\"\" class=\"wp-image-37815\" srcset=\"https:\/\/speyer24news.com\/wp-content\/uploads\/2021\/06\/Zurich-Logo.jpg 600w, https:\/\/speyer24news.com\/wp-content\/uploads\/2021\/06\/Zurich-Logo-300x115.jpg 300w\" sizes=\"(max-width: 600px) 100vw, 600px\" \/><\/figure><\/div>\n\n\n<h2 class=\"wp-block-heading\">5 Fakten \u00fcber Zecken, die Sie noch nicht wussten<\/h2>\n\n\n\n<h3 class=\"wp-block-heading\">Zecken schon zum Fr\u00fchlingsanfang? Aber hallo. Es ist l\u00e4ngst Zeit, sich wieder mit den l\u00e4stigen Krabblern zu besch\u00e4ftigen. Die Zurich Versicherung r\u00e4umt mit vermeintlichen Zecken-Weisheiten auf und gibt Tipps zum richtigen Umgang mit den Tieren.<\/h3>\n\n\n<div class=\"wp-block-image\">\n<figure class=\"aligncenter size-full\"><img decoding=\"async\" loading=\"lazy\" width=\"800\" height=\"592\" src=\"https:\/\/speyer24news.com\/wp-content\/uploads\/2023\/02\/Achtung.jpeg\" alt=\"\" class=\"wp-image-51381\" srcset=\"https:\/\/speyer24news.com\/wp-content\/uploads\/2023\/02\/Achtung.jpeg 800w, https:\/\/speyer24news.com\/wp-content\/uploads\/2023\/02\/Achtung-300x222.jpeg 300w, https:\/\/speyer24news.com\/wp-content\/uploads\/2023\/02\/Achtung-768x568.jpeg 768w, https:\/\/speyer24news.com\/wp-content\/uploads\/2023\/02\/Achtung-80x60.jpeg 80w\" sizes=\"(max-width: 800px) 100vw, 800px\" \/><\/figure><\/div>\n\n\n<p><strong>K\u00f6ln \u2013 <\/strong>Zecken schon zum Fr\u00fchlingsanfang? Aber hallo. Es ist l\u00e4ngst Zeit, sich wieder mit den l\u00e4stigen Krabblern zu besch\u00e4ftigen. Die Zurich Versicherung r\u00e4umt mit vermeintlichen Zecken-Weisheiten auf und gibt Tipps zum richtigen Umgang mit den Tieren.&nbsp;<\/p>\n\n\n\n<h4 class=\"wp-block-heading\">Zecken sind auch schon bei K\u00e4lte aktiv<\/h4>\n\n\n\n<p>Sommerzeit ist Zeckenzeit? Von wegen: Bereits ab 7 Grad Celsius sind die Spinnentiere aktiv. Das bedeutet, dass es auch jetzt an warmen Winter- und Fr\u00fchlingstagen schon zecken-gef\u00e4hrlich werden kann. Durch den milden Winter haben viele der Tiere \u00fcberlebt und sind hungrig!<\/p>\n\n\n\n<h4 class=\"wp-block-heading\">Ganz Deutschland ist Zeckengebiet<\/h4>\n\n\n\n<p>Nicht nur im s\u00fcddeutschen Raum gibt es Zecken, die die Erreger f\u00fcr gef\u00e4hrliche Krankheiten wie Fr\u00fchsommer-Meningoenzephalitis (FSME) oder Borreliose in sich tragen. Der Schwerpunkt liegt zwar weiterhin in Bayern und Baden-W\u00fcrttemberg, aber inzwischen treten in ganz Deutschland F\u00e4lle auf. Zecken sind vor allem in hohen Gr\u00e4sern und im Unterholz zu finden.&nbsp;<\/p>\n\n\n\n<h4 class=\"wp-block-heading\">Zecken sind ausdauernd, um zum Biss zu kommen<\/h4>\n\n\n\n<p>Auch, wer Kniestr\u00fcmpfe und lange Hosen tr\u00e4gt, ist vor Zecken nicht sicher. Die Biester krabbeln zum Teil sehr lange auf dem K\u00f6rper umher, bis sie eine geeignete Stelle zum Bei\u00dfen gefunden haben. Nach Ausfl\u00fcgen in die Natur gilt daher immer: Gr\u00fcndlich absuchen. Auch Haustiere, vor allem Hunde und Katzen, fungieren oft als \u201eZecken-Taxi\u201c. Sie sollten daher regelm\u00e4\u00dfig auf Zecken kontrolliert und mit einem Zeckenschutzmittel behandelt werden.&nbsp;<\/p>\n\n\n\n<h4 class=\"wp-block-heading\">Zecken nur mit Pinzette oder Zeckenzange entfernen<\/h4>\n\n\n\n<p>\u00d6l, Klebstoff, Nagellack oder Benzin haben beim Entfernen von Zecken nichts zu suchen! Die Zecke wird dadurch zwar erstickt, gibt aber im Todeskampf vermehrt gef\u00e4hrliche Viren ins Blut ab. Daher bitte nur mit Pinzette oder Zeckenzange arbeiten. Und vor allem: Ruhe bewahren! Wenn Zecken zu abrupt von der Haut entfernt werden, k\u00f6nnen Teile ihres K\u00f6rpers abrei\u00dfen und zu Infektionen f\u00fchren. Im Zweifelsfall lieber zum Hausarzt gehen.&nbsp;<\/p>\n\n\n\n<h4 class=\"wp-block-heading\">Zeckenbisse gelten als Unfall<\/h4>\n\n\n\n<p>Nach einem Zeckenbiss sollte die Einstichstelle gut beobachtet werden. Wer eine R\u00f6tung rund um die Stelle feststellt oder nach einem Zeckenbiss erste Krankheitssymptome wie Fieber oder Kopfschmerzen bemerkt, sollte umgehend einen Arzt aufsuchen. Dieser kann feststellen, ob eventuell FSME oder Borreliose vorliegt. \u201eKommt es durch diese Krankheiten zu Langzeitsch\u00e4den L\u00e4hmungen, Gelenkschmerzen und Herzsch\u00e4den, ist das ein Fall f\u00fcr die Unfallversicherung,\u201c erkl\u00e4rt Gabriel Gallinger von der Zurich Gruppe Deutschland. \u201eAllerdings haben nicht alle Anbieter Zeckenbissinfektionen mit eingeschlossen \u2013 hier hilft ein Blick in die Versicherungsbedingungen oder ein Gespr\u00e4ch mit seinem Vermittler oder Makler.\u201c<\/p>\n\n\n\n<p><em>Zurich Gruppe Deutschland<br>21.03.2024<\/em><\/p>\n\n\n\n<h1 class=\"wp-block-heading has-text-align-center\">Cool Ants Germany GmbH<\/h1>\n\n\n<div class=\"wp-block-image\">\n<figure class=\"aligncenter size-full\"><img decoding=\"async\" loading=\"lazy\" width=\"800\" height=\"578\" src=\"https:\/\/speyer24news.com\/wp-content\/uploads\/2024\/03\/Coolants-Germany-GmbH.png\" alt=\"\" class=\"wp-image-59159\" srcset=\"https:\/\/speyer24news.com\/wp-content\/uploads\/2024\/03\/Coolants-Germany-GmbH.png 800w, https:\/\/speyer24news.com\/wp-content\/uploads\/2024\/03\/Coolants-Germany-GmbH-300x217.png 300w, https:\/\/speyer24news.com\/wp-content\/uploads\/2024\/03\/Coolants-Germany-GmbH-768x555.png 768w\" sizes=\"(max-width: 800px) 100vw, 800px\" \/><\/figure><\/div>\n\n\n<h2 class=\"wp-block-heading\">Einfach&nbsp;und kosteng\u00fcnstig: Mit Klimafarbe den Energieverbrauch in Wohnr\u00e4umen um 25 % senken<\/h2>\n\n\n\n<h3 class=\"wp-block-heading\">Wohltemperierte R\u00e4ume bei deutlich geringeren Heizkosten<\/h3>\n\n\n<div class=\"wp-block-image\">\n<figure class=\"aligncenter size-full\"><img decoding=\"async\" loading=\"lazy\" width=\"800\" height=\"600\" src=\"https:\/\/speyer24news.com\/wp-content\/uploads\/2024\/03\/Kuueche-Ehlers-1.jpeg\" alt=\"\" class=\"wp-image-59160\" srcset=\"https:\/\/speyer24news.com\/wp-content\/uploads\/2024\/03\/Kuueche-Ehlers-1.jpeg 800w, https:\/\/speyer24news.com\/wp-content\/uploads\/2024\/03\/Kuueche-Ehlers-1-300x225.jpeg 300w, https:\/\/speyer24news.com\/wp-content\/uploads\/2024\/03\/Kuueche-Ehlers-1-768x576.jpeg 768w, https:\/\/speyer24news.com\/wp-content\/uploads\/2024\/03\/Kuueche-Ehlers-1-678x509.jpeg 678w, https:\/\/speyer24news.com\/wp-content\/uploads\/2024\/03\/Kuueche-Ehlers-1-326x245.jpeg 326w, https:\/\/speyer24news.com\/wp-content\/uploads\/2024\/03\/Kuueche-Ehlers-1-80x60.jpeg 80w\" sizes=\"(max-width: 800px) 100vw, 800px\" \/><figcaption class=\"wp-element-caption\">Durch den Anstrich ihrer Wohnk\u00fcche mit Klimafarbe reduzierte eine Mieterin den Verbrauch ihrer Gas-Heizung um \u00fcber 25 %.<br><em>Foto: privat<\/em><\/figcaption><\/figure><\/div>\n\n\n<p>Energie und Strom sparen wollen viele. Doch was k\u00f6nnen Menschen tun, f\u00fcr die eine Fassadend\u00e4mmung nicht m\u00f6glich ist? Oder die zur Miete wohnen? Allein durch den Innenanstrich mit der Klimafarbe ClimateCoating konnte die Bewohnerin einer unsanierten Berliner Altbauwohnung ihren Gasverbrauch um ein Viertel reduzieren.<\/p>\n\n\n\n<p>\u201eSchon immer war es in meiner unsanierten Altbauwohnung trotz dicker Socken unangenehm kalt aufgrund angrenzender Brandschutzwand, Treppenhaus und dar\u00fcberliegender Dachterrasse. Im Sommer dagegen wurde es schnell viel zu warm. Dann habe ich meine Wohnk\u00fcche mit Klimafarbe gestrichen\u201c, berichtet Christine Ehlers. Das Ergebnis konnte sich sehen lassen: Der Vergleich zum Vorjahr zeigte eine Gas-Verbrauchsreduktion von \u00fcber 25 %.<\/p>\n\n\n\n<h4 class=\"wp-block-heading\">Energieeinsparung und Heizkostenr\u00fcckzahlung<\/h4>\n\n\n\n<p>Als nun die Heizkostenabrechnung kam, erhielt sie eine R\u00fcckzahlung von mehreren hundert Euro \u2013 trotz der generell massiv gestiegenen Energiekosten. Im Sommer wiederum erwies sich die Wohnk\u00fcche pl\u00f6tzlich als k\u00fchlster Raum der Wohnung. Home-Office-Tage wurden nicht mehr notgedrungen im Schlafzimmer verbracht, sondern im optimalen Klima der Wohnk\u00fcche.<\/p>\n\n\n\n<p>\u00c4hnliches wei\u00df Familie Wasniewski zu erz\u00e4hlen: Als im Winter 2022\/23 die Energieversorgung Deutschlands unsicher war, beschloss sie harte Sparma\u00dfnahmen f\u00fcr die eigenen vier W\u00e4nde: Nur ein relativ kleiner Raum wurde als Ersatz-Wohnzimmer genutzt und ordentlich geheizt. Alle \u00fcbrigen R\u00e4ume des Fertighauses aus den 80er-Jahren dienten lediglich als ungeheizte Schlaf- oder Nutzr\u00e4ume. Der Preis f\u00fcrs Bibbern: Der Bedarf an warmer Kleidung war entsprechend hoch und der gr\u00f6\u00dfte Teil der Wohnung blieb \u00fcberwiegend ungenutzt. Allerdings sparten die Wasniewskis durch den konsequenten Verzicht auf Wohlf\u00fchl-W\u00e4rme und Wohnkomfort 40 % Heizenergie ein.<\/p>\n\n\n\n<h4 class=\"wp-block-heading\">Statt Winter des Verzichts: Das Wohlgef\u00fchl ist zur\u00fcck<\/h4>\n\n\n\n<p>Dass dies auch angenehmer geht, zeigt sich nach dem ClimateCoating-Innenanstrich: Die Familie erreichte in diesem Winter ein vergleichbares Sparziel bei Thermostat-Einstellungen von 18 bis 19\u00b0C in allen Zimmern. Das Wohlgef\u00fchl in allen R\u00e4umen ist zur\u00fcck und der Energieverbrauch sehr vergleichbar mit dem Verbrauch im Winter des Verzichts zuvor.<\/p>\n\n\n\n<p>\u201eEnergiesparen mit reinen Innenma\u00dfnahmen ist m\u00f6glich, egal ob in Wohnung, Haus oder Gewerbebau. Und das ganz einfach sowie kosteng\u00fcnstig. Man muss lediglich streichen und kann dann die Heizung drosseln und sich wohlf\u00fchlen\u201c, erkl\u00e4rt Freia Torge, Gesch\u00e4ftsf\u00fchrerin der Cool Ants Germany GmbH, einer Berliner Firma spezialisiert auf niederschwellige Klimaprodukte zum Schutz gegen Hitze und K\u00e4lte. \u201eWichtig dabei ist zu verstehen, dass die Wirkung der Farbe im Wesentlichen \u00fcber Reflexionsmechanismen entsteht. Die Wirkung ist also eine ganz andere als die einer D\u00e4mmung gegen W\u00e4rmeleitung. Man kann sich das in etwa so vorstellen wie in einer Thermoskanne: Die Isolierschicht und die Reflexionsschicht gemeinsam ergeben den maximalen Schutz gegen W\u00e4rmeverlust \u2013 genau wie eine gut d\u00e4mmende Geb\u00e4udeh\u00fclle gemeinsam mit einer hochreflektierenden ClimateCoating Beschichtung\u201c, f\u00fchrt sie weiter aus.<\/p>\n\n\n\n<h4 class=\"wp-block-heading\">Keine Chance mehr f\u00fcr Schimmel<\/h4>\n\n\n\n<p>Ganz andere Probleme hatte im Winter 2022 pl\u00f6tzlich eine junge Familie in Jena, die ebenfalls aufgrund der hohen Energiekosten in der ganzen Wohnung die Heizung massiv gedrosselt hatte. Nach wenigen Wochen bildeten sich hinter T\u00fcren, M\u00f6beln und unter den Fensterbrettern \u00fcberall Schimmel. F\u00fcr die schnelle Abhilfe zumindest im Kinderzimmer wurde der Schimmel fachgerecht entfernt und der Raum mit einer ClimateCoating-Beschichtung gestrichen. Der Unterschied war sofort sp\u00fcrbar und nachhaltig: W\u00e4hrend sich das Raumklima im Kinderzimmer seit dem Anstrich angenehm und wohlig anf\u00fchlte und Schimmel langfristig kein Thema mehr war, versch\u00e4rfte sich das Problem in den \u00fcbrigen R\u00e4umen bis zu deren ClimateCoating-Anstrich immer weiter.<\/p>\n\n\n\n<p>\u201eDas Wohlgef\u00fchl in den eigenen vier W\u00e4nden ist so wichtig und ganz ohne Technik oder gro\u00dfe bauliche Ma\u00dfnahmen auch von innen m\u00f6glich. Jeder Mieter kann das eigenst\u00e4ndig umsetzen\u201c, meint Freia Torge. Aber nicht nur Mieter erzielen mit dem Klimaanstrich gute Ergebnisse. ClimateCoating bietet auch f\u00fcr Hausbesitzer, Vermieter und gewerbliche Mieter gro\u00dfe Einsparpotenziale bei den Energiekosten bei vergleichsweise sehr geringen Investitionen.<\/p>\n\n\n\n<h4 class=\"wp-block-heading\"><em>Mehr zu den Eigenschaften und Einsatzbereichen der Produkte:&nbsp;<a href=\"https:\/\/deref-web.de\/mail\/client\/8youwCmhKtI\/dereferrer\/?redirectUrl=https%3A%2F%2Fwww.coolants-germany.de%2Fprodukte&amp;lm\" target=\"_blank\" rel=\"noreferrer noopener\">https:\/\/www.coolants-germany.de\/produkte.<\/a><\/em><\/h4>\n\n\n\n<p><em>Cool Ants Germany GmbH<br>25.03.2024<\/em><\/p>\n\n\n\n<h1 class=\"wp-block-heading has-text-align-center\">MAPA GmbH<\/h1>\n\n\n<div class=\"wp-block-image\">\n<figure class=\"aligncenter size-full\"><img decoding=\"async\" loading=\"lazy\" width=\"800\" height=\"452\" src=\"https:\/\/speyer24news.com\/wp-content\/uploads\/2024\/03\/MAPA-Newell-Logo.jpg\" alt=\"\" class=\"wp-image-59169\" srcset=\"https:\/\/speyer24news.com\/wp-content\/uploads\/2024\/03\/MAPA-Newell-Logo.jpg 800w, https:\/\/speyer24news.com\/wp-content\/uploads\/2024\/03\/MAPA-Newell-Logo-300x170.jpg 300w, https:\/\/speyer24news.com\/wp-content\/uploads\/2024\/03\/MAPA-Newell-Logo-768x434.jpg 768w\" sizes=\"(max-width: 800px) 100vw, 800px\" \/><\/figure><\/div>\n\n\n<h2 class=\"wp-block-heading\">BILLY BOY mit Produktneuerungen und frischem Packaging Design<\/h2>\n\n\n\n<h3 class=\"wp-block-heading\">Sortimentsgestaltung und Verpackungsdesign erhalten ein Makeover<\/h3>\n\n\n<div class=\"wp-block-image\">\n<figure class=\"aligncenter size-large\"><img decoding=\"async\" loading=\"lazy\" width=\"1024\" height=\"576\" src=\"https:\/\/speyer24news.com\/wp-content\/uploads\/2024\/03\/BILLY-BOY-Packaging-1024x576.png\" alt=\"\" class=\"wp-image-59170\" srcset=\"https:\/\/speyer24news.com\/wp-content\/uploads\/2024\/03\/BILLY-BOY-Packaging-1024x576.png 1024w, https:\/\/speyer24news.com\/wp-content\/uploads\/2024\/03\/BILLY-BOY-Packaging-300x169.png 300w, https:\/\/speyer24news.com\/wp-content\/uploads\/2024\/03\/BILLY-BOY-Packaging-768x432.png 768w, https:\/\/speyer24news.com\/wp-content\/uploads\/2024\/03\/BILLY-BOY-Packaging-678x381.png 678w, https:\/\/speyer24news.com\/wp-content\/uploads\/2024\/03\/BILLY-BOY-Packaging.png 1200w\" sizes=\"(max-width: 1024px) 100vw, 1024px\" \/><\/figure><\/div>\n\n\n<p><strong>Zeven<\/strong> <strong>&#8211; <\/strong>Nach dem Relaunch der Marke BILLY BOY im vergangenen Jahr spiegelt sich die strategische Neuausrichtung nun auch im Verpackungsdesign und einer Sortiments\u00fcberarbeitung wider. Das Design wurde evolution\u00e4r weiterentwickelt und erh\u00e4lt einen wiedererkennbaren und hochwertigen klaren Look, der eine einfache Sortendifferenzierung erm\u00f6glicht. Die Etablierung eines leicht verst\u00e4ndlichen Gr\u00f6\u00dfenkonzepts auf den Verpackungen und in der Kommunikation erleichtert die richtige Wahl. Die ab sofort zu 100 Prozent veganen Latexkondome sind zudem mit einem leichten, angenehmen Duft versehen. Denn nach der Sicherheit sind Gr\u00f6\u00dfe und Tragekomfort f\u00fcr 79% der Kondomnutzer*innen<a href=\"https:\/\/3c.web.de\/mail\/client\/mailbody\/tmai1710768811062085222\/true;jsessionid=AE0CB44541BC859752B1C681F0C4B0F2-n3.bs33b#_ftn1\">[1]<\/a>&nbsp;kaufentscheidend.<\/p>\n\n\n<div class=\"wp-block-image\">\n<figure class=\"aligncenter size-full\"><img decoding=\"async\" loading=\"lazy\" width=\"500\" height=\"625\" src=\"https:\/\/speyer24news.com\/wp-content\/uploads\/2024\/03\/BILLY-BOY-Groessen-Konzept.jpg\" alt=\"\" class=\"wp-image-59171\" srcset=\"https:\/\/speyer24news.com\/wp-content\/uploads\/2024\/03\/BILLY-BOY-Groessen-Konzept.jpg 500w, https:\/\/speyer24news.com\/wp-content\/uploads\/2024\/03\/BILLY-BOY-Groessen-Konzept-240x300.jpg 240w\" sizes=\"(max-width: 500px) 100vw, 500px\" \/><\/figure><\/div>\n\n\n<h4 class=\"wp-block-heading\">Generation Z und ihre Bed\u00fcrfnisse im Fokus<\/h4>\n\n\n\n<p>Die Entwicklung erfolgte in enger Anlehnung an die W\u00fcnsche und Bed\u00fcrfnisse der Kernzielgruppe Generation Z. Umfangreiche Markttests best\u00e4tigen die Akzeptanz in der Zielgruppe. \u201eWir haben uns von Anfang an darauf konzentriert, unsere Kunden und die Zielgruppe in den Entwicklungsprozess einzubinden. Wir nehmen unseren Claim \u201aHIER F\u00dcR EUCH\u2018 ernst. Alle unsere Innovationen basieren auf Insights\u201c, betont Alexander Str\u00fcmann, Brand Manager bei BILLY BOY. \u201eDas macht unsere Marke zu einem vertrauensw\u00fcrdigen Begleiter und setzt immer wieder Impulse f\u00fcr ein sicheres, respektvolles und aufregendes Sexleben.\u201c<\/p>\n\n\n\n<p>Verantwortliche Agentur ist die Hamburger Markenstrategieberatung brandtouch\u00b0, die bereits die Neupositionierung der Marke ausgerichtet hat. Lisa Sendlmeier-Brunk, Strategin und Gesch\u00e4ftsf\u00fchrerin bei brandtouch\u00b0: \u201eUnser Strategy First-Ansatz und die umfassende qualitative Marktforschung bilden ein starkes Fundament f\u00fcr zahlreiche gesch\u00e4ftsrelevante Prozesse und Entwicklungsschritte, die dann konsequent in das Verpackungsdesign und eine klare Sortimentskommunikation m\u00fcnden. Dass wir nun auch das Verpackungsdesign \u00fcberarbeiten durften, ist nat\u00fcrlich eine besondere Auszeichnung\u201c.<\/p>\n\n\n\n<h4 class=\"wp-block-heading\">Kampagne auf Social Media<\/h4>\n\n\n<div class=\"wp-block-image\">\n<figure class=\"aligncenter size-full\"><img decoding=\"async\" loading=\"lazy\" width=\"800\" height=\"615\" src=\"https:\/\/speyer24news.com\/wp-content\/uploads\/2024\/03\/BILLY-BOY-Packaging-1.jpg\" alt=\"\" class=\"wp-image-59173\" srcset=\"https:\/\/speyer24news.com\/wp-content\/uploads\/2024\/03\/BILLY-BOY-Packaging-1.jpg 800w, https:\/\/speyer24news.com\/wp-content\/uploads\/2024\/03\/BILLY-BOY-Packaging-1-300x231.jpg 300w, https:\/\/speyer24news.com\/wp-content\/uploads\/2024\/03\/BILLY-BOY-Packaging-1-768x590.jpg 768w\" sizes=\"(max-width: 800px) 100vw, 800px\" \/><\/figure><\/div>\n\n\n<p>Neben zahlreichen Promotion-Aktivit\u00e4ten am Point of Sale zur Einf\u00fchrung der neuen Verpackungen begleiten dynamische Social-Media-Kampagnen auf TikTok und Instagram ab dem 18. M\u00e4rz den Relaunch. Die Creatives aus der Feder von brandtouch\u00b0 spiegeln die Haltung der Marke, zelebrieren das Design, pr\u00e4sentieren die Sortenvielfalt und machen die optimale Gr\u00f6\u00dfenwahl leichter verst\u00e4ndlich. Die Creator Kollaborationen f\u00fcr TikTok wurden durch WeCreate entwickelt und begleitet.<\/p>\n\n\n\n<h4 class=\"wp-block-heading\">\u00dcber BILLY BOY<\/h4>\n\n\n<div class=\"wp-block-image\">\n<figure class=\"aligncenter size-full\"><img decoding=\"async\" loading=\"lazy\" width=\"500\" height=\"625\" src=\"https:\/\/speyer24news.com\/wp-content\/uploads\/2024\/03\/BILLY-BOY-SAFE-VEGAN.jpg\" alt=\"\" class=\"wp-image-59174\" srcset=\"https:\/\/speyer24news.com\/wp-content\/uploads\/2024\/03\/BILLY-BOY-SAFE-VEGAN.jpg 500w, https:\/\/speyer24news.com\/wp-content\/uploads\/2024\/03\/BILLY-BOY-SAFE-VEGAN-240x300.jpg 240w\" sizes=\"(max-width: 500px) 100vw, 500px\" \/><\/figure><\/div>\n\n\n<p>Die Kondommarke BILLY BOY ist ein Unternehmen der MAPA GmbH. BILLY BOY steht seit 1990 f\u00fcr Erfahrung, Qualit\u00e4t und Sicherheit &#8211; made in Germany. Hergestellt im norddeutschen Zeven ist BILLY BOY dabei nicht nur verantwortungsbewusst, was die Qualit\u00e4t \u201eMade in Germany\u201c angeht, sondern \u00fcbernimmt auch Verantwortung die Umwelt. Im Einsatz f\u00fcr freie Lust und Liebe, Akzeptanz, Verantwortung und alles, was gemeinsam Spa\u00df macht, steht BILLY BOY f\u00fcr das Motto \u201e<strong>B<\/strong>e&nbsp;<strong>I<\/strong>ntimate,&nbsp;<strong>L<\/strong>ighthearted,&nbsp;<strong>L<\/strong>oving&nbsp;<strong>Y<\/strong>ourself\u201c und signalisiert: Wir sind hier f\u00fcr euch. F\u00fcr guten Sex und alles, was damit zu tun hat.<\/p>\n\n\n\n<p><em>MAPA GmbH<br>18.03.2024<\/em><\/p>\n\n\n\n<h1 class=\"wp-block-heading has-text-align-center\">TRIWO AG \/ Hahn Airport<\/h1>\n\n\n<div class=\"wp-block-image\">\n<figure class=\"aligncenter size-full\"><img decoding=\"async\" loading=\"lazy\" width=\"800\" height=\"479\" src=\"https:\/\/speyer24news.com\/wp-content\/uploads\/2024\/03\/Flughafen-Hahn-TRIWO-Logo.jpg\" alt=\"\" class=\"wp-image-59162\" srcset=\"https:\/\/speyer24news.com\/wp-content\/uploads\/2024\/03\/Flughafen-Hahn-TRIWO-Logo.jpg 800w, https:\/\/speyer24news.com\/wp-content\/uploads\/2024\/03\/Flughafen-Hahn-TRIWO-Logo-300x180.jpg 300w, https:\/\/speyer24news.com\/wp-content\/uploads\/2024\/03\/Flughafen-Hahn-TRIWO-Logo-768x460.jpg 768w\" sizes=\"(max-width: 800px) 100vw, 800px\" \/><\/figure><\/div>\n\n\n<h2 class=\"wp-block-heading\">Rom, Budapest und Meer<\/h2>\n\n\n\n<h3 class=\"wp-block-heading\">Sommerflugplan mit f\u00fcnf neuen Verbindungen am Flughafen Hahn<\/h3>\n\n\n\n<p>Mit Beginn des Sommerflugplans am 31. M\u00e4rz stehen Reisenden am TRIWO Hahn Airport neue Strecken zur Auswahl: Ryanair verbindet ab dann jeweils zweimal pro Woche den Flughafen Hahn mit den italienischen Bade- und Kult<a>urorten<\/a>&nbsp;Lamezia Terme und Pescara. Nach Rom-Fiumicino startet die irische Airline den Sommer \u00fcber mehrfach pro Woche. Ebenfalls mit Ryanair geht es immer donnerstags nach Agadir, an die s\u00fcdliche Atlantikk\u00fcste Marokkos. Eine weitere neue Ryanair-Strecke f\u00fchrt in die ungarische Hauptstadt Budapest.<\/p>\n\n\n\n<p>\u201eInsgesamt beinhaltet der Sommerflugplan 2024 am TRIWO Hahn Airport 38 Warmwasser- und St\u00e4dteziele\u201c, sagt R\u00fcdiger Franke, Gesch\u00e4ftsf\u00fchrer des Flughafens Hahn. \u201eMit den neuen Zielen wird das Flugprogramm um attraktive Destination erg\u00e4nzt.\u201c<\/p>\n\n\n\n<p>Die beiden meistangeflogenen Ziele im Sommerflugplan sind London-Stansted und Palma de Mallorca. Zehnmal pro Woche hebt Ryanair am Flughafen Hahn in Richtung englischer Hauptstadt ab. Zum Urlaubs-Klassiker Palma de Mallorca fliegt Ryanair zun\u00e4chst neunmal und stockt ab dem 1. Mai auf&nbsp; zehn w\u00f6chentliche Verbindungen auf.<\/p>\n\n\n\n<p>Im Sommerflugplan 2024 des Flughafens finden sich weitere attraktive Ziele f\u00fcr Urlauberinnen und Urlauber: Wer beispielsweise Lust auf Reisen in eine Hauptstadt hat, kann mit Wizz Air vom Airport Hahn aus nach Sofia (Bulgarien), Tirana (Albanien) oder Skopje (Nordmazedonien) fliegen.<\/p>\n\n\n\n<p>FlyOne hat Fl\u00fcge nach&nbsp;Chi\u0219in\u0103u&nbsp;(Hauptstadt der Republik Moldau) im Angebot. Au\u00dferdem bedient Air Serbia vom Hunsr\u00fcckflughafen aus Nis in Serbien. Und wer Lust auf das Mittelmeer hat, kann auch mit Air Arabia Maroc in die marokkanischen Stadt Nador abheben.<\/p>\n\n\n\n<p><em>TRIWO AG, Hahn Airport<br>21.03.2024<\/em><\/p>\n","protected":false},"excerpt":{"rendered":"<div class=\"mh-excerpt\"><p>Bundesagentur f\u00fcr Arbeit Arbeitsmarkt im M\u00e4rz 2024 \/ Verhaltener Auftakt der Fr\u00fchjahrsbelebung \u201eArbeitslosigkeit und Unterbesch\u00e4ftigung nehmen im M\u00e4rz zwar ab, allerdings weniger als sonst in diesem Monat. Die konjunkturelle Flaute macht sich also nach wie <a class=\"mh-excerpt-more\" href=\"https:\/\/speyer24news.com\/?p=59157\" title=\"Wirtschaft \/ Finanzen \/ Rente\">[&#8230;]<\/a><\/p>\n<\/div>","protected":false},"author":3,"featured_media":30614,"comment_status":"open","ping_status":"open","sticky":false,"template":"","format":"standard","meta":{"_monsterinsights_skip_tracking":false,"_monsterinsights_sitenote_active":false,"_monsterinsights_sitenote_note":"","_monsterinsights_sitenote_category":0,"footnotes":""},"categories":[29],"tags":[18086,18083,553,6382,17680,18093,18092,551,18088,18081,18082,18097,18096,6449,15903,6613,17077,18079,18089,18090,56,18091,8178,17673,3092,13105,18073,18087,8068,5708,18074,16904,17671,18098,303,18076,18077,18080,1442,18078,16905,18094,18095,302,18084,18085,1087,17665,12488,14831,2349,12145],"aioseo_notices":[],"amp_enabled":true,"_links":{"self":[{"href":"https:\/\/speyer24news.com\/index.php?rest_route=\/wp\/v2\/posts\/59157"}],"collection":[{"href":"https:\/\/speyer24news.com\/index.php?rest_route=\/wp\/v2\/posts"}],"about":[{"href":"https:\/\/speyer24news.com\/index.php?rest_route=\/wp\/v2\/types\/post"}],"author":[{"embeddable":true,"href":"https:\/\/speyer24news.com\/index.php?rest_route=\/wp\/v2\/users\/3"}],"replies":[{"embeddable":true,"href":"https:\/\/speyer24news.com\/index.php?rest_route=%2Fwp%2Fv2%2Fcomments&post=59157"}],"version-history":[{"count":2,"href":"https:\/\/speyer24news.com\/index.php?rest_route=\/wp\/v2\/posts\/59157\/revisions"}],"predecessor-version":[{"id":59183,"href":"https:\/\/speyer24news.com\/index.php?rest_route=\/wp\/v2\/posts\/59157\/revisions\/59183"}],"wp:featuredmedia":[{"embeddable":true,"href":"https:\/\/speyer24news.com\/index.php?rest_route=\/wp\/v2\/media\/30614"}],"wp:attachment":[{"href":"https:\/\/speyer24news.com\/index.php?rest_route=%2Fwp%2Fv2%2Fmedia&parent=59157"}],"wp:term":[{"taxonomy":"category","embeddable":true,"href":"https:\/\/speyer24news.com\/index.php?rest_route=%2Fwp%2Fv2%2Fcategories&post=59157"},{"taxonomy":"post_tag","embeddable":true,"href":"https:\/\/speyer24news.com\/index.php?rest_route=%2Fwp%2Fv2%2Ftags&post=59157"}],"curies":[{"name":"wp","href":"https:\/\/api.w.org\/{rel}","templated":true}]}}