{"id":59194,"date":"2024-04-02T06:45:16","date_gmt":"2024-04-02T05:45:16","guid":{"rendered":"https:\/\/speyer24news.com\/?p=59194"},"modified":"2024-04-02T06:45:19","modified_gmt":"2024-04-02T05:45:19","slug":"polizeimeldungen-sonntag-31-03-24","status":"publish","type":"post","link":"https:\/\/speyer24news.com\/?p=59194","title":{"rendered":"Polizeimeldungen Sonntag (31.03.24)"},"content":{"rendered":"<style type=\"text\/css\">\r\n\t.ads_top_disp{}\r\n\t.ads_top_corner_disp{ float:left; margin:0px 10px 10px 0px; }\r\n\t.ads_first_p_disp{}\r\n\t.ads_bottom_disp{}\r\n\t<\/style>\n<h2 class=\"wp-block-heading\">Polizeimeldungen vom Sonntag (31.03.2024)<\/h2>\n\n\n<div class=\"wp-block-image\">\n<figure class=\"aligncenter size-full\"><img decoding=\"async\" loading=\"lazy\" width=\"375\" height=\"500\" src=\"https:\/\/speyer24news.com\/wp-content\/uploads\/2022\/03\/Aktuelles-Polizeilogo.jpg\" alt=\"\" class=\"wp-image-43591\" srcset=\"https:\/\/speyer24news.com\/wp-content\/uploads\/2022\/03\/Aktuelles-Polizeilogo.jpg 375w, https:\/\/speyer24news.com\/wp-content\/uploads\/2022\/03\/Aktuelles-Polizeilogo-225x300.jpg 225w\" sizes=\"(max-width: 375px) 100vw, 375px\" \/><\/figure><\/div>\n\n\n<h2 class=\"wp-block-heading\">(Speyer) &#8211; Widerstand nach K\u00f6rperverletzung mit Ende in der Gewahrsamszelle<\/h2>\n\n\n<div class=\"wp-block-image\">\n<figure class=\"aligncenter size-full\"><img decoding=\"async\" loading=\"lazy\" width=\"800\" height=\"600\" src=\"https:\/\/speyer24news.com\/wp-content\/uploads\/2019\/06\/Ausn\u00fcchterungszelle.jpg\" alt=\"\" class=\"wp-image-15212\" srcset=\"https:\/\/speyer24news.com\/wp-content\/uploads\/2019\/06\/Ausn\u00fcchterungszelle.jpg 800w, https:\/\/speyer24news.com\/wp-content\/uploads\/2019\/06\/Ausn\u00fcchterungszelle-300x225.jpg 300w, https:\/\/speyer24news.com\/wp-content\/uploads\/2019\/06\/Ausn\u00fcchterungszelle-768x576.jpg 768w, https:\/\/speyer24news.com\/wp-content\/uploads\/2019\/06\/Ausn\u00fcchterungszelle-678x509.jpg 678w, https:\/\/speyer24news.com\/wp-content\/uploads\/2019\/06\/Ausn\u00fcchterungszelle-326x245.jpg 326w, https:\/\/speyer24news.com\/wp-content\/uploads\/2019\/06\/Ausn\u00fcchterungszelle-80x60.jpg 80w\" sizes=\"(max-width: 800px) 100vw, 800px\" \/><figcaption class=\"wp-element-caption\">Beispielbild Zelle \/ Verhaftung, dient lediglich der Visualisierung<\/figcaption><\/figure><\/div>\n\n\n<p>Am Sonntagmorgen um kurz nach 4.00 Uhr melden mehrere Personen \u00fcber Notruf eine aggressive Person an einer Tankstelle in der Bahnhofstra\u00dfe gemeldet. Wie sich vor Ort herausstellte hatte der beschriebene 40-j\u00e4hrige Mann zuvor bereits einen 22-J\u00e4hrigen angegriffen und dadurch leicht verletzt. Da der 40-j\u00e4hrige alkoholisiert und aggressiv auftrat, sollte er zur Verhinderung weiterer Straftaten in Gewahrsam genommen werden. Noch vor der Verbringung zur Dienststelle leistete der Mann Widerstand gegen die Fesselung, welcher jedoch gebrochen werden konnte. Die Beteiligten blieben unverletzt. Der Mann muss sich nun wegen Widerstands gegen Vollstreckungsbeamte und K\u00f6rperverletzung verantworten.<\/p>\n\n\n\n<h2 class=\"wp-block-heading\">(Speyer) &#8211; K\u00f6rperliche Auseinandersetzung in Supermarkt<\/h2>\n\n\n<div class=\"wp-block-image\">\n<figure class=\"aligncenter size-full\"><img decoding=\"async\" loading=\"lazy\" width=\"800\" height=\"533\" src=\"https:\/\/speyer24news.com\/wp-content\/uploads\/2020\/06\/Zelle.jpg\" alt=\"\" class=\"wp-image-28203\" srcset=\"https:\/\/speyer24news.com\/wp-content\/uploads\/2020\/06\/Zelle.jpg 800w, https:\/\/speyer24news.com\/wp-content\/uploads\/2020\/06\/Zelle-300x200.jpg 300w, https:\/\/speyer24news.com\/wp-content\/uploads\/2020\/06\/Zelle-768x512.jpg 768w\" sizes=\"(max-width: 800px) 100vw, 800px\" \/><figcaption class=\"wp-element-caption\">Beispielbild Zelle \/ Verhaftung, dient lediglich der Visualisierung<\/figcaption><\/figure><\/div>\n\n\n<p>Nach Mitteilung \u00fcber eine k\u00f6rperliche Auseinandersetzung in einem Supermarkt in der Speyerer Innenstadt am Samstagnachmittag gegen 16.00 Uhr, konnte der Beschuldigte vor dem Gesch\u00e4ft sitzend angetroffen werden. Dieser hatte zuvor unvermittelt einem 23-j\u00e4hrigen Speyerer gegen den Kopf geschlagen und dessen zur Hilfe eilende Mutter durch Tritte gegen den Unterk\u00f6rper attackiert, sodass beide leicht verletzt wurden. Dar\u00fcber hinaus beleidigte der 43-j\u00e4hrige Beschuldigte die beiden Gesch\u00e4digten und bedrohte sie mit dem Tode. <\/p>\n\n\n\n<p>Der Beschuldigte hatte auch bereits in einem weiteren Gesch\u00e4ft randaliert. Aufgrund der Alkoholisierung des Beschuldigten und seines anhaltenden aggressiven Verhaltens wurde er zur Verhinderung weiterer Straftaten in Gewahrsam genommen.<\/p>\n\n\n\n<h2 class=\"wp-block-heading\">(Hanhofen) &#8211; Verkehrsunfall unter Alkohol<\/h2>\n\n\n\n<p>Am Samstagabend kurz vor 21.00 Uhr wurde die Polizei Speyer durch eine Passantin \u00fcber einen Verkehrsunfall in der Goethestra\u00dfe informiert. Die Anruferin war kurz zuvor bei Verlassen des Hauses auf eine Frau neben einem augenscheinlich verunfallten PKW BMW aufmerksam und durch die Fahrerin um Hilfe bei Einlegen des R\u00fcckw\u00e4rtsganges gebeten worden. Da die Fahrerin nur mit Socken und ohne Schuhe auf der Stra\u00dfe stand, verst\u00e4ndigte die Zeugin aufgrund der Gesamtumst\u00e4nde die Polizei. Durch die Polizeistreife vor Ort konnte Alkoholgeruch ausgehend von der 57-j\u00e4hrigen Fahrerin des BMW festgestellt werden. Ein auf freiwilliger Basis durchgef\u00fchrter Atemalkoholtest ergab 3,03 Promille. Vermutlich aufgrund ihrer Alkoholisierung verlor die 57-J\u00e4hrige in der Goethestra\u00dfe die Kontrolle \u00fcber ihr Fahrzeug und fuhr frontal gegen einen ordnungsgem\u00e4\u00df am Fahrbahnrand geparkten PKW. Der Gesamtschaden bel\u00e4uft sich auf sch\u00e4tzungsweise 500 Euro. Der Fahrerin wurde eine Blutprobe entnommen und ihr F\u00fchrerschein beschlagnahmt. Sie erwartet nun ein Strafverfahren wegen Trunkenheit im Verkehr.<\/p>\n\n\n\n<h2 class=\"wp-block-heading\">(Weingarten) &#8211; Rettungseinsatz f\u00fchrt zur Wohnungsdurchsuchung<\/h2>\n\n\n<div class=\"wp-block-image\">\n<figure class=\"aligncenter size-full\"><img decoding=\"async\" loading=\"lazy\" width=\"640\" height=\"559\" src=\"https:\/\/speyer24news.com\/wp-content\/uploads\/2021\/02\/Cannabis-Beispielbild.jpg\" alt=\"\" class=\"wp-image-32792\" srcset=\"https:\/\/speyer24news.com\/wp-content\/uploads\/2021\/02\/Cannabis-Beispielbild.jpg 640w, https:\/\/speyer24news.com\/wp-content\/uploads\/2021\/02\/Cannabis-Beispielbild-300x262.jpg 300w\" sizes=\"(max-width: 640px) 100vw, 640px\" \/><figcaption class=\"wp-element-caption\">Beispielfoto einer Cannabis Indoor Zuchtanlage<\/figcaption><\/figure><\/div>\n\n\n<p>Alarmierte Rettungskr\u00e4fte wurden am Samstagnachmittag aufgrund einer krampfenden Person in den Ortsbereich Weingarten gerufen. Da sich der Lebensgef\u00e4hrte der hilfsbed\u00fcrftigen Frau gegen\u00fcber den Sanit\u00e4tern zun\u00e4chst aggressiv verhielt wurden zus\u00e4tzlich noch Polizeibeamte verst\u00e4ndigt. Bei Eintreffen der Polizei hatte sich der Mann zwar wieder beruhigt, jedoch konnten bei diesem Kokain und Haschisch aufgefunden werden. <\/p>\n\n\n\n<p>Im Rahmen einer richterlich angeordneten Wohnungsdurchsuchung konnte in der Wohnung des Mannes eine Indoorplantage mit mehr als zwei Dutzend Cannabispflanzen festgestellt werden. Ein entsprechendes Strafverfahren wurde eingeleitet und die Bet\u00e4ubungsmittel sowie die Pflanzen sichergestellt. Zu Straftaten zum Nachteil der Rettungs- und Polizeikr\u00e4fte kam es nicht.<\/p>\n\n\n\n<h2 class=\"wp-block-heading\">(Germersheim) &#8211; Verkehrsunfallflucht<a href=\"https:\/\/www.facebook.com\/sharer.php?u=https%3A%2F%2Fwww.presseportal.de%2Fblaulicht%2Fpm%2F117686%2F5746788%2F%3Futm_source%3Dfacebook%26utm_medium%3Dsocial\"><\/a><a href=\"https:\/\/twitter.com\/intent\/tweet?text=POL-PDLD%3A%20Verkehrsunfallflucht&amp;url=https%3A%2F%2Fwww.presseportal.de%2Fblaulicht%2Fpm%2F117686%2F5746788%2F%3Futm_source%3Dtwitter%26utm_medium%3Dsocial&amp;hashtags=ots&amp;lang=de\"><\/a><a href=\"https:\/\/web.whatsapp.com\/send?text=POL-PDLD%3A%20Verkehrsunfallflucht%0A%0Ahttps%3A%2F%2Fwww.presseportal.de%2Fblaulicht%2Fpm%2F117686%2F5746788%2F%3Futm_source%3Dwhatsapp%26utm_medium%3Dsocial\"><\/a><a href=\"https:\/\/www.xing.com\/app\/user?op=share;url=https%3A%2F%2Fwww.presseportal.de%2Fblaulicht%2Fpm%2F117686%2F5746788%2F%3Futm_source%3Dxing%26utm_medium%3Dsocial\"><\/a><a href=\"http:\/\/www.linkedin.com\/shareArticle?mini=true&amp;url=https%3A%2F%2Fwww.presseportal.de%2Fblaulicht%2Fpm%2F117686%2F5746788%2F%3Futm_source%3Dlinkedin%26utm_medium%3Dsocial&amp;title=POL-PDLD%3A+Verkehrsunfallflucht\"><\/a><a href=\"mailto:?subject=POL-PDLD%3A%20Verkehrsunfallflucht&amp;body=https:\/\/www.presseportal.de\/blaulicht\/pm\/117686\/5746788\"><\/a><\/h2>\n\n\n<div class=\"wp-block-image\">\n<figure class=\"aligncenter size-full\"><img decoding=\"async\" loading=\"lazy\" width=\"801\" height=\"600\" src=\"https:\/\/speyer24news.com\/wp-content\/uploads\/2020\/05\/Zeugen-gesucht-Neutral.jpg\" alt=\"\" class=\"wp-image-26598\" srcset=\"https:\/\/speyer24news.com\/wp-content\/uploads\/2020\/05\/Zeugen-gesucht-Neutral.jpg 801w, https:\/\/speyer24news.com\/wp-content\/uploads\/2020\/05\/Zeugen-gesucht-Neutral-300x225.jpg 300w, https:\/\/speyer24news.com\/wp-content\/uploads\/2020\/05\/Zeugen-gesucht-Neutral-768x575.jpg 768w, https:\/\/speyer24news.com\/wp-content\/uploads\/2020\/05\/Zeugen-gesucht-Neutral-678x509.jpg 678w, https:\/\/speyer24news.com\/wp-content\/uploads\/2020\/05\/Zeugen-gesucht-Neutral-326x245.jpg 326w, https:\/\/speyer24news.com\/wp-content\/uploads\/2020\/05\/Zeugen-gesucht-Neutral-80x60.jpg 80w\" sizes=\"(max-width: 801px) 100vw, 801px\" \/><\/figure><\/div>\n\n\n<p>Am Samstag kam es gegen 11:30 Uhr zu einem Verkehrsunfall in der Sondernheimer Stra\u00dfe. Hierbei fuhren zwei Pkw hintereinander in Fahrtrichtung Sondernheim. Als der vorrausfahrende Pkw abbremste, fuhr das nachfolgende Fahrzeug aufgrund mangelndem Sicherheitsabstandes hinten auf. Anschlie\u00dfend setzte das unfallverursachende Fahrzeug die Fahrt trotz entstandenem Sachschaden fort und fl\u00fcchtete somit von der Unfallstelle. Es habe sich hierbei um ein <strong>wei\u00dfes Fahrzeug<\/strong> gehandelt. Zu Personensch\u00e4den kam es gl\u00fccklicherweise nicht.<\/p>\n\n\n\n<ul>\n<li><strong>Zeugen werden gebeten, sich unter der Telefonnummer 07274\/9580 oder per E-Mail an\u00a0<a href=\"mailto:%20pigermersheim@polizei.rlp.de\">pigermersheim@polizei.rlp.de<\/a>\u00a0mit der Polizei Germersheim in Verbindung zu setzen.<\/strong><\/li>\n<\/ul>\n\n\n\n<h2 class=\"wp-block-heading\">(Rheinzabern) &#8211; \u00dcberwachung der Geschwindigkeit<\/h2>\n\n\n\n<p>Am 30.03. wurde in der Zeit von 11:30 Uhr bis 13:00 Uhr die Geschwindigkeit auf der L540, Rheinzabern in Fahrtrichtung Jockgrim \u00fcberwacht. Hierbei wurden insgesamt zw\u00f6lf Autofahrer festgestellt, welche schneller als die dort erlaubten 50 km\/h gefahren waren. Die gemessene H\u00f6chstgeschwindigkeit lag bei 80 km\/h.<\/p>\n\n\n\n<h2 class=\"wp-block-heading\">(Berg) &#8211; Alkoholisierter Radfahrer<\/h2>\n\n\n\n<p>Am sp\u00e4ten Samstagabend stelle eine Streife der Polizei W\u00f6rth einen Radfahrer fest, welcher in Berg-Neulauterburg auff\u00e4llig umhergefahren war. Im Rahmen der durchgef\u00fchrten Verkehrskontrolle wurde bei dem 41-j\u00e4hrigen Mann deutlicher Atemalkoholgeruch festgestellt. Ein durchgef\u00fchrter Atemalkoholtest best\u00e4tigte, dass der Mann \u00fcber 1,8 Promille hatte. Im weiteren Verlauf wurde dem Mann eine Blutprobe entnommen und es wurde ein entsprechendes Strafverfahren eingeleitet.<\/p>\n\n\n\n<h2 class=\"wp-block-heading\">(Bad Bergzabern) &#8211; Brand eines Mehrfamilienhauses<\/h2>\n\n\n\n<p>Am Sonntag, den 31.03.2024, gegen 13:30 Uhr ereignete sich ein Brand in einem Mehrfamilienhaus in der Haydnstra\u00dfe in Bad Bergzabern. Durch Brandbek\u00e4mpfungsma\u00dfnahmen der Feuerwehr konnte das Feuer einged\u00e4mmt und letztendlich gel\u00f6scht werden. Es entstand Sachschaden von sch\u00e4tzungsweise 350.000 Euro. Es wurde niemand verletzt. Die Kriminalpolizei hat die Ermittlungen zwecks Kl\u00e4rung der Brandursache aufgenommen.<\/p>\n\n\n\n<h2 class=\"wp-block-heading\">(Edesheim) &#8211; Alkoholisierter Autofahrer<\/h2>\n\n\n\n<p>Am Sonntagabend, den 31.03.24 gegen 20:00 Uhr konnte im Rahmen einer Verkehrskontrolle in der Leonhard-Eckel-Siedlung in Edesheim bei einem 58-j\u00e4hrigen Autofahrer aus dem Landkreis S\u00fcdliche Weinstra\u00dfe Atemalkoholgeruch festgestellt werden. Ein freiwilliger Atemalkoholtest ergab einen Wert von 0,76 Promille, weshalb dem Autofahrer die Weiterfahrt untersagt wurde. Ein anschlie\u00dfend auf der Dienststelle durchgef\u00fchrter gerichtsverwertbarer Atemalkoholtest best\u00e4tigte das vorherige Ergebnis.<\/p>\n\n\n\n<p>Gegen den 58-J\u00e4hrigen wurde ein Ordnungswidrigkeitenverfahren eingeleitet. Ihn erwartet ein Bu\u00dfgeld in H\u00f6he von 500EUR, zwei Punkte im Fahreignungsregister sowie ein einmonatiges Fahrverbot.<\/p>\n\n\n\n<h2 class=\"wp-block-heading\">(Rhodt unter Rietburg) &#8211; Illegales Kraftfahrzeugrennen \/ Zeugen gesucht<\/h2>\n\n\n\n<p>Am Sonntagnachmittag, den 31.03.24 gegen 16:40 Uhr konnten durch eine Streife der Polizei Edenkoben in der Weinstra\u00dfe in Rhodt unter Rietburg drei Motorradfahrer festgestellt werden, welche bei Erblicken des Streifenwagens mit deutlich \u00fcberh\u00f6hter Geschwindigkeit durch den Ortskern fl\u00fcchteten. Trotz einer umgehenden Verfolgung und eingeleiteten Fahndungsma\u00dfnahmen konnten die Motorradfahrer nicht mehr festgestellt werden.<\/p>\n\n\n\n<p>Aufgrund der Flucht mit deutlich \u00fcberh\u00f6hter Geschwindigkeit wurde ein Strafverfahren wegen eines illegalen Kraftfahrzeugrennens eingeleitet.<\/p>\n\n\n\n<ul>\n<li><strong>Hinweise zu den Motorr\u00e4dern oder den bislang unbekannten Motorradfahrern nimmt die Polizei Edenkoben unter 06323 9550 oder\u00a0<a href=\"mailto:%20piedenkoben@polizei.rlp.de\">piedenkoben@polizei.rlp.de<\/a>\u00a0entgegen.<\/strong><\/li>\n<\/ul>\n\n\n\n<h2 class=\"wp-block-heading\">(Maikammer) &#8211; Betriebserlaubnis erloschen<\/h2>\n\n\n\n<p>Am Sonntagabend, den 31.03.24 um 19:10 Uhr wurde ein Motorradfahrer in der Hartmannstra\u00dfe in Maikammer einer Verkehrskontrolle unterzogen. Hierbei konnten mehrere technische Ver\u00e4nderungen am Motorrad festgestellt werden. Da aufgrund der technischen Ver\u00e4nderungen die Betriebserlaubnis des Motorrads erloschen war, wurde dem 19-J\u00e4hrigen aus dem Landkreis S\u00fcdliche Weinstra\u00dfe die Weiterfahrt untersagt und ein entsprechendes Ordnungswidrigkeitenverfahren wurde eingeleitet.<\/p>\n\n\n\n<h2 class=\"wp-block-heading\">(Maikammer) &#8211; M\u00f6glicher Fahrraddiebstahl<a href=\"https:\/\/www.facebook.com\/sharer.php?u=https%3A%2F%2Fwww.presseportal.de%2Fblaulicht%2Fpm%2F117686%2F5746983%2F%3Futm_source%3Dfacebook%26utm_medium%3Dsocial\"><\/a><a href=\"https:\/\/twitter.com\/intent\/tweet?text=POL-PDLD%3A%20m%C3%B6glicher%20Fahrraddiebstahl&amp;url=https%3A%2F%2Fwww.presseportal.de%2Fblaulicht%2Fpm%2F117686%2F5746983%2F%3Futm_source%3Dtwitter%26utm_medium%3Dsocial&amp;hashtags=ots&amp;lang=de\"><\/a><a href=\"https:\/\/web.whatsapp.com\/send?text=POL-PDLD%3A%20m%C3%B6glicher%20Fahrraddiebstahl%0A%0Ahttps%3A%2F%2Fwww.presseportal.de%2Fblaulicht%2Fpm%2F117686%2F5746983%2F%3Futm_source%3Dwhatsapp%26utm_medium%3Dsocial\"><\/a><a href=\"https:\/\/www.xing.com\/app\/user?op=share;url=https%3A%2F%2Fwww.presseportal.de%2Fblaulicht%2Fpm%2F117686%2F5746983%2F%3Futm_source%3Dxing%26utm_medium%3Dsocial\"><\/a><a href=\"http:\/\/www.linkedin.com\/shareArticle?mini=true&amp;url=https%3A%2F%2Fwww.presseportal.de%2Fblaulicht%2Fpm%2F117686%2F5746983%2F%3Futm_source%3Dlinkedin%26utm_medium%3Dsocial&amp;title=POL-PDLD%3A+m%C3%B6glicher+Fahrraddiebstahl\"><\/a><a href=\"mailto:?subject=POL-PDLD%3A%20m%C3%B6glicher%20Fahrraddiebstahl&amp;body=https:\/\/www.presseportal.de\/blaulicht\/pm\/117686\/5746983\"><\/a><\/h2>\n\n\n<div class=\"wp-block-image\">\n<figure class=\"aligncenter\"><a href=\"https:\/\/cache.pressmailing.net\/thumbnail\/story_hires\/2a54e838-03b5-479c-8b3b-d2853dd93082\/Fahrrad.jpeg.jpg\"><img decoding=\"async\" src=\"https:\/\/cache.pressmailing.net\/thumbnail\/story_big\/2a54e838-03b5-479c-8b3b-d2853dd93082\/pol-pdld-m-glicher-fahrraddiebstahl\" alt=\"POL-PDLD: m\u00f6glicher Fahrraddiebstahl\"\/><\/a><\/figure><\/div>\n\n\n<p>Am Sonntag, 31.03.2024, wurde durch einen Anwohner ein herrenloses Fahrrad in der Friedhofstra\u00dfe in Maikammer gemeldet. Vor Ort konnte durch die Streife ein blaues Pedelec Mountainbike der Marke Fischer festgestellt werden. Da es sich augenscheinlich um ein noch neuwertiges bzw. wertvolles Pedelec handelte und dieses nicht gegen eine Wegnahme gesichert war, wurde dieses durch die Polizei Edenkoben sichergestellt. Derzeit wird von einem Fahrraddiebstahl an unbekannter \u00d6rtlichkeit ausgegangen.<\/p>\n\n\n\n<ul>\n<li><strong>Hinweise zum Eigent\u00fcmer bzw. zur Tat selbst nimmt die Polizei Edenkoben unter 06323 9550 oder\u00a0<a href=\"mailto:%20piedenkoben@polizei.rlp.de\">piedenkoben@polizei.rlp.de<\/a>\u00a0entgegen.<\/strong><\/li>\n<\/ul>\n\n\n\n<h2 class=\"wp-block-heading\">(Neustadt) &#8211; Trunkenheitsfahrt<\/h2>\n\n\n\n<p>Am 31.03.2024 gegen 03:30 Uhr wurde ein 34-j\u00e4hriger Pkw-Fahrer in der Pestalozzistra\u00dfe einer Verkehrskontrolle unterzogen. Im Rahmen der Kontrolle bemerkte die Streife Alkoholgeruch beim Fahrer. Ein Atemalkoholtest ergab einen Wert von 1,00 Promille. Daraufhin wurde ihm die Weiterfahrt untersagt. Gegen den Mann wurde ein Ordnungswidrigkeitenverfahren eingeleitet. Er muss mit einer Geldbu\u00dfe in H\u00f6he von 500EUR und einem Fahrverbot rechnen.<\/p>\n\n\n\n<h2 class=\"wp-block-heading\">(Neustadt) &#8211; Unfallflucht<\/h2>\n\n\n\n<p>Am 30.03.2024 gegen 16:15 Uhr kam es in der Geitherstra\u00dfe zu einer Verkehrsunfallflucht. Der unbekannte Unfallverursacher besch\u00e4digte im Vorbeifahren den geparkten grauen Audi mit NW-Kennzeichen des Gesch\u00e4digten und fl\u00fcchtete im Anschluss von der Unfallstelle. Der Gesch\u00e4digte wurde durch einen Knall auf den Unfall aufmerksam und sah noch, wie sich ein wei\u00dfer Pkw entfernte. Durch den Unfall entstand ein Schaden von ca. 1000EUR.<\/p>\n\n\n\n<ul>\n<li><strong>Zeugenhinweise nimmt die Polizei Neustadt\/W. unter 06321 854-0 oder per Mail an\u00a0<a href=\"mailto:%20pineustadt@polizei.rlp.de\">pineustadt@polizei.rlp.de<\/a>\u00a0entgegen.<\/strong><\/li>\n<\/ul>\n\n\n\n<h2 class=\"wp-block-heading\">(Neustadt) &#8211; Versuchter Einbruch<\/h2>\n\n\n\n<p>Unbekannte versuchten in Zeitraum zwischen dem 25.03.2024 und den 28.03.2024 die Zugangst\u00fcr eines Anwesens in der Ro\u00dflaufstra\u00dfe aufzubrechen, scheiterten jedoch an der T\u00fcr. Durch den Einbruchsversuch entstand ein Sachschaden in H\u00f6he von ca. 2500EUR<\/p>\n\n\n\n<ul>\n<li><strong>Zeugenhinweise nimmt die Polizei Neustadt\/W. unter 06321 854-0 oder per Mail an\u00a0<a href=\"mailto:%20pineustadt@polizei.rlp.de\">pineustadt@polizei.rlp.de<\/a>\u00a0entgegen.<\/strong><\/li>\n<\/ul>\n\n\n\n<h2 class=\"wp-block-heading\">(Lambrecht) &#8211; Unfallflucht \/ Gesch\u00e4digter gesucht<\/h2>\n\n\n\n<p>Am 30.03.2024 gegen 17:30 Uhr kam es in der Hauptstra\u00dfe zu einer Verkehrsunfallflucht. Eine aufmerksame Zeugin beobachtete, wie eine 73-J\u00e4hrige mit ihrem Pkw im Vorbeifahren an dem Au\u00dfenspiegel eines schwarzen Pkw (n\u00e4heres nicht bekannt) h\u00e4ngenblieb und anschlie\u00dfend ihre Fahrt einfach fortsetzte. Die Zeugin verst\u00e4ndigte die Polizei, welche die Fl\u00fcchtige im Rahmen der Fahndung stellen konnte. Im Rahmen der Unfallaufnahme konnte jedoch der besch\u00e4digte Pkw nicht mehr festgestellt werden.<\/p>\n\n\n\n<ul>\n<li><strong>Zeugenhinweise nimmt die Polizei Neustadt\/W. unter 06321 854-0 oder per Mail an\u00a0<a href=\"mailto:%20pineustadt@polizei.rlp.de\">pineustadt@polizei.rlp.de<\/a>\u00a0entgegen.<\/strong><\/li>\n<\/ul>\n\n\n\n<h2 class=\"wp-block-heading\">(Gr\u00fcnstadt) &#8211; Verkehrsunfallflucht in Industriegebiet<\/h2>\n\n\n\n<p>Am Samstag, dem 30.03.2024, kam es zwischen 10:30 Uhr und 11:15 Uhr zu einer Verkehrsunfallflucht auf dem Kundenparkplatz der Firma ELEMENTS in der Ferdinand-Porsche-Stra\u00dfe in Gr\u00fcnstadt. In dem oben genannten Zeitraum besch\u00e4digte ein bislang noch unbekanntes Fahrzeug zwei sich auf dem Parkplatz befindliche Blumenk\u00fcbel. Anschlie\u00dfend entfernte er sich unerlaubt von der Unfall\u00f6rtlichkeit. Der Sachschaden wird derzeit auf einen Betrag im mittleren dreistelligen Bereich gesch\u00e4tzt. <\/p>\n\n\n\n<ul>\n<li><strong>M\u00f6gliche Unfallzeugen werden gebeten, sich mit der Polizeiinspektion Gr\u00fcnstadt (06359\/9312-0) in Verbindung zu setzen.<\/strong><\/li>\n<\/ul>\n\n\n\n<h2 class=\"wp-block-heading\">(Frankenthal) &#8211; Raub einer Geldtasche<a href=\"https:\/\/www.facebook.com\/sharer.php?u=https%3A%2F%2Fwww.presseportal.de%2Fblaulicht%2Fpm%2F117688%2F5746733%2F%3Futm_source%3Dfacebook%26utm_medium%3Dsocial\"><\/a><a href=\"https:\/\/twitter.com\/intent\/tweet?text=POL-PDLU%3A%20Frankenthal%20-%20Raub%20einer%20Geldtasche&amp;url=https%3A%2F%2Fwww.presseportal.de%2Fblaulicht%2Fpm%2F117688%2F5746733%2F%3Futm_source%3Dtwitter%26utm_medium%3Dsocial&amp;hashtags=ots&amp;lang=de\"><\/a><a href=\"https:\/\/web.whatsapp.com\/send?text=POL-PDLU%3A%20Frankenthal%20-%20Raub%20einer%20Geldtasche%0A%0Ahttps%3A%2F%2Fwww.presseportal.de%2Fblaulicht%2Fpm%2F117688%2F5746733%2F%3Futm_source%3Dwhatsapp%26utm_medium%3Dsocial\"><\/a><a href=\"https:\/\/www.xing.com\/app\/user?op=share;url=https%3A%2F%2Fwww.presseportal.de%2Fblaulicht%2Fpm%2F117688%2F5746733%2F%3Futm_source%3Dxing%26utm_medium%3Dsocial\"><\/a><a href=\"http:\/\/www.linkedin.com\/shareArticle?mini=true&amp;url=https%3A%2F%2Fwww.presseportal.de%2Fblaulicht%2Fpm%2F117688%2F5746733%2F%3Futm_source%3Dlinkedin%26utm_medium%3Dsocial&amp;title=POL-PDLU%3A+Frankenthal+-+Raub+einer+Geldtasche\"><\/a><a href=\"mailto:?subject=POL-PDLU%3A%20Frankenthal%20-%20Raub%20einer%20Geldtasche&amp;body=https:\/\/www.presseportal.de\/blaulicht\/pm\/117688\/5746733\"><\/a><\/h2>\n\n\n<div class=\"wp-block-image\">\n<figure class=\"aligncenter\"><a href=\"https:\/\/cache.pressmailing.net\/thumbnail\/story_hires\/2041b93a-cfc1-468e-8f85-50d55edaa4ca\/Zeugenaufruf_BANNER.jpg.jpg\"><img decoding=\"async\" src=\"https:\/\/cache.pressmailing.net\/thumbnail\/story_big\/2041b93a-cfc1-468e-8f85-50d55edaa4ca\/pol-pdlu-frankenthal-raub-einer-geldtasche\" alt=\"POL-PDLU: Frankenthal - Raub einer Geldtasche\"\/><\/a><\/figure><\/div>\n\n\n<p>Am Vormittag des 30.03.2024 betrat eine <strong>50-60 Jahre alte m\u00e4nnliche Person in dunkler Kleidung<\/strong> den Eingangsbereich eines Hotels in der N\u00fcrnberger Stra\u00dfe in Frankenthal und forderte unter Verwendung eines Brotmessers die Herausgabe einer Geldtasche. Im Rahmen einer Rangelei entriss die m\u00e4nnliche Person dem Mitarbeiter die Geldtasche und entfernte sich aus dem Eingangsbereich. Als er feststellte, dass sich kein Geld in der Tasche befand, warf er die Geldtasche zur\u00fcck in den Eingangsbereich und lief in Richtung Innenstadt. Die Polizei hat hierzu die Ermittlungen aufgenommen. <\/p>\n\n\n\n<ul>\n<li><strong>Zeugen werden gebeten sich an die Polizeiinspektion Frankenthal unter der Tel.-Nr.: 06233\/313-0 oder an die Polizeiwache Maxdorf unter der Tel.-Nr.: 06237\/934-1100 zu wenden. Gerne nehmen wir Ihre Hinweise auch per E-Mail unter\u00a0<a href=\"mailto:%20pifrankenthal@polizei.rlp.de\">pifrankenthal@polizei.rlp.de<\/a>\u00a0entgegen.<\/strong><\/li>\n<\/ul>\n\n\n\n<h2 class=\"wp-block-heading\">(Ludwigshafen) &#8211; Ladendieb verletzt Ladendetektiv<\/h2>\n\n\n\n<p>Am Samstagabend des 30.03.2024, gegen 19:00 Uhr, entwendete eine m\u00e4nnliche Person im Penny-Supermarkt in der Frankenthaler Stra\u00dfe mehrere Lebensmittel. Als der Dieb von dem 21-j\u00e4hrigen Ladendetektiv zur Rede gestellt wurde, fl\u00fcchtete dieser zu Fu\u00df aus dem Supermarkt und verletzt hierbei den Ladendetektiv leicht an beiden Armen. <\/p>\n\n\n\n<ul>\n<li><strong>Der T\u00e4ter wird von Zeugen als etwa 20-25 Jahre alt, blond und mit auffallend schlechten Z\u00e4hnen beschrieben. <\/strong><\/li>\n<\/ul>\n\n\n\n<ul>\n<li><strong>Zeugen werden gebeten sich bei der Polizeiinspektion 2 unter der 0621 963-2222 zu melden.<\/strong><\/li>\n<\/ul>\n\n\n\n<h2 class=\"wp-block-heading\">(Ludwigshafen) &#8211; Sachbesch\u00e4digung mit Eisenstange<\/h2>\n\n\n\n<p>Am Samstag (30.03.2024), gegen 18:00 Uhr, besch\u00e4digte eine unbekannte Person die T\u00fcr des Jobcenters mit einer Eisenstange. Daraufhin lief der T\u00e4ter durch die Berliner Stra\u00dfe in Richtung Bahnhofstra\u00dfe. Hier besch\u00e4digte er f\u00fcnf Fahrzeuge mit genannter Eisenstange. Bei der Anfahrt der Polizei fl\u00fcchtete der T\u00e4ter durch den Hackgarten in unbekannte Richtung. Die Tatwaffe lie\u00df der T\u00e4ter zur\u00fcck. <\/p>\n\n\n\n<ul>\n<li><strong>Zeugen, die Hinweise geben k\u00f6nnen, oder auch Gesch\u00e4digte, die an ihrem Fahrzeug einen Schaden festgestellt haben, werden gebeten, sich an die Polizeiinspektion Ludwigshafen 1, Telefonnummer 0621 963-2122 oder per E-Mail\u00a0<a href=\"mailto:%20piludwigshafen1@polizei.rlp.de\">piludwigshafen1@polizei.rlp.de<\/a>\u00a0zu wenden.<\/strong><\/li>\n<\/ul>\n\n\n\n<h2 class=\"wp-block-heading\">(Ludwigshafen) &#8211; Unfall zwischen PKW und E-Scooter<\/h2>\n\n\n\n<p>Am Samstagmittag des 30.03.2024, gegen 17:00 Uhr kam es an der Einm\u00fcndung Am Kanal sowie dem Br\u00fcsseler Ring im Ludwigshafener Stadtteil Pfingstweide zu einem Verkehrsunfall zwischen einem PKW und einem Elektroroller. Der 18-j\u00e4hrige Fahrer des Elektrorollers verletzte sich hierbei leicht. Der 68-j\u00e4hrige Fahrer eines grauen KIA blieb unverletzt. <\/p>\n\n\n\n<ul>\n<li><strong>Zeugen werden gebeten sich bei der Polizeiinspektion 2 unter der 0621 963-2222 zu melden.<\/strong><\/li>\n<\/ul>\n\n\n\n<h2 class=\"wp-block-heading\">(Ludwigshafen) &#8211; Versuchter Betrug am Telefon<\/h2>\n\n\n\n<p>Am Samstagmittag des 30.03.2024, gegen 12:00 Uhr, wurde eine 69-j\u00e4hrige Frau von einer belgischen Telefonnummer angerufen. Eine m\u00e4nnliche Stimme forderte die 69-J\u00e4hrige hierbei auf, mehrere Ziffern auf dem Tastenfeld zu w\u00e4hlen, um eine angebliche Sperrung ihres Bankkontos zu verhindern. Die 69-J\u00e4hrige ging hierauf nicht ein, sondern kontaktierte die Polizei. In diesem Zusammenhang warnt die Polizei ausdr\u00fccklich davor, personenbezogene Daten oder Verm\u00f6gensausk\u00fcnfte am Telefon abzugeben.<\/p>\n\n\n\n<h2 class=\"wp-block-heading\">(Ludwigshafen) &#8211; Diebstahlserie von Rollern<\/h2>\n\n\n\n<p>In der Nacht vom Freitag (29.03.2024) auf Samstag (30.03.2024) kam es in den Stadtteilen Mundenheim und Mitte zu mehreren Rollerdiebst\u00e4hlen. Einer der entwendeten Roller tauchte am Samstag in der N\u00e4he wieder auf, sodass die Polizei an diesem Spuren des T\u00e4ters sichern konnte. <\/p>\n\n\n\n<ul>\n<li><strong>Zeugen, die Hinweise zu den Diebst\u00e4hlen geben k\u00f6nnen, werden gebeten, sich an die Polizeiinspektion Ludwigshafen 1, Telefonnummer 0621 963-2122 oder per E-Mail\u00a0<a href=\"mailto:%20piludwigshafen1@polizei.rlp.de\">piludwigshafen1@polizei.rlp.de<\/a>\u00a0zu wenden.<\/strong><\/li>\n<\/ul>\n\n\n\n<h2 class=\"wp-block-heading\">(Ludwigshafen) &#8211; Einbr\u00fcche in Kleing\u00e4rten<\/h2>\n\n\n\n<p>Im Zeitraum von Freitagabend (29.03.2024) bis zum Samstagmorgen (30.03.2024) kam es in den Stadtteilen Pfingstweide, Oppau und Friesenheim zu insgesamt sechs Aufbr\u00fcchen in Kleingartenparzellen. In der G\u00f6teborgerstra\u00dfe im Ludwigshafener Stadtteil Pfingstweide wurden zudem f\u00fcnf Gartenh\u00e4user in Privatg\u00e4rten aufgebrochen und \u00fcberwiegend Arbeitsmaschinen entwendet. <\/p>\n\n\n\n<ul>\n<li><strong>Zeugen und Gesch\u00e4digte werden gebeten sich bei der Polizeiinspektion 2 unter der 0621-9632222 zu melden.<\/strong><\/li>\n<\/ul>\n\n\n\n<h2 class=\"wp-block-heading\">(Ludwigshafen) &#8211; Fahrzeug aufgebrochen \/ Werkzeug entwendet<\/h2>\n\n\n\n<p>Im Zeitraum von Donnerstag (28.03.2024), gegen 17:00 Uhr, bis Samstag (30.03.2024), gegen 07:00 Uhr, entwendete ein unbekannter T\u00e4ter hochwertiges Werkzeug aus einem Handwerksfahrzeug. T\u00e4terhinweise sind derzeit noch nicht bekannt.<\/p>\n\n\n\n<ul>\n<li><strong>Zeugen, die weitere Hinweise zur Tat oder einem m\u00f6glichen T\u00e4ter machen k\u00f6nnen, werden gebeten, sich an die Polizeiinspektion Ludwigshafen 1, Telefonnummer 0621 963-2122 oder per E-Mail\u00a0<a href=\"mailto:%20piludwigshafen1@polizei.rlp.de\">piludwigshafen1@polizei.rlp.de<\/a>\u00a0zu wenden.<\/strong><\/li>\n<\/ul>\n\n\n\n<h2 class=\"wp-block-heading\">(B 38 \/ Mannheim \/ Viernheimer Kreuz &#8211; Richtung MA-K\u00e4fertal) &#8211; Rettungshubschrauber nach Verkehrsunfall im Einsatz<a href=\"https:\/\/www.facebook.com\/sharer.php?u=https%3A%2F%2Fwww.presseportal.de%2Fblaulicht%2Fpm%2F14915%2F5746920%2F%3Futm_source%3Dfacebook%26utm_medium%3Dsocial\"><\/a><a href=\"https:\/\/twitter.com\/intent\/tweet?text=POL-MA%3A%20Mannheim%20-%20B38%20-%20Viernheimer%20Kreuz%20Richtung%20MA-K%C3%A4fertal%20-%20Rettungshubschrauber%20nach%20Verkehrsunfall%20im%20Einsatz%20-%20PM%20Nr.%201&amp;url=https%3A%2F%2Fwww.presseportal.de%2Fblaulicht%2Fpm%2F14915%2F5746920%2F%3Futm_source%3Dtwitter%26utm_medium%3Dsocial&amp;hashtags=ots&amp;lang=de\"><\/a><a href=\"https:\/\/web.whatsapp.com\/send?text=POL-MA%3A%20Mannheim%20-%20B38%20-%20Viernheimer%20Kreuz%20Richtung%20MA-K%C3%A4fertal%20-%20Rettungshubschrauber%20nach%20Verkehrsunfall%20im%20Einsatz%20-%20PM%20Nr.%201%0A%0Ahttps%3A%2F%2Fwww.presseportal.de%2Fblaulicht%2Fpm%2F14915%2F5746920%2F%3Futm_source%3Dwhatsapp%26utm_medium%3Dsocial\"><\/a><a href=\"https:\/\/www.xing.com\/app\/user?op=share;url=https%3A%2F%2Fwww.presseportal.de%2Fblaulicht%2Fpm%2F14915%2F5746920%2F%3Futm_source%3Dxing%26utm_medium%3Dsocial\"><\/a><a href=\"http:\/\/www.linkedin.com\/shareArticle?mini=true&amp;url=https%3A%2F%2Fwww.presseportal.de%2Fblaulicht%2Fpm%2F14915%2F5746920%2F%3Futm_source%3Dlinkedin%26utm_medium%3Dsocial&amp;title=POL-MA%3A+Mannheim+-+B38+-+Viernheimer+Kreuz+Richtung+MA-K%C3%A4fertal+-+Rettungshubschrauber+nach+Verkehrsunfall+im+Einsatz+-+PM+Nr.+1\"><\/a><a href=\"mailto:?subject=POL-MA%3A%20Mannheim%20-%20B38%20-%20Viernheimer%20Kreuz%20Richtung%20MA-K%C3%A4fertal%20-%20Rettungshubschrauber%20nach%20Verkehrsunfall%20im%20Einsatz%20-%20PM%20Nr.%201&amp;body=https:\/\/www.presseportal.de\/blaulicht\/pm\/14915\/5746920\"><\/a><\/h2>\n\n\n<div class=\"wp-block-image\">\n<figure class=\"aligncenter size-full\"><img decoding=\"async\" loading=\"lazy\" width=\"800\" height=\"600\" src=\"https:\/\/speyer24news.com\/wp-content\/uploads\/2021\/06\/20210606_142751_copy_1209x1612.jpg\" alt=\"\" class=\"wp-image-37601\" srcset=\"https:\/\/speyer24news.com\/wp-content\/uploads\/2021\/06\/20210606_142751_copy_1209x1612.jpg 800w, https:\/\/speyer24news.com\/wp-content\/uploads\/2021\/06\/20210606_142751_copy_1209x1612-300x225.jpg 300w, https:\/\/speyer24news.com\/wp-content\/uploads\/2021\/06\/20210606_142751_copy_1209x1612-768x576.jpg 768w, https:\/\/speyer24news.com\/wp-content\/uploads\/2021\/06\/20210606_142751_copy_1209x1612-678x509.jpg 678w, https:\/\/speyer24news.com\/wp-content\/uploads\/2021\/06\/20210606_142751_copy_1209x1612-326x245.jpg 326w, https:\/\/speyer24news.com\/wp-content\/uploads\/2021\/06\/20210606_142751_copy_1209x1612-80x60.jpg 80w\" sizes=\"(max-width: 800px) 100vw, 800px\" \/><figcaption class=\"wp-element-caption\">Beispielbild Rettungshubschrauber, dient lediglich der Visualisierung.<\/figcaption><\/figure><\/div>\n\n\n<p>Aktuell befinden sich Kr\u00e4fte des Rettungsdienstes, der Feuerwehr und Polizei bei einem Verkehrsunfall auf der B 38, zwischen dem Viernheimer Kreuz und Mannheim-K\u00e4fertal im Einsatz. Nach ersten Erkenntnissen hat sich dort ein Pkw \u00fcberschlagen. Weitere Informationen liegen noch nicht vor. Es wird nachberichtet. (<em>31.03.2024 \u2013 13:25<\/em>)<\/p>\n\n\n\n<h3 class=\"wp-block-heading has-text-align-center\">Pressemeldung Nr. 2<\/h3>\n\n\n\n<p>Nach dem Verkehrsunfall auf der B38 ist die Unfallaufnahme vor Ort mittlerweile gr\u00f6\u00dftenteils abgeschlossen, es laufen noch die letzten Arbeiten zur Fahrbahnreinigung. Die Fahrzeug-F\u00fchrerin, des am Unfall alleinbeteiligten Pkws, musste durch den Rettungsdienst in ein umliegendes Krankenhaus verbracht werden. Sie wurde durch den Unfall leicht verletzt. Ihr Pkw wurde durch eine Fachfirma geborgen und abgeschleppt. Durch die Unfallaufnahme war die B38 in Fahrtrichtung Mannheim-K\u00e4fertal kurzeitig gesperrt, nach wenigen Minuten bereits konnte der Verkehr jedoch an der Unfallstelle vorbeigef\u00fchrt werden, sodass sich nur geringe Auswirkungen auf den Verkehrsfluss ergaben. Der sich vor Ort befindliche Rettungshubschrauber musste zwar auf der Fahrbahn der B38 landen, konnte allerdings nach einer Erstversorgung der Verunfallten wieder in die Luft steigen. Die Unfallursache ist Gegenstand der Ermittlungen des Polizeireviers Mannheim-K\u00e4fertal. Die Schadensh\u00f6he kann aktuell nicht beziffert werden.<\/p>\n\n\n\n<h2 class=\"wp-block-heading\">(Mannheim) &#8211; Fremder, nackter Mann im Wohnzimmer<\/h2>\n\n\n<div class=\"wp-block-image\">\n<figure class=\"aligncenter size-full\"><img decoding=\"async\" loading=\"lazy\" width=\"600\" height=\"600\" src=\"https:\/\/speyer24news.com\/wp-content\/uploads\/2021\/02\/question-2309042_1920.jpg\" alt=\"\" class=\"wp-image-33695\" srcset=\"https:\/\/speyer24news.com\/wp-content\/uploads\/2021\/02\/question-2309042_1920.jpg 600w, https:\/\/speyer24news.com\/wp-content\/uploads\/2021\/02\/question-2309042_1920-150x150.jpg 150w, https:\/\/speyer24news.com\/wp-content\/uploads\/2021\/02\/question-2309042_1920-300x300.jpg 300w\" sizes=\"(max-width: 600px) 100vw, 600px\" \/><\/figure><\/div>\n\n\n<p>Unerwarteten Besuch erhielten die Bewohner eines Anwesens in der L\u00f6witstra\u00dfe am fr\u00fchen Sonntagmorgen gegen 04.09 Uhr. Ein nackter Mann betrat widerrechtlich ihre Wohnung durch die nicht verschlossene Wohnungst\u00fcr, nutzte die Dusche und legte im Anschluss Kleidung der Bewohnerin an. Danach setzte er sich an den Esstisch im Wohnzimmer, wo er von den beiden \u00fcberraschten Wohnungsinhabern angetroffen wurde. Diese meldeten der Polizei \u00fcber Notruf zun\u00e4chst einen Einbruch, weshalb die \u00d6rtlichkeit mit starken Kr\u00e4ften aufgesucht wurde. Vor Ort wollte der 24-j\u00e4hrige M\u00f6nchengladbacher jedoch nur mit seinem Gegen\u00fcber diskutieren und hegte keine b\u00f6sen Absichten. Da er im Gespr\u00e4chsverlauf einen verwirrten Eindruck machte und augenscheinlich stark dehydriert war, wurde er zur Untersuchung in ein Mannheimer Krankenhaus gebracht. Den Bewohnern entstand bis auf den Schock kein Schaden.<\/p>\n\n\n\n<h2 class=\"wp-block-heading\">(Mannheim-Oststadt) &#8211; Unfallflucht am Wasserturm<\/h2>\n\n\n\n<p>Am Samstag, gegen 15:35 Uhr befuhr eine 20-j\u00e4hrige PKW Fahrerin mit ihrem Toyota den Friedrichsring in Richtung des Hauptbahnhofes. Kurz vor der Einm\u00fcndung zur Fressgasse wechselte der Fahrer eines <strong>Audi (vermutlich ein A6 Avant) <\/strong>pl\u00f6tzlich die Fahrspur und scherte vor ihr ein. Hierbei kam es zu einem Zusammensto\u00df der Fahrzeuge. Der Toyota wurde vorne links an der Sto\u00dfstange und dem Kotfl\u00fcgel besch\u00e4digt. Aufgrund der H\u00f6he des Sachschadens ist davon auszugehen, dass der Audi-Fahrer den Unfall bemerkt haben muss. Anstatt anzuhalten und den Unfall mit der Gesch\u00e4digten zu regeln, bog der Audi in die Fressgasse ein und entfernte sich von der Unfallstelle. <\/p>\n\n\n\n<ul>\n<li><strong>Zeugen die den Unfall beobachtet haben werden gebeten, sich beim Polizeirevier Mannheim-Oststadt unter der Tel. 0621\/174-3310 zu melden.<\/strong><\/li>\n<\/ul>\n\n\n\n<h2 class=\"wp-block-heading\">(Heidelberg) &#8211; K\u00f6rperliche Auseinandersetzung in der Heidelberger Altstadt<\/h2>\n\n\n<div class=\"wp-block-image\">\n<figure class=\"aligncenter size-full\"><img decoding=\"async\" loading=\"lazy\" width=\"800\" height=\"533\" src=\"https:\/\/speyer24news.com\/wp-content\/uploads\/2021\/11\/Schlaegerei.jpg\" alt=\"\" class=\"wp-image-42366\" srcset=\"https:\/\/speyer24news.com\/wp-content\/uploads\/2021\/11\/Schlaegerei.jpg 800w, https:\/\/speyer24news.com\/wp-content\/uploads\/2021\/11\/Schlaegerei-300x200.jpg 300w, https:\/\/speyer24news.com\/wp-content\/uploads\/2021\/11\/Schlaegerei-768x512.jpg 768w\" sizes=\"(max-width: 800px) 100vw, 800px\" \/><figcaption class=\"wp-element-caption\">Beispielbild Schl\u00e4gerei \/ K\u00f6rperverletzung, dient lediglich der Visualisierung<\/figcaption><\/figure><\/div>\n\n\n<p>In den fr\u00fchen Morgenstunden des Ostersonntags kam es gegen 04.15 Uhr in der Heidelberger Altstadt an der Ecke K\u00fccheng\u00e4sschen\/Hauptstra\u00dfe zu einer k\u00f6rperlichen Auseinandersetzung zwischen zwei Personengruppen, bei der die vier Angeh\u00f6rigen der einen Gruppe von 7-8 Personen aus der zweiten Gruppe angegriffen und mit Schl\u00e4gen und Fu\u00dftritten traktiert wurden. Die 21, 24, 24 und 28 Jahre alten Gesch\u00e4digten wurden hierbei leicht verletzt, konnten nach einer Behandlung durch eine RTW-Besatzung ihren Weg jedoch fortsetzen. Die T\u00e4ter fl\u00fcchteten in Richtung Marktplatz und konnten im Rahmen der Fahndungsma\u00dfnahmen nicht mehr festgestellt werden. Das Motiv der Tat blieb unklar. <\/p>\n\n\n\n<h4 class=\"wp-block-heading\">Der Hauptt\u00e4ter kann beschrieben werden wie folgt: <\/h4>\n\n\n\n<ul>\n<li><strong>18-23 Jahre alt<\/strong><\/li>\n\n\n\n<li><strong>ca. 1,75 &#8211; 1,80 m gro\u00df<\/strong><\/li>\n\n\n\n<li><strong>Vollbart<\/strong><\/li>\n\n\n\n<li><strong>s\u00fcdl\u00e4ndischer Ph\u00e4notyp<\/strong><\/li>\n\n\n\n<li><strong>wei\u00dfer Pullover<\/strong><\/li>\n<\/ul>\n\n\n\n<p>Das Polizeirevier Heidelberg-Mitte hat die Ermittlungen aufgenommen.<\/p>\n\n\n\n<h2 class=\"wp-block-heading\">(A 659 \/ Viernheim \/ S\u00fcdhessen) &#8211; Fehler beim Einfahren auf die Autobahn f\u00fchrt zum Unfall<\/h2>\n\n\n\n<p>Am sp\u00e4ten Samstagabend, gegen 22:57 Uhr wollte ein 76-j\u00e4hriger Mann mit seinem VW auf die BAB 659 in Richtung Weinheim auffahren. Als er von der Anschlusstelle Viernheim-Ost auf die Autobahn einfahren wollte missachtete er jedoch die Vorfahrt der Fahrzeuge auf der Autobahn. Er kreuzte unmittelbar die rechte Fahrspur und ragte mit seinem Fahrzeug schon in die linke Fahrspur hinein. Ein 34-j\u00e4hriger Mann der mit seinem Jeep auf dieser Spur fuhr, versuchte noch durch eine Notbremsung und einem Ausweichman\u00f6ver nach links einen Zusammensto\u00df zu vermeiden. Dies gelang ihm aber nicht, so dass es zum Zusammensto\u00df mit dem VW kam und er selbst noch dazu in die Mittelleitplanke gedr\u00fcckt wurde. Beide Fahrer wurden vor Ort vom Rettungsdienst begutachtet, blieben aber nach ersten Erkenntnissen beide unverletzt. Die Fahrzeuge waren nicht mehr fahrbereit und mussten abgeschleppt werden. Der Sachschaden bel\u00e4uft sich auf ca. 18.000 Euro. Zur Unfallaufnahme musste die Autobahn 659 in Richtung Weinheim f\u00fcr \u00fcber zwei Stunden voll gesperrt werden.<\/p>\n","protected":false},"excerpt":{"rendered":"<div class=\"mh-excerpt\"><p>Polizeimeldungen vom Sonntag (31.03.2024) (Speyer) &#8211; Widerstand nach K\u00f6rperverletzung mit Ende in der Gewahrsamszelle Am Sonntagmorgen um kurz nach 4.00 Uhr melden mehrere Personen \u00fcber Notruf eine aggressive Person an einer Tankstelle in der Bahnhofstra\u00dfe <a class=\"mh-excerpt-more\" href=\"https:\/\/speyer24news.com\/?p=59194\" title=\"Polizeimeldungen Sonntag (31.03.24)\">[&#8230;]<\/a><\/p>\n<\/div>","protected":false},"author":3,"featured_media":26162,"comment_status":"open","ping_status":"open","sticky":false,"template":"","format":"standard","meta":{"_monsterinsights_skip_tracking":false,"_monsterinsights_sitenote_active":false,"_monsterinsights_sitenote_note":"","_monsterinsights_sitenote_category":0,"footnotes":""},"categories":[15659],"tags":[7273,7243,7244,10926,13554,350,14537,15084,15267,14538,15361,702,61,2555,14113,6955,6986,6263,63,105,11150,6987,53,13540,16956,4683,14958,9154,12967,102,13626,213,14325,14324,13553,13541,16955,2625,380],"aioseo_notices":[],"amp_enabled":true,"_links":{"self":[{"href":"https:\/\/speyer24news.com\/index.php?rest_route=\/wp\/v2\/posts\/59194"}],"collection":[{"href":"https:\/\/speyer24news.com\/index.php?rest_route=\/wp\/v2\/posts"}],"about":[{"href":"https:\/\/speyer24news.com\/index.php?rest_route=\/wp\/v2\/types\/post"}],"author":[{"embeddable":true,"href":"https:\/\/speyer24news.com\/index.php?rest_route=\/wp\/v2\/users\/3"}],"replies":[{"embeddable":true,"href":"https:\/\/speyer24news.com\/index.php?rest_route=%2Fwp%2Fv2%2Fcomments&post=59194"}],"version-history":[{"count":2,"href":"https:\/\/speyer24news.com\/index.php?rest_route=\/wp\/v2\/posts\/59194\/revisions"}],"predecessor-version":[{"id":59196,"href":"https:\/\/speyer24news.com\/index.php?rest_route=\/wp\/v2\/posts\/59194\/revisions\/59196"}],"wp:featuredmedia":[{"embeddable":true,"href":"https:\/\/speyer24news.com\/index.php?rest_route=\/wp\/v2\/media\/26162"}],"wp:attachment":[{"href":"https:\/\/speyer24news.com\/index.php?rest_route=%2Fwp%2Fv2%2Fmedia&parent=59194"}],"wp:term":[{"taxonomy":"category","embeddable":true,"href":"https:\/\/speyer24news.com\/index.php?rest_route=%2Fwp%2Fv2%2Fcategories&post=59194"},{"taxonomy":"post_tag","embeddable":true,"href":"https:\/\/speyer24news.com\/index.php?rest_route=%2Fwp%2Fv2%2Ftags&post=59194"}],"curies":[{"name":"wp","href":"https:\/\/api.w.org\/{rel}","templated":true}]}}