{"id":59209,"date":"2024-04-05T17:21:50","date_gmt":"2024-04-05T16:21:50","guid":{"rendered":"https:\/\/speyer24news.com\/?p=59209"},"modified":"2024-04-06T08:18:23","modified_gmt":"2024-04-06T07:18:23","slug":"polizeimeldungen-dienstag-mittwoch-02-04-03-04-24","status":"publish","type":"post","link":"https:\/\/speyer24news.com\/?p=59209","title":{"rendered":"Polizeimeldungen Mittwoch &#038; Donnerstag (03.04. &#038; 04.04.24)"},"content":{"rendered":"<style type=\"text\/css\">\r\n\t.ads_top_disp{}\r\n\t.ads_top_corner_disp{ float:left; margin:0px 10px 10px 0px; }\r\n\t.ads_first_p_disp{}\r\n\t.ads_bottom_disp{}\r\n\t<\/style>\n<h2 class=\"wp-block-heading\">Polizeimeldungen vom Mittwoch &amp; Donnerstag (03.04. &amp; 04.04.2024)<\/h2>\n\n\n<div class=\"wp-block-image\">\n<figure class=\"aligncenter size-full\"><img decoding=\"async\" loading=\"lazy\" width=\"375\" height=\"500\" src=\"https:\/\/speyer24news.com\/wp-content\/uploads\/2022\/03\/Aktuelles-Polizeilogo.jpg\" alt=\"\" class=\"wp-image-43591\" srcset=\"https:\/\/speyer24news.com\/wp-content\/uploads\/2022\/03\/Aktuelles-Polizeilogo.jpg 375w, https:\/\/speyer24news.com\/wp-content\/uploads\/2022\/03\/Aktuelles-Polizeilogo-225x300.jpg 225w\" sizes=\"(max-width: 375px) 100vw, 375px\" \/><\/figure><\/div>\n\n\n<h2 class=\"wp-block-heading\">(Speyer) &#8211; Parkplatzunfall, Verursacher fl\u00fcchtet<\/h2>\n\n\n\n<p>Am Mittwochmittag, kurz vor 14 Uhr fuhr eine 59-j\u00e4hrige PKW-Fahrerin auf dem Parkplatz eines Supermarktes in der Iggelheimer Stra\u00dfe und musste kurzzeitig anhalten. In diesem Moment parkte ein unbekannter PKW aus einem Parkplatz r\u00fcckw\u00e4rts aus und touchierte den PKW der 59-J\u00e4hrigen an der Hecksto\u00dfstange. Anschlie\u00dfend fuhr der unbekannte PKW weiter, ohne sich um eine Schadensregulierung zu k\u00fcmmern. Am PKW der 59-J\u00e4hrigen entstand ein Schaden in H\u00f6he von mehreren hundert Euro. Hinweise zu dem Unfall verursachenden PKW oder dessen Fahrer liegen aktuell nicht vor.<\/p>\n\n\n\n<ul>\n<li><strong>Wer kann Hinweise zu dem Unfall auf dem REWE-Parkplatz geben? Zeugen, oder der PKW-Fahrer selbst, werden gebeten, sich mit der Polizei Speyer telefonisch oder per E-Mail (Tel. 06232 \/ 137-0, E-Mail an&nbsp;<a href=\"mailto:%20pispeyer@polizei.rlp.de\">pispeyer@polizei.rlp.de<\/a>) in Verbindung zu setzen.<\/strong><\/li>\n<\/ul>\n\n\n\n<h2 class=\"wp-block-heading\">(Speyer) &#8211; Dreister Dieb klaut in zwei Gesch\u00e4ften und landet im Gewahrsam<\/h2>\n\n\n<div class=\"wp-block-image\">\n<figure class=\"aligncenter size-full\"><img decoding=\"async\" loading=\"lazy\" width=\"800\" height=\"600\" src=\"https:\/\/speyer24news.com\/wp-content\/uploads\/2019\/06\/Ausn\u00fcchterungszelle.jpg\" alt=\"\" class=\"wp-image-15212\" srcset=\"https:\/\/speyer24news.com\/wp-content\/uploads\/2019\/06\/Ausn\u00fcchterungszelle.jpg 800w, https:\/\/speyer24news.com\/wp-content\/uploads\/2019\/06\/Ausn\u00fcchterungszelle-300x225.jpg 300w, https:\/\/speyer24news.com\/wp-content\/uploads\/2019\/06\/Ausn\u00fcchterungszelle-768x576.jpg 768w, https:\/\/speyer24news.com\/wp-content\/uploads\/2019\/06\/Ausn\u00fcchterungszelle-678x509.jpg 678w, https:\/\/speyer24news.com\/wp-content\/uploads\/2019\/06\/Ausn\u00fcchterungszelle-326x245.jpg 326w, https:\/\/speyer24news.com\/wp-content\/uploads\/2019\/06\/Ausn\u00fcchterungszelle-80x60.jpg 80w\" sizes=\"(max-width: 800px) 100vw, 800px\" \/><figcaption class=\"wp-element-caption\">Beispielbild Zelle \/ Verhaftung, dient lediglich der Visualisierung<\/figcaption><\/figure><\/div>\n\n\n<p>Am Mittwoch, kurz nach 11 Uhr versuchte ein 34-j\u00e4hriger Mann diverse Kleidungsst\u00fccke aus einem Bekleidungsgesch\u00e4ft in der Maximilianstra\u00dfe zu stehlen. Hierf\u00fcr zerst\u00f6rte er die daran befindlichen Diebstahlsicherungen und zog sich die Kleidungsst\u00fccke an. Der Mann wurde dabei von Mitarbeitern beobachtet, welche die Polizei verst\u00e4ndigten. Die eingesetzten Beamten trafen den Mann noch bei der Tatausf\u00fchrung in einer Umkleidekabine an. Durch die Entfernung der Diebstahlsicherung besch\u00e4digte der 34-J\u00e4hrige einen Teil der Kleidung und erlitt eine blutende Fingerverletzung, mit seinem Blut verschmutzte er einen weiteren Teil der Kleidung. Die Schadensh\u00f6he betr\u00e4gt ca. 86 Euro. Dem Mann wurde anschlie\u00dfend ein Platzverweis f\u00fcr die Innenstadt erteilt, welchem er nachkam.<\/p>\n\n\n\n<p>Kurz nach 14 Uhr meldete ein Supermarkt in der Schifferstadter Stra\u00dfe einen Mann, der eine Dose Eiskaffee im Wert von knapp 2 Euro entwendete. Er wurde durch einen Mitarbeiter angesprochen und versuchte zun\u00e4chst erfolglos zu fl\u00fcchten. Bis zum Eintreffen der Polizei wartete der Mann schlie\u00dflich in einem B\u00fcro des Marktes. Es handelte sich erneut um den oben genannten 34-J\u00e4hrigen. Er wurde schlie\u00dflich bis in die fr\u00fchen Nachtstunden in Gewahrsam genommen.<\/p>\n\n\n\n<h2 class=\"wp-block-heading\">(Speyer) &#8211; Zeugenaufruf nach Einbruch auf Firmengel\u00e4nde<\/h2>\n\n\n<div class=\"wp-block-image\">\n<figure class=\"aligncenter size-full\"><img decoding=\"async\" loading=\"lazy\" width=\"800\" height=\"600\" src=\"https:\/\/speyer24news.com\/wp-content\/uploads\/2020\/07\/Hubschrauber-bei-Personensuche.jpg\" alt=\"\" class=\"wp-image-29175\" srcset=\"https:\/\/speyer24news.com\/wp-content\/uploads\/2020\/07\/Hubschrauber-bei-Personensuche.jpg 800w, https:\/\/speyer24news.com\/wp-content\/uploads\/2020\/07\/Hubschrauber-bei-Personensuche-300x225.jpg 300w, https:\/\/speyer24news.com\/wp-content\/uploads\/2020\/07\/Hubschrauber-bei-Personensuche-768x576.jpg 768w, https:\/\/speyer24news.com\/wp-content\/uploads\/2020\/07\/Hubschrauber-bei-Personensuche-678x509.jpg 678w, https:\/\/speyer24news.com\/wp-content\/uploads\/2020\/07\/Hubschrauber-bei-Personensuche-326x245.jpg 326w, https:\/\/speyer24news.com\/wp-content\/uploads\/2020\/07\/Hubschrauber-bei-Personensuche-80x60.jpg 80w\" sizes=\"(max-width: 800px) 100vw, 800px\" \/><figcaption class=\"wp-element-caption\">Polizeihubschrauber bei Suchma\u00dfnahme in der Nacht, Bilddient lediglich der Visualisierung<\/figcaption><\/figure><\/div>\n\n\n<p>Am sp\u00e4ten Montagabend um 23:24 Uhr meldete eine Sicherheitsfirma bei der Polizeiinspektion Speyer einen aktuellen Einbruch auf ein Firmengel\u00e4nde in der Auestra\u00dfe. Die Polizei hat sofort zahlreiche Kr\u00e4fte an die Adresse entsandt und das Gel\u00e4nde und die B\u00fcror\u00e4umlichkeiten durchsucht. Mit Unterst\u00fctzung des Polizeihubschraubers ist das Suchgebiet noch erweitert worden. Die umfangreichen Fahndungsma\u00dfnahmen f\u00fchrten jedoch nicht zur Feststellung von tatverd\u00e4chtigen Personen. Die Polizei konnte am Tatort Spuren sichern. Der oder die T\u00e4ter haben nach bisherigem Ermittlungsstand lediglich Sachschaden verursacht. <\/p>\n\n\n\n<ul>\n<li><strong>Zeugen, die sachdienliche Hinweise geben k\u00f6nnen, werden gebeten, sich mit der Polizeiinspektion Speyer unter 06232 137-0 oder per E-Mail an&nbsp;<a href=\"mailto:pispeyer@polizei.rlp.de\" target=\"_blank\" rel=\"noreferrer noopener\">pispeyer@polizei.rlp.de<\/a>&nbsp;in Verbindung zu setzen.<\/strong><\/li>\n<\/ul>\n\n\n\n<h2 class=\"wp-block-heading\">(Schifferstadt) &#8211; Verdacht eines versuchten T\u00f6tungsdeliktes \/ Dringender Tatverdacht entkr\u00e4ftet<\/h2>\n\n\n\n<h3 class=\"wp-block-heading\">Gemeinsame Pressemitteilung der Staatsanwaltschaft Frankenthal (Pfalz) und des Polizeipr\u00e4sidiums Rheinpfalz<\/h3>\n\n\n\n<h3 class=\"wp-block-heading has-text-align-center\">Nachtrag zur Pressemeldung vom 22.03.2024:&nbsp;<a target=\"_blank\" rel=\"noreferrer noopener\" href=\"https:\/\/s.rlp.de\/hmXKF\">https:\/\/s.rlp.de\/hmXKF<\/a><\/h3>\n\n\n\n<p>Nachdem am Mittwoch (20.03.2024) ein 48-J\u00e4hriger sich in Gegenwart seiner ehemaligen Lebensgef\u00e4hrtin mit einer brennbaren Fl\u00fcssigkeit \u00fcbergoss und diese entz\u00fcndete, haben umfangreiche und intensive Ermittlungen der Staatsanwaltschaft Frankenthal und der Kriminalpolizei Ludwigshafen den dringenden Tatverdacht eines versuchten T\u00f6tungsdeliktes zum Nachteil seiner ehemaligen Lebensgef\u00e4hrtin entkr\u00e4ftet. Der Untersuchungshaftbefehl wurde auf Antrag der Staatsanwaltschaft aufgehoben. Der 48-J\u00e4hrige befindet sich weiterhin in einem Krankenhaus.<\/p>\n\n\n\n<h2 class=\"wp-block-heading\">(Mutterstadt) &#8211; Mit Papiertonne bereichert<\/h2>\n\n\n\n<p>Eine unbekannte T\u00e4terschaft entwendete am vergangenen Mittwoch, zwischen 21:30 Uhr und 23:30 Uhr, eine in der Waldstra\u00dfe zur Abholung abgestellte Papiertonne. Zuvor hatte der oder die T\u00e4ter die Tonne noch vor Ort entleert. Das Diebesgut hatte einen ungef\u00e4hren Wert von 80 Euro. <\/p>\n\n\n\n<ul>\n<li><strong>Wer Hinweise auf den oder die T\u00e4ter geben kann wird gebeten, sich unter der Telefonnummer 06235 &#8211; 495-0 oder per E-Mail (<a href=\"mailto:pischifferstadt@polizei.rlp.de\">pischifferstadt@polizei.rlp.de<\/a>) mit der Polizeiinspektion Schifferstadt in Verbindung zu setzen.<\/strong><\/li>\n<\/ul>\n\n\n\n<h2 class=\"wp-block-heading\">(Mutterstadt) &#8211; Gl\u00fcckliches Ende einer Trunkenheitsfahrt<\/h2>\n\n\n\n<p>Eine aufmerksame Verkehrsteilnehmerin meldete am vergangenen Dienstag, 02.04.2024, gegen 08:40 Uhr, einen zwischen Limburgerhof und Mutterstadt Schlangenlinien fahrenden Verkehrsteilnehmer, der bereits mehrfach in den Gr\u00fcnstreifen und \u00fcber den Mittelstreifen gefahren sei. An einer Tankstelle in der Speyerer Stra\u00dfe konnte der besagte Pkw samt alkoholisiertem Fahrer angetroffen werden. Bereits beim Austeigen aus seinem Fahrzeug musste sich der 41-j\u00e4hrige Mann aus Mannheim, der sehr stark nach Alkohol roch, an seinem Fahrzeug festhalten. Die Durchf\u00fchrung eines Alkoholtestes vor Ort wurde verweigert. Am Fahrzeug des Mannes konnten keinerlei Unfallspuren festgestellt werden. Dem 41-j\u00e4hrigen wurde daraufhin eine Blutprobe entnommen und die Weiterfahrt untersagt. Ihn erwartet nun ein Verfahren wegen Trunkenheit im Verkehr.<\/p>\n\n\n\n<h2 class=\"wp-block-heading\">(B\u00f6hl-Iggelheim) &#8211; T\u00f6tungsdelikt \/ 31-J\u00e4hriger vorl\u00e4ufig festgenommen<\/h2>\n\n\n\n<h3 class=\"wp-block-heading\">Gemeinsame Pressemitteilung der Staatsanwaltschaft Frankenthal (Pfalz) und des Polizeipr\u00e4sidiums Rheinpfalz<\/h3>\n\n\n<div class=\"wp-block-image\">\n<figure class=\"aligncenter size-full\"><img decoding=\"async\" loading=\"lazy\" width=\"800\" height=\"533\" src=\"https:\/\/speyer24news.com\/wp-content\/uploads\/2021\/10\/Festnahme-Handschellen.jpg\" alt=\"\" class=\"wp-image-41224\" srcset=\"https:\/\/speyer24news.com\/wp-content\/uploads\/2021\/10\/Festnahme-Handschellen.jpg 800w, https:\/\/speyer24news.com\/wp-content\/uploads\/2021\/10\/Festnahme-Handschellen-300x200.jpg 300w, https:\/\/speyer24news.com\/wp-content\/uploads\/2021\/10\/Festnahme-Handschellen-768x512.jpg 768w\" sizes=\"(max-width: 800px) 100vw, 800px\" \/><figcaption class=\"wp-element-caption\">Beispielbild Handschelle \/ Verhaftung, dient lediglich der Visualisierung<\/figcaption><\/figure><\/div>\n\n\n<p>In einer Wohnung in B\u00f6hl-Iggelheim wurde am Morgen des 02.04.2024 ein toter Mann aufgefunden. Bei dem Verstorbenen handelt es sich um einen 68-j\u00e4hrigen Bewohner der Wohnung. Die festgestellten Verletzungen und die Spurenlage lassen auf ein T\u00f6tungsdelikt schlie\u00dfen. Polizeikr\u00e4fte nahmen in der N\u00e4he des Tatortes einen 31-j\u00e4hriger Tatverd\u00e4chtiger vorl\u00e4ufig fest. Bei dem 31-J\u00e4hrigen handelt es sich um den Sohn des 68-J\u00e4hrigen.<\/p>\n\n\n\n<p>Die Staatsanwaltschaft Frankenthal und die Kriminalpolizei Ludwigshafen haben die Ermittlungen zu den Hintergr\u00fcnden und dem Motiv der Tat aufgenommen.<\/p>\n\n\n\n<h3 class=\"wp-block-heading has-text-align-center\">1. Nachtrag: Tatverd\u00e4chtiger untergebracht<\/h3>\n\n\n\n<h3 class=\"wp-block-heading\">Gemeinsame Pressemitteilung der Staatsanwaltschaft Frankenthal (Pfalz) und des Polizeipr\u00e4sidiums Rheinpfalz<\/h3>\n\n\n\n<p>Nachdem am 02.04.2024 ein 68-J\u00e4hriger in B\u00f6hl-Iggelheim get\u00f6tet wurde, ist der 31-j\u00e4hrige Tatverd\u00e4chtige heute (03.04.2024) dem Haftrichter vorgef\u00fchrt worden.<\/p>\n\n\n\n<p>Dieser ordnete auf Antrag der Staatsanwaltschaft Frankenthal die einstweilige Unterbringung in einem psychiatrischen Krankenhaus wegen des dringenden Tatverdachts des Totschlags an. Der Mann wurde anschlie\u00dfend in ein psychiatrisches Krankenhaus gebracht. Er schweigt zu den Tatvorw\u00fcrfen.<\/p>\n\n\n\n<p>Ein Unterbringungsbefehl anstelle eines Haftbefehls war deshalb zu erlassen, da dringende Gr\u00fcnde f\u00fcr die Annahme vorliegen, dass der Beschuldigte aufgrund einer psychischen Erkrankung f\u00fcr sein Tun im strafrechtlichen Sinne nicht voll verantwortlich war und aufgrund seiner Gef\u00e4hrlichkeit in dem sp\u00e4teren Verfahren die Unterbringung in einem psychiatrischen Krankenhaus angeordnet werden wird.<\/p>\n\n\n\n<h3 class=\"wp-block-heading has-text-align-center\">2. Nachtrag: Vorl\u00e4ufiges Obduktionsergebnis<\/h3>\n\n\n\n<h3 class=\"wp-block-heading\">Gemeinsame Pressemitteilung der Staatsanwaltschaft Frankenthal (Pfalz) und des Polizeipr\u00e4sidiums Rheinpfalz<\/h3>\n\n\n<div class=\"wp-block-image\">\n<figure class=\"aligncenter size-full\"><img decoding=\"async\" loading=\"lazy\" width=\"800\" height=\"533\" src=\"https:\/\/speyer24news.com\/wp-content\/uploads\/2021\/01\/Ruhe-in-Frieden.jpg\" alt=\"\" class=\"wp-image-32361\" srcset=\"https:\/\/speyer24news.com\/wp-content\/uploads\/2021\/01\/Ruhe-in-Frieden.jpg 800w, https:\/\/speyer24news.com\/wp-content\/uploads\/2021\/01\/Ruhe-in-Frieden-300x200.jpg 300w, https:\/\/speyer24news.com\/wp-content\/uploads\/2021\/01\/Ruhe-in-Frieden-768x512.jpg 768w\" sizes=\"(max-width: 800px) 100vw, 800px\" \/><\/figure><\/div>\n\n\n<p>Nachdem am 02.04.2024 ein 68-J\u00e4hriger in B\u00f6hl-Iggelheim get\u00f6tet wurde, ist dessen Leichnam am 03.04.2024 im Auftrag der Staatsanwaltschaft Frankenthal im Institut f\u00fcr Rechtsmedizin der Universit\u00e4t Mainz obduziert worden.<\/p>\n\n\n\n<p>Das vorl\u00e4ufige Ergebnis der Obduktion ergab, dass ein zentrales Regulationsversagen durch Gewalt gegen den Hals in Kombination mit einem Blutverlust als Todesursache angenommen werden kann.<\/p>\n\n\n\n<p>Die Ermittlungen von Staatsanwaltschaft Frankenthal und Kriminalpolizei Ludwigshafen insbesondere zu den Hintergr\u00fcnden und dem Motiv der Tat dauern weiter an.<\/p>\n\n\n\n<h2 class=\"wp-block-heading\">(B 272 \/ Lustadt) &#8211; Unfall<\/h2>\n\n\n\n<p>Dienstagmittag ereignete sich auf der Bundesstra\u00dfe 272 auf H\u00f6he der \u00dcberf\u00fchrung der K1 ein Verkehrsunfall. Eine 34-j\u00e4hrige Autofahrerin verlor aus bislang ungekl\u00e4rter Ursache die Kontrolle \u00fcber ihr Fahrzeug und kollidierte mit einem entgegenkommenden LKW. Dabei wurde sie gl\u00fccklicherweise nur leicht verletzt. Der Sachschaden bel\u00e4uft sich auf ca. 40.000 Euro. Die Bundesstra\u00dfe war bis zum sp\u00e4ten Nachmittag vollst\u00e4ndig gesperrt. Auf der Umleitungsstrecke ereignete sich um 14.35 Uhr ein weiterer Verkehrsunfall zwischen zwei Autofahrern, bei dem insgesamt drei Personen leicht verletzt wurden.<\/p>\n\n\n\n<h2 class=\"wp-block-heading\">(Germersheim) &#8211; Verkehrsunfallstatistik 2023<\/h2>\n\n\n\n<ul>\n<li><a href=\"https:\/\/www.presseportal.de\/download\/document\/660d3763270000fd2cbfe81d-schaubild-statistikverkehr2023-final.pdf\"><strong>Schaubild_StatistikVerkehr2023_FINAL.pdf<\/strong><br>PDF &#8211; 1,0 MB<\/a><\/li>\n\n\n\n<li><\/li>\n<\/ul>\n\n\n\n<p>Informationen zur Verkehrsunfallstatistik der Polizeiinspektion Germersheim finden Sie unter:&nbsp;<a href=\"https:\/\/s.rlp.de\/fFAru\" target=\"_blank\" rel=\"noreferrer noopener\">https:\/\/s.rlp.de\/fFAru<\/a>. Anbei befindet sich ein Schaubild mit den wichtigsten Zahlen und Fakten.<\/p>\n\n\n\n<h2 class=\"wp-block-heading\">(Germersheim) &#8211; Kriminalit\u00e4tsstatistik 2023<\/h2>\n\n\n\n<ul>\n<li><a href=\"https:\/\/www.presseportal.de\/download\/document\/660d3c91270000fd2cbff5fa-schaubild.pdf\"><strong>Schaubild.pdf<\/strong><br>PDF &#8211; 576 kB<\/a><\/li>\n<\/ul>\n\n\n\n<p>Im Jahr 2023 wurden im Dienstbezirk der Polizeiinspektion Germersheim insgesamt 4.150 Straftaten erfasst. Dabei konnte eine Aufkl\u00e4rungsquote von 61,8 Prozent erzielt werden. Die komplette Statistik ist auf unserer Internetseite unter&nbsp;<a href=\"https:\/\/s.rlp.de\/q6CwI\" target=\"_blank\" rel=\"noreferrer noopener\">https:\/\/s.rlp.de\/q6CwI<\/a>&nbsp;ver\u00f6ffentlicht. Anbei befindet sich eine Kurz\u00fcbersicht mit wichtigen Daten und Fakten zur Statistik.<\/p>\n\n\n\n<h2 class=\"wp-block-heading\">(Germersheim \/ Knittelsheim) &#8211; 55 x zu schnell<\/h2>\n\n\n\n<p>Insgesamt 55 Verkehrsteilnehmer waren am Dienstag bei Geschwindigkeitsmessungen in Germersheim und Knittelsheim zu schnell unterwegs. In der Stra\u00dfe &#8222;Am Unkenfunk&#8220; wurde der Verkehr von 08.20 &#8211; 10.20 Uhr \u00fcberwacht. Neben 24 Geschwindigkeitsverst\u00f6\u00dfen wurden auch drei Gurtmuffel und ein Handys\u00fcnder festgestellt. In der Hauptstra\u00dfe in Knittelsheim waren dann im Zeitraum von 11.30 &#8211; 13.30 Uhr nochmal 31 Autofahrer mit \u00fcberh\u00f6hter Geschwindigkeit unterwegs.<\/p>\n\n\n\n<h2 class=\"wp-block-heading\">(W\u00f6rth) &#8211; Berufsinfotag der Polizei W\u00f6rth am 16.04.<a href=\"https:\/\/www.facebook.com\/sharer.php?u=https%3A%2F%2Fwww.presseportal.de%2Fblaulicht%2Fpm%2F117686%2F5749657%2F%3Futm_source%3Dfacebook%26utm_medium%3Dsocial\"><\/a><a href=\"https:\/\/twitter.com\/intent\/tweet?text=POL-PDLD%3A%20W%C3%B6rth%20-%20Berufsinfotag%20der%20Polizei%20W%C3%B6rth&amp;url=https%3A%2F%2Fwww.presseportal.de%2Fblaulicht%2Fpm%2F117686%2F5749657%2F%3Futm_source%3Dtwitter%26utm_medium%3Dsocial&amp;hashtags=ots&amp;lang=de\"><\/a><a href=\"https:\/\/web.whatsapp.com\/send?text=POL-PDLD%3A%20W%C3%B6rth%20-%20Berufsinfotag%20der%20Polizei%20W%C3%B6rth%0A%0Ahttps%3A%2F%2Fwww.presseportal.de%2Fblaulicht%2Fpm%2F117686%2F5749657%2F%3Futm_source%3Dwhatsapp%26utm_medium%3Dsocial\"><\/a><a href=\"https:\/\/www.xing.com\/app\/user?op=share;url=https%3A%2F%2Fwww.presseportal.de%2Fblaulicht%2Fpm%2F117686%2F5749657%2F%3Futm_source%3Dxing%26utm_medium%3Dsocial\"><\/a><a href=\"http:\/\/www.linkedin.com\/shareArticle?mini=true&amp;url=https%3A%2F%2Fwww.presseportal.de%2Fblaulicht%2Fpm%2F117686%2F5749657%2F%3Futm_source%3Dlinkedin%26utm_medium%3Dsocial&amp;title=POL-PDLD%3A+W%C3%B6rth+-+Berufsinfotag+der+Polizei+W%C3%B6rth\"><\/a><a href=\"mailto:?subject=POL-PDLD%3A%20W%C3%B6rth%20-%20Berufsinfotag%20der%20Polizei%20W%C3%B6rth&amp;body=https:\/\/www.presseportal.de\/blaulicht\/pm\/117686\/5749657\"><\/a><\/h2>\n\n\n<div class=\"wp-block-image\">\n<figure class=\"aligncenter\"><a href=\"https:\/\/cache.pressmailing.net\/thumbnail\/story_hires\/bb7b745b-95c8-4a5d-b5e5-c36b2e3dd448\/InfoabendPPRPPIW%C3%B6rth16.04.2024.jpg.jpg\"><img decoding=\"async\" src=\"https:\/\/cache.pressmailing.net\/thumbnail\/story_big\/bb7b745b-95c8-4a5d-b5e5-c36b2e3dd448\/pol-pdld-w-rth-berufsinfotag-der-polizei-w-rth\" alt=\"POL-PDLD: W\u00f6rth - Berufsinfotag der Polizei W\u00f6rth\"\/><\/a><\/figure><\/div>\n\n\n<p>!ERINNERUNG!<\/p>\n\n\n\n<p>Am Dienstag, den 16.04.2024 um 18 Uhr, findet der Berufsinfotag der Polizeiinspektion W\u00f6rth auf der Dienststelle statt.<\/p>\n\n\n\n<p><em><strong>Interessierte k\u00f6nnen sich bis zum 11.04.2024 (Frist ge\u00e4ndert) per Mail (<a href=\"mailto:piwoerth.einstellungen@polizei.rlp.de\">piwoerth.einstellungen@polizei.rlp.de<\/a>) anmelden.<\/strong><\/em><\/p>\n\n\n\n<p>Alles Weitere ist dem beigef\u00fcgten Infoplakat zu entnehmen.<\/p>\n\n\n\n<h2 class=\"wp-block-heading\">(W\u00f6rth) &#8211; Verkehrsstatistik<a href=\"https:\/\/www.facebook.com\/sharer.php?u=https%3A%2F%2Fwww.presseportal.de%2Fblaulicht%2Fpm%2F117686%2F5748820%2F%3Futm_source%3Dfacebook%26utm_medium%3Dsocial\"><\/a><a href=\"https:\/\/twitter.com\/intent\/tweet?text=POL-PDLD%3A%20W%C3%B6rth%20-%20Verkehrsstatistik&amp;url=https%3A%2F%2Fwww.presseportal.de%2Fblaulicht%2Fpm%2F117686%2F5748820%2F%3Futm_source%3Dtwitter%26utm_medium%3Dsocial&amp;hashtags=ots&amp;lang=de\"><\/a><a href=\"https:\/\/web.whatsapp.com\/send?text=POL-PDLD%3A%20W%C3%B6rth%20-%20Verkehrsstatistik%0A%0Ahttps%3A%2F%2Fwww.presseportal.de%2Fblaulicht%2Fpm%2F117686%2F5748820%2F%3Futm_source%3Dwhatsapp%26utm_medium%3Dsocial\"><\/a><a href=\"https:\/\/www.xing.com\/app\/user?op=share;url=https%3A%2F%2Fwww.presseportal.de%2Fblaulicht%2Fpm%2F117686%2F5748820%2F%3Futm_source%3Dxing%26utm_medium%3Dsocial\"><\/a><a href=\"http:\/\/www.linkedin.com\/shareArticle?mini=true&amp;url=https%3A%2F%2Fwww.presseportal.de%2Fblaulicht%2Fpm%2F117686%2F5748820%2F%3Futm_source%3Dlinkedin%26utm_medium%3Dsocial&amp;title=POL-PDLD%3A+W%C3%B6rth+-+Verkehrsstatistik\"><\/a><a href=\"mailto:?subject=POL-PDLD%3A%20W%C3%B6rth%20-%20Verkehrsstatistik&amp;body=https:\/\/www.presseportal.de\/blaulicht\/pm\/117686\/5748820\"><\/a><\/h2>\n\n\n<div class=\"wp-block-image\">\n<figure class=\"aligncenter\"><a href=\"https:\/\/cache.pressmailing.net\/thumbnail\/story_hires\/8866bfd1-0bf5-4a9c-a308-672ca7a6ea79\/Verkehrsstatistik2023.jpg.jpg\"><img decoding=\"async\" src=\"https:\/\/cache.pressmailing.net\/thumbnail\/story_big\/8866bfd1-0bf5-4a9c-a308-672ca7a6ea79\/pol-pdld-w-rth-verkehrsstatistik\" alt=\"POL-PDLD: W\u00f6rth - Verkehrsstatistik\"\/><\/a><\/figure><\/div>\n\n\n<ul>\n<li><a href=\"https:\/\/www.presseportal.de\/download\/document\/660d28bb270000fd2cbfc1b5-verkehrsunfallstatistik2023-piw-rthamrhein.pdf\"><strong>Verkehrsunfallstatistik2023-PIW\u00f6rthamRhein.pdf<\/strong><br>PDF &#8211; 1,2 MB<\/a><\/li>\n\n\n\n<li><\/li>\n<\/ul>\n\n\n\n<p>Informationen zur Verkehrsunfallstatistik 2023 der Polizeiinspektion W\u00f6rth am Rhein finden Sie unter&nbsp;<a href=\"https:\/\/www.polizei.rlp.de\/de\/die-polizei\/dienststellen\/polizeipraesidium-rheinpfalz\/polizeidirektion-landau\/polizeiinspektion-woerth\/\" target=\"_blank\" rel=\"noreferrer noopener\">https:\/\/www.polizei.rlp.de\/de\/die-polizei\/dienststellen\/polizeipraesidium-rheinpfalz\/polizeidirektion-landau\/polizeiinspektion-woerth\/<\/a>. Anbei befindet sich eine \u00dcbersicht, in der die wichtigsten Zahlen und Entwicklungen aufgezeigt werden.<\/p>\n\n\n\n<h2 class=\"wp-block-heading\">(W\u00f6rth) &#8211; Kriminalit\u00e4tsstatistik 2023 der Polizeiinspektion W\u00f6rth am Rhein<a href=\"https:\/\/www.facebook.com\/sharer.php?u=https%3A%2F%2Fwww.presseportal.de%2Fblaulicht%2Fpm%2F117686%2F5748819%2F%3Futm_source%3Dfacebook%26utm_medium%3Dsocial\"><\/a><a href=\"https:\/\/twitter.com\/intent\/tweet?text=POL-PDLD%3A%20W%C3%B6rth%20-%20Kriminalit%C3%A4tsstatistik%202023%20der%20Polizeiinspektion%20W%C3%B6rth%20am%20Rhein&amp;url=https%3A%2F%2Fwww.presseportal.de%2Fblaulicht%2Fpm%2F117686%2F5748819%2F%3Futm_source%3Dtwitter%26utm_medium%3Dsocial&amp;hashtags=ots&amp;lang=de\"><\/a><a href=\"https:\/\/web.whatsapp.com\/send?text=POL-PDLD%3A%20W%C3%B6rth%20-%20Kriminalit%C3%A4tsstatistik%202023%20der%20Polizeiinspektion%20W%C3%B6rth%20am%20Rhein%0A%0Ahttps%3A%2F%2Fwww.presseportal.de%2Fblaulicht%2Fpm%2F117686%2F5748819%2F%3Futm_source%3Dwhatsapp%26utm_medium%3Dsocial\"><\/a><a href=\"https:\/\/www.xing.com\/app\/user?op=share;url=https%3A%2F%2Fwww.presseportal.de%2Fblaulicht%2Fpm%2F117686%2F5748819%2F%3Futm_source%3Dxing%26utm_medium%3Dsocial\"><\/a><a href=\"http:\/\/www.linkedin.com\/shareArticle?mini=true&amp;url=https%3A%2F%2Fwww.presseportal.de%2Fblaulicht%2Fpm%2F117686%2F5748819%2F%3Futm_source%3Dlinkedin%26utm_medium%3Dsocial&amp;title=POL-PDLD%3A+W%C3%B6rth+-+Kriminalit%C3%A4tsstatistik+2023+der+Polizeiinspektion+W%C3%B6rth+am+Rhein\"><\/a><a href=\"mailto:?subject=POL-PDLD%3A%20W%C3%B6rth%20-%20Kriminalit%C3%A4tsstatistik%202023%20der%20Polizeiinspektion%20W%C3%B6rth%20am%20Rhein&amp;body=https:\/\/www.presseportal.de\/blaulicht\/pm\/117686\/5748819\"><\/a><\/h2>\n\n\n<div class=\"wp-block-image\">\n<figure class=\"aligncenter\"><a href=\"https:\/\/cache.pressmailing.net\/thumbnail\/story_hires\/ae1ffb55-f3c8-49e5-b6cc-77face295bc0\/PKS2023.jpg.jpg\"><img decoding=\"async\" src=\"https:\/\/cache.pressmailing.net\/thumbnail\/story_big\/ae1ffb55-f3c8-49e5-b6cc-77face295bc0\/pol-pdld-w-rth-kriminalit-tsstatistik-2023-der-polizeiinspektion-w-rth-am-rhein\" alt=\"POL-PDLD: W\u00f6rth - Kriminalit\u00e4tsstatistik 2023 der Polizeiinspektion W\u00f6rth am Rhein\"\/><\/a><\/figure><\/div>\n\n\n<ul>\n<li><a href=\"https:\/\/www.presseportal.de\/download\/document\/660d28b6270000fd2cbfc188-kriminalit-tsstatistik2023.pdf\"><strong>Kriminalit\u00e4tsstatistik2023.pdf<\/strong><br>PDF &#8211; 1,6 MB<\/a><\/li>\n<\/ul>\n\n\n\n<p>Gegen\u00fcber dem Vorjahr 2022 ging das Kriminalit\u00e4tsniveau im Zust\u00e4ndigkeitsbereich der Polizeiinspektion W\u00f6rth am Rhein leicht zur\u00fcck. Die Fallzahlen sanken bei einer Aufkl\u00e4rungsquote von 62,4% um 161 F\u00e4lle auf insgesamt 2837 Straftaten. Dabei konnten insbesondere R\u00fcckg\u00e4nge im Bereich der Betrugsdelikte, sowie der Branddelikte festgestellt werden. Durch Ermittlungsarbeiten konnte eine Brandserie wie im Vorjahr 2022 verhindert werden. Eine Zunahme fand im Bereich der Ladendiebst\u00e4hle statt. Zudem gab es im Bereich der Kraftfahrzeugdiebst\u00e4hle eine Zunahme durch eine Serie, welche zwischenzeitlich ebenfalls ermittelt wurde. Informationen zur Kriminalit\u00e4tsstatistik 2023 der Polizeiinspektion W\u00f6rth am Rhein finden Sie unter&nbsp;<a href=\"https:\/\/www.polizei.rlp.de\/die-polizei\/dienststellen\/polizeipraesidium-rheinpfalz\/unsere-dienststellen\/polizeidirektion-landau\/polizeiinspektion-woerth\" target=\"_blank\" rel=\"noreferrer noopener\">https:\/\/www.polizei.rlp.de\/die-polizei\/dienststellen\/polizeipraesidium-rheinpfalz\/unsere-dienststellen\/polizeidirektion-landau\/polizeiinspektion-woerth<\/a>. Anbei befindet sich eine \u00dcbersicht, in der die wichtigsten Zahlen und Entwicklungen aufgezeigt werden.<\/p>\n\n\n\n<h2 class=\"wp-block-heading\">(W\u00f6rth) &#8211; Versuchter Einbruch in Gastronomie<\/h2>\n\n\n\n<p>Dienstagnacht versuchten bislang unbekannte T\u00e4ter in eine Gastronomie in der Cany-Barville-Stra\u00dfe einzubrechen und besch\u00e4digten hierbei ein Seitenfenster. Der Einbruchsversuch misslang, sodass lediglich Sachschaden am Fenster in H\u00f6he von ca. 1500 Euro entstand.<\/p>\n\n\n\n<ul>\n<li><strong>Zeugen\/Hinweisgeber werden gebeten sich mit der Polizei W\u00f6rth in Verbindung zu setzen.<\/strong><a href=\"https:\/\/www.facebook.com\/sharer.php?u=https%3A%2F%2Fwww.presseportal.de%2Fblaulicht%2Fpm%2F117686%2F5747744%2F%3Futm_source%3Dfacebook%26utm_medium%3Dsocial\"><\/a><a href=\"https:\/\/twitter.com\/intent\/tweet?text=POL-PDLD%3A%20Gemeinsame%20Presseerkl%C3%A4rung%20der%20Staatsanwaltschaft%20Landau%20und%20der%20Kriminalinspektion%20Landau&amp;url=https%3A%2F%2Fwww.presseportal.de%2Fblaulicht%2Fpm%2F117686%2F5747744%2F%3Futm_source%3Dtwitter%26utm_medium%3Dsocial&amp;hashtags=ots&amp;lang=de\"><\/a><a href=\"https:\/\/web.whatsapp.com\/send?text=POL-PDLD%3A%20Gemeinsame%20Presseerkl%C3%A4rung%20der%20Staatsanwaltschaft%20Landau%20und%20der%20Kriminalinspektion%20Landau%0A%0Ahttps%3A%2F%2Fwww.presseportal.de%2Fblaulicht%2Fpm%2F117686%2F5747744%2F%3Futm_source%3Dwhatsapp%26utm_medium%3Dsocial\"><\/a><a href=\"https:\/\/www.xing.com\/app\/user?op=share;url=https%3A%2F%2Fwww.presseportal.de%2Fblaulicht%2Fpm%2F117686%2F5747744%2F%3Futm_source%3Dxing%26utm_medium%3Dsocial\"><\/a><a href=\"http:\/\/www.linkedin.com\/shareArticle?mini=true&amp;url=https%3A%2F%2Fwww.presseportal.de%2Fblaulicht%2Fpm%2F117686%2F5747744%2F%3Futm_source%3Dlinkedin%26utm_medium%3Dsocial&amp;title=POL-PDLD%3A+Gemeinsame+Presseerkl%C3%A4rung+der+Staatsanwaltschaft+Landau+und+der+Kriminalinspektion+Landau\"><\/a><a href=\"mailto:?subject=POL-PDLD%3A%20Gemeinsame%20Presseerkl%C3%A4rung%20der%20Staatsanwaltschaft%20Landau%20und%20der%20Kriminalinspektion%20Landau&amp;body=https:\/\/www.presseportal.de\/blaulicht\/pm\/117686\/5747744\"><\/a><\/li>\n<\/ul>\n\n\n\n<h2 class=\"wp-block-heading\">(Freckenfeld) &#8211; 2. Nachtrag zum Brand in einem Mehrparteienhaus mit einer Toten in Freckenfeld<\/h2>\n\n\n\n<h3 class=\"wp-block-heading\">Gemeinsame Presseerkl\u00e4rung der Staatsanwaltschaft Landau und der Kriminalinspektion Landau<\/h3>\n\n\n<div class=\"wp-block-image\">\n<figure class=\"aligncenter size-full\"><img decoding=\"async\" loading=\"lazy\" width=\"800\" height=\"533\" src=\"https:\/\/speyer24news.com\/wp-content\/uploads\/2021\/02\/candle-2038736_1920.jpg\" alt=\"\" class=\"wp-image-33582\" srcset=\"https:\/\/speyer24news.com\/wp-content\/uploads\/2021\/02\/candle-2038736_1920.jpg 800w, https:\/\/speyer24news.com\/wp-content\/uploads\/2021\/02\/candle-2038736_1920-300x200.jpg 300w, https:\/\/speyer24news.com\/wp-content\/uploads\/2021\/02\/candle-2038736_1920-768x512.jpg 768w\" sizes=\"(max-width: 800px) 100vw, 800px\" \/><\/figure><\/div>\n\n\n<p>Nach dem Brand eines Mehrparteienhauses in Freckenfeld, bei dem eine 71-j\u00e4hrige Frau nur noch tot aus ihrer Wohnung geborgen werden konnte, wurde der Brandort von Brandermittlern der Kriminalinspektion Landau und einem Brandsachverst\u00e4ndigen untersucht. Nach dem Ergebnis der Feststellungen ist davon auszugehen, dass der Brand in der K\u00fcche der von der verstorbenen 71-J\u00e4hrigen bewohnten Erdgescho\u00dfwohnung ausgebrochen ist und die Brandursache eine eingeschaltete Herdplatte war. Es ist weiterhin davon auszugehen, dass aufgrund der von dem eingeschalteten Kochfeld ausgehenden W\u00e4rmestrahlung auf oder direkt neben dem Herd befindliche K\u00fcchenutensilien in Brand gerieten und von dort aus das Feuer auf die Wohnung \u00fcbergriff.<\/p>\n\n\n\n<p>Weiterhin liegt zwischenzeitlich das Ergebnis der durchgef\u00fchrten Obduktion vor. Danach ist die 71-j\u00e4hrige Frau an einer Rauchgasintoxikation verstorben.<\/p>\n\n\n\n<p>Anhaltspunkte f\u00fcr ein Einwirken Dritter haben sich nicht ergeben.<\/p>\n\n\n\n<h2 class=\"wp-block-heading\">(Heuchelheim-Klingen) &#8211; Eingeschlafen<\/h2>\n\n\n\n<p>Am 02.04.2024 befuhr gegen 17:45 Uhr eine 67-j\u00e4hrige VW-Fahrerin die Hauptstra\u00dfe in Heuchelheim-Klingen. Aufgrund von auftretendem Sekundenschlaf kam sie von der Fahrbahn ab und kollidierte mit einem Sandsteinpoller eines Wohnhauses. Durch die Kollision \u00fcberschlug sich der PKW und kam schlie\u00dflich auf dem Dach zum Liegen. Die 67-J\u00e4hrige wurde hierdurch gl\u00fccklicherweise lediglich leicht verletzt. Die Schadensh\u00f6he betr\u00e4gt circa 20.000 Euro. F\u00fcr die Dauer der Unfallaufnahme musste die Hauptstra\u00dfe gesperrt werden. Auf die VW-Fahrerin wird nun ein Strafverfahren wegen Stra\u00dfenverkehrsgef\u00e4hrdung zukommen.<\/p>\n\n\n\n<h2 class=\"wp-block-heading\">(Impflingen) &#8211; Alkoholisiert<\/h2>\n\n\n\n<p>Am 02.04.2024 wurde der Polizei Landau gegen 23:30 Uhr durch einen aufmerksamen Zeugen ein PKW genmeldet, welcher in auff\u00e4lliger Fahrweise die B38 bei Impflingen befahren w\u00fcrde. Der PKW Ford konnte im Bereich der A65 einer Kontrolle unterzogen werden. Der Grund f\u00fcr die auff\u00e4llige Fahrweise d\u00fcrfte an der Alkoholisierung des 41-J\u00e4hrigen gelegen haben &#8211; ein Vortest ergab einen Wert von 1,59 Promille. Folglich wurde die Weiterfahrt untersagt und auf der Dienststelle eine Blutprobe entnommen. Sein F\u00fchrerschein wurde sichergestellt. Er wird sich nun in einem Strafverfahren wegen Trunkenheit im Verkehr verantworten m\u00fcssen.<a href=\"https:\/\/www.facebook.com\/sharer.php?u=https%3A%2F%2Fwww.presseportal.de%2Fblaulicht%2Fpm%2F117686%2F5749914%2F%3Futm_source%3Dfacebook%26utm_medium%3Dsocial\"><\/a><a href=\"https:\/\/twitter.com\/intent\/tweet?text=POL-PDLD%3A%20Gemeinsame%20Presseerkl%C3%A4rung%20der%20Staatsanwaltschaft%20Landau%20und%20Kriminalinspektion%20Landau&amp;url=https%3A%2F%2Fwww.presseportal.de%2Fblaulicht%2Fpm%2F117686%2F5749914%2F%3Futm_source%3Dtwitter%26utm_medium%3Dsocial&amp;hashtags=ots&amp;lang=de\"><\/a><a href=\"https:\/\/web.whatsapp.com\/send?text=POL-PDLD%3A%20Gemeinsame%20Presseerkl%C3%A4rung%20der%20Staatsanwaltschaft%20Landau%20und%20Kriminalinspektion%20Landau%0A%0Ahttps%3A%2F%2Fwww.presseportal.de%2Fblaulicht%2Fpm%2F117686%2F5749914%2F%3Futm_source%3Dwhatsapp%26utm_medium%3Dsocial\"><\/a><a href=\"https:\/\/www.xing.com\/app\/user?op=share;url=https%3A%2F%2Fwww.presseportal.de%2Fblaulicht%2Fpm%2F117686%2F5749914%2F%3Futm_source%3Dxing%26utm_medium%3Dsocial\"><\/a><a href=\"http:\/\/www.linkedin.com\/shareArticle?mini=true&amp;url=https%3A%2F%2Fwww.presseportal.de%2Fblaulicht%2Fpm%2F117686%2F5749914%2F%3Futm_source%3Dlinkedin%26utm_medium%3Dsocial&amp;title=POL-PDLD%3A+Gemeinsame+Presseerkl%C3%A4rung+der+Staatsanwaltschaft+Landau+und+Kriminalinspektion+Landau\"><\/a><a href=\"mailto:?subject=POL-PDLD%3A%20Gemeinsame%20Presseerkl%C3%A4rung%20der%20Staatsanwaltschaft%20Landau%20und%20Kriminalinspektion%20Landau&amp;body=https:\/\/www.presseportal.de\/blaulicht\/pm\/117686\/5749914\"><\/a><\/p>\n\n\n\n<h2 class=\"wp-block-heading\">(Landau) &#8211; 80-j\u00e4hrige Frau ausgeraubt \/ T\u00e4ter in Haft<\/h2>\n\n\n\n<h3 class=\"wp-block-heading\">Gemeinsame Presseerkl\u00e4rung der Staatsanwaltschaft Landau und Kriminalinspektion Landau<\/h3>\n\n\n<div class=\"wp-block-image\">\n<figure class=\"aligncenter size-full\"><img decoding=\"async\" loading=\"lazy\" width=\"800\" height=\"533\" src=\"https:\/\/speyer24news.com\/wp-content\/uploads\/2020\/06\/Zelle.jpg\" alt=\"\" class=\"wp-image-28203\" srcset=\"https:\/\/speyer24news.com\/wp-content\/uploads\/2020\/06\/Zelle.jpg 800w, https:\/\/speyer24news.com\/wp-content\/uploads\/2020\/06\/Zelle-300x200.jpg 300w, https:\/\/speyer24news.com\/wp-content\/uploads\/2020\/06\/Zelle-768x512.jpg 768w\" sizes=\"(max-width: 800px) 100vw, 800px\" \/><figcaption class=\"wp-element-caption\">Beispielbild Zelle \/ Verhaftung, dient lediglich der Visualisierung<\/figcaption><\/figure><\/div>\n\n\n<p>Am Mittwoch gegen 16:00 Uhr, kam es auf dem Parkplatz eines Landauer Supermarktes zu einer schweren r\u00e4uberischen Erpressung. Die 80-j\u00e4hrige Gesch\u00e4digte sa\u00df in ihrem PKW, als ein ihr unbekannter Mann unvermittelt die Beifahrert\u00fcr \u00f6ffnete und zu ihr ins Fahrzeug stieg.<\/p>\n\n\n\n<p>Unter Vorhalt eines Messers forderte er die Herausgabe von Bargeld. Nachdem ihm die Gesch\u00e4digte ihr gesamtes Bargeld ausgeh\u00e4ndigt hatte, fl\u00fcchtete der T\u00e4ter zu Fu\u00df vom Tatort.<\/p>\n\n\n\n<p>Im Rahmen einer unmittelbar eingeleiteten Fahndung konnte der Verd\u00e4chtige, ein 41-j\u00e4hriger Mann, anhand einer vorliegenden Personenbeschreibung in Tatortn\u00e4he festgestellt und vorl\u00e4ufig festgenommen werden.<\/p>\n\n\n\n<p>Heute wurde der Beschuldigte dem Ermittlungsrichter des Amtsgerichts Landau vorgef\u00fchrt. Dieser erlie\u00df auf Antrag der Staatsanwaltschaft Landau Untersuchungshaftbefehl wegen des dringenden Verdachts der schweren r\u00e4uberischen Erpressung. Der Beschuldigte kam in eine Justizvollzugsanstalt.<\/p>\n\n\n\n<h2 class=\"wp-block-heading\">(Landau) &#8211; Alkohol, THC und Medikamente<\/h2>\n\n\n\n<p>Am 03.04.2024 wurde gegen 19:15 Uhr ein 41-j\u00e4hriger Motorradfahrer in der St.-Elisabethen-Stra\u00dfe in Landau einer Verkehrskontrolle unterzogen. Im Rahmen der \u00dcberpr\u00fcfung der Fahrt\u00fcchtigkeit konnten diverse Auff\u00e4lligkeiten erkannt werden. Es stellte sich heraus, dass der Fahrer alkoholisiert war und unter dem Einfluss von THC sowie Medikamenten stand. Folglich wurde die Weiterfahrt untersagt und auf der Dienststelle eine Blutprobe entnommen. Er wird sich nun in einem Strafverfahren wegen Trunkenheit im Verkehr verantworten m\u00fcssen.<\/p>\n\n\n\n<h2 class=\"wp-block-heading\">(Landau) &#8211; T\u00e4terfestnahme nach schwerer r\u00e4uberischer Erpressung<\/h2>\n\n\n<div class=\"wp-block-image\">\n<figure class=\"aligncenter size-full\"><img decoding=\"async\" loading=\"lazy\" width=\"800\" height=\"600\" src=\"https:\/\/speyer24news.com\/wp-content\/uploads\/2019\/06\/Ausn\u00fcchterungszelle.jpg\" alt=\"\" class=\"wp-image-15212\" srcset=\"https:\/\/speyer24news.com\/wp-content\/uploads\/2019\/06\/Ausn\u00fcchterungszelle.jpg 800w, https:\/\/speyer24news.com\/wp-content\/uploads\/2019\/06\/Ausn\u00fcchterungszelle-300x225.jpg 300w, https:\/\/speyer24news.com\/wp-content\/uploads\/2019\/06\/Ausn\u00fcchterungszelle-768x576.jpg 768w, https:\/\/speyer24news.com\/wp-content\/uploads\/2019\/06\/Ausn\u00fcchterungszelle-678x509.jpg 678w, https:\/\/speyer24news.com\/wp-content\/uploads\/2019\/06\/Ausn\u00fcchterungszelle-326x245.jpg 326w, https:\/\/speyer24news.com\/wp-content\/uploads\/2019\/06\/Ausn\u00fcchterungszelle-80x60.jpg 80w\" sizes=\"(max-width: 800px) 100vw, 800px\" \/><figcaption class=\"wp-element-caption\">Beispielbild Zelle \/ Verhaftung, dient lediglich der Visualisierung<\/figcaption><\/figure><\/div>\n\n\n<p>Am 03.04.2024 wollte eine 80-j\u00e4hrige Gesch\u00e4digte gegen 16 Uhr mit ihrem PKW von einem Parkplatz eines Supermarktes in der Maximilianstra\u00dfe in Landau wegfahren. Pl\u00f6tzlich \u00f6ffnete eine m\u00e4nnliche Person die Beifahrert\u00fcr und setzte sich auf den Beifahrersitz. Unter Vorhalt eines Messers wurde Bargeld gefordert. Die Gesch\u00e4digte h\u00e4ndigte daraufhin einen Bargeldbetrag im niedrigen dreistelligen Bereich aus. Daraufhin fl\u00fcchtete der T\u00e4ter. Im Rahmen von Fahndungsma\u00dfnahmen konnte ein 41-J\u00e4hriger im Bereich des Hauptbahnhofes kontrolliert werden, welcher auf die Personenbeschreibung passte. Er verstrickte sich in Widerspr\u00fcche und wurde letztlich vorl\u00e4ufig zwecks Vorf\u00fchrung am Folgetag festgenommen. Zu allem \u00dcberfluss konnte bei ihm eine geringe Menge Amphetamin aufgefunden und sichergestellt werden. Er wird sich nun in Strafverfahren wegen schwerer r\u00e4uberischer Erpressung sowie eines Versto\u00dfes gegen das Bet\u00e4ubungsmittelgesetz verantworten m\u00fcssen.<\/p>\n\n\n\n<h2 class=\"wp-block-heading\">(Landau) &#8211; Flucht gescheitert<\/h2>\n\n\n\n<p>Am 03.04.2024 sollte gegen 15:30 Uhr der Fahrer eines Kleinkraftrades im Nordring in Landau einer Kontrolle unterzogen werden, da an dem Gef\u00e4hrt ein altes Versicherungskennzeichen aus dem Jahr 2023 angebracht war. Der Fahrer versuchte sich der Kontrolle durch Flucht zu entziehen. Letztlich konnte der 18-J\u00e4hrige im Bereich des Stadions kontrolliert werden. Es stellte sich heraus, dass er nicht im Besitz einer g\u00fcltigen Fahrerlaubnis war. Daher wurden Strafverfahren wegen des Fahrens ohne Fahrerlaubnis sowie eines Versto\u00dfes gegen das Pflichtversicherungsgesetz eingeleitet. Zudem wurde die Weiterfahrt untersagt und die F\u00fchrerscheinstelle \u00fcber den Vorfall in Kenntnis gesetzt.<\/p>\n\n\n\n<h2 class=\"wp-block-heading\">(Kirrweiler) &#8211; F\u00fchrerscheinsicherstellung nach Unfallflucht<\/h2>\n\n\n\n<p>Von einer 58 Jahre alten Fahrzeugf\u00fchrerin wurde am Dienstag (02.04.2024) die Fahrerlaubnis sichergestellt, nachdem sie gegen 17 Uhr in der Hauptstra\u00dfe mit einer Hauswand kollidierte und einen Gesamtschaden von \u00fcber 7.000 Euro verursachte. Zeugen beobachteten den Unfall, notierten sich das Kennzeichen und beschrieben die Unfallverursacherin. Anhand einer Halterabfrage konnte die Frau schnell ausfindig gemacht und mit dem Verkehrsgeschehen konfrontiert werden. An ihrem Fahrzeug wurden korrespondierende Sch\u00e4den festgestellt. Angeblich habe sie von einem Zusammensto\u00df nichts bemerkt. Weil sie in der Vergangenheit wegen anderweitigen Verkehrsdelikten aufgefallen war, wurde ihr die Fahrerlaubnis entzogen. Die Ermittlungen dauern an.<\/p>\n\n\n\n<h2 class=\"wp-block-heading\">(Neustadt) &#8211; Unter Cannabiseinfluss zur Arbeit<\/h2>\n\n\n\n<p>Am 02.04.2024 um 06:55 Uhr wurde ein 53-J\u00e4hriger aus Neustadt\/W. mit seinem Citroen in der Talstra\u00dfe in 67434 Neustadt\/W. einer Verkehrskontrolle unterzogen. Der Mann war zu diesem Zeitpunkt auf dem Weg zu seiner Arbeitsstelle. Im Verlauf der Kontrolle konnten bei dem Fahrer Auff\u00e4lligkeiten festgestellt werden, welche auf eine aktuelle Bet\u00e4ubungsmittelbeeinflussung schlie\u00dfen lie\u00dfen. Ferner konnte im Fahrzeuginneren starker Cannabisgeruch wahrgenommen werden. Ein letztlich in hiesiger Dienststelle durchgef\u00fchrter Vortest reagierte positiv auf THC, weshalb dem Neustadter im weiteren Verlauf eine Blutprobe entnommen und dessen Fahrzeugschl\u00fcssel sichergestellt wurde. Nun kommt auf diesen ein Ordnungswidrigkeitenverfahren wegen der Trunkenheitsfahrt zu.<\/p>\n\n\n\n<p>Die Polizei weist in diesem Zusammenhang darauf hin, dass das F\u00fchren eines Kraftfahrzeuges unter dem Einfluss von Cannabis auch trotz der 01.04.2024 erfolgten Legalisierung von Cannabis weiterhin eine Ordnungswidrigkeit darstellt und die F\u00fchrerscheinstelle entsprechend informiert wird.<\/p>\n\n\n\n<h2 class=\"wp-block-heading\">(Lambrecht) &#8211; Geschwindigkeits\u00fcberwachung<\/h2>\n\n\n\n<p>Die Polizeiinspektion Neustadt\/W. f\u00fchrte am 03.04.2024 in der Zeit von 07:45 Uhr bis 08:30 Uhr eine Geschwindigkeitsmessung in der Hauptstra\u00dfe in Lambrecht durch. W\u00e4hrend dieser Zeit mussten von 124 gemessenen Fahrzeugen insgesamt vier Fahrzeugf\u00fchrer beanstandet werden. Bei erlaubten 50 km\/h wurde der Schnellste mit 68 km\/h gemessen.<\/p>\n\n\n\n<h2 class=\"wp-block-heading\">(Ha\u00dfloch) &#8211; Betrunkene Fahrradfahrerin verletzt Polizeibeamten<\/h2>\n\n\n\n<p>Am Abend des 03.04.2024 gegen 20:30 Uhr wurde im Bereich der Meckenheimer Stra\u00dfe in Ha\u00dfloch eine 49-j\u00e4hrige Fahrradfahrerin einer Verkehrskontrolle unterzogen, da sie ein Fahrrad ohne Beleuchtung trotz einsetzender Dunkelheit auf der Stra\u00dfe f\u00fchrte. Im Rahmen der Kontrolle konnte bei ihr Alkoholgeruch in der Atemluft, sowie eine verwaschene Aussprache festgestellt werden. Ein durchgef\u00fchrter Atemalkoholtest ergab einen Wert von 1,72 Promille. Zwecks Personalienfeststellung \u00fcberreichte die Fahrradfahrerin ihren F\u00fchrerschein an einen Polizeibeamten. Bevor sich dieser jedoch die Personalien notieren konnte, entriss sie ihm den F\u00fchrerschein wieder. Hierbei wurde der Polizeibeamte leicht verletzt. Die Fahrradfahrerin wurde zur Durchf\u00fchrung weiterer Ma\u00dfnahmen auf die Polizeidienststelle in Ha\u00dfloch verbracht, wo ihr unteranderem auf Grund der Trunkenheitsfahrt eine Blutprobe entnommen wurde. Gegen die Fahrradfahrerin wurden mehrere Strafverfahren eingeleitet.<\/p>\n\n\n\n<h2 class=\"wp-block-heading\">(Ha\u00dfloch) &#8211; Zeugenaufruf: Verkehrsunfall zwischen PKW und Radfahrer<\/h2>\n\n\n\n<p>Am Nachmittag des 03.04.2024 gegen 16:30 Uhr befuhr ein 43-j\u00e4hriger Fahrer eines Fahrrades in Ha\u00dfloch die Lindenstra\u00dfe in Richtung der Kirchgasse. Bei gr\u00fcnzeigender Lichtzeichenanlage wollte er geradeaus \u00fcber den Kreuzungsbereich der beiden Stra\u00dfen hinwegfahren. Hierbei wurde er durch einen entgegenkommenden PKW \u00fcbersehen, welcher gerade nach links in die Kirchgasse einbiegen wollte. Es kam zum Zusammensto\u00df der beiden Fahrzeuge, wobei sich der Fahrradfahrer Verletzungen zuzog. Im Nachgang an den Verkehrsunfall verst\u00e4ndigten sich beide Beteiligte und verlie\u00dfen die \u00d6rtlichkeit. Der Fahrradfahrer begab sich danach selbstst\u00e4ndig in \u00e4rztliche Behandlung und erschien am Abend zur nachtr\u00e4glichen Meldung des Verkehrsunfalls bei der Polizei Ha\u00dfloch.<\/p>\n\n\n\n<ul>\n<li><strong>Bei der PKW-Fahrerin soll es sich um eine lebens\u00e4ltere Frau gehandelt haben, welche zum Unfallzeitpunkt einen hellen Kombi f\u00fchrte. In diesem Zusammenhang werden durch die Polizei Ha\u00dfloch die PKW-Fahrerin sowie Zeugen gesucht, die Hinweise zum Unfallhergang oder zur Fahrzeugf\u00fchrerin des am Unfall beteiligtem PKW geben k\u00f6nnen. Die Fahrzeugf\u00fchrerin selbst und die Zeugen werden gebeten, sich bei der Polizeiinspektion Ha\u00dfloch unter der 06324\/933-0 zu melden.<\/strong><\/li>\n<\/ul>\n\n\n\n<h2 class=\"wp-block-heading\">(A 65 \/ AS Deidesheim) &#8211; F\u00fchrerscheinsicherstellung nach gef\u00e4hrlichem Eingriff in den Stra\u00dfenverkehr<a href=\"https:\/\/www.facebook.com\/sharer.php?u=https%3A%2F%2Fwww.presseportal.de%2Fblaulicht%2Fpm%2F117686%2F5748875%2F%3Futm_source%3Dfacebook%26utm_medium%3Dsocial\"><\/a><a href=\"https:\/\/twitter.com\/intent\/tweet?text=POL-PDLD%3A%20A65%2FAS%20Deidesheim%20-%20F%C3%BChrerscheinsicherstellung%20nach%20gef%C3%A4hrlichem%20Eingriff%20in%20den%20Stra%C3%9Fenverkehr&amp;url=https%3A%2F%2Fwww.presseportal.de%2Fblaulicht%2Fpm%2F117686%2F5748875%2F%3Futm_source%3Dtwitter%26utm_medium%3Dsocial&amp;hashtags=ots&amp;lang=de\"><\/a><a href=\"https:\/\/web.whatsapp.com\/send?text=POL-PDLD%3A%20A65%2FAS%20Deidesheim%20-%20F%C3%BChrerscheinsicherstellung%20nach%20gef%C3%A4hrlichem%20Eingriff%20in%20den%20Stra%C3%9Fenverkehr%0A%0Ahttps%3A%2F%2Fwww.presseportal.de%2Fblaulicht%2Fpm%2F117686%2F5748875%2F%3Futm_source%3Dwhatsapp%26utm_medium%3Dsocial\"><\/a><a href=\"https:\/\/www.xing.com\/app\/user?op=share;url=https%3A%2F%2Fwww.presseportal.de%2Fblaulicht%2Fpm%2F117686%2F5748875%2F%3Futm_source%3Dxing%26utm_medium%3Dsocial\"><\/a><a href=\"http:\/\/www.linkedin.com\/shareArticle?mini=true&amp;url=https%3A%2F%2Fwww.presseportal.de%2Fblaulicht%2Fpm%2F117686%2F5748875%2F%3Futm_source%3Dlinkedin%26utm_medium%3Dsocial&amp;title=POL-PDLD%3A+A65%2FAS+Deidesheim+-+F%C3%BChrerscheinsicherstellung+nach+gef%C3%A4hrlichem+Eingriff+in+den+Stra%C3%9Fenverkehr\"><\/a><a href=\"mailto:?subject=POL-PDLD%3A%20A65%2FAS%20Deidesheim%20-%20F%C3%BChrerscheinsicherstellung%20nach%20gef%C3%A4hrlichem%20Eingriff%20in%20den%20Stra%C3%9Fenverkehr&amp;body=https:\/\/www.presseportal.de\/blaulicht\/pm\/117686\/5748875\"><\/a><\/h2>\n\n\n<div class=\"wp-block-image\">\n<figure class=\"aligncenter\"><a href=\"https:\/\/cache.pressmailing.net\/thumbnail\/story_hires\/2aae9bd0-3ec7-4f3a-80ff-3d0d25dabc0f\/VUUnfallA65.JPG.jpg\"><img decoding=\"async\" src=\"https:\/\/cache.pressmailing.net\/thumbnail\/story_big\/2aae9bd0-3ec7-4f3a-80ff-3d0d25dabc0f\/pol-pdld-a65-as-deidesheim-f-hrerscheinsicherstellung-nach-gef-hrlichem-eingriff-in-den-stra-enverke\" alt=\"POL-PDLD: A65\/AS Deidesheim - F\u00fchrerscheinsicherstellung nach gef\u00e4hrlichem Eingriff in den Stra\u00dfenverkehr\"\/><\/a><\/figure><\/div>\n\n\n<p>Die Polizei Edenkoben sucht nach einem Verkehrsgeschehen am heutigen Morgen (03.04.2024) kurz nach 8 Uhr auf der A65 bei der AS Deidesheim in Fahrtrichtung Karlsruhe Zeugen, die Angaben zu dem Verhalten zweier Verkehrsteilnehmer machen k\u00f6nnen. Demnach sollen sich ein 34 Jahre alter KIA- und ein 58 Jahre alter Mercedes-Fahrer gegenseitig gen\u00f6tigt haben. Im Anschluss daran bremste der 34-J\u00e4hrige sein Fahrzeug auf der \u00dcberholspur ohne erkennbaren Grund derart abrupt ab, dass der folgende 58-J\u00e4hrige auf dessen Fahrzeug auffuhr. Nur aufgrund gl\u00fccklichen Umst\u00e4nden konnte ein schwerwiegender Verkehrsunfall verhindert werden. Der Gesamtunfallschaden betr\u00e4gt dennoch \u00fcber 15.000 Euro. Weil sich der 34 Jahre alte Autofahrer nun wegen einem gef\u00e4hrlichen Eingriff in den Stra\u00dfenverkehr verantworten muss, wurde ihm die Fahrerlaubnis vorl\u00e4ufig entzogen. Die Ermittlungen dauern an. Zeugen, die Hinweise zu dem Verkehrsverhalten beider Autofahrer geben k\u00f6nnen, werden gebeten, sich unter der Telefonnummer 06323 9550 mit der Polizei Edenkoben in Verbindung zu setzen. Wegen des Unfalls und der damit verbundenen Unfallaufnahme kam es zu leichten Verkehrsst\u00f6rungen.<\/p>\n\n\n\n<h2 class=\"wp-block-heading\">(Herxheim am Berg) &#8211; Stra\u00dfenverkehrsgef\u00e4hrdung auf der B271 \/ Weitere Zeugen gesucht<\/h2>\n\n\n\n<p>Bereits am Karfreitag, 29.03.2024, kam es gegen 13:45 Uhr auf der B271 in H\u00f6he des Ortseingangs Herxheim am Berg zu einer Stra\u00dfenverkehrsgef\u00e4hrdung. Eine 29-j\u00e4hrige Autofahrerin, die in Richtung Kallstadt unterwegs war, wurde hierbei durch einen nachfolgenden grauen Hyundai durch starkes Unterschreiten des Sicherheitsabstandes gen\u00f6tigt und gef\u00e4hrdet. Im Ortsbereich von Herxheim am Berg \u00fcberholte der Hyundai die Gesch\u00e4digte und noch zwei weitere vorausfahrende Fahrzeuge trotz Gegenverkehrs, weshalb das entgegenkommende Fahrzeug abbremsen musste, um eine Kollision zu vermeiden.<\/p>\n\n\n\n<ul>\n<li><strong>Zeugen und insbesondere die Fahrer der beiden \u00fcberholten Fahrzeuge, sowie des entgegenkommenden Pkws, der zur Kollisionsvermeidung abbremsen musste werden gesucht und gebeten, sich mit der Polizeiinspektion Bad D\u00fcrkheim unter 06322 9630 oder per Email an&nbsp;<a href=\"mailto:%20pibadduerkheim@polizei.rlp.de\">pibadduerkheim@polizei.rlp.de<\/a>&nbsp;in Verbindung zu setzen.<\/strong><\/li>\n<\/ul>\n\n\n\n<h2 class=\"wp-block-heading\">(Obrigheim) &#8211; Aufkleber und Plakate mit verfassungsfeindlichen Inhalten festgestellt \/ Zeugenaufruf<\/h2>\n\n\n\n<p>Am Sonntag, 31.03.24, gegen 21:00 Uhr wurden im gesamten Ortsgebiet von Obrigheim Aufkleber und Plakate mit verfassungsfeindlichen Inhalten fest- und durch die Polizei sichergestellt. Der genaue Tatzeitraum ist aktuell nicht bekannt, d\u00fcrfte jedoch nicht all zu lange vor dem Feststellungszeitpunkt liegen.<\/p>\n\n\n\n<ul>\n<li><strong>Wer Hinweise zu m\u00f6glichen Tatverd\u00e4chtigen machen kann bzw. Personen beim Anbringen der Plakate bzw. Aufkleber festgestellt hat, wird gebeten sich mit der Polizeiinspektion Gr\u00fcnstadt telefonisch unter 06359-93120 oder per Email unter&nbsp;<a href=\"mailto:%20pigruenstadt@polizei.rlp.de\">pigruenstadt@polizei.rlp.de<\/a>&nbsp;in Verbindung zu setzen.<\/strong><\/li>\n<\/ul>\n\n\n\n<h2 class=\"wp-block-heading\">(R\u00f6dersheim-Gronau) &#8211; Brand in der Sch\u00e4fergasse<\/h2>\n\n\n\n<p>Zu einem Brand in einem Haus in der Sch\u00e4fergasse kam es am 02.04.2024, gegen 20:15 Uhr. Das Feuer konnte durch die Feuerwehr gel\u00f6scht werden. Die Bewohnerin des Hauses erlitt eine Rauchgasintoxikation und wurde in ein Krankenhaus verbracht. Der entstandene Sachschaden wird auf etwa 50.000 Euro gesch\u00e4tzt. Die Ermittlungen zur Brandursache wurden durch die Kriminalpolizei aufgenommen. Hinweise auf eine vors\u00e4tzliche oder fahrl\u00e4ssige Brandstiftung ergaben sich bislang nicht.<\/p>\n\n\n\n<h2 class=\"wp-block-heading\">(Birkenheide) &#8211; Sachbesch\u00e4digung mittels Feuer<\/h2>\n\n\n\n<p>Am 03.04.2024, gegen 21.55 Uhr, wurde hiesiger Dienststelle gemeldet, dass zwei Personen versuchen w\u00fcrden einen Hochsitz in unmittelbarer N\u00e4he des Tierparks Birkenheide anzuz\u00fcnden. Vor Ort konnten nur noch die Zeugen angetroffen werden. <\/p>\n\n\n\n<ul>\n<li><strong>Laut diesen seien beide T\u00e4ter m\u00e4nnlich und etwa 18 bis 30 Jahre alt, einer bekleidet mit einer hellen Hose, dunkler Jacke mit Aufdruck auf dem R\u00fccken, helle Turnschuhe und graue Wollm\u00fctze, der andere bekleidet mit einer hellen Hose , helle Jacke, helle Wollm\u00fctze und schwarze Schuhe.<\/strong><\/li>\n<\/ul>\n\n\n\n<ul>\n<li><strong>Zeugen werden gebeten sich an die Polizeiinspektion Frankenthal unter der Tel.-Nr.: 06233\/313-0 oder an die Polizeiwache Maxdorf unter der Tel.-Nr.: 06237\/934-1100 zu wenden. Gerne nehmen wir Ihre Hinweise auch per E-Mail unter&nbsp;<a href=\"mailto:%20pifrankenthal@polizei.rlp.de\">pifrankenthal@polizei.rlp.de<\/a>&nbsp;entgegen.<\/strong><\/li>\n<\/ul>\n\n\n\n<h2 class=\"wp-block-heading\">(Frankenthal) &#8211; Kontrollen der Fahrradstreife<\/h2>\n\n\n\n<p>Am 03.04.2024, in der Zeit von 07.15 Uhr bis 15.00 Uhr, f\u00fchrte die Fahrradstreife der Polizei Frankenthal im Stadtgebiet Kontrollen durch. Hierbei wurden drei Verst\u00f6\u00dfe gegen das Handyverbot beim Fahrradfahren, f\u00fcnf Verst\u00f6\u00dfe gegen das verbotswidrige Befahren der Fu\u00dfg\u00e4ngerzone und drei Gurtverst\u00f6\u00dfe geahndet. Unr\u00fchmlicher H\u00f6hepunkt der Ma\u00dfnahme war die Kontrolle eines 24-j\u00e4hrigen Mannes aus Frankenthal, welcher telefonierend verbotswidrig die Fu\u00dfg\u00e4ngerzone befuhr und auf dem Rathausplatz kontrolliert werden konnte. Seine Missbilligung der Ahndung des Versto\u00dfes lie\u00df er durch Beleidigungen der kontrollierenden Beamtinnen freien Lauf. Ihn erwartet jetzt zus\u00e4tzlich noch ein Strafverfahren.<\/p>\n\n\n\n<ul>\n<li><strong>Zeugen werden gebeten sich an die Polizeiinspektion Frankenthal unter der Tel.-Nr.: 06233\/313-0 oder an die Polizeiwache Maxdorf unter der Tel.-Nr.: 06237\/934-1100 zu wenden. Gerne nehmen wir Ihre Hinweise auch per E-Mail unter&nbsp;<a href=\"mailto:%20pifrankenthal@polizei.rlp.de\">pifrankenthal@polizei.rlp.de<\/a>&nbsp;entgegen.<\/strong><\/li>\n<\/ul>\n\n\n\n<h2 class=\"wp-block-heading\">(Frankenthal) &#8211; Geschwindigkeitskontrollen<\/h2>\n\n\n\n<p>Aufgrund von B\u00fcrgerbeschwerden \u00fcber zu schnell fahrende Fahrzeuge wurde am 21.03.24 in der D\u00fcrkheimer Stra\u00dfe, am 28.03.24 in der M\u00fchlbergstra\u00dfe und am 02.04.24 in der Frankenstra\u00dfe jeweils eine Geschwindigkeitskontrolle durch die Polizeiinspektion Frankenthal durchgef\u00fchrt. Hierbei konnten bei moderatem Verkehrsaufkommen insgesamt 15 Geschwindigkeitsverst\u00f6\u00dfe festgestellt werden. Zur L\u00f6sung der durch die B\u00fcrgerinnen und B\u00fcrger mitgeteilten Problematik, wurden die Messergebnisse ebenfalls an die Stadtverwaltung Frankenthal \u00fcbermittelt. \u00dcberh\u00f6hte bzw. nicht angepasste Geschwindigkeit geh\u00f6rt auch im Jahr 2023 zu den h\u00e4ufigsten Hauptunfallursachen. Insgesamt wurden im Polizeipr\u00e4sidium Rheinpfalz 2.062 Verkehrsunf\u00e4lle mit dieser Ursache registriert. <\/p>\n\n\n\n<h4 class=\"wp-block-heading\">Die Verkehrsunfallstatistik 2023 mit ausf\u00fchrlichen Informationen zur Unfalllage und unseren Ma\u00dfnahmen finden Sie auf unserer Internetseite&nbsp;<a href=\"https:\/\/s.rlp.de\/YSXrl\" target=\"_blank\" rel=\"noreferrer noopener\">https:\/\/s.rlp.de\/YSXrl<\/a>&nbsp;.<\/h4>\n\n\n\n<h2 class=\"wp-block-heading\">(Frankenthal) &#8211; Diebstahl eines BMW 530d Touring<\/h2>\n\n\n\n<p>In der Nacht vom 01.04.24 auf den 02.04.24 entwendete ein unbekannter T\u00e4ter einen BMW 530d Touring in der Farbe schwarz im Wert von 20.000EUR vom Parkplatz im Albrecht-D\u00fcrer-Ring 1 in Frankenthal. Das Fahrzeug verf\u00fcgt \u00fcber die Keyless-Go Funktion, ob der T\u00e4ter dieses System \u00fcberwand um das Fahrzeug zu entwenden ist Teil der noch andauernden Ermittlungen. Wer hat den Diebstahl beobachtet und kann Angaben zum T\u00e4ter machen?<\/p>\n\n\n\n<ul>\n<li><strong>Zeugen werden gebeten sich an die Polizeiinspektion Frankenthal unter der Tel.-Nr.: 06233\/313-0 oder an die Polizeiwache Maxdorf unter der Tel.-Nr.: 06237\/934-1100 zu wenden. Gerne nehmen wir Ihre Hinweise auch per E-Mail unter&nbsp;<a href=\"mailto:%20pifrankenthal@polizei.rlp.de\">pifrankenthal@polizei.rlp.de<\/a>&nbsp;entgegen.<\/strong><\/li>\n<\/ul>\n\n\n\n<h2 class=\"wp-block-heading\">(Ludwigshafen) &#8211; Traumberuf Polizei? &#8211; Informationsabend der Polizeiinspektion Ludwigshafen 1 am 26.04.24<a href=\"https:\/\/www.facebook.com\/sharer.php?u=https%3A%2F%2Fwww.presseportal.de%2Fblaulicht%2Fpm%2F117696%2F5749867%2F%3Futm_source%3Dfacebook%26utm_medium%3Dsocial\"><\/a><a href=\"https:\/\/twitter.com\/intent\/tweet?text=POL-PPRP%3A%20Traumberuf%20Polizei%3F%20-%20Informationsabend%20der%20Polizeiinspektion%20Ludwigshafen%201&amp;url=https%3A%2F%2Fwww.presseportal.de%2Fblaulicht%2Fpm%2F117696%2F5749867%2F%3Futm_source%3Dtwitter%26utm_medium%3Dsocial&amp;hashtags=ots&amp;lang=de\"><\/a><a href=\"https:\/\/web.whatsapp.com\/send?text=POL-PPRP%3A%20Traumberuf%20Polizei%3F%20-%20Informationsabend%20der%20Polizeiinspektion%20Ludwigshafen%201%0A%0Ahttps%3A%2F%2Fwww.presseportal.de%2Fblaulicht%2Fpm%2F117696%2F5749867%2F%3Futm_source%3Dwhatsapp%26utm_medium%3Dsocial\"><\/a><a href=\"https:\/\/www.xing.com\/app\/user?op=share;url=https%3A%2F%2Fwww.presseportal.de%2Fblaulicht%2Fpm%2F117696%2F5749867%2F%3Futm_source%3Dxing%26utm_medium%3Dsocial\"><\/a><a href=\"http:\/\/www.linkedin.com\/shareArticle?mini=true&amp;url=https%3A%2F%2Fwww.presseportal.de%2Fblaulicht%2Fpm%2F117696%2F5749867%2F%3Futm_source%3Dlinkedin%26utm_medium%3Dsocial&amp;title=POL-PPRP%3A+Traumberuf+Polizei%3F+-+Informationsabend+der+Polizeiinspektion+Ludwigshafen+1\"><\/a><a href=\"mailto:?subject=POL-PPRP%3A%20Traumberuf%20Polizei%3F%20-%20Informationsabend%20der%20Polizeiinspektion%20Ludwigshafen%201&amp;body=https:\/\/www.presseportal.de\/blaulicht\/pm\/117696\/5749867\"><\/a><\/h2>\n\n\n\n<p>Du m\u00f6chtest einen spannenden Beruf haben und jeden Tag etwas Neues erleben? Einen Beruf, bei dem du wirklich etwas bewirken kannst? Die Polizeiinspektion Ludwigshafen 1 bietet einen Infoabend f\u00fcr alle am Polizeiberuf Interessierten an, die sich noch in der Berufsorientierung befinden.<\/p>\n\n\n\n<p>Kolleginnen und Kollegen der Polizeiinspektion Ludwigshafen 1 werden den Polizeiberuf vorstellen und alle Fragen rund um unsere Arbeit, den Einstellungstest und das Studium an der Hochschule der Polizei beantworten.<\/p>\n\n\n\n<p>Und es kommt noch besser: Auch die Diensthundestaffel wird vor Ort sein, \u00fcber ihre Arbeit berichten und deine Fragen beantworten. Du bist interessiert? Dann schau am Freitag den 26.04.2024, um 18:00 Uhr, bei der Polizeiinspektion Ludwigshafen 1 in der Beethovenstra\u00dfe 36 in 67061 Ludwigshafen vorbei.<\/p>\n\n\n\n<p>Melde dich jetzt unter Angabe deines Alters und deiner telefonischen Erreichbarkeit an:<\/p>\n\n\n\n<p><a href=\"mailto:piludwigshafen1.einstellungen@polizei.rlp.de\">piludwigshafen1.einstellungen@polizei.rlp.de<\/a><\/p>\n\n\n\n<p>Wir freuen uns auf dich!<\/p>\n\n\n\n<h2 class=\"wp-block-heading\">(Ludwigshafen) &#8211; Illegales Gl\u00fccksspiel \/ Durchsuchungsbeschl\u00fcsse vollstreckt<\/h2>\n\n\n\n<h3 class=\"wp-block-heading\">Gemeinsame Pressemitteilung von Staatsanwaltschaft Kaiserslautern und Polizeipr\u00e4sidium Rheinpfalz<\/h3>\n\n\n<div class=\"wp-block-image\">\n<figure class=\"aligncenter size-full\"><img decoding=\"async\" loading=\"lazy\" width=\"800\" height=\"600\" src=\"https:\/\/speyer24news.com\/wp-content\/uploads\/2021\/04\/SEK-Beispielbild.jpg\" alt=\"\" class=\"wp-image-35457\" srcset=\"https:\/\/speyer24news.com\/wp-content\/uploads\/2021\/04\/SEK-Beispielbild.jpg 800w, https:\/\/speyer24news.com\/wp-content\/uploads\/2021\/04\/SEK-Beispielbild-300x225.jpg 300w, https:\/\/speyer24news.com\/wp-content\/uploads\/2021\/04\/SEK-Beispielbild-768x576.jpg 768w, https:\/\/speyer24news.com\/wp-content\/uploads\/2021\/04\/SEK-Beispielbild-678x509.jpg 678w, https:\/\/speyer24news.com\/wp-content\/uploads\/2021\/04\/SEK-Beispielbild-326x245.jpg 326w, https:\/\/speyer24news.com\/wp-content\/uploads\/2021\/04\/SEK-Beispielbild-80x60.jpg 80w\" sizes=\"(max-width: 800px) 100vw, 800px\" \/><figcaption class=\"wp-element-caption\">Beispielbild eines Sondereinsatzkommandos (SEK) &#8211; Bild dient lediglich der Visualisierung<\/figcaption><\/figure><\/div>\n\n\n<p>Die Staatsanwaltschaft Kaiserslautern &#8211; Zentralstelle f\u00fcr Wirtschaftsstrafsachen &#8211; f\u00fchrt gegen vier Gastst\u00e4ttenbetreiber bzw. Automatenaufsteller aus dem Raum Ludwigshafen am Rhein ein Ermittlungsverfahren wegen des Verdachts der gewerbsm\u00e4\u00dfigen unerlaubten Veranstaltung eines Gl\u00fccksspiels, der Markengesetzverletzung, der Abgabenhinterziehung sowie der Steuerhinterziehung. Zwecks Auffindung weiterer Beweismittel haben Beamte der Kriminalpolizei Ludwigshafen und des Finanzamts Neustadt &#8211; Steuerfahndungs- und Strafsachenstelle &#8211; Donnerstag, 04.04.2024, mehrere Objekte im Stadtgebiet Ludwigshafen am Rhein durchsucht und diverse Spielger\u00e4te mit unerlaubten Gewinnm\u00f6glichkeiten sowie zahlreiche Unterlagen sichergestellt. Neben Kr\u00e4ften des Polizeipr\u00e4sidiums Rheinpfalz und der Steuerfahndung waren auch Spezialeinheiten und Spezialkr\u00e4fte des Polizeipr\u00e4sidiums Einsatz, Logistik und Technik an den Ma\u00dfnahmen beteiligt.<\/p>\n\n\n\n<p>Die Ermittlungen von Staatsanwaltschaft und Kriminalpolizei dauern an.<\/p>\n\n\n\n<h2 class=\"wp-block-heading\">(Ludwigshafen) &#8211; Sachbesch\u00e4digung an Autobahnunterf\u00fchrung \/ Vier Jugendliche ermittelt<\/h2>\n\n\n\n<p>Am Mittwochabend, 03.04.2024 gegen 20 Uhr, wurden der Polizei vier Personen gemeldet, die eine Unterf\u00fchrung an der A 650 mit Farbe bespr\u00fchten. Beim Eintreffen der Polizeikr\u00e4fte fl\u00fcchteten die vier Jugendlichen im Alter von 15 bis 16 Jahren. Um zu entkommen, \u00fcberquerten drei von ihnen die Autobahn. Zu einer Gef\u00e4hrdung weiterer Verkehrsteilnehmer kam es dabei nicht.<\/p>\n\n\n\n<p>Drei Jugendliche, eine 15-J\u00e4hrige sowie zwei 16-J\u00e4hrige, konnten schlie\u00dflich durch Polizeikr\u00e4fte eingeholt und gestellt werden. Alle hatten Farbanhaftungen an den H\u00e4nden. Au\u00dferdem hatten zwei der Jugendlichen mehrere Spraydosen bei sich. Sie wurden zur Polizeidienststelle mitgenommen und konnten dort von ihren Eltern abgeholt werden.<\/p>\n\n\n\n<p>Dem vierten Jugendlichen gelang zun\u00e4chst die Flucht. Seine Identit\u00e4t konnte im Weiteren jedoch ebenfalls gekl\u00e4rt werden.<\/p>\n\n\n\n<p>Die Jugendlichen werden sich in einem Strafverfahren wegen Sachbesch\u00e4digung verantworten m\u00fcssen. Hier drohen eine Freiheitsstrafe bis zu zwei Jahren oder eine Geldstrafe. Au\u00dferdem k\u00f6nnen sie zivilrechtlich f\u00fcr die Behebung des Schadens zur Kasse gebeten werden.<\/p>\n\n\n\n<h2 class=\"wp-block-heading\">(Ludwigshafen) &#8211; Hund rennt in den Weg \/ Unfall<\/h2>\n\n\n\n<p>Ein 58-j\u00e4hriger Radfahrer fuhr am Mittwoch (03.04.2024) gegen 18 Uhr, die Mittelpartstra\u00dfe in Richtung Oppau entlang. Als er auf H\u00f6he des Beg\u00fctenweihers war, rannte ihm eine deutsche Dogge in den Weg. Der Radfahrer st\u00fcrzte und verletzte sich leicht. Die Dogge hatte aus dem See getrunken und war dann unvermittelt \u00fcber die Stra\u00dfe auf die andere Feldseite gerannt. Der 44-j\u00e4hrige Besitzer des Hundes hatte das Tier f\u00fcr das Trinken von der Leine gelassen.<\/p>\n\n\n\n<h2 class=\"wp-block-heading\">(Ludwigshafen) &#8211; Radfahrer verletzt<\/h2>\n\n\n\n<p>Am Mittwochnachmittag (03.04.2024), gegen 17:20 Uhr, kam es an der Kreuzung der Maxstra\u00dfe mit der Amtsstra\u00dfe zu einem Verkehrsunfall. Ein 34-j\u00e4hriger Autofahrer wollte an der Kreuzung von der Maxstra\u00dfe in Amtsstra\u00dfe einbiegen und missachtete hierbei die Vorfahrt eines 60-j\u00e4hrigen Radfahrers. Es kam Zusammensto\u00df, der Radfahrer st\u00fcrzte und verletzte sich leicht. Er wurde durch den Rettungsdienst in ein Krankenhaus gebracht.<\/p>\n\n\n\n<h2 class=\"wp-block-heading\">(Ludwigshafen) &#8211; R\u00fccknahme \u00d6ffentlichkeitsfahndung \/ 13-J\u00e4hrige vermisst<\/h2>\n\n\n\n<h3 class=\"wp-block-heading\">Nachtrag zur \u00d6ffentlichkeitsfahndung vom 02.04.2024 <a href=\"https:\/\/s.rlp.de\/YVQX2\">https:\/\/s.rlp.de\/YVQX2<\/a><\/h3>\n\n\n<div class=\"wp-block-image\">\n<figure class=\"aligncenter size-full\"><img decoding=\"async\" loading=\"lazy\" width=\"800\" height=\"533\" src=\"https:\/\/speyer24news.com\/wp-content\/uploads\/2023\/06\/Kleeblatt-Glueck.jpg\" alt=\"\" class=\"wp-image-52491\" srcset=\"https:\/\/speyer24news.com\/wp-content\/uploads\/2023\/06\/Kleeblatt-Glueck.jpg 800w, https:\/\/speyer24news.com\/wp-content\/uploads\/2023\/06\/Kleeblatt-Glueck-300x200.jpg 300w, https:\/\/speyer24news.com\/wp-content\/uploads\/2023\/06\/Kleeblatt-Glueck-768x512.jpg 768w\" sizes=\"(max-width: 800px) 100vw, 800px\" \/><\/figure><\/div>\n\n\n<p>Die am 02.04.2024 als vermisst gemeldete 13-J\u00e4hrige konnte am Mittwoch wohlbehalten angetroffen werden.<\/p>\n\n\n\n<h2 class=\"wp-block-heading\">(Ludwigshafen) &#8211; Unfall zwischen Bus und Auto<\/h2>\n\n\n\n<p>Zu einem Unfall zwischen einem 24-j\u00e4hrigen Autofahrer und der 65-j\u00e4hrigen Fahrerin eines Lininenbusses kam es am 03.04.2023, gegen 14:50 Uhr, in der Stra\u00dfe &#8222;Alter Frankenthaler Weg&#8220;. Durch den Unfall wurde niemand verletzt. Es entstand ein Sachschaden von insgesamt rund 1.500 Euro. <\/p>\n\n\n\n<ul>\n<li><strong>Da die Schilderungen zum genauen Unfallhergang auseinander gehen, bittet die Polizeiwache Oggersheim um Zeugenhinweise unter Tel. 0621 963 &#8211; 2403 oder per E-Mail&nbsp;<a href=\"mailto:%20pwoggersheim@polizei.rlp.de\">pwoggersheim@polizei.rlp.de<\/a>.<\/strong><\/li>\n<\/ul>\n\n\n\n<h2 class=\"wp-block-heading\">(Ludwigshafen) &#8211; Mofa gestohlen<\/h2>\n\n\n\n<p>In der Berthold-Schwarz-Stra\u00dfe wurde Mittwoch, 03.04.2024, gegen 11 Uhr ein Mofa gestohlen. Das Fahrzeug stand auf dem B\u00fcrgersteig.<\/p>\n\n\n\n<ul>\n<li><strong>Sie haben den Diebstahl beobachtet oder k\u00f6nnen Angaben zum Verbleib des Mofas machen? Hinweise bitte an die Polizeiinspektion Ludwigshafen 2, Telefonnummer 0621 963-2222 oder per E-Mail&nbsp;<a href=\"mailto:%20piludwigshafen2@polizei.rlp.de\">piludwigshafen2@polizei.rlp.de<\/a><\/strong><\/li>\n<\/ul>\n\n\n\n<h2 class=\"wp-block-heading\">(Ludwigshafen) &#8211; Betrug \u00fcber Facebook<\/h2>\n\n\n<div class=\"wp-block-image\">\n<figure class=\"aligncenter size-full\"><img decoding=\"async\" loading=\"lazy\" width=\"640\" height=\"427\" src=\"https:\/\/speyer24news.com\/wp-content\/uploads\/2021\/03\/Cybercrime.jpg\" alt=\"\" class=\"wp-image-33792\" srcset=\"https:\/\/speyer24news.com\/wp-content\/uploads\/2021\/03\/Cybercrime.jpg 640w, https:\/\/speyer24news.com\/wp-content\/uploads\/2021\/03\/Cybercrime-300x200.jpg 300w\" sizes=\"(max-width: 640px) 100vw, 640px\" \/><\/figure><\/div>\n\n\n<p>Opfer einer Betrugsmasche wurde am Mittwoch (03.04.2024) eine 59-J\u00e4hrige. Die Frau wurde durch eine vermeintliche Freundin auf Facebook angeschrieben. Die Person schrieb der Gesch\u00e4digten, dass sie einen Email-Kontakt anschreiben und 120.000 Euro beantragen solle. Um das Geld zu erhalten, m\u00fcsse sie lediglich 6.000 Euro in Apple-Pay-Karten bezahlen. Die Gesch\u00e4digte tat wie gehei\u00dfen, das versprochene Geld erhielt sie jedoch nicht.<\/p>\n\n\n\n<h2 class=\"wp-block-heading\">(Ludwigshafen) &#8211; Einbrecher \u00fcberrascht \/ Zeugen gesucht<\/h2>\n\n\n\n<p>Am Mittwochmorgen (03.04.2024), gegen 04:00 Uhr, brach ein Unbekannter in ein Einfamilienhaus in der Saarbr\u00fccker Stra\u00dfe ein und durchsuchte dieses. Hierbei weckte er die Bewohner. Als diese ihn im Hausflur ansprachen, ergriff er die Flucht. Entwendet wurde nichts. <\/p>\n\n\n\n<ul>\n<li><strong>Der unbekannte T\u00e4ter wurde als circa 1,80 Meter gro\u00df beschrieben. Er trug dunkle Kleidung und eine Stirnlampe.<\/strong><\/li>\n\n\n\n<li><strong>Wer hat die Tat beobachtet oder kann Hinweise auf den T\u00e4ter geben?<\/strong><\/li>\n\n\n\n<li><strong>Hinweise bitte an die Polizeiinspektion Ludwigshafen 2, Telefonnummer 0621 963-2222 oder per E-Mail&nbsp;<a href=\"mailto:%20piludwigshafen2@polizei.rlp.de\">piludwigshafen2@polizei.rlp.de<\/a>&nbsp;.<\/strong><\/li>\n<\/ul>\n\n\n\n<h2 class=\"wp-block-heading\">(Ludwigshafen) &#8211; Einbruch in Wohnhaus \/ Zeugen gesucht<\/h2>\n\n\n\n<p>Im Zeitraum zwischen Dienstagabend (02.04.2024), 23:00 Uhr und Mittwochmorgen (03.04.2024), 06:30 Uhr, brachen Unbekannte in ein Wohnhaus in der Pinienstra\u00dfe ein und entwendeten Schmuck und M\u00fcnzen im Wert von circa 10.000 Euro.<\/p>\n\n\n\n<ul>\n<li><strong>Wer hat die Tat beobachtet oder kann Hinweise auf die T\u00e4ter geben? Hinweise bitte an die Polizeiinspektion Ludwigshafen 1, Telefonnummer 0621 963-2122 oder per E-Mail&nbsp;<a href=\"mailto:%20piludwigshafen1@polizei.rlp.de\">piludwigshafen1@polizei.rlp.de<\/a>&nbsp;.<\/strong><\/li>\n<\/ul>\n\n\n\n<h2 class=\"wp-block-heading\">(Ludwigshafen) &#8211; Auf Parkplatz in der Oderstra\u00dfe \/ Karten aus Handtasche gestohlen<\/h2>\n\n\n\n<p>Auf dem Parkplatz eines Supermarkts in der Oderstra\u00dfe wurden am Dienstagabend (02.04.2024, gegen 19:10 Uhr) mehrere Ausweisdokumente sowie Geldkarten aus der Handtasche einer 56-J\u00e4hrigen gestohlen. Die Tasche lag auf dem Beifahrersitz ihres unverschlossenen Autos w\u00e4hrend die Frau aus Ludwigshafen den Einkaufswagen zur\u00fcckbrachte. Dies nutzte eine bislang unbekannte Person aus und griff zu.<\/p>\n\n\n\n<ul>\n<li><strong>Waren Sie zur fraglichen Zeit ebenfalls auf dem Parkplatz und haben etwas beobachtet? Bitte wenden Sie sich an die Polizeiwache Oggersheim unter Tel. 0621 963 &#8211; 2403 oder per E-Mail&nbsp;<a href=\"mailto:%20pwoggersheim@polizei.rlp.de\">pwoggersheim@polizei.rlp.de<\/a>&nbsp;<\/strong><\/li>\n<\/ul>\n\n\n\n<h2 class=\"wp-block-heading\">(Ludwigshafen) &#8211; Unfall in der Poststra\u00dfe<\/h2>\n\n\n\n<p>An der Kreuzung Poststra\u00dfe\/Gaustra\u00dfe kam es am 02.04.2024, gegen 14:40 Uhr, zu einem Unfall zwischen einer 26-j\u00e4hrigen Autofahrerin und dem 60-j\u00e4hrigen Fahrer eines Leichtkraftrads. Der 60-J\u00e4hrige wurde hierbei leicht verletzt. Au\u00dferdem entstand am Auto ein Sachschaden von etwa 1.000 Euro.<\/p>\n\n\n\n<h2 class=\"wp-block-heading\">(Ludwigshafen) &#8211; Fu\u00dfg\u00e4nger verletzt \/ Zeugen gesucht<\/h2>\n\n\n\n<p>Am Dienstagmittag (02.04.2024), kam es im Kreuzungsbereich Bruchwiesenstra\u00dfe\/Bayreuther Stra\u00dfe zu einem Unfall zwischen einem 46-j\u00e4hrigen Fu\u00dfg\u00e4nger und einem 19-j\u00e4hrigen Autofahrer. Der 46-J\u00e4hirge wurde hierbei verletzt und musste in ein Krankenhaus gebracht werden. Zur genauen Rekonstruktion des Unfallhergangs bittet die Polizeiinspektion Ludwigshafen 1 um Zeugenhinweise. <\/p>\n\n\n\n<ul>\n<li><strong>Wer hat den Vorfall beobachtet und kann Angaben machen? Hinweise bitte an die Polizeiinspektion Ludwigshafen 1, Telefonnummer 0621 963-2122 oder per E-Mail&nbsp;<a href=\"mailto:%20piludwigshafen1@polizei.rlp.de\">piludwigshafen1@polizei.rlp.de<\/a>&nbsp;.<\/strong><\/li>\n<\/ul>\n\n\n\n<h2 class=\"wp-block-heading\">(Ludwigshafen) &#8211; Falscher Polizeibeamter \/ Nicht hereingefallen<\/h2>\n\n\n\n<p>An dem umsichtigen und geistesgegenw\u00e4rtigen Verhalten einer 84-J\u00e4hrigen aus Ludwigshafen-Oppau scheiterte am Dienstagmittag (02.04.2024) ein Telefonbetr\u00fcger. Dieser rief die Seniorin an und gab sich als Polizeibeamter aus. Er behauptete, es habe in ihrer Umgebung mehrere Einbr\u00fcche gegeben und fragte nach Wertgegenst\u00e4nden. Die 84-J\u00e4hrige stellte vorbildlich klar, dass sie keine pers\u00f6nlichen Daten am Telefon preisgebe. Hierauf reagierte der Anrufer ungehalten und legte auf.<\/p>\n\n\n\n<h2 class=\"wp-block-heading\">(Ludwigshafen) &#8211; Auto besch\u00e4digt, Busfahrer bedroht<\/h2>\n\n\n<div class=\"wp-block-image\">\n<figure class=\"aligncenter size-full\"><img decoding=\"async\" loading=\"lazy\" width=\"800\" height=\"533\" src=\"https:\/\/speyer24news.com\/wp-content\/uploads\/2021\/10\/Festnahme-Handschellen.jpg\" alt=\"\" class=\"wp-image-41224\" srcset=\"https:\/\/speyer24news.com\/wp-content\/uploads\/2021\/10\/Festnahme-Handschellen.jpg 800w, https:\/\/speyer24news.com\/wp-content\/uploads\/2021\/10\/Festnahme-Handschellen-300x200.jpg 300w, https:\/\/speyer24news.com\/wp-content\/uploads\/2021\/10\/Festnahme-Handschellen-768x512.jpg 768w\" sizes=\"(max-width: 800px) 100vw, 800px\" \/><figcaption class=\"wp-element-caption\">Beispielbild Handschelle \/ Verhaftung, dient lediglich der Visualisierung<\/figcaption><\/figure><\/div>\n\n\n<p>Am Dienstagmorgen (02.04.2024), gegen 09:30 Uhr, wurde der Polizei ein 31-J\u00e4hriger gemeldet, der in der Wredestra\u00dfe unvermittelt gegen das Auto eines 51-J\u00e4hrigen getreten hatte. Als er durch Passanten angesprochen wurde, habe der 31-J\u00e4hrige sein mitgef\u00fchrtes Fahrrad mehrfach gegen das Auto gesto\u00dfen. Am Fahrzeug entstand ein Sachschaden von etwa 500 Euro. Anschlie\u00dfend habe sich der 31-J\u00e4hrige in unbekannte Richtung entfernt.<\/p>\n\n\n\n<p>Wenig sp\u00e4ter wurde eine Person gemeldet, die in der Buslinie 75 randaliere und den Busfahrer mit einem Messer bedrohe. Hierbei handelte es sich ebenfalls um den 31-J\u00e4hrigen. Polizeikr\u00e4fte trafen ihn kurz darauf in dem Bus an und nahmen ihn, zur Verhinderung weiterer Straftaten, in Gewahrsam. Das mitgef\u00fchrte K\u00fcchenmesser wurde sichergestellt. Da er augenscheinlich unter dem Einfluss von Bet\u00e4ubungsmitteln stand, wurde dem 31-J\u00e4hrigen eine Blutprobe entnommen.<\/p>\n\n\n\n<h2 class=\"wp-block-heading\">(Ludwigshafen) &#8211; Versuchter Einbruch \/ Zeugen gesucht<\/h2>\n\n\n\n<p>Im Zeitraum zwischen dem 01.04.2024, 15:00 Uhr und dem 02.04.2024, 08:00 Uhr, versuchten Unbekannte in ein Fitnessstudio in der Orffstra\u00dfe einzubrechen und verursachten hierbei Sachschaden in H\u00f6he von circa 800 Euro.<\/p>\n\n\n\n<ul>\n<li><strong>Wer hat die Tat beobachtet oder kann Hinweise auf die T\u00e4ter geben? Hinweise bitte an die Polizeiinspektion Ludwigshafen 1, Telefonnummer 0621 963-2122 oder per E-Mail&nbsp;<a href=\"mailto:%20piludwigshafen1@polizei.rlp.de\">piludwigshafen1@polizei.rlp.de<\/a>&nbsp;.<\/strong><\/li>\n<\/ul>\n\n\n\n<h2 class=\"wp-block-heading\">(Ludwigshafen) &#8211; Einbruch in Jugendwerk \/ Zeugen gesucht<\/h2>\n\n\n\n<p>Im Zeitraum zwischen dem 28.03.2024, 16:00 Uhr und dem 02.04.2024, 08:00 Uhr, brachen Unbekannte in ein Jugendwerk in der Pfarrer-Krebs-Stra\u00dfe ein und entwendeten einen Tresor mit \u00fcber 400 Euro Bargeld. Der entstandene Sachschaden bel\u00e4uft sich insgesamt auf circa 5.000 Euro.<\/p>\n\n\n\n<ul>\n<li><strong>Wer hat die Tat beobachtet oder kann Hinweise auf die T\u00e4ter geben? Hinweise bitte an die Polizeiinspektion Ludwigshafen 1, Telefonnummer 0621 963-2122 oder per E-Mail&nbsp;<a href=\"mailto:%20piludwigshafen1@polizei.rlp.de\">piludwigshafen1@polizei.rlp.de<\/a>&nbsp;.<\/strong><\/li>\n<\/ul>\n\n\n\n<h2 class=\"wp-block-heading\">(Ludwigshafen) &#8211; Unfallflucht \/ Zeugen gesucht<\/h2>\n\n\n\n<p>Am Montag (01.04.2024), im Zeitraum zwischen 13:00 und 22:00 Uhr, besch\u00e4digte ein unbekannter Verkehrsteilnehmer mehrere Warnbarken im Bereich der Engstelle der Hochstra\u00dfe Nord (B44) in Fahrtrichtung Bad D\u00fcrkheim. Der entstandene Schaden bel\u00e4uft sich auf circa 2.500 Euro.<\/p>\n\n\n\n<ul>\n<li><strong>Wer hat den Unfall beobachtet und kann Hinweise auf den Verursacher geben? Hinweise bitte an die Polizeiinspektion Ludwigshafen 1, Telefonnummer 0621 963-2122 oder per E-Mail&nbsp;<a href=\"mailto:%20piludwigshafen1@polizei.rlp.de\">piludwigshafen1@polizei.rlp.de<\/a>&nbsp;.<\/strong><\/li>\n<\/ul>\n\n\n\n<h2 class=\"wp-block-heading\">(Ludwigshafen) &#8211; Einbruch in Elektronikgesch\u00e4ft \/ Zeugen gesucht<\/h2>\n\n\n\n<p>Zwischen Sonntagabend (31.03.2024), 20:00 Uhr und Montagmittag (01.04.2024), 12:00 Uhr, brachen Unbekannte in ein Elektronikgesch\u00e4ft in der Bismarckstra\u00dfe ein und entwendeten Bargeld. Die genaue Schadensh\u00f6he ist noch nicht bekannt.<\/p>\n\n\n\n<ul>\n<li><strong>Wer hat die Tat beobachtet und kann Hinweise auf die T\u00e4ter geben? Hinweise bitte an die Polizeiinspektion Ludwigshafen 1, Telefonnummer 0621 963-2122 oder per E-Mail&nbsp;<a href=\"mailto:%20piludwigshafen1@polizei.rlp.de\">piludwigshafen1@polizei.rlp.de<\/a>&nbsp;.<\/strong><\/li>\n<\/ul>\n\n\n\n<h2 class=\"wp-block-heading\">(Ludwigshafen) &#8211; Mehrere Fahrzeuge aufgebrochen \/ Zeugen gesucht<\/h2>\n\n\n\n<p>Zwischen Sonntagabend (31.03.2024), 19:00 Uhr und Montagmorgen (01.04.2024), 06:30 Uhr, brachen Unbekannte einen Mercedes Transporter am Giuliniplatz auf und entwendeten einen Sack mit Pfandflaschen.<\/p>\n\n\n\n<p>Ebenfalls in der Nacht von Sonntag auf Montag wurde die Seitenscheibe eines grauen Peugeot am Benckiserplatz eingeschlagen. Entwendet wurde nichts.<\/p>\n\n\n\n<ul>\n<li><strong>Wer hat die Taten beobachtet und kann Hinweise auf die T\u00e4ter geben? Hinweise bitte an die Polizeiinspektion Ludwigshafen 1, Telefonnummer 0621 963-2122 oder per E-Mail&nbsp;<a href=\"mailto:%20piludwigshafen1@polizei.rlp.de\">piludwigshafen1@polizei.rlp.de<\/a>&nbsp;.<\/strong><\/li>\n<\/ul>\n\n\n\n<p>Au\u00dferdem wurde am Montag, zwischen 10:30 und 14:40 Uhr, die Seitenscheibe eines in der Bruno-K\u00f6rner-Stra\u00dfe abgestellten Fiats eingeschlagen und eine Uhr sowie eine Bankkarte aus dem Innenraum entwendet.<\/p>\n\n\n\n<ul>\n<li><strong>Hinweise werden in diesem Fall an die Polizeiinspektion Ludwigshafen 2, Telefonnummer 0621 963-2222 oder per E-Mail&nbsp;<a href=\"mailto:%20piludwigshafen2@polizei.rlp.de\">piludwigshafen2@polizei.rlp.de<\/a>&nbsp;erbeten.<\/strong><\/li>\n<\/ul>\n\n\n\n<h2 class=\"wp-block-heading\">(Ludwigshafen) &#8211; Tatverd\u00e4chtige nach Bet\u00e4ubungsmittelfund in Untersuchungshaft<\/h2>\n\n\n\n<h3 class=\"wp-block-heading\">Gemeinsame Pressemitteilung der Staatsanwaltschaft Frankenthal (Pfalz) und des Polizeipr\u00e4sidium Rheinpfalz<\/h3>\n\n\n<div class=\"wp-block-image\">\n<figure class=\"aligncenter size-full\"><img decoding=\"async\" loading=\"lazy\" width=\"800\" height=\"600\" src=\"https:\/\/speyer24news.com\/wp-content\/uploads\/2019\/06\/Ausn\u00fcchterungszelle.jpg\" alt=\"\" class=\"wp-image-15212\" srcset=\"https:\/\/speyer24news.com\/wp-content\/uploads\/2019\/06\/Ausn\u00fcchterungszelle.jpg 800w, https:\/\/speyer24news.com\/wp-content\/uploads\/2019\/06\/Ausn\u00fcchterungszelle-300x225.jpg 300w, https:\/\/speyer24news.com\/wp-content\/uploads\/2019\/06\/Ausn\u00fcchterungszelle-768x576.jpg 768w, https:\/\/speyer24news.com\/wp-content\/uploads\/2019\/06\/Ausn\u00fcchterungszelle-678x509.jpg 678w, https:\/\/speyer24news.com\/wp-content\/uploads\/2019\/06\/Ausn\u00fcchterungszelle-326x245.jpg 326w, https:\/\/speyer24news.com\/wp-content\/uploads\/2019\/06\/Ausn\u00fcchterungszelle-80x60.jpg 80w\" sizes=\"(max-width: 800px) 100vw, 800px\" \/><figcaption class=\"wp-element-caption\">Beispielbild Zelle \/ Verhaftung, dient lediglich der Visualisierung<\/figcaption><\/figure><\/div>\n\n\n<p>Am Mittwochabend (27.03.2024), gegen 22:15 Uhr, kontrollierten Kr\u00e4fte der Autobahnpolizei Ruchheim auf der Autobahn 61 einen 31-j\u00e4hrigen Fahrdienstleister. Im Auto befanden sich au\u00dferdem zwei Fahrg\u00e4ste, eine 53-J\u00e4hrige und ein 25-J\u00e4hriger aus Ludwigshafen. W\u00e4hrend der Kontrolle entdeckten die Polizeikr\u00e4fte im Kofferraum des Fahrzeugs circa drei Kilogramm Marihuana. Die drei Fahrzeuginsassen wurden daraufhin vorl\u00e4ufig festgenommen und das Fahrzeug sichergestellt. Im Rahmen der Ermittlungen konnte der Tatverdacht gegen den 31-j\u00e4hrigen Fahrer entkr\u00e4ftet werden. Auf Anordnung der Staatsanwaltschaft Frankenthal wurde die gemeinsame Wohnanschrift der 53-J\u00e4hrigen und des 25-J\u00e4hrigen in Ludwigshafen durchsucht. Hierbei konnten weitere rund 150 Gramm Marihuana, ein Kilogramm Haschisch, knapp ein Kilogramm Amphetaminpaste sowie 40 Cannabis-Pflanzen sichergestellt werden.<\/p>\n\n\n\n<p>Die beiden Tatverd\u00e4chtigen wurden am Donnerstag (28.03.2024) einem Haftrichter vorgef\u00fchrt. Dieser erlies auf Antrag der Staatsanwaltschaft Haftbefehl wegen des dringenden Tatverdachts des Bet\u00e4ubungsmittelhandels in nicht geringen Mengen gegen die 53-J\u00e4hrige und den 25-J\u00e4hrigen. Beide wurden in Justizvollzugsanstalten gebracht.<\/p>\n\n\n\n<h2 class=\"wp-block-heading\">(Mannheim) &#8211; Mobile Beratungsstelle der Polizei in Mannheim-Sch\u00f6nau<\/h2>\n\n\n\n<p>Im Rahmen ihrer Pr\u00e4ventionst\u00e4tigkeit kommt die Kriminalpolizeiliche Beratungsstelle des Polizeipr\u00e4sidiums Mannheim mit dem Informations-Truck des Landeskriminalamtes Baden-W\u00fcrttemberg am<\/p>\n\n\n\n<ul>\n<li><strong>Freitag, den 12. April 2024, in der Zeit von 10.00 &#8211; 14.00 Uhr nach<\/strong><\/li>\n\n\n\n<li><strong>MA-Sch\u00f6nau auf den NORMA Parkplatz, Sonderburger Str. 12<\/strong><\/li>\n<\/ul>\n\n\n\n<p>Das Fahrzeug beherbergt eine komplette Bearatungsstelle. Dort haben B\u00fcrgerinnen\/B\u00fcrger die M\u00f6glichkeit, sich zum Thema Wohnungseinbruch zu informieren. Die anschauliche Pr\u00e4sentation dient dem schnellen und umfassenden \u00dcberblick wie man sich durch mechanische und elektronische Sicherungstechnik sch\u00fctzen kann. Ein weitergehender &#8211; kostenloser &#8211; Service der Kriminalpr\u00e4vention ist die Vor-Ort-Beratung, bei der die Fachberater der Polizei zu den Interessierten nach Hause kommen und eine speziell auf deren Haus bzw. Wohnung ausgerichtete Schwachstellenanalyse erstellen. Im Informationsfahrzeug besteht die M\u00f6glichkeit zur Vereinbarung eines Termins. Informieren Sie sich, bevor Sie Besuch von &#8222;ungebetenen G\u00e4sten bekommen&#8220;!<\/p>\n\n\n\n<h4 class=\"wp-block-heading\"><em>Kriminalpr\u00e4vention und Kriminalpolizeiliche Beratungsstelle Mannheim L 6,12 68161 Mannheim Tel. 0621\/174-1212 Fax. 0621\/174-1209 Mail.&nbsp;<a href=\"mailto:%20beratungsstelle.ma@polizei.bwl.de\">beratungsstelle.ma@polizei.bwl.de<\/a><\/em><\/h4>\n\n\n\n<h2 class=\"wp-block-heading\">(Mannheim) &#8211; M\u00fcllcontainer von Kindergarten in Sch\u00f6nau fing Feuer \/ Zeugen gesucht<\/h2>\n\n\n\n<p>Am Dienstag gegen 19:50 Uhr geriet in im Bromberger Baumgang ein M\u00fcllcontainer in einem angeschlossenen M\u00fcllraum eines Kindergartens in Brand. Die Feuerwehr hatte den Brand schnell gel\u00f6scht. Am Geb\u00e4ude entstande ein Sachschaden in H\u00f6he eines f\u00fcnfstelligen Betrags. Die R\u00e4umlichkeiten des Kindergartens wurde jedoch nicht in Mitleidenschaft gezogen. Zum Tatzeitpunkt befanden sich gl\u00fccklicherweise keine Personen im Objekt. Die Kriminalpolizei des Polizeipr\u00e4sidiums Mannheim ermittelt derzeit in alle Richtungen. <\/p>\n\n\n\n<ul>\n<li><strong>Die Polizei sucht Zeugen, die in Zusammenhang mit dem Brand sachdienliche Hinweise unter 0621-174-4444 geben k\u00f6nnen.<\/strong><\/li>\n<\/ul>\n\n\n\n<h2 class=\"wp-block-heading\">(Mannheim) &#8211; Alkoholisierter Fahrer verursacht mehrere Unf\u00e4lle und einen gro\u00dfen Schaden<\/h2>\n\n\n\n<p>Am Montag gegen 03:30 Uhr befuhr ein 27-J\u00e4hriger mit seinem BMW den Luisenring, obwohl er infolge von berauschenden Substanzen dazu nicht mehr in der Lage gewesen war. Zun\u00e4chst prallte er mit einer Ampel auf seiner Gegenfahrbahn zusammen und zerst\u00f6rte diese. Im Anschluss fuhr er auf die Kurt-Schuhmacher-Br\u00fccke und \u00fcbersah dort zwei Pannenfahrzeuge, die am rechten Fahrbahnrand abgestellt waren. Das hintere Fahrzeug, ein Mercedes der Oberklasse, rammte er im Heckbereich so stark, dass dieser einen Totalschaden erlitt. Trotz der ausgel\u00f6sten Airbags an seinem BMW setzte er seine Fahrt fort. Da sein Auto jedoch ebenfalls einen Totalschaden erlitt, blieb dieser nach etwa 100 Metern stehen. Mit den folgenden Ma\u00dfnahmen der Polizei war der Unfallfahrer dann auch nicht einverstanden und wehrte sich heftig. Die Gegenwehr war erfolglos. Er wurde festgenommen und auf das Polizeirevier Mannheim-Innenstand verbracht. Dort wurde durch einen Arzt eine Blutprobe entnommen. Diese wird nun auf Alkohol und berauschende Substanzen hin untersucht. Er selbst und seine Beifahrerin verletzten sich beim Ausl\u00f6sen der Airbags im Bereich des Gesichts. Eine noch im Mercedes sitzende Frau verletzt sich ebenfalls durch den Aufprall am Knie. Der BMW des Unfallfahrers wurde zun\u00e4chst sichergestellt. Das Polizeirevier Mannheim-Innenstadt hat die Ermittlungen zu diesem Fall \u00fcbernommen. Der Unfallfahrer muss nun mit einer Anzeige bei der Staatsanwaltschaft rechnen. Diese entscheidet auch \u00fcber den Verbleib seines Autos und dem F\u00fchrerschein.<\/p>\n\n\n\n<h2 class=\"wp-block-heading\">(Mannheim) &#8211; Kind bei Verkehrsunfall von Pkw erfasst \/ Zeugen gesucht<\/h2>\n\n\n\n<h3 class=\"wp-block-heading has-text-align-center\">Pressemeldung Nr. 3<\/h3>\n\n\n\n<p>Ein 11-j\u00e4hriger Fu\u00dfg\u00e4nger missachtete am Mittwoch (27.03.24) gegen 10:20 Uhr eine rot zeigende Fu\u00dfg\u00e4ngerampel und wurde durch einen bislang unbekannten Autofahrer in Folge eines Zusammenpralls leicht verletzt.<\/p>\n\n\n\n<p>Der Minderj\u00e4hrige lief ersten Ermittlungen zu Folge trotz Rotlicht zeigender Fu\u00dfg\u00e4ngerampel \u00fcber eine Fahrbahn der Augustusanlage in Richtung Beethovenstra\u00dfe und wurde dabei von einem bevorrechtigten Autofahrer erfasst. Hierbei erlitt der 11-J\u00e4hrige leichte Verletzungen und wurde vorsorglich in ein nahegelegenes Krankenhaus gebracht. Der unbekannte Fahrer entfernte sich nach dem Zusammensto\u00df von der Unfall\u00f6rtlichkeit.<\/p>\n\n\n\n<p>Eine 58-j\u00e4hrige Zeugin, die den Unfall beobachtete, machte die Polizeibeamten darauf aufmerksam, dass ein bislang ebenfalls noch unbekannter Autofahrer, der hinter dem Unfallverursacher fuhr, nach dem Zusammensto\u00df die Verfolgung aufgenommen habe.<\/p>\n\n\n\n<ul>\n<li><strong>Der Verkehrsdienst Mannheim hat nun die Ermittlungen in dem Sachverhalt vom Polizeirevier Mannheim-Oststadt \u00fcbernommen und bittet erneut, insbesondere den Zeugen, der die Verfolgung aufgenommen haben soll, sich bei der Polizei unter der Telefonnummer 0621-174 4270 zu melden.<\/strong><\/li>\n<\/ul>\n\n\n\n<h2 class=\"wp-block-heading\">(Heidelberg) &#8211; Unbekannte T\u00e4terschaft besch\u00e4digt Auto \/ Zeugen gesucht!<\/h2>\n\n\n\n<p>Am Montag besch\u00e4digte eine bislang unbekannte T\u00e4terschaft im Tatzeitraum zwischen 17:15 Uhr und 19:00 Uhr ein geparktes Fahrzeug in der Vangerowstra\u00dfe.<\/p>\n\n\n\n<p>Ein 36-j\u00e4hriger Fahrzeughalter parkte hier seinen blauen VW Golf ordnungsgem\u00e4\u00df am Stra\u00dfenrand ab und bemerkte bei seiner R\u00fcckkehr zum Auto, dass beide Au\u00dfenspiegel des Fahrzeugs besch\u00e4digt wurden und Plastikteile davon auf der Stra\u00dfe lagen. Zudem wurde die gesamte Heckscheibe aus der Verankerung gebrochen und die Karosserie an der Fahrert\u00fcr mit einem unbekannten Gegenstand zerkratzt.<\/p>\n\n\n\n<p>Der Sachschaden bel\u00e4uft sich auf etwa 2.000 Euro. Ersten Ermittlungen zu Folge wurde aus dem Inneren des Autos nichts entwendet.<\/p>\n\n\n\n<ul>\n<li><strong>Das Polizeirevier Heidelberg-Mitte hat die Ermittlungen aufgenommen und sucht nach Zeugen, welche Hinweise zur T\u00e4terschaft geben k\u00f6nnen oder andere verd\u00e4chtige Wahrnehmungen gemacht haben. Diese werden gebeten, sich unter der Telefonnummer 06221 1857-0 zu melden.<\/strong><\/li>\n<\/ul>\n\n\n\n<h2 class=\"wp-block-heading\">(Heidelberg) &#8211; Ente legt Schienenverkehr lahm<\/h2>\n\n\n\n<p>Eine ganz besondere Blockadeaktion hatte sich am Montag eine Ente in Handschuhsheim \u00fcberlegt. Gegen 10 Uhr am Morgen lag das flug- und bewegungsunwillige Tier auf den Stra\u00dfenbahngleisen in der Berliner Stra\u00dfe. Selbst als ein Schienenfahrzeug herannahte, blieb die Ente sitzen und blockierte so die Weiterfahrt. Nachdem sich mehrere Minuten lang keine Verhaltens\u00e4nderung bei dem Federtier einstellte, war f\u00fcr die Umstehenden klar: Einzig eine medizinische Notlage konnte das atypisch Verhalten des Tieres erkl\u00e4ren, weshalb die Polizei um Unterst\u00fctzung gebeten wurde. Als kurze Zeit sp\u00e4ter eine Streife des Polizeireviers Heidelberg-Nord herbeieilte, gesundete die Ente pl\u00f6tzlich und flog davon. Selbst der Polizei gelang es nicht die Hintergr\u00fcnde dieser Blockadeaktion aufzukl\u00e4ren.<\/p>\n\n\n\n<h2 class=\"wp-block-heading\">(Heidelberg) &#8211; Mehrere Verletzte bei Unfall<\/h2>\n\n\n\n<p>Aus bislang unbekannten Gr\u00fcnden verlor am Sonntag um kurz nach 16 Uhr der 35-j\u00e4hrige Fahrer eines VW auf der Rudolf-Diesel-Stra\u00dfe die Kontrolle \u00fcber sein Fahrzeug und prallte auf ein am rechten Fahrbahnrand geparktes Wohnmobil. Jenes wurde durch die Wucht der Kollision auf einen dahinter geparkten Mazda geschoben. Bei dem Unfall verletzten sich der 35-j\u00e4hrige Fahrer und seine Beifahrerin leicht. Die Frau kam vorsorglich zur Begutachtung in ein Krankenhaus. Der Sachschaden wird auf knapp 25.000 Euro gesch\u00e4tzt. Der VW musste abgeschleppt werden. Das Polizeirevier Heidelberg-Mitte leitete nun die Ermittlungen hinsichtlich der genauen Schadensursache ein.<\/p>\n\n\n\n<h2 class=\"wp-block-heading\">(Schwetzingen \/ Rhein-Neckar-Kreis) &#8211; Reifenstecher nach kurzer Fahndung festgenommen<\/h2>\n\n\n\n<p>Am Samstag kurz nach 17:00 Uhr zerstach ein 37-J\u00e4hriger in der Luisenstra\u00dfe mit einem Einhandmesser die Reifen mehrerer geparkter Autos. Eine aufmerksame Zeugin verst\u00e4ndigte die Polizei. Die Frau konnte eine gute T\u00e4terbeschreibung abgeben. Das Polizeirevier Schwetzingen fahndete mit mehreren Streifenwagen nach der fl\u00fcchtigen Person und konnte den Mann noch im weiteren Umfeld festnehmen. Der Tatverd\u00e4chtige muss nun mit einer Anzeige wegen Sachbesch\u00e4digung rechnen<\/p>\n\n\n\n<h2 class=\"wp-block-heading\">(Sandhausen \/ Rhein-Neckar-Kreis) &#8211; Einbrecher verursachen Schaden von mehr als 25.000 Euro<\/h2>\n\n\n\n<p>Zwischen Donnerstagabend und Montagabend gelang es derzeit noch unbekannten Einbrechern in ein Einfamilienhaus in der Robert-Schuhmann-Stra\u00dfe einzudringen und hieraus Schmuck sowie weitere Wertgegenst\u00e4nde von mehr als 25.000 Euro Wert zu erbeuten. <\/p>\n\n\n\n<ul>\n<li><strong>Das Polizeirevier Wiesloch hat die weiteren Ermittlungen aufgenommen und sucht nun Zeugen, welche verd\u00e4chtige Wahrnehmungen gemacht haben. Diese werden gebeten, sich unter der Telefonnummer 06222\/5709-0 zu melden.<\/strong><\/li>\n<\/ul>\n\n\n\n<h2 class=\"wp-block-heading\">(Leimen \/ Rhein-Neckar-Kreis) &#8211; Jugendliche randalieren in leerstehendem B\u00fcrogeb\u00e4ude<\/h2>\n\n\n\n<p>Am Wochenende besch\u00e4digte eine nicht n\u00e4her bekannte Gruppe Jugendlicher ehemalige B\u00fcror\u00e4ume der Stadt Leimen.<\/p>\n\n\n\n<p>Am Wochenende besch\u00e4digte eine nicht n\u00e4her bekannte Gruppe Jugendlicher ehemalige B\u00fcror\u00e4ume der Stadt Leimen.<\/p>\n\n\n\n<p>Ersten Ermittlungen zu Folge verschaffte sich eine mindestens 10-k\u00f6pfige bislang unbekannte T\u00e4terschaft \u00fcber eine Tiefgarage Zutritt zum Kurpfalz-Centrum und \u00f6ffnete gewaltsam die Eingangst\u00fcr der ehemaligen B\u00fcror\u00e4ume mit einem unbekannten Werkzeug. Die \u00d6rtlichkeit wurde im Zeitraum von Samstagabend bis in die fr\u00fchen Morgenstunden des Montags mehrmals von der Personengruppe aufgesucht.<\/p>\n\n\n\n<p>Die Tatverd\u00e4chtigen besch\u00e4digte das noch in dem B\u00fcro befindliche Inventar sowie die Zimmert\u00fcren. Ebenso verunreinigten sie die R\u00e4umlichkeiten mit Feuerl\u00f6schern.<\/p>\n\n\n\n<p>Der Sachschaden l\u00e4sst sich auf ca. 5.000 Euro sch\u00e4tzen.<\/p>\n\n\n\n<ul>\n<li><strong>Der Polizeiposten Leimen hat die Ermittlungen aufgenommen und sucht nach Zeugen, welche Hinweise zur T\u00e4terschaft geben k\u00f6nnen oder andere verd\u00e4chtige Wahrnehmungen gemacht haben. Diese werden gebeten, sich unter der Telefonnummer 06224 1749-0 zu melden.<\/strong><\/li>\n<\/ul>\n\n\n\n<h2 class=\"wp-block-heading\">(A 6 \/ Dielheim \/ Rhein-Neckar-Kreis) &#8211; Auto \u00fcberschl\u00e4gt sich auf der BAB 6<a href=\"https:\/\/www.facebook.com\/sharer.php?u=https%3A%2F%2Fwww.presseportal.de%2Fblaulicht%2Fpm%2F14915%2F5748982%2F%3Futm_source%3Dfacebook%26utm_medium%3Dsocial\"><\/a><a href=\"https:\/\/twitter.com\/intent\/tweet?text=POL-MA%3A%20Dielheim%2FRhein-Neckar-Kreis%2FBAB%206%3A%20Auto%20%C3%BCberschl%C3%A4gt%20sich%20auf%20der%20BAB%206%20-%20PM%20Nr.%201&amp;url=https%3A%2F%2Fwww.presseportal.de%2Fblaulicht%2Fpm%2F14915%2F5748982%2F%3Futm_source%3Dtwitter%26utm_medium%3Dsocial&amp;hashtags=ots&amp;lang=de\"><\/a><a href=\"https:\/\/web.whatsapp.com\/send?text=POL-MA%3A%20Dielheim%2FRhein-Neckar-Kreis%2FBAB%206%3A%20Auto%20%C3%BCberschl%C3%A4gt%20sich%20auf%20der%20BAB%206%20-%20PM%20Nr.%201%0A%0Ahttps%3A%2F%2Fwww.presseportal.de%2Fblaulicht%2Fpm%2F14915%2F5748982%2F%3Futm_source%3Dwhatsapp%26utm_medium%3Dsocial\"><\/a><a href=\"https:\/\/www.xing.com\/app\/user?op=share;url=https%3A%2F%2Fwww.presseportal.de%2Fblaulicht%2Fpm%2F14915%2F5748982%2F%3Futm_source%3Dxing%26utm_medium%3Dsocial\"><\/a><a href=\"http:\/\/www.linkedin.com\/shareArticle?mini=true&amp;url=https%3A%2F%2Fwww.presseportal.de%2Fblaulicht%2Fpm%2F14915%2F5748982%2F%3Futm_source%3Dlinkedin%26utm_medium%3Dsocial&amp;title=POL-MA%3A+Dielheim%2FRhein-Neckar-Kreis%2FBAB+6%3A+Auto+%C3%BCberschl%C3%A4gt+sich+auf+der+BAB+6+-+PM+Nr.+1\"><\/a><a href=\"mailto:?subject=POL-MA%3A%20Dielheim%2FRhein-Neckar-Kreis%2FBAB%206%3A%20Auto%20%C3%BCberschl%C3%A4gt%20sich%20auf%20der%20BAB%206%20-%20PM%20Nr.%201&amp;body=https:\/\/www.presseportal.de\/blaulicht\/pm\/14915\/5748982\"><\/a><\/h2>\n\n\n\n<p>Auf der BAB 6 aus Mannheim kommend in Fahrtrichtung Heilbronn ereignete sich zwischen Wiesloch\/Rauenberg und Sinsheim gegen 13 Uhr ein Verkehrsunfall.<\/p>\n\n\n\n<p>Nach ersten Erkenntnissen \u00fcbersah ein LKW-Fahrer bei seinem \u00dcberholvorgang den auf dem mittleren Fahrstreifen fahrenden VW. Als der Fahrzeugf\u00fchrer des VW von dem LKW-Fahrer nach links abgedr\u00e4ngt wurde, kollidierte dieser auf H\u00f6he des linken Fahrstreifens mit dem herannahenden Audi. Im weiteren Verlauf kollidierte der Audi mit der Betonleitplanke, \u00fcberschlug sich und kam auf dem Dach zum Stillstand.<\/p>\n\n\n\n<p>Aktuell kommt es zu starken Verkehrsbeeintr\u00e4chtigungen, da alle drei Fahrstreifen f\u00fcr die Unfallaufnahme und die Abschleppma\u00dfnahmen gesperrt wurden.<\/p>\n\n\n\n<p>Nach derzeitigem Stand blieb der Fahrer des LKW und VW unverletzt. Der leicht verletzte Fahrzeugf\u00fchrer des Audis befindet sich in medizinischer Betreuung.<\/p>\n\n\n\n<p>Zu dem Ausma\u00df des Schadens sowie den Verletzungen k\u00f6nnen bisher noch keine Angaben gemacht werden. (<em>03.04.2024 \u2013 14:02<\/em>)<\/p>\n\n\n\n<h2 class=\"wp-block-heading\">(A 6 \/ Sinsheim \/ Rhein-Neckar-Kreis) &#8211; Stau nach Verkehrsunfall mit Sachschaden<\/h2>\n\n\n\n<p>Auf der BAB 6 aus Heilbronn kommend in Fahrtrichtung Mannheim kam es zwischen Sinsheim-Steinfurt und Sinsheim-S\u00fcd gegen 14 Uhr zu einem Verkehrsunfall.<\/p>\n\n\n\n<p>In Folge eines Auffahrunfalls zwischen zwei beteiligten PKW musste der linke und mittlere Fahrstreifen f\u00fcr die Unfallaufnahme und die Abschleppma\u00dfnahmen gesperrt werden, da beide Fahrzeuge nicht mehr fahrbereit sind. Es kommt aktuell zu Vehrkehrsbeeintr\u00e4chtigungen und einem R\u00fcckstau von etwa 5 Kilometern.<\/p>\n\n\n\n<p>Zu dem genauen Unfallhergang sowie dem Ausma\u00df des Schadens k\u00f6nnen bisher noch keine Angaben gemacht werden. (<em>03.04.2024 \u2013 14:48<\/em>)<\/p>\n\n\n\n<h2 class=\"wp-block-heading\">(K 4176 \/ Sinsheim \/ Rhein-Neckar-Kreis) &#8211; Verkehrsunfall auf der K4176<\/h2>\n\n\n\n<h3 class=\"wp-block-heading has-text-align-center\">Pressemeldung Nr. 3<\/h3>\n\n\n\n<p>Ein 18-j\u00e4hriger Autofahrer befuhr am Freitag gegen 07:30 Uhr mit seinem Opel Corsa die K 4176 von Balzfeld kommend in Richtung Hoffenheim und verursachte einen Unfall mit zwei verletzten Personen.<\/p>\n\n\n\n<p>Auf Grund von \u00fcberh\u00f6hter Geschwindigkeit bei regennasser Fahrbahn und einer Atemalkoholkonzentration von mehr als 1,5 Promille verlor der alleinbeteiligte Unfallverursacher die Kontrolle \u00fcber sein Fahrzeug, \u00fcberschlug sich mehrmals und kam im Stra\u00dfengraben mit seinem Auto zum Stillstand.<\/p>\n\n\n\n<p>Der Fahrer wurde leicht verletzt vom Rettungsdienst in ein Krankenhaus gebracht, w\u00e4hrend sein 19-j\u00e4hriger Beifahrer mit schweren Verletzungen in eine Klinik geflogen wurde, um dort medizinisch behandelt zu werden.<\/p>\n\n\n\n<p>Die Fahrbahn der K 4176 war f\u00fcr die Dauer der Unfallaufnahme zwischen Balzfeld und Hoffenheim voll gesperrt.<\/p>\n\n\n\n<p>Das Polizeirevier Sinsheim hat die Ermittlungen aufgenommen und den F\u00fchrerschein des Fahranf\u00e4ngers beschlagnahmt. Zudem wurde diesem eine Blutprobe entnommen und das F\u00fchren von Fahrzeugen im Stra\u00dfenverkehr untersagt.<\/p>\n\n\n\n<h2 class=\"wp-block-heading\">(Bammental-Reilsheim \/ Rhein-Neckar-Kreis) &#8211; Brand auf Firmengel\u00e4nde<\/h2>\n\n\n\n<p>Aus bislang unbekannter Ursache kam es gegen 00:25 Uhr zu einem Brand eines Carports in Reilsheim. Feuerwehr, Rettungsdienst und Polizei befinden sich im Einsatz. Zum Ausma\u00df des Brandes liegen derzeit noch keine Informationen vor, es wird nachberichtet.<\/p>\n\n\n\n<h3 class=\"wp-block-heading has-text-align-center\">Pressemeldung Nr. 2<\/h3>\n\n\n\n<p>Wie bereits berichtet, kam es am 02.04.24 gegen 00:25 Uhr zu einem Brand eines Carports in Reilsheim. Beim Eintreffen der Feuerwehr stand der Carport und zwei darin geparkte PKW im Vollbrand. Ein au\u00dferhalb geparktes Fahrzeug wurde durch die Hitze leicht in Mitleidenschaft gezogen. Die L\u00f6scharbeiten der Feuerwehr zeigten schnell Wirkung und das Feuer war z\u00fcgig einged\u00e4mmt. Noch vor 01:00 Uhr war das Feuer komplett gel\u00f6scht. Gl\u00fccklicherweise wurde trotz der starken Rauchentwicklung niemand verletzt. Der Schaden wird auf ca. 100.000,- Euro gesch\u00e4tzt. Die genaue Brandursache ist noch nicht bekannt. Die Ermittlungen hierzu werden durch das Polizeirevier Neckargem\u00fcnd durchgef\u00fchrt.<\/p>\n\n\n\n<h2 class=\"wp-block-heading\">(Ladenburg \/ Rhein-Neckar-Kreis) &#8211; Mobile Beratungsstelle der Polizei in Ladenburg<\/h2>\n\n\n\n<p>Im Rahmen ihrer Pr\u00e4ventionst\u00e4tigkeit kommt die Kriminalpolizeiliche Beratungsstelle des Polizeipr\u00e4sidiums Mannheim mit dem Informations-Truck des Landeskriminalamtes Baden-W\u00fcrttemberg am<\/p>\n\n\n\n<ul>\n<li><strong>Montag, den 15 April 2024, in der Zeit von 10.00 &#8211; 16.00 Uhr nach<\/strong><\/li>\n\n\n\n<li><strong>Ladenburg auf den EDEKA Parkplatz, Wallstadter Str. 53<\/strong><\/li>\n<\/ul>\n\n\n\n<p>Das Fahrzeug beherbergt eine komplette Bearatungsstelle. Dort haben B\u00fcrgerinnen\/B\u00fcrger die M\u00f6glichkeit, sich zum Thema Wohnungseinbruch zu informieren. Die anschauliche Pr\u00e4sentation dient dem schnellen und umfassenden \u00dcberblick wie man sich durch mechanische und elektronische Sicherungstechnik sch\u00fctzen kann. Ein weitergehender &#8211; kostenloser &#8211; Service der Kriminalpr\u00e4vention ist die Vor-Ort-Beratung, bei der die Fachberater der Polizei zu den Interessierten nach Hause kommen und eine speziell auf deren Haus bzw. Wohnung ausgerichtete Schwachstellenanalyse erstellen. Im Informationsfahrzeug besteht die M\u00f6glichkeit zur Vereinbarung eines Termins. Informieren Sie sich, bevor Sie Besuch von &#8222;ungebetenen G\u00e4sten bekommen&#8220;!<\/p>\n\n\n\n<h4 class=\"wp-block-heading\"><em>Kriminalpr\u00e4vention und Kriminalpolizeiliche Beratungsstelle Mannheim L 6,12 68161 Mannheim Tel. 0621\/174-1212 Fax. 0621\/174-1209 Mail.&nbsp;<a href=\"mailto:%20beratungsstelle.ma@polizei.bwl.de\">beratungsstelle.ma@polizei.bwl.de<\/a><\/em><\/h4>\n","protected":false},"excerpt":{"rendered":"<div class=\"mh-excerpt\"><p>Polizeimeldungen vom Mittwoch &amp; Donnerstag (03.04. &amp; 04.04.2024) (Speyer) &#8211; Parkplatzunfall, Verursacher fl\u00fcchtet Am Mittwochmittag, kurz vor 14 Uhr fuhr eine 59-j\u00e4hrige PKW-Fahrerin auf dem Parkplatz eines Supermarktes in der Iggelheimer Stra\u00dfe und musste kurzzeitig <a class=\"mh-excerpt-more\" href=\"https:\/\/speyer24news.com\/?p=59209\" title=\"Polizeimeldungen Mittwoch &#038; Donnerstag (03.04. &#038; 04.04.24)\">[&#8230;]<\/a><\/p>\n<\/div>","protected":false},"author":3,"featured_media":26162,"comment_status":"open","ping_status":"open","sticky":false,"template":"","format":"standard","meta":{"_monsterinsights_skip_tracking":false,"_monsterinsights_sitenote_active":false,"_monsterinsights_sitenote_note":"","_monsterinsights_sitenote_category":0,"footnotes":""},"categories":[15659],"tags":[7273,7243,7244,10926,13554,350,14537,15084,15267,14538,15361,702,61,2555,14113,6955,6986,6263,63,105,11150,6987,53,13540,16956,4683,14958,9154,12967,102,13626,213,14325,14324,13553,13541,16955,2625,380],"aioseo_notices":[],"amp_enabled":true,"_links":{"self":[{"href":"https:\/\/speyer24news.com\/index.php?rest_route=\/wp\/v2\/posts\/59209"}],"collection":[{"href":"https:\/\/speyer24news.com\/index.php?rest_route=\/wp\/v2\/posts"}],"about":[{"href":"https:\/\/speyer24news.com\/index.php?rest_route=\/wp\/v2\/types\/post"}],"author":[{"embeddable":true,"href":"https:\/\/speyer24news.com\/index.php?rest_route=\/wp\/v2\/users\/3"}],"replies":[{"embeddable":true,"href":"https:\/\/speyer24news.com\/index.php?rest_route=%2Fwp%2Fv2%2Fcomments&post=59209"}],"version-history":[{"count":3,"href":"https:\/\/speyer24news.com\/index.php?rest_route=\/wp\/v2\/posts\/59209\/revisions"}],"predecessor-version":[{"id":59223,"href":"https:\/\/speyer24news.com\/index.php?rest_route=\/wp\/v2\/posts\/59209\/revisions\/59223"}],"wp:featuredmedia":[{"embeddable":true,"href":"https:\/\/speyer24news.com\/index.php?rest_route=\/wp\/v2\/media\/26162"}],"wp:attachment":[{"href":"https:\/\/speyer24news.com\/index.php?rest_route=%2Fwp%2Fv2%2Fmedia&parent=59209"}],"wp:term":[{"taxonomy":"category","embeddable":true,"href":"https:\/\/speyer24news.com\/index.php?rest_route=%2Fwp%2Fv2%2Fcategories&post=59209"},{"taxonomy":"post_tag","embeddable":true,"href":"https:\/\/speyer24news.com\/index.php?rest_route=%2Fwp%2Fv2%2Ftags&post=59209"}],"curies":[{"name":"wp","href":"https:\/\/api.w.org\/{rel}","templated":true}]}}