{"id":59221,"date":"2024-04-06T08:46:26","date_gmt":"2024-04-06T07:46:26","guid":{"rendered":"https:\/\/speyer24news.com\/?p=59221"},"modified":"2024-04-06T08:46:28","modified_gmt":"2024-04-06T07:46:28","slug":"polizeimeldungen-freitag-05-04-24","status":"publish","type":"post","link":"https:\/\/speyer24news.com\/?p=59221","title":{"rendered":"Polizeimeldungen Freitag (05.04.24)"},"content":{"rendered":"<style type=\"text\/css\">\r\n\t.ads_top_disp{}\r\n\t.ads_top_corner_disp{ float:left; margin:0px 10px 10px 0px; }\r\n\t.ads_first_p_disp{}\r\n\t.ads_bottom_disp{}\r\n\t<\/style>\n<h2 class=\"wp-block-heading\">Polizeimeldungen vom Freitag (05.04.2024)<\/h2>\n\n\n<div class=\"wp-block-image\">\n<figure class=\"aligncenter size-full\"><img decoding=\"async\" loading=\"lazy\" width=\"375\" height=\"500\" src=\"https:\/\/speyer24news.com\/wp-content\/uploads\/2022\/03\/Aktuelles-Polizeilogo.jpg\" alt=\"\" class=\"wp-image-43591\" srcset=\"https:\/\/speyer24news.com\/wp-content\/uploads\/2022\/03\/Aktuelles-Polizeilogo.jpg 375w, https:\/\/speyer24news.com\/wp-content\/uploads\/2022\/03\/Aktuelles-Polizeilogo-225x300.jpg 225w\" sizes=\"(max-width: 375px) 100vw, 375px\" \/><\/figure><\/div>\n\n\n<h2 class=\"wp-block-heading\">(Speyer) &#8211; K\u00fcchenbrand in der Lindenstra\u00dfe<\/h2>\n\n\n\n<p>Am Donnerstag gegen kurz nach 18 Uhr kam es in einem Mehrfamilienhaus in der Lindenstra\u00dfe zu einem Brand in der K\u00fcche einer Wohnung. Bewohner verst\u00e4ndigten die Rettungskr\u00e4fte sowie weitere Bewohner. Polizeibeamte betraten den Brandort, nachdem die Feuerwehr ihre Ma\u00dfnahmen abgeschlossen hatte. Die Umst\u00e4nde vor Ort deuten darauf hin, dass ein technischer Defekt eines Haushaltsger\u00e4ts als Brandursache anzunehmen ist. Personen kamen nicht zu Schaden. Der Brand griff von der K\u00fcche nicht auf andere R\u00e4ume \u00fcber. Nach erster Einsch\u00e4tzung liegt der Sachschaden bei ca. 20.000 Euro.<\/p>\n\n\n\n<h2 class=\"wp-block-heading\">(Speyer) &#8211; Verkehrskontrollen am Donnerstag<\/h2>\n\n\n\n<p>Am Donnerstag gegen 9:10 Uhr stellte eine Polizeistreife einen 20-J\u00e4hrigen in der Bahnhofstra\u00dfe fest, der auf einem E-Scooter ohne aktuellen Versicherungsschutz fuhr. Sein mit einem alten Versicherungskennzeichen ausgestattetes Gef\u00e4hrt stellten die Beamten sicher, bis der 20-J\u00e4hrige es versichert hatte.<\/p>\n\n\n\n<p>Gegen 11 Uhr kontrollierten Polizeibeamte einen 36-j\u00e4hrigen PKW-Fahrer im Wei\u00dfdornweg und stellten hierbei ein auff\u00e4lliges Ganzk\u00f6rperzittern sowie glasige und ger\u00f6tete Augen bei dem Fahrer fest. Ein Urintest best\u00e4tigte den Verdacht der Beamten auf eine THC-Beeinflussung des Fahrers. Die Beamten veranlassten die Entnahme einer Blutprobe und untersagten die Weiterfahrt. Gegen den unter Drogeneinfluss stehenden Fahrer wurde ein Ordnungswidrigkeitsverfahren eingeleitet. Au\u00dferdem wird die F\u00fchrerscheinstelle die Geeignetheit des Fahrers \u00fcberpr\u00fcfen.<\/p>\n\n\n\n<p>Der Einfluss von Alkohol oder anderen berauschenden Mitteln stellt eine Hauptunfallursache dar. Daher weist die Polizei eindringlich darauf hin: Das Fahren unter dem Einfluss von THC ist und bleibt verboten. Wer berauscht f\u00e4hrt, gef\u00e4hrdet nicht nur sich, sondern auch Andere.<\/p>\n\n\n\n<h2 class=\"wp-block-heading\">(Speyer) &#8211; Nachtragsmeldung: Verunfallten Pedelec-Fahrer verstorben<\/h2>\n\n\n\n<h3 class=\"wp-block-heading\">Gemeinsame Pressemitteilung der Staatsanwaltschaft Frankenthal (Pfalz) und der Polizei Speyer<\/h3>\n\n\n<div class=\"wp-block-image\">\n<figure class=\"aligncenter size-full\"><img decoding=\"async\" loading=\"lazy\" width=\"800\" height=\"533\" src=\"https:\/\/speyer24news.com\/wp-content\/uploads\/2021\/01\/Ruhe-in-Frieden.jpg\" alt=\"\" class=\"wp-image-32361\" srcset=\"https:\/\/speyer24news.com\/wp-content\/uploads\/2021\/01\/Ruhe-in-Frieden.jpg 800w, https:\/\/speyer24news.com\/wp-content\/uploads\/2021\/01\/Ruhe-in-Frieden-300x200.jpg 300w, https:\/\/speyer24news.com\/wp-content\/uploads\/2021\/01\/Ruhe-in-Frieden-768x512.jpg 768w\" sizes=\"(max-width: 800px) 100vw, 800px\" \/><\/figure><\/div>\n\n\n<p>Am 04.04.2024 verstarb ein 74-j\u00e4hriger Mann aus Speyer in einer Klinik in Ludwigshafen an den Folgen eines Unfalls mit seinem Pedelec.<\/p>\n\n\n\n<p>Der Unfall trug sich bereits am 18.03.2024, in der Zeit zwischen 10:45 &#8211; 11:15 Uhr, auf der Wormser Landstra\u00dfe in Speyer zu.<\/p>\n\n\n\n<p>Der Sachverhalt wurde der Polizei erst zusammen mit der Sterbenachricht des 74-J\u00e4hrigen bekannt.<\/p>\n\n\n\n<p>Nach dem aktuellen Stand der Ermittlungen fuhr der 74-J\u00e4hrige mit seinem Pedelec auf dem Radweg in der Wormser Landstra\u00dfe in Richtung Innenstadt. Hier nutzte er den Fahrradweg der Gegenrichtung. Aus noch ungekl\u00e4rten Umst\u00e4nden st\u00fcrzte der Mann.<\/p>\n\n\n\n<p>Ein Passant fand den Mann bewusstlos am Boden liegend vor und verst\u00e4ndigte den Rettungsdienst. Neben dem Passanten fanden sich vor Ort zwei weitere, unbekannte Ersthelfer ein, die bis zum Eintreffen des Rettungsdienstes bei der Versorgung des Pedelec-Fahrers unterst\u00fctzten. Der Rettungsdienst hat den verunfallte Pedelec-Fahrer in eine Unfallklinik nach Ludwigshafen verbracht, wo er station\u00e4r aufgenommen wurde.<\/p>\n\n\n\n<p>In einem zwischenzeitlich wachen Moment erw\u00e4hnte der Mann gegen\u00fcber Angeh\u00f6rigen einen E-Scooter-Fahrer. Ob dieser im Zusammenhang mit dem Unfall steht, ist aktuell nicht bekannt und Gegenstand der laufenden Ermittlungen. Weitere Hinweise zum Unfall liegen derzeit nicht vor.<\/p>\n\n\n\n<p>Die Polizei bittet Zeugen des Vorfalls, sich telefonisch unter 06232 \/ 137-0 oder per Mail an&nbsp;<a href=\"mailto:%20pispeyer@polizei.rlp.de\">pispeyer@polizei.rlp.de<\/a>&nbsp;zu melden. Es werden insbesondere die beiden Ersthelfer, sowie zwei unbekannte Radfahrer, welche an dem gest\u00fcrzten Pedelec-Fahrer vorbeigefahren sein sollen, gebeten sich mit der Polizeiinspektion Speyer in Verbindung zu setzen.<\/p>\n\n\n\n<h2 class=\"wp-block-heading\">(Speyer) &#8211; Reifen an zwei Autos plattgestochen, Reifen platzt w\u00e4hrend der Fahrt, Zeugenaufruf<\/h2>\n\n\n\n<p>In der Nacht von Mittwoch auf Donnerstag zwischen 21:30 Uhr und 7:30 Uhr stachen unbekannte T\u00e4ter die Reifen an zwei geparkten PKW in der Rheinh\u00e4user Stra\u00dfe platt und verursachten einen Kratzer auf der Motorhaube eines PKW. Die 22-j\u00e4hrige Fahrerin eines der PKW bemerkte den Schaden nicht vor Fahrtantritt und fuhr morgens gegen 7:30 Uhr los. Auf H\u00f6he der B39-Anschlussstelle Speyer-S\u00fcd\/R\u00f6merberg platzte schlie\u00dflich ein Reifen ihres PKW. Die 22-J\u00e4hrige konnte einen Unfall verhindern, indem sie zur Seite fuhr. Ihr PKW musste abgeschleppt werden. Der Schaden an beiden PKW betr\u00e4gt ca. 700 Euro. Polizeibeamte \u00fcberpr\u00fcften nach dem Vorfall weitere geparkte PKW und stellten keine weiteren Sch\u00e4den fest. Die Beamten leiteten Strafverfahren wegen Sachbesch\u00e4digung sowie eines Gef\u00e4hrlichen Eingriffs in den Stra\u00dfenverkehr ein.<\/p>\n\n\n\n<ul>\n<li><strong>Wer hat in der Nacht von Mittwoch auf Donnerstag in der Rheinh\u00e4user Stra\u00dfe zwischen den Einm\u00fcndungen Am Sch\u00f6neck und Am Flugplatz verd\u00e4chtige Personen oder Fahrzeuge beobachtet? Die Polizei bittet Zeugen sowie m\u00f6gliche weitere Gesch\u00e4digte darum, sich bei der Polizei Speyer unter Tel. 06232 \/ 137-0 oder per E-Mail an\u00a0<a href=\"mailto:%20pispeyer@polizei.rlp.de\">pispeyer@polizei.rlp.de<\/a>\u00a0zu melden.<\/strong><\/li>\n<\/ul>\n\n\n\n<h2 class=\"wp-block-heading\">(Speyer) &#8211; Diebstahl von Bauchtasche auf Fr\u00fchjahrsmesse<\/h2>\n\n\n\n<p>Am Mittwoch gegen 20:15 Uhr setzte sich ein 26-J\u00e4hriger auf der Fr\u00fchjahrsmesse im Bereich der Boxautos hin, um etwas zu essen. Dabei legte er seine graue Bauchtasche neben sich ab. Unbekannte T\u00e4ter entwendeten die Tasche in einem unbeobachteten Moment samt des darin befindlichen silbernen Iphone 11 Pro Max. Weiterhin hatte sich ein mittlerer zweistelliger Bargeldbetrag in der Tasche befunden. Der 26-J\u00e4hrige zeigte den Diebstahl am Donnerstag an.<\/p>\n\n\n\n<ul>\n<li><strong>Zeugen werden gebeten, sich mit der Polizei Speyer telefonisch oder per E-Mail (Tel. 06232 \/ 137-0, E-Mail an\u00a0<a href=\"mailto:%20pispeyer@polizei.rlp.de\">pispeyer@polizei.rlp.de<\/a>) in Verbindung zu setzen.<\/strong><\/li>\n<\/ul>\n\n\n\n<h2 class=\"wp-block-heading\">(Lingenfeld) &#8211; Dachstuhlbrand<\/h2>\n\n\n<div class=\"wp-block-image\">\n<figure class=\"aligncenter size-full\"><img decoding=\"async\" loading=\"lazy\" width=\"800\" height=\"570\" src=\"https:\/\/speyer24news.com\/wp-content\/uploads\/2024\/04\/Sirene-Lingenfeld-@-Jens-Kirsch.jpeg\" alt=\"\" class=\"wp-image-59224\" srcset=\"https:\/\/speyer24news.com\/wp-content\/uploads\/2024\/04\/Sirene-Lingenfeld-@-Jens-Kirsch.jpeg 800w, https:\/\/speyer24news.com\/wp-content\/uploads\/2024\/04\/Sirene-Lingenfeld-@-Jens-Kirsch-300x214.jpeg 300w, https:\/\/speyer24news.com\/wp-content\/uploads\/2024\/04\/Sirene-Lingenfeld-@-Jens-Kirsch-768x547.jpeg 768w\" sizes=\"(max-width: 800px) 100vw, 800px\" \/><\/figure><\/div>\n\n\n<p>Freitagmorgen gegen 05:00 Uhr brach aus bislang ungekl\u00e4rter Ursache in einem Dachstuhl eines unbewohnten Hauses in der Hauptstra\u00dfe in Lingenfeld ein Feuer aus. Die L\u00f6scharbeiten sind mittlerweile beendet.<\/p>\n\n\n\n<p>Ersten Sch\u00e4tzungen zu Folge d\u00fcrfte ein Sachschaden im niedrigen sechsstelligen Bereich entstanden sein. Personen kamen nicht zu Schaden.<\/p>\n\n\n\n<p>Die Kriminalpolizei Landau hat die Ermittlungen aufgenommen.<\/p>\n\n\n\n<h2 class=\"wp-block-heading\">(B 9 \/ Bellheim) &#8211; Unfall, Zeugen gesucht<\/h2>\n\n\n\n<p>Donnerstagmittag ereignete sich auf der Bundesstra\u00dfe 9 auf H\u00f6he der Anschlussstelle Bellheim S\u00fcd ein Verkehrsunfall. Ein bislang unbekannter Autofahrer wechselte um ca. 07.25 Uhr vom Einf\u00e4delungsstreifen auf den rechten Fahrstreifen und \u00fcbersah dabei eine 19-j\u00e4hrige Autofahrerin. Diese wollte eine Kollision vermeiden und zog auf den linken Fahrstreifen, wo sie mit einem weiteren Autofahrer kollidierte. Bei dem Unfall wurde eine Person leicht verletzt. Die Schadenssumme bel\u00e4uft sich auf ca. 10000 Euro. Der Unfallverursacher fl\u00fcchtete unerlaubt vom Unfallort. <\/p>\n\n\n\n<ul>\n<li><strong>Laut Zeugen soll es sich um einen dunklen Kombi gehandelt haben. Zeugen werden gebeten, sich unter der Telefonnummer 07274\/9580 oder per E-Mail an\u00a0<a href=\"mailto:%20pigermersheim@polizei.rlp.de\">pigermersheim@polizei.rlp.de<\/a>\u00a0mit der Polizei Germersheim in Verbindung zu setzen.<\/strong><\/li>\n<\/ul>\n\n\n\n<h2 class=\"wp-block-heading\">(W\u00f6rth) &#8211; Sextortion&#8230;<\/h2>\n\n\n<div class=\"wp-block-image\">\n<figure class=\"aligncenter size-full\"><img decoding=\"async\" loading=\"lazy\" width=\"800\" height=\"600\" src=\"https:\/\/speyer24news.com\/wp-content\/uploads\/2021\/04\/Sextortion.jpg\" alt=\"\" class=\"wp-image-35258\" srcset=\"https:\/\/speyer24news.com\/wp-content\/uploads\/2021\/04\/Sextortion.jpg 800w, https:\/\/speyer24news.com\/wp-content\/uploads\/2021\/04\/Sextortion-300x225.jpg 300w, https:\/\/speyer24news.com\/wp-content\/uploads\/2021\/04\/Sextortion-768x576.jpg 768w, https:\/\/speyer24news.com\/wp-content\/uploads\/2021\/04\/Sextortion-678x509.jpg 678w, https:\/\/speyer24news.com\/wp-content\/uploads\/2021\/04\/Sextortion-326x245.jpg 326w, https:\/\/speyer24news.com\/wp-content\/uploads\/2021\/04\/Sextortion-80x60.jpg 80w\" sizes=\"(max-width: 800px) 100vw, 800px\" \/><\/figure><\/div>\n\n\n<p>Ein 35-j\u00e4hriger Mann aus W\u00f6rth wurde \u00fcber eine Internetplattform von einer Unbekannten virtuell an geflirtet. Der Aufforderung anz\u00fcgliche Bilder auszutauschen kam der Mann nach. Anstelle eines gegenseitigen Austausches von Bildern forderte die Unbekannte dann allerdings einen gr\u00f6\u00dferen Geldbetrag, da sie ansonsten das Bild seines besten St\u00fcckes ver\u00f6ffentliche. &#8222;Sextortion&#8220; bezeichnet eine Form der Erpressung im Internet, bei der Betr\u00fcger ihre Opfer zu sexuellen Handlungen \u00fcberreden, um sie anschlie\u00dfend mit der Ver\u00f6ffentlichung von unbemerkt aufgezeichneten Bildern oder Videos zu erpressen und hohe Geldsummen, vorzugsweise in Kryptow\u00e4hrungen, zu fordern. Die Polizei empfiehlt, keine Geldforderungen zu bezahlen und Anzeige zu erstatten, wenn man Opfer von Sextortion wird. Sie sollten au\u00dferdem das Passwort des verwendeten Accounts \u00e4ndern, wenn es im Betreff oder im Mailtext erw\u00e4hnt wird. Wenn Bilder oder Videos von Ihnen ver\u00f6ffentlicht wurden, melden Sie diese dem Seiten- oder Portalbetreiber und bitten Sie darum, dass sie gel\u00f6scht werden.<\/p>\n\n\n\n<h2 class=\"wp-block-heading\">(Bad Bergzabern) &#8211; Nachtrag zum Brand in einem Mehrparteienhaus in Bad Bergzabern<\/h2>\n\n\n\n<h3 class=\"wp-block-heading\">Gemeinsame Presseerkl\u00e4rung der Staatsanwaltschaft Landau und der Kriminalinspektion Landau<\/h3>\n\n\n\n<p>Nachdem die Brandst\u00e4tte von Brandermittlern der Kriminalinspektion Landau und einem von der Staatsanwaltschaft Landau beauftragten Brandsachverst\u00e4ndigen in Augenschein genommen wurde, liegt nun ein vorl\u00e4ufiges Ergebnis zur Brandursache vor.<\/p>\n\n\n\n<p>Demnach ist davon auszugehen, dass der Brand durch eine wohl versehentlich angeschaltete Herdplatte verursacht wurde, auf der ein Kochtopf mit \u00d6l abgestellt war.<\/p>\n\n\n\n<p>Nach den bisherigen Feststellungen geriet zun\u00e4chst das erhitzte \u00d6l in Brand und das Feuer griff sodann auf das K\u00fcchenmobiliar \u00fcber. Von dem K\u00fcchenbereich breitete sich das Feuer in der gesamten Wohnung aus.<\/p>\n\n\n\n<h2 class=\"wp-block-heading\">(Offenbach) &#8211; Rollerfahrer \u00fcbersehen<\/h2>\n\n\n\n<p>Am 04.04.2024 befuhr gegen 13:50 Uhr ein 45-j\u00e4hriger VW-Fahrer die Hauptstra\u00dfe in Offenbach und wollte nach links in die Niedergasse abbiegen. Hierbei \u00fcbersah er einen entgegenkommenden 60-j\u00e4hrigen Rollerfahrer. Durch die Kollision wurde der Rollerfahrer leicht verletzt und wurde zur weiteren Behandlung in ein umliegendes Krankenhaus verbracht. Die Schadensh\u00f6he betr\u00e4gt circa 1500 Euro. Der VW-Fahrer wird sich nun in einem Strafverfahren wegen fahrl\u00e4ssiger K\u00f6rperverletzung verantworten m\u00fcssen.<\/p>\n\n\n\n<h2 class=\"wp-block-heading\">(Landau) &#8211; Absturz eines Ultra-Leicht-Flugzeugs<a href=\"https:\/\/www.facebook.com\/sharer.php?u=https%3A%2F%2Fwww.presseportal.de%2Fblaulicht%2Fpm%2F117686%2F5750818%2F%3Futm_source%3Dfacebook%26utm_medium%3Dsocial\"><\/a><a href=\"https:\/\/twitter.com\/intent\/tweet?text=POL-PDLD%3A%20Landau%20-%20Absturz%20eines%20Ultra-Leicht-Flugzeugs&amp;url=https%3A%2F%2Fwww.presseportal.de%2Fblaulicht%2Fpm%2F117686%2F5750818%2F%3Futm_source%3Dtwitter%26utm_medium%3Dsocial&amp;hashtags=ots&amp;lang=de\"><\/a><a href=\"https:\/\/web.whatsapp.com\/send?text=POL-PDLD%3A%20Landau%20-%20Absturz%20eines%20Ultra-Leicht-Flugzeugs%0A%0Ahttps%3A%2F%2Fwww.presseportal.de%2Fblaulicht%2Fpm%2F117686%2F5750818%2F%3Futm_source%3Dwhatsapp%26utm_medium%3Dsocial\"><\/a><a href=\"https:\/\/www.xing.com\/app\/user?op=share;url=https%3A%2F%2Fwww.presseportal.de%2Fblaulicht%2Fpm%2F117686%2F5750818%2F%3Futm_source%3Dxing%26utm_medium%3Dsocial\"><\/a><a href=\"http:\/\/www.linkedin.com\/shareArticle?mini=true&amp;url=https%3A%2F%2Fwww.presseportal.de%2Fblaulicht%2Fpm%2F117686%2F5750818%2F%3Futm_source%3Dlinkedin%26utm_medium%3Dsocial&amp;title=POL-PDLD%3A+Landau+-+Absturz+eines+Ultra-Leicht-Flugzeugs\"><\/a><a href=\"mailto:?subject=POL-PDLD%3A%20Landau%20-%20Absturz%20eines%20Ultra-Leicht-Flugzeugs&amp;body=https:\/\/www.presseportal.de\/blaulicht\/pm\/117686\/5750818\"><\/a><\/h2>\n\n\n<div class=\"wp-block-image\">\n<figure class=\"aligncenter\"><a href=\"https:\/\/cache.pressmailing.net\/thumbnail\/story_hires\/b1adf01d-85fa-4895-a3b1-93cfd1a00692\/BildFlugzeug.jpeg.jpg\"><img decoding=\"async\" src=\"https:\/\/cache.pressmailing.net\/thumbnail\/story_big\/b1adf01d-85fa-4895-a3b1-93cfd1a00692\/pol-pdld-landau-absturz-eines-ultra-leicht-flugzeugs\" alt=\"POL-PDLD: Landau - Absturz eines Ultra-Leicht-Flugzeugs\"\/><\/a><\/figure><\/div>\n\n\n<p>Am Freitagnachmittag kam es auf dem Flugplatz Ebenberg in Landau zu einem Absturz eines Ultra-Leicht-Flugzeugs, bei dem gl\u00fccklicherweise niemand verletzt wurde. Der 21-J\u00e4hrige Pilot und seine 22-j\u00e4hrige Begleiterin befanden sich gegen 16:15 Uhr auf einem Rundflug \u00fcber Landau, als sie in Turbulenzen gerieten. Bei der eingeleiteten Notlandung wurde das Ultra-Leicht-Flugzeug komplett besch\u00e4digt. Der entstandene Sachschaden d\u00fcrfte in einem unteren sechsstelligen Bereich liegen.<\/p>\n\n\n\n<h2 class=\"wp-block-heading\">(Landau) &#8211; Alkohol und Kokain<\/h2>\n\n\n\n<p>Am 05.04.2024 wurde gegen 01:40 Uhr ein 29-j\u00e4hriger Volvo-Fahrer in der Westbahnstra\u00dfe in Landau einer Verkehrskontrolle unterzogen. Im Rahmen der \u00dcberpr\u00fcfung der Fahrt\u00fcchtigkeit konnten diverse Auff\u00e4lligkeiten erkannt werden. Es stellte sich heraus, dass der Fahrer alkoholisiert war und unter dem Einfluss von Kokain stand. Folglich wurde die Weiterfahrt untersagt und auf der Dienststelle eine Blutprobe entnommen. Er wird sich nun in Strafverfahren wegen Trunkenheit im Verkehr sowie eines Versto\u00dfes gegen das Bet\u00e4ubungsmittelgesetz verantworten m\u00fcssen.<\/p>\n\n\n\n<h2 class=\"wp-block-heading\">(Landau) &#8211; Handtasche aus Einkaufswagen entwendet \/ Zeugen gesucht<\/h2>\n\n\n\n<p>Am 04.04.2024 r\u00e4umte gegen 19 Uhr eine 64-j\u00e4hrige Gesch\u00e4digte ihre Eink\u00e4ufe vom Einkaufswagen in ihren PKW auf dem Parkplatz eines Supermarktes in der Damm\u00fchlstra\u00dfe in Landau. In einem unaufmerksamen Moment wurde durch unbekannte T\u00e4ter die Handtasche samt Geldbeutel entwendet, welche sich noch im Einkaufswagen befand. Noch bevor die Gesch\u00e4digte ihre Kreditkarte sperren lassen konnte, kam es zu insgesamt drei ungerechtfertigten Abbuchungen im Wert von insgesamt 120 Euro. Die Gesamtschadensh\u00f6he bel\u00e4uft sich damit auf circa 520 Euro. Ein Strafverfahren wurde eingeleitet und die Ermittlungen aufgenommen. Hierbei konnten Hinweise auf ein britisches Fahrzeug erlangt werden, dessen Insassen sich zur Tatzeit verd\u00e4chtig in der N\u00e4he der Gesch\u00e4digten verhielten. Das Kennzeichen des Fahrzeugs ist bisher unbekannt. <\/p>\n\n\n\n<ul>\n<li><strong>Die Polizei bittet Zeugen, die Hinweise zu der Tat oder dem T\u00e4ter geben k\u00f6nnen sich per Email an\u00a0<a href=\"mailto:%20pilandau@polizei.rlp.de\">pilandau@polizei.rlp.de<\/a>\u00a0oder telefonisch unter 06341-287-0 bei der Polizeiinspektion Landau zu melden.<\/strong><\/li>\n<\/ul>\n\n\n\n<h2 class=\"wp-block-heading\">(Edenkoben) &#8211; Einbruchsdiebstahl mit T\u00e4terfestnahme und anschlie\u00dfendem Widerstand<\/h2>\n\n\n<div class=\"wp-block-image\">\n<figure class=\"aligncenter size-full\"><img decoding=\"async\" loading=\"lazy\" width=\"800\" height=\"533\" src=\"https:\/\/speyer24news.com\/wp-content\/uploads\/2021\/10\/Festnahme-Handschellen.jpg\" alt=\"\" class=\"wp-image-41224\" srcset=\"https:\/\/speyer24news.com\/wp-content\/uploads\/2021\/10\/Festnahme-Handschellen.jpg 800w, https:\/\/speyer24news.com\/wp-content\/uploads\/2021\/10\/Festnahme-Handschellen-300x200.jpg 300w, https:\/\/speyer24news.com\/wp-content\/uploads\/2021\/10\/Festnahme-Handschellen-768x512.jpg 768w\" sizes=\"(max-width: 800px) 100vw, 800px\" \/><figcaption class=\"wp-element-caption\">Beispielbild Handschelle \/ Verhaftung, dient lediglich der Visualisierung<\/figcaption><\/figure><\/div>\n\n\n<p>Ein 20 Jahre alter Mann aus Edenkoben konnte am Donnerstagabend (04.04.2024) kurz vor 22 Uhr in der Tanzstra\u00dfe auf frischer Tat festgenommen werden, als er einen Weinautomaten aufgebrochen hatte und mehrere Weinflaschen entwenden wollte. Da der Mann erheblich unter Alkohol- und Bet\u00e4ubungsmitteleinfluss stand, wurde ihm eine Blutprobe entnommen. Und weil er sich nicht mehr vorstehen konnte, sollte er im Anschluss an die polizeilichen Ma\u00dfnahmen einem Krankenhaus zugef\u00fchrt werden. Hierbei wurde er verbalaggressiv, schrie lautstark auf der Dienststelle herum, weswegen er gefesselt werden musste. Noch in gefesseltem Zustand hatte er sodann mehrfach versucht, die Beamten k\u00f6rperlich anzugehen. Gegen den 20-J\u00e4hrigen wurden ein Strafverfahren eingeleitet.<\/p>\n\n\n\n<h2 class=\"wp-block-heading\">(Rhodt) &#8211; Kollision mit Wildschwein<\/h2>\n\n\n\n<p>Donnerstagmorgen (04.04.2024) kurz nach 7 Uhr kollidierte ein 37 Jahre alter Autofahrer auf der L 506 zwischen Rhodt und Edesheim mit einem Wildschwein, welches dabei so schwer verletzt wurde, dass es durch den verst\u00e4ndigten Jagdp\u00e4chter erlegt werden musste. An seinem Pkw entstand Sachschaden. Die Polizei appelliert: Bei pl\u00f6tzlichem Wildwechsel sollte kein Ausweichman\u00f6ver in den Gegenverkehr vollzogen werden, um die Gef\u00e4hrdung anderer Verkehrsteilnehmer auszuschlie\u00dfen. Trotz des Schockmoments sollte stark abgebremst und die Fahrspur gehalten werden. Nach einem Wildunfall m\u00fcssen Autofahrer unverz\u00fcglich anhalten, die Warnblinkanlage einschalten und die Unfallstelle absichern, unter anderem mit dem Warndreieck. Der Unfall sollte der Polizei gemeldet werden.<\/p>\n\n\n\n<h2 class=\"wp-block-heading\">(Frankenthal) &#8211; Zweiter Kontrolltag der Fahrradstreife<\/h2>\n\n\n\n<p>Auch am Donnerstag, den 04.04.2024, war die Fahrradstreife der Polizeiinspektion Frankenthal in ihrem Dienstgebiet f\u00fcr die Sicherheit der B\u00fcrgerinnen und B\u00fcrger unterwegs. Im Flie\u00dfverkehr konnten zwei Verst\u00f6\u00dfe gegen die Nutzung eines Mobiltelefons als Fahrzeugf\u00fchrer, ein Versto\u00df gegen die Gurtpflicht, sieben Verst\u00f6\u00dfe aufgrund \u00fcberf\u00e4lliger Hauptuntersuchung, ein Vorfahrtsversto\u00df sowie drei Verst\u00f6\u00dfe gegen die Einbahnstra\u00dfenregelung in der Industriestra\u00dfe geahndet werden. Dar\u00fcber hinaus wurden vier parkende Fahrzeuge auf dem Gehweg verwarnt. Bei der Kontrolle einer 24-j\u00e4hrigen Frankenthalerin, welche w\u00e4hrend der Fahrt auf ihrem E-Scooter telefonierte, ergab sich weiter der Verdacht des Konsums von Bet\u00e4ubungsmitteln. Gegen die Fahrerin wurde ein Ordnungswidrigkeitenverfahren eingeleitet. Au\u00dferdem wird die F\u00fchrerscheinstelle die Geeignetheit der Fahrerin \u00fcberpr\u00fcfen. Der Einfluss von Alkohol oder anderen berauschenden Mitteln stellt eine Hauptunfallursache dar. Aus gegeneben Anlass m\u00f6chten wir daher noch einmal eindringlich hinweisen: Das Fahren unter dem Einfluss von THC ist und bleibt verboten. Wer berauscht f\u00e4hrt, gef\u00e4hrdet nicht nur sich, sondern auch andere.<\/p>\n\n\n\n<h2 class=\"wp-block-heading\">(Ludwigshafen) &#8211; Snapchat-Video l\u00f6st Polizeieinsatz aus<\/h2>\n\n\n<div class=\"wp-block-image\">\n<figure class=\"aligncenter size-full\"><img decoding=\"async\" loading=\"lazy\" width=\"678\" height=\"381\" src=\"https:\/\/speyer24news.com\/wp-content\/uploads\/2021\/04\/Polizei-678x381.jpg\" alt=\"\" class=\"wp-image-35265\" srcset=\"https:\/\/speyer24news.com\/wp-content\/uploads\/2021\/04\/Polizei-678x381.jpg 678w, https:\/\/speyer24news.com\/wp-content\/uploads\/2021\/04\/Polizei-678x381-300x169.jpg 300w\" sizes=\"(max-width: 678px) 100vw, 678px\" \/><\/figure><\/div>\n\n\n<p>Wie wichtig ein verantwortungsvoller Umgang mit sozialen Medien ist, zeigt ein Fall vom fr\u00fchen Freitagmorgen (05.04.2024). Die Polizei Ludwigshafen erlangte Kenntnis \u00fcber ein Snapchat-Video eines 19-j\u00e4hrigen Ludwigshafeners, in welchem dieser augenscheinlich Kokain konsumiert und im Anschluss mit einer Pistole &#8222;Russisches Roulette&#8220; spielt. Hierbei handelt es sich um ein potenziell t\u00f6dliches Gl\u00fccksspiel, das mit einem Revolver gespielt wird. Spezialkr\u00e4fte durchsuchten die Wohnung des jungen Mannes und konnten diesen wohlbehalten antreffen. Er versicherte glaubhaft, dass das Video nicht ihn selbst, sondern einen Influencer aus Albanien zeigt. Er habe dieses lediglich heute Nacht in seiner Story gepostet. Es wird nun gepr\u00fcft, ob dem Verantwortlichen die Kosten des Einsatzes in Rechnung gestellt werden k\u00f6nnen.<\/p>\n\n\n\n<h4 class=\"wp-block-heading\"><em>Tipps zum sicheren und verantwortungsvollen Umgang mit sozialen Medien gibt die Bundeszentrale f\u00fcr gesundheitliche Aufkl\u00e4rung unter\u00a0<a href=\"https:\/\/s.rlp.de\/5rmwa\" target=\"_blank\" rel=\"noreferrer noopener\">https:\/\/s.rlp.de\/5rmwa<\/a>\u00a0.<\/em><\/h4>\n\n\n\n<h2 class=\"wp-block-heading\">(Ludwigshafen) &#8211; Wechselgeldtrickbetrug<\/h2>\n\n\n\n<p>Zu einem Wechseltrickbetrug kam es 04.04.2024, gegen 17:15 Uhr, in einem Gesch\u00e4ft f\u00fcr Nahrungserg\u00e4nzungsmittel in der Stra\u00dfe &#8222;Im Zollhof&#8220;. Ein Unbekannter hatte das Gesch\u00e4ft betreten und die 18-j\u00e4hrige Angestellte darum gebeten, ihm 600 Euro zu wechseln. Nach R\u00fccksprache mit ihrem Chef kam sie dieser Bitte nach. Als der Mann das Gesch\u00e4ft wieder verlassen hatte, musste die junge Frau feststellen, dass sie lediglich 300 Euro bekommen hatte.<\/p>\n\n\n\n<h4 class=\"wp-block-heading\">Den T\u00e4ter konnte die 18-J\u00e4hrige wie folgt beschreiben:<\/h4>\n\n\n\n<ul>\n<li><strong>m\u00e4nnlich<\/strong><\/li>\n\n\n\n<li><strong>ca. 45 Jahre alt<\/strong><\/li>\n\n\n\n<li><strong>ca. 1,60-1,65m gro\u00df<\/strong><\/li>\n\n\n\n<li><strong>sprach mit osteurop\u00e4ischem Akzent<\/strong><\/li>\n\n\n\n<li><strong>er hatte eine Halbglatze<\/strong><\/li>\n\n\n\n<li><strong>helle Augen<\/strong><\/li>\n\n\n\n<li><strong>trug eine schwarze Jacke<\/strong><\/li>\n\n\n\n<li><strong>blaue Jeans<\/strong><\/li>\n\n\n\n<li><strong>hatte ein auff\u00e4lliges Tattoo an der Hand<\/strong><\/li>\n<\/ul>\n\n\n\n<p>W\u00e4hrend der Betrugs war au\u00dferdem eine weitere Person im Laden. <\/p>\n\n\n\n<h4 class=\"wp-block-heading\">Diese beschrieb die 18-J\u00e4hrige als: <\/h4>\n\n\n\n<ul>\n<li><strong>m\u00e4nnlich, ca. 30-40 Jahre alt, ca. 1,70m gro\u00df, sprach ebenfalls mit osteurop\u00e4ischem Akzent, war bekleidet mit einer schwarzen Kappe, schwarzer Lederjacke, schwarze Hose, hatte ein auff\u00e4lliges Muttermal am Mund und das identische Tattoo wie der T\u00e4ter an der Hand.<\/strong><\/li>\n\n\n\n<li><strong>Ob es sich hierbei um einen Komplizen handeln k\u00f6nnte, wird Bestandteil der Ermittlungen sein.<\/strong><\/li>\n<\/ul>\n\n\n\n<ul>\n<li><strong>Sie haben etwas beobachtet oder k\u00f6nnen Angaben zum T\u00e4ter machen? Hinweise bitte an die Polizeiinspektion Ludwigshafen 1, Telefonnummer 0621 963-2122 oder per E-Mail\u00a0<a href=\"mailto:%20piludwigshafen1@polizei.rlp.de\">piludwigshafen1@polizei.rlp.de<\/a>\u00a0.<\/strong><\/li>\n<\/ul>\n\n\n\n<h2 class=\"wp-block-heading\">(Ludwigshafen) &#8211; Unfall in Wei\u00dfenburger Stra\u00dfe<\/h2>\n\n\n\n<p>An der Kreuzung Kettlerstra\u00dfe\/ Wei\u00dfenburger Stra\u00dfe kam es am 04.04.2024, gegen 17 Uhr, zu einem Verkehrsunfall. Ein 36-j\u00e4hriger Autofahrer missachtete die Vorfahrt einer 32-j\u00e4hrigen Autofahrerin. Es kam zum Zusammensto\u00df. Die 32-J\u00e4hrige wurde hierbei leicht verletzt. Au\u00dferdem entstand ein Sachschaden von insgesamt etwa 2.000 Euro.<\/p>\n\n\n\n<h2 class=\"wp-block-heading\">(Ludwigshafen) &#8211; Auseinandersetzung in der Raiffeisenstra\u00dfe<\/h2>\n\n\n<div class=\"wp-block-image\">\n<figure class=\"aligncenter size-full\"><img decoding=\"async\" loading=\"lazy\" width=\"800\" height=\"533\" src=\"https:\/\/speyer24news.com\/wp-content\/uploads\/2021\/11\/Schlaegerei.jpg\" alt=\"\" class=\"wp-image-42366\" srcset=\"https:\/\/speyer24news.com\/wp-content\/uploads\/2021\/11\/Schlaegerei.jpg 800w, https:\/\/speyer24news.com\/wp-content\/uploads\/2021\/11\/Schlaegerei-300x200.jpg 300w, https:\/\/speyer24news.com\/wp-content\/uploads\/2021\/11\/Schlaegerei-768x512.jpg 768w\" sizes=\"(max-width: 800px) 100vw, 800px\" \/><figcaption class=\"wp-element-caption\">Beispielbild Schl\u00e4gerei \/ K\u00f6rperverletzung, dient lediglich der Visualisierung<\/figcaption><\/figure><\/div>\n\n\n<p>An der Endhaltestelle in Oggersheim (Raiffeisenstra\u00dfe) kam es am 04.04.2024, gegen 15:30 Uhr, zu einer Auseinandersetzung zwischen zwei 14-J\u00e4hrigen. Eine der beiden wurde hierbei leicht verletzt. Sie gibt an, von ihrer Kontrahentin und deren Begleiterin festgehalten, geschlagen und getreten worden zu sein. Dies bestritt die andere 14-J\u00e4hrige. Sie gab an, zu dem Konflikt leidglich dazugekommen zu sein. F\u00fcr die K\u00f6rperverletzung sei eine ihr unbekannte Person verantwortlich.<\/p>\n\n\n\n<ul>\n<li><strong>Zur Aufkl\u00e4rung der Tat bittet die Polizei um Hinweise unter Telefonnummer 0621 963-2122 oder per E-Mail\u00a0<a href=\"mailto:%20piludwigshafen1@polizei.rlp.de\">piludwigshafen1@polizei.rlp.de<\/a>\u00a0.<\/strong><\/li>\n<\/ul>\n\n\n\n<h2 class=\"wp-block-heading\">(Ludwigshafen) &#8211; Gewerbsm\u00e4\u00dfiger Ladendiebstahl<\/h2>\n\n\n\n<p>Ein Ladendieb wurde am Donnerstagmittag (04.04.2024, gegen 14:20 Uhr) in einem Einkaufszentrum (Im Zollhof) gestellt. Er hatte zuvor in einer Parf\u00fcmerie Parf\u00fcme im Wert von etwa 65 Euro gestohlen. Zudem hatte der Mann, ein 24-J\u00e4hriger, mehrere Kleidungsst\u00fccke bei sich, bei denen es sich ebenfalls um Diebesgut handeln d\u00fcrfte. Zudem hatte er ein Taschenmesser bei sich. Da sich der 24-J\u00e4hrige vor Ort nicht auswies, wurde er zur Polizeidienststelle mitgenommen. Er wird sich wegen gewerbsm\u00e4\u00dfigem Ladendiebstahl verantworten m\u00fcssen.<\/p>\n\n\n\n<h2 class=\"wp-block-heading\">(Ludwigshafen) &#8211; Unfall in Wollstra\u00dfe \/ Zeugen gesucht<\/h2>\n\n\n\n<p>Einem 24-j\u00e4hrigen Mercedesfahrer kam Donnerstag (04.04.2024), gegen 14:15 Uhr, in der Wollstra\u00dfe ein Auto entgegen. Dieses sei nach einem vorangegangenen \u00dcberholvorgang eines Fahrrads weiterhin sehr mittig gefahren. Hierdurch kam es zur Kollision der beiden Autos. Der Seitenspiegel der 24-J\u00e4hirgen wurde besch\u00e4digt.<\/p>\n\n\n\n<p>Die andere verkehrsunfallbeteiligte Person, die in einem wei\u00dfen Fahrzeug gefahren sei, fuhr weiter ohne sich um den entstandenen Schaden zu k\u00fcmmern.<\/p>\n\n\n\n<ul>\n<li><strong>Zeugen, oder die Unfallverursacherin bzw. der Unfallverursacher selbst, werden gebeten, sich an die Polizeiwache Oggersheim unter Tel. 0621 963 &#8211; 2403 oder per E-Mail\u00a0<a href=\"mailto:%20pwoggersheim@polizei.rlp.de\">pwoggersheim@polizei.rlp.de<\/a>\u00a0zu wenden.<\/strong><\/li>\n<\/ul>\n\n\n\n<h2 class=\"wp-block-heading\">(Ludwigshafen) &#8211; Einbr\u00fcche in Gartenparzellen<\/h2>\n\n\n\n<p>Unbekannte brachen in dem Zeitraum vom 31.03.2024 bis 04.04.2024 in mehrere Gartenparzellen einer Kleingartenanlage im Bastenhorstweg ein. Aus einer der Parzellen wurden Werkzeuge entwendet. Eine genaue Schadensh\u00f6he steht bislang nicht fest.<\/p>\n\n\n\n<ul>\n<li><strong>Sie haben Beobachtungen gemacht? Hinweise bitte an die Polizeiinspektion Ludwigshafen 2, Telefonnummer 0621 963-2222 oder per E-Mail\u00a0<a href=\"mailto:%20piludwigshafen2@polizei.rlp.de\">piludwigshafen2@polizei.rlp.de<\/a>\u00a0.<\/strong><\/li>\n<\/ul>\n\n\n\n<p>Zu einem versuchten Einbruch in ein Wohnhaus kam es au\u00dferdem in der Lutherstra\u00dfe. Hier versuchten Unbekannte zwischen dem 02.04.2024, 19 Uhr, und dem 04.04.2024, 14 Uhr, in die R\u00e4umlichkeiten einzudringen. Es blieb beim Versuch. Die Schadensh\u00f6he durch Hebelspuren ist bislang unklar.<\/p>\n\n\n\n<ul>\n<li><strong>Hinweise in diesem Fall bitte an die Polizeiinspektion Ludwigshafen 1, Telefonnummer 0621 963-2122 oder per E-Mail\u00a0<a href=\"mailto:%20piludwigshafen1@polizei.rlp.de\">piludwigshafen1@polizei.rlp.de<\/a>\u00a0.<\/strong><\/li>\n<\/ul>\n\n\n\n<h2 class=\"wp-block-heading\">(Ludwigshafen) &#8211; Sachbesch\u00e4digung an Schule in Leuschnerstra\u00dfe<\/h2>\n\n\n\n<p>Zwischen Mittwochnachmittag (03.04.2024, 16 Uhr) und Donnerstagmorgen (04.04.2024, 6:30 Uhr) wurden Fenster einer Grund- und Realschule in der Leuschnerstra\u00dfe besch\u00e4digt. Die H\u00f6he des entstandenen Sachschadens steht bislang nicht fest.<\/p>\n\n\n\n<ul>\n<li><strong>Hinweise bitte an die Polizeiinspektion Ludwigshafen 2, Telefonnummer 0621 963-2222 oder per E-Mail\u00a0<a href=\"mailto:%20piludwigshafen2@polizei.rlp.de\">piludwigshafen2@polizei.rlp.de<\/a>\u00a0.<\/strong><\/li>\n<\/ul>\n\n\n\n<h2 class=\"wp-block-heading\">(Ludwigshafen) &#8211; Zeugen gesucht \/ Auf Parkplatz mit Messer bedroht<\/h2>\n\n\n<div class=\"wp-block-image\">\n<figure class=\"aligncenter size-full\"><img decoding=\"async\" loading=\"lazy\" width=\"800\" height=\"621\" src=\"https:\/\/speyer24news.com\/wp-content\/uploads\/2021\/07\/Messer-Angriff-Bedrohung-2.jpg\" alt=\"\" class=\"wp-image-38504\" srcset=\"https:\/\/speyer24news.com\/wp-content\/uploads\/2021\/07\/Messer-Angriff-Bedrohung-2.jpg 800w, https:\/\/speyer24news.com\/wp-content\/uploads\/2021\/07\/Messer-Angriff-Bedrohung-2-300x233.jpg 300w, https:\/\/speyer24news.com\/wp-content\/uploads\/2021\/07\/Messer-Angriff-Bedrohung-2-768x596.jpg 768w\" sizes=\"(max-width: 800px) 100vw, 800px\" \/><figcaption class=\"wp-element-caption\">Symbolbild &#8222;\u00dcberfall Messer&#8220;, dient lediglich der Visualisierung<\/figcaption><\/figure><\/div>\n\n\n<p>Bereits am 03.04.2024, gegen 22:40 Uhr, wurde ein 19-J\u00e4hriger auf dem Parkplatz des Ebertparks von einem bislang Unbekannten mit einem Messer bedroht. Das meldeten der junge Mann sowie ein 18-j\u00e4hriger Zeuge am 04.04.2024 der Polizei. Die beiden jungen M\u00e4nner h\u00e4tten sich mit dem Auto eines Freundes auf dem Parkplatz befunden, auf dem sich auch der bislang Unbekannte T\u00e4ter sowie dessen Begleiter aufgehalten h\u00e4tten. Die beiden h\u00e4tten in einem Auto gesessen. Der 19-J\u00e4hrige sei sodann zu ihnen gegangen und habe sie angesprochen. Hieraus habe sich ein Streitgespr\u00e4ch entwickelt, wobei sich der Unbekannte unmittelbar aggressiv und beleidigend verhalten habe. Er habe dem 19-J\u00e4hrigen sodann mit einem Messer gedroht und ihm dieses auch an den Hals gehalten. Danach sei der Unbekannte weggefahren.<\/p>\n\n\n\n<p>Der 19-J\u00e4hrige wurde nicht verletzt. <\/p>\n\n\n\n<h4 class=\"wp-block-heading\">Er beschrieb den Unbekannten wie folgt: <\/h4>\n\n\n\n<ul>\n<li><strong>Etwa 19-20 Jahre alt<\/strong><\/li>\n\n\n\n<li><strong>kr\u00e4ftig<\/strong><\/li>\n\n\n\n<li><strong>Bart<\/strong><\/li>\n\n\n\n<li><strong>kurze braune Haare<\/strong><\/li>\n<\/ul>\n\n\n\n<ul>\n<li><strong>Bei dem Beifahrer des Unbekannten soll es sich um einen 16-17-J\u00e4hrigen handeln. Dieser sei schlank und habe mittellanges blondes Haar.<\/strong><\/li>\n<\/ul>\n\n\n\n<ul>\n<li><strong>Zur Aufkl\u00e4rung der Tat bittet die Polizei um Hinweise unter Telefonnummer 0621 963-2122 oder per E-Mail\u00a0<a href=\"mailto:%20piludwigshafen1@polizei.rlp.de\">piludwigshafen1@polizei.rlp.de<\/a>\u00a0.<\/strong><\/li>\n<\/ul>\n\n\n\n<h2 class=\"wp-block-heading\">(Calw \/ Mannheim) &#8211; 34-j\u00e4hriger, untergebrachter Mann gefl\u00fcchtet: Polizei fahndet und bittet um Hinweise<\/h2>\n\n\n\n<h3 class=\"wp-block-heading\">Gemeinsame Pressemitteilung der Staatsanwaltschaft Mannheim und des PP Pforzheim<\/h3>\n\n\n<div class=\"wp-block-image\">\n<figure class=\"aligncenter size-full\"><img decoding=\"async\" loading=\"lazy\" width=\"800\" height=\"554\" src=\"https:\/\/speyer24news.com\/wp-content\/uploads\/2021\/03\/Fahndung.jpg\" alt=\"\" class=\"wp-image-34196\" srcset=\"https:\/\/speyer24news.com\/wp-content\/uploads\/2021\/03\/Fahndung.jpg 800w, https:\/\/speyer24news.com\/wp-content\/uploads\/2021\/03\/Fahndung-300x208.jpg 300w, https:\/\/speyer24news.com\/wp-content\/uploads\/2021\/03\/Fahndung-768x532.jpg 768w\" sizes=\"(max-width: 800px) 100vw, 800px\" \/><\/figure><\/div>\n\n\n<p>Nach derzeitigem Sachstand konnte am Freitagmorgen ein Mann, welcher auf Grund eines Urteils des Amtsgerichts Mannheim in einer Entziehungsanstalt im Landkreis Calw untergebracht war, fliehen. Im Zuge eines begleiteten Arztbesuchs in Calw nutzte er eine g\u00fcnstige Gelegenheit und fl\u00fcchtete. Das Polizeipr\u00e4sidium Pforzheim hat umgehend Fahndungsma\u00dfnahmen unter Einbindung verschiedener Kr\u00e4fte eingeleitet. Unter anderem waren ein Polizeihubschrauber und die Polizeihundef\u00fchrerstaffel im Einsatz. Die Staatsanwaltschaft Mannheim hat als Vollstreckungsbeh\u00f6rde einen Vollstreckungshaftbefehl erlassen und den fl\u00fcchtigen Mann zur Fahndung ausgeschrieben. Die Fahndungsma\u00dfnahmen dauern an. M\u00f6gliche Hinwendungsorte werden \u00fcberpr\u00fcft. Derzeit besteht f\u00fcr die Bev\u00f6lkerung keine konkrete Gefahr. Vorsorglich wird gebeten, keine Anhalter im Raum Calw mitzunehmen.<\/p>\n\n\n\n<h4 class=\"wp-block-heading\">Der Gesuchte wird wie folgt beschrieben: <\/h4>\n\n\n\n<ul>\n<li><strong>M\u00e4nnlich<\/strong><\/li>\n\n\n\n<li><strong>34 Jahre<\/strong><\/li>\n\n\n\n<li><strong>ca. 185 cm gro\u00df<\/strong><\/li>\n\n\n\n<li><strong>normale Statur<\/strong><\/li>\n\n\n\n<li><strong>schwarze l\u00e4ngere Haare<\/strong><\/li>\n\n\n\n<li><strong>schwarzgrauer kurzer Vollbart<\/strong><\/li>\n\n\n\n<li><strong>braune Augen<\/strong><\/li>\n\n\n\n<li><strong>Die Person war zuletzt mit einem blauen Shirt und einer blauen Jeans bekleidet.<\/strong><\/li>\n<\/ul>\n\n\n\n<ul>\n<li><strong>Hinweisgeber werden gebeten, sich bei Erkennen des Mannes \u00fcber den Notruf 110 bei der Polizei zu melden oder sich telefonisch mit dem Kriminaldauerdienst in Pforzheim, 07231 186-4444, in Verbindung zu setzen. Von einem eigenst\u00e4ndigen Herantreten an die Person wird abgeraten.<\/strong><\/li>\n<\/ul>\n\n\n\n<h3 class=\"wp-block-heading has-text-align-center\">34-j\u00e4hriger untergebrachter Mann eigenst\u00e4ndig in die Entziehungsanstalt zur\u00fcckgekehrt \/ 1. Nachtrag zur Gemeinsame Pressemitteilung der StA Mannheim und des PP Pforzheim<\/h3>\n\n\n<div class=\"wp-block-image\">\n<figure class=\"aligncenter size-full\"><img decoding=\"async\" loading=\"lazy\" width=\"800\" height=\"533\" src=\"https:\/\/speyer24news.com\/wp-content\/uploads\/2020\/06\/Zelle.jpg\" alt=\"\" class=\"wp-image-28203\" srcset=\"https:\/\/speyer24news.com\/wp-content\/uploads\/2020\/06\/Zelle.jpg 800w, https:\/\/speyer24news.com\/wp-content\/uploads\/2020\/06\/Zelle-300x200.jpg 300w, https:\/\/speyer24news.com\/wp-content\/uploads\/2020\/06\/Zelle-768x512.jpg 768w\" sizes=\"(max-width: 800px) 100vw, 800px\" \/><figcaption class=\"wp-element-caption\">Beispielbild Zelle \/ Verhaftung, dient lediglich der Visualisierung<\/figcaption><\/figure><\/div>\n\n\n<p>Wie Freitagnachmittag in einer gemeinsamen Pressemitteilung der Staatsanwaltschaft Mannheim und des Polizeipr\u00e4sidiums Pforzheim berichtet, erfolgten seit den Vormittagsstunden im Raum Calw umfangreiche Fahndungsma\u00dfnahmen nach einem 34-j\u00e4hrigen untergebrachten Mann.<\/p>\n\n\n\n<p><a href=\"https:\/\/www.presseportal.de\/blaulicht\/pm\/14915\/5750754\">https:\/\/www.presseportal.de\/blaulicht\/pm\/14915\/5750754<\/a><\/p>\n\n\n\n<p>Dieser begab sich eigenst\u00e4ndig zur\u00fcck in die Entziehungsanstalt im Landkreis Calw. Die Hintergr\u00fcnde der Flucht sind bislang nicht bekannt.<\/p>\n\n\n\n<p>Die Polizei bedankt sich f\u00fcr die Unterst\u00fctzung bei den B\u00fcrgerinnen und B\u00fcrgern.<\/p>\n\n\n\n<h2 class=\"wp-block-heading\">(A 656 \/ Mannheim) &#8211; Wei\u00dfer Seat Leon verursacht Unfall auf der BAB 656 und fl\u00fcchtet \/ Zeugen gesucht<\/h2>\n\n\n\n<p>Am Donnerstag gegen 17:50 Uhr fuhr ein wei\u00dfer Seat Leon von Mannheim kommend auf der Bundesautobahn A 656 in Richtung Heidelberg. Am Autobahnkreuz nutze er zun\u00e4chst die Abbiegespur um auf die A 6 zu wechseln. Unvermittelt zog er jedoch zur\u00fcck nach links auf die Spur in Richtung Heidelberg, ohne auf den seitlichen Verkehr zu achten. Dort fuhr aber, wie Zeugen berichteten, auf gleicher H\u00f6he ein schwarzer SUV Mercedes GLC. Um einen Unfall zu vermeiden wich dieser seinerseits nach links aus und touchierte dabei einen auf der \u00dcberholspur fahrenden schwarzen Mitsubishi Colt. Der Seat blieb unbesch\u00e4digt und setzte seine Fahrt in Richtung Heidelberg fort. An den beiden verunfallten Fahrzeugen entstand ein Schaden von \u00fcber 8.000 Euro. <\/p>\n\n\n\n<ul>\n<li><strong>Das Autobahnpolizeirevier Mannheim hat die Ermittlungen zum fl\u00fcchtigen wei\u00dfen Seat Leon aufgenommen und bittet um sachdienliche Hinweise unter 0621-470-930.<\/strong><\/li>\n<\/ul>\n\n\n\n<h2 class=\"wp-block-heading\">(Heidelberg) &#8211; 50-j\u00e4hriger Mann durch Schlag auf den Kopf verletzt \/ Zeugen gesucht<\/h2>\n\n\n<div class=\"wp-block-image\">\n<figure class=\"aligncenter size-full\"><img decoding=\"async\" loading=\"lazy\" width=\"801\" height=\"600\" src=\"https:\/\/speyer24news.com\/wp-content\/uploads\/2020\/05\/Zeugen-gesucht-Neutral.jpg\" alt=\"\" class=\"wp-image-26598\" srcset=\"https:\/\/speyer24news.com\/wp-content\/uploads\/2020\/05\/Zeugen-gesucht-Neutral.jpg 801w, https:\/\/speyer24news.com\/wp-content\/uploads\/2020\/05\/Zeugen-gesucht-Neutral-300x225.jpg 300w, https:\/\/speyer24news.com\/wp-content\/uploads\/2020\/05\/Zeugen-gesucht-Neutral-768x575.jpg 768w, https:\/\/speyer24news.com\/wp-content\/uploads\/2020\/05\/Zeugen-gesucht-Neutral-678x509.jpg 678w, https:\/\/speyer24news.com\/wp-content\/uploads\/2020\/05\/Zeugen-gesucht-Neutral-326x245.jpg 326w, https:\/\/speyer24news.com\/wp-content\/uploads\/2020\/05\/Zeugen-gesucht-Neutral-80x60.jpg 80w\" sizes=\"(max-width: 801px) 100vw, 801px\" \/><\/figure><\/div>\n\n\n<p>Bereits am 30.03.2024 kam es gegen 11:30 Uhr in einem Gesch\u00e4ft in der Hauptstra\u00dfe zu einer K\u00f6rperverletzung, bei dem ein 50-j\u00e4hriger Mitarbeiter des Gesch\u00e4ftes durch einen Gast unvermittelt auf den Kopf geschlagen und dabei gl\u00fccklicherweise nur leicht verletzt wurde. Noch vor dem Eintreffen der alarmierten Polizei konnte sich der Tatverd\u00e4chtige in unbekannte Richtung entfernen.<\/p>\n\n\n\n<h4 class=\"wp-block-heading\">Der Tatverd\u00e4chtige ist:<\/h4>\n\n\n\n<ul>\n<li><strong>ca. 30 Jahre alt <\/strong><\/li>\n\n\n\n<li><strong>hat blondes Haar<\/strong><\/li>\n\n\n\n<li><strong>Er trug einen Vollbart <\/strong><\/li>\n\n\n\n<li><strong>War mit einem schwarzes Pullover, einer schwarzer Jacke, einer beigen Hose und einem schwarzen Basecap bekleidet.<\/strong><\/li>\n<\/ul>\n\n\n\n<p>Das Polizeirevier Heidelberg-Mitte hat die Ermittlungen zu dem Tatverd\u00e4chtigen und den Hintergr\u00fcnden der Tat eingeleitet.<\/p>\n\n\n\n<ul>\n<li><strong>Personen, die sachdienliche Hinweise zur Tat oder dem Tatverd\u00e4chtigen geben k\u00f6nnen, werden gebeten sich telefonisch unter der Telefonnummer 06221\/1857-0 mit dem Polizeirevier Heidelberg-Mitte in Verbindung zu setzen.<\/strong><\/li>\n<\/ul>\n\n\n\n<h2 class=\"wp-block-heading\">(Br\u00fchl \/ Rhein-Neckar-Kreis) &#8211; Rollerfahrer versucht vor Polizei zu fl\u00fcchten<\/h2>\n\n\n\n<p>Ein 16-j\u00e4hriger Rollerfahrer befuhr mit seinem 15-j\u00e4hrigen Beifahrer am Donnerstag gegen 23 Uhr die Uhlandstra\u00dfe in Br\u00fchl, als er die Flucht vor der Polizei ansetzte, um sich der Kontrolle zu entziehen.<\/p>\n\n\n\n<p>Der Rollerfahrer missachtete jegliche Anhaltezeichen der Polizei, fuhr durchg\u00e4ngig mit \u00fcberh\u00f6hter Geschwindigkeit \u00fcber eine Strecke von etwa 7 Kilometer in Richtung Schwetzingen und missachtete dabei eine rot zeigende Ampel. Der Beifahrer verdeckte w\u00e4hrend der gesamten Verfolgungsfahrt das am Roller der Marke Piaggio befindliche Versicherungskennzeichen mit der Hand.<\/p>\n\n\n\n<p>Beim Abbiegevorgang in die S\u00fcdtangente in Schwetzingen st\u00fcrzten die beiden Jugendlichen, woraufhin sie durch die Polizeibeamten kontrolliert wurden.<\/p>\n\n\n\n<p>Durch die r\u00fccksichtslose Fahrweise kam gl\u00fccklicherweise niemand zu Schaden. Auch die Rollerfahrer blieben in Folge des Sturzes unverletzt. Ersten Ermittlungen zu Folge hat der Fahrzeugf\u00fchrer weder Alkohol noch Drogen konsumiert und muss sich nun f\u00fcr sein verkehrswidriges und r\u00fccksichtsloses Verhalten im Stra\u00dfenverkehr verantworten.<\/p>\n\n\n\n<p>Das Polizeirevier Mannheim-Neckarau hat die Ermittlungen aufgenommen.<\/p>\n\n\n\n<h2 class=\"wp-block-heading\">(Sinsheim \/ Rhein-Neckar-Kreis) &#8211; Auffahrunfall mit verletzten Personen<\/h2>\n\n\n\n<p>Am Donnerstag kam es gegen 16 Uhr in der Wilhelmstra\u00dfe zu einem Verkehrsunfall mit zwei beteiligten Fahrzeugen, wobei zwei Fahrzeuginsassen verletzt wurden.<\/p>\n\n\n\n<p>Eine 46-j\u00e4hrige Fiat-Fahrerin befuhr hinter einem 26-j\u00e4hrigen Audi-Fahrer die Wilhelmstra\u00dfe, als es zu einem Auffahrunfall kam. Die Fahrerin konnte nicht rechtzeitig abbremsen, sodass die beiden Fahrzeuge miteinander kollidierten.<\/p>\n\n\n\n<p>Beide Insassen des Audis, der 26-j\u00e4hrige Fahrzeugf\u00fchrer und sein 24-j\u00e4hriger Beifahrer, wurden durch den Aufprall leicht verletzt und in einem nahegelegenen Krankenhaus medizinisch versorgt. Das Fahrzeug war nicht mehr fahrbereit und musste abgeschleppt werden. Die Unfallverursacherin blieb unverletzt. Die Gesamtschadensh\u00f6he wird auf mehr als 10.000 Euro gesch\u00e4tzt.<\/p>\n\n\n\n<p>Das Polizeirevier Sinsheim hat die Ermittlungen aufgenommen.<\/p>\n\n\n\n<h2 class=\"wp-block-heading\">(Dossenheim \/ Rhein-Neckar-Kreis) &#8211; Anwohnerin verhindert Einbruch \/ Zeugen gesucht<\/h2>\n\n\n\n<p>Am Freitagfr\u00fch gegen 04:30 Uhr wurde eine Anwohnerin auf zwei Jugendliche aufmerksam, die mit einem Gullydeckel versuchten in ein Kiosk am Bahnhofsplatz in Dossenheim einzubrechen. Sie verst\u00e4ndigte die Polizei, woraufhin die T\u00e4ter fl\u00fcchteten. <\/p>\n\n\n\n<h4 class=\"wp-block-heading\">Die T\u00e4ter werden wie folgt beschrieben: <\/h4>\n\n\n\n<ul>\n<li><strong>jugendliches Alter<\/strong><\/li>\n\n\n\n<li><strong>schwarze gl\u00e4nzende Jacken <\/strong><\/li>\n\n\n\n<li><strong>helle Jogginghosen<\/strong><\/li>\n<\/ul>\n\n\n\n<ul>\n<li><strong>Die Ermittler des Polizeireviers Heidelberg-Nord bitten um sachdienliche Hinweise unter 06221-4569-0.<\/strong><\/li>\n<\/ul>\n\n\n\n<h2 class=\"wp-block-heading\">(Schriesheim \/ Rhein-Neckar-Kreis) &#8211; Einbruch in Hofladen \/ Zeugen gesucht!<\/h2>\n\n\n\n<p>In der Nacht von Dienstag auf Mittwoch verschaffte sich eine derzeit noch unbekannte T\u00e4terschaft gewaltsam Zutritt zu einem Hofladen eines Obsthofes an der K4242 und verursachte einen finanziellen Schaden von mehreren tausend Euro. Die T\u00e4terschaft hebelte ein Fenster des Ladens auf und entwendete hieraus zwei Kassenschubladen, welche etwa 500 Euro Bargeld gef\u00fcllt waren. Weiterhin \u00f6ffnete die T\u00e4terschaft gewaltsam einen Wurstautomaten und entnahm auch hieraus mehrere hundert Euro Bargeld. Der entstandene Sachschaden ist jedoch wesentlich h\u00f6her und bel\u00e4uft sich ersten Einsch\u00e4tzungen zufolge auf mehr als 5.000 Euro.<\/p>\n\n\n\n<ul>\n<li><strong>Das Polizeirevier Weinheim hat die weiteren Ermittlungen aufgenommen und sucht Zeugen, welche verd\u00e4chtige Wahrnehmungen gemacht haben. Diese werden gebeten, sich unter der Telefonnummer 06201\/1003-0 zu melden.<\/strong><\/li>\n<\/ul>\n\n\n\n<h2 class=\"wp-block-heading\">(A 5 \/ Weinheim \/ Rhein-Neckar-Kreis) &#8211; Schwerer Verkehrsunfall auf Autobahn<\/h2>\n\n\n\n<p>Am Freitagmittag gegen 11:45 Uhr kam es auf der A5 kurz vor der Anschlusstelle Hemsbach in Fahrtrichtung Darmstadt zu einem schweren Verkehrsunfall, bei welchem eine Person im Fahrzeug eingeklemmt wurde. Nach derzeitigem Ermittlungsstand sind an dem Unfall zwei Autos beteiligt, eines davon kam in der Folge auf dem Dach zum Liegen. Aufgrund der Rettungsma\u00dfnahmen muss die A5 in Fahrtrichtung Norden vor\u00fcbergehend voll gesperrt werden. \u00dcber die Unfallursache sowie die Schwere der Verletzungen der Unfallbeteiligten liegen aktuell keine Informationen vor.<\/p>\n\n\n\n<p>In dem R\u00fcckstau vor der Unfallstelle ereignete sich ein weiterer Verkehrsunfall, bei welchem sechs beteiligte Fahrzeuge aufeinander aufgefahren sind. Mehrere Personen wurden hierbei nach ersten Erkenntnissen leicht verletzt.<\/p>\n\n\n\n<h3 class=\"wp-block-heading has-text-align-center\">Pressemitteilung Nr. 2<\/h3>\n\n\n\n<p>Nachdem auf der A5 in Fahrtrichtung Darmstadt kurz vor der Anschlussstelle ein Opel sowie ein Mercedes miteinander verunfallten, konnte eine eingeklemmte Person von den Rettungskr\u00e4ften aus dem Fahrzeug befreit werden. Die Unfallbeteiligten wurden vom Rettungsdienst in umliegende Krankh\u00e4user gebracht. Die Vollsperrung der Autobahn konnte zwischenzeitlich aufgehoben werden. Der Verkehr wird aktuell an der Unfallstelle vorbeigeleitet, bis die Bergungs- und Aufr\u00e4umarbeiten abgeschlossen sind.<\/p>\n\n\n\n<h3 class=\"wp-block-heading has-text-align-center\">Pressemitteilung Nr. 3<\/h3>\n\n\n\n<p>Nachdem es auf der A5 bei Weinheim in Fahrtrichtung Norden zu zwei aufeinanderfolgenden Unf\u00e4llen kam, liegen nun erste Ermittlungsergebnisse der Verkehrspolizei vor. Gegen 11:45 Uhr kollidierten kurz nach dem Autobahnkreuz ein Transporter sowie ein Opel miteinander, woraufhin sich der Opel \u00fcberschlug und auf dem Dach zum Liegen kam. Durch den Unfall waren bei den beiden Fahrzeugen die T\u00fcren blockiert, sodass die Insassen hieraus befreit werden mussten. Am Ende des entstandenen Staus ereignete sich ein Folgeunfall, bei welchem ein Autofahrer aus noch unbekannten Gr\u00fcnden auf einen haltenden Mercedes auffuhr. Durch die Wucht des Aufpralls wurde der mit drei Kindern und deren Eltern besetzte Mercedes auf zwei weitere vorausfahrende Fahrzeuge aufgeschoben. Die Kinder im Alter von einem, drei und acht Jahren sowie deren Eltern, wie auch ein weiterer Unfallbeteiligter mussten vom Rettungsdienst in umliegende Krankenh\u00e4user gebracht werden. Sie waren alle leicht verletzt.<\/p>\n\n\n\n<p>Der gesamte Sachschaden der beiden Unf\u00e4lle bel\u00e4uft sich ersten Sch\u00e4tzungen zufolge auf mehr als 80.000 Euro.<\/p>\n\n\n\n<p>Ersten Ermittlungen zufolge liegt gegen den Unfallverursacher eine Fahrerlaubnissperre vor, sodass gegen diesen unter anderem wegen des Fahrens ohne Fahrerlaubnis sowie der fahrl\u00e4ssigen K\u00f6rperverletzung ein Ermittlungsverfahren eingeleitet wurde.<\/p>\n\n\n\n<h2 class=\"wp-block-heading\">(A 5 \/ Weinheim \/ Rhein-Neckar-Kreis) &#8211; Auto kollidiert mit LKW auf der Autobahn<\/h2>\n\n\n\n<p>Auf der BAB 5 zwischen dem Autobahnkreuz Weinheim und der Anschlussstelle Hemsbach in Fahrtrichtung Frankfurt kam es am Donnerstag gegen 21:30 Uhr zu einem Verkehrsunfall zwischen einem Auto und einem LKW.<\/p>\n\n\n\n<p>Eine 30-j\u00e4hrige VW-Fahrerin \u00fcbersah beim Verlassen des Beschleunigungsstreifens den LKW eines 28-J\u00e4hrigen. Dieser befuhr den rechten Fahrstreifen der Hauptfahrbahn. Ersten Ermittlungen zu Folge untersch\u00e4tzte die Unfallverursacherin den Abstand zwischen ihrem Fahrzeug und dem herannahenden LKW, woraufhin sie beim Fahrstreifenwechsel seitlich mit dem neben ihr fahrenden LKW kollidierte. Im weiteren Verlauf verlor die 30-J\u00e4hrige die Kontrolle \u00fcber ihr Fahrzeug. Das Auto geriet ins Schleudern und prallte von der linken Leitplanke \u00fcber die gesamte Fahrbahn gegen die rechte Leitplanke, wo sie letztlich zum Stehen kam.<\/p>\n\n\n\n<p>In dem Fahrzeug der Unfallverursacherin befand sich neben der 30-j\u00e4hrigen leicht verletzten Fahrerin auch eine 19-j\u00e4hrige Beifahrerin, die unverletzt blieb. Zudem sa\u00dfen drei Kinder im Alter von 8, 12 und 14 Jahren in dem VW Polo, von denen zwei mit leichten Verletzungen medizinisch betreut wurden. Der PKW musste auf Grund des Schadensausma\u00dfes abgeschleppt werden, w\u00e4hrend der LKW weiterhin fahrbereit war. Der Fahrer des LKWs blieb unverletzt.<\/p>\n\n\n\n<p>F\u00fcr den Zeitraum der Unfallaufnahme und der Abschleppma\u00dfnahme wurde der rechte Fahrstreifen gesperrt. Die Gesamtschadensh\u00f6he wird auf 8.000 Euro gesch\u00e4tzt.<\/p>\n\n\n\n<p>Der Verkehrsdienst Mannheim hat die Ermittlungen aufgenommen.<\/p>\n","protected":false},"excerpt":{"rendered":"<div class=\"mh-excerpt\"><p>Polizeimeldungen vom Freitag (05.04.2024) (Speyer) &#8211; K\u00fcchenbrand in der Lindenstra\u00dfe Am Donnerstag gegen kurz nach 18 Uhr kam es in einem Mehrfamilienhaus in der Lindenstra\u00dfe zu einem Brand in der K\u00fcche einer Wohnung. Bewohner verst\u00e4ndigten <a class=\"mh-excerpt-more\" href=\"https:\/\/speyer24news.com\/?p=59221\" title=\"Polizeimeldungen Freitag (05.04.24)\">[&#8230;]<\/a><\/p>\n<\/div>","protected":false},"author":3,"featured_media":26162,"comment_status":"open","ping_status":"open","sticky":false,"template":"","format":"standard","meta":{"_monsterinsights_skip_tracking":false,"_monsterinsights_sitenote_active":false,"_monsterinsights_sitenote_note":"","_monsterinsights_sitenote_category":0,"footnotes":""},"categories":[15659],"tags":[7273,7243,7244,10926,13554,350,14537,15084,15267,14538,15361,702,61,2555,14113,6955,6986,6263,63,105,11150,6987,53,13540,16956,4683,14958,9154,12967,102,13626,213,14325,14324,13553,13541,16955,2625,380],"aioseo_notices":[],"amp_enabled":true,"_links":{"self":[{"href":"https:\/\/speyer24news.com\/index.php?rest_route=\/wp\/v2\/posts\/59221"}],"collection":[{"href":"https:\/\/speyer24news.com\/index.php?rest_route=\/wp\/v2\/posts"}],"about":[{"href":"https:\/\/speyer24news.com\/index.php?rest_route=\/wp\/v2\/types\/post"}],"author":[{"embeddable":true,"href":"https:\/\/speyer24news.com\/index.php?rest_route=\/wp\/v2\/users\/3"}],"replies":[{"embeddable":true,"href":"https:\/\/speyer24news.com\/index.php?rest_route=%2Fwp%2Fv2%2Fcomments&post=59221"}],"version-history":[{"count":2,"href":"https:\/\/speyer24news.com\/index.php?rest_route=\/wp\/v2\/posts\/59221\/revisions"}],"predecessor-version":[{"id":59225,"href":"https:\/\/speyer24news.com\/index.php?rest_route=\/wp\/v2\/posts\/59221\/revisions\/59225"}],"wp:featuredmedia":[{"embeddable":true,"href":"https:\/\/speyer24news.com\/index.php?rest_route=\/wp\/v2\/media\/26162"}],"wp:attachment":[{"href":"https:\/\/speyer24news.com\/index.php?rest_route=%2Fwp%2Fv2%2Fmedia&parent=59221"}],"wp:term":[{"taxonomy":"category","embeddable":true,"href":"https:\/\/speyer24news.com\/index.php?rest_route=%2Fwp%2Fv2%2Fcategories&post=59221"},{"taxonomy":"post_tag","embeddable":true,"href":"https:\/\/speyer24news.com\/index.php?rest_route=%2Fwp%2Fv2%2Ftags&post=59221"}],"curies":[{"name":"wp","href":"https:\/\/api.w.org\/{rel}","templated":true}]}}