{"id":59229,"date":"2024-04-09T13:37:35","date_gmt":"2024-04-09T12:37:35","guid":{"rendered":"https:\/\/speyer24news.com\/?p=59229"},"modified":"2024-04-09T13:37:38","modified_gmt":"2024-04-09T12:37:38","slug":"polizeimeldungen-wochenende-06-04-07-04-24","status":"publish","type":"post","link":"https:\/\/speyer24news.com\/?p=59229","title":{"rendered":"Polizeimeldungen Wochenende (06.04. &#038; 07.04.24)"},"content":{"rendered":"<style type=\"text\/css\">\r\n\t.ads_top_disp{}\r\n\t.ads_top_corner_disp{ float:left; margin:0px 10px 10px 0px; }\r\n\t.ads_first_p_disp{}\r\n\t.ads_bottom_disp{}\r\n\t<\/style>\n<h2 class=\"wp-block-heading\">Polizeimeldungen vom Wochenende (06.04. &amp; 07.04.2024)<\/h2>\n\n\n<div class=\"wp-block-image\">\n<figure class=\"aligncenter size-full\"><img decoding=\"async\" loading=\"lazy\" width=\"375\" height=\"500\" src=\"https:\/\/speyer24news.com\/wp-content\/uploads\/2022\/03\/Aktuelles-Polizeilogo.jpg\" alt=\"\" class=\"wp-image-43591\" srcset=\"https:\/\/speyer24news.com\/wp-content\/uploads\/2022\/03\/Aktuelles-Polizeilogo.jpg 375w, https:\/\/speyer24news.com\/wp-content\/uploads\/2022\/03\/Aktuelles-Polizeilogo-225x300.jpg 225w\" sizes=\"(max-width: 375px) 100vw, 375px\" \/><\/figure><\/div>\n\n\n<h2 class=\"wp-block-heading\">(Speyer) &#8211; Gas mit Bremse verwechselt, erheblicher Sachschaden<\/h2>\n\n\n\n<p>Am Samstag Abend gegen 22:00 Uhr versuchte eine 18 j\u00e4hrige BMW Fahrerin aus Ludwigshafen in der Unteren Langgasse r\u00fcckw\u00e4rts auszuparken. Dabei kollidierte sie so mit einem dahinter parkenden VW Eos, dass dieser an die angrenzende Grundst\u00fccksmauer geschoben wurde. Der VW erlitt dadurch Schaden im Heck-und Frontbereich. Aufgrund des Aufprall war die Fahranf\u00e4ngerin so erschrocken, dass sie anschlie\u00dfend das Gaspedal mit dem Bremspedal verwechselte und r\u00fcckw\u00e4rts ebenso gegen die Grundst\u00fccksmauer fuhr, diese wurde durch den Aufprall komplett durchbrochen. Bei dem Ausparkvorgang entstand insgesamt ein Gesamtschaden von ca. 20000 Euro.<\/p>\n\n\n\n<h2 class=\"wp-block-heading\">(Speyer) &#8211; Verkehrskontrollen im Stadtgebiet<\/h2>\n\n\n\n<p>Am Samstag gegen 17:00 Uhr kontrollierte eine Polizeistreife einen 32-j\u00e4hrigen PKW-Fahrer in der Sonnengasse. Im Rahmen der Verkehrskontrolle stellten die Beamten beim Fahrer glasige, ger\u00f6tete Augen, Lidzuckungen und eine schwache Pupillenreaktion fest. Aufgrund dieser Auffallerscheinungen wurde dem Betroffenen eine Blutprobe entnommen. Weiterhin wurde dem 32-J\u00e4hrigen die Weiterfahrt untersagt.<\/p>\n\n\n\n<p>Gegen 18:10 Uhr kontrollierten Polizeibeamte einen 28-j\u00e4hrigen PKW-Fahrer in der Schifferstadter Stra\u00dfe. Der Fahrer zitterte stark an seinen H\u00e4nden und Beinen, weshalb mit dem 28-J\u00e4hrigen ein Urintest durchgef\u00fchrt wurde, der positiv auf THC reagierte. Dem Betroffenen wurde ebenfalls eine Blutprobe entnommen und die Weiterfahrt untersagt.<\/p>\n\n\n\n<p>Die F\u00fchrerscheinstelle wird in beiden F\u00e4llen in Kenntnis gesetzt, die die Geeignetheit der Fahrer \u00fcberpr\u00fcfen. Gegen die Betroffenen wird ein Ordnungswidrigkeitenverfahren eingeleitet.<\/p>\n\n\n\n<h2 class=\"wp-block-heading\">(Speyer) &#8211; Versuch des Diebstahls von mehreren Paar Schuhen<\/h2>\n\n\n<div class=\"wp-block-image\">\n<figure class=\"aligncenter size-full\"><img decoding=\"async\" loading=\"lazy\" width=\"801\" height=\"600\" src=\"https:\/\/speyer24news.com\/wp-content\/uploads\/2020\/05\/Zeugen-gesucht-Neutral.jpg\" alt=\"\" class=\"wp-image-26598\" srcset=\"https:\/\/speyer24news.com\/wp-content\/uploads\/2020\/05\/Zeugen-gesucht-Neutral.jpg 801w, https:\/\/speyer24news.com\/wp-content\/uploads\/2020\/05\/Zeugen-gesucht-Neutral-300x225.jpg 300w, https:\/\/speyer24news.com\/wp-content\/uploads\/2020\/05\/Zeugen-gesucht-Neutral-768x575.jpg 768w, https:\/\/speyer24news.com\/wp-content\/uploads\/2020\/05\/Zeugen-gesucht-Neutral-678x509.jpg 678w, https:\/\/speyer24news.com\/wp-content\/uploads\/2020\/05\/Zeugen-gesucht-Neutral-326x245.jpg 326w, https:\/\/speyer24news.com\/wp-content\/uploads\/2020\/05\/Zeugen-gesucht-Neutral-80x60.jpg 80w\" sizes=\"(max-width: 801px) 100vw, 801px\" \/><\/figure><\/div>\n\n\n<p>Am Samstag gegen 14:50 Uhr betraten zwei Personen ein Schuhgesch\u00e4ft in der Wormser Landstra\u00dfe, packten gemeinschaftlich mehrere Paar Schuhe in eine mitgef\u00fchrte Sporttasche und wollten anschlie\u00dfend das Gesch\u00e4ft zu verlassen, ohne diese zu bezahlen. Durch eine Angestellte des Gesch\u00e4ftes wurde dies jedoch wahrgenommen und sie sprach die Personen an. Daraufhin lie\u00dfen sie die Tasche fallen, einer der T\u00e4ter verlie\u00df umgehend die \u00d6rtlichkeit in Richtung Waldseer Stra\u00dfe, die andere Person kurz danach in unbekannte Richtung. <\/p>\n\n\n\n<ul>\n<li><strong>Bei beiden Personen soll es sich um M\u00e4nner gehandelt haben, beide s\u00fcdl\u00e4ndisches Aussehen. <\/strong><\/li>\n\n\n\n<li><strong>Einer der T\u00e4ter war ca. 30 Jahre alt, 170cm gro\u00df, schm\u00e4chtig, trug ein wei\u00dfes Oberteil und eine schwarze Basecap. <\/strong><\/li>\n\n\n\n<li><strong>Der andere T\u00e4ter was ca. 190 cm gro\u00df, ebenfalls schm\u00e4chtig, helles Shirt, schwarze Basecap und h\u00e4tte ein auff\u00e4lliges Muttermal im Gesicht. Schaden entstand nicht, da es beim Versuch blieb.<\/strong><\/li>\n<\/ul>\n\n\n\n<ul>\n<li><strong>M\u00f6gliche Zeugen des Vorfalls oder Zeugen, die die T\u00e4ter im Nahbereich gesehen haben oder Hinweise zu ihnen geben k\u00f6nnen, werden gebeten, sich mit der Polizei Speyer telefonisch oder per E-Mail (Tel. 06232 \/ 137-0, E-Mail an&nbsp;<a href=\"mailto:%20pispeyer@polizei.rlp.de\">pispeyer@polizei.rlp.de<\/a>) in Verbindung zu setzen.<\/strong><\/li>\n<\/ul>\n\n\n\n<h2 class=\"wp-block-heading\">(Speyer) &#8211; R\u00e4uberische Erpressung<\/h2>\n\n\n<div class=\"wp-block-image\">\n<figure class=\"aligncenter size-full\"><img decoding=\"async\" loading=\"lazy\" width=\"801\" height=\"600\" src=\"https:\/\/speyer24news.com\/wp-content\/uploads\/2020\/05\/Zeugen-gesucht-Neutral.jpg\" alt=\"\" class=\"wp-image-26598\" srcset=\"https:\/\/speyer24news.com\/wp-content\/uploads\/2020\/05\/Zeugen-gesucht-Neutral.jpg 801w, https:\/\/speyer24news.com\/wp-content\/uploads\/2020\/05\/Zeugen-gesucht-Neutral-300x225.jpg 300w, https:\/\/speyer24news.com\/wp-content\/uploads\/2020\/05\/Zeugen-gesucht-Neutral-768x575.jpg 768w, https:\/\/speyer24news.com\/wp-content\/uploads\/2020\/05\/Zeugen-gesucht-Neutral-678x509.jpg 678w, https:\/\/speyer24news.com\/wp-content\/uploads\/2020\/05\/Zeugen-gesucht-Neutral-326x245.jpg 326w, https:\/\/speyer24news.com\/wp-content\/uploads\/2020\/05\/Zeugen-gesucht-Neutral-80x60.jpg 80w\" sizes=\"(max-width: 801px) 100vw, 801px\" \/><\/figure><\/div>\n\n\n<p>Am Samstagmittag gegen 14:00 Uhr befand sich der 16-j\u00e4hrige Gesch\u00e4digte in der Iggelheimer Stra\u00dfe nahe eines Supermarktes, als er von einem unbekannten T\u00e4ter aufgefordert wurde, seinen Geldbeutel auszuh\u00e4ndigen. Als der Gesch\u00e4digte der Aufforderung nicht nachkam, versuchte der T\u00e4ter ihn zu schlagen, wogegen sich der 16-J\u00e4hrige allerdings wehren konnte. Der T\u00e4ter fl\u00fcchtete anschlie\u00dfend ohne Tatbeute. Durch das Gerangel wurde der Gesch\u00e4digte leicht verletzt.<\/p>\n\n\n\n<ul>\n<li><strong>Der unbekannte T\u00e4ter sei ca. 17-18 Jahre alt, 1,80m gro\u00df, trug dunkle Kleidung und eine schwarze Wollm\u00fctze.<\/strong><\/li>\n<\/ul>\n\n\n\n<ul>\n<li><strong>Zeugen des Vorfalls werden gebeten, sich mit der Polizei Speyer telefonisch oder per E-Mail (Tel. 06232 \/ 137-0, E-Mail an&nbsp;<a href=\"mailto:%20pispeyer@polizei.rlp.de\">pispeyer@polizei.rlp.de<\/a>) in Verbindung zu setzen.<\/strong><\/li>\n<\/ul>\n\n\n\n<h2 class=\"wp-block-heading\">(Speyer) &#8211; Fr\u00fchjahrsmesse<\/h2>\n\n\n\n<p>Am Freitag war die Fr\u00fchjahrsmesse erwartungsgem\u00e4\u00df stark besucht. Au\u00dfer einer k\u00f6rperlichen Auseinandersetzung zwischen mehreren Frauen kam es zu keinen Vorkommnissen.<\/p>\n\n\n\n<p>Zwischen den Frauen kam es gegen 23:30 Uhr zun\u00e4chst zu einem Streit. Im Verlaufe des Streits zog eine 17-j\u00e4hrige Germersheimerin einer 20-j\u00e4hrigen Speyrerin mehrfach stark an den Haaren. Durch die Auseinandersetzung seien der gesch\u00e4digten Heranwachsenden mehrere k\u00fcnstliche Fingern\u00e4gel abgebrochen. Im Rahmen des Streits wurde eine weitere 17-j\u00e4hrige Gesch\u00e4digte von der Germersheimerin auf die Wange geschlagen. Eine hinzukommende 21-J\u00e4hrige, die die Auseinandersetzung schlichten wollte, wurde durch einen Schlag an der Lippe verletzt, durch wen ist nicht bekannt. Die 17- und 20-j\u00e4hrigen Gesch\u00e4digten wurden vom Rettungsdienst behandelt.<\/p>\n\n\n\n<p>Die Beschuldigte wurde nicht mehr an der \u00d6rtlichkeit angetroffen, konnte jedoch aufgrund einer abgegebenen Personenbeschreibung und weiterer Ermittlungen ermittelt werden. Die Beschuldigte erwartet nun ein Strafverfahren wegen K\u00f6rperverletzung.<\/p>\n\n\n\n<h2 class=\"wp-block-heading\">(Speyer) &#8211; Straf- und Ordnungswidrigkeitenanzeige nach Verkehrskontrolle<\/h2>\n\n\n\n<p>Am Freitag gegen 07:45 Uhr kontrollierte eine Polizeistreife einen 32-J\u00e4hrigen in der Auestra\u00dfe, der auf einem E-Scooter ohne aktuellen Versicherungsschutz fuhr. Im Rahmen der Verkehrskontrolle stellten die Beamten weiterhin bei der \u00dcberpr\u00fcfung der Fahrt\u00fcchtigkeit drogentypische Auffallerscheinungen fest. Ein durchgef\u00fchrter Urintest verlief positiv auf THC, weshalb dem Betroffenen eine Blutprobe entnommen und die Weiterfahrt untersagt wurde. Der E-Scooter wurde von den Beamten sichergestellt.<\/p>\n\n\n\n<p>Den 32-j\u00e4hrigen Hanhofener erwartet eine Straf- und eine Ordnungswidrigkeitenanzeige.<\/p>\n\n\n\n<h2 class=\"wp-block-heading\">(Speyer) &#8211; Einbruchsdiebstahl<\/h2>\n\n\n\n<p>Von Donnerstagabend auf Freitagmorgen versuchten unbekannte T\u00e4ter in ein Modegesch\u00e4ft in der Maximilianstra\u00dfe einzubrechen. Die T\u00e4ter versuchten durch die Eingangst\u00fcr in das Gesch\u00e4ft einzudringen, was ihnen jedoch misslang. Die genaue Schadensh\u00f6he ist noch unbekannt.<\/p>\n\n\n\n<ul>\n<li><strong>Wer hat in der Nacht von Donnerstag auf Freitag in der Maximilianstra\u00dfe verd\u00e4chtige Personen wahrgenommen? Zeugen werden gebeten, sich mit der Polizei Speyer telefonisch oder per E-Mail (Tel. 06232 \/ 137-0, E-Mail an&nbsp;<a href=\"mailto:%20pispeyer@polizei.rlp.de\">pispeyer@polizei.rlp.de<\/a>) in Verbindung zu setzen.<\/strong><\/li>\n<\/ul>\n\n\n\n<h2 class=\"wp-block-heading\">(Hochdorf-Assenheim) &#8211; Streit um Parksituation m\u00fcndet in k\u00f6rperliche Auseinandersetzung<\/h2>\n\n\n\n<p>Am Freitag, den 05.04.2024, gegen 13:15 Uhr, kam es in der Ortschaft Hochdorf zwischen einer 64-j\u00e4hrigen Ha\u00dflocher B\u00fcrgerin und einer 54-j\u00e4hrigen Hochdorfer B\u00fcrgerin zu Streitigkeiten aufgrund einer Parksituation. Im Rahmen dessen zog die beschuldigte Hochdorferin ihre Kontrahentin am Kragen aus dem Pkw heraus und beleidigte diese. Eine Zeugin konnte den Vorfall beobachten. Die Beschuldigte erwarten Strafanzeigen wegen K\u00f6rperverletzung sowie Beleidigung. Dar\u00fcber hinaus erfolgt eine Mitteilung an die zust\u00e4ndige F\u00fchrerscheinstelle.<\/p>\n\n\n\n<h2 class=\"wp-block-heading\">(Germersheim) &#8211; Raub auf Frau<\/h2>\n\n\n\n<p>In der Nacht von Samstag auf Sonntag wurde eine 30-j\u00e4hrige Frau aus Germersheim im Bereich Freiherr-vom-Stein-Stra\u00dfe Opfer eines Raub\u00fcberfalls. Die Frau wurde durch eine ihr unbekannte m\u00e4nnliche Person zun\u00e4chst in russischer Sprache angesprochen. Im Anschluss schlug der T\u00e4ter der Frau zwei Mal ins Gesicht, trat ihr gegen das Bein und entnahm ihr ihre E-Zigarette, welche diese in der Hand hielt. Danach fl\u00fcchtete der T\u00e4ter fu\u00dfl\u00e4ufig. <\/p>\n\n\n\n<ul>\n<li><strong>Bei diesem soll es sich um einen ca. 30-40 Jahre alten Mann mit auffallend breiter Statur handeln, welcher komplett schwarz gekleidet war.<\/strong><\/li>\n<\/ul>\n\n\n\n<h2 class=\"wp-block-heading\">(Germersheim) &#8211; Einbruchsdiebstahl<\/h2>\n\n\n\n<p>Bisher unbekannte T\u00e4ter brachen am Samstagabend im Zeitraum zwischen 19:30 und 22:30 Uhr \u00fcber die Terrassent\u00fcr in eine Erdgeschosswohnung in der R\u00f6merstra\u00dfe in Germersheim ein. Dort entwendeten die T\u00e4ter Schmuck aus dem elterlichen Schlafzimmer sowie einen TV-Lautsprecher. Die Gesamtschadensh\u00f6he bel\u00e4uft sich auf ca. 2500 Euro. Die Bewohner befanden sich zur Tatzeit au\u00dfer Haus.<\/p>\n\n\n\n<h2 class=\"wp-block-heading\">(Germersheim) &#8211; Zigarettenautomaten gesprengt<a href=\"https:\/\/www.facebook.com\/sharer.php?u=https%3A%2F%2Fwww.presseportal.de%2Fblaulicht%2Fpm%2F117686%2F5750957%2F%3Futm_source%3Dfacebook%26utm_medium%3Dsocial\"><\/a><a href=\"https:\/\/twitter.com\/intent\/tweet?text=POL-PDLD%3A%20Zigarettenautomaten%20gesprengt&amp;url=https%3A%2F%2Fwww.presseportal.de%2Fblaulicht%2Fpm%2F117686%2F5750957%2F%3Futm_source%3Dtwitter%26utm_medium%3Dsocial&amp;hashtags=ots&amp;lang=de\"><\/a><a href=\"https:\/\/web.whatsapp.com\/send?text=POL-PDLD%3A%20Zigarettenautomaten%20gesprengt%0A%0Ahttps%3A%2F%2Fwww.presseportal.de%2Fblaulicht%2Fpm%2F117686%2F5750957%2F%3Futm_source%3Dwhatsapp%26utm_medium%3Dsocial\"><\/a><a href=\"https:\/\/www.xing.com\/app\/user?op=share;url=https%3A%2F%2Fwww.presseportal.de%2Fblaulicht%2Fpm%2F117686%2F5750957%2F%3Futm_source%3Dxing%26utm_medium%3Dsocial\"><\/a><a href=\"http:\/\/www.linkedin.com\/shareArticle?mini=true&amp;url=https%3A%2F%2Fwww.presseportal.de%2Fblaulicht%2Fpm%2F117686%2F5750957%2F%3Futm_source%3Dlinkedin%26utm_medium%3Dsocial&amp;title=POL-PDLD%3A+Zigarettenautomaten+gesprengt\"><\/a><a href=\"mailto:?subject=POL-PDLD%3A%20Zigarettenautomaten%20gesprengt&amp;body=https:\/\/www.presseportal.de\/blaulicht\/pm\/117686\/5750957\"><\/a><\/h2>\n\n\n\n<p>Einen Zigarettenautomaten sprengten bislang unbekannte T\u00e4ter am Freitag gegen 21:40 Uhr vor dem Seiteneingang des Friedhofes in der Hans-Meyer-Stra\u00dfe. Zeugen beobachteten zwei Jugendliche, die im Anschluss in Richtung Rhein fl\u00fcchteten. Am Automaten entstand erheblicher Sachschaden. <\/p>\n\n\n\n<ul>\n<li><strong>Zeugen werden gebeten, sich unter der Telefonnummer 07274\/9580 oder per E-Mail an&nbsp;<a href=\"mailto:%20pigermersheim@polizei.rlp.de\">pigermersheim@polizei.rlp.de<\/a>&nbsp;mit der Polizei Germersheim in Verbindung zu setzen.<\/strong><\/li>\n<\/ul>\n\n\n\n<h2 class=\"wp-block-heading\">(Bellheim) &#8211; Mutma\u00dflicher Kinderansprecher gemeldet<\/h2>\n\n\n<div class=\"wp-block-image\">\n<figure class=\"aligncenter size-full\"><img decoding=\"async\" loading=\"lazy\" width=\"800\" height=\"592\" src=\"https:\/\/speyer24news.com\/wp-content\/uploads\/2023\/02\/Achtung.jpeg\" alt=\"\" class=\"wp-image-51381\" srcset=\"https:\/\/speyer24news.com\/wp-content\/uploads\/2023\/02\/Achtung.jpeg 800w, https:\/\/speyer24news.com\/wp-content\/uploads\/2023\/02\/Achtung-300x222.jpeg 300w, https:\/\/speyer24news.com\/wp-content\/uploads\/2023\/02\/Achtung-768x568.jpeg 768w, https:\/\/speyer24news.com\/wp-content\/uploads\/2023\/02\/Achtung-80x60.jpeg 80w\" sizes=\"(max-width: 800px) 100vw, 800px\" \/><\/figure><\/div>\n\n\n<p>Am Samstag (06.04.2024), gegen 18:30 Uhr, wurde der Polizei gemeldet, dass in Bellheim, in der Hauptstra\u00dfe, ein \u00e4lterer Mann zwei M\u00e4dchen angesprochen und auf ein Eis eingeladen haben soll. Die Kinder antworteten dem Mann jedoch nicht und fuhren mit ihren Fahrr\u00e4dern davon. Letztlich sei der Mann in sein Fahrzeug gestiegen und weggefahren. Bei der Person soll es sich um einen ca. 60-70 Jahre alten Mann gehandelt haben. <\/p>\n\n\n\n<ul>\n<li><strong>Dieser sei etwa 1,80 m gro\u00df gewesen, habe eine Brille und ein rotkariertes Hemd getragen. <\/strong><\/li>\n\n\n\n<li><strong>Bei dem Fahrzeug handelte es sich um einem schwarzen PKW (mit KIB-Kennzeichen.) <\/strong><\/li>\n<\/ul>\n\n\n\n<p>Bei der sofortigen \u00dcberpr\u00fcfung durch die Polizei konnte der PKW nicht mehr angetroffen werden.<\/p>\n\n\n\n<h4 class=\"wp-block-heading\">Wir nehmen solche Meldungen immer sehr ernst. Deshalb suchen wir Zeugen:<\/h4>\n\n\n\n<ul>\n<li><strong>Wer hat den Sachverhalt beobachtet?<\/strong><\/li>\n\n\n\n<li><strong>Wer kann Hinweise zu dem Mann geben?<\/strong><\/li>\n\n\n\n<li><strong>Sachdienliche Hinweise nimmt die Dienststelle in Germersheim unter der Telefonnummer 07274 958-0 oder per E-Mail an&nbsp;<a href=\"mailto:%20pigermersheim@polizei.rlp.de\">pigermersheim@polizei.rlp.de<\/a>&nbsp;entgegen.<\/strong><\/li>\n<\/ul>\n\n\n\n<p>Meldungen dar\u00fcber, dass Kinder aus Fahrzeugen heraus oder sonst angesprochen werden, beunruhigen alle Eltern und Erziehungsverantwortlichen. Jedoch hat nicht jeder Fremde, der ein Kind anspricht, B\u00f6ses im Sinn.<\/p>\n\n\n\n<h4 class=\"wp-block-heading\">Folgende Ratschl\u00e4ge sollten Sie beachten, wenn Kinder davon erz\u00e4hlen, dass sie von Fremden angesprochen wurden:<\/h4>\n\n\n\n<ul>\n<li><strong>Loben Sie Ihr Kind daf\u00fcr, dass es sich Ihnen anvertraut hat.<\/strong><\/li>\n\n\n\n<li><strong>Vermeiden Sie Ger\u00fcchte und beugen Sie somit einer Hysterie in Ihrer Nachbarschaft vor.<\/strong><\/li>\n\n\n\n<li><strong>Wir bitten Sie auf Basis von Ger\u00fcchten keine Falschinformationen zu verbreiten.<\/strong><\/li>\n\n\n\n<li><strong>Teilen Sie keine spekulativen Informationen \u00fcber soziale Netzwerke.<\/strong><\/li>\n\n\n\n<li><strong>Bitte vertrauen Sie bei Ihrer Meinungsbildung nur gesicherten Quellen. Gesicherte Informationen erhalten Sie von Ihrer Polizei unter&nbsp;<a href=\"https:\/\/s.rlp.de\/5vx\" target=\"_blank\" rel=\"noreferrer noopener\">https:\/\/s.rlp.de\/5vx<\/a>.<\/strong><\/li>\n\n\n\n<li><strong>Melden Sie den Vorfall der Polizei. \u00dcber den Polizeinotruf 110 erreichen Sie diese zu jeder Tages- und Nachtzeit.<\/strong><\/li>\n\n\n\n<li><strong>Bereiten Sie Ihre Kinder auf solche Situationen vor. Eltern sollten Verhaltensregeln f\u00fcr den Schulweg und die Freizeit festlegen.<\/strong><\/li>\n\n\n\n<li><strong>Schicken Sie Ihr Kind m\u00f6glichst nicht allein, sondern in kleinen Gruppen zusammen mit anderen Kindern zur Schule oder zum Spielplatz. Halten Sie es zur P\u00fcnktlichkeit an.<\/strong><\/li>\n<\/ul>\n\n\n\n<p>Wir nehmen Ihre \u00c4ngste ernst und sind stets f\u00fcr Sie ansprechbar. Melden Sie bitte jeden verd\u00e4chtigen Sachverhalt sofort bei Ihrer Polizeidienststelle oder \u00fcber Notruf. Nur so k\u00f6nnen wir auch Ermittlungen aufnehmen. Denn wir k\u00fcmmern uns und gehen jedem Hinweis nach. Auf der Internetseite der polizeilichen Kriminalpr\u00e4vention&nbsp;<a href=\"https:\/\/www.polizei-beratung.de\/\" target=\"_blank\" rel=\"noreferrer noopener\">www.polizei-beratung.de<\/a>&nbsp;finden Sie weitere umfangreiche Informationen zu diesem Thema.<\/p>\n\n\n\n<h2 class=\"wp-block-heading\">(H\u00f6rdt) &#8211; Trunkenheitsfahrt<\/h2>\n\n\n\n<p>Am Sonntagfr\u00fch, gegen 03:00 Uhr, wurde eine 36-j\u00e4hrige Fahrzeugf\u00fchrerin aus R\u00fclzheim auf der L552 zwischen H\u00f6rdt und Sondernheim nach Zeugenhinweisen bez\u00fcglich einer auff\u00e4lligen Fahrweise einer Verkehrskontrolle unterzogen. Bei der Frau konnte eine deutliche Alkoholisierung ausgemacht werden. Die Weiterfahrt wurde ihr untersagt. Sie war nicht in der Lage, einen Atemalkoholtest durchzuf\u00fchren. Die Frau wurde zwecks Entnahme einer Blutprobe mit auf die Dienststelle genommen. Sie erwartet nun ein Strafverfahren wegen Trunkenheit im Verkehr.<\/p>\n\n\n\n<h2 class=\"wp-block-heading\">(Neuburg) &#8211; Versuchte r\u00e4uberische Erpressung<\/h2>\n\n\n<div class=\"wp-block-image\">\n<figure class=\"aligncenter size-full\"><img decoding=\"async\" loading=\"lazy\" width=\"800\" height=\"479\" src=\"https:\/\/speyer24news.com\/wp-content\/uploads\/2020\/04\/pistol-2948729_1920.jpg\" alt=\"\" class=\"wp-image-26577\" srcset=\"https:\/\/speyer24news.com\/wp-content\/uploads\/2020\/04\/pistol-2948729_1920.jpg 800w, https:\/\/speyer24news.com\/wp-content\/uploads\/2020\/04\/pistol-2948729_1920-300x180.jpg 300w, https:\/\/speyer24news.com\/wp-content\/uploads\/2020\/04\/pistol-2948729_1920-768x460.jpg 768w\" sizes=\"(max-width: 800px) 100vw, 800px\" \/><\/figure><\/div>\n\n\n<p>Am Abend des 06.04.2024, gegen 23:00 Uhr hielten sich mehrere Jugendliche im Bereich des Sportplatzes in Neuburg am Rhein auf. Zu diesem Zeitpunkt seien zwei vermummte Personen dazugekommen. Einer der Beiden habe die Jugendlichen mit einer vermeintlichen Schusswaffe bedroht, einmal in die Luft geschossen und die Herausgabe von Wertgegenst\u00e4nden gefordert. Zwischenzeitlich betrat der zweite T\u00e4ter ein dortiges Firmengel\u00e4nde und suchte dort nach Wertgegenst\u00e4nden. Da weder auf dem Firmengel\u00e4nde noch bei den Jugendlichen Wertgegenst\u00e4nde aufzufinden waren, entfernten sich die T\u00e4ter mit einem PKW von der \u00d6rtlichkeit. <\/p>\n\n\n\n<ul>\n<li><strong>Zeugen werden gebeten sich an die Polizeiinspektion W\u00f6rth per E-Mail&nbsp;<a href=\"mailto:%20piwoerth@polizei.rlp.de\">piwoerth@polizei.rlp.de<\/a>&nbsp;oder per Telefon unter 0727192210 zu wenden.<\/strong><\/li>\n<\/ul>\n\n\n\n<h2 class=\"wp-block-heading\">(Schweighofen) &#8211; Postbotin von Hund gebissen<\/h2>\n\n\n\n<p>Im Rahmen einer Zustellung am 06.04.2024 gegen 14:00 Uhr klingelte die Postbotin am Anwesen. Beim \u00d6ffnen der T\u00fcre gelang es dem Sch\u00e4ferhund durch einen kleinen Spalt am Besitzer vorbeizukommen. Das Tier verbiss sich anschlie\u00dfend im Bein der Postbotin. Diese musste durch den Rettungsdienst versorgt werden und wurde zur weiteren medizinischen Behandlung in ein umliegendes Krankenhaus verbracht.<\/p>\n\n\n\n<h2 class=\"wp-block-heading\">(Bad Bergzabern) &#8211; Radfahrerin bei Unfall verletzt<\/h2>\n\n\n\n<p>Am 05.04.2024 gegen 16:45 Uhr befuhr ein 76-j\u00e4hriger PKW-Fahrer die Petronellastra\u00dfe in Bad Bergzabern. Zum selben Zeitpunkt befuhr eine 23-j\u00e4hrige Pedelec-Fahrerin die Stauffenbergstra\u00dfe in Richtung Petronellastra\u00dfe. An der Kreuzung missachtete die Radfahrerin die Vorfahrt des von rechts kommenden PKW-Fahrers, indem sie ungebremst in diese einfuhr. Es kam zum Zusammensto\u00df, wodurch die Radfahrerin st\u00fctzte und sich am Kopf verletzte. Einen Helm trug die Frau nicht. Sie wurde im Anschluss in ein umliegendes Krankenhaus eingeliefert.<\/p>\n\n\n\n<p><strong>Die meisten schweren Kopfverletzungen beim Radfahren k\u00f6nnten sich durch das Tragen eines Helms vermeiden lassen. Die Polizei empfiehlt daher immer mit Fahrradhelm zu fahren. Mehr Informationen zum Thema erhalten Sie unter\u00a0<a href=\"https:\/\/www.ich-trag-helm.de\/\" target=\"_blank\" rel=\"noreferrer noopener\">www.ich-trag-helm.de<\/a>.<\/strong><\/p>\n\n\n\n<h2 class=\"wp-block-heading\">(Billigheim-Ingenheim) &#8211; Schwerer Unfall mit Motorrad I<\/h2>\n\n\n\n<p>Am 06.04.2024 befuhr gegen 10:40 Uhr ein 48-j\u00e4hriger Mercedes-Fahrer die Gartenstra\u00dfe in Billigheim-Ingenheim in Fahrtrichtung L544. An der dortigen Einm\u00fcndung fuhr er geradeaus weiter in Richtung Wirtschaftsweg. Hierbei \u00fcbersah er einen bevorrechtigten 60-j\u00e4hrigen Motorradfahrer sowie dessen 47-j\u00e4hrige Sozia. Bei der anschlie\u00dfenden Kollision wurde der 60-J\u00e4hrige schwer, aber nicht lebensgef\u00e4hrlich verletzt. Die 47-J\u00e4hrige wurde leicht verletzt. Beide wurden zur weiteren Behandlung in ein umliegendes Krankenhaus verbracht. Auch war ein Rettungshubschrauber im Einsatz. Die Gesamtschadensh\u00f6he bel\u00e4uft sich auf circa 15.000 Euro. Beide Fahrzeuge waren nicht mehr fahrbereit und mussten abgeschleppt werden. Die L544 musste f\u00fcr circa 30 Minuten voll gesperrt werden. Hierdurch kam es zu geringen Verkehrsbeeintr\u00e4chtigungen. Der Mercedes-Fahrer wird sich nun in einem Strafverfahren wegen fahrl\u00e4ssiger K\u00f6rperverletzung verantworten m\u00fcssen.<\/p>\n\n\n\n<h2 class=\"wp-block-heading\">(Landau) &#8211; Ehrlicher Finder<\/h2>\n\n\n\n<p>Am Samstag wurden bei der Polizei Landau Bargeld in H\u00f6he eines mittleren dreistelligen Betrages als Fundsache abgegeben. Das in einem Briefumschlag befindliche Bargeld wurde in der Eckenerstra\u00dfe aufgefunden und wurde wohl zwischen 10 Uhr und 11:15 Uhr verloren. Der Verlierer ist bisher unbekannt.<\/p>\n\n\n\n<h2 class=\"wp-block-heading\">(Landau) &#8211; Au\u00dfenspiegel abgetreten \/ Zeugen gesucht<\/h2>\n\n\n\n<p>In der Nacht vom 05.04.2024 auf den 06.04.2024 wurde durch unbekannte T\u00e4ter an einem geparkten PKW der Marke Mitsubishi in der Vogesenstra\u00dfe in Landau ein Au\u00dfenspiegel abgetreten. Die Schadensh\u00f6he betr\u00e4gt circa 500 Euro. Ein Strafverfahren wegen Sachbesch\u00e4digung wurde eingeleitet und die Ermittlungen aufgenommen. <\/p>\n\n\n\n<ul>\n<li><strong>Die Polizei bittet Zeugen, die Hinweise zu der Tat oder dem T\u00e4ter geben k\u00f6nnen sich per Email an&nbsp;<a href=\"mailto:%20pilandau@polizei.rlp.de\">pilandau@polizei.rlp.de<\/a>&nbsp;oder telefonisch unter 06341-287-0 bei der Polizeiinspektion Landau zu melden.<\/strong><\/li>\n<\/ul>\n\n\n\n<h2 class=\"wp-block-heading\">(Landau) &#8211; H\u00e4tte sie besser mal das Licht angemacht&#8230;<\/h2>\n\n\n\n<p>&#8230; dann w\u00e4re sie vielleicht auch nicht kontrolliert worden. Am 05.04.2024 fiel einer Streifenwagenbesatzung der Polizeiinspektion Landau gegen 21:25 Uhr ein PKW VW auf, welcher ohne eingeschaltete Beleuchtung die Horststra\u00dfe in Landau befuhr. Bei einer anschlie\u00dfenden Kontrolle stellte sich heraus, dass die 27-j\u00e4hrige Fahrerin nicht im Besitz einer g\u00fcltigen Fahrerlaubnis war. Die Weiterfahrt wurde untersagt und ein Strafverfahren wegen des Fahrens ohne Fahrerlaubnis eingeleitet.<\/p>\n\n\n\n<h2 class=\"wp-block-heading\">(A 65 \/ Landau) &#8211; Vollsperrung nach Unfallflucht \/ Zeugen gesucht<\/h2>\n\n\n<div class=\"wp-block-image\">\n<figure class=\"aligncenter size-full\"><img decoding=\"async\" loading=\"lazy\" width=\"800\" height=\"600\" src=\"https:\/\/speyer24news.com\/wp-content\/uploads\/2021\/06\/Unfall-Polizei.jpg\" alt=\"\" class=\"wp-image-38279\" srcset=\"https:\/\/speyer24news.com\/wp-content\/uploads\/2021\/06\/Unfall-Polizei.jpg 800w, https:\/\/speyer24news.com\/wp-content\/uploads\/2021\/06\/Unfall-Polizei-300x225.jpg 300w, https:\/\/speyer24news.com\/wp-content\/uploads\/2021\/06\/Unfall-Polizei-768x576.jpg 768w, https:\/\/speyer24news.com\/wp-content\/uploads\/2021\/06\/Unfall-Polizei-678x509.jpg 678w, https:\/\/speyer24news.com\/wp-content\/uploads\/2021\/06\/Unfall-Polizei-326x245.jpg 326w, https:\/\/speyer24news.com\/wp-content\/uploads\/2021\/06\/Unfall-Polizei-80x60.jpg 80w\" sizes=\"(max-width: 800px) 100vw, 800px\" \/><\/figure><\/div>\n\n\n<p>Am Freitagmorgen, den 05.04.24 gegen 08:30 Uhr befuhr ein bislang unbekannter Unfallverursacher vermutlich mit seinem LKW die A65 in Fahrtrichtung Ludwigshafen. In der Ausfahrt Landau-Dammheim kam der Unfallverursacher nach rechts von der Fahrbahn ab und entfernte sich anschlie\u00dfend von der Unfall\u00f6rtlichkeit. Hierdurch entstand an Schutzplanke sowie der Bankette Sachschaden in H\u00f6he von ca. 1500EUR. Aufgrund der aufgewirbelten Erde musste eine Fahrbahnreinigung erfolgen. Hierbei musste die Fahrbahn zeitweise gesperrt werden.<\/p>\n\n\n\n<ul>\n<li><strong>Hinweise zu dem Verkehrsunfall oder dem bislang unbekannten Unfallverursacher nimmt die Polizei Edenkoben unter 06323 9550 oder\u00a0<a href=\"mailto:%20piedenkoben@polizei.rlp.de\">piedenkoben@polizei.rlp.de<\/a>\u00a0entgegen.<\/strong><\/li>\n<\/ul>\n\n\n\n<h2 class=\"wp-block-heading\">(Albersweiler) &#8211; Schwerer Unfall mit Kraftrad II<\/h2>\n\n\n\n<p>Am 06.04.2024 befuhr gegen 21:10 Uhr ein 16-j\u00e4hriger Fahrer eines Leichtkraftrades die L507 von Frankweiler in Richtung Albersweiler. In einer Linkskurve verlor er aufgrund nicht angepasster Geschwindigkeit die Kontrolle \u00fcber sein Gef\u00e4hrt, kam nach rechts von der Fahrbahn ab und st\u00fcrzte. Er wurde durch den Sturz schwer verletzt und wurde zur weiteren Behandlung in ein umliegendes Krankenhaus verbracht. Die Schadensh\u00f6he betr\u00e4gt circa 100 Euro. Er wird sich nun auf ein Bu\u00dfgeld in H\u00f6he von 145 Euro sowie einen Punkt in der Verkehrss\u00fcnderdatei einstellen m\u00fcssen.<\/p>\n\n\n\n<h2 class=\"wp-block-heading\">(B 48 \/ Wellbachtal) &#8211; Schwerer Unfall mit Motorrad III<\/h2>\n\n\n\n<p>Am 06.04.2024 befuhr gegen 13:20 Uhr ein 22-j\u00e4hriger Motorradfahrer die B48 vom Johanniskreuz in Richtung Rinnthal. Kurz vor der Abfahrt Hofst\u00e4tten streifte er aufgrund nicht angepasster Geschwindigkeit die rechte Schutzplanke und wurde bei dem folgenden Sturz in den Gr\u00fcnstreifen geschleudert. Der 22-J\u00e4hrige wurde durch den Unfall schwer, aber nicht lebensgef\u00e4hrlich verletzt. Er wurde mittels Rettungshubschrauber in ein umliegendes Krankenhaus verbracht. Die Schadensh\u00f6he betr\u00e4gt circa 2000 Euro. Er wird sich nun auf ein Bu\u00dfgeld in H\u00f6he von 145 Euro sowie einen Punkt in der Verkehrss\u00fcnderdatei einstellen m\u00fcssen.<\/p>\n\n\n\n<h2 class=\"wp-block-heading\">(Edenkoben) &#8211; Verkehrsunfall mit Leichtverletzten<a href=\"https:\/\/www.facebook.com\/sharer.php?u=https%3A%2F%2Fwww.presseportal.de%2Fblaulicht%2Fpm%2F117686%2F5751230%2F%3Futm_source%3Dfacebook%26utm_medium%3Dsocial\"><\/a><a href=\"https:\/\/twitter.com\/intent\/tweet?text=POL-PDLD%3A%20Verkehrsunfall%20mit%20Leichtverletzten&amp;url=https%3A%2F%2Fwww.presseportal.de%2Fblaulicht%2Fpm%2F117686%2F5751230%2F%3Futm_source%3Dtwitter%26utm_medium%3Dsocial&amp;hashtags=ots&amp;lang=de\"><\/a><a href=\"https:\/\/web.whatsapp.com\/send?text=POL-PDLD%3A%20Verkehrsunfall%20mit%20Leichtverletzten%0A%0Ahttps%3A%2F%2Fwww.presseportal.de%2Fblaulicht%2Fpm%2F117686%2F5751230%2F%3Futm_source%3Dwhatsapp%26utm_medium%3Dsocial\"><\/a><a href=\"https:\/\/www.xing.com\/app\/user?op=share;url=https%3A%2F%2Fwww.presseportal.de%2Fblaulicht%2Fpm%2F117686%2F5751230%2F%3Futm_source%3Dxing%26utm_medium%3Dsocial\"><\/a><a href=\"http:\/\/www.linkedin.com\/shareArticle?mini=true&amp;url=https%3A%2F%2Fwww.presseportal.de%2Fblaulicht%2Fpm%2F117686%2F5751230%2F%3Futm_source%3Dlinkedin%26utm_medium%3Dsocial&amp;title=POL-PDLD%3A+Verkehrsunfall+mit+Leichtverletzten\"><\/a><a href=\"mailto:?subject=POL-PDLD%3A%20Verkehrsunfall%20mit%20Leichtverletzten&amp;body=https:\/\/www.presseportal.de\/blaulicht\/pm\/117686\/5751230\"><\/a><\/h2>\n\n\n\n<p>Am Samstagmittag, den 06.04.24 gegen 13:20 Uhr wurden bei einem Verkehrsunfall im Einm\u00fcndungsbereich der K6 und der A65 &#8211; Anschlussstelle Edenkoben zwei Personen leicht verletzt. Beim Linksabbiegen von der K6 auf die A65 in Fahrtrichtung Karlsruhe \u00fcbersah der 29-j\u00e4hrige Unfallverursacher eine entgegenkommende 37-j\u00e4hrige Autofahrerin, weshalb es zum Zusammensto\u00df der beiden Autos kam. Zwei leicht verletzte Insassen wurden in umliegende Krankenh\u00e4user verbracht. Da beide Autos nicht mehr fahrbereit waren, mussten diese abgeschleppt werden. Der entstandene Sachschaden bel\u00e4uft sich auf ca. 9000EUR.<\/p>\n\n\n\n<h2 class=\"wp-block-heading\">(Edenkoben) &#8211; Alkoholisierter Randalierer<\/h2>\n\n\n<div class=\"wp-block-image\">\n<figure class=\"aligncenter size-full\"><img decoding=\"async\" loading=\"lazy\" width=\"800\" height=\"600\" src=\"https:\/\/speyer24news.com\/wp-content\/uploads\/2019\/06\/Ausn\u00fcchterungszelle.jpg\" alt=\"\" class=\"wp-image-15212\" srcset=\"https:\/\/speyer24news.com\/wp-content\/uploads\/2019\/06\/Ausn\u00fcchterungszelle.jpg 800w, https:\/\/speyer24news.com\/wp-content\/uploads\/2019\/06\/Ausn\u00fcchterungszelle-300x225.jpg 300w, https:\/\/speyer24news.com\/wp-content\/uploads\/2019\/06\/Ausn\u00fcchterungszelle-768x576.jpg 768w, https:\/\/speyer24news.com\/wp-content\/uploads\/2019\/06\/Ausn\u00fcchterungszelle-678x509.jpg 678w, https:\/\/speyer24news.com\/wp-content\/uploads\/2019\/06\/Ausn\u00fcchterungszelle-326x245.jpg 326w, https:\/\/speyer24news.com\/wp-content\/uploads\/2019\/06\/Ausn\u00fcchterungszelle-80x60.jpg 80w\" sizes=\"(max-width: 800px) 100vw, 800px\" \/><figcaption class=\"wp-element-caption\">Beispielbild Zelle \/ Verhaftung, dient lediglich der Visualisierung<\/figcaption><\/figure><\/div>\n\n\n<p>Am Samstagmittag, den 06.04.24 gegen 12:20 Uhr randalierte ein alkoholisierter 19-J\u00e4hriger im Einm\u00fcndungsbereich der Bahnhofstra\u00dfe und der Staatsstra\u00dfe in Edenkoben. Hierbei schrie der Heranwachsende lautstark und trat gegen die in der Bahnhofstra\u00dfe geparkten Fahrzeuge. Nach derzeitigem Ermittlungsstand wurden keine Fahrzeuge besch\u00e4digt. Da sich der 19-J\u00e4hrige in einer psychischen Ausnahmesituation befand, wurde er in eine Fachklinik verbracht.<\/p>\n\n\n\n<ul>\n<li><strong>M\u00f6gliche Zeugen, deren Fahrzeuge am Samstagmittag in der Bahnhofstra\u00dfe in Edenkoben abgestellt waren und nun Besch\u00e4digungen aufweisen, werden gebeten sich unter 06323 9550 oder&nbsp;<a href=\"mailto:%20piedenkoben@polizei.rlp.de\">piedenkoben@polizei.rlp.de<\/a>&nbsp;bei der Polizei Edenkoben zu melden.<\/strong><\/li>\n<\/ul>\n\n\n\n<h2 class=\"wp-block-heading\">(Edenkoben) &#8211; Berauscht mehrere Straftaten begangen und Widerstand geleistet<\/h2>\n\n\n<div class=\"wp-block-image\">\n<figure class=\"aligncenter size-full\"><img decoding=\"async\" loading=\"lazy\" width=\"800\" height=\"600\" src=\"https:\/\/speyer24news.com\/wp-content\/uploads\/2019\/06\/Ausn\u00fcchterungszelle.jpg\" alt=\"\" class=\"wp-image-15212\" srcset=\"https:\/\/speyer24news.com\/wp-content\/uploads\/2019\/06\/Ausn\u00fcchterungszelle.jpg 800w, https:\/\/speyer24news.com\/wp-content\/uploads\/2019\/06\/Ausn\u00fcchterungszelle-300x225.jpg 300w, https:\/\/speyer24news.com\/wp-content\/uploads\/2019\/06\/Ausn\u00fcchterungszelle-768x576.jpg 768w, https:\/\/speyer24news.com\/wp-content\/uploads\/2019\/06\/Ausn\u00fcchterungszelle-678x509.jpg 678w, https:\/\/speyer24news.com\/wp-content\/uploads\/2019\/06\/Ausn\u00fcchterungszelle-326x245.jpg 326w, https:\/\/speyer24news.com\/wp-content\/uploads\/2019\/06\/Ausn\u00fcchterungszelle-80x60.jpg 80w\" sizes=\"(max-width: 800px) 100vw, 800px\" \/><figcaption class=\"wp-element-caption\">Beispielbild Zelle \/ Verhaftung, dient lediglich der Visualisierung<\/figcaption><\/figure><\/div>\n\n\n<p>Nachdem ein 19-J\u00e4hriger aus dem Landkreis S\u00fcdliche Weinstra\u00dfe am Donnerstagabend, den 05.04.24 gegen 18:00 Uhr in der Edesheimer Stra\u00dfe in Edenkoben zun\u00e4chst einen Anwohner angep\u00f6belt hatte, schlug er einer schlichtenden Frau mit einem unbekannten Gegenstand gegen die linke Hand, wodurch diese leicht verletzt wurde. Weiterhin zerkratzte der 19-J\u00e4hrige ein geparktes Fahrzeug. Die genaue Schadensh\u00f6he ist bislang nicht bekannt. Der T\u00e4ter konnte schlie\u00dflich im Nahbereich festgestellt und festgenommen werden. Der alkoholisierte und augenscheinlich unter dem Einfluss berauschender Mittel stehende 19-J\u00e4hrige leistete im weiteren Verlauf Widerstand und versuchte einem Polizisten in die Hand zu bei\u00dfen. Die Polizisten blieben unverletzt. Nach der Entnahme einer Blutprobe zur Feststellung der Schuldf\u00e4higkeit wurde der 19-J\u00e4hrige schlie\u00dflich einer psychiatrischen Einrichtung zugef\u00fchrt. Er muss sich nun wegen mehreren Straftaten verantworten.<\/p>\n\n\n\n<h2 class=\"wp-block-heading\">(Ha\u00dfloch) &#8211; Gro\u00dfkontrolle bei Tuning-Veranstaltung<a href=\"https:\/\/www.facebook.com\/sharer.php?u=https%3A%2F%2Fwww.presseportal.de%2Fblaulicht%2Fpm%2F117687%2F5751076%2F%3Futm_source%3Dfacebook%26utm_medium%3Dsocial\"><\/a><a href=\"https:\/\/twitter.com\/intent\/tweet?text=POL-PDNW%3A%20Gro%C3%9Fkontrolle%20bei%20Tuning-Veranstaltung&amp;url=https%3A%2F%2Fwww.presseportal.de%2Fblaulicht%2Fpm%2F117687%2F5751076%2F%3Futm_source%3Dtwitter%26utm_medium%3Dsocial&amp;hashtags=ots&amp;lang=de\"><\/a><a href=\"https:\/\/web.whatsapp.com\/send?text=POL-PDNW%3A%20Gro%C3%9Fkontrolle%20bei%20Tuning-Veranstaltung%0A%0Ahttps%3A%2F%2Fwww.presseportal.de%2Fblaulicht%2Fpm%2F117687%2F5751076%2F%3Futm_source%3Dwhatsapp%26utm_medium%3Dsocial\"><\/a><a href=\"https:\/\/www.xing.com\/app\/user?op=share;url=https%3A%2F%2Fwww.presseportal.de%2Fblaulicht%2Fpm%2F117687%2F5751076%2F%3Futm_source%3Dxing%26utm_medium%3Dsocial\"><\/a><a href=\"http:\/\/www.linkedin.com\/shareArticle?mini=true&amp;url=https%3A%2F%2Fwww.presseportal.de%2Fblaulicht%2Fpm%2F117687%2F5751076%2F%3Futm_source%3Dlinkedin%26utm_medium%3Dsocial&amp;title=POL-PDNW%3A+Gro%C3%9Fkontrolle+bei+Tuning-Veranstaltung\"><\/a><a href=\"mailto:?subject=POL-PDNW%3A%20Gro%C3%9Fkontrolle%20bei%20Tuning-Veranstaltung&amp;body=https:\/\/www.presseportal.de\/blaulicht\/pm\/117687\/5751076\"><\/a><\/h2>\n\n\n\n<p>Am Samstag Nachmittag fanden sich bei sch\u00f6nstem Wetter ca. 200 Fahrzeuge der Tuning-Szene im Gewerbegebiet Nord in Ha\u00dfloch auf mehreren Parkpl\u00e4tzen und im \u00f6ffentlichen Verkehr ein. Durch das hohe Besucheraufkommen und die zur Schau gestellten Fahrzeuge kam es zeitweise zu erheblichen Beeintr\u00e4chtigungen des Flie\u00dfverkehrs und vereinzelten B\u00fcrgerbeschwerden. Die Polizei legte bei ihren Kontrollen ihren Fokus auf die \u00dcberpr\u00fcfung verbotener technischer Ver\u00e4nderungen an den Fahrzeugen und der Fahrtauglichkeit der Fahrer.<\/p>\n\n\n\n<p>Insgesamt ist bei 24 Fahrzeugen die Betriebserlaubnis erloschen, wovon 2 aufgrund gravierender M\u00e4ngel sichergestellt wurden um gutachterlich gepr\u00fcft zu werden. Weiterhin wurden zahlreiche kleinere Verst\u00f6\u00dfe festgestellt und geahndet.<\/p>\n\n\n\n<p>Ein 45-j\u00e4hriger Ha\u00dflocher wurde unter dem Einfluss von Bet\u00e4ubungsmitteln fahrend angetroffen. Er musste zur Blutentnahme. Des weiteren wurde bei ihm Bet\u00e4ubungsmittel und eine waffenscheinpflichtige Waffe sichergestellt.<\/p>\n\n\n\n<p>Insgesamt verlief die Veranstaltung aus polizeilicher Sicht friedlich.<\/p>\n\n\n\n<h2 class=\"wp-block-heading\">(Ha\u00dfloch) &#8211; Unfall unter Alkoholeinfluss<\/h2>\n\n\n\n<p>Am Freitag Abend gegen 20:50 Uhr wurde die Polizei Ha\u00dfloch zu einem Einsatz mit einem gest\u00fcrzten Radfahrer gerufen. Schnell stellte sich heraus, was Ursache des Sturzes sein k\u00f6nnte &#8211; die Beamten stellten deutlichen Alkoholgeruch fest. Aufgrund seiner Verletzungen wurde der Radfahrer, ein 41-j\u00e4hriger Ha\u00dflocher, in ein Krankenhaus eingeliefert, wo ihm ein Blutprobe entnommen wurde. Sein Vehikel wurde bei Anwohnern untergestellt.<\/p>\n\n\n\n<h2 class=\"wp-block-heading\">(Deidesheim) &#8211; Geschwindigkeitskontrollen<\/h2>\n\n\n\n<p>Am Freitag Vormittag f\u00fchrte die Polizei Ha\u00dfloch Geschwindigkeitskontrollen in Deidesheim durch. In der Zeit von 09:30 Uhr bis 10 Uhr wurde der &#8222;neue&#8220; verkehrsberuhigte Bereich H\u00f6he Schlossstra\u00dfe kontrolliert. Hier wurden zwei Verkehrsteilnehmer verwarnt, die h\u00f6chste Geschwindigkeit waren 26 km\/h. In der Zeit von 10:15 Uhr bis 11:00 Uhr wurde in der Appengasse H\u00f6he Kindergarten kontrolliert. Hier ist die Geschwindigkeit auf 30 km\/h festgelegt. Im o.g. Zeitraum wurden hier 13 Verst\u00f6\u00dfe festgestellt, H\u00f6chstgeschwindigkeit hier waren 53 km\/h. Dar\u00fcber hinaus wurde ein 38-j\u00e4hriger aus Forst kontrolliert, der mit 0,72 Promille deutlich zu viel getrunken hatte. Sein Fahrzeugschl\u00fcssel wurde sichergestellt und ein Ordnungswidrigkeitenverfahren eingeleitet.<\/p>\n\n\n\n<h2 class=\"wp-block-heading\">(Kleinkarlbach) &#8211; Verkehrsunfallflucht \/ Zeugen gesucht!<\/h2>\n\n\n\n<p>Der 27-j\u00e4hrige Gesch\u00e4digte stellte seinen PKW am 04.04.2024 um 18:30 Uhr in der Stra\u00dfe &#8222;Am Kelleracker&#8220; in 67271 Kleinkarlbach rechtsseitig in Fahrtrichtung Hauptstra\u00dfe am Fahrbahnrand ab. Als er am 06.04.2024 um 08:00 Uhr losfahren wollte, bemerkte er Besch\u00e4digungen an der Frontsto\u00dfstange links. Der unbekannte Unfallverursacher touchierte den PKW des Gesch\u00e4digten vermutlich beim Vorbeifahren und entfernte sich daraufhin unerlaubt von der Unfall\u00f6rtlichkeit. Am Fahrzeug des 27-J\u00e4hrigen entstand ein Sachschaden in H\u00f6he von ca. 400 Euro. Die Ermittlungen dauern an. Falls Sie Hinweise zur Tat oder zum Tathergang haben, melden Sie sich bitte bei der Polizeiinspektion Gr\u00fcnstadt.<\/p>\n\n\n\n<h2 class=\"wp-block-heading\">(Gro\u00dfkarlbach) &#8211; Verkehrsunfall mit Personenschaden<\/h2>\n\n\n\n<p>Am Freitag, den 05.04.2024 um 19:35 Uhr, kam es auf der L520 zwischen Bissersheim und Gro\u00dfkarlbach zu einem Frontalzusammensto\u00df zwischen einem Motorradfahrer und einem PKW. Der 23-j\u00e4hrige Motorradfahrer befuhr hinter einem Linienbus die L520 in Fahrtrichtung Bissersheim, wo er den vor ihm befindlichen Linienbus \u00fcberholen wollte. Er \u00fcbersah dabei einen entgegenkommenden PKW, mit welchen er kollidierte. Der 23-j\u00e4hrige Motorradfahrer wurde durch die Kollision etwa 10 bis 15 Meter weit \u00fcber den entgegenkommenden PKW geschleudert und war f\u00fcr kurze Zeit bewusstlos. Die Fahrerin des PKWs blieb unverletzt, ihre 7-J\u00e4hrige Tochter wurde hingegen durch einen ausgel\u00f6sten Airbag leicht am Hals verletzt. An beiden Fahrzeugen entstand Totalschaden. Im Rahmen der Unfallaufnahme konnten die Polizeibeamten der Polizeiinspektion Gr\u00fcnstadt feststellen, dass der Motorradfahrer nicht im Besitz einer g\u00fcltigen Fahrerlaubnis ist. Zudem war ein falsches und nicht zugelassenes Kennzeichen an dem Motorrad befestigt. Der verletzte Motorradfahrer wurde im Anschluss der Unfallaufnahme in eines der umliegenden Krankenh\u00e4user verbracht. Ihn erwartet nun ein Strafverfahren wegen des Fahrens ohne Fahrerlaubnis, Urkundenf\u00e4lschung, Gef\u00e4hrdung des Stra\u00dfenverkehrs, Verst\u00f6\u00dfe gegen das Pflichtversicherungsgesetz und Kraftfahrzeugsteuergesetz sowie wegen fahrl\u00e4ssiger K\u00f6rperverletzung an der 7-J\u00e4hrigen.<\/p>\n\n\n\n<h2 class=\"wp-block-heading\">(Dirmstein) &#8211; Verkehrsunfall unter Drogeneinfluss<a href=\"https:\/\/www.facebook.com\/sharer.php?u=https%3A%2F%2Fwww.presseportal.de%2Fblaulicht%2Fpm%2F117687%2F5751229%2F%3Futm_source%3Dfacebook%26utm_medium%3Dsocial\"><\/a><a href=\"https:\/\/twitter.com\/intent\/tweet?text=POL-PDNW%3A%20Dirmstein%20-%20Verkehrsunfall%20unter%20Drogeneinfluss&amp;url=https%3A%2F%2Fwww.presseportal.de%2Fblaulicht%2Fpm%2F117687%2F5751229%2F%3Futm_source%3Dtwitter%26utm_medium%3Dsocial&amp;hashtags=ots&amp;lang=de\"><\/a><a href=\"https:\/\/web.whatsapp.com\/send?text=POL-PDNW%3A%20Dirmstein%20-%20Verkehrsunfall%20unter%20Drogeneinfluss%0A%0Ahttps%3A%2F%2Fwww.presseportal.de%2Fblaulicht%2Fpm%2F117687%2F5751229%2F%3Futm_source%3Dwhatsapp%26utm_medium%3Dsocial\"><\/a><a href=\"https:\/\/www.xing.com\/app\/user?op=share;url=https%3A%2F%2Fwww.presseportal.de%2Fblaulicht%2Fpm%2F117687%2F5751229%2F%3Futm_source%3Dxing%26utm_medium%3Dsocial\"><\/a><a href=\"http:\/\/www.linkedin.com\/shareArticle?mini=true&amp;url=https%3A%2F%2Fwww.presseportal.de%2Fblaulicht%2Fpm%2F117687%2F5751229%2F%3Futm_source%3Dlinkedin%26utm_medium%3Dsocial&amp;title=POL-PDNW%3A+Dirmstein+-+Verkehrsunfall+unter+Drogeneinfluss\"><\/a><a href=\"mailto:?subject=POL-PDNW%3A%20Dirmstein%20-%20Verkehrsunfall%20unter%20Drogeneinfluss&amp;body=https:\/\/www.presseportal.de\/blaulicht\/pm\/117687\/5751229\"><\/a><\/h2>\n\n\n\n<p>Am Samstag, den 06.04.2024 um 11:35 Uhr, kam es zu einem Verkehrsunfall an der Kreuzung der Heuchelheimer Stra\u00dfe und der Bahnhofstra\u00dfe in 67246 Dirmstein. Ein 19-j\u00e4hriger Fahrer eines Opels befuhr hierbei die Heuchelheimer Stra\u00dfe von Heuchelheim in Fahrtrichtung Obers\u00fclzen. An der Kreuzung zur Bahnhofstra\u00dfe in Dirmstein bog dieser nach links ab. W\u00e4hrend des Abbiegeborgangs \u00fcbersah er die entgegenkommende und bevorrechtigte 60-j\u00e4hrige Fahrerin eines VWs und kollidierte mit dieser. Durch den Verkehrsunfall wurde der 50-j\u00e4hrige Beifahrer des VWs leicht verletzt. An den Fahrzeugen entstand Sachschaden in H\u00f6he von etwa 4000 Euro. Die Polizeibeamten der Polizeiinspektion Gr\u00fcnstadt konnten im Laufe der Verkehrsunfallaufnahme Anzeichen auf einen Bet\u00e4ubungsmittelkonsum bei der 60-J\u00e4hrigen feststellen. Ein freiwillig durchgef\u00fchrter Drogenvortest verlief vor Ort positiv auf Amphetamine. Da die Beamten zudem feststellen mussten, dass ihr Fahrzeug nicht mehr versichert ist, wurde ihr Kennzeichen noch vor Ort entstempelt. Im Anschluss der Unfallaufnahme wurde die Frau zwecks Entnahme einer gerichtlich verwertbaren Blutprobe zur Polizeiinspektion nach Gr\u00fcnstadt verbracht. Im Rahmen einer Durchsuchung konnten die Beamten eine geringe Menge an Amphetaminen in der Handtasche der Frau auffinden und sicherstellen. Weiter wurde ihr F\u00fchrerschein sichergestellt. Gegen die Frau wurden nun mehrere Strafverfahren, u.a. wegen Stra\u00dfenverkehrsgef\u00e4hrdung, wegen des Versto\u00dfes gegen das Pflichtversicherungs- und das Bet\u00e4ubungsmittelgesetz eingeleitet.<\/p>\n\n\n\n<h2 class=\"wp-block-heading\">(Gerolsheim) &#8211; Verkehrsunfall mit Personenschaden<a href=\"https:\/\/www.facebook.com\/sharer.php?u=https%3A%2F%2Fwww.presseportal.de%2Fblaulicht%2Fpm%2F117687%2F5750930%2F%3Futm_source%3Dfacebook%26utm_medium%3Dsocial\"><\/a><a href=\"https:\/\/twitter.com\/intent\/tweet?text=POL-PDNW%3A%20Gerolsheim%20-%20Verkehrsunfall%20mit%20Personenschaden&amp;url=https%3A%2F%2Fwww.presseportal.de%2Fblaulicht%2Fpm%2F117687%2F5750930%2F%3Futm_source%3Dtwitter%26utm_medium%3Dsocial&amp;hashtags=ots&amp;lang=de\"><\/a><a href=\"https:\/\/web.whatsapp.com\/send?text=POL-PDNW%3A%20Gerolsheim%20-%20Verkehrsunfall%20mit%20Personenschaden%0A%0Ahttps%3A%2F%2Fwww.presseportal.de%2Fblaulicht%2Fpm%2F117687%2F5750930%2F%3Futm_source%3Dwhatsapp%26utm_medium%3Dsocial\"><\/a><a href=\"https:\/\/www.xing.com\/app\/user?op=share;url=https%3A%2F%2Fwww.presseportal.de%2Fblaulicht%2Fpm%2F117687%2F5750930%2F%3Futm_source%3Dxing%26utm_medium%3Dsocial\"><\/a><a href=\"http:\/\/www.linkedin.com\/shareArticle?mini=true&amp;url=https%3A%2F%2Fwww.presseportal.de%2Fblaulicht%2Fpm%2F117687%2F5750930%2F%3Futm_source%3Dlinkedin%26utm_medium%3Dsocial&amp;title=POL-PDNW%3A+Gerolsheim+-+Verkehrsunfall+mit+Personenschaden\"><\/a><a href=\"mailto:?subject=POL-PDNW%3A%20Gerolsheim%20-%20Verkehrsunfall%20mit%20Personenschaden&amp;body=https:\/\/www.presseportal.de\/blaulicht\/pm\/117687\/5750930\"><\/a><\/h2>\n\n\n\n<p>Am Freitag, den 05.04.2024 um 08:21 Uhr, kam es auf der Hauptstra\u00dfe in Gerolsheim zu einem Verkehrsunfall, bei welchem vier Personen leicht verletzt wurden. Ein 21-j\u00e4hriger Fahrer eines Opels befuhr hierbei mit drei weiteren Fahrzeuginsassen die Hauptstra\u00dfe in Gerolsheim in Fahrtrichtung He\u00dfheim und fuhr auf der falschen Fahrbahnseite auf den entgegenkommenden 52-j\u00e4hrigen Fahrer eines PKW der Marke Ford zu. Um dem Opel-Fahrer auszuweichen, schwenkte der Ford-Fahrer auf die von ihm aus linke Fahrbahnseite in Richtung eines Gr\u00fcnstreifens. Zeitgleich versuchte der Opel-Fahrer in den von ihm aus rechten Gr\u00fcnstreifen auszuweichen. Letztlich kam es vor dem Gr\u00fcnstreifen zum Frontalzusammensto\u00df beider Fahrzeuge. Beide Fahrzeuge waren nicht mehr fahrbereit und mussten abgeschleppt werden. Insgesamt wurden durch den Unfall vier Personen leicht verletzt.<\/p>\n\n\n\n<h2 class=\"wp-block-heading\">(Frankenthal) &#8211; Dritter Kontrolltag der Fahrradstreife<\/h2>\n\n\n\n<p>Auch am Freitag, den 05.04.2024, war die Fahrradstreife der Polizeiinspektion Frankenthal in ihrem Dienstgebiet f\u00fcr die Sicherheit der B\u00fcrgerinnen und B\u00fcrger unterwegs.<\/p>\n\n\n\n<p>An verschiedenen \u00d6rtlichkeiten in Frankenthal wurden durch die Fahrradstreife zur Erh\u00f6hung der Verkehrssicherheit zielgerichtete Kontrollen von Rad- und Autofahrern durchgef\u00fchrt.<\/p>\n\n\n\n<p>An einer Frankenthaler Schule wurde zur morgendlichen &#8222;Rushhour&#8220; zu Schulbeginn eine Schwerpunktkontrolle durchgef\u00fchrt. Hierbei wurden mit den zahlreichen &#8222;Elterntaxis&#8220; diverse verkehrserzieherische Gespr\u00e4che gef\u00fchrt.<\/p>\n\n\n\n<p>Im Verlauf des Kontrolltages wurden insgesamt 10 Fahrradfahrer festgestellt, die unzul\u00e4ssiger Weise den Geh- und Radweg in die falsche Fahrtrichtung befahren haben. Die Verkehrsverst\u00f6\u00dfe wurden entsprechend geahndet.<\/p>\n\n\n\n<p>Durch fahrradfahrende &#8222;Falschfahrer&#8220; kommt es regelm\u00e4\u00dfig zu gef\u00e4hrlichen Situation und Verkehrsunf\u00e4llen im Flie\u00dfverkehr. Daher ist es auch f\u00fcr Fahrradfahrer wichtig sich auf der richtigen Stra\u00dfenseite zu bewegen.<\/p>\n\n\n\n<p>Insgesamt zieht die Polizei Frankenthal eine positive Bilanz \u00fcber die vergangenen drei Kontrolltage. Mit vielen Verkehrsteilnehmern konnten konstruktive verkehrserzieherische Gespr\u00e4che gef\u00fchrt.<\/p>\n\n\n\n<h2 class=\"wp-block-heading\">(Ludwigshafen) &#8211; Fl\u00fcchtiger Verkehrsunfallbeteiligter unter Bet\u00e4ubungsmittel- und Alkoholeinfluss<\/h2>\n\n\n\n<p>Am Samstag (06.04.2024), gegen 17:42 Uhr, befuhr ein 59-J\u00e4hriger Mann mit seinem PKW den Brunnenweg in Fahrtrichtung Oggersheim. An der Kreuzung vom Brunnenweg und der Gronauer Stra\u00dfe missachtete der Mann die Vorfahrt des vom rechts kommenden 41-J\u00e4hrigen PKW-Fahrers, wodurch es im Kreuzungsbereich zum Unfall kam. Im Anschluss fl\u00fcchtete der Unfallverursacher vom Unfallort, wobei er laut Zeugen deutliche Schlangenlinien fuhr. Aufgrund einer guten Beschreibung des fl\u00fcchtigen Fahrzeugs und des Fahrers konnte der Mann letztlich an seiner Wohnanschrift durch die Polizei angetroffen werden. Dieser stand augenscheinlich unter dem Einfluss von Bet\u00e4ubungsmitteln und Alkohol. Dem Mann wurde eine Blutprobe entnommen und dessen F\u00fchrerschein sichergestellt. Der entstandene Sachschaden wird auf ca. 4000 Euro gesch\u00e4tzt.<\/p>\n\n\n\n<h2 class=\"wp-block-heading\">(Mannheim) &#8211; Kinderwagen ger\u00e4t in Brand \/ Sachschaden<\/h2>\n\n\n\n<p>Am Samstagabend gegen 18.30 Uhr meldeten Anwohner eine Rauchentwicklung in einem Wohngeb\u00e4ude in den I-Quadraten in Mannheim. Durch die Berufsfeuerwehr konnte im Treppenhaus des betroffenen Anwesens ein Brand festgestellt und unmittelbar gel\u00f6scht werden. Aus bislang unbekannter Ursache war ersten Ermittlungen zufolge ein dort abgestellter Kinderwagen in Brand geraten. Gl\u00fccklicherweise wurden bei den Zwischenfall keine Personen verletzt, sodass die zwei Rettungswagen sowie der vorsorglich verst\u00e4ndigte Notarztwagen die \u00d6rtlichkeit zeitnah wieder verlassen konnten. Die Feuerwehr Mannheim war mit zwei L\u00f6schz\u00fcgen vor Ort. Zur Brandursache k\u00f6nnen derzeit noch keine Aussagen getroffen werden. Die H\u00f6he des entstandenen Sachschaden l\u00e4sst sich noch nicht beziffern. Die weiteren Ermittlungen \u00fcbernimmt das Polizeirevier Mannheim-Innenstadt.<\/p>\n\n\n\n<h2 class=\"wp-block-heading\">(Mannheim-Waldhof) &#8211; Wohnungsbrand in der Wachtstra\u00dfe<\/h2>\n\n\n\n<p>In der Wachtstra\u00dfe in Mannheim-Waldhof brach am Samstag gegen 23:30 Uhr aus noch unbekannter Ursache ein Feuer in einer Wohnung in einem Mehrfamilienhaus aus. Feuerwehr und Polizei sind derzeit mit ihren Einsatzkr\u00e4ften vor Ort. Bislang gibt es keine Erkenntnisse \u00fcber Verletzte und die Brandursache.<\/p>\n\n\n\n<h3 class=\"wp-block-heading has-text-align-center\">Angebranntes Essen \/ Pressemeldung Nr. 2<\/h3>\n\n\n\n<p>Wie bereits berichtet kam es am 06.04.2024, gegen 23:30 Uhr zu einem Einsatz in der Wachtstra\u00dfe.&nbsp;<a href=\"https:\/\/www.presseportal.de\/blaulicht\/pm\/14915\/5751074\" target=\"_blank\" rel=\"noreferrer noopener\">www.presseportal.de\/blaulicht\/pm\/14915\/5751074<\/a>&nbsp;Nach derzeitigem Ermittlungsstand d\u00fcrfte angebranntes Essen die Ursache f\u00fcr den Einsatz gewesen sein. Zu einem Brandausbruch kam es nicht, allerdings war eine starke Rauchentwicklung im gesamten Haus festzustellen, so dass drei anwesenden Personen das Geb\u00e4ude verlassen mussten. Durch die Feuerwehr konnte die Ursache schnell beheben und das Geb\u00e4ude wurde ausgiebig gel\u00fcftet. Die Bewohner konnten nach Ende des Einsatzes zur\u00fcck in ihre Wohnungen. Die H\u00f6he des Sachschadens ist noch nicht bekannt. Im Rahmen des Brandes musste eine Katze aus dem Haus gerettet werden, die Ihren &#8222;Retter&#8220; jedoch biss. Die Bisswunde wurde vor Ort durch die Sanit\u00e4ter versorgt. Durch das Brandgeschehen wurden keine Personen verletzt.<\/p>\n\n\n\n<h2 class=\"wp-block-heading\">(Mannheim-Schwetzingerstadt) &#8211; Festnahme von zwei Fahrraddieben durch die Polizei<\/h2>\n\n\n\n<p>Am fr\u00fchen Freitagmorgen meldete sich um kurz nach 03:00 Uhr ein Zeuge bei der Polizei, da er zwei M\u00e4nner beobachtete, die sich in der Galileistra\u00dfe an den dort abgestellten Fahrr\u00e4dern mit einer &#8222;Schere&#8220; zu schaffen machte. Durch eine nur kurze Zeit sp\u00e4ter eintreffende Streife des Polizeireviers Mannheim-Innenstadt gingen die beiden mutma\u00dflichen Dieb sofort fl\u00fcchtig. Ein T\u00e4ter konnte nach kurzer fu\u00dfl\u00e4ufiger Verfolgung durch die Beamten festgenommen werden, dem zweiten Mann gelang zun\u00e4chst die Flucht. Im Rahmen der weiteren Fahndung konnte dieser jedoch durch eine weitere Funkwagenbesatzung festgestellt und kontrolliert werden. Nach derzeitigem Stand der Ermittlungen, haben der 24-j\u00e4hrige und der 30-j\u00e4hrige Mann versucht mit einem Bolzenschneider mindestens zwei Fahrr\u00e4der zu entwenden. Die M\u00e4nner m\u00fcssen sich nun wegen versuchten Fahrraddiebstahls verantworten.<\/p>\n\n\n\n<h2 class=\"wp-block-heading\">(Heidelberg) &#8211; Unbekannte t\u00e4uscht Kaufinteresse vor um zu betr\u00fcgen<\/h2>\n\n\n\n<p>Am Freitagnachmittag, gegen 15:25 Uhr, wurde die Inhaberin eines Radgesch\u00e4fts in der Pl\u00f6ck Opfer eines Trickbetrugs. Nach derzeitigem Ermittlungsstand brachte eine bislang unbekannte T\u00e4terin die Verk\u00e4uferin mittels eines sog. Wechselfallenschwindels derart durcheinander, dass die Gesch\u00e4digte der Unbekannten zwei 50-Euroscheine zu viel aush\u00e4ndigte.<\/p>\n\n\n\n<p>Die Unbekannte bezahlte Ware mit einem 200-Euroschein, das Wechselgeld monierte die Kundin, da die Geldscheine kleine Risse aufwiesen. Durch die anschlie\u00dfende Diskussion, mehrere Nachfragen und schlie\u00dflich die R\u00fcckgabe der Ware, da die Unbekannte nun doch kein Kaufinteresse mehr hatte, entstand eine f\u00fcr die Verk\u00e4uferin un\u00fcberschaubare Situation. Es handelte sich hierbei wohl um ein Ablenkungsman\u00f6ver, das dazu f\u00fchrte, dass letztendlich 100 Euro in der Kasse fehlten.<\/p>\n\n\n\n<h4 class=\"wp-block-heading\">Die T\u00e4terin kann wie folgt beschrieben werden:<\/h4>\n\n\n\n<ul>\n<li><strong>Ca. 45 Jahre<\/strong><\/li>\n\n\n\n<li><strong>ca. 162 cm gro\u00df<\/strong><\/li>\n\n\n\n<li><strong>braune, lange, zum Zopf gebundene Haare<\/strong><\/li>\n\n\n\n<li><strong>gepflegtes Erscheinungsbild<\/strong><\/li>\n\n\n\n<li><strong>Schmuck an H\u00e4nden und Handgelenk<\/strong><\/li>\n\n\n\n<li><strong>trug ein beiges T-Shirt und eine rostbraune Weste<\/strong><\/li>\n<\/ul>\n\n\n\n<ul>\n<li><strong>Personen, die Hinweise zu der Betr\u00fcgerin machen k\u00f6nnen, werden gebeten sich beim Polizeirevier Heidelberg-Mitte unter der Telefonnummer: 06221 18570 zu melden.<\/strong><\/li>\n<\/ul>\n\n\n\n<h2 class=\"wp-block-heading\">(B 3 \/ Leimen \/ Rhein-Neckar-Kreis) &#8211; Motorradfahrer flieht vor Polizei \/ Zeugen gesucht<\/h2>\n\n\n\n<p>Am Freitagnachmittag, gegen 16:30 Uhr, sollte ein 19-j\u00e4hriger Motorradfahrer in den Wein\u00e4ckern von Wiesloch einer Verkehrskontrolle unterzogen werden, als er die Flucht vor der Polizei ergriff, um sich der Kontrolle zu entziehen. Mit deutlich \u00dcberh\u00f6hter Geschwindigkeit fuhr er entlang der B3 in Fahrtrichtung Leimen. W\u00e4hrend seiner Flucht \u00fcberholte er unter anderem verbotswidrig vor ihm fahrende Fahrzeuge auf der rechten Fahrbahnseite und beschleunigte sein Motorrad auf zeitweise ca. 220km\/h. Zudem \u00fcberholte er ordnungsgem\u00e4\u00df fahrende Fahrzeuge und kam hierbei teilweise in den Gegenverkehr, sodass mehrere Fahrzeuge im Gegenverkehr nach rechts in den Gr\u00fcnstreifen ausweichen mussten und dadurch gef\u00e4hrdet wurden. Zu einer Kollision kam es nach derzeitigem Stand der Ermittlungen nicht. Bei der Abfahrt Nu\u00dfloch fuhr er mit ca. 150km\/h \u00fcber eine Sperrfl\u00e4che um eine gr\u00f6\u00dfere Fahrzeugschlange zu passieren. Im weiteren Verlauf wollte der Motorradfahrer die B3 \u00fcber die Ausfahrt Leimen verlassen. Aufgrund seiner \u00fcberh\u00f6hten und nicht angepassten Geschwindigkeit wurde er jedoch aus der Kurve getragen und fuhr geradeaus in die dortige B\u00f6schung. Hier rutsche er wegen des Untergrundes und eines Bremsman\u00f6vers weg und kam zu Fall. Durch die eingesetzten Beamten konnte er letztendlichfestgenommen werden. Bei der anschlie\u00dfenden Personalienfeststellung stellte sich heraus, dass der 19-J\u00e4hrige nicht im Besitz einer erforderlichen Fahrerlaubnis gewesen ist. Der F\u00fchrerschein des Beschuldigten wurde beschlagnahmt, das Motorrad wurde zum Zwecke der Einziehung sichergestellt und von einer Fachfirma abgeschleppt. Hinweise auf eine Alkohol- oder Drogenbeeinflussung ergaben sich nicht.<\/p>\n\n\n\n<ul>\n<li><strong>Im Zusammenhang mit der Flucht des 19-J\u00e4hrigen sucht die Polizei nach Zeugen und eventuell, durch das Fahrverhalten des Motorradfahrers, gesch\u00e4digte Verkehrsteilnehmer. Diese werden gebeten sich mit dem Verkehrsdienst Heidelberg unter der Telefonnummer 0621 174-4111 in Verbindung zu setzen.<\/strong><\/li>\n<\/ul>\n\n\n\n<h2 class=\"wp-block-heading\">(St. Leon-Rot \/ Rhein-Neckar-Kreis) &#8211; Kraftrad vs. Pkw \/ Eine Person leicht verletzt<\/h2>\n\n\n\n<p>Am Samstagmorgen gegen 11.45 Uhr kam es in der Reilinger Stra\u00dfe in St. Leon-Rot (OT St. Leon) zu einem Verkehrsunfall zwischen einem Kraftrad und einem Pkw, bei welchem eine Person leicht verletzt wurde. Die 29-j\u00e4hrige Fahrzeugf\u00fchrerin einer Yamaha, FZ8 RN25, befuhr zum besagten Zeitpunkt die Reilinger Stra\u00dfe in Fahrtrichtung Reilingen. Vermutlich in Folge Unachtsamkeit \u00fcbersah sie die an einem Fu\u00dfg\u00e4nger\u00fcberweg verkehrsbedingt vor ihr haltende, 34-j\u00e4hrige, Pkw-Lenkerin. In der Folge kam es zum Zusammensto\u00df beider Fahrzeuge, wobei sich die Krad-Fahrerin leichte Verletzungen zuzog. An der Yamaha entstand ein Sachschaden in H\u00f6he von ca. 2.500 Euro. An dem Suzuki Alto bel\u00e4uft sich der Sachschaden auf ca. 1.500 Euro. Die Unfallaufnahme erfolgte durch Beamte des Polizeireviers Wiesloch.<\/p>\n\n\n\n<h2 class=\"wp-block-heading\">(Sinsheim \/ Rhein-Neckar-Kreis) &#8211; Betrunkener randaliert auf Autohof<\/h2>\n\n\n\n<p>Am Samstagvormittag kam es zu einem Polizeieinsatz auf einem Autohof in Sinsheim. Dort hielt sich ein 23-J\u00e4hriger in der Raucherlounge auf und provozierte und beleidigte die anwesenden Personen. Als ihn daraufhin eine 37-J\u00e4hrige aufforderte sein Verhalten einzustellen, beleidigte er diese massiv und schlug ihr mit der Faust ins Gesicht. Die \u00fcbrigen anwesenden Personen gingen daraufhin sofort dazwischen und verhinderten dadurch weitere Schl\u00e4ge. Der 23-J\u00e4hrige fl\u00fcchtete daraufhin, wobei er beim Verlassen des Autohofs noch eine Porzellantasse zu Boden warf. Aufgrund der sofort eingeleiteten Fahndung, gelang es den Polizeikr\u00e4ften des Polizeireviers Sinsheim dem T\u00e4ter habhaft zu werden und ihn vorl\u00e4ufig festzunehmen. Bei einer \u00dcberpr\u00fcfung seines Atemalkohols stellte sich heraus, dass er fast 2 Promille hatte. Nachdem die polizeilichen Ma\u00dfnahmen beendet waren, hatte sich der Mann soweit beruhigt, dass man ihn wieder auf freien Fu\u00df setzten konnte. Nun erwartet ihn eine Anzeige wegen K\u00f6rperverletzung, Beleidigung und Sachbesch\u00e4digung.<\/p>\n\n\n\n<h2 class=\"wp-block-heading\">(Heddesheim \/ Rhein-Neckar-Kreis) &#8211; Fund einer Panzergranate \/ Einsatz des Kampfmittelbeseitigungsdienstes bei Sprengung<\/h2>\n\n\n<div class=\"wp-block-image\">\n<figure class=\"aligncenter size-full\"><img decoding=\"async\" loading=\"lazy\" width=\"800\" height=\"682\" src=\"https:\/\/speyer24news.com\/wp-content\/uploads\/2019\/07\/15.07.19-Duttweiler-Granate.jpg\" alt=\"\" class=\"wp-image-16278\" srcset=\"https:\/\/speyer24news.com\/wp-content\/uploads\/2019\/07\/15.07.19-Duttweiler-Granate.jpg 800w, https:\/\/speyer24news.com\/wp-content\/uploads\/2019\/07\/15.07.19-Duttweiler-Granate-300x256.jpg 300w, https:\/\/speyer24news.com\/wp-content\/uploads\/2019\/07\/15.07.19-Duttweiler-Granate-768x655.jpg 768w\" sizes=\"(max-width: 800px) 100vw, 800px\" \/><figcaption class=\"wp-element-caption\">Beispielbild einer Panzergranate aus dem 2 Weltkrieg, dient lediglich der Visualisierung.<\/figcaption><\/figure><\/div>\n\n\n<p>Am Samstagmittag gegen 11.30 Uhr wurde das Polizeirevier Ladenburg \u00fcber den Fund einer Panzergranate in einem Feldgebiet Nahe der K4236 und der L631 bei Heddesheim in Kenntnis gesetzt. Nach Inaugenscheinnahme durch den Kampfmittelbeseitigungsdienst Baden-W\u00fcrttemberg ist eine Sprengung der Granate von N\u00f6ten. Diese soll nach derzeitiger Planung in den fr\u00fchen Abendstunden des heutigen Tages stattfinden. Eine konkrete Gefahr f\u00fcr die Bev\u00f6lkerung besteht nach derzeitigem Kenntnisstand nicht. Bei einem festgelegten Sicherheitsradius von 150 Meter rund um die Fundstelle sind keine Geb\u00e4ude betroffen, weshalb durch die Sprengung auch keine Evakuierungsma\u00dfnahmen n\u00f6tig sind. Rund um die Auffindestelle kann es im Bereich der angrenzenden Felder ggfs. kurzfristig zu Verkehrssperrungen kommen. Neben der Gemeinde Heddesheim befinden sich Helfer der Freiwilligen Feuerwehr sowie Einsatzkr\u00e4fte des THW und der Polizei vor Ort. Es wird weiter berichtet.<\/p>\n\n\n\n<h3 class=\"wp-block-heading has-text-align-center\">Pressemeldung Nr. 2<\/h3>\n\n\n\n<p>Die Vorbereitungen zur Sprengung konnten schneller als zun\u00e4chst erwartet abgeschlossen werden. Aktuell finden noch letzte Koordinierungsma\u00dfnahmen in Bezug auf notwendige Stra\u00dfensperrungen statt. Im Anschluss daran wird die Granate sicher gesprengt. Es wird nachberichtet.<\/p>\n\n\n\n<h3 class=\"wp-block-heading has-text-align-center\">Pressemeldung Nr. 3<\/h3>\n\n\n\n<p>Die Sprengung wurde gegen 16.45 Uhr vollzogen. Es kam hierbei zu keinerlei besonderen Vorkommnissen. S\u00e4mtliche Verkehrssperrungen konnten bereits wieder aufgehoben werden. Es bestand zu keinem Zeitpunkt eine Gefahr f\u00fcr die umliegende Bev\u00f6lkerung.<\/p>\n\n\n\n<h2 class=\"wp-block-heading\">(Hirschberg-Gro\u00dfsachsen \/ Rhein-Neckar-Kreis) &#8211; Schreie und Schlagger\u00e4usche sorgen f\u00fcr Verwirrung<\/h2>\n\n\n<div class=\"wp-block-image\">\n<figure class=\"aligncenter size-full\"><img decoding=\"async\" loading=\"lazy\" width=\"500\" height=\"667\" src=\"https:\/\/speyer24news.com\/wp-content\/uploads\/2023\/11\/Lachen-Daemlich-Bloed.jpg\" alt=\"\" class=\"wp-image-56049\" srcset=\"https:\/\/speyer24news.com\/wp-content\/uploads\/2023\/11\/Lachen-Daemlich-Bloed.jpg 500w, https:\/\/speyer24news.com\/wp-content\/uploads\/2023\/11\/Lachen-Daemlich-Bloed-225x300.jpg 225w\" sizes=\"(max-width: 500px) 100vw, 500px\" \/><\/figure><\/div>\n\n\n<p>Eine Streife des Polizeireviers Weinheim wurde im Rahmen einer Verkehrskontrolle auf Wutschreie und Knallger\u00e4usche aus einem angrenzenden Geb\u00e4ude aufmerksam. Die Beamten, deren Interesse durch die seltsamen Ger\u00e4usche geweckt wurde, befragten die Bewohner des Geb\u00e4udes. Im schlimmsten Fall musste von einer Gewalttat ausgegangen werden.<\/p>\n\n\n\n<p>Erfreulicherweise konnte die Situation schnell gekl\u00e4rt werden. Eine Bewohnerin teilte mit, dass ihr Spr\u00f6ssling wenig Gl\u00fcck bei einem Videospiel hatte und daraufhin seinen Emotionen freien Lauf lie\u00df. Die Beamten wiesen auf die Au\u00dfenwirkung hin und konnten ihre Streifenfahrt im Anschluss fortsetzen.<\/p>\n","protected":false},"excerpt":{"rendered":"<div class=\"mh-excerpt\"><p>Polizeimeldungen vom Wochenende (06.04. &amp; 07.04.2024) (Speyer) &#8211; Gas mit Bremse verwechselt, erheblicher Sachschaden Am Samstag Abend gegen 22:00 Uhr versuchte eine 18 j\u00e4hrige BMW Fahrerin aus Ludwigshafen in der Unteren Langgasse r\u00fcckw\u00e4rts auszuparken. Dabei <a class=\"mh-excerpt-more\" href=\"https:\/\/speyer24news.com\/?p=59229\" title=\"Polizeimeldungen Wochenende (06.04. &#038; 07.04.24)\">[&#8230;]<\/a><\/p>\n<\/div>","protected":false},"author":3,"featured_media":26162,"comment_status":"open","ping_status":"open","sticky":false,"template":"","format":"standard","meta":{"_monsterinsights_skip_tracking":false,"_monsterinsights_sitenote_active":false,"_monsterinsights_sitenote_note":"","_monsterinsights_sitenote_category":0,"footnotes":""},"categories":[15659],"tags":[7273,7243,7244,10926,13554,350,14537,15084,15267,14538,15361,702,61,2555,14113,6955,6986,6263,63,105,11150,6987,53,13540,16956,4683,14958,9154,12967,2625,380],"aioseo_notices":[],"amp_enabled":true,"_links":{"self":[{"href":"https:\/\/speyer24news.com\/index.php?rest_route=\/wp\/v2\/posts\/59229"}],"collection":[{"href":"https:\/\/speyer24news.com\/index.php?rest_route=\/wp\/v2\/posts"}],"about":[{"href":"https:\/\/speyer24news.com\/index.php?rest_route=\/wp\/v2\/types\/post"}],"author":[{"embeddable":true,"href":"https:\/\/speyer24news.com\/index.php?rest_route=\/wp\/v2\/users\/3"}],"replies":[{"embeddable":true,"href":"https:\/\/speyer24news.com\/index.php?rest_route=%2Fwp%2Fv2%2Fcomments&post=59229"}],"version-history":[{"count":3,"href":"https:\/\/speyer24news.com\/index.php?rest_route=\/wp\/v2\/posts\/59229\/revisions"}],"predecessor-version":[{"id":59234,"href":"https:\/\/speyer24news.com\/index.php?rest_route=\/wp\/v2\/posts\/59229\/revisions\/59234"}],"wp:featuredmedia":[{"embeddable":true,"href":"https:\/\/speyer24news.com\/index.php?rest_route=\/wp\/v2\/media\/26162"}],"wp:attachment":[{"href":"https:\/\/speyer24news.com\/index.php?rest_route=%2Fwp%2Fv2%2Fmedia&parent=59229"}],"wp:term":[{"taxonomy":"category","embeddable":true,"href":"https:\/\/speyer24news.com\/index.php?rest_route=%2Fwp%2Fv2%2Fcategories&post=59229"},{"taxonomy":"post_tag","embeddable":true,"href":"https:\/\/speyer24news.com\/index.php?rest_route=%2Fwp%2Fv2%2Ftags&post=59229"}],"curies":[{"name":"wp","href":"https:\/\/api.w.org\/{rel}","templated":true}]}}