{"id":59246,"date":"2024-04-11T08:59:10","date_gmt":"2024-04-11T07:59:10","guid":{"rendered":"https:\/\/speyer24news.com\/?p=59246"},"modified":"2024-04-12T16:03:40","modified_gmt":"2024-04-12T15:03:40","slug":"polizeimeldungen-donnerstag-10-04-24","status":"publish","type":"post","link":"https:\/\/speyer24news.com\/?p=59246","title":{"rendered":"Polizeimeldungen Mittwoch (10.04.24)"},"content":{"rendered":"<style type=\"text\/css\">\r\n\t.ads_top_disp{}\r\n\t.ads_top_corner_disp{ float:left; margin:0px 10px 10px 0px; }\r\n\t.ads_first_p_disp{}\r\n\t.ads_bottom_disp{}\r\n\t<\/style>\n<h2 class=\"wp-block-heading\">Polizeimeldungen vom Mittwoch (10.04.2024)<\/h2>\n\n\n<div class=\"wp-block-image\">\n<figure class=\"aligncenter size-full\"><img decoding=\"async\" loading=\"lazy\" width=\"375\" height=\"500\" src=\"https:\/\/speyer24news.com\/wp-content\/uploads\/2022\/03\/Aktuelles-Polizeilogo.jpg\" alt=\"\" class=\"wp-image-43591\" srcset=\"https:\/\/speyer24news.com\/wp-content\/uploads\/2022\/03\/Aktuelles-Polizeilogo.jpg 375w, https:\/\/speyer24news.com\/wp-content\/uploads\/2022\/03\/Aktuelles-Polizeilogo-225x300.jpg 225w\" sizes=\"(max-width: 375px) 100vw, 375px\" \/><\/figure><\/div>\n\n\n<h2 class=\"wp-block-heading\">(B 9 \/ Speyer \/ Germersheim \/ W\u00f6rth &#8211; Falschfahrer auf der B9<\/h2>\n\n\n\n<p>Mittwochnacht, ab 02:20 Uhr meldeten mehrere Verkehrsteilnehmer einen Falschfahrer auf der B9 Richtungsfahrbahn Nord (Ludwigshafen\/Frankenthal), der in s\u00fcdliche Richtung (W\u00f6rth) fuhr. Der 81-j\u00e4hrige Fahrer wurde schlie\u00dflich durch Polizeikr\u00e4fte des Polizeipr\u00e4sidiums Karlsruhe im \u00dcbergangsbereich der Bundesstra\u00dfen 9\/10 gestoppt und von der Bundesstra\u00dfe geleitet werden. Am Fahrzeug des 81-J\u00e4hrigen, einem wei\u00dfen Citroen Kleinwagen, waren keine Sch\u00e4den festzustellen. Der F\u00fchrerschein und der Fahrzeugschl\u00fcssel wurden sichergestellt und gegen den Mann ein Verfahren wegen Stra\u00dfenverkehrsgef\u00e4hrdung eingeleitet.<\/p>\n\n\n\n<ul>\n<li><strong>Die Polizei bittet potentiell gesch\u00e4digte Verkehrsteilnehmer, die etwa einen beinahe Zusammensto\u00df mit dem PKW des 81-J\u00e4hrigen hatten oder einen Schaden durch ein Ausweichman\u00f6ver erlitten, sich telefonisch unter 06232 \/ 137-0 oder per Mail an&nbsp;<a href=\"mailto:%20pispeyer@polizei.rlp.de\">pispeyer@polizei.rlp.de<\/a>&nbsp;zu melden.<\/strong><\/li>\n<\/ul>\n\n\n\n<h2 class=\"wp-block-heading\">(Speyer) &#8211; Alleinunfall mit verletztem Motorradfahrer<\/h2>\n\n\n\n<p>Am Dienstag, kurz vor 20 Uhr, fuhr ein 16-J\u00e4hriger mit seinem Leichtkraftrad von der Dudenhofer Stra\u00dfe kommend auf die B39 in Richtung Dudenhofen, dort wollte er nach links auf die B9 in Richtung Germersheim auffahren. Bei der Ann\u00e4herung an die Ampel, schaltete diese gerade auf Rot. Bei der eingeleiteten Bremsung des Jugendlichen bet\u00e4tigte er die Vorderradbremse zu stark, sodass er nach vorne von seinem Leichtkraftrad abgeworfen wurde und sich das Leichtkraftrad selbst \u00fcberschlug. Der 16-J\u00e4hrige wurde am linken Unterschenkel verletzt und vom Rettungsdienst mit dem Verdacht einer Fraktur in ein Krankenhaus gebracht.<\/p>\n\n\n\n<h2 class=\"wp-block-heading\">(Speyer) &#8211; Unfall mit verletztem Rollerfahrer<\/h2>\n\n\n\n<p>Am Dienstag, kurz nach 15 Uhr, fuhr ein 17-j\u00e4hriger Rollerfahrer mit seinem Kleinkraftrad auf der Brunckstra\u00dfe und bog nach rechts in die Landwehrstra\u00dfe ein. Beim Abbiegevorgang verlor der 17-J\u00e4hrige aus ungekl\u00e4rter Ursache die Kontrolle \u00fcber sein Fahrzeug und st\u00fcrzte ohne Fremdeinwirkung. Bei dem Sturz verletzte sich der Jugendliche und klagte \u00fcber Schmerzen in den Beinen und des R\u00fcckens. Zum Unfallzeitpunkt trug er einen Helm. Aufgrund der Verletzungen wurde der Jugendliche durch den Rettungsdienst behandelt und f\u00fcr weitere Untersuchungen in ein Krankenhaus verbracht. Am Roller entstand ein Schaden in H\u00f6he von ca. 300 Euro. F\u00fcr die Unfallaufnahme musste der Fahrstreifen der Landwehrstra\u00dfe in Richtung Iggelheimer Stra\u00dfe gesperrt werden.<\/p>\n\n\n\n<h2 class=\"wp-block-heading\">(Speyer) &#8211; Enkeltrick mit hohem Schaden<\/h2>\n\n\n<div class=\"wp-block-image\">\n<figure class=\"aligncenter size-full\"><img decoding=\"async\" loading=\"lazy\" width=\"800\" height=\"588\" src=\"https:\/\/speyer24news.com\/wp-content\/uploads\/2021\/01\/Telefonbetrug.jpg\" alt=\"\" class=\"wp-image-32080\" srcset=\"https:\/\/speyer24news.com\/wp-content\/uploads\/2021\/01\/Telefonbetrug.jpg 800w, https:\/\/speyer24news.com\/wp-content\/uploads\/2021\/01\/Telefonbetrug-300x221.jpg 300w, https:\/\/speyer24news.com\/wp-content\/uploads\/2021\/01\/Telefonbetrug-768x564.jpg 768w, https:\/\/speyer24news.com\/wp-content\/uploads\/2021\/01\/Telefonbetrug-80x60.jpg 80w\" sizes=\"(max-width: 800px) 100vw, 800px\" \/><figcaption class=\"wp-element-caption\">Symbolbild Telefonbetrug<\/figcaption><\/figure><\/div>\n\n\n<p>Am Montag, gegen 23:20 Uhr rief eine unbekannte Person bei einem 63-J\u00e4hrigen an und gab sich als dessen Tochter aus. Dem Mann wurde vorgegaukelt, dass die vermeintliche Tochter schnell eine Rechnung zahlen m\u00fcsse und keinen Zugriff auf das eigene Konto habe. Der 63-J\u00e4hrige \u00fcberwies eine Gesamtsumme von 11651 Euro an die unbekannten T\u00e4ter.<\/p>\n\n\n\n<h3 class=\"wp-block-heading\">Die Polizei warnt insbesondere vor folgender typischer Vorgehensweisen:<\/h3>\n\n\n\n<h4 class=\"wp-block-heading\">Enkeltrick<\/h4>\n\n\n\n<p>Mit den Worten &#8222;Rate mal, wer hier spricht&#8220; oder \u00e4hnlichen Formulierungen rufen Betr\u00fcger bei meist \u00e4lteren Menschen an, geben sich als Verwandte, Enkel oder auch gute Bekannte aus und bitten kurzfristig um Bargeld. Als Grund wird ein finanzieller Engpass oder eine Notlage vorget\u00e4uscht, beispielsweise ein Unfall, ein Auto- oder Computerkauf. Die Lage wird immer \u00e4u\u00dferst dringlich dargestellt. Oft werden die Betroffenen durch wiederholte Anrufe unter Druck gesetzt. Sobald das Opfer zahlen will, wird ein Bote angek\u00fcndigt, der das Geld abholt. Hat der Betroffene die geforderte Summe nicht parat, wird er gebeten, zur Bank zu gehen und dort den Betrag abzuheben.<\/p>\n\n\n\n<h4 class=\"wp-block-heading\">Die Polizei r\u00e4t zu folgenden Verhaltenshinweisen:<\/h4>\n\n\n\n<ul>\n<li><strong>Beachten Sie, dass die Polizei Sie nie unter der 110 kontaktiert.<\/strong><\/li>\n\n\n\n<li><strong>Wenn Sie im Gespr\u00e4ch aufgefordert werden unter Verwendung der R\u00fcckruftaste die 110 zu w\u00e4hlen, legen Sie auf und w\u00e4hlen Sie die Nummer selbst.<\/strong><\/li>\n\n\n\n<li><strong>Wenn Sie einer der vorgenannten Anrufe erreicht, legen Sie einfach den H\u00f6rer auf.<\/strong><\/li>\n\n\n\n<li><strong>Geben Sie keine pers\u00f6nlichen Daten wie Name, Geburtsdatum, Bankverbindungen, Verm\u00f6gensverh\u00e4ltnisse an fremde Personen heraus.<\/strong><\/li>\n\n\n\n<li><strong>Die Polizei schickt keine Zivilkr\u00e4fte, um Geld oder Wertsachen abzuholen und vorsorglich in Verwahrung zu nehmen.<\/strong><\/li>\n\n\n\n<li><strong>Lassen Sie Ihre Telefonnummer aus den Telefonverzeichnissen l\u00f6schen.<\/strong><\/li>\n\n\n\n<li><strong>Bringen Sie den Anruf bei der n\u00e4chsten Polizeidienststelle oder per Onlinewache zur Anzeige.<\/strong><\/li>\n\n\n\n<li><strong>Bei Anrufen von falschen Microsoft Mitarbeitern: Installieren Sie bei einem Telefonat keine Fremdsoftware auf Ihrem Ger\u00e4t. Wenn Sie eine Ihnen verd\u00e4chtig wirkende Email oder SMS erhalten, l\u00f6schen Sie sie. \u00d6ffnen Sie auf keinen Fall in den Nachrichten enthaltene Links. Sollte der Anrufer dennoch Zugriff auf Ihr Ger\u00e4t bekommen haben, trennen Sie bestenfalls Ihren PC vom Internet oder \u00e4ndern Sie anschlie\u00dfend alle Passw\u00f6rter und Zugangsdaten.<\/strong><\/li>\n<\/ul>\n\n\n\n<h2 class=\"wp-block-heading\">(Mutterstadt) &#8211; N\u00f6tigung im Stra\u00dfenverkehr \/ Zeugen gesucht<\/h2>\n\n\n\n<p>Am Dienstagmittag gegen 12:20 Uhr soll ein 55-j\u00e4hriger Fahrer eines wei\u00dfen BMW einen 66-j\u00e4hrigen PKW-Fahrer in der Ludwigshafener Stra\u00dfe durch dichtes Auffahren und bet\u00e4tigen der Lichthupe gen\u00f6tigt haben. In der Speyerer Stra\u00dfe habe eine Frau mit einem Kinderwagen, welche gerade die Fahrbahn \u00fcberquerte, aufgrund der Fahrweise des 55-J\u00e4hrigen zur Seite springen m\u00fcssen. Anschlie\u00dfend habe er noch einen weiteren PKW \u00fcberholt und sei mit \u00fcberh\u00f6hter Geschwindigkeit davongefahren. Der Fahrer konnte an seiner Wohnanschrift angetroffen werden. Ihn erwartet nun ein Strafverfahren. Zudem wird die F\u00fchrerscheinstelle \u00fcber den Vorfall informiert. <\/p>\n\n\n\n<ul>\n<li><strong>Zeugen des Vorfalls, insbesondere die Frau mit dem Kinderwagen, werden gebeten, sich unter der Telefonnummer 06235 &#8211; 495-0 oder per E-Mail (<a href=\"mailto:pischifferstadt@polizei.rlp.de\">pischifferstadt@polizei.rlp.de<\/a>) mit der Polizeiinspektion Schifferstadt in Verbindung zu setzen.<\/strong><\/li>\n<\/ul>\n\n\n\n<h2 class=\"wp-block-heading\">(Bellheim) &#8211; Solarmodule gestohlen<\/h2>\n\n\n\n<p>In der Nacht von Montag auf Dienstag entwendeten bislang unbekannte T\u00e4ter von einer Baustelle im Waldst\u00fcckerring in Bellheim insgesamt 36 Solarmodule. Der Gesamtschaden bel\u00e4uft sich auf ca. 3600 Euro. Die Polizei hat ein entsprechendes Ermittlungsverfahren eingeleitet. <\/p>\n\n\n\n<ul>\n<li><strong>Zeugen werden gebeten, sich unter der Telefonnummer 07274\/9580 oder per E-Mail an&nbsp;<a href=\"mailto:%20pigermersheim@polizei.rlp.de\">pigermersheim@polizei.rlp.de<\/a>&nbsp;mit der Polizei Germersheim in Verbindung zu setzen.<\/strong><\/li>\n<\/ul>\n\n\n\n<h2 class=\"wp-block-heading\">(Knittelsheim) &#8211; Jugendliche angesprochen<\/h2>\n\n\n<div class=\"wp-block-image\">\n<figure class=\"aligncenter size-full\"><img decoding=\"async\" loading=\"lazy\" width=\"800\" height=\"592\" src=\"https:\/\/speyer24news.com\/wp-content\/uploads\/2023\/02\/Achtung.jpeg\" alt=\"\" class=\"wp-image-51381\" srcset=\"https:\/\/speyer24news.com\/wp-content\/uploads\/2023\/02\/Achtung.jpeg 800w, https:\/\/speyer24news.com\/wp-content\/uploads\/2023\/02\/Achtung-300x222.jpeg 300w, https:\/\/speyer24news.com\/wp-content\/uploads\/2023\/02\/Achtung-768x568.jpeg 768w, https:\/\/speyer24news.com\/wp-content\/uploads\/2023\/02\/Achtung-80x60.jpeg 80w\" sizes=\"(max-width: 800px) 100vw, 800px\" \/><\/figure><\/div>\n\n\n<p>Wie der Polizei am Mittwoch bekannt geworden ist, wurde am Dienstag (09.04.2024),gegen 14 Uhr, in der Hauptstra\u00dfe von Knittelsheim eine 15-J\u00e4hrige auf dem Heimweg von einem \u00e4lteren Mann aus dem Fahrzeug angesprochen, ob sie &#8222;mit wolle&#8220;. Als sie dies ablehnte, fuhr der Mann mit seinem PKW davon. <\/p>\n\n\n\n<ul>\n<li><strong>Bei der Person soll es sich um einen ca. 50-60 Jahre alten Mann mit Bart, leicht gr\u00e4ulichen Haaren und ohne Brille gehandelt haben.<\/strong><\/li>\n\n\n\n<li><strong>Bei dem Fahrzeug handelte es sich um einem silbernen PKW. <\/strong><\/li>\n\n\n\n<li><strong>Ob ein Zusammenhang zu der am Wochenende in Bellheim gemeldeten Person besteht, ist Gegenstand der laufenden Ermittlungen.<\/strong><\/li>\n<\/ul>\n\n\n\n<h4 class=\"wp-block-heading\">Wir nehmen solche Meldungen immer sehr ernst. Deshalb suchen wir Zeugen: <\/h4>\n\n\n\n<ul>\n<li><strong>Wer hat den Sachverhalt beobachtet?<\/strong><\/li>\n\n\n\n<li><strong>Wer kann Hinweise zu dem Mann geben?<\/strong><\/li>\n\n\n\n<li><strong>Sachdienliche Hinweise nimmt die Dienststelle in Germersheim unter der Telefonnummer 07274 958-0 oder per E-Mail an&nbsp;<a href=\"mailto:%20pigermersheim@polizei.rlp.de\">pigermersheim@polizei.rlp.de<\/a>&nbsp;entgegen.<\/strong><\/li>\n<\/ul>\n\n\n\n<p>Meldungen dar\u00fcber, dass Kinder aus Fahrzeugen heraus oder sonst angesprochen werden, beunruhigen alle Eltern und Erziehungsverantwortlichen. Jedoch hat nicht jeder Fremde, der ein Kind anspricht, B\u00f6ses im Sinn.<\/p>\n\n\n\n<h4 class=\"wp-block-heading\">Folgende Ratschl\u00e4ge sollten Sie beachten, wenn Kinder davon erz\u00e4hlen, dass sie von Fremden angesprochen wurden:<\/h4>\n\n\n\n<ul>\n<li><strong>Loben Sie Ihr Kind daf\u00fcr, dass es sich Ihnen anvertraut hat.<\/strong><\/li>\n\n\n\n<li><strong>Vermeiden Sie Ger\u00fcchte und beugen Sie somit einer Hysterie in Ihrer Nachbarschaft vor.<\/strong><\/li>\n\n\n\n<li>Wir bitten Sie auf Basis von Ger\u00fcchten keine Falschinformationen zu verbreiten.<\/li>\n\n\n\n<li><strong>Teilen Sie keine spekulativen Informationen \u00fcber soziale Netzwerke.<\/strong><\/li>\n\n\n\n<li><strong>Bitte vertrauen Sie bei Ihrer Meinungsbildung nur gesicherten Quellen. Gesicherte Informationen erhalten Sie von Ihrer Polizei unter&nbsp;<a href=\"https:\/\/s.rlp.de\/5vx\" target=\"_blank\" rel=\"noreferrer noopener\">https:\/\/s.rlp.de\/5vx<\/a>.<\/strong><\/li>\n\n\n\n<li><strong>Melden Sie den Vorfall der Polizei. \u00dcber den Polizeinotruf 110 erreichen Sie diese zu jeder Tages- und Nachtzeit.<\/strong><\/li>\n\n\n\n<li><strong>Bereiten Sie Ihre Kinder auf solche Situationen vor. Eltern sollten Verhaltensregeln f\u00fcr den Schulweg und die Freizeit festlegen.<\/strong><\/li>\n\n\n\n<li><strong>Schicken Sie Ihr Kind m\u00f6glichst nicht allein, sondern in kleinen Gruppen zusammen mit anderen Kindern zur Schule oder zum Spielplatz. Halten Sie es zur P\u00fcnktlichkeit an.<\/strong><\/li>\n<\/ul>\n\n\n\n<p>Wir nehmen Ihre \u00c4ngste ernst und sind stets f\u00fcr Sie ansprechbar. Melden Sie bitte jeden verd\u00e4chtigen Sachverhalt sofort bei Ihrer Polizeidienststelle oder \u00fcber Notruf. Nur so k\u00f6nnen wir auch Ermittlungen aufnehmen. Denn wir k\u00fcmmern uns und gehen jedem Hinweis nach. <\/p>\n\n\n\n<h4 class=\"wp-block-heading\"><em>Auf der Internetseite der polizeilichen Kriminalpr\u00e4vention&nbsp;<a href=\"https:\/\/www.polizei-beratung.de\/\" target=\"_blank\" rel=\"noreferrer noopener\">www.polizei-beratung.de<\/a>&nbsp;finden Sie weitere umfangreiche Informationen zu diesem Thema.<\/em><\/h4>\n\n\n\n<h2 class=\"wp-block-heading\">(Jockgrim) &#8211; Hochwertige e-Bikes entwendet<\/h2>\n\n\n\n<p>In der Nacht vom 08.04.2024 auf den 09.04.2024 waren bisher unbekannte T\u00e4ter auf Diebestour in Jockgrim. Es wurden insgesamt vier hochwertige Pedelecs aus Garagen oder Schuppen entwendet. Der Sachschaden betr\u00e4gt ca. 20000 Euro.<\/p>\n\n\n\n<h2 class=\"wp-block-heading\">(W\u00f6rth) &#8211; Ohne F\u00fchrerschein, aber daf\u00fcr berauscht vor Polizei gefl\u00fcchtet<\/h2>\n\n\n\n<p>Am 09.04.2024 gegen 22:30 Uhr wollten Polizeibeamte aus W\u00f6rth den Fahrer eines PKW kontrollieren. Der Mann fuhr mit \u00fcberh\u00f6hter Geschwindigkeit davon, so dass eine Verfolgungsfahrt im Bereich Ahorn-, Tannen-, Buchen- und weiteren Stra\u00dfen entstand. Mehrere Anhalteversuche schlugen fehl. Letztlich konnte der 36-j\u00e4hrige Mann aus W\u00f6rth angehalten werden, da ihm Begrenzungsstangen eine Weiterfahrt nicht m\u00f6glich machten. Letztlich gab der Mann an, dass er keinen F\u00fchrerschein habe. Weiter waren deutlichen Anzeichen auf frischen Cannabiskonsum vorhanden. Dem Mann wurde eine Blutprobe entnommen und entsprechende Strafverfahren eingeleitet. Durch das r\u00fccksichtslose Verkehrsverhalten wurden gl\u00fccklicherweise keine anderen Verkehrsteilnehmer verletzt oder gef\u00e4hrdet.<\/p>\n\n\n\n<h2 class=\"wp-block-heading\">(Landau) &#8211; PKW zerkratzt \/ T\u00e4terermittlung<\/h2>\n\n\n\n<p>Am 09.04.2024 wurde der Polizei Landau gegen 19 Uhr mitgeteilt, dass eine m\u00e4nnliche Person in der Ostbahnstra\u00dfe in Landau geparkte PKW zerkratzen w\u00fcrde. Vor Ort konnten zwei besch\u00e4digte PKW vorgefunden werden. Die Schadensh\u00f6he betr\u00e4gt circa 400 Euro. Zun\u00e4chst konnte der T\u00e4ter unerkannt fl\u00fcchten. Gegen 21:15 Uhr wurde der Polizei Landau eine Person gemeldet, welche sich auff\u00e4llig in der Tiefgarage eines Hotels in der Mahlastra\u00dfe in Landau verhalten w\u00fcrde. Vor Ort konnte ein 34-J\u00e4hriger aus der Stadt Speyer angetroffen werden. Dieser konnte anhand der Personenbeschreibung als T\u00e4ter der vorangegangenen Sachbesch\u00e4digungen identifiziert werden. Aufgrund bestehender Fremdgef\u00e4hrdung wurde er einem psychiatrischen Krankenhaus \u00fcberstellt. Er wird sich nun in Strafverfahren wegen Sachbesch\u00e4digung verantworten m\u00fcssen.<\/p>\n\n\n\n<h2 class=\"wp-block-heading\">(Edenkoben) &#8211; Verlorene Eisenstange sorgt f\u00fcr erhebliche Verkehrsbeeintr\u00e4chtigung<\/h2>\n\n\n\n<p>Eine kilometerlange Spur aus ausgelaufenen Betriebsstoffen sorgte in der S\u00fcdpfalz am Mittwochnachmittag f\u00fcr erhebliche Verkehrsbeeintr\u00e4chtigungen im Feierabendverkehr. Gegen 16:30 Uhr wurde der Polizei Germersheim eine verlorene Eisenstrange auf der B 9 in Fahrtrichtung Speyer kurz vor der Ausfahrt zur B 272 gemeldet. Eine VW-Fahrerin konnte der etwa 2,5m langen Eisenstange nicht mehr ausweichen und \u00fcberfuhr diese. Hierdurch besch\u00e4digte sie ihr Fahrzeug am Unterboden so sehr, dass jede Menge Betriebsstoffe austraten. Die \u00d6l-\/ Dieselspur zog sich im Anschluss von der B 9 \u00fcber die B 272, \u00fcber Freimersheim, Altdorf und Venningen bis nach Edenkoben. Hier blieb das Pannenfahrzeug in der Eisenbahnunterf\u00fchrung Edenkoben liegen. Aufgrund der immensen Stra\u00dfenreinigungsarbeiten staute sich der Verkehrs teils erheblich. Sowohl die Polizei als auch die Stra\u00dfenmeisterei war mit mehreren Fahrzeugen auf dem gesamten Streckenverlauf im Einsatz.<\/p>\n\n\n\n<h2 class=\"wp-block-heading\">(Neustadt) &#8211; Ohne Versicherungsschutz und berauscht unterwegs<\/h2>\n\n\n\n<p>Am 10.04.2024 um 08:15 Uhr wurde ein 17-J\u00e4hriger aus Germersheim in der Martin-Luther-Stra\u00dfe in 67433 Neustadt\/W. mit seinem E-Scooter einer Verkehrskontrolle unterzogen, da an dem E-Scooter keine Versicherungsplakette angebracht war. Im Verlauf der Kontrolle konnte festgestellt werden, dass der E-Scooter des jungen Fahrers nicht versichert war und dieser zus\u00e4tzlich unter dem Einfluss von Cannabis stand. Daher wurde diesem im Anschluss in hiesiger Dienststelle eine Blutprobe entnommen. Der E-Scooter und der Germersheimer selbst wurden im Anschluss an eine Erziehungsberechtigte \u00fcbergeben. Nun kommen auf den 17-J\u00e4hrigen ein Straf-, sowie ein Ordnungswidrigkeitenverfahren zu. Zudem wird die zust\u00e4ndige F\u00fchrerscheinstelle \u00fcber den Vorfall in Kenntnis gesetzt.<\/p>\n\n\n\n<h2 class=\"wp-block-heading\">(Ha\u00dfloch) &#8211; Unter BTM-Einfluss gefahren<\/h2>\n\n\n\n<p>Im Rahmen einer allgemeinen Verkehrskontrolle am Dienstag gegen 13:10 Uhr in Ha\u00dfloch wurden bei einem 36-j\u00e4hrigen Ha\u00dflocher drogentypische Auffallerscheinungen festgestellt. Bei der anschlie\u00dfenden \u00dcberpr\u00fcfung konnten die Beamten neben dem Nachweis von Bet\u00e4ubungsmitteln auch 0,13 Promille Alkohol feststellen. Der Ha\u00dflocher musste sein Auto stehen lassen und durfte zur Blutentnahme mit zur Dienststelle. Ihn erwartet ein hohes Bu\u00dfgeld.<\/p>\n\n\n\n<h2 class=\"wp-block-heading\">(Bockenheim \/ Gr\u00fcnstadt) &#8211; Nachtrag: Unerlaubtes Entfernen vom Unfallort \/ Zeugensuche<a href=\"https:\/\/www.facebook.com\/sharer.php?u=https%3A%2F%2Fwww.presseportal.de%2Fblaulicht%2Fpm%2F117687%2F5754543%2F%3Futm_source%3Dfacebook%26utm_medium%3Dsocial\"><\/a><a href=\"https:\/\/twitter.com\/intent\/tweet?text=POL-PDNW%3A%20Nachtrag%20zur%20Pressemeldung%20vom%2009.04.2024%20Unerlaubtes%20Entfernen%20vom%20Unfallort%20Bockenheim%20a.%20d.%20W.%20%2F%20B271&amp;url=https%3A%2F%2Fwww.presseportal.de%2Fblaulicht%2Fpm%2F117687%2F5754543%2F%3Futm_source%3Dtwitter%26utm_medium%3Dsocial&amp;hashtags=ots&amp;lang=de\"><\/a><a href=\"https:\/\/web.whatsapp.com\/send?text=POL-PDNW%3A%20Nachtrag%20zur%20Pressemeldung%20vom%2009.04.2024%20Unerlaubtes%20Entfernen%20vom%20Unfallort%20Bockenheim%20a.%20d.%20W.%20%2F%20B271%0A%0Ahttps%3A%2F%2Fwww.presseportal.de%2Fblaulicht%2Fpm%2F117687%2F5754543%2F%3Futm_source%3Dwhatsapp%26utm_medium%3Dsocial\"><\/a><a href=\"https:\/\/www.xing.com\/app\/user?op=share;url=https%3A%2F%2Fwww.presseportal.de%2Fblaulicht%2Fpm%2F117687%2F5754543%2F%3Futm_source%3Dxing%26utm_medium%3Dsocial\"><\/a><a href=\"http:\/\/www.linkedin.com\/shareArticle?mini=true&amp;url=https%3A%2F%2Fwww.presseportal.de%2Fblaulicht%2Fpm%2F117687%2F5754543%2F%3Futm_source%3Dlinkedin%26utm_medium%3Dsocial&amp;title=POL-PDNW%3A+Nachtrag+zur+Pressemeldung+vom+09.04.2024+Unerlaubtes+Entfernen+vom+Unfallort+Bockenheim+a.+d.+W.+%2F+B271\"><\/a><a href=\"mailto:?subject=POL-PDNW%3A%20Nachtrag%20zur%20Pressemeldung%20vom%2009.04.2024%20Unerlaubtes%20Entfernen%20vom%20Unfallort%20Bockenheim%20a.%20d.%20W.%20%2F%20B271&amp;body=https:\/\/www.presseportal.de\/blaulicht\/pm\/117687\/5754543\"><\/a><\/h2>\n\n\n\n<h3 class=\"wp-block-heading has-text-align-center\">Nachtrag zur Pressemeldung vom 09.04.2024<\/h3>\n\n\n<div class=\"wp-block-image\">\n<figure class=\"aligncenter size-full\"><img decoding=\"async\" loading=\"lazy\" width=\"801\" height=\"600\" src=\"https:\/\/speyer24news.com\/wp-content\/uploads\/2020\/05\/Zeugen-gesucht-Neutral.jpg\" alt=\"\" class=\"wp-image-26598\" srcset=\"https:\/\/speyer24news.com\/wp-content\/uploads\/2020\/05\/Zeugen-gesucht-Neutral.jpg 801w, https:\/\/speyer24news.com\/wp-content\/uploads\/2020\/05\/Zeugen-gesucht-Neutral-300x225.jpg 300w, https:\/\/speyer24news.com\/wp-content\/uploads\/2020\/05\/Zeugen-gesucht-Neutral-768x575.jpg 768w, https:\/\/speyer24news.com\/wp-content\/uploads\/2020\/05\/Zeugen-gesucht-Neutral-678x509.jpg 678w, https:\/\/speyer24news.com\/wp-content\/uploads\/2020\/05\/Zeugen-gesucht-Neutral-326x245.jpg 326w, https:\/\/speyer24news.com\/wp-content\/uploads\/2020\/05\/Zeugen-gesucht-Neutral-80x60.jpg 80w\" sizes=\"(max-width: 801px) 100vw, 801px\" \/><\/figure><\/div>\n\n\n<p>Eine Zeugin meldete sich nachtr\u00e4glich bei hiesiger Dienststelle, um mitzuteilen, dass sie am 06.04.2024 zwischen 13:45 und 14:00 Uhr auf der B271 bei Gr\u00fcnstadt einen Verkehrsunfall mit einem Traktor beobachtet habe. Hierbei soll es zu einem Unfall w\u00e4hrend eines \u00dcberholman\u00f6vers zwischen dem besagten Traktor und einem unbekannten Pkw-Fahrer gekommen sein. W\u00e4hrend des \u00dcberholvorgangs sei der Traktorfahrer nach rechts von der Fahrbahn abgekommen und auf die Schutzplanke aufgefahren. <\/p>\n\n\n\n<ul>\n<li><strong>Bei dem Traktor soll es sich um ein gr\u00f6\u00dferes landwirtschaftliches Fahrzeug in der Farbe Gr\u00fcn gehandelt haben. <\/strong><\/li>\n\n\n\n<li><strong>Der unbekannte Fahrer h\u00e4tte eine Basecap getragen und sei zwischen 30-40 Jahre alt. <\/strong><\/li>\n<\/ul>\n\n\n\n<p>Das Kennzeichen des Traktors konnte die Zeugin nicht nennen. Laut der Zeugin h\u00e4tten sich aber mehrere Fahrzeuge hinter dem Traktor befunden, welche anschlie\u00dfend angehalten und sich angeboten haben, zu helfen.<\/p>\n\n\n\n<p>Diese bislang unbekannten Verkehrsunfallzeugen werden gebeten, sich unmittelbar mit Hinweisen zum Unfallverursacher an die Polizeiinspektion Gr\u00fcnstadt zu wenden.<\/p>\n\n\n\n<h2 class=\"wp-block-heading\">(He\u00dfheim) &#8211; Brand in der Wertstoffhalle<\/h2>\n\n\n\n<p>Gegen 00:46 Uhr in der Nacht vom 09.04.24 auf den 10.04.2024 meldet die integrierte Leitstelle eine starke Rauchentwicklung im Bereich der Wertstoffhalle in He\u00dfheim. Die ausger\u00fcckte freiwillige Feuerwehr konnte einen brennenden M\u00fcllberg feststellen und l\u00f6schen. Wie das Feuer entstand ist bisher unklar, ein Personen- oder Sachschaden entstand nach ersten Ermittlungen der Polizei Frankenthal nicht.<\/p>\n\n\n\n<h2 class=\"wp-block-heading\">(Frankenthal) &#8211; Ungew\u00f6hnliche Trunkenheitsfahrt<\/h2>\n\n\n\n<p>In der Nacht des 10.04.24, gegen 03:00 Uhr, meldet die Besatzung eines Rettungswagens eine alkoholisierte Person in seinem Auto auf der L524. Bei einer Einsatzfahrt stellte die Rettungswagenbesatzung eine leblose Person in einem Fahrzeug auf der Fahrbahn fest. Auf Nachsicht ergab sich jedoch, dass die Person lediglich schlief und kein medizinischer Notfall vorlag. Vielmehr ergab sich der Verdacht eines \u00fcberm\u00e4\u00dfigen Alkoholkonsums, weshalb die Polizei Frankenthal zum Einsatzort hinzugerufen wurde. Der schlafende 23-J\u00e4hrige, welcher nicht im Besitz einer g\u00fcltigen Fahrerlaubnis ist, erreichte einen Atemalkoholwert von 1,68 Promille. Dem Fahrzeugf\u00fchrer droht nun eine Anzeige wegen des Verdachts einer Trunkenheitsfahrt sowie eines Fahrens ohne Fahrerlaubnis. Der Einfluss von Alkohol oder anderen berauschenden Mitteln stellt eine Hauptunfallursache dar. Wer berauscht f\u00e4hrt, gef\u00e4hrdet nicht nur sich, sondern auch Andere.<\/p>\n\n\n\n<h2 class=\"wp-block-heading\">(A 61 \/ Frankenthal) &#8211; Drogenfahrt und Haftbefehle bei l\u00e4nder\u00fcbergreifender Kontrolle des gewerblichen G\u00fcterverkehrs<a href=\"https:\/\/www.facebook.com\/sharer.php?u=https%3A%2F%2Fwww.presseportal.de%2Fblaulicht%2Fpm%2F117696%2F5754173%2F%3Futm_source%3Dfacebook%26utm_medium%3Dsocial\"><\/a><a href=\"https:\/\/twitter.com\/intent\/tweet?text=POL-PPRP%3A%20Drogenfahrt%20und%20Haftbefehle%20bei%20l%C3%A4nder%C3%BCbergreifender%20Kontrolle%20des%20gewerblichen%20G%C3%BCterverkehrs&amp;url=https%3A%2F%2Fwww.presseportal.de%2Fblaulicht%2Fpm%2F117696%2F5754173%2F%3Futm_source%3Dtwitter%26utm_medium%3Dsocial&amp;hashtags=ots&amp;lang=de\"><\/a><a href=\"https:\/\/web.whatsapp.com\/send?text=POL-PPRP%3A%20Drogenfahrt%20und%20Haftbefehle%20bei%20l%C3%A4nder%C3%BCbergreifender%20Kontrolle%20des%20gewerblichen%20G%C3%BCterverkehrs%0A%0Ahttps%3A%2F%2Fwww.presseportal.de%2Fblaulicht%2Fpm%2F117696%2F5754173%2F%3Futm_source%3Dwhatsapp%26utm_medium%3Dsocial\"><\/a><a href=\"https:\/\/www.xing.com\/app\/user?op=share;url=https%3A%2F%2Fwww.presseportal.de%2Fblaulicht%2Fpm%2F117696%2F5754173%2F%3Futm_source%3Dxing%26utm_medium%3Dsocial\"><\/a><a href=\"http:\/\/www.linkedin.com\/shareArticle?mini=true&amp;url=https%3A%2F%2Fwww.presseportal.de%2Fblaulicht%2Fpm%2F117696%2F5754173%2F%3Futm_source%3Dlinkedin%26utm_medium%3Dsocial&amp;title=POL-PPRP%3A+Drogenfahrt+und+Haftbefehle+bei+l%C3%A4nder%C3%BCbergreifender+Kontrolle+des+gewerblichen+G%C3%BCterverkehrs\"><\/a><a href=\"mailto:?subject=POL-PPRP%3A%20Drogenfahrt%20und%20Haftbefehle%20bei%20l%C3%A4nder%C3%BCbergreifender%20Kontrolle%20des%20gewerblichen%20G%C3%BCterverkehrs&amp;body=https:\/\/www.presseportal.de\/blaulicht\/pm\/117696\/5754173\"><\/a><\/h2>\n\n\n<div class=\"wp-block-image\">\n<figure class=\"aligncenter\"><a href=\"https:\/\/cache.pressmailing.net\/thumbnail\/story_hires\/7767db5a-3995-42a4-aa9a-7d569966770f\/Schwerlastkontrolle.jpg.jpg\"><img decoding=\"async\" src=\"https:\/\/cache.pressmailing.net\/thumbnail\/story_big\/7767db5a-3995-42a4-aa9a-7d569966770f\/pol-pprp-drogenfahrt-und-haftbefehle-bei-l-nder-bergreifender-kontrolle-des-gewerblichen-g-terverkeh\" alt=\"POL-PPRP: Drogenfahrt und Haftbefehle bei l\u00e4nder\u00fcbergreifender Kontrolle des gewerblichen G\u00fcterverkehrs\"\/><\/a><\/figure><\/div>\n\n\n<p>Sechzig Fahrzeuge bzw. Fahrzeugkombinationen wurden im Rahmen einer l\u00e4nder- und beh\u00f6rden\u00fcbergreifenden Schwerpunktkontrolle des gewerblichen G\u00fcterverkehrs am 09.04.2024 auf der BAB 61 bei Frankenthal einer Kontrolle unterzogen. Spezialisten von acht Polizeibeh\u00f6rden, dem Zoll, dem Bundesamt f\u00fcr Logistik und Mobilit\u00e4t sowie dem Sonderabfallmanagement Rheinland-Pfalz nahmen Ladung, technischen Zustand der Fahrzeuge sowie die Fahrzeugf\u00fchrer genau unter die Lupe.<\/p>\n\n\n\n<p>Hierbei mussten letztlich 28 Fahrzeuge beanstandet werden. F\u00fcr f\u00fcnf endete die Fahrt aufgrund schwerer M\u00e4ngel vor Ort. In zwei F\u00e4llen stellten die Beamten bei der Kontrolle einen Haftbefehl zum Fahrzeugf\u00fchrer fest. Die Haft konnte in beiden F\u00e4llen durch Entrichtung eines Geldbetrages abgewendet werden. Ein anderer Berufskraftfahrer stand unter dem Einfluss von Cannabis. Er war F\u00fchrer eines schweren Sattelschleppers. Um seine Fahrerlaubnis musste er dennoch nicht bangen, denn diese hatte er bereits aufgrund einer vorangegangenen Rauschfahrt verloren und f\u00fchrte seinen 40-Tonner ohne g\u00fcltige Fahrerlaubnis. Ihm wurde eine Blutprobe entnommen und er wird sich wegen einer Fahrt unter Einfluss berauschender Mittel sowie des vors\u00e4tzlichen F\u00fchrens eines Kraftfahrzeugs ohne Fahrerlaubnis rechtfertigen m\u00fcssen.<\/p>\n\n\n\n<h2 class=\"wp-block-heading\">(Bobenheim-Roxheim) &#8211; Falscher DRK Mitarbeiter<\/h2>\n\n\n<div class=\"wp-block-image\">\n<figure class=\"aligncenter size-full\"><img decoding=\"async\" loading=\"lazy\" width=\"800\" height=\"592\" src=\"https:\/\/speyer24news.com\/wp-content\/uploads\/2023\/02\/Achtung.jpeg\" alt=\"\" class=\"wp-image-51381\" srcset=\"https:\/\/speyer24news.com\/wp-content\/uploads\/2023\/02\/Achtung.jpeg 800w, https:\/\/speyer24news.com\/wp-content\/uploads\/2023\/02\/Achtung-300x222.jpeg 300w, https:\/\/speyer24news.com\/wp-content\/uploads\/2023\/02\/Achtung-768x568.jpeg 768w, https:\/\/speyer24news.com\/wp-content\/uploads\/2023\/02\/Achtung-80x60.jpeg 80w\" sizes=\"(max-width: 800px) 100vw, 800px\" \/><\/figure><\/div>\n\n\n<p>Am Dienstag, gegen 16:30 Uhr, betrat ein angeblicher DRK Mitarbeiter ungefragt die Wohnung einer 93-j\u00e4hrigen Bobenheim-Roxheimerin und entwendete insgesamt 652EUR Bargeld. Im Anschluss fl\u00fcchtete der unbekannte, dunkel gekleidete, b\u00e4rtige Mann. Die Ermittlungen wurden durch hiesige Polizeiinspektion aufgenommen.<\/p>\n\n\n\n<p>Trickdiebstahl in Wohnungen ist ein Ph\u00e4nomen, von der fast ausschlie\u00dflich \u00e4ltere Menschen betroffen sind. Unter Vort\u00e4uschen von Notlagen, einer offiziellen Funktion oder Vort\u00e4uschen einer pers\u00f6nlichen Beziehung zum Opfer versuchen die T\u00e4ter sich Zutritt zur Wohnung zu verschaffen. Hierbei werden skrupellos und zielgerichtet das Alter, die Gebrechlichkeit und die Gutgl\u00e4ubigkeit des Opfers ausgenutzt. Daher r\u00e4t die Polizei: Lassen Sie auch unter Vorhalt von vermeintlichen Notlagen keine Unbekannten Personen in Ihr Haus. Rufen Sie die Polizei, wenn Ihnen das Verhalten seltsam erscheint. Verst\u00e4ndigen Sie wenn m\u00f6glich Angeh\u00f6rige oder Nachbarn und informieren Sie sie \u00fcber das Geschehene. Bedenken Sie, dass Trickt\u00e4ter erfinderisch und schauspielerisch begabt sind. Sie reagieren schnell und denken sich immer neue Taktiken aus, um ihr Ziel zu erreichen.<\/p>\n\n\n\n<p>N\u00e4here Informationen zum Thema sowie die Tricks der T\u00e4ter erfahren sie unter&nbsp;<a target=\"_blank\" rel=\"noreferrer noopener\" href=\"https:\/\/www.polizei-beratung.de\/\">www.polizei-beratung.de<\/a>.<\/p>\n\n\n\n<p>Wir wollen, dass Sie sicher Leben &#8211; ihre Polizei Frankenthal.<\/p>\n\n\n\n<h2 class=\"wp-block-heading\">(Polizeipr\u00e4sidium Rheinpfalz) &#8211; ROADPOL: Kontrollwoche &#8222;Speed&#8220; vom 15. &#8211; 21. April 2024<\/h2>\n\n\n<div class=\"wp-block-image\">\n<figure class=\"aligncenter size-full\"><img decoding=\"async\" loading=\"lazy\" width=\"800\" height=\"600\" src=\"https:\/\/speyer24news.com\/wp-content\/uploads\/2021\/02\/Blitzer3.jpg\" alt=\"\" class=\"wp-image-33649\" srcset=\"https:\/\/speyer24news.com\/wp-content\/uploads\/2021\/02\/Blitzer3.jpg 800w, https:\/\/speyer24news.com\/wp-content\/uploads\/2021\/02\/Blitzer3-300x225.jpg 300w, https:\/\/speyer24news.com\/wp-content\/uploads\/2021\/02\/Blitzer3-768x576.jpg 768w, https:\/\/speyer24news.com\/wp-content\/uploads\/2021\/02\/Blitzer3-678x509.jpg 678w, https:\/\/speyer24news.com\/wp-content\/uploads\/2021\/02\/Blitzer3-326x245.jpg 326w, https:\/\/speyer24news.com\/wp-content\/uploads\/2021\/02\/Blitzer3-80x60.jpg 80w\" sizes=\"(max-width: 800px) 100vw, 800px\" \/><\/figure><\/div>\n\n\n<p>&#8222;Grenzen \u00fcberschreiten, um Leben zu retten!&#8220; ROADPOL ist ein europaweites Polizeinetzwerk, mit dem Ziel die Zahl der Verkehrsunfallopfer zu senken. Dabei koordiniert es, europaweit nationale Aktionen zur Durchsetzung der Vorschriften im Verkehrssektor. Innerhalb dieses Kontrollverbunds finden \u00fcber das Jahr verteilt verkehrspolizeiliche Schwerpunktkontrollen statt. Auch die Analyse der Verkehrsunfalllage im Polizeipr\u00e4sidium Rheinpfalz verdeutlicht die Notwendigkeit weiterer Kontrollma\u00dfnahmen um die Senkung der Verkehrsunfallzahlen und insbesondere der Verkehrstoten zu erreichen.<\/p>\n\n\n\n<p>\u00dcberh\u00f6hte Geschwindigkeit bleibt hierbei weiter eine Hauptunfallursache: 2023 wurden im Zust\u00e4ndigkeitsbereich des Polizeipr\u00e4sidiums Rheinpfalz wegen nicht angepasster oder \u00fcberh\u00f6hter Geschwindigkeit 2.062 Verkehrsunf\u00e4lle registriert. Im Jahr 2022 waren dies noch 1.896 Verkehrsunf\u00e4lle. Die Verkehrsunfallstatistik 2023 mit ausf\u00fchrlichen Informationen zur Unfalllage und unseren Ma\u00dfnahmen finden Sie auf unserer Internetseite&nbsp;<a target=\"_blank\" rel=\"noreferrer noopener\" href=\"https:\/\/s.rlp.de\/YSXrl\">https:\/\/s.rlp.de\/YSXrl<\/a><\/p>\n\n\n\n<p>Im Zeitraum vom 15. April bis 21. April 2024 finden daher im Rahmen der Roadpol Kontrollwoche &#8222;Speed&#8220; auch im Polizeipr\u00e4sidium Rheinpfalz gesonderte Einsatzma\u00dfnahmen u. a. zur Bek\u00e4mpfung und Verhinderung von Geschwindigkeits\u00fcberschreitungen im Stra\u00dfenverkehr statt. Innerhalb dieses Zeitraumes ist f\u00fcr Freitag, den 19. April 2024 ein sogenannter &#8222;Speedmarathon&#8220; geplant. Insbesondere an diesem Tag ist es beabsichtigt, die Kontrollt\u00e4tigkeiten im Bereich der Geschwindigkeitsmessung fl\u00e4chendeckend zu intensivieren. Die Verkehrskontrollen sollen die Unfallzahlen und insbesondere die Zahl der Verkehrstoten senken. Durch die Verkehrskontrollen sollen auch die Risiken von \u00fcberh\u00f6hter Geschwindigkeit im Stra\u00dfenverkehr verst\u00e4rkt ins \u00f6ffentliche Bewusstsein r\u00fccken. Bei den Kontrollen wollen die Polizeikr\u00e4fte deshalb auch an die Einsicht der Verkehrsteilnehmenden appellieren, niemals die zul\u00e4ssige H\u00f6chstgeschwindigkeit zu \u00fcberschreiten und die Geschwindigkeit der jeweiligen Situation anzupassen.<\/p>\n\n\n\n<p><strong>Weitere Informationen gibt es unter&nbsp;<a href=\"https:\/\/www.roadpol.eu\/\" target=\"_blank\" rel=\"noreferrer noopener\">www.roadpol.eu<\/a><\/strong><\/p>\n\n\n\n<p>Das Polizeipr\u00e4sidium Rheinpfalz mit Sitz in Ludwigshafen am Rhein ist zust\u00e4ndig f\u00fcr die Sicherheit von \u00fcber 900.000 Menschen. Der Dienstbezirk der Beh\u00f6rde mit ihren rund 2200 Mitarbeiterinnen und Mitarbeitern umfasst auf etwa 2.400 Quadratkilometern die Vorder- und S\u00fcdpfalz mit den Landkreisen Bad D\u00fcrkheim, Germersheim, Rhein-Pfalz-Kreis und S\u00fcdliche Weinstra\u00dfe sowie die kreisfreien St\u00e4dte Frankenthal (Pfalz), Landau in der Pfalz, Ludwigshafen am Rhein, Neustadt a.d.W. und Speyer.<\/p>\n\n\n\n<h4 class=\"wp-block-heading\">Wenn Sie einen Einblick in unsere Arbeit gewinnen wollen, schauen Sie sich gerne unter&nbsp;<a href=\"https:\/\/s.rlp.de\/YwRYe\" target=\"_blank\" rel=\"noreferrer noopener\">https:\/\/s.rlp.de\/YwRYe<\/a>&nbsp;unseren Film &#8222;Wir f\u00fcr die Pfalz&#8220; an.<\/h4>\n\n\n\n<h2 class=\"wp-block-heading\">(Ludwigshafen) &#8211; In Gleisbett gefahren<\/h2>\n\n\n\n<p>Mittwochvormittag, 10.04.2024 gegen 11 Uhr, fuhr ein 75-J\u00e4hriger am Hans-Warsch-Platz ins Gleisbett. Weil er dabei auf einem Betonblock aufsetzte, musste das Auto durch einen Abschleppdienst herausgehoben werden. Am Auto entstand ein Sachschaden von etwa 100 Euro. Der Stra\u00dfenbahnverkehr musste f\u00fcr die Dauer der Unfallaufnahme und Bergung f\u00fcr etwa 40 Minuten eingestellt werden.<\/p>\n\n\n\n<h2 class=\"wp-block-heading\">(Ludwigshafen) &#8211; 29-J\u00e4hriger leistet Widerstand<\/h2>\n\n\n<div class=\"wp-block-image\">\n<figure class=\"aligncenter size-full\"><img decoding=\"async\" loading=\"lazy\" width=\"800\" height=\"533\" src=\"https:\/\/speyer24news.com\/wp-content\/uploads\/2021\/10\/Festnahme-Handschellen.jpg\" alt=\"\" class=\"wp-image-41224\" srcset=\"https:\/\/speyer24news.com\/wp-content\/uploads\/2021\/10\/Festnahme-Handschellen.jpg 800w, https:\/\/speyer24news.com\/wp-content\/uploads\/2021\/10\/Festnahme-Handschellen-300x200.jpg 300w, https:\/\/speyer24news.com\/wp-content\/uploads\/2021\/10\/Festnahme-Handschellen-768x512.jpg 768w\" sizes=\"(max-width: 800px) 100vw, 800px\" \/><figcaption class=\"wp-element-caption\">Beispielbild Handschelle \/ Verhaftung, dient lediglich der Visualisierung<\/figcaption><\/figure><\/div>\n\n\n<p>In der Nacht auf Mittwoch (10.04.2024, gegen 2:30 Uhr) wurde die Polizei zu einer k\u00f6rperlichen Auseinandersetzung auf dem Berliner Platz gerufen. Ein 29-j\u00e4hriger wollte sich den Rucksack eines 35-J\u00e4hrigen nehmen und geriet mit diesem in Streit, in dessen Verlauf der J\u00fcngere den \u00c4ltere schlug. Als die alarmierten Polizeikr\u00e4fte den Angreifer kontrollieren wollten, versuchte dieser einen Polizeibeamten zun\u00e4chst zu sto\u00dfen und dann zu schlagen. Der 29-J\u00e4hrige wurde mit Hilfe eines weiteren Polizeibeamten zu Boden gebracht und gefesselt. Auch hiergegen wehrte sich der Mann erheblich und beleidigte zudem die Polizeikr\u00e4fte mehrfach. Da der 29-J\u00e4hrige sich nicht beruhigen lie\u00df und augenscheinlich unter Alkohol- bzw. Drogeneinfluss stand, wurde er in ein psychiatrisches Krankenhaus gebracht. Dort wurde ihm zur Feststellung der Schuldf\u00e4higkeit eine Blutprobe entnommen.<\/p>\n\n\n\n<h2 class=\"wp-block-heading\">(Ludwigshafen) &#8211; 34-J\u00e4hrige f\u00e4hrt unter Drogeneinfluss<\/h2>\n\n\n\n<p>Der Polizei wurde am Dienstag, 09.04.2024, gegen 16:30 Uhr, ein schlangenlinienfahrender Mazda gemeldet. Die 34-j\u00e4hirge Fahrerin des Autos wurde von Polizeikr\u00e4ften kurz darauf vor dem Bahnhof Rheing\u00f6nheim kontrolliert. Die Frau war nicht alkoholisiert, das ergab ein entsprechender Alkoholtest. Stattdessen ergaben sich Hinweise auf einen m\u00f6glichen Drogenkonsum der 34-J\u00e4hrigen. Ein Test reagierte positiv auf THC. Ihr wurde in der Polizeidienststelle eine Blutprobe entnommen. F\u00fcr die Fahrt unter Drogeneinfluss muss sie mit einem Bu\u00dfgeld von bis zu 3.000 Euro und einem Fahrverbot rechnen.<\/p>\n\n\n\n<p>Aus gegeneben Anlass m\u00f6chten wir noch einmal eindringlich hinweisen: Das Fahren unter dem Einfluss von THC ist und bleibt verboten. Wer berauscht f\u00e4hrt, gef\u00e4hrdet nicht nur sich, sondern auch andere.<\/p>\n\n\n\n<h2 class=\"wp-block-heading\">(Ludwigshafen) &#8211; Unfall in der Hohenzollernstra\u00dfe<\/h2>\n\n\n\n<p>Am Dienstagnachmittag (09.04.2024, gegen 16 Uhr) missachtete der 25-j\u00e4hrige Fahrer eines Streetscooter eines Paket- und Post-Dienstes die Vorfahrt einer 25-j\u00e4hrigen Autofahrerin. Der Unfall ereignete sich an der Kreuzung Sternstra\u00dfe\/Hohenzollernstra\u00dfe. Beide Fahrzeuge wurden stark besch\u00e4digt und mussten abgeschleppt werden. Die 25-J\u00e4hrige wurde au\u00dferdem leicht verletzt. Der entstandene Sachschaden wird auf insgesamt etwa 12.000 Euro gesch\u00e4tzt.<\/p>\n\n\n\n<h2 class=\"wp-block-heading\">(Ludwigshafen) &#8211; Zahlreiche Verkehrsverst\u00f6\u00dfe bei Kontrollen<\/h2>\n\n\n\n<p>Die Polizei Ludwigshafen kontrollierte am Dienstagnachmittag 33 Fahrzeuge in der Mundenheimer Stra\u00dfe. Mehr als ein Drittel der kontrollierten Verkehrsteilnehmer hielt sich nicht an die Verkehrsregeln. Die Polizeikr\u00e4fte registrierten neun Fahrzeugf\u00fchrer, die ein Mobiltelefon benutzten. Au\u00dferdem fuhren zwei Radfahrer entgegen der vorgeschriebenen Fahrtrichtung.<\/p>\n\n\n\n<p>Ablenkung im Stra\u00dfenverkehr spielt eine immer gr\u00f6\u00dfere Rolle. Sie birgt erhebliche Gefahren und betrifft alle Verkehrsteilnehmenden, nicht nur den Fahrzeugf\u00fchrer selbst. Wer im Stadtverkehr bei Tempo 50 beispielsweise nur eine Sekunde auf sein Smartphone schaut, legt hierbei eine Strecke von 14 Metern im &#8222;Blindflug&#8220; zur\u00fcck. Die Polizei appelliert daher an alle Verkehrsteilnehmenden, das Handy w\u00e4hrend der Fahrt stecken zu lassen und die Aufmerksamkeit auf den Stra\u00dfenverkehr zu richten. Fahrerinnen oder Fahrer eines Kraftfahrzeuges m\u00fcssen mit einem Bu\u00dfgeld von 100 Euro und einem Punkt im Fahreignungsregister rechnen, wenn sie w\u00e4hrend der Fahrt ein elektronisches Ger\u00e4t, wie z.B. ein Handy nutzen.<\/p>\n\n\n\n<h2 class=\"wp-block-heading\">(Ludwigshafen) &#8211; Versuchter Wohnungseinbruch<\/h2>\n\n\n\n<p>In der Bruno-K\u00f6rner-Stra\u00dfe kam es am 09.04.2024 zwischen 9:15 Uhr und 10:30 Uhr zu einem Einbruchsversuch in eine Wohnung. Davon zeugen mehrere Hebelspuren. Es gelang den unbekannten T\u00e4tern nach derzeitigem Ermittlungsstand jedoch nicht, sich Zugang zu verschaffen.<\/p>\n\n\n\n<ul>\n<li><strong>Haben Sie zur fraglichen Zeit in der Bruno-K\u00f6rner-Stra\u00dfe etwas Verd\u00e4chtiges beobachtet? Hinweise bitte an die Polizeiinspektion Ludwigshafen 2, Telefonnummer 0621 963-2222 oder per E-Mail&nbsp;<a href=\"mailto:%20piludwigshafen2@polizei.rlp.de\">piludwigshafen2@polizei.rlp.de<\/a>&nbsp;.<\/strong><\/li>\n<\/ul>\n\n\n\n<h2 class=\"wp-block-heading\">(Ludwigshafen) &#8211; Einbruch in Transporter am Bahnhof Mundenheim<\/h2>\n\n\n\n<p>Zwischen dem 08.04.2024, 18:30 Uhr, und dem 09.04.2024, 7 Uhr, schlugen Unbekannte eine Scheibe eines Transporters ein. Danach durchsuchten sie das Innere des Fahrzeugs. Entwendet wurde nach derzeitigem Kenntnisstand nichts. Der entstandene Sachschaden wird auf etwa 300 Euro gesch\u00e4tzt.<\/p>\n\n\n\n<ul>\n<li><strong>Das Fahrzeug stand zur Tatzeit in der Maudacher Stra\u00dfe. Sollten Sie dort etwas Verd\u00e4chtiges beobachtet haben, bitten wir Sie, sich an die Kriminalpolizei Ludwigshafen zu wenden. Hinweise werden unter der Telefonnummer 0621 963-2773 oder per Email&nbsp;<a href=\"mailto:%20kiludwigshafen.k1.kdd@polizei.rlp.de\">kiludwigshafen.k1.kdd@polizei.rlp.de<\/a>&nbsp;entgegengenommen.<\/strong><\/li>\n<\/ul>\n\n\n\n<h2 class=\"wp-block-heading\">(Ludwigshafen) &#8211; Kastenwagen aufgebrochen \/ Zeugen gesucht<\/h2>\n\n\n\n<p>Unbekannte schlugen in der Zeit vom 08.04.2024, 17 Uhr bis zum 09.04.2024, 6 Uhr, eine Seitenscheibe bei einem geparkten Citroen Kastenwagen in der Von-Kieffer-Stra\u00dfe ein. Nach ersten Erkenntnissen wurde jedoch nichts aus dem Fahrzeug gestohlen. Der Schaden wird auf rund 500 Euro gesch\u00e4tzt.<\/p>\n\n\n\n<ul>\n<li><strong>Haben Sie Tat beobachtet oder k\u00f6nnen Sie Hinweise geben?<\/strong><\/li>\n\n\n\n<li><strong>Dann melden Sie sich bitte bei der Polizeiinspektion Ludwigshafen 1, Telefonnummer 0621 963-2122 oder per E-Mail&nbsp;<a href=\"mailto:%20piludwigshafen1@polizei.rlp.de\">piludwigshafen1@polizei.rlp.de<\/a>&nbsp;.<\/strong><\/li>\n<\/ul>\n\n\n\n<h2 class=\"wp-block-heading\">(Ludwigshafen) &#8211; Vandalismus in Turnhalle \/ Zeugen gesucht<\/h2>\n\n\n\n<p>In der Nacht auf Dienstag (08. &#8211; 09.04.2024) besch\u00e4digten Unbekannte mehrere Decken in der Turnhalle der Ernst-Reuter-Schule (Schlesier Stra\u00dfe). Die Schadensh\u00f6he ist derzeit noch nicht bekannt. Ebenso ist unklar, wie der oder die T\u00e4ter in die Turnhalle gelangten. Aufbruchspuren konnten an der Halle nicht vorgefunden werden.<\/p>\n\n\n\n<ul>\n<li><strong>Haben Sie in der Nacht auf Dienstag an der Ernst-Reuther-Schule etwas Verd\u00e4chtiges beobachtet?<\/strong><\/li>\n\n\n\n<li><strong>Dann melden Sie sich bitte bei der Polizeiinspektion Ludwigshafen 1, Telefonnummer 0621 963-2122 oder per E-Mail&nbsp;<a href=\"mailto:%20piludwigshafen1@polizei.rlp.de\">piludwigshafen1@polizei.rlp.de<\/a>&nbsp;.<\/strong><\/li>\n<\/ul>\n\n\n\n<h2 class=\"wp-block-heading\">(Ludwigshafen) &#8211; Jugendlicher verunfallt bei Fluchtversuch<\/h2>\n\n\n\n<p>Am 08.04.2024 um kurz nach 20 Uhr missachtete ein 15-j\u00e4hriger Mofa-Fahrer in der Lagerhausstra\u00dfe die Anhaltesignale einer Polizeistreife, nachdem dieser durch \u00fcberh\u00f6hte Geschwindigkeit aufgefallen ist. Der Jugendliche fl\u00fcchtete mit Geschwindigkeiten bis zu 60 km\/h durch ein angrenzendes Wohngebiet. An der Kreuzung Lisztstra\u00dfe\/Von-Weber-Stra\u00dfe musste ein Transporter stark abbremsen, um einen Zusammensto\u00df zu verhindern. Letztendlich \u00fcbersch\u00e4tzte sich der Fl\u00fcchtige bei einem Fahrman\u00f6ver um einen geparkten PKW herum in der Sebastian-Bach-Stra\u00dfe, st\u00fcrzte und zog sich mehrere Prellungen zu. Der Jugendliche wurde durch die Polizeibeamten erstversorgt und anschlie\u00dfend durch den Rettungsdienst in ein Krankenhaus verbracht. An den unfallbeteiligten Fahrzeugen entstand ein Sachschaden von ca. 5250 Euro. Den 15-J\u00e4hrigen erwarten nun mehrere Strafverfahren, u.a. wegen Stra\u00dfenverkehrsgef\u00e4hrdung und Fahren ohne Fahrerlaubnis. Das Mofa wurde zur \u00dcberpr\u00fcfung der H\u00f6chstgeschwindigkeit sichergestellt. <\/p>\n\n\n\n<ul>\n<li><strong>Zeugen des Vorfalls, insbesondere der Fahrer des m\u00f6glicherweise gef\u00e4hrdeten Transporters, werden gebeten, sich unter der Telefonnummer 06235 &#8211; 495-0 oder per E-Mail (<a href=\"mailto:pischifferstadt@polizei.rlp.de\" title=\"\">pischifferstadt@polizei.rlp.de<\/a>) mit der Polizeiinspektion Schifferstadt in Verbindung zu setzen.<\/strong><\/li>\n<\/ul>\n\n\n\n<h2 class=\"wp-block-heading\">(Ludwigshafen) &#8211; Nachtragsmeldung: 18-J\u00e4hriger verletzt Gleichaltrige mit Messer \/ Tatverd\u00e4chtiger in Untersuchungshaft<\/h2>\n\n\n\n<h3 class=\"wp-block-heading\">Gemeinsame Pressemitteilung der Staatsanwaltschaft Frankenthal (Pfalz) und des Polizeipr\u00e4sidiums Rheinpfalz<\/h3>\n\n\n\n<h3 class=\"wp-block-heading has-text-align-center\">Nachtrag zu:&nbsp;<a href=\"https:\/\/s.rlp.de\/gftyq\" target=\"_blank\" rel=\"noreferrer noopener\">https:\/\/s.rlp.de\/gftyq<\/a><\/h3>\n\n\n<div class=\"wp-block-image\">\n<figure class=\"aligncenter size-full\"><img decoding=\"async\" loading=\"lazy\" width=\"800\" height=\"600\" src=\"https:\/\/speyer24news.com\/wp-content\/uploads\/2019\/06\/Ausn\u00fcchterungszelle.jpg\" alt=\"\" class=\"wp-image-15212\" srcset=\"https:\/\/speyer24news.com\/wp-content\/uploads\/2019\/06\/Ausn\u00fcchterungszelle.jpg 800w, https:\/\/speyer24news.com\/wp-content\/uploads\/2019\/06\/Ausn\u00fcchterungszelle-300x225.jpg 300w, https:\/\/speyer24news.com\/wp-content\/uploads\/2019\/06\/Ausn\u00fcchterungszelle-768x576.jpg 768w, https:\/\/speyer24news.com\/wp-content\/uploads\/2019\/06\/Ausn\u00fcchterungszelle-678x509.jpg 678w, https:\/\/speyer24news.com\/wp-content\/uploads\/2019\/06\/Ausn\u00fcchterungszelle-326x245.jpg 326w, https:\/\/speyer24news.com\/wp-content\/uploads\/2019\/06\/Ausn\u00fcchterungszelle-80x60.jpg 80w\" sizes=\"(max-width: 800px) 100vw, 800px\" \/><figcaption class=\"wp-element-caption\">Beispielbild Zelle \/ Verhaftung, dient lediglich der Visualisierung<\/figcaption><\/figure><\/div>\n\n\n<p>Nachdem ein 18-J\u00e4hriger am 25.02.2024 zwei Gleichaltrige mit einem Messer verletzte, wurde zwischenzeitlich auf Antrag der Staatsanwaltschaft Frankenthal Untersuchungshaftbefehl wegen des dringenden Tatverdachts der gef\u00e4hrlichen K\u00f6rperverletzung erlassen. Als Haftgrund wurde Wiederholungsgefahr angenommen. Polizeikr\u00e4fte konnten den Tatverd\u00e4chtigen am 04.04.2024 vorl\u00e4ufig festnehmen und dem Haftrichter vorf\u00fchren. Dieser setzte den Haftbefehl in Vollzug. Der 18-J\u00e4hrige kam in eine Jugendstrafanstalt.<\/p>\n\n\n\n<h2 class=\"wp-block-heading\">(Ludwigshafen) &#8211; Zwei Jugendliche vermisst<\/h2>\n\n\n\n<p>Seit Dienstag, 02.04.2024, werden die 16 und 17 Jahre alten Br\u00fcder Niklas und Jamie K. aus Ludwigshafen vermisst. Ihr Aufenthaltsort ist unbekannt, es gibt aber Hinweise, dass sie sich in Frankfurt aufhalten k\u00f6nnten. Durch die bisherigen polizeilichen Ma\u00dfnahmen konnte sie nicht aufgefunden werden, so dass wir die \u00d6ffentlichkeit um Mithilfe bitten.<\/p>\n\n\n\n<h4 class=\"wp-block-heading\">Beschreibung von Niklas:<\/h4>\n\n\n\n<ul>\n<li><strong>ca. 1,80 m gro\u00df<\/strong><\/li>\n\n\n\n<li><strong>schlanke Statur<\/strong><\/li>\n\n\n\n<li><strong>kurze blonde Haare<\/strong><\/li>\n\n\n\n<li><strong>blaue Augen<\/strong><\/li>\n\n\n\n<li><strong>bekleidet mit einer Arbeitshose<\/strong><\/li>\n<\/ul>\n\n\n\n<h4 class=\"wp-block-heading\">Beschreibung von Jamie:<\/h4>\n\n\n\n<ul>\n<li><strong>ca. 1,80 m gro\u00df<\/strong><\/li>\n\n\n\n<li><strong>schlanke Statur<\/strong><\/li>\n\n\n\n<li><strong>kurze blonde Haare<\/strong><\/li>\n\n\n\n<li><strong>blaue Augen<\/strong><\/li>\n\n\n\n<li><strong>bekleidet mit einer Arbeitshose<\/strong><\/li>\n<\/ul>\n\n\n\n<ul>\n<li><strong>Zeugen, die Hinweise auf den Aufenthalt der Vermissten geben k\u00f6nnen, werden gebeten, sich unter der Telefonnummer 0621 963-2773 oder per E-Mail&nbsp;<a href=\"mailto:%20kiludwigshafen.k1.kdd@polizei.rlp.de\">kiludwigshafen.k1.kdd@polizei.rlp.de<\/a>&nbsp;an die Kriminalinspektion Ludwigshafen zu wenden. Wenn Sie die Vermissten sehen, behalten Sie diese bitte im Blick und verst\u00e4ndigen Sie \u00fcber den Notruf 110 die Polizei!<\/strong><\/li>\n<\/ul>\n\n\n\n<h2 class=\"wp-block-heading\">(Mannheim) &#8211; Verkehrsunfall mit auf der Seite liegendem Pkw<\/h2>\n\n\n\n<p>Aktuell kommt es im Bereich der Speyerer Stra\u00dfe zu Verkehrsbeeintr\u00e4chtigungen. Ein Pkw kam im Verlauf eines Unfalls auf der Seite zum Liegen. Die Meer\u00e4ckerstra\u00dfe ist derzeit aufgrund der Unfallaufnahme in Richtung Lindenhof gesperrt. Informationen zum Unfallhergang oder etwaigen Verletzungen liegen bislang nicht vor. (<em>10.04.2024 \u2013 12:51<\/em>)<\/p>\n\n\n\n<h3 class=\"wp-block-heading has-text-align-center\">Pressemeldung Nr. 2<\/h3>\n\n\n\n<p>Bei dem Unfall auf der Speyerer Stra\u00dfe \/ Meer\u00e4ckerstra\u00dfe, in dessen Verlauf ein Pkw Mercedes mit einem Lkw seitlich zusammenstie\u00df und auf der Seite zum Liegen kam, wurde die Unfallaufnahme zwischenzeitlich beendet. Eine Beifahrerin des Mercedes wurde aufgrund ihrer leichten Verletzungen zur ambulanten Behandlung in ein nahegelegenes Krankenhaus transportiert.<\/p>\n\n\n\n<p>Der Mercedes musste abgeschleppt werden. Der Lkw wurde durch den Unfall besch\u00e4digt. Die Schadensh\u00f6he ist bislang noch nicht bekannnt.<\/p>\n\n\n\n<p>Die Ermittlungen zum Unfallhergang durch den Verkehrsdienst Mannheim dauern an.<\/p>\n\n\n\n<h2 class=\"wp-block-heading\">(Mannheim) &#8211; Polizei f\u00fchrt Schwerpunktkontrolle im Stra\u00dfenverkehr durch<\/h2>\n\n\n\n<p>Am Mittwoch f\u00fchrten die Beamten der Verkehrspolizeiinspektion des Polizeipr\u00e4sidiums Mannheim in Begleitung von Kollegen der Verkehrspr\u00e4vention zwischen 07 Uhr und 09 Uhr schwerpunktm\u00e4\u00dfige Kontrollen durch, da in der Vergangenheit im Zust\u00e4ndigkeitsbereich des Polizeipr\u00e4sidiums Mannheim vermehrt Unfallgeschehen mit Beteiligung von Fahrradfahrern zu verzeichnen waren. Vor allem durch den Gebrauch von Pedelecs erh\u00f6hen sich nicht nur die Fahrgeschwindigkeiten, sondern auch die Unfallfolgen.<\/p>\n\n\n\n<p>Um insbesondere manipulierte Pedelecs, das Verhalten der Nutzer und den allgemeinen Zustand der Zweir\u00e4der zu \u00fcberpr\u00fcfen, wurde eine Kontrollstelle in beide Fahrtrichtungen der Renzstra\u00dfe, H\u00f6he Bassermannstra\u00dfe, eingerichtet. Die kontrollierenden Beamten haben im Kontrollzeitraum insgesamt 45 Fahrr\u00e4der sowie 9 Pedelecs kontrolliert.<\/p>\n\n\n\n<p>Hierbei wurden 18 Verst\u00f6\u00dfe im Zusammenhang mit mangelhafter oder nicht vorhandener lichttechnischer Einrichtung festgestellt. 6 Fahrr\u00e4der hatten keine Klingel angebracht, insgesamt 6 Fahrer fuhren entgegengesetzt der Fahrtrichtung und insgesamt 5 Fahrer \u00fcberfuhren eine rote Ampel.<\/p>\n\n\n\n<p>Neben einer Ahndung der Verst\u00f6\u00dfe stand auch das verkehrserzieherische Gespr\u00e4ch im Vordergrund. Durch die Verkehrspr\u00e4vention wurde umfangreiches Material zur Verkehrspr\u00e4vention zur Verf\u00fcgung gestellt und fachkundige Beratung f\u00fcr Zweirad-Fahrer angeboten. Schlussendlich zeigten sich die Betroffenen einsichtig und bef\u00fcrworteten die Durchf\u00fchrung dieser zielgerichteten Kontrollen.<\/p>\n\n\n\n<h2 class=\"wp-block-heading\">(Mannheim) &#8211; Rund 25 Meter Kupferkabel entwendet \/ Polizei sucht Zeugen<\/h2>\n\n\n\n<p>Eine bisher unbekannte T\u00e4terschaft entwendete in der Zeit von Dienstag, 16 Uhr, und Mittwoch, 07 Uhr, auf der Neckarbr\u00fccke zwischen Mannheim-Seckenheim und Ilvesheim verlegtes und bereits in Betrieb genommenes Kupferkabel. Die Unbekannten nahmen ca. 25 Meter des Kabels an sich und fl\u00fcchteten in unbekannte Richtung. Der Diebstahlschaden wird auf ca. 500 Euro gesch\u00e4tzt.<\/p>\n\n\n\n<p>Aufgrund der Menge des Diebesgutes wird davon ausgegangen, dass das Kabel mit einem Fahrzeug abtransportiert wurde. <\/p>\n\n\n\n<ul>\n<li><strong>Zeugen, die verd\u00e4chtige Personen oder Fahrzeuge in Tatortn\u00e4he beobachten konnten oder sonstige sachdienliche Hinweise geben k\u00f6nnen, werden gebeten, sich unter der Tel.: 0621 \/ 48971 zu melden.<\/strong><\/li>\n<\/ul>\n\n\n\n<h2 class=\"wp-block-heading\">(Mannheim) &#8211; Fahranf\u00e4nger verursacht mehrere tausend Euro Schaden<\/h2>\n\n\n\n<p>Ein 18-j\u00e4hriger Ford-Fahrer befuhr mit seinen drei Beifahrern am Dienstagabend um 20:45 Uhr die Stra\u00dfe Sandrain. Auf H\u00f6he der Stolzeneckstra\u00dfe \u00fcbersah der 18-J\u00e4hrige den Pkw eines 37-j\u00e4hrigen BMW-Fahrers, der aus der Stolzeneckstra\u00dfe auf die Kreuzung fuhr. Bei dem Zusammensto\u00df wurde der Ford-Fahrer in einen Gartenzaun geschoben und in der Folge auf einen geparkten Peugeot abgewiesen. Durch die Aufprallwucht wurde der Peugeot in der Folge auf einen Volvo geschoben.<\/p>\n\n\n\n<p>Gl\u00fccklicherweise wurde der 18-J\u00e4hrige bei dem Unfall nur leicht verletzt. Seine drei Beifahrer, im Alter von 14 und 16-Jahren, wurden nicht verletzt. Die Jugendlichen wurden in die Obhut der Eltern \u00fcbergeben. Der Fahrer des BMW wurde ebenfalls nicht verletzt.<\/p>\n\n\n\n<p>Beide Unfallfahrzeuge mussten abgeschleppt werden, sowohl der Ford als auch der BMW wurden derma\u00dfen besch\u00e4digt, dass vermutlich bei beiden Pkw&#8217;s ein wirtschaftlicher Totalschaden vorliegt. Der Metallgartenzaun sowie die beiden geparkten Pkw wiesen ebenfalls deutliche Besch\u00e4digungen auf.<\/p>\n\n\n\n<p>Die Gesamtschadenssumme bel\u00e4uft sich auf mehrere tausend Euro im f\u00fcnfstelligen Bereich.<\/p>\n\n\n\n<p>Das Polizeirevier Mannheim-Neckarau hat die weiteren Ermittlungen aufgenommen.<\/p>\n\n\n\n<h2 class=\"wp-block-heading\">(Mannheim) &#8211; Unbekannte T\u00e4terschaft beschmiert fremdes Eigentum \/ Zeugen gesucht<\/h2>\n\n\n\n<p>Im Tatzeitraum von Montag 16 Uhr bis Dienstag 10 Uhr bespr\u00fchte eine bislang unbekannte T\u00e4terschaft zwei Schilder sowie einen Volleyballpfosten eines Strandbades im Strandbadweg mit Farbe.<\/p>\n\n\n\n<ul>\n<li><strong>Die Polizei ermittelt nun wegen Sachbesch\u00e4digung und bittet Zeugen, die Hinweise zu der Tat oder der bislang unbekannten T\u00e4terschaft mitteilen k\u00f6nnen, sich beim Polizeirevier Mannheim-Neckarau unter der Telefonnummer 0621 83397-0 zu melden.<\/strong><\/li>\n<\/ul>\n\n\n\n<h2 class=\"wp-block-heading\">(Mannheim) &#8211; Unbekannte T\u00e4terschaft besch\u00e4digt Fu\u00dfg\u00e4ngerampel und fl\u00fcchtet \/ Zeugen gesucht<\/h2>\n\n\n\n<p>Am Dienstagmorgen, gegen 08:50 Uhr, besch\u00e4digte eine bislang unbekannte T\u00e4terschaft mit einem unbekannten Fahrzeug im Einm\u00fcndungsbereich der Industriestra\u00dfe in die Diffenestra\u00dfe eine Fu\u00dfg\u00e4ngerampel.<\/p>\n\n\n\n<p>Hierbei wurde die Ampel so stark touchiert, dass das Geh\u00e4use nach unten gebrochen ist und der Schaden auf 1.000 Euro gesch\u00e4tzt wird.<\/p>\n\n\n\n<p>Da sich die unbekannte T\u00e4terschaft nach dem Unfall von der \u00d6rtlichkeit entfernte, ermittelt das Polizeirevier Mannheim-Neckarstadt nun hinsichtlich des unerlaubten Entfernen vom Unfallort. <\/p>\n\n\n\n<ul>\n<li><strong>Zeugen, die Hinweise zur Tat oder zur T\u00e4terschaft geben k\u00f6nnen, werden gebeten, sich unter der Telefonnummer 0621 3301-0 zu melden.<\/strong><\/li>\n<\/ul>\n\n\n\n<h2 class=\"wp-block-heading\">(Mannheim) &#8211; Vier M\u00e4nner wegen des Verdachts des unerlaubten Handeltreibens mit &#8222;neuer Art&#8220; von Bet\u00e4ubungsmitteln in nicht geringer Menge festgenommen und auf Antrag der Staatsanwaltschaft Mannheim in Untersuchungshaft<\/h2>\n\n\n\n<h3 class=\"wp-block-heading\">Gemeinsame Pressemitteilung der Staatsanwaltschaft Mannheim und des Polizeipr\u00e4sidiums Mannheim<a href=\"https:\/\/www.facebook.com\/sharer.php?u=https%3A%2F%2Fwww.presseportal.de%2Fblaulicht%2Fpm%2F14915%2F5754297%2F%3Futm_source%3Dfacebook%26utm_medium%3Dsocial\"><\/a><a href=\"https:\/\/twitter.com\/intent\/tweet?text=POL-MA%3A%20Mannheim%3A%20Gemeinsame%20Pressemitteilung%20der%20Staatsanwaltschaft%20Mannheim%20und%20des%20Polizeipr%C3%A4sidiums%20Mannheim&amp;url=https%3A%2F%2Fwww.presseportal.de%2Fblaulicht%2Fpm%2F14915%2F5754297%2F%3Futm_source%3Dtwitter%26utm_medium%3Dsocial&amp;hashtags=ots&amp;lang=de\"><\/a><a href=\"https:\/\/web.whatsapp.com\/send?text=POL-MA%3A%20Mannheim%3A%20Gemeinsame%20Pressemitteilung%20der%20Staatsanwaltschaft%20Mannheim%20und%20des%20Polizeipr%C3%A4sidiums%20Mannheim%0A%0Ahttps%3A%2F%2Fwww.presseportal.de%2Fblaulicht%2Fpm%2F14915%2F5754297%2F%3Futm_source%3Dwhatsapp%26utm_medium%3Dsocial\"><\/a><a href=\"https:\/\/www.xing.com\/app\/user?op=share;url=https%3A%2F%2Fwww.presseportal.de%2Fblaulicht%2Fpm%2F14915%2F5754297%2F%3Futm_source%3Dxing%26utm_medium%3Dsocial\"><\/a><a href=\"http:\/\/www.linkedin.com\/shareArticle?mini=true&amp;url=https%3A%2F%2Fwww.presseportal.de%2Fblaulicht%2Fpm%2F14915%2F5754297%2F%3Futm_source%3Dlinkedin%26utm_medium%3Dsocial&amp;title=POL-MA%3A+Mannheim%3A+Gemeinsame+Pressemitteilung+der+Staatsanwaltschaft+Mannheim+und+des+Polizeipr%C3%A4sidiums+Mannheim\"><\/a><a href=\"mailto:?subject=POL-MA%3A%20Mannheim%3A%20Gemeinsame%20Pressemitteilung%20der%20Staatsanwaltschaft%20Mannheim%20und%20des%20Polizeipr%C3%A4sidiums%20Mannheim&amp;body=https:\/\/www.presseportal.de\/blaulicht\/pm\/14915\/5754297\"><\/a><\/h3>\n\n\n<div class=\"wp-block-image\">\n<figure class=\"aligncenter\"><a href=\"https:\/\/cache.pressmailing.net\/thumbnail\/story_hires\/1527ff0f-ebef-47c4-8e12-8be00bd9ea7f\/EGRGBtM.jpg.jpg\"><img decoding=\"async\" src=\"https:\/\/cache.pressmailing.net\/thumbnail\/story_big\/1527ff0f-ebef-47c4-8e12-8be00bd9ea7f\/pol-ma-mannheim-gemeinsame-pressemitteilung-der-staatsanwaltschaft-mannheim-und-des-polizeipr-sidium\" alt=\"POL-MA: Mannheim: Gemeinsame Pressemitteilung der Staatsanwaltschaft Mannheim und des Polizeipr\u00e4sidiums Mannheim\"\/><\/a><\/figure><\/div>\n\n\n<p>Auf Antrag der Staatsanwaltschaft Mannheim wurden Haftbefehle gegen einen 19-j\u00e4hrigen, einen 20-j\u00e4hrigen, einen 21-j\u00e4hrigen und einen 26-j\u00e4hrigen Mann erlassen.<\/p>\n\n\n\n<p>Aufgrund umfangreicher Ermittlungen der Beamtinnen und Beamten der Ermittlungsgruppe Rauschgift der Kriminalpolizeidirektion Heidelberg des Polizeipr\u00e4sidiums Mannheim und der Staatsanwaltschaft Mannheim, stehen vier M\u00e4nner im Verdacht, sich in dem Zeitraum ab M\u00e4rz 2024 zusammengeschlossen zu haben, um insbesondere mit einer &#8222;neuen Art&#8220; von Bet\u00e4ubungsmitteln, der sogenannten &#8222;El Tusi&#8220;-Droge, in verschiedenen Clubs unerlaubt Handel zu treiben und sich hieraus eine nicht nur vor\u00fcbergehende Einnahmequelle zu erschlie\u00dfen. Bei der synthetischen Droge &#8222;El Tusi&#8220; soll es sich um ein Gemisch aus MDMA, Ketamin und Inosat handeln.<\/p>\n\n\n\n<p>Am 09.03.2024 gegen 02 Uhr sollen der 26-j\u00e4hrige Tatverd\u00e4chtige und eine bislang unbekannte Person in einer Bar im Stadtbezirk Mannheim mindestens an eine Person eine Kleinmenge des Bet\u00e4ubungsmittels &#8222;El Tusi&#8220; in einem Eppendorfgef\u00e4\u00df verkauft haben.<\/p>\n\n\n\n<p>Am 20.03.2024 soll der 26-J\u00e4hrige auf einem Parkplatz im Bereich Mannheim gegen 19 Uhr circa 20 Gramm des Bet\u00e4ubungsmittels &#8222;El Tusi&#8220; in f\u00fcnf Eppendorfgef\u00e4\u00dfen an eine Person verkauft haben.<\/p>\n\n\n\n<p>Am 03.04.2024 gegen 17:40 Uhr sollen sich die vier Tatverd\u00e4chtigen wieder auf dem Parkplatz im Bereich Mannheim getroffen haben, um circa 1 Kg des Bet\u00e4ubungsmittels &#8222;El Tusi&#8220; zu einem Preis im unteren f\u00fcnfstelligen Bereich zum Verkauf anzubieten.<\/p>\n\n\n\n<p>Aufgrund der bereits laufenden Ermittlungen konnten die vier M\u00e4nner noch am Abend des 03.04.2024 an der Verkaufs\u00f6rtlichkeit vorl\u00e4ufig festgenommen und das Bet\u00e4ubungsmittel sichergestellt werden. Bei Durchsuchungsma\u00dfnahmen an drei Wohnanschriften der vier Tatverd\u00e4chtigen im Bereich Mannheim konnten insgesamt weitere 54 Eppendorfgef\u00e4\u00dfe gef\u00fcllt mit dem Bet\u00e4ubungsmittel &#8222;El Tusi&#8220; sichergestellt werden. Bei der Wohnungsdurchsuchung des 21-J\u00e4hrigen wurden zudem eine Schreckschusswaffe und Bargeld in H\u00f6he von \u00fcber 1.100 EUR aufgefunden und sichergestellt.<\/p>\n\n\n\n<p>Die Tatverd\u00e4chtigen wurden am 04.04.2024 dem Ermittlungsrichter des Amtsgerichts Mannheim vorgef\u00fchrt. Dieser erlie\u00df auf Antrag der Staatsanwaltschaft Mannheim jeweils Haftbefehle wegen Handeltreibens mit Bet\u00e4ubungsmitteln in zwei F\u00e4llen und Handeltreibens mit Bet\u00e4ubungsmittel in nicht geringer Menge und setzte diese in Vollzug. Anschlie\u00dfend wurden die vier Tatverd\u00e4chtigen in unterschiedliche Justizvollzugsanstalten gebracht.<\/p>\n\n\n\n<p>Die Ermittlungen der Staatsanwaltschaft Mannheim und der Ermittlungsgruppe Rauschgift der Kriminalpolizeidirektion Heidelberg des Polizeipr\u00e4sidiums Mannheim dauern weiter an.<\/p>\n\n\n\n<h2 class=\"wp-block-heading\">(Heidelberg) &#8211; Unbedachtes Mitf\u00fchren von Spielzeugwaffen l\u00f6st Polizeieinsatz aus<\/h2>\n\n\n<div class=\"wp-block-image\">\n<figure class=\"aligncenter size-full\"><img decoding=\"async\" loading=\"lazy\" width=\"800\" height=\"533\" src=\"https:\/\/speyer24news.com\/wp-content\/uploads\/2022\/06\/Blaulicht.jpg\" alt=\"\" class=\"wp-image-46705\" srcset=\"https:\/\/speyer24news.com\/wp-content\/uploads\/2022\/06\/Blaulicht.jpg 800w, https:\/\/speyer24news.com\/wp-content\/uploads\/2022\/06\/Blaulicht-300x200.jpg 300w, https:\/\/speyer24news.com\/wp-content\/uploads\/2022\/06\/Blaulicht-768x512.jpg 768w\" sizes=\"(max-width: 800px) 100vw, 800px\" \/><\/figure><\/div>\n\n\n<p>Am Mittwochnachmittag, kurz nach 16.30 Uhr, l\u00f6sten drei heranwachsende M\u00e4nner im Alter von 18 bis 19 Jahren durch das unbedachte Mitf\u00fchren von Spielzeugwaffen im Bereich der Rohrbacher Stra\u00dfe in Heidelberg einen Polizeieinsatz aus. Auf dem Weg zu einem Verkehrsunfall wurde eine Streifenbesatzung des Polizeireviers Heidelberg-Mitte auf die drei Heranwachsenden aufmerksam, da mindestens eine dieser Personen beim Verlassen eines Einkaufszentrums sichtbar eine Schusswaffe in der Hand mitf\u00fchrte. Die Streife handelte sofort und sprach die Personen zielgerichtet an. Nachdem alle Personen den polizeilichen Anweisungen Folge leisteten, konnte durch die Beamten schnell gekl\u00e4rt werden, dass jeder der Heranwachsenden eine Spielzeugwaffe mitf\u00fchrte. Nach Feststellung ihrer Personalien beim zust\u00e4ndigen Polizeirevier wurden die Heranwachsenden mit einer eindringlichen Ermahnung wieder entlassen. Im Nachgang muss gekl\u00e4rt werden, ob es sich bei den Spielzeugwaffen um sogenannte Anscheinswaffen handelt und sich die drei Heranwachsenden m\u00f6glicherweise wegen eines Versto\u00dfes gegen das Waffengesetz verantworten m\u00fcssen. Die Ermittlungen hierzu werden durch das Polizeirevier Heidelberg-Mitte gef\u00fchrt.<\/p>\n\n\n\n<h2 class=\"wp-block-heading\">(Heidelberg) &#8211; Unfall mit alleinbeteiligtem Motorradfahrer<\/h2>\n\n\n\n<p>Am Mittwoch gegen 12:40 Uhr st\u00fcrzte ein 22-j\u00e4hriger Motorradfahrer alleinbeteiligt zwischen Kohlhof und Waldhilsbach. Bei dem Unfall wurde der Motorradfahrer verletzt. Wom\u00f6glich kam der Fahrer aufgrund nicht angepasster Geschwindigkeit von der Fahrbahn ab und kollidiert mit einem Stein und st\u00fcrzte zu Boden. \u00dcber das Ausma\u00df der Verletzungen kann bislang keine Auskunft erteilt werden. Rettungskr\u00e4fte und Einsatzkr\u00e4fte der Polizei und Feuerwehr befinden sich vor Ort. W\u00e4hrend der Unfallaufnahme muss der Neuer Hilsbacher Weg zwischen Krausteinweg und Oberer Sandweg (Zwischen Kohlhof und Waldhilsbach) gesperrt werden.<\/p>\n\n\n\n<h2 class=\"wp-block-heading\">(Heidelberg) &#8211; Frau bei Unfall verletzt<\/h2>\n\n\n\n<p>Am Mittwoch um 10:50 Uhr ereignete sich im Stadtteil Handschuhsheim in der M\u00fchltalstra\u00dfe ein Unfall, bei dem eine Fu\u00dfg\u00e4ngerin verletzt wurde. Nach bisherigem Stand der Unfallermittlungen rangierte ein Pkw r\u00fcckw\u00e4rts und kollidierte mit der Frau, die zu diesem Zeitpunkt die Stra\u00dfe zu Fu\u00df \u00fcberqueren wollte. In der Folge st\u00fcrzte die Fu\u00dfg\u00e4ngerin und verletzt sich. \u00dcber das genaue Verletzungsbild kann derzeit noch keine Aussage getroffen werden. Im Rahmen der Unfallaufnahme kann es zu Verkehrsbeeintr\u00e4chtigungen kommen.<\/p>\n\n\n\n<h2 class=\"wp-block-heading\">(Heidelberg) &#8211; Nachtrag zu &#8222;Nach Arbeitsunfall Schleuse Hirschhorn gesperrt&#8220;<\/h2>\n\n\n\n<p>Am Dienstagmorgen, 09. April 2024, verlud gegen ca. 08:30 Uhr ein sogenannter Seilbaggerkran ein von der Neckarschleuse Hirschhorn demontiertes Schleusentor auf ein G\u00fctermotorschiff. Aus bislang unbekannten Gr\u00fcnden kippte der Kran auf das G\u00fctermotorschiff (siehe Pressemitteilung (<a target=\"_blank\" rel=\"noreferrer noopener\" href=\"http:\/\/presseportal.de\/blaulicht\/pm\/110981\/5753160\">http:\/\/presseportal.de\/blaulicht\/pm\/110981\/5753160<\/a>).<\/p>\n\n\n\n<p>Der umgest\u00fcrzte Baggerseil-Kran konnte am Nachmittag des 09. April 2024 durch das Wasser- und Schifffahrtsamt aus der Schifffahrtsrinne geborgen werden. Im Anschluss wurde gegen 18:00 Uhr die Schifffahrt wieder freigegeben. Insgesamt kam es zu einer Stauung von elf G\u00fctermotorschiffen. Die Schleuse Hirschhorn blieb aufgrund dessen auch \u00fcber Nacht in Betrieb. Aktuell kommt es aufgrund der eingeschr\u00e4nkten Schleusenkapazit\u00e4t weiterhin zu Behinderungen. Es wird zum jetzigen Zeitpunkt von einer Gesamtschadensh\u00f6he von mehreren zehntausend Euro ausgegangen. Die Unfallursache ist nach wie vor Gegenstand der laufenden Ermittlungen.<\/p>\n\n\n\n<h2 class=\"wp-block-heading\">(Hockenheim \/ Rhein-Neckar-Kreis) &#8211; Verkehrsunfall mit Rollstuhlfahrerin<a href=\"https:\/\/www.facebook.com\/sharer.php?u=https%3A%2F%2Fwww.presseportal.de%2Fblaulicht%2Fpm%2F14915%2F5754493%2F%3Futm_source%3Dfacebook%26utm_medium%3Dsocial\"><\/a><a href=\"https:\/\/twitter.com\/intent\/tweet?text=POL-MA%3A%20Hockenheim%2FRhein-Neckar-Kreis%3A%20Verkehrsunfall%20mit%20Rollstuhlfahrerin%20-%20Pressemitteilung%20Nr.%201&amp;url=https%3A%2F%2Fwww.presseportal.de%2Fblaulicht%2Fpm%2F14915%2F5754493%2F%3Futm_source%3Dtwitter%26utm_medium%3Dsocial&amp;hashtags=ots&amp;lang=de\"><\/a><a href=\"https:\/\/web.whatsapp.com\/send?text=POL-MA%3A%20Hockenheim%2FRhein-Neckar-Kreis%3A%20Verkehrsunfall%20mit%20Rollstuhlfahrerin%20-%20Pressemitteilung%20Nr.%201%0A%0Ahttps%3A%2F%2Fwww.presseportal.de%2Fblaulicht%2Fpm%2F14915%2F5754493%2F%3Futm_source%3Dwhatsapp%26utm_medium%3Dsocial\"><\/a><a href=\"https:\/\/www.xing.com\/app\/user?op=share;url=https%3A%2F%2Fwww.presseportal.de%2Fblaulicht%2Fpm%2F14915%2F5754493%2F%3Futm_source%3Dxing%26utm_medium%3Dsocial\"><\/a><a href=\"http:\/\/www.linkedin.com\/shareArticle?mini=true&amp;url=https%3A%2F%2Fwww.presseportal.de%2Fblaulicht%2Fpm%2F14915%2F5754493%2F%3Futm_source%3Dlinkedin%26utm_medium%3Dsocial&amp;title=POL-MA%3A+Hockenheim%2FRhein-Neckar-Kreis%3A+Verkehrsunfall+mit+Rollstuhlfahrerin+-+Pressemitteilung+Nr.+1\"><\/a><a href=\"mailto:?subject=POL-MA%3A%20Hockenheim%2FRhein-Neckar-Kreis%3A%20Verkehrsunfall%20mit%20Rollstuhlfahrerin%20-%20Pressemitteilung%20Nr.%201&amp;body=https:\/\/www.presseportal.de\/blaulicht\/pm\/14915\/5754493\"><\/a><\/h2>\n\n\n\n<p>Am Mittwochnachmittag gegen 16:50 Uhr kam es in Hockenheim in der Unteren Hauptstra\u00dfe zu einer Verkehrsunfall zwischen einem PKW-F\u00fchrer und einer Rollstuhlfahrerin. Nach derzeitigem Stand der Unfallermittlungen \u00fcbersah der PKW-Fahrer die Rollstuhlfahrerin, die die Fahrbahn an einem &#8222;Zebrastreifen&#8220; queren wollte und stie\u00df mit dieser zusammen. \u00dcber das genaue Verletzungsbild kann derzeit noch keine Aussage getroffen werden. Der Rettungsdienst und die Polizei sind an der Unfallstelle. Es wird nachberichtet. (<em>10.04.2024 \u2013 17:15<\/em>)<\/p>\n\n\n\n<h3 class=\"wp-block-heading has-text-align-center\">Pressemitteilung Nr. 2<\/h3>\n\n\n\n<p>Wie bereits berichtet kam es am Mittwochnachmittag gegen 16:50 Uhr in Hockenheim in der Unteren Hauptstra\u00dfe zu einem Verkehrsunfall zwischen einem PKW-F\u00fchrer und einer Rollstuhlfahrerin. Die Unfallaufnahme ergab, dass die 93-j\u00e4hrige Rollstuhlfahrerin ordnungsgem\u00e4\u00df den Zebrastreifen \u00fcberquerte, als ein 81-j\u00e4hriger Fahrer eines PKW, Ford diese \u00fcbersah und es zu einem Zusammensto\u00df kam. Hierbei wurde die Frau leicht verletzt und am Unfallort durch den Rettungsdienst \u00e4rztlich versorgt. Aufgrund der leichten Kollision konnte bislang weder am Rollstuhl noch am Fahrzeug ein Sachschaden festgestellt werden. Das Polizeirevier Hockenheim hat die Ermittlungen aufgenommen.<\/p>\n\n\n\n<h2 class=\"wp-block-heading\">(A 6 \/ Heilbronn Richtung Mannheim) &#8211; Verkehrsunfall mit zwei beteiligten Lkw&#8217;s<\/h2>\n\n\n\n<p>Aktuell kommt es zwischen Wiesloch\/Rauenberg und dem Kreuz Walldorf aufgrund eines Verkehrsunfalls mit zwei beteiligten Lkw&#8217;s zu Verkehrsbeeintr\u00e4chtigungen. Der rechte Fahrstreifen und der Standstreifen sind derzeit gesperrt. Zum Unfallhergang oder verletzten Personen ist bislang noch nichts bekannt. (<em>10.04.2024 \u2013 09:15<\/em>)<\/p>\n\n\n\n<h2 class=\"wp-block-heading\">(Sinsheim \/ Rhein-Neckar-Kreis) &#8211; Fahrradfahrer st\u00fcrzt alleinbeteiligt<\/h2>\n\n\n<div class=\"wp-block-image\">\n<figure class=\"aligncenter size-full\"><img decoding=\"async\" loading=\"lazy\" width=\"800\" height=\"533\" src=\"https:\/\/speyer24news.com\/wp-content\/uploads\/2021\/01\/Ruhe-in-Frieden.jpg\" alt=\"\" class=\"wp-image-32361\" srcset=\"https:\/\/speyer24news.com\/wp-content\/uploads\/2021\/01\/Ruhe-in-Frieden.jpg 800w, https:\/\/speyer24news.com\/wp-content\/uploads\/2021\/01\/Ruhe-in-Frieden-300x200.jpg 300w, https:\/\/speyer24news.com\/wp-content\/uploads\/2021\/01\/Ruhe-in-Frieden-768x512.jpg 768w\" sizes=\"(max-width: 800px) 100vw, 800px\" \/><\/figure><\/div>\n\n\n<p>Am Mittwoch um kurz nach 13 Uhr st\u00fcrzte ein 49-j\u00e4hriger Fahrradfahrer alleinbeteiligt in der Steinsbergstra\u00dfe. Nach bisherigen Erkenntnissen fuhr der Mann \u00fcber einen Gr\u00fcnstreifen, um auf den Parkplatz eines Supermarktes aufzufahren. Hierbei fiel der Mann eine knapp \u00fcber einen Meter hohe Mauer hinunter und verletzte sich. \u00dcber das genaue Verletzungsbild kann noch keine Auskunft erteilt werden. Polizei und Rettungsdienst befinden sich derzeit im Einsatz. (<em>10.04.2024 \u2013 13:31<\/em>)<\/p>\n\n\n\n<h3 class=\"wp-block-heading has-text-align-center\">Pressemeldung Nr. 2<\/h3>\n\n\n\n<p>Der in der Steinsbergstra\u00dfe alleinbeteiligt gest\u00fcrzte 49-j\u00e4hrige Radfahrer zog sich hierbei schwerste Verletzungen zu. Er erlag noch an der Unfallstelle seinen Verletzungen. Der Verkehrsdienst Heidelberg hat die weiteren Ermittlungen \u00fcbernommen.<\/p>\n\n\n\n<h2 class=\"wp-block-heading\">(B 45 , B 39, B 292 \/ Sinsheim \/ Rhein-Neckar-Kreis) &#8211; Unbekannter Autofahrer gef\u00e4hrdet Verkehrsteilnehmer \/ Zeugen gesucht<\/h2>\n\n\n<div class=\"wp-block-image\">\n<figure class=\"aligncenter size-full\"><img decoding=\"async\" loading=\"lazy\" width=\"801\" height=\"600\" src=\"https:\/\/speyer24news.com\/wp-content\/uploads\/2020\/05\/Zeugen-gesucht-Neutral.jpg\" alt=\"\" class=\"wp-image-26598\" srcset=\"https:\/\/speyer24news.com\/wp-content\/uploads\/2020\/05\/Zeugen-gesucht-Neutral.jpg 801w, https:\/\/speyer24news.com\/wp-content\/uploads\/2020\/05\/Zeugen-gesucht-Neutral-300x225.jpg 300w, https:\/\/speyer24news.com\/wp-content\/uploads\/2020\/05\/Zeugen-gesucht-Neutral-768x575.jpg 768w, https:\/\/speyer24news.com\/wp-content\/uploads\/2020\/05\/Zeugen-gesucht-Neutral-678x509.jpg 678w, https:\/\/speyer24news.com\/wp-content\/uploads\/2020\/05\/Zeugen-gesucht-Neutral-326x245.jpg 326w, https:\/\/speyer24news.com\/wp-content\/uploads\/2020\/05\/Zeugen-gesucht-Neutral-80x60.jpg 80w\" sizes=\"(max-width: 801px) 100vw, 801px\" \/><\/figure><\/div>\n\n\n<p>Ein bislang unbekannter Autofahrer befuhr am Dienstag gegen 11:15 Uhr die B39 und B45 von Sinsheim kommend in Richtung Hoffenheim, als er durch sein r\u00fccksichtloses Fahrverhalten mehrere Verkehrsteilnehmer gef\u00e4hrdete.<\/p>\n\n\n\n<p>Zun\u00e4chst \u00fcberholte der unbekannte Fahrer, vermutlich mit einem braunen Dacia Logan, in einem un\u00fcbersichtlichen Kurvenbereich einen Rettungswagen. Der 25-j\u00e4hrige Rettungswagenfahrer musste stark abbremsen, um das Einscheren des Unbekannten zu erm\u00f6glichen, da im Gegenverkehr Fahrzeuge herannahten.<\/p>\n\n\n\n<p>In einem anschlie\u00dfenden Kurvenbereich, in dem das \u00dcberholen untersagt ist, scherte der unbekannte Autofahrer erneut zum \u00dcberholen aus, musste den Vorgang jedoch abbrechen, weil ihm abermals Fahrzeuge entgegenkamen. Kurze Zeit sp\u00e4ter \u00fcberholte der Unbekannte ein vor ihm fahrenden Smart sowie ein Fahrschulauto in einem 30-km\/h-Bereich der Sinsheimer Stra\u00dfe in der Ortsdurchfahrt Hoffenheim.<\/p>\n\n\n\n<p>Das Polizeirevier Sinsheim ermittelt nun wegen Gef\u00e4hrdung des Stra\u00dfenverkehrs und wegen des verkehrswidrigen Verhaltens des Autofahrers und bittet um Mitteilung von Zeugen, die durch das Fahrverhalten des bislang unbekannten Fahrers gef\u00e4hrdet wurden oder sachdienliche Hinweise zum Tathergang machen k\u00f6nnen. Diese werden gebeten sich unter der Telefonnummer 07261 690-0 zu melden.<\/p>\n\n\n\n<h2 class=\"wp-block-heading\">(Waibstadt \/ Rhein-Neckar-Kreis) &#8211; Fahrradfahrerin verletzt sich bei Sturz<\/h2>\n\n\n\n<p>Am Dienstagmorgen, gegen 07 Uhr, befuhr eine 52-j\u00e4hrige Fahrradfahrerin die Lo\u00dfstra\u00dfe, als diese aus bislang ungekl\u00e4rter Ursache die Kontrolle \u00fcber ihr Fahrrad verlor und st\u00fcrzte.<\/p>\n\n\n\n<p>Eine zur Hilfe eilende 43-j\u00e4hrige Frau verst\u00e4ndigte umgehend die Polizei und den Rettungsdienst. Die gest\u00fcrzte Radfahrerin wurde durch die Rettungskr\u00e4fte vor Ort medizinisch versorgt und zur weiteren Behandlung mit einem Rettungshubschrauber in ein Krankenhaus geflogen. Die 52-J\u00e4hrige wurde schwer, aber nicht lebensgef\u00e4hrlich verletzt. An dem Fahrrad entstand kein Sachschaden.<\/p>\n\n\n\n<p>Der Bezirksdienst Sinsheim hat die Ermittlungen aufgenommen.<\/p>\n\n\n\n<h2 class=\"wp-block-heading\">(Eschelbronn \/ Rhein-Neckar-Kreis) &#8211; 30-J\u00e4hriger f\u00e4hrt Auto mit fast zwei Promille<\/h2>\n\n\n\n<p>Ein 30-j\u00e4hriger Honda-Fahrer befuhr mit seinem Auto am Dienstag um 23:15 Uhr die Blumenstra\u00dfe und bog nach rechts in die Industriestra\u00dfe ein, wobei er eine Betonmauer von einem angrenzenden Anwesen streifte. Eine aufmerksame Zeugin beobachtete, wie der Autofahrer kurz nach der Kollision mitten auf der Fahrbahn zum Stillstand kam, aus dem Fahrzeug stieg und versuchte, dieses auf einen nahegelegenen Parkplatz zu schieben. Die 49-j\u00e4hrige Zeugin verst\u00e4ndigte daraufhin umgehend die Polizei.<\/p>\n\n\n\n<p>Die Beamten stellten starke alkoholbedingte Ausfallerscheinungen bei dem Fahrzeugf\u00fchrer fest. Der Verdacht, dass dieser unter dem Einfluss von Alkohol sein Auto f\u00fchrte, best\u00e4tigte sich, nachdem ein Atemalkoholtest einen Wert von knapp zwei Promille anzeigte. In Folge dessen wurde dem Verantwortlichen eine Blutprobe entnommen und sein F\u00fchrerschein sichergestellt. Auch die Weiterfahrt wurde ihm untersagt und die Fahrerlaubnisbeh\u00f6rde \u00fcber die Tat in Kenntnis gesetzt.<\/p>\n\n\n\n<p>Eine Schadensh\u00f6he an dem Fahrzeug kann derzeit nicht beziffert werden. An der Betonwand des Anwesens entstand kein Sachschaden. Der Fahrzeugf\u00fchrer blieb in Folge des Aufpralls gl\u00fccklicherweise unverletzt. Dieser muss sich nun wegen des Verdachts der Trunkenheit im Verkehr verantworten. Das Polizeirevier Sinsheim hat die Ermittlungen aufgenommen.<\/p>\n\n\n\n<h2 class=\"wp-block-heading\">(Weinheim \/ Rhein-Neckar-Kreis) &#8211; Rollerfahrer entzieht sich Kontrolle und beleidigt Polizeibeamte<\/h2>\n\n\n\n<p>Am Dienstagmittag versuchte sich ein 16-j\u00e4hriger Rollerfahrer in der Kapellenstra\u00dfe einer Polizeikontrolle zu entziehen, in dem er \u00fcber das Gel\u00e4nde eines Spielplatzes fl\u00fcchtete.<\/p>\n\n\n\n<p>Um 13:40 Uhr wurde eine Polizeistreife des Polizeireviers Weinheim auf den Rollerfahrer sowie seinen ebenfalls 16-j\u00e4hrigen Sozius aufmerksam. Die beiden Jugendlichen hatten ihre Helme w\u00e4hrend der Fahrt nicht ordnungsgem\u00e4\u00df aufgezogen, weshalb sie einer Kontrolle unterzogen werden sollten. Anstatt den Anhaltezeichen des Streifenteams Folge zu leisten, gab der Fahrer pl\u00f6tzlich Gas und fl\u00fcchtete \u00fcber einen Spielplatz. W\u00e4hrend der Flucht klappte der Sozius das Kennzeichen so um, dass es nicht mehr zu lesen war. Schon nach wenigen Metern konnte das Streifenteam die beiden 16-J\u00e4hrigen jedoch in der Hopfenstra\u00dfe einholen und einer Kontrolle unterziehen. Wie sich herausstellte war das Kennzeichen des Rollers bereits abgelaufen und somit nicht mehr g\u00fcltig. Au\u00dferdem fehlte dem uneinsichtigen Fahrer die erforderliche Fahrerlaubnis, weshalb ihm die Weiterfahrt untersagt wurde. F\u00fcr weitere Geschwindigkeits\u00fcberpr\u00fcfungen wurde der Roller abgeschleppt und auf den Rollenpr\u00fcfstand gebracht.<\/p>\n\n\n\n<p>Das Polizeirevier Weinheim hat die Ermittlungen aufgenommen.<\/p>\n","protected":false},"excerpt":{"rendered":"<div class=\"mh-excerpt\"><p>Polizeimeldungen vom Mittwoch (10.04.2024) (B 9 \/ Speyer \/ Germersheim \/ W\u00f6rth &#8211; Falschfahrer auf der B9 Mittwochnacht, ab 02:20 Uhr meldeten mehrere Verkehrsteilnehmer einen Falschfahrer auf der B9 Richtungsfahrbahn Nord (Ludwigshafen\/Frankenthal), der in s\u00fcdliche <a class=\"mh-excerpt-more\" href=\"https:\/\/speyer24news.com\/?p=59246\" title=\"Polizeimeldungen Mittwoch (10.04.24)\">[&#8230;]<\/a><\/p>\n<\/div>","protected":false},"author":3,"featured_media":26162,"comment_status":"open","ping_status":"open","sticky":false,"template":"","format":"standard","meta":{"_monsterinsights_skip_tracking":false,"_monsterinsights_sitenote_active":false,"_monsterinsights_sitenote_note":"","_monsterinsights_sitenote_category":0,"footnotes":""},"categories":[15659],"tags":[7273,7243,7244,10926,13554,350,14537,15084,15267,14538,15361,61,2555,14113,6955,6986,6263,63,105,11150,6987,53,13540,16956,18099,17274,4683,14958,12967,102,13626,213,14325,14324,13553,13541,16955,2625,380],"aioseo_notices":[],"amp_enabled":true,"_links":{"self":[{"href":"https:\/\/speyer24news.com\/index.php?rest_route=\/wp\/v2\/posts\/59246"}],"collection":[{"href":"https:\/\/speyer24news.com\/index.php?rest_route=\/wp\/v2\/posts"}],"about":[{"href":"https:\/\/speyer24news.com\/index.php?rest_route=\/wp\/v2\/types\/post"}],"author":[{"embeddable":true,"href":"https:\/\/speyer24news.com\/index.php?rest_route=\/wp\/v2\/users\/3"}],"replies":[{"embeddable":true,"href":"https:\/\/speyer24news.com\/index.php?rest_route=%2Fwp%2Fv2%2Fcomments&post=59246"}],"version-history":[{"count":4,"href":"https:\/\/speyer24news.com\/index.php?rest_route=\/wp\/v2\/posts\/59246\/revisions"}],"predecessor-version":[{"id":59270,"href":"https:\/\/speyer24news.com\/index.php?rest_route=\/wp\/v2\/posts\/59246\/revisions\/59270"}],"wp:featuredmedia":[{"embeddable":true,"href":"https:\/\/speyer24news.com\/index.php?rest_route=\/wp\/v2\/media\/26162"}],"wp:attachment":[{"href":"https:\/\/speyer24news.com\/index.php?rest_route=%2Fwp%2Fv2%2Fmedia&parent=59246"}],"wp:term":[{"taxonomy":"category","embeddable":true,"href":"https:\/\/speyer24news.com\/index.php?rest_route=%2Fwp%2Fv2%2Fcategories&post=59246"},{"taxonomy":"post_tag","embeddable":true,"href":"https:\/\/speyer24news.com\/index.php?rest_route=%2Fwp%2Fv2%2Ftags&post=59246"}],"curies":[{"name":"wp","href":"https:\/\/api.w.org\/{rel}","templated":true}]}}