{"id":59273,"date":"2024-04-13T13:27:51","date_gmt":"2024-04-13T12:27:51","guid":{"rendered":"https:\/\/speyer24news.com\/?p=59273"},"modified":"2024-04-13T13:34:20","modified_gmt":"2024-04-13T12:34:20","slug":"polizeimeldungen-freitag-12-04-24","status":"publish","type":"post","link":"https:\/\/speyer24news.com\/?p=59273","title":{"rendered":"Polizeimeldungen Freitag (12.04.24)"},"content":{"rendered":"<style type=\"text\/css\">\r\n\t.ads_top_disp{}\r\n\t.ads_top_corner_disp{ float:left; margin:0px 10px 10px 0px; }\r\n\t.ads_first_p_disp{}\r\n\t.ads_bottom_disp{}\r\n\t<\/style>\n<h2 class=\"wp-block-heading\">Polizeimeldungen vom Freitag (12.04.2024)<\/h2>\n\n\n<div class=\"wp-block-image\">\n<figure class=\"aligncenter size-full\"><img decoding=\"async\" loading=\"lazy\" width=\"375\" height=\"500\" src=\"https:\/\/speyer24news.com\/wp-content\/uploads\/2022\/03\/Aktuelles-Polizeilogo.jpg\" alt=\"\" class=\"wp-image-43591\" srcset=\"https:\/\/speyer24news.com\/wp-content\/uploads\/2022\/03\/Aktuelles-Polizeilogo.jpg 375w, https:\/\/speyer24news.com\/wp-content\/uploads\/2022\/03\/Aktuelles-Polizeilogo-225x300.jpg 225w\" sizes=\"(max-width: 375px) 100vw, 375px\" \/><\/figure><\/div>\n\n\n<h2 class=\"wp-block-heading\">(Speyer) &#8211; Unfall zwischen Radfahrern<\/h2>\n\n\n\n<p>Am Donnerstag, gegen 17:45 Uhr fuhren eine 9- und zwei 14-J\u00e4hrige mit ihren Fahrr\u00e4dern auf dem geteilten Rad-\/Gehweg der Landwehrstra\u00dfe in die nicht freigegebene Fahrtrichtung. Auf H\u00f6he eines Autohauses kam den jungen Radfahrerinnen ein 58-j\u00e4hriger Radfahrer entgegen, der in die vorgeschriebene Fahrtrichtung fuhr. Der 58-J\u00e4hrige und die 9-J\u00e4hrige stie\u00dfen zusammen, infolge dessen sich der Radfahrer \u00fcberschlug und das M\u00e4dchen noch gegen einen ordnungsgem\u00e4\u00df geparkten PKW stie\u00df. Das M\u00e4dchen verletzte sich leicht an den Schienbeinen und Knien, der Mann zog sich trotz getragenem Helm eine Platzwunde im Gesicht zu und wurde zur weiteren Behandlung vom Rettungsdienst in ein Krankenhaus verbracht. An den Fahrzeugen entstand ein Schaden in mittlerer, dreistelliger H\u00f6he.<\/p>\n\n\n\n<h2 class=\"wp-block-heading\">(Otterstadt) &#8211; Unfall mit verletzter Radfahrerin<\/h2>\n\n\n\n<p>Am Donnerstag, kurz vor 20 Uhr fuhr ein 25-j\u00e4hriger PKW-Fahrer hinter einem unbeteiligten Traktor in der Mannheimer Stra\u00dfe. An der Einm\u00fcndung zur Stra\u00dfe Zum Schmalen Behl bog der PKW-Fahrer nach links ab, hierbei \u00fcbersah er eine entgegenkommende, 25-j\u00e4hrige Radfahrerin, die gerade am Traktor vorbeifuhr. Die Radfahrerin stie\u00df mit dem PKW zusammen, st\u00fcrzte und verletzte sich leicht an den Beinen und dem linken Ellenbogen. Sie wurde vom Rettungsdienst f\u00fcr weitere Untersuchungen in ein Krankenhaus verbracht. An den Fahrzeugen entstand ein Gesamtschaden in H\u00f6he von ca. 1000 Euro.<\/p>\n\n\n\n<h2 class=\"wp-block-heading\">(W\u00f6rth) &#8211; Spind Aufbr\u00fcche im Hallenbad<\/h2>\n\n\n\n<p>Donnerstagnachmittag zwischen 17-18 Uhr wurden im W\u00f6rther Hallenbad 20 Spinde aufgebrochen und Gegenst\u00e4nde im Wert von ca. 2700 Euro entwendet. Das Bad war zum Tatzeitraum gut besucht. Eine Strafanzeige gegen unbekannt wurde aufgenommen. Die Ermittlungen dauern an.<\/p>\n\n\n\n<ul>\n<li><strong>Zeugen\/Hinweisgeber werden gebeten mit der Polizei in W\u00f6rth Kontakt aufzunehmen.<\/strong><\/li>\n<\/ul>\n\n\n\n<h2 class=\"wp-block-heading\">(Pleisweiler-Oberhofen) &#8211; Diebe unterwegs \/ Zeugen gesucht<\/h2>\n\n\n\n<p>W\u00e4hrend des Einkaufs in einem Einkaufsmarkt im Industriegebiet Pleisweiler-Oberhofen, Im Weidfeld 2, kam es am 11.04.2024, zwischen 11:00 und 12:00 Uhr, zum Diebstahl der Geldb\u00f6rse eines 74-J\u00e4hrigen. In einem unbeobachteten Moment wurde die Geldb\u00f6rse aus dem Einkaufswagen genommen und entwendet. <\/p>\n\n\n\n<ul>\n<li><strong>Gesucht werden in diesem Zusammenhang zwei M\u00e4nner im Alter zwischen 45 und 60 Jahren, beide haben dunkle Baseball-M\u00fctzen getragen. <\/strong><\/li>\n<\/ul>\n\n\n\n<ul>\n<li><strong>Zeugen, die Hinweise zu den beiden M\u00e4nnern machen k\u00f6nnen, werden gebeten sich mit der Polizeiinspektion Bad Bergzabern unter 06343\/93340 oder&nbsp;<a href=\"mailto:%20pibadbergzabern@polizei.rlp.de\">pibadbergzabern@polizei.rlp.de<\/a>&nbsp;in Verbindung zu setzen.<\/strong><\/li>\n<\/ul>\n\n\n\n<h2 class=\"wp-block-heading\">(Birkenh\u00f6rdt) &#8211; Pkw landet auf dem Dach<a href=\"https:\/\/www.facebook.com\/sharer.php?u=https%3A%2F%2Fwww.presseportal.de%2Fblaulicht%2Fpm%2F117686%2F5755567%2F%3Futm_source%3Dfacebook%26utm_medium%3Dsocial\"><\/a><a href=\"https:\/\/twitter.com\/intent\/tweet?text=POL-PDLD%3A%20Pkw%20landet%20auf%20dem%20Dach&amp;url=https%3A%2F%2Fwww.presseportal.de%2Fblaulicht%2Fpm%2F117686%2F5755567%2F%3Futm_source%3Dtwitter%26utm_medium%3Dsocial&amp;hashtags=ots&amp;lang=de\"><\/a><a href=\"https:\/\/web.whatsapp.com\/send?text=POL-PDLD%3A%20Pkw%20landet%20auf%20dem%20Dach%0A%0Ahttps%3A%2F%2Fwww.presseportal.de%2Fblaulicht%2Fpm%2F117686%2F5755567%2F%3Futm_source%3Dwhatsapp%26utm_medium%3Dsocial\"><\/a><a href=\"https:\/\/www.xing.com\/app\/user?op=share;url=https%3A%2F%2Fwww.presseportal.de%2Fblaulicht%2Fpm%2F117686%2F5755567%2F%3Futm_source%3Dxing%26utm_medium%3Dsocial\"><\/a><a href=\"http:\/\/www.linkedin.com\/shareArticle?mini=true&amp;url=https%3A%2F%2Fwww.presseportal.de%2Fblaulicht%2Fpm%2F117686%2F5755567%2F%3Futm_source%3Dlinkedin%26utm_medium%3Dsocial&amp;title=POL-PDLD%3A+Pkw+landet+auf+dem+Dach\"><\/a><a href=\"mailto:?subject=POL-PDLD%3A%20Pkw%20landet%20auf%20dem%20Dach&amp;body=https:\/\/www.presseportal.de\/blaulicht\/pm\/117686\/5755567\"><\/a><\/h2>\n\n\n<div class=\"wp-block-image\">\n<figure class=\"alignleft\"><a href=\"https:\/\/cache.pressmailing.net\/thumbnail\/story_hires\/3859e1ec-cee0-4057-8452-376f20929b92\/UnfallbildBirkenh%C3%B6rdt.jpg.jpg\"><img decoding=\"async\" src=\"https:\/\/cache.pressmailing.net\/thumbnail\/story_big\/3859e1ec-cee0-4057-8452-376f20929b92\/pol-pdld-pkw-landet-auf-dem-dach\" alt=\"POL-PDLD: Pkw landet auf dem Dach\"\/><\/a><\/figure><\/div>\n\n\n<p>Am 11.04.2024 gegen 09:35 Uhr kam es in der Ortsmitte von Birkenh\u00f6rdt zu einem Verkehrsunfall. Der Fahrer eines Pkw Mazda befuhr die B427 von Bad Bergzabern in Richtung Dahn und kollidierte hierbei, vermutlich aufgrund zu hoher Geschwindigkeit, mit einem am Fahrbahnrand geparkten Pkw. Durch das Auffahren auf den geparkten PKW wurde der PKW des 81-J\u00e4hrigen nach links geschleudert und kam auf dem Dach zum Liegen. Der Fahrer wurde vom Rettungsdienst zur medizinischen Versorgung in ein Krankenhaus verbracht. An den Fahrzeugen entstand ein Gesamtschaden in H\u00f6he von 35000.- Euro. Beide Fahrzeuge wurden durch Abschleppdienste abtransportiert. Die B 427 war f\u00fcr die Dauer der Unfallaufnahme zeitweise voll gesperrt.<\/p>\n\n\n\n<h2 class=\"wp-block-heading\">(Gleisweiler-Hainbachtal) &#8211; Traktorunfall mit eingeklemmter Person<a href=\"https:\/\/www.facebook.com\/sharer.php?u=https%3A%2F%2Fwww.presseportal.de%2Fblaulicht%2Fpm%2F117686%2F5756206%2F%3Futm_source%3Dfacebook%26utm_medium%3Dsocial\"><\/a><a href=\"https:\/\/twitter.com\/intent\/tweet?text=POL-PDLD%3A%20Traktorunfall%20mit%20eingeklemmter%20Person&amp;url=https%3A%2F%2Fwww.presseportal.de%2Fblaulicht%2Fpm%2F117686%2F5756206%2F%3Futm_source%3Dtwitter%26utm_medium%3Dsocial&amp;hashtags=ots&amp;lang=de\"><\/a><a href=\"https:\/\/web.whatsapp.com\/send?text=POL-PDLD%3A%20Traktorunfall%20mit%20eingeklemmter%20Person%0A%0Ahttps%3A%2F%2Fwww.presseportal.de%2Fblaulicht%2Fpm%2F117686%2F5756206%2F%3Futm_source%3Dwhatsapp%26utm_medium%3Dsocial\"><\/a><a href=\"https:\/\/www.xing.com\/app\/user?op=share;url=https%3A%2F%2Fwww.presseportal.de%2Fblaulicht%2Fpm%2F117686%2F5756206%2F%3Futm_source%3Dxing%26utm_medium%3Dsocial\"><\/a><a href=\"http:\/\/www.linkedin.com\/shareArticle?mini=true&amp;url=https%3A%2F%2Fwww.presseportal.de%2Fblaulicht%2Fpm%2F117686%2F5756206%2F%3Futm_source%3Dlinkedin%26utm_medium%3Dsocial&amp;title=POL-PDLD%3A+Traktorunfall+mit+eingeklemmter+Person\"><\/a><a href=\"mailto:?subject=POL-PDLD%3A%20Traktorunfall%20mit%20eingeklemmter%20Person&amp;body=https:\/\/www.presseportal.de\/blaulicht\/pm\/117686\/5756206\"><\/a><\/h2>\n\n\n<div class=\"wp-block-image\">\n<figure class=\"aligncenter\"><a href=\"https:\/\/cache.pressmailing.net\/thumbnail\/story_hires\/947001ee-b6eb-40b2-9e1a-61476e926aed\/verunfallterTraktor.jpg.jpg\"><img decoding=\"async\" src=\"https:\/\/cache.pressmailing.net\/thumbnail\/story_big\/947001ee-b6eb-40b2-9e1a-61476e926aed\/pol-pdld-traktorunfall-mit-eingeklemmter-person\" alt=\"POL-PDLD: Traktorunfall mit eingeklemmter Person\"\/><\/a><\/figure><\/div>\n\n\n<p>Gl\u00fccklicherweise nur leicht verletzt wurde der 68-j\u00e4hrige Fahrer eines Traktors bei einem Verkehrsunfall am Freitagmittag im Hainbachtal bei Gleisweiler. Der Mann aus dem Kreis S\u00fcdliche Weinstra\u00dfe befuhr einen absch\u00fcssigen frisch geschotterten Wirtschaftsweg und kippte anzunehmend aufgrund eines nicht ordnungsgem\u00e4\u00df angebrachten Sicherungsbolzens zwischen Anh\u00e4nger und Traktor seitlich um. Da der Traktorfahrer kurzzeitig eingeklemmt war, war unter anderem die Feuerwehr und ein Rettungshubschrauber im Einsatz.<\/p>\n\n\n\n<p>Der Fahrer wurde mit leichten Verletzung vorsorglich in ein umliegendes Krankenhaus verbracht. Seine ebenfalls mitfahrende Frau blieb unverletzt.<\/p>\n\n\n\n<h2 class=\"wp-block-heading\">(G\u00f6cklingen) &#8211; Sturz auf Baustelle \/ Handwerker schwer verletzt<\/h2>\n\n\n<div class=\"wp-block-image\">\n<figure class=\"aligncenter size-full\"><img decoding=\"async\" loading=\"lazy\" width=\"800\" height=\"600\" src=\"https:\/\/speyer24news.com\/wp-content\/uploads\/2021\/06\/20210606_142751_copy_1209x1612.jpg\" alt=\"\" class=\"wp-image-37601\" srcset=\"https:\/\/speyer24news.com\/wp-content\/uploads\/2021\/06\/20210606_142751_copy_1209x1612.jpg 800w, https:\/\/speyer24news.com\/wp-content\/uploads\/2021\/06\/20210606_142751_copy_1209x1612-300x225.jpg 300w, https:\/\/speyer24news.com\/wp-content\/uploads\/2021\/06\/20210606_142751_copy_1209x1612-768x576.jpg 768w, https:\/\/speyer24news.com\/wp-content\/uploads\/2021\/06\/20210606_142751_copy_1209x1612-678x509.jpg 678w, https:\/\/speyer24news.com\/wp-content\/uploads\/2021\/06\/20210606_142751_copy_1209x1612-326x245.jpg 326w, https:\/\/speyer24news.com\/wp-content\/uploads\/2021\/06\/20210606_142751_copy_1209x1612-80x60.jpg 80w\" sizes=\"(max-width: 800px) 100vw, 800px\" \/><figcaption class=\"wp-element-caption\">Beispielbild Rettungshubschrauber, dient lediglich der Visualisierung.<\/figcaption><\/figure><\/div>\n\n\n<p>Am Donnerstagnachmittag, den 11.04.2024, kam es auf einer Baustelle in der Ortsgemeinde G\u00f6cklingen zu einem Unfallgeschehen.<\/p>\n\n\n\n<p>Aus bislang ungekl\u00e4rter Ursache st\u00fcrzte gegen 12:50 Uhr ein Malergeselle von einem Bauger\u00fcst und zog sich schwerste Kopfverletzungen zu. Das Bauger\u00fcst kam dabei ebenfalls zu Fall.<\/p>\n\n\n\n<p>Zur weiteren Behandlung musste er mit dem Rettungshubschrauber in ein Krankenhaus eingeliefert werden. Die Struktur- und Genehmigungsdirektion S\u00fcd und die Kriminalpolizei Landau haben die \u00d6rtlichkeit in Augenschein genommen.<\/p>\n\n\n\n<p>Die Ermittlungen zum Unfallgeschehen dauern an.<\/p>\n\n\n\n<h2 class=\"wp-block-heading\">(Impflingen) &#8211; Bohrger\u00e4t entwendet \/ Zeugen gesucht<\/h2>\n\n\n\n<p>In der Nacht vom 10.04.2024 auf den 11.04.2024 wurde durch unbekannte T\u00e4ter ein an einem Bagger befindliches Bohrger\u00e4t entwendet. Das Tatobjekt befand sich hierbei auf einer umz\u00e4unten Baustelle in Impflingen. Die Schadensh\u00f6he betr\u00e4gt circa 3500 Euro. Ein Strafverfahren wurde eingeleitet und die Ermittlungen aufgenommen. <\/p>\n\n\n\n<ul>\n<li><strong>Die Polizei bittet Zeugen, die Hinweise zu der Tat oder dem T\u00e4ter geben k\u00f6nnen sich per Email an&nbsp;<a href=\"mailto:%20pilandau@polizei.rlp.de\">pilandau@polizei.rlp.de<\/a>&nbsp;oder telefonisch unter 06341-287-0 bei der Polizeiinspektion Landau zu melden.<\/strong><\/li>\n<\/ul>\n\n\n\n<h2 class=\"wp-block-heading\">(Offenbach) &#8211; Kollision mit Motorradfahrer<\/h2>\n\n\n\n<p>Am 11.04.2024 befuhr eine 30-j\u00e4hrige Peugeot-Fahrerin gegen 15:40 Uhr die Ottersheimer Stra\u00dfe in Richtung L509 in Offenbach. Bei der Einfahrt in den dortigen Kreisverkehr \u00fcbersah sie einen 64-j\u00e4hrigen Motorradfahrer und kollidierte mit diesem. Durch den folgenden Sturz wurde der Motorradfahrer leicht verletzt. Er wurde in ein umliegendes Krankenhaus verbracht. Gegen die Peugeot-Fahrerin wurde ein Strafverfahren wegen fahrl\u00e4ssiger K\u00f6rperverletzung eingeleitet.<\/p>\n\n\n\n<h2 class=\"wp-block-heading\">(Annweiler) &#8211; Pannen-LKW (Sattelschlepper)<\/h2>\n\n\n\n<p>Am 12.04.24, gegen 13.15 Uhr erfolgte die Meldung eines Pannen-LKW im Staufertunnel bei Annweiler, Fahrtrichtung Pirmasens. Laut Fahrer war sein Sattelschlepper, aufgrund eines technischen Defekts, liegen geblieben und nicht mehr fahrbereit, es gelang ihm noch in die Nothaltebucht einzufahren. Die Bergung gestaltete sich schwierig, da der Sattelschlepper voll beladen war. Letztendlich gelang es der Abschleppfirma, nach ca. 2 Stunden, den Sattelschlepper aus dem Tunnel zu bergen. F\u00fcr die Zeit der Bergungsma\u00dfnahme waren die Tunnel bei Annweiler gesperrt. Der Verkehr staute sich in beide Richtungen weit zur\u00fcck.<\/p>\n\n\n\n<h2 class=\"wp-block-heading\">(Edenkoben) &#8211; Schulwegkontrollen<\/h2>\n\n\n\n<p>Bei Schulwegkontrollen am Donnerstagmorgen (11.04.2024, 07.30 Uhr bis 8 Uhr) im Bereich Edenkoben wurden vier Autofahrer beanstandet, weil sie die Kinder ohne jegliche Sicherung und in einem Fall ohne den erforderlichen Kindersitz bef\u00f6rderten. W\u00e4hrend der eine Fahrer, der keinen Kindersitz mitf\u00fchrte, mit 30 Euro verwarnt werden konnte, erhielten die drei anderen eine Anzeige und m\u00fcssen mit einem Bu\u00dfgeld von 60 Euro sowie einem Punkt in der Flensburger Verkehrss\u00fcnderkartei rechnen. Die Schulwegkontrollen werden fortgesetzt.<\/p>\n\n\n\n<h2 class=\"wp-block-heading\">(B\u00f6bingen) &#8211; Verletzter Motorradfahrer<a href=\"https:\/\/www.facebook.com\/sharer.php?u=https%3A%2F%2Fwww.presseportal.de%2Fblaulicht%2Fpm%2F117686%2F5755767%2F%3Futm_source%3Dfacebook%26utm_medium%3Dsocial\"><\/a><a href=\"https:\/\/twitter.com\/intent\/tweet?text=POL-PDLD%3A%20B%C3%B6bingen%20-%20Verletzter%20Motorradfahrer&amp;url=https%3A%2F%2Fwww.presseportal.de%2Fblaulicht%2Fpm%2F117686%2F5755767%2F%3Futm_source%3Dtwitter%26utm_medium%3Dsocial&amp;hashtags=ots&amp;lang=de\"><\/a><a href=\"https:\/\/web.whatsapp.com\/send?text=POL-PDLD%3A%20B%C3%B6bingen%20-%20Verletzter%20Motorradfahrer%0A%0Ahttps%3A%2F%2Fwww.presseportal.de%2Fblaulicht%2Fpm%2F117686%2F5755767%2F%3Futm_source%3Dwhatsapp%26utm_medium%3Dsocial\"><\/a><a href=\"https:\/\/www.xing.com\/app\/user?op=share;url=https%3A%2F%2Fwww.presseportal.de%2Fblaulicht%2Fpm%2F117686%2F5755767%2F%3Futm_source%3Dxing%26utm_medium%3Dsocial\"><\/a><a href=\"http:\/\/www.linkedin.com\/shareArticle?mini=true&amp;url=https%3A%2F%2Fwww.presseportal.de%2Fblaulicht%2Fpm%2F117686%2F5755767%2F%3Futm_source%3Dlinkedin%26utm_medium%3Dsocial&amp;title=POL-PDLD%3A+B%C3%B6bingen+-+Verletzter+Motorradfahrer\"><\/a><a href=\"mailto:?subject=POL-PDLD%3A%20B%C3%B6bingen%20-%20Verletzter%20Motorradfahrer&amp;body=https:\/\/www.presseportal.de\/blaulicht\/pm\/117686\/5755767\"><\/a><\/h2>\n\n\n<div class=\"wp-block-image\">\n<figure class=\"aligncenter\"><a href=\"https:\/\/cache.pressmailing.net\/thumbnail\/story_hires\/86109176-09b6-4123-94af-213161cf39ad\/UnfallB%C3%B6bingen.JPG.jpg\"><img decoding=\"async\" src=\"https:\/\/cache.pressmailing.net\/thumbnail\/story_big\/86109176-09b6-4123-94af-213161cf39ad\/pol-pdld-b-bingen-verletzter-motorradfahrer\" alt=\"POL-PDLD: B\u00f6bingen - Verletzter Motorradfahrer\"\/><\/a><\/figure><\/div>\n\n\n<p>Vermutlich nicht angepasste Geschwindigkeit d\u00fcrfte die Unfallursache f\u00fcr einen Motorradunfall gewesen sein, der sich am Donnerstagabend (11.04.2024, 21 Uhr) auf der K 36 in B\u00f6bingen, Fahrtrichtung Altdorf, ereignete. Dabei kam ein 25 Jahre alter Motorradfahrer aus Neustadt ins Schlingern, verlor die Kontrolle \u00fcber sein Zweirad und kam nach rechts von der Fahrbahn ab. Der Fahrer erlitt herbei multiple Prellungen und kam in ein Krankenhaus. Sein Motorrad musste mit dem Abschleppdienst geborgen werden.<\/p>\n\n\n\n<h2 class=\"wp-block-heading\">(Neustadt) &#8211; Nichts aus den Fehlern gelernt&#8230;<\/h2>\n\n\n\n<p>&#8230; haben zwei nicht-europ\u00e4ische m\u00e4nnliche Staatsb\u00fcrger, welche mit einem VW Caddy am 12.04.2024 um 08:55 Uhr in der Maximilianstra\u00dfe in 67433 Neustadt\/W. einer Verkehrskontrolle unterzogen wurden. Die zwei Personen traten bereits Ende Februar 2024 wegen eines Versto\u00dfes gegen das Aufenthaltsgesetz in Erscheinung. Ferner stand der 32-J\u00e4hrige Fahrer damals unter Cannabis-Einfluss. Auch am Freitag konnten Hinweise erlangt werden, dass die zwei Personen sich nicht f\u00fcr touristische Zwecke in der Bundesrepublik aufhielten, da diese offensichtlich einer T\u00e4tigkeit im Handwerk nachgingen. Daher war der erlaubte Aufenthalt f\u00fcr die zwei M\u00e4nner erloschen. Zudem stand der Fahrer des Caddys erneut unter dem Einfluss von Cannabis, weshalb diesem eine Blutprobe entnommen wurde. Aufgrund der Gesamtumst\u00e4nde wurde letztlich das Fahrzeug mit dem Ziel der Einziehung sichergestellt. Nun kommen auf den 32-J\u00e4hrigen ein Strafverfahren wegen des Versto\u00dfes gegen das AufenthG, sowie ein Ordnungswidrigkeitenverfahren wegen der Trunkenheitsfahrt zu. Den 28-j\u00e4hrigen Beifahrer erwartet ebenfalls ein Strafverfahren wegen des Versto\u00dfes gegen das AufenthG. In beiden F\u00e4llen wird die zust\u00e4ndige Ausl\u00e4nderbeh\u00f6rde, sowie f\u00fcr den 32-J\u00e4hrigen zus\u00e4tzlich die F\u00fchrerscheinstelle \u00fcber den Vorfall informiert.<\/p>\n\n\n\n<h2 class=\"wp-block-heading\">(Neustadt) &#8211; Berauscht zur Arbeit<\/h2>\n\n\n\n<p>Am 12.04.2024 um 06:35 Uhr konnte ein 22-J\u00e4hriger aus Neustadt\/W. mit seinem E-Scooter in der Chemnitzer Stra\u00dfe in 67433 Neustadt\/W. einer Verkehrskontrolle unterzogen werden. Dieser befand sich zu diesem Zeitpunkt auf dem Weg zu seiner Arbeitsstelle. Im Rahmen der \u00dcberpr\u00fcfung der Verkehrst\u00fcchtigkeit konnten bei dem Neustadter Auff\u00e4lligkeiten festgestellt werden, welche auf eine aktuelle Bet\u00e4ubungsmittelbeeinflussung schlie\u00dfen lie\u00dfen. Ein Drogenvortest reagierte letztlich positiv auf die Stoffgruppe THC, weshalb dem jungen Fahrer eine Blutprobe entnommen wurde. Da der Neustadter bereits wegen gleichgelagerter Sache im Januar 2024 in Erscheinung trat, wurde der E-Scooter mit dem Ziel der Einziehung sichergestellt. Nun kommt auf den 22-J\u00e4hrigen ein Ordnungswidrigkeitenverfahren zu. Au\u00dferdem wird die zust\u00e4ndige F\u00fchrerscheinstelle \u00fcber den Vorfall informiert.<\/p>\n\n\n\n<h2 class=\"wp-block-heading\">(Ha\u00dfloch) &#8211; Trunkenheit im Verkehr \/ F\u00fchrerschein sichergestellt<\/h2>\n\n\n\n<p>In der Nacht von Donnerstag auf Freitag wurde gegen 00:30 Uhr in Deidesheim der Fahrzeugf\u00fchrer eines PKW einer Verkehrskontrolle unterzogen. Hierbei konnte durch die Polizeibeamten bei diesem Alkoholgeruch im Atem sowie eine verwaschene Aussprache wahrgenommen werden. Ein daraufhin durchgef\u00fchrter Alkoholtest erbrachte bei dem 72-j\u00e4hrigen Fahrer einen Wert von 1,17 Promille. Es folgte die Mitnahme zur Polizeidienststelle, wo ihm durch einen Arzt eine Blutprobe entnommen wurde. Gegen den Fahrzeugf\u00fchrer wurde ein Strafverfahren wegen Trunkenheit im Stra\u00dfenverkehr eingeleitet. Sein F\u00fchrerschein wurde sichergestellt.<\/p>\n\n\n\n<h2 class=\"wp-block-heading\">(Ha\u00dfloch) &#8211; Stra\u00dfenverkehrsgef\u00e4hrdung nach \u00dcberholman\u00f6ver<\/h2>\n\n\n\n<p>Am Donnerstagmorgen, den 11.04.2024, gegen 07:45 Uhr, befuhr ein roter Kleinwagen die L532 aus Iggelheim kommend in Richtung Ha\u00dfloch. In einem Kurvenbereich ca. 500m vor dem Kreisverkehr im Bereich der Haardtstra\u00dfe kam der Fahrerin ein ebenfalls roter Kleinwagen entgegen. Dieser \u00fcberholte gerade einen dunklen PKW, so dass sie stark abbremsen und in den Gr\u00fcnstreifen ausweichen musste, um einen Zusammensto\u00df zu vermeiden. Das entgegenkommende Fahrzeug setzte seine Fahrt unbeirrt fort. Durch die Polizei Ha\u00dfloch wurde ein Strafverfahren wegen einer Stra\u00dfenverkehrsgef\u00e4hrdung eingeleitet. <\/p>\n\n\n\n<ul>\n<li><strong>Zeugen des Vorfalls werden gebeten, sich an die Polizeiinspektion Ha\u00dfloch zu wenden.<\/strong><\/li>\n<\/ul>\n\n\n\n<h2 class=\"wp-block-heading\">(Bad D\u00fcrkheim) &#8211; Polizeieinsatz wegen Rocker-Beisetzung<\/h2>\n\n\n<div class=\"wp-block-image\">\n<figure class=\"aligncenter size-full\"><img decoding=\"async\" loading=\"lazy\" width=\"678\" height=\"381\" src=\"https:\/\/speyer24news.com\/wp-content\/uploads\/2021\/04\/Polizei-678x381.jpg\" alt=\"\" class=\"wp-image-35265\" srcset=\"https:\/\/speyer24news.com\/wp-content\/uploads\/2021\/04\/Polizei-678x381.jpg 678w, https:\/\/speyer24news.com\/wp-content\/uploads\/2021\/04\/Polizei-678x381-300x169.jpg 300w\" sizes=\"(max-width: 678px) 100vw, 678px\" \/><\/figure><\/div>\n\n\n<p>Aufgrund der Beisetzung eines Mitgliedes eines Rockerclubs kam es am 12.04.2024 zu einem Polizeieinsatz. Rund 150 Motorr\u00e4der und Begleitfahrzeuge trafen sich gegen 10 Uhr auf dem Wurstmarktparkplatz um gemeinsam zur Beisetzung im Ruheforst Bad D\u00fcrkheim zu fahren. Um Verkehrsbehinderungen zu vermeiden, wurde die Strecke durch Polizeikr\u00e4fte \u00fcberwacht. W\u00e4hrend des Polizeieinsatzes kam es zu keinen besonderen Vorkommnissen.<\/p>\n\n\n\n<h2 class=\"wp-block-heading\">(B 271 \/ Obers\u00fclzen) &#8211; Trunkenheitsfahrt<\/h2>\n\n\n\n<p>Weil ein auf der B271 zwischen Bockenheim und Gr\u00fcnstadt fahrender Mercedes mehrmals grundlos stark abbremste und zudem in Schlangenlinien fuhr, informierten Verkehrsteilnehmer am Donnerstag, 11.04.2024 gegen 23:35 Uhr die Polizeiinspektion Gr\u00fcnstadt. Der mitgeteilte Mercedes konnte durch die Streife in Obers\u00fclzen im Neuweg festgestellt werden, als der Fahrer gerade dabei war einzuparken. Beim Erkennen der Beamten, rannte der Mann zun\u00e4chst fu\u00dfl\u00e4ufig davon, blieb anschlie\u00dfend, nach entsprechender Ansprache, jedoch stehen und konnte einer Kontrolle unterzogen werden. Bei dem 36-j\u00e4hrigen Fahrer konnte unmittelbar starker Atemalkoholgeruch, sowie ein schwankender Gang und eine verwaschene Aussprache festgestellt werden. Ein anschlie\u00dfend durchgef\u00fchrter Atemalkoholtest ergab einen Wert von \u00fcber 1,5 Promille. Aufgrund dessen musste der 36-j\u00e4hrige die Beamten zur Polizeiinspektion begleiten, wo ihm durch einen Arzt eine Blutprobe entnommen wurde. Neben der Sicherstellung seines F\u00fchrerscheins erwartet den Fahrer ein Strafverfahren wegen Trunkenheit im Verkehr.<\/p>\n\n\n\n<h2 class=\"wp-block-heading\">(Obrigheim) &#8211; Unter Bet\u00e4ubungsmitteleinfluss Pkw gef\u00fchrt<\/h2>\n\n\n\n<p>Am Freitag, 12.04.2024 gegen 04:00 Uhr wurde eine 35-j\u00e4hrige Fahrerin eines BMW in Obrigheim festgestellt und anschlie\u00dfend einer Verkehrskontrolle unterzogen. W\u00e4hrend der Kontrolle ergab sich der Verdacht auf einen Bet\u00e4ubungsmittelkonsum, welcher sich durch einen Drogenschnelltest best\u00e4tigte. Der Frau wurde die Weiterfahrt untersagt und ihr wurde auf der Dienststelle eine Blutprobe entnommen. Entsprechende Ermittlungsverfahren wegen Trunkenheit im Verkehr und Versto\u00dfes gegen das Bet\u00e4ubungsmittelgesetz wurden eingeleitet.<\/p>\n\n\n\n<h2 class=\"wp-block-heading\">(A 61 \/ Heuchelheim) &#8211; Verkehrsunfall mit schwerverletztem Motorradfahrer<\/h2>\n\n\n<div class=\"wp-block-image\">\n<figure class=\"aligncenter size-full\"><img decoding=\"async\" loading=\"lazy\" width=\"800\" height=\"600\" src=\"https:\/\/speyer24news.com\/wp-content\/uploads\/2023\/09\/RTW-Hubschrauber-Vorderpfalz.jpg\" alt=\"\" class=\"wp-image-54495\" srcset=\"https:\/\/speyer24news.com\/wp-content\/uploads\/2023\/09\/RTW-Hubschrauber-Vorderpfalz.jpg 800w, https:\/\/speyer24news.com\/wp-content\/uploads\/2023\/09\/RTW-Hubschrauber-Vorderpfalz-300x225.jpg 300w, https:\/\/speyer24news.com\/wp-content\/uploads\/2023\/09\/RTW-Hubschrauber-Vorderpfalz-768x576.jpg 768w, https:\/\/speyer24news.com\/wp-content\/uploads\/2023\/09\/RTW-Hubschrauber-Vorderpfalz-678x509.jpg 678w, https:\/\/speyer24news.com\/wp-content\/uploads\/2023\/09\/RTW-Hubschrauber-Vorderpfalz-326x245.jpg 326w, https:\/\/speyer24news.com\/wp-content\/uploads\/2023\/09\/RTW-Hubschrauber-Vorderpfalz-80x60.jpg 80w\" sizes=\"(max-width: 800px) 100vw, 800px\" \/><\/figure><\/div>\n\n\n<p>Am Freitag, den 12.04.2024, wurde gegen 15:55 Uhr der Polizeiautobahnstation Ruchheim ein Verkehrsunfall mit Personenschaden auf der Bundesautobahn 61 auf H\u00f6he des Autobahnkreuzes Frankenthal gemeldet. Ein 77-J\u00e4hriger Motorradfahrer aus dem Raum Speyer befuhr mit seinem Motorrad die Bundesautobahn 61 aus Worms kommend in Fahrtrichtung Speyer. Auf H\u00f6he des Autobahnkreuzes Frankenthal bemerkte er das Bremsman\u00f6ver eines vor ihm fahrenden Mercedes, welche aufgrund von Staubildung abbremsen mussten, zu sp\u00e4t und kollidierte aufgrund zu geringem Sicherheitsabstand frontal mit dem Fahrzeugheck der Limousine eines belgischen Ehepaares. Der Motorradfahrer wurde durch den Unfall schwer, jedoch nicht lebensgef\u00e4hrlich, verletzt und wurde durch den Rettungsdienst mittels Rettungshubschrauber in eine nahegelegene Spezialklinik verbracht. Die 61-j\u00e4hrige Beifahrerin des ebenfalls 61 Jahre alten belgischen Mercedes-Fahrers wurde durch den Unfall ebenfalls leicht verletzt. Die aus dem Motorrad des Unfallverursachers auslaufenden Betriebsstoffe wurden durch die hinzugezogene Berufsfeuerwehr Worms abgebunden. Beide Fahrzeuge waren nicht mehr fahrbereit und wurden durch Abschleppdienste geborgen. Die Richtungsfahrbahn in Fahrtrichtung Speyer musste f\u00fcr den Zeitraum der Unfallaufnahme f\u00fcr die Dauer von ca. einer Stunde vollst\u00e4ndig gesperrt werden. In Folge der hierdurch entstehenden Staubildung kam es zu weiteren Folgeunf\u00e4llen am Stauende. Hierbei blieb es jedoch gl\u00fccklicherweise lediglich bei leichten Sachsch\u00e4den. Die eingesetzten Beamten der Polizeiautobahnstation Ruchheim konnten im Rahmen der Unfallaufnahme diverse Verst\u00f6\u00dfe gegen die gesetzlichen Bestimmungen \u00fcber die Rettungsgasse feststellen. Es wird daher an dieser Stelle nochmals darauf hingewiesen, dass das unberechtigte Befahren einer Rettungsgasse eine Ordnungswidrigkeit darstellt, welche mit einem Bu\u00dfgeld in H\u00f6he von 240 EUR, 2 Punkten und einem Monat Fahrverbot belegt ist.<\/p>\n\n\n\n<h2 class=\"wp-block-heading\">(Frankenthal) &#8211; Erneute Flut von Schockanrufen<\/h2>\n\n\n<div class=\"wp-block-image\">\n<figure class=\"aligncenter size-full\"><img decoding=\"async\" loading=\"lazy\" width=\"578\" height=\"572\" src=\"https:\/\/speyer24news.com\/wp-content\/uploads\/2021\/10\/Telefonbetrug-geschnitten.jpg\" alt=\"\" class=\"wp-image-41297\" srcset=\"https:\/\/speyer24news.com\/wp-content\/uploads\/2021\/10\/Telefonbetrug-geschnitten.jpg 578w, https:\/\/speyer24news.com\/wp-content\/uploads\/2021\/10\/Telefonbetrug-geschnitten-300x297.jpg 300w\" sizes=\"(max-width: 578px) 100vw, 578px\" \/><\/figure><\/div>\n\n\n<p>Am Donnerstag kam es im Dienstgebiet der Polizeiinspektion Frankenthal vermehrt zu Schockanrufen falscher Polizeibeamter. Die T\u00e4ter gaben sich als Polizeibeamte aus und schockten die Anrufer mit vermeidlichen Unf\u00e4llen mit t\u00f6dlichem Ausgang, in welche Angeh\u00f6rige verwickelt seien. Zu einem Erfolg kamen die T\u00e4ter gestern gl\u00fccklicherweise nicht.<\/p>\n\n\n\n<p>Lassen Sie sich nicht t\u00e4uschen und seien Sie misstrauisch. Wenn Ihnen der Anruf seltsam erscheint rufen Sie uns an. Wir sind unter der 110 oder der 06233\/313-0 f\u00fcr Sie da. Verwenden sie beim R\u00fcckruf, wenn m\u00f6glich, bitte auch ein anderes Telefon. Wir wollen, dass Sie sicher Leben &#8211; Ihre Polizei Frankenthal.<\/p>\n\n\n\n<h2 class=\"wp-block-heading\">(Pr\u00e4sidialbereich Rheinpfalz) &#8211; Polizei Rheinland-Pfalz unterst\u00fctzt auch in diesem Jahr den bundesweiten Aktionstag zur Verkehrssicherheit &#8222;sicher.mobil.leben &#8211; G\u00fcterverkehr im Blick&#8220;<a href=\"https:\/\/www.facebook.com\/sharer.php?u=https%3A%2F%2Fwww.presseportal.de%2Fblaulicht%2Fpm%2F117696%2F5755742%2F%3Futm_source%3Dfacebook%26utm_medium%3Dsocial\"><\/a><a href=\"https:\/\/twitter.com\/intent\/tweet?text=POL-PPRP%3A%20Polizei%20Rheinland-Pfalz%20unterst%C3%BCtzt%20auch%20in%20diesem%20Jahr%20den%20bundesweiten%20Aktionstag%20zur%20Verkehrssicherheit%20%22sicher.mobil.leben%20-%20G%C3%BCterverkehr%20im%20Blick%22&amp;url=https%3A%2F%2Fwww.presseportal.de%2Fblaulicht%2Fpm%2F117696%2F5755742%2F%3Futm_source%3Dtwitter%26utm_medium%3Dsocial&amp;hashtags=ots&amp;lang=de\"><\/a><a href=\"https:\/\/web.whatsapp.com\/send?text=POL-PPRP%3A%20Polizei%20Rheinland-Pfalz%20unterst%C3%BCtzt%20auch%20in%20diesem%20Jahr%20den%20bundesweiten%20Aktionstag%20zur%20Verkehrssicherheit%20%22sicher.mobil.leben%20-%20G%C3%BCterverkehr%20im%20Blick%22%0A%0Ahttps%3A%2F%2Fwww.presseportal.de%2Fblaulicht%2Fpm%2F117696%2F5755742%2F%3Futm_source%3Dwhatsapp%26utm_medium%3Dsocial\"><\/a><a href=\"https:\/\/www.xing.com\/app\/user?op=share;url=https%3A%2F%2Fwww.presseportal.de%2Fblaulicht%2Fpm%2F117696%2F5755742%2F%3Futm_source%3Dxing%26utm_medium%3Dsocial\"><\/a><a href=\"http:\/\/www.linkedin.com\/shareArticle?mini=true&amp;url=https%3A%2F%2Fwww.presseportal.de%2Fblaulicht%2Fpm%2F117696%2F5755742%2F%3Futm_source%3Dlinkedin%26utm_medium%3Dsocial&amp;title=POL-PPRP%3A+Polizei+Rheinland-Pfalz+unterst%C3%BCtzt+auch+in+diesem+Jahr+den+bundesweiten+Aktionstag+zur+Verkehrssicherheit+%22sicher.mobil.leben+-+G%C3%BCterverkehr+im+Blick%22\"><\/a><a href=\"mailto:?subject=POL-PPRP%3A%20Polizei%20Rheinland-Pfalz%20unterst%C3%BCtzt%20auch%20in%20diesem%20Jahr%20den%20bundesweiten%20Aktionstag%20zur%20Verkehrssicherheit%20%22sicher.mobil.leben%20-%20G%C3%BCterverkehr%20im%20Blick%22&amp;body=https:\/\/www.presseportal.de\/blaulicht\/pm\/117696\/5755742\"><\/a><\/h2>\n\n\n<div class=\"wp-block-image\">\n<figure class=\"aligncenter\"><a href=\"https:\/\/cache.pressmailing.net\/thumbnail\/story_hires\/9687f0f5-7505-4294-9bae-02fbe7cf5da5\/sicher.mobil.leben_Logo_lang_1.jpg.jpg\"><img decoding=\"async\" src=\"https:\/\/cache.pressmailing.net\/thumbnail\/story_big\/9687f0f5-7505-4294-9bae-02fbe7cf5da5\/pol-pprp-polizei-rheinland-pfalz-unterst-tzt-auch-in-diesem-jahr-den-bundesweiten-aktionstag-zur-ver\" alt=\"POL-PPRP: Polizei Rheinland-Pfalz unterst\u00fctzt auch in diesem Jahr den bundesweiten Aktionstag zur Verkehrssicherheit &quot;sicher.mobil.leben - G\u00fcterverkehr im Blick&quot;\"\/><\/a><\/figure><\/div>\n\n\n<p>Bereits seit 2018 f\u00fchren die Polizeibeh\u00f6rden der L\u00e4nder unter den Schlagworten &#8222;sicher.mobil.leben&#8220; Aktions- und Kontrolltage zu ausgew\u00e4hlten Schwerpunktthemen durch. Das diesj\u00e4hrige Motto lautet &#8222;G\u00fcterverkehr im Blick&#8220;.<\/p>\n\n\n\n<p>Die Verkehrsleistung des G\u00fcterverkehrs hat sich in den vergangenen 20 Jahren verdoppelt. Das bedeutet, dass immer mehr G\u00fcter \u00fcber immer weitere Strecken transportiert werden. Mehr als 70 Prozent der Transportleistungen werden dabei von Lastkraftwagen erbracht. Die Folgen von Verkehrsunf\u00e4llen unter Beteiligung von Lastkraftwagen sind h\u00e4ufig dramatisch. Das liegt vor allem an der Gr\u00f6\u00dfe und Masse der Fahrzeuge. Deutlich wird das z. B. bei den Rechtsabbiegeunf\u00e4llen innerorts, die f\u00fcr Radfahrer oder Fu\u00dfg\u00e4nger oft t\u00f6dlich enden. Auch Auffahrunf\u00e4lle an Stauenden auf Autobahnen m\u00fcssen trotz Notbremsassistenten immer wieder durch die Polizei aufgenommen werden und haben aufgrund notwendiger und oft langwieriger Sperrungen der Unfallstelle erhebliche Auswirkungen auf den Verkehrsfluss. Steigender Wettbewerb und Termindruck im Transportgewerbe sind u. a. Ursachen f\u00fcr \u00fcberm\u00e4\u00dfig lange Arbeits- und Lenkzeiten, minimale Ruhezeiten, \u00dcberm\u00fcdung von Berufskraftfahrern, technische M\u00e4ngel an Fahrzeugen sowie mangelnde Ladungssicherheit. Hierdurch steigt die Anzahl der Verkehrsunf\u00e4lle unter Beteiligung von Lastkraftwagen auf den Stra\u00dfen. Regelungen, die zum Schutz der Fahrenden und dem G\u00fcterverkehr gelten, werden vermehrt nicht eingehalten.<\/p>\n\n\n\n<p>Unter dem Slogan &#8222;G\u00fcterverkehr im Blick&#8220; sollen dieses Jahr am 17. April 2024 die mit dem G\u00fcterverkehr einhergehenden Gefahren im Stra\u00dfenverkehr verst\u00e4rkt ins \u00f6ffentliche Bewusstsein r\u00fccken. Ziel ist es die Anzahl der Verkehrsunf\u00e4lle zu minimieren und Lastkraftfahrende zur Einhaltungen der Regelungen f\u00fcr den G\u00fcterverkehr zu sensibilisieren. Vorsicht und R\u00fccksicht bilden zusammen mit der Beachtung der Verkehrsregeln das Fundament der Verkehrssicherheit. Unser Ziel ist es, f\u00fcr jegliche Verkehrssituationen, durch pr\u00e4ventive und repressive polizeiliche Ma\u00dfnahmen ein h\u00f6chstm\u00f6gliches Ma\u00df an Verkehrssicherheit zu schaffen.<\/p>\n\n\n\n<p>Die Dienststellen der rheinland-pf\u00e4lzischen Polizeipr\u00e4sidien werden daher landesweit am 17.April 2024 Verkehrskontrollen mit besonderem Fokus auf Ladungssicherung, Sozialvorschriften, Fahrt\u00fcchtigkeit und technischem Zustand der Fahrzeuge durchf\u00fchren. Eine besondere Bedeutung kommt zudem den Pr\u00e4ventionsangeboten am Aktionstag zu. Hier suchen die Expertinnen und Experten der Zentralen Pr\u00e4vention das pers\u00f6nliche Gespr\u00e4ch unmittelbar an den Einsatzorten mit den Berufskraftfahrenden, um die Botschaften in pr\u00e4ventiven, aufkl\u00e4renden Gespr\u00e4chen zu vermitteln.<\/p>\n\n\n\n<p>Unter #sichermobilleben informieren die Polizeibeh\u00f6rden bundesweit in ihren Sozialen Medien \u00fcber den Aktionstag und dessen Ergebnisse. Folgen Sie unseren Landeskan\u00e4len bei Instagram und Facebook sowie den &#8222;X&#8220; und &#8222;WhatsApp&#8220;-Kan\u00e4len der Pr\u00e4sidien.<\/p>\n\n\n\n<h2 class=\"wp-block-heading\">(Ludwigshafen) &#8211; R\u00fccknahme \u00d6ffentlichkeitsfahndung nach zwei vermissten Jugendlichen<\/h2>\n\n\n\n<h3 class=\"wp-block-heading\">Nachtrag zur \u00d6ffentlichkeitsfahndung vom 10.04.2024<\/h3>\n\n\n\n<p>Die am 02.04.2024 als vermisst gemeldeten 16 und 17 Jahre alten Br\u00fcder Niklas und Jamie K. aus Ludwigshafen konnten am 12.04.2024 wohlbehalten angetroffen werden.<\/p>\n\n\n\n<h2 class=\"wp-block-heading\">(Ludwigshafen) &#8211; Gef\u00e4hrliche K\u00f6rperverletzung an Tankstelle \/ Zeugen gesucht<\/h2>\n\n\n<div class=\"wp-block-image\">\n<figure class=\"aligncenter size-full\"><img decoding=\"async\" loading=\"lazy\" width=\"800\" height=\"533\" src=\"https:\/\/speyer24news.com\/wp-content\/uploads\/2021\/11\/Schlaegerei.jpg\" alt=\"\" class=\"wp-image-42366\" srcset=\"https:\/\/speyer24news.com\/wp-content\/uploads\/2021\/11\/Schlaegerei.jpg 800w, https:\/\/speyer24news.com\/wp-content\/uploads\/2021\/11\/Schlaegerei-300x200.jpg 300w, https:\/\/speyer24news.com\/wp-content\/uploads\/2021\/11\/Schlaegerei-768x512.jpg 768w\" sizes=\"(max-width: 800px) 100vw, 800px\" \/><figcaption class=\"wp-element-caption\">Beispielbild Schl\u00e4gerei \/ K\u00f6rperverletzung, dient lediglich der Visualisierung<\/figcaption><\/figure><\/div>\n\n\n<p>Am fr\u00fchen Freitagmorgen (12.04.2024, gegen 4 Uhr) wurde ein 38-J\u00e4hriger auf einem Tankstellengel\u00e4nde in der Heinigstra\u00dfe von Unbekannten angegriffen. Die zwei unbekannten Angreifer schlugen den Mann mehrfach, sodass er st\u00fcrzte. Der 38-J\u00e4hrige wurde nach ersten Erkenntnissen leicht verletzt. Der alarmierte Rettungsdienst brachte ihn in ein Krankenhaus.<\/p>\n\n\n\n<h4 class=\"wp-block-heading\">Zeugen beschrieben die Angreifer, wie folgt:<\/h4>\n\n\n\n<ol>\n<li><strong>m\u00e4nnlich<\/strong>, <strong>ca. 18-20 Jahre<\/strong>, <strong>etwa 1,70-1,75 m gro\u00df, kr\u00e4ftige Statur<\/strong>, <strong>wellige dunkle Haare, bekleidet mit schwarzem\/dunkelblauem Jogginganzug<\/strong><\/li>\n\n\n\n<li><strong>m\u00e4nnlich, ca. 18-20 Jahre, etwa 1,70-1,75 m gro\u00df, kr\u00e4ftige Statur, dunkle Haare, Bart, bekleidet mit schwarzem\/dunkelblauem Jogginganzug<\/strong><\/li>\n<\/ol>\n\n\n\n<ul>\n<li><strong>Haben Sie die Tat beobachtet oder k\u00f6nnen Sie Hinweise zu den T\u00e4tern geben?<\/strong><\/li>\n\n\n\n<li><strong>Dann melden Sie sich bitte bei der Polizeiinspektion Ludwigshafen 1, Telefonnummer 0621 963-2122 oder per E-Mail&nbsp;<a href=\"mailto:%20piludwigshafen1@polizei.rlp.de\">piludwigshafen1@polizei.rlp.de<\/a>&nbsp;.<\/strong><\/li>\n<\/ul>\n\n\n\n<h2 class=\"wp-block-heading\">(Ludwigshafen) &#8211; Verpuffung in Lackiererei \/ Korrektur- und Nachtragsmeldung<\/h2>\n\n\n\n<h3 class=\"wp-block-heading\">Korrektur: Der Verletzte ist 30 Jahre alt und nicht wie in der Ursprungsmeldung irrt\u00fcmlich angegeben 39 Jahre alt.<\/h3>\n\n\n\n<h3 class=\"wp-block-heading\">Nachtrag zur Pressemeldung vom 11.04.2024:&nbsp;<a target=\"_blank\" rel=\"noreferrer noopener\" href=\"https:\/\/s.rlp.de\/8Ay8g\">https:\/\/s.rlp.de\/8Ay8g<\/a><\/h3>\n\n\n\n<p>Erste Ermittlungen der Polizei Ludwigshafen nach der Verpuffung am 11.04.2024 in einer Lackiererei im Limburgerhofweg ergaben, dass der 30-J\u00e4hrige eine zuvor benutzte Schlagbohrmaschine mit Benzin bef\u00fcllen wollte. Hierbei kam es zu einer Verpuffung und zu einem Brand. Der 30-J\u00e4hrige konnte das Feuer selbstst\u00e4ndig l\u00f6schen und Hilfe rufen. Er wurde mit schweren, aber nicht lebensgef\u00e4hrlichen, Verbrennungen in ein Krankenhaus gebracht. Hinweise auf ein Einwirken oder Verschulden Dritter liegen derzeit nicht vor.<\/p>\n\n\n\n<h2 class=\"wp-block-heading\">(Ludwigshafen) &#8211; Unfallflucht \/ Zeugen gesucht<\/h2>\n\n\n\n<p>Am Donnerstagnachmittag (11.04.2024), zwischen 13:45 und 14:45 Uhr, besch\u00e4digte eine unbekannte Person mit ihrem Fahrzeugeine am rechten Fahrbahnrand der Edigheimer Stra\u00dfe abgestellte, graue Mercedes C-Klasse. Der entstandene Schaden bel\u00e4uft sich auf circa 1.500 Euro.<\/p>\n\n\n\n<ul>\n<li><strong>Wer hat den Unfall beobachtet oder kann Hinweise auf den Verursacher oder die Verursacherin geben? Hinweise bitte an die Polizeiinspektion Ludwigshafen 2, Telefonnummer 0621 963-2222 oder per E-Mail&nbsp;<a href=\"mailto:%20piludwigshafen2@polizei.rlp.de\">piludwigshafen2@polizei.rlp.de<\/a>&nbsp;.<\/strong><\/li>\n<\/ul>\n\n\n\n<h2 class=\"wp-block-heading\">(Ludwigshafen) &#8211; In Autos eingedrungen<\/h2>\n\n\n\n<p>Zwischen Mittwochabend (10.04.2024, 18 Uhr) und Donnerstagmorgen (11.04.2024, 7 Uhr) wurde im Buschweg in einen FIAT eingebrochen. Aus dem Auto wurde eine Arbeitstasche gestohlen in der sich unter anderem ein Tablet befand. Der Sachschaden wird auf etwa 150 Euro gesch\u00e4tzt.<\/p>\n\n\n\n<p>Bislang Unbekannte verschafften sich au\u00dferdem zwischen Mittwochnachmittag (10.04.2024, 16:30 Uhr) und Donnerstagmorgen (11.04.2024, 8 Uhr) Zugang zu einem VW. Dieser stand zur Tatzeit an einem Wendehammer in der Kerschensteinerstra\u00dfe. Das Handschuhfach des Autos wurde durchw\u00fchlt und hieraus Kleingeld gestohlen. Da am Fahrzeug keine Einbruchsspuren erkennbar waren, d\u00fcrfte der VW unverschlossen gewesen sein.<\/p>\n\n\n\n<h4 class=\"wp-block-heading\">Bitte beachten Sie:<\/h4>\n\n\n\n<p>Diebe haben es in der Regel besonders auf Navigationsger\u00e4te, Mobiltelefone, Notebooks sowie sonstige zur\u00fcckgelassene Wertsachen wie Handtaschen oder Kleidung mit Scheckkarten, Papieren und Bargeld abgesehen. Verschlie\u00dfen Sie Ihr Fahrzeug auch bei kurzer Parkdauer und \u00fcberpr\u00fcfen Sie den Schlie\u00dfzustand. Achten Sie beim Verlassen des Fahrzeugs auf verd\u00e4chtige Personen in Ihrem Umkreis. Lassen Sie keine Wertgegenst\u00e4nde sichtbar im Fahrzeug zur\u00fcck. Selbst bei Kleinstgegenst\u00e4nden, ergibt sich ein Anreiz f\u00fcr den T\u00e4ter.<\/p>\n\n\n\n<h4 class=\"wp-block-heading\"><em>Weiterf\u00fchrende Informationen zu diesem und auch anderen Themen finden Sie auf der Internetpr\u00e4senz der polizeilichen Kriminalpr\u00e4vention unter&nbsp;<a href=\"https:\/\/www.polizei-beratung.de\/\" target=\"_blank\" rel=\"noreferrer noopener\">www.polizei-beratung.de<\/a>&nbsp;.<\/em><\/h4>\n\n\n\n<h2 class=\"wp-block-heading\">(Ludwigshafen) &#8211; Auto in der Hofstra\u00dfe verkratzt \/ Zeugen gesucht<\/h2>\n\n\n\n<p>Unbekannte zerkratzten in der Nacht auf Donnerstag (10.-11.04.2024) einen geparkten Opel Insignia in der Hofstra\u00dfe. Der dadurch entstandene Sachschaden wird auf 5.000 Euro gesch\u00e4tzt.<\/p>\n\n\n\n<ul>\n<li><strong>Haben Sie die Tat beobachtet oder k\u00f6nnen Sie Hinweise geben?<\/strong><\/li>\n\n\n\n<li><strong>Dann melden Sie sich bitte bei der Polizeiinspektion Ludwigshafen 1, Telefonnummer 0621 963-2122 oder per E-Mail&nbsp;<a href=\"mailto:%20piludwigshafen1@polizei.rlp.de\">piludwigshafen1@polizei.rlp.de<\/a>&nbsp;.<\/strong><\/li>\n\n\n\n<li><\/li>\n<\/ul>\n\n\n\n<h2 class=\"wp-block-heading\">(Mannheim) &#8211; T\u00e4ter fl\u00fcchtet nach Faustschlag gegen 22-J\u00e4hrigen<\/h2>\n\n\n\n<p>Am Donnerstagabend, gegen 20:15 Uhr, wurde ein 22-J\u00e4hriger von einem bislang unbekannten T\u00e4ter in der Rennershofstra\u00dfe ins Gesicht geschlagen.<\/p>\n\n\n\n<p>Ersten Ermittlungen zu Folge kam es vor der k\u00f6rperlichen Auseinandersetzung zu verbalen Streitigkeiten zwischen den beiden Personen, woraufhin der unbekannte T\u00e4ter handgreiflich wurde. Der 22-J\u00e4hrige wurde durch den Schlag des Unbekannten leicht verletzt und noch vor Ort medizinisch behandelt.<\/p>\n\n\n\n<ul>\n<li><strong>Das Polizeirevier Mannheim-Sandhofen, wo die Anzeige durch den 22-J\u00e4hrigen erstattet wurde, ermittelt nun wegen des Verdachts der K\u00f6rperverletzung und sucht nach Zeugen, die Hinweise zur Tat oder zum T\u00e4ter geben k\u00f6nnen. Diese werden gebeten, sich unter der Telefonnummer 0621 77769-0 zu melden.<\/strong><\/li>\n<\/ul>\n\n\n\n<h2 class=\"wp-block-heading\">(Mannheim) &#8211; Einbrecher verursachen im Recyclinghof mehrere tausend Euro Schaden \/ Zeugenaufruf<\/h2>\n\n\n\n<p>In der Zeit von Mittwoch, 16:00 Uhr bis Donnerstagmorgen, 07.20 Uhr verschafften sich bislang unbekannte T\u00e4ter Zutritt zu einem Recyclinghof in der Stra\u00dfe Im Morchhof. Es wurden mehrere Container und Garagen aufgehebelt um hieraus verschiedene Schrott-Elektroartikel zu entwenden. Hierbei gingen die T\u00e4ter so rabiat vor, dass ein hoher Sachschaden an den Containtern selbst von mehreren tausend Euro im f\u00fcnfstelligen Bereich entstand.<\/p>\n\n\n\n<p>Der Wert des Diebesgutes hingegen bel\u00e4uft sich lediglich auf einen niedrigen Betrag von mehreren hundert Euro.<\/p>\n\n\n\n<p>Das Polizeirevier Mannheim-Neckarau hat die Ermittlungen aufgenommen.<\/p>\n\n\n\n<ul>\n<li><strong>Zeugen, die in diesem Zusammenhang verd\u00e4chtige Wahrnehmungen gemacht haben, werden gebeten, sich unter der Tel.-Nr.: 0621\/833970, beim Polizeirevier Mannheim-Neckarau zu melden.<\/strong><\/li>\n<\/ul>\n\n\n\n<h2 class=\"wp-block-heading\">(Mannheim) &#8211; Gemeinschaftlich begangene gef\u00e4hrliche K\u00f6rperverletzung vor Nachtclub \/ Zeugen gesucht<\/h2>\n\n\n<div class=\"wp-block-image\">\n<figure class=\"aligncenter size-full\"><img decoding=\"async\" loading=\"lazy\" width=\"801\" height=\"600\" src=\"https:\/\/speyer24news.com\/wp-content\/uploads\/2020\/05\/Zeugen-gesucht-Neutral.jpg\" alt=\"\" class=\"wp-image-26598\" srcset=\"https:\/\/speyer24news.com\/wp-content\/uploads\/2020\/05\/Zeugen-gesucht-Neutral.jpg 801w, https:\/\/speyer24news.com\/wp-content\/uploads\/2020\/05\/Zeugen-gesucht-Neutral-300x225.jpg 300w, https:\/\/speyer24news.com\/wp-content\/uploads\/2020\/05\/Zeugen-gesucht-Neutral-768x575.jpg 768w, https:\/\/speyer24news.com\/wp-content\/uploads\/2020\/05\/Zeugen-gesucht-Neutral-678x509.jpg 678w, https:\/\/speyer24news.com\/wp-content\/uploads\/2020\/05\/Zeugen-gesucht-Neutral-326x245.jpg 326w, https:\/\/speyer24news.com\/wp-content\/uploads\/2020\/05\/Zeugen-gesucht-Neutral-80x60.jpg 80w\" sizes=\"(max-width: 801px) 100vw, 801px\" \/><\/figure><\/div>\n\n\n<p>Nachdem zwei Mitarbeiter einer Diskothek in der Nacht von Mittwoch auf Donnerstag einen Diskothek-Besucher wom\u00f6glich durch Schl\u00e4ge verletzten, sucht die Polizei nach Zeugen. Am Mittwochabend besuchte ein 19-J\u00e4hriger einen Nachtclub im innerst\u00e4dtischen Quadrat N 7. Gegen Mitternacht verlie\u00df der junge Mann kurzzeitig den Club und hielt sich unmittelbar davor auf. Hierbei geriet er zun\u00e4chst mit einem Mann in einen verbalen Disput. Als der 19-J\u00e4hrige im Anschluss an die Diskussion wieder die R\u00e4umlichkeiten des Clubs betreten wollte, verwehrten ihm die Mitarbeiter des Clubs jedoch den Zutritt. Im weiteren Verlauf soll ihn einer der Mitarbeiter gesto\u00dfen haben, sodass der 19-J\u00e4hrige zu Boden st\u00fcrzte. Auf dem Boden liegend sollen die beiden 40 und 46-j\u00e4hrigen Mitarbeiter anschlie\u00dfend auf den 19-J\u00e4hrigen eingeschlagen haben. Um Anzeige zu erstatten suchte der junge Mann das Polizeirevier Mannheim-Innenstadt auf. Da der 19-J\u00e4hrige Schmerzen versp\u00fcrte, wurde ein Rettungsdienst hinzugezogen, der ihn f\u00fcr die weitere medizinische Betreuung in ein nahegelegenes Krankenhaus brachte. Durch ein Streifenteam wurde anschlie\u00dfend die Tat\u00f6rtlichkeit aufgesucht und der 40 und 46-j\u00e4hrige Mann wurden f\u00fcr die Durchf\u00fchrung strafprozessualer Ma\u00dfnahmen auf das Polizeirevier gebracht. Nachdem die polizeilichen Ma\u00dfnahmen abgeschlossen waren, durften die beiden M\u00e4nner wieder gehen.<\/p>\n\n\n\n<ul>\n<li><strong>Das Polizeirevier Mannheim-Oststadt hat die weiteren Ermittlungen \u00fcbernommen und bittet Zeugen, die das Geschehen beobachten konnten oder sonstige sachdienliche Hinweise geben k\u00f6nnen, sich unter der Tel.: 0621\/174-3310 zu melden.<\/strong><\/li>\n<\/ul>\n\n\n\n<h2 class=\"wp-block-heading\">(Mannheim) &#8211; Einj\u00e4hriges Kind von Hund gebissen \/ Zeugen gesucht<\/h2>\n\n\n<div class=\"wp-block-image\">\n<figure class=\"aligncenter size-full\"><img decoding=\"async\" loading=\"lazy\" width=\"800\" height=\"592\" src=\"https:\/\/speyer24news.com\/wp-content\/uploads\/2023\/02\/Achtung.jpeg\" alt=\"\" class=\"wp-image-51381\" srcset=\"https:\/\/speyer24news.com\/wp-content\/uploads\/2023\/02\/Achtung.jpeg 800w, https:\/\/speyer24news.com\/wp-content\/uploads\/2023\/02\/Achtung-300x222.jpeg 300w, https:\/\/speyer24news.com\/wp-content\/uploads\/2023\/02\/Achtung-768x568.jpeg 768w, https:\/\/speyer24news.com\/wp-content\/uploads\/2023\/02\/Achtung-80x60.jpeg 80w\" sizes=\"(max-width: 800px) 100vw, 800px\" \/><\/figure><\/div>\n\n\n<p>Am vergangenen Montag, gegen 16 Uhr, befand sich eine 31-j\u00e4hrige Mutter mit ihrem einj\u00e4hrigen Sohn auf einem Spielplatz in K\u00e4fertal, \u00c4u\u00dfere Wingertstra\u00dfe, als dieser von einem Hund ins Bein gebissen und dadurch leicht verletzt wurde.<\/p>\n\n\n\n<p>Die bislang unbekannte Hundebesitzerin war zur Tatzeit mit einem schwarzfarbigen und einem wei\u00dffarbigen Hund, vermutlich der Rasse Zwergspitz, spazieren. Als sich die Hundehalterin auf H\u00f6he des Kindes befand, biss der schwarze Zwergspitz das Kind. Das Kind wurde hierdurch gl\u00fccklicherweise nur leicht verletzt. Trotz der Aufforderung der Mutter, stehen zu bleiben, verlie\u00df die unbekannte Frau mit ihren beiden Hunden die \u00d6rtlichkeit.<\/p>\n\n\n\n<h4 class=\"wp-block-heading\">Die fl\u00fcchtige Hundebesitzerin wird wie folgt beschrieben: <\/h4>\n\n\n\n<ul>\n<li><strong>weiblich<\/strong><\/li>\n\n\n\n<li><strong>circa 160 &#8211; 170 cm gro\u00df<\/strong><\/li>\n\n\n\n<li><strong>heller Hauttyp<\/strong><\/li>\n\n\n\n<li><strong>sehr kurze graue Haare<\/strong><\/li>\n\n\n\n<li><strong>schlanke Statur<\/strong><\/li>\n<\/ul>\n\n\n\n<ul>\n<li><strong>Die Polizeihundef\u00fchrerstaffel ermittelt nun wegen des Verdachts der fahrl\u00e4ssigen K\u00f6rperverletzung und bittet Zeugen, welche Hinweise zur Hundehalterin oder zu dem Vorfall mitteilen k\u00f6nnen, sich unter der Telefonnummer 0621 71497-0 zu melden.<\/strong><\/li>\n<\/ul>\n\n\n\n<h2 class=\"wp-block-heading\">(Mannheim \/ Heidelberg \/ Rhein-Neckar-Kreis) &#8211; Vorstellung der Polizeiliche Kriminal- und Verkehrsunfallstatistik 2023 des Polizeipr\u00e4sidiums Mannheim<\/h2>\n\n\n\n<h3 class=\"wp-block-heading\">Polizeiliche Kriminal- und Verkehrsunfallstatistik 2023 des Polizeipr\u00e4sidiums Mannheim<\/h3>\n\n\n\n<h3 class=\"wp-block-heading\">Zust\u00e4ndig f\u00fcr: Stadtkreis Heidelberg, Stadtkreis Mannheim und Rhein-Neckar-Kreis Brosch\u00fcre hier downloaden:&nbsp;<a target=\"_blank\" rel=\"noreferrer noopener\" href=\"https:\/\/ppmannheim.polizei-bw.de\/wp-content\/uploads\/sites\/8\/2024\/04\/PKS_20231.pdf\">https:\/\/ppmannheim.polizei-bw.de\/wp-content\/uploads\/sites\/8\/2024\/04\/PKS_20231.pdf<\/a><\/h3>\n\n\n\n<h4 class=\"wp-block-heading\">Bilanz der Polizeilichen Kriminalstatistik 2023:<\/h4>\n\n\n\n<p>Am 12.04.2024 stellte das Polizeipr\u00e4sidium Mannheim die Polizeiliche Kriminal- und Verkehrsunfallstatistik im Rahmen einer Pressekonferenz vor. Polizeivizepr\u00e4sidentin und Leiterin der Kriminalpolizeidirektion Ulrike Sch\u00e4fer und der stellvertretende Leiter der Verkehrspolizeiinspektion Polizeirat Nicolas Sch\u00fctz erl\u00e4uterten dabei die Entwicklungen im Berichtsjahr 2023. Anl\u00e4sslich des zehnj\u00e4hrigen Bestehens des im Jahr 2014 neu gegr\u00fcndeten Polizeipr\u00e4sidiums Mannheim stellten Beide die Zahlen in einen gr\u00f6\u00dferen Zusammenhang. Gegen\u00fcber dem Vorjahr 2022 ergab sich in den zwei Stadtkreisen Mannheim und Heidelberg sowie im Rhein-Neckar-Kreis ein heterogenes Bild. Auch deliktspezifisch zeigten sich gro\u00dfe Unterschiede, mit sowohl positiven wie auch negativen Entwicklungen. &#8222;Das Polizeipr\u00e4sidium Mannheim nimmt diese Entwicklungen auf. Wir passen unser Vorgehen stetig an die sich ver\u00e4ndernden Gegebenheiten und Ph\u00e4nomene an und erarbeiten dabei ganzheitliche Konzepte, um ein Mehr an Sicherheit f\u00fcr die Bev\u00f6lkerung in der Metropolregion zu erreichen&#8220;, so die Polizeivizepr\u00e4sidentin Ulrike Sch\u00e4fer.<\/p>\n\n\n\n<h4 class=\"wp-block-heading\">Allgemeine Kriminalit\u00e4tsentwicklung:<\/h4>\n\n\n\n<p>2023 wurden insgesamt 68.843 Straftaten im Zust\u00e4ndigkeitsbereich des Polizeipr\u00e4sidiums Mannheim registriert. Das bedeutete im Vergleich zum Vorjahr 2022 eine Zunahme um 5,7 %. Diese lag damit fast gleichauf mit jener des Bundes mit einem Plus von 5,5 %, aber deutlich unter der Steigerung des Landesdurchschnitts Baden-W\u00fcrttemberg von 8,1%. Gemessen am 10-Jahresmittelwert von 69.320 Straftaten lagen die Zahlen f\u00fcr 2023 um 0,7 % unter dem Durchschnitt. 2014, im ersten Jahr des neu geschaffenen Polizeipr\u00e4sidiums Mannheim, lag die Zahl der Gesamtstraftaten bei 68.333, also nur knapp unterhalb des Niveaus von 2023. Bis zum Vor-Corona-Jahr 2019 wuchsen die Straftaten aus 70.115 F\u00e4lle an. Damals lag die Gesamtzahl folglich um \u00fcber 1200 Straftaten h\u00f6her. Pandemiebedingt sanken die Werte auf 65.744 F\u00e4lle im Jahr. Gemessen am Zehnjahresmittelwert von 69.320 Straftaten ergab sich immer noch ein R\u00fcckgang um knapp 0,7 Prozent.<\/p>\n\n\n\n<h3 class=\"wp-block-heading\">Kriminalit\u00e4tsschwerpunkte:<\/h3>\n\n\n\n<h4 class=\"wp-block-heading\">Straftaten gegen das Leben<\/h4>\n\n\n\n<p>In diesem Bereich sanken die Zahlen um 25,5 %. Am st\u00e4rksten zeigte sich dieser Trend in Heidelberg mit -35,7 %, gefolgt vom Rhein-Neckar-Kreis (-26,7 %) und Mannheim (-18,2 %). Bedeutsam ist die hohe Aufkl\u00e4rungsquote von 92,1 %, die gegen\u00fcber 2022 sogar noch um 5,8 % gesteigert werden konnte. Bei den vollendeten T\u00f6tungsdelikten gelang es \u00fcberdies alle F\u00e4lle aufzukl\u00e4ren. Bei knapp drei Viertel der Taten handelte es sich um Beziehungstaten und bei fast der H\u00e4lfte der F\u00e4lle (44,7 %) wurde ein Messer eingesetzt.<\/p>\n\n\n\n<h4 class=\"wp-block-heading\">Sexualstraftaten<\/h4>\n\n\n\n<p>2023 setzte sich der Trend der Zunahme bei den Sexualstraftaten der letzten Jahre fort. Die Gesamtzahl stieg um 9,8 % an. Hierbei ist zu beachten, dass die Steigerung zum \u00fcberwiegenden Teil durch das Verbreiten pornografischer Inhalte durch Jugendliche und Kinder im Internet oder \u00fcber Messenger-Dienste zu Stande kam. So zeigte sich in diesem Bereich bei der Tatverd\u00e4chtigengruppe der Kinder ein Zuwachs von 47,8 %. Bei den Jugendlichen erh\u00f6hte sich die Zahl um 7,5 %. Bei den Sexualstraftaten im \u00f6ffentlichen Raum sank die Zahl hingegen um 9,3 %, darunter Vergewaltigungen (-14,0 %) und sexuelle Bel\u00e4stigungen (-6,0 %). Die Aufkl\u00e4rungsquote verbesserte sich um 2,6% auf 86,0 %.<\/p>\n\n\n\n<h4 class=\"wp-block-heading\">Raub und R\u00e4uberische Erpressung<\/h4>\n\n\n\n<p>Bei den Raubstraftaten gab es einen deutlichen Anstieg um 51,8 % auf 495 F\u00e4lle. In diesem Deliktbereich werden auch r\u00e4uberische Diebst\u00e4hle erfasst. Hierunter fallen beispielsweise Ladendiebst\u00e4hle, bei denen eine auf frischer Tat festgehaltene Person Gewalt anwendet, um sich im Besitz des gestohlenen Guts zu erhalten. R\u00e4uberische Diebst\u00e4hle hatten mit 149 F\u00e4llen einen signifikanten Anteil an den Gesamtzahlen des Deliktbereichs. In Heidelberg erh\u00f6hte sich die Zahl der r\u00e4uberischen Diebst\u00e4hle um 73,3 % auf 52 Delikte. In Mannheim waren es 67 F\u00e4lle bei einem Zuwachs von 52,3 %. Im Rhein-Neckar-Kreis stiegen die Zahlen um 87,5 % auf 30 Delikte an. Die die Gesamtschadenssumme aller Raubstraftaten nahm um 7,1 % zu und erh\u00f6hte sich auf 594.212 Euro.<\/p>\n\n\n\n<h4 class=\"wp-block-heading\">Eigentumsdelikte<\/h4>\n\n\n\n<p>Zwar stiegen die Eigentumsdelikte 2023 um 6,6 % gegen\u00fcber dem Vorjahr auf 23.486 F\u00e4lle an, jedoch lagen die Fallzahlen noch unter dem Zehnjahresdurchschnitt von 24.623 F\u00e4llen. Analog ist die Entwicklung bei den Wohnungseinbr\u00fcchen erkennbar. Einerseits ergab sich hier ein Zuwachs von 31,2% auf 601 F\u00e4lle, andererseits liegt dies weit unter dem Niveau des Zehnjahresdurchschnitts von 941 F\u00e4llen. Zunehmend gehen diese Straftaten auf das Konto von \u00fcberregional agierenden T\u00e4tergruppierungen. Zu beachten gilt, dass ein Gro\u00dfteil der Taten, n\u00e4mlich 42,2 % der F\u00e4lle, im Versuchsstadium blieben. Die Aufkl\u00e4rungsquote im Polizeipr\u00e4sidium Mannheim liegt 3,2 % \u00fcber dem Landesschnitt Baden-W\u00fcrttembergs.<\/p>\n\n\n\n<h4 class=\"wp-block-heading\">Stra\u00dfenkriminalit\u00e4t<\/h4>\n\n\n\n<p>Nicht nur gegen\u00fcber dem Vorjahr sanken die F\u00e4lle der Stra\u00dfenkriminalit\u00e4t um 5,9 %, sondern auch gegen\u00fcber dem Zehnjahresdurchschnitt, n\u00e4mlich mit einer Abnahme von 13,7 %. Besonders signifikant war der R\u00fcckgang bei den Sachbesch\u00e4digungen um 32,3 % und bei den besonders schweren F\u00e4llen des Diebstahls aus Kraftfahrzeugen um 27,4 %. In diesem Deliktsbereich kam der Gruppe der Jugendlichen eine gesonderte Rolle zu. Sie machten hier 15,8 % aller Tatverd\u00e4chtiger aus, wohingegen ihr Anteil bei den Gesamtstraftaten lediglich bei 9,2 % lag. Der Alkoholkonsum spielte bei der Tatbegehung eine gro\u00dfe Rolle. So standen 22 % aller Tatverd\u00e4chtigen bei der Tat nachweislich unter Alkoholeinfluss.<\/p>\n\n\n\n<h4 class=\"wp-block-heading\">Aggressionsdelikte im \u00f6ffentlichen Raum<\/h4>\n\n\n\n<p>Aggressionsdelikte im \u00f6ffentlichen Raum machten mit 3.244 F\u00e4llen nur einen sehr kleinen Teil der Gesamtstraftaten aus. Gegen\u00fcber 2022 stieg die Zahl der Delikte um 12,7 %. Bei den Tatverd\u00e4chtigen zeigte sich eine deutliche Zunahme bei den Jugendlichen mit einem Plus von 19,3 % und bei den Heranwachsenden mit einem Plus von 23,1 %. In 8,0 % der Delikte, also in 260 F\u00e4llen, kam ein Messer zum Einsatz. Die Gruppe der tatverd\u00e4chtigen Jugendlichen bei den Messerdelikten wies mit 58,3 % einen erheblichen Zuwachs auf. Aggressionsdelikte im \u00f6ffentlichen Raum wurden \u00fcberwiegend von m\u00e4nnlichen Tatverd\u00e4chtigen ver\u00fcbt. Ihr Anteil betrug 85,0%, bei Messerdelikten sogar 92,6%. Auch hier, \u00e4hnlich wie im Bereich der Stra\u00dfenkriminalit\u00e4t, spielte der Alkoholkonsum bei der Tatbegehung eine gewichtige Rolle. So standen 27,8% aller Tatverd\u00e4chtigen bei der Tat nachweislich unter Alkoholeinfluss.<\/p>\n\n\n\n<h4 class=\"wp-block-heading\">Gewaltkriminalit\u00e4t<\/h4>\n\n\n\n<p>Die Gewaltkriminalit\u00e4t verzeichnete 2023 im Vergleich zum Vorjahr einen Zuwachs von 9,9 %. Damit lag er leicht \u00fcber dem landesweiten Trend von 8,8 %. Bei den Tatverd\u00e4chtigen handelte es sich mit einem Anteil von 87,5 % haupts\u00e4chlich um M\u00e4nner. Bezogen auf das Alter der Tatverd\u00e4chtigen waren Jugendliche und Heranwachsende \u00fcberproportional vertreten. Insbesondere bei den Heranwachsenden zeigte sich mit einem Plus von 16,4 % eine deutliche Zunahme gegen\u00fcber dem Vorjahr. Mit 26 % war mehr als ein Viertel aller Tatverd\u00e4chtigen bei der Tataus\u00fcbung alkoholisiert.<\/p>\n\n\n\n<h4 class=\"wp-block-heading\">Rauschgiftdelikte<\/h4>\n\n\n\n<p>Die Zahl der Rauschgifttoten sank 2023 deutlich um 34,8 % und somit auf 15 Personen. Trotz der um 10,6 % gesunkenen Fallzahlen erh\u00f6hten sich die Mengen der sichergestellten Bet\u00e4ubungsmittel. So stiegen sie bei Amphetamin um 87 % auf 36 kg, bei Haschisch um 377 % auf 57 kg und bei Marihuana um 74 % auf 101 kg. Auch die sichergestellte Bargeldmenge wuchs an und zwar um 74 % auf 231.788 Euro. Die Aufkl\u00e4rungsquote lag beim Polizeipr\u00e4sidium Mannheim mit 93,9 % noch \u00fcber der landesweiten Quote von 92,1 %.<\/p>\n\n\n\n<h4 class=\"wp-block-heading\">Gewalt gegen Polizeibeamte<\/h4>\n\n\n\n<p>Die Gewalt gegen Polizeibeamtinnen und Polizeibeamte nahm auch 2023 zu. Sie stieg gegen\u00fcber dem Vorjahr um 8,5 %. Bei den Taten wurden 333 Beamtinnen und Beamte leicht verletzt, 3 von ihnen schwer. Obwohl es einen Zuwachs in der Tatverd\u00e4chtigengruppe der Jugendlichen um 10,7 % und der Heranwachsenden um 18,8% gab, blieben Erwachsene mit einem Anteil von 84,1% an der Gesamtzahl der Tatverd\u00e4chtigen die dominierende Gruppierung. Alkohol spielte bei der Tatbegehung eine signifikante Rolle. So standen 46,7 % aller Tatverd\u00e4chtigen bei der Tat nachweislich unter Alkoholeinfluss.<\/p>\n\n\n\n<h4 class=\"wp-block-heading\">Allgemeine Verkehrsunfallentwicklung:<\/h4>\n\n\n\n<p>Die Gesamtzahl der Verkehrsunf\u00e4lle im Zust\u00e4ndigkeitsbereich des Polizeipr\u00e4sidiums Mannheim stieg 2023 um 4,2 % auf 28.611 an. Bei der Zahl der Verletzten war ein R\u00fcckgang erkennbar. Es wurden 2.794 Menschen leicht verletzt und damit 81 weniger als noch im Jahr zuvor. Auch die Zahl der Schwerverletzten reduzierte sich. Mit 377 Personen waren dies 14,5 % weniger als im Jahr 2022. Entgegen der Entwicklung bei Verletzten stieg die Anzahl der Unfalltoten im Vergleich zum Vorjahr von 15 auf 28 an. Bei diesen Zahlen sind Unf\u00e4lle, die sich auf den Bundesautobahnen ereigneten, nicht ber\u00fccksichtigt, da sie gesondert ausgewiesen werden.<\/p>\n\n\n\n<h4 class=\"wp-block-heading\">Verkehrsunfallschwerpunkte:<\/h4>\n\n\n\n<p>Insgesamt ereigneten sich im Jahr 2023 1,8 % weniger Unf\u00e4lle mit Fu\u00dfg\u00e4ngern als noch im Vorjahr. Die Anzahl reduzierte sich von 333 auf 327. Unf\u00e4lle. Bei den Get\u00f6teten kam es 2023 erneut zu einem Anstieg von 5 auf 8 Personen. Unter den 277 verletzten Personen waren auch 49 mit schweren Verletzungen.<\/p>\n\n\n\n<p>Bei den Fahrrad-Unf\u00e4llen (inclusive Pedelec, umgangssprachlich als E-Bikes bezeichnet) war eine Reduzierung um 1,1 %, von 1.349 auf 1.334 festzustellen. 2023 verletzten sich bei diesen Unf\u00e4llen 1026 Personen, was eine geringf\u00fcgige Abnahme gegen\u00fcber dem Vorjahr mit 1.068 Verletzten bedeutet. Die Zahl der Schwerverletzten sank von 136 auf 132. Eine Steigerung gab es allerdings bei den t\u00f6dlichen Fahrradunf\u00e4llen. 2023 kamen 9 Personen dabei ums Leben. 2022 lag die Zahl noch bei 3.<\/p>\n\n\n\n<p>Der gestiegene Anteil von E-Scootern im Stra\u00dfenverkehr machte sich auch in der polizeilichen Verkehrsunfallstatistik bemerkbar. So kam es insgesamt zu 159 Verkehrsunf\u00e4llen mit Beteiligung eines E-Scooters, was einem Zuwachs von 33,6 % entspricht. Dabei wurden dabei 13 Menschen schwer und 87 leicht verletzt. Es kam 2023 niemand bei einem Unfall mit einem E-Scooter ums Leben.<\/p>\n\n\n\n<p>Zu den Hauptunfallursachen 2023 geh\u00f6rte eine nicht angepasste Geschwindigkeit mit einem Anteil von 19,7 %. Dadurch kamen 13 Personen ums Leben, was 46,4 % aller t\u00f6dlichen Verkehrsunf\u00e4lle entspricht. Weitere Hauptunfallursachen waren ein mangelnder Sicherheitsabstand mit einem Anteil von 11,1 %, die Missachtung der Vorfahrt mit 10,1 % und die Beeinflussung durch Alkohol mit 9,1 %. Bei Alkoholunf\u00e4llen kamen im Jahr 2023 f\u00fcnf Menschen ums Leben, was bedeutet, dass bei 17,8 % aller t\u00f6dlichen Verkehrsunf\u00e4lle Alkohol im Spiel war.<\/p>\n\n\n\n<h2 class=\"wp-block-heading\">(Mannheim \/ Heidelberg) &#8211; Polizei zieht Bilanz zur Fahrradkontrollwoche<\/h2>\n\n\n\n<p>Vor dem Hintergrund eines landesweiten Trends steigender Zahlen von Fahrradunf\u00e4llen, f\u00fchrten Beamtinnen und Beamte der Verkehrspolizeiinspektion des Polizeipr\u00e4sidium Mannheim in der vergangenen Woche vom 08.04.24 bis zum 12.04.2024 mehrere Kontrollaktionen in ihrem Zust\u00e4ndigkeitsbereich durch. Die Schwerpunkte lagen dabei auf den Kontrollen von Fahrr\u00e4dern, Pedelecs und E-Bikes. Dabei wurden sowohl die technischen Einrichtungen der Fahrzeuge selbst, also auch die Einhaltung der Stra\u00dfenverkehrsordnung durch die jeweiligen Fahrerinnen und Fahrer \u00fcberpr\u00fcft. Insgesamt konnten bei 26 Kontrollaktionen 633 Fahrzeuge kontrolliert werden. Die Bilanz dieser Woche zeigte die Wichtigkeit und die Notwenigkeit solcher Aktionen. Insgesamt konnten bei den kontrollierten Fahrzeugen 409 Verst\u00f6\u00dfe gez\u00e4hlt werden. Hervorzuheben sind mit 195 Verst\u00f6\u00dfen die festgestellten Rotlichtfahrten, die damit fast die H\u00e4lfte aller Verst\u00f6\u00dfe bilden. Bei 115 Fahrzeugen wurden zudem technische M\u00e4ngel festgestellt.<\/p>\n\n\n\n<h2 class=\"wp-block-heading\">(Heidelberg) &#8211; Mehrere Tausend Euro und Dollar Bargeld aus Jackentasche entwendet \/ Zeugen gesucht<\/h2>\n\n\n<div class=\"wp-block-image\">\n<figure class=\"aligncenter size-large\"><img decoding=\"async\" loading=\"lazy\" width=\"1024\" height=\"649\" src=\"https:\/\/speyer24news.com\/wp-content\/uploads\/2022\/04\/Geld-Betrug-Schockanruf-Rentner-1024x649.jpg\" alt=\"\" class=\"wp-image-44260\" srcset=\"https:\/\/speyer24news.com\/wp-content\/uploads\/2022\/04\/Geld-Betrug-Schockanruf-Rentner-1024x649.jpg 1024w, https:\/\/speyer24news.com\/wp-content\/uploads\/2022\/04\/Geld-Betrug-Schockanruf-Rentner-300x190.jpg 300w, https:\/\/speyer24news.com\/wp-content\/uploads\/2022\/04\/Geld-Betrug-Schockanruf-Rentner-768x487.jpg 768w, https:\/\/speyer24news.com\/wp-content\/uploads\/2022\/04\/Geld-Betrug-Schockanruf-Rentner.jpg 1280w\" sizes=\"(max-width: 1024px) 100vw, 1024px\" \/><figcaption class=\"wp-element-caption\">Beispielbild, dient lediglich der Visualisierung<\/figcaption><\/figure><\/div>\n\n\n<p>Eine bislang unbekannte T\u00e4terschaft entwendete am Donnerstagabend, gegen 18:30 Uhr, einem 64-J\u00e4hrigen aus seiner Jackentasche 4.000 Dollar sowie knapp 3.500 Euro Bargeld und fl\u00fcchtete daraufhin unerkannt.<\/p>\n\n\n\n<p>Ein 64-J\u00e4higer sa\u00df gemeinsam mit seinem 28-j\u00e4hrigen Sohn in der Rohrbacher Stra\u00dfe in einem dort befindlichen Caf\u00e9, als sich zwei unbekannte M\u00e4nner an den Nachbartisch setzten. Beim Verr\u00fccken des Stuhles rempelte einer der Unbekannten den 64-J\u00e4hrigen an und entwendete aus der Innentasche einer \u00fcber den Stuhl gelehnten Jacke das Bargeld. Wenige Sekunden sp\u00e4ter fl\u00fcchteten die beiden unbekannten T\u00e4ter in unbekannte Richtung.<\/p>\n\n\n\n<ul>\n<li><strong>Das Polizeirevier Heidelberg-Mitte hat die Ermittlungen aufgenommen und bittet Zeugen, welche Hinweise zur Tat oder zur T\u00e4terschaft geben k\u00f6nnen, sich unter der Telefonnummer 06221 1857-0 zu melden.<\/strong><\/li>\n<\/ul>\n\n\n\n<h4 class=\"wp-block-heading\"><em>Weitere Informationen und wie Sie sich sch\u00fctzen finden Sie hier: <a href=\"https:\/\/www.polizei-beratung.de\/themen-und-tipps\/diebstahl\/taschendiebstahl\/\">https:\/\/www.polizei-beratung.de\/themen-und-tipps\/diebstahl\/taschendiebstahl\/<\/a><\/em><\/h4>\n\n\n\n<h2 class=\"wp-block-heading\">(Heidelberg) &#8211; Radfahrerin kollidiert mit Autot\u00fcr und st\u00fcrzt<\/h2>\n\n\n\n<p>Am Donnerstag, gegen 14 Uhr, befuhr eine 27-j\u00e4hrige Fahrradfahrerin die Heinrich-Fuchs-Stra\u00dfe, als diese mit einer Autot\u00fcr kollidierte und daraufhin st\u00fcrzte.<\/p>\n\n\n\n<p>Ein 39-j\u00e4hriger Autofahrer parkte seinen Mercedes-Benz am rechten Fahrbahnrand der Heinrich-Fuchs-Stra\u00dfe und \u00f6ffnete zum Aussteigen die Fahrert\u00fcr. Dabei \u00fcbersah er die von hinten herannahende Radfahrerin. Diese bemerkte die Unachtsamkeit des Autofahrers zu sp\u00e4t und kollidierte mit der Autot\u00fcr, woraufhin sie st\u00fcrzte. Die Gesamtschadensh\u00f6he kann derzeit nicht beziffert werden.<\/p>\n\n\n\n<p>Die leicht verletzte Radfahrerin wurde vor Ort medizinisch betreut und zur weiteren Behandlung in ein Krankenhaus gebracht. Das Polizeirevier Heidelberg-S\u00fcd hat die Ermittlungen aufgenommen.<\/p>\n\n\n\n<h2 class=\"wp-block-heading\">(Hockenheim \/ Rhein-Neckar-Kreis) &#8211; Sachschaden im f\u00fcnfstelligen Bereich; Unbekannter verursacht Unfall und fl\u00fcchtet \/ Zeugen gesucht<\/h2>\n\n\n\n<p>In der Zeit zwischen Mittwoch, 22 Uhr, und Donnerstag, 09:20 Uhr, besch\u00e4digte ein bisher unbekannter Autofahrer bzw. eine Autofahrerin einen in der Adlerstra\u00dfe geparkten Daimler-Benz und fl\u00fcchtete. An dem Daimler entstand ein Sachschaden im niedrigen f\u00fcnfstelligen Bereich. T\u00e4terhinweise sind bislang noch nicht bekannt.<\/p>\n\n\n\n<ul>\n<li><strong>Zeugenhinweise nimmt das Polizeirevier Hockenheim, unter der Tel.: 06205\/2860-0, entgegen.<\/strong><\/li>\n<\/ul>\n\n\n\n<h2 class=\"wp-block-heading\">(Wiesloch \/ Rhein-Neckar-Kreis) &#8211; Junge Radfahrerin von Pkw erfasst<\/h2>\n\n\n\n<p>Am Donnerstag befuhr eine 79-j\u00e4hrige Suzuki-Fahrerin gegen 11:30 Uhr die Bahnhofstra\u00dfe in Richtung Innenstadt. Am Kreisverkehr in H\u00f6he der Luisenstra\u00dfe fuhr sie in diesen ein und \u00fcbersah hierbei eine 18-j\u00e4hrige Radfahrerin, die sich bereits im Kreisverkehr befand. Dies hatte zur Folge, dass die Radfahrerin mit dem Suzuki kollidierte, auf die Motorhaube aufgeladen wurde und im weiteren Verlauf auf die Stra\u00dfe rutschte.<\/p>\n\n\n\n<p>Hierdurch erlitt sie diverse leichte Verletzungen, die in einem nahegelegenen Krankenhaus medizinisch behandelt wurden. Gl\u00fccklicherweise trug die Radfahrerin einen Helm, wodurch Schlimmeres verhindert wurde.<\/p>\n\n\n\n<p>Das Auto und das Rad wurden bei dem Zusammensto\u00df leicht besch\u00e4digt.<\/p>\n\n\n\n<p>Das Polizeirevier Wiesloch hat die Ermittlungen u.a. wegen fahrl\u00e4ssiger K\u00f6rperverletzung aufgenommen.<\/p>\n","protected":false},"excerpt":{"rendered":"<div class=\"mh-excerpt\"><p>Polizeimeldungen vom Freitag (12.04.2024) (Speyer) &#8211; Unfall zwischen Radfahrern Am Donnerstag, gegen 17:45 Uhr fuhren eine 9- und zwei 14-J\u00e4hrige mit ihren Fahrr\u00e4dern auf dem geteilten Rad-\/Gehweg der Landwehrstra\u00dfe in die nicht freigegebene Fahrtrichtung. Auf <a class=\"mh-excerpt-more\" href=\"https:\/\/speyer24news.com\/?p=59273\" title=\"Polizeimeldungen Freitag (12.04.24)\">[&#8230;]<\/a><\/p>\n<\/div>","protected":false},"author":3,"featured_media":26162,"comment_status":"open","ping_status":"open","sticky":false,"template":"","format":"standard","meta":{"_monsterinsights_skip_tracking":false,"_monsterinsights_sitenote_active":false,"_monsterinsights_sitenote_note":"","_monsterinsights_sitenote_category":0,"footnotes":""},"categories":[15659],"tags":[7273,7243,7244,10926,13554,350,14537,15084,15267,14538,15361,702,61,2555,14113,6955,6986,6263,63,105,11150,6987,53,13540,16956,18099,17274,4683,14958,9154,17275,12967,102,13626,213,14325,14324,13553,13541,16955,2625,380],"aioseo_notices":[],"amp_enabled":true,"_links":{"self":[{"href":"https:\/\/speyer24news.com\/index.php?rest_route=\/wp\/v2\/posts\/59273"}],"collection":[{"href":"https:\/\/speyer24news.com\/index.php?rest_route=\/wp\/v2\/posts"}],"about":[{"href":"https:\/\/speyer24news.com\/index.php?rest_route=\/wp\/v2\/types\/post"}],"author":[{"embeddable":true,"href":"https:\/\/speyer24news.com\/index.php?rest_route=\/wp\/v2\/users\/3"}],"replies":[{"embeddable":true,"href":"https:\/\/speyer24news.com\/index.php?rest_route=%2Fwp%2Fv2%2Fcomments&post=59273"}],"version-history":[{"count":3,"href":"https:\/\/speyer24news.com\/index.php?rest_route=\/wp\/v2\/posts\/59273\/revisions"}],"predecessor-version":[{"id":59280,"href":"https:\/\/speyer24news.com\/index.php?rest_route=\/wp\/v2\/posts\/59273\/revisions\/59280"}],"wp:featuredmedia":[{"embeddable":true,"href":"https:\/\/speyer24news.com\/index.php?rest_route=\/wp\/v2\/media\/26162"}],"wp:attachment":[{"href":"https:\/\/speyer24news.com\/index.php?rest_route=%2Fwp%2Fv2%2Fmedia&parent=59273"}],"wp:term":[{"taxonomy":"category","embeddable":true,"href":"https:\/\/speyer24news.com\/index.php?rest_route=%2Fwp%2Fv2%2Fcategories&post=59273"},{"taxonomy":"post_tag","embeddable":true,"href":"https:\/\/speyer24news.com\/index.php?rest_route=%2Fwp%2Fv2%2Ftags&post=59273"}],"curies":[{"name":"wp","href":"https:\/\/api.w.org\/{rel}","templated":true}]}}