{"id":59282,"date":"2024-04-14T08:00:54","date_gmt":"2024-04-14T07:00:54","guid":{"rendered":"https:\/\/speyer24news.com\/?p=59282"},"modified":"2024-04-14T08:00:56","modified_gmt":"2024-04-14T07:00:56","slug":"polizeimeldungen-samstag-13-04-24","status":"publish","type":"post","link":"https:\/\/speyer24news.com\/?p=59282","title":{"rendered":"Polizeimeldungen Samstag (13.04.24)"},"content":{"rendered":"<style type=\"text\/css\">\r\n\t.ads_top_disp{}\r\n\t.ads_top_corner_disp{ float:left; margin:0px 10px 10px 0px; }\r\n\t.ads_first_p_disp{}\r\n\t.ads_bottom_disp{}\r\n\t<\/style>\n<h2 class=\"wp-block-heading\">Polizeimeldungen vom Samstag (13.04.2024)<\/h2>\n\n\n<div class=\"wp-block-image\">\n<figure class=\"aligncenter size-full\"><img decoding=\"async\" loading=\"lazy\" width=\"375\" height=\"500\" src=\"https:\/\/speyer24news.com\/wp-content\/uploads\/2022\/03\/Aktuelles-Polizeilogo.jpg\" alt=\"\" class=\"wp-image-43591\" srcset=\"https:\/\/speyer24news.com\/wp-content\/uploads\/2022\/03\/Aktuelles-Polizeilogo.jpg 375w, https:\/\/speyer24news.com\/wp-content\/uploads\/2022\/03\/Aktuelles-Polizeilogo-225x300.jpg 225w\" sizes=\"(max-width: 375px) 100vw, 375px\" \/><\/figure><\/div>\n\n\n<h2 class=\"wp-block-heading\">(Speyer) &#8211; Fahrt unter Bet\u00e4ubungsmitteleinfluss<\/h2>\n\n\n\n<p>In der Nacht zum Samstag gegen 03:15 Uhr wurde durch eine Polizeistreife in der Schifferstadter Stra\u00dfe eine Verkehrskontrolle durchgef\u00fchrt. Bei dem 25-j\u00e4hrigen Fahrer des Pkw konnten drogentypische Auffallerscheinungen festgestellt werden. Nach eigenen Angaben habe der Fahrer zuvor Marihuana und Amphetamin konsumiert. Dem 25-J\u00e4hrigen wurde eine Blutprobe entnommen und der Fahrzeugschl\u00fcssel sichergestellt. Gegen den Fahrer wird nun ein Ordnungswidrigkeitenverfahren eingeleitet.<\/p>\n\n\n\n<h2 class=\"wp-block-heading\">(Speyer) &#8211; Zwei K\u00f6rperverletzungen im Innenstadtbereich<\/h2>\n\n\n<div class=\"wp-block-image\">\n<figure class=\"aligncenter size-full\"><img decoding=\"async\" loading=\"lazy\" width=\"801\" height=\"600\" src=\"https:\/\/speyer24news.com\/wp-content\/uploads\/2020\/05\/Zeugen-gesucht-Neutral.jpg\" alt=\"\" class=\"wp-image-26598\" srcset=\"https:\/\/speyer24news.com\/wp-content\/uploads\/2020\/05\/Zeugen-gesucht-Neutral.jpg 801w, https:\/\/speyer24news.com\/wp-content\/uploads\/2020\/05\/Zeugen-gesucht-Neutral-300x225.jpg 300w, https:\/\/speyer24news.com\/wp-content\/uploads\/2020\/05\/Zeugen-gesucht-Neutral-768x575.jpg 768w, https:\/\/speyer24news.com\/wp-content\/uploads\/2020\/05\/Zeugen-gesucht-Neutral-678x509.jpg 678w, https:\/\/speyer24news.com\/wp-content\/uploads\/2020\/05\/Zeugen-gesucht-Neutral-326x245.jpg 326w, https:\/\/speyer24news.com\/wp-content\/uploads\/2020\/05\/Zeugen-gesucht-Neutral-80x60.jpg 80w\" sizes=\"(max-width: 801px) 100vw, 801px\" \/><\/figure><\/div>\n\n\n<p>Am Freitagabend erlangte die Polizei Speyer Kenntnis \u00fcber zwei K\u00f6rperverletzungsdelikte im Stadtgebiet. In einem Restaurant am Rhein kam es gegen 17:50 Uhr zwischen drei Frauen, welche in einem fl\u00fcchtigen Bekanntschaftsverh\u00e4ltnis zueinander stehen, zun\u00e4chst zu verbalen Streitigkeiten. Der Streit der Damen im Alter von 43, 45 und 47 Jahren gipfelte schlussendlich darin, dass ein Fahrrad gegen eine der Beteiligten geworfen und Beleidigungen ausgesprochen wurden. Eine der Frauen wurde hierbei leicht verletzt. Die 47-j\u00e4hrige Frau, welche das Fahrrad warf, erhielt abschlie\u00dfend einen Platzverweis. <\/p>\n\n\n\n<p>Auf der Fr\u00fchjahrsmesse kam es an einem Fahrgesch\u00e4ft gegen 20:00 Uhr ebenfalls zu einer k\u00f6rperlichen Auseinandersetzung. Ein Mitarbeiter des Fahrgesch\u00e4fts wurde von einer gr\u00f6\u00dferen m\u00e4nnlichen Personengruppe mit Schl\u00e4gen und Tritten gegen den gesamten K\u00f6rper angegriffen, nachdem dieser einen Fahrgast aus Sicherheitsgr\u00fcnden unter dem Fahrgestell herausgezogen hat. Einer der T\u00e4ter kletterte zuvor unter die Absperrung, um seinen verlorenen Kopfh\u00f6rer zu suchen. Der 32-j\u00e4hrige Gesch\u00e4digte wurde anschlie\u00dfend vom Rettungsdienst medizinisch versorgt. Die T\u00e4ter fl\u00fcchteten unerkannt.<\/p>\n\n\n\n<ul>\n<li><strong>Zeugen, welche die Tat auf der Messe beobachtet haben oder sonstige sachdienliche Hinweise geben k\u00f6nnen, werden gebeten sich bei der Polizei Speyer unter der Telefonnummer 06232\/137-0 oder per E-Mail an\u00a0<a href=\"mailto:%20pispeyer@polizei.rlp.de\">pispeyer@polizei.rlp.de<\/a>\u00a0zu melden.<\/strong><\/li>\n<\/ul>\n\n\n\n<h2 class=\"wp-block-heading\">(Herxheim \/ Bellheim) &#8211; F\u00fchrerschein weg wegen Alkohol<\/h2>\n\n\n\n<p>Am 13.04.2024 gegen 04.00 Uhr wurde ein 26-j\u00e4hriger aus bislang unbekannten Gr\u00fcnden von seinem 31-j\u00e4hrigen Bekannten in seiner Wohnung in Herxheim bei Landau k\u00f6rperlich angegangen. Anschlie\u00dfend fuhren beide gemeinsam im Auto nach Bellheim. Auf einer Landstra\u00dfe gerieten sie erneut in Streit, weshalb der 31-j\u00e4hrige Fahrer mehrfach grundlos bremste und infolgedessen der 26-j\u00e4hrige das Auto verlie\u00df. Danach setzte der 31-j\u00e4hrige seine Fahrt alleine fort und wurde in Speyer an seiner Wohnanschrift angetroffen. Es stellte sich heraus, dass er mit 1,22 Promille stark alkoholisiert war. Ihm wurde eine Blutprobe entnommen. Sein F\u00fchrerschein wurde sichergestellt. Er darf sich nun wegen K\u00f6rperverletzung, gef\u00e4hrlichen Eingriffs in den Stra\u00dfenverkehr und Trunkenheitsfahrt verantworten. Sein Bekannter kam mit leichten Verletzungen in ein Krankenhaus.<\/p>\n\n\n\n<h2 class=\"wp-block-heading\">(Winden) &#8211; Schwerer Verkehrsunfall im Feld<\/h2>\n\n\n\n<p>Am Freitagmittag ereignete sich im Feld bei Winden ein Verkehrsunfall mit einer schwerverletzten Person. Gegen 14 Uhr befuhr eine 28-J\u00e4hrige mit einem landwirtschaftlichen Pritschenwagen einen Feldweg, welcher von dem Grasweg abgeht. Im Fahrzeug befanden sich weitere sechs Personen, die am Wegesrand eines Feldes ausstiegen. Nachdem sich vermeintlich alle Insassen vom Fahrzeug entfernt hatten, setzte die Fahrerin den Pritschenwagen eine halbe Fahrzeugl\u00e4nge zur\u00fcck, erfasste eine 50-J\u00e4hrige, die sich noch hinter dem Fahrzeug befand, und \u00fcberrollte diese. Die Frau erlitt hierbei schwere Verletzungen und wurde mit dem Rettungshubschrauber in ein Krankenhaus verbracht. Lebensgefahr besteht mittlerweile nicht mehr.<\/p>\n\n\n\n<h2 class=\"wp-block-heading\">(Rohrbach) &#8211; Fahndung nach fl\u00fcchtigem Unfallbeteiligten, Einsatz des Polizeihubschraubers<\/h2>\n\n\n<div class=\"wp-block-image\">\n<figure class=\"aligncenter size-full\"><img decoding=\"async\" loading=\"lazy\" width=\"640\" height=\"480\" src=\"https:\/\/speyer24news.com\/wp-content\/uploads\/2020\/07\/Hubschraubersuche-der-Polizei.jpg\" alt=\"\" class=\"wp-image-29364\" srcset=\"https:\/\/speyer24news.com\/wp-content\/uploads\/2020\/07\/Hubschraubersuche-der-Polizei.jpg 640w, https:\/\/speyer24news.com\/wp-content\/uploads\/2020\/07\/Hubschraubersuche-der-Polizei-300x225.jpg 300w, https:\/\/speyer24news.com\/wp-content\/uploads\/2020\/07\/Hubschraubersuche-der-Polizei-326x245.jpg 326w, https:\/\/speyer24news.com\/wp-content\/uploads\/2020\/07\/Hubschraubersuche-der-Polizei-80x60.jpg 80w\" sizes=\"(max-width: 640px) 100vw, 640px\" \/><\/figure><\/div>\n\n\n<p>Am Morgen des 13.04.2024 meldete ein Verkehrsteilnehmer der Polizei in Landau einen PKW, welcher neben einem Feldweg in der N\u00e4he des Mitfahrerparkplatzes Rohrbach auf dem Dach liegen w\u00fcrde. Da sich die Insassen des Fahrzeugs nicht vor Ort befanden und nicht ausgeschlossen werden konnte, dass diese durch den Unfall verletzt wurden, leitete die Polizei umfangreiche Fahndungsma\u00dfnahmen nach ihnen ein. Trotz des Einsatzes eines Polizeihubschraubers konnte der oder die Gesuchte bislang nicht ausgemacht werden.<\/p>\n\n\n\n<ul>\n<li><strong>Die Polizei bittet Zeugen, die Hinweise zu der Tat oder dem T\u00e4ter geben k\u00f6nnen, sich per Email an\u00a0<a href=\"mailto:%20pilandau@polizei.rlp.de\">pilandau@polizei.rlp.de<\/a>\u00a0oder telefonisch unter 06341-287-0 bei der Polizeiinspektion Landau zu melden.<\/strong><\/li>\n<\/ul>\n\n\n\n<h2 class=\"wp-block-heading\">(Essingen) &#8211; Geschwindigkeitskontrolle in der Kirchstra\u00dfe<\/h2>\n\n\n\n<p>Durch Kr\u00e4fte der Polizeiinspektion Landau wurden am Freitagmittag Geschwindigkeits- und Verkehrskontrollen in der Kirchstra\u00dfe in Essingen durchgef\u00fchrt. Innerhalb einer Stunde \u00fcberschritten 10 Verkehrsteilnehmer die zul\u00e4ssige H\u00f6chstgeschwindigkeit von 30 km\/h. Der h\u00f6chste gemessene Wert betrug 51 km\/h. Au\u00dferdem wurde ein Gurtversto\u00df geahndet und ein verkehrsunsicheres Fahrzeug beanstandet.<\/p>\n\n\n\n<h2 class=\"wp-block-heading\">(Essingen) &#8211; Biergenuss endet auf Polizeidienststelle<\/h2>\n\n\n\n<p>Im Rahmen einer Streifenfahrt bemerkten die eingesetzten Beamten einen 33-j\u00e4hrigen Moped-Fahrer aus dem Kreis S\u00fcdliche Weinstra\u00dfe, welcher mit einer Bierdose in der Hand auf einem Feldweg fuhr. Bei der darauffolgenden Verkehrskontrolle wurde beim Fahrer eine Atemalkoholmessung durchgef\u00fchrt. Diese ergab einen Wert von 1,45Promille. Der 33-J\u00e4hrige wurde zur Polizeidienststelle verbracht, wo ihm eine Blutprobe entnommen wurde. Nun muss er sich wegen Trunkenheit im Stra\u00dfenverkehr verantworten.<\/p>\n\n\n\n<h2 class=\"wp-block-heading\">(Edenkoben) &#8211; K\u00f6rperverletzung in der Weinstra\u00dfe<\/h2>\n\n\n<div class=\"wp-block-image\">\n<figure class=\"aligncenter size-full\"><img decoding=\"async\" loading=\"lazy\" width=\"801\" height=\"600\" src=\"https:\/\/speyer24news.com\/wp-content\/uploads\/2020\/05\/Zeugen-gesucht-Neutral.jpg\" alt=\"\" class=\"wp-image-26598\" srcset=\"https:\/\/speyer24news.com\/wp-content\/uploads\/2020\/05\/Zeugen-gesucht-Neutral.jpg 801w, https:\/\/speyer24news.com\/wp-content\/uploads\/2020\/05\/Zeugen-gesucht-Neutral-300x225.jpg 300w, https:\/\/speyer24news.com\/wp-content\/uploads\/2020\/05\/Zeugen-gesucht-Neutral-768x575.jpg 768w, https:\/\/speyer24news.com\/wp-content\/uploads\/2020\/05\/Zeugen-gesucht-Neutral-678x509.jpg 678w, https:\/\/speyer24news.com\/wp-content\/uploads\/2020\/05\/Zeugen-gesucht-Neutral-326x245.jpg 326w, https:\/\/speyer24news.com\/wp-content\/uploads\/2020\/05\/Zeugen-gesucht-Neutral-80x60.jpg 80w\" sizes=\"(max-width: 801px) 100vw, 801px\" \/><\/figure><\/div>\n\n\n<p>Am Donnerstagabend zog sich ein Jugendlicher bei einer Auseinandersetzung leichte Sch\u00fcrfwunden zu. Der 15-J\u00e4hrige befuhr gegen 20:45 Uhr mit seinem E-Scooter die Weinstra\u00dfe. Kurz vor der Metzgergasse wurde er aus einer f\u00fcnfk\u00f6pfigen Personengruppe heraus gestoppt und nach Zigaretten gefragt. Nachdem er die Frage verneinte, wurde er zu Boden gesto\u00dfen und verletzte sich. Im Anschluss konnte der Junge mit seinem E-Scooter fl\u00fcchten. <\/p>\n\n\n\n<ul>\n<li><strong>Zeugen, welche Hinweise auf die Identit\u00e4t der Personengruppe geben k\u00f6nnen, werden gebeten sich mit der Polizei in Edenkoben unter der Telefonnummer 06323 9550 oder per E-Mail unter\u00a0<a href=\"mailto:%20piedenkoben@polizei.rlp.de\">piedenkoben@polizei.rlp.de<\/a>\u00a0in Verbindung zu setzen.<\/strong><\/li>\n<\/ul>\n\n\n\n<h2 class=\"wp-block-heading\">(Maikammer) &#8211; Handfester Streit zwischen Fu\u00dfballfans<\/h2>\n\n\n<div class=\"wp-block-image\">\n<figure class=\"aligncenter size-full\"><img decoding=\"async\" loading=\"lazy\" width=\"800\" height=\"533\" src=\"https:\/\/speyer24news.com\/wp-content\/uploads\/2021\/11\/Schlaegerei.jpg\" alt=\"\" class=\"wp-image-42366\" srcset=\"https:\/\/speyer24news.com\/wp-content\/uploads\/2021\/11\/Schlaegerei.jpg 800w, https:\/\/speyer24news.com\/wp-content\/uploads\/2021\/11\/Schlaegerei-300x200.jpg 300w, https:\/\/speyer24news.com\/wp-content\/uploads\/2021\/11\/Schlaegerei-768x512.jpg 768w\" sizes=\"(max-width: 800px) 100vw, 800px\" \/><figcaption class=\"wp-element-caption\">Beispielbild Schl\u00e4gerei \/ K\u00f6rperverletzung, dient lediglich der Visualisierung<\/figcaption><\/figure><\/div>\n\n\n<p>Die Begeisterung f\u00fcr den FC Saarbr\u00fccken brachte einem Fan Schmerzen im Kieferbereich ein. Der 58-J\u00e4hrige besuchte im Trikot seines Vereins eine Kneipe in Maikammer. Dort kam es aufgrund von Fanrivalit\u00e4ten zum Streit mit einem Anh\u00e4nger des 1. FC Kaiserslautern. Der Lauternfan schlug letztlich mit der Faust zu und traf den Anh\u00e4nger des saarl\u00e4ndischen Vereins im Gesicht. Zum T\u00e4ter ist bekannt, dass dieser ein Trikot des 1. FC Kaiserslautern trug. <\/p>\n\n\n\n<ul>\n<li><strong>Zeugen, welche sachdienliche Hinweise, insbesondere zur Identit\u00e4t des T\u00e4ters, geben k\u00f6nnen, werden gebeten sich mit der Polizei in Edenkoben unter der Telefonnummer 06323 9550 oder per E-Mail unter\u00a0<a href=\"mailto:%20piedenkoben@polizei.rlp.de\">piedenkoben@polizei.rlp.de<\/a>\u00a0in Verbindung zu setzen.<\/strong><\/li>\n<\/ul>\n\n\n\n<h2 class=\"wp-block-heading\">(Maikammer) &#8211; Verkehrsunfallflucht am Gesundheitszentrum<\/h2>\n\n\n\n<p>Ein bislang unbekannter Fahrzeugf\u00fchrer ist im Zeitraum von Donnerstag, 12:00 Uhr bis Freitagmorgen, 08:00 Uhr auf dem Parkplatz des Gesundheitszentrums in Maikammer gegen einen Toyota Aygo gefahren. Der Fahrer oder die Fahrerin ist in der Folge gefl\u00fcchtet, ohne sich um den entstandenen Schaden in H\u00f6he von ca. 500EUR zu k\u00fcmmern. <\/p>\n\n\n\n<ul>\n<li><strong>Zeugen, welche Hinweise auf den Unfallverursacher oder dessen Fahrzeug geben k\u00f6nnen, werden gebeten sich mit der Polizei in Edenkoben unter der Telefonnummer 06323 9550 oder per E-Mail unter\u00a0<a href=\"mailto:%20piedenkoben@polizei.rlp.de\">piedenkoben@polizei.rlp.de<\/a>\u00a0in Verbindung zu setzen.<\/strong><\/li>\n<\/ul>\n\n\n\n<h2 class=\"wp-block-heading\">(Kirrweiler) &#8211; Diebstahl von Blumenk\u00fcbeln<\/h2>\n\n\n\n<p>Unbekannte entwendeten in der Nacht von Donnerstag auf Freitag Kupferblumenk\u00fcbel. Die Pflanzgef\u00e4\u00dfe befanden sich im Hof eines Anwesens im Edenkobener Weg und wurden im Schutze der Dunkelheit gestohlen. <\/p>\n\n\n\n<ul>\n<li><strong>Zeugen, welche Hinweise zu den T\u00e4tern oder dem Verbleib der Blumenk\u00fcbel geben k\u00f6nnen, werden gebeten sich mit der Polizei in Edenkoben unter der Telefonnummer 06323 9550 oder per E-Mail unter\u00a0<a href=\"mailto:%20piedenkoben@polizei.rlp.de\">piedenkoben@polizei.rlp.de<\/a>\u00a0in Verbindung zu setzen.<\/strong><\/li>\n<\/ul>\n\n\n\n<h2 class=\"wp-block-heading\">(Neustadt) &#8211; Unfallflucht mit verletztem Radfahrer<\/h2>\n\n\n\n<p>Am 12.04.2024 gegen 01:45 Uhr kam es auf dem Radweg parallel zur K19 zwischen dem Mu\u00dfbacher Kreisverkehr und NW-Mu\u00dfbach zu einem Verkehrsunfall zwischen zwei Radfahrern. Ein 20-J\u00e4hriger befuhr den zweispurigen Radweg in Richtung Mu\u00dfbach als ihm ein weiterer Radfahrer auf seiner Spur entgegenkam. Die beiden Radfahrer kollidierten, wodurch der 20-J\u00e4hrige leichtverletzt wurde. Der junge Mann stellte den Unbekannten daraufhin zur Rede, worauf dieser und ein vor Ort befindlicher E-Scooter-Fahrer ihm mit Schl\u00e4gen drohten. Anschlie\u00dfend fl\u00fcchteten der unbekannte Radfahrer und der E-Scooter-Fahrer \u00fcber Feldwege in unbekannte Richtung. Am Fahrrad des 20-J\u00e4hrigen entstand Sachschaden in H\u00f6he von ca. 500EUR.<\/p>\n\n\n\n<ul>\n<li><strong>Zeugenhinweise nimmt die Polizei Neustadt\/W. unter 06321 854-0 oder per Mail an\u00a0<a href=\"mailto:%20pineustadt@polizei.rlp.de\">pineustadt@polizei.rlp.de<\/a>\u00a0entgegen.<\/strong><\/li>\n<\/ul>\n\n\n\n<h2 class=\"wp-block-heading\">(Bad D\u00fcrkheim) &#8211; Jugendlicher Radfahrer schwer verletzt<a href=\"https:\/\/www.facebook.com\/sharer.php?u=https%3A%2F%2Fwww.presseportal.de%2Fblaulicht%2Fpm%2F117687%2F5756440%2F%3Futm_source%3Dfacebook%26utm_medium%3Dsocial\"><\/a><a href=\"https:\/\/twitter.com\/intent\/tweet?text=POL-PDNW%3A%20Bad%20D%C3%BCrkheim%20-%20Jugendlicher%20Radfahrer%20schwer%20verletzt&amp;url=https%3A%2F%2Fwww.presseportal.de%2Fblaulicht%2Fpm%2F117687%2F5756440%2F%3Futm_source%3Dtwitter%26utm_medium%3Dsocial&amp;hashtags=ots&amp;lang=de\"><\/a><a href=\"https:\/\/web.whatsapp.com\/send?text=POL-PDNW%3A%20Bad%20D%C3%BCrkheim%20-%20Jugendlicher%20Radfahrer%20schwer%20verletzt%0A%0Ahttps%3A%2F%2Fwww.presseportal.de%2Fblaulicht%2Fpm%2F117687%2F5756440%2F%3Futm_source%3Dwhatsapp%26utm_medium%3Dsocial\"><\/a><a href=\"https:\/\/www.xing.com\/app\/user?op=share;url=https%3A%2F%2Fwww.presseportal.de%2Fblaulicht%2Fpm%2F117687%2F5756440%2F%3Futm_source%3Dxing%26utm_medium%3Dsocial\"><\/a><a href=\"http:\/\/www.linkedin.com\/shareArticle?mini=true&amp;url=https%3A%2F%2Fwww.presseportal.de%2Fblaulicht%2Fpm%2F117687%2F5756440%2F%3Futm_source%3Dlinkedin%26utm_medium%3Dsocial&amp;title=POL-PDNW%3A+Bad+D%C3%BCrkheim+-+Jugendlicher+Radfahrer+schwer+verletzt\"><\/a><a href=\"mailto:?subject=POL-PDNW%3A%20Bad%20D%C3%BCrkheim%20-%20Jugendlicher%20Radfahrer%20schwer%20verletzt&amp;body=https:\/\/www.presseportal.de\/blaulicht\/pm\/117687\/5756440\"><\/a><\/h2>\n\n\n<div class=\"wp-block-image\">\n<figure class=\"aligncenter\"><a href=\"https:\/\/cache.pressmailing.net\/thumbnail\/story_hires\/58fd0fba-2cea-4653-b795-be2d330eb49b\/1.jpg.jpg\"><img decoding=\"async\" src=\"https:\/\/cache.pressmailing.net\/thumbnail\/story_big\/58fd0fba-2cea-4653-b795-be2d330eb49b\/pol-pdnw-bad-d-rkheim-jugendlicher-radfahrer-schwer-verletzt\" alt=\"POL-PDNW: Bad D\u00fcrkheim - Jugendlicher Radfahrer schwer verletzt\"\/><\/a><\/figure><\/div>\n\n\n<p>Am Freitag, den 13.04.2024, ereignete sich um 21:35 Uhr ein Verkehrsunfall auf der Weinstra\u00dfe S\u00fcd in Bad D\u00fcrkheim, bei dem ein Unfallbeteiligter schwer verletzt wurde. Ein 16-j\u00e4hriger Fahrradfahrer aus Bad D\u00fcrkheim befuhr ohne Helm und jegliche Beleuchtung mit seinem Pedelec die Seebacher Stra\u00dfe in Richtung Weinstra\u00dfe S\u00fcd. Zur gleichen Zeit fuhr ein 20-j\u00e4hriger Mann aus Ludwigshafen mit seinem Fiat Seicento die Weinstra\u00dfe S\u00fcd aus Richtung Wachenheim an der Weinstra\u00dfe entlang. Der Unfall ereignete sich, als der 16-j\u00e4hrige aus ungekl\u00e4rter Ursache in den Gegenverkehr der Seebacher Stra\u00dfe geriet und dann die Weinstra\u00dfe S\u00fcd in H\u00f6he der Hausnummer 51 \u00fcberquerte, ohne den kreuzenden Verkehr zu beachten oder den Fu\u00dfg\u00e4nger\u00fcberweg zu respektieren. Der 20-j\u00e4hrige konnte den von links kommenden Fahrradfahrer nicht rechtzeitig sehen und kollidierte mit diesem, wodurch das Pedelec einige Meter vorw\u00e4rts geschoben wurde.<\/p>\n\n\n\n<p>Der 16-j\u00e4hrige wurde bei dem Zusammensto\u00df schwer verletzt, w\u00e4hrend das Pedelec Totalschaden erlitt. Am PKW entstand lediglich eine leichte Delle in der Motorhaube.<\/p>\n\n\n\n<p>Die genauen Umst\u00e4nde des Unfalls werden derzeit untersucht.<\/p>\n\n\n\n<h2 class=\"wp-block-heading\">(Bobenheim-Roxheim) &#8211; R\u00e4uberische Erpressung unter Heranwachsenden<\/h2>\n\n\n<div class=\"wp-block-image\">\n<figure class=\"aligncenter size-full\"><img decoding=\"async\" loading=\"lazy\" width=\"801\" height=\"600\" src=\"https:\/\/speyer24news.com\/wp-content\/uploads\/2020\/05\/Zeugen-gesucht-Neutral.jpg\" alt=\"\" class=\"wp-image-26598\" srcset=\"https:\/\/speyer24news.com\/wp-content\/uploads\/2020\/05\/Zeugen-gesucht-Neutral.jpg 801w, https:\/\/speyer24news.com\/wp-content\/uploads\/2020\/05\/Zeugen-gesucht-Neutral-300x225.jpg 300w, https:\/\/speyer24news.com\/wp-content\/uploads\/2020\/05\/Zeugen-gesucht-Neutral-768x575.jpg 768w, https:\/\/speyer24news.com\/wp-content\/uploads\/2020\/05\/Zeugen-gesucht-Neutral-678x509.jpg 678w, https:\/\/speyer24news.com\/wp-content\/uploads\/2020\/05\/Zeugen-gesucht-Neutral-326x245.jpg 326w, https:\/\/speyer24news.com\/wp-content\/uploads\/2020\/05\/Zeugen-gesucht-Neutral-80x60.jpg 80w\" sizes=\"(max-width: 801px) 100vw, 801px\" \/><\/figure><\/div>\n\n\n<p>Am Freitag, den 12.04.2024 kam es gegen 19:40 Uhr im Bereich des F\u00fcgenparks in Bobenheim-Roxheim zu einer r\u00e4uberischen Erpressung unter mehreren Heranwachsenden. Demnach kam es zun\u00e4chst zu Streitigkeiten zwischen den Beteiligten, in deren Verlauf die beiden 12-j\u00e4hrigen Gesch\u00e4digten durch die drei, zun\u00e4chst unbekannten, T\u00e4ter am Weitergehen gehindert und gewaltsam zur Herausgabe von Bargeld und Lebensmitteln im Wert von ca. zehn Euro gebracht wurden. Verletzt wurde hierbei niemand. Einer der T\u00e4ter, ein 14-j\u00e4hriger aus Frankenthal, konnte im Nachgang ermittelt werden. Zu den beiden noch unbekannten T\u00e4tern laufen die weiteren polizeilichen Ermittlungen.<\/p>\n\n\n\n<ul>\n<li><strong>Zeugen werden gebeten sich an die Polizeiinspektion Frankenthal unter der Tel.-Nr.: 06233\/313-0 oder an die Polizeiwache Maxdorf unter der Tel.-Nr.: 06237\/934-1100 zu wenden. Gerne nehmen wir Ihre Hinweise auch per E-Mail unter\u00a0<a href=\"mailto:%20pifrankenthal@polizei.rlp.de\">pifrankenthal@polizei.rlp.de<\/a>\u00a0entgegen.<\/strong><\/li>\n<\/ul>\n\n\n\n<h2 class=\"wp-block-heading\">(Ludwigshafen) &#8211; Fahrer unter Drogeneinfluss<\/h2>\n\n\n<div class=\"wp-block-image\">\n<figure class=\"aligncenter size-full\"><img decoding=\"async\" loading=\"lazy\" width=\"800\" height=\"552\" src=\"https:\/\/speyer24news.com\/wp-content\/uploads\/2024\/04\/Joint-kiffen-cannabis-grass-weed-thc.jpg\" alt=\"\" class=\"wp-image-59286\" srcset=\"https:\/\/speyer24news.com\/wp-content\/uploads\/2024\/04\/Joint-kiffen-cannabis-grass-weed-thc.jpg 800w, https:\/\/speyer24news.com\/wp-content\/uploads\/2024\/04\/Joint-kiffen-cannabis-grass-weed-thc-300x207.jpg 300w, https:\/\/speyer24news.com\/wp-content\/uploads\/2024\/04\/Joint-kiffen-cannabis-grass-weed-thc-768x530.jpg 768w\" sizes=\"(max-width: 800px) 100vw, 800px\" \/><figcaption class=\"wp-element-caption\">THC Konsum, Beispielbild, dient lediglich der Visualisierung.<\/figcaption><\/figure><\/div>\n\n\n<p>Am 13.04.2024 wurde gegen 23:55 Uhr ein PKW Fahrer kontrolliert. Im Rahmen der Verkehrskontrolle ergaben sich Hinweise auf Drogenkonsum. Der Fahrer willigte einem freiwilligen Urintest ein, welcher positiv auf THC reagierte. Auf Grund dessen wurde der Fahrer auf hiesige Dienststelle verbracht, wo ihm eine Blutprobe entnommen wurde. Die Fahrzeugschl\u00fcssel wurden pr\u00e4ventiv sichergestellt, anschlie\u00dfend wurde er aus den polizeilichen Ma\u00dfnahmen entlassen.<\/p>\n\n\n\n<h4 class=\"wp-block-heading\"><strong>Aus gegeneben Anlass m\u00f6chten wir noch einmal eindringlich hinweisen: Das Fahren unter dem Einfluss von THC ist und bleibt verboten. Wer berauscht f\u00e4hrt, gef\u00e4hrdet nicht nur sich, sondern auch andere!<\/strong><\/h4>\n\n\n\n<ul>\n<li><strong>R\u00fcckfragen bitte an die Polizeiinspektion Ludwigshafen 2, Telefonnummer 0621 963-2222 oder per E-Mail an\u00a0<a href=\"mailto:%20piludwigshafen2@polizei.rlp.de\">piludwigshafen2@polizei.rlp.de<\/a>\u00a0.<\/strong><\/li>\n<\/ul>\n\n\n\n<h2 class=\"wp-block-heading\">(Ludwigshafen) &#8211; Ausgel\u00f6ster Brandmelder<\/h2>\n\n\n\n<p>Am Samstag, den 13.04.2024, gegen 12:00 Uhr, wurden die Feuerwehr sowie die Polizei zu einem ausgel\u00f6sten Brandmeldealarm in einer Unterkunft f\u00fcr Gefl\u00fcchtete in der Mannheimer Stra\u00dfe alarmiert. Vor Ort konnten weder eine Rauchentwicklung noch ein Brandherd ausgemacht werden. Vermutlich wurde der Brandmelder durch einen zigarettenrauchenden Anwohner fahrl\u00e4ssig ausgel\u00f6st. Es liegen keine Anhaltspunkte f\u00fcr eine Straftat vor und es entstand kein Sachschaden.<\/p>\n\n\n\n<h2 class=\"wp-block-heading\">(Ludwigshafen) &#8211; Verkehrsunfallflucht ca. 6000Euro Schaden<\/h2>\n\n\n\n<p>Im Zeitraum vom 12.04.2024, 20:00 Uhr bis 13.04.2024, 09:10 Uhr parkte der Gesch\u00e4digte seinen wei\u00dfen Mercedes Vito in der Valentin-Bauer-Stra\u00dfe H\u00f6he der Hausnummer 17-19 in L\u00e4ngsaufstellung am linken Fahrbahnrand. Vermutlich wurde das Fahrzeug beim Vorbeifahren an der rechten Fahrzeugseite erheblich besch\u00e4digt. Der Unfallverursacher fl\u00fcchtete anschlie\u00dfend von der Unfall\u00f6rtlichkeit.<\/p>\n\n\n\n<ul>\n<li><strong>Zeugen, die Angaben zum fl\u00fcchtigen Fahrzeug oder Fahrer machen k\u00f6nnen, werden gebeten sich an die Polizeiinspektion Ludwigshafen 2, Telefonnummer 0621 963-2222 oder per E-Mail an\u00a0<a href=\"mailto:%20piludwigshafen2@polizei.rlp.de\">piludwigshafen2@polizei.rlp.de<\/a>\u00a0zu wenden.<\/strong><\/li>\n<\/ul>\n\n\n\n<h2 class=\"wp-block-heading\">(Mannheim) &#8211; Stra\u00dfenbahn entgleist \/ Bergungsma\u00dfnahmen<\/h2>\n\n\n\n<p>Am Samstag gegen 19:10 Uhr entgleiste eine Stra\u00dfenbahn, welche die Kurpfalzstra\u00dfe in Richtung Bismarckstra\u00dfe befuhr, in einer Linkskurve. Zum derzeitigen Stand wurde bei dem Unfall eine Person leicht verletzt. Zur Bergung der Stra\u00dfenbahn wurde ein Kran angefordert. F\u00fcr die Dauer dieser Ma\u00dfnahmen wird die Bismarckstra\u00dfe in beiden Fahrtrichtungen gesperrt werden, hier ist von mehreren Stunden auszugehen. Die H\u00f6he des entstandenen Sachschadens ist derzeit noch nicht genauer zu beziffern. Zur Unfallursache kann noch keine Aussage getroffen werden, dies ist Gegenstand der laufenden Ermittlungen.<\/p>\n\n\n\n<h3 class=\"wp-block-heading has-text-align-center\">Ein Fahrgast leicht verletzt &#8211; Pressemeldung Nr. 2<\/h3>\n\n\n\n<p>Gegen 19.10 Uhr entgleiste bei einem Abbiegevorgang von der Kurpfalzstra\u00dfe auf die Bismarckstra\u00dfe der hintere Wagon einer Stra\u00dfenbahn. Das Zugfahrzeug blieb in der Schienenf\u00fchrung. Durch das Entgleisen des hinteren Wagons, kam es zu einem erheblichen Schaden am Gleisbett und an der Stra\u00dfenbahn. Weiter entstand ein Flurschaden auf der Fahrbahn. Der Gesamtschaden bel\u00e4uft sich ersten Sch\u00e4tzungen zufolge auf ca. 100.000 Euro. Zum Zeitpunkt des Geschehens war die Stra\u00dfenbahn mit ca. 100 Fahrg\u00e4sten besetzt. Ein Fahrgast wurde durch das abrupte Abbremsen der Stra\u00dfenbahn leicht verletzt (Nackenschmerzen). Mittels zwei Bergungskr\u00e4nen musste die Bahn zur\u00fcck in die F\u00fchrungsschienen gehoben werden. Hierf\u00fcr wurde die Bismarckstra\u00dfe in beiden Fahrtrichtungen bis 01:10 Uhr gesperrt. Der Bahnverkehr konnte um 01:30 Uhr wieder freigegeben werden.<\/p>\n\n\n\n<h2 class=\"wp-block-heading\">(Heidelberg) &#8211; Vergessenes Fett l\u00f6st K\u00fcchenbrand aus \/ Zwei Personen leicht verletzt<\/h2>\n\n\n<div class=\"wp-block-image\">\n<figure class=\"aligncenter size-full\"><img decoding=\"async\" loading=\"lazy\" width=\"800\" height=\"533\" src=\"https:\/\/speyer24news.com\/wp-content\/uploads\/2023\/02\/Symboldbild-Feuerwehr.jpg\" alt=\"\" class=\"wp-image-50884\" srcset=\"https:\/\/speyer24news.com\/wp-content\/uploads\/2023\/02\/Symboldbild-Feuerwehr.jpg 800w, https:\/\/speyer24news.com\/wp-content\/uploads\/2023\/02\/Symboldbild-Feuerwehr-300x200.jpg 300w, https:\/\/speyer24news.com\/wp-content\/uploads\/2023\/02\/Symboldbild-Feuerwehr-768x512.jpg 768w\" sizes=\"(max-width: 800px) 100vw, 800px\" \/><\/figure><\/div>\n\n\n<p>Am Freitagabend, gegen 21:25 Uhr, kam es im zweiten Obergeschoss eines Mehrfamilienhauses am Otto-Hahn-Platz zu einem K\u00fcchenbrand. Die 27-j\u00e4hrige Bewohnerin wollte Pommes zubereiten und verga\u00df das Fett auf der eingeschalteten Herdplatte. Das dadurch entfachte Feuer versuchte sie vergeblich mit einem Bettlaken zu l\u00f6schen. Als dies misslang rettete sie sich mit ihren vier Kindern im Alter von einem bis sieben Jahren ins Freie. Ein Nachbar kam der Familie zur Hilfe und l\u00f6schte mittels eines im Hausflur h\u00e4ngenden Feuerl\u00f6schers die Flammen. Sowohl die Wohnungsinhaberin wie auch der Nachbar erlitten Rauchgasvergiftungen und wurden zur weiteren Abkl\u00e4rung in ein Krankenhaus verbracht. Durch die Berufsfeuerwehr Heidelberg wurde die Herdplatte ausgebaut und die Wohnung gel\u00fcftet. Der Sachschaden bel\u00e4uft sich auf sch\u00e4tzungsweise 25.000 Euro.<\/p>\n\n\n\n<h2 class=\"wp-block-heading\">(Heidelberg) &#8211; 31-j\u00e4hriger Paraglider abgest\u00fcrzt<\/h2>\n\n\n\n<p>Am Freitagnachmittag, gegen 15:00 Uhr, st\u00fcrzte ein 31-J\u00e4hriger mit seinem Gleitschirm ab und verletzte sich schwer. Der Mann startete vom Gleitschirm-Startplatz am K\u00f6nigstuhl. Aufgrund ung\u00fcnstiger Thermik und unzureichendem Auftrieb verlor er schnell an H\u00f6he. Eine geplante, sogenannte Baumlandung, misslang und er st\u00fcrzte unweit der Mountainbike-Downhill-Strecke zu Boden. Beim Eintreffen der Rettungskr\u00e4fte war der Mann bei Bewusstsein. Nach der Erstversorgung an der Absturzstelle kam der 31-J\u00e4hrige in ein nahegelegenes Krankenhaus. Der Gleitschirm wurde sichergestellt. An dem Flugger\u00e4t entstand ein Sachschaden in H\u00f6he von ca. 5.000 Euro.<\/p>\n","protected":false},"excerpt":{"rendered":"<div class=\"mh-excerpt\"><p>Polizeimeldungen vom Samstag (13.04.2024) (Speyer) &#8211; Fahrt unter Bet\u00e4ubungsmitteleinfluss In der Nacht zum Samstag gegen 03:15 Uhr wurde durch eine Polizeistreife in der Schifferstadter Stra\u00dfe eine Verkehrskontrolle durchgef\u00fchrt. Bei dem 25-j\u00e4hrigen Fahrer des Pkw konnten <a class=\"mh-excerpt-more\" href=\"https:\/\/speyer24news.com\/?p=59282\" title=\"Polizeimeldungen Samstag (13.04.24)\">[&#8230;]<\/a><\/p>\n<\/div>","protected":false},"author":3,"featured_media":26162,"comment_status":"open","ping_status":"open","sticky":false,"template":"","format":"standard","meta":{"_monsterinsights_skip_tracking":false,"_monsterinsights_sitenote_active":false,"_monsterinsights_sitenote_note":"","_monsterinsights_sitenote_category":0,"footnotes":""},"categories":[15659],"tags":[7273,7243,7244,10926,13554,350,14537,15084,15267,14538,15361,702,61,2555,14113,6955,6986,6263,63,105,11150,6987,53,13540,16956,18099,17274,4683,14958,9154,17275,12967,102,13626,213,14325,14324,13553,13541,16955,380],"aioseo_notices":[],"amp_enabled":true,"_links":{"self":[{"href":"https:\/\/speyer24news.com\/index.php?rest_route=\/wp\/v2\/posts\/59282"}],"collection":[{"href":"https:\/\/speyer24news.com\/index.php?rest_route=\/wp\/v2\/posts"}],"about":[{"href":"https:\/\/speyer24news.com\/index.php?rest_route=\/wp\/v2\/types\/post"}],"author":[{"embeddable":true,"href":"https:\/\/speyer24news.com\/index.php?rest_route=\/wp\/v2\/users\/3"}],"replies":[{"embeddable":true,"href":"https:\/\/speyer24news.com\/index.php?rest_route=%2Fwp%2Fv2%2Fcomments&post=59282"}],"version-history":[{"count":1,"href":"https:\/\/speyer24news.com\/index.php?rest_route=\/wp\/v2\/posts\/59282\/revisions"}],"predecessor-version":[{"id":59287,"href":"https:\/\/speyer24news.com\/index.php?rest_route=\/wp\/v2\/posts\/59282\/revisions\/59287"}],"wp:featuredmedia":[{"embeddable":true,"href":"https:\/\/speyer24news.com\/index.php?rest_route=\/wp\/v2\/media\/26162"}],"wp:attachment":[{"href":"https:\/\/speyer24news.com\/index.php?rest_route=%2Fwp%2Fv2%2Fmedia&parent=59282"}],"wp:term":[{"taxonomy":"category","embeddable":true,"href":"https:\/\/speyer24news.com\/index.php?rest_route=%2Fwp%2Fv2%2Fcategories&post=59282"},{"taxonomy":"post_tag","embeddable":true,"href":"https:\/\/speyer24news.com\/index.php?rest_route=%2Fwp%2Fv2%2Ftags&post=59282"}],"curies":[{"name":"wp","href":"https:\/\/api.w.org\/{rel}","templated":true}]}}