{"id":59290,"date":"2024-04-14T08:28:27","date_gmt":"2024-04-14T07:28:27","guid":{"rendered":"https:\/\/speyer24news.com\/?p=59290"},"modified":"2024-04-14T08:30:37","modified_gmt":"2024-04-14T07:30:37","slug":"radarfallen-blitzer-geschwindigkeitsmessung-fuer-die-kw-16-15-04-21-04-2024","status":"publish","type":"post","link":"https:\/\/speyer24news.com\/?p=59290","title":{"rendered":"Radarfallen \/ Blitzer \/ Geschwindigkeitsmessung f\u00fcr die KW 16 (15.04. \u2013 21.04.2024)"},"content":{"rendered":"<style type=\"text\/css\">\r\n\t.ads_top_disp{}\r\n\t.ads_top_corner_disp{ float:left; margin:0px 10px 10px 0px; }\r\n\t.ads_first_p_disp{}\r\n\t.ads_bottom_disp{}\r\n\t<\/style>\n<h2 class=\"wp-block-heading\"><strong>(Mannheim) \u2013&nbsp;<\/strong>Geschwindigkeitskontrollen f\u00fcr die Woche&nbsp;vom 15. bis 19. April<\/h2>\n\n\n<div class=\"wp-block-image\">\n<figure class=\"aligncenter\"><img decoding=\"async\" loading=\"lazy\" width=\"640\" height=\"497\" src=\"https:\/\/speyer24news.com\/wp-content\/uploads\/2020\/12\/Blitzer-2.jpg\" alt=\"\" class=\"wp-image-31937\" srcset=\"https:\/\/speyer24news.com\/wp-content\/uploads\/2020\/12\/Blitzer-2.jpg 640w, https:\/\/speyer24news.com\/wp-content\/uploads\/2020\/12\/Blitzer-2-300x233.jpg 300w\" sizes=\"(max-width: 640px) 100vw, 640px\" \/><\/figure><\/div>\n\n\n<h3 class=\"wp-block-heading\">Die Stadt Mannheim f\u00fchrt vom 15. bis 19. April in folgenden Stra\u00dfen Geschwindigkeitskontrollen durch:<\/h3>\n\n\n\n<ul>\n<li><strong>Augustaanlage<\/strong><\/li>\n\n\n\n<li><strong>B 36<\/strong><\/li>\n\n\n\n<li><strong>Haardtstra\u00dfe<\/strong><\/li>\n\n\n\n<li><strong>Hauptstra\u00dfe<\/strong><\/li>\n\n\n\n<li><strong>Lange R\u00f6tterstra\u00dfe<\/strong><\/li>\n\n\n\n<li><strong>Meerfeldstra\u00dfe (Diesterwegschule)<\/strong><\/li>\n\n\n\n<li><strong>Oppauer Stra\u00dfe (Waldhofschule)<\/strong><\/li>\n\n\n\n<li><strong>Otto-Beck-Stra\u00dfe (Pestalozzischule)<\/strong><\/li>\n\n\n\n<li><strong>Schienenstra\u00dfe<\/strong><\/li>\n\n\n\n<li><strong>Spessartstra\u00dfe (Br\u00fcder-Grimm-Schule)<\/strong><\/li>\n\n\n\n<li><strong>Waldparkdamm<\/strong><\/li>\n\n\n\n<li><strong>Werderplatz (Oststadtschule)<\/strong><\/li>\n\n\n\n<li><strong>Wiesbadener Stra\u00dfe<\/strong><\/li>\n\n\n\n<li><strong>Windeckstra\u00dfe<\/strong><\/li>\n<\/ul>\n\n\n\n<p>Kurzfristige \u00c4nderungen oder zus\u00e4tzliche Messstellen sind aus aktuellem Anlass m\u00f6glich.<\/p>\n\n\n\n<p><em>Stadt Mannheim<br>11.04.2024<\/em><\/p>\n\n\n\n<h2 class=\"wp-block-heading\"><strong>(Ludwigshafen) \u2013&nbsp;<\/strong>Radarkontrollen f\u00fcr die Woche vom 15. April bis 21. April 2024<\/h2>\n\n\n<div class=\"wp-block-image\">\n<figure class=\"aligncenter\"><img decoding=\"async\" loading=\"lazy\" width=\"800\" height=\"600\" src=\"https:\/\/speyer24news.com\/wp-content\/uploads\/2020\/03\/Blitzer-1.jpg\" alt=\"\" class=\"wp-image-25724\" srcset=\"https:\/\/speyer24news.com\/wp-content\/uploads\/2020\/03\/Blitzer-1.jpg 800w, https:\/\/speyer24news.com\/wp-content\/uploads\/2020\/03\/Blitzer-1-300x225.jpg 300w, https:\/\/speyer24news.com\/wp-content\/uploads\/2020\/03\/Blitzer-1-768x576.jpg 768w, https:\/\/speyer24news.com\/wp-content\/uploads\/2020\/03\/Blitzer-1-678x509.jpg 678w, https:\/\/speyer24news.com\/wp-content\/uploads\/2020\/03\/Blitzer-1-326x245.jpg 326w, https:\/\/speyer24news.com\/wp-content\/uploads\/2020\/03\/Blitzer-1-80x60.jpg 80w\" sizes=\"(max-width: 800px) 100vw, 800px\" \/><\/figure><\/div>\n\n\n<h3 class=\"wp-block-heading\">Die Stadt Ludwigshafen nimmt in folgenden Stadtteilen Radarkontrollen vor:<\/h3>\n\n\n\n<p>Kurzfristige \u00c4nderungen beh\u00e4lt sich der Bereich Stra\u00dfenverkehr vor. Kontrollen k\u00f6nnen auch kurzfristig an anderen Stellen stattfinden.<\/p>\n\n\n\n<ul>\n<li><strong>Montag, 15. April: Pfingstweide, Friesenheim und Oggersheim<\/strong><\/li>\n\n\n\n<li><strong>Dienstag, 16. April: Rheing\u00f6nheim, Oppau und S\u00fcd<\/strong><\/li>\n\n\n\n<li><strong>Mittwoch, 17. April: Mundenheim, Mitte und Nord<\/strong><\/li>\n\n\n\n<li><strong>Donnerstag, 18. April: Friesenheim, Edigheim und West<\/strong><\/li>\n\n\n\n<li><strong>Freitag, 19. April: Mundenheim, Gartenstadt und Maudach<\/strong><\/li>\n<\/ul>\n\n\n\n<p><em>Stadt Ludwigshafen am Rhein<br>11.04.2024<\/em><\/p>\n\n\n\n<h2 class=\"wp-block-heading\"><strong>(Pr\u00e4sidialbereich Rheinpfalz)<\/strong>\u00a0\u2013 Geschwindigkeitskontrolle im April 2024<\/h2>\n\n\n<div class=\"wp-block-image\">\n<figure class=\"aligncenter\"><img decoding=\"async\" loading=\"lazy\" width=\"800\" height=\"450\" src=\"https:\/\/speyer24news.com\/wp-content\/uploads\/2020\/12\/Blitzer-Logo.jpg\" alt=\"\" class=\"wp-image-31938\" srcset=\"https:\/\/speyer24news.com\/wp-content\/uploads\/2020\/12\/Blitzer-Logo.jpg 800w, https:\/\/speyer24news.com\/wp-content\/uploads\/2020\/12\/Blitzer-Logo-300x169.jpg 300w, https:\/\/speyer24news.com\/wp-content\/uploads\/2020\/12\/Blitzer-Logo-768x432.jpg 768w, https:\/\/speyer24news.com\/wp-content\/uploads\/2020\/12\/Blitzer-Logo-678x381.jpg 678w\" sizes=\"(max-width: 800px) 100vw, 800px\" \/><\/figure><\/div>\n\n\n<p>Die Verkehrs\u00fcberwachung mittels Verkehrskontrollen geh\u00f6rt zu den zentralen Aufgaben der Polizei.<\/p>\n\n\n\n<h3 class=\"wp-block-heading\">Im April finden daher im Bezirk des Polizeipr\u00e4sidiums Rheinpfalz wie folgt Geschwindigkeitskontrollen statt:<\/h3>\n\n\n\n<h4 class=\"wp-block-heading\">Im Gebiet der Polizeidirektion&nbsp;<strong>Ludwigshafen<\/strong>:<\/h4>\n\n\n\n<ul>\n<li><strong>25.04.2024, Bereich Dannstadt-Schauernheim<\/strong><\/li>\n<\/ul>\n\n\n\n<h4 class=\"wp-block-heading\">Im Gebiet der Polizeidirektion&nbsp;<strong>Landau<\/strong>:<\/h4>\n\n\n\n<ul>\n<li><strong>29.04.2024, Bereich Rheinzabern<\/strong><\/li>\n<\/ul>\n\n\n\n<h4 class=\"wp-block-heading\">Im Gebiet der Polizeidirektion&nbsp;<strong>Neustadt<\/strong>:<\/h4>\n\n\n\n<ul>\n<li><strong>22.04.2024, Bereich Kirchheim<\/strong><\/li>\n\n\n\n<li><strong>23.04.2024, Bereich Neustadt<\/strong><\/li>\n<\/ul>\n\n\n\n<p>Die Polizei weist ausdr\u00fccklich darauf hin, dass Kontrollen auch au\u00dferhalb der genannten Zeiten und \u00d6rtlichkeiten stattfinden.<\/p>\n\n\n\n<p><em>Polizeipr\u00e4sidium Rheinpfalz<br>26.03.2024<\/em><\/p>\n","protected":false},"excerpt":{"rendered":"<div class=\"mh-excerpt\"><p>(Mannheim) \u2013&nbsp;Geschwindigkeitskontrollen f\u00fcr die Woche&nbsp;vom 15. bis 19. April Die Stadt Mannheim f\u00fchrt vom 15. bis 19. April in folgenden Stra\u00dfen Geschwindigkeitskontrollen durch: Kurzfristige \u00c4nderungen oder zus\u00e4tzliche Messstellen sind aus aktuellem Anlass m\u00f6glich. Stadt Mannheim11.04.2024 <a class=\"mh-excerpt-more\" href=\"https:\/\/speyer24news.com\/?p=59290\" title=\"Radarfallen \/ Blitzer \/ Geschwindigkeitsmessung f\u00fcr die KW 16 (15.04. \u2013 21.04.2024)\">[&#8230;]<\/a><\/p>\n<\/div>","protected":false},"author":3,"featured_media":33649,"comment_status":"open","ping_status":"open","sticky":false,"template":"","format":"standard","meta":{"_monsterinsights_skip_tracking":false,"_monsterinsights_sitenote_active":false,"_monsterinsights_sitenote_note":"","_monsterinsights_sitenote_category":0,"footnotes":""},"categories":[64],"tags":[18,7702,4819,4814,7703,14960,19,5148,4822,4817,5149,15147,4228,17342,16999,16998,17000,947,5146,4820,4815,5147,15148,17001,17425,17003,17002,17004,17005,58,779,5152,4821,4816,5153,15146,56,59,17,7699,7068,7004,7700,15142,16990,17424,16992,16991,16993,18100,949,5150,4818,4813,5151,15909,1310,17426,11898,16995,16997,16996,18101,18102,18103,18104,18105,18106,427,1565],"aioseo_notices":[],"amp_enabled":true,"_links":{"self":[{"href":"https:\/\/speyer24news.com\/index.php?rest_route=\/wp\/v2\/posts\/59290"}],"collection":[{"href":"https:\/\/speyer24news.com\/index.php?rest_route=\/wp\/v2\/posts"}],"about":[{"href":"https:\/\/speyer24news.com\/index.php?rest_route=\/wp\/v2\/types\/post"}],"author":[{"embeddable":true,"href":"https:\/\/speyer24news.com\/index.php?rest_route=\/wp\/v2\/users\/3"}],"replies":[{"embeddable":true,"href":"https:\/\/speyer24news.com\/index.php?rest_route=%2Fwp%2Fv2%2Fcomments&post=59290"}],"version-history":[{"count":2,"href":"https:\/\/speyer24news.com\/index.php?rest_route=\/wp\/v2\/posts\/59290\/revisions"}],"predecessor-version":[{"id":59294,"href":"https:\/\/speyer24news.com\/index.php?rest_route=\/wp\/v2\/posts\/59290\/revisions\/59294"}],"wp:featuredmedia":[{"embeddable":true,"href":"https:\/\/speyer24news.com\/index.php?rest_route=\/wp\/v2\/media\/33649"}],"wp:attachment":[{"href":"https:\/\/speyer24news.com\/index.php?rest_route=%2Fwp%2Fv2%2Fmedia&parent=59290"}],"wp:term":[{"taxonomy":"category","embeddable":true,"href":"https:\/\/speyer24news.com\/index.php?rest_route=%2Fwp%2Fv2%2Fcategories&post=59290"},{"taxonomy":"post_tag","embeddable":true,"href":"https:\/\/speyer24news.com\/index.php?rest_route=%2Fwp%2Fv2%2Ftags&post=59290"}],"curies":[{"name":"wp","href":"https:\/\/api.w.org\/{rel}","templated":true}]}}