{"id":59297,"date":"2024-04-14T11:50:22","date_gmt":"2024-04-14T10:50:22","guid":{"rendered":"https:\/\/speyer24news.com\/?p=59297"},"modified":"2024-04-14T11:50:23","modified_gmt":"2024-04-14T10:50:23","slug":"stadtnotizen-verkehrsnotizen-speyer-47","status":"publish","type":"post","link":"https:\/\/speyer24news.com\/?p=59297","title":{"rendered":"Stadtnotizen &amp; Verkehrsnotizen Speyer"},"content":{"rendered":"<style type=\"text\/css\">\r\n\t.ads_top_disp{}\r\n\t.ads_top_corner_disp{ float:left; margin:0px 10px 10px 0px; }\r\n\t.ads_first_p_disp{}\r\n\t.ads_bottom_disp{}\r\n\t<\/style>\n<h1 class=\"wp-block-heading has-text-align-center\">Stadtnotizen<\/h1>\n\n\n<div class=\"wp-block-image\">\n<figure class=\"aligncenter\"><img decoding=\"async\" loading=\"lazy\" width=\"800\" height=\"600\" src=\"https:\/\/speyer24news.com\/wp-content\/uploads\/2020\/01\/Speyer-Stadtnachrichten-2.jpg\" alt=\"\" class=\"wp-image-23901\" srcset=\"https:\/\/speyer24news.com\/wp-content\/uploads\/2020\/01\/Speyer-Stadtnachrichten-2.jpg 800w, https:\/\/speyer24news.com\/wp-content\/uploads\/2020\/01\/Speyer-Stadtnachrichten-2-300x225.jpg 300w, https:\/\/speyer24news.com\/wp-content\/uploads\/2020\/01\/Speyer-Stadtnachrichten-2-768x576.jpg 768w, https:\/\/speyer24news.com\/wp-content\/uploads\/2020\/01\/Speyer-Stadtnachrichten-2-678x509.jpg 678w, https:\/\/speyer24news.com\/wp-content\/uploads\/2020\/01\/Speyer-Stadtnachrichten-2-326x245.jpg 326w, https:\/\/speyer24news.com\/wp-content\/uploads\/2020\/01\/Speyer-Stadtnachrichten-2-80x60.jpg 80w\" sizes=\"(max-width: 800px) 100vw, 800px\" \/><\/figure><\/div>\n\n\n<h2 class=\"wp-block-heading\">Erl\u00f6s aus historischer Messef\u00fchrung geht an den Malteser Hilfsdienst<\/h2>\n\n\n<div class=\"wp-block-image\">\n<figure class=\"aligncenter size-full\"><img decoding=\"async\" loading=\"lazy\" width=\"800\" height=\"625\" src=\"https:\/\/speyer24news.com\/wp-content\/uploads\/2024\/04\/Spendenuebergabe_Malteser_2.jpg\" alt=\"\" class=\"wp-image-59298\" srcset=\"https:\/\/speyer24news.com\/wp-content\/uploads\/2024\/04\/Spendenuebergabe_Malteser_2.jpg 800w, https:\/\/speyer24news.com\/wp-content\/uploads\/2024\/04\/Spendenuebergabe_Malteser_2-300x234.jpg 300w, https:\/\/speyer24news.com\/wp-content\/uploads\/2024\/04\/Spendenuebergabe_Malteser_2-768x600.jpg 768w\" sizes=\"(max-width: 800px) 100vw, 800px\" \/><figcaption class=\"wp-element-caption\">G\u00e4stef\u00fchrer Frank Seidel gemeinsam mit den Schaustellern und den Empf\u00e4ngern der Spende, dem Maltester Hilfsdienst e.V. Speyer.<br><em>Foto: \u00a9 Stadt Speyer<\/em><\/figcaption><\/figure><\/div>\n\n\n<p>Nach einer erfolgreichen Kaiserf\u00fchrung hat G\u00e4stef\u00fchrer Frank Seidel gemeinsam mit dem Schaustellerverband Speyer e.V. am Donnerstag, 11. April 2024 auf der Fr\u00fchjahrsmesse eine Spende in H\u00f6he von 440 Euro an den Malteser Hilfsdienst e.V. in Speyer \u00fcbergeben.<\/p>\n\n\n\n<p>Der Betrag stammt aus dem Erl\u00f6s der erfolgreichen Kaiserf\u00fchrung und kommt dem Projekt \u201eJunior-Demenzbegleiter\u201c zugute.<\/p>\n\n\n\n<p>25 G\u00e4ste lauschten bei bestem Kaiserwetter der historischen F\u00fchrung durch die Speyerer Messe- und Marktgeschichte anl\u00e4sslich der 442. Speyerer Fr\u00fchjahrsmesse am vergangenen Sonntag.<\/p>\n\n\n\n<p>Stauferkaiser Friedrich II. alias Frank Seidel freut sich \u00fcber die hohe Summe und bedankt sich bei den zahlreichen G\u00e4sten, dem Schaustellerverband sowie allen Unterst\u00fctzenden der Aktion.<\/p>\n\n\n\n<p>Der Stauferkaiser kommt anl\u00e4sslich der 777. Speyerer Herbstmesse 2024 am <strong>Sonntag, 27. Oktober 2024<\/strong> wieder zur\u00fcck in die Stadt!<\/p>\n\n\n\n<p><em>Text: Stadtverwaltung Speyer <em>Foto: \u00a9 Stadt Speyer<\/em><br>12.04.2024<\/em><\/p>\n\n\n\n<h2 class=\"wp-block-heading\">Familienkarte Rheinland-Pfalz startet in Speyer<\/h2>\n\n\n\n<p>Ob Schule, Arbeit oder Freizeit: F\u00fcr Familien kann der Alltag mitunter ziemlich turbulent und auch kostspielig sein. Die Familienkarte Rheinland-Pfalz stellt auf einer Website geb\u00fcndelt Informationen zu Unterst\u00fctzungsangeboten, Verg\u00fcnstigungen und Anregungen f\u00fcr ein nachhaltiges Leben zur Verf\u00fcgung und wird nun auch in Speyer auf den Weg gebracht.<\/p>\n\n\n\n<p>Die Familienkarte Rheinland-Pfalz ist ein kostenfreies Angebot des Ministeriums f\u00fcr Familie, Frauen, Kultur und Integration. Sie richtet sich an Familien mit Hauptwohnsitz in Rheinland-Pfalz und mindestens einem Kind unter 18 Jahren. Mit einer Scheckkarte k\u00f6nnen familienfreundliche Vorteile wahrgenommen werden.<\/p>\n\n\n\n<p>\u201eBei der Kindererziehung und -betreuung, der Pflege von \u00e4lteren Angeh\u00f6rigen oder der Vereinbarkeit von Beruf- und Privatleben sind immer wieder neue Herausforderungen zu meistern. Familien sind dabei nicht auf sich gestellt, sondern k\u00f6nnen sich mit ihren Fragen an Beratungsstellen in ihrer N\u00e4he wenden. Die Familienkarte hilft ihnen dabei, sich einen \u00dcberblick \u00fcber geeignete Anlaufstellen zu verschaffen\u201c, verdeutlicht Oberb\u00fcrgermeisterin Stefanie Seiler die Vorteile des Angebots.<\/p>\n\n\n\n<p>\u201eSich regelm\u00e4\u00dfig zu bewegen, mit anderen zu singen oder zu musizieren, ist f\u00fcr eine positive Entwicklung von Kindern und Jugendlichen bekannterma\u00dfen wichtig\u201c, f\u00fchrt B\u00fcrgermeisterin und Sozialdezernentin Monika Kabs aus. \u201eSich sportlich oder k\u00fcnstlerisch zu bet\u00e4tigen, gibt ihnen die M\u00f6glichkeit, eigene St\u00e4rken zu erkennen und zu entfalten. Die Familienkarte sorgt beispielsweise mit Rabattaktionen daf\u00fcr, dass kulturelle und gesellschaftliche Teilhabe nicht an einem kleinen Geldbeutel scheitert.\u201c<\/p>\n\n\n\n<p>Beigeordnete und Umweltdezernentin Irmgard M\u00fcnch-Weinmann erg\u00e4nzt: \u201eDass die Familienkarte in einer eigenen Kategorie Tipps und Angebote f\u00fcr einen nachhaltigen Familienalltag bereith\u00e4lt, ist sehr erfreulich. Je fr\u00fcher Kinder und Jugendliche erfahren, wie wichtig etwa der richtige Umgang mit M\u00fcll oder mit Lebensmitteln ist, desto leichter wird es ihnen fallen, unsere Umwelt und ihre begrenzten Ressourcen auch als Erwachsene sorgsam zu behandeln.\u201c<\/p>\n\n\n\n<p>Gemeinsam mit lokalen Partnern m\u00f6chte die Stadtverwaltung den Speyerer Familien das vielf\u00e4ltige Angebot vor Ort noch einfacher zug\u00e4nglich machen. Unternehmen, Vereine, Kultur- und Bildungsinstitutionen sowie soziale Einrichtungen in Speyer mit Angeboten f\u00fcr Familien sind deshalb aufgerufen, sich mit einer Partnerschaft zu beteiligen und Familien dadurch mehr soziale Teilhabe beziehungsweise eine finanzielle Entlastung zu erm\u00f6glichen oder verst\u00e4rkt Anreize f\u00fcr ein nachhaltiges Handeln zu setzen.<\/p>\n\n\n\n<p>Durch die Registrierung auf der Website der Familienkarte unter&nbsp;<a href=\"https:\/\/deref-web.de\/mail\/client\/_wt-Rn_A2s0\/dereferrer\/?redirectUrl=http%3A%2F%2Fwww.familienkarte.rlp.de\" target=\"_blank\" rel=\"noreferrer noopener\">www.familienkarte.rlp.de<\/a>&nbsp;erhalten Organisationen ein eigenes Profil, mit dem sie ihre Angebote auf einer interaktiven Karte vorstellen und f\u00fcr Familien sichtbarer werden k\u00f6nnen.<\/p>\n\n\n\n<p>Potenzielle Partner werden derzeit von der Stadt Speyer kontaktiert. Die Registrierung steht allen Organisationen offen, deren Angebote den Aufnahmevoraussetzungen der Familienkarte Rheinland-Pfalz entsprechen. Sobald sich ausreichend Partnerorganisationen registriert haben, wird die Familienkarte f\u00fcr Familien in Speyer eingef\u00fchrt und die Stadt auf der Plattform freigeschaltet.<\/p>\n\n\n\n<p>Informationen zum aktuellen Stand der Familienkarte Rheinland-Pfalz in Speyer erhalten Interessierte auf der Website der Familienbildung Speyer unter\u00a0<a href=\"https:\/\/deref-web.de\/mail\/client\/wnA2VNj3o-8\/dereferrer\/?redirectUrl=http%3A%2F%2Fwww.speyer.de%2Ffamilienbildung\" target=\"_blank\" rel=\"noreferrer noopener\">www.speyer.de\/familienbildung<\/a>.<\/p>\n\n\n\n<p><em>Stadtverwaltung Speyer<br>11.04.2024<\/em><\/p>\n\n\n\n<h2 class=\"wp-block-heading\">Aktionswoche \u201eSpeyer sagt NEIN! zu Gewalt gegen Frauen und Kinder\u201c startet am 20. April<\/h2>\n\n\n<div class=\"wp-block-image\">\n<figure class=\"aligncenter size-full\"><img decoding=\"async\" loading=\"lazy\" width=\"500\" height=\"667\" src=\"https:\/\/speyer24news.com\/wp-content\/uploads\/2024\/04\/Beflaggung-Antigewaltwoche-2023_Maximilianstrasse_1_\u00a9-Stadt-Speyer.jpg\" alt=\"\" class=\"wp-image-59299\" srcset=\"https:\/\/speyer24news.com\/wp-content\/uploads\/2024\/04\/Beflaggung-Antigewaltwoche-2023_Maximilianstrasse_1_\u00a9-Stadt-Speyer.jpg 500w, https:\/\/speyer24news.com\/wp-content\/uploads\/2024\/04\/Beflaggung-Antigewaltwoche-2023_Maximilianstrasse_1_\u00a9-Stadt-Speyer-225x300.jpg 225w\" sizes=\"(max-width: 500px) 100vw, 500px\" \/><figcaption class=\"wp-element-caption\">Beflaggung Aktionswoche 2023<br><em><em>Foto<\/em><\/em>:<em> \u00a9 Stadt Speyer<\/em><\/figcaption><\/figure><\/div>\n\n\n<p>Ob zu Hause oder bei der Arbeit, ob im \u00f6ffentlichen Raum oder im Netz: Jede dritte Frau in Deutschland erlebt mindestens einmal in ihrem Leben k\u00f6rperliche und\/oder sexualisierte Gewalt. Kinder sind davon h\u00e4ufig mitbetroffen. Mit der zweiten Aktionswoche<strong> vom 20. bis zum 27. April 2024<\/strong> will der Arbeitskreis \u201eGewalt gegen Frauen\u201c auf die verschiedenen Formen von Gewalt gegen Frauen und Kinder aufmerksam machen, informieren und pr\u00e4ventive Angebote schaffen.<\/p>\n\n\n\n<p>\u201eDass Anfragen nach Beratungsangeboten und nach Pr\u00e4ventionsprogrammen f\u00fcr Kinder und Jugendliche in Speyer in den vergangenen Jahren stark zugenommen haben, zeigt einerseits, dass es dringend mehr und besser ausgestattete Hilfsangebote braucht, und andererseits, dass wir Gewalt gegen Frauen und Kinder als ein gesamtgesellschaftliches Problem begreifen m\u00fcssen\u201c, bekr\u00e4ftigt Oberb\u00fcrgermeisterin Stefanie Seiler. \u201eMit der Unterzeichnung der Istanbul-Konvention hat sich Deutschland bereits im Jahr 2018 verpflichtet, Gewalt gegen Frauen zu verhindern, zu verfolgen und zu beseitigen. Obwohl ein bundesweites Gesamtkonzept bedauerlicherweise immer noch fehlt, setzt sich Speyer daf\u00fcr ein, die Umsetzung der Istanbul-Konvention auf kommunaler Ebene weiter voranzutreiben.\u201c<\/p>\n\n\n\n<p>Mit einer gro\u00df angelegten Fahnenaktion, etwa auf der Maximilianstra\u00dfe, positionieren sich die Stadt Speyer und viele weitere Institutionen mit einem deutlichen \u201eNEIN\u201c gegen Gewalt gegen Frauen und Kinder. Oberb\u00fcrgermeisterin Stefanie Seiler wird die Aktionswoche am Samstag, 20. April 2024, 11 Uhr, auf dem Geschirrpl\u00e4tzel offiziell er\u00f6ffnen. Bis 14 Uhr werden dort Infost\u00e4nde der Speyerer Beratungsstellen und ein buntes Begleitprogramm angeboten. Der Soroptimist Club Speyer-Germersheim sorgt mit Kuchen und Kaffee f\u00fcr das leibliche Wohl.<\/p>\n\n\n\n<p>An den darauffolgenden Tagen finden Vortr\u00e4ge, Workshops und eine Lesung statt, die sich mit den verschiedenen Facetten von Gewalt auseinandersetzen. Die kostenfreien Angebote richten sich an Fachpersonen und an interessierte B\u00fcrger*innen.<\/p>\n\n\n\n<p>Am Dienstag, 23. April 2024, 10 bis 13 Uhr, bietet die Beratungsstelle NIDRO Speyer einen Fachvortrag zu Drogenkonsum und Gewalterfahrung an. Der Frauennotruf Speyer l\u00e4dt f\u00fcr Mittwoch, 24. April 2024, 19 bis 20.30 Uhr, zu einem Onlinevortrag unter dem Titel \u201eSexualisierte Gewalt im Netz\u201c ein. Eine Anmeldung per E-Mail an&nbsp;<a href=\"mailto:frauennotruf-speyer@t-online.de\" target=\"_blank\" rel=\"noreferrer noopener\">frauennotruf-speyer@t-online.de<\/a>&nbsp;ist erw\u00fcnscht.<\/p>\n\n\n\n<p>Das Caritas-Zentrum Speyer veranstaltet am Donnerstag, 25. April 2024, 16 bis 17.30 Uhr, einen Vortrag zur Gewaltfreien Kommunikation nach Marshall B. Rosenberg.&nbsp; Eine Anmeldung bis zum 18. April per E-Mail an&nbsp;<a href=\"mailto:alina.wacker@caritas-speyer.de\" target=\"_blank\" rel=\"noreferrer noopener\">alina.wacker@caritas-speyer.de<\/a>&nbsp;ist erforderlich. Am Freitag, 26. April 2024, 18 bis 20 Uhr, liest Christina Clemm in der Villa Ecarius aus ihrem aktuellen Buch \u201eGegen Frauenhass\u201c. Die Autorin und Juristin zeigt darin auf, wie allgegenw\u00e4rtig Gewalt gegen Frauen ist, und was wir ver\u00e4ndern m\u00fcssen \u2013 politisch wie privat. Die Lesung ist eine gemeinsame Veranstaltung des Speyerer Frauenhauses, der Gleichstellungsstelle, der Volkshochschule und der Stadtbibliothek Speyer. Eine Anmeldung unter&nbsp;<a href=\"https:\/\/deref-web.de\/mail\/client\/HJVWLsJ8M78\/dereferrer\/?redirectUrl=http%3A%2F%2Fwww.speyer.de%2Flesung-clemm\" target=\"_blank\" rel=\"noreferrer noopener\">www.speyer.de\/lesung-clemm<\/a>&nbsp;ist erforderlich.<\/p>\n\n\n\n<p>Die Aktionswoche endet am Samstag, 27. April 2024, 10 bis 14 Uhr, mit einem Selbstbehauptungskurs f\u00fcr Frauen und M\u00e4dchen ab 14 Jahren in der Villa Ecarius, den der Frauennotruf Speyer durchf\u00fchrt. Interessierte k\u00f6nnen sich per E-Mail an&nbsp;<a href=\"mailto:frauennotruf-speyer@t-online.de\" target=\"_blank\" rel=\"noreferrer noopener\">frauennotruf-speyer@t-online.de<\/a>&nbsp;anmelden.<\/p>\n\n\n\n<p>Begleitet wird die Woche durch Pr\u00e4ventionsprogramme an Schulen und Kindertagesst\u00e4tten. So wird das Juf\u00f6mobil am Dienstag, 23. April 2024, ab 13 Uhr in der Ruhhecke in Speyer-Nord mit verschiedenen Angeboten vertreten sein und am Donnerstag, 25. April 2024, ab 13 Uhr im Woogbachtal in Speyer-West.<\/p>\n\n\n\n<p>\u201eMiteinander leben ohne Gewalt\u201c hei\u00dft ein Pr\u00e4ventionsangebot mit dem inhaltlichen Schwerpunkt auf h\u00e4uslicher Gewalt f\u00fcr die 3. und 4. Klassen an Grundschulen. Es wird an zwei Tagen in Speyerer Grundschulen gemeinsam vom Caritas-Kinderschutzdienst und dem Frauenhaus Speyer durchgef\u00fchrt.<\/p>\n\n\n\n<p>Auch in diesem Jahr werden alle weiterf\u00fchrenden Speyerer Schulen in den 8. Klassen mit dem Arbeitsheft \u201eSchule gegen Sexismus\u201c ausgestattet. Die Puppenb\u00fchne der Polizei f\u00fchrt in vier verschiedenen Kindertagesst\u00e4tten ein pr\u00e4ventives Theaterst\u00fcck auf.<\/p>\n\n\n\n<p>Weitere Informationen zu den einzelnen Programmpunkten sind bei den jeweiligen Veranstalter*innen und bei der Gleichstellungsstelle der Stadt Speyer erh\u00e4ltlich.<\/p>\n\n\n\n<p>Online ist das Programm unter&nbsp;<a href=\"https:\/\/deref-web.de\/mail\/client\/9iImGkllnsw\/dereferrer\/?redirectUrl=http%3A%2F%2Fwww.speyer.de%2Fantigewaltwoche\" target=\"_blank\" rel=\"noreferrer noopener\">www.speyer.de\/antigewaltwoche<\/a>&nbsp;abrufbar.<\/p>\n\n\n\n<p><em>Text: Stadtverwaltung Speyer <em>Foto: \u00a9 Stadt Speyer<\/em><br>03.04.2024<\/em><\/p>\n\n\n\n<h2 class=\"wp-block-heading\">Tag des offenen Denkmals\u00ae: Netzwerktreffen f\u00fcr Engagierte am 16. April<\/h2>\n\n\n\n<p>In Vorbereitung auf den Tag des&nbsp;offenen Denkmals\u00ae am 8. September 2024 in Speyer l\u00e4dt die Stadtverwaltung Speyer Denkmalengagierte zu einem Netzwerktreffen am Dienstag, 16. April 2024, 17.30 bis 19 Uhr, im Erdgeschoss des Hohenfeldschen Hauses (Maximilianstra\u00dfe 99) ein. Auch die Deutsche Stiftung Denkmalschutz (DSD) als Veranstalterin der bundesweiten Er\u00f6ffnung des Aktionstags wird anwesend sein und Fragen rund um die Er\u00f6ffnungsfeier und das Begleitprogramm beantworten.<\/p>\n\n\n\n<p>Am zweiten Sonntag im September \u00f6ffnen sich zahlreiche Denkmaltore in der Stadt. Passend zum diesj\u00e4hrigen Motto \u201eWahr-Zeichen. Zeitzeugen der Geschichte\u201c kann in ganz Speyer entdeckt werden, welche Rolle Wahrzeichen f\u00fcr die B\u00fcrgerinnen und B\u00fcrger spielen. Ob Kaiserdom, SchUM-St\u00e4tte oder Altp\u00f6rtel: Am Tag des offenen Denkmals, dem bundesweit gr\u00f6\u00dften Kulturevent, erhalten Interessierte die einzigartige M\u00f6glichkeit, sonst nicht zug\u00e4ngliche Orte oder Altbekanntes mit neuem Blick zu entdecken.<\/p>\n\n\n\n<p>Wer im Besitz eines Denkmals ist oder sich f\u00fcr eines in Speyer oder Umgebung engagiert, ist aufgerufen, sich zu beteiligen und das eigene Denkmal am Tag des offenen Denkmals einem breiten Publikum zug\u00e4nglich zu machen. Geeignet sind sowohl die gro\u00dfen bekannten Kirchen, Museen, \u00f6ffentliche Bauten, Burgen oder Schl\u00f6sser als auch private Denkmalh\u00e4user, Industriebauten oder jegliche Art von Bodendenkmal.<\/p>\n\n\n\n<p>\u201eWir wollen am 8. September gemeinsam ein gro\u00dfes Denkmalfest feiern, das die Speyererinnen und Speyerer und die G\u00e4ste unserer Stadt begeistern wird\u201c, betont Oberb\u00fcrgermeisterin Stefanie Seiler. \u201eDamit uns das gelingt, laden wir alle, die sich ganzj\u00e4hrig f\u00fcr den Erhalt und die Pflege eines Denkmals engagieren, herzlich ein, ihre T\u00fcren an diesem Tag f\u00fcr Interessierte zu \u00f6ffnen.\u201c<\/p>\n\n\n\n<p>Mitarbeitende der Stadtverwaltung und der Stiftung werden beim Netzwerktreffen am 16. April einen detaillierten Einblick in den Ablauf des Tags des offenen Denkmals&nbsp;und die bundesweite Er\u00f6ffnung geben. Denkmalengagierte werden gebeten, nach M\u00f6glichkeit Fotos, Bilder oder Zeichnungen, die einen ersten Eindruck ihres Denkmals vermitteln, mitzubringen. Es ist auch m\u00f6glich, sich im Nachgang zum Treffen mit den st\u00e4dtischen Mitarbeitenden&nbsp;und der Deutschen Stiftung Denkmalschutz&nbsp;\u00fcber das Denkmal&nbsp;und das geplante Programm am Tag&nbsp;auszutauschen.<\/p>\n\n\n\n<p>Wer nicht am Netzwerktreffen teilnehmen kann, aber interessiert ist, das eigene Denkmal beim Tag des offenen Denkmals am 8. September 2024 zu pr\u00e4sentieren, kann sich mit Denise Gerner, Abteilung Bauaufsicht und Denkmalpflege der Stadtverwaltung Speyer, in Verbindung setzen. Sie ist per E-Mail an&nbsp;<a href=\"mailto:denise.gerner@stadt-speyer.de\" target=\"_blank\" rel=\"noreferrer noopener\">denise.gerner@stadt-speyer.de<\/a>&nbsp;und unter der Telefonnummer 06232 14-2681 erreichbar.<\/p>\n\n\n\n<p><strong>Zum Tag des offenen Denkmals\u00ae<\/strong><\/p>\n\n\n\n<p>Der Tag des offenen Denkmals wird seit 1993 von der Deutschen Stiftung Denkmalschutz, die unter der Schirmherrschaft des Bundespr\u00e4sidenten steht, bundesweit koordiniert.&nbsp;Seit 1998 wird der Tag des offenen Denkmals am zweiten Sonntag im September bundesweit in wechselnden St\u00e4dten feierlich er\u00f6ffnet. Eine hochkar\u00e4tig besetzte Open-Air-Veranstaltung ist dabei nur eines der vielen Highlights, die die jeweilige Er\u00f6ffnungsstadt erwartet. Der Tag des offenen Denkmals ist der deutsche Beitrag zu den European Heritage Days. Mit diesem Tag schafft die private Denkmalschutzstiftung gro\u00dfe Aufmerksamkeit f\u00fcr die Denkmalpflege in Deutschland. Vor Ort gestaltet wird der Tag von unz\u00e4hligen Veranstaltern \u2013 von Denkmaleigent\u00fcmern, Vereinen und Initiativen bis hin zu hauptamtlichen Denkmalpflegern \u2013, ohne die die Durchf\u00fchrung des Tags des offenen Denkmals nicht m\u00f6glich w\u00e4re.<\/p>\n\n\n\n<p>Weitere Informationen gibt es unter <a href=\"http:\/\/www.tag-des-offenen-denkmals.de\" title=\"\">tag-des-offenen-denkmals.de<\/a>.<\/p>\n\n\n\n<p><em>Stadtverwaltung Speyer<br>02.04.2024<\/em><\/p>\n\n\n\n<h2 class=\"wp-block-heading\">Privater Wohnraum zur Unterbringung von Gefl\u00fcchteten gesucht<\/h2>\n\n\n\n<p>Zur Unterst\u00fctzung von Gefl\u00fcchteten haben auch in Speyer bislang zahlreiche Menschen auf unterschiedliche Weise gro\u00dfes Engagement gezeigt. Darunter befinden sich viele B\u00fcrger*innen, die Gefl\u00fcchteten privat Wohnraum zur Verf\u00fcgung gestellt haben.<\/p>\n\n\n\n<p>Aufgrund von Krisen wie dem weiter andauernden Krieg in der Ukraine kommen noch immer Menschen nach Deutschland, um hier Schutz zu suchen. Damit steigen auch die Zuweisungen von Gefl\u00fcchteten an die Stadt Speyer. Da die st\u00e4dtischen Unterbringungsm\u00f6glichkeiten begrenzt sind, sucht die Stadtverwaltung Speyer dringend Wohnraum, um den aktuellen wie auch den noch kommenden Zuweisungen gerecht zu werden.<\/p>\n\n\n\n<p>Wohnungs- und Hausbesitzende, die privaten Wohnraum an Gefl\u00fcchtete vermieten k\u00f6nnen, werden daher gebeten, Kontakt mit den Mitarbeitenden der Verwaltung&nbsp;per E-Mail an&nbsp;<a href=\"mailto:ukrainehilfe@stadt-speyer.de\" target=\"_blank\" rel=\"noreferrer noopener\">ukrainehilfe@stadt-speyer.de<\/a>&nbsp;aufzunehmen.<\/p>\n\n\n\n<p>Die privat zur Verf\u00fcgung gestellte Unterkunft sollte einen m\u00f6glichst sicheren Rahmen f\u00fcr die oftmals traumatisierten Menschen bieten. Demnach sollte ein l\u00e4ngerfristig bestehendes Mietverh\u00e4ltnis sichergestellt sein, zumal die betreffenden Personen in der Regel bereits in der Ausl\u00e4nderbeh\u00f6rde und dem B\u00fcrgerb\u00fcro registriert sind und somit nicht an die AfA verwiesen werden k\u00f6nnen.<\/p>\n\n\n\n<p>Au\u00dferdem sollten private Mietvertr\u00e4ge zu einem angemessenen Mietpreis angeboten und auch die Vorgaben bez\u00fcglich der Wohnungsgr\u00f6\u00dfe eingehalten werden.<\/p>\n\n\n\n<p>Sollte eine Unterbringung auf absehbare Zeit aus gewichtigen Gr\u00fcnden nicht l\u00e4nger gew\u00e4hrleistet werden k\u00f6nnen, bittet die Stadt um m\u00f6glichst fr\u00fchzeitige Information seitens der Wohnungs- bzw. Hauseigent\u00fcmer*innen, um bei der Weitervermittlung bei Bedarf unterst\u00fctzend t\u00e4tig werden zu k\u00f6nnen. &nbsp;&nbsp;<\/p>\n\n\n\n<p>Die Stadtverwaltung Speyer dankt allen B\u00fcrgerinnen und B\u00fcrgern, die bereits Gefl\u00fcchtete aufgenommen haben und mit ihrer Hilfsbereitschaft gefl\u00fcchteten Menschen das Ankommen in Speyer erleichtern.<\/p>\n\n\n\n<p><em>Stadtverwaltung Speyer<br>28.03.2024<\/em><\/p>\n\n\n\n<h2 class=\"wp-block-heading\">Elternportal unterst\u00fctzt bei Suche nach Betreuungsplatz<\/h2>\n\n\n\n<p>Die Stadtverwaltung informiert, dass f\u00fcr die Kindertagesst\u00e4tten in Tr\u00e4gerschaft der Stadt Speyer zu Beginn des Monats ein sogenanntes Elternportal eingerichtet worden ist.&nbsp;Unter&nbsp;<a href=\"https:\/\/deref-web.de\/mail\/client\/uVNicMhDyV8\/dereferrer\/?redirectUrl=https%3A%2F%2Fnhkita.speyer.de\" target=\"_blank\" rel=\"noreferrer noopener\">https:\/\/nhkita.speyer.de<\/a>&nbsp;finden Erziehungsberechtigte alle Informationen, die sie zur Anmeldung ihres Kindes in einer st\u00e4dtischen Kita in Speyer ben\u00f6tigen. Eltern von bereits aufgenommenen Kindern k\u00f6nnen sich im Portal ebenfalls kostenfrei registrieren, um mit der Abteilung Kindertagesst\u00e4tten der Stadtverwaltung Kontakt aufzunehmen und notwendige Unterlagen auf einem sicheren Weg zu \u00fcbermitteln.<\/p>\n\n\n\n<p>Eltern k\u00f6nnen im Elternportal beispielsweise die Betreuungsangebote der Kindertagesst\u00e4tten in kommunaler Tr\u00e4gerschaft f\u00fcr unter Zweij\u00e4hrige, \u00fcber Zweij\u00e4hrige und \u00fcber Sechsj\u00e4hrige einsehen. Eine detaillierte Suchfunktion mit Umkreissuche erleichtert die Suche nach einer passenden Kindertagesst\u00e4tte. Eine schnelle und unkomplizierte Voranmeldung des Kindes ist online ebenfalls m\u00f6glich. Dank des Passwort gesch\u00fctzten Benutzerkontos k\u00f6nnen Eltern die Reihenfolge ihrer favorisierten Einrichtungen selbst bestimmen und nachtr\u00e4glich \u00e4ndern. Au\u00dferdem k\u00f6nnen sie den Bearbeitungsstatus ihrer Anfrage verfolgen.<\/p>\n\n\n\n<p>Auch der Stadtverwaltung Speyer bietet das neue digitale Angebot verschiedene Vorteile: Die Anbindung an die NH-Kindergartenverwaltung, das Programm zur Verwaltung der st\u00e4dtischen Kindertagesst\u00e4tten, sorgt f\u00fcr ein dauerhaft aktuelles Online-Portal mit Informationen zu tagesaktuellen Betreuungsangeboten. Doppelanmeldungen werden durch den Abgleich mit bereits erfassten Daten vermieden. Die Kindertagesst\u00e4tten in kommunaler Tr\u00e4gerschaft k\u00f6nnen sich im Elternportal auf individuelle Weise pr\u00e4sentieren. Zugleich erm\u00f6glicht das Portal eine reibungslose Bearbeitung von Antr\u00e4gen unter Einhaltung datenschutzrechtlicher Bestimmungen. Mit der Einrichtung des Elternportals hat die Stadtverwaltung zudem das Onlinezugangsgesetz in diesem Bereich umgesetzt.<\/p>\n\n\n\n<p><em>Stadtverwaltung Speyer<br>27.03.2024<\/em><\/p>\n\n\n\n<h2 class=\"wp-block-heading\">Veranstaltungen der Volkshochschule Speyer im April<\/h2>\n\n\n<div class=\"wp-block-image\">\n<figure class=\"aligncenter size-full\"><img decoding=\"async\" loading=\"lazy\" width=\"667\" height=\"500\" src=\"https:\/\/speyer24news.com\/wp-content\/uploads\/2019\/10\/Villa-Ecarius.jpg\" alt=\"\" class=\"wp-image-20878\" srcset=\"https:\/\/speyer24news.com\/wp-content\/uploads\/2019\/10\/Villa-Ecarius.jpg 667w, https:\/\/speyer24news.com\/wp-content\/uploads\/2019\/10\/Villa-Ecarius-300x225.jpg 300w, https:\/\/speyer24news.com\/wp-content\/uploads\/2019\/10\/Villa-Ecarius-326x245.jpg 326w, https:\/\/speyer24news.com\/wp-content\/uploads\/2019\/10\/Villa-Ecarius-80x60.jpg 80w\" sizes=\"(max-width: 667px) 100vw, 667px\" \/><\/figure><\/div>\n\n\n<p>Die Volkshochschule Speyer wartet auch im April mit vielen interessanten Veranstaltungen auf. Die folgende \u00dcbersicht stellt einige beispielhafte H\u00f6hepunkte des Programms im n\u00e4chsten Monat vor.<\/p>\n\n\n\n<h4 class=\"wp-block-heading\">Kampagne Tausende G\u00e4rten \u2013 Tausende Arten:\u00a0<strong>Praxisworkshop \u201eLebensr\u00e4ume in Sand und Totholz\u201c<\/strong><\/h4>\n\n\n\n<p>Der Praxisworkshop &#8222;Lebensr\u00e4ume in Sand und Totholz: Wir bauen eine Eidechsenburg&#8220; im Rahmen der&nbsp;<strong>Kampagne Tausende G\u00e4rten \u2013 Tausende Arten<\/strong>&nbsp;konzentriert sich darauf, Pflanzen und Strukturen aus Holz und Steinen so anzuordnen, dass ein wertvoller Lebensraum f\u00fcr Sandbienen, Eidechsen und Heuschrecken entsteht, welcher die Vielfalt der Arten f\u00f6rdert.<\/p>\n\n\n\n<p>Die Veranstaltung findet am&nbsp;<strong>Samstag, 20. April 2024, von 14 bis 18 Uhr<\/strong>&nbsp;beim Hummelgarten (hinter Judomaxx) statt. Interessierte sind herzlich eingeladen, sich aktiv an der Schaffung dieser lebenswichtigen Lebensr\u00e4ume zu beteiligen.<\/p>\n\n\n\n<p>Die Volkshochschule Speyer und die Bieneninitiative setzen sich gemeinsam f\u00fcr die Schaffung wertvoller Lebensr\u00e4ume f\u00fcr die heimische Fauna und Flora ein.<\/p>\n\n\n\n<h4 class=\"wp-block-heading\">Kampagne Tausende G\u00e4rten \u2013 Tausende Arten: Workshop zur Naturerkundung per App<\/h4>\n\n\n\n<p>F\u00fcr alle Naturbegeisterten findet ein aufregender Workshop im Rahmen der Kampagne Tausende G\u00e4rten&nbsp;<strong>\u2013&nbsp;<\/strong>&nbsp;Tausende Arten statt. In dem interaktiven Kurs am&nbsp;<strong>Mittwoch,<\/strong>&nbsp;<strong>24. April 2024, von 18 bis 19 Uhr<\/strong>&nbsp;haben Teilnehmende die M\u00f6glichkeit, die Funktionalit\u00e4ten verschiedener Apps zur Naturerkundung kennenzulernen und zu erleben.<\/p>\n\n\n\n<p>W\u00e4hrend des Kurses in der Villa Ecarius k\u00f6nnen die Teilnehmenden eine Vielzahl von Apps ausprobieren. So steht die Bedienung der App Artenfinder im Fokus, aber auch mit Flora Incognita, Pl@ntNet, Merlin Bird ID (mit Sound ID), ObsIdentify, WildbienenID (BienABest), Bildsuche in Google Lens\/Bing und Ornitho.de k\u00f6nnen sich Kursteilnehmenden anhand verschiedener Beispiele vertraut machen.<\/p>\n\n\n\n<p>Im Anschluss an den Workshop haben die Teilnehmenden die Gelegenheit, ihr erworbenes Wissen im nahegelegenen Adenauerpark gemeinsam mit Christoph Kohler von der BUND Kreisgruppe Speyer zu erproben.<\/p>\n\n\n\n<p>Interessierte Teilnehmende werden gebeten, ihre Smartphones mitzubringen.<\/p>\n\n\n\n<h4 class=\"wp-block-heading\">F\u00fchrung zu Geschichte des Sonnenbergs<\/h4>\n\n\n\n<p>Der Sonnenberg, einst ein M\u00fcllberg der Stadt Speyer, bietet heute nicht nur einen atemberaubenden Ausblick auf die umliegende Landschaft, sondern ist auch ein Zeugnis f\u00fcr die Wandelbarkeit der Natur und die Fortschritte in der erneuerbaren Energiegewinnung. Die ehemalige M\u00fclldeponie wurde inzwischen zu einer gr\u00fcnen Wiese umgestaltet und beherbergt Solaranlagen, die dem Berg seinen Namen verliehen haben.<\/p>\n\n\n\n<p>Eine F\u00fchrung auf den Sonnenberg am&nbsp;<strong>Samstag, 27. April 2024, von 14.30 bis 16.30 Uhr<\/strong>&nbsp;bietet den Teilnehmenden die M\u00f6glichkeit, die Geschichte des Sonnenbergs kennenzulernen und die Entwicklung von der M\u00fclldeponie zur gr\u00fcnen Energiequelle zu erleben. Der Treffpunkt ist an der Einfahrt der Kl\u00e4ranlage Speyer.<\/p>\n\n\n\n<p>Die F\u00fchrung wird in Kooperation mit den Stadtwerken Speyer (SWS) angeboten.<\/p>\n\n\n\n<p><strong><em>Eine Anmeldung zu den Veranstaltungen der vhs unter&nbsp;<a href=\"https:\/\/deref-web.de\/mail\/client\/OZQli-6lJ98\/dereferrer\/?redirectUrl=http%3A%2F%2Fwww.vhs-speyer.de\" target=\"_blank\" rel=\"noreferrer noopener\">www.vhs-speyer.de<\/a>&nbsp;ist erforderlich.<\/em><\/strong><strong><em><\/em><\/strong><\/p>\n\n\n\n<p><em>Das komplette vhs-Programm kann unter\u00a0<a href=\"https:\/\/deref-web.de\/mail\/client\/B0XjTwx5fcQ\/dereferrer\/?redirectUrl=http%3A%2F%2Fwww.vhs-speyer.de%2Fprogramm\" target=\"_blank\" rel=\"noreferrer noopener\">www.vhs-speyer.de\/programm<\/a>\u00a0abgerufen werden. Bei Fragen sind die Mitarbeitenden der Volkshochschule Speyer unter der Telefonnummer 06232 14-1360 und per E-Mail an\u00a0<a href=\"mailto:vhs@stadt-speyer.de\" target=\"_blank\" rel=\"noreferrer noopener\">vhs@stadt-speyer.de<\/a>\u00a0erreichbar.<\/em><\/p>\n\n\n\n<p><em>Stadtverwaltung Speyer<br>26.03.2024<\/em><\/p>\n\n\n\n<h1 class=\"wp-block-heading has-text-align-center\">Verkehrsnotizen<\/h1>\n\n\n<div class=\"wp-block-image\">\n<figure class=\"aligncenter\"><img decoding=\"async\" loading=\"lazy\" width=\"800\" height=\"565\" src=\"https:\/\/speyer24news.com\/wp-content\/uploads\/2020\/01\/Baustelle-2.jpg\" alt=\"\" class=\"wp-image-23900\" srcset=\"https:\/\/speyer24news.com\/wp-content\/uploads\/2020\/01\/Baustelle-2.jpg 800w, https:\/\/speyer24news.com\/wp-content\/uploads\/2020\/01\/Baustelle-2-300x212.jpg 300w, https:\/\/speyer24news.com\/wp-content\/uploads\/2020\/01\/Baustelle-2-768x542.jpg 768w\" sizes=\"(max-width: 800px) 100vw, 800px\" \/><\/figure><\/div>\n\n\n<h2 class=\"wp-block-heading\"><strong>NEU: <\/strong>Math\u00e4us-Hotz-Stra\u00dfe gesperrt<\/h2>\n\n\n\n<p>Aufgrund von Fernw\u00e4rmearbeiten wird die Math\u00e4us-Hotz-Stra\u00dfe \/ Ecke Gutenbergstra\u00dfe ab Montag, 22. April 2024, bis voraussichtlich 24. Mai 2024 f\u00fcr den Verkehr voll gesperrt. Die Zufahrt zur Tiefgarage \u201eAm Klipfelstor\u201c bleibt frei. Eine Umleitung wird eingerichtet.<\/p>\n\n\n\n<p>F\u00fcr R\u00fcckfragen steht die Stra\u00dfenverkehrsbeh\u00f6rde unter der Telefonnummer 06232 14-2938 zur Verf\u00fcgung.<\/p>\n\n\n\n<p><em>Stadtverwaltung Speyer<br>12.04.2024<\/em><\/p>\n\n\n\n<h2 class=\"wp-block-heading\"><strong>NEU:<\/strong> Lindenweg gesperrt<\/h2>\n\n\n\n<p>Aufgrund von Arbeiten an der Gas- und Wasserhauptleitung\u00a0 im Auftrag der Stadtwerke Speyer wird der Lindenweg <strong>ab Montag,\u00a015. April bis voraussichtlich 28. Juni 2024<\/strong> f\u00fcr den Verkehr voll gesperrt.<\/p>\n\n\n\n<p>Die Einbahnstra\u00dfenregelung im Lindenweg wird f\u00fcr diese Zeit aufgehoben und beidseitig eine Sackgasse ausgewiesen.<\/p>\n\n\n\n<p>F\u00fcr R\u00fcckfragen steht die Stra\u00dfenverkehrsbeh\u00f6rde unter der Rufnummer 14-2938 zur Verf\u00fcgung.<\/p>\n\n\n\n<p><em>Stadtverwaltung Speyer<br>11.04.2024<\/em><\/p>\n\n\n\n<h2 class=\"wp-block-heading\"><strong>NEU:<\/strong> Tiefbauarbeiten in der Kapuzinergasse<\/h2>\n\n\n\n<p>Die Stadtwerke Speyer f\u00fchren <strong>ab Montag, 15. April 2024<\/strong>, Tiefbauarbeiten f\u00fcr ein Stromkabel im Stichweg vor den Hausnummern 11 bis 13 der Kapuzinergasse durch. Zu Beginn ist dort keine Zu- und Abfahrt von Fahrzeugen m\u00f6glich. <strong>Im Laufe der Woche<\/strong> werden Einfahrten mittels einer Stahlplatte erm\u00f6glicht. W\u00e4hrend der einw\u00f6chigen Bauma\u00dfnahme wird auch ein neuer Wasseranschluss f\u00fcr die Kneipp-Anlage hergestellt.<\/p>\n\n\n\n<p>Bei den Arbeiten handelt es sich um Vorbereitungsarbeiten f\u00fcr die Errichtung des im Zuge des Entwicklungsbandes Kernstadt Nord konzipierten Gradierwerks.<\/p>\n\n\n\n<p><em>Stadtverwaltung Speyer<br>10.04.2024<\/em><\/p>\n\n\n\n<h2 class=\"wp-block-heading\"><strong>NEU:<\/strong> Teilsperrung (WEST) des Parkplatzes an der Stadthalle<\/h2>\n\n\n\n<p>Der westliche Teilbereich des Parkplatzes Stadthalle ist aufgrund einer Veranstaltung von <strong>Mittwoch, 17. April bis einschlie\u00dflich Donnerstag, 18. April 2024<\/strong> f\u00fcr den Individualverkehr gesperrt.<\/p>\n\n\n\n<p>Auch Jahres- und Monatsparkscheininhabende d\u00fcrfen ihre Fahrzeuge an diesem Tag auf dem westlichen Teilbereich des PPL Stadthalle nicht abstellen.<\/p>\n\n\n\n<p><em>Stadtverwaltung Speyer<br>10.04.2024<\/em><\/p>\n\n\n\n<h2 class=\"wp-block-heading\"><strong>NEU:<\/strong> Nu\u00dfbaumweg gesperrt<\/h2>\n\n\n\n<p>Aufgrund von Tiefbauarbeiten im Auftrag der Stadtwerke Speyer wird der Nu\u00dfbaumweg auf H\u00f6he Kreuzung Kolpingstra\u00dfe<strong> von Mittwoch, 17. April bis voraussichtlich 10. Mai 2024<\/strong> f\u00fcr den Verkehr voll gesperrt.<\/p>\n\n\n\n<p>Der betroffene Stra\u00dfenabschnitt sowie die Kolpingstra\u00dfe werden beidseitig als Sackgasse ausgewiesen. Eine Umleitung wird eingerichtet. Der Durchgang f\u00fcr Zufu\u00dfgehende ist weiterhin m\u00f6glich.<\/p>\n\n\n\n<p>F\u00fcr R\u00fcckfragen steht die Stra\u00dfenverkehrsbeh\u00f6rde unter der Rufnummer 14-2938 zur Verf\u00fcgung.<\/p>\n\n\n\n<p><em>Stadtverwaltung Speyer<br>27.03.2024<\/em><\/p>\n\n\n\n<h2 class=\"wp-block-heading\">Festplatz wegen Markierungsarbeiten und Durchf\u00fchrung der Fr\u00fchjahrsmesse gesperrt<\/h2>\n\n\n<div class=\"wp-block-image\">\n<figure class=\"aligncenter\"><img decoding=\"async\" loading=\"lazy\" width=\"500\" height=\"634\" src=\"https:\/\/speyer24news.com\/wp-content\/uploads\/2024\/03\/Fruehjahrsmesse-2024-Speyer.jpg\" alt=\"\" class=\"wp-image-58780\" srcset=\"https:\/\/speyer24news.com\/wp-content\/uploads\/2024\/03\/Fruehjahrsmesse-2024-Speyer.jpg 500w, https:\/\/speyer24news.com\/wp-content\/uploads\/2024\/03\/Fruehjahrsmesse-2024-Speyer-237x300.jpg 237w\" sizes=\"(max-width: 500px) 100vw, 500px\" \/><\/figure><\/div>\n\n\n<p><strong>Am Mittwoch, 20. M\u00e4rz 2024<\/strong>, kann der Festplatz nicht als Parkfl\u00e4che genutzt werden. Um die Stellfl\u00e4chen f\u00fcr die Schaustellerbetriebe der Fr\u00fchjahrsmesse 2024 aufzuzeichnen, ist eine Sperrung notwendig. Diese wird im Laufe des Tages, nach Beendigung der Markierungsarbeiten, wieder aufgehoben. Witterungsbedingt kann sich die Ma\u00dfnahme gegebenenfalls auf Donnerstag, 21. M\u00e4rz 2024, verschieben.<\/p>\n\n\n\n<p><strong>Von Montag, 25. M\u00e4rz 2024, bis einschlie\u00dflich Mittwoch, 17. April 2024<\/strong>, wird der Parkplatz Festplatz wegen des Aufbaus, der Durchf\u00fchrung und des Abbaus der Fr\u00fchjahrsmesse gesperrt.<\/p>\n\n\n\n<p>Parkplatzsuchende erhalten \u00fcber das Parkleitsystem die notwendigen Informationen und werden zu den ausgewiesenen Besucherparkpl\u00e4tzen gef\u00fchrt.<\/p>\n\n\n\n<p>Als Besucherparkpl\u00e4tze stehen der Parkplatz am Naturfreundehaus, der Parkplatz am Technik Museum und das Parkgel\u00e4nde am Bademaxx mit insgesamt \u00fcber 2.000 Stellfl\u00e4chen zur Verf\u00fcgung. Als Parkplatz f\u00fcr Inhaber*innen von Monats- und Jahresparkscheinen steht der Parkplatz Naturfreundehaus zur Verf\u00fcgung.<\/p>\n\n\n\n<p><strong>Hinweis f\u00fcr Fahrradfahrende<\/strong><\/p>\n\n\n\n<p>F\u00fcr den Fahrradverkehr wird ein Zweirad-Parkplatz im westlichen Bereich des Festplatzes ausgewiesen. Dieser kann \u00fcber die Unterf\u00fchrung im Bereich der Karl-Leiling-Allee erreicht werden. Die Stadtverwaltung Speyer bittet Fahrradfahrende, ihre Zweir\u00e4der auf diesem Zweirad-Parkplatz und nicht im Bereich der Klipfelsau\/Treppenaufg\u00e4nge (Notausg\u00e4nge) abzustellen.<\/p>\n\n\n\n<p><strong>Hinweis f\u00fcr Menschen im Rollstuhl und schwerstbehinderte Menschen<\/strong><\/p>\n\n\n\n<p>Auf dem Parkplatz Naturfreundehaus stehen vier reservierte Parkpl\u00e4tze zur Verf\u00fcgung, die mit einem entsprechenden blauen Schwerbehinderten-Parkausweis in unmittelbarer N\u00e4he zur Veranstaltung genutzt werden k\u00f6nnen.<\/p>\n\n\n\n<p><em>Stadtverwaltung Speyer<br>15.03.2024<\/em><\/p>\n\n\n\n<h2 class=\"wp-block-heading\">Hilgardstra\u00dfe voll gesperrt<\/h2>\n\n\n\n<p>Wegen Arbeiten im Auftrag der Entsorgungsbetriebe und Stadtwerke Speyer wird die Hilgardstra\u00dfe zwischen der Neufferstra\u00dfe und Am Drachenturm&nbsp;<strong>ab Montag, 29. Januar 2024, bis voraussichtlich Freitag, 19. April 2024<\/strong>, f\u00fcr den Verkehr vollst\u00e4ndig gesperrt und beidseitig als Sackgasse ausgewiesen. Eine Umleitung wird eingerichtet.<\/p>\n\n\n\n<p>F\u00fcr R\u00fcckfragen steht die Stra\u00dfenverkehrsbeh\u00f6rde unter der Telefonnummer 06232-14-2938 zur Verf\u00fcgung.<\/p>\n\n\n\n<p><em>Stadtverwaltung Speyer<br>17.01.2024<\/em><\/p>\n\n\n\n<h2 class=\"wp-block-heading\">Ge\u00e4nderte Verkehrsf\u00fchrung am Bahn\u00fcbergang Sch\u00fctzenstra\u00dfe nach Modernisierung durch die Deutsche Bahn<\/h2>\n\n\n\n<p>Wie am 13. Juli 2022 im gemeinsamen Verkehrsausschuss und Ausschuss f\u00fcr Stadtentwicklung, Bauen und Konversion mitgeteilt wurde, m\u00fcssen im Zuge der Modernisierung des Bahn\u00fcbergangs Sch\u00fctzenstra\u00dfe die derzeit bundesweit g\u00fcltigen Sicherheitsanforderungen umgesetzt werden. Hierbei gilt es, das Risiko eines R\u00fcckstaus auf den Gleisen auszuschlie\u00dfen.<\/p>\n\n\n\n<p>Hierzu bestehen gem\u00e4\u00df Planungen der Deutschen Bahn zwei M\u00f6glichkeiten: Ein sogenanntes vorgeschaltetes Lichtzeichen oder ein Verbot des Linksabbiegens mittels Verkehrszeichen. Wie sich im Verlauf der Modernisierungsarbeiten herausstellte, konnte die Deutsche Bahn das urspr\u00fcnglich bevorzugte vorgeschaltete Lichtzeichen nicht wie geplant bis zur Wiederinbetriebnahme des Bahn\u00fcbergangs installieren, da der Mast des vorgeschalteten Lichtzeichens aufgrund von Konflikten mit vorhandenen unterirdischen Leitungen nicht im \u00f6ffentlichen Stra\u00dfenraum platziert werden konnte. Bis eine L\u00f6sung zur Platzierung des Masts gefunden ist, muss demnach die Alternativvariante umgesetzt werden.<\/p>\n\n\n\n<p>Daher ist ab sofort ein Linksabbiegen von der Sch\u00fctzenstra\u00dfe in die Hasenstra\u00dfe nicht mehr zul\u00e4ssig. Die Zufahrt zum Oberk\u00e4mmerer-Gebiet erfolgt von S\u00fcden \u00fcber die Holzstra\u00dfe und die Br\u00fccke \u00fcber den Gie\u00dfh\u00fcbelbach oder \u00fcber den Bahn\u00fcbergang Alte Schwegenheimer Stra\u00dfe.<\/p>\n\n\n\n<p>Die Stadt Speyer bittet im Namen der Deutschen Bahn die Verkehrsteilnehmenden und Anwohnenden um Verst\u00e4ndnis f\u00fcr die Beeintr\u00e4chtigungen.<\/p>\n\n\n\n<p><em>Stadtverwaltung Speyer<br>02.09.2022<\/em><\/p>\n\n\n\n<h2 class=\"wp-block-heading\">Baustellen\u00fcbersicht der Stadt Speyer<\/h2>\n\n\n<div class=\"wp-block-image\">\n<figure class=\"aligncenter\"><img decoding=\"async\" loading=\"lazy\" width=\"800\" height=\"384\" src=\"https:\/\/speyer24news.com\/wp-content\/uploads\/2022\/03\/Baustelle-Speyer-Facebook.jpg\" alt=\"\" class=\"wp-image-43610\" srcset=\"https:\/\/speyer24news.com\/wp-content\/uploads\/2022\/03\/Baustelle-Speyer-Facebook.jpg 800w, https:\/\/speyer24news.com\/wp-content\/uploads\/2022\/03\/Baustelle-Speyer-Facebook-300x144.jpg 300w, https:\/\/speyer24news.com\/wp-content\/uploads\/2022\/03\/Baustelle-Speyer-Facebook-768x369.jpg 768w\" sizes=\"(max-width: 800px) 100vw, 800px\" \/><\/figure><\/div>\n\n\n<p>Ab sofort stellt die Stadt Speyer eine neue Baustellenliste zur Verf\u00fcgung, die die bisherige Kommunikation von laufenden und kommenden Baustellen erweitert und b\u00fcrgerfreundlicher gestaltet.<\/p>\n\n\n\n<p>Die bisher zur Verf\u00fcgung gestellte Liste \u201eAlle Baustellen\u201c f\u00fchrt alle Baustellen, die sich innerhalb des Speyerer Stadtgebiets befinden, stichpunktartig auf. Diese technische Liste gibt auch einen \u00dcberblick \u00fcber die betroffenen Sparten wie Strom, Gas, oder Wasser.<\/p>\n\n\n\n<p>Die nun neu hinzugekommene Liste \u201eWichtigste Baustellen\u201c beinhaltet Baustellen, von denen ein bedeutender Teil der Verkehrsteilnehmenden in Speyer signifikant betroffen ist, beispielsweise wegen ihrer lange Dauer und\/oder weil wichtige Stra\u00dfen im Netz betroffen sind. Es werden zus\u00e4tzlich zu den Baustellen im Speyerer Stadtgebiet auch wichtige Baustellen in der n\u00e4heren Umgebung aufgef\u00fchrt, beispielsweise auf der B9 und B39. Dar\u00fcber hinaus soll auch der in den Jahren 2023 und 2024 geplante Verkehrsversuch zum Postplatz Eingang in diese Auflistung finden. Neben dem voraussichtlichen Zeitraum und der Ursache werden auch die Umleitungen f\u00fcr die verschiedenen Verkehrsarten und bei Bedarf erg\u00e4nzende Informationen dargestellt. Am Ende der Liste findet sich ferner eine \u00dcbersicht zu m\u00f6glichen Ansprechpartner*innen.<\/p>\n\n\n\n<p>Die neue Baustellenliste ist chronologisch sortiert, sodass die B\u00fcrger*innen auf den ersten Blick neu hinzukommende Baustellen erkennen und f\u00fcr ihre n\u00e4chste Fahrt ber\u00fccksichtigen k\u00f6nnen \u2013 ohne frustriert erst an der Baustellenabsperrung wenden m\u00fcssen. Zeit- und nervenschonend f\u00fcr die B\u00fcrgerschaft \u2013 aber auch gut f\u00fcr die Umwelt, da unn\u00f6tiger Verkehr vermieden wird.<\/p>\n\n\n\n<p>Die \u00dcbersicht \u00fcber die Baustellensituation wird immer freitags aktualisiert und ist unter&nbsp;<a href=\"http:\/\/www.speyer.de\/baustellen\"><strong>www.speyer.de\/baustellen<\/strong><\/a>&nbsp;im NEWS-TICKER zu finden.<br>Des Weiteren gibt es auf der Baustellenseite der Stadt Speyer wie gewohnt detaillierte Informationen zu laufenden und kommenden Gro\u00dfbaustellen.<\/p>\n\n\n\n<p><em>Stadtverwaltung Speyer<br>18.03.2022<\/em><\/p>\n","protected":false},"excerpt":{"rendered":"<div class=\"mh-excerpt\"><p>Stadtnotizen Erl\u00f6s aus historischer Messef\u00fchrung geht an den Malteser Hilfsdienst Nach einer erfolgreichen Kaiserf\u00fchrung hat G\u00e4stef\u00fchrer Frank Seidel gemeinsam mit dem Schaustellerverband Speyer e.V. am Donnerstag, 11. April 2024 auf der Fr\u00fchjahrsmesse eine Spende in <a class=\"mh-excerpt-more\" href=\"https:\/\/speyer24news.com\/?p=59297\" title=\"Stadtnotizen &amp; Verkehrsnotizen Speyer\">[&#8230;]<\/a><\/p>\n<\/div>","protected":false},"author":3,"featured_media":46477,"comment_status":"open","ping_status":"open","sticky":false,"template":"","format":"standard","meta":{"_monsterinsights_skip_tracking":false,"_monsterinsights_sitenote_active":false,"_monsterinsights_sitenote_note":"","_monsterinsights_sitenote_category":0,"footnotes":""},"categories":[47],"tags":[18110,15307,16764,13163,14555,13640,15429,18113,18114,18108,18109,6198,775,4810,16734,6567,241,18107,7695,6580,5202,6,13124,657,14546,1296,17450,17452,9617,9636,658,513,3132,18111,18112],"aioseo_notices":[],"amp_enabled":true,"_links":{"self":[{"href":"https:\/\/speyer24news.com\/index.php?rest_route=\/wp\/v2\/posts\/59297"}],"collection":[{"href":"https:\/\/speyer24news.com\/index.php?rest_route=\/wp\/v2\/posts"}],"about":[{"href":"https:\/\/speyer24news.com\/index.php?rest_route=\/wp\/v2\/types\/post"}],"author":[{"embeddable":true,"href":"https:\/\/speyer24news.com\/index.php?rest_route=\/wp\/v2\/users\/3"}],"replies":[{"embeddable":true,"href":"https:\/\/speyer24news.com\/index.php?rest_route=%2Fwp%2Fv2%2Fcomments&post=59297"}],"version-history":[{"count":1,"href":"https:\/\/speyer24news.com\/index.php?rest_route=\/wp\/v2\/posts\/59297\/revisions"}],"predecessor-version":[{"id":59300,"href":"https:\/\/speyer24news.com\/index.php?rest_route=\/wp\/v2\/posts\/59297\/revisions\/59300"}],"wp:featuredmedia":[{"embeddable":true,"href":"https:\/\/speyer24news.com\/index.php?rest_route=\/wp\/v2\/media\/46477"}],"wp:attachment":[{"href":"https:\/\/speyer24news.com\/index.php?rest_route=%2Fwp%2Fv2%2Fmedia&parent=59297"}],"wp:term":[{"taxonomy":"category","embeddable":true,"href":"https:\/\/speyer24news.com\/index.php?rest_route=%2Fwp%2Fv2%2Fcategories&post=59297"},{"taxonomy":"post_tag","embeddable":true,"href":"https:\/\/speyer24news.com\/index.php?rest_route=%2Fwp%2Fv2%2Ftags&post=59297"}],"curies":[{"name":"wp","href":"https:\/\/api.w.org\/{rel}","templated":true}]}}