{"id":59309,"date":"2024-04-14T18:57:21","date_gmt":"2024-04-14T17:57:21","guid":{"rendered":"https:\/\/speyer24news.com\/?p=59309"},"modified":"2024-04-15T10:11:38","modified_gmt":"2024-04-15T09:11:38","slug":"umwelt-natur-speyer-veranstaltungen","status":"publish","type":"post","link":"https:\/\/speyer24news.com\/?p=59309","title":{"rendered":"Umwelt &amp; Natur \/ Speyer \/ Veranstaltungen"},"content":{"rendered":"<style type=\"text\/css\">\r\n\t.ads_top_disp{}\r\n\t.ads_top_corner_disp{ float:left; margin:0px 10px 10px 0px; }\r\n\t.ads_first_p_disp{}\r\n\t.ads_bottom_disp{}\r\n\t<\/style>\n<h2 class=\"wp-block-heading\">Erster Garten- und Pflanzenmarkt l\u00e4dt am 20. und 21. April zum Bummeln ein<\/h2>\n\n\n<div class=\"wp-block-image\">\n<figure class=\"aligncenter size-full\"><img decoding=\"async\" loading=\"lazy\" width=\"800\" height=\"581\" src=\"https:\/\/speyer24news.com\/wp-content\/uploads\/2024\/04\/Pflanzen-Lichter-Deko.jpg\" alt=\"\" class=\"wp-image-59310\" srcset=\"https:\/\/speyer24news.com\/wp-content\/uploads\/2024\/04\/Pflanzen-Lichter-Deko.jpg 800w, https:\/\/speyer24news.com\/wp-content\/uploads\/2024\/04\/Pflanzen-Lichter-Deko-300x218.jpg 300w, https:\/\/speyer24news.com\/wp-content\/uploads\/2024\/04\/Pflanzen-Lichter-Deko-768x558.jpg 768w\" sizes=\"(max-width: 800px) 100vw, 800px\" \/><\/figure><\/div>\n\n\n<p><strong>Speyer &#8211; <\/strong>Sobald das Thermometer zunehmend mildere Temperaturen ank\u00fcndigt, wird es Zeit, sich \u00fcber die Bepflanzung des Balkons, der Terrasse oder des Gartens Gedanken zu machen. Hobbyg\u00e4rtnerinnen und -g\u00e4rtner k\u00f6nnen sich beim ersten Garten- und Pflanzenmarkt in Speyer am <strong>Samstag, 20., und Sonntag, 21. April 2024<\/strong>, auf zahlreiche Inspirationen f\u00fcr das eigene Paradies freuen.<\/p>\n\n\n\n<p>30 Ausstellerinnen und Aussteller aus Speyer und Umgebung beteiligen sich an diesem neuen Veranstaltungsformat und bieten an ihren St\u00e4nden auf der Maximilianstra\u00dfe vielf\u00e4ltige und hochwertige Produkte rund um die Themen Garten, Accessoires und Genuss an. Das breit gef\u00e4cherte Angebot des ersten Speyerer Garten- und Pflanzenmarktes reicht von Blumenzwiebeln, Stauden, Blumen und k\u00fcnstlerisch gestaltetem Pflanzenschmuck \u00fcber Dekoartikel, ansprechende Objekte aus Keramik, wohlduftende Naturseifen, raffinierte Schmuckst\u00fccke, Naturb\u00fcrsten bis hin zu Wohnmobilen, mit denen sich der lang ersehnte Abenteuerurlaub oder eine entspannte Auszeit auf dem Campingplatz endlich umsetzen l\u00e4sst.<\/p>\n\n\n<div class=\"wp-block-image\">\n<figure class=\"aligncenter size-full\"><img decoding=\"async\" loading=\"lazy\" width=\"800\" height=\"593\" src=\"https:\/\/speyer24news.com\/wp-content\/uploads\/2024\/04\/Sukkulente.jpg\" alt=\"\" class=\"wp-image-59311\" srcset=\"https:\/\/speyer24news.com\/wp-content\/uploads\/2024\/04\/Sukkulente.jpg 800w, https:\/\/speyer24news.com\/wp-content\/uploads\/2024\/04\/Sukkulente-300x222.jpg 300w, https:\/\/speyer24news.com\/wp-content\/uploads\/2024\/04\/Sukkulente-768x569.jpg 768w, https:\/\/speyer24news.com\/wp-content\/uploads\/2024\/04\/Sukkulente-80x60.jpg 80w\" sizes=\"(max-width: 800px) 100vw, 800px\" \/><\/figure><\/div>\n\n\n<p>\u201eWir sind sehr zufrieden, dieses neue Format&nbsp;in enger Zusammenarbeit mit der Leistungsgemeinschaft \u201aDas Herz Speyers\u2018&nbsp;auf die Beine gestellt zu haben, und dar\u00fcber hinaus schon sehr gespannt, wie der erste Garten- und Pflanzenmarkt in unserer Stadt angenommen werden wird\u201c, beschreibt Oberb\u00fcrgermeisterin Stefanie Seiler ihre Vorfreude. \u201eDamit m\u00f6chten wir ein fr\u00fchlingshaftes Einkaufserlebnis f\u00fcr alle Sinne schaffen und zugleich den teilnehmenden Betrieben aus Speyer und der Region die M\u00f6glichkeit bieten, sich, ihre Produkte und Beratungskompetenzen zu pr\u00e4sentieren.\u201c<\/p>\n\n\n<div class=\"wp-block-image\">\n<figure class=\"aligncenter size-full\"><img decoding=\"async\" loading=\"lazy\" width=\"800\" height=\"584\" src=\"https:\/\/speyer24news.com\/wp-content\/uploads\/2024\/04\/Schnittlauch.jpg\" alt=\"\" class=\"wp-image-59312\" srcset=\"https:\/\/speyer24news.com\/wp-content\/uploads\/2024\/04\/Schnittlauch.jpg 800w, https:\/\/speyer24news.com\/wp-content\/uploads\/2024\/04\/Schnittlauch-300x219.jpg 300w, https:\/\/speyer24news.com\/wp-content\/uploads\/2024\/04\/Schnittlauch-768x561.jpg 768w\" sizes=\"(max-width: 800px) 100vw, 800px\" \/><\/figure><\/div>\n\n\n<p>Zur St\u00e4rkung im Anschluss an einen ausgiebigen Marktbummel warten zahlreiche sowohl deftige Leckereien wie etwa Dinnele und K\u00e4sesp\u00e4tzle als auch S\u00fc\u00dfes wie Trockenfr\u00fcchte und Cr\u00eapes auf die Besucherschaft.<\/p>\n\n\n\n<p>Der Garten- und Pflanzenmarkt \u00f6ffnet am Samstag von 11 bis 18 Uhr und am Sonntag von 13 bis 18 Uhr.<\/p>\n\n\n\n<p>Begleitet wird die Veranstaltung von einem verkaufsoffenen Sonntag am 21. April, bei dem wieder viele&nbsp;Gesch\u00e4fte in der Speyerer Innenstadt ebenfalls von 13 bis 18 Uhr ihre T\u00fcren \u00f6ffnen und die Kundschaft mit besonderen Aktionen verw\u00f6hnen werden.<\/p>\n\n\n\n<p><em>Text: Stadtverwaltung Speyer Foto: Speyer 24 NEWS<br>10.04.2024<\/em><\/p>\n\n\n\n<h2 class=\"wp-block-heading\">Garten- und Pflanzenmarkt sowie verkaufsoffener Sonntag: Verkehrslenkung am 20. und 21. April<\/h2>\n\n\n<div class=\"wp-block-image\">\n<figure class=\"aligncenter size-full\"><img decoding=\"async\" loading=\"lazy\" width=\"800\" height=\"590\" src=\"https:\/\/speyer24news.com\/wp-content\/uploads\/2022\/05\/Speyer-Logo.jpeg\" alt=\"\" class=\"wp-image-46477\" srcset=\"https:\/\/speyer24news.com\/wp-content\/uploads\/2022\/05\/Speyer-Logo.jpeg 800w, https:\/\/speyer24news.com\/wp-content\/uploads\/2022\/05\/Speyer-Logo-300x221.jpeg 300w, https:\/\/speyer24news.com\/wp-content\/uploads\/2022\/05\/Speyer-Logo-768x566.jpeg 768w, https:\/\/speyer24news.com\/wp-content\/uploads\/2022\/05\/Speyer-Logo-80x60.jpeg 80w\" sizes=\"(max-width: 800px) 100vw, 800px\" \/><\/figure><\/div>\n\n\n<p>Anl\u00e4sslich des Garten- und Pflanzenmarktes am Samstag, 20. April und Sonntag, 21. April 2024 ist die Maximilianstra\u00dfe zwischen Domplatz und Schustergasse an beiden Tagen f\u00fcr jeglichen Fahrzeugverkehr gesperrt.<\/p>\n\n\n\n<p>Weiterhin wird der Busverkehr der Linie 561 an diesen Tagen umgeleitet.&nbsp;Hierzu bittet die Stadtverwaltung die Aush\u00e4nge des Busunternehmens zu beachten. Ersatzhaltestellen werden in der Ludwigstra\u00dfe ausgewiesen.<\/p>\n\n\n\n<p>Der Taxenstand in der Maximilianstra\u00dfe \/ H\u00f6he GALERIA Speyer wird f\u00fcr die Dauer der Veranstaltung auf den Postplatz (hinter Altp\u00f6rtel) verlegt.<\/p>\n\n\n\n<p>Wegen des verkaufsoffenen Sonntags am 21. April 2024 sind grunds\u00e4tzlich keine weiteren Verkehrsbeschr\u00e4nkungen f\u00fcr den Individualverkehr vorgesehen.<\/p>\n\n\n\n<p>Um ein zu hohes Verkehrsaufkommen zu vermeiden, bittet die Stadtverwaltung die Besuchenden, m\u00f6glichst mit dem \u00d6PNV anzureisen.<\/p>\n\n\n\n<p><em>Stadtverwaltung Speyer<br>15.04.2024<\/em><\/p>\n","protected":false},"excerpt":{"rendered":"<div class=\"mh-excerpt\"><p>Erster Garten- und Pflanzenmarkt l\u00e4dt am 20. und 21. April zum Bummeln ein Speyer &#8211; Sobald das Thermometer zunehmend mildere Temperaturen ank\u00fcndigt, wird es Zeit, sich \u00fcber die Bepflanzung des Balkons, der Terrasse oder des <a class=\"mh-excerpt-more\" href=\"https:\/\/speyer24news.com\/?p=59309\" title=\"Umwelt &amp; Natur \/ Speyer \/ Veranstaltungen\">[&#8230;]<\/a><\/p>\n<\/div>","protected":false},"author":3,"featured_media":44012,"comment_status":"open","ping_status":"open","sticky":false,"template":"","format":"standard","meta":{"_monsterinsights_skip_tracking":false,"_monsterinsights_sitenote_active":false,"_monsterinsights_sitenote_note":"","_monsterinsights_sitenote_category":0,"footnotes":""},"categories":[9,13721,13],"tags":[6432,16151,18117,18118,9944,11585,18115,17289,17287,14917,18116,17288,777,6568],"aioseo_notices":[],"amp_enabled":true,"_links":{"self":[{"href":"https:\/\/speyer24news.com\/index.php?rest_route=\/wp\/v2\/posts\/59309"}],"collection":[{"href":"https:\/\/speyer24news.com\/index.php?rest_route=\/wp\/v2\/posts"}],"about":[{"href":"https:\/\/speyer24news.com\/index.php?rest_route=\/wp\/v2\/types\/post"}],"author":[{"embeddable":true,"href":"https:\/\/speyer24news.com\/index.php?rest_route=\/wp\/v2\/users\/3"}],"replies":[{"embeddable":true,"href":"https:\/\/speyer24news.com\/index.php?rest_route=%2Fwp%2Fv2%2Fcomments&post=59309"}],"version-history":[{"count":2,"href":"https:\/\/speyer24news.com\/index.php?rest_route=\/wp\/v2\/posts\/59309\/revisions"}],"predecessor-version":[{"id":59329,"href":"https:\/\/speyer24news.com\/index.php?rest_route=\/wp\/v2\/posts\/59309\/revisions\/59329"}],"wp:featuredmedia":[{"embeddable":true,"href":"https:\/\/speyer24news.com\/index.php?rest_route=\/wp\/v2\/media\/44012"}],"wp:attachment":[{"href":"https:\/\/speyer24news.com\/index.php?rest_route=%2Fwp%2Fv2%2Fmedia&parent=59309"}],"wp:term":[{"taxonomy":"category","embeddable":true,"href":"https:\/\/speyer24news.com\/index.php?rest_route=%2Fwp%2Fv2%2Fcategories&post=59309"},{"taxonomy":"post_tag","embeddable":true,"href":"https:\/\/speyer24news.com\/index.php?rest_route=%2Fwp%2Fv2%2Ftags&post=59309"}],"curies":[{"name":"wp","href":"https:\/\/api.w.org\/{rel}","templated":true}]}}