{"id":59360,"date":"2024-04-17T05:46:03","date_gmt":"2024-04-17T04:46:03","guid":{"rendered":"https:\/\/speyer24news.com\/?p=59360"},"modified":"2024-04-17T05:49:37","modified_gmt":"2024-04-17T04:49:37","slug":"polizeimeldungen-dienstag-16-04-24","status":"publish","type":"post","link":"https:\/\/speyer24news.com\/?p=59360","title":{"rendered":"Polizeimeldungen Dienstag (16.04.24)"},"content":{"rendered":"<style type=\"text\/css\">\r\n\t.ads_top_disp{}\r\n\t.ads_top_corner_disp{ float:left; margin:0px 10px 10px 0px; }\r\n\t.ads_first_p_disp{}\r\n\t.ads_bottom_disp{}\r\n\t<\/style>\n<h2 class=\"wp-block-heading\">Polizeimeldungen vom Dienstag (16.04.2024)<\/h2>\n\n\n<div class=\"wp-block-image\">\n<figure class=\"aligncenter size-full\"><img decoding=\"async\" loading=\"lazy\" width=\"375\" height=\"500\" src=\"https:\/\/speyer24news.com\/wp-content\/uploads\/2022\/03\/Aktuelles-Polizeilogo.jpg\" alt=\"\" class=\"wp-image-43591\" srcset=\"https:\/\/speyer24news.com\/wp-content\/uploads\/2022\/03\/Aktuelles-Polizeilogo.jpg 375w, https:\/\/speyer24news.com\/wp-content\/uploads\/2022\/03\/Aktuelles-Polizeilogo-225x300.jpg 225w\" sizes=\"(max-width: 375px) 100vw, 375px\" \/><\/figure><\/div>\n\n\n<h2 class=\"wp-block-heading\">(Speyer) &#8211; Scheibe eingeschlagen und mehrere Sammelkarten gestohlen<\/h2>\n\n\n\n<p>In der Nacht von Montag auf Dienstag, zwischen 22:00 und 02:17 Uhr, schlugen unbekannte T\u00e4ter die Schaufensterscheibe eines Gesch\u00e4fts in der Oberen Langgasse ein und stahlen Sammelkarten der Trading Card Games &#8222;Pokemon&#8220; und &#8222;Yu-Gi-Oh!&#8220; im Gesamtwert von ca. 100 Euro. Der Gesamtschaden bel\u00e4uft sich auf mehrere hundert Euro.<\/p>\n\n\n\n<ul>\n<li><strong>Wer hat in oben genanntem Zeitraum in der N\u00e4he des &#8222;Cool Speyer&#8220; verd\u00e4chtige Wahrnehmungen gemacht, kann T\u00e4terhinweise oder sonstige sachdienliche Hinweise geben? Die Polizei bittet Zeugen um Mitteilung an Tel. 06232\/137-0 oder per E-Mail an&nbsp;<a href=\"mailto:%20pispeyer@polizei.rlp.de\">pispeyer@polizei.rlp.de<\/a><\/strong><\/li>\n<\/ul>\n\n\n\n<h2 class=\"wp-block-heading\">(Speyer) &#8211; Wetterbedingte Eins\u00e4tze<\/h2>\n\n\n<div class=\"wp-block-image\">\n<figure class=\"aligncenter size-full\"><img decoding=\"async\" loading=\"lazy\" width=\"800\" height=\"533\" src=\"https:\/\/speyer24news.com\/wp-content\/uploads\/2024\/04\/Wind-Sturm-Windsack.jpg\" alt=\"\" class=\"wp-image-59362\" srcset=\"https:\/\/speyer24news.com\/wp-content\/uploads\/2024\/04\/Wind-Sturm-Windsack.jpg 800w, https:\/\/speyer24news.com\/wp-content\/uploads\/2024\/04\/Wind-Sturm-Windsack-300x200.jpg 300w, https:\/\/speyer24news.com\/wp-content\/uploads\/2024\/04\/Wind-Sturm-Windsack-768x512.jpg 768w\" sizes=\"(max-width: 800px) 100vw, 800px\" \/><\/figure><\/div>\n\n\n<p>Aufgrund der Wetterlage kam es am 15.04.2024 in der Zeit zwischen 17 &#8211; 18 Uhr zu insgesamt drei Eins\u00e4tzen der Polizei.<\/p>\n\n\n\n<p>Gegen viertel nach 5 wurde durch mehrere Verkehrsteilnehmer im Bereich der Spaldinger Stra\u00dfe \/ Wacholderweg ein umgest\u00fcrzter Baum gemeldet. Die Polizei sicherte die Gefahrenstelle bis zum Eintreffen der Feuerwehr ab. Zu einer Gef\u00e4hrdung von Verkehrsteilnehmern kam es nicht.<\/p>\n\n\n\n<p>Kurz vor 18 Uhr wurde ein umgefallenes Verkehrsschild auf dem Radweg in der Paul-Egell-Stra\u00dfe gemeldet. Bei Eintreffen der Streife lag das Schild bereits im Gr\u00fcnstreifen, sodass eine Gef\u00e4hrdung des Radverkehrs ausgeschlossen war. Durch die eingesetzten Beamten wurden noch zwei kleinere, abgebrochen B\u00e4umchen wegger\u00e4umt, die ebenfalls quer \u00fcber dem Rad- und Fu\u00dfweg lagen.<\/p>\n\n\n\n<p>Ebenfalls kurz vor 18 Uhr fiel ein Verkehrsschild auf einen geparkten PKW in der Daimlerstra\u00dfe. Der PKW wurde dadurch auf dem Fahrzeugdach besch\u00e4digt. Der Gesamtschaden betr\u00e4gt \u00fcber 1000 Euro.<\/p>\n\n\n\n<h2 class=\"wp-block-heading\">(B 39 \/ Speyer \/ Dudenhofen) &#8211; L\u00e4ngere Fahrbahnsperrung wegen Unfall<\/h2>\n\n\n\n<p>Am 15.04.2024, gegen 16:15 Uhr fuhr ein 45-j\u00e4hriger PKW-Fahrer mit seinem Fahrzeug auf der B9, Richtungsfahrbahn S\u00fcden, und nahm bei Speyer die Abfahrt zur B39 in Richtung Universit\u00e4t. Beim Einf\u00e4delungsstreifen auf die B39 \u00fcberfuhr der 45-J\u00e4hrige die durchgezogene Linie auf der Fahrbahn und missachtete das Verkehrszeichen &#8222;Vorfahrt Gew\u00e4hren&#8220;, wodurch es zu einem Zusammensto\u00df mit dem bevorrechtigten PKW eines 29-J\u00e4hrigen kam. Der 29-J\u00e4hrige fuhr auf der B39 von Dudenhofen kommend in Richtung Speyer. Durch den Zusammensto\u00df wurden die Fahrzeuge nicht nur unerheblich besch\u00e4digt, es entstand ein Gesamtschaden von \u00fcber 10000 Euro. Der PKW des 45-J\u00e4hrigen war nicht mehr fahrbereit und musste abgeschleppt werden. Bis zur Vollendung des Abschleppvorgangs musste die Fahrbahn der B39 zwischen Dudenhofen und Speyer, in Richtung Speyer, durch die Polizei f\u00fcr eine Dauer von ca. 2 Stunden komplett gesperrt werden.<\/p>\n\n\n\n<h2 class=\"wp-block-heading\">(Speyer) &#8211; Randalierende Frau als Fahrraddiebin entlarvt und ins Gef\u00e4ngnis gebracht<\/h2>\n\n\n<div class=\"wp-block-image\">\n<figure class=\"aligncenter size-full\"><img decoding=\"async\" loading=\"lazy\" width=\"800\" height=\"533\" src=\"https:\/\/speyer24news.com\/wp-content\/uploads\/2020\/06\/Zelle.jpg\" alt=\"\" class=\"wp-image-28203\" srcset=\"https:\/\/speyer24news.com\/wp-content\/uploads\/2020\/06\/Zelle.jpg 800w, https:\/\/speyer24news.com\/wp-content\/uploads\/2020\/06\/Zelle-300x200.jpg 300w, https:\/\/speyer24news.com\/wp-content\/uploads\/2020\/06\/Zelle-768x512.jpg 768w\" sizes=\"(max-width: 800px) 100vw, 800px\" \/><figcaption class=\"wp-element-caption\">Beispielbild Zelle \/ Verhaftung, dient lediglich der Visualisierung<\/figcaption><\/figure><\/div>\n\n\n<p>Am Montag, kurz nach 14 Uhr wurde der Polizei eine randalierende Frau in der Maximilianstra\u00dfe, im Bereich des Altp\u00f6rtels, gemeldet. Die aufbrausende 39-J\u00e4hrige hatte ein Fahrrad bei sich und sei wegen eines Streites mit einem Bekannten so aufgebracht. W\u00e4hrend der Aufnahme des Sachverhalts, gab sich eine 25-j\u00e4hrige Passantin gegen\u00fcber den eingesetzten Beamten als Eigent\u00fcmerin des Fahrrades zu erkennen. Das Fahrrad war ihr bereits am 28.03.2024 bei dem Fahrradunterstand am Hauptbahnhof gestohlen worden. Nachdem sie einen Eigentumsnachweis vorzeigte, wurde der 25-J\u00e4hrigen das Fahrrad wieder ausgeh\u00e4ndigt. Die 39-J\u00e4hrige wurde mit dem Tatvorwurf konfrontiert, konnte dazu jedoch keine glaubhaften und nachvollziehbaren Angaben machen. Aufgrund eines bestehenden Haftbefehls gegen die 39-J\u00e4hrige, wurde sie im Anschluss in eine Justizvollzugsanstalt verbracht.<\/p>\n\n\n\n<h2 class=\"wp-block-heading\">(Schifferstadt) &#8211; Komm ins Team \/ Nachwuchswerbung bei der Polizei<\/h2>\n\n\n<div class=\"wp-block-image\">\n<figure class=\"aligncenter size-full\"><img decoding=\"async\" loading=\"lazy\" width=\"500\" height=\"704\" src=\"https:\/\/speyer24news.com\/wp-content\/uploads\/2024\/04\/POL-Schifferstadt.jpg\" alt=\"\" class=\"wp-image-59364\" srcset=\"https:\/\/speyer24news.com\/wp-content\/uploads\/2024\/04\/POL-Schifferstadt.jpg 500w, https:\/\/speyer24news.com\/wp-content\/uploads\/2024\/04\/POL-Schifferstadt-213x300.jpg 213w\" sizes=\"(max-width: 500px) 100vw, 500px\" \/><\/figure><\/div>\n\n\n<ul>\n<li><a href=\"https:\/\/www.presseportal.de\/download\/document\/661e62de270000fd2cdfa04d-nachwuchswerbung-pi-sis.pdf\"><strong>Nachwuchswerbung PI SIS.pdf<\/strong><br>PDF &#8211; 1,3 MB<\/a><\/li>\n<\/ul>\n\n\n\n<p>Am Montag, 29.04.2024, um 17:30 Uhr, gibt die Polizei Schifferstadt, im Waldspitzweg 2, einen Einblick in den spannenden und abwechslungsreichen Job der Polizei. Hierbei geht es unter anderem um die Aufgaben der Polizei, wie der Tagesablauf aussehen kann und welche Einstellungsvoraussetzungen bestehen. <\/p>\n\n\n\n<p><strong>Interessierte ab 14 Jahren k\u00f6nnen sich per E-Mail,&nbsp;<a href=\"mailto:pischifferstadt.einstellungen@polizei.rlp.de\" target=\"_blank\" rel=\"noreferrer noopener\">pischifferstadt.einstellungen@polizei.rlp.de<\/a>, oder telefonisch unter 06235 \/ 495-0 anmelden.<\/strong><\/p>\n\n\n\n<h2 class=\"wp-block-heading\">(Mutterstadt) &#8211; Unfall mit E-Scooter \/ Verursacher gesucht<\/h2>\n\n\n<div class=\"wp-block-image\">\n<figure class=\"aligncenter size-full\"><img decoding=\"async\" loading=\"lazy\" width=\"801\" height=\"600\" src=\"https:\/\/speyer24news.com\/wp-content\/uploads\/2020\/05\/Zeugen-gesucht-Neutral.jpg\" alt=\"\" class=\"wp-image-26598\" srcset=\"https:\/\/speyer24news.com\/wp-content\/uploads\/2020\/05\/Zeugen-gesucht-Neutral.jpg 801w, https:\/\/speyer24news.com\/wp-content\/uploads\/2020\/05\/Zeugen-gesucht-Neutral-300x225.jpg 300w, https:\/\/speyer24news.com\/wp-content\/uploads\/2020\/05\/Zeugen-gesucht-Neutral-768x575.jpg 768w, https:\/\/speyer24news.com\/wp-content\/uploads\/2020\/05\/Zeugen-gesucht-Neutral-678x509.jpg 678w, https:\/\/speyer24news.com\/wp-content\/uploads\/2020\/05\/Zeugen-gesucht-Neutral-326x245.jpg 326w, https:\/\/speyer24news.com\/wp-content\/uploads\/2020\/05\/Zeugen-gesucht-Neutral-80x60.jpg 80w\" sizes=\"(max-width: 801px) 100vw, 801px\" \/><\/figure><\/div>\n\n\n<p>Am 15.04.2024 um 08:40 Uhr stie\u00df ein gr\u00fcner Kastenwagen beim Einfahren auf die Fahrbahn mit einer 15-j\u00e4hrigen E-Scooter-Fahrerin zusammen, welche verbotswidrig den Gehweg in der Neustadter Stra\u00dfe befuhr. Nachdem der Fahrer des gr\u00fcnen Kastenwagens kurz anhielt, entfernte er sich anschlie\u00dfend von der Unfallstelle. Die 15-J\u00e4hrige wurde leicht verletzt. Es entstand ein Sachschaden von ca. 600 Euro. <\/p>\n\n\n\n<h4 class=\"wp-block-heading\">Der fl\u00fcchtige Fahrer wird wie folgt beschrieben:<\/h4>\n\n\n\n<ul>\n<li><strong>m\u00e4nnlich<\/strong><\/li>\n\n\n\n<li><strong>ca. 25-30 Jahre alt<\/strong><\/li>\n\n\n\n<li><strong>schlank<\/strong><\/li>\n\n\n\n<li><strong>ca. 170 cm<\/strong><\/li>\n\n\n\n<li><strong>braune, gewellte Haare<\/strong><\/li>\n\n\n\n<li><strong>kurzer Bart<\/strong><\/li>\n\n\n\n<li><strong>bekleidet mit dunklem T-Shirt und brauner Hose<\/strong><\/li>\n<\/ul>\n\n\n\n<ul>\n<li><strong>Zeugen, die Hinweise auf den gr\u00fcnen Kastenwagen oder dessen Fahrer geben k\u00f6nnen, werden gebeten, sich mit der Polizeiinspektion Schifferstadt unter der Tel.-Nr. 06235 4950 oder per Email unter&nbsp;<a href=\"mailto:%20pischifferstadt@polizei.rlp.de\">pischifferstadt@polizei.rlp.de<\/a>&nbsp;in Verbindung zu setzen.<\/strong><\/li>\n<\/ul>\n\n\n\n<h2 class=\"wp-block-heading\">(L 528 \/ B\u00f6hl-Iggelheim) &#8211; Geschwindigkeits\u00fcberwachung<\/h2>\n\n\n\n<p>Im Rahmen der Kontrollwoche des europaweiten Polizeinetzwerks ROADPOL wurden durch die Polizeiinspektion Schifferstadt am Montagvormittag auf der L528 in Fahrtrichtung Speyer Geschwindigkeitskontrollen durchgef\u00fchrt. Bei erlaubten 70 km\/h wurden 23 \u00dcberschreitungen festgestellt. Die H\u00f6chstgeschwindigkeit lag bei 100 km\/h. Dies zieht nach Abzug der Toleranz ein Bu\u00dfgeld von 150 Euro nach sich.<\/p>\n\n\n\n<h2 class=\"wp-block-heading\">(Germersheim) &#8211; Randalierer in Gewahrsam genommen<\/h2>\n\n\n<div class=\"wp-block-image\">\n<figure class=\"aligncenter size-full\"><img decoding=\"async\" loading=\"lazy\" width=\"800\" height=\"600\" src=\"https:\/\/speyer24news.com\/wp-content\/uploads\/2019\/06\/Ausn\u00fcchterungszelle.jpg\" alt=\"\" class=\"wp-image-15212\" srcset=\"https:\/\/speyer24news.com\/wp-content\/uploads\/2019\/06\/Ausn\u00fcchterungszelle.jpg 800w, https:\/\/speyer24news.com\/wp-content\/uploads\/2019\/06\/Ausn\u00fcchterungszelle-300x225.jpg 300w, https:\/\/speyer24news.com\/wp-content\/uploads\/2019\/06\/Ausn\u00fcchterungszelle-768x576.jpg 768w, https:\/\/speyer24news.com\/wp-content\/uploads\/2019\/06\/Ausn\u00fcchterungszelle-678x509.jpg 678w, https:\/\/speyer24news.com\/wp-content\/uploads\/2019\/06\/Ausn\u00fcchterungszelle-326x245.jpg 326w, https:\/\/speyer24news.com\/wp-content\/uploads\/2019\/06\/Ausn\u00fcchterungszelle-80x60.jpg 80w\" sizes=\"(max-width: 800px) 100vw, 800px\" \/><figcaption class=\"wp-element-caption\">Beispielbild Zelle \/ Verhaftung, dient lediglich der Visualisierung<\/figcaption><\/figure><\/div>\n\n\n<p>Am Montagabend wurde von Passanten eine offenbar betrunkene Person gemeldet, die in der Bahnhofstra\u00dfe gegen geparkte Fahrzeuge treten w\u00fcrde. Auf dem Bahnhofsparkplatz traf die Polizei auf einen 46-J\u00e4hrigen. Dieser zeigte sich auch gegen\u00fcber den Beamten aggressiv, weshalb er letztlich in Gewahrsam genommen wurde. Bei einer ersten \u00dcberpr\u00fcfung konnte an den geparkten Fahrzeugen kein Schaden festgestellt werden. <\/p>\n\n\n\n<ul>\n<li><strong>Zeugen oder Gesch\u00e4digte werden gebeten, sich unter der Telefonnummer 07274\/9580 oder per E-Mail an&nbsp;<a href=\"mailto:%20pigermersheim@polizei.rlp.de\">pigermersheim@polizei.rlp.de<\/a>&nbsp;mit der Polizei Germersheim in Verbindung zu setzen.<\/strong><\/li>\n<\/ul>\n\n\n\n<h2 class=\"wp-block-heading\">(Germersheim) &#8211; Unter Drogeneinfluss auf dem E Scooter<\/h2>\n\n\n\n<p>Am 15.04.2024 wurde um 12.40 Uhr ein 40-j\u00e4hriger E Scooter Fahrer in der Rheinbr\u00fcckenstra\u00dfe kontrolliert. Bei der Verkehrskontrolle stellten die Beamten fest, dass er offenbar unter dem Einfluss von Bet\u00e4ubungsmitteln steht. Letztlich r\u00e4umte er den k\u00fcrzlich zur\u00fcckliegenden Konsum ein. Ihm wurde auf der Dienststelle eine Blutprobe entnommen. Zudem wurde ein entsprechendes Verfahren eingeleitet.<\/p>\n\n\n\n<h2 class=\"wp-block-heading\">(Landau \/ Rohrbach \/ Annweiler \/ Offenbach) -Sturmsch\u00e4den<\/h2>\n\n\n\n<p>Durch den Sturm, der Montag \u00fcber Landau und die S\u00fcdpfalz zog, musste die Polizei Landau im Verlauf des Montagabends (15.04.2024) gleich mehrmals ausr\u00fccken. <\/p>\n\n\n\n<p>In Landau und Annweiler fiel ein Bauzaun auf einen geparkten Pkw. Es entstand jeweils ein Sachschaden von 300 und 500 Euro. Weiterhin fiel in Landau ein Ast auf einen Pkw. Hier entstand kein Sachschaden. <\/p>\n\n\n\n<p>In Rohrbach wurde ein Baum auf der Fahrbahn gemeldet, welcher sich vor Ort nur als gr\u00f6\u00dfere \u00c4ste herausstellte. Diese konnten durch die Polizeikr\u00e4fte zur Seite ger\u00e4umt werden. <\/p>\n\n\n\n<p>Ein in Offenbach zun\u00e4chst auf der L542 gemeldeter Baum auf der Fahrbahn lag nur auf dem Radweg neben der Fahrbahn. Der Bereich wurde durch die Polizeikr\u00e4fte abgesperrt und die Stra\u00dfenmeisterei verst\u00e4ndigt. Auch die Feuerwehr Landau musste einen gr\u00f6\u00dferen Ast auf einem Radweg im Prie\u00dfnitzweg zers\u00e4gen, um ihn zur Seite r\u00e4umen zu k\u00f6nnen. Eine Verkehrsbehinderung besteht nicht mehr.<\/p>\n\n\n\n<h2 class=\"wp-block-heading\">(Landau) &#8211; Einbr\u00fcche in Mehrfamilienhaus<\/h2>\n\n\n\n<p>Am Montag den 15.04.2024 im Zeitraum von 10:00 Uhr bis 15:00 Uhr kam es in der Glacisstra\u00dfe in Landau zu 2 Einbruchsdiebst\u00e4hlen im selben Anwesen. Bislang unbekannte T\u00e4ter drangen durch die Haust\u00fcr gewaltsam in die Wohnung ein. Ersten Feststellungen zufolge wurde Bargeld entwendet. Die Kriminalpolizei Landau hat die Ermittlungen aufgenommen.<\/p>\n\n\n\n<h2 class=\"wp-block-heading\">(Landau) &#8211; Blinzeln f\u00fchrt zum Autounfall<\/h2>\n\n\n\n<p>Aus der Bahn geworfen wurde Montagmittag (15.04.2024) gegen 13:30 Uhr ein 71-j\u00e4hriger Mann aus Landau, als er mit seinem Auto den Horstring entlangfuhr und ihm etwas ins Auge flog, sodass er Blinzeln musste. In der Folge kam der Landauer nach rechts von der Fahrbahn ab und kollidierte mit einem geparkten Auto so heftig, dass sein Auto auf die linke Fahrzeugseite fiel. Durch hinzueilende Passantinnen und Passanten konnte der Fahrer aus dem Auto befreit werden. Der 71-J\u00e4hrige wurde gl\u00fccklicherweise nur leicht verletzt und zur \u00dcberwachung in ein Landauer Krankenhaus verbracht. An beiden Autos entstand wirtschaftlicher Totalschaden.<\/p>\n\n\n\n<h2 class=\"wp-block-heading\">(B 10 \/ Annweiler) &#8211; Tunnelsperrung nach Verkehrsunfall<\/h2>\n\n\n\n<p>Am 16.04.2024 befuhr gegen 06:23 Uhr ein 23-j\u00e4hriger Mercedes-Fahrer die B10 in Fahrtrichtung Pirmasens und wollte diese an der Abfahrt Annweiler-West verlassen. Hierbei \u00fcbersah er einen entgegenkommenden 52-j\u00e4hrigen Peugeot-Fahrer und kollidierte mit diesem. Durch den Unfall wurden beide Unfallbeteiligte leicht verletzt. Die Schadensh\u00f6he betr\u00e4gt circa 13.000 Euro. Beide Fahrzeuge waren nicht mehr fahrbereit und mussten abgeschleppt werden. Der 23-J\u00e4hrige wird sich nun in einem Strafverfahren wegen fahrl\u00e4ssiger K\u00f6rperverletzung verantworten m\u00fcssen. F\u00fcr die Dauer der Unfallaufnahme mussten sowohl der L\u00f6wenherztunnel als auch der Staufertunnel in beide Fahrtrichtungen f\u00fcr circa 45 Minuten voll gesperrt werden. Hierdurch kam es zu Verkehrsbeeintr\u00e4chtigungen. Auch die Stra\u00dfenmeisterei war hierbei im Einsatz.<\/p>\n\n\n\n<h2 class=\"wp-block-heading\">(Burrweiler) &#8211; Einbruchsdiebstahl in Firmengeb\u00e4ude<\/h2>\n\n\n\n<p>Unbekannte haben \u00fcber das vergangene Wochenende ein Fenster eines Firmengeb\u00e4udes am Schlossberg aufgehebelt und danach im Geb\u00e4ude s\u00e4mtliches Mobiliar nach Wertgegenst\u00e4nden abgesucht. Ersten Ermittlungen zufolge wurde ein geringer Bargeldbetrag sowie hochwertige Kopfh\u00f6rer entwendet. Von den Einbrechern fehlt jede Spur. <\/p>\n\n\n\n<ul>\n<li><strong>Hinweise nimmt die Polizei Edenkoben unter der Telefonnummer 06323 9550 entgegen.<\/strong><\/li>\n<\/ul>\n\n\n\n<h2 class=\"wp-block-heading\">(Kleinfischlingen) &#8211; Dieseldiebstahl und Baggerl\u00f6ffel geklaut<\/h2>\n\n\n\n<p>\u00dcber das zur\u00fcckliegende Wochenende wurde von der Baustelle an der L 507 durch Unbekannte eine Baggerschaufel sowie 30 Liter Diesel aus einem Bagger entwendet. Die genauen Tatumst\u00e4nde sind derzeit Gegenstand der polizeilichen Ermittlungen. <\/p>\n\n\n\n<ul>\n<li><strong>Hinweise zu den T\u00e4tern nimmt die Polizei Edenkoben unter der Telefonnummer 06323 9550 entgegen.<\/strong><\/li>\n<\/ul>\n\n\n\n<h2 class=\"wp-block-heading\">(Lambrecht (Pfalz) \/ Neustadt\/Wstr.) &#8211; Geschwindigkeitsmessungen<\/h2>\n\n\n\n<p>Die Polizeiinspektion Neustadt\/W. f\u00fchrte am Montag, den 15.04.2024 anl\u00e4sslich der europaweiten Aktion ROADPOL mehrere Geschwindigkeitsmessungen durch. Es wurde u.a. die Geschwindigkeit in Neustadt OT Lachen-Speyerdorf auf der K1 am dortigen Adamsweg \u00fcberwacht, sowie in Lambrecht in der Wiesenstra\u00dfe und der Hauptstra\u00dfe. Die Kontrollen fanden zwischen 10:00 Uhr und 00:15 Uhr statt.<\/p>\n\n\n\n<p>Insgesamt \u00fcberschritten 21% der Verkehrsteilnehmer die gesetzlich vorgeschriebene H\u00f6chstgeschwindigkeit. Der H\u00f6chstwert lag bei gemessenen 74 km\/h in Lambrecht bei erlaubten 50 km\/h. Auf den Fahrer kommt nun ein Punkt in Flensburg, sowie mindestens 115,- EUR Bu\u00dfgeld zu. Die Polizeiinspektion f\u00fchrt auch in den n\u00e4chsten Tagen verst\u00e4rkt Geschwindigkeitsmessungen durch.<\/p>\n\n\n\n<h2 class=\"wp-block-heading\">(Bad D\u00fcrkheim) &#8211; Geschwindigkeitskontrolle<\/h2>\n\n\n\n<p>Am 16.04.2024 zwischen 08:00 Uhr und 09:00 Uhr wurde im Holzweg in Bad D\u00fcrkheim eine Geschwindigkeits\u00fcberwachung durchgef\u00fchrt. Die Verkehrsteilnehmer hielten sich vorbildlich an die Geschwindigkeitsbeschr\u00e4nkung, daher mussten keine Verwarnungen wegen \u00dcberschreitung der erlaubten H\u00f6chstgeschwindigkeit von 30 km\/h ausgesprochen werden.<\/p>\n\n\n\n<h2 class=\"wp-block-heading\">(Bad D\u00fcrkheim) &#8211; Unter Alkoholeinwirkung Fahrzeug gef\u00fchrt<\/h2>\n\n\n\n<p>Am 16.04.2024 gegen 07:45 Uhr konnte im Holzweg in Bad D\u00fcrkheim der Fahrer eines Opel Vectra einer Verkehrskontrolle unterzogen werden. W\u00e4hrend der Kontrolle des 60-J\u00e4hrigen konnten die Polizeibeamten Atemalkoholgeruch feststellen. Ein freiwillig durchgef\u00fchrter Atemalkoholtest ergab einen Wert von 0,85 Promille. Auf der Dienststelle der Polizei Bad D\u00fcrkheim wurde ein gerichtsverwertbarer Atemalkoholtest durchgef\u00fchrt. Sein F\u00fchrerschein und die Fahrzeugschl\u00fcssel wurden sichergestellt. Gegen ihn wurde nun ein Ordnungswidrigkeitenverfahren eingeleitet.<\/p>\n\n\n\n<h2 class=\"wp-block-heading\">(Kallstadt) &#8211; Schulwegkontrolle<\/h2>\n\n\n\n<p>Am 15.04.2024 wurde durch Beamte der Polizeiinspektion Bad D\u00fcrkheim an der Grundschule in Kallstadt eine Verkehrskontrolle mit Schwerpunkt ordnungsgem\u00e4\u00dfe Sicherung von Kindern in Fahrzeugen durchgef\u00fchrt. An der \u00d6rtlichkeit konnten in diesem Zeitraum ca. 40 Fahrzeuge \u00fcberpr\u00fcft werden. In 3 Fahrzeugen konnte ein fehlender Kindersitz festgestellt werden. Die betreffenden Eltern wurden verwarnt und es wurde ein erzieherisches Gespr\u00e4ch gef\u00fchrt. Die Schulleitung zeigte sich erfreut \u00fcber die durchgef\u00fchrte Kontrolle.<\/p>\n\n\n\n<h2 class=\"wp-block-heading\">(Gr\u00fcnstadt) &#8211; Verkehrsunfallflucht<\/h2>\n\n\n\n<p>Der Gesch\u00e4digte parkte seinen Pkw Opel Meriva im Zeitraum von Freitag, 12.04.2024, 22:30 Uhr bis Montag, 15.04.2024, 09:15 Uhr ordnungsgem\u00e4\u00df am rechten Fahrbahnrand in der Stra\u00dfe Am Stadtgraben in Gr\u00fcnstadt. Als er gestern zu seinem Fahrzeug zur\u00fcckkam, stellte er einen frischen Streifschaden an der vorderen linken Sto\u00dfstange fest. Vermutlich streifte ein bislang unbekannter Fahrzeugf\u00fchrer den geparkten Opel und entfernte sich im Anschluss unerlaubt von der \u00d6rtlichkeit. Die Schadensh\u00f6he am Pkw des Gesch\u00e4digten bel\u00e4uft sich auf ca. 500EUR. <\/p>\n\n\n\n<ul>\n<li><strong>Hinweise zum Unfallverursacher nimmt die Polizeiinspektion Gr\u00fcnstadt unter 06359\/9312-0 oder per E-Mail (<a href=\"mailto:pigruenstadt@polizei.rlp.de\">pigruenstadt@polizei.rlp.de<\/a>) entgegen.<\/strong><\/li>\n<\/ul>\n\n\n\n<h2 class=\"wp-block-heading\">(A 650 \/ Ludwigshafen) &#8211; PKW-Panne endet mit Verkehrsunfall und drei verletzten Personen<\/h2>\n\n\n\n<p>Am Dienstag, den 16.04.2024, kam es gegen 09:45 Uhr zu einem Verkehrsunfall mit Personenschaden auf der Bundesautobahn 650. Eine 75-j\u00e4hrige PKW-Fahrerin aus Ludwigshafen befuhr mit ihrem Renault Kleinwagen die BAB650 in Fahrtrichtung Bad D\u00fcrkheim, als sich ihr Fahrzeug aufgrund einer Fahrzeug-Panne verlangsamte und sie etwa 400 m vor der Anschlussstelle Ruchheim am rechten Fahrbahnrand zum Stehen kam. Aufgrund des fehlenden Standstreifens lenkte sie ihren PKW, soweit m\u00f6glich, in den abfallenden Gr\u00fcnstreifen, um den rechten Fahrstreifen nur bedingt zu blockieren. Trotzdem begann der Verkehr kurz darauf zu stocken.<\/p>\n\n\n\n<p>Ein sich auf dem rechten der zwei Fahrstreifen befindlicher 51-j\u00e4hriger VW-Fahrer erkannte den Pannen-PKW aufgrund der unklaren Verkehrslage, vermutlich in Verbindung mit unangepasster Geschwindigkeit, zu sp\u00e4t und fuhr diesem von hinten auf. Durch die Kollision wurde der Renault den Abhang hinuntergeschleudert, w\u00e4hrend der VW auf dem rechten Fahrstreifen zum Stehen kam.<\/p>\n\n\n\n<p>Die 75-j\u00e4hrige Dame wurde durch den Verkehrsunfall schwer, jedoch nicht lebensgef\u00e4hrlich, verletzt und musste durch die Feuerwehr Ludwigshafen aus dem Fahrzeug befreit werden. Anschlie\u00dfend wurde sie durch den Rettungsdienst in ein nahegelegenes Krankenhaus verbracht. Auch Fahrer und Beifahrer des VWs wurden leicht verletzt und vor Ort medizinisch versorgt.<\/p>\n\n\n\n<p>Beide unfallbeteiligten Fahrzeuge wurden abgeschleppt. Es entstand Sachschaden in H\u00f6he von circa 10.000 EUR. Der rechte Fahrstreifen wurde f\u00fcr die Zeit der Unfallaufnahme unter Mithilfe der Autobahnmeisterei Ruchheim f\u00fcr etwa zwei Stunden gesperrt.<\/p>\n\n\n\n<h2 class=\"wp-block-heading\">(Ludwigshafen) &#8211; Fahrzeuge aufgebrochen \/ Zeugen gesucht<\/h2>\n\n\n\n<p>Zwischen Samstagnachmittag (13.04.2024), 14:00 Uhr und Montagmorgen (15.04.2024), 06:00 Uhr, wurden zwei Transporter auf einem Betriebsgel\u00e4nde am Kaiserw\u00f6rthdamm aufgebrochen. Hierbei wurde eine Bohrmaschine entwendet.<\/p>\n\n\n\n<ul>\n<li><strong>Wer hat etwas beobachtet? Hinweise nimmt die Kriminalpolizei Ludwigshafen unter der Telefonnummer 0621 963-2773 oder per E-Mail&nbsp;<a href=\"mailto:%20kiludwigshafen.k1.kdd@polizei.rlp.de\">kiludwigshafen.k1.kdd@polizei.rlp.de<\/a>&nbsp;entgegen.<\/strong><\/li>\n<\/ul>\n\n\n\n<p>Zwischen Montagabend (15.04.2024), 18:00 Uhr und Dienstagmorgen (16.04.2024), 05:30 Uhr, wurde ein in der Industriestra\u00dfe H\u00f6he Pettenkoferstra\u00dfe abgestellter BMW aufgebrochen. Entwendet wurde nichts. <\/p>\n\n\n\n<ul>\n<li><strong>Hinweise in diesem Fall bitte an die Polizeiinspektion Ludwigshafen 2, Telefonnummer 0621 963-2222 oder per E-Mail&nbsp;<a href=\"mailto:%20piludwigshafen2@polizei.rlp.de\">piludwigshafen2@polizei.rlp.de<\/a>&nbsp;.<\/strong><\/li>\n<\/ul>\n\n\n\n<h2 class=\"wp-block-heading\">(Ludwigshafen) &#8211; K\u00f6rperverletzung, Diebstahl und Widerstand<\/h2>\n\n\n<div class=\"wp-block-image\">\n<figure class=\"aligncenter size-full\"><img decoding=\"async\" loading=\"lazy\" width=\"800\" height=\"600\" src=\"https:\/\/speyer24news.com\/wp-content\/uploads\/2019\/06\/Ausn\u00fcchterungszelle.jpg\" alt=\"\" class=\"wp-image-15212\" srcset=\"https:\/\/speyer24news.com\/wp-content\/uploads\/2019\/06\/Ausn\u00fcchterungszelle.jpg 800w, https:\/\/speyer24news.com\/wp-content\/uploads\/2019\/06\/Ausn\u00fcchterungszelle-300x225.jpg 300w, https:\/\/speyer24news.com\/wp-content\/uploads\/2019\/06\/Ausn\u00fcchterungszelle-768x576.jpg 768w, https:\/\/speyer24news.com\/wp-content\/uploads\/2019\/06\/Ausn\u00fcchterungszelle-678x509.jpg 678w, https:\/\/speyer24news.com\/wp-content\/uploads\/2019\/06\/Ausn\u00fcchterungszelle-326x245.jpg 326w, https:\/\/speyer24news.com\/wp-content\/uploads\/2019\/06\/Ausn\u00fcchterungszelle-80x60.jpg 80w\" sizes=\"(max-width: 800px) 100vw, 800px\" \/><figcaption class=\"wp-element-caption\">Beispielbild Zelle \/ Verhaftung, dient lediglich der Visualisierung<\/figcaption><\/figure><\/div>\n\n\n<p>Am Montagabend (15.04.2024), gegen 21:15 Uhr, kam es in einer Wohnung in der Mundenheimer Stra\u00dfe zu einer gef\u00e4hrlichen K\u00f6rperverletzung. Ein 40-J\u00e4hriger hatte mit einem Schlagring mehrmals seinen 53-j\u00e4hrigen Bekannten geschlagen, sich jedoch vor Eintreffen der Polizeikr\u00e4fte von der \u00d6rtlichkeit entfernt. Der 53-J\u00e4hrige wurde leicht verletzt und durch den Rettungsdienst in ein Krankenhaus gebracht. Im Rahmen einer Fahndung konnte der 40-J\u00e4hrige nicht mehr angetroffen werden.<\/p>\n\n\n\n<p>Am fr\u00fchen Dienstagmorgen (16.04.2024), gegen 01:45 Uhr, wurde die Polizei alarmiert, da der 40-J\u00e4hrige eine Wohnungst\u00fcr in einem Mehrfamilienhaus in der Yorkstra\u00dfe eingetreten und Bargeld aus der Wohnung entwendet hatte. Bei Eintreffen der Polizei hatte der Mann gerade eine weitere Wohnungst\u00fcr in dem Anwesen gewaltsam ge\u00f6ffnet. Er wurde in Gewahrsam genommen und zu einer Polizeidienststelle gebracht. Da er augenscheinlich unter Einfluss von Alkohol und Bet\u00e4ubungsmitteln stand, sollte ihm eine Blutprobe entnommen werden. Hierbei spuckte er einem Polizeibeamten ins Gesicht und leistete gegen die anschlie\u00dfende Fixierung erheblichen Widerstand. Er muss sich nun u.a. wegen gef\u00e4hrlicher K\u00f6rperverletzung, Hausfriedensbruch Diebstahl, K\u00f6rperverletzung und Widerstandes gegen Vollstreckungsbeamte verantworten.<\/p>\n\n\n\n<h2 class=\"wp-block-heading\">(Ludwigshafen) &#8211; Unfall auf der Saarlandstra\u00dfe<\/h2>\n\n\n\n<p>Am Montagabend (15.04.2024), gegen 18:20 Uhr, fuhr eine 55-j\u00e4hrige Autofahrerin auf der Saarlandstra\u00dfe in Richtung Sch\u00e4nzeldamm und bog an der Einm\u00fcndung zur Pfarrer-Krebs-Stra\u00dfe nach links in diese ab. Hierbei missachtete sie die Vorfahrt einer in entgegengesetzter Richtung auf der Saarlandstra\u00dfe fahrenden 57-J\u00e4hrigen. Es kam zum Zusammensto\u00df, bei dem die 57-J\u00e4hrige und ihre 22-j\u00e4hrige Beifahrerin leicht verletzt wurden. Es entstand Sachschaden in H\u00f6he von circa 4.000 Euro.<\/p>\n\n\n\n<h2 class=\"wp-block-heading\">(Ludwigshafen) &#8211; Radfahrer bei Unfall verletzt<\/h2>\n\n\n\n<p>Am Montagnachmittag (15.04.2024), gegen 17:10 Uhr, kam es an der Kreuzung Sternstra\u00dfe \/ Von-Stephan-Stra\u00dfe \/ Sedanstra\u00dfe zu einem Verkehrsunfall. Ein 33-j\u00e4hriger Autofahrer wollte von der Von-Stephan-Stra\u00dfe nach links in die Sternstra\u00dfe einbiegen und missachtete hierbei die Vorfahrt eines 74-j\u00e4hrigen Radfahrers, welcher von der Sedanstra\u00dfe in die Sternstra\u00dfe einfuhr. Der Radfahrer st\u00fcrzte und wurde leicht verletzt. Es entstand Sachschaden in H\u00f6he von circa 1.300 Euro.<\/p>\n\n\n\n<h2 class=\"wp-block-heading\">(Ludwigshafen) &#8211; Unfall unter Alkoholeinfluss<\/h2>\n\n\n\n<p>Am Montagmorgen (15.04.2024), gegen 07:25 Uhr, war der 59-j\u00e4hrige Fahrer eines Sattelschleppers auf der D\u00fcrkheimer Stra\u00dfe in Richtung Lambsheimer Stra\u00dfe unterwegs. An der Kreuzung zur Lambsheimer Stra\u00dfe bog der 59-J\u00e4hrige nach rechts ab und besch\u00e4digte hierbei eine Fu\u00dfg\u00e4ngerampel. W\u00e4hrend der Unfallaufnahme erlangten die Polizeikr\u00e4fte Hinweise, dass der Fahrer des Sattelschleppers unter Alkoholeinfluss steht. Ein Atemalkoholtest ergab einen Wert von 0,93 Promille. Er wurde zu einer Polizeidienstelle gebracht, wo ihm eine Blutprobe entnommen wurde.<\/p>\n\n\n\n<p>Der Einfluss von Alkohol oder anderen berauschenden Mitteln stellt eine Hauptunfallursache dar. Wer berauscht f\u00e4hrt, gef\u00e4hrdet nicht nur sich, sondern auch Andere. Gegen den unter Alkoholeinfluss stehenden Unfallverursacher wurde ein Ermittlungsverfahren wegen des Verdachtes der Stra\u00dfenverkehrsgef\u00e4hrdung eingeleitet. Der F\u00fchrerschein wurde sichergestellt und gegen ihn kann eine Freiheitsstrafe bis zu f\u00fcnf Jahren oder eine Geldstrafe verh\u00e4ngt werden. Au\u00dferdem wird die F\u00fchrerscheinstelle die Geeignetheit des Unfallverursachers \u00fcberpr\u00fcfen.<\/p>\n\n\n\n<h2 class=\"wp-block-heading\">(Ludwigshafen) &#8211; Gef\u00e4hrliche K\u00f6rperverletzung \/ Zeugen gesucht<\/h2>\n\n\n<div class=\"wp-block-image\">\n<figure class=\"aligncenter size-full\"><img decoding=\"async\" loading=\"lazy\" width=\"800\" height=\"533\" src=\"https:\/\/speyer24news.com\/wp-content\/uploads\/2021\/11\/Schlaegerei.jpg\" alt=\"\" class=\"wp-image-42366\" srcset=\"https:\/\/speyer24news.com\/wp-content\/uploads\/2021\/11\/Schlaegerei.jpg 800w, https:\/\/speyer24news.com\/wp-content\/uploads\/2021\/11\/Schlaegerei-300x200.jpg 300w, https:\/\/speyer24news.com\/wp-content\/uploads\/2021\/11\/Schlaegerei-768x512.jpg 768w\" sizes=\"(max-width: 800px) 100vw, 800px\" \/><figcaption class=\"wp-element-caption\">Beispielbild Schl\u00e4gerei \/ K\u00f6rperverletzung, dient lediglich der Visualisierung<\/figcaption><\/figure><\/div>\n\n\n<p>Am Montagmittag (15.04.2024), gegen 12:30 Uhr, kam es in der Hoheloogstra\u00dfe zu einer Auseinandersetzung zwischen drei M\u00e4nnern. Laut einer Autofahrerin hielten zwei Fahrzeuge auf der Stra\u00dfe vor ihr an und es stiegen zwei M\u00e4nner aus. Diese schlugen mit einem Schlagstock und F\u00e4usten auf einen dritten Mann ein, welcher zu Fu\u00df unterwegs war. W\u00e4hrend die Zeugin die Polizei verst\u00e4ndigte, stiegen die beiden T\u00e4ter in zwei Fahrzeuge und fuhren davon. Den unbekannten Gesch\u00e4digten konnte die Frau ebenfalls nicht mehr feststellen. Eine sofortige Fahndung nach den Fahrzeugen verlief ergebnislos. <\/p>\n\n\n\n<ul>\n<li><strong>Es soll sich um einen grauen Mazda mit bulgarischem Kennzeichen und einen grauen Hyundai mit Essener Kennzeichen gehandelt haben. <\/strong><\/li>\n\n\n\n<li><strong>Einen der T\u00e4ter beschrieb die Zeugin als ca. 30-40 Jahre alt, kr\u00e4ftig und mit kurzem Haar. Den zweiten T\u00e4ter konnte sie nicht beschreiben.<\/strong><\/li>\n<\/ul>\n\n\n\n<ul>\n<li><strong>Wer hat die Tat beobachtet oder kann Hinweise auf die Personen geben? Hinweise nimmt die Kriminalpolizei Ludwigshafen unter der Telefonnummer 0621 963-2773 oder per E-Mail&nbsp;<a href=\"mailto:%20kiludwigshafen.k1.kdd@polizei.rlp.de\">kiludwigshafen.k1.kdd@polizei.rlp.de<\/a>&nbsp;entgegen.<\/strong><\/li>\n<\/ul>\n\n\n\n<h2 class=\"wp-block-heading\">(Mannheim) &#8211; Zwei Verletzte nach Unfall in einer Waschanlage<\/h2>\n\n\n\n<p>Am Montag fuhr ein 83-J\u00e4hriger mit seinem Audi in eine Autowaschanlage in der M\u00f6hlstra\u00dfe. Nach ersten Erkenntnissen dr\u00fcckte der Senior um kurz nach 9 Uhr mutma\u00dflich aufgrund eines Bedienfehlers unbeabsichtigt das Gaspedal durch, sodass sein Auto pl\u00f6tzlich beschleunigte und auf einen in der Waschstra\u00dfe stehenden Mercedes prallte. Ein 29-J\u00e4hriger, der zu diesem Zeitpunkt hinter dem Mercedes stand, um das Fahrzeug mit einer Waschlanze abzustrahlen, wurde von dem Mercedes erfasst und zu Boden geschleudert. Anschlie\u00dfend rollte der Audi des 83-J\u00e4hrigen \u00fcber den linken Unterschenkel des noch am Boden liegenden 29-J\u00e4hrigen. Dabei zog sich der j\u00fcngere Mann eine Verletzung zu, die in einem Krankenhaus behandelt werden musste. Der Audi indes fuhr noch einige Meter weiter, bevor er schlie\u00dflich mit einer Schutzplanke innerhalb der Waschanlage kollidierte und so zum Halten kam. Durch den Unfall verletzte sich der Senior leicht. Der entstandene Gesamtschaden wird auf \u00fcber 10.000 Euro gesch\u00e4tzt. Der verunfallte Audi musste abgeschleppte werden.<\/p>\n\n\n\n<p>Der 83-J\u00e4hrige muss sich nun wegen einer fahrl\u00e4ssigen K\u00f6rperverletzung verantworten.<\/p>\n\n\n\n<h2 class=\"wp-block-heading\">(Mannheim) &#8211; Kioskeinbruch in Fressgasse fehlgeschlagen<\/h2>\n\n\n\n<p>Am Dienstag gegen 04:15 Uhr versuchte nach ersten Erkenntnissen ein 23-J\u00e4hriger in ein Kiosk in der Fressgasse einzubrechen. Dazu warf er einen Blumenk\u00fcbel in die Schaufensterscheibe. Offenbar aufgrund seiner starken Alkoholisierung gelang es ihm aber nicht in den Kiosk einzusteigen. Der Besitzer des Kiosks wurde durch seine Alarmanlage \u00fcber den Vorfall in Kenntnis gesetzt, welcher umgehen die Polizei informierte. Noch in Tatortn\u00e4he konnte dann der Tatverd\u00e4chtige vorl\u00e4ufig festgenommen werden. Gegen ihn wird nun wegen Verdachts des Einbruchs ermittelt. Der Sachschaden an der Schaufensterscheibe betr\u00e4gt etwa 1.000 Euro.<\/p>\n\n\n\n<h2 class=\"wp-block-heading\">(B 36 \/ Mannheim) &#8211; 5.000 Euro Sachschaden nach Kollision mit Reh<\/h2>\n\n\n\n<p>Als in der Nacht von Montag auf Dienstag gegen 02:10 Uhr ein 39-j\u00e4hriger Skoda-Fahrer auf der B36 in Fahrtrichtung Mannheim-Neckarau unterwegs war, querte etwa auf H\u00f6he der Feuerwache S\u00fcd \u00fcberraschend ein Reh die Fahrbahn. Einen Zusammensto\u00df konnte der Autofahrer nicht mehr rechtzeitig verhindern und kollidierte mit dem Reh. Der Pkw wurde durch den Unfall im Frontbereich besch\u00e4digt. Der entstandene Sachschaden auf ca. 5.000 Euro gesch\u00e4tzt. Der Fahrer blieb gl\u00fccklicherweise unverletzt. Das Tier erlag noch am Unfallort seinen Verletzungen.<\/p>\n\n\n\n<h2 class=\"wp-block-heading\">(Mannheim) &#8211; E-Bikes im Wert von fast 8.000 Euro entwendet \/ Zeugen gesucht!<\/h2>\n\n\n\n<p>Derzeit noch unbekannte T\u00e4ter entwendeten zwischen Freitagmittag und Montagmittag zwei hochwertige E-Bikes aus einem Kellerabteil im Roteichenring. Wie sich die Unbekannten Zutritt zu den Kellerr\u00e4umlichkeiten des Mehrfamilienhauses verschafften, ist noch unklar. Der entstandene Diebstahlschaden bel\u00e4uft sich auf fast 8.000 Euro.<\/p>\n\n\n\n<ul>\n<li><strong>Das Polizeirevier Mannheim-Neckarstadt sucht nun Zeugen, welche verd\u00e4chtige Wahrnehmungen gemacht haben und bittet diese, sich unter der Telefonnummer 0621\/3301-0 zu melden.<\/strong><\/li>\n<\/ul>\n\n\n\n<h2 class=\"wp-block-heading\">(Mannheim) &#8211; VW entwendet \/ Zeugen gesucht<\/h2>\n\n\n\n<p>In dem Zeitraum von Samstagabend, 18:00 Uhr, bis Sonntagnachmittag, 17:30 Uhr, wurde ein in der Lilienstra\u00dfe abgestellter wei\u00dfer VW auf bislang unbekannte Weise entwendet. \u00dcber die T\u00e4ter \/T\u00e4terinnen liegen bislang keine Hinweise vor. Der Diebstahlsschaden wird auf circa 23.000 Euro gesch\u00e4tzt.<\/p>\n\n\n\n<ul>\n<li><strong>Die Kriminalpolizeidirektion Heidelberg hat die weiteren Ermittlungen \u00fcbernommen. Zeugen, die sachdienliche Hinweise zur Tat oder der unbekannten T\u00e4terschaft geben k\u00f6nnen, werden gebeten, sich unter der Telefonnummer 0621\/174-4444 zu melden.<\/strong><\/li>\n<\/ul>\n\n\n\n<h2 class=\"wp-block-heading\">(A 5 \/ Heidelberg) &#8211; Auffahrunfall mit drei Beteiligten<\/h2>\n\n\n\n<p>Auf der A5 in Fahrtrichtung Karlsruhe kam es am Dienstag um etwa 09:30 Uhr zu einem Auffahrunfall mit drei beteiligten Fahrzeugen. Die Unfallursache ist derzeit noch Gegenstand der Ermittlungen. An dem Unfall waren neben einem Mitsubishi auch ein Transporter sowie ein Sattelzug beteiligt. Nach aktuellem Stand der Unfallaufnahme wurde eine Person bei dem Unfall leicht verletzt. Der rechte Fahrstreifen ist f\u00fcr die Zeit der Unfallaufnahme sowie der Bergungsarbeiten gesperrt. Mit Verkehrsbehinderungen und Stau ist zu rechnen.<\/p>\n\n\n\n<h2 class=\"wp-block-heading\">(Heidelberg) &#8211; Brandgeschehen in der Innenstadt<\/h2>\n\n\n\n<h3 class=\"wp-block-heading has-text-align-center\">Pressemeldung Nr. 3<\/h3>\n\n\n<div class=\"wp-block-image\">\n<figure class=\"aligncenter size-full\"><img decoding=\"async\" loading=\"lazy\" width=\"800\" height=\"533\" src=\"https:\/\/speyer24news.com\/wp-content\/uploads\/2023\/02\/Symboldbild-Feuerwehr.jpg\" alt=\"\" class=\"wp-image-50884\" srcset=\"https:\/\/speyer24news.com\/wp-content\/uploads\/2023\/02\/Symboldbild-Feuerwehr.jpg 800w, https:\/\/speyer24news.com\/wp-content\/uploads\/2023\/02\/Symboldbild-Feuerwehr-300x200.jpg 300w, https:\/\/speyer24news.com\/wp-content\/uploads\/2023\/02\/Symboldbild-Feuerwehr-768x512.jpg 768w\" sizes=\"(max-width: 800px) 100vw, 800px\" \/><\/figure><\/div>\n\n\n<p>Am Montagnachmittag kam es gegen 17:10 Uhr zu einem Brand in einem Durchgang zwischen der Poststra\u00dfe und Kurf\u00fcrsten-Anlage, durch den gl\u00fccklicherweise niemand verletzt worden ist. Das Feuer konnte schnell durch die alarmierte Feuerwehr unter Kontrolle gebracht und gel\u00f6scht werden. Nach derzeitigem Stand der Ermittlungen geriet ein M\u00fcllcontainer sowie umliegende Gegenst\u00e4nde in Brand. Die Brandursache ist Gegenstand der laufenden Ermittlungen.<\/p>\n\n\n\n<p>Die Fassaden der angrenzenden Geb\u00e4ude wurden durch das Feuer stark besch\u00e4digt. An den Geb\u00e4uden entstand ein gesch\u00e4tzter Sachschaden im niedrigen sechsstelligen Bereich. Ein im betroffenen Durchgang abgestellter Opel wurde ebenfalls durch das Feuer in Mitleidenschaft gezogen und an ihm entstand ein Sachschaden in H\u00f6he von 2.000 Euro.<\/p>\n\n\n\n<ul>\n<li><strong>Das Polizeirevier Heidelberg-Mitte hat die weiteren Ermittlungen \u00fcbernommen. In diesem Zusammenhang werden Zeugen, die sachdienliche Hinweise geben k\u00f6nnen, gebeten, sich unter der Telefonnummer 06221\/ 1857-0 zu melden.<\/strong><\/li>\n<\/ul>\n\n\n\n<h2 class=\"wp-block-heading\">(Heidelberg) &#8211; Anfahrman\u00f6ver endet im Unfall<\/h2>\n\n\n\n<p>Am Montag musste ein 73-J\u00e4hriger feststellen, dass sich sein Mercedes nicht mehr ansprang, weshalb er das Auto an der absch\u00fcssigen Stra\u00dfe anrollen lassen wollte. Als er um kurz nach 17 Uhr an der Stra\u00dfe &#8222;Am B\u00fcchsenackerhang&#8220; die Handbremse des Autos l\u00f6ste, bemerkte der Mann nach kurz Zeit, dass sich der Mercedes trotz des Anfahrman\u00f6vers nicht starten lie\u00df. Durch das starke Gef\u00e4lle der Stra\u00dfe nahm das Auto rasch an Fahrt auf. Auf Grund der fehlenden Unterst\u00fctzung bei der Bremskraft und der Lenkung verlor der Fahrer die Kontrolle \u00fcber sein Fahrzeug. So prallte der Mercedes im K\u00f6pfelweg gegen eine Hauswand, wodurch sich der 73-J\u00e4hrige leicht verletzte. An dem Fahrzeug entstand ein Totalschaden und auch die Hauswand wurde in Mitleidenschaft gezogen. Die genaue H\u00f6he des Schadens ist bislang nicht bekannt.<\/p>\n\n\n\n<h2 class=\"wp-block-heading\">(Heidelberg) &#8211; E-Bike vor Gerichtsgeb\u00e4ude entwendet \/ Polizei sucht Zeugen<\/h2>\n\n\n\n<p>Als am Montag ein 56-J\u00e4hriger einen Gerichtstermin wahrnahm, sicherte er zuvor um kurz nach 08:30 Uhr sein E-Bike mit einem Faltschloss vor dem Geb\u00e4ude. Als er gegen 11 Uhr zu dem Abstellort in der Kurf\u00fcrsten-Anlage zur\u00fcckkehrte, musste er feststellen, dass das Rad mitsamt dem Schloss gestohlen worden war. Der Schaden betr\u00e4gt mehrere tausend Euro. Das Polizeirevier Heidelberg-Mitte \u00fcbernahm die weiteren Ermittlungen hinsichtlich des besonders schweren Falls des Diebstahls.<\/p>\n\n\n\n<ul>\n<li><strong>Zeugen, die sachdienliche Hinweise geben k\u00f6nnen, werden gebeten, sich beim Polizeirevier Heidelberg-Mitte unter der Telefonnummer 06221-1857-0 zu melden.<\/strong><\/li>\n<\/ul>\n\n\n\n<h4 class=\"wp-block-heading\"><em>Wie Sie ihr Fahrrad am besten gegen Diebstahl sichern k\u00f6nnen, erfahren sie hier: <a href=\"https:\/\/www.polizei-beratung.de\/themen-und-tipps\/diebstahl\/diebstahl-von-zweiraedern\/\">https:\/\/www.polizei-beratung.de\/themen-und-tipps\/diebstahl\/diebstahl-von-zweiraedern\/<\/a><\/em><\/h4>\n\n\n\n<h2 class=\"wp-block-heading\">(Schwetzingen \/ Rhein-Neckar-Kreis) &#8211; Mehrere besch\u00e4digte Fahrzeuge nach Unfall<\/h2>\n\n\n\n<h3 class=\"wp-block-heading has-text-align-center\">Pressemeldung Nr. 2<\/h3>\n\n\n\n<p>Am Montag gegen 13:15 Uhr fuhr ein 69-j\u00e4hriger Transporter-Fahrer die B 291 aus Richtung Walldorf kommend entlang. Auf H\u00f6he der Einm\u00fcndung zur Hockenheimer Landstra\u00dfe missachtete der Mann zun\u00e4chst das Rotlicht einer Ampel, touchierte den Mast einer weiteren Ampel und \u00fcberfuhr ein Verkehrsschild. Im weiteren Verlauf querte der Mann den Fu\u00df- und Radweg, auf dem sich in nur geringer Entfernung zum vorbeifahrenden Transporter eine 41-j\u00e4hrige Fu\u00dfg\u00e4ngerin befand. Die Frau wurde nicht verletzt. Nachdem der Transporter durch mehrere kleinere Geb\u00fcsche fuhr, kollidierte der Transporter mit einem zu diesem Zeitpunkt auf dem Supermarkt ausparkenden VW eines 60-J\u00e4hrigen. Der 60-J\u00e4hrige wurde durch den Zusammensto\u00df leicht verletzt. Zur weiteren medizinischen Versorgung wurde er durch den Rettungsdienst in ein Krankenhaus gebracht. Der VW wurde durch den Aufprall gegen einen weiteren geparkten Dacia geschoben, wonach der Transporter letztendlich zum Stehen kam. Der Fahrer des Transporters zog sich schwere Verletzungen zu. Er musste ebenfalls durch den Rettungsdienst zur weiteren Behandlung in ein nahegelegenes Krankenhaus gebracht werden, wo ihm eine Blutprobe entnommen wurde, da der Verdacht besteht, dass die Einnahme von Medikamenten unfallurs\u00e4chlich gewesen sein k\u00f6nnte. Die Ermittlungen dauern an. Der besch\u00e4digte Transporter musste abgeschleppt werden. Insgesamt wird der Sachschaden auf ca. 30.000 Euro gesch\u00e4tzt. Die Ermittlungen hierzu dauern an.<\/p>\n\n\n\n<h2 class=\"wp-block-heading\">(Schwetzingen \/ Rhein-Neckar-Kreis) &#8211; Einbruch in Gartenhaus \/ Zeugen gesucht<\/h2>\n\n\n\n<p>Am Montag, im Zeitraum zwischen 10 Uhr und 12 Uhr, verschaffte sich eine derzeit noch unbekannte T\u00e4terschaft Zutritt zu einem Gartenhaus in einer Kleingartenanlage. Hierbei wurde ein 1,80 m hoher Gartenzaun des Kleingartens im Schlo\u00dfgartenweg \u00fcberstiegen. Die unbekannte T\u00e4terschaft konnte mit Werkzeug im Wert von etwa 450 Euro fl\u00fcchten.<\/p>\n\n\n\n<ul>\n<li><strong>Das Polizeirevier Schwetzingen hat die Ermittlungen aufgenommen und sucht nach Zeugen, welche Hinweise zur Identit\u00e4t der T\u00e4terschaft geben k\u00f6nnen oder andere verd\u00e4chtige Wahrnehmungen gemacht haben. Diese werden gebeten, sich unter der Telefonnummer 06202 288-0 zu melden.<\/strong><\/li>\n<\/ul>\n\n\n\n<h2 class=\"wp-block-heading\">(Oftersheim \/ Rhein-Neckar-Kreis) &#8211; Angeblicher Wasserwerkhandwerker nutzt Gutgl\u00e4ubigkeit aus \/ Zeugen gesucht<\/h2>\n\n\n<div class=\"wp-block-image\">\n<figure class=\"aligncenter size-full\"><img decoding=\"async\" loading=\"lazy\" width=\"801\" height=\"600\" src=\"https:\/\/speyer24news.com\/wp-content\/uploads\/2020\/05\/Zeugen-gesucht-Neutral.jpg\" alt=\"\" class=\"wp-image-26598\" srcset=\"https:\/\/speyer24news.com\/wp-content\/uploads\/2020\/05\/Zeugen-gesucht-Neutral.jpg 801w, https:\/\/speyer24news.com\/wp-content\/uploads\/2020\/05\/Zeugen-gesucht-Neutral-300x225.jpg 300w, https:\/\/speyer24news.com\/wp-content\/uploads\/2020\/05\/Zeugen-gesucht-Neutral-768x575.jpg 768w, https:\/\/speyer24news.com\/wp-content\/uploads\/2020\/05\/Zeugen-gesucht-Neutral-678x509.jpg 678w, https:\/\/speyer24news.com\/wp-content\/uploads\/2020\/05\/Zeugen-gesucht-Neutral-326x245.jpg 326w, https:\/\/speyer24news.com\/wp-content\/uploads\/2020\/05\/Zeugen-gesucht-Neutral-80x60.jpg 80w\" sizes=\"(max-width: 801px) 100vw, 801px\" \/><\/figure><\/div>\n\n\n<p>Am Montagvormittag gegen 10:40 Uhr verschaffte sich zun\u00e4chst ein bislang unbekannter T\u00e4ter unter dem Vorwand, ein angeblicher Wasserwerker zu sein, Zutritt in die Wohnung eines Seniors im Hardtwaldring. Beide gingen zusammen in das Badezimmer, wobei der T\u00e4ter vort\u00e4uschte, den Wasserdurchlauf pr\u00fcfen zu m\u00fcssen, in dem er die Wasserh\u00e4hne bet\u00e4tigte. Ein zweiter, ebenfalls unbekannter T\u00e4ter, nutze derweil die Gelegenheit, um ebenfalls die Wohnung zu betreten. W\u00e4hrend der eine den Senior im Badezimmer ablenkte, machte sich der zweite T\u00e4ter auf die Suche nach Wertgegenst\u00e4nden.<\/p>\n\n\n\n<p>Zwar sch\u00f6pfte der Senior Verdacht und wollte das Bad verlassen, wurde aber vom T\u00e4ter zur\u00fcckgesto\u00dfen. Dadurch stie\u00df der Senior gegen das Badmobiliar und verletzte sich leicht. Ein zweiter Versuch, das Badezimmer zu verlassen, gl\u00fcckte dem Senior und er konnte noch erkennen, wie der zweite T\u00e4ter die Wohnung fluchtartig verlie\u00df. Mutig stellte sich der Senior dem noch in der Wohnung befindlichen T\u00e4ter in den Weg und alarmierte die Polizei. Dieser allerdings griff den Senior erneut an, indem er ihn zur Seite stie\u00df und so ebenfalls fl\u00fcchten konnte. Eine sofort eingeleitete Fahndung nach den T\u00e4tern verlief erfolglos.<\/p>\n\n\n\n<p>In Nachgang stellte der Senior fest, dass die Unbekannten Bargeld in H\u00f6he von circa 300 Euro entwendeten.<\/p>\n\n\n\n<h4 class=\"wp-block-heading\">Der T\u00e4ter im Badezimmer wird wie folgt beschrieben:<\/h4>\n\n\n\n<ul>\n<li><strong>m\u00e4nnlich<\/strong><\/li>\n\n\n\n<li><strong>circa 170 bis 175 cm gro\u00df<\/strong><\/li>\n\n\n\n<li><strong>schlanke Statur<\/strong><\/li>\n\n\n\n<li><strong>Er trug einen Oberlippenbart, kurze schwarze Haare, einen hellblauen Kapuzenpullover, eine Jeans und blau-wei\u00dfe Sportschuhe.<\/strong><\/li>\n<\/ul>\n\n\n\n<ul>\n<li><strong>Das Kriminalkommissariat Mannheim hat die weiteren Ermittlungen \u00fcbernommen. Zeugen, die sachdienliche Hinweise geben k\u00f6nnen, werden gebeten, sich unter der Telefonnummer 0621\/174-4444 zu melden.<\/strong><\/li>\n<\/ul>\n\n\n\n<h2 class=\"wp-block-heading\">(L 535 \/ Heiligkreuzsteinach \/ Rhein-Neckar-Kreis) &#8211; Fahranf\u00e4nger st\u00fcrzt mit Leichtkraftrad<\/h2>\n\n\n\n<p>Am Sonntag, gegen 16:20 Uhr, befuhr ein 17-J\u00e4hriger mit einem Leichtkraftrad der Marke Yamaha die L535 in Fahrtrichtung Heiligkreuzsteinach, als er kurz vor dem Ortseingang von der Fahrbahn abkam und st\u00fcrzte.<\/p>\n\n\n\n<p>Ersten Ermittlungen zu Folge verlor der Fahranf\u00e4nger die Kontrolle \u00fcber sein Fahrzeug, woraufhin er die Schutzplanke streifte und zu Fall kam. Dabei zog er sich leichte Verletzungen zu und wurde in einem Krankenhaus medizinisch behandelt.<\/p>\n\n\n\n<p>An dem Fahrzeug entstand ein Schaden in H\u00f6he von etwa 3.000 Euro.<\/p>\n\n\n\n<p>Das Polizeirevier Weinheim hat die Ermittlungen aufgenommen.<\/p>\n\n\n\n<h2 class=\"wp-block-heading\">(Heddesheim \/ Rhein-Neckar-Kreis) &#8211; Polizeiposten Heddesheim unter neuer Leitung<a href=\"https:\/\/www.facebook.com\/sharer.php?u=https%3A%2F%2Fwww.presseportal.de%2Fblaulicht%2Fpm%2F14915%2F5758587%2F%3Futm_source%3Dfacebook%26utm_medium%3Dsocial\"><\/a><a href=\"https:\/\/twitter.com\/intent\/tweet?text=POL-MA%3A%20Heddesheim%2FRhein-Neckar-Kreis%3A%20Polizeiposten%20Heddesheim%20unter%20neuer%20Leitung&amp;url=https%3A%2F%2Fwww.presseportal.de%2Fblaulicht%2Fpm%2F14915%2F5758587%2F%3Futm_source%3Dtwitter%26utm_medium%3Dsocial&amp;hashtags=ots&amp;lang=de\"><\/a><a href=\"https:\/\/web.whatsapp.com\/send?text=POL-MA%3A%20Heddesheim%2FRhein-Neckar-Kreis%3A%20Polizeiposten%20Heddesheim%20unter%20neuer%20Leitung%0A%0Ahttps%3A%2F%2Fwww.presseportal.de%2Fblaulicht%2Fpm%2F14915%2F5758587%2F%3Futm_source%3Dwhatsapp%26utm_medium%3Dsocial\"><\/a><a href=\"https:\/\/www.xing.com\/app\/user?op=share;url=https%3A%2F%2Fwww.presseportal.de%2Fblaulicht%2Fpm%2F14915%2F5758587%2F%3Futm_source%3Dxing%26utm_medium%3Dsocial\"><\/a><a href=\"http:\/\/www.linkedin.com\/shareArticle?mini=true&amp;url=https%3A%2F%2Fwww.presseportal.de%2Fblaulicht%2Fpm%2F14915%2F5758587%2F%3Futm_source%3Dlinkedin%26utm_medium%3Dsocial&amp;title=POL-MA%3A+Heddesheim%2FRhein-Neckar-Kreis%3A+Polizeiposten+Heddesheim+unter+neuer+Leitung\"><\/a><a href=\"mailto:?subject=POL-MA%3A%20Heddesheim%2FRhein-Neckar-Kreis%3A%20Polizeiposten%20Heddesheim%20unter%20neuer%20Leitung&amp;body=https:\/\/www.presseportal.de\/blaulicht\/pm\/14915\/5758587\"><\/a><\/h2>\n\n\n<div class=\"wp-block-image\">\n<figure class=\"aligncenter\"><a href=\"https:\/\/cache.pressmailing.net\/thumbnail\/story_hires\/531d7555-366e-4592-8061-7c49a8dd6141\/P1030823.JPG.jpg\"><img decoding=\"async\" src=\"https:\/\/cache.pressmailing.net\/thumbnail\/story_big\/531d7555-366e-4592-8061-7c49a8dd6141\/pol-ma-heddesheim-rhein-neckar-kreis-polizeiposten-heddesheim-unter-neuer-leitung\" alt=\"POL-MA: Heddesheim\/Rhein-Neckar-Kreis: Polizeiposten Heddesheim unter neuer Leitung\"\/><\/a><\/figure><\/div>\n\n\n<p>Bereits seit dem 01.03.2024 hat Polizeihauptkommissar Alexander Pflug die Leitung des Polizeipostens Heddesheim \u00fcbernommen, welcher beim Polizeirevier Ladenburg angegliedert ist. Damit tritt er die Nachfolge des bisherigen Leiters, Polizeihauptkommissar Tobias Gernold, an.<\/p>\n\n\n\n<p>Im Jahr 2006 beendete der Polizeihauptkommissar seine Ausbildung bei der Polizei Baden-W\u00fcrttemberg und konnte seither viel Erfahrung im Polizeiberuf sammeln. Zuletzt war er auf dem Polizeirevier Mannheim-Oststadt als stellvertretender Dienstgruppenleiter eingesetzt.<\/p>\n\n\n\n<p>Alexander Pflug ist f\u00fcr seine besonnene und umsichtige Art bekannt und ein absoluter Team-Player. Mit 21 Jahren Diensterfahrung bringt er viel Wissen und Einsatzerfahrung mit f\u00fcr seine neue Aufgabe. Gute Voraussetzungen also, um den Polizeiposten zuverl\u00e4ssig zu leiten und den B\u00fcrgerinnen und B\u00fcrgern ein kompetenter Ansprechpartner zu sein.<\/p>\n\n\n\n<p>Polizeihauptkommissar Alexander Pflug freut sich auf seine neuen Aufgaben als Postenleiter und zieht bisher eine positive Bilanz. Er lobt die bislang gute Zusammenarbeit mit den \u00f6rtlichen Instanzen. Als Ziel hat er sich weiterhin den guten und nahen B\u00fcrgerkontakt und eine enge Zusammenarbeit mit den \u00f6rtlichen Instanzen gesetzt.<\/p>\n","protected":false},"excerpt":{"rendered":"<div class=\"mh-excerpt\"><p>Polizeimeldungen vom Dienstag (16.04.2024) (Speyer) &#8211; Scheibe eingeschlagen und mehrere Sammelkarten gestohlen In der Nacht von Montag auf Dienstag, zwischen 22:00 und 02:17 Uhr, schlugen unbekannte T\u00e4ter die Schaufensterscheibe eines Gesch\u00e4fts in der Oberen Langgasse <a class=\"mh-excerpt-more\" href=\"https:\/\/speyer24news.com\/?p=59360\" title=\"Polizeimeldungen Dienstag (16.04.24)\">[&#8230;]<\/a><\/p>\n<\/div>","protected":false},"author":3,"featured_media":26162,"comment_status":"open","ping_status":"open","sticky":false,"template":"","format":"standard","meta":{"_monsterinsights_skip_tracking":false,"_monsterinsights_sitenote_active":false,"_monsterinsights_sitenote_note":"","_monsterinsights_sitenote_category":0,"footnotes":""},"categories":[15659],"tags":[7273,7243,7244,10926,13554,350,14537,15084,15267,14538,15361,702,61,2555,14113,6955,6986,6263,63,105,11150,6987,53,13540,16956,18099,17274,4683,14958,9154,17275,12967,102,13626,213,14325,14324,13553,13541,16955,2625,380],"aioseo_notices":[],"amp_enabled":true,"_links":{"self":[{"href":"https:\/\/speyer24news.com\/index.php?rest_route=\/wp\/v2\/posts\/59360"}],"collection":[{"href":"https:\/\/speyer24news.com\/index.php?rest_route=\/wp\/v2\/posts"}],"about":[{"href":"https:\/\/speyer24news.com\/index.php?rest_route=\/wp\/v2\/types\/post"}],"author":[{"embeddable":true,"href":"https:\/\/speyer24news.com\/index.php?rest_route=\/wp\/v2\/users\/3"}],"replies":[{"embeddable":true,"href":"https:\/\/speyer24news.com\/index.php?rest_route=%2Fwp%2Fv2%2Fcomments&post=59360"}],"version-history":[{"count":4,"href":"https:\/\/speyer24news.com\/index.php?rest_route=\/wp\/v2\/posts\/59360\/revisions"}],"predecessor-version":[{"id":59368,"href":"https:\/\/speyer24news.com\/index.php?rest_route=\/wp\/v2\/posts\/59360\/revisions\/59368"}],"wp:featuredmedia":[{"embeddable":true,"href":"https:\/\/speyer24news.com\/index.php?rest_route=\/wp\/v2\/media\/26162"}],"wp:attachment":[{"href":"https:\/\/speyer24news.com\/index.php?rest_route=%2Fwp%2Fv2%2Fmedia&parent=59360"}],"wp:term":[{"taxonomy":"category","embeddable":true,"href":"https:\/\/speyer24news.com\/index.php?rest_route=%2Fwp%2Fv2%2Fcategories&post=59360"},{"taxonomy":"post_tag","embeddable":true,"href":"https:\/\/speyer24news.com\/index.php?rest_route=%2Fwp%2Fv2%2Ftags&post=59360"}],"curies":[{"name":"wp","href":"https:\/\/api.w.org\/{rel}","templated":true}]}}