{"id":59389,"date":"2024-04-18T06:38:11","date_gmt":"2024-04-18T05:38:11","guid":{"rendered":"https:\/\/speyer24news.com\/?p=59389"},"modified":"2024-04-18T06:38:13","modified_gmt":"2024-04-18T05:38:13","slug":"kirche-109","status":"publish","type":"post","link":"https:\/\/speyer24news.com\/?p=59389","title":{"rendered":"Kirche"},"content":{"rendered":"<style type=\"text\/css\">\r\n\t.ads_top_disp{}\r\n\t.ads_top_corner_disp{ float:left; margin:0px 10px 10px 0px; }\r\n\t.ads_first_p_disp{}\r\n\t.ads_bottom_disp{}\r\n\t<\/style>\n<h2 class=\"wp-block-heading\">Neuerscheinung des Dombuchs \u201eDer Dom zu Speyer \u2013 Gebaut f\u00fcr Gott und Kaiser\u201c<\/h2>\n\n\n\n<h3 class=\"wp-block-heading\">Den Kaiserdom zu Speyer in seiner ganzen Gr\u00f6\u00dfe verstehen<\/h3>\n\n\n<div class=\"wp-block-image\">\n<figure class=\"aligncenter size-full\"><img decoding=\"async\" loading=\"lazy\" width=\"800\" height=\"602\" src=\"https:\/\/speyer24news.com\/wp-content\/uploads\/2024\/04\/ea1dc8ad-493e-4d57-abdd-8a3c2c962e3e.jpeg\" alt=\"\" class=\"wp-image-59391\" srcset=\"https:\/\/speyer24news.com\/wp-content\/uploads\/2024\/04\/ea1dc8ad-493e-4d57-abdd-8a3c2c962e3e.jpeg 800w, https:\/\/speyer24news.com\/wp-content\/uploads\/2024\/04\/ea1dc8ad-493e-4d57-abdd-8a3c2c962e3e-300x226.jpeg 300w, https:\/\/speyer24news.com\/wp-content\/uploads\/2024\/04\/ea1dc8ad-493e-4d57-abdd-8a3c2c962e3e-768x578.jpeg 768w, https:\/\/speyer24news.com\/wp-content\/uploads\/2024\/04\/ea1dc8ad-493e-4d57-abdd-8a3c2c962e3e-678x509.jpeg 678w, https:\/\/speyer24news.com\/wp-content\/uploads\/2024\/04\/ea1dc8ad-493e-4d57-abdd-8a3c2c962e3e-326x245.jpeg 326w, https:\/\/speyer24news.com\/wp-content\/uploads\/2024\/04\/ea1dc8ad-493e-4d57-abdd-8a3c2c962e3e-80x60.jpeg 80w\" sizes=\"(max-width: 800px) 100vw, 800px\" \/><figcaption class=\"wp-element-caption\">v.l.: Priester und Autor Peter Schappert, Friederike Walter Leiterin Kulturmanagement Domkapitel und Marco Fraleoni, Gesch\u00e4ftsf\u00fchrer von Peregrinus und Leiter des Pilgerverlag.<br><em>Foto: Speyer 24 NEWS<\/em><\/figcaption><\/figure><\/div>\n\n\n<p><strong>Speyer\u00a0<\/strong>\u2013 Mit der Neuerscheinung \u201eDer Dom zu Speyer \u2013 Gebaut f\u00fcr Gott und Kaiser\u201c komplettiert der Pilgerverlag wieder sein Verlagsprogramm. Die zwischenzeitlich vergriffene Vorausgabe mit gleichem Titel von Autor Peter Schappert gilt als wichtiges Einstiegs- und Standardwerk \u00fcber den Kaiserdom zu Speyer.<\/p>\n\n\n\n<h4 class=\"wp-block-heading\">Neuerscheinung wurde komplett \u00fcberarbeitet und neu bebildert<\/h4>\n\n\n\n<p>Die ab sofort erh\u00e4ltliche Neuerscheinung des \u201eDombuchs\u201c wurde grundlegend \u00fcberarbeitet und ebenfalls neu mit hochwertigen Architekturfotografien bebildert. Erg\u00e4nzend zum \u00fcberarbeiteten Vorwort wurden ein Kapitel \u00fcber den Kaisersaal, ein Domkalender mit den wichtigsten historischen Daten und Fakten sowie eine Kurzvorstellung des Autors hinzugef\u00fcgt.<\/p>\n\n\n\n<h4 class=\"wp-block-heading\">Besondere Reise durch die gr\u00f6\u00dfte erhaltene romanische Kirche Europas<\/h4>\n\n\n\n<p>Die zweisprachig in Deutsch und Englisch erschienene Neuerscheinung nimmt die Leser auf 128 Seiten mit auf eine besondere Reise durch die gr\u00f6\u00dfte erhaltene romanische Kirche Europas. Peter Schappert, der zehn Jahre als Domkustos f\u00fcr den Kirchenbau verantwortlich war und weiterhin als Priester hier t\u00e4tig ist, sagt: \u201eDer Dom wurde nach christlichen Glaubensgrunds\u00e4tzen konstruiert. Er erschlie\u00dft sich nur dann vollst\u00e4ndig, wenn man die Beziehungen zwischen Religion und Architektur nachvollziehbar und verst\u00e4ndlich macht!\u201c Um den Speyerer Dom in seiner ganzen Gr\u00f6\u00dfe erlebbar zu machen, ist es dem Autor wichtig, dass geistliche Inhalte sowie kirchengeschichtliche, historische, kunstgeschichtliche und bauhistorische Informationen sich zu einer \u2013 in dieser Form \u2013 einmalig umfassenden Gesamtschau vereinen.<\/p>\n\n\n\n<h4 class=\"wp-block-heading\">Schritt f\u00fcr Schritt mit dem Autor die Logik des Doms erkunden \u2026<\/h4>\n\n\n\n<p>Um das gro\u00dfe Ganze zu erfassen, folgt die Erkundungsreise Schritt f\u00fcr Schritt: Der Logik des Doms folgend, f\u00fchrt der Autor seine Leserschaft zun\u00e4chst in den drei Wegabschnitten \u2013 Westbau, Mittelschiff und Chorraum \u2013 durch die Kathedrale. Im Anschluss geht es hinunter zur Krypta und Grablege der Kaiser und K\u00f6nige und dann wieder hinauf in den \u00fcber der Vorhalle gelegenen Kaisersaal mit seinen monumentalen Fresken des 19. Jahrhunderts.<\/p>\n\n\n\n<h4 class=\"wp-block-heading\">Zusammenspiel von geistlicher und weltlicher Macht f\u00fcgt sich zum Gesamtbild<\/h4>\n\n\n\n<p>Durch die Darstellung der Baugeschichte im historischen Zusammenhang sowie im Zusammenspiel der geistlichen und weltlichen Macht f\u00fcgen sich die vielen Bedeutungen des UNESCO-Weltkulturerbes Dom zu Speyer zu einem harmonischen und verst\u00e4ndlichen Gesamtbild zusammen.<\/p>\n\n\n\n<h4 class=\"wp-block-heading\">Gut strukturierte Informationsaufbereitung liefert echten Mehrwert!<\/h4>\n\n\n\n<p>Friederike Walter, die als Kunsthistorikerin und Leiterin des Kulturmanagements beim Domkapitel gemeinsam mit den Lektoren des Pilgerverlags an der grundlegenden \u00dcberarbeitung mitgearbeitet hat, erkl\u00e4rt: \u201eDie Neuerscheinung ,Der Dom zu Speyer \u2013 Gebaut f\u00fcr Gott und Kaiser\u2018 sticht aus der Vielzahl der Publikationen zum Dom dadurch hervor, dass es die Leser im positiven Sinne an die Hand nimmt, durch den Kirchenbau f\u00fchrt und diesen so in seiner Gesamtheit erlebbar macht!\u201c<\/p>\n\n\n\n<p>Marco Fraleoni, Gesch\u00e4ftsf\u00fchrer von Peregrinus und Leiter des Pilgerverlags sagt: \u201eBei der \u00dcberarbeitung des Einstiegs- und Standardwerks \u00fcber eine der bedeutendsten Kirchen Europas haben wir besonderen Wert auf ein stimmiges Text- und Bildverh\u00e4ltnis sowie eine \u00fcbersichtliche Gestaltung gelegt. Das neu erg\u00e4nzte Kalendarium und Personenverzeichnis bietet mit seiner gut strukturierten Informationsaufbereitung einen echten Mehrwert.\u00a0Mein besonderer Dank geht an alle, die am Buchprojekt mitgearbeitet haben!\u201c<\/p>\n\n\n<div class=\"wp-block-image\">\n<figure class=\"aligncenter size-full\"><img decoding=\"async\" loading=\"lazy\" width=\"500\" height=\"673\" src=\"https:\/\/speyer24news.com\/wp-content\/uploads\/2024\/04\/Coverbild-Der-Dom-zu-Speyer-min.jpg\" alt=\"\" class=\"wp-image-59392\" srcset=\"https:\/\/speyer24news.com\/wp-content\/uploads\/2024\/04\/Coverbild-Der-Dom-zu-Speyer-min.jpg 500w, https:\/\/speyer24news.com\/wp-content\/uploads\/2024\/04\/Coverbild-Der-Dom-zu-Speyer-min-223x300.jpg 223w\" sizes=\"(max-width: 500px) 100vw, 500px\" \/><\/figure><\/div>\n\n\n<p>Die Neuerscheinung \u201eDer Dom zu Speyer \u2013 Gebaut f\u00fcr Gott und Kaiser\u201c erscheint zweisprachig in deutscher und englischer Sprache. Klappenbroschur im Format: 170 x 230 mm mit 128 Seiten und zahlreichen hochwertigen Fotografien. Die 1. Auflage 2024 (<strong>ISBN: 978-3-946777-32-8<\/strong>) ist ab sofort im Buchhandel und in der Dom-Info neben dem Kaiserdom erh\u00e4ltlich. Der Preis betr\u00e4gt 28,95 Euro.<\/p>\n\n\n\n<h3 class=\"wp-block-heading\">Zusatzinformationen:<\/h3>\n\n\n\n<h4 class=\"wp-block-heading\">Zum Autor<\/h4>\n\n\n\n<p>Peter Schappert wurde 1962 in Pirmasens geboren. Nach seinem Studium der Philosophie, der katholischen Theologie und des Kirchenrechts folgte 1992 die Priesterweihe im Speyerer Dom. Neben verschiedenen Stationen war Peter Schappert zehn Jahre als Domkustos verantwortlich f\u00fcr die Erhaltung des Doms als Kirche und Denkmal und die Erschlie\u00dfung des Bauwerks f\u00fcr seine Besucher.\u00a0<em>Die erste Ausgabe seines Buches \u201eDer Dom zu Speyer &#8211; Gebaut f\u00fcr Gott und Kaiser&#8220; ist 2012 erschienen.<\/em><\/p>\n\n\n\n<h4 class=\"wp-block-heading\">Zu Peregrinus und zum Pilgerverlag<\/h4>\n\n\n\n<p>Der Pilgerverlag ist Teil der Peregrinus GmbH mit Sitz in Speyer, in der die Bistumszeitung \u201eder pilger\u201c und viermal j\u00e4hrlich \u201eder pilger &#8211; Magazin f\u00fcr die Reise durchs Leben\u201c erscheinen. Als Dienstleister f\u00fcr Medien und Kommunikation umfasst die Peregrinus GmbH auch den Pilgerverlag.<\/p>\n\n\n\n<p>Aktuell werden hier B\u00fccher aus, f\u00fcr und \u00fcber die Region Pfalz und Saarpfalz sowie zum Thema Pilgern verlegt. Zum weiteren Verlagsprogramm z\u00e4hlen alle Ausgaben des Gebet- und Gesangbuchs \u201eGotteslob\u201c des Bistums Speyer, die B\u00fccher der Schriftenreihe des Di\u00f6zesan-Archiv Speyer und weitere B\u00fccher und Schriften aus den Themenbereichen Geschichte, Seelsorge, Theologie, die ebenfalls einen engen Bezug zum christlichen Leben im Bistum haben.<\/p>\n\n\n\n<h3 class=\"wp-block-heading\">Sehen Sie hier das Video zur Buchvorstellung sowie eine kleine Domf\u00fchrung durch Autor Peter Schappert: <\/h3>\n\n\n\n<figure class=\"wp-block-embed aligncenter is-type-video is-provider-youtube wp-block-embed-youtube wp-embed-aspect-16-9 wp-has-aspect-ratio\"><div class=\"wp-block-embed__wrapper\">\n<iframe loading=\"lazy\" title=\"Neuerscheinung des Dombuchs \u201eDer Dom zu Speyer \u2013 Gebaut f\u00fcr Gott und Kaiser\u201c\" width=\"500\" height=\"281\" src=\"https:\/\/www.youtube.com\/embed\/HwnzLa-fDMM?feature=oembed\" frameborder=\"0\" allow=\"accelerometer; autoplay; clipboard-write; encrypted-media; gyroscope; picture-in-picture; web-share\" referrerpolicy=\"strict-origin-when-cross-origin\" allowfullscreen><\/iframe>\n<\/div><\/figure>\n\n\n\n<p><em>Text: Peregrinus GmbH\/Pilgerverlag Foto &amp; Video: Speyer 24 NEWS<br>17.04.2024<\/em><\/p>\n","protected":false},"excerpt":{"rendered":"<div class=\"mh-excerpt\"><p>Neuerscheinung des Dombuchs \u201eDer Dom zu Speyer \u2013 Gebaut f\u00fcr Gott und Kaiser\u201c Den Kaiserdom zu Speyer in seiner ganzen Gr\u00f6\u00dfe verstehen Speyer\u00a0\u2013 Mit der Neuerscheinung \u201eDer Dom zu Speyer \u2013 Gebaut f\u00fcr Gott und <a class=\"mh-excerpt-more\" href=\"https:\/\/speyer24news.com\/?p=59389\" title=\"Kirche\">[&#8230;]<\/a><\/p>\n<\/div>","protected":false},"author":3,"featured_media":26096,"comment_status":"open","ping_status":"open","sticky":false,"template":"","format":"standard","meta":{"_monsterinsights_skip_tracking":false,"_monsterinsights_sitenote_active":false,"_monsterinsights_sitenote_note":"","_monsterinsights_sitenote_category":0,"footnotes":""},"categories":[120],"tags":[18179,275,18177,18178,18180,18174,18175,18176,11953,18181,18182,18184,18183,18170,18172,18171,18173,6,17456],"aioseo_notices":[],"amp_enabled":true,"_links":{"self":[{"href":"https:\/\/speyer24news.com\/index.php?rest_route=\/wp\/v2\/posts\/59389"}],"collection":[{"href":"https:\/\/speyer24news.com\/index.php?rest_route=\/wp\/v2\/posts"}],"about":[{"href":"https:\/\/speyer24news.com\/index.php?rest_route=\/wp\/v2\/types\/post"}],"author":[{"embeddable":true,"href":"https:\/\/speyer24news.com\/index.php?rest_route=\/wp\/v2\/users\/3"}],"replies":[{"embeddable":true,"href":"https:\/\/speyer24news.com\/index.php?rest_route=%2Fwp%2Fv2%2Fcomments&post=59389"}],"version-history":[{"count":1,"href":"https:\/\/speyer24news.com\/index.php?rest_route=\/wp\/v2\/posts\/59389\/revisions"}],"predecessor-version":[{"id":59393,"href":"https:\/\/speyer24news.com\/index.php?rest_route=\/wp\/v2\/posts\/59389\/revisions\/59393"}],"wp:featuredmedia":[{"embeddable":true,"href":"https:\/\/speyer24news.com\/index.php?rest_route=\/wp\/v2\/media\/26096"}],"wp:attachment":[{"href":"https:\/\/speyer24news.com\/index.php?rest_route=%2Fwp%2Fv2%2Fmedia&parent=59389"}],"wp:term":[{"taxonomy":"category","embeddable":true,"href":"https:\/\/speyer24news.com\/index.php?rest_route=%2Fwp%2Fv2%2Fcategories&post=59389"},{"taxonomy":"post_tag","embeddable":true,"href":"https:\/\/speyer24news.com\/index.php?rest_route=%2Fwp%2Fv2%2Ftags&post=59389"}],"curies":[{"name":"wp","href":"https:\/\/api.w.org\/{rel}","templated":true}]}}