{"id":59449,"date":"2024-05-02T14:55:24","date_gmt":"2024-05-02T13:55:24","guid":{"rendered":"https:\/\/speyer24news.com\/?p=59449"},"modified":"2024-05-02T15:46:33","modified_gmt":"2024-05-02T14:46:33","slug":"polizeimeldungen-der-kw-17-22-04-28-04-24","status":"publish","type":"post","link":"https:\/\/speyer24news.com\/?p=59449","title":{"rendered":"Polizeimeldungen der KW 17 (22.04. &#8211; 28.04.24)"},"content":{"rendered":"<style type=\"text\/css\">\r\n\t.ads_top_disp{}\r\n\t.ads_top_corner_disp{ float:left; margin:0px 10px 10px 0px; }\r\n\t.ads_first_p_disp{}\r\n\t.ads_bottom_disp{}\r\n\t<\/style>\n<h2 class=\"wp-block-heading\">Polizeimeldungen der Kalenderwoche 17 (22.04. &#8211; 28.04.2024)<\/h2>\n\n\n<div class=\"wp-block-image\">\n<figure class=\"aligncenter size-full\"><img decoding=\"async\" loading=\"lazy\" width=\"375\" height=\"500\" src=\"https:\/\/speyer24news.com\/wp-content\/uploads\/2022\/03\/Aktuelles-Polizeilogo.jpg\" alt=\"\" class=\"wp-image-43591\" srcset=\"https:\/\/speyer24news.com\/wp-content\/uploads\/2022\/03\/Aktuelles-Polizeilogo.jpg 375w, https:\/\/speyer24news.com\/wp-content\/uploads\/2022\/03\/Aktuelles-Polizeilogo-225x300.jpg 225w\" sizes=\"(max-width: 375px) 100vw, 375px\" \/><\/figure><\/div>\n\n\n<h2 class=\"wp-block-heading\">(Speyer) &#8211; Sachbesch\u00e4digungsserie an Fahrzeugen<\/h2>\n\n\n\n<p>Am Sonntag gegen 00:35 Uhr wurde hiesiger Dienststelle eine Person im Ziegelofenweg in Speyer gemeldet, welche mehrere Au\u00dfenspiegel abgeschlagen\/abgetreten habe. Vor Ort konnte der 19-J\u00e4hrige Beschuldigte durch die Beamten angetroffen werden. Der Beschuldigte hatte eine blutende Schnitt-\/Sch\u00fcrfwunde an seiner rechten Hand und wurde anschlie\u00dfend auf hiesige Dienststelle verbracht. Bislang konnten f\u00fcnf Fahrzeuge mit Sachbesch\u00e4digungen festgestellt werden.<\/p>\n\n\n\n<ul>\n<li><strong>Wer kann weitere Sachbesch\u00e4digungen oder sonstige sachdienliche Angaben machen? Die Polizei Speyer nimmt sachdienliche Hinweise telefonisch unter 06232 \/ 137-0 oder per E-Mail an&nbsp;<a href=\"mailto:%20pispeyer@polizei.rlp.de\">pispeyer@polizei.rlp.de<\/a>&nbsp;entgegen.<\/strong><\/li>\n<\/ul>\n\n\n\n<h2 class=\"wp-block-heading\">(Speyer) &#8211; Trunkenheit im Verkehr<\/h2>\n\n\n\n<p>Am Samstag gegen 23:45 Uhr befuhr ein 22-J\u00e4hriger Fahrradfahrer mit seinem Pedelec die Bahnhofstra\u00dfe auf H\u00f6he des Hauptbahnhofs Speyer. Aufgrund der einsetzenden Tretunterst\u00fctzung war es dem Fahrer nicht mehr m\u00f6glich einem Pfosten der \u00dcberbauung des Busbahnhofs auszuweichen. Der Fahrradfahrer kollidierte ohne Helm mit dem Kopf voran mit besagtem Pfosten. Zeugen informierten die Beamten vor Ort, dass der Fahrer Alkohol sowie Bet\u00e4ubungsmittel vor dem Fahrtantritt konsumiert habe. Ein vor Ort durchgef\u00fchrter freiwilliger Atemalkoholtest ergab einen Wert von 0,89 Promille. Anschlie\u00dfend wurde der Beschuldigte ins Krankenhaus, zwecks weiterer Abkl\u00e4rung verbracht.<\/p>\n\n\n\n<h2 class=\"wp-block-heading\">(Speyer) &#8211; Alleinunfall B39<\/h2>\n\n\n\n<p>Am fr\u00fchen Samstagmorgen um 04:55 Uhr ereignete sich ein Verkehrsunfall auf der B39 in Fahrtrichtung Ludwigshafen. Der Fahrzeugf\u00fchrer eines Fiats kam aus bislang ungekl\u00e4rter Ursache von der Fahrbahn nach rechts \u00fcber die Leitplanke ab und landete auf der rechten Fahrzeugseite, wo sich sein Beifahrer befand. Durch den Aufprall zogen sich die Fahrzeuginsassen eine Kopfwunde zu und wurden in ein Krankenhaus verbracht. Da sich beide M\u00e4nner der Fahrereigenschaft gegenseitig bezichtigen und bei beiden Personen der Verdacht des Alkohol- und Bet\u00e4ubungsmittelkonsums bestand, wurde eine Blutprobe entnommen. Der PKW erlitt einen wirtschaftlichen Totalschaden und wurde von einem Abschleppunternehmen abgeschleppt. Die Fahrbahn musste aufgrund auslaufender Betriebsstoffe f\u00fcr mehrere Stunden gesperrt werden. Die genaue Unfallursache ist Gegenstand der weiteren Ermittlungen.<\/p>\n\n\n\n<ul>\n<li><strong>Ersthelfer oder m\u00f6gliche Zeugen des Unfalls werden gebeten, sich mit der Polizei Speyer unter der 06232 1370 oder per E-Mail an&nbsp;<a href=\"mailto:%20pispeyer@polizei.rlp.de\">pispeyer@polizei.rlp.de<\/a>&nbsp;in Verbindung zu setzen.<\/strong><\/li>\n<\/ul>\n\n\n\n<h2 class=\"wp-block-heading\">(Speyer) &#8211; Ladendiebstahl<\/h2>\n\n\n\n<p>Am Freitagabend gegen 20:00 Uhr kam es in einem Supermarkt in der Auestra\u00dfe zu einem Ladendiebstahl. Zwei M\u00e4nner im Alter von 45 und 43 Jahren wurden von einem Ladendetektiv dabei beobachtet, wie sie mehrere Artikel aus den Regalen des Supermarktes entnahmen und diese in ihre Jacken- und Hosentaschen steckten. Die Beschuldigten wurden anschlie\u00dfend von den Polizeibeamten auf die Dienststelle verbracht und dort erkennungsdienstlich behandelt. Im Anschluss wurden die M\u00e4nner wieder entlassen. Beide erwartet nun ein Strafverfahren.<\/p>\n\n\n\n<h2 class=\"wp-block-heading\">(Speyer) &#8211; Auffahrunfall in der Schifferstadter Stra\u00dfe<\/h2>\n\n\n\n<p>Am Donnerstag gegen 20:30 Uhr befuhr eine 23-j\u00e4hrige PKW-Fahrerin die Schifferstadter Stra\u00dfe ortsausw\u00e4rts und musste aufgrund stockenden Verkehrs anhalten. Der hinter ihr fahrende 55-j\u00e4hrige PKW-Fahrer bemerkte das Bremsman\u00f6ver nicht rechtzeitig und fuhr auf das Heck der 23-J\u00e4hrigen auf. Hierdurch trug die 23-J\u00e4hrige Kopfschmerzen davon, lehnte eine \u00e4rztliche Versorgung jedoch ab. Der Gesamtschaden liegt bei ca. 3.000 Euro.<\/p>\n\n\n\n<h2 class=\"wp-block-heading\">(Speyer) &#8211; Radfahrer in der Johannesstra\u00dfe \u00fcbersehen, Verkehrsunfall mit Personenschaden<\/h2>\n\n\n\n<p>Am Donnerstag gegen 17:25 Uhr befuhr ein 33-j\u00e4hriger PKW-Fahrer die Gro\u00dfe Greifengasse und bog nach links in die Johannesstra\u00dfe ein. Hierbei \u00fcbersah er einen von links kommenden und bevorrechtigten 10-j\u00e4hrigen Radfahrer, sodass es zum Zusammensto\u00df kam. Der 10-J\u00e4hrige zog sich leichte Verletzungen am linken Bein zu und wurde durch den Rettungsdienst versorgt. Die Eltern des Kindes erschienen an der Unfallstelle und k\u00fcmmerten sich um sein Rad. Der Gesamtschaden liegt bei ca. 1.000 Euro.<\/p>\n\n\n\n<h2 class=\"wp-block-heading\">(Speyer) &#8211; Diebstahl eines Geldbeutels in Kleidergesch\u00e4ft<\/h2>\n\n\n\n<p>Am Donnerstag gegen 10:05 Uhr bezahlte eine 61-J\u00e4hrige ihre Eink\u00e4ufe in einem Kleidergesch\u00e4ft auf der Maximilianstra\u00dfe. Bei Verlassen des Gesch\u00e4fts bemerkte sie das Fehlen ihres Geldbeutels, ohne dass sie verd\u00e4chtige Personen beschreiben oder den exakten Moment des Diebstahls benennen konnte. Unter W\u00fcrdigung der Gesamtumst\u00e4nde geht die Polizei von einem Diebstahl aus. Es handelt sich beim Diebesgut um einen pinken, l\u00e4nglichen Geldbeutel. In diesem befanden sich pers\u00f6nliche Dokumente und Debit-\/Kreditkarten sowie ein dreistelliger Bargeldbetrag.<\/p>\n\n\n\n<ul>\n<li><strong>Wer hat m\u00f6glicherweise Teile des Diebesguts gefunden oder kann sonstige sachdienliche Angaben machen? Die Polizei Speyer nimmt sachdienliche Hinweise telefonisch unter 06232 \/ 137-0 oder per E-Mail an&nbsp;<a href=\"mailto:%20pispeyer@polizei.rlp.de\">pispeyer@polizei.rlp.de<\/a>&nbsp;entgegen.<\/strong><\/li>\n<\/ul>\n\n\n\n<h2 class=\"wp-block-heading\">(Speyer) &#8211; Alleinunfall eines jungen Leichtkraftradfahrers in der Stockholmer Stra\u00dfe<\/h2>\n\n\n\n<p>Am Dienstag gegen 17 Uhr befuhr ein 17-j\u00e4hriger Leichtkraftradfahrer aus der S\u00fcdpfalz die Stockholmer Stra\u00dfe, von der Industriestra\u00dfe kommend, in Richtung der Stra\u00dfe Am Neuen Rheinhafen. In einer Linkskurve touchierte er mit den R\u00e4dern die Bordsteinkante und kam hierdurch zu Fall. Der Rettungsdienst verbrachte ihn mit dem Verdacht einer Fraktur in ein Krankenhaus und Familienangeh\u00f6rige transportierten sein Leichtkraftrad ab. Die H\u00f6he des Sachschadens ist unbekannt.<\/p>\n\n\n\n<h2 class=\"wp-block-heading\">(Speyer) &#8211; Vorfahrtsverzicht f\u00fcr Nachfolgenden nicht erkennbar, Quad-Fahrer verletzt<\/h2>\n\n\n\n<p>Am Dienstag gegen 16:20 Uhr befuhr ein 64-j\u00e4hriger PKW-Fahrer die Auestra\u00dfe in Richtung der Wormser Landstra\u00dfe und lie\u00df unter Verzicht auf das f\u00fcr ihn beschilderte Vorfahrtsrecht einen 29-j\u00e4hrigen PKW-Fahrer gew\u00e4hren, der aus der Einm\u00fcndung Im Neudeck nach links auf die Auestra\u00dfe einfuhr. Ein hinter dem 64-J\u00e4hrigen ankommender 59-j\u00e4hriger Fahrer eines Quad-Bikes sch\u00e4tzte die Situation falsch ein und fuhr an dem wartenden 64-J\u00e4hrigen links vorbei. Hierbei kollidierte das Quad mit dem gerade links abbiegenden PKW des 29-J\u00e4hrigen, wurde herumgeschleudert und kollidierte mit einer Fahrzeugfelge des 64-J\u00e4hrigen. Beim Zusammensto\u00df verletzte sich der 59-J\u00e4hrige leicht. Der Rettungsdienst verbrachte ihn in ein Krankenhaus. Der Gesamtschaden an allen drei Fahrzeugen liegt bei ca. 7.000 Euro.<\/p>\n\n\n\n<h2 class=\"wp-block-heading\">(Speyer) &#8211; Auffahrunfall an Ampelkreuzung<\/h2>\n\n\n\n<p>Am Dienstag gegen 13 Uhr befuhr eine 36-j\u00e4hrige PKW-Fahrerin die Kurt-Schumacher-Stra\u00dfe in Richtung Landwehrstra\u00dfe und bog nach rechts in die Iggelheimer Stra\u00dfe ein. Hierbei musste sie aufgrund eines querenden Fu\u00dfg\u00e4ngers bremsen. Eine hinter ihr fahrende 35-j\u00e4hrige PKW-Fahrerin bemerkte das Bremsman\u00f6ver zu sp\u00e4t und fuhr der 36-J\u00e4hrigen auf. Hierauf versp\u00fcrte die 36-J\u00e4hrige R\u00fcckenschmerzen. Die Hinzuziehung des Rettungsdienstes war nicht erforderlich. Es entstand ein Gesamtschaden von ca. 3.500 Euro.<\/p>\n\n\n\n<h2 class=\"wp-block-heading\">(Speyer) &#8211; Geschwindigkeitsmessung und Kontrollen am Dienstag<\/h2>\n\n\n\n<p>Am Dienstag zwischen 10 Uhr und 12 Uhr f\u00fchrten Polizeibeamte eine Geschwindigkeitsmessung in der Burgstra\u00dfe durch. Hierbei wurden 70 Fahrzeuge gemessen. F\u00fcnf Fahrzeuge waren hiervon zu schnell unterwegs, der Spitzenreiter wurde mit 48 km\/h gemessen.<\/p>\n\n\n\n<p>Zwischen 12:20 Uhr und 13:20 Uhr f\u00fchrten die Beamten Verkehrskontrollen am Mitfahrerparkplatz in der Schifferstadter Stra\u00dfe durch. Hierbei kontrollierten sie zw\u00f6lf Fahrzeuge und ahndeten zwei Verst\u00f6\u00dfe gegen die Gurtpflicht.<\/p>\n\n\n\n<h2 class=\"wp-block-heading\">(Speyer) &#8211; Einbruch in Bauwagen<\/h2>\n\n\n\n<p>Zwischen Montag, 17:30 Uhr, und Dienstag, 06:40 Uhr, hebelten unbekannte T\u00e4ter einen Bauwagen am Angelhof unterhalb des Br\u00fcckenpfeilers der A61 auf und entwendeten hieraus eine Fleecejacke, ein Paar Stahlkappenschuhe der Marke Hiked, sowie eine Stirnlampe. Der Gesamtschaden liegt bei ca. 700 Euro.<\/p>\n\n\n\n<ul>\n<li><strong>Wer hat verd\u00e4chtige Personen oder Fahrzeuge im Bereich des Tatortes festgestellt? Die Polizei Speyer nimmt sachdienliche Hinweise telefonisch unter 06232 \/ 137-0 oder per E-Mail an&nbsp;<a href=\"mailto:%20pispeyer@polizei.rlp.de\">pispeyer@polizei.rlp.de<\/a>&nbsp;entgegen.<\/strong><\/li>\n<\/ul>\n\n\n\n<h2 class=\"wp-block-heading\">(Speyer) &#8211; Versuchter Einbruch in Mehrfamilienhaus<\/h2>\n\n\n\n<p>Zwischen dem 20.04.2024, 14 Uhr, und dem 22.04.2024, 20 Uhr, hebelten unbekannte T\u00e4ter mehrfach an der Wohnungst\u00fcr im Inneren eines Mehrfamilienhauses in der Lauergasse und verursachten hierbei 200 Euro Schaden. Wie die T\u00e4ter zuvor in das Haus eindrangen, ist nicht bekannt. Ihnen gelang es nicht, in die Wohnung einzudringen. Folglich zogen sie ohne Beute davon.<\/p>\n\n\n\n<p><strong>Wer hat verd\u00e4chtige Personen oder Fahrzeuge im Bereich des Tatortes festgestellt? Die Polizei Speyer nimmt sachdienliche Hinweise telefonisch unter 06232 \/ 137-0 oder per E-Mail an&nbsp;<a href=\"mailto:%20pispeyer@polizei.rlp.de\">pispeyer@polizei.rlp.de<\/a>&nbsp;entgegen.<\/strong><\/p>\n\n\n\n<h2 class=\"wp-block-heading\">(Speyer) &#8211; Mutma\u00dflichen Fahrraddieb in flagranti ertappt, hochwertiges E-Bike sichergestellt<a href=\"https:\/\/www.facebook.com\/sharer.php?u=https%3A%2F%2Fwww.presseportal.de%2Fblaulicht%2Fpm%2F117688%2F5763907%2F%3Futm_source%3Dfacebook%26utm_medium%3Dsocial\"><\/a><a href=\"https:\/\/twitter.com\/intent\/tweet?text=POL-PDLU%3A%20Speyer%20-%20Mutma%C3%9Flichen%20Fahrraddieb%20in%20flagranti%20ertappt%2C%20hochwertiges%20E-Bike%20sichergestellt&amp;url=https%3A%2F%2Fwww.presseportal.de%2Fblaulicht%2Fpm%2F117688%2F5763907%2F%3Futm_source%3Dtwitter%26utm_medium%3Dsocial&amp;hashtags=ots&amp;lang=de\"><\/a><a href=\"https:\/\/web.whatsapp.com\/send?text=POL-PDLU%3A%20Speyer%20-%20Mutma%C3%9Flichen%20Fahrraddieb%20in%20flagranti%20ertappt%2C%20hochwertiges%20E-Bike%20sichergestellt%0A%0Ahttps%3A%2F%2Fwww.presseportal.de%2Fblaulicht%2Fpm%2F117688%2F5763907%2F%3Futm_source%3Dwhatsapp%26utm_medium%3Dsocial\"><\/a><a href=\"https:\/\/www.xing.com\/app\/user?op=share;url=https%3A%2F%2Fwww.presseportal.de%2Fblaulicht%2Fpm%2F117688%2F5763907%2F%3Futm_source%3Dxing%26utm_medium%3Dsocial\"><\/a><a href=\"http:\/\/www.linkedin.com\/shareArticle?mini=true&amp;url=https%3A%2F%2Fwww.presseportal.de%2Fblaulicht%2Fpm%2F117688%2F5763907%2F%3Futm_source%3Dlinkedin%26utm_medium%3Dsocial&amp;title=POL-PDLU%3A+Speyer+-+Mutma%C3%9Flichen+Fahrraddieb+in+flagranti+ertappt%2C+hochwertiges+E-Bike+sichergestellt\"><\/a><a href=\"mailto:?subject=POL-PDLU%3A%20Speyer%20-%20Mutma%C3%9Flichen%20Fahrraddieb%20in%20flagranti%20ertappt%2C%20hochwertiges%20E-Bike%20sichergestellt&amp;body=https:\/\/www.presseportal.de\/blaulicht\/pm\/117688\/5763907\"><\/a><\/h2>\n\n\n<div class=\"wp-block-image\">\n<figure class=\"aligncenter\"><a href=\"https:\/\/cache.pressmailing.net\/thumbnail\/story_hires\/3c6fcd35-8100-4ed1-b9cb-8b121823a6bd\/sichergestelltes%20Fahrrrad%20Cube.jpg.jpg\"><img decoding=\"async\" src=\"https:\/\/cache.pressmailing.net\/thumbnail\/story_big\/3c6fcd35-8100-4ed1-b9cb-8b121823a6bd\/pol-pdlu-speyer-mutma-lichen-fahrraddieb-in-flagranti-ertappt-hochwertiges-e-bike-sichergestellt\" alt=\"POL-PDLU: Speyer - Mutma\u00dflichen Fahrraddieb in flagranti ertappt, hochwertiges E-Bike sichergestellt\"\/><\/a><\/figure><\/div>\n\n\n<p>Am Montag gegen 17:35 Uhr meldeten Zeugen der Polizei verd\u00e4chtige Personen, welche ein abgeschlossenes, hochwertiges Pedelec in eine Tiefgarage in der Remlingstra\u00dfe tragen. Die Polizeistreife erwischte vor Ort einen 19-J\u00e4hrigen beim Verlassen der Tiefgarage mit einem Winkelschleifer und stellten das beschriebene Pedelec sicher. Der 19-J\u00e4hrige machte den Beamten gegen\u00fcber widerspr\u00fcchliche Angaben. Erste Ermittlungen ergaben einen Tatverdacht gegen einen 34-j\u00e4hrigen, weiteren Mann. Beide erwartet ein Strafverfahren. Die Polizei sucht die Eigent\u00fcmerin oder den Eigent\u00fcmer des sichergestellten schwarzen Pedelec der Marke Cube (siehe Foto) im Wert von ca. ca. 4.000 Euro. Es hat orange Elemente und Mountainbike-Reifen und kann gegen Eigentumsnachweis ausgeh\u00e4ndigt werden.<\/p>\n\n\n\n<h2 class=\"wp-block-heading\">(Speyer) &#8211; Betrunkener Fahrer am hellichten Tag<\/h2>\n\n\n\n<p>Am Montag gegen 16:15 Uhr fiel ein 54-J\u00e4hriger Zeugen in einem Gesch\u00e4ft in der Auestra\u00dfe auf, da er nach Alkohol roch. Die Zeugen bef\u00fcrchteten, dass der 54-J\u00e4hrige in diesem Zustand mit seinem PKW fahren w\u00fcrde und verst\u00e4ndigten daher die Polizei. Die Beamten stellten den 54-J\u00e4hrigen in der N\u00e4he seines PKW in der Auestra\u00dfe fest und best\u00e4tigten die Wahrnehmung der Zeugen. Der 54-J\u00e4hrige zeigte alkoholbedingte Ausfallerscheinungen und machte keinen Hehl daraus, dass er nach der Arbeit exotische Cocktailgetr\u00e4nke zu sich genommen hatte, bevor er zu dem Gesch\u00e4ft gefahren sei. Als n\u00e4chstes beabsichtige er, seinen PKW zu waschen. Ein Atemalkoholtest ergab bei ihm einen Wert von 1,01 Promille. Mehrere weitere Atemalkoholtests zeigten einen aufsteigenden Wert auf letztlich 1,16 Promille. Die Beamten veranlassten die Entnahme einer Blutprobe bei dem 54-J\u00e4hrigen, untersagten ihm die Weiterfahrt und stellten seinen F\u00fchrerschein sowie die Fahrzeugschl\u00fcssel sicher. Ihn erwartet ein Strafverfahren wegen Trunkenheit im Verkehr.<\/p>\n\n\n\n<h2 class=\"wp-block-heading\">(Speyer) &#8211; Vorfahrt nicht gew\u00e4hrt, Verkehrsunfall mit Personenschaden verursacht<\/h2>\n\n\n\n<p>Am Montag gegen 16:05 Uhr befuhr ein 61-j\u00e4hriger PKW-Fahrer die Karl-Spindler-Stra\u00dfe und ordnete sich zum Linksabbiegen in die Friedrich-Ebert-Stra\u00dfe ein. Eine 31-j\u00e4hrige PKW-Fahrerin befuhr zeitgleich die Friedrich-Ebert-Stra\u00dfe in Richtung der Theodor-Heuss-Stra\u00dfe. Trotz des Verkehrszeichens &#8222;Vorfahrt gew\u00e4hren&#8220; \u00fcbersah der 61-J\u00e4hrige den bevorrechtigten PKW der 31-J\u00e4hrigen und bog nach links auf die Friedrich-Ebert-Stra\u00dfe ab, wobei beide PKW kollidierten. Hierdurch erlitt der Beifahrer der 31-J\u00e4hrigen eine Gehirnersch\u00fctterung. Der Rettungsdienst verbrachte ihn in ein Krankenhaus. An den beiden PKW entstand ein Gesamtschaden in H\u00f6he von ca. 8.000 Euro. Der PKW der 31-J\u00e4hrigen war nicht mehr fahrbereit und musste abgeschleppt werden.<\/p>\n\n\n\n<h2 class=\"wp-block-heading\">(Speyer) &#8211; Omnibus entfernt sich unerlaubt vom Unfallort<\/h2>\n\n\n\n<p>Am Montag gegen 14:08 Uhr befuhr eine 49-j\u00e4hrige PKW-Fahrerin hinter einem Omnibus die Ludwigstra\u00dfe in Richtung der Schraudolphstra\u00dfe. An der Ampelkreuzung zur Hilgardstra\u00dfe musste der Omnibus ein St\u00fcck zur\u00fccksetzen, um nach rechts in die Hilgardstra\u00dfe einbiegen zu k\u00f6nnen. Hierbei hupte die 49-j\u00e4hrige PKW-Fahrerin, da sie einen Zusammensto\u00df bef\u00fcrchtete. Trotzdem stie\u00df der Omnibus mit dem Heck gegen die Fahrzeugfront der 49-J\u00e4hrigen und verursachte an deren PKW einen Sachschaden in H\u00f6he von ca. 1.500 Euro. Anschlie\u00dfend entfernte sich der Omnibus unerlaubt vom Unfallort. Es handelte sich bei diesem um einen vollbesetzten wei\u00dfen Gelenkbus, mutma\u00dflich einen Linienbus. <\/p>\n\n\n\n<ul>\n<li><strong>Der Fahrer wird beschrieben als europ\u00e4ischer Ph\u00e4notyp von schlanker Statur mit kurzen dunklen Haaren im Alter von ca. Ende 40.<\/strong><\/li>\n<\/ul>\n\n\n\n<ul>\n<li><strong>Wer kann sachdienliche Hinweise zum Unfallfahrzeug oder dem Fahrer geben? Die Polizei Speyer nimmt diese telefonisch unter 06232 \/ 137-0 oder per E-Mail an&nbsp;<a href=\"mailto:%20pispeyer@polizei.rlp.de\">pispeyer@polizei.rlp.de<\/a>&nbsp;entgegen.<\/strong><\/li>\n<\/ul>\n\n\n\n<h2 class=\"wp-block-heading\">(Speyer) &#8211; PKW im Bereich der Natostra\u00dfe aufgebrochen<\/h2>\n\n\n\n<p>Am Montag gegen 8:40 Uhr parkte eine Frau ihren PKW auf einem Waldparkplatz im Bereich der NATO-Stra\u00dfe in Speyer und ging mit ihrem Hund in den Wald. Als sie gegen 9:50 Uhr zur\u00fcckkam, stellte sie fest, dass unbekannte T\u00e4ter eine Fensterscheibe aufgehebelt und den Rucksack der Gesch\u00e4digten aus dem PKW entwendet hatten. In diesem hatten sich der Geldbeutel samt pers\u00f6nlicher Dokumente, ein Iphone XS Max, sowie ein niedriger zweistelliger Bargeldbetrag befunden. Der Gesamtschaden liegt bei ca. 600 Euro.<\/p>\n\n\n\n<ul>\n<li><strong>Wer hat verd\u00e4chtige Personen oder Fahrzeuge beobachtet oder kann sachdienliche Hinweise geben? Die Polizei Speyer nimmt diese telefonisch unter 06232 \/ 137-0 oder per E-Mail an&nbsp;<a href=\"mailto:%20pispeyer@polizei.rlp.de\">pispeyer@polizei.rlp.de<\/a>&nbsp;entgegen.<\/strong><\/li>\n<\/ul>\n\n\n\n<h2 class=\"wp-block-heading\">(Schifferstadt) &#8211; Kinder auf E-Scooter ohne Versicherungsschutz unterwegs<\/h2>\n\n\n\n<p>Am Samstag, den 27.04. gegen 19:00 Uhr, fielen den Beamten der Polizeiinspektion Schifferstadt zwei Kinder auf sog. E-Scootern auf, die den Waldspitzweg mit ihren Rollern befuhren. Bei den sog. E-Scootern handelt es sich um Roller mit Elektroantrieb und einer bauartbedingten H\u00f6chstgeschwindigkeit von 20km\/h, welche im \u00f6ffentlichen Verkehrsraum ab 14 Jahren gefahren werden d\u00fcrfen, sofern sie den technischen Vorschriften entsprechen. Diese Fahrzeuge unterliegen in Deutschland der Versicherungspflicht. Diese muss durch ein angebrachtes, aktuelles Versicherungskennzeichen nachgewiesen werden. Bei der Kontrolle der beiden Jungen im Alter von 12 und 14 Jahren konnten die Beamten kein solches Versicherungskennzeichen feststellen. Eine \u00dcberpr\u00fcfung der Fahrzeuge ergab, dass beide E-Scooter nicht versichert waren. Den Kindern wurde die Weiterfahrt untersagt, sie wurden zur Dienststelle verbracht, wo sie durch den Vater abgeholt wurden. Gegen die beiden jungen Fahrer und den Vater wurden jeweils Strafverfahren wegen Versto\u00dfes gegen das Pflichtversicherungsgesetz eingeleitet.<\/p>\n\n\n\n<ul>\n<li><strong>Die Polizei weist darauf hin, dass das Inbetriebnehmen der noch recht neuartigen Fahrzeuge im Stra\u00dfenverkehr nur mit einer bestehenden Haftpflichtversicherung und entsprechendem Versicherungskennzeichen erlaubt ist. Das Fahren ohne eine solche Versicherung stellt eine Straftat dar und kann im Falle eines Unfalls zu erheblichen, zivilrechtlichen Forderungen gegen den Unfallverursacher f\u00fchren. Des Weiteren d\u00fcrfen diese Fahrzeuge erst ab 14 Jahren genutzt werden.<\/strong><\/li>\n<\/ul>\n\n\n\n<h2 class=\"wp-block-heading\">(Schifferstadt) &#8211; Alkoholisiertes Radfahrer P\u00e4rchen gest\u00fcrzt<\/h2>\n\n\n\n<p>Am Freitagabend, den 26.04., wurden der Polizeiinspektion Schifferstadt gegen 21:30 Uhr zwei Fahrradfahrer, ein Mann und eine Frau, in der Waldseer Stra\u00dfe gemeldet, die eine stark unsichere Fahrweise an den Tag legen w\u00fcrden. Die Frau sei mit ihrem Fahrrad sogar gest\u00fcrzt, der Anrufer vermutete, dass beide Personen alkoholisiert seien. Als die Beamten vor Ort eintrafen, stellten sie das alkoholisierte P\u00e4rchen fest. Der 40-j\u00e4hrige Mann aus Schifferstadt wies einen Atemalkoholwert von 2,35 Promille auf. Bei der 35-j\u00e4hrigen Frau, welche sich durch den Sturz leicht am Bein verletzte, wurden 2,16 Promille gemessen. Die Frau wurde auf Grund ihrer Verletzungen durch den Rettungsdienst in ein nahegelegenes Krankenhaus verbracht. Beiden Personen wurde eine Blutprobe entnommen. Sie erwartet nun ein Strafverfahren wegen Trunkenheit im Verkehr. Des Weiteren wurde die F\u00fchrerscheinstelle \u00fcber den Vorfall in Kenntnis gesetzt.<\/p>\n\n\n\n<h2 class=\"wp-block-heading\">(Schifferstadt) &#8211; Erfolgreiche Verkehrskontrollen<\/h2>\n\n\n\n<p>Am Mittwoch f\u00fchrten Beamte der Polizei Schifferstadt gemeinsam mit der Bereitschaftspolizei Verkehrskontrollen im Stadtgebiet durch. Hierbei f\u00fchrte ein 28-j\u00e4hriger eine PKW-Anh\u00e4ngerkombination ohne die hierf\u00fcr erforderliche Fahrerlaubnis zu besitzen. Es wurde ein Strafverfahren gegen den 28-j\u00e4hrigen eingeleitet. Zudem f\u00fchrten zwei Jugendliche E-Scooter mit ung\u00fcltigen Versicherungskennzeichen und machten sich strafbar. In diesem Zusammenhang gilt anzumerken, dass das aktuell g\u00fcltige Versicherungskennzeichen die Farbe Blau hat. Es mussten auch mehrere Ordnungswidrigkeitenverfahren aufgrund verbotswidriger Mobiltelefonnutzung beim F\u00fchren von Fahrzeugen, nicht angelegter Sicherheitsgurte, sowie nicht mitgef\u00fchrter Dokumente eingeleitet werden.<\/p>\n\n\n\n<h2 class=\"wp-block-heading\">(Schifferstadt) &#8211; Versuchter Betrug scheitert<\/h2>\n\n\n\n<p>Am 22.04.2024 gegen 12 Uhr erhielt eine 59-J\u00e4hrige einen sog. Schockanruf von mehreren Personen, welche sich unter anderem als ihr Sohn sowie als Polizeibeamte ausgaben. Angeblich sei der Sohn der angerufenen Frau in einen schweren Verkehrsunfall verwickelt gewesen und es m\u00fcsse eine Kaution von 68000 Euro gezahlt werden. Nachdem der 59-J\u00e4hrigen die Geschichte seltsam vorkam, beendete sie das Telefonat und informierte die Polizei. Ein Schaden ist nicht entstanden.<\/p>\n\n\n\n<h4 class=\"wp-block-heading\">Die Polizei r\u00e4t zu folgenden Verhaltenshinweisen<\/h4>\n\n\n\n<ul>\n<li><strong>Beachten Sie, dass die Polizei Sie nie unter der 110 kontaktiert.<\/strong><\/li>\n\n\n\n<li><strong>Wenn Sie im Gespr\u00e4ch aufgefordert werden unter Verwendung der R\u00fcckruftaste die 110 zu w\u00e4hlen, legen Sie auf und w\u00e4hlen Sie die Nummer selbst.<\/strong><\/li>\n\n\n\n<li><strong>Wenn Sie eine solcher Anruf erreicht, legen Sie einfach den H\u00f6rer auf.<\/strong><\/li>\n\n\n\n<li><strong>Geben Sie keine pers\u00f6nlichen Daten wie Name, Geburtsdatum, Bankverbindungen, Verm\u00f6gensverh\u00e4ltnisse an fremde Personen heraus.<\/strong><\/li>\n\n\n\n<li><strong>Die Polizei schickt keine Zivilkr\u00e4fte, um Geld oder Wertsachen abzuholen und vorsorglich in Verwahrung zu nehmen.<\/strong><\/li>\n\n\n\n<li><strong>Lassen Sie Ihre Telefonnummer aus den Telefonverzeichnissen l\u00f6schen.<\/strong><\/li>\n\n\n\n<li><strong>Bringen Sie den Anruf bei der n\u00e4chsten Polizeidienststelle oder per Onlinewache zur Anzeige.<\/strong><\/li>\n<\/ul>\n\n\n\n<h2 class=\"wp-block-heading\">(Limburgerhof) &#8211; Bei Verkehrsunfall leicht verletzt<\/h2>\n\n\n\n<p>Am Dienstagmittag \u00fcberquerte ein 16-j\u00e4hriger Fahrradfahrer vom Gehweg aus die Mainzer Stra\u00dfe in Richtung des gegen\u00fcberliegenden Radweges. Hierbei \u00fcbersah er den PKW einer 41-J\u00e4hrigen im Flie\u00dfverkehr, sodass der Radfahrer gegen die Motorhaube stie\u00df. Beim anschlie\u00dfenden Sturz wurde der 16-J\u00e4hrige leicht verletzt und kam anschlie\u00dfend in ein Krankenhaus. An PKW und Fahrrad entstand ein Sachschaden von ca. 5100 Euro.<\/p>\n\n\n\n<h2 class=\"wp-block-heading\">(Dannstadt-Schauernheim) &#8211; PKW Fahrer ohne F\u00fchrerschein und ohne Versicherung unterwegs<\/h2>\n\n\n\n<p>Am sp\u00e4ten Samstagabend, 27.04. gegen 23:50 Uhr kontrollierten die Beamten der Polizeiinspektion Schifferstadt einen PKW, welcher die L454 in Richtung Dannstadt befuhr. Bei einer n\u00e4heren \u00dcberpr\u00fcfung von Fahrer und Fahrzeug stellten die Beamten fest, dass gegen den 28-j\u00e4hrigen Mann aus Dannstadt bereits seit Mitte letzten Jahres ein rechtskr\u00e4ftiges Fahrverbot besteht, welches der Fahrer noch nicht angetreten hat. Zudem war der PKW von der zust\u00e4ndigen Zulassungsstelle zur Zwangsstillegung ausgeschrieben, da keine g\u00fcltige Haftpflichtversicherung mehr bestand. Dem Fahrer wurde die Weiterfahrt untersagt. Der PKW wurde vor Ort durch die Beamten stillgelegt, indem die Zulassungsstempel von den Kennzeichen entfernt wurden. Anschlie\u00dfend wurden Kennzeichen und der F\u00fchrerschein des Mannes sichergestellt und entsprechende Strafverfahren wegen Fahren ohne Fahrerlaubnis und Versto\u00df gegen das Pflichtversicherungsgesetz eingeleitet. Der F\u00fchrerschein wird nun der zust\u00e4ndigen F\u00fchrerscheinstelle f\u00fcr die Dauer des Fahrverbotes zur Verwahrung \u00fcbersandt.<\/p>\n\n\n\n<h2 class=\"wp-block-heading\">(Dannstadt-Schauernheim) &#8211; Schockanruf erfolgreich \/ Zeugen gesucht<\/h2>\n\n\n\n<figure class=\"wp-block-image size-full\"><img decoding=\"async\" loading=\"lazy\" width=\"800\" height=\"575\" src=\"https:\/\/speyer24news.com\/wp-content\/uploads\/2024\/01\/Betrugsmaschen-AdobeStock.jpeg\" alt=\"\" class=\"wp-image-57112\" srcset=\"https:\/\/speyer24news.com\/wp-content\/uploads\/2024\/01\/Betrugsmaschen-AdobeStock.jpeg 800w, https:\/\/speyer24news.com\/wp-content\/uploads\/2024\/01\/Betrugsmaschen-AdobeStock-300x216.jpeg 300w, https:\/\/speyer24news.com\/wp-content\/uploads\/2024\/01\/Betrugsmaschen-AdobeStock-768x552.jpeg 768w\" sizes=\"(max-width: 800px) 100vw, 800px\" \/><figcaption class=\"wp-element-caption\">\t\nBeim sogenannten Enkeltrick kommt meist ein Bote das Bargeld abholen. \nFoto: Debeka\/AdobeStock<\/figcaption><\/figure>\n\n\n\n<p>Am 25.04.2024 gegen 12 Uhr erhielt eine Seniorin einen sogenannten Schockanruf. Nachdem sich zun\u00e4chst die vorgebliche Tochter am Telefon meldete, wurde das Telefonat an eine angebliche Polizistin \u00fcbergeben. Beide Frauen gaben vor, dass die Tochter der Seniorin eine andere Person bei einem Verkehrsunfall get\u00f6tet habe. Daher m\u00fcsse sie jetzt eine Kaution zahlen, um die Tochter aus dem &#8222;Gewahrsam&#8220; herauszul\u00f6sen. In der Folge kam es auch zu mehreren Telefonaten mit einem vorgeblichen Oberstaatsanwalt. Letztendlich wurde die Seniorin angewiesen ihren Schmuck im Wert eines niedrigen f\u00fcnfstelligen Betrages an eine Person an der Trauerhalle des Friedhofes zu \u00fcbergeben. <\/p>\n\n\n\n<h4 class=\"wp-block-heading\">Hier \u00fcbergab sie den Schmuck am Nachmittag an eine Person, welche wie folgt beschrieben wurde: <\/h4>\n\n\n\n<ul>\n<li><strong>m\u00e4nnlich<\/strong><\/li>\n\n\n\n<li><strong>ca. 175-180cm<\/strong><\/li>\n\n\n\n<li><strong>athletische Figur<\/strong><\/li>\n\n\n\n<li><strong>keine Brille<\/strong><\/li>\n\n\n\n<li><strong>Oberlippenbart<\/strong><\/li>\n\n\n\n<li><strong>kurze Haare<\/strong><\/li>\n\n\n\n<li><strong>elegant gekleidet <\/strong><\/li>\n\n\n\n<li><strong>sprach hochdeutsch<\/strong><\/li>\n<\/ul>\n\n\n\n<p>Erst nach einem Telefonat mit ihrem Enkel, flog der Betrug auf.<\/p>\n\n\n\n<ul>\n<li><strong>Zeugen, die im Bereich des Friedhofes verd\u00e4chtige Personen oder Fahrzeuge wahrgenommen haben, werden gebeten, sich mit der Polizeiinspektion Schifferstadt unter der Tel.-Nr. 06235 4950 oder per Email unter&nbsp;<a href=\"mailto:%20pischifferstadt@polizei.rlp.de\">pischifferstadt@polizei.rlp.de<\/a>&nbsp;in Verbindung zu setzen.<\/strong><\/li>\n<\/ul>\n\n\n\n<h2 class=\"wp-block-heading\">(Dannstadt-Schauernheim) &#8211; Schokoladendiebe erwischt<\/h2>\n\n\n\n<p>Am Donnerstagmittag beobachte eine Mitarbeiterin einer Discounter-Filiale in der Riedstra\u00dfe zwei Personen beim Bedienen am S\u00fc\u00dfwarenregal. Nachdem der 57-J\u00e4hrige und der 31-J\u00e4hrige den Kassenbereich ohne Zahlvorgang passierten, sprach die Mitarbeiterin die beiden M\u00e4nner auf den Diebstahl an. Sie h\u00e4ndigten daraufhin die Schokolade im Wert von ca. 17 Euro aus. Gegen beide M\u00e4nner wurde ein Strafverfahren wegen Ladendiebstahls eingeleitet.<\/p>\n\n\n\n<h2 class=\"wp-block-heading\">(Hochdorf-Assenheim) &#8211; Mann schie\u00dft mit Schreckschusspistole<\/h2>\n\n\n<div class=\"wp-block-image\">\n<figure class=\"aligncenter size-full\"><img decoding=\"async\" loading=\"lazy\" width=\"800\" height=\"479\" src=\"https:\/\/speyer24news.com\/wp-content\/uploads\/2020\/04\/pistol-2948729_1920.jpg\" alt=\"\" class=\"wp-image-26577\" srcset=\"https:\/\/speyer24news.com\/wp-content\/uploads\/2020\/04\/pistol-2948729_1920.jpg 800w, https:\/\/speyer24news.com\/wp-content\/uploads\/2020\/04\/pistol-2948729_1920-300x180.jpg 300w, https:\/\/speyer24news.com\/wp-content\/uploads\/2020\/04\/pistol-2948729_1920-768x460.jpg 768w\" sizes=\"(max-width: 800px) 100vw, 800px\" \/><\/figure><\/div>\n\n\n<p>Am 23.04.2024 gegen 16:20 Uhr kam es im Kassenbereich eines Supermarktes in der Keltenstra\u00dfe zu einem Streitgespr\u00e4ch zwischen zwei m\u00e4nnlichen Personen. Nachdem die beiden M\u00e4nner zun\u00e4chst durch eine Unbeteiligte auseinandergehalten werden konnte, zog einer der M\u00e4nner eine Schreckschusswaffe aus seinem Hosenbund und feuerte diese mehrfach in Richtung seines Kontrahenten ab. Anschlie\u00dfend fl\u00fcchteten sowohl der T\u00e4ter als auch sein Kontrahent von der \u00d6rtlichkeit. Ein 20-j\u00e4hriger Kunde und eine 24-j\u00e4hrige Mitarbeiterin klagten anschlie\u00dfend \u00fcber Atemwegsreizungen, sodass davon ausgegangen wird, dass Reizgaspatronen vom T\u00e4ter verwendet wurden. Die Ermittlungen wegen gef\u00e4hrlicher K\u00f6rperverletzung und Bedrohung wurde durch die Polizeiinspektion Schifferstadt aufgenommen. <\/p>\n\n\n\n<h4 class=\"wp-block-heading\">Der mutma\u00dfliche T\u00e4ter wird wie folgt beschrieben:<\/h4>\n\n\n\n<ul>\n<li><strong>ca. 35 Jahre alt<\/strong><\/li>\n\n\n\n<li><strong>ca. 180 cm<\/strong><\/li>\n\n\n\n<li><strong>Barttr\u00e4ger<\/strong><\/li>\n\n\n\n<li><strong>schlank<\/strong><\/li>\n\n\n\n<li><strong>mit einer blauen Jeanshose bekleidet<\/strong><\/li>\n\n\n\n<li><strong>Er soll beim Verlassen des Supermarktes in Begleitung eines Kindes gewesen sein. <\/strong><\/li>\n<\/ul>\n\n\n\n<ul>\n<li><strong>Zeugen, die insbesondere Hinweise auf den mutma\u00dflichen T\u00e4ter sowie auf den weiteren beteiligten Mann geben k\u00f6nnen, werden gebeten, sich mit der Polizeiinspektion Schifferstadt unter der Tel.-Nr. 06235 4950 oder per Email unter&nbsp;<a href=\"mailto:%20pischifferstadt@polizei.rlp.de\">pischifferstadt@polizei.rlp.de<\/a>&nbsp;in Verbindung zu setzen.<\/strong><\/li>\n<\/ul>\n\n\n\n<h2 class=\"wp-block-heading\">(Dudenhofen) &#8211; Trunkenheit im Verkehr<\/h2>\n\n\n\n<p>Am Samstag gegen 19:38 Uhr befuhr ein 31-J\u00e4hriger PKW-Fahrer die Landauer Stra\u00dfe in Dudenhofen in Fahrtrichtung Harthausen. Dieser konnte durch die Beamten einer allgemeinen Verkehrskontrolle unterzogen werden, bei welcher Atemalkoholgeruch wahrgenommen werden konnte. Ein anschlie\u00dfend freiwillig durchgef\u00fchrter Atemalkoholtest ergab einen Wert von 1,36 Promille. Anschlie\u00dfend wurde der Beschuldigt, zwecks Blutprobe ins Krankenhaus verbracht.<\/p>\n\n\n\n<h2 class=\"wp-block-heading\">(R\u00f6merberg) &#8211; Polizeistreife zieht E-Scooter ohne Versicherungskennzeichen aus dem Verkehr<\/h2>\n\n\n\n<p>Am Donnerstag gegen 11 Uhr erblickte eine Polizeistreife einen E-Scooter ohne Versicherungskennzeichen, der die Germersheimer Stra\u00dfe in R\u00f6merberg befuhr. Die Beamten untersagten der 35-j\u00e4hrigen Fahrerin die Weiterfahrt und leiteten ein Strafverfahren gegen sie ein.<\/p>\n\n\n\n<h2 class=\"wp-block-heading\">(R\u00f6merberg) &#8211; Polizei schreitet nach Bedrohung ein und beendet anschlie\u00dfende Trunkenheitsfahrt<\/h2>\n\n\n<div class=\"wp-block-image\">\n<figure class=\"aligncenter size-full\"><img decoding=\"async\" loading=\"lazy\" width=\"800\" height=\"533\" src=\"https:\/\/speyer24news.com\/wp-content\/uploads\/2022\/06\/Blaulicht.jpg\" alt=\"\" class=\"wp-image-46705\" srcset=\"https:\/\/speyer24news.com\/wp-content\/uploads\/2022\/06\/Blaulicht.jpg 800w, https:\/\/speyer24news.com\/wp-content\/uploads\/2022\/06\/Blaulicht-300x200.jpg 300w, https:\/\/speyer24news.com\/wp-content\/uploads\/2022\/06\/Blaulicht-768x512.jpg 768w\" sizes=\"(max-width: 800px) 100vw, 800px\" \/><\/figure><\/div>\n\n\n<p>Am Donnerstag gegen 10:35 Uhr bedrohte ein 26-J\u00e4hriger aus dem Odenwald einen 72-J\u00e4hrigen an dessen Wohnanschrift im Ortsteil Heiligenstein verbal und f\u00fchrte hierbei ein Messer mit. Hintergrund der Drohungen waren Vorbeziehungen im privaten Bereich. Zeugen alarmierten die Polizei, woraufhin der 26-J\u00e4hrige kurz vor Eintreffen der Polizeistreifen die Flucht mit einem Pedelec ergriff. Wenige Minuten sp\u00e4ter kontrollierten Polizeibeamte den 26-J\u00e4hrigen auf seinem Pedelec in der Viehtriftstra\u00dfe in R\u00f6merberg und durchsuchten ihn nach gef\u00e4hrlichen Gegenst\u00e4nden. Hierbei fanden sie ein Messer in einer Hosentasche auf und fesselten ihn, da er sich aggressiv verhielt und berauscht wirkte. Ein Atemalkoholtest ergab einen Wert von 1,2 Promille. Zus\u00e4tzlich stand der 26-J\u00e4hrige eigenen Angaben zufolge unter dem Einfluss von THC. Die Beamten untersagten ihm die Weiterfahrt, stellten sein Pedelec sicher und veranlassten die Entnahme einer Blutprobe. Den 26-J\u00e4hrigen erwarten Strafverfahren wegen Bedrohung und Trunkenheit im Verkehr.<\/p>\n\n\n\n<h2 class=\"wp-block-heading\">(R\u00f6merberg-Mechtersheim) &#8211; Einbruchsversuch<\/h2>\n\n\n\n<p>Am Montag zwischen 7 und 14 Uhr verursachten unbekannte T\u00e4ter mehrere Kratzer an der Eingangst\u00fcr eines Hauses in der Speyerer Stra\u00dfe, die von einem Einbruchsversuch herr\u00fchren k\u00f6nnten. Bereits am Vortag befand sich zwischen T\u00fcr und Rahmen der Eingangst\u00fcr ein kleiner Gegenstand, der beim \u00d6ffnen herunterfiel. Die Kriminalpolizei ermittelt. Die H\u00f6he des Sachschadens ist unbekannt.<\/p>\n\n\n\n<ul>\n<li><strong>Wer hat verd\u00e4chtige Personen oder Fahrzeuge im Bereich des Tatortes festgestellt? Die Polizei Speyer nimmt sachdienliche Hinweise telefonisch unter 06232 \/ 137-0 oder per E-Mail an&nbsp;<a href=\"mailto:%20pispeyer@polizei.rlp.de\">pispeyer@polizei.rlp.de<\/a>&nbsp;entgegen.<\/strong><\/li>\n<\/ul>\n\n\n\n<h2 class=\"wp-block-heading\">(Germersheim) &#8211; 2 PKW aufgebrochen<\/h2>\n\n\n\n<p>In der Nacht von Dienstag auf Mittwoch wurden im Stadtgebiet von Germersheim gleich zwei PKW aufgebrochen. An einem am &#8222;Paradeplatz&#8220; abgestellten Fiat wurde durch einen bislang unbekannten T\u00e4ter die Seitenscheibe eingeschlagen und zwei Zigarettenpackungen aus dem Innenraum entwendet. Aus einem weiteren in der Orffstra\u00dfe geparkten PKW wurde ebenfalls die Seitenscheibe eingeschlagen und ein Geldbeutel entwendet. <\/p>\n\n\n\n<ul>\n<li><strong>Zeugen werden gebeten, sich unter der Telefonnummer 07274\/9580 oder per E-Mail an&nbsp;<a href=\"mailto:%20pigermersheim@polizei.rlp.de\">pigermersheim@polizei.rlp.de<\/a>&nbsp;mit der Polizei Germersheim in Verbindung zu setzen.<\/strong><\/li>\n<\/ul>\n\n\n\n<h2 class=\"wp-block-heading\">(Germersheim) &#8211; PKW besch\u00e4digt<\/h2>\n\n\n\n<p>Im Zeitraum vom 21.04., 19 Uhr bis 22.04., 07.30 Uhr wurde durch ein in der Stra\u00dfe &#8222;Am Me\u00dfplatz&#8220; abgestellter PKW besch\u00e4digt, indem ein bislang unbekannter T\u00e4ter die Seitenscheibe besch\u00e4digte. Der Schaden bel\u00e4uft sich auf ca. 1000 Euro. <\/p>\n\n\n\n<ul>\n<li><strong>Zeugen werden gebeten, sich unter der Telefonnummer 07274\/9580 oder per E-Mail an&nbsp;<a href=\"mailto:%20pigermersheim@polizei.rlp.de\">pigermersheim@polizei.rlp.de<\/a>&nbsp;mit der Polizei Germersheim in Verbindung zu setzen.<\/strong><\/li>\n<\/ul>\n\n\n\n<h2 class=\"wp-block-heading\">(Germersheim) &#8211; Unfallflucht<\/h2>\n\n\n\n<p>Bereits am Freitagmorgen gegen 10:00 Uhr kam es auf dem Kirchenplatz in Germersheim zu einer Verkehrsunfallflucht. Hierbei touchierte die Unfallverursacherin ein parkendes Fahrzeug und entfernte sich im Anschluss, trotz, dass sie von einer bisher unbekannten Zeugin auf den Vorfall angesprochen wurde. Bisherige Ermittlungen weisen auf eine ca. 65-85 Jahre alte Frau in einem blauen Suzuki Splash als Unfallverursacherin hin. Das Kennzeichen ist nicht bekannt. Beim Unfallgegner entstand ein Schaden in H\u00f6he von ca. 5.000 Euro.<\/p>\n\n\n\n<ul>\n<li><strong>Zeugen des Vorfalls, speziell die Person, die die Unfallverursacherin auf den Unfall aufmerksam gemacht hat, werden gebeten, sich unter der Telefonnummer 07274\/9580 oder per E-Mail (<a href=\"mailto:pigermersheim@polizei.rlp.de\">pigermersheim@polizei.rlp.de<\/a>) bei der Polizeiinspektion Germersheim zu melden.<\/strong><\/li>\n<\/ul>\n\n\n\n<h2 class=\"wp-block-heading\">(Bellheim) &#8211; 5-J\u00e4hriger bei Verkehrsunfall verletzt<\/h2>\n\n\n\n<p>Am Mittwochabend ereignete sich auf der Fortm\u00fchlstra\u00dfe in Bellheim ein Verkehrsunfall, bei dem ein 5-J\u00e4hriger verletzt wurde. Eine 29-j\u00e4hrige Autofahrerin befuhr die Fortm\u00fchlstra\u00dfe, als der Junge mit seinem Spielzeugroller auf H\u00f6he des dortigen Supermarkts unvermittelt die Stra\u00dfe \u00fcberquerte und von der Autofahrerin erfasst wurde. Aufgrund von Kopfverletzungen wurde er mittels eines Rettungshubschraubers in ein Krankenhaus geflogen.<\/p>\n\n\n\n<h2 class=\"wp-block-heading\">(Bellheim) &#8211; Berauscht hinter dem Steuer<\/h2>\n\n\n\n<p>In der Nacht von Sonntag auf Montag wurde in der Karl-Silbernagel-Stra\u00dfe in Bellheim ein 21-J\u00e4hriger Autofahrer kontrolliert. Bei der Kontrolle stellten die Beamten fest, dass er kurz zuvor Cannabis konsumiert hatte. Ein Urintest reagierte positiv auf Bet\u00e4ubungsmittel. Ihm wurde eine Blutprobe entnommen und eine entsprechendes Verfahren eingeleitet. Zudem wurde die F\u00fchrerscheinstelle informiert.<\/p>\n\n\n\n<h2 class=\"wp-block-heading\">(H\u00f6rdt) &#8211; Vandalismus durch Graffitispr\u00fchereien<\/h2>\n\n\n\n<p>Erheblicher Sachschaden wurde durch Graffitispr\u00fchereien an und um die Grundschule H\u00f6rdt verursacht!<\/p>\n\n\n\n<p>In der Nacht von Donnerstag auf Freitag drangen bis dato unbekannte Personen auf das Gel\u00e4nde der Grundschule H\u00f6rdt. Hier wurden neben der Fassade des Schulgeb\u00e4udes, weitere Gegenst\u00e4nde, wie eine Lampe, die Tischtennisplatte und eine Mauer auf dem Pausenhof mit diversen Symbolen und Zeichnungen in roter Farbe bespr\u00fcht!<\/p>\n\n\n\n<p>In unmittelbarer N\u00e4he wurde auch die Bushaltestelle und am Probst Krane Platz das Toilettenh\u00e4uschen in gleicher Weise bespr\u00fcht.<\/p>\n\n\n\n<ul>\n<li><strong>Hinweise aus der Bev\u00f6lkerung nimmt die Polizeiinspektion Germersheim telefonisch unter 07274-9580 oder per Mail:&nbsp;<a href=\"mailto:%20pigermersheim@polizei.rlp.de\">pigermersheim@polizei.rlp.de<\/a>&nbsp;entgegen.<\/strong><\/li>\n<\/ul>\n\n\n\n<h2 class=\"wp-block-heading\">(R\u00fclzheim) &#8211; Schutzengel dabei<\/h2>\n\n\n\n<p>Am Dienstagabend befuhr eine 51-j\u00e4hrige Autofahrerin die Landstra\u00dfe 493 in Richtung R\u00fclzheim. Dabei kam sie aus bislang ungekl\u00e4rter Ursache auf gerader Strecke von der Fahrbahn ab, streifte einen Baum und \u00fcberschlug sich mit ihrem PKW. Nach einer ersten medizinischen Versorgung wurde sie in ein nahegelegenes Krankenhaus gebracht. An ihrem Fahrzeug entstand ein Sachschaden in H\u00f6he von ca. 10000 Euro.<\/p>\n\n\n\n<h2 class=\"wp-block-heading\">(W\u00f6rth) &#8211; Fahrzeuge zerkratzt<\/h2>\n\n\n\n<p>In der Rheindammstra\u00dfe wurden mindestens f\u00fcnf parkende Fahrzeuge mittels spitzem Gegenstand besch\u00e4digt. Die Tat d\u00fcrfte sich zwischen Mittwochabend und Donnerstagmittag ereignet haben. Die Ermittlungen wurden aufgenommen.<\/p>\n\n\n\n<ul>\n<li><strong>Zeugen\/weitere Gesch\u00e4digte werden gebeten mit der Polizei in W\u00f6rth Kontakt aufzunehmen.<\/strong><\/li>\n<\/ul>\n\n\n\n<h2 class=\"wp-block-heading\">(W\u00f6rth) &#8211; Langfinger erwischt<\/h2>\n\n\n\n<p>Ein 17-j\u00e4hriger aus Kandel wurde am Montag gegen 13:20 Uhr von einem Ladendetektiv dabei erwischt, wie er Lebensmittel einsteckte und den Supermarkt ohne zu bezahlen verlassen wollte. Der Dieb konnte gestellt und ein entsprechendes Verfahren eingeleitet werden.<\/p>\n\n\n\n<p>Ca. drei Stunden sp\u00e4ter wurde die Polizei erneut vom Ladendetektiv angefordert. Diesmal entwendete eine 24-j\u00e4hrige Frau aus W\u00f6rth Getr\u00e4nkedosen. Auch gegen Sie wurde ein Verfahren wegen Ladendiebstahls er\u00f6ffnet.<\/p>\n\n\n\n<h2 class=\"wp-block-heading\">(W\u00f6rth) &#8211; Einbruchversuch in Kulturhalle<\/h2>\n\n\n\n<p>Unbekannte T\u00e4ter versuchten in der Nacht vom 21.04.24 auf den 22.04.2024 in die Kulturhalle einzubrechen. Ein Eindringen gelang nicht.<\/p>\n\n\n\n<h2 class=\"wp-block-heading\">(Dienstgebiet der Polizei W\u00f6rth) &#8211; Geschwindigkeitskontrollen<\/h2>\n\n\n\n<p>Die Woche vom 15.04.2024 bis 21.04.2024 stand im Zeichen einer der Hauptunfallursachen, der Geschwindigkeit. Im Rahmen der Kontrollwoche wurden an verschiedenen \u00d6rtlichkeiten des Dienstgebietes der Polizei W\u00f6rth Geschwindigkeitskontrollen durchgef\u00fchrt. Insgesamt fuhren 50 der \u00fcber 300 gemessenen Verkehrsteilnehmer zu schnell.<\/p>\n\n\n\n<h2 class=\"wp-block-heading\">(Hagenbach) &#8211; Verkehrsunfall unter Einfluss von Alkohol<\/h2>\n\n\n\n<p>Am Samstagmittag, den 27.04.2024 kam es gegen 17:30 Uhr auf der L 540 zwischen W\u00f6rth und Hagenbach zu einem Verkehrsunfall zwischen einem 85-j\u00e4hrigen Fahrradfahrer und einem 26-j\u00e4hrigen PKW-Fahrer. Der PKW-Fahrer befuhr die L 540 von Hagenbach kommend in Richtung W\u00f6rth als der Fahrradfahrer von links aus einem Feldweg auf die Landstra\u00dfe einbog und dem PKW-Fahrer somit die Vorfahrt nahm. Dieser wich aus um eine Kollision mit dem Fahrradfahrer zu vermeiden, kam nach rechts von der Fahrbahn ab und kollidierte mit einem Verkehrsschild. Der Fahrradfahrer st\u00fcrzte vor Schreck und verletzte sich leicht am Ellenbogen. Der PKW-Fahrer blieb unverletzt. Im Rahmen der Unfallaufnahme konnte durch die Beamten Atemalkoholgeruch bei dem 85-j\u00e4hrigen festgestellt werden. Ein freiwillig durchgef\u00fchrter Test ergab 0,75 Promille. Entsprechend wurde eine Blutprobe entnommen und ein Verfahren eingeleitet.<\/p>\n\n\n\n<h2 class=\"wp-block-heading\">(Kandel) &#8211; Ohne Versicherungsschutz unterwegs<\/h2>\n\n\n\n<p>Ein 16-j\u00e4hriger Jugendlicher aus Kandel musste wegen fehlenden Versicherungsschutzes seines e-Scooters beanzeigt werden. Auf seinem Fahrzeug waren noch Kennzeichen des vergangenen Versicherungsjahres angebracht.<\/p>\n\n\n\n<h2 class=\"wp-block-heading\">(Kandel) &#8211; Snackautomat angegangen<\/h2>\n\n\n\n<p>In den Morgenstunden des 23.04.2024 haben unbekannte T\u00e4ter versucht einen Snackautomaten in Kandel aufzubrechen. Es gelang jedoch nicht den gut gesicherten Automaten zu \u00d6ffnen. Es entstand ein Sachschaden von ca. 1500 Euro.<\/p>\n\n\n\n<h2 class=\"wp-block-heading\">(Kandel) &#8211; Vermisste nach intensiver Fahndung aufgefunden<\/h2>\n\n\n<div class=\"wp-block-image\">\n<figure class=\"aligncenter size-full\"><img decoding=\"async\" loading=\"lazy\" width=\"800\" height=\"533\" src=\"https:\/\/speyer24news.com\/wp-content\/uploads\/2023\/06\/Kleeblatt-Glueck.jpg\" alt=\"\" class=\"wp-image-52491\" srcset=\"https:\/\/speyer24news.com\/wp-content\/uploads\/2023\/06\/Kleeblatt-Glueck.jpg 800w, https:\/\/speyer24news.com\/wp-content\/uploads\/2023\/06\/Kleeblatt-Glueck-300x200.jpg 300w, https:\/\/speyer24news.com\/wp-content\/uploads\/2023\/06\/Kleeblatt-Glueck-768x512.jpg 768w\" sizes=\"(max-width: 800px) 100vw, 800px\" \/><\/figure><\/div>\n\n\n<p>Am Mittwochabend wurde die Polizeiinspektion W\u00f6rth am Rhein \u00fcber eine vermisste Person aus einem Seniorenheim in Kandel informiert. Zur Absuche wurden die freiwillige Feuerwehr, die Rettungshundestaffel und ein Polizeihubschrauber hinzugezogen. Zudem waren Drohnen mit W\u00e4rmebildkameras im Einsatz. Um Mitternacht konnte die 84-j\u00e4hrige Vermisste im Stadtgebiet W\u00f6rth am Rhein aufgefunden werden. Sie war aufgrund der Temperaturen leicht unterk\u00fchlt und wurde durch den Rettungsdienst medizinisch erstversorgt.<\/p>\n\n\n\n<h2 class=\"wp-block-heading\">(Freckenfeld) &#8211; Misslungener Einbruchversuch<\/h2>\n\n\n\n<p>Unbekannte T\u00e4ter versuchten in der Nacht vom 21.04.24 auf den 22.04.2024 in ein Vereinsheim in Freckenfeld einzubrechen. Ein Eindringen gelang nicht.<\/p>\n\n\n\n<h2 class=\"wp-block-heading\">(Steinfeld) &#8211; Reifen zerstochen<\/h2>\n\n\n\n<p>Am 26.04.2024, zwischen 17:30 und 18:00 Uhr, wurde an einem PKW in der Alten Landstra\u00dfe in Steinfeld ein Reifen durch unbekannte T\u00e4ter platt gestochen. Ein Strafverfahren wegen Sachbesch\u00e4digung wurde eingeleitet. <\/p>\n\n\n\n<ul>\n<li><strong>Die Polizei bittet Zeugen, die Hinweise zu der Tat oder dem T\u00e4ter geben k\u00f6nnen, sich per Email an&nbsp;<a href=\"mailto:%20pibadbergzabern@polizei.rlp.de\">pibadbergzabern@polizei.rlp.de<\/a>&nbsp;oder telefonisch unter 06343-9334-0 bei der Polizeiinspektion Bad Bergzabern zu melden.<\/strong><\/li>\n<\/ul>\n\n\n\n<h2 class=\"wp-block-heading\">(Waldhambach) &#8211; Einbruch in Einfamilienhaus<\/h2>\n\n\n\n<p>Am 27.04.2024, zwischen 17:40 und 22:15 Uhr, wurde in der Alten Landstra\u00dfe in Waldhambach durch unbekannte T\u00e4ter gewaltsam ein Fenster aufgehebelt. Ersten Feststellungen zufolge wurde Schmuck entwendet. <\/p>\n\n\n\n<ul>\n<li><strong>Die Polizei bittet Zeugen, die Hinweise zu der Tat oder dem T\u00e4ter geben k\u00f6nnen, sich per Email an&nbsp;<a href=\"mailto:%20pibadbergzabern@polizei.rlp.de\">pibadbergzabern@polizei.rlp.de<\/a>&nbsp;oder telefonisch unter 06343-9334-0 bei der Polizeiinspektion Bad Bergzabern zu melden.<\/strong><\/li>\n<\/ul>\n\n\n\n<h2 class=\"wp-block-heading\">(V\u00f6lkersweiler) &#8211; Vorfahrt missachtet<a href=\"https:\/\/www.facebook.com\/sharer.php?u=https%3A%2F%2Fwww.presseportal.de%2Fblaulicht%2Fpm%2F117686%2F5766226%2F%3Futm_source%3Dfacebook%26utm_medium%3Dsocial\"><\/a><a href=\"https:\/\/twitter.com\/intent\/tweet?text=POL-PDLD%3A%20Vorfahrt%20missachtet&amp;url=https%3A%2F%2Fwww.presseportal.de%2Fblaulicht%2Fpm%2F117686%2F5766226%2F%3Futm_source%3Dtwitter%26utm_medium%3Dsocial&amp;hashtags=ots&amp;lang=de\"><\/a><a href=\"https:\/\/web.whatsapp.com\/send?text=POL-PDLD%3A%20Vorfahrt%20missachtet%0A%0Ahttps%3A%2F%2Fwww.presseportal.de%2Fblaulicht%2Fpm%2F117686%2F5766226%2F%3Futm_source%3Dwhatsapp%26utm_medium%3Dsocial\"><\/a><a href=\"https:\/\/www.xing.com\/app\/user?op=share;url=https%3A%2F%2Fwww.presseportal.de%2Fblaulicht%2Fpm%2F117686%2F5766226%2F%3Futm_source%3Dxing%26utm_medium%3Dsocial\"><\/a><a href=\"http:\/\/www.linkedin.com\/shareArticle?mini=true&amp;url=https%3A%2F%2Fwww.presseportal.de%2Fblaulicht%2Fpm%2F117686%2F5766226%2F%3Futm_source%3Dlinkedin%26utm_medium%3Dsocial&amp;title=POL-PDLD%3A+Vorfahrt+missachtet\"><\/a><a href=\"mailto:?subject=POL-PDLD%3A%20Vorfahrt%20missachtet&amp;body=https:\/\/www.presseportal.de\/blaulicht\/pm\/117686\/5766226\"><\/a><\/h2>\n\n\n<div class=\"wp-block-image\">\n<figure class=\"aligncenter\"><a href=\"https:\/\/cache.pressmailing.net\/thumbnail\/story_hires\/5e73d882-788d-476b-8e09-b5e1197dd13a\/InkedUnfallbildL494_B48_LI.jpg.jpg\"><img decoding=\"async\" src=\"https:\/\/cache.pressmailing.net\/thumbnail\/story_big\/5e73d882-788d-476b-8e09-b5e1197dd13a\/pol-pdld-vorfahrt-missachtet\" alt=\"POL-PDLD: Vorfahrt missachtet\"\/><\/a><\/figure><\/div>\n\n\n<p>Am 25.04.2024, gegen 10:00 Uhr kam es an der Einm\u00fcndung der L494 zur B48, zu einem Verkehrsunfall. Der Fahrer eines Pkw befuhr L494 in Richtung B 48. An der Einm\u00fcndung zur B 48 bog der 61-J\u00e4hrige nach links in Richtung Annweiler ab und missachtete die Vorfahrt eines in Richtung Wahrrohrbach fahrenden 55j\u00e4hrigen Pkw-Fahrers. Die Insassen der Fahrzeuge wurden nicht verletzt. Es entstand ein erheblicher Sachschaden, sodass beide Fahrzeuge abgeschleppt werden mussten.<\/p>\n\n\n\n<h2 class=\"wp-block-heading\">(Annweiler) &#8211; VW Sharan auf dem Netto-Parkplatz zerkratzt<a href=\"https:\/\/www.facebook.com\/sharer.php?u=https%3A%2F%2Fwww.presseportal.de%2Fblaulicht%2Fpm%2F117686%2F5767175%2F%3Futm_source%3Dfacebook%26utm_medium%3Dsocial\"><\/a><a href=\"https:\/\/twitter.com\/intent\/tweet?text=POL-PDLD%3A%20VW%20Sharan%20auf%20dem%20Netto-Parkplatz%20in%20Annweiler%20zerkratzt&amp;url=https%3A%2F%2Fwww.presseportal.de%2Fblaulicht%2Fpm%2F117686%2F5767175%2F%3Futm_source%3Dtwitter%26utm_medium%3Dsocial&amp;hashtags=ots&amp;lang=de\"><\/a><a href=\"https:\/\/web.whatsapp.com\/send?text=POL-PDLD%3A%20VW%20Sharan%20auf%20dem%20Netto-Parkplatz%20in%20Annweiler%20zerkratzt%0A%0Ahttps%3A%2F%2Fwww.presseportal.de%2Fblaulicht%2Fpm%2F117686%2F5767175%2F%3Futm_source%3Dwhatsapp%26utm_medium%3Dsocial\"><\/a><a href=\"https:\/\/www.xing.com\/app\/user?op=share;url=https%3A%2F%2Fwww.presseportal.de%2Fblaulicht%2Fpm%2F117686%2F5767175%2F%3Futm_source%3Dxing%26utm_medium%3Dsocial\"><\/a><a href=\"http:\/\/www.linkedin.com\/shareArticle?mini=true&amp;url=https%3A%2F%2Fwww.presseportal.de%2Fblaulicht%2Fpm%2F117686%2F5767175%2F%3Futm_source%3Dlinkedin%26utm_medium%3Dsocial&amp;title=POL-PDLD%3A+VW+Sharan+auf+dem+Netto-Parkplatz+in+Annweiler+zerkratzt\"><\/a><a href=\"mailto:?subject=POL-PDLD%3A%20VW%20Sharan%20auf%20dem%20Netto-Parkplatz%20in%20Annweiler%20zerkratzt&amp;body=https:\/\/www.presseportal.de\/blaulicht\/pm\/117686\/5767175\"><\/a><\/h2>\n\n\n<div class=\"wp-block-image\">\n<figure class=\"aligncenter\"><a href=\"https:\/\/cache.pressmailing.net\/thumbnail\/story_hires\/366aaade-f881-47d2-9572-a96a6ad3bb5c\/besch%C3%A4digter_VW-Sharan_%C3%9Cbersicht.jpeg.jpg\"><img decoding=\"async\" src=\"https:\/\/cache.pressmailing.net\/thumbnail\/story_big\/366aaade-f881-47d2-9572-a96a6ad3bb5c\/pol-pdld-vw-sharan-auf-dem-netto-parkplatz-in-annweiler-zerkratzt\" alt=\"POL-PDLD: VW Sharan auf dem Netto-Parkplatz in Annweiler zerkratzt\"\/><\/a><\/figure><\/div>\n\n\n<p>Am Dienstagmorgen wurde auf dem Netto-Parkplatz in Annweiler an einem schwarzen VW Sharan die komplette linke Fahrzeugseite zerkratzt. Der Tatzeitraum d\u00fcrfte zwischen 09:15h und 09:45h liegen. Wer Hinweise zu einem m\u00f6glichen T\u00e4ter geben kann, meldet sich bitte bei der Polizeiwache Annweiler.<\/p>\n\n\n\n<h2 class=\"wp-block-heading\">(Annweiler) &#8211; Verkehrskontrollen<\/h2>\n\n\n\n<p>Zwischen 09.00 Uhr und 13.00 Uhr f\u00fchrten Polizeibeamte am 22.04.24 Verkehrskontrollen in Annweiler in der Landauer Stra\u00dfe und in Albersweiler in der Hauptstra\u00dfe durch. F\u00fcnf Autofahrer waren dabei nicht angegurtet und bei einem Transporter war die Ladung nicht gesichert. Zwischen 16.45 Uhr und 17.30 Uhr wurde aufgrund von B\u00fcrgerbegehren eine Geschwindigkeitsmessung in Queichhambach in der Stra\u00dfe &#8222;Am Bahnhof&#8220; durchgef\u00fchrt. Insgesamt kam es zu f\u00fcnf Geschwindigkeitsverst\u00f6\u00dfen. Bei erlaubten 50 km\/h war der Schnellste mit 73 km\/h unterwegs.<\/p>\n\n\n\n<h2 class=\"wp-block-heading\">(Albersweiler) &#8211; Brand im Steinbruch<\/h2>\n\n\n\n<p>Am Montagmorgen gegen 11.00 Uhr kam es zu einem Brand in einer Asphaltmischanlage im Steinbruch Albersweiler. Als Ursache d\u00fcrfte ein technischer Defekt zugrunde liegen. Feuerwehr und Polizei waren im Einsatz. Personen wurden nicht verletzt. Der Sachschaden kann noch nicht beziffert werden.<\/p>\n\n\n\n<h2 class=\"wp-block-heading\">(B 10 \/ LD-Godramstein) &#8211; Versto\u00df gegen das Nachtfahrverbot<a href=\"https:\/\/www.facebook.com\/sharer.php?u=https%3A%2F%2Fwww.presseportal.de%2Fblaulicht%2Fpm%2F117686%2F5764874%2F%3Futm_source%3Dfacebook%26utm_medium%3Dsocial\"><\/a><a href=\"https:\/\/twitter.com\/intent\/tweet?text=POL-PDLD%3A%20B10%2FLD-Godramstein%20-%20Versto%C3%9F%20gegen%20das%20Nachtfahrverbot&amp;url=https%3A%2F%2Fwww.presseportal.de%2Fblaulicht%2Fpm%2F117686%2F5764874%2F%3Futm_source%3Dtwitter%26utm_medium%3Dsocial&amp;hashtags=ots&amp;lang=de\"><\/a><a href=\"https:\/\/web.whatsapp.com\/send?text=POL-PDLD%3A%20B10%2FLD-Godramstein%20-%20Versto%C3%9F%20gegen%20das%20Nachtfahrverbot%0A%0Ahttps%3A%2F%2Fwww.presseportal.de%2Fblaulicht%2Fpm%2F117686%2F5764874%2F%3Futm_source%3Dwhatsapp%26utm_medium%3Dsocial\"><\/a><a href=\"https:\/\/www.xing.com\/app\/user?op=share;url=https%3A%2F%2Fwww.presseportal.de%2Fblaulicht%2Fpm%2F117686%2F5764874%2F%3Futm_source%3Dxing%26utm_medium%3Dsocial\"><\/a><a href=\"http:\/\/www.linkedin.com\/shareArticle?mini=true&amp;url=https%3A%2F%2Fwww.presseportal.de%2Fblaulicht%2Fpm%2F117686%2F5764874%2F%3Futm_source%3Dlinkedin%26utm_medium%3Dsocial&amp;title=POL-PDLD%3A+B10%2FLD-Godramstein+-+Versto%C3%9F+gegen+das+Nachtfahrverbot\"><\/a><a href=\"mailto:?subject=POL-PDLD%3A%20B10%2FLD-Godramstein%20-%20Versto%C3%9F%20gegen%20das%20Nachtfahrverbot&amp;body=https:\/\/www.presseportal.de\/blaulicht\/pm\/117686\/5764874\"><\/a><\/h2>\n\n\n\n<p>Ein 61 Jahre alter Kraftfahrer aus dem europ\u00e4ischen Ausland musste am fr\u00fchen Morgen (24.04.2024, 00.15 Uhr) auf der B10, H\u00f6he LD-Godramstein, wenden und die B10 verlassen, weil er bei der Kontrolle keine entsprechende Genehmigung f\u00fcr das Befahren der Bundesstra\u00dfe zur Nachtzeit vorweisen konnte. Wegen der Zuwiderhandlung musste er eine Sicherheitsleistung bezahlen. Eine Sicherheitsleistung hat den Zweck, den staatlichen Strafverfolgungs- und Strafvollstreckungsanspruch bei ausl\u00e4ndischen Verkehrsteilnehmern zu sichern.<\/p>\n\n\n\n<h2 class=\"wp-block-heading\">(Insheim) &#8211; Scheunenbrand<\/h2>\n\n\n\n<p>Aus bislang ungekl\u00e4rter Ursache geriet am Donnerstagnachmittag, gegen 17:30 Uhr, eine Scheune in der Ortsgemeinde Insheim in Brand.<\/p>\n\n\n\n<p>Derzeit wird von einem Sachschaden im niedrigen sechsstelligen Bereich ausgegangen. Bei dem Brand wurde niemand verletzt.<\/p>\n\n\n\n<p>Die Kriminalpolizei Landau hat die Ermittlungen zur Brandursache aufgenommen.<\/p>\n\n\n\n<h2 class=\"wp-block-heading\">(Landau) &#8211; Porsche \u00fcberschl\u00e4gt sich, Beifahrerin schwer verletzt<\/h2>\n\n\n\n<p>Am Samstag den 27.04.2024 gegen 13:10 Uhr \u00fcberschlug sich ein 61-j\u00e4hriger Porschefahrer mit seinem PKW beim Umfahren eines Kreisverkehrs im Bereich Landau Zentrum, Richtungsfahrbahn A65 Karlsruhe. Der Fahrer d\u00fcrfte infolge unangepasster Geschwindigkeit im Kurvenbereich die Kontrolle \u00fcber sein Fahrzeug verloren haben. Eine Beifahrerin wurde schwer, aber nicht lebensgef\u00e4hrlich verletzt, sie kam in ein \u00f6rtliches Krankenhaus. Der Sachschaden wird auf ca. 140000.- EUR beziffert, am PKW entstand Totalschaden.<\/p>\n\n\n\n<h2 class=\"wp-block-heading\">(Landau) &#8211; Betrunkener Fahrzeugf\u00fchrer f\u00e4hrt an der Polizeidienststelle vorbei<\/h2>\n\n\n\n<p>Am Freitag, den 26.04.2024, gegen 18:30 Uhr, sollte der Fahrer eines Transporters in der Paul-von-Denis-Stra\u00dfe, H\u00f6he der Polizeidienststelle, aufgrund auff\u00e4lliger Fahrweise einer Verkehrskontrolle unterzogen werden. Da der Fahrer nicht auf die Anhaltesignale in Form von Blaulicht und &#8222;Stopp Polizei&#8220; reagierte, musste er an der n\u00e4chsten roten Ampel angesprochen werden. Erst jetzt registrierte er die Polizeibeamten und es konnte eine Kontrolle erfolgen. Der Fahrer stand deutlich unter Alkoholeinwirkung, eine Atemalkoholtest ergab 1,3 Promille. Der F\u00fchrerschein wurde eingezogen, die Weiterfahrt wurde untersagt, bei der Polizei wurde eine Blutentnahme durchgef\u00fchrt.<\/p>\n\n\n\n<h2 class=\"wp-block-heading\">(A 65 \/ Landau) &#8211; Aggressionen im Stra\u00dfenverkehr \/ Zeugen gesucht<\/h2>\n\n\n<div class=\"wp-block-image\">\n<figure class=\"aligncenter size-full\"><img decoding=\"async\" loading=\"lazy\" width=\"801\" height=\"600\" src=\"https:\/\/speyer24news.com\/wp-content\/uploads\/2020\/05\/Zeugen-gesucht-Neutral.jpg\" alt=\"\" class=\"wp-image-26598\" srcset=\"https:\/\/speyer24news.com\/wp-content\/uploads\/2020\/05\/Zeugen-gesucht-Neutral.jpg 801w, https:\/\/speyer24news.com\/wp-content\/uploads\/2020\/05\/Zeugen-gesucht-Neutral-300x225.jpg 300w, https:\/\/speyer24news.com\/wp-content\/uploads\/2020\/05\/Zeugen-gesucht-Neutral-768x575.jpg 768w, https:\/\/speyer24news.com\/wp-content\/uploads\/2020\/05\/Zeugen-gesucht-Neutral-678x509.jpg 678w, https:\/\/speyer24news.com\/wp-content\/uploads\/2020\/05\/Zeugen-gesucht-Neutral-326x245.jpg 326w, https:\/\/speyer24news.com\/wp-content\/uploads\/2020\/05\/Zeugen-gesucht-Neutral-80x60.jpg 80w\" sizes=\"(max-width: 801px) 100vw, 801px\" \/><\/figure><\/div>\n\n\n<p>Am 25.04.2024 befuhr ein 28-j\u00e4hriger Hyundai-Fahrer gegen 20:15 Uhr die A65 in Fahrtrichtung Karlsruhe auf dem linken Fahrstreifen. In H\u00f6he der Anschlussstelle Edenkoben wurde er von einem von hinten kommenden 26-j\u00e4hrigen VW-Fahrer durch dichtes Auffahren und Hupen gen\u00f6tigt, den Fahrstreifen zu wechseln. Nachdem der 26-J\u00e4hrige \u00fcberholt hatte, setzte er sich vor den 28-J\u00e4hrigen und verringerte mehrmals ohne Grund die Geschwindigkeit, um ein etwaiges Abbremsen zu provozieren. Die beiden Streith\u00e4hne trafen sich im Anschluss wieder in Landau an der Kreuzung Schlo\u00dfstra\u00dfe \/ Marienring an der roten Lichtzeichenanlage. F\u00fcr die Mitfahrer des 26-J\u00e4hrigen war die Situation anscheinend noch nicht gekl\u00e4rt. Sie stiegen aus dem Fahrzeug aus und begaben sich zu dem vor ihnen stehenden PKW Hyundai. Hierbei soll ein 24-J\u00e4hriger gegen den Au\u00dfenspiegel des PKW Hyundai geschlagen haben. Um der Situation zu entkommen, setzte der 28-J\u00e4hrige zur\u00fcck und kollidierte mit dem VW des 26-J\u00e4hrigen, sodass Sachschaden entstand. Der Hyundai-Fahrer konnte sich dann entfernen. In vorliegender Sache muss sich beim derzeitigen Ermittlungsstand der 26-j\u00e4hrige VW-Fahrer wegen N\u00f6tigung im Stra\u00dfenverkehr und dessen 24-j\u00e4hriger Mitfahrer wegen versuchter Sachbesch\u00e4digung strafrechtlich verantworten. Auch die F\u00fchrerscheinstelle wurde \u00fcber den Vorfall informiert. <\/p>\n\n\n\n<ul>\n<li><strong>Die Polizei bittet Zeugen, die Hinweise zu der Tat oder dem T\u00e4ter geben k\u00f6nnen sich per Email an&nbsp;<a href=\"mailto:%20pilandau@polizei.rlp.de\">pilandau@polizei.rlp.de<\/a>&nbsp;oder telefonisch unter 06341-287-0 bei der Polizeiinspektion Landau zu melden.<\/strong><\/li>\n<\/ul>\n\n\n\n<h2 class=\"wp-block-heading\">(Landau) &#8211; THC und Amphetamin positiv<\/h2>\n\n\n\n<p>Am 25.04.2024 wurde gegen 15:45 Uhr ein 15-j\u00e4hriger E-Scooter-Fahrer in Landau in der Maximilianstra\u00dfe einer Verkehrskontrolle unterzogen. W\u00e4hrend der Kontrolle ergaben sich Anzeichen, die auf den Konsum von Bet\u00e4ubungsmitteln hindeuteten. Ein entsprechender Vortest im Beisein einer Erziehungsberechtigten best\u00e4tigte den Verdacht, dieser reagierte positiv auf THC und Amphetamin. Die Weiterfahrt wurde untersagt und auf der Dienststelle eine Blutprobe entnommen. Er wird sich nun in einem Strafverfahren wegen Trunkenheit im Verkehr verantworten m\u00fcssen.<\/p>\n\n\n\n<h2 class=\"wp-block-heading\">(Landau) &#8211; Zwei Verst\u00f6\u00dfe in zwanzig Minuten&#8230;<\/h2>\n\n\n\n<p>&#8230;wurden am Nachmittag des 25.04.2024 in der Ostbahnstra\u00dfe in Landau zur Anzeige gebracht. Hierbei waren an einem E-Scooter und an einem E-Roller keine g\u00fcltigen Versicherungskennzeichen angebracht. Die Weiterfahrt wurde jeweils untersagt. Die beiden Fahrer (21 und 31 Jahre alt) m\u00fcssen sich nun in Strafverfahren wegen Verst\u00f6\u00dfen gegen das Pflichtversicherungsgesetz verantworten.<\/p>\n\n\n\n<h2 class=\"wp-block-heading\">(Landau) &#8211; Umgefallene Flasche m\u00fcndet in Verkehrsunfall<\/h2>\n\n\n\n<p>Am 23.04.2024 befuhr eine 66-j\u00e4hrige Opel-Fahrerin gegen 19:30 Uhr die Marie-Curie-Stra\u00dfe in Landau. Sie wollte nach einer Flasche greifen, welche ihr aus der Hand fiel. Hierdurch wurde sie abgelenkt und kam nach rechts von der Fahrbahn ab. Hierbei kollidierte sie mit zwei Pollern, einem Verkehrsschild und einem Baum. Der Opel war nicht mehr fahrbereit und musste abgeschleppt werden. Die 66-J\u00e4hrige wurde durch den Unfall leicht verletzt und wurde zur weiteren Behandlung in ein umliegendes Krankenhaus verbracht.<\/p>\n\n\n\n<h2 class=\"wp-block-heading\">(Landau) &#8211; Ohne Versicherung, aber berauscht auf dem E-Scooter<\/h2>\n\n\n\n<p>Am 22.04.2024 wurde gegen 18:45 Uhr eine 23-j\u00e4hrige E-Scooter-Fahrerin in der Parkstra\u00dfe in Landau einer Verkehrskontrolle unterzogen, da an dem E-Scooter ein nicht mehr g\u00fcltiges Versicherungskennzeichen angebracht war. Bei der \u00dcberpr\u00fcfung der Fahrt\u00fcchtigkeit konnten Auffallerscheinungen festgestellt werden, die auf den Konsum von Bet\u00e4ubungsmitteln hindeuteten. Die Weiterfahrt wurde untersagt. Ein Joint-Konsum am Vortag wurde zugegeben, aber ein entsprechender Drogenvortest verweigert, daher erfolgte eine Blutentnahme auf der Dienststelle. Ein Strafverfahren wegen Trunkenheit im Verkehr sowie ein Versto\u00df gegen das Pflichtversicherungsgesetz wurde eingeleitet.<\/p>\n\n\n\n<h2 class=\"wp-block-heading\">(Frankweiler \/ LD-Nu\u00dfdorf) &#8211; Verkehrsunfall unter Alkohol und Drogeneinfluss am fr\u00fchen Morgen<\/h2>\n\n\n\n<p>Am Freitag den 26.04.2024 gegen 08:10 Uhr kam es an einer Kreuzung zwischen Frankweiler und Nu\u00dfdorf, Einm\u00fcndung K10 zur K9, zu einem Verkehrsunfall mit nicht unerheblichem Sachschaden. Ein 22-j\u00e4hriger Landauer missachtete die Vorfahrt eines BMW-Fahrers, es kam zu einem Zusammensto\u00df im Kreuzungsbereich. Gl\u00fccklicherweise blieben alle Beteiligte unverletzt. Der Unfallverursacher stand zum Unfallzeitpunkt unter Alkoholeinfluss, zudem stellten die Polizeibeamten der Polizei Landau drogentypische Auff\u00e4lligkeiten fest. Ein Drogenschnelltest auf der Dienststelle ergab ein positives Ergebnis, der Fahrer hatte wohl am Vorabend auf einer Party neben Alkohol auch verschiedene Bet\u00e4ubungsmittel konsumiert. Der F\u00fchrerschein des Beschuldigten wurde beschlagnahmt, er muss mit einem l\u00e4ngeren Fahrerlaubnisentzug rechnen. Sein Fahrzeug, dass nicht mehr fahrbereit war, wurde abgeschleppt.<\/p>\n\n\n\n<h2 class=\"wp-block-heading\">(Edenkoben) &#8211; Von der Fahrbahn abgekommen<a href=\"https:\/\/www.facebook.com\/sharer.php?u=https%3A%2F%2Fwww.presseportal.de%2Fblaulicht%2Fpm%2F117686%2F5764074%2F%3Futm_source%3Dfacebook%26utm_medium%3Dsocial\"><\/a><a href=\"https:\/\/twitter.com\/intent\/tweet?text=POL-PDLD%3A%20Edenkoben%20-%20Von%20der%20Fahrbahn%20abgekommen&amp;url=https%3A%2F%2Fwww.presseportal.de%2Fblaulicht%2Fpm%2F117686%2F5764074%2F%3Futm_source%3Dtwitter%26utm_medium%3Dsocial&amp;hashtags=ots&amp;lang=de\"><\/a><a href=\"https:\/\/web.whatsapp.com\/send?text=POL-PDLD%3A%20Edenkoben%20-%20Von%20der%20Fahrbahn%20abgekommen%0A%0Ahttps%3A%2F%2Fwww.presseportal.de%2Fblaulicht%2Fpm%2F117686%2F5764074%2F%3Futm_source%3Dwhatsapp%26utm_medium%3Dsocial\"><\/a><a href=\"https:\/\/www.xing.com\/app\/user?op=share;url=https%3A%2F%2Fwww.presseportal.de%2Fblaulicht%2Fpm%2F117686%2F5764074%2F%3Futm_source%3Dxing%26utm_medium%3Dsocial\"><\/a><a href=\"http:\/\/www.linkedin.com\/shareArticle?mini=true&amp;url=https%3A%2F%2Fwww.presseportal.de%2Fblaulicht%2Fpm%2F117686%2F5764074%2F%3Futm_source%3Dlinkedin%26utm_medium%3Dsocial&amp;title=POL-PDLD%3A+Edenkoben+-+Von+der+Fahrbahn+abgekommen\"><\/a><a href=\"mailto:?subject=POL-PDLD%3A%20Edenkoben%20-%20Von%20der%20Fahrbahn%20abgekommen&amp;body=https:\/\/www.presseportal.de\/blaulicht\/pm\/117686\/5764074\"><\/a><\/h2>\n\n\n<div class=\"wp-block-image\">\n<figure class=\"aligncenter\"><a href=\"https:\/\/cache.pressmailing.net\/thumbnail\/story_hires\/cf2a2697-0ec6-49c7-bb94-a9b5294199e7\/Zweiradunfall.JPG.jpg\"><img decoding=\"async\" src=\"https:\/\/cache.pressmailing.net\/thumbnail\/story_big\/cf2a2697-0ec6-49c7-bb94-a9b5294199e7\/pol-pdld-edenkoben-von-der-fahrbahn-abgekommen\" alt=\"POL-PDLD: Edenkoben - Von der Fahrbahn abgekommen\"\/><\/a><\/figure><\/div>\n\n\n<p>Mit Bein- und R\u00fcckenschmerzen kam am Montag ein 16 Jahre alter Zweiradfahrer in ein Krankenhaus, weil er auf der K31 in einem Kurvenbereich von der Fahrbahn abkam und st\u00fcrzte. Urs\u00e4chlich f\u00fcr den Sturz d\u00fcrfte nicht angepasste Geschwindigkeit auf der verschmutzten Fahrbahn gewesen sein. An seinem Kraftrad entstand wirtschaftlicher Totalschaden. Der Gesamtunfallschaden liegt bei 6.000 Euro.<\/p>\n\n\n\n<h2 class=\"wp-block-heading\">(Edenkoben) &#8211; Handfeste Auseinandersetzung<\/h2>\n\n\n<div class=\"wp-block-image\">\n<figure class=\"aligncenter size-full\"><img decoding=\"async\" loading=\"lazy\" width=\"500\" height=\"751\" src=\"https:\/\/speyer24news.com\/wp-content\/uploads\/2020\/03\/05.03.2020-LU-haeusliche-gewalt.jpg\" alt=\"\" class=\"wp-image-25739\" srcset=\"https:\/\/speyer24news.com\/wp-content\/uploads\/2020\/03\/05.03.2020-LU-haeusliche-gewalt.jpg 500w, https:\/\/speyer24news.com\/wp-content\/uploads\/2020\/03\/05.03.2020-LU-haeusliche-gewalt-200x300.jpg 200w\" sizes=\"(max-width: 500px) 100vw, 500px\" \/><figcaption class=\"wp-element-caption\">Beispielfoto H\u00e4usliche Gewalt, dient lediglich der Visualisierung. Foto: www.polizei-beratung.de<\/figcaption><\/figure><\/div>\n\n\n<p>Zu einer handfesten Auseinandersetzung kam es am Montagmorgen zwischen einem Mann und einer Frau in einer Wohnung in Edenkoben, in deren Verlauf der Mann seine Lebensgef\u00e4hrtin gew\u00fcrgt und mit dem Kopf gegen die Wand geschlagen hatte. Ursache f\u00fcr die Streitigkeiten d\u00fcrften Eifersucht und Meinungsverschiedenheiten gewesen sein. Die Polizei musste anr\u00fccken und den Streit schlichten. Dem Aggressor wurde ein Platzverweis erteilt und eine Verf\u00fcgung ausgeh\u00e4ndigt, wonach er f\u00fcr mehrere Tage seine Partnerin nicht aufsuchen und Kontakt aufnehmen darf. Ein Ermittlungsverfahren wurde eingeleitet. <\/p>\n\n\n\n<h4 class=\"wp-block-heading\">In dem Zusammenhang appelliert die Polizei: Gewalt in Beziehungen sollten nicht privat bleiben. Dar\u00fcber zu sprechen, ist f\u00fcr viele ein Tabu. <\/h4>\n\n\n\n<p><strong>Sollten Sie Gewalt in einer Beziehung erleben, verst\u00e4ndigen sie die Polizei. Jede Polizeidienststelle koordiniert und bietet eine Opferberatung gemeinsam mit der Interventionsstelle an. Die zust\u00e4ndige Interventionsstelle f\u00fcr den Bereich der Polizeiinspektion Edenkoben erreichen sie unter der Telefonnummer 06341\/381922.<\/strong><\/p>\n\n\n\n<h2 class=\"wp-block-heading\">(K 32 \/ Maikammer) &#8211; Auff\u00e4llig im Stra\u00dfenverkehr<\/h2>\n\n\n\n<p>Autofahrer informierten am Dienstag (23.04.2024) um 11.30 Uhr die Polizei \u00fcber eine auff\u00e4llige Autofahrerin, die mehrmals mit ihrem PKW auf der K32 von der Fahrbahn abkam und anschlie\u00dfend den Parkplatz eines Lebensmitteldiscounters befuhr. Die 56 Jahre alte Frau konnte angetroffen und kontrolliert werden. Wegen ihrer Alkoholfahne wurde ihr ein Test angeboten, der 2,3 Promille ergab. Dadurch qualifizierte sie sich zur Blutprobe. Ihre Fahrerlaubnis wurde beschlagnahmt. Ein Strafverfahren wurde eingeleitet.<\/p>\n\n\n\n<h2 class=\"wp-block-heading\">(Maikammer) &#8211; Falsches Gewinnversprechen<\/h2>\n\n\n\n<p>Ein Mann aus Maikammer hatte an einem Gewinnspiel in Facebook teilgenommen. F\u00fcr die Auszahlung des Gewinns wurde er aufgefordert, Apple-Guthabenkarten einzul\u00f6sen bzw. Geld auf ein bestimmtes Bankkonto zu \u00fcberweisen. Nachdem er insgesamt einen vierstelligen Betrag \u00fcberwiesen hatte und der angebliche Gewinn nicht verbucht wurde, wurde er stutzig und gab eine Strafanzeige bei der Polizei auf. Die Polizei warnt vor einer solchen Betrugsmasche. Die Methode ist immer die gleiche: Vor einer Gewinn\u00fcbergabe werden Opfer aufgefordert, Geb\u00fchren zu bezahlen und\/oder kostenpflichtige Telefonnummern zu w\u00e4hlen, um an den angeblichen Gewinn zu kommen. Geben Sie niemals Geld aus, um einen vermeintlichen Gewinn einzufordern, zahlen Sie niemals Geb\u00fchren und w\u00e4hlen Sie auch nie geb\u00fchrenpflichtige Sondernummern.<\/p>\n\n\n\n<h2 class=\"wp-block-heading\">(Neustadt) &#8211; Verkehrsunfallflucht<\/h2>\n\n\n\n<p>Am 27.04.2024 im Zeitraum von 17:30 Uhr bis 19:00 Uhr besch\u00e4digte ein bislang unbekanntes Fahrzeug einen in der Hindenburgstra\u00dfe in 67433 Neustadt\/W. beim Ausparken aus einer Parkl\u00fccke. Hiernach entfernte sich der Unfallverursacher, ohne seinen Pflichten als Verkehrsunfallbeteiligter nachzukommen. <\/p>\n\n\n\n<ul>\n<li><strong>Hinweise zur Aufkl\u00e4rung der Tat nimmt die Polizei Neustadt\/W. entgegen.<\/strong><\/li>\n<\/ul>\n\n\n\n<h2 class=\"wp-block-heading\">(Neustadt) &#8211; Alkoholisiert mit dem Rad gest\u00fcrzt und Widerstand geleistet&#8230;<\/h2>\n\n\n\n<p>&#8230; hat eine 41-J\u00e4rhige aus Neustadt\/W., welche am 27.04.2024 gegen 15:30 Uhr zun\u00e4chst in der Gartenstra\u00dfe in 67433 Neustadt\/W. mit ihrem Fahrrad st\u00fcrzte. Im Verlauf der Sachverhaltsaufnahme konnte starker Alkoholgeruch bei der Dame wahrgenommen werden. Ein Vortest ergab einen Wert von 1,91 Promille, weshalb der Frau eine Blutprobe entnommen wurde. W\u00e4hrend der Entnahme der Blutprobe leistete die Neustadterin Widerstand und beleidigte die eingesetzten Beamten mehrfach. Nun kommen auf die Radfahrerin mehrere Strafverfahren zu. Au\u00dferdem wird die zust\u00e4ndige F\u00fchrerscheinstelle \u00fcber den Vorfall informiert.<\/p>\n\n\n\n<h2 class=\"wp-block-heading\">(Neustadt) &#8211; Verkehrsunfall mit Personenschaden<\/h2>\n\n\n\n<p>Am 27.04.2024 um 13:20 Uhr missachtete eine 66-j\u00e4hrige Honda-Fahrerin die Vorfahrt einer 60-j\u00e4hrigen Toyata-Fahrerin an der Einm\u00fcndung Wiesenstra\u00dfe\/ Konrad-Adenauer-Stra\u00dfe in 67433 Neustadt\/W.. Hiernach klagte die Fahrerin des Toyotas nach dem Zusammensto\u00df \u00fcber Schmerzen in der Brust. Au\u00dferdem war ihr Fahrzeug nicht mehr fahrberiet und musste abgeschleppt werden. Durch den Verkehrsunfall entstand ein Gesamtschaden in H\u00f6he von 4500 Euro.<\/p>\n\n\n\n<h2 class=\"wp-block-heading\">(Neustadt) &#8211; Einbruch in Reiterhof<\/h2>\n\n\n<div class=\"wp-block-image\">\n<figure class=\"aligncenter size-full\"><img decoding=\"async\" loading=\"lazy\" width=\"800\" height=\"516\" src=\"https:\/\/speyer24news.com\/wp-content\/uploads\/2021\/07\/Diebstahl.jpg\" alt=\"\" class=\"wp-image-39167\" srcset=\"https:\/\/speyer24news.com\/wp-content\/uploads\/2021\/07\/Diebstahl.jpg 800w, https:\/\/speyer24news.com\/wp-content\/uploads\/2021\/07\/Diebstahl-300x194.jpg 300w, https:\/\/speyer24news.com\/wp-content\/uploads\/2021\/07\/Diebstahl-768x495.jpg 768w\" sizes=\"(max-width: 800px) 100vw, 800px\" \/><\/figure><\/div>\n\n\n<p>Im Zeitraum vom 26.04.2024, 21:45 Uhr bis 27.04.2024, 06:30 Uhr schnitten unbekannte T\u00e4ter einen Maschendrahtzaun eines Reiterhofs in 67433 Neustadt\/W. auf und gelangte dadurch auf das Gel\u00e4nde. Hier wurden mehre Zeltstallungen betreten und dort Spinde gewaltsam aufgebrochen. Anschlie\u00dfende entwendeten die T\u00e4ter mehrere Sattel aus diesen Spinden und im weiteren Verlauf weiteres Reitequipment aus abgestellten Anh\u00e4ngern. Es entstand ein Gesamtschaden in H\u00f6he von 47000 Euro. <\/p>\n\n\n\n<ul>\n<li><strong>Zeugen, welche sachdienliche Angaben zur Aufkl\u00e4rung der Tat machen k\u00f6nnen, werden gebeten sich mit der Polizei Neustadt\/W. in Verbindung zu setzen.<\/strong><\/li>\n<\/ul>\n\n\n\n<h2 class=\"wp-block-heading\">(Neustadt) &#8211; Zeugenaufruf nach sogenanntem &#8222;Lederjackenbetrug&#8220;<\/h2>\n\n\n<div class=\"wp-block-image\">\n<figure class=\"aligncenter size-full\"><img decoding=\"async\" loading=\"lazy\" width=\"800\" height=\"580\" src=\"https:\/\/speyer24news.com\/wp-content\/uploads\/2021\/11\/Abzocke-Betrug-Wucher-hohe-Rechnung.jpg\" alt=\"\" class=\"wp-image-42488\" srcset=\"https:\/\/speyer24news.com\/wp-content\/uploads\/2021\/11\/Abzocke-Betrug-Wucher-hohe-Rechnung.jpg 800w, https:\/\/speyer24news.com\/wp-content\/uploads\/2021\/11\/Abzocke-Betrug-Wucher-hohe-Rechnung-300x218.jpg 300w, https:\/\/speyer24news.com\/wp-content\/uploads\/2021\/11\/Abzocke-Betrug-Wucher-hohe-Rechnung-768x557.jpg 768w\" sizes=\"(max-width: 800px) 100vw, 800px\" \/><\/figure><\/div>\n\n\n<p>Am 25.04.2024 zwischen 12:50 und 13:15 Uhr kam es in der Haardter Stra\u00dfe, Neustadt, im Bereich Rosengarten zu einem sogenannten &#8222;Lederjackenbetrug&#8220;. Der Bisher unbekannte T\u00e4ter erschlich sich das Vertrauen des Gesch\u00e4digten, bot ihm vermeintlich hochwertige Lederjacken an und erlangte hierdurch die \u00dcbergabe von 1000EUR. Da der Gesch\u00e4digte zun\u00e4chst kein Bargeld mit sich f\u00fchrte, begab man sich mit einem PKW gemeinsam zu einer Neustadter Bankfiliale in der Hohenzollernstra\u00dfe. Nach \u00dcbergabe des Geldes brachte der T\u00e4ter den Gesch\u00e4digten \u00fcber den Hauptbahnhof Neustadt zur\u00fcck in die Haardter Stra\u00dfe. <\/p>\n\n\n\n<h4 class=\"wp-block-heading\">Bei dem genutzten Fahrzeug handelt es sich laut dem Gesch\u00e4digten um einen schwarzen, gro\u00dfen BMW, Bauform: Limousine. <\/h4>\n\n\n\n<h4 class=\"wp-block-heading\">Den T\u00e4ter beschrieb der Gesch\u00e4digte wie folgt:<\/h4>\n\n\n\n<ul>\n<li><strong>ca. 50 Jahre alt<\/strong><\/li>\n\n\n\n<li><strong>schmale Figur<\/strong><\/li>\n\n\n\n<li><strong>l\u00e4nglicher Kopf<\/strong><\/li>\n\n\n\n<li><strong>kurze grauschwarze Haare, kein Bart<\/strong><\/li>\n\n\n\n<li><strong>leicht get\u00f6nte Brille<\/strong><\/li>\n\n\n\n<li><strong>sprach deutsch mit leichtem, italienischen Akzent<\/strong><\/li>\n\n\n\n<li><strong>trug ein helles Sakko und eine dunkle lange Hose<\/strong><\/li>\n\n\n\n<li><strong>vornehmes Erscheinungsbild<\/strong><\/li>\n<\/ul>\n\n\n\n<ul>\n<li><strong>Die Polizeiinspektion Neustadt erbittet Hinweise von evtl. Zeugen des Vorfalls unter Tel. 06321 854-0 oder per E-Mail an&nbsp;<a href=\"mailto:%20pineustadt@polizei.rlp.de\">pineustadt@polizei.rlp.de<\/a>.<\/strong><\/li>\n<\/ul>\n\n\n\n<h2 class=\"wp-block-heading\">(Neustadt) &#8211; Durch auff\u00e4lliges Verhalten Anzeigen eingehandelt&#8230;<\/h2>\n\n\n\n<p>&#8230; hat sich ein 45-J\u00e4hriger am 22.04.2024, welcher am 22.04.2024 um 18:00 Uhr in der Stra\u00dfe Im Altenschemel in 67435 Neustadt\/W. einer Verkehrskontrolle unterzogen wurde. Zuvor wurde der Mann durch eine Passantin beobachtet, wie dieser suchend durch die Stra\u00dfen des Gewerbegebiets fuhr. Aufgrund des auff\u00e4lligen Verhaltens informierte die Passantin die hiesige Dienststelle. Im Rahmen der Absuche des Nahbereichs konnte durch eine Streife der 45-J\u00e4hrige in seinem Fiat kontrolliert werden. Hierbei konnte festgestellt werden, dass dieser von seiner Fahrerlaubnis in der BRD keinen Gebrauch machen durfte und dieser unter dem Einfluss von Alkohol und Bet\u00e4ubungsmitteln stand. Daher wurde dem Mann im Anschluss eine Blutprobe entnommen. Da dessen Fiat bereits im vergangenen Monat diesen Jahres ebenfalls zur Begehung gleichgelagerter Delikte genutzt wurde, wurde dieser sichergestellt. Nun kommen auf den Fiat-Fahrer mehrere Strafanzeigen zu. Au\u00dferdem wird die zust\u00e4ndige F\u00fchrerscheinstelle \u00fcber den Vorfall informiert.<\/p>\n\n\n\n<h2 class=\"wp-block-heading\">(Ha\u00dfloch) &#8211; Unfallfluchten<\/h2>\n\n\n\n<p>Bei der Polizeiinspektion Ha\u00dfloch wurden am 26.04.2024 unabh\u00e4ngig voneinander zwei Unfallfluchten in Ha\u00dfloch gemeldet.<\/p>\n\n\n\n<ol>\n<li>Zum einen wurde im Tatzeitraum (25.04.2024, 15:15 Uhr bis 26.04.2024, 08:45 Uhr) ein in der Rosenstra\u00dfe geparkter PKW (Dacia, grau) im Frontbereich besch\u00e4digt. Der entstandene Schaden wird auf ca. 1000,- Euro gesch\u00e4tzt.<\/li>\n\n\n\n<li>Der zweite Fall ereignete sich im Lachener Weg auf dem Parkplatz des Badeparks. Hier wurde im Tatzeitraum (26.04.2024, 12:30 bis 20:20 Uhr) ein geparkter VW Multivan (Farbe: gelb\/wei\u00df) im Frontbereich besch\u00e4digt. Auch hier betr\u00e4gt der entstandene Schaden laut Sch\u00e4tzung ca. 1000,- Euro.<\/li>\n<\/ol>\n\n\n\n<ul>\n<li><strong>In beiden F\u00e4llen entfernten sich die Verursacher unerlaubt von der Unfallstelle. Eventuelle Zeugen\/-innen werden gebeten, sich bei der Polizeiinspektion Ha\u00dfloch zu melden.<\/strong><\/li>\n<\/ul>\n\n\n\n<h2 class=\"wp-block-heading\">(Ha\u00dfloch) &#8211; Girls Day bei der Polizei Ha\u00dfloch ein voller Erfolg<a href=\"https:\/\/www.facebook.com\/sharer.php?u=https%3A%2F%2Fwww.presseportal.de%2Fblaulicht%2Fpm%2F117687%2F5766919%2F%3Futm_source%3Dfacebook%26utm_medium%3Dsocial\"><\/a><a href=\"https:\/\/twitter.com\/intent\/tweet?text=POL-PDNW%3A%20Girls%20Day%20bei%20der%20Polizei%20Ha%C3%9Floch%20ein%20voller%20Erfolg&amp;url=https%3A%2F%2Fwww.presseportal.de%2Fblaulicht%2Fpm%2F117687%2F5766919%2F%3Futm_source%3Dtwitter%26utm_medium%3Dsocial&amp;hashtags=ots&amp;lang=de\"><\/a><a href=\"https:\/\/web.whatsapp.com\/send?text=POL-PDNW%3A%20Girls%20Day%20bei%20der%20Polizei%20Ha%C3%9Floch%20ein%20voller%20Erfolg%0A%0Ahttps%3A%2F%2Fwww.presseportal.de%2Fblaulicht%2Fpm%2F117687%2F5766919%2F%3Futm_source%3Dwhatsapp%26utm_medium%3Dsocial\"><\/a><a href=\"https:\/\/www.xing.com\/app\/user?op=share;url=https%3A%2F%2Fwww.presseportal.de%2Fblaulicht%2Fpm%2F117687%2F5766919%2F%3Futm_source%3Dxing%26utm_medium%3Dsocial\"><\/a><a href=\"http:\/\/www.linkedin.com\/shareArticle?mini=true&amp;url=https%3A%2F%2Fwww.presseportal.de%2Fblaulicht%2Fpm%2F117687%2F5766919%2F%3Futm_source%3Dlinkedin%26utm_medium%3Dsocial&amp;title=POL-PDNW%3A+Girls+Day+bei+der+Polizei+Ha%C3%9Floch+ein+voller+Erfolg\"><\/a><a href=\"mailto:?subject=POL-PDNW%3A%20Girls%20Day%20bei%20der%20Polizei%20Ha%C3%9Floch%20ein%20voller%20Erfolg&amp;body=https:\/\/www.presseportal.de\/blaulicht\/pm\/117687\/5766919\"><\/a><\/h2>\n\n\n<div class=\"wp-block-image\">\n<figure class=\"aligncenter\"><a href=\"https:\/\/cache.pressmailing.net\/thumbnail\/story_hires\/af3aa8be-8b43-4b9f-a0c3-df9fb935f066\/poMMes_2024-04-26_12-35-03_1.jpeg.jpg\"><img decoding=\"async\" src=\"https:\/\/cache.pressmailing.net\/thumbnail\/story_big\/af3aa8be-8b43-4b9f-a0c3-df9fb935f066\/pol-pdnw-girls-day-bei-der-polizei-ha-loch-ein-voller-erfolg\" alt=\"POL-PDNW: Girls Day bei der Polizei Ha\u00dfloch ein voller Erfolg\"\/><\/a><\/figure><\/div>\n\n\n<p>Unter dem Motto &#8222;Deine Polizei-hautnah!&#8220; durfte die PI Ha\u00dfloch am 25.04.2024 insgesamt 15 Teilnehmerinnen zum diesj\u00e4hrigen Girls&#8217;Day begr\u00fc\u00dfen. Die angebotenen Pl\u00e4tze waren innerhalb k\u00fcrzester Zeit ausgebucht. Entsprechend gro\u00df war die Freude der M\u00e4dels auf ein abwechslungsreiches Programm. Neben dem Erkunden eines Streifenwagens und eines Motorrades durften die Damen auch eine echte Kontrollstelle hautnah miterleben, eigenst\u00e4ndig Spuren sichern und das Gewicht der Ausr\u00fcstung f\u00fcr lebensbedrohliche Einsatzlagen mal ausprobieren. Highlight war die Vorf\u00fchrung der Diensthundestaffel. Die M\u00e4dchen zeigten aktives Interesse und l\u00f6cherten die Betreuenden mit einer Vielzahl von Fragen. Im Rahmen der abschlie\u00dfenden Feedback Runde fiel die Resonanz durchweg positiv aus. Insbesondere die praktischen Anteile, in denen die M\u00e4dchen selbst ausprobieren durften, sowie die pers\u00f6nlichen Erfahrungsberichte aus erlebten Eins\u00e4tzen der Betreuenden regten und st\u00e4rkten das Interesse am Polizeiberuf. Alles in Allem eine sehr gelungene Veranstaltung mit begeisterten jungen Damen. Die ein oder andere hat schon nach Praktikumspl\u00e4tzen nachgefragt.<\/p>\n\n\n\n<h2 class=\"wp-block-heading\">(Ha\u00dfloch) &#8211; Polizei kontrolliert verst\u00e4rkt Fahrradfahrer<\/h2>\n\n\n\n<p>Am Dienstag wurden in Ha\u00dfloch durch die Polizei mehrere Kontrollstellen hinsichtlich fahrradfahrender Verkehrsteilnehmer eingerichtet. Hierbei wurde durch die Beamten vor allem ein Augenmerk auf die technischen Einrichtungen der Fahrr\u00e4der und deren Funktionsf\u00e4higkeit gelegt. Weiterhin wurden auch E-Scooter genauer betrachtet. Die Beamten konnten hierbei die Verkehrsteilnehmer \u00fcber die Nutzung von E-Scooter im Stra\u00dfenverkehr aufkl\u00e4ren und in Gespr\u00e4chen mit B\u00fcrgern offene Fragen beantworten.<\/p>\n\n\n\n<h2 class=\"wp-block-heading\">(Ha\u00dfloch) &#8211; Geldbeutel gestohlen<\/h2>\n\n\n\n<p>Am Dienstag, den 23.04.2024, befand sich eine 83-j\u00e4hrige Frau im ehemaligen REAL-Markt in Ha\u00dfloch. Dort wurde ihr gegen 13:30 Uhr der Geldbeutel aus ihrer Handtasche entwendet. Die Handtasche trug sie dabei \u00fcber die Schulter h\u00e4ngend. Im Nachgang an den Diebstahl musste sie feststellen, dass von ihrem Konto ein gr\u00f6\u00dferer Geldbetrag abgebucht wurde. Der T\u00e4ter benutzte hierzu eine Bankkarte, welche sich im Geldbeutel der Gesch\u00e4digten befand.<\/p>\n\n\n\n<ul>\n<li><strong>Hinweise zu einem Tatverd\u00e4chtigen konnte die Gesch\u00e4digte nur vage geben. Demnach fiel ihr ein Mann auf, der schnell den Einkaufsmarkt verlie\u00df. Dieser sei von schmaler Statur gewesen und habe dunkle, lockige Haare gehabt. Auff\u00e4llig sei ein Mundschutz gewesen, den der Mann im Gesicht getragen habe.<\/strong><\/li>\n\n\n\n<li><strong>Die Polizei bittet Zeugen, welche die Tat beobachtet haben, oder Hinweise zu dem Tatverd\u00e4chtigen geben k\u00f6nnen, sich mit der Polizeiinspektion Ha\u00dfloch in Verbindung zu setzen. Telefon:06324-9330<\/strong><\/li>\n<\/ul>\n\n\n\n<h2 class=\"wp-block-heading\">(Ha\u00dfloch) &#8211; Kind von unbekanntem Mann angesprochen<\/h2>\n\n\n\n<p>Am Dienstagnachmittag gegen 13:00 Uhr wurde ein Sch\u00fcler der Schillerschule auf dem Heimweg vor dem Altenheim in der Heinrich-Brauch-Stra\u00dfe von einem \u00e4lteren Mann angesprochen. Der Mann bat den Sch\u00fcler mitzukommen, da er ihm etwas schenken wolle. Dies verneinte der Neunj\u00e4hrige und lief schlie\u00dflich nach Hause, von wo die Polizei informiert wurde. <\/p>\n\n\n\n<ul>\n<li><strong>Bei dem Ansprecher soll es sich um einen Mann mittleren Alters mit braunen Augen handeln. <\/strong><\/li>\n<\/ul>\n\n\n\n<h4 class=\"wp-block-heading\"><em>In diesem Zusammenhang bittet die Polizei insbesondere die Eltern, mit dem Thema sensibel umzugehen und ihre Kinder in Gespr\u00e4chen auf m\u00f6gliche Situationen vorzubereiten und Verhaltensweisen aufzuzeigen. Bei Fragen stehen die Beratungsstellen der Polizei jederzeit als Ansprechpartner zur Verf\u00fcgung.<\/em><\/h4>\n\n\n\n<h2 class=\"wp-block-heading\">(Ha\u00dfloch) &#8211; Sachbesch\u00e4digungen an PKW`s<\/h2>\n\n\n\n<p>Seit Beginn des Monats April kam es im Ortskern von Ha\u00dfloch vermehrt zu Sachbesch\u00e4digungen an geparkten Fahrzeugen. Ein Unbekannter zerkratzte hierbei mehrmals deren Lack und zerstach Reifen.<\/p>\n\n\n\n<ul>\n<li><strong>Die Polizei bittet Zeugen, die Hinweise auf einen Tatverd\u00e4chtigen geben k\u00f6nnen, sich mit der Polizeiinspektion Ha\u00dfloch in Verbindung zu setzen. Telefon: 06324-9330<\/strong><\/li>\n<\/ul>\n\n\n\n<h2 class=\"wp-block-heading\">(Bad D\u00fcrkheim) &#8211; Sachbesch\u00e4digung durch Feuer an Au\u00dfenbestuhlung<\/h2>\n\n\n\n<p>Am 27.04.2024, um 03.45 Uhr kam es in Bad D\u00fcrkheim in der Kurbrunnenstra\u00dfe zu einem Brand zweier Stapelst\u00fchle im Au\u00dfenbereich eines Kaffes. Durch die Entz\u00fcndung wurde auch ein Schirm besch\u00e4digt. Aufgrund der Umst\u00e4nde vor Ort d\u00fcrften die St\u00fchle mutwillig angez\u00fcndet worden sein. <\/p>\n\n\n\n<ul>\n<li><strong>Daher sucht die Polizeiinspektion Bad D\u00fcrkheim Zeugen, die die Tat beobachten konnten oder Hinweise geben k\u00f6nnen unter der Tel.: 06322\/963-0 oder per E-Mail:&nbsp;<a href=\"mailto:%20pibadduerkheim@polizei.rlp.de\">pibadduerkheim@polizei.rlp.de<\/a>.<\/strong><\/li>\n<\/ul>\n\n\n\n<h2 class=\"wp-block-heading\">(Bad D\u00fcrkheim) &#8211; Entenfamilie auf Abwegen<a href=\"https:\/\/www.facebook.com\/sharer.php?u=https%3A%2F%2Fwww.presseportal.de%2Fblaulicht%2Fpm%2F117687%2F5766775%2F%3Futm_source%3Dfacebook%26utm_medium%3Dsocial\"><\/a><a href=\"https:\/\/twitter.com\/intent\/tweet?text=POL-PDNW%3A%20%28Bad%20D%C3%BCrkheim%29%20-%20Entenfamilie%20auf%20Abwegen&amp;url=https%3A%2F%2Fwww.presseportal.de%2Fblaulicht%2Fpm%2F117687%2F5766775%2F%3Futm_source%3Dtwitter%26utm_medium%3Dsocial&amp;hashtags=ots&amp;lang=de\"><\/a><a href=\"https:\/\/web.whatsapp.com\/send?text=POL-PDNW%3A%20%28Bad%20D%C3%BCrkheim%29%20-%20Entenfamilie%20auf%20Abwegen%0A%0Ahttps%3A%2F%2Fwww.presseportal.de%2Fblaulicht%2Fpm%2F117687%2F5766775%2F%3Futm_source%3Dwhatsapp%26utm_medium%3Dsocial\"><\/a><a href=\"https:\/\/www.xing.com\/app\/user?op=share;url=https%3A%2F%2Fwww.presseportal.de%2Fblaulicht%2Fpm%2F117687%2F5766775%2F%3Futm_source%3Dxing%26utm_medium%3Dsocial\"><\/a><a href=\"http:\/\/www.linkedin.com\/shareArticle?mini=true&amp;url=https%3A%2F%2Fwww.presseportal.de%2Fblaulicht%2Fpm%2F117687%2F5766775%2F%3Futm_source%3Dlinkedin%26utm_medium%3Dsocial&amp;title=POL-PDNW%3A+%28Bad+D%C3%BCrkheim%29+-+Entenfamilie+auf+Abwegen\"><\/a><a href=\"mailto:?subject=POL-PDNW%3A%20%28Bad%20D%C3%BCrkheim%29%20-%20Entenfamilie%20auf%20Abwegen&amp;body=https:\/\/www.presseportal.de\/blaulicht\/pm\/117687\/5766775\"><\/a><\/h2>\n\n\n<div class=\"wp-block-image\">\n<figure class=\"aligncenter\"><a href=\"https:\/\/cache.pressmailing.net\/thumbnail\/story_hires\/fb576f6c-7cc1-464a-a323-133a7434aa75\/IMG-20240426-WA0004.jpg.jpg\"><img decoding=\"async\" src=\"https:\/\/cache.pressmailing.net\/thumbnail\/story_big\/fb576f6c-7cc1-464a-a323-133a7434aa75\/pol-pdnw-bad-d-rkheim-entenfamilie-auf-abwegen\" alt=\"POL-PDNW: (Bad D\u00fcrkheim) - Entenfamilie auf Abwegen\"\/><\/a><\/figure><\/div>\n\n\n<p>Am 26.04.2024 musste gegen 09:00 Uhr die Kreuzung Gaustra\u00dfe\/Kaiserslauterer Stra\u00dfe\/R\u00f6merstra\u00dfe kurzzeitig f\u00fcr den Verkehr gesperrt werden. Eine Entenfamilie hatte sich verirrt und stand vor dem verschlossenen D\u00fcrkheimer Haus. Um die Entenmama mit ihren zehn K\u00fcken sicher zur\u00fcck zur Isenach zu geleiten, musste der Verkehr kurzzeitig angehalten werden. Die Enten nahmen das Angebot der absperrenden Funkstreife gerne an und watschelten \u00fcber die Eichstra\u00dfe zur\u00fcck zur Isenach.<\/p>\n\n\n\n<h2 class=\"wp-block-heading\">(Bad D\u00fcrkheim) &#8211; Girls&#8217;Day 2024 bei der Polizeiinspektion Bad D\u00fcrkheim<\/h2>\n\n\n\n<p>Am 25.04.2024 fand f\u00fcr 15 Sch\u00fclerinnen, der diesj\u00e4hrige Girls&#8217;Day in den R\u00e4umlichkeiten der Polizeiin-spektion Bad D\u00fcrkheim statt. Hierbei hatten die M\u00e4dchen im Alter zwischen 12 und 16 Jahren, die Gelegenheit, hautnah zu erleben, wie eine Dienststelle aussieht, wie es sich anf\u00fchlt in einer Zelle zu sein, wie es ist in einem Streifenwagen zu sitzen oder was sich alles am Einsatzg\u00fcrtel befindet.<\/p>\n\n\n\n<p>Die Sch\u00fclerinnen die von unterschiedlichen Schulen aus Heidelberg, Worms und aus dem Landkreis angereist kamen, hatten acht Stunden lang die Gelegenheit bei der Polizei in Bad D\u00fcrkheim hinter die Kulissen zu blicken.<\/p>\n\n\n\n<p>Der Girls&#8217;Day ist ein einmal im Jahr stattfindender Aktionstag, der unter anderem dazu beitragen soll, den Anteil der weiblichen Besch\u00e4ftigten in sogenannten &#8222;M\u00e4nnerberufen&#8220; zu erh\u00f6hen. Um einen informativen und gleichzeitig erlebnisreichen Aktionstag zu gestalten, wurde ein abwechslungsreiches Programm zusammengestellt. Dabei zeigten sich die Sch\u00fclerinnen sehr wissbegierig und interessiert. Sie bekamen zudem die Gelegenheit, einzelne Einsatzmittel aus der N\u00e4he zu betrachten und anzufassen. Die Schutzweste oder auch die Dienstm\u00fctze konnten anprobiert werden.<\/p>\n\n\n\n<p>H\u00f6hepunkt war die Pr\u00e4sentation der Diensthundestaffel. Eine Diensthundef\u00fchrerin und ein Diensthundef\u00fchrer pr\u00e4sentierten hier eindrucksvoll Gehorsam, Sp\u00fcrsinn und die vielf\u00e4ltigen Einsatzm\u00f6glichkeiten ihrer vierbeinigen Streifenpartner. Zus\u00e4tzlicher H\u00f6hepunkt beim Rundgang durch die Dienststelle war die Abnahme von Fingerabdr\u00fccken, sowie die Sicherung von Fingerspuren mittels Ru\u00dfpulver.<\/p>\n\n\n\n<h4 class=\"wp-block-heading\">Und wer wei\u00df, vielleicht k\u00f6nnen wir irgendwann die eine oder andere Sch\u00fclerin als Streifenpartnerin hier begr\u00fc\u00dfen. Habt ihr Lust euch zu bewerben? Weitere Informationen zum Polizeiberuf und Einstellungsvoraussetzungen unter:<\/h4>\n\n\n\n<ul>\n<li><a href=\"https:\/\/www.polizei.rlp.de\/\" target=\"_blank\" rel=\"noreferrer noopener\"><strong>www.polizei.rlp.de<\/strong><\/a><\/li>\n\n\n\n<li>oder<\/li>\n\n\n\n<li><strong>E-Mail an&nbsp;<a href=\"mailto:%20pibadduerkheim.einstellungen@polizei.rlp.de\">pibadduerkheim.einstellungen@polizei.rlp.de<\/a><\/strong><\/li>\n<\/ul>\n\n\n\n<h2 class=\"wp-block-heading\">(Bad D\u00fcrkheim) &#8211; Senior Opfer von Trickbetr\u00fcgern<\/h2>\n\n\n<div class=\"wp-block-image\">\n<figure class=\"aligncenter size-large\"><img decoding=\"async\" loading=\"lazy\" width=\"1024\" height=\"649\" src=\"https:\/\/speyer24news.com\/wp-content\/uploads\/2022\/04\/Geld-Betrug-Schockanruf-Rentner-1024x649.jpg\" alt=\"\" class=\"wp-image-44260\" srcset=\"https:\/\/speyer24news.com\/wp-content\/uploads\/2022\/04\/Geld-Betrug-Schockanruf-Rentner-1024x649.jpg 1024w, https:\/\/speyer24news.com\/wp-content\/uploads\/2022\/04\/Geld-Betrug-Schockanruf-Rentner-300x190.jpg 300w, https:\/\/speyer24news.com\/wp-content\/uploads\/2022\/04\/Geld-Betrug-Schockanruf-Rentner-768x487.jpg 768w, https:\/\/speyer24news.com\/wp-content\/uploads\/2022\/04\/Geld-Betrug-Schockanruf-Rentner.jpg 1280w\" sizes=\"(max-width: 1024px) 100vw, 1024px\" \/><figcaption class=\"wp-element-caption\">Beispielbild Schockanruf \/ Betrug, dient lediglich der Visualisierung<\/figcaption><\/figure><\/div>\n\n\n<p>Am 24.04.2023 gegen 09:00 Uhr wurde ein \u00e4lterer Herr aus Forst Opfer von Trickbetr\u00fcgern. Der Senior lie\u00df sich am Schalter einer Bank in Bad D\u00fcrkheim einen vierstelligen Betrag in bar auszahlen. Kurz nach dem Verlassen des Bankgeb\u00e4udes wurde er in seinem Fahrzeug, durch das Fenster der Beifahrert\u00fcr, von einer bislang unbekannten m\u00e4nnlichen Person angesprochen. Im Rahmen des Gespr\u00e4ches beugte sich der unbekannte T\u00e4ter in das Fahrzeuginnere und entwendete geschickt und unbemerkt einen dreistelligen Betrag vom auf dem Beifahrersitz abgelegten Bargeld. Eingeleitete Fahndungsma\u00dfnahmen verliefen negativ. <\/p>\n\n\n\n<h4 class=\"wp-block-heading\">Der T\u00e4ter war:<\/h4>\n\n\n\n<ul>\n<li><strong>25-30 Jahre alt<\/strong><\/li>\n\n\n\n<li><strong>1,70 Meter gro\u00df<\/strong><\/li>\n\n\n\n<li><strong>schlank<\/strong><\/li>\n\n\n\n<li><strong>hatte dunkle kurze Haare<\/strong><\/li>\n\n\n\n<li><strong>Er sprach deutsch mit leichtem &#8222;osteurop\u00e4ischem&#8220; Akzent.<\/strong><\/li>\n\n\n\n<li><strong>Die Kriminalpolizei in Bad D\u00fcrkheim hat die Ermittlungen aufgenommen. Wurden sie auch Opfer eines solchen Betruges dann wenden sie sich bitte an die Polizei Bad D\u00fcrkheim unter 06322 963 0 oder per E-Mail an&nbsp;<a href=\"mailto:%20pibadduerkheim@polizei.rlp.de\">pibadduerkheim@polizei.rlp.de<\/a>.<\/strong><\/li>\n<\/ul>\n\n\n\n<h4 class=\"wp-block-heading\"><em>Die Polizei r\u00e4t hier, werden Sie sofort misstrauisch, wenn Sie jemand am Bankautomaten oder direkt nach dem Abheben von Bargeld anspricht. Lassen Sie sich nicht von Fremden ansprechen oder ablenken. Sprechen sie aufdringliche Personen laut an oder rufen sie um Hilfe. Weitere n\u00fctzliche Informationen erhalten Sie unter&nbsp;<a href=\"https:\/\/www.polizei-beratung.de\/\" target=\"_blank\" rel=\"noreferrer noopener\">www.polizei-beratung.de<\/a>&nbsp;oder auf ihrer n\u00e4chstgelegenen Polizeidienststelle.<\/em><\/h4>\n\n\n\n<h2 class=\"wp-block-heading\">(B 271 \/ Kirchheim) &#8211; Vollsperrung der B 271 nach Verkehrsunfall<\/h2>\n\n\n\n<p>Aufgrund eines Verkehrsunfalls am Sonntag, unter Beteiligung mehrerer Fahrzeuge, ist die Bundestra\u00dfe 271 seit etwa 14:15 Uhr zwischen den Abfahrten Kirchheim Nord und Kirchheim West bis zur Beendigung der Unfallaufnahme und R\u00e4umung der Fahrbahn bis auf weiteres vollgesperrt. Bitte meiden sie den Bereich weitr\u00e4umig.<\/p>\n\n\n\n<h3 class=\"wp-block-heading has-text-align-center\">Nachtragsmeldung zu Vollsperrung B271 nach Verkehrsunfall<a href=\"https:\/\/www.facebook.com\/sharer.php?u=https%3A%2F%2Fwww.presseportal.de%2Fblaulicht%2Fpm%2F117687%2F5767638%2F%3Futm_source%3Dfacebook%26utm_medium%3Dsocial\"><\/a><a href=\"https:\/\/twitter.com\/intent\/tweet?text=POL-PDNW%3A%20Nachtragsmeldung%20zu%20Vollsperrung%20B271%20nach%20Verkehrsunfall&amp;url=https%3A%2F%2Fwww.presseportal.de%2Fblaulicht%2Fpm%2F117687%2F5767638%2F%3Futm_source%3Dtwitter%26utm_medium%3Dsocial&amp;hashtags=ots&amp;lang=de\"><\/a><a href=\"https:\/\/web.whatsapp.com\/send?text=POL-PDNW%3A%20Nachtragsmeldung%20zu%20Vollsperrung%20B271%20nach%20Verkehrsunfall%0A%0Ahttps%3A%2F%2Fwww.presseportal.de%2Fblaulicht%2Fpm%2F117687%2F5767638%2F%3Futm_source%3Dwhatsapp%26utm_medium%3Dsocial\"><\/a><a href=\"https:\/\/www.xing.com\/app\/user?op=share;url=https%3A%2F%2Fwww.presseportal.de%2Fblaulicht%2Fpm%2F117687%2F5767638%2F%3Futm_source%3Dxing%26utm_medium%3Dsocial\"><\/a><a href=\"http:\/\/www.linkedin.com\/shareArticle?mini=true&amp;url=https%3A%2F%2Fwww.presseportal.de%2Fblaulicht%2Fpm%2F117687%2F5767638%2F%3Futm_source%3Dlinkedin%26utm_medium%3Dsocial&amp;title=POL-PDNW%3A+Nachtragsmeldung+zu+Vollsperrung+B271+nach+Verkehrsunfall\"><\/a><a href=\"mailto:?subject=POL-PDNW%3A%20Nachtragsmeldung%20zu%20Vollsperrung%20B271%20nach%20Verkehrsunfall&amp;body=https:\/\/www.presseportal.de\/blaulicht\/pm\/117687\/5767638\"><\/a><\/h3>\n\n\n<div class=\"wp-block-image\">\n<figure class=\"aligncenter\"><a href=\"https:\/\/cache.pressmailing.net\/thumbnail\/story_hires\/020fdd0c-3046-4598-859f-bd059ff09f9a\/poMMes_2024-04-28_17-22-28_11.jpeg.jpg\"><img decoding=\"async\" src=\"https:\/\/cache.pressmailing.net\/thumbnail\/story_big\/020fdd0c-3046-4598-859f-bd059ff09f9a\/pol-pdnw-nachtragsmeldung-zu-vollsperrung-b271-nach-verkehrsunfall\" alt=\"POL-PDNW: Nachtragsmeldung zu Vollsperrung B271 nach Verkehrsunfall\"\/><\/a><\/figure><\/div>\n\n\n<p>Auf der B271, der Umgehungsstra\u00dfe von Kirchheim\/Weinstra\u00dfe, kam es gegen 14 Uhr zwischen 2 PKW zu einem schweren Unfall im Begegnungsverkehr. Nach aktuellem Ermittlungsstand fuhr ein 47-j\u00e4hriger Mann aus dem Kreis Alzey Worms mit seinem PKW auf der B271 in Richtung Gr\u00fcnstadt. In einer langgezogenen Rechtskurve geriet er auf die Gegenfahrban und kollidierte dort nahezu frontal mit dem entgegenkommenden PKW eines Taxiunternehmens. Das Taxi wurde durch den Zusammenprall um 180 Grad gedreht und schleuderte in den Graben. Taxifahrer und Fahrgast erlitten dadurch Prellungen und Sch\u00fcrfwunden. Ein weiterer PKW wurde durch umherfliegende Tr\u00fcmmerteile besch\u00e4digt. Im Rahmen der Unfallaufnahme konnte beim Unfallverursacher deutlicher Alkoholgeruch in der Atemluft festgestellt werden. Ein daraufhin durchgef\u00fchrter Atemalkoholtest ergab einen Wert von knapp \u00fcber 2 Promille. Der F\u00fchrerschein wurde beschlagnahmt und eine Blutprobenentnahme veranlasst. Ihn erwartet ein entsprechendes Strafverfahren. Aufgrund der zun\u00e4chst unklaren Erkenntnisse \u00fcber Schwere der Sch\u00e4den, Anzahl der Verletzten und der Meldung \u00fcber mehrere beteiligte Fahrzeuge wurden von der Leitstelle mehrere Rettungswagen, Notarzt, Rettungshubschrauber und die Feuerwehren Gr\u00fcnstadt und Kirchheim alarmiert. Durch die Feuerwehr wurden die Unfallfahrzeuge gesichert und sp\u00e4ter auch die Absperrma\u00dfnahmen \u00fcbernommen. Alle Unfallbeteiligten wurden durch den Rettungsdienst versorgt und kamen zur weiteren Untersuchung, bzw. Behandlung in unterschiedliche Krankenh\u00e4user. An beiden PKW entstand Totalschaden. Zur Reinigung der Fahrbahn von der Vielzahl an Tr\u00fcmmerteilen wurde die Stra\u00dfenmeisterei verst\u00e4ndigt. Die Fahrbahn musste f\u00fcr die Dauer der Unfallaufnahme, Versorgung der Verletzten, Bergung der Fahrzeuge und Reinigung der Fahrbahn f\u00fcr 2 Stunden voll gesperrt werden. Der Verkehr wurde durch Kirchheim umgeleitet. Gegen 16:15 waren alle Arbeiten erledigt und die Vollsperrung wurde aufgehoben.<\/p>\n\n\n\n<h2 class=\"wp-block-heading\">(Gr\u00fcnstadt) &#8211; Trunkenheit im Verkehr<\/h2>\n\n\n\n<p>Am Samstag, 27.04.2024 gegen 02:35 Uhr wurde ein 51-j\u00e4hriger Pkw-Fahrer in Gr\u00fcnstadt einer Verkehrskontrolle unterzogen. W\u00e4hrend der Kontrolle stellten die Beamten Atemalkoholgeruch bei dem Fahrer fest. Ein anschlie\u00dfender Atemalkoholtest ergab einen Wert \u00fcber 0,5 Promille. Dem Mann wurde daraufhin die Weiterfahrt untersagt. Es wurde ein Bu\u00dfgeldverfahren eingeleitet, welches ein Bu\u00dfgeld in H\u00f6he von 500EUR, ein 1-monatiges Fahrverbot sowie zwei Punkte mit sich zieht.<\/p>\n\n\n\n<h2 class=\"wp-block-heading\">(Gr\u00fcnstadt) &#8211; Girls&#8216; Day bei der Polizeiinspektion Gr\u00fcnstadt \/ Ein Tag als Polizeibeamtin<\/h2>\n\n\n\n<p>Die Polizeiinspektion Gr\u00fcnstadt beteiligte sich zum wiederholten Male am Girls&#8216; Day, einer bundesweiten Aktion zur Berufsorientierung f\u00fcr M\u00e4dchen. 16 Sch\u00fclerinnen der siebten bis neunten Klassen konnten am 25.04.2024 in den Beruf der Polizeibeamtin reinschnuppern. Was bedeuten die Sterne auf den Schulterklappen? Kann man auch direkt zur Kriminalpolizei? Was war Ihr spannendster Einsatz? &#8211; neben einer Vorstellung der vielf\u00e4ltigen Verwendungsm\u00f6glichkeiten bei der Polizei Rheinland-Pfalz konnten jede Menge fachliche sowie pers\u00f6nliche Fragen beantwortet werden. Die Sch\u00fclerinnen hatten die M\u00f6glichkeit, sich eine Polizeidienststelle von innen anzusehen, die Einsatzmittel der Polizei kennen zu lernen und teilweise selbst auszuprobieren. Nachdem die M\u00e4dchen ihr Wissen bei einem Quiz unter Beweis stellten, durften sie einen fiktiven Sachverhalt l\u00f6sen. Hierzu wurden Spuren an einem nachgebauten Tatort gesichert und anschlie\u00dfend mit den Fingerabdr\u00fccken einer selbst durchgef\u00fchrten erkennungsdienstlichen Behandlung abgeglichen. Das Highlight f\u00fcr die M\u00e4dchen war es, ihre eigenen Fingerabdr\u00fccke aufs Papier zu bringen und diese als Andenken zu behalten.<\/p>\n\n\n\n<h2 class=\"wp-block-heading\">(Gr\u00fcnstadt) &#8211; Verkehrsunfallflucht<\/h2>\n\n\n\n<p>Die Gesch\u00e4digte stellte ihren Pkw Opel Meriva am Montag, 22.04.2024 gegen 07:10 Uhr auf einem Parkplatz in der Vorstadt in Gr\u00fcnstadt ab. Als sie gegen 17:45 Uhr zu ihrem Fahrzeug zur\u00fcckkam, stellte sie einen Schaden am linken Au\u00dfenspiegel fest. Vermutlich streifte ein bislang unbekannter Fahrzeugf\u00fchrer beim Ausparken den linken Au\u00dfenspiegel des Opel und entfernte sich im Anschluss unerlaubt von der \u00d6rtlichkeit. Am Fahrzeug der Gesch\u00e4digten entstand Sachschaden in H\u00f6he von ca. 300EUR. <\/p>\n\n\n\n<ul>\n<li><strong>Hinweise zum Unfallverursacher nimmt die Polizeiinspektion Gr\u00fcnstadt unter 06359\/9312-0 oder per E-Mail (<a href=\"mailto:pigruenstadt@polizei.rlp.de\">pigruenstadt@polizei.rlp.de<\/a>) entgegen.<\/strong><\/li>\n<\/ul>\n\n\n\n<h2 class=\"wp-block-heading\">(A 6 \/ Hettenleidelheim) &#8211; LKW brennt auf A6 aus<a href=\"https:\/\/www.facebook.com\/sharer.php?u=https%3A%2F%2Fwww.presseportal.de%2Fblaulicht%2Fpm%2F117687%2F5766861%2F%3Futm_source%3Dfacebook%26utm_medium%3Dsocial\"><\/a><a href=\"https:\/\/twitter.com\/intent\/tweet?text=POL-PDNW%3A%20Polizeiautobahnstation%20Ruchheim%20-%20LKW%20brennt%20auf%20A6%20aus&amp;url=https%3A%2F%2Fwww.presseportal.de%2Fblaulicht%2Fpm%2F117687%2F5766861%2F%3Futm_source%3Dtwitter%26utm_medium%3Dsocial&amp;hashtags=ots&amp;lang=de\"><\/a><a href=\"https:\/\/web.whatsapp.com\/send?text=POL-PDNW%3A%20Polizeiautobahnstation%20Ruchheim%20-%20LKW%20brennt%20auf%20A6%20aus%0A%0Ahttps%3A%2F%2Fwww.presseportal.de%2Fblaulicht%2Fpm%2F117687%2F5766861%2F%3Futm_source%3Dwhatsapp%26utm_medium%3Dsocial\"><\/a><a href=\"https:\/\/www.xing.com\/app\/user?op=share;url=https%3A%2F%2Fwww.presseportal.de%2Fblaulicht%2Fpm%2F117687%2F5766861%2F%3Futm_source%3Dxing%26utm_medium%3Dsocial\"><\/a><a href=\"http:\/\/www.linkedin.com\/shareArticle?mini=true&amp;url=https%3A%2F%2Fwww.presseportal.de%2Fblaulicht%2Fpm%2F117687%2F5766861%2F%3Futm_source%3Dlinkedin%26utm_medium%3Dsocial&amp;title=POL-PDNW%3A+Polizeiautobahnstation+Ruchheim+-+LKW+brennt+auf+A6+aus\"><\/a><a href=\"mailto:?subject=POL-PDNW%3A%20Polizeiautobahnstation%20Ruchheim%20-%20LKW%20brennt%20auf%20A6%20aus&amp;body=https:\/\/www.presseportal.de\/blaulicht\/pm\/117687\/5766861\"><\/a><\/h2>\n\n\n<div class=\"wp-block-image\">\n<figure class=\"aligncenter\"><a href=\"https:\/\/cache.pressmailing.net\/thumbnail\/story_hires\/99040889-ee08-475a-b7bc-08e11245c0cd\/LKWBRAND1.jpg.jpg\"><img decoding=\"async\" src=\"https:\/\/cache.pressmailing.net\/thumbnail\/story_big\/99040889-ee08-475a-b7bc-08e11245c0cd\/pol-pdnw-polizeiautobahnstation-ruchheim-lkw-brennt-auf-a6-aus\" alt=\"POL-PDNW: Polizeiautobahnstation Ruchheim - LKW brennt auf A6 aus\"\/><\/a><\/figure><\/div>\n\n\n<p>Am Freitag, den 26.04.2024, gehen gegen 11:10 Uhr bei der Polizeiautobahnstation Ruchheim mehrere Notrufe ein, dass auf der A6 in Richtung Kaiserlautern, kurz vor der Anschlussstelle Wattenheim ein LKW brennen w\u00fcrde. Trotz zeitnahem Einsatz der Feuerwehr Gr\u00fcnstadt konnten Zugmaschine, sowie Auflieger und die geladene Ware nicht gerettet werden und brannten v\u00f6llig aus. Grund hierf\u00fcr war auch, dass st\u00e4ndig aus mehreren Glutnester immer wieder erneut Flammen aus dem Wrack schlugen. Der 54-j\u00e4hrige Fahrer konnte sich rechtzeitig aus seinem LKW retten und blieb unverletzt, ein Sachschaden kann derzeit noch nicht beziffert werden. Die Fahrbahn wurde f\u00fcr die L\u00f6sch- und R\u00e4umungsarbeiten f\u00fcr mehrere Stunden vollgesperrt. Die Arbeit der Rettungskr\u00e4fte wurde massiv durch das Nichteinhalten einer Rettungsgasse behindert.<\/p>\n\n\n\n<h3 class=\"wp-block-heading has-text-align-center\">Nachtrag<\/h3>\n\n\n\n<p>Die Bergungs- und Reinigungsarbeiten sind abgeschlossen und die BAB 6 wurde um 22:50 h wieder freigegeben.<\/p>\n\n\n\n<h2 class=\"wp-block-heading\">(Maxdorf) &#8211; Diebstahl von Baustelle<\/h2>\n\n\n\n<p>Im Zeitraum von 19.04.2024 &#8211; 25.04.2024, wurde durch bislang unbekannte T\u00e4ter der Stemmhammer eines Baggers von der eingerichteten Baustelle in der Hauptstra\u00dfe entwendet. Aufgrund des nicht unerheblichen Gewichts des Ger\u00e4ts muss durch die T\u00e4ter zum Abtransport ein geeignetes Fahrzeug verwendet worden sein. Der entstandene Schaden bel\u00e4uft sich auf ca. 4000EUR.<\/p>\n\n\n\n<h2 class=\"wp-block-heading\">(Maxdorf) &#8211; Motorroller besch\u00e4digt und gefl\u00fcchtet<\/h2>\n\n\n\n<p>Am Mittwoch, den 24.04.2024, im Zeitraum von 10:00 &#8211; 11:00 Uhr, wurde in H\u00f6he der Hauptstra\u00dfe 8 ein ordnungsgem\u00e4\u00df am Stra\u00dfenrand abgestellter Motorroller auf bislang unbekannte Weise umgesto\u00dfen und hierbei nicht unerheblich besch\u00e4digt. Der Verursacher entfernte sich im Anschluss von der \u00d6rtlichkeit ohne sich um die Regulierung des entstandenen Schadens zu bem\u00fchen.<\/p>\n\n\n\n<h2 class=\"wp-block-heading\">(Maxdorf) &#8211; T\u00e4terfestnahme nach Einbruch in Paketzentrum<\/h2>\n\n\n\n<p>In der Nacht vom 23.04.24 auf den 24.04.24, um 23:56 Uhr, wurden die Polizeiinspektion Frankenthal \u00fcber einen Einbruchalarm im Paketzentrum der Deutschen Post in Maxdorf informiert. Bei der Durchsuchung des Objekts konnten zwei Tatverd\u00e4chtige im Paketzentrum festgestellt werden, welche bereits Diebesgut eingesteckt hatten. In den folgenden polizeilichen Ma\u00dfnahmen stellte sich weiter heraus, dass einer der Verd\u00e4chtigen ohne Fahrerlaubnis wohl aber unter dem Einfluss von Bet\u00e4ubungsmitteln mit einem Auto zum Tatort gefahren war. Den beiden Tatverd\u00e4chtigen droht nun eine Anzeige wegen Einbruchdiebstahls, dem Autofahrer zudem Anzeigen wegen Fahren ohne Fahrerlaubnis, Fahren unter dem Einfluss von Bet\u00e4ubungsmitteln sowie Versto\u00df gegen das Bet\u00e4ubungsmittelgesetzt.<\/p>\n\n\n\n<h2 class=\"wp-block-heading\">(Frankenthal) &#8211; katapult-Messe f\u00fcr Beruf und Bildung am 04.05.2024<a href=\"mailto:?subject=POL-PPRP%3A%20katapult%20-%20Messe%20f%C3%BCr%20Beruf%20und%20Bildung%20am%2004.05.2024%20in%20Frankenthal&amp;body=https:\/\/www.presseportal.de\/blaulicht\/pm\/117696\/5764600\"><\/a><\/h2>\n\n\n<div class=\"wp-block-image\">\n<figure class=\"aligncenter\"><a href=\"https:\/\/cache.pressmailing.net\/thumbnail\/story_hires\/41988a4f-c54d-4739-aefe-802785e87d6c\/FR24-katapult_WSD-10~_s2024-03-19002.jpg.jpg\"><img decoding=\"async\" src=\"https:\/\/cache.pressmailing.net\/thumbnail\/story_big\/41988a4f-c54d-4739-aefe-802785e87d6c\/pol-pprp-katapult-messe-f-r-beruf-und-bildung-am-04-05-2024-in-frankenthal\" alt=\"POL-PPRP: katapult - Messe f\u00fcr Beruf und Bildung am 04.05.2024 in Frankenthal\"\/><\/a><\/figure><\/div>\n\n\n<p>Du suchst einen krisensicheren, vielf\u00e4ltigen und spannenden Beruf? Du kannst gut auf Menschen zugehen, bist motiviert und leistungsbereit? Du arbeitest gerne im Team und bist ein cooler Kopf? Du hast Abitur, Fachabitur oder einen vergleichbaren Bildungsabschluss, der dich zum Studieren berechtigt? Perfekt, dann hast du jetzt die Chance auf den krisensichersten, vielf\u00e4ltigsten und spannendsten Beruf aller Zeiten: Komm zur Polizei Rheinland-Pfalz!<\/p>\n\n\n\n<p>Starte ein dreij\u00e4hriges Polizei-Studium und lerne alle Facetten des Polizeiberufes kennen. Nach deinem Abschluss &#8222;Bachelor of Arts&#8220; hast du unz\u00e4hlige M\u00f6glichkeiten: Ob Kriminalpolizei, Schutzpolizei, Wasserschutzpolizei oder Bereitschaftspolizei, es gibt viele M\u00f6glichkeiten &#8211; du entscheidest. Dabei kannst du Dir sicher sein: Polizei ist mehr als nur ein Job!<\/p>\n\n\n\n<p>Als Voraussetzung solltest du gute Sprachkenntnisse haben, offen im Umgang mit anderen Menschen und ein echter Sportie sein. Kein Abi? Kein Problem! Du kannst dich auch f\u00fcr den Bildungsgang &#8222;Polizeidienst und Verwaltung&#8220; bewerben und danach mit deinem Studium loslegen! Neugierig geworden?<\/p>\n\n\n\n<p>Informiere dich auf der diesj\u00e4hrigen katapult-Messe am 04.05.2024 in Frankenthal. Hier stehen dir mehrere Berufsberater des Polizeipr\u00e4sidiums Rheinpfalz zur Verf\u00fcgung, um deine Fragen zur Karriere bei der Polizei Rheinland-Pfalz zu beantworten. Wir freuen uns auf dich!<\/p>\n\n\n\n<p>Wenn du vorab einen Einblick in unsere Arbeit gewinnen willst, schauen dir gerne unter&nbsp;<a target=\"_blank\" rel=\"noreferrer noopener\" href=\"https:\/\/s.rlp.de\/YwRYe\">https:\/\/s.rlp.de\/YwRYe<\/a>&nbsp;unseren Film &#8222;Wir f\u00fcr die Pfalz&#8220; an.<\/p>\n\n\n\n<p>Hast du au\u00dferdem noch Fragen oder kannst zu dem Termin nicht kommen? Gerne beantworten wir deine Fragen auch telefonisch 0621 963 1699 oder per E-Mail&nbsp;<a href=\"mailto:%20pprheinpfalz.einstellungen@polizei.rlp.de\">pprheinpfalz.einstellungen@polizei.rlp.de<\/a>. Weitere Informationen zur Karriere bei der Polizei RLP findest du auch unter&nbsp;<a target=\"_blank\" rel=\"noreferrer noopener\" href=\"https:\/\/www.polizei.rlp.de\/de\/karriere\">www.polizei.rlp.de\/de\/karriere<\/a><\/p>\n\n\n\n<p>Hast du Fragen oder ben\u00f6tigst weitere Infos rund um die Messe, schau gerne vorbei unter <a href=\"http:\/\/www.katapult-messe.de\" title=\"\">katapult-messe.de<\/a><\/p>\n\n\n\n<h2 class=\"wp-block-heading\">(Frankenthal) &#8211; Verkehrsunfallflucht in der Gutenbergstra\u00dfe \/ Zeugen gesucht<\/h2>\n\n\n\n<p>Zwischen dem 25.04.2024, gegen 10:00 Uhr, und dem 26.04.2024, gegen 15:40 Uhr, kam es zu einer Unfallflucht in der Gutenbergstra\u00dfe in Frankenthal. Eine 29-J\u00e4hrige hatte ihr Auto der Marke Mercedes zuvor am Fahrbahnrand der Stra\u00dfe geparkt und musste sp\u00e4ter einen Schaden an diesem feststellen. Eine bisher unbekannte Person fuhr wahrscheinlich beim Vorbeifahren gegen ihr Fahrzeug und verlie\u00df anschlie\u00dfend die Unfall\u00f6rtlichkeit ohne seine Pflichten als Unfallverursacher nachzukommen. Der Schaden bel\u00e4uft sich auf rund 150 Euro.<\/p>\n\n\n\n<p>Die Polizei weist daraufhin, dass Unerlaubtes Entfernen von Unfallort kein Kavaliersdelikt ist! Der fl\u00fcchtige Fahrer muss mit einer Geld- oder Freiheitsstrafe bis zu 3 Jahren und evtl. mit einem F\u00fchrerscheinentzug rechnen. Au\u00dferdem kann der Fl\u00fcchtige den Kaskoschutz seiner Kfz-Versicherung verlieren und von seiner Versicherung an der Beteiligung des Fremdschadens beteiligt werden. Die Polizei r\u00e4t deshalb, jeden Unfall bei der Polizei zu melden.<\/p>\n\n\n\n<ul>\n<li><strong>Zeugen werden gebeten sich an die Polizeiinspektion Frankenthal unter der Tel.-Nr.: 06233\/313-0 oder an die Polizeiwache Maxdorf unter der Tel.-Nr.: 06237\/934-1100 zu wenden. Gerne nehmen wir Ihre Hinweise auch per E-Mail unter&nbsp;<a href=\"mailto:pifrankenthal@polizei.rlp.de\" target=\"_blank\" rel=\"noreferrer noopener\">pifrankenthal@polizei.rlp.de<\/a>&nbsp;entgegen.<\/strong><\/li>\n<\/ul>\n\n\n\n<h2 class=\"wp-block-heading\">(Frankenthal) &#8211; Verkehrsunfall in der Industriestra\u00dfe<\/h2>\n\n\n\n<p>Am 26.04.2024, gegen 09:10 Uhr, befuhr ein mit einem Bagger beladener LKW-Fahrer die Industriestra\u00dfe in Richtung Wormser Stra\u00dfe. An einer dortigen Unterf\u00fchrung einer Br\u00fccke blieb der 40-J\u00e4hrige mit dem Bagger h\u00e4ngen, sodass ein Schaden an der Br\u00fccke entstand. Ein Kran barg den Bagger, welcher sich durch den Zusammensto\u00df mit der Br\u00fccke verschob. Es entstand ein Schaden von ca. 100.000 Euro.<\/p>\n\n\n\n<p>F\u00fcr die Bergung und Unfallaufnahme war die Unfallstelle f\u00fcr ca. vier Stunden vollgesperrt. Dies sorgte f\u00fcr erhebliche Verkehrsbeeintr\u00e4chtigungen im umliegenden Bereich.<\/p>\n\n\n\n<h2 class=\"wp-block-heading\">(Frankenthal) &#8211; Sperrung der Robert-Bosch-Stra\u00dfe wegen Verkehrsunfall<\/h2>\n\n\n\n<p>Am 26.04.2024, gegen 08:00 Uhr, befuhr ein 25-j\u00e4hriger mit seinem Traktor und dessen Anh\u00e4nger die Beindersheimer Stra\u00dfe und wollte nach links in die Robert-Bosch-Stra\u00dfe einbiegen. Da der 25-J\u00e4hrige zu schnell in die Stra\u00dfe einbog, verlor dieser die Kontrolle \u00fcber sein Fahrzeug, welches sodann im Kurvenbereich der Robert-Bosch-Stra\u00dfe auf die Seite kippte. Infolgedessen lief \u00d6l auf die Stra\u00dfe. Die Polizei sperrte die Stra\u00dfe eine Zeit lang f\u00fcr die Bergung der Fahrzeuge, sowie die Reinigung der Stra\u00dfe ab. Traktor und Anh\u00e4nger waren nicht mehr fahrbereit. Ein Abschleppunternehmen schleppte diese ab. Es entstand ein Schaden von ca. 10.0000 Euro. Der Unfall sorgte f\u00fcr eine erhebliche Verkehrsbeeintr\u00e4chtigung im Bereich Beindersheimer Stra\u00dfe und Nordring.<\/p>\n\n\n\n<h2 class=\"wp-block-heading\">(Frankenthal) &#8211; Nach Unfallflucht werden Zeugen gesucht<\/h2>\n\n\n\n<p>Am 23.04.2024, um 10:05 Uhr, kam es im Einfahrtsbereich des Parkplatzes an der Stadtklinik in Frankenthal zu einem Verkehrsunfall. Der unfallverursachende Kleinwagen in roter Farbe rangierte r\u00fcckw\u00e4rts und kollidierte hierbei mit der dahinter befindlichen Unfallgegnerin. Bei der Fahrerin soll es sich um eine ca. 60-J\u00e4hrige Dame handeln. Nun sucht die Polizeiinspektion Frankenthal nach Zeugen, welche das Unfallgeschehen beobachtet haben und Angaben zur Unfallverursacherin machen k\u00f6nnen.<\/p>\n\n\n\n<ul>\n<li><strong>Zeugen werden gebeten sich an die Polizeiinspektion Frankenthal unter der Tel.-Nr.: 06233\/313-0 oder an die Polizeiwache Maxdorf unter der Tel.-Nr.: 06237\/934-1100 zu wenden. Gerne nehmen wir Ihre Hinweise auch per E-Mail unter&nbsp;<a href=\"mailto:%20pifrankenthal@polizei.rlp.de\">pifrankenthal@polizei.rlp.de<\/a>&nbsp;entgegen.<\/strong><\/li>\n<\/ul>\n\n\n\n<h2 class=\"wp-block-heading\">(Frankenthal) &#8211; R\u00fccknahme Vermisstenfahndung<\/h2>\n\n\n\n<h3 class=\"wp-block-heading has-text-align-center\">Nachtrag zur Pressemeldung vom 20.03.2024:&nbsp;<a target=\"_blank\" rel=\"noreferrer noopener\" href=\"https:\/\/s.rlp.de\/tbPBa\">https:\/\/s.rlp.de\/tbPBa<\/a><\/h3>\n\n\n\n<p>Der seit Mittwoch, 13.03.2024 vermisste 24-J\u00e4hrige aus Frankenthal konnte am Dienstag (23.04.2023) durch Polizeikr\u00e4fte in Berlin wohlbehalten angetroffen werden. Die \u00d6ffentlichkeitsfahndung wird daher zur\u00fcckgenommen.<\/p>\n\n\n\n<h2 class=\"wp-block-heading\">(Frankenthal) &#8211; Schockanrufe im Dienstgebiet der PI Frankenthal<\/h2>\n\n\n<div class=\"wp-block-image\">\n<figure class=\"aligncenter size-full\"><img decoding=\"async\" loading=\"lazy\" width=\"578\" height=\"572\" src=\"https:\/\/speyer24news.com\/wp-content\/uploads\/2021\/10\/Telefonbetrug-geschnitten.jpg\" alt=\"\" class=\"wp-image-41297\" srcset=\"https:\/\/speyer24news.com\/wp-content\/uploads\/2021\/10\/Telefonbetrug-geschnitten.jpg 578w, https:\/\/speyer24news.com\/wp-content\/uploads\/2021\/10\/Telefonbetrug-geschnitten-300x297.jpg 300w\" sizes=\"(max-width: 578px) 100vw, 578px\" \/><\/figure><\/div>\n\n\n<p>Am Montag, den 22.04.2024, kam es im Dienstgebiet der Polizeiinspektion Frankenthal mehrfach zu sogenannten Schockanrufen. Die T\u00e4ter kontaktieren hierbei Rentnerinnen und Redner und t\u00e4uschen einen schweren Verkehrsunfall vor, welcher durch nahestehende Angeh\u00f6rige verursacht wurden. Nach Zahlung einer Kaution sollen diese dem Gef\u00e4ngnis entgehen. In den gestrigen uns bekannt gewordenen F\u00e4llen handelten die Gesch\u00e4digten genau richtig, beendeten das Gespr\u00e4ch und informierten die Polizei, sodass es zu keinem Taterfolg kam. <\/p>\n\n\n\n<h4 class=\"wp-block-heading\"><em>Lassen Sie sich nicht t\u00e4uschen und seien Sie misstrauisch. Wenn Ihnen der Anruf seltsam erscheint rufen Sie uns an. Wir sind unter der 110 oder der 06233\/313-0 f\u00fcr Sie da. Verwenden sie beim R\u00fcckruf, wenn m\u00f6glich, bitte auch ein anderes Telefon. Wir wollen, dass Sie sicher Leben &#8211; Ihre Polizei Frankenthal.<\/em><\/h4>\n\n\n\n<h2 class=\"wp-block-heading\">(Ludwigshafen) &#8211; Verkehrsunfall mit Flucht \/ Zeugen gesucht<\/h2>\n\n\n\n<p>In der Zeit von Mittwoch, 24.04.2024, 11.00 Uhr und Samstag, 27.04.2024, 16.30 Uhr parkte ein grauer Audi am rechten Fahrbahnrand in der K\u00f6nigsbacher Stra\u00dfe in Ludwigshafen. In diesem Zeitraum touchierte ein unbekannter Verkehrsteilnehmer die linke vordere Fahrzeugseite des Audis und verursachte Sachschaden im niedrigen vierstelligen Bereich. Anschlie\u00dfend entfernte sich der Unfallverursacher unerlaubt vom Unfallort.<\/p>\n\n\n\n<ul>\n<li><strong>Zeugen werden gebeten mit der Polizeiinspektion Ludwigshafen 1 Kontakt aufzunehmen, Tel. 0621 963-2122 oder per E-Mail&nbsp;<a href=\"mailto:%20piludwigshafen1@polizei.rlp.de\">piludwigshafen1@polizei.rlp.de<\/a>.<\/strong><\/li>\n<\/ul>\n\n\n\n<h2 class=\"wp-block-heading\">(Ludwigshafen) &#8211; Bedrohung und Beleidigung gegen\u00fcber Polizeibeamten<\/h2>\n\n\n\n<p>In der Nacht vom 26.04.2025 auf den 27.04.2024 kam es auf dem Hans-Warsch-Platz zu einem Einsatz mit einem polizeilich bekannten 33-J\u00e4hrigen aus Ludwigshafen. Nach Meldung \u00fcber einen aggressiven Mann in einer Bar konnte der Verantwortliche im Nahbereich angetroffen werden. Da dieser sich den Beamten gegen\u00fcber unmittelbar aggressiv verhielt, wurde er gefesselt. Der 33-J\u00e4hrige beleidigte und bedrohte w\u00e4hrend der Ma\u00dfnahmen fortlaufend die eingesetzten Beamten. Er stand merklich unter dem Einfluss von Alkohol. Der Beschuldigte wurde bis zum Morgen auf der Polizeiinspektion Ludwigshafen 2 in Gewahrsam genommen. Es stellte sich heraus, dass dieser bereits zuvor in der Bar einen 24- J\u00e4hrigen und einen 27-J\u00e4hrigen bedroht hatte.<\/p>\n\n\n\n<h2 class=\"wp-block-heading\">(Ludwigshafen) &#8211; Bedrohung mit Schreckschusswaffe und Sachbesch\u00e4digung endet in Gewahrsamszelle<\/h2>\n\n\n<div class=\"wp-block-image\">\n<figure class=\"aligncenter size-full\"><img decoding=\"async\" loading=\"lazy\" width=\"800\" height=\"600\" src=\"https:\/\/speyer24news.com\/wp-content\/uploads\/2019\/06\/Ausn\u00fcchterungszelle.jpg\" alt=\"\" class=\"wp-image-15212\" srcset=\"https:\/\/speyer24news.com\/wp-content\/uploads\/2019\/06\/Ausn\u00fcchterungszelle.jpg 800w, https:\/\/speyer24news.com\/wp-content\/uploads\/2019\/06\/Ausn\u00fcchterungszelle-300x225.jpg 300w, https:\/\/speyer24news.com\/wp-content\/uploads\/2019\/06\/Ausn\u00fcchterungszelle-768x576.jpg 768w, https:\/\/speyer24news.com\/wp-content\/uploads\/2019\/06\/Ausn\u00fcchterungszelle-678x509.jpg 678w, https:\/\/speyer24news.com\/wp-content\/uploads\/2019\/06\/Ausn\u00fcchterungszelle-326x245.jpg 326w, https:\/\/speyer24news.com\/wp-content\/uploads\/2019\/06\/Ausn\u00fcchterungszelle-80x60.jpg 80w\" sizes=\"(max-width: 800px) 100vw, 800px\" \/><figcaption class=\"wp-element-caption\">Beispielbild Zelle \/ Verhaftung, dient lediglich der Visualisierung<\/figcaption><\/figure><\/div>\n\n\n<p>Am Freitag, 26.04.2024, gegen 20.35 Uhr, hat ein 31-j\u00e4hriger Wohnsitzloser ein Schild eines Imbisses umgetreten. Aufgrund des L\u00e4rms begab sich ein 34-j\u00e4hriger Mann mit seinen beiden Kindern vor den Imbiss. Hier trafen sie auf den verantwortlichen Mann, der zu diesem Zeitpunkt etwa 5 Meter von ihnen entfernt stand, eine Schreckschusswaffe zog und auf die genannte Personengruppe richtete. Es kam zu einer verbalen Auseinandersetzung, im Rahmen derer sich der 34-j\u00e4hrige Mann mit einem Besen bewaffnete, um sich im Ernstfall verteidigen zu k\u00f6nnen. Als der 34-j\u00e4hrige Mann auf den 31-j\u00e4hrigen Mann zuging, st\u00fcrzte der Wohnsitzlose und verlor hierbei seine Schreckschusswaffe. Danach fl\u00fcchtete er zu Fu\u00df, erschien jedoch wenige Minuten sp\u00e4ter wieder an der \u00d6rtlichkeit und besch\u00e4digte mittels eines Hammers mehrere geparkte Fahrzeuge und fl\u00fcchtete erneut.<\/p>\n\n\n\n<p>Im Rahmen der Nahbereichsfahndung konnte der 31-J\u00e4hrige angetroffen und in Gewahrsam genommen werden. Er stand augenscheinlich unter dem Einfluss berauschender Mittel, schrie umher und lie\u00df sich nicht beruhigen. Dem 31-j\u00e4hrigen Mann wurde auf Anordnung der Staatsanwaltschaft eine Blutprobe entnommen und er wurde bis zum Folgetag in Gewahrsam genommen. Da er sich am Folgetag immer noch nicht beruhigt hatte, ordnete eine Richterin die l\u00e4ngerfristige Gewahrsamnahme des 31-J\u00e4hrigen bis n\u00e4chste Woche an.<\/p>\n\n\n\n<p>Durch die Taten entstand lediglich ein geringer Sachschaden und es wurden keine Personen verletzt.<\/p>\n\n\n\n<h2 class=\"wp-block-heading\">(Ludwigshafen) &#8211; Sachbesch\u00e4digungen an mehreren geparkten Fahrzeugen<\/h2>\n\n\n\n<p>In der Zeit zwischen Sonntag, 21.04.2026, 19.20 Uhr und Freitag, 26.04.2024, 15.10 Uhr, wurden zwei parkende Fahrzeuge mittels eines spitzen Gegenstandes von einer bisher unbekannten Person in der Pranckhstra\u00dfe in Ludwigshafen zerkratzt. Es entstand Sachschaden in H\u00f6he von ca. 5.000 Euro.<\/p>\n\n\n\n<ul>\n<li><strong>Zeugen werden gebeten mit der Polizeiinspektion Ludwigshafen 1 Kontakt aufzunehmen, Tel. 0621 963-2122 oder per E-Mail&nbsp;<a href=\"mailto:%20piludwigshafen1@polizei.rlp.de\">piludwigshafen1@polizei.rlp.de<\/a><\/strong><\/li>\n<\/ul>\n\n\n\n<h2 class=\"wp-block-heading\">(Ludwigshafen) &#8211; Fahrt mit Elektroroller unter Bet\u00e4ubungsmitteleinfluss<\/h2>\n\n\n\n<p>Am Vormittag des 26.04.2024 wurde eine 48-J\u00e4hrige auf einem Elektroroller in der Freiastra\u00dfe einer Verkehrskontrolle unterzogen. Die Dame stand offensichtlich unter dem Einfluss von Bet\u00e4ubungsmitteln. Sie r\u00e4umte ein, dass sie zwei Tage zuvor zuletzt Marihuana konsumiert habe. Der Probandin wurde nach Ablehnung eines Urintestes eine Blutprobe entnommen. Das Ergebnis der Probe steht noch aus. Das Fahrzeug der Dame wurde pr\u00e4ventiv sichergestellt.<\/p>\n\n\n\n<h4 class=\"wp-block-heading\"><em>Die Polizei weist ausdr\u00fccklich darauf hin: Wer unter Alkohol- oder Drogeneinfluss f\u00e4hrt, gef\u00e4hrdet nicht nur sich, sondern auch andere und begeht eine Ordnungswidrigkeit oder sogar eine Straftat. Bestehen Zweifel an der Fahrt\u00fcchtigkeit, lassen Sie besser Ihr Fahrzeug stehen.<\/em><\/h4>\n\n\n\n<h2 class=\"wp-block-heading\">(Ludwigshafen) &#8211; K\u00f6rperverletzung durch unbekannten Mann<\/h2>\n\n\n<div class=\"wp-block-image\">\n<figure class=\"aligncenter size-full\"><img decoding=\"async\" loading=\"lazy\" width=\"801\" height=\"600\" src=\"https:\/\/speyer24news.com\/wp-content\/uploads\/2020\/05\/Zeugen-gesucht-Neutral.jpg\" alt=\"\" class=\"wp-image-26598\" srcset=\"https:\/\/speyer24news.com\/wp-content\/uploads\/2020\/05\/Zeugen-gesucht-Neutral.jpg 801w, https:\/\/speyer24news.com\/wp-content\/uploads\/2020\/05\/Zeugen-gesucht-Neutral-300x225.jpg 300w, https:\/\/speyer24news.com\/wp-content\/uploads\/2020\/05\/Zeugen-gesucht-Neutral-768x575.jpg 768w, https:\/\/speyer24news.com\/wp-content\/uploads\/2020\/05\/Zeugen-gesucht-Neutral-678x509.jpg 678w, https:\/\/speyer24news.com\/wp-content\/uploads\/2020\/05\/Zeugen-gesucht-Neutral-326x245.jpg 326w, https:\/\/speyer24news.com\/wp-content\/uploads\/2020\/05\/Zeugen-gesucht-Neutral-80x60.jpg 80w\" sizes=\"(max-width: 801px) 100vw, 801px\" \/><\/figure><\/div>\n\n\n<p>Am Freitag, 26.04.2024, gegen 09.30 Uhr, kam es in einem Supermarkt in der Bismarckstra\u00dfe in Ludwigshafen zu einer K\u00f6rperverletzung. Ein unbekannter Mann kam in den Supermarkt und schlug ohne ersichtlichen Grund einem 49j\u00e4hrigen Angestellten mit der Faust an die linke Schl\u00e4fe. Anschlie\u00dfend entfernte sich der Mann fu\u00dfl\u00e4ufig in Richtung Ludwigsplatz.<\/p>\n\n\n\n<h4 class=\"wp-block-heading\">Der T\u00e4ter konnte wie folgt beschrieben werden: <\/h4>\n\n\n\n<ul>\n<li><strong>Ca. 170-175 cm gro\u00df<\/strong><\/li>\n\n\n\n<li><strong>kr\u00e4ftige Statur<\/strong><\/li>\n\n\n\n<li><strong>schwarze Haare<\/strong><\/li>\n\n\n\n<li><strong>Drei-Tage-Bart<\/strong><\/li>\n\n\n\n<li><strong>trug einen grauen Strickpullover<\/strong><\/li>\n<\/ul>\n\n\n\n<ul>\n<li><strong>Zeugen werden gebeten mit der Polizeiinspektion Ludwigshafen 1 Kontakt aufzunehmen, Tel. 0621 963-2122 oder per E-Mail&nbsp;<a href=\"mailto:%20piludwigshafen1@polizei.rlp.de\">piludwigshafen1@polizei.rlp.de<\/a><\/strong><\/li>\n<\/ul>\n\n\n\n<h2 class=\"wp-block-heading\">(Ludwigshafen) &#8211; Einsatz in Altenwohnheim<\/h2>\n\n\n\n<p>Am 26.04.2024, gegen 8 Uhr, wurden Polizei und Feuerwehr zu einem Altenwohnheim in der Rheinallee gerufen, nachdem eine 70-j\u00e4hrige Bewohnerin schwere Verbrennungen erlitten hatte. Sie wurde vom Rettungsdienst in ein Krankenhaus gebracht. Ein Sachschaden entstand nicht. Die Polizei hat die Ermittlungen aufgenommen. Nach ersten Erkenntnissen hatte die Frau sich die Verletzungen durch unsachgem\u00e4\u00dfen Umgang mit Feuer selbst zugezogen. Hinweise auf eine Verursachung durch Dritte liegen derzeit nicht vor.<\/p>\n\n\n\n<h2 class=\"wp-block-heading\">(Ludwigshafen) &#8211; Unfallflucht \/ Zeugen gesucht<\/h2>\n\n\n\n<p>In der Nacht von Donnerstag auf Freitag (25.04.2024- 26.04.2024), zwischen 23:30 und 06:30 Uhr, besch\u00e4digte ein unbekannter Verkehrsteilnehmer einen am Fahrbahnrand der Taubenstra\u00dfe abgestellten grauen Mercedes. Die Schadensh\u00f6he ist noch nicht bekannt. Im Anschluss entfernte sich der Unbekannte, ohne sich um eine Schadensregulierung zu k\u00fcmmern. An dem Fahrzeug konnten gelbe Lackspuren festgestellt werden.<\/p>\n\n\n\n<ul>\n<li><strong>Wer hat den Unfall beobachtet und kann Hinweise auf den Verursacher geben? Hinweise bitte an die Polizeiinspektion Ludwigshafen 2, Telefonnummer 0621 963-2222 oder per E-Mail&nbsp;<a href=\"mailto:%20piludwigshafen2@polizei.rlp.de\">piludwigshafen2@polizei.rlp.de<\/a>&nbsp;.<\/strong><\/li>\n<\/ul>\n\n\n\n<p>Die Polizei weist daraufhin, dass Unerlaubtes Entfernen von Unfallort kein Kavaliersdelikt ist! Der fl\u00fcchtige Fahrer muss mit einer Geld- oder Freiheitsstrafe bis zu 3 Jahren und evtl. mit einem F\u00fchrerscheinentzug rechnen. Au\u00dferdem kann der Fl\u00fcchtige den Kaskoschutz seiner Kfz-Versicherung verlieren und von seiner Versicherung an der Beteiligung des Fremdschadens beteiligt werden. Die Polizei r\u00e4t deshalb, jeden Unfall bei der Polizei zu melden.<\/p>\n\n\n\n<h2 class=\"wp-block-heading\">(Ludwigshafen \/ Speyer \/ Frankenthal) &#8211; Alkohol- und Drogenkontrollen &#8211; Bilanz<\/h2>\n\n\n<div class=\"wp-block-image\">\n<figure class=\"aligncenter size-full\"><img decoding=\"async\" loading=\"lazy\" width=\"600\" height=\"600\" src=\"https:\/\/speyer24news.com\/wp-content\/uploads\/2022\/05\/Alkohol-Tabletten-Drogen-Medikamente.png\" alt=\"\" class=\"wp-image-46525\" srcset=\"https:\/\/speyer24news.com\/wp-content\/uploads\/2022\/05\/Alkohol-Tabletten-Drogen-Medikamente.png 600w, https:\/\/speyer24news.com\/wp-content\/uploads\/2022\/05\/Alkohol-Tabletten-Drogen-Medikamente-300x300.png 300w, https:\/\/speyer24news.com\/wp-content\/uploads\/2022\/05\/Alkohol-Tabletten-Drogen-Medikamente-150x150.png 150w\" sizes=\"(max-width: 600px) 100vw, 600px\" \/><\/figure><\/div>\n\n\n<p>Am Donnerstag, den 25.04.2024, f\u00fchrten Polizeikr\u00e4fte aus der Polizeidirektion Ludwigshafen in der Zeit von 15 Uhr bis 21 Uhr in Ludwigshafen, Speyer und Frankenthal Schwerpunktkontrollen zur Bek\u00e4mpfung von Alkohol und Drogen im Stra\u00dfenverkehr durch.<\/p>\n\n\n\n<p>An diesem Tag wurde bei den Verkehrskontrollen ein besonderer Schwerpunkt auf Fahrzeugfahrende gelegt, die unter dem Einfluss von Alkohol- oder Drogen standen. Neben der Erh\u00f6hung der Verkehrssicherheit durch die Kontrollen, sollten auch die Risiken von Alkohol und Drogen im Stra\u00dfenverkehr erneut ins \u00f6ffentliche Bewusstsein ger\u00fcckt werden. Daher f\u00fchrten die Polizistinnen und Polizisten mit allen Kontrollierten auch pr\u00e4ventive Gespr\u00e4che, um Fahrten unter Alkohol- und\/oder Drogeneinfluss zu verhindern. W\u00e4hrend des Kontrolltages wurden insgesamt 229 Fahrzeugf\u00fchrerinnen und -f\u00fchrer kontrolliert. Dabei stellten die Polizeikr\u00e4fte insgesamt 10 Drogenverst\u00f6\u00dfe fest. Au\u00dferdem wurden 19 Gurtverst\u00f6\u00dfe und 5 Handyverst\u00f6\u00dfe erfasst. Ein Auto musste wegen fehlenden Versicherungsschutzes au\u00dfer Betrieb gesetzt werden. Ein weiteres Fahrzeug wurde wegen des wiederholten Fahrens ohne Fahrerlaubnis pr\u00e4ventiv sichergestellt.<\/p>\n\n\n\n<p>Die Verkehrsunfallstatistiken der vergangenen Jahre zeigt deutlich, dass Alkohol und Drogen im Stra\u00dfenverkehr nach wie vor relevante Verkehrsunfallursachen darstellen. So kam es im Zust\u00e4ndigkeitsbereich der Polizeidirektion Ludwigshafen im Jahr 2023 zu insgesamt 246 Verkehrsunf\u00e4llen unter Alkoholeinfluss. Die Zahl der Verkehrsunf\u00e4lle bei denen eine Drogenbeeinflussung unfallurs\u00e4chlich war belief sich im Gesamtjahr 2023 auf 59. Die Zahl der Unf\u00e4lle unter Drogeneinfluss nahm im Vergleich zum Vorjahr um 37 % zu.<\/p>\n\n\n\n<p>Vielen ist nicht bewusst, dass im Gegensatz zu Alkohol die konsumierte Droge noch mehrere Tage und abh\u00e4ngig von der Substanz, der Stoffwechselt\u00e4tigkeit des Konsumenten und der H\u00e4ufigkeit des Drogenkonsums sogar mehrere Wochen die Fahrt\u00fcchtigkeit negativ beeinflussen kann und in strafbarer Menge im K\u00f6rper nachweisbar ist. Auch nach der Teillegalisierung von Cannabis, bleibt die Fahrt unter dem Einfluss von Cannabis weiter verboten!<\/p>\n\n\n\n<p>Die Polizei weist ausdr\u00fccklich darauf hin: Wer unter Alkohol- oder Drogeneinfluss f\u00e4hrt, gef\u00e4hrdet nicht nur sich, sondern auch andere und begeht eine Ordnungswidrigkeit oder sogar eine Straftat. Lassen Sie deshalb immer Ihr Auto stehen, wenn Sie nicht n\u00fcchtern sind!<\/p>\n\n\n\n<p>Die Polizeidirektion Ludwigshafen ist zust\u00e4ndig f\u00fcr die Sicherheit von rund 430.000 Menschen Der 470 Quadratkilometer gro\u00dfe Dienstbezirk repr\u00e4sentiert den linksrheinischen Teil des Rhein-Neckar-Dreiecks, das den Status einer Europ\u00e4ischen Metropolregion erhalten hat. Er umfasst die St\u00e4dte Ludwigshafen am Rhein, Frankenthal und Speyer sowie den Rhein-Pfalz-Kreis.<\/p>\n\n\n\n<p>Wenn Sie einen Einblick in unsere Arbeit gewinnen wollen, schauen Sie sich gerne unter&nbsp;<a target=\"_blank\" rel=\"noreferrer noopener\" href=\"https:\/\/s.rlp.de\/YwRYe\">https:\/\/s.rlp.de\/YwRYe<\/a>&nbsp;unseren Film &#8222;Wir f\u00fcr die Pfalz&#8220; an oder werfen einen Blick in unsere bildgewaltige und informative Brosch\u00fcre unter&nbsp;<a target=\"_blank\" rel=\"noreferrer noopener\" href=\"https:\/\/s.rlp.de\/Hq6Al\">https:\/\/s.rlp.de\/Hq6Al<\/a>. Sie werden \u00fcberrascht sein, was wir alles machen.<\/p>\n\n\n\n<h2 class=\"wp-block-heading\">(Ludwigshafen) &#8211; girls,girls,girls! \/ Girls&#8216; Day 2024 im Polizeipr\u00e4sidium Rheinpfalz<a href=\"https:\/\/www.facebook.com\/sharer.php?u=https%3A%2F%2Fwww.presseportal.de%2Fblaulicht%2Fpm%2F117696%2F5766307%2F%3Futm_source%3Dfacebook%26utm_medium%3Dsocial\"><\/a><a href=\"https:\/\/twitter.com\/intent\/tweet?text=POL-PPRP%3A%20girls%2Cgirls%2Cgirls%21%20-%20Girls%27%20Day%202024%20im%20Polizeipr%C3%A4sidium%20Rheinpfalz&amp;url=https%3A%2F%2Fwww.presseportal.de%2Fblaulicht%2Fpm%2F117696%2F5766307%2F%3Futm_source%3Dtwitter%26utm_medium%3Dsocial&amp;hashtags=ots&amp;lang=de\"><\/a><a href=\"https:\/\/web.whatsapp.com\/send?text=POL-PPRP%3A%20girls%2Cgirls%2Cgirls%21%20-%20Girls%27%20Day%202024%20im%20Polizeipr%C3%A4sidium%20Rheinpfalz%0A%0Ahttps%3A%2F%2Fwww.presseportal.de%2Fblaulicht%2Fpm%2F117696%2F5766307%2F%3Futm_source%3Dwhatsapp%26utm_medium%3Dsocial\"><\/a><a href=\"https:\/\/www.xing.com\/app\/user?op=share;url=https%3A%2F%2Fwww.presseportal.de%2Fblaulicht%2Fpm%2F117696%2F5766307%2F%3Futm_source%3Dxing%26utm_medium%3Dsocial\"><\/a><a href=\"http:\/\/www.linkedin.com\/shareArticle?mini=true&amp;url=https%3A%2F%2Fwww.presseportal.de%2Fblaulicht%2Fpm%2F117696%2F5766307%2F%3Futm_source%3Dlinkedin%26utm_medium%3Dsocial&amp;title=POL-PPRP%3A+girls%2Cgirls%2Cgirls%21+-+Girls%27+Day+2024+im+Polizeipr%C3%A4sidium+Rheinpfalz\"><\/a><a href=\"mailto:?subject=POL-PPRP%3A%20girls%2Cgirls%2Cgirls%21%20-%20Girls%27%20Day%202024%20im%20Polizeipr%C3%A4sidium%20Rheinpfalz&amp;body=https:\/\/www.presseportal.de\/blaulicht\/pm\/117696\/5766307\"><\/a><\/h2>\n\n\n<div class=\"wp-block-image\">\n<figure class=\"aligncenter\"><a href=\"https:\/\/cache.pressmailing.net\/thumbnail\/story_hires\/92f169ad-fbbd-4274-a786-e83ffeeab918\/26042024_Girlsday.jpg.jpg\"><img decoding=\"async\" src=\"https:\/\/cache.pressmailing.net\/thumbnail\/story_big\/92f169ad-fbbd-4274-a786-e83ffeeab918\/pol-pprp-girls-girls-girls-girls-day-2024-im-polizeipr-sidium-rheinpfalz\" alt=\"POL-PPRP: girls,girls,girls! - Girls' Day 2024 im Polizeipr\u00e4sidium Rheinpfalz\"\/><\/a><\/figure><\/div>\n\n\n<p>K\u00f6nnen M\u00e4dchen auch Verbrecher jagen? Aber sicher!<\/p>\n\n\n\n<p>Am diesj\u00e4hrigen &#8222;Girls Day 2024&#8220; stellte das Polizeipr\u00e4sidium Rheinpfalz erneut den teilnehmenden Sch\u00fclerinnen unter Beweis, dass auch im Polizeiberuf &#8222;Frauenpower&#8220; gefragt ist.<\/p>\n\n\n\n<p>Zahlreiche Polizeidienststellen in der Vorder- und S\u00fcdpfalz \u00f6ffneten ihre T\u00fcren, um den jungen Frauen und M\u00e4dchen einen Einblick in den Polizeiberuf zu gew\u00e4hren. Die interessierten Sch\u00fclerinnen konnten Spuren an einem Tatort sichern, unsere Diensthunde bestaunen und auch mal in einem Streifenwagen Platz nehmen.<\/p>\n\n\n\n<p>Dank der motivierten Kolleginnen und Kollegen der Nachwuchswerbung konnten hoffentlich zahlreiche M\u00e4dchen f\u00fcr den Polizeiberuf interessiert werden.<\/p>\n\n\n\n<p>Au\u00dferdem: Die Pl\u00e4tze f\u00fcr den diesj\u00e4hrigen Girls&#8216; Day waren schnell ausgebucht.<\/p>\n\n\n\n<p>Interessierte sollten sich fr\u00fchzeitig auf der Interseite&nbsp;<a target=\"_blank\" rel=\"noreferrer noopener\" href=\"https:\/\/www.girls-day.de\/\">https:\/\/www.girls-day.de\/<\/a>&nbsp;Pl\u00e4tze f\u00fcr das n\u00e4chste Jahr sichern.<\/p>\n\n\n\n<p>Traumberuf Polizei? Wir bieten j\u00e4hrlich schulgeleitete sowie freiwillige Praktika in den Ferien bei unseren Polizeidienststellen an. Hier gibt es die M\u00f6glichkeit Einblicke in vielen Bereiche des spannenden Polizeiberufs und dem Alltag der Polizeibeamtinnen und Polizeibeamten zu bekommen. Auch hier sind die Praktikumspl\u00e4tze begrenzt. Daher empfehlen wir eine zeitnahe Anmeldung. Interessierte k\u00f6nnen sich online unter&nbsp;<a target=\"_blank\" rel=\"noreferrer noopener\" href=\"https:\/\/www.polizei.rlp.de\/karriere\/praktika\">https:\/\/www.polizei.rlp.de\/karriere\/praktika<\/a>&nbsp;f\u00fcr einen Praktikumsplatz bewerben.<\/p>\n\n\n\n<p>Noch Fragen? Weitere Informationen zum Thema Polizeiberuf und zur Ausbildung finden Sie auf unserer Homepage&nbsp;<a target=\"_blank\" rel=\"noreferrer noopener\" href=\"https:\/\/www.polizei.rlp.de\/de\/karriere\/\">www.polizei.rlp.de\/de\/karriere\/<\/a>. Hier gibt es auch Informationen \u00fcber das Auswahlverfahren und \u00fcber das Studium an der Hochschule der Polizei.<\/p>\n\n\n\n<p>Wenn Sie einen Einblick in unsere Arbeit gewinnen wollen, schauen Sie sich gerne unter&nbsp;<a target=\"_blank\" rel=\"noreferrer noopener\" href=\"https:\/\/s.rlp.de\/YwRYe\">https:\/\/s.rlp.de\/YwRYe<\/a>&nbsp;unseren Film &#8222;Wir f\u00fcr die Pfalz&#8220; an oder werfen einen Blick in unsere bildgewaltige und informative Brosch\u00fcre unter&nbsp;<a target=\"_blank\" rel=\"noreferrer noopener\" href=\"https:\/\/s.rlp.de\/Hq6Al\">https:\/\/s.rlp.de\/Hq6Al<\/a>. Sie werden \u00fcberrascht sein, was wir alles machen.<\/p>\n\n\n\n<p>Das Polizeipr\u00e4sidium Rheinpfalz mit Sitz in Ludwigshafen am Rhein ist zust\u00e4ndig f\u00fcr die Sicherheit von \u00fcber 900.000 Menschen. Der Dienstbezirk der Beh\u00f6rde mit ihren rund 2.200 Mitarbeiterinnen und Mitarbeitern umfasst auf etwa 2.400 Quadratkilometern die komplette Vorder- und S\u00fcdpfalz mit dem Rhein-Pfalz-Kreis, den Landkreisen Bad D\u00fcrkheim, Germersheim und S\u00fcdliche Weinstra\u00dfe sowie den kreisfreien St\u00e4dten Frankenthal (Pfalz), Landau in der Pfalz, Ludwigshafen am Rhein, Neustadt a.d.W. und Speyer.<\/p>\n\n\n\n<h2 class=\"wp-block-heading\">(Ludwigshafen) &#8211; Trickdiebe entwenden hohe Summe \/ Zeugen gesucht<\/h2>\n\n\n<div class=\"wp-block-image\">\n<figure class=\"aligncenter size-full\"><img decoding=\"async\" loading=\"lazy\" width=\"801\" height=\"600\" src=\"https:\/\/speyer24news.com\/wp-content\/uploads\/2020\/05\/Zeugen-gesucht-Neutral.jpg\" alt=\"\" class=\"wp-image-26598\" srcset=\"https:\/\/speyer24news.com\/wp-content\/uploads\/2020\/05\/Zeugen-gesucht-Neutral.jpg 801w, https:\/\/speyer24news.com\/wp-content\/uploads\/2020\/05\/Zeugen-gesucht-Neutral-300x225.jpg 300w, https:\/\/speyer24news.com\/wp-content\/uploads\/2020\/05\/Zeugen-gesucht-Neutral-768x575.jpg 768w, https:\/\/speyer24news.com\/wp-content\/uploads\/2020\/05\/Zeugen-gesucht-Neutral-678x509.jpg 678w, https:\/\/speyer24news.com\/wp-content\/uploads\/2020\/05\/Zeugen-gesucht-Neutral-326x245.jpg 326w, https:\/\/speyer24news.com\/wp-content\/uploads\/2020\/05\/Zeugen-gesucht-Neutral-80x60.jpg 80w\" sizes=\"(max-width: 801px) 100vw, 801px\" \/><\/figure><\/div>\n\n\n<p>Am Donnerstagnachmittag (25.04.2024), gegen 16:30 Uhr, hob ein 63-J\u00e4hriger an einem Bankautomaten am Hans-Warsch-Platz eine hohe vierstellige Summe Bargeld ab. W\u00e4hrend er auf der Mannheimer Stra\u00dfe zur\u00fcck zu seinem Auto ging, wurde er von hinten angerempelt. Als er sich umschaute, lag ein augenscheinlich verletzter Mann auf dem Boden. Au\u00dferdem war die Jacke des 63-J\u00e4hrigen mit Joghurt beschmutzt. Er half dem am bodenliegenden Mann auf und st\u00fctzte ihn an eine Wand. Unmittelbar danach kam eine Frau mit einem Kind hinzu und wollte die Jacke des 63-J\u00e4hrigen reinigen. Als dieser dankend ablehnte, \u00fcbergab ihm die Frau Papiert\u00fccher und entfernte sich. Als der sich der Mann wieder zu dem augenscheinlich Verletzten umdrehte, war auch dieser nicht mehr da. Im Anschluss bemerkte der 63-J\u00e4hrige, dass das Bargeld aus seiner Jackentasche entwendet wurde.<\/p>\n\n\n\n<h4 class=\"wp-block-heading\">Es werden nun Zeugen gesucht, die den Vorfall beobachtet haben und Hinweise auf die unbekannten T\u00e4ter geben k\u00f6nnen.<\/h4>\n\n\n\n<ul>\n<li><strong>Den Mann beschrieb der Gesch\u00e4digte als circa 1,70 Meter gro\u00df, circa 40 Jahre alt und schlank. Er hatte kurzes, dunkles Haar und trug eine schwarze Lederjacke, blaue Jeans und ein wei\u00dfes T-Shirt.<\/strong><\/li>\n\n\n\n<li><strong>Die Frau war circa 1,60 Meter gro\u00df, ebenfalls circa 40 Jahre alt und schlank. Sie hatte schulterlanges, dunkles Haar, welches zu einem Zopf gebunden war und war mit einem braunen, knielangen Mantel bekleidet.<\/strong><\/li>\n\n\n\n<li><strong>Das Kind war circa 1,20 Meter gro\u00df, circa 10 Jahre alt und trug einen auff\u00e4lligen gelben Anorak sowie eine graue Strickm\u00fctze.<\/strong><\/li>\n\n\n\n<li><strong>Hinweise werden an die Polizeiwache Oggersheim unter Tel. 0621 963 &#8211; 2403 oder per E-Mail&nbsp;<a href=\"mailto:%20pwoggersheim@polizei.rlp.de\">pwoggersheim@polizei.rlp.de<\/a>&nbsp;erbeten.<\/strong><\/li>\n<\/ul>\n\n\n\n<p>Trickdiebe sind erfinderisch und schauspielerisch begabt. Seien Sie deshalb immer misstrauisch, wenn Sie von Fremden angesprochen werden. Verhindern Sie den Zugriff auf Ihre Wertsachen und halten Sie Abstand. Wenn Ihnen eine Situation verd\u00e4chtig vorkommt oder Sie sich unwohl f\u00fchlen, beenden Sie das Gespr\u00e4ch und gehen Sie weg. Rufen Sie die Polizei, unter der 110 wenn Sie bedr\u00e4ngt werden oder sich in einer Gefahr befinden. N\u00e4here Informationen zum Thema sowie die Tricks der T\u00e4ter erfahren sie unter&nbsp;<a href=\"https:\/\/www.polizei-beratung.de\/\" target=\"_blank\" rel=\"noreferrer noopener\">www.polizei-beratung.de<\/a><\/p>\n\n\n\n<h2 class=\"wp-block-heading\">(Ludwigshafen) &#8211; Paketstation aufgebrochen \/ Zeugen gesucht<\/h2>\n\n\n\n<p>Zwischen Mittwoch (24.04.2024), 13:30 Uhr und Donnerstag (25.04.2024), 12:30 Uhr, brachen Unbekannte mehrere F\u00e4cher einer Paketstation in der Anilinstra\u00dfe auf. Die genaue Schadensh\u00f6he und ob Pakete entwendet wurden, ist bislang nicht bekannt.<\/p>\n\n\n\n<ul>\n<li><strong>Wer hat die Tat beobachtet und kann Hinweise auf die T\u00e4ter geben? Hinweise bitte an die Polizeiinspektion Ludwigshafen 2, Telefonnummer 0621 963-2222 oder per E-Mail&nbsp;<a href=\"mailto:%20piludwigshafen2@polizei.rlp.de\">piludwigshafen2@polizei.rlp.de<\/a>&nbsp;.&nbsp;<\/strong><\/li>\n<\/ul>\n\n\n\n<h2 class=\"wp-block-heading\">(Ludwigshafen) &#8211; Erpressung nach &#8222;Sex-Chat&#8220;<\/h2>\n\n\n<div class=\"wp-block-image\">\n<figure class=\"aligncenter size-full\"><img decoding=\"async\" loading=\"lazy\" width=\"800\" height=\"600\" src=\"https:\/\/speyer24news.com\/wp-content\/uploads\/2021\/04\/Sextortion.jpg\" alt=\"\" class=\"wp-image-35258\" srcset=\"https:\/\/speyer24news.com\/wp-content\/uploads\/2021\/04\/Sextortion.jpg 800w, https:\/\/speyer24news.com\/wp-content\/uploads\/2021\/04\/Sextortion-300x225.jpg 300w, https:\/\/speyer24news.com\/wp-content\/uploads\/2021\/04\/Sextortion-768x576.jpg 768w, https:\/\/speyer24news.com\/wp-content\/uploads\/2021\/04\/Sextortion-678x509.jpg 678w, https:\/\/speyer24news.com\/wp-content\/uploads\/2021\/04\/Sextortion-326x245.jpg 326w, https:\/\/speyer24news.com\/wp-content\/uploads\/2021\/04\/Sextortion-80x60.jpg 80w\" sizes=\"(max-width: 800px) 100vw, 800px\" \/><\/figure><\/div>\n\n\n<p>Ein 21-J\u00e4hriger lernte \u00fcber eine Dating-Plattform eine Frau kennen. In einem Videochat entbl\u00f6\u00dfte sich der 21-J\u00e4hrige. Kurz darauf meldete sich ein unbekannter Mann bei ihm und forderte Geld von ihm. Bei Nichtzahlung drohte der Unbekannte mit der Ver\u00f6ffentlichung des intimen Videos. Der 21-J\u00e4hrige zahlte insgesamt 600 Euro per PayPal auf ein Konto im Ausland.<\/p>\n\n\n\n<p>Beachten Sie die Tipps Ihrer Polizei, um sich vor &#8222;sexueller Erpressung&#8220; zu sch\u00fctzen:<\/p>\n\n\n\n<ul>\n<li><strong>Nehmen Sie keine Freundschaftsanfragen von fremden Personen an.<\/strong><\/li>\n\n\n\n<li><strong>Pr\u00fcfen Sie regelm\u00e4\u00dfig Ihre Account- und Privatsph\u00e4reeinstellungen.<\/strong><\/li>\n\n\n\n<li><strong>Seien Sie zur\u00fcckhaltend mit der Ver\u00f6ffentlichung pers\u00f6nlicher Daten wie Anschrift, Geburtsdatum oder Arbeitgeber.<\/strong><\/li>\n\n\n\n<li><strong>Stimmen Sie nicht vorschnell einem Videochat zu und senden Sie keine intimen Bilder oder Videos.<\/strong><\/li>\n\n\n\n<li><strong>Im Zweifel: kleben Sie die Chatkamera zun\u00e4chst ab, um lediglich verbal zu kommunizieren und das Geschehen zu beobachten.<\/strong><\/li>\n\n\n\n<li><strong>Stimmen Sie keinen Entbl\u00f6\u00dfungen oder intimen Handlungen in Videochats zu, wenn Sie die Person erst seit kurzem kennen.<\/strong><\/li>\n\n\n\n<li><strong>Halten Sie Betriebs- sowie Virenschutzsysteme auf Ihren online-genutzten Endger\u00e4ten wie Smartphone, Laptop, Tablet oder Computer immer auf dem aktuellen Stand, um sich vor Schadsoftware, sogenannter Malware, zu sch\u00fctzen. Es gibt Malware, die Ihre Webcam problemlos aktiviert und Sie damit jederzeit filmen kann.<\/strong><\/li>\n<\/ul>\n\n\n\n<h4 class=\"wp-block-heading\">Falls Sie bereits erpresst werden:<\/h4>\n\n\n\n<ul>\n<li><strong>\u00dcberweisen Sie kein Geld. Die Erpressung h\u00f6rt nach der Zahlung meist nicht auf.<\/strong><\/li>\n\n\n\n<li><strong>Erstatten Sie Anzeige bei der Polizei.<\/strong><\/li>\n\n\n\n<li><strong>Kontaktieren Sie den Betreiber der Seite und veranlassen Sie, dass das Bildmaterial gel\u00f6scht wird. Nicht angemessene Inhalte kann man dem Seitenbetreiber \u00fcber eigens hierf\u00fcr eingerichtete Buttons melden.<\/strong><\/li>\n\n\n\n<li><strong>Brechen Sie den Kontakt zu der anonymen Person sofort ab, reagieren Sie nicht auf Nachrichten.<\/strong><\/li>\n\n\n\n<li><strong>Sichern Sie die Chatverl\u00e4ufe und Nachrichten mittels Screenshot. <\/strong><\/li>\n<\/ul>\n\n\n\n<h4 class=\"wp-block-heading\"><em>Weitere Informationen zu dem Thema erhalten Sie unter: <a href=\"https:\/\/www.polizei-beratung.de\/\" target=\"_blank\" rel=\"noreferrer noopener\">www.polizei-beratung.de<\/a><\/em><\/h4>\n\n\n\n<h2 class=\"wp-block-heading\">(Ludwigshafen) &#8211; Verkehrskonflikt eskaliert<\/h2>\n\n\n\n<p>Zwei Autofahrer gerieten nach einem Konflikt im Stra\u00dfenverkehr in der B\u00fcrgermeister-Kutterer-Stra\u00dfe in Streit. Zuvor kam es beim Spurwechsel zu Unstimmigkeiten zwischen den beiden 54 und 60 Jahre alten Fahrern. Hiernach soll der 60-J\u00e4hrige seinen Kontrahenten durch Gesten beleidigt haben, weshalb der 54-J\u00e4hrige diesen ausbremste. Gegen beide Fahrer wurden Strafanzeigen gefertigt. Die F\u00fchrerscheinstelle kann auch bei aggressiven Verhalten im Stra\u00dfenverkehr die Geeignetheit eines F\u00fchrerscheinbesitzers pr\u00fcfen und ggfls. die Fahrerlaubnis entziehen.<\/p>\n\n\n\n<h2 class=\"wp-block-heading\">(Ludwigshafen) &#8211; Fu\u00dfg\u00e4nger angefahren<\/h2>\n\n\n\n<p>Ein 69-j\u00e4hriger Autofahrer erfasste beim Abbiegen von der Hochfeldstra\u00dfe in die Maudacher Stra\u00dfe einen 58-j\u00e4hrigen Fu\u00dfg\u00e4nger, der die Stra\u00dfe \u00fcberquerte. Der Fu\u00dfg\u00e4nger st\u00fcrzte durch den Zusammensto\u00df mit dem Auto und wurde leicht verletzt. Ein Krankenwagen brachte ihn in ein nahegelegenes Krankenhaus. An dem Auto entstand kein Schaden.<\/p>\n\n\n\n<h2 class=\"wp-block-heading\">(Ludwigshafen) &#8211; Autoscheibe eingeschlagen \/ Wer kann Hinweise geben?<\/h2>\n\n\n\n<p>In der Zeit vom 24.04.2024, 18:15 Uhr, bis zum 25.04.2024, 8:15 Uhr, schlugen Unbekannte eine Seitenscheibe eines VW Caddy in der Wilhelminenstra\u00dfe ein. Der Schaden bel\u00e4uft sich auf ca. 500 Euro.<\/p>\n\n\n\n<ul>\n<li><strong>Haben Sie die Tat beobachtet oder k\u00f6nnen Sie Hinweise geben? Dann wenden Sie sich bitte an die Polizeiinspektion Ludwigshafen 1, Telefonnummer 0621 963-2122 oder per E-Mail&nbsp;<a href=\"mailto:%20piludwigshafen1@polizei.rlp.de\">piludwigshafen1@polizei.rlp.de<\/a>&nbsp;.<\/strong><\/li>\n<\/ul>\n\n\n\n<h2 class=\"wp-block-heading\">(Ludwigshafen) &#8211; Baucontainer aufgebrochen \/ Zeugen gesucht<\/h2>\n\n\n\n<p>In der Zeit vom 24.04.2024, 18 Uhr, bis zum 25.04.2024, 6:30 Uhr, brachen Unbekannte einen Baustellencontainer in der Dammstra\u00dfe auf. Aus dem Container wurden mehrere Werkzeuge gestohlen. Die genaue Schadensh\u00f6he ist noch nicht bekannt.<\/p>\n\n\n\n<ul>\n<li><strong>Haben Sie in der Nacht von Mittwoch auf Donnerstag verd\u00e4chtige Fahrzeuge oder Personen in der Dammstra\u00dfe beobachtet? Hinweise bitte an die Polizeiinspektion Ludwigshafen 1, Telefonnummer 0621 963-2122 oder per E-Mail&nbsp;<a href=\"mailto:%20piludwigshafen1@polizei.rlp.de\">piludwigshafen1@polizei.rlp.de<\/a>&nbsp;.<\/strong><\/li>\n<\/ul>\n\n\n\n<h2 class=\"wp-block-heading\">(Ludwigshafen) &#8211; Dank Zeugenhinweis \/ Zwei Einbrecher geschnappt<\/h2>\n\n\n\n<p>Es ist einem aufmerksamen 58-j\u00e4hrigen Zeugen zu verdanken, dass in der Nacht auf Donnerstag (25.04.2024, gegen 1:20 Uhr) zwei Einbrecher geschnappt werden konnten. Er hatte die zwei Jugendliche dabei beobachtet, wie sie in der Berliner Stra\u00dfe zun\u00e4chst gewaltsam in einen Kiosk eindrangen und danach diverse Gegenst\u00e4nde aus diesem r\u00e4umten. Sofort rief er die Polizei. Dank der T\u00e4terbeschreibung des Mannes, konnten die Jugendlichen, ein 14-J\u00e4hriger und ein 16-J\u00e4hriger, in der N\u00e4he des Tatorts ausfindig gemacht werden. Nach einer kurzen Verfolgung, wurden beide gestellt und zur Polizeidienststelle verbracht. Sie wurden nach Abschluss der polizeilichen Ma\u00dfnahmen an ihre Eltern \u00fcberstellt. Das Diebesgut (u.a. Bargeld und Tabakwaren) wurde an den Eigent\u00fcmer des Kiosks zur\u00fcckgegeben. Die Jugendlichen werden sich wegen Einbruchdiebstahls strafrechtlich verantworten m\u00fcssen.<\/p>\n\n\n\n<h2 class=\"wp-block-heading\">(Ludwigshafen) &#8211; Alkoholisiert Unfall verursacht<\/h2>\n\n\n\n<p>Auf dem Gel\u00e4nde einer Tankstelle in der Budapester Stra\u00dfe kam es am 24.04.2024, gegen 22:30 Uhr, zu einem Unfall. Der Unfallverursacher, ein 70-j\u00e4hriger Autofahrer, war unvermittelt r\u00fcckw\u00e4rts gegen das Auto eines 30-J\u00e4hrigen gefahren. An beiden Fahrzeugen entstand Sachschaden von rund 1.000 Euro. Da sich Hinweise auf eine m\u00f6gliche Alkoholisierung des 70-J\u00e4hrigen ergaben, wurde ihm ein entsprechender Test angeboten. Dieser ergab einen Wert von 1,13 Promille. Der Mann wurde f\u00fcr die Entnahme einer Blutprobe zur Polizeidienststelle mitgenommen. Sein F\u00fchrerschein und seine Fahrzeugschl\u00fcssel wurden sichergestellt. Der 70-J\u00e4hrige muss sich nun wegen Stra\u00dfenverkehrsgef\u00e4hrdung verantworten. Gegen ihn kann eine Freiheitsstrafe bis zu f\u00fcnf Jahre oder eine Geldstrafe verh\u00e4ngt werden. Au\u00dferdem wird die F\u00fchrerscheinstelle die Geeignetheit des Unfallverursachers \u00fcberpr\u00fcfen.<\/p>\n\n\n\n<p>Ebenfalls unter dem Einfluss von Alkohol fuhr am gleichen Tag, gegen 19:30 Uhr, ein 51-j\u00e4hriger Mofafahrer. Er wurde in der Bliesstra\u00dfe kontrolliert. Hierbei gab er an, k\u00fcrzlich Amphetamine und Alkohol konsumiert zu haben. Zwei entsprechende Tests best\u00e4tigten seine Aussage. Diese ergaben einen Wert von 0,04 Promille und reagierten positiv auf Amphetamin. Ihm wurde eine Blutprobe in der Polizeidienststelle entnommen. Der Mann wird sich in einem Ordnungswidrigkeitenverfahren verantworten m\u00fcssen. Hier droht eine Geldbu\u00dfe bis zu dreitausend Euro.<\/p>\n\n\n\n<h2 class=\"wp-block-heading\">(Ludwigshafen) &#8211; 22-J\u00e4hriger nach Drogenfund in Untersuchungshaft<\/h2>\n\n\n\n<h3 class=\"wp-block-heading\">Gemeinsame Pressemitteilung der Staatsanwaltschaft Frankenthal (Pfalz) und des Polizeipr\u00e4sidiums Rheinpfalz<\/h3>\n\n\n<div class=\"wp-block-image\">\n<figure class=\"aligncenter size-full\"><img decoding=\"async\" loading=\"lazy\" width=\"800\" height=\"533\" src=\"https:\/\/speyer24news.com\/wp-content\/uploads\/2020\/06\/Zelle.jpg\" alt=\"\" class=\"wp-image-28203\" srcset=\"https:\/\/speyer24news.com\/wp-content\/uploads\/2020\/06\/Zelle.jpg 800w, https:\/\/speyer24news.com\/wp-content\/uploads\/2020\/06\/Zelle-300x200.jpg 300w, https:\/\/speyer24news.com\/wp-content\/uploads\/2020\/06\/Zelle-768x512.jpg 768w\" sizes=\"(max-width: 800px) 100vw, 800px\" \/><figcaption class=\"wp-element-caption\">Beispielbild Zelle \/ Verhaftung, dient lediglich der Visualisierung<\/figcaption><\/figure><\/div>\n\n\n<p>Am Mittwochnachmittag (24.04.2024) kontrollierten Polizeikr\u00e4fte einen 22-J\u00e4hrigen in der Hemshofstra\u00dfe\/Rollesstra\u00dfe. Bei der Durchsuchung des Mannes konnten rund 6 Gramm Kokain in verkaufsfertigen Portionen aufgefunden werden. Bei der anschlie\u00dfenden Durchsuchung der Unterkunft des Mannes, der \u00fcber keinen festen Wohnsitz verf\u00fcgt, wurden rund 250 Gramm Kokain und ca. 3.000 Euro Bargeld sichergestellt. Der 22-J\u00e4hrige wurde vorl\u00e4ufig festgenommen und am Donnerstag (25.04.2024) dem Haftrichter vorgef\u00fchrt. Dieser erlie\u00df auf Antrag der Staatsanwaltschaft Frankenthal Untersuchungshaftbefehl aufgrund des dringenden Tatverdachts des unerlaubten Handeltreibens mit Bet\u00e4ubungsmitteln in nicht geringer Menge. Der Mann wurde im Anschluss in eine Justizvollzugsanstalt gebracht.<\/p>\n\n\n\n<h2 class=\"wp-block-heading\">(Ludwigshafen) &#8211; Brand auf Balkon<\/h2>\n\n\n\n<p>Aus bislang unbekannten Gr\u00fcnden kam es am Mittag des 24.04.2024, zu einem Brand auf einem Balkon in der Pettenkoferstra\u00dfe. Ein Passant bemerkte das Feuer und alarmierte die Anwohner sowie die Feuerwehr. Am Geb\u00e4ude entstand Sachschaden, insbesondere durch Ru\u00dfbildung. Die genaue H\u00f6he des Schadens wird aktuell ermittelt. Ebenso wurden die Ermittlungen zur Brandursache aufgenommen. <\/p>\n\n\n\n<ul>\n<li><strong>Sie haben Hinweise? Dann wenden Sie sich bitte an die Polizeiinspektion Ludwigshafen 2, Telefonnummer 0621 963-2222 oder per E-Mail&nbsp;<a href=\"mailto:%20piludwigshafen2@polizei.rlp.de\">piludwigshafen2@polizei.rlp.de<\/a>&nbsp;.<\/strong><\/li>\n<\/ul>\n\n\n\n<h2 class=\"wp-block-heading\">(Ludwigshafen) &#8211; Einsatz wegen Rauchentwicklung in Shisha-Bar<\/h2>\n\n\n\n<p>Am 24.04.2024, gegen 12:30 Uhr, wurde eine Explosion in einer Shisha-Bar in der Bahnhofstra\u00dfe gemeldet. Vor Ort stellte sich heraus, dass es lediglich zu einer Verpuffung im Kamin mit kurzzeitiger Rauchentwicklung gekommen war. Personen wurden hierdurch nicht gef\u00e4hrdet. Am Geb\u00e4ude entstand kein Sachschaden. W\u00e4hrend des Einsatzes musste die Bahnhofstra\u00dfe kurzzeitig abgesperrt werden. Es kam hierdurch zu keinen nennenswerten Verkehrsbeeintr\u00e4chtigungen.<\/p>\n\n\n\n<h2 class=\"wp-block-heading\">(Ludwigshafen) &#8211; Bei Auffahrunfall leicht verletzt<\/h2>\n\n\n\n<p>Zu einem Auffahrunfall zwischen einem LKW und einem Auto kam es am Mittwochmorgen (24.04.2024), gegen 11 Uhr, in der Schweigener Stra\u00dfe. Zuvor hatte der voranfahrende Autofahrer verkehrsbedingt anhalten m\u00fcssen. An beiden Fahrzeugen entstand ein Gesamtschaden von etwa 4.000 Euro. Beide Fahrer wurden bei dem Unfall leicht verletzt.<\/p>\n\n\n\n<h2 class=\"wp-block-heading\">(A 61 \/ Ludwigshafen) &#8211; Sattelzug verliert Teewurst auf der A61. Autobahn muss gereinigt werden.<a href=\"https:\/\/www.facebook.com\/sharer.php?u=https%3A%2F%2Fwww.presseportal.de%2Fblaulicht%2Fpm%2F117687%2F5764444%2F%3Futm_source%3Dfacebook%26utm_medium%3Dsocial\"><\/a><a href=\"https:\/\/twitter.com\/intent\/tweet?text=POL-PDNW%3A%20Polizeiautobahnstation%20Ruchheim%20-%20Sattelzug%20verliert%20Teewurst%20auf%20der%20A61.%20Autobahn%20muss%20gereinigt%20werden.&amp;url=https%3A%2F%2Fwww.presseportal.de%2Fblaulicht%2Fpm%2F117687%2F5764444%2F%3Futm_source%3Dtwitter%26utm_medium%3Dsocial&amp;hashtags=ots&amp;lang=de\"><\/a><a href=\"https:\/\/web.whatsapp.com\/send?text=POL-PDNW%3A%20Polizeiautobahnstation%20Ruchheim%20-%20Sattelzug%20verliert%20Teewurst%20auf%20der%20A61.%20Autobahn%20muss%20gereinigt%20werden.%0A%0Ahttps%3A%2F%2Fwww.presseportal.de%2Fblaulicht%2Fpm%2F117687%2F5764444%2F%3Futm_source%3Dwhatsapp%26utm_medium%3Dsocial\"><\/a><a href=\"https:\/\/www.xing.com\/app\/user?op=share;url=https%3A%2F%2Fwww.presseportal.de%2Fblaulicht%2Fpm%2F117687%2F5764444%2F%3Futm_source%3Dxing%26utm_medium%3Dsocial\"><\/a><a href=\"http:\/\/www.linkedin.com\/shareArticle?mini=true&amp;url=https%3A%2F%2Fwww.presseportal.de%2Fblaulicht%2Fpm%2F117687%2F5764444%2F%3Futm_source%3Dlinkedin%26utm_medium%3Dsocial&amp;title=POL-PDNW%3A+Polizeiautobahnstation+Ruchheim+-+Sattelzug+verliert+Teewurst+auf+der+A61.+Autobahn+muss+gereinigt+werden.\"><\/a><a href=\"mailto:?subject=POL-PDNW%3A%20Polizeiautobahnstation%20Ruchheim%20-%20Sattelzug%20verliert%20Teewurst%20auf%20der%20A61.%20Autobahn%20muss%20gereinigt%20werden.&amp;body=https:\/\/www.presseportal.de\/blaulicht\/pm\/117687\/5764444\"><\/a><\/h2>\n\n\n<div class=\"wp-block-image\">\n<figure class=\"aligncenter\"><a href=\"https:\/\/cache.pressmailing.net\/thumbnail\/story_hires\/aa05bd75-57cb-4422-bdd2-833f1e24fba8\/Bild1.jpg.jpg\"><img decoding=\"async\" src=\"https:\/\/cache.pressmailing.net\/thumbnail\/story_big\/aa05bd75-57cb-4422-bdd2-833f1e24fba8\/pol-pdnw-polizeiautobahnstation-ruchheim-sattelzug-verliert-teewurst-auf-der-a61-autobahn-muss-gerei\" alt=\"POL-PDNW: Polizeiautobahnstation Ruchheim - Sattelzug verliert Teewurst auf der A61. Autobahn muss gereinigt werden.\"\/><\/a><\/figure><\/div>\n\n\n<p>Am Mittwochmorgen, gegen 07.00 Uhr, verlor ein mit Teewurst beladener Sattelzug einen Teil seiner Ladung auf der A61 kurz vor dem Autobahnkreuz Ludwigshafen. Die Teewurst verteilte sich auf allen Fahrspuren und dem Standstreifen. Da Teewurst einen hohen Fettanteil besitzt, war professionelle Fahrbahnreiniung durch eine Spezialfirma erforderlich. Hierzu werden aktuell die beiden Fahrstreifen wechselseitig f\u00fcr die Reinigung gesperrt. Der Verkehr wird jeweils auf dem befahrbaren Fahrstreifen an der Gefahrenstelle vorbeigeleitet. Die Reinigungsarbeiten dauern nach Angaben der zust\u00e4ndigen Autobahnmeisterei Ruchheim noch den gesamten Vormittag an.<\/p>\n\n\n\n<p>Nach Erkenntnissen der Autobahnpolizei Ruchheim brach w\u00e4hrend der Fahrt ein Verriegelungsbolzen an einer der 3 Ladeluken des Silo-Tanks. Dadurch \u00f6ffnete sich die Ladeluke und die Teewurst schwabbte beim Bremsen aus dem Tank und verteilte sich auf der Autobahn.<\/p>\n\n\n\n<h2 class=\"wp-block-heading\">(Ludwigshafen) &#8211; Drei Leichtkraftr\u00e4der gestohlen<\/h2>\n\n\n\n<p>Insgesamt drei Leichtkraftr\u00e4der, zwei Mofas und ein Roller, wurden zwischen dem 23.04.2024 und dem 24.04.2024 gestohlen. Die Fahrzeuge standen in der Raschigstra\u00dfe, der Kallstadter Stra\u00dfe und der Karlsbaderstra\u00dfer. Ob es einen Zusammenhang zwischen den Diebst\u00e4hlen geben k\u00f6nnte, wird Bestandteil der Ermittlungen sein.<\/p>\n\n\n\n<ul>\n<li><strong>K\u00f6nnen Sie Angaben zum Verbleib der Fahrzeuge machen? Hinweise bitte an die Polizeiinspektion Ludwigshafen 1, Telefonnummer 0621 963-2122 oder per E-Mail&nbsp;<a href=\"mailto:%20piludwigshafen1@polizei.rlp.de\">piludwigshafen1@polizei.rlp.de<\/a>&nbsp;.&nbsp;<\/strong><\/li>\n<\/ul>\n\n\n\n<h2 class=\"wp-block-heading\">(Ludwigshafen) &#8211; Einbruch in Keller \/ Zeugen gesucht<\/h2>\n\n\n\n<p>In der Zeit vom 20.04.2024, 12 Uhr, bis zum 23.04.2024, 19:30 Uhr, brachen Unbekannte in ein Kellerabteil eines Mehrfamilienhauses in der B\u00fcrgermeister-Fries-Stra\u00dfe ein. Aus dem Keller wurde ein Klapprad, eine Soundanlage und verschiedene Arbeitsger\u00e4te sowie Zubeh\u00f6r gestohlen. Der Schaden wird auf 5.600 Euro gesch\u00e4tzt.<\/p>\n\n\n\n<ul>\n<li><strong>Haben Sie in den vergangenen Tagen Personen mit einem Klapprad in der Bgm.-Fries-Stra\u00dfe beobachtet oder k\u00f6nnen Sie andere Hinweise geben?<\/strong><\/li>\n\n\n\n<li><strong>Dann melden Sie sich bitte bei der Polizeiinspektion Ludwigshafen 2, Telefonnummer 0621 963-2222 oder per E-Mail&nbsp;<a href=\"mailto:%20piludwigshafen2@polizei.rlp.de\">piludwigshafen2@polizei.rlp.de<\/a>&nbsp;.<\/strong><\/li>\n<\/ul>\n\n\n\n<h2 class=\"wp-block-heading\">(Ludwigshafen) &#8211; Polizeieinsatz<\/h2>\n\n\n\n<p>Am Dienstagabend (23.04.2024, gegen 19 Uhr) l\u00f6ste ein 49-J\u00e4hriger einen Polizeieinsatz aus. Der Mann warf sich auf die Saarlandstra\u00dfe, als ein Streifenwagen dort entlang zu einem anderen Einsatz fuhr. Die Polizeikr\u00e4fte sahen den Mann fr\u00fch genug und hielten zuvor an. Der 49-J\u00e4hrige war gegen\u00fcber den Polizeibeamten derart aggressiv, dass er gefesselt werden musste. Da der Mann sich augenscheinlich in einem psychischen Ausnahmezustand befand, wurde der Kommunale Vollzugsdienst (KVD) der Stadt Ludwigshafen hinzugerufen.<\/p>\n\n\n\n<h2 class=\"wp-block-heading\">(Ludwigshafen) &#8211; Einbruch in Wohnung \/ Zeugen gesucht<\/h2>\n\n\n\n<p>Am Dienstag (23.04.2024) brachen Unbekannte in der Zeit von 7:45 Uhr bis 18:45 Uhr in eine Wohnung in einem Mehrfamilienhaus in der Maxstra\u00dfe ein. Aus der Wohnung wurde zwar nichts entwendet, jedoch wurde die Wohnungst\u00fcr besch\u00e4digt. Es entstand ein Schaden in H\u00f6he von ca. 500 Euro.<\/p>\n\n\n\n<ul>\n<li><strong>Haben Sie am Dienstag in der Maxstra\u00dfe verd\u00e4chtige Personen beobachtet oder k\u00f6nnen Sie andere Hinweise geben?<\/strong><\/li>\n\n\n\n<li><strong>Dann melden Sie sich bitte bei der Kriminalpolizei Ludwigshafen unter der Telefonnummer 0621 963-2773 oder per E-Mail&nbsp;<a href=\"mailto:%20kiludwigshafen.k1.kdd@polizei.rlp.de\">kiludwigshafen.k1.kdd@polizei.rlp.de<\/a>.<\/strong><\/li>\n<\/ul>\n\n\n\n<h2 class=\"wp-block-heading\">(Ludwigshafen) &#8211; Vorsicht vor Trickbetr\u00fcgern<\/h2>\n\n\n\n<p>Am Dienstagnachmittag (23.04.2024, gegen 16 Uhr) wurde ein 56-J\u00e4hriger in der Wingertstra\u00dfe von zwei Personen angesprochen. Die Unbekannten hielten mit einem Kleinwagen neben dem 56-J\u00e4hrigen an, stiegen aus und verwickelten den Mann in ein Gespr\u00e4ch. Zuerst wollten die Betr\u00fcger dem Mann zwei Uhren schenken und dann ein offensichtliches Uhrenimitat f\u00fcr 900 Euro verkaufen. Der 56-J\u00e4hrige lie\u00df sich jedoch nicht darauf ein und gab an lediglich 35 Euro zu haben. Das Geld nahmen die Unbekannten und gaben dem Mann zwei minderwertige Uhren daf\u00fcr.<\/p>\n\n\n\n<h4 class=\"wp-block-heading\">Die Betr\u00fcger werden wie folgt beschrieben:<\/h4>\n\n\n\n<ol>\n<li><strong>Person: &#8211; ca. 50 Jahre alt &#8211; kr\u00e4ftige Statur &#8211; ca. 1,70 m gro\u00df &#8211; kurze schwarze Haare &#8211; schwarze Jacke<\/strong><\/li>\n\n\n\n<li><strong>Person: &#8211; ca. 50 Jahre alt &#8211; graues Haar &#8211; drei Tage Bart &#8211; normale Figur &#8211; schwarze Jacke &#8211; blaue Jeans.<\/strong><\/li>\n<\/ol>\n\n\n\n<ul>\n<li><strong>Sie sollen in einem schwarzen Kleinwagen mit DO-Kennzeichen unterwegs gewesen sein.<\/strong><\/li>\n<\/ul>\n\n\n\n<ul>\n<li><strong>Hinweise werden an die Polizeiwache Oggersheim unter Tel. 0621 963 &#8211; 2403 oder per E-Mail&nbsp;<a href=\"mailto:%20pwoggersheim@polizei.rlp.de\">pwoggersheim@polizei.rlp.de<\/a>&nbsp;erbeten.<\/strong><\/li>\n<\/ul>\n\n\n\n<h2 class=\"wp-block-heading\">(Ludwigshafen) &#8211; Anruf von falschem Polizisten<\/h2>\n\n\n\n<p>Am Dienstagmittag (23.04.2024) erhielt ein Senior aus Ludwigshafen einen Anruf von einem falschen Polizeibeamten. Der Anrufer forderte unter dem Vorwand, dass die Tochter des Seniors aufgrund eines Unfalls ins Gef\u00e4ngnis m\u00fcsse, eine Kaution in H\u00f6he von 45.000 Euro. Nachdem der Ludwigshafener ein Gespr\u00e4ch mit seiner Tochter einforderte, beendete der Betr\u00fcger das Gespr\u00e4ch.<\/p>\n\n\n\n<h2 class=\"wp-block-heading\">(Ludwigshafen) &#8211; Mehrere Autofahrer mit Handy erwischt<\/h2>\n\n\n\n<p>Polizeikr\u00e4fte kontrollierten in der Mannheimer Stra\u00dfe am Dienstagmittag (23.04.2024, 11:15 Uhr bis 12:45 Uhr) 15 Autos. Acht der Fahrerinnen und Fahrer nutzten w\u00e4hrend der Fahrt ein Mobiltelefon, au\u00dferdem waren f\u00fcnf nicht angeschnallt. Die Betroffenen, welche mit einem Handy am Steuer ertappt wurden, m\u00fcssen nun mit einem Bu\u00dfgeld in H\u00f6he von 100 Euro und einem Punkt im Fahreignungsregister rechnen.<\/p>\n\n\n\n<p>Ablenkung im Stra\u00dfenverkehr spielt eine immer gr\u00f6\u00dfere Rolle. Sie birgt erhebliche Gefahren und betrifft alle Verkehrsteilnehmenden, nicht nur den Fahrzeugf\u00fchrer selbst. Wer im Stadtverkehr bei Tempo 50 beispielsweise nur eine Sekunde auf sein Smartphone schaut, legt hierbei eine Strecke von 14 Metern im &#8222;Blindflug&#8220; zur\u00fcck. Die Polizei appelliert daher an alle Verkehrsteilnehmenden, das Handy w\u00e4hrend der Fahrt stecken zu lassen und die Aufmerksamkeit auf den Stra\u00dfenverkehr zu richten. Lassen Sie sich nicht ablenken!<\/p>\n\n\n\n<h2 class=\"wp-block-heading\">(Ludwigshafen) &#8211; Geldbeutel w\u00e4hrend medizinischem Notfall gestohlen<\/h2>\n\n\n\n<p>Eine 72-J\u00e4hrige musste am 23.04.2024, gegen 11 Uhr, in einer B\u00e4ckerei in der Stra\u00dfe An der Stadtmauer medizinisch versorgt werden, nachdem sie ohnm\u00e4chtig geworden war. Ihr schwarzer Geldbeutel hatte zum Zeitpunkt der Ohnmacht auf einem Tisch in der B\u00e4ckerei gelegen. Dies nutzte eine bislang unbekannte Person aus und stahl das Portemonnaie. In diesem befanden sich neben diversen Karten auch etwa 80 Euro Bargeld.<\/p>\n\n\n\n<ul>\n<li><strong>Da bislang keine Hinweise vorliegen, bittet die Polizeiwache Oggersheim Zeugen, sich zu melden. Wer hat etwas beobachtet? Hinweise werden unter Tel. 0621 963 &#8211; 2403 oder per E-Mail&nbsp;<a href=\"mailto:%20pwoggersheim@polizei.rlp.de\">pwoggersheim@polizei.rlp.de<\/a>&nbsp;erbeten.<\/strong><\/li>\n<\/ul>\n\n\n\n<h2 class=\"wp-block-heading\">(Ludwigshafen) &#8211; Nach Unfall gefl\u00fcchtet<\/h2>\n\n\n\n<p>Ein Unbekannter fuhr am Dienstag (23.04.2024), in der Zeit von 10 Uhr bis 10:45 Uhr, in der Lutherstra\u00dfe gegen einen geparkten Subaru Forester. Der Verursacher fl\u00fcchtete von der Unfallstelle, ohne sich um den entstandenen Schaden in H\u00f6he von rund 2.500 Euro zu k\u00fcmmern.<\/p>\n\n\n\n<ul>\n<li><strong>Haben Sie den Unfall beobachtet oder k\u00f6nnen Sie Hinweise geben?<\/strong><\/li>\n\n\n\n<li><strong>Dann melden Sie sich bitte bei der Polizeiinspektion Ludwigshafen 1, Telefonnummer 0621 963-2122 oder per E-Mail&nbsp;<a href=\"mailto:%20piludwigshafen1@polizei.rlp.de\">piludwigshafen1@polizei.rlp.de<\/a>&nbsp;.<\/strong><\/li>\n<\/ul>\n\n\n\n<h2 class=\"wp-block-heading\">(Ludwigshafen) &#8211; Gest\u00fcrzter Radfahrer und Unfall mit Stra\u00dfenbahn<\/h2>\n\n\n\n<p>Am Dienstagmorgen (23.04.2024), gegen 8:15 Uhr, st\u00fcrzte ein 63-j\u00e4hriger Radfahrer in der Frankenthaler Stra\u00dfe, als er Scherben auf dem Boden ausweichen wollte und in die Stra\u00dfenbahnschienen geriet. Er verletzte sich leicht. Eine 53-j\u00e4hrige Autofahrerin wollte dem Verletzten helfen und hielt mit ihrem Auto an. Der 54-j\u00e4hrige Fahrer der herannahenden Stra\u00dfenbahn sch\u00e4tzte den Abstand zum haltenden Auto falsch ein und streifte dieses. An der Stra\u00dfenbahn und dem Auto entstand ein Schaden in H\u00f6he von rund 7.000 Euro.<\/p>\n\n\n\n<h2 class=\"wp-block-heading\">(Ludwigshafen) &#8211; Transporter aufgebrochen \/ Zeugen gesucht<\/h2>\n\n\n\n<p>In der Zeit vom 22.04.2024, 19:30 Uhr, bis zum 23.04.2024, 6:15 Uhr, brachen Unbekannte einen Fiat Ducato in der Kropsburgstra\u00dfe auf. Aus dem Transporter wurde ein Schl\u00fcssel gestohlen. Der entstandene Schaden wird auf rund 600 Euro gesch\u00e4tzt.<\/p>\n\n\n\n<ul>\n<li><strong>Haben Sie die Tat beobachtet oder k\u00f6nnen Sie Hinweise zu dem\/den T\u00e4ter\/n geben?<\/strong><\/li>\n\n\n\n<li><strong>Dann melden Sie sich bitte bei der Polizeiinspektion Ludwigshafen 1, Telefonnummer 0621 963-2122 oder per E-Mail&nbsp;<a href=\"mailto:%20piludwigshafen1@polizei.rlp.de\">piludwigshafen1@polizei.rlp.de<\/a>&nbsp;.<\/strong><\/li>\n<\/ul>\n\n\n\n<h2 class=\"wp-block-heading\">(Ludwigshafen) &#8211; Radfahrer bei Unfall verletzt \/ Fl\u00fcchtiger Autofahrer gesucht<\/h2>\n\n\n\n<p>Am Montag (22.04.2024) gegen 17:45 Uhr fuhr ein Auto in der Frankenthaler Stra\u00dfe von dem Gel\u00e4nde einer Tankstelle und missachtete die Vorfahrt eines 42-j\u00e4hrigen Radfahrers, der auf dem Radweg unterwegs war. Der Fahrradfahrer musste stark bremsen, um einen Zusammensto\u00df zu verhindern. Er st\u00fcrzte und verletzte sich leicht. Das Auto fuhr von der Unfallstelle weg. Bei dem fl\u00fcchtigen Auto soll es sich um einen silberfarbenen Smart gehandelt haben.<\/p>\n\n\n\n<ul>\n<li><strong>Zeugen, die den Unfall beobachtet haben und der Fahrer\/die Fahrerin des fl\u00fcchtigen Smart werden gebeten sich bei der Polizeiinspektion Ludwigshafen 1, Telefonnummer 0621 963-2122 oder per E-Mail&nbsp;<a href=\"mailto:%20piludwigshafen1@polizei.rlp.de\">piludwigshafen1@polizei.rlp.de<\/a>&nbsp;zu melden.<\/strong><\/li>\n<\/ul>\n\n\n\n<h2 class=\"wp-block-heading\">(Ludwigshafen) &#8211; Gemeinsame Schwerpunktkontrolle von Polizei und rnv<\/h2>\n\n\n<div class=\"wp-block-image\">\n<figure class=\"aligncenter size-full\"><img decoding=\"async\" loading=\"lazy\" width=\"800\" height=\"485\" src=\"https:\/\/speyer24news.com\/wp-content\/uploads\/2020\/08\/200821-Pressetermin-Kontrolle-Maskenpflicht-\u00d6PNV.jpg\" alt=\"\" class=\"wp-image-29886\" srcset=\"https:\/\/speyer24news.com\/wp-content\/uploads\/2020\/08\/200821-Pressetermin-Kontrolle-Maskenpflicht-\u00d6PNV.jpg 800w, https:\/\/speyer24news.com\/wp-content\/uploads\/2020\/08\/200821-Pressetermin-Kontrolle-Maskenpflicht-\u00d6PNV-300x182.jpg 300w, https:\/\/speyer24news.com\/wp-content\/uploads\/2020\/08\/200821-Pressetermin-Kontrolle-Maskenpflicht-\u00d6PNV-768x466.jpg 768w\" sizes=\"(max-width: 800px) 100vw, 800px\" \/><figcaption class=\"wp-element-caption\">Archivbild einer Kontrolle des \u00d6PNV, hier in Mannheim auf den Planken. Dient lediglich der Visualisierung.<\/figcaption><\/figure><\/div>\n\n\n<p>Am Montag (22.04.2023), fand von 13 bis 17 Uhr eine gemeinsame Kontrolle der rnv (Rhein-Neckar-Verkehr GmbH) zusammen mit der Polizeiwache Oggersheim statt. Kontrolliert wurden Busse und Stra\u00dfenbahnen an der Haltestelle Hans-Warsch-Platz. Hierbei wurden Fahrg\u00e4ste, welche sich in Bahnen und Bussen befanden oder daraus austeigen wollten, nach einem g\u00fcltigen Fahrausweis kontrolliert. Insgesamt wurden rund 6.300 Personen kontrolliert. Hierbei wurden 236 Personen festgestellt, die keinen g\u00fcltigen Fahrschein vorzeigen konnten. Gegen einen Fahrgast mussten wegen seines aggressiven Verhaltens ein Platzverweis ausgesprochen werden.<\/p>\n\n\n\n<p>Weitere gemeinsame Kontrollen von Polizei und rnv sollen auch zuk\u00fcnftig stattfinden.<\/p>\n\n\n\n<h2 class=\"wp-block-heading\">(Ludwigshafen) &#8211; Stromkabel gestohlen \/ Zeugen gesucht<\/h2>\n\n\n\n<p>In der Zeit vom 19.04.2024, 13 Uhr, bis zum 22.04.2024, 14 Uhr stahlen unbekannte zwei gro\u00dfe Stromkabeltrommeln vom Wertstoffhof in der Wollstra\u00dfe. Aufgrund des hohen Gewichts der Trommeln (ca. 500 kg) d\u00fcrften diese mit einem Transporter oder Lkw abtransportiert worden sein. Der Schaden wird auf rund 6.000 Euro gesch\u00e4tzt.<\/p>\n\n\n\n<ul>\n<li><strong>Haben Sie am vergangenen Wochenende verd\u00e4chtige Personen oder Fahrzeuge am Wertstoffhof in Wollstra\u00dfe beobachtet?<\/strong><\/li>\n\n\n\n<li><strong>Dann melden Sie sich bitte bei der Polizeiinspektion Ludwigshafen 2, Telefonnummer 0621 963-2222 oder per E-Mail&nbsp;<a href=\"mailto:%20piludwigshafen2@polizei.rlp.de\">piludwigshafen2@polizei.rlp.de<\/a>&nbsp;.<\/strong><\/li>\n<\/ul>\n\n\n\n<h2 class=\"wp-block-heading\">(Ludwigshafen) &#8211; Versuchter Einbruch in Roonstra\u00dfe<\/h2>\n\n\n\n<p>Bislang Unbekannte versuchten in der Roonstra\u00dfe in B\u00fcror\u00e4umlichkeiten einzubrechen. Obwohl sie versuchten die T\u00fcr aufzuhebeln, gelang es ihnen schlie\u00dflich nicht, ins Geb\u00e4ude einzudringen und etwas zu stehlen. Die an der T\u00fcr entstandene Schadensh\u00f6he wird auf etwa 300 Euro gesch\u00e4tzt. Die Tatzeit d\u00fcrfte zwischen dem 18.04.2024, 17:30 Uhr und dem 22.04.2024, 8 Uhr, liegen.<\/p>\n\n\n\n<ul>\n<li><strong>Sie haben etwas beobachtet? Hinweise nimmt die Kriminalpolizei Ludwigshafen unter der Telefonnummer 0621 963-2773 oder per E-Mail&nbsp;<a href=\"mailto:%20kiludwigshafen.k1.kdd@polizei.rlp.de\">kiludwigshafen.k1.kdd@polizei.rlp.de<\/a>&nbsp;entgegen.<\/strong><\/li>\n<\/ul>\n\n\n\n<h2 class=\"wp-block-heading\">(Ludwigshafen) &#8211; In zwei Autos eingebrochen<\/h2>\n\n\n\n<p>Zwischen Donnerstagmorgen (18.04.2024, 8:30 Uhr) und Montagmorgen (22.04.2024, 7:45 Uhr) wurde eine Scheibe eines parkenden BMW eingeschlagen. Der bislang unbekannte Verursacher durchsuchte im Anschluss den Innenraum des Fahrzeugs, konnte nach derzeitigem Kenntnisstand jedoch nichts entwenden. Der Sachschaden wird auf etwa 300 Euro gesch\u00e4tzt. Hinweise auf den T\u00e4ter sind bisher nicht vorhanden. Das Auto stand zur Tatzeit im Donnersbergweg.<\/p>\n\n\n\n<p>In unmittelbarer N\u00e4he hierzu, in der Ludwig-Reichling-Stra\u00dfe, wurde au\u00dferdem ein weiteres Auto mit eingeschlagener Scheibe festgestellt. Der Halter wurde informiert. Er gab an, seinen goldfarbenen Mercedes zwischen dem 01.04.2024, 0 Uhr und dem 22.04.2024, 8 Uhr abgestellt zu haben. Es wurde auch aus diesem Auto nichts entwendet. Der Sachschaden wird auf etwa 500 Euro gesch\u00e4tzt.<\/p>\n\n\n\n<ul>\n<li><strong>Ob auf Grund der r\u00e4umlichen N\u00e4he ein Tatzusammenhang bestehen k\u00f6nnte, wird Bestandteil der Ermittlungen sein. Zur Kl\u00e4rung der Einbr\u00fcche bittet die Kriminalpolizei Ludwigshafen unter der Telefonnummer 0621 963-2773 oder per E-Mail&nbsp;<a href=\"mailto:%20kiludwigshafen.k1.kdd@polizei.rlp.de\">kiludwigshafen.k1.kdd@polizei.rlp.de<\/a>&nbsp;.<\/strong><\/li>\n<\/ul>\n\n\n\n<h2 class=\"wp-block-heading\">(Ludwigshafen) &#8211; Kabel von Baustelle gestohlen \/ Zeugen gesucht<\/h2>\n\n\n\n<p>In der Zeit vom 19.04.2024, 15 Uhr, bis zum 22.04.2024, 7 Uhr, stahlen Unbekannte von einer Baustelle in der Ernst-Boehe-Stra\u00dfe eine Rolle mit rund 400 Meter Kupferkabel. Der Schaden wird auf ca. 500 Euro gesch\u00e4tzt.<\/p>\n\n\n\n<ul>\n<li><strong>Haben Sie die Tat beobachtet oder k\u00f6nnen Sie Hinweise geben?<\/strong><\/li>\n\n\n\n<li><strong>Dann melden Sie sich bitte bei der Polizeiinspektion Ludwigshafen 1, Telefonnummer 0621 963-2122 oder per E-Mail&nbsp;<a href=\"mailto:%20piludwigshafen1@polizei.rlp.de\">piludwigshafen1@polizei.rlp.de<\/a>&nbsp;zu melden.<\/strong><\/li>\n<\/ul>\n\n\n\n<h2 class=\"wp-block-heading\">(Ludwigshafen) &#8211; Geldkassette aus Zigarettenautomaten gestohlen<\/h2>\n\n\n\n<p>Unbekannte entwendeten in der Nacht von Sonntag (21.04.2024) auf Montag (22.04.2024) die Geldkassette mit Bargeld eines aufgebrochenen Zigarettenautomaten in der Breitscheidstra\u00dfe. Bereits am Samstag (20.04.2024) versuchten Unbekannte den Automaten aufzuhebeln. Das Vorhaben misslang jedoch. Der Bargeldwert in der Geldkassette ist derzeit noch nicht bekannt. <\/p>\n\n\n\n<ul>\n<li><strong>Hinweise bitte an die Polizeiinspektion Ludwigshafen 2, Telefonnummer 0621 963-2222 oder per E-Mail&nbsp;<a href=\"mailto:%20piludwigshafen2@polizei.rlp.de\">piludwigshafen2@polizei.rlp.de<\/a>&nbsp;.<\/strong><\/li>\n<\/ul>\n\n\n\n<h2 class=\"wp-block-heading\">(Ludwigshafen) &#8211; Fallrohre an Schulen entwendet<\/h2>\n\n\n\n<p>Unbekannten entwendeten in dem Zeitraum von Freitag (19.04.2024) auf Samstag (20.04.2024) zwei Fallrohre an zwei Schulen in der Leuschner- und Nietzschestra\u00dfe. Die Schadensh\u00f6he steht derzeit noch nicht fest. Hinweise bitte an die Polizeiinspektion Ludwigshafen 2, Telefonnummer 0621 963-2222 oder per E-Mail&nbsp;<a href=\"mailto:%20piludwigshafen2@polizei.rlp.de\">piludwigshafen2@polizei.rlp.de<\/a>&nbsp;.<\/p>\n\n\n\n<h2 class=\"wp-block-heading\">(Ludwigshafen) &#8211; Frau verweigert Angaben ihrer Personalien \/ Verurteilung zu 500 Euro Bu\u00dfgeld<\/h2>\n\n\n\n<p>Am 26.10.2022 wurde im Bereich der Comeniusstra\u00dfe eine Frau von einem damals 53 Jahre altem Mann bel\u00e4stigt. Der Mann konnte durch Polizeikr\u00e4fte im Bereich einer nahen Haltestelle festgestellt werden. Er verweigerte die Mitwirkung an der polizeilichen Ma\u00dfnahme und leistete Widerstand. Wir berichteten am 27.10.2022 unter&nbsp;<a target=\"_blank\" rel=\"noreferrer noopener\" href=\"https:\/\/s.rlp.de\/3dFJw\">https:\/\/s.rlp.de\/3dFJw<\/a>&nbsp;dar\u00fcber.<\/p>\n\n\n\n<p>Eine weitere vor Ort befindliche Frau, damals 52 Jahre alt, sprach die Polizeikr\u00e4fte an und teilte mit, dass der Mann nichts getan habe und ihn die Polizei daher gehen lassen solle. Als die Polizeikr\u00e4fte daraufhin die Personalien der Frau erheben wollten, verweigerte diese die Angaben zu ihrer Person.<\/p>\n\n\n\n<p>Das Nichtnennen der Personalien gegen\u00fcber der Polizei stellt eine Ordnungswidrigkeit nach \u00a7111 des Ordnungswidrigkeitengesetzes dar und kann mit einer Geldbu\u00dfe geahndet werden. Das Amtsgericht Ludwigshafen verurteilte mittlerweile die damals 52 Jahre alte Frau im Januar 2024 wegen eben diesem genannten Paragraphen zu einer Geldbu\u00dfe in H\u00f6he von 500EUR. Zur Aufkl\u00e4rung des Sachverhalts konnte die Frau keine sachdienlichen Hinweise geben.<\/p>\n\n\n\n<h2 class=\"wp-block-heading\">(Mannheim) &#8211; Unter Alkoholeinfluss Ampelmast gerammt<\/h2>\n\n\n\n<p>Am Samstagnachmittag, gegen 15:30 Uhr, befuhr ein 60-J\u00e4hriger mit seinem Transporter die Relaisstra\u00dfe im Stadtteil Rheinau in Richtung B36. Kurz vor dem Bahnhof Mannheim-Rheinau kam er in einer Linkskurve von der Fahrbahn ab und kollidierte mit einem Ampelmast. Der Mast drohte in Folge der Kollision zu kippen und wurde nur noch gehalten, da er sich mit der Frontsto\u00dfstange verkeilt hatte. Zur Sicherung des Ampelmastes mussten neben der Feuerwehr auch ein Techniker herangezogen werden, da der Mast noch unter Strom stand. Hierf\u00fcr musste die Relaisstra\u00dfe bis ca. 20:00 Uhr gesperrt werden. Der Schienenverkehr war nicht betroffen, der Busverkehr wurden umgeleitet. Durch die Polizeistreife vom Polizeirevier Mannheim-Neckarau konnte Alkoholgeruch bei dem Fahrer festgestellt werden. Ein daraufhin durchgef\u00fchrter Atemalkoholtest ergab einen Wert von knapp zwei Promille. Der Fahrer wurde mit dem Rettungsdienst zur weiteren Untersuchung in ein Krankenhaus verbracht, dort wurde ihm auch eine Blutprobe entnommen. Sein F\u00fchrerschein wurde sichergestellt. Das verunfallte Fahrzeug musste durch einen Abschleppdienst geborgen werden. Es entstand ein Gesamtschaden von ca. 10.000 Euro.<\/p>\n\n\n\n<h2 class=\"wp-block-heading\">(Mannheim) &#8211; Todesfall bei Polizeieinsatz am 27. April<\/h2>\n\n\n\n<h3 class=\"wp-block-heading\">Gemeinsame Pressemitteilung der Staatsanwaltschaft Mannheim, des Polizeipr\u00e4sidiums Mannheim und des Landeskriminalamts Baden-W\u00fcrttemberg<\/h3>\n\n\n<div class=\"wp-block-image\">\n<figure class=\"aligncenter size-full\"><img decoding=\"async\" loading=\"lazy\" width=\"800\" height=\"533\" src=\"https:\/\/speyer24news.com\/wp-content\/uploads\/2021\/02\/candle-2038736_1920.jpg\" alt=\"\" class=\"wp-image-33582\" srcset=\"https:\/\/speyer24news.com\/wp-content\/uploads\/2021\/02\/candle-2038736_1920.jpg 800w, https:\/\/speyer24news.com\/wp-content\/uploads\/2021\/02\/candle-2038736_1920-300x200.jpg 300w, https:\/\/speyer24news.com\/wp-content\/uploads\/2021\/02\/candle-2038736_1920-768x512.jpg 768w\" sizes=\"(max-width: 800px) 100vw, 800px\" \/><\/figure><\/div>\n\n\n<p>Nach dem derzeitigen Stand der Ermittlungen kam es am 27. April, gegen 04.00 Uhr zu einem Einbruch in ein Mehrfamilienhaus durch einen 41-j\u00e4hrigen Tatverd\u00e4chtigen. Bei der Tat\u00f6rtlichkeit handelt es sich um einen f\u00fcnfst\u00f6ckigen Wohngeb\u00e4udekomplex im Stadtteil Mannheim-Rheinau. Das Mehrparteienhaus ist aktuell komplett einger\u00fcstet. Diesen Umstand machte sich der Tatverd\u00e4chtige zunutze, um augenscheinlich in mehrere Wohnungen einzubrechen. Bewohner des Hauses wurden durch die verd\u00e4chtigen Ger\u00e4usche zur Nachtzeit aufmerksam und verst\u00e4ndigten die Polizei. Beim Eintreffen der Polizeikr\u00e4fte befand sich der Tatverd\u00e4chtige auf dem obersten Segment des Ger\u00fcstes in einer H\u00f6he von etwa zw\u00f6lf Metern. Er lag dort auf dem Boden und versuchte sich zu verstecken. Die eingesetzten Kr\u00e4fte konnten den Tatverd\u00e4chtigen aus der Wohnung der anrufenden Zeugin lokalisieren. Hier hatte er zuvor an den Rolll\u00e4den ger\u00fcttelt und vermutlich versucht in die Wohnung einzudringen.<\/p>\n\n\n\n<p>Erste Versuche, den Tatverd\u00e4chtigen durch Ergreifen seiner Arme und seines Oberk\u00f6rpers in die Wohnung zu ziehen, scheiterten, da er sich gegen das Festhalten durch Losrei\u00dfen und Schlagen k\u00f6rperlich zur Wehr setzte. Der Tatverd\u00e4chtige setzte sich im weiteren Verlauf unmittelbar an die Kante des Ger\u00fcsts. Es ist unklar, ob der Mann versuchte sich durch einen Sprung aus gr\u00f6\u00dfer H\u00f6he der Festnahme zu entziehen oder ob er versehentlich abrutschte. Neutrale Zeugenaussagen belegen, dass der Sturz ohne Einwirkung durch die Beamten stattfand. Der Mann fiel hierbei in die Tiefe in einen Kellerabgang, wo er unterhalb der Treppe aufschlug. Die eingesetzten Kr\u00e4fte leisteten umgehend Erste-Hilfe-Ma\u00dfnahmen bis zum Eintreffen des Rettungsdiensts, welcher die notfallmedizinische Versorgung \u00fcbernahm. Auf Grund der Schwere der Verletzungen verstarb der Mann jedoch noch vor Ort.<\/p>\n\n\n\n<p>Bei dem Tatverd\u00e4chtigen handelt es sich um einen in Tauberbischofsheim geborenen und in Mannheim wohnhaften Mann mit deutscher Staatsangeh\u00f6rigkeit, der in der Vergangenheit bereits mehrfach einschl\u00e4gig wegen Eigentums-, Bet\u00e4ubungsmittel- und Gewaltdelikten sowie auch wegen Widerstandes gegen Vollstreckungsbeamte polizeilich in Erscheinung getreten war. Zum aktuellen Zeitpunkt konnte am Tatort mutma\u00dfliches Diebesgut aufgefunden werden.<\/p>\n\n\n\n<p>In Abstimmung mit der Staatsanwaltschaft Mannheim wird die Sachbearbeitung hinsichtlich des Todesfalls vom Landeskriminalamt Baden-W\u00fcrttemberg (LKA BW) \u00fcbernommen.<\/p>\n\n\n\n<h2 class=\"wp-block-heading\">(Mannheim) &#8211; Spielzeugwaffen verursachen Polizeieinsatz<\/h2>\n\n\n<div class=\"wp-block-image\">\n<figure class=\"aligncenter size-full\"><img decoding=\"async\" loading=\"lazy\" width=\"678\" height=\"381\" src=\"https:\/\/speyer24news.com\/wp-content\/uploads\/2021\/04\/Polizei-678x381.jpg\" alt=\"\" class=\"wp-image-35265\" srcset=\"https:\/\/speyer24news.com\/wp-content\/uploads\/2021\/04\/Polizei-678x381.jpg 678w, https:\/\/speyer24news.com\/wp-content\/uploads\/2021\/04\/Polizei-678x381-300x169.jpg 300w\" sizes=\"(max-width: 678px) 100vw, 678px\" \/><\/figure><\/div>\n\n\n<p>Am Freitagabend gegen kurz vor 17.00 Uhr meldete eine Passantin dem Polizeinotruf drei Jugendliche mit Pistolen im Bereich der Lilienthalstra\u00dfe in Mannheim-Sch\u00f6nau. Aufgrund der zun\u00e4chst noch unklaren Lage, wurden durch das F\u00fchrungs- und Lagezentrum mehrere Streifenwagen zur vermeintlichen Tat\u00f6rtlichkeit entsandt. Im Bereich der Kreuzung Lilienthalstra\u00dfe \/ Ortelsburger Stra\u00dfe konnten durch die eingesetzten Beamten schlie\u00dflich drei Kinder im Alter zwischen 11- und 13-Jahren angetroffen werden. Alle drei f\u00fchrten sogenannte &#8222;Softair-Pistolen&#8220; mit sich, welche f\u00fcr den Laien als solche allerdings nicht immer gleich erkennbar sind. Im Anschluss an die Kontrolle wurden die Kinder, nach einem belehrenden Gespr\u00e4ch, den Erziehungsberechtigten \u00fcberstellt.<\/p>\n\n\n\n<h2 class=\"wp-block-heading\">(Mannheim) &#8211; Festnahme nach Einbruch in Kiosk<\/h2>\n\n\n\n<p>Am fr\u00fchen Freitagmorgen gegen 2 Uhr brachen drei Personen in einen Kiosk im Quadrat E2 ein, indem sie die Scheibe mit einem Pflasterstein einwarfen. Aus dem Kiosk entwendeten die Verd\u00e4chtigen Bargeld sowie diverse Tabakwaren und fl\u00fcchteten. Eine aufmerksame Anwohnerin beobachtete die Tat und verst\u00e4ndigte die Polizei. Durch eine schnell eingeleitete Fahndung konnten zwei der Tatverd\u00e4chtigen im n\u00e4heren Umfeld festgenommen werden. Die Beute der beiden 15-j\u00e4hrigen Jugendlichen wurde wenig sp\u00e4ter durch die Beamtinnen und Beamten auf dem Fluchtweg aufgefunden. Nach derzeitigem Stand der Ermittlungen d\u00fcrften die Verd\u00e4chtigen ebenfalls f\u00fcr einen Einbruchsversuch gegen 1 Uhr in einen Kiosk in der Wadlhofstra\u00dfe der Mannheimer Neckarstadt verantwortlich sein. Die Polizei hat nun in beiden F\u00e4llen die Ermittlungen wegen Einbruchsdiebstahls aufgenommen. Au\u00dferdem erstrecken sich die weiteren \u00dcberpr\u00fcfungen auf die Ermittlung des dritten Tatverd\u00e4chtigen. Die festgenommenen Jugendlichen wurden im Anschluss auf dem Polizeirevier erkennungsdienstlich behandelt und ihren Eltern \u00fcberstellt. <\/p>\n\n\n\n<ul>\n<li><strong>Zeugen, welche sachdienliche Hinweise zur Tat geben k\u00f6nnen, werden gebeten, das Polizeirevier Mannheim-Innenstadt unter Tel.: 0621\/1258-0 zu informieren.<\/strong><\/li>\n<\/ul>\n\n\n\n<h2 class=\"wp-block-heading\">(Mannheim) &#8211; Unfall mit gestohlenem Motorrad verursacht \/ Zeugen gesucht<\/h2>\n\n\n\n<p>Am Donnerstagabend gegen 20:45 Uhr verursachte ein bisher unbekannter Motorradfahrer einen Unfall im Bereich des Plankenkopfes. Der Unbekannte fuhr auf dem Kraftrad mit seinem Sozius ungebremst in die Beifahrerseite eines Opels. Die 48-j\u00e4hrige Opel-Fahrerin war auf dem Friedrichsring in Richtung Hauptbahnhof unterwegs. Nach dem Unfall st\u00fcrzten Fahrer und Mitfahrer des Motorrads zu Boden. Eine der Personen d\u00fcrfte sich nach derzeitigem Ermittlungen hierbei zumindest leicht verletzt haben. Die Opel-Fahrerin blieb unverletzt. Der Gesamtschaden liegt bei etwa 4.000 Euro. Kurz nach dem Sturz fl\u00fcchteten beide Personen zu Fu\u00df von der Unfallstelle und lie\u00dfen das Motorrad an der Unfallstelle zur\u00fcck. Die kurz darauf eingetroffenen Polizistinnen und Polizisten konnten schnell den vermeintlichen Grund f\u00fcr die Flucht der Verd\u00e4chtigen ausmachen: Das Zweirad wurde erst k\u00fcrzlich als gestohlen gemeldet. <\/p>\n\n\n\n<h4 class=\"wp-block-heading\">Die Verd\u00e4chtigen, welche beide keinen Helm trugen, werden wie folgt beschrieben:<\/h4>\n\n\n\n<ol>\n<li><strong>Person: m\u00e4nnlich, etwa 18 Jahre, ungef\u00e4hr 180-185 cm gro\u00df, schlanke Statur, lockige, schulterlange, dunkle Haare, s\u00fcdl\u00e4ndisches Erscheinungsbild, braune Augen.<\/strong><\/li>\n\n\n\n<li><strong>Person: m\u00e4nnlich, 165-170 cm gro\u00df, etwa 16 Jahre, schlanke Statur, dicke Backen, s\u00fcdl\u00e4ndisches Erscheinungsbild, auff\u00e4llige Akne im Gesicht, braune Augen, braune glatte Haare.<\/strong><\/li>\n<\/ol>\n\n\n\n<p>Im Rahmen einer sofort eingeleiteten Fahndung konnten die Fl\u00fcchtigen nicht mehr ausfindig gemacht werden. Das Polizeirevier Mannheim-Innenstadt hat die Ermittlungen aufgenommen. Das gestohlene Fahrzeug wurde zur Spurensicherung sichergestellt. <\/p>\n\n\n\n<ul>\n<li><strong>Zeugen, welche Hinweise auf das Unfallgeschehen oder die T\u00e4ter geben k\u00f6nnen, werden gebeten, sich unter Tel.: 0621\/1258-0 zu melden.<\/strong><\/li>\n<\/ul>\n\n\n\n<h2 class=\"wp-block-heading\">(Mannheim) &#8211; Farbeimer entsorgt \/ Zeugen gesucht<\/h2>\n\n\n\n<p>Am Donnerstag gegen 10 Uhr entsorgten zwei bisher unbekannte M\u00e4nner zwei Farbeimer auf der L597 an der Anschlussstelle Mannheim Seckenheim \/ A656. Die M\u00e4nner wurden durch einen Zeugen beobachtet, wie sie die Eimer in den Gr\u00fcnstreifen warfen. Die Verd\u00e4chtigen waren mit einem wei\u00dfen Fiat Ducato unterwegs. Da aus einem Eimer die Farbe auslief wurde neben dem Gr\u00fcnstreifen auch die Fahrbahn stark verschmutzt, weshalb eine Spezialfirma zur Reinigung hinzugezogen werden musste. <\/p>\n\n\n\n<ul>\n<li><strong>Zeugen, welche Hinweise auf die beiden M\u00e4nner geben k\u00f6nnen, werden gebeten, das Polizeirevier Ladenburg unter Tel.: 06203\/9305-0 zu kontaktieren.<\/strong><\/li>\n<\/ul>\n\n\n\n<h2 class=\"wp-block-heading\">(Mannheim) &#8211; Mit gestohlenem Auto Unfall gebaut und dann zu Fu\u00df gefl\u00fcchtet<\/h2>\n\n\n\n<p>Bereits am Morgen des 25.04.2024 stellte eine Autobesitzerin um 07:30 Uhr fest, dass ihr am Vorabend geparktes Auto in Seckenheim entwendet wurde. Sie begab sich zur Polizei und erstattete Anzeige wegen des Diebstahls des Mercedes. Eine Fahndung nach dem Auto verlief zun\u00e4chst ergebnislos.<\/p>\n\n\n\n<p>Am selben Tag, gegen 18:50 Uhr, befuhr ein bislang unbekannter Tatverd\u00e4chtiger mit diesem entwendeten Mercedes auf dem Luisenring in Richtung Parkring. In H\u00f6he der Hausnummer 46 verlor der Fahrer aus bislang unbekannten Gr\u00fcnden die Kontrolle \u00fcber das Fahrzeug und prallte zun\u00e4chst gegen einen Toyota. Im weiteren Verlauf kollidierte der Mercedes mit vier weiteren Fahrzeugen, die durch den Aufprall aufeinander geschoben wurden. Alle Fahrzeuge waren gl\u00fccklicherweise nicht mit Personen besetzt, so dass lediglich Blechschaden entstand. Der Mercedes kam in der Mitte des Luisenrings zum Stehen. Der Fahrer sowie zwei bislang weitere unbekannte Mitfahrer stiegen aus dem Mercedes aus und fl\u00fcchteten zu Fu\u00df in unbekannte Richtung. Die H\u00f6he des Sachschadens l\u00e4sst sich bislang noch nicht beziffern. Aufgrund des Unfalls kam es zu leichten Verkehrsbeeintr\u00e4chtigungen auf dem Luisenring.<\/p>\n\n\n\n<ul>\n<li><strong>Das Fachdezernat der Kriminalpolizeidirektion Heidelberg hat nun die Ermittlungen aufgenommen und ist auf der Suche nach Zeugen, die Hinweise zu dem Unfall bzw. zu den Personen, die in dem Mercedes unterwegs waren, geben k\u00f6nnen. Diese werden gebeten, sich unter der Tel.: 0621\/174-5555, beim kriminalpolizeilichen Hinweistelefon zu melden.<\/strong><\/li>\n<\/ul>\n\n\n\n<h2 class=\"wp-block-heading\">(Mannheim) &#8211; 44-J\u00e4hriger entwendet E-Scooter und f\u00e4hrt betrunken im Stra\u00dfenverkehr<\/h2>\n\n\n\n<p>Einem 52-j\u00e4hrigen Mann wurde am Mittwoch, gegen 22 Uhr, der abgeschlossene E-Scooter im Wert von etwa 900 Euro in der Otto-Selz-Stra\u00dfe entwendet. Da er sein Elektrofahrzeug mit seinem Handy orten konnte und umgehend die Polizei verst\u00e4ndigte, konnten diese dem T\u00e4ter schnell habhaft werden.<\/p>\n\n\n\n<p>Ein 44-J\u00e4hriger ergriff zwar vorerst mit dem entwendeten E-Scooter unter dem Einfluss von mehr als 1,6 Promille die Flucht, konnte dann aber letztendlich in der Hafenstra\u00dfe gestellt werden.<\/p>\n\n\n\n<p>Im Anschluss musste der 44-j\u00e4hrige Tatverd\u00e4chtige mit zum Polizeirevier, wo ihm eine Blutprobe entnommen wurde. Im Anschluss wurde er aus den Ma\u00dfnahmen entlassen.<\/p>\n\n\n\n<p>Das Polizeirevier Mannheim-Oststadt hat die Ermittlungen aufgenommen. Der 44-J\u00e4hrige muss sich neben dem besonders schweren Fall des Diebstahls auch hinsichtlich des F\u00fchrens eines Fahrzeugs unter dem Einfluss alkoholischer Getr\u00e4nke im \u00f6ffentlichen Stra\u00dfenverkehr verantworten.<\/p>\n\n\n\n<h2 class=\"wp-block-heading\">(Mannheim) &#8211; Schusswaffengebrauch im Zusammenhang mit polizeilichem Einsatz am 23. April<\/h2>\n\n\n\n<h3 class=\"wp-block-heading\">Gemeinsame Pressemitteilung der Staatsanwaltschaft Mannheim, des Polizeipr\u00e4sidiums Mannheim und des LKA BW<\/h3>\n\n\n<div class=\"wp-block-image\">\n<figure class=\"aligncenter size-full\"><img decoding=\"async\" loading=\"lazy\" width=\"800\" height=\"533\" src=\"https:\/\/speyer24news.com\/wp-content\/uploads\/2021\/02\/candle-2038736_1920.jpg\" alt=\"\" class=\"wp-image-33582\" srcset=\"https:\/\/speyer24news.com\/wp-content\/uploads\/2021\/02\/candle-2038736_1920.jpg 800w, https:\/\/speyer24news.com\/wp-content\/uploads\/2021\/02\/candle-2038736_1920-300x200.jpg 300w, https:\/\/speyer24news.com\/wp-content\/uploads\/2021\/02\/candle-2038736_1920-768x512.jpg 768w\" sizes=\"(max-width: 800px) 100vw, 800px\" \/><\/figure><\/div>\n\n\n<p>Am Dienstagnachmittag, 23. April 2024, kam es gegen 17.30 Uhr im innerst\u00e4dtischen Bereich in Mannheim zu einem polizeilichen Schusswaffengebrauch.<\/p>\n\n\n\n<p>Nach derzeitigem Ermittlungsstand soll ein 31-J\u00e4hriger bewaffneter Mann im Bereich der Universit\u00e4tsbibliothek der Universit\u00e4t Mannheim aufgefallen sein. Gegen den Mann wurde nach aktuellen Erkenntnissen bereits ein Hausverbot f\u00fcr die Bibliothek auf Grund wiederholt auffallendem negativen Verhalten ausgesprochen. Der Mann hielt beim Eintreffen der Streifenwagenbesatzung eine Machete in seiner Hand und war bereits zuvor gegen eine Angestellte der Bibliothek handgreiflich geworden. In der Folge kam es zu einer Bedrohungslage gegen\u00fcber den Einsatzkr\u00e4ften, welche im weiteren Verlauf von ihrer Schusswaffe Gebrauch machen mussten.<\/p>\n\n\n\n<p>Durch die Schussabgabe wurde der 31-J\u00e4hrige verletzt und umgehend in ein Krankenhaus gebracht, in welchem er sp\u00e4ter verstarb. In Abstimmung mit der Staatsanwaltschaft Mannheim wird die Sachbearbeitung hinsichtlich des polizeilichen Schusswaffengebrauchs vom Landeskriminalamt Baden-W\u00fcrttemberg (LKA BW) \u00fcbernommen.<\/p>\n\n\n\n<p>Bei dem Verstorbenen handelt es sich um einen in Saarbr\u00fccken geborenen und in Mannheim wohnhaften Mann mit deutscher Staatsangeh\u00f6rigkeit, der in der Vergangenheit bereits polizeilich in Erscheinung getreten war.<\/p>\n\n\n\n<p>Im Fokus der Ermittlungen der Staatsanwaltschaft Mannheim und des LKA BW steht insbesondere eine Rekonstruktion des gesamten Geschehensablaufs. Hierf\u00fcr wurde der Ereignisort sowie die kriminalistisch relevanten Spuren unter anderem durch die Spezialistinnen und Spezialisten der Kriminaltechnik des Polizeipr\u00e4sidiums Mannheim dokumentiert. Die gesamte Spurenanalyse einschlie\u00dflich einer umfangreichen und umfassenden ballistische Untersuchungen erfolgt beim Kriminaltechnischen Institut des LKA BW.<\/p>\n\n\n\n<p>Ein weiterer Schwerpunkt der Ermittlungen liegt auf der Motivlage des Verstorbenen sowie auf den Bereich der Feststellung und Vernehmung von mittelbaren und unmittelbaren Zeugen der Geschehnisse.<\/p>\n\n\n\n<p>Die Ermittlungen dauern an.<\/p>\n\n\n\n<h3 class=\"wp-block-heading has-text-align-center\">Schusswaffengebrauch im Zusammenhang mit polizeilichem Einsatz am 23. April in Mannheim \/  Pressemeldung Nr. 2<\/h3>\n\n\n\n<h3 class=\"wp-block-heading\">Gemeinsame Pressemitteilung der Staatsanwaltschaft Mannheim und des Landeskriminalamts B-W<\/h3>\n\n\n\n<p>Nach dem aktuellen Stand der Ermittlungen soll ein 31-J\u00e4hriger Mann im Geb\u00e4ude der Universit\u00e4t Mannheim aufgefallen sein, in dem er Aufkleber verbotenerweise an Einrichtungsgegenst\u00e4nde der Universit\u00e4t angebracht haben soll. Beim anschlie\u00dfenden Anbringen weiterer Aufkleber im H\u00f6rsaal wurde der Mann von einem Zeugen angesprochen, welcher in der Folge durch den Mann mit einer Ohrfeige t\u00e4tlich angegangen worden sein soll. Gegen den 31-J\u00e4hrigen wurde zudem vor Kurzem ein Hausverbot ausgesprochen, nachdem er gegen\u00fcber einer Mitarbeiterin der Bibliothek in gleicher Weise handgreiflich geworden sein soll. Neben dem Hausverbot wurde eine Strafanzeige gestellt.<\/p>\n\n\n\n<p>Der Mann befand sich am 23. April 2024 beim Eintreffen der Streifenwagenbesatzung im H\u00f6rsaal im ersten Obergeschoss der Universit\u00e4t und hielt eine schwarze, circa 40 Zentimeter lange Machete in seiner Hand. Versuche, verbal auf den Mann einzuwirken und ihn dazu zu bewegen, die Machete aus der Hand zu legen, schlugen fehl. Daraufhin kam es zu einer Schussabgabe, um den Mann zu stoppen. Beim Einsatz kam die Bodycam nicht zur Verwendung.<\/p>\n\n\n\n<p>Zum jetzigen Zeitpunkt sind dem Landeskriminalamt Baden-W\u00fcrttemberg \u00fcber 25 Zeugen bekannt. Im H\u00f6rsaal befanden sich circa 50 Personen. Die genaue Zeugenanzahl ist gegenw\u00e4rtig noch unklar, da einige Personen die \u00d6rtlichkeit vor Feststellung ihrer Personalien verlassen hatten. Weitere K\u00f6rperverletzungen seitens des 31-J\u00e4hrigen k\u00f6nnen zum gegenw\u00e4rtigen Zeitpunkt nicht ausgeschlossen werden, da noch nicht alle Vernehmungen abgeschlossen sind bzw. die Zeugenerhebung noch andauert.<\/p>\n\n\n\n<p>Im Fokus der Ermittlungen der Staatsanwaltschaft Mannheim und des LKA BW steht insbesondere eine Rekonstruktion des gesamten Geschehensablaufs. Neben den bereits abgeschlossenen kriminaltechnischen Erhebungen wurde zur Rekonstruktion des Tatgeschehens am 24. April die \u00d6rtlichkeit durch die Spezialisten und Spezialistinnen der Tatortgruppe des LKA BW dreidimensional vermessen. Die 3D-Tatortvermessung des Kriminaltechnischen Instituts (KTI) des LKA BW erfasst hierbei Tatortdaten per Laserscanner und bereitet diese zu einem digitalen Modell auf.<\/p>\n\n\n\n<p>Zur Kl\u00e4rung der genauen Todesursache ordnete die Ermittlungsrichterin am Amtsgericht Mannheim eine Obduktion an, die zeitnah stattfinden wird.<\/p>\n\n\n\n<p>Die Staatsanwaltschaft Mannheim und das Landeskriminalamt Baden-W\u00fcrttemberg f\u00fchren die Ermittlungen fort.<\/p>\n\n\n\n<h2 class=\"wp-block-heading\">(Mannheim) &#8211; Einbruch in Einkaufsmarkt \/ Zeugen gesucht<\/h2>\n\n\n\n<p>Im Zeitraum von Montag, 18:30 Uhr, bis Dienstag, 01:20 Uhr, verschaffte sich eine unbekannte T\u00e4terschaft gewaltsam Zutritt zu einem in der Oppauer Stra\u00dfe befindlichen Einkaufsmarkt. Hierbei wurde Bargeld in H\u00f6he von etwa 70 Euro aus einer Kasse entwendet. Die Ware blieb unber\u00fchrt.<\/p>\n\n\n\n<p>Der entstandene Sachschaden, der durch das Aufhebeln der T\u00fcr entstanden ist, l\u00e4sst sich derzeit nicht beziffern.<\/p>\n\n\n\n<ul>\n<li><strong>Das Polizeirevier Mannheim-Sandhofen hat die weiteren Ermittlungen \u00fcbernommen und bittet um Mitteilung von Zeugen, die sachdienliche Hinweise zum Tathergang oder zur weiterhin unbekannten T\u00e4terschaft geben k\u00f6nnen. Diese werden gebeten, sich unter der Telefonnummer 0621 77769-0 zu melden.<\/strong><\/li>\n<\/ul>\n\n\n\n<h2 class=\"wp-block-heading\">(Mannheim) &#8211; Verkehrswidriges Verhalten eines Fahranf\u00e4ngers \/ Zeugen gesucht<\/h2>\n\n\n\n<p>Ein 18-j\u00e4hriger KIA-Fahrer befuhr am Montag, gegen 21:30 Uhr, die Rheinvorlandstra\u00dfe in Fahrtrichtung B 36, fuhr weiter auf der Helmut-Kohl-Stra\u00dfe und missachtete dabei s\u00e4mtliche Vorschriften. Durch das r\u00fccksichtslose Fahrverhalten des Fahranf\u00e4ngers musste mindestens ein anderer Autofahrer abbremsen, um eine Kollision der Fahrzeuge zu verhindern.<\/p>\n\n\n\n<p>Der Autofahrer fiel dem Streifenteam auf, da dieser seinen wei\u00dfen KIA in einer Baustellenzone der Helmut-Kohl-Stra\u00dfe auf eine deutlich \u00fcberh\u00f6hte Geschwindigkeit beschleunigte. Zudem wechselte er sprunghaft, ebenfalls mit \u00fcberh\u00f6hter Geschwindigkeit, die Fahrspuren zwischen den anderen Verkehrsteilnehmern hin und her und missachtete dabei die durchgezogene Linie auf der Fahrbahn.<\/p>\n\n\n\n<ul>\n<li><strong>Da unklar ist, ob der 18-J\u00e4hrige bereits im Vorfeld weitere Verkehrsteilnehmer gef\u00e4hrdete, sucht das Polizeirevier Mannheim-Neckarau nach Zeugen oder weiteren Gesch\u00e4digten und bittet diese, sich unter der Telefonnummer 0621 83397-0 zu melden.<\/strong><\/li>\n<\/ul>\n\n\n\n<h2 class=\"wp-block-heading\">(Mannheim) &#8211; Diebstahlschaden von \u00fcber 2500 Euro \/ Nach Diebstahl auf Baustelle Zeugen gesucht<\/h2>\n\n\n\n<p>Nachdem sich in der Zeit von Freitag, 16 Uhr, bis Montag, 07 Uhr, unbekannte T\u00e4ter auf ein Baustellengel\u00e4nde in der Stra\u00dfe &#8222;Korbangel&#8220; im Stadtteil Waldhof Zutritt verschafft haben, brachen diese die dort befindlichen und mit Vorh\u00e4ngeschl\u00f6ssern gesicherten Baucontainer auf. Aus beiden Container entwendeten die T\u00e4ter Arbeitsmaschinen im Wert von knapp \u00fcber 2500 Euro. Durch das gewaltsame Aufbrechen der Container entstand ein Sachschaden, der auf einen mittleren zweistelligen Betrag gesch\u00e4tzt wird.<\/p>\n\n\n\n<ul>\n<li><strong>Aufgrund der Menge des Diebesguts wird davon ausgegangen, dass die Arbeitsmaschinen mit einem Fahrzeug abtransportiert worden sind. Das Polizeirevier Mannheim-Sandhofen bittet Zeugen, die verd\u00e4chtige Fahrzeuge oder Personen in Tatortn\u00e4he gesehen haben oder sonstige sachdienliche Hinweise geben k\u00f6nnen, sich unter der Tel.: 0621\/77769-0 zu melden.<\/strong><\/li>\n<\/ul>\n\n\n\n<h2 class=\"wp-block-heading\">(Heidelberg) &#8211; Im Gleisbett festgefahren \/ Kran muss helfen<\/h2>\n\n\n\n<p>Am sp\u00e4ten Freitagabend folgte eine 58-j\u00e4hrige Autofahrerin in Heidelberg strikt den Anweisungen ihres Navis und fuhr im Bereich der Dossenheimer Landstra\u00dfe geradeaus ins Gleisbett der Stra\u00dfenbahnschienen anstatt dem Stra\u00dfenverlauf an den Gleisen vorbei zu folgen. Nach ca. 80 Metern setzte der Opel Meriva auf den Gleisen auf und die Irrfahrt endete. Viel Muskelkraft der eingesetzten Polizeibeamten half nicht und so musste ein Abschleppdienst mit Kran angefordert werden, welcher den PKW wieder zur\u00fcck auf die Fahrbahn heben konnte. Die Fahrerin verletzte sich zum Gl\u00fcck nicht und es entstand nur geringer Sachschaden.<\/p>\n\n\n\n<h2 class=\"wp-block-heading\">(Heidelberg) &#8211; Gruppierung schl\u00e4gt auf Mann ein \/ Zeugen gesucht<\/h2>\n\n\n<div class=\"wp-block-image\">\n<figure class=\"aligncenter size-full\"><img decoding=\"async\" loading=\"lazy\" width=\"800\" height=\"533\" src=\"https:\/\/speyer24news.com\/wp-content\/uploads\/2021\/11\/Schlaegerei.jpg\" alt=\"\" class=\"wp-image-42366\" srcset=\"https:\/\/speyer24news.com\/wp-content\/uploads\/2021\/11\/Schlaegerei.jpg 800w, https:\/\/speyer24news.com\/wp-content\/uploads\/2021\/11\/Schlaegerei-300x200.jpg 300w, https:\/\/speyer24news.com\/wp-content\/uploads\/2021\/11\/Schlaegerei-768x512.jpg 768w\" sizes=\"(max-width: 800px) 100vw, 800px\" \/><figcaption class=\"wp-element-caption\">Beispielbild Schl\u00e4gerei \/ K\u00f6rperverletzung, dient lediglich der Visualisierung<\/figcaption><\/figure><\/div>\n\n\n<p>Am Donnerstagabend gegen 21:30 Uhr schlugen vier M\u00e4nner in der Kurf\u00fcrsten-Anlage auf einen 22-j\u00e4hrigen Mann ein. Dieser erlitt durch die Schl\u00e4ge Verletzungen am Kopf und musste vom Rettungsdienst in eine Klinik gebracht werden. Die genauen Tatumst\u00e4nde und das Motiv der Verd\u00e4chtigen sind noch unklar. Drei der T\u00e4ter fl\u00fcchteten nach der Tat. Eine Beschreibung der Fl\u00fcchtigen ist bisher nicht vorhanden. Ein 28-j\u00e4hriger Tatverd\u00e4chtiger konnte festgenommen werden. Er hatte sich im Vorfeld &#8211; vermutlich im Rahmen der Auseinandersetzung &#8211; leicht durch Pfefferspray verletzt. <\/p>\n\n\n\n<ul>\n<li><strong>Zeugen, welche das Geschehen beobachtet haben oder sonstige sachdienliche Hinweise geben k\u00f6nnen, werden gebeten, das Polizeirevier Heidelberg-Mitte unter Tel.: 06221\/1857-0 zu informieren.<\/strong><\/li>\n<\/ul>\n\n\n\n<h2 class=\"wp-block-heading\">(Heidelberg) &#8211; Versuchter Raub auf Gesch\u00e4ft in der Altstadt \/ Zeugen gesucht<\/h2>\n\n\n<div class=\"wp-block-image\">\n<figure class=\"aligncenter size-full\"><img decoding=\"async\" loading=\"lazy\" width=\"801\" height=\"600\" src=\"https:\/\/speyer24news.com\/wp-content\/uploads\/2020\/05\/Zeugen-gesucht-Neutral.jpg\" alt=\"\" class=\"wp-image-26598\" srcset=\"https:\/\/speyer24news.com\/wp-content\/uploads\/2020\/05\/Zeugen-gesucht-Neutral.jpg 801w, https:\/\/speyer24news.com\/wp-content\/uploads\/2020\/05\/Zeugen-gesucht-Neutral-300x225.jpg 300w, https:\/\/speyer24news.com\/wp-content\/uploads\/2020\/05\/Zeugen-gesucht-Neutral-768x575.jpg 768w, https:\/\/speyer24news.com\/wp-content\/uploads\/2020\/05\/Zeugen-gesucht-Neutral-678x509.jpg 678w, https:\/\/speyer24news.com\/wp-content\/uploads\/2020\/05\/Zeugen-gesucht-Neutral-326x245.jpg 326w, https:\/\/speyer24news.com\/wp-content\/uploads\/2020\/05\/Zeugen-gesucht-Neutral-80x60.jpg 80w\" sizes=\"(max-width: 801px) 100vw, 801px\" \/><\/figure><\/div>\n\n\n<p>Ein bislang unbekannter T\u00e4ter betrat am Mittwochmittag gegen 12:15 Uhr ein Gesch\u00e4ft in der Theaterstra\u00dfe und forderte die Besitzerin auf, die Kasse zu \u00f6ffnen. Um seiner Forderung Nachdruck zu verleihen, zeigte er der Inhaberin eine Schusswaffe, ohne diese gegen sie zu richten. Unbeeindruckt dessen wirkte die Besitzerin massiv verbal auf den T\u00e4ter ein, so dass dieser aus dem Gesch\u00e4ft ohne Diebesgut floh. Die Besitzerin alarmierte im Nachgang die Polizei. Eine sofort eingeleitete Fahndung verlief negativ.<\/p>\n\n\n\n<h4 class=\"wp-block-heading\">Der T\u00e4ter wird wie folgt beschrieben:<\/h4>\n\n\n\n<ul>\n<li><strong>m\u00e4nnlich<\/strong><\/li>\n\n\n\n<li><strong>circa 185 bis 190 cm gro\u00df<\/strong><\/li>\n\n\n\n<li><strong>20 &#8211; 30 Jahre<\/strong><\/li>\n\n\n\n<li><strong>gepflegte Erscheinung<\/strong><\/li>\n\n\n\n<li><strong>er trug einen schwarzen Stoffanorak mit Kapuze, tief ins Gesicht gezogen<\/strong><\/li>\n\n\n\n<li><strong>d\u00fcnn rasierter dunkler Schnauzer<\/strong><\/li>\n<\/ul>\n\n\n\n<ul>\n<li><strong>Die Kriminalpolizeidirektion Heidelberg hat die weiteren Ermittlungen \u00fcbernommen und bittet Zeugen, die sachdienliche Hinweise geben k\u00f6nnen, sich unter der Telefonnummer 0621\/174-4444 zu melden.<\/strong><\/li>\n<\/ul>\n\n\n\n<h2 class=\"wp-block-heading\">(Heidelberg) &#8211; Mann randaliert an Spielplatz und bedroht Passanten \/ Zeugen und Gesch\u00e4digte gesucht<\/h2>\n\n\n<div class=\"wp-block-image\">\n<figure class=\"aligncenter size-full\"><img decoding=\"async\" loading=\"lazy\" width=\"800\" height=\"605\" src=\"https:\/\/speyer24news.com\/wp-content\/uploads\/2023\/10\/Pfefferspray-Spray-Reizgas.jpg\" alt=\"\" class=\"wp-image-55357\" srcset=\"https:\/\/speyer24news.com\/wp-content\/uploads\/2023\/10\/Pfefferspray-Spray-Reizgas.jpg 800w, https:\/\/speyer24news.com\/wp-content\/uploads\/2023\/10\/Pfefferspray-Spray-Reizgas-300x227.jpg 300w, https:\/\/speyer24news.com\/wp-content\/uploads\/2023\/10\/Pfefferspray-Spray-Reizgas-768x581.jpg 768w, https:\/\/speyer24news.com\/wp-content\/uploads\/2023\/10\/Pfefferspray-Spray-Reizgas-80x60.jpg 80w\" sizes=\"(max-width: 800px) 100vw, 800px\" \/><\/figure><\/div>\n\n\n<p>Am Dienstagnachmittag gegen 15 Uhr fiel ein 31-j\u00e4hriger Mann im Waldshuter Weg im Bereich des Spielplatzes und des Jugendreiterhofs auf. Der Mann kam zuvor aus Richtung Kirchheim von einem Feldweg und stie\u00df auf seinem Weg zum Spielplatz mehrere M\u00fclltonnen um. Mit einem Stock in der Hand baute er sich bedrohlich vor den Personen auf dem Spielpatz auf und schlug mehrfach gegen einen Zaun, wodurch dieser besch\u00e4digt wurde. Die informierten Polizistinnen und Polizisten konnten den Mann wenig sp\u00e4ter in der Herzstra\u00dfe ausfindig machen. Hierbei ging der Mann mit dem Stock auf die Beamtinnen und Beamten los, weshalb der Einsatz von Pfefferspray notwendig wurde. Danach konnten die Einsatzkr\u00e4fte dem Mann, welcher sich nach wie vor gegen die Festnahme wehrte, Handschellen anlegen. Bei der Festnahme verletzte sich eine Polizistin leicht. Der Mann wurde im Anschluss erkennungsdienstlich behandelt. Ihn erwarten nun mehrere Strafanzeigen u.a. wegen Bedrohung, Sachbesch\u00e4digung und t\u00e4tlichen Angriffs auf Vollstreckungsbeamte. <\/p>\n\n\n\n<ul>\n<li><strong>Da es nach derzeitigem Ermittlungen m\u00f6glich erscheint, dass der Verd\u00e4chtige auch andere Passanten vor oder nach der Situation am Spielplatz bedroht haben k\u00f6nnte, werden Zeugen oder Gesch\u00e4digte gebeten, sich beim Polizeirevier Heidelberg-S\u00fcd unter Tel.: 06221\/3418-0 zu melden.<\/strong><\/li>\n<\/ul>\n\n\n\n<h2 class=\"wp-block-heading\">(Heidelberg) &#8211; Einbruch in Baucontainer<\/h2>\n\n\n\n<p>In der Zeit von Freitag, dem 19.04.24, ca. 15:45 Uhr, bis Montagmorgen, 06:40 Uhr, brach einer bislang unbekannten T\u00e4tergruppierung, einen im Marstallhof abgestellten Baucontainer auf. In dem Baucontainer befanden sich verschiedenste Werkzeuge, von denen mehrere entwendet wurden. Der Diebstahlsschaden bel\u00e4uft sich auf mehrere tausend Euro.<\/p>\n\n\n\n<p>Das Polizeirevier Heidelberg-Mitte hat die Ermittlungen aufgenommen.<\/p>\n\n\n\n<h2 class=\"wp-block-heading\">(Sandhausen \/ Rhein-Neckar-Kreis) &#8211; 13-j\u00e4hrige Radfahrerin bei Unfall leicht verletzt<\/h2>\n\n\n\n<p>Am Donnerstag, gegen 13:55 Uhr, kollidierte im Kreuzungsbereich Gro\u00dfe Ringstra\u00dfe \/ Wingertstra\u00dfe eine 13-j\u00e4hrige Radfahrerin mit einem Hyundai und verletzte sich leicht. Die 22-j\u00e4hrige Hyundai-Fahrerin befuhr die Gro\u00dfe Ringstra\u00dfe. Im Kreuzungsbereich zur Wingertstra\u00dfe fuhr die 13-J\u00e4hrige pl\u00f6tzlich \u00fcber die Wingertstra\u00dfe in den Kreuzungsbereich hinein und missachtete hierbei die Vorfahrt der 22-J\u00e4hrigen. Die 13-J\u00e4hrige stie\u00df mit der Fahrzeugfront zusammen und st\u00fcrzte. Durch den Unfall erlitt sie leichte Verletzungen. Nach der medizinischen Versorgung an der Unfallstelle, konnte die 13-J\u00e4hrige an eine Angeh\u00f6rige \u00fcberstellt werden. Insgesamt entstand ein Sachschaden in H\u00f6he von knapp \u00fcber 2000 Euro.<\/p>\n\n\n\n<h2 class=\"wp-block-heading\">(Neulu\u00dfheim \/ Rhein-Neckar-Kreis) &#8211; 89-j\u00e4hriger E-Scooter-Fahrer abgelenkt und bestohlen \/ Polizei sucht Zeugen<\/h2>\n\n\n<div class=\"wp-block-image\">\n<figure class=\"aligncenter size-full\"><img decoding=\"async\" loading=\"lazy\" width=\"640\" height=\"426\" src=\"https:\/\/speyer24news.com\/wp-content\/uploads\/2020\/12\/Taschendiebstahl.jpg\" alt=\"\" class=\"wp-image-31455\" srcset=\"https:\/\/speyer24news.com\/wp-content\/uploads\/2020\/12\/Taschendiebstahl.jpg 640w, https:\/\/speyer24news.com\/wp-content\/uploads\/2020\/12\/Taschendiebstahl-300x200.jpg 300w\" sizes=\"(max-width: 640px) 100vw, 640px\" \/><figcaption class=\"wp-element-caption\">Beispielbild Diebstahl, dient lediglich der Visualisierung.<\/figcaption><\/figure><\/div>\n\n\n<p>Am Freitagmittag um 11:15 Uhr wurde ein 89-j\u00e4hriger E-Scooter-Fahrer von einem dreisten und bislang unbekannten T\u00e4ter bestohlen, weshalb die Polizei nun nach Zeugen sucht. Der Senior war mit seinem E-Scooter unterwegs und fuhr von der Stra\u00dfe &#8222;Am Bahnhof&#8220; kommend \u00fcber die St.-Leoner-Stra\u00dfe in Richtung Ortsmitte. Hierbei wurde er zun\u00e4chst von einem jungen Mann, der z\u00fcgig unterwegs war, zu Fu\u00df \u00fcberholt. Auf H\u00f6he eines Bankinstitutes querte der junge Mann die Stra\u00dfe und blieb an einer Bushaltestelle stehen. Als sich der Senior ebenfalls auf H\u00f6he der Bushaltestelle befand, gestikulierte der Unbekannte in Richtung des Seniors und zeigte dabei mehrfach auf das Lenkrad des E-Scooters. Irritiert davon, hielt der 89-J\u00e4hrige daraufhin an und versuchte, den unverst\u00e4ndlichen Worten des Unbekannten zu folgen. Unterdessen n\u00e4hrte sich der junge Mann, griff mit der linken Hand nach dem Lenkrad des E-Scooters und lief dabei um den Senior herum. Abgelenkt von dessen Verhalten nutzte der Unbekannte den Moment und griff in die Umh\u00e4ngetasche des Seniors, die er quer \u00fcber seiner Schulter trug. Hieraus entwendete der T\u00e4ter den Gelbeutel mitsamt Inhalt. Der T\u00e4ter entfernte sich in unbekannte Richtung. Der Diebstahlschaden bel\u00e4uft sich auf einen niedrigen dreistelligen Betrag.<\/p>\n\n\n\n<h3 class=\"wp-block-heading\">Der T\u00e4ter kann wie folgt beschrieben werden:<\/h3>\n\n\n\n<ul>\n<li><strong>Junger, sportlicher Mann<\/strong><\/li>\n\n\n\n<li><strong>s\u00fcdl\u00e4ndisches und gepflegtes Erscheinungsbild<\/strong><\/li>\n\n\n\n<li><strong>dunkel gekleidet<\/strong><\/li>\n\n\n\n<li><strong>schwarze kurze Haare<\/strong><\/li>\n\n\n\n<li><strong>circa 170 cm gro\u00df<\/strong><\/li>\n<\/ul>\n\n\n\n<ul>\n<li><strong>Zeugen, die Hinweise auf den T\u00e4ter geben k\u00f6nnen, werden gebeten, sich beim Polizeiposten Neulu\u00dfheim, unter der Tel.:06205 \/ 31129, oder jeder anderen Polizeidienststelle zu melden.<\/strong><\/li>\n<\/ul>\n\n\n\n<h2 class=\"wp-block-heading\">(Neulu\u00dfheim \/ Rhein-Neckar-Kreis) &#8211; Flucht nach Unfall auf Parkplatz eines Einkaufsmarktes \/ Zeugen gesucht<\/h2>\n\n\n\n<p>Am Donnerstag, im Zeitraum zwischen 18:30 Uhr und 18:45 Uhr, besch\u00e4digte ein bisher unbekannter Autofahrer beziehungsweise eine unbekannte Autofahrerin ein geparktes Auto und entfernte sich danach unerlaubt vom Unfallort.<\/p>\n\n\n\n<p>Der Seat einer 42-J\u00e4hrigen wurde vermutlich beim Ein- oder Ausparken einer bislang unbekannten Person auf einem Supermarkt-Parkplatz in der Stra\u00dfe Am Bahnhof besch\u00e4digt. Hierbei wurde das Fahrzeug an der Frontseite touchiert und es entstand ein Sachschaden in H\u00f6he von etwa 500 Euro.<\/p>\n\n\n\n<ul>\n<li><strong>Das Polizeirevier Hockenheim hat die Ermittlungen aufgenommen und bittet Zeugen, die Hinweise zum Fahrer\/zur Fahrerin oder zum Fahrzeug geben k\u00f6nnen oder sonstige sachdienliche Hinweise mitteilen k\u00f6nnen, sich unter der Telefonnummer 06205 2860-0 zu melden.<\/strong><\/li>\n<\/ul>\n\n\n\n<h2 class=\"wp-block-heading\">(Hockenheim \/ Rhein-Neckar-Kreis) &#8211; 12-j\u00e4hrige Radfahrerin bei Unfall verletzt<\/h2>\n\n\n\n<p>Am Donnerstagnachmittag kurz vor 18 Uhr fuhr eine 12-j\u00e4hrige Radfahrerin vom Fu\u00dfweg der Berliner Stra\u00dfe kommend pl\u00f6tzlich auf die Ludwigsstra\u00dfe auf. Ein herannahender 71-j\u00e4hriger BMW-Fahrer konnte nicht mehr rechtzeitig bremsen, wodurch er die Radfahrerin erfasste. Diese st\u00fcrzte zu Boden und wurde nach derzeitigem Stand schwer, jedoch nicht lebensgef\u00e4hrlich, verletzt. Der Unfall wurde durch das Polizeirevier Hockenheim aufgenommen, welches nun die weiteren Umst\u00e4nde zum Unfallgeschehen aufkl\u00e4rt.<\/p>\n\n\n\n<h2 class=\"wp-block-heading\">(Hockenheim \/ Rhein-Neckar-Kreis) &#8211; Wettb\u00fcro \u00fcberfallen \/ Zeugen und Kunden gesucht<\/h2>\n\n\n<div class=\"wp-block-image\">\n<figure class=\"aligncenter size-large\"><img decoding=\"async\" loading=\"lazy\" width=\"1024\" height=\"941\" src=\"https:\/\/speyer24news.com\/wp-content\/uploads\/2020\/07\/Maskierter-T\u00e4ter-1024x941-1024x941.jpg\" alt=\"\" class=\"wp-image-28719\" srcset=\"https:\/\/speyer24news.com\/wp-content\/uploads\/2020\/07\/Maskierter-T\u00e4ter-1024x941.jpg 1024w, https:\/\/speyer24news.com\/wp-content\/uploads\/2020\/07\/Maskierter-T\u00e4ter-1024x941-300x276.jpg 300w, https:\/\/speyer24news.com\/wp-content\/uploads\/2020\/07\/Maskierter-T\u00e4ter-1024x941-768x706.jpg 768w\" sizes=\"(max-width: 1024px) 100vw, 1024px\" \/><figcaption class=\"wp-element-caption\">Symbolbild \u00dcberfall \/ Zeugen gesucht, dient lediglich der Visualisierung<\/figcaption><\/figure><\/div>\n\n\n<p>Am Montagabend gegen 22:45 Uhr betraten zwei bisher unbekannte maskierte T\u00e4ter ein Wettb\u00fcro in der Heidelberger Stra\u00dfe. W\u00e4hrend einer der beiden T\u00e4ter im Eingangsbereich stehen blieb, forderte der Zweite den im Kassenbereich befindlichen Angestellten auf, ihm das Geld aus der Kasse in einen Beutel zu tun. Diese Aufforderung geschah nonverbal, indem der T\u00e4ter mit einer Pistole auf die betreffenden Objekte zeigte. Dem T\u00e4ter wurde ein knapp f\u00fcnfstelliger Betrag ausgeh\u00e4ndigt. Hiernach verlie\u00dfen beide T\u00e4ter das Wettb\u00fcro und fl\u00fcchteten zu Fu\u00df in Richtung Stadtmitte. Verletzt wurde gl\u00fccklicherweise niemand. Eine sofort eingeleitete Fahndung nach den T\u00e4tern verlief negativ.<\/p>\n\n\n\n<p>Die T\u00e4ter trugen dunkle Kleidung und waren von kr\u00e4ftiger Statur. Der T\u00e4ter im Kassenbereich war zudem mit einer schwarzen Sturmhaube und der T\u00e4ter im Eingangsbereich mit einem schwarzen Motorradhelm bekleidet.<\/p>\n\n\n\n<p>Die Kriminalpolizei des Polizeipr\u00e4sidiums Mannheim hat die weiteren Ermittlungen \u00fcbernommen. Kurz vor der Tat sollen sich zwei m\u00e4nnliche Kunden im Wettb\u00fcro aufgehalten haben. Diese werden gebeten, sich mit der Polizei in Verbindung zu setzen. <\/p>\n\n\n\n<ul>\n<li><strong>Aber auch weitere Zeugen, die Hinweise zu den Fl\u00fcchtigen geben k\u00f6nnen oder etwas Verd\u00e4chtiges beobachtet haben, werden gebeten, sich unter der Telefonnummer 0621\/174-4444 zu melden.<\/strong><\/li>\n<\/ul>\n\n\n\n<h2 class=\"wp-block-heading\">(Wiesloch \/ Rhein-Neckar-Kreis) &#8211; 17-j\u00e4hriger Rollerfahrer \u00fcbersieht 25-j\u00e4hrigen Radfahrer<\/h2>\n\n\n\n<p>Ein 17-J\u00e4hriger befuhr am Donnerstag gegen 12:30 Uhr mit seinem Leichtkraftrad den &#8222;Hoschket Kreisel&#8220;. Als er von dem Kreisverkehr auf die Stra\u00dfe Neues Str\u00e4\u00dfel abbiegen wollte, \u00fcbersah er einen 25-j\u00e4hrigen Radfahrer. Dieser \u00fcberquerte gerade den Fu\u00dfg\u00e4nger\u00fcberweg, als es zum Zusammensto\u00df kam.<\/p>\n\n\n\n<p>Beide Zweiradfahrer wurden vor Ort medizinisch betreut. Der Unfallverursacher wurde bei dem Sturz nicht verletzt, w\u00e4hrend der Radfahrer in Folge des Aufpralls mit leichten Verletzungen in ein Krankenhaus gebracht wurde. Die entstandene Schadensh\u00f6he wird auf 200 Euro gesch\u00e4tzt.<\/p>\n\n\n\n<p>Das Polizeirevier Wiesloch hat die Ermittlungen aufgenommen.<\/p>\n\n\n\n<h2 class=\"wp-block-heading\">(L 550 \/ Sinsheim \/ Rhein-Neckar-Kreis) &#8211; Autofahrer fl\u00fcchtet nach Zusammensto\u00df mit 16-j\u00e4hrigem Zweiradfahrer \/ Zeugen gesucht<\/h2>\n\n\n\n<p>Am Freitagvormittag, gegen 09 Uhr, befuhr ein 16-J\u00e4hriger mit seinem Leichtkraftrad die Landstra\u00dfe L 550 zwischen Sinsheim und Weiler. Auf H\u00f6he der Einm\u00fcndung zur Hammerau missachtete ein bislang unbekannter Range Rover-Fahrer die Vorfahrt des 16-j\u00e4hrigen DERBI-Fahrers, sodass es zur Kollision der beiden Fahrzeuge kam.<\/p>\n\n\n\n<p>In Folge des Aufpralls kam der Fahrer des Leichtkraftrades nach rechts von der Fahrbahn ab und st\u00fcrzte im Gr\u00fcnstreifen. Durch den Sturz erlitt dieser leichte Verletzungen. Der Unfallverursacher fl\u00fcchtete nach dem Unfall in Richtung Sinsheim.<\/p>\n\n\n\n<p>Das Leichtkraftrad ist weiterhin fahrbereit, weist jedoch starke Besch\u00e4digungen auf. Die H\u00f6he des Sachschadens wird auf 2.500 Euro gesch\u00e4tzt.<\/p>\n\n\n\n<p>Das Polizeirevier Sinsheim hat die Ermittlungen aufgenommen und bittet Zeugen, insbesondere die beiden unbekannten Ersthelfer aus einem wei\u00dfen Fahrzeug, die sachdienliche Hinweise zum Unfallhergang beziehungsweise zu dem fl\u00fcchtigen Fahrzeugf\u00fchrer mitteilen k\u00f6nnen, sich unter der Telefonnummer 07261 690-0 zu melden.<\/p>\n\n\n\n<h2 class=\"wp-block-heading\">(Waibstadt \/ Rhein-Neckar-Kreis) &#8211; Zwei M\u00fclltonnen angez\u00fcndet \/ Polizei sucht Zeugen<\/h2>\n\n\n\n<p>In der Nacht von Freitag auf Samstag wurden von einem Anwohner der Hauptstra\u00dfe in Waibstadt gegen 00:30 Uhr zwei brennende M\u00fclltonnen in den Hofeinfahrten der jeweiligen H\u00e4user festgestellt. Der Zeuge konnte beide Br\u00e4nde eigenst\u00e4ndig l\u00f6schen und verst\u00e4ndigte im Anschluss die Polizei. Durch das beherzte Eingreifen des Zeugen konnte eine Ausbreitung des Feuers verhindert werden und so entstand nur geringer Sachschaden. Ein Verursacher ist bislang nicht bekannt. <\/p>\n\n\n\n<ul>\n<li><strong>Personen, die in dieser Sache Hinweise geben k\u00f6nnen, werden gebeten sich beim Polizeirevier Sinsheim unter Tel.: 07261 6900 zu melden.<\/strong><\/li>\n<\/ul>\n\n\n\n<h2 class=\"wp-block-heading\">(Lobbach \/ Rhein-Neckar-Kreis) &#8211; Verkehrsunfall mit zwei verletzten Personen<\/h2>\n\n\n\n<p>Am Samstagmittag, gegen 12:15 Uhr, ereignete sich ein Verkehrsunfall zwischen zwei Pkw auf der L532, H\u00f6he Gewerbegebiet Lobbach. Ein 57-j\u00e4hriger Mann befuhr mit seinem Fiat die L532 von Lobenfeld kommend in Richtung Waldwimmersbach und bog anschlie\u00dfend nach links in die Stra\u00dfe &#8222;Neurott&#8220; ab. Der Pkw-Fahrer \u00fcbersah hierbei den entgegenkommenden 32-j\u00e4hrigen Fahrer eines VWs. In der Folge kam es im Einm\u00fcndungsbereich zur Kollision. Die beiden Unfallbeteiligten wurden leicht verletzt und vom Rettungsdienst vor Ort medizinisch versorgt. Der Unfallverursacher wurde in ein nahe gelegenes Krankenhaus gebracht. Beide Fahrzeuge waren nicht mehr fahrbereit und mussten abgeschleppt werden. Der entstandene Sachschaden belief sich auf ca. 20.000 Euro. Die Unfallaufnahme erfolgte durch das Polizeirevier Neckargem\u00fcnd.<\/p>\n\n\n\n<h2 class=\"wp-block-heading\">(Eberbach \/ Rhein-Neckar-Kreis) &#8211; Autoreifen auf Supermarktparkplatz besch\u00e4digt \/ Zeugenaufruf<\/h2>\n\n\n\n<p>Ein unbekannter T\u00e4ter besch\u00e4digte am Mittwoch, zwischen 16:30 Uhr und 16:45 Uhr, einen Autoreifen eines auf einem Supermarktparkplatz in der Stra\u00dfe &#8222;Neuer Weg Nord&#8220; abgestellten Audi. Mit einem unbekannten Tatwerkzeug stach der T\u00e4ter in den Reifen und fl\u00fcchtete anschlie\u00dfend unerkannt. <\/p>\n\n\n\n<ul>\n<li><strong>Das Polizeirevier Eberbach hat die weiteren Ermittlungen \u00fcbernommen und bittet Zeugen, die sachdienliche Hinweise geben k\u00f6nnen, sich unter der Tel.: 06271 \/ 9210-0 zu melden.<\/strong><\/li>\n<\/ul>\n\n\n\n<h2 class=\"wp-block-heading\">(Neckargem\u00fcnd \/ Rhein-Neckar-Kreis) &#8211; Sachschaden nach Parkplatzunfall \/ Zeugen gesucht<\/h2>\n\n\n\n<p>Eine bislang unbekannte Person besch\u00e4digte am Donnerstag, im Zeitraum zwischen 18:30 Uhr und 18:45 Uhr, ein geparktes Auto eines 25-j\u00e4hrigen Mannes und entfernte sich danach unerlaubt vom Unfallort.<\/p>\n\n\n\n<p>Der Hyundai des 25-J\u00e4hrigen wurde auf dem Parkplatz eines Drogeriemarktes in der Kurpfalzstra\u00dfe durch eine bislang unbekannte Person besch\u00e4digt. Im hinteren linken Seitenbereich war das Fahrzeug deformiert und zerkratzt. Hierbei entstand ein Sachschaden in H\u00f6he von etwa 2.000 Euro.<\/p>\n\n\n\n<ul>\n<li><strong>Das Polizeirevier Neckargem\u00fcnd hat die Ermittlungen aufgenommen und bittet Zeugen, die Hinweise zum Verursacher machen k\u00f6nnen oder sonstige sachdienliche Hinweise mitteilen k\u00f6nnen, sich unter der Telefonnummer 06223 9254-0 zu melden.<\/strong><\/li>\n<\/ul>\n\n\n\n<h2 class=\"wp-block-heading\">(Neckargem\u00fcnd \/ Rhein-Neckar-Kreis) &#8211; Linienbus mit Faustschlag besch\u00e4digt<a href=\"https:\/\/www.facebook.com\/sharer.php?u=https%3A%2F%2Fwww.presseportal.de%2Fblaulicht%2Fpm%2F14915%2F5765870%2F%3Futm_source%3Dfacebook%26utm_medium%3Dsocial\"><\/a><a href=\"https:\/\/twitter.com\/intent\/tweet?text=POL-MA%3A%20Neckargem%C3%BCnd%2FRhein-Neckar-Kreis%3A%20Linienbus%20mit%20Faustschlag%20besch%C3%A4digt&amp;url=https%3A%2F%2Fwww.presseportal.de%2Fblaulicht%2Fpm%2F14915%2F5765870%2F%3Futm_source%3Dtwitter%26utm_medium%3Dsocial&amp;hashtags=ots&amp;lang=de\"><\/a><a href=\"https:\/\/web.whatsapp.com\/send?text=POL-MA%3A%20Neckargem%C3%BCnd%2FRhein-Neckar-Kreis%3A%20Linienbus%20mit%20Faustschlag%20besch%C3%A4digt%0A%0Ahttps%3A%2F%2Fwww.presseportal.de%2Fblaulicht%2Fpm%2F14915%2F5765870%2F%3Futm_source%3Dwhatsapp%26utm_medium%3Dsocial\"><\/a><a href=\"https:\/\/www.xing.com\/app\/user?op=share;url=https%3A%2F%2Fwww.presseportal.de%2Fblaulicht%2Fpm%2F14915%2F5765870%2F%3Futm_source%3Dxing%26utm_medium%3Dsocial\"><\/a><a href=\"http:\/\/www.linkedin.com\/shareArticle?mini=true&amp;url=https%3A%2F%2Fwww.presseportal.de%2Fblaulicht%2Fpm%2F14915%2F5765870%2F%3Futm_source%3Dlinkedin%26utm_medium%3Dsocial&amp;title=POL-MA%3A+Neckargem%C3%BCnd%2FRhein-Neckar-Kreis%3A+Linienbus+mit+Faustschlag+besch%C3%A4digt\"><\/a><a href=\"mailto:?subject=POL-MA%3A%20Neckargem%C3%BCnd%2FRhein-Neckar-Kreis%3A%20Linienbus%20mit%20Faustschlag%20besch%C3%A4digt&amp;body=https:\/\/www.presseportal.de\/blaulicht\/pm\/14915\/5765870\"><\/a><\/h2>\n\n\n\n<p>Ein 19-J\u00e4hriger besch\u00e4digte am Mittwoch, gegen 13:50 Uhr, mit einem Faustschlag die Frontscheibe eines stehenden Busses und fl\u00fcchtete.<\/p>\n\n\n\n<p>Der 59-j\u00e4hrige Busfahrer forderte alle Passagiere auf, das Fahrzeug zu verlassen, da die Endhaltestelle Dilsbergerhof in der Langenzeller Stra\u00dfe erreicht wurde. Ein bis dahin Unbekannter verlie\u00df wutentbrannt durch die Vordert\u00fcr den Linienbus und schlug im weiteren Verlauf mit der Faust gegen die Frontscheibe. Diese wurde dabei so stark besch\u00e4digt, dass der Bus au\u00dfer Betrieb gesetzt werden musste.<\/p>\n\n\n\n<p>Der fl\u00fcchtige T\u00e4ter wurde von einem aufmerksamen Zeugen identifiziert und muss sich nun wegen des Verdachts der Sachbesch\u00e4digung verantworten. Das Polizeirevier Neckargem\u00fcnd hat die Ermittlungen aufgenommen.<\/p>\n\n\n\n<h2 class=\"wp-block-heading\">(Neckargem\u00fcnd \/ Rhein-Neckar-Kreis) &#8211; Leitung bei Bauarbeiten besch\u00e4digt \/ Stra\u00dfensperrung<\/h2>\n\n\n\n<p>Aktuell kommt es zu einer Teilsperrung der Wiesenbacher Stra\u00dfe in Neckargem\u00fcnd, da hier Feuerwehr und die Stadtwerke Heidelberg im Einsatz sind. Bei Bauarbeiten wurde wom\u00f6gliche eine Gasleitung besch\u00e4digt. Eine Gefahr f\u00fcr die Anwohner besteht nicht, dennoch werden die in unmittelbarer N\u00e4he befindlichen Anwohner vorsorglich evakuiert. Die Wiesenbacher Stra\u00dfe ist nun f\u00fcr weitere Ma\u00dfnahmen zwischen der Eichendorffstra\u00dfe und dem Dreikreuzweg gesperrt. (<em>25.04.2024 \u2013 11:07<\/em>)<\/p>\n\n\n\n<h3 class=\"wp-block-heading has-text-align-center\">Pressemeldung Nr. 2<\/h3>\n\n\n\n<p>Gegen 10:40 Uhr wurde wom\u00f6glich bei Baggerarbeiten auf einer Baustelle in der Wiesenbacher Stra\u00dfe eine Gasleitung leicht besch\u00e4digt. Das Leck wird durch eine Spezialfirma wieder verschlossen. Die Reparaturarbeiten hierzu dauern weiterhin an. W\u00e4hrend der Reparaturma\u00dfnahmen ist die Wiesenbacher Stra\u00dfe zwischen der Eichendorffstra\u00dfe und dem Dreikreuzweg gesperrt. Die Sperrung soll noch bis in die fr\u00fchen Abendstunden aufrechterhalten werden und wird nach Beendigung der Ma\u00dfnahmen wieder aufgehoben. Eine Umleitung erfolgt \u00fcber die Stra\u00dfe &#8222;Am Spitzerfeld&#8220;. Ortskundige Verkehrsteilnehmer werden gebeten, das Gebiet weitr\u00e4umig zu umfahren. Bei der vorsorglichen Evakuierung der angrenzenden Anwohner mussten circa 40 Personen ihre H\u00e4user verlassen. Da keine Gefahr f\u00fcr die Anwohner besteht, konnten diese bereits gegen 14:30 Uhr wieder zur\u00fcck in ihre Wohnungen. Personen wurden bei dem Vorfall nicht verletzt.<\/p>\n\n\n\n<h2 class=\"wp-block-heading\">(Sch\u00f6nau \/ Rhein-Neckar-Kreis) &#8211; VW besch\u00e4digt \/ Zeugen gesucht<\/h2>\n\n\n\n<p>Zwischen Montagnachmittag, 16 Uhr und Dienstagmittag, 12 Uhr, zerkratzte ein bisher unbekannter T\u00e4ter einen VW in der Altneudorfer Stra\u00dfe. Der Schaden befindet sich an der hinteren linken Seite des PKW. Au\u00dferdem soll der oder die unbekannte T\u00e4ter\/in eine Delle in den Kotfl\u00fcgel geschlagen haben. Der Sachschaden liegt bei 500 Euro. <\/p>\n\n\n\n<ul>\n<li><strong>Zeugen, welche Hinweise geben k\u00f6nnen, werden gebeten, sich beim Polizeirevier Neckargem\u00fcnd unter Tel.: 06223\/9254-0 zu melden.<\/strong><\/li>\n<\/ul>\n\n\n\n<h2 class=\"wp-block-heading\">(Hirschberg \/ Rhein-Neckar-Kreis) &#8211; Defekt verursacht Brand mit hohem Sachschaden<\/h2>\n\n\n\n<p>Am Dienstagmorgen kam es gegen 5.50 Uhr in der Galgenstra\u00dfe zu einem Defekt an einer Brunnenf\u00f6rderpumpe, der durch eine Explosion ausgel\u00f6st wurde. Hierbei geriet der Trecker in Brand, der die Pumpe antrieb, und brannte vollst\u00e4ndig aus. Der entstandene Sachschaden bel\u00e4uft sich hierbei auf einen Wert im hohen f\u00fcnfstelligen Bereich. Verletzt hat sich bei dem Ungl\u00fcck niemand. Das Polizeirevier Weinheim hat die weiteren Ermittlungen \u00fcbernommen. Bislang gibt es jedoch keine Hinweise, dass der Brand aufgrund einer strafbaren Handlung ausgel\u00f6st worden ist.<\/p>\n\n\n\n<h2 class=\"wp-block-heading\">(B 38 \/ Weinheim \/ Rhein-Neckar-Kreis) &#8211; 18.000 Euro Schaden nach Auffahrunfall<\/h2>\n\n\n\n<p>Am Montagnachmittag gegen 17:45 Uhr befuhr ein 23-j\u00e4hriger Ford-Fahrer die B38 vom Saukopftunnel kommend in Fahrtrichtung Weinheim. An der Kreuzung B38 \/ Viernheimer Stra\u00dfe bemerkte der 23-J\u00e4hrige den an der roten Ampel wartenden 37-j\u00e4hrigen BMW-Fahrer zu sp\u00e4t und fuhr diesem auf. Trotz sofort eingeleiteter Vollbremsung konnte der 23-J\u00e4hrige einen Zusammensto\u00df nicht mehr verhindern. Durch den Unfall zog sich der 37-J\u00e4hrige leichte Verletzungen zu, die anschlie\u00dfend in einem nahegelegenen Krankenhaus behandelt wurden. Der 23-J\u00e4hrige sowie seine 22-j\u00e4hrige Beifahrerin blieben unverletzt. An den Fahrzeugen entstand ein Gesamtschaden von etwa 18.000 Euro. Der Ford musste abgeschleppt werden. Das Polizeirevier Weinheim hat die Ermittlungen aufgenommen.<\/p>\n\n\n\n<h2 class=\"wp-block-heading\">(Weinheim \/ Rhein-Neckar-Kreis) &#8211; Diebstahl von Fahrzeugteilen<\/h2>\n\n\n\n<p>Ein oder mehrere bislang unbekannte T\u00e4ter entwendeten in der Zeit von Sonntag auf Montag, von 16 Uhr bis 05 Uhr, beide Abstandssensoren eines Audi Q5. Das Fahrzeug war im Bereich des Buchenweges bzw. Schlehdornweges abgestellt. Die Schadensh\u00f6he konnte noch nicht beziffert werden<\/p>\n\n\n\n<ul>\n<li><strong>Das Polizeirevier Weinheim hat die Ermittlungen eingeleitet und ist nun auf der Suche nach Zeugen, die Angaben zu der Tat oder dem\/den T\u00e4ter\/n machen k\u00f6nnen. Diese werden gebeten, sich unter der Tel.: 06201-1003-0 beim Polizeirevier Weinheim zu melden.<\/strong><\/li>\n<\/ul>\n\n\n\n<h2 class=\"wp-block-heading\">(A 5 \/ Hemsbach \/ Rhein-Neckar-Kreis) &#8211; 20-J\u00e4hrige verursacht Auffahrunfall<\/h2>\n\n\n\n<p>Eine 20-j\u00e4hrige Fahrerin eines Fiat-Ducato befuhr am Mittwoch, gegen 21:10 Uhr, die Autobahn zwischen der Anschlussstelle Hemsbach und dem Autobahnkreuz Weinheim in Fahrtrichtung Weinheim, als diese einen Auffahrunfall mit einem Alfa Romeo eines 74-J\u00e4hrigen verursachte.<\/p>\n\n\n\n<p>Ersten Ermittlungen zu Folge konnte die 20-j\u00e4hrige Fiat-Fahrerin ihr Fahrzeug auf Grund nicht angepasster Geschwindigkeit nicht mehr rechtzeitig bremsen und kollidierte mit dem vorausfahrenden Alfa Romeo samt dessen Anh\u00e4nger. Das Fahrzeuggespann wurde durch den Aufprall auf den Standstreifen geschleudert und kam entgegen der Fahrtrichtung dort zum Stillstand. Hierbei wurde der 74-j\u00e4hrige Fahrer leicht verletzt und medizinisch betreut. Der Alfa Romeo war nicht mehr fahrbereit und musste abgeschleppt werden.<\/p>\n\n\n\n<p>Die H\u00f6he des Gesamtschadens an den beiden Fahrzeugen sowie dem Anh\u00e4nger wird auf 16.000 Euro gesch\u00e4tzt.<\/p>\n\n\n\n<p>Der Verkehrsdienst Mannheim hat die Ermittlungen aufgenommen.<\/p>\n","protected":false},"excerpt":{"rendered":"<div class=\"mh-excerpt\"><p>Polizeimeldungen der Kalenderwoche 17 (22.04. &#8211; 28.04.2024) (Speyer) &#8211; Sachbesch\u00e4digungsserie an Fahrzeugen Am Sonntag gegen 00:35 Uhr wurde hiesiger Dienststelle eine Person im Ziegelofenweg in Speyer gemeldet, welche mehrere Au\u00dfenspiegel abgeschlagen\/abgetreten habe. Vor Ort konnte <a class=\"mh-excerpt-more\" href=\"https:\/\/speyer24news.com\/?p=59449\" title=\"Polizeimeldungen der KW 17 (22.04. &#8211; 28.04.24)\">[&#8230;]<\/a><\/p>\n<\/div>","protected":false},"author":3,"featured_media":26162,"comment_status":"open","ping_status":"open","sticky":false,"template":"","format":"standard","meta":{"_monsterinsights_skip_tracking":false,"_monsterinsights_sitenote_active":false,"_monsterinsights_sitenote_note":"","_monsterinsights_sitenote_category":0,"footnotes":""},"categories":[15659],"tags":[],"aioseo_notices":[],"amp_enabled":true,"_links":{"self":[{"href":"https:\/\/speyer24news.com\/index.php?rest_route=\/wp\/v2\/posts\/59449"}],"collection":[{"href":"https:\/\/speyer24news.com\/index.php?rest_route=\/wp\/v2\/posts"}],"about":[{"href":"https:\/\/speyer24news.com\/index.php?rest_route=\/wp\/v2\/types\/post"}],"author":[{"embeddable":true,"href":"https:\/\/speyer24news.com\/index.php?rest_route=\/wp\/v2\/users\/3"}],"replies":[{"embeddable":true,"href":"https:\/\/speyer24news.com\/index.php?rest_route=%2Fwp%2Fv2%2Fcomments&post=59449"}],"version-history":[{"count":5,"href":"https:\/\/speyer24news.com\/index.php?rest_route=\/wp\/v2\/posts\/59449\/revisions"}],"predecessor-version":[{"id":59460,"href":"https:\/\/speyer24news.com\/index.php?rest_route=\/wp\/v2\/posts\/59449\/revisions\/59460"}],"wp:featuredmedia":[{"embeddable":true,"href":"https:\/\/speyer24news.com\/index.php?rest_route=\/wp\/v2\/media\/26162"}],"wp:attachment":[{"href":"https:\/\/speyer24news.com\/index.php?rest_route=%2Fwp%2Fv2%2Fmedia&parent=59449"}],"wp:term":[{"taxonomy":"category","embeddable":true,"href":"https:\/\/speyer24news.com\/index.php?rest_route=%2Fwp%2Fv2%2Fcategories&post=59449"},{"taxonomy":"post_tag","embeddable":true,"href":"https:\/\/speyer24news.com\/index.php?rest_route=%2Fwp%2Fv2%2Ftags&post=59449"}],"curies":[{"name":"wp","href":"https:\/\/api.w.org\/{rel}","templated":true}]}}