{"id":59465,"date":"2024-05-16T17:12:33","date_gmt":"2024-05-16T16:12:33","guid":{"rendered":"https:\/\/speyer24news.com\/?p=59465"},"modified":"2024-05-16T19:18:31","modified_gmt":"2024-05-16T18:18:31","slug":"polizeimeldungen-montag-mittwoch-13-05-15-05-24","status":"publish","type":"post","link":"https:\/\/speyer24news.com\/?p=59465","title":{"rendered":"Polizeimeldungen Montag &#8211; Mittwoch (13.05.-15.05.24)"},"content":{"rendered":"<style type=\"text\/css\">\r\n\t.ads_top_disp{}\r\n\t.ads_top_corner_disp{ float:left; margin:0px 10px 10px 0px; }\r\n\t.ads_first_p_disp{}\r\n\t.ads_bottom_disp{}\r\n\t<\/style>\n<h2 class=\"wp-block-heading\">Polizeimeldungen von Montag bis Mittwoch (13.05.-15.05.2024)<\/h2>\n\n\n<div class=\"wp-block-image\">\n<figure class=\"aligncenter size-full\"><img decoding=\"async\" loading=\"lazy\" width=\"375\" height=\"500\" src=\"https:\/\/speyer24news.com\/wp-content\/uploads\/2022\/03\/Aktuelles-Polizeilogo.jpg\" alt=\"\" class=\"wp-image-43591\" srcset=\"https:\/\/speyer24news.com\/wp-content\/uploads\/2022\/03\/Aktuelles-Polizeilogo.jpg 375w, https:\/\/speyer24news.com\/wp-content\/uploads\/2022\/03\/Aktuelles-Polizeilogo-225x300.jpg 225w\" sizes=\"(max-width: 375px) 100vw, 375px\" \/><\/figure><\/div>\n\n\n<h2 class=\"wp-block-heading\">(Speyer) &#8211; Trunkenheit im Verkehr<\/h2>\n\n\n\n<p>Am Dienstagvormittag gegen 10:50 Uhr kontrollierten Polizeibeamte einen auf dem Radweg der Franz-Kirrmeier-Stra\u00dfe fahrenden 37-j\u00e4hrigen E-Scooter-Fahrer. Im Rahmen der Verkehrskontrolle konnten beim 37-J\u00e4hrigen Atemalkoholgeruch und schlussendlich eine Atemalkoholkonzentration von 1,29 Promille festgestellt werden. Dem Fahrer wurde eine Blutprobe entnommen und der E-Scooter verschlossen. Gegen den 37-J\u00e4hrigen wird nun ein Strafverfahren wegen Trunkenheit im Stra\u00dfenverkehr eingeleitet.<\/p>\n\n\n\n<h2 class=\"wp-block-heading\">(Speyer) &#8211; Zeugenaufruf nach Verkehrsunfallflucht mit Personenschaden<\/h2>\n\n\n<div class=\"wp-block-image\">\n<figure class=\"aligncenter size-full\"><img decoding=\"async\" loading=\"lazy\" width=\"801\" height=\"600\" src=\"https:\/\/speyer24news.com\/wp-content\/uploads\/2020\/05\/Zeugen-gesucht-Neutral.jpg\" alt=\"\" class=\"wp-image-26598\" srcset=\"https:\/\/speyer24news.com\/wp-content\/uploads\/2020\/05\/Zeugen-gesucht-Neutral.jpg 801w, https:\/\/speyer24news.com\/wp-content\/uploads\/2020\/05\/Zeugen-gesucht-Neutral-300x225.jpg 300w, https:\/\/speyer24news.com\/wp-content\/uploads\/2020\/05\/Zeugen-gesucht-Neutral-768x575.jpg 768w, https:\/\/speyer24news.com\/wp-content\/uploads\/2020\/05\/Zeugen-gesucht-Neutral-678x509.jpg 678w, https:\/\/speyer24news.com\/wp-content\/uploads\/2020\/05\/Zeugen-gesucht-Neutral-326x245.jpg 326w, https:\/\/speyer24news.com\/wp-content\/uploads\/2020\/05\/Zeugen-gesucht-Neutral-80x60.jpg 80w\" sizes=\"(max-width: 801px) 100vw, 801px\" \/><\/figure><\/div>\n\n\n<p>Am Montag gegen 22:30 Uhr befuhr ein bislang unbekannter PKW-Fahrer die Petschengasse in Fahrtrichtung Hirschgraben. Auf H\u00f6he der Hausnummer 2 und dem dortigen Fu\u00dfg\u00e4nger\u00fcberweg wollte eine 22-j\u00e4hrige Fahrradfahrerin die Fahrbahn \u00fcberqueren. Beide Verkehrsteilnehmer kamen zun\u00e4chst zum Halten und waren sich uneinig, wer zuerst fahren darf. Schlussendlich fuhren beide zeitgleich los und es kam zum Zusammensto\u00df zwischen dem PKW und dem Fahrrad. Die Radfahrerin st\u00fcrzte und verletzte sich leicht. Der PKW-Fahrer entfernte sich von der \u00d6rtlichkeit, ohne sich um die Verletzte zu k\u00fcmmern. Am Fahrrad entstand augenscheinlich kein Schaden. Im Rahmen der Unfallaufnahme konnte durch die Beamten bei der 22-J\u00e4hrigen Atemalkoholgeruch festgestellt werden. Ihr wurde anschlie\u00dfend eine Blutprobe entnommen. Auch gegen die Radfahrerin wird nun ein Strafverfahren eingeleitet.<\/p>\n\n\n\n<ul>\n<li><strong>Bei dem fl\u00fcchtenden PKW soll es sich um einen gr\u00f6\u00dferen, gr\u00fcnen BMW handeln. Zeugen, welche m\u00f6glicherweise Angaben zu dem Unfallgeschehen oder dem fl\u00fcchtigen Fahrzeug machen k\u00f6nnen, werden gebeten sich mit der Polizei Speyer unter 06232-1370 oder&nbsp;<a href=\"mailto:%20pispeyer@polizei.rlp.de\">pispeyer@polizei.rlp.de<\/a>&nbsp;in Verbindung zu setzen.<\/strong><\/li>\n<\/ul>\n\n\n\n<h2 class=\"wp-block-heading\">(Speyer) &#8211; \u00dcberholversuch endet in Schl\u00e4gerei<\/h2>\n\n\n<div class=\"wp-block-image\">\n<figure class=\"aligncenter size-full\"><img decoding=\"async\" loading=\"lazy\" width=\"800\" height=\"533\" src=\"https:\/\/speyer24news.com\/wp-content\/uploads\/2021\/11\/Schlaegerei.jpg\" alt=\"\" class=\"wp-image-42366\" srcset=\"https:\/\/speyer24news.com\/wp-content\/uploads\/2021\/11\/Schlaegerei.jpg 800w, https:\/\/speyer24news.com\/wp-content\/uploads\/2021\/11\/Schlaegerei-300x200.jpg 300w, https:\/\/speyer24news.com\/wp-content\/uploads\/2021\/11\/Schlaegerei-768x512.jpg 768w\" sizes=\"(max-width: 800px) 100vw, 800px\" \/><figcaption class=\"wp-element-caption\">Beispielbild Schl\u00e4gerei \/ K\u00f6rperverletzung, dient lediglich der Visualisierung<\/figcaption><\/figure><\/div>\n\n\n<p>Am Montagabend gegen 18:50 Uhr befuhr eine 35-j\u00e4hrige PKW-Fahrerin die Hafenstra\u00dfe in Richtung Otterstadt. Mit ihr im Fahrzeug sa\u00df ihr 38-j\u00e4hriger Ehemann sowie ihre beiden 5- und 11-j\u00e4hrigen T\u00f6chter. Die PKW-Fahrerin versuchte auf H\u00f6he der Einm\u00fcndung Ziegelofenweg mehrfach einen vor ihr auf der Fahrbahn fahrenden, 53-j\u00e4hrigen Rennradfahrer zu \u00fcberholen. Der Rennradfahrer scherte w\u00e4hrenddessen allerdings jedes Mal nach links aus und verhinderte so den \u00dcberholvorgang. Bei einem weiteren Versuch gelang der 35-J\u00e4hrigen ein \u00dcberholvorgang. Danach unterbrach die 35-J\u00e4hrige ihre Weiterfahrt, auch aufgrund eines mutma\u00dflich gezeigten Mittelfingers des Rennradfahrers. Auf H\u00f6he der Alten Ziegelei entwickelte sich ein Streitgespr\u00e4ch zwischen deren Ehemann und dem Rennradfahrer. Dieses gipfelte in einem Versuch des zwischenzeitlich ausgestiegenen 38-J\u00e4hrigen, den Rennradfahrer zur Rede zu stellen. Der Rennradfahrer schlug ihm hierbei mit der Faust ins Gesicht, fuhr \u00fcber seinen Fu\u00df und st\u00fcrzte. Anschlie\u00dfend richtete sich der Rennradfahrer wieder auf und die beiden M\u00e4nner gerieten in eine Rangelei. Die hinzugezogenen Polizeibeamten trennten die Parteien und leiteten mehrere Strafverfahren ein. Beide Beteiligte zogen sich leichte Verletzungen zu, eine Versorgung durch den Rettungsdienst war nicht erforderlich. Am Rennrad entstand leichter Sachschaden in H\u00f6he von ca. 100 Euro.<\/p>\n\n\n\n<h2 class=\"wp-block-heading\">(Speyer) &#8211; Betriebserlaubnis in zwei F\u00e4llen erloschen<\/h2>\n\n\n\n<p>Am Sonntag gegen 20:25 Uhr kontrollierten die Beamten im in der Heinrich-Heine-Stra\u00dfe einen 28-J\u00e4hrigen, der an seinem 5er BMW umfangreiche \u00c4nderungen an Auspuffanlage, Heckspoiler, Au\u00dfenspiegeln und der Beleuchtung vorgenommen hatte. F\u00fcr diese \u00c4nderungen besa\u00df der 28-J\u00e4hrige \u00fcberwiegend weder eine Allgemeine Betriebserlaubnis, noch eine Eintragung in die Zulassungsbescheinigung Teil 1.<\/p>\n\n\n\n<p>Gegen 22:30 Uhr kontrollierten die Beamten in der Bahnhofstra\u00dfe einen weiteren BMW. Dessen 18-j\u00e4hriger Fahrer hatte Ver\u00e4nderungen an den Fahrtrichtungsanzeigern sowie an der Auspuffanlage vorgenommen.<\/p>\n\n\n\n<p>Beide Fahrer erwartet ein Ordnungswidrigkeitsverfahren sowie eine Vorf\u00fchrung des Fahrzeugs nach durchgef\u00fchrter M\u00e4ngelbehebung.<\/p>\n\n\n\n<h2 class=\"wp-block-heading\">(Speyer) &#8211; Verkehrsunfall mit einem verletzten Motorradfahrer<\/h2>\n\n\n\n<p>Am Sonntagabend befuhr ein 72-j\u00e4hriger Mann mit seinem PKW die Industriestra\u00dfe in Richtung Innenstadt. An der Kreuzung Industriestra\u00dfe\/ Karl-Leiling-Allee ordnete sich der Fahrer zun\u00e4chst auf dem linken Fahrstreifen ein, entschied sich kurzfristig jedoch um und wechselte wieder zur\u00fcck auf den mittleren Fahrstreifen. Ein 36-j\u00e4hriger Motorradfahrer befuhr zu diesem Zeitpunkt ebenfalls den mittleren Fahrstreifen, konnte nicht mehr rechtzeitig abbremsen und kollidierte mit dem spurwechselnden PKW. Der Motorradfahrer kam zu Fall kam und verletzte sich leicht. Im Anschluss wurde dieser durch den hinzugerufenen Rettungsdienst in ein nahegelegenes Krankenhaus verbracht. Insgesamt entstand ein Sachschaden an beiden Fahrzeugen in H\u00f6he von ca. 3.000 Euro.<\/p>\n\n\n\n<h2 class=\"wp-block-heading\">(Otterstadt) &#8211; Geparktes Motorrad besch\u00e4digt, Unfallverursacher gesucht<\/h2>\n\n\n\n<p>Ein unbekannter Unfallverursacher besch\u00e4digte am Samstagabend zwischen 19:45 Uhr und 21:20 Uhr ein in der Kollerstra\u00dfe in Otterstadt geparktes Motorrad. Hierdurch entstand Sachschaden in H\u00f6he von ca. 500 Euro. Details zum Unfallverursacher bzw. dessen Fahrzeug sind bislang nicht bekannt.<\/p>\n\n\n\n<ul>\n<li><strong>Zeugen, welche m\u00f6glicherweise Angaben zu dem Unfallgeschehen oder dem Verursacher machen k\u00f6nnen, werden gebeten sich mit der Polizei Speyer unter 06232-1370 oder&nbsp;<a href=\"mailto:%20pispeyer@polizei.rlp.de\">pispeyer@polizei.rlp.de<\/a>&nbsp;in Verbindung zu setzen.<\/strong><\/li>\n<\/ul>\n\n\n\n<h2 class=\"wp-block-heading\">(Schifferstadt) &#8211; Erfolgreiche Verkehrskontrollen<\/h2>\n\n\n\n<p>Am Montag f\u00fchrten Beamte der Bereitschaftspolizei Enkenbach-Alsenborn am S\u00fcdbahnhof und in der Neustadter Stra\u00dfe in Mutterstadt im Zeitraum von 09:00 Uhr bis 13:30 Uhr Verkehrskontrollen durch. Hierbei mussten mehrere Ordnungswidrigkeitenverfahren aufgrund nicht angelegter Sicherheitsgurte im Fahrzeug eingeleitet werden. Ebenso nutzte ein Verkehrsteilnehmer verbotener Weise sein Mobiltelefon beim Fahren. Die Polizei weist nochmals ausdr\u00fccklich darauf hin, dass sowohl der Fahrer eines Fahrzeugs, als auch alle Insassen mit dem vorhandenen Sicherheitsgurt und Kinder mit zugelassenen R\u00fcckhalteeinrichtungen gesichert werden m\u00fcssen um kein Verwarngeld bezahlen zu m\u00fcssen.<\/p>\n\n\n\n<h2 class=\"wp-block-heading\">(Schifferstadt) &#8211; Drei Autos in Unfall verwickelt<\/h2>\n\n\n\n<p>Am Sonntagmittag ereignete sich in der Mutterstadter Stra\u00dfe ein Verkehrsunfall unter der Beteiligung von drei Fahrzeugen. Der 28-j\u00e4hrige Unfallverursacher aus Mannheim scherte ohne auf den Flie\u00dfverkehr zu achten aus, um an einem geparkten PKW vorbeizufahren. Hierbei kollidierte er mit einem in gleicher Fahrtrichtung fahrenden PKW. Durch den Zusammensto\u00df wurde der PKW des 28-j\u00e4hrigen an einen geparkten PKW geschleudert. An allen PKW entstand ein enormer Sachschaden und zwei der drei Fahrzeuge mussten abgeschleppt werden. <\/p>\n\n\n\n<ul>\n<li><strong>Zeugen des Verkehrsunfalls werden gebeten, sich mit der Polizeiinspektion Schifferstadt unter der Tel.-Nr. 06235 4950 oder per Email unter&nbsp;<a href=\"mailto:%20pischifferstadt@polizei.rlp.de\">pischifferstadt@polizei.rlp.de<\/a>&nbsp;in Verbindung zu setzen.<\/strong><\/li>\n<\/ul>\n\n\n\n<h2 class=\"wp-block-heading\">(Mutterstadt) &#8211; PKW in Stra\u00dfengraben \/ Fahrer gefl\u00fcchtet<\/h2>\n\n\n\n<p>Am Sonntag, den 12.05.2024, wurde der Polizei Schifferstadt gegen 23:00 Uhr ein verunfallter PKW im Stra\u00dfengraben am Kreisverkehr &#8222;Pfalzmarkt&#8220; der Landstra\u00dfe 530 gemeldet. Bei Eintreffen der Beamten vor Ort konnten lediglich der unbesetzte, verunfallte PKW und mehrere besch\u00e4digte verkehrstechnische Einrichtungen festgestellt werden. Der PKW war infolge des Unfalls nicht mehr fahrbereit und wurde abgeschleppt. Die Ermittlungen zum fl\u00fcchtenden Unfallverursacher dauern an. <\/p>\n\n\n\n<ul>\n<li><strong>Zeugen des Verkehrsunfalls werden gebeten, sich mit der Polizeiinspektion Schifferstadt unter der Tel.-Nr. 06235 4950 oder per Email unter&nbsp;<a href=\"mailto:%20pischifferstadt@polizei.rlp.de\">pischifferstadt@polizei.rlp.de<\/a>&nbsp;in Verbindung zu setzen.<\/strong><\/li>\n<\/ul>\n\n\n\n<h2 class=\"wp-block-heading\">(Lingenfeld) &#8211; Lieferfahrzeug geklaut<\/h2>\n\n\n\n<p>Am Sonntag, den 12.05.2024, im Zeitraum von 15:30-16:00 Uhr entwendeten unbekannte T\u00e4ter ein Lieferfahrzeug eines D\u00f6nerimbisses aus Lingenfeld. Das Fahrzeug war auf einem \u00f6ffentlich zug\u00e4nglichen Parkplatz in der Hauptstra\u00dfe H\u00f6he Hausnummer 50 abgestellt. Aufgrund der Liefert\u00e4tigkeit befanden sich der Fahrzeugschl\u00fcssel sowie Fahrzeugpapiere im Pkw. Bei dem Pkw handelt es sich um einen VW Caddy mit RP-Kennzeichen.<\/p>\n\n\n\n<ul>\n<li><strong>Zeugen die Angaben zur Tat oder den tatbeteiligten Personen machen k\u00f6nnen, werden gebeten, sich unter der Telefonnummer 07274\/9580 oder per E-Mail an&nbsp;<a href=\"mailto:%20pigermersheim@polizei.rlp.de\">pigermersheim@polizei.rlp.de<\/a>&nbsp;mit der Polizei Germersheim in Verbindung zu setzen.<\/strong><\/li>\n<\/ul>\n\n\n\n<h2 class=\"wp-block-heading\">(Kreis Germersheim) &#8211; Einbr\u00fcche in Grundschulen<\/h2>\n\n\n<div class=\"wp-block-image\">\n<figure class=\"aligncenter size-full\"><img decoding=\"async\" loading=\"lazy\" width=\"800\" height=\"516\" src=\"https:\/\/speyer24news.com\/wp-content\/uploads\/2021\/07\/Diebstahl.jpg\" alt=\"\" class=\"wp-image-39167\" srcset=\"https:\/\/speyer24news.com\/wp-content\/uploads\/2021\/07\/Diebstahl.jpg 800w, https:\/\/speyer24news.com\/wp-content\/uploads\/2021\/07\/Diebstahl-300x194.jpg 300w, https:\/\/speyer24news.com\/wp-content\/uploads\/2021\/07\/Diebstahl-768x495.jpg 768w\" sizes=\"(max-width: 800px) 100vw, 800px\" \/><\/figure><\/div>\n\n\n<p>Gleich zu drei versuchten Einbruchsdiebst\u00e4hlen in Grundschulen kam es in der Nacht von Montag auf Dienstag in den Ortschaften <strong>Kuhardt<\/strong>, <strong>H\u00f6rdt <\/strong>und <strong>Leimersheim<\/strong>. Auch wenn der bzw. die T\u00e4ter nichts erbeuten konnten, verursachten sie Sachschaden in H\u00f6he von mehreren tausend Euro. Die Unbekannten gelangten durch das Aufhebeln von T\u00fcren in die R\u00e4umlichkeiten. T\u00e4terhinweise liegen derzeit nicht vor.<\/p>\n\n\n\n<ul>\n<li><strong>Zeugenhinweise nimmt die Polizeiinspektion Germersheim telefonisch unter 07274 &#8211; 9580 oder per Mail an&nbsp;<a href=\"mailto:%20pigermersheim@polizei.rlp.de\">pigermersheim@polizei.rlp.de<\/a>&nbsp;entgegen.<\/strong><\/li>\n<\/ul>\n\n\n\n<h2 class=\"wp-block-heading\">(Germersheim) &#8211; Angefahren und gefl\u00fcchtet<\/h2>\n\n\n<div class=\"wp-block-image\">\n<figure class=\"aligncenter size-full\"><img decoding=\"async\" loading=\"lazy\" width=\"801\" height=\"600\" src=\"https:\/\/speyer24news.com\/wp-content\/uploads\/2020\/05\/Zeugen-gesucht-Neutral.jpg\" alt=\"\" class=\"wp-image-26598\" srcset=\"https:\/\/speyer24news.com\/wp-content\/uploads\/2020\/05\/Zeugen-gesucht-Neutral.jpg 801w, https:\/\/speyer24news.com\/wp-content\/uploads\/2020\/05\/Zeugen-gesucht-Neutral-300x225.jpg 300w, https:\/\/speyer24news.com\/wp-content\/uploads\/2020\/05\/Zeugen-gesucht-Neutral-768x575.jpg 768w, https:\/\/speyer24news.com\/wp-content\/uploads\/2020\/05\/Zeugen-gesucht-Neutral-678x509.jpg 678w, https:\/\/speyer24news.com\/wp-content\/uploads\/2020\/05\/Zeugen-gesucht-Neutral-326x245.jpg 326w, https:\/\/speyer24news.com\/wp-content\/uploads\/2020\/05\/Zeugen-gesucht-Neutral-80x60.jpg 80w\" sizes=\"(max-width: 801px) 100vw, 801px\" \/><\/figure><\/div>\n\n\n<p>Am fr\u00fchen Dienstagmorgen gegen 02:20 Uhr wurde ein 48-j\u00e4hriger Germersheimer durch einen Pkw angefahren. Hiernach w\u00e4re der <strong>\u00e4ltere silberfarbene Honda Civic<\/strong> gefl\u00fcchtet. Bereits in der Vergangenheit w\u00e4re der Pkw mehrfach im Pionierweg in Germersheim unter anderem wegen lautem Hupens und Schreien aufgefallen. Als der Gesch\u00e4digte zwecks Nachschau auf die Stra\u00dfe lief, lie\u00df der unbekannte Fahrer den Motor an und fuhr den Mann an. Aufgrund seiner Verletzungen wurde er in die BG Unfallklinik nach Ludwigshafen verbracht. Die Ermittlungen hinsichtlich des Fahrzeugs sowie des Fahrers wurden aufgenommen.<\/p>\n\n\n\n<ul>\n<li><strong>Hinweise nimmt die Polizei Germersheim unter 07274\/958-0 oder per E-Mail an&nbsp;<a href=\"mailto:%20pigermersheim@polizei.rlp.de\">pigermersheim@polizei.rlp.de<\/a>&nbsp;entgegen.<\/strong><\/li>\n<\/ul>\n\n\n\n<h2 class=\"wp-block-heading\">(Germersheim) &#8211; Gegenst\u00e4nde aus Fenster geworfen \/ Pkw besch\u00e4digt<\/h2>\n\n\n\n<p>Am Montagabend gegen 22.00 Uhr warf ein 39-j\u00e4hriger Mann aus Germersheim eine Flasche sowie einen Teller aus dem 3.Stock eines Mehrparteienhauses in der Ludwigstra\u00dfe. Hierdurch ging die Heckscheibe eines geparkten Pkws zu Bruch. Zum Zeitpunkt des Wurfs befanden sich 3 Personen in unmittelbarer N\u00e4he zum Pkw, blieben jedoch unverletzt. Ob sich der Wurf gezielt gegen die Personen richtete ist noch Gegenstand der Ermittlungen. Der Werfer wurde im Anschluss zur Durchf\u00fchrung weiterer Ma\u00dfnahmen zu hiesiger Dienststelle verbracht, er war stark alkoholisiert. Au\u00dferdem \u00e4u\u00dferte er rechtsextremes Gedankengut.<\/p>\n\n\n\n<p>Gleiches tat er am Dienstagmorgen, weshalb er erneut kontrolliert und unter anderem aufgrund seiner gleichbleibenden Alkoholisierung in Zusammenarbeit mit der Unterbringungsbeh\u00f6rde in einer psychiatrischen Fachklinik vorgestellt wurde.<\/p>\n\n\n\n<h2 class=\"wp-block-heading\">(Germersheim) &#8211; Zwei Pkw aufgebrochen<\/h2>\n\n\n\n<p>Am Montag, den 13.05.2024 im Zeitraum von 20:20-22:20 Uhr wurden an zwei PKW in der Waldstra\u00dfe in Germersheim jeweils die Beifahrerscheiben eingeschlagen. Entwendet wurden aus dem Innenraum der Pkws jeweils die Geldbeutel mitsamt Inhalt. Der Diebstahl- und Sachschaden wird auf 2.000 Euro beziffert.<\/p>\n\n\n\n<ul>\n<li><strong>Hinweise nimmt die Polizei Germersheim unter 07274\/958-0 oder per E-Mail an&nbsp;<a href=\"mailto:%20pigermersheim@polizei.rlp.de\">pigermersheim@polizei.rlp.de<\/a>&nbsp;entgegen.<\/strong><\/li>\n<\/ul>\n\n\n\n<h4 class=\"wp-block-heading\"><em>Die Polizei r\u00e4t zudem, keine Wertsachen im Fahrzeug zu belassen. Sichtbar abgelegte Taschen oder Rucks\u00e4cke suggerieren einen lukrativen Inhalt und regen einen Tatentschluss an.<\/em><\/h4>\n\n\n\n<h2 class=\"wp-block-heading\">(Germersheim) &#8211; Einbruch in Gesch\u00e4ftsgeb\u00e4ude<\/h2>\n\n\n\n<p>Vermutlich \u00fcber das zur\u00fcckliegende Wochenende drangen unbekannte T\u00e4ter \u00fcber die Terrassent\u00fcr in die Gesch\u00e4ftsr\u00e4ume einer Firma in der Joseph-Haydn-Stra\u00dfe in Germersheim ein und versuchte vergeblich einen Tresor zu \u00f6ffnen. Es entstand Sachschaden in H\u00f6he von 200 Euro.<\/p>\n\n\n\n<ul>\n<li><strong>Zeugen, die verd\u00e4chtige Wahrnehmung an der \u00d6rtlichkeit im genannten Zeitraum gemacht haben, werden gebeten, sich unter der Telefonnummer 07274\/9580 oder per E-Mail an&nbsp;<a href=\"mailto:%20pigermersheim@polizei.rlp.de\">pigermersheim@polizei.rlp.de<\/a>&nbsp;mit der Polizei Germersheim in Verbindung zu setzen.<\/strong><\/li>\n<\/ul>\n\n\n\n<h2 class=\"wp-block-heading\">(Bellheim) &#8211; Verd\u00e4chtiger Mann am Forsthaus Bellheim \/ Zeugen gesucht<\/h2>\n\n\n<div class=\"wp-block-image\">\n<figure class=\"aligncenter size-full\"><img decoding=\"async\" loading=\"lazy\" width=\"800\" height=\"592\" src=\"https:\/\/speyer24news.com\/wp-content\/uploads\/2023\/02\/Achtung.jpeg\" alt=\"\" class=\"wp-image-51381\" srcset=\"https:\/\/speyer24news.com\/wp-content\/uploads\/2023\/02\/Achtung.jpeg 800w, https:\/\/speyer24news.com\/wp-content\/uploads\/2023\/02\/Achtung-300x222.jpeg 300w, https:\/\/speyer24news.com\/wp-content\/uploads\/2023\/02\/Achtung-768x568.jpeg 768w, https:\/\/speyer24news.com\/wp-content\/uploads\/2023\/02\/Achtung-80x60.jpeg 80w\" sizes=\"(max-width: 800px) 100vw, 800px\" \/><\/figure><\/div>\n\n\n<p>Am 13.05.2024, gegen 17:30 Uhr, wurde eine 13-J\u00e4hrige im Bellheimer Wald in der N\u00e4he des Forsthauses von einem Unbekannten gepackt und nach hinten gezogen. Durch Rufe nach ihren in der N\u00e4he befindlichen Freunden und deren R\u00fcckrufe habe der Mann von ihr abgelassen und sei in Richtung Abenteuerspielplatz gefl\u00fcchtet. Gesprochen habe der Mann nicht, auch sei sie nicht unsittlich angefasst worden. Der Sachverhalt wurde erst f\u00fcnf Stunden sp\u00e4ter der Polizei gemeldet.<\/p>\n\n\n\n<h4 class=\"wp-block-heading\">Der Mann wurde wie folgt beschrieben: <\/h4>\n\n\n\n<ul>\n<li><strong>Alter unbekannt<\/strong><\/li>\n\n\n\n<li><strong>ca. 1,80m gro\u00df<\/strong><\/li>\n\n\n\n<li><strong>dunkle mittellange Haare<\/strong><\/li>\n\n\n\n<li><strong>d\u00fcnne K\u00f6rperstatur<\/strong><\/li>\n\n\n\n<li><strong>trug einen grauen Kapuzenpullover und schwarze Schuhe<\/strong><\/li>\n\n\n\n<li><strong>Im Gesicht hatte der Mann an der linken Wange eine auff\u00e4llige T\u00e4towierung.<\/strong><\/li>\n<\/ul>\n\n\n\n<ul>\n<li><strong>Aufgrund der auff\u00e4lligen T\u00e4towierung bittet die Polizei die B\u00fcrger um Mithilfe. Ist Ihnen ein solcher Mann bekannt?<\/strong><\/li>\n\n\n\n<li><strong>Dann melden Sie sich bitte bei der Polizei Germersheim unter Telefon: 07274 \/ 958 0 oder per E-Mail:&nbsp;<a href=\"mailto:%20pigermersheim@polizei.rlp.de\">pigermersheim@polizei.rlp.de<\/a>&nbsp;.<\/strong><\/li>\n<\/ul>\n\n\n\n<p>Wir nehmen Ihre \u00c4ngste ernst und sind stets f\u00fcr Sie ansprechbar. Melden Sie bitte jeden verd\u00e4chtigen Sachverhalt sofort bei Ihrer Polizeidienststelle oder \u00fcber Notruf. Nur so k\u00f6nnen wir auch Ermittlungen aufnehmen. Denn wir k\u00fcmmern uns und gehen jedem Hinweis nach.<\/p>\n\n\n\n<h2 class=\"wp-block-heading\">(R\u00fclzheim) &#8211; Einbruch in Tankstelle \/ T\u00e4ter fl\u00fcchtig<\/h2>\n\n\n\n<p>Am fr\u00fchen Dienstagmorgen wurde gegen 01:30 Uhr in eine Tankstelle im Speyerer Tal im R\u00fclzheim eingebrochen. Die T\u00e4ter wurden bei der Tatausf\u00fchrung durch die einsetzende Vernebelungsanlage gest\u00f6rt, sodass diese die Flucht ergriffen. Im Zuge der Fahndungsma\u00dfnahmen wurde bekannt, dass sich kurz vor Einbruch zwei m\u00e4nnliche Personen in einem silberfarben VW Golf, \u00e4lteres Modell, mit dunklen Schals \u00fcber den Mundbereich vermummt h\u00e4tten. Es stellte sich heraus, dass die angebrachten Kennzeichen zuvor in R\u00fclzheim entwendet wurden. Hierzu wird gesondert berichtet. Ob durch die unbekannten T\u00e4ter etwas gestohlen wurde, ist noch Gegenstand der Ermittlungen.<\/p>\n\n\n\n<ul>\n<li><strong>Zeugen die Angaben zur Tat oder den tatbeteiligten Personen machen k\u00f6nnen, werden gebeten, sich unter der Telefonnummer 07274\/9580 oder per E-Mail an&nbsp;<a href=\"mailto:%20pigermersheim@polizei.rlp.de\">pigermersheim@polizei.rlp.de<\/a>&nbsp;mit der Polizei Germersheim in Verbindung zu setzen.<\/strong><\/li>\n<\/ul>\n\n\n\n<h2 class=\"wp-block-heading\">(R\u00fclzheim) &#8211; Verletzte Rollerfahrerin ohne Lappen<\/h2>\n\n\n\n<p>Am Sonntagmittag, den 12.05.2024, gegen 13:20 Uhr kam es in R\u00fclzheim im Bereich der Einm\u00fcndung zur Stra\u00dfe Am Stadion zu einem Verkehrsunfall zwischen einem Pkw und einer Rollerfahrerin, welche sich hierbei auch leicht verletzte. Im Rahmen der Unfallaufnahme gab die 68-j\u00e4hrige Verletzte an, dass ihr Roller erst am Folgetag gedrosselt werden w\u00fcrde, sodass sie keine Fahrerlaubnis vorzeigen k\u00f6nne. Die Dame erwartet nun zus\u00e4tzlich eine Strafanzeige wegen Fahren ohne Fahrerlaubnis. An beiden Fahrzeugen entstand Sachschaden. Nach kurzer medizinischer Versorgung war ein Krankenhausaufhalt f\u00fcr die Rollerfahrerin nicht notwendig.<\/p>\n\n\n\n<h2 class=\"wp-block-heading\">(R\u00fclzheim &amp; Lingenfeld) &#8211; Mehrere Kennzeichendiebst\u00e4hle<\/h2>\n\n\n\n<p>In <strong>R\u00fclzheim <\/strong>kam es zu gleich zwei Kennzeichendiebst\u00e4hlen bei Pkws, die in der Waldstra\u00dfe und am Bahnhof abgestellt waren. Ein entwendetes Kennzeichenpaar wurde bei einem Einbruch in die Tankstelle im Speyerer Tal auf dem mutma\u00dflichen Tatfahrzeug, VW Golf, silbern, \u00e4lteres Modell, verwendet. Ebenfalls zu einem Kennzeichendiebstahl kam es in <strong>Lingenfeld <\/strong>In den Lachen\u00e4ckern im Zeitraum vom 06.05.-13.05.2024.<\/p>\n\n\n\n<ul>\n<li><strong>Hinweise nimmt die Polizei Germersheim unter 07274\/958-0 oder per E-Mail an&nbsp;<a href=\"mailto:%20pigermersheim@polizei.rlp.de\">pigermersheim@polizei.rlp.de<\/a>&nbsp;entgegen.<\/strong><\/li>\n<\/ul>\n\n\n\n<h2 class=\"wp-block-heading\">(B 9 \/ W\u00f6rth) &#8211; Mit gef\u00e4lschtem F\u00fchrerschein und ohne Versicherungsschutz unterwegs<\/h2>\n\n\n\n<p>Montagnachmittag kontrollierten Polizeibeamte einen 28-j\u00e4hrigen PKW-Fahrer auf der Bienwald-B9, welcher einen gef\u00e4lschten F\u00fchrerschein aush\u00e4ndigte. Die F\u00e4lschung wurde erkannt und die Kontrolle intensiviert. Dabei stellte sich heraus, dass kein Versicherungsschutz f\u00fcr das mitgef\u00fchrte Fahrzeug bestand. Das Fahrzeug wurde abgeschleppt und der F\u00fchrerschein sichergestellt. Entsprechende Strafverfahren wurden eingeleitet.<\/p>\n\n\n\n<h2 class=\"wp-block-heading\">(W\u00f6rth) &#8211; Diebstahl w\u00e4hrend Wohnungsl\u00fcftung<\/h2>\n\n\n\n<p>Montagmorgen stand eine Terrassent\u00fcr zum L\u00fcften einer Erdgeschosswohnung in der Jacques-Offenbach-Stra\u00dfe offen. Das Ehepaar, welches sich in der Wohnung befand, war mit Hausarbeiten besch\u00e4ftigt. Diese Gelegenheit nutzten bislang unbekannte T\u00e4ter aus, indem sie sich in die Wohnung schlichen und zwei Geldb\u00f6rsen mit ca. 230 Euro Bargeld entwendeten. Das Fehlen wurde durch die Ehefrau kurze Zeit sp\u00e4ter bemerkt und die Polizei verst\u00e4ndigt. Die nun bargeldlosen Geldb\u00f6rsen wurden im Au\u00dfenbereich unweit der Tat\u00f6rtlichkeit aufgefunden. Die Ermittlungen dauern an.<\/p>\n\n\n\n<ul>\n<li><strong>Zeugen und Hinweisgeber werden gebeten sich mit der Polizei in W\u00f6rth in Verbindung zu setzen.<\/strong><\/li>\n<\/ul>\n\n\n\n<h2 class=\"wp-block-heading\">(W\u00f6rth) &#8211; Verkehrsunfall durch Sekundenschlaf<\/h2>\n\n\n\n<p>Sonntagmorgen gegen 05:45 Uhr befuhr ein 50-j\u00e4hriger Fahrzeugf\u00fchrer mit seiner Tochter die Hagenbacher Stra\u00dfe in Richtung L540. In einer Kurve kam er aufgrund von \u00dcberm\u00fcdung von der Fahrbahn ab und kollidierte mit der Schutzplanke. Die Fahrzeuginsassen wurden nicht verletzt. Das Fahrzeug war nicht mehr fahrbereit und musste abgeschleppt werden. Ein entsprechendes Strafverfahren wurde eingeleitet.<\/p>\n\n\n\n<h2 class=\"wp-block-heading\">(W\u00f6rth) &#8211; Sachbesch\u00e4digung durch Jugendliche<\/h2>\n\n\n\n<p>Samstagabend zerkratzten Jugendliche in der Theodolindestra\u00dfe insgesamt 10 Fahrzeuge. Die geparkten PKW wurden vermutlich mit einem spitzen Gegenstand angegangen. Die Ermittlungen wurden aufgenommen.<\/p>\n\n\n\n<ul>\n<li><strong>Zeugen\/weitere Gesch\u00e4digte werden gebeten mit der Polizei in W\u00f6rth Kontakt aufzunehmen.<\/strong><\/li>\n<\/ul>\n\n\n\n<h2 class=\"wp-block-heading\">(Kandel) &#8211; Schockanrufe &#8222;falscher Polizeibeamter&#8220;<\/h2>\n\n\n\n<p>Dienstagmittag wurden zwei Gesch\u00e4digte von angeblichen Polizeibeamten telefonisch kontaktiert. Es wurde ein schwerer Verkehrsunfall unter Beteiligung eines Familienangeh\u00f6rigen vorget\u00e4uscht und eine Kaution verlangt. In beiden F\u00e4llen gingen die Gesch\u00e4digten nicht auf die Forderung ein und verst\u00e4ndigten die &#8222;echte&#8220; Polizei.<\/p>\n\n\n\n<p>Die Polizei warnt eindringlich davor, Ausk\u00fcnfte \u00fcber Bargeld und Wertgegenst\u00e4nden am Telefon herauszugeben oder diese an angebliche Zivilkr\u00e4fte auszuh\u00e4ndigen.<\/p>\n\n\n\n<h2 class=\"wp-block-heading\">(Kandel) &#8211; Versuchter Einbruch in Gastst\u00e4tte<\/h2>\n\n\n\n<p>In der Nacht von Montag auf Dienstag versuchten bislang unbekannte T\u00e4ter in eine Gastst\u00e4tte in der Georg-Todt-Stra\u00dfe einzubrechen. An einem Fenster entstand Sachschaden. Die Ermittlungen wurden aufgenommen.<\/p>\n\n\n\n<ul>\n<li><strong>Zeugen und Hinweisgeber werden gebeten sich mit der Polizei in W\u00f6rth in Verbindung zu setzen.<\/strong><\/li>\n<\/ul>\n\n\n\n<h2 class=\"wp-block-heading\">(Steinfeld) &#8211; Heckscheibe an Pkw eingeschlagen<\/h2>\n\n\n\n<p>Auf dem Parkplatz beim Kakteenland in Steinfeld wurde an einem geparkten wei\u00dfen Hyundai i10, die Heckscheibe eingeschlagen. Der Sachschaden wird auf 1000.-EUR gesch\u00e4tzt. <\/p>\n\n\n\n<ul>\n<li><strong>Zeugen werden gebeten sich unter 06343\/93340 oder&nbsp;<a href=\"mailto:%20pibadbergzabern@polizei.rlp.de\">pibadbergzabern@polizei.rlp.de<\/a>&nbsp;mit der Polizeiinspektion Bad Bergzabern in Verbindung zu setzen.<\/strong><\/li>\n<\/ul>\n\n\n\n<h2 class=\"wp-block-heading\">(Bereich Landau) &#8211; Vier Unf\u00e4lle mit gest\u00fcrzten Radfahrern<\/h2>\n\n\n\n<p>Am 14.05.2024 ereigneten sich im Dienstgebiet der Polizeiinspektion Landau\/Pf. gleich vier Unf\u00e4lle mit alleiniger Beteiligung von Radfahrern.<\/p>\n\n\n\n<ol>\n<li>Auf der L 508 zwischen Siebeldingen und Frankweiler kam ein 67-j\u00e4hriger Radfahrer zu Sturz. Er trug anstatt einen Helm eine Basecap, die er sich w\u00e4hrend der Fahrt richtete und aufgrund dessen das Gleichgewicht verlor. Er erlitt eine leichte Kopfverletzung und wurde vorsorglich in ein umliegendes Krankenhaus verbracht.<\/li>\n\n\n\n<li>Ein 69-j\u00e4hriger Radfahrer wurde beim Befahren der Drachenfelsstra\u00dfe in Landau\/Pf. von einem herunterfallenden gro\u00dfen Ast getroffen und kam dadurch zu Sturz. Er trug einen Helm und wurde daher lediglich am Arm leicht verletzt. Der Gest\u00fcrzte konnte seine Fahrt fortsetzen.<\/li>\n\n\n\n<li>Einen nicht so glimpflichen Ausgang hatte eine 17-J\u00e4hrige bei Billigheim-Ingenheim. Sie st\u00fcrzte aufgrund eines Fahrfehlers auf den Asphalt eines Radweges und konnte nicht mehr weiterradeln. Sie erlitt eine Verletzung am Knie und wurde in ein umliegendes Krankenhaus verbracht. Ein getragener Helm d\u00fcrfte schwerwiegendere Verletzungen im Bereich des Kopfes verhindert haben.<\/li>\n\n\n\n<li>Das Tragen eines Schutzhelmes h\u00e4tte auch einem 63-j\u00e4rigen Mann Schlimmeres erspart. Er kam auf dem Parkdeck der Sparkasse in Annweiler zu Fall, als er mit seinem Fahrrad auf der Rampe wenden wollte. Dabei zog sich der Tourist aus D\u00e4nemark, der ohne Helm unterwegs war, eine Wunde am Kopf und Sch\u00fcrfwunden an den Extremit\u00e4ten zu und musste in ein Krankenhaus eingeliefert werden.<\/li>\n<\/ol>\n\n\n\n<h2 class=\"wp-block-heading\">(Landau) &#8211; Pl\u00f6tzlicher Tod einer 68-j\u00e4hrigen Frau<\/h2>\n\n\n<div class=\"wp-block-image\">\n<figure class=\"aligncenter size-full\"><img decoding=\"async\" loading=\"lazy\" width=\"800\" height=\"533\" src=\"https:\/\/speyer24news.com\/wp-content\/uploads\/2020\/03\/candle-2905395_1920.jpg\" alt=\"\" class=\"wp-image-25905\" srcset=\"https:\/\/speyer24news.com\/wp-content\/uploads\/2020\/03\/candle-2905395_1920.jpg 800w, https:\/\/speyer24news.com\/wp-content\/uploads\/2020\/03\/candle-2905395_1920-300x200.jpg 300w, https:\/\/speyer24news.com\/wp-content\/uploads\/2020\/03\/candle-2905395_1920-768x512.jpg 768w\" sizes=\"(max-width: 800px) 100vw, 800px\" \/><\/figure><\/div>\n\n\n<p>Am Montag, den 13.05.2024 gegen 13:00 Uhr, brach eine 68-j\u00e4hrige Frau beim Trainieren in einem Landauer Fitnessstudio pl\u00f6tzlich leblos zusammen.<\/p>\n\n\n\n<p>Ein hinzugerufener Arzt konnte nur noch den Tod der Frau feststellen.<\/p>\n\n\n\n<p>Es gibt derzeit keinerlei Hinweise auf ein Fremdverschulden.<\/p>\n\n\n\n<p>Die Kriminalpolizei hat die Ermittlungen aufgenommen.<\/p>\n\n\n\n<h3 class=\"wp-block-heading has-text-align-center\">Nachtrag zum pl\u00f6tzlichen Tod einer 68-j\u00e4hrigen Frau<\/h3>\n\n\n\n<h3 class=\"wp-block-heading\">Gemeinsame Presseerkl\u00e4rung der Staatsanwaltschaft Landau und der Kriminalpolizei Landau<\/h3>\n\n\n\n<p>Nach den polizeilichen Ermittlungen ist davon auszugehen, dass eine innere Ursache zum Tod der Frau f\u00fchrte.<\/p>\n\n\n\n<p>Es ergaben sich keinerlei Hinweise auf ein strafrechtlich relevantes Verhalten, weshalb das Todesermittlungsverfahren eingestellt wird.<\/p>\n\n\n\n<h2 class=\"wp-block-heading\">(Landau) &#8211; Diebstahl von Biergartenschirm<\/h2>\n\n\n\n<p>In der Nacht vom 12. auf den 13.05.2024 wurde bei der Gastst\u00e4tte F\u00fcnf B\u00e4uerlein in Landau\/Pf. ein gr\u00fcner Biergartenschirm mit der Aufschrift &#8222;Bellheimer&#8220; von unbekannten T\u00e4tern entwendet. Aufgrund der Gr\u00f6\u00dfe des Sonnenschirms ben\u00f6tigte es zum Abtransport mindestens zwei Personen.<\/p>\n\n\n\n<ul>\n<li><strong>Zeugen werden gebeten sich bei der Polizeiinspektion Landau unter der Telefonnummer 06341-287-0 oder per E-Mail&nbsp;<a href=\"mailto:%20pilandau@polizei.rlp.de\">pilandau@polizei.rlp.de<\/a>&nbsp;zu melden.<\/strong><\/li>\n<\/ul>\n\n\n\n<h2 class=\"wp-block-heading\">(Annweiler am Trifels) &#8211; Verkehrsunfallstatistik und Kriminalit\u00e4tsstatistik 2023 ver\u00f6ffentlicht<\/h2>\n\n\n\n<p>Die polizeiliche Verkehrsunfallstatistik als auch die Kriminalit\u00e4tsstatistik f\u00fcr den Zust\u00e4ndigkeitsbereich der Polizeiwache Annweiler wurde ver\u00f6ffentlich. Diese kann unter folgendem Link auf der Internetpr\u00e4senz der Polizeiwache Annweiler eingesehen werden:<\/p>\n\n\n\n<p><a href=\"https:\/\/www.polizei.rlp.de\/die-polizei\/dienststellen\/polizeipraesidium-rheinpfalz\/unsere-dienststellen\/polizeidirektion-landau\/polizeiwache-annweiler\">https:\/\/www.polizei.rlp.de\/die-polizei\/dienststellen\/polizeipraesidium-rheinpfalz\/unsere-dienststellen\/polizeidirektion-landau\/polizeiwache-annweiler<\/a><\/p>\n\n\n\n<h2 class=\"wp-block-heading\">(Annweiler am Trifels) &#8211; Kontrolle Nachtfahrverbot f\u00fcr LKW<\/h2>\n\n\n\n<p>Aufgrund der derzeitigen n\u00e4chtlichen Tunnelsperrungen ist eine entsprechende Zunahme des Verkehrs auf der ausgeschilderten Umleitungsstrecke zu verzeichnen, welche unter anderem durch Annweiler f\u00fchrt. Daher wurde in der Nacht auf Mittwoch (14.05.2024 &#8211; 15.04.2024) ein besonderes Augenmerk auf die Einhaltung des bestehenden Nachtfahrverbots f\u00fcr LKW gelegt. In einem Zeitraum von 75 Minuten konnten 25 LKW einer entsprechenden Kontrolle unterzogen werden. Ergebnis: Alle kontrollierten LKW verstie\u00dfen nicht gegen das Nachtfahrverbot, da eine Ausnahmegenehmigung vorlag oder es sich um berechtigten Anlieferverkehr handelte. Lediglich ein LKW-Fahrer wurde beanstandet, da er vorgeschriebene Dokumente nicht mitf\u00fchrte.<\/p>\n\n\n\n<h2 class=\"wp-block-heading\">(Annweiler am Trifels) &#8211; H\u00e4tte er mal den Kinnriemen seines Helmes geschlossen&#8230;<\/h2>\n\n\n<div class=\"wp-block-image\">\n<figure class=\"aligncenter size-full\"><img decoding=\"async\" loading=\"lazy\" width=\"800\" height=\"533\" src=\"https:\/\/speyer24news.com\/wp-content\/uploads\/2022\/08\/Roller-THC-Drogen.jpg\" alt=\"\" class=\"wp-image-48821\" srcset=\"https:\/\/speyer24news.com\/wp-content\/uploads\/2022\/08\/Roller-THC-Drogen.jpg 800w, https:\/\/speyer24news.com\/wp-content\/uploads\/2022\/08\/Roller-THC-Drogen-300x200.jpg 300w, https:\/\/speyer24news.com\/wp-content\/uploads\/2022\/08\/Roller-THC-Drogen-768x512.jpg 768w\" sizes=\"(max-width: 800px) 100vw, 800px\" \/><\/figure><\/div>\n\n\n<p>&#8230;dann w\u00e4re ein 23-j\u00e4hriger Kleinkraftradfahrer am 14.05.2024 gegen 13 Uhr in der Hauptstra\u00dfe in Annweiler vermutlich auch nicht kontrolliert worden. Der nicht verschlossene Kinnriemen war letztendlich das kleinste Problem der Verkehrskontrolle. Der 23-J\u00e4hrige verf\u00fcgte nicht \u00fcber die erforderliche Fahrerlaubnis. Auch konnten Anzeichen erlangt werden, die auf den Konsum von Bet\u00e4ubungsmitteln hindeuteten. Genannte Anzeichen wurden durch das Verhalten des 23-J\u00e4hrigen untermauert: W\u00e4hrend der Kontrolle wollte er sich einen Joint anz\u00fcnden. Er wurde im Anschluss zur Dienststelle verbracht, wo ihm eine Blutprobe entnommen wurde. Zudem wurde die Weiterfahrt untersagt und die Fahrzeugschl\u00fcssel sichergestellt. Er wird sich nun in Strafverfahren wegen Fahren ohne Fahrerlaubnis sowie Trunkenheit im Verkehr verantworten m\u00fcssen.<\/p>\n\n\n\n<h2 class=\"wp-block-heading\">(B 48 \/ Rinnthal) &#8211; Erneute Geschwindigkeitsmessung im Wellbachtal am Wochenende<\/h2>\n\n\n\n<p>Wie bereits am vergangenen Freitag wurde auch am Sonntag (12.05.2024) eine Geschwindigkeitsmessung im Wellbachtal durch Kr\u00e4fte der Polizeiwache Annweiler durchgef\u00fchrt. Innerhalb von 45 Minuten konnten vier Verst\u00f6\u00dfe geahndet werden. Besonders erw\u00e4hnenswert ist hierbei ein Versto\u00df, welcher durch einen Motorradfahrer begangen wurde. Bei erlaubten 70 km\/h wurde dieser mit 111 km\/h gemessen. Auf ihn wird nun ein Bu\u00dfgeld in H\u00f6he von 200 Euro sowie ein Punkt in der Verkehrss\u00fcnderdatei zukommen. Mit weiteren zuk\u00fcnftigen Kontrollen im Wellbachtal darf gerechnet werden. Die Pressemeldung der Kontrolle vom Freitag kann hier eingesehen werden:&nbsp;<a target=\"_blank\" rel=\"noreferrer noopener\" href=\"https:\/\/www.presseportal.de\/blaulicht\/pm\/117686\/5776717\">https:\/\/www.presseportal.de\/blaulicht\/pm\/117686\/5776717<\/a><\/p>\n\n\n\n<h2 class=\"wp-block-heading\">(Knittelsheim) &#8211; Bei Einbruch Bargeld gestohlen<\/h2>\n\n\n\n<p>\u00dcber ein Fenster gelangten bislang unbekannte T\u00e4ter in die B\u00fcror\u00e4umlichkeiten eines landwirtschaftlichen Betriebes in Knittelsheim. Die Tat ereignete sich in der Nacht von Montag auf Dienstag. Es wurde Bargeld im vierstelligen Bereich gestohlen. Auch Sachschaden ist entstanden. Derzeit liegen keine Hinweise auf die T\u00e4ter vor.<\/p>\n\n\n\n<ul>\n<li><strong>Zeugenhinweise nimmt die Polizeiinspektion Germersheim telefonisch unter 07274 &#8211; 9580 oder per Mail an&nbsp;<a href=\"mailto:%20pigermersheim@polizei.rlp.de\">pigermersheim@polizei.rlp.de<\/a>&nbsp;entgegen.<\/strong><\/li>\n<\/ul>\n\n\n\n<h2 class=\"wp-block-heading\">(Essingen) &#8211; \u00dcberschlagener PKW<\/h2>\n\n\n\n<p>Am 14.05.2024 befuhr ein 20-J\u00e4hriger mit seinem Opel die L 542 von Essingen kommend in Fahrtrichtung Gro\u00dffischlingen. Hierbei kam er aufgrund nicht angepasster Geschwindigkeit rechts von der Fahrbahn ab, woraufhin sich das Auto \u00fcberschlug. Der Fahrer wurde dabei gl\u00fccklicherweise nur leicht verletzt und wurde vorsorglich in ein umliegendes Krankenhaus verbracht. Der PKW wurde abgeschleppt. Der Schaden wird auf ca. 3000 EUR gesch\u00e4tzt.<\/p>\n\n\n\n<h2 class=\"wp-block-heading\">(Edesheim) &#8211; Schildkr\u00f6te zugelaufen<a href=\"https:\/\/www.facebook.com\/sharer.php?u=https%3A%2F%2Fwww.presseportal.de%2Fblaulicht%2Fpm%2F117686%2F5779170%2F%3Futm_source%3Dfacebook%26utm_medium%3Dsocial\"><\/a><a href=\"https:\/\/twitter.com\/intent\/tweet?text=POL-PDLD%3A%20Edesheim%20-%20Schildkr%C3%B6te%20zugelaufen&amp;url=https%3A%2F%2Fwww.presseportal.de%2Fblaulicht%2Fpm%2F117686%2F5779170%2F%3Futm_source%3Dtwitter%26utm_medium%3Dsocial&amp;hashtags=ots&amp;lang=de\"><\/a><a href=\"https:\/\/web.whatsapp.com\/send?text=POL-PDLD%3A%20Edesheim%20-%20Schildkr%C3%B6te%20zugelaufen%0A%0Ahttps%3A%2F%2Fwww.presseportal.de%2Fblaulicht%2Fpm%2F117686%2F5779170%2F%3Futm_source%3Dwhatsapp%26utm_medium%3Dsocial\"><\/a><a href=\"https:\/\/www.xing.com\/app\/user?op=share;url=https%3A%2F%2Fwww.presseportal.de%2Fblaulicht%2Fpm%2F117686%2F5779170%2F%3Futm_source%3Dxing%26utm_medium%3Dsocial\"><\/a><a href=\"http:\/\/www.linkedin.com\/shareArticle?mini=true&amp;url=https%3A%2F%2Fwww.presseportal.de%2Fblaulicht%2Fpm%2F117686%2F5779170%2F%3Futm_source%3Dlinkedin%26utm_medium%3Dsocial&amp;title=POL-PDLD%3A+Edesheim+-+Schildkr%C3%B6te+zugelaufen\"><\/a><a href=\"mailto:?subject=POL-PDLD%3A%20Edesheim%20-%20Schildkr%C3%B6te%20zugelaufen&amp;body=https:\/\/www.presseportal.de\/blaulicht\/pm\/117686\/5779170\"><\/a><\/h2>\n\n\n<div class=\"wp-block-image\">\n<figure class=\"aligncenter\"><a href=\"https:\/\/cache.pressmailing.net\/thumbnail\/story_hires\/f8ca0f79-cf3a-4ddd-a59f-9d2f37b8560c\/Schildkr%C3%B6te.JPG.jpg\"><img decoding=\"async\" src=\"https:\/\/cache.pressmailing.net\/thumbnail\/story_big\/f8ca0f79-cf3a-4ddd-a59f-9d2f37b8560c\/pol-pdld-edesheim-schildkr-te-zugelaufen\" alt=\"POL-PDLD: Edesheim - Schildkr\u00f6te zugelaufen\"\/><\/a><\/figure><\/div>\n\n\n<p>Die Polizei sucht den Eigent\u00fcmer einer griechischen Landschildkr\u00f6te, die am heutigen Morgen (14.05.2024) in der Rhodter Stra\u00dfe in einem fremden Garten aufgefunden wurde. Auff\u00e4llig ist der farblich markierte R\u00fcckenpanzer des Tieres. Die Schildkr\u00f6te wurde in Obhut genommen. <\/p>\n\n\n\n<ul>\n<li><strong>Der Besitzer kann sich mit der Polizei Edenkoben unter der Telefonnummer 06323 9550 in Verbindung setzen.<\/strong><\/li>\n<\/ul>\n\n\n\n<h2 class=\"wp-block-heading\">(A 65 \/ B 10 \/ Edenkoben) &#8211; \u00dcberwachung Schwerverkehr<a href=\"https:\/\/www.facebook.com\/sharer.php?u=https%3A%2F%2Fwww.presseportal.de%2Fblaulicht%2Fpm%2F117686%2F5779167%2F%3Futm_source%3Dfacebook%26utm_medium%3Dsocial\"><\/a><a href=\"https:\/\/twitter.com\/intent\/tweet?text=POL-PDLD%3A%20Edenkoben%2FA65%2FB10%20-%20%C3%9Cberwachung%20Schwerverkehr&amp;url=https%3A%2F%2Fwww.presseportal.de%2Fblaulicht%2Fpm%2F117686%2F5779167%2F%3Futm_source%3Dtwitter%26utm_medium%3Dsocial&amp;hashtags=ots&amp;lang=de\"><\/a><a href=\"https:\/\/web.whatsapp.com\/send?text=POL-PDLD%3A%20Edenkoben%2FA65%2FB10%20-%20%C3%9Cberwachung%20Schwerverkehr%0A%0Ahttps%3A%2F%2Fwww.presseportal.de%2Fblaulicht%2Fpm%2F117686%2F5779167%2F%3Futm_source%3Dwhatsapp%26utm_medium%3Dsocial\"><\/a><a href=\"https:\/\/www.xing.com\/app\/user?op=share;url=https%3A%2F%2Fwww.presseportal.de%2Fblaulicht%2Fpm%2F117686%2F5779167%2F%3Futm_source%3Dxing%26utm_medium%3Dsocial\"><\/a><a href=\"http:\/\/www.linkedin.com\/shareArticle?mini=true&amp;url=https%3A%2F%2Fwww.presseportal.de%2Fblaulicht%2Fpm%2F117686%2F5779167%2F%3Futm_source%3Dlinkedin%26utm_medium%3Dsocial&amp;title=POL-PDLD%3A+Edenkoben%2FA65%2FB10+-+%C3%9Cberwachung+Schwerverkehr\"><\/a><a href=\"mailto:?subject=POL-PDLD%3A%20Edenkoben%2FA65%2FB10%20-%20%C3%9Cberwachung%20Schwerverkehr&amp;body=https:\/\/www.presseportal.de\/blaulicht\/pm\/117686\/5779167\"><\/a><\/h2>\n\n\n\n<p>Am Montag (13.05.2024) wurde im Zeitraum zwischen 18 Uhr und 21 Uhr im Bereich der A65 und B10 bei Landau Verkehrskontrollen mit dem Hauptaugenmerk auf Schwerverkehr durchgef\u00fchrt. Dabei wurden zwei LKW-Fahrer belangt, weil sie anhand der Fahrtenschreiber die Geschwindigkeiten und Fahrzeiten \u00fcberschritten hatten. Zwei Fahrer wurden auf frischer Tat erwischt, weil sie w\u00e4hrend der Fahrt mit ihrem Handy telefonierten.<\/p>\n\n\n\n<h2 class=\"wp-block-heading\">(Neustadt) &#8211; Erneut negativ aufgefallen&#8230;<\/h2>\n\n\n\n<p>&#8230; ist ein 53-j\u00e4hriger Neustadter, welcher am 15.05.2024 um 10:30 Uhr in der Ludwigstra\u00dfe in 67433 Neustadt\/W. mit einem Citroen einer Verkehrskontrolle unterzogen wurde. W\u00e4hrend der \u00dcberpr\u00fcfung der Verkehrst\u00fcchtigkeit des Mannes konnten Anhaltspunkte gewonnen werden, welche auf eine aktuelle Bet\u00e4ubungsmittelbeeinflussung schlie\u00dfen lie\u00dfen. Bereits am 02.04.2024 fiel der Fahrer wegen einer Fahrt unter Cannabis-Einfluss auf. Daher wurde dem Neustadter auch am heutigen Tag eine Blutprobe entnommen und dessen Fahrzeugschl\u00fcssel an einen Bekannten \u00fcbergeben. Nun kommt auf diesen erneut ein Ordnungswidrigkeitenverfahren zu. Zudem wird auch dieses Mal die F\u00fchrerscheinstelle \u00fcber den Vorfall informiert.<\/p>\n\n\n\n<h2 class=\"wp-block-heading\">(Neustadt) &#8211; Amfetamin und fremde Karte dabei<\/h2>\n\n\n\n<p>Am 15.05.2024 um 12:10 Uhr wurde ein 32-J\u00e4hriger aus Neustadt in der Talstra\u00dfe in 67434 Neustadt einer Personenkontrolle unterzogen. Bei diesem konnte im Verlauf der Kontrolle eine geringe Menge Amfetamin und eine Bankkarte, welche nicht ihm geh\u00f6rte, aufgefunden und sichergestellt werden. Nun kommen auf den Neustadter Strafverfahren wegen des Versto\u00dfes gegen das BtMG und wegen Fundunterschlagung zu. Au\u00dferdem wird die F\u00fchrerscheinstelle informiert.<\/p>\n\n\n\n<h2 class=\"wp-block-heading\">(Neustadt) &#8211; Unter Drogeneinfluss zur Arbeit<\/h2>\n\n\n\n<p>Am 15.05.2024 um 07:05 Uhr wurde ein 43-J\u00e4hriger aus Elmstein in der Talstra\u00dfe in 67434 Neustadt\/W. mit seinem Ford einer Verkehrskontrolle unterzogen. Der Mann befand sich zu diesem Zeitpunkt auf dem Weg zu seiner Arbeitsstelle. Im Verlauf der \u00dcberpr\u00fcfung der Verkehrst\u00fcchtigkeit des Fahrers konnten bei diesem Auff\u00e4lligkeiten festgestellt werden, welche auf eine aktuelle Bet\u00e4ubungsmittelbeeinflussung schlie\u00dfen lie\u00dfen. Ein Vortest reagierte letztlich positiv auf die Stoffgruppen Amfetamin, Metamfetamin und THC, weshalb dem Emsteiner eine Blutprobe entnommen und der Fahrzeugschl\u00fcssel einem Bekannten \u00fcbergeben wurde. Nun kommt auf den Ford-Fahrer ein Straf-, sowie Ordnungswidrigkeitenverfahren zu. Ferner wird die zust\u00e4ndige F\u00fchrerscheinstelle \u00fcber den Vorfall informiert.<\/p>\n\n\n\n<h2 class=\"wp-block-heading\">(Bad D\u00fcrkheim) &#8211; E-Roller unter Drogeneinwirkung gef\u00fchrt<\/h2>\n\n\n\n<p>Am 15.05.2024 gegen 00:15 Uhr konnte in der Altenbacher Stra\u00dfe in Bad D\u00fcrkheim der Fahrer eines E-Rollers einer Verkehrskontrolle unterzogen werden, der augenscheinlich unter dem Einfluss von Bet\u00e4ubungsmitteln stand. W\u00e4hrend der Kontrolle konnten die Polizeibeamten drogentypische Ausfallerscheinungen feststellen. Ein durchgef\u00fchrter Drogenvortest reagierte positiv auf THC. Bei der darauffolgenden Durchsuchung der Person konnten 5 Gramm Haschisch aufgefunden uns sichergestellt werden. Dem 46-J\u00e4hrigen wurde eine Blutprobe entnommen. Gegen den ihnr wird nun wegen F\u00fchren eines Fahrzeuges unter Drogeneinwirkung ermittelt. Da auf dem E-Roller ein Versicherungskennzeichen aus dem Jahr 2021 angebracht war, muss er sich weiterhin wegen einem Versto\u00df gegen das Pflichtversicherungsgesetz verantworten.<\/p>\n\n\n\n<h2 class=\"wp-block-heading\">(Bad D\u00fcrkheim) &#8211; \u00c4lterer Herr Opfer von Trickbetr\u00fcgern<\/h2>\n\n\n\n<p><a href=\"https:\/\/www.facebook.com\/sharer.php?u=https%3A%2F%2Fwww.presseportal.de%2Fblaulicht%2Fpm%2F117687%2F5780177%2F%3Futm_source%3Dfacebook%26utm_medium%3Dsocial\"><\/a><a href=\"https:\/\/twitter.com\/intent\/tweet?text=POL-PDNW%3A%20%28Bad%20D%C3%BCrkheim%29%20-%20%C3%A4lterer%20Herr%20Opfer%20von%20Trickbetr%C3%BCgern&amp;url=https%3A%2F%2Fwww.presseportal.de%2Fblaulicht%2Fpm%2F117687%2F5780177%2F%3Futm_source%3Dtwitter%26utm_medium%3Dsocial&amp;hashtags=ots&amp;lang=de\"><\/a><a href=\"https:\/\/web.whatsapp.com\/send?text=POL-PDNW%3A%20%28Bad%20D%C3%BCrkheim%29%20-%20%C3%A4lterer%20Herr%20Opfer%20von%20Trickbetr%C3%BCgern%0A%0Ahttps%3A%2F%2Fwww.presseportal.de%2Fblaulicht%2Fpm%2F117687%2F5780177%2F%3Futm_source%3Dwhatsapp%26utm_medium%3Dsocial\"><\/a><a href=\"https:\/\/www.xing.com\/app\/user?op=share;url=https%3A%2F%2Fwww.presseportal.de%2Fblaulicht%2Fpm%2F117687%2F5780177%2F%3Futm_source%3Dxing%26utm_medium%3Dsocial\"><\/a><a href=\"http:\/\/www.linkedin.com\/shareArticle?mini=true&amp;url=https%3A%2F%2Fwww.presseportal.de%2Fblaulicht%2Fpm%2F117687%2F5780177%2F%3Futm_source%3Dlinkedin%26utm_medium%3Dsocial&amp;title=POL-PDNW%3A+%28Bad+D%C3%BCrkheim%29+-+%C3%A4lterer+Herr+Opfer+von+Trickbetr%C3%BCgern\"><\/a><a href=\"mailto:?subject=POL-PDNW%3A%20%28Bad%20D%C3%BCrkheim%29%20-%20%C3%A4lterer%20Herr%20Opfer%20von%20Trickbetr%C3%BCgern&amp;body=https:\/\/www.presseportal.de\/blaulicht\/pm\/117687\/5780177\"><\/a>Am 14.05.2024 gegen 12:00 Uhr wurde ein \u00e4lterer Herr aus Bad D\u00fcrkheim auf einem Parkplatz in der Bruchstra\u00dfe Opfer eines Trickbetr\u00fcgers. Als der 73-J\u00e4hrige gerade dabei war seinen Einkauf in seinen PKW zu laden wurde er von einem bislang unbekannten Spendensammler angesprochen. Anschlie\u00dfend wurde er zum Dank und Abschied von dem Spendensammler umarmt. Hierbei entwendet der unbekannte T\u00e4ter 100 EUR aus seinem Geldbeutel. <\/p>\n\n\n\n<h4 class=\"wp-block-heading\">Der m\u00e4nnliche T\u00e4ter war:<\/h4>\n\n\n\n<ul>\n<li><strong>175cm gro\u00df<\/strong><\/li>\n\n\n\n<li><strong>40-45 Jahre alt<\/strong><\/li>\n\n\n\n<li><strong>hatte kurze dunkle Haare und trug einen Ziegenbart.<\/strong><\/li>\n\n\n\n<li><strong>Bekleidet war er mit einer lange dunklen Hose und einem hellen Hemd. <\/strong><\/li>\n\n\n\n<li><strong>Er sprach gebrochen Deutsch. <\/strong><\/li>\n<\/ul>\n\n\n\n<p>Die Polizei in Bad D\u00fcrkheim hat die Ermittlungen aufgenommen. <\/p>\n\n\n\n<ul>\n<li><strong>Wurden sie auch Opfer eines solchen Trickdiebstahls dann wenden sie sich bitte an die Polizei Bad D\u00fcrkheim unter 06322 963 0 oder per E-Mail an&nbsp;<a href=\"mailto:%20pibadduerkheim@polizei.rlp.de\">pibadduerkheim@polizei.rlp.de<\/a>. <\/strong><\/li>\n<\/ul>\n\n\n\n<h4 class=\"wp-block-heading\"><em>Weitere n\u00fctzliche Informationen erhalten Sie unter&nbsp;<a href=\"https:\/\/www.polizei-beratung.de\/\" target=\"_blank\" rel=\"noreferrer noopener\">www.polizei-beratung.de<\/a>&nbsp;oder auf ihrer n\u00e4chstgelegenen Polizeidienststelle.<\/em><\/h4>\n\n\n\n<h2 class=\"wp-block-heading\">(Bad D\u00fcrkheim) &#8211; Auto zerkratzt<\/h2>\n\n\n\n<p>Im Zeitraum von 12.05.2024 12:00 Uhr bis 14.05.2024, 10:00 Uhr wurde ein, auf dem Wurstmarktparkplatz in Bad D\u00fcrkheim, abgestellter Mercedes von bislang unbekannten T\u00e4tern besch\u00e4digt. Sowohl die rechte als auch die linke Fahrzeugseite des Mercedes wurde \u00fcber die gesamte Fahrzeugl\u00e4nge mit einem unbekannten Gegenstand zerkratzt. Es entstand ein Sachschaden von 900 Euro. <\/p>\n\n\n\n<ul>\n<li><strong>Die Polizei Bad D\u00fcrkheim bittet um Hinweise unter 06322 963 0 oder per E-Mail an&nbsp;<a href=\"mailto:%20pibadduerkheim@polizei.rlp.de\">pibadduerkheim@polizei.rlp.de<\/a><\/strong><\/li>\n<\/ul>\n\n\n\n<h2 class=\"wp-block-heading\">(Bad D\u00fcrkheim) &#8211; Sachbesch\u00e4digung an Pkw \/ Zeugenaufruf<\/h2>\n\n\n\n<p>In der Zeit vom 12.05.2024, 12:00 Uhr bis 14.05.2024, 10:00 Uhr kam es im Bereich des WUMA-Parkplatzes zu einer Sachbesch\u00e4digung an einem geparkten Pkw. Bislang unbekannte T\u00e4ter zerkratzten die komplette Fahrer- und Beifahrerseite an einem Pkw der Marke Mercedes mittels eines spitzen Gegenstandes. Der dadurch entstandene Sachschaden bel\u00e4uft sich auf ca. 4000,- Euro.<\/p>\n\n\n\n<ul>\n<li><strong>Hinweise nimmt die Polizeiinspektion Bad D\u00fcrkheim, Tel.: 06322\/963-0 oder per E-Mail:&nbsp;<a href=\"mailto:%20pibadduerkheim@polizei.rlp.de\">pibadduerkheim@polizei.rlp.de<\/a>&nbsp;entgegen.<\/strong><\/li>\n<\/ul>\n\n\n\n<h2 class=\"wp-block-heading\">(Bad D\u00fcrkheim) &#8211; Res\u00fcmee Stadtfest Bad D\u00fcrkheim \/ Polizei zieht Bilanz<\/h2>\n\n\n\n<p>Im Zeitraum von 08.05.2024 bis 12.05.2024 fand das Stadtfest in Bad D\u00fcrkheim statt. Aus Sicht der Polizei in Bad D\u00fcrkheim verlief das Stadtfest ruhig. Insgesamt waren 3 einfache K\u00f6rperverletzungen zu verzeichnen, wobei es sich hierbei in 1 Fall um H\u00e4usliche Gewalt handelte. In fast allen F\u00e4llen gerieten die Beteiligten meist aufgrund ihrer Alkoholisierung mit ihren Kontrahenten in Streit, der dann schlie\u00dflich in Faustschl\u00e4ge ausartete.<\/p>\n\n\n\n<p>Insgesamt zieht die Polizei Bad D\u00fcrkheim f\u00fcr das Stadtfest eine positive Bilanz und wir freuen uns schon jetzt auf das Stadtfest 2025.<\/p>\n\n\n\n<h2 class=\"wp-block-heading\">(Gr\u00fcnstadt) &#8211; E-Scooter unter Cannabiseinfluss<\/h2>\n\n\n\n<p>Polizeibeamte der Polizeiinspektion Gr\u00fcnstadt kontrollierten in den fr\u00fchen Morgenstunden des Mittwochs, 15.05.24, einen 18 Jahre alten Fahrer eines E-Scooters. Der junge Mann zeigte Auff\u00e4lligkeiten, die den Verdacht eines vorangegangenen Bet\u00e4ubungsmittelkonsums begr\u00fcndeten. Ein Urinschnelltest zeigte THC positiv an. Daraufhin wurde die Entnahme einer Blutprobe angeordnet, deren Untersuchungsergebnis f\u00fcr das Ordnungswidrigkeitenverfahren ma\u00dfgeblich ist.<\/p>\n\n\n\n<h2 class=\"wp-block-heading\">(Gr\u00fcnstadt) &#8211; Verkehrsunfall am Fu\u00dfg\u00e4nger\u00fcberweg<a href=\"https:\/\/www.facebook.com\/sharer.php?u=https%3A%2F%2Fwww.presseportal.de%2Fblaulicht%2Fpm%2F117687%2F5779500%2F%3Futm_source%3Dfacebook%26utm_medium%3Dsocial\"><\/a><a href=\"https:\/\/twitter.com\/intent\/tweet?text=POL-PDNW%3A%20Verkehrsunfall%20am%20Fu%C3%9Fg%C3%A4nger%C3%BCberweg&amp;url=https%3A%2F%2Fwww.presseportal.de%2Fblaulicht%2Fpm%2F117687%2F5779500%2F%3Futm_source%3Dtwitter%26utm_medium%3Dsocial&amp;hashtags=ots&amp;lang=de\"><\/a><a href=\"https:\/\/web.whatsapp.com\/send?text=POL-PDNW%3A%20Verkehrsunfall%20am%20Fu%C3%9Fg%C3%A4nger%C3%BCberweg%0A%0Ahttps%3A%2F%2Fwww.presseportal.de%2Fblaulicht%2Fpm%2F117687%2F5779500%2F%3Futm_source%3Dwhatsapp%26utm_medium%3Dsocial\"><\/a><a href=\"https:\/\/www.xing.com\/app\/user?op=share;url=https%3A%2F%2Fwww.presseportal.de%2Fblaulicht%2Fpm%2F117687%2F5779500%2F%3Futm_source%3Dxing%26utm_medium%3Dsocial\"><\/a><a href=\"http:\/\/www.linkedin.com\/shareArticle?mini=true&amp;url=https%3A%2F%2Fwww.presseportal.de%2Fblaulicht%2Fpm%2F117687%2F5779500%2F%3Futm_source%3Dlinkedin%26utm_medium%3Dsocial&amp;title=POL-PDNW%3A+Verkehrsunfall+am+Fu%C3%9Fg%C3%A4nger%C3%BCberweg\"><\/a><a href=\"mailto:?subject=POL-PDNW%3A%20Verkehrsunfall%20am%20Fu%C3%9Fg%C3%A4nger%C3%BCberweg&amp;body=https:\/\/www.presseportal.de\/blaulicht\/pm\/117687\/5779500\"><\/a><\/h2>\n\n\n\n<p>Eine leichtverletzte Person und Sachschaden in H\u00f6he von ca. 8.500 Euro sind die Bilanz eines Verkehrsunfalles, der sich am gestrigen Dienstag, 14.05.2024, gegen 17:20 Uhr in der Otto-Fliesen-Stra\u00dfe ereignete. Aufgrund zweier die Fahrbahn \u00fcberschreitender Personen wartete eine 43 Jahre alte Fahrerin eines Ford Focus ordnungsgem\u00e4\u00df vor dem Fu\u00dfg\u00e4nger\u00fcberweg. Eine ihr nachfolgende 33 Jahre alte Peugeot-Fahrerin erkannte die Situation und hielt ebenfalls an. Die ihr wiederum nachfolgende 46 Jahre alte Fahrerin eines Ford Kuga erkannte die vor ihr stehen-den Pkw nicht und fuhr auf das Fahrzeug der 33-J\u00e4hrigen auf. Dieses wurde auf den Pkw der 43-J\u00e4hrigen geschoben. Die drei beteiligten Pkw waren nach dem Verkehrsunfall nicht mehr fahrbereit und mussten abgeschleppt werden.<\/p>\n\n\n\n<h2 class=\"wp-block-heading\">(Gr\u00fcnstadt) &#8211; Fahrradfahrer bei Bremsman\u00f6ver gest\u00fcrzt<\/h2>\n\n\n\n<p>Ein 60 Jahre alter Fahrradfahrer befuhr am Sonntag, 12.05.2024, gegen 09:00 Uhr vom Parkplatz Stadtpark kommend den absch\u00fcssigen Weg in Richtung der Kreuzung Ebertsheimer Weg\/Berggasse. Weil er einen Pkw wahrnahm, der den Ebertsheimer Weg in Richtung Berggasse befuhr, f\u00fchrte er eine Vollbremsung durch. Aufgrund des Bremsman\u00f6vers \u00fcberschlug sich der Mann \u00fcber den Lenker seines Fahrrades hinweg und prallte auf den Asphalt, wobei er sich leichte Verletzungen zuzog. An dem Fahrrad entstand geringer Sachschaden in Form von Kratzern.<\/p>\n\n\n\n<h2 class=\"wp-block-heading\">(L 455 \/ Gro\u00dfkarlbach) &#8211; LKW-Brand<a href=\"mailto:?subject=POL-PDNW%3A%20LKW-Brand%20bei%20Gro%C3%9Fkarlbach&amp;body=https:\/\/www.presseportal.de\/blaulicht\/pm\/117687\/5779057\"><\/a><\/h2>\n\n\n<div class=\"wp-block-image\">\n<figure class=\"aligncenter\"><a href=\"https:\/\/cache.pressmailing.net\/thumbnail\/story_hires\/852e3c66-a71b-46e3-b7bf-0a6e7e3c8e60\/poMMes_2024-05-14_12-56-21_1.jpeg.jpg\"><img decoding=\"async\" src=\"https:\/\/cache.pressmailing.net\/thumbnail\/story_big\/852e3c66-a71b-46e3-b7bf-0a6e7e3c8e60\/pol-pdnw-lkw-brand-bei-gro-karlbach\" alt=\"POL-PDNW: LKW-Brand bei Gro\u00dfkarlbach\"\/><\/a><\/figure><\/div>\n\n\n<p>Auf der L455, zwischen Gro\u00dfkarlbach und Freinsheim, geriet am Dienstagvormittag der Reifen eins LKW in Brand. Offenbar l\u00f6ste sich die Bremse des Reifens wegen eines technischen Defekts nicht, was zur \u00dcberhitzung und letztlich zum Brand f\u00fchrte. Der Brand wurde durch die Feuerwehr gel\u00f6scht; hierf\u00fcr wurde die L455 f\u00fcr die Dauer des Einsatzes in beide Richtungen gesperrt. Der Fahrer des LKW blieb unverletzt.<\/p>\n\n\n\n<h2 class=\"wp-block-heading\">(Maxdorf) &#8211; Exhibitionist \/ Zeugen gesucht<\/h2>\n\n\n<div class=\"wp-block-image\">\n<figure class=\"aligncenter size-full\"><img decoding=\"async\" loading=\"lazy\" width=\"500\" height=\"1000\" src=\"https:\/\/speyer24news.com\/wp-content\/uploads\/2022\/10\/Exhibitionist.png\" alt=\"\" class=\"wp-image-49838\" srcset=\"https:\/\/speyer24news.com\/wp-content\/uploads\/2022\/10\/Exhibitionist.png 500w, https:\/\/speyer24news.com\/wp-content\/uploads\/2022\/10\/Exhibitionist-150x300.png 150w\" sizes=\"(max-width: 500px) 100vw, 500px\" \/><\/figure><\/div>\n\n\n<p>Am Dienstag (14.05.2024) sprach ein Unbekannter gegen 7:30 Uhr eine 11-J\u00e4hrige in der Sohlstra\u00dfe (Ecke Brucknerstra\u00dfe) aus einem Auto heraus an und fragte sie nach dem Weg. Als das Kind ins Auto blickte, konnte sie sehen, dass der Mann sich entbl\u00f6\u00dft hatte.<\/p>\n\n\n\n<p>Sie beschrieb den Mann als:<\/p>\n\n\n\n<ul>\n<li><strong>ca. 40 Jahre alt<\/strong><\/li>\n\n\n\n<li><strong>mit grauem Haar <\/strong><\/li>\n\n\n\n<li><strong>einem 3-Tage-Bart<\/strong><\/li>\n\n\n\n<li><strong>Der Mann trug ein wei\u00dfes oder graues T-Shirt. <\/strong><\/li>\n\n\n\n<li><strong>Das Auto des Mannes war schwarz, hatte get\u00f6nte Scheiben und RP-Kennzeichen.<\/strong><\/li>\n<\/ul>\n\n\n\n<ul>\n<li><strong>Haben Sie die Tat beobachtet oder k\u00f6nnen Sie Hinweise geben?<\/strong><\/li>\n\n\n\n<li><strong>Dann melden Sie sich bitte bei der Kriminalpolizei Ludwigshafen unter der Telefonnummer 0621 963-2773 oder per E-Mail&nbsp;<a href=\"mailto:%20kiludwigshafen.k1.kdd@polizei.rlp.de\">kiludwigshafen.k1.kdd@polizei.rlp.de<\/a>&nbsp;entgegen.<\/strong><\/li>\n<\/ul>\n\n\n\n<p>Meldungen dar\u00fcber, dass Kinder aus Fahrzeugen heraus oder sonst angesprochen werden, beunruhigen alle Eltern und Erziehungsverantwortlichen. <\/p>\n\n\n\n<h3 class=\"wp-block-heading\">Folgende Ratschl\u00e4ge sollten Sie beachten, wenn Kinder davon erz\u00e4hlen, dass sie von Fremden angesprochen wurden:<\/h3>\n\n\n\n<ul>\n<li><strong>Loben Sie Ihr Kind daf\u00fcr, dass es sich Ihnen anvertraut hat.<\/strong><\/li>\n\n\n\n<li><strong>Vermeiden Sie Ger\u00fcchte und beugen Sie somit einer Hysterie in Ihrer Nachbarschaft vor.<\/strong><\/li>\n\n\n\n<li><strong>Wir bitten Sie auf Basis von Ger\u00fcchten keine Falschinformationen zu verbreiten. Teilen Sie keine spekulativen Informationen \u00fcber soziale Netzwerke.<\/strong><\/li>\n\n\n\n<li><strong>Bitte vertrauen Sie bei Ihrer Meinungsbildung nur gesicherten Quellen. Gesicherte Informationen erhalten Sie von Ihrer Polizei unter&nbsp;<a href=\"https:\/\/s.rlp.de\/5vx\" target=\"_blank\" rel=\"noreferrer noopener\">https:\/\/s.rlp.de\/5vx<\/a>.<\/strong><\/li>\n\n\n\n<li><strong>Melden Sie den Vorfall der Polizei. \u00dcber den Polizeinotruf 110 erreichen Sie diese zu jeder Tages- und Nachtzeit.<\/strong><\/li>\n\n\n\n<li><strong>Bereiten Sie Ihre Kinder auf solche Situationen vor.<\/strong><\/li>\n\n\n\n<li><strong>Eltern sollten Verhaltensregeln f\u00fcr den Schulweg und die Freizeit festlegen.<\/strong><\/li>\n\n\n\n<li><strong>Schicken Sie Ihr Kind m\u00f6glichst nicht allein, sondern in kleinen Gruppen zusammen mit anderen Kindern zur Schule oder zum Spielplatz. Halten Sie es zur P\u00fcnktlichkeit an.<\/strong><\/li>\n<\/ul>\n\n\n\n<p>Wir nehmen Ihre \u00c4ngste ernst und sind stets f\u00fcr Sie ansprechbar. Melden Sie bitte jeden verd\u00e4chtigen Sachverhalt sofort bei Ihrer Polizeidienststelle oder \u00fcber Notruf. Nur so k\u00f6nnen wir auch Ermittlungen aufnehmen. Denn wir k\u00fcmmern uns und gehen jedem Hinweis nach. Auf der Internetseite der polizeilichen Kriminalpr\u00e4vention&nbsp;<a target=\"_blank\" rel=\"noreferrer noopener\" href=\"https:\/\/www.polizei-beratung.de\/\">www.polizei-beratung.de<\/a>&nbsp;finden Sie weitere umfangreiche Informationen zu diesem Thema.<\/p>\n\n\n\n<h3 class=\"wp-block-heading\"><em>In unserem Flyer &#8222;Verd\u00e4chtige Ansprache von Kindern&#8220; unter&nbsp;<a href=\"https:\/\/s.rlp.de\/46BYv\" target=\"_blank\" rel=\"noreferrer noopener\">https:\/\/s.rlp.de\/46BYv<\/a>&nbsp;bzw. auf der Internetseite der polizeilichen Kriminalpr\u00e4vention&nbsp;<a href=\"https:\/\/www.polizei-beratung.de\/\" target=\"_blank\" rel=\"noreferrer noopener\">www.polizei-beratung.de<\/a>&nbsp;finden Sie weitere umfangreiche Informationen zu diesem Thema.<\/em><\/h3>\n\n\n\n<h2 class=\"wp-block-heading\">(Frankenthal) &#8211; Nach Verkehrsunfallflucht Zeugen gesucht!<\/h2>\n\n\n\n<p><a href=\"https:\/\/www.facebook.com\/sharer.php?u=https%3A%2F%2Fwww.presseportal.de%2Fblaulicht%2Fpm%2F117688%2F5779339%2F%3Futm_source%3Dfacebook%26utm_medium%3Dsocial\"><\/a><a href=\"https:\/\/twitter.com\/intent\/tweet?text=POL-PDLU%3A%20Frankenthal%20%28Pfalz%29%20-%20Nach%20Verkehrsunfallflucht%20Zeugen%20gesucht%21&amp;url=https%3A%2F%2Fwww.presseportal.de%2Fblaulicht%2Fpm%2F117688%2F5779339%2F%3Futm_source%3Dtwitter%26utm_medium%3Dsocial&amp;hashtags=ots&amp;lang=de\"><\/a><a href=\"https:\/\/web.whatsapp.com\/send?text=POL-PDLU%3A%20Frankenthal%20%28Pfalz%29%20-%20Nach%20Verkehrsunfallflucht%20Zeugen%20gesucht%21%0A%0Ahttps%3A%2F%2Fwww.presseportal.de%2Fblaulicht%2Fpm%2F117688%2F5779339%2F%3Futm_source%3Dwhatsapp%26utm_medium%3Dsocial\"><\/a><a href=\"https:\/\/www.xing.com\/app\/user?op=share;url=https%3A%2F%2Fwww.presseportal.de%2Fblaulicht%2Fpm%2F117688%2F5779339%2F%3Futm_source%3Dxing%26utm_medium%3Dsocial\"><\/a><a href=\"http:\/\/www.linkedin.com\/shareArticle?mini=true&amp;url=https%3A%2F%2Fwww.presseportal.de%2Fblaulicht%2Fpm%2F117688%2F5779339%2F%3Futm_source%3Dlinkedin%26utm_medium%3Dsocial&amp;title=POL-PDLU%3A+Frankenthal+%28Pfalz%29+-+Nach+Verkehrsunfallflucht+Zeugen+gesucht%21\"><\/a><a href=\"mailto:?subject=POL-PDLU%3A%20Frankenthal%20%28Pfalz%29%20-%20Nach%20Verkehrsunfallflucht%20Zeugen%20gesucht%21&amp;body=https:\/\/www.presseportal.de\/blaulicht\/pm\/117688\/5779339\"><\/a>Am Montag, den 13.05.2024, gegen 15:20 Uhr, kollidierte ein rotes Abschleppfahrzeug beim Wenden mit einem Verkehrszeichen in der Sonnenstra\u00dfe in Frankenthal und verursachte Sachschaden. Der Fahrer entfernte sich darauf folgend unerlaubt vom Unfallort.<\/p>\n\n\n\n<p>Die Polizei Frankenthal sucht nun nach Zeugen, welche den Unfallhergang beobachtet haben und Angaben zum fl\u00fcchtigen Auto machen k\u00f6nnen.<\/p>\n\n\n\n<p>Die Polizei weist darauf hin, dass Unerlaubtes Entfernen vom Unfallort kein Kavaliersdelikt ist! Der fl\u00fcchtige Fahrer muss mit einer Geld- oder Freiheitsstrafe bis zu 3 Jahren und evtl. mit einem F\u00fchrerscheinentzug rechnen. Au\u00dferdem kann der Fl\u00fcchtige den Kaskoschutz seiner Kfz-Versicherung verlieren und von seiner Versicherung an der Begleichung des Fremdschadens beteiligt werden. Die Polizei r\u00e4t deshalb jeden Unfall zu melden.<\/p>\n\n\n\n<p>Wir wollen, dass Sie sicher Leben &#8211; ihre Polizei Frankenthal.<\/p>\n\n\n\n<ul>\n<li><strong>Zeugen werden gebeten sich an die Polizeiinspektion Frankenthal unter der Tel.-Nr.: 06233\/313-0 oder an die Polizeiwache Maxdorf unter der Tel.-Nr.: 06237\/934-1100 zu wenden. Gerne nehmen wir Ihre Hinweise auch per E-Mail unter&nbsp;<a href=\"mailto:%20pifrankenthal@polizei.rlp.de\">pifrankenthal@polizei.rlp.de<\/a>&nbsp;entgegen.<\/strong><\/li>\n<\/ul>\n\n\n\n<h2 class=\"wp-block-heading\">(Frankenthal) &#8211; Nach Verkehrsunfallflucht Zeugen gesucht! II<\/h2>\n\n\n\n<p>Am Montag, den 13.05.2024, gegen 08:20 Uhr, kam es im Kreuzungsbereich Carl-Theodor-Stra\u00dfe\/Karolinenstra\u00dfe in Frankenthal zu einem Verkehrsunfall zwischen einem Radfahrer und einem hellen Auto. Der Autofahrer missachtete hierbei die Vorfahrt des Radfahrers, welcher in Folge dessen zu Boden st\u00fcrzte. Ohne seinen Pflichten als Unfallbeteiligter nachzukommen, entfernte sich der Autofahrer unerlaubt vom Unfallort. Die Polizei Frankenthal sucht nun nach Zeugen, welche den Unfallhergang beobachtet haben und Angaben zum fl\u00fcchtigen Auto machen k\u00f6nnen. Die Polizei weist darauf hin, dass Unerlaubtes Entfernen vom Unfallort kein Kavaliersdelikt ist! Der fl\u00fcchtige Fahrer muss mit einer Geld- oder Freiheitsstrafe bis zu 3 Jahren und evtl. mit einem F\u00fchrerscheinentzug rechnen. Au\u00dferdem kann der Fl\u00fcchtige den Kaskoschutz seiner Kfz-Versicherung verlieren und von seiner Versicherung an der Begleichung des Fremdschadens beteiligt werden. Die Polizei r\u00e4t deshalb jeden Unfall zu melden.<\/p>\n\n\n\n<p>Wir wollen, dass Sie sicher Leben &#8211; ihre Polizei Frankenthal.<\/p>\n\n\n\n<ul>\n<li><strong>Zeugen werden gebeten sich an die Polizeiinspektion Frankenthal unter der Tel.-Nr.: 06233\/313-0 oder an die Polizeiwache Maxdorf unter der Tel.-Nr.: 06237\/934-1100 zu wenden. Gerne nehmen wir Ihre Hinweise auch per E-Mail unter&nbsp;<a href=\"mailto:%20pifrankenthal@polizei.rlp.de\">pifrankenthal@polizei.rlp.de<\/a>&nbsp;entgegen.<\/strong><\/li>\n<\/ul>\n\n\n\n<h2 class=\"wp-block-heading\">(Frankenthal) &#8211; Komplettentwendung eines Zigarettenautomaten<\/h2>\n\n\n\n<p>In der Nacht auf Montag, gegen 01:20 Uhr, entwendeten unbekannte T\u00e4ter einen Zigarettenautomaten, welcher im Carl-Bosch-Ring an einer Hauswand angebracht war. Ein Zeuge konnte mehrere T\u00e4ter bei der Tathandlung beobachten und informierte die Polizei, welche nun die Ermittlungen aufgenommen hat. Der entstandene Sachschaden kann bisher nicht benannt werden.<\/p>\n\n\n\n<ul>\n<li><strong>Zeugen werden gebeten sich an die Polizeiinspektion Frankenthal unter der Tel.-Nr.: 06233\/313-0 oder an die Polizeiwache Maxdorf unter der Tel.-Nr.: 06237\/934-1100 zu wenden. Gerne nehmen wir Ihre Hinweise auch per E-Mail unter&nbsp;<a href=\"mailto:%20pifrankenthal@polizei.rlp.de\">pifrankenthal@polizei.rlp.de<\/a>&nbsp;entgegen.<\/strong><\/li>\n<\/ul>\n\n\n\n<h2 class=\"wp-block-heading\">(Ludwigshafen) &#8211; Trunkenheitsfahrt<\/h2>\n\n\n\n<p>In der Nacht zu Mittwoch (15.05.2024), gegen 00:05 Uhr, kontrollierten Polizeikr\u00e4fte in der Ludwigstra\u00dfe einen 25-j\u00e4hrigen Autofahrer. Hierbei konnten sie Hinweise auf Bet\u00e4ubungsmittelkonsum erlangen. Ein freiwilliger Urintest ergab bei dem 25-J\u00e4hrigen Hinweise auf den Konsum von Kokain, Amphetamin und Metamphetamin. Der Mann wurde zu einer Polizeidienststelle gebracht, wo ihm eine Blutprobe entnommen wurde.<\/p>\n\n\n\n<p>Der Einfluss von Alkohol oder anderen berauschenden Mitteln stellt eine Hauptunfallursache dar. Wer berauscht f\u00e4hrt, gef\u00e4hrdet nicht nur sich, sondern auch Andere. Gegen den unter Drogeneinfluss stehenden Fahrzeugf\u00fchrer wurde ein Ordnungswidrigkeitenverfahren eingeleitet. Au\u00dferdem wird die F\u00fchrerscheinstelle die Geeignetheit des Fahrers \u00fcberpr\u00fcfen.<\/p>\n\n\n\n<h2 class=\"wp-block-heading\">(Ludwigshafen) &#8211; Brand in Kleingartenanlage<\/h2>\n\n\n\n<p>Am sp\u00e4ten Dienstagabend (14.05.2024), gegen 23:00 Uhr, meldete ein Zeuge eine Rauchentwicklung aus einer Kleingartenanlage in der Speyerer Stra\u00dfe. Die Feuerwehr konnte den Brand eines Gartenhauses feststellen und l\u00f6schen. Nach ersten Ermittlungen k\u00f6nnte ein technischer Defekt in dem Gartenhaus brandurs\u00e4chlich gewesen sein.<\/p>\n\n\n\n<h2 class=\"wp-block-heading\">(Ludwigshafen) &#8211; Aktuelle Verkehrsbeeintr\u00e4chtigung nach Unfall mit Stra\u00dfenbahn<\/h2>\n\n\n\n<p>Am Dienstag (14.05.2024) kam es gegen 15 Uhr zu einem Unfall zwischen einem Auto und einer Stra\u00dfenbahn in der Saarlandstra\u00dfe (Ecke Richard-Dehmel-Stra\u00dfe). Die Saarlandstra\u00dfe ist derzeit aufgrund der Unfallaufnahme und Bergung gesperrt. Aktuell kann es dadurch zu Verkehrsbeeintr\u00e4chtigungen in der Innenstadt kommen. Wir bitten Ortskundige den Bereich zu umfahren.<\/p>\n\n\n\n<h3 class=\"wp-block-heading has-text-align-center\">Nachtrag Pressemeldung <\/h3>\n\n\n\n<p>Nach ersten Ermittlungen war eine 57-j\u00e4hrige Autofahrerin auf der Saarlandstra\u00dfe in Richtung Heinigstra\u00dfe unterwegs und wollte an der Einm\u00fcndung zur Pestalozzistra\u00dfe verbotswidrig nach links in die Stra\u00dfe abbiegen. Hierbei kollidierte sie mit der parallel zu ihr, in gleicher Richtung fahrenden Stra\u00dfenbahn. Die 57-J\u00e4hrige wurde verletzt und in ein Krankenhaus gebracht. Ihr Fahrzeug musste abgeschleppt werden. Die Fahrbahn der Saarlandstra\u00dfe war f\u00fcr die Unfallaufnahme bis circa 16:00 Uhr gesperrt.<\/p>\n\n\n\n<h2 class=\"wp-block-heading\">(Ludwigshafen) &#8211; Radfahrer bei Unfall verletzt<\/h2>\n\n\n\n<p>Am Dienstagmittag (14.05.2024), gegen 13:00 Uhr, kam es in der Hauptstra\u00dfe an der Einm\u00fcndung zur der Stra\u00dfe In der M\u00f6rschgewanne zu einem Unfall zwischen einem 64-j\u00e4hrigen Radfahrer und einer 83-j\u00e4hrigen Autofahrerin. Der 64-J\u00e4hrige wurde hierbei leicht verletzt und durch den Rettungsdienst in ein Krankenhaus gebracht.<\/p>\n\n\n\n<h2 class=\"wp-block-heading\">(Ludwigshafen) &#8211; Zigarettenautomat aufgebrochen \/ Zeugen gesucht<\/h2>\n\n\n\n<p>Zwischen Montag (13.05.2024), 20:00 Uhr, und Dienstag (14.05.2024), 08:30 Uhr, brachen Unbekannte einen Zigarettenautomaten in der Wingertstra\u00dfe auf. Die genaue Schadensh\u00f6he ist noch nicht bekannt.<\/p>\n\n\n\n<ul>\n<li><strong>Wer hat die Tat beobachtet und kann Hinweise auf die T\u00e4ter geben? Hinweise werden an die Polizeiwache Oggersheim unter Tel. 0621 963 &#8211; 2403 oder per E-Mail&nbsp;<a href=\"mailto:%20pwoggersheim@polizei.rlp.de\">pwoggersheim@polizei.rlp.de<\/a>&nbsp;erbeten.<\/strong><\/li>\n<\/ul>\n\n\n\n<h2 class=\"wp-block-heading\">(Ludwigshafen) &#8211; E-Bike gestohlen \/ Zeugen gesucht<\/h2>\n\n\n\n<p>Am fr\u00fchen Dienstagmorgen (14.05.2024), gegen 03:00 Uhr, wurde ein Anwohner der Stra\u00dfe Am Weidenschlag durch ein lautes Ger\u00e4usch geweckt. Als er aus dem Fenster schaute stellte er fest, dass sein, an den Fahrradst\u00e4ndern vor seinem Haus angeschlossenes, E-Bike im Wert von circa 3.000 Euro entwendet wurde.<\/p>\n\n\n\n<ul>\n<li><strong>Wer hat die Tat beobachtet oder kann Hinweise auf die T\u00e4ter geben? Hinweise werden an die Polizeiwache Oggersheim unter Tel. 0621 963 &#8211; 2403 oder per E-Mail&nbsp;<a href=\"mailto:%20pwoggersheim@polizei.rlp.de\">pwoggersheim@polizei.rlp.de<\/a>&nbsp;erbeten.<\/strong><\/li>\n<\/ul>\n\n\n\n<h2 class=\"wp-block-heading\">(Ludwigshafen) &#8211; Fahrzeuge auf Firmengel\u00e4nde aufgebrochen \/ Zeugen gesucht<\/h2>\n\n\n\n<p>In der Nacht auf Dienstag (14.05.2024), gegen 01:00 Uhr, verschafften sich Unbekannte Zutritt zu einem Firmengel\u00e4nde in der Ludwig-Reichling-Stra\u00dfe und brachen zwei dort abgestellte Fahrzeuge auf. Nach ersten Ermittlungen wurden hierbei Werkzeuge im Wert von circa 6.000 Euro entwendet.<\/p>\n\n\n\n<ul>\n<li><strong>Wer hat die Tat beobachtet und kann Hinweise auf die T\u00e4ter geben? Hinweise bitte an die Polizeiinspektion Ludwigshafen 1, Telefonnummer 0621 963-2122 oder per E-Mail&nbsp;<a href=\"mailto:%20piludwigshafen1@polizei.rlp.de\">piludwigshafen1@polizei.rlp.de<\/a>&nbsp;.<\/strong><\/li>\n<\/ul>\n\n\n\n<h2 class=\"wp-block-heading\">(Ludwigshafen) &#8211; Rollerfahrer bei Unfall verletzt<\/h2>\n\n\n\n<p>In der Nacht auf Dienstag (14.05.2024), gegen 00:25 Uhr, kam es in der Leuschnerstra\u00dfe zu einem Verkehrsunfall zwischen dem 20-j\u00e4hrigen Fahrer eines Motorrollers und einem 41-j\u00e4hrigen Autofahrer, nachdem der 20-J\u00e4hrige zu nah hinter dem vorausfahrenden Auto hergefahren war und unvermittelt bremsen musste. Der Rollerfahrer st\u00fcrzte, verletzte sich und wurde durch den Rettungsdienst in ein Krankenhaus gebracht. Sein Roller fiel hierbei gegen ein geparktes Fahrzeug und verursachte Sachschaden.<\/p>\n\n\n\n<h2 class=\"wp-block-heading\">(Ludwigshafen) &#8211; Unfall mit hohem Sachschaden \/ Zeugen gesucht<\/h2>\n\n\n\n<p>Am Montagabend (13.05.2024), gegen 18:00 Uhr, ereignete sich an der Kreuzung der Heinigstra\u00dfe mit der Kaiser-Wilhelm-Stra\u00dfe ein Verkehrsunfall zwischen zwei 50- und 58-j\u00e4hrigen Autofahrern. Beide unfallbeteiligten Fahrzeuge waren nicht mehr fahrbereit und mussten abgeschleppt werden. Es entstand Sachschaden in H\u00f6he von circa 50.000 Euro.<\/p>\n\n\n\n<ul>\n<li><strong>Da die Unfallbeteiligten unterschiedliche Angaben zum Hergang machen werden nun Zeugen gesucht, die den Unfall beobachtet haben. Hinweise bitte an die Polizeiinspektion Ludwigshafen 1, Telefonnummer 0621 963-2122 oder per E-Mail&nbsp;<a href=\"mailto:%20piludwigshafen1@polizei.rlp.de\">piludwigshafen1@polizei.rlp.de<\/a>&nbsp;.<\/strong><\/li>\n<\/ul>\n\n\n\n<h2 class=\"wp-block-heading\">(Ludwigshafen) &#8211; Exhibitionist gefasst<\/h2>\n\n\n\n<p>Am Montagnachmittag (13.05.2024), gegen 14:30 Uhr, meldete eine Zeugin einen 36-J\u00e4hrigen, welcher auf einer Wiese in der Rheinuferstra\u00dfe sexuelle Handlungen an sich selbst vornahm. Polizeikr\u00e4fte konnten den Mann wenig sp\u00e4ter in einem Supermarkt in der Ludwigstra\u00dfe antreffen. Er wurde zu einer Polizeidienstelle gebracht und erkennungsdienstlich behandelt.<\/p>\n\n\n\n<h2 class=\"wp-block-heading\">(Ludwigshafen) &#8211; Einbruch in Rohbau \/ Zeugen gesucht<\/h2>\n\n\n\n<p>Zwischen Samstagnachmittag (11.05.2024), 15:00 Uhr und Montagmorgen (13.05.2024), 07:30 Uhr, brachen Unbekannte in den Rohbau eines B\u00fcrogeb\u00e4udes in der Ludwig-Reichling-Stra\u00dfe ein und entwendeten mehrere Werkzeuge im Wert von circa 6.000 Euro.<\/p>\n\n\n\n<ul>\n<li><strong>Wer hat die Tat beobachtet und kann Hinweise auf die T\u00e4ter geben? Hinweise bitte an die Polizeiinspektion Ludwigshafen 1, Telefonnummer 0621 963-2122 oder per E-Mail&nbsp;<a href=\"mailto:%20piludwigshafen1@polizei.rlp.de\">piludwigshafen1@polizei.rlp.de<\/a>&nbsp;.<\/strong><\/li>\n<\/ul>\n\n\n\n<h2 class=\"wp-block-heading\">(Ludwigshafen) &#8211; Verkehrsgef\u00e4hrdung \/ Zeugen gesucht<\/h2>\n\n\n\n<p>Am Sonntagabend (12.05.2024), gegen 22:20 Uhr, fiel Polizeikr\u00e4ften der Fahrer eines schwarzen Audi SUV auf, da dieser auf der Mundenheimer Stra\u00dfe aus unersichtlichen Gr\u00fcnden auf die Gegenfahrbahn gefahren war. Als die die Polizeikr\u00e4fte den Fahrer kontrollieren wollten, hielt dieser zun\u00e4chst auf H\u00f6he des Bgm.-Kraft-Platzes am Fahrbahnrand an, gab dann unvermittelt Gas und fl\u00fcchtete auf der Mundenheimer Stra\u00dfe in Richtung Yorckstra\u00dfe. Hierbei \u00fcberholte er mehrere Fahrzeuge \u00fcber die Gegenfahrbahn und gef\u00e4hrdete in der Dammstra\u00dfe mehrere Fu\u00dfg\u00e4nger. An der Kreuzung Berliner Stra\u00dfe \/ Wredestra\u00dfe verloren die Polizeikr\u00e4fte den Sichtkontakt zu dem Fahrzeug. Dieses wurde sp\u00e4ter in der Lutherstra\u00dfe verlassen aufgefunden. Das Auto wurde sichergestellt. Die Ermittlungen nach dem Fahrzeugf\u00fchrer dauern an.<\/p>\n\n\n\n<ul>\n<li><strong>Zeugen des Vorfalls, vor allem gef\u00e4hrdete Verkehrsteilnehmer, werden gebeten, sich an die Polizeiinspektion Ludwigshafen 1, Telefonnummer 0621 963-2122 zu wenden.<\/strong><\/li>\n<\/ul>\n\n\n\n<h2 class=\"wp-block-heading\">(Ludwigshafen) &#8211; K\u00f6rperverletzung \/ Zeugen gesucht<\/h2>\n\n\n<div class=\"wp-block-image\">\n<figure class=\"aligncenter size-full\"><img decoding=\"async\" loading=\"lazy\" width=\"800\" height=\"533\" src=\"https:\/\/speyer24news.com\/wp-content\/uploads\/2021\/11\/Schlaegerei.jpg\" alt=\"\" class=\"wp-image-42366\" srcset=\"https:\/\/speyer24news.com\/wp-content\/uploads\/2021\/11\/Schlaegerei.jpg 800w, https:\/\/speyer24news.com\/wp-content\/uploads\/2021\/11\/Schlaegerei-300x200.jpg 300w, https:\/\/speyer24news.com\/wp-content\/uploads\/2021\/11\/Schlaegerei-768x512.jpg 768w\" sizes=\"(max-width: 800px) 100vw, 800px\" \/><figcaption class=\"wp-element-caption\">Beispielbild Schl\u00e4gerei \/ K\u00f6rperverletzung, dient lediglich der Visualisierung<\/figcaption><\/figure><\/div>\n\n\n<p>Am Sonntag (12.05.2024), um 18:00 Uhr, waren ein 29-J\u00e4hriger und seine Lebensgef\u00e4hrtin zu Fu\u00df in der Bismarckstra\u00dfe unterwegs, als auf H\u00f6he der Bahnhofstra\u00dfe eine Gruppe von f\u00fcnf M\u00e4nnern auf sie zukam. Ein Mann aus der Gruppe habe dem 29-J\u00e4hrigen unvermittelt und ohne Vorwarnung einen Kopfsto\u00df verpasst, worauf es zu einer Rangelei zwischen den beiden M\u00e4nnern kam. Der Angreifer fl\u00fcchtete mit seinen Begleitern schlie\u00dflich in Richtung Heinigstra\u00dfe. <\/p>\n\n\n\n<h4 class=\"wp-block-heading\">Er wurde beschrieben als:<\/h4>\n\n\n\n<ul>\n<li><strong>circa 30-40 Jahre alt<\/strong><\/li>\n\n\n\n<li><strong>circa 1,70 Meter gro\u00df<\/strong><\/li>\n\n\n\n<li><strong>dunkelhaarig<\/strong><\/li>\n\n\n\n<li><strong>mit dunklem Bart <\/strong><\/li>\n\n\n\n<li><strong>mit dunkler Kappe und dunkler Jacke bekleidet.<\/strong><\/li>\n<\/ul>\n\n\n\n<ul>\n<li><strong>Wer hat die Tat beobachtet oder kann Hinweise auf den T\u00e4ter geben? Hinweise bitte an die Polizeiinspektion Ludwigshafen 1, Telefonnummer 0621 963-2122 oder per E-Mail&nbsp;<a href=\"mailto:%20piludwigshafen1@polizei.rlp.de\">piludwigshafen1@polizei.rlp.de<\/a>&nbsp;.<\/strong><\/li>\n<\/ul>\n\n\n\n<h2 class=\"wp-block-heading\">(Ludwigshafen) &#8211; Wohnungseinbruch \/ Zeugen gesucht<\/h2>\n\n\n\n<p>Am Sonntag (12.05.2024), zwischen 17:30 und 17:45 Uhr, brachen Unbekannte in eine Wohnung eines Mehrfamilienhauses in der Knollstra\u00dfe ein und entwendeten Bargeld und Schmuck im Wert von circa 1.300 Euro.<\/p>\n\n\n\n<ul>\n<li><strong>Wer hat die Tat beobachtet oder kann Hinweise auf die T\u00e4ter geben? Hinweise nimmt die Kriminalpolizei Ludwigshafen unter der Telefonnummer 0621 963-2773 oder per E-Mail&nbsp;<a href=\"mailto:%20kiludwigshafen.k1.kdd@polizei.rlp.de\">kiludwigshafen.k1.kdd@polizei.rlp.de<\/a>&nbsp;entgegen.<\/strong><\/li>\n<\/ul>\n\n\n\n<h2 class=\"wp-block-heading\">(Ludwigshafen) &#8211; Autofahrerin bei Unfall verletzt<\/h2>\n\n\n\n<p>Am Sonntagnachmittag (12.05.2024), gegen 15:00 Uhr, kam es an der Einm\u00fcndung Pasadenaallee zur Ludwig-Bertram-Stra\u00dfe zu einem Verkehrsunfall, nachdem eine 31-J\u00e4hrige unerlaubterweise nach links in die Ludwig-Bertram-Stra\u00dfe einbog und mit dem entgegenkommenden Auto einer 28-J\u00e4hrigen kollidierte. Die 28-J\u00e4hrige wurde leicht verletzt. Das Auto der 31-J\u00e4hrigen wurde au\u00dferdem auf ein an der Einm\u00fcndung wartendes Auto geschleudert. Die Fahrzeuge der 28-J\u00e4hrigen und der 31-J\u00e4hrigen mussten abgeschleppt werden. Der Sachschaden bel\u00e4uft sich auf circa 15.000 Euro.<\/p>\n\n\n\n<h2 class=\"wp-block-heading\">(Ludwigshafen) &#8211; Autos aufgebrochen \/ Zeugen gesucht<\/h2>\n\n\n\n<p>Zwischen Samstag, 08:00 Uhr und Sonntag, 13:00 Uhr, (11.05.2024 &#8211; 12.05.2024) brachen Unbekannte ein in einer Tiefgarage in der Otto-Stabel-Stra\u00dfe abgestelltes Fahrzeug auf. Entwendet wurde nichts.<\/p>\n\n\n\n<p>Zwischen Samstagabend, 21:00 Uhr und Sonntagmittag, 14:30 Uhr, wurden zwei, ebenfalls in einer Tiefgarage in der Paul-Klee-Stra\u00dfe abgestellte Fahrzeuge aufgebrochen. Hier entwendeten die unbekannten T\u00e4ter einen Geldbeutel.<\/p>\n\n\n\n<ul>\n<li><strong>Wer hat etwas beobachtet und kann Hinweise auf die T\u00e4ter geben? Hinweise bitte an die Polizeiinspektion Ludwigshafen 1, Telefonnummer 0621 963-2122 oder per E-Mail&nbsp;<a href=\"mailto:%20piludwigshafen1@polizei.rlp.de\">piludwigshafen1@polizei.rlp.de<\/a>&nbsp;.<\/strong><\/li>\n<\/ul>\n\n\n\n<p>Auto-Einbrecher haben es in der Regel besonders auf Navigationsger\u00e4te, Mobiltelefone, Notebooks sowie sonstige zur\u00fcckgelassene Wertsachen wie Handtaschen oder Kleidung mit Scheckkarten, Papieren und Bargeld abgesehen. Es ist davon auszugehen, dass die T\u00e4ter die Parkpl\u00e4tze beobachten und kurz nach Abstellen eines Pkw sofort agieren. Aus diesem Grund ist besonders in der dunklen Jahreszeit in den Abendstunden erh\u00f6hte Sorgfalt beim Abstellen und Verlassen des eigenen Fahrzeugs geboten. Verschlie\u00dfen Sie Ihr Fahrzeug auch bei kurzer Parkdauer und \u00fcberpr\u00fcfen Sie den Schlie\u00dfzustand. Achten Sie beim Verlassen des Fahrzeugs auf verd\u00e4chtige Personen in Ihrem Umkreis. Lassen Sie keine Wertgegenst\u00e4nde sichtbar im Fahrzeug zur\u00fcck. Selbst bei Kleinstgegenst\u00e4nden, ergibt sich ein Anreiz f\u00fcr den T\u00e4ter.<\/p>\n\n\n\n<h3 class=\"wp-block-heading\"><em>Weiterf\u00fchrende Informationen zu diesem und auch anderen Themen finden Sie auf der Internetpr\u00e4senz der polizeilichen Kriminalpr\u00e4vention unter&nbsp;<a href=\"https:\/\/www.polizei-beratung.de\/\" target=\"_blank\" rel=\"noreferrer noopener\">www.polizei-beratung.de<\/a>&nbsp;.<\/em><\/h3>\n\n\n\n<h2 class=\"wp-block-heading\">(Ludwigshafen) &#8211; Einbruch in Kiosk \/ Zeugen gesucht<\/h2>\n\n\n\n<p>Am fr\u00fchen Sonntagmorgen (12.05.2024), gegen 06:00 Uhr, schlugen Unbekannte die Scheibe eines Kiosks in der Ludwigsstra\u00dfe ein und entwendeten mehrere Gegenst\u00e4nde aus der Auslage. Die Schadensh\u00f6he ist noch nicht bekannt.<\/p>\n\n\n\n<ul>\n<li><strong>Wer hat die Tat beobachtet und kann Hinweise auf die T\u00e4ter geben? Hinweise bitte an die Polizeiinspektion Ludwigshafen 1, Telefonnummer 0621 963-2122 oder per E-Mail&nbsp;<a href=\"mailto:%20piludwigshafen1@polizei.rlp.de\">piludwigshafen1@polizei.rlp.de<\/a>&nbsp;.<\/strong><\/li>\n<\/ul>\n\n\n\n<h2 class=\"wp-block-heading\">(Ludwigshafen) &#8211; Sexueller \u00dcbergriff \/ Zeugen gesucht<\/h2>\n\n\n\n<h3 class=\"wp-block-heading\">Gemeinsame Pressemitteilung der Staatsanwaltschaft Frankenthal (Pfalz) und des Polizeipr\u00e4sidiums Rheinpfalz<\/h3>\n\n\n<div class=\"wp-block-image\">\n<figure class=\"aligncenter size-full\"><img decoding=\"async\" loading=\"lazy\" width=\"801\" height=\"600\" src=\"https:\/\/speyer24news.com\/wp-content\/uploads\/2020\/05\/Zeugen-gesucht-Neutral.jpg\" alt=\"\" class=\"wp-image-26598\" srcset=\"https:\/\/speyer24news.com\/wp-content\/uploads\/2020\/05\/Zeugen-gesucht-Neutral.jpg 801w, https:\/\/speyer24news.com\/wp-content\/uploads\/2020\/05\/Zeugen-gesucht-Neutral-300x225.jpg 300w, https:\/\/speyer24news.com\/wp-content\/uploads\/2020\/05\/Zeugen-gesucht-Neutral-768x575.jpg 768w, https:\/\/speyer24news.com\/wp-content\/uploads\/2020\/05\/Zeugen-gesucht-Neutral-678x509.jpg 678w, https:\/\/speyer24news.com\/wp-content\/uploads\/2020\/05\/Zeugen-gesucht-Neutral-326x245.jpg 326w, https:\/\/speyer24news.com\/wp-content\/uploads\/2020\/05\/Zeugen-gesucht-Neutral-80x60.jpg 80w\" sizes=\"(max-width: 801px) 100vw, 801px\" \/><\/figure><\/div>\n\n\n<p>In der Nacht auf Donnerstag (09.05.2024), gegen 00:45 Uhr, soll es in der Dessauer Stra\u00dfe zu einem sexuellen \u00dcbergriff durch drei M\u00e4nner zum Nachteil einer 57-J\u00e4hrigen gekommen sein. Die T\u00e4ter flohen im Anschluss zu Fu\u00df in Richtung Zollhof. <\/p>\n\n\n\n<h4 class=\"wp-block-heading\">Die Gesch\u00e4digte beschrieb sie als:<\/h4>\n\n\n\n<ul>\n<li><strong>circa 20 Jahre<\/strong><\/li>\n\n\n\n<li><strong>dunkel gekleidet mit schwarzen, nach hinten gegelten Haaren<\/strong><\/li>\n<\/ul>\n\n\n\n<ul>\n<li><strong>Zeugen, die den Vorfall beobachtet haben oder Hinweise auf die Identit\u00e4t der M\u00e4nner geben k\u00f6nnen, werden gebeten, sich unter der Telefonnummer 0621 963-2773 oder per E-Mail&nbsp;<a href=\"mailto:%20kiludwigshafen.k1.kdd@polizei.rlp.de\">kiludwigshafen.k1.kdd@polizei.rlp.de<\/a>&nbsp;an die Kriminalpolizei Ludwigshafen zu wenden.<\/strong><\/li>\n<\/ul>\n\n\n\n<h2 class=\"wp-block-heading\">(Ludwigshafen) &#8211; Exhibitionist \/ Zeugen gesucht<\/h2>\n\n\n<div class=\"wp-block-image\">\n<figure class=\"aligncenter size-full\"><img decoding=\"async\" loading=\"lazy\" width=\"500\" height=\"1000\" src=\"https:\/\/speyer24news.com\/wp-content\/uploads\/2022\/10\/Exhibitionist.png\" alt=\"\" class=\"wp-image-49838\" srcset=\"https:\/\/speyer24news.com\/wp-content\/uploads\/2022\/10\/Exhibitionist.png 500w, https:\/\/speyer24news.com\/wp-content\/uploads\/2022\/10\/Exhibitionist-150x300.png 150w\" sizes=\"(max-width: 500px) 100vw, 500px\" \/><\/figure><\/div>\n\n\n<p>Bereits am Montag, den 06.05.2024, gegen 06:50 Uhr, befand sich eine 12-J\u00e4hrige zu Fu\u00df auf dem Weg zur Schule, als ihr an der Kreuzung der Pr\u00fcmer Stra\u00dfe mit dem Brunnenweg ein viert\u00fcriger, schwarzer Ford \u00e4lteren Baujahres entgegenkam. Der Fahrer des Fords hielt an und fragte das M\u00e4dchen nach dem Weg. Als das Kind ins Auto blickte, konnte sie sehen, dass der Mann sich entbl\u00f6\u00dft hatte. Daraufhin entfernte sich die 12-J\u00e4hrige von dem Fahrzeug. Der Mann fuhr ebenfalls in unbekannte Richtung davon. Der Sachverhalt wurde der Polizei erst am gestrigen Dienstag (14.05.2024) gemeldet.<\/p>\n\n\n\n<h4 class=\"wp-block-heading\">Die Gesch\u00e4digte beschrieb den Mann als:<\/h4>\n\n\n\n<ul>\n<li><strong>Ende 30 oder Anfang 40<\/strong><\/li>\n\n\n\n<li><strong>schlank<\/strong><\/li>\n\n\n\n<li><strong>Er hatte eine Halbglatze und dunkelblonde\/ graue Haare.<\/strong><\/li>\n\n\n\n<li><strong>Er hatte keine Brille oder Bart und trug ein dunkelgraues T-Shirt und eine blau graue Hose.<\/strong><\/li>\n<\/ul>\n\n\n\n<ul>\n<li><strong>Wer hat den Vorfall beobachtet? Wer kann Hinweise zu dem Auto oder dem Mann geben? Hinweise werden an die Polizeiwache Oggersheim unter Tel. 0621 963 &#8211; 2403 oder per E-Mail&nbsp;<a href=\"mailto:%20pwoggersheim@polizei.rlp.de\">pwoggersheim@polizei.rlp.de<\/a>&nbsp;erbeten.<\/strong><\/li>\n<\/ul>\n\n\n\n<p>Meldungen dar\u00fcber, dass Kinder aus Fahrzeugen heraus oder sonst angesprochen werden, beunruhigen alle Eltern und Erziehungsverantwortlichen. <\/p>\n\n\n\n<h4 class=\"wp-block-heading\">Folgende Ratschl\u00e4ge sollten Sie beachten, wenn Kinder davon erz\u00e4hlen, dass sie von Fremden angesprochen wurden:<\/h4>\n\n\n\n<ul>\n<li><strong>Loben Sie Ihr Kind daf\u00fcr, dass es sich Ihnen anvertraut hat.<\/strong><\/li>\n\n\n\n<li><strong>Vermeiden Sie Ger\u00fcchte und beugen Sie somit einer Hysterie in Ihrer Nachbarschaft vor.<\/strong><\/li>\n\n\n\n<li><strong>Wir bitten Sie auf Basis von Ger\u00fcchten keine Falschinformationen zu verbreiten. Teilen Sie keine spekulativen Informationen \u00fcber soziale Netzwerke.<\/strong><\/li>\n\n\n\n<li><strong>Bitte vertrauen Sie bei Ihrer Meinungsbildung nur gesicherten Quellen. Gesicherte Informationen erhalten Sie von Ihrer Polizei unter <a href=\"https:\/\/s.rlp.de\/5vx\" target=\"_blank\" rel=\"noreferrer noopener\">https:\/\/s.rlp.de\/5vx<\/a>.<\/strong><\/li>\n\n\n\n<li><strong>Melden Sie den Vorfall der Polizei. \u00dcber den Polizeinotruf 110 erreichen Sie diese zu jeder Tages- und Nachtzeit.<\/strong><\/li>\n\n\n\n<li><strong>Bereiten Sie Ihre Kinder auf solche Situationen vor.<\/strong><\/li>\n\n\n\n<li><strong>Eltern sollten Verhaltensregeln f\u00fcr den Schulweg und die Freizeit festlegen. -Schicken Sie Ihr Kind m\u00f6glichst nicht allein, sondern in kleinen Gruppen zusammen mit anderen Kindern zur Schule oder zum Spielplatz. Halten Sie es zur P\u00fcnktlichkeit an.<\/strong><\/li>\n<\/ul>\n\n\n\n<p>Wir nehmen Ihre \u00c4ngste ernst und sind stets f\u00fcr Sie ansprechbar. Melden Sie bitte jeden verd\u00e4chtigen Sachverhalt sofort bei Ihrer Polizeidienststelle oder \u00fcber Notruf. Nur so k\u00f6nnen wir auch Ermittlungen aufnehmen. Denn wir k\u00fcmmern uns und gehen jedem Hinweis nach.<\/p>\n\n\n\n<ul>\n<li><strong>In unserem Flyer &#8222;Verd\u00e4chtige Ansprache von Kindern&#8220; unter&nbsp;<a href=\"https:\/\/s.rlp.de\/46BYv\" target=\"_blank\" rel=\"noreferrer noopener\">https:\/\/s.rlp.de\/46BYv<\/a>&nbsp;bzw. auf der Internetseite der polizeilichen Kriminalpr\u00e4vention&nbsp;<a href=\"https:\/\/www.polizei-beratung.de\/\" target=\"_blank\" rel=\"noreferrer noopener\">www.polizei-beratung.de<\/a>&nbsp;finden Sie weitere umfangreiche Informationen zu diesem Thema.<\/strong><\/li>\n<\/ul>\n\n\n\n<h2 class=\"wp-block-heading\">(Mannheim\/Jungbuschhafen) &#8211; Rauchentwicklung in einem Firmengegeb\u00e4ude<\/h2>\n\n\n\n<p>Aktuell befinden sich die Feuerwehr, der Rettungsdienst und die Polizei bei einem Brand auf einem Firmengel\u00e4nde im Jungbuschhafen. Es wird nachberichtet. (<em>15.05.2024 \u2013 17:29<\/em>)<\/p>\n\n\n\n<h3 class=\"wp-block-heading has-text-align-center\">Pressemitteilung Nr. 2<\/h3>\n\n\n\n<p><a href=\"https:\/\/www.facebook.com\/sharer.php?u=https%3A%2F%2Fwww.presseportal.de%2Fblaulicht%2Fpm%2F14915%2F5780327%2F%3Futm_source%3Dfacebook%26utm_medium%3Dsocial\"><\/a><a href=\"https:\/\/twitter.com\/intent\/tweet?text=POL-MA%3A%20Mannheim%2FJungbuschhafen%3A%20Rauchentwicklung%20in%20einem%20Firmengegeb%C3%A4ude%2C%20Pressemitteilung%20Nr%202&amp;url=https%3A%2F%2Fwww.presseportal.de%2Fblaulicht%2Fpm%2F14915%2F5780327%2F%3Futm_source%3Dtwitter%26utm_medium%3Dsocial&amp;hashtags=ots&amp;lang=de\"><\/a><a href=\"https:\/\/web.whatsapp.com\/send?text=POL-MA%3A%20Mannheim%2FJungbuschhafen%3A%20Rauchentwicklung%20in%20einem%20Firmengegeb%C3%A4ude%2C%20Pressemitteilung%20Nr%202%0A%0Ahttps%3A%2F%2Fwww.presseportal.de%2Fblaulicht%2Fpm%2F14915%2F5780327%2F%3Futm_source%3Dwhatsapp%26utm_medium%3Dsocial\"><\/a><a href=\"https:\/\/www.xing.com\/app\/user?op=share;url=https%3A%2F%2Fwww.presseportal.de%2Fblaulicht%2Fpm%2F14915%2F5780327%2F%3Futm_source%3Dxing%26utm_medium%3Dsocial\"><\/a><a href=\"http:\/\/www.linkedin.com\/shareArticle?mini=true&amp;url=https%3A%2F%2Fwww.presseportal.de%2Fblaulicht%2Fpm%2F14915%2F5780327%2F%3Futm_source%3Dlinkedin%26utm_medium%3Dsocial&amp;title=POL-MA%3A+Mannheim%2FJungbuschhafen%3A+Rauchentwicklung+in+einem+Firmengegeb%C3%A4ude%2C+Pressemitteilung+Nr+2\"><\/a><a href=\"mailto:?subject=POL-MA%3A%20Mannheim%2FJungbuschhafen%3A%20Rauchentwicklung%20in%20einem%20Firmengegeb%C3%A4ude%2C%20Pressemitteilung%20Nr%202&amp;body=https:\/\/www.presseportal.de\/blaulicht\/pm\/14915\/5780327\"><\/a>Wie bereits berichtet, kam es zu einem Einsatzgeschehen im Jungbuschhafen. Durch die Feuerwehr wurde das betreffende Firmengel\u00e4nde nach dem Brand abgesucht. Ein Brandherd konnte nicht ausfindig gemacht werden. Nach derzeitigem Stand geht man davon aus, dass eine Deckenbeleuchtung urs\u00e4chlich f\u00fcr die f\u00fcr die Rauchentwicklung war. Es wurde niemand verletzt und es kam auch zu keinem Schaden. Die Einsatzma\u00dfnahmen sind abgeschlossen.<\/p>\n\n\n\n<h2 class=\"wp-block-heading\">(A 6 \/ Mannheim in Richtung Heilbronn) &#8211; Zwischen Sinsheim und Rastst\u00e4tte Kraichgau S\u00fcd Unfall<\/h2>\n\n\n\n<p>Derzeit befinden sich Einsatzkr\u00e4fte bei einem Unfall auf der A 6, zwischen Sinsheim und Rastst\u00e4tte Kraichgau S\u00fcd.<\/p>\n\n\n\n<p>\u00dcber den Unfallhergang oder etwaige Verletzte ist noch nichts bekannt. (<em>15.05.2024 \u2013 10:05<\/em>)<\/p>\n\n\n\n<h3 class=\"wp-block-heading has-text-align-center\">Pressemitteilung Nr. 2<\/h3>\n\n\n\n<p>Bei dem Unfall, welcher sich Mittwochmorgen um 09:55 Uhr zwischen zwei Pkw eriegnet hatte, werden derzeit der mittlere und der rechte Fahrstreifen zur Unfallaufnahme gesperrt. Nach ersten Erkenntnissen wurde ein Pkw, der auf der mittleren Spur unterwegs war, von einem auf dem linken Fahrstreifen fahrenden Pkw \u00fcbersehen. In der Folge kam es zur Kollision, wodurch der auf der mittleren Fahrbahn befindliche Pkw zun\u00e4chst in die Leitplanke abgewiesen wurde und dann entgegen der Fahrtrichtung auf der mittleren Spur wieder zum Stehen kam. Bei dem Unfall wurden 3 Personen verletzt. Das Ausma\u00df der Verletzungen ist bislang noch nicht bekannt.<\/p>\n\n\n\n<p>Es kommt derzeit zu erheblichen Verkehrsbeeintr\u00e4chtigungen.<\/p>\n\n\n\n<h2 class=\"wp-block-heading\">(Mannheim) &#8211; 23-j\u00e4hriger Rennradfahrer verletzt sich bei Verkehrsunfall<\/h2>\n\n\n\n<p>Am Dienstagmorgen gegen 9:30 Uhr fuhr ein 23-j\u00e4hriger Mann mit seinem Rennrad in der Waldstra\u00dfe \u00fcber eine rote Ampel. Hierbei kollidierte der 23-J\u00e4hrige mit dem Polestar eines 21-J\u00e4hrigen, welcher mit seinem Fahrzeug gerade auf der Waldstra\u00dfe in Richtung Mannheim-Sandhofen unterwegs war. Durch den Zusammensto\u00df st\u00fcrzte der Radfahrer zu Boden und verletzte sich schwer. Er wurde durch den Rettungsdienst in ein Krankenhaus gebracht. Der Sachschaden liegt bei 4.000 Euro.<\/p>\n\n\n\n<h2 class=\"wp-block-heading\">(Mannheim) &#8211; Brand im Quadrat G7<\/h2>\n\n\n\n<p>Aktuell befinden sich Einsatzkr\u00e4fte von Feuerwehr, Polizei und Rettungsdienst im Einsatz aufgrund eines Wohnungsbrands im zweiten Obergeschoss eines Hauses im Quadrat G7. Weitere Informationen sind derzeit noch nicht bekannt. Im betroffenen Bereich kann es zu Verkehrsbeeintr\u00e4chtigungen kommen. (<em>14.05.2024 \u2013 16:01<\/em>)<\/p>\n\n\n\n<h3 class=\"wp-block-heading has-text-align-center\">Pressemitteilung Nr. 2<\/h3>\n\n\n\n<p>Gegen 15:45 Uhr brach aus noch unbekannter Ursache ein Brand in einer Wohnung eines Mehrparteienhauses im Quadrat G7 aus. Das Feuer konnte zwischenzeitlich durch die Feuerwehr gel\u00f6scht werden, bevor es auf andere Geb\u00e4udeteile \u00fcbergreifen konnte. In der Wohnung befanden sich keine Personen. Ebenfalls wurde nach derzeitigem Stand niemand verletzt. Die H\u00f6he des Sachschadens ist aktuell noch nicht bekannt. Die Polizei hat die Ermittlungen zur Brandursache aufgenommen.<\/p>\n\n\n\n<h2 class=\"wp-block-heading\">(Mannheim) &#8211; Verkehrsrowdy bespuckt und bedr\u00e4ngt Radfahrerin \/ Polizei sucht Zeugen<\/h2>\n\n\n\n<p>Am Montag fuhr eine 52-J\u00e4hrige mit ihrem Fahrrad auf dem Radweg am Paul-Martin-Ufer in Richtung Heidelberg. Gegen 19 Uhr bemerkte sie einen Rennradfahrer, der sich mit hoher Geschwindigkeit von hinten ann\u00e4herte und zum \u00dcberholen ansetzte. Auf Grund der f\u00fcr sie unangemessen wirkenden Geschwindigkeit ermahnte sie den Unbekannten, etwas langsamer zu fahren. Diesen Ratschlag quittierte der Mann, indem er die Frau anspuckte und abdr\u00e4ngte. Die 52-J\u00e4hrige kam zu Sturz und verletzte sich dabei leicht. Der Unfallverursacher fuhr davon, ohne sich um die am Boden liegende Frau zu k\u00fcmmern. Das Alter des Rennradfahrers wird von der Frau auf Mitte 50 gesch\u00e4tzt. Er trug einen blauen Fahrradhelm. Das Polizeirevier Mannheim-Oststadt nahm die Ermittlungen hinsichtlich der fahrl\u00e4ssigen K\u00f6rperverletzung, der Beleidigung sowie der Unfallflucht auf.<\/p>\n\n\n\n<ul>\n<li><strong>Zeugen, die sachdienliche Hinweise geben k\u00f6nnen, werden gebeten, sich beim Polizeirevier Mannheim-Oststadt unter der Telefonnummer 0621-174-3310 zu melden.<\/strong><\/li>\n<\/ul>\n\n\n\n<h2 class=\"wp-block-heading\">(Mannheim) &#8211; Unbekannte entwenden Sach- und Wertgegenst\u00e4nde aus Pkw \/ 20.000 Euro Schaden &#8211; Zeugen gesucht<\/h2>\n\n\n\n<p>Eine bislang unbekannte T\u00e4terschaft besch\u00e4digte im Zeitraum von Sonntagabend, gegen 19:00 Uhr, bis Montagvormittag, gegen 11:30 Uhr, auf der Fahrerseite eine Fensterscheibe eines VW, der in einer Tiefgarage in der Neckarpromenade abgestellt war. Die Unbekannten gelangten so in das Innere des Fahrzeuges und entwendeten Verpackungs- und Ausstellungsmaterial, Aufsteller, Schmuck und Schmuckboxen im Wert von ungef\u00e4hr 20.000 Euro.<\/p>\n\n\n\n<ul>\n<li><strong>Das Polizeirevier Mannheim-Neckarstadt hat die weiteren Ermittlungen \u00fcbernommen und bittet Zeugen, die sachdienliche Hinweise geben k\u00f6nnen, sich unter der Telefonnummer 0621\/ 3301-0 zu melden.<\/strong><\/li>\n<\/ul>\n\n\n\n<h2 class=\"wp-block-heading\">(Mannheim) &#8211; E-Bike aus Keller entwendet \/ Zeugen gesucht<\/h2>\n\n\n\n<p>Im Zeitraum von Mittwochabend gegen 19 Uhr bis Sonntagfr\u00fch gegen 08 Uhr entwendete eine bislang unbekannte T\u00e4terschaft ein schwarzes E-Bike der Marke Bulls aus dem Keller eines Wohnhauses in der Landwehrstra\u00dfe.<\/p>\n\n\n\n<p>Das Bulls-Modell Copperhead EVO 2 war mit einem Schloss gesichert und hatte einen Wert von knapp 4.300 Euro.<\/p>\n\n\n\n<ul>\n<li><strong>Das Polizeirevier Mannheim-Neckarstadt hat die Ermittlungen wegen des besonders schweren Falls des Diebstahls aufgenommen. Zeugen, die verd\u00e4chtige Wahrnehmungen gemacht haben oder Hinweise auf die Identit\u00e4t der unbekannten T\u00e4terschaft mitteilen k\u00f6nnen, werden gebeten, sich unter der Telefonnummer 0621 3301-0 zu melden.<\/strong><\/li>\n<\/ul>\n\n\n\n<h2 class=\"wp-block-heading\">(Mannheim) &#8211; Einbrecher entwenden Lebensmittel aus Verkaufsstand \/ Zeugen gesucht<\/h2>\n\n\n\n<p>Unbekannte Personen verschafften sich im Zeitraum von Samstagabend gegen 18:00 Uhr und Sonntagmorgen gegen 07:45 Uhr gewaltsam Zutritt zu einem freistehenden Verkaufsstand in der Lampertheimer Stra\u00dfe Ecke Waldstra\u00dfe.<\/p>\n\n\n\n<p>Derzeitigen Ermittlungen zu Folge gelangte die unbekannte T\u00e4terschaft durch die verschlossene Eingangst\u00fcr in den Verkaufsraum und entwendete hieraus 11 S\u00e4cke Kartoffeln, 13 Flaschen Prosecco, 29 Pakete Sauce Hollandaise, 1 Glas Marmelade, 7 Gl\u00e4ser Spargel und 6 Gl\u00e4ser Smoothie. Der Diebstahlsschaden betr\u00e4gt etwa 320 Euro. Die H\u00f6he des Sachschadens kann derzeit nicht beziffert werden.<\/p>\n\n\n\n<p>Das Polizeirevier Mannheim-K\u00e4fertal hat die Ermittlungen aufgenommen. Zeugen, die verd\u00e4chtige Wahrnehmungen gemacht haben oder Hinweise auf die Identit\u00e4t der unbekannten T\u00e4terschaft mitteilen k\u00f6nnen, werden gebeten, sich unter der Telefonnummer 0621 71849-0 zu melden.<\/p>\n\n\n\n<h2 class=\"wp-block-heading\">(Mannheim) &#8211; Einbruch in Wohnwagen \/ Zeugen gesucht<\/h2>\n\n\n\n<p>Am Samstag wurde im Zeitraum zwischen 16:30 Uhr und 18:00 Uhr in einen Wohnwagen eines 53-J\u00e4hrigen eingebrochen. Dieser war im Bereich Neuer Me\u00dfplatz abgestellt, als sich die bislang unbekannte T\u00e4terschaft Zutritt verschaffte und das Portemonnaie samt Inhalt entwendete. Hierin befanden sich neben Ausweisdokumenten auch EC- und Kreditkarten.<\/p>\n\n\n\n<p>Im weiteren Verlauf konnte festgestellt werden, dass es bereits zu mehreren unbefugten Transaktionen mit einer der entwendeten EC-Karte kam.<\/p>\n\n\n\n<ul>\n<li><strong>Die Ermittlungen wurden durch die Kriminalpolizeidirektion Heidelberg \u00fcbernommen. Zeugen, die verd\u00e4chtige Wahrnehmungen gemacht haben oder sachdienliche Hinweise zur bislang unbekannten T\u00e4terschaft mitteilen k\u00f6nnen, werden gebeten, sich unter der Telefonnummer 0621 174-4444 zu melden.<\/strong><\/li>\n<\/ul>\n\n\n\n<h2 class=\"wp-block-heading\">(Mannheim) &#8211; Einbruch in Spielwarenladen<\/h2>\n\n\n\n<p>In der Zeit von Freitag auf Samstag, zwischen 18:00 Uhr und 09:50 Uhr, brachen ein oder mehrere bislang unbekannte T\u00e4ter\/T\u00e4terinnen in einen Spielwarenladen in der Neckarstra\u00dfe ein. Hierzu wurde die Eingangst\u00fcr mit brachialer Gewalt ge\u00f6ffnet und sich so Zutritt verschafft. Im Laden selbst wurden diverse Spielsachen sowie Kuscheltiere und zudem noch Bargeld im mittleren dreistelligen Bereich entwendet. Der Diebstahlsschaden bel\u00e4uft sich auf \u00fcber 1000 EUR. Die T\u00fcr selbst wies einen Schaden von mehreren tausend Euro auf.<\/p>\n\n\n\n<p>Das Polizeirevier Mannheim-K\u00e4fertal hat die Ermittlungen aufgenommen.<\/p>\n\n\n\n<h2 class=\"wp-block-heading\">(Mannheim) &#8211; Mehrere Autos aufgebrochen \/ Zeugen gesucht!<\/h2>\n\n\n\n<p>In der Nacht von Freitag auf Samstag schlug eine derzeit noch unbekannte T\u00e4terschaft an mehreren Fahrzeugen die Scheiben ein, um hieraus Wertgegenst\u00e4nde zu entwenden. Die T\u00e4terschaft gelangte nach derzeitigem Ermittlungsstand auf diese Weise in sechs Fahrzeuge und verursachte einen Gesamtschaden von mehreren tausend Euro.<\/p>\n\n\n\n<ul>\n<li><strong>Der Polizeiposten Mannheim-Schwetzingerstadt hat die weiteren Ermittlungen aufgenommen und sucht Zeugen. Diese werden gebeten, sich unter der Telefonnummer 0621\/441125 zu melden.<\/strong><\/li>\n<\/ul>\n\n\n\n<h2 class=\"wp-block-heading\">(Mannheim) &#8211; Einbruch in den Ratssaal im Stadthaus<\/h2>\n\n\n\n<p>Bislang unbekannte T\u00e4ter\/T\u00e4terinnen verschafften sich in einem bislang unbekannten Zeitraum, vermutlich von Freitag auf Samstag, auf bislang nicht bekannte Weise Zutritt zum Ratssaal im Stadthaus. Im Saal selbst wurden verschiedene Schr\u00e4nke und Container ge\u00f6ffnet und Inhalte auf den Boden des Saals verteilt.<\/p>\n\n\n\n<p>Ob hierbei Gegenst\u00e4nde entwendet wurden, ist bislang noch nicht bekannt. Das Polizeirevier Mannheim-Innenstadt hat die Ermittlungen aufgenommen.<\/p>\n\n\n\n<h2 class=\"wp-block-heading\">(Mannheim) &#8211; 36-J\u00e4hriger wegen des Verdachts des versuchten Totschlags auf Antrag der Staatsanwaltschaft Mannheim in Untersuchungshaft<\/h2>\n\n\n\n<h3 class=\"wp-block-heading\">Gemeinsame Pressemitteilung der Staatsanwaltschaft Mannheim und des Polizeipr\u00e4sidiums Mannheim<\/h3>\n\n\n<div class=\"wp-block-image\">\n<figure class=\"aligncenter size-full\"><img decoding=\"async\" loading=\"lazy\" width=\"800\" height=\"533\" src=\"https:\/\/speyer24news.com\/wp-content\/uploads\/2020\/06\/Zelle.jpg\" alt=\"\" class=\"wp-image-28203\" srcset=\"https:\/\/speyer24news.com\/wp-content\/uploads\/2020\/06\/Zelle.jpg 800w, https:\/\/speyer24news.com\/wp-content\/uploads\/2020\/06\/Zelle-300x200.jpg 300w, https:\/\/speyer24news.com\/wp-content\/uploads\/2020\/06\/Zelle-768x512.jpg 768w\" sizes=\"(max-width: 800px) 100vw, 800px\" \/><figcaption class=\"wp-element-caption\">Beispielbild Zelle \/ Verhaftung, dient lediglich der Visualisierung<\/figcaption><\/figure><\/div>\n\n\n<p>Am Donnerstagabend um 22:30 Uhr kam es aus bislang nicht bekannten Gr\u00fcnden am Hauptbahnhof Mannheim, Willy-Brandt-Platz, zu einer Auseinandersetzung zwischen mehreren Beteiligten, in deren Verlauf ein 36-j\u00e4hriger Tatverd\u00e4chtiger mit einem zuvor abgebrochenen Flaschenhals einen 21-J\u00e4hrigen angegriffen haben soll. Dabei soll er auf den Kopf des 21-j\u00e4hrigen Mannes gezielt haben, wodurch dieser schwere, aber keine lebensgef\u00e4hrlichen Stich- und Schnittverletzungen am Hinterkopf erlitt. Er wurde zur weiteren medizinischen Behandlung in ein nahegelegenes Krankenhaus gebracht. Der 36-j\u00e4hrige Tatverd\u00e4chtige konnte noch vor Ort durch die Polizeibeamtinnen und Polizeibeamten vorl\u00e4ufig festgenommen werden.<\/p>\n\n\n\n<p>Er wurde am Freitag, dem 10. Mai, dem Haft- und Ermittlungsrichter am Amtsgericht Mannheim vorgef\u00fchrt, der den Haftbefehl wegen des Verdachts des versuchten Totschlags in Tateinheit mit gef\u00e4hrlicher K\u00f6rperverletzung erlie\u00df und in Vollzug setzte. Anschlie\u00dfend wurde der Tatverd\u00e4chtige in eine Justizvollzugsanstalt eingeliefert.<\/p>\n\n\n\n<p>Die Ermittlungen der Staatsanwaltschaft Mannheim und des Dezernats f\u00fcr Kapitalverbrechen des Kriminalkommissariats Mannheim dauern derzeit an.<\/p>\n\n\n\n<h2 class=\"wp-block-heading\">(Eppelheim \/ Rhein-Neckar-Kreis) &#8211; Totalschaden und eine Verletzte nach Unfall an Kreuzung<\/h2>\n\n\n\n<p>Am Montag fuhr ein 68-J\u00e4hriger mit seinem BWM auf der Grenzh\u00f6fer Stra\u00dfe von Eppelheim in Richtung Feldgebiet. An der Kreuzung zum Grenzh\u00f6fer Weg missachtete er nach derzeitigem Ermittlungsstand um kurz vor 13 Uhr die Vorfahrt eines von rechts kommenden Peugeot, sodass es zum Unfall kam. Durch die Wucht des Zusammenpralls verlor der Fahrer des BMW die Kontrolle \u00fcber sein Fahrzeug, welches von der Fahrbahn abkam und mit einem Metallger\u00fcst kollidierte. Beim Peugeot wurde die Front eingedr\u00fcckt und die Airbags l\u00f6sten aus. Die 49-j\u00e4hrige Peugeot-Fahrerin kam leicht verletzt in ein Krankenhaus. Beide Autos wiesen durch den Unfall so schwere Besch\u00e4digungen auf, dass sie nicht l\u00e4nger fahrbereit waren und abgeschleppt werden mussten. Das Polizeirevier Heidelberg-S\u00fcd \u00fcbernahm die weiteren Unfallermittlungen.<\/p>\n\n\n\n<h2 class=\"wp-block-heading\">(Eppelheim \/ Rhein-Neckar-Kreis) &#8211; Betr\u00fcger geben sich als Polizeibeamte und Justizangestellte aus \/ Polizei sucht Zeugen<\/h2>\n\n\n\n<p>Am Freitag erhielt eine 82-j\u00e4hrige Eppelheimerin gegen 9 Uhr einen Anruf von einer Frau, die sich als Mitarbeiterin des Amtsgerichts Heidelberg ausgab. Diese erkl\u00e4rte der Seniorin, dass deren Tochter nach einem Unfall verhaftet wurde und nur nach Zahlung einer Kaution wieder freik\u00e4me. Durch diesen Schockanruf \u00fcberrumpelt, erkl\u00e4rte sich die 82-J\u00e4hrige bereit ihren Goldschmuck zur Begleichung der Kaution zu \u00fcbergeben. Gegen 15 Uhr klingelte ein Mann bei der Frau, gab sich als Polizeibeamter in zivil aus und holt den Schmuck ab. Erst als die echte Tochter Kontakt zu ihrer Mutter aufnahm, flog der Betrug auf. Die genaue Schadensh\u00f6he ist nicht bekannt. Die Kriminalpolizei \u00fcbernahm die weiteren Ermittlungen.<\/p>\n\n\n\n<h4 class=\"wp-block-heading\">Der falsche Polizeibeamte wird wie folgt beschrieben: <\/h4>\n\n\n\n<ul>\n<li><strong>Er war ungef\u00e4hr 25 Jahre alt<\/strong><\/li>\n\n\n\n<li><strong>180 cm gro\u00df <\/strong><\/li>\n\n\n\n<li><strong>hatte einen schlanken K\u00f6rperbau<\/strong><\/li>\n\n\n\n<li><strong>Er trug ein wei\u00dfes T-Shirt, eine schwarze Bauchtasche sowie schwarze Jeans<\/strong><\/li>\n\n\n\n<li><strong>Vom \u00e4u\u00dferen Erscheinungsbild entsprach der T\u00e4ter einem s\u00fcdosteurop\u00e4ischen Ph\u00e4notyp.<\/strong><\/li>\n<\/ul>\n\n\n\n<h2 class=\"wp-block-heading\">(Heidelberg) &#8211; Tote Person im Feldgebiet aufgefunden<\/h2>\n\n\n<div class=\"wp-block-image\">\n<figure class=\"aligncenter size-full\"><img decoding=\"async\" loading=\"lazy\" width=\"800\" height=\"533\" src=\"https:\/\/speyer24news.com\/wp-content\/uploads\/2021\/02\/candle-2038736_1920.jpg\" alt=\"\" class=\"wp-image-33582\" srcset=\"https:\/\/speyer24news.com\/wp-content\/uploads\/2021\/02\/candle-2038736_1920.jpg 800w, https:\/\/speyer24news.com\/wp-content\/uploads\/2021\/02\/candle-2038736_1920-300x200.jpg 300w, https:\/\/speyer24news.com\/wp-content\/uploads\/2021\/02\/candle-2038736_1920-768x512.jpg 768w\" sizes=\"(max-width: 800px) 100vw, 800px\" \/><\/figure><\/div>\n\n\n<p>Derzeit kommt es zu einem Polizeieinsatz im Feldgebiet entlang des Birkenwegs \/ B 3.<\/p>\n\n\n\n<p>Am Mittwochmorgen wurde gegen 07:10 Uhr durch einen Passanten eine tote Person aufgefunden.<\/p>\n\n\n\n<p>Da die Identit\u00e4t der Person derzeit noch nicht gekl\u00e4rt ist, hat die Kriminalpolizeidirektion Heidelberg, gemeinsam mit der Staatsanwaltschaft Heidelberg die Ermittlungen aufgenommen.<\/p>\n\n\n\n<h3 class=\"wp-block-heading has-text-align-center\">Pressemitteilung Nr. 2<\/h3>\n\n\n\n<p>Zur Ermittlung hinsichtlich der Todesursache wurde der Leichnam am 15.05.24 in der Rechtsmedizin Heidelberg obduziert. Dabei wurden keine Hinweise auf eine Gewalteinwirkung bzw. ein Fremdverschulden erlangt. Die weiteren Ermittlungen zur Identit\u00e4t der Person werden durch das Fachdezernat der Kriminalpolizeidirektion Heidelberg gef\u00fchrt.<\/p>\n\n\n\n<h2 class=\"wp-block-heading\">(B 37 \/ Heidelberg) &#8211; Alleinbeteiligte Dame verursacht Verkehrsunfall<\/h2>\n\n\n\n<p>Am Dienstag gegen 14 Uhr \u00fcberfuhr eine 63-J\u00e4hrige mit einem schwarzen Opel aus bislang ungekl\u00e4rter Ursache eine Verkehrsinsel der Schlierbacher Landstra\u00dfe und prallte im Anschluss gegen einen Ampelmast.<\/p>\n\n\n\n<p>Die Frau wurde vor Ort medizinisch betreut und zur weiteren Behandlung in ein Krankenhaus gebracht. Das Fahrzeug ist nicht mehr fahrbereit und muss abgeschleppt werden.<\/p>\n\n\n\n<p>Zum Unfallhergang sowie zur Schwere der Verletzungen k\u00f6nnen derzeit noch keine Angaben gemacht werden. Ein Sachschaden l\u00e4sst sich aktuell nicht beziffern. Aufgrund des Verkehrsunfalls kann es in dem Bereich zu Verkehrsbeeintr\u00e4chtigungen kommen. Autofahrer werden gebeten, das Gebiet weitr\u00e4umig zu umfahren.<\/p>\n\n\n\n<h3 class=\"wp-block-heading has-text-align-center\">Pressemitteilung Nr. 2<\/h3>\n\n\n\n<p>Die 63-J\u00e4hrige Opel-Fahrerin kam am Dienstag gegen 14 Uhr in Folge eines Niesanfalls nach links von der Schlierbacher Landstra\u00dfe ab, \u00fcberfuhr eine Verkehrsinsel, touchierte dabei ein Verkehrsschild und prallte schlussendlich gegen einen Ampelmast sowie ein weiteres Verkehrsschild.<\/p>\n\n\n\n<p>Hierbei wurde die Autofahrerin leicht verletzt in ein Krankenhaus gebracht. Da das Fahrzeug nicht mehr fahrbereit war, musste dieses abgeschleppt werden. Der Sachschaden am Fahrzeug wird auf 4.000 Euro gesch\u00e4tzt, w\u00e4hrend die Schadensh\u00f6he an den Verkehrseinrichtungen derzeit noch nicht beziffert werden kann.<\/p>\n\n\n\n<p>Aufgrund des Verkehrsunfalls kam es in dem Bereich zu Verkehrsbeeintr\u00e4chtigungen, die sich nach Beendigung der Unfallaufnahme und der Abschleppma\u00dfnahme aufgel\u00f6st haben.<\/p>\n\n\n\n<p>Der Verkehrsdienst Heidelberg hat die weiteren Unfallermittlungen \u00fcbernommen.<\/p>\n\n\n\n<h2 class=\"wp-block-heading\">(Heidelberg) &#8211; Auffahrunfall mit vier Fahrzeugen<\/h2>\n\n\n\n<p>Nach ersten Erkenntnissen war am Montag ein ungen\u00fcgender Sicherheitsabstand die Ursache f\u00fcr einen Unfall mit vier besch\u00e4digten Fahrzeugen auf der Speyerer Stra\u00dfe. Um kurz vor 17 Uhr war ein 47-J\u00e4hriger mit seinem Opel auf dem Weg von Heidelberg in Richtung Schwetzingen. Dabei bemerkte er zu sp\u00e4t den vor ihm befindlichen stark verlangsamten Verkehrsfluss, sodass er nicht mehr rechtzeitig abbremsen konnte und auf das Heck eines vorausfahrenden VW prallte. Durch die Wucht der Kollision wurde dieser auf einen anderen VW geschoben und jener auf einen Mazda. Nach derzeitigem Stand wurde bei dem Unfall niemand verletzt, aber an den vier Fahrzeugen entstand ein erheblicher Sachschaden, der auf \u00fcber 12.500 Euro gesch\u00e4tzt wird.<\/p>\n\n\n\n<h2 class=\"wp-block-heading\">(Heidelberg) &#8211; Mehrere hochwertige Fahrr\u00e4der entwendet \/ Zeugen gesucht<\/h2>\n\n\n\n<p>Am Montag im Zeitraum zwischen 6 Uhr bis 15 Uhr wurden mehrere hochwertige Fahrr\u00e4der im Bereich der Stra\u00dfe &#8222;Im Neuenheimer Feld&#8220; gestohlen.<\/p>\n\n\n\n<p>Unter anderem befanden sich darunter ein gelbes E-Mountainbike der Marke Cannondale, welches vor einem Geb\u00e4ude in H\u00f6he des Botanischen Gartens der Universit\u00e4t Heidelberg abgestellt war, sowie ein rotes Rennrad der Marke Canyon. Au\u00dferdem wurde im konkreten Zeitraum von 11:45 Uhr bis 13 Uhr ein graues Fahrrad der Marke Canyon entwendet. Das Modell Grizl 8 1 by war vor einem Geb\u00e4ude, auf H\u00f6he des Klinikkomplexes Nummer 440, abgestellt. Alle Fahrr\u00e4der waren mit Schl\u00f6ssern gesichert, die zum Teil ebenfalls gestohlen wurden.<\/p>\n\n\n\n<p>Die Diebstahlsh\u00f6he wird insgesamt auf mehr als 11.000 Euro gesch\u00e4tzt.<\/p>\n\n\n\n<ul>\n<li><strong>Es ist nicht auszuschlie\u00dfen, dass in dem Tatzeitraum noch weitere Fahrr\u00e4der entwendet wurden. Das Polizeirevier Heidelberg-Nord hat die Ermittlungen aufgenommen und bittet weitere Gesch\u00e4digte und Zeugen, die verd\u00e4chtige Wahrnehmungen gemacht haben oder Hinweise auf die Identit\u00e4t der bislang unbekannten T\u00e4terschaft mitteilen k\u00f6nnen, sich unter der Telefonnummer 06221 4569-0 zu melden.<\/strong><\/li>\n<\/ul>\n\n\n\n<h2 class=\"wp-block-heading\">(Heidelberg) &#8211; Meerschweine landen auf M\u00fcll<\/h2>\n\n\n\n<p>Ein Passant staunte nicht schlecht, als er am Sonntag um kurz vor 21 Uhr in der Elsa-Br\u00e4ndstr\u00f6m-Stra\u00dfe auf einem Sperrm\u00fcllhaufen f\u00fcnf Meerschweine vorfand. Sie befanden sich in einem Karton, auf welchem eine Decke lag. Da die Tiere verletzt waren und sich in einem sehr schlechten Zustand befanden, verst\u00e4ndigte der Mann die Polizei. Eine hilfsbereite Anwohnerin unterst\u00fctzte die Polizei, indem sie zwei kleine Transportboxen f\u00fcr die Tiere zur Verf\u00fcgung stellte. Zur weiteren Behandlung \u00fcbergab die Polizei die Meerschweine der Tiernotrettung. Das Polizeirevier Heidelberg-S\u00fcd \u00fcbernahm die weiteren Ermittlungen hinsichtlich des Verdachts des Versto\u00dfes gegen das Tierschutzgesetz und sucht nach dem bislang unbekannten Besitzer beziehungsweise der Besitzerin.<\/p>\n\n\n\n<h2 class=\"wp-block-heading\">(Heidelberg) &#8211; Radfahrerin missachtet Rotlicht und verletzt sich schwer<\/h2>\n\n\n\n<p>Am fr\u00fchen Sonntagmorgen gegen 2 Uhr fuhr nach derzeitigem Stand der Unfallermittlungen eine 19-j\u00e4hrige Radfahrerin von der Heidelberger Altstadt kommend in Richtung der Gaisbergstra\u00dfe und missachtete am Adenauerplatz das Rotlicht der Ampelanlage. Ein 23-j\u00e4hriger Mercedes-Fahrer, welcher gerade auf dem Adenauerplatz stadtausw\u00e4rts unterwegs war, konnte zwar noch geistesgegenw\u00e4rtig eine Vollbremsung einleiten, jedoch einen Zusammensto\u00df nicht mehr g\u00e4nzlich verhindern. Die 19-J\u00e4hrige st\u00fcrzte nach der Kollision mit dem PKW zu Boden und verletzte sich schwer. Sie wurde durch den Rettungsdienst in ein Krankenhaus gebracht. Der Sachschaden liegt bei 2.000 Euro.<\/p>\n\n\n\n<h2 class=\"wp-block-heading\">(Heidelberg) &#8211; E-Scooter-Fahrerin \u00fcbersieht Radfahrer beim Abbiegen<\/h2>\n\n\n\n<p>Am Samstagmittag fuhr eine 47-j\u00e4hrige Frau mit einem E-Scooter auf dem Radweg parallel zur B3 in Richtung der Friedrich-Ebert-Anlage. Kurz vor der Friedrich-Ebert-Anlage bog die E-Scooter-Fahrerin nach rechts ab und \u00fcbersah hierbei einen 46-j\u00e4hrigen Mountainbike-Fahrer. Beide st\u00fcrzten zu Boden und verletzten sich. Der Radfahrer wurde durch den Rettungsdienst in ein Krankenhaus gebracht. Der Sachschaden liegt bei 100 Euro.<\/p>\n\n\n\n<h2 class=\"wp-block-heading\">(Schwetzingen \/ Rhein-Neckar-Kreis) &#8211; Nach Ampelausfall folgt Verkehrsunfall<\/h2>\n\n\n\n<p>Am Dienstag gegen 07:15 Uhr befuhr eine 63-j\u00e4hrige Skoda Fahrerin die Heidelberger Stra\u00dfe in Richtung Plankstadt. Ein ihr auf H\u00f6he der Zufahrt zur Bundesstra\u00dfe 535 entgegenkommender 64-j\u00e4hriger Opelfahrer nahm ihr beim Abbiegen die Vorfahrt. Die Ampelanlage war zu der Zeit ausgeschaltet. Die Verkehrsteilnehmer mussten demzufolge ersatzweise die Verkehrszeichen beachten. Der unfallverursachende Opel wurde in der Folge gegen einen Ampelmast geschleudert. Die 63-j\u00e4hrige Gesch\u00e4digte und eine weitere Person im Opel wurden leicht verletzt. Der Sachschaden bel\u00e4uft sich bei beiden Autos auf insgesamt etwa 30.000 Euro. Hinzukommt der Schaden an der Ampelanlage von ca. 5.000 Euro.<\/p>\n\n\n\n<p>Die Polizei r\u00e4t bei ungew\u00f6hnlichen oder un\u00fcbersichtlichen Verkehrssituationen besondere Vorsicht walten zu lassen. Dies gilt in besonderem Ma\u00dfe bei zeitweise abgeschalteten Ampelanlagen.<\/p>\n\n\n\n<h2 class=\"wp-block-heading\">(Schwetzingen \/ Rhein-Neckar-Kreis) &#8211; Unbekannte verunstalten neue Bahnhaltestelle mit Farbschmierereien \/ Zeugen gesucht<\/h2>\n\n\n\n<p>In der Zeit von Mittwoch bis Montag verunstaltete eine bislang unbekannte T\u00e4terschaft die neue Bahnhaltestelle &#8222;Schwetzingen-Nord&#8220; mit zahlreichen Farbschmierereien. Insgesamt 14 Elemente der L\u00e4rmschutzwand waren davon betroffen. Der Sachschaden bel\u00e4uft sich auf \u00fcber 5.000 Euro. <\/p>\n\n\n\n<ul>\n<li><strong>Das Polizeirevier Schwetzingen hat die Ermittlungen \u00fcbernommen und bittet um sachdienliche Hinweise unter 06202-288-0<\/strong><\/li>\n<\/ul>\n\n\n\n<h2 class=\"wp-block-heading\">(B 39 \/ Hockenheim \/ Rhein-Neckar-Kreis) &#8211; Viele Verst\u00f6\u00dfe im Zusammenhang mit Drogen im Stra\u00dfenverkehr<\/h2>\n\n\n<div class=\"wp-block-image\">\n<figure class=\"aligncenter size-full\"><img decoding=\"async\" loading=\"lazy\" width=\"600\" height=\"600\" src=\"https:\/\/speyer24news.com\/wp-content\/uploads\/2022\/05\/Alkohol-Tabletten-Drogen-Medikamente.png\" alt=\"\" class=\"wp-image-46525\" srcset=\"https:\/\/speyer24news.com\/wp-content\/uploads\/2022\/05\/Alkohol-Tabletten-Drogen-Medikamente.png 600w, https:\/\/speyer24news.com\/wp-content\/uploads\/2022\/05\/Alkohol-Tabletten-Drogen-Medikamente-300x300.png 300w, https:\/\/speyer24news.com\/wp-content\/uploads\/2022\/05\/Alkohol-Tabletten-Drogen-Medikamente-150x150.png 150w\" sizes=\"(max-width: 600px) 100vw, 600px\" \/><\/figure><\/div>\n\n\n<p>Wer Alkohol oder illegale Rauschgifte genommen hat und am Stra\u00dfenverkehr teilnimmt, gef\u00e4hrdet nicht nur sich, sondern auch andere. Aus diesem Grund f\u00fchrte das Polizeirevier Hockenheim am Montag zwischen 09:30 Uhr und 15:30 Uhr in Zusammenarbeit mit dem Kompetenzteam &#8222;Drogen im Stra\u00dfenverkehr&#8220; (KoDiS) im Bereich Altlu\u00dfheim\/Hockenheim auf einem Parkplatz der B 39 Schwerpunktkontrollen durch.<\/p>\n\n\n\n<p>Eine der Hauptunfallursache ist der Einfluss von Drogen im Stra\u00dfenverkehr. Demnach stand auch hier erneut die zielgerichtete Bek\u00e4mpfung dieser Unfallursache im Fokus.<\/p>\n\n\n\n<p>Es wurden insgesamt 68 Fahrzeuge und 94 Personen kontrolliert. Hierbei konnten 20 Verst\u00f6\u00dfe festgestellt und 5 Strafverfahren &#8211; sowie 15 Ordnungswidrigkeitenverfahren eingeleitet werden.<\/p>\n\n\n\n<p>Insgesamt f\u00fchrten 13 Personen ihr Fahrzeug unter dem Einfluss von Drogen. Nachdem durch einen Arzt Blutproben entnommen und die Weiterfahrt untersagt wurde, m\u00fcssen sich die Personen nun wegen des Fahrens unter Bet\u00e4ubungsmitteleinfluss verantworten.<\/p>\n\n\n\n<p>Au\u00dferdem wurden 4 Strafverfahren eingeleitet im Zusammenhang mit dem Versto\u00df gegen das Bet\u00e4ubungsmittelgesetz.<\/p>\n\n\n\n<h4 class=\"wp-block-heading\"><em>Auch wenn der Besitz bestimmter Mengen von Cannabis legalisiert wurde, bleibt die Teilnahme am Stra\u00dfenverkehr unter Einfluss berauschender Mittel untersagt! Die Durchf\u00fchrung dieser zielgerichteten Kontrollen wird weiterhin fortgesetzt.<\/em><\/h4>\n\n\n\n<h2 class=\"wp-block-heading\">(Neulu\u00dfheim \/ Rhein-Neckar-Kreis) &#8211; Betrunken und mit platten Reifen im Auto unterwegs<\/h2>\n\n\n\n<p>Am Freitag meldete sich ein Zeuge bei der Polizei, da er um kurz nach 21 Uhr einen BMW auf der L546 in unmittelbarere N\u00e4he zum Neulu\u00dfheimer Friedhof bemerkte, der mit zwei platten Reifen mitten auf der Fahrbahn stand. Der Fahrer des Autos machte einen alkoholisierten Eindruck. Als eine Streife des Polizeireviers Hockenheim Kontakt zu dem 32-j\u00e4hrigen BMW-Fahrer aufnahm, best\u00e4tigten sich die Angaben des Zeugen. Ein Atemalkoholtest ergab einen Wert von fast 1,8 Promille. Daher musste der Mann sowohl eine Blutprobe als auch seinen F\u00fchrerschein abgeben. Das Auto war nicht mehr fahrbereit und wurde daher abgeschleppt. Wie es zu den platten Reifen kam, ist Gegenstand der weiteren Ermittlungen. Der 32-J\u00e4hrige muss sich nun wegen des Verdachts der Trunkenheit im Stra\u00dfenverkehr verantworten.<\/p>\n\n\n\n<h2 class=\"wp-block-heading\">(Walldorf \/ Rhein-Neckar-Kreis) &#8211; Einbruch in Gastst\u00e4tte \/ Zeugen gesucht!<\/h2>\n\n\n\n<p>Am fr\u00fchen Sonntagmorgen gegen 03:10 Uhr verschaffte sich ein derzeit noch unbekannter T\u00e4ter gewaltsam Zutritt zu einer Gastst\u00e4tte in der Hauptstra\u00dfe und entwendete hieraus Diebesgut im Wert von mehreren tausend Euro. Der Unbekannte \u00f6ffnete gewaltsam ein Fenster des Geb\u00e4udes und gelangte so ins Innere. Neben mehr als 1.000 Euro Bargeld erbeutete er auch mehrere hochwertige Uhren.<\/p>\n\n\n\n<ul>\n<li><strong>Das Polizeirevier Wiesloch hat die weiteren Ermittlungen aufgenommen und sucht Zeugen, welche Hinweise zum T\u00e4ter geben k\u00f6nnen. Diese werden gebeten, sich unter der Telefonnummer 06222\/5709-0 zu melden.<\/strong><\/li>\n<\/ul>\n\n\n\n<h2 class=\"wp-block-heading\">(Wiesloch \/ Rhein-Neckar-Kreis) &#8211; Motorradfahrer st\u00fcrzt im Kurvenbereich<\/h2>\n\n\n\n<p>Am Freitagabend gegen 19 Uhr st\u00fcrzte ein 35-j\u00e4hriger Yamaha-Fahrer in der Parkstra\u00dfe von seinem Motorrad. Der Mann war zuvor auf der B3 in Heidelberg unterwegs und nahm die Ausfahrt in Richtung Wiesloch. In einer Rechtskurve kam der Mann vermutlich aufgrund von \u00fcberh\u00f6hter Geschwindigkeit zu Fall und verletzte sich schwer. Durch einen Rettungshubschrauber wurde der Verletzte in ein nahegelegenes Krankenhaus gebracht. Das Motorrad wurde durch einen Abschleppdienst abgeholt. Der Sachschaden betr\u00e4gt 5.000 Euro.<\/p>\n\n\n\n<h2 class=\"wp-block-heading\">(Wiesloch-Walldorf \/ Rhein-Neckar-Kreis) &#8211; Erneuter Fahrzeugdiebstahl in Walldorf \/ Zeugen gesucht<\/h2>\n\n\n\n<p>In der Zeit von Mittwoch 17:00 Uhr bis Montag 07:30 Uhr wurde von einem Firmengel\u00e4nde in der Daimlerstra\u00dfe ein Kleintransporter vom Typ Citroen Jumper im Wert von ca. 15.000 Euro entwendet. Die genauen Hintergr\u00fcnde sind derzeit noch unklar. Im selben Zeitraum kam es bereits zu Diebst\u00e4hlen von mehreren Wohnwagen in der Heinrich-Lanz-Stra\u00dfe. <\/p>\n\n\n\n<ul>\n<li><strong>Ob diese Taten m\u00f6glicherweise zusammenh\u00e4ngen ermittelt derzeit die Kriminalpolizeidirektion Heidelberg. Hinweise werden erbeten unter 0621-174-4444<\/strong><\/li>\n<\/ul>\n\n\n\n<h2 class=\"wp-block-heading\">(Waibstadt \/ Rhein-Neckar-Kreis) &#8211; Kind \u00fcberquert unvorsichtig die Fahrbahn und wird von Auto erfasst<a href=\"https:\/\/www.facebook.com\/sharer.php?u=https%3A%2F%2Fwww.presseportal.de%2Fblaulicht%2Fpm%2F14915%2F5779005%2F%3Futm_source%3Dfacebook%26utm_medium%3Dsocial\"><\/a><a href=\"https:\/\/twitter.com\/intent\/tweet?text=POL-MA%3A%20Waibstadt%2F%20Rhein-Neckar-Kreis%3A%20Kind%20%C3%BCberquert%20unvorsichtig%20die%20Fahrbahn%20und%20wird%20von%20Auto%20erfasst&amp;url=https%3A%2F%2Fwww.presseportal.de%2Fblaulicht%2Fpm%2F14915%2F5779005%2F%3Futm_source%3Dtwitter%26utm_medium%3Dsocial&amp;hashtags=ots&amp;lang=de\"><\/a><a href=\"https:\/\/web.whatsapp.com\/send?text=POL-MA%3A%20Waibstadt%2F%20Rhein-Neckar-Kreis%3A%20Kind%20%C3%BCberquert%20unvorsichtig%20die%20Fahrbahn%20und%20wird%20von%20Auto%20erfasst%0A%0Ahttps%3A%2F%2Fwww.presseportal.de%2Fblaulicht%2Fpm%2F14915%2F5779005%2F%3Futm_source%3Dwhatsapp%26utm_medium%3Dsocial\"><\/a><a href=\"https:\/\/www.xing.com\/app\/user?op=share;url=https%3A%2F%2Fwww.presseportal.de%2Fblaulicht%2Fpm%2F14915%2F5779005%2F%3Futm_source%3Dxing%26utm_medium%3Dsocial\"><\/a><a href=\"http:\/\/www.linkedin.com\/shareArticle?mini=true&amp;url=https%3A%2F%2Fwww.presseportal.de%2Fblaulicht%2Fpm%2F14915%2F5779005%2F%3Futm_source%3Dlinkedin%26utm_medium%3Dsocial&amp;title=POL-MA%3A+Waibstadt%2F+Rhein-Neckar-Kreis%3A+Kind+%C3%BCberquert+unvorsichtig+die+Fahrbahn+und+wird+von+Auto+erfasst\"><\/a><a href=\"mailto:?subject=POL-MA%3A%20Waibstadt%2F%20Rhein-Neckar-Kreis%3A%20Kind%20%C3%BCberquert%20unvorsichtig%20die%20Fahrbahn%20und%20wird%20von%20Auto%20erfasst&amp;body=https:\/\/www.presseportal.de\/blaulicht\/pm\/14915\/5779005\"><\/a><\/h2>\n\n\n\n<p>Am Montagnachmittag gegen 16:15 Uhr staute sich aufgrund einer Ampelanlage der Verkehr auf einer Fahrbahnseite der Hauptstra\u00dfe.<\/p>\n\n\n\n<p>Als eine 9-J\u00e4hrige die Hauptstra\u00dfe auf H\u00f6he der Nummer 7 zwischen den wartenden Autos \u00fcberquerte, achtete sie dabei nicht auf den flie\u00dfenden Verkehr der Gegenfahrbahn. Eine 23-j\u00e4hrige VW-Fahrerin konnte nicht mehr rechtzeitig reagieren, weshalb es zu einem Unfall kam. Das M\u00e4dchen wurde durch den Zusammensto\u00df leicht verletzt und wurde f\u00fcr weitere medizinische Abkl\u00e4rungen in ein Krankenhaus gebracht, in dem sie ambulant behandelt worden ist. An dem VW entstand ein Sachschaden in H\u00f6he von circa 1.500 Euro.<\/p>\n\n\n\n<p>Der Verkehrsdienst Heidelberg hat die weiteren Ermittlungen \u00fcbernommen.<\/p>\n\n\n\n<h2 class=\"wp-block-heading\">(Bammental \/ Rhein-Neckar-Kreis) &#8211; Unachtsamkeit f\u00fchrt zu Auffahrunfall<\/h2>\n\n\n\n<p>Am Dienstag war eine 53-J\u00e4hrige mit ihrem Mini auf der Wiesenbacher Landstra\u00dfe in Richtung Wiesenbach unterwegs. An der Einm\u00fcndung zur B45 hatte sich an der dortigen roten Ampel ein R\u00fcckstau gebildet, weshalb die Frau abbremste und schlie\u00dflich anhielt. Ein 55-J\u00e4hriger, welcher mit seinem Skoda den gleichen Weg nahm, n\u00e4herte sich um kurz vor 16:30 Uhr der Einm\u00fcndung. Allerdings bemerkte er das Stauende zu sp\u00e4t, sodass er trotz einer Gefahrenbremsung auf das Heck des stehenden Minis fuhr. Durch den Unfall wurde die 53-J\u00e4hrige sowie ihre Beifahrerin leicht verletzt. Sie kamen zur weiteren medizinischen Abkl\u00e4rung in ein Krankenhaus. Beide Fahrzeuge waren nur noch bedingt fahrbereit, konnten aber auf einen angrenzenden Parkplatz bewegt werden. Die genaue H\u00f6he des entstandenen Schadens steht noch nicht fest. Das Polizeirevier Neckargem\u00fcnd \u00fcbernahm die weiteren Unfallermittlungen.<\/p>\n\n\n\n<h2 class=\"wp-block-heading\">(Meckesheim \/ Bammental \/ Rhein-Neckar-Kreis) &#8211; Kinder nicht angeschnallt \/ Bu\u00dfgeld!<\/h2>\n\n\n\n<p>Am Freitagabend gegen 19:30 Uhr kontrollierten Beamtinnen und Beamte des Polizeireviers Neckargem\u00fcnd den Verkehr auf der Kreisstra\u00dfe zwischen Bammental und Gauangelloch. Als ein Ford an den Polizistinnen und Polizisten vorbeifuhr, stellten diese fest, dass auf dem Scho\u00df der Beifahrerin ein Baby sa\u00df. Bei der anschlie\u00dfenden Verkehrskontrolle gab die Mutter gegen\u00fcber der Polizei an, dass sie lediglich eine kurze Strecke mit dem ungesicherten Kind zur\u00fccklegen wollte. Nach einem verkehrserzieherischen Gespr\u00e4ch zeigte sich die Frau einsichtig und lie\u00df sich einen Kindersitz an die Kontrollstelle bringen. Die Fahrt konnte daraufhin fortgesetzt werden. Am sp\u00e4ten Sonntagnachmittag bot sich den Einsatzkr\u00e4ften des Reviers Neckargem\u00fcnd ein \u00e4hnliches Bild. Gegen 17 Uhr fuhr ein Seat an einer Streife in der Meckesheimer Friedrichstra\u00dfe vorbei. Hierbei fiel auf, dass ein Kleinkind im Fu\u00dfraum der Beifahrerseite stand. Als die Polizistinnen und Polizisten dem PKW folgten, um ihn zu kontrollieren, stellten sie au\u00dferdem fest, dass ein zweites Kind im Fond herumturnte. Bei der Kontrolle zeigte sich der 37-j\u00e4hrige Fahrer ebenfalls einsichtig und sorgte f\u00fcr eine sachgem\u00e4\u00dfe Sicherung der zwei und zw\u00f6lf Jahre alten Kinder.<\/p>\n\n\n\n<p>Beide Fahrzeugf\u00fchrer m\u00fcssen sich wegen einer Ordnungswidrigkeit verantworten. Au\u00dferdem m\u00fcssen sie mit einem Bu\u00dfgeld und jeweils einem Punkt f\u00fcr ihr Fehlverhalten rechnen.<\/p>\n\n\n\n<h2 class=\"wp-block-heading\">(Meckesheim \/ Rhein-Neckar-Kreis) &#8211; Betrunkene 65-J\u00e4hrige von Polizei gestoppt<\/h2>\n\n\n\n<p>Am Samstag verst\u00e4ndigte ein aufmerksamer Zeuge gegen 13:30 Uhr die Polizei, als er sah, wie vor ihm eine Audi-Fahrerin in Schlangenlinien immer wieder neben die Fahrbahnmarkierung fuhr. Die 65-j\u00e4hrige Audi-Fahrerin konnte letztlich auf der L 547 zwischen Schatthausen und Baiertal von einer Polizeistreife gestoppt werden.<\/p>\n\n\n\n<p>Im Verlauf der Kontrolle bemerkten die Beamten starken Alkoholgeruch bei der Frau. Ein Atemalkoholtest best\u00e4tigte den Verdacht und ergab einen Wert von mehr als 1,3 Promille. Im Zusammenhang mit den weiteren Ermittlungen wurde der Autofahrerin in der Polizeidienststelle eine Blutprobe entnommen. Zudem wurde ihr die Weiterfahrt untersagt. Im Anschluss wurde sie aus den polizeilichen Ma\u00dfnahmen entlassen und muss sich nun wegen des Verdachts der Trunkenheit im Verkehr verantworten.<\/p>\n\n\n\n<p>Das Polizeirevier Neckargem\u00fcnd hat die Ermittlungen aufgenommen.<\/p>\n\n\n\n<h2 class=\"wp-block-heading\">(Neckargem\u00fcnd \/ Rhein-Neckar-Kreis) &#8211; Ertappter Ladendieb rei\u00dft sich los und verletzt Verk\u00e4uferin \/ Polizei sucht Zeugen<\/h2>\n\n\n<div class=\"wp-block-image\">\n<figure class=\"aligncenter size-full\"><img decoding=\"async\" loading=\"lazy\" width=\"801\" height=\"600\" src=\"https:\/\/speyer24news.com\/wp-content\/uploads\/2020\/05\/Zeugen-gesucht-Neutral.jpg\" alt=\"\" class=\"wp-image-26598\" srcset=\"https:\/\/speyer24news.com\/wp-content\/uploads\/2020\/05\/Zeugen-gesucht-Neutral.jpg 801w, https:\/\/speyer24news.com\/wp-content\/uploads\/2020\/05\/Zeugen-gesucht-Neutral-300x225.jpg 300w, https:\/\/speyer24news.com\/wp-content\/uploads\/2020\/05\/Zeugen-gesucht-Neutral-768x575.jpg 768w, https:\/\/speyer24news.com\/wp-content\/uploads\/2020\/05\/Zeugen-gesucht-Neutral-678x509.jpg 678w, https:\/\/speyer24news.com\/wp-content\/uploads\/2020\/05\/Zeugen-gesucht-Neutral-326x245.jpg 326w, https:\/\/speyer24news.com\/wp-content\/uploads\/2020\/05\/Zeugen-gesucht-Neutral-80x60.jpg 80w\" sizes=\"(max-width: 801px) 100vw, 801px\" \/><\/figure><\/div>\n\n\n<p>Als am Freitag pl\u00f6tzlich der Diebstahlsalarm in einem Bekleidungsgesch\u00e4ft in der G\u00fcterbahnhofstra\u00dfe anschlug, sprach eine Verk\u00e4uferin den mutma\u00dflichen Verursacher im Eingangsbereich an. Sie bat den Mann ihr zu folgen und den Inhalt seines Rucksacks vorzuzeigen. Als sich der Unbekannte weigerte, hielt sie ihn am Arm fest, um eine m\u00f6gliche Flucht zu verhindern. Der Dieb riss sich aber gewaltsam los, wodurch sich die Verk\u00e4uferin leicht an der Hand verletzte. Dann floh der Mann um kurz vor 14 Uhr in Richtung Bahnhof. Was genau er entwendete, ist bis dato unbekannt und Gegenstand der weiteren Ermittlungen wegen r\u00e4uberischen Diebstahls, die das Polizeirevier Neckargem\u00fcnd eingeleitet hat.<\/p>\n\n\n\n<h4 class=\"wp-block-heading\">Der T\u00e4ter wird beschrieben, als:<\/h4>\n\n\n\n<ul>\n<li><strong>ungef\u00e4hr 30 Jahre alt<\/strong><\/li>\n\n\n\n<li><strong>155 cm gro\u00df <\/strong><\/li>\n\n\n\n<li><strong>mit kr\u00e4ftiger Statur<\/strong><\/li>\n\n\n\n<li><strong>kurze, dunkle, glatte Haare<\/strong><\/li>\n\n\n\n<li><strong>trug ein wei\u00dfes T-Shirt mit gr\u00fcnblauem Aufdruck sowie eine dunkle Bermuda-Jeans<\/strong><\/li>\n\n\n\n<li><strong>Vom \u00e4u\u00dferen Erscheinungsbild entsprach der T\u00e4ter einem osteurop\u00e4ischen Ph\u00e4notyp<\/strong><\/li>\n<\/ul>\n\n\n\n<ul>\n<li><strong>Zeugen, die sachdienliche Hinweise geben k\u00f6nnen, werden gebeten, sich beim Polizeirevier Neckargem\u00fcnd unter der Telefonnummer 06223-9254-0 zu melden.<\/strong><\/li>\n<\/ul>\n\n\n\n<h2 class=\"wp-block-heading\">(Schriesheim \/ Rhein-Neckar-Kreis) &#8211; Missachtung der Vorfahrt f\u00fchrt zu Verkehrsunfall<\/h2>\n\n\n\n<p>Am Dienstag fuhr ein 69-j\u00e4hriger Mercedes-Fahrer gegen 09:40 Uhr auf der Stra\u00dfe &#8222;Am Sportzentrum&#8220;, als dieser beim Abbiegen vermutlich die von rechts kommende und damit vorfahrtsberechtigte 60-j\u00e4hrige Skoda-Fahrerin \u00fcbersah. In der Folge kam es zur Kollision der beiden Autos, sodass diese nicht mehr fahrbereit waren und abgeschleppt werden mussten.<\/p>\n\n\n\n<p>Die Gesamtschadensh\u00f6he wird auf 10.000 Euro gesch\u00e4tzt. Verletzt wurde durch den Unfall gl\u00fccklicherweise niemand.<\/p>\n\n\n\n<h2 class=\"wp-block-heading\">(Schriesheim-Altenbach \/ Rhein-Neckar-Kreis) &#8211; Motorradfahrer wird bei Unfall schwer verletzt<\/h2>\n\n\n\n<p>Am Samstag gegen 17:05 Uhr verletzte sich ein Motorradfahrer zwischen R\u00f6schbach und Kohlhof bei einer Kollision mit einem Auto schwer. Der 54-J\u00e4hrige war auf der K4122 in Richtung Kohlhof unterwegs, als er aus noch ungekl\u00e4rter Ursache in einer Kurve in den Gegenverkehr geriet. Ein entgegenkommender BMW-Fahrer konnte einen frontalen Zusammensto\u00df trotz eingeleiteter Gefahrenbremsung nicht mehr verhindern. Der 54-J\u00e4hrige wurde durch den Rettungsdienst mit schweren Verletzungen in ein Krankenhaus gebracht. Lebensgefahr besteht bei dem Mann nicht. Der BMW-Fahrer blieb unverletzt. Der Sachschaden bel\u00e4uft sich auf mehr als 10.000 Euro. Beide Fahrzeuge mussten abgeschleppt werden. Aufgrund auslaufender Betriebsstoffe musste eine Fachfirma die Fahrbahn reinigen.<\/p>\n\n\n\n<h2 class=\"wp-block-heading\">(Ladenburg \/ Rhein-Neckar-Kreis) &#8211; Wohnwagen entwendet \/ Zeugen gesucht<\/h2>\n\n\n\n<p>Zwischen Montagabend, gegen 22:30 Uhr, und Dienstagfr\u00fch, gegen 08:30 Uhr, entwendete eine bislang unbekannte T\u00e4terschaft einen Wohnwagen der Marke Fendt Caravan von einem Firmengel\u00e4nde in der Hohe Stra\u00dfe.<\/p>\n\n\n\n<p>Ersten Ermittlungen zu Folge wurde der Wohnwagen im Wert von knapp 50.000 Euro von dem umz\u00e4unten Gel\u00e4nde gestohlen.<\/p>\n\n\n\n<ul>\n<li><strong>Das Polizeirevier Ladenburg hat die Ermittlungen im Zusammenhang mit dem Diebstahl aufgenommen. Personen, die sachdienliche Hinweise zu dem Sachverhalt machen k\u00f6nnen, werden gebeten, sich unter der Telefonnummer 06203 9305-0 zu melden.<\/strong><\/li>\n<\/ul>\n\n\n\n<h2 class=\"wp-block-heading\">(Leutershausen \/ Rhein-Neckar-Kreis) &#8211; Unbekannter besch\u00e4digt geparkten BMW und fl\u00fcchtet \/ Zeugen gesucht<\/h2>\n\n\n\n<p>Zwischen Sonntagnachmittag, 17 Uhr und Dienstagmittag, 12 Uhr, besch\u00e4digte ein bisher unbekannter Fahrzeugf\u00fchrer, vermutlich beim Rangieren, einen BMW im Burgweg. Der BMW war am rechten Fahrbahnrand geparkt. Der Sachschaden liegt bei mindestens 1.500 Euro. <\/p>\n\n\n\n<ul>\n<li><strong>Zeugen, welche Hinweise auf den fl\u00fcchtigen Unfallverursacher geben k\u00f6nnen, werden gebeten, sich mit dem Polizeirevier Weinheim unter Tel.: 06201\/1003-0 in Verbindung zu setzen.<\/strong><\/li>\n<\/ul>\n","protected":false},"excerpt":{"rendered":"<div class=\"mh-excerpt\"><p>Polizeimeldungen von Montag bis Mittwoch (13.05.-15.05.2024) (Speyer) &#8211; Trunkenheit im Verkehr Am Dienstagvormittag gegen 10:50 Uhr kontrollierten Polizeibeamte einen auf dem Radweg der Franz-Kirrmeier-Stra\u00dfe fahrenden 37-j\u00e4hrigen E-Scooter-Fahrer. Im Rahmen der Verkehrskontrolle konnten beim 37-J\u00e4hrigen Atemalkoholgeruch <a class=\"mh-excerpt-more\" href=\"https:\/\/speyer24news.com\/?p=59465\" title=\"Polizeimeldungen Montag &#8211; Mittwoch (13.05.-15.05.24)\">[&#8230;]<\/a><\/p>\n<\/div>","protected":false},"author":3,"featured_media":26162,"comment_status":"open","ping_status":"open","sticky":false,"template":"","format":"standard","meta":{"_monsterinsights_skip_tracking":false,"_monsterinsights_sitenote_active":false,"_monsterinsights_sitenote_note":"","_monsterinsights_sitenote_category":0,"footnotes":""},"categories":[15659],"tags":[7273,7243,7244,10926,13554,350,14537,15084,15267,14538,15361,702,61,2555,14113,6955,6986,6263,63,105,11150,6987,53,13540,16956,18099,17274,4683,14958,9154,17275,12967,102,13626,213,14325,14324,13553,13541,16955,2625,380],"aioseo_notices":[],"amp_enabled":true,"_links":{"self":[{"href":"https:\/\/speyer24news.com\/index.php?rest_route=\/wp\/v2\/posts\/59465"}],"collection":[{"href":"https:\/\/speyer24news.com\/index.php?rest_route=\/wp\/v2\/posts"}],"about":[{"href":"https:\/\/speyer24news.com\/index.php?rest_route=\/wp\/v2\/types\/post"}],"author":[{"embeddable":true,"href":"https:\/\/speyer24news.com\/index.php?rest_route=\/wp\/v2\/users\/3"}],"replies":[{"embeddable":true,"href":"https:\/\/speyer24news.com\/index.php?rest_route=%2Fwp%2Fv2%2Fcomments&post=59465"}],"version-history":[{"count":5,"href":"https:\/\/speyer24news.com\/index.php?rest_route=\/wp\/v2\/posts\/59465\/revisions"}],"predecessor-version":[{"id":59473,"href":"https:\/\/speyer24news.com\/index.php?rest_route=\/wp\/v2\/posts\/59465\/revisions\/59473"}],"wp:featuredmedia":[{"embeddable":true,"href":"https:\/\/speyer24news.com\/index.php?rest_route=\/wp\/v2\/media\/26162"}],"wp:attachment":[{"href":"https:\/\/speyer24news.com\/index.php?rest_route=%2Fwp%2Fv2%2Fmedia&parent=59465"}],"wp:term":[{"taxonomy":"category","embeddable":true,"href":"https:\/\/speyer24news.com\/index.php?rest_route=%2Fwp%2Fv2%2Fcategories&post=59465"},{"taxonomy":"post_tag","embeddable":true,"href":"https:\/\/speyer24news.com\/index.php?rest_route=%2Fwp%2Fv2%2Ftags&post=59465"}],"curies":[{"name":"wp","href":"https:\/\/api.w.org\/{rel}","templated":true}]}}