{"id":59476,"date":"2024-05-19T08:15:45","date_gmt":"2024-05-19T07:15:45","guid":{"rendered":"https:\/\/speyer24news.com\/?p=59476"},"modified":"2024-05-19T08:23:36","modified_gmt":"2024-05-19T07:23:36","slug":"polizeimeldungen-donnerstag-bis-freitag-16-05-17-05-24","status":"publish","type":"post","link":"https:\/\/speyer24news.com\/?p=59476","title":{"rendered":"Polizeimeldungen Donnerstag bis Freitag (16.05.-17.05.24)"},"content":{"rendered":"<style type=\"text\/css\">\r\n\t.ads_top_disp{}\r\n\t.ads_top_corner_disp{ float:left; margin:0px 10px 10px 0px; }\r\n\t.ads_first_p_disp{}\r\n\t.ads_bottom_disp{}\r\n\t<\/style>\n<h2 class=\"wp-block-heading\">Polizeimeldungen von Donnerstag bis Freitag (16.05.-17.05.2024)<\/h2>\n\n\n<div class=\"wp-block-image\">\n<figure class=\"aligncenter size-full\"><img decoding=\"async\" loading=\"lazy\" width=\"375\" height=\"500\" src=\"https:\/\/speyer24news.com\/wp-content\/uploads\/2022\/03\/Aktuelles-Polizeilogo.jpg\" alt=\"\" class=\"wp-image-43591\" srcset=\"https:\/\/speyer24news.com\/wp-content\/uploads\/2022\/03\/Aktuelles-Polizeilogo.jpg 375w, https:\/\/speyer24news.com\/wp-content\/uploads\/2022\/03\/Aktuelles-Polizeilogo-225x300.jpg 225w\" sizes=\"(max-width: 375px) 100vw, 375px\" \/><\/figure><\/div>\n\n\n<h2 class=\"wp-block-heading\">(Speyer und Hanhofen) &#8211; Drei E-Scooter, ein PKW und ein Motorroller bieten Grund zur Beanstandung<\/h2>\n\n\n\n<p>Die Polizei Speyer kontrollierte im Verlauf des Donnerstags drei sogenannte Elektrokleinstfahrzeuge, einen PKW sowie einen Motorroller. Deren Fahrer bzw. Fahrzeuge beanstandeten die Beamten im Interesse der Verkehrssicherheit.<\/p>\n\n\n\n<ul>\n<li>Gegen 15 Uhr befuhr ein 49-J\u00e4hriger mit seinem E-Scooter die Hauptstra\u00dfe in Hanhofen und verhielt sich unmittelbar aggressiv und ungehalten, als die Beamten ihn kontrollierten. Sie mussten seinen E-Scooter festhalten, da er damit wegfahren wollte. Daher entfernte er sich zu Fu\u00df und schrie herum. Die Beamten forderten den 49-J\u00e4hrigen mehrfach auf, stehen zu bleiben. Letztlich drohten sie ihm den Einsatz von Zwangsmitteln an, woraufhin der 49-J\u00e4hrige ein Einsehen hatte und den Anweisungen folgte. Es stellte sich heraus, dass der 49-J\u00e4hrige unter THC-Einfluss stand. Die Beamten veranlassten bei ihm eine Blutprobe und stellten seinen E-Scooter, auch angesichts mehrerer rauschmittelbeeinflusster Fahrten in der Vergangenheit, zur Gefahrenabwehr sicher.<\/li>\n\n\n\n<li>Gegen 15:15 Uhr befuhr ein 15-J\u00e4hriger die Petschengasse mit seinem Motorroller. Eine Polizeistreife wurde auf das mutma\u00dflich ver\u00e4nderte Kleinkraftrad aufmerksam und unterzog den 15-J\u00e4hrigen einer Verkehrskontrolle. Hierbei stellte sich heraus, dass der Roller durch Einbau eines Sportauspuffs sowie eines ge\u00e4nderten Luftfilters statt der erlaubten 45 km\/h eine H\u00f6chstgeschwindigkeit von 65 km\/h erreichte. Die Beamten stellten den Fahrzeugschl\u00fcssel sicher, benachrichtigten die Mutter des 15-J\u00e4hrigen und leiteten ein Strafverfahren wegen Fahrens ohne Fahrerlaubnis gegen ihn ein. Zudem ist die Betriebserlaubnis des Rollers durch die Ver\u00e4nderungen erloschen.<\/li>\n\n\n\n<li>Gegen 20:15 Uhr stellte eine Polizeistreife Im Neudeck einen 14-J\u00e4hrigen auf einem E-Scooter ohne Versicherungskennzeichen fahrend fest. Die Beamten leiteten aufgrund der fehlenden Versicherung ein Strafverfahren gegen ihn ein und \u00fcbergaben den E-Scooter dem hinzugerufenen Vater des Jungen.<\/li>\n\n\n\n<li>Gegen 20:40 Uhr unterzog eine Polizeistreife in der Schifferstadter Stra\u00dfe einen 39-j\u00e4hrigen PKW-Fahrer einer Verkehrskontrolle. Die Beamten stellten bei ihm Auff\u00e4lligkeiten fest, die auf eine Drogenbeeinflussung hindeuteten. Ein Urintest verlief positiv auf THC. Die Beamten veranlassten die Entnahme einer Blutprobe und stellten die Fahrzeugschl\u00fcssel des Mannes sicher. Ihn erwartet ein Ordnungswidrigkeitsverfahren.<\/li>\n\n\n\n<li>Gegen 21:10 Uhr stellte eine Polizeistreife im Wilhelm-Busch-Weg ein Kind auf einem E-Scooter mit schwarzem Versicherungskennzeichen aus dem Jahr 2023 fahrend fest. Bei der Kontrolle stellte sich heraus, dass der Junge zudem erst 11 Jahre alt war. Die Beamten verst\u00e4ndigten die Mutter des Jungen und verdeutlichten ihr die Rechtslage: Das Mindestalter f\u00fcr das F\u00fchren eines E-Scooters liegt bei 14 Jahren und Versicherungsschutz besteht dann, wenn ein aktuelles Versicherungskennzeichen angebracht ist (Versicherungsjahr 2024). Entsprechende Verfahren leiteten die Beamten auch hier ein.<\/li>\n<\/ul>\n\n\n\n<h2 class=\"wp-block-heading\">(Speyer) &#8211; Verletzte Motorradfahrerin nach Vorfahrtsmissachtung durch PKW<\/h2>\n\n\n\n<p>Am Donnerstagnachmittag gegen 17:05 Uhr befuhr ein 67-j\u00e4hriger PKW-Fahrer die Zufahrtsstra\u00dfe des Hotels und Caravanparks des Technikmuseums in Richtung der Geibstra\u00dfe. Der 67-J\u00e4hrige hatte auf der Zufahrtsstra\u00dfe &#8222;Am Technikmuseum&#8220; beim Abbiegen in die Geibstra\u00dfe aufgrund der Beschilderung Vorfahrt zu gew\u00e4hren. Gleichwohl bog er nach links auf die Geibstra\u00dfe ab und missachtete hierbei die Vorfahrt einer 39-j\u00e4hrigen Motorradfahrerin, welche die Geibstra\u00dfe in Richtung des Rheins befuhr. Der PKW kollidierte mit der rechten Motorradseite, wodurch das Motorrad auf die linke Seite fiel und die 39-J\u00e4hrige zu Fall kam. Sie zog sich hierbei Verletzungen im Halsbereich zu. Der Rettungsdienst verbrachte sie in eine Unfallklinik. Der Sachschaden an beiden Fahrzeugen liegt bei ca. 2.200 Euro. Die Beamten leiteten ein Strafverfahren gegen den 67-J\u00e4hrigen ein.<\/p>\n\n\n\n<h2 class=\"wp-block-heading\">(Speyer) &#8211; Beifahrerin verletzt bei Auffahrunfall auf B39<\/h2>\n\n\n\n<p>Am Donnerstagnachmittag gegen 14:30 Uhr befuhr ein 67-j\u00e4hriger PKW-Fahrer mit seiner 56-j\u00e4hrigen Beifahrerin die B39 in Fahrtrichtung Hockenheim und musste kurz vor der Ausfahrt Speyer-Zentrum aufgrund stockenden Verkehrs abbremsen. Die Bremsung erkannte ein hinter ihnen fahrender 40-j\u00e4hriger PKW-Fahrer zu sp\u00e4t und fuhr auf das PKW-Heck auf. Hierbei erlitt die Beifahrerin Schmerzen im Nacken- und Kopfbereich. Der Rettungsdienst verbrachte sie zur Untersuchung in ein Krankenhaus. Der 67-J\u00e4hrige sowie der 40-J\u00e4hrige blieben unverletzt. Die Beamten verst\u00e4ndigten die Feuerwehr und die Stra\u00dfenmeisterei aufgrund auslaufender Betriebsstoffe an den Unfallfahrzeugen. Der PKW des 40-J\u00e4hrigen war nicht mehr fahrbereit und musste abgeschleppt werden. Der Gesamtschaden liegt bei ca. 13.000 Euro.<\/p>\n\n\n\n<h2 class=\"wp-block-heading\">(Speyer) &#8211; Sicherstellung eines Pedelecs, Eigent\u00fcmer gesucht<a href=\"https:\/\/www.facebook.com\/sharer.php?u=https%3A%2F%2Fwww.presseportal.de%2Fblaulicht%2Fpm%2F117688%2F5781588%2F%3Futm_source%3Dfacebook%26utm_medium%3Dsocial\"><\/a><a href=\"https:\/\/twitter.com\/intent\/tweet?text=POL-PDLU%3A%20Speyer%20-%20Sicherstellung%20eines%20Pedelecs%2C%20Eigent%C3%BCmer%20gesucht&amp;url=https%3A%2F%2Fwww.presseportal.de%2Fblaulicht%2Fpm%2F117688%2F5781588%2F%3Futm_source%3Dtwitter%26utm_medium%3Dsocial&amp;hashtags=ots&amp;lang=de\"><\/a><a href=\"https:\/\/web.whatsapp.com\/send?text=POL-PDLU%3A%20Speyer%20-%20Sicherstellung%20eines%20Pedelecs%2C%20Eigent%C3%BCmer%20gesucht%0A%0Ahttps%3A%2F%2Fwww.presseportal.de%2Fblaulicht%2Fpm%2F117688%2F5781588%2F%3Futm_source%3Dwhatsapp%26utm_medium%3Dsocial\"><\/a><a href=\"https:\/\/www.xing.com\/app\/user?op=share;url=https%3A%2F%2Fwww.presseportal.de%2Fblaulicht%2Fpm%2F117688%2F5781588%2F%3Futm_source%3Dxing%26utm_medium%3Dsocial\"><\/a><a href=\"http:\/\/www.linkedin.com\/shareArticle?mini=true&amp;url=https%3A%2F%2Fwww.presseportal.de%2Fblaulicht%2Fpm%2F117688%2F5781588%2F%3Futm_source%3Dlinkedin%26utm_medium%3Dsocial&amp;title=POL-PDLU%3A+Speyer+-+Sicherstellung+eines+Pedelecs%2C+Eigent%C3%BCmer+gesucht\"><\/a><a href=\"mailto:?subject=POL-PDLU%3A%20Speyer%20-%20Sicherstellung%20eines%20Pedelecs%2C%20Eigent%C3%BCmer%20gesucht&amp;body=https:\/\/www.presseportal.de\/blaulicht\/pm\/117688\/5781588\"><\/a><\/h2>\n\n\n<div class=\"wp-block-image\">\n<figure class=\"aligncenter\"><a href=\"https:\/\/cache.pressmailing.net\/thumbnail\/story_hires\/d39cd8cc-77de-47d8-b161-36bc5ef9d625\/Pedelec%20blau%20Stevens.jpg.jpg\"><img decoding=\"async\" src=\"https:\/\/cache.pressmailing.net\/thumbnail\/story_big\/d39cd8cc-77de-47d8-b161-36bc5ef9d625\/pol-pdlu-speyer-sicherstellung-eines-pedelecs-eigent-mer-gesucht\" alt=\"POL-PDLU: Speyer - Sicherstellung eines Pedelecs, Eigent\u00fcmer gesucht\"\/><\/a><\/figure><\/div>\n\n\n<p>Am Donnerstagnachmittag stellten Polizeibeamte in der Spaldinger Stra\u00dfe ein herrenloses hochwertiges Pedelec sicher, um das Eigentum des unbekannten, rechtm\u00e4\u00dfigen Eigent\u00fcmers zu sichern. Es handelt sich um ein hellblaues Pedelec der Marke Stevens mit Bosch-Akku und schwarzem Gep\u00e4ckkorb hinten. Die Rahmengr\u00f6\u00dfe betr\u00e4gt 52 cm.<\/p>\n\n\n\n<ul>\n<li><strong>Die Polizei Speyer bittet die oder den rechtm\u00e4\u00dfigen Eigent\u00fcmer, sich telefonisch unter 06232\/137-0 oder per E-Mail an&nbsp;<a href=\"mailto:pispeyer@polizei.rlp.de\" target=\"_blank\" rel=\"noreferrer noopener\">pispeyer@polizei.rlp.de<\/a>&nbsp;zu melden. Das Pedelec kann gegen Eigentumsnachweis ausgeh\u00e4ndigt werden.<\/strong><\/li>\n<\/ul>\n\n\n\n<h2 class=\"wp-block-heading\">(Speyer) &#8211; Kommunalpolitiker angegriffen<\/h2>\n\n\n\n<h3 class=\"wp-block-heading\">Gemeinsame Pressemitteilung der Staatsanwaltschaft Frankenthal (Pfalz) und des Polizeipr\u00e4sidiums Rheinpfalz<\/h3>\n\n\n<div class=\"wp-block-image\">\n<figure class=\"aligncenter size-full\"><img decoding=\"async\" loading=\"lazy\" width=\"800\" height=\"592\" src=\"https:\/\/speyer24news.com\/wp-content\/uploads\/2023\/02\/Achtung.jpeg\" alt=\"\" class=\"wp-image-51381\" srcset=\"https:\/\/speyer24news.com\/wp-content\/uploads\/2023\/02\/Achtung.jpeg 800w, https:\/\/speyer24news.com\/wp-content\/uploads\/2023\/02\/Achtung-300x222.jpeg 300w, https:\/\/speyer24news.com\/wp-content\/uploads\/2023\/02\/Achtung-768x568.jpeg 768w, https:\/\/speyer24news.com\/wp-content\/uploads\/2023\/02\/Achtung-80x60.jpeg 80w\" sizes=\"(max-width: 800px) 100vw, 800px\" \/><\/figure><\/div>\n\n\n<p>Am Mittwochabend (15.05.2024), gegen 23 Uhr, wurde ein Mitglied der Speyerer Stadtratsfraktion der Partei &#8222;Die Linke&#8220; in der Maximilianstra\u00dfe von einem 43-J\u00e4hrigen beleidigt und bedroht. Der Mann warf au\u00dferdem ein Fahrrad in Richtung des Kommunalpolitikers und versuchte ihn zu schlagen. Der Angegriffene blieb unverletzt. Der 43-J\u00e4hrige muss sich nun wegen versuchter gef\u00e4hrlicher K\u00f6rperverletzung, Bedrohung und Beleidigung gegen Personen des politischen Lebens verantworten.<\/p>\n\n\n\n<h2 class=\"wp-block-heading\">(Speyer) &#8211; Kurze Unachtsamkeit erm\u00f6glicht Diebstahl aus PKW<\/h2>\n\n\n\n<p>Am Mittwochabend gegen 18:00 Uhr war ein 61-j\u00e4hriger Mann in der Ruhhecke gerade dabei einen Anh\u00e4nger an seinen PKW anzukuppeln. Den kleinen Moment der Unachtsamkeit nutzte ein bislang unbekannter T\u00e4ter aus und entnahm durch die ge\u00f6ffnete Fensterscheibe aus dem Inneren des PKW die Geldb\u00f6rse und das Mobiltelefon des 61-J\u00e4hrigen. Anschlie\u00dfend fl\u00fcchtete der T\u00e4ter und fuhr mit einem dunkelgr\u00fcnen Mountainbike in Richtung Nelkenweg davon.<\/p>\n\n\n\n<h4 class=\"wp-block-heading\">Eine T\u00e4terbeschreibung liegt vor:<\/h4>\n\n\n\n<ul>\n<li><strong>Demnach war der T\u00e4ter zwischen 20 und 25 Jahren alt<\/strong><\/li>\n\n\n\n<li><strong>dunkelh\u00e4utig<\/strong><\/li>\n\n\n\n<li><strong>hatte kurze schwarze Haare <\/strong><\/li>\n\n\n\n<li><strong>und trug eine dunkle, \u00e4rmellose Jacke.<\/strong><\/li>\n<\/ul>\n\n\n\n<ul>\n<li><strong>Hinweise zu Tat und T\u00e4ter nimmt die Polizei telefonisch unter 06232\/137-0 oder per E-Mail an&nbsp;<a href=\"mailto:%20pispeyer@polizei.rlp.de\">pispeyer@polizei.rlp.de<\/a>&nbsp;entgegen.<\/strong><\/li>\n<\/ul>\n\n\n\n<h4 class=\"wp-block-heading\"><em>Die Polizei r\u00e4t, generell keine Wertgegenst\u00e4nde von au\u00dfen sichtbar in ihrem Fahrzeug aufzubewahren, auch wenn diese nur f\u00fcr eine kurze Zeit aus den Augen gelassen werden. Weitere Hinweise finden Sie unter&nbsp;<a href=\"https:\/\/www.polizei-beratung.de\/themen-und-tipps\/diebstahl\/sicherheit-rund-ums-fahrzeug\/#panel-20646-1\" target=\"_blank\" rel=\"noreferrer noopener\">https:\/\/www.polizei-beratung.de\/themen-und-tipps\/diebstahl\/sicherheit-rund-ums-fahrzeug\/#panel-20646-1<\/a><\/em><\/h4>\n\n\n\n<h2 class=\"wp-block-heading\">(Speyer) &#8211; Lautstarker Randalierer landet im Polizeigewahrsam<\/h2>\n\n\n<div class=\"wp-block-image\">\n<figure class=\"aligncenter size-full\"><img decoding=\"async\" loading=\"lazy\" width=\"800\" height=\"600\" src=\"https:\/\/speyer24news.com\/wp-content\/uploads\/2019\/06\/Ausn\u00fcchterungszelle.jpg\" alt=\"\" class=\"wp-image-15212\" srcset=\"https:\/\/speyer24news.com\/wp-content\/uploads\/2019\/06\/Ausn\u00fcchterungszelle.jpg 800w, https:\/\/speyer24news.com\/wp-content\/uploads\/2019\/06\/Ausn\u00fcchterungszelle-300x225.jpg 300w, https:\/\/speyer24news.com\/wp-content\/uploads\/2019\/06\/Ausn\u00fcchterungszelle-768x576.jpg 768w, https:\/\/speyer24news.com\/wp-content\/uploads\/2019\/06\/Ausn\u00fcchterungszelle-678x509.jpg 678w, https:\/\/speyer24news.com\/wp-content\/uploads\/2019\/06\/Ausn\u00fcchterungszelle-326x245.jpg 326w, https:\/\/speyer24news.com\/wp-content\/uploads\/2019\/06\/Ausn\u00fcchterungszelle-80x60.jpg 80w\" sizes=\"(max-width: 800px) 100vw, 800px\" \/><figcaption class=\"wp-element-caption\">Beispielbild Zelle \/ Verhaftung, dient lediglich der Visualisierung<\/figcaption><\/figure><\/div>\n\n\n<p>Am Mittwoch gegen 14:00 Uhr randalierte und p\u00f6belte ein 37-j\u00e4hriger Mann lautstark Passanten auf dem Parkplatz eines Supermarkts in Speyer-S\u00fcd an. Da sich der Verantwortliche auch im Beisein der Polizeibeamten nicht beruhigen lie\u00df und sich weiterhin aggressiv verhielt, brachten ihn die Beamten zu Boden und fesselten ihn. Hierbei stellten sie fest, dass er nicht unerheblich alkoholisiert war. Anschlie\u00dfend nahmen die Beamten den 37-J\u00e4hrigen zur Verhinderung von Straftaten in Gewahrsam.<\/p>\n\n\n\n<h2 class=\"wp-block-heading\">(Speyer) &#8211; Alleinunfall mit Motorroller<\/h2>\n\n\n\n<p>Gegen 07:35 Uhr am Mittwochmorgen befuhr eine 23-j\u00e4hrige Rollerfahrerin die Wormser Landstra\u00dfe in Richtung Bahnhofstra\u00dfe. An der Lichtzeichenanlage auf H\u00f6he der Viehtriftstra\u00dfe musste die Fahrerin verkehrsbedingt bremsen und verlor auf Grund der nassen Fahrbahn die Kontrolle \u00fcber ihren Roller. Die 23-J\u00e4hrige st\u00fcrzte und verletzte sich leicht. Am Roller entstand ein Sachschaden in H\u00f6he von ca. 500 Euro.<\/p>\n\n\n\n<h2 class=\"wp-block-heading\">(Speyer) &#8211; Einbr\u00fcche in zwei Bauwagen<\/h2>\n\n\n\n<p>Im Zeitraum vom Dienstag bis Mittwochmorgen brachen unbekannte T\u00e4ter zwei Bauwagen im Bereich der Industriestra\u00dfe auf. Die T\u00e4ter durchsuchten die Bauwagen und entwendeten hieraus eine Autobatterie sowie einen zweistelligen Bargeldbetrag. Es entstand ein Sachschaden in H\u00f6he von ca. 2.000 Euro.<\/p>\n\n\n\n<ul>\n<li><strong>Hinweise zu Tat und T\u00e4tern nimmt die Polizei telefonisch unter 06232\/137-0 oder per E-Mail an&nbsp;<a href=\"mailto:%20pispeyer@polizei.rlp.de\">pispeyer@polizei.rlp.de<\/a>&nbsp;entgegen.<\/strong><\/li>\n<\/ul>\n\n\n\n<h2 class=\"wp-block-heading\">(Neuhofen) &#8211; Fallrohr aus Kupfer entwendet<\/h2>\n\n\n\n<p>In der Nacht vom 14. auf den 15. Mai entwendete eine bisher unbekannte T\u00e4terschaft in der Bruchgasse circa 1,5 m eines Fallrohrs, welches bereits an einem entsprechenden Fallrohrsystem montiert war. Um an das Fallrohr zu gelangen, mussten der oder die T\u00e4ter eine Leiter an das Geb\u00e4ude stellen &#8211; das Vorgehen war also mit einem entsprechenden Aufwand verbunden! Das entwendete Fallrohr hatte einen unteren dreistelligen Wert. <\/p>\n\n\n\n<ul>\n<li><strong>Wer Hinweise zu den T\u00e4tern geben kann bzw. verd\u00e4chtige Personen wahrgenommen hat wird gebeten, sich unter der Telefonnummer 06235 \/ 495-0 oder per E-Mail (<a href=\"mailto:pischifferstadt@polizei.rlp.de\">pischifferstadt@polizei.rlp.de<\/a>) an die Polizeiinspektion Schifferstadt zu wenden.<\/strong><\/li>\n<\/ul>\n\n\n\n<h2 class=\"wp-block-heading\">(Dudenhofen) &#8211; Wendevorgang endet mit Verkehrsunfall und leichtverletzter Person<\/h2>\n\n\n\n<p>Am Mittwoch gegen 17:30 Uhr befuhr eine 33-j\u00e4hrige PKW-Fahrerin die Carl-Zimmermann-Stra\u00dfe in Richtung Landauer Stra\u00dfe. Zeitgleich wendete ein 80-j\u00e4hriger Mann mit seinem PKW in einer Hofeinfahrt in der Carl-Zimmermann-Stra\u00dfe und stie\u00df beim R\u00fcckw\u00e4rtsfahren mit dem PKW der 33-J\u00e4hrigen zusammen. Diese erlitt durch den Zusammensto\u00df Kopfschmerzen, eine medizinische Behandlung war jedoch nicht notwendig. An beiden Fahrzeugen entstand Sachschaden von insgesamt ca. 12.000 Euro.<\/p>\n\n\n\n<h2 class=\"wp-block-heading\">(R\u00f6merberg) &#8211; Versuchter Diebstahl eines Radladers<\/h2>\n\n\n\n<p>Am Mittwochmorgen gegen 09:20 Uhr stellte der Eigent\u00fcmer eines Radladers den versuchten Diebstahl des auf einem Feld bei R\u00f6merberg-Heiligenstein, nahe des B\u00e4umelwegs, abgestellten Fahrzeugs fest. Die bislang unbekannten T\u00e4ter versuchten zun\u00e4chst mittels Universalschl\u00fcssel den Radlader zu starten. Da dies nicht gelang, richteten die T\u00e4ter mutwillige Besch\u00e4digungen am Fahrzeug an. Im Rahmen der Tatortaufnahme sicherten die Beamten Spuren, die mit der Tat in Zusammenhang stehen k\u00f6nnten. Am Radlader entstand ein Sachschaden von ca. 5.000 Euro.<\/p>\n\n\n\n<ul>\n<li><strong>Die Polizei bittet Zeugen, die im Zeitraum von Dienstag bis Mittwochmorgen verd\u00e4chtige Personen oder Fahrzeuge im Bereich der Felder s\u00fcdwestlich von R\u00f6merberg-Heiligenstein gesehen haben, sich mit der Polizei Speyer unter 06232-1370 oder&nbsp;<a href=\"mailto:%20pispeyer@polizei.rlp.de\">pispeyer@polizei.rlp.de<\/a>&nbsp;in Verbindung zu setzen.<\/strong><\/li>\n<\/ul>\n\n\n\n<h2 class=\"wp-block-heading\">(Freisbach) &#8211; Dachstuhlbrand<\/h2>\n\n\n\n<p>In der Nacht von Donnerstag auf Freitag geriet gegen 01 Uhr der Dachstuhl eines Einfamilienhauses in Freisbach in Brand. Die Bewohner konnten sich unverletzt aus dem Haus retten. Der Sachschaden bel\u00e4uft sich ersten Sch\u00e4tzungen zufolge auf einen niedrigen sechsstelligen Betrag. Die Kriminalpolizei Landau hat die Ermittlungen zur Feststellung der Brandursache aufgenommen und pr\u00fcft dabei auch einen m\u00f6glichen Zusammenhang zu dem Unwetter.<\/p>\n\n\n\n<h3 class=\"wp-block-heading has-text-align-center\">Nachtrag zu einem Dachstuhlbrand in Freisbach<\/h3>\n\n\n\n<p>Die kriminalpolizeilichen Ermittlungen ergaben, dass der Dachstuhlbrand in der Ortsgemeinde Freisbach durch einen Blitzeinschlag verursacht wurde.<\/p>\n\n\n\n<h2 class=\"wp-block-heading\">(Germersheim) &#8211; Verletzter E-Scooter-Fahrer nach Verkehrsunfall in Germersheim<\/h2>\n\n\n\n<p>Verletzt wurde ein 41-j\u00e4hriger E-Scooter Fahrer am 15.05.2024, 06:45 Uhr, als es zu einem Konflikt mit einem PKW kam. Der 41-j\u00e4hrige befuhr den Radweg An Fronte w\u00e4hrend eine 45-j\u00e4hrige PKW-Fahrerin ihr Fahrzeug wendete und den bevorrechtigten Scooter-Fahrer \u00fcbersah. Der Scooter-Fahrer bremste stark ab und konnte sich letztlich mit den H\u00e4nden am PKW abst\u00fctzen und so einen Zusammensto\u00df vermeiden. Ungl\u00fccklicherweise prallte er aber seiner Brust gegen seinen Lenker und verletzte sich leicht. Zu Untersuchung begab er sich vorsorglich in einen Krankenhaus.<\/p>\n\n\n\n<h2 class=\"wp-block-heading\">(Germersheim) &#8211; Angefahren und gefl\u00fcchtet<\/h2>\n\n\n\n<h3 class=\"wp-block-heading has-text-align-center\">Nachtragsmeldung zur Pressemeldung vom 14.05.2025<\/h3>\n\n\n\n<p>Der Fahrer und der gesuchte Honda Civic konnten ermittelt werden. Es handelt sich um einen 18-j\u00e4hrigen aus Germersheim. Die Ermittlungen zum Sachverhalt dauern an. Die Ursprungsmeldung ist hier zu finden:&nbsp;<a href=\"https:\/\/www.presseportal.de\/blaulicht\/pm\/117686\/5779230\" target=\"_blank\" rel=\"noreferrer noopener\">https:\/\/www.presseportal.de\/blaulicht\/pm\/117686\/5779230<\/a><\/p>\n\n\n\n<h2 class=\"wp-block-heading\">(W\u00f6rth) &#8211; Achtung! Trickdieb unterwegs<\/h2>\n\n\n\n<p>Gleich zweimal hat gestern am 16.05.24 ein Trickdieb in W\u00f6rth erfolgreich zugeschlagen. Der Mann hielt zun\u00e4chst gegen 10.15h in der Eisenbahnstra\u00dfe ein Fahrzeug an, indem er wild gestikulierte. Nachdem die Autofahrerin anhielt und das Fenster herunterdrehte, beugte sich der Mann in den Innenraum und redete etwas Unverst\u00e4ndliches. Danach rannte er weg. Kurze Zeit sp\u00e4ter \u00f6ffnete vermutlich der gleiche Mann auf einem Parkplatz in der Marktstra\u00dfe die Beifahrert\u00fcr eines Autos und fragte den noch auf dem Fahrersitz sitzenden Autofahrer nach einer Parkscheibe. In beiden F\u00e4llen entwendete der Mann die Geldb\u00f6rse, welche sich in einer Tasche auf dem Beifahrersitz der jeweiligen Fahrzeuge befand. Eine sofortige Fahndung nach dem T\u00e4ter durch die Polizei blieb ergebnislos. Der Mann d\u00fcrfte sich die Fahrzeuge gezielt ausgesucht und im Vorfeld beobachtet haben. <\/p>\n\n\n\n<h4 class=\"wp-block-heading\">Er wird wie folgt beschrieben: <\/h4>\n\n\n\n<ul>\n<li><strong>Ca. 1,75m gro\u00df<\/strong><\/li>\n\n\n\n<li><strong>kurze dunkle Haare<\/strong><\/li>\n\n\n\n<li><strong>3-Tage-Bart<\/strong><\/li>\n\n\n\n<li><strong>schmales Gesicht<\/strong><\/li>\n\n\n\n<li><strong>sprach gebrochenes deutsch<\/strong><\/li>\n\n\n\n<li><strong>bekleidet mit Jeanshose und Jeansjacke.<\/strong><\/li>\n<\/ul>\n\n\n\n<ul>\n<li><strong>Zeugen, welche verd\u00e4chtige Wahrnehmungen gemacht haben, sollen sich bitte mit der Polizei W\u00f6rth unter 07271 92210 oder&nbsp;<a href=\"mailto:%20piwoerth@polizei.rlp.de\">piwoerth@polizei.rlp.de<\/a>&nbsp;in Verbindung setzen.<\/strong><\/li>\n<\/ul>\n\n\n\n<h2 class=\"wp-block-heading\">(Berg) &#8211; Zigarettenautomat abgerissen und mitgenommen<\/h2>\n\n\n\n<p>In der Nacht zum Freitag, den 17.05.24 rissen unbekannte T\u00e4ter einen an einer Hauswand verankerten Zigarettenautomaten in der Bruchbergstra\u00dfe in Berg ab. Der Zigarettenautomat wurde sp\u00e4ter von Zeugen an einen Fahrradweg au\u00dferhalb von Berg aufgefunden. Der Inhalt wurde komplett entwendet. An der Hausfassade entstand geringer Sachschaden. An andere Stelle in B\u00fcchelberg in der Dorfbrunnenstra\u00dfe blieben die T\u00e4ter erfolglos. Hier gelang es ihnen nicht einen Zigarettenautomaten von der Wand zu hebeln. Hierbei wurde allerdings auch die Hausfassade besch\u00e4digt. <\/p>\n\n\n\n<ul>\n<li><strong>Zeugen, welche verd\u00e4chtige Wahrnehmungen gemacht haben, sollen sich bitte mit der Polizei W\u00f6rth unter 07271 92210 oder&nbsp;<a href=\"mailto:%20piwoerth@polizei.rlp.de\">piwoerth@polizei.rlp.de<\/a>&nbsp;in Verbindung setzen.<\/strong><\/li>\n<\/ul>\n\n\n\n<h2 class=\"wp-block-heading\">(A 65 \/ AS LD-Zentrum) &#8211; Kollision mit Rehen auf der Autobahn<\/h2>\n\n\n\n<p>In der Mittagszeit (16.05.2024, 12.20 Uhr) kollidierte am Donnerstag eine 49 Jahre alte Autofahrerin auf der A65, N\u00e4he der AS Landau-Zentrum mit zwei Rehe, welche die Fahrbahn querten. Nach der Kollision rannten die vermutlich verletzten Tiere in eine angrenzende Gr\u00fcnfl\u00e4che. Der zust\u00e4ndige Jagdaus\u00fcbungsberechtigte wurde zwecks Nachsuche informiert. Am Fahrzeug der Frau entstand ein Sachschaden von ann\u00e4hrend 2.000 Euro. <\/p>\n\n\n\n<h4 class=\"wp-block-heading\"><em>Die Polizei appelliert: Ein Wildwechsel kann auch bei Tageslicht und auf der Autobahn stattfinden.<\/em><\/h4>\n\n\n\n<h2 class=\"wp-block-heading\">(Landau) &#8211; Kontrolltag mit Schwerpunkt Pr\u00fcfung der Verkehrst\u00fcchtigkeit<\/h2>\n\n\n\n<p>Am 15.05.2024 wurden im Dienstgebiet der Polizeiinspektion Landau diverse Verkehrskontrollen insbesondere hinsichtlich der Feststellung der Verkehrst\u00fcchtigkeit bei Fahrzeugf\u00fchrer\/innen durchgef\u00fchrt. Im Rahmen einer errichteten Standkontrolle im Interpark in Offenbach wurde ein 32-j\u00e4hriger PKW-Fahrer einer allgemeinen Verkehrskontrolle unterzogen, wobei bei dem Fahrer drogentypische Auff\u00e4lligkeiten festgestellt wurden. Ein Urintest verlief positiv auf THC, weshalb ihm die Weiterfahrt untersagt und auf der Dienststelle eine Blutprobe entnommen wurde. Ein Strafverfahren wegen Trunkenheit im Verkehr wurde eingeleitet. Weitere Verst\u00f6\u00dfe hinsichtlich der Fahrunt\u00fcchtigkeit wurden an dem Kontrolltag zwar nicht festgestellt, jedoch konnte ein 30-J\u00e4hriger bei einer Fahrt mit seinem Roller ohne erforderliche Fahrerlaubnis ertappt werden. Ihm droht nun ein Strafverfahren wegen Fahren ohne Fahrerlaubnis.<\/p>\n\n\n\n<h2 class=\"wp-block-heading\">(Landau) &#8211; Unfall zwischen PKW und Motorradfahrer<\/h2>\n\n\n\n<p>Am 15.05.2024, gegen 13:20 Uhr, ereignete sich an der Kreuzung K 5\/ Queichheimer Hauptstra\u00dfe in Landau\/Pf. ein Verkehrsunfall zwischen einem PKW und einem Motorrad. Die 18-J\u00e4hrige Fahranf\u00e4ngerin befuhr mit ihrem Nissan die K 5 vom Horstring kommend in Fahrtrichtung Queichheimer Hauptstra\u00dfe. An der genannten Kreuzung wollte sie nach links abbiegen, \u00fcbersah hierbei den entgegenkommenden, bevorrechtigten Motorradfahrer und kollidierte mit diesem. Der 48-j\u00e4hrige Krad-Fahrer wurde dabei gl\u00fccklicherweise nur leicht verletzt und kam in ein umliegendes Krankenhaus.<\/p>\n\n\n\n<p>Das Motorrad wurde stark besch\u00e4digt und musste abgeschleppt werden. Die Schadensh\u00f6he wird auf 7000 EUR gesch\u00e4tzt. Zudem wurde der Kreuzungsbereich mit auslaufenden Betriebsstoffen verschmutzt, weshalb es zwecks Reinigung der Fahrbahn durch eine beauftragte Spezialfirma zu Verkehrsbehinderungen kam.<\/p>\n\n\n\n<h2 class=\"wp-block-heading\">(Annweiler am Trifels) &#8211; Schulwegkontrolle am Trifels-Gymnasium<\/h2>\n\n\n\n<p>Am Donnerstag (16.05.2024) wurde durch Kr\u00e4fte der Polizeiwache Annweiler eine Schulwegkontrolle beim Trifels-Gymnasium in Annweiler durchgef\u00fchrt. Innerhalb von 30 Minuten mussten hierbei sechs Fahrzeugf\u00fchrer geb\u00fchrenpflichtig verwarnt werden, da diese gegen das bestehende Durchfahrtsverbot verstie\u00dfen. Zudem wurde ein M\u00e4ngelbericht wegen fehlender Dokumente ausgestellt.<\/p>\n\n\n\n<h2 class=\"wp-block-heading\">(Annweiler am Trifels) &#8211; Unfallflucht am ehemaligen Krankenhaus<\/h2>\n\n\n\n<p>Am Donnerstag wurde im Zeitraum von 9-12h auf dem Parkdeck am ehemaligen Krankenhaus eine graue A-Klasse besch\u00e4digt. Der Verursacher fl\u00fcchtete von der Unfallstelle ohne die erforderlichen Feststellungen zu erm\u00f6glichen. Aufgrund der Spurenlage kann vermutet werden, dass der Verursacher ein helles (ggf. hellblaues) Fahrzeug f\u00fchrte welches in einer H\u00f6he von 47-62cm einen Lackschaden haben d\u00fcrfte. Dieser d\u00fcrfte sich entweder hinten links oder noch wahrscheinlicher vorne rechts befinden. Wer Hinweise zum Unfall geben kann, meldet sich bitte bei der Polizeiwache Annweiler.<\/p>\n\n\n\n<h2 class=\"wp-block-heading\">(Annweiler am Trifels) &#8211; Erneut Nachtfahrverbot kontrolliert<\/h2>\n\n\n\n<p>In der Nacht auf Donnerstag (15.05.2024 &#8211; 16.05.2024) wurde erneut das bestehende Nachtfahrverbot f\u00fcr LKW auf der B10 kontrolliert. Innerhalb von einer Stunde wurden vier LKW einer Kontrolle unterzogen. Alle kontrollierten LKW-Fahrer konnten eine g\u00fcltige Ausnahmegenehmigung vorweisen, sodass es, wie bereits am Vortag, diesbez\u00fcglich zu keinen Beanstandungen kam. <\/p>\n\n\n\n<p>Die vorherige Pressemeldung hinsichtlich der Kontrolle des Nachtfahrverbotes kann hier eingesehen werden:&nbsp;<a href=\"https:\/\/www.presseportal.de\/blaulicht\/pm\/117686\/5780018\" target=\"_blank\" rel=\"noreferrer noopener\">https:\/\/www.presseportal.de\/blaulicht\/pm\/117686\/5780018<\/a><\/p>\n\n\n\n<h2 class=\"wp-block-heading\">(Burrweiler) &#8211; Beleidigung nach Zusammensto\u00df<\/h2>\n\n\n\n<p>In der Breitwiesenstra\u00dfe kam es am Donnerstagmittag (16.05.2024, 13.50 Uhr) zu einem Verkehrsunfall, weil eine 60 Jahre alte Autofahrerin den Bremsvorgang eines vorausfahrenden 59 Jahren alten Autofahrers \u00fcbersah. Nach dem Zusammensto\u00df beleidigte die Frau den Mann mit einem Kraftausdruck, weshalb dieser zus\u00e4tzlich eine Strafanzeige erstattete. Angeblich kam es bereits vor dem Unfallgeschehen zu beiderseitigen Beleidigungen. Die Ermittlungen dauern an.<\/p>\n\n\n\n<h2 class=\"wp-block-heading\">(Edenkoben) &#8211; Vorfahrt einer Radfahrerin missachtet<\/h2>\n\n\n\n<p>Prellungen am Kn\u00f6chel und Ellenbogen zog sich am Donnerstag (16.05.2024, 17.40 Uhr) eine 62 Jahre alte Radfahrerin in der Klosterstra\u00dfe zu, weil eine 35 Jahre alte Autofahrerin ihr die Vorfahrt nahm, als sie von der Einm\u00fcndung Remlingstra\u00dfe geradeaus in die Radeburgerstra\u00dfe fahren wollte. Die Radfahrerin musste sich in \u00e4rztliche Behandlung begeben. Die Gesamtschadensh\u00f6he liegt bei 1.000 Euro.<\/p>\n\n\n\n<h2 class=\"wp-block-heading\">(Neustadt) &#8211; Verkehrsbehinderungen am Wochenende<\/h2>\n\n\n<div class=\"wp-block-image\">\n<figure class=\"aligncenter size-large\"><img decoding=\"async\" loading=\"lazy\" width=\"1024\" height=\"512\" src=\"https:\/\/speyer24news.com\/wp-content\/uploads\/2022\/01\/Demonstration-1024x512.png\" alt=\"\" class=\"wp-image-43221\" srcset=\"https:\/\/speyer24news.com\/wp-content\/uploads\/2022\/01\/Demonstration-1024x512.png 1024w, https:\/\/speyer24news.com\/wp-content\/uploads\/2022\/01\/Demonstration-300x150.png 300w, https:\/\/speyer24news.com\/wp-content\/uploads\/2022\/01\/Demonstration-768x384.png 768w, https:\/\/speyer24news.com\/wp-content\/uploads\/2022\/01\/Demonstration.png 1200w\" sizes=\"(max-width: 1024px) 100vw, 1024px\" \/><\/figure><\/div>\n\n\n<p>F\u00fcr das kommende Pfingstwochenende (18. &#8211; 20.05.2024) wurden mehrere Versammlungen in Neustadt angemeldet, bei denen insgesamt mehrere tausend Versammlungsteilnehmende erwartet werden. Aus diesem Grund kommt es an diesen Tagen zu gr\u00f6\u00dferen Polizeieins\u00e4tzen, da u.a. Aufz\u00fcge zum Hambacher Schloss angemeldet sind.<\/p>\n\n\n\n<h4 class=\"wp-block-heading\">VERKEHRSBEEINTR\u00c4CHTIGUNGEN M\u00d6GLICH<\/h4>\n\n\n\n<p>Im Stadtgebiet, insbesondere im Bereich Hambach, kann es durch die Versammlungen zu Verkehrsbehinderungen kommen.<\/p>\n\n\n\n<p>Die Parkpl\u00e4tze Festwiese, Dammstra\u00dfe und die Parkpl\u00e4tze am Hambacher Schloss sind am 18. und 19. Mai 2024 zeitweise gesperrt und daher nur eingeschr\u00e4nkt nutzbar.<\/p>\n\n\n\n<p>Verkehrsbeeintr\u00e4chtigungen sind insbesondere im Bereich der Aufzugsstrecken zu erwarten (siehe Ver\u00f6ffentlichung der Stadt Neustadt unter&nbsp;<a target=\"_blank\" rel=\"noreferrer noopener\" href=\"https:\/\/s.rlp.de\/25V9F\">https:\/\/s.rlp.de\/25V9F<\/a>). Hier werden an beiden Tagen bereits am Morgen bis zum Ende der Versammlung Stra\u00dfen abgesperrt. Wir bitten Verkehrsteilnehmende daher, den Bereich zu umfahren oder das Auto nach M\u00f6glichkeit stehen zu lassen. Wir werden mit ausreichend Polizeikr\u00e4ften vor Ort sein, um die Verkehrsbeeintr\u00e4chtigung auf ein Minimum zu reduzieren.<\/p>\n\n\n\n<p>Versammlungsteilnehmende bitten wir, wenn m\u00f6glich mit \u00f6ffentlichen Verkehrsmitteln anzureisen und sich stets an die geltenden Auflagen zu halten.<\/p>\n\n\n\n<p>Aktuelle Informationen zu Verkehrsbeeintr\u00e4chtigungen und weitere wichtige Meldungen ver\u00f6ffentlichen wir an den Versammlungstagen auf dem Presseportal&nbsp;<a target=\"_blank\" rel=\"noreferrer noopener\" href=\"https:\/\/s.rlp.de\/5vx\">https:\/\/s.rlp.de\/5vx<\/a>&nbsp;und auf unserem X-Kanal&nbsp;<a target=\"_blank\" rel=\"noreferrer noopener\" href=\"https:\/\/twitter.com\/PP_Rheinpfalz\">https:\/\/twitter.com\/PP_Rheinpfalz<\/a>&nbsp;sowie unserem WhatsApp Kanal &#8222;Polizei Rheinpfalz&#8220; unter&nbsp;<a target=\"_blank\" rel=\"noreferrer noopener\" href=\"https:\/\/s.rlp.de\/bgkTn\">https:\/\/s.rlp.de\/bgkTn<\/a>.<\/p>\n\n\n\n<h4 class=\"wp-block-heading\">HINWEISE F\u00dcR VERSAMMLUNGSTEILNEHMENDE<\/h4>\n\n\n\n<p>Die Versammlungsfreiheit steht grundgesetzlich unter einem besonderen Schutz. Es gelten im Versammlungsrecht jedoch auch besondere Regeln und Grenzen. Hierzu z\u00e4hlen u.a. das Vermummungsverbot oder das Verbot des F\u00fchrens von Waffen und gef\u00e4hrlichen Gegenst\u00e4nden. Wir bitten alle Versammlungsteilnehmenden sich im Vorfeld \u00fcber die g\u00fcltigen Regelungen zu informieren. Eine Orientierungshilfe \u00fcber die Besonderheiten des Versammlungsrechts f\u00fcr alle B\u00fcrgerinnen und B\u00fcrger finden Sie au\u00dferdem auf der Internetseite der Polizei Rheinland-Pfalz unter&nbsp;<a href=\"https:\/\/s.rlp.de\/E7ghd\" target=\"_blank\" rel=\"noreferrer noopener\">https:\/\/s.rlp.de\/E7ghd<\/a>.<\/p>\n\n\n\n<h2 class=\"wp-block-heading\">(Bad D\u00fcrkheim) &#8211; Fahrradfahrer bei Unfall verletzt<\/h2>\n\n\n\n<p>Am 17.05.2024 gegen 05:00 Uhr wurde ein 25-J\u00e4hriger Radfahrer bei einem Verkehrsunfall in der Kaiserlauter Stra\u00dfe in Bad D\u00fcrkheim verletzt. Der 25-J\u00e4hrige befuhr mit seinem Fahrrad den Kreisverkehr in H\u00f6he der Arbeitsagentur, als eine 41-J\u00e4hrige mit ihrem Dacia in den Kreisverkehr einfuhr und den Radfahrer \u00fcbersah. Es kam zum Zusammensto\u00df, wobei der Radfahrer zu Boden st\u00fcrzte. Er wurde leicht am Knie verletzt und wurde durch das DRK ins Krankenhaus verbracht. Am Fahrrad entstand ein Gesamtschaden von 300 Euro. Am Dacia entstand kein Schaden.<\/p>\n\n\n\n<h2 class=\"wp-block-heading\">(Bad D\u00fcrkheim) &#8211; Rollerfahrer bei Unfall verletzt<\/h2>\n\n\n\n<p>Am 16.05.2024 gegen 17:00 Uhr wurde ein 41-J\u00e4hriger Rollerfahrer bei einem Verkehrsunfall in der Wormser Stra\u00dfe in Bad D\u00fcrkheim verletzt. Ein 43-J\u00e4hriger befuhr mit seinem Mercedes die Weinstra\u00dfe aus Richtung Kallstadt kommend in Fahrtrichtung Wormser Stra\u00dfe. An der Einm\u00fcndung Weinstra\u00dfe \/ Wormser Stra\u00dfe missachtete er die Vorfahrt des bevorrechtigten Rollerfahrers. Dieser versuchte dem Mercedes auszuweichen und st\u00fcrzte dabei zu Boden. Der 41-J\u00e4hrige wurde leicht verletzt und durch das DRK ins Krankenhaus verbracht. Am Roller entstand ein Gesamtschaden von 300 Euro.<\/p>\n\n\n\n<h2 class=\"wp-block-heading\">(Bad D\u00fcrkheim) &#8211; Zeugenaufruf \/ Fahrzeug unter Drogeneinwirkung gef\u00fchrt<\/h2>\n\n\n\n<p>Am 05.05.2024 gegen 12:00 Uhr konnte im Bereich der B 37 in H\u00f6he Hardenburg eine 43-j\u00e4hrige Fahrerin eines Mercedes Benz einer Verkehrskontrolle unterzogen werden, die augenscheinlich unter dem Einfluss von Bet\u00e4ubungsmitteln stand. Durch aufmerksame Verkehrsteilnehmer war zuvor gemeldet worden, dass die Fahrerin von der A 650 kommend auf der B 37 in Fahrtrichtung Kaiserslautern mit \u00fcberh\u00f6hter Geschwindigkeit und in Schlangenlinien unterwegs w\u00e4re. Vermutlich wurde der Gegenverkehr hierbei gef\u00e4hrdet. W\u00e4hrend der Kontrolle konnten die Polizeibeamten drogentypische Ausfallerscheinungen feststellen. Bei der Durchf\u00fchrung des Drogenvortest versuchte die 43-J\u00e4hrige einen Energiedrink anstatt von Urin abzugeben. Dies wurde von den eingesetzten Beamten aber unterbunden. Bei der darauffolgenden Durchsuchung der Person und des Fahrzeugs konnten geringe Mengen an Bet\u00e4ubungsmitteln, zwei Messer und ein in der Mittelkonsole zugriffsbereites Teppichmesser aufgefunden uns sichergestellt werden. Ihr wurde eine Blutprobe entnommen. Ihr F\u00fchrerschein konnte nicht sichergestellt werden, da ihr die Fahrerlaubnis wegen \u00e4hnlich gelagerter Delikte bereits entzogen wurde. Gegen die Fahrerin wird nun Versto\u00df wegen Versto\u00df gegen das Bet\u00e4ubungsmittelgesetz, Fahren ohne Fahrerlaubnis und F\u00fchren eines Fahrzeuges unter Drogeneinwirkung ermittelt. <\/p>\n\n\n\n<ul>\n<li><strong>Da im Rahmen der Zeugenvernehmungen mittlerweile Hinweise auf gef\u00e4hrdete Verkehrsteilnehmer im Gegenverkehr vorliegen, ruft die Polizei nun dazu auf, dass diese sich mit der Polizei Bad D\u00fcrkheim unter 06322 963 0 oder per E-Mail an&nbsp;<a href=\"mailto:%20pibadduerkheim@polizei.rlp.de\">pibadduerkheim@polizei.rlp.de<\/a>&nbsp;in Verbindung setzen. Aus ermittlungstaktischen Gr\u00fcnden erfolgt der Zeugenaufruf erst zum jetzigen Zeitpunkt.<\/strong><\/li>\n<\/ul>\n\n\n\n<h2 class=\"wp-block-heading\">(Gr\u00fcnstadt) &#8211; Beifahrerin bei Unfall leichtverletzt<\/h2>\n\n\n\n<p>Am Mittwoch, 15.05.2024, gegen 16:45 Uhr wollte ein 61 Jahre alter Autofahrer vom Parkplatz &#8222;Leininger Center&#8220; nach links in die Kirchheimer Stra\u00dfe, also in Richtung Stadtmitte, einbiegen. Hierbei \u00fcbersah er einen in Richtung Kirchheim fahrenden Pkw, den ein 59 Jahre alter Mann fuhr, und es kam zum Zusammensto\u00df. Bei dem Unfall wurde die Beifahrerin des 59-J\u00e4hrigen leicht verletzt. An beiden Pkw entstand Sachschaden in H\u00f6he von insgesamt ca. 10000 Euro.<\/p>\n\n\n\n<h2 class=\"wp-block-heading\">(Laumersheim) &#8211; Betr\u00fcgerische Terrassenreiniger<\/h2>\n\n\n\n<p>Am Mittwoch, 15.05.2024, reinigten zwei M\u00e4nner nach m\u00fcndlicher Vereinbarung eine Terrasse. Nachdem die Reinigung abgeschlossen und der zuvor vereinbarte Betrag kassiert war, verlie\u00dfen die beiden die \u00d6rtlichkeit, ohne die ebenfalls m\u00fcndlich vereinbarte Fugenverf\u00fcllung und Versiegelung zu leisten. Die Polizei ermittelt nun wegen Leistungsbetrugs. Die beiden aus Worms stammenden M\u00e4nner waren vor Bekanntwerden der Tat durch die Polizei in Laumersheim kontrolliert worden. Hierbei wurde festgestellt, dass beide bereits mit gleich gelagerten Delikten in Erscheinung getreten sind.<\/p>\n\n\n\n<h2 class=\"wp-block-heading\">(Frankenthal) &#8211; Kinderansprecher im Bereich Carl-Bosch-Ring<\/h2>\n\n\n<div class=\"wp-block-image\">\n<figure class=\"aligncenter size-full\"><img decoding=\"async\" loading=\"lazy\" width=\"800\" height=\"592\" src=\"https:\/\/speyer24news.com\/wp-content\/uploads\/2023\/02\/Achtung.jpeg\" alt=\"\" class=\"wp-image-51381\" srcset=\"https:\/\/speyer24news.com\/wp-content\/uploads\/2023\/02\/Achtung.jpeg 800w, https:\/\/speyer24news.com\/wp-content\/uploads\/2023\/02\/Achtung-300x222.jpeg 300w, https:\/\/speyer24news.com\/wp-content\/uploads\/2023\/02\/Achtung-768x568.jpeg 768w, https:\/\/speyer24news.com\/wp-content\/uploads\/2023\/02\/Achtung-80x60.jpeg 80w\" sizes=\"(max-width: 800px) 100vw, 800px\" \/><\/figure><\/div>\n\n\n<p>Am Donnerstag, den 16.05.24, gegen 13:15 Uhr, wurde im Bereich des Carl-Bosch-Ring ein 9-J\u00e4hriger auf dem Heimweg von der Schule durch einen unbekannten ca. 50-j\u00e4hrigen Mann aus einem dunklen Kastenwagen angesprochen. Der Unbekannte bot dem Sch\u00fcler Schokolade an. Der Junge handelte richtig, lie\u00df sich auf kein Gespr\u00e4ch ein und verlie\u00df umgehend die \u00d6rtlichkeit. Zu Hause vertraute er sich seinen Eltern an, welche die Polizei informierte. Durch starke Polizeipr\u00e4senz wurde das Gebiet sodann bestreift, der Unbekannt konnte jedoch nicht mehr festgestellt werden. Wir nehmen solche Meldungen immer sehr ernst. <\/p>\n\n\n\n<h3 class=\"wp-block-heading\">Deshalb suchen wir Zeugen:<\/h3>\n\n\n\n<ul>\n<li><strong>Wer hat den Sachverhalt beobachtet?<\/strong><\/li>\n\n\n\n<li><strong>Wer kann Hinweise zu dem Mann geben?<\/strong><\/li>\n<\/ul>\n\n\n\n<ul>\n<li><strong>Sachdienliche Hinweise nimmt die Dienststelle in Frankenthal unter der Telefonnummer 06233 &#8211; 3130 oder per E-Mail an&nbsp;<a href=\"mailto:%20pifrankenthal@polizei.rlp.de\">pifrankenthal@polizei.rlp.de<\/a>&nbsp;entgegen.<\/strong><\/li>\n<\/ul>\n\n\n\n<p>Meldungen dar\u00fcber, dass Kinder aus Fahrzeugen heraus oder sonst angesprochen werden, beunruhigen alle Eltern und Erziehungsverantwortlichen. Jedoch hat nicht jeder Fremde, der ein Kind anspricht, B\u00f6ses im Sinn. <\/p>\n\n\n\n<h4 class=\"wp-block-heading\">Folgende Ratschl\u00e4ge sollten Sie beachten, wenn Kinder davon erz\u00e4hlen, dass sie von Fremden angesprochen wurden: <\/h4>\n\n\n\n<ul>\n<li><strong>Loben Sie Ihr Kind daf\u00fcr, dass es sich Ihnen anvertraut hat. <\/strong><\/li>\n\n\n\n<li><strong>Vermeiden Sie Ger\u00fcchte und beugen Sie somit einer Hysterie in Ihrer Nachbarschaft vor. <\/strong><\/li>\n\n\n\n<li><strong>Wir bitten Sie auf Basis von Ger\u00fcchten keine Falschinformationen zu verbreiten. Teilen Sie keine spekulativen Informationen \u00fcber soziale Netzwerke. <\/strong><\/li>\n\n\n\n<li><strong>Bitte vertrauen Sie bei Ihrer Meinungsbildung nur gesicherten Quellen. Gesicherte Informationen erhalten Sie von Ihrer Polizei unter\u00a0<a href=\"https:\/\/s.rlp.de\/5vx\" target=\"_blank\" rel=\"noreferrer noopener\">https:\/\/s.rlp.de\/5vx<\/a>. <\/strong><\/li>\n\n\n\n<li><strong>Melden Sie den Vorfall der Polizei. \u00dcber den Polizeinotruf 110 erreichen Sie diese zu jeder Tages- und Nachtzeit. <\/strong><\/li>\n\n\n\n<li><strong>Bereiten Sie Ihre Kinder auf solche Situationen vor. <\/strong><\/li>\n\n\n\n<li><strong>Eltern sollten Verhaltensregeln f\u00fcr den Schulweg und die Freizeit festlegen. <\/strong><\/li>\n\n\n\n<li><strong>Schicken Sie Ihr Kind m\u00f6glichst nicht allein, sondern in kleinen Gruppen zusammen mit anderen Kindern zur Schule oder zum Spielplatz. <\/strong><\/li>\n\n\n\n<li><strong>Halten Sie es zur P\u00fcnktlichkeit an. <\/strong><\/li>\n\n\n\n<li><strong>Wir nehmen Ihre \u00c4ngste ernst und sind stets f\u00fcr Sie ansprechbar. Melden Sie bitte jeden verd\u00e4chtigen Sachverhalt sofort bei Ihrer Polizeidienststelle oder \u00fcber Notruf. Nur so k\u00f6nnen wir auch Ermittlungen aufnehmen. Denn wir k\u00fcmmern uns und gehen jedem Hinweis nach.<\/strong><\/li>\n<\/ul>\n\n\n\n<h4 class=\"wp-block-heading\"><em>Auf der Internetseite der polizeilichen Kriminalpr\u00e4vention&nbsp;<a href=\"https:\/\/www.polizei-beratung.de\/\" target=\"_blank\" rel=\"noreferrer noopener\">www.polizei-beratung.de<\/a>&nbsp;finden Sie weitere umfangreiche Informationen zu diesem Thema.<\/em><\/h4>\n\n\n\n<h2 class=\"wp-block-heading\">(Frankenthal) &#8211; Jugendliche ohne F\u00fchrerschein und ohne Kennzeichen unterwegs<\/h2>\n\n\n\n<p>Am Dienstag den 15.05.2024, gegen 19:00 Uhr, fuhren abwechselnd zwei 16-J\u00e4hrige Frankenthaler mit einem nicht zugelassenen Auto durch Frankenthal &#8211; M\u00f6rsch. Bei einer durchgef\u00fchrten Verkehrskontrolle konnten die Polizeibeamten festgestellt, dass die Jugendlichen zudem &#8211; auch altersbedingt &#8211; nicht im Besitz einer g\u00fcltigen Fahrerlaubnis waren. Die Jugendlichen m\u00fcssen nun nicht nur mit einer Anzeige wegen Fahren ohne Fahrerlaubnis rechnen, es wird zudem die F\u00fchrerscheinstelle \u00fcber die Straftat in Kenntnis gesetzt.<\/p>\n\n\n\n<h2 class=\"wp-block-heading\">(Bobenheim-Roxheim) &#8211; Brand einer Holzh\u00fctte<\/h2>\n\n\n\n<p>Am 16.05.2024, gegen 20.40 Uhr, wurde der Brand einer Holzh\u00fctte im Kleinerweg gemeldet. Vor Ort konnte festgestellt werden, dass eine aus Holz bestehende Sitzecke des dortigen Jugendzentrums brannte. Der Brand konnte durch die Feuerwehr gel\u00f6scht werden, jedoch brannte die Sitzecke komplett aus. Der Schaden wird auf einen niedrigen f\u00fcnfstelligen Wert gesch\u00e4tzt. Die Brandursache ist derzeit noch unklar.<\/p>\n\n\n\n<ul>\n<li><strong>Zeugen werden gebeten sich an die Polizeiinspektion Frankenthal unter der Tel.-Nr.: 06233\/313-0 oder an die Polizeiwache Maxdorf unter der Tel.-Nr.: 06237\/934-1100 zu wenden. Gerne nehmen wir Ihre Hinweise auch per E-Mail unter&nbsp;<a href=\"mailto:%20pifrankenthal@polizei.rlp.de\">pifrankenthal@polizei.rlp.de<\/a>&nbsp;entgegen.<\/strong><\/li>\n<\/ul>\n\n\n\n<h2 class=\"wp-block-heading\">(Ludwigshafen) &#8211; Diebstahl aus Fahrzeug \/ Zeugen gesucht<\/h2>\n\n\n\n<p>Am Donnerstag (16.05.2024), zwischen 17:30 und 21:50 Uhr, schnitten Unbekannte das Stoffdach eines in der Ebertstra\u00dfe auf H\u00f6he der Erzbergerstra\u00dfe abgestellten Fiat Puntos auf und entwendeten eine Jacke, Bargeld und das Autoradio. Der Gesamtschaden bel\u00e4uft sich auf circa 800 Euro.<\/p>\n\n\n\n<ul>\n<li><strong>Wer hat die Tat beobachtet oder kann Hinweise auf die T\u00e4ter geben? Hinweise bitte an die Polizeiinspektion Ludwigshafen 2, Telefonnummer 0621 963-2222 oder per E-Mail&nbsp;<a href=\"mailto:%20piludwigshafen2@polizei.rlp.de\">piludwigshafen2@polizei.rlp.de<\/a>&nbsp;.<\/strong><\/li>\n<\/ul>\n\n\n\n<h2 class=\"wp-block-heading\">(Ludwigshafen) &#8211; Verkehrsunfallflucht \/ Zeugen gesucht<\/h2>\n\n\n\n<p>Am Donnerstag (16.05.2024), um 15:34 Uhr, beobachtete ein Zeuge in der Krummlachstra\u00dfe, wie der Fahrer eines silbernen BMW 5er \u00e4lteren Baujahres beim R\u00fcckw\u00e4rtsausparken aus einer Parkl\u00fccke mit der Abgrenzung einer Bushaltestelle kollidierte. Diese wurde hierdurch verbogen. Der Fahrzeugf\u00fchrer entfernte sich von der \u00d6rtlichkeit, ohne sich um den entstandenen Schaden zu k\u00fcmmern. <\/p>\n\n\n\n<ul>\n<li><strong>Der Zeuge beschrieb ihn als circa 25 Jahre alt, auffallend gro\u00df und blond.<\/strong><\/li>\n<\/ul>\n\n\n\n<ul>\n<li><strong>Wer hat den Vorfall beobachtet und kann Hinweise auf den Fahrzeugf\u00fchrer geben? Hinweise bitte an die Polizeiinspektion Ludwigshafen 2, Telefonnummer 0621 963-2222 oder per E-Mail&nbsp;<a href=\"mailto:%20piludwigshafen2@polizei.rlp.de\">piludwigshafen2@polizei.rlp.de<\/a>&nbsp;.<\/strong><\/li>\n<\/ul>\n\n\n\n<h2 class=\"wp-block-heading\">(Ludwigshafen) &#8211; Rollerfahrer fl\u00fcchtet<\/h2>\n\n\n\n<p>Am Donnerstag (16.05.2024), um 14:50 Uhr, wollten Polizeikr\u00e4fte den Fahrer eines Motorrollers in der Oppauer Stra\u00dfe einer Verkehrskontrolle unterziehen. Der Fahrer ignorierte die Anhaltesignale jedoch und fl\u00fcchtete in der Anglerstra\u00dfe vor der Kontrolle, in dem er eine Engstelle durchfuhr. Daraufhin suchten die Polizeikr\u00e4fte die Wohnanschrift des 19-j\u00e4hrigen Halters des Rollers im Stadtteil Oppau auf, wo sie seine Eltern antrafen. Diese zeigten sich wenig begeistert und zitierten ihren Sohn nach Hause, wo sich der Grund f\u00fcr seine Flucht offenbarte. Es konnten Hinweise auf eine drogenbedingte Beeinflussung des 19-J\u00e4hrigen erlangt werden, ein Drogenvortest best\u00e4tigte den Verdacht. Der junge Mann wurde zu einer Polizeidienstelle gebracht, wo ihm eine Blutprobe entnommen wurde. Sein Roller wurde sichergestellt.<\/p>\n\n\n\n<h2 class=\"wp-block-heading\">(Ludwigshafen) &#8211; Radfahrer bei Unfallflucht verletzt \/ Zeugen gesucht<\/h2>\n\n\n\n<p>Am Donnerstag (16.05.2024), um 08:30 Uhr, war ein 24-j\u00e4hriger Radfahrer auf dem Radweg der Saarlandstra\u00dfe in Richtung Sch\u00e4nzeldamm unterwegs. An der Einm\u00fcndung zur Pfarrer-Krebs-Stra\u00dfe bog ein Autofahrer von der Pfarrer-Krebs-Stra\u00dfe nach rechts auf die Saarlandstra\u00dfe ein und touchierte hierbei im Einm\u00fcndungsbereich den Radfahrer. Der 24-J\u00e4hrige st\u00fcrzte und verletzte sich leicht. Der Autofahrer entfernte sich in Richtung Rheing\u00f6nheimer Stra\u00dfe. <\/p>\n\n\n\n<ul>\n<li><strong>Es soll sich um ein wei\u00dfes Fahrzeug mit roter Aufschrift gehandelt haben.<\/strong><\/li>\n<\/ul>\n\n\n\n<ul>\n<li><strong>Wer hat den Unfall beobachtet und kann Hinweise auf den Verursacher geben? Hinweise bitte an die Polizeiinspektion Ludwigshafen 1, Telefonnummer 0621 963-2122 oder per E-Mail&nbsp;<a href=\"mailto:%20piludwigshafen1@polizei.rlp.de\">piludwigshafen1@polizei.rlp.de<\/a>&nbsp;.<\/strong><\/li>\n<\/ul>\n\n\n\n<h2 class=\"wp-block-heading\">(Ludwigshafen) &#8211; Unfallflucht \/ Zeugen gesucht<\/h2>\n\n\n\n<p>Zwischen Mittwoch (15.05.2024), 16:25 Uhr und Donnerstag (16.05.2024), 06:20 Uhr, besch\u00e4digte ein unbekannter Fahrzeugf\u00fchrer einen am Fahrbahnrand der Nietzschestra\u00dfe auf H\u00f6he der Sternstra\u00dfe abgestellten Skoda Karoq. An dem Fahrzeug entstand Sachschaden in H\u00f6he von circa 2.000 Euro. An dem besch\u00e4digten Auto konnten Spuren gesichert werden, die auf ein blaues Fahrzeug als Verursacher deuten.<\/p>\n\n\n\n<ul>\n<li><strong>Wer hat den Unfall beobachtet und kann Hinweise auf den Verursacher geben? Hinweise bitte an die Polizeiinspektion Ludwigshafen 2, Telefonnummer 0621 963-2222 oder per E-Mail&nbsp;<a href=\"mailto:%20piludwigshafen2@polizei.rlp.de\">piludwigshafen2@polizei.rlp.de<\/a>&nbsp;.<\/strong><\/li>\n<\/ul>\n\n\n\n<h2 class=\"wp-block-heading\">(Ludwigshafen) &#8211; Ingewahrsamnahmen<\/h2>\n\n\n<div class=\"wp-block-image\">\n<figure class=\"aligncenter size-full\"><img decoding=\"async\" loading=\"lazy\" width=\"800\" height=\"600\" src=\"https:\/\/speyer24news.com\/wp-content\/uploads\/2019\/06\/Ausn\u00fcchterungszelle.jpg\" alt=\"\" class=\"wp-image-15212\" srcset=\"https:\/\/speyer24news.com\/wp-content\/uploads\/2019\/06\/Ausn\u00fcchterungszelle.jpg 800w, https:\/\/speyer24news.com\/wp-content\/uploads\/2019\/06\/Ausn\u00fcchterungszelle-300x225.jpg 300w, https:\/\/speyer24news.com\/wp-content\/uploads\/2019\/06\/Ausn\u00fcchterungszelle-768x576.jpg 768w, https:\/\/speyer24news.com\/wp-content\/uploads\/2019\/06\/Ausn\u00fcchterungszelle-678x509.jpg 678w, https:\/\/speyer24news.com\/wp-content\/uploads\/2019\/06\/Ausn\u00fcchterungszelle-326x245.jpg 326w, https:\/\/speyer24news.com\/wp-content\/uploads\/2019\/06\/Ausn\u00fcchterungszelle-80x60.jpg 80w\" sizes=\"(max-width: 800px) 100vw, 800px\" \/><figcaption class=\"wp-element-caption\">Beispielbild Zelle \/ Verhaftung, dient lediglich der Visualisierung<\/figcaption><\/figure><\/div>\n\n\n<p>Am Mittwochabend (15.05.2024), gegen 20:00 Uhr, meldeten Zeugen, dass sich in der Batschkastra\u00dfe eine Gruppe alkoholisierter Jugendlicher aufhalte, welche sich verbal aggressiv gegen\u00fcber den Anwohnern verhalten. Bei Eintreffen der Polizeikr\u00e4fte entfernten sich unmittelbar vier Personen von der \u00d6rtlichkeit, ein 46-J\u00e4hriger und ein 24-J\u00e4hriger blieben vor Ort. Der 46-J\u00e4hrige verhielt sich auch gegen\u00fcber den Polizeikr\u00e4ften verbal aggressiv. Beide Personen erhielten einen Platzverweis, welchem sie zun\u00e4chst nachkamen, als der 46-J\u00e4hrige jedoch wenig sp\u00e4ter wieder an der \u00d6rtlichkeit erschien, wurde er in Gewahrsam genommen.<\/p>\n\n\n\n<p>Wenig sp\u00e4ter wurde auch am Berliner Platz eine Gruppe alkoholisierter und verbal aggressiver Personen gemeldet. Hier konnten eine 36-J\u00e4hrige und ihr gleichaltriger Lebensgef\u00e4hrte festgestellt werden. Auch hier wurde ein Platzverweis ausgesprochen, woraufhin sich die Frau entfernte, der Mann jedoch begann, sich vor den Polizeikr\u00e4ften aufzubauen und diese anzuschreien. Da er sich nicht beruhigen lie\u00df und dem Platzverweis nicht nachkommen wollte, wurde auch er in Gewahrsam genommen.<\/p>\n\n\n\n<h2 class=\"wp-block-heading\">(Ludwigshafen) &#8211; Schl\u00e4gerei an Stra\u00dfenbahnhaltestelle \/ Zeugen gesucht<\/h2>\n\n\n<div class=\"wp-block-image\">\n<figure class=\"aligncenter size-full\"><img decoding=\"async\" loading=\"lazy\" width=\"800\" height=\"533\" src=\"https:\/\/speyer24news.com\/wp-content\/uploads\/2021\/11\/Schlaegerei.jpg\" alt=\"\" class=\"wp-image-42366\" srcset=\"https:\/\/speyer24news.com\/wp-content\/uploads\/2021\/11\/Schlaegerei.jpg 800w, https:\/\/speyer24news.com\/wp-content\/uploads\/2021\/11\/Schlaegerei-300x200.jpg 300w, https:\/\/speyer24news.com\/wp-content\/uploads\/2021\/11\/Schlaegerei-768x512.jpg 768w\" sizes=\"(max-width: 800px) 100vw, 800px\" \/><figcaption class=\"wp-element-caption\">Beispielbild Schl\u00e4gerei \/ K\u00f6rperverletzung, dient lediglich der Visualisierung<\/figcaption><\/figure><\/div>\n\n\n<p>Am Mittwochnachmittag (15.05.2024), gegen 16:40 Uhr, kam es an der Stra\u00dfenbahnendhaltestelle in der Comeniusstra\u00dfe zu einer k\u00f6rperlichen Auseinandersetzung. Zwei 14- und 16-J\u00e4hrige seien hierbei durch eine circa zehnk\u00f6pfige Gruppe Jugendlicher angegriffen und leicht verletzt worden. Die Gruppe habe hierbei unter anderem mit einem Ast auf die Gesch\u00e4digten eingeschlagen und Pfefferspray verspr\u00fcht, woraufhin sie sich in einen Supermarkt fl\u00fcchteten. Eine Personenbeschreibung liegt nicht vor.<\/p>\n\n\n\n<ul>\n<li><strong>Wer hat den Vorfall beobachtet und kann Hinweise auf die Identit\u00e4t der Personen geben? Hinweise werden an die Polizeiwache Oggersheim unter Tel. 0621 963 &#8211; 2403 oder per E-Mail&nbsp;<a href=\"mailto:%20pwoggersheim@polizei.rlp.de\">pwoggersheim@polizei.rlp.de<\/a>&nbsp;erbeten.<\/strong><\/li>\n<\/ul>\n\n\n\n<h2 class=\"wp-block-heading\">(Ludwigshafen) &#8211; Nicht auf Betr\u00fcger hereingefallen<\/h2>\n\n\n\n<p>Am Mittwoch (15.05.2024) erhielten erneut mehrere Personen in Ludwigshafen betr\u00fcgerische Anrufe. Eine 71-J\u00e4hrige aus Oggersheim wurde durch einen vermeintlichen Bankmitarbeiter angerufen, welcher ihr von einer verd\u00e4chtigen \u00dcberweisung auf ihrem Konto berichtete. Eine Nachfrage bei ihrer Bank entlarvte den Betrugsversuch.<\/p>\n\n\n\n<p>Eine 87-j\u00e4hrige Oggersheimerin und eine 81-J\u00e4hrige aus Edigheim erhielten sogenannte Schockanrufe durch ihre vermeintlichen T\u00f6chter, welche berichteten, einen schweren Unfall verursacht zu haben und nur gegen Zahlung einer hohen Kaution nicht ins Gef\u00e4ngnis zu m\u00fcssen. Beide Angerufenen erkannten die Betrugsmasche und beendeten die Gespr\u00e4che.<\/p>\n\n\n\n<h4 class=\"wp-block-heading\">Beachten Sie die Tipps Ihrer Polizei, um sich vor Betrug am Telefon zu sch\u00fctzen:<\/h4>\n\n\n\n<ul>\n<li><strong>Legen Sie den H\u00f6rer auf! Das ist nicht unh\u00f6flich.<\/strong><\/li>\n\n\n\n<li><strong>Die Polizei ruft Sie niemals unter der Polizeinotrufnummer 110 an.<\/strong><\/li>\n\n\n\n<li><strong>\u00dcbergeben Sie nie Geld oder Wertsachen an Unbekannte!<\/strong><\/li>\n\n\n\n<li><strong>Die Polizei wird Sie niemals dazu auffordern, Geld oder Wertsachen herauszugeben.<\/strong><\/li>\n\n\n\n<li><strong>Seien Sie misstrauisch, wenn sich jemand am Telefon mit den Worten &#8222;Rate mal, wer hier spricht!&#8220; oder \u00e4hnlichen Formulierungen meldet, ohne sich selbst namentlich vorzustellen.<\/strong><\/li>\n\n\n\n<li><strong>Nutzen Sie nicht die R\u00fcckwahltaste! Geben Sie bei R\u00fcckfragen an die Polizei die Telefonnummer der \u00f6rtlichen Dienststelle selbst \u00fcber die Tasten ein.<\/strong><\/li>\n\n\n\n<li><strong>Sollten Sie einen solchen Anruf erhalten, informieren Sie Ihre \u00f6rtlich zust\u00e4ndige Polizeidienststelle oder melden Sie den Sachverhalt \u00fcber unserer Online-Wache: <a href=\"https:\/\/www.polizei.rlp.de\/de\/onlinewache\/\" target=\"_blank\" rel=\"noreferrer noopener\">www.polizei.rlp.de\/de\/onlinewache\/<\/a>.<\/strong><\/li>\n\n\n\n<li><strong>Im Notfall w\u00e4hlen Sie die 110, Notruf Polizei! &#8211; Unsere Pr\u00e4ventionsexperten informieren unter der Tel.: 0621 963-1515, wie man sich am besten gegen Telefonbetrug sch\u00fctzen kann.<\/strong><\/li>\n<\/ul>\n\n\n\n<h4 class=\"wp-block-heading\"><em>Auf der Internet-Seite&nbsp;<a href=\"https:\/\/www.polizei-beratung.de\/\" target=\"_blank\" rel=\"noreferrer noopener\">www.polizei-beratung.de<\/a>&nbsp;finden Sie umfangreiche Informationen zu diesem Thema.<\/em><\/h4>\n\n\n\n<h2 class=\"wp-block-heading\">(Ludwigshafen) &#8211; Unfall unter Alkoholeinfluss<\/h2>\n\n\n\n<p>Am Mittwoch (15.05.2024), gegen 11:50 Uhr, kam es in der Comeniusstra\u00dfe zu einem Verkehrsunfall zwischen einer 48-j\u00e4hrigen Autofahrerin und einer 72-j\u00e4hrigen Fu\u00dfg\u00e4ngerin. Die 48-J\u00e4hrige war aus einer Parkl\u00fccke ausgefahren und hatte dabei die 72-J\u00e4hrige \u00fcbersehen und erfasst, wodurch diese st\u00fcrzte und sich leicht verletzte. W\u00e4hrend der Unfallaufnahme stellten die Polizeikr\u00e4fte Hinweise auf eine Alkoholisierung der 48-J\u00e4hrigen fest. Ein Atemalkoholtest ergab einen Wert von \u00fcber 1,5 Promille. Die Frau wurde zu einer Polizeidienststelle gebracht, wo ihr eine Blutprobe entnommen und ihr F\u00fchrerschein beschlagnahmt wurde.<\/p>\n\n\n\n<p>Der Einfluss von Alkohol oder anderen berauschenden Mitteln stellt eine Hauptunfallursache dar. Wer berauscht f\u00e4hrt, gef\u00e4hrdet nicht nur sich, sondern auch Andere.<\/p>\n\n\n\n<p>Gegen die unter Alkoholeinfluss stehende Unfallverursacherin wurde ein Ermittlungsverfahren wegen des Verdachtes der Stra\u00dfenverkehrsgef\u00e4hrdung eingeleitet. Sie k\u00f6nnte eine Freiheitsstrafe bis zu f\u00fcnf Jahren oder eine Geldstrafe erwarten.<\/p>\n\n\n\n<h2 class=\"wp-block-heading\">(Ludwigshafen) &#8211; Fahrzeuge angegangen<\/h2>\n\n\n\n<p>Zwischen Dienstagabend (14.05.2024) und Mittwochmorgen (15.05.2024) wurde die Seitenscheibe eines in der Friedelsheimer Stra\u00dfe abgestellten BMW X6 eingeschlagen. Entwendet wurde aus dem Fahrzeuginnenraum nichts.<\/p>\n\n\n\n<p>Im gleichen Zeitraum wurde ein VW Passat in der Maudacher Stra\u00dfe auf H\u00f6he der Tiroler Stra\u00dfe aufgebrochen. Die unbekannten T\u00e4ter entwendeten ein Portemonnaie aus dem Innenraum.<\/p>\n\n\n\n<p>Im Zeitraum zwischen dem 09.05.2024 und dem 15.05.2024 wurde der Katalysator eines in der Karlsbader Stra\u00dfe abgestellten Renault herausgetrennt und gestohlen.<\/p>\n\n\n\n<ul>\n<li><strong>Wer hat die Taten beobachtet und kann Hinweise auf die T\u00e4ter geben? Hinweise bitte an die Polizeiinspektion Ludwigshafen 1, Telefonnummer 0621 963-2122 oder per E-Mail&nbsp;<a href=\"mailto:%20piludwigshafen1@polizei.rlp.de\">piludwigshafen1@polizei.rlp.de<\/a>&nbsp;.<\/strong><\/li>\n<\/ul>\n\n\n\n<h2 class=\"wp-block-heading\">(Ludwigshafen) &#8211; Einbruch in Baucontainer \/ Zeugen gesucht<\/h2>\n\n\n\n<p>Zwischen Dienstag (14.05.2024), 16:30 Uhr, und Mittwoch (15.05.2024), 06:00 Uhr, brachen Unbekannte einen Baucontainer auf einer Baustelle in der Langgartenstra\u00dfe auf und entwendeten diverse Werkzeuge. Die genaue Schadensh\u00f6he ist noch nicht bekannt.<\/p>\n\n\n\n<ul>\n<li><strong>Wer hat die Tat beobachtet und kann Hinweise zu den T\u00e4tern geben? Hinweise bitte an die Polizeiinspektion Ludwigshafen 2, Telefonnummer 0621 963-2222 oder per E-Mail&nbsp;<a href=\"mailto:%20piludwigshafen2@polizei.rlp.de\">piludwigshafen2@polizei.rlp.de<\/a>&nbsp;.<\/strong><\/li>\n<\/ul>\n\n\n\n<h2 class=\"wp-block-heading\">(Ludwigshafen) &#8211; Rollerfahrerin bei Unfall verletzt<\/h2>\n\n\n\n<p>Am fr\u00fchen Mittwochmorgen (15.05.2024), gegen 05:30 Uhr, kam es in der Maxdorfer Stra\u00dfe zu einem Verkehrsunfall zwischen einer 39-j\u00e4hrigen Rollerfahrerin und einer 46-j\u00e4hrigen Autofahrerin. Die Autofahrerin war aus ihrer Grundst\u00fcckseinfahrt auf die Maxdorfer Stra\u00dfe aufgefahren und hatte dabei den Vorrang der auf der Maxdorfer Stra\u00dfe fahrenden 39-J\u00e4hrigen missachtet. Die Rollerfahrerin wurde hierbei leicht verletzt.<\/p>\n\n\n\n<h2 class=\"wp-block-heading\">(Ludwigshafen) &#8211; Einbruch in Floristikgesch\u00e4ft \/ Zeugen gesucht<\/h2>\n\n\n\n<p>In der Nacht von Dienstag auf Mittwoch (14.05.2024 &#8211; 15.05.2024) brachen Unbekannte in ein Floristikgesch\u00e4ft in der Oderstra\u00dfe ein, \u00f6ffneten den Tresor und entwendeten das enthaltene Bargeld. Die Gesamtschadensh\u00f6he d\u00fcrfte im niedrigen f\u00fcnfstelligen Bereich liegen.<\/p>\n\n\n\n<ul>\n<li><strong>Wer hat die Tat beobachtet oder kann Hinweise auf die T\u00e4ter geben? Hinweise bitte an die Polizeiinspektion Ludwigshafen 2, Telefonnummer 0621 963-2222 oder per E-Mail&nbsp;<a href=\"mailto:%20piludwigshafen2@polizei.rlp.de\">piludwigshafen2@polizei.rlp.de<\/a>&nbsp;.<\/strong><\/li>\n<\/ul>\n\n\n\n<h2 class=\"wp-block-heading\">(Mannheim) &#8211; Abgesagt: Pr\u00e4ventionsveranstaltung f\u00fcr Seniorinnen und Senioren beim Polizeipr\u00e4sidium Mannheim<\/h2>\n\n\n\n<p>Die Pr\u00e4ventionsveranstaltung f\u00fcr Seniorinnen und Senioren am 21. Mai 2024 um 10 Uhr im Polizeipr\u00e4sidium Mannheim in L6,1 in Mannheim muss leider abgesagt werden. \u00dcber einen etwaigen Alternativtermin werden wir informieren.<\/p>\n\n\n\n<h2 class=\"wp-block-heading\">(Mannheim) &#8211; Verletzter 18-J\u00e4hriger an Haltestelle \/ Zeugenaufruf<\/h2>\n\n\n<div class=\"wp-block-image\">\n<figure class=\"aligncenter size-full\"><img decoding=\"async\" loading=\"lazy\" width=\"800\" height=\"621\" src=\"https:\/\/speyer24news.com\/wp-content\/uploads\/2021\/07\/Messer-Angriff-Bedrohung-2.jpg\" alt=\"\" class=\"wp-image-38504\" srcset=\"https:\/\/speyer24news.com\/wp-content\/uploads\/2021\/07\/Messer-Angriff-Bedrohung-2.jpg 800w, https:\/\/speyer24news.com\/wp-content\/uploads\/2021\/07\/Messer-Angriff-Bedrohung-2-300x233.jpg 300w, https:\/\/speyer24news.com\/wp-content\/uploads\/2021\/07\/Messer-Angriff-Bedrohung-2-768x596.jpg 768w\" sizes=\"(max-width: 800px) 100vw, 800px\" \/><figcaption class=\"wp-element-caption\">Symbolbild &#8222;\u00dcberfall Messer&#8220;, dient lediglich der Visualisierung<\/figcaption><\/figure><\/div>\n\n\n<p>Das Fachdezernat des Kriminalkommissariats Mannheim sucht Zeugen zu einem Vorfall, der sich Mittag um 14:50 Uhr auf der Blumenau ereignet hat. An der Braunschweiger Allee bzw. am Max-Winterhalter-Ring, an der dortigen Haltestelle, kam es zu einer Auseinandersetzung zwischen drei Personen, bei denen ein 20-J\u00e4hriger durch Schnitt- und Stichverletzungen leicht verletzt wurde.<\/p>\n\n\n\n<p>Zwei bislang unbekannte m\u00e4nnliche T\u00e4ter stehen im Verdacht, dem 20-J\u00e4hrigen diese Verletzungen zugef\u00fcgt zu haben.<\/p>\n\n\n\n<p>Die Hintergr\u00fcnde der Tat sind bislang genauso unklar wie die Identit\u00e4t der zwei fl\u00fcchtigen m\u00e4nnlichen T\u00e4ter.<\/p>\n\n\n\n<h4 class=\"wp-block-heading\">Diese werden folgenderma\u00dfen beschrieben:<\/h4>\n\n\n\n<ol>\n<li><strong>T\u00e4ter: M\u00e4nnlich, ca. 165 cm gro\u00df, war bekleidet mit dunkelgrauem Adidas-Trainingsanzug mit hellgrauen Streifen, trug zudem eine blaue medizinische Maske, die Kapuze der Trainingsjacke war ins Gesicht gezogen, sprach Mannheimer Dialekt<\/strong><\/li>\n\n\n\n<li><strong>T\u00e4ter: M\u00e4nnlich, ca. 190 cm gro\u00df, athletische bzw. trainiert Figur, trug einen dunkelgrauen Trainingsanzug mit hellgrauen Streifen, ebenfalls eine medizinische Maske, auch bei ihm war die Kapuze der Trainingsjacke ins Gesicht gezogen, sprach ebenfalls Mannheimer Dialekt.<\/strong><\/li>\n<\/ol>\n\n\n\n<ul>\n<li><strong>Zeugen, die sachdienliche Hinweise zu der Tat oder den T\u00e4tern geben k\u00f6nnen, werden gebeten, sich unter der Tel.-Nr.: 0621\/174-4444, beim kriminalpolizeilichen Hinweistelefon zu melden.<\/strong><\/li>\n<\/ul>\n\n\n\n<h2 class=\"wp-block-heading\">(Mannheim) &#8211; Unfall mit 35.000 Euro Schaden<\/h2>\n\n\n\n<p>Am Donnerstagmorgen gegen 10 Uhr fuhr eine 40-j\u00e4hrige VW-Fahrerin vermutlich bei Rotlicht \u00fcber die Ampel und verursachte dadurch einen Unfall mit einem 53-j\u00e4hrigen Audi-Fahrer. Die VW-Fahrerin fuhr in Richtung der Kallstadter-Stra\u00dfe von der Stra\u00dfe Auf dem Sand kommend. Im Kreuzungsbereich kollidierte sie mit dem Audi, welcher von der Friedrich-Ebert-Stra\u00dfe in Richtung der Rollb\u00fchlstra\u00dfe unterwegs war. Durch die Wucht des Aufpralls wurde der VW auf die linke Fahrzeugseite umgeworfen. Beide Unfallbeteiligte wurden durch den Rettungsdienst in ein Krankenhaus gebracht. Der Sachschaden liegt bei 35.000 Euro. Die Fahrbahn in Richtung Viernheim war f\u00fcr die Unfallaufnahme und zur Reinigung der Fahrbahn zeitweise gesperrt.<\/p>\n\n\n\n<h2 class=\"wp-block-heading\">(Mannheim) &#8211; Aggressiver Mann widersetzt sich Kontrolle \/ Vorl\u00e4ufige Festnahme<\/h2>\n\n\n<div class=\"wp-block-image\">\n<figure class=\"aligncenter size-full\"><img decoding=\"async\" loading=\"lazy\" width=\"800\" height=\"533\" src=\"https:\/\/speyer24news.com\/wp-content\/uploads\/2021\/10\/Festnahme-Handschellen.jpg\" alt=\"\" class=\"wp-image-41224\" srcset=\"https:\/\/speyer24news.com\/wp-content\/uploads\/2021\/10\/Festnahme-Handschellen.jpg 800w, https:\/\/speyer24news.com\/wp-content\/uploads\/2021\/10\/Festnahme-Handschellen-300x200.jpg 300w, https:\/\/speyer24news.com\/wp-content\/uploads\/2021\/10\/Festnahme-Handschellen-768x512.jpg 768w\" sizes=\"(max-width: 800px) 100vw, 800px\" \/><figcaption class=\"wp-element-caption\">Beispielbild Handschelle \/ Verhaftung, dient lediglich der Visualisierung<\/figcaption><\/figure><\/div>\n\n\n<p>Durch mehrere Zeugen wurde am Donnerstagmorgen um 10 Uhr gemeldet, dass sich ein Mann auf der Kurt-Schuhmacher-Br\u00fccke bef\u00e4nde und in Richtung Innenstadt laufen w\u00fcrde. Passanten und Radfahrer, die sich im Umfeld zu dem Mann befanden, wurden durch diesen verbal und k\u00f6rperlich angegangen. Au\u00dferdem versuchte der Mann mehrere Radfahrer von ihrem Fahrrad zu ziehen. Um 10:30 Uhr wurde der Mann durch eine Streife des Polizeireviers Mannheim-Innenstadt in H\u00f6he der Quadrate K 1 und T 1 festgestellt und sollte einer Personenkontrolle unterzogen werden. Dieser Kontrolle widersetze sich der Mann, weshalb er vorl\u00e4ufig festgenommen wurde. Die Ermittlungen zu den genauen Umst\u00e4nden dauern an und werden durch das Polizeirevier Mannheim Innerstadt gef\u00fchrt.<\/p>\n\n\n\n<h2 class=\"wp-block-heading\">(Mannheim) &#8211; Erneut mehrere Fahrzeuge aufgebrochen<\/h2>\n\n\n\n<p>Zwischen Mittwoch 00.30 Uhr und Donnerstag 10.10 Uhr schlug eine bislang unbekannte T\u00e4terschaft auf bislang unbekannte Art und die Seitenscheibe mehrerer Fahrzeuge im Bereich Oststadt ein und entwendete aus den Fahrzeugen diverses Diebesgut.<\/p>\n\n\n\n<ul>\n<li>In der <strong>Spinozastra\u00dfe<\/strong> bemerkte der Halter eines schwarzen Mercedes am Donnerstagmorgen, dass im Zeitraum zwischen Mittwoch 00.30 Uhr und Donnerstag 7.50 Uhr das Dreiecksfenster seines Fahrzeugs eingeschlagen und aus dem Innenraum diverse Sachen im Wert eines mittleren dreistelligen Betrages entwendet wurden.<\/li>\n\n\n\n<li>Am <strong>Philosophenplatz <\/strong>wurde am Donnerstag zwischen 1.30 Uhr und 10.10 Uhr ein wei\u00dfer BMW auf die gleiche Art und Weise besch\u00e4digt und aus dem Inneren Diebesgut in H\u00f6he eines hohen dreistelligen Betrages entwendet. <\/li>\n\n\n\n<li>Auch der Eigent\u00fcmer eines in der <strong>Leibnitzstra\u00dfe <\/strong>geparkten toten Mini Cooper meldete sich bei der Polizei und gab an, dass sein Fahrzeug auf die zuvor genannte Art und Weise besch\u00e4digt und durchsucht wurde. Hierbei wurde ebenfalls Diebesgut in H\u00f6he eines mittleren dreistelligen Betrages entwendet.<\/li>\n<\/ul>\n\n\n\n<ul>\n<li><strong>Wie hoch der entstandene Sachschaden bei den Fahrzeugen ist, ist derzeit noch nicht bekannt. Die Ermittlungen hierzu hat der Polizeiposten Schwetzingerstadt \u00fcbernommen. Zeugen, die Hinweise auf die unbekannte T\u00e4terschaft oder die Tat selbst haben, werden gebeten sich zu melden, unter: 0621- 441125.<\/strong><\/li>\n<\/ul>\n\n\n\n<h2 class=\"wp-block-heading\">(B 38 \/ Mannheim) &#8211; Verkehrsbehinderung nach Frontalzusammensto\u00df auf der B38<\/h2>\n\n\n\n<p>Nach ersten Erkenntnissen ereignete sich am Donnerstag um kurz nach 08:30 Uhr ein Unfall auf der B38 auf der H\u00f6he der Kallstadter Stra\u00dfe mit zwei beteiligten Fahrzeugen. Die Hintergr\u00fcnde des Frontalzusammensto\u00dfes sind noch unklar. Ob und wie schwer Personen dabei verletzt wurden, wird derzeit noch gekl\u00e4rt. Auf Grund der polizeilichen Ma\u00dfnahmen vor Ort kommt es in dem Bereich derzeit zu einer Beeintr\u00e4chtigung des Verkehrs.<\/p>\n\n\n\n<h3 class=\"wp-block-heading has-text-align-center\">Pressemeldung Nr. 2<\/h3>\n\n\n\n<p>Nach derzeitigem Ermittlungsstand fuhr gegen 08:30 Uhr ein VW von der Kallstadter Stra\u00dfe in die Kreuzung zur B38 ein. Aus bislang unbekannter Ursache missachtete dabei die VW-Fahrerin die Vorfahrt eines Audis, welcher auf der B38 in Richtung Mannheim-Vogelstang unterwegs war. Der Audi prallte mit seiner Front gegen die Seite des VW, so dass dieser auf die Seite kippte. Durch den Unfall verletzten sich sowohl die Fahrerin des VW als auch der Fahrer und die Beifahrerin des Audis. Alle drei Personen mussten im Krankenhaus behandelt werden. Die H\u00f6he des Unfallschadens steht noch nicht fest. Allerdings m\u00fcssen die beiden beteiligten Autos abgeschleppt werden, da sie nicht mehr fahrbereit sind.<\/p>\n\n\n\n<p>Der Verkehrsdienst Mannheim \u00fcbernahm die weiteren Unfallermittlungen.<\/p>\n\n\n\n<h2 class=\"wp-block-heading\">(A 6 \/ Mannheim in Richtung Heilbronn) &#8211; In H\u00f6he Rastst\u00e4tte Kraichgau Verkehrsunfall<\/h2>\n\n\n\n<p>Derzeit kommt es aufgrund eines Unfalls zwischen einem Lkw und einem Pkw auf der BAB 6 zu Verkehrsbeeintr\u00e4chtigungen. Der linke und der rechte Fahrstreifen sind aktuell durch die beteiligten Fahrzeuge blockiert. \u00dcber den Unfallhergang und verletzte Personen liegen noch keine Informationen vor. (<em>16.05.2024 \u2013 08:02<\/em>)<\/p>\n\n\n\n<h2 class=\"wp-block-heading\">(Mannheim) &#8211; Auseinandersetzung beim Aufh\u00e4ngen von Wahlplakaten im Jungbusch<\/h2>\n\n\n\n<p>In der Nacht von Mittwoch auf Donnerstag kam es gegen 00:30 Uhr in der Jungbuschstra\u00dfe zu einer Auseinandersetzung zwischen zwei 24-j\u00e4hrigen Personen die Wahlplakate aufgestellt hatten und einer Gruppe von drei weiteren jeweils 27-j\u00e4hrigen Personen. Dabei wurde zumindest einer der Wahlk\u00e4mpfer leicht verletzt und das Handy seiner Begleiterin besch\u00e4digt. Die Umst\u00e4nde und Tatbeitr\u00e4ge sind derzeit noch nicht abschlie\u00dfend gekl\u00e4rt, weshalb die Kriminalpolizeidirektion Heidelberg die Ermittlungen \u00fcbernommen hat.<\/p>\n\n\n\n<h2 class=\"wp-block-heading\">(Mannheim) &#8211; Unfall unter Drogeneinfluss \/ Ein leichtverletzter Autofahrer als Folge<\/h2>\n\n\n\n<p>Am Mittwochabend, gegen 18 Uhr, befuhr ein 28-j\u00e4hriger Renault-Fahrer die Helmut-Kohl-Stra\u00dfe in Richtung Ludwigshafen. Vor ihm befand sich ein 32-j\u00e4hriger BMW-Fahrer. Dieser musste an der Stelle, an der die Helmut-Kohl-Stra\u00dfe einspurig wird, aufgrund des Verkehrs abbremsen. Der 28-J\u00e4hrige reagierte zu sp\u00e4t und fuhr dem 32-J\u00e4hrigen auf. Der BMW-Fahrer verletzte sich hierbei leicht. Nach der Unfallaufnahme begab sich der 32-J\u00e4hrige selbst\u00e4ndig in medizinische Behandlung.<\/p>\n\n\n\n<p>W\u00e4hrend der Unfallaufnahme stellten die eingesetzten Polizeibeamtinnen und Polizeibeamten des Polizeireviers Mannheim-Neckarau fest, dass der 28-J\u00e4hrige augenscheinlich unter dem Einfluss von Bet\u00e4ubungsmitteln stand. Ein durchgef\u00fchrter Urintest best\u00e4tigte den Verdacht. Daraufhin musste sich der 28-J\u00e4hrige einer Blutprobe unterziehen. Ebenfalls wurde der F\u00fchrerschein beschlagnahmt. Da der Renault-Fahrer auch kein Auto mehr fahren durfte, wurde sein Fahrzeug von einem Abschleppunternehmen an der Unfallstelle abgeholt.<\/p>\n\n\n\n<p>An beiden Fahrzeugen entstand jeweils an den Sto\u00dfstangen ein Schaden in H\u00f6he von insgesamt \u00fcber 4.000 EUR.<\/p>\n\n\n\n<p>Den 28-j\u00e4hrigen Renault-Fahrer erwartet nun u.a. ein Strafverfahren wegen Stra\u00dfenverkehrsgef\u00e4hrdung.<\/p>\n\n\n\n<h2 class=\"wp-block-heading\">(Mannheim) &#8211; Vier M\u00e4nner wegen des Verdachts von Verst\u00f6\u00dfen gegen das Bet\u00e4ubungsmittelgesetz u.a. in Untersuchungshaft<\/h2>\n\n\n\n<h3 class=\"wp-block-heading\">Gemeinsame Pressemitteilung der Staatsanwaltschaft Mannheim und des Polizeipr\u00e4sidiums Mannheim<\/h3>\n\n\n<div class=\"wp-block-image\">\n<figure class=\"aligncenter size-full\"><img decoding=\"async\" loading=\"lazy\" width=\"800\" height=\"533\" src=\"https:\/\/speyer24news.com\/wp-content\/uploads\/2020\/06\/Zelle.jpg\" alt=\"\" class=\"wp-image-28203\" srcset=\"https:\/\/speyer24news.com\/wp-content\/uploads\/2020\/06\/Zelle.jpg 800w, https:\/\/speyer24news.com\/wp-content\/uploads\/2020\/06\/Zelle-300x200.jpg 300w, https:\/\/speyer24news.com\/wp-content\/uploads\/2020\/06\/Zelle-768x512.jpg 768w\" sizes=\"(max-width: 800px) 100vw, 800px\" \/><figcaption class=\"wp-element-caption\">Beispielbild Zelle \/ Verhaftung, dient lediglich der Visualisierung<\/figcaption><\/figure><\/div>\n\n\n<p>Auf Antrag der Staatsanwaltschaft Mannheim wurde durch das Amtsgericht Mannheim Haftbefehl gegen vier M\u00e4nner im Alter von 18, 18, 22 und 24 Jahren erlassen. Zwei der Tatverd\u00e4chtigen im Alter von 18 und 24 Jahren stehen im dringenden Verdacht, sich gemeinsam mit mindestens einer weiteren Person sp\u00e4testens im Januar 2024 dazu entschlossen zu haben, sich durch den Handel mit Bet\u00e4ubungsmitteln, insbesondere Kokain, sowie mit Marihuana und Haschisch eine fortlaufende Einnahmequelle von erheblichem Umfang zu schaffen. Hierzu sollen sie die Rauschmittel gemeinsam bezogen und verwahrt und den Verkauf sodann \u00fcber einen Messenger-Dienst organisiert haben. Je nach ihrer zeitlichen und \u00f6rtlichen Verf\u00fcgbarkeit sollen einzelne oder mehrere von ihnen die Rauschmittel entweder pers\u00f6nlich an ihre Abnehmer \u00fcbergeben oder \u00fcber einen Postdienstleister versandt haben. In der Folge soll es im Zeitraum zwischen dem 23.01.2024 und dem 14.05.2024 zu mindestens vier Verk\u00e4ufen von Rauschmitteln gekommen sein. Die zwei weiteren Tatverd\u00e4chtigen im Alter von 18 und 22 Jahren stehen im dringenden Verdacht, die Gruppierung durch den Kauf und die \u00dcbergabe von Verpackungsmaterial unterst\u00fctzt zu haben.<\/p>\n\n\n\n<p>Bei der Durchsuchung einer zur Lagerung der Rauschmittel gemeinschaftlich genutzten Wohnung in Darmstadt konnten 1,2 Kilogramm Kokain, 31 Kilogramm Marihuana und 61 Kilogramm Haschisch aufgefunden werden. Zudem lagerten in den R\u00e4umlichkeiten zahlreiche Gegenst\u00e4nde, die mutma\u00dflich dem Handel und Vertrieb von Rauschmitteln dienten.<\/p>\n\n\n\n<p>Nach der vorl\u00e4ufigen Festnahme wurde gegen die vier Tatverd\u00e4chtigen am 15.05.2024 auf Antrag der Staatsanwaltschaft Mannheim durch den zust\u00e4ndigen Ermittlungsrichter des Amtsgerichts Mannheim aufgrund bestehender Flucht- und Verdunkelungsgefahr Haftbefehl erlassen und in Vollzug gesetzt. Die Tatverd\u00e4chtigen wurden sodann in unterschiedliche Justizvollzugsanstalten eingeliefert.<\/p>\n\n\n\n<p>Die Ermittlungen der Ermittlungsgruppe Rauschgift und der Staatsanwaltschaft Mannheim dauern an.<\/p>\n\n\n\n<h2 class=\"wp-block-heading\">(Mannheim) &#8211; Mehrere Pkw-Aufbr\u00fcche im innerst\u00e4dtischen Bereich<\/h2>\n\n\n\n<p>In der Zeit von Samstag, 17 Uhr, bis Sonntag, 10 Uhr, kam es im Bereich der Schwetzingerstadt, Seckenheimer Hauptstra\u00dfe, zu einem Einbruch in einen Opel. Aus dem Fahrzeuginneren wurden diverse Gegenst\u00e4nde im Wert von \u00fcber 1.000 EUR entwendet. Der Sachschaden am Fahrzeug selbst ist noch nicht bezifferbar. Das Polizeirevier Mannheim-Innenstadt hat die Ermittlungen eingeleitet.<\/p>\n\n\n\n<p>Zwei weitere Pkw-Aufbr\u00fcche hatte das Polizeirevier Mannheim-Neckarstadt zu verzeichnen. In der Zeit von Dienstag auf Mittwoch von 18:10 Uhr bis 07:10 Uhr brachen bislang unbekannte T\u00e4ter\/T\u00e4terinnen zwei Mercedes Benz, welche am Herrmann-Heimerich-Ufer abgestellt waren, auf. Allerdings wurde aus dem ersten Fahrzeug nichts entwendet.<\/p>\n\n\n\n<p>Beim zweiten Mercedes wurde das Fahrzeug durchw\u00fchlt und ein Mobiltelefon entwendet. Der Sachschaden an beiden Fahrzeugen bel\u00e4uft sich insgesamt auf \u00fcber 1.000 EUR. Das entwendete Mobiltelefon hatte einen Wert von ca. 200 EUR.<\/p>\n\n\n\n<p>Die Ermittlungen dauern an.<\/p>\n\n\n\n<h4 class=\"wp-block-heading\"><em>Weitere Tipps, wie sie Ihr Auto und Gegenst\u00e4nde vor Langfingern sch\u00fctzen, finden Sie hier: <a href=\"https:\/\/www.polizei-beratung.de\/themen-und-tipps\/diebstahl\/sicherheit-rund-ums-fahrzeug\/#panel-20646-5\">https:\/\/www.polizei-beratung.de\/themen-und-tipps\/diebstahl\/sicherheit-rund-ums-fahrzeug\/#panel-20646-5<\/a><\/em><\/h4>\n\n\n\n<h2 class=\"wp-block-heading\">(Heidelberg) &#8211; Drogen und Medikamente bei Personenkontrolle sichergestellt<\/h2>\n\n\n\n<p>Am Donnerstagabend f\u00fchrten Beamtinnen und Beamten des Polizeireviers Heidelberg-Mitte im Bereich der Kurf\u00fcrsten-Anlage diverse Kontrollen durch. Zwei Personen fielen gegen 18 Uhr am dortigen Supermarkt auf, als sie beim Anblick der Streife fluchtartig in Richtung des R\u00f6merkreises liefen. Nachdem die Polizistinnen und Polizisten die 18 und 27 Jahre alten M\u00e4nner eingeholt und kontrolliert hatten, stellten sie bei der Durchsuchung des 18-J\u00e4hrigen in dessen Umh\u00e4ngetasche eine Menge von rund 17 Gramm Haschisch sowie 45 Kapseln des Arzneimittels Pregabalin fest. Auf dem Fluchtweg der Verd\u00e4chtigen fanden die Einsatzkr\u00e4fte au\u00dferdem zehn weitere fertig portionierte Haschischplomben vor. Beide Verd\u00e4chtige mussten schlie\u00dflich auf dem Polizeirevier eine DNA-Probe abgeben. Der 18-j\u00e4hrige Beschuldigte wurde dar\u00fcber hinaus erkennungsdienstlich behandelt. Gegen die M\u00e4nner wird nun wegen des Verdachts wegen des Versto\u00dfes gegen das Bet\u00e4ubungsmittelgesetz ermittelt.<\/p>\n\n\n\n<h2 class=\"wp-block-heading\">(Heidelberg) &#8211; Mehrere Farbschmierereien im Bereich Bahnhofweg \/ Zeugen gesucht<\/h2>\n\n\n\n<p>Am Mittwochnachmittag beschmierte bislang unbekannt T\u00e4terschaft in Handschuhsheim im Bereich am Oberen Bahnhofweg verschiedene Gegenst\u00e4nde und das Auto einer Spazierg\u00e4ngerin mit extremistischen Symbolen und Parolen. Die Ermittler des Polizeireviers Heidelberg-Nord stellten insgesamt 12 Farbschmierereien fest. <\/p>\n\n\n\n<ul>\n<li><strong>Die weiteren Ermittlungen \u00fcbernimmt der Staatsschutz der Kriminalpolizeidirektion Heidelberg. Zeugenhinweise werden erbeten unter 0621-174-4444<\/strong><\/li>\n<\/ul>\n\n\n\n<h2 class=\"wp-block-heading\">(Heidelberg) &#8211; Unfall nach R\u00fcckstau<\/h2>\n\n\n\n<p>Eine 54-J\u00e4hrige fuhr am Mittwoch mit ihrem Mercedes auf der Berliner Stra\u00dfe in Richtung Handschuhsheim und wollte um kurz vor 13:30 Uhr nach links ins Neuenheimer Feld abbiegen. Allerdings musste sie auf Grund eines R\u00fcckstaus im Einm\u00fcndungsbereich anhalten. Als sie schlie\u00dflich weiterfahren konnte, zeigte die Ampel f\u00fcr den Gegenverkehr bereits gr\u00fcn. Dies konnte die 54-J\u00e4hrige aber nicht bemerken, da sie sich bereits hinter der Haltelinie der Ampelanlage befand. So \u00fcbersah sie einen von rechts auf der Berliner Stra\u00dfe herannahenden Opel und es kam zum Unfall. An den Fahrzeugen entstand ein Gesamtschaden von knapp 8.000 Euro. Nach derzeitigem Ermittlungsstand wurde aber niemand verletzt. Beide Fahrzeuge mussten abgeschleppt werden. Im Zuge der Unfallaufnahme mussten Teile der Berliner Stra\u00dfe zeitweise gesperrt werden. Das Polizeirevier Heidelberg-Nord \u00fcbernahm die weiteren Unfallermittlungen.<\/p>\n\n\n\n<h2 class=\"wp-block-heading\">(Schwetzingen \/ Rhein-Neckar-Kreis) &#8211; Falsche Polizeibeamte fingieren Festnahme eines falschen Handwerkers und bestehlen Seniorin<\/h2>\n\n\n<div class=\"wp-block-image\">\n<figure class=\"aligncenter size-large\"><img decoding=\"async\" loading=\"lazy\" width=\"1024\" height=\"649\" src=\"https:\/\/speyer24news.com\/wp-content\/uploads\/2022\/04\/Geld-Betrug-Schockanruf-Rentner-1024x649.jpg\" alt=\"\" class=\"wp-image-44260\" srcset=\"https:\/\/speyer24news.com\/wp-content\/uploads\/2022\/04\/Geld-Betrug-Schockanruf-Rentner-1024x649.jpg 1024w, https:\/\/speyer24news.com\/wp-content\/uploads\/2022\/04\/Geld-Betrug-Schockanruf-Rentner-300x190.jpg 300w, https:\/\/speyer24news.com\/wp-content\/uploads\/2022\/04\/Geld-Betrug-Schockanruf-Rentner-768x487.jpg 768w, https:\/\/speyer24news.com\/wp-content\/uploads\/2022\/04\/Geld-Betrug-Schockanruf-Rentner.jpg 1280w\" sizes=\"(max-width: 1024px) 100vw, 1024px\" \/><figcaption class=\"wp-element-caption\">Beispielbild Schockanruf \/ Betrug, dient lediglich der Visualisierung<\/figcaption><\/figure><\/div>\n\n\n<p>Eine 83-j\u00e4hrige Anwohnerin der Lindenstra\u00dfe bekam am Donnerstag ca. zwischen 12 Uhr und 13.15 Uhr Besuch von einem vermeintlichen Handwerker, der mitteilte dringend das Wasser im Badezimmer der Seniorin \u00fcberpr\u00fcfen zu m\u00fcssen. W\u00e4hrend sich die 83-J\u00e4hrige mit dem Unbekannten im Badezimmer aufhielt, betrat ein weiterer unbekannter Mann unbemerkt die Wohnung und durchsuchte alle R\u00e4umlichkeiten. Hierbei entwendete er diverse Schmuckst\u00fccke sowie Bargeld und verlie\u00df die Wohnung wieder. Nach kurzer Zeit klingelte es erneut an der T\u00fcr und die 83-J\u00e4hrige wurde nun von zwei vermeintlichen Polizeibeamten \u00fcberrascht, die ein schwarzes T-Shirt mit der Aufschrift &#8218;Polizei&#8216; trugen. Diese betraten unvermittelt die Wohnung der Seniorin und gaben an, einen falschen Handwerker im Badezimmer festnehmen zu wollen, was sie im Anschluss auch taten. Als alle Personen die Wohnung verlassen hatten, bemerkte die 83-J\u00e4hrige, dass sie bestohlen und einige ihrer Schmuckst\u00fccke und Bargeld entwendet wurde. Ihr entstand ein Diebstahlsschaden in H\u00f6he eines mittleren vierstelligen Betrages.<\/p>\n\n\n\n<h4 class=\"wp-block-heading\">Die T\u00e4ter k\u00f6nnen wie folgt beschrieben werden:<\/h4>\n\n\n\n<h4 class=\"wp-block-heading\">Vermeintlicher Handwerker:<\/h4>\n\n\n\n<ul>\n<li><strong>m\u00e4nnlich<\/strong><\/li>\n\n\n\n<li><strong>ca. 1,70 m<\/strong><\/li>\n\n\n\n<li><strong>normale Figur<\/strong><\/li>\n\n\n\n<li><strong>s\u00fcdl\u00e4ndisches Aussehen<\/strong><\/li>\n\n\n\n<li><strong>schwarze kurze Haare<\/strong><\/li>\n\n\n\n<li><strong>sprach gebrochen Deutsch<\/strong><\/li>\n\n\n\n<li><strong>dunkle Kleidung<\/strong><\/li>\n<\/ul>\n\n\n\n<h4 class=\"wp-block-heading\">Vermeintliche Polizeibeamte:<\/h4>\n\n\n\n<ul>\n<li><strong>Trugen beide ein schwarzes T-Shirt mit Aufschrift Polizei<\/strong><\/li>\n\n\n\n<li><strong>beide ca. 1,80 m gro\u00df<\/strong><\/li>\n\n\n\n<li><strong>normale Statur<\/strong><\/li>\n\n\n\n<li><strong>sprachen Deutsch mit hiesigen Dialekt.<\/strong><\/li>\n<\/ul>\n\n\n\n<ul>\n<li><strong>Zeugen, die Hinweise auf die T\u00e4ter, den Tathergang oder ein Tatfahrzeug geben k\u00f6nnen, werden gebeten sich bei dem Polizeirevier Schwetzingen zu melden, unter: 06202-2880.<\/strong><\/li>\n<\/ul>\n\n\n\n<h2 class=\"wp-block-heading\">(Hockenheim \/ Rhein-Neckar-Kreis) &#8211; Hochwertiges Fahrrad aus Keller entwendet<\/h2>\n\n\n\n<p>Eine bislang unbekannte T\u00e4terschaft brach zu einem nicht n\u00e4her bestimmbaren Zeitpunkt zwischen Sonntagabend und Mittwochfr\u00fch in einen Gemeinschaftskeller eines Mehrfamilienhauses in der Schwetzinger Stra\u00dfe ein. Dabei hebelte die T\u00e4terschaft die T\u00fcr eines Kellers auf und entwendete daraus ein hochwertiges Fahrrad. Der Diebstahlsschaden bel\u00e4uft sich auf mehrere tausend Euro. Das Polizeirevier Hockenheim \u00fcbernahm die Ermittlungen hinsichtlich des besonders schweren Falls des Diebstahls.<\/p>\n\n\n\n<h2 class=\"wp-block-heading\">(Neckarbischofsheim \/ Rhein-Neckar-Kreis) &#8211; Warnung vor Schockanrufen<\/h2>\n\n\n<div class=\"wp-block-image\">\n<figure class=\"aligncenter size-full\"><img decoding=\"async\" loading=\"lazy\" width=\"578\" height=\"572\" src=\"https:\/\/speyer24news.com\/wp-content\/uploads\/2021\/10\/Telefonbetrug-geschnitten.jpg\" alt=\"\" class=\"wp-image-41297\" srcset=\"https:\/\/speyer24news.com\/wp-content\/uploads\/2021\/10\/Telefonbetrug-geschnitten.jpg 578w, https:\/\/speyer24news.com\/wp-content\/uploads\/2021\/10\/Telefonbetrug-geschnitten-300x297.jpg 300w\" sizes=\"(max-width: 578px) 100vw, 578px\" \/><\/figure><\/div>\n\n\n<p>Trickbetr\u00fcger versuchten am vergangenen Freitag 15.000 Euro von einer 85-J\u00e4hrigen aus Neckarbischofsheim zu erbeuten. Hierbei erhielt die Frau einen Anruf von einem angeblichen Staatsanwalt. Die Person am Telefon erkl\u00e4rte der Seniorin mit m\u00e4nnlicher Stimme, dass ihre Tochter nach einem Unfall verhaftet wurde und nur nach Zahlung einer Kaution wieder freik\u00e4me. Nach diesem Schockanruf eilte die Dame zur ortsans\u00e4ssigen Bank und wollte den Geldbetrag abheben.<\/p>\n\n\n\n<p>Der aufmerksamen Bankangestellten kam der Sachverhalt verd\u00e4chtig vor und verst\u00e4ndigte umgehend die Polizei. Der Angestellten war es letztlich zu verdanken, dass die Betr\u00fcger leer ausgingen.<\/p>\n\n\n\n<p>Immer mehr \u00e4ltere Menschen fallen skrupellosen Betr\u00fcgern zum Opfer. Wie erkennt man g\u00e4ngige Betrugsmaschen sofort? Und wie sollte man sich im Fall der F\u00e4lle am besten verhalten? Infos und Tipps zu verschiedenen Betrugsmaschen finden Sie auf:&nbsp;<a target=\"_blank\" rel=\"noreferrer noopener\" href=\"http:\/\/www.polizei-beratung.de\/\">http:\/\/www.polizei-beratung.de<\/a><\/p>\n\n\n\n<h2 class=\"wp-block-heading\">(Helmstadt \/ Rhein-Neckar-Kreis) &#8211; Motorradunfall mit schwer verletzter Person<\/h2>\n\n\n\n<p>Am Donnerstag um kurz vor 12 Uhr kam es am Ortsrand von Helmstadt zu einem schweren Verkehrsunfall. Nach derzeitigem Ermittlungsstand fuhr ein 40-J\u00e4hriger mit seinem Auto auf der B292 aus Richtung Waibstadt und bog dann in Helmstadt nach links in Richtung Epfenbach ab. Dabei \u00fcbersah er den Fahrer einer Suzuki, der von Aglasterhausen in Richtung Waibstadt fuhr. Durch die Kollision wurde der Motorradfahrer schwer verletzt. Er kam mit einem Hubschrauber in ein Krankenhaus. Seine Suzuki wurde so schwer besch\u00e4digt, dass ein Abschleppunternehmen das Motorrad abtransportierte. Die B292 musste zum Zwecke der Unfallaufnahme und der Reinigung der Fahrbahn voll gesperrt werden. Um kurz nach 13 Uhr konnte die Strecke in Richtung Aglasterhausen wieder frei gegeben werden. Der Verkehrsdienst Heidelberg \u00fcbernahm die weiteren Unfallermittlungen.<\/p>\n\n\n\n<h2 class=\"wp-block-heading\">(Eberbach \/ Rhein-Neckar-Kreis) &#8211; Vermehrt Anrufe durch falsche Polizeibeamte &#8211; sog. Schockanrufe! Pr\u00e4ventionstipps Ihrer Polizei!<\/h2>\n\n\n\n<p>Am Mittwoch kam es in Eberbach in der Zeit von 09:35 Uhr bis 21:00 Uhr vermehrt zu sogenannten Schockanrufen durch falsche Polizeibeamte. In allen F\u00e4llen gab eine weibliche, bislang unbekannte T\u00e4terin vor, Polizeibeamtin zu sein und fragte bei den Betroffenen unter fadenscheinigen Gr\u00fcnden nach den Wertgegenst\u00e4nden oder Bargeld im Hause. Gl\u00fccklicherweise reagierten die 17 angerufenen Familien besonnen und verst\u00e4ndigten die Polizei. Zu Schadensf\u00e4llen kam es nicht.<\/p>\n\n\n\n<p>Das Fachdezernat der Kriminalpolizeidirektion Heidelberg hat die Ermittlungen aufgenommen.<\/p>\n\n\n\n<h4 class=\"wp-block-heading\">Tipps der Polizei:<\/h4>\n\n\n\n<ul>\n<li><strong>Lassen Sie grunds\u00e4tzlich keine Unbekannten in Ihre Wohnung.<\/strong><\/li>\n\n\n\n<li><strong>Fordern Sie von angeblichen Amtspersonen, zum Beispiel Polizisten, den Dienstausweis.<\/strong><\/li>\n\n\n\n<li><strong>Rufen Sie beim geringsten Zweifel bei der Beh\u00f6rde an, von der die angebliche Amtsperson kommt. Suchen Sie die Telefonnummer der Beh\u00f6rde selbst heraus oder lassen Sie sich diese durch die Telefonauskunft geben. Wichtig: Lassen Sie den Besucher w\u00e4hrenddessen vor der abgesperrten T\u00fcr warten.<\/strong><\/li>\n\n\n\n<li><strong>Die Polizei wird Sie niemals um Geldbetr\u00e4ge bitten.<\/strong><\/li>\n\n\n\n<li><strong>Geben Sie am Telefon keine Details zu Ihren finanziellen Verh\u00e4ltnissen preis.<\/strong><\/li>\n\n\n\n<li><strong>Lassen Sie sich am Telefon nicht unter Druck setzen. Legen Sie einfach auf.<\/strong><\/li>\n\n\n\n<li><strong>\u00dcbergeben Sie niemals Geld an unbekannte Personen.<\/strong><\/li>\n<\/ul>\n\n\n\n<h4 class=\"wp-block-heading\"><em>Weitere Tipps finden Sie hier: <a href=\"https:\/\/www.polizei-beratung.de\/themen-und-tipps\/betrug\/betrug-durch-falsche-polizisten\/\">https:\/\/www.polizei-beratung.de\/themen-und-tipps\/betrug\/betrug-durch-falsche-polizisten\/<\/a><\/em><\/h4>\n\n\n\n<h2 class=\"wp-block-heading\">(Wiesenbach \/ Rhein-Neckar-Kreis) &#8211; Peugeot-Fahrer f\u00e4hrt auf Motorrad-Fahrer auf<\/h2>\n\n\n\n<p>Ein 59-j\u00e4hriger Peugeot-Fahrer befuhr am Donnerstag gegen 16.40 Uhr die Wiesenbacher Landstra\u00dfe in Richtung der Bammentaler Stra\u00dfe. Auf H\u00f6he des dortigen Kreisverkehrs musste ein vorausfahrender 62-j\u00e4hriger Motorrad-Fahrer aufgrund des \u00dcberquerens von Fu\u00dfg\u00e4ngern anhalten. Daraufhin fuhr der Peugeot-Fahrer auf den Motorrad-Fahrer auf und dieser st\u00fcrzte zu Boden. Hierbei verletzt sich der 62-J\u00e4hrige leicht und wurde durch einen Rettungswagen zur weiteren Behandlung in ein Krankenhaus gebracht. Der Peugeot blieb weiterhin fahrbereit, w\u00e4hrend das Motorrad an Ort und Stelle verbleiben musste. An den Fahrzeugen entstand ein Sachschaden in bislang unbekannter H\u00f6he. Das Polizeirevier Neckargem\u00fcnd hat die Ermittlungen \u00fcbernommen.<\/p>\n\n\n\n<h2 class=\"wp-block-heading\">(Schriesheim \/ Rhein-Neckar-Kreis) &#8211; 5 Meter langes Stammholz entwendet \/ Zeugen gesucht<\/h2>\n\n\n\n<p>Wie der Polizei nun im Nachgang gemeldet wurde, entwendeten bislang unbekannte T\u00e4ter im Zeitraum von Samstag, 10 Uhr, bis Montagabend, 20 Uhr, eine bislang noch nicht n\u00e4her bestimmbare Menge an Stammholz. Das Stammholz befand sich im Bereich des Wanderparkplatzes Potsdamer Platz \/ Abzweigung Vorderheubach, der sich zwischen Wilhelmsfeld, Altenbach, Lampenheim und Vorderheubach befindet. Die L\u00e4nge des Stammholzes betr\u00e4gt 5 Meter, weshalb f\u00fcr einen Abtransport von den Unbekannten wom\u00f6glich ein gr\u00f6\u00dferes Fahrzeug erforderlich gewesen sein muss. Dabei k\u00e4men zum Beispiel ein Holztransporter (Lkw), ein Traktor mit Anh\u00e4nger und Kran oder \u00e4hnliches in Frage.<\/p>\n\n\n\n<ul>\n<li><strong>Der Polizeiposten Schriesheim hat nun die weiteren Ermittlungen \u00fcbernommen. Zeugen, die etwas Verd\u00e4chtiges mit der Tat im Zusammenhang stehendes gesehen haben oder sonstige sachdienliche Hinweise geben k\u00f6nnen, werden gebeten, sich unter der Telefonnummer 06203 -61301 zu melden.<\/strong><\/li>\n<\/ul>\n\n\n\n<h2 class=\"wp-block-heading\">(Weinheim \/ Rhein-Neckar-Kreis) &#8211; Fu\u00dfg\u00e4ngerin von Stra\u00dfenbahn erfasst<\/h2>\n\n\n\n<p>Am Donnerstagmittag gegen 14:55 Uhr wurde an der Bahnhaltestelle Alter OEG-Bahnhof in der Bergstra\u00dfe eine Fu\u00dfg\u00e4ngerin von einer Stra\u00dfenbahn erfasst und verletzt. Trotz eingeleiteter Gefahrenbremsung konnte ein Zusammensto\u00df nicht mehr verhindert werden. Die Unfallaufnahme dauert derzeit noch an. Hierzu musste die Bergstra\u00dfe im Bereich der Bahnhaltestelle gesperrt werden. \u00dcber die Schwere der Verletzungen ist derzeit noch nichts bekannt. Die Frau befindet sich aktuell in medizinischer Behandlung.<\/p>\n\n\n\n<h3 class=\"wp-block-heading has-text-align-center\">Pressemitteilung Nr. 2<\/h3>\n\n\n\n<p>Wie bereits berichtet, kam es am Donnerstagmittag kurz vor 15:00 Uhr an der Bahnhaltestelle Alter OEG-Bahnhof in der Bergstra\u00dfe in Weinheim zu einem Unfall zwischen einer Fu\u00dfg\u00e4ngerin und einer Stra\u00dfenbahn. Nach derzeitigem Stand der Unfallermittlung wird davon ausgegangen, dass eine 82-j\u00e4hrige Fu\u00dfg\u00e4ngerin beim \u00dcberqueren der Gleise auf dem Fu\u00dfg\u00e4nger\u00fcberweg die herannahende Stra\u00dfenbahn \u00fcbersah. Trotz einer Gefahrenbremsung und einem Warnsignal konnte die Kollision nicht mehr verhindert werden. Durch den Zusammensto\u00df verletzte sich die Frau und wurde zur weiteren \u00e4rztlichen Versorgung in ein nahegelegenes Krankenhaus transportiert. Durch die Unfallaufnahme war die Strecke f\u00fcr eine Stunde nicht mehr befahrbar. Die weiteren Ermittlungen wurden durch den Verkehrsdienst Mannheim \u00fcbernommen.<\/p>\n\n\n\n<h2 class=\"wp-block-heading\">(Weinheim \/ Rhein-Neckar-Kreis) &#8211; Suchma\u00dfnahmen nach einer vermissten Person, Hubschraubereinsatz<\/h2>\n\n\n<div class=\"wp-block-image\">\n<figure class=\"aligncenter size-full\"><img decoding=\"async\" loading=\"lazy\" width=\"800\" height=\"600\" src=\"https:\/\/speyer24news.com\/wp-content\/uploads\/2020\/07\/Hubschrauber-bei-Personensuche.jpg\" alt=\"\" class=\"wp-image-29175\" srcset=\"https:\/\/speyer24news.com\/wp-content\/uploads\/2020\/07\/Hubschrauber-bei-Personensuche.jpg 800w, https:\/\/speyer24news.com\/wp-content\/uploads\/2020\/07\/Hubschrauber-bei-Personensuche-300x225.jpg 300w, https:\/\/speyer24news.com\/wp-content\/uploads\/2020\/07\/Hubschrauber-bei-Personensuche-768x576.jpg 768w, https:\/\/speyer24news.com\/wp-content\/uploads\/2020\/07\/Hubschrauber-bei-Personensuche-678x509.jpg 678w, https:\/\/speyer24news.com\/wp-content\/uploads\/2020\/07\/Hubschrauber-bei-Personensuche-326x245.jpg 326w, https:\/\/speyer24news.com\/wp-content\/uploads\/2020\/07\/Hubschrauber-bei-Personensuche-80x60.jpg 80w\" sizes=\"(max-width: 800px) 100vw, 800px\" \/><figcaption class=\"wp-element-caption\">Polizeihubschrauber bei Suchma\u00dfnahme in der Nacht, Bilddient lediglich der Visualisierung<\/figcaption><\/figure><\/div>\n\n\n<p>Derzeit befinden sich im Bereich Weinheim ein Hubschrauber sowie Maintrailer-Hunde zur Vermisstensuche im Einsatz. Die Polizei sucht nach einem 76-J\u00e4hrigen, der seit Mittwochvormittag in Weinheim vermisst wird. <\/p>\n\n\n\n<ul>\n<li><strong>Der Mann ist 169 cm gro\u00df, circa 56 kg, und tr\u00e4gt kurze graue Haare und ein kariertes Hemd. <\/strong><\/li>\n<\/ul>\n\n\n\n<p>Es kann nicht ausgeschlossen werden, dass sich der 76-J\u00e4hrige in einer hilflosen Lage befindet. (<em>15.05.2024 \u2013 16:16<\/em>)<\/p>\n","protected":false},"excerpt":{"rendered":"<div class=\"mh-excerpt\"><p>Polizeimeldungen von Donnerstag bis Freitag (16.05.-17.05.2024) (Speyer und Hanhofen) &#8211; Drei E-Scooter, ein PKW und ein Motorroller bieten Grund zur Beanstandung Die Polizei Speyer kontrollierte im Verlauf des Donnerstags drei sogenannte Elektrokleinstfahrzeuge, einen PKW sowie <a class=\"mh-excerpt-more\" href=\"https:\/\/speyer24news.com\/?p=59476\" title=\"Polizeimeldungen Donnerstag bis Freitag (16.05.-17.05.24)\">[&#8230;]<\/a><\/p>\n<\/div>","protected":false},"author":3,"featured_media":26162,"comment_status":"open","ping_status":"open","sticky":false,"template":"","format":"standard","meta":{"_monsterinsights_skip_tracking":false,"_monsterinsights_sitenote_active":false,"_monsterinsights_sitenote_note":"","_monsterinsights_sitenote_category":0,"footnotes":""},"categories":[15659],"tags":[7273,7243,7244,3614,13554,350,14537,15084,15267,14538,15361,702,61,2555,14113,6955,6986,6263,63,105,11150,6987,13540,16956,4683,14958,12967,102,13626,213,14325,14324,13553,13541,16955,2625,380],"aioseo_notices":[],"amp_enabled":true,"_links":{"self":[{"href":"https:\/\/speyer24news.com\/index.php?rest_route=\/wp\/v2\/posts\/59476"}],"collection":[{"href":"https:\/\/speyer24news.com\/index.php?rest_route=\/wp\/v2\/posts"}],"about":[{"href":"https:\/\/speyer24news.com\/index.php?rest_route=\/wp\/v2\/types\/post"}],"author":[{"embeddable":true,"href":"https:\/\/speyer24news.com\/index.php?rest_route=\/wp\/v2\/users\/3"}],"replies":[{"embeddable":true,"href":"https:\/\/speyer24news.com\/index.php?rest_route=%2Fwp%2Fv2%2Fcomments&post=59476"}],"version-history":[{"count":4,"href":"https:\/\/speyer24news.com\/index.php?rest_route=\/wp\/v2\/posts\/59476\/revisions"}],"predecessor-version":[{"id":59482,"href":"https:\/\/speyer24news.com\/index.php?rest_route=\/wp\/v2\/posts\/59476\/revisions\/59482"}],"wp:featuredmedia":[{"embeddable":true,"href":"https:\/\/speyer24news.com\/index.php?rest_route=\/wp\/v2\/media\/26162"}],"wp:attachment":[{"href":"https:\/\/speyer24news.com\/index.php?rest_route=%2Fwp%2Fv2%2Fmedia&parent=59476"}],"wp:term":[{"taxonomy":"category","embeddable":true,"href":"https:\/\/speyer24news.com\/index.php?rest_route=%2Fwp%2Fv2%2Fcategories&post=59476"},{"taxonomy":"post_tag","embeddable":true,"href":"https:\/\/speyer24news.com\/index.php?rest_route=%2Fwp%2Fv2%2Ftags&post=59476"}],"curies":[{"name":"wp","href":"https:\/\/api.w.org\/{rel}","templated":true}]}}