{"id":59501,"date":"2024-05-22T12:17:50","date_gmt":"2024-05-22T11:17:50","guid":{"rendered":"https:\/\/speyer24news.com\/?p=59501"},"modified":"2024-05-22T12:17:53","modified_gmt":"2024-05-22T11:17:53","slug":"polizeimeldungen-montag-dienstag-20-21-05-24","status":"publish","type":"post","link":"https:\/\/speyer24news.com\/?p=59501","title":{"rendered":"Polizeimeldungen Montag &#038; Dienstag (20. &#038; 21.05.24)"},"content":{"rendered":"<style type=\"text\/css\">\r\n\t.ads_top_disp{}\r\n\t.ads_top_corner_disp{ float:left; margin:0px 10px 10px 0px; }\r\n\t.ads_first_p_disp{}\r\n\t.ads_bottom_disp{}\r\n\t<\/style>\n<h2 class=\"wp-block-heading\">Polizeimeldungen vom Montag &amp; Dienstag (20.05. &amp; 21.05.2024)<\/h2>\n\n\n<div class=\"wp-block-image\">\n<figure class=\"aligncenter size-full\"><img decoding=\"async\" loading=\"lazy\" width=\"375\" height=\"500\" src=\"https:\/\/speyer24news.com\/wp-content\/uploads\/2022\/03\/Aktuelles-Polizeilogo.jpg\" alt=\"\" class=\"wp-image-43591\" srcset=\"https:\/\/speyer24news.com\/wp-content\/uploads\/2022\/03\/Aktuelles-Polizeilogo.jpg 375w, https:\/\/speyer24news.com\/wp-content\/uploads\/2022\/03\/Aktuelles-Polizeilogo-225x300.jpg 225w\" sizes=\"(max-width: 375px) 100vw, 375px\" \/><\/figure><\/div>\n\n\n<h2 class=\"wp-block-heading\">(Speyer) &#8211; Alkoholisierter PKW-Fahrer ger\u00e4t in k\u00f6rperliche Auseinandersetzung mit Motorradfahrer<\/h2>\n\n\n\n<p>Am Montagabend gegen 22:30 Uhr befuhren ein 35-j\u00e4hriger PKW-Fahrer und 29-j\u00e4hriger Motorradfahrer hintereinander die Industriestra\u00dfe. Der PKW-Fahrer war der Ansicht, der Motorradfahrer folge ihm, weshalb er diesen zur Rede stellte. Im Rahmen des Streitgespr\u00e4chs versuchte der PKW-Fahrer den 29-J\u00e4hrigen von dessen Motorrad zu sto\u00dfen. Au\u00dferdem schlug er ihm mehrfach gegen den Helm, wodurch sich der Motorradfahrer leicht verletzte. Anschlie\u00dfend fuhr er mit seinem BMW davon. Der PKW-Fahrer aus Schwegenheim konnte nachtr\u00e4glich durch Polizeibeamte in seiner Wohnung festgestellt werden. Hierbei wurde festgestellt, dass der Mann nicht im Besitz einer g\u00fcltigen Fahrerlaubnis ist und unter der Beeinflussung von Alkohol stand. Dem 35-J\u00e4hrigen wurde eine Blutprobe entnommen, au\u00dferdem wurde sein PKW pr\u00e4ventiv, mit dem Ziel der Verwertung, sichergestellt. Gegen ihn wurden mehrere Strafverfahren eingeleitet.<\/p>\n\n\n\n<h2 class=\"wp-block-heading\">(Speyer) &#8211; Geschwindigkeitskontrollen im Stadtgebiet<\/h2>\n\n\n\n<p>Am Montag f\u00fchrte die Polizei Speyer im Zeitraum von 18:45 Uhr bis 20:15 Uhr Geschwindigkeitsmessungen in der Stockholmer Stra\u00dfe und der Kurt-Schumacher-Stra\u00dfe durch. Bei erlaubten 50 km\/h H\u00f6chstgeschwindigkeit wurde lediglich ein Geschwindigkeitsversto\u00df festgestellt. Die h\u00f6chste gemessene Geschwindigkeit betrug 80 km\/h. Zudem wurden Ordnungswidrigkeitenverfahren wegen der Nutzung eines Mobiltelefons w\u00e4hrend der Fahrt, zwei Gurtverst\u00f6\u00dfen und einem lichttechnischen Mangel eingeleitet.<\/p>\n\n\n\n<h2 class=\"wp-block-heading\">(Speyer) &#8211; Fahren ohne Fahrerlaubnis und Versicherungsschutz endet in der Sichergestellung des PKW<\/h2>\n\n\n\n<p>Am Montagmorgen gegen 09:45 Uhr fuhr ein 35-j\u00e4hriger Mann mit seinem PKW in den Nelkenweg. Der 35-J\u00e4hrige war nicht im Besitz einer g\u00fcltigen Fahrerlaubnis, zudem bestand kein Versicherungsschutz f\u00fcr den Audi A6. Da der Fahrer bereits in der Vergangenheit mehrfach wegen \u00e4hnlicher Taten polizeilich in Erscheinung getreten ist, wurde der PKW durch die Beamten pr\u00e4ventiv, mit dem Ziel der Verwertung, sichergestellt. Gegen den Fahrer wird nun ein Strafverfahren wegen des Fahrens ohne Fahrerlaubnis und des fehlenden Versicherungsschutzes eingeleitet.<\/p>\n\n\n\n<h2 class=\"wp-block-heading\">(Speyer) &#8211; R\u00e4uberische Erpressung<\/h2>\n\n\n<div class=\"wp-block-image\">\n<figure class=\"aligncenter size-full\"><img decoding=\"async\" loading=\"lazy\" width=\"800\" height=\"621\" src=\"https:\/\/speyer24news.com\/wp-content\/uploads\/2021\/07\/Messer-Angriff-Bedrohung-2.jpg\" alt=\"\" class=\"wp-image-38504\" srcset=\"https:\/\/speyer24news.com\/wp-content\/uploads\/2021\/07\/Messer-Angriff-Bedrohung-2.jpg 800w, https:\/\/speyer24news.com\/wp-content\/uploads\/2021\/07\/Messer-Angriff-Bedrohung-2-300x233.jpg 300w, https:\/\/speyer24news.com\/wp-content\/uploads\/2021\/07\/Messer-Angriff-Bedrohung-2-768x596.jpg 768w\" sizes=\"(max-width: 800px) 100vw, 800px\" \/><figcaption class=\"wp-element-caption\">Symbolbild &#8222;\u00dcberfall Messer&#8220;, dient lediglich der Visualisierung<\/figcaption><\/figure><\/div>\n\n\n<p>Am Pfingstsonntag gegen 12.00 Uhr wurde ein 55-j\u00e4hriger Mann im Falkenweg von drei m\u00e4nnlichen Personen angesprochen. Pl\u00f6tzlich hielt einer der M\u00e4nner ihm ein Messer vor, riss ihm die Kette vom Hals und forderte Geld und Handy. Der \u00dcberfallene kam der Forderung nach. <\/p>\n\n\n\n<h4 class=\"wp-block-heading\">Die drei T\u00e4ter werden folgenderma\u00dfen beschrieben: <\/h4>\n\n\n\n<ul>\n<li><strong>Ca. 1,80m gro\u00df<\/strong><\/li>\n\n\n\n<li><strong>Anfang bis Mitte 20<\/strong><\/li>\n\n\n\n<li><strong>dunkle Hautfarbe<\/strong><\/li>\n\n\n\n<li><strong>der Hauptt\u00e4ter trug einen Bart, schwarze Jeans und einen dunklen Kapuzenpullover<\/strong><\/li>\n<\/ul>\n\n\n\n<p>Als die T\u00e4ter noch mehr Geld forderten, ging der Gesch\u00e4digte in die nahegelegene Bank. W\u00e4hrenddessen fl\u00fcchteten die T\u00e4ter jedoch, wom\u00f6glich weil ein PKW mit OG-Kennzeichen vor der Bank parkte. <\/p>\n\n\n\n<ul>\n<li><strong>Der Fahrer dieses PKW und andere Zeugen, die m\u00f6glicherweise Hinweise auf die drei T\u00e4ter geben k\u00f6nnen, m\u00f6chten sich bitte mit der Polizei Speyer unter 06232\/137-0 oder\u00a0<a href=\"mailto:%20pispeyer@polizei.rlp.de\">pispeyer@polizei.rlp.de<\/a>\u00a0in Verbindung setzen.<\/strong><\/li>\n<\/ul>\n\n\n\n<h2 class=\"wp-block-heading\">(Speyer) &#8211; Eigent\u00fcmer gesucht<\/h2>\n\n\n\n<h3 class=\"wp-block-heading has-text-align-center\">Nachtrag zur Pressemeldung vom 19.05.2024<\/h3>\n\n\n\n<p>Am Samstag ist es zu mehreren Diebst\u00e4hlen in Speyer durch einen 32-j\u00e4hrigen T\u00e4ter gekommen. Durch Polizeibeamte konnten bei der anschlie\u00dfenden Wohnungsdurchsuchung diverse Gegenst\u00e4nde aufgefunden werden, bei welchen der Eigent\u00fcmer noch ermittelt werden muss. Unter anderem wurden ein Ehering mit der Inschrift &#8222;Sabine&#8220;, zwei Mobiltelefone der Marke Samsung sowie Akkuschrauber der Marken Makita und Westfalia sichergestellt.<\/p>\n\n\n\n<ul>\n<li><strong>Die Polizei Speyer bittet die oder den rechtm\u00e4\u00dfigen Eigent\u00fcmer, sich telefonisch unter 06232\/137-0 oder per E-Mail an\u00a0<a href=\"mailto:%20pispeyer@polizei.rlp.de\">pispeyer@polizei.rlp.de<\/a>\u00a0zu melden.<\/strong><\/li>\n<\/ul>\n\n\n\n<h2 class=\"wp-block-heading\">(Birkenheide) &#8211; Brand eines Wohnmobils<a href=\"https:\/\/www.facebook.com\/sharer.php?u=https%3A%2F%2Fwww.presseportal.de%2Fblaulicht%2Fpm%2F117688%2F5782810%2F%3Futm_source%3Dfacebook%26utm_medium%3Dsocial\"><\/a><a href=\"https:\/\/twitter.com\/intent\/tweet?text=POL-PDLU%3A%20Birkenheide%20-%20Brand%20eines%20Wohnmobils&amp;url=https%3A%2F%2Fwww.presseportal.de%2Fblaulicht%2Fpm%2F117688%2F5782810%2F%3Futm_source%3Dtwitter%26utm_medium%3Dsocial&amp;hashtags=ots&amp;lang=de\"><\/a><a href=\"https:\/\/web.whatsapp.com\/send?text=POL-PDLU%3A%20Birkenheide%20-%20Brand%20eines%20Wohnmobils%0A%0Ahttps%3A%2F%2Fwww.presseportal.de%2Fblaulicht%2Fpm%2F117688%2F5782810%2F%3Futm_source%3Dwhatsapp%26utm_medium%3Dsocial\"><\/a><a href=\"https:\/\/www.xing.com\/app\/user?op=share;url=https%3A%2F%2Fwww.presseportal.de%2Fblaulicht%2Fpm%2F117688%2F5782810%2F%3Futm_source%3Dxing%26utm_medium%3Dsocial\"><\/a><a href=\"http:\/\/www.linkedin.com\/shareArticle?mini=true&amp;url=https%3A%2F%2Fwww.presseportal.de%2Fblaulicht%2Fpm%2F117688%2F5782810%2F%3Futm_source%3Dlinkedin%26utm_medium%3Dsocial&amp;title=POL-PDLU%3A+Birkenheide+-+Brand+eines+Wohnmobils\"><\/a><a href=\"mailto:?subject=POL-PDLU%3A%20Birkenheide%20-%20Brand%20eines%20Wohnmobils&amp;body=https:\/\/www.presseportal.de\/blaulicht\/pm\/117688\/5782810\"><\/a><\/h2>\n\n\n<div class=\"wp-block-image\">\n<figure class=\"aligncenter\"><a href=\"https:\/\/cache.pressmailing.net\/thumbnail\/story_hires\/2559ccf7-862f-49ef-8e1e-35b226b3d158\/Zeugenaufruf_BANNER.jpg.jpg\"><img decoding=\"async\" src=\"https:\/\/cache.pressmailing.net\/thumbnail\/story_big\/2559ccf7-862f-49ef-8e1e-35b226b3d158\/pol-pdlu-birkenheide-brand-eines-wohnmobils\" alt=\"POL-PDLU: Birkenheide - Brand eines Wohnmobils\"\/><\/a><\/figure><\/div>\n\n\n<p>Am Morgen des 20.05.2024, gegen 00:50 Uhr meldeten mehrere Anwohner laute Knallger\u00e4usche aus der Eyersheimer Stra\u00dfe in Birkenheide. Durch die eingesetzten Kr\u00e4fte und die Feuerwehr konnte ein brennender Wohnwagen festgestellt werden. Dieser brannte komplett aus. Die Brandursache konnte vor Ort nicht abschlie\u00dfend ermittelt werden. Die Polizei nahm die Ermittlungen auf.<\/p>\n\n\n\n<ul>\n<li><strong>Zeugen werden gebeten sich an die Polizeiinspektion Frankenthal unter der Tel.-Nr.: 06233\/313-0 oder an die Polizeiwache Maxdorf unter der Tel.-Nr.: 06237\/934-1100 zu wenden. Gerne nehmen wir Ihre Hinweise auch per E-Mail unter\u00a0<a href=\"mailto:%20pifrankenthal@polizei.rlp.de\">pifrankenthal@polizei.rlp.de<\/a>\u00a0entgegen.<\/strong><\/li>\n<\/ul>\n\n\n\n<h2 class=\"wp-block-heading\">(Zeiskam) &#8211; Sachbesch\u00e4digung mehrerer PKW<\/h2>\n\n\n\n<p>In der Nacht von Sonntag auf Montag wurden im Bereich der Friedhofstra\u00dfe durch Jugendliche an mehreren geparkten PKW die Au\u00dfenspiegel abgetreten. Im Rahmen der Nahbereichsfahndung konnte noch ein 14 Jahre alter Tatverd\u00e4chtiger aus dem Kreis Germersheim festgestellt werden. Die Gesamtschadensh\u00f6he wird auf 250 Euro gesch\u00e4tzt.<\/p>\n\n\n\n<ul>\n<li><strong>Zeugen werden gebeten, sich unter der Telefonnummer 07274\/9580 oder per E-Mail an\u00a0<a href=\"mailto:%20pigermersheim@polizei.rlp.de\">pigermersheim@polizei.rlp.de<\/a>\u00a0mit der Polizei Germersheim in Verbindung zu setzen.<\/strong><\/li>\n<\/ul>\n\n\n\n<h2 class=\"wp-block-heading\">(Germersheim) &#8211; Hochwertige Parfums geklaut<\/h2>\n\n\n\n<p>Am Samstagabend gegen 20:30 Uhr entwendeten zwei minderj\u00e4hrige S\u00fcdpf\u00e4lzerinnen im M\u00fcller Drogerie Markt in Germersheim 2 hochwertige Parfums. Eine der jungen Frauen versuchte das geklaute Parfum noch im Abfalleimer der Toilette ungesehen zu entsorgen. Die Beute hatte einen Wert von 250,-EUR. Eine Jugendliche f\u00fchrte auch noch ein Pfefferspray mit sich, welches jedoch nicht eingesetzt wurde. In beiden F\u00e4llen wurden die Erziehungsberechtigten verst\u00e4ndigt.<\/p>\n\n\n\n<h2 class=\"wp-block-heading\">(Germersheim) &#8211; Einbrecher festgenommen<\/h2>\n\n\n\n<p>In der Nacht zum vergangenen Samstag gegen 02:30 Uhr konnte im Rahmen eines Polizeieinsatzes ein 46-j\u00e4hriger Germersheimer beim Einbruch in ein Firmengeb\u00e4ude in der Joseph-Haydn-Stra\u00dfe festgenommen werden. Dieser hatte sich zuvor in den R\u00e4umlichkeiten der Firma mit Nudeln und Kaffee verk\u00f6stigt, als der Einsatz des Diensthundes angedroht wurde, stellte er sich jedoch umgehend. Nach ersten Ermittlungen suchte der T\u00e4ter wohl eher einen Unterschlupf. Entwendet wurden nur geringwertige B\u00fcroartikel. Wie der T\u00e4ter ins Objekt gelangte, ist noch Gegenstand der Ermittlungen.<\/p>\n\n\n\n<h2 class=\"wp-block-heading\">(Bellheim) &#8211; Musikbox bei Ruhest\u00f6rung sichergestellt<\/h2>\n\n\n\n<p>Ein 40-j\u00e4hriger Bellheimer feierte in der Nacht von Samstag auf Sonntag so laut, dass ihm trotz mehrfacher Ermahnung zur Ruhe die Musikbox weggenommen werden musste. Gleich 3 Mal mussten die Polizisten vor Ort erscheinen, um die Ruhe wiederherzustellen. Da der Verantwortliche sich weiterhin nicht an die Einhaltung der Ruhe hielt, nahmen die Beamten seine Musikbox mit. Den Verantwortlichen erwartet nun ein Bu\u00dfgeld, ebenso werden ihm die Polizeieins\u00e4tze in Rechnung gestellt.<\/p>\n\n\n\n<h2 class=\"wp-block-heading\">(R\u00fclzheim) &#8211; In Streichelzoo eingebrochen<\/h2>\n\n\n\n<p>Unbekannte T\u00e4ter brachen am fr\u00fchen Samstagmorgen gegen 02:05 Uhr in den Streichelzoo in R\u00fclzheim ein. Sie brachen eine durch Eisengitter gesicherte T\u00fcr der Gastst\u00e4tte auf und entwendeten Bargeld sowie ein IPad. Der Gesamtschaden bel\u00e4uft sich auf circa 1500,-EUR.<\/p>\n\n\n\n<ul>\n<li><strong>Zeugen die Angaben zur Tat oder den tatbeteiligten Personen machen k\u00f6nnen, werden gebeten, sich unter der Telefonnummer 07274\/9580 oder per E-Mail an\u00a0<a href=\"mailto:%20pigermersheim@polizei.rlp.de\">pigermersheim@polizei.rlp.de<\/a>\u00a0mit der Polizei Germersheim in Verbindung zu setzen.<\/strong><\/li>\n<\/ul>\n\n\n\n<h2 class=\"wp-block-heading\">(Kandel) &#8211; Hubschraubereinsatz bei Vermisstensuche<\/h2>\n\n\n<div class=\"wp-block-image\">\n<figure class=\"aligncenter size-full\"><img decoding=\"async\" loading=\"lazy\" width=\"800\" height=\"600\" src=\"https:\/\/speyer24news.com\/wp-content\/uploads\/2020\/07\/Hubschrauber-bei-Personensuche.jpg\" alt=\"\" class=\"wp-image-29175\" srcset=\"https:\/\/speyer24news.com\/wp-content\/uploads\/2020\/07\/Hubschrauber-bei-Personensuche.jpg 800w, https:\/\/speyer24news.com\/wp-content\/uploads\/2020\/07\/Hubschrauber-bei-Personensuche-300x225.jpg 300w, https:\/\/speyer24news.com\/wp-content\/uploads\/2020\/07\/Hubschrauber-bei-Personensuche-768x576.jpg 768w, https:\/\/speyer24news.com\/wp-content\/uploads\/2020\/07\/Hubschrauber-bei-Personensuche-678x509.jpg 678w, https:\/\/speyer24news.com\/wp-content\/uploads\/2020\/07\/Hubschrauber-bei-Personensuche-326x245.jpg 326w, https:\/\/speyer24news.com\/wp-content\/uploads\/2020\/07\/Hubschrauber-bei-Personensuche-80x60.jpg 80w\" sizes=\"(max-width: 800px) 100vw, 800px\" \/><figcaption class=\"wp-element-caption\">Polizeihubschrauber bei Suchma\u00dfnahme in der Nacht, Bilddient lediglich der Visualisierung<\/figcaption><\/figure><\/div>\n\n\n<p>In der Nacht zum Dienstag wurde in Kandel eine weibliche Person gesucht, die sich aus dem h\u00e4uslichen Umfeld entfernte und sich m\u00f6glicherweise in einer psychischen Ausnahmesituation befand. Zur Suche wurden neben Sp\u00fcrhunden auch ein Polizeihubschrauber eingesetzt. Am Dienstag zur Mittagszeit konnte die Vermisste wohlbehalten angetroffen und einer Fachklinik zugef\u00fchrt werden.<\/p>\n\n\n\n<h2 class=\"wp-block-heading\">(Landau) &#8211; 15-j\u00e4hriger bekifft auf Kleinkraftrad unterwegs<\/h2>\n\n\n\n<p>Am 19. Mai 2024 wurde ein 15-j\u00e4hriger Rollerfahrer im S\u00fcdring einer Verkehrskontrolle unterzogen. Hierbei ergaben sich mehrere Auff\u00e4lligkeiten, welche auf einen Konsum von Bet\u00e4ubungsmittel hindeuteten. Ein Drogenschnelltest verlief positiv auf THC. Weiterhin konnte bei dem Jugendlichen ein Springmesser sowie Haschisch und ein Haschisch-Brownie aufgefunden und sichergestellt werden. Der 15-j\u00e4hrige muss sich nun wegen Trunkenheit im Verkehr verantworten und seine Erziehungsberechtigten wurden verst\u00e4ndigt. <\/p>\n\n\n\n<h4 class=\"wp-block-heading\"><em>Die Polizei warnt: Trotz des neu erlassenen Cannabisgesetzes bleibt der Konsum von Cannabis f\u00fcr Jugendliche strikt verboten. Die Teilnahme am Stra\u00dfenverkehr unter dem Einfluss von Drogen ist zudem weiterhin f\u00fcr alle Verkehrsteilnehmer illegal und gef\u00e4hrdet die Sicherheit aller!<\/em><\/h4>\n\n\n\n<h2 class=\"wp-block-heading\">(Landau) &#8211; Einbruch in Universit\u00e4t<\/h2>\n\n\n\n<p>Im Zeitraum vom 17.05.2024, 16:00 Uhr &#8211; 19.05.2024, 12:00 Uhr, verschafften sich bislang unbekannte T\u00e4ter gewaltsam Zutritt zur Universit\u00e4t in Landau. In mehreren Laborr\u00e4umlichkeiten wurden diverse Schr\u00e4nke ge\u00f6ffnet und durchw\u00fchlt. Ob etwas entwendet wurde, muss im Nachgang gepr\u00fcft werden. Zus\u00e4tzlich wurde der Boden durch Aktivierung eines vor Ort befindlichen Feuerl\u00f6schers verschmutzt. Die Gesamtschadensh\u00f6he ist noch nicht bekannt. Diese d\u00fcrfte sich jedoch auf mehrere tausend Euro belaufen.<\/p>\n\n\n\n<ul>\n<li><strong>Die Polizei bittet Zeugen, die Hinweise zu der Tat oder dem T\u00e4ter geben k\u00f6nnen sich per Email an\u00a0<a href=\"mailto:%20pilandau@polizei.rlp.de\">pilandau@polizei.rlp.de<\/a>\u00a0oder telefonisch unter 06341-287-0 bei der Polizeiinspektion Landau zu melden.<\/strong><\/li>\n<\/ul>\n\n\n\n<h2 class=\"wp-block-heading\">(Offenbach) &#8211; Brand von Wahlplakat der SPD<\/h2>\n\n\n\n<p>Am Abend des 19. Mai 2024, gegen 23:40 Uhr, wurde der Polizeiinspektion Landau gemeldet, dass ein Wahlplakat brennen w\u00fcrde. Vor Ort konnten die Einsatzkr\u00e4fte ein noch leicht brennendes Wahlplakat der SPD sowie ein leicht angesengtes Werbeplakat des Zirkus Probst vorfinden. Der Brand wurde durch die eingesetzten Beamten gel\u00f6scht. Es entstand Sachschaden an den Plakaten und dem Laternenmast, an dem diese befestigt waren. Die Ermittlungen zur Brandursache wurden aufgenommen.<\/p>\n\n\n\n<ul>\n<li><strong>Die Polizei bittet Zeugen, die Hinweise zu der Tat oder dem T\u00e4ter geben k\u00f6nnen sich per Email an\u00a0<a href=\"mailto:%20pilandau@polizei.rlp.de\">pilandau@polizei.rlp.de<\/a>\u00a0oder telefonisch unter 06341-287-0 bei der Polizeiinspektion Landau zu melden.<\/strong><\/li>\n<\/ul>\n\n\n\n<h2 class=\"wp-block-heading\">(Wellbachtal \/ B 48) &#8211; Kontrolle im Wellbachtal sowie Verkehrsunfallflucht<\/h2>\n\n\n\n<p>Am Pfingstmontag (20.05.2024) wurde das Wellbachtal\/B48 von zwei uniformierten Motorradfahrern der Polizeidirektion Landau bestreift. Hierbei mussten drei Motorradfahrer beanzeigt werden, da sie trotz bestehendem \u00dcberholverbot \u00fcberholten. Sie werden sich auf ein Bu\u00dfgeld in H\u00f6he von 70 Euro sowie einen Punkt in der Verkehrss\u00fcnderdatei einstellen m\u00fcssen. Weiterhin wurden drei Motorradfahrern M\u00e4ngelberichte ausgestellt.<\/p>\n\n\n\n<p>Unabh\u00e4ngig von den durchgef\u00fchrten Kontrollen kam es gegen 15:20 Uhr zu einem Verkehrsunfall, welcher sich im Wellbachtal in Fahrtrichtung Annweiler kurz vor der Einm\u00fcndung Hofst\u00e4tten ereignete. Hierbei \u00fcberholte ein unbekannter Motorradfahrer in einer Linkskurve trotz bestehendem \u00dcberholverbot eine Gruppe von vier Motorr\u00e4dern. Der Unfallverursacher musste aufgrund von Gegenverkehr beim \u00dcberholen wieder nach rechts einscheren und touchierte hierbei einen anderen 66-j\u00e4hrigen Motorradfahrer aus der genannten Gruppe. Der 66-J\u00e4hrige st\u00fcrzte in der Folge und wurde mit schweren, aber nicht lebensgef\u00e4hrlichen Verletzungen in ein umliegendes Krankenhaus verbracht. An dessen Motorrad entstand Totalschaden in H\u00f6he von 6000 Euro. Der Unfallverursacher fl\u00fcchtete von der Unfallstelle, ohne sich um den entstandenen Schaden zu k\u00fcmmern. Ein Strafverfahren wurde eingeleitet und die polizeilichen Ermittlungen aufgenommen.<\/p>\n\n\n\n<ul>\n<li><strong>Die Polizei bittet Zeugen, die Hinweise zu der Tat oder dem T\u00e4ter geben k\u00f6nnen, sich per Email an\u00a0<a href=\"mailto:%20pwannweiler@polizei.rlp.de\">pwannweiler@polizei.rlp.de<\/a>\u00a0oder telefonisch unter 06346 96462519 bei der Polizeiwache Annweiler zu melden.<\/strong><\/li>\n<\/ul>\n\n\n\n<h2 class=\"wp-block-heading\">(Edenkoben) &#8211; Gest\u00fcrzter Motorradfahrer<\/h2>\n\n\n\n<p>Am Montag, 20.05.2024, gegen 14.15 Uhr, befuhr ein 31-j\u00e4hriger Motorradfahrer die Klosterstra\u00dfe in Richtung Radeburger Stra\u00dfe. Im Kreuzungsbereich st\u00fcrzte er auf einer dort befindlichen \u00d6lspur auf die Stra\u00dfe und musste aufgrund seiner Verletzungen in ein Krankenhaus eingeliefert werden.<\/p>\n\n\n\n<ul>\n<li><strong>Zeugen, die Hinweise zur Verursachung der \u00d6lspur geben k\u00f6nnen, werden gebeten, sich bei der Polizei Edenkoben zu melden.<\/strong><\/li>\n<\/ul>\n\n\n\n<h2 class=\"wp-block-heading\">(Neustadt) &#8211; Sein Fahrrad einem Bekannten \u00fcbergeben m\u00fcssen&#8230;<\/h2>\n\n\n\n<p>&#8230; hat ein 43-J\u00e4hriger aus Neustadt\/W. am 19.05.2024 um 19:30 Uhr, welcher im Bereich der Einm\u00fcndung Schlachthofstra\u00dfe\/ Kurt-Schumacher-Stra\u00dfe in 67433 Neustadt\/W. einer Verkehrskontrolle unterzogen wurde. Nachdem der Radfahrer angehalten wurde, konnten bei diesem Auff\u00e4lligkeiten festgestellt werden, welche auf eine aktuelle Bet\u00e4ubungsmittelbeeinflussung schlie\u00dfen lie\u00dfen. Um eine Gef\u00e4hrdung f\u00fcr andere Verkehrsteilnehmer und f\u00fcr den Neustadter selbst auszuschlie\u00dfen, wurde das Fahrrad einem verkehrst\u00fcchtigen Bekannten \u00fcbergeben. Anhaltspunkte f\u00fcr eine strafrechtlich relevante Trunkenheitsfahrt ergaben sich nicht. Nun wird die zust\u00e4ndige F\u00fchrerscheinstelle \u00fcber den Vorfall informiert.<\/p>\n\n\n\n<h2 class=\"wp-block-heading\">(Neustadt) &#8211; Entstempelte Kennzeichen f\u00fchren zur Anzeige<\/h2>\n\n\n\n<p>Am 19.05.2024 um 19:15 Uhr konnte eine Funkstreifenwagenbesatzung in der Kurt-Schumacher-Stra\u00dfe einen Seat parkend feststellen. Bei genauer Inaugenscheinnahme des Fahrzeuges konnte erkannt werden, dass die Kennzeichen entstempelt waren. Nach R\u00fccksprache mit dem Eigent\u00fcmer des Seat konnte eruiert werden, dass dieser die Kennzeichen nach der Au\u00dferbetriebsetzung an dem Fahrzeug wieder angebracht hatte. Nun kommt auf diesen ein Strafverfahren wegen Kennzeichenmissbrauchs zu.<\/p>\n\n\n\n<h2 class=\"wp-block-heading\">(Ha\u00dfloch) &#8211; Verkehrsunfallflucht in Ha\u00dfloch \/ PKW beschlagnahmt &#8211; Tatverd\u00e4chtiger ermittelt<\/h2>\n\n\n\n<p>In der Nacht von Sonntag auf Montag, dem 19.05.2024, gegen 23:35 Uhr, befuhr ein silberner Mercedes in Ha\u00dfloch die Martin-Luther-Stra\u00dfe von der Schie\u00dfmauer kommend in Richtung Pestalozzistra\u00dfe. In H\u00f6he der Hausnummer 2 prallte er in das Fahrzeugheck eines am rechten Fahrbahnrand geparkten PKW. Der Fahrer entfernte sich anschlie\u00dfend unerlaubt von der Unfallstelle. Im Rahmen der umgehend eingeleiteten Fahndungsma\u00dfnahmen konnte das Fahrzeug unbesetzt aufgefunden werden. Dieses wurde zur Durchf\u00fchrung einer umfassenden kriminaltechnischen Spurensicherung beschlagnahmt. Ein Tatverd\u00e4chtiger wurde ermittelt. Ein Ermittlungsverfahren wegen Unerlaubten Entfernens vom Unfallort wurde eingeleitet. Der entstandene Sachschaden wird auf ca. 10000,- Euro gesch\u00e4tzt. Es werden dringend Zeugen gesucht, die Angaben zum Unfallhergang bzw. zu dem Fahrer des Fahrzeugs machen k\u00f6nnen. <\/p>\n\n\n\n<ul>\n<li><strong>Bei Hinweisen setzen sie sich bitte unter der 06324-9330 mit der Polizeiinspektion Ha\u00dfloch in Verbindung.<\/strong><\/li>\n<\/ul>\n\n\n\n<h2 class=\"wp-block-heading\">(Ha\u00dfloch) &#8211; Wahlplakate zerst\u00f6rt<\/h2>\n\n\n\n<p>Insgesamt 42 Wahlplakate der AfD zerst\u00f6rten Unbekannte seit Ende April (30.04.-17.05.2024) in der Gemeinde Ha\u00dfloch. Der Schaden wird mit rund 130 Euro beziffert. Der Ortsverband hat eine Belohnung von 500,- Euro ausgesetzt, f\u00fcr Hinweise, die zur Tataufkl\u00e4rung f\u00fchren.<\/p>\n\n\n\n<h2 class=\"wp-block-heading\">(Friedelsheim) &#8211; Durchfahrtskontrolle<\/h2>\n\n\n\n<p>Am 19.05.2024 zwischen 10:00 Uhr und 11:30 Uhr wurde auf dem Wirtschaftsweg &#8222;Walthersh\u00f6he&#8220; in Friedelsheim das Durchfahrtsverbot \u00fcberwacht. Insgesamt 4 Fahrzeugf\u00fchrer befuhren verbotswidrig den Wirtschaftsweg und m\u00fcssen nun mit einem Verwarnungsgeld von 50 Euro rechnen. W\u00e4hrend der Kontrollma\u00dfnahmen konnten mehrere Verkehrsteilnehmer beobachtet werden, die aufgrund der Pr\u00e4senz der Streife wendeten und zur\u00fcckfuhren. Die Polizei bittet hier die Verkehrsteilnehmer sich an die geltenden Verkehrsregeln zu halten, da es ansonsten auf den engen Wirtschaftswegen zu Gefahrensituationen f\u00fcr Fu\u00dfg\u00e4nger und Radfahrer kommen kann.<\/p>\n\n\n\n<h2 class=\"wp-block-heading\">(Bad D\u00fcrkheim) &#8211; Polizei rettet verirrte Entenfamilie \/ Tiere sicher zur Isenach begleitet<a href=\"https:\/\/www.facebook.com\/sharer.php?u=https%3A%2F%2Fwww.presseportal.de%2Fblaulicht%2Fpm%2F117687%2F5782851%2F%3Futm_source%3Dfacebook%26utm_medium%3Dsocial\"><\/a><a href=\"https:\/\/twitter.com\/intent\/tweet?text=POL-PDNW%3A%20Polizei%20rettet%20verirrte%20Entenfamilie%20-%20Tiere%20sicher%20zur%20Isenach%20begleitet&amp;url=https%3A%2F%2Fwww.presseportal.de%2Fblaulicht%2Fpm%2F117687%2F5782851%2F%3Futm_source%3Dtwitter%26utm_medium%3Dsocial&amp;hashtags=ots&amp;lang=de\"><\/a><a href=\"https:\/\/web.whatsapp.com\/send?text=POL-PDNW%3A%20Polizei%20rettet%20verirrte%20Entenfamilie%20-%20Tiere%20sicher%20zur%20Isenach%20begleitet%0A%0Ahttps%3A%2F%2Fwww.presseportal.de%2Fblaulicht%2Fpm%2F117687%2F5782851%2F%3Futm_source%3Dwhatsapp%26utm_medium%3Dsocial\"><\/a><a href=\"https:\/\/www.xing.com\/app\/user?op=share;url=https%3A%2F%2Fwww.presseportal.de%2Fblaulicht%2Fpm%2F117687%2F5782851%2F%3Futm_source%3Dxing%26utm_medium%3Dsocial\"><\/a><a href=\"http:\/\/www.linkedin.com\/shareArticle?mini=true&amp;url=https%3A%2F%2Fwww.presseportal.de%2Fblaulicht%2Fpm%2F117687%2F5782851%2F%3Futm_source%3Dlinkedin%26utm_medium%3Dsocial&amp;title=POL-PDNW%3A+Polizei+rettet+verirrte+Entenfamilie+-+Tiere+sicher+zur+Isenach+begleitet\"><\/a><a href=\"mailto:?subject=POL-PDNW%3A%20Polizei%20rettet%20verirrte%20Entenfamilie%20-%20Tiere%20sicher%20zur%20Isenach%20begleitet&amp;body=https:\/\/www.presseportal.de\/blaulicht\/pm\/117687\/5782851\"><\/a><\/h2>\n\n\n<div class=\"wp-block-image\">\n<figure class=\"aligncenter\"><a href=\"https:\/\/cache.pressmailing.net\/thumbnail\/story_hires\/53f04e67-6755-4804-b2ab-1510c942231d\/Enten.jpg.jpg\"><img decoding=\"async\" src=\"https:\/\/cache.pressmailing.net\/thumbnail\/story_big\/53f04e67-6755-4804-b2ab-1510c942231d\/pol-pdnw-polizei-rettet-verirrte-entenfamilie-tiere-sicher-zur-isenach-begleitet\" alt=\"POL-PDNW: Polizei rettet verirrte Entenfamilie - Tiere sicher zur Isenach begleitet\"\/><\/a><\/figure><\/div>\n\n\n<p>Am Pfingstmontag, den 20. Mai 2024, gegen 10:30 Uhr, wurde die Polizei in Bad D\u00fcrkheim zu einem ungew\u00f6hnlichen Einsatz im Finkenpfad gerufen. Eine Entenfamilie, bestehend aus einer Entenmutter und f\u00fcnf K\u00fcken, ben\u00f6tigte Hilfe.<\/p>\n\n\n\n<p>Besorgte Anwohner hatten die Polizei alarmiert, nachdem drei der K\u00fcken in einen Gully gefallen waren. Dank des schnellen Eingreifens der Streifenwagenbesatzung konnten die K\u00fcken unverletzt gerettet und wieder zu ihrer Mutter gebracht werden. Im Anschluss eskortierten die Polizeibeamten die gesamte Entenfamilie sicher in Richtung Isenach, wo die Tiere wohlbehalten in ihr nat\u00fcrliches Habitat zur\u00fcckkehrten.<\/p>\n\n\n\n<p>Die Polizei Bad D\u00fcrkheim bedankt sich bei den aufmerksamen B\u00fcrgern f\u00fcr ihre Mithilfe und m\u00f6chte daran erinnern, dass auch Wildtiere gelegentlich Unterst\u00fctzung ben\u00f6tigen k\u00f6nnen. In solchen F\u00e4llen ist es ratsam, die zust\u00e4ndigen Beh\u00f6rden zu informieren, um eine fachgerechte Hilfeleistung zu gew\u00e4hrleisten. F\u00fcr R\u00fcckfragen stehen wir gerne zur Verf\u00fcgung.<\/p>\n\n\n\n<h2 class=\"wp-block-heading\">(Bad D\u00fcrkheim) &#8211; Fahrzeug besch\u00e4digt und gefl\u00fcchtet<\/h2>\n\n\n\n<p>Im Zeitraum von 11.05.2024 20:00 Uhr bis 18.05.2024, 09:00 Uhr wurde ein auf dem Wurstmarktparkplatz in Bad D\u00fcrkheim abgestellter Opel Insignia besch\u00e4digt. Ein bislang unbekannter Verkehrsteilnehmer besch\u00e4digte vermutlich beim Aus- bzw. Einparken den Opel und entfernte sich anschlie\u00dfend unerlaubt von der Unfallstelle. Es entstand ein Sachschaden in H\u00f6he von 300 Euro. Es liegen keinerlei Hinweise auf den Unfallverursacher vor. <\/p>\n\n\n\n<ul>\n<li><strong>Die Polizei Bad D\u00fcrkheim bittet um Hinweise unter 06322 963 0 oder per E-Mail an\u00a0<a href=\"mailto:%20pibadduerkheim@polizei.rlp.de\">pibadduerkheim@polizei.rlp.de<\/a><\/strong><\/li>\n<\/ul>\n\n\n\n<h2 class=\"wp-block-heading\">(Bad D\u00fcrkheim) &#8211; Grabschmuck gestohlen<\/h2>\n\n\n\n<p>Im Zeitraum von 05.05.2024 Uhr bis 18.05.2024 Uhr wurde eine Madonnen Statue aus Bronze auf dem Friedhof in Im Nussriegel in Bad D\u00fcrkheim entwendet. Die bislang unbekannten T\u00e4ter durchtrennten mit einem bislang nicht bekannten Werkzeug ein Schraubgewinde mit dem die Statue befestigt war. Es entstand Sachschaden in H\u00f6he von 300 Euro. <\/p>\n\n\n\n<ul>\n<li><strong>Die Polizei Bad D\u00fcrkheim bittet um Hinweise unter 06322 963 0 oder per E-Mail an\u00a0<a href=\"mailto:%20pibadduerkheim@polizei.rlp.de\">pibadduerkheim@polizei.rlp.de<\/a><\/strong><\/li>\n<\/ul>\n\n\n\n<h2 class=\"wp-block-heading\">(Herxheim a.B.) &#8211; Verkehrsunfall mit verletzter Person<\/h2>\n\n\n\n<p>Am 20.05.2024 gegen 17:00 Uhr wurde eine 21-J\u00e4hriger bei einem Verkehrsunfall in der Weinstra\u00dfe in Herxheim am Berg verletzt. Er befuhr mit seinem MINI die Weinstra\u00dfe in Fahrtrichtung Gr\u00fcnstadt. Aus bisher ungekl\u00e4rten Gr\u00fcnden kam er nach links von der Fahrbahn ab und kollidierte mit einem Audi und einen Hyundai, die am linken Fahrbahnrand ordnungsgem\u00e4\u00df abgestellten waren. Der 21-J\u00e4hrige wurde leicht verletzt, stand augenscheinlich unter einem Schock und durch das DRK ins Krankenhaus verbracht. Der MINI war nicht mehr fahrbereit und musste abgeschleppt werden. An allen Fahrzeugen entstand ein Gesamtschaden von 11000 Euro.<\/p>\n\n\n\n<h2 class=\"wp-block-heading\">(Wattenheim) &#8211; Autofahrer unter THC-Einfluss<\/h2>\n\n\n\n<p>Beamte der Polizeiinspektion Gr\u00fcnstadt kontrollierten am Montag gegen 12:30 Uhr einen 35-j\u00e4hrigen Autofahrer. Dieser zeigte im Rahmen der allgemeinen Verkehrskontrolle deutliche Auff\u00e4lligkeiten f\u00fcr einen vorangegangenen Bet\u00e4ubungsmittelkonsum. Ein vor Ort durchgef\u00fchrter Drogenschnelltest verlief positiv auf THC und best\u00e4tigte somit den Verdacht. Dem 35-J\u00e4hrigen wurde daraufhin die Weiterfahrt untersagt und eine Blutprobe entnommen. Ihn erwartet ein Ordnungswidrigkeitenverfahren, welches ein Bu\u00dfgeld in H\u00f6he von 500 Euro, zwei Punkte im Fahreignungsregister sowie einen Monat Fahrverbot nach sich zieht.<\/p>\n\n\n\n<h2 class=\"wp-block-heading\">(Hettenleidelheim) &#8211; Autofahrer unter Drogeneinfluss<\/h2>\n\n\n\n<p>Am 20.05.2024 gegen 16:00 Uhr wurde ein 21 Jahre alter Autofahrer kontrolliert. Im Rahmen dieser allgemeinen Verkehrskontrolle bemerkten die Polizeibeamten bei dem jungen Mann Auff\u00e4lligkeiten, die auf einen vorangegangenen Bet\u00e4ubungsmittelkonsum zur\u00fcckzuf\u00fchren sein k\u00f6nnen. Ein Drogenurintest reagierte positiv auf THC und best\u00e4tigte den Verdacht. Die Weiterfahrt wurde nun untersagt und der Kontrollierte musste eine Blutprobe abgeben, deren Untersuchungsergebnis zeigen wird, in welcher Konzentration die Stoffgruppe nachweisbar ist. Dieser Blutwert ist ma\u00dfgeblich f\u00fcr das Ordnungswidrigkeitenverfahren.<\/p>\n\n\n\n<h2 class=\"wp-block-heading\">(Obrigheim) &#8211; Radfahrerin kollidiert mit Kind und st\u00fcrzt<\/h2>\n\n\n\n<p>Eine 56 Jahre alte Frau zeigte der Polizei am 20.05.24 einen Verkehrsunfall nachtr\u00e4glich an: Sie selbst sei am 19.05.2024 gegen 20:30 Uhr mit ihrem Fahrrad die Hauptstra\u00dfe entlang in Richtung Offstein gefahren. Kurz nach der Einm\u00fcndung Bockenheimer Stra\u00dfe sei ein M\u00e4dchen von rechts auf die Fahrbahn gelaufen und die Fahrradfahrerin sei, weil sie nicht mehr habe bremsen k\u00f6nnen, mit dem Kind zusammengesto\u00dfen. In der Folge seien beide auf die Stra\u00dfe gest\u00fcrzt und die 56-j\u00e4hrige habe sich dabei leicht verletzt. Das etwa sieben bis neun Jahre alte M\u00e4dchen habe sich anscheinend ebenfalls leicht am Fu\u00df verletzt. Erwachsene, vermutlich die Eltern des Kindes, h\u00e4tten sich um dieses gek\u00fcmmert und angegeben, ein Krankenhaus aufsuchen zu wollen. Umst\u00e4ndehalber sei vers\u00e4umt worden, die Personalien untereinander auszutauschen. <\/p>\n\n\n\n<ul>\n<li><strong>Zeugen, die Hinweise zu dem Unfall und\/oder zu dem beteiligten Kind geben k\u00f6nnen, werden gebeten, mit der Polizeiinspektion Gr\u00fcnstadt Kontakt aufzunehmen (06359\/9312-0)<\/strong><\/li>\n<\/ul>\n\n\n\n<h2 class=\"wp-block-heading\">(Dirmstein) &#8211; PKW-Brand<\/h2>\n\n\n\n<p>Am sp\u00e4ten Sonntagnachmittag kam es in der Heuchelheimer Stra\u00dfe in Dirmstein zum Brand eines PKW. Der Fahrer des Mercedes bemerkte pl\u00f6tzlich w\u00e4hrend der Fahrt Atembeschwerden und eine starke Hitzeentwicklung im Fahrzeugheck, hielt sofort an und stellte ein Feuer im Kofferraum fest. Ein Teil des Brandes konnte mit Feuerl\u00f6schern einged\u00e4mmt werden, die alarmierte Feuerwehr l\u00f6schte den Brand schlie\u00dflich komplett ab. Der Fahrer wurde nicht verletzt, kam aber vorsorglich zur Untersuchung ins Krankenhaus. Am PKW entstand Totalschaden und er wurde abgeschleppt. Die Stra\u00dfe musste f\u00fcr die L\u00f6scharbeiten zeitweise voll gesperrt werden. Brandurs\u00e4chlich d\u00fcrfte ein technischer Defekt an einem im Kofferraum transportierten elektrischen Grablicht gewesen sein.<\/p>\n\n\n\n<h2 class=\"wp-block-heading\">(Frankenthal) &#8211; Unfall nach Alkoholkonsum<\/h2>\n\n\n\n<p>Am fr\u00fchen Montagabend, den 20.05.2024 gegen 17:30 Uhr, verursachte ein 71-j\u00e4hriger Bad D\u00fcrkheimer einen Verkehrsunfall unter dem Einfluss von Alkohol. Nachdem der Fahrer auf dem Parkplatz des Lambsheimer Weihers an einem haltenden Fahrzeug vorbeifuhr, streifte dieser das Auto und verursachte Sachschaden in H\u00f6he von ca. 2000EUR. Die unfallaufnehmenden Polizeibeamten stellten im Verlauf der Unfallaufnahme Alkoholgeruch beim 71-J\u00e4hrigen fest, ein Alkoholtest ergab einen Wert von 1,68 Promille. Der Einfluss von Alkohol oder anderen berauschenden Mitteln stellt eine Hauptunfallursache dar. Wer berauscht f\u00e4hrt, gef\u00e4hrdet nicht nur sich, sondern auch Andere. Gegen den unter Alkoholeinfluss stehenden Unfallverursacher wurde ein Ermittlungsverfahren wegen des Verdachtes der Stra\u00dfenverkehrsgef\u00e4hrdung eingeleitet. Der F\u00fchrerschein wurde sichergestellt und gegen ihn kann eine Freiheitsstrafe bis zu f\u00fcnf Jahren oder eine Geldstrafe verh\u00e4ngt werden.<\/p>\n\n\n\n<h2 class=\"wp-block-heading\">(Frankenthal) &#8211; Verkehrsunfallflucht mit Personenschaden<\/h2>\n\n\n\n<p>Am Freitag, den 17.05.2024, zwischen 14:00 Uhr und 14:30 Uhr kam es auf dem Parkplatz unmittelbar vor der &#8222;Dehner&#8220;-Filiale in der Wormser Stra\u00dfe 107 in Frankenthal zu einem Verkehrsunfall. Hierbei kam es zu einem Zusammensto\u00df zwischen einem fahrenden Fahrzeug und zwei Fu\u00dfg\u00e4ngern im Alter von 70 und 71 Jahren. Im Zuge des Unfalls st\u00fctzte sich der 70-J\u00e4hrige Mann kurzzeitig auf die Motorhaube des Fahrzeugs. Als die beiden Fu\u00dfg\u00e4nger sich zur Sicherheit von der Fahrbahn begaben, entfernte sich der Fahrzeugf\u00fchrer unerlaubt. Das Fahrzeug wird als <strong>silbergrauer VW Golf<\/strong> beschrieben.<\/p>\n\n\n\n<ul>\n<li><strong>Zeugen werden gebeten sich an die Polizeiinspektion Frankenthal unter der Tel.-Nr.: 06233\/313-0 oder an die Polizeiwache Maxdorf unter der Tel.-Nr.: 06237\/934-1100 zu wenden. Gerne nehmen wir Ihre Hinweise auch per E-Mail unter\u00a0<a href=\"mailto:%20pifrankenthal@polizei.rlp.de\">pifrankenthal@polizei.rlp.de<\/a>\u00a0entgegen.<\/strong><\/li>\n<\/ul>\n\n\n\n<h2 class=\"wp-block-heading\">(Bobenheim-Roxheim) &#8211; Sexueller \u00dcbergriff auf Joggerin<\/h2>\n\n\n<div class=\"wp-block-image\">\n<figure class=\"aligncenter size-full\"><img decoding=\"async\" loading=\"lazy\" width=\"800\" height=\"533\" src=\"https:\/\/speyer24news.com\/wp-content\/uploads\/2020\/06\/Zelle.jpg\" alt=\"\" class=\"wp-image-28203\" srcset=\"https:\/\/speyer24news.com\/wp-content\/uploads\/2020\/06\/Zelle.jpg 800w, https:\/\/speyer24news.com\/wp-content\/uploads\/2020\/06\/Zelle-300x200.jpg 300w, https:\/\/speyer24news.com\/wp-content\/uploads\/2020\/06\/Zelle-768x512.jpg 768w\" sizes=\"(max-width: 800px) 100vw, 800px\" \/><figcaption class=\"wp-element-caption\">Beispielbild Zelle \/ Verhaftung, dient lediglich der Visualisierung<\/figcaption><\/figure><\/div>\n\n\n<p>Am 19.05.24, gegen 20 Uhr, kam es \u00f6stlich von Bobenheim-Roxheim in der Verl\u00e4ngerung der Dammstra\u00dfe auf einem Feldweg zu einem sexuellen \u00dcbergriff zum Nachteil einer 49-j\u00e4hrigen Joggerin. Der 20-j\u00e4hrige Tatverd\u00e4chtige konnte im Rahmen von sofort eingeleiteten Fahndungsma\u00dfnahmen festgenommen werden. Er \u00e4u\u00dferte sich bislang nicht zum Tatvorwurf. Nach einer Vorf\u00fchrung beim Amtsgericht Frankenthal am 20.05.24 kam er in Untersuchungshaft. Durch die Kriminalpolizei Ludwigshafen wurden die Ermittlungen aufgenommen. <\/p>\n\n\n\n<ul>\n<li><strong>Zeugen werden gebeten sich beim Kriminaldauerdienst Ludwigshafen telefonisch unter 0621\/963-2773 oder per E-Mail unter\u00a0<a href=\"mailto:%20kiludwigshafen.k1.kdd@polizei.rlp.de\">kiludwigshafen.k1.kdd@polizei.rlp.de<\/a>\u00a0zu melden.<\/strong><\/li>\n<\/ul>\n\n\n\n<h2 class=\"wp-block-heading\">(A 61 \/ LU-Ruchheim) &#8211; Fahrer unter Bet\u00e4ubungsmitteleinfluss verursacht Verkehrsunfall auf A61 mit f\u00fcnf Leichtverletzten<a href=\"https:\/\/www.facebook.com\/sharer.php?u=https%3A%2F%2Fwww.presseportal.de%2Fblaulicht%2Fpm%2F117687%2F5782913%2F%3Futm_source%3Dfacebook%26utm_medium%3Dsocial\"><\/a><a href=\"https:\/\/twitter.com\/intent\/tweet?text=POL-PDNW%3A%20Polizeiautobahnstation%20Ruchheim%20-%20Fahrer%20unter%20Bet%C3%A4ubungsmitteleinfluss%20verursacht%20Verkehrsunfall%20auf%20A61%20mit%20f%C3%BCnf%20Leichtverletzten&amp;url=https%3A%2F%2Fwww.presseportal.de%2Fblaulicht%2Fpm%2F117687%2F5782913%2F%3Futm_source%3Dtwitter%26utm_medium%3Dsocial&amp;hashtags=ots&amp;lang=de\"><\/a><a href=\"https:\/\/web.whatsapp.com\/send?text=POL-PDNW%3A%20Polizeiautobahnstation%20Ruchheim%20-%20Fahrer%20unter%20Bet%C3%A4ubungsmitteleinfluss%20verursacht%20Verkehrsunfall%20auf%20A61%20mit%20f%C3%BCnf%20Leichtverletzten%0A%0Ahttps%3A%2F%2Fwww.presseportal.de%2Fblaulicht%2Fpm%2F117687%2F5782913%2F%3Futm_source%3Dwhatsapp%26utm_medium%3Dsocial\"><\/a><a href=\"https:\/\/www.xing.com\/app\/user?op=share;url=https%3A%2F%2Fwww.presseportal.de%2Fblaulicht%2Fpm%2F117687%2F5782913%2F%3Futm_source%3Dxing%26utm_medium%3Dsocial\"><\/a><a href=\"http:\/\/www.linkedin.com\/shareArticle?mini=true&amp;url=https%3A%2F%2Fwww.presseportal.de%2Fblaulicht%2Fpm%2F117687%2F5782913%2F%3Futm_source%3Dlinkedin%26utm_medium%3Dsocial&amp;title=POL-PDNW%3A+Polizeiautobahnstation+Ruchheim+-+Fahrer+unter+Bet%C3%A4ubungsmitteleinfluss+verursacht+Verkehrsunfall+auf+A61+mit+f%C3%BCnf+Leichtverletzten\"><\/a><a href=\"mailto:?subject=POL-PDNW%3A%20Polizeiautobahnstation%20Ruchheim%20-%20Fahrer%20unter%20Bet%C3%A4ubungsmitteleinfluss%20verursacht%20Verkehrsunfall%20auf%20A61%20mit%20f%C3%BCnf%20Leichtverletzten&amp;body=https:\/\/www.presseportal.de\/blaulicht\/pm\/117687\/5782913\"><\/a><\/h2>\n\n\n<div class=\"wp-block-image\">\n<figure class=\"aligncenter\"><a href=\"https:\/\/cache.pressmailing.net\/thumbnail\/story_hires\/2fa7ae44-baaa-4d96-8cf4-c2e7ea7e2989\/VU61a.jpg.jpg\"><img decoding=\"async\" src=\"https:\/\/cache.pressmailing.net\/thumbnail\/story_big\/2fa7ae44-baaa-4d96-8cf4-c2e7ea7e2989\/pol-pdnw-polizeiautobahnstation-ruchheim-fahrer-unter-bet-ubungsmitteleinfluss-verursacht-verkehrsun\" alt=\"POL-PDNW: Polizeiautobahnstation Ruchheim - Fahrer unter Bet\u00e4ubungsmitteleinfluss verursacht Verkehrsunfall auf A61 mit f\u00fcnf Leichtverletzten\"\/><\/a><\/figure><\/div>\n\n\n<p>Am Montag, den 20.05.2024, kam es gegen 13:30 Uhr auf der A61 in Richtung Koblenz, kurz vor dem Autobahnkreuz Ludwigshafen zu einem Verkehrsunfall zwischen drei beteiligten PKW. Aufgrund von stockendem Verkehr musste ein 62-j\u00e4hriger seinen VW bis zum Stillstand abbremsen. Dahinter kam ein 41-J\u00e4hriger, dessen Ehefrau und die gemeinsamen f\u00fcnf Kinder Beifahrer waren, ebenfalls zum Stehen. Ein 24-J\u00e4hriger sah dies viel zu sp\u00e4t und fuhr zun\u00e4chst auf den Opel des 41-J\u00e4hrigen auf, welchen er dann auch noch auf den VW aufschob. Insgesamt wurden f\u00fcnf Personen, hiervon vier Kinder, leichtverletzt und zur weiteren Beobachtung in ein nahegelegenes Krankenhaus verbracht. Zwei Fahrzeuge waren nicht mehr fahrbereit und mussten abschleppt werden. Zur Unfallaufnahme und Bergung der Fahrzeuge musste die A61 teilweise gesperrt werden. Bei dem 24-J\u00e4hrigen wurden im Rahmen der Unfallaufnahme Auff\u00e4lligkeiten festgestellt, weshalb mit ihm ein Urintest durchgef\u00fchrt wurde, welcher positiv auf Kokain und THC reagierte. Ihn erwarten nun Strafanzeigen aufgrund der fahrl\u00e4ssigen K\u00f6rperverletzung, sowie Gef\u00e4hrdung des Stra\u00dfenverkehrs. Sein F\u00fchrerschein wurde sichergestellt.<\/p>\n\n\n\n<h2 class=\"wp-block-heading\">(Pr\u00e4sidialbereich\u00a0Rheinpfalz) &#8211; Kontrollwoche Truck &amp; Bus vom 13.05. -19.05.2024<\/h2>\n\n\n<div class=\"wp-block-image\">\n<figure class=\"aligncenter size-full\"><img decoding=\"async\" loading=\"lazy\" width=\"800\" height=\"447\" src=\"https:\/\/speyer24news.com\/wp-content\/uploads\/2022\/09\/Kontrolle-2.jpg\" alt=\"\" class=\"wp-image-49124\" srcset=\"https:\/\/speyer24news.com\/wp-content\/uploads\/2022\/09\/Kontrolle-2.jpg 800w, https:\/\/speyer24news.com\/wp-content\/uploads\/2022\/09\/Kontrolle-2-300x168.jpg 300w, https:\/\/speyer24news.com\/wp-content\/uploads\/2022\/09\/Kontrolle-2-768x429.jpg 768w\" sizes=\"(max-width: 800px) 100vw, 800px\" \/><figcaption class=\"wp-element-caption\">Kontrolle<\/figcaption><\/figure><\/div>\n\n\n<p>Die \u00dcberwachung des gewerblichen Personen- und G\u00fcterverkehrs bleibt ein wichtiger Teil der polizeilichen Verkehrs\u00fcberwachung. \u00dcberm\u00fcdete Fahrer und technisch nicht einwandfreie Fahrzeuge stellen eine ernstzunehmende Gefahr f\u00fcr alle Verkehrsteilnehmenden dar. Darum ist es wichtig, durch m\u00f6glichst h\u00e4ufige intensive Kontrollen zur Vermeidung von schweren Unfallfolgen beizutragen.<\/p>\n\n\n\n<p>Im Zeitraum vom 13. Mai 2024 bis zum 19. Mai 2024 beteiligte sich deshalb das Polizeipr\u00e4sidium Rheinpfalz an der ROADPOL-Kontrollwoche &#8222;Truck &amp; Bus&#8220;. Prim\u00e4res Ziel hierbei war die \u00dcberwachung der Einhaltung von Lenk- und Ruhezeiten bei den Berufskraftfahrerinnen und Berufskraftfahrern. Die eingesetzten Polizeikr\u00e4fte, insbesondere unsere Expertinnen und Experten der zentralen Verkehrsdienste, legten zudem ein besonderes Augenmerk auf den technischen Zustand und die Ladungssicherheit der Fahrzeuge sowie die Fahrt\u00fcchtigkeit der Fahrzeugf\u00fchrenden.<\/p>\n\n\n\n<p>Insgesamt wurden im Kontrollzeitraum 215 Lastkraftwagen und Kraftomnibusse kontrolliert. Hierbei wurden 69 Verst\u00f6\u00dfe geahndet. In 10 F\u00e4llen f\u00fchrten die festgestellten M\u00e4ngel zu einem Verbot der Weiterfahrt.<\/p>\n\n\n\n<p>Die Kontrollen sind Teil der l\u00e4nder\u00fcbergreifenden Verkehrs\u00fcberwachungsaktion &#8222;Truck &amp; Bus&#8220; des ROADPOL Netzwerks.<\/p>\n\n\n\n<p>&#8222;Grenzen \u00fcberschreiten, um Leben zu retten!&#8220; &#8211; das ist der Slogan von ROADPOL, dem europaweiten Polizeinetzwerk, welches das Ziel hat, die Zahl der Verkehrsunfallopfer deutlich zu senken. Dabei koordiniert es europaweit nationale Aktionen, die die Vorschriften im Verkehrssektor durchsetzen sollen. Innerhalb dieses Kontrollverbundes finden \u00fcber das Jahr verteilt verkehrspolizeiliche Schwerpunktkontrollen statt. Weitere Informationen gibt es unter&nbsp;<a target=\"_blank\" rel=\"noreferrer noopener\" href=\"https:\/\/www.roadpol.eu\/\">www.roadpol.eu<\/a>.<\/p>\n\n\n\n<p>Das Polizeipr\u00e4sidium Rheinpfalz mit Sitz in Ludwigshafen am Rhein ist zust\u00e4ndig f\u00fcr die Sicherheit von \u00fcber 900.000 Menschen. Der Dienstbezirk der Beh\u00f6rde mit ihren rund 2.200 Mitarbeiterinnen und Mitarbeitern umfasst auf etwa 2.400 Quadratkilometern die komplette Vorder- und S\u00fcdpfalz mit dem Rhein-Pfalz-Kreis, den Landkreisen Bad D\u00fcrkheim, Germersheim und S\u00fcdliche Weinstra\u00dfe sowie den kreisfreien St\u00e4dten Frankenthal (Pfalz), Landau in der Pfalz, Ludwigshafen am Rhein, Neustadt a.d.W. und Speyer.<\/p>\n\n\n\n<p>Wenn Sie einen Einblick in unsere Arbeit gewinnen wollen, schauen Sie sich gerne unter\u00a0<a href=\"https:\/\/s.rlp.de\/YwRYe\" target=\"_blank\" rel=\"noreferrer noopener\">https:\/\/s.rlp.de\/YwRYe<\/a>\u00a0unseren Film &#8222;Wir f\u00fcr die Pfalz&#8220; an oder werfen einen Blick in unsere bildgewaltige und informative Brosch\u00fcre unter\u00a0<a href=\"https:\/\/s.rlp.de\/Hq6Al\" target=\"_blank\" rel=\"noreferrer noopener\">https:\/\/s.rlp.de\/Hq6Al<\/a>. Sie werden \u00fcberrascht sein, was wir alles machen.<\/p>\n\n\n\n<h2 class=\"wp-block-heading\">(Ludwigshafen) &#8211; Reifen zerstochen<\/h2>\n\n\n\n<p>Die Reifen eines Audis wurden in der Schlesier Stra\u00dfe zwischen Montagmittag (20.05.2024, 13 Uhr) und Dienstagmorgen (21.05.2024, 5:20 Uhr) zerstochen. Die genaue H\u00f6he des entstandenen Schadens steht bislang nicht fest. <\/p>\n\n\n\n<ul>\n<li><strong>Sie haben etwas beobachtet? Hinweise bitte an die Polizeiinspektion Ludwigshafen 1, Telefonnummer 0621 963-2122 oder per E-Mail\u00a0<a href=\"mailto:%20piludwigshafen1@polizei.rlp.de\">piludwigshafen1@polizei.rlp.de<\/a>\u00a0.<\/strong><\/li>\n<\/ul>\n\n\n\n<h2 class=\"wp-block-heading\">(Ludwigshafen) &#8211; Glasflasche aus Auto geworfen<\/h2>\n\n\n\n<p>Ein Zeuge meldete am 20.05.2024, gegen 20:40 Uhr, dass eine unbekannte Person aus ihrem fahrenden Auto eine Glasflasche geworfen habe. Die Flasche habe dabei das Glas der Haltestelle &#8222;Ostringplatz&#8220; getroffen, welches hierdurch zu Bruch ging. Die H\u00f6he des entstandenen Sachschadens wird aktuell ermittelt. Die bislang unbekannte Person habe die K1 in Richtung Oppau befahren. N\u00e4here Angaben zum Fahrzeug oder dem Fahrer bzw. der Fahrerin konnte der Zeuge nicht machen. <\/p>\n\n\n\n<ul>\n<li><strong>Aus diesem Grund bittet die Polizeiinspektion Ludwigshafen 2 um Hinweise unter Telefonnummer 0621 963-2222 oder per E-Mail\u00a0<a href=\"mailto:%20piludwigshafen2@polizei.rlp.de\">piludwigshafen2@polizei.rlp.de<\/a>\u00a0.<\/strong><\/li>\n<\/ul>\n\n\n\n<h2 class=\"wp-block-heading\">(Ludwigshafen) &#8211; Schwerer Raub \/ Zeugen gesucht<\/h2>\n\n\n<div class=\"wp-block-image\">\n<figure class=\"aligncenter size-full\"><img decoding=\"async\" loading=\"lazy\" width=\"800\" height=\"605\" src=\"https:\/\/speyer24news.com\/wp-content\/uploads\/2023\/10\/Pfefferspray-Spray-Reizgas.jpg\" alt=\"\" class=\"wp-image-55357\" srcset=\"https:\/\/speyer24news.com\/wp-content\/uploads\/2023\/10\/Pfefferspray-Spray-Reizgas.jpg 800w, https:\/\/speyer24news.com\/wp-content\/uploads\/2023\/10\/Pfefferspray-Spray-Reizgas-300x227.jpg 300w, https:\/\/speyer24news.com\/wp-content\/uploads\/2023\/10\/Pfefferspray-Spray-Reizgas-768x581.jpg 768w, https:\/\/speyer24news.com\/wp-content\/uploads\/2023\/10\/Pfefferspray-Spray-Reizgas-80x60.jpg 80w\" sizes=\"(max-width: 800px) 100vw, 800px\" \/><\/figure><\/div>\n\n\n<p>Am Montagabend (20.05.2024), gegen 20:00 Uhr, befand sich ein 20-J\u00e4hriger vor dem Ausgang des Hauptbahnhofes am Jacob-von-Lavale-Platz, als er durch zwei ihm unbekannte, junge M\u00e4nner angesprochen wurde. Einer der Unbekannten spr\u00fchte dem 20-J\u00e4hrigen unvermittelt Pfefferspray ins Gesicht, woraufhin er die Flucht ergriff, jedoch durch die T\u00e4ter eingeholt und mehrfach geschlagen und getreten wurde. Der Gesch\u00e4digte \u00fcbergab den Unbekannten schlie\u00dflich sein mitgef\u00fchrtes Bargeld, woraufhin sich diese in Richtung Richard-Dehmel-Stra\u00dfe entfernten. Der 20-J\u00e4hrige wurde leicht verletzt.<\/p>\n\n\n\n<h4 class=\"wp-block-heading\">Die T\u00e4ter konnten trotz unmittelbar eingeleiteter Fahndungsma\u00dfnahmen nicht mehr festgestellt werden. Sie wurden wie folgt beschrieben:<\/h4>\n\n\n\n<ol>\n<li><strong>T\u00e4ter: ca. 18-20 Jahre alt, circa 1,90 Meter gro\u00df, schlanke Statur, l\u00e4ngere, nach hinten gegelte Haare, bekleidet mit einem wei\u00dfen Oberteil und einer schwarzen Jogginghose<\/strong><\/li>\n\n\n\n<li><strong>T\u00e4ter: ca. 18-20 Jahre alt, circa 1,90 Meter gro\u00df, schlanke Statur, kurz rasierte Haare, komplett schwarz gekleidet, Oberteil mit roter Aufschrift<\/strong><\/li>\n<\/ol>\n\n\n\n<ul>\n<li><strong>Wer hat die Tat beobachtet und kann Hinweise auf die T\u00e4ter geben? Hinweise bitte an die Polizeiinspektion Ludwigshafen 1, Telefonnummer 0621 963-2122 oder per E-Mail\u00a0<a href=\"mailto:%20piludwigshafen1@polizei.rlp.de\">piludwigshafen1@polizei.rlp.de<\/a>\u00a0.<\/strong><\/li>\n<\/ul>\n\n\n\n<h2 class=\"wp-block-heading\">(Ludwigshafen) &#8211; Ohne Fahrerlaubnis mit gestohlenem Roller gefahren<\/h2>\n\n\n\n<p>Der Polizeiinspektion Ludwigshafen 1 wurde am Montagabend, 20.05.2024, gegen 20 Uhr, gemeldet, dass zwei Jugendliche in der Pommernstra\u00dfe gerade einen Roller klauen w\u00fcrden. Beim Eintreffen der Polizeikr\u00e4fte vor Ort waren die Jugendlichen sowie der Roller bereits weg. Das Fahrzeug konnte in der Lausitzer Stra\u00dfe ausfindig gemacht werden. Eine Abfrage ergab, dass es bereits am 17.05.2024 als gestohlen gemeldet worden war. Durch die genaue Beschreibung der Zeugen konnten auch die gemeldeten Jugendlichen, ein 17-J\u00e4hriger und ein 19-J\u00e4hriger, kurze Zeit sp\u00e4ter angetroffen werden. Der 17-J\u00e4hrige, der mit dem Roller gefahren war, r\u00e4umte ein, keine Fahrerlaubnis zu haben, aber dennoch mit dem Roller gefahren zu sein. Dass das Fahrzeug gestohlen worden war, h\u00e4tten beide nicht gewusst. Der 17-J\u00e4hrige wird sich wegen des Fahrens ohne Fahrerlaubnis verantworten m\u00fcssen. Die Ermittlungen zum Diebstahl dauern an.<\/p>\n\n\n\n<h2 class=\"wp-block-heading\">(Ludwigshafen) &#8211; 4-J\u00e4hriger bei Unfall schwer verletzt<\/h2>\n\n\n\n<p>Eine 51-j\u00e4hrige Autofahrerin erfasste am Montag, 20.05.2024, gegen 15:30 Uhr, ein 4-j\u00e4hriger Junge, als dieses in der Karlstra\u00dfe unvermittelt zwischen zwei geparkten Autos auf die Stra\u00dfe rannte. Das Kind erlitt vermutlich eine Fraktur und musste in ein Krankenhaus gebracht werden.<\/p>\n\n\n\n<h2 class=\"wp-block-heading\">(Ludwigshafen) &#8211; In Keller eingebrochen<\/h2>\n\n\n\n<p>Am Pfingstmontag wurde in der Mundenheimer Stra\u00dfe ein Kellerraum aufgebrochen und hieraus unter anderem diverse Lebensmittel gestohlen. Der entstandene Schaden wird auf etwa 350 Euro gesch\u00e4tzt. <\/p>\n\n\n\n<ul>\n<li><strong>Da bislang keine Hinweise vorliegen, bittet die Polizeiinspektion Ludwigshafen 1 um Ihre Unterst\u00fctzung. Hinweise bitte an die Telefonnummer 0621 963-2122 oder per E-Mail\u00a0<a href=\"mailto:%20piludwigshafen1@polizei.rlp.de\">piludwigshafen1@polizei.rlp.de<\/a>\u00a0.<\/strong><\/li>\n<\/ul>\n\n\n\n<h2 class=\"wp-block-heading\">(Ludwigshafen) &#8211; Unter Einfluss von THC gefahren<\/h2>\n\n\n\n<p>Weil sie zu zweit auf einem E-Scooter die Von-der-Tann-Stra\u00dfe entlangfuhren, wurden am 20.05.2024 ein 23-J\u00e4hriger und seine gleichaltrige Begleiterin kontrolliert. Der 23-J\u00e4hrige, der den Elektroroller gefahren war, hatte eine geringe Menge Marihuana bei sich und gab an, regelm\u00e4\u00dfig Cannabis zu konsumieren. Ein daraufhin durchgef\u00fchrter Test reagierte positiv auf THC. Ihm wurde in der Polizeidienststelle eine Blutprobe entnommen. Vielen ist nicht bewusst, dass im Gegensatz zu Alkohol das konsumierte Cannabis noch mehrere Tage und abh\u00e4ngig von der Substanz, der Stoffwechselt\u00e4tigkeit des Konsumenten und der H\u00e4ufigkeit des Konsums sogar mehrere Wochen die Fahrt\u00fcchtigkeit negativ beeinflussen kann und in strafbarer Menge im K\u00f6rper nachweisbar ist. <strong>Auch nach der Teillegalisierung von Cannabis, bleibt die Fahrt unter dem Einfluss von Cannabis weiter verboten!<\/strong><\/p>\n\n\n\n<h2 class=\"wp-block-heading\">(Ludwigshafen) &#8211; Fahrr\u00e4der gestohlen<\/h2>\n\n\n\n<ul>\n<li>In der Ebertstra\u00dfe wurden ein Fahrrad sowie ein Fahrradcomputer aus dem Fahrradkeller eines Mehrfamilienhauses gestohlen. Die Tatzeit d\u00fcrfte zwischen dem 18.05.2024, 5:30 Uhr, und dem 20.05.2024, 8:45 Uhr liegen. Der entstandene Schaden wird auf etwa 3.500 Euro gesch\u00e4tzt.<\/li>\n\n\n\n<li>Auch in der Raiffeisenstra\u00dfe wurde am 20.05.2024, gegen 18 Uhr, ein Fahrrad gestohlen. Der Besitzer hatte sein Rad kurzzeitig abgestellt, um etwas in seinem Wohnmobil zu pr\u00fcfen. Als er zur\u00fcckkam, war das Fahrrad weg. Der Schaden bel\u00e4uft sich auf etwa 400 Euro.<\/li>\n<\/ul>\n\n\n\n<h4 class=\"wp-block-heading\">Bitte beachten Sie folgende Hinweise um sich vor Fahrraddiebstahl zu sch\u00fctzen:<\/h4>\n\n\n\n<p><strong>1. Ein gutes und sicheres Fahrradschloss ist das A und O<\/strong><\/p>\n\n\n\n<p><strong>2. Anschlie\u00dfen statt Abschlie\u00dfen<\/strong><\/p>\n\n\n\n<p>Einfaches Zusammenschlie\u00dfen von Rahmen und Hinterrad reicht nicht aus, da das Fahrrad so einfach weggetragen werden kann. Deshalb das Fahrrad immer an einem festen Gegenstand anschlie\u00dfen &#8211; auch wenn das Rad nur kurz abgestellt wird.<\/p>\n\n\n\n<p><strong>3. Gut einsehbarer Abstellplatz w\u00e4hlen<\/strong><\/p>\n\n\n\n<p>In versteckten Ecken kann ein Dieb in Ruhe und meist unbeobachtet das Schloss aufbrechen. Deshalb das Fahrrad an einem f\u00fcr Passanten gut einsehbaren Platz anschlie\u00dfen.<\/p>\n\n\n\n<p><strong>4. Mehrere Fahrr\u00e4der zusammen anschlie\u00dfen <\/strong><\/p>\n\n\n\n<p>Wer in der Gruppe unterwegs ist, sichert die R\u00e4der zusammen mit mehreren Schl\u00f6ssern. Da so mehrere Schl\u00f6sser geknackt werden m\u00fcssten, lohnt sich der Aufwand f\u00fcr die T\u00e4ter meist nicht.<\/p>\n\n\n\n<h2 class=\"wp-block-heading\">(Ludwigshafen) &#8211; Grabschmuck gestohlen<\/h2>\n\n\n\n<p>Eine Bronzeschale wurde von einem Grab auf dem Friedhof in Rheing\u00f6nheim (Hauptstra\u00dfe) gestohlen. Die Tatzeit d\u00fcrfte zwischen dem 16.05.2024, 11:30 Uhr, und dem 20.05.2024, 11:30 Uhr, liegen. Die Polizeiinspektion Ludwigshafen 1 bittet um Zeugenhinweise. Wer hat Beobachtungen gemacht und kann Angaben machen?<\/p>\n\n\n\n<ul>\n<li><strong>Hinweise bitte an die Polizeiinspektion Ludwigshafen 1, Telefonnummer 0621 963-2122 oder per E-Mail\u00a0<a href=\"mailto:%20piludwigshafen1@polizei.rlp.de\">piludwigshafen1@polizei.rlp.de<\/a>\u00a0.<\/strong><\/li>\n<\/ul>\n\n\n\n<h2 class=\"wp-block-heading\">(Ludwigshafen) &#8211; Katalysator gestohlen<\/h2>\n\n\n\n<p>Der Katalysator eines Mazda wurde zwischen Freitag (17.05.2024) und Montag (20.05.2024) gestohlen. Das Auto stand zur Tatzeit in der Leininger Stra\u00dfe. Der entstandene Sachschaden wird auf etwa 400 Euro gesch\u00e4tzt. <\/p>\n\n\n\n<ul>\n<li><strong>Sie haben etwas beobachtet? Hinweise bitte an die Polizeiinspektion Ludwigshafen 1, Telefonnummer 0621 963-2122 oder per E-Mail\u00a0<a href=\"mailto:%20piludwigshafen1@polizei.rlp.de\">piludwigshafen1@polizei.rlp.de<\/a>\u00a0.<\/strong><\/li>\n<\/ul>\n\n\n\n<h2 class=\"wp-block-heading\">(Ludwigshafen) &#8211; Raub auf Stra\u00dfe \/ Zeugen gesucht<\/h2>\n\n\n<div class=\"wp-block-image\">\n<figure class=\"aligncenter size-full\"><img decoding=\"async\" loading=\"lazy\" width=\"801\" height=\"600\" src=\"https:\/\/speyer24news.com\/wp-content\/uploads\/2020\/05\/Zeugen-gesucht-Neutral.jpg\" alt=\"\" class=\"wp-image-26598\" srcset=\"https:\/\/speyer24news.com\/wp-content\/uploads\/2020\/05\/Zeugen-gesucht-Neutral.jpg 801w, https:\/\/speyer24news.com\/wp-content\/uploads\/2020\/05\/Zeugen-gesucht-Neutral-300x225.jpg 300w, https:\/\/speyer24news.com\/wp-content\/uploads\/2020\/05\/Zeugen-gesucht-Neutral-768x575.jpg 768w, https:\/\/speyer24news.com\/wp-content\/uploads\/2020\/05\/Zeugen-gesucht-Neutral-678x509.jpg 678w, https:\/\/speyer24news.com\/wp-content\/uploads\/2020\/05\/Zeugen-gesucht-Neutral-326x245.jpg 326w, https:\/\/speyer24news.com\/wp-content\/uploads\/2020\/05\/Zeugen-gesucht-Neutral-80x60.jpg 80w\" sizes=\"(max-width: 801px) 100vw, 801px\" \/><\/figure><\/div>\n\n\n<p>Am Montag den 20.05.2024, gegen 00:40 Uhr, kam es im Bereich der Hans-Sachs-Stra\u00dfe in Ludwigshafen zu einem Raubdelikt. Der Gesch\u00e4digte befand sich zu diesem Zeitpunkt auf dem Heimweg, als ihn einer der zun\u00e4chst fl\u00fcchtigen T\u00e4ter von hinten umklammerte. W\u00e4hrenddessen kamen zwei weiteren T\u00e4ter hinzu, entnahmen den Geldbeutel aus der Hosentasche und nahmen das im Geldbeutel befindliche Bargeld an sich. Die T\u00e4ter fl\u00fcchteten daraufhin mit dem Bargeld. <\/p>\n\n\n\n<ul>\n<li><strong>Die T\u00e4ter trugen rote Kapuzenpullover mit Aufschriften und waren etwa 20 bis 25 Jahre alt. In Tatortn\u00e4he konnten drei Personen kontrolliert werden, welche auf die Personenbeschreibung passten. <\/strong><\/li>\n<\/ul>\n\n\n\n<ul>\n<li><strong>Wer hat die Tat beobachtet oder kann Hinweise auf die T\u00e4ter geben? Sachdienliche Hinweise bitte an die Polizeiinspektion Ludwigshafen 1, Telefonnummer 0621 963-2122 oder per E-Mail\u00a0<a href=\"mailto:%20piludwigshafen1@polizei.rlp.de\">piludwigshafen1@polizei.rlp.de<\/a>\u00a0.<\/strong><\/li>\n<\/ul>\n\n\n\n<h2 class=\"wp-block-heading\">(Ludwigshafen) &#8211; Sachbesch\u00e4digung an geparktem Fahrzeug \/ Zeugen gesucht<a href=\"https:\/\/www.facebook.com\/sharer.php?u=https%3A%2F%2Fwww.presseportal.de%2Fblaulicht%2Fpm%2F117696%2F5782720%2F%3Futm_source%3Dfacebook%26utm_medium%3Dsocial\"><\/a><a href=\"https:\/\/twitter.com\/intent\/tweet?text=POL-PPRP%3A%20Sachbesch%C3%A4digung%20an%20geparktem%20Fahrzeug%20-%20Zeugen%20gesucht&amp;url=https%3A%2F%2Fwww.presseportal.de%2Fblaulicht%2Fpm%2F117696%2F5782720%2F%3Futm_source%3Dtwitter%26utm_medium%3Dsocial&amp;hashtags=ots&amp;lang=de\"><\/a><a href=\"https:\/\/web.whatsapp.com\/send?text=POL-PPRP%3A%20Sachbesch%C3%A4digung%20an%20geparktem%20Fahrzeug%20-%20Zeugen%20gesucht%0A%0Ahttps%3A%2F%2Fwww.presseportal.de%2Fblaulicht%2Fpm%2F117696%2F5782720%2F%3Futm_source%3Dwhatsapp%26utm_medium%3Dsocial\"><\/a><a href=\"https:\/\/www.xing.com\/app\/user?op=share;url=https%3A%2F%2Fwww.presseportal.de%2Fblaulicht%2Fpm%2F117696%2F5782720%2F%3Futm_source%3Dxing%26utm_medium%3Dsocial\"><\/a><a href=\"http:\/\/www.linkedin.com\/shareArticle?mini=true&amp;url=https%3A%2F%2Fwww.presseportal.de%2Fblaulicht%2Fpm%2F117696%2F5782720%2F%3Futm_source%3Dlinkedin%26utm_medium%3Dsocial&amp;title=POL-PPRP%3A+Sachbesch%C3%A4digung+an+geparktem+Fahrzeug+-+Zeugen+gesucht\"><\/a><a href=\"mailto:?subject=POL-PPRP%3A%20Sachbesch%C3%A4digung%20an%20geparktem%20Fahrzeug%20-%20Zeugen%20gesucht&amp;body=https:\/\/www.presseportal.de\/blaulicht\/pm\/117696\/5782720\"><\/a><\/h2>\n\n\n\n<p>In der Nacht von 18.05.2024 auf den 19.05.2024 kam es in der Maudacher Stra\u00dfe in Ludwigshafen zu einer Sachbesch\u00e4digung an einem geparkten Fahrzeug. Hierbei wurde die hintere rechte Seitenscheibe eingeschlagen. Der Sachschaden bel\u00e4uft sich auf etwa 500 Euro. Hinweise auf den oder die T\u00e4ter gibt es nicht, sodass die Polizei nun um Hilfe bittet. <\/p>\n\n\n\n<ul>\n<li><strong>Haben Sie in diesem Zeitraum verd\u00e4chtige Personen wahrgenommen? Sachdienliche Hinweise bitte an die Polizeiinspektion Ludwigshafen 1, Telefonnummer 0621 963-2122 oder per E-Mail\u00a0<a href=\"mailto:%20piludwigshafen1@polizei.rlp.de\">piludwigshafen1@polizei.rlp.de<\/a>\u00a0.<\/strong><\/li>\n<\/ul>\n\n\n\n<h2 class=\"wp-block-heading\">(Mannheim) &#8211; Auto landet nach Unfall im Gleisbett \/ Zwei Personen werden leicht verletzt<\/h2>\n\n\n\n<p>Nach derzeitigem Erkenntnisstand fuhr am Montag um kurz nach 14:30 Uhr ein Skoda vom rechten Fahrbahnrand der Neckarauer Stra\u00dfe an. Dabei zog der 43-j\u00e4hrige Autofahrer sofort von der rechten Spur auf die mittlere, in der Absicht auf die Linksabbiegerspur zu gelangen. Bei dem Fahrman\u00f6ver \u00fcbersah der Mann einen von hinten in Richtung Rheinau herannahenden Mercedes. Dessen 20-j\u00e4hriger Fahrer versuchte noch auszuweichen, was ihm aber nicht gelang. Sein Auto kollidierte mit dem hinteren, linken Radkasten des Sokdas. Durch diesen Impuls kam der Skoda von der Stra\u00dfe ab und gelangte auf das Gleisbett der Stra\u00dfenbahn. Dort prallte er auf ein Verkehrsschild, welches verbogen wurde. Der mutma\u00dfliche Unfallverursacher sowie sein Beifahrer verletzten sich bei dem Unfall leicht und kamen zur weiteren Behandlung in ein Krankenhaus. Der entstandene Schaden wird auf knapp 70.000 Euro gesch\u00e4tzt. Im Rahmen der Unfallaufnahme kam es zu einer vor\u00fcbergehenden Sperrung des Bahnverkehrs. Beide Autos mussten abgeschleppt werden. Das Polizeirevier Mannheim-Neckarau \u00fcbernahm die weiteren Unfallermittlungen.<\/p>\n\n\n\n<h2 class=\"wp-block-heading\">(Mannheim-Neckarau) &#8211; Verkehrsunfall mit mehreren Fahrzeugen, Gleisverkehr auf der Neckarauer Stra\u00dfe beeintr\u00e4chtigt<\/h2>\n\n\n\n<p>Am Montag gegen 14:40 Uhr kam es im Bereich der Neckarauer Stra\u00dfe in H\u00f6he der Fabrikstationsstra\u00dfe zu einem Verkehrsunfall mit zwei Fahrzeugen. Der Unfall ereignete sich teilweise im Gleisbereich der Stra\u00dfenbahn, weshalb im Moment beide Fahrtrichtungen gesperrt sind und der Bahnverkehr nicht stattfinden kann. Ob es bei dem Unfall zu einem Personenschaden gekommen ist, kann derzeit noch nicht gesagt werden. Derzeit befinden sich Rettungskr\u00e4fte der Feuerwehr, des Rettungsdienstes und der Polizei im Einsatz.<\/p>\n\n\n\n<h3 class=\"wp-block-heading has-text-align-center\">Fahrbahn\/Gleissperrung aufgehoben \/ Pressemitteilung Nr. 2<\/h3>\n\n\n\n<p>Wie bereits berichtet, kam es gegen 14:40 Uhr im Bereich der Neckarauer Stra\u00dfe zu einem Verkehrsunfall mit zwei Fahrzeugen. Die Unfallstelle und die darin befindlichen Gleise der Stra\u00dfenbahn waren w\u00e4hrend der Unfallaufnahme und dem Abschleppen der PKW voll gesperrt. Die Sperrung wurde um 16:20 Uhr wieder aufgehoben und der Verkehr freigegeben. Bei dem Unfall wurden insgesamt drei Personen leicht verletzt. Der Sachschaden an den beiden verunfallten PKW wird auf insgesamt 70.000,- Euro gesch\u00e4tzt. Die Unfallermittlungen werden durch das Polizeirevier Mannheim-Neckarau aufgenommen.3<\/p>\n\n\n\n<h2 class=\"wp-block-heading\">(Mannheim-K\u00e4fertal) &#8211; Alkoholisiert und ohne F\u00fchrerschein unterwegs<\/h2>\n\n\n\n<p>Am Abend des 19.05.2024 sollte kurz vor Mitternacht ein BMW mit britischer Zulassung kontrolliert werden. Das Fahrzeug war zuvor aufgefallen, da es in schlangenlinien gef\u00fchrt wurde. Der Fahrer, ein 40-j\u00e4hriger Mann aus Gro\u00dfbritannien, stand offensichtlich unter Alkoholeinfluss. Ein freiwillig durchgef\u00fchrter Atemalkoholtest ergab einen Wert von ca. 1,7 Promille. Zudem gab der Mann zu, nicht in Besitz einer g\u00fcltigen Fahrerlaubnis zu sein. Nach Abschluss aller polizeilichen Ma\u00dfnahmen und einer Sicherheitsleistung durfte der Mann seine Reise als Beifahrer neben seiner Frau fortsetzen.<\/p>\n\n\n\n<h2 class=\"wp-block-heading\">(Mannheim) &#8211; Unfallflucht mit einem Bus kostet den F\u00fchrerschein<\/h2>\n\n\n\n<p>Seinen F\u00fchrerschein abgeben und eine Sicherheitsleistung hinterlegen musste ein aus D\u00e4nemark stammender 68-j\u00e4hriger Fahrer eines Reisebusses, der am Sonntagmittag gegen 11:38 Uhr in den Mannheimer E-Quadraten beim Abbiegen an einem ordnungsgem\u00e4\u00df geparkten KIA h\u00e4ngenblieb und dann seine Fahrt fortsetzte, ohne seiner Feststellungspflicht nachzukommen. Im Rahmen einer sofort ausgestrahlten Funkfahndung konnte der Bus in Mannheim-Neckarau festgestellt und einer Kontrolle unterzogen werden. Eine Befragung von Zeugen ergab, dass der Fahrer von seinen Fahrg\u00e4sten wohl sogar auf den Unfall hingewiesen wurde, die Fahrt jedoch dennoch fortsetzte. Der Gesamtschaden an beiden Fahrzeugen wird auf 12.000 Euro gesch\u00e4tzt. Die Reisegruppe konnte die Fahrt mit dem zweiten Busfahrer fortsetzen.<\/p>\n\n\n\n<h2 class=\"wp-block-heading\">(Mannheim) &#8211; Farmschmierer fl\u00fcchtet vor Polizei \/ Polizei sucht Zeugen<\/h2>\n\n\n\n<p>Eine Streife des Polizeireviers Mannheim-Innenstadt fuhr am Samstag um kurz vor 23:30 Uhr an einem unbewohnten Haus in der D\u00fcrerstra\u00dfe vorbei. Dabei bemerkte sie einen Mann, der sich auf dem Grundst\u00fcck der Doppelhaush\u00e4lfte aufhielt. Als die Streife sich das genauer anschauen wollte, floh der Mann \u00fcber die R\u00fcckseite. Wie sich herausstellte, hatte er zuvor zwei W\u00e4nde des Hauses mit Farbschmierereien versehen. Auf seiner Flucht hinterlie\u00df der Unbekannte Handschuhe und Spr\u00fchdosen. Die H\u00f6he des entstandenen Schadens ist derzeit noch unklar. Das Polizeirevier Mannheim-innenstadt \u00fcbernahm die weiteren Ermittlungen wegen Sachbesch\u00e4digung.<\/p>\n\n\n\n<h4 class=\"wp-block-heading\">Der Tatverd\u00e4chtige wird beschrieben, als:<\/h4>\n\n\n\n<ul>\n<li><strong>ungef\u00e4hr 25 Jahre alt<\/strong><\/li>\n\n\n\n<li><strong>180 cm gro\u00df <\/strong><\/li>\n\n\n\n<li><strong>mit dunklen, kurzen Haaren<\/strong><\/li>\n\n\n\n<li><strong>Er trug ein dunkelbraunes Cord-Hemd.<\/strong><\/li>\n<\/ul>\n\n\n\n<ul>\n<li><strong>Zeugen, die sachdienliche Hinweise geben k\u00f6nnen, werden gebeten, sich beim Polizeirevier Mannheim-Innenstadt unter der Telefonnummer 0621-1258-0 zu melden.<\/strong><\/li>\n<\/ul>\n\n\n\n<h2 class=\"wp-block-heading\">(Mannheim) &#8211; Bei Besuch auf dem Friedhof ausgeraubt \/ Zeugen gesucht!<\/h2>\n\n\n<div class=\"wp-block-image\">\n<figure class=\"aligncenter size-full\"><img decoding=\"async\" loading=\"lazy\" width=\"801\" height=\"600\" src=\"https:\/\/speyer24news.com\/wp-content\/uploads\/2020\/05\/Zeugen-gesucht-Neutral.jpg\" alt=\"\" class=\"wp-image-26598\" srcset=\"https:\/\/speyer24news.com\/wp-content\/uploads\/2020\/05\/Zeugen-gesucht-Neutral.jpg 801w, https:\/\/speyer24news.com\/wp-content\/uploads\/2020\/05\/Zeugen-gesucht-Neutral-300x225.jpg 300w, https:\/\/speyer24news.com\/wp-content\/uploads\/2020\/05\/Zeugen-gesucht-Neutral-768x575.jpg 768w, https:\/\/speyer24news.com\/wp-content\/uploads\/2020\/05\/Zeugen-gesucht-Neutral-678x509.jpg 678w, https:\/\/speyer24news.com\/wp-content\/uploads\/2020\/05\/Zeugen-gesucht-Neutral-326x245.jpg 326w, https:\/\/speyer24news.com\/wp-content\/uploads\/2020\/05\/Zeugen-gesucht-Neutral-80x60.jpg 80w\" sizes=\"(max-width: 801px) 100vw, 801px\" \/><\/figure><\/div>\n\n\n<p>Ein 62-j\u00e4hriger Mannheimer besuchte am Donnerstag gegen 14 Uhr das Grab seiner Eltern auf dem Hauptfriedhof Mannheim. Pl\u00f6tzlich bekam er einen Schlag auf den Hinterkopf und ging infolgedessen zu Boden. Er wurde leicht verletzt. Nach kurzer Bewusstlosigkeit kam der 62-J\u00e4hrige wieder zu sich und stellte fest, dass ihm die Geldb\u00f6rse aus der Hosentasche entwendet wurde. Im Geldbeutel befand sich Bargeld in H\u00f6he von \u00fcber 100 EUR.<\/p>\n\n\n\n<p>Das Fachdezernat der Kriminalpolizei hat die Ermittlungen aufgenommen und ist auf der Suche nach Zeugen. Insbesondere Zeugen, die sich zum Tatzeitpunkt im Bereich der Urnengr\u00e4ber im s\u00fcdlichen Teil des Hauptfriedhofes, aufgehalten haben.<\/p>\n\n\n\n<ul>\n<li><strong>Zeugen, die Angaben zur Tat oder dem\/den T\u00e4ter\/T\u00e4tern machen k\u00f6nnen, werden gebeten, sich unter der Tel.-Nr.: 0621\/174-4444, beim kriminalpolizeilichen Hinweistelefon zu melden.<\/strong><\/li>\n<\/ul>\n\n\n\n<h2 class=\"wp-block-heading\">(Heidelberg) &#8211; Streit auf der Friedrich-Ebert-Anlage am Pfingstmontag \/ Zeugenaufruf!<\/h2>\n\n\n<div class=\"wp-block-image\">\n<figure class=\"aligncenter size-full\"><img decoding=\"async\" loading=\"lazy\" width=\"800\" height=\"533\" src=\"https:\/\/speyer24news.com\/wp-content\/uploads\/2021\/11\/Schlaegerei.jpg\" alt=\"\" class=\"wp-image-42366\" srcset=\"https:\/\/speyer24news.com\/wp-content\/uploads\/2021\/11\/Schlaegerei.jpg 800w, https:\/\/speyer24news.com\/wp-content\/uploads\/2021\/11\/Schlaegerei-300x200.jpg 300w, https:\/\/speyer24news.com\/wp-content\/uploads\/2021\/11\/Schlaegerei-768x512.jpg 768w\" sizes=\"(max-width: 800px) 100vw, 800px\" \/><figcaption class=\"wp-element-caption\">Beispielbild Schl\u00e4gerei \/ K\u00f6rperverletzung, dient lediglich der Visualisierung<\/figcaption><\/figure><\/div>\n\n\n<p>Am Pfingstmontag, gegen 15:50 Uhr kam es auf der Friedrich-Ebert-Anlage zun\u00e4chst zu Streitigkeiten zwischen zwei Pkw-Fahrern bzw. zwischen dem 28-j\u00e4hrigen Beifahrer des einen Pkw und dem 53-j\u00e4hrigen Fahrer des anderen Pkw. Die Situation versch\u00e4rfte sich zuvor, als der Fahrer des zweiten Pkw den ersten Pkw \u00fcberholen wollte. Der Beifahrer des ersten Pkw warf ein Taschentuch in Richtung des zweiten Pkw, woraufhin dieser sofort sein Fahrzeug anhielt und ausstieg. Auch der Beifahrer stieg aus. Im weiteren Verlauf schlugen sich die beiden M\u00e4nner gegenseitig ins Gesicht. Beide wurden hierbei leicht verletzt.<\/p>\n\n\n\n<ul>\n<li><strong>Das Polizeirevier Heidelberg-Mitte hat die Ermittlungen gegen die Streitparteien eingeleitet und ist auf der Suche nach Zeugen, die Hinweise zu dem Sachverhalt geben k\u00f6nnen. Diese werden gebeten, sich unter der Tel.-Nr.: 06221\/18570 zu melden.<\/strong><\/li>\n<\/ul>\n\n\n\n<h2 class=\"wp-block-heading\">(Heidelberg) &#8211; Autofahrerin prallt gegen Ampel und wird dabei leicht verletzt \/ Polizei sucht Zeugen<\/h2>\n\n\n\n<p>Eine 24-J\u00e4hrige war am Freitag mit ihrem VW in Rohrbach auf der R\u00f6merstra\u00dfe in Richtung der Heidelberger Innenstadt unterwegs. Nach derzeitigem Erkenntnisstand \u00fcbersah die Frau um kurz nach 23:30 Uhr an der Kreuzung zur Stra\u00dfe Am Rohrbach die dortige rote Ampel. Sie konnte einem abbiegenden Auto noch ausweichen, jedoch zog sie dabei das Steuer scharf nach rechts, sodass ihr VW gegen den Ampelmast prallte. Durch die Wucht der Kollision wurde die ganze Ampelanlage zu Boden gerissen. Die Fahrerin verletzte sich bei dem Unfall leicht und musste in einem Krankenhaus behandelt werden. Der Gesamtschaden wird auf knapp 19.000 Euro gesch\u00e4tzt. Der VW musste auf Grund des erheblichen Schadens abgeschleppt werden.<\/p>\n\n\n\n<ul>\n<li><strong>Zeugen, die sachdienliche Hinweise geben k\u00f6nnen, werden gebeten, sich beim Polizeirevier Heidelberg-S\u00fcd unter der Telefonnummer 06221-3418-0 zu melden.<\/strong><\/li>\n<\/ul>\n\n\n\n<h2 class=\"wp-block-heading\">(Schwetzingen \/ Rhein-Neckar-Kreis) &#8211; Ausgebrannter Pkw wirft Fragen auf \/ Zeugen gesucht!<\/h2>\n\n\n<div class=\"wp-block-image\">\n<figure class=\"aligncenter size-full\"><img decoding=\"async\" loading=\"lazy\" width=\"600\" height=\"600\" src=\"https:\/\/speyer24news.com\/wp-content\/uploads\/2021\/02\/question-2309042_1920.jpg\" alt=\"\" class=\"wp-image-33695\" srcset=\"https:\/\/speyer24news.com\/wp-content\/uploads\/2021\/02\/question-2309042_1920.jpg 600w, https:\/\/speyer24news.com\/wp-content\/uploads\/2021\/02\/question-2309042_1920-150x150.jpg 150w, https:\/\/speyer24news.com\/wp-content\/uploads\/2021\/02\/question-2309042_1920-300x300.jpg 300w\" sizes=\"(max-width: 600px) 100vw, 600px\" \/><\/figure><\/div>\n\n\n<p>Am Pfingstmontag stellte ein Zeuge gegen 08:15 Uhr im Waldgebiet Gewann &#8222;Entenpfuhl&#8220; an der L 722 in Fahrtrichtung Speyer, ein vollst\u00e4ndig ausgebranntes Fahrzeug fest. Die derzeitigen Ermittlungen zu dem Fahrzeug ergaben, dass es sich um einen SUV der Marke Jeep handelt. Hinweise auf den Besitzer konnten bislang nicht erlangt werden.<\/p>\n\n\n\n<p>Wom\u00f6glich haben der oder die unbekannten T\u00e4ter im Zeitraum von Sonntag auf Montag, in der Zeit von 22 Uhr bis 05 Uhr, die Schranke an dem dortigen Waldweg ge\u00f6ffnet und sind ca. nach 100 m Waldweg nach links abgebogen.<\/p>\n\n\n\n<p>Mitten auf dem Waldweg wurde das Fahrzeug in Brand gesetzt und die T\u00e4terschaft fl\u00fcchtete unerkannt.<\/p>\n\n\n\n<p>Das Fachdezernat der Kriminalpolizeidirektion Heidelberg ist auf der Suche nach Zeugen, die sachdienliche Angaben zu dem Fahrzeug oder den Tatumst\u00e4nden machen k\u00f6nnen. Unter anderem werden Zeugen gesucht, die verd\u00e4chtige Wahrnehmungen gemacht haben oder Personen im Bereich der L 722, etwa 350 Meter nach der Abfahrt von der B 39, zwischen der Gemeinde Ketsch und dem Industriegebiet Hockenheim-Talhaus, festgestellt haben.<\/p>\n\n\n\n<ul>\n<li><strong>Zeugen, die Angaben machen k\u00f6nnen, werden gebeten, sich unter der Tel.-Nr.: 0621\/174-4444 beim kriminalpolizeilichen Hinweistelefon zu melden.<\/strong><\/li>\n<\/ul>\n\n\n\n<h2 class=\"wp-block-heading\">(Hockenheim \/ Rhein-Neckar-Kreis) &#8211; Altreifen im Naturschutzgebiet entsorgt \/ Zeugen gesucht<\/h2>\n\n\n<div class=\"wp-block-image\">\n<figure class=\"aligncenter size-full\"><img decoding=\"async\" loading=\"lazy\" width=\"801\" height=\"600\" src=\"https:\/\/speyer24news.com\/wp-content\/uploads\/2020\/05\/Zeugen-gesucht-Neutral.jpg\" alt=\"\" class=\"wp-image-26598\" srcset=\"https:\/\/speyer24news.com\/wp-content\/uploads\/2020\/05\/Zeugen-gesucht-Neutral.jpg 801w, https:\/\/speyer24news.com\/wp-content\/uploads\/2020\/05\/Zeugen-gesucht-Neutral-300x225.jpg 300w, https:\/\/speyer24news.com\/wp-content\/uploads\/2020\/05\/Zeugen-gesucht-Neutral-768x575.jpg 768w, https:\/\/speyer24news.com\/wp-content\/uploads\/2020\/05\/Zeugen-gesucht-Neutral-678x509.jpg 678w, https:\/\/speyer24news.com\/wp-content\/uploads\/2020\/05\/Zeugen-gesucht-Neutral-326x245.jpg 326w, https:\/\/speyer24news.com\/wp-content\/uploads\/2020\/05\/Zeugen-gesucht-Neutral-80x60.jpg 80w\" sizes=\"(max-width: 801px) 100vw, 801px\" \/><\/figure><\/div>\n\n\n<p>Zu einem noch unbekannten Zeitpunkt vor vergangenem Sonntagnachmittag d\u00fcrften bisher unbekannte T\u00e4ter im Bereich des Kothlachgrabens, ungef\u00e4hr 150m von der Abfahrt der L722 Ausfahrt Siegelhaun entfernt, insgesamt 50 Altreifen illegal entsorgt haben. Das Polizeirevier Hockenheim hat die ersten Ermittlungen zum Umweltdelikt aufgenommen. <\/p>\n\n\n\n<ul>\n<li><strong>Zeugenhinweise werden unter Tel.: 06205\/2860-0 entgegengenommen.<\/strong><\/li>\n<\/ul>\n\n\n\n<h2 class=\"wp-block-heading\">(Hockenheim \/ Rhein-Neckar-Kreis) &#8211; Zeugen nach Verkehrsunfallflucht gesucht!<\/h2>\n\n\n\n<p>Bereits am 03.05.2024 gegen 16 Uhr brachte ein unbekannter Autofahrer einen E-Scooterfahrer beim \u00dcberholvorgang auf einem Feldweg im Bereich der Kl\u00e4ranlage zu Fall und fl\u00fcchtete anschlie\u00dfend. Der 28-j\u00e4hrige Fahrer des E-Scooters verletzte sich bei dem Unfall leicht. Bei dem Auto des Unfallverursachers soll es sich um einen <strong>auff\u00e4lligen Mercedes-Benz G-Klasse in der Farbe dunkelblau-matt<\/strong> gehandelt haben. Ein entgegenkommender Radfahrer k\u00f6nnte den Unfall eventuell beobachtet haben. <\/p>\n\n\n\n<ul>\n<li><strong>Zeugen, insbesondere der unbekannte Radfahrer, die Hinweise zum Fahrzeugf\u00fchrer oder dem Auto geben k\u00f6nnen, werden gebeten, sich unter der Nummer 06205\/2860-0 zu melden.<\/strong><\/li>\n<\/ul>\n\n\n\n<h2 class=\"wp-block-heading\">(A 6 \/ Wiesloch \/ Rhein-Neckar-Kreis) &#8211; Kollision zweier Fahrzeuge, zwei Personen leicht verletzt<\/h2>\n\n\n\n<p>Am 18.05.2024 ereignete sich gegen 14:14 Uhr ein Verkehrsunfall auf der Autobahn A 6 in Fahrtrichtung Heilbronn. Eine 58-j\u00e4hrige Volvo Fahrerin musste aufgrund des R\u00fcckstaus an der AS Wiesloch\/ Rauenberg verkehrsbedingt auf der rechten Spur anhalten. Ein 62-j\u00e4hriger PKW-Fahrer der die mittlere Fahrspur mit seinem Audi nutzte, kam aufgrund Unaufmerksamkeit zu weit nach rechts ab und kollidierte mit dem Volvo auf der rechten Spur. Durch den Aufprall kamen beide Fahrzeuge ins Schleudern. Der Volvo besch\u00e4digte hierbei noch ein drittes Fahrzeug leicht. Der Unfallverursacher kam auf dem mittleren Fahrstreifen zu stehen. Durch den Unfall wurden zwei Personen leicht verletzt, konnten aber nach einer Untersuchung das Krankenhaus wieder verlassen. Der Gesamtschaden wird auf ca. 37000 Euro gesch\u00e4tzt. Die beiden beteiligten Fahrzeuge waren nicht mehr fahrt\u00fcchtig und mussten abgeschleppt werden. F\u00fcr die Dauer der Bergungs- und Rettungsma\u00dfnahmen war der rechte Fahrstreifen gesperrt.<\/p>\n\n\n\n<h2 class=\"wp-block-heading\">(Malsch \/ Rhein-Neckar-Kreis) &#8211; Segelflugzeug in der N\u00e4he des Flugplatzes verunfallt<a href=\"https:\/\/www.facebook.com\/sharer.php?u=https%3A%2F%2Fwww.presseportal.de%2Fblaulicht%2Fpm%2F14915%2F5782855%2F%3Futm_source%3Dfacebook%26utm_medium%3Dsocial\"><\/a><a href=\"https:\/\/twitter.com\/intent\/tweet?text=POL-MA%3A%20Malsch%2FRhein-Neckar-Kreis%3A%20Segelflugzeug%20in%20der%20N%C3%A4he%20des%20Flugplatzes%20verunfallt%2C%20Pressemitteilung%20Nr.%201&amp;url=https%3A%2F%2Fwww.presseportal.de%2Fblaulicht%2Fpm%2F14915%2F5782855%2F%3Futm_source%3Dtwitter%26utm_medium%3Dsocial&amp;hashtags=ots&amp;lang=de\"><\/a><a href=\"https:\/\/web.whatsapp.com\/send?text=POL-MA%3A%20Malsch%2FRhein-Neckar-Kreis%3A%20Segelflugzeug%20in%20der%20N%C3%A4he%20des%20Flugplatzes%20verunfallt%2C%20Pressemitteilung%20Nr.%201%0A%0Ahttps%3A%2F%2Fwww.presseportal.de%2Fblaulicht%2Fpm%2F14915%2F5782855%2F%3Futm_source%3Dwhatsapp%26utm_medium%3Dsocial\"><\/a><a href=\"https:\/\/www.xing.com\/app\/user?op=share;url=https%3A%2F%2Fwww.presseportal.de%2Fblaulicht%2Fpm%2F14915%2F5782855%2F%3Futm_source%3Dxing%26utm_medium%3Dsocial\"><\/a><a href=\"http:\/\/www.linkedin.com\/shareArticle?mini=true&amp;url=https%3A%2F%2Fwww.presseportal.de%2Fblaulicht%2Fpm%2F14915%2F5782855%2F%3Futm_source%3Dlinkedin%26utm_medium%3Dsocial&amp;title=POL-MA%3A+Malsch%2FRhein-Neckar-Kreis%3A+Segelflugzeug+in+der+N%C3%A4he+des+Flugplatzes+verunfallt%2C+Pressemitteilung+Nr.+1\"><\/a><a href=\"mailto:?subject=POL-MA%3A%20Malsch%2FRhein-Neckar-Kreis%3A%20Segelflugzeug%20in%20der%20N%C3%A4he%20des%20Flugplatzes%20verunfallt%2C%20Pressemitteilung%20Nr.%201&amp;body=https:\/\/www.presseportal.de\/blaulicht\/pm\/14915\/5782855\"><\/a><\/h2>\n\n\n\n<p>Nach dem Absturz eines Segelflugzeuges am Montagmittag befindet sich ein Gro\u00dfaufgebot von Rettungs- und Einsatzkr\u00e4ften westlich des Segelflugplatzes Malsch im Einsatz. Weitere Informationen liegen derzeit noch nicht vor. (<em>20.05.2024 \u2013 13:10<\/em>)<\/p>\n\n\n\n<h3 class=\"wp-block-heading has-text-align-center\">Pressemitteilung Nr. 2<\/h3>\n\n\n\n<h3 class=\"wp-block-heading\">Gemeinsame Pressemitteilung der Staatsanwalschaft Heidelberg und des Polizeipr\u00e4sidiums Mannheim<\/h3>\n\n\n\n<p>Gegen 12:14 Uhr kam es am Segelflugplatz in Malsch zum Absturz eines Segelfliegers. Der 52-j\u00e4hrige Pilot war kurz vorher erst gestartet, hatte offenbar aber Probleme mit seinem Segelflieger an H\u00f6he zu gewinnen. Nachdem er den Landeanflug eingeleitet hatte, konnte beobachtet werden wie er in einer Kurve pl\u00f6tzlich an H\u00f6he verlor und in ein nahegelegenes Waldst\u00fcck st\u00fcrzte. Der Pilot konnte geborgen werden und wurde unmittelbar in ein Krankenhaus zur Versorgung gebracht. Nach aktuellem Kenntnisstand sind die Verletzungen lebensbedrohlich.<\/p>\n\n\n\n<h2 class=\"wp-block-heading\">(Dielheim \/ Rhein-Neckar-Kreis) &#8211; 53-J\u00e4hriger wegen des Verdachts des versuchten Totschlags auf Antrag der Staatsanwaltschaft Heidelberg in Untersuchungshaft<\/h2>\n\n\n\n<h3 class=\"wp-block-heading\">Gemeinsame Pressemitteilung der Staatsanwaltschaft Heidelberg und des Polizeipr\u00e4sidiums Mannheim<\/h3>\n\n\n<div class=\"wp-block-image\">\n<figure class=\"aligncenter size-full\"><img decoding=\"async\" loading=\"lazy\" width=\"800\" height=\"533\" src=\"https:\/\/speyer24news.com\/wp-content\/uploads\/2020\/06\/Zelle.jpg\" alt=\"\" class=\"wp-image-28203\" srcset=\"https:\/\/speyer24news.com\/wp-content\/uploads\/2020\/06\/Zelle.jpg 800w, https:\/\/speyer24news.com\/wp-content\/uploads\/2020\/06\/Zelle-300x200.jpg 300w, https:\/\/speyer24news.com\/wp-content\/uploads\/2020\/06\/Zelle-768x512.jpg 768w\" sizes=\"(max-width: 800px) 100vw, 800px\" \/><figcaption class=\"wp-element-caption\">Beispielbild Zelle \/ Verhaftung, dient lediglich der Visualisierung<\/figcaption><\/figure><\/div>\n\n\n<p>Am Samstagabend gegen 23:50 Uhr verletzte ein 53-J\u00e4hriger einen weiteren Anwohner in einem Mehrfamilienhaus in Dielheim durch einen Schuss in den Bauchbereich.<\/p>\n\n\n\n<p>Nachdem es zuvor im Laufe des Abends zu einem verbalen Streit gekommen war, suchte der 53-j\u00e4hrige Tatverd\u00e4chtige die Wohnung des Gesch\u00e4digten mit einer scharfen Schusswaffe auf und schoss mehrfach auf die verschlossene Wohnungst\u00fcr. Dabei verlangte er Eintritt in die Wohnung. In der Folge verschaffte er sich Zutritt zur Wohnung und griff den Wohnungsinhaber k\u00f6rperlich an. Ein hinzugeeilter Zeuge half dem Verletzten und konnte den Tatverd\u00e4chtigen von einem weiteren Einwirken auf ihn abhalten. Zudem hielt er den Tatverd\u00e4chtigen bis zum Eintreffen der Polizeibeamten fest.<\/p>\n\n\n\n<p>Im Rahmen der Auseinandersetzung wurde der 53-j\u00e4hrige Wohnungsinhaber von einem Schuss in den Bauchbereich getroffen und erlitt hierdurch lebensgef\u00e4hrliche Verletzungen. Er wurde umgehend in ein nahegelegenes Krankenhaus gebracht und musste notoperiert werden. Zum gegenw\u00e4rtigen Zeitpunkt besteht keine Lebensgefahr mehr. Die mutma\u00dfliche Tatwaffe konnte sichergestellt werden.<\/p>\n\n\n\n<p>Der Tatverd\u00e4chtige wurde am 19. Mai 2024 der Haftrichterin am Amtsgericht Heidelberg vorgef\u00fchrt, die auf Antrag der Staatsanwaltschaft Haftbefehl gegen den Beschuldigten u.a. wegen versuchten Totschlags erlie\u00df und diesen in Vollzug setzte. Anschlie\u00dfend wurde der Beschuldigte in eine Justizvollzugsanstalt eingeliefert .<\/p>\n\n\n\n<p>Die Ermittlungen der Staatsanwaltschaft Heidelberg und der Kriminalpolizeidirektion Heidelberg dauern an.<\/p>\n\n\n\n<h2 class=\"wp-block-heading\">(Angelbachtal \/ Rhein-Neckar-Kreis) &#8211; Streitigkeiten auf Pfingstmarkt enden mit Messerstich<\/h2>\n\n\n<div class=\"wp-block-image\">\n<figure class=\"aligncenter size-full\"><img decoding=\"async\" loading=\"lazy\" width=\"801\" height=\"600\" src=\"https:\/\/speyer24news.com\/wp-content\/uploads\/2020\/05\/Zeugen-gesucht-Neutral.jpg\" alt=\"\" class=\"wp-image-26598\" srcset=\"https:\/\/speyer24news.com\/wp-content\/uploads\/2020\/05\/Zeugen-gesucht-Neutral.jpg 801w, https:\/\/speyer24news.com\/wp-content\/uploads\/2020\/05\/Zeugen-gesucht-Neutral-300x225.jpg 300w, https:\/\/speyer24news.com\/wp-content\/uploads\/2020\/05\/Zeugen-gesucht-Neutral-768x575.jpg 768w, https:\/\/speyer24news.com\/wp-content\/uploads\/2020\/05\/Zeugen-gesucht-Neutral-678x509.jpg 678w, https:\/\/speyer24news.com\/wp-content\/uploads\/2020\/05\/Zeugen-gesucht-Neutral-326x245.jpg 326w, https:\/\/speyer24news.com\/wp-content\/uploads\/2020\/05\/Zeugen-gesucht-Neutral-80x60.jpg 80w\" sizes=\"(max-width: 801px) 100vw, 801px\" \/><\/figure><\/div>\n\n\n<p>Im Rahmen von Streitigkeiten setzte ein bislang unbekannter T\u00e4ter auf der traditionellen Pfingstmarkt-Veranstaltung gegen 01.25 Uhr ein Messer gegen seinen 19-j\u00e4hrigen Kontrahenten ein und verletzte ihn damit am R\u00fccken. Im Anschluss fl\u00fcchtete er von der \u00d6rtlichkeit und konnte im Rahmen der Fahndung durch die unmittelbar eintreffenden Einsatzkr\u00e4fte auch nicht mehr angetroffen werden. <\/p>\n\n\n\n<ul>\n<li><strong>Der T\u00e4ter soll 20 &#8211; 25 Jahre alt, ca. 1,85 m gro\u00df sein und einen leichten Bart haben. <\/strong><\/li>\n\n\n\n<li><strong>Er trug zur Tatzeit eine helle Jacke. <\/strong><\/li>\n<\/ul>\n\n\n\n<p>Der Gesch\u00e4digte wurde in ein nahegelegenes Krankenhaus eingeliefert. Hier stellte sich heraus, dass er gl\u00fccklicherweise keine schweren Verletzungen davontrug. Die Umst\u00e4nde der Streitigkeiten sind Gegenstand der weiteren Ermittlungen, die vom Polizeiposten Angelbachtal gef\u00fchrt werden.<\/p>\n\n\n\n<h2 class=\"wp-block-heading\">(Hirschberg \/ Rhein-Neckar-Kreis) &#8211; Geb\u00e4udebrand f\u00fchrt zu Feuerwehreinsatz<\/h2>\n\n\n\n<h3 class=\"wp-block-heading has-text-align-center\">Pressemeldung Nr. 2<\/h3>\n\n\n\n<p>Am Sonntagabend, gegen 21.30 Uhr, wurden Polizei und Feuerwehr verst\u00e4ndigt, nachdem es in Hirschberg \/ Ortsteil Gro\u00dfsachsen in einem Reihenendhaus in der Talsiedlung zu einer starken Rauchentwicklung gekommen war.<\/p>\n\n\n\n<p>Die Freiwilligen Feuerwehren Hirschberg und Weinheim, die mit 35 Mann vor Ort waren, konnte den Brand schnell unter Kontrolle bringen und rasch l\u00f6schen. Bei dem Brandgeschehen wurde der 52-j\u00e4hriger Bewohner t\u00f6dlich verletzt. Nachdem die Feuerwehr die Person geborgen hatte, wurde diese reanimiert. Die Reanimation blieb jedoch erfolglos, so dass der Mann noch vor Ort verstarb.<\/p>\n\n\n\n<p>Zwei weitere 60- und 61-j\u00e4hrige Bewohner der angrenzenden Nachbarh\u00e4user konnten sich selbst\u00e4ndig aus den Geb\u00e4uden in Sicherheit bringen. W\u00e4hrend der 60-J\u00e4hrige unverletzt blieb erlitt der 61-J\u00e4hrige eine Rauchgasvergiftung und wurde in Klinik verbracht.<\/p>\n\n\n\n<p>Die Kriminaldirektion Heidelberg hat die weiteren Ermittlungen \u00fcbernommen. Der Brandort ist beschlagnahmt und die genaue Brandursache noch Gegenstand der Ermittlungen. \u00dcber die Schadenh\u00f6he liegen noch keine Erkenntnisse vor.<\/p>\n","protected":false},"excerpt":{"rendered":"<div class=\"mh-excerpt\"><p>Polizeimeldungen vom Montag &amp; Dienstag (20.05. &amp; 21.05.2024) (Speyer) &#8211; Alkoholisierter PKW-Fahrer ger\u00e4t in k\u00f6rperliche Auseinandersetzung mit Motorradfahrer Am Montagabend gegen 22:30 Uhr befuhren ein 35-j\u00e4hriger PKW-Fahrer und 29-j\u00e4hriger Motorradfahrer hintereinander die Industriestra\u00dfe. Der PKW-Fahrer <a class=\"mh-excerpt-more\" href=\"https:\/\/speyer24news.com\/?p=59501\" title=\"Polizeimeldungen Montag &#038; Dienstag (20. &#038; 21.05.24)\">[&#8230;]<\/a><\/p>\n<\/div>","protected":false},"author":3,"featured_media":26162,"comment_status":"open","ping_status":"open","sticky":false,"template":"","format":"standard","meta":{"_monsterinsights_skip_tracking":false,"_monsterinsights_sitenote_active":false,"_monsterinsights_sitenote_note":"","_monsterinsights_sitenote_category":0,"footnotes":""},"categories":[15659],"tags":[7273,7243,7244,10926,13554,350,14537,15084,15267,14538,15361,702,61,2555,14113,6955,6986,6263,63,105,11150,6987,53,13540,16956,18099,17274,4683,14958,9154,17275,12967,102,13626,213,14325,14324,13553,13541,16955,2625,380],"aioseo_notices":[],"amp_enabled":true,"_links":{"self":[{"href":"https:\/\/speyer24news.com\/index.php?rest_route=\/wp\/v2\/posts\/59501"}],"collection":[{"href":"https:\/\/speyer24news.com\/index.php?rest_route=\/wp\/v2\/posts"}],"about":[{"href":"https:\/\/speyer24news.com\/index.php?rest_route=\/wp\/v2\/types\/post"}],"author":[{"embeddable":true,"href":"https:\/\/speyer24news.com\/index.php?rest_route=\/wp\/v2\/users\/3"}],"replies":[{"embeddable":true,"href":"https:\/\/speyer24news.com\/index.php?rest_route=%2Fwp%2Fv2%2Fcomments&post=59501"}],"version-history":[{"count":2,"href":"https:\/\/speyer24news.com\/index.php?rest_route=\/wp\/v2\/posts\/59501\/revisions"}],"predecessor-version":[{"id":59505,"href":"https:\/\/speyer24news.com\/index.php?rest_route=\/wp\/v2\/posts\/59501\/revisions\/59505"}],"wp:featuredmedia":[{"embeddable":true,"href":"https:\/\/speyer24news.com\/index.php?rest_route=\/wp\/v2\/media\/26162"}],"wp:attachment":[{"href":"https:\/\/speyer24news.com\/index.php?rest_route=%2Fwp%2Fv2%2Fmedia&parent=59501"}],"wp:term":[{"taxonomy":"category","embeddable":true,"href":"https:\/\/speyer24news.com\/index.php?rest_route=%2Fwp%2Fv2%2Fcategories&post=59501"},{"taxonomy":"post_tag","embeddable":true,"href":"https:\/\/speyer24news.com\/index.php?rest_route=%2Fwp%2Fv2%2Ftags&post=59501"}],"curies":[{"name":"wp","href":"https:\/\/api.w.org\/{rel}","templated":true}]}}