{"id":59521,"date":"2024-05-25T09:34:30","date_gmt":"2024-05-25T08:34:30","guid":{"rendered":"https:\/\/speyer24news.com\/?p=59521"},"modified":"2024-06-03T19:16:09","modified_gmt":"2024-06-03T18:16:09","slug":"polizeimeldungen-donnerstag-freitag-23-24-05-24","status":"publish","type":"post","link":"https:\/\/speyer24news.com\/?p=59521","title":{"rendered":"Polizeimeldungen Donnerstag &#038; Freitag (23. &#038; 24.05.24)"},"content":{"rendered":"<style type=\"text\/css\">\r\n\t.ads_top_disp{}\r\n\t.ads_top_corner_disp{ float:left; margin:0px 10px 10px 0px; }\r\n\t.ads_first_p_disp{}\r\n\t.ads_bottom_disp{}\r\n\t<\/style>\n<h2 class=\"wp-block-heading\">Polizeimeldungen von Donnerstag &amp; Freitag (23.05 &amp; 24.05.2024)<\/h2>\n\n\n<div class=\"wp-block-image\">\n<figure class=\"aligncenter size-full\"><img decoding=\"async\" loading=\"lazy\" width=\"375\" height=\"500\" src=\"https:\/\/speyer24news.com\/wp-content\/uploads\/2022\/03\/Aktuelles-Polizeilogo.jpg\" alt=\"\" class=\"wp-image-43591\" srcset=\"https:\/\/speyer24news.com\/wp-content\/uploads\/2022\/03\/Aktuelles-Polizeilogo.jpg 375w, https:\/\/speyer24news.com\/wp-content\/uploads\/2022\/03\/Aktuelles-Polizeilogo-225x300.jpg 225w\" sizes=\"(max-width: 375px) 100vw, 375px\" \/><\/figure><\/div>\n\n\n<h2 class=\"wp-block-heading\">(Speyer) &#8211; Betr\u00fcgerinnen erbeuten Bargeld und Schmuck<\/h2>\n\n\n<div class=\"wp-block-image\">\n<figure class=\"aligncenter size-large\"><img decoding=\"async\" loading=\"lazy\" width=\"1024\" height=\"649\" src=\"https:\/\/speyer24news.com\/wp-content\/uploads\/2022\/04\/Geld-Betrug-Schockanruf-Rentner-1024x649.jpg\" alt=\"\" class=\"wp-image-44260\" srcset=\"https:\/\/speyer24news.com\/wp-content\/uploads\/2022\/04\/Geld-Betrug-Schockanruf-Rentner-1024x649.jpg 1024w, https:\/\/speyer24news.com\/wp-content\/uploads\/2022\/04\/Geld-Betrug-Schockanruf-Rentner-300x190.jpg 300w, https:\/\/speyer24news.com\/wp-content\/uploads\/2022\/04\/Geld-Betrug-Schockanruf-Rentner-768x487.jpg 768w, https:\/\/speyer24news.com\/wp-content\/uploads\/2022\/04\/Geld-Betrug-Schockanruf-Rentner.jpg 1280w\" sizes=\"(max-width: 1024px) 100vw, 1024px\" \/><figcaption class=\"wp-element-caption\">Beispielbild Schockanruf \/ Betrug, dient lediglich der Visualisierung<\/figcaption><\/figure><\/div>\n\n\n<p>Die Hilfsbereitschaft einer Seniorin nutzten am Donnerstagnachmittag (23.05.2024, gegen 15 Uhr) Betr\u00fcgerinnen aus. Zun\u00e4chst klingelte eine bislang unbekannte Frau an der Wohnungst\u00fcr der Seniorin im Ziegelofenweg. Sie behauptete, Papier und Stift zu ben\u00f6tigen, um eine Nachricht zu schreiben. Dieser Bitte wollte die Seniorin gerne entsprechen und lie\u00df die Frau in ihre Wohnung. Beide begaben sich gemeinsam in einen anderen Raum. Geschickt verwickelte die Betr\u00fcgerin die Seniorin dort in ein Gespr\u00e4ch. Nach wenigen Minuten erschien unvermittelt eine weitere Frau in der Wohnung, die sich ebenfalls in das Gespr\u00e4ch einmischte. Unvermittelt seien die beiden Frauen kurzdarauf gegangen. Bereits wenige Minuten sp\u00e4ter sch\u00f6pfte die Seniorin Verdacht. Tats\u00e4chlich war es den Betr\u00fcgerinnen gelungen, Bargeld und Schmuck im Wert eines mittleren f\u00fcnfstelligen Betrags zu stehlen.<\/p>\n\n\n\n<h4 class=\"wp-block-heading\">Die Frauen konnte die Seniorin wie folgt beschreiben: <\/h4>\n\n\n\n<ol>\n<li><strong>Frau: etwa 30-35 Jahre alt, 1,60-1,70m gro\u00df, leicht \u00fcbergewichtig, blondes Haar, sprach mit Akzent.<\/strong><\/li>\n\n\n\n<li><strong>Frau: Etwa 25-30 Jahre alt, ungef\u00e4hr 1,65m gro\u00df, blondes Haar, helle Kleidung, sprach mit Akzent.<\/strong><\/li>\n<\/ol>\n\n\n\n<ul>\n<li><strong>Wir bitten Sie: Wenn Sie zur fraglichen Zeit im Bereich des Ziegelofenwegs etwas wahrgenommen haben oder Frauen beobachtet haben, auf die die Beschreibung passen k\u00f6nnte, melden Sie sich! M\u00f6glicherweise waren die Frauen in Begleitung weiterer Personen. Sollten Sie hierzu Angaben machen k\u00f6nnen, bitten wir Sie ebenfalls, sich zu melden. Hinweise nimmt die Kriminalpolizei Ludwigshafen unter der Telefonnummer 0621 963-2773 oder per E-Mail&nbsp;<a href=\"mailto:%20kiludwigshafen.k1.kdd@polizei.rlp.de\">kiludwigshafen.k1.kdd@polizei.rlp.de<\/a>&nbsp;entgegen.<\/strong><\/li>\n<\/ul>\n\n\n\n<p>Trickdiebe sind erfinderisch und schauspielerisch begabt. Geschickt gelingt es ihnen, ihre Opfer in Gespr\u00e4ch zu verwickeln, sodass diese keine Gelegenheit bekommen, skeptisch zu werden. Es kann jeden treffen. Seien Sie deshalb immer misstrauisch, wenn Sie von Fremden angesprochen oder Fremde bei Ihnen zu Hause klingeln. Lassen Sie keine Fremden in Ihre Wohnung. Kl\u00e4ren Sie die Echtheit von Amtspersonen oder Handwerkern unter der Ihnen bekannten Erreichbarkeit ab. Wenn Ihnen eine Situation verd\u00e4chtig vorkommt oder Sie sich unwohl f\u00fchlen, beenden Sie das Gespr\u00e4ch und schlie\u00dfen Sie die T\u00fcr. Rufen Sie die Polizei, unter der 110 wenn Sie bedr\u00e4ngt werden oder sich in einer Gefahr befinden. N\u00e4here Informationen zum Thema sowie die Tricks der T\u00e4ter erfahren sie unter&nbsp;<a href=\"https:\/\/www.polizei-beratung.de\/\" target=\"_blank\" rel=\"noreferrer noopener\">www.polizei-beratung.de<\/a><\/p>\n\n\n\n<h2 class=\"wp-block-heading\">(Speyer) &#8211; Verwechselung von Bremse und Gas verursacht hohen Sachschaden<\/h2>\n\n\n\n<p>Am Donnerstag gegen 11:30 Uhr parkte ein 79-j\u00e4hriger Mann mit seinem Pkw in eine Parkl\u00fccke in einem Parkhaus in der Heydenreichstra\u00dfe ein. Beim Rangieren verwechselte er die Bremse mit dem Gaspedal und stie\u00df mit einem dahinter geparkten Fahrzeug zusammen. Der geparkte PKW wurde hierdurch gegen die Wand geschoben und war anschlie\u00dfend nicht mehr fahrbereit. Insgesamt entstand ein Sachschaden in H\u00f6he von ca. 17.500 Euro.<\/p>\n\n\n\n<h2 class=\"wp-block-heading\">(Speyer) &#8211; Alleinunfall unter Alkoholeinfluss<\/h2>\n\n\n\n<p>Am Donnerstagmorgen gegen 07:00 Uhr befuhr eine 36-j\u00e4hrige Frau mit ihrem PKW die Landauer Stra\u00dfe in Richtung der B9\/ Germersheim. Auf der dortigen Br\u00fccke im Auffahrtsbereich zur B9 geriet die 36-J\u00e4hrige in der Kurve nach rechts von der Fahrbahn ab und kollidierte mit der Schutzplanke. Das Fahrzeug drehte sich und kam entgegen der Fahrtrichtung zum Stehen. Bei der Fahrerin konnte durch die Beamten Alkoholgeruch wahrgenommen werden. Ein Atemalkoholtest ergab einen Wert von 1,57 Promille. Der 36-J\u00e4hrigen wurde eine Blutprobe entnommen und ihr F\u00fchrerschein wurde beschlagnahmt. Verletzt wurde durch den Verkehrsunfall niemand. Der PKW war nicht mehr fahrbereit und musste abgeschleppt werden. Die Unfallstelle musste f\u00fcr ca. 1,5 Stunden durch die Beamten abgesichert werden. Es entstand Sachschaden in H\u00f6he von ca. 15.000 Euro. Gegen die 36-J\u00e4hrige wird ein Strafverfahren wegen einer Gef\u00e4hrdung des Stra\u00dfenverkehrs eingeleitet.<\/p>\n\n\n\n<h2 class=\"wp-block-heading\">(Speyer) &#8211; Zwei nicht mehr fahrbereite PKW nach Verkehrsunfall<\/h2>\n\n\n\n<p>Um 16:45 Uhr am Mittwoch befuhren zwei PKW-Fahrer die Hilgardstra\u00dfe jeweils in entgegengesetzter Richtung. An der Kreuzung zur Ludwigstra\u00dfe wollte die 54-j\u00e4hrige Fahrerin des einen Fahrzeugs nach links abbiegen und \u00fcbersah den geradeaus fahrenden 21-j\u00e4hrigen Fahrer des anderen PKW. Es kam zum Zusammensto\u00df der Fahrzeuge, sodass beide nicht mehr fahrbereit waren und abgeschleppt werden mussten. Verletzt wurde durch den Verkehrsunfall niemand. Es entstand Sachschaden in H\u00f6he von ca. 5.500 Euro.<\/p>\n\n\n\n<h2 class=\"wp-block-heading\">(Speyer) &#8211; Unter Cannabiseinfluss auf E-Scooter unterwegs<\/h2>\n\n\n\n<p>Am Mittwochmittag gegen 16:15 Uhr f\u00fchrten Polizeibeamte in der Ludwig-Uhland-Stra\u00dfe eine allgemeine Verkehrskontrolle bei einem E-Scooter-Fahrer durch. Im Rahmen der Kontrolle konnten bei dem 36-j\u00e4hrigen Fahrer Hinweise auf eine Beeinflussung durch Cannabis erlangt werden. Auch reagierte ein durchgef\u00fchrter Urintest positiv auf THC. Dem 36-J\u00e4hrigen wurde eine Blutprobe entnommen. Gegen den Fahrer wird nun ein Ordnungswidrigkeitenverfahren eingeleitet.<\/p>\n\n\n\n<p>Der Einfluss von Alkohol oder anderen berauschenden Mitteln stellt eine Hauptunfallursache dar. Daher m\u00f6chten wir noch einmal eindringlich hinweisen: <strong>Das Fahren unter dem Einfluss von THC ist und bleibt verboten<\/strong>. Au\u00dferdem wird die F\u00fchrerscheinstelle die Geeignetheit des Fahrers \u00fcberpr\u00fcfen.<\/p>\n\n\n\n<h2 class=\"wp-block-heading\">(Speyer) &#8211; Alleinunfall mit Lastenrad<\/h2>\n\n\n\n<p>Am Mittwoch um 12:15 Uhr befuhr ein Postzusteller mit seinem Lastenrad den Gehweg im Mausbergweg. Der 22-j\u00e4hrige Fahrer kam ohne Fremdeinwirkung vom Gehweg ab und fiel gemeinsam mit seinem Rad auf die Stra\u00dfe. Hierbei verletzte der junge Mann sich leicht und wurde durch den Rettungsdienst in ein nahgelegenes Krankenhaus verbracht. Am Fahrrad entstand augenscheinlich kein Sachschaden.<\/p>\n\n\n\n<h2 class=\"wp-block-heading\">(Schifferstadt \/ Limburgerhof \/ Waldsee) &#8211; Wahlplakate entwendet<\/h2>\n\n\n\n<p>Am vergangenen Wochenende wurden in Schifferstadt, Waldsee und Limburgerhof mehrere Wahlplakate unterschiedlichster Parteien entwendet. In Schifferstadt wurden in der Mutterstadter Stra\u00dfe zwei Banner der Freien W\u00e4hler Gruppe entwendet. Gleich sechs Gro\u00dfwahlplakate der SPD wurden unter anderem in der Landauer Stra\u00dfe im Limburgerhof, sowie in Waldsee, in der Rehh\u00fctter Stra\u00dfe aufgestellte Plakate der CDU und der SPD entwendet. <\/p>\n\n\n\n<ul>\n<li><strong>Zeugenhinweise nimmt die Polizeiinspektion Schifferstadt unter der Telefonnummer 06235 &#8211; 495-0 oder per E-Mail (<a href=\"mailto:pischifferstadt@polizei.rlp.de\">pischifferstadt@polizei.rlp.de<\/a>) entgegen.<\/strong><\/li>\n<\/ul>\n\n\n\n<h2 class=\"wp-block-heading\">(Altrip) &#8211; Mehrfach ohne Versicherungsschutz auff\u00e4llig<\/h2>\n\n\n\n<p>Bei einer Verkehrskontrolle am vergangenen Mittwochmorgen in der Moltkestra\u00dfe konnte bei dem von einem 61-j\u00e4hrigen gef\u00fchrten Pkw festgestellt werden, dass dieser keinen Versicherungsschutz mehr hat. Im Rahmen weiterer Ermittlungen wurde bekannt, dass gegen den Mann aufgrund desselben Vorwurfes im Jahr 2024 bereits zweimal schon ermittelt wurde. Um weitere Straftaten zu verhindern, wurde das Fahrzeug noch vor Ort sichergestellt. Den 61-j\u00e4hrigen aus Altrip erwartet nun ein weiteres Strafverfahren wegen eines Versto\u00dfes gegen das Pflichtversicherungsgesetz.<\/p>\n\n\n\n<h2 class=\"wp-block-heading\">(Mutterstadt) &#8211; Trunkenheitsfahrt<\/h2>\n\n\n\n<p>Im Rahmen einer Verkehrskontrolle in der Nacht vom 22. auf den 23.05. in der Ludwigshafener Stra\u00dfe konnte bei einem 38-j\u00e4hrigen Verkehrsteilnehmer aus Ludwigshafen leichter Alkoholgeruch festgestellte werden. Bei einem anschlie\u00dfenden Atem-Alkohol-Test wurde ein Wert von 0,6 Promille festgestellt. Die Weiterfahrt wurde vor Ort untersagt. Denn 38-j\u00e4hrigen erwartet nun ein Ordnungswidrigkeitsverfahren wegen Trunkenheit im Verkehr.<\/p>\n\n\n\n<h2 class=\"wp-block-heading\">(Schwegenheim) &#8211; Verkehrsbeeintr\u00e4chtigung \/ Lkw f\u00e4hrt in den Graben<a href=\"https:\/\/www.facebook.com\/sharer.php?u=https%3A%2F%2Fwww.presseportal.de%2Fblaulicht%2Fpm%2F117686%2F5785999%2F%3Futm_source%3Dfacebook%26utm_medium%3Dsocial\"><\/a><a href=\"https:\/\/twitter.com\/intent\/tweet?text=POL-PDLD%3A%20Verkehrsbeeintr%C3%A4chtigung%20-%20Lkw%20f%C3%A4hrt%20in%20den%20Graben&amp;url=https%3A%2F%2Fwww.presseportal.de%2Fblaulicht%2Fpm%2F117686%2F5785999%2F%3Futm_source%3Dtwitter%26utm_medium%3Dsocial&amp;hashtags=ots&amp;lang=de\"><\/a><a href=\"https:\/\/web.whatsapp.com\/send?text=POL-PDLD%3A%20Verkehrsbeeintr%C3%A4chtigung%20-%20Lkw%20f%C3%A4hrt%20in%20den%20Graben%0A%0Ahttps%3A%2F%2Fwww.presseportal.de%2Fblaulicht%2Fpm%2F117686%2F5785999%2F%3Futm_source%3Dwhatsapp%26utm_medium%3Dsocial\"><\/a><a href=\"https:\/\/www.xing.com\/app\/user?op=share;url=https%3A%2F%2Fwww.presseportal.de%2Fblaulicht%2Fpm%2F117686%2F5785999%2F%3Futm_source%3Dxing%26utm_medium%3Dsocial\"><\/a><a href=\"http:\/\/www.linkedin.com\/shareArticle?mini=true&amp;url=https%3A%2F%2Fwww.presseportal.de%2Fblaulicht%2Fpm%2F117686%2F5785999%2F%3Futm_source%3Dlinkedin%26utm_medium%3Dsocial&amp;title=POL-PDLD%3A+Verkehrsbeeintr%C3%A4chtigung+-+Lkw+f%C3%A4hrt+in+den+Graben\"><\/a><a href=\"mailto:?subject=POL-PDLD%3A%20Verkehrsbeeintr%C3%A4chtigung%20-%20Lkw%20f%C3%A4hrt%20in%20den%20Graben&amp;body=https:\/\/www.presseportal.de\/blaulicht\/pm\/117686\/5785999\"><\/a><\/h2>\n\n\n<div class=\"wp-block-image\">\n<figure class=\"aligncenter\"><a href=\"https:\/\/cache.pressmailing.net\/thumbnail\/story_hires\/d1ba96d0-f3a9-4293-9346-fcd34733fd16\/LKW-_B9_Stra%C3%9Fengraben.jpeg.jpg\"><img decoding=\"async\" src=\"https:\/\/cache.pressmailing.net\/thumbnail\/story_big\/d1ba96d0-f3a9-4293-9346-fcd34733fd16\/pol-pdld-verkehrsbeeintr-chtigung-lkw-f-hrt-in-den-graben\" alt=\"POL-PDLD: Verkehrsbeeintr\u00e4chtigung - Lkw f\u00e4hrt in den Graben\"\/><\/a><\/figure><\/div>\n\n\n<p>Am Freitagmorgen fuhr ein Lkw-Fahrer mit seinem Lkw in den Stra\u00dfengraben der B9 in Fahrtrichtung Ludwigshafen. Hierbei wurde auch die Fahrbahn circa 500 Meter vor der Anschlussstelle Schwegenheim\/B272 stark verschmutzt, sodass die rechte Fahrspur aktuell gesperrt ist. Verkehrsteilnehmer m\u00fcssen daher mit Verkehrsbeeintr\u00e4chtigungen sowie Staus an der Unfall\u00f6rtlichkeit rechnen. (<em>24.05.2024 \u2013 08:25<\/em>)<\/p>\n\n\n\n<h3 class=\"wp-block-heading has-text-align-center\">Nachtragsmeldung<\/h3>\n\n\n\n<p>Es kommt weiterhin zu Verkehrsbeeintr\u00e4chtigungen im Zusammenhang mit der Bergung des Lkws. Aktuell wird die Sperrung der rechten Fahrspur durch die Stra\u00dfenmeisterei gew\u00e4hrleistet. Die Sperrung kann noch mehrere Stunden andauern, da die Bergungsma\u00dfnahmen sehr zeitaufwendig sind.<\/p>\n\n\n\n<p>Zum Verkehrsunfallhergang ist bislang nur bekannt, dass der Lkw durch einen grauen Pkw beim Wiedereinordnen nach einem \u00dcberholvorgang geschnitten wurde, sodass der Lkw-Fahrer nur noch nach rechts ausweichen konnte und hierbei in den Stra\u00dfengraben fuhr. Die Polizei Germersheim ermittelt daher wegen Verkehrsunfallflucht.<\/p>\n\n\n\n<ul>\n<li><strong>In diesem Zusammenhang sucht die Polizei dringend Zeugen, die Angaben zu dem bislang unbekannten grauen Pkw sowie zum Verkehrsunfallhergang machen k\u00f6nnen. Diese werden gebeten sich unter 07274-9580 oder&nbsp;<a href=\"mailto:%20pigermersheim@polizei.rlp.de\">pigermersheim@polizei.rlp.de<\/a>&nbsp;bei der Polizei Germersheim zu melden.<\/strong><\/li>\n<\/ul>\n\n\n\n<h2 class=\"wp-block-heading\">(Germersheim) &#8211; Wahlplakate abgerissen<\/h2>\n\n\n\n<p>Am Mittwochabend gegen 21:40 Uhr riss ein bislang unbekannter T\u00e4ter zwei Wahlplakate in der Sondernheimer Stra\u00dfe in Germersheim herunter. Ein Plakat wurde komplett abgerissen, das zweite Plakat nur zur H\u00e4lfte.<\/p>\n\n\n\n<ul>\n<li><strong>Zeugen des Vorfalls werden gebeten, sich unter der Telefonnummer 07274\/9580 oder per E-Mail (<a href=\"mailto:pigermersheim@polizei.rlp.de\">pigermersheim@polizei.rlp.de<\/a>) bei der Polizeiinspektion Germersheim zu melden.<\/strong><\/li>\n<\/ul>\n\n\n\n<h2 class=\"wp-block-heading\">(Zeiskam) &#8211; Einbruch bei Reit- und Fahrverein<\/h2>\n\n\n\n<p>Unbekannte T\u00e4ter brachen vermutlich in der Nacht vom 19.05. auf den 20.05.2024 einen Lagercontainer des Reit.- und Fahrvereins Zeiskam auf. Sie erbeuteten eine Traktor-Anh\u00e4ngerkupplung sowie einen Verteiler eines Wasserfasses. Der Schaden bel\u00e4uft sich auf circa 1500,-EUR.<\/p>\n\n\n\n<ul>\n<li><strong>Zeugen die Angaben zur Tat oder den tatbeteiligten Personen machen k\u00f6nnen, werden gebeten, sich unter der Telefonnummer 07274\/9580 oder per E-Mail an&nbsp;<a href=\"mailto:%20pigermersheim@polizei.rlp.de\">pigermersheim@polizei.rlp.de<\/a>&nbsp;mit der Polizei Germersheim in Verbindung zu setzen.<\/strong><\/li>\n<\/ul>\n\n\n\n<h2 class=\"wp-block-heading\">(A 65 \/ W\u00f6rth) &#8211; Alkoholisierter LKW-Fahrer auf der Autobahn<\/h2>\n\n\n<div class=\"wp-block-image\">\n<figure class=\"aligncenter size-full\"><img decoding=\"async\" loading=\"lazy\" width=\"640\" height=\"480\" src=\"https:\/\/speyer24news.com\/wp-content\/uploads\/2021\/04\/Alkohol.jpg\" alt=\"\" class=\"wp-image-35158\" srcset=\"https:\/\/speyer24news.com\/wp-content\/uploads\/2021\/04\/Alkohol.jpg 640w, https:\/\/speyer24news.com\/wp-content\/uploads\/2021\/04\/Alkohol-300x225.jpg 300w, https:\/\/speyer24news.com\/wp-content\/uploads\/2021\/04\/Alkohol-326x245.jpg 326w, https:\/\/speyer24news.com\/wp-content\/uploads\/2021\/04\/Alkohol-80x60.jpg 80w\" sizes=\"(max-width: 640px) 100vw, 640px\" \/><\/figure><\/div>\n\n\n<p>Am 23.05.23 gegen 15.00h wurde der Polizei mehrfach gemeldet, dass ein Sattelzug auf der A65 bei W\u00f6rth in Fahrtrichtung Karlsruhe entlang schleicht und Schlangenlinien f\u00e4hrt. Bei der Verkehrskontrolle durch eine herbeigeeilte Polizeistreife war die Ursache schnell klar. Der 50-j\u00e4hrige LKW-Fahrer aus Wei\u00dfrussland hatte einen Atemalkoholwert von 3,00 Promille. Sein LKW wurde an eine sichere Stelle au\u00dferhalb der Autobahn umgeparkt. Ihm selbst wurde eine Blutprobe entnommen, eine Sicherheitsleistung einbehalten und der LKW Schl\u00fcssel sichergestellt. Nach Abschluss der polizeilichen Ma\u00dfnahmen wurde er entlassen. Wenige Stunden sp\u00e4ter stellte eine Streife fest, dass der LKW von der geparkten Stelle wenige hundert Meter wegbewegt wurde, wo er der 50-j\u00e4hrige Mann mit laufendem Motor mitten auf der Richard-Wagner-Stra\u00dfe in W\u00f6rth stand. Der Fahrer benutzte dazu einen Zweitschl\u00fcssel. Es wurde ihm wiederum eine Blutprobe entnommen und eine Sicherheitsleistung einbehalten. Auch der Zweitschl\u00fcssel wurde sichergestellt. Weil der Fahrer bisher keine Fahrerlaubnis vorzeigen konnte, wurden je zwei Anzeigen wegen Trunkenheit im Verkehr und Fahren ohne Fahrerlaubnis erfasst.<\/p>\n\n\n\n<h2 class=\"wp-block-heading\">(W\u00f6rth) &#8211; Durchfahrtverbot am Kreisverkehr an der Kehle kontrolliert<\/h2>\n\n\n\n<p>Aufgrund von Umbauma\u00dfnahmen ist der Kreisverkehr an der Kehle in Maximiliansau derzeit gesperrt. Wegen Beschwerden, dass sich viele Verkehrsteilnehmer nicht an die Sperrung halten, wurde am 22.05.24 gegen 15.00h das Durchfahrtsverbot \u00fcberwacht. Innerhalb einer Stunde fuhren acht Verkehrsteilnehmer in den gesperrten Bereich und wurden geb\u00fchrenpflichtig verwarnt. Der Bu\u00dfgeldkatalog sieht eine Verwarnung in H\u00f6he von 50 Euro daf\u00fcr vor.<\/p>\n\n\n\n<h2 class=\"wp-block-heading\">(W\u00f6rth) &#8211; Feuerwehrmann beinahe angefahren<\/h2>\n\n\n<div class=\"wp-block-image\">\n<figure class=\"aligncenter size-full\"><img decoding=\"async\" loading=\"lazy\" width=\"800\" height=\"592\" src=\"https:\/\/speyer24news.com\/wp-content\/uploads\/2023\/02\/Achtung.jpeg\" alt=\"\" class=\"wp-image-51381\" srcset=\"https:\/\/speyer24news.com\/wp-content\/uploads\/2023\/02\/Achtung.jpeg 800w, https:\/\/speyer24news.com\/wp-content\/uploads\/2023\/02\/Achtung-300x222.jpeg 300w, https:\/\/speyer24news.com\/wp-content\/uploads\/2023\/02\/Achtung-768x568.jpeg 768w, https:\/\/speyer24news.com\/wp-content\/uploads\/2023\/02\/Achtung-80x60.jpeg 80w\" sizes=\"(max-width: 800px) 100vw, 800px\" \/><\/figure><\/div>\n\n\n<p>Beim Hochwassereinsatz mussten einige Bereiche in W\u00f6rth durch die freiwillige Feuerwehr gesperrt werden. Dabei war festzustellen, dass sich hin und wieder Verkehrsteilnehmer trotz erkennbarer Einsatzstelle nicht an die Absperrungen hielten und um die Schilder und Baken herumfuhren. In einem Fall am 22.05.24 um 11:45h in der Hagenbacher Stra\u00dfe in W\u00f6rth, musste sich ein Feuerwehrmann durch einen Sprung zur Seite vor einem PKW retten. Der PKW Fahrer fuhr auf die gesperrte Stelle zu und missachte die Zeichen des Feuerwehrmannes. Ungebremst und unbeeindruckt setzte er seine Fahrt fort. Nur durch das Springen zur Seite konnte der Feuerwehrmann eine Kollision verhindern. Das Kennzeichen des PKW ist bekannt. Die Polizei hat die Ermittlungen wegen Stra\u00dfenverkehrsgef\u00e4hrdung aufgenommen. In den \u00dcbrigen F\u00e4llen, die angezeigt wurden, werden Verkehrsordnungswidrigkeitenverfahren durch die Polizei eingeleitet und verfolgt.<\/p>\n\n\n\n<h2 class=\"wp-block-heading\">(B 9 \/ B\u00fcchelberg) &#8211; Schwerer Verkehrsunfall<\/h2>\n\n\n\n<p>Drei schwerverletzte Personen, eine aktuelle Vollsperrung und hoher Sachschaden sind des Ergebnis eines schweren Verkehrsunfalles auf der B9 H\u00f6he B\u00fcchelberg. Demnach kam der Fahrer eines Pkw aus bislang ungekl\u00e4rter Ursache von seiner Fahrspur ab und kollidierte mit einem entgegenkommenden Pkw. Alle Unfallbeteiligten wurden in umliegende Krankenh\u00e4user abtransportiert. Ein Verkehrsunfallgutachter wurde hinzugezogen. Die Unfallaufnahme und die damit einhergehende Sperrung dauern an.<\/p>\n\n\n\n<h2 class=\"wp-block-heading\">(Winden) &#8211; Mehrere PKW besch\u00e4digt<\/h2>\n\n\n\n<p>In der Nacht von Dienstag auf Mittwoch wurden in Winden insgesamt drei PKW besch\u00e4digt. An den PKW, die jeweils in der Bahnhofstra\u00dfe und Im Glockenzehnten standen, wurden die Scheiben eingeschlagen. Aus dem Fahrzeuginneren wurde nichts entwendet. <\/p>\n\n\n\n<ul>\n<li><strong>Zeugen, welche verd\u00e4chtige Wahrnehmungen gemacht haben, sollen sich bitte mit der Polizei W\u00f6rth unter 07271 92210 oder&nbsp;<a href=\"mailto:%20piwoerth@polizei.rlp.de\">piwoerth@polizei.rlp.de<\/a>&nbsp;in Verbindung setzen.<\/strong><\/li>\n<\/ul>\n\n\n\n<h2 class=\"wp-block-heading\">(Billigheim-Ingenheim) &#8211; Besch\u00e4digtes R\u00fcbenfeld<\/h2>\n\n\n\n<p>Ein Landwirt aus Billigheim-Ingenheim bemerkte am Abend des 23.05.2024 frische Reifenspuren auf seinem R\u00fcbenfeld, welches sich neben der L 544 zwischen dem Ortsteil M\u00fchlhofen und Barbelroth befindet. Ein unbekannter T\u00e4ter fuhr vermutlich mit seinem PKW mehrere Runden \u00fcber das Feld, sodass die treibenden R\u00fcben besch\u00e4digt wurden. Die Schadensh\u00f6he ist bisher nicht bekannt.<\/p>\n\n\n\n<ul>\n<li><strong>Die Polizei bittet Zeugen, die Hinweise zu der Tat oder dem T\u00e4ter geben k\u00f6nnen sich per Email an&nbsp;<a href=\"mailto:%20pilandau@polizei.rlp.de\">pilandau@polizei.rlp.de<\/a>&nbsp;oder telefonisch unter 06341-287-0 bei der Polizeiinspektion Landau zu melden.<\/strong><\/li>\n<\/ul>\n\n\n\n<h2 class=\"wp-block-heading\">(Landau) &#8211; Unerlaubte Fahr\u00fcbungen auf einem Parkplatz<\/h2>\n\n\n\n<p>Der Polizei wurde am Abend des 22.05.24 auf einem Parkplatz eines Sportgel\u00e4ndes in Landau\/Pf. ein Auto mit seltsamer Fahrweise gemeldet. Der Fahrer w\u00fcrde mit seinem VW Golf mehrfach in verschiedenen Parkl\u00fccken ein- und ausparken. Die Beamten stellten vor Ort neben dem 29-j\u00e4hrigen Fahrer, auch dessen Bekannten fest, bei dem es sich um den Halter des Golfs handelte. Es stellte sich heraus, dass der 27-j\u00e4hrige Halter sein Fahrzeug seinem Kumpel zu Fahr\u00fcbungszwecken zur Verf\u00fcgung stellte. Leider war der Fahrer nicht im Besitz einer Fahrerlaubnis. Ihm droht nun ein Strafverfahren wegen Fahren ohne Fahrerlaubnis. Auch gegen den Halter wurde ein Verfahren wegen Zulassens des F\u00fchrens eines Kraftfahrzeugs ohne Fahrerlaubnis eingeleitet.<\/p>\n\n\n\n<h2 class=\"wp-block-heading\">(Hochstadt \/ Albersweiler) &#8211; Zwei Alleinunf\u00e4lle mit Radfahrern ohne Helm<\/h2>\n\n\n\n<p>Am Mittwoch den 22.05.24 nahm die Polizei Landau gleich zwei Alleinunf\u00e4lle mit Radfahrern auf, die aufgrund nicht getragenem Schutzhelms Kopfverletzungen erlitten.<\/p>\n\n\n\n<p>Ein 27-j\u00e4hriger Pedelec-Fahrer befuhr bei Hochstadt (Pfalz) einen Feldweg und st\u00fcrzte aufgrund nicht angepasster Geschwindigkeit auf der verschmutzten Fahrbahn.<\/p>\n\n\n\n<p>Bei Albersweiler kam ein 14-j\u00e4hriger Junge, ebenfalls auf einem Feldweg, aufgrund eines Fahrfehlers zu Fall.<\/p>\n\n\n\n<p>Beide Radfahrer kamen mit dem Schrecken davon und er erlitten jeweils nur leichte Verletzungen am Kopf. Sie mussten dennoch in ein umliegendes Krankenhaus zur weiteren Wundversorgung gebracht werden. Durch das Tragen eines Fahrradhelms w\u00e4re die Wucht und Energie des Sturzes abgefangen worden und die beiden Verunfallten w\u00e4ren wohlm\u00f6glich mit leichteren Verletzungen davongekommen.<\/p>\n\n\n\n<h2 class=\"wp-block-heading\">(Annweiler am Trifels) &#8211; Auffahrunfall im Barbarossatunnel<\/h2>\n\n\n\n<p>Am 23.05.2024 befuhr gegen 18:45 Uhr ein 28-j\u00e4hriger Ford-Fahrer die B10 in Fahrtrichtung Pirmasens. Aufgrund der bestehenden Tunnelsperrungen (Staufertunnel und Kostenfelstunnel) kam es im Barbarossatunnel zu verkehrsbedingtem R\u00fcckstau. Der Ford-Fahrer erkannte dies zu sp\u00e4t und fuhr im Tunnel auf einen 47-j\u00e4hrigen Fahrer eines Gespanns auf, sodass bei beiden Beteiligten Sachschaden entstand. Gl\u00fccklicherweise wurde durch den Unfall niemand verletzt. Der 28-J\u00e4hrige wurde verwarnt. Die Tunnelsperrungen dauern weiterhin an. Mit entsprechenden Verkehrsbeeintr\u00e4chtigungen muss weiterhin gerechnet werden.<\/p>\n\n\n\n<h2 class=\"wp-block-heading\">(Annweiler-Rinnthal) &#8211; Kostenfels-und Staufertunnel f\u00fcr l\u00e4ngere Zeit gesperrt<\/h2>\n\n\n<div class=\"wp-block-image\">\n<figure class=\"aligncenter size-large\"><img decoding=\"async\" loading=\"lazy\" width=\"1024\" height=\"724\" src=\"https:\/\/speyer24news.com\/wp-content\/uploads\/2024\/05\/Stop-Durchfahrt-gesperrt-Umleitung-Achtung-1024x724.jpg\" alt=\"\" class=\"wp-image-59526\" srcset=\"https:\/\/speyer24news.com\/wp-content\/uploads\/2024\/05\/Stop-Durchfahrt-gesperrt-Umleitung-Achtung-1024x724.jpg 1024w, https:\/\/speyer24news.com\/wp-content\/uploads\/2024\/05\/Stop-Durchfahrt-gesperrt-Umleitung-Achtung-300x212.jpg 300w, https:\/\/speyer24news.com\/wp-content\/uploads\/2024\/05\/Stop-Durchfahrt-gesperrt-Umleitung-Achtung-768x543.jpg 768w, https:\/\/speyer24news.com\/wp-content\/uploads\/2024\/05\/Stop-Durchfahrt-gesperrt-Umleitung-Achtung.jpg 1280w\" sizes=\"(max-width: 1024px) 100vw, 1024px\" \/><\/figure><\/div>\n\n\n<p>Aufgrund eines Wasserrohrbruches mussten die Tunnel: Kostenfels und Staufer ab 23.05.24, 14.50 Uhr, komplett gesperrt werden. Da durch den Wasserrohrbruch, L\u00f6scharbeiten im Schadensfalls nicht mehr m\u00f6glich sind, musste die Sperrung aus Sicherheitsgr\u00fcnden erfolgen. Ab Montag beginnen die Reparaturarbeiten, wie lange diese andauern werden ist nicht bekannt. Eine gro\u00dfr\u00e4umige Umleitung wird eingerichtet. Mit Verkehrsbehinderungen ist wahrscheinlich zu rechnen.<\/p>\n\n\n\n<h2 class=\"wp-block-heading\">(Ha\u00dfloch) &#8211; Verkehrsunfall mit hohem Sachschaden<\/h2>\n\n\n\n<p>Am Nachmittag des 24.05.2024 ereignete sich im Einm\u00fcndungsbereich B39\/L529 in 67454 Ha\u00dfloch ein Verkehrsunfall, bei dem die unfallbeteiligten Fahrzeuge nicht unerheblich besch\u00e4digt wurden. Ein 63 Jahre alter Ha\u00dflocher befuhr mit seinem Fahrzeug die L529 und wollte nach links auf die B39 abbiegen. Hierbei missachtete dieser die Vorfahrt des auf der B39 befindlichen Fahrzeuges eines 52-J\u00e4hrigen aus Lustadt, sodass es im Einm\u00fcndungsbereich zum Zusammensto\u00df beider Fahrzeuge kam. Gl\u00fccklicherweise wurde bei dem Unfallgeschehen niemand verletzt. Die Gesamtschadensh\u00f6he der unfallbeteiligten Fahrzeuge wird auf circa 15.000 EUR gesch\u00e4tzt.<\/p>\n\n\n\n<h2 class=\"wp-block-heading\">(Meckenheim Richtung Mu\u00dfbach) &#8211; Eigent\u00fcmer eines Fahrrades gesucht<a href=\"https:\/\/www.facebook.com\/sharer.php?u=https%3A%2F%2Fwww.presseportal.de%2Fblaulicht%2Fpm%2F117687%2F5785348%2F%3Futm_source%3Dfacebook%26utm_medium%3Dsocial\"><\/a><a href=\"https:\/\/twitter.com\/intent\/tweet?text=POL-PDNW%3A%20Eigent%C3%BCmer%20eines%20Fahrrades%20gesucht&amp;url=https%3A%2F%2Fwww.presseportal.de%2Fblaulicht%2Fpm%2F117687%2F5785348%2F%3Futm_source%3Dtwitter%26utm_medium%3Dsocial&amp;hashtags=ots&amp;lang=de\"><\/a><a href=\"https:\/\/web.whatsapp.com\/send?text=POL-PDNW%3A%20Eigent%C3%BCmer%20eines%20Fahrrades%20gesucht%0A%0Ahttps%3A%2F%2Fwww.presseportal.de%2Fblaulicht%2Fpm%2F117687%2F5785348%2F%3Futm_source%3Dwhatsapp%26utm_medium%3Dsocial\"><\/a><a href=\"https:\/\/www.xing.com\/app\/user?op=share;url=https%3A%2F%2Fwww.presseportal.de%2Fblaulicht%2Fpm%2F117687%2F5785348%2F%3Futm_source%3Dxing%26utm_medium%3Dsocial\"><\/a><a href=\"http:\/\/www.linkedin.com\/shareArticle?mini=true&amp;url=https%3A%2F%2Fwww.presseportal.de%2Fblaulicht%2Fpm%2F117687%2F5785348%2F%3Futm_source%3Dlinkedin%26utm_medium%3Dsocial&amp;title=POL-PDNW%3A+Eigent%C3%BCmer+eines+Fahrrades+gesucht\"><\/a><a href=\"mailto:?subject=POL-PDNW%3A%20Eigent%C3%BCmer%20eines%20Fahrrades%20gesucht&amp;body=https:\/\/www.presseportal.de\/blaulicht\/pm\/117687\/5785348\"><\/a><\/h2>\n\n\n<div class=\"wp-block-image\">\n<figure class=\"aligncenter\"><a href=\"https:\/\/cache.pressmailing.net\/thumbnail\/story_hires\/e4911f28-6f55-444d-a0d8-b96c8625b1a5\/poMMes_2024-05-14_12-00-35_16.jpg.jpg\"><img decoding=\"async\" src=\"https:\/\/cache.pressmailing.net\/thumbnail\/story_big\/e4911f28-6f55-444d-a0d8-b96c8625b1a5\/pol-pdnw-eigent-mer-eines-fahrrades-gesucht\" alt=\"POL-PDNW: Eigent\u00fcmer eines Fahrrades gesucht\"\/><\/a><\/figure><\/div>\n\n\n<p>Bereits am 14.05.24 wurde in den Weinbergen bei Meckenheim Richtung Mu\u00dfbach ein E-Bike der Marke ESKUTE aufgefunden. Die Polizei geht davon aus, dass das Fahrrad zuvor irgendwo entwendet wurde. Eine entsprechende Anzeige liegt nicht vor. Der Eigent\u00fcmer wird gebeten, sich mit der Polizei in Ha\u00dfloch in Verbindung zu setzen.<\/p>\n\n\n\n<h2 class=\"wp-block-heading\">(Friedelsheim) &#8211; PKW in Tiefgarage besch\u00e4digt<\/h2>\n\n\n\n<p>Am 23.05.2024 gegen 02:00 Uhr wurde ein, in einer Tiefgarage eines Mehrfamilienhauses in der Bahnhofstra\u00dfe in Friedelsheim abgestellter Dacia von einem bislang unbekannten T\u00e4ter besch\u00e4digt. Dieser besch\u00e4digte zwei Reifen des Dacia Sandero und sch\u00fcttete Farbe \u00fcber die Motorhaube. Eine Beschreibung des T\u00e4ters liegt nicht vor. Dieser h\u00e4tte sich jedoch mit einem grauen SUV von der Tat\u00f6rtlichkeit entfernt. Es entstand ein Sachschaden von 2000 Euro. <\/p>\n\n\n\n<ul>\n<li><strong>Die Polizei Bad D\u00fcrkheim bittet um Hinweise unter 06322 963 0 oder per E-Mail an&nbsp;<a href=\"mailto:%20pibadduerkheim@polizei.rlp.de\">pibadduerkheim@polizei.rlp.de<\/a><\/strong><\/li>\n<\/ul>\n\n\n\n<h2 class=\"wp-block-heading\">(Wachenheim) &#8211; BMW gestohlen<\/h2>\n\n\n\n<p>Im Zeitraum von 21.05.2024 11:00 Uhr bis 22.05.2024, 09:00 Uhr wurde ein in der Ringstra\u00dfe in Wachenheim abgestellter BMW M5 entwendet. Wie die bislang unbekannten T\u00e4ter den BMW entwenden konnten ist nicht bekannt. Alle Fahrzeugschl\u00fcssel befinden sich noch bei Eigent\u00fcmer. Im Rahmen der Fahndungsma\u00dfnahmen konnte das Fahrzeug bislang nicht aufgefunden werden. Es entstand ein Schaden in H\u00f6he von 30000 Euro. <\/p>\n\n\n\n<ul>\n<li><strong>Zeugen, welche im genannten Zeitraum verd\u00e4chtigte Personen oder Fahrzeuge wahrgenommen haben, werden gebeten sich mit der Polizeiinspektion Bad D\u00fcrkheim unter der Tel. 06322\/963-0 oder per E-Mail&nbsp;<a href=\"mailto:%20pibadduerkheim@polizei.rlp.de\">pibadduerkheim@polizei.rlp.de<\/a>&nbsp;in Verbindung zu setzen.<\/strong><\/li>\n<\/ul>\n\n\n\n<h2 class=\"wp-block-heading\">(B 37 \/ Bad D\u00fcrkheim) &#8211; Schwerer Verkehrsunfall<\/h2>\n\n\n\n<h3 class=\"wp-block-heading\">Gemeinsame Pressemitteilung der Staatsanwaltschaft Frankenthal und der Polizeiinspektion Bad D\u00fcrkheim<\/h3>\n\n\n<div class=\"wp-block-image\">\n<figure class=\"aligncenter size-full\"><img decoding=\"async\" loading=\"lazy\" width=\"800\" height=\"533\" src=\"https:\/\/speyer24news.com\/wp-content\/uploads\/2021\/01\/Ruhe-in-Frieden.jpg\" alt=\"\" class=\"wp-image-32361\" srcset=\"https:\/\/speyer24news.com\/wp-content\/uploads\/2021\/01\/Ruhe-in-Frieden.jpg 800w, https:\/\/speyer24news.com\/wp-content\/uploads\/2021\/01\/Ruhe-in-Frieden-300x200.jpg 300w, https:\/\/speyer24news.com\/wp-content\/uploads\/2021\/01\/Ruhe-in-Frieden-768x512.jpg 768w\" sizes=\"(max-width: 800px) 100vw, 800px\" \/><\/figure><\/div>\n\n\n<p>Am 23.05.2024 kam es gegen 15:30 Uhr auf der B 37 zwischen dem Gewerbegebiet Bruch und dem \u00dcbergang zur A 650 zu einem schweren Verkehrsunfall. Nach ersten Erkenntnissen kollidierte ein VW Touran, welcher in Fahrtrichtung Bad D\u00fcrkheim unterwegs war, im Begegnungsverkehr mit einem entgegenkommenden Audi TT. Der 54-j\u00e4hrige Fahrer des Audi verstarb noch an der Unfallstelle, der 30-j\u00e4hrige Fahrer des VW wurde schwer verletzt. Zur Kl\u00e4rung der genauen Unfallursache wurde ein Gutachter hinzugezogen. Die B37 musste f\u00fcr die Dauer Unfallaufnahme komplett gesperrt werden.<\/p>\n\n\n\n<h2 class=\"wp-block-heading\">(Bad D\u00fcrkheim) &#8211; PKW besch\u00e4digt und gefl\u00fcchtet<\/h2>\n\n\n\n<p>Am 22.05.2024 gegen 15:00 Uhr wurde ein in der Hammelstra\u00dfe in Bad D\u00fcrkheim abgestellter VW Golf besch\u00e4digt. Ein bislang unbekannter Verkehrsteilnehmer besch\u00e4digte beim Ausparken den VW und entfernte sich anschlie\u00dfend unerlaubt von der Unfallstelle. Es entstand ein Sachschaden in H\u00f6he von 300 Euro. Der Verkehrsunfall konnte durch einen aufmerksamen Zeugen beobachtet werden. Er informierte unverz\u00fcglich die Polizei, konnte aber nur einen Teil des Kennzeichens des wei\u00dfen Fahrzeuges angeben. Es liegen keinerlei Hinweise auf den Unfallverursacher vor. <\/p>\n\n\n\n<ul>\n<li><strong>Die Polizei Bad D\u00fcrkheim bittet um Hinweise unter 06322 963 0 oder per E-Mail an&nbsp;<a href=\"mailto:%20pibadduerkheim@polizei.rlp.de\">pibadduerkheim@polizei.rlp.de<\/a><\/strong><\/li>\n<\/ul>\n\n\n\n<h2 class=\"wp-block-heading\">(Bad D\u00fcrkheim) &#8211; Einbruch in Caf\u00e9<\/h2>\n\n\n\n<p>Im Zeitraum vom 21.05.2024, 18:30 Uhr, bis 22.05.2024, 07:30 Uhr, kam es zu einem Einbruch in ein Caf\u00e9 in der Salinenstra\u00dfe in Bad D\u00fcrkheim. Bislang unbekannte T\u00e4ter hebelten die Haupteingangst\u00fcr auf. Im Objekt entwendeten sie aus einer Wechselgeldkasse Bargeld. <\/p>\n\n\n\n<ul>\n<li><strong>Zeugen, welche im genannten Zeitraum verd\u00e4chtigte Personen oder Fahrzeuge wahrgenommen haben, werden gebeten sich mit der Polizeiinspektion Bad D\u00fcrkheim unter der Tel. 06322\/963-0 oder per E-Mail&nbsp;<a href=\"mailto:%20pibadduerkheim@polizei.rlp.de\">pibadduerkheim@polizei.rlp.de<\/a>&nbsp;in Verbindung zu setzen.<\/strong><\/li>\n<\/ul>\n\n\n\n<h2 class=\"wp-block-heading\">(Maxdorf) &#8211; Brand eines Kleinkraftrads<\/h2>\n\n\n\n<p>Am sp\u00e4ten Mittwochabend (22.05.2024), gegen 22:30 Uhr, geriet aus bislang ungekl\u00e4rter Ursache im Heideweg (Maxdorf) ein Roller in Brand. Er brannte vollst\u00e4ndig aus. Es entstand Sachschaden in H\u00f6he von circa 2.000 Euro. Die Polizei hat die Ermittlungen zur Brandursache aufgenommen. Der Roller war bereits am 20.05.2024 als gestohlen gemeldet worden. <\/p>\n\n\n\n<ul>\n<li><strong>Wer hat im Bereich des Heidewegs verd\u00e4chtige Wahrnehmungen gemacht? Wer kann Angaben machen? Zeugen werden gebeten sich an die Polizeiinspektion Frankenthal unter der Tel.-Nr.: 06233\/313-0 oder an die Polizeiwache Maxdorf unter der Tel.-Nr.: 06237\/934-1100 zu wenden. Gerne nehmen wir Ihre Hinweise auch per E-Mail unter&nbsp;<a href=\"mailto:pifrankenthal@polizei.rlp.de\" target=\"_blank\" rel=\"noreferrer noopener\">pifrankenthal@polizei.rlp.de<\/a>&nbsp;entgegen.<\/strong><\/li>\n<\/ul>\n\n\n\n<h2 class=\"wp-block-heading\">(A 61 \/ Gemarkung Lambsheim) &#8211; Verkehrsunfall<\/h2>\n\n\n\n<p>Am 24.05.2024 gegen 15:25 Uhr kam es auf der Autobahn 61, kurz vor dem Parkplatz &#8222;Auf dem Hahnen&#8220; in Fahrtrichtung Koblenz, aufgrund von Staubildung zu einem Verkehrsunfall mit zwei beteiligten Fahrzeugen. Zur Unfallaufnahme und Bergung der Fahrzeuge musste der genannte Streckenabschnitt bis 16:10 Uhr voll gesperrt werden. Bei dem Verkehrsunfall wurden zwei Personen verletzt.<\/p>\n\n\n\n<h2 class=\"wp-block-heading\">(Lambsheim) &#8211; Verkehrsunfall unter Alkoholeinfluss<\/h2>\n\n\n\n<p>Gegen 18:45 Uhr kam es am Donnerstag (23.05.2024) zu einem Verkehrsunfall auf der K4 im Einm\u00fcndungsbereich zur K2. Der Verkehrsunfallverursacher verlor mutma\u00dflich aufgrund des Genusses alkoholischer Getr\u00e4nke in Kombination mit Medikamenten die Kontrolle \u00fcber sein Fahrzeug und Kollidierte mit der Leitplanke. Es entstand Sachschaden in H\u00f6he von ca. 10000EUR. Der PKW-Fahrer wurde zudem leicht verletzt. Ein Zusammensto\u00df mit weiteren Verkehrsteilnehmern konnte gl\u00fccklicherweise verhindert werden. Die K4 und K2 musste im Bereich der Unfall\u00f6rtlichkeit kurzzeitig voll gesperrt werden. Der Einfluss von Alkohol oder anderen berauschenden Mitteln stellt eine Hauptunfallursache dar. Wer berauscht f\u00e4hrt, gef\u00e4hrdet nicht nur sich, sondern auch Andere. Gegen den unter Alkoholeinfluss stehenden Unfallverursacher wurde ein Ermittlungsverfahren wegen des Verdachtes der Stra\u00dfenverkehrsgef\u00e4hrdung eingeleitet. Die Entziehung der Fahrerlaubnis wird zudem angeregt.<\/p>\n\n\n\n<h2 class=\"wp-block-heading\">(Frankenthal) &#8211; Schockanrufer unterwegs<\/h2>\n\n\n\n<p>Am Donnerstag (23.05.2024) zwischen 16:30 Uhr und 18:00 Uhr kontaktierte ein angeblicher Mitarbeiter des Amtsgerichts die 89-j\u00e4hrige Gesch\u00e4digte insgesamt drei Mal. Im Gespr\u00e4ch gab der Unbekannte an, dass die Tochter der 89-J\u00e4hrigen einen t\u00f6dlichen Verkehrsunfall verursacht habe und zur Verhinderung einer Inhaftierung eine Kaution eines hohen Geldbetrags notwendig sei. Auf Nachfrage verst\u00e4ndigte man sich auf einen Geldbetrag sowie Goldschmuck und einen \u00dcbergabeort. Der Unbekannte erschien jedoch nicht an besagter \u00d6rtlichkeit. Erst nachdem die Gesch\u00e4digte wieder zu Hause eintraf und eigenst\u00e4ndig Kontakt zur Tochter aufnahm, flog der Betrugsversuch auf. Gl\u00fccklicherweise entstand kein Sachschaden. Immer h\u00e4ufiger gehen bei der Polizei Meldungen Anrufe von falschen Amtspersonen ein. H\u00e4ufig werden \u00e4ltere Menschen angerufen, es werden Geschichten erfunden, um die Opfer unter Druck zu setzen und so an Bargeld, Schmuck oder andere Wertgegenst\u00e4nde zu gelangen.<\/p>\n\n\n\n<h2 class=\"wp-block-heading\">(Frankenthal) &#8211; Unterwegs mit gestohlenem Kleikraftrad<\/h2>\n\n\n\n<p>Am Mittwochen, den 22.05.2024, stellte das Ordnungsamt der Stadt Frankenthal einen 12-J\u00e4hrigen fahrend auf einem Kleinkraftrad ohne Schutzhelm fest und informierte die Polizei. Bei der weiteren Kontrolle durch die Polizeibeamten konnte festgestellt werden, dass der Junge -altersbedingt- nicht \u00fcber eine notwendige Fahrerlaubnis verf\u00fcgte, das Kleinkraftrad kein Versicherungskennzeichen besa\u00df und zudem dieses kurz zuvor entwendet wurde. Daneben f\u00fchrte der 12-J\u00e4hrige ein &#8222;Kreditkartenmesser&#8220; mit sich. Der Junge wurde an die erziehungsberechtigten Eltern \u00fcberstellt, das entwendete Kleinkraftrad an die Eigent\u00fcmer \u00fcbergeben. Der 12-J\u00e4hrige ist nicht strafm\u00fcndig, das Jugendamt wird allerdings \u00fcber die Straftaten informiert.<\/p>\n\n\n\n<h2 class=\"wp-block-heading\">(Bobenheim-Roxheim) &#8211; Zeugen nach Verkehrsunfallflucht gesucht<\/h2>\n\n\n\n<p>Am 22.05.2024, gegen 09:15 Uhr, verursachte ein bislang unbekannter Fahrzeugf\u00fchrer einen Verkehrsunfall in der Georg-Biundo-Stra\u00dfe in Bobenheim-Roxheim und fl\u00fcchtete im Anschluss, ohne seinen Pflichten als Verkehrsunfallbeteiligter nachzukommen, von der Unfallstelle. Der Verkehrsunfallverursacher besch\u00e4digte mutma\u00dflich beim Vorbeifahren ein geparktes Auto. Der Gesch\u00e4digte h\u00f6rte noch einen lauten Knall, konnte jedoch keinen Verursacher mehr feststellen. Am geparkten Fahrzeug entstand Sachschaden von ca. 4000EUR. In diesem Zusammenhang werden nun Zeugen gesucht. <\/p>\n\n\n\n<ul>\n<li><strong>Zeugen werden gebeten sich an die Polizeiinspektion Frankenthal unter der Tel.-Nr.: 06233\/313-0 oder an die Polizeiwache Maxdorf unter der Tel.-Nr.: 06237\/934-1100 zu wenden. Gerne nehmen wir Ihre Hinweise auch per E-Mail unter&nbsp;<a href=\"mailto:%20pifrankenthal@polizei.rlp.de\">pifrankenthal@polizei.rlp.de<\/a>&nbsp;entgegen.<\/strong><\/li>\n<\/ul>\n\n\n\n<h2 class=\"wp-block-heading\">(Pr\u00e4sidialbereich Rheinpfalz) &#8211; Geschwindigkeitskontrollen im Juni 2024<\/h2>\n\n\n<div class=\"wp-block-image\">\n<figure class=\"aligncenter size-full\"><img decoding=\"async\" loading=\"lazy\" width=\"800\" height=\"450\" src=\"https:\/\/speyer24news.com\/wp-content\/uploads\/2020\/12\/Blitzer-Logo.jpg\" alt=\"\" class=\"wp-image-31938\" srcset=\"https:\/\/speyer24news.com\/wp-content\/uploads\/2020\/12\/Blitzer-Logo.jpg 800w, https:\/\/speyer24news.com\/wp-content\/uploads\/2020\/12\/Blitzer-Logo-300x169.jpg 300w, https:\/\/speyer24news.com\/wp-content\/uploads\/2020\/12\/Blitzer-Logo-768x432.jpg 768w, https:\/\/speyer24news.com\/wp-content\/uploads\/2020\/12\/Blitzer-Logo-678x381.jpg 678w\" sizes=\"(max-width: 800px) 100vw, 800px\" \/><\/figure><\/div>\n\n\n<p>\u00dcberh\u00f6hte beziehungsweise nicht angepasste Geschwindigkeit bleibt weiter eine Hauptunfallursache: 2023 wurden im Zust\u00e4ndigkeitsbereich des Polizeipr\u00e4sidiums Rheinpfalz wegen nicht angepasster oder \u00fcberh\u00f6hter Geschwindigkeit 2.062 Verkehrsunf\u00e4lle registriert. Im Jahr 2022 waren dies noch 1.896 Verkehrsunf\u00e4lle.<\/p>\n\n\n\n<p>Die Verkehrsunfallstatistik 2023 mit ausf\u00fchrlichen Informationen zur Unfalllage und unseren Ma\u00dfnahmen finden Sie auf unserer Internetseite&nbsp;<a target=\"_blank\" rel=\"noreferrer noopener\" href=\"https:\/\/s.rlp.de\/YSXrl\">https:\/\/s.rlp.de\/YSXrl<\/a><\/p>\n\n\n\n<p>Die Verkehrs\u00fcberwachung mittels Verkehrskontrollen geh\u00f6rt zu den zentralen Aufgaben der Polizei. <\/p>\n\n\n\n<h3 class=\"wp-block-heading\">Im Juni finden daher im Bereich des Polizeipr\u00e4sidiums Rheinpfalz wie folgt Geschwindigkeitskontrollen statt: <\/h3>\n\n\n\n<h4 class=\"wp-block-heading\">Im Gebiet der Polizeidirektion <strong>Ludwigshafen<\/strong>:<\/h4>\n\n\n\n<ul>\n<li><strong>05.06.2024 im Bereich Mutterstadt<\/strong><\/li>\n\n\n\n<li><strong>10.06.2024 im Bereich B\u00f6hl-Iggelheim<\/strong><\/li>\n\n\n\n<li><strong>21.06.2024 im Bereich Bobenheim-Roxheim<\/strong><\/li>\n\n\n\n<li><strong>27.06.2024 im Bereich Ludwigshafen <\/strong><\/li>\n<\/ul>\n\n\n\n<h4 class=\"wp-block-heading\">Im Gebiet der Polizeidirektion <strong>Landau<\/strong>:<\/h4>\n\n\n\n<ul>\n<li><strong>06.06.2024 im Bereich Offenbach<\/strong><\/li>\n\n\n\n<li><strong>12.06.2024 im Bereich Edenkoben<\/strong><\/li>\n\n\n\n<li><strong>18.06.2024 im Bereich W\u00f6rth<\/strong><\/li>\n\n\n\n<li><strong>24.06.2024 im Bereich Schwegenheim <\/strong><\/li>\n<\/ul>\n\n\n\n<h4 class=\"wp-block-heading\">Im Gebiet der Polizeidirektion <strong>Neustadt<\/strong>:<\/h4>\n\n\n\n<ul>\n<li><strong>07.06.2024 im Bereich Neustadt<\/strong><\/li>\n\n\n\n<li><strong>13.06.2024 im Bereich Ha\u00dfloch<\/strong><\/li>\n\n\n\n<li><strong>19.06.2024 im Bereich Kirchheim<\/strong><\/li>\n\n\n\n<li><strong>25.06.2024 im Bereich Bad D\u00fcrkheim<\/strong><\/li>\n<\/ul>\n\n\n\n<p>Die Polizei weist ausdr\u00fccklich darauf hin, dass Kontrollen auch au\u00dferhalb der genannten Zeiten und \u00d6rtlichkeiten stattfinden.<\/p>\n\n\n\n<h2 class=\"wp-block-heading\">(Ludwigshafen) &#8211; Gef\u00e4hrliche K\u00f6rperverletzung im Ebertpark \/ Zeugen gesucht<\/h2>\n\n\n<div class=\"wp-block-image\">\n<figure class=\"aligncenter size-full\"><img decoding=\"async\" loading=\"lazy\" width=\"800\" height=\"605\" src=\"https:\/\/speyer24news.com\/wp-content\/uploads\/2023\/10\/Pfefferspray-Spray-Reizgas.jpg\" alt=\"\" class=\"wp-image-55357\" srcset=\"https:\/\/speyer24news.com\/wp-content\/uploads\/2023\/10\/Pfefferspray-Spray-Reizgas.jpg 800w, https:\/\/speyer24news.com\/wp-content\/uploads\/2023\/10\/Pfefferspray-Spray-Reizgas-300x227.jpg 300w, https:\/\/speyer24news.com\/wp-content\/uploads\/2023\/10\/Pfefferspray-Spray-Reizgas-768x581.jpg 768w, https:\/\/speyer24news.com\/wp-content\/uploads\/2023\/10\/Pfefferspray-Spray-Reizgas-80x60.jpg 80w\" sizes=\"(max-width: 800px) 100vw, 800px\" \/><\/figure><\/div>\n\n\n<p>Ein Zeuge meldete am 23.05.2024, gegen 22 Uhr, dass er Hilfeschreie aus dem Ebertpark geh\u00f6rt habe. Vor Ort trafen die Polizeikr\u00e4fte einen 21-J\u00e4hrigen, leicht verletzten Mann an. Dieser gab an, von vier ihm unbekannten M\u00e4nnern angegriffen worden zu sein. Die M\u00e4nner h\u00e4tten Masken getragen und ihn u.a. auch mit Pfefferspray angegriffen. Der leicht verletzte 21-J\u00e4hrige wurde in ein Krankenhaus zur Untersuchung verbracht. Die Polizeiinspektion Ludwigshafen 2 bittet um Hinweise. <\/p>\n\n\n\n<ul>\n<li><strong>Wer hat die Auseinandersetzung m\u00f6glicherweise beobachtet und kann Angaben machen? Hinweise bitte an die Telefonnummer 0621 963-2222 oder per E-Mail&nbsp;<a href=\"mailto:%20piludwigshafen2@polizei.rlp.de\">piludwigshafen2@polizei.rlp.de<\/a>&nbsp;.<\/strong><\/li>\n<\/ul>\n\n\n\n<h2 class=\"wp-block-heading\">(Ludwigshafen) &#8211; Fu\u00dfg\u00e4nger leicht verletzt<\/h2>\n\n\n\n<p>Ein 29-j\u00e4hriger Fu\u00dfg\u00e4nger \u00fcberquerte am 23.05.2024, gegen 21:45 Uhr den Kreuzungsbereich Wredestra\u00dfe\/Heinigstra\u00dfe \u00fcber einen Gr\u00fcnstreifen. Dabei wurde er von einem 20-j\u00e4hrigen Autofahrer erfasst, der gerade in die Heinigstra\u00dfe abbog. Durch den Zusammensto\u00df st\u00fcrzte der Fu\u00dfg\u00e4nger. Er wurde leicht verletzt und in ein Krankenhaus gebracht. Zu einem Sachschaden kam es nicht.<\/p>\n\n\n\n<h2 class=\"wp-block-heading\">(Ludwigshafen) &#8211; 13-J\u00e4hrige vermisst<\/h2>\n\n\n<div class=\"wp-block-image\">\n<figure class=\"aligncenter size-full\"><img decoding=\"async\" loading=\"lazy\" width=\"500\" height=\"667\" src=\"https:\/\/speyer24news.com\/wp-content\/uploads\/2024\/05\/Vermisste_14052024.jpg\" alt=\"\" class=\"wp-image-59527\" srcset=\"https:\/\/speyer24news.com\/wp-content\/uploads\/2024\/05\/Vermisste_14052024.jpg 500w, https:\/\/speyer24news.com\/wp-content\/uploads\/2024\/05\/Vermisste_14052024-225x300.jpg 225w\" sizes=\"(max-width: 500px) 100vw, 500px\" \/><\/figure><\/div>\n\n\n<p>Seit Donnerstag, 23.05.2024, wird eine in Ludwigshafen wohnende 13-J\u00e4hrige vermisst. Sie wurde zuletzt am Abend gegen 17:00 Uhr in einer Jugendeinrichtung in Ludwigshafen gesehen. Seitdem ist ihr Aufenthaltsort unbekannt. Durch die bisherigen polizeilichen Ma\u00dfnahmen konnte die Vermisste bislang nicht aufgefunden werden. Auch wenn uns keine Hinweise auf eine konkrete Gefahr vorliegen, gelten f\u00fcr vermisste Kinder besonders strenge Regeln, weshalb wir die \u00d6ffentlichkeit um Mithilfe bitten.<\/p>\n\n\n\n<h4 class=\"wp-block-heading\">Beschreibung der 13-J\u00e4hrigen:<\/h4>\n\n\n\n<ul>\n<li><strong>ca. 160 cm gro\u00df<\/strong><\/li>\n\n\n\n<li><strong>schlanke Statur<\/strong><\/li>\n\n\n\n<li><strong>mittellange, leicht gewellte mittelbraune Haare mit leichtem Ponyschnitt<\/strong><\/li>\n\n\n\n<li><strong>Smiley Tattoo am linken Ringfinger<\/strong><\/li>\n\n\n\n<li><strong>tr\u00e4gt m\u00f6glicherweise eine Brille<\/strong><\/li>\n\n\n\n<li><strong>Bekleidung unbekannt<\/strong><\/li>\n<\/ul>\n\n\n\n<ul>\n<li><strong>Zeugen, die Hinweise auf den Aufenthalt der Vermissten geben k\u00f6nnen, werden gebeten, sich unter der Telefonnummer 0621-963-2122 an die Polizeiinspektion Ludwigshafen 1 zu wenden. Wenn Sie den Vermissten sehen, behalten Sie diesen bitte im Blick und verst\u00e4ndigen Sie \u00fcber den Notruf 110 die Polizei!<\/strong><\/li>\n<\/ul>\n\n\n\n<h2 class=\"wp-block-heading\">(Ludwigshafen) &#8211; Unfallflucht \/ Zeugen gesucht<\/h2>\n\n\n\n<p>Am Donnerstag (23.05.2024), gegen 16:50 Uhr, war ein 29-j\u00e4hriger Autofahrer auf der Maximilianstra\u00dfe unterwegs und bog nach links auf die Rheing\u00f6nheimer Stra\u00dfe in Richtung Saarlandstra\u00dfe ab. Hierbei kollidierte er mit einem auf der Fahrbahn liegenden Verkehrsschild. Am Fahrzeug entstand Sachschaden in H\u00f6he von circa 1.200 Euro. Zeugen zufolge war bereits gegen 16:10 Uhr der Fahrer eines wei\u00dfen SUV gegen das Schild gefahren und hatte sich im Anschluss von der \u00d6rtlichkeit entfernt.<\/p>\n\n\n\n<ul>\n<li><strong>Wer hat den Vorfall beobachtet und kann Hinweise auf den Unfallverursacher mit dem wei\u00dfen SUV geben? Hinweise bitte an die Polizeiinspektion Ludwigshafen 1, Telefonnummer 0621 963-2122 oder per E-Mail&nbsp;<a href=\"mailto:%20piludwigshafen1@polizei.rlp.de\">piludwigshafen1@polizei.rlp.de<\/a>&nbsp;.<\/strong><\/li>\n<\/ul>\n\n\n\n<h2 class=\"wp-block-heading\">(Ludwigshafen) &#8211; Rollerdiebstahl \/ Zeugen gesucht<\/h2>\n\n\n\n<p>In der Nacht auf Donnerstag (23.05.2024), zwischen 01:00 und 04:00 Uhr, entwendeten Unbekannte einen vor einem Mehrfamilienhaus in der Schmalen Gasse abgestellten schwarz-roten Motorroller im Wert von circa 650 Euro.<\/p>\n\n\n\n<ul>\n<li><strong>Wer hat die Tat beobachtet und kann Hinweise auf die T\u00e4ter geben? Hinweise bitte an die Polizeiinspektion Ludwigshafen 2, Telefonnummer 0621 963-2222 oder per E-Mail&nbsp;<a href=\"mailto:%20piludwigshafen2@polizei.rlp.de\">piludwigshafen2@polizei.rlp.de<\/a>&nbsp;.<\/strong><\/li>\n<\/ul>\n\n\n\n<h2 class=\"wp-block-heading\">(Ludwigshafen) &#8211; Sachbesch\u00e4digung an Grundschule<\/h2>\n\n\n\n<p>Zwei Klassenr\u00e4ume der Ernst-Reuter-Grundschule in der Schlesier Stra\u00dfe wurden vollst\u00e4ndig verw\u00fcstet, das meldete die Schulleitung am 22.04.2024, gegen 20 Uhr. Insgesamt entstand ein Sachschaden von etwa 1.000 Euro. Gestohlen wurden nach derzeitigem Kenntnisstand nichts. Die Polizeiinspektion Ludwigshafen 1 bittet um Zeugenhinweise. <\/p>\n\n\n\n<ul>\n<li><strong>Wer hat etwas Ungew\u00f6hnliches wahrgenommen und kann Angaben machen? Hinweise bitte an Telefonnummer 0621 963-2122 oder per E-Mail&nbsp;<a href=\"mailto:%20piludwigshafen1@polizei.rlp.de\">piludwigshafen1@polizei.rlp.de<\/a>&nbsp;.<\/strong><\/li>\n<\/ul>\n\n\n\n<h2 class=\"wp-block-heading\">(Ludwigshafen) &#8211; Mehrere Autos besch\u00e4digt<\/h2>\n\n\n\n<p>Zwischen Dienstagabend (21.05.2024, 18 Uhr) und Mittwochmorgen (22.05.2024, 8:45 Uhr) wurden Reifen mehrerer Firmenfahrzeuge (ein Transporter und zwei Anh\u00e4nger) zerstochen. Diese standen zur fraglichen Zeit in der Maudacher Stra\u00dfe. Der entstandene Sachschaden wird aktuell auf rund 1.000 Euro gesch\u00e4tzt. <\/p>\n\n\n\n<ul>\n<li><strong>Hinweise in diesem Falle bitte an die Polizeiinspektion Ludwigshafen 1, Telefonnummer 0621 963-2122 oder per E-Mail&nbsp;<a href=\"mailto:%20piludwigshafen1@polizei.rlp.de\">piludwigshafen1@polizei.rlp.de<\/a>&nbsp;.<\/strong><\/li>\n<\/ul>\n\n\n\n<p>In der Schnabelbrunnengasse wurde am 22.05.2024, zwischen 14:30 Uhr und 18 Uhr, die T\u00fcr eines Opel Corsa zerkratzt. Die genaue Schadensh\u00f6he steht bislang nicht fest. <\/p>\n\n\n\n<p><strong>Hier bittet die Polizeiwache Oggersheim um Hinweise unter Tel. 0621 963 &#8211; 2403 oder per E-Mail&nbsp;<a href=\"mailto:%20pwoggersheim@polizei.rlp.de\">pwoggersheim@polizei.rlp.de<\/a>.<\/strong><\/p>\n\n\n\n<p>Au\u00dferdem wurde in der Kranichstra\u00dfe ein Audi besch\u00e4digt. Zwischen dem 21.05.2024, 16 Uhr, und dem 22.05.2024, 13 Uhr, schlugen Unbekannte eine Scheibe des Autos ein. Zu einem Einbruch ins Auto kam es nicht. <\/p>\n\n\n\n<ul>\n<li><strong>Hinweise bitte an die Polizeiinspektion Ludwigshafen 2, Telefonnummer 0621 963-2222 oder per E-Mail&nbsp;<a href=\"mailto:%20piludwigshafen2@polizei.rlp.de\">piludwigshafen2@polizei.rlp.de<\/a>&nbsp;.<\/strong><\/li>\n<\/ul>\n\n\n\n<h2 class=\"wp-block-heading\">(Ludwigshafen) &#8211; Achtung Dooring<\/h2>\n\n\n\n<p>Ein 36-j\u00e4hriger Fahrradfahrer wurde am Mittwoch (22.05.2024, gegen 16:45 Uhr) in der Kaiser-Wilhelm-Stra\u00dfe leicht verletzt, als eine 23-J\u00e4hrige die Beifahrert\u00fcr eines Autos \u00f6ffnete. Der 36-J\u00e4hrige touchierte daraufhin ein neben dem Gehweg verbotswidrig abgestelltes weiteres Auto. An beiden PKW entstand leichter Sachschaden.<\/p>\n\n\n\n<p>Wir appellieren an alle Autofahrenden sowie deren Beifahrerenden: Unachtsames \u00d6ffnen der Fahrzeugt\u00fcr kann verheerende Folgen haben. &#8222;Dooring&#8220; hei\u00dft das Ph\u00e4nomen, bei dem meist Rad- oder E-Scooterfahrende betroffen sind. Ein einfacher Griff hilft Autofahrenden, das Risiko zu minimieren. Beim sogenannten &#8222;Holl\u00e4ndischen Griff&#8220; werden Fahrer- oder Beifahrert\u00fcr jeweils mit der Hand ge\u00f6ffnet, die der entsprechenden T\u00fcr abgewandt ist. Dabei wird automatisch die Schulter zur Fahrbahn bzw. Gehweg gedreht und von hinten kommende Fahrzeuge oder Fu\u00dfg\u00e4nger werden so besser gesehen. In den Niederlanden geh\u00f6rt diese Praxis schon lange zur Fahrschulausbildung, daher der Name des ebenso einfachen wie sinnvollen Griffs. Das Landeskriminalamt Rheinland-Pfalz hat hierzu einen Pr\u00e4ventionsclip erstellt, der unter folgendem Link abrufbar ist:&nbsp;<a href=\"https:\/\/youtu.be\/9N-82X6f04Q\" target=\"_blank\" rel=\"noreferrer noopener\">https:\/\/youtu.be\/9N-82X6f04Q<\/a><\/p>\n\n\n\n<h2 class=\"wp-block-heading\">(Ludwigshafen) &#8211; R\u00e4uberischer Diebstahl \/ Drei Zeugen leicht verletzt<\/h2>\n\n\n\n<p>Am Mittwochnachmittag (22.05.2024, 16:10 Uhr) stahl ein 34-J\u00e4hriger in einem Drogeriemarkt in der Stra\u00dfe &#8222;Im Zollhof&#8220; zwei Parf\u00fcmflakons im Gesamtwert von 270 Euro. Mehrere Zeugen wollten den Mann an der Flucht hindern. Hiergegen wehrte sich der 34-J\u00e4hrige mit Schl\u00e4gen wodurch die Zeugen leicht verletzt wurden. Polizeikr\u00e4fte konnten den 34-J\u00e4hrigen im Bereich der Ludwigstra\u00dfe ausfindig machen und einer Personenkontrolle unterziehen. Dabei ergaben sich Hinweise auf einen m\u00f6glichen Drogenkonsum des Mannes. Ein Test reagierte positiv auf Amphetamin, Methamphetamin, Kokain sowie THC. Ein Alkoholtest ergab 0 Promille. Er wurde zur Polizeidienststelle mitgenommen. Dort wurde ihm eine Blutprobe entnommen, um die Schuldf\u00e4higkeit des Mannes festzustellen. Der 34-J\u00e4hrige wird mit einer Strafanzeige werden r\u00e4uberischen Diebstahls rechnen m\u00fcssen.<\/p>\n\n\n\n<h2 class=\"wp-block-heading\">(Ludwigshafen) &#8211; \u00dcber 60 km\/h zu schnell<\/h2>\n\n\n\n<p>Am Mittwoch (22.05.2024), gegen 14:00 Uhr, fiel Polizeikr\u00e4ften der Zentralen Verkehrsdienste der Polizeidirektion Neustadt ein 43-j\u00e4hriger Autofahrer auf, welcher mit stark \u00fcberh\u00f6hter Geschwindigkeit auf der A650 in Richtung Bad D\u00fcrkheim unterwegs war. In H\u00f6he der Gemarkung Ludwigshafen wurde er bei erlaubter H\u00f6chstgeschwindigkeit von 90 km\/h mittels geeichter Videonachfahreinrichtung mit 164 km\/h von den Polizeikr\u00e4ften gemessen und hierbei videografiert.<\/p>\n\n\n\n<p>Die zul\u00e4ssige H\u00f6chstgeschwindigkeit wurde nach Toleranzabzug um 65 km\/h bzw. mehr als 70 Prozent \u00fcberschritten, weshalb von einer vors\u00e4tzlichen Geschwindigkeits\u00fcberschreitung auszugehen ist. Aufgrund dessen muss der 43-J\u00e4hrige mit einem Bu\u00dfgeld von 1.200 EUR und einem zweimonatigen Fahrverbot rechnen.<\/p>\n\n\n\n<p>Die Reduzierung von Verkehrsunf\u00e4llen und die Minimierung von Unfallfolgen sind Kernpunkte der polizeilichen Pr\u00e4ventionsarbeit. Neben der Erh\u00f6hung der Verkehrssicherheit durch Verkehrskontrollen, wollen wir auch die im Zusammenhang mit dem Stra\u00dfenverkehr entstehenden Risiken fortlaufend ins \u00f6ffentliche Bewusstsein r\u00fccken und nochmals verdeutlichen.<\/p>\n\n\n\n<p>\u00dcberh\u00f6hte Geschwindigkeit ist und bleibt hierbei eine Hauptunfallursache. Pl\u00f6tzliche Regenschauer, ausscherender Gegenverkehr oder eine \u00fcberraschend scharfe Kurve: Unerwartetes kann im Stra\u00dfenverkehr schnell den Kontrollverlust bedeuten. Und je h\u00f6her das Tempo, desto geringer die Chance, rechtzeitig zu reagieren, und umso l\u00e4nger der Bremsweg. Schon bei trockener Fahrbahn liegt der Bremsweg bei einer Geschwindigkeit von 130 km\/h beispielsweise bei einer Strecke von knapp 73 Metern. Bei nasser Fahrbahn verl\u00e4ngert er sich auf 93 Meter. Im Vergleich dazu verl\u00e4ngert er sich bei einer Geschwindigkeit von 150 km\/h auf fast 100 Meter bei trockener und \u00fcber 120 Meter bei nasser Fahrbahn. Passen Sie Ihre Geschwindigkeit deshalb immer an das Umfeld und die Bedingungen an.<\/p>\n\n\n\n<h2 class=\"wp-block-heading\">(Ludwigshafen) &#8211; Nicht auf falsche Bankmitarbeiterin hereingefallen<\/h2>\n\n\n\n<p>Eine 75-J\u00e4hrige aus Gartenstadt erhielt am 22.05.2024, gegen 13:45 Uhr, einen Anruf, vermeintlich von einer Bankmitarbeiterin. Die unbekannte Anruferin gab an, dass sie bei der \u00dcberpr\u00fcfung des Kontos der Seniorin festgestellt habe, dass etwas nicht stimme. Ein Betrag in H\u00f6he von mehreren hundert Euro sei illegal von ihrem Konto abgehoben worden. Aufgrund dessen solle sie sich mit einem Bankberater in Verbindung setzen, welcher ihr erkl\u00e4re worum es konkret ginge. Hierzu solle sie auf ihrem Telefon die Taste &#8222;1&#8220; dr\u00fccken. Da die Gesch\u00e4digte erst am Tag zuvor Kontakt mit ihrer Bank gehabt hatte, erkannte sie den Betrugsversuch sofort und beendete das Telefonat.<\/p>\n\n\n\n<p>Wissen Sie, wie Sie sich vor solchen Telefonbetr\u00fcger sch\u00fctzen k\u00f6nnen? Um Sie noch besser vor den fiesen Betrugsmaschen zu sch\u00fctzen, haben unsere Pr\u00e4ventionsexperten eine Telefonhotline zum Schutz vor Betrug eingerichtet. Unter der Telefonnummer 0621 963 &#8211; 1515 k\u00f6nnen Sie sich von Montag bis Donnerstag zwischen 8 und 16 Uhr sowie freitags von 8 bis 12 Uhr kostenlos telefonisch \u00fcber Betrugsdelikte informieren. Rufen Sie uns an und informieren Sie sich \u00fcber die typischen Betrugsmaschen wie zum Beispiel &#8222;Falsche Polizeibeamte&#8220;, &#8222;Enkeltrick&#8220; oder sogenannte &#8222;Schockanrufe&#8220; und wie Sie sich mit einfachen Tricks dagegen wehren k\u00f6nnen.<\/p>\n\n\n\n<h2 class=\"wp-block-heading\">(Ludwigshafen) &#8211; Unfall zwischen Auto und Stra\u00dfenbahn<\/h2>\n\n\n\n<p>An der Kreuzung Saarlandstra\u00dfe\/Rottstra\u00dfe kam es am Mittwoch, 22.05.2024, gegen 12 Uhr, zu einem Unfall nachdem ein 29-j\u00e4hriger Autofahrer eine rote Ampel missachtete. Er streifte hieraufhin die Fahrzeugfront der vorfahrtsberechtigten Stra\u00dfenbahn. Es entstand ein Sachschaden von insgesamt etwa 3.000 Euro. Verletzt wurde niemand.<\/p>\n\n\n\n<h2 class=\"wp-block-heading\">(Ludwigshafen) &#8211; 1-J\u00e4hriger bei Unfall verletzt<\/h2>\n\n\n\n<p>In der Mannheimer Stra\u00dfe kam es am Mittwochvormittag (22.05.2024, gegen 11:30 Uhr) zu einem Unfall, als ein 62-j\u00e4hriger Autofahrer beim Spurwechsel den neben ihm fahrenden Linienbus \u00fcbersah. Es kam zur Kollision, wodurch Seitenscheiben des Busses zerbrachen. Hierdurch wurde ein 1-j\u00e4hriger Junge leicht verletzt. Er wurde in ein Krankenhaus gebracht. Die H\u00f6he des entstandenen Sachschadens steht bislang nicht fest.<\/p>\n\n\n\n<h2 class=\"wp-block-heading\">(Ludwigshafen) &#8211; Gef\u00e4hrliche K\u00f6rperverletzung<\/h2>\n\n\n\n<p>Am 22.05.2024 wurde die Polizei ein Mann gemeldet, der in der Frankenthaler Stra\u00dfe zwei Frauen zun\u00e4chst gemustert und ihnen dann hinterhergerannt sei. Kurz nachdem die Polizeikr\u00e4fte vor Ort erschienen, meldete sich eine weitere Frau und gab an, in der N\u00e4he von einem Mann zun\u00e4chst verfolgt und dann mit dem Schuh in den R\u00fccken getreten worden zu sein. Hierdurch wurde sie leicht verletzt. Die Beschreibungen des T\u00e4ters waren in beiden F\u00e4llen \u00e4hnlich. Der Mann, ein 22-J\u00e4hriger, konnte im Nahbereich ausfindig gemacht und kontrolliert werden. Er trug Sicherheitsschuhe mit Stahlkappen weswegen er sich wegen gef\u00e4hrlicher K\u00f6rperverletzung strafrechtlich verantworten werden muss.<\/p>\n\n\n\n<h2 class=\"wp-block-heading\">(Ludwigshafen) &#8211; Vorfahrt missachtet<\/h2>\n\n\n\n<p>Am Mittwochmorgen (22.05.2024, gegen 7 Uhr) missachtete ein 36-j\u00e4hriger Autofahrer an der Kreuzung Westendstra\u00dfe\/D\u00f6rrhorstra\u00dfe die Vorfahrt eines 54-j\u00e4hrigen Radfahrers. Es kam zur Kollision wodurch der Radfahrer leicht verletzt wurde. Er wurde in ein Krankenhaus gebracht. Am Auto sowie dem Rad entstand ein Sachschaden in H\u00f6he von etwa 1.000 Euro. Ein \u00c4hnlicher Unfall ereignete sich gleichen Tag gegen 17 Uhr an der Kreuzung Hemshofstra\u00dfe\/Rheinuferstra\u00dfe. Hier touchierte eine 28-j\u00e4hrige Autofahrerin das Hinterrad eines vorfahrtberechtigen 53-j\u00e4hirgen Radfahrers. Auch er wurde leicht verletzt. Es entstand kein Sachschaden.<\/p>\n\n\n\n<h2 class=\"wp-block-heading\">(Ludwigshafen) &#8211; Diebstahl aus Fahrzeugen<\/h2>\n\n\n\n<p>Die R\u00fccklichter des Transporters eines Bauunternehmens wurden in der Flurstra\u00dfe gestohlen. Die Tatzeit d\u00fcrfte zwischen dem 21.05.2024, 17 Uhr, und dem 22.05.2024, 5:45 Uhr liegen. Au\u00dferdem wurde eine Box auf der Ladefl\u00e4che des Fahrzeugs besch\u00e4digt. Die H\u00f6he des entstandenen Schadens wird auf 250 Euro gesch\u00e4tzt.<\/p>\n\n\n\n<p>Ebenfalls zwischen Dienstag und Mittwoch wurde in der Rheing\u00f6nheimer Stra\u00dfe au\u00dferdem eine Autoscheibe eingeschlagen. Aus dem Fahrzeug wurden Reinigungsger\u00e4te im Wert von insgesamt etwa 2.000 Euro gestohlen.<\/p>\n\n\n\n<ul>\n<li><strong>Hinweise in beiden F\u00e4llen bitte an die Polizeiinspektion Ludwigshafen 1, Telefonnummer 0621 963-2122 oder per E-Mail&nbsp;<a href=\"mailto:%20piludwigshafen1@polizei.rlp.de\">piludwigshafen1@polizei.rlp.de<\/a>&nbsp;.<\/strong><\/li>\n<\/ul>\n\n\n\n<h2 class=\"wp-block-heading\">(Ludwigshafen) &#8211; Geldbeutel gestohlen<\/h2>\n\n\n<div class=\"wp-block-image\">\n<figure class=\"aligncenter size-full\"><img decoding=\"async\" loading=\"lazy\" width=\"640\" height=\"426\" src=\"https:\/\/speyer24news.com\/wp-content\/uploads\/2020\/12\/Taschendiebstahl.jpg\" alt=\"\" class=\"wp-image-31455\" srcset=\"https:\/\/speyer24news.com\/wp-content\/uploads\/2020\/12\/Taschendiebstahl.jpg 640w, https:\/\/speyer24news.com\/wp-content\/uploads\/2020\/12\/Taschendiebstahl-300x200.jpg 300w\" sizes=\"(max-width: 640px) 100vw, 640px\" \/><figcaption class=\"wp-element-caption\">Beispielbild Diebstahl, dient lediglich der Visualisierung.<\/figcaption><\/figure><\/div>\n\n\n<p>In der Wielandstra\u00dfe wurde einem 31-J\u00e4hrigen am 21.05.2024, gegen 21 Uhr, der Geldbeutel durch einen bislang Unbekannten aus der Hosentasche gestohlen. Als der Mann den Diebstahl bemerkte und sich nach dem T\u00e4ter umdrehte, fl\u00fcchtete dieser. Es entstand ein Sachschaden von etwa 150 Euro.<\/p>\n\n\n\n<h4 class=\"wp-block-heading\">Den Unbekannten konnte der 31-J\u00e4hrige wie folgt beschreiben: <\/h4>\n\n\n\n<ul>\n<li><strong>Etwa 1,70m gro\u00df<\/strong><\/li>\n\n\n\n<li><strong>zwischen 20 und 25 Jahren<\/strong><\/li>\n\n\n\n<li><strong>dunkelbraune, mittellange Haare (seitlich kurz, Haupthaar nach hinten gegelt)<\/strong><\/li>\n\n\n\n<li><strong>schlank<\/strong><\/li>\n\n\n\n<li><strong>leichte Br\u00e4unung der Haut<\/strong><\/li>\n\n\n\n<li><strong>wei\u00dfer Kapuzenpullover, wei\u00dfe Stoff-\/Sporthose, wei\u00dfe Schuhe, dunkler Rucksack<\/strong><\/li>\n<\/ul>\n\n\n\n<ul>\n<li><strong>Sie haben etwas beobachtet? Hinweise nimmt die Kriminalpolizei Ludwigshafen unter der Telefonnummer 0621 963-2773 oder per E-Mail&nbsp;<a href=\"mailto:%20kiludwigshafen.k1.kdd@polizei.rlp.de\">kiludwigshafen.k1.kdd@polizei.rlp.de<\/a>&nbsp;entgegen.<\/strong><\/li>\n<\/ul>\n\n\n\n<p><\/p>\n","protected":false},"excerpt":{"rendered":"<div class=\"mh-excerpt\"><p>Polizeimeldungen von Donnerstag &amp; Freitag (23.05 &amp; 24.05.2024) (Speyer) &#8211; Betr\u00fcgerinnen erbeuten Bargeld und Schmuck Die Hilfsbereitschaft einer Seniorin nutzten am Donnerstagnachmittag (23.05.2024, gegen 15 Uhr) Betr\u00fcgerinnen aus. Zun\u00e4chst klingelte eine bislang unbekannte Frau an <a class=\"mh-excerpt-more\" href=\"https:\/\/speyer24news.com\/?p=59521\" title=\"Polizeimeldungen Donnerstag &#038; Freitag (23. &#038; 24.05.24)\">[&#8230;]<\/a><\/p>\n<\/div>","protected":false},"author":3,"featured_media":26162,"comment_status":"open","ping_status":"open","sticky":false,"template":"","format":"standard","meta":{"_monsterinsights_skip_tracking":false,"_monsterinsights_sitenote_active":false,"_monsterinsights_sitenote_note":"","_monsterinsights_sitenote_category":0,"footnotes":""},"categories":[15659],"tags":[7273,7243,7244,10926,13554,350,14537,15084,15267,14538,15361,702,61,2555,14113,6955,6986,6263,63,105,11150,6987,53,13540,16956,18099,17274,4683,14958,9154,17275,12967,102,13626,213,14325,14324,13553,13541,16955,2625,380],"aioseo_notices":[],"amp_enabled":true,"_links":{"self":[{"href":"https:\/\/speyer24news.com\/index.php?rest_route=\/wp\/v2\/posts\/59521"}],"collection":[{"href":"https:\/\/speyer24news.com\/index.php?rest_route=\/wp\/v2\/posts"}],"about":[{"href":"https:\/\/speyer24news.com\/index.php?rest_route=\/wp\/v2\/types\/post"}],"author":[{"embeddable":true,"href":"https:\/\/speyer24news.com\/index.php?rest_route=\/wp\/v2\/users\/3"}],"replies":[{"embeddable":true,"href":"https:\/\/speyer24news.com\/index.php?rest_route=%2Fwp%2Fv2%2Fcomments&post=59521"}],"version-history":[{"count":5,"href":"https:\/\/speyer24news.com\/index.php?rest_route=\/wp\/v2\/posts\/59521\/revisions"}],"predecessor-version":[{"id":59532,"href":"https:\/\/speyer24news.com\/index.php?rest_route=\/wp\/v2\/posts\/59521\/revisions\/59532"}],"wp:featuredmedia":[{"embeddable":true,"href":"https:\/\/speyer24news.com\/index.php?rest_route=\/wp\/v2\/media\/26162"}],"wp:attachment":[{"href":"https:\/\/speyer24news.com\/index.php?rest_route=%2Fwp%2Fv2%2Fmedia&parent=59521"}],"wp:term":[{"taxonomy":"category","embeddable":true,"href":"https:\/\/speyer24news.com\/index.php?rest_route=%2Fwp%2Fv2%2Fcategories&post=59521"},{"taxonomy":"post_tag","embeddable":true,"href":"https:\/\/speyer24news.com\/index.php?rest_route=%2Fwp%2Fv2%2Ftags&post=59521"}],"curies":[{"name":"wp","href":"https:\/\/api.w.org\/{rel}","templated":true}]}}