{"id":59612,"date":"2024-07-05T08:36:20","date_gmt":"2024-07-05T07:36:20","guid":{"rendered":"https:\/\/speyer24news.com\/?p=59612"},"modified":"2024-07-05T08:36:21","modified_gmt":"2024-07-05T07:36:21","slug":"polizeimeldungen-donnerstag-04-07-24","status":"publish","type":"post","link":"https:\/\/speyer24news.com\/?p=59612","title":{"rendered":"Polizeimeldungen Donnerstag (04.07.24)"},"content":{"rendered":"<style type=\"text\/css\">\r\n\t.ads_top_disp{}\r\n\t.ads_top_corner_disp{ float:left; margin:0px 10px 10px 0px; }\r\n\t.ads_first_p_disp{}\r\n\t.ads_bottom_disp{}\r\n\t<\/style>\n<h2 class=\"wp-block-heading\">Polizeimeldungen vom Donnerstag (04.07.2024)<\/h2>\n\n\n<div class=\"wp-block-image\">\n<figure class=\"aligncenter size-full\"><img decoding=\"async\" loading=\"lazy\" width=\"375\" height=\"500\" src=\"https:\/\/speyer24news.com\/wp-content\/uploads\/2022\/03\/Aktuelles-Polizeilogo.jpg\" alt=\"\" class=\"wp-image-43591\" srcset=\"https:\/\/speyer24news.com\/wp-content\/uploads\/2022\/03\/Aktuelles-Polizeilogo.jpg 375w, https:\/\/speyer24news.com\/wp-content\/uploads\/2022\/03\/Aktuelles-Polizeilogo-225x300.jpg 225w\" sizes=\"(max-width: 375px) 100vw, 375px\" \/><\/figure><\/div>\n\n\n<h2 class=\"wp-block-heading\">(Speyer) &#8211; Handtasche aus aufgebrochenem Spind entwendet, Zeugen gesucht<\/h2>\n\n\n\n<p>Am Mittwoch, in der Zeit zwischen 15 &#8211; 16 Uhr, besuchte eine 21-j\u00e4hrige Frau ein Fitnessstudio in der Heinkelstra\u00dfe. Nach dem Ende ihres Trainings begab sie sich wieder zur Umkleide und bemerkte, dass der Spind, in welchem sie ihre Sachen verstaute, von unbekannten T\u00e4tern ge\u00f6ffnet wurde. Aus dem Spind wurde ihre schwarze Umh\u00e4ngetasche der Marke &#8222;Versace&#8220; samt Inhalt entwendet. Den Spind hatte sie mit einem Vorh\u00e4ngeschloss (3-stelliges Zahlenschloss) abgeschlossen. Der Gesamtschaden betr\u00e4gt ca. 250 Euro.<\/p>\n\n\n\n<ul>\n<li><strong>Wer hat im genannten Zeitraum im FitCamp verd\u00e4chtige Wahrnehmungen gemacht, kann T\u00e4terhinweise oder sonstige sachdienliche Hinweise geben? Die Polizei bittet Zeugen um Mitteilung an Tel. 06232\/137-0 oder per E-Mail an\u00a0<a href=\"mailto:%20pispeyer@polizei.rlp.de\">pispeyer@polizei.rlp.de<\/a><\/strong><\/li>\n<\/ul>\n\n\n\n<h2 class=\"wp-block-heading\">(Speyer) &#8211; Unfall mit verletzter Radfahrerin<\/h2>\n\n\n\n<p>Am Mittwochnachmittag, kurz vor 15 Uhr befuhr eine 70-j\u00e4hrige Fahrradfahrerin die Paulstra\u00dfe in Richtung Slevogtstra\u00dfe. An der Kreuzung Paulstra\u00dfe \/ Landauer Stra\u00dfe kam ihr eine 42-j\u00e4hrige PKW-Fahrerin entgegen, welche nach links in Richtung Ortsausgang abbog und dabei die Radfahrerin \u00fcbersah. Es kam zu einer leichten Ber\u00fchrung der Verkehrsteilnehmer, infolge derer die 70-J\u00e4hrige mit ihrem Fahrrad st\u00fcrzte und sich dabei eine Sch\u00fcrfwunde an der Hand und Schmerzen im R\u00fccken zuzog. Der verst\u00e4ndigte Rettungsdienst verbrachte die Fahrradfahrerin f\u00fcr weitere Untersuchungen in ein Krankenhaus. An den Fahrzeugen entstand minimaler Schaden in zweistelliger H\u00f6he.<\/p>\n\n\n\n<h2 class=\"wp-block-heading\">(Altrip) &#8211; Unfall mit leicht verletztem Pkw-Fahrer<\/h2>\n\n\n\n<p>Zu einem Verkehrsunfall mit einer leicht verletzten Person kam es am Mittwochmittag in der Rheing\u00f6nheimer Stra\u00dfe. Ein 46-j\u00e4hriger Lkw-Fahrer aus Weinheim bog von der Luisenstra\u00dfe in die Rheing\u00f6nheimer Stra\u00dfe ab. Vermutlich untersch\u00e4tzte er hierbei die Geschwindigkeit eines auf der Rheing\u00f6nheimer Stra\u00dfe fahrenden 47-j\u00e4hrigen aus Altrip, so dass dieser mit seinem Pkw dem abbiegenden Lkw auffuhr. Durch den Ansto\u00df erlitt der Pkw-Fahrer leichte Verletzungen (Schmerzen) am Oberk\u00f6rper. Die Ermittlungen zum Unfallhergang wurden aufgenommen. An beiden Fahrzeugen entstand ein Sachschaden in H\u00f6he von circa 2.000 Euro. <\/p>\n\n\n\n<ul>\n<li><strong>Zeugen werden gebeten, sich unter der Telefonnummer 06235 \/ 495-0 oder per E-Mail (<a href=\"mailto:pischifferstadt@polizei.rlp.de\">pischifferstadt@polizei.rlp.de<\/a>) bei der Polizeiinspektion Schifferstadt zu melden.<\/strong><\/li>\n<\/ul>\n\n\n\n<h2 class=\"wp-block-heading\">(B\u00f6hl-Iggelheim) &#8211; Versuchter Katalysator-Diebstahl<\/h2>\n\n\n\n<p>In der Nacht von Mittwoch auf Donnerstag, gegen 01:30 Uhr, meldete ein Anwohner laute Flex-Ger\u00e4usche ausgehend vom Iggelheimer Friedhof in der Ha\u00dflocher Stra\u00dfe. Vor Ort konnte ein auf einem Parkplatz abgestellter Pkw festgestellt werden, bei dem unter anderem eine eingeschlagene Scheibe festgestellt werden konnte. Bei n\u00e4herer Inaugenscheinnahme des Pkw konnte zudem festgestellt werden, dass die Befestigungen der Auspuffanlage durchtrennt worden waren, mit dem Ziel, den Katalysator zu entwenden. <\/p>\n\n\n\n<ul>\n<li><strong>Vermutlich weil der oder die T\u00e4ter dabei gest\u00f6rt wurden, kam es nicht zu der Entwendung des Katalysators. Zeugen werden gebeten, sich unter der Telefonnummer 06235 \/ 495-0 oder per E-Mail (<a href=\"mailto:pischifferstadt@polizei.rlp.de\">pischifferstadt@polizei.rlp.de<\/a>) bei der Polizeiinspektion Schifferstadt zu melden.<\/strong><\/li>\n<\/ul>\n\n\n\n<h2 class=\"wp-block-heading\">(D\u00f6rrenbach) &#8211; Zeugen nach Verkehrsunfallflucht gesucht<\/h2>\n\n\n\n<p>Am 03.07.2024, zwischen 12:10 und 12:20 Uhr, kam es in D\u00f6rrenbach zu einem Verkehrsunfall. Ein bislang noch unbekannter Fahrzeugf\u00fchrer fuhr vermutlich beim Einbiegen von der Schulstra\u00dfe in die Stra\u00dfe &#8222;Am Kolmerberg&#8220; an einen geparkten Pkw Mercedes Benz, C-Klasse mit GER-Kennzeichen. Der Schaden wird auf 4000.- Euro gesch\u00e4tzt.<\/p>\n\n\n\n<p>Anschlie\u00dfend entfernte sich der Verursacher von der Unfallstelle, ohne seinen Pflichten als Unfallverursacher nachzukommen.<\/p>\n\n\n\n<ul>\n<li><strong>Zeugen des Verkehrsunfalls werden gebeten sich bei der Polizeiinspektion Bad Bergzabern unter 06343\/93340 oder per Mail unter\u00a0<a href=\"mailto:%20pibadbergzabern@polizei.rlp.de\">pibadbergzabern@polizei.rlp.de<\/a>\u00a0zu melden.<\/strong><\/li>\n<\/ul>\n\n\n\n<h2 class=\"wp-block-heading\">(Bad Bergzabern) &#8211; Pkw-Fahrerin kommt von der Fahrbahn ab<a href=\"https:\/\/www.facebook.com\/sharer.php?u=https%3A%2F%2Fwww.presseportal.de%2Fblaulicht%2Fpm%2F117686%2F5815739%2F%3Futm_source%3Dfacebook%26utm_medium%3Dsocial\"><\/a><a href=\"https:\/\/twitter.com\/intent\/tweet?text=POL-PDLD%3A%20Pkw-Fahrerin%20kommt%20von%20der%20Fahrbahn%20ab&amp;url=https%3A%2F%2Fwww.presseportal.de%2Fblaulicht%2Fpm%2F117686%2F5815739%2F%3Futm_source%3Dtwitter%26utm_medium%3Dsocial&amp;hashtags=ots&amp;lang=de\"><\/a><a href=\"https:\/\/web.whatsapp.com\/send?text=POL-PDLD%3A%20Pkw-Fahrerin%20kommt%20von%20der%20Fahrbahn%20ab%0A%0Ahttps%3A%2F%2Fwww.presseportal.de%2Fblaulicht%2Fpm%2F117686%2F5815739%2F%3Futm_source%3Dwhatsapp%26utm_medium%3Dsocial\"><\/a><a href=\"https:\/\/www.xing.com\/app\/user?op=share;url=https%3A%2F%2Fwww.presseportal.de%2Fblaulicht%2Fpm%2F117686%2F5815739%2F%3Futm_source%3Dxing%26utm_medium%3Dsocial\"><\/a><a href=\"http:\/\/www.linkedin.com\/shareArticle?mini=true&amp;url=https%3A%2F%2Fwww.presseportal.de%2Fblaulicht%2Fpm%2F117686%2F5815739%2F%3Futm_source%3Dlinkedin%26utm_medium%3Dsocial&amp;title=POL-PDLD%3A+Pkw-Fahrerin+kommt+von+der+Fahrbahn+ab\"><\/a><a href=\"mailto:?subject=POL-PDLD%3A%20Pkw-Fahrerin%20kommt%20von%20der%20Fahrbahn%20ab&amp;body=https:\/\/www.presseportal.de\/blaulicht\/pm\/117686\/5815739\"><\/a><\/h2>\n\n\n<div class=\"wp-block-image\">\n<figure class=\"aligncenter\"><a href=\"https:\/\/cache.pressmailing.net\/thumbnail\/story_hires\/4ba0e01f-2f71-4545-b440-761ed6fbf801\/UnfallaufB427.JPG.jpg\"><img decoding=\"async\" src=\"https:\/\/cache.pressmailing.net\/thumbnail\/story_big\/4ba0e01f-2f71-4545-b440-761ed6fbf801\/pol-pdld-pkw-fahrerin-kommt-von-der-fahrbahn-ab\" alt=\"POL-PDLD: Pkw-Fahrerin kommt von der Fahrbahn ab\"\/><\/a><\/figure><\/div>\n\n\n<p>Am Mittwoch, 04.07.2024, gegen 17:40 Uhr, kam es auf der B427 zwischen Birkenh\u00f6rdt und Bad Bergzabern zu einem Verkehrsunfall.<\/p>\n\n\n\n<p>Eine 67-j\u00e4hrige Fahrerin eines Mercedes A-Klasse befuhr die B427 von Birkenh\u00f6rdt in Richtung Bad Bergzabern. Kurz vor der Augspurger M\u00fchle kam die Fahrerin, nach eigenen Angaben aufgrund einem pl\u00f6tzlich aufgetretenen Schulterschmerz, nach rechts von der Fahrbahn ab und blieb im Geb\u00fcsch stehen.<\/p>\n\n\n\n<p>Die Fahrerin blieb unverletzt. Der Pkw wurde durch einen Abschleppdienst geborgen.<\/p>\n\n\n\n<p>An dem Auto entstand ein Sachschaden in H\u00f6he von 2000.-EUR.<\/p>\n\n\n\n<h2 class=\"wp-block-heading\">(L 494 \/ V\u00f6lkersweiler) &#8211; Pkw-Fahrerin wird schwer verletzt<a href=\"https:\/\/www.facebook.com\/sharer.php?u=https%3A%2F%2Fwww.presseportal.de%2Fblaulicht%2Fpm%2F117686%2F5816372%2F%3Futm_source%3Dfacebook%26utm_medium%3Dsocial\"><\/a><a href=\"https:\/\/twitter.com\/intent\/tweet?text=POL-PDLD%3A%20Pkw-Fahrerin%20wird%20schwer%20verletzt&amp;url=https%3A%2F%2Fwww.presseportal.de%2Fblaulicht%2Fpm%2F117686%2F5816372%2F%3Futm_source%3Dtwitter%26utm_medium%3Dsocial&amp;hashtags=ots&amp;lang=de\"><\/a><a href=\"https:\/\/web.whatsapp.com\/send?text=POL-PDLD%3A%20Pkw-Fahrerin%20wird%20schwer%20verletzt%0A%0Ahttps%3A%2F%2Fwww.presseportal.de%2Fblaulicht%2Fpm%2F117686%2F5816372%2F%3Futm_source%3Dwhatsapp%26utm_medium%3Dsocial\"><\/a><a href=\"https:\/\/www.xing.com\/app\/user?op=share;url=https%3A%2F%2Fwww.presseportal.de%2Fblaulicht%2Fpm%2F117686%2F5816372%2F%3Futm_source%3Dxing%26utm_medium%3Dsocial\"><\/a><a href=\"http:\/\/www.linkedin.com\/shareArticle?mini=true&amp;url=https%3A%2F%2Fwww.presseportal.de%2Fblaulicht%2Fpm%2F117686%2F5816372%2F%3Futm_source%3Dlinkedin%26utm_medium%3Dsocial&amp;title=POL-PDLD%3A+Pkw-Fahrerin+wird+schwer+verletzt\"><\/a><a href=\"mailto:?subject=POL-PDLD%3A%20Pkw-Fahrerin%20wird%20schwer%20verletzt&amp;body=https:\/\/www.presseportal.de\/blaulicht\/pm\/117686\/5816372\"><\/a><\/h2>\n\n\n<div class=\"wp-block-image\">\n<figure class=\"aligncenter\"><a href=\"https:\/\/cache.pressmailing.net\/thumbnail\/story_hires\/fb7b151b-23b0-4c6f-b922-605eabb21bae\/InkedUnfallbildL494_LI.jpg.jpg\"><img decoding=\"async\" src=\"https:\/\/cache.pressmailing.net\/thumbnail\/story_big\/fb7b151b-23b0-4c6f-b922-605eabb21bae\/pol-pdld-pkw-fahrerin-wird-schwer-verletzt\" alt=\"POL-PDLD: Pkw-Fahrerin wird schwer verletzt\"\/><\/a><\/figure><\/div>\n\n\n<p>Am Donnerstag, 04.07.2024, gegen 09:30 Uhr, kam es auf der L494 etwa 500 Meter vor dem Ortseingang V\u00f6lkersweiler zu einem Verkehrsunfall.<\/p>\n\n\n\n<p>Eine 50-j\u00e4hrige Smart-Fahrerin befuhr die L494 von der B48 kommend in Richtung V\u00f6lkersweiler. In einer Linkskurve, kam die Fahrerin zun\u00e4chst nach rechts von der Fahrbahn ab. Nach etwa drei Meter Fahrt \u00fcber die Gr\u00fcnfl\u00e4che \u00fcberschlug sich das Fahrzeug und kam auf der Seite liegend, mittig der Stra\u00dfe zum Stillstand. Durch Ersthelfer konnte die Frau aus dem PKW gerettet und versorgt werden.<\/p>\n\n\n\n<p>Die Fahrerin wurde schwerverletzt durch den Rettungsdienst in ein Krankenhaus verbracht. An dem Pkw entstand ein Sachschaden in H\u00f6he von 5000.- Euro. Der Pkw wurde durch einen Abschleppdienst geborgen.<\/p>\n\n\n\n<p>Die Landstra\u00dfe war f\u00fcr die Dauer der Unfallaufnahme gesperrt.<\/p>\n\n\n\n<h2 class=\"wp-block-heading\">(B 10 \/ Albersweiler) &#8211; Schwerer Verkehrsunfall<\/h2>\n\n\n\n<p>Aktuell ist die B10 aufgrund eines Frontalzusammensto\u00dfes zwischen den Anschlussstellen Queichhambach und Birkweiler in beide Fahrtrichtungen gesperrt. Ersten Ermittlungen zufolge kam der in Richtung Landau fahrende Fahrer eines Mercedes GLC aufgrund nicht angepasster Geschwindigkeit bei regennasser Fahrbahn im Zuge eines \u00dcberholman\u00f6vers in den Gegenverkehr. Hier stie\u00df er frontal mit einem Sattelzug zusammen. Beide Unfallbeteiligte wurden in Krankenh\u00e4user verbracht, Lebensgefahr bestehe nicht. Da beide Fahrzeuge nicht mehr fahrbereit sind, m\u00fcssen sie abgeschleppt werden. Bis dahin bleibt die B10 gesperrt. Nach ersten Sch\u00e4tzungen d\u00fcrfte der Gesamtschaden bei circa 200.000 Euro liegen. Wir berichten nach, sobald die Sperrung aufgehoben wird. Der F\u00fchrerschein des Unfallverursachers wurde beschlagnahmt, da zum jetzigen Zeitpunkt von einer Stra\u00dfenverkehrsgef\u00e4hrdung ausgegangen werden muss. Neben der Polizei sind auch Feuerwehr, DRK und die Stra\u00dfenmeisterei im Einsatz. (<em>04.07.2024 \u2013 14:55<\/em>)<\/p>\n\n\n\n<h3 class=\"wp-block-heading has-text-align-center\">Pressemeldung Nr. 2<\/h3>\n\n\n\n<h3 class=\"wp-block-heading\">B10 aufgrund Fahrbahnreinigungsarbeiten f\u00fcr weitere 3 Stunden gesperrt<\/h3>\n\n\n\n<p>Wie soeben bekannt wurde, bleibt die B10 nach dem schweren Verkehrsunfall f\u00fcr mindestens 3 Stunden gesperrt, da die Fahrbahn infolge ausgelaufener Betriebsstoffe gereinigt werden muss. (<em>04.07.2024 \u2013 15:39<\/em>)<\/p>\n\n\n\n<h3 class=\"wp-block-heading has-text-align-center\">Pressemeldung Nr. 3<\/h3>\n\n\n\n<h3 class=\"wp-block-heading\">Vollsperrung B10 nach schweren Verkehrsunfall aufgehoben<\/h3>\n\n\n\n<p>Am Donnerstag den 04.07.2024 ereignete sich gegen 14 Uhr ein schwerer Verkehrsunfall auf der B10 zwischen den Anschlussstellen Queichhambach und Birkweiler. Die Bundesstra\u00dfe wurde w\u00e4hrend der Reinigungsarbeiten f\u00fcr ca. 3 Stunden vollgesperrt. Mittlerweile ist die Vollsperrung aufgehoben. (<em>04.07.2024 \u2013 18:19<\/em>)<\/p>\n\n\n\n<h2 class=\"wp-block-heading\">(Landau) &#8211; Ohne Fahrerlaubnis und alkoholisiert<\/h2>\n\n\n\n<p>Am 03.07.2024 wurde gegen 21 Uhr in der Horststra\u00dfe in Landau ein 34-j\u00e4hriger Mercedes-Fahrer einer Verkehrskontrolle unterzogen. Es stellte sich heraus, dass dieser nicht im Besitz einer g\u00fcltigen Fahrerlaubnis war. Zudem konnte Alkoholgeruch wahrgenommen werden. Ein Alkoholtest ergab einen Wert von knapp 1,7 Promille. Folglich wurde ihm auf der Dienststelle eine Blutprobe entnommen und die Weiterfahrt untersagt. Er wird sich nun in Strafverfahren wegen des Fahrens ohne Fahrerlaubnis sowie Trunkenheit im Verkehr verantworten m\u00fcssen.<\/p>\n\n\n\n<h2 class=\"wp-block-heading\">(A 65 \/ AS Landau-Zentrum) &#8211; Zu schnell<\/h2>\n\n\n\n<p>Ein Bu\u00dfgeld in H\u00f6he von 100.- Euro muss ein 21 Jahre alter Autofahrer aus dem Raum Annweiler bezahlen, weil er Mittwochabend (03.07.2024, 18 Uhr) bei der AS Landau-Zentrum mit seinem Fahrzeug bei regennasser Fahrbahn zu schnell beim Verlassen der Autobahn ins Schleudern kam. Hierbei drehte er sich mit seinem Fahrzeug um die eigene Achse und kam gl\u00fccklicherweise ohne Schaden zum Stehen. Die Polizei appelliert: Geschwindigkeit ist nach wie vor eine der Hauptunfallursache.<\/p>\n\n\n\n<h2 class=\"wp-block-heading\">(Landau) &#8211; Beim Abbremsen gest\u00fcrzt<\/h2>\n\n\n\n<p>Am 03.07.2024 befuhr gegen 15:30 Uhr ein 16-j\u00e4hriger Kleinkraftradfahrer die Rheinstra\u00dfe in Landau. Vor dem 16-J\u00e4hrigen scherte ein 79-j\u00e4hriger Jaguar-Fahrer sehr knapp ein. Der 16-J\u00e4hrige musste bremsen, um einen Unfall zu verhindern. Hierbei st\u00fcrzte er und wurde durch den Unfall leicht verletzt. Der 16-J\u00e4hrige machte noch auf sich aufmerksam, in dem er nach dem Unfall an die Scheibe des Jaguars klopfte. Der 79-J\u00e4hrige fuhr jedoch weiter, ohne sich um den entstandenen Schaden zu k\u00fcmmern. Die Sachschadensh\u00f6he am Kleinkraftrad betr\u00e4gt circa 700 Euro. Der 79-J\u00e4hrige wird sich nun in Strafverfahren wegen Verkehrsunfallflucht und fahrl\u00e4ssiger K\u00f6rperverletzung verantworten m\u00fcssen.<\/p>\n\n\n\n<h2 class=\"wp-block-heading\">(Landau) &#8211; Eine Kontrolle, mehrere Verst\u00f6\u00dfe<\/h2>\n\n\n\n<p>Am 03.07.2024 wurde gegen 12:30 Uhr eine 32-j\u00e4hrige E-Scooter-Fahrerin in der Industriestra\u00dfe in Landau einer Verkehrskontrolle unterzogen. Im Rahmen der Kontrolle konnten Auff\u00e4lligkeiten hinsichtlich einer etwaigen Fahrunt\u00fcchtigkeit erkannt werden. Ein Vortest best\u00e4tigte den Verdacht, dieser reagierte positiv auf THC. Auf der Dienststelle wurde ihr eine Blutprobe entnommen. Weiterhin konnte festgestellt werden, dass das an dem E-Scooter angebrachte Versicherungskennzeichen eigentlich f\u00fcr einen anderen E-Scooter ausgegeben ist. Auch die Eigentumsverh\u00e4ltnisse des E-Scooters sind unklar, hier werden im Nachgang weitere Ermittlungen get\u00e4tigt. Der E-Scooter wurde daher sichergestellt. Die 32-J\u00e4hrige wird sich nun in diversen Strafverfahren verantworten m\u00fcssen.<\/p>\n\n\n\n<h2 class=\"wp-block-heading\">(Landau) &#8211; Fahrrad entwendet \/ Zeugen gesucht<\/h2>\n\n\n\n<p>Am 03.07.2024 stellte die 14-j\u00e4hrige Gesch\u00e4digte ihr Fahrrad Marke Cube gegen 8 Uhr in der Schneiderstra\u00dfe in Landau ab und sicherte dieses mittels Zahlenschloss an einem Fahrradb\u00fcgel. Gegen 13 Uhr musste sie feststellen, dass ihr Fahrrad durch unbekannte T\u00e4ter entwendet wurde. Ein Strafverfahren wurde eingeleitet und die polizeilichen Ermittlungen aufgenommen.<\/p>\n\n\n\n<ul>\n<li><strong>Die Polizei bittet Zeugen, die Hinweise zu der Tat oder dem T\u00e4ter geben k\u00f6nnen, sich per Email an\u00a0<a href=\"mailto:%20pilandau@polizei.rlp.de\">pilandau@polizei.rlp.de<\/a>\u00a0oder telefonisch unter 06341-287-0 bei der Polizeiinspektion Landau zu melden.<\/strong><\/li>\n<\/ul>\n\n\n\n<h2 class=\"wp-block-heading\">(A 65 \/ Edenkoben &#8211; W\u00f6rth) &#8211; Verdacht des illegalen Kraftfahrzeugrennen und Gef\u00e4hrdung des Stra\u00dfenverkehrs<\/h2>\n\n\n\n<p>Am 04.07.2024, gegen 16:15 Uhr befuhren zwei Porschefahrer die BAB65 im Bereich zwischen Edenkoben und Karlsruhe. Hierbei fielen diese aufgrund ihrer Fahrweise auf, sodass sie im Bereich W\u00f6rth einer Verkehrskontrolle unterzogen wurden. Es wurde bekannt, dass einer der beiden Fahrer, im Bereich Landau, einen PKW rechts \u00fcberholt und den Sicherheitsabstand mehrfach deutlich unterschritten haben soll. Des Weiteren sei der \u00fcberholte PKW Fahrer durch den Porschefahrer zum Abbremsen gezwungen worden, als sich dieser wieder vor ihn setze, um seine Fahrt mit hoher Geschwindigkeit in Richtung Karlsruhe fortzusetzen.<\/p>\n\n\n\n<ul>\n<li><strong>Zeugen, welche Angaben zu der Fahrweise der beiden Porschefahrer machen k\u00f6nnen, oder durch diese gef\u00e4hrdet wurden, werden gebeten, sich mit der Polizeiinspektion W\u00f6rth unter 07271-92210 oder per E-Mail unter\u00a0<a href=\"mailto:%20piwoerth@polizei.rlp.de\">piwoerth@polizei.rlp.de<\/a>\u00a0in Verbindung zu setzen.<\/strong><\/li>\n<\/ul>\n\n\n\n<h2 class=\"wp-block-heading\">(Edenkoben) &#8211; 12 Autofahrer zu schnell<\/h2>\n\n\n\n<p>In der 30er Zone in der Radeburgerstra\u00dfe waren Mittwochvormittag (03.07.2024, 11.30 Uhr bis 12.30 Uhr) 12 Autofahrer zu schnell. Der Schnellste wurde mit 46 km\/h gemessen. Alle mussten geb\u00fchrenpflichtig verwarnt werden.<\/p>\n\n\n\n<h2 class=\"wp-block-heading\">(Edenkoben) &#8211; Von der Stra\u00dfe abgekommen<a href=\"https:\/\/www.facebook.com\/sharer.php?u=https%3A%2F%2Fwww.presseportal.de%2Fblaulicht%2Fpm%2F117686%2F5815993%2F%3Futm_source%3Dfacebook%26utm_medium%3Dsocial\"><\/a><a href=\"https:\/\/twitter.com\/intent\/tweet?text=POL-PDLD%3A%20Edenkoben%20-%20Von%20der%20Stra%C3%9Fe%20abgekommen&amp;url=https%3A%2F%2Fwww.presseportal.de%2Fblaulicht%2Fpm%2F117686%2F5815993%2F%3Futm_source%3Dtwitter%26utm_medium%3Dsocial&amp;hashtags=ots&amp;lang=de\"><\/a><a href=\"https:\/\/web.whatsapp.com\/send?text=POL-PDLD%3A%20Edenkoben%20-%20Von%20der%20Stra%C3%9Fe%20abgekommen%0A%0Ahttps%3A%2F%2Fwww.presseportal.de%2Fblaulicht%2Fpm%2F117686%2F5815993%2F%3Futm_source%3Dwhatsapp%26utm_medium%3Dsocial\"><\/a><a href=\"https:\/\/www.xing.com\/app\/user?op=share;url=https%3A%2F%2Fwww.presseportal.de%2Fblaulicht%2Fpm%2F117686%2F5815993%2F%3Futm_source%3Dxing%26utm_medium%3Dsocial\"><\/a><a href=\"http:\/\/www.linkedin.com\/shareArticle?mini=true&amp;url=https%3A%2F%2Fwww.presseportal.de%2Fblaulicht%2Fpm%2F117686%2F5815993%2F%3Futm_source%3Dlinkedin%26utm_medium%3Dsocial&amp;title=POL-PDLD%3A+Edenkoben+-+Von+der+Stra%C3%9Fe+abgekommen\"><\/a><a href=\"mailto:?subject=POL-PDLD%3A%20Edenkoben%20-%20Von%20der%20Stra%C3%9Fe%20abgekommen&amp;body=https:\/\/www.presseportal.de\/blaulicht\/pm\/117686\/5815993\"><\/a><\/h2>\n\n\n<div class=\"wp-block-image\">\n<figure class=\"aligncenter\"><a href=\"https:\/\/cache.pressmailing.net\/thumbnail\/story_hires\/bf9cf0e5-7dc6-4378-85e6-f21a22c4db58\/UnfallmitLeichtkraftrad.JPG.jpg\"><img decoding=\"async\" src=\"https:\/\/cache.pressmailing.net\/thumbnail\/story_big\/bf9cf0e5-7dc6-4378-85e6-f21a22c4db58\/pol-pdld-edenkoben-von-der-stra-e-abgekommen\" alt=\"POL-PDLD: Edenkoben - Von der Stra\u00dfe abgekommen\"\/><\/a><\/figure><\/div>\n\n\n<p>Gegen 8 Uhr kam es am Mittwochmorgen (03.07.2024) auf der K 31 zwischen Edenkoben und Edesheim zu einem Unfall, bei dem sich ein 17 Jahre alter Fahrer eines Leichtkraftrads verletzte. In einer Linkskurve verlor er vermutlich aufgrund nicht angepasster Geschwindigkeit die Kontrolle \u00fcber sein Zweirad, rutschte \u00fcber die Fahrbahn in die angrenzende Gr\u00fcnfl\u00e4che und zog sich Hautabsch\u00fcrfungen an Armen und Beinen zu. Mit dem Rettungswagen kam der junge Mann vorsichtshalber in ein Krankenhaus. Sein Kraftrad war nicht mehr fahrbereit und wurde abgeschleppt.<\/p>\n\n\n\n<h2 class=\"wp-block-heading\">(Edenkoben) &#8211; Aufbruch einer Vitrine<\/h2>\n\n\n\n<p>Ein Unbekannter hat in der Nacht zum Mittwoch (Tatzeit 03.07.224, ca. 3 Uhr) eine Vitrine eines Brillengesch\u00e4fts in der Weinstra\u00dfe aufgebrochen und daraus Brillengestelle und Uhren entwendet. Die Gesamtschadensh\u00f6he liegt bei \u00fcber 1.500 Euro. <\/p>\n\n\n\n<ul>\n<li><strong>Hinweise zu dem Unbekannten nimmt die Polizei Edenkoben unter der Telefonnummer 06323 9550 entgegen.<\/strong><\/li>\n<\/ul>\n\n\n\n<h2 class=\"wp-block-heading\">(Edenkoben) &#8211; Einbruch in Sportschule<\/h2>\n\n\n\n<p>Unbekannte sind in der Nacht von Dienstag auf Mittwoch (TZ: 02.07.2024 bis 03.07.2024) in zwei Garagen der Sportschule in der Villastra\u00dfe eingebrochen und haben Ger\u00e4te im Gesamtwert von \u00fcber 3.000 Euro entwendet. Von den Einbrechern fehlt bislang jede Spur. <\/p>\n\n\n\n<ul>\n<li><strong>Hinweise zu den Unbekannten nimmt die Polizei Edenkoben unter der Telefonnummer 06323 9550 entgegen.<\/strong><\/li>\n<\/ul>\n\n\n\n<h2 class=\"wp-block-heading\">(Ludwigshafen) &#8211; Schwere r\u00e4uberische Erpressung in Tankstelle \/ Zeugenaufruf<\/h2>\n\n\n<div class=\"wp-block-image\">\n<figure class=\"aligncenter size-large\"><img decoding=\"async\" loading=\"lazy\" width=\"1024\" height=\"941\" src=\"https:\/\/speyer24news.com\/wp-content\/uploads\/2020\/07\/Maskierter-T\u00e4ter-1024x941-1024x941.jpg\" alt=\"\" class=\"wp-image-28719\" srcset=\"https:\/\/speyer24news.com\/wp-content\/uploads\/2020\/07\/Maskierter-T\u00e4ter-1024x941.jpg 1024w, https:\/\/speyer24news.com\/wp-content\/uploads\/2020\/07\/Maskierter-T\u00e4ter-1024x941-300x276.jpg 300w, https:\/\/speyer24news.com\/wp-content\/uploads\/2020\/07\/Maskierter-T\u00e4ter-1024x941-768x706.jpg 768w\" sizes=\"(max-width: 1024px) 100vw, 1024px\" \/><figcaption class=\"wp-element-caption\">Symbolbild \u00dcberfall \/ Zeugen gesucht, dient lediglich der Visualisierung<\/figcaption><\/figure><\/div>\n\n\n<p>Ein maskierter T\u00e4ter betrat am 04.07.2024 gegen 13:40 Uhr den Verkaufsraum der Tankstelle in der Maudacher Stra\u00dfe 289 in Ludwigshafen und forderte unter Vorhalt eines Messers von den zu diesem Zeitpunkt anwesenden Mitarbeitern die Herausgabe von Bargeld. Anschlie\u00dfend floh er mit dem Raubgut zu Fu\u00df in Richtung Leininger Stra\u00dfe. Bei der Tat wurde niemand verletzt. <\/p>\n\n\n\n<h4 class=\"wp-block-heading\">Die Beschreibung des T\u00e4ters ist wie folgt: <\/h4>\n\n\n\n<ul>\n<li><strong>Dunkle Kleidung<\/strong><\/li>\n\n\n\n<li><strong>schwarze Sturmhaube<\/strong><\/li>\n\n\n\n<li><strong>ca. 180 cm gro\u00df<\/strong><\/li>\n\n\n\n<li><strong>normale Statur<\/strong><\/li>\n\n\n\n<li><strong>vermutlich westeurop\u00e4ischer Ph\u00e4notyp<\/strong><\/li>\n<\/ul>\n\n\n\n<ul>\n<li><strong>Wer hat den T\u00e4ter bei der Tat bzw. auf seiner Flucht gesehen? Hinweise bitte an die Kriminalpolizei in Ludwigshafen, Telefon 0621 963-2773 oder per E-Mail unter\u00a0<a href=\"mailto:%20kdludwigshafen.ki3.k31@polizei.rlp.de\">kdludwigshafen.ki3.k31@polizei.rlp.de<\/a>.<\/strong><\/li>\n<\/ul>\n\n\n\n<h2 class=\"wp-block-heading\">(Ludwigshafen) -Verkehrsunfallflucht \/ Zeugen gesucht<\/h2>\n\n\n\n<p>Am Mittwoch (03.07.2024), zwischen 19:03 und 19:30 Uhr, streifte ein bislang unbekanntes Fahrzeug einen geparkten BMW X1 auf einem Supermarktparkplatz in der Oppauer Stra\u00dfe. Anschlie\u00dfend entfernte sich der Unfallverursacher ohne sich um den entstandenen Schaden von 1.000 Euro zu k\u00fcmmern. <\/p>\n\n\n\n<ul>\n<li><strong>Wer hat den Verkehrsunfall beobachtet? Hinweise bitte an die Polizeiinspektion Ludwigshafen 2, Telefonnummer 0621 963-2222 oder per E-Mail\u00a0<a href=\"mailto:%20piludwigshafen2@polizei.rlp.de\">piludwigshafen2@polizei.rlp.de<\/a>\u00a0.<\/strong><\/li>\n<\/ul>\n\n\n\n<h2 class=\"wp-block-heading\">(Ludwigshafen) &#8211; Verkehrsunfall mit zwei verletzten Radfahrerinnen<\/h2>\n\n\n\n<p>Am Mittwoch (03.07.2024), gegen 15.30 Uhr kam es im Bereich Friesenheimer Stra\u00dfe und Langgartenstra\u00dfe zu einem Verkehrsunfall mit zwei verletzen Radfahrerinnen. Zwei Pkw wollten nach rechts abbiegen, als zwei Radfahrinnen, beide 13 Jahre alt, von links kamen. Die vordere 39-j\u00e4hrige Pkw-Fahrerin bremste ab, wurde jedoch vom einer hinter ihr fahrenden 35-j\u00e4hrigen Pkw-Fahrerin aufgeschoben, wodurch es zu einem Zusammensto\u00df mit den Radfahrerinnen kam. Beide st\u00fcrzten zu Boden und verletzten sich hierbei leicht.<\/p>\n\n\n\n<h2 class=\"wp-block-heading\">(Ludwigshafen) &#8211; Versuchter Einbruch \/ Zeugen gesucht<\/h2>\n\n\n\n<p>Am Mittwoch (03.07.2024), zwischen 07:45 und 15:30 Uhr, versuchten Unbekannte vergeblich in eine Wohnung in einem Mehrfamilienhaus in der Pranckhstra\u00dfe einzubrechen.<\/p>\n\n\n\n<ul>\n<li><strong>Wer hat die Tat beobachtet oder kann Hinweise auf die T\u00e4ter geben? Hinweise bitte an die Polizeiinspektion Ludwigshafen 1, Telefonnummer 0621 963-2122 oder per E-Mail\u00a0<a href=\"mailto:%20piludwigshafen1@polizei.rlp.de\">piludwigshafen1@polizei.rlp.de<\/a>\u00a0.<\/strong><\/li>\n<\/ul>\n\n\n\n<h2 class=\"wp-block-heading\">(Ludwigshafen) &#8211; Diebstahl aus Fahrzeug \/ Zeugen gesucht<\/h2>\n\n\n\n<p>Zwischen Montag (01.07.2024), 18:00 Uhr und Dienstag (02.07.2024), 06:00 Uhr, entwendeten Unbekannte mehr als 3.000 Euro Bargeld aus einer in der Christine-Teusch-Anlage abgestellten Mercedes E-Klasse.<\/p>\n\n\n\n<ul>\n<li><strong>Wer hat die Tat beobachtet oder kann Hinweise auf die T\u00e4ter geben? Hinweise bitte an die Polizeiinspektion Ludwigshafen 1, Telefonnummer 0621 963-2122 oder per E-Mail\u00a0<a href=\"mailto:%20piludwigshafen1@polizei.rlp.de\">piludwigshafen1@polizei.rlp.de<\/a>\u00a0.<\/strong><\/li>\n<\/ul>\n\n\n\n<h2 class=\"wp-block-heading\">(Mannheim) &#8211; Danksagung der Polizeipr\u00e4sidentin Ulrike Sch\u00e4fer nach dem Tod eines Polizeibeamten des Polizeipr\u00e4sidiums Mannheim<\/h2>\n\n\n\n<p>&#8222;Der Tod unseres Kollegen Rouven Laur w\u00e4hrend der Aus\u00fcbung seines Dienstes am 31. Mai 2024 auf dem Markplatz in Mannheim hat uns schmerzlich vor Augen gef\u00fchrt, welchen Gefahren unsere Kolleginnen und Kollegen jeden Tag aufs Neue in ihrem Arbeitsalltag ausgesetzt sind. Er war dort, um eine Versammlung und damit unser aller Meinungsfreiheit zu sch\u00fctzen. Noch immer ist der Verlust schwer zu ertragen und die Frage nach dem &#8222;Warum&#8220; wird bleiben.<\/p>\n\n\n\n<p>Im Rahmen einer Trauerfeier konnten wir gemeinsam mit seinen Angeh\u00f6rigen von ihm Abschied nehmen.<\/p>\n\n\n\n<p>Viele B\u00fcrgerinnen und B\u00fcrger haben in den vergangenen Wochen uns gegen\u00fcber ihr Beileid ausgedr\u00fcckt. Das Polizeipr\u00e4sidium Mannheim erreichten tausende Nachrichten und Briefe. Ich m\u00f6chte diese Gelegenheit nutzen, mich auch im Namen meiner Kolleginnen und Kollegen bei allen f\u00fcr die Blumen, die Sie am Markplatz abgelegt haben, f\u00fcr den Applaus, den Sie uns gespendet haben und f\u00fcr die vielen tr\u00f6stenden Worte, die Sie uns geschrieben haben, zu bedanken. Die Vielzahl der Schreiben macht es unm\u00f6glich, jeder oder jedem Einzelnen pers\u00f6nlich Danke zu sagen, weshalb ich nun in dieser Form meinen Dank an Sie alle richten m\u00f6chte.<\/p>\n\n\n\n<p>Dar\u00fcber hinaus hat uns der polizeiliche Alltag mit all seinen Herausforderungen leider sehr schnell wieder eingeholt. Meine Kolleginnen und Kollegen mussten unmittelbar in den Tagen nach der Tat wieder zur\u00fcck in das Einsatzgeschehen und sch\u00fctzten dabei unter anderem auf mehreren Versammlungen wieder unser aller Meinungsfreiheit. Dies werden Sie auch weiterhin tun. Sicher immer auch mit einem Gedanken an Rouven Laur, #einen von uns.&#8220;<\/p>\n\n\n\n<h2 class=\"wp-block-heading\">(Mannheim) &#8211; Betrunkener Autofahrer landet im Gleisbett<\/h2>\n\n\n\n<p>Am Donnerstag gegen 00:45 Uhr fuhr ein 31-j\u00e4hriger Audi-Fahrer die Friedrich-Ebert-Stra\u00dfe entlang. Im Einm\u00fcndungsbereich zur Lange R\u00f6tterstra\u00dfe kam der 31-J\u00e4hrige nach links von der Fahrbahn ab und fuhr in das Schottergleisbett der Stra\u00dfenbahngleise hinein. Verletzt wurde niemand. Durch das Aufsetzen des Fahrzeugs auf dem Gleisk\u00f6rper wurden der Unterboden sowie die vordere Sto\u00dfstange des Audi besch\u00e4digt. Der Sachschaden wird auf ca. 2.000 Euro gesch\u00e4tzt. Das Fahrzeug musste abgeschleppt werden. Am Gleisbett entstand lediglich ein geringf\u00fcgiger Schaden. Die genaue Schadensh\u00f6he kann noch nicht genau genannt werden. Die mit der Unfallaufnahme beauftragte Polizeistreife des Polizeireviers Mannheim-Neckarstadt stellte bei dem Mann deutlichen Alkoholgeruch fest. Ein Atemalkoholtest best\u00e4tigte den Verdacht mit einem Wert von knapp 1,6 Promille. Wie sich au\u00dferdem herausstellte, war der 31-J\u00e4hrige aufgrund eines Fahrverbotes nicht im Besitz eines F\u00fchrerscheins. F\u00fcr die weiteren strafprozessualen Ma\u00dfnahmen musste der Audi-Fahrer die Beamten mit auf das Polizeirevier begleiten, wo ihm eine Blutprobe sowie der Fahrzeugschl\u00fcssel abgenommen wurden. Den Heimweg durfte der Mann zu Fu\u00df antreten.<\/p>\n\n\n\n<h2 class=\"wp-block-heading\">(Mannheim \/ Hockenheim) &#8211; 29-j\u00e4hriger Tatverd\u00e4chtiger wegen des Verdachts des bewaffneten Handeltreibens mit Cannabis in nicht geringer Menge u.a. in Untersuchungshaft<\/h2>\n\n\n\n<h3 class=\"wp-block-heading\">Gemeinsame Pressemitteilung der Staatsanwaltschaft Mannheim und des Polizeipr\u00e4sidiums Mannheim<\/h3>\n\n\n<div class=\"wp-block-image\">\n<figure class=\"aligncenter size-full\"><img decoding=\"async\" loading=\"lazy\" width=\"800\" height=\"533\" src=\"https:\/\/speyer24news.com\/wp-content\/uploads\/2020\/06\/Zelle.jpg\" alt=\"\" class=\"wp-image-28203\" srcset=\"https:\/\/speyer24news.com\/wp-content\/uploads\/2020\/06\/Zelle.jpg 800w, https:\/\/speyer24news.com\/wp-content\/uploads\/2020\/06\/Zelle-300x200.jpg 300w, https:\/\/speyer24news.com\/wp-content\/uploads\/2020\/06\/Zelle-768x512.jpg 768w\" sizes=\"(max-width: 800px) 100vw, 800px\" \/><figcaption class=\"wp-element-caption\">Beispielbild Zelle \/ Verhaftung, dient lediglich der Visualisierung<\/figcaption><\/figure><\/div>\n\n\n<p>Auf Antrag der Staatsanwaltschaft Mannheim wurde gegen einen 29-J\u00e4hrigen Haftbefehl erlassen, der im dringenden Verdacht steht, u.a. mit Cannabis in nicht geringer Menge Handel getrieben und hierbei eine scharfe Schusswaffe mit sich gef\u00fchrt zu haben.<\/p>\n\n\n\n<p>Am 03.07.2024 gegen 01:39 Uhr soll der Tatverd\u00e4chtige die Casterfeldstra\u00dfe in deutlich erkennbaren Schlangenlinien entlanggefahren und mehrfach mit dem Bordstein zum mittig verlaufenden Gleisbett sowie einer Warnbake kollidiert sein, weshalb er durch eine Polizeistreife einer Verkehrskontrolle unterzogen werden sollte. Nachdem der Tatverd\u00e4chtige zun\u00e4chst sein Fahrzeug gestoppt habe, soll er dann mit deutlich \u00fcberh\u00f6hter Geschwindigkeit vor den Polizeibeamten in Richtung Hockenheim gefl\u00fcchtet sein, die dessen Verfolgung aufnahmen. Erst nach einer Fahrt von 17 km stellte der Tatverd\u00e4chtige sein Fahrzeug in Hockenheim ab und fl\u00fcchtete zu Fu\u00df in ein nahegelegenes Anwesen, indem er wenig sp\u00e4ter festgenommen werden konnte. Bei der Festnahme des 29-J\u00e4hrigen wurde in dessen Zugriffsbereich eine mit zwei scharfen Patronen geladene scharfe Schusswaffe und circa 200 Gramm Marihuana aufgefunden, das zum gewinnbringenden Weiterverkauf bestimmt gewesen sein soll. \u00dcberdies soll der Tatverd\u00e4chtige in seinem Fahrzeug ein Jagdmesser zugriffsbereit mit sich gef\u00fchrt haben. Bei den anschlie\u00dfenden Durchsuchungsma\u00dfnahmen in der Wohnung des 29-J\u00e4hrigen in Hockenheim konnten die Polizeibeamten zudem unter anderem ein verbotenes Faustmesser und 259 Gramm Amphetamin sicherstellen, das ebenfalls zum gewinnbringenden Weiterverkauf bestimmt gewesen sein soll.<\/p>\n\n\n\n<p>Weitere Ermittlungen ergaben, dass der Tatverd\u00e4chtige w\u00e4hrend der Flucht unter dem Einfluss berauschender Mittel stand.<\/p>\n\n\n\n<p>Der Tatverd\u00e4chtige wurde am 03. Juli 2024 dem Haftrichter am Amtsgericht Mannheim vorgef\u00fchrt, der den von der Staatsanwaltschaft Mannheim beantragten Haftbefehl wegen Fluchtgefahr und Verdunkelungsgefahr erlie\u00df und in Vollzug setzte. Anschlie\u00dfend wurde der Tatverd\u00e4chtige in eine Justizvollzugsanstalt gebracht.<\/p>\n\n\n\n<p>Die Ermittlungen der Staatsanwaltschaft Mannheim und des Polizeipr\u00e4sidiums Mannheim dauern an.<\/p>\n\n\n\n<h2 class=\"wp-block-heading\">(Ilvesheim \/ Rhein-Neckar-Kreis) &#8211; Einbruch in Wohnhaus<\/h2>\n\n\n\n<p>Am Mittwoch, in der Zeit zwischen 12:50 Uhr und 16:45 Uhr, verschaffte sich ein bisher unbekannter T\u00e4ter Zutritt in ein Einfamilienhaus in der Uhlandstra\u00dfe. Durch das Einschlagen der Terrassent\u00fcr gelangte der oder die T\u00e4terin in das Innere des Wohnanwesens. Im Inneren durchw\u00fchlte der oder die Unbekannte mehrere Schr\u00e4nke. Ob etwas entwendet wurde, ist Gegenstand der laufenden Ermittlungen. Die Ermittlungsgruppe Eigentum der Kriminalpolizeidirektion Heidelberg hat sich unter Beteiligung der zentralen Kriminaltechnik dem Fall angenommen. <\/p>\n\n\n\n<ul>\n<li><strong>Zeugen, welche verd\u00e4chtige Personen in Tatortn\u00e4he beobachten konnten oder sonstige sachdienliche Hinweise geben k\u00f6nnen, werden gebeten, sich unter Tel.: 0621\/174-4444 mit den Ermittlerinnen und Ermittlern in Verbindung zu setzen.<\/strong><\/li>\n<\/ul>\n\n\n\n<h2 class=\"wp-block-heading\">(Ketsch \/ Rhein-Neckar-Kreis) &#8211; Unfall auf A6 mit beteiligtem LKW<\/h2>\n\n\n\n<h3 class=\"wp-block-heading has-text-align-center\">Pressemeldung Nr. 3<\/h3>\n\n\n\n<p>Nachdem es am Mittwoch gegen 13:17 Uhr auf der A6 bei Ketsch zu einem Verkehrsunfall zwischen einem Auto und einem LKW kam, konnte der Unfallhergang zwischenzeitlich gekl\u00e4rt werden. Der 27-j\u00e4hrige Fahrer eines VWs war in Fahrtrichtung Mannheim unterwegs, als er aufgrund von Unachtsamkeit nicht bemerkte, dass der vorausfahrende Verkehr ins Stocken geriet. Er versuchte noch, dem Stauende auszuweichen, kollidierte jedoch mit dem Heck eines 3,5-Tonners und wurde nach links in die Betonleitwand abgewiesen. Letztlich kam er auf der linken Fahrspur zum Stillstand. Der VW-Fahrer sowie der 60-j\u00e4hrige Fahrer des Klein-LKWs wurden durch die Kollision leicht verletzt. Vorsorglich wurde der 27-J\u00e4hrige durch den Rettungsdienst in ein Krankenhaus gebracht. Aufgrund umherliegender Tr\u00fcmmerteile musste die Fahrbahn voll gesperrt werden. Der Verkehr wurde \u00fcber den dortigen Rastplatz an der Unfallstelle vorbeigeleitet. Der VW musste abgeschleppt werden. Es entstand ein Gesamtschaden in H\u00f6he von etwa 25.000 Euro.<\/p>\n\n\n\n<h2 class=\"wp-block-heading\">(A 6 \/ Mannheim FR Heilbronn) &#8211; Unfall zwischen Dreieck Hockenheim und Kreuz Walldorf<\/h2>\n\n\n\n<p>Aktuell kommt es auf der BAB 6 zum Einsatz von Polizei und Rettungsdiensten. Der rechte Fahrstreifen ist zum Zwecke der Unfallaufnahme gesperrt.<\/p>\n\n\n\n<p>\u00dcber den Unfallhergang und etwaige Verletzte liegen noch keine Informationen vor. (<em>04.07.2024 \u2013 14:52<\/em>)<\/p>\n\n\n\n<h3 class=\"wp-block-heading has-text-align-center\">Pressemitteilung Nr. 2<\/h3>\n\n\n\n<p>Wie bereits berichtet,\u00a0<a href=\"https:\/\/www.presseportal.de\/blaulicht\/pm\/14915\/5816344\" target=\"_blank\" rel=\"noreferrer noopener\">www.presseportal.de\/blaulicht\/pm\/14915\/5816344<\/a>, kam es am 04.07.2024 gegen 14:30 Uhr zu einem Verkehrsunfall, bei dem der rechte Fahrstreifen in Richtung Heilbronn gesperrt werden musste. Nach derzeitigem Stand der Unfallermittlung kam ein 53-J\u00e4hriger Fahrer eines PKW Skoda von der A61 kommend auf die BAB6. Aufgrund nicht angepasster Geschwindigkeit bei regennasser Fahrbahn, kam der Fahrzeugf\u00fchrer mit seinem PKW ins Schleudern, prallte gegen die Leitplanke rechtsseitig des Seitenstreifens, woraufhin ein 40-J\u00e4hriger Fahrer eines PKW VW nicht mehr rechtzeitig bremsen konnte und dem Skoda auffuhr. Aufgrund des starken Zusammenpralles wurde sowohl der Fahrer des Skoda, als auch der Fahrer des VW vorsorglich zur weiteren Untersuchung in ein nahegelegenes Krankenhaus verbracht. An den beiden Fahrzeugen, welche nach dem Unfall nicht mehr fahrbereit waren, entstand ein Gesamtschaden von ca. 35.000,- Euro, der Schaden an der Leitplanke wird auf ca. 5.000,- Euro gesch\u00e4tzt. Durch den Unfall und die anschlie\u00dfende Unfallaufnahme bzw. Fahrbahnreinigung und die erforderlichen Abschleppvorg\u00e4nge war der rechten Fahrstreifen von 14:47 Uhr bis 16:14 Uhr gesperrt. Hierdurch entstand zwischenzeitlich bis zu 3km R\u00fcckstau. Dieser l\u00f6ste sich jedoch, nachdem die Fahrbahn ger\u00e4umt und wieder freigegeben war, schnell auf.<\/p>\n\n\n\n<h2 class=\"wp-block-heading\">(A 6 \/ AK Walldorf \/ Rhein-Neckar-Kreis) &#8211; Betrunken Unfall verursacht und dann gefl\u00fcchtet \/ Zeugenaufruf<\/h2>\n\n\n\n<p>Am Mittwochabend gegen 20:10 Uhr meldeten aufmerksame Zeugen auf der BAB 6 in H\u00f6he St. Leon-Rot in Fahrtrichtung Mannheim einen wei\u00dfen BMW, welcher auf eine Schutzplanke gefahren sei. Der BMW soll dann wieder r\u00fcckw\u00e4rts von dieser runtergefahren und in Richtung Hockenheim gefl\u00fcchtet sein. Die Leitplanke und das Fahrzeug sollen durch die Kollision ebenfalls stark besch\u00e4digt worden. Im weiteren Verlauf der Flucht soll der BMW-Fahrer zudem noch einen Lkw-Fahrer geschnitten bzw. gen\u00f6tigt haben und seine Flucht unbeirrt auf der BAB 6 fortgef\u00fchrt haben. Dies meldete ein weiterer Zeuge \u00fcber Notruf. Der BMW-Fahrer wurde schlussendlich durch eine zuf\u00e4llig vorbeifahrende Besatzung eines Rettungswagens in einem Waldweg im Bereich der Hockenheimer Stra\u00dfe in Fahrtrichtung Schwetzingen festgestellt. Der vermeintliche 43-j\u00e4hrige Fahrzeugf\u00fchrer stand zu diesem Zeitpunkt neben dem stark unfallbesch\u00e4digten BMW. Durch die hinzugerufene Streife des Verkehrsdienstes Heidelberg, Au\u00dfenstelle Walldorf, wurde unmittelbar Alkoholgeruch, ausgehend von dem BMW-Fahrer, festgestellt. Ein durchgef\u00fchrter Alkoholtest ergab einen Wert von \u00fcber 2 Promille. Da nicht ausgeschlossen werden konnte, dass der 43-J\u00e4hrige sich bei dem Unfall verletzt haben k\u00f6nnte, wurde er vorsorglich in ein nahegelegenes Krankenhaus gebracht. Im Krankenhaus wurde ihm dann aufgrund des Promillewertes Blut abgenommen. Auch wurde der F\u00fchrerschein einbehalten.<\/p>\n\n\n\n<p>Wie hoch der Gesamtsachschaden ist, kann bislang noch nicht beziffert werden.<\/p>\n\n\n\n<ul>\n<li><strong>Die Verkehrsgruppe Bundesautobahn such nun im Rahmen der weiteren Ermittlungen weitere Zeugen bzw. Gesch\u00e4digte, die sich zum vorgenannten Sachverhalt \u00e4u\u00dfern k\u00f6nnen. Diese werden gebeten, sich unter der Tel.-Nr.: 06227-358260 zu melden.<\/strong><\/li>\n<\/ul>\n\n\n\n<h2 class=\"wp-block-heading\">(Walldorf \/ Rhein-Neckar-Kreis) &#8211; Unfall zwischen Pkw und Radfahrer im Kreisverkehr<\/h2>\n\n\n\n<p>Am fr\u00fchen Mittwochmorgen um 05:30 Uhr fuhr eine 33-j\u00e4hrige Daimler-Fahrerin die L 598 in n\u00f6rdliche Richtung. Im Weiteren beabsichtige die Fahrerin, den Kreisverkehr geradeaus in Richtung Norden zu befahren. Zeitgleich fuhr ein 35-j\u00e4hriger Radfahrer den querenden Feldweg und wollte den Kreisverkehr geradeaus in Richtung Hasso-Plattner-Ring entlangfahren. Beim Einfahren in den Kreisverkehr \u00fcbersah die Daimler-Fahrerin den bereits im Kreisverkehr befindlichen Radfahrer und kollidierte seitlich mit dem Fahrrad des Mannes. Er st\u00fcrzte und zog sich hierdurch schwere Verletzungen zu. Ein Krankenwagen brachte den 35-J\u00e4hrigen in ein Krankenhaus. Der durch den Unfall entstandene Sachschaden wird auf einen niedrigen vierstelligen Betrag gesch\u00e4tzt.<\/p>\n\n\n\n<h2 class=\"wp-block-heading\">(St. Leon-Rot \/ Rhein-Neckar-Kreis) &#8211; LKW verursacht stundenlange Vollsperrung<\/h2>\n\n\n\n<p>Am Mittwochabend gegen 20:15 Uhr verunfallte ein LKW-Fahrer am Autobahnkreuz Walldorf auf der Tangente, welche von der A6 aus Mannheim kommend auf die A5 in Richtung Karlsruhe f\u00fchrt. Der 32-j\u00e4hrige Fahrer geriet aus noch ungekl\u00e4rter Ursache im Kurvenbereich nach links in den Gr\u00fcnstreifen, kollidierte mit der Leitplanke und verlor die Kontrolle \u00fcber das Fahrzeug. Schlie\u00dflich kam er auf der Fahrbahn zum Stehen. Durch den Unfall wurde der Treibstofftank der Zugmaschine besch\u00e4digt, wonach eine erhebliche Menge Dieselkraftstoff in das Erdreich neben der Fahrbahn gelangte. Aufgrund der dadurch entstandenen Verunreinigung des Erdreichs mussten die betroffenen Erdschichten mittels eines Baggers abgetragen werden. W\u00e4hrend der Bergungs- und Baggerarbeiten war die Tangente bis 05:30 Uhr gesperrt. Der 32-j\u00e4hrige LKW-Fahrer musste vom Rettungsdienst in ein Krankenhaus gebracht werden, wo er station\u00e4r aufgenommen wurde. Ersten Sch\u00e4tzungen zufolge bel\u00e4uft sich der Sachschaden auf 110.000 Euro.<\/p>\n\n\n\n<h2 class=\"wp-block-heading\">(Reilingen \/ Rhein-Neckar-Kreis) &#8211; Pkw kommt von Fahrbahn ab und \u00fcberschl\u00e4gt sich<\/h2>\n\n\n\n<p>Am Mittwoch, gegen 15:15 Uhr befuhr eine 73-J\u00e4hrige Opel-Fahrerin die L 546 von St. Leon kommend in Richtung Reilingen. Auf H\u00f6he des Pendlerparkplatzes, welcher sich auf der gegen\u00fcberliegenden Fahrtrichtung befindet, geriet die Opel-Fahrerin aus noch nicht bekannten Gr\u00fcnden in den Gr\u00fcnstreifen, verlor die Kontrolle \u00fcber das Fahrzeug, fuhr weiter \u00fcber den angrenzenden Radweg und schleuderte in den dortigen Acker. Dort \u00fcberschlug sich das Fahrzeug. Gl\u00fccklicherweise befanden sich aufmerksame Zeugen vor Ort, welche der 73-J\u00e4hrigen aus dem Fahrzeug halfen. Sie wurde im Anschluss in ein nahegelegenes Krankenhaus gebracht um etwaige Verletzungen abzukl\u00e4ren. Das Fahrzeug wurde derma\u00dfen besch\u00e4digt, dass es sich um einen wirtschaftlichen Totalschaden handelt. Das Polizeirevier Hockenheim hat die Ermittlungen zum Unfallhergang aufgenommen.<\/p>\n\n\n\n<h2 class=\"wp-block-heading\">(Sinsheim \/ Rhein-Neckar-Kreis \/ Siegelsbach) &#8211; Stand der Ermittlungen im &#8222;Cold Case&#8220; Manuela Kreis<\/h2>\n\n\n\n<h3 class=\"wp-block-heading\">Gemeinsame Pressemitteilung der Staatsanwaltschaft Heidelberg und des Polizeipr\u00e4sidiums Mannheim<\/h3>\n\n\n\n<p>Im Ermittlungsverfahren wegen Mordes an der seit dem 13.09.1995 vermissten, damals 16-j\u00e4hrigen Manuela Kreis aus Siegelsbach (Landkreis Heilbronn) f\u00fchren Staatsanwaltschaft und Kriminalpolizeidirektion Heidelberg bereits seit mehreren Monaten erneut intensive Ermittlungen zur Aufkl\u00e4rung dieses &#8222;Cold Case&#8220;.<\/p>\n\n\n\n<p>Im April 2024 wurde auf verschiedenen Wegen an die \u00d6ffentlichkeit herangetreten, etwa indem Plakate mit Zeugenaufrufen ver\u00f6ffentlicht wurden und eine Belohnung in H\u00f6he von 5.000 Euro f\u00fcr Hinweise, die zur Aufkl\u00e4rung der Tat und Ermittlung des T\u00e4ters f\u00fchren k\u00f6nnen, ausgelobt wurde.<\/p>\n\n\n\n<p>In diesem Zusammenhang konnten so bislang 14 Hinweise aus der Bev\u00f6lkerung erlangt werden. Diese Hinweise gilt es nun im Detail zu \u00fcberpr\u00fcfen und akribisch aufzuarbeiten. Erschwerend wirkt sich dabei aus, dass ein Teil dieser Hinweise anonym gegeben wurde.<\/p>\n\n\n\n<p>Weiter wurden im Rahmen der kriminalpolizeilichen Ermittlungen zahlreiche Vernehmungen durchgef\u00fchrt. Ein dringender Tatverdacht gegen eine oder mehrere Personen liegt beim derzeitigen Ermittlungsstand jedoch nicht vor.<\/p>\n\n\n\n<p>Allerdings sind die Ermittlungen wegen des fast 29 Jahre zur\u00fcckliegenden T\u00f6tungsdelikts noch nicht abgeschlossen. Einerseits werden die vorhandenen objektiven Spuren mittels neuester wissenschaftlicher Methoden \u00fcberpr\u00fcft, aufgearbeitet und gegebenenfalls mit weiteren Spuren abgeglichen. Andererseits ergeben sich erfahrungsgem\u00e4\u00df regelm\u00e4\u00dfig weitere Ermittlungsans\u00e4tze im Rahmen der laufenden Hinweisaufarbeitung.<\/p>\n\n\n\n<h2 class=\"wp-block-heading\">(Neckargem\u00fcnd \/ Rhein-Neckar-Kreis) &#8211; Mehrere Fahrzeuge in &#8222;Am Hollmuthhang&#8220; zerkratzt \/ Weitere Zeugen und Gesch\u00e4digte gesucht<\/h2>\n\n\n\n<p>Am Mittwochabend im Zeitraum von 19 Uhr bis 21 Uhr soll eine 70-J\u00e4hrige eine Vielzahl von Fahrzeugen, mindestens 19, im Bereich der Stra\u00dfe &#8222;Am Hollmuthhang&#8220; mit einem bislang nicht n\u00e4her bekannten spitzen Gegenstand besch\u00e4digt haben. Eine aufmerksame Zeugin konnte die Seniorin dabei beobachten und alarmierte die Polizei. Die Tatverd\u00e4chtige konnte bei einer sofort eingeleiteten Fahndung im Bereich der Hauptstra\u00dfe angetroffen und vorl\u00e4ufig festgenommen werden. Da sie sich offenbar in einer psychischen Ausnahmesituation befand, wurde sie in einer psychiatrischen Einrichtung vorgestellt und dort aufgenommen.<\/p>\n\n\n\n<p>Der nach derzeitigem Stand der Ermittlungen bekannte Sachschaden betr\u00e4gt circa 20.000 Euro.<\/p>\n\n\n\n<ul>\n<li><strong>Das Polizeirevier Neckargem\u00fcnd hat nun die weiteren Ermittlungen \u00fcbernommen. In diesem Zusammenhang werden Zeugen und vor allem weitere Gesch\u00e4digte gebeten, sich direkt beim Polizeirevier Neckargem\u00fcnd, unter der Telefonnummer 06223\/ 9254-0, zu melden.<\/strong><\/li>\n<\/ul>\n\n\n\n<h2 class=\"wp-block-heading\">(Sch\u00f6nau \/ Rhein-Neckar-Kreis) &#8211; Pritschenwagen aufgebrochen und Werkzeug entwendet \/ Zeugen gesucht<\/h2>\n\n\n\n<p>In dem Zeitraum von Dienstagabend, 18:00 Uhr, bis Mittwochfr\u00fch, 06:30 Uhr, verschaffte sich eine bislang unbekannte T\u00e4terschaft gewaltsam Zutritt ins Innere eines Pritschenwagens, der auf einem Parkplatz im Sch\u00f6nf\u00e4rberweg abgestellt war. Die Unbekannten brachen die Schl\u00f6sser auf und schnitten ein Loch in die Plane des Pritschenaufbaus. Aus dem Innenraum des Pritschenaufbaus entwendeten die dreisten Diebe dann Werkzeug in H\u00f6he von 7.200 Euro. Der Sachschaden wird auf circa 2.000 Euro gesch\u00e4tzt.<\/p>\n\n\n\n<ul>\n<li><strong>Der Polizeirevier Neckargem\u00fcnd hat die weiteren Ermittlungen \u00fcbernommen und bittet in diesem Zusammenhang Zeugen, die sachdienliche Hinweise geben k\u00f6nnen, sich unter der Telefonnummer 06223-9254-0 zu melden.<\/strong><\/li>\n<\/ul>\n","protected":false},"excerpt":{"rendered":"<div class=\"mh-excerpt\"><p>Polizeimeldungen vom Donnerstag (04.07.2024) (Speyer) &#8211; Handtasche aus aufgebrochenem Spind entwendet, Zeugen gesucht Am Mittwoch, in der Zeit zwischen 15 &#8211; 16 Uhr, besuchte eine 21-j\u00e4hrige Frau ein Fitnessstudio in der Heinkelstra\u00dfe. Nach dem Ende <a class=\"mh-excerpt-more\" href=\"https:\/\/speyer24news.com\/?p=59612\" title=\"Polizeimeldungen Donnerstag (04.07.24)\">[&#8230;]<\/a><\/p>\n<\/div>","protected":false},"author":3,"featured_media":26162,"comment_status":"open","ping_status":"open","sticky":false,"template":"","format":"standard","meta":{"_monsterinsights_skip_tracking":false,"_monsterinsights_sitenote_active":false,"_monsterinsights_sitenote_note":"","_monsterinsights_sitenote_category":0,"footnotes":""},"categories":[15659],"tags":[7273,7243,7244,3614,13554,350,14537,15084,15267,14538,15361,702,61,2555,14113,6955,6986,6263,63,105,11150,6987,53,13540,16956,4683,14958,12967,102,13626,213,14325,14324,13553,13541,16955,2625,380],"aioseo_notices":[],"amp_enabled":true,"_links":{"self":[{"href":"https:\/\/speyer24news.com\/index.php?rest_route=\/wp\/v2\/posts\/59612"}],"collection":[{"href":"https:\/\/speyer24news.com\/index.php?rest_route=\/wp\/v2\/posts"}],"about":[{"href":"https:\/\/speyer24news.com\/index.php?rest_route=\/wp\/v2\/types\/post"}],"author":[{"embeddable":true,"href":"https:\/\/speyer24news.com\/index.php?rest_route=\/wp\/v2\/users\/3"}],"replies":[{"embeddable":true,"href":"https:\/\/speyer24news.com\/index.php?rest_route=%2Fwp%2Fv2%2Fcomments&post=59612"}],"version-history":[{"count":2,"href":"https:\/\/speyer24news.com\/index.php?rest_route=\/wp\/v2\/posts\/59612\/revisions"}],"predecessor-version":[{"id":59614,"href":"https:\/\/speyer24news.com\/index.php?rest_route=\/wp\/v2\/posts\/59612\/revisions\/59614"}],"wp:featuredmedia":[{"embeddable":true,"href":"https:\/\/speyer24news.com\/index.php?rest_route=\/wp\/v2\/media\/26162"}],"wp:attachment":[{"href":"https:\/\/speyer24news.com\/index.php?rest_route=%2Fwp%2Fv2%2Fmedia&parent=59612"}],"wp:term":[{"taxonomy":"category","embeddable":true,"href":"https:\/\/speyer24news.com\/index.php?rest_route=%2Fwp%2Fv2%2Fcategories&post=59612"},{"taxonomy":"post_tag","embeddable":true,"href":"https:\/\/speyer24news.com\/index.php?rest_route=%2Fwp%2Fv2%2Ftags&post=59612"}],"curies":[{"name":"wp","href":"https:\/\/api.w.org\/{rel}","templated":true}]}}