{"id":59620,"date":"2024-07-05T15:24:14","date_gmt":"2024-07-05T14:24:14","guid":{"rendered":"https:\/\/speyer24news.com\/?p=59620"},"modified":"2024-07-05T15:25:15","modified_gmt":"2024-07-05T14:25:15","slug":"polizeimeldungen-vom-freitag-05-07-2024","status":"publish","type":"post","link":"https:\/\/speyer24news.com\/?p=59620","title":{"rendered":"Polizeimeldungen Freitag (05.07.24)"},"content":{"rendered":"<style type=\"text\/css\">\r\n\t.ads_top_disp{}\r\n\t.ads_top_corner_disp{ float:left; margin:0px 10px 10px 0px; }\r\n\t.ads_first_p_disp{}\r\n\t.ads_bottom_disp{}\r\n\t<\/style>\n<h2 class=\"wp-block-heading\">Polizeimeldungen vom Freitag (05.07.2024)<\/h2>\n\n\n<div class=\"wp-block-image\">\n<figure class=\"aligncenter size-full\"><img decoding=\"async\" loading=\"lazy\" width=\"375\" height=\"500\" src=\"https:\/\/speyer24news.com\/wp-content\/uploads\/2022\/03\/Aktuelles-Polizeilogo.jpg\" alt=\"\" class=\"wp-image-43591\" srcset=\"https:\/\/speyer24news.com\/wp-content\/uploads\/2022\/03\/Aktuelles-Polizeilogo.jpg 375w, https:\/\/speyer24news.com\/wp-content\/uploads\/2022\/03\/Aktuelles-Polizeilogo-225x300.jpg 225w\" sizes=\"(max-width: 375px) 100vw, 375px\" \/><\/figure><\/div>\n\n\n<h2 class=\"wp-block-heading\">(Schifferstadt) &#8211; Schwer verletzte Fahrradfahrerin<\/h2>\n\n\n\n<p>Zu einem Verkehrsunfall mit einer schwer verletzten Person kam es am Donnerstagmorgen im Neust\u00fcckweg. Zuvor befuhr eine 49-j\u00e4hrige aus Schifferstadt mit ihrem Fahrrad den Neust\u00fcckweg und wollte in H\u00f6he der dortigen Kindertagesst\u00e4tte abbiegen. Hierbei \u00fcberholte sie ein 19-j\u00e4hriger aus Dannstadt-Schauernheim, der dort mit seinem Pkw fuhr. Es kam zur Kollision zwischen den beiden Verkehrsteilnehmern, bei der sich die Fahrradfahrerin schwere Verletzungen am Bein zuzog. Nach einer medizinischen Versorgung, auch durch die Luftrettung, wurde die 49-j\u00e4hrige in ein Ludwigshafener Krankenhaus verbracht. Am Fahrzeug des 19-j\u00e4hrigen entstand geringer Sachschaden. Der genaue Unfallhergang wird nun ermittelt. <\/p>\n\n\n\n<ul>\n<li><strong>Zeugen werden gebeten, sich unter der Telefonnummer 06235 \/ 495-0 oder per E-Mail (<a href=\"mailto:pischifferstadt@polizei.rlp.de\">pischifferstadt@polizei.rlp.de<\/a>) bei der Polizeiinspektion Schifferstadt zu melden.<\/strong><\/li>\n<\/ul>\n\n\n\n<h2 class=\"wp-block-heading\">(Altrip) &#8211; Verkehrskontrolle f\u00fchrt zur Festnahme eines bundesweit gesuchten T\u00e4ters<a href=\"https:\/\/www.facebook.com\/sharer.php?u=https%3A%2F%2Fwww.presseportal.de%2Fblaulicht%2Fpm%2F117687%2F5816684%2F%3Futm_source%3Dfacebook%26utm_medium%3Dsocial\"><\/a><a href=\"https:\/\/twitter.com\/intent\/tweet?text=POL-PDNW%3A%20ZVD%20Rheinpfalz%3A%20Verkehrskontrolle%20in%20Altrip%20f%C3%BChrt%20zur%20Festnahme%20eines%20bundesweit%20gesuchten%20T%C3%A4ters&amp;url=https%3A%2F%2Fwww.presseportal.de%2Fblaulicht%2Fpm%2F117687%2F5816684%2F%3Futm_source%3Dtwitter%26utm_medium%3Dsocial&amp;hashtags=ots&amp;lang=de\"><\/a><a href=\"https:\/\/web.whatsapp.com\/send?text=POL-PDNW%3A%20ZVD%20Rheinpfalz%3A%20Verkehrskontrolle%20in%20Altrip%20f%C3%BChrt%20zur%20Festnahme%20eines%20bundesweit%20gesuchten%20T%C3%A4ters%0A%0Ahttps%3A%2F%2Fwww.presseportal.de%2Fblaulicht%2Fpm%2F117687%2F5816684%2F%3Futm_source%3Dwhatsapp%26utm_medium%3Dsocial\"><\/a><a href=\"https:\/\/www.xing.com\/app\/user?op=share;url=https%3A%2F%2Fwww.presseportal.de%2Fblaulicht%2Fpm%2F117687%2F5816684%2F%3Futm_source%3Dxing%26utm_medium%3Dsocial\"><\/a><a href=\"http:\/\/www.linkedin.com\/shareArticle?mini=true&amp;url=https%3A%2F%2Fwww.presseportal.de%2Fblaulicht%2Fpm%2F117687%2F5816684%2F%3Futm_source%3Dlinkedin%26utm_medium%3Dsocial&amp;title=POL-PDNW%3A+ZVD+Rheinpfalz%3A+Verkehrskontrolle+in+Altrip+f%C3%BChrt+zur+Festnahme+eines+bundesweit+gesuchten+T%C3%A4ters\"><\/a><a href=\"mailto:?subject=POL-PDNW%3A%20ZVD%20Rheinpfalz%3A%20Verkehrskontrolle%20in%20Altrip%20f%C3%BChrt%20zur%20Festnahme%20eines%20bundesweit%20gesuchten%20T%C3%A4ters&amp;body=https:\/\/www.presseportal.de\/blaulicht\/pm\/117687\/5816684\"><\/a><\/h2>\n\n\n<div class=\"wp-block-image\">\n<figure class=\"aligncenter\"><a href=\"https:\/\/cache.pressmailing.net\/thumbnail\/story_hires\/461de7d9-0805-48e2-8978-bb0e5050cd4d\/IMG_0133.JPG.jpg\"><img decoding=\"async\" src=\"https:\/\/cache.pressmailing.net\/thumbnail\/story_big\/461de7d9-0805-48e2-8978-bb0e5050cd4d\/pol-pdnw-zvd-rheinpfalz-verkehrskontrolle-in-altrip-f-hrt-zur-festnahme-eines-bundesweit-gesuchten-t\" alt=\"POL-PDNW: ZVD Rheinpfalz: Verkehrskontrolle in Altrip f\u00fchrt zur Festnahme eines bundesweit gesuchten T\u00e4ters\"\/><\/a><\/figure><\/div>\n\n\n<p>Am Donnerstag, den 04.07.2024 f\u00fchrte der Schwerverkehrskontrolltrupp der Zentralen Verkehrsdienste Rheinpfalz (Polizeidirektion Neustadt) Abfalltransportkontrollen in den Gemeinden durch. Dabei wurde in Altrip ein Kastenwagen mit zwei m\u00e4nnlichen Personen angehalten, die ohne die erforderlichen Genehmigungen Schrott und Altmetalle sammelten. Die Insassen des Fahrzeugs konnten weder die erforderliche Sammlungsanzeige, noch die Bef\u00f6rderungsanzeige f\u00fcr eine ordnungsgem\u00e4\u00dfe Durchf\u00fchrung der beabsichtigten T\u00e4tigkeit vorweisen. Bei der \u00dcberpr\u00fcfung der Insassen in polizeilichen Systemen stellte sich heraus, dass der 43-j\u00e4hrige Beifahrer von insgesamt f\u00fcnf Staatsanwaltschaften in ganz Deutschland gesucht wurde. Die Ausschreibungen gegen ihn, die von Bayern bis Schleswig-Holstein reichten, bezogen sich auf mehrere Verm\u00f6gensdelikte. Zudem lag ein Haftbefehl gegen ihn vor, der nur durch die Zahlung eines vierstelligen Betrages abgewendet werden konnte. Dank der Ermittlung und Identifizierung des Gesuchten konnten in den vier weiteren Verfahren Verfahrenshindernisse beseitigt und Ermittlungsma\u00dfnahmen durchgef\u00fchrt werden. Der 43-j\u00e4hrige Mann hat nun auch in diesen Verfahren mit weiteren Sanktionen zu rechnen. Zudem wird gegen die beiden M\u00e4nner wegen Verst\u00f6\u00dfen gegen das Kreislaufwirtschaftsgesetz ermittelt. Die Zentralen Verkehrsdienste des Polizeipr\u00e4sidiums Rheinpfalz betonen die Wichtigkeit der Einhaltung gesetzlicher Bestimmungen beim Transport und der Entsorgung von Abfallstoffen und weist darauf hin, dass solche Kontrollen auch in Zukunft verst\u00e4rkt durchgef\u00fchrt werden.<\/p>\n\n\n\n<h2 class=\"wp-block-heading\">(Hochdorf-Assenheim) &#8211; Flucht gescheitert<\/h2>\n\n\n\n<p>In der Nacht von Donnerstag auf Freitag, gegen 03:45 Uhr, sollte der Fahrer eines Kleinkraftrades auf der K18 einer Verkehrskontrolle unterzogen werden, der sich dieser aber zun\u00e4chst durch Flucht entziehen wollte. Kurze Zeit sp\u00e4ter konnte dann ein 15-j\u00e4hriger aus Hochdorf-Assenheim stehend neben dem besagten Kleinkraftrad festgestellt und kontrolliert werden. Es stellte sich hierbei heraus, dass der Jugendliche nicht im Besitz einer notwendigen Fahrerlaubnis ist. Gegen ihn wird nun wegen des Fahrens ohne Fahrerlaubnis ermittelt. Nach Beendigung der polizeilichen Ma\u00dfnahmen wurde der 15-j\u00e4hrigen an einen Erziehungsberechtigten \u00fcberstellt.<\/p>\n\n\n\n<h2 class=\"wp-block-heading\">(L493&nbsp;\/ Herxheim) &#8211; Fahrbahn nach Unfall mit Schulbus gesperrt<\/h2>\n\n\n\n<p>Am 05.07.2024, gegen 08 Uhr, geriet ein Schulbus mit ca. 50 Schulkindern auf der L493 H\u00f6he Gewerbepark in Herxheim aus bislang ungekl\u00e4rter Ursache in den Gegenverkehr und stie\u00df frontal mit mehreren Fahrzeugen zusammen. Dabei wurden nach aktuellem Stand mehrere Personen leicht verletzt. Eine Unfallbeteiligte wurde vorsorglich mit dem Hubschrauber ins Krankenhaus verbracht. Die Gesamtschadensh\u00f6he liegt im niedrigen f\u00fcnfstelligen Bereich. Die Fahrbahn zwischen der L493 und der Auffahrt A65 ist aktuell in beide Fahrtrichtungen vollgesperrt. Wir berichten nach, sobald die Sperrung aufgehoben wird. Neben der Polizei sind auch Feuerwehr, DRK und die Stra\u00dfenmeisterei im Einsatz.<\/p>\n\n\n\n<h3 class=\"wp-block-heading has-text-align-center\">Nachtragsmeldung<\/h3>\n\n\n\n<p>Die Ermittlungen hinsichtlich der Unfallursache dauern an. Hierf\u00fcr wurde nach R\u00fccksprache mit der Staatsanwaltschaft Landau ein Gutachter hinzugezogen. Nach derzeitigem Ermittlungsstand wurden durch den Unfall elf Personen, davon sechs Schulkinder, gl\u00fccklicherweise lediglich leicht verletzt. Eine station\u00e4re Aufnahme im Krankenhaus war hierbei nicht erforderlich. Die Gesamtschadensh\u00f6he betr\u00e4gt circa 25.000 Euro. Die Unfallstelle ist mittlerweile ger\u00e4umt. Um 12:35 Uhr konnte die L493 wieder f\u00fcr den Verkehr freigegeben werden.<\/p>\n\n\n\n<h2 class=\"wp-block-heading\">(Herxheim) &#8211; Ohne F\u00fchrerschein erwischt<\/h2>\n\n\n\n<p>Am 04.07.2024 wurde gegen 10 Uhr ein 68-j\u00e4hriger VW-Fahrer in Herxheim in der Luitpoldstra\u00dfe einer Verkehrskontrolle unterzogen. Bei der Verkehrskontrolle stellte sich heraus, dass er schon seit 17 Jahren nicht mehr im Besitz einer g\u00fcltigen Fahrerlaubnis ist. Die Fahrzeugschl\u00fcssel wurden sichergestellt und die Weiterfahrt untersagt. Ein entsprechendes Strafverfahren wurde eingeleitet.<\/p>\n\n\n\n<h2 class=\"wp-block-heading\">(W\u00f6rth) &#8211; PKW Aufbruch<\/h2>\n\n\n\n<p>Donnerstagnacht wurde in der Stra\u00dfe &#8222;Im Abtsgr\u00fcndel&#8220; ein PKW aufgebrochen. Der Gesch\u00e4digte konnte insgesamt vier Jugendliche\/Heranwachsende bei der Tat beobachten, welche daraufhin fu\u00dfl\u00e4ufig die Flucht ergriffen. Die T\u00e4ter konnten im Rahmen einer Nahbereichsfahndung nicht mehr festgestellt werden.<\/p>\n\n\n\n<ul>\n<li><strong>Zeugen\/Hinweisgeber werden gebeten sich mit der Polizei in W\u00f6rth in Verbindung zu setzen.<\/strong><\/li>\n<\/ul>\n\n\n\n<h2 class=\"wp-block-heading\">(Kandel) &#8211; Patient l\u00f6st Brandalarm aus<\/h2>\n\n\n\n<p>Donnerstagmorgen r\u00fcckten Polizeikr\u00e4fte aufgrund eines Brandalarms in einem Krankenhaus aus. Vor Ort konnte kein Feuer und keine Rauchentwicklung festgestellt werden. Schnell wurde der Ausl\u00f6ser ausfindig gemacht. Ein Patient bespr\u00fchte sich etwas zu wild mit seinem Deospray, sodass durch die entstehende Wolke der Brandmelder im Zimmer ausl\u00f6ste. Der wohl duftende Verursacher entschuldigte sich bei den eingesetzten Kr\u00e4ften. Ob er f\u00fcr die Einsatzkosten aufkommen muss, wird derzeit gepr\u00fcft.<\/p>\n\n\n\n<h2 class=\"wp-block-heading\">(Schweigen-Rechtenbach) &#8211; Unbekannter Exhibitionist \/ Zeugen gesucht<\/h2>\n\n\n<div class=\"wp-block-image\">\n<figure class=\"aligncenter size-full\"><img decoding=\"async\" loading=\"lazy\" width=\"500\" height=\"1000\" src=\"https:\/\/speyer24news.com\/wp-content\/uploads\/2022\/10\/Exhibitionist.png\" alt=\"\" class=\"wp-image-49838\" srcset=\"https:\/\/speyer24news.com\/wp-content\/uploads\/2022\/10\/Exhibitionist.png 500w, https:\/\/speyer24news.com\/wp-content\/uploads\/2022\/10\/Exhibitionist-150x300.png 150w\" sizes=\"(max-width: 500px) 100vw, 500px\" \/><\/figure><\/div>\n\n\n<p>Am Donnerstag, 04.07.24, um 14:00 Uhr, hielt sich ein Mann am Zollheisel und am Penny-Markt &#8222;An der Schmalwiese&#8220; auf und lie\u00df sein m\u00e4nnliches Geschlechtsteil aus einem Loch in seiner dunklen Jogginghose h\u00e4ngen. <\/p>\n\n\n\n<ul>\n<li><strong>Der Mann sei dunkelhaarig, und habe einen dunklen Bart. <\/strong><\/li>\n\n\n\n<li><strong>Neben der dunklen Jogginghose habe er eine dunkle Kappe mit gelber Aufschrift und eine dunkle Jacke getragen.<\/strong><\/li>\n<\/ul>\n\n\n\n<ul>\n<li><strong>Wer hat die Tat beobachtet oder kann Hinweise auf den T\u00e4ter geben? Hinweise bitte an die Polizeiinspektion Bad Bergzabern, Telefonnummer 06343-93340 oder per E-Mail&nbsp;<a href=\"mailto:%20pibadbergzabern@polizei.rlp.de\">pibadbergzabern@polizei.rlp.de<\/a><\/strong><\/li>\n<\/ul>\n\n\n\n<h2 class=\"wp-block-heading\">(Bad Bergzabern) &#8211; Randalierer in Gewahrsam genommen<\/h2>\n\n\n<div class=\"wp-block-image\">\n<figure class=\"aligncenter size-full\"><img decoding=\"async\" loading=\"lazy\" width=\"800\" height=\"600\" src=\"https:\/\/speyer24news.com\/wp-content\/uploads\/2019\/06\/Ausn\u00fcchterungszelle.jpg\" alt=\"\" class=\"wp-image-15212\" srcset=\"https:\/\/speyer24news.com\/wp-content\/uploads\/2019\/06\/Ausn\u00fcchterungszelle.jpg 800w, https:\/\/speyer24news.com\/wp-content\/uploads\/2019\/06\/Ausn\u00fcchterungszelle-300x225.jpg 300w, https:\/\/speyer24news.com\/wp-content\/uploads\/2019\/06\/Ausn\u00fcchterungszelle-768x576.jpg 768w, https:\/\/speyer24news.com\/wp-content\/uploads\/2019\/06\/Ausn\u00fcchterungszelle-678x509.jpg 678w, https:\/\/speyer24news.com\/wp-content\/uploads\/2019\/06\/Ausn\u00fcchterungszelle-326x245.jpg 326w, https:\/\/speyer24news.com\/wp-content\/uploads\/2019\/06\/Ausn\u00fcchterungszelle-80x60.jpg 80w\" sizes=\"(max-width: 800px) 100vw, 800px\" \/><figcaption class=\"wp-element-caption\">Beispielbild Zelle \/ Verhaftung, dient lediglich der Visualisierung<\/figcaption><\/figure><\/div>\n\n\n<p>Am Freitagmorgen, 05.07.2024, gegen 10:25 Uhr, wurde die Polizei durch eine B\u00fcrgerin alarmiert, da eine auff\u00e4llige Person in der Weinstra\u00dfe unterwegs sei und Geb\u00e4ude bemalen w\u00fcrde. Zudem h\u00e4tte es bereits lautstarke Streitereien mit Passanten gegeben. Nach einer weiteren Meldung hielt sich die Person zwischenzeitlich im B\u00fcrgerb\u00fcro der Verbandsgemeindeverwaltung auf und verhielt sich auch dort aggressiv.<\/p>\n\n\n\n<p>Da er sich durch die Polizeikr\u00e4fte nicht beruhigen lie\u00df und sich in aggressiver Haltung auch gegen die Polizeikr\u00e4fte stellte, wurden der Person Handfesseln angelegt. Bei der Durchsuchung der Person fanden die Polizeibeamten ein St\u00fcck Kreide, mit welchem der Verantwortliche zuvor die Au\u00dfenwand der Sparkasse beschmiert hatte.<\/p>\n\n\n\n<p>Der 31-J\u00e4hrige aus dem Kreis S\u00fcdliche Weinstra\u00dfe stand augenscheinlich unter dem Einfluss berauschender Mittel und zeigte Verhaltensauff\u00e4lligkeiten. Er wurde nach richterlicher Best\u00e4tigung vor\u00fcbergehend in polizeilichen Gewahrsam genommen.<\/p>\n\n\n\n<h2 class=\"wp-block-heading\">(Landau) &#8211; THC positiv<\/h2>\n\n\n\n<p>Am 05.07.2024 wurde gegen 02:15 Uhr ein 21-j\u00e4hriger BMW-Fahrer in Landau in der Annweilerstra\u00dfe einer Verkehrskontrolle unterzogen. W\u00e4hrend der Kontrolle ergaben sich Anzeichen, die auf den Konsum von Bet\u00e4ubungsmitteln hindeuteten. Ein entsprechender Vortest best\u00e4tigte den Verdacht, dieser reagierte positiv auf THC. Die Weiterfahrt wurde untersagt und auf der Dienststelle eine Blutprobe entnommen. Er wird sich nun in einem Strafverfahren wegen Trunkenheit im Verkehr verantworten m\u00fcssen. Auch die F\u00fchrerscheinstelle wurde \u00fcber den Vorfall informiert.<\/p>\n\n\n\n<h2 class=\"wp-block-heading\">(Landau) &#8211; Zweir\u00e4der \u00fcbersehen<\/h2>\n\n\n\n<p>Gleich zu zwei Unf\u00e4llen kam es am 04.07.2024, bei denen Zweiradfahrer \u00fcbersehen und verletzt wurden.<\/p>\n\n\n\n<ul>\n<li>Der erste Unfall ereignete sich gegen 07:50 Uhr. Hierbei befuhr ein 56-j\u00e4hriger PKW-Fahrer den Westring in Fahrtrichtung Nordring und wollte nach links in die Badstra\u00dfe abbiegen. Hierbei \u00fcbersah er einen entgegenkommenden 45-j\u00e4hrigen Mofa-Fahrer und kollidierte mit diesem. Der Mofafahrer wurde durch den Unfall leicht verletzt.<\/li>\n\n\n\n<li>Der zweite Unfall ereignete sich gegen 10:40 Uhr. Hierbei befuhr eine 66-j\u00e4hrige PKW-Fahrerin den Nordring vom Westring kommend und wollte nach links in die Hindenburgstra\u00dfe abbiegen. Hierbei \u00fcbersah sie einen entgegenkommenden 25-j\u00e4hrigen Fahrradfahrer und kollidierte mit diesem. Der Fahrradfahrer wurde durch den Unfall ebenfalls leicht verletzt.<\/li>\n<\/ul>\n\n\n\n<p>In beiden F\u00e4llen wurden Strafverfahren wegen fahrl\u00e4ssiger K\u00f6rperverletzung eingeleitet.<\/p>\n\n\n\n<h2 class=\"wp-block-heading\">(Landau) &#8211; Trickdiebstahl \/ Zeugen gesucht<\/h2>\n\n\n\n<p>Am 04.07.2024 hob gegen 10 Uhr ein 51-J\u00e4hriger Bargeld an einem Geldautomaten in der Damm\u00fchlstra\u00dfe in Landau ab. Kurz danach wurde er von einem unbekannten T\u00e4ter angesprochen, ob er ihm Geld wechseln k\u00f6nne. Nach dem Wechselvorgang musste der Gesch\u00e4digte feststellen, dass ihm Geld aus dem Geldbeutel entwendet wurde. Die Schadensh\u00f6he liegt im mittleren dreistelligen Bereich. Ein Strafverfahren wurde eingeleitet und die polizeilichen Ermittlungen aufgenommen. <\/p>\n\n\n\n<ul>\n<li><strong>Die Polizei bittet Zeugen, die Hinweise zu der Tat oder dem T\u00e4ter geben k\u00f6nnen, sich per Email an&nbsp;<a href=\"mailto:%20pilandau@polizei.rlp.de\">pilandau@polizei.rlp.de<\/a>&nbsp;oder telefonisch unter 06341-287-0 bei der Polizeiinspektion Landau zu melden.<\/strong><\/li>\n<\/ul>\n\n\n\n<h2 class=\"wp-block-heading\">(Gleisweiler) &#8211; Wohnmobil aufgebrochen<\/h2>\n\n\n\n<p>Donnerstagmittag (TZ: 04.07.2024, 15.30 Uhr bis 17 Uhr) haben unbekannte T\u00e4ter in der Lindenallee ein Seitenfenster eines abgestellten Wohnmobils aufgebrochen. Dadurch konnte die Zugangst\u00fcr ge\u00f6ffnet werden, \u00fcber welche der oder die T\u00e4ter ins Innere gelangten. Der gesamte Innenraum wurde nach Wertgegenst\u00e4nden abgesucht. Ersten Ermittlungen zufolge wurden Digitalkamera, Jacken, Rucksack sowie eine Pfeife entwendet. Der Gesamtschaden liegt bei mehreren hundert Euro. Von den Unbekannten fehlt jede Spur. <\/p>\n\n\n\n<ul>\n<li><strong>Hinweise nimmt die Polizei Edenkoben unter der Telefonnummer 06323 9550 entgegen.<\/strong><\/li>\n<\/ul>\n\n\n\n<h2 class=\"wp-block-heading\">(Edenkoben) &#8211; Unter Amphetamin- und Alkoholeinfluss<\/h2>\n\n\n\n<p>Bei einer Verkehrskontrolle in der Staatsstra\u00dfe musste am Donnerstagabend (04.07.2024, 22 Uhr) ein 57 Jahre alter Autofahrer wegen stark zitternden H\u00e4nden, stecknadelgro\u00dfen Pupillen und einer Alkoholfahne einen Alkohol- und Drogenschnelltest durchf\u00fchren. Und weil der Test 0,4 Promille ergab bzw. positiv auf Amphetamin reagierte, wurde die Blutprobe angeordnet. Die Weiterfahrt wurde untersagt. Ein Strafverfahren gegen den Mann wurde eingeleitet.<\/p>\n\n\n\n<h2 class=\"wp-block-heading\">(L 514 \/ St. Martin) &#8211; Mit Wildschwein kollidiert<\/h2>\n\n\n\n<p>Am sp\u00e4ten Donnerstagabend (04.07.2024, 22 Uhr) kam es auf der Totenkopfstra\u00dfe bei St. Martin zu einem Verkehrsunfall, bei dem ein Wildschwein get\u00f6tet wurde. Ein 23 Jahre alter Autofahrer befuhr die L 514 vom Breitenstein kommend in Fahrtrichtung St. Martin, als das Tier die Stra\u00dfe queren wollte. Hierbei kam es zum Zusammensto\u00df, wobei am Fahrzeug des 23-J\u00e4hrigen Sachschaden entstanden ist. Tiere queren Verkehrswege ohne Vorwarnung &#8211; zu jeder Tages- und Nachtzeit. Darauf macht die Polizei aufmerksam und mahnt zur Vorsicht. Bei Fahrten durch Wald- und Wiesengebiete sollte besonders achtsam gefahren werden, um jederzeit bremsbereit zu sein. In diesem Jahr kam es im Zust\u00e4ndigkeitsbereich der Polizei Edenkoben bereits zu 117 Wildtierunf\u00e4llen.<\/p>\n\n\n\n<h2 class=\"wp-block-heading\">(Bad D\u00fcrkheim) &#8211; Stra\u00dfenbahnschranke besch\u00e4digt<\/h2>\n\n\n\n<p>Am Freitagmorgen, 05.07.2024 gegen 08:45 Uhr, befuhr eine 76-j\u00e4hrige Bad D\u00fcrkheimerin mit ihrem PKW die Verl\u00e4ngerung der Mannheimer Stra\u00dfe in Richtung A650. Aufgrund tief stehender Sonne \u00fcbersah sie hierbei die geschlossene Bahnschranke des Bahn\u00fcberganges der RNV. Folglich kam es zum Zusammensto\u00df zwischen dem PKW und der Bahnschranke. Am PKW entstand Sachschaden, sodass dieser nicht mehr fahrbereit war. Die Bahnschranke wurde durch den Zusammensto\u00df ebenfalls besch\u00e4digt. Gl\u00fccklicherweise wurde die Fahrzeugf\u00fchrerin durch den Verkehrsunfall nicht verletzt. Die 76-j\u00e4hrige erwartet nun ein Ordnungswidrigkeitenverfahren. Im Rahmen der Verkehrsunfallaufnahme erschien bereits ein Mitarbeiter der RNV vor Ort und nahm sich der besch\u00e4digten Bahnschranke an.<\/p>\n\n\n\n<h2 class=\"wp-block-heading\">(Bad D\u00fcrkheim) &#8211; E-Roller unter Drogeneinwirkung gef\u00fchrt \/ Haftbefehl vollstreckt<\/h2>\n\n\n\n<p>Am 04.07.2024 gegen 14:00 Uhr konnte in der Maxburgstra\u00dfe in Bad D\u00fcrkheim die Fahrerin eines E-Rollers einer Verkehrskontrolle unterzogen werden, die augenscheinlich unter dem Einfluss von Bet\u00e4ubungsmitteln stand. W\u00e4hrend der Kontrolle konnten die Polizeibeamten drogentypische Ausfallerscheinungen feststellen. Ein durchgef\u00fchrter Drogenvortest reagierte positiv auf Amphetamin. Ihr wurde eine Blutprobe entnommen und der Roller pr\u00e4ventiv sichergestellt. Gegen die Fahrerin wird nun wegen Versto\u00df gegen das Bet\u00e4ubungsmittelgesetz und F\u00fchren eines Fahrzeuges unter Drogeneinwirkung ermittelt. Bei der \u00dcberpr\u00fcfung konnte festgestellt werden, dass sie aufgrund eines Haftbefehls zur Fahndung ausgeschrieben war. Da sie einen Teil des Betrages bezahlen konnte, konnte sie nach R\u00fccksprache mit der Staatsanwaltschaft die Dienststelle nach Beendigung der Ma\u00dfnahmen wieder verlassen.<\/p>\n\n\n\n<h2 class=\"wp-block-heading\">(Ludwigshafen) &#8211; Unfall unter Alkoholeinfluss<\/h2>\n\n\n\n<p>In der Nacht zum Freitag (05.07.2024), gegen 00:45 Uhr, meldete ein Zeuge, dass soeben ein Autofahrer mit seinem in der Kropsburgstra\u00dfe abgestellten Fahrzeug kollidiert sei. Vor Ort konnte der 53-j\u00e4hrige Unfallverursacher angetroffen werden. W\u00e4hrend der Unfallaufnahme erlangten die Polizeikr\u00e4fte den Verdacht, dass der Mann unter Alkoholeinfluss stand. Ein Atemalkoholtest ergab einen Wert von \u00fcber 1,1 Promille. Der 53-J\u00e4hrige wurde zu einer Polizeidienststelle gebracht, wo ihm eine Blutprobe entnommen wurde.<\/p>\n\n\n\n<p>Der Einfluss von Alkohol oder anderen berauschenden Mitteln stellt eine Hauptunfallursache dar. Wer berauscht f\u00e4hrt, gef\u00e4hrdet nicht nur sich, sondern auch Andere. Gegen den unter Alkoholeinfluss stehenden Unfallverursacher wurde ein Ermittlungsverfahren wegen des Verdachtes der Stra\u00dfenverkehrsgef\u00e4hrdung eingeleitet. Gegen ihn kann eine Freiheitsstrafe bis zu f\u00fcnf Jahren oder eine Geldstrafe verh\u00e4ngt werden. Au\u00dferdem wird die F\u00fchrerscheinstelle die Geeignetheit des Unfallverursachers \u00fcberpr\u00fcfen.<\/p>\n\n\n\n<h2 class=\"wp-block-heading\">(Ludwigshafen) &#8211; 4-J\u00e4hriger bei Unfall verletzt<\/h2>\n\n\n\n<p>Am Donnerstagnachmittag (04.07.2024), gegen 17:45 Uhr, war ein 20-j\u00e4hriger Rollerfahrer auf der Prinzregentenstra\u00dfe in Richtung Von-der-Tann-Stra\u00dfe unterwegs, als ein 4-j\u00e4hriges Kind auf einem Fahrrad aus einer Hofeinfahrt auf die Prinzregentenstra\u00dfe fuhr. Es kam zum Zusammensto\u00df, wodurch das Kind st\u00fcrzte und sich leicht verletzte. Eine \u00dcberpr\u00fcfung ergab, dass der 20-J\u00e4hrige nicht im Besitz einer Fahrerlaubnis und der Motorroller nicht versichert war.<\/p>\n\n\n\n<p>Gegen ihn wird nun wegen fahrl\u00e4ssiger K\u00f6rperverletzung, Fahren ohne Fahrerlaubnis und Versto\u00dfes gegen das Pflichtversicherungsgesetz ermittelt.<\/p>\n\n\n\n<h2 class=\"wp-block-heading\">(Ludwigshafen) &#8211; Brennender Motorroller<\/h2>\n\n\n\n<p>Am Donnerstagmorgen (04.07.2024), gegen 09:45 Uhr, geriet auf der D\u00fcrkheimer Stra\u00dfe der Motorroller eines 67-J\u00e4hrigen w\u00e4hrend der Fahrt in Brand. Ein Zeuge konnte den Brand mit einem Feuerl\u00f6scher eind\u00e4mmen, bevor die Feuerwehr ihn endg\u00fcltig l\u00f6schte. Der 67-J\u00e4hrige wurde nicht verletzt. Brandurs\u00e4chlich d\u00fcrfte ein technischer Defekt gewesen sein.<\/p>\n\n\n\n<h2 class=\"wp-block-heading\">(Mannheim) &#8211; Sicherstellung von entwendeten Pflanzen \/ Zeugenaufruf<a href=\"https:\/\/www.facebook.com\/sharer.php?u=https%3A%2F%2Fwww.presseportal.de%2Fblaulicht%2Fpm%2F14915%2F5816932%2F%3Futm_source%3Dfacebook%26utm_medium%3Dsocial\"><\/a><a href=\"https:\/\/twitter.com\/intent\/tweet?text=POL-MA%3A%20Mannheim%3A%20Sicherstellung%20von%20entwendeten%20Pflanzen%20-%20Zeugenaufruf&amp;url=https%3A%2F%2Fwww.presseportal.de%2Fblaulicht%2Fpm%2F14915%2F5816932%2F%3Futm_source%3Dtwitter%26utm_medium%3Dsocial&amp;hashtags=ots&amp;lang=de\"><\/a><a href=\"https:\/\/web.whatsapp.com\/send?text=POL-MA%3A%20Mannheim%3A%20Sicherstellung%20von%20entwendeten%20Pflanzen%20-%20Zeugenaufruf%0A%0Ahttps%3A%2F%2Fwww.presseportal.de%2Fblaulicht%2Fpm%2F14915%2F5816932%2F%3Futm_source%3Dwhatsapp%26utm_medium%3Dsocial\"><\/a><a href=\"https:\/\/www.xing.com\/app\/user?op=share;url=https%3A%2F%2Fwww.presseportal.de%2Fblaulicht%2Fpm%2F14915%2F5816932%2F%3Futm_source%3Dxing%26utm_medium%3Dsocial\"><\/a><a href=\"http:\/\/www.linkedin.com\/shareArticle?mini=true&amp;url=https%3A%2F%2Fwww.presseportal.de%2Fblaulicht%2Fpm%2F14915%2F5816932%2F%3Futm_source%3Dlinkedin%26utm_medium%3Dsocial&amp;title=POL-MA%3A+Mannheim%3A+Sicherstellung+von+entwendeten+Pflanzen+-+Zeugenaufruf\"><\/a><a href=\"mailto:?subject=POL-MA%3A%20Mannheim%3A%20Sicherstellung%20von%20entwendeten%20Pflanzen%20-%20Zeugenaufruf&amp;body=https:\/\/www.presseportal.de\/blaulicht\/pm\/14915\/5816932\"><\/a><\/h2>\n\n\n<div class=\"wp-block-image\">\n<figure class=\"aligncenter is-resized\"><a href=\"https:\/\/cache.pressmailing.net\/thumbnail\/story_hires\/a7fe38d3-38d9-48b4-b4cb-ebf6e56b1b0a\/Pflanzen1002.jpg.jpg\"><img decoding=\"async\" src=\"https:\/\/cache.pressmailing.net\/thumbnail\/story_big\/a7fe38d3-38d9-48b4-b4cb-ebf6e56b1b0a\/pol-ma-mannheim-sicherstellung-von-entwendeten-pflanzen-zeugenaufruf\" alt=\"POL-MA: Mannheim: Sicherstellung von entwendeten Pflanzen - Zeugenaufruf\" style=\"aspect-ratio:1.3345864661654134;width:710px;height:auto\"\/><\/a><\/figure><\/div>\n\n\n<p>In der Zeit vom 19.06.24 &#8211; 27.06.24 kam es im Bereich Mannheim Gartenstadt und Franklin in den fr\u00fchen Morgenstunden vermehrt zu Diebst\u00e4hlen von mindestens zehn Pflanzen, welche aus Vorg\u00e4rten entwendet wurden. Das Polizeirevier Mannheim-K\u00e4fertal nahm diesbez\u00fcglich die Ermittlungen gegen den oder die unbekannten T\u00e4ter auf. Der Diebstahlschaden belief sich auf ca. 1000 EUR.<\/p>\n\n\n\n<p>Im Rahmen eines anderen polizeilichen Einsatzes des Polizeireviers Mannheim-K\u00e4fertal an der Wohnanschrift einer 37-j\u00e4hrigen Frau, fiel den Beamten, die Kenntnis von den vergangenen Diebst\u00e4hlen hatten, eine Vielzahl an hochwertigen Pflanzen auf der Terrasse der Frau auf.<\/p>\n\n\n\n<p>Nachdem die 37-J\u00e4hrige mit dem Sachverhalt konfrontiert worden war, r\u00e4umte sie den Diebstahl der Pflanzen ein.<\/p>\n\n\n\n<p>Die 37-J\u00e4hrige erwartet nun u.a. ein Ermittlungsverfahren wegen Diebstahls.<\/p>\n\n\n\n<p>Die Beamten stellten die Pflanzen sicher und sind nun auf der Suche nach weiteren Gesch\u00e4digten, die ihren Pflanzen gerne wieder ein sch\u00f6nes zu Hause bieten m\u00f6chten.<\/p>\n\n\n\n<ul>\n<li><strong>Diese melden sich bitte unter der Tel.-Nr.: 0621\/718490 beim Polizeirevier Mannheim K\u00e4fertal.<\/strong><\/li>\n<\/ul>\n\n\n\n<h2 class=\"wp-block-heading\">(Mannheim) &#8211; Verkehrsunfall mit mehreren beteiligten Fahrzeugen<a href=\"https:\/\/www.facebook.com\/sharer.php?u=https%3A%2F%2Fwww.presseportal.de%2Fblaulicht%2Fpm%2F14915%2F5816591%2F%3Futm_source%3Dfacebook%26utm_medium%3Dsocial\"><\/a><a href=\"https:\/\/twitter.com\/intent\/tweet?text=POL-MA%3A%20Mannheim%3A%20Verkehrsunfall%20mit%20mehreren%20beteiligten%20Fahrzeugen%20%2F%2F%20PM%20Nr.1&amp;url=https%3A%2F%2Fwww.presseportal.de%2Fblaulicht%2Fpm%2F14915%2F5816591%2F%3Futm_source%3Dtwitter%26utm_medium%3Dsocial&amp;hashtags=ots&amp;lang=de\"><\/a><a href=\"https:\/\/web.whatsapp.com\/send?text=POL-MA%3A%20Mannheim%3A%20Verkehrsunfall%20mit%20mehreren%20beteiligten%20Fahrzeugen%20%2F%2F%20PM%20Nr.1%0A%0Ahttps%3A%2F%2Fwww.presseportal.de%2Fblaulicht%2Fpm%2F14915%2F5816591%2F%3Futm_source%3Dwhatsapp%26utm_medium%3Dsocial\"><\/a><a href=\"https:\/\/www.xing.com\/app\/user?op=share;url=https%3A%2F%2Fwww.presseportal.de%2Fblaulicht%2Fpm%2F14915%2F5816591%2F%3Futm_source%3Dxing%26utm_medium%3Dsocial\"><\/a><a href=\"http:\/\/www.linkedin.com\/shareArticle?mini=true&amp;url=https%3A%2F%2Fwww.presseportal.de%2Fblaulicht%2Fpm%2F14915%2F5816591%2F%3Futm_source%3Dlinkedin%26utm_medium%3Dsocial&amp;title=POL-MA%3A+Mannheim%3A+Verkehrsunfall+mit+mehreren+beteiligten+Fahrzeugen+%2F%2F+PM+Nr.1\"><\/a><a href=\"mailto:?subject=POL-MA%3A%20Mannheim%3A%20Verkehrsunfall%20mit%20mehreren%20beteiligten%20Fahrzeugen%20%2F%2F%20PM%20Nr.1&amp;body=https:\/\/www.presseportal.de\/blaulicht\/pm\/14915\/5816591\"><\/a><\/h2>\n\n\n\n<p>Am Freitagmorgen gegen 07:40 Uhr kollidierten ersten Informationen zufolge am Autobahnkreuz Walldorf vier Fahrzeuge miteinander, wobei zwei Unfallbeteiligte leicht verletzt wurden. Die Unfallstelle befindet sich im \u00dcberleitungsbereich der A6 aus Mannheim kommend in Richtung A5. Der Verkehr wird derzeit \u00fcber den Verz\u00f6gerungsstreifen an der Unfallstelle vorbeigeleitet.<\/p>\n\n\n\n<h3 class=\"wp-block-heading has-text-align-center\">Pressemeldung Nr. 2<\/h3>\n\n\n\n<p>Entgegen der erste Pressemitteilung befindet sich die Unfallstelle am Autobahnkreuz Mannheim. Nach derzeitigem Ermittlungsstand fuhr ein Pannenfahrzeug auf der A6 aus Hockenheim kommenden mit verlangsamter Geschwindigkeit auf dem Verz\u00f6gerungsstreifen der \u00dcberleitung zur A656. Ein nachfolgender Verkehrsteilnehmer erkannte die Situation und bremste sein Fahrzeug ab. Aus noch ungekl\u00e4rter Ursache kollidierte ein von hinten kommender Sprinter-Fahrer mit dessen Heck und schob ihn auf das Pannenfahrzeug auf. Ein vierter Unfallbeteiligter konnte nicht mehr rechtzeitig abbremsen und fuhr ebenfalls in die Unfallstelle. Die Unfallaufnahme l\u00e4uft derzeit noch. Hierzu wird der Verkehr auf dem Verz\u00f6gerungsstreifen an der Unfall\u00f6rtlichkeit vorbeigeleitet. (<em>05.07.2024 \u2013 09:04<\/em>)<\/p>\n\n\n\n<h2 class=\"wp-block-heading\">(Schwetzingen \/ Rhein-Neckar-Kreis) &#8211; Sachbesch\u00e4digung durch Graffiti \/ T\u00e4ter gestellt<\/h2>\n\n\n\n<p>Am Donnerstag stellte eine Polizeistreife gegen 11:30 Uhr eine m\u00e4nnliche Person fest, die in der Gustav-Hummel-Stra\u00dfe einen Verteilerkasten mit schwarzer Farbe bespr\u00fchte. Beim Erblicken der Streife versuchte der T\u00e4ter zu fl\u00fcchten, konnte jedoch von den Einsatzkr\u00e4ften kurze Zeit sp\u00e4ter gestellt werden. W\u00e4hrend der Personenkontrolle stellte sich heraus, dass der 19-J\u00e4hrige mehrere Spr\u00fchdosen mit sich f\u00fchrte, die sichergestellt wurden.<\/p>\n\n\n\n<p>Im Anschluss wurde dieser aus den polizeilichen Ma\u00dfnahmen entlassen und muss sich nun im Zusammenhang mit einer Sachbesch\u00e4digung verantworten. Das Polizeirevier Schwetzingen hat die Ermittlungen aufgenommen.<\/p>\n\n\n\n<h2 class=\"wp-block-heading\">(A 6 \/ Hockenheim \/ Rhein-Neckar-Kreis) &#8211; Fahrbahnsperrung nach Verkehrsunfall<\/h2>\n\n\n\n<p>Am Freitag gegen 07:45 Uhr kam es auf der A6 Heilbronn in Fahrtrichtung Mannheim, H\u00f6he der Rastst\u00e4tte Am Hockenheimring Ost und dem Dreieck Hockenheim zu einem Verkehrsunfall. Derzeit sind zwei von drei Fahrstreifen gesperrt, weshalb es in dem Bereich zu Verkehrsbeeintr\u00e4chtigungen kommt.<\/p>\n\n\n\n<p>Zum genauen Unfallhergang sowie zum Ausma\u00df des Schadens und zu verletzten Personen k\u00f6nnen derzeit keine Angaben gemacht werden. Nach ersten Erkenntnissen waren drei Fahrzeuge bei dem Unfallgeschehen beteiligt.<\/p>\n\n\n\n<h3 class=\"wp-block-heading has-text-align-center\">Pressemitteilung Nr. 2<\/h3>\n\n\n\n<p>Wie bereits berichtet,&nbsp;kam es gegen 07:45 Uhr auf der A6 zu einem Verkehrsunfall mit drei beteiligten Fahrzeugen, darunter ein beteiligter LKW-Fahrer. F\u00fcr die Unfallaufnahme mussten zwischenzeitlich zwei Fahrbahnen zwischen der Rastst\u00e4tte Am Hockenheimring Ost und dem Dreieck Hockenheim gesperrt werden, sodass es zu Verkehrsbeeintr\u00e4chtigungen kam. Die Sperrung wurde aufgebhoben. Zum genauen Unfallhergang und zum Schadensausma\u00df k\u00f6nnen derzeit noch keine Angaben gemacht werden. Aktuellen Erkenntnissen zu Folge wurde bei dem Verkehrsunfall niemand verletzt.<\/p>\n\n\n\n<h2 class=\"wp-block-heading\">(Hockenheim \/ Rhein-Neckar-Kreis) &#8211; Unbekannter Radfahrer stiehlt Handy aus Handtasche<\/h2>\n\n\n\n<p>Eine 25-j\u00e4hrige Frau war am Donnerstagabend um 21:30 Uhr zu Fu\u00df unterwegs und lief dabei die Neustadter Stra\u00dfe in Richtung Pf\u00e4lzer Ring entlang. Hierbei trug sie \u00fcber ihrer linken Schulter eine Umh\u00e4ngetasche. W\u00e4hrenddessen n\u00e4herte sich ein bislang unbekannter Radfahrer, griff in die unverschlossene Handtasche und entwendete das Mobiltelefon der 25-J\u00e4hrigen. Der Radfahrer fl\u00fcchtete grob in Richtung Pf\u00e4lzer Ring.<\/p>\n\n\n\n<h4 class=\"wp-block-heading\">Der Unbekannte kann wie folgt beschrieben werden:<\/h4>\n\n\n\n<ul>\n<li><strong>m\u00e4nnlich<\/strong><\/li>\n\n\n\n<li><strong>afroamerikanisches Erscheinungsbild<\/strong><\/li>\n\n\n\n<li><strong>ca. 30 Jahre alt<\/strong><\/li>\n\n\n\n<li><strong>schlanke K\u00f6rperstatur<\/strong><\/li>\n\n\n\n<li><strong>schwarze kurze Haare<\/strong><\/li>\n\n\n\n<li><strong>Bekleidet war er mit einer Jacke (wei\u00dfe Grundfarbe mit anderen nicht bekannten Farben), einer dunkelblaue Jeans.<\/strong><\/li>\n<\/ul>\n\n\n\n<ul>\n<li><strong>Zeugenhinweise nimmt das Polizeirevier Mannheim-Oststadt, unter der Tel: 0621 \/ 174-0, entgegen.<\/strong><\/li>\n<\/ul>\n\n\n\n<h2 class=\"wp-block-heading\">(Hockenheim \/ Rhein-Neckar-Kreis) &#8211; 50.000 Euro Schaden nach Unfall im Kreuzungsbereich<\/h2>\n\n\n\n<p>Eine 40-j\u00e4hrige BMW-Fahrerin fuhr am Donnerstagmorgen gegen 07:45 Uhr den Tiefen Weg entlang. Ebenso fuhr ein 20-j\u00e4hriger VW-Fahrer den Tiefen Weg in die entgegenkommende Fahrtrichtung entlang und bog im weiteren Verlauf nach links in die Untere Hauptstra\u00dfe ein. Hierbei \u00fcbersah er die BMW-Fahrerin, woraufhin beide Fahrzeuge zusammenstie\u00dfen. Ein eingeleiteter Bremsvorgang der 40-J\u00e4hrigen konnte den Unfall nicht verhindern. 50.000 Euro Sachschaden entstanden insgesamt an beiden Fahrzeugen, die aufgrund der Besch\u00e4digungen nicht mehr fahrbereit waren. Der 20-J\u00e4hrige zog sich durch die Kollision leichte Verletzungen zu, die in einem Krankenhaus behandelt wurden. Aufgrund der auslaufenden Betriebsstoffe aus dem BMW musste eine Fachfirma f\u00fcr die Reinigung der Fahrbahn angefordert werden.<\/p>\n\n\n\n<h2 class=\"wp-block-heading\">(Neckargem\u00fcnd \/ Rhein-Neckar-Kreis) &#8211; Nach Unfall gefl\u00fcchtet \/ Zeugen gesucht!<\/h2>\n\n\n\n<p>Am Donnerstag gegen 12:15 Uhr kollidierte ein noch unbekannter Autofahrer auf der Neckarsteinacher Stra\u00dfe mit einer 48-j\u00e4hrigen Skoda-Fahrerin und fl\u00fcchtete anschlie\u00dfend. Die 48-J\u00e4hrige war auf der Neckarsteinacher Stra\u00dfe in Richtung Ziegelhausen unterwegs, als sie auf H\u00f6he der Friedensbr\u00fccke an einer roten Ampel stoppen musste. Der noch Unbekannte wollte von der Friedensbr\u00fccke kommend die Neckarsteinacher Stra\u00dfe befahren, als er aufgrund \u00fcberh\u00f6hter Geschwindigkeit im Kurvenbereich die Kontrolle \u00fcber dessen Auto verlor und mit dem Skoda kollidierte. Anschlie\u00dfend entfernte sich der Unfallverursacher umgehend von der Unfallstelle. Trotz sofortiger Fahndung nach dem Unbekannten, gelang es diesem zu fl\u00fcchten. Er soll mit einem silbernen Mercedes SUV unterwegs gewesen sein. Aufgrund des Unfallhergangs ist anzunehmen, dass das Fahrzeug stark im Frontbereich besch\u00e4digt sein muss. Da sich zum Unfallzeitpunkt mehrere unbeteiligte Verkehrsteilnehmer an der \u00d6rtlichkeit befanden, sucht das Polizeirevier Neckargem\u00fcnd Zeugen, welche den Unfall beobachtet haben oder Angaben zum Unfallverursacher machen k\u00f6nnen. Diese werden gebeten, sich unter der Telefonnummer 06223\/92540 zu melden.<\/p>\n\n\n\n<h2 class=\"wp-block-heading\">(Heddesheim \/ Rhein-Neckar-Kreis) &#8211; Buntmetalldiebstahl \/ Zeugen gesucht<\/h2>\n\n\n\n<p>In der Zeit von Mittwoch auf Donnerstag, zwischen 18 Uhr und 07 Uhr, entwendete eine bislang unbekannte T\u00e4terschaft von einer Baustelle in der Badenerstra\u00dfe Buntmetall in H\u00f6he von circa 10.000 Euro. Die Unbekannten entwendeten neben diversen Kupfertrommeln und Kupferkabeln auch mehrere Starkstromkabel.<\/p>\n\n\n\n<ul>\n<li><strong>Das Polizeirevier Ladenburg hat die weiteren Ermittlungen \u00fcbernommen. Zeugen, die sachdienliche Hinweise geben k\u00f6nnen, werden gebeten, sich unter der Telefonnummer 06203\/ 9305-0 zu melden.<\/strong><\/li>\n<\/ul>\n\n\n\n<h2 class=\"wp-block-heading\">(Laudenbach \/ Rhein-Neckar-Kreis) &#8211; Festnahme nach Automatenaufbruch<\/h2>\n\n\n<div class=\"wp-block-image\">\n<figure class=\"aligncenter size-full\"><img decoding=\"async\" loading=\"lazy\" width=\"800\" height=\"533\" src=\"https:\/\/speyer24news.com\/wp-content\/uploads\/2021\/10\/Festnahme-Handschellen.jpg\" alt=\"\" class=\"wp-image-41224\" srcset=\"https:\/\/speyer24news.com\/wp-content\/uploads\/2021\/10\/Festnahme-Handschellen.jpg 800w, https:\/\/speyer24news.com\/wp-content\/uploads\/2021\/10\/Festnahme-Handschellen-300x200.jpg 300w, https:\/\/speyer24news.com\/wp-content\/uploads\/2021\/10\/Festnahme-Handschellen-768x512.jpg 768w\" sizes=\"(max-width: 800px) 100vw, 800px\" \/><figcaption class=\"wp-element-caption\">Beispielbild Handschelle \/ Verhaftung, dient lediglich der Visualisierung<\/figcaption><\/figure><\/div>\n\n\n<p>Am Donnerstagmorgen, um 07:25 Uhr, meldete ein aufmerksamer Zeuge, dass ein junger Mann einen Eisautomaten in der Schillerstra\u00dfe aufgebrochen habe und nun das darin enthaltene Eis essen und an vorbeilaufende Schulkinder verteilen w\u00fcrde.<\/p>\n\n\n\n<p>Der 21-j\u00e4hrige Eisverteiler befand sich beim Eintreffen der Streifen des Polizeirevier Weinheims immer noch vor dem Automaten und lie\u00df sich widerstandslos festnehmen. In den Taschen des Mannes befanden sich umfangreiches Werkzeug, welches zum Aufbrechen eines solchen Automaten geeignet war, sowie zahlreiche Verkaufsverpackungen mit Speiseeis.<\/p>\n\n\n\n<p>W\u00e4hrend der Kontrolle ergaben sich bei dem Mann Hinweise auf eine Drogenbeeinflussung, was ein im Anschluss durchgef\u00fchrter Urin-Test best\u00e4tigte.<\/p>\n\n\n\n<p>Der Schaden am Automat bel\u00e4uft sich ersten Einsch\u00e4tzungen zufolge auf ca. 5.000 Euro.<\/p>\n\n\n\n<p>Nach Beendigung der polizeilichen Ma\u00dfnahmen wurde der 21-J\u00e4hrige entlassen. Ihn erwartet nun eine Anzeige u.a. wegen Besonders schweren Fall des Diebstahls.<\/p>\n\n\n\n<p>Der Polizeiposten Hemsbach hat hierzu die weiteren Ermittlungen aufgenommen.<\/p>\n","protected":false},"excerpt":{"rendered":"<div class=\"mh-excerpt\"><p>Polizeimeldungen vom Freitag (05.07.2024) (Schifferstadt) &#8211; Schwer verletzte Fahrradfahrerin Zu einem Verkehrsunfall mit einer schwer verletzten Person kam es am Donnerstagmorgen im Neust\u00fcckweg. Zuvor befuhr eine 49-j\u00e4hrige aus Schifferstadt mit ihrem Fahrrad den Neust\u00fcckweg und <a class=\"mh-excerpt-more\" href=\"https:\/\/speyer24news.com\/?p=59620\" title=\"Polizeimeldungen Freitag (05.07.24)\">[&#8230;]<\/a><\/p>\n<\/div>","protected":false},"author":3,"featured_media":26162,"comment_status":"open","ping_status":"open","sticky":false,"template":"","format":"standard","meta":{"_monsterinsights_skip_tracking":false,"_monsterinsights_sitenote_active":false,"_monsterinsights_sitenote_note":"","_monsterinsights_sitenote_category":0,"footnotes":""},"categories":[15659],"tags":[],"aioseo_notices":[],"amp_enabled":true,"_links":{"self":[{"href":"https:\/\/speyer24news.com\/index.php?rest_route=\/wp\/v2\/posts\/59620"}],"collection":[{"href":"https:\/\/speyer24news.com\/index.php?rest_route=\/wp\/v2\/posts"}],"about":[{"href":"https:\/\/speyer24news.com\/index.php?rest_route=\/wp\/v2\/types\/post"}],"author":[{"embeddable":true,"href":"https:\/\/speyer24news.com\/index.php?rest_route=\/wp\/v2\/users\/3"}],"replies":[{"embeddable":true,"href":"https:\/\/speyer24news.com\/index.php?rest_route=%2Fwp%2Fv2%2Fcomments&post=59620"}],"version-history":[{"count":2,"href":"https:\/\/speyer24news.com\/index.php?rest_route=\/wp\/v2\/posts\/59620\/revisions"}],"predecessor-version":[{"id":59622,"href":"https:\/\/speyer24news.com\/index.php?rest_route=\/wp\/v2\/posts\/59620\/revisions\/59622"}],"wp:featuredmedia":[{"embeddable":true,"href":"https:\/\/speyer24news.com\/index.php?rest_route=\/wp\/v2\/media\/26162"}],"wp:attachment":[{"href":"https:\/\/speyer24news.com\/index.php?rest_route=%2Fwp%2Fv2%2Fmedia&parent=59620"}],"wp:term":[{"taxonomy":"category","embeddable":true,"href":"https:\/\/speyer24news.com\/index.php?rest_route=%2Fwp%2Fv2%2Fcategories&post=59620"},{"taxonomy":"post_tag","embeddable":true,"href":"https:\/\/speyer24news.com\/index.php?rest_route=%2Fwp%2Fv2%2Ftags&post=59620"}],"curies":[{"name":"wp","href":"https:\/\/api.w.org\/{rel}","templated":true}]}}