{"id":59741,"date":"2024-08-27T21:34:10","date_gmt":"2024-08-27T20:34:10","guid":{"rendered":"https:\/\/speyer24news.com\/?p=59741"},"modified":"2024-08-28T09:26:16","modified_gmt":"2024-08-28T08:26:16","slug":"polizeimeldungen-wochenende-montag-24-08-27-08-24","status":"publish","type":"post","link":"https:\/\/speyer24news.com\/?p=59741","title":{"rendered":"Polizeimeldungen Wochenende &#038; Montag (24.08. &#8211; 27.08.24)"},"content":{"rendered":"<style type=\"text\/css\">\r\n\t.ads_top_disp{}\r\n\t.ads_top_corner_disp{ float:left; margin:0px 10px 10px 0px; }\r\n\t.ads_first_p_disp{}\r\n\t.ads_bottom_disp{}\r\n\t<\/style>\n<h2 class=\"wp-block-heading\">Polizeimeldungen vom Wochenende &amp; Montag (24.08. &#8211; 27.08.2024)<\/h2>\n\n\n<div class=\"wp-block-image\">\n<figure class=\"aligncenter size-full\"><img decoding=\"async\" loading=\"lazy\" width=\"375\" height=\"500\" src=\"https:\/\/speyer24news.com\/wp-content\/uploads\/2022\/03\/Aktuelles-Polizeilogo.jpg\" alt=\"\" class=\"wp-image-43591\" srcset=\"https:\/\/speyer24news.com\/wp-content\/uploads\/2022\/03\/Aktuelles-Polizeilogo.jpg 375w, https:\/\/speyer24news.com\/wp-content\/uploads\/2022\/03\/Aktuelles-Polizeilogo-225x300.jpg 225w\" sizes=\"(max-width: 375px) 100vw, 375px\" \/><\/figure><\/div>\n\n\n<h2 class=\"wp-block-heading\">(Speyer) &#8211; K\u00f6rperverletzung vor der Halle 101<\/h2>\n\n\n<div class=\"wp-block-image\">\n<figure class=\"aligncenter size-full\"><img decoding=\"async\" loading=\"lazy\" width=\"800\" height=\"533\" src=\"https:\/\/speyer24news.com\/wp-content\/uploads\/2021\/11\/Schlaegerei.jpg\" alt=\"\" class=\"wp-image-42366\" srcset=\"https:\/\/speyer24news.com\/wp-content\/uploads\/2021\/11\/Schlaegerei.jpg 800w, https:\/\/speyer24news.com\/wp-content\/uploads\/2021\/11\/Schlaegerei-300x200.jpg 300w, https:\/\/speyer24news.com\/wp-content\/uploads\/2021\/11\/Schlaegerei-768x512.jpg 768w\" sizes=\"(max-width: 800px) 100vw, 800px\" \/><figcaption class=\"wp-element-caption\">Beispielbild Schl\u00e4gerei \/ K\u00f6rperverletzung, dient lediglich der Visualisierung<\/figcaption><\/figure><\/div>\n\n\n<p>Sonntagnacht gegen 01:15 Uhr kam es vor der Halle 101 zun\u00e4chst zu einem verbalen Streit zwischen mehreren Personen. Der Streit entwickelte sich zu einer k\u00f6rperlichen Auseinandersetzung im Rahmen dessen ein unbekannter Beschuldigter einem 27-j\u00e4hrigen Gesch\u00e4digten auf den Kopf und einem 31-J\u00e4hrigen gegen den Hals schlug. Eine 36-j\u00e4hrige Speyererin bekam die Auseinandersetzung mit und wollte dazwischen gehen. Hierbei hat sie ebenfalls vom Beschuldigten einen Schlag auf den Kopf abbekommen. <\/p>\n\n\n\n<ul>\n<li><strong>Der unbekannte Beschuldigte ist ca. 40 Jahre alt und hat eine Glatze. <\/strong><\/li>\n<\/ul>\n\n\n\n<p>Die Verletzten wurden vom Rettungsdienst \u00e4rztlich versorgt.<\/p>\n\n\n\n<ul>\n<li><strong>Zeugen, welche Hinweise zur Tat oder dem T\u00e4ter geben k\u00f6nnen, werden gebeten, sich telefonisch mit der Polizei Speyer unter der 06232 1370 in Verbindung zu setzen. Alternativ werden Hinweise auch per E-Mail unter&nbsp;<a href=\"mailto:%20pispeyer@polizei.rlp.de\">pispeyer@polizei.rlp.de<\/a>&nbsp;entgegengenommen.<\/strong><\/li>\n<\/ul>\n\n\n\n<h2 class=\"wp-block-heading\">(Speyer) &#8211; Zwei Verkehrsunf\u00e4lle mit Personenschaden im Stadtgebiet 23.08.2024<\/h2>\n\n\n\n<p>Am Freitagnachmittag ereigneten sich im Stadtgebiet Speyer zwei Verkehrsunf\u00e4lle, bei denen Personenschaden entstand.<\/p>\n\n\n\n<p>Gegen 14:30 Uhr kam es am Einm\u00fcndungsbereich Wormser Landstra\u00dfe \/ Schwarzer Weg zur Kollision zwischen einem PKW und einem jugendlichen Fahrradfahrer. Dieser befuhr den Fahrradweg der Wormser Landstra\u00dfe verbotswidrig in entgegengesetzter Richtung. Der 43-j\u00e4hrige PKW-Fahrer aus Speyer \u00fcbersah den 15-j\u00e4hrigen, sodass es zum Zusammensto\u00df kam. Dadurch kam der Jugendliche zu Fall und verletzte sich leicht. Es entstand lediglich geringf\u00fcgiger Sachschaden.<\/p>\n\n\n\n<p>Gegen 15:45 Uhr kollidierten zwei PKW im Kreuzungsbereich Friedrich-Ebert-Stra\u00dfe \/ Burgstra\u00dfe miteinander. Eine 34-J\u00e4hrige aus B\u00f6hl-Iggelheim missachtete am genannten Kreuzungsbereich die Vorfahrt eines 33-J\u00e4hrigen aus Neustadt. Dadurch kollidierten die PKW der beiden miteinander. Die 32-j\u00e4hrige Beifahrerin des Mannes aus Neustadt wurde durch den Aufprall gl\u00fccklicherweise lediglich leicht verletzt. Der PKW des Mannes aus B\u00f6hl-Iggelheim war unfallbedingt nicht mehr fahrbereit und musste abgeschleppt werden. Der Gesamtschaden bel\u00e4uft sich auf rund 7000 Euro.<\/p>\n\n\n\n<h2 class=\"wp-block-heading\">(B\u00f6hl-Iggelheim) &#8211; Automat aufgebrochen<\/h2>\n\n\n\n<p>Eine unbekannte T\u00e4terschaft brach in der Nacht von Samstag (24.08.) auf Sonntag (25.08.), gegen 04:30 Uhr, einen Eierautomaten eines dortigen Hofes Am Holzweg auf. Die Kasse des Automaten wurde gewaltsam ge\u00f6ffnet und darauf wurden die Tageseinnahmen entwendet. Die genaue H\u00f6he des entwendeten Geldes steht derzeit nicht fest. <\/p>\n\n\n\n<ul>\n<li><strong>Hinweise nimmt die Polizeiinspektion Schifferstadt unter der Telefonnummer 06235 &#8211; 495-0 oder per E-Mail (<a href=\"mailto:pischifferstadt@polizei.rlp.de\">pischifferstadt@polizei.rlp.de<\/a>) entgegen.<\/strong><\/li>\n<\/ul>\n\n\n\n<h2 class=\"wp-block-heading\">(B\u00f6hl-Iggelheim) &#8211; Gef\u00e4hrliche K\u00f6rperverletzung mittels Messer<\/h2>\n\n\n<div class=\"wp-block-image\">\n<figure class=\"aligncenter size-full\"><img decoding=\"async\" loading=\"lazy\" width=\"800\" height=\"621\" src=\"https:\/\/speyer24news.com\/wp-content\/uploads\/2021\/07\/Messer-Angriff-Bedrohung-2.jpg\" alt=\"\" class=\"wp-image-38504\" srcset=\"https:\/\/speyer24news.com\/wp-content\/uploads\/2021\/07\/Messer-Angriff-Bedrohung-2.jpg 800w, https:\/\/speyer24news.com\/wp-content\/uploads\/2021\/07\/Messer-Angriff-Bedrohung-2-300x233.jpg 300w, https:\/\/speyer24news.com\/wp-content\/uploads\/2021\/07\/Messer-Angriff-Bedrohung-2-768x596.jpg 768w\" sizes=\"(max-width: 800px) 100vw, 800px\" \/><figcaption class=\"wp-element-caption\">Symbolbild &#8222;\u00dcberfall Messer&#8220;, dient lediglich der Visualisierung<\/figcaption><\/figure><\/div>\n\n\n<p>Am Freitag, den 23.08.2024, gegen 15:00 Uhr, wurde einem 16-j\u00e4hrigen Jugendlichen auf dem Gehweg neben der L 528, zwischen L\u00fctzel- und Eisenbahnstra\u00dfe, in 67459 B\u00f6hl-Iggelheim, Ortsteil Iggelheim, durch einen Unbekannten im Vorbeigehen aus bis dato ungekl\u00e4rten Gr\u00fcnden mit einem Messer in den R\u00fccken gestochen. Anschlie\u00dfend fl\u00fcchteten der T\u00e4ter und seine beiden Begleiter fu\u00dfl\u00e4ufig in Richtung Shell-Tankstelle und dann weiter in Richtung Bahnhof. Es wurden umgehend Fahndungsma\u00dfnahmen eingeleitet. Der Gesch\u00e4digte erlitt eine Fleischwunde. <\/p>\n\n\n\n<h4 class=\"wp-block-heading\">Die T\u00e4ter werden ebenfalls als:<\/h4>\n\n\n\n<ul>\n<li><strong>jugendlich und m\u00e4nnlich beschrieben<\/strong><\/li>\n\n\n\n<li><strong>Ein T\u00e4ter trug ein rotes T-Shirt<\/strong><\/li>\n\n\n\n<li><strong>ein weiterer eine schwarze lange Jogginghose sowie einen schwarzen Pullover der Marke Nike <\/strong><\/li>\n\n\n\n<li><strong>und der Dritte trug eine kurze Hose<\/strong><\/li>\n<\/ul>\n\n\n\n<ul>\n<li><strong>Gegenw\u00e4rtig werden gesicherte Videoaufzeichnungen ausgewertet. Zeugen werden gebeten sich mit der Polizeiinspektion Schifferstadt unter 06235 495-0 oder&nbsp;<a href=\"mailto:%20pischifferstadt@polizei.rlp.de\">pischifferstadt@polizei.rlp.de<\/a>&nbsp;in Verbindung zu setzen.<\/strong><\/li>\n<\/ul>\n\n\n\n<h2 class=\"wp-block-heading\">(Waldsee) &#8211; Verkehrsunfall mit Flucht<\/h2>\n\n\n\n<p>Am Freitag, den 23.08.2024, gegen 16:30 Uhr, befuhr die 79-j\u00e4hrige Pkw-Fahrerin die Ludwigshafener Stra\u00dfe, in Fahrtrichtung Otterstadt, in 67165 Waldsee. Zwischen Goethestra\u00dfe und Albert-Einstein-Allee bemerkte sie einen Ansto\u00df und stellte anschlie\u00dfend an der Beifahrerseite ihres Pkws einen erheblichen Schaden sowie blaue Fremdlackanhaftungen fest. Der weitere Unfallbeteiligte machte vor Ort nicht auf sich aufmerksam und entfernte sich augenscheinlich unerlaubt von der Unfall\u00f6rtlichkeit. Die Ermittlungen dauern an. <\/p>\n\n\n\n<ul>\n<li><strong>Zeugen werden gebeten sich mit der Polizeiinspektion Schifferstadt unter 06235 495-0 oder&nbsp;<a href=\"mailto:%20pischifferstadt@polizei.rlp.de\">pischifferstadt@polizei.rlp.de<\/a>&nbsp;in Verbindung zu setzen.<\/strong><\/li>\n<\/ul>\n\n\n\n<h2 class=\"wp-block-heading\">(Herxheim) &#8211; Betrunken Unfall verursacht<\/h2>\n\n\n\n<p>Am 24.08.2024 befuhr gegen 21:30 Uhr ein 39-j\u00e4hriger Hyundai-Fahrer die Luitpoldstra\u00dfe in Herxheim. Dort kollidierte er mit einem geparkten PKW und wurde hierdurch leicht verletzt. Der PKW Hyundai war nicht mehr fahrbereit. Unfallurs\u00e4chlich d\u00fcrfte die Alkoholisierung des 39-J\u00e4hrigen gewesen sein. Ein Vortest ergab einen Wert von \u00fcber 1,8 Promille. Auf der Dienststelle wurde ihm eine Blutprobe entnommen und sein F\u00fchrerschein sicherstellt. Er wird sich nun in einem Strafverfahren wegen Stra\u00dfenverkehrsgef\u00e4hrdung verantworten m\u00fcssen.<\/p>\n\n\n\n<h2 class=\"wp-block-heading\">(Herxheim) &#8211; Mit Hauswand kollidiert<\/h2>\n\n\n\n<p>Am 23.08.2024 befuhr gegen 18:15 Uhr ein 21-j\u00e4hriger BMW-Fahrer die Untere Hauptstra\u00dfe in Richtung Obere Hauptstra\u00dfe in Herxheim. Hierbei touchierte er den Sockel eines Baustellenschildes. Infolge dessen verlor er die Kontrolle \u00fcber sein Fahrzeug und kollidierte mit einer Hauswand. Die Schadensh\u00f6he betr\u00e4gt circa 25000 Euro. Der 21-J\u00e4hrige wurde durch den Unfall lediglich leicht verletzt.<\/p>\n\n\n\n<h2 class=\"wp-block-heading\">(Bellheim \/ R\u00fclzheim) &#8211; Diebstahl von Grabschmuck<\/h2>\n\n\n<div class=\"wp-block-image\">\n<figure class=\"aligncenter size-full\"><img decoding=\"async\" loading=\"lazy\" width=\"801\" height=\"600\" src=\"https:\/\/speyer24news.com\/wp-content\/uploads\/2020\/05\/Zeugen-gesucht-Neutral.jpg\" alt=\"\" class=\"wp-image-26598\" srcset=\"https:\/\/speyer24news.com\/wp-content\/uploads\/2020\/05\/Zeugen-gesucht-Neutral.jpg 801w, https:\/\/speyer24news.com\/wp-content\/uploads\/2020\/05\/Zeugen-gesucht-Neutral-300x225.jpg 300w, https:\/\/speyer24news.com\/wp-content\/uploads\/2020\/05\/Zeugen-gesucht-Neutral-768x575.jpg 768w, https:\/\/speyer24news.com\/wp-content\/uploads\/2020\/05\/Zeugen-gesucht-Neutral-678x509.jpg 678w, https:\/\/speyer24news.com\/wp-content\/uploads\/2020\/05\/Zeugen-gesucht-Neutral-326x245.jpg 326w, https:\/\/speyer24news.com\/wp-content\/uploads\/2020\/05\/Zeugen-gesucht-Neutral-80x60.jpg 80w\" sizes=\"(max-width: 801px) 100vw, 801px\" \/><\/figure><\/div>\n\n\n<p>Am vergangenen Wochenende entwendeten unbekannte T\u00e4ter von mehreren Gr\u00e4bern auf den Friedh\u00f6fen in R\u00fclzheim und Bellheim Grabschmuck. Die Schadensh\u00f6he d\u00fcrfte sich ersten Einsch\u00e4tzungen zufolge im f\u00fcnfstelligen Bereich bewegen. Die Polizei Germersheim hat die entsprechenden Ermittlungen aufgenommen.<\/p>\n\n\n\n<ul>\n<li><strong>M\u00f6gliche Zeugen oder auch weitere Gesch\u00e4digte werden gebeten, sich bei der Polizeiinspektion Germersheim unter der Rufnummer: 07274\/9580 oder per E-Mail unter:&nbsp;<a href=\"mailto:%20pigermersheim@polizei.rlp.de\">pigermersheim@polizei.rlp.de<\/a>, zu melden.<\/strong><\/li>\n<\/ul>\n\n\n\n<h2 class=\"wp-block-heading\">(R\u00fclzheim) &#8211; Sachbesch\u00e4digung durch Graffiti<\/h2>\n\n\n\n<p>Im Zeitraum von Donnerstagabend, den 22.08.2024 gegen 20:00 Uhr bis Freitagmorgen um 08:00 Uhr bespr\u00fchte eine bislang unbekannte T\u00e4terschaft eine Grundst\u00fccksmauer in der Hoppelgasse in R\u00fclzheim mit einem beleidigenden Schriftzug. Der entstandene Sachschaden bel\u00e4uft sich auf ca. 200EUR.<\/p>\n\n\n\n<ul>\n<li><strong>Hinweise zu der Tat oder der bislang unbekannten T\u00e4terschaft nimmt die Polizei Germersheim unter Tel.: 07274 9580 oder E-Mail:&nbsp;<a href=\"mailto:%20pigermersheim@polizei.rlp.de\">pigermersheim@polizei.rlp.de<\/a>&nbsp;entgegen.<\/strong><a href=\"https:\/\/www.facebook.com\/sharer.php?u=https%3A%2F%2Fwww.presseportal.de%2Fblaulicht%2Fpm%2F117686%2F5851198%2F%3Futm_source%3Dfacebook%26utm_medium%3Dsocial\"><\/a><a href=\"https:\/\/twitter.com\/intent\/tweet?text=POL-PDLD%3A%20Gemeinsame%20Presseerkl%C3%A4rung%20der%20Staatsanwaltschaft%20Landau%20und%20der%20Kriminalinspektion%20Landau&amp;url=https%3A%2F%2Fwww.presseportal.de%2Fblaulicht%2Fpm%2F117686%2F5851198%2F%3Futm_source%3Dtwitter%26utm_medium%3Dsocial&amp;hashtags=ots&amp;lang=de\"><\/a><a href=\"https:\/\/web.whatsapp.com\/send?text=POL-PDLD%3A%20Gemeinsame%20Presseerkl%C3%A4rung%20der%20Staatsanwaltschaft%20Landau%20und%20der%20Kriminalinspektion%20Landau%0A%0Ahttps%3A%2F%2Fwww.presseportal.de%2Fblaulicht%2Fpm%2F117686%2F5851198%2F%3Futm_source%3Dwhatsapp%26utm_medium%3Dsocial\"><\/a><a href=\"https:\/\/www.xing.com\/app\/user?op=share;url=https%3A%2F%2Fwww.presseportal.de%2Fblaulicht%2Fpm%2F117686%2F5851198%2F%3Futm_source%3Dxing%26utm_medium%3Dsocial\"><\/a><a href=\"http:\/\/www.linkedin.com\/shareArticle?mini=true&amp;url=https%3A%2F%2Fwww.presseportal.de%2Fblaulicht%2Fpm%2F117686%2F5851198%2F%3Futm_source%3Dlinkedin%26utm_medium%3Dsocial&amp;title=POL-PDLD%3A+Gemeinsame+Presseerkl%C3%A4rung+der+Staatsanwaltschaft+Landau+und+der+Kriminalinspektion+Landau\"><\/a><a href=\"mailto:?subject=POL-PDLD%3A%20Gemeinsame%20Presseerkl%C3%A4rung%20der%20Staatsanwaltschaft%20Landau%20und%20der%20Kriminalinspektion%20Landau&amp;body=https:\/\/www.presseportal.de\/blaulicht\/pm\/117686\/5851198\"><\/a><\/li>\n<\/ul>\n\n\n\n<h2 class=\"wp-block-heading\">(Hatzenb\u00fchl) &#8211; Nachtrag zum Brand einer Scheune<\/h2>\n\n\n\n<h3 class=\"wp-block-heading\">Gemeinsame Presseerkl\u00e4rung der Staatsanwaltschaft Landau und der Kriminalinspektion Landau<\/h3>\n\n\n\n<h4 class=\"wp-block-heading\">Link zur Erstmeldung:&nbsp;<a target=\"_blank\" rel=\"noreferrer noopener\" href=\"https:\/\/www.presseportal.de\/blaulicht\/pm\/117696\/5825408\">https:\/\/www.presseportal.de\/blaulicht\/pm\/117696\/5825408<\/a><\/h4>\n\n\n\n<p>Nachdem die Sicherungsarbeiten einer Spezialfirma an der einsturzgef\u00e4hrdeten Brandst\u00e4tte zum Abschluss gebracht wurden, konnte diese mittlerweile von Ermittlern der Kriminalpolizei Landau und einem Brandsachverst\u00e4ndigen begutachtet werden.<\/p>\n\n\n\n<p>Nach dem vorl\u00e4ufigen Ergebnis des Gutachters kann, aufgrund der starken Brandzehrung, die Brandursache nicht abschlie\u00dfend gekl\u00e4rt werden. Es liegen derzeit jedoch keine Anhaltspunkte f\u00fcr eine Brandstiftung vor.<\/p>\n\n\n\n<p>Nach den bisherigen Erkenntnissen ist davon auszugehen, dass der Brand im n\u00f6rdlichen Teil der Scheune ausgebrochen ist.<\/p>\n\n\n\n<h2 class=\"wp-block-heading\">(W\u00f6rth) &#8211; Einbruch in Eiscaf\u00e9 innerhalb eines Einkaufcenters<\/h2>\n\n\n\n<p>Bisher unbekannte T\u00e4ter stiegen \u00fcber das Dach eines Einkaufscenters in Maximiliansau in ein Eiscaf\u00e9 ein. Dazu mussten sie sich mittels Werkzeug durch die verschiedenen Schichten der Deckenkonstruktion durcharbeiten. Innerhalb des Eiscaf\u00e9s wurde eine geringe Menge Bargeld und eine transportable Musikbox entwendet. In der Deckenkonstruktion wurde zudem eine Wasserleitung besch\u00e4digt, sodass zus\u00e4tzlich ein Wasserschaden entstand. Der Sachschaden wird auf ca. 50.000 Euro gesch\u00e4tzt. Die Kriminalinspektion Landau hat die Ermittlungen aufgenommen.<\/p>\n\n\n\n<h2 class=\"wp-block-heading\">(Neuburg) &#8211; Kontrolle der Wirtschaftswege und des Deichweges<\/h2>\n\n\n\n<p>Am 25.08.24 gegen 09.30h kontrollierte eine Streife der Polizei W\u00f6rth das Durchfahrtsverbot mehrerer Wirtschafts- und Waldwege, sowie des Deichweges. Grund hierf\u00fcr ist die Sperrung der L556 zwischen Hagenbach und Neuburg wegen einer Baustelle. Viele Verkehrsteilnehmer nutzen in diesem Zusammenhang verbotenerweise Schleichwege anstatt der offiziellen Umleitung. Die Polizei reagiert mit den Kontrollen u.a. auf B\u00fcrgerbeschwerden. Bei der Kontrollfahrt konnte lediglich ein Radfahrer festgestellt werden, der das Rotlicht der Baustellenampelanlage missachtete. Er wurde geb\u00fchrenpflichtig verwarnt.<\/p>\n\n\n\n<h2 class=\"wp-block-heading\">(Neuburg) &#8211; Nachtrag zum Brand eines landwirtschaftlichen Unterstands<\/h2>\n\n\n\n<h3 class=\"wp-block-heading\">Gemeinsame Presseerkl\u00e4rung der Staatsanwaltschaft Landau und der Kriminalinspektion Landau<\/h3>\n\n\n\n<h4 class=\"wp-block-heading\">Link zur Erstmeldung:&nbsp;<a target=\"_blank\" rel=\"noreferrer noopener\" href=\"https:\/\/www.presseportal.de\/blaulicht\/pm\/117686\/5847585\">https:\/\/www.presseportal.de\/blaulicht\/pm\/117686\/5847585<\/a><\/h4>\n\n\n\n<p>Nach den bisher durchgef\u00fchrten Ermittlungen, unter Hinzuziehung eines Brandsachverst\u00e4ndigen, ist davon auszugehen, dass der Brand vors\u00e4tzlich gelegt wurde.<\/p>\n\n\n\n<p>Die Kriminalpolizei Landau bittet die \u00d6ffentlichkeit deshalb um Mithilfe.<\/p>\n\n\n\n<ul>\n<li><strong>Wer sachdienliche Hinweise zu dem genannten Fall geben kann, wird gebeten sich mit der Kriminalinspektion Landau unter der Rufnummer 06341-287-0 in Verbindung zu setzen. Hinweise k\u00f6nnen auch direkt per E-Mail unter&nbsp;<a href=\"mailto:%20KILandau.K41@polizei.rlp.de\">KILandau.K41@polizei.rlp.de<\/a>&nbsp;an die Polizei \u00fcbermittelt werden.<\/strong><\/li>\n<\/ul>\n\n\n\n<h2 class=\"wp-block-heading\">(Berg) &#8211; Einbr\u00fcche in Wohnh\u00e4user<\/h2>\n\n\n\n<p>In den sp\u00e4ten Abendstunden am Samstag, 24.08.2024, kam es in Berg in der Stra\u00dfe &#8222;Dornenhecke&#8220; zu einem Einbruch in ein Einfamilienhaus. Dabei verschafften sich vermutlich zwei derzeit unbekannte T\u00e4ter \u00fcber die Terrassent\u00fcr Zugang zum Haus. Dieses befindet sich in Feldrandlage. Nach ersten Erkenntnissen wurden Wertgegenst\u00e4nde im Wert von etwa 40.000 Euro entwendet. Zudem entstand Sachschaden.<\/p>\n\n\n\n<p>Im gleichen Zeitraum kam es in der Stra\u00dfe &#8222;Roseng\u00e4rtenstra\u00dfe&#8220; zu einem weiteren Einbruch. Auch dabei verschafften sich Unbekannte \u00fcber einen Wintergarten Zugang zum Objekt. Ebenfalls wurden hier Wertsachen und wahrscheinlich Bargeld entwendet. Eine Schadensh\u00f6he ist noch nicht bekannt.<\/p>\n\n\n\n<ul>\n<li><strong>Zeugen, welche verd\u00e4chtige Wahrnehmungen gemacht haben, sollen sich bitte mit der Polizei W\u00f6rth unter 07271 \/ 92210 oder&nbsp;<a href=\"mailto:%20piwoerth@polizei.rlp.de\">piwoerth@polizei.rlp.de<\/a>&nbsp;in Verbindung setzen.<\/strong><\/li>\n<\/ul>\n\n\n\n<h2 class=\"wp-block-heading\">(Kandel) &#8211; Verkehrsunfallflucht im Wohngebiet<\/h2>\n\n\n\n<p>In der Nacht von Freitag, 23.08.2024, auf Samstag, 24.08.2024, kam es in der Robert-Koch-Stra\u00dfe in Kandel zu einem Verkehrsunfall. Ein ordnungsgem\u00e4\u00df am rechten Stra\u00dfenrand geparktes Fahrzeug, ein brauner VW Golf Variant, wurde dabei vermutlich beim Ausparken durch ein anderes Fahrzeug besch\u00e4digt. Der Verursacher des Schadens ist bis dato nicht bekannt. Er entfernte sich unerlaubt von der Unfallstelle, ohne sich um den entstanden Schaden zu k\u00fcmmern.<\/p>\n\n\n\n<ul>\n<li><strong>Hinweise bitte an die Polizeiinspektion W\u00f6rth am Rhein unter der Telefonnummer 07271 \/ 92210 oder per Email an&nbsp;<a href=\"mailto:%20piwoerth@polizei.rlp.de\">piwoerth@polizei.rlp.de<\/a>.<\/strong><\/li>\n<\/ul>\n\n\n\n<h2 class=\"wp-block-heading\">(Minfeld) &#8211; Verkehrsunfallflucht auf Fahrradweg<\/h2>\n\n\n\n<p>Am Freitag, 23.08.2024, gegen 23:30 Uhr ereignete sich auf dem Fahrradweg zwischen Minfeld und Kandel ein Verkehrsunfall. Es kam zu einem Zusammensto\u00df zwischen zwei sich entgegenkommenden Fahrradfahrern. Dadurch st\u00fcrzte der in Richtung Kandel fahrende 50-j\u00e4hrige Beteiligte zu Boden und verletzte sich leicht. Der derzeit noch unbekannte andere Beteiligte verblieb kurz vor Ort, entfernt sich dann aber rasch und unerlaubt von der Unfallstelle weiter in Richtung Minfeld, ohne seine Personalien zu hinterlassen.<\/p>\n\n\n\n<p>Im Rahmen der Unfallaufnahme ergab sich, dass der gest\u00fcrzte Fahrradfahrer unter Alkoholeinwirkung stand. Dementsprechend wurde ihm Blutprobe entnommen.<\/p>\n\n\n\n<p>Somit wurden bez\u00fcglich des Unfalls zwei Strafanzeigen, einmal wegen einer Verkehrsunfallflucht und einmal wegen einer Trunkenheit im Verkehr gefertigt.<\/p>\n\n\n\n<ul>\n<li><strong>Bez\u00fcglich des gefl\u00fcchteten Fahrradfahrers wird um Zeugenhinweise an die Polizeiinspektion W\u00f6rth am Rhein unter der Telefonnummer 07271 \/ 92210 oder per Email an&nbsp;<a href=\"mailto:%20piwoerth@polizei.rlp.de\">piwoerth@polizei.rlp.de<\/a><\/strong><\/li>\n<\/ul>\n\n\n\n<h2 class=\"wp-block-heading\">(Kapsweyer) &#8211; Fahrradfahrer fl\u00fcchtet nach Unfall<a href=\"https:\/\/www.facebook.com\/sharer.php?u=https%3A%2F%2Fwww.presseportal.de%2Fblaulicht%2Fpm%2F117686%2F5850264%2F%3Futm_source%3Dfacebook%26utm_medium%3Dsocial\"><\/a><a href=\"https:\/\/twitter.com\/intent\/tweet?text=POL-PDLD%3A%20Fahrradfahrer%20fl%C3%BCchtet%20nach%20Unfall&amp;url=https%3A%2F%2Fwww.presseportal.de%2Fblaulicht%2Fpm%2F117686%2F5850264%2F%3Futm_source%3Dtwitter%26utm_medium%3Dsocial&amp;hashtags=ots&amp;lang=de\"><\/a><a href=\"https:\/\/web.whatsapp.com\/send?text=POL-PDLD%3A%20Fahrradfahrer%20fl%C3%BCchtet%20nach%20Unfall%0A%0Ahttps%3A%2F%2Fwww.presseportal.de%2Fblaulicht%2Fpm%2F117686%2F5850264%2F%3Futm_source%3Dwhatsapp%26utm_medium%3Dsocial\"><\/a><a href=\"https:\/\/www.xing.com\/app\/user?op=share;url=https%3A%2F%2Fwww.presseportal.de%2Fblaulicht%2Fpm%2F117686%2F5850264%2F%3Futm_source%3Dxing%26utm_medium%3Dsocial\"><\/a><a href=\"http:\/\/www.linkedin.com\/shareArticle?mini=true&amp;url=https%3A%2F%2Fwww.presseportal.de%2Fblaulicht%2Fpm%2F117686%2F5850264%2F%3Futm_source%3Dlinkedin%26utm_medium%3Dsocial&amp;title=POL-PDLD%3A+Fahrradfahrer+fl%C3%BCchtet+nach+Unfall\"><\/a><a href=\"mailto:?subject=POL-PDLD%3A%20Fahrradfahrer%20fl%C3%BCchtet%20nach%20Unfall&amp;body=https:\/\/www.presseportal.de\/blaulicht\/pm\/117686\/5850264\"><\/a><\/h2>\n\n\n<div class=\"wp-block-image\">\n<figure class=\"aligncenter\"><a href=\"https:\/\/cache.pressmailing.net\/thumbnail\/story_hires\/b51d0d84-8579-4e0a-bad0-28283f0faef7\/besch%C3%A4digterPKW.JPG.jpg\"><img decoding=\"async\" src=\"https:\/\/cache.pressmailing.net\/thumbnail\/story_big\/b51d0d84-8579-4e0a-bad0-28283f0faef7\/pol-pdld-fahrradfahrer-fl-chtet-nach-unfall\" alt=\"POL-PDLD: Fahrradfahrer fl\u00fcchtet nach Unfall\"\/><\/a><\/figure><\/div>\n\n\n<p>Am Morgen des 25.08. wurde durch einen Anwohner der Hauptstra\u00dfe in Kapsweyer mitgeteilt, dass die Heckscheibe seines PKW besch\u00e4digt wurde. Gegen\u00fcber der Polizei gab ein Nachbar an, dass er am Vorabend einen Knall geh\u00f6rt habe und anschlie\u00dfend einen Fahrradfahrer dabei beobachtet habe, wie dieser Glasscherben unter das Auto schob und sich dann von der Unfall\u00f6rtlichkeit entfernte. Bislang konnte der Unfallverursacher noch nicht ermittelt werden, sollte es weitere Zeugen des Unfalls geben, werden diese gebeten, sich mit der Polizeiinspektion Bad Bergzabern in Verbindung zu setzen.<\/p>\n\n\n\n<h2 class=\"wp-block-heading\">(Annweiler) &#8211; Wechsel in der Leitung der Polizeiwache Annweiler<a href=\"https:\/\/www.facebook.com\/sharer.php?u=https%3A%2F%2Fwww.presseportal.de%2Fblaulicht%2Fpm%2F117696%2F5851313%2F%3Futm_source%3Dfacebook%26utm_medium%3Dsocial\"><\/a><a href=\"https:\/\/twitter.com\/intent\/tweet?text=POL-PPRP%3A%20Wechsel%20in%20der%20Leitung%20der%20Polizeiwache%20Annweiler&amp;url=https%3A%2F%2Fwww.presseportal.de%2Fblaulicht%2Fpm%2F117696%2F5851313%2F%3Futm_source%3Dtwitter%26utm_medium%3Dsocial&amp;hashtags=ots&amp;lang=de\"><\/a><a href=\"https:\/\/web.whatsapp.com\/send?text=POL-PPRP%3A%20Wechsel%20in%20der%20Leitung%20der%20Polizeiwache%20Annweiler%0A%0Ahttps%3A%2F%2Fwww.presseportal.de%2Fblaulicht%2Fpm%2F117696%2F5851313%2F%3Futm_source%3Dwhatsapp%26utm_medium%3Dsocial\"><\/a><a href=\"https:\/\/www.xing.com\/app\/user?op=share;url=https%3A%2F%2Fwww.presseportal.de%2Fblaulicht%2Fpm%2F117696%2F5851313%2F%3Futm_source%3Dxing%26utm_medium%3Dsocial\"><\/a><a href=\"http:\/\/www.linkedin.com\/shareArticle?mini=true&amp;url=https%3A%2F%2Fwww.presseportal.de%2Fblaulicht%2Fpm%2F117696%2F5851313%2F%3Futm_source%3Dlinkedin%26utm_medium%3Dsocial&amp;title=POL-PPRP%3A+Wechsel+in+der+Leitung+der+Polizeiwache+Annweiler\"><\/a><a href=\"mailto:?subject=POL-PPRP%3A%20Wechsel%20in%20der%20Leitung%20der%20Polizeiwache%20Annweiler&amp;body=https:\/\/www.presseportal.de\/blaulicht\/pm\/117696\/5851313\"><\/a><\/h2>\n\n\n<div class=\"wp-block-image\">\n<figure class=\"aligncenter\"><a href=\"https:\/\/cache.pressmailing.net\/thumbnail\/story_hires\/68b31b78-0d99-4b31-8e77-4c862cd70e62\/20240826_133128.jpg.jpg\"><img decoding=\"async\" src=\"https:\/\/cache.pressmailing.net\/thumbnail\/story_big\/68b31b78-0d99-4b31-8e77-4c862cd70e62\/pol-pprp-wechsel-in-der-leitung-der-polizeiwache-annweiler\" alt=\"POL-PPRP: Wechsel in der Leitung der Polizeiwache Annweiler\"\/><\/a><\/figure><\/div>\n\n\n<p>Am 26.08.2024 wurde der bisherige Leiter der Polizeiwache Annweiler, Erster Polizeihauptkommissar Matthias Schwartz, nach 45 Jahren Polizeidienst von Polizeivizepr\u00e4sident Andreas Sarter in den Ruhestand verabschiedet.<\/p>\n\n\n\n<p>Der 61-J\u00e4hrige wurde 1979 bei der Polizei Rheinland-Pfalz eingestellt und hat den Polizeiberuf von der Pike auf gelernt. Nach den Anfangsjahren bei der Bereitschaftspolizei in Enkenbach-Alsenborn erfolgte 1997 der Aufstieg in den gehobenen Dienst und die Versetzung zur Polizeiinspektion Ha\u00dfloch, wo er als Dienstgruppenleiter eingesetzt wurde. Nach Stationen bei der Polizeiinspektion Neustadt als Sachbearbeiter Einsatz und Leiter des Bezirksdienstes bzw. des Sachgebietes Jugend \u00fcbernahm Matthias Schwartz im Januar 2018 die Leitung der Polizeiwache Annweiler. Mit Ablauf des 31.08.2024 wird er nun in den wohlverdienten Ruhestand versetzt. Hierf\u00fcr w\u00fcnschen wir ihm alles Gute.<\/p>\n\n\n\n<p>Gleichzeitig wurde der neue Leiter der Polizeiwache Annweiler, Kriminalhauptkommissar Falko Grote, von Polizeivizepr\u00e4sident Andreas Sarter in sein Amt eingef\u00fchrt. Die Funktion \u00fcbernimmt der 48-J\u00e4hrige offiziell zum 01.09.2024.<\/p>\n\n\n\n<p>Falko Grote wurde 1996 bei der Polizei des Landes Rheinland-Pfalz eingestellt und wurde nach seiner Verwendung bei der Bereitschaftspolizei ab 2001 zun\u00e4chst bei der Polizeiinspektion W\u00f6rth im Wechselschichtdienst als Sachbearbeiter und Abwesenheitsvertreter eines Dienstgruppenleiters eingesetzt. Im Jahr 2006 folgte der Wechsel zur Kriminalpolizei Landau, wo der Hauptkommissar bis 2023 in der stellvertretenden Leitung eines Kriminalkommissariats t\u00e4tig war und auch mehrere Ermittlungsgruppen leitete. 2023 wurde ihm schlie\u00dflich die Leitung des Kommissariats Kriminaltechnik bei der Kriminalinspektion Landau \u00fcbertragen.<\/p>\n\n\n\n<p>Die Polizeiwache Annweiler geh\u00f6rt organisatorisch zur Polizeiinspektion Landau. Der Dienstbezirk der Wache umfasst neben der Stadt Annweiler am Trifels auch einen Teilbereich der Verbandsgemeinde Annweiler.<\/p>\n\n\n\n<p>Das Polizeipr\u00e4sidium Rheinpfalz mit Sitz in Ludwigshafen am Rhein ist zust\u00e4ndig f\u00fcr die Sicherheit von \u00fcber 900.000 Menschen. Der Dienstbezirk der Beh\u00f6rde mit ihren rund 2.200 Mitarbeiterinnen und Mitarbeitern umfasst auf etwa 2.400 Quadratkilometern die komplette Vorder- und S\u00fcdpfalz mit dem Rhein-Pfalz-Kreis, den Landkreisen Bad D\u00fcrkheim, Germersheim und S\u00fcdliche Weinstra\u00dfe sowie den kreisfreien St\u00e4dten Frankenthal (Pfalz), Landau in der Pfalz, Ludwigshafen am Rhein, Neustadt a.d.W. und Speyer.<\/p>\n\n\n\n<h4 class=\"wp-block-heading\"><em>Wenn Sie einen Einblick in unsere Arbeit gewinnen wollen, schauen Sie sich gerne unter&nbsp;<a href=\"https:\/\/s.rlp.de\/YwRYe\" target=\"_blank\" rel=\"noreferrer noopener\">https:\/\/s.rlp.de\/YwRYe<\/a>&nbsp;unseren Film &#8222;Wir f\u00fcr die Pfalz&#8220; an oder werfen einen Blick in unsere bildgewaltige und informative Brosch\u00fcre unter&nbsp;<a href=\"https:\/\/s.rlp.de\/Hq6Al\" target=\"_blank\" rel=\"noreferrer noopener\">https:\/\/s.rlp.de\/Hq6Al<\/a>. Sie werden \u00fcberrascht sein, was wir alles machen.<\/em><\/h4>\n\n\n\n<h2 class=\"wp-block-heading\">(Annweiler) &#8211; Motorschaden eines Reisebusses verursacht Verkehrschaos<a href=\"https:\/\/www.facebook.com\/sharer.php?u=https%3A%2F%2Fwww.presseportal.de%2Fblaulicht%2Fpm%2F117686%2F5850481%2F%3Futm_source%3Dfacebook%26utm_medium%3Dsocial\"><\/a><a href=\"https:\/\/twitter.com\/intent\/tweet?text=POL-PDLD%3A%20Motorschaden%20eines%20Reisebusses%20verursacht%20Verkehrschaos&amp;url=https%3A%2F%2Fwww.presseportal.de%2Fblaulicht%2Fpm%2F117686%2F5850481%2F%3Futm_source%3Dtwitter%26utm_medium%3Dsocial&amp;hashtags=ots&amp;lang=de\"><\/a><a href=\"https:\/\/web.whatsapp.com\/send?text=POL-PDLD%3A%20Motorschaden%20eines%20Reisebusses%20verursacht%20Verkehrschaos%0A%0Ahttps%3A%2F%2Fwww.presseportal.de%2Fblaulicht%2Fpm%2F117686%2F5850481%2F%3Futm_source%3Dwhatsapp%26utm_medium%3Dsocial\"><\/a><a href=\"https:\/\/www.xing.com\/app\/user?op=share;url=https%3A%2F%2Fwww.presseportal.de%2Fblaulicht%2Fpm%2F117686%2F5850481%2F%3Futm_source%3Dxing%26utm_medium%3Dsocial\"><\/a><a href=\"http:\/\/www.linkedin.com\/shareArticle?mini=true&amp;url=https%3A%2F%2Fwww.presseportal.de%2Fblaulicht%2Fpm%2F117686%2F5850481%2F%3Futm_source%3Dlinkedin%26utm_medium%3Dsocial&amp;title=POL-PDLD%3A+Motorschaden+eines+Reisebusses+verursacht+Verkehrschaos\"><\/a><a href=\"mailto:?subject=POL-PDLD%3A%20Motorschaden%20eines%20Reisebusses%20verursacht%20Verkehrschaos&amp;body=https:\/\/www.presseportal.de\/blaulicht\/pm\/117686\/5850481\"><\/a><\/h2>\n\n\n<div class=\"wp-block-image\">\n<figure class=\"aligncenter\"><a href=\"https:\/\/cache.pressmailing.net\/thumbnail\/story_hires\/0ccd3476-f463-461f-89b7-2867b6f125b7\/01.jpg.jpg\"><img decoding=\"async\" src=\"https:\/\/cache.pressmailing.net\/thumbnail\/story_big\/0ccd3476-f463-461f-89b7-2867b6f125b7\/pol-pdld-motorschaden-eines-reisebusses-verursacht-verkehrschaos\" alt=\"POL-PDLD: Motorschaden eines Reisebusses verursacht Verkehrschaos\"\/><\/a><\/figure><\/div>\n\n\n<p>Am Sonntagabend gegen 18 Uhr erhielt die Polizei Landau mehrere Meldungen \u00fcber einen rauchenden Reisebus auf der Bundesstra\u00dfe 10 bei Annweiler unmittelbar nach dem Barbarossatunnel in Fahrtrichtung Landau. Vor Ort wurde neben auslaufenden Betriebsstoffen lediglich eine starke Rauchentwicklung und kein tats\u00e4chlicher Fahrzeugbrand festgestellt. Die 31-k\u00f6pfige Reisegruppe aus S\u00fcdkorea konnte den Bus rechtzeitig verlassen und blieb unverletzt. Bis zur Organisation eines Ersatzbusses durch den Reiseveranstalter wurde die Reisegruppe in einer gemeindeeigenen Halle betreut und versorgt.<\/p>\n\n\n\n<p>Aufgrund des umfangreichen Einsatzes mehrerer Feuerwehren der Verbandsgemeinde Annweiler und Reinigungsarbeiten der Stra\u00dfenmeisterei mussten die Tunnel auf der B10 bei Annweiler vor\u00fcbergehend gesperrt werden, was sowohl in Fahrtrichtung Pirmasens als auch Landau zu Staubildungen \u00fcber mehrere Kilometer f\u00fchrte.<\/p>\n\n\n\n<p>Zum Berichtszeitpunkt (21:30 Uhr) dauern die Reinigungsarbeiten der Stra\u00dfe an, d\u00fcrften jedoch am sp\u00e4ten Abend abgeschlossen sein.<\/p>\n\n\n\n<h2 class=\"wp-block-heading\">(Landau) &#8211; Exhibitionist \/ Zeugen gesucht<\/h2>\n\n\n<div class=\"wp-block-image\">\n<figure class=\"aligncenter size-full\"><img decoding=\"async\" loading=\"lazy\" width=\"500\" height=\"1000\" src=\"https:\/\/speyer24news.com\/wp-content\/uploads\/2022\/10\/Exhibitionist.png\" alt=\"\" class=\"wp-image-49838\" srcset=\"https:\/\/speyer24news.com\/wp-content\/uploads\/2022\/10\/Exhibitionist.png 500w, https:\/\/speyer24news.com\/wp-content\/uploads\/2022\/10\/Exhibitionist-150x300.png 150w\" sizes=\"(max-width: 500px) 100vw, 500px\" \/><\/figure><\/div>\n\n\n<p>Am 25.08.2024 wurde der Polizeiinspektion Landau gegen 15:20 Uhr eine m\u00e4nnliche Person gemeldet, welche auf einer Parkbank im Luitpoldpark in Landau an ihrem erigierten Glied manipulieren w\u00fcrde. Die Person konnte im Rahmen der Fahndung nicht mehr angetroffen werden. Ein Strafverfahren wurde eingeleitet und die polizeilichen Ermittlungen aufgenommen. <\/p>\n\n\n\n<ul>\n<li><strong>Die Polizei bittet Zeugen, die Hinweise zu der Tat oder dem T\u00e4ter geben k\u00f6nnen sich per Email an&nbsp;<a href=\"mailto:%20pilandau@polizei.rlp.de\">pilandau@polizei.rlp.de<\/a>&nbsp;oder telefonisch unter 06341-287-0 bei der Polizeiinspektion Landau zu melden.<\/strong><\/li>\n<\/ul>\n\n\n\n<h2 class=\"wp-block-heading\">(Landau) &#8211; Versammlungslage in der Landauer Innenstadt<a href=\"https:\/\/www.facebook.com\/sharer.php?u=https%3A%2F%2Fwww.presseportal.de%2Fblaulicht%2Fpm%2F117686%2F5850074%2F%3Futm_source%3Dfacebook%26utm_medium%3Dsocial\"><\/a><a href=\"https:\/\/twitter.com\/intent\/tweet?text=POL-PDLD%3A%20Versammlungslage%20in%20der%20Landauer%20Innenstadt&amp;url=https%3A%2F%2Fwww.presseportal.de%2Fblaulicht%2Fpm%2F117686%2F5850074%2F%3Futm_source%3Dtwitter%26utm_medium%3Dsocial&amp;hashtags=ots&amp;lang=de\"><\/a><a href=\"https:\/\/web.whatsapp.com\/send?text=POL-PDLD%3A%20Versammlungslage%20in%20der%20Landauer%20Innenstadt%0A%0Ahttps%3A%2F%2Fwww.presseportal.de%2Fblaulicht%2Fpm%2F117686%2F5850074%2F%3Futm_source%3Dwhatsapp%26utm_medium%3Dsocial\"><\/a><a href=\"https:\/\/www.xing.com\/app\/user?op=share;url=https%3A%2F%2Fwww.presseportal.de%2Fblaulicht%2Fpm%2F117686%2F5850074%2F%3Futm_source%3Dxing%26utm_medium%3Dsocial\"><\/a><a href=\"http:\/\/www.linkedin.com\/shareArticle?mini=true&amp;url=https%3A%2F%2Fwww.presseportal.de%2Fblaulicht%2Fpm%2F117686%2F5850074%2F%3Futm_source%3Dlinkedin%26utm_medium%3Dsocial&amp;title=POL-PDLD%3A+Versammlungslage+in+der+Landauer+Innenstadt\"><\/a><a href=\"mailto:?subject=POL-PDLD%3A%20Versammlungslage%20in%20der%20Landauer%20Innenstadt&amp;body=https:\/\/www.presseportal.de\/blaulicht\/pm\/117686\/5850074\"><\/a><\/h2>\n\n\n<div class=\"wp-block-image\">\n<figure class=\"aligncenter\"><a href=\"https:\/\/cache.pressmailing.net\/thumbnail\/story_hires\/c58ff6df-aad5-4a68-88cb-fc3655561a2d\/01.jpg.jpg\"><img decoding=\"async\" src=\"https:\/\/cache.pressmailing.net\/thumbnail\/story_big\/c58ff6df-aad5-4a68-88cb-fc3655561a2d\/pol-pdld-versammlungslage-in-der-landauer-innenstadt\" alt=\"POL-PDLD: Versammlungslage in der Landauer Innenstadt\"\/><\/a><\/figure><\/div>\n\n\n<p>Im Rahmen des am 24.08.2024 stattfindenden Klimafestivals im Landauer Goethepark wurde von 17 &#8211; 18 Uhr eine angemeldete Versammlung in Form eines Aufzuges durch die Landauer Innenstadt abgehalten. Die circa 50 Teilnehmer bewegten sich mit Inline-Skates, Skateboards und Fahrr\u00e4dern fort.<\/p>\n\n\n\n<p>Kr\u00e4fte der Polizeiinspektion Landau sowie des Vollzugsdienstes der Stadt Landau begleiteten den Aufzug und gew\u00e4hrleisteten einen sicheren und st\u00f6rungsfreien Ablauf. Aufgrund kurzzeitig erforderlicher Stra\u00dfensperrungen kam es zu geringf\u00fcgigen Verkehrsbeeintr\u00e4chtigungen.<\/p>\n\n\n\n<h2 class=\"wp-block-heading\">(Landau) &#8211; Alkoholisiert unterwegs<\/h2>\n\n\n\n<p>Am 23.08.2024 wurde gegen 23:35 Uhr ein 46-j\u00e4hriger VW-Fahrer in Landau in der Bahnhofstra\u00dfe einer Verkehrskontrolle unterzogen. Bei dem Fahrer konnte Alkoholgeruch festgestellt werden. Ein auf der Dienststelle durchgef\u00fchrter Test ergab einen Wert von 0,74 Promille. Ein Ordnungswidrigkeitenverfahren wurde eingeleitet. Er wird sich auf ein Bu\u00dfgeld in H\u00f6he von 500 Euro, zwei Punkte in der Verkehrss\u00fcnderdatei sowie ein einmonatiges Fahrverbot einstellen m\u00fcssen.<\/p>\n\n\n\n<h2 class=\"wp-block-heading\">(Landau) &#8211; Gestohlener E-Scooter sichergestellt<\/h2>\n\n\n\n<p>Am 23.08.2024 wurde gegen 17:45 Uhr ein 28-j\u00e4hriger E-Scooter-Fahrer in der Martin-Luther-Stra\u00dfe in Landau einer Verkehrskontrolle unterzogen. Es stellte sich heraus, dass der E-Scooter zur Fahndung nach Diebstahl ausgeschrieben war. Zudem verf\u00fcgte dieser nicht \u00fcber eine Versicherung. Zu allem \u00dcberfluss stand der 28-J\u00e4hrige unter dem Einfluss von THC. Der E-Scooter wurde sichergestellt und bei dem 28-J\u00e4hrigen eine Blutprobe entnommen. Er wird sich nun in Strafverfahren wegen Diebstahl, Trunkenheit im Verkehr sowie eines Versto\u00dfes gegen das Pflichtversicherungsgesetz verantworten m\u00fcssen.<\/p>\n\n\n\n<h2 class=\"wp-block-heading\">(Edenkoben) &#8211; Einbruchsdiebstahl in Edenkobener Tafel<\/h2>\n\n\n\n<p>Am Sonntag, 25.08.2024, 16.28 Uhr wurde der Polizei ein Einbruch in die R\u00e4umlichkeiten der Edenkobener Tafel im Industriering gemeldet. Hierbei sind \u00fcber das zur\u00fcckliegende Wochenende ersten Ermittlungen zufolge Unbekannte \u00fcber die Umz\u00e4unung gestiegen und haben an dem Objekt eine Seitenscheibe eingeschlagen. Dadurch gelangten sie in das Geb\u00e4ude, wo die B\u00fcror\u00e4umlichkeiten nach Diebesgut durchsucht wurden. Allerdings konnten die Einbrecher keine Wertgegenst\u00e4nde auffinden. <\/p>\n\n\n\n<ul>\n<li><strong>Die Polizei sucht Zeugen, die verd\u00e4chtige Wahrnehmungen oder sonstige Auff\u00e4lligkeiten gemacht haben. Diese sollen sich bitte unter der Telefonnummer 06323 9550 melden.<\/strong><\/li>\n<\/ul>\n\n\n\n<h2 class=\"wp-block-heading\">(Edenkoben) &#8211; Rutschgefahr durch Diesel<a href=\"https:\/\/www.facebook.com\/sharer.php?u=https%3A%2F%2Fwww.presseportal.de%2Fblaulicht%2Fpm%2F117686%2F5850385%2F%3Futm_source%3Dfacebook%26utm_medium%3Dsocial\"><\/a><a href=\"https:\/\/twitter.com\/intent\/tweet?text=POL-PDLD%3A%20Rutschgefahr%20durch%20Diesel&amp;url=https%3A%2F%2Fwww.presseportal.de%2Fblaulicht%2Fpm%2F117686%2F5850385%2F%3Futm_source%3Dtwitter%26utm_medium%3Dsocial&amp;hashtags=ots&amp;lang=de\"><\/a><a href=\"https:\/\/web.whatsapp.com\/send?text=POL-PDLD%3A%20Rutschgefahr%20durch%20Diesel%0A%0Ahttps%3A%2F%2Fwww.presseportal.de%2Fblaulicht%2Fpm%2F117686%2F5850385%2F%3Futm_source%3Dwhatsapp%26utm_medium%3Dsocial\"><\/a><a href=\"https:\/\/www.xing.com\/app\/user?op=share;url=https%3A%2F%2Fwww.presseportal.de%2Fblaulicht%2Fpm%2F117686%2F5850385%2F%3Futm_source%3Dxing%26utm_medium%3Dsocial\"><\/a><a href=\"http:\/\/www.linkedin.com\/shareArticle?mini=true&amp;url=https%3A%2F%2Fwww.presseportal.de%2Fblaulicht%2Fpm%2F117686%2F5850385%2F%3Futm_source%3Dlinkedin%26utm_medium%3Dsocial&amp;title=POL-PDLD%3A+Rutschgefahr+durch+Diesel\"><\/a><a href=\"mailto:?subject=POL-PDLD%3A%20Rutschgefahr%20durch%20Diesel&amp;body=https:\/\/www.presseportal.de\/blaulicht\/pm\/117686\/5850385\"><\/a><\/h2>\n\n\n<div class=\"wp-block-image\">\n<figure class=\"aligncenter\"><a href=\"https:\/\/cache.pressmailing.net\/thumbnail\/story_hires\/25f333c7-6423-40b2-9460-16e0f3ad94d6\/Diesel2.jpg.jpg\"><img decoding=\"async\" src=\"https:\/\/cache.pressmailing.net\/thumbnail\/story_big\/25f333c7-6423-40b2-9460-16e0f3ad94d6\/pol-pdld-rutschgefahr-durch-diesel\" alt=\"POL-PDLD: Rutschgefahr durch Diesel\"\/><\/a><\/figure><\/div>\n\n\n<p>Am 24.08.2024 gegen 14:00 Uhr kam es zu einer Gefahrenstelle in der &#8218;Rhodter Stra\u00dfe&#8216; in Edenkoben. Bei einem PKW kam es w\u00e4hrend der Fahrt zu einem technischen Defekt, wodurch eine Dieselleitung riss und mehrere Liter Kraftstoff ausliefen. Der betroffene Bereich wurde durch die Polizei Edenkoben f\u00fcr die Dauer der Fahrbahnreinigung weitr\u00e4umig abgesperrt.<\/p>\n\n\n\n<h2 class=\"wp-block-heading\">(Venningen) &#8211; Verd\u00e4chtige Person<a href=\"https:\/\/www.facebook.com\/sharer.php?u=https%3A%2F%2Fwww.presseportal.de%2Fblaulicht%2Fpm%2F117686%2F5850386%2F%3Futm_source%3Dfacebook%26utm_medium%3Dsocial\"><\/a><a href=\"https:\/\/twitter.com\/intent\/tweet?text=POL-PDLD%3A%20verd%C3%A4chtige%20Person&amp;url=https%3A%2F%2Fwww.presseportal.de%2Fblaulicht%2Fpm%2F117686%2F5850386%2F%3Futm_source%3Dtwitter%26utm_medium%3Dsocial&amp;hashtags=ots&amp;lang=de\"><\/a><a href=\"https:\/\/web.whatsapp.com\/send?text=POL-PDLD%3A%20verd%C3%A4chtige%20Person%0A%0Ahttps%3A%2F%2Fwww.presseportal.de%2Fblaulicht%2Fpm%2F117686%2F5850386%2F%3Futm_source%3Dwhatsapp%26utm_medium%3Dsocial\"><\/a><a href=\"https:\/\/www.xing.com\/app\/user?op=share;url=https%3A%2F%2Fwww.presseportal.de%2Fblaulicht%2Fpm%2F117686%2F5850386%2F%3Futm_source%3Dxing%26utm_medium%3Dsocial\"><\/a><a href=\"http:\/\/www.linkedin.com\/shareArticle?mini=true&amp;url=https%3A%2F%2Fwww.presseportal.de%2Fblaulicht%2Fpm%2F117686%2F5850386%2F%3Futm_source%3Dlinkedin%26utm_medium%3Dsocial&amp;title=POL-PDLD%3A+verd%C3%A4chtige+Person\"><\/a><a href=\"mailto:?subject=POL-PDLD%3A%20verd%C3%A4chtige%20Person&amp;body=https:\/\/www.presseportal.de\/blaulicht\/pm\/117686\/5850386\"><\/a><\/h2>\n\n\n\n<p>Am Nachmittag des 24.08.2024 meldete sich eine besorgte B\u00fcrgerin aus der &#8218;R\u00f6hrstra\u00dfe&#8216; in Venningen bei der Polizeiinspektion Edenkoben und gab an, dass ein vermeintlicher Nachbar, aufgrund einer pers\u00f6nlichen Notlage, bei ihr geklingelt und nach Geld gefragt habe. Ihr kam der Sachverhalt verd\u00e4chtig vor, da sie den Mann nicht kannte. Anschlie\u00dfend verweigerte sie ihm Geld zu geben und der Mann (<strong>etwa 20-30 Jahre alt, ungef\u00e4hr 180cm gro\u00df, Schnurrbar, schwarzes Trikot und kurze Sporthose<\/strong>) entfernte sich in Richtung &#8218;M\u00fchlstra\u00dfe&#8216;. Bei der folgenden \u00dcberpr\u00fcfung der \u00d6rtlichkeit konnte die Person von der Polizei nicht mehr angetroffen werden.<\/p>\n\n\n\n<ul>\n<li><strong>Zeugen, welche diesbez\u00fcglich ebenfalls verd\u00e4chtige Wahrnehmungen gemacht haben, werden gebeten, sich mit der Polizei in Edenkoben unter 06323-9550 in Verbindung zu setzen.<\/strong><\/li>\n<\/ul>\n\n\n\n<h2 class=\"wp-block-heading\">(Altdorf) &#8211; K\u00f6rperverletzung nach strittiger Schiedsrichterentscheidung<\/h2>\n\n\n<div class=\"wp-block-image\">\n<figure class=\"aligncenter size-full\"><img decoding=\"async\" loading=\"lazy\" width=\"678\" height=\"381\" src=\"https:\/\/speyer24news.com\/wp-content\/uploads\/2021\/04\/Polizei-678x381.jpg\" alt=\"\" class=\"wp-image-35265\" srcset=\"https:\/\/speyer24news.com\/wp-content\/uploads\/2021\/04\/Polizei-678x381.jpg 678w, https:\/\/speyer24news.com\/wp-content\/uploads\/2021\/04\/Polizei-678x381-300x169.jpg 300w\" sizes=\"(max-width: 678px) 100vw, 678px\" \/><\/figure><\/div>\n\n\n<p>Die Polizei wurde am Sonntagmittag (25.08.2024, 16.54 Uhr) \u00fcber mehrere Notrufe von einer angeblichen Schl\u00e4gerei mit 20 Beteiligten auf dem Altdorfer Sportplatz informiert. Im Rahmen der Partie des SV Altdorf\/B\u00f6bingen gegen Friedelsheim kam es aufgrund einer strittigen Entscheidung des Referees in der Nachspielzeit zwischen den beiden Fanlagern zu Handgreiflichkeiten, Beleidigungen und Bedrohungen. Dabei wurde unter anderem ein 25 Jahre alter Ordner von einer 35 Jahren alten Frau aus dem G\u00e4stefanblock verletzt. Die Polizei ermittelt nun in zwei Strafverfahren wegen K\u00f6rperverletzung und jeweils in einem Strafverfahren wegen Beleidigung und Bedrohung. Insgesamt waren sieben Einsatzfahrzeugen und Diensthundef\u00fchrer vor Ort. Die Partie endete 3:2 f\u00fcr Friedelsheim.<\/p>\n\n\n\n<h2 class=\"wp-block-heading\">(Neustadt) &#8211; Ungebetener aggressiver Gast im Pkw<\/h2>\n\n\n\n<p>Am 24.08.2024, gg. 22:45 Uhr, parkte ein Anwohner seinen Pkw in der Duttweilerer Stra\u00dfe, Ecke Wendelinusstra\u00dfe und begann seinen Pkw zu entladen. Nachdem er unter anderem seine Kinder ins Haus gebracht hatte und zu seinem Pkw zur\u00fcckkehrte, sa\u00df eine ihm unbekannte m\u00e4nnliche Person in seinem Pkw. Auf Nachfrage wurde der Unbekannte direkt verbal aggressiv und schlug dem Anwohner sein Mobiltelefon aus der Hand als dieser die Polizei rufen wollte. Das Handy wurde hierbei besch\u00e4digt und der Unbekannte fl\u00fcchtete. <\/p>\n\n\n\n<h4 class=\"wp-block-heading\">Der T\u00e4ter wird wie folgt beschrieben: <\/h4>\n\n\n\n<ul>\n<li><strong>m\u00e4nnlich<\/strong><\/li>\n\n\n\n<li><strong>30-35 Jahre<\/strong><\/li>\n\n\n\n<li><strong>wei\u00dfes T-Shirt mit schwarzer Aufschrift<\/strong><\/li>\n\n\n\n<li><strong>kurze Jeanshose<\/strong><\/li>\n\n\n\n<li><strong>dunkles Haar<\/strong><\/li>\n\n\n\n<li><strong>deutscher Ph\u00e4notyp<\/strong><\/li>\n<\/ul>\n\n\n\n<ul>\n<li><strong>Die Polizei bittet um Hinweise<\/strong><\/li>\n<\/ul>\n\n\n\n<h2 class=\"wp-block-heading\">(Neustadt) &#8211; Volltrunkener mit Haftbefehl<\/h2>\n\n\n\n<p>Am 24.08.2024, gg. 21:40 Uhr, wurde der Polizei Neustadt eine bewusstlose Person in der Martin-Luther-Stra\u00dfe gemeldet. Vor Ort stellten die eingesetzten Beamten fest, dass es sich um einen polizeibekannten Wohnsitzlosen handelte, welcher lediglich auf dem Gehweg schlief. Grund hierf\u00fcr war der hohe Grad der Alkoholisierung mit 3,09 Promille. W\u00e4hrend der routinem\u00e4\u00dfigen Personen\u00fcberpr\u00fcfung stellte sich heraus, dass gegen den 35j\u00e4hrigen Mann mittlerweile ein Haftbefehl vorlag. Die weitere Nacht verbrachte er nun im Polizeigewahrsam und wird im Laufe des Sonntags dem zust\u00e4ndigen Haftrichter vorgef\u00fchrt.<\/p>\n\n\n\n<h2 class=\"wp-block-heading\">(Neustadt) &#8211; Auffahrunfall mit drei Verletzten<a href=\"https:\/\/www.facebook.com\/sharer.php?u=https%3A%2F%2Fwww.presseportal.de%2Fblaulicht%2Fpm%2F117687%2F5850084%2F%3Futm_source%3Dfacebook%26utm_medium%3Dsocial\"><\/a><a href=\"https:\/\/twitter.com\/intent\/tweet?text=POL-PDNW%3A%20Auffahrunfall%20mit%20drei%20Verletzten&amp;url=https%3A%2F%2Fwww.presseportal.de%2Fblaulicht%2Fpm%2F117687%2F5850084%2F%3Futm_source%3Dtwitter%26utm_medium%3Dsocial&amp;hashtags=ots&amp;lang=de\"><\/a><a href=\"https:\/\/web.whatsapp.com\/send?text=POL-PDNW%3A%20Auffahrunfall%20mit%20drei%20Verletzten%0A%0Ahttps%3A%2F%2Fwww.presseportal.de%2Fblaulicht%2Fpm%2F117687%2F5850084%2F%3Futm_source%3Dwhatsapp%26utm_medium%3Dsocial\"><\/a><a href=\"https:\/\/www.xing.com\/app\/user?op=share;url=https%3A%2F%2Fwww.presseportal.de%2Fblaulicht%2Fpm%2F117687%2F5850084%2F%3Futm_source%3Dxing%26utm_medium%3Dsocial\"><\/a><a href=\"http:\/\/www.linkedin.com\/shareArticle?mini=true&amp;url=https%3A%2F%2Fwww.presseportal.de%2Fblaulicht%2Fpm%2F117687%2F5850084%2F%3Futm_source%3Dlinkedin%26utm_medium%3Dsocial&amp;title=POL-PDNW%3A+Auffahrunfall+mit+drei+Verletzten\"><\/a><a href=\"mailto:?subject=POL-PDNW%3A%20Auffahrunfall%20mit%20drei%20Verletzten&amp;body=https:\/\/www.presseportal.de\/blaulicht\/pm\/117687\/5850084\"><\/a><\/h2>\n\n\n<div class=\"wp-block-image\">\n<figure class=\"aligncenter\"><a href=\"https:\/\/cache.pressmailing.net\/thumbnail\/story_hires\/bf8d8cb6-b270-4542-8b22-e530b69f7540\/LandauerVU.jpeg.jpg\"><img decoding=\"async\" src=\"https:\/\/cache.pressmailing.net\/thumbnail\/story_big\/bf8d8cb6-b270-4542-8b22-e530b69f7540\/pol-pdnw-auffahrunfall-mit-drei-verletzten\" alt=\"POL-PDNW: Auffahrunfall mit drei Verletzten\"\/><\/a><\/figure><\/div>\n\n\n<p>Bei einem Auffahrunfall in der Landauer Stra\u00dfe am Samstag (24.08.2024), gg. 15.00 h, wurde ein 63j\u00e4hriger Rollerfahrer leicht verletzt. Der Fahrzeugf\u00fchrer befand sich zwischen zwei Pkw, als der vor ihm fahrende Pkw verkehrsbedingt anhalten musste. Der Rollerfahrer kam dahinter ebenfalls zum Stehen. Der hinter diesem befindliche Autofahrer erkannte die Situation zu sp\u00e4t und fuhr auf den Roller auf, welcher auf das vordere Fahrzeug geschoben wurde. Durch diese Sandwichposition wurde der Roller zusammengedr\u00fcckt. Der Fahrer wurde leicht verletzt und kam zur Beobachtung ins Krankenhaus. Im vorderen Pkw wurden ebenfalls zwei der vier Insassen leicht verletzt. Neben dem Roller musste auch ein am Unfall beteiligter Pkw abgeschleppt werden.<\/p>\n\n\n\n<h2 class=\"wp-block-heading\">(Neustadt) &#8211; Alkohol und Drogen \/ Eine schlechte Kombination<\/h2>\n\n\n\n<p>Am 24.08.2024 um 00:42 Uhr wurde durch eine Streifenbesatzung in der Amalienstra\u00dfe in 67433 Neustadt\/W. ein 33-J\u00e4hriger mit einem Audi einer Verkehrskontrolle unterzogen. Im Verlauf der Kontrolle konnte festgestellt werden, dass der Fahrer unter Alkoholeinfluss stand. Ein Vortest ergab einen Wert von 1,1 Promille. Ferner stand dieser unter dem Einfluss von Amfetamin. Der aus B\u00f6hl-Iggelheim stammende Mann musste letztlich eine Blutprobe und seinen F\u00fchrerschein abgeben. Der Fahrzeugschl\u00fcssel wurde einem Bekannten \u00fcbergeben. Nun kommt auf diesen ein Strafverfahren wegen der Trunkenheit im Verkehr zu. Ferner wird die zust\u00e4ndige F\u00fchrerscheinstelle in Kenntnis gesetzt.<\/p>\n\n\n\n<h2 class=\"wp-block-heading\">(Neustadt) &#8211; Unter Cannabiseinfluss am Steuer<\/h2>\n\n\n\n<p>Am 23.08.2024 um 23:30 Uhr wurde ein Mercedes Sprinter in der Branchweilerhofstra\u00dfe in 67433 Neustadt\/W. einer Verkehrskontrolle unterzogen. W\u00e4hrend der Kontrolle konnte festgestellt werden, dass der 25-j\u00e4hriger Fahrer unter dem Einfluss von Cannabis stand. Daher wurde diesem eine Blutprobe entnommen und der Fahrzeugschl\u00fcssel sichergestellt. Nun erwartet diesen ein Ordnungswidrigkeitenverfahren.<\/p>\n\n\n\n<h2 class=\"wp-block-heading\">(Neustadt) &#8211; Eine Strafanzeige auf dem Heimweg eingehandelt&#8230;<\/h2>\n\n\n\n<p>&#8230; hat sich ein 28-J\u00e4hriger aus Neustadt\/W., welcher am 23.08.2024 um 22:50 Uhr mit einem gemieteten E-Scooter in der Karl-Helfferich-Stra\u00dfe in 67433 Neustadt\/W. einer Verkehrskontrolle unterzogen wurde. Der Mann befand sich zu diesem Zeitpunkt auf dem Heimweg von seiner Arbeitsstelle. W\u00e4hrend der Kontrolle konnte starker Cannabisgeruch ausgehend von dem Fahrer durch die Beamten wahrgenommen werden. Im weiteren Verlauf konnte bei dem 28-J\u00e4hrigen neben mehreren Cannabisp\u00e4ckchen auch Tabletten von Tilidin und ein hoher Bargeldbetrag festgestellt werden. Aufgrund der Gesamtumst\u00e4nde ergab sich Verdacht, dass der E-Scooter-Fahrer mit den Bet\u00e4ubungsmitteln handelt. Diese, sowie das Bargeld wurden beschlagnahmt. Nun kommt auf diesen ein Strafverfahren wegen des Versto\u00dfes gegen das Konsumcannabisgesetz zu. Au\u00dferdem wird die zust\u00e4ndige F\u00fchrerscheinstelle informiert.<\/p>\n\n\n\n<h2 class=\"wp-block-heading\">(Ruppertsberg) &#8211; S\u00e4ugling von Polizeihund verletzt<\/h2>\n\n\n\n<p>Nachdem am Freitagmorgen ein zwei Monate altes M\u00e4dchen von einem Polizeihund bei einer privaten Feier verletzt wurde, konnte das Kind zwischenzeitlich aus dem Krankenhaus entlassen werden. Das Kind erlitt durch den Hundebiss keine schweren Verletzungen und verblieb vorsorglich zur Untersuchung und Beobachtung \u00fcber das Wochenende im Krankenhaus. <\/p>\n\n\n\n<p>Nach ersten Ermittlungen kam es nach einer Trauung, als die G\u00e4ste das Brautpaar im Freien begr\u00fc\u00dften, zu dem Vorfall. Die Ehefrau des Diensthundef\u00fchrers stand mit dem Diensthund an der kurzen Leine etwas abseits der Hochzeitsgesellschaft. Als die G\u00e4ste anfingen zu klatschen und zu jubeln, sei die Mutter mit ihrem Baby auf dem Arm an dem Diensthund vorbeigelaufen und der Hund schnappte nach dem Kind. Das M\u00e4dchen fiel in der Folge auf den Boden. <\/p>\n\n\n\n<p>Die Ermittlungen zum genauen Ablauf dauern derzeit noch an. Auf Grund des Vorfalles wird der Diensthund nochmals eingehend gepr\u00fcft und beurteilt.<\/p>\n\n\n\n<h2 class=\"wp-block-heading\">(Bad D\u00fcrkheim) &#8211; E-Bike gestohlen<\/h2>\n\n\n\n<p>Am 23.08.2024 gegen 18:45 Uhr stellte der Gesch\u00e4digte sein E-Bike unverschlossen auf dem Parkplatz eines Supermarktes in Bad D\u00fcrkheim in der Bruchstra\u00dfe ab und begab sich f\u00fcr wenige Minuten in den Markt. Als er zur\u00fcckkam stellte er fest, dass sein E-Bike entwendet worden war.<\/p>\n\n\n\n<ul>\n<li><strong>Hinweise nimmt die Polizeiinspektion Bad D\u00fcrkheim, Tel.: 06322\/963-0 oder per Mail:&nbsp;<a href=\"mailto:%20pibadduerkheim@polizei.rlp.de\">pibadduerkheim@polizei.rlp.de<\/a>&nbsp;entgegen.<\/strong><\/li>\n<\/ul>\n\n\n\n<h2 class=\"wp-block-heading\">(Bad D\u00fcrkheim) &#8211; Tote Schafe<\/h2>\n\n\n\n<p>&#8222;Am Sonntag, den 18.08.2024 gegen 12:00 Uhr, wurden im Bereich der Burghardh\u00fctte in Bad D\u00fcrkheim mehrere tote Schafe aufgefunden. Die Tiere d\u00fcrften an dem Wochenende dorthin verbracht worden sein.<\/p>\n\n\n\n<ul>\n<li><strong>Die Kriminalpolizei Neustadt bittet Zeugen, die im relevanten Zeitraum (Samstag 17.08.2024 bis Sonntag 18.08.2024) in der N\u00e4he der Burghardh\u00fctte Beobachtungen gemacht haben, sich telefonisch unter der 06321 \/ 854-4613 oder per E-Mail an&nbsp;<a href=\"mailto:%20kineustadt.k41@polizei.rlp.de\">kineustadt.k41@polizei.rlp.de<\/a>&nbsp;zu melden.<\/strong><\/li>\n<\/ul>\n\n\n\n<h2 class=\"wp-block-heading\">(Freinsheim) &#8211; Mit Fahrrad einen Pkw gestreift und abgehauen<\/h2>\n\n\n\n<p>Am 24.08.2024 in der Zeit von 00:00 &#8211; 01:00 Uhr kam es in Freinsheim in der Bahnhofstra\u00dfe zu einer Unfallflucht. Ein m\u00e4nnlicher Fahrradfahrer fuhr gegen einen geparkten Pkw Peugeot und touchierte den Pkw. Anschlie\u00dfend fuhr er in Richtung Verbandsgemeinde davon. An dem Pkw entstand ein Sachschaden von ca. 3000 EUR.<\/p>\n\n\n\n<ul>\n<li><strong>Der Fahrradfahrer oder Zeugen die Hinweise geben k\u00f6nnen, sollen sich an die Polizeiinspektion Bad D\u00fcrkheim, Tel.: 06322\/963-0 oder per Mail:&nbsp;<a href=\"mailto:%20pibadduerkheim@polizei.rlp.de\">pibadduerkheim@polizei.rlp.de<\/a>&nbsp;wenden.<\/strong><\/li>\n<\/ul>\n\n\n\n<h2 class=\"wp-block-heading\">(Hettenleidelheim) &#8211; K\u00f6rperverletzungsdelikt auf der &#8222;Hettrumer Kerwe&#8220;<\/h2>\n\n\n\n<p>Am Samstag, den 24.08.2024 um 22:10 Uhr, wurde die Polizei Gr\u00fcnstadt \u00fcber eine Auseinandersetzung auf der Hettenleidelheimer Kerwe in Kenntnis gesetzt. Vor Ort konnten die Beamten der Polizeiinspektion Gr\u00fcnstadt den 52-j\u00e4hrigen Gesch\u00e4digten leicht verletzt antreffen. Dieser erlitt durch einen Faustschlag ins Gesicht eine Platzwunde und wurde noch vor Ort vom Rettungsdienst erstversorgt. Im Anschluss wurde er in ein nahegelegenes Krankenhaus verbracht. Durch einen Zeugen konnte letztlich auch der erheblich alkoholisierte 37-j\u00e4hrige Beschuldigte festgestellt werden. Gegen den 37-J\u00e4hrigen wurde ein Strafverfahren wegen K\u00f6rperverletzung eingeleitet.<\/p>\n\n\n\n<h2 class=\"wp-block-heading\">(Gr\u00fcnstadt) &#8211; Verkehrsunfallflucht \/ Zeugen gesucht!<\/h2>\n\n\n\n<p>Die 20-j\u00e4hrige Gesch\u00e4digte stellte ihren PKW am 24.08.2024 um 06:15 Uhr auf dem Parkplatz des Leininger Unterhofs in der Tiefenthaler Stra\u00dfe in 67269 Gr\u00fcnstadt ab. Als sie gegen 15:00 Uhr losfahren wollte, bemerkte sie frische Besch\u00e4digungen am hinteren linken Kotfl\u00fcgel. Der Schaden bel\u00e4uft sich nach aktuellen Sch\u00e4tzungen auf etwa 100 Euro. Der unbekannte Fahrer und Unfallverursacher muss den PKW der 20-J\u00e4hrigen vermutlich beim Ein- oder Ausparken aus der nebendran befindlichen Parkl\u00fccke touchiert und besch\u00e4digt haben. Die Ermittlungen dauern an. <\/p>\n\n\n\n<ul>\n<li><strong>Falls Sie Hinweise zur Tat oder zum Tathergang haben, melden Sie sich bitte bei der Polizeiinspektion Gr\u00fcnstadt.<\/strong><\/li>\n<\/ul>\n\n\n\n<h2 class=\"wp-block-heading\">(Bockenheim) &#8211; Verkehrsunfallflucht \/ Zeugen gesucht!<\/h2>\n\n\n\n<p>Am Samstag, den 24.08.2024 um 22:45 Uhr, beobachtete ein Verkehrsunfallzeuge, wie ein wei\u00dfer Transporter beim Rangieren mit einem, an einer Stra\u00dfenlaterne angebundenen Fahrrad, kollidierte. Der Unfall ereignete sich in der Ulmenstra\u00dfe in 67278 Bockenheim an der Weinstra\u00dfe. Das Fahrrad des 26-J\u00e4hrigen wurde durch den Unfall am Vorderreifen stark besch\u00e4digt. Der Schaden bel\u00e4uft sich nach aktuellen Sch\u00e4tzungen auf etwa 100 Euro. Die Ermittlungen dauern an. <\/p>\n\n\n\n<ul>\n<li><strong>Falls Sie Hinweise zur Tat oder zum Tathergang haben, melden Sie sich bitte bei der Polizeiinspektion Gr\u00fcnstadt.<\/strong><\/li>\n<\/ul>\n\n\n\n<h2 class=\"wp-block-heading\">(Laumersheim) &#8211; 27-J\u00e4hrige ohne Fahrerlaubnis begeht eine Verkehrsunfallflucht unter Alkoholeinfluss<\/h2>\n\n\n\n<p>Am Freitag, den 23.08.2024 um 23:50 Uhr, erhielt die Polizeiinspektion Gr\u00fcnstadt einen Hinweis \u00fcber einen Verkehrsunfall in Laumersheim. Dort sei eine Frau beim r\u00fcckw\u00e4rts Rangieren mit einem geparkten PKW kollidiert. Dann habe sich die Frau, ohne ihren Pflichten als Fahrzeugf\u00fchrerin nachzukommen, unerlaubt von der Unfall\u00f6rtlichkeit entfernt. Durch Zeugen konnte das Kennzeichen der Verursacherin \u00fcbermittelt werden. Kurze Zeit sp\u00e4ter konnten die Beamten der Polizeiinspektion Gr\u00fcnstadt die verantwortliche Frau sowie das besch\u00e4digte Fahrzeug feststellen. Bei der Frau konnten die Beamten Atemalkoholgeruch wahrnehmen. Ein durchgef\u00fchrter Atemalkoholtest ergab einen Wert von 1,58 Promille. Zudem konnte festgestellt werden, dass die Frau nicht im Besitz einer Fahrerlaubnis ist. Die Frau wurde zwecks Entnahme einer gerichtlich verwertbaren Blutprobe zur Polizeiinspektion Gr\u00fcnstadt verbracht. Gegen die 27-J\u00e4hrige wurden Strafverfahren wegen Verkehrsunfallflucht, Fahrens ohne Fahrerlaubnis und Stra\u00dfenverkehrsgef\u00e4hrdung eingeleitet. Durch den Verkehrsunfall entstand Sachschaden in H\u00f6he von etwa 200 Euro.<\/p>\n\n\n\n<h2 class=\"wp-block-heading\">(Lambsheim) &#8211; Besitzerin eines entlaufenen Sch\u00e4ferhundes \u00fcber Facebook ermittelt<a href=\"https:\/\/www.facebook.com\/sharer.php?u=https%3A%2F%2Fwww.presseportal.de%2Fblaulicht%2Fpm%2F117688%2F5850238%2F%3Futm_source%3Dfacebook%26utm_medium%3Dsocial\"><\/a><a href=\"https:\/\/twitter.com\/intent\/tweet?text=POL-PDLU%3A%20Besitzerin%20eines%20entlaufenen%20Sch%C3%A4ferhundes%20%C3%BCber%20Facebook%20ermittelt&amp;url=https%3A%2F%2Fwww.presseportal.de%2Fblaulicht%2Fpm%2F117688%2F5850238%2F%3Futm_source%3Dtwitter%26utm_medium%3Dsocial&amp;hashtags=ots&amp;lang=de\"><\/a><a href=\"https:\/\/web.whatsapp.com\/send?text=POL-PDLU%3A%20Besitzerin%20eines%20entlaufenen%20Sch%C3%A4ferhundes%20%C3%BCber%20Facebook%20ermittelt%0A%0Ahttps%3A%2F%2Fwww.presseportal.de%2Fblaulicht%2Fpm%2F117688%2F5850238%2F%3Futm_source%3Dwhatsapp%26utm_medium%3Dsocial\"><\/a><a href=\"https:\/\/www.xing.com\/app\/user?op=share;url=https%3A%2F%2Fwww.presseportal.de%2Fblaulicht%2Fpm%2F117688%2F5850238%2F%3Futm_source%3Dxing%26utm_medium%3Dsocial\"><\/a><a href=\"http:\/\/www.linkedin.com\/shareArticle?mini=true&amp;url=https%3A%2F%2Fwww.presseportal.de%2Fblaulicht%2Fpm%2F117688%2F5850238%2F%3Futm_source%3Dlinkedin%26utm_medium%3Dsocial&amp;title=POL-PDLU%3A+Besitzerin+eines+entlaufenen+Sch%C3%A4ferhundes+%C3%BCber+Facebook+ermittelt\"><\/a><a href=\"mailto:?subject=POL-PDLU%3A%20Besitzerin%20eines%20entlaufenen%20Sch%C3%A4ferhundes%20%C3%BCber%20Facebook%20ermittelt&amp;body=https:\/\/www.presseportal.de\/blaulicht\/pm\/117688\/5850238\"><\/a><\/h2>\n\n\n<div class=\"wp-block-image\">\n<figure class=\"aligncenter\"><a href=\"https:\/\/cache.pressmailing.net\/thumbnail\/story_hires\/3c714827-1bdc-49dc-b79f-c45b9a1c029a\/poMMes_2024-08-25_08-35-16_6.jpeg.jpg\"><img decoding=\"async\" src=\"https:\/\/cache.pressmailing.net\/thumbnail\/story_big\/3c714827-1bdc-49dc-b79f-c45b9a1c029a\/pol-pdlu-besitzerin-eines-entlaufenen-sch-ferhundes-ber-facebook-ermittelt\" alt=\"POL-PDLU: Besitzerin eines entlaufenen Sch\u00e4ferhundes \u00fcber Facebook ermittelt\"\/><\/a><\/figure><\/div>\n\n\n<p>Am 24.08.2024, gegen 07:00 Uhr, meldet eine Anwohnerin aus Lambsheim einen entlaufenen, schwarzen Sch\u00e4ferhund. Die Polizei konnte den Chip des Hundes auslesen, die Besitzerin jedoch zun\u00e4chst nicht erreichen. \u00dcber Facebook konnte die Hundebesitzerin sodann durch die Polizei ermittelt werden, welche zuvor eine Suchanzeige auf dieser Plattform schaltete.<\/p>\n\n\n\n<h2 class=\"wp-block-heading\">(Frankenthal) &#8211; Verkehrsunfall mit Personenschaden im Westring<\/h2>\n\n\n\n<p>Am 24.08.2024, gegen 16:48 Uhr, fuhren eine 46-J\u00e4hrige mit ihrem PKW und ein 33-J\u00e4hriger mit seinem Motorrad auf dem Westring. Die Autofahrerin wollte nach rechts in den Omsheimer Weg einbiegen. Der Motorradfahrer wollte zeitgleich die 46-J\u00e4hrige \u00fcberholen und \u00fcbersah, dass diese einbiegen wollte. Der 33-J\u00e4hrige fuhr infolgedessen gegen das Auto und verletzte sich durch den Zusammensto\u00df. Es entstand ein Sachschaden i.H.v. 1.500 Euro.<\/p>\n\n\n\n<h2 class=\"wp-block-heading\">(Frankenthal) &#8211; Unfallflucht in der Emil-Rosenberg-Stra\u00dfe \/ Zeugen gesucht<\/h2>\n\n\n\n<p>Zwischen dem 23.08.2024, gegen 21:00 Uhr, und dem 24.08.2024, gegen 10:40 Uhr, kam es zu einer Unfallflucht in der Emil-Rosenberg-Stra\u00dfe in Frankenthal. Ein 39-J\u00e4hriger hatte sein Auto der Marke Audi zuvor am Fahrbahnrand der Stra\u00dfe geparkt und musste sp\u00e4ter einen Schaden an diesem feststellen. Eine bisher unbekannte Person fuhr wahrscheinlich beim Vorbeifahren gegen sein Fahrzeug und verlie\u00df anschlie\u00dfend die Unfall\u00f6rtlichkeit ohne seine Pflichten als Unfallverursacher nachzukommen. Der Schaden bel\u00e4uft sich auf rund 200 Euro.<\/p>\n\n\n\n<p>Die Polizei weist daraufhin, dass Unerlaubtes Entfernen von Unfallort kein Kavaliersdelikt ist! Der fl\u00fcchtige Fahrer muss mit einer Geld- oder Freiheitsstrafe bis zu 3 Jahren und evtl. mit einem F\u00fchrerscheinentzug rechnen. Au\u00dferdem kann der Fl\u00fcchtige den Kaskoschutz seiner Kfz-Versicherung verlieren und von seiner Versicherung an der Beteiligung des Fremdschadens beteiligt werden. Die Polizei r\u00e4t deshalb, jeden Unfall bei der Polizei zu melden.<\/p>\n\n\n\n<ul>\n<li><strong>Zeugen werden gebeten sich an die Polizeiinspektion Frankenthal unter der Tel.-Nr.: 06233\/313-0 oder an die Polizeiwache Maxdorf unter der Tel.-Nr.: 06237\/934-1100 zu wenden. Gerne nehmen wir Ihre Hinweise auch per E-Mail unter&nbsp;<a href=\"mailto:%20pifrankenthal@polizei.rlp.de\">pifrankenthal@polizei.rlp.de<\/a>&nbsp;entgegen.<\/strong><\/li>\n<\/ul>\n\n\n\n<h2 class=\"wp-block-heading\">(Frankenthal) &#8211; Verkehrsunfall Alkoholeinfluss<\/h2>\n\n\n\n<p>Am 24.08.2024, gegen 01:50 Uhr, befuhr eine 37-j\u00e4hrige Autofahrerin die B9 in Richtung Worms. Im Bereich der Auffahrt zur B9 nach der Abfahrt M\u00f6rsch kollidierte die 37-J\u00e4hrige mit einem Baum. Am Auto entstand ein Totalschaden und die Fahrerin verletzte sich. Ein bei ihr durchgef\u00fchrter Atemalkoholtest ergab eine Wert von 1,67 Promille. Die 37-J\u00e4hrige behauptete einem Tier ausgewichen zu sein.<\/p>\n\n\n\n<p>Der Einfluss von Alkohol oder anderen berauschenden Mitteln stellt eine Hauptun-fallursache dar. Wer berauscht f\u00e4hrt, gef\u00e4hrdet nicht nur sich, sondern auch Andere. Gegen den unter Alkoholeinfluss\/ Drogeneinfluss stehenden Unfallverursacher wurde ein Ermittlungsverfahren wegen des Verdachtes der Stra\u00dfenverkehrsgef\u00e4hrdung eingeleitet. Ihn k\u00f6nnte eine Freiheitsstrafe bis zu f\u00fcnf Jahren oder eine Geldstrafe erwarten. Au\u00dferdem \u00fcberpr\u00fcft die jeweils zust\u00e4ndige F\u00fchrerscheinstelle auch bei Verkehrsstraftaten, die mit einem Fahrrad begangen werden, ob eine Geeignetheit des Unfallverursachers f\u00fcr den \u00f6ffentlichen Stra\u00dfenverkehr vorliegt. Schlimmstenfalls kann ein solcher Radunfall unter Alkoholeinfluss den F\u00fchrerschein kosten.<\/p>\n\n\n\n<h2 class=\"wp-block-heading\">(Frankenthal) &#8211; Fahrerflucht nach Verkehrsunfall mit Personenschaden \/ Zeugen gesucht<\/h2>\n\n\n\n<p>Am 23.08.2024, gegen 15:50 Uhr, schob ein 29-J\u00e4hriger sein Fahrrad auf der Wormser Stra\u00dfe. W\u00e4hrend der Mann eine Lieferzufahrt \u00fcberquerte, bog ein bislang unbekannter Fahrer mit seinem Auto von der Wormser Stra\u00dfe in die Lieferzufahrt ein. Der unbekannte Fahrer \u00fcbersah den 29-J\u00e4hrigen und es kam zu einem Unfall, wodurch der 29-J\u00e4hrige st\u00fcrzte und sich verletzte. Der Autofahrer fl\u00fcchtete anschlie\u00dfend unerlaubt von der Unfall\u00f6rtlichkeit ohne seinen Pflichten als Unfallverursacher nachzukommen. Der Sachschaden wird auf etwa 50 Euro gesch\u00e4tzt.<\/p>\n\n\n\n<ul>\n<li><strong>Haben Sie die Tat beobachtet oder k\u00f6nnen Sie Hinweise zu dem bislang unbekannten Autofahrer geben?<\/strong><\/li>\n\n\n\n<li><strong>Zeugen werden gebeten sich an die Polizeiinspektion Frankenthal unter der Tel.-Nr.: 06233\/313-0 oder an die Polizeiwache Maxdorf unter der Tel.-Nr.: 06237\/934-1100 zu wenden. Gerne nehmen wir Ihre Hinweise auch per E-Mail unter&nbsp;<a href=\"mailto:%20pifrankenthal@polizei.rlp.de\">pifrankenthal@polizei.rlp.de<\/a>&nbsp;entgegen.<\/strong><\/li>\n<\/ul>\n\n\n\n<h2 class=\"wp-block-heading\">(Frankenthal) &#8211; Gest\u00fcrzte Fahrradfahrerin nach Verkehrsunfall<\/h2>\n\n\n\n<p>Am 23.08.2024, gegen 08:36 Uhr, fuhren ein 48-j\u00e4hriger Autofahrer auf der Industriestra\u00dfe und eine 53-j\u00e4hrige Fahrradfahrerin auf dem Gehweg der Stra\u00dfe in gleicher Richtung. Als der Autofahrer nach rechts auf ein Werksgel\u00e4nde einbiegen wollte, \u00fcbersah er zun\u00e4chst die Fahrradfahrerin. Der 48-J\u00e4hrige konnte aber noch rechtzeitig abbremsen und einen Zusammensto\u00df verhindern. Die 53-J\u00e4hrige erschrak sich dennoch und st\u00fcrzte von ihrem Fahrrad. Die Fahrradfahrerin verletzte sich infolgedessen. Es entstand kein Schachschaden.<\/p>\n\n\n\n<h2 class=\"wp-block-heading\">(Bobenheim-Roxheim) &#8211; Wohnungseinbruch in der Limburgstra\u00dfe \/ Zeugen gesucht<\/h2>\n\n\n\n<p>Am 24.08.2024, zwischen 14:30 Uhr und 20:45 Uhr, brachen bisher unbekannte Personen in die Wohnung einer 34-J\u00e4hrigen ein. Als diese abends zu ihrer Wohnung zur\u00fcckkehrte, stand ihre Wohnungst\u00fcr offen. Gestohen wurde bislang nichts.<\/p>\n\n\n\n<p>Die Polizei sucht Zeugen.<\/p>\n\n\n\n<ul>\n<li><strong>Wer hat am Samstag tags\u00fcber in Bereich der Limburgstra\u00dfe auff\u00e4llige Personen oder Fahrzeuge gesehen?<\/strong><\/li>\n\n\n\n<li><strong>Zeugen werden gebeten sich an die Polizeiinspektion Frankenthal unter der Tel.-Nr.: 06233\/313-0 oder an die Polizeiwache Maxdorf unter der Tel.-Nr.: 06237\/934-1100 zu wenden. Gerne nehmen wir Ihre Hinweise auch per E-Mail unter&nbsp;<a href=\"mailto:%20pifrankenthal@polizei.rlp.de\">pifrankenthal@polizei.rlp.de<\/a>&nbsp;entgegen.<\/strong><\/li>\n<\/ul>\n\n\n\n<h2 class=\"wp-block-heading\">(Bobenheim-Roxheim) &#8211; Verkehrsunfallflucht in dem Oberweg \/ Zeugen gesucht<\/h2>\n\n\n\n<p>Am 23.08.2024, gegen 14:00 Uhr, kam es zu einer Unfallflucht in dem Oberweg in Bobenheim-Roxheim. Ein 45-J\u00e4hriger hatte sein Auto der Marke Kia zuvor auf einem Parkplatz der Stra\u00dfe geparkt und musste sp\u00e4ter einen Schaden feststellen. Eine bisher unbekannte Person fuhr wahrscheinlich beim Vorbeifahren gegen sein Fahrzeug und verlie\u00df anschlie\u00dfend die Unfall\u00f6rtlichkeit ohne seinen Pflichten als Unfallverursacher nachzukommen. Es entstand ein Schaden von rund 800 Euro.<\/p>\n\n\n\n<ul>\n<li><strong>Haben Sie die Tat beobachtet oder k\u00f6nnen Sie Hinweise zu den bislang unbekannten Personen geben?<\/strong><\/li>\n\n\n\n<li><strong>Zeugen werden gebeten sich an die Polizeiinspektion Frankenthal unter der Tel.-Nr.: 06233\/313-0 oder an die Polizeiwache Maxdorf unter der Tel.-Nr.: 06237\/934-1100 zu wenden. Gerne nehmen wir Ihre Hinweise auch per E-Mail unter&nbsp;<a href=\"mailto:%20pifrankenthal@polizei.rlp.de\">pifrankenthal@polizei.rlp.de<\/a>&nbsp;entgegen.<\/strong><\/li>\n<\/ul>\n\n\n\n<h2 class=\"wp-block-heading\">(Ludwigshafen) &#8211; Bei Auffahrunfall verletzt<\/h2>\n\n\n\n<p>Ein 41-j\u00e4hriger Autofahrer wurde bei einem Auffahrunfall in der Wredestra\u00dfe leicht verletzt. Der Mann wollte an der Kreuzung zur Berliner Stra\u00dfe abbiegen und musste aufgrund Fu\u00dfg\u00e4ngerverkehrs anhalten. Der ihm nachfolgende 56-j\u00e4hrige Autofahrer konnte nicht mehr rechtzeitig bremsen und fuhr auf. Durch den Unfall entstand zudem ein Sachschaden in H\u00f6he von rund 9.000 Euro. Der Schienenverkehr musste f\u00fcr die Dauer der Unfallaufnahme und R\u00e4umung der Unfallstelle f\u00fcr ca. 45 Minuten gesperrt werden.<\/p>\n\n\n\n<h2 class=\"wp-block-heading\">(Ludwigshafen) &#8211; Wohnungseinbruch \/ Zeugen gesucht<\/h2>\n\n\n\n<p>Am Sonntag (25.08.2024), zwischen 15:00 und 19:30 Uhr, brachen Unbekannte in eine Wohnung eines Mehrfamilienhauses in der Bleichstra\u00dfe ein und entwendeten Elektronikgegenst\u00e4nde. Der entstandene Schaden bel\u00e4uft sich auf circa 1.200 Euro.<\/p>\n\n\n\n<ul>\n<li><strong>Wer hat die Tat beobachtet und kann Hinweise auf die T\u00e4ter geben? Hinweise nimmt die Kriminalpolizei Ludwigshafen unter der Telefonnummer 0621 963-2773 oder per E-Mail&nbsp;<a href=\"mailto:%20KDLudwigshafen.KI3.K31@polizei.rlp.de\">KDLudwigshafen.KI3.K31@polizei.rlp.de<\/a>&nbsp;entgegen.<\/strong><\/li>\n<\/ul>\n\n\n\n<h2 class=\"wp-block-heading\">(Ludwigshafen) &#8211; Gastst\u00e4ttenbesuch endet im Polizeigewahrsam<\/h2>\n\n\n\n<p>Am Sonntagnachmittag (25.08.2024), gegen 15:00 Uhr, informierte der Betreiber einer Gastst\u00e4tte in der Frankenthaler Stra\u00dfe die Polizei, nachdem sich ein stark alkoholisierter 34-J\u00e4hriger verbal aggressiv gegen\u00fcber den anderen G\u00e4sten verhielt. Da er sich auch gegen\u00fcber den Polizeikr\u00e4ften uneinsichtig und aggressiv zeigte, wurde er in Gewahrsam genommen.<\/p>\n\n\n\n<h2 class=\"wp-block-heading\">(Ludwigshafen) &#8211; Alkoholisiert Unfall verursacht<\/h2>\n\n\n\n<p>Am Sonntag (25.08.2024), gegen 11 Uhr, missachtete ein 42-j\u00e4hriger Autofahrer an der Kreuzung Yorckstra\u00dfe\/Roonstra\u00dfe die Vorfahrt eines 44-j\u00e4hrigen Autofahrers. Bei der Unfallaufnahme stellten die Polizeibeamten bei dem 42-J\u00e4hrigen Alkoholgeruch fest. Ein Atemalkoholtest ergab einen Wert von \u00fcber 0,8 Promille. Au\u00dferdem zeigte der Mann Hinweise auf eine Drogenbeeinflussung. Ihm wurde in einer Polizeidienststelle eine Blutprobe entnommen. Bei der weiteren \u00dcberpr\u00fcfung stellten die Beamten fest, dass der 42-J\u00e4hrige sein Auto noch im Ausland angemeldet hatte, obwohl er schon seit \u00fcber 1 \u00bd Jahren in Deutschland wohnt. Der Mann muss sich nun wegen der Stra\u00dfenverkehrsgef\u00e4hrdung, des Versto\u00dfes gegen das Kraftfahrzeugsteuergesetz und gegen das Pflichtversicherungsgesetz verantworten.<\/p>\n\n\n\n<h2 class=\"wp-block-heading\">(Ludwigshafen) &#8211; Fahrraddieb auf frischer Tat ertappt<\/h2>\n\n\n\n<p>Ein aufmerksamer Zeuge meldete der Polizei am fr\u00fchen Sonntagmorgen (25.08.2024, gegen 5 Uhr), dass er beobachtet habe, wie ein Unbekannter in der Karlsbader Stra\u00dfe ein Fahrradschloss aufbrach und das dazugeh\u00f6rige Fahrrad stahl. Dank der Beschreibung konnten Polizeikr\u00e4fte den Tatverd\u00e4chtigen nach einer kurzen Verfolgung in der Wi\u00dfmannstra\u00dfe kontrollieren und das gestohlene Fahrrad sicherstellen. Der 27-J\u00e4hrige wurde zur Polizeidienststelle gebracht. Da sich bei der Kontrolle Hinweise auf eine Drogenbeeinflussung ergaben, wurde ihm eine Blutprobe entnommen. Au\u00dferdem wurde er erkennungsdienstlich behandelt. Gegen den 27-J\u00e4hrigen bestand zudem ein offener Haftbefehl, weshalb er im Anschluss in eine Justizvollzugsanstalt gebracht wurde.<\/p>\n\n\n\n<h2 class=\"wp-block-heading\">(Ludwigshafen) &#8211; Sachbesch\u00e4digung an Fahrzeug<\/h2>\n\n\n\n<p>Am sp\u00e4ten Samstagabend, den 24.08.2024, gegen 23:00 Uhr, wurde ein in der Von-Sturmfeder-Stra\u00dfe in Ludwigshafen-Maudach parkendes Fahrzeug besch\u00e4digt. Es entstanden Besch\u00e4digungen am Au\u00dfenspiegel im Wert von ca. 100EUR.<\/p>\n\n\n\n<h2 class=\"wp-block-heading\">(Ludwigshafen) &#8211; Einbruch in Fahrzeug<\/h2>\n\n\n\n<p>Im Zeitraum vom 23.08.24, um 15:00 Uhr, bis zum 24.08.2024, um 18:15 Uhr, wurde die Seitenscheibe eines in der Erich-Reimann-Stra\u00dfe in Ludwigshafen parkenden Fahrzeugs eingeschlagen und Gegenst\u00e4nde im Wert von 1500EUR entwendet. <\/p>\n\n\n\n<ul>\n<li><strong>Sachdienliche Hinweise nimmt die Polizeiinspektion Ludwigshafen 1 unter der Telefonnummer 0621 963-2122 oder per Email&nbsp;<a href=\"mailto:%20piludwigshafen1@polizei.rlp.de\">piludwigshafen1@polizei.rlp.de<\/a>&nbsp;entgegen.<\/strong><\/li>\n<\/ul>\n\n\n\n<h2 class=\"wp-block-heading\">(Ludwigshafen) &#8211; Besch\u00e4digung einer Haust\u00fcr<\/h2>\n\n\n\n<p>Am 22.08.2024 zwischen 13:30 Uhr und 14:00 Uhr wurde die Hauseingangst\u00fcr eines Mehrfamilienhauses in der Wredestra\u00dfe durch eine unbekannte Person stark besch\u00e4digt. Der Schaden bel\u00e4uft sich auf rund 500 Euro.<\/p>\n\n\n\n<ul>\n<li><strong>Haben Sie die Tat beobachtet oder verd\u00e4chtige Personen in der Wredestra\u00dfe gesehen?<\/strong><\/li>\n\n\n\n<li><strong>Sachdienliche Hinweise bitte an die Polizeiinspektion Ludwigshafen 1 unter der Telefonnummer 0621 963-2122 oder per Email an&nbsp;<a href=\"mailto:%20piludwigshafen1@polizei.rlp.de\">piludwigshafen1@polizei.rlp.de<\/a><\/strong><\/li>\n<\/ul>\n\n\n\n<h2 class=\"wp-block-heading\">(Mannheim) &#8211; Einbruch durch Wohnungsinhaber vereitelt<\/h2>\n\n\n\n<p>Am fr\u00fchen Montagmorgen gegen 04:20 Uhr schlug der Eigent\u00fcmer einer Wohnung eines Mehrfamilienhauses in der Rastenburger Stra\u00dfe zwei Einbrecher in die Flucht. Nachdem der 37-j\u00e4hrige Bewohner Ger\u00e4usche an der Wohnungst\u00fcr vernahm, \u00f6ffnete er diese. Hierbei \u00fcberraschte er die beiden T\u00e4ter, welche versuchten, sich gewaltsam Zutritt zur Wohnung zu verschaffen. Der 37-J\u00e4hrige hielt einen der T\u00e4ter fest, wurde jedoch durch dessen Gegenwehr verletzt und musste durch den Rettungsdienst in ein Krankenhaus gebracht werden. Eine Fahndung nach den Einbrechern verlief erfolglos. <\/p>\n\n\n\n<h4 class=\"wp-block-heading\">Sie werden wie folgt beschrieben:<\/h4>\n\n\n\n<ol>\n<li><strong>T\u00e4ter war ca. 165 &#8211; 170 cm gro\u00df und dunkel gekleidet <\/strong><\/li>\n\n\n\n<li><strong>T\u00e4ter war 180 &#8211; 185 cm gro\u00df, trug ein helles T-Shirt mit Aufdruck und einen Rucksack<\/strong><\/li>\n<\/ol>\n\n\n\n<ul>\n<li><strong>Das Polizeirevier Mannheim-Sandhofen sucht nun Zeugen, welche Hinweise zu den T\u00e4tern geben k\u00f6nnen und bitte diese, sich unter der Telefonnummer 0621\/77769-0 zu melden.<\/strong><\/li>\n<\/ul>\n\n\n\n<h2 class=\"wp-block-heading\">(Mannheim) &#8211; Vorfahrt missachtet und 40.000 Euro Sachschaden verursacht; 35-j\u00e4hriger Unfallbeteiligter ohne g\u00fcltige Fahrerlaubnis unterwegs<\/h2>\n\n\n\n<p>Am Sonntagvormittag um 10:45 Uhr fuhr ein 35-j\u00e4hriger Hyundai-Fahrer entlang der Ludwigshafener Stra\u00dfe auf dem Linken der beiden Fahrstreifen in Fahrtrichtung des Fahrlachtunnels. An der Einm\u00fcndung zur Hermsheimer Stra\u00dfe war die Ampelanlage au\u00dfer Betrieb, weshalb dieser Bereich durch die dort geltenden Verkehrszeichen geregelt wird. Aus der Hermsheimer Stra\u00dfe kommend querte eine 47-j\u00e4hrige Audi-Fahrerin die Fahrbahn, um in die Ludwigshafener Stra\u00dfe in Fahrtrichtung der SAP Arena zu fahren. Hierbei missachtete sie die Vorfahrt des 35-J\u00e4hrigen, weshalb beide Fahrzeuge kollidierten. Ein weiterer Autofahrer, der den rechten Fahrstreifen der Ludwigshafener Stra\u00dfe in dieselbe Richtung entlangfuhr, konnte gerade noch rechtzeitig mit einer Gefahrenbremsung einen Zusammensto\u00df verhindern. Die 47-J\u00e4hrige wurde bei dem Unfall leicht verletzt und nach der ersten medizinischen Versorgung in eine Klinik gebracht. Der 35-J\u00e4hrige hingegen blieb unverletzt. Der Hyundai war nicht mehr fahrbereit und musste abgeschleppt werden. Ersten Sch\u00e4tzungen zufolge bel\u00e4uft sich der Sachschaden auf rund 40.000 Euro. Im Rahmen der Unfallaufnahme ergaben sich Zweifel an der G\u00fcltigkeit der Fahrerlaubnis des 35-j\u00e4hrigen Hyundai-Fahrers. Nach der Pr\u00fcfung im polizeilichen System konnte der Verdacht best\u00e4tigt werden, weshalb er nun mit einer Anzeige wegen Fahrens ohne Fahrerlaubnis rechnen muss.<\/p>\n\n\n\n<h2 class=\"wp-block-heading\">(Mannheim) &#8211; Mann von mehreren Personen angegriffen \/ Zeugen gesucht<\/h2>\n\n\n<div class=\"wp-block-image\">\n<figure class=\"aligncenter size-full\"><img decoding=\"async\" loading=\"lazy\" width=\"800\" height=\"533\" src=\"https:\/\/speyer24news.com\/wp-content\/uploads\/2021\/11\/Schlaegerei.jpg\" alt=\"\" class=\"wp-image-42366\" srcset=\"https:\/\/speyer24news.com\/wp-content\/uploads\/2021\/11\/Schlaegerei.jpg 800w, https:\/\/speyer24news.com\/wp-content\/uploads\/2021\/11\/Schlaegerei-300x200.jpg 300w, https:\/\/speyer24news.com\/wp-content\/uploads\/2021\/11\/Schlaegerei-768x512.jpg 768w\" sizes=\"(max-width: 800px) 100vw, 800px\" \/><figcaption class=\"wp-element-caption\">Beispielbild Schl\u00e4gerei \/ K\u00f6rperverletzung, dient lediglich der Visualisierung<\/figcaption><\/figure><\/div>\n\n\n<p>Samstagabend um 23:20 Uhr wurde durch Zeugen ein verletzter Mann auf einer Sitzbank am Me\u00dfplatz bei der Rettungsstelle gemeldet. Nachdem im Nachgang die Polizei hinzugerufen worden war, konnte ein 28-J\u00e4hriger mit oberfl\u00e4chlichen Schnittverletzungen angetroffen werden. Er soll zuvor von einer mehrk\u00f6pfigen Personengruppe k\u00f6rperlich angegriffen worden sein und von einer Person aus der Gruppe heraus wom\u00f6glich mit einer Glasflasche geschlagen worden sein. Der 28-J\u00e4hrige wurde leicht verletzt und konnte nach erster medizinischer Versorgung vor Ort und einer weiteren \u00dcberpr\u00fcfung im Krankenhaus wieder entlassen werden. Ob die Glasfalsche der Grund f\u00fcr die Schnittverletzungen war sowie das Motiv der Auseinandersetzung sind Gegenstand der laufenden Ermittlungen.<\/p>\n\n\n\n<p>Nach Angaben der Zeugen soll die Gruppierung zu Fu\u00df \u00fcber die Kurpfalzbr\u00fccke in Richtung Mannheim-Innenstadt gefl\u00fcchtet sein. <\/p>\n\n\n\n<h4 class=\"wp-block-heading\">Die T\u00e4ter k\u00f6nnen lediglich wie folgt beschrieben werden:<\/h4>\n\n\n\n<ul>\n<li><strong>Zwei Personen sollen ein wei\u00dfes T-Shirt getragen und drei Personen gr\u00f6\u00dfere Rucks\u00e4cke mit sich gef\u00fchrt haben.<\/strong><\/li>\n\n\n\n<li><strong>Das Polizeirevier Mannheim-Neckarstadt hat die weiteren Ermittlungen \u00fcbernommen. Zeugen, die sachdienliche Hinweise geben k\u00f6nnen, werden gebeten, sich unter der Telefonnummer 0621\/3301-0 zu melden.<\/strong><\/li>\n<\/ul>\n\n\n\n<h2 class=\"wp-block-heading\">(Mannheim) &#8211; T\u00e4ter fl\u00fcchten nach gef\u00e4hrlicher K\u00f6rperverletzung \/ Polizei sucht Zeugen<\/h2>\n\n\n\n<p>Am Samstagabend kurz nach 23 Uhr wurde ein 28-j\u00e4hriger Mann im Bereich des Alten Me\u00dfplatz von einer 6- bis 7-k\u00f6pfigen Personengruppe attackiert und verletzt. Die Tat ereignete sich nach derzeitigem Stand der Ermittlungen im Bereich des Treppenaufgangs von der Neckarwiese zur Dammstra\u00dfe. Die T\u00e4ter fl\u00fcchteten vor Eintreffen der Beamten. Eine sofort eingeleitete Fahndung f\u00fchrte bislang nicht zum Erfolg. <\/p>\n\n\n\n<ul>\n<li><strong>Laut ersten Zeugenaussagen handelte es sich bei den T\u00e4tern ausschlie\u00dflich um M\u00e4nner, die \u00fcber die Kurpfalzbr\u00fccke in Richtung Innenstadt fl\u00fcchteten. Zudem konnte ein Zeuge h\u00f6ren wie mindestens ein T\u00e4ter Arabisch mit pal\u00e4stinensischem Dialekt sprach. <\/strong><\/li>\n\n\n\n<li><strong>Zwei Personen sollen ein wei\u00dfes T-Shirt getragen und drei Personen gr\u00f6\u00dfere Rucks\u00e4cke mit sich gef\u00fchrt haben.<\/strong><\/li>\n<\/ul>\n\n\n\n<p>Der Gesch\u00e4digte wurde durch Rettungskr\u00e4fte versorgt und in ein nahegelegenes Krankenhaus verbracht. Er verletzte sich nach derzeitigem Stand nicht schwerer. Aufgrund der gemeinschaftlich begangen Tat hat das Polizeirevier Mannheim-Neckarstadt die Ermittlungen wegen gef\u00e4hrlicher K\u00f6rperverletzung aufgenommen. Zum Tatzeitpunkt waren mehrere Passanten im Bereich des Alten Me\u00dfplatz. <\/p>\n\n\n\n<ul>\n<li><strong>Das Polizeirevier Mannheim-Neckarstadt hat die weiteren Ermittlungen \u00fcbernommen. Zeugen, die sachdienliche Hinweise geben k\u00f6nnen, werden gebeten, sich unter der Telefonnummer 0621\/3301-0 zu melden.<\/strong><\/li>\n<\/ul>\n\n\n\n<h2 class=\"wp-block-heading\">(Mannheim) &#8211; Nach Pfeffersprayangriff \/ Zeugen gesucht<\/h2>\n\n\n\n<p>Am Freitagabend um 20:55 Uhr hat eine bislang unbekannte m\u00e4nnliche Person ein Caf\u00e9 in der Relaisstra\u00dfe passiert und unvermittelt Reizspr\u00fchgas in Richtung des Au\u00dfenbereichs des Caf\u00e9s gespr\u00fcht. Eine Person wurde dadurch leicht verletzt, konnte jedoch vor Ort medizinisch versorgt und entlassen werden. Eine T\u00e4terbeschreibung liegt nicht vor.<\/p>\n\n\n\n<ul>\n<li><strong>Das Polizeirevier Mannheim-Neckarau hat die weiteren Ermittlungen \u00fcbernommen. Zeugen, die Angaben zum T\u00e4ter machen k\u00f6nnen, werden gebeten, sich unter der Telefonnummer 0621\/83397-0 zu melden.<\/strong><\/li>\n<\/ul>\n\n\n\n<h2 class=\"wp-block-heading\">(Mannheim) &#8211; Alkoholisiert und ohne F\u00fchrerschein Unfall verursacht<\/h2>\n\n\n\n<p>Am Freitagabend, gegen 19.35 Uhr, kam es zu einem Unfall in der Holl\u00e4nderstra\u00dfe. Ein 30-j\u00e4hriger Fahrzeugf\u00fchrer fuhr einem Mercedes in Richtung Essener Stra\u00dfe und kam nach rechts von der Fahrbahn ab. In H\u00f6he der Spedition Hoyer kollidierte er mit einem dort abgestellten Anh\u00e4nger, der durch die Wucht des Aufpralls in Richtung Fahrbahnmitte geschoben wurde. Der Verursacher war zum Unfallzeitpunkt nicht angegurtet und wurde schwer verletzt in ein Krankenhaus gebracht. Er war alkoholisiert und nicht im Besitz einer g\u00fcltigen Fahrerlaubnis. Der Anh\u00e4nger musste mit einem Spezialfahrzeug zur\u00fcck in seine Parkposition geschoben werden. Der total besch\u00e4digte Pkw des Verursachers wurde abgeschleppt. F\u00fcr die Aufr\u00e4umarbeiten musste die Stra\u00dfe kurzzeitig gesperrt werden. Der Fahrer sieht nun einem Ermittlungsverfahren u.a. wegen Gef\u00e4hrdung des Stra\u00dfenverkehrs in Folge der Beeinflussung durch Alkohol und Fahren ohne Fahrerlaubnis entgegen.<\/p>\n\n\n\n<h2 class=\"wp-block-heading\">(Mannheim) &#8211; Betrugsversuch &#8222;falscher Polizeibeamter&#8220; erfolglos<\/h2>\n\n\n<div class=\"wp-block-image\">\n<figure class=\"aligncenter size-full\"><img decoding=\"async\" loading=\"lazy\" width=\"800\" height=\"396\" src=\"https:\/\/speyer24news.com\/wp-content\/uploads\/2020\/01\/Falscher-Polizeibeamter.jpg\" alt=\"\" class=\"wp-image-24247\" srcset=\"https:\/\/speyer24news.com\/wp-content\/uploads\/2020\/01\/Falscher-Polizeibeamter.jpg 800w, https:\/\/speyer24news.com\/wp-content\/uploads\/2020\/01\/Falscher-Polizeibeamter-300x149.jpg 300w, https:\/\/speyer24news.com\/wp-content\/uploads\/2020\/01\/Falscher-Polizeibeamter-768x380.jpg 768w\" sizes=\"(max-width: 800px) 100vw, 800px\" \/><\/figure><\/div>\n\n\n<p>Am Freitag, in der Zeit zwischen 14:45 Uhr und 15:10 Uhr, kam es in Rheinau zu mindestens zwei betr\u00fcgerischen Anrufen. Der erste Anruf bei einer 74-j\u00e4hrigen Seniorin kam von einem vermeintlichen Polizeibeamten, welcher der Gesch\u00e4digten erkl\u00e4rte ihre Schwester habe einen t\u00f6dlichen Unfall verursacht und es m\u00fcsse eine Kaution gestellt werden. Des Weiteren erfragte der Betr\u00fcger die Personalien der Dame und beendete im Anschluss das Gespr\u00e4ch. Bei einem weiteren Anruf war eine v\u00f6llig aufgel\u00f6ste weibliche Person zu h\u00f6ren, welche die vermeintliche Schwester der Gesch\u00e4digt sein sollte. Jedoch war der Sohn der 74-j\u00e4hrigen Dame bei dem Telefonat anwesend, erkannte, dass es sich hier um einen Betrugsversuch handelte und das Gespr\u00e4ch wurde beendet. Zu einem finanziellen Schaden kam es somit nicht. Die Telefonnummer des Anrufers wurde bei keinem der beiden Anrufe \u00fcbermittelt. Das Betrugsdezernat der Kriminalpolizeidirektion Heidelberg hat die weiteren Ermittlungen wegen des Verdachts des versuchten Trickbetrugs aufgenommen. <\/p>\n\n\n\n<h4 class=\"wp-block-heading\">Bitte beachten Sie folgende Warnhinweise: <\/h4>\n\n\n\n<ul>\n<li><strong>\u00dcbergeben Sie keine Geldbetr\u00e4ge vor der Haust\u00fcr an fremde Menschen und hinterlegen diese auch nicht an ungew\u00f6hnlichen Orten zur Abholung. <\/strong><\/li>\n\n\n\n<li><strong>Die Polizei holt weder Geld noch Schmuck an der Haust\u00fcr ab oder l\u00e4sst dies von Boten abholen. <\/strong><\/li>\n<\/ul>\n\n\n\n<h4 class=\"wp-block-heading\">Dar\u00fcber hinaus gelten folgende Hinweise:<\/h4>\n\n\n\n<ul>\n<li><strong>Geben Sie keine Details zu Ihren famili\u00e4ren und finanziellen Verh\u00e4ltnissen preis.<\/strong><\/li>\n\n\n\n<li><strong>Lassen Sie sich nicht dr\u00e4ngen und unter Druck setzen.<\/strong><\/li>\n\n\n\n<li><strong>Nehmen Sie sich Zeit, um die Angaben des Anrufers zu \u00fcberpr\u00fcfen. Rufen Sie die jeweilige Person unter der Ihnen lange bekannten Nummer an und lassen Sie sich den Sachverhalt best\u00e4tigen.<\/strong><\/li>\n\n\n\n<li><strong>Wenn ein Anrufer Geld oder andere Wertsachen von Ihnen fordert: Besprechen Sie dies mit Familienangeh\u00f6rigen oder anderen Ihnen nahestehenden Personen.<\/strong><\/li>\n\n\n\n<li><strong>Kommt Ihnen ein Anruf verd\u00e4chtig vor, informieren Sie unverz\u00fcglich die Polizei unter der Nummer 110.<\/strong><\/li>\n\n\n\n<li><strong>Sind Sie bereits Opfer einer Betrugsmasche geworden, zeigen Sie die Tat unbedingt bei der Polizei an. Dies kann der Polizei helfen, Zusammenh\u00e4nge zu erkennen, andere Personen entsprechend zu sensibilisieren und die T\u00e4ter zu \u00fcberf\u00fchren.<\/strong><\/li>\n\n\n\n<li><strong>Lassen Sie Ihren Vornamen im Telefonbuch abk\u00fcrzen (aus Herta Schmidt wird beispielsweise H. Schmidt). So k\u00f6nnen die T\u00e4ter Sie nicht ausfindig machen. Zum \u00c4ndern eines Telefonbucheintrags wenden Sie sich an die Telekom.<\/strong><\/li>\n\n\n\n<li><strong>Bewahren Sie Ihre Wertsachen, z.B. h\u00f6here Geldbetr\u00e4ge und andere Wertgegenst\u00e4nde nicht zuhause auf, sondern auf der Bank oder im Bankschlie\u00dffach.<\/strong><\/li>\n\n\n\n<li>S<strong>ensibilisieren Sie \u00e4ltere Menschen eindringlich und erl\u00e4utern ihnen die Betrugsmaschen<\/strong><\/li>\n<\/ul>\n\n\n\n<h4 class=\"wp-block-heading\"><em>Des Weiteren informieren die Kriminalpolizeilichen Beratungsstellen des Polizeipr\u00e4sidiums Mannheim in Mannheim, Tel.: 0621\/174-1212 und in Heidelberg, Tel.: 06221\/1857125, wie man sich am besten vor Trickbetr\u00fcgern jedweder Art sch\u00fctzen kann. Die Beratungen sind kostenlos!!! Im Internet sind Information \u00fcber alle g\u00e4ngigen Betrugsmaschen unter&nbsp;<a href=\"https:\/\/www.polizei-beratung.de\/\" target=\"_blank\" rel=\"noreferrer noopener\">www.polizei-beratung.de<\/a>&nbsp;abrufbar.<\/em><\/h4>\n\n\n\n<h2 class=\"wp-block-heading\">(Mannheim) &#8211; 27-J\u00e4hrige vermisst \/ R\u00fccknahme \u00d6ffentlichkeitsfahndung<\/h2>\n\n\n<div class=\"wp-block-image\">\n<figure class=\"aligncenter size-full\"><img decoding=\"async\" loading=\"lazy\" width=\"800\" height=\"533\" src=\"https:\/\/speyer24news.com\/wp-content\/uploads\/2021\/01\/Ruhe-in-Frieden.jpg\" alt=\"\" class=\"wp-image-32361\" srcset=\"https:\/\/speyer24news.com\/wp-content\/uploads\/2021\/01\/Ruhe-in-Frieden.jpg 800w, https:\/\/speyer24news.com\/wp-content\/uploads\/2021\/01\/Ruhe-in-Frieden-300x200.jpg 300w, https:\/\/speyer24news.com\/wp-content\/uploads\/2021\/01\/Ruhe-in-Frieden-768x512.jpg 768w\" sizes=\"(max-width: 800px) 100vw, 800px\" \/><\/figure><\/div>\n\n\n<p>Die Suche nach der seit dem 15.08.2024 vermissten 27-j\u00e4hrigen Nele B. ist beendet. Die 27-J\u00e4hrige wurde tot im Bereich vom Neckar aufgefunden. Hinweise auf ein Fremdverschulden haben sich nicht ergeben. Die \u00d6ffentlichkeitsfahndung wird daher zur\u00fcckgenommen.<\/p>\n\n\n\n<h2 class=\"wp-block-heading\">(Heidelberg) &#8211; Schokocreme mit Glasscherben versehen \/ Zeugen gesucht!<\/h2>\n\n\n\n<p>Eine noch unbekannte T\u00e4terschaft platzierte mehrere mit Schokocreme umh\u00fcllte Glasscherben im Bereich der Felix-Wankel-Stra\u00dfe sowie in der Fabrikstra\u00dfe. Eine aufmerksame Zeugin stellte die Glasscherben am Samstagvormittag fest und alarmierte die Polizei. Ob die ausgelegten K\u00f6der f\u00fcr Hunde oder andere Tiere bestimmt waren, ist Gegenstand der weiteren Ermittlungen des Polizeireviers Heidelberg-S\u00fcd. <\/p>\n\n\n\n<ul>\n<li><strong>Zeugen, welche verd\u00e4chtige Wahrnehmungen gemacht haben, werden gebeten, sich unter der Telefonnummer 06221\/3418-0 zu melden.<\/strong><\/li>\n<\/ul>\n\n\n\n<h4 class=\"wp-block-heading\"><em>Hundebesitzer sollten in dem Bereich um die Felix-Wankel-Stra\u00dfe darauf achten, was deren Vierbeiner aufnehmen und diese an der Leine f\u00fchren.<\/em><\/h4>\n\n\n\n<h2 class=\"wp-block-heading\">(L 534 \/ Heidelberg) &#8211; Fahrzeugbrand auf L534<\/h2>\n\n\n\n<p>Am Samstagvormittag gegen 11:00 Uhr kam es auf der L534 bei Ziegelhausen zu einem Fahrzeugbrand. Ein 58-j\u00e4hriger Autofahrer hielt mit seinem Ford Focus an der Ampelkreuzung zur Peterstaler Stra\u00dfe an und bemerkte Rauch, der aus dem Motorraum des Fahrzeuges kam. Wenige Minuten nachdem der Autofahrer das Fahrzeug ein paar Meter weiter am Stra\u00dfenrand abstellt hatte, begann dieses zu brennen. Das Fahrzeug konnte zwar von der ebenfalls alarmierten Feuerwehr gel\u00f6scht werden, dennoch entstand an Fahrzeug und Stra\u00dfe ein Gesamtsachschaden von gesch\u00e4tzt 15.000,- EUR. Verletzt wurde niemand. Aufgrund der Einsatzma\u00dfnahmen war die L534 insgesamt \u00fcber die Dauer von ca. einer Stunde voll gesperrt. Das Polizeirevier Heidelberg-Nord hat die Sachbearbeitung \u00fcbernommen. Die Ursache f\u00fcr den Brand ist bislang unbekannt. Die Ermittlungen dauern an.<\/p>\n\n\n\n<h2 class=\"wp-block-heading\">(Heidelberg) &#8211; Trio nach Ladendiebstahl festgenommen<\/h2>\n\n\n\n<p>Nach einem gemeinschaftlich begangenen Ladendiebstahl konnten am Freitagabend gegen 18:30 Uhr ein 26-j\u00e4hriger sowie zwei 32-J\u00e4hrige M\u00e4nner festgenommen werden. Zuvor verhielten sich die Herren so auff\u00e4llig, dass ein Ladendetektiv auf sie aufmerksam wurde. Nach ihrem &#8222;Diebeszug&#8220; von diversen Bekleidungsartikeln, teilte sich das Trio in zwei Gruppen und versuchten das Kaufhaus zu verlassen. Die zweier-Gruppe konnte durch die Ladendetektive im Ausgangsbereich aufgehalten und bis zum Eintreffen der Polizei festgehalten werden. Der Dritte wurde kurz darauf nach einem Hinweis durch den Detektiv durch eine Streife des Polizeireviers Heidelberg-Mitte in unmittelbarer N\u00e4he des Kaufhauses festgenommen. Neben den aus dem Kaufhaus entwendeten Gegenst\u00e4nden, wurde bei den Ladendieben zwei T\u00fcten mit vermeintlichem weiteren Diebesgut aus anderen Gesch\u00e4ften aufgefunden. Diesbez\u00fcglich sind weitere Ermittlungen erforderlich. Neben einem Hausverbot im Kaufhaus m\u00fcssen sich die drei M\u00e4nner wegen des besonders schweren Falls des Diebstahls verantworten &#8211; die Ermittlungen wurden durch das Polizeirevier Heidelberg-Mitte aufgenommen.<\/p>\n\n\n\n<h2 class=\"wp-block-heading\">(Br\u00fchl \/ Rhein-Neckar-Kreis) &#8211; Autofahrerin missachtet Rotlicht<\/h2>\n\n\n\n<p>Am Samstag fuhr eine 47-J\u00e4hrige mit ihrem Ford auf der L599 von Ketsch nach Br\u00fchl. Als sie um kurz vor 16 Uhr nach links in die Mannheimer Landstra\u00dfe abbog, \u00fcbersah sie das f\u00fcr sie geltende Rotlicht der Ampel. Infolgedessen kam es zu einem Unfall mit einem von rechts die Kreuzung querenden Peugeot. Zum Gl\u00fcck wurden bei dem Zusammensto\u00df weder die 47-j\u00e4hrige Unfallverursacherin noch die 59-j\u00e4hrige Fahrerin des Peugeot verletzt. An beiden Autos entstand ein Sachschaden von 10.000 Euro. Das Polizeirevier Mannheim-Neckarau \u00fcbernahm die weiteren Unfallermittlungen.<\/p>\n\n\n\n<h2 class=\"wp-block-heading\">(Schwetzingen \/ Rhein-Neckar-Kreis) &#8211; Defektes E-Auto f\u00fchrt zu gr\u00f6\u00dferem R\u00fcckstau<\/h2>\n\n\n\n<p>Der technische Defekt eines Elektroautos im Bereich der einspurigen Baustelle auf der 39 zwischen Hockenheim und Schwetzingen f\u00fchrte am Freitagmittag, kurz nach 13:00 Uhr, zu massiven Verkehrsbehinderungen mit R\u00fcckstau. Versuche, das E-Auto aus dem Baustellenbereich zu schieben scheiterten, da sich die Feststellbremse automatisch aktivierte und nicht zu l\u00f6sen war. Durch das Verkehrsaufkommen war es dem Abschleppunternehmen nur schwer m\u00f6glich zu dem Pannenfahrzeug zu gelangen. Dies f\u00fchrte dazu, dass das Pannenfahrzeug erst um 14:30 Uhr aufgeladen und die Fahrbahn freigemacht werden konnte. Gegen 15:00 Uhr war eine Entspannung der Verkehrssituation und eine Aufl\u00f6sung des Staus festzustellen.<\/p>\n\n\n\n<h2 class=\"wp-block-heading\">(Sandhausen \/ Rhein-Neckar-Kreis) &#8211; Einbrecher wird von Wohnungsinhabern \u00fcberrascht<\/h2>\n\n\n\n<p>Am Sonntagmorgen gegen 04:20 Uhr wurde ein Einbrecher in der Kisselgasse von den Wohnungseigent\u00fcmern \u00fcberrascht und in die Flucht geschlagen. Der Unbekannte verschaffte sich auf noch nicht gekl\u00e4rte Weise Zutritt zu dem Einfamilienhaus, wonach eine anwesende Anwohnerin den T\u00e4ter bemerkte. Durch laute Rufe machte sie auf sich aufmerksam. Zuf\u00e4llig kam deren Ehemann in diesem Moment nach Hause. Als er die Haust\u00fcr \u00f6ffnete, st\u00fcrmte ihm der Unbekannte entgegen und fl\u00fcchtete. Trotz einer sofort eingeleiteten Fahndung nach dem T\u00e4ter gelang diesem die Flucht.<\/p>\n\n\n\n<ul>\n<li><strong>Das Polizeirevier Wiesloch sucht nun Zeugen, welche verd\u00e4chtige Wahrnehmungen gemacht haben und bittet diese, sich unter der Telefonnummer 06222\/5709-0 zu melden.<\/strong><\/li>\n<\/ul>\n\n\n\n<h2 class=\"wp-block-heading\">(A 5 \/ Walldorf \/ Rhein-Neckar-Kreis) &#8211; Angriff auf Einsatzkr\u00e4fte bei Polizeikontrolle<\/h2>\n\n\n<div class=\"wp-block-image\">\n<figure class=\"aligncenter size-full\"><img decoding=\"async\" loading=\"lazy\" width=\"800\" height=\"533\" src=\"https:\/\/speyer24news.com\/wp-content\/uploads\/2022\/06\/Blaulicht.jpg\" alt=\"\" class=\"wp-image-46705\" srcset=\"https:\/\/speyer24news.com\/wp-content\/uploads\/2022\/06\/Blaulicht.jpg 800w, https:\/\/speyer24news.com\/wp-content\/uploads\/2022\/06\/Blaulicht-300x200.jpg 300w, https:\/\/speyer24news.com\/wp-content\/uploads\/2022\/06\/Blaulicht-768x512.jpg 768w\" sizes=\"(max-width: 800px) 100vw, 800px\" \/><\/figure><\/div>\n\n\n<p>Am Samstagmorgen gegen 8:30 Uhr fiel einer Streifenwagenbesatzung der Verkehrsgruppe BAB-Seckenheim auf der A5 im Bereich des Autobahnkreuzes Walldorf ein Autofahrer auf, der sich nerv\u00f6s und auff\u00e4llig verhielt, weshalb sich die Beamten entschlossen auf dem Parkplatz Bannholz eine Kontrolle durchzuf\u00fchren. Bei der \u00dcberpr\u00fcfung der Personalien des Hyundai-Fahrers stellte sich heraus, dass er seine 8-j\u00e4hrige Tochter, die sich auf dem R\u00fccksitz befand, ohne Einverst\u00e4ndnis der Mutter mitgenommen hatte. Als er mit dem Sachverhalt konfrontiert wurde, verriegelte der 46-j\u00e4hrige Mann kurzerhand sein Auto und versuchte den Motor zu starten. Die aufmerksamen Beamten reagierten jedoch geistesgegenw\u00e4rtig, entriegelten das Fahrzeug durch das ge\u00f6ffnete Fenster und zogen den Mann aus dem Fahrzeug. Der Mann griff daraufhin die Einsatzkr\u00e4fte mit gezielten Tritten an und nur unter gro\u00dfer Kraftanstrengung gelang es, den Angreifer zu \u00fcberw\u00e4ltigen und ihn zu fixieren. Durch den Angriff wurden die beiden Polizeibeamten leicht verletzt. Das 8-j\u00e4hrige M\u00e4dchen blieb gl\u00fccklicherweise unverletzt und wurde im Anschluss in die Obhut der Mutter \u00fcbergeben. Gegen den Vater wurden rechtliche Schritte eingeleitet. Die Ermittlungen werden durch den Verkehrsdienst Heidelberg, Au\u00dfenstelle Walldorf gef\u00fchrt.<\/p>\n\n\n\n<h2 class=\"wp-block-heading\">(K 4160 \/ Schatthausen \/ Rhein-Neckar-Kreis) &#8211; Verkehrsunfall mit zwei Beteiligten Pkw<\/h2>\n\n\n\n<p>Am Montag gegen 17.00 Uhr ereignete sich auf der K4160 zwischen den Gemeinden Schatthausen und Gaunagelloch ein Verkehrsunfall mit zwei Beteiligten Pkw-F\u00fchrern.<\/p>\n\n\n\n<p>Derzeit befinden sich Polizei und Rettungskr\u00e4fte im Einsatz.<\/p>\n\n\n\n<p>Aufgrund der Unfallfahrzeuge sowie der Unfallaufnahme kann es zu Beeintr\u00e4chtigungen des flie\u00dfenden Verkehrs kommen.<\/p>\n\n\n\n<h3 class=\"wp-block-heading has-text-align-center\">Pressemeldung Nr. 2<\/h3>\n\n\n\n<p>Am Montagnachmittag, gg. 17:15 Uhr, befuhr eine 63-j\u00e4hrige Peugeot-Fahrerin die K 4160 von Schatthausen kommend, in Fahrtrichtung Gauangelloch. Aus bislang unbekannten Gr\u00fcnden kam sie in einer Rechtskurve auf die Gegenfahrbahn und kollidierte frontal mit einer entgegenkommenden und ordnungsgem\u00e4\u00df fahrenden 65-j\u00e4hrigen Ford-Fahrerin. Durch die Wucht der Kollision wurde der Ford auf einen Gr\u00fcnstreifen der Gegenfahrbahn geschleudert.<\/p>\n\n\n\n<p>Die Unfallverursacherin wurde schwer verletzt in ein Krankenhaus verbracht. Die Fahrerin des Ford zog sich leichte Verletzungen zu und wurde ebenfalls in ein Krankenhaus verbracht. Die beiden nicht mehr fahrbereiten Fahrzeuge mussten abgeschleppt und die Unfallstelle durch eine Fachfirma gereinigt werden. Die Schadensh\u00f6he wird auf ca. 30.000 Euro gesch\u00e4tzt.<\/p>\n\n\n\n<p>F\u00fcr die Dauer der Verkehrsunfallaufnahme war die K 4160 zwischen Schatthausen und Gauangelloch bis ca. 20:45 Uhr in beiden Fahrtrichtungen gesperrt. Gr\u00f6\u00dfere Verkehrsbeeintr\u00e4chtigungen blieben aus.<\/p>\n\n\n\n<p>Zum derzeitigen Stand der Ermittlungen ist nicht auszuschlie\u00dfen, dass die Unfallverursacherin unter dem Einfluss von Medikamenten stand. Ihr wurde eine Blutprobe entnommen.<\/p>\n\n\n\n<p>Die Ermittlungen zur genauen Unfallursache hat der Verkehrsdienst Heidelberg \u00fcbernommen.<\/p>\n\n\n\n<h2 class=\"wp-block-heading\">(M\u00fchlhausen \/ Rhein-Neckar-Kreis) &#8211; Buntmetall von Kirche entwendet \/ Zeugen gesucht!<\/h2>\n\n\n\n<p>Eine noch unbekannte T\u00e4terschaft entwendete im Zeitraum von Freitag, gegen 18 Uhr bis Samstag, gegen 12 Uhr mehrere Regenfallrohre sowie gro\u00dfe Teile der Blitzableiter von der Kirche St. C\u00e4cilia in der unteren M\u00fchlstra\u00dfe. Hierdurch entstand ein Sachschaden von mehr als 10.000 Euro. <\/p>\n\n\n\n<ul>\n<li><strong>Das Polizeirevier Wiesloch sucht nun Zeugen, welche verd\u00e4chtige Wahrnehmungen gemacht haben und bittet diese, sich unter der Telefonnummer 06222\/5709-0 zu melden.<\/strong><\/li>\n<\/ul>\n\n\n\n<h2 class=\"wp-block-heading\">(Eberbach \/ Rhein-Neckar-Kreis) &#8211; Bierkrugwurf im Festzelt \/ Zwei Personen verletzt &#8211; Polizei sucht Zeugen<\/h2>\n\n\n\n<p>Gegen 1:45 Uhr warf am Sonntag eine bislang unbekannte T\u00e4terschaft einen leeren Bierkrug durch das gro\u00dfe Festzelt auf dem Ebersbacher Kuckucksmarkt. Der Ma\u00dfkrug traf einen 17-J\u00e4hrigen am Kopf. Er erlitt eine stark blutende Kopfwunde, die im Krankenhaus behandelt werden musste. Als der Krug von dem Jugendlichen abprallte, traf er eine 18-J\u00e4hrige im Gesicht, wodurch sie sich eine Sch\u00e4delprellung zuzog. Das Polizeirevier Eberbach ermittelt nun wegen gef\u00e4hrlicher K\u00f6rperverletzung. Unklar ist bislang, ob der Krug gezielt geworfen wurde oder ob dies fahrl\u00e4ssig erfolgte. <\/p>\n\n\n\n<ul>\n<li><strong>Zeugen, die sachdienliche Hinweise geben k\u00f6nnen, werden gebeten, sich beim Polizeirevier Eberbach unter der Telefonnummer 06271\/ 9210-0 zu melden.<\/strong><\/li>\n<\/ul>\n\n\n\n<h2 class=\"wp-block-heading\">(Eberbach \/ Rhein-Neckar-Kreis) &#8211; Unfallflucht auf Parkplatz einer Sportanlage \/ Polizei sucht Zeugen<\/h2>\n\n\n\n<p>Nachdem eine 37-j\u00e4hrige Opel-Fahrerin am Samstagabend um 22 Uhr aus einer Parkl\u00fccke eines Sportplatzes in der Stra\u00dfe &#8222;In der Au&#8220; ausparkte und die \u00d6rtlichkeit \u00fcber die Durchfahrtsspur verlassen wollte, kam ihr hierbei verbotswidrig ein Fahrzeug entgegen. Obwohl dieser in der Einbahnstra\u00dfe entgegen der Fahrtrichtung entlangfuhr, r\u00e4umte die Frau dem unbekannten Fahrer den Platz zum Passieren ein. Hierf\u00fcr blieb sie mit ihrem Fahrzeug stehen und klappte sogar ihren linken Au\u00dfenspiegel ein. Als der Unbekannte sodann vorbeifuhr, streifte er den Opel und besch\u00e4digte diesen am Kotfl\u00fcgel und der hinteren Felge. Doch anstatt stehen zu bleiben, entfernte sich der Unbekannte von der \u00d6rtlichkeit. Der Gesamtschaden wird auf einen niedrigen vierstelligen Betrag gesch\u00e4tzt.<\/p>\n\n\n\n<ul>\n<li><strong>Bei dem Fahrzeug des Unbekannten soll es sich um einen schwarzen VW-Kombi gehandelt haben. Bei dem Fahrer soll es sich um einen ca. 30-40 Jahre alten Mann mit dunklem, kurzem Haar und Vollbart gehandelt haben. Er trug eine Basecap.<\/strong><\/li>\n<\/ul>\n\n\n\n<ul>\n<li><strong>Das Polizeirevier Eberbach ermittelt nun wegen Verkehrsunfallflucht und bittet Zeugen, die Hinweise zu dem Fahrer oder dem Fahrzeug geben k\u00f6nnen oder sonstige sachdienliche Hinweise geben k\u00f6nnen, sich unter der Tel.: 06271 \/ 9210-0 zu melden.<\/strong><\/li>\n<\/ul>\n","protected":false},"excerpt":{"rendered":"<div class=\"mh-excerpt\"><p>Polizeimeldungen vom Wochenende &amp; Montag (24.08. &#8211; 27.08.2024) (Speyer) &#8211; K\u00f6rperverletzung vor der Halle 101 Sonntagnacht gegen 01:15 Uhr kam es vor der Halle 101 zun\u00e4chst zu einem verbalen Streit zwischen mehreren Personen. Der Streit <a class=\"mh-excerpt-more\" href=\"https:\/\/speyer24news.com\/?p=59741\" title=\"Polizeimeldungen Wochenende &#038; Montag (24.08. &#8211; 27.08.24)\">[&#8230;]<\/a><\/p>\n<\/div>","protected":false},"author":3,"featured_media":26162,"comment_status":"open","ping_status":"open","sticky":false,"template":"","format":"standard","meta":{"_monsterinsights_skip_tracking":false,"_monsterinsights_sitenote_active":false,"_monsterinsights_sitenote_note":"","_monsterinsights_sitenote_category":0,"footnotes":""},"categories":[15659],"tags":[18286,7273,7243,7244,3614,13554,350,14537,15084,15267,14538,15361,702,61,2555,14113,6955,6986,6263,63,105,11150,6987,53,13540,16956,18099,17274,4683,14958,12967,102,13626,213,14325,14324,13553,13541,16955,2625,380],"aioseo_notices":[],"amp_enabled":true,"_links":{"self":[{"href":"https:\/\/speyer24news.com\/index.php?rest_route=\/wp\/v2\/posts\/59741"}],"collection":[{"href":"https:\/\/speyer24news.com\/index.php?rest_route=\/wp\/v2\/posts"}],"about":[{"href":"https:\/\/speyer24news.com\/index.php?rest_route=\/wp\/v2\/types\/post"}],"author":[{"embeddable":true,"href":"https:\/\/speyer24news.com\/index.php?rest_route=\/wp\/v2\/users\/3"}],"replies":[{"embeddable":true,"href":"https:\/\/speyer24news.com\/index.php?rest_route=%2Fwp%2Fv2%2Fcomments&post=59741"}],"version-history":[{"count":4,"href":"https:\/\/speyer24news.com\/index.php?rest_route=\/wp\/v2\/posts\/59741\/revisions"}],"predecessor-version":[{"id":59750,"href":"https:\/\/speyer24news.com\/index.php?rest_route=\/wp\/v2\/posts\/59741\/revisions\/59750"}],"wp:featuredmedia":[{"embeddable":true,"href":"https:\/\/speyer24news.com\/index.php?rest_route=\/wp\/v2\/media\/26162"}],"wp:attachment":[{"href":"https:\/\/speyer24news.com\/index.php?rest_route=%2Fwp%2Fv2%2Fmedia&parent=59741"}],"wp:term":[{"taxonomy":"category","embeddable":true,"href":"https:\/\/speyer24news.com\/index.php?rest_route=%2Fwp%2Fv2%2Fcategories&post=59741"},{"taxonomy":"post_tag","embeddable":true,"href":"https:\/\/speyer24news.com\/index.php?rest_route=%2Fwp%2Fv2%2Ftags&post=59741"}],"curies":[{"name":"wp","href":"https:\/\/api.w.org\/{rel}","templated":true}]}}