{"id":59758,"date":"2024-08-28T10:07:50","date_gmt":"2024-08-28T09:07:50","guid":{"rendered":"https:\/\/speyer24news.com\/?p=59758"},"modified":"2024-08-29T08:42:07","modified_gmt":"2024-08-29T07:42:07","slug":"polizeimeldungen-mittwoch-28-08-24","status":"publish","type":"post","link":"https:\/\/speyer24news.com\/?p=59758","title":{"rendered":"Polizeimeldungen Mittwoch (28.08.24)"},"content":{"rendered":"<style type=\"text\/css\">\r\n\t.ads_top_disp{}\r\n\t.ads_top_corner_disp{ float:left; margin:0px 10px 10px 0px; }\r\n\t.ads_first_p_disp{}\r\n\t.ads_bottom_disp{}\r\n\t<\/style>\n<h2 class=\"wp-block-heading\">Polizeimeldungen vom Mittwoch (28.08.2024)<\/h2>\n\n\n<div class=\"wp-block-image\">\n<figure class=\"aligncenter size-full\"><img decoding=\"async\" loading=\"lazy\" width=\"375\" height=\"500\" src=\"https:\/\/speyer24news.com\/wp-content\/uploads\/2022\/03\/Aktuelles-Polizeilogo.jpg\" alt=\"\" class=\"wp-image-43591\" srcset=\"https:\/\/speyer24news.com\/wp-content\/uploads\/2022\/03\/Aktuelles-Polizeilogo.jpg 375w, https:\/\/speyer24news.com\/wp-content\/uploads\/2022\/03\/Aktuelles-Polizeilogo-225x300.jpg 225w\" sizes=\"(max-width: 375px) 100vw, 375px\" \/><\/figure><\/div>\n\n\n<h2 class=\"wp-block-heading\">(Speyer) &#8211; Zeugen nach Verkehrsunfallflucht gesucht<\/h2>\n\n\n<div class=\"wp-block-image\">\n<figure class=\"aligncenter size-full\"><img decoding=\"async\" loading=\"lazy\" width=\"801\" height=\"600\" src=\"https:\/\/speyer24news.com\/wp-content\/uploads\/2020\/05\/Zeugen-gesucht-Neutral.jpg\" alt=\"\" class=\"wp-image-26598\" srcset=\"https:\/\/speyer24news.com\/wp-content\/uploads\/2020\/05\/Zeugen-gesucht-Neutral.jpg 801w, https:\/\/speyer24news.com\/wp-content\/uploads\/2020\/05\/Zeugen-gesucht-Neutral-300x225.jpg 300w, https:\/\/speyer24news.com\/wp-content\/uploads\/2020\/05\/Zeugen-gesucht-Neutral-768x575.jpg 768w, https:\/\/speyer24news.com\/wp-content\/uploads\/2020\/05\/Zeugen-gesucht-Neutral-678x509.jpg 678w, https:\/\/speyer24news.com\/wp-content\/uploads\/2020\/05\/Zeugen-gesucht-Neutral-326x245.jpg 326w, https:\/\/speyer24news.com\/wp-content\/uploads\/2020\/05\/Zeugen-gesucht-Neutral-80x60.jpg 80w\" sizes=\"(max-width: 801px) 100vw, 801px\" \/><\/figure><\/div>\n\n\n<p>Am Dienstagabend, gegen 19:30 Uhr, befuhr eine 26-j\u00e4hrige Motorradfahrerin die Franz-Kirrmeier-Stra\u00dfe in Richtung Auestra\u00dfe. Am dortigen Kreisverkehr missachtete ein bislang unbekannter Verkehrsteilnehmer mit seinem Pkw die Vorfahrt der 26-J\u00e4hrigen und fuhr von der K2 aus Otterstadt kommend ein. Die Motorradfahrerin musste so stark bremsen, dass sie die Kontrolle \u00fcber das Fahrzeug verlor und in eine angrenzende Gr\u00fcnfl\u00e4che zu Fall kam. Die 26-J\u00e4hrige verletzte sich leicht, der entstandene Sachschaden bel\u00e4uft sich auf ca. 2.000 Euro. Der Unfallverursacher entfernte sich in einem <strong>schwarzen Mercedes-Benz<\/strong> in unbekannte Richtung, ohne sich um den entstandenen Schaden zu k\u00fcmmern.<\/p>\n\n\n\n<ul>\n<li><strong>M\u00f6gliche Zeugen, welche Hinweise zur Tat oder dem T\u00e4ter geben k\u00f6nnen, werden gebeten, sich telefonisch mit der Polizei Speyer unter der 06232 1370 in Verbindung zu setzen. Alternativ werden Hinweise auch per E-Mail unter&nbsp;<a href=\"mailto:%20pispeyer@polizei.rlp.de\">pispeyer@polizei.rlp.de<\/a>&nbsp;entgegengenommen.<\/strong><\/li>\n<\/ul>\n\n\n\n<h2 class=\"wp-block-heading\">(Speyer) &#8211; Fischwilderei am Russenweiher<\/h2>\n\n\n<div class=\"wp-block-image\">\n<figure class=\"aligncenter size-full\"><img decoding=\"async\" loading=\"lazy\" width=\"800\" height=\"602\" src=\"https:\/\/speyer24news.com\/wp-content\/uploads\/2024\/08\/Russenweiher-@Speyer24NEWS.jpeg\" alt=\"\" class=\"wp-image-59760\" srcset=\"https:\/\/speyer24news.com\/wp-content\/uploads\/2024\/08\/Russenweiher-@Speyer24NEWS.jpeg 800w, https:\/\/speyer24news.com\/wp-content\/uploads\/2024\/08\/Russenweiher-@Speyer24NEWS-300x226.jpeg 300w, https:\/\/speyer24news.com\/wp-content\/uploads\/2024\/08\/Russenweiher-@Speyer24NEWS-768x578.jpeg 768w, https:\/\/speyer24news.com\/wp-content\/uploads\/2024\/08\/Russenweiher-@Speyer24NEWS-678x509.jpeg 678w, https:\/\/speyer24news.com\/wp-content\/uploads\/2024\/08\/Russenweiher-@Speyer24NEWS-326x245.jpeg 326w, https:\/\/speyer24news.com\/wp-content\/uploads\/2024\/08\/Russenweiher-@Speyer24NEWS-80x60.jpeg 80w\" sizes=\"(max-width: 800px) 100vw, 800px\" \/><\/figure><\/div>\n\n\n<p>Am Dienstag, gegen 18:00 Uhr, wurden zwei M\u00e4nner im Alter von 21 und 36 Jahren am Russenweiher durch Beamte der Polizei Speyer kontrolliert. Die beiden M\u00e4nner konnten zuvor beim Angeln beobachtet werden, au\u00dferdem befanden sich bereits geangelte, tote Fische bei ihnen. Es konnten keine erforderlichen Fischereischeine oder eine Lizenz des Angelvereins vorgelegt werden. Auf Grund dessen wurde gegen die beiden M\u00e4nner eine Strafanzeige wegen Fischwilderei eingeleitet.<\/p>\n\n\n\n<h2 class=\"wp-block-heading\">(Speyer) &#8211; Verkehrsunfall mit einem verletzten Motorradfahrer<\/h2>\n\n\n\n<p>Ein 39-j\u00e4hriger Motorradfahrer befuhr am Dienstagmittag, gegen 12:20 Uhr, die B39 von Hockenheim in Richtung Speyer. Kurz nach der Abfahrt Speyer Zentrum musste der Fahrer verkehrsbedingt stark abbremsen und verlor hierdurch die Kontrolle \u00fcber sein Fahrzeug. Der 39-J\u00e4hrige st\u00fcrzte und verletzte sich leicht. Er wurde in ein nahegelegenes Krankenhaus verbracht. Die Fahrbahn musste teilweise f\u00fcr die Zeit der Unfallaufnahme gesperrt werden.<\/p>\n\n\n\n<h2 class=\"wp-block-heading\">(Speyer) &#8211; Geschwindigkeitskontrollen in der Boschstra\u00dfe und Stockholmer Stra\u00dfe<\/h2>\n\n\n\n<p>Im Zeitraum von 10:00 Uhr bis 10:45 Uhr wurden Geschwindigkeitsmessungen in der Boschstra\u00dfe durchgef\u00fchrt. Von 15 gemessenen Fahrzeugen \u00fcberschritten vier die zugelassene Geschwindigkeit von 50 km\/h. Der schnellste gemessene Verkehrsteilnehmer fuhr 80 km\/h. Von 12:15 Uhr bis 13:15 Uhr wurde die Geschwindigkeit in der Stockholmer Stra\u00dfe \u00fcberwacht. Dabei wurden 37 Fahrzeugf\u00fchrer gemessen, von denen 13 zu schnell unterwegs waren. Die h\u00f6chste gemessene Geschwindigkeit betrug 81 km\/h. Es wurden entsprechende Ordnungswidrigkeitenverfahren eingeleitet. Au\u00dferdem wurde ein Versto\u00df gegen die Lenk- und Ruhezeiten und ein Gurt- sowie Handyversto\u00df geahndet. Eine Strafanzeige wegen eines nicht versicherten E-Scooters wurde ebenfalls aufgenommen.<\/p>\n\n\n\n<h2 class=\"wp-block-heading\">(Mutterstadt) &#8211; \u00d6ffentlichkeitsfahndung nach vermisstem 18-J\u00e4hrigen<\/h2>\n\n\n<div class=\"wp-block-image\">\n<figure class=\"aligncenter size-full\"><img decoding=\"async\" loading=\"lazy\" width=\"500\" height=\"667\" src=\"https:\/\/speyer24news.com\/wp-content\/uploads\/2024\/08\/LiBi.jpg\" alt=\"\" class=\"wp-image-59789\" srcset=\"https:\/\/speyer24news.com\/wp-content\/uploads\/2024\/08\/LiBi.jpg 500w, https:\/\/speyer24news.com\/wp-content\/uploads\/2024\/08\/LiBi-225x300.jpg 225w\" sizes=\"(max-width: 500px) 100vw, 500px\" \/><\/figure><\/div>\n\n\n<p>Seit Montag, 26.08.2024, wird ein in Mutterstadt wohnender 18-J\u00e4hriger vermisst. Er wurde zuletzt am Montag gegen 08:00 Uhr vor einem Gymnasium im Neust\u00fcckerweg in Schifferstadt gesehen. Der 18-J\u00e4hrige verlie\u00df die \u00d6rtlichkeit mit seinem PKW, einem Opel Karl Roxx (wei\u00df, schwarze Motorhaube) in unbekannte Richtung. Seitdem ist sein Aufenthaltsort unbekannt. Es kann nicht ausgeschlossen werden, dass sich der 18-J\u00e4hrige in einer hilflosen Lage befindet. Durch die bisherigen polizeilichen Ma\u00dfnahmen konnte er nicht aufgefunden werden, so dass wir die \u00d6ffentlichkeit um Mithilfe bitten.<\/p>\n\n\n\n<h3 class=\"wp-block-heading\">Beschreibung des 18-J\u00e4hrigen: <\/h3>\n\n\n\n<ul>\n<li><strong>Scheinbares Alter: 16 Jahre<\/strong><\/li>\n\n\n\n<li><strong>Schlank<\/strong><\/li>\n\n\n\n<li><strong>ca. 1,76 m gro\u00df<\/strong><\/li>\n\n\n\n<li><strong>tr\u00e4gt folgende Kleidungsst\u00fccke: graues Langarmshirt, kurze Hose und Sandalen<\/strong><\/li>\n<\/ul>\n\n\n\n<ul>\n<li><strong>Zeugen, die Hinweise auf den Aufenthalt des Vermissten geben k\u00f6nnen, werden gebeten, sich unter der Telefonnummer 0621 963 2773 an die Kriminalpolizei Ludwigshafen zu wenden. Wenn Sie den Vermissten sehen, behalten Sie diesen bitte im Blick und verst\u00e4ndigen Sie \u00fcber den Notruf 110 die Polizei!<\/strong><\/li>\n<\/ul>\n\n\n\n<h2 class=\"wp-block-heading\">(Germersheim) &#8211; Zwei E-Scooter ohne Versicherung<\/h2>\n\n\n\n<p>Am Dienstagabend im Zeitraum von 20:30 Uhr bis 22:30 Uhr konnten im Stadtgebiet Germersheim gleich zweimal E-Scooter kontrolliert werden, welche ohne Versicherungskennzeichen unterwegs waren. Die Fahrer beteuerten jeweils ihre Unwissenheit hinsichtlich einer Versicherungspflicht f\u00fcr die E-Scooter. Eine g\u00fcltige Versicherung konnte in beiden F\u00e4llen nicht vorgelegt werden. Gegen beide wurden Verfahren eingeleitet.<\/p>\n\n\n\n<h2 class=\"wp-block-heading\">(Bad Bergzabern) &#8211; Br\u00fcckengel\u00e4nder besch\u00e4digt \/ Zeugen gesucht<a href=\"https:\/\/www.facebook.com\/sharer.php?u=https%3A%2F%2Fwww.presseportal.de%2Fblaulicht%2Fpm%2F117686%2F5852539%2F%3Futm_source%3Dfacebook%26utm_medium%3Dsocial\"><\/a><a href=\"https:\/\/twitter.com\/intent\/tweet?text=POL-PDLD%3A%20Br%C3%BCckengel%C3%A4nder%20besch%C3%A4digt%20-%20Zeugen%20gesucht&amp;url=https%3A%2F%2Fwww.presseportal.de%2Fblaulicht%2Fpm%2F117686%2F5852539%2F%3Futm_source%3Dtwitter%26utm_medium%3Dsocial&amp;hashtags=ots&amp;lang=de\"><\/a><a href=\"https:\/\/web.whatsapp.com\/send?text=POL-PDLD%3A%20Br%C3%BCckengel%C3%A4nder%20besch%C3%A4digt%20-%20Zeugen%20gesucht%0A%0Ahttps%3A%2F%2Fwww.presseportal.de%2Fblaulicht%2Fpm%2F117686%2F5852539%2F%3Futm_source%3Dwhatsapp%26utm_medium%3Dsocial\"><\/a><a href=\"https:\/\/www.xing.com\/app\/user?op=share;url=https%3A%2F%2Fwww.presseportal.de%2Fblaulicht%2Fpm%2F117686%2F5852539%2F%3Futm_source%3Dxing%26utm_medium%3Dsocial\"><\/a><a href=\"http:\/\/www.linkedin.com\/shareArticle?mini=true&amp;url=https%3A%2F%2Fwww.presseportal.de%2Fblaulicht%2Fpm%2F117686%2F5852539%2F%3Futm_source%3Dlinkedin%26utm_medium%3Dsocial&amp;title=POL-PDLD%3A+Br%C3%BCckengel%C3%A4nder+besch%C3%A4digt+-+Zeugen+gesucht\"><\/a><a href=\"mailto:?subject=POL-PDLD%3A%20Br%C3%BCckengel%C3%A4nder%20besch%C3%A4digt%20-%20Zeugen%20gesucht&amp;body=https:\/\/www.presseportal.de\/blaulicht\/pm\/117686\/5852539\"><\/a><\/h2>\n\n\n<div class=\"wp-block-image\">\n<figure class=\"aligncenter\"><a href=\"https:\/\/cache.pressmailing.net\/thumbnail\/story_hires\/a2e20377-f45f-4109-b23d-5283be3b95ee\/Besch%C3%A4digtesBr%C3%BCckengel%C3%A4nder.JPG.jpg\"><img decoding=\"async\" src=\"https:\/\/cache.pressmailing.net\/thumbnail\/story_big\/a2e20377-f45f-4109-b23d-5283be3b95ee\/pol-pdld-br-ckengel-nder-besch-digt-zeugen-gesucht\" alt=\"POL-PDLD: Br\u00fcckengel\u00e4nder besch\u00e4digt - Zeugen gesucht\"\/><\/a><\/figure><\/div>\n\n\n<p>Am 23.08.24 wurde der Polizeiinspektion Bad Bergzabern die Besch\u00e4digung eines Br\u00fcckengel\u00e4nders angezeigt. Die Br\u00fccke verl\u00e4uft \u00fcber die B 38, zwischen Bad Bergzabern und Niederhorbach. Vermutlich ein landwirtschaftliches Fahrzeug mit Anbau besch\u00e4digte beim Befahren der Br\u00fccke das seitliche Gel\u00e4nder und richtete hierbei einen Sachschaden von mehreren Tausend Euro an.<\/p>\n\n\n\n<p>Anschlie\u00dfend entfernte sich der Verursacher von der Unfallstelle, ohne seinen Pflichten als Unfallverursacher nachzukommen.<\/p>\n\n\n\n<ul>\n<li><strong>Wer Angaben zum Verursacher des Verkehrsunfalls machen kann, wird gebeten sich bei der Polizeiinspektion Bad Bergzabern unter 06343\/93340 oder per Mail unter&nbsp;<a href=\"mailto:%20pibadbergzabern@polizei.rlp.de\">pibadbergzabern@polizei.rlp.de<\/a>&nbsp;zu melden.<\/strong><\/li>\n<\/ul>\n\n\n\n<h2 class=\"wp-block-heading\">(Landau-Offenbach) &#8211; Streit im Stra\u00dfenverkehr eskaliert \/ Zeugen gesucht<\/h2>\n\n\n<div class=\"wp-block-image\">\n<figure class=\"aligncenter size-full\"><img decoding=\"async\" loading=\"lazy\" width=\"801\" height=\"600\" src=\"https:\/\/speyer24news.com\/wp-content\/uploads\/2020\/05\/Zeugen-gesucht-Neutral.jpg\" alt=\"\" class=\"wp-image-26598\" srcset=\"https:\/\/speyer24news.com\/wp-content\/uploads\/2020\/05\/Zeugen-gesucht-Neutral.jpg 801w, https:\/\/speyer24news.com\/wp-content\/uploads\/2020\/05\/Zeugen-gesucht-Neutral-300x225.jpg 300w, https:\/\/speyer24news.com\/wp-content\/uploads\/2020\/05\/Zeugen-gesucht-Neutral-768x575.jpg 768w, https:\/\/speyer24news.com\/wp-content\/uploads\/2020\/05\/Zeugen-gesucht-Neutral-678x509.jpg 678w, https:\/\/speyer24news.com\/wp-content\/uploads\/2020\/05\/Zeugen-gesucht-Neutral-326x245.jpg 326w, https:\/\/speyer24news.com\/wp-content\/uploads\/2020\/05\/Zeugen-gesucht-Neutral-80x60.jpg 80w\" sizes=\"(max-width: 801px) 100vw, 801px\" \/><\/figure><\/div>\n\n\n<p>Am 27.08.2024 befuhr gegen 13:45 Uhr ein 44-j\u00e4hriger PKW-Fahrer die Rheinstra\u00dfe stadtausw\u00e4rts in Landau. Ein anderer PKW-Fahrer echauffierte sich aus nicht bekanntem Grund \u00fcber die Fahrweise des 44-J\u00e4hrigen. Nach einem Wortgefecht an der Kreuzung zur Queichheimer Br\u00fccke ging die Fahrt weiter nach Offenbach. An einer dortigen roten Ampel verlie\u00dfen beide Streith\u00e4hne ihre Fahrzeuge und versuchten den Disput zu kl\u00e4ren. Dies misslang, der bisher unbekannte Verkehrsteilnehmer schlug und trat nach dem 44-J\u00e4hrigen. Dieser wurde hierdurch leicht verletzt. Auch soll es zu Beleidigungen gekommen sein. Ein Strafverfahren wegen K\u00f6rperverletzung und Beleidigung wurde eingeleitet und die polizeilichen Ermittlungen aufgenommen. <\/p>\n\n\n\n<ul>\n<li><strong>Die Polizei bittet Zeugen, die Hinweise zu der Tat oder dem T\u00e4ter geben k\u00f6nnen sich per Email an&nbsp;<a href=\"mailto:%20pilandau@polizei.rlp.de\">pilandau@polizei.rlp.de<\/a>&nbsp;oder telefonisch unter 06341-287-0 bei der Polizeiinspektion Landau zu melden.<\/strong><\/li>\n<\/ul>\n\n\n\n<h2 class=\"wp-block-heading\">(Landau) &#8211; 95-j\u00e4hriger E-Bike-Fahrer bei Unfall verletzt<\/h2>\n\n\n\n<p>Am 27.08.2024 befuhr eine 43-j\u00e4hrige VW-Fahrerin gegen 12:30 Uhr die K9 von Godramstein in Richtung Arzheim. Ein 95-j\u00e4hriger E-Bike-Fahrer wollte die K9 von einem Feldweg kommend kreuzen. Hierbei \u00fcbersah er die VW-Fahrerin und kollidierte mit dieser. Der 95-J\u00e4hrige st\u00fcrzte, wurde durch den Unfall verletzt und durch einen Rettungswagen in ein umliegendes Krankenhaus verbracht. Die Schadensh\u00f6he betr\u00e4gt circa 1000 Euro.<\/p>\n\n\n\n<h2 class=\"wp-block-heading\">(Ottersheim) &#8211; Pkw-Brand<\/h2>\n\n\n\n<p>Am Dienstagmittag gegen 14:20 Uhr wurde der Polizei Germersheim ein Fahrzeugbrand in Ottersheim in der Germersheimer Stra\u00dfe gemeldet. Der Brand konnte durch die verst\u00e4ndigte Feuerwehr gel\u00f6scht werden. Aktuell wird ein technischer Defekt im Motorraum als Brandursache angenommen. Am Pkw entstand wirtschaftlicher Totalschaden in H\u00f6he von circa 5000,-EUR. Es kam zu keinem Personenschaden.<\/p>\n\n\n\n<h2 class=\"wp-block-heading\">(Edenkoben) &#8211; Alkoholisierter Randalierer<\/h2>\n\n\n<div class=\"wp-block-image\">\n<figure class=\"aligncenter size-full\"><img decoding=\"async\" loading=\"lazy\" width=\"800\" height=\"533\" src=\"https:\/\/speyer24news.com\/wp-content\/uploads\/2022\/06\/Blaulicht.jpg\" alt=\"\" class=\"wp-image-46705\" srcset=\"https:\/\/speyer24news.com\/wp-content\/uploads\/2022\/06\/Blaulicht.jpg 800w, https:\/\/speyer24news.com\/wp-content\/uploads\/2022\/06\/Blaulicht-300x200.jpg 300w, https:\/\/speyer24news.com\/wp-content\/uploads\/2022\/06\/Blaulicht-768x512.jpg 768w\" sizes=\"(max-width: 800px) 100vw, 800px\" \/><\/figure><\/div>\n\n\n<p>Am Mittwochmorgen (28.08.2024, 05.17 Uhr) meldeten sich gleich mehrere Personen \u00fcber den Notruf, dass ein Mann in der Weinstra\u00dfe aus dem Fenster seiner Wohnung mehrere Glasflaschen auf die Stra\u00dfen geworfen h\u00e4tte. Als die Beamten vor Ort eintrafen, wurden sie zun\u00e4chst mit Kraftausdr\u00fccken aus der F\u00e4kalsprache vom Fenster aus beleidigt. Weil er auf Aufforderung nicht \u00f6ffnete, musste die herbeigerufene Feuerwehr die Wohnungst\u00fcr mechanisch \u00f6ffnen. Die Beamten wurden von einem 38 Jahre alten, stark alkoholisierten Mann empfangen. In der Wohnung konnte eine Indoor-Plantage mit mehreren Cannabispflanzen, Amphetamin sowie mehrere Kisten Metall vorgefunden und sichergestellt werden. Zeugen hatten zudem berichtet, dass der Randalierer zuvor mit seinem Fahrzeug unterwegs gewesen war, weshalb ihm die Mitnahme zur Dienststelle zwecks Blutprobe erkl\u00e4rt wurde. Die polizeilichen Ermittlungen laufen.<\/p>\n\n\n\n<h2 class=\"wp-block-heading\">(Edenkoben) &#8211; Geschwindigkeitskontrolle<\/h2>\n\n\n\n<p>Innerhalb einer Stunde mussten am Dienstag (27.08.2024, 11.15 Uhr bis 12.15 Uhr) 15 Autofahrer in der Radeburger Stra\u00dfe geb\u00fchrenpflichtig verwarnt werden, weil sie die vorgeschriebene Geschwindigkeit von 30 km\/h nicht einhielten. Die Polizei weist darauf hin, dass mit den 30er Zonen der Verkehr beruhigt und sich Fu\u00dfg\u00e4nger und Radfahrer sicherer f\u00fchlen sollen. Gerade wegen des Seniorenheims Ludwigsh\u00f6he werden weitere Geschwindigkeitskontrollen folgen.<\/p>\n\n\n\n<h2 class=\"wp-block-heading\">(A 65 \/ AS NW-S\u00fcd) &#8211; Alkoholisiert mit dem Autopiloten unterwegs<a href=\"https:\/\/www.facebook.com\/sharer.php?u=https%3A%2F%2Fwww.presseportal.de%2Fblaulicht%2Fpm%2F117686%2F5852670%2F%3Futm_source%3Dfacebook%26utm_medium%3Dsocial\"><\/a><a href=\"https:\/\/twitter.com\/intent\/tweet?text=POL-PDLD%3A%20A65%2FAS%20NW-S%C3%BCd%20-%20Alkoholisiert%20mit%20dem%20Autopiloten%20unterwegs&amp;url=https%3A%2F%2Fwww.presseportal.de%2Fblaulicht%2Fpm%2F117686%2F5852670%2F%3Futm_source%3Dtwitter%26utm_medium%3Dsocial&amp;hashtags=ots&amp;lang=de\"><\/a><a href=\"https:\/\/web.whatsapp.com\/send?text=POL-PDLD%3A%20A65%2FAS%20NW-S%C3%BCd%20-%20Alkoholisiert%20mit%20dem%20Autopiloten%20unterwegs%0A%0Ahttps%3A%2F%2Fwww.presseportal.de%2Fblaulicht%2Fpm%2F117686%2F5852670%2F%3Futm_source%3Dwhatsapp%26utm_medium%3Dsocial\"><\/a><a href=\"https:\/\/www.xing.com\/app\/user?op=share;url=https%3A%2F%2Fwww.presseportal.de%2Fblaulicht%2Fpm%2F117686%2F5852670%2F%3Futm_source%3Dxing%26utm_medium%3Dsocial\"><\/a><a href=\"http:\/\/www.linkedin.com\/shareArticle?mini=true&amp;url=https%3A%2F%2Fwww.presseportal.de%2Fblaulicht%2Fpm%2F117686%2F5852670%2F%3Futm_source%3Dlinkedin%26utm_medium%3Dsocial&amp;title=POL-PDLD%3A+A65%2FAS+NW-S%C3%BCd+-+Alkoholisiert+mit+dem+Autopiloten+unterwegs\"><\/a><a href=\"mailto:?subject=POL-PDLD%3A%20A65%2FAS%20NW-S%C3%BCd%20-%20Alkoholisiert%20mit%20dem%20Autopiloten%20unterwegs&amp;body=https:\/\/www.presseportal.de\/blaulicht\/pm\/117686\/5852670\"><\/a><\/h2>\n\n\n<div class=\"wp-block-image\">\n<figure class=\"aligncenter\"><a href=\"https:\/\/cache.pressmailing.net\/thumbnail\/story_hires\/e1a6c19a-f742-4e21-b01f-3b179f298608\/VUA65beiNWS%C3%BCd.JPG.jpg\"><img decoding=\"async\" src=\"https:\/\/cache.pressmailing.net\/thumbnail\/story_big\/e1a6c19a-f742-4e21-b01f-3b179f298608\/pol-pdld-a65-as-nw-s-d-alkoholisiert-mit-dem-autopiloten-unterwegs\" alt=\"POL-PDLD: A65\/AS NW-S\u00fcd - Alkoholisiert mit dem Autopiloten unterwegs\"\/><\/a><\/figure><\/div>\n\n\n<p>Zu einem Verkehrsunfall mit drei verletzten Personen sowie zwei wirtschaftlichen Totalsch\u00e4den kam es Dienstagabend auf der A65 bei der AS NW-S\u00fcd. Ein 34 Jahre alter E-Autofahrer wollte an der Anschlussstelle Neustadt S\u00fcd (aus Fahrtrichtung Ludwigshafen kommend) die A 65 verlassen. Weil er an seinem E-Fahrzeug den Autopiloten aktiviert hatte und das Auto zu schnell in die Autobahnausfahrt fuhr, leitete er eine Vollbremsung ein. Dabei brach sein Fahrzeug aus, kam ins Schleudern und rutschte \u00fcber eine Gr\u00fcnfl\u00e4che auf den dortigen Beschleunigungsstreifen der Auffahrt NW-S\u00fcd. Dort kollidierte sein Fahrzeug mit einem Kleintransporter, wobei er und die beiden Insassen des Transporters Verletzungen erlitten und in ein Krankenhaus gebracht werden mussten. Aufgrund seiner Alkoholfahne wurde dem Unfallverursacher ein Alko-Test angeboten, der 1,5 Promille Atemalkohol ergab. Eine Blutprobe wurde angeordnet. Polizeilichen Ermittlungen gegen den 34-J\u00e4hrigen wurden eingeleitet. Der Gesamtunfallschaden liegt bei \u00fcber 70.000 Euro. Es kam zu leichten Verkehrsbehinderungen.<\/p>\n\n\n\n<h2 class=\"wp-block-heading\">(Neustadt) &#8211; Fahrradfahrer bei Unf\u00e4llen verletzt<\/h2>\n\n\n\n<p>Am Dienstag, den 27.08.2024, befuhr ein 49-j\u00e4hriger Neustadter mit seinem Fahrrad um 17:24Uhr die Speyerdorfer Stra\u00dfe in Fahrtrichtung Louis-Escande-Stra\u00dfe. Hierbei verlor er die Kontrolle \u00fcber sein Fahrrad und geriet in den Gegenverkehr. Der dem Fahrradfahrer entgegenkommende 32-j\u00e4hrige PKW-Fahrer konnte gl\u00fccklicherweise noch stark abbremsen. Zwar kam es zur Kollision der beiden Fahrzeuge, der Fahrradfahrer wurde jedoch nur leicht verletzt. Es entstand Sachschaden von insgesamt 2100EUR. Ein weiterer Unfall ereignete sich um 17:55Uhr an der Kreuzung Spitalbachstra\u00dfe \/ Schlachthofstra\u00dfe. Hier standen zwei Fahrradfahrerinnen verkehrsbedingt an einer rot zeigenden Lichtzeichenanlage. Als diese auf gr\u00fcn sprang, fuhren beide los. Hierbei rutschte eine der beiden Fahrerinnen von dem Pedal ab und st\u00fcrzte auf die sich zu dieser Zeit neben ihr befindliche Fahrradfahrerin, welche ebenfalls zu Fall kam. Letztgenannte musste im Anschluss zur weiteren Untersuchung in ein Krankenhaus verbracht werden. Sch\u00e4den an den Fahrr\u00e4dern konnten nicht festgestellt werden.<\/p>\n\n\n\n<h2 class=\"wp-block-heading\">(Bad D\u00fcrkheim) &#8211; Sekundenschlaf f\u00fchrt zu Unfall<a href=\"https:\/\/www.facebook.com\/sharer.php?u=https%3A%2F%2Fwww.presseportal.de%2Fblaulicht%2Fpm%2F117687%2F5852622%2F%3Futm_source%3Dfacebook%26utm_medium%3Dsocial\"><\/a><a href=\"https:\/\/twitter.com\/intent\/tweet?text=POL-PDNW%3A%20Sekundenschlaf%20f%C3%BChrt%20zu%20Unfall&amp;url=https%3A%2F%2Fwww.presseportal.de%2Fblaulicht%2Fpm%2F117687%2F5852622%2F%3Futm_source%3Dtwitter%26utm_medium%3Dsocial&amp;hashtags=ots&amp;lang=de\"><\/a><a href=\"https:\/\/web.whatsapp.com\/send?text=POL-PDNW%3A%20Sekundenschlaf%20f%C3%BChrt%20zu%20Unfall%0A%0Ahttps%3A%2F%2Fwww.presseportal.de%2Fblaulicht%2Fpm%2F117687%2F5852622%2F%3Futm_source%3Dwhatsapp%26utm_medium%3Dsocial\"><\/a><a href=\"https:\/\/www.xing.com\/app\/user?op=share;url=https%3A%2F%2Fwww.presseportal.de%2Fblaulicht%2Fpm%2F117687%2F5852622%2F%3Futm_source%3Dxing%26utm_medium%3Dsocial\"><\/a><a href=\"http:\/\/www.linkedin.com\/shareArticle?mini=true&amp;url=https%3A%2F%2Fwww.presseportal.de%2Fblaulicht%2Fpm%2F117687%2F5852622%2F%3Futm_source%3Dlinkedin%26utm_medium%3Dsocial&amp;title=POL-PDNW%3A+Sekundenschlaf+f%C3%BChrt+zu+Unfall\"><\/a><a href=\"mailto:?subject=POL-PDNW%3A%20Sekundenschlaf%20f%C3%BChrt%20zu%20Unfall&amp;body=https:\/\/www.presseportal.de\/blaulicht\/pm\/117687\/5852622\"><\/a><\/h2>\n\n\n<div class=\"wp-block-image\">\n<figure class=\"aligncenter\"><a href=\"https:\/\/cache.pressmailing.net\/thumbnail\/story_hires\/8abf6c9f-cdcd-4ac6-b506-c864f6e3cd3d\/VUB37.jpg.jpg\"><img decoding=\"async\" src=\"https:\/\/cache.pressmailing.net\/thumbnail\/story_big\/8abf6c9f-cdcd-4ac6-b506-c864f6e3cd3d\/pol-pdnw-sekundenschlaf-f-hrt-zu-unfall\" alt=\"POL-PDNW: Sekundenschlaf f\u00fchrt zu Unfall\"\/><\/a><\/figure><\/div>\n\n\n<p>Am Mittwochmorgen um 07:30 Uhr ereignete sich auf der B37, Fahrtrichtung Bad D\u00fcrkheim, ein Verkehrsunfall bei dem gl\u00fccklicherweise niemand verletzt wurde. Eine 25-j\u00e4hrige Pkw-Fahrerin, aus dem Raum Bad D\u00fcrkheim, war mit ihrem Pkw von der A650 kommend in Richtung B37 unterwegs. Kurz nach der Deponie kam diese nach rechts von der Fahrbahn ab und kollidierte mit einem dortigen Verkehrsschild. Verletzt wurde die Fahrerin bei dem Unfall nicht. Im Rahmen der Unfallaufnahme gab die Fahrerin an, dass sie wohl kurzzeitig aufgrund \u00dcberm\u00fcdung eingeschlafen sei. Die Fahrerin erwartet nun ein Strafverfahren wegen Stra\u00dfenverkehrsgef\u00e4hrdung gem. \u00a7 315c StGB. F\u00fcr die Dauer der Unfallaufnahme musste die B37 kurzzeitig gesperrt werden. Der Sachschaden bel\u00e4uft sich auf ca. 5.500,- Euro. Neben der Polizei waren auch Kr\u00e4fte der Feuerwehr und des Rettungsdienstes im Einsatz.<\/p>\n\n\n\n<h2 class=\"wp-block-heading\">(Bobenheim-Roxheim) &#8211; Hinweis auf Badeunfall<\/h2>\n\n\n\n<p>Am 27.08.2024, gegen 20.50 Uhr, wurde durch Zeugen gemeldet, dass sie im Silbersee, an einer Boje, eine Person bemerkt h\u00e4tten, kurz danach sei sie nicht mehr zu sehen gewesen. Aufgrund dieser Angaben wurde zusammen mit der Feuerwehr, Rettungsdienst und DLRG zun\u00e4chst das Ufer und der Seebereich abgesucht. Sp\u00e4ter relativierten die Hinweisgeber ihre Aussage dahingehend, dass sie eine zweite Person dort bemerkt h\u00e4tten und die beiden Personen w\u00e4ren Richtung Ufer geschwommen, kurz davor h\u00e4tten sie sie aus den Augen verloren. Aufgrund dieser neuen Erkenntnisse und fehlenden Hinweisen am Uferbereich wurde sodann nicht von einem Badeunfall ausgegangen und die Suche eingestellt.<\/p>\n\n\n\n<h2 class=\"wp-block-heading\">(Ludwigshafen) &#8211; \u00d6ffentlichkeitsfahndung nach 15-j\u00e4hrigem Jugendlichen<\/h2>\n\n\n<div class=\"wp-block-image\">\n<figure class=\"aligncenter size-full\"><img decoding=\"async\" loading=\"lazy\" width=\"500\" height=\"694\" src=\"https:\/\/speyer24news.com\/wp-content\/uploads\/2024\/08\/Vermisster_28082024.png\" alt=\"\" class=\"wp-image-59790\" srcset=\"https:\/\/speyer24news.com\/wp-content\/uploads\/2024\/08\/Vermisster_28082024.png 500w, https:\/\/speyer24news.com\/wp-content\/uploads\/2024\/08\/Vermisster_28082024-216x300.png 216w\" sizes=\"(max-width: 500px) 100vw, 500px\" \/><\/figure><\/div>\n\n\n<p>Seit Dienstag, 27.08.2024, wird der in Ludwigshafen wohnende 15-j\u00e4hrige Florian B. vermisst. Er wurde zuletzt am Dienstag um 20:10Uhr im Stadtgebiet Duisburg mit seiner Freundin gesehen. Seitdem ist sein Aufenthaltsort unbekannt. Auf Grund der Ermittlungsergebnisse ist davon auszugehen, dass er sich im Raum Ludwigshafen \/ Mannheim aufh\u00e4lt. Durch die bisherigen polizeilichen Ma\u00dfnahmen konnte Florian nicht aufgefunden werden, so dass wir die \u00d6ffentlichkeit um Mithilfe bitten.<\/p>\n\n\n\n<h4 class=\"wp-block-heading\">Beschreibung von Florian:<\/h4>\n\n\n\n<ul>\n<li><strong>ca. 195 cm gro\u00df<\/strong><\/li>\n\n\n\n<li><strong>schlanke Statur<\/strong><\/li>\n\n\n\n<li><strong>rechter Arm ist durch eine wei\u00dfe Bandage verdeckt<\/strong><\/li>\n\n\n\n<li><strong>bekleidet mit einer weiten, blauen Jeans und einem schwarzen T-Shirt<\/strong><\/li>\n<\/ul>\n\n\n\n<ul>\n<li><strong>Zeugen, die Hinweise auf den Aufenthalt der Vermissten geben k\u00f6nnen, werden gebeten, sich unter der Telefonnummer 0621-963-2122 an die Polizeiinspektion Ludwigshafen 1 zu wenden.<\/strong><\/li>\n<\/ul>\n\n\n\n<p>Wenn Sie den Vermissten sehen, behalten Sie diesen bitte im Blick und verst\u00e4ndigen Sie \u00fcber den Notruf 110 die Polizei!<\/p>\n\n\n\n<h2 class=\"wp-block-heading\">(Ludwigshafen) &#8211; Rollerdiebstahl \/ Zeugen gesucht<a href=\"https:\/\/www.facebook.com\/sharer.php?u=https%3A%2F%2Fwww.presseportal.de%2Fblaulicht%2Fpm%2F117696%2F5852759%2F%3Futm_source%3Dfacebook%26utm_medium%3Dsocial\"><\/a><a href=\"https:\/\/twitter.com\/intent\/tweet?text=POL-PPRP%3A%20Ludwigshafen%20-%20Rollerdiebstahl%20-%20Zeugen%20gesucht&amp;url=https%3A%2F%2Fwww.presseportal.de%2Fblaulicht%2Fpm%2F117696%2F5852759%2F%3Futm_source%3Dtwitter%26utm_medium%3Dsocial&amp;hashtags=ots&amp;lang=de\"><\/a><a href=\"https:\/\/web.whatsapp.com\/send?text=POL-PPRP%3A%20Ludwigshafen%20-%20Rollerdiebstahl%20-%20Zeugen%20gesucht%0A%0Ahttps%3A%2F%2Fwww.presseportal.de%2Fblaulicht%2Fpm%2F117696%2F5852759%2F%3Futm_source%3Dwhatsapp%26utm_medium%3Dsocial\"><\/a><a href=\"https:\/\/www.xing.com\/app\/user?op=share;url=https%3A%2F%2Fwww.presseportal.de%2Fblaulicht%2Fpm%2F117696%2F5852759%2F%3Futm_source%3Dxing%26utm_medium%3Dsocial\"><\/a><a href=\"http:\/\/www.linkedin.com\/shareArticle?mini=true&amp;url=https%3A%2F%2Fwww.presseportal.de%2Fblaulicht%2Fpm%2F117696%2F5852759%2F%3Futm_source%3Dlinkedin%26utm_medium%3Dsocial&amp;title=POL-PPRP%3A+Ludwigshafen+-+Rollerdiebstahl+-+Zeugen+gesucht\"><\/a><a href=\"mailto:?subject=POL-PPRP%3A%20Ludwigshafen%20-%20Rollerdiebstahl%20-%20Zeugen%20gesucht&amp;body=https:\/\/www.presseportal.de\/blaulicht\/pm\/117696\/5852759\"><\/a><\/h2>\n\n\n\n<p>In der Zeit vom 25.08.2024, 18:30 Uhr, bis 27.08.2024, 19:00 Uhr wurde in der Taubenstra\u00dfe ein Roller gestohlen. Der Roller war am Fahrbahnrand mit aktiviertem Lenkradschloss abgestellt.<\/p>\n\n\n\n<ul>\n<li><strong>Haben Sie die Tat beobachtet oder k\u00f6nnen Sie Hinweise geben?<\/strong><\/li>\n\n\n\n<li><strong>Dann melden Sie sich bitte bei der Polizeiinspektion Ludwigshafen 2, unter Telefonnummer 0621 963-2222 oder per E-Mail&nbsp;<a href=\"mailto:%20piludwigshafen2@polizei.rlp.de\">piludwigshafen2@polizei.rlp.de<\/a>&nbsp;.<\/strong><\/li>\n<\/ul>\n\n\n\n<h2 class=\"wp-block-heading\">(Ludwigshafen) &#8211; Auseinandersetzung in der Wredestra\u00dfe<\/h2>\n\n\n<div class=\"wp-block-image\">\n<figure class=\"aligncenter size-full\"><img decoding=\"async\" loading=\"lazy\" width=\"800\" height=\"533\" src=\"https:\/\/speyer24news.com\/wp-content\/uploads\/2021\/11\/Schlaegerei.jpg\" alt=\"\" class=\"wp-image-42366\" srcset=\"https:\/\/speyer24news.com\/wp-content\/uploads\/2021\/11\/Schlaegerei.jpg 800w, https:\/\/speyer24news.com\/wp-content\/uploads\/2021\/11\/Schlaegerei-300x200.jpg 300w, https:\/\/speyer24news.com\/wp-content\/uploads\/2021\/11\/Schlaegerei-768x512.jpg 768w\" sizes=\"(max-width: 800px) 100vw, 800px\" \/><figcaption class=\"wp-element-caption\">Beispielbild Schl\u00e4gerei \/ K\u00f6rperverletzung, dient lediglich der Visualisierung<\/figcaption><\/figure><\/div>\n\n\n<p>Am Dienstagnachmittag (27.08.2024), gegen 17:50 Uhr, wurde der Polizei eine Auseinandersetzung zwischen mehreren Personen in der Wredestra\u00dfe gemeldet. Vor Ort konnten drei junge M\u00e4nner im Alter zwischen 22 und 25 Jahren angetroffen werden. Nach ihren Angaben sei es zu einer Auseinandersetzung zwischen ihnen und drei weiteren jungen M\u00e4nnern gekommen, im Zuge derer sie ein 26-J\u00e4hriger mit einem Schlagstock angegriffen habe. Die drei Gesch\u00e4digten wurden leicht verletzt. Der Beschuldigte habe sich in Richtung Berliner Platz entfernt, konnte durch die Polizeikr\u00e4fte jedoch nicht mehr angetroffen werden. Gegen ihn wird nun wegen des Verdachts der gef\u00e4hrlichen K\u00f6rperverletzung ermittelt.<\/p>\n\n\n\n<h2 class=\"wp-block-heading\">(Ludwigshafen) &#8211; Einbr\u00fcche in Kleing\u00e4rten des Kleingartenbauvereins Am Riedsaumpark \/ Zeugen gesucht<\/h2>\n\n\n\n<p>In der Zeit vom 26.08.2024, 20:00 Uhr, bis 27.08.2024, 15:50 Uhr, brachen unbekannte T\u00e4ter in mehrere Kleing\u00e4rten und Gartenh\u00e4user in der Schwedeler Stra\u00dfe ein und entwendeten u. a. Werkzeuge und Lebensmittel.<\/p>\n\n\n\n<ul>\n<li><strong>Wer hat die Tat beobachtet oder kann Hinweise auf die T\u00e4ter geben?<\/strong><\/li>\n\n\n\n<li><strong>Hinweise bitte an die Polizeiinspektion Ludwigshafen 2, Telefonnummer 0621 963-2222 oder per E-Mail&nbsp;<a href=\"mailto:%20piludwigshafen2@polizei.rlp.de\">piludwigshafen2@polizei.rlp.de<\/a>&nbsp;.<\/strong><\/li>\n<\/ul>\n\n\n\n<h2 class=\"wp-block-heading\">(Ludwigshafen) &#8211; Verletzte Radfahrerin bei Verkehrsunfall mit einem Pkw<\/h2>\n\n\n\n<p>Am 27.08.2024 wurde gegen 14:50 Uhr eine 58-j\u00e4hrige Fahrradfahrerin bei einem Vorfahrtsunfall mit einer 33-j\u00e4hrigen Autofahrerin im Kreuzungsbereich der Oppauer Stra\u00dfe und dem Ostringplatz leicht verletzt. Die Autofahrerin befuhr den Ostringplatz und in den Kreuzungsbereich hinein. Sie missachtete die Vorfahrt der Radfahrerin, wodurch es zum Zusammensto\u00df kam. Aufgrund des Unfalls wurde die 58-J\u00e4hrige leicht verletzt und wurde in ein Krankenhaus verbracht. Durch den Verkehrsunfall entstand ein Sachschaden in H\u00f6he von rund 4.000 Euro.<\/p>\n\n\n\n<h2 class=\"wp-block-heading\">(Ludwigshafen) &#8211; Falscher Polizeibeamter fordert im Anruf 60.000 Euro Kaution<\/h2>\n\n\n\n<p>Am 27.08.2024, gegen 14:40 Uhr, erhielt ein 92-J\u00e4hriger einen Anruf von einer weinenden Frau. Das Gespr\u00e4ch wurde dann von einem angeblichen Polizisten \u00fcbernommen. Dieser forderte unter dem Vorwand die Nachbarin des Seniors habe einen t\u00f6dlichen Unfall verursacht eine Kaution in H\u00f6he von 60.000 Euro. Der Anrufer beendete das Gespr\u00e4ch und der 92-J\u00e4hrige verst\u00e4ndigte die Polizei.<\/p>\n\n\n\n<h2 class=\"wp-block-heading\">(Ludwigshafen) &#8211; E-Scooter-Fahrer unter Einfluss von Bet\u00e4ubungsmitteln<\/h2>\n\n\n<div class=\"wp-block-image\">\n<figure class=\"aligncenter size-full\"><img decoding=\"async\" loading=\"lazy\" width=\"800\" height=\"600\" src=\"https:\/\/speyer24news.com\/wp-content\/uploads\/2019\/09\/Drogtentest.jpg\" alt=\"\" class=\"wp-image-18467\" srcset=\"https:\/\/speyer24news.com\/wp-content\/uploads\/2019\/09\/Drogtentest.jpg 800w, https:\/\/speyer24news.com\/wp-content\/uploads\/2019\/09\/Drogtentest-300x225.jpg 300w, https:\/\/speyer24news.com\/wp-content\/uploads\/2019\/09\/Drogtentest-768x576.jpg 768w, https:\/\/speyer24news.com\/wp-content\/uploads\/2019\/09\/Drogtentest-678x509.jpg 678w, https:\/\/speyer24news.com\/wp-content\/uploads\/2019\/09\/Drogtentest-326x245.jpg 326w, https:\/\/speyer24news.com\/wp-content\/uploads\/2019\/09\/Drogtentest-80x60.jpg 80w\" sizes=\"(max-width: 800px) 100vw, 800px\" \/><\/figure><\/div>\n\n\n<p>Am Dienstag, den 27.08.2024, kontrollierten Polizeikr\u00e4fte gegen 13:00 Uhr einen 24-j\u00e4hriger E-Scooter-Fahrer in der Hartmannstra\u00dfe. Hierbei nahmen die Polizeibeamten Marihuanageruch wahr und konnten drogenbedingte Ausfallerscheinungen feststellen. Ein Drogenvortest verlief positiv auf Cannabis und Kokain. Dem Mann wurde eine Blutprobe entnommen.<\/p>\n\n\n\n<p>Der Einfluss von Alkohol oder anderen berauschenden Mitteln stellt eine Hauptunfallursache dar. Wer berauscht f\u00e4hrt, gef\u00e4hrdet nicht nur sich, sondern auch Andere.<\/p>\n\n\n\n<p>Gegen den unter Drogeneinfluss stehenden Fahrzeugf\u00fchrer wurde ein Ordnungswidrigkeitenverfahren eingeleitet.<\/p>\n\n\n\n<h4 class=\"wp-block-heading\">Aus aktuellem Anlass m\u00f6chten wir darauf hinweisen, dass der Grenzwert f\u00fcr Cannabis am Steuer zwar auf 3,5 ng THC pro ml Blutserum hochgesetzt wurde, aber Vorsicht:<\/h4>\n\n\n\n<ul>\n<li><strong>wenn THC im Blut nachgewiesen wird, besteht absolutes Alkoholverbot am Steuer<\/strong><\/li>\n\n\n\n<li><strong>unter 21-J\u00e4hrige oder Personen in der Probezeit d\u00fcrfen weder unter dem Einfluss von Alkohol noch unter dem Einfluss von THC Kraftfahrzeuge f\u00fchren.<\/strong> <strong>Hier gilt &#8222;zero tolerance&#8220; &#8211; Absolutes Verbot, ohne Grenzwert!<\/strong><\/li>\n<\/ul>\n\n\n\n<h2 class=\"wp-block-heading\">(Ludwigshafen) &#8211; Diebstahl aus Wohnungsflur eines Mehrfamilienhauses \/ Zeugen gesucht<\/h2>\n\n\n\n<p>Am Dienstagvormittag, den 27.08.2024, stahl ein unbekannter T\u00e4ter gegen 10:20 Uhr eine originalverpackte Klimaanlage aus dem Flur eines Mehrfamilienhauses in der Johannes-Frech-Stra\u00dfe. W\u00e4hrend der Tat wurde er durch eine \u00dcberwachungskamera gefilmt. <\/p>\n\n\n\n<ul>\n<li><strong>Beim T\u00e4ter handelte es sich um einen zwischen 55 und 65 Jahre alten Mann mit kurzen grauen Haaren und einer Halbglatze. Er trug eine Brille, ein blaues T-Shirt und eine gelbe Warnweste.<\/strong><\/li>\n\n\n\n<li><strong>Wer hat die Tat beobachtet oder kann Hinweise auf den T\u00e4ter geben?<\/strong><\/li>\n\n\n\n<li><strong>Hinweise bitte an die Polizeiinspektion Ludwigshafen 2, Telefonnummer 0621 963-2222 oder per E-Mail&nbsp;<a href=\"mailto:%20piludwigshafen2@polizei.rlp.de\">piludwigshafen2@polizei.rlp.de<\/a>&nbsp;.<\/strong><\/li>\n<\/ul>\n\n\n\n<h2 class=\"wp-block-heading\">(Ludwigshafen) &#8211; Einbruch auf KiTa-Gel\u00e4nde \/ Zeugen gesucht<\/h2>\n\n\n\n<p>Im Zeitraum zwischen Montag (26.08.2024), 16:00 Uhr, und Dienstag (27.08.2024), 08:00 Uhr, brachen Unbekannte mehrere Gartenlauben und einen Lager-Container auf dem Grundst\u00fcck einer Kindertagesst\u00e4tte in der Schlesierstra\u00dfe auf. Entwendet wurde nach ersten Ermittlungen nichts. Es entstand Sachschaden in H\u00f6he von circa 150 Euro.<\/p>\n\n\n\n<ul>\n<li><strong>Wer hat die Tat beobachtet oder kann Hinweise auf die T\u00e4ter geben? Hinweise bitte an die Polizeiinspektion Ludwigshafen 1, Telefonnummer 0621 963-2122 oder per E-Mail&nbsp;<a href=\"mailto:%20piludwigshafen1@polizei.rlp.de\">piludwigshafen1@polizei.rlp.de<\/a>&nbsp;.<\/strong><\/li>\n<\/ul>\n\n\n\n<h2 class=\"wp-block-heading\">(Ludwigshafen) &#8211; Diebstahl aus Auto \/ Zeugen gesucht<\/h2>\n\n\n\n<p>In der Zeit vom 26.08.2024, 22:00 Uhr, bis 27.08.2024, 07:30 Uhr, entwendeten bislang unbekannte T\u00e4ter aus einem in der Eckermannstra\u00dfe abgestellten Auto den dazugeh\u00f6rigen Fahrzeugschein, zwei Geb\u00e4udeschl\u00fcssel und weitere Unterlagen. Wie der oder die T\u00e4ter in das Auto gelangten, ist unklar. Aufbruchspuren konnten nicht festgestellt. Der Schaden wird auf rund 25 Euro gesch\u00e4tzt.<\/p>\n\n\n\n<ul>\n<li><strong>Wer hat die Tat beobachtet oder kann Hinweise auf die T\u00e4ter geben?<\/strong><\/li>\n\n\n\n<li><strong>Hinweise bitte an die Polizeiinspektion Ludwigshafen 2, Telefonnummer 0621 963-2222 oder per E-Mail&nbsp;<a href=\"mailto:%20piludwigshafen2@polizei.rlp.de\">piludwigshafen2@polizei.rlp.de<\/a>&nbsp;.<\/strong><\/li>\n<\/ul>\n\n\n\n<h2 class=\"wp-block-heading\">(Ludwigshafen) &#8211; Radfahrerin bei Unfall verletzt<\/h2>\n\n\n\n<p>Am Dienstagmorgen (27.08.2024), gegen 07:20 Uhr, war eine 43-j\u00e4hrige Radfahrerin auf dem Hohen Weg in Fahrtrichtung Hauptstra\u00dfe unterwegs. Eine 51-j\u00e4hrige Autofahrerin bog von der Neuh\u00f6fer Stra\u00dfe auf die Hauptstra\u00dfe ab und missachtete die Vorfahrt der Radfahrerin, und touchierte den an das Rad angeh\u00e4ngten Kinderanh\u00e4nger. Die 43-J\u00e4hrige st\u00fcrzte und verletzte sich leicht. Ihr zweij\u00e4hriges Kind blieb unverletzt.<\/p>\n\n\n\n<h2 class=\"wp-block-heading\">(Ludwigshafen) &#8211; Unter Alkoholeinfluss mehrere Fahrzeuge besch\u00e4digt<\/h2>\n\n\n\n<p>Am Dienstagmorgen (27.08.2024), gegen 07:20 Uhr, war eine 63-j\u00e4hrige Autofahrerin auf der Rheing\u00f6nheimer Stra\u00dfe in Richtung Innenstadt unterwegs, als sie zun\u00e4chst an der Kreuzung zum Kaiser-W\u00f6rth-Damm das Rotlicht der Ampel missachtete und im Anschluss mit mehreren geparkten Fahrzeugen kollidierte. Im Anschluss setzte die Frau ihre Fahrt fort und konnte erst in der Raschigstra\u00dfe durch mehrere Verkehrsteilnehmer zum Anhalten bewegt werden. Bei der Unfallaufnahme stellten die Polizeikr\u00e4fte fest, dass die Frau erheblich alkoholisiert war. Sie wurde zu einer Polizeidienststelle gebracht, wo ihr eine Blutprobe entnommen wurde.<\/p>\n\n\n\n<p>Der Einfluss von Alkohol oder anderen berauschenden Mitteln stellt eine Hauptunfallursache dar. Wer berauscht f\u00e4hrt, gef\u00e4hrdet nicht nur sich, sondern auch Andere. Gegen die unter Alkoholeinfluss stehende Unfallverursacherin wurde ein Ermittlungsverfahren wegen des Verdachtes der Stra\u00dfenverkehrsgef\u00e4hrdung eingeleitet. Der F\u00fchrerschein wurde sichergestellt und gegen sie kann eine Freiheitsstrafe bis zu f\u00fcnf Jahren oder eine Geldstrafe verh\u00e4ngt werden. Au\u00dferdem wird die F\u00fchrerscheinstelle die Geeignetheit der Unfallverursacherin \u00fcberpr\u00fcfen. Durch die Unf\u00e4lle entstand Sachschaden in H\u00f6he von \u00fcber 10.000 Euro.<\/p>\n\n\n\n<h2 class=\"wp-block-heading\">(Ludwigshafen) &#8211; Verletztes Kind durch Auffahrunfall<\/h2>\n\n\n\n<p>Am Montagnachmittag, den 26.08.2024 gegen 17:00 Uhr, befuhr ein 35-j\u00e4hriger Autofahrer die Freiastra\u00dfe und musste verkehrsbedingt abbremsen. Aufgrund zu geringem Sicherheitsabstands fuhr eine 33-j\u00e4hrige Autofahrerin dem abbremsenden Auto auf. Durch den Verkehrsunfall verletzte sich ihr 4-j\u00e4hriger Sohn leicht. Ein Rettungswagen wurde zur medizinischen Versorgung hinzugezogen. Durch den Unfall entstand ein Sachschaden in H\u00f6he von rund 6.000 Euro.<\/p>\n\n\n\n<h2 class=\"wp-block-heading\">(Mannheim) &#8211; BMW prallt auf Warteh\u00e4uschen<\/h2>\n\n\n\n<p>Gl\u00fcck im Ungl\u00fcck hatte am Dienstag die 45-j\u00e4hrige Fahrerin eines BMW. Um kurz nach 18:30 Uhr nahm sie die Abfahrt der B36, um nach rechts in die Mallaustra\u00dfe einzubiegen. W\u00e4hrend des Abbiegevorgang blendete sie die Sonne so stark, dass sie den weiteren Fahrbahnverlauf nicht einsehen konnte. Infolgedessen kam sie nach rechts von der Stra\u00dfe ab und krachte gegen eine Bushaltestelle. Das Warteh\u00e4uschen sowie die dort angebrachte Anzeigetafel wurden durch die Kollision schwer besch\u00e4digt. Zum Gl\u00fcck warteten keine Personen an der Haltestelle, so dass bei dem Unfall niemand verletzt wurde. Mit gesch\u00e4tzt 30.000 Euro entstand aber ein hoher Sachschaden. Das Polizeirevier Mannheim-Neckarau \u00fcbernahm die weiteren Unfallermittlungen.<\/p>\n\n\n\n<h2 class=\"wp-block-heading\">(Mannheim) &#8211; Unfallflucht mit 17.000 Euro Schaden<\/h2>\n\n\n\n<p>Zu einem nicht n\u00e4her bestimmbaren Zeitpunkt zwischen Samstagfr\u00fch und Dienstagfr\u00fch kam es in Mannheim-Wohlgelegen zu einer Unfallflucht mit hohem Sachschaden. Ein 68-j\u00e4hriger Mann hatte in diesem Zeitraum seinen Opel in der Stra\u00dfe &#8222;Im Pfeiffersw\u00f6rth&#8220; am Stra\u00dfenrand geparkt. Als er am Dienstag um kurz nach 10:30 Uhr zu seinem Auto, musste er feststellen, dass die komplette linke Fahrzeugseite besch\u00e4digt war. Die Spuren wiesen darauf hin, dass ein LKW beim Vorbeifahren das geparkte Auto streifte. Allerdings gab sich bislang niemand als Verursacher zu erkennen, weshalb nun der Verkehrsdienst Mannheim die Ermittlungen wegen Unfallflucht einleitete. Am Opel entstand mit 17.000 Euro ein erheblicher Schaden.<\/p>\n\n\n\n<h2 class=\"wp-block-heading\">(B 3 &#8211; Leimen \/ Rhein-Neckar-Kreis) &#8211; Aktuelle Verkehrsbeeintr\u00e4chtigung aufgrund eines Auffahrunfalls<\/h2>\n\n\n\n<p>Aktuell kommt es auf der B 3 in Fahrtrichtung Heidelberg aufgrund eines Auffahrunfalls zur Sperrung der Richtungsfahrbahn. Nach bisherigen Erkenntnissen wurden alle Unfallbeteiligten gl\u00fccklicherweise nur leicht verletzt. (<em>28.08.2024 \u2013 11:41<\/em>)<\/p>\n\n\n\n<h3 class=\"wp-block-heading has-text-align-center\">Pressemeldung Nr. 2<\/h3>\n\n\n\n<p>Am Mittwoch gegen 11:10 Uhr kam es auf der B 3 in Richtung Heidelberg zwischen drei Fahrzeugen zu einem Auffahrunfall. S\u00e4mtliche Unfallbeteiligte konnten nach der medizinischen Versorgung ihre Weiterfahrt fortsetzen. Die Unfallaufnahme ist zwischenzeitlich beendet und die Fahrbahnsperrung aufgehoben.<\/p>\n\n\n\n<h2 class=\"wp-block-heading\">(Walldorf \/ Rhein-Neckar-Kreis) &#8211; Unfall auf der L 723 \/ Gr\u00f6\u00dfere Verkehrsbehinderungen<\/h2>\n\n\n\n<p>Auf der L 723 bei Walldorf kam es zu einem Unfall zwischen einem PKW und einem LKW. Polizei und Feuerwehr sind derzeit vor Ort mit der Unfallaufnahme und Absicherung der Unfallstelle besch\u00e4ftigt. Es kommt rund um die Unfallstelle zu gr\u00f6\u00dferen Verkehrsbeeintr\u00e4chtigungen. Die Fahrbahn zwischen Wiesloch und Walldorf ist in westlicher Richtung derzeit voll gesperrt. (<em>28.08.2024 \u2013 19:09<\/em>)<\/p>\n\n\n\n<h3 class=\"wp-block-heading has-text-align-center\">Pressemeldung Nr. 2<\/h3>\n\n\n\n<p>Zu einem folgenschweren Zusammensto\u00df kam es am Mittwochabend um 18.54 Uhr auf der L 723 bei Walldorf. Ein von der A 5 kommender LKW, der auf der L 723 in Richtung Wiesloch unterwegs war, fuhr an der Abzweigung zur Dietmar-Hopp-Allee mutma\u00dflich bei Rotlicht in den Kreuzungsbereich ein. Ein von rechts bei Gr\u00fcnlicht einbiegender Mercedes eines 45-J\u00e4hrigen stie\u00df mit dem LKW zusammen. In der Folge prallte der LKW noch gegen einen Ampelmast und kam dann zum Stehen. Herumfliegende Tr\u00fcmmerteile trafen einen weiteren PKW und besch\u00e4digten auch diesen leicht. Der Fahrer des Mercedes wurde mit schweren aber nicht lebensgef\u00e4hrlichen Verletzungen in ein Krankenhaus eingeliefert. Der Fahrer des LKW erlitt leichte Verletzungen. Der Gesamtschaden d\u00fcrfte sich auf \u00fcber 70.000 Euro belaufen. Die Bergungsma\u00dfnahmen auf der L 723 dauerten bis in die Nacht an. Eine Richtungsfahrbahn der Landstra\u00dfe war zeitweise voll gesperrt. Der Verkehr wurde vor Ort um die Unfallstelle geleitet. Der Verkehrsdienst Heidelberg hat die Ermittlungen aufgenommen.<\/p>\n\n\n\n<h2 class=\"wp-block-heading\">(Wiesloch \/ Rhein-Neckar-Kreis) &#8211; Suchma\u00dfnahmen nach einer vermissten Person, Polizeihubschrauber im Einsatz<\/h2>\n\n\n<div class=\"wp-block-image\">\n<figure class=\"aligncenter size-full\"><img decoding=\"async\" loading=\"lazy\" width=\"800\" height=\"600\" src=\"https:\/\/speyer24news.com\/wp-content\/uploads\/2020\/07\/Hubschrauber-bei-Personensuche.jpg\" alt=\"\" class=\"wp-image-29175\" srcset=\"https:\/\/speyer24news.com\/wp-content\/uploads\/2020\/07\/Hubschrauber-bei-Personensuche.jpg 800w, https:\/\/speyer24news.com\/wp-content\/uploads\/2020\/07\/Hubschrauber-bei-Personensuche-300x225.jpg 300w, https:\/\/speyer24news.com\/wp-content\/uploads\/2020\/07\/Hubschrauber-bei-Personensuche-768x576.jpg 768w, https:\/\/speyer24news.com\/wp-content\/uploads\/2020\/07\/Hubschrauber-bei-Personensuche-678x509.jpg 678w, https:\/\/speyer24news.com\/wp-content\/uploads\/2020\/07\/Hubschrauber-bei-Personensuche-326x245.jpg 326w, https:\/\/speyer24news.com\/wp-content\/uploads\/2020\/07\/Hubschrauber-bei-Personensuche-80x60.jpg 80w\" sizes=\"(max-width: 800px) 100vw, 800px\" \/><figcaption class=\"wp-element-caption\">Polizeihubschrauber bei Suchma\u00dfnahme in der Nacht, Bilddient lediglich der Visualisierung<\/figcaption><\/figure><\/div>\n\n\n<p>Neben mehreren Polizeifahrzeugen befindet sich derzeit im Bereich Wiesloch ein Polizeihubschrauber im Einsatz. Grund hierf\u00fcr ist die Suche nach einer Person, die sich aufgrund ihrer Vorerkrankungen in einer hilflosen Lage befinden k\u00f6nnte. <\/p>\n\n\n\n<h4 class=\"wp-block-heading\">Es handelt sich um einen 71-j\u00e4hrigen Mann, der wie folgt beschrieben werden kann:<\/h4>\n\n\n\n<ul>\n<li><strong>ca. 180 cm gro\u00df<\/strong><\/li>\n\n\n\n<li><strong>hagere Statur<\/strong><\/li>\n\n\n\n<li><strong>wei\u00df graue Haare bzw. Halbglatze<\/strong><\/li>\n\n\n\n<li><strong>grauer Bart<\/strong><\/li>\n\n\n\n<li><strong>Bekleidet ist er mit einer beigen kurzen Sommerhose, Sportschuhe, dunkelblaues T-Shirt und Brille. <\/strong><\/li>\n<\/ul>\n\n\n\n<ul>\n<li><strong>Personen, die Hinweise zum Aufenthalt des Vermissten geben k\u00f6nnen, werden gebeten sich unter der Telefonnummer 0621 174-4444 beim kriminalpolizeilichen Hinweistelefon zu melden.<\/strong><\/li>\n<\/ul>\n\n\n\n<h3 class=\"wp-block-heading has-text-align-center\">Auffinden &#8211; Pressemeldung Nr. 2<\/h3>\n\n\n\n<p>Der vermisste 71-j\u00e4hrige Mann, welcher im Bereich Wiesloch umfangreich gesucht wurde konnte gegen 18:45 Uhr durch Einsatzkr\u00e4fte wohlbehalten aufgegriffen werden. Der Mann war zuvor aus der Alterspsychiatrie abg\u00e4ngig und h\u00e4tte sich aufgrund bestehender Vorerkrankungen in einer hilflosen Lage befinden k\u00f6nnen. Bei den Suchma\u00dfnahmen waren mehrere Polizeibeamte im Einsatz. Auch ein Polizeihubschrauber war in die Suche involviert. Der abg\u00e4ngige Mann wurde wieder in seine Einrichtung zur\u00fcckgef\u00fchrt.<\/p>\n\n\n\n<h2 class=\"wp-block-heading\">(St. Leon-Rot \/ Rhein-Neckar-Kreis) &#8211; Polizeihubschrauber im Bereich eines Badesees im Einsatz<\/h2>\n\n\n\n<p>Derzeit befindet sich neben mehreren Einsatzkr\u00e4ften der Feuerwehr und der Polizei ein Polizeihubschrauber im Bereich eines Badesees in St. Leon-Rot im Einsatz. Hintergrund ist die Suche nach einer vermissten Person, welche sich unter Umst\u00e4nden in einer hilflosen Lage befindet.<\/p>\n\n\n\n<h3 class=\"wp-block-heading has-text-align-center\">Pressemitteilung Nr. 2<\/h3>\n\n\n\n<p>Wie bereits berichtet, kam es heute Nachmittag im Bereich eines Badesees in St. Leon-Rot zu einem Einsatz von Feuerwehr, Rettungsdienst und der Polizei. Grund hierf\u00fcr war, ein Hinweis auf einen m\u00f6glichen Badeunfall. Die alarmierten Polizei- und Rettungskr\u00e4fte f\u00fchrten eine intensive Suche sowohl an Land wie auch im Wasser durch. Hierbei kamen Rettungstaucher, ein Wasserrettungshund, Boote mit Sonar und ein Polizeihubschrauber zum Einsatz. Die wasserseitigen Suchma\u00dfnahmen wurden um 16:00 Uhr beendet. Eine hilflose Person konnte weder im Wasser noch an Land aufgefunden werden. Die Ermittlungen hierzu dauern derzeit noch an.<\/p>\n\n\n\n<h2 class=\"wp-block-heading\">(Dielheim \/ Rhein-Neckar-Kreis) &#8211; Unfall im Einm\u00fcndungsbereich; 27-J\u00e4hrige leicht verletzt<\/h2>\n\n\n\n<p>Am Dienstagnachmittag um 17:25 Uhr befuhr eine 27-j\u00e4hrige VW-Fahrerin die Scheffelstra\u00dfe in Fahrtrichtung Tairnbacher Stra\u00dfe entlang. An der dortigen Einm\u00fcndung \u00fcbersah die Frau die von rechts kommende 46-j\u00e4hrige Fiat-Fahrerin und kollidierte mit dieser. Durch den Aufprall lenkte die VW-Fahrerin ihr Auto nach links und stie\u00df mit einem am Stra\u00dfenrand geparkten Mercedes-Benz zusammen. Die 27-J\u00e4hrige zog sich leichte Verletzungen zu. Eine medizinische Versorgung vor Ort war jedoch nicht erforderlich. Der Gesamtschaden wird auf rund 11.000 Euro gesch\u00e4tzt.<\/p>\n","protected":false},"excerpt":{"rendered":"<div class=\"mh-excerpt\"><p>Polizeimeldungen vom Mittwoch (28.08.2024) (Speyer) &#8211; Zeugen nach Verkehrsunfallflucht gesucht Am Dienstagabend, gegen 19:30 Uhr, befuhr eine 26-j\u00e4hrige Motorradfahrerin die Franz-Kirrmeier-Stra\u00dfe in Richtung Auestra\u00dfe. Am dortigen Kreisverkehr missachtete ein bislang unbekannter Verkehrsteilnehmer mit seinem Pkw <a class=\"mh-excerpt-more\" href=\"https:\/\/speyer24news.com\/?p=59758\" title=\"Polizeimeldungen Mittwoch (28.08.24)\">[&#8230;]<\/a><\/p>\n<\/div>","protected":false},"author":3,"featured_media":26162,"comment_status":"open","ping_status":"open","sticky":false,"template":"","format":"standard","meta":{"_monsterinsights_skip_tracking":false,"_monsterinsights_sitenote_active":false,"_monsterinsights_sitenote_note":"","_monsterinsights_sitenote_category":0,"footnotes":""},"categories":[15659],"tags":[18286,7273,7243,7244,3614,13554,350,14537,15084,15267,14538,18288,15361,702,61,2555,14113,6955,6986,6263,63,105,11150,6987,53,13540,16956,18099,17274,4683,14958,9154,17275,12967,11592,14705,102,13626,213,14325,14324,13553,13541,16955],"aioseo_notices":[],"amp_enabled":true,"_links":{"self":[{"href":"https:\/\/speyer24news.com\/index.php?rest_route=\/wp\/v2\/posts\/59758"}],"collection":[{"href":"https:\/\/speyer24news.com\/index.php?rest_route=\/wp\/v2\/posts"}],"about":[{"href":"https:\/\/speyer24news.com\/index.php?rest_route=\/wp\/v2\/types\/post"}],"author":[{"embeddable":true,"href":"https:\/\/speyer24news.com\/index.php?rest_route=\/wp\/v2\/users\/3"}],"replies":[{"embeddable":true,"href":"https:\/\/speyer24news.com\/index.php?rest_route=%2Fwp%2Fv2%2Fcomments&post=59758"}],"version-history":[{"count":5,"href":"https:\/\/speyer24news.com\/index.php?rest_route=\/wp\/v2\/posts\/59758\/revisions"}],"predecessor-version":[{"id":59793,"href":"https:\/\/speyer24news.com\/index.php?rest_route=\/wp\/v2\/posts\/59758\/revisions\/59793"}],"wp:featuredmedia":[{"embeddable":true,"href":"https:\/\/speyer24news.com\/index.php?rest_route=\/wp\/v2\/media\/26162"}],"wp:attachment":[{"href":"https:\/\/speyer24news.com\/index.php?rest_route=%2Fwp%2Fv2%2Fmedia&parent=59758"}],"wp:term":[{"taxonomy":"category","embeddable":true,"href":"https:\/\/speyer24news.com\/index.php?rest_route=%2Fwp%2Fv2%2Fcategories&post=59758"},{"taxonomy":"post_tag","embeddable":true,"href":"https:\/\/speyer24news.com\/index.php?rest_route=%2Fwp%2Fv2%2Ftags&post=59758"}],"curies":[{"name":"wp","href":"https:\/\/api.w.org\/{rel}","templated":true}]}}