{"id":59775,"date":"2024-08-28T10:53:09","date_gmt":"2024-08-28T09:53:09","guid":{"rendered":"https:\/\/speyer24news.com\/?p=59775"},"modified":"2024-08-28T10:53:11","modified_gmt":"2024-08-28T09:53:11","slug":"speyer-volkshochschule","status":"publish","type":"post","link":"https:\/\/speyer24news.com\/?p=59775","title":{"rendered":"Speyer Volkshochschule"},"content":{"rendered":"<style type=\"text\/css\">\r\n\t.ads_top_disp{}\r\n\t.ads_top_corner_disp{ float:left; margin:0px 10px 10px 0px; }\r\n\t.ads_first_p_disp{}\r\n\t.ads_bottom_disp{}\r\n\t<\/style>\n<h2 class=\"wp-block-heading\">Veranstaltungen der Volkshochschule Speyer im September<\/h2>\n\n\n<div class=\"wp-block-image\">\n<figure class=\"aligncenter size-full\"><img decoding=\"async\" loading=\"lazy\" width=\"667\" height=\"500\" src=\"https:\/\/speyer24news.com\/wp-content\/uploads\/2019\/10\/Villa-Ecarius.jpg\" alt=\"\" class=\"wp-image-20878\" srcset=\"https:\/\/speyer24news.com\/wp-content\/uploads\/2019\/10\/Villa-Ecarius.jpg 667w, https:\/\/speyer24news.com\/wp-content\/uploads\/2019\/10\/Villa-Ecarius-300x225.jpg 300w, https:\/\/speyer24news.com\/wp-content\/uploads\/2019\/10\/Villa-Ecarius-326x245.jpg 326w, https:\/\/speyer24news.com\/wp-content\/uploads\/2019\/10\/Villa-Ecarius-80x60.jpg 80w\" sizes=\"(max-width: 667px) 100vw, 667px\" \/><\/figure><\/div>\n\n\n<p>Die Volkshochschule Speyer wartet auch im September mit vielen interessanten Veranstaltungen auf. Die folgende \u00dcbersicht stellt einige beispielhafte H\u00f6hepunkte des Programms im n\u00e4chsten Monat vor.<\/p>\n\n\n\n<h3 class=\"wp-block-heading has-text-align-center\">Stadt Speyer l\u00e4dt zum Semesterer\u00f6ffnungsvortrag der vhs: &#8222;Die Gro\u00dfe Transformation: Zweiter Akt&#8220;<\/h3>\n\n\n\n<p>Am <strong>Donnerstag, 12. September 2024<\/strong> laden Oberb\u00fcrgermeisterin Stefanie Seiler und B\u00fcrgermeisterin Monika Kabs\u00a0zum Semesterer\u00f6ffnungsvortrag der Volkshochschule Speyer ein. Dieser besondere Vortrag findet in diesem Jahr in Zusammenarbeit mit dem Fachbereich 5 der Stadt Speyer \u201eStadtentwicklung und Bauwesen\u201c statt.<\/p>\n\n\n\n<p>Durch den massiven Einsatz fossiler Energietr\u00e4ger ver\u00e4ndert der Mensch das Weltklima. Bereits 2023 hat die Erderw\u00e4rmung etwa 1,5 Grad erreicht, was die Ziele des Pariser Abkommens in h\u00f6chstem Ma\u00dfe gef\u00e4hrdet. Um unseren Planeten langfristig wieder in einen zivilisationsvertr\u00e4glichen Klimabereich zur\u00fcckzuf\u00fchren, m\u00fcssen die Treibhausgasemissionen weltweit bis 2050 auf nahezu Null sinken und es muss zus\u00e4tzlich CO2 aus der Atmosph\u00e4re entfernt werden. Diese Herausforderungen sind gewaltig, doch es gibt wirksame und bezahlbare Optionen daf\u00fcr. Diese bedeuten jedoch eine \u201eGro\u00dfe Transformation\u201c unserer Wirtschaftsweise und unseres Umgangs mit der Natur.<\/p>\n\n\n\n<p>Der weltweit anerkannte Klimaforscher Prof. Dr. Hans Joachim Schellnhuber wird in seinem Vortrag auf die notwendigen Schritte und Ma\u00dfnahmen eingehen, die f\u00fcr diese Transformation erforderlich sind, und die m\u00f6glichen Wege zu ihrer Umsetzung aufzeigen.<\/p>\n\n\n\n<p>Der Vortrag findet am Donnerstag,&nbsp;<strong>12. September 2024, um 19 Uhr<\/strong>&nbsp;in der Stadthalle Speyer (Obere Langgasse 33) im Kleinen Saal statt.<\/p>\n\n\n\n<p>Weitere Informationen sind unter&nbsp;<a href=\"https:\/\/deref-web.de\/mail\/client\/OZQli-6lJ98\/dereferrer\/?redirectUrl=http%3A%2F%2Fwww.vhs-speyer.de\" target=\"_blank\" rel=\"noreferrer noopener\">www.vhs-speyer.de<\/a>&nbsp;erh\u00e4ltlich.<\/p>\n\n\n\n<p>Um Anmeldung wird gebeten.<\/p>\n\n\n\n<h3 class=\"wp-block-heading has-text-align-center\">Kreative Workshops zur F\u00f6rderung von Naturg\u00e4rten und Klimaanpassung in Speyer<\/h3>\n\n\n\n<p>Die vhs Speyer l\u00e4dt zu einer Reihe von kostenlosen Praxisworkshops ein, die sich der kreativen Gestaltung und Pflege von Naturg\u00e4rten widmen. Diese Workshops sind Teil der Kampagne \u201eTausende G\u00e4rten \u2013 Tausende Arten\u201c und finden in Kooperation mit der Strategischen Stadtentwicklung\/Klimawandelfolgeanpassung, dem Nachhaltigkeitsmanagement der Stadt Speyer, der Bieneninitiative, der Forschungswerkstatt Natur-Kunst-Technik e.V. und dem BUND statt.<\/p>\n\n\n\n<ul>\n<li><strong>Kreative Beeteinfassung mit Stein und Holz<\/strong><\/li>\n<\/ul>\n\n\n\n<p>Die Biologin Petra Moser vermittelt im Hummelgarten, wie man Beete und Wege im Naturgarten mit Stein und Holz kreativ einfassen kann. Diese Materialien bieten nicht nur Struktur, sondern auch wertvolle Lebensr\u00e4ume f\u00fcr Insekten und Eidechsen.<\/p>\n\n\n\n<p>Der Workshop findet am Samstag,&nbsp;<strong>7. September 2024, von 14 bis 18 Uhr<\/strong>&nbsp;statt.<\/p>\n\n\n\n<ul>\n<li><strong>Steine, T\u00f6pfe, Stangen \u2013 Ideenreicher Materialeinsatz im Naturgarten<\/strong><\/li>\n<\/ul>\n\n\n\n<p>Der zweite Workshop widmet sich dem Einsatz von recycelten Naturmaterialien im Garten. Die Biologin Petra Moser zeigt, wie Blument\u00f6pfe, Steine und Totholz zu neuen Lebensr\u00e4umen umgestaltet werden k\u00f6nnen.<\/p>\n\n\n\n<p>Der Workshop findet am Samstag,&nbsp;<strong>21. September 2024, von 14 bis 18 Uhr<\/strong>&nbsp;statt.<\/p>\n\n\n\n<ul>\n<li><strong>Herbstpflege im Naturgarten und Saatgutgewinnung<\/strong><\/li>\n<\/ul>\n\n\n\n<p>Der dritte Workshop besch\u00e4ftigt sich mit der Vorbereitung des Naturgartens auf den Winter. Neben der Pflege der Pflanzen wird auch die Gewinnung und Lagerung von Saatgut thematisiert.<\/p>\n\n\n\n<p>Der Workshop findet am Samstag,&nbsp;<strong>28. September 2024, von 14 bis 18 Uhr<\/strong>&nbsp;statt.<\/p>\n\n\n\n<p>Die Teilnahme an allen Workshops ist kostenlos. Die Veranstaltungen finden im Hummelgarten, Butensch\u00f6nstr. 8, hinter dem Judomaxx in Speyer, statt.<\/p>\n\n\n\n<h3 class=\"wp-block-heading has-text-align-center\">Rohstoffgewinnung und Gewalt gegen Frauen und Kinder: Der hohe Preis f\u00fcr Elektroautos und Smartphones<\/h3>\n\n\n\n<p>Die vhs Speyer l\u00e4dt zum Vortrag \u201eRohstoffgewinnung und Gewalt gegen Frauen und Kinder \u2013 Der hohe Preis f\u00fcr Elektroautos und Smartphones\u201c ein. Diese Veranstaltung findet in Zusammenarbeit mit dem Nachhaltigkeitsmanagement der Stadt Speyer und der Stadtbibliothek Speyer statt.<\/p>\n\n\n\n<p>Cathy Nzimbu Plato, Studienleiterin und Bildungsreferentin der Handy-Aktion Baden-W\u00fcrttemberg, nimmt die Teilnehmenden mit auf eine eindrucksvolle Reise durch die Demokratische Republik Kongo. Sie beleuchtet die Regionen, in denen im \u00f6stlichen Teil des Landes unverzichtbare Mineralien wie Kobalt, Coltan und Gold f\u00fcr die Herstellung von Handys und Batterien abgebaut werden. Hinter dieser scheinbaren Notwendigkeit verbirgt sich jedoch eine d\u00fcstere Realit\u00e4t:<\/p>\n\n\n\n<ul>\n<li><strong>Unmenschliche Arbeitsbedingungen:<\/strong>&nbsp;M\u00e4nner, Frauen und sogar Kinder arbeiten oft unter unfreiwilligen und gef\u00e4hrlichen Bedingungen.<\/li>\n\n\n\n<li><strong>Gewalt und Ausbeutung:<\/strong>&nbsp;Die reichen Rohstoffvorkommen des Kongos ziehen nicht nur internationale Unternehmen an, sondern auch bewaffnete Banden, Rebellen und Milizen, die einen st\u00e4ndigen Kampf um die Kontrolle f\u00fchren.<\/li>\n\n\n\n<li><strong>Besondere Gef\u00e4hrdung von Frauen und Kindern:<\/strong>&nbsp;Diese Gruppen sind in besonderem Ma\u00dfe von k\u00f6rperlicher Gewalt und seelischer Belastung betroffen.<\/li>\n<\/ul>\n\n\n\n<p>Cathy Nzimbu Plato enth\u00fcllt die beklemmende Wirklichkeit der Arbeitsbedingungen und Lebensumst\u00e4nde der betroffenen Menschen.<\/p>\n\n\n\n<p>Der Vortrag wird online im digitalen Konferenzraum am Donnerstag,&nbsp;<strong>19. September um 19 Uhr<\/strong>&nbsp;stattfinden. Nach der Anmeldung erhalten die Teilnehmenden einen Link zur Teilnahme.<\/p>\n\n\n\n<h3 class=\"wp-block-heading has-text-align-center\">Der Naturgarten im Herbst \u2013 Tipps zu Aussaat und Vorfreude auf den Fr\u00fchling<\/h3>\n\n\n\n<p>Die vhs Speyer l\u00e4dt alle Gartenliebhaber*innen und Naturfreund*innen zu einem besonderen Vortrag ein, der in Kooperation mit der Stadtbibliothek Speyer, dem Nachhaltigkeitsmanagement der Stadt Speyer, der Bieneninitiative, der Forschungswerkstatt Natur-Kunst-Technik e.V. und dem BUND im Rahmen der Kampagne \u201eTausende G\u00e4rten \u2013 Tausende Arten\u201c stattfindet.<\/p>\n\n\n\n<p>Unter der Leitung von Angela Koslowski erfahren die Teilnehmenden, wie sie ihren naturnahen Garten winterfest machen und dabei wichtige Lebensr\u00e4ume f\u00fcr Insekten und Tiere schaffen k\u00f6nnen. Themenschwerpunkte des Abends sind:<\/p>\n\n\n\n<ul>\n<li><strong>Anlegen einer Wildblumenwiese:<\/strong>&nbsp;Praktische Tipps zur Aussaat und Pflege.<\/li>\n\n\n\n<li><strong>Winterquartiere f\u00fcr Insekten und Tiere:<\/strong>&nbsp;Erfahren Sie, wie Sie Winterquartiere f\u00fcr die Larven und Puppen von Wildbienen, Schmetterlingen und anderen Insekten einrichten k\u00f6nnen.<\/li>\n\n\n\n<li><strong>Schutzma\u00dfnahmen f\u00fcr V\u00f6gel, Igel, Gartenschl\u00e4fer, Kr\u00f6ten und Eidechsen:<\/strong>&nbsp;Praktische Ratschl\u00e4ge, um diese Tiere sicher durch die kalte Jahreszeit zu bringen.<\/li>\n<\/ul>\n\n\n\n<p>Im Rahmen der Veranstaltung gibt es eine Preisverlosung zur Aktion \u201eSpeyer erbl\u00fcht \u2013 Fotoaufruf\u201c. Alle B\u00fcrger*innen sind eingeladen, Fotos einzusenden, die zeigen, wie sie selbst zum Erhalt der Artenvielfalt beitragen. Unter allen Einsendungen werden attraktive Preise verlost.<\/p>\n\n\n\n<p>Der Vortrag findet am Montag,&nbsp;<strong>23. September 2024, um 19 Uhr<\/strong>&nbsp;in der Villa Ecarius, Vortragssaal 203, Bahnhofstr. 54, 67346 Speyer statt.<\/p>\n\n\n\n<h3 class=\"wp-block-heading has-text-align-center\">Einbruchschutz: \u201eTipps f\u00fcr ein sicheres Zuhause\u201c<\/h3>\n\n\n\n<p>Wenn es drau\u00dfen wieder fr\u00fcher dunkel wird, treten auch wieder vermehrt Einbruchsserien auf. Der ehemalige Kriminalkommissar Joachim Bossek gibt deshalb an der vhs Speyer wichtige Hinweise zum Schutz der eigenen Vier W\u00e4nde vor ungebetenen G\u00e4sten.<\/p>\n\n\n\n<p>Der Vortrag, der am&nbsp;<strong>24. September um 18.30 Uhr<\/strong>&nbsp;im Weiterbildungszentrum (Obere Langgasse 33a, Raum 13) stattfindet, wird M\u00f6glichkeiten aufzeigen, wie auch mit geringem finanziellen Aufwand ein sicherer Schutz vor fremden Eindringen in Haus und Wohnung m\u00f6glich ist.<\/p>\n\n\n\n<h2 class=\"wp-block-heading\"><strong>Eine Anmeldung zu den Veranstaltungen der vhs unter\u00a0<\/strong><a href=\"https:\/\/deref-web.de\/mail\/client\/OZQli-6lJ98\/dereferrer\/?redirectUrl=http%3A%2F%2Fwww.vhs-speyer.de\" target=\"_blank\" rel=\"noreferrer noopener\"><strong>www.vhs-speyer.de<\/strong><\/a><strong>\u00a0ist erforderlich.<\/strong><\/h2>\n\n\n<div class=\"wp-block-image\">\n<figure class=\"aligncenter size-full\"><a href=\"www.vhs-speyer.de\/programm\"><img decoding=\"async\" loading=\"lazy\" width=\"640\" height=\"295\" src=\"https:\/\/speyer24news.com\/wp-content\/uploads\/2020\/03\/VHS-1.png\" alt=\"\" class=\"wp-image-25692\" srcset=\"https:\/\/speyer24news.com\/wp-content\/uploads\/2020\/03\/VHS-1.png 640w, https:\/\/speyer24news.com\/wp-content\/uploads\/2020\/03\/VHS-1-300x138.png 300w\" sizes=\"(max-width: 640px) 100vw, 640px\" \/><\/a><\/figure><\/div>\n\n\n<h4 class=\"wp-block-heading\"><em>Das komplette vhs-Programm kann unter\u00a0<\/em><a href=\"https:\/\/deref-web.de\/mail\/client\/B0XjTwx5fcQ\/dereferrer\/?redirectUrl=http%3A%2F%2Fwww.vhs-speyer.de%2Fprogramm\" target=\"_blank\" rel=\"noreferrer noopener\"><em>www.vhs-speyer.de\/programm<\/em><\/a><em>\u00a0abgerufen werden. Bei Fragen sind die Mitarbeitenden der Volkshochschule Speyer unter der Telefonnummer 06232 14-1360 und per E-Mail an\u00a0<\/em><a href=\"mailto:vhs@stadt-speyer.de\" target=\"_blank\" rel=\"noreferrer noopener\"><em>vhs@stadt-speyer.de<\/em><\/a><em>\u00a0erreichbar.<\/em><\/h4>\n\n\n\n<p><em>Text: Janine Friedmann, Stadtverwaltung Speyer, B\u00fcro der Oberb\u00fcrgermeisterin \/ Pressesprecherin Foto: Speyer 24 NEWS<br>27.08.2024<\/em><\/p>\n","protected":false},"excerpt":{"rendered":"<div class=\"mh-excerpt\"><p>Veranstaltungen der Volkshochschule Speyer im September Die Volkshochschule Speyer wartet auch im September mit vielen interessanten Veranstaltungen auf. Die folgende \u00dcbersicht stellt einige beispielhafte H\u00f6hepunkte des Programms im n\u00e4chsten Monat vor. Stadt Speyer l\u00e4dt zum <a class=\"mh-excerpt-more\" href=\"https:\/\/speyer24news.com\/?p=59775\" title=\"Speyer Volkshochschule\">[&#8230;]<\/a><\/p>\n<\/div>","protected":false},"author":3,"featured_media":25692,"comment_status":"open","ping_status":"open","sticky":false,"template":"","format":"standard","meta":{"_monsterinsights_skip_tracking":false,"_monsterinsights_sitenote_active":false,"_monsterinsights_sitenote_note":"","_monsterinsights_sitenote_category":0,"footnotes":""},"categories":[13],"tags":[2129,18298,624,18297,18296,17639,458,513,18295,459,3132],"aioseo_notices":[],"amp_enabled":true,"_links":{"self":[{"href":"https:\/\/speyer24news.com\/index.php?rest_route=\/wp\/v2\/posts\/59775"}],"collection":[{"href":"https:\/\/speyer24news.com\/index.php?rest_route=\/wp\/v2\/posts"}],"about":[{"href":"https:\/\/speyer24news.com\/index.php?rest_route=\/wp\/v2\/types\/post"}],"author":[{"embeddable":true,"href":"https:\/\/speyer24news.com\/index.php?rest_route=\/wp\/v2\/users\/3"}],"replies":[{"embeddable":true,"href":"https:\/\/speyer24news.com\/index.php?rest_route=%2Fwp%2Fv2%2Fcomments&post=59775"}],"version-history":[{"count":1,"href":"https:\/\/speyer24news.com\/index.php?rest_route=\/wp\/v2\/posts\/59775\/revisions"}],"predecessor-version":[{"id":59776,"href":"https:\/\/speyer24news.com\/index.php?rest_route=\/wp\/v2\/posts\/59775\/revisions\/59776"}],"wp:featuredmedia":[{"embeddable":true,"href":"https:\/\/speyer24news.com\/index.php?rest_route=\/wp\/v2\/media\/25692"}],"wp:attachment":[{"href":"https:\/\/speyer24news.com\/index.php?rest_route=%2Fwp%2Fv2%2Fmedia&parent=59775"}],"wp:term":[{"taxonomy":"category","embeddable":true,"href":"https:\/\/speyer24news.com\/index.php?rest_route=%2Fwp%2Fv2%2Fcategories&post=59775"},{"taxonomy":"post_tag","embeddable":true,"href":"https:\/\/speyer24news.com\/index.php?rest_route=%2Fwp%2Fv2%2Ftags&post=59775"}],"curies":[{"name":"wp","href":"https:\/\/api.w.org\/{rel}","templated":true}]}}