{"id":59942,"date":"2024-11-13T12:55:14","date_gmt":"2024-11-13T11:55:14","guid":{"rendered":"https:\/\/speyer24news.com\/?p=59942"},"modified":"2024-11-13T12:55:16","modified_gmt":"2024-11-13T11:55:16","slug":"radarfallen-blitzer-geschwindigkeitsmessung-fuer-die-kw-42-11-11-17-11-2024","status":"publish","type":"post","link":"https:\/\/speyer24news.com\/?p=59942","title":{"rendered":"Radarfallen \/ Blitzer \/ Geschwindigkeitsmessung f\u00fcr die KW 42 (11.11. \u2013 17.11.2024)"},"content":{"rendered":"<style type=\"text\/css\">\r\n\t.ads_top_disp{}\r\n\t.ads_top_corner_disp{ float:left; margin:0px 10px 10px 0px; }\r\n\t.ads_first_p_disp{}\r\n\t.ads_bottom_disp{}\r\n\t<\/style>\n<h2 class=\"wp-block-heading\"><strong>(Mannheim) \u2013\u00a0<\/strong>Geschwindigkeitskontrollen f\u00fcr die Woche\u00a0vom 11. bis 15. November<\/h2>\n\n\n<div class=\"wp-block-image\">\n<figure class=\"aligncenter\"><img decoding=\"async\" loading=\"lazy\" width=\"640\" height=\"497\" src=\"https:\/\/speyer24news.com\/wp-content\/uploads\/2020\/12\/Blitzer-2.jpg\" alt=\"\" class=\"wp-image-31937\" srcset=\"https:\/\/speyer24news.com\/wp-content\/uploads\/2020\/12\/Blitzer-2.jpg 640w, https:\/\/speyer24news.com\/wp-content\/uploads\/2020\/12\/Blitzer-2-300x233.jpg 300w\" sizes=\"(max-width: 640px) 100vw, 640px\" \/><\/figure><\/div>\n\n\n<h3 class=\"wp-block-heading\">Die Stadt Mannheim f\u00fchrt vom 11. bis 15. November in folgenden Stra\u00dfen Geschwindigkeitskontrollen durch:<\/h3>\n\n\n\n<ul>\n<li><strong>Am Aubuckel<\/strong><\/li>\n\n\n\n<li><strong>Feldbergstra\u00dfe (Moll-Gymnasium)<\/strong><\/li>\n\n\n\n<li><strong>Hauptstra\u00dfe<\/strong><\/li>\n\n\n\n<li><strong>Helmut-Kohl-Stra\u00dfe<\/strong><\/li>\n\n\n\n<li><strong>Karlsternstra\u00dfe (Waldschule)<\/strong><\/li>\n\n\n\n<li><strong>Meerfeldstra\u00dfe (Diesterwegschule)<\/strong><\/li>\n\n\n\n<li><strong>Neckarstra\u00dfe<\/strong><\/li>\n\n\n\n<li><strong>Otto-Beck-Stra\u00dfe (Pestalozzischule)<\/strong><\/li>\n\n\n\n<li><strong>Spessartstra\u00dfe (Br\u00fcder-Grimm-Schule)<\/strong><\/li>\n\n\n\n<li><strong>Talstra\u00dfe<\/strong><\/li>\n\n\n\n<li><strong>Waldpforte (Alfred-Delp-Schule)<\/strong><\/li>\n\n\n\n<li><strong>Wiesbadener Stra\u00dfe (Friedrich-Ebert-Schule)<\/strong><\/li>\n\n\n\n<li><strong>Wingertsbuckel<\/strong><\/li>\n<\/ul>\n\n\n\n<p>Kurzfristige \u00c4nderungen oder zus\u00e4tzliche Messstellen sind aus aktuellem Anlass m\u00f6glich.<\/p>\n\n\n\n<p><em>Stadt Mannheim<br>07.11.2024<\/em><\/p>\n\n\n\n<h2 class=\"wp-block-heading\"><strong>(Ludwigshafen) \u2013\u00a0<\/strong>Radarkontrollen f\u00fcr die Woche vom 11. November bis 17. November 2024<\/h2>\n\n\n<div class=\"wp-block-image\">\n<figure class=\"aligncenter\"><img decoding=\"async\" loading=\"lazy\" width=\"800\" height=\"600\" src=\"https:\/\/speyer24news.com\/wp-content\/uploads\/2020\/03\/Blitzer-1.jpg\" alt=\"\" class=\"wp-image-25724\" srcset=\"https:\/\/speyer24news.com\/wp-content\/uploads\/2020\/03\/Blitzer-1.jpg 800w, https:\/\/speyer24news.com\/wp-content\/uploads\/2020\/03\/Blitzer-1-300x225.jpg 300w, https:\/\/speyer24news.com\/wp-content\/uploads\/2020\/03\/Blitzer-1-768x576.jpg 768w, https:\/\/speyer24news.com\/wp-content\/uploads\/2020\/03\/Blitzer-1-678x509.jpg 678w, https:\/\/speyer24news.com\/wp-content\/uploads\/2020\/03\/Blitzer-1-326x245.jpg 326w, https:\/\/speyer24news.com\/wp-content\/uploads\/2020\/03\/Blitzer-1-80x60.jpg 80w\" sizes=\"(max-width: 800px) 100vw, 800px\" \/><\/figure><\/div>\n\n\n<h3 class=\"wp-block-heading\">Die Stadt Ludwigshafen nimmt in folgenden Stadtteilen Radarkontrollen vor:<\/h3>\n\n\n\n<ul>\n<li><strong>Mittwoch, 13. November: Mundenheim, Mitte und Nord<\/strong><\/li>\n\n\n\n<li><strong>Donnerstag, 14. November: Edigheim, Friesenheim und West<\/strong><\/li>\n\n\n\n<li><strong>Freitag, 15. November: Gartenstadt, Mundenheim und Maudach<\/strong><\/li>\n\n\n\n<li><strong>Samstag, 16. November: Oggersheim, Ruchheim und Oppau.<\/strong><\/li>\n<\/ul>\n\n\n\n<p>Kurzfristige \u00c4nderungen beh\u00e4lt sich der Bereich Stra\u00dfenverkehr vor. Kontrollen k\u00f6nnen auch kurzfristig an anderen Stellen stattfinden.<\/p>\n\n\n\n<p><em>Stadt Ludwigshafen am Rhein<br>08.11.2024<\/em><\/p>\n\n\n\n<h2 class=\"wp-block-heading\"><strong>(Pr\u00e4sidialbereich Rheinpfalz)<\/strong>\u00a0\u2013 Geschwindigkeitskontrolle im November 2024<\/h2>\n\n\n<div class=\"wp-block-image\">\n<figure class=\"aligncenter\"><img decoding=\"async\" loading=\"lazy\" width=\"800\" height=\"450\" src=\"https:\/\/speyer24news.com\/wp-content\/uploads\/2020\/12\/Blitzer-Logo.jpg\" alt=\"\" class=\"wp-image-31938\" srcset=\"https:\/\/speyer24news.com\/wp-content\/uploads\/2020\/12\/Blitzer-Logo.jpg 800w, https:\/\/speyer24news.com\/wp-content\/uploads\/2020\/12\/Blitzer-Logo-300x169.jpg 300w, https:\/\/speyer24news.com\/wp-content\/uploads\/2020\/12\/Blitzer-Logo-768x432.jpg 768w, https:\/\/speyer24news.com\/wp-content\/uploads\/2020\/12\/Blitzer-Logo-678x381.jpg 678w\" sizes=\"(max-width: 800px) 100vw, 800px\" \/><\/figure><\/div>\n\n\n<p>\u00dcberh\u00f6hte beziehungsweise nicht angepasste Geschwindigkeit bleibt weiter eine Hauptunfallursache: 2023 wurden im Zust\u00e4ndigkeitsbereich des Polizeipr\u00e4sidiums Rheinpfalz wegen nicht angepasster oder \u00fcberh\u00f6hter Geschwindigkeit 2.062 Verkehrsunf\u00e4lle registriert. Im Jahr 2022 waren dies noch 1.896 Verkehrsunf\u00e4lle.<\/p>\n\n\n\n<h4 class=\"wp-block-heading\">Die Verkehrsunfallstatistik 2023 mit ausf\u00fchrlichen Informationen zur Unfalllage und unseren Ma\u00dfnahmen finden Sie auf unserer Internetseite&nbsp;<a target=\"_blank\" rel=\"noreferrer noopener\" href=\"https:\/\/s.rlp.de\/YSXrl\">https:\/\/s.rlp.de\/YSXrl<\/a><\/h4>\n\n\n\n<p>Die Verkehrs\u00fcberwachung mittels Verkehrskontrollen geh\u00f6rt zu den zentralen Aufgaben der Polizei.<\/p>\n\n\n\n<h3 class=\"wp-block-heading\">Im Monat November finden daher im Bereich des Polizeipr\u00e4sidiums Rheinpfalz wie folgt Geschwindigkeitskontrollen statt:<\/h3>\n\n\n\n<h4 class=\"wp-block-heading\">Im Gebiet der <strong>Polizeidirektion Ludwigshafen<\/strong>:<\/h4>\n\n\n\n<ul>\n<li><strong>22.11.2024 im Bereich R\u00f6merberg<\/strong><\/li>\n\n\n\n<li><strong>27.11.2024 im Bereich Schifferstadt<\/strong><\/li>\n<\/ul>\n\n\n\n<h4 class=\"wp-block-heading\">Im Gebiet der <strong>Polizeidirektion Landau<\/strong>:<\/h4>\n\n\n\n<ul>\n<li><strong>14.11.2024 im Bereich Kandel<\/strong><\/li>\n\n\n\n<li><strong>20.11.2024 im Bereich Westheim<\/strong><\/li>\n\n\n\n<li><strong>28.11.2024 im Bereich Freimersheim<\/strong><\/li>\n<\/ul>\n\n\n\n<h4 class=\"wp-block-heading\">Im Gebiet der <strong>Polizeidirektion Neustadt<\/strong>:<\/h4>\n\n\n\n<ul>\n<li><strong>13.11.2024 im Bereich Lindenberg<\/strong><\/li>\n\n\n\n<li><strong>29.11.2024 im Bereich Bad D\u00fcrkheim<\/strong><\/li>\n<\/ul>\n\n\n\n<h4 class=\"wp-block-heading\"><em>Die Polizei weist ausdr\u00fccklich darauf hin, dass Kontrollen auch au\u00dferhalb der genannten Zeiten und \u00d6rtlichkeiten stattfinden.<\/em><\/h4>\n\n\n\n<p><em>Polizeipr\u00e4sidium Rheinpfalz<br>29.10.2024<\/em><\/p>\n","protected":false},"excerpt":{"rendered":"<div class=\"mh-excerpt\"><p>(Mannheim) \u2013\u00a0Geschwindigkeitskontrollen f\u00fcr die Woche\u00a0vom 11. bis 15. November Die Stadt Mannheim f\u00fchrt vom 11. bis 15. November in folgenden Stra\u00dfen Geschwindigkeitskontrollen durch: Kurzfristige \u00c4nderungen oder zus\u00e4tzliche Messstellen sind aus aktuellem Anlass m\u00f6glich. Stadt Mannheim07.11.2024 <a class=\"mh-excerpt-more\" href=\"https:\/\/speyer24news.com\/?p=59942\" title=\"Radarfallen \/ Blitzer \/ Geschwindigkeitsmessung f\u00fcr die KW 42 (11.11. \u2013 17.11.2024)\">[&#8230;]<\/a><\/p>\n<\/div>","protected":false},"author":3,"featured_media":33649,"comment_status":"open","ping_status":"open","sticky":false,"template":"","format":"standard","meta":{"_monsterinsights_skip_tracking":false,"_monsterinsights_sitenote_active":false,"_monsterinsights_sitenote_note":"","_monsterinsights_sitenote_category":0,"footnotes":""},"categories":[64],"tags":[18,7702,4819,4814,15144,10739,5148,4822,4817,5149,16228,4228,17342,16999,16998,17000,17343,947,5146,4820,4815,5147,15148,17001,17425,17003,17002,17004,17005,58,153,56,59,17,7699,7068,7004,7700,15142,14747,16227,16990,17424,16992,16991,16993,16994,18100,949,5150,4818,4813,5151,15909,15908,427,1565],"aioseo_notices":[],"amp_enabled":true,"_links":{"self":[{"href":"https:\/\/speyer24news.com\/index.php?rest_route=\/wp\/v2\/posts\/59942"}],"collection":[{"href":"https:\/\/speyer24news.com\/index.php?rest_route=\/wp\/v2\/posts"}],"about":[{"href":"https:\/\/speyer24news.com\/index.php?rest_route=\/wp\/v2\/types\/post"}],"author":[{"embeddable":true,"href":"https:\/\/speyer24news.com\/index.php?rest_route=\/wp\/v2\/users\/3"}],"replies":[{"embeddable":true,"href":"https:\/\/speyer24news.com\/index.php?rest_route=%2Fwp%2Fv2%2Fcomments&post=59942"}],"version-history":[{"count":2,"href":"https:\/\/speyer24news.com\/index.php?rest_route=\/wp\/v2\/posts\/59942\/revisions"}],"predecessor-version":[{"id":59944,"href":"https:\/\/speyer24news.com\/index.php?rest_route=\/wp\/v2\/posts\/59942\/revisions\/59944"}],"wp:featuredmedia":[{"embeddable":true,"href":"https:\/\/speyer24news.com\/index.php?rest_route=\/wp\/v2\/media\/33649"}],"wp:attachment":[{"href":"https:\/\/speyer24news.com\/index.php?rest_route=%2Fwp%2Fv2%2Fmedia&parent=59942"}],"wp:term":[{"taxonomy":"category","embeddable":true,"href":"https:\/\/speyer24news.com\/index.php?rest_route=%2Fwp%2Fv2%2Fcategories&post=59942"},{"taxonomy":"post_tag","embeddable":true,"href":"https:\/\/speyer24news.com\/index.php?rest_route=%2Fwp%2Fv2%2Ftags&post=59942"}],"curies":[{"name":"wp","href":"https:\/\/api.w.org\/{rel}","templated":true}]}}