{"id":59997,"date":"2024-11-15T14:31:01","date_gmt":"2024-11-15T13:31:01","guid":{"rendered":"https:\/\/speyer24news.com\/?p=59997"},"modified":"2024-11-18T11:09:23","modified_gmt":"2024-11-18T10:09:23","slug":"vermisstensuche-vermisste-person-11","status":"publish","type":"post","link":"https:\/\/speyer24news.com\/?p=59997","title":{"rendered":"Vermisstensuche \/ Vermisste Person"},"content":{"rendered":"<style type=\"text\/css\">\r\n\t.ads_top_disp{}\r\n\t.ads_top_corner_disp{ float:left; margin:0px 10px 10px 0px; }\r\n\t.ads_first_p_disp{}\r\n\t.ads_bottom_disp{}\r\n\t<\/style>\n<h2 class=\"wp-block-heading\">R\u00fccknahme der \u00d6ffentlichkeitsfahndung<\/h2>\n\n\n\n<h3 class=\"wp-block-heading has-text-align-center\">Nachtrag zur Pressemeldung vom 13.11.2024 (s.U.)<\/h3>\n\n\n\n<p><strong>(Beindersheim) \u2013<\/strong> Die vermisste 12-J\u00e4hrige konnte am 15.11.2024 angetroffen werden. Die \u00d6ffentlichkeitsfahndung wird daher zur\u00fcckgenommen.<\/p>\n\n\n\n<p><em>Polizeipr\u00e4sidium Rheinpfalz<br>13.11.2024<\/em><\/p>\n\n\n\n<h2 class=\"wp-block-heading\">12-J\u00e4hrige vermisst<\/h2>\n\n\n\n<p><strong>(Beindersheim) \u2013 <\/strong>Seit Dienstag, 05.11.2024, wird eine in Beindersheim wohnende 12-J\u00e4hrige vermisst. Sie verlie\u00df am Dienstag gegen 07:45 Uhr eine Jugendeinrichtung in Beindersheim. Zuletzt wurde die Vermisste am Bahnhof in Frankenthal gesehen. Seitdem ist ihr Aufenthaltsort unbekannt. Durch die bisherigen polizeilichen Ma\u00dfnahmen konnte die Vermisste nicht aufgefunden werden.<\/p>\n\n\n\n<p>Durch die bisherigen polizeilichen Ma\u00dfnahmen konnte die Vermisste nicht aufgefunden werden. Auch wenn uns keine Hinweise auf eine konkrete Gefahr vorliegen, gelten f\u00fcr vermisste Kinder besonders strenge Regeln, weshalb wir die \u00d6ffentlichkeit um Mithilfe bitten.<\/p>\n\n\n\n<h3 class=\"wp-block-heading\">Beschreibung der 12-J\u00e4hrigen:<\/h3>\n\n\n\n<ul>\n<li><strong>ca. 1,65- 1,70m<\/strong><\/li>\n\n\n\n<li><strong>Dunkle, schulterlange Haare<\/strong><\/li>\n\n\n\n<li><strong>Dunkelbraune Augen<\/strong><\/li>\n\n\n\n<li><strong>Sie spricht gebrochenes deutsch.<\/strong><\/li>\n<\/ul>\n\n\n\n<h4 class=\"wp-block-heading\">Zeugen, die Hinweise auf den Aufenthalt der Vermissten geben k\u00f6nnen, werden gebeten, sich unter der Telefonnummer 0621-963 23312 an die Kriminaldirektion zu wenden. Wenn Sie die Vermisste sehen, behalten Sie diesen bitte im Blick und verst\u00e4ndigen Sie \u00fcber den Notruf 110 die Polizei!<\/h4>\n\n\n\n<p><em>Polizeipr\u00e4sidium Rheinpfalz<br>13.11.2024<\/em><\/p>\n","protected":false},"excerpt":{"rendered":"<div class=\"mh-excerpt\"><p>R\u00fccknahme der \u00d6ffentlichkeitsfahndung Nachtrag zur Pressemeldung vom 13.11.2024 (s.U.) (Beindersheim) \u2013 Die vermisste 12-J\u00e4hrige konnte am 15.11.2024 angetroffen werden. Die \u00d6ffentlichkeitsfahndung wird daher zur\u00fcckgenommen. Polizeipr\u00e4sidium Rheinpfalz13.11.2024 12-J\u00e4hrige vermisst (Beindersheim) \u2013 Seit Dienstag, 05.11.2024, wird eine <a class=\"mh-excerpt-more\" href=\"https:\/\/speyer24news.com\/?p=59997\" title=\"Vermisstensuche \/ Vermisste Person\">[&#8230;]<\/a><\/p>\n<\/div>","protected":false},"author":3,"featured_media":29028,"comment_status":"open","ping_status":"open","sticky":false,"template":"","format":"standard","meta":{"_monsterinsights_skip_tracking":false,"_monsterinsights_sitenote_active":false,"_monsterinsights_sitenote_note":"","_monsterinsights_sitenote_category":0,"footnotes":""},"categories":[15659],"tags":[18427,1881,18428,18429,1117,18430,619,618,18426,18425,18431],"aioseo_notices":[],"amp_enabled":true,"_links":{"self":[{"href":"https:\/\/speyer24news.com\/index.php?rest_route=\/wp\/v2\/posts\/59997"}],"collection":[{"href":"https:\/\/speyer24news.com\/index.php?rest_route=\/wp\/v2\/posts"}],"about":[{"href":"https:\/\/speyer24news.com\/index.php?rest_route=\/wp\/v2\/types\/post"}],"author":[{"embeddable":true,"href":"https:\/\/speyer24news.com\/index.php?rest_route=\/wp\/v2\/users\/3"}],"replies":[{"embeddable":true,"href":"https:\/\/speyer24news.com\/index.php?rest_route=%2Fwp%2Fv2%2Fcomments&post=59997"}],"version-history":[{"count":2,"href":"https:\/\/speyer24news.com\/index.php?rest_route=\/wp\/v2\/posts\/59997\/revisions"}],"predecessor-version":[{"id":60235,"href":"https:\/\/speyer24news.com\/index.php?rest_route=\/wp\/v2\/posts\/59997\/revisions\/60235"}],"wp:featuredmedia":[{"embeddable":true,"href":"https:\/\/speyer24news.com\/index.php?rest_route=\/wp\/v2\/media\/29028"}],"wp:attachment":[{"href":"https:\/\/speyer24news.com\/index.php?rest_route=%2Fwp%2Fv2%2Fmedia&parent=59997"}],"wp:term":[{"taxonomy":"category","embeddable":true,"href":"https:\/\/speyer24news.com\/index.php?rest_route=%2Fwp%2Fv2%2Fcategories&post=59997"},{"taxonomy":"post_tag","embeddable":true,"href":"https:\/\/speyer24news.com\/index.php?rest_route=%2Fwp%2Fv2%2Ftags&post=59997"}],"curies":[{"name":"wp","href":"https:\/\/api.w.org\/{rel}","templated":true}]}}