{"id":60017,"date":"2024-11-16T10:27:04","date_gmt":"2024-11-16T09:27:04","guid":{"rendered":"https:\/\/speyer24news.com\/?p=60017"},"modified":"2024-11-16T10:27:06","modified_gmt":"2024-11-16T09:27:06","slug":"polizeimeldungen-freitag-15-11-24","status":"publish","type":"post","link":"https:\/\/speyer24news.com\/?p=60017","title":{"rendered":"Polizeimeldungen Freitag (15.11.24)"},"content":{"rendered":"<style type=\"text\/css\">\r\n\t.ads_top_disp{}\r\n\t.ads_top_corner_disp{ float:left; margin:0px 10px 10px 0px; }\r\n\t.ads_first_p_disp{}\r\n\t.ads_bottom_disp{}\r\n\t<\/style>\n<h2 class=\"wp-block-heading\">Polizeimeldungen vom Freitag (15.11.2024)<\/h2>\n\n\n<div class=\"wp-block-image\">\n<figure class=\"aligncenter size-full\"><img decoding=\"async\" loading=\"lazy\" width=\"375\" height=\"500\" src=\"https:\/\/speyer24news.com\/wp-content\/uploads\/2022\/03\/Aktuelles-Polizeilogo.jpg\" alt=\"\" class=\"wp-image-43591\" srcset=\"https:\/\/speyer24news.com\/wp-content\/uploads\/2022\/03\/Aktuelles-Polizeilogo.jpg 375w, https:\/\/speyer24news.com\/wp-content\/uploads\/2022\/03\/Aktuelles-Polizeilogo-225x300.jpg 225w\" sizes=\"(max-width: 375px) 100vw, 375px\" \/><\/figure><\/div>\n\n\n<h2 class=\"wp-block-heading\">(Speyer) &#8211; K\u00f6rperverletzung durch Pfefferspray<\/h2>\n\n\n<div class=\"wp-block-image\">\n<figure class=\"aligncenter size-full\"><img decoding=\"async\" loading=\"lazy\" width=\"800\" height=\"605\" src=\"https:\/\/speyer24news.com\/wp-content\/uploads\/2023\/10\/Pfefferspray-Spray-Reizgas.jpg\" alt=\"\" class=\"wp-image-55357\" srcset=\"https:\/\/speyer24news.com\/wp-content\/uploads\/2023\/10\/Pfefferspray-Spray-Reizgas.jpg 800w, https:\/\/speyer24news.com\/wp-content\/uploads\/2023\/10\/Pfefferspray-Spray-Reizgas-300x227.jpg 300w, https:\/\/speyer24news.com\/wp-content\/uploads\/2023\/10\/Pfefferspray-Spray-Reizgas-768x581.jpg 768w, https:\/\/speyer24news.com\/wp-content\/uploads\/2023\/10\/Pfefferspray-Spray-Reizgas-80x60.jpg 80w\" sizes=\"(max-width: 800px) 100vw, 800px\" \/><\/figure><\/div>\n\n\n<p>Am sp\u00e4ten Donnerstagnachmittag gegen 17:45 Uhr ist der Polizei in der Ro\u00dfmarktstra\u00dfe eine Auseinandersetzung zwischen mehreren Personen gemeldet worden. Vor Ort hat die Polizei vier M\u00e4nner im Alter zwischen 23 und 27 Jahren angetroffen, die schrien und sich die Augen hielten. Nach derzeitigem Ermittlungsstand d\u00fcrfte es zu einem Streit zwischen den Personen gekommen sein. Hierbei kam es nach Zeugenberichten wohl auch zu einer Ohrfeige. Der 23-j\u00e4hrige Tatverd\u00e4chtige habe schlie\u00dflich Pfefferspray eingesetzt. Gegen ihn wird nun wegen gef\u00e4hrlicher K\u00f6rperverletzung ermittelt. Die anderen drei M\u00e4nner sind vom Rettungsdienst zur Behandlung ins Krankenhaus gebracht worden. Der Tatverd\u00e4chtige musste die Beamten zur Dienststelle begleiten. Ein Arzt hat ihm dort eine Blutprobe entnommen. Anschlie\u00dfend ist er zur Verhinderung weiterer Straftaten in Gewahrsam genommen worden.<\/p>\n\n\n\n<h2 class=\"wp-block-heading\">(Schifferstadt) &#8211; Fahrraddiebstahl \/ T\u00e4ter festgehalten<\/h2>\n\n\n\n<p>Am Donnerstagabend ging der 38-j\u00e4hrige Gesch\u00e4digte am Hauptbahnhof Schifferstadt zu den Fahrradst\u00e4ndern. Hierbei erkannte er, wie der 42-j\u00e4hrige Beschuldigte gerade mit seinem Fahrrad wegfahren wollte. Der Beschuldigte konnte durch den Eigent\u00fcmer des Fahrrads sowie durch 2 anwesende DB-Sicherheit Mitarbeiter bis zum Eintreffen der Polizei festgehalten werden. Im Verlauf der Kontrolle konnte bei dem Beschuldigten eine Flex sowie ein Bunsenbrenner festgestellt werden. Diese wurden von der Polizei sichergestellt. Ein weiteres Fahrrad, welches der Beschuldigte als sein Eigenes bezeichnete, jedoch keinen Eigentumsnachweis vorlegen konnte, wurde ebenfalls sichergestellt. Im Anschluss an die Kontrolle erhielt er einen Platzverweis f\u00fcr das gesamte Bahnhofsgel\u00e4nde. Ein Ermittlungsverfahren wurde eingeleitet.<\/p>\n\n\n\n<h2 class=\"wp-block-heading\">(Limburgerhof) &#8211; Einbruch in Wohnhaus \/ Zeugen gesucht<\/h2>\n\n\n\n<p>In der Zeit vom 10.11. bis zum 14.11.2024 brachen Unbekannte in ein Wohnhaus in der Mannheimer Stra\u00dfe in Limburgerhof ein und entwendeten einen Tresor.<\/p>\n\n\n\n<ul>\n<li><strong>Wer hat die Tat beobachtet und kann Hinweise auf die T\u00e4ter geben? Hinweise nimmt die Kriminalpolizei Ludwigshafen unter der Telefonnummer 0621 963- 23312 oder per E-Mail\u00a0<a href=\"mailto:%20KDLudwigshafen.KI3.K31@polizei.rlp.de\">KDLudwigshafen.KI3.K31@polizei.rlp.de<\/a>\u00a0entgegen.<\/strong><\/li>\n<\/ul>\n\n\n\n<h2 class=\"wp-block-heading\">(Mutterstadt) &#8211; Fahren unter Alkoholeinfluss<\/h2>\n\n\n<div class=\"wp-block-image\">\n<figure class=\"aligncenter size-full\"><img decoding=\"async\" loading=\"lazy\" width=\"800\" height=\"600\" src=\"https:\/\/speyer24news.com\/wp-content\/uploads\/2019\/06\/Ausn\u00fcchterungszelle.jpg\" alt=\"\" class=\"wp-image-15212\" srcset=\"https:\/\/speyer24news.com\/wp-content\/uploads\/2019\/06\/Ausn\u00fcchterungszelle.jpg 800w, https:\/\/speyer24news.com\/wp-content\/uploads\/2019\/06\/Ausn\u00fcchterungszelle-300x225.jpg 300w, https:\/\/speyer24news.com\/wp-content\/uploads\/2019\/06\/Ausn\u00fcchterungszelle-768x576.jpg 768w, https:\/\/speyer24news.com\/wp-content\/uploads\/2019\/06\/Ausn\u00fcchterungszelle-678x509.jpg 678w, https:\/\/speyer24news.com\/wp-content\/uploads\/2019\/06\/Ausn\u00fcchterungszelle-326x245.jpg 326w, https:\/\/speyer24news.com\/wp-content\/uploads\/2019\/06\/Ausn\u00fcchterungszelle-80x60.jpg 80w\" sizes=\"(max-width: 800px) 100vw, 800px\" \/><figcaption class=\"wp-element-caption\">Beispielbild Zelle \/ Verhaftung, dient lediglich der Visualisierung<\/figcaption><\/figure><\/div>\n\n\n<p>Am Donnerstagabend gegen 23:20 Uhr wurde der Polizei Schifferstadt ein auff\u00e4llig fahrendes Fahrzeug mitgeteilt. Der Fahrer w\u00fcrde wie verr\u00fcckt durch die Stra\u00dfen fahren, immer wieder Vollgas geben und bis zum Stillstand abbremsen. Das beschriebene Fahrzeug konnte schlie\u00dflich vor einer Hauseinfahrt stehend festgestellt werden. Der vermeintliche Fahrer des Fahrzeuges ist bereits polizeilich bekannt. Unter anderem ist der 49-j\u00e4hrige amtsbekannte nicht im Besitz einer g\u00fcltigen Fahrerlaubnis. Wenig sp\u00e4ter konnte dieser vor einem leerstehenden Geb\u00e4ude durch die Polizei festgestellt und kontrolliert werden. Aufgrund der erkennbaren Alkoholisierung und seines aggressiven Verhaltens gegen\u00fcber der Polizei, wurde er gefesselt. Bei der Person konnte im Verlauf der Kontrolle ein Hammer, ein Kettenschloss sowie geringe Mengen Bet\u00e4ubungsmittel aufgefunden werden. In seinem Fahrzeug befanden sich zudem hochwertige Werkzeuge. Alle Gegenst\u00e4nde wurden durch die Polizei sichergestellt. Da die Person eine Kopfverletzung aufwies, wurde er zur medizinischen Versorgung in das Marienkrankenhaus verbracht, wo ihm ebenfalls eine Blutprobe entnommen wurde. Im Anschluss wurde er zur Verhinderung weiterer Straftaten dem Polizeigewahrsam in Schifferstadt zugef\u00fchrt. Entsprechende Ermittlungsverfahren u.a. wegen Trunkenheit im Verkehr und Einbruchsdiebstahl in eine Baustelle wurden eingeleitet.<\/p>\n\n\n\n<h2 class=\"wp-block-heading\">(Germersheim) &#8211; F\u00fchrerschein nach Trunkenheitsfahrt einbehalten<\/h2>\n\n\n\n<p>Am Donnerstag, den 14.11.24, gegen 23:50 Uhr, wurde ein 38-j\u00e4hriger PKW-Fahrer im Bereich der August-Keiler-Stra\u00dfe einer Verkehrskontrolle unterzogen. Hierbei wurde durch die eingesetzten Beamten Alkoholgeruch wahrgenommen. Ein Atemalkoholtest ergab einen Wert von 2,08 Promille. Dem Verantwortlichen wurde eine Blutprobe entnommen und dessen F\u00fchrerschein einbehalten. Ein Strafverfahren wegen Trunkenheit im Stra\u00dfenverkehr wurde eingeleitet.<\/p>\n\n\n\n<h2 class=\"wp-block-heading\">(L 540 \/ R\u00fclzheim) &#8211; Kinderansprecher \/ Zeugen gesucht<\/h2>\n\n\n<div class=\"wp-block-image\">\n<figure class=\"aligncenter size-full\"><img decoding=\"async\" loading=\"lazy\" width=\"800\" height=\"618\" src=\"https:\/\/speyer24news.com\/wp-content\/uploads\/2022\/06\/Warnschild-Kinderansprecher.png\" alt=\"\" class=\"wp-image-46831\" srcset=\"https:\/\/speyer24news.com\/wp-content\/uploads\/2022\/06\/Warnschild-Kinderansprecher.png 800w, https:\/\/speyer24news.com\/wp-content\/uploads\/2022\/06\/Warnschild-Kinderansprecher-300x232.png 300w, https:\/\/speyer24news.com\/wp-content\/uploads\/2022\/06\/Warnschild-Kinderansprecher-768x593.png 768w\" sizes=\"(max-width: 800px) 100vw, 800px\" \/><\/figure><\/div>\n\n\n<p>Am Donnerstag, den 14.11.24, gegen 17:15 Uhr, wurde ein 12-J\u00e4hriger auf der Stra\u00dfe von einem Unbekannten auf einem Fahrrad angesprochen. Der Vorfall ereignete sich \u00fcber die Wegstrecke S\u00fcdring &#8211; Dr. Kahn Stra\u00dfe &#8211; L540 entlang in Richtung Rewe\/Norma &#8211; Am Stadion.<\/p>\n\n\n\n<h4 class=\"wp-block-heading\">Die unbekannte Person wird wie folgt beschrieben:<\/h4>\n\n\n\n<ul>\n<li><strong>ca. 35-j\u00e4hriger Mann<\/strong><\/li>\n\n\n\n<li><strong>graue Haare mit einem &#8222;auff\u00e4llig&#8220; hohem Haaransatz<\/strong><\/li>\n\n\n\n<li><strong>braun\/grauer Dreitagebart<\/strong><\/li>\n<\/ul>\n\n\n\n<ul>\n<li><strong>Wir nehmen solche Meldungen immer sehr ernst. Deshalb suchen wir Zeugen: Wer hat den Sachverhalt beobachtet? Wer kann Hinweise zu der Person geben?<\/strong><\/li>\n\n\n\n<li><strong>Sachdienliche Hinweise nimmt die Polizeiinspektion Germersheim unter der Telefonnummer 07274 958-0 oder per E-Mail an\u00a0<a href=\"mailto:%20pigermersheim@polizei.rlp.de\">pigermersheim@polizei.rlp.de<\/a>\u00a0entgegen.<\/strong><\/li>\n<\/ul>\n\n\n\n<h4 class=\"wp-block-heading\">Folgende Ratschl\u00e4ge sollten Sie beachten, wenn Kinder davon erz\u00e4hlen, dass sie von Fremden angesprochen wurden:<\/h4>\n\n\n\n<ul>\n<li><strong>Loben Sie Ihr Kind daf\u00fcr, dass es sich Ihnen anvertraut hat.<\/strong><\/li>\n\n\n\n<li><strong>Vermeiden Sie Ger\u00fcchte und beugen Sie somit einer Hysterie in Ihrer Nachbarschaft vor.<\/strong><\/li>\n\n\n\n<li><strong>Wir bitten Sie auf Basis von Ger\u00fcchten keine Falschinformationen zu verbreiten. Teilen Sie keine spekulativen Informationen \u00fcber soziale Netzwerke.<\/strong><\/li>\n\n\n\n<li><strong>Bitte vertrauen Sie bei Ihrem Meinungsbild nur gesicherten Quellen. Gesicherte Informationen erhalten Sie von Ihrer Polizei unter\u00a0<a href=\"https:\/\/s.rlp.de\/5vx\" target=\"_blank\" rel=\"noreferrer noopener\">https:\/\/s.rlp.de\/5vx<\/a>.<\/strong><\/li>\n\n\n\n<li><strong>Melden Sie den Vorfall bei der Polizei. \u00dcber den Polizeinotruf 110 erreichen Sie diese zu jeder Tages- und Nachtzeit.<\/strong><\/li>\n\n\n\n<li><strong>Bereiten Sie Ihre Kinder auf solche Situationen vor.<\/strong><\/li>\n\n\n\n<li><strong>Eltern sollten Verhaltensregeln f\u00fcr den Schulweg und die Freizeit festlegen.<\/strong><\/li>\n\n\n\n<li><strong>Schicken Sie Ihre Kinder m\u00f6glichst nicht alleine, sondern in kleinen Gruppen zusammen mit anderen Kindern zur Schule oder zum Spielplatz. Halten Sie es zur P\u00fcnktlichkeit an.<\/strong><\/li>\n<\/ul>\n\n\n\n<p>Wir nehmen Ihre \u00c4ngste ernst und sind stets f\u00fcr Sie ansprechbar. Melden Sie bitte jeden verd\u00e4chtigen Sachverhalt sofort bei Ihrer Polizeidienststelle oder \u00fcber Notruf. Nur so k\u00f6nnen wir auch Ermittlungen aufnehmen. Denn wir k\u00fcmmern uns und gehen jedem Hinweis nach.<\/p>\n\n\n\n<h4 class=\"wp-block-heading\"><em>Auf der Internetseite der polizeilichen Kriminalpr\u00e4vention\u00a0<a href=\"https:\/\/www.polizei-beratung.de\/\" target=\"_blank\" rel=\"noreferrer noopener\">www.polizei-beratung.de<\/a>\u00a0finden Sie weitere umfangreiche Informationen zu diesem Thema.<\/em><\/h4>\n\n\n\n<h2 class=\"wp-block-heading\">(Maximiliansau) &#8211; Verkehrsunfall auf der Rheinbr\u00fccke<\/h2>\n\n\n\n<p><a href=\"https:\/\/www.facebook.com\/sharer.php?u=https%3A%2F%2Fwww.presseportal.de%2Fblaulicht%2Fpm%2F117686%2F5909296%2F%3Futm_source%3Dfacebook%26utm_medium%3Dsocial\"><\/a><a href=\"https:\/\/twitter.com\/intent\/tweet?text=POL-PDLD%3A%20Verkehrsunfall%20auf%20der%20Rheinbr%C3%BCcke&amp;url=https%3A%2F%2Fwww.presseportal.de%2Fblaulicht%2Fpm%2F117686%2F5909296%2F%3Futm_source%3Dtwitter%26utm_medium%3Dsocial&amp;hashtags=ots&amp;lang=de\"><\/a><a href=\"https:\/\/web.whatsapp.com\/send?text=POL-PDLD%3A%20Verkehrsunfall%20auf%20der%20Rheinbr%C3%BCcke%0A%0Ahttps%3A%2F%2Fwww.presseportal.de%2Fblaulicht%2Fpm%2F117686%2F5909296%2F%3Futm_source%3Dwhatsapp%26utm_medium%3Dsocial\"><\/a><a href=\"https:\/\/www.xing.com\/app\/user?op=share;url=https%3A%2F%2Fwww.presseportal.de%2Fblaulicht%2Fpm%2F117686%2F5909296%2F%3Futm_source%3Dxing%26utm_medium%3Dsocial\"><\/a><a href=\"http:\/\/www.linkedin.com\/shareArticle?mini=true&amp;url=https%3A%2F%2Fwww.presseportal.de%2Fblaulicht%2Fpm%2F117686%2F5909296%2F%3Futm_source%3Dlinkedin%26utm_medium%3Dsocial&amp;title=POL-PDLD%3A+Verkehrsunfall+auf+der+Rheinbr%C3%BCcke\"><\/a><a href=\"mailto:?subject=POL-PDLD%3A%20Verkehrsunfall%20auf%20der%20Rheinbr%C3%BCcke&amp;body=https:\/\/www.presseportal.de\/blaulicht\/pm\/117686\/5909296\"><\/a>Am Donnerstagnachmittag gegen 16 Uhr kam es auf der B10 im Bereich der Rheinbr\u00fccke zu einem Verkehrsunfall mit drei beteiligten Fahrzeugen. Der Unfallverursacher fuhr einem PKW aufgrund zu geringen Sicherheitsabstandes auf. Er versuchte noch den Zusammensto\u00df zu verhindern und auszuweichen. Hierdurch fuhr er seitlich in einen weiteren PKW. Verletzt wurde niemand. Der entstandene Gesamtschaden betr\u00e4gt etwa 10 000 Euro.<\/p>\n\n\n\n<h2 class=\"wp-block-heading\">(Maximiliansau) &#8211; Erneute Kontrollen des Durchfahrtsverbotes<\/h2>\n\n\n\n<p>Auch am Donnerstagmorgen wurde das Durchfahrtsverbot in Maximiliansau von Beamten der Polizei W\u00f6rth kontrolliert. In etwa einer Stunde mussten 16 Verkehrsteilnehmer geb\u00fchrenpflichtig verwarnt werden, da sie die Eisenbahnstra\u00dfe widerrechtlich in Fahrtrichtung Ortsmitte befuhren. Die Ordnungswidrigkeit wird mit einem Verwarnungsgeld in H\u00f6he von 50 Euro sanktioniert.<\/p>\n\n\n\n<p>Die Polizei W\u00f6rth weist erneut darauf hin, dass das Befahren des Ortsbereichs Maximiliansau zwischen 06:00 Uhr und 08:30 Uhr nur f\u00fcr Anwohner gestattet ist. Die Polizei W\u00f6rth wird das Verkehrsaufkommen in Maximiliansau weiterhin im Auge behalten.<\/p>\n\n\n\n<h2 class=\"wp-block-heading\">(Landau) &#8211; Bilanz der Kontrollwoche Schwerverkehr<\/h2>\n\n\n<div class=\"wp-block-image\">\n<figure class=\"aligncenter size-full\"><img decoding=\"async\" loading=\"lazy\" width=\"800\" height=\"447\" src=\"https:\/\/speyer24news.com\/wp-content\/uploads\/2022\/09\/Kontrolle-2.jpg\" alt=\"\" class=\"wp-image-49124\" srcset=\"https:\/\/speyer24news.com\/wp-content\/uploads\/2022\/09\/Kontrolle-2.jpg 800w, https:\/\/speyer24news.com\/wp-content\/uploads\/2022\/09\/Kontrolle-2-300x168.jpg 300w, https:\/\/speyer24news.com\/wp-content\/uploads\/2022\/09\/Kontrolle-2-768x429.jpg 768w\" sizes=\"(max-width: 800px) 100vw, 800px\" \/><figcaption class=\"wp-element-caption\">Kontrolle<\/figcaption><\/figure><\/div>\n\n\n<p>Beamte der Polizeidirektion Landau, des Schwerverkehrskontrolltrupps der Zentralen Verkehrsdienste, der Zentralen Bu\u00dfgeldstelle und des Zoll haben vom 11.-15.11.2024 besonderen Augenmerk auf die Kontrolle des Schwerverkehrs gelegt. 44 Fahrzeuge wurden kontrolliert, wobei bei 18 Fahrzeugen Beanstandungen festgestellt wurden. Bei sieben Fahrzeugen musste die Weiterfahrt aufgrund Ladungssicherungsverst\u00f6\u00dfen oder technischen M\u00e4ngeln untersagt werden. Bei drei kontrollierten LKW wurden sogar Manipulationen am Fahrtenschreiber festgestellt, was strafrechtlich den Tatbestand der Urkundenf\u00e4lschung darstellen kann. 13 Fahrzeuglenker mussten wegen Verst\u00f6\u00dfen gegen die Sozialvorschriften belangt werden. Vier Fahrer \u00fcberholten im LKW-\u00dcberholverbot auf der A65. Der Schwerverkehr stellt aufgrund seiner Gr\u00f6\u00dfe und seines Gewichts eine besondere Gefahr im Stra\u00dfenverkehr dar. Dies kann zu verheerenden Folgen bei einem Zusammensto\u00df f\u00fchren. Die \u00dcberwachung und Kontrolle dieser Risikogruppe ist ein wichtiger Baustein der polizeilichen Verkehrssicherheitsarbeit in Rheinland-Pfalz.<\/p>\n\n\n\n<h2 class=\"wp-block-heading\">(Landau) &#8211; Kabeldiebstahl \/ Zeugen gesucht<\/h2>\n\n\n\n<p>Am 14.11.2024 wurde der Polizei Landau mitgeteilt, dass es auf einer Baustelle in der Erlenbachstra\u00dfe in Landau zu einem Fall von Kabeldiebstahl kam. Der durch unbekannte T\u00e4ter angerichtete Schaden liegt im niedrigen f\u00fcnfstelligen Bereich. Ein Strafverfahren wurde eingeleitet und die Ermittlungen aufgenommen. <\/p>\n\n\n\n<ul>\n<li><strong>Die Polizei bittet Zeugen, die Hinweise zu der Tat oder dem T\u00e4ter geben k\u00f6nnen sich per Email an\u00a0<a href=\"mailto:%20pilandau@polizei.rlp.de\">pilandau@polizei.rlp.de<\/a>\u00a0oder telefonisch unter 06341-287-0 bei der Polizeiinspektion Landau zu melden.<\/strong><\/li>\n<\/ul>\n\n\n\n<h2 class=\"wp-block-heading\">(Landau) &#8211; Verkehrskontrollen im Dienstgebiet<\/h2>\n\n\n\n<p><a href=\"https:\/\/www.facebook.com\/sharer.php?u=https%3A%2F%2Fwww.presseportal.de%2Fblaulicht%2Fpm%2F117686%2F5909284%2F%3Futm_source%3Dfacebook%26utm_medium%3Dsocial\"><\/a><a href=\"https:\/\/twitter.com\/intent\/tweet?text=POL-PDLD%3A%20Landau%20-%20Verkehrskontrollen%20im%20Dienstgebiet&amp;url=https%3A%2F%2Fwww.presseportal.de%2Fblaulicht%2Fpm%2F117686%2F5909284%2F%3Futm_source%3Dtwitter%26utm_medium%3Dsocial&amp;hashtags=ots&amp;lang=de\"><\/a><a href=\"https:\/\/web.whatsapp.com\/send?text=POL-PDLD%3A%20Landau%20-%20Verkehrskontrollen%20im%20Dienstgebiet%0A%0Ahttps%3A%2F%2Fwww.presseportal.de%2Fblaulicht%2Fpm%2F117686%2F5909284%2F%3Futm_source%3Dwhatsapp%26utm_medium%3Dsocial\"><\/a><a href=\"https:\/\/www.xing.com\/app\/user?op=share;url=https%3A%2F%2Fwww.presseportal.de%2Fblaulicht%2Fpm%2F117686%2F5909284%2F%3Futm_source%3Dxing%26utm_medium%3Dsocial\"><\/a><a href=\"http:\/\/www.linkedin.com\/shareArticle?mini=true&amp;url=https%3A%2F%2Fwww.presseportal.de%2Fblaulicht%2Fpm%2F117686%2F5909284%2F%3Futm_source%3Dlinkedin%26utm_medium%3Dsocial&amp;title=POL-PDLD%3A+Landau+-+Verkehrskontrollen+im+Dienstgebiet\"><\/a><a href=\"mailto:?subject=POL-PDLD%3A%20Landau%20-%20Verkehrskontrollen%20im%20Dienstgebiet&amp;body=https:\/\/www.presseportal.de\/blaulicht\/pm\/117686\/5909284\"><\/a>Am 14.11.2024 wurden durch Kr\u00e4fte der Polizeiinspektion Landau an verschiedenen Stellen im Dienstgebiet Verkehrskontrollen durchgef\u00fchrt. Insgesamt mussten 15 Fahrer beanzeigt werden, da sie w\u00e4hrend der Fahrt das Handy benutzten. Auf diese wird ein Bu\u00dfgeld in H\u00f6he von 100 Euro sowie ein Punkt in der Verkehrss\u00fcnderdatei zukommen. Acht Fahrzeugf\u00fchrer wurden geb\u00fchrenpflichtig verwarnt, da sie nicht angeschnallt waren. Weiterhin wurden 17 M\u00e4ngelberichte ausgestellt, da erforderliche Papiere nicht mitgef\u00fchrt wurden oder Fahrzeugm\u00e4ngel bestanden. Eine geb\u00fchrenpflichtige Verwarnung musste aufgrund mangelnder Ladungssicherung ausgesprochen werden. Hier durfte die Fahrt erst fortgesetzt werden, nachdem entsprechend nachgebessert wurde. In der Nacht wurde zudem ein 47-j\u00e4higer Leichtkraftrad-Fahrer in der Carl-Bosch-Stra\u00dfe in Landau kontrolliert. Es konnte festgestellt werden, dass die Auspuffanlage manipuliert und das Leichtkraftrad hierdurch deutlich zu laut war. Dies hat ein Erl\u00f6schen der Betriebserlaubnis zur Folge. Auf ihn wird ein Bu\u00dfgeldverfahren zukommen. Ebenfalls wurde die Zulassungsstelle informiert.<\/p>\n\n\n\n<h2 class=\"wp-block-heading\">(Edesheim) &#8211; Mit 2,86 Promille PKW gerammt<\/h2>\n\n\n\n<p>Um 19 Uhr rammte am Donnerstagabend (14.11.2024) in der Schlossstra\u00dfe eine 61 Jahre alte Fahrzeugf\u00fchrerin beim Ausparken einen PKW und machte sich aus zun\u00e4chst aus dem Staub. Bei der anschlie\u00dfenden Unfallaufnahme kam die Unfallverursacherin zum Unfallort zur\u00fcck. Im Gespr\u00e4ch mit den eingesetzten Beamten konnte bei der Frau eine erhebliche Alkoholfahne festgestellt werden. Ein durchgef\u00fchrter Schnelltest ergab 2,86 Promille. Sie musste eine Blutprobe und den F\u00fchrerschein abgeben. Ein Strafverfahren wurde eingeleitet.<\/p>\n\n\n\n<h2 class=\"wp-block-heading\">(K 6 \/ Edenkoben \/ Venningen) &#8211; Zugedr\u00f6hnt<\/h2>\n\n\n\n<p>Auf der K6 zwischen Venningen und Edenkoben kontrollierte die Polizei Donnerstagabend (14.11.2024, 21.40 Uhr) einen 22 Jahre alten Autofahrer. Schon bei der Ansprache stellten die Beamten ein erhebliches H\u00e4ndezittern und eine allgemeine Nervosit\u00e4t fest. Er gab an, dass er tags zuvor Cannabis geraucht hatte. Eine Blutprobe wurde angeordnet. Fahrzeugschl\u00fcssel und F\u00fchrerschein wurden einkassiert. Ein Strafverfahren wurde eingeleitet. In der Weinstra\u00dfe konnte am fr\u00fchen Morgen (15.11.2024, 1 Uhr) bei einem weiteren 23-j\u00e4hrigen Autofahrer &#8222;glasige&#8220; Augen sowie eine starke Allgemeinnervosit\u00e4t festgestellt werden. Ein Schnelltest erbrachte den Hinweis auf Cannabiskonsum. Auch er musste sein Fahrzeug stehen lassen und eine Blutprobe abgeben.<\/p>\n\n\n\n<h2 class=\"wp-block-heading\">(Edenkoben) &#8211; Verkehrsunfall mit Personenschaden<\/h2>\n\n\n\n<p>Am Donnerstagmorgen (14.11.2024, 09.30 Uhr) wollte ein 76 Jahre alter Fu\u00dfg\u00e4nger in der Weinstra\u00dfe die Fahrbahn \u00fcberqueren, als ihn eine 56 Jahre alte Autofahrerin \u00fcbersah und es zum Zusammensto\u00df kam. Aufgrund seiner Verletzungen musste der Mann in ein Krankenhaus gebracht werden. Im Bereich der Weinstra\u00dfe gilt Schrittgeschwindigkeit. Ob die Autofahrerin den Mann \u00fcbersah oder mit nicht angepasster Geschwindigkeit unterwegs war und ob der Fu\u00dfg\u00e4nger pl\u00f6tzlich vor das Fahrzeug lief, ist derzeit Gegenstand der polizeilichen Ermittlungen.<\/p>\n\n\n\n<h2 class=\"wp-block-heading\">(Neustadt) &#8211; Standkontrolle deckt Verst\u00f6\u00dfe auf<\/h2>\n\n\n\n<p>Am 15.11.2024 im Zeitraum von 11:30 Uhr bis 12:30 Uhr wurde eine Standkontrolle vor der hiesigen Dienststelle durchgef\u00fchrt. In diesem Zeitraum konnte ein 24- J\u00e4hriger mit einem Transporter und ein 25-J\u00e4hriger mit einem Miet-E-Scooter einer Verkehrskontrolle unterzogen werden. Beide Personen standen unter dem Einfluss von Cannabis, weshalb diese eine Blutprobe entnommen bekamen. Der Fahrzeugschl\u00fcssel des 24-J\u00e4hrigen wurde einem Bekannten ausgeh\u00e4ndigt. Auf diese kommt nun jeweils ein Ordnungswidrigkeitenverfahren zu. Zwei Fahrzeugf\u00fchrer waren des Weiteren ohne Sicherheitsgurt unterwegs. Zudem wurden diverse Fahrzeugf\u00fchrern eine Kontrollaufforderung ausgeh\u00e4ndigt. Diese m\u00fcssen nun bis zu einer bestimmten Frist die Beseitigung ihrer M\u00e4ngel bzw. die nicht mitgef\u00fchrten Gegenst\u00e4nde vorzeigen.<\/p>\n\n\n\n<h2 class=\"wp-block-heading\">(Ha\u00dfloch) &#8211; Rotlichtversto\u00df f\u00fchrt zu Strafanzeige<\/h2>\n\n\n\n<p>Am Abend des 15.11.2024 wurde die Streife auf einen Fahrradfahrer, der die Kreuzung Rotkreuzstra\u00dfe\/Kirchgasse in 67454 Ha\u00dfloch bei Rotlicht \u00fcberquerte, aufmerksam. Bei einer anschlie\u00dfenden Kontrolle war der Grund des Rotlichtversto\u00dfes schnell gefunden. Der 63 Jahre alte Ha\u00dflocher hatte deutlich dem Alkohol zugesprochen, was ein anschlie\u00dfend durchgef\u00fchrter Atemalkoholtest mit einem Wert von 2,09 Promille widerlegte. Aus diesem Grund wurde dem 63-J\u00e4hrigen eine Blutprobe in hiesiger Dienststelle entnommen und diesem die Weiterfahrt untersagt. Der Fahrradfahrer muss sich nun in einem Strafverfahren wegen Trunkenheit im Verkehr verantworten. Weiter wird die zust\u00e4ndige F\u00fchrerscheinstelle \u00fcber den Vorfall in Kenntnis gesetzt.<\/p>\n\n\n\n<h2 class=\"wp-block-heading\">(Friedelsheim) &#8211; Einbruch in Einfamilienhaus<\/h2>\n\n\n\n<p>Im Zeitraum vom 14.11.2024, 13:40 Uhr, bis 18:30 Uhr, kam es zu einem Einbruch in ein Einfamilienhaus Am Weingarten in Friedelsheim. Bislang unbekannte T\u00e4ter hebelten ein Fenster des Anwesens auf und versuchten einen Tresor aufzuflexen. Konkrete Angaben \u00fcber m\u00f6gliches Stehlgut liegen noch nicht vor. <\/p>\n\n\n\n<ul>\n<li><strong>Zeugen, welche im genannten Zeitraum verd\u00e4chtigte Personen oder Fahrzeuge wahrgenommen haben, werden gebeten sich mit der Polizeiinspektion Bad D\u00fcrkheim unter der Tel. 06322\/963-0 oder per E-Mail\u00a0<a href=\"mailto:%20pibadduerkheim@polizei.rlp.de\">pibadduerkheim@polizei.rlp.de<\/a>\u00a0in Verbindung zu setzen.<\/strong><\/li>\n<\/ul>\n\n\n\n<h2 class=\"wp-block-heading\">(Kallstadt) &#8211; Schulwegkontrolle<\/h2>\n\n\n\n<p>Am 14.11.2024 zwischen 15:45 Uhr und 16:30 Uhr wurde nach B\u00fcrgerbeschwerden in der Backhaushausstra\u00dfe in Kallstadt im Bereich der dortigen Schule eine Schulwegkontrolle durchgef\u00fchrt. Da die Ortsmitte aktuell aufgrund einer Baustelle gesperrt ist, soll die Backhausgasse vermehrt durch Verkehrsteilnehmer als Umleitung genutzt werden. Im Kontrollzeitraum passierten 30 Fahrzeuge die Kontrollstelle. Vor und w\u00e4hrend Anfahrt des Schulbusses kam es keinen besonderen Vorkommnissen, die Kinder konnten im Bereich des Parkplatzes problemlos in den Bus steigen. Eltern und Lehrer bedankten sich bei den Polizeibeamten f\u00fcr die Kontrollma\u00dfnahmen und die polizeiliche Pr\u00e4senz.<\/p>\n\n\n\n<h2 class=\"wp-block-heading\">(Freinsheim) &#8211; Einbruchsversuch in B\u00e4ckerei<\/h2>\n\n\n\n<p>Im Zeitraum vom 13.11.2024, 19:00 Uhr, bis 14.11.2024, 05:00 Uhr kam es Am Langenstein in Freinsheim zu einem Einbruchsversuch in eine dortige B\u00e4ckerei. Vor Ort konnte festgestellt werden, das bislang unbekannte T\u00e4ter versucht hatten, mit einem nicht bekannten Gegenstand einen Schachtventilator aufzuhebeln. Ins Geb\u00e4udeinnere konnten sie jedoch nicht gelangen. Es entstand ein Sachschaden von 400 Euro. <\/p>\n\n\n\n<ul>\n<li><strong>Zeugen, welche im genannten Zeitraum verd\u00e4chtigte Personen oder Fahrzeuge wahrgenommen haben, werden gebeten sich mit der Polizeiinspektion Bad D\u00fcrkheim unter der Tel. 06322\/963-0 oder per E-Mail\u00a0<a href=\"mailto:%20pibadduerkheim@polizei.rlp.de\">pibadduerkheim@polizei.rlp.de<\/a>\u00a0in Verbindung zu setzen.<\/strong><\/li>\n<\/ul>\n\n\n\n<h2 class=\"wp-block-heading\">(Gr\u00fcnstadt) &#8211; Geschwindigkeitskontrollen<a href=\"https:\/\/www.facebook.com\/sharer.php?u=https%3A%2F%2Fwww.presseportal.de%2Fblaulicht%2Fpm%2F117687%2F5909372%2F%3Futm_source%3Dfacebook%26utm_medium%3Dsocial\"><\/a><a href=\"https:\/\/twitter.com\/intent\/tweet?text=POL-PDNW%3A%20Geschwindigkeitskontrollen&amp;url=https%3A%2F%2Fwww.presseportal.de%2Fblaulicht%2Fpm%2F117687%2F5909372%2F%3Futm_source%3Dtwitter%26utm_medium%3Dsocial&amp;hashtags=ots&amp;lang=de\"><\/a><a href=\"https:\/\/web.whatsapp.com\/send?text=POL-PDNW%3A%20Geschwindigkeitskontrollen%0A%0Ahttps%3A%2F%2Fwww.presseportal.de%2Fblaulicht%2Fpm%2F117687%2F5909372%2F%3Futm_source%3Dwhatsapp%26utm_medium%3Dsocial\"><\/a><a href=\"https:\/\/www.xing.com\/app\/user?op=share;url=https%3A%2F%2Fwww.presseportal.de%2Fblaulicht%2Fpm%2F117687%2F5909372%2F%3Futm_source%3Dxing%26utm_medium%3Dsocial\"><\/a><a href=\"http:\/\/www.linkedin.com\/shareArticle?mini=true&amp;url=https%3A%2F%2Fwww.presseportal.de%2Fblaulicht%2Fpm%2F117687%2F5909372%2F%3Futm_source%3Dlinkedin%26utm_medium%3Dsocial&amp;title=POL-PDNW%3A+Geschwindigkeitskontrollen\"><\/a><a href=\"mailto:?subject=POL-PDNW%3A%20Geschwindigkeitskontrollen&amp;body=https:\/\/www.presseportal.de\/blaulicht\/pm\/117687\/5909372\"><\/a><\/h2>\n\n\n\n<p>Am Donnerstag, dem 14.11.2024, wurden in der Otto-Fliesen-Stra\u00dfe in Gr\u00fcnstadt im Zeitraum von 11:15 bis 13:05 Uhr Geschwindigkeitskontrollen durch die Polizei Gr\u00fcnstadt durchgef\u00fchrt. Beim \u00dcberwachen der dort zul\u00e4ssigen H\u00f6chstgeschwindigkeit von 30 km\/h konnten insgesamt 20 Geschwindigkeitsverst\u00f6\u00dfe festgestellt und geahndet werden. Die gemessene H\u00f6chstgeschwindigkeit war 54 km\/h abz\u00fcglich der Toleranz.<\/p>\n\n\n\n<h2 class=\"wp-block-heading\">(Gr\u00fcnstadt) &#8211; Diebstahl hochwertiger Felgen<\/h2>\n\n\n\n<p>Im Zeitraum vom 13.11.2024, 18:00 Uhr bis 14.11.2024, 08:00 Uhr wurden bei einem Autohaus in der Kirchheimer Stra\u00dfe in Gr\u00fcnstadt vier bereifte Felgen eines Audi RS3, welcher auf der \u00e4u\u00dferen Ausstellfl\u00e4che des Firmengel\u00e4ndes geparkt war, demontiert und entwendet. Der Schaden bel\u00e4uft sich auf 6.000 EUR. <\/p>\n\n\n\n<ul>\n<li><strong>Zeugen, die Hinweise zur Tat geben k\u00f6nnen oder verd\u00e4chtige Beobachtungen gemacht haben, werden gebeten, sich mit der Polizeiinspektion Gr\u00fcnstadt unter 06359 9312-0 oder per E-Mail unter\u00a0<a href=\"mailto:%20pigruenstadt@polizei.rlp.de\">pigruenstadt@polizei.rlp.de<\/a>\u00a0in Verbindung zu setzen.<\/strong><\/li>\n<\/ul>\n\n\n\n<h2 class=\"wp-block-heading\">(Kirchheim) &#8211; Lkw-Brand Maxi-Autohof<a href=\"https:\/\/www.facebook.com\/sharer.php?u=https%3A%2F%2Fwww.presseportal.de%2Fblaulicht%2Fpm%2F117687%2F5909935%2F%3Futm_source%3Dfacebook%26utm_medium%3Dsocial\"><\/a><a href=\"https:\/\/twitter.com\/intent\/tweet?text=POL-PDNW%3A%20Lkw-Brand%20Maxi-Autohof&amp;url=https%3A%2F%2Fwww.presseportal.de%2Fblaulicht%2Fpm%2F117687%2F5909935%2F%3Futm_source%3Dtwitter%26utm_medium%3Dsocial&amp;hashtags=ots&amp;lang=de\"><\/a><a href=\"https:\/\/web.whatsapp.com\/send?text=POL-PDNW%3A%20Lkw-Brand%20Maxi-Autohof%0A%0Ahttps%3A%2F%2Fwww.presseportal.de%2Fblaulicht%2Fpm%2F117687%2F5909935%2F%3Futm_source%3Dwhatsapp%26utm_medium%3Dsocial\"><\/a><a href=\"https:\/\/www.xing.com\/app\/user?op=share;url=https%3A%2F%2Fwww.presseportal.de%2Fblaulicht%2Fpm%2F117687%2F5909935%2F%3Futm_source%3Dxing%26utm_medium%3Dsocial\"><\/a><a href=\"http:\/\/www.linkedin.com\/shareArticle?mini=true&amp;url=https%3A%2F%2Fwww.presseportal.de%2Fblaulicht%2Fpm%2F117687%2F5909935%2F%3Futm_source%3Dlinkedin%26utm_medium%3Dsocial&amp;title=POL-PDNW%3A+Lkw-Brand+Maxi-Autohof\"><\/a><a href=\"mailto:?subject=POL-PDNW%3A%20Lkw-Brand%20Maxi-Autohof&amp;body=https:\/\/www.presseportal.de\/blaulicht\/pm\/117687\/5909935\"><\/a><\/h2>\n\n\n<div class=\"wp-block-image\">\n<figure class=\"aligncenter\"><a href=\"https:\/\/cache.pressmailing.net\/thumbnail\/story_hires\/40ea381d-b057-4b3c-8501-da9320ecc754\/Maxi.jpg.jpg\"><img decoding=\"async\" src=\"https:\/\/cache.pressmailing.net\/thumbnail\/story_big\/40ea381d-b057-4b3c-8501-da9320ecc754\/pol-pdnw-lkw-brand-maxi-autohof\" alt=\"POL-PDNW: Lkw-Brand Maxi-Autohof\"\/><\/a><\/figure><\/div>\n\n\n<p>Am 15.11.2024 gegen 20:30 Uhr kam es zu einem Brand eines auf dem Parkplatz des Maxi-Autohofes geparkten Lkws. Der Brand beschr\u00e4nkte sich auf den Motorraum des Lkws und konnte durch die Feuerwehr schnell gel\u00f6scht werden. Der Fahrer des Lkw befand sich zum Zeitpunkt des Brandausbruchs nicht in seinem Fahrzeug. Ausl\u00f6ser des Brandes d\u00fcrfte ein technischer Defekt der Standheizung gewesen sein. Durch den Brand wurden keine weiteren Lkw besch\u00e4digt. Personenschaden entstand nicht.<\/p>\n\n\n\n<h2 class=\"wp-block-heading\">(A 61 \/ Frankenthal) &#8211; Unfall auf der BAB 61<\/h2>\n\n\n\n<p>Am 15.11.2024 gegen 17:30 Uhr kam es auf der BAB61, in Fahrtrichtung Speyer, zwischen dem Autobahnkreuz Frankenthal und dem Autobahnkreuz Ludwigshafen, zu einem Verkehrsunfall mit f\u00fcnf beteiligten Fahrzeugen. Aufgrund von stockendem Verkehr musste ein 53-j\u00e4hriger Fahrzeugf\u00fchrer aus Tschechien seinen Transporter stark abbremsen. Die vier nachfolgenden Fahrzeuge, welche alle hintereinander den linken Fahrstreifen befuhren, konnten nicht rechtzeitig bremsen und fuhren jeweils auf das Heck des Vorrausfahrenden auf. Durch den Unfall wurden f\u00fcnf Personen leicht verletzt. Der Verkehr musste \u00fcber den Seitenstreifen geleitet werden, da alle beteiligten Fahrzeuge nicht mehr fahrbereit waren und abgeschleppt werden mussten. Hierbei kam es zu einem erheblichen R\u00fcckstau. Im Einsatz waren Rettungsdienst, Feuerwehr, die Autobahnmeisterei Ruchheim sowie die Polizeiautobahnstation Ruchheim.<\/p>\n\n\n\n<h2 class=\"wp-block-heading\">(Frankenthal) &#8211; Ladendieb in Gewahrsam genommen<\/h2>\n\n\n\n<p>Am Donnerstagmittag, den 14.11.2024, gegen 13:45Uhr, wurde der Polizei Frankenthal ein Ladendiebstahl in einem Supermarkt in der Eisenbahnstra\u00dfe in Frankenthal gemeldet. Der durch die Polizeibeamten dort angetroffene Dieb, ein 28-j\u00e4hriger Mann, entwendete mehrere Gegenst\u00e4nde des t\u00e4glichen Bedarfs. Nach der Anzeigenaufnahme verlie\u00df der Mann die \u00d6rtlichkeit. Etwa eine Stunde sp\u00e4ter schlug er wieder im gleichen Supermarkt auf. Die verst\u00e4ndigte Polizei erteilte ihm deshalb einen Platzverweis f\u00fcr das Supermarktgel\u00e4nde.<\/p>\n\n\n\n<p>Gegen 17:00Uhr wurde der 28-J\u00e4hrige in einem Gesch\u00e4ft in der Innenstadt erneut auff\u00e4llig. Er verhielt sich dort verd\u00e4chtig und erweckte den Mitarbeitern gegen\u00fcber den Eindruck, als w\u00fcrde ein erneuter Diebstahl unmittelbar bevorstehen. Aufgrund seines Verhaltens und dem zuvor begangenen Diebstahl erhielt der Mann einen Platzverweis f\u00fcr die Innenstadt. Diesem kam er trotz Aufforderung nicht nach. Er wurde deshalb durch die Polizei bis nach Ladenschluss der innerst\u00e4dtischen Gesch\u00e4fte in Gewahrsam genommen. Der Mann war stark alkoholisiert, ein Alkoholtest ergab einen Wert von 1,67Promille.<\/p>\n\n\n\n<h2 class=\"wp-block-heading\">(Ludwigshafen) &#8211; Fu\u00dfg\u00e4ngerin bei Unfall verletzt<\/h2>\n\n\n\n<p>Am Donnerstag (14.11.2024), gegen 15:50 Uhr, war ein 36-j\u00e4hriger Autofahrer auf der Fritz-Trambauer-Stra\u00dfe unterwegs und bog nach rechts in die B\u00fcrgermeister-Trupp-Stra\u00dfe ein. Hierbei missachtete er den Vorrang einer 45-j\u00e4hrigen Fu\u00dfg\u00e4ngerin, die die B\u00fcrgermeister-Trupp-Stra\u00dfe querte. Die Fu\u00dfg\u00e4ngerin st\u00fcrzte durch den Zusammensto\u00df und wurde leicht verletzt. Sie wurde mit vom Rettungsdienst in ein Krankenhaus gebracht.<\/p>\n\n\n\n<h2 class=\"wp-block-heading\">(Ludwigshafen) &#8211; Unfall an Kreuzung<\/h2>\n\n\n\n<p>Am Donnerstag (14.11.2024), gegen 15:30 Uhr, kam es an der Kreuzung der Sternstra\u00dfe mit der Hohenzollernstra\u00dfe zu einem Unfall zwischen einer 19-j\u00e4hrigen und einer 59-j\u00e4hrigen Autofahrerin. Die 59-J\u00e4hrige wurde leicht verletzt und durch den Rettungsdienst in ein Krankenhaus gebracht. Beide Fahrzeuge waren nicht mehr fahrbereit und wurden abgeschleppt. Es entstand Sachschaden in H\u00f6he von circa 18.000 Euro.<\/p>\n\n\n\n<h2 class=\"wp-block-heading\">(Ludwigshafen) &#8211; Fahrradfahrer bei Unfall verletzt<a href=\"https:\/\/www.facebook.com\/sharer.php?u=https%3A%2F%2Fwww.presseportal.de%2Fblaulicht%2Fpm%2F117696%2F5909238%2F%3Futm_source%3Dfacebook%26utm_medium%3Dsocial\"><\/a><a href=\"https:\/\/twitter.com\/intent\/tweet?text=POL-PPRP%3A%20Fahrradfahrer%20bei%20Unfall%20verletzt&amp;url=https%3A%2F%2Fwww.presseportal.de%2Fblaulicht%2Fpm%2F117696%2F5909238%2F%3Futm_source%3Dtwitter%26utm_medium%3Dsocial&amp;hashtags=ots&amp;lang=de\"><\/a><a href=\"https:\/\/web.whatsapp.com\/send?text=POL-PPRP%3A%20Fahrradfahrer%20bei%20Unfall%20verletzt%0A%0Ahttps%3A%2F%2Fwww.presseportal.de%2Fblaulicht%2Fpm%2F117696%2F5909238%2F%3Futm_source%3Dwhatsapp%26utm_medium%3Dsocial\"><\/a><a href=\"https:\/\/www.xing.com\/app\/user?op=share;url=https%3A%2F%2Fwww.presseportal.de%2Fblaulicht%2Fpm%2F117696%2F5909238%2F%3Futm_source%3Dxing%26utm_medium%3Dsocial\"><\/a><a href=\"http:\/\/www.linkedin.com\/shareArticle?mini=true&amp;url=https%3A%2F%2Fwww.presseportal.de%2Fblaulicht%2Fpm%2F117696%2F5909238%2F%3Futm_source%3Dlinkedin%26utm_medium%3Dsocial&amp;title=POL-PPRP%3A+Fahrradfahrer+bei+Unfall+verletzt\"><\/a><a href=\"mailto:?subject=POL-PPRP%3A%20Fahrradfahrer%20bei%20Unfall%20verletzt&amp;body=https:\/\/www.presseportal.de\/blaulicht\/pm\/117696\/5909238\"><\/a><\/h2>\n\n\n\n<p>Am Donnerstagmittag (14.11.2024, gegen 11:20 Uhr) wurde ein 56-j\u00e4hriger Radfahrer bei einem Unfall in der Berliner Stra\u00dfe leicht verletzt. Ein 41-j\u00e4hriger Autofahrer wollte in eine Einfahrt fahren und stie\u00df mit dem auf dem Radweg fahrenden 56-J\u00e4hrigen zusammen. Ein Krankenwagen wurde nicht ben\u00f6tigt. Durch den Unfall entstand ein Schaden in H\u00f6he von rund 1.300 Euro.<\/p>\n\n\n\n<h2 class=\"wp-block-heading\">(Ludwigshafen) &#8211; Auto gestohlen \/ Zeugen gesucht<\/h2>\n\n\n\n<p>Am Donnerstagmorgen (14.11.2024), gegen 05:00 Uhr, brachen Unbekannte einen in einer Garage in der Altstadtgasse abgestellten VW Golf auf. Nach ersten Ermittlungen fanden sie hierbei den Schl\u00fcssel eines weiteren, wei\u00dfen VW Golf auf und entwendeten das Auto, welches am Altstadtplatz abgestellt war. Anhand vorhandener Kameraaufnahmen d\u00fcrften die T\u00e4ter mit einem wei\u00dfen Transporter mit einem Firmenlogo unterwegs gewesen sein, welcher bereits gegen 17:20 Uhr am Altstadtplatz abgestellt wurde. Durch den Aufbruch und den Autodiebstahl entstand ein Schaden in H\u00f6he von rund 9.000 Euro.<\/p>\n\n\n\n<ul>\n<li><strong>Wer kann Hinweise auf den Transporter und die T\u00e4ter geben? Hinweise werden an die Polizeiwache Oggersheim unter Tel. 0621 963 &#8211; 24650 oder per E-Mail\u00a0<a href=\"mailto:%20pwoggersheim@polizei.rlp.de\">pwoggersheim@polizei.rlp.de<\/a>\u00a0erbeten.<\/strong><\/li>\n<\/ul>\n\n\n\n<h2 class=\"wp-block-heading\">(Mannheim) &#8211; Diebstahl von Motorroller \/ Zeugen und Eigent\u00fcmer gesucht<\/h2>\n\n\n\n<p>Ein aufmerksamer Zeuge meldete der Polizei am Donnerstag, dass er zwei m\u00e4nnliche Personen im jugendlichen Alter beobachtet hatte, die auf einem Roller der Marke Aprilla, Modell SR50 auf der Stra\u00dfe Karlsberger Weg\/Elbinger Weg unterwegs waren. Beim Erblicken einer Polizeistreife stellten sie das schwarz\/lila-farbige Zweirad auf einem Parkplatz ab und fl\u00fcchteten zu Fu\u00df in unbekannte Richtung.<\/p>\n\n\n\n<ul>\n<li><strong>Zu welchem Zeitpunkt und an welchem Ort der Roller entwendet wurde, ist bislang noch nicht bekannt. Der Polizeiposten Sch\u00f6nau hat die Ermittlungen aufgenommen und sucht sowohl den Eigent\u00fcmer des Zweirades, als auch Zeugen, die Hinweise zur Tat und\/oder den bislang unbekannten T\u00e4tern mitteilen k\u00f6nnen. Diese werden gebeten sich unter der Telefonnummer 0621\/77323-0 zu melden.<\/strong><\/li>\n<\/ul>\n\n\n\n<h2 class=\"wp-block-heading\">(Mannheim) &#8211; Unbekannter t\u00e4uscht Senioren und bestiehlt ihn \/ Polizei sucht Zeugen<\/h2>\n\n\n<div class=\"wp-block-image\">\n<figure class=\"aligncenter size-full\"><img decoding=\"async\" loading=\"lazy\" width=\"801\" height=\"600\" src=\"https:\/\/speyer24news.com\/wp-content\/uploads\/2020\/05\/Zeugen-gesucht-Neutral.jpg\" alt=\"\" class=\"wp-image-26598\" srcset=\"https:\/\/speyer24news.com\/wp-content\/uploads\/2020\/05\/Zeugen-gesucht-Neutral.jpg 801w, https:\/\/speyer24news.com\/wp-content\/uploads\/2020\/05\/Zeugen-gesucht-Neutral-300x225.jpg 300w, https:\/\/speyer24news.com\/wp-content\/uploads\/2020\/05\/Zeugen-gesucht-Neutral-768x575.jpg 768w, https:\/\/speyer24news.com\/wp-content\/uploads\/2020\/05\/Zeugen-gesucht-Neutral-678x509.jpg 678w, https:\/\/speyer24news.com\/wp-content\/uploads\/2020\/05\/Zeugen-gesucht-Neutral-326x245.jpg 326w, https:\/\/speyer24news.com\/wp-content\/uploads\/2020\/05\/Zeugen-gesucht-Neutral-80x60.jpg 80w\" sizes=\"(max-width: 801px) 100vw, 801px\" \/><\/figure><\/div>\n\n\n<p>Am Donnerstag wurde gegen 11:30 Uhr ein 81-J\u00e4hriger in einer Tiefgarage im Quadrat N 1 durch einen Unbekannten angesprochen. Der Mann fragte, ob man ihm ein 2-Euro-St\u00fcck wechseln k\u00f6nne. Der hilfsbereite Senior begann seinen Geldbeutel nach Kleingeld zu durchsuchen. Der Unbekannte griff ebenfalls an den Geldbeutel, angeblich um dem \u00e4lteren Mann bei der Suche nach den M\u00fcnzen zu helfen. Danach verabschiedete sich der Unbekannte und lief weiter. Kurze Zeit sp\u00e4ter musste der Senior feststellen, dass der Mann ihm mehrere Geldscheine aus dem Geldbeutel gestohlen hatte. <\/p>\n\n\n\n<h4 class=\"wp-block-heading\">Der T\u00e4ter wird beschrieben, als:<\/h4>\n\n\n\n<ul>\n<li><strong>ungef\u00e4hr 40 Jahre alt <\/strong><\/li>\n\n\n\n<li><strong>ungef\u00e4hr 175 cm gro\u00df <\/strong><\/li>\n\n\n\n<li><strong>Er hatte eine st\u00e4mmige Figur<\/strong><\/li>\n\n\n\n<li><strong>ein rundes Gesicht <\/strong><\/li>\n\n\n\n<li><strong>kurze schwarze Haare, die an den Seiten ausrasiert waren<\/strong><\/li>\n\n\n\n<li><strong>Er sprach Deutsch mit einem leichten Akzent <\/strong><\/li>\n\n\n\n<li>W<strong>ar komplett schwarz gekleidet<\/strong><\/li>\n\n\n\n<li><strong>Vom \u00e4u\u00dferen Erscheinungsbild entsprach er einem s\u00fcdeurop\u00e4ischen Ph\u00e4notyp. <\/strong><\/li>\n<\/ul>\n\n\n\n<ul>\n<li><strong>Der Polizeiposten Mannheim-Waldhof \u00fcbernahm die weiteren Ermittlungen. Zeugen, die sachdienliche Hinweise geben k\u00f6nnen, werden gebeten, sich dort unter der Telefonnummer 0621\/ 76254-0 zu melden.<\/strong><\/li>\n<\/ul>\n\n\n\n<h2 class=\"wp-block-heading\">(Heidelberg) &#8211; Taxifahrer missachtet Stopp-Schild und verursacht Unfall<\/h2>\n\n\n\n<p>Am Donnerstag missachtete um kurz vor 13:30 Uhr ein 65-j\u00e4hriger Taxifahrer das Stopp-Schild an der Kreuzung der Adlerstra\u00dfe zum Dammweg. Dadurch nahm er einer von rechts in die Kreuzung einfahrenden 77-j\u00e4hrigen Radfahrerin die Vorfahrt. Durch die Kollision der beiden Fahrzeuge st\u00fcrzte die Seniorin zu Boden und verletzte sich leicht. Eine sofortige Behandlung in einem Krankenhaus war gl\u00fccklicherweise nicht n\u00f6tig. Der Gesamtsachschaden an Taxi und Fahrrad bel\u00e4uft sich auf knapp 2.500 Euro. Der Unfallverursacher muss sich nun unter anderem wegen fahrl\u00e4ssiger K\u00f6rperverletzung verantworten.<\/p>\n\n\n\n<h2 class=\"wp-block-heading\">(Heidelberg) &#8211; Unfall mit knapp 30.000 Euro Sachschaden<\/h2>\n\n\n\n<p>Am Donnerstag fuhr ein 24-j\u00e4hriger Autofahrer mit seinem VW entlang der Schlierbacher Landstra\u00dfe in Richtung Altstadt, als er an einer Einm\u00fcndung H\u00f6he Bahnhof an einer gelb zeigenden Ampel abbremste um zu halten. Ein dahinterfahrender LKW-Fahrer im Alter von 31 Jahren konnte trotz einer eingeleiteten Bremsung einen Zusammensto\u00df der beiden Fahrzeuge nicht mehr verhindern.<\/p>\n\n\n\n<p>Durch den Auffahrunfall wurde der 24-J\u00e4hrige leicht verletzt und konnte nach einer ambulanten Behandlung wieder entlassen werden. Beide Fahrzeuge waren weiterhin fahrbereit, es entstand jedoch ein Gesamtsachschaden in H\u00f6he von knapp 30.000 Euro. Der Fahrer des Scania blieb unverletzt.<\/p>\n\n\n\n<h2 class=\"wp-block-heading\">(K 4250 \/ Hockenheim \/ Rhein-Neckar-Kreis) &#8211; Bei schlechter Sicht \u00fcberholt \/ Unfall!<\/h2>\n\n\n\n<p>Am Donnerstagmittag gegen 13 Uhr \u00fcberholte ein 60-j\u00e4hriger Renault-Fahrer auf der K4250 in Fahrtrichtung Ketsch einen Traktor mit Anh\u00e4ngergespann. W\u00e4hrend des \u00dcberholvorgangs bog eine vor dem Traktor fahrende 60-j\u00e4hrige Frau in ihrem Dacia auf einen Feldweg ab. Hierbei kam es zur Kollision zwischen dem Renault und dem Dacia, wodurch ein Schaden von rund 20.000 Euro entstand. Die Dacia-Fahrerin wurde mit leichten Verletzungen in ein Krankenhaus gebracht. Aufgrund ausgetretener Betriebsfl\u00fcssigkeiten musste die Fahrbahn durch eine Spezialfirma gereinigt werden.<\/p>\n\n\n\n<h2 class=\"wp-block-heading\">(A 6 \/ Rauenberg \/ Rhein-Neckar-Kreis) &#8211; Unfall auf der Autobahn mit 100.000 Euro Schaden<\/h2>\n\n\n<div class=\"wp-block-image\">\n<figure class=\"aligncenter size-full\"><img decoding=\"async\" loading=\"lazy\" width=\"800\" height=\"600\" src=\"https:\/\/speyer24news.com\/wp-content\/uploads\/2021\/06\/Unfall-Polizei.jpg\" alt=\"\" class=\"wp-image-38279\" srcset=\"https:\/\/speyer24news.com\/wp-content\/uploads\/2021\/06\/Unfall-Polizei.jpg 800w, https:\/\/speyer24news.com\/wp-content\/uploads\/2021\/06\/Unfall-Polizei-300x225.jpg 300w, https:\/\/speyer24news.com\/wp-content\/uploads\/2021\/06\/Unfall-Polizei-768x576.jpg 768w, https:\/\/speyer24news.com\/wp-content\/uploads\/2021\/06\/Unfall-Polizei-678x509.jpg 678w, https:\/\/speyer24news.com\/wp-content\/uploads\/2021\/06\/Unfall-Polizei-326x245.jpg 326w, https:\/\/speyer24news.com\/wp-content\/uploads\/2021\/06\/Unfall-Polizei-80x60.jpg 80w\" sizes=\"(max-width: 800px) 100vw, 800px\" \/><\/figure><\/div>\n\n\n<p>Nach einem Auffahrunfall auf der BAB 6 bei Rauenberg am Donnerstagmorgen gegen 7.15 Uhr entstand rund 100.000 Euro Sachschaden. Alle Unfallbeteiligten waren auf dem linken Fahrstreifen in Richtung Mannheim unterwegs. Zwei Fahrzeuge mussten verkehrsbedingt bremsen. Dies \u00fcbersah eine 20-j\u00e4hrige Mercedes-Fahrerin und fuhr auf ihren Vordermann auf. Ein nachfolgender Skoda-Fahrer bemerkte den Unfall ebenfalls zu sp\u00e4t und fuhr auf den Mercedes auf, wobei durch die Wucht des Aufpralls die beiden bereits verunfallten Fahrzeuge auf ein weiteres Fahrzeug geschoben wurden. Die 20-j\u00e4hrige Mercedes-Fahrerin erlitt leichte Verletzungen, w\u00e4hrend die anderen Unfallbeteiligten mit einem Schrecken davonkamen. Der linke Fahrstreifen war bis kurz nach 8:30 Uhr zur Unfallaufnahme gesperrt.<\/p>\n\n\n\n<h2 class=\"wp-block-heading\">(B 292 \/ Waibstadt \/ Rhein-Neckar-Kreis) &#8211; Unfall mit mehreren Fahrzeugen \/ B 292 voll gesperrt<\/h2>\n\n\n\n<p>Nach einem Unfall mit mehreren beteiligten Fahrzeugen ist die B 292 auf der H\u00f6he von Waibstadt derzeit voll gesperrt. Zu Unfallhergang und -ausma\u00df liegen noch keine gesicherten Informationen vor. Polizei und Rettungskr\u00e4fte sind mit einem gr\u00f6\u00dferen Aufgebot vor Ort. (<em>15.11.2024 \u2013 17:56<\/em>)<\/p>\n\n\n\n<h3 class=\"wp-block-heading has-text-align-center\">Pressemeldung Nr. 2<\/h3>\n\n\n\n<p>Am Freitagnachmittag den 15.11.2024, gegen 17.40 Uhr, befuhr nach derzeitigem Ermittlungsstand ein 24-J\u00e4hriger mit seinem Audi die B 292 von Neckarbischofsheim kommend in Richtung Waibstadt. Hier \u00fcbersah er das Stauende eines sich an der Ampelanlage der B 292 \/ L 549 gebildeten R\u00fcckstaus und fuhr einem dort stehenden Honda Kleinkraftrad eines 17-J\u00e4hrigen ins Heck. Dadurch wurde das Kleinkraftrad auf den davorstehenden VW einer 52-J\u00e4hrigen geschoben und der 17-J\u00e4hrige auf diesen geschleudert. In der weiteren Folge kollidierte der Audi noch mit dem VW, geriet in den Gegenverkehr, und stie\u00df frontal mit einem entgegenkommenden weiteren VW einer 34-J\u00e4hrigen zusammen. Durch diese Kollision wurden der Audi nach links und der VW nach rechts jeweils in eine abfallende B\u00f6schung abgewiesen, wo beide zu Stehen kamen. W\u00e4hrend die 52-j\u00e4hrige VW-Fahrerin unverletzt blieb erlitten der 24-j\u00e4hrige Unfallverursacher, die 34-j\u00e4hrige VW-Fahrerin und deren 5-j\u00e4hrige Beifahrerin leichtere Verletzungen. Der 17-J\u00e4hrige Honda Fahrer wurde schwer, jedoch nicht lebensgef\u00e4hrlich, verletzt. Alle Verletzten wurden zur weiteren medizinischen Versorgung in umliegende Krankenh\u00e4user verbracht. Der entstandene Sachschaden an den beteiligten Fahrzeugen wird auf insgesamt ca. 38 000,- Euro gesch\u00e4tzt. Die Freiwillige Feuerwehr Waibstadt war bei den Bergungs-, Reinigungs- und Absperrma\u00dfnahmen mit 12 Mann im Einsatz. F\u00fcr diesen Zeitraum war die B 292 bis 22.40 Uhr gesperrt. Eine \u00f6rtliche Umleitung war eingerichtet. Der Verkehrsdienst Heidelberg hat die Ermittlungen aufgenommen.<\/p>\n\n\n\n<h2 class=\"wp-block-heading\">(B 37 \/ Neckargem\u00fcnd \/ Rhein-Neckar-Kreis) &#8211; Fahrzeugbrand auf der B 37<\/h2>\n\n\n\n<p>Derzeit ist ein Fahrzeug auf der B 37 \/ Uferstra\u00dfe in Neckargem\u00fcnd in Brand geraten. Das Feuer griff schnell auf eine Hecke \u00fcber. Aufgrund der L\u00f6scharbeiten ist die B 37 derzeit voll gesperrt. Feuerwehr und Polizei sind noch im Einsatz. (<em>15.11.2024 \u2013 17:49<\/em>)<\/p>\n\n\n\n<h3 class=\"wp-block-heading has-text-align-center\">Pressemeldung Nr. 2<\/h3>\n\n\n\n<p>Am Freitagnachmittag den 15.11.2024, gegen 17.30 Uhr, befuhr eine 18-j\u00e4hrige Daimler Benz Fahrerin mit ihrem Pkw die Neckargem\u00fcnder Stra\u00dfe. W\u00e4hrend der Fahrt stellte sie einen Brandausbruch an ihrem Pkw fest. Der Fahrzeuglenkerin gelang es noch das Fahrzeug am Stra\u00dfenrand abzustellen und sich in Sicherheit zu bringen. Durch die Freiwillige Feuerwehr Neckargem\u00fcnd, die mit 16 Mannheim im Einsatz war, konnte der mittlerweile entstandene Vollbrand schnell unter Kontrolle gebracht und gel\u00f6scht werden. Verletzte waren nicht zu verzeichnen. Durch das Brandgeschehen wurde eine angrenzende Hecke in Mitleidenschaft gezogen. Am Pkw der 18-J\u00e4hrigen entstand ein Totalschaden in H\u00f6he von ca. 5000,- Euro. Die Neckargem\u00fcnder Stra\u00dfe musste f\u00fcr die Dauer der Bergungs- und Reinigungsma\u00dfnahmen bis ca. 20.30 Uhr gesperrt werden. Eine \u00f6rtliche Umleitung wurde eingerichtet.<\/p>\n","protected":false},"excerpt":{"rendered":"<div class=\"mh-excerpt\"><p>Polizeimeldungen vom Freitag (15.11.2024) (Speyer) &#8211; K\u00f6rperverletzung durch Pfefferspray Am sp\u00e4ten Donnerstagnachmittag gegen 17:45 Uhr ist der Polizei in der Ro\u00dfmarktstra\u00dfe eine Auseinandersetzung zwischen mehreren Personen gemeldet worden. Vor Ort hat die Polizei vier M\u00e4nner <a class=\"mh-excerpt-more\" href=\"https:\/\/speyer24news.com\/?p=60017\" title=\"Polizeimeldungen Freitag (15.11.24)\">[&#8230;]<\/a><\/p>\n<\/div>","protected":false},"author":3,"featured_media":26162,"comment_status":"open","ping_status":"open","sticky":false,"template":"","format":"standard","meta":{"_monsterinsights_skip_tracking":false,"_monsterinsights_sitenote_active":false,"_monsterinsights_sitenote_note":"","_monsterinsights_sitenote_category":0,"footnotes":""},"categories":[15659],"tags":[7273,7243,7244,10926,3614,350,15084,15267,14538,18288,15361,61,2555,14113,6955,6986,6263,63,105,11150,6987,53,13540,16956,18099,17274,4683,14958,9154,17275,17040,11592,14705,102,13626,213,14325,14324,13553,13541,16955,2625,380],"aioseo_notices":[],"amp_enabled":true,"_links":{"self":[{"href":"https:\/\/speyer24news.com\/index.php?rest_route=\/wp\/v2\/posts\/60017"}],"collection":[{"href":"https:\/\/speyer24news.com\/index.php?rest_route=\/wp\/v2\/posts"}],"about":[{"href":"https:\/\/speyer24news.com\/index.php?rest_route=\/wp\/v2\/types\/post"}],"author":[{"embeddable":true,"href":"https:\/\/speyer24news.com\/index.php?rest_route=\/wp\/v2\/users\/3"}],"replies":[{"embeddable":true,"href":"https:\/\/speyer24news.com\/index.php?rest_route=%2Fwp%2Fv2%2Fcomments&post=60017"}],"version-history":[{"count":1,"href":"https:\/\/speyer24news.com\/index.php?rest_route=\/wp\/v2\/posts\/60017\/revisions"}],"predecessor-version":[{"id":60020,"href":"https:\/\/speyer24news.com\/index.php?rest_route=\/wp\/v2\/posts\/60017\/revisions\/60020"}],"wp:featuredmedia":[{"embeddable":true,"href":"https:\/\/speyer24news.com\/index.php?rest_route=\/wp\/v2\/media\/26162"}],"wp:attachment":[{"href":"https:\/\/speyer24news.com\/index.php?rest_route=%2Fwp%2Fv2%2Fmedia&parent=60017"}],"wp:term":[{"taxonomy":"category","embeddable":true,"href":"https:\/\/speyer24news.com\/index.php?rest_route=%2Fwp%2Fv2%2Fcategories&post=60017"},{"taxonomy":"post_tag","embeddable":true,"href":"https:\/\/speyer24news.com\/index.php?rest_route=%2Fwp%2Fv2%2Ftags&post=60017"}],"curies":[{"name":"wp","href":"https:\/\/api.w.org\/{rel}","templated":true}]}}