{"id":60027,"date":"2024-11-16T12:44:08","date_gmt":"2024-11-16T11:44:08","guid":{"rendered":"https:\/\/speyer24news.com\/?p=60027"},"modified":"2024-11-16T13:34:33","modified_gmt":"2024-11-16T12:34:33","slug":"stadtnotizen-verkehrsnotizen-speyer-48","status":"publish","type":"post","link":"https:\/\/speyer24news.com\/?p=60027","title":{"rendered":"Stadtnotizen &amp; Verkehrsnotizen Speyer"},"content":{"rendered":"<style type=\"text\/css\">\r\n\t.ads_top_disp{}\r\n\t.ads_top_corner_disp{ float:left; margin:0px 10px 10px 0px; }\r\n\t.ads_first_p_disp{}\r\n\t.ads_bottom_disp{}\r\n\t<\/style>\n<h1 class=\"wp-block-heading has-text-align-center\">Stadtnotizen<\/h1>\n\n\n<div class=\"wp-block-image\">\n<figure class=\"aligncenter\"><img decoding=\"async\" loading=\"lazy\" width=\"800\" height=\"600\" src=\"https:\/\/speyer24news.com\/wp-content\/uploads\/2020\/01\/Speyer-Stadtnachrichten-2.jpg\" alt=\"\" class=\"wp-image-23901\" srcset=\"https:\/\/speyer24news.com\/wp-content\/uploads\/2020\/01\/Speyer-Stadtnachrichten-2.jpg 800w, https:\/\/speyer24news.com\/wp-content\/uploads\/2020\/01\/Speyer-Stadtnachrichten-2-300x225.jpg 300w, https:\/\/speyer24news.com\/wp-content\/uploads\/2020\/01\/Speyer-Stadtnachrichten-2-768x576.jpg 768w, https:\/\/speyer24news.com\/wp-content\/uploads\/2020\/01\/Speyer-Stadtnachrichten-2-678x509.jpg 678w, https:\/\/speyer24news.com\/wp-content\/uploads\/2020\/01\/Speyer-Stadtnachrichten-2-326x245.jpg 326w, https:\/\/speyer24news.com\/wp-content\/uploads\/2020\/01\/Speyer-Stadtnachrichten-2-80x60.jpg 80w\" sizes=\"(max-width: 800px) 100vw, 800px\" \/><\/figure><\/div>\n\n\n<h2 class=\"wp-block-heading\">Neuwahl des Vorstandes des BGF Netzwerks Speyer: Kathrin Hammer und Michael Hemmerich \u00fcbernehmen F\u00fchrung<\/h2>\n\n\n<div class=\"wp-block-image\">\n<figure class=\"aligncenter size-large\"><img decoding=\"async\" loading=\"lazy\" width=\"1024\" height=\"615\" src=\"https:\/\/speyer24news.com\/wp-content\/uploads\/2024\/11\/Netzwerk_Betriebliche_Gesundheitsfoerderung-1024x615.jpg\" alt=\"\" class=\"wp-image-60028\" srcset=\"https:\/\/speyer24news.com\/wp-content\/uploads\/2024\/11\/Netzwerk_Betriebliche_Gesundheitsfoerderung-1024x615.jpg 1024w, https:\/\/speyer24news.com\/wp-content\/uploads\/2024\/11\/Netzwerk_Betriebliche_Gesundheitsfoerderung-300x180.jpg 300w, https:\/\/speyer24news.com\/wp-content\/uploads\/2024\/11\/Netzwerk_Betriebliche_Gesundheitsfoerderung-768x461.jpg 768w, https:\/\/speyer24news.com\/wp-content\/uploads\/2024\/11\/Netzwerk_Betriebliche_Gesundheitsfoerderung.jpg 1200w\" sizes=\"(max-width: 1024px) 100vw, 1024px\" \/><figcaption class=\"wp-element-caption\"><em>v.l.: <\/em>Kathrin Hammer, Ina Heck, Angelika Karl-Ullmer, Michael Hemmerich, Viktor M\u00e4rz, J\u00fcrgen Isensee, Maximilian Renna<br><em>Foto: \u00a9 Stadt Speyer<\/em><\/figcaption><\/figure><\/div>\n\n\n<p>Im Rahmen der j\u00fcngsten Mitgliederversammlung des BGF Netzwerks Speyer am 6. November 2024 wurde ein neuer Vorstand gew\u00e4hlt und der Wechsel am 15. November 2024 vollzogen. &nbsp;&nbsp;&nbsp;&nbsp;&nbsp;&nbsp;&nbsp;<br>Kathrin Hammer von der Stadtverwaltung Speyer und Michael Hemmerich von den Diakonissen Speyer \u00fcbernehmen ab sofort die Leitung des Netzwerks.<br>Mit ihrem Engagement m\u00f6chten sie das Motto \u201eGemeinsam mehr erreichen\u201c weiter mit Leben f\u00fcllen und die Zusammenarbeit der verschiedenen Beh\u00f6rden und Unternehmen im Bereich der Betrieblichen Gesundheitsf\u00f6rderung (BGF) in Speyer weiter st\u00e4rken.<\/p>\n\n\n\n<p>Des Weiteren wurde Ina Heck, Stadtverwaltung Speyer, neu zur Schriftf\u00fchrerin und Maximilian Renna von der Evangelische Kirche der Pfalz neu zum Beisitzer gew\u00e4hlt. Viktor M\u00e4rz, LUFA Speyer, wurde als Schatzmeister im Amt best\u00e4tigt.<\/p>\n\n\n\n<p>Das Netzwerk Betriebliche Gesundheitsf\u00f6rderung Speyer geht auf die Initiative der damaligen Kreis- und Stadtsparkasse Speyer, der Deutschen Rentenversicherung Rheinland-Pfalz, der Stadtverwaltung Speyer sowie den Stadtwerken Speyer zur\u00fcck und&nbsp;vereint&nbsp;unterschiedliche Institutionen und Firmen der Region, die sich gemeinsam daf\u00fcr einsetzen, die Gesundheitsf\u00f6rderung am Arbeitsplatz aktiv zu gestalten und zu f\u00f6rdern.<br>Der Zusammenschluss schafft eine Plattform f\u00fcr den Austausch von Erfahrungen und Ideen, die gemeinsam zu einem gesunden Arbeitsumfeld in Speyer beitragen.<\/p>\n\n\n\n<p>Ein besonderer Dank des neuen Vorstandes geht an die bisherige stellvertretende Vorsitzende Angelika Karl-Ullmer von der Stadtverwaltung Speyer: \u201eWir danken Angelika Karl-Ullmer herzlich f\u00fcr ihre langj\u00e4hrige Unterst\u00fctzung und ihr gro\u00dfes Engagement f\u00fcr die Ziele unseres Netzwerks. Sie hat sich mit Herzblut eingebracht und damit wertvolle Impulse f\u00fcr die Gesundheitsf\u00f6rderung in Speyer gesetzt.\u201c<\/p>\n\n\n\n<p>Ebenso dankten Kathrin Hammer und Michael Hemmerich Nicole Rosenkranz, von der Heydt Speyer, und J\u00fcrgen Isensee vom Landesbetrieb Mobilit\u00e4t, die als Beisitzerin beziehungsweise Schriftf\u00fchrer nicht mehr kandidierten, f\u00fcr Ihren Einsatz.<\/p>\n\n\n\n<p>Der neue Vorstand ist fest entschlossen, die bestehende Zusammenarbeit der regionalen Partner weiter auszubauen und neue Initiativen auf den Weg zu bringen.<br>\u201eUnser Ziel ist es, die Gesundheitsf\u00f6rderung in Speyer auf ein neues Level zu heben und gemeinsam mit allen Partnern die besten Voraussetzungen f\u00fcr gesunde und zufriedene Mitarbeitende zu schaffen,\u201c betonen Kathrin Hammer und Michael Hemmerich.<\/p>\n\n\n\n<p>Das BGF Netzwerk Speyer blickt motiviert in die Zukunft und l\u00e4dt alle interessierten Beh\u00f6rden und Firmen dazu ein, Teil des Netzwerks zu werden und sich f\u00fcr das gemeinsame Ziel eines ges\u00fcnderen Arbeitsumfelds einzusetzen.<\/p>\n\n\n\n<h4 class=\"wp-block-heading\">Kontakt f\u00fcr R\u00fcckfragen:<\/h4>\n\n\n\n<p><strong>BGF Netzwerk Speyer<\/strong><\/p>\n\n\n\n<p><strong>Kathrin Hammer 1. Vorsitzende<\/strong><\/p>\n\n\n\n<p><a href=\"mailto:kathrin.hammer@stadt-speyer.de\" target=\"_blank\" rel=\"noreferrer noopener\"><strong>kathrin.hammer@stadt-speyer.de<\/strong><\/a><\/p>\n\n\n\n<h4 class=\"wp-block-heading\"><em>Weitere Informationen zum BGF Netzwerk Speyer sind unter&nbsp;<a href=\"https:\/\/deref-web.de\/mail\/client\/5Mh0MYq37bg\/dereferrer\/?redirectUrl=http%3A%2F%2Fwww.speyer.de%2Fde%2Ffamilie-und-soziales%2Fgesundheit%2Fnetzwerk-betriebliche-gesundheitsfoerderung-speyer-e-v\" target=\"_blank\" rel=\"noreferrer noopener\">www.speyer.de\/de\/familie-und-soziales\/gesundheit\/netzwerk-betriebliche-gesundheitsfoerderung-speyer-e-v<\/a>&nbsp;abrufbar.<\/em><\/h4>\n\n\n\n<p><em>Text: Stadt Speyer und Diakonissen Speyer Foto: \u00a9 Stadt Speyer<br>15.11.2024<\/em><\/p>\n\n\n\n<h2 class=\"wp-block-heading\">VRNruftaxi f\u00fcr Speyer: Flexibler \u00d6PNV auf Bestellung&nbsp;\u2013&nbsp;Bequeme Fahrt zu Buspreisen<\/h2>\n\n\n<div class=\"wp-block-image\">\n<figure class=\"aligncenter size-full\"><img decoding=\"async\" loading=\"lazy\" width=\"800\" height=\"600\" src=\"https:\/\/speyer24news.com\/wp-content\/uploads\/2024\/11\/39-24-Neues-VRNruftaxi-fuer-Speyer.jpg\" alt=\"\" class=\"wp-image-60029\" srcset=\"https:\/\/speyer24news.com\/wp-content\/uploads\/2024\/11\/39-24-Neues-VRNruftaxi-fuer-Speyer.jpg 800w, https:\/\/speyer24news.com\/wp-content\/uploads\/2024\/11\/39-24-Neues-VRNruftaxi-fuer-Speyer-300x225.jpg 300w, https:\/\/speyer24news.com\/wp-content\/uploads\/2024\/11\/39-24-Neues-VRNruftaxi-fuer-Speyer-768x576.jpg 768w, https:\/\/speyer24news.com\/wp-content\/uploads\/2024\/11\/39-24-Neues-VRNruftaxi-fuer-Speyer-678x509.jpg 678w, https:\/\/speyer24news.com\/wp-content\/uploads\/2024\/11\/39-24-Neues-VRNruftaxi-fuer-Speyer-326x245.jpg 326w, https:\/\/speyer24news.com\/wp-content\/uploads\/2024\/11\/39-24-Neues-VRNruftaxi-fuer-Speyer-80x60.jpg 80w\" sizes=\"(max-width: 800px) 100vw, 800px\" \/><figcaption class=\"wp-element-caption\">Ab dem 1. Dezember 2024 wird das VRNruftaxi das bisherige AST-Angebot ersetzen und eine neue M\u00f6glichkeit f\u00fcr Fahrg\u00e4ste in Speyer bieten, den \u00d6PNV flexibler zu nutzen.<br><em>Foto: \u00a9 VRN<\/em><\/figcaption><\/figure><\/div>\n\n\n<p>Die Stadt Speyer und der Verkehrsverbund Rhein-Neckar (VRN) erweitern das Mobilit\u00e4tsangebot in der Brezelstadt: Ab dem 1. Dezember 2024 erm\u00f6glicht das neue VRNruftaxi eine noch flexiblere Nutzung des \u00f6ffentlichen Nahverkehrs.<\/p>\n\n\n\n<p>Dank eines dichten Netzes und eines anpassbaren Fahrplans kann das VRNruftaxi genau dort eingesetzt werden, wo der regul\u00e4re Busverkehr nicht verf\u00fcgbar ist.<\/p>\n\n\n\n<p>\u201eMit dem neuen VRNruftaxi k\u00f6nnen wir Mobilit\u00e4tsl\u00fccken schlie\u00dfen und insbesondere f\u00fcr Randzeiten eine verl\u00e4ssliche Verbindung schaffen. Das st\u00e4rkt nicht nur den \u00d6PNV in Speyer, sondern bietet den B\u00fcrgerinnen und B\u00fcrgern eine neue M\u00f6glichkeit, unabh\u00e4ngig von festen Fahrpl\u00e4nen mobil zu sein\u201c, erkl\u00e4rt Stefanie Seiler, Oberb\u00fcrgermeisterin der Stadt Speyer.<\/p>\n\n\n\n<p>Dr. Michael Winnes, Gesch\u00e4ftsf\u00fchrer der VRN GmbH, erg\u00e4nzt: \u201eMit dem VRNruftaxi rollen wir in Speyer ein neues, bedarfsorientiertes Angebot aus, das den Nahverkehr vor Ort sinnvoll erg\u00e4nzt. Wir sehen darin einen wichtigen Schritt, um den \u00d6PNV flexibler zu gestalten und die Attraktivit\u00e4t des \u00f6ffentlichen Nahverkehrs zu erh\u00f6hen.\u201c<\/p>\n\n\n\n<h4 class=\"wp-block-heading\">Flexibel anpassbar an die Bed\u00fcrfniss der Fahrg\u00e4ste<\/h4>\n\n\n\n<p>Das VRNruftaxi wird das bisherige AST-Angebot (Anruf-Sammel-Taxi) in Speyer ersetzen und als Erweiterung des neuen Stadtbuskonzepts eingef\u00fchrt. Es erg\u00e4nzt das regul\u00e4re Fahrplanangebot vor allem in den Tagesrandzeiten und auf Strecken in abgelegenen Stadtteilen.<\/p>\n\n\n\n<p>Das Angebot umfasst folgende Verkehrstage und -zeiten:<\/p>\n\n\n\n<p>Im&nbsp;<strong>Fr\u00fchverkehr<\/strong>&nbsp;kann der Ein- und Ausstieg an allen VRNruftaxi-Haltestellen w\u00e4hrend der Betriebszeiten von Montag bis Freitag zwischen 4 und 6 Uhr, am Samstag zwischen 4 und 7 Uhr und am Sonntag sowie an Feiertagen zwischen 5 und 9 Uhr erfolgen.<\/p>\n\n\n\n<p>Im&nbsp;<strong>Tagesverkehr<\/strong>&nbsp;k\u00f6nnen Fahrten von definierten VRNruftaxi-Gebieten (VRNruftaxi-Haltestellen) zum Hbf\/ ZOB, Postplatz und Dom\/ Stadthaus (und von dort zur\u00fcck) gebucht werden. Die Betriebszeiten sind von Montag bis Freitag zwischen 6 und 20 Uhr, am Samstag zwischen 7 und 20 Uhr und am Sonntag sowie an Feiertagen zwischen 9 und 18 Uhr.<\/p>\n\n\n\n<p>Im<strong>&nbsp;Abendverkehr<\/strong>&nbsp;k\u00f6nnen Fahrten von definierten VRNruftaxi-Gebieten (VRNruftaxi-Haltestellen) nur zum Hbf\/ ZOB, Postplatz und Dom\/ Stadthaus (und nur von dort zur\u00fcck) gebucht werden. Die Betriebszeiten sind von Montag bis Samstag zwischen 20 und 00:30 Uhr und am Sonntag sowie an Feiertagen bis 20 Uhr.<\/p>\n\n\n\n<p>Im&nbsp;<strong>Nachtverkehr am Wochenende<\/strong>&nbsp;erfolgt der Einstieg an definierten VRNruftaxi-Einstiegshaltestellen (Hbf\/ ZOB, Postplatz, Dom\/ Stadthaus, Industriehof, 50s Fifties\/Walderholung, Auestra\u00dfe, Flugzeugwerke) und der Ausstieg an allen Haltestellen. Die Betriebszeiten sind von den N\u00e4chten Freitag auf Samstag und Samstag auf Sonntag sowie den N\u00e4chten vor Feiertagen zwischen 0 und 4 Uhr (Samstag) bzw. bis 5 Uhr (Sonntag bzw. Feiertag).<\/p>\n\n\n\n<h4 class=\"wp-block-heading\">Einfach buchen und bequem fahren<\/h4>\n\n\n\n<p>Das VRNruftaxi kann dann direkt \u00fcber die kostenlose myVRN-App sowie \u00fcber die elektronische Fahrplanauskunft unter&nbsp;<a href=\"https:\/\/deref-web.de\/mail\/client\/QA4x2hZM-YM\/dereferrer\/?redirectUrl=http%3A%2F%2Fwww.vrn.de%2Ffahrplanauskunft\" target=\"_blank\" rel=\"noreferrer noopener\">www.vrn.de\/fahrplanauskunft<\/a>&nbsp;gebucht werden. Daneben steht auch eine telefonische Buchungsoption (unter der Telefonnummer 0621\/1077077) zur Verf\u00fcgung. Mit jeder VRNruftaxi-Verbindung wird ebenfalls die Bestellfrist angezeigt. In der Regel muss ein VRNruftaxi 30-60 Minuten vor der Fahrt bestellt werden.<\/p>\n\n\n\n<p>Fahrg\u00e4ste bezahlen f\u00fcr eine Einzelfahrt den \u00fcblichen Bus-Tarif, der 2,60 Euro f\u00fcr Erwachsene und 1,80 Euro f\u00fcr Kinder betr\u00e4gt. Die VRN-Zeitkarten, also auch das Deutschlandticket, gelten ohne Aufpreis.<\/p>\n\n\n\n<p><em>Text: Stadt Speyer und VRN Foto: \u00a9 VRN<br>15.11.2024<\/em><\/p>\n\n\n\n<h2 class=\"wp-block-heading\">Neues Unternehmer*innen-Netzwerk \u201eErneuerbare Energien\u201c startet am 26. November<\/h2>\n\n\n<div class=\"wp-block-image\">\n<figure class=\"aligncenter size-full\"><img decoding=\"async\" loading=\"lazy\" width=\"800\" height=\"549\" src=\"https:\/\/speyer24news.com\/wp-content\/uploads\/2022\/05\/Teamwork-Networking-Netzwerk-Buisness.jpg\" alt=\"\" class=\"wp-image-45599\" srcset=\"https:\/\/speyer24news.com\/wp-content\/uploads\/2022\/05\/Teamwork-Networking-Netzwerk-Buisness.jpg 800w, https:\/\/speyer24news.com\/wp-content\/uploads\/2022\/05\/Teamwork-Networking-Netzwerk-Buisness-300x206.jpg 300w, https:\/\/speyer24news.com\/wp-content\/uploads\/2022\/05\/Teamwork-Networking-Netzwerk-Buisness-768x527.jpg 768w\" sizes=\"(max-width: 800px) 100vw, 800px\" \/><\/figure><\/div>\n\n\n<p>Zum Auftakt des neuen Unternehmer*innen-Netzwerks \u201eErneuerbare Energien\u201c l\u00e4dt die Wirtschaftsf\u00f6rderung Speyer:<\/p>\n\n\n\n<ul>\n<li><strong>am Dienstag, 26. November 2024, <\/strong><\/li>\n\n\n\n<li><strong>von 15 bis 17 Uhr<\/strong><\/li>\n\n\n\n<li><strong>in der Maximilianstra\u00dfe 13 (Raum S1) <\/strong><\/li>\n<\/ul>\n\n\n\n<p>ein. <\/p>\n\n\n\n<p>Ziel des Netzwerks ist es, regionale Unternehmen, Start-ups und Fachkr\u00e4fte zu vernetzen, um die Nutzung erneuerbarer Energien in Speyer gezielt zu f\u00f6rdern und die Zusammenarbeit in diesem zukunftsweisenden Bereich zu st\u00e4rken.<\/p>\n\n\n\n<p>Der Wirtschaftsf\u00f6rderer der Stadt Speyer, Mario Daum, und Wolfgang B\u00fchring, Gesch\u00e4ftsf\u00fchrer der Stadtwerke Speyer, werden das Netzwerk vorstellen und gemeinsam erste Impulse f\u00fcr die Zusammenarbeit setzen. Das Netzwerk bietet eine Plattform f\u00fcr Wissens- und Ressourcenaustausch und er\u00f6ffnet Unternehmen die M\u00f6glichkeit, an gemeinsamen Projekten mitzuwirken und Synergien zu nutzen, um die Energiewende in der Region aktiv mitzugestalten.<\/p>\n\n\n\n<p>Interessierte Unternehmen und Akteure im Bereich erneuerbare Energien sind eingeladen, sich anzumelden und das Netzwerk von Beginn an aktiv mitzugestalten. Anmeldungen sind per E-Mail an die Wirtschaftsf\u00f6rderung der Stadt Speyer unter <a href=\"mailto:wirtschaftsfoerderung@stadt-speyer.de\"><strong>wirtschaftsfoerderung@stadt-speyer.de<\/strong><\/a> m\u00f6glich.<\/p>\n\n\n\n<p><em>Stadtverwaltung Speyer<br>14.11.2024<\/em><\/p>\n\n\n\n<h2 class=\"wp-block-heading\">SchUM-Sonderbriefmarke 12.2024 (Bundesfinanzmin\u00edsterium)<\/h2>\n\n\n<div class=\"wp-block-image\">\n<figure class=\"aligncenter size-full\"><img decoding=\"async\" loading=\"lazy\" width=\"800\" height=\"595\" src=\"https:\/\/speyer24news.com\/wp-content\/uploads\/2024\/11\/SchUM-Staetten-Briefmarke.jpg\" alt=\"\" class=\"wp-image-60030\" srcset=\"https:\/\/speyer24news.com\/wp-content\/uploads\/2024\/11\/SchUM-Staetten-Briefmarke.jpg 800w, https:\/\/speyer24news.com\/wp-content\/uploads\/2024\/11\/SchUM-Staetten-Briefmarke-300x223.jpg 300w, https:\/\/speyer24news.com\/wp-content\/uploads\/2024\/11\/SchUM-Staetten-Briefmarke-768x571.jpg 768w, https:\/\/speyer24news.com\/wp-content\/uploads\/2024\/11\/SchUM-Staetten-Briefmarke-80x60.jpg 80w\" sizes=\"(max-width: 800px) 100vw, 800px\" \/><figcaption class=\"wp-element-caption\">Gestaltung des Postwertzeichens und der Ersttagsstempel <em>Professor Jens M\u00fcller, D\u00fcsseldorf<\/em><\/figcaption><\/figure><\/div>\n\n\n<p>Die SchUM-St\u00e4tten Speyer, Worms und Mainz sind Zeugnisse der reichen Geschichte j\u00fcdischer Gemeinden in Deutschland und Europa. In den in Speyer, Worms und Mainz entstandenen j\u00fcdischen Gemeinden (Kehilot SchUM) erlebte das Judentum in Deutschland seine erste Bl\u00fctezeit. Als Verbund der SchUM-Gemeinden bildeten die drei St\u00e4dte am Rhein im Mittelalter das Zentrum des Judentums in Europa. Von der wechselvollen Geschichte der drei Gemeinden erz\u00e4hlen bis heute Bauwerke und Friedh\u00f6fe, die zu den \u00e4ltesten Zeugnissen j\u00fcdischen Lebens in Deutschland geh\u00f6ren. Hier entstanden wegweisende Synagogenbauten, Frauenbetr\u00e4ume und Ritualb\u00e4der. Die Lehrh\u00e4user der SchUM-Gemeinden brachten gro\u00dfe j\u00fcdische Gelehrte hervor, die bis heute die j\u00fcdische Schriftauslegung pr\u00e4gen. Auch die Takkanot Quellihot SchUM, die Rechtsbestimmungen der SchUM-Gemeinden, wirken, wie es das Beispiel des Briefgeheimnisses zeigt, nicht nur in der j\u00fcdischen Rechtsauffassung bis heute nach.<\/p>\n\n\n\n<h4 class=\"wp-block-heading\">SchUM ist ein Akronym der Anfangsbuchstaben der hebr\u00e4ischen St\u00e4dtenamen von Speyer, Worms und Mainz:<\/h4>\n\n\n<div class=\"wp-block-image\">\n<figure class=\"aligncenter size-full\"><img decoding=\"async\" loading=\"lazy\" width=\"800\" height=\"532\" src=\"https:\/\/speyer24news.com\/wp-content\/uploads\/2024\/11\/SchUM-Definition.jpg\" alt=\"\" class=\"wp-image-60031\" srcset=\"https:\/\/speyer24news.com\/wp-content\/uploads\/2024\/11\/SchUM-Definition.jpg 800w, https:\/\/speyer24news.com\/wp-content\/uploads\/2024\/11\/SchUM-Definition-300x200.jpg 300w, https:\/\/speyer24news.com\/wp-content\/uploads\/2024\/11\/SchUM-Definition-768x511.jpg 768w\" sizes=\"(max-width: 800px) 100vw, 800px\" \/><\/figure><\/div>\n\n<div class=\"wp-block-image\">\n<figure class=\"alignleft size-full is-resized\"><img decoding=\"async\" loading=\"lazy\" width=\"402\" height=\"855\" src=\"https:\/\/speyer24news.com\/wp-content\/uploads\/2024\/11\/SchUM-Briefmarke-alternative-Entwuerfe.jpg\" alt=\"\" class=\"wp-image-60032\" style=\"aspect-ratio:0.47017543859649125;width:323px;height:auto\" srcset=\"https:\/\/speyer24news.com\/wp-content\/uploads\/2024\/11\/SchUM-Briefmarke-alternative-Entwuerfe.jpg 402w, https:\/\/speyer24news.com\/wp-content\/uploads\/2024\/11\/SchUM-Briefmarke-alternative-Entwuerfe-141x300.jpg 141w\" sizes=\"(max-width: 402px) 100vw, 402px\" \/><figcaption class=\"wp-element-caption\">alternative Entw\u00fcrfe<\/figcaption><\/figure><\/div>\n\n\n<p>SchUM ist die Wiege des aschkenasischen Judentums. Und Aschkenas ist die aus dem Mittelalter stammende rabbinische Bezeichnung f\u00fcr Mitteleuropa und Deutschland und die dort lebenden J\u00fcdinnen und Juden.<\/p>\n\n\n\n<p>Vor etwa 20 Jahren haben sich Speyer, Worms und Mainz auf den Weg gemacht, ihr umfangreiches und bedeutsames j\u00fcdisches Erbe auf der Liste des UNESCO-Welterbes zu verankern. Am 27. Juli 2021 wurden die SchUM-St\u00e4tten \u2013 der Judenhof in Speyer mit den Resten der \u00e4ltesten Synagoge Europas, der Frauenschul, der gr\u00f6\u00dften und am besten erhaltenen Monumentalmikwe (Ritualbad) und der Jeschiwa (Lehrhaus), der Wormser Synagogenbezirk mit Synagoge, der \u00e4ltesten Frauenschul, Mikwe, Lehrhaus und dem Tanzhaus sowie die j\u00fcdischen Friedh\u00f6fe \u201eHeiliger Sand\u201c in Worms und \u201eAuf dem Judensand\u201c in Mainz, die die \u00e4ltesten erhaltenen j\u00fcdischen Friedh\u00f6fe Europas sind \u2013 in die Welterbeliste der UNESCO<br>eingeschrieben und damit ein von den drei St\u00e4dten und den j\u00fcdischen Gemeinden initiiertes Projekt erfolgreich zum Abschluss gebracht.<\/p>\n\n\n\n<p><em>Birgit Kita, Gesch\u00e4ftsf\u00fchrerin des SchUM-St\u00e4dte Speyer, Worms und Mainz e.V. und Welterbekoordinatorin UNESCO-Welterbe SchUM-St\u00e4tten Speyer, Worms und Mainz<br>14.11.2024<\/em><\/p>\n\n\n\n<h2 class=\"wp-block-heading\">Dienstagsmarkt vor\u00fcbergehend auf dem K\u00f6nigsplatz<\/h2>\n\n\n<div class=\"wp-block-image\">\n<figure class=\"aligncenter size-full\"><img decoding=\"async\" loading=\"lazy\" width=\"800\" height=\"565\" src=\"https:\/\/speyer24news.com\/wp-content\/uploads\/2022\/04\/Wochenmarkt-Festplatz-01.jpg\" alt=\"\" class=\"wp-image-44113\" srcset=\"https:\/\/speyer24news.com\/wp-content\/uploads\/2022\/04\/Wochenmarkt-Festplatz-01.jpg 800w, https:\/\/speyer24news.com\/wp-content\/uploads\/2022\/04\/Wochenmarkt-Festplatz-01-300x212.jpg 300w, https:\/\/speyer24news.com\/wp-content\/uploads\/2022\/04\/Wochenmarkt-Festplatz-01-768x542.jpg 768w\" sizes=\"(max-width: 800px) 100vw, 800px\" \/><\/figure><\/div>\n\n\n<p>Die Stadtverwaltung informiert, dass der Dienstagsmarkt w\u00e4hrend des Weihnachts- und Neujahrsmarkts vor\u00fcbergehend auf den K\u00f6nigsplatz verlegt wird. <strong>Ab Dienstag, 19. November 2024 wird die Metzgerei Morgenstern am Ausweichstandort vertreten sein.<\/strong> Weitere St\u00e4nde sind in diesem Zeitraum nicht aufgebaut, da der Obst- und Gem\u00fcsestand Weiler in die Weihnachtspause geht.<\/p>\n\n\n\n<p><strong>Ab dem 14. Januar 2025<\/strong> sind die St\u00e4nde wieder auf dem Platz vor dem B\u00fcrgerb\u00fcro Maximilianstra\u00dfe zu finden.<\/p>\n\n\n\n<p><em>Stadtverwaltung Speyer<br>14.11.2024<\/em><\/p>\n\n\n\n<h2 class=\"wp-block-heading\">Absage des Konzerts \u201eLieder der spanischen Sephardim\u201c<\/h2>\n\n\n<div class=\"wp-block-image\">\n<figure class=\"aligncenter size-full\"><img decoding=\"async\" loading=\"lazy\" width=\"500\" height=\"650\" src=\"https:\/\/speyer24news.com\/wp-content\/uploads\/2020\/11\/Absage-Veranstaltung.jpg\" alt=\"\" class=\"wp-image-31094\" srcset=\"https:\/\/speyer24news.com\/wp-content\/uploads\/2020\/11\/Absage-Veranstaltung.jpg 500w, https:\/\/speyer24news.com\/wp-content\/uploads\/2020\/11\/Absage-Veranstaltung-231x300.jpg 231w\" sizes=\"(max-width: 500px) 100vw, 500px\" \/><\/figure><\/div>\n\n\n<p>Da die Mindestanzahl an Tickets leider nicht verkauft werden konnte, ist das Konzert \u201eLieder der spanischen Sephardim\u201c mit Sabine Loredo Silva und Ulf Dressler am 17. November 2024 um 16 Uhr abgesagt.<\/p>\n\n\n\n<p>Bereits erworbene Karten k\u00f6nnen an den Vorverkaufsstellen, an welchen sie erworben wurden, zur\u00fcckgegeben werden.<\/p>\n\n\n\n<p><em>Stadtverwaltung Speyer<br>13.11.2024<\/em><\/p>\n\n\n\n<h2 class=\"wp-block-heading\">Spendenaufruf f\u00fcr Fahrr\u00e4der zur Radfahrausbildung<\/h2>\n\n\n<div class=\"wp-block-image\">\n<figure class=\"aligncenter size-full\"><img decoding=\"async\" loading=\"lazy\" width=\"800\" height=\"533\" src=\"https:\/\/speyer24news.com\/wp-content\/uploads\/2021\/07\/Fahrrad-Fahhrradweg-Fahrradstrasse.jpg\" alt=\"\" class=\"wp-image-38636\" srcset=\"https:\/\/speyer24news.com\/wp-content\/uploads\/2021\/07\/Fahrrad-Fahhrradweg-Fahrradstrasse.jpg 800w, https:\/\/speyer24news.com\/wp-content\/uploads\/2021\/07\/Fahrrad-Fahhrradweg-Fahrradstrasse-300x200.jpg 300w, https:\/\/speyer24news.com\/wp-content\/uploads\/2021\/07\/Fahrrad-Fahhrradweg-Fahrradstrasse-768x512.jpg 768w\" sizes=\"(max-width: 800px) 100vw, 800px\" \/><\/figure><\/div>\n\n\n<p>Kindern, die sich im dritten und vierten Schuljahr befinden, wird von der Deutschen Verkehrswacht eine Radfahrausbildung angeboten. Der theoretische Teil wird zumeist von Polizeibeamt*innen betreut. Auch ein praktischer Teil im Stra\u00dfenverkehr ist Teil der Ausbildung. Dazu werden von der Deutschen Verkehrswacht in Speyer an der Siedlungsschule Fahrr\u00e4der zur Verf\u00fcgung gestellt, welche auf dem Gel\u00e4nde des zentralen Verkehrs\u00fcbungsplatzes Speyer Nord genutzt werden. Da diese jedoch bereits seit 15 bis 20 Jahren in Gebrauch sind, weisen die Fahrr\u00e4der entsprechende M\u00e4ngel auf. Durch Reparaturen kann nur kurzweilig eine Verbesserung des Zustandes erzielt werden. Daher ruft die Stadt Speyer als zust\u00e4ndige Schulbeh\u00f6rde zu Spenden auf.<\/p>\n\n\n\n<p>\u201eUm auch weiter die Verkehrssicherheit der Kinder gew\u00e4hrleisten zu k\u00f6nnen und ihnen eine umfangreiche Ausbildung zu erm\u00f6glichen, werden neue Fahrr\u00e4der ben\u00f6tigt\u201c, so Oberb\u00fcrgermeisterin Stefanie Seiler.<\/p>\n\n\n\n<p>\u201eEin sicheres Verhalten im Stra\u00dfenverkehr geh\u00f6rt zu den grundlegenden Kenntnissen, welche Sch\u00fclerinnen und Sch\u00fcler erwerben sollen. Daher ist es fundamental, dass dieses bereits im fr\u00fchen Alter erlernt wird\u201c, erg\u00e4nzt B\u00fcrgermeisterin und Schul- und Sportdezernentin Monika Kabs.<\/p>\n\n\n\n<h4 class=\"wp-block-heading\">Diese werden unter dem Konto der Stadt Speyer bei der Sparkasse Vorderpfalz entgegengenommen:<\/h4>\n\n\n\n<p><strong>Sparkasse Vorderpfalz:<\/strong><\/p>\n\n\n\n<p><strong>BIC: LUHSDE6AXXX<\/strong><\/p>\n\n\n\n<p><strong>IBAN: DE20 5455 0010 0000 0015 86<\/strong><\/p>\n\n\n\n<p><strong>Verwendungszweck: \u201eFahrr\u00e4der\u201c<\/strong><\/p>\n\n\n\n<p><em>Stadtverwaltung Speyer<br>08.11.2024<\/em><\/p>\n\n\n\n<h2 class=\"wp-block-heading\">\u201eBusiness-Brezel\u201c \u2013 Neues Netzwerkformat f\u00fcr Speyerer Unternehmen<\/h2>\n\n\n<div class=\"wp-block-image\">\n<figure class=\"aligncenter size-full\"><img decoding=\"async\" loading=\"lazy\" width=\"800\" height=\"600\" src=\"https:\/\/speyer24news.com\/wp-content\/uploads\/2023\/07\/Brezelfesteroeffnung-2023-31.jpg\" alt=\"\" class=\"wp-image-53182\" srcset=\"https:\/\/speyer24news.com\/wp-content\/uploads\/2023\/07\/Brezelfesteroeffnung-2023-31.jpg 800w, https:\/\/speyer24news.com\/wp-content\/uploads\/2023\/07\/Brezelfesteroeffnung-2023-31-300x225.jpg 300w, https:\/\/speyer24news.com\/wp-content\/uploads\/2023\/07\/Brezelfesteroeffnung-2023-31-768x576.jpg 768w, https:\/\/speyer24news.com\/wp-content\/uploads\/2023\/07\/Brezelfesteroeffnung-2023-31-678x509.jpg 678w, https:\/\/speyer24news.com\/wp-content\/uploads\/2023\/07\/Brezelfesteroeffnung-2023-31-326x245.jpg 326w, https:\/\/speyer24news.com\/wp-content\/uploads\/2023\/07\/Brezelfesteroeffnung-2023-31-80x60.jpg 80w\" sizes=\"(max-width: 800px) 100vw, 800px\" \/><\/figure><\/div>\n\n\n<p>Die Wirtschaftsf\u00f6rderung Speyer und die GoodSpaces GmbH laden zur Auftaktveranstaltung der neuen Netzwerkreihe \u201eBusiness-Brezel\u201c ein. Am <strong>Donnerstag, 21. November 2024, um 18.15 Uhr<\/strong> treffen sich Unternehmer*innen und Selbstst\u00e4ndige aus der Region im Coworking-Space \u201eRheinVilla\u201c, Hafenstra\u00dfe 39 in Speyer, um gemeinsam Ideen auszutauschen und wertvolle Branchenkontakte zu kn\u00fcpfen.<\/p>\n\n\n\n<p>Mit der \u201eBusiness-Brezel\u201c schaffen die st\u00e4dtische Wirtschaftsf\u00f6rderung und die GoodSpaces GmbH eine Plattform f\u00fcr kleine und mittlere Unternehmen (KMUs) sowie Solo-Selbstst\u00e4ndige, um den Wissenstransfer zu f\u00f6rdern, Synergien zu entdecken und die regionale Wirtschaftskraft nachhaltig zu st\u00e4rken. In regelm\u00e4\u00dfigen Abst\u00e4nden finden Treffen statt, bei denen fachliche Impulse auf einen lockeren Austausch treffen, erg\u00e4nzt durch gezielte Networking-M\u00f6glichkeiten.<\/p>\n\n\n\n<p>Die Auftaktveranstaltung im November steht im Zeichen des aktiven Mitgestaltens: In einem Workshop-\u00e4hnlichen Rahmen k\u00f6nnen die Teilnehmenden ihre Erwartungen und Themenw\u00fcnsche f\u00fcr die k\u00fcnftigen Treffen einbringen. Lorina Brugger, erfahrene Dozentin und Space-Managerin der \u201eRheinvilla\u201c, er\u00f6ffnet die Reihe mit einem spannenden Einblick in aktuelle Trends rund um Coworking und flexible Arbeitsmodelle.<\/p>\n\n\n\n<p>Geplant ist, dass die \u201eBusiness-Brezel\u201c-Treffen k\u00fcnftig alle zwei Monate stattfinden. Dabei pr\u00e4sentieren Vertreter*innen aus verschiedenen Branchen ihre Arbeitsweisen und teilen Herausforderungen sowie L\u00f6sungsans\u00e4tze.<\/p>\n\n\n\n<p>Interessierte Unternehmen k\u00f6nnen sich bei der Wirtschaftsf\u00f6rderung Speyer per E-Mail an&nbsp;<a href=\"mailto:wirtschaftsfoerderung@stadt-speyer.de\" target=\"_blank\" rel=\"noreferrer noopener\"><strong>wirtschaftsfoerderung@stadt-speyer.de<\/strong><\/a>&nbsp;anmelden. Da die Teilnehmerzahl auf 30 Personen begrenzt ist, wird eine fr\u00fchzeitige Anmeldung empfohlen.<\/p>\n\n\n\n<p>F\u00fcr R\u00fcckfragen zur Veranstaltungsreihe steht die Wirtschaftsf\u00f6rderung Speyer gerne zur Verf\u00fcgung.<\/p>\n\n\n\n<p><em>Text: Stadtverwaltung Speyer Foto: \u00a9 Speyer 24 NEWS<br>06.11.2024<\/em><\/p>\n\n\n\n<h2 class=\"wp-block-heading\">Wasserzapfstellen des Speyerer Friedhofs gehen in die Winterpause<\/h2>\n\n\n<div class=\"wp-block-image\">\n<figure class=\"aligncenter size-full\"><img decoding=\"async\" loading=\"lazy\" width=\"800\" height=\"593\" src=\"https:\/\/speyer24news.com\/wp-content\/uploads\/2023\/11\/Wasser-Brunnen-Friedhof.jpg\" alt=\"\" class=\"wp-image-56097\" srcset=\"https:\/\/speyer24news.com\/wp-content\/uploads\/2023\/11\/Wasser-Brunnen-Friedhof.jpg 800w, https:\/\/speyer24news.com\/wp-content\/uploads\/2023\/11\/Wasser-Brunnen-Friedhof-300x222.jpg 300w, https:\/\/speyer24news.com\/wp-content\/uploads\/2023\/11\/Wasser-Brunnen-Friedhof-768x569.jpg 768w, https:\/\/speyer24news.com\/wp-content\/uploads\/2023\/11\/Wasser-Brunnen-Friedhof-80x60.jpg 80w\" sizes=\"(max-width: 800px) 100vw, 800px\" \/><\/figure><\/div>\n\n\n<p><strong>Ab dem 11. November 2024<\/strong> werden die siebzig Wasserzapfstellen und Brunnen auf dem Speyerer Friedhof witterungsbedingt bis zum Fr\u00fchjahr 2025 abgestellt. Die Gie\u00dfkannen werden ebenfalls eingelagert.<\/p>\n\n\n\n<p>Eine Wasserentnahme ist witterungsunabh\u00e4ngig auch weiterhin an den drei Winterzapfstellen Friedhofsb\u00fcro, an der WC-Anlage Wormser Landstra\u00dfe und am WC-H\u00e4uschen Landwehrstra\u00dfe m\u00f6glich.<\/p>\n\n\n\n<p><em>Stadtverwaltung Speyer<br>04.11.2024<\/em><\/p>\n\n\n\n<h2 class=\"wp-block-heading\">Alle Jahre wieder \u2013 es weihnachtet in der Tourist-Information Speyer<\/h2>\n\n\n<div class=\"wp-block-image\">\n<figure class=\"aligncenter size-full\"><img decoding=\"async\" loading=\"lazy\" width=\"800\" height=\"603\" src=\"https:\/\/speyer24news.com\/wp-content\/uploads\/2024\/11\/DSC01721.jpg\" alt=\"\" class=\"wp-image-60033\" srcset=\"https:\/\/speyer24news.com\/wp-content\/uploads\/2024\/11\/DSC01721.jpg 800w, https:\/\/speyer24news.com\/wp-content\/uploads\/2024\/11\/DSC01721-300x226.jpg 300w, https:\/\/speyer24news.com\/wp-content\/uploads\/2024\/11\/DSC01721-768x579.jpg 768w, https:\/\/speyer24news.com\/wp-content\/uploads\/2024\/11\/DSC01721-326x245.jpg 326w, https:\/\/speyer24news.com\/wp-content\/uploads\/2024\/11\/DSC01721-80x60.jpg 80w\" sizes=\"(max-width: 800px) 100vw, 800px\" \/><\/figure><\/div>\n\n\n<p>Ab Montag, 4. November 2024, startet der Verkauf der diesj\u00e4hrigen Weihnachtskugel-Edition mit Speyer-Motiv in der Tourist-Information Speyer. Die begehrten Sammlerst\u00fccke sind auch in diesem Jahr wieder im beliebten Bordeauxrot sowie in einer festlichen silberfarbenen Variante erh\u00e4ltlich.<\/p>\n\n\n\n<p>Die Glaskugeln, mit einem Durchmesser von sieben Zentimetern, zeigen das Speyerer Stadtlogo und die Pilgerstatue als Motive. Das Design der diesj\u00e4hrigen Auflage lehnt sich an den Null-Euro-Souvenirschein an, der im Sommer eingef\u00fchrt wurde und bereits eine hohe Nachfrage erfuhr. Die Kugeln k\u00f6nnen zu einem Einzelpreis von 5,95 Euro oder im Vierer-Set zu einem Preis von 19,95 Euro in Eco-Verpackung in der Tourist-Information Speyer erworben werden. Die limitierte Auflage umfasst, wie in den Vorjahren, insgesamt 2.000 Kugeln.<\/p>\n\n\n\n<p>Bestellungen und Reservierungen sind nicht m\u00f6glich, der Verkauf findet ausschlie\u00dflich direkt in der Tourist-Information statt.<\/p>\n\n\n\n<p>Neben den Weihnachtskugeln bietet die Tourist-Information weitere Geschenkideen an, wie das original Dubbeglas mit Speyer-Logo. Ab den Adventswochen sind auch erste Artikel mit der neuen Kunstillustration \u201eMaximilianstra\u00dfe mit Dom\u201c erh\u00e4ltlich. Erg\u00e4nzt wird das Angebot durch die von der Goldschmiede G\u00fcnster entworfene Herzbrezel, in Anlehnung an das Speyerer Fan-Logo, entweder als Kettenanh\u00e4nger oder in Form von Ohrsteckern f\u00fcr je 59 Euro.<\/p>\n\n\n\n<p><em>Text: Stadtverwaltung Speyer Foto: \u00a9 Stadt Speyer<br>30.10.2024<\/em><\/p>\n\n\n\n<h2 class=\"wp-block-heading\">\u00d6ffnungszeiten der Jugendberufsagentur Plus Speyer<\/h2>\n\n\n<div class=\"wp-block-image\">\n<figure class=\"aligncenter size-full\"><img decoding=\"async\" loading=\"lazy\" width=\"800\" height=\"558\" src=\"https:\/\/speyer24news.com\/wp-content\/uploads\/2024\/11\/Jugendberufsagentur-Plus-Speyer-JBA.jpg\" alt=\"\" class=\"wp-image-60034\" srcset=\"https:\/\/speyer24news.com\/wp-content\/uploads\/2024\/11\/Jugendberufsagentur-Plus-Speyer-JBA.jpg 800w, https:\/\/speyer24news.com\/wp-content\/uploads\/2024\/11\/Jugendberufsagentur-Plus-Speyer-JBA-300x209.jpg 300w, https:\/\/speyer24news.com\/wp-content\/uploads\/2024\/11\/Jugendberufsagentur-Plus-Speyer-JBA-768x536.jpg 768w\" sizes=\"(max-width: 800px) 100vw, 800px\" \/><\/figure><\/div>\n\n\n<p>Die Jugendberufsagentur Plus Speyer ber\u00e4t und unterst\u00fctzt junge Menschen im Alter von 15 bis 25 Jahren mit Wohnsitz in Speyer beim \u00dcbergang von der Schule in den Beruf und ist seit kurzem im Erdgeschoss der Jugendf\u00f6rderung, Eingang Roland-Berst-Str. 1, erreichbar.<\/p>\n\n\n\n<p>Fachkr\u00e4fte der Berufsberatung der Agentur f\u00fcr Arbeit Ludwigshafen, des Fallmanagements Team U25 des Jobcenters Vorderpfalz-Ludwigshafen, der Jugendhilfe der Stadt Speyer sowie die Aufsuchende Arbeit und das Case Management des VFBB e.V. arbeiten in der JBA+ Speyer zusammen und bilden so die gemeinsame zentrale Anlaufstelle \u201eJBA+ Speyer\u201c. Gef\u00f6rdert wird die JBA+ Speyer durch das Ministerium f\u00fcr Arbeit, Soziales, Transformation und Digitalisierung Rheinland-Pfalz aus Mitteln des Europ\u00e4ischen Sozialfonds (ESF+) und vom Jobcenter Vorderpfalz-Ludwigshafen. Au\u00dferdem wird sie von der Firma Gabis GmbH kofinanziert.<\/p>\n\n\n\n<h4 class=\"wp-block-heading\">Ab Montag, 4. November 2024&nbsp;gelten folgende \u00d6ffnungszeiten:<\/h4>\n\n\n\n<p><strong>Montag bis Mittwoch von 13 bis 16 Uhr<\/strong><\/p>\n\n\n\n<p><strong>Donnerstag von 13 bis 18 Uhr<\/strong><\/p>\n\n\n\n<h4 class=\"wp-block-heading\">Dar\u00fcber hinaus sind Termine nach Vereinbarung unter folgenden Kontaktdaten m\u00f6glich:<\/h4>\n\n\n\n<p>Andrea Schmitzer, Regionale Koordination, Telefon: 14-1922, Mail: <a href=\"mailto:andrea.schmitzer@stadt-speyer.de\"><strong>andrea.schmitzer@stadt-speyer.de<\/strong><\/a><\/p>\n\n\n\n<p>Johann Arnold, Aufsuchende Arbeit, Telefon: 14-1903, Mail: <a href=\"mailto:johann.arnold@vfbb-speyer.net\"><strong>johann.arnold@vfbb-speyer.net<\/strong><\/a><\/p>\n\n\n\n<p>Katharina Bentz-Hellmann, Case Management, Telefon: 14-141904; <strong><a href=\"mailto:katharina.bentz-hellmann@vfbb-speyer.net\">katharina.bentz-hellmann@vfbb-speyer.net<\/a><\/strong><\/p>\n\n\n\n<p><a href=\"https:\/\/deref-web.de\/mail\/client\/ShDTATDT_7U\/dereferrer\/?redirectUrl=http%3A%2F%2Fwww.juf%C3%B6.de%2F%2Fjugendberufsagenturplus\" target=\"_blank\" rel=\"noreferrer noopener\"><strong>www.juf\u00f6.de\/\/jugendberufsagenturplus<\/strong><\/a><\/p>\n\n\n\n<p><em>Stadtverwaltung Speyer<br>25.10.2024<\/em><\/p>\n\n\n\n<h2 class=\"wp-block-heading\">Herstellung eines Kleingradierwerks im M\u00fchlturmpark<\/h2>\n\n\n<div class=\"wp-block-image\">\n<figure class=\"aligncenter size-full\"><img decoding=\"async\" loading=\"lazy\" width=\"800\" height=\"533\" src=\"https:\/\/speyer24news.com\/wp-content\/uploads\/2024\/03\/Baustellen-Schild.jpg\" alt=\"\" class=\"wp-image-58246\" srcset=\"https:\/\/speyer24news.com\/wp-content\/uploads\/2024\/03\/Baustellen-Schild.jpg 800w, https:\/\/speyer24news.com\/wp-content\/uploads\/2024\/03\/Baustellen-Schild-300x200.jpg 300w, https:\/\/speyer24news.com\/wp-content\/uploads\/2024\/03\/Baustellen-Schild-768x512.jpg 768w\" sizes=\"(max-width: 800px) 100vw, 800px\" \/><figcaption class=\"wp-element-caption\"><em>Foto: IG BAU \/ Florian G\u00f6ricke<\/em><\/figcaption><\/figure><\/div>\n\n\n<p>Ab der 44. Kalenderwoche finden im M\u00fchlturmpark Bauarbeiten statt, bei dem ein Kleingradierwerk hergestellt wird, das Sole (salzhaltige L\u00f6sung) vernebelt. Die Anlagen sind oft in Kurorten oder Freizeiteinrichtungen zu finden und tragen zur Schaffung eines angenehmen Mikroklimas bei.<\/p>\n\n\n\n<p>Der im M\u00fchlturmpark gepflanzte Schwarzdorn \u201eschwitzt\u201c Salzpartikel aus und gibt diese in die Luft ab. Dieser Vorgang wird h\u00e4ufig zur Luftbefeuchtung oder zur Gesundheitsf\u00f6rderung eingesetzt und somit k\u00f6nnen, \u00e4hnlich einem Salinarium, positive Effekte auf das Atemwegsystem erzielt werden.<\/p>\n\n\n\n<p>Das k\u00fcnftige Kleingradierwerk sorgt daf\u00fcr, dass die Sole gleichm\u00e4\u00dfig verteilt und durch Verdampfung die Luftqualit\u00e4t verbessert wird.<\/p>\n\n\n\n<p>Die Arbeiten, deren Dauer voraussichtlich 8 Wochen in Anspruch nehmen wird, werden mit gr\u00f6\u00dftm\u00f6glicher R\u00fccksichtnahme auf die Anwohnenden durchgef\u00fchrt. Es ist mit geringf\u00fcgigen Ger\u00e4uschpegeln durch Baggerarbeiten w\u00e4hrend der Arbeitszeit zu rechnen. Der Park ist weiterhin ge\u00f6ffnet und kann Betreten werden.<\/p>\n\n\n\n<p><em>Text: Stadtverwaltung Speyer Foto: \u00a9 IG BAU \/ Florian G\u00f6ricke<br>24.10.2024<\/em><\/p>\n\n\n\n<h1 class=\"wp-block-heading has-text-align-center\">Verkehrsnotizen<\/h1>\n\n\n<div class=\"wp-block-image\">\n<figure class=\"aligncenter\"><img decoding=\"async\" loading=\"lazy\" width=\"800\" height=\"565\" src=\"https:\/\/speyer24news.com\/wp-content\/uploads\/2020\/01\/Baustelle-2.jpg\" alt=\"\" class=\"wp-image-23900\" srcset=\"https:\/\/speyer24news.com\/wp-content\/uploads\/2020\/01\/Baustelle-2.jpg 800w, https:\/\/speyer24news.com\/wp-content\/uploads\/2020\/01\/Baustelle-2-300x212.jpg 300w, https:\/\/speyer24news.com\/wp-content\/uploads\/2020\/01\/Baustelle-2-768x542.jpg 768w\" sizes=\"(max-width: 800px) 100vw, 800px\" \/><\/figure><\/div>\n\n\n<h2 class=\"wp-block-heading\"><strong>NEU:<\/strong> Sperrung Albert-Pfeiffer-Stra\u00dfe<\/h2>\n\n\n\n<p>Aufgrund von Fernw\u00e4rmearbeiten im Auftrag der Stadtwerke Speyer wird die Albert-Pfeiffer-Stra\u00dfe <strong>ab Montag, 18. November 2024, bis voraussichtlich Freitag, 13. Dezember 2024<\/strong>, f\u00fcr den Verkehr gesperrt. Die Albert-Pfeiffer-Stra\u00dfe wird als Sackgasse ausgewiesen. Eine Umleitung wird eingerichtet.<\/p>\n\n\n\n<p>Der Durchgang f\u00fcr Zufu\u00dfgehende sowie die Durchfahrt f\u00fcr Radfahrende ist weiterhin m\u00f6glich.<\/p>\n\n\n\n<p>Bei R\u00fcckfragen steht die Stra\u00dfenverkehrsbeh\u00f6rde unter der Telefonnummer 06232 14-2938 zur Verf\u00fcgung.<\/p>\n\n\n\n<p><em>Stadtverwaltung Speyer<br>15.11.2024<\/em><\/p>\n\n\n\n<h2 class=\"wp-block-heading\"><strong>NEU:<\/strong> Bauarbeiten auf dem Industriegleis<\/h2>\n\n\n\n<p><strong>Ab Montag, 18. November 2024 bis Sonntag, 1. Dezember 2024<\/strong> wird ein von der Deutschen Bahn beauftragtes Unternehmen am Industriegleis zwischen Karl-Spindler-Stra\u00dfe und neuem Rheinhafen Arbeiten zur Erneuerung von Schwellen ausf\u00fchren.<\/p>\n\n\n\n<p>Die Bauarbeiten finden t\u00e4glich von 10 Uhr bis 18 Uhr, auch an Sonntagen, statt.<\/p>\n\n\n\n<p>Durch den erforderlichen Einsatz von Baumaschinen kommt es im genannten Zeitraum zu erh\u00f6htem L\u00e4rmaufkommen.<\/p>\n\n\n\n<p><em>Stadtverwaltung Speyer<br>13.11.2024<\/em><\/p>\n\n\n\n<h2 class=\"wp-block-heading\"><strong>NEU: <\/strong>Sperrung Pappelweg<\/h2>\n\n\n\n<p>Aufgrund privater Kranarbeiten erfolgt eine Sperrung des Pappelweges auf H\u00f6he der Hausnummern 4 bis 8 <strong>im Zeitraum Dienstag,&nbsp;19. November 2024&nbsp;bis Freitag,&nbsp;22. November 2024<\/strong>.<\/p>\n\n\n\n<p>Der betroffene Stra\u00dfenabschnitt wird beidseitig als Sackgasse ausgewiesen, der Durchgang f\u00fcr Zufu\u00dfgehende ist weiterhin m\u00f6glich.<\/p>\n\n\n\n<p>Bei R\u00fcckfragen steht die Stra\u00dfenverkehrsbeh\u00f6rde unter der Telefonnummer 06232 14-2938 zur Verf\u00fcgung.<\/p>\n\n\n\n<p><em>Stadtverwaltung Speyer<br>11.11.2024<\/em><\/p>\n\n\n\n<h2 class=\"wp-block-heading\">Burgstra\u00dfe gesperrt<\/h2>\n\n\n\n<p>Aufgrund von Fernw\u00e4rmearbeiten im Auftrag der Stadtwerke Speyer wird die Burgstra\u00dfe zwischen der Josef-Schmitt-Stra\u00dfe und Obere Langgasse <strong>ab Montag, 4. November, bis voraussichtlich 31. Dezember 2024<\/strong> voll gesperrt. Eine Umleitung wird eingerichtet.<\/p>\n\n\n\n<p>Der Durchgang f\u00fcr Fu\u00dfg\u00e4nger*innen und Fahrradfahrer*innen ist weiterhin m\u00f6glich.<\/p>\n\n\n\n<p><em>Stadtverwaltung Speyer<br>04.11.2024<\/em><\/p>\n\n\n\n<h2 class=\"wp-block-heading\">Nu\u00dfbaumweg gesperrt<\/h2>\n\n\n\n<p>Aufgrund von Tiefbauarbeiten im Auftrag der Stadtwerke Speyer wird der Nu\u00dfbaumweg zwischen Birkenweg und Kolpingstra\u00dfe <strong>von Montag, 11. November, bis voraussichtlich Samstag, 30. November 2024<\/strong>, f\u00fcr den Verkehr gesperrt.<\/p>\n\n\n\n<p>Der betroffene Stra\u00dfenabschnitt wird als Sackgasse ausgewiesen. Eine Umleitung wird eingerichtet.<\/p>\n\n\n\n<p>Der Durchgang f\u00fcr Fu\u00dfg\u00e4nger*innen und Fahrradfahrer*innen ist weiterhin m\u00f6glich.<\/p>\n\n\n\n<p>F\u00fcr R\u00fcckfragen steht die Stra\u00dfenverkehrsbeh\u00f6rde unter der Rufnummer 14-2938 zur Verf\u00fcgung.<\/p>\n\n\n\n<p><em>Stadtverwaltung Speyer<br>04.11.2024<\/em><\/p>\n\n\n\n<h2 class=\"wp-block-heading\">Halbseitige Sperrung der Tullastra\u00dfe und Sperrung Im Neudeck<\/h2>\n\n\n\n<p>Aufgrund von Fernw\u00e4rmearbeiten im Auftrag der Stadtwerke Speyer wird die Tullastra\u00dfe, ab Kreuzung Tullastra\u00dfe\/ Waldseer Stra\u00dfe\/ Spaldinger Stra\u00dfe, im Zeitraum&nbsp;<strong>4. November 2024 bis 2. Dezember 2024<\/strong>&nbsp;in Fahrtrichtung Auestra\u00dfe f\u00fcr den Verkehr gesperrt.<\/p>\n\n\n\n<p>Damit verbunden ist eine Vollsperrung der Stra\u00dfe Im Neudeck, Ecke Tullastra\u00dfe.<\/p>\n\n\n\n<p>In der Tullastra\u00dfe bleibt der Verkehr in der Fahrtrichtung Westen\/ Waldseer Stra\u00dfe frei. Der betroffene Stra\u00dfenabschnitt Im Neudeck wird als Sackgasse ausgewiesen.<\/p>\n\n\n\n<p>Eine Umleitung wird eingerichtet. Der Durchgang f\u00fcr Zufu\u00dfgehende und die Durchfahrt f\u00fcr Radfahrende ist weiterhin m\u00f6glich.<\/p>\n\n\n\n<p>F\u00fcr R\u00fcckfragen steht die Stra\u00dfenverkehrsbeh\u00f6rde telefonisch unter 06232 14- 2938 zur Verf\u00fcgung.<\/p>\n\n\n\n<p><em>Stadtverwaltung Speyer<br>29.10.2024<\/em><\/p>\n\n\n\n<h2 class=\"wp-block-heading\">Baustellen\u00fcbersicht der Stadt Speyer<\/h2>\n\n\n<div class=\"wp-block-image\">\n<figure class=\"aligncenter\"><img decoding=\"async\" loading=\"lazy\" width=\"800\" height=\"384\" src=\"https:\/\/speyer24news.com\/wp-content\/uploads\/2022\/03\/Baustelle-Speyer-Facebook.jpg\" alt=\"\" class=\"wp-image-43610\" srcset=\"https:\/\/speyer24news.com\/wp-content\/uploads\/2022\/03\/Baustelle-Speyer-Facebook.jpg 800w, https:\/\/speyer24news.com\/wp-content\/uploads\/2022\/03\/Baustelle-Speyer-Facebook-300x144.jpg 300w, https:\/\/speyer24news.com\/wp-content\/uploads\/2022\/03\/Baustelle-Speyer-Facebook-768x369.jpg 768w\" sizes=\"(max-width: 800px) 100vw, 800px\" \/><\/figure><\/div>\n\n\n<p>Ab sofort stellt die Stadt Speyer eine neue Baustellenliste zur Verf\u00fcgung, die die bisherige Kommunikation von laufenden und kommenden Baustellen erweitert und b\u00fcrgerfreundlicher gestaltet.<\/p>\n\n\n\n<p>Die bisher zur Verf\u00fcgung gestellte Liste \u201eAlle Baustellen\u201c f\u00fchrt alle Baustellen, die sich innerhalb des Speyerer Stadtgebiets befinden, stichpunktartig auf. Diese technische Liste gibt auch einen \u00dcberblick \u00fcber die betroffenen Sparten wie Strom, Gas, oder Wasser.<\/p>\n\n\n\n<p>Die nun neu hinzugekommene Liste \u201eWichtigste Baustellen\u201c beinhaltet Baustellen, von denen ein bedeutender Teil der Verkehrsteilnehmenden in Speyer signifikant betroffen ist, beispielsweise wegen ihrer lange Dauer und\/oder weil wichtige Stra\u00dfen im Netz betroffen sind. Es werden zus\u00e4tzlich zu den Baustellen im Speyerer Stadtgebiet auch wichtige Baustellen in der n\u00e4heren Umgebung aufgef\u00fchrt, beispielsweise auf der B9 und B39. Dar\u00fcber hinaus soll auch der in den Jahren 2023 und 2024 geplante Verkehrsversuch zum Postplatz Eingang in diese Auflistung finden. Neben dem voraussichtlichen Zeitraum und der Ursache werden auch die Umleitungen f\u00fcr die verschiedenen Verkehrsarten und bei Bedarf erg\u00e4nzende Informationen dargestellt. Am Ende der Liste findet sich ferner eine \u00dcbersicht zu m\u00f6glichen Ansprechpartner*innen.<\/p>\n\n\n\n<p>Die neue Baustellenliste ist chronologisch sortiert, sodass die B\u00fcrger*innen auf den ersten Blick neu hinzukommende Baustellen erkennen und f\u00fcr ihre n\u00e4chste Fahrt ber\u00fccksichtigen k\u00f6nnen \u2013 ohne frustriert erst an der Baustellenabsperrung wenden m\u00fcssen. Zeit- und nervenschonend f\u00fcr die B\u00fcrgerschaft \u2013 aber auch gut f\u00fcr die Umwelt, da unn\u00f6tiger Verkehr vermieden wird.<\/p>\n\n\n\n<p>Die \u00dcbersicht \u00fcber die Baustellensituation wird immer freitags aktualisiert und ist unter&nbsp;<a href=\"http:\/\/www.speyer.de\/baustellen\"><strong>www.speyer.de\/baustellen<\/strong><\/a>&nbsp;im NEWS-TICKER zu finden.<br>Des Weiteren gibt es auf der Baustellenseite der Stadt Speyer wie gewohnt detaillierte Informationen zu laufenden und kommenden Gro\u00dfbaustellen.<\/p>\n\n\n\n<p><em>Stadtverwaltung Speyer<br>18.03.2022<\/em><\/p>\n","protected":false},"excerpt":{"rendered":"<div class=\"mh-excerpt\"><p>Stadtnotizen Neuwahl des Vorstandes des BGF Netzwerks Speyer: Kathrin Hammer und Michael Hemmerich \u00fcbernehmen F\u00fchrung Im Rahmen der j\u00fcngsten Mitgliederversammlung des BGF Netzwerks Speyer am 6. November 2024 wurde ein neuer Vorstand gew\u00e4hlt und der <a class=\"mh-excerpt-more\" href=\"https:\/\/speyer24news.com\/?p=60027\" title=\"Stadtnotizen &amp; Verkehrsnotizen Speyer\">[&#8230;]<\/a><\/p>\n<\/div>","protected":false},"author":3,"featured_media":46477,"comment_status":"open","ping_status":"open","sticky":false,"template":"","format":"standard","meta":{"_monsterinsights_skip_tracking":false,"_monsterinsights_sitenote_active":false,"_monsterinsights_sitenote_note":"","_monsterinsights_sitenote_category":0,"footnotes":""},"categories":[47],"tags":[18455,14555,13640,18460,18443,18444,18457,18459,18452,18451,17809,18453,2593,18447,18456,18449,18450,18448,6,7262,13124,657,14546,1296,18442,18441,18458,658,1114,18454,18445,18446],"aioseo_notices":[],"amp_enabled":true,"_links":{"self":[{"href":"https:\/\/speyer24news.com\/index.php?rest_route=\/wp\/v2\/posts\/60027"}],"collection":[{"href":"https:\/\/speyer24news.com\/index.php?rest_route=\/wp\/v2\/posts"}],"about":[{"href":"https:\/\/speyer24news.com\/index.php?rest_route=\/wp\/v2\/types\/post"}],"author":[{"embeddable":true,"href":"https:\/\/speyer24news.com\/index.php?rest_route=\/wp\/v2\/users\/3"}],"replies":[{"embeddable":true,"href":"https:\/\/speyer24news.com\/index.php?rest_route=%2Fwp%2Fv2%2Fcomments&post=60027"}],"version-history":[{"count":2,"href":"https:\/\/speyer24news.com\/index.php?rest_route=\/wp\/v2\/posts\/60027\/revisions"}],"predecessor-version":[{"id":60054,"href":"https:\/\/speyer24news.com\/index.php?rest_route=\/wp\/v2\/posts\/60027\/revisions\/60054"}],"wp:featuredmedia":[{"embeddable":true,"href":"https:\/\/speyer24news.com\/index.php?rest_route=\/wp\/v2\/media\/46477"}],"wp:attachment":[{"href":"https:\/\/speyer24news.com\/index.php?rest_route=%2Fwp%2Fv2%2Fmedia&parent=60027"}],"wp:term":[{"taxonomy":"category","embeddable":true,"href":"https:\/\/speyer24news.com\/index.php?rest_route=%2Fwp%2Fv2%2Fcategories&post=60027"},{"taxonomy":"post_tag","embeddable":true,"href":"https:\/\/speyer24news.com\/index.php?rest_route=%2Fwp%2Fv2%2Ftags&post=60027"}],"curies":[{"name":"wp","href":"https:\/\/api.w.org\/{rel}","templated":true}]}}