{"id":60247,"date":"2024-11-19T08:07:11","date_gmt":"2024-11-19T07:07:11","guid":{"rendered":"https:\/\/speyer24news.com\/?p=60247"},"modified":"2024-11-19T08:07:13","modified_gmt":"2024-11-19T07:07:13","slug":"polizeimeldungen-montag-18-11-24","status":"publish","type":"post","link":"https:\/\/speyer24news.com\/?p=60247","title":{"rendered":"Polizeimeldungen Montag (18.11.24)"},"content":{"rendered":"<style type=\"text\/css\">\r\n\t.ads_top_disp{}\r\n\t.ads_top_corner_disp{ float:left; margin:0px 10px 10px 0px; }\r\n\t.ads_first_p_disp{}\r\n\t.ads_bottom_disp{}\r\n\t<\/style>\n<h2 class=\"wp-block-heading\">Polizeimeldungen vom Montag (18.11.2024)<\/h2>\n\n\n<div class=\"wp-block-image\">\n<figure class=\"aligncenter size-full\"><img decoding=\"async\" loading=\"lazy\" width=\"375\" height=\"500\" src=\"https:\/\/speyer24news.com\/wp-content\/uploads\/2022\/03\/Aktuelles-Polizeilogo.jpg\" alt=\"\" class=\"wp-image-43591\" srcset=\"https:\/\/speyer24news.com\/wp-content\/uploads\/2022\/03\/Aktuelles-Polizeilogo.jpg 375w, https:\/\/speyer24news.com\/wp-content\/uploads\/2022\/03\/Aktuelles-Polizeilogo-225x300.jpg 225w\" sizes=\"(max-width: 375px) 100vw, 375px\" \/><\/figure><\/div>\n\n\n<h2 class=\"wp-block-heading\">(B\u00f6hl-Iggelheim) &#8211; Brand in Scheune<\/h2>\n\n\n<div class=\"wp-block-image\">\n<figure class=\"aligncenter size-full\"><img decoding=\"async\" loading=\"lazy\" width=\"800\" height=\"533\" src=\"https:\/\/speyer24news.com\/wp-content\/uploads\/2023\/02\/Symboldbild-Feuerwehr.jpg\" alt=\"\" class=\"wp-image-50884\" srcset=\"https:\/\/speyer24news.com\/wp-content\/uploads\/2023\/02\/Symboldbild-Feuerwehr.jpg 800w, https:\/\/speyer24news.com\/wp-content\/uploads\/2023\/02\/Symboldbild-Feuerwehr-300x200.jpg 300w, https:\/\/speyer24news.com\/wp-content\/uploads\/2023\/02\/Symboldbild-Feuerwehr-768x512.jpg 768w\" sizes=\"(max-width: 800px) 100vw, 800px\" \/><\/figure><\/div>\n\n\n<p>Am Samstag (16.11.2024), gegen 10:00 Uhr, geriet eine Scheune auf einem Grundst\u00fcck in der der Jahnstra\u00dfe in B\u00f6hl-Iggelheim in Brand. Das Geb\u00e4ude brannte vollst\u00e4ndig aus. Es entstand Sachschaden in H\u00f6he von circa 100.000 Euro. Die Kriminalpolizei Ludwigshafen hat die Ermittlungen zur Brandursache aufgenommen.<\/p>\n\n\n\n<h2 class=\"wp-block-heading\">(Waldsee) &#8211; Ohne g\u00fcltige Fahrerlaubnis gefahren<\/h2>\n\n\n\n<p>Am Sonntagabend gegen 22:00 Uhr wurde ein 40-j\u00e4hriger PKW Fahrer in der Ludwigstra\u00dfe einer allgemeinen Verkehrskontrolle unterzogen. Im Verlauf der Kontrolle stellte sich heraus, dass der Fahrer nicht im Besitz einer g\u00fcltigen Fahrerlaubnis ist. Dem Fahrer wurde die Weiterfahrt untersagt und der Fahrzeugschl\u00fcssel seiner Ehefrau \u00fcbergeben. Ihm droht nun ein Strafverfahren wegen Fahren ohne Fahrerlaubnis.<\/p>\n\n\n\n<h2 class=\"wp-block-heading\">(Neuhofen) &#8211; \u00d6ffentlichkeitsfahndung nach vermisster 58-J\u00e4hriger<\/h2>\n\n\n<div class=\"wp-block-image\">\n<figure class=\"aligncenter size-full\"><img decoding=\"async\" loading=\"lazy\" width=\"800\" height=\"597\" src=\"https:\/\/speyer24news.com\/wp-content\/uploads\/2024\/11\/Vermisste_18112024-Kopie.jpeg\" alt=\"\" class=\"wp-image-60250\" srcset=\"https:\/\/speyer24news.com\/wp-content\/uploads\/2024\/11\/Vermisste_18112024-Kopie.jpeg 800w, https:\/\/speyer24news.com\/wp-content\/uploads\/2024\/11\/Vermisste_18112024-Kopie-300x224.jpeg 300w, https:\/\/speyer24news.com\/wp-content\/uploads\/2024\/11\/Vermisste_18112024-Kopie-768x573.jpeg 768w, https:\/\/speyer24news.com\/wp-content\/uploads\/2024\/11\/Vermisste_18112024-Kopie-80x60.jpeg 80w\" sizes=\"(max-width: 800px) 100vw, 800px\" \/><\/figure><\/div>\n\n\n<p>Seit Montag, 18.11.2024, wird eine in Neuhofen wohnende 58-J\u00e4hrige vermisst. Sie wurde am 15.11.2024 zuletzt an ihrer Wohnanschrift in Neuhofen gesehen. Seitdem ist ihr Aufenthaltsort unbekannt. Die Vermisste ist mit einem <strong>wei\u00dfem Toyota Yaris mit dem amtlichen Kennzeichen RP-DR-293<\/strong> unterwegs. Es kann nicht ausgeschlossen werden, dass sich die 58-J\u00e4hrige in einer hilflosen Lage befindet. Durch die bisherigen polizeilichen Ma\u00dfnahmen konnte sie nicht aufgefunden werden, so dass wir die \u00d6ffentlichkeit um Mithilfe bitten.<\/p>\n\n\n\n<h4 class=\"wp-block-heading\">Beschreibung der 58-J\u00e4hrigen:<\/h4>\n\n\n\n<ul>\n<li><strong>circa 1,70 Meter gro\u00df<\/strong><\/li>\n\n\n\n<li><strong>circa 50 Kilogramm<\/strong><\/li>\n\n\n\n<li><strong>schulterlange, blonde Haare<\/strong><\/li>\n\n\n\n<li><strong>Brille<\/strong><\/li>\n<\/ul>\n\n\n\n<ul>\n<li><strong>Zeugen, die Hinweise auf den Aufenthalt der Vermissten geben k\u00f6nnen, werden gebeten, sich unter der Telefonnummer 0621 96323312 an die Kriminalpolizei Ludwigshafen zu wenden. Wenn Sie die Vermisste sehen, behalten Sie diesen bitte im Blick und verst\u00e4ndigen Sie \u00fcber den Notruf 110 die Polizei!<\/strong><\/li>\n<\/ul>\n\n\n\n<h2 class=\"wp-block-heading\">(Limburgerhof) &#8211; Alkoholisierter br\u00fcllt &#8222;Nazi-Parolen&#8220;<\/h2>\n\n\n<div class=\"wp-block-image\">\n<figure class=\"aligncenter size-full\"><img decoding=\"async\" loading=\"lazy\" width=\"800\" height=\"600\" src=\"https:\/\/speyer24news.com\/wp-content\/uploads\/2019\/06\/Ausn\u00fcchterungszelle.jpg\" alt=\"\" class=\"wp-image-15212\" srcset=\"https:\/\/speyer24news.com\/wp-content\/uploads\/2019\/06\/Ausn\u00fcchterungszelle.jpg 800w, https:\/\/speyer24news.com\/wp-content\/uploads\/2019\/06\/Ausn\u00fcchterungszelle-300x225.jpg 300w, https:\/\/speyer24news.com\/wp-content\/uploads\/2019\/06\/Ausn\u00fcchterungszelle-768x576.jpg 768w, https:\/\/speyer24news.com\/wp-content\/uploads\/2019\/06\/Ausn\u00fcchterungszelle-678x509.jpg 678w, https:\/\/speyer24news.com\/wp-content\/uploads\/2019\/06\/Ausn\u00fcchterungszelle-326x245.jpg 326w, https:\/\/speyer24news.com\/wp-content\/uploads\/2019\/06\/Ausn\u00fcchterungszelle-80x60.jpg 80w\" sizes=\"(max-width: 800px) 100vw, 800px\" \/><figcaption class=\"wp-element-caption\">Beispielbild Zelle \/ Verhaftung, dient lediglich der Visualisierung<\/figcaption><\/figure><\/div>\n\n\n<p>Am Montagmorgen, gegen 07:40 Uhr, wurde ein offensichtlich alkoholisierter Mann bei der Polizei gemeldet, der in einer B\u00e4ckerei in der Speyerer Stra\u00dfe &#8222;Nazi-Parolen&#8220;, unter anderen &#8222;Sieg Heil&#8220; gerufen habe. In der N\u00e4he dieser B\u00e4ckerei konnte dann ein 41-j\u00e4hriger aus Weinheim angetroffen werden, auf den die zuvor abgegebene Personenbeschreibung passte. Da er sich auch den eingesetzten Beamten gegen\u00fcber aggressiv verhielt, wurden ihm vor Ort Handfesseln angelegt. Da ihn dies immer noch nicht beruhigte und er weiterhin aggressiv war, wurde er schlie\u00dflich in Gewahrsam genommen. Dort angekommen beleidigte er zudem die eingesetzten Beamten, unter anderem als &#8222;Nazis&#8220;. Ein durchgef\u00fchrter Alkoholtest ergab einen Wert von 1,95 Promille. Den 41-j\u00e4hrigen erwartet nun ein Strafverfahren wegen der Verwendung von Kennzeichen verfassungswidriger Organisationen sowie Beleidigung. Der Mann ist in Baden-W\u00fcrttemberg bereits mehrfach in \u00e4hnlicher Weise in Erscheinung getreten und m\u00f6glicherweise psychisch krank.<\/p>\n\n\n\n<h2 class=\"wp-block-heading\">(Mutterstadt) &#8211; Verkehrskontrollen<\/h2>\n\n\n\n<p>In der Nacht von Sonntag auf Montag im Zeitraum von 23:20 Uhr &#8211; 00:40 Uhr wurde durch Beamtinnen und Beamte der Polizei Schifferstadt eine Kontrollstelle in der Ludwigshafener Stra\u00dfe eingerichtet. Schwerpunkt lag auf der Kontrolle lichttechnischer Einrichtungen. Insgesamt wurden 13 Fahrzeuge kontrolliert. Hierbei mussten vier Verst\u00f6\u00dfe u.a. eine Anzeige wegen Trunkenheit im Verkehr geahndet werden.<\/p>\n\n\n\n<h2 class=\"wp-block-heading\">(Mutterstadt) &#8211; Trunkenheitsfahrt<\/h2>\n\n\n\n<p>Am Sonntagabend gegen 23:30 Uhr wurde ein 61-j\u00e4hriger PKW Fahrer in der Ludwigshafener Stra\u00dfe einer allgemeinen Verkehrskontrolle unterzogen. Durch die Polizeibeamten konnte umgehend starker Atemalkoholgeruch festgestellt werden. Ein freiwillig durchgef\u00fchrter Atemalkoholtest vor Ort ergab einen Wert von 0,85 Promille. Der Fahrer wurde zwecks Durchf\u00fchrung eines gerichtsverwertbaren Tests zur Dienststelle mitgenommen sowie der Fahrzeugschl\u00fcssel sichergestellt. Dem Fahrer droht nun ein Ordnungswidrigkeitsverfahren.<\/p>\n\n\n\n<h2 class=\"wp-block-heading\">(Weingarten) &#8211; Dieseldiebstahl aus LKW<\/h2>\n\n\n\n<p>Im Zeitraum vom Samstagabend, 16.11.2024, bis zum Sonntagabend, 17.11.2024, brachen bislang unbekannte T\u00e4ter im Bereich der Hauptstra\u00dfe an einem geparkten Lastkraftwagen die Tankdeckel auf und entwendeten ca. 200 Liter Diesel. Die Schadensh\u00f6he wird derzeit auf 340 Euro gesch\u00e4tzt.<\/p>\n\n\n\n<ul>\n<li><strong>Die Polizei sucht zum besagten Sachverhalt Zeugen. Diese werden gebeten sich bei der Polizeiinspektion Germersheim unter der Rufnummer 07274-9580 oder per E-Mail unter:\u00a0<a href=\"mailto:%20pigermersheim@polizei.rlp.de\">pigermersheim@polizei.rlp.de<\/a>, zu melden.<\/strong><\/li>\n<\/ul>\n\n\n\n<h2 class=\"wp-block-heading\">(Bellheim) &#8211; Auseinandersetzung unter Jugendlichen<\/h2>\n\n\n<div class=\"wp-block-image\">\n<figure class=\"aligncenter size-full\"><img decoding=\"async\" loading=\"lazy\" width=\"800\" height=\"533\" src=\"https:\/\/speyer24news.com\/wp-content\/uploads\/2021\/11\/Schlaegerei.jpg\" alt=\"\" class=\"wp-image-42366\" srcset=\"https:\/\/speyer24news.com\/wp-content\/uploads\/2021\/11\/Schlaegerei.jpg 800w, https:\/\/speyer24news.com\/wp-content\/uploads\/2021\/11\/Schlaegerei-300x200.jpg 300w, https:\/\/speyer24news.com\/wp-content\/uploads\/2021\/11\/Schlaegerei-768x512.jpg 768w\" sizes=\"(max-width: 800px) 100vw, 800px\" \/><figcaption class=\"wp-element-caption\">Beispielbild Schl\u00e4gerei \/ K\u00f6rperverletzung, dient lediglich der Visualisierung<\/figcaption><\/figure><\/div>\n\n\n<p>Am Freitagnachmittag, den 15.11.2024, kam es im Bereich der Grundschule nach verbalen Streitigkeiten zu einer k\u00f6rperlichen Auseinandersetzung unter Jugendlichen. Die beteiligten Personen im Alter von 15 und 16 Jahren verletzten sich hierbei gegenseitig durch Tritte und Schl\u00e4ge. Die Polizei hat die Ermittlungen aufgenommen. Entsprechende Strafverfahren wurden eingeleitet.<\/p>\n\n\n\n<h2 class=\"wp-block-heading\">(K 10 \/ Herxheim) &#8211; Bei &#8222;Spiegelklatscher&#8220; beide gefl\u00fcchtet \/ Zeugen gesucht<\/h2>\n\n\n<div class=\"wp-block-image\">\n<figure class=\"aligncenter size-full\"><img decoding=\"async\" loading=\"lazy\" width=\"801\" height=\"600\" src=\"https:\/\/speyer24news.com\/wp-content\/uploads\/2020\/05\/Zeugen-gesucht-Neutral.jpg\" alt=\"\" class=\"wp-image-26598\" srcset=\"https:\/\/speyer24news.com\/wp-content\/uploads\/2020\/05\/Zeugen-gesucht-Neutral.jpg 801w, https:\/\/speyer24news.com\/wp-content\/uploads\/2020\/05\/Zeugen-gesucht-Neutral-300x225.jpg 300w, https:\/\/speyer24news.com\/wp-content\/uploads\/2020\/05\/Zeugen-gesucht-Neutral-768x575.jpg 768w, https:\/\/speyer24news.com\/wp-content\/uploads\/2020\/05\/Zeugen-gesucht-Neutral-678x509.jpg 678w, https:\/\/speyer24news.com\/wp-content\/uploads\/2020\/05\/Zeugen-gesucht-Neutral-326x245.jpg 326w, https:\/\/speyer24news.com\/wp-content\/uploads\/2020\/05\/Zeugen-gesucht-Neutral-80x60.jpg 80w\" sizes=\"(max-width: 801px) 100vw, 801px\" \/><\/figure><\/div>\n\n\n<p>Am 17.11.2024 befuhr gegen 16:20 Uhr ein 29-j\u00e4hriger Audi-Fahrer die K10 von Hatzenb\u00fchl in Richtung Herxheim. Vor ihm fuhr eine Mercedes A-Klasse, Farbe grau oder blau. Genannter Mercedes geriet in den Gegenverkehr und kollidierte mit einem anderen PKW. Hierbei kam es vermutlich zu einem sogenannten Spiegelklatscher. Beide am Unfall beteiligten Fahrzeuge entfernten sich von der Unfallstelle, ohne sich um den Schaden zu k\u00fcmmern. Durch umherfliegende Teile wurde der PKW Audi des 29-J\u00e4hrigen besch\u00e4digt. Die Schadensh\u00f6he betr\u00e4gt hier circa 1000 Euro. Ein Strafverfahren wegen Verkehrsunfallflucht wurde eingeleitet und die polizeilichen Ermittlungen aufgenommen. <\/p>\n\n\n\n<ul>\n<li><strong>Die Polizei bittet Zeugen, die Hinweise zu der Tat oder dem T\u00e4ter geben k\u00f6nnen sich per Email an\u00a0<a href=\"mailto:%20pilandau@polizei.rlp.de\">pilandau@polizei.rlp.de<\/a>\u00a0oder telefonisch unter 06341-287-0 bei der Polizeiinspektion Landau zu melden.<\/strong><\/li>\n<\/ul>\n\n\n\n<h2 class=\"wp-block-heading\">(Kandel) &#8211; Schlangenlinienfahrender PKW<\/h2>\n\n\n\n<p>Am fr\u00fchen Sonntagmorgen gegen 07:00 Uhr wurde der Polizei W\u00f6rth ein schlangenlinienfahrender PKW gemeldet. Die eingesetzten Beamten konnten das Fahrzeug inklusive der unsicheren Fahrweise feststellen. Im Verlauf der Verkehrskontrolle machte der 26-j\u00e4hrige franz\u00f6sische Staatsb\u00fcrger einen benommenen Eindruck. Ein Urintest best\u00e4tigte den Verdacht der Beamten und verlief positiv auf Marihuana. Dem Fahrer wurde eine Blutprobe entnommen. Ein entsprechendes Strafverfahren wegen Trunkenheit im Verkehr wurde eingeleitet.<\/p>\n\n\n\n<h2 class=\"wp-block-heading\">(Landau) &#8211; Stoppschild kontrolliert<\/h2>\n\n\n\n<p>Am 17.11.2024 wurde am Vormittag eine Standkontrolle durch Kr\u00e4fte der Polizeiinspektion Landau in der Zweibr\u00fccker Stra\u00dfe \/ Ecke Wei\u00dfenburger Stra\u00dfe in Landau am dortigen Stoppschild durchgef\u00fchrt. Innerhalb von einer Stunde mussten zehn Verkehrsteilnehmer geb\u00fchrenpflichtig verwarnt werden, da sie das Stoppschild missachteten. Ein Weiterer Verkehrsteilnehmer wurde mit einem Verwarnungsgeld in H\u00f6he von 30 Euro belegt, da er nicht angeschnallt war. Zudem wurden zwei M\u00e4ngelberichte ausgestellt.<\/p>\n\n\n\n<h2 class=\"wp-block-heading\">(B 10 \/ LD-Nord) &#8211; ED in Baucontainer<a href=\"https:\/\/www.facebook.com\/sharer.php?u=https%3A%2F%2Fwww.presseportal.de%2Fblaulicht%2Fpm%2F117686%2F5911296%2F%3Futm_source%3Dfacebook%26utm_medium%3Dsocial\"><\/a><a href=\"https:\/\/twitter.com\/intent\/tweet?text=POL-PDLD%3A%20B10%2FLD-Nord%20-%20ED%20in%20Baucontainer&amp;url=https%3A%2F%2Fwww.presseportal.de%2Fblaulicht%2Fpm%2F117686%2F5911296%2F%3Futm_source%3Dtwitter%26utm_medium%3Dsocial&amp;hashtags=ots&amp;lang=de\"><\/a><a href=\"https:\/\/web.whatsapp.com\/send?text=POL-PDLD%3A%20B10%2FLD-Nord%20-%20ED%20in%20Baucontainer%0A%0Ahttps%3A%2F%2Fwww.presseportal.de%2Fblaulicht%2Fpm%2F117686%2F5911296%2F%3Futm_source%3Dwhatsapp%26utm_medium%3Dsocial\"><\/a><a href=\"https:\/\/www.xing.com\/app\/user?op=share;url=https%3A%2F%2Fwww.presseportal.de%2Fblaulicht%2Fpm%2F117686%2F5911296%2F%3Futm_source%3Dxing%26utm_medium%3Dsocial\"><\/a><a href=\"http:\/\/www.linkedin.com\/shareArticle?mini=true&amp;url=https%3A%2F%2Fwww.presseportal.de%2Fblaulicht%2Fpm%2F117686%2F5911296%2F%3Futm_source%3Dlinkedin%26utm_medium%3Dsocial&amp;title=POL-PDLD%3A+B10%2FLD-Nord+-+ED+in+Baucontainer\"><\/a><a href=\"mailto:?subject=POL-PDLD%3A%20B10%2FLD-Nord%20-%20ED%20in%20Baucontainer&amp;body=https:\/\/www.presseportal.de\/blaulicht\/pm\/117686\/5911296\"><\/a><\/h2>\n\n\n<div class=\"wp-block-image\">\n<figure class=\"aligncenter\"><a href=\"https:\/\/cache.pressmailing.net\/thumbnail\/story_hires\/489491a6-81be-446b-a884-0912a3ec5796\/AufgebrochenerContainer.JPG.jpg\"><img decoding=\"async\" src=\"https:\/\/cache.pressmailing.net\/thumbnail\/story_big\/489491a6-81be-446b-a884-0912a3ec5796\/pol-pdld-b10-ld-nord-ed-in-baucontainer\" alt=\"POL-PDLD: B10\/LD-Nord - ED in Baucontainer\"\/><\/a><\/figure><\/div>\n\n\n<p>Im Bereich der Baustelle an der B10 zwischen den Anschlussstellen LD-Nord und Godramstein haben zwei bislang unbekannte M\u00e4nner Sonntagmorgen (17.11.2024, 10.30 Uhr) Baucontainer aufgebrochen und Baumaterialien sowie verschiedene Arbeitsger\u00e4te in ihr Fahrzeug geladen und sind anschlie\u00dfend verschwunden. Eine Zeugin hatte die Unbekannten angesprochen, die ihr gegen\u00fcber angaben, dass sie Arbeiter der Baustelle w\u00e4ren. Anhand des Autokennzeichens laufen derzeit die polizeilichen Ermittlungen. Zeugen, die weitere Angaben zu dem Fahrzeug oder zu den Einbrechern geben k\u00f6nnen, werden gebeten, sich mit der Polizei Edenkoben unter der Rufnummer 06323 9550 in Verbindung zu setzen.<\/p>\n\n\n\n<h2 class=\"wp-block-heading\">(Albersweiler) &#8211; Heckscheibe eingeschlagen \/ Zeugen gesucht<\/h2>\n\n\n\n<p>Zwischen dem 16.11.2024 und dem 17.11.2024 wurde durch unbekannte T\u00e4ter die Heckscheibe an einem PKW VW eingeschlagen. Das Fahrzeug stand hierbei in der Kanalstra\u00dfe in Albersweiler. Die Schadensh\u00f6he betr\u00e4gt circa 300 Euro. Ein Strafverfahren wurde eingeleitet und die polizeilichen Ermittlungen aufgenommen. <\/p>\n\n\n\n<ul>\n<li><strong>Die Polizei bittet Zeugen, die Hinweise zu der Tat oder dem T\u00e4ter geben k\u00f6nnen sich per Email an\u00a0<a href=\"mailto:%20pilandau@polizei.rlp.de\">pilandau@polizei.rlp.de<\/a>\u00a0oder telefonisch unter 06341-287-0 bei der Polizeiinspektion Landau zu melden.<\/strong><\/li>\n<\/ul>\n\n\n\n<h2 class=\"wp-block-heading\">(B 39 \/ Geinsheim) &#8211; Fahrraddiebstahl \/ Tatortsuche<a href=\"https:\/\/www.facebook.com\/sharer.php?u=https%3A%2F%2Fwww.presseportal.de%2Fblaulicht%2Fpm%2F117687%2F5910519%2F%3Futm_source%3Dfacebook%26utm_medium%3Dsocial\"><\/a><a href=\"https:\/\/twitter.com\/intent\/tweet?text=POL-PDNW%3A%20Fahrraddiebstahl%20%2F%20Tatortsuche&amp;url=https%3A%2F%2Fwww.presseportal.de%2Fblaulicht%2Fpm%2F117687%2F5910519%2F%3Futm_source%3Dtwitter%26utm_medium%3Dsocial&amp;hashtags=ots&amp;lang=de\"><\/a><a href=\"https:\/\/web.whatsapp.com\/send?text=POL-PDNW%3A%20Fahrraddiebstahl%20%2F%20Tatortsuche%0A%0Ahttps%3A%2F%2Fwww.presseportal.de%2Fblaulicht%2Fpm%2F117687%2F5910519%2F%3Futm_source%3Dwhatsapp%26utm_medium%3Dsocial\"><\/a><a href=\"https:\/\/www.xing.com\/app\/user?op=share;url=https%3A%2F%2Fwww.presseportal.de%2Fblaulicht%2Fpm%2F117687%2F5910519%2F%3Futm_source%3Dxing%26utm_medium%3Dsocial\"><\/a><a href=\"http:\/\/www.linkedin.com\/shareArticle?mini=true&amp;url=https%3A%2F%2Fwww.presseportal.de%2Fblaulicht%2Fpm%2F117687%2F5910519%2F%3Futm_source%3Dlinkedin%26utm_medium%3Dsocial&amp;title=POL-PDNW%3A+Fahrraddiebstahl+%2F+Tatortsuche\"><\/a><a href=\"mailto:?subject=POL-PDNW%3A%20Fahrraddiebstahl%20%2F%20Tatortsuche&amp;body=https:\/\/www.presseportal.de\/blaulicht\/pm\/117687\/5910519\"><\/a><\/h2>\n\n\n<div class=\"wp-block-image\">\n<figure class=\"aligncenter\"><a href=\"https:\/\/cache.pressmailing.net\/thumbnail\/story_hires\/bbcc46ba-0d81-4cd7-83f8-92ec78b52462\/Diebesgut.jpeg.jpg\"><img decoding=\"async\" src=\"https:\/\/cache.pressmailing.net\/thumbnail\/story_big\/bbcc46ba-0d81-4cd7-83f8-92ec78b52462\/pol-pdnw-fahrraddiebstahl-tatortsuche\" alt=\"POL-PDNW: Fahrraddiebstahl \/ Tatortsuche\"\/><\/a><\/figure><\/div>\n\n\n<p>Am 18.11.2024 gegen 03:00 Uhr stoppte eine Streife der Bundespolizei Neustadt einen Radfahrer auf dem Radweg neben der B39 zwischen Geinsheim und der Einm\u00fcndung zur Holiday-Park-Stra\u00dfe, da dieser ohne Licht unterwegs war. Da sich im Rahmen der Kontrolle Unstimmigkeiten ergaben, wurde eine Streife hiesiger Dienststelle hinzugezogen. Wie sich nun herausstellte, handelte es sich bei dem 42-j\u00e4hrigen Radfahrer um einen bekannten Fahrraddieb, der keine Angaben \u00fcber die Herkunft seines Fahrrades machen konnte. Es besteht daher der Verdacht, dass er das Fahrrad in der n\u00e4heren Umgebung entwendet hat. Das Fahrrad wurde sichergestellt. <\/p>\n\n\n\n<ul>\n<li><strong>Bei dem Rad handelt es sich um ein olivgr\u00fcnes Herrenrad der Marke\/des Typs ELOPS.<\/strong><\/li>\n\n\n\n<li><strong>Gesch\u00e4digte werden gebeten sich mit der Polizei Neustadt unter 06321 854-0 oder per Mail an\u00a0<a href=\"mailto:%20pineustadt@polizei.rlp.de\">pineustadt@polizei.rlp.de<\/a>\u00a0in Verbindung zu setzen.<\/strong><\/li>\n<\/ul>\n\n\n\n<h2 class=\"wp-block-heading\">(Kallstadt) &#8211; Durchfahrtskontrollen<\/h2>\n\n\n\n<p>Am 17.11.2024 zwischen 12:30 Uhr und 14:00 Uhr wurde nach B\u00fcrgerbeschwerden in Kallstadt das Verbot der Durchfahrt (Verkehrszeichen 250) \u00fcberwacht. Gem\u00e4\u00df der Beschwerde w\u00fcrden vermehrt Verkehrsteilnehmer das Durchfahrtsverbot auf dem landwirtschaftlichen Verkehrsweg zwischen dem Friedhof und der Neugasse nicht beachten. Insgesamt 5 Fahrzeugf\u00fchrer befuhren verbotswidrig den Wirtschaftsweg und m\u00fcssen nun mit einem Verwarnungsgeld von 50 Euro rechnen. Die Polizei bittet hier die Verkehrsteilnehmer sich an die geltenden Verkehrsregeln zu halten, da es ansonsten auf den engen Wirtschaftswegen zu Gefahrensituationen f\u00fcr Fu\u00dfg\u00e4nger und Radfahrer kommen kann.<\/p>\n\n\n\n<h2 class=\"wp-block-heading\">(Hettenleidelheim) &#8211; Wohnungseinbruchsdiebstahl<\/h2>\n\n\n\n<p>Unbekannter T\u00e4ter verschaffte sich am Freitag den 15.11.2024 Zugang in eine Wohnung in einem Mehrfamilienhaus in der Turnhallenstra\u00dfe in 67310 Hettenleidelheim. Aus der Wohnung wurde letztlich Schmuck im Wert von 2000 Euro entwendet. Diesen Umstand musste der 60-j\u00e4hrige Gesch\u00e4digte feststellen, als dieser gegen 17:30 Uhr nach Hause kam. An der Wohnungseingangst\u00fcr, welche nicht abgeschlossen war, konnten keine Aufbruchspuren\/ Besch\u00e4digungen festgestellt werden. Die Tatortaufnahme erfolgte durch den Kriminaldauerdienst. <\/p>\n\n\n\n<ul>\n<li><strong>Sachdienliche Hinweise bitte an die Polizeiinspektion Gr\u00fcnstadt.<\/strong><\/li>\n<\/ul>\n\n\n\n<h2 class=\"wp-block-heading\">(Beindersheim) &#8211; 12-J\u00e4hrige vermisst \/ R\u00fccknahme der \u00d6ffentlichkeitsfahndung<\/h2>\n\n\n\n<h3 class=\"wp-block-heading has-text-align-center\">Nachtrag zur Pressemeldung vom 13.11.2024<\/h3>\n\n\n<div class=\"wp-block-image\">\n<figure class=\"aligncenter size-full\"><img decoding=\"async\" loading=\"lazy\" width=\"800\" height=\"533\" src=\"https:\/\/speyer24news.com\/wp-content\/uploads\/2021\/11\/Daumen-OK-Perfekt.png\" alt=\"\" class=\"wp-image-42705\" srcset=\"https:\/\/speyer24news.com\/wp-content\/uploads\/2021\/11\/Daumen-OK-Perfekt.png 800w, https:\/\/speyer24news.com\/wp-content\/uploads\/2021\/11\/Daumen-OK-Perfekt-300x200.png 300w, https:\/\/speyer24news.com\/wp-content\/uploads\/2021\/11\/Daumen-OK-Perfekt-768x512.png 768w\" sizes=\"(max-width: 800px) 100vw, 800px\" \/><\/figure><\/div>\n\n\n<p>Die vermisste 12-J\u00e4hrige konnte am 15.11.2024 angetroffen werden. Die \u00d6ffentlichkeitsfahndung wird daher zur\u00fcckgenommen.<\/p>\n\n\n\n<h2 class=\"wp-block-heading\">(B 9 \/ Oggersheim \/ Frankenthal) &#8211; Kontrolle von Fahrzeugen auf landwirtschaftlichen Wegen<\/h2>\n\n\n\n<h3 class=\"wp-block-heading\">Gemeinsame Mitteilung der Polizeiwache Oggersheim und der Polizeiinspektion Frankenthal <\/h3>\n\n\n<div class=\"wp-block-image\">\n<figure class=\"aligncenter size-full\"><img decoding=\"async\" loading=\"lazy\" width=\"800\" height=\"447\" src=\"https:\/\/speyer24news.com\/wp-content\/uploads\/2022\/09\/Kontrolle-2.jpg\" alt=\"\" class=\"wp-image-49124\" srcset=\"https:\/\/speyer24news.com\/wp-content\/uploads\/2022\/09\/Kontrolle-2.jpg 800w, https:\/\/speyer24news.com\/wp-content\/uploads\/2022\/09\/Kontrolle-2-300x168.jpg 300w, https:\/\/speyer24news.com\/wp-content\/uploads\/2022\/09\/Kontrolle-2-768x429.jpg 768w\" sizes=\"(max-width: 800px) 100vw, 800px\" \/><figcaption class=\"wp-element-caption\">Kontrolle<\/figcaption><\/figure><\/div>\n\n\n<p>Die derzeitige Sperrung der B9 und die damit verbundenen Umleitungen f\u00fchren rund um Frankenthal und Oggersheim, insbesondere zu Sto\u00dfzeiten, zu einer angespannten Verkehrssituation. Viele Verkehrsteilnehmer umfahren die Sperrung verbotenerweise \u00fcber landwirtschaftliche Wege. Insbesondere in dem Bereich Oggersheim\/Eppstein\/Studernheim f\u00fchrt die Nutzung dieser &#8222;Abk\u00fcrzung&#8220; zu gef\u00e4hrlichen Situationen zwischen Fu\u00dfg\u00e4ngern und Radfahrern und dem Pkw-Verkehr. Die Polizei und die Stadtverwaltung Frankenthal erreichten viele B\u00fcrgerbeschwerden.<\/p>\n\n\n\n<p>Die Polizeiwache Oggersheim und die Polizeiinspektion Frankenthal f\u00fchrten aus diesem Grund in den letzten drei Wochen gezielte Kontrollen durch. Sowohl in den Sto\u00dfzeiten, als auch au\u00dferhalb der Sto\u00dfzeiten, wurde an verschiedenen \u00d6rtlichkeiten die Einhaltung des Durchfahrtverbots kontrolliert.<\/p>\n\n\n\n<p>Es konnten insgesamt 89 Verst\u00f6\u00dfe gegen das Durchfahrtsverbot festgestellt und geahndet werden. Ein Versto\u00df zieht ein Verwarngeld von 50Euro nach sich.<\/p>\n\n\n\n<p>Die Kontrollma\u00dfnahmen der beteiligten Dienststellen werden aufgrund der anhaltenden Beschwerdelage fortgef\u00fchrt.<\/p>\n\n\n\n<h2 class=\"wp-block-heading\">(Frankenthal) &#8211; Einbruch in Wohnhaus<a href=\"https:\/\/www.facebook.com\/sharer.php?u=https%3A%2F%2Fwww.presseportal.de%2Fblaulicht%2Fpm%2F117696%2F5910876%2F%3Futm_source%3Dfacebook%26utm_medium%3Dsocial\"><\/a><a href=\"https:\/\/twitter.com\/intent\/tweet?text=POL-PPRP%3A%20Einbruch%20in%20Wohnhaus&amp;url=https%3A%2F%2Fwww.presseportal.de%2Fblaulicht%2Fpm%2F117696%2F5910876%2F%3Futm_source%3Dtwitter%26utm_medium%3Dsocial&amp;hashtags=ots&amp;lang=de\"><\/a><a href=\"https:\/\/web.whatsapp.com\/send?text=POL-PPRP%3A%20Einbruch%20in%20Wohnhaus%0A%0Ahttps%3A%2F%2Fwww.presseportal.de%2Fblaulicht%2Fpm%2F117696%2F5910876%2F%3Futm_source%3Dwhatsapp%26utm_medium%3Dsocial\"><\/a><a href=\"https:\/\/www.xing.com\/app\/user?op=share;url=https%3A%2F%2Fwww.presseportal.de%2Fblaulicht%2Fpm%2F117696%2F5910876%2F%3Futm_source%3Dxing%26utm_medium%3Dsocial\"><\/a><a href=\"http:\/\/www.linkedin.com\/shareArticle?mini=true&amp;url=https%3A%2F%2Fwww.presseportal.de%2Fblaulicht%2Fpm%2F117696%2F5910876%2F%3Futm_source%3Dlinkedin%26utm_medium%3Dsocial&amp;title=POL-PPRP%3A+Einbruch+in+Wohnhaus\"><\/a><a href=\"mailto:?subject=POL-PPRP%3A%20Einbruch%20in%20Wohnhaus&amp;body=https:\/\/www.presseportal.de\/blaulicht\/pm\/117696\/5910876\"><\/a><\/h2>\n\n\n\n<p>Unbekannte brachen am Sonntag (17.11.2024), zwischen 17 und 18 Uhr, in ein Wohnhaus in der Lessingstra\u00dfe in Frankenthal ein und entwendeten Werkzeug und einen Tresor. Anschlie\u00dfend fl\u00fcchteten die T\u00e4ter. Die Schadensh\u00f6he wird derzeit noch ermittelt. <\/p>\n\n\n\n<ul>\n<li><strong>Wer kann Hinweise zum Einbruch geben und hat die Tat beobachtet? Hinweise nimmt die Kriminalpolizei Ludwigshafen unter der Telefonnummer 0621 963- 23312 oder per E-Mail\u00a0<a href=\"mailto:%20KDLudwigshafen.KI3.K31@polizei.rlp.de\">KDLudwigshafen.KI3.K31@polizei.rlp.de<\/a>\u00a0entgegen.<\/strong><\/li>\n<\/ul>\n\n\n\n<h2 class=\"wp-block-heading\">(Ludwigshafen) &#8211; Diebstahl aus Auto \/ Zeugen gesucht<\/h2>\n\n\n\n<p>Ein bislang unbekannter Mann entwendete am Sonntagabend (17.11.2024, 19 Uhr) einen Geldbeutel mit 100 Euro Bargeld und Bankkarten aus einem Auto, welches in der Benckiserstra\u00dfe abgestellt war. Der T\u00e4ter verwendete anschlie\u00dfend eine Bankkarte und bezahlte damit (30 Euro). Das Fahrzeug war unverschlossen. <\/p>\n\n\n\n<h4 class=\"wp-block-heading\">Der Autobesitzer beobachtete den T\u00e4ter und kann ihn wie folgt beschreiben: <\/h4>\n\n\n\n<ul>\n<li><strong>circa 30 Jahre<\/strong><\/li>\n\n\n\n<li><strong>circa 1,80m<\/strong><\/li>\n\n\n\n<li><strong>Vollbart <\/strong><\/li>\n\n\n\n<li><strong>mit einer schwarzen Jacke und schwarzen Jogginghose mit wei\u00dfen Streifen bekleidet<\/strong><\/li>\n<\/ul>\n\n\n\n<ul>\n<li><strong>Hinweise bitte an die Polizeiinspektion Ludwigshafen 1, Telefonnummer 0621 963- 24150 oder per E-Mail\u00a0<a href=\"mailto:%20piludwigshafen1@polizei.rlp.de\">piludwigshafen1@polizei.rlp.de<\/a>\u00a0.<\/strong><\/li>\n<\/ul>\n\n\n\n<h2 class=\"wp-block-heading\">(Ludwigshafen) &#8211; 48-J\u00e4hriger leistet Widerstand<\/h2>\n\n\n<div class=\"wp-block-image\">\n<figure class=\"aligncenter size-full\"><img decoding=\"async\" loading=\"lazy\" width=\"800\" height=\"600\" src=\"https:\/\/speyer24news.com\/wp-content\/uploads\/2019\/06\/Ausn\u00fcchterungszelle.jpg\" alt=\"\" class=\"wp-image-15212\" srcset=\"https:\/\/speyer24news.com\/wp-content\/uploads\/2019\/06\/Ausn\u00fcchterungszelle.jpg 800w, https:\/\/speyer24news.com\/wp-content\/uploads\/2019\/06\/Ausn\u00fcchterungszelle-300x225.jpg 300w, https:\/\/speyer24news.com\/wp-content\/uploads\/2019\/06\/Ausn\u00fcchterungszelle-768x576.jpg 768w, https:\/\/speyer24news.com\/wp-content\/uploads\/2019\/06\/Ausn\u00fcchterungszelle-678x509.jpg 678w, https:\/\/speyer24news.com\/wp-content\/uploads\/2019\/06\/Ausn\u00fcchterungszelle-326x245.jpg 326w, https:\/\/speyer24news.com\/wp-content\/uploads\/2019\/06\/Ausn\u00fcchterungszelle-80x60.jpg 80w\" sizes=\"(max-width: 800px) 100vw, 800px\" \/><figcaption class=\"wp-element-caption\">Beispielbild Zelle \/ Verhaftung, dient lediglich der Visualisierung<\/figcaption><\/figure><\/div>\n\n\n<p>Ein 48-J\u00e4hriger geriet am Sonntagnachmittag (17.11.2024) in einen Streit mit einer 29-J\u00e4hrigen und einem 39-J\u00e4hrigen in einer Wohnung in der Mundenheimer Stra\u00dfe. Die verst\u00e4ndigte Polizei erteilte dem 48-J\u00e4hrigen einen Platzverweis. Beim Verlassen der Wohnung nahm der 48-J\u00e4hrige die Wohnungsschl\u00fcssel und weigerte sich, diese wieder herauszugeben. Als die Polizeikr\u00e4fte den Mann in Gewahrsam nehmen wollten, wehrte er sich gegen die Fesselung. Er wurde anschlie\u00dfend zu einer Polizeidienststelle gebracht, wo ihm eine Blutprobe entnommen wurde. Die Nacht verbrachte der 48-J\u00e4hrige im Polizeigewahrsam. Er muss sich nun wegen Widerstand gegen Vollstreckungsbeamte verantworten.<\/p>\n\n\n\n<h2 class=\"wp-block-heading\">(Ludwigshafen) &#8211; Einbruch in Kleingartenanlage \/ Zeugen gesucht<\/h2>\n\n\n\n<p>Unbekannte brachen in der Nacht von Samstag (16.11.2024) auf Sonntag (17.11.2024) in eine Kleingartenanlage in der Friesenheimer Stra\u00dfe ein. Nach derzeitigem Ermittlungsstand wurden keine Gegenst\u00e4nde entwendet. <\/p>\n\n\n\n<ul>\n<li><strong>Wer hat die Tat beobachtet? Hinweise bitte an die Polizeiinspektion Ludwigshafen 2, Telefonnummer 0621 963- 24250 oder per E-Mail\u00a0<a href=\"mailto:%20piludwigshafen2@polizei.rlp.de\">piludwigshafen2@polizei.rlp.de<\/a>\u00a0.<\/strong><\/li>\n<\/ul>\n\n\n\n<h2 class=\"wp-block-heading\">(Mannheim) &#8211; Unfall zwischen Pkw und Stra\u00dfenbahn<\/h2>\n\n\n\n<p>Aktuell (<em>18.11.2024 \u2013 10:33<\/em>) kommt es in der Neckarauer Stra\u00dfe aufgrund eines Unfalls zwischen einer Stra\u00dfenbahn und einem Pkw zum Einsatz von Polizei und dem Rettungsdienst. \u00dcber das Ausma\u00df sowie den Unfallhergang kann derzeit noch keine Aussage getroffen werden.<\/p>\n\n\n\n<h3 class=\"wp-block-heading has-text-align-center\">Pressemeldung Nr. 2<\/h3>\n\n\n<div class=\"wp-block-image\">\n<figure class=\"aligncenter size-full\"><img decoding=\"async\" loading=\"lazy\" width=\"800\" height=\"567\" src=\"https:\/\/speyer24news.com\/wp-content\/uploads\/2020\/07\/rettungsgasse.jpg\" alt=\"\" class=\"wp-image-29019\" srcset=\"https:\/\/speyer24news.com\/wp-content\/uploads\/2020\/07\/rettungsgasse.jpg 800w, https:\/\/speyer24news.com\/wp-content\/uploads\/2020\/07\/rettungsgasse-300x213.jpg 300w, https:\/\/speyer24news.com\/wp-content\/uploads\/2020\/07\/rettungsgasse-768x544.jpg 768w\" sizes=\"(max-width: 800px) 100vw, 800px\" \/><figcaption class=\"wp-element-caption\"><em>Symbolbild &#8222;Rettungsgasse&#8220;, dient lediglich der Visualisierung<\/em><\/figcaption><\/figure><\/div>\n\n\n<p>Ersten Erkenntnissen zufolge befuhr ein Autofahrer die Neckarauer Stra\u00dfe von der Innenstadt kommend und bog im weiteren Verlauf nach links in die Fabrikstationsstra\u00dfe ein. Hierbei soll der Fahrer die rotzeigende Ampel missachtete haben und kollidierte dabei mit der Stra\u00dfenbahn. \u00dcber das Verletzungsbild kann derzeit noch keine Aussage getroffen werden. Der Verkehr wird im Bereich Niederfeldstra\u00dfe\/Neckarauer Stra\u00dfe abgeleitet. Es kommt zu Verkehrsbeeintr\u00e4chtigungen, weshalb die Einsatzkr\u00e4fte derzeit nur schwierig an die Unfallstelle gelangen. (<em>18.11.2024 \u2013 10:52<\/em>)<\/p>\n\n\n\n<h4 class=\"wp-block-heading\"><em>Es wird nochmals ausdr\u00fccklich auf die Bildung einer Rettungsgasse hingewiesen!<\/em><\/h4>\n\n\n\n<h3 class=\"wp-block-heading has-text-align-center\">Pressemeldung Nr. 3<\/h3>\n\n\n\n<p>Am Montag gegen 10:25 Uhr ereignete sich in der Neckarauer Stra\u00dfe ein Unfall zwischen einer Stra\u00dfenbahn und einem Pkw. Nach ersten Unfallermittlungen fuhr ein 49-j\u00e4hriger BMW-Fahrer die Neckarauer Stra\u00dfe in Fahrtrichtung Mannheim-Rheinau entlang. Als er im weiteren Verlauf nach links in die Fabrikstationsstra\u00dfe einbog, missachtete er die rotzeigende Ampel und \u00fcbersah dabei die von hinten kommende und vorfahrtsberechtigte Stra\u00dfenbahnlinie 1, die in Richtung Rheinau fuhr. Trotz umgehend eingeleiteter Vollbremsung des 26-j\u00e4hrigen Stra\u00dfenbahnfahrers konnte eine Kollision nicht mehr verhindert werden. Durch die Wucht des Aufpralls wurde das Fahrzeug auf den Gr\u00fcnstreifen der gegen\u00fcberliegenden Stra\u00dfenbahnseite geschleudert und blockierte hierbei ebenso ein Teil der Fahrbahn. Der BMW-Fahrer musste durch die Berufsfeuerwehr Mannheim aus dem Fahrzeug geborgen werden. Der 49-J\u00e4hrige verletzte sich durch den Unfall schwer und wurde nach der ersten medizinischen Versorgnung in eine Klinik gebracht. Die in der Stra\u00dfenbahn befindlichen Fahrg\u00e4ste sowie der Stra\u00dfenbahnfahrer blieben gl\u00fccklicherweise unverletzt. W\u00e4hrend der Unfallaufnahme gab es umfangreiche Sperrma\u00dfnahmen, die gegen 12:40 Uhr vollst\u00e4ndig aufgehoben wurden. Der Gesamtschaden wird auf etwa 50.000 Euro gesch\u00e4tzt. Die Stra\u00dfenbahn sowie der BMW mussten abgeschleppt werden.<\/p>\n\n\n\n<h2 class=\"wp-block-heading\">(Mannheim) &#8211; Drei Autos besch\u00e4digt und gefl\u00fcchtet.<\/h2>\n\n\n\n<p>Am Sonntag, den 17.11.2024, gegen 00:13Uhr kollidierte ein Autofahrer im Cecil-Tayler-Ring beim Wenden mit drei Fahrzeugen und fl\u00fcchtete.<\/p>\n\n\n\n<p>Ein aufmerksamer Zeuge beobachtete den 18-j\u00e4hrigen Audi-Fahrer, wie er beim Rangieren auf einen Mini auffuhr. Daraufhin versuchte der junge Mann seinen Wendevorgang zu beenden und fuhr \u00fcber einen Gr\u00fcnstreifen hinweg. Im Zuge dessen kollidierte er erneut mit einem am Fahrbahnrand geparkten Audi und schob diesen auf einen Mercedes auf.<\/p>\n\n\n\n<p>Im Anschluss fuhr er schlie\u00dflich ohne zu stoppen von der Unfallstelle davon.<\/p>\n\n\n\n<p>W\u00e4hrend der Unfallaufnahme durch die Polizeibeamten, kam der Unfallverursacher zur\u00fcck und stellte sich den Einsatzkr\u00e4ften. Wieso der 18-J\u00e4hrige fl\u00fcchtete, ist noch nicht abschlie\u00dfend gekl\u00e4rt. Es entstand ein Sachschaden von insgesamt circa 18.000EUR.<\/p>\n\n\n\n<h2 class=\"wp-block-heading\">(Mannheim) &#8211; Stra\u00dfenbahn kollidiert mit Auto<\/h2>\n\n\n\n<p>Am Samstag gegen 20:30Uhr kam es auf der Waldhofstra\u00dfe zu einem Unfall zwischen einem Opel und einer Stra\u00dfenbahn, wobei ein Sachschaden in H\u00f6he von 18.000EUR entstand.<\/p>\n\n\n\n<p>Der 20- j\u00e4hrige Opelfahrer war auf der Waldhofstra\u00dfe in Fahrtrichtung Luzenberg unterwegs, als er trotz einer roten Ampel nach links in die Humboldtstra\u00dfe abbog. Hierbei \u00fcbersah er die in gleiche Richtung fahrende Stra\u00dfenbahn, wodurch es zum Unfall kam. Das Auto wurde mehrere Meter von der Stra\u00dfenbahn mitgeschleift und kam schlie\u00dflich im Gleisbett zum Stehen. Gl\u00fccklicherweise wurde hierbei niemand verletzt. Dennoch wurde der 20- j\u00e4hrige Unfallverursacher vorsorglich vom Rettungsdienst in ein Krankenhaus gebracht. Der Opel war so stark besch\u00e4digt, dass er abgeschleppt werden musste. W\u00e4hrend der Unfallaufnahme musste der Bahnverkehr vor\u00fcbergehend eingestellt werden.<\/p>\n\n\n\n<h2 class=\"wp-block-heading\">(Mannheim) &#8211; Einbruch in B\u00fcro- und Lagerr\u00e4ume \/ Zeugen gesucht!<\/h2>\n\n\n\n<p>Eine bislang unbekannte T\u00e4terschaft verschaffte sich zwischen Freitagabend, 21 Uhr und Samstag, 12:30 Uhr zu mehreren B\u00fcro- und Lagerr\u00e4umen auf dem Gel\u00e4nde des Musikparks Zutritt. Die Unbekannten gelangten durch gewaltsames Aufhebeln mehrere T\u00fcren Zugang zu angemieteten R\u00e4umlichkeiten und entwendeten hieraus nach bisherigem Stand einen Tresor. <\/p>\n\n\n\n<ul>\n<li><strong>Zeugen, die sachdienliche Hinweise zur Tat oder den T\u00e4tern machen k\u00f6nnen, werden gebeten sich mit dem Polizeirevier Mannheim-Innenstadt unter Tel.: 0621\/1258-0 in Verbindung zu setzen.<\/strong><\/li>\n<\/ul>\n\n\n\n<h2 class=\"wp-block-heading\">(Heidelberg) &#8211; Mehrere Gartenh\u00fctten aufgebrochen \/ Polizei sucht Zeugen<\/h2>\n\n\n\n<p>Zu einem nicht n\u00e4her bestimmbaren Zeitpunkt in der vergangenen Woche brachen Unbekannte in mehrere Gartenh\u00e4user ein. Die Taten, die mehrere Gartengrundst\u00fccke im Bereich Siegelsmauer in Heidelberg-Rohrbach und das Gewann Ebertsrott im Stadtteil Boxberg betrafen, wurden am Freitagabend und am Samstagnachmittag der Polizei gemeldet. Die bislang unbekannte T\u00e4terschaft brach in mindestens vier Gartenh\u00e4user ein und stahl Werkzeuge sowie Gartenger\u00e4te. Die genaue Schadensh\u00f6he steht noch nicht fest, liegt aber im vierstelligen Bereich. Das Polizeirevier Heidelberg-S\u00fcd nahm die Ermittlungen auf. Ob die Taten im Zusammenhand mit \u00e4hnlichen F\u00e4llen im Bereich Dossenheim stehen, ist Gegenstand des laufenden Verfahrens.<\/p>\n\n\n\n<ul>\n<li><strong>Zeugen, die sachdienliche Hinweise geben k\u00f6nnen, werden gebeten, sich dort unter der Telefonnummer 06221-3418-0 zu melden.<\/strong><\/li>\n<\/ul>\n\n\n\n<h2 class=\"wp-block-heading\">(Sandhausen \/ Rhein-Neckar-Kreis) &#8211; Einbruch in Einfamilienhaus \/ Wer kann Hinweise geben?<\/h2>\n\n\n\n<p>Am Samstag zwischen 8:45 Uhr und 19:30 Uhr brach eine noch unbekannte T\u00e4terschaft in ein Einfamilienhaus in der Kopernikusstra\u00dfe ein. Die Unbekannten gelangten \u00fcber den Garten auf das Anwesen und schlugen schlie\u00dflich eine Terrassent\u00fcr ein. Aus dem Haus entwendeten die T\u00e4ter diversen Schmuck. Die Schadensh\u00f6he wird derzeit noch ermittelt. <\/p>\n\n\n\n<ul>\n<li><strong>Zeugen, die verd\u00e4chtige Wahrnehmungen gemacht haben, werden gebeten, das Polizeirevier Wiesloch unter Tel.: 06222\/5709-0 zu informieren.<\/strong><\/li>\n<\/ul>\n\n\n\n<h2 class=\"wp-block-heading\">(Oftersheim \/ Rhein-Neckar-Kreis) &#8211; Betrunkener kommt von Fahrbahn ab<\/h2>\n\n\n\n<p>Am Sonntag, den 17.11.2024 gegen 04:00Uhr kam ein betrunkener Autofahrer von der Fahrbahn ab und kollidierte mit einem Telefonmast.<\/p>\n\n\n\n<p>Ein aufmerksamer Zeuge bemerkte das verunfallte Fahrzeug und verst\u00e4ndigte die Einsatzkr\u00e4fte. Der 28-j\u00e4hrige Tesla-Fahrer war auf der Heidelberger Stra\u00dfe in Richtung B291 unterwegs, als er die Kontrolle \u00fcber das Auto verlor und mit dem Telefonmast kollidierte. Anschlie\u00dfend kam er etwa 30 Meter weiter im Gr\u00fcnstreifen zum Stehen. Vor Ort konnten der 28-j\u00e4hrige Fahrer sowie dessen Beifahrer unverletzt im Auto angetroffen werden.<\/p>\n\n\n\n<p>Die eingesetzten Beamten stellten bei dem 28-J\u00e4hrigen starken Alkoholgeruch fest, weshalb sie einen Atemalkoholtest durchf\u00fchrten. Dieser best\u00e4tigte den Verdacht und ergab einen Wert von 1,22 Promille. Der Tesla war so stark besch\u00e4digt, dass er abgeschleppt werden musste. Der Sachschaden am Auto bel\u00e4uft sich auf circa 25.000EUR. Die entstandenen Sch\u00e4den am Telefonmast und dem Feld sind derzeit noch ungekl\u00e4rt.<\/p>\n\n\n\n<h2 class=\"wp-block-heading\">(Altlu\u00dfheim \/ Rhein-Neckar-Kreis) &#8211; Mehrere Verkehrsteilnehmer gef\u00e4hrdet \/ Gesch\u00e4digte gesucht!<\/h2>\n\n\n<div class=\"wp-block-image\">\n<figure class=\"aligncenter size-full\"><img decoding=\"async\" loading=\"lazy\" width=\"801\" height=\"600\" src=\"https:\/\/speyer24news.com\/wp-content\/uploads\/2020\/05\/Zeugen-gesucht-Neutral.jpg\" alt=\"\" class=\"wp-image-26598\" srcset=\"https:\/\/speyer24news.com\/wp-content\/uploads\/2020\/05\/Zeugen-gesucht-Neutral.jpg 801w, https:\/\/speyer24news.com\/wp-content\/uploads\/2020\/05\/Zeugen-gesucht-Neutral-300x225.jpg 300w, https:\/\/speyer24news.com\/wp-content\/uploads\/2020\/05\/Zeugen-gesucht-Neutral-768x575.jpg 768w, https:\/\/speyer24news.com\/wp-content\/uploads\/2020\/05\/Zeugen-gesucht-Neutral-678x509.jpg 678w, https:\/\/speyer24news.com\/wp-content\/uploads\/2020\/05\/Zeugen-gesucht-Neutral-326x245.jpg 326w, https:\/\/speyer24news.com\/wp-content\/uploads\/2020\/05\/Zeugen-gesucht-Neutral-80x60.jpg 80w\" sizes=\"(max-width: 801px) 100vw, 801px\" \/><\/figure><\/div>\n\n\n<p>Am Samstag, den 16.11.2024, gegen 20:34Uhr stoppten Einsatzkr\u00e4fte des Polizeireviers Hockenheim einen Autofahrer, welcher durch dessen waghalsige Fahrman\u00f6ver auffiel.<\/p>\n\n\n\n<p>Der 82-j\u00e4hrige Autofahrer war am Samstagabend mit seinem DACIA Duster und deutlich verminderter Geschwindigkeit auf der B39 in Richtung Hockenheim unterwegs. Mehrfach geriet er hier in den Gegenverkehr. Schlie\u00dflich bog er, nachdem er in die Hauptstra\u00dfe von Altlu\u00dfheim gefahren war, in einen Feldweg ab. Hier kam er von der Fahrbahn ab und fuhr wenige Meter einen Hang herunter. Nachdem er r\u00fcckw\u00e4rts wieder auf die Fahrbahn fuhr, setzte er seinen Weg auf der B39 Richtung Hockenheim fort. Immer wieder geriet der Mann auf die Gegenspur und kollidierte mehrmals beinahe mit den dort fahrenden Verkehrsteilnehmern.<\/p>\n\n\n\n<p>Einer dieser &#8222;Beinahe-Unf\u00e4lle&#8220; ereignete sich zwischen Altlu\u00dfheim und dem \u00dcbergang der B39 zur L723 Richtung Reilingen. Eine weitere \u00e4hnliche Situation ereignete sich auf der L723 Richtung Reilingen zwischen der Einm\u00fcndung zum S\u00fcdring und der Einm\u00fcndung zur Reilinger Stra\u00dfe bei Hockenheim.<\/p>\n\n\n\n<p>Durch Zeugen konnten die beiden Vorf\u00e4lle beobachtet werden. \u00dcber die Gesch\u00e4digten ist derzeit nichts bekannt. Gl\u00fccklicherweise kam es zu keinem Unfall.<\/p>\n\n\n\n<p>Der Fahrer wurde sp\u00e4ter durch Polizeibeamte angehalten. Hier klagte er \u00fcber k\u00f6rperliche Beschwerden. Ob diese Urs\u00e4chlich f\u00fcr die Fahrweise waren, ist Gegenstand der laufenden Ermittlungen.<\/p>\n\n\n\n<ul>\n<li><strong>Die Polizei bittet um Hilfe f\u00fcr die weitere Sachverhaltsaufkl\u00e4rung und sucht nach weiteren Zeugen sowie den Gesch\u00e4digten des Vorfalls. Wenden Sie sich bei sachdienlichen Hinweisen an das zust\u00e4ndige Polizeirevier Hockenheim unter der Telefonnummer 06205 28600.<\/strong><\/li>\n<\/ul>\n\n\n\n<h2 class=\"wp-block-heading\">(Dossenheim \/ Rhein-Neckar-Kreis) &#8211; Mehrere Gartenh\u00fctten aufgebrochen \/ Polizei sucht Zeugen<\/h2>\n\n\n\n<p>Zu einem nicht n\u00e4her bestimmbaren Zeitpunkt in der vergangenen Woche brachen Unbekannte in mehrere Gartenh\u00e4user ein.<\/p>\n\n\n\n<p>Gegen 9:30 Uhr am Freitag meldete sich ein Gartenbesitzer beim Polizeirevier Heidelberg-Nord, da die T\u00fcr seines Gartenhauses im Bereich der Maa\u00dfen\u00e4cker aufgehebelt wurde. Dies war auch bei einem Gartenhaus in der Verl\u00e4ngerung zur G\u00f6thestra\u00dfe der Fall. Hier schlug die T\u00e4terschaft zudem eine Schreibe ein und brach einen Schuppen auf. Nach ersten Ermittlungen blieb es aber haupts\u00e4chlich bei Sachsch\u00e4den.<\/p>\n\n\n\n<p>Zwischen Freitagabend und Sonntagfr\u00fch kam es im Gewann Gr\u00fcnheck zu mehreren Einbruchsdelikten. Dort waren auf zwei Gartenparzellen Wohnwagen abgestellt, welche aufgebrochen und durchw\u00fchlt wurden. Auch in eine nahegelegene Gartenh\u00fctte drang die T\u00e4terschaft ein. Entwendet wurden haupts\u00e4chlich Werkzeuge und Gartenger\u00e4te. Die genaue Schadenssumme steht noch nicht fest. Das Polizeirevier Heidelberg-Nord nahm die Ermittlungen auf.<\/p>\n\n\n\n<ul>\n<li><strong>Zeugen, die sachdienliche Hinweise geben k\u00f6nnen, werden gebeten, sich dort unter der Telefonnummer 06221-4569-0 zu melden.<\/strong><\/li>\n<\/ul>\n\n\n\n<h2 class=\"wp-block-heading\">(Laudenbach \/ Rhein-Neckar-Kreis) &#8211; &#8222;Hornbl\u00e4ser&#8220; aus dem Ensemble &#8222;Froschkapelle&#8220; entwendet \/ Zeugen gesucht<\/h2>\n\n\n<div class=\"wp-block-image\">\n<figure class=\"aligncenter size-full\"><img decoding=\"async\" loading=\"lazy\" width=\"800\" height=\"599\" src=\"https:\/\/speyer24news.com\/wp-content\/uploads\/2024\/11\/Hornblaeser-Froschkapelle.jpg\" alt=\"\" class=\"wp-image-60249\" srcset=\"https:\/\/speyer24news.com\/wp-content\/uploads\/2024\/11\/Hornblaeser-Froschkapelle.jpg 800w, https:\/\/speyer24news.com\/wp-content\/uploads\/2024\/11\/Hornblaeser-Froschkapelle-300x225.jpg 300w, https:\/\/speyer24news.com\/wp-content\/uploads\/2024\/11\/Hornblaeser-Froschkapelle-768x575.jpg 768w, https:\/\/speyer24news.com\/wp-content\/uploads\/2024\/11\/Hornblaeser-Froschkapelle-678x509.jpg 678w, https:\/\/speyer24news.com\/wp-content\/uploads\/2024\/11\/Hornblaeser-Froschkapelle-326x245.jpg 326w, https:\/\/speyer24news.com\/wp-content\/uploads\/2024\/11\/Hornblaeser-Froschkapelle-80x60.jpg 80w\" sizes=\"(max-width: 800px) 100vw, 800px\" \/><\/figure><\/div>\n\n\n<p>Am Freitagvormittag wurde eine Metallskulptur von einer Verkehrsinsel am Ortseingang Laudenbach von unbekannten T\u00e4tern entwendet. Aus der sogenannten &#8222;Froschkapelle&#8220;, die sich auf der Verkehrsinsel der Hauptstra\u00dfe zur Eim\u00fcndung &#8222;S\u00fcdspange&#8220; befindet, wurde der &#8222;Hornbl\u00e4ser&#8220; auf unbekannte Weise abtransportiert. Der Diebstahlsschaden bel\u00e4uft sich auf etwa 3.500 Euro.<\/p>\n\n\n\n<p>Um die &#8222;Froschgemeinde&#8220; wieder zu vereinen und der T\u00e4terschaft habhaft zu werden, sucht die Polizei nun nach Zeugen, die verd\u00e4chtige Wahrnehmungen gemacht haben und\/oder Hinweise auf die bislang noch unbekannte T\u00e4terschaft mitteilen k\u00f6nnen. Diese werden gebeten, sich beim Polizeiposten Hemsbach des Polizeireviers Weinheim unter der Telefonnummer 06201\/71207 zu melden.<\/p>\n","protected":false},"excerpt":{"rendered":"<div class=\"mh-excerpt\"><p>Polizeimeldungen vom Montag (18.11.2024) (B\u00f6hl-Iggelheim) &#8211; Brand in Scheune Am Samstag (16.11.2024), gegen 10:00 Uhr, geriet eine Scheune auf einem Grundst\u00fcck in der der Jahnstra\u00dfe in B\u00f6hl-Iggelheim in Brand. Das Geb\u00e4ude brannte vollst\u00e4ndig aus. Es <a class=\"mh-excerpt-more\" href=\"https:\/\/speyer24news.com\/?p=60247\" title=\"Polizeimeldungen Montag (18.11.24)\">[&#8230;]<\/a><\/p>\n<\/div>","protected":false},"author":3,"featured_media":26162,"comment_status":"open","ping_status":"open","sticky":false,"template":"","format":"standard","meta":{"_monsterinsights_skip_tracking":false,"_monsterinsights_sitenote_active":false,"_monsterinsights_sitenote_note":"","_monsterinsights_sitenote_category":0,"footnotes":""},"categories":[15659],"tags":[7273,7243,7244,10926,3614,13554,350,15084,15267,14538,18288,15361,61,2555,14113,6955,6986,6263,63,105,11150,6987,53,13540,16956,18099,17274,4683,14958,9154,17275,11592,14705,18511,18512,102,13626,213,14325,14324,13553,13541,16955,2625,380],"aioseo_notices":[],"amp_enabled":true,"_links":{"self":[{"href":"https:\/\/speyer24news.com\/index.php?rest_route=\/wp\/v2\/posts\/60247"}],"collection":[{"href":"https:\/\/speyer24news.com\/index.php?rest_route=\/wp\/v2\/posts"}],"about":[{"href":"https:\/\/speyer24news.com\/index.php?rest_route=\/wp\/v2\/types\/post"}],"author":[{"embeddable":true,"href":"https:\/\/speyer24news.com\/index.php?rest_route=\/wp\/v2\/users\/3"}],"replies":[{"embeddable":true,"href":"https:\/\/speyer24news.com\/index.php?rest_route=%2Fwp%2Fv2%2Fcomments&post=60247"}],"version-history":[{"count":2,"href":"https:\/\/speyer24news.com\/index.php?rest_route=\/wp\/v2\/posts\/60247\/revisions"}],"predecessor-version":[{"id":60251,"href":"https:\/\/speyer24news.com\/index.php?rest_route=\/wp\/v2\/posts\/60247\/revisions\/60251"}],"wp:featuredmedia":[{"embeddable":true,"href":"https:\/\/speyer24news.com\/index.php?rest_route=\/wp\/v2\/media\/26162"}],"wp:attachment":[{"href":"https:\/\/speyer24news.com\/index.php?rest_route=%2Fwp%2Fv2%2Fmedia&parent=60247"}],"wp:term":[{"taxonomy":"category","embeddable":true,"href":"https:\/\/speyer24news.com\/index.php?rest_route=%2Fwp%2Fv2%2Fcategories&post=60247"},{"taxonomy":"post_tag","embeddable":true,"href":"https:\/\/speyer24news.com\/index.php?rest_route=%2Fwp%2Fv2%2Ftags&post=60247"}],"curies":[{"name":"wp","href":"https:\/\/api.w.org\/{rel}","templated":true}]}}