{"id":60295,"date":"2024-11-21T10:44:58","date_gmt":"2024-11-21T09:44:58","guid":{"rendered":"https:\/\/speyer24news.com\/?p=60295"},"modified":"2024-11-21T10:45:01","modified_gmt":"2024-11-21T09:45:01","slug":"polizeimeldungen-mittwoch-20-11-24","status":"publish","type":"post","link":"https:\/\/speyer24news.com\/?p=60295","title":{"rendered":"Polizeimeldungen Mittwoch (20.11.24)"},"content":{"rendered":"<style type=\"text\/css\">\r\n\t.ads_top_disp{}\r\n\t.ads_top_corner_disp{ float:left; margin:0px 10px 10px 0px; }\r\n\t.ads_first_p_disp{}\r\n\t.ads_bottom_disp{}\r\n\t<\/style>\n<h2 class=\"wp-block-heading\">Polizeimeldungen vom Mittwoch (20.11.2024)<\/h2>\n\n\n<div class=\"wp-block-image\">\n<figure class=\"aligncenter size-full\"><img decoding=\"async\" loading=\"lazy\" width=\"375\" height=\"500\" src=\"https:\/\/speyer24news.com\/wp-content\/uploads\/2022\/03\/Aktuelles-Polizeilogo.jpg\" alt=\"\" class=\"wp-image-43591\" srcset=\"https:\/\/speyer24news.com\/wp-content\/uploads\/2022\/03\/Aktuelles-Polizeilogo.jpg 375w, https:\/\/speyer24news.com\/wp-content\/uploads\/2022\/03\/Aktuelles-Polizeilogo-225x300.jpg 225w\" sizes=\"(max-width: 375px) 100vw, 375px\" \/><\/figure><\/div>\n\n\n<h2 class=\"wp-block-heading\">(Speyer) &#8211; Andreas Sarter als neuer Beh\u00f6rdenleiter des Polizeipr\u00e4sidiums Rheinpfalz ins Amt eingef\u00fchrt<a href=\"https:\/\/www.facebook.com\/sharer.php?u=https%3A%2F%2Fwww.presseportal.de%2Fblaulicht%2Fpm%2F117696%2F5913188%2F%3Futm_source%3Dfacebook%26utm_medium%3Dsocial\"><\/a><a href=\"https:\/\/twitter.com\/intent\/tweet?text=POL-PPRP%3A%20Andreas%20Sarter%20als%20neuer%20Beh%C3%B6rdenleiter%20des%20Polizeipr%C3%A4sidiums%20Rheinpfalz%20ins%20Amt%20eingef%C3%BChrt&amp;url=https%3A%2F%2Fwww.presseportal.de%2Fblaulicht%2Fpm%2F117696%2F5913188%2F%3Futm_source%3Dtwitter%26utm_medium%3Dsocial&amp;hashtags=ots&amp;lang=de\"><\/a><a href=\"https:\/\/web.whatsapp.com\/send?text=POL-PPRP%3A%20Andreas%20Sarter%20als%20neuer%20Beh%C3%B6rdenleiter%20des%20Polizeipr%C3%A4sidiums%20Rheinpfalz%20ins%20Amt%20eingef%C3%BChrt%0A%0Ahttps%3A%2F%2Fwww.presseportal.de%2Fblaulicht%2Fpm%2F117696%2F5913188%2F%3Futm_source%3Dwhatsapp%26utm_medium%3Dsocial\"><\/a><a href=\"https:\/\/www.xing.com\/app\/user?op=share;url=https%3A%2F%2Fwww.presseportal.de%2Fblaulicht%2Fpm%2F117696%2F5913188%2F%3Futm_source%3Dxing%26utm_medium%3Dsocial\"><\/a><a href=\"http:\/\/www.linkedin.com\/shareArticle?mini=true&amp;url=https%3A%2F%2Fwww.presseportal.de%2Fblaulicht%2Fpm%2F117696%2F5913188%2F%3Futm_source%3Dlinkedin%26utm_medium%3Dsocial&amp;title=POL-PPRP%3A+Andreas+Sarter+als+neuer+Beh%C3%B6rdenleiter+des+Polizeipr%C3%A4sidiums+Rheinpfalz+ins+Amt+eingef%C3%BChrt\"><\/a><a href=\"mailto:?subject=POL-PPRP%3A%20Andreas%20Sarter%20als%20neuer%20Beh%C3%B6rdenleiter%20des%20Polizeipr%C3%A4sidiums%20Rheinpfalz%20ins%20Amt%20eingef%C3%BChrt&amp;body=https:\/\/www.presseportal.de\/blaulicht\/pm\/117696\/5913188\"><\/a><\/h2>\n\n\n<div class=\"wp-block-image\">\n<figure class=\"aligncenter\"><a href=\"https:\/\/cache.pressmailing.net\/thumbnail\/story_hires\/0d8f9ee1-d049-4dbd-9df7-adaad576b994\/BildPM.jpg.jpg\"><img decoding=\"async\" src=\"https:\/\/cache.pressmailing.net\/thumbnail\/story_big\/0d8f9ee1-d049-4dbd-9df7-adaad576b994\/pol-pprp-andreas-sarter-als-neuer-beh-rdenleiter-des-polizeipr-sidiums-rheinpfalz-ins-amt-eingef-hrt\" alt=\"POL-PPRP: Andreas Sarter als neuer Beh\u00f6rdenleiter des Polizeipr\u00e4sidiums Rheinpfalz ins Amt eingef\u00fchrt\"\/><\/a><\/figure><\/div>\n\n\n<p>Andreas Sarter ist neuer Beh\u00f6rdenleiter des Polizeipr\u00e4sidium Rheinpfalz. Am Mittwochnachmittag fand im Historischen Ratssaal der Stadt Speyer die offizielle Amtseinf\u00fchrung des neuen Polizeichefs statt. Innenminister Michael Ebling w\u00fcrdigte den bisherigen Polizeivizepr\u00e4sidenten und Leiter der Abteilung Polizeieinsatz im Polizeipr\u00e4sidium Rheinpfalz in seiner Ansprache.<\/p>\n\n\n\n<p>&#8222;Andreas Sarter ist tief in der Region verwurzelt und bringt einen gro\u00dfen Erfahrungsschatz in der Polizeiarbeit mit. Mit seiner F\u00fchrungskompetenz und seinem klaren Blick f\u00fcr die Herausforderungen unserer Zeit wird er die Polizei in der Region st\u00e4rken und wichtige Impulse f\u00fcr Sicherheit und Zusammenarbeit setzen. Ich bin \u00fcberzeugt, dass er nicht nur f\u00fcr die B\u00fcrgerinnen und B\u00fcrger, sondern auch f\u00fcr die Polizeibeamtinnen und -beamten ein verl\u00e4sslicher und engagierter Pr\u00e4sident sein wird&#8220;, sagte Innenminister Michael Ebling.<\/p>\n\n\n\n<p>Andreas Sarter begann seine Laufbahn im Polizeidienst des Landes im Jahr 1985 und durchlief s\u00e4mtliche Karrierestufen vom mittleren bis hin zum h\u00f6heren Dienst. Nach seinem Studium an der Deutschen Hochschule der Polizei in M\u00fcnster und dem Aufstieg in den h\u00f6heren Polizeidienst \u00fcbernahm er ab 2004 zun\u00e4chst die Position des stellvertretenden Leiters der 1. Bereitschaftspolizeiabteilung in Enkenbach-Alsenborn. Zwei Jahre sp\u00e4ter wurde er Leiter der Polizeiinspektion Pirmasens. Im Jahr 2009 wechselte Sarter als F\u00fchrungskr\u00e4ftetrainer an die Hochschule der Polizei, bevor er ab 2011 verschiedene Aufgaben in der Polizeiabteilung des Innenministeriums in Mainz \u00fcbernahm. Von 2019 bis 2023 war er als Polizeivizepr\u00e4sident im Polizeipr\u00e4sidium Einsatz, Logistik und Technik t\u00e4tig. Im Sommer 2023 trat er dieselbe Funktion im Polizeipr\u00e4sidium Rheinpfalz an.<\/p>\n\n\n<div class=\"wp-block-image\">\n<figure class=\"aligncenter size-full\"><img decoding=\"async\" loading=\"lazy\" width=\"800\" height=\"593\" src=\"https:\/\/speyer24news.com\/wp-content\/uploads\/2024\/11\/Polizeipraesident-Andreas-Sarter-PD-Rheinpfalz-Minister-Alexander-Schweitzer.jpg\" alt=\"\" class=\"wp-image-60297\" srcset=\"https:\/\/speyer24news.com\/wp-content\/uploads\/2024\/11\/Polizeipraesident-Andreas-Sarter-PD-Rheinpfalz-Minister-Alexander-Schweitzer.jpg 800w, https:\/\/speyer24news.com\/wp-content\/uploads\/2024\/11\/Polizeipraesident-Andreas-Sarter-PD-Rheinpfalz-Minister-Alexander-Schweitzer-300x222.jpg 300w, https:\/\/speyer24news.com\/wp-content\/uploads\/2024\/11\/Polizeipraesident-Andreas-Sarter-PD-Rheinpfalz-Minister-Alexander-Schweitzer-768x569.jpg 768w, https:\/\/speyer24news.com\/wp-content\/uploads\/2024\/11\/Polizeipraesident-Andreas-Sarter-PD-Rheinpfalz-Minister-Alexander-Schweitzer-80x60.jpg 80w\" sizes=\"(max-width: 800px) 100vw, 800px\" \/><\/figure><\/div>\n\n\n<p>&#8222;Ich f\u00fchle mich geehrt und bin sehr dankbar daf\u00fcr, dass man mir dieses verantwortungsvolle Amt \u00fcbertragen hat. Gemeinsam mit meinen Mitarbeitenden werde ich daf\u00fcr sorgen, dass das Polizeipr\u00e4sidium Rheinpfalz weiterhin gute Polizeiarbeit f\u00fcr die B\u00fcrgerinnen und B\u00fcrger der Vorder- und S\u00fcdpfalz leistet &#8211; und das in einem positiven Arbeitsumfeld f\u00fcr unsere Mitarbeiterinnen und Mitarbeiter&#8220;, so Andreas Sarter.<\/p>\n\n\n\n<p>Rund 130 G\u00e4ste aus Politik und Gesellschaft, Kolleginnen und Kollegen, Freunde und Familienmitglieder von Andreas Sarter waren eingeladen. Andreas Sarter folgt auf Georg Litz, der Ende Oktober 2024 in den Ruhestand eingetreten ist.<\/p>\n\n\n\n<h2 class=\"wp-block-heading\">(B 9 \/ Speyer) &#8211; Betrunkene Autofahrerin versucht vor Polizei zu fl\u00fcchten<\/h2>\n\n\n<div class=\"wp-block-image\">\n<figure class=\"aligncenter size-full\"><img decoding=\"async\" loading=\"lazy\" width=\"800\" height=\"516\" src=\"https:\/\/speyer24news.com\/wp-content\/uploads\/2021\/11\/Stopp-Polizei.jpg\" alt=\"\" class=\"wp-image-42568\" srcset=\"https:\/\/speyer24news.com\/wp-content\/uploads\/2021\/11\/Stopp-Polizei.jpg 800w, https:\/\/speyer24news.com\/wp-content\/uploads\/2021\/11\/Stopp-Polizei-300x194.jpg 300w, https:\/\/speyer24news.com\/wp-content\/uploads\/2021\/11\/Stopp-Polizei-768x495.jpg 768w\" sizes=\"(max-width: 800px) 100vw, 800px\" \/><\/figure><\/div>\n\n\n<p>Am Dienstagmittag gegen 12:00 Uhr fiel einer Polizeistreife eine Autofahrerin auf, die mit ihrem Pkw auf der B 39 \u00fcber die gesamte Fahrbahnbreite fuhr und auch sehr langsam war. Die Fahrt f\u00fchrte auf die B 9 in Fahrtrichtung Ludwigshafen. Die Beamten setzten sich vor den Pkw und forderten die Fahrerin mittels Anhaltesignal auf, ihnen zu folgen. Sie versuchte jedoch mehrfach sich der Kontrolle zu entziehen, indem sie den Abstand vergr\u00f6\u00dferte und immer wieder die Fahrspur wechselte. Gef\u00e4hrdet wurde dadurch gl\u00fccklicherweise niemand. Mit Unterst\u00fctzung eines zweiten Streifenwagens gelang es, den Pkw anzuhalten und die Fahrerin zu kontrollieren. Aus dem Wagen str\u00f6mte starker Alkoholgeruch. Einen freiwilligen Alkoholtest hat die Frau verweigert. Ihr wurde eine Blutprobe entnommen. Die 61-j\u00e4hrige Fahrerin erwartet nun ein Strafverfahren wegen Trunkenheit im Verkehr. Da es sich um einen Wiederholungsfall handelte und die Frau zudem keine g\u00fcltige Fahrerlaubnis vorweisen konnte, ist zum einen der Pkw sichergestellt worden und zum anderen kommt noch ein Strafverfahren wegen des Fahrens ohne Fahrerlaubnis hinzu. Bis der Pkw abgeschleppt war, musste der rechte Fahrstreifen auf der B 9 gesperrt werden.<\/p>\n\n\n\n<h2 class=\"wp-block-heading\">(Dudenhofen) &#8211; Pkw mit deutlichen M\u00e4ngeln kontrolliert<\/h2>\n\n\n\n<p>In der Nacht zu Mittwoch gegen 00:30 Uhr kontrollierten Beamte der Polizeiinspektion Speyer einen Pkw in der Carl-Zimmermann-Stra\u00dfe. Dabei stellte sich heraus, dass die Reifen auf der Hinterachse komplett abgefahren waren. An einem war bereits die Karkasse zu sehen. Dar\u00fcber hinaus verf\u00fcgte der Wagen \u00fcber ein Luftfahrwerk, welches zwar abgenommen aber nicht eingetragen war. Zudem waren Sonderr\u00e4der und Distanzscheiben verbaut, die nicht in Kombination abgenommen waren. Das Abblendlicht war ebenfalls defekt. Wegen der fehlenden Abnahme der verbauten Sonderteile ist die Betriebserlaubnis des Fahrzeugs erloschen. Dem Fahrer ist die Weiterfahrt untersagt worden. Sowohl ihn als auch den Halter erwartet nun ein Bu\u00dfgeldverfahren.<\/p>\n\n\n\n<h2 class=\"wp-block-heading\">(Altrip) &#8211; Ohne F\u00fchrerschein<\/h2>\n\n\n\n<p>Ein 37-j\u00e4hriger aus Waldsee wurde am Dienstagmittag, gegen 15:20 Uhr, am Ludwigsplatz mit seinem Kleinkraftrad einer allgemeinen Verkehrskontrolle unterzogen. Im Rahmen der Kontrolle r\u00e4umte der 37-j\u00e4hrige gegen\u00fcber den Polizeibeamten ein, dass er nicht im Besitz einer entsprechenden Fahrerlaubnis ist. Die Weiterfahrt wurde untersagt und der Fahrzeugschl\u00fcssel sichergestellt. Den Mann aus Waldsee erwartet nun ein Strafverfahren wegen Fahren ohne Fahrerlaubnis.<\/p>\n\n\n\n<h2 class=\"wp-block-heading\">(Mutterstadt) &#8211; Einbruch in Wohnung<\/h2>\n\n\n\n<p>Unbekannte brachen am Dienstag (19.11.2024), zwischen 08:10 und 17:35 Uhr) in eine Wohnung eines Mehrfamilienhauses in der Oggersheimer Stra\u00dfe in Mutterstadt ein und entwendeten Schmuck von noch unbekanntem Wert. <\/p>\n\n\n\n<ul>\n<li><strong>Wer hat die Tat beobachtet? Hinweise nimmt die Kriminalpolizei Ludwigshafen unter der Telefonnummer 0621 963- 23312 oder per E-Mail\u00a0<a href=\"mailto:%20KDLudwigshafen.KI3.K31@polizei.rlp.de\">KDLudwigshafen.KI3.K31@polizei.rlp.de<\/a>\u00a0entgegen.<\/strong><\/li>\n<\/ul>\n\n\n\n<h2 class=\"wp-block-heading\">(Germersheim) &#8211; Unfall mit verletztem Rollerfahrer<\/h2>\n\n\n\n<p>Zu einer Kollision zwischen einem Roller- und einem Autofahrer kam es am Dienstagnachmittag, den 19.11.24, in der Schlossstra\u00dfe. Ein 17-J\u00e4hriger Rollerfahrer wollte von der Zeughausstra\u00dfe in die Schlossstra\u00dfe abbiegen und \u00fcbersah den vorfahrtsberechtigten 63-J\u00e4hrigen PKW-Fahrer. Der Rollerfahrer st\u00fcrzte und verletzte sich leicht. Zur weiteren medizinischen Versorgung wurde er in ein umliegendes Krankenhaus gebracht. Die entstandene Schadensh\u00f6he an den beiden Fahrzeugen ist derzeit nicht bekannt.<\/p>\n\n\n\n<h2 class=\"wp-block-heading\">(R\u00fclzheim) &#8211; K\u00f6rperverletzung \/ Zeugen gesucht<\/h2>\n\n\n<div class=\"wp-block-image\">\n<figure class=\"aligncenter size-full\"><img decoding=\"async\" loading=\"lazy\" width=\"801\" height=\"600\" src=\"https:\/\/speyer24news.com\/wp-content\/uploads\/2020\/05\/Zeugen-gesucht-Neutral.jpg\" alt=\"\" class=\"wp-image-26598\" srcset=\"https:\/\/speyer24news.com\/wp-content\/uploads\/2020\/05\/Zeugen-gesucht-Neutral.jpg 801w, https:\/\/speyer24news.com\/wp-content\/uploads\/2020\/05\/Zeugen-gesucht-Neutral-300x225.jpg 300w, https:\/\/speyer24news.com\/wp-content\/uploads\/2020\/05\/Zeugen-gesucht-Neutral-768x575.jpg 768w, https:\/\/speyer24news.com\/wp-content\/uploads\/2020\/05\/Zeugen-gesucht-Neutral-678x509.jpg 678w, https:\/\/speyer24news.com\/wp-content\/uploads\/2020\/05\/Zeugen-gesucht-Neutral-326x245.jpg 326w, https:\/\/speyer24news.com\/wp-content\/uploads\/2020\/05\/Zeugen-gesucht-Neutral-80x60.jpg 80w\" sizes=\"(max-width: 801px) 100vw, 801px\" \/><\/figure><\/div>\n\n\n<p>Am Dienstagabend, den 19.11.24, gegen 19:45 Uhr, wurde ein 25-J\u00e4hriger im Bereich der S-Bahn Haltestelle von zwei bislang unbekannten M\u00e4nnern k\u00f6rperlich angegriffen und hierbei leicht verletzt.<\/p>\n\n\n\n<h4 class=\"wp-block-heading\">Die unbekannten Personen werden wie folgt beschrieben:<\/h4>\n\n\n\n<ol>\n<li><strong>Ca. 20 Jahre<\/strong>, <strong>ca. 1,80m<\/strong>, <strong>blaue Jacke<\/strong><\/li>\n\n\n\n<li><strong>Ca. 40-45 Jahre<\/strong>, <strong>ca. 1,80m, dunkle Haare, schwarze Jacke<\/strong><\/li>\n<\/ol>\n\n\n\n<ul>\n<li><strong>Die Polizei hat die Ermittlungen aufgenommen. Zeugen werden gebeten sich bei der Polizeiinspektion Germersheim unter der Rufnummer 07274-9580 oder per E-Mail unter:\u00a0<a href=\"mailto:%20pigermersheim@polizei.rlp.de\">pigermersheim@polizei.rlp.de<\/a>, zu melden.<\/strong><\/li>\n<\/ul>\n\n\n\n<h2 class=\"wp-block-heading\">(Maximiliansau) &#8211; Erneute Kontrollen des Durchfahrtsverbotes<\/h2>\n\n\n\n<p>Auch am Dienstagmorgen wurde das Durchfahrtsverbot in Maximiliansau von Beamten der Polizei W\u00f6rth kontrolliert. In etwa 90 Minuten mussten 35 Verkehrsteilnehmer geb\u00fchrenpflichtig verwarnt werden, da sie die Eisenbahnstra\u00dfe widerrechtlich in Fahrtrichtung Ortsmitte befuhren. Die Ordnungswidrigkeit wird mit einem Verwarnungsgeld in H\u00f6he von 50 Euro sanktioniert.<\/p>\n\n\n\n<h2 class=\"wp-block-heading\">(Kandel) &#8211; Unfallflucht ohne Zusammensto\u00df<\/h2>\n\n\n\n<p>Dienstagmorgen gegen 10:10 Uhr befuhr ein Fahrradfahrer die Landauer Stra\u00dfe in Richtung Hauptstra\u00dfe. Ein Kastenwagen mit GER-Zulassung in goldmetallic\/beige fuhr in die Hauptstra\u00dfe ein, ohne die Vorfahrt des Radfahrers zu beachten. Dieser musste eine Gefahrenbremsung durchf\u00fchren, um einen Zusammensto\u00df zu vermeiden. Dabei st\u00fcrzte er und verletzte sich leicht. Der Kastenwagen hielt nicht an und fuhr weiter in Richtung Bahnhofstra\u00dfe. Zu einem Ansto\u00df zwischen den Beteiligten kam es nicht. Neben der Fahrzeugbeschreibung konnte der Gesch\u00e4digte lediglich angeben, dass das Fahrzeug von einer weiblichen Person gef\u00fchrt wurde. Es wurde ein Strafverfahren gegen die bislang unbekannte Fahrzeugf\u00fchrerin er\u00f6ffnet.<\/p>\n\n\n\n<ul>\n<li><strong>Zeugen\/Hinweisgeber werden gebeten sich mit der Polizei in W\u00f6rth in Verbindung zu setzen.<\/strong><\/li>\n<\/ul>\n\n\n\n<h2 class=\"wp-block-heading\">(Landau) &#8211; Strafanzeigen nach Blechschaden<\/h2>\n\n\n\n<p>Am Nachmittag des 19.11.2024 ereignete sich auf einem Parkplatz im Landauer Innenstadtbereich ein Vorfall, der f\u00fcr einen 62-J\u00e4hrigen aus dem Kreis Germersheim nicht nur zu einem Blechschaden, sondern auch zu strafrechtlichen Konsequenzen f\u00fchrte. Beim Verlassen ihres Autos wurde die Autot\u00fcr einer 57-J\u00e4hrigen aus dem Kreis Bad D\u00fcrkheim von einer Windb\u00f6e erfasst und gegen das geparkte Auto des 62-J\u00e4hrigen geschlagen. Trotz sofortiger Bem\u00fchungen der Frau, den Vorfall zu kl\u00e4ren, geriet der Fahrzeugbesitzer in Rage. Da er gegen\u00fcber der 57-J\u00e4hrigen mit Beleidigungen reagierte, verst\u00e4ndigte diese die Polizei Landau. Im Verlauf der darauffolgenden Sachverhaltsaufnahme verhielt sich der Mann ungehalten und stellte zus\u00e4tzlich die Kompetenz der hinzugerufenen Beamten in Frage. Aufgrund seines unangebrachten Verhaltens wurden gegen den 62-J\u00e4hrigen Strafanzeigen wegen Beleidigung erfasst und die zust\u00e4ndige F\u00fchrerscheinstelle \u00fcber den Sachverhalt informiert.<\/p>\n\n\n\n<h2 class=\"wp-block-heading\">(Edesheim \/ Roschbach) &#8211; Zu schnell unterwegs<a href=\"https:\/\/www.facebook.com\/sharer.php?u=https%3A%2F%2Fwww.presseportal.de%2Fblaulicht%2Fpm%2F117686%2F5912942%2F%3Futm_source%3Dfacebook%26utm_medium%3Dsocial\"><\/a><a href=\"https:\/\/twitter.com\/intent\/tweet?text=POL-PDLD%3A%20Edesheim%2FRoschbach%20-%20Zu%20schnell%20unterwegs&amp;url=https%3A%2F%2Fwww.presseportal.de%2Fblaulicht%2Fpm%2F117686%2F5912942%2F%3Futm_source%3Dtwitter%26utm_medium%3Dsocial&amp;hashtags=ots&amp;lang=de\"><\/a><a href=\"https:\/\/web.whatsapp.com\/send?text=POL-PDLD%3A%20Edesheim%2FRoschbach%20-%20Zu%20schnell%20unterwegs%0A%0Ahttps%3A%2F%2Fwww.presseportal.de%2Fblaulicht%2Fpm%2F117686%2F5912942%2F%3Futm_source%3Dwhatsapp%26utm_medium%3Dsocial\"><\/a><a href=\"https:\/\/www.xing.com\/app\/user?op=share;url=https%3A%2F%2Fwww.presseportal.de%2Fblaulicht%2Fpm%2F117686%2F5912942%2F%3Futm_source%3Dxing%26utm_medium%3Dsocial\"><\/a><a href=\"http:\/\/www.linkedin.com\/shareArticle?mini=true&amp;url=https%3A%2F%2Fwww.presseportal.de%2Fblaulicht%2Fpm%2F117686%2F5912942%2F%3Futm_source%3Dlinkedin%26utm_medium%3Dsocial&amp;title=POL-PDLD%3A+Edesheim%2FRoschbach+-+Zu+schnell+unterwegs\"><\/a><a href=\"mailto:?subject=POL-PDLD%3A%20Edesheim%2FRoschbach%20-%20Zu%20schnell%20unterwegs&amp;body=https:\/\/www.presseportal.de\/blaulicht\/pm\/117686\/5912942\"><\/a><\/h2>\n\n\n<div class=\"wp-block-image\">\n<figure class=\"aligncenter\"><a href=\"https:\/\/cache.pressmailing.net\/thumbnail\/story_hires\/7e641061-9498-4095-8ea8-b3b167a94e02\/Geschwindigkeitsmessung.JPG.jpg\"><img decoding=\"async\" src=\"https:\/\/cache.pressmailing.net\/thumbnail\/story_big\/7e641061-9498-4095-8ea8-b3b167a94e02\/pol-pdld-edesheim-roschbach-zu-schnell-unterwegs\" alt=\"POL-PDLD: Edesheim\/Roschbach - Zu schnell unterwegs\"\/><\/a><\/figure><\/div>\n\n\n<p>Innerhalb 45 Minuten wurden Dienstagmorgen (19.11.2024, 8 Uhr bis 8.45 Uhr) neun Autofahrer mit einem Verwarnungsgeld sanktioniert, weil sie in der Staatsstra\u00dfe sich nicht an die 30km\/h-Beschr\u00e4nkung hielten. Der Schnellste war mit 48 km\/h unterwegs. In der 70er Zone auf der L 516\/Abzweigung Roschbach \u00fcberschritten 14 Verkehrsteilnehmer die 70 km\/h-Beschr\u00e4nkung. Der Schnellste war mit 117 km\/h unterwegs. Er wird mit einem Bu\u00dfgeld sanktioniert.<\/p>\n\n\n\n<h2 class=\"wp-block-heading\">(Edenkoben) &#8211; Ladendieb mit 2,53 Promille<a href=\"https:\/\/www.facebook.com\/sharer.php?u=https%3A%2F%2Fwww.presseportal.de%2Fblaulicht%2Fpm%2F117686%2F5912943%2F%3Futm_source%3Dfacebook%26utm_medium%3Dsocial\"><\/a><a href=\"https:\/\/twitter.com\/intent\/tweet?text=POL-PDLD%3A%20Edenkoben%20-%20Ladendieb%20mit%202%2C53%20Promille&amp;url=https%3A%2F%2Fwww.presseportal.de%2Fblaulicht%2Fpm%2F117686%2F5912943%2F%3Futm_source%3Dtwitter%26utm_medium%3Dsocial&amp;hashtags=ots&amp;lang=de\"><\/a><a href=\"https:\/\/web.whatsapp.com\/send?text=POL-PDLD%3A%20Edenkoben%20-%20Ladendieb%20mit%202%2C53%20Promille%0A%0Ahttps%3A%2F%2Fwww.presseportal.de%2Fblaulicht%2Fpm%2F117686%2F5912943%2F%3Futm_source%3Dwhatsapp%26utm_medium%3Dsocial\"><\/a><a href=\"https:\/\/www.xing.com\/app\/user?op=share;url=https%3A%2F%2Fwww.presseportal.de%2Fblaulicht%2Fpm%2F117686%2F5912943%2F%3Futm_source%3Dxing%26utm_medium%3Dsocial\"><\/a><a href=\"http:\/\/www.linkedin.com\/shareArticle?mini=true&amp;url=https%3A%2F%2Fwww.presseportal.de%2Fblaulicht%2Fpm%2F117686%2F5912943%2F%3Futm_source%3Dlinkedin%26utm_medium%3Dsocial&amp;title=POL-PDLD%3A+Edenkoben+-+Ladendieb+mit+2%2C53+Promille\"><\/a><a href=\"mailto:?subject=POL-PDLD%3A%20Edenkoben%20-%20Ladendieb%20mit%202%2C53%20Promille&amp;body=https:\/\/www.presseportal.de\/blaulicht\/pm\/117686\/5912943\"><\/a><\/h2>\n\n\n\n<p>Mit einem Alkoholpegel von 2,85 Promille machte sich Dienstagvormittag (19.11.2024, 11.50 Uhr) ein 54 Jahre alter Mann auf Diebestour in verschiedenen Discountern. Zun\u00e4chst deckte er sich mit Alkoholika und verschiedenen Lebensmittel ein, bis er in einem Drogeriemarkt bei der Entwendung kosmetischer Artikel und Parf\u00fcms von einer Bediensteten erwischt wurde, die die Polizei alarmierte. Bei seiner Durchsuchung konnte Diebesgut von \u00fcber 30 Euro sichergestellt werden. Nach einer erkennungsdienstlichen Behandlung und Erhebung einer Sicherheitsleistung wurde der Dieb auf freien Fu\u00df gesetzt. Eine Sicherheitsleistung hat den Zweck, den staatlichen Strafverfolgungs- und Strafvollstreckungsanspruch bei ausl\u00e4ndischen Straft\u00e4tern zu sichern.<\/p>\n\n\n\n<h2 class=\"wp-block-heading\">(Lambrecht) &#8211; Wiederholte Trunkenheitsfahrt<a href=\"https:\/\/www.facebook.com\/sharer.php?u=https%3A%2F%2Fwww.presseportal.de%2Fblaulicht%2Fpm%2F117687%2F5912531%2F%3Futm_source%3Dfacebook%26utm_medium%3Dsocial\"><\/a><a href=\"https:\/\/twitter.com\/intent\/tweet?text=POL-PDNW%3A%20Wiederholte%20Trunkenheitsfahrt&amp;url=https%3A%2F%2Fwww.presseportal.de%2Fblaulicht%2Fpm%2F117687%2F5912531%2F%3Futm_source%3Dtwitter%26utm_medium%3Dsocial&amp;hashtags=ots&amp;lang=de\"><\/a><a href=\"https:\/\/web.whatsapp.com\/send?text=POL-PDNW%3A%20Wiederholte%20Trunkenheitsfahrt%0A%0Ahttps%3A%2F%2Fwww.presseportal.de%2Fblaulicht%2Fpm%2F117687%2F5912531%2F%3Futm_source%3Dwhatsapp%26utm_medium%3Dsocial\"><\/a><a href=\"https:\/\/www.xing.com\/app\/user?op=share;url=https%3A%2F%2Fwww.presseportal.de%2Fblaulicht%2Fpm%2F117687%2F5912531%2F%3Futm_source%3Dxing%26utm_medium%3Dsocial\"><\/a><a href=\"http:\/\/www.linkedin.com\/shareArticle?mini=true&amp;url=https%3A%2F%2Fwww.presseportal.de%2Fblaulicht%2Fpm%2F117687%2F5912531%2F%3Futm_source%3Dlinkedin%26utm_medium%3Dsocial&amp;title=POL-PDNW%3A+Wiederholte+Trunkenheitsfahrt\"><\/a><a href=\"mailto:?subject=POL-PDNW%3A%20Wiederholte%20Trunkenheitsfahrt&amp;body=https:\/\/www.presseportal.de\/blaulicht\/pm\/117687\/5912531\"><\/a><\/h2>\n\n\n\n<p>Am 20.11.2024 um 01:30 Uhr wurde ein 52-J\u00e4hriger aus Mannheim mit einem Mercedes in der Hauptstra\u00dfe in 67466 Lambrecht\/ Pfalz einer Verkehrskontrolle unterzogen. Bereits im August diesen Jahres trat der Mann wegen einer Fahrt unter Cannabiseinfluss in Erscheinung. Auch am heutigen Tag stand der Fahrer unter dem Einfluss von Cannabis, weshalb diesem erneut eine Blutprobe entnommen und dessen an einen Bekannten \u00fcbergeben wurde. Nun muss sich der Mannheimer nochmals in einem Ordnungswidrigkeitenverfahren verantworten.<\/p>\n\n\n\n<h2 class=\"wp-block-heading\">(Neustadt) &#8211; Eine Vielzahl von Handy-Verst\u00f6\u00dfen &#8230;<\/h2>\n\n\n\n<p>&#8230; wurde bei einer Kontrollstelle der Polizei in Neustadt an der Weinstra\u00dfe am 20.11.2024 in der Branchweilerhofstra\u00dfe festgestellt. In Zeitraum zwischen 14.30 h und 15.45 h konnte bei insgesamt 12 Verkehrsteilnehmern geahndet werden, dass diese verbotswidrig ein Mobiltelefon beim Fahren benutzten. Daneben wurden 5 Gurtverst\u00f6\u00dfe festgestellt und bei einem Fahrzeug wurde festgestellt, dass der Termin zur Hauptuntersuchung \u00fcberschritten wurde.<\/p>\n\n\n\n<h2 class=\"wp-block-heading\">(Neustadt) &#8211; Berauscht durch die Nacht<\/h2>\n\n\n\n<p>Am 20.11.2024 um 01:55 Uhr wurde ein 27-J\u00e4hriger mit seinem Nissan in der Landauer Stra\u00dfe in 67433 Neustadt\/W. einer Verkehrskontrolle unterzogen. W\u00e4hrend der \u00dcberpr\u00fcfung der Verkehrst\u00fcchtigkeit de Mannes konnten Auff\u00e4lligkeiten festgestellt werden, welche auf eine aktuelle Bet\u00e4ubungsmittelbeeinflussung schlie\u00dfen lie\u00dfen. Ein Vortest reagierte letztlich positiv auf die Stoffgruppen Kokain und THC, weshalb dem Mann eine Blutprobe und dessen Fahrzeugschl\u00fcssel sichergestellt wurde. Nun kommt auf den in Neustadt\/W. lebenden Mann ein Straf-, sowie Ordnungswidrigkeitenverfahren zu. Zudem wird die F\u00fchrerscheinstelle \u00fcber den Sachverhalt in Kenntnis gesetzt.<\/p>\n\n\n\n<h2 class=\"wp-block-heading\">(Neustadt) &#8211; Seine Fahrerlaubnis nicht rechtzeitig umschreiben gelassen&#8230;<\/h2>\n\n\n<div class=\"wp-block-image\">\n<figure class=\"aligncenter size-full\"><img decoding=\"async\" loading=\"lazy\" width=\"800\" height=\"594\" src=\"https:\/\/speyer24news.com\/wp-content\/uploads\/2021\/11\/Fuehrerschein-Karte-Neu-Deutschland.jpg\" alt=\"\" class=\"wp-image-42188\" srcset=\"https:\/\/speyer24news.com\/wp-content\/uploads\/2021\/11\/Fuehrerschein-Karte-Neu-Deutschland.jpg 800w, https:\/\/speyer24news.com\/wp-content\/uploads\/2021\/11\/Fuehrerschein-Karte-Neu-Deutschland-300x223.jpg 300w, https:\/\/speyer24news.com\/wp-content\/uploads\/2021\/11\/Fuehrerschein-Karte-Neu-Deutschland-768x570.jpg 768w, https:\/\/speyer24news.com\/wp-content\/uploads\/2021\/11\/Fuehrerschein-Karte-Neu-Deutschland-80x60.jpg 80w\" sizes=\"(max-width: 800px) 100vw, 800px\" \/><\/figure><\/div>\n\n\n<p>&#8230; hat ein 37-J\u00e4hriger aus Neustadt\/W., welcher am 19.11.2024 um 22:15 Uhr mit seinem Renault in der Landauer Stra\u00dfe in 67433 Neustadt\/W. einer Verkehrskontrolle unterzogen wurde. Im Verlauf der Kontrolle konnte festgestellt werden, dass der Fahrer seine nicht-europ\u00e4ische Fahrerlaubnis nicht umschreiben lie\u00df, obwohl dieser bereits seit \u00fcber neun Monaten ordnungsbeh\u00f6rdlich in der Bundesrepublik Deutschland gemeldet ist. Aufgrund dieser Tatsache musste der Mann den Fahrzeugschl\u00fcssel einem Bekannten \u00fcbergeben. Nun kommt auf diesen ein Strafverfahren wegen Fahrens ohne Fahrerlaubnis zu. Zudem wird die zust\u00e4ndige F\u00fchrerscheinstelle \u00fcber den Vorfall informiert.<\/p>\n\n\n\n<p>Die Polizei weist daraufhin, dass Inhaber von nicht-europ\u00e4ischen Fahrerlaubnisse nach Wohnsitzbegr\u00fcndung in der Bundesrepublik innerhalb von sechs Monaten ihre Fahrerlaubnisse umschreiben lassen m\u00fcssen.<\/p>\n\n\n\n<h2 class=\"wp-block-heading\">(B 39 \/ Neustadt) &#8211; Kurzzeitige Vollsperrung der B39 aufgrund eines Verkehrsunfalls<\/h2>\n\n\n\n<p>Am 19.11.2024, um 17:15 Uhr, kam es auf der Bundesstra\u00dfe 39, H\u00f6he der Autobahnanschlussstelle Neustadt S\u00fcd zu einem Verkehrsunfall zwischen zwei PKW. Eine 73-j\u00e4hrige Frau wollte aus einer Haltebuch zwischen dem Mitfahrerparkplatz Neustadt S\u00fcd und der Autobahnanschlussstelle nach rechts auf die B39 einbiegen. Hierbei geriet sie aufgrund regennasser Fahrbahn auf die Gegenfahrbahn und kollidierte mit dem dort befindlichen PKW eines 54-j\u00e4hrigen. Da zun\u00e4chst unklar war, ob Personen bei dem Verkehrsunfall eingeklemmt oder verletzt wurden, wurde die Feuerwehr Neustadt und der Rettungsdienst ebenfalls zur Unfallstelle entsandt. Nach der Unfalldokumentation konnten die Fahrzeuge durch die Feuerwehr in den Feldweg geschoben werden. Bis die Fahrbahn ger\u00e4umt war musste die B39 f\u00fcr ca. 20 Minuten in beide Fahrtrichtungen voll gesperrt werden. Der Verkehr wurde umgeleitet. Durch den Verkehrsunfall wurde keiner der Beteiligten verletzt. Die Fahrzeuge wurden durch den hinzugerufenen Abschleppdienst abgeschleppt. Es entstand Sachschaden in H\u00f6he von 15.000 Euro. Gegen die Unfallverursacherin wurde eine Verkehrsordnungswidrigkeitenanzeige eingeleitet.<\/p>\n\n\n\n<h2 class=\"wp-block-heading\">(Wachenheim) &#8211; Schulwegkontrolle<\/h2>\n\n\n\n<p>Am Morgen des 19.11.2024 wurde durch Beamte der Polizeiinspektion Bad D\u00fcrkheim im Bereich der Grundschule Wachenheim eine Schulwegkontrolle durchgef\u00fchrt. Der Schwerpunkt der Kontrollen lag insbesondere auf Gurtverst\u00f6\u00dfen und insbesondere auf der fehlenden Sicherung der Schulkinder. Im Zeitraum von 07:10 Uhr bis 08:30 Uhr konnten mehrere Verst\u00f6\u00dfe festgestellt werden. In einem Fahrzeug war ein Schulkind nicht ordnungsgem\u00e4\u00df gesichert. Weiterhin wurden 5 M\u00e4ngelberichte ausgestellt.<\/p>\n\n\n\n<h2 class=\"wp-block-heading\">(Bobenheim-Roxheim) &#8211; Hohe Schadenssumme bei Anlagebetrug<\/h2>\n\n\n<div class=\"wp-block-image\">\n<figure class=\"aligncenter size-full\"><img decoding=\"async\" loading=\"lazy\" width=\"800\" height=\"580\" src=\"https:\/\/speyer24news.com\/wp-content\/uploads\/2021\/11\/Abzocke-Betrug-Wucher-hohe-Rechnung.jpg\" alt=\"\" class=\"wp-image-42488\" srcset=\"https:\/\/speyer24news.com\/wp-content\/uploads\/2021\/11\/Abzocke-Betrug-Wucher-hohe-Rechnung.jpg 800w, https:\/\/speyer24news.com\/wp-content\/uploads\/2021\/11\/Abzocke-Betrug-Wucher-hohe-Rechnung-300x218.jpg 300w, https:\/\/speyer24news.com\/wp-content\/uploads\/2021\/11\/Abzocke-Betrug-Wucher-hohe-Rechnung-768x557.jpg 768w\" sizes=\"(max-width: 800px) 100vw, 800px\" \/><\/figure><\/div>\n\n\n<p>Ein 75-J\u00e4hriger aus Bobenheim-Roxheim wurde Opfer eines Anlagebetruges. Nachdem er im Sommer \u00fcber ein vermeintliches Interview eines Prominenten auf eine Website aufmerksam wurde, bei der man in Kryptow\u00e4hrungen investieren kann, hatte er in der Folge regelm\u00e4\u00dfig Kontakt mit vermeintlichen Mitarbeitern des Unternehmens. Bei dem Video des Interviews handelte es sich um eine F\u00e4lschung. In den folgenden Monaten wurde er immer wieder \u00fcber WhatsApp oder per Email kontaktiert und dazu bewegt, Geld zu investieren, um hohe Renditen zu erhalten. Die Auszahlung der angeblichen Gewinne wurde jedoch unter verschiedenen Vorw\u00e4nden immer wieder verschoben. Am vergangenen Freitag erstattete der 75-J\u00e4hrige schlie\u00dflich Anzeige. Der entstandene Schaden liegt im hohen sechsstelligen Bereich.<\/p>\n\n\n\n<h3 class=\"wp-block-heading\">Bitte beachten Sie:<\/h3>\n\n\n\n<ul>\n<li><strong>Ungew\u00f6hnlich hohe Gewinne mit wenig Einsatz, sollten immer misstrauisch machen.<\/strong><\/li>\n\n\n\n<li><strong>Seri\u00f6se Anbieter gehen nicht direkt auf Kunden zu, um sie zum Online-Trading zu bringen.<\/strong><\/li>\n\n\n\n<li><strong>Informieren Sie sich \u00fcber die Trading-Plattformen, bevor Sie sich anmelden oder Geld \u00fcberweisen.<\/strong><\/li>\n\n\n\n<li><strong>Lassen Sie sich nicht unter Druck setzen. Fragen Sie notfalls bei der offiziellen Plattform nach, wer der H\u00e4ndler ist.<\/strong><\/li>\n\n\n\n<li><strong>Geben Sie keine sensiblen Daten preis &#8211; wie Zugangsdaten zum Online-Banking oder zum Depot.<\/strong><\/li>\n<\/ul>\n\n\n\n<h4 class=\"wp-block-heading\"><em>Bef\u00fcrchten Sie Opfer geworden zu sein? Erstatten Sie Anzeige bei Ihrer \u00f6rtlichen Polizei! Weitere Informationen erhalten sie unter\u00a0<a href=\"https:\/\/www.polizei-beratung.de\/\" target=\"_blank\" rel=\"noreferrer noopener\">https:\/\/www.polizei-beratung.de<\/a>\u00a0.<\/em><\/h4>\n\n\n\n<h2 class=\"wp-block-heading\">(Polizeipr\u00e4sidium Rheinpfalz \/ Ludwigshafen) &#8211; ROADPOL: Kontrollwoche Truck &amp; Bus vom 11.11. &#8211; 17.11.2024<\/h2>\n\n\n<div class=\"wp-block-image\">\n<figure class=\"aligncenter size-full\"><img decoding=\"async\" loading=\"lazy\" width=\"800\" height=\"447\" src=\"https:\/\/speyer24news.com\/wp-content\/uploads\/2022\/09\/Kontrolle-2.jpg\" alt=\"\" class=\"wp-image-49124\" srcset=\"https:\/\/speyer24news.com\/wp-content\/uploads\/2022\/09\/Kontrolle-2.jpg 800w, https:\/\/speyer24news.com\/wp-content\/uploads\/2022\/09\/Kontrolle-2-300x168.jpg 300w, https:\/\/speyer24news.com\/wp-content\/uploads\/2022\/09\/Kontrolle-2-768x429.jpg 768w\" sizes=\"(max-width: 800px) 100vw, 800px\" \/><figcaption class=\"wp-element-caption\">Kontrolle<\/figcaption><\/figure><\/div>\n\n\n<p>Die \u00dcberwachung des gewerblichen Personen- und G\u00fcterverkehrs bleibt ein wichtiger Teil der polizeilichen Verkehrs\u00fcberwachung. \u00dcberm\u00fcdete Fahrer und technisch nicht einwandfreie Fahrzeuge stellen eine ernstzunehmende Gefahr f\u00fcr alle Verkehrsteilnehmenden dar. Darum ist es wichtig, durch m\u00f6glichst h\u00e4ufige intensive Kontrollen zur Vermeidung von schweren Unfallfolgen beizutragen.<\/p>\n\n\n\n<p>Im Zeitraum vom 11. November 2024 bis zum 17. November 2024 beteiligte sich deshalb das Polizeipr\u00e4sidium Rheinpfalz an der ROADPOL-Kontrollwoche &#8222;Truck &amp; Bus&#8220;.<\/p>\n\n\n\n<p>Prim\u00e4res Ziel hierbei war die \u00dcberwachung der Einhaltung von Lenk- und Ruhezeiten bei den Berufskraftfahrerinnen und Berufskraftfahrern. Die eingesetzten Polizeikr\u00e4fte, insbesondere unsere Expertinnen und Experten der zentralen Verkehrsdienste, legten zudem ein besonderes Augenmerk auf den technischen Zustand und die Ladungssicherheit der Fahrzeuge sowie die Fahrt\u00fcchtigkeit der Fahrzeugf\u00fchrenden.<\/p>\n\n\n\n<p>Insgesamt wurden im Kontrollzeitraum 147 Lastkraftwagen und Kraftomnibusse kontrolliert. Hierbei wurden 63 Verst\u00f6\u00dfe geahndet. In 15 F\u00e4llen f\u00fchrten die festgestellten M\u00e4ngel zu einem Verbot der Weiterfahrt.<\/p>\n\n\n\n<p>Die Kontrollen sind Teil der l\u00e4nder\u00fcbergreifenden Verkehrs\u00fcberwachungsaktion &#8222;Truck &amp; Bus&#8220; des ROADPOL Netzwerks.<\/p>\n\n\n\n<p>&#8222;Grenzen \u00fcberschreiten, um Leben zu retten!&#8220; &#8211; das ist der Slogan von ROADPOL, dem europaweiten Polizeinetzwerk, welches das Ziel hat, die Zahl der Verkehrsunfallopfer deutlich zu senken. Dabei koordiniert es europaweit nationale Aktionen, die die Vorschriften im Verkehrssektor durchsetzen sollen. Innerhalb dieses Kontrollverbundes finden \u00fcber das Jahr verteilt verkehrspolizeiliche Schwerpunktkontrollen statt. Weitere Informationen gibt es unter&nbsp;<a target=\"_blank\" rel=\"noreferrer noopener\" href=\"https:\/\/www.roadpol.eu\/\">www.roadpol.eu<\/a>.<\/p>\n\n\n\n<p>Das Polizeipr\u00e4sidium Rheinpfalz mit Sitz in Ludwigshafen am Rhein ist zust\u00e4ndig f\u00fcr die Sicherheit von \u00fcber 900.000 Menschen. Der Dienstbezirk der Beh\u00f6rde mit ihren rund 2.200 Mitarbeiterinnen und Mitarbeitern umfasst auf etwa 2.400 Quadratkilometern die komplette Vorder- und S\u00fcdpfalz mit dem Rhein-Pfalz-Kreis, den Landkreisen Bad D\u00fcrkheim, Germersheim und S\u00fcdliche Weinstra\u00dfe sowie den kreisfreien St\u00e4dten Frankenthal (Pfalz), Landau in der Pfalz, Ludwigshafen am Rhein, Neustadt a.d.W. und Speyer.<\/p>\n\n\n\n<h4 class=\"wp-block-heading\"><em>Wenn Sie einen Einblick in unsere Arbeit gewinnen wollen, schauen Sie sich gerne unter\u00a0<a href=\"https:\/\/s.rlp.de\/YwRYe\" target=\"_blank\" rel=\"noreferrer noopener\">https:\/\/s.rlp.de\/YwRYe<\/a>\u00a0unseren Film &#8222;Wir f\u00fcr die Pfalz&#8220; an oder werfen einen Blick in unsere bildgewaltige und informative Brosch\u00fcre unter\u00a0<a href=\"https:\/\/s.rlp.de\/Hq6Al\" target=\"_blank\" rel=\"noreferrer noopener\">https:\/\/s.rlp.de\/Hq6Al<\/a>. Sie werden \u00fcberrascht sein, was wir alles machen.<\/em><\/h4>\n\n\n\n<h2 class=\"wp-block-heading\">(Ludwigshafen) &#8211; 46-J\u00e4hrige sexuell bel\u00e4stigt \/ Zeugen gesucht<\/h2>\n\n\n<div class=\"wp-block-image\">\n<figure class=\"aligncenter size-full\"><img decoding=\"async\" loading=\"lazy\" width=\"800\" height=\"592\" src=\"https:\/\/speyer24news.com\/wp-content\/uploads\/2023\/02\/Achtung.jpeg\" alt=\"\" class=\"wp-image-51381\" srcset=\"https:\/\/speyer24news.com\/wp-content\/uploads\/2023\/02\/Achtung.jpeg 800w, https:\/\/speyer24news.com\/wp-content\/uploads\/2023\/02\/Achtung-300x222.jpeg 300w, https:\/\/speyer24news.com\/wp-content\/uploads\/2023\/02\/Achtung-768x568.jpeg 768w, https:\/\/speyer24news.com\/wp-content\/uploads\/2023\/02\/Achtung-80x60.jpeg 80w\" sizes=\"(max-width: 800px) 100vw, 800px\" \/><\/figure><\/div>\n\n\n<p>Ein bislang unbekannter Mann passte am Dienstagabend (19.11.2024, 23:36 Uhr) eine 46-J\u00e4hrige im Bereich der Maxstra\u00dfe ab und fasste ihr mehrmals ans Ges\u00e4\u00df. Zudem habe er versucht die Frau zu umarmen. Er lie\u00df erst ab, als eine Fu\u00dfg\u00e4ngerin dazwischen ging. <\/p>\n\n\n\n<ul>\n<li><strong>Der Unbekannte fl\u00fcchtete anschlie\u00dfend zu Fu\u00df in Richtung Danziger Platz. <\/strong><\/li>\n\n\n\n<li><strong>Der T\u00e4ter trug eine schwarze Jogginghose mit roten Streifen, einen dunklen Bart sowie einen dunklen Schlauchschal. <\/strong><\/li>\n\n\n\n<li><strong>Wer kann weitere Hinweise zum T\u00e4ter geben? Hinweise bitte an die Polizeiinspektion Ludwigshafen 1, Telefonnummer 0621 963- 24150 oder per E-Mail\u00a0<a href=\"mailto:%20piludwigshafen1@polizei.rlp.de\">piludwigshafen1@polizei.rlp.de<\/a>\u00a0.<\/strong><\/li>\n<\/ul>\n\n\n\n<h2 class=\"wp-block-heading\">(Ludwigshafen) &#8211; Alkoholisiert Unfall verursacht und gefl\u00fcchtet<\/h2>\n\n\n\n<p>Ein 58-J\u00e4hriger besch\u00e4digte am Dienstagabend (19.11.2024, 21:10 Uhr) beim Abbiegen mit seinem Auto zwei am Fahrbahnrand geparkte Fahrzeuge in der Hoheneckenstra\u00dfe. Anschlie\u00dfend fl\u00fcchtete er, ohne sich um den entstandenen Schaden zu k\u00fcmmern. Der Unfall wurde von einem Zeugen beobachtet, der die Polizei verst\u00e4ndigte. Die Polizei kontrollierte den 58-J\u00e4hrigen in unmittelbarer N\u00e4he in seinem Auto. W\u00e4hrend der Kontrolle stellten die Polizeibeamten Atemalkohol fest. Ein Atemalkoholtest ergaben einen Promillewert von 3,08. Der 58-J\u00e4hrige wurde anschlie\u00dfend zu einer Polizeidienststelle gebracht, wo ihm eine Blutprobe entnommen wurde. Seinen F\u00fchrerschein stellte die Polizei sicher.<\/p>\n\n\n\n<h2 class=\"wp-block-heading\">(Ludwigshafen) &#8211; 16-J\u00e4hriger mit gestohlenen Roller erwischt<\/h2>\n\n\n\n<p>Ein 16-J\u00e4hriger war am Dienstag (19.11.2024) mit einem gestohlenen Roller in der Bauhausstra\u00dfe unterwegs. Beim Erblicken der sich zuf\u00e4llig vor Ort befindlichen Streife, versuchte er zu Fu\u00df fl\u00fcchten. Die Polizeibeamten nahmen die Verfolgung auf und stellten den 16-J\u00e4hrigen. Der mitgef\u00fchrte Roller wurde bereits am 16.11.2024 in Worms als gestohlen gemeldet. Dar\u00fcber hinaus ergaben sich Hinweise, dass der 16-J\u00e4hirge unter dem Einfluss von Bet\u00e4ubungsmitteln den Roller fuhr. Er wurde im Anschluss zu einer Polizeidienststelle gebracht, wo ihm eine Blutprobe entnommen wurde.<\/p>\n\n\n\n<h2 class=\"wp-block-heading\">(Ludwigshafen) &#8211; Versuchter Diebstahl \/ Zeugen gesucht<\/h2>\n\n\n\n<p>Zwei unbekannte M\u00e4nner versuchten am Dienstagmorgen (19.11.2024, 08:40 Uhr) Werkzeuge und Baumaterialien von einem Grundst\u00fcck in der Rheinrugenstra\u00dfe zu stehlen. Als die Grundst\u00fccksbesitzerin zuf\u00e4llig vor Ort erschien, fl\u00fcchteten die M\u00e4nner ohne Beute. <\/p>\n\n\n\n<ul>\n<li><strong>Wer kann Hinweise zum Diebstahl geben? Hinweise bitte an die Polizeiinspektion Ludwigshafen 2, Telefonnummer 0621 963- 24250 oder per E-Mail\u00a0<a href=\"mailto:%20piludwigshafen2@polizei.rlp.de\">piludwigshafen2@polizei.rlp.de<\/a>\u00a0.<\/strong><\/li>\n<\/ul>\n\n\n\n<h2 class=\"wp-block-heading\">(Ludwigshafen) &#8211; Diebstahl aus Auto<\/h2>\n\n\n\n<p>Unbekannte \u00f6ffneten am Dienstag (19.11.2024), zwischen 0 und 8 Uhr, ein unverschlossenes Auto und entwendeten 20 Euro Bargeld und eine Powerbank. Der VW Touran war im Tatzeitraum in der Comeniusstra\u00dfe abgestellt. <\/p>\n\n\n\n<ul>\n<li><strong>Wer hat die Tat beobachtet? Hinweise werden an die Polizeiwache Oggersheim unter Tel. 0621 963 &#8211; 24650 oder per E-Mail\u00a0<a href=\"mailto:%20pwoggersheim@polizei.rlp.de\">pwoggersheim@polizei.rlp.de<\/a>\u00a0erbeten.<\/strong><\/li>\n<\/ul>\n\n\n\n<h2 class=\"wp-block-heading\">(Ludwigshafen) &#8211; Einbruch in Kleingartenanlage \/ Zeugen gesucht<\/h2>\n\n\n\n<p>Unbekannte brachen in der Nacht von Montag (17.11.2024) auf Dienstag (18.11.2024) in eine Kleingartenanlage in der Brunckstra\u00dfe ein und entwendeten einen Akkuschrauber, eine Autobatterie, zwei Gasflaschen und eine Deckenlampe. <\/p>\n\n\n\n<ul>\n<li><strong>Wer hat die Tat beobachtet und kann Hinweise geben? Hinweise bitte an die Polizeiinspektion Ludwigshafen 2, Telefonnummer 0621 963- 24250 oder per E-Mail\u00a0<a href=\"mailto:%20piludwigshafen2@polizei.rlp.de\">piludwigshafen2@polizei.rlp.de<\/a>\u00a0.<\/strong><\/li>\n<\/ul>\n\n\n\n<h2 class=\"wp-block-heading\">(Ludwigshafen) &#8211; Einbruch in Getr\u00e4nkemarkt \/ Zeugen gesucht<\/h2>\n\n\n\n<p>Unbekannte brachen in der Nacht vom Montag (18.11.2024) auf Dienstag (19.11.2024) in einen Getr\u00e4nkemarkt in der Mannheimer Stra\u00dfe ein und entwendeten 150 Euro Leergutflaschen und f\u00fcnf Kisten Vollgutflaschen. Die Schadensh\u00f6he wird derzeit noch ermittelt. <\/p>\n\n\n\n<ul>\n<li><strong>Wer kann Hinweise zum Einbruch geben? Hinweise werden an die Polizeiwache Oggersheim unter Tel. 0621 963 &#8211; 24650 oder per E-Mail\u00a0<a href=\"mailto:%20pwoggersheim@polizei.rlp.de\">pwoggersheim@polizei.rlp.de<\/a>\u00a0erbeten.<\/strong><\/li>\n<\/ul>\n\n\n\n<h2 class=\"wp-block-heading\">(Ludwigshafen) &#8211; Einbruch in Wohnhaus<\/h2>\n\n\n\n<p>Unbekannte brachen in dem Zeitraum vom 10.11.2024 bis 19.11.2024 in ein Wohnhaus im Ostring ein. Nach derzeitigem Stand der Ermittlungen wurden keine Gegenst\u00e4nde entwendet. <\/p>\n\n\n\n<ul>\n<li><strong>Wer hat die Tat beobachtet? Hinweise nimmt die Kriminalpolizei Ludwigshafen unter der Telefonnummer 0621 963- 23312 oder per E-Mail\u00a0<a href=\"mailto:%20KDLudwigshafen.KI3.K31@polizei.rlp.de\">KDLudwigshafen.KI3.K31@polizei.rlp.de<\/a>\u00a0entgegen.<\/strong><\/li>\n<\/ul>\n\n\n\n<h2 class=\"wp-block-heading\">(Mannheim) &#8211; 10.000 Euro Sachschaden verursacht und gefl\u00fcchtet \/ Zeugen gesucht<\/h2>\n\n\n\n<p>Zwischen Dienstag, 16 Uhr, und Mittwoch, 03 Uhr, besch\u00e4digte ein bisher unbekannter Autofahrer oder eine Autofahrerin vermutlich beim Vorbeifahren einen im Holzweg am Stra\u00dfenrand geparkten VW und fl\u00fcchtete. An dem VW entstand ein Schaden von etwa 10.000 Euro.<\/p>\n\n\n\n<ul>\n<li><strong>Das Polizeirevier Ladenburg ermittelt nun wegen Verkehrsunfallflucht und nimmt Zeugenhinweise, unter der Tel.: 06203 \/ 9305-0, entgegen.<\/strong><\/li>\n<\/ul>\n\n\n\n<h2 class=\"wp-block-heading\">(Mannheim) &#8211; 84-j\u00e4hrige Autofahrerin kollidiert mit Ampelanlage<\/h2>\n\n\n\n<p>Am Dienstag ereignete sich gegen 18:15 Uhr ein Unfall im Einm\u00fcndungsbereich der Siebenb\u00fcrger Stra\u00dfe zur Normannenstra\u00dfe.<\/p>\n\n\n\n<p>Eine 84-J\u00e4hrige kam aus bislang noch ungekl\u00e4rter Ursache nach rechts von der Fahrbahn ab und kollidierte mit einem Verkehrsschild und einer dort befindlichen Ampelanlage. Durch die Wucht des Aufpralls kippte der Mercedes-Benz der Frau auf die linke Fahrzeugseite und kam so zum Stehen. Die Fahrerin wurde von der hinzugezogenen Feuerwehr aus dem Auto befreit und an die Rettungskr\u00e4fte \u00fcbergeben. Ersten Erkenntnissen zufolge blieb die Frau gl\u00fccklicherweise unverletzt, wurde jedoch vorsorglich in ein umliegendes Krankenhaus gebracht. An der Ampelanlage sowie dem Auto entstand ein Gesamtsachschaden in H\u00f6he von etwa 23.000 Euro. Der Mercedes war nach dem Unfall nicht mehr fahrbereit und musste abgeschleppt werden.<\/p>\n\n\n\n<p>F\u00fcr die Unfallaufnahme sowie die Rettungsma\u00dfnahme musste die Siebenb\u00fcrgerstra\u00dfe zwischenzeitlich in beide Fahrtrichtungen gesperrt werden, sodass der Verkehr abgeleitet wurde.<\/p>\n\n\n\n<p>Das Polizeirevier Mannheim-K\u00e4fertal hat die Unfallermittlungen aufgenommen.<\/p>\n\n\n\n<h2 class=\"wp-block-heading\">(Mannheim) &#8211; LKW kollidiert mit Auto \/ 20.000 Euro Schaden<\/h2>\n\n\n\n<p>Am Dienstag gegen 11:05 Uhr kollidierte in der Frankenthaler Stra\u00dfe ein LKW mit einem Mercedes und verursachte einen Sachschaden in H\u00f6he von 20.000 Euro. Der 44-j\u00e4hrige LKW-Fahrer war in Richtung Sandhofen unterwegs, als er beim Fahrstreifenwechsel den links neben ihm fahrenden Mercedes \u00fcbersah. Verletzt wurde bei dem Unfall gl\u00fccklicherweise niemand. Beide Fahrzeuge waren weiterhin fahrbereit, sodass die beiden Unfallbeteiligten nach der Unfallaufnahme ihren Weg fortsetzen konnten.<\/p>\n\n\n\n<h2 class=\"wp-block-heading\">(Mannheim) &#8211; Fahrradfahrer bei Verkehrsunfall verletzt<\/h2>\n\n\n\n<p>Ein 61-j\u00e4hriger Fahrradfahrer wurde bei einem Verkehrsunfall am Dienstagmorgen im Stadtteil Neckarstadt verletzt.<\/p>\n\n\n\n<p>Eine 48-j\u00e4hrige Frau befuhr gegen 7.30 Uhr mit ihrem Citro\u00ebn die K\u00e4fertaler Stra\u00dfe in Richtung R\u00f6ntgenstra\u00dfe. An der Einm\u00fcndung zur Ludolf-Krehl-Stra\u00dfe bog sie nach links ab und nahm einem 61-j\u00e4hrigen Fahrradfahrer, der ihr auf dem Fahrradschutzstreifen entgegenkam, den Vorrang, und stie\u00df mit diesem zusammen.<\/p>\n\n\n\n<p>Bei dem Zusammensto\u00df erlitt der 61-J\u00e4hrige Verletzungen am Arm. Er wurde zur Behandlung in ein Krankenhaus gebracht, wo er station\u00e4r aufgenommen wurde. \u00dcber Art und Schwere seiner Verletzungen liegen bislang keine weiteren Informationen vor.<\/p>\n\n\n\n<p>Die weiteren Ermittlungen zum Unfallgeschehen werden durch den Verkehrsdienst Mannheim gef\u00fchrt.<\/p>\n\n\n\n<h2 class=\"wp-block-heading\">(Heidelberg) &#8211; Fahrt endet im Gleisbett \/ Schienenverkehr kurzfristig eingeschr\u00e4nkt<\/h2>\n\n\n\n<p>Am Dienstagabend, den 19.11.2024, gegen 20:40 Uhr bog eine 50-j\u00e4hrige Autofahrerin Am G\u00f6tzenberg versehentlich in die falsche Stra\u00dfeneinm\u00fcndung ein und fuhr sich im Gleisbett der RNV fest.<\/p>\n\n\n\n<p>Die 50-J\u00e4hrige war in Richtung L594 unterwegs. Vor der Einm\u00fcndung bog die Nissan- Fahrerin, aufgrund der witterungsbedingten schlechten Sicht, beim Bahn\u00fcbergang ins Gleisbett der RNV ein und blieb dort stecken.<\/p>\n\n\n\n<p>Der Abschleppdienst zog das Auto der Frau wieder aus den Gleisen heraus. Der Schienenverkehr musste w\u00e4hrend der Bergungsma\u00dfnahmen kurzzeitig eingestellt werden. Es entstand weder ein Sachschaden, noch wurde eine Person verletzt.<\/p>\n\n\n\n<h2 class=\"wp-block-heading\">(Heidelberg) &#8211; Gegenseitige K\u00f6rperverletzung nach Verkehrsstreitigkeiten \/ Zeugen gesucht!<\/h2>\n\n\n<div class=\"wp-block-image\">\n<figure class=\"aligncenter size-full\"><img decoding=\"async\" loading=\"lazy\" width=\"800\" height=\"533\" src=\"https:\/\/speyer24news.com\/wp-content\/uploads\/2021\/11\/Schlaegerei.jpg\" alt=\"\" class=\"wp-image-42366\" srcset=\"https:\/\/speyer24news.com\/wp-content\/uploads\/2021\/11\/Schlaegerei.jpg 800w, https:\/\/speyer24news.com\/wp-content\/uploads\/2021\/11\/Schlaegerei-300x200.jpg 300w, https:\/\/speyer24news.com\/wp-content\/uploads\/2021\/11\/Schlaegerei-768x512.jpg 768w\" sizes=\"(max-width: 800px) 100vw, 800px\" \/><figcaption class=\"wp-element-caption\">Beispielbild Schl\u00e4gerei \/ K\u00f6rperverletzung, dient lediglich der Visualisierung<\/figcaption><\/figure><\/div>\n\n\n<p>Am Dienstagnachmittag, den 19.11.2024, kam es in der Speyerer Stra\u00dfe gegen 16:10 Uhr zu einer gegenseitigen K\u00f6rperverletzung zwischen zwei Verkehrsteilnehmern, nachdem sich die Beiden \u00fcber die Verkehrsregelung uneinig waren.<\/p>\n\n\n\n<p>Ein 22-j\u00e4hriger Fahrradfahrer schnitt einem 63-j\u00e4hrigen Autofahrer auf der Speyerer Stra\u00dfe knapp den Weg ab, sodass dieser stark bremsen musste. Im Anschluss dazu endete der verbale Streit der Beiden in einer handfesten Auseinandersetzung. <\/p>\n\n\n\n<ul>\n<li><strong>Da die Angaben der Beteiligten stark voneinander abweichen, sucht der Verkehrsdienst Heidelberg Zeugen die sachdienlichen Hinweise zu dem Vorfall geben k\u00f6nnen. Diese werden gebeten, sich unter der Telefonnummer 0621\/174-4111 zu melden.<\/strong><\/li>\n<\/ul>\n\n\n\n<h2 class=\"wp-block-heading\">(Heidelberg) &#8211; Unfall mit verletztem Radfahrer \/ Verursacher fl\u00fcchtet &#8211; Zeugen gesucht<\/h2>\n\n\n<div class=\"wp-block-image\">\n<figure class=\"aligncenter size-full\"><img decoding=\"async\" loading=\"lazy\" width=\"801\" height=\"600\" src=\"https:\/\/speyer24news.com\/wp-content\/uploads\/2020\/05\/Zeugen-gesucht-Neutral.jpg\" alt=\"\" class=\"wp-image-26598\" srcset=\"https:\/\/speyer24news.com\/wp-content\/uploads\/2020\/05\/Zeugen-gesucht-Neutral.jpg 801w, https:\/\/speyer24news.com\/wp-content\/uploads\/2020\/05\/Zeugen-gesucht-Neutral-300x225.jpg 300w, https:\/\/speyer24news.com\/wp-content\/uploads\/2020\/05\/Zeugen-gesucht-Neutral-768x575.jpg 768w, https:\/\/speyer24news.com\/wp-content\/uploads\/2020\/05\/Zeugen-gesucht-Neutral-678x509.jpg 678w, https:\/\/speyer24news.com\/wp-content\/uploads\/2020\/05\/Zeugen-gesucht-Neutral-326x245.jpg 326w, https:\/\/speyer24news.com\/wp-content\/uploads\/2020\/05\/Zeugen-gesucht-Neutral-80x60.jpg 80w\" sizes=\"(max-width: 801px) 100vw, 801px\" \/><\/figure><\/div>\n\n\n<p>Eine unbekannte Autofahrerin oder ein unbekannter Autofahrer verursachte am Dienstagmorgen im Stadtteil Neuenheim einen Verkehrsunfall, bei dem ein 27-j\u00e4hriger Fahrradfahrer verletzt wurde, und fl\u00fcchtete anschlie\u00dfend von der Unfallstelle.<\/p>\n\n\n\n<p>Der oder die Unbekannte war kurz nach 7 Uhr mit einem Mercedes Transporter auf der Berliner Stra\u00dfe in Richtung Handschuhsheim unterwegs. Beim Einbiegen in die M\u00f6nchhofstra\u00dfe \u00fcbersah die Fahrerin oder der Fahrer des Mercedes einen 27-j\u00e4hrigen Fahrradfahrer, der den parallel verlaufenden Radweg in gleicher Richtung befuhr. Der Radler konnte durch eine starke Bremsung noch einen Zusammensto\u00df verhindern, st\u00fcrzte jedoch auf der nassen und durch Laub verschmutzten Fahrbahn und zog sich dabei eine Verletzung an der Schulter zu. Der oder die Unfallverursacherin fuhr einfach weiter.<\/p>\n\n\n\n<p>Anschlie\u00dfend wurde der 27-J\u00e4hrige zur Behandlung in ein Krankenhaus gebracht, das er nach ambulanter Behandlung jedoch wieder verlassen konnte.<\/p>\n\n\n\n<ul>\n<li><strong>Beim unfallverursachenden Fahrzeug soll es sich um einen wei\u00dfen Transporter der Marke Mercedes, Modell Sprinter oder Vito, handeln.<\/strong><\/li>\n<\/ul>\n\n\n\n<ul>\n<li><strong>Zeugen, die den Unfall beobachtet haben und sachdienliche Hinweise zum Unfallhergang sowie zur Fahrerin oder zum Fahrer geben k\u00f6nnen, werden gebeten, sich unter der Rufnummer 06221\/4569-0 beim Polizeirevier Heidelberg-Mitte zu melden.<\/strong><\/li>\n<\/ul>\n\n\n\n<h2 class=\"wp-block-heading\">(Wiesloch \/ Rhein-Neckar-Kreis) &#8211; Unfallflucht nach Parkrempler \/ Zeugen gesucht!<\/h2>\n\n\n\n<p>Am Dienstag, den 19.11.2024, konnte gegen 17:30 Uhr eine noch unbekannte Skoda-Fahrerin durch aufmerksame Zeugen dabei beobachtet werden, wie sie beim R\u00fcckw\u00e4rtsausparken einen am Seitenstreifen geparkten Jaguar streifte und sich danach unerlaubt vom Unfallort entfernte.<\/p>\n\n\n\n<p>Bei der Kollision entstand ein Schaden von circa 5000 Euro am Jaguar.<\/p>\n\n\n\n<ul>\n<li><strong>Das Polizeirevier Wiesloch hat die weiteren Ermittlungen aufgenommen. Zeugen, welche sachdienliche Hinweise zu dem Vorfall geben k\u00f6nnen, werden gebeten, sich unter der Nummer 06222\/57090 zu melden.<\/strong><\/li>\n<\/ul>\n\n\n\n<h2 class=\"wp-block-heading\">(M\u00fchlhausen \/ Rhein-Neckar-Kreis) &#8211; Versuchter Einbruch in Wohnhaus \/ Zeugen gesucht!<\/h2>\n\n\n\n<p>Am fr\u00fchen Dienstagabend, den 19.11.2024, gegen 19:30 Uhr entdeckte die Eigent\u00fcmerin eines Wohnhauses in M\u00fchlhausen-Rettigheim in der Sch\u00f6nbornstra\u00dfe Einbruchsspuren an deren Geb\u00e4ude und verst\u00e4ndigte die Polizei.<\/p>\n\n\n\n<p>Der 75-j\u00e4hrigen Hausbesitzerin fielen Fu\u00dfspuren auf der Terrasse sowie ein Rolladen auf, welcher gewaltsam ge\u00f6ffnet wurde. Gl\u00fccklicherweise gelang es der T\u00e4terschaft nicht, ins Innere des Hauses zu gelangen.<\/p>\n\n\n\n<ul>\n<li><strong>Ein Sachschaden durch den Einbruchsversuch entstand nicht. Zeugen, die sachdienliche Hinweise zu dem Vorfall geben k\u00f6nnen, werden gebeten, sich unter der Nummer 06222\/57090 an das Polizeirevier Wiesloch wenden.<\/strong><\/li>\n<\/ul>\n\n\n\n<h2 class=\"wp-block-heading\">(Eberbach \/ Rhein-Neckar-Kreis) &#8211; Fahrer flieht vom Unfallort \/ Zeugen gesucht!<\/h2>\n\n\n<div class=\"wp-block-image\">\n<figure class=\"aligncenter size-full\"><img decoding=\"async\" loading=\"lazy\" width=\"801\" height=\"600\" src=\"https:\/\/speyer24news.com\/wp-content\/uploads\/2020\/05\/Zeugen-gesucht-Neutral.jpg\" alt=\"\" class=\"wp-image-26598\" srcset=\"https:\/\/speyer24news.com\/wp-content\/uploads\/2020\/05\/Zeugen-gesucht-Neutral.jpg 801w, https:\/\/speyer24news.com\/wp-content\/uploads\/2020\/05\/Zeugen-gesucht-Neutral-300x225.jpg 300w, https:\/\/speyer24news.com\/wp-content\/uploads\/2020\/05\/Zeugen-gesucht-Neutral-768x575.jpg 768w, https:\/\/speyer24news.com\/wp-content\/uploads\/2020\/05\/Zeugen-gesucht-Neutral-678x509.jpg 678w, https:\/\/speyer24news.com\/wp-content\/uploads\/2020\/05\/Zeugen-gesucht-Neutral-326x245.jpg 326w, https:\/\/speyer24news.com\/wp-content\/uploads\/2020\/05\/Zeugen-gesucht-Neutral-80x60.jpg 80w\" sizes=\"(max-width: 801px) 100vw, 801px\" \/><\/figure><\/div>\n\n\n<p>Am Dienstag gegen 17:40 Uhr fuhr der Fahrer eines Opel-Transporters beim r\u00fcckw\u00e4rts Ausparken in der Odenwaldstra\u00dfe eine 87-j\u00e4hrige Fu\u00dfg\u00e4ngerin an und fl\u00fcchtete anschlie\u00dfend.<\/p>\n\n\n\n<p>Die Frau fiel nach der Kollision zu Boden und verletzte sich am Kopf. Der Fahrer stieg daraufhin aus seinem Fahrzeug aus und k\u00fcmmerte sich kurz um die Verletzte. Jedoch entfernte er sich daraufhin von der Unfallstelle, ohne seine Personalien zu hinterlassen.<\/p>\n\n\n\n<p>Die 87-J\u00e4hrigemusste zur Beobachtung eine Nacht in einem Krankenhaus verbleiben.<\/p>\n\n\n\n<ul>\n<li><strong>Zeugen, die sachdienliche Hinweise zum Fahrer oder zum Kennzeichen des Transporters geben k\u00f6nnen, werden gebeten, sich an das Polizeirevier Eberbach unter der Nummer 06271\/92100 zu wenden.<\/strong><\/li>\n<\/ul>\n\n\n\n<h2 class=\"wp-block-heading\">(A 659 \/ Viernheim \/ S\u00fcdhessen) &#8211; 66-J\u00e4hriger verliert Kontrolle \u00fcber sein Fahrzeug<\/h2>\n\n\n\n<p>Am Dienstagnachmittag verursachte ein Autofahrer einen Unfall und wurde dabei leicht verletzt.<\/p>\n\n\n\n<p>Der 66-j\u00e4hrige Audi-Fahrer war gegen 14:45 Uhr auf der A 659 zwischen der Anschlussstelle Viernheim-Mitte und dem Autobahnkreuz Viernheim in Richtung Mannheim unterwegs, als er, ersten Erkenntnissen zufolge, aufgrund eines medizinischen Notfalls die Kontrolle \u00fcber sein Fahrzeug verlor. Der Mann prallte zun\u00e4chst mit seinem Fahrzeug gegen eine Schutzplanke, wurde von dort abgewiesen und quer \u00fcber die Fahrbahn geschleudert, sodass er schlussendlich mit einer Betonleitwand kollidierte und quer auf beiden Fahrstreifen zum Stehen kam. Am Audi sowie an den Schutzplanken entstand ein Sachschaden in H\u00f6he von etwa 32.000 Euro. Das Fahrzeug musste anschlie\u00dfend abgeschleppt werden, da dies nicht mehr fahrbereit war. Andere Fahrzeuge waren am Unfall nicht beteiligt. Der 66-j\u00e4hrige Autofahrer wurde noch vor Ort von Rettungskr\u00e4ften behandelt und anschlie\u00dfend in ein Krankenhaus gebracht.<\/p>\n\n\n\n<p>F\u00fcr die Unfallaufnahme sowie die Rettungs- und Abschleppma\u00dfnahmen musste die Fahrbahn f\u00fcr etwa 1,5 Stunden gesperrt werden, sodass der Verkehr an der Anschlussstelle Viernheim-Ost umgeleitet wurde.<\/p>\n\n\n\n<p>Der Verkehrsdienst Mannheim hat die Unfallermittlungen aufgenommen.<\/p>\n\n\n\n<h2 class=\"wp-block-heading\">(Weinheim \/ Rhein-Neckar-Kreis) &#8211; Rotlicht missachtet und Unfall verursacht<\/h2>\n\n\n\n<p>Weil eine 25-j\u00e4hrige Autofahrerin das Rotlicht einer Ampel missachtete, kam es am Dienstagabend in Weinheim zu einem Verkehrsunfall, bei dem erheblicher Sachschaden entstand.<\/p>\n\n\n\n<p>Die 25-J\u00e4hrige war gegen 18.20 Uhr mit ihrem Hyundai auf der Cavaillonstra\u00dfe in Richtung Multring unterwegs. An der Einm\u00fcndung zur Stahlbadstra\u00dfe missachtete sie an der dortigen Ampel das Rotlicht und fuhr in die Einm\u00fcndung ein. Dabei kam es zum Zusammensto\u00df mit einem gleichaltrigen VW-Fahrer, der aus der Stahlbadstra\u00dfe kam und in die Cavaillonstra\u00dfe einbiegen wollte. Aufgrund der Wucht des Aufpralls l\u00f6ste im VW der Airbag aus.<\/p>\n\n\n\n<p>Die zwei Fahrzeuglenker kamen mit dem Schrecken davon und blieben unverletzt. Beide Fahrzeuge wurden so stark besch\u00e4digt, dass sie abgeschleppt werden mussten. Der Sachschaden wird auf fast 10.000 Euro beziffert.<\/p>\n\n\n\n<h2 class=\"wp-block-heading\">(Weinheim \/ Rhein-Neckar-Kreis) &#8211; Gleich zwei Einbr\u00fcche Am Drachenstein \/ Zeugen gesucht<\/h2>\n\n\n\n<p>Eine noch unbekannte T\u00e4terschaft brach am fr\u00fchen Montagabend zwischen 17:15 Uhr und 18:30 Uhr in zwei Einfamilienh\u00e4user &#8222;Am Drachenstein&#8220; ein. Im ersten Fall hebelten die Unbekannten ein Fenster des Hauses auf und durchw\u00fchlten im Anschluss mehrere Zimmer. Aus dem Haus wurde Bargeld und Goldschmuck in f\u00fcnfstelliger H\u00f6he entwendet. Im anderen Fall hebelten die T\u00e4ter eine Terrassent\u00fcr auf und durchw\u00fchlten ebenfalls nahezu alle R\u00e4umlichkeiten des Anwesens. Neben rund 2.000 Euro Bargeld stahlen die Einbrecher auch diversen Schmuck von vierstelligem Wert. Die Spezialistinnen und Spezialisten f\u00fcr Eigentumsdelikte der Kriminalpolizeidirektion Heidelberg haben unter Beteiligung der zentralen Kriminaltechnik die Ermittlungen \u00fcbernommen. Ein Zusammenhang zwischen den Taten wird gepr\u00fcft. <\/p>\n\n\n\n<ul>\n<li><strong>Zeugen, welche verd\u00e4chtige Wahrnehmungen von Personen und Machenschaften in der Stra\u00dfe gemacht haben, werden gebeten, sich an das kriminalpolizeiliche Hinweistelefon unter Tel.: 0621\/174-4444 zu wenden.<\/strong><\/li>\n<\/ul>\n","protected":false},"excerpt":{"rendered":"<div class=\"mh-excerpt\"><p>Polizeimeldungen vom Mittwoch (20.11.2024) (Speyer) &#8211; Andreas Sarter als neuer Beh\u00f6rdenleiter des Polizeipr\u00e4sidiums Rheinpfalz ins Amt eingef\u00fchrt Andreas Sarter ist neuer Beh\u00f6rdenleiter des Polizeipr\u00e4sidium Rheinpfalz. Am Mittwochnachmittag fand im Historischen Ratssaal der Stadt Speyer die <a class=\"mh-excerpt-more\" href=\"https:\/\/speyer24news.com\/?p=60295\" title=\"Polizeimeldungen Mittwoch (20.11.24)\">[&#8230;]<\/a><\/p>\n<\/div>","protected":false},"author":3,"featured_media":26162,"comment_status":"open","ping_status":"open","sticky":false,"template":"","format":"standard","meta":{"_monsterinsights_skip_tracking":false,"_monsterinsights_sitenote_active":false,"_monsterinsights_sitenote_note":"","_monsterinsights_sitenote_category":0,"footnotes":""},"categories":[15659],"tags":[7273,7243,7244,10926,3614,13554,350,15084,15267,18288,15361,16966,61,2555,14113,6955,6986,6263,63,105,11150,6987,53,13540,16956,18099,17274,4683,14958,9154,17275,11592,14705,18511,18512,102,13626,213,14325,14324,13553,13541,16955,2625,380],"aioseo_notices":[],"amp_enabled":true,"_links":{"self":[{"href":"https:\/\/speyer24news.com\/index.php?rest_route=\/wp\/v2\/posts\/60295"}],"collection":[{"href":"https:\/\/speyer24news.com\/index.php?rest_route=\/wp\/v2\/posts"}],"about":[{"href":"https:\/\/speyer24news.com\/index.php?rest_route=\/wp\/v2\/types\/post"}],"author":[{"embeddable":true,"href":"https:\/\/speyer24news.com\/index.php?rest_route=\/wp\/v2\/users\/3"}],"replies":[{"embeddable":true,"href":"https:\/\/speyer24news.com\/index.php?rest_route=%2Fwp%2Fv2%2Fcomments&post=60295"}],"version-history":[{"count":1,"href":"https:\/\/speyer24news.com\/index.php?rest_route=\/wp\/v2\/posts\/60295\/revisions"}],"predecessor-version":[{"id":60298,"href":"https:\/\/speyer24news.com\/index.php?rest_route=\/wp\/v2\/posts\/60295\/revisions\/60298"}],"wp:featuredmedia":[{"embeddable":true,"href":"https:\/\/speyer24news.com\/index.php?rest_route=\/wp\/v2\/media\/26162"}],"wp:attachment":[{"href":"https:\/\/speyer24news.com\/index.php?rest_route=%2Fwp%2Fv2%2Fmedia&parent=60295"}],"wp:term":[{"taxonomy":"category","embeddable":true,"href":"https:\/\/speyer24news.com\/index.php?rest_route=%2Fwp%2Fv2%2Fcategories&post=60295"},{"taxonomy":"post_tag","embeddable":true,"href":"https:\/\/speyer24news.com\/index.php?rest_route=%2Fwp%2Fv2%2Ftags&post=60295"}],"curies":[{"name":"wp","href":"https:\/\/api.w.org\/{rel}","templated":true}]}}