{"id":60302,"date":"2024-11-21T11:02:43","date_gmt":"2024-11-21T10:02:43","guid":{"rendered":"https:\/\/speyer24news.com\/?p=60302"},"modified":"2024-11-21T11:02:43","modified_gmt":"2024-11-21T10:02:43","slug":"polizei-andreas-sarter-neuer-behoerdenleiter-des-pd-rp","status":"publish","type":"post","link":"https:\/\/speyer24news.com\/?p=60302","title":{"rendered":"Polizei: Andreas Sarter neuer Beh\u00f6rdenleiter des PD RP"},"content":{"rendered":"<style type=\"text\/css\">\r\n\t.ads_top_disp{}\r\n\t.ads_top_corner_disp{ float:left; margin:0px 10px 10px 0px; }\r\n\t.ads_first_p_disp{}\r\n\t.ads_bottom_disp{}\r\n\t<\/style>\n<h2 class=\"wp-block-heading\">Andreas Sarter als neuer Beh\u00f6rdenleiter des Polizeipr\u00e4sidiums Rheinpfalz ins Amt eingef\u00fchrt<a href=\"https:\/\/www.facebook.com\/sharer.php?u=https%3A%2F%2Fwww.presseportal.de%2Fblaulicht%2Fpm%2F117696%2F5913188%2F%3Futm_source%3Dfacebook%26utm_medium%3Dsocial\"><\/a><a href=\"https:\/\/twitter.com\/intent\/tweet?text=POL-PPRP%3A%20Andreas%20Sarter%20als%20neuer%20Beh%C3%B6rdenleiter%20des%20Polizeipr%C3%A4sidiums%20Rheinpfalz%20ins%20Amt%20eingef%C3%BChrt&amp;url=https%3A%2F%2Fwww.presseportal.de%2Fblaulicht%2Fpm%2F117696%2F5913188%2F%3Futm_source%3Dtwitter%26utm_medium%3Dsocial&amp;hashtags=ots&amp;lang=de\"><\/a><a href=\"https:\/\/web.whatsapp.com\/send?text=POL-PPRP%3A%20Andreas%20Sarter%20als%20neuer%20Beh%C3%B6rdenleiter%20des%20Polizeipr%C3%A4sidiums%20Rheinpfalz%20ins%20Amt%20eingef%C3%BChrt%0A%0Ahttps%3A%2F%2Fwww.presseportal.de%2Fblaulicht%2Fpm%2F117696%2F5913188%2F%3Futm_source%3Dwhatsapp%26utm_medium%3Dsocial\"><\/a><a href=\"https:\/\/www.xing.com\/app\/user?op=share;url=https%3A%2F%2Fwww.presseportal.de%2Fblaulicht%2Fpm%2F117696%2F5913188%2F%3Futm_source%3Dxing%26utm_medium%3Dsocial\"><\/a><a href=\"http:\/\/www.linkedin.com\/shareArticle?mini=true&amp;url=https%3A%2F%2Fwww.presseportal.de%2Fblaulicht%2Fpm%2F117696%2F5913188%2F%3Futm_source%3Dlinkedin%26utm_medium%3Dsocial&amp;title=POL-PPRP%3A+Andreas+Sarter+als+neuer+Beh%C3%B6rdenleiter+des+Polizeipr%C3%A4sidiums+Rheinpfalz+ins+Amt+eingef%C3%BChrt\"><\/a><a href=\"mailto:?subject=POL-PPRP%3A%20Andreas%20Sarter%20als%20neuer%20Beh%C3%B6rdenleiter%20des%20Polizeipr%C3%A4sidiums%20Rheinpfalz%20ins%20Amt%20eingef%C3%BChrt&amp;body=https:\/\/www.presseportal.de\/blaulicht\/pm\/117696\/5913188\"><\/a><\/h2>\n\n\n<div class=\"wp-block-image\">\n<figure class=\"aligncenter\"><a href=\"https:\/\/cache.pressmailing.net\/thumbnail\/story_hires\/0d8f9ee1-d049-4dbd-9df7-adaad576b994\/BildPM.jpg.jpg\"><img decoding=\"async\" src=\"https:\/\/cache.pressmailing.net\/thumbnail\/story_big\/0d8f9ee1-d049-4dbd-9df7-adaad576b994\/pol-pprp-andreas-sarter-als-neuer-beh-rdenleiter-des-polizeipr-sidiums-rheinpfalz-ins-amt-eingef-hrt\" alt=\"POL-PPRP: Andreas Sarter als neuer Beh\u00f6rdenleiter des Polizeipr\u00e4sidiums Rheinpfalz ins Amt eingef\u00fchrt\"\/><\/a><\/figure><\/div>\n\n\n<p><strong>(Speyer \/ Rheinpfalz ) \u2013 <\/strong>Andreas Sarter ist neuer Beh\u00f6rdenleiter des Polizeipr\u00e4sidium Rheinpfalz. Am Mittwochnachmittag fand im Historischen Ratssaal der Stadt Speyer die offizielle Amtseinf\u00fchrung des neuen Polizeichefs statt. Innenminister Michael Ebling w\u00fcrdigte den bisherigen Polizeivizepr\u00e4sidenten und Leiter der Abteilung Polizeieinsatz im Polizeipr\u00e4sidium Rheinpfalz in seiner Ansprache.<\/p>\n\n\n\n<p>\u201eAndreas Sarter ist tief in der Region verwurzelt und bringt einen gro\u00dfen Erfahrungsschatz in der Polizeiarbeit mit. Mit seiner F\u00fchrungskompetenz und seinem klaren Blick f\u00fcr die Herausforderungen unserer Zeit wird er die Polizei in der Region st\u00e4rken und wichtige Impulse f\u00fcr Sicherheit und Zusammenarbeit setzen. Ich bin \u00fcberzeugt, dass er nicht nur f\u00fcr die B\u00fcrgerinnen und B\u00fcrger, sondern auch f\u00fcr die Polizeibeamtinnen und -beamten ein verl\u00e4sslicher und engagierter Pr\u00e4sident sein wird\u201c, sagte Innenminister Michael Ebling.<\/p>\n\n\n\n<p>Andreas Sarter begann seine Laufbahn im Polizeidienst des Landes im Jahr 1985 und durchlief s\u00e4mtliche Karrierestufen vom mittleren bis hin zum h\u00f6heren Dienst. Nach seinem Studium an der Deutschen Hochschule der Polizei in M\u00fcnster und dem Aufstieg in den h\u00f6heren Polizeidienst \u00fcbernahm er ab 2004 zun\u00e4chst die Position des stellvertretenden Leiters der 1. Bereitschaftspolizeiabteilung in Enkenbach-Alsenborn. Zwei Jahre sp\u00e4ter wurde er Leiter der Polizeiinspektion Pirmasens. Im Jahr 2009 wechselte Sarter als F\u00fchrungskr\u00e4ftetrainer an die Hochschule der Polizei, bevor er ab 2011 verschiedene Aufgaben in der Polizeiabteilung des Innenministeriums in Mainz \u00fcbernahm. Von 2019 bis 2023 war er als Polizeivizepr\u00e4sident im Polizeipr\u00e4sidium Einsatz, Logistik und Technik t\u00e4tig. Im Sommer 2023 trat er dieselbe Funktion im Polizeipr\u00e4sidium Rheinpfalz an.<\/p>\n\n\n<div class=\"wp-block-image\">\n<figure class=\"aligncenter\"><img decoding=\"async\" loading=\"lazy\" width=\"800\" height=\"593\" src=\"https:\/\/speyer24news.com\/wp-content\/uploads\/2024\/11\/Polizeipraesident-Andreas-Sarter-PD-Rheinpfalz-Minister-Alexander-Schweitzer.jpg\" alt=\"\" class=\"wp-image-60297\" srcset=\"https:\/\/speyer24news.com\/wp-content\/uploads\/2024\/11\/Polizeipraesident-Andreas-Sarter-PD-Rheinpfalz-Minister-Alexander-Schweitzer.jpg 800w, https:\/\/speyer24news.com\/wp-content\/uploads\/2024\/11\/Polizeipraesident-Andreas-Sarter-PD-Rheinpfalz-Minister-Alexander-Schweitzer-300x222.jpg 300w, https:\/\/speyer24news.com\/wp-content\/uploads\/2024\/11\/Polizeipraesident-Andreas-Sarter-PD-Rheinpfalz-Minister-Alexander-Schweitzer-768x569.jpg 768w, https:\/\/speyer24news.com\/wp-content\/uploads\/2024\/11\/Polizeipraesident-Andreas-Sarter-PD-Rheinpfalz-Minister-Alexander-Schweitzer-80x60.jpg 80w\" sizes=\"(max-width: 800px) 100vw, 800px\" \/><\/figure><\/div>\n\n\n<p>\u201eIch f\u00fchle mich geehrt und bin sehr dankbar daf\u00fcr, dass man mir dieses verantwortungsvolle Amt \u00fcbertragen hat. Gemeinsam mit meinen Mitarbeitenden werde ich daf\u00fcr sorgen, dass das Polizeipr\u00e4sidium Rheinpfalz weiterhin gute Polizeiarbeit f\u00fcr die B\u00fcrgerinnen und B\u00fcrger der Vorder- und S\u00fcdpfalz leistet \u2013 und das in einem positiven Arbeitsumfeld f\u00fcr unsere Mitarbeiterinnen und Mitarbeiter\u201c, so Andreas Sarter.<\/p>\n\n\n\n<p>Rund 130 G\u00e4ste aus Politik und Gesellschaft, Kolleginnen und Kollegen, Freunde und Familienmitglieder von Andreas Sarter waren eingeladen. Andreas Sarter folgt auf Georg Litz, der Ende Oktober 2024 in den Ruhestand eingetreten ist.<\/p>\n\n\n\n<p><em>Polizeipr\u00e4sidium Rheinpfalz<br>20.11.2024<\/em><\/p>\n","protected":false},"excerpt":{"rendered":"<div class=\"mh-excerpt\"><p>Andreas Sarter als neuer Beh\u00f6rdenleiter des Polizeipr\u00e4sidiums Rheinpfalz ins Amt eingef\u00fchrt (Speyer \/ Rheinpfalz ) \u2013 Andreas Sarter ist neuer Beh\u00f6rdenleiter des Polizeipr\u00e4sidium Rheinpfalz. Am Mittwochnachmittag fand im Historischen Ratssaal der Stadt Speyer die offizielle <a class=\"mh-excerpt-more\" href=\"https:\/\/speyer24news.com\/?p=60302\" title=\"Polizei: Andreas Sarter neuer Beh\u00f6rdenleiter des PD RP\">[&#8230;]<\/a><\/p>\n<\/div>","protected":false},"author":3,"featured_media":35265,"comment_status":"open","ping_status":"open","sticky":false,"template":"","format":"standard","meta":{"_monsterinsights_skip_tracking":false,"_monsterinsights_sitenote_active":false,"_monsterinsights_sitenote_note":"","_monsterinsights_sitenote_category":0,"footnotes":""},"categories":[12],"tags":[18538,18540,18539,18541,153,18536,53,17274,4683,14958,9154,17275,8277,18537,6],"aioseo_notices":[],"amp_enabled":true,"_links":{"self":[{"href":"https:\/\/speyer24news.com\/index.php?rest_route=\/wp\/v2\/posts\/60302"}],"collection":[{"href":"https:\/\/speyer24news.com\/index.php?rest_route=\/wp\/v2\/posts"}],"about":[{"href":"https:\/\/speyer24news.com\/index.php?rest_route=\/wp\/v2\/types\/post"}],"author":[{"embeddable":true,"href":"https:\/\/speyer24news.com\/index.php?rest_route=\/wp\/v2\/users\/3"}],"replies":[{"embeddable":true,"href":"https:\/\/speyer24news.com\/index.php?rest_route=%2Fwp%2Fv2%2Fcomments&post=60302"}],"version-history":[{"count":1,"href":"https:\/\/speyer24news.com\/index.php?rest_route=\/wp\/v2\/posts\/60302\/revisions"}],"predecessor-version":[{"id":60303,"href":"https:\/\/speyer24news.com\/index.php?rest_route=\/wp\/v2\/posts\/60302\/revisions\/60303"}],"wp:featuredmedia":[{"embeddable":true,"href":"https:\/\/speyer24news.com\/index.php?rest_route=\/wp\/v2\/media\/35265"}],"wp:attachment":[{"href":"https:\/\/speyer24news.com\/index.php?rest_route=%2Fwp%2Fv2%2Fmedia&parent=60302"}],"wp:term":[{"taxonomy":"category","embeddable":true,"href":"https:\/\/speyer24news.com\/index.php?rest_route=%2Fwp%2Fv2%2Fcategories&post=60302"},{"taxonomy":"post_tag","embeddable":true,"href":"https:\/\/speyer24news.com\/index.php?rest_route=%2Fwp%2Fv2%2Ftags&post=60302"}],"curies":[{"name":"wp","href":"https:\/\/api.w.org\/{rel}","templated":true}]}}