{"id":60308,"date":"2024-11-21T11:24:13","date_gmt":"2024-11-21T10:24:13","guid":{"rendered":"https:\/\/speyer24news.com\/?p=60308"},"modified":"2024-11-21T11:24:14","modified_gmt":"2024-11-21T10:24:14","slug":"radarfallen-blitzer-geschwindigkeitsmessung-fuer-die-kw-44-25-11-01-12-2024","status":"publish","type":"post","link":"https:\/\/speyer24news.com\/?p=60308","title":{"rendered":"Radarfallen \/ Blitzer \/ Geschwindigkeitsmessung f\u00fcr die KW 44 (25.11. \u2013 01.12.2024)"},"content":{"rendered":"<style type=\"text\/css\">\r\n\t.ads_top_disp{}\r\n\t.ads_top_corner_disp{ float:left; margin:0px 10px 10px 0px; }\r\n\t.ads_first_p_disp{}\r\n\t.ads_bottom_disp{}\r\n\t<\/style>\n<h2 class=\"wp-block-heading\"><strong>(Mannheim) \u2013\u00a0<\/strong>Geschwindigkeitskontrollen f\u00fcr die Woche\u00a0vom 25. bis 29. November<\/h2>\n\n\n<div class=\"wp-block-image\">\n<figure class=\"aligncenter\"><img decoding=\"async\" loading=\"lazy\" width=\"640\" height=\"497\" src=\"https:\/\/speyer24news.com\/wp-content\/uploads\/2020\/12\/Blitzer-2.jpg\" alt=\"\" class=\"wp-image-31937\" srcset=\"https:\/\/speyer24news.com\/wp-content\/uploads\/2020\/12\/Blitzer-2.jpg 640w, https:\/\/speyer24news.com\/wp-content\/uploads\/2020\/12\/Blitzer-2-300x233.jpg 300w\" sizes=\"(max-width: 640px) 100vw, 640px\" \/><\/figure><\/div>\n\n\n<h3 class=\"wp-block-heading\">Die Stadt Mannheim f\u00fchrt vom 25. bis 29. November in folgenden Stra\u00dfen Geschwindigkeitskontrollen durch:<\/h3>\n\n\n\n<ul>\n<li><strong>Alphornstra\u00dfe (Neckarschule)<\/strong><\/li>\n\n\n\n<li><strong>Dammstra\u00dfe<\/strong><\/li>\n\n\n\n<li><strong>Ernst-Barlach-Allee (Johann-Peter-Hebel Grundschule)<\/strong><\/li>\n\n\n\n<li><strong>Karl-Ladenburg-Stra\u00dfe<\/strong><\/li>\n\n\n\n<li><strong>Karlsternstra\u00dfe (Waldschule)<\/strong><\/li>\n\n\n\n<li><strong>Krefelder Stra\u00dfe<\/strong><\/li>\n\n\n\n<li><strong>Ludwigshafener Stra\u00dfe<\/strong><\/li>\n\n\n\n<li><strong>Neckarauer Stra\u00dfe<\/strong><\/li>\n\n\n\n<li><strong>Neckarauer Waldweg<\/strong><\/li>\n\n\n\n<li><strong>Seckenheimer Landstra\u00dfe<\/strong><\/li>\n\n\n\n<li><strong>Sonnenschein<\/strong><\/li>\n\n\n\n<li><strong>Waldpforte (Alfred-Delp-Schule)<\/strong><\/li>\n<\/ul>\n\n\n\n<p>Kurzfristige \u00c4nderungen oder zus\u00e4tzliche Messstellen sind aus aktuellem Anlass m\u00f6glich.<\/p>\n\n\n\n<p><em>Stadt Mannheim<br>21.11.2024<\/em><\/p>\n\n\n\n<h2 class=\"wp-block-heading\"><strong>(Ludwigshafen) \u2013\u00a0<\/strong>Radarkontrollen f\u00fcr die Woche vom 25. November bis 1. Dezember 2024<\/h2>\n\n\n<div class=\"wp-block-image\">\n<figure class=\"aligncenter\"><img decoding=\"async\" loading=\"lazy\" width=\"800\" height=\"600\" src=\"https:\/\/speyer24news.com\/wp-content\/uploads\/2020\/03\/Blitzer-1.jpg\" alt=\"\" class=\"wp-image-25724\" srcset=\"https:\/\/speyer24news.com\/wp-content\/uploads\/2020\/03\/Blitzer-1.jpg 800w, https:\/\/speyer24news.com\/wp-content\/uploads\/2020\/03\/Blitzer-1-300x225.jpg 300w, https:\/\/speyer24news.com\/wp-content\/uploads\/2020\/03\/Blitzer-1-768x576.jpg 768w, https:\/\/speyer24news.com\/wp-content\/uploads\/2020\/03\/Blitzer-1-678x509.jpg 678w, https:\/\/speyer24news.com\/wp-content\/uploads\/2020\/03\/Blitzer-1-326x245.jpg 326w, https:\/\/speyer24news.com\/wp-content\/uploads\/2020\/03\/Blitzer-1-80x60.jpg 80w\" sizes=\"(max-width: 800px) 100vw, 800px\" \/><\/figure><\/div>\n\n\n<h3 class=\"wp-block-heading\">Die Stadt Ludwigshafen nimmt in folgenden Stadtteilen Radarkontrollen vor:<\/h3>\n\n\n\n<ul>\n<li><strong>Montag, 25. November: Oggersheim, S\u00fcd und Pfingstweide<\/strong><\/li>\n\n\n\n<li><strong>Dienstag, 26. November: Mitte, Ruchheim und Gartenstadt<\/strong><\/li>\n\n\n\n<li><strong>Mittwoch, 27. November: Nord, Friesenheim und Edigheim<\/strong><\/li>\n\n\n\n<li><strong>Donnerstag, 28. November: Mundenheim, Maudach und S\u00fcd<\/strong><\/li>\n\n\n\n<li><strong>Freitag, 29. November: Friesenheim, West und Oppau<\/strong><\/li>\n<\/ul>\n\n\n\n<p>Kurzfristige \u00c4nderungen beh\u00e4lt sich der Bereich Stra\u00dfenverkehr vor. Kontrollen k\u00f6nnen auch kurzfristig an anderen Stellen stattfinden.<\/p>\n\n\n\n<p><em>Stadt Ludwigshafen am Rhein<br>20.11.2024<\/em><\/p>\n\n\n\n<h2 class=\"wp-block-heading\"><strong>(Pr\u00e4sidialbereich Rheinpfalz)<\/strong>&nbsp;\u2013 Geschwindigkeitskontrolle im November 2024<\/h2>\n\n\n<div class=\"wp-block-image\">\n<figure class=\"aligncenter\"><img decoding=\"async\" loading=\"lazy\" width=\"800\" height=\"450\" src=\"https:\/\/speyer24news.com\/wp-content\/uploads\/2020\/12\/Blitzer-Logo.jpg\" alt=\"\" class=\"wp-image-31938\" srcset=\"https:\/\/speyer24news.com\/wp-content\/uploads\/2020\/12\/Blitzer-Logo.jpg 800w, https:\/\/speyer24news.com\/wp-content\/uploads\/2020\/12\/Blitzer-Logo-300x169.jpg 300w, https:\/\/speyer24news.com\/wp-content\/uploads\/2020\/12\/Blitzer-Logo-768x432.jpg 768w, https:\/\/speyer24news.com\/wp-content\/uploads\/2020\/12\/Blitzer-Logo-678x381.jpg 678w\" sizes=\"(max-width: 800px) 100vw, 800px\" \/><\/figure><\/div>\n\n\n<p>\u00dcberh\u00f6hte beziehungsweise nicht angepasste Geschwindigkeit bleibt weiter eine Hauptunfallursache: 2023 wurden im Zust\u00e4ndigkeitsbereich des Polizeipr\u00e4sidiums Rheinpfalz wegen nicht angepasster oder \u00fcberh\u00f6hter Geschwindigkeit 2.062 Verkehrsunf\u00e4lle registriert. Im Jahr 2022 waren dies noch 1.896 Verkehrsunf\u00e4lle.<\/p>\n\n\n\n<h4 class=\"wp-block-heading\">Die Verkehrsunfallstatistik 2023 mit ausf\u00fchrlichen Informationen zur Unfalllage und unseren Ma\u00dfnahmen finden Sie auf unserer Internetseite&nbsp;<a href=\"https:\/\/s.rlp.de\/YSXrl\">https:\/\/s.rlp.de\/YSXrl<\/a><\/h4>\n\n\n\n<p>Die Verkehrs\u00fcberwachung mittels Verkehrskontrollen geh\u00f6rt zu den zentralen Aufgaben der Polizei.<\/p>\n\n\n\n<h3 class=\"wp-block-heading\">Im Monat November finden daher im Bereich des Polizeipr\u00e4sidiums Rheinpfalz wie folgt Geschwindigkeitskontrollen statt:<\/h3>\n\n\n\n<h4 class=\"wp-block-heading\">Im Gebiet der\u00a0<strong>Polizeidirektion Ludwigshafen<\/strong>:<\/h4>\n\n\n\n<ul>\n<li><strong>27.11.2024 im Bereich Schifferstadt<\/strong><\/li>\n<\/ul>\n\n\n\n<h4 class=\"wp-block-heading\">Im Gebiet der\u00a0<strong>Polizeidirektion Landau<\/strong>:<\/h4>\n\n\n\n<ul>\n<li><strong>28.11.2024 im Bereich Freimersheim<\/strong><\/li>\n<\/ul>\n\n\n\n<h4 class=\"wp-block-heading\">Im Gebiet der&nbsp;<strong>Polizeidirektion Neustadt<\/strong>:<\/h4>\n\n\n\n<ul>\n<li><strong>29.11.2024 im Bereich Bad D\u00fcrkheim<\/strong><\/li>\n<\/ul>\n\n\n\n<h4 class=\"wp-block-heading\"><em>Die Polizei weist ausdr\u00fccklich darauf hin, dass Kontrollen auch au\u00dferhalb der genannten Zeiten und \u00d6rtlichkeiten stattfinden.<\/em><\/h4>\n\n\n\n<p><em>Polizeipr\u00e4sidium Rheinpfalz<br>29.10.2024<\/em><\/p>\n","protected":false},"excerpt":{"rendered":"<div class=\"mh-excerpt\"><p>(Mannheim) \u2013\u00a0Geschwindigkeitskontrollen f\u00fcr die Woche\u00a0vom 25. bis 29. November Die Stadt Mannheim f\u00fchrt vom 25. bis 29. November in folgenden Stra\u00dfen Geschwindigkeitskontrollen durch: Kurzfristige \u00c4nderungen oder zus\u00e4tzliche Messstellen sind aus aktuellem Anlass m\u00f6glich. Stadt Mannheim21.11.2024 <a class=\"mh-excerpt-more\" href=\"https:\/\/speyer24news.com\/?p=60308\" title=\"Radarfallen \/ Blitzer \/ Geschwindigkeitsmessung f\u00fcr die KW 44 (25.11. \u2013 01.12.2024)\">[&#8230;]<\/a><\/p>\n<\/div>","protected":false},"author":3,"featured_media":33649,"comment_status":"open","ping_status":"open","sticky":false,"template":"","format":"standard","meta":{"_monsterinsights_skip_tracking":false,"_monsterinsights_sitenote_active":false,"_monsterinsights_sitenote_note":"","_monsterinsights_sitenote_category":0,"footnotes":""},"categories":[64],"tags":[18,7702,4819,4814,7703,15144,14960,19,5148,4822,4817,5149,15147,17773,16228,4228,17342,16999,16998,17000,17343,14750,947,5146,4820,4815,5147,15148,14751,58,153,56,59,17,7699,7068,7004,7700,15142,14747,16227,16990,17424,16992,16991,16993,16994,18100,949,5150,4818,4813,5151,15909,14746,15908,1310,17426,11898,16995,16997,18185,16996,948,13173,10894,10893,13174,15143,14748,18101,18102,18103,18104,18105,18542,18106,427,979,1565],"aioseo_notices":[],"amp_enabled":true,"_links":{"self":[{"href":"https:\/\/speyer24news.com\/index.php?rest_route=\/wp\/v2\/posts\/60308"}],"collection":[{"href":"https:\/\/speyer24news.com\/index.php?rest_route=\/wp\/v2\/posts"}],"about":[{"href":"https:\/\/speyer24news.com\/index.php?rest_route=\/wp\/v2\/types\/post"}],"author":[{"embeddable":true,"href":"https:\/\/speyer24news.com\/index.php?rest_route=\/wp\/v2\/users\/3"}],"replies":[{"embeddable":true,"href":"https:\/\/speyer24news.com\/index.php?rest_route=%2Fwp%2Fv2%2Fcomments&post=60308"}],"version-history":[{"count":2,"href":"https:\/\/speyer24news.com\/index.php?rest_route=\/wp\/v2\/posts\/60308\/revisions"}],"predecessor-version":[{"id":60310,"href":"https:\/\/speyer24news.com\/index.php?rest_route=\/wp\/v2\/posts\/60308\/revisions\/60310"}],"wp:featuredmedia":[{"embeddable":true,"href":"https:\/\/speyer24news.com\/index.php?rest_route=\/wp\/v2\/media\/33649"}],"wp:attachment":[{"href":"https:\/\/speyer24news.com\/index.php?rest_route=%2Fwp%2Fv2%2Fmedia&parent=60308"}],"wp:term":[{"taxonomy":"category","embeddable":true,"href":"https:\/\/speyer24news.com\/index.php?rest_route=%2Fwp%2Fv2%2Fcategories&post=60308"},{"taxonomy":"post_tag","embeddable":true,"href":"https:\/\/speyer24news.com\/index.php?rest_route=%2Fwp%2Fv2%2Ftags&post=60308"}],"curies":[{"name":"wp","href":"https:\/\/api.w.org\/{rel}","templated":true}]}}