{"id":60341,"date":"2024-11-21T15:00:48","date_gmt":"2024-11-21T14:00:48","guid":{"rendered":"https:\/\/speyer24news.com\/?p=60341"},"modified":"2024-11-22T11:18:01","modified_gmt":"2024-11-22T10:18:01","slug":"polizeimeldungen-donnerstag-21-11-24","status":"publish","type":"post","link":"https:\/\/speyer24news.com\/?p=60341","title":{"rendered":"Polizeimeldungen Donnerstag (21.11.24)"},"content":{"rendered":"<style type=\"text\/css\">\r\n\t.ads_top_disp{}\r\n\t.ads_top_corner_disp{ float:left; margin:0px 10px 10px 0px; }\r\n\t.ads_first_p_disp{}\r\n\t.ads_bottom_disp{}\r\n\t<\/style>\n<h2 class=\"wp-block-heading\">Polizeimeldungen vom Donnerstag (21.11.2024)<\/h2>\n\n\n<div class=\"wp-block-image\">\n<figure class=\"aligncenter size-full\"><img decoding=\"async\" loading=\"lazy\" width=\"375\" height=\"500\" src=\"https:\/\/speyer24news.com\/wp-content\/uploads\/2022\/03\/Aktuelles-Polizeilogo.jpg\" alt=\"\" class=\"wp-image-43591\" srcset=\"https:\/\/speyer24news.com\/wp-content\/uploads\/2022\/03\/Aktuelles-Polizeilogo.jpg 375w, https:\/\/speyer24news.com\/wp-content\/uploads\/2022\/03\/Aktuelles-Polizeilogo-225x300.jpg 225w\" sizes=\"(max-width: 375px) 100vw, 375px\" \/><\/figure><\/div>\n\n\n<h2 class=\"wp-block-heading\">(Speyer) &#8211; Pkw kollidiert mit Rettungswagen<\/h2>\n\n\n<div class=\"wp-block-image\">\n<figure class=\"aligncenter size-full\"><img decoding=\"async\" loading=\"lazy\" width=\"800\" height=\"600\" src=\"https:\/\/speyer24news.com\/wp-content\/uploads\/2024\/11\/24-11-21-12-11-32-de5d.jpg\" alt=\"\" class=\"wp-image-60335\" srcset=\"https:\/\/speyer24news.com\/wp-content\/uploads\/2024\/11\/24-11-21-12-11-32-de5d.jpg 800w, https:\/\/speyer24news.com\/wp-content\/uploads\/2024\/11\/24-11-21-12-11-32-de5d-300x225.jpg 300w, https:\/\/speyer24news.com\/wp-content\/uploads\/2024\/11\/24-11-21-12-11-32-de5d-768x576.jpg 768w, https:\/\/speyer24news.com\/wp-content\/uploads\/2024\/11\/24-11-21-12-11-32-de5d-678x509.jpg 678w, https:\/\/speyer24news.com\/wp-content\/uploads\/2024\/11\/24-11-21-12-11-32-de5d-326x245.jpg 326w, https:\/\/speyer24news.com\/wp-content\/uploads\/2024\/11\/24-11-21-12-11-32-de5d-80x60.jpg 80w\" sizes=\"(max-width: 800px) 100vw, 800px\" \/><figcaption class=\"wp-element-caption\"><strong>Unfall RTW und PKW Speyer, 21.11.2024<\/strong><br><em>Foto: \u00a9 Stadt Speyer, Brand- und Katastrophenschutz<\/em><\/figcaption><\/figure><\/div>\n\n\n<p>Am Donnerstagmorgen gegen 09:40 Uhr kam es an der Einm\u00fcndung Zeppelinstra\u00dfe \/ St.-German-Stra\u00dfe zur einem Unfall zwischen einem Pkw und einem Rettungswagen. Der Pkw fuhr aus der Zeppelinstra\u00dfe heraus und stie\u00df seitlich in den gerade vorbeifahrenden Rettungswagen. Dieser kippte dadurch um und landete auf der Seite. Gl\u00fccklicherweise befand sich zum Unfallzeitpunkt kein Patient darin. Die Besatzung des Rettungswagens blieb unverletzt. Der 70-j\u00e4hrige Fahrer des Pkw war nicht ansprechbar und ist ins Krankenhaus gebracht worden. Die St.-German-Stra\u00dfe musste kurzzeitig voll gesperrt werden. Worin die Ursache f\u00fcr den Unfall bestand, ist nun Gegenstand der Ermittlungen.<\/p>\n\n\n\n<h2 class=\"wp-block-heading has-text-align-center\">Lesen Sie hierzu auch die <a href=\"https:\/\/speyer24news.com\/?p=60333\" title=\"\">Meldung des Brand- und Katastrophenschutzinspekteur der Stadt Speyer, Peter Eymann<\/a><\/h2>\n\n\n\n<h2 class=\"wp-block-heading\">(L 528 \/ B\u00f6hl-Iggelheim) &#8211; Nachtragsmeldung zu den Pressemeldungen vom 25.08. und 29.08.24 zu einer gef\u00e4hrlichen K\u00f6rperverletzung mittels Messer an der L528<\/h2>\n\n\n\n<h3 class=\"wp-block-heading\">Gemeinsame Pressemeldung der Staatsanwaltschaft Frankenthal und der Polizeiinspektion Schifferstadt<\/h3>\n\n\n\n<p>Das 16j\u00e4hrige Opfer hatte seinerzeit angegeben, von drei ihm fremden Personen bei einer Zufallsbegegnung mittels eines unbekannten Stichwerkzeugs verletzt worden zu sein. Im Zuge der Ermittlungen ergaben sich Zweifel an den Schilderungen des 16j\u00e4hrigen Opfers. Der Jugendliche r\u00e4umte nun in einer neuerlichen Vernehmung ein, die drei von ihm beschriebenen mutma\u00dflichen Angreifer nur erfunden zu haben. Es besteht nunmehr ein Tatverdacht gegen eine Einzelperson aus dem engen pers\u00f6nlichen Umfeld des Opfers. Es handelte sich somit um eine Tat aus pers\u00f6nlicher Motivation mit einem engen Bezug zwischen der nun tatverd\u00e4chtigen Person und dem Opfer. Weitergehende Informationen ergehen unter Ber\u00fccksichtigung der Pers\u00f6nlichkeitsrechte diesbez\u00fcglich nicht.<\/p>\n\n\n\n<h2 class=\"wp-block-heading\">(Waldsee) &#8211; Zwei Einbr\u00fcche<\/h2>\n\n\n\n<p>Zu gleich zwei Einbr\u00fcchen kam in der Nacht vom 19.11. auf den 20.11.20024. <\/p>\n\n\n\n<ol>\n<li>Zun\u00e4chst brach eine unbekannte T\u00e4terschaft die B\u00fcrot\u00fcr einer Landmaschinenfirma in der Schlichtstra\u00dfe auf. Aus einer im B\u00fcro gelagerten Geldkassette wurden dann 400 Euro Bargeld entwendet. Der Gesamtschaden, verursacht auch durch den Schaden an der aufgebrochenen T\u00fcr, d\u00fcrfte bei knapp 1.000 Euro liegen. <\/li>\n\n\n\n<li>In der gleichen Nacht verschafften sich ebenfalls unbekannte T\u00e4ter dann noch gewaltsam Zutritt in ein Blumengesch\u00e4ft in der Rehh\u00fctter Stra\u00dfe. Dort wurde dann die elektronische Kasse mit circa 100 Euro Wechselgeld entwendet. Vermutlich handelte es sich in beiden F\u00e4llen um die gleiche T\u00e4terschaft.<\/li>\n<\/ol>\n\n\n\n<ul>\n<li><strong>Hinweise nimmt die Polizeiinspektion Schifferstadt unter der Telefonnummer 06235 &#8211; 495-0 oder per E-Mail (<a href=\"mailto:pischifferstadt@polizei.rlp.de\">pischifferstadt@polizei.rlp.de<\/a>) entgegen.<\/strong><\/li>\n<\/ul>\n\n\n\n<h2 class=\"wp-block-heading\">(Waldsee) &#8211; Bootsmotoren entwendet<\/h2>\n\n\n\n<p>Unbekannte T\u00e4ter verschafften sich in der Zeit vom 16.11. bis 18.11.2024 Zugang auf das Gel\u00e4nde eines Bootshauses in der Rheinauenstra\u00dfe. Vermutlich kamen die T\u00e4ter \u00fcber die Wasserseite an das Grundst\u00fcck und entwendeten dann gewaltsam zwei Motoren, in dem sie die Stromkabel durchtrennten. Weiterhin wurde versucht, in das Vereinsheim zu gelangen. Dies gelang der T\u00e4terschaft jedoch nicht. Die Schadensh\u00f6he der beiden entwendeten Bootsmotoren liegt bei circa 8.000 Euro. <\/p>\n\n\n\n<ul>\n<li><strong>Hinweise nimmt die Polizeiinspektion Schifferstadt unter der Telefonnummer 06235 &#8211; 495-0 oder per E-Mail (<a href=\"mailto:pischifferstadt@polizei.rlp.de\">pischifferstadt@polizei.rlp.de<\/a>) entgegen.<\/strong><\/li>\n<\/ul>\n\n\n\n<h2 class=\"wp-block-heading\">(Dudenhofen \/ Frankenthal) &#8211; Spenden\u00fcbergabe der Polizei Frankenthal an das Kinderhospiz &#8222;Sterntaler&#8220; in Dudenhofen<a href=\"https:\/\/www.facebook.com\/sharer.php?u=https%3A%2F%2Fwww.presseportal.de%2Fblaulicht%2Fpm%2F117688%2F5913410%2F%3Futm_source%3Dfacebook%26utm_medium%3Dsocial\"><\/a><a href=\"https:\/\/twitter.com\/intent\/tweet?text=POL-PDLU%3A%20Spenden%C3%BCbergabe%20der%20Polizei%20Frankenthal%20an%20das%20Kinderhospiz%20%22Sterntaler%22%20in%20Dudenhofen&amp;url=https%3A%2F%2Fwww.presseportal.de%2Fblaulicht%2Fpm%2F117688%2F5913410%2F%3Futm_source%3Dtwitter%26utm_medium%3Dsocial&amp;hashtags=ots&amp;lang=de\"><\/a><a href=\"https:\/\/web.whatsapp.com\/send?text=POL-PDLU%3A%20Spenden%C3%BCbergabe%20der%20Polizei%20Frankenthal%20an%20das%20Kinderhospiz%20%22Sterntaler%22%20in%20Dudenhofen%0A%0Ahttps%3A%2F%2Fwww.presseportal.de%2Fblaulicht%2Fpm%2F117688%2F5913410%2F%3Futm_source%3Dwhatsapp%26utm_medium%3Dsocial\"><\/a><a href=\"https:\/\/www.xing.com\/app\/user?op=share;url=https%3A%2F%2Fwww.presseportal.de%2Fblaulicht%2Fpm%2F117688%2F5913410%2F%3Futm_source%3Dxing%26utm_medium%3Dsocial\"><\/a><a href=\"http:\/\/www.linkedin.com\/shareArticle?mini=true&amp;url=https%3A%2F%2Fwww.presseportal.de%2Fblaulicht%2Fpm%2F117688%2F5913410%2F%3Futm_source%3Dlinkedin%26utm_medium%3Dsocial&amp;title=POL-PDLU%3A+Spenden%C3%BCbergabe+der+Polizei+Frankenthal+an+das+Kinderhospiz+%22Sterntaler%22+in+Dudenhofen\"><\/a><a href=\"mailto:?subject=POL-PDLU%3A%20Spenden%C3%BCbergabe%20der%20Polizei%20Frankenthal%20an%20das%20Kinderhospiz%20%22Sterntaler%22%20in%20Dudenhofen&amp;body=https:\/\/www.presseportal.de\/blaulicht\/pm\/117688\/5913410\"><\/a><\/h2>\n\n\n<div class=\"wp-block-image\">\n<figure class=\"aligncenter\"><a href=\"https:\/\/cache.pressmailing.net\/thumbnail\/story_hires\/38d5dc0f-dde1-4a82-9790-b940e1c6260b\/PIFT_Spenden%C3%BCbergabe~aler_pressefrei.jpg.jpg\"><img decoding=\"async\" src=\"https:\/\/cache.pressmailing.net\/thumbnail\/story_big\/38d5dc0f-dde1-4a82-9790-b940e1c6260b\/pol-pdlu-spenden-bergabe-der-polizei-frankenthal-an-das-kinderhospiz-sterntaler-in-dudenhofen\" alt=\"POL-PDLU: Spenden\u00fcbergabe der Polizei Frankenthal an das Kinderhospiz &quot;Sterntaler&quot; in Dudenhofen\"\/><\/a><\/figure><\/div>\n\n\n<p>Am 14.11.2024 besuchte eine Dienstgruppe der Polizei Frankenthal das Kinderhospiz &#8222;Sterntaler&#8220; in Dudenhofen. Hintergrund hierf\u00fcr war, dass im Rahmen einer dienststelleninternen Veranstaltung eine Geldsumme von 444 Euro gesammelt wurde. Diese wurde im Rahmen des Besuches an die Verantwortlichen des Kinderhospizes als Spende \u00fcbergeben. Neben der Spenden\u00fcbergabe konnten die Kolleginnen und Kollegen Eindr\u00fccke \u00fcber die Arbeit des Hospizes erlangen, welches lebensverk\u00fcrzt erkrankte Kinder und deren Angeh\u00f6rige auf einem schweren Weg begleitet und unterst\u00fctzt. Besonders erw\u00e4hnenswert ist, dass die Arbeit des Hospizes zum Gro\u00dfteil \u00fcber Spenden finanziert werden muss. Die Arbeit der Mitarbeiter verdient hierbei gro\u00dfen Respekt und Anerkennung. Im Anschluss an die Einblicke in die Arbeit des Vereins wurde der mitgef\u00fchrte Streifenwagen zwei interessierten Kindern vorgef\u00fchrt und Eindr\u00fccke in die t\u00e4gliche Polizeiarbeit vermittelt, ebenso wurden Fragen der Kinder und der Mitarbeiter in einem offenen Austausch beantwortet.<\/p>\n\n\n\n<h2 class=\"wp-block-heading\">(Germersheim) &#8211; Betrugsversuch mit der Masche &#8222;Schockanruf&#8220; \/ Tatverd\u00e4chtige in Untersuchungshaft<\/h2>\n\n\n\n<h3 class=\"wp-block-heading\">Gemeinsame Pressemitteilung der Staatsanwaltschaft Landau und der Kriminalinspektion Landau<\/h3>\n\n\n<div class=\"wp-block-image\">\n<figure class=\"aligncenter size-full\"><img decoding=\"async\" loading=\"lazy\" width=\"800\" height=\"533\" src=\"https:\/\/speyer24news.com\/wp-content\/uploads\/2020\/06\/Zelle.jpg\" alt=\"\" class=\"wp-image-28203\" srcset=\"https:\/\/speyer24news.com\/wp-content\/uploads\/2020\/06\/Zelle.jpg 800w, https:\/\/speyer24news.com\/wp-content\/uploads\/2020\/06\/Zelle-300x200.jpg 300w, https:\/\/speyer24news.com\/wp-content\/uploads\/2020\/06\/Zelle-768x512.jpg 768w\" sizes=\"(max-width: 800px) 100vw, 800px\" \/><figcaption class=\"wp-element-caption\">Beispielbild Zelle \/ Verhaftung, dient lediglich der Visualisierung<\/figcaption><\/figure><\/div>\n\n\n<p>Am Vormittag des 20.11.2024 meldete sich ein vermeintlicher Polizeibeamter bei einer 81-j\u00e4hrigen Seniorin aus Germersheim und teilte mit, dass ihre Tochter einen t\u00f6dlichen Verkehrsunfall verursacht h\u00e4tte. Nur gegen eine Kaution in H\u00f6he von 40.000 EUR k\u00f6nne sie wieder aus dem Gef\u00e4ngnis freikommen. Den Betrag solle die 81-j\u00e4hrige bereitlegen, eine Kollegin w\u00fcrde ihn dann sp\u00e4ter abholen.<\/p>\n\n\n\n<p>Die Seniorin durchschaute den Betrugsversuch und informierte umgehend die Polizei.<\/p>\n\n\n\n<p>Noch am selben Tag, gegen 16:30 Uhr, erschien tats\u00e4chlich eine 37-j\u00e4hrige Frau an dem Wohnanwesen der Gesch\u00e4digten und wollte den geforderten Bargeldbetrag abholen. Die Tatverd\u00e4chtige wurde vorl\u00e4ufig festgenommen und am Folgetag, dem 21.11.24, dem Haftrichter vorgef\u00fchrt. Dieser erlie\u00df auf Antrag der Staatsanwaltschaft Landau Untersuchungshaftbefehl wegen des dringenden Tatverdachts des versuchten gewerbsm\u00e4\u00dfigen Bandenbetrugs. Die Beschuldigte wurde im Anschluss in eine Justizvollzugsanstalt gebracht.<\/p>\n\n\n\n<h2 class=\"wp-block-heading\">(L 542 \/ Offenbach) &#8211; Stra\u00dfenverkehrsgef\u00e4hrdung &#8211; Zeugen gesucht<\/h2>\n\n\n\n<p>Am 20.11.2024 wurde der Polizei Landau gegen 10:40 Uhr eine unsicher fahrende Fahrzeugf\u00fchrerin gemeldet, welch die L542 von Offenbach in Richtung Herxheim befahren w\u00fcrde. Hierbei w\u00fcrde sie immer wieder in den Gegenverkehr geraten. Die Anruferin gab an, dass es hierbei auch schon beinahe zu Unf\u00e4llen mit entgegenkommenden Fahrzeugen gekommen w\u00e4re. Die 56-j\u00e4hrige Renault-Fahrerin konnte in Herxheim einer Kontrolle unterzogen werden. Diese stand unter starkem Einfluss von Medikamenten und war nicht fahrtauglich. Die Weiterfahrt wurde untersagt und auf der Dienststelle eine Blutprobe entnommen. Ein Strafverfahren wegen Stra\u00dfenverkehrsgef\u00e4hrdung wurde eingeleitet. Auch die F\u00fchrerscheinstelle wurde in Kenntnis gesetzt. <\/p>\n\n\n\n<ul>\n<li><strong>Die Polizei bittet Zeugen, die Hinweise zu genanntem Vorfall geben k\u00f6nnen sich per Email an&nbsp;<a href=\"mailto:%20pilandau@polizei.rlp.de\">pilandau@polizei.rlp.de<\/a>&nbsp;oder telefonisch unter 06341-287-0 bei der Polizeiinspektion Landau zu melden.<\/strong><\/li>\n<\/ul>\n\n\n\n<h2 class=\"wp-block-heading\">(Landau) &#8211; Bei Auffahrunfall verletzt<\/h2>\n\n\n\n<p>Am 20.11.2024 befuhr gegen 11 Uhr eine 69-j\u00e4hrige VW-Fahrerin den Horstring von der Horststra\u00dfe kommend. Verkehrsbedingt musste sie bremsen. Dies erkannte eine nachfolgende 18-j\u00e4hrige Audi-Fahrerin zu sp\u00e4t und fuhr auf die VW-Fahrerin auf. Hierdurch wurde sowohl die Audi-Fahrerin als auch ein 72-j\u00e4hriger Beifahrer der VW-Fahrerin leicht verletzt. Eine medizinische Versorgung vor Ort war nicht erforderlich. Die Gesamtschadensh\u00f6he betr\u00e4gt circa 6000 Euro. Der PKW Audi war nicht mehr fahrbereit und musste abgeschleppt werden. Die 18-J\u00e4rhige wird sich nun in einem Strafverfahren wegen fahrl\u00e4ssiger K\u00f6rperverletzung verantworten m\u00fcssen. Es kam lediglich zu geringen Verkehrsbeeintr\u00e4chtigungen.<\/p>\n\n\n\n<h2 class=\"wp-block-heading\">(Landau) &#8211; Kennzeichenmissbrauch<\/h2>\n\n\n\n<p>Am 20.11.2024 kam es gegen 10:25 Uhr zu Streitigkeiten in Bezug auf einen Parkplatz zwischen zwei PKW-Fahrern in der Friedrich-Ebert-Stra\u00dfe in Landau. Nachdem der 58-J\u00e4hrige ank\u00fcndigte, nun die Polizei zu verst\u00e4ndigen, entfernte sich der 24-J\u00e4hrige mit seinem PKW Fiat von der \u00d6rtlichkeit. Bevor dieser wegfuhr, demontierte er die an seinem PKW angebrachten Kennzeichen, um mutma\u00dflich seine Identifizierung zu erschweren. Der 24-J\u00e4rhige konnte im Rahmen von Fahndungsma\u00dfnahmen angetroffen und kontrolliert werden. Er wird sich nun in einem Strafverfahren wegen Kennzeichenmissbrauchs verantworten m\u00fcssen.<\/p>\n\n\n\n<h2 class=\"wp-block-heading\">(K 57 \/ Burrweiler) &#8211; Wildschweine queren die Fahrbahn<\/h2>\n\n\n<div class=\"wp-block-image\">\n<figure class=\"aligncenter size-full\"><img decoding=\"async\" loading=\"lazy\" width=\"800\" height=\"633\" src=\"https:\/\/speyer24news.com\/wp-content\/uploads\/2021\/07\/Wildunfall-Achtung-Wild-Wildschwein.jpg\" alt=\"\" class=\"wp-image-39670\" srcset=\"https:\/\/speyer24news.com\/wp-content\/uploads\/2021\/07\/Wildunfall-Achtung-Wild-Wildschwein.jpg 800w, https:\/\/speyer24news.com\/wp-content\/uploads\/2021\/07\/Wildunfall-Achtung-Wild-Wildschwein-300x237.jpg 300w, https:\/\/speyer24news.com\/wp-content\/uploads\/2021\/07\/Wildunfall-Achtung-Wild-Wildschwein-768x608.jpg 768w\" sizes=\"(max-width: 800px) 100vw, 800px\" \/><\/figure><\/div>\n\n\n<p>Kurz nach 18 Uhr kam es am Mittwochabend (20.11.2024) zu einem Wildunfall, weil eine Rotte Wildschweine die K57 zwischen Burrweiler und B\u00f6chingen querten. Ein 35 Jahre alter Autofahrer konnte gut reagieren, weshalb nur geringf\u00fcgiger Sachschaden entstanden ist. Das angefahrene Wildschwein rannte nach der Kollision \u00fcber die Gr\u00fcnfl\u00e4che davon. Der zust\u00e4ndige Jagdp\u00e4chter wurde in Kenntnis gesetzt. <\/p>\n\n\n\n<h4 class=\"wp-block-heading\"><strong>Die Polizei appelliert:<\/strong> Bei pl\u00f6tzlichem Wildwechsel sollte kein Ausweichman\u00f6ver in den Gegenverkehr vollzogen werden, um die Gef\u00e4hrdung anderer Verkehrsteilnehmer auszuschlie\u00dfen. Trotz des Schockmoments sollte stark abgebremst und die Fahrspur gehalten werden. Nach einem Wildunfall m\u00fcssen Autofahrer unverz\u00fcglich anhalten, die Warnblinkanlage einschalten und die Unfallstelle absichern, unter anderem mit dem Warndreieck. Der Unfall sollte der Polizei gemeldet werden.<\/h4>\n\n\n\n<h2 class=\"wp-block-heading\">(Edesheim) &#8211; Falscher Polizeibeamter<\/h2>\n\n\n\n<p>Ein &#8222;Polizeikommissar Maier&#8220; von der Kripo Landau meldete sich am Mittwochmittag (20.11.2024, 14 Uhr) bei einer 73 Jahre alten Frau aus Edesheim und teilte ihr mit, dass ihr Sohn in Landau zwei Kinder bei einem Verkehrsunfall t\u00f6dlich verletzt h\u00e4tte. Die Staatsanwaltschaft h\u00e4tte zur Abwehr einer Verhaftung eine Kaution in H\u00f6he von 65.000 Euro angesetzt. Als der Ganove bemerkte, dass die Frau \u00fcber ihr Handy die Polizei verst\u00e4ndigte, beendete er umgehend das Telefonat. <\/p>\n\n\n\n<h4 class=\"wp-block-heading\"><strong><em>Die Polizei appelliert:<\/em><\/strong> Immer wieder sind Betr\u00fcger unterwegs, die sich als Polizisten ausgeben, um in den Besitz von Geld und anderen Wertgegenst\u00e4nden ihrer Opfer zu gelangen. Die Polizei wird niemanden um Geldbetr\u00e4ge bitten. Am Telefon sollten keine Details zu finanziellen Verh\u00e4ltnissen preisgegeben werden. Zudem sollte niemals Geld an Unbekannte ausgeh\u00e4ndigt werden. Man sollte sich am Telefon keineswegs unter Druck setzen lassen. Besser: Einfach auflegen und die Polizei informieren.<\/h4>\n\n\n\n<h2 class=\"wp-block-heading\">(A 65 \/ Neustadt-Nord) &#8211; Reifen gel\u00f6st<a href=\"https:\/\/www.facebook.com\/sharer.php?u=https%3A%2F%2Fwww.presseportal.de%2Fblaulicht%2Fpm%2F117686%2F5913596%2F%3Futm_source%3Dfacebook%26utm_medium%3Dsocial\"><\/a><a href=\"https:\/\/twitter.com\/intent\/tweet?text=POL-PDLD%3A%20A65%2FNW-Nord%20-%20Reifen%20gel%C3%B6st&amp;url=https%3A%2F%2Fwww.presseportal.de%2Fblaulicht%2Fpm%2F117686%2F5913596%2F%3Futm_source%3Dtwitter%26utm_medium%3Dsocial&amp;hashtags=ots&amp;lang=de\"><\/a><a href=\"https:\/\/web.whatsapp.com\/send?text=POL-PDLD%3A%20A65%2FNW-Nord%20-%20Reifen%20gel%C3%B6st%0A%0Ahttps%3A%2F%2Fwww.presseportal.de%2Fblaulicht%2Fpm%2F117686%2F5913596%2F%3Futm_source%3Dwhatsapp%26utm_medium%3Dsocial\"><\/a><a href=\"https:\/\/www.xing.com\/app\/user?op=share;url=https%3A%2F%2Fwww.presseportal.de%2Fblaulicht%2Fpm%2F117686%2F5913596%2F%3Futm_source%3Dxing%26utm_medium%3Dsocial\"><\/a><a href=\"http:\/\/www.linkedin.com\/shareArticle?mini=true&amp;url=https%3A%2F%2Fwww.presseportal.de%2Fblaulicht%2Fpm%2F117686%2F5913596%2F%3Futm_source%3Dlinkedin%26utm_medium%3Dsocial&amp;title=POL-PDLD%3A+A65%2FNW-Nord+-+Reifen+gel%C3%B6st\"><\/a><a href=\"mailto:?subject=POL-PDLD%3A%20A65%2FNW-Nord%20-%20Reifen%20gel%C3%B6st&amp;body=https:\/\/www.presseportal.de\/blaulicht\/pm\/117686\/5913596\"><\/a><\/h2>\n\n\n<div class=\"wp-block-image\">\n<figure class=\"aligncenter\"><a href=\"https:\/\/cache.pressmailing.net\/thumbnail\/story_hires\/f5cd6ff0-2c2c-4446-a96b-a1b2434cc21b\/Reifenpanne.JPG.jpg\"><img decoding=\"async\" src=\"https:\/\/cache.pressmailing.net\/thumbnail\/story_big\/f5cd6ff0-2c2c-4446-a96b-a1b2434cc21b\/pol-pdld-a65-nw-nord-reifen-gel-st\" alt=\"POL-PDLD: A65\/NW-Nord - Reifen gel\u00f6st\"\/><\/a><\/figure><\/div>\n\n\n<p>Gl\u00fcck im Ungl\u00fcck hatte Mittwochmittag (20.11.2024, 12.15 Uhr) ein 34 Jahre alter PKW-Fahrer auf der A65, H\u00f6he der AS NW-Nord, als er einen LKW \u00fcberholte, bei dem sich pl\u00f6tzlich ein Reifen gel\u00f6st hatte und leicht mit seinem Fahrzeug kollidierte. Dank guter Reaktion des Autofahrers wurde niemand verletzt. Der Gesamtunfallschaden liegt bei \u00fcber 6.000 Euro.<\/p>\n\n\n\n<h2 class=\"wp-block-heading\">(Freinsheim) &#8211; Versuchter Einbruch in Wohnhaus \/ Polizei sucht Zeugen<\/h2>\n\n\n\n<p>Am 20.11.2024, gegen 15:00 Uhr versuchten Unbekannte \u00fcber die Hauseingangst\u00fcr in ein Wohnhaus in der Stra\u00dfe Am Langenstein einzubrechen. Vermutlich versuchten die T\u00e4ter die verschlossene T\u00fcr mit Gewalt aufzudr\u00fccken, was ihnen allerdings nicht gelungen ist. Es entstand ein Sachschaden von ca. 2000 Euro.<\/p>\n\n\n\n<ul>\n<li><strong>Zeugen, die zwischen 14:45 Uhr und 15:15 Uhr verd\u00e4chtige Personen oder Fahrzeuge im Bereich Freinsheim beobachtet haben werden gesucht. Hinweise nimmt die Polizeiinspektion Bad D\u00fcrkheim unter Tel.: 06322 9630 oder per Mail an&nbsp;<a href=\"mailto:%20pibadduerkheim@polizei.rlp.de\">pibadduerkheim@polizei.rlp.de<\/a>&nbsp;entgegen.<\/strong><\/li>\n<\/ul>\n\n\n\n<h2 class=\"wp-block-heading\">(Frankenthal) &#8211; Wohnungseinbruch \/ Zeugen gesucht<\/h2>\n\n\n\n<p>Am Mittwoch (20.11.2024), zwischen 18:30 und 19:40 Uhr, brachen Unbekannte in eine Wohnung in der Riemstra\u00dfe in Frankenthal ein und entwendeten Schmuck und Bargeld. Der Gesamtschaden bel\u00e4uft sich auf circa 15.000 Euro.<\/p>\n\n\n\n<ul>\n<li><strong>Wer hat die Tat beobachtet und kann Hinweise auf die T\u00e4ter geben? Hinweise nimmt die Kriminalpolizei Ludwigshafen unter der Telefonnummer 0621 963- 23312 oder per E-Mail&nbsp;<a href=\"mailto:%20KDLudwigshafen.KI3.K31@polizei.rlp.de\">KDLudwigshafen.KI3.K31@polizei.rlp.de<\/a>&nbsp;entgegen.<\/strong><\/li>\n<\/ul>\n\n\n\n<h2 class=\"wp-block-heading\">(Ludwigshafen) &#8211; Unfall mit Stra\u00dfenbahn<\/h2>\n\n\n\n<p>Am Mittwoch (20.11.2024), gegen 20:15 Uhr, war eine 26-j\u00e4hrige Autofahrerin auf der B\u00fcrgermeister-Gr\u00fcnzweig-Stra\u00dfe von der Industriestra\u00dfe kommend unterwegs und bog an der Einm\u00fcndung zur Rohrlachstra\u00dfe verbotswidrig nach links ab. Hierbei missachtete sie den Vorrang der parallel in gleicher Richtung fahrenden Stra\u00dfenbahn und kollidierte mit dieser. Die 26-J\u00e4hrige wurde verletzt und durch den Rettungsdienst in ein Krankenhaus gebracht. Es entstand Sachschaden in H\u00f6he von circa 12.000 Euro. Die Unfall\u00f6rtlichkeit musste f\u00fcr circa eine Stunde komplett gesperrt werden.<\/p>\n\n\n\n<h2 class=\"wp-block-heading\">(Ludwigshafen) &#8211; Raub auf Stra\u00dfe \/ Zeugen gesucht<\/h2>\n\n\n<div class=\"wp-block-image\">\n<figure class=\"aligncenter size-full\"><img decoding=\"async\" loading=\"lazy\" width=\"801\" height=\"600\" src=\"https:\/\/speyer24news.com\/wp-content\/uploads\/2020\/05\/Zeugen-gesucht-Neutral.jpg\" alt=\"\" class=\"wp-image-26598\" srcset=\"https:\/\/speyer24news.com\/wp-content\/uploads\/2020\/05\/Zeugen-gesucht-Neutral.jpg 801w, https:\/\/speyer24news.com\/wp-content\/uploads\/2020\/05\/Zeugen-gesucht-Neutral-300x225.jpg 300w, https:\/\/speyer24news.com\/wp-content\/uploads\/2020\/05\/Zeugen-gesucht-Neutral-768x575.jpg 768w, https:\/\/speyer24news.com\/wp-content\/uploads\/2020\/05\/Zeugen-gesucht-Neutral-678x509.jpg 678w, https:\/\/speyer24news.com\/wp-content\/uploads\/2020\/05\/Zeugen-gesucht-Neutral-326x245.jpg 326w, https:\/\/speyer24news.com\/wp-content\/uploads\/2020\/05\/Zeugen-gesucht-Neutral-80x60.jpg 80w\" sizes=\"(max-width: 801px) 100vw, 801px\" \/><\/figure><\/div>\n\n\n<p>Am Mittwoch (20.11.2024), gegen 15:10 Uhr, soll ein 32-J\u00e4hriger in der Ludwigstra\u00dfe durch zwei unbekannte T\u00e4ter angegriffen worden sein. Anschlie\u00dfend h\u00e4tten die T\u00e4ter sein Handy entwendet. Da der 32-J\u00e4hrige erheblich alkoholisiert war, konnte er keine weiteren Angaben zu den mutma\u00dflichen T\u00e4tern machen. <\/p>\n\n\n\n<ul>\n<li><strong>Es werden deshalb Zeugen gesucht, die den Vorfall beobachtet haben. Hinweise bitte an die Polizeiinspektion Ludwigshafen 1, Telefonnummer 0621 963- 24150 oder per E-Mail&nbsp;<a href=\"mailto:%20piludwigshafen1@polizei.rlp.de\">piludwigshafen1@polizei.rlp.de<\/a>&nbsp;.<\/strong><\/li>\n<\/ul>\n\n\n\n<h2 class=\"wp-block-heading\">(Ludwigshafen) &#8211; Radfahrer bei Unf\u00e4llen verletzt<\/h2>\n\n\n\n<ol>\n<li>Am Mittwoch (20.11.2024), gegen 06:20 Uhr, fuhren ein 49-j\u00e4hriger Autofahrer und ein 52-j\u00e4hriger Radfahrer auf der Mundenheimer Stra\u00dfe in Richtung Berliner Platz. An der Kreuzung zur Pfalzgrafenstra\u00dfe bog der Autofahrer nach rechts ab und missachtete dabei den Vorrang des 52-J\u00e4hrigen. Der Radfahrer st\u00fcrzte, verletzte sich leicht und wurde durch den Rettungsdienst in ein Krankenhaus gebracht.<\/li>\n\n\n\n<li>Gegen 07:20 Uhr, war ein 56-j\u00e4hriger Radfahrer auf der Wegelnburgstra\u00dfe in Richtung Kaiserw\u00f6rthdamm unterwegs. Ein 59-j\u00e4hriger Autofahrer fuhr von einem Supermarktparkplatz auf die Wegelnburgstra\u00dfe auf und missachtete hierbei die Vorfahrt des Radfahrers. Es kam zum Zusammensto\u00df, der Radfahrer st\u00fcrzte und verletzt sich leicht. Auch er wurde durch den Rettungsdienst in ein Krankenhaus gebracht.<\/li>\n<\/ol>\n\n\n\n<h2 class=\"wp-block-heading\">(Mannheim &#8211; Verkehrsunfall mit Beteiligung einer Stra\u00dfenbahn auf der Feudenheimer Stra\u00dfe<\/h2>\n\n\n\n<p>Aufgrund eines Verkehrsunfalls zwischen einer Stra\u00dfenbahn und einem Kraftradfahrer sind Kr\u00e4fte der Feuerwehr, des Rettungsdienstes und der Polizei im Bereich der Feudenheimer Stra\u00dfe eingesetzt. \u00dcber den genauen Unfallhergang sowie zu m\u00f6glichen verletzten Personen liegen derzeit noch keine Informationen vor. Durch die Ma\u00dfnahmen der eingesetzten Kr\u00e4fte kann es zu Verkehrsbehinderungen und zu kurzfristigen Fahrbahnsperrungen kommen. Es wird nachberichtet. (<em>21.11.2024 \u2013 17:06<\/em>)<\/p>\n\n\n\n<h3 class=\"wp-block-heading has-text-align-center\">Pressemitteilung Nr. 2 !! Korrektur der Unfall\u00f6rtlichkeit!!<\/h3>\n\n\n\n<p>Entgegen der Erstmeldung, handelt es sich bei Unfall\u00f6rtlichkeit nicht um die Feudenheimer Stra\u00dfe, sondern um den Bereich R\u00f6ntgenstra\u00dfe\/Cheliusstra\u00dfe.<\/p>\n\n\n\n<h3 class=\"wp-block-heading has-text-align-center\">Pressemitteilung Nr.3<\/h3>\n\n\n\n<p>Wie bereits berichtet ereignete sich am heutigen Donnerstagnachmittag, gegen 17:00 Uhr, ein Verkehrsunfall im Bereich der Mannheimer R\u00f6ntgenstra\u00dfe \/ Cheliusstra\u00dfe, unter Beteiligung einer Stra\u00dfenbahn.<\/p>\n\n\n\n<p>Hierbei fuhr ein 65-j\u00e4hriger Fahrer eines Kraftrades (Peugeot) entgegen der vorgegebenen Fahrtrichtung aus der Ausfahrt des Universit\u00e4tsklinikums Mannheim hinaus, fuhr weiterhin verbotswidrig \u00fcber den entgegenliegenden Abbiegestreifen der R\u00f6ntgenstra\u00dfe und \u00fcbersah hierbei auch noch die zeitgleich herannahende Stra\u00dfenbahn. Trotz einer sofortigen eingeleiteten Bremsung der Stra\u00dfenbahn konnte eine Kollision nicht mehr vermieden werden. Der Zusammensto\u00df ging allerdings sehr &#8222;glimpflich&#8220; f\u00fcr den 65-j\u00e4hrigen Unfallverursacher aus. Jener war zun\u00e4chst nur mit seinem Fu\u00df unter seinem umgekippten Kraftrad &#8222;eingeklemmt&#8220;, konnte sich aber eigenst\u00e4ndig aus dieser Lage befreien. Durch den Unfallhergang wurde gl\u00fccklicherweise auch niemand verletzt. Auch der Sachschaden an beiden Fahrzeugen fiel, laut Einsch\u00e4tzung der Beamten vor Ort, sehr gering aus. Nach der Verkehrsunfallaufnahme konnten auch alle Beteiligten ihre Fahrt wieder fortsetzten.<\/p>\n\n\n\n<h2 class=\"wp-block-heading\">(Mannheim) &#8211; 25-J\u00e4hriger betrunkener Raser<\/h2>\n\n\n\n<p>Am fr\u00fchen Donnerstagmorgen gegen 00:01 Uhr stoppte eine Polizeistreife der Autobahnpolizei Mannheim einen betrunkenen VW-Fahrer, welcher den Beamten durch dessen unsichere Fahrweise auffiel.<\/p>\n\n\n\n<p>Der 25-J\u00e4hrige war mit stark \u00fcberh\u00f6hter Geschwindigkeit auf der BAB 656 unterwegs und hatte Schwierigkeiten, auf seiner Spur zu bleiben. Bei der Kontrolle des Fahrers stellten die Polizisten erheblichen Alkoholgeruch fest. Ein Atemalkoholtest best\u00e4tigte schlie\u00dflich den Verdacht. Der Mann war mit circa 1,7 Promille unterwegs.<\/p>\n\n\n\n<p>Zu einem Unfall bzw. Sach- oder Personenschaden kam es gl\u00fccklicherweise nicht.<\/p>\n\n\n\n<h2 class=\"wp-block-heading\">(Mannheim) &#8211; Betrug durch falschen Bankmitarbeiter<\/h2>\n\n\n<div class=\"wp-block-image\">\n<figure class=\"aligncenter size-full\"><img decoding=\"async\" loading=\"lazy\" width=\"800\" height=\"580\" src=\"https:\/\/speyer24news.com\/wp-content\/uploads\/2021\/11\/Abzocke-Betrug-Wucher-hohe-Rechnung.jpg\" alt=\"\" class=\"wp-image-42488\" srcset=\"https:\/\/speyer24news.com\/wp-content\/uploads\/2021\/11\/Abzocke-Betrug-Wucher-hohe-Rechnung.jpg 800w, https:\/\/speyer24news.com\/wp-content\/uploads\/2021\/11\/Abzocke-Betrug-Wucher-hohe-Rechnung-300x218.jpg 300w, https:\/\/speyer24news.com\/wp-content\/uploads\/2021\/11\/Abzocke-Betrug-Wucher-hohe-Rechnung-768x557.jpg 768w\" sizes=\"(max-width: 800px) 100vw, 800px\" \/><\/figure><\/div>\n\n\n<p>Eine Frau aus dem Siebseeweg in Mannheim-Gartenstadt erhielt am Mittwochmorgen einen \u00fcberraschenden Anruf. Ein Mann, der sich als Mitarbeiter ihrer Bank ausgab, veranlasste die Gesch\u00e4digte mittels geschickter Gespr\u00e4chsf\u00fchrung zur Herausgabe ihrer Kontodaten und mehrerer TAN-Nummern. Als die Frau nach dem Telefonat Kontakt zur ihrer Bank aufnahm, musste sie feststellen, dass sie einem Betrugsanruf zum Opfer gefallen war. Ein Betr\u00fcger hatte sich als Bankmitarbeiter ausgegeben und durch die \u00fcbermittelten Bankdaten hohe Betr\u00e4ge von ihrem Konto transferiert. Dabei nutzte der T\u00e4ter bei seinem Anruf eine Software, um seine eigentliche Rufnummer zu verschleiern und vorzut\u00e4uschen, dass es sich um einen echten Anruf der Bank handelte. Ob die Frau das Geld oder zumindest einen Teil davon wieder zur\u00fcckbekommen kann, ist derzeit noch unklar. Der mutma\u00dfliche Schaden liegt im mittleren f\u00fcnfstelligen Bereich. Die Kriminalpolizei \u00fcbernahm die Ermittlungen.<\/p>\n\n\n\n<p>Die Polizei r\u00e4t generell bei \u00fcberraschenden Anrufen: &#8211; Lassen Sie sich nicht zur Eile und sofortigen Handlungen dr\u00e4ngen. Machen Sie sich Notizen und fragen nach dem Namen des Anrufers bzw. der Anruferin sowie einer R\u00fcckrufnummer. Am besten auflegen, die Sache \u00fcberdenken und gegebenenfalls sp\u00e4ter zur\u00fcckrufen. Wichtig: \u00dcberpr\u00fcfen Sie die Angaben auf ihrer Plausibilit\u00e4t! &#8211; Halten Sie R\u00fccksprache mit anderen Familienmitgliedern oder Vertrauten. &#8211; Werden Sie immer dann besonders misstrauisch, wenn es um Geld- oder andere Verm\u00f6gensforderungen, Passw\u00f6rter, Kontoinformationen oder andere sensible Daten geht. Diese sollten erst nach genauer Pr\u00fcfungen weitergegeben werden. &#8211; Verst\u00e4ndigen Sie im Zweifelsfall immer und zeitnah die Polizei. Die diensthabenden Polizeibeamtinnen und Polizeibeamten k\u00f6nnen Ihnen verl\u00e4sslich Auskunft dar\u00fcber geben, ob es sich um eine Betrugsmasche handelt.<\/p>\n\n\n\n<h2 class=\"wp-block-heading\">(Mannheim) &#8211; Zeugen nach Einbruch gesucht!<\/h2>\n\n\n\n<p>Zwischen Dienstagabend gegen 17:30 Uhr und Mittwochmorgen gegen 08:05 Uhr verschaffte sich eine noch unbekannte T\u00e4terschaft gewaltsam Zutritt zu den B\u00fcror\u00e4umen einer Firma in der Augustaanlage und entwendete einen Tresor. Die T\u00e4terschaft hebelte die Eingangst\u00fcr des Geb\u00e4udes auf und gelangte so in das Innere. Was sich in dem Tresor befand ist noch nicht abschlie\u00dfend gekl\u00e4rt. Ebenfalls ist noch unklar, wie hoch der entstandene Sachschaden ist.<\/p>\n\n\n\n<ul>\n<li><strong>Das Polizeirevier Mannheim-Oststadt such nun Zeugen, welche sachdienliche Hinweise zu dem Vorfall geben k\u00f6nnen. Diese werden gebeten, sich unter der Nummer 0621\/174-3310 zu melden.<\/strong><\/li>\n<\/ul>\n\n\n\n<h2 class=\"wp-block-heading\">(Heidelberg) &#8211; Unfall beim Ausparken aus Parkbucht<\/h2>\n\n\n\n<p>Eine 20-j\u00e4hrige Fahrerin eines Nissan-Juke \u00fcbersah am Mittwochmittag gegen 13:30 Uhr einen von hinten herannahenden Nissan-Navara, als sie aus einer Parkbucht der Schelklystra\u00dfe ausparkte. Ersten Erkenntnissen zufolge ordnete sich die 20-J\u00e4hrige vom rechten Fahrbahnrand in den flie\u00dfenden Verkehr ein und kollidierte dabei mit dem Nissan eines 75-j\u00e4hrigen Mannes. Durch die Wucht des Aufpralls wurde der Nissan-Navara gegen einen geparkten Mini Cooper geschleudert. Bei dem Unfall wurde gl\u00fccklicherweise niemand verletzt. An den drei Autos entstand ein Sachschaden in H\u00f6he von etwa 18.000 Euro. Der Nissan der Frau war nicht mehr fahrbereit und musste abgeschleppt werden.<\/p>\n\n\n\n<p>Das Polizeirevier Heidelberg-S\u00fcd hat die Unfallermittlungen aufgenommen.<\/p>\n\n\n\n<h2 class=\"wp-block-heading\">(Heidelberg) &#8211; Betrunkene Autofahrerin mit 2,6 Promille unterwegs<\/h2>\n\n\n\n<p>Am Mittwochvormittag gegen 11:28 Uhr stoppten Beamte des Polizeireviers Heidelberg-Mitte eine 51-j\u00e4hrige Toyota-Fahrerin, welche mit 2,6 Promille unterwegs war.<\/p>\n\n\n\n<p>Eine aufmerksame Zeugin alarmierte die Einsatzkr\u00e4fte, da die Betrunkene erhebliche Schwierigkeiten hatte, auf der Speyerer Stra\u00dfe die Spur zu halten. Das gemeldete Fahrzeug konnte schlie\u00dflich im Bereich der R\u00f6merstra\u00dfe durch die Polizeibeamten angehalten und kontrolliert werden. Ein Atemalkoholtest ergab letztlich, dass die Toyota-Fahrerin massiv alkoholisiert war.<\/p>\n\n\n\n<p>Der F\u00fchrerschein wurde sichergestellt. Sie muss sich nun wegen Trunkenheit im Stra\u00dfenverkehr verantworten.<\/p>\n\n\n\n<p>Zu einem Unfall bzw. Sach- oder Personenschaden kam es gl\u00fccklicherweise nicht.<\/p>\n\n\n\n<h2 class=\"wp-block-heading\">(Heidelberg) &#8211; Zwei M\u00e4nner im Alter von 26 und 37 Jahren wegen des Verdachts des schweren Raubes in Haft<\/h2>\n\n\n\n<h3 class=\"wp-block-heading\">Gemeinsame Pressemitteilung der Staatsanwaltschaft Heidelberg und des Polizeipr\u00e4sidiums Mannheim:<\/h3>\n\n\n<div class=\"wp-block-image\">\n<figure class=\"aligncenter size-full\"><img decoding=\"async\" loading=\"lazy\" width=\"800\" height=\"533\" src=\"https:\/\/speyer24news.com\/wp-content\/uploads\/2020\/06\/Zelle.jpg\" alt=\"\" class=\"wp-image-28203\" srcset=\"https:\/\/speyer24news.com\/wp-content\/uploads\/2020\/06\/Zelle.jpg 800w, https:\/\/speyer24news.com\/wp-content\/uploads\/2020\/06\/Zelle-300x200.jpg 300w, https:\/\/speyer24news.com\/wp-content\/uploads\/2020\/06\/Zelle-768x512.jpg 768w\" sizes=\"(max-width: 800px) 100vw, 800px\" \/><figcaption class=\"wp-element-caption\">Beispielbild Zelle \/ Verhaftung, dient lediglich der Visualisierung<\/figcaption><\/figure><\/div>\n\n\n<p>Auf Antrag der Staatsanwaltschaft Heidelberg wurde durch das Amtsgericht Heidelberg gegen einen 26- und einen 37-j\u00e4hrigen Mann jeweils ein Untersuchungshaftbefehl erlassen. Sie stehen im dringenden Verdacht, am 14. November 2024 in Heidelberg einen Raub begangen zu haben.<\/p>\n\n\n\n<p>Die beiden Tatverd\u00e4chtigen trafen kurz nach 01:00 Uhr am Hauptbahnhof Heidelberg auf ihr sp\u00e4teres Opfer, einen 42-j\u00e4hrigen Mann und verwickelten ihn zun\u00e4chst in ein Gespr\u00e4ch. Sie begaben sich anschlie\u00dfend auf eine Wiese gegen\u00fcber dem Bahnhofsvorplatz. Hier sollen die beiden Tatverd\u00e4chtigen den 42-J\u00e4hrigen angegriffen und mit Tritten und Schl\u00e4gen traktiert haben. Einer der beiden Angreifer habe schlie\u00dflich Reizgas eingesetzt, woraufhin der Gesch\u00e4digte zu Boden ging. Im Anschluss daran sollen sie das Mobiltelefon und Bargeld des 42-j\u00e4hrigen Gesch\u00e4digten an sich genommen haben. Unter Zur\u00fccklassung des Geldbeutels fl\u00fcchteten die Tatverd\u00e4chtigen in unbekannte Richtung.<\/p>\n\n\n\n<p>Der Gesch\u00e4digte wurde durch die Tritte und Schl\u00e4ge, sowie durch das Reizgas leicht verletzt.<\/p>\n\n\n\n<p>Im Rahmen intensiver Ermittlungen des Fachdezernats der Kriminalpolizeidirektion Heidelberg konnten die beiden Tatverd\u00e4chtigen rasch identifiziert werden. Einer der Verd\u00e4chtigen wurde am 14.11.2024 durch Kr\u00e4fte der Bundespolizei in Mannheim festgenommen werden, der zweite Verd\u00e4chtige am 15.11.2024 durch den Kriminaldauerdienst Karlsruhe an dessen Wohnort in Karlsruhe.<\/p>\n\n\n\n<p>Auf Antrag der Staatsanwaltschaft Heidelberg wurden die Untersuchungshaftbefehle gegen die Tatverd\u00e4chtigen erlassen. Sie wurden nach der Vorf\u00fchrung beim Ermittlungsrichter und Er\u00f6ffnung der Haftbefehle in unterschiedliche Justizvollzugsanstalten eingeliefert.<\/p>\n\n\n\n<p>Die Ermittlungen von Staatsanwaltschaft und Kriminalpolizei Heidelberg dauern an.<\/p>\n\n\n\n<h2 class=\"wp-block-heading\">(A 6 \/ Ketsch \/ Rhein-Neckar-Kreis) &#8211; Auffahrunfall mit drei beteiligten Fahrzeugen<\/h2>\n\n\n\n<p>Am Mittwochmorgen verursachte ein 35-j\u00e4hriger Autofahrer einen Unfall, bei dem drei Autos involviert waren und die Sachschadensh\u00f6he bei knapp 30.000 Euro liegt.<\/p>\n\n\n\n<p>Der Unfallverursacher war mit seinem VW auf der A 6 zwischen den Anschlussstellen Schwetzingen\/Hockenheim und Mannheim\/Schwetzingen in Richtung Mannheim unterwegs. Gegen 07:15 Uhr bemerkte er zu sp\u00e4t, dass sich vor ihm ein Stau gebildet hatte und konnte eine Kollision mit dem Heck eines vor ihm bremsenden VW nicht mehr verhindern. Durch die Wucht des Aufpralls wurde der VW in einen davorstehenden Citroen geschoben, sodass an allen drei Fahrzeugen ein Sachschaden in H\u00f6he von knapp 30.000 Euro entstand. Nach dem Zusammensto\u00df waren die Autos nicht mehr fahrbereit und mussten abgeschleppt werden. Der 36-j\u00e4hrige VW-Fahrer sowie der 52-j\u00e4hrige Citroen-Fahrer und der Unfallverursacher wurden bei dem Unfall leicht verletzt.<\/p>\n\n\n\n<p>F\u00fcr die Unfallaufnahme sowie die Rettungs- und Abschleppma\u00dfnahmen mussten die beiden Fahrstreifen f\u00fcr etwa 1,5 Stunden gesperrt werden. Der Verkehr wurde an der Unfallstelle vorbeigeleitet.<\/p>\n\n\n\n<p>Der Verkehrsdienst Heidelberg hat die Unfallermittlungen aufgenommen.<\/p>\n\n\n\n<h2 class=\"wp-block-heading\">(Leimen \/ Rhein- Neckar-Kreis) &#8211; Stra\u00dfenbahn kollidiert mit Auto<\/h2>\n\n\n\n<p>Am Mittwochmorgen gegen 07:40 Uhr kam es auf der Waldhofstra\u00dfe zu einem Unfall zwischen einem VW und einer Stra\u00dfenbahn, wobei ein Sachschaden in H\u00f6he von circa 5.500 Euro entstand.<\/p>\n\n\n\n<p>Die 49-j\u00e4hrige VW- Fahrerin war auf der Luisenstra\u00dfe in Fahrtrichtung Rohrbacher Stra\u00dfe unterwegs, als sie das Rotlicht einer Ampel missachtete und mit einer von rechts kommenden Stra\u00dfenbahn kollidierte. Gl\u00fccklicherweise wurde bei dem Unfall niemand verletzt.<\/p>\n\n\n\n<p>W\u00e4hrend der Unfallaufnahme musste der Bahnverkehr vor\u00fcbergehend eingestellt werden.<\/p>\n\n\n\n<h2 class=\"wp-block-heading\">(Nu\u00dfloch \/ Rhein-Neckar-Kreis) &#8211; Einbruch in Einfamilienhaus \/ Wer hat Verd\u00e4chtiges bemerkt?<\/h2>\n\n\n\n<p>Am Mittwochabend wurde in eine Doppelhaush\u00e4lfte in Nu\u00dfloch eingebrochen.<\/p>\n\n\n\n<p>In der Zeit zwischen 17.00 Uhr und 18.45 Uhr hebelten Unbekannte zun\u00e4chst das K\u00fcchenfenster des Hauses in der Nadlerstra\u00dfe auf und drangen in Hausinnere ein. Hier durchsuchten die Eindringlinge Schr\u00e4nke und Schubladen in allen R\u00e4umlichkeiten des Hauses. Anschlie\u00dfend fl\u00fcchteten sie in unbekannte Richtung. Ob die Unbekannten etwas mitgehen lie\u00dfen muss noch ermittelt werden.<\/p>\n\n\n\n<ul>\n<li><strong>Zeugen, die verd\u00e4chtige Beobachtungen gemacht haben und sachdienliche Hinweise geben k\u00f6nnen, werden gebeten, sich unter der Rufnummer 06222\/5709-0 beim Polizeirevier Wiesloch zu melden.<\/strong><\/li>\n<\/ul>\n\n\n\n<h2 class=\"wp-block-heading\">(Walldorf \/ Rhein-Neckar-Kreis) &#8211; Mehrere Warenartikel aus Automat entwendet \/ Zeugen gesucht<\/h2>\n\n\n\n<p>Mithilfe eines unbekannten Gegenstands zog ein bisher unbekannter T\u00e4ter in der Zeit zwischen Dienstagmorgen, 04:00 Uhr, und Mittwoch, 09:20 Uhr, die F\u00f6rderspiralen eines Gemischtwarenautomaten in der Heinrich-Lanz-Stra\u00dfe heraus und entwendete mehrere Artikel. Anschlie\u00dfend ergriff der T\u00e4ter die Flucht in unbekannte Richtung. Der Diebstahlschaden wird auf einen niedrigen dreistelligen Betrag gesch\u00e4tzt. Der Sachschaden l\u00e4sst sich noch nicht genau beziffern.<\/p>\n\n\n\n<ul>\n<li><strong>Das Polizeirevier Wiesloch nimmt Zeugenhinweise unter der Tel.: 06222 \/ 5709-0 entgegen.<\/strong><\/li>\n<\/ul>\n\n\n\n<h2 class=\"wp-block-heading\">(L 727 \/ Wiesloch \/ Rhein-Neckar-Kreis) &#8211; Gabelstapler besch\u00e4digt Heckscheibe eines Autos<\/h2>\n\n\n\n<p>Ein 49-j\u00e4hriger Gabelstapler-Fahrer war am Mittwochmittag gegen 14:15 Uhr auf der Erich-K\u00e4stner-Stra\u00dfe unterwegs, als er mit einem vor ihm verkehrsbedingt haltenden Auto kollidierte. Die 60-j\u00e4hrige Frau hielt mit ihrem Citroen verkehrsbedingt an einer Rot zeigenden Ampel. Ersten Erkenntnissen zufolge konnte der Staplerfahrer eine Kollision mit dem Auto nicht mehr verhindern und stie\u00df mit der Gabel in das Heckfenster. Verletzt wurde hierbei gl\u00fccklicherweise niemand. Der Sachschaden liegt bei etwa 5.000 Euro.<\/p>\n\n\n\n<p>Wie es zu dem Unfall kam, ist Gegenstand der Ermittlungen, die durch das Polizeirevier Wiesloch gef\u00fchrt werden.<\/p>\n\n\n\n<h2 class=\"wp-block-heading\">(A 6 \/ Dielheim \/ Rhein-Neckar-Kreis) &#8211; Autobahn nach Unfall gesperrt<\/h2>\n\n\n<div class=\"wp-block-image\">\n<figure class=\"aligncenter size-full\"><img decoding=\"async\" loading=\"lazy\" width=\"800\" height=\"533\" src=\"https:\/\/speyer24news.com\/wp-content\/uploads\/2021\/08\/Polizei-Blaulicht-Nacht.jpg\" alt=\"\" class=\"wp-image-39755\" srcset=\"https:\/\/speyer24news.com\/wp-content\/uploads\/2021\/08\/Polizei-Blaulicht-Nacht.jpg 800w, https:\/\/speyer24news.com\/wp-content\/uploads\/2021\/08\/Polizei-Blaulicht-Nacht-300x200.jpg 300w, https:\/\/speyer24news.com\/wp-content\/uploads\/2021\/08\/Polizei-Blaulicht-Nacht-768x512.jpg 768w\" sizes=\"(max-width: 800px) 100vw, 800px\" \/><figcaption class=\"wp-element-caption\">Autobahnpolizei<\/figcaption><\/figure><\/div>\n\n\n<p>Um kurz vor 7 Uhr wurde am Donnerstag der Polizei ein Unfall auf der BAB 6 im Streckenabschnitt von Sinsheim in Richtung der Anschlussstelle Wiesloch\/ Rauenberg gemeldet. Nach ersten Erkenntnissen waren vier Fahrzeuge in die Kollision verwickelt, darunter mindestens ein LKW, welche nun die komplette Fahrbahn blockieren. Ob es Verletzte gab, ist bislang nicht bekannt. Die Autobahn ist derzeit in Fahrtrichtung Mannheim komplett gesperrt.<\/p>\n\n\n\n<h3 class=\"wp-block-heading has-text-align-center\">Pressemeldung Nr. 2<\/h3>\n\n\n\n<p>Um kurz vor 7 Uhr wurde am Donnerstag der Polizei ein Unfall auf der BAB 6 im Streckenabschnitt von Sinsheim in Richtung der Anschlussstelle Wiesloch\/ Rauenberg gemeldet. Nach derzeitigem Ermittlungsstand fuhr das unfallverursachende Auto zun\u00e4chst auf der linken Spur. Auf Grund eines R\u00fcckstaus zog das Fahrzeug blinkend auf die mittlere Spur, ohne auf den r\u00fcckw\u00e4rtigen Verkehr zu achten. Dadurch prallte es gegen ein dort fahrendes Auto. Jenes wurde durch die Kollision von der Fahrbahn geschleudert und landete in einem Graben. Das unfallverursachende Auto wiederum prallte gegen ein weiteres Auto. Zudem wurde bei dem Unfall ein LKW besch\u00e4digt. Auf Grund des komplexen Spurenbilds ist allerdings noch unklar, welches der Fahrzeuge hierf\u00fcr urs\u00e4chlich war. Nach aktuellem Stand verletzten sich bei dem Unfall zwei Personen leicht.<\/p>\n\n\n\n<p>Derzeit kommt es an der Unfallstelle zu erheblichen Verkehrsbeeintr\u00e4chtigungen mit einem R\u00fcckstau von 8 Kilometern. Zwei der drei Fahrstreifen sind noch gesperrt. Der Verkehr wird \u00fcber die rechte Spur an der Unfallstelle vorbeigeleitet.<\/p>\n\n\n\n<h3 class=\"wp-block-heading has-text-align-center\">Pressemeldung Nr. 3<\/h3>\n\n\n\n<p>Nach Beendigung der Unfallaufnahme und R\u00e4umung der Unfallstelle konnte die in Fahrtrichtung Mannheim gesperrte Autobahn gegen 10 Uhr f\u00fcr den Verkehr wieder freigegeben werden. Die Verkehrsdienstau\u00dfenstelle Walldorf \u00fcbernahm die weiteren Unfallermittlungen.<\/p>\n\n\n\n<h2 class=\"wp-block-heading\">(M\u00fchlhausen \/ Rhein-Neckar-Kreis) &#8211; Wohnungseinbruch \/ Polizei sucht Zeugen<\/h2>\n\n\n<div class=\"wp-block-image\">\n<figure class=\"aligncenter size-full\"><img decoding=\"async\" loading=\"lazy\" width=\"640\" height=\"476\" src=\"https:\/\/speyer24news.com\/wp-content\/uploads\/2020\/12\/Einbruch.jpg\" alt=\"\" class=\"wp-image-31438\" srcset=\"https:\/\/speyer24news.com\/wp-content\/uploads\/2020\/12\/Einbruch.jpg 640w, https:\/\/speyer24news.com\/wp-content\/uploads\/2020\/12\/Einbruch-300x223.jpg 300w, https:\/\/speyer24news.com\/wp-content\/uploads\/2020\/12\/Einbruch-80x60.jpg 80w\" sizes=\"(max-width: 640px) 100vw, 640px\" \/><figcaption class=\"wp-element-caption\">Symbolbild Einbruch, dient lediglich der Visualisierung<\/figcaption><\/figure><\/div>\n\n\n<p>Am Mittwochabend brachen Unbekannte in ein Wohnhaus im Ortsteil Tairnbach ein.<\/p>\n\n\n\n<p>Den Wohnungsinhaber erreichten gegen 19.30 Uhr auf seinem Mobiltelefon Bilder der \u00dcberwachungskamera seines Anwesens in der Kelter\u00e4ckerstra\u00dfe, die zeigten, dass sich trotz seiner Abwesenheit jemand im Haus befand. Er verst\u00e4ndigte daraufhin die Polizei. Wenige Minuten sp\u00e4ter konnte er beobachten, wie ein ihm unbekannter Mann sein Haus verlie\u00df. Inwiefern etwas entwendet wurde, ist derzeit unklar.<\/p>\n\n\n\n<h4 class=\"wp-block-heading\">Der unbekannte Mann wird wie folgt beschrieben:<\/h4>\n\n\n\n<ul>\n<li><strong>170 cm gro\u00df<\/strong><\/li>\n\n\n\n<li><strong>Kurze schwarze Haare<\/strong><\/li>\n\n\n\n<li><strong>Schnauzbart<\/strong><\/li>\n\n\n\n<li><strong>Trug eine Regenjacke<\/strong><\/li>\n<\/ul>\n\n\n\n<ul>\n<li><strong>Die \u00dcberwachungskamera zeichnete auch Gespr\u00e4che in osteurop\u00e4ischer Sprache auf, weshalb davon ausgegangen werden muss, dass es sich um mindestens zwei Eindringlinge gehandelt haben muss.<\/strong><\/li>\n<\/ul>\n\n\n\n<ul>\n<li><strong>Zeugen, die zum fraglichen Zeitpunkt verd\u00e4chtige Wahrnehmungen gemacht haben und sachdienliche Hinweise zu den T\u00e4tern geben k\u00f6nnen, werden gebeten, sich unter der Telefonnummer 06222\/5709-0 beim Polizeirevier Wiesloch zu melden.<\/strong><\/li>\n<\/ul>\n\n\n\n<h2 class=\"wp-block-heading\">(L 550 \/ Sinsheim \/ Rhein-Neckar-Kreis) &#8211;  Verkehrsunfall auf der L550 zwischen den Ortschaften Hilsbach und Weiler<\/h2>\n\n\n\n<p>Derzeit sind Kr\u00e4fte der Feuerwehr, des Rettungsdienstes und der Polizei bei einem scheinbar gr\u00f6\u00dferen Verkehrsunfallgeschehen auf der L550, zwischen den Ortschaften Hilsbach und Weiler, eingesetzt. \u00dcber die Unfallursache liegen derzeit noch keine Erkenntnisse vor. Bedingt durch die Einsatzma\u00dfnahmen vor Ort kann es zu Verkehrssperrungen kommen. Ortskundige Personen werden gebeten den Bereich zu umfahren. Es wird nachberichtet.<\/p>\n\n\n\n<h3 class=\"wp-block-heading has-text-align-center\">Pressemeldung Nr. 2<\/h3>\n\n\n\n<p>Am Donnerstagabend, gegen 19:00 Uhr ereignete sich im Bereich des Ortseinganges Hilsbach ein Verkehrsunfall mit Personenschaden, auf der L550 (Marktstra\u00dfe). Ein 35-j\u00e4hriger Dacia-Fahrer, welcher zuvor aus Richtung Weiler kam, geriet aus bislang noch unbekannten Gr\u00fcnden in den Gegenverkehr, kollidiert dort seitlich mit einer 24-j\u00e4hrigen VW-Fahrerin und prallte im weiteren Fortgang frontal auf eine Stra\u00dfenlaterne. Durch die Kollisionen erlitt der Dacia-Fahrer nicht n\u00e4her bekannte Verletzungen und wurde zur weiteren medizinischen Versorgung in eine umliegende Klinik gebracht. Der unfallbedingt nicht mehr fahrbereite Dacia musste von der Unfallstelle abgeschleppt werden. Ferner musste die Stadt Sinsheim und der \u00f6rtliche Energieversorger zur Sicherung der Stra\u00dfenlaterne verst\u00e4ndigt werden. Ersten Ermittlungen zufolge ist der Unfallverursacher wohl nicht im Besitz einer g\u00fcltigen Fahrerlaubnis und stand zur Unfallzeit ggfs. unter dem Einfluss von Medikamenten. Der Unfallschaden wird derzeit auf 11.000 EUR beziffert. Weitere Ermittlungen erfolgen durch das \u00f6rtlich zust\u00e4ndige Polizeirevier Sinsheim.<\/p>\n\n\n\n<h2 class=\"wp-block-heading\">(Schriesheim \/ Rhein-Neckar-Kreis) &#8211; Entlaufener Hund aufgefunden \/ Besitzer gesucht!<\/h2>\n\n\n<div class=\"wp-block-image\">\n<figure class=\"aligncenter size-full\"><img decoding=\"async\" loading=\"lazy\" width=\"600\" height=\"600\" src=\"https:\/\/speyer24news.com\/wp-content\/uploads\/2021\/02\/question-2309042_1920.jpg\" alt=\"\" class=\"wp-image-33695\" srcset=\"https:\/\/speyer24news.com\/wp-content\/uploads\/2021\/02\/question-2309042_1920.jpg 600w, https:\/\/speyer24news.com\/wp-content\/uploads\/2021\/02\/question-2309042_1920-150x150.jpg 150w, https:\/\/speyer24news.com\/wp-content\/uploads\/2021\/02\/question-2309042_1920-300x300.jpg 300w\" sizes=\"(max-width: 600px) 100vw, 600px\" \/><\/figure><\/div>\n\n\n<p>Am Mittwoch um 12:30 Uhr lief einem Anwohner der Brunnenstra\u00dfe in Altenbach ein herrenloser Hund zu, wonach er die Polizei verst\u00e4ndigte.<\/p>\n\n\n\n<p>Einsatzkr\u00e4fte des Polizeireviers Weinheim nahmen den Hund mit auf deren Dienststelle. Da jedoch kein Besitzer ausfindig gemacht werden konnte, wurde der Hund dem Tierheim Weinheim \u00fcbergeben.<\/p>\n\n\n\n<ul>\n<li><strong>Zeugen, die Hinweise zur Herkunft des Hundes und\/oder dessen Besitzer geben k\u00f6nnen, werden gebeten, sich beim Polizeirevier Weinheim unter der Telefonnummer 06201\/1003-0 zu melden.<\/strong><\/li>\n<\/ul>\n\n\n\n<h2 class=\"wp-block-heading\">(Schriesheim \/ Rhein-Neckar-Kreis) &#8211; Fu\u00dfg\u00e4nger bei Unfall leicht verletzt<\/h2>\n\n\n\n<p>Am Mittwoch gegen 09:15 Uhr fuhr ein 60-j\u00e4hriger Dacia-Fahrer die Ladenburger Stra\u00dfe entlang und beabsichtigte, auf H\u00f6he der Hausnummer 5 nach links auf einen Parkplatz aufzufahren. Dabei \u00fcbersah er eine 85-j\u00e4hrige Fu\u00dfg\u00e4ngerin, die auf dem Gehweg in Richtung Landstra\u00dfe entlanglief und kollidierte mit ihr. Die Seniorin st\u00fcrzte zu Boden und verletzte sich leicht. Durch den Rettungsdienst wurde sie in ein Krankenhaus gebracht.<\/p>\n","protected":false},"excerpt":{"rendered":"<div class=\"mh-excerpt\"><p>Polizeimeldungen vom Donnerstag (21.11.2024) (Speyer) &#8211; Pkw kollidiert mit Rettungswagen Am Donnerstagmorgen gegen 09:40 Uhr kam es an der Einm\u00fcndung Zeppelinstra\u00dfe \/ St.-German-Stra\u00dfe zur einem Unfall zwischen einem Pkw und einem Rettungswagen. Der Pkw fuhr <a class=\"mh-excerpt-more\" href=\"https:\/\/speyer24news.com\/?p=60341\" title=\"Polizeimeldungen Donnerstag (21.11.24)\">[&#8230;]<\/a><\/p>\n<\/div>","protected":false},"author":3,"featured_media":26162,"comment_status":"open","ping_status":"open","sticky":false,"template":"","format":"standard","meta":{"_monsterinsights_skip_tracking":false,"_monsterinsights_sitenote_active":false,"_monsterinsights_sitenote_note":"","_monsterinsights_sitenote_category":0,"footnotes":""},"categories":[15659],"tags":[7273,7243,7244,10926,3614,13554,350,14537,15084,15267,14538,18288,15361,237,9249,54,507,18289,61,2555,14113,6955,6986,6263,63,105,11150,6987,53,13540,16956,18099,17274,4683,14958,9154,17275,11592,14705,18511,18512,102,13626,213,14325,14324,13553,13541,16955,7118,2625,380,18564,18562],"aioseo_notices":[],"amp_enabled":true,"_links":{"self":[{"href":"https:\/\/speyer24news.com\/index.php?rest_route=\/wp\/v2\/posts\/60341"}],"collection":[{"href":"https:\/\/speyer24news.com\/index.php?rest_route=\/wp\/v2\/posts"}],"about":[{"href":"https:\/\/speyer24news.com\/index.php?rest_route=\/wp\/v2\/types\/post"}],"author":[{"embeddable":true,"href":"https:\/\/speyer24news.com\/index.php?rest_route=\/wp\/v2\/users\/3"}],"replies":[{"embeddable":true,"href":"https:\/\/speyer24news.com\/index.php?rest_route=%2Fwp%2Fv2%2Fcomments&post=60341"}],"version-history":[{"count":6,"href":"https:\/\/speyer24news.com\/index.php?rest_route=\/wp\/v2\/posts\/60341\/revisions"}],"predecessor-version":[{"id":60359,"href":"https:\/\/speyer24news.com\/index.php?rest_route=\/wp\/v2\/posts\/60341\/revisions\/60359"}],"wp:featuredmedia":[{"embeddable":true,"href":"https:\/\/speyer24news.com\/index.php?rest_route=\/wp\/v2\/media\/26162"}],"wp:attachment":[{"href":"https:\/\/speyer24news.com\/index.php?rest_route=%2Fwp%2Fv2%2Fmedia&parent=60341"}],"wp:term":[{"taxonomy":"category","embeddable":true,"href":"https:\/\/speyer24news.com\/index.php?rest_route=%2Fwp%2Fv2%2Fcategories&post=60341"},{"taxonomy":"post_tag","embeddable":true,"href":"https:\/\/speyer24news.com\/index.php?rest_route=%2Fwp%2Fv2%2Ftags&post=60341"}],"curies":[{"name":"wp","href":"https:\/\/api.w.org\/{rel}","templated":true}]}}