{"id":60440,"date":"2024-11-28T10:28:46","date_gmt":"2024-11-28T09:28:46","guid":{"rendered":"https:\/\/speyer24news.com\/?p=60440"},"modified":"2024-11-28T10:40:07","modified_gmt":"2024-11-28T09:40:07","slug":"polizeimeldungen-mittwoch-27-11-24","status":"publish","type":"post","link":"https:\/\/speyer24news.com\/?p=60440","title":{"rendered":"Polizeimeldungen Mittwoch (27.11.24)"},"content":{"rendered":"<style type=\"text\/css\">\r\n\t.ads_top_disp{}\r\n\t.ads_top_corner_disp{ float:left; margin:0px 10px 10px 0px; }\r\n\t.ads_first_p_disp{}\r\n\t.ads_bottom_disp{}\r\n\t<\/style>\n<h2 class=\"wp-block-heading\">Polizeimeldungen vom Mittwoch (27.11.2024)<\/h2>\n\n\n<div class=\"wp-block-image\">\n<figure class=\"aligncenter size-full\"><img decoding=\"async\" loading=\"lazy\" width=\"375\" height=\"500\" src=\"https:\/\/speyer24news.com\/wp-content\/uploads\/2022\/03\/Aktuelles-Polizeilogo.jpg\" alt=\"\" class=\"wp-image-43591\" srcset=\"https:\/\/speyer24news.com\/wp-content\/uploads\/2022\/03\/Aktuelles-Polizeilogo.jpg 375w, https:\/\/speyer24news.com\/wp-content\/uploads\/2022\/03\/Aktuelles-Polizeilogo-225x300.jpg 225w\" sizes=\"(max-width: 375px) 100vw, 375px\" \/><\/figure><\/div>\n\n\n<h2 class=\"wp-block-heading\">(Speyer) &#8211; Wohnhausbrand in Innenstadt<\/h2>\n\n\n<div class=\"wp-block-image\">\n<figure class=\"aligncenter size-full\"><img decoding=\"async\" loading=\"lazy\" width=\"500\" height=\"667\" src=\"https:\/\/speyer24news.com\/wp-content\/uploads\/2024\/11\/24-11-27-13-26-21-0002.jpg\" alt=\"\" class=\"wp-image-60444\" srcset=\"https:\/\/speyer24news.com\/wp-content\/uploads\/2024\/11\/24-11-27-13-26-21-0002.jpg 500w, https:\/\/speyer24news.com\/wp-content\/uploads\/2024\/11\/24-11-27-13-26-21-0002-225x300.jpg 225w\" sizes=\"(max-width: 500px) 100vw, 500px\" \/><figcaption class=\"wp-element-caption\"><em>Foto: Stadt Speyer, Brand- und Katastrophenschutz<\/em><\/figcaption><\/figure><\/div>\n\n\n<p>Am Mittwoch (27.11.2024), gegen 12:40 Uhr, brach in einem Wohnhaus in der Lauergasse in Speyer ein Feuer aus. Der Brand konnte durch die Feuerwehr gel\u00f6scht werden, bevor er auf angrenzende Geb\u00e4ude \u00fcbergriff. Der 20-j\u00e4hrige Bewohner wurde durch die Rauchentwicklung verletzt und in ein Krankenhaus gebracht. Die Schadensh\u00f6he ist noch nicht bekannt. Die Kriminalpolizei Ludwigshafen hat die Ermittlungen zur Brandursache aufgenommen.<\/p>\n\n\n\n<h2 class=\"wp-block-heading has-text-align-center\"><a href=\"https:\/\/speyer24news.com\/?p=60443\" title=\"\">Lesen Sie auch hier den Bericht des Brand- und Katastrophenschutz der Stadt Speyer<\/a><\/h2>\n\n\n\n<h2 class=\"wp-block-heading\">(Speyer) &#8211; Fahrt unter Alkoholeinfluss<\/h2>\n\n\n\n<p>In der Nacht zu Mittwoch gegen 00:35 Uhr kontrollierte eine Polizeistreife einen Pkw im Rinkenbergerweg, der zuvor durch Schlangenlinienfahren aufgefallen war. Bei der Kontrolle stellten die Beamten Alkoholgeruch fest. Ein freiwillig durchgef\u00fchrter Atemalkoholtest ergab einen Wert von 2,03 Promille. Die 34-j\u00e4hrige Fahrerin musste die Polizisten zur Dienststelle begleiten, wo ihr durch einen Arzt eine Blutprobe entnommen wurde. Die Frau muss sich nun in einem Strafverfahren wegen Trunkenheit im Verkehr verantworten.<\/p>\n\n\n\n<h2 class=\"wp-block-heading\">(Otterstadt) &#8211; Unfall mit Verkehrsinsel<\/h2>\n\n\n\n<p>Am Dienstagnachmittag gegen 16:30 Uhr ereignete sich an der Einm\u00fcndung der K 31 zur L 535 ein Verkehrsunfall, bei dem ein Pkw \u00fcber die dortige Verkehrsinsel fuhr. Die 19-j\u00e4hrige Autofahrerin kam aus Speyer und wollte nach Otterstadt abbiegen, kam aber vermutlich aufgrund nicht angepasster Geschwindigkeit in der Kurve von der Fahrbahn ab. Sie fuhr \u00fcber die Verkehrsinsel, besch\u00e4digte dort mehrere Verkehrszeichen und kam schlie\u00dflich im Feld zum Stehen. Der Pkw war nicht mehr fahrbereit und musste abgeschleppt werden. Die Fahrerin blieb unverletzt. Andere Verkehrsteilnehmer wurden nicht gef\u00e4hrdet.<\/p>\n\n\n\n<h2 class=\"wp-block-heading\">(Schifferstadt \/ Waldsee) &#8211; Verkehrskontrollen<\/h2>\n\n\n\n<p>Beamte und Beamtinnen der Polizeiinspektion Schifferstadt f\u00fchrten am vergangenen Dienstagmittag mehrere Verkehrskontrollen durch. Zun\u00e4chst wurde die Geschwindigkeit in der Ludwigshafener Stra\u00dfe (L533) in Fahrtrichtung Schifferstadt gemessen. Bei 40 gemessenen Fahrzeugen kam es bei erlaubten 50 km\/h zu insgesamt zehn Verst\u00f6\u00dfen. Gemessener Spitzenreiter war eine \u00dcberschreitung von 26 km\/h, was dem Verkehrss\u00fcnder ein Bu\u00dfgeld von 150 Euro sowie einen Monat Fahrverbot einbringt. Bei einer weiteren Kontrolle in der Speyerer Stra\u00dfe in Schifferstadt konnte bei zwei Verkehrsteilnehmern ein nicht angelegter Sicherheitsgurt festgestellt und geahndet werden.<\/p>\n\n\n\n<h2 class=\"wp-block-heading\">(Neuhofen) &#8211; Leicht verletzt nach Alleinunfall<\/h2>\n\n\n\n<p>Vermutlich aufgrund einer Unachtsamkeit kam ein 83-j\u00e4hriger Pkw-Fahrer aus Neuhofen am fr\u00fchen Dienstagabend in der Buschstra\u00dfe von der Fahrbahn ab und kollidierte dort mit einem am Stra\u00dfenrand stehenden Betonk\u00fcbel. Vermutlich weil er keinen Sicherheitsgurt angelegt hatte, schlug er mit dem Kopf an die Windschutzscheibe. Hierdurch zog er sich eine leichte Verletzung an der Stirn zu und wurde daher vorsorglich in ein Krankenhaus verbracht. An seinem Fahrzeug entstand ein Sachschaden von etwa 6.000 Euro.<\/p>\n\n\n\n<h2 class=\"wp-block-heading\">(K 15 \/ W\u00f6rth) &#8211; Vollsperrung nach Unfall zwischen W\u00f6rth Schaidt und Langenberg<\/h2>\n\n\n\n<p>Aktuell ist die K15 zwischen W\u00f6rth-Schaidt und W\u00f6rth-Langenberg auf halber Strecke in beide Richtungen voll gesperrt. Nach einem Verkehrsunfall finden derzeit Rettungsarbeiten statt. Wie lange die Rettungsma\u00dfnahmen und die Unfallaufnahme andauern, kann nicht gesagt werden. Es wird nachberichtet.<\/p>\n\n\n\n<h3 class=\"wp-block-heading has-text-align-center\">Aufhebung der Vollsperrung K15<\/h3>\n\n\n\n<p>Die Unfallaufnahme auf der K15 zwischen W\u00f6rth Schaidt und Langenberg ist abgeschlossen. Die Fahrbahn ist wieder frei.<\/p>\n\n\n\n<h2 class=\"wp-block-heading\">(Maximiliansau) &#8211; Erneute Kontrollen des Durchfahrtsverbotes<\/h2>\n\n\n\n<p>Am Dienstag Morgen kontrollierten Beamte der Polizei W\u00f6rth w\u00e4hrend des Berufsverkehrs erneut das in Maximiliansau bestehende Durchfahrtsverbot in der Eisenbahnstra\u00dfe. Insgesamt mussten 55 Verst\u00f6\u00dfe geahndet werden, da die Eisenbahnstra\u00dfe widerrechtlich in Richtung Ortsmitte befahren wurde. Der Versto\u00df wird mit einem Verwarnungsgeld in H\u00f6he von 50 Euro geahndet. Bei wiederholtem Versto\u00df kann das Bu\u00dfgeld verdoppelt werden.<\/p>\n\n\n\n<p>Die Polizei W\u00f6rth weist erneut darauf hin, dass das Befahren des Ortsbereichs Maximiliansau zwischen 06:00 Uhr und 08:30 Uhr nur f\u00fcr Anwohner gestattet ist. Die Polizei W\u00f6rth wird das Verkehrsaufkommen in Maximiliansau weiterhin im Auge behalten.<\/p>\n\n\n\n<h2 class=\"wp-block-heading\">(Steinfeld) &#8211; E-Bike&#8217;s aus Scheune entwendet<\/h2>\n\n\n\n<p>In der Nacht von 25.\/26.11.24 wurden aus einer Scheune in der Bahnhofstra\u00dfe, zwei E-Bike&#8217;s entwendet. Die bislang unbekannten T\u00e4ter gelangten \u00fcber eine Mauer und eine nicht verschlossene Hintert\u00fcr in die Scheune und entwendeten die beiden E-Bike&#8217;s im Wert von mehreren Tausend Euro.<\/p>\n\n\n\n<ul>\n<li><strong>Wer in der besagten Nacht im Ortsbereich Steinfeld, insbesondere in der Bahnhofstra\u00dfe verd\u00e4chtige Personen oder Fahrzeuge beobachtet hat, wird gebeten sich unter 06343\/93340 oder per Mail\u00a0<a href=\"mailto: pibadbergzabern@polizei.rlp.de\">pibadbergzabern@polizei.rlp.de<\/a>\u00a0bei der Polizeiinspektion Bad Bergzabern zu melden.<\/strong><\/li>\n<\/ul>\n\n\n\n<h2 class=\"wp-block-heading\">(Bad Bergzabern) &#8211; Verkehrskontrollen im Stadtgebiet<a href=\"https:\/\/www.facebook.com\/sharer.php?u=https%3A%2F%2Fwww.presseportal.de%2Fblaulicht%2Fpm%2F117686%2F5917921%2F%3Futm_source%3Dfacebook%26utm_medium%3Dsocial\"><\/a><a href=\"https:\/\/twitter.com\/intent\/tweet?text=POL-PDLD%3A%20Verkehrskontrollen%20im%20Stadtgebiet&amp;url=https%3A%2F%2Fwww.presseportal.de%2Fblaulicht%2Fpm%2F117686%2F5917921%2F%3Futm_source%3Dtwitter%26utm_medium%3Dsocial&amp;hashtags=ots&amp;lang=de\"><\/a><a href=\"https:\/\/web.whatsapp.com\/send?text=POL-PDLD%3A%20Verkehrskontrollen%20im%20Stadtgebiet%0A%0Ahttps%3A%2F%2Fwww.presseportal.de%2Fblaulicht%2Fpm%2F117686%2F5917921%2F%3Futm_source%3Dwhatsapp%26utm_medium%3Dsocial\"><\/a><a href=\"https:\/\/www.xing.com\/app\/user?op=share;url=https%3A%2F%2Fwww.presseportal.de%2Fblaulicht%2Fpm%2F117686%2F5917921%2F%3Futm_source%3Dxing%26utm_medium%3Dsocial\"><\/a><a href=\"http:\/\/www.linkedin.com\/shareArticle?mini=true&amp;url=https%3A%2F%2Fwww.presseportal.de%2Fblaulicht%2Fpm%2F117686%2F5917921%2F%3Futm_source%3Dlinkedin%26utm_medium%3Dsocial&amp;title=POL-PDLD%3A+Verkehrskontrollen+im+Stadtgebiet\"><\/a><a href=\"mailto:?subject=POL-PDLD%3A%20Verkehrskontrollen%20im%20Stadtgebiet&amp;body=https:\/\/www.presseportal.de\/blaulicht\/pm\/117686\/5917921\"><\/a><\/h2>\n\n\n<div class=\"wp-block-image\">\n<figure class=\"alignleft\"><a href=\"https:\/\/cache.pressmailing.net\/thumbnail\/story_hires\/98805890-95a6-4900-8e57-b3dfe56d8f85\/Versto%C3%9FgegenLadungssicherung.JPG.jpg\"><img decoding=\"async\" src=\"https:\/\/cache.pressmailing.net\/thumbnail\/story_big\/98805890-95a6-4900-8e57-b3dfe56d8f85\/pol-pdld-verkehrskontrollen-im-stadtgebiet\" alt=\"POL-PDLD: Verkehrskontrollen im Stadtgebiet\"\/><\/a><\/figure><\/div>\n\n\n<p>Am 26.11.2024, wurden im Verlauf des Vormittags bei Verkehrskontrollen mehrere Verkehrsverst\u00f6\u00dfe festgestellt.<\/p>\n\n\n\n<p>Ein Lkw-Fahrer befuhr die Kettengasse und benutzte hierbei unerlaubterweise das Mobiltelefon w\u00e4hrend der Fahrt. Bei der Kontrolle stellten die Beamten zudem auf der Ladefl\u00e4che des Lkw nicht gesicherte Gegenst\u00e4nde fest, weshalb dem Fahrer zun\u00e4chst die Weiterfahrt untersagt wurde. Nach erfolgter Nachsicherung konnte der Fahrer die Fahrt fortsetzen. Wegen der verbotswidrigen Nutzung des Mobiltelefons wurde gegen den Fahrer ein Bu\u00dfgeldverfahren eingeleitet.<\/p>\n\n\n\n<p>Um 09:50 Uhr fiel den Beamten ein weiterer Lkw-Fahrer auf, weil er keinen Sicherheitsgurt angelegt hatte. Im Rahmen der Kontrolle stellten die Beamten fest, dass bei dem 68-J\u00e4hrigen die Berufskraftfahrerqualifikation erloschen ist. Das Gewerbeaufsichtsamt wird hiervon unterrichtet.<\/p>\n\n\n\n<p>Insgesamt wurden bei den Verkehrskontrollen 9 Verst\u00f6\u00dfe gegen die Gurtanlegepflicht sanktioniert. 4 Fahrzeugf\u00fchrer hatten w\u00e4hrend der Fahrt ein Mobiltelefon benutzt, 2 Fahrzeugf\u00fchrer haben gegen die Pflicht zum Anhalten am Fu\u00dfg\u00e4nger\u00fcberweg versto\u00dfen. Bei 7 Verkehrsteilnehmer wurde eine Kontrollaufforderung wegen bestehender M\u00e4ngel ausgestellt.<\/p>\n\n\n\n<h2 class=\"wp-block-heading\">(Landau \/ Birkweiler) &#8211; Geschwindigkeitskontrollen im Dienstgebiet<\/h2>\n\n\n\n<p>Am 26.11.2024 wurden durch Kr\u00e4fte der Polizeiinspektion Landau zwei Geschwindigkeitsmessungen im Dienstgebiet durchgef\u00fchrt. Auf der L509 bei Landau mussten 26 Fahrzeugf\u00fchrer beanstandet werden, die die zul\u00e4ssige H\u00f6chstgeschwindigkeit \u00fcberschritten. Der Spitzenreiter im negativen Sinne wurde mit 106 km\/h bei erlaubten 70 km\/h gemessen. Hier steht ein Bu\u00dfgeld in H\u00f6he von 200 Euro sowie ein Punkt in der Verkehrss\u00fcnderdatei im Raum. Bei einer weiteren Geschwindigkeitsmessung in Birkweiler in H\u00f6he der dortigen Kindertagesst\u00e4tte mussten bei erlaubten 30 km\/h insgesamt 21 Fahrzeugf\u00fchrer beanstandet werden. 22 km\/h zu schnell war hierbei der Spitzenreiter. Er wird sich auf ein Bu\u00dfgeld in H\u00f6he von 115 Euro sowie ein Punkt in der Verkehrss\u00fcnderdatei einstellen m\u00fcssen. Noch mehr Probleme hat sich ein 34-j\u00e4hriger PKW-Fahrer eingehandelt, der ebenfalls zu schnell fuhr. Bei der anschlie\u00dfenden Kontrolle konnte festgestellt werden, dass er nicht im Besitz einer g\u00fcltigen Fahrerlaubnis ist. Daher wird er sich in einem entsprechenden Strafverfahren verantworten m\u00fcssen.<\/p>\n\n\n\n<h2 class=\"wp-block-heading\">(Landau) &#8211; Unfallflucht I \/ Zeugen gesucht<\/h2>\n\n\n\n<p>Am 26.11.2024 parkte gegen 08:00 Uhr ein 36-j\u00e4hriger BMW-Fahrer in der Ostbahnstra\u00dfe \/ Ecke Reduitstra\u00dfe in Landau. Circa 40 Minuten sp\u00e4ter musste er feststellen, dass unbekannter T\u00e4ter an seinem Fahrzeug einen Schaden verursacht hatte und sich anschlie\u00dfend entfernte, ohne sich um die Schadensregulierung zu k\u00fcmmern. Die Schadensh\u00f6he betr\u00e4gt circa 500 Euro. Ein Strafverfahren wegen Verkehrsunfallflucht wurde eingeleitet. <\/p>\n\n\n\n<ul>\n<li><strong>Die Polizei bittet Zeugen, die Hinweise zu der Tat oder dem T\u00e4ter geben k\u00f6nnen sich per Email an\u00a0<a href=\"mailto: pilandau@polizei.rlp.de\">pilandau@polizei.rlp.de<\/a>\u00a0oder telefonisch unter 06341-287-0 bei der Polizeiinspektion Landau zu melden.<\/strong><\/li>\n<\/ul>\n\n\n\n<h2 class=\"wp-block-heading\">(Landau) &#8211; Unfallflucht II \/ Zeugen gesucht<\/h2>\n\n\n\n<p>Am 26.11.2024 befuhr gegen 07:40 Uhr ein 55-j\u00e4hriger Toyota-Fahrer den Hortstring von der Horststra\u00dfe kommend in Landau. Er wollte nach links in die Speyerbachstra\u00dfe abbiegen. Bei stockendem Verkehr wollte ihm dies eine entgegenkommende 45-j\u00e4hrige VW-Fahrerin erm\u00f6glichen. Ein hinter der VW-Fahrerin befindlicher Rollerfahrer sch\u00e4tzte die Verkehrssituation offenbar falsch ein und \u00fcberholte. Hierbei kollidierte er mit dem abbiegenden PKW Toyota. Der Rollerfahrer kam nicht zu Fall und entfernte sich von der Unfall\u00f6rtlichkeit, ohne sich um den entstandenen Schaden zu k\u00fcmmern. Die Schadensh\u00f6he betr\u00e4gt circa 2500 Euro. Ein Strafverfahren wegen Verkehrsunfallflucht wurde eingeleitet. <\/p>\n\n\n\n<ul>\n<li><strong>Die Polizei bittet Zeugen, die Hinweise zu der Tat oder dem T\u00e4ter geben k\u00f6nnen sich per Email an\u00a0<a href=\"mailto: pilandau@polizei.rlp.de\">pilandau@polizei.rlp.de<\/a>\u00a0oder telefonisch unter 06341-287-0 bei der Polizeiinspektion Landau zu melden.<\/strong><\/li>\n<\/ul>\n\n\n\n<h2 class=\"wp-block-heading\">(Edenkoben) &#8211; Bettlerinnen unterwegs<\/h2>\n\n\n\n<p>Zwei zun\u00e4chst unbekannte Frauen waren Dienstagmorgen (26.11.2024, 11.30 Uhr) in der Watzengasse unterwegs, klingelten an den Anwesen und baten in aggressiver Art und Weise um Geld. Im Rahmen einer Nahbereichsfahndung konnten die Frauen im Alter von 48 und 54 Jahre angetroffen werden. Eine Personen\u00fcberpr\u00fcfung ergab, dass sie keinen festen Wohnsitz hatten. Nach der Kontrolle wurde ihnen das Betteln untersagt und einen Platzverweis erteilt. Gem\u00e4\u00df der Gefahrenabwehrverordnung ist das Betteln verboten. Die zust\u00e4ndige Verbandsgemeinde Edenkoben wurde in Kenntnis gesetzt.<\/p>\n\n\n\n<h2 class=\"wp-block-heading\">(Lambrecht) &#8211; Geschwindigkeitsmessung<\/h2>\n\n\n\n<p>Die Polizeiinspektion Neustadt\/W. f\u00fchrte am 27.11.2024 am sp\u00e4ten Nachmittag eine Geschwindigkeitsmessung in der Hauptstra\u00dfe in Lambrecht durch. Von insgesamt 126 Verkehrsteilnehmer \u00fcberschritten 4 Verkehrsteilnehmer die zul\u00e4ssige H\u00f6chstgeschwindigkeit von 50 km\/h. Es wurde ein &#8222;Spitzenwert&#8220; von 67 km\/h gemessen. Die &#8222;Spitzenreiterin&#8220; muss mit einem Bu\u00dfgeld in H\u00f6he von 50,- Euro rechnen.<\/p>\n\n\n\n<p>Gerade bei regennasser Fahrbahn in Verbindung mit schlechten Sichtbedingungen durch Dunkelheit ist eine angepasste Geschwindigkeit unabdingbar.<\/p>\n\n\n\n<h2 class=\"wp-block-heading\">(Deidesheim) &#8211; Verkehrsunf\u00e4lle<\/h2>\n\n\n\n<p>Am Mittwoch, den 27.11.2024, gg. 13:55 Uhr, befuhr ein 62j\u00e4hriger Neustadter die B 271 aus Richtung Bad D\u00fcrkheim kommend in Richtung Deidesheim. Auf dieser Strecke kam er in einer leichten Rechtskurve kurz vor der Anschlussstelle Deidesheim nach links von der Fahrbahn ab und kam nach ca. 50 Metern in einer Gr\u00fcnfl\u00e4che zum Stehen. Nach den bisherigen Ermittlungen d\u00fcrfte der Grund des Unfalls ein medizinisches Problem gewesen sein. Der Fahrer wurde vorsorglich zur weiteren Untersuchung in ein nahegelegenes Krankenhaus gebracht. F\u00fcr die Dauer der Unfallaufnahme und die Bergung des verunfallten PKW war die B271 zwischen des AS Wachenheim und Deidesheim f\u00fcr ca. 1 Stunde voll gesperrt.<\/p>\n\n\n\n<p>Auf der Umleitungsstrecke ereignete sich ein weiterer Verkehrsunfall. Ein 28j\u00e4hriger Neustadter befuhr mit seinem PKW die L527 in Richtung Deidesheim. Auf der dortigen Br\u00fccke stie\u00df er aufgrund der Missachtung des Rechtsfahrgebots mit dem entgegenkommenden PKW eines 85j\u00e4hrigen Mannes aus Limburgerhof zusammen. Gl\u00fccklicherweise wurde bei dem Unfall niemand verletzt. Die beiden Fahrzeuge waren jedoch nicht mehr fahrbereit und mussten abgeschleppt werden. Die Strecke musste f\u00fcr die Unfallaufnahme und Abschleppma\u00dfnahmen f\u00fcr die Dauer von 1 Stunde ebenfalls voll gesperrt werden.<\/p>\n\n\n\n<h2 class=\"wp-block-heading\">(Bad D\u00fcrkheim) &#8211; Geschwindigkeitskontrollen im Dienstgebiet<\/h2>\n\n\n\n<p>Am 27.11.2024 wurden zwischen 09:00 Uhr und 13:00 Uhr nach B\u00fcrgerbeschwerden mehrere Geschwindigkeitskontrollen durchgef\u00fchrt. Bei der ersten Kontrolle wurde in Herxheim am Berg in der Weinstra\u00dfe der Verkehr in Richtung Gr\u00fcnstadt kommend gemessen. Bei mittlerem Verkehrsaufkommen wurden 11 Geschwindigkeitsverst\u00f6\u00dfe festgestellt. Der Spitzenreiter wurde bei erlaubten 30km\/h mit 54 km\/h gemessen.<\/p>\n\n\n\n<p>Die n\u00e4chste Kontrolle wurde in Bad D\u00fcrkheim in der Sonnenwendstra\u00dfe durchgef\u00fchrt. Bei schwachem Verkehrsaufkommen wurden 3 Geschwindigkeitsverst\u00f6\u00dfe festgestellt. Der Spitzenreiter wurde bei erlaubten 30km\/h mit 48 km\/h gemessen.<\/p>\n\n\n\n<h2 class=\"wp-block-heading\">(Weisenheim a.B.) &#8211; Audi besch\u00e4digt und gefl\u00fcchtet<\/h2>\n\n\n\n<p>Im Zeitraum von 25.11.2024 21:00 Uhr bis 26.11.2024, 08:00 Uhr wurde ein in der Hauptstra\u00dfe in Weisenheim am Berg abgestellter Audi Q5 besch\u00e4digt. Ein bislang unbekannter Verkehrsteilnehmer besch\u00e4digte vermutlich beim Vorbeifahren aufgrund ungen\u00fcgenden Abstandes den Audi und entfernte sich anschlie\u00dfend unerlaubt von der Unfallstelle. Es entstand ein Sachschaden in H\u00f6he von 2000 Euro. Es liegen keinerlei Hinweise auf den Unfallverursacher vor. <\/p>\n\n\n\n<ul>\n<li><strong>Die Polizei Bad D\u00fcrkheim bittet um Hinweise unter 06322 963 0 oder per E-Mail an\u00a0<a href=\"mailto: pibadduerkheim@polizei.rlp.de\">pibadduerkheim@polizei.rlp.de<\/a><\/strong><\/li>\n<\/ul>\n\n\n\n<h2 class=\"wp-block-heading\">(Frankenthal) &#8211; Alkoholisierter Fahrzeugf\u00fchrer nach Unfall gefl\u00fcchtet<\/h2>\n\n\n<div class=\"wp-block-image\">\n<figure class=\"aligncenter size-full\"><img decoding=\"async\" loading=\"lazy\" width=\"500\" height=\"667\" src=\"https:\/\/speyer24news.com\/wp-content\/uploads\/2023\/11\/Lachen-Daemlich-Bloed.jpg\" alt=\"\" class=\"wp-image-56049\" srcset=\"https:\/\/speyer24news.com\/wp-content\/uploads\/2023\/11\/Lachen-Daemlich-Bloed.jpg 500w, https:\/\/speyer24news.com\/wp-content\/uploads\/2023\/11\/Lachen-Daemlich-Bloed-225x300.jpg 225w\" sizes=\"(max-width: 500px) 100vw, 500px\" \/><\/figure><\/div>\n\n\n<p>In der Nacht von Dienstag auf Mittwoch kam es in der Otto-Dill-Stra\u00dfe in Frankenthal zu einer Verkehrsunfallflucht zum Nachteil eines 45-j\u00e4hrigen Autofahrers aus Frankenthal. Der 45-J\u00e4hrige war im Begriff einzuparken, als ein vor ihm befindliches Auto unvermittelt r\u00fcckw\u00e4rts fuhr und es zu einem Zusammensto\u00df beider Autos kam. Der Unfallverursacher stieg aus und bot dem gesch\u00e4digten Autofahrer an, den entstandenen Schaden direkt vor Ort mit Bargeld zu begleichen.<\/p>\n\n\n\n<p>Dies wurde abgelehnt. Nachdem der gesch\u00e4digte Autofahrer ank\u00fcndigte die Polizei zu verst\u00e4ndigen, setzte sich der Verursacher in sein Auto und fl\u00fcchtete in Richtung Albrecht-D\u00fcrer-Ring. Der gesch\u00e4digte Autofahrer merkte sich das Kennzeichen und verst\u00e4ndigte die Polizei. Die Polizei konnte den Fl\u00fcchtigen kurze Zeit sp\u00e4ter fu\u00dfl\u00e4ufig in der N\u00e4he seiner Wohnanschrift in Frankenthal feststellen. Dieser erkannte die Polizeibeamten und wollte sich entfernen.<\/p>\n\n\n\n<p>Eine erneute Flucht konnte durch die Polizeibeamten, welche den Fl\u00fcchtigen vor Ort stellen konnten, verhindert werden. Es handelte sich um einen 28-j\u00e4hrigen Mann. Dieser war augenscheinlich alkoholisiert und lehnte einen Atemalkoholtest ab. Ihm wurde eine Blutprobe entnommen. Sein F\u00fchrerschein wurde beschlagnahmt und es wurde ein Strafverfahren u.a. wegen Gef\u00e4hrdung des Stra\u00dfenverkehrs eingeleitet. An den beteiligten Fahrzeugen entstand jeweils ein Schaden im unteren bis mittleren dreistelligen Bereich.<\/p>\n\n\n\n<h2 class=\"wp-block-heading\">(Ludwigshafen) &#8211; Arbeitsunfall am Rathauscenter<\/h2>\n\n\n<div class=\"wp-block-image\">\n<figure class=\"aligncenter size-full\"><img decoding=\"async\" loading=\"lazy\" width=\"640\" height=\"428\" src=\"https:\/\/speyer24news.com\/wp-content\/uploads\/2021\/02\/Feuerwehr-Polizei.jpg\" alt=\"\" class=\"wp-image-33096\" srcset=\"https:\/\/speyer24news.com\/wp-content\/uploads\/2021\/02\/Feuerwehr-Polizei.jpg 640w, https:\/\/speyer24news.com\/wp-content\/uploads\/2021\/02\/Feuerwehr-Polizei-300x201.jpg 300w\" sizes=\"(max-width: 640px) 100vw, 640px\" \/><\/figure><\/div>\n\n\n<p>Bei Bauarbeiten an der Au\u00dfenfassade des Rathauscenters in Ludwigshafen am Mittwochvormittag (27.11.2024, 08:50 Uhr) l\u00f6ste sich aus bislang unbekannter Ursache eine Arbeitsb\u00fchne mit vier Personen und st\u00fcrzte in die Tiefe. Zwei der vier Personen wurden hierbei leicht und eine Person schwer verletzt. Sie kamen ins Krankenhaus. Die Polizei hat die Ermittlungen aufgenommen. Die Struktur- und Genehmigungsdirektion S\u00fcd aus Neustadt kam ebenfalls vor Ort.<\/p>\n\n\n\n<h2 class=\"wp-block-heading\">(Ludwigshafen) &#8211; Einbrecher auf frischer Tat ertappt<\/h2>\n\n\n\n<p>Am sp\u00e4ten Dienstagabend (26.11.2024) gegen 22:15 Uhr bemerkten Zeugen, dass ein 49-J\u00e4hriger Baumaschinen aus einem Keller in der Amtsstra\u00dfe gestohlen hatte und zum Abtransport bereitstellte. Als die Zeugen den Tatverd\u00e4chtigen festhalten wollten, wehrte dieser sich und fl\u00fcchtete. Die Zeugen verfolgten den Mann und stellten diesen nach kurzer Verfolgung. Der 49-J\u00e4hrige schlug einen der Zeugen mit einem Besenstiel, konnte aber durch die Zeugen bis zum Eintreffen der alarmierten Polizeikr\u00e4fte festgehalten werden. Der 49-J\u00e4hrige wurde in der Polizeidienststelle erkennungsdienstlich behandelt. Da er nicht in Deutschland gemeldet war, wurde eine Sicherheitsleistung zur Sicherung des Strafverfahrens erhoben. Der Tatverd\u00e4chtige wurde im Anschluss an die polizeilichen Ma\u00dfnahmen wieder auf freien Fu\u00df entlassen.<\/p>\n\n\n\n<h2 class=\"wp-block-heading\">(Ludwigshafen) &#8211; Wendender Lkw verursacht Unfall \/ Zeugen gesucht<\/h2>\n\n\n\n<p>Am Dienstagnachmittag (26.11.2024, gegen 16:20 Uhr) wendete ein Lkw pl\u00f6tzlich und ohne Ank\u00fcndigung auf der Heinigstra\u00dfe. Ein 38-j\u00e4hriger Autofahrer musste stark bremsen, um einen Zusammensto\u00df zu verhindern. Hinter dem 38-J\u00e4hrigen fuhr eine 34-J\u00e4hrige mit ihrem Auto. Diese konnte nicht mehr rechtzeitig bremsen und fuhr auf das Auto des 38-J\u00e4hrigen auf. Der Lkw fuhr weiter, ohne sich um den verursachten Unfall zu k\u00fcmmern.<\/p>\n\n\n\n<ul>\n<li><strong>Haben Sie den Unfall beobachtet und k\u00f6nnen Sie Hinweise zu dem wendenden Lkw geben?<\/strong><\/li>\n\n\n\n<li><strong>Dann melden Sie sich bitte bei der Polizeiinspektion Ludwigshafen 1, Telefonnummer 0621 963- 24150 oder per E-Mail\u00a0<a href=\"mailto: piludwigshafen1@polizei.rlp.de\">piludwigshafen1@polizei.rlp.de<\/a><\/strong>\u00a0.<\/li>\n<\/ul>\n\n\n\n<h2 class=\"wp-block-heading\">(Ludwigshafen) &#8211; Rollstuhlfahrer beim Einparken umgesto\u00dfen<\/h2>\n\n\n\n<p>Am Dienstagnachmittag (26.11.2024, gegen 15:30 Uhr) stie\u00df ein 69-j\u00e4hriger Autofahrer beim Einparken auf einem Parkplatz in der K\u00e4rntner Stra\u00dfe gegen einen 57-j\u00e4hrigen Rollstuhlfahrer. Der 57-J\u00e4hrige fiel um und verletzte sich leicht. Der 69-J\u00e4hrige parkte ein und ging zu Fu\u00df weg. Ein Zeuge half dem 57-J\u00e4hrigen auf. Der Autofahrer konnte durch die alarmierten Polizeikr\u00e4fte zu Hause angetroffen werden. Bei der \u00dcberpr\u00fcfung stellten die Beamten fest, dass das Auto des 69-J\u00e4hrigen nicht versichert war. Er muss sich nun wegen fahrl\u00e4ssiger K\u00f6rperverletzung, unerlaubtem Entfernen vom Unfallort und Versto\u00df gegen das Pflichtversicherungsgesetz verantworten.<\/p>\n\n\n\n<h2 class=\"wp-block-heading\">(Ludwigshafen) &#8211; Autofahrerin durch Unfall verletzt<\/h2>\n\n\n\n<p>Am Dienstagnachmittag (26.11.2024, gegen 14:30 Uhr) fuhr eine 85-j\u00e4hrige Autofahrerin in der Uhlandstra\u00dfe gegen ein am rechten Stra\u00dfenrand geparktes Auto. Die Polizei geht derzeit davon aus, dass die Fahrerin aufgrund der Kollision stark gegenlenkte und das Auto anschlie\u00dfend auf die Seite kippte. Die 85-J\u00e4hrige konnte Mithilfe von Ersthelfern aus ihrem Fahrzeug aussteigen. Sie verletzte sich durch den Unfall leicht. Sie wurde vom Rettungsdienst in ein Krankenhaus gebracht. Die Unfallstelle musste f\u00fcr die Dauer der Unfallaufnahme und R\u00e4umung zum Teil gesperrt werden. Durch den Unfall entstand ein Sachschaden in H\u00f6he von rund 6.500 Euro.<\/p>\n\n\n\n<h2 class=\"wp-block-heading\">(Ludwigshafen) &#8211; Einbruch in Diabetes-Fachgesch\u00e4ft \/ Zeugen gesucht<\/h2>\n\n\n\n<p>In der Nacht von Montag auf Dienstag (25.-26.11.2024) brachen Unbekannte in ein Diabetes-Fachgesch\u00e4ft in der Ludwigstra\u00dfe ein. Aus dem Gesch\u00e4ft wurden, nach ersten Ermittlungen, ein Smartphone, ein Tablet und rund 250 Bargeld gestohlen. Die genaue Schadensh\u00f6he ist noch nicht bekannt.<\/p>\n\n\n\n<ul>\n<li><strong>Haben Sie verd\u00e4chtige Personen oder Fahrzeuge in der Nacht in der Ludwigstra\u00dfe beobachtet?<\/strong><\/li>\n\n\n\n<li><strong>Dann melden Sie sich bitte bei der Polizeiinspektion Ludwigshafen 1, Telefonnummer 0621 963- 24150 oder per E-Mail\u00a0<a href=\"mailto: piludwigshafen1@polizei.rlp.de\">piludwigshafen1@polizei.rlp.de<\/a>\u00a0.<\/strong><\/li>\n<\/ul>\n\n\n\n<h2 class=\"wp-block-heading\">(Ludwigshafen) &#8211; Anlagebetrug<\/h2>\n\n\n<div class=\"wp-block-image\">\n<figure class=\"aligncenter size-full\"><img decoding=\"async\" loading=\"lazy\" width=\"800\" height=\"577\" src=\"https:\/\/speyer24news.com\/wp-content\/uploads\/2022\/07\/pressebild-senioren-frau-telefon.jpg\" alt=\"\" class=\"wp-image-47724\" srcset=\"https:\/\/speyer24news.com\/wp-content\/uploads\/2022\/07\/pressebild-senioren-frau-telefon.jpg 800w, https:\/\/speyer24news.com\/wp-content\/uploads\/2022\/07\/pressebild-senioren-frau-telefon-300x216.jpg 300w, https:\/\/speyer24news.com\/wp-content\/uploads\/2022\/07\/pressebild-senioren-frau-telefon-768x554.jpg 768w\" sizes=\"(max-width: 800px) 100vw, 800px\" \/><figcaption class=\"wp-element-caption\">Symbolbild &#8222;Telefonbetrug&#8220;, dient lediglich der Visualisierung<\/figcaption><\/figure><\/div>\n\n\n<p>Bereits im September wurde eine 81-J\u00e4hrige auf einen Finanzberater im Internet aufmerksam und investierte einen niedrigen f\u00fcnfstelligen Betrag mutma\u00dflich in Gold und Kryptow\u00e4hrung. Als die Seniorin sich ihr Guthaben auszahlen lassen wollte, wurde sie aufgefordert angebliche Geb\u00fchren der Bundesanstalt f\u00fcr Finanzdienstleistungsaufsicht in einem hohen vierstelligen Bereich zu zahlen, um an das Guthaben zu kommen. Nach Zahlung der Geb\u00fchr erhielt die 81-J\u00e4hrige ihr zugesichertes Guthaben jedoch nicht.<\/p>\n\n\n\n<h4 class=\"wp-block-heading\">Bitte beachten Sie:<\/h4>\n\n\n\n<ul>\n<li><strong>Ungew\u00f6hnlich hohe Gewinne mit wenig Einsatz, sollten immer misstrauisch machen.<\/strong><\/li>\n\n\n\n<li><strong>Seri\u00f6se Anbieter gehen nicht direkt auf Kunden zu, um sie zum Online-Trading zu bringen.<\/strong><\/li>\n\n\n\n<li><strong>Informieren Sie sich \u00fcber die Trading-Plattformen, bevor Sie sich anmelden oder Geld \u00fcberweisen.<\/strong><\/li>\n\n\n\n<li><strong>Lassen Sie sich nicht unter Druck setzen. Fragen Sie notfalls bei der offiziellen Plattform nach, wer der H\u00e4ndler ist.<\/strong><\/li>\n\n\n\n<li><strong>Geben Sie keine sensiblen Daten preis &#8211; wie Zugangsdaten zum Online-Banking oder zum Depot.<\/strong><\/li>\n<\/ul>\n\n\n\n<h4 class=\"wp-block-heading\"><em>Bef\u00fcrchten Sie Opfer geworden zu sein? Erstatten Sie Anzeige bei Ihrer \u00f6rtlichen Polizei! Weitere Informationen erhalten sie unter\u00a0<a href=\"https:\/\/www.polizei-beratung.de\/\" target=\"_blank\" rel=\"noreferrer noopener\">https:\/\/www.polizei-beratung.de<\/a>\u00a0.<\/em><\/h4>\n\n\n\n<h2 class=\"wp-block-heading\">(A 6 \/ Mannheim) &#8211; Verkehrsunfall mit drei beteiligen Fahrzeugen<\/h2>\n\n\n\n<p>Auf der A6 kollidierten zwischen dem Viernheimer Kreuz und dem Kreuz Mannheim in Fahrtrichtung Heilbronn gegen 8 Uhr drei Fahrzeuge miteinander. Polizei und Rettungskr\u00e4fte sind im Einsatz. Zum Schadensausma\u00df ist bislang noch nichts bekannt. Bisherigen Erkenntnissen zufolge wurden bei dem Unfall zwei Fahrzeugf\u00fchrer leicht verletzt. Wie sich der Unfall ereignete ist noch unklar.<\/p>\n\n\n\n<p>F\u00fcr die Rettungsma\u00dfnahmen sowie die Unfallaufnahme und die Aufr\u00e4umarbeiten wurden der linke und mittlere Fahrstreifen gesperrt. In dem Bereich kann es zu Verkehrsbeeintr\u00e4chtigungen kommen, sodass ortskundige Verkehrsteilnehmer gebeten werden, den Bereich weitr\u00e4umig zu umfahren.<\/p>\n\n\n\n<h3 class=\"wp-block-heading has-text-align-center\">Pressemitteilung Nr. 2<\/h3>\n\n\n\n<p>Ersten Erkenntnissen zufolge musste eine 39-j\u00e4hrige VW-Fahrerin auf der A6 verkehrsbedingt abbremsen. Ein dahinterfahrender 33-J\u00e4hriger erkannte dies zu sp\u00e4t. Er versuchte noch auszuweichen, konnte aber eine Kollision mit dem VW nicht mehr verhindern. Der Audi-Fahrer fuhr dem VW ins Heck. Durch den Aufprall wurde der Audi auf den mittleren Fahrstreifen abgewiesen und kollidierte dort mit einem Fiat einer 20-J\u00e4hrigen.<\/p>\n\n\n\n<p>Der 33-J\u00e4hrige und die 39-J\u00e4hrige wurden bei dem Unfall leicht verletzt. Sie kamen zur weiteren medizinischen Behandlung in ein Krankenhaus. Die 20-j\u00e4hrige Fiat-Fahrerin blieb gl\u00fccklicherweise unverletzt. Die H\u00f6he des entstandenen Sachschadens an den drei Fahrzeugen bel\u00e4uft sich auf etwa 75.000 Euro. Der Audi und der VW waren nicht mehr fahrbereit und mussten abgeschleppt werden.<\/p>\n\n\n\n<p>F\u00fcr die Aufr\u00e4umarbeiten, die Unfallaufnahme sowie die Rettungsma\u00dfnahmen mussten der linke und der mittlere Fahrstreifen gesperrt werden. Die Sperrung konnte gegen 09:30 Uhr aufgehoben werden. Zwischenzeitlich kam es zu leichten Verkehrsbeeintr\u00e4chtigungen.<\/p>\n\n\n\n<h2 class=\"wp-block-heading\">(Mannheim) &#8211; Fu\u00dfg\u00e4nger von Auto angefahren<\/h2>\n\n\n\n<p>Am Mittwochmorgen wurde ein Fu\u00dfg\u00e4nger gegen 07:30 Uhr in der N\u00e4he der Bahnhaltestelle Hochst\u00e4tt in der Kloppenheimer Stra\u00dfe von einem Auto angefahren. F\u00fcr die Unfallaufnahme sowie die Rettungsma\u00dfnahmen wurde die Stra\u00dfe auf H\u00f6he der Einm\u00fcndung zur Rohrlachstra\u00dfe in Fahrtrichtung Seckenheim vorerst gesperrt. \u00dcber das genaue Verletzungsbild ist derzeit noch nichts bekannt. Es kann zu Beeintr\u00e4chtigungen des Stra\u00dfenverkehrs kommen.<\/p>\n\n\n\n<h3 class=\"wp-block-heading has-text-align-center\">Pressemitteilung Nr. 2<\/h3>\n\n\n\n<p>Die Unfallaufnahme ist abgeschlossen und auch die Stra\u00dfensperrung konnte aufgehoben werden. Bisherigen Erkenntnissen zufolge lief ein Kind pl\u00f6tzlich bei Rot \u00fcber die Stra\u00dfe. Ein Autofahrer konnte einen Zusammensto\u00df mit dem Jungen nicht mehr verhindern. Der Junge wurde vor Ort von Rettungskr\u00e4ften medizinisch betreut und anschlie\u00dfend zur weiteren Abkl\u00e4rung in ein Krankenhaus gebracht.<\/p>\n\n\n\n<h2 class=\"wp-block-heading\">(Mannheim) &#8211; Versuchter Aufbruch eines Zigarettenautomaten \/ T\u00e4ter gefasst!<\/h2>\n\n\n\n<p>Am fr\u00fchen Mittwochmorgen, gegen 01 Uhr, wurden zwei Personen die versuchten einen Zigarettenautomaten in H7 aufzubrechen festgenommen.<\/p>\n\n\n\n<p>Die Beamten des Polizeireviers Mannheim-Innenstadt, konnten in der N\u00e4he des besch\u00e4digten Automaten zwei Personen feststellen, auf welche die zuvor von einem Zeugen angegebenen Personenbeschreibungen der T\u00e4terschaft passten. Die Beamten nahmen die Verfolgung auf und konnten die beiden Personen auf H\u00f6he des I5-Quadrats antreffen und vorl\u00e4ufig festnehmen.<\/p>\n\n\n\n<p>Ein 34- j\u00e4hriger Verd\u00e4chtiger und sein 39-j\u00e4hriger Komplize f\u00fchrten Kneifzangen, Seitenschneider und Schraubendreher mit sich. Weitere Ermittlungen erh\u00e4rten den Tatverdacht gegen das T\u00e4terduo. Nach den polizeilichen Folgema\u00dfnahmen und einer erkennungsdienstlichen Behandlung wurden die M\u00e4nner wieder entlassen.<\/p>\n\n\n\n<p>Nun m\u00fcssen sich die Beiden wegen versuchtem besonders schweren Falls des Diebstahls und einer Sachbesch\u00e4digung am Zigarettenautomaten verantworten. Der entstandene Sachschaden ist derzeit noch nicht bekannt. Die weiteren Ermittlungen werden durch das Polizeirevier Mannheim-Innenstadt gef\u00fchrt.<\/p>\n\n\n\n<h2 class=\"wp-block-heading\">(Mannheim) &#8211; Junger Mann von Stra\u00dfenbahn angefahren \/ Zeugenaufruf!<\/h2>\n\n\n\n<h3 class=\"wp-block-heading has-text-align-center\">Pressemitteilung Nr. 3<\/h3>\n\n\n\n<p>Entgegen der letzten Pressemitteilungen (PM 1:&nbsp;<a target=\"_blank\" rel=\"noreferrer noopener\" href=\"https:\/\/www.presseportal.de\/blaulicht\/pm\/14915\/5917042\">https:\/\/www.presseportal.de\/blaulicht\/pm\/14915\/5917042<\/a>&nbsp;PM 2:&nbsp;<a target=\"_blank\" rel=\"noreferrer noopener\" href=\"https:\/\/www.presseportal.de\/blaulicht\/pm\/14915\/5917128\">https:\/\/www.presseportal.de\/blaulicht\/pm\/14915\/5917128<\/a>&nbsp;) handelt es sich bei dem verletzten Fu\u00dfg\u00e4nger um einen 18-j\u00e4hrigen Mann.<\/p>\n\n\n\n<ul>\n<li><strong>Der Verkehrsdienst Mannheim sucht im Rahmen der Unfallermittlungen noch Zeugen, welche sachdienliche Angaben zum Unfallhergang machen k\u00f6nnen. Diese werden gebeten sich unter Tel.: 0621\/174-4222 bei der Verkehrspolizei zu melden.<\/strong><\/li>\n<\/ul>\n\n\n\n<h2 class=\"wp-block-heading\">(Mannheim) &#8211; Berauschter Fahrer verursacht schweren Verkehrsunfall<\/h2>\n\n\n\n<p>Eine Schwerverletzte und ein Sachschaden von 35.000 Euro sind das Ergebnis eines Frontalzusammensto\u00dfes am Dienstagabend gegen 19 Uhr in der Frankenthaler Stra\u00dfe\/B44.<\/p>\n\n\n\n<p>Den derzeitigen Unfallermittlungen zu Folge, war ein 42-J\u00e4hriger Gel\u00e4ndewagen-Fahrer auf die Gegenspur abgekommen und kollidierte frontal mit der aus Richtung A6 kommenden 20-j\u00e4hrigen Mercedes-Fahrerin. Durch den Zusammensto\u00df der beiden Fahrzeuge musste die 20-J\u00e4hrige mit schweren Verletzungen durch den Rettungsdienst in ein nahegelegenes Krankenhaus gebracht werden.<\/p>\n\n\n\n<p>Der 42-J\u00e4hrige gab im weiteren Verlauf der Ermittlungen an unter dem Einfluss von Medikamenten und Bet\u00e4ubungsmitteln zu stehen. Ein Atemalkoholtest ergab zudem einen Wert von 0,8 Promille.<\/p>\n\n\n\n<p>Der Verkehrsdienst Mannheim hat die Ermittlungen wegen trunkenheitsbedingter Gef\u00e4hrdung des Stra\u00dfenverkehrs aufgenommen.<\/p>\n\n\n\n<h2 class=\"wp-block-heading\">(Mannheim) &#8211; Unfallflucht nach Besch\u00e4digung an zwei Autos \/ Zeugen gesucht!<\/h2>\n\n\n\n<p>Zwischen Dienstagmorgen 09:30 und 12 Uhr wurden im Huthorstweg von einem unbekannten T\u00e4ter zwei am Stra\u00dfenrand geparkte Autos besch\u00e4digt.<\/p>\n\n\n\n<p>Vermutlich im Vorbeifahren besch\u00e4digte der fl\u00fcchtige Autofahrer einen am rechten Fahrbahnrand stehenden BMW am Au\u00dfenspiegel und einen am linken Fahrbahnrand abgestellten Mercedes am Kotfl\u00fcgel.<\/p>\n\n\n\n<p>Es entstand ein Gesamtsachschaden von 11.000 Euro.<\/p>\n\n\n\n<ul>\n<li><strong>Sachdienliche Hinweise nimmt das Polizeirevier Mannheim-Neckarstadt unter der Nummer 0621\/3301-0 entgegen.<\/strong><\/li>\n<\/ul>\n\n\n\n<h2 class=\"wp-block-heading\">(Heidelberg) &#8211; Nach Sachbesch\u00e4digung an Fahrzeugen weitere Gesch\u00e4digte gesucht<\/h2>\n\n\n<div class=\"wp-block-image\">\n<figure class=\"aligncenter size-full\"><img decoding=\"async\" loading=\"lazy\" width=\"801\" height=\"600\" src=\"https:\/\/speyer24news.com\/wp-content\/uploads\/2020\/05\/Zeugen-gesucht-Neutral.jpg\" alt=\"\" class=\"wp-image-26598\" srcset=\"https:\/\/speyer24news.com\/wp-content\/uploads\/2020\/05\/Zeugen-gesucht-Neutral.jpg 801w, https:\/\/speyer24news.com\/wp-content\/uploads\/2020\/05\/Zeugen-gesucht-Neutral-300x225.jpg 300w, https:\/\/speyer24news.com\/wp-content\/uploads\/2020\/05\/Zeugen-gesucht-Neutral-768x575.jpg 768w, https:\/\/speyer24news.com\/wp-content\/uploads\/2020\/05\/Zeugen-gesucht-Neutral-678x509.jpg 678w, https:\/\/speyer24news.com\/wp-content\/uploads\/2020\/05\/Zeugen-gesucht-Neutral-326x245.jpg 326w, https:\/\/speyer24news.com\/wp-content\/uploads\/2020\/05\/Zeugen-gesucht-Neutral-80x60.jpg 80w\" sizes=\"(max-width: 801px) 100vw, 801px\" \/><\/figure><\/div>\n\n\n<p>Dienstag gegen 15:05 Uhr meldeten mehrere Zeugen der Polizei, dass ein Mann zun\u00e4chst im Bereich der Weststadt mutwillig die Au\u00dfenspiegel mehrerer Fahrzeuge besch\u00e4digen w\u00fcrde. Durch die unmittelbar eingeleiteten Fahndungsma\u00dfnahmen konnte der 41-j\u00e4hrige Mann im Bereich der Kreuzung Poststra\u00dfe \/ Rohrbacher Stra\u00dfe durch die Beamten angetroffen und vorl\u00e4ufig festgenommen werden. F\u00fcr die Durchf\u00fchrung weiterer strafprozessualer Ma\u00dfnahmen wurde der 41-J\u00e4hrige zum Polizeirevier Heidelberg-Mitte gebracht. Ersten Ermittlungen zufolge wurden sechs Pkw, ein e-Kleinkraftrad sowie ein Herrenfahrrad besch\u00e4digt. <\/p>\n\n\n\n<ul>\n<li><strong>Die Tat\u00f6rtlichkeiten k\u00f6nnen bislang auf die R\u00f6merstra\u00dfe, den R\u00f6merkreis, die Poststra\u00dfe und die Rohrbacher Stra\u00dfe eingegrenzt werden. Ob weitere Fahrzeuge besch\u00e4digt wurden, ist Gegenstand der laufenden Ermittlungen. <\/strong><\/li>\n\n\n\n<li><strong>In diesem Zusammenhang werden weitere Gesch\u00e4digte gebeten, sich unter der Tel.: 06221 \/ 1857-0 beim Polizeirevier Heidelberg-Mitte zu melden.<\/strong><\/li>\n<\/ul>\n\n\n\n<h2 class=\"wp-block-heading\">(Heidelberg) &#8211; Tasche aus Fahrradkorb gestohlen \/ Polizei sucht Zeugen<\/h2>\n\n\n\n<p>Am Dienstag fuhr um kurz nach 11 Uhr eine 61-J\u00e4hrige mit einem E-Bike von der Br\u00fcckenstra\u00dfe in den Philipp-Wolfrum-Weg. Ihre Wertsachen befanden sich in einer Tasche, welche sie in den Fahrradkorb legte. Verkehrsbedingt musste sie mehrfach kurz anhalten. Dies nutzte zu einem nicht n\u00e4her bestimmbaren Zeitpunkt eine bislang unbekannte T\u00e4terschaft, um die Tasche aus dem Fahrradkorb zu stehlen. Neben ihrem Geldbeutel und einem Mobiltelefon kam so auch Sportkleidung abhanden. Der Gesamtschaden betr\u00e4gt mehrere hundert Euro. Das Polizeirevier Heidelberg-Nord ermittelt nun wegen Diebstahl.<\/p>\n\n\n\n<ul>\n<li><strong>Zeugen, die sachdienliche Hinweise geben k\u00f6nnen, werden gebeten, sich beim Polizeirevier Heidelberg-Nord unter der Telefonnummer 06221-4569-0 zu melden.<\/strong><\/li>\n<\/ul>\n\n\n\n<h2 class=\"wp-block-heading\">(Heidelberg) &#8211; Pr\u00e4ventionsaktion &#8222;Gelbe Hand&#8220; in der Heidelberger Innenstadt am 26.11.2024 war ein voller Erfolg!<\/h2>\n\n\n<div class=\"wp-block-image\">\n<figure class=\"aligncenter size-full\"><img decoding=\"async\" loading=\"lazy\" width=\"600\" height=\"606\" src=\"https:\/\/speyer24news.com\/wp-content\/uploads\/2020\/09\/Gelbe-Hand.png\" alt=\"\" class=\"wp-image-30132\" srcset=\"https:\/\/speyer24news.com\/wp-content\/uploads\/2020\/09\/Gelbe-Hand.png 600w, https:\/\/speyer24news.com\/wp-content\/uploads\/2020\/09\/Gelbe-Hand-297x300.png 297w\" sizes=\"(max-width: 600px) 100vw, 600px\" \/><\/figure><\/div>\n\n\n<p>Mit der beginnenden Adventszeit f\u00fcllen sich die Innenst\u00e4dte mit Menschen, die ihre Weihnachtseink\u00e4ufe t\u00e4tigen oder die Weihnachtsm\u00e4rkte besuchen. Das dabei entstehende Gedr\u00e4nge und die Ablenkung der vielf\u00e4ltigen kulturellen und kulinarischen Angebote nutzen Taschendiebe aus. Die Polizei entgegnet dem mit einer Vielzahl an Ma\u00dfnahmen und Kontrollen, darunter auch die Aktion &#8222;Gelbe Hand&#8220;. Hierbei stecken Polizisten in ziviler Kleidung Passantinnen und Passanten unbemerkt einen Flyer in Form einer gelben Hand in unachtsam getragene Taschen und Rucks\u00e4cke zu. So simulieren sie den Zugriff eines echten Taschendiebs. Anschlie\u00dfend werden die &#8222;Bestohlenen&#8220; angesprochen und ihnen Tipps f\u00fcr einen besseren Schutz der Wertgegenst\u00e4nde angeboten.<\/p>\n\n\n<div class=\"wp-block-image\">\n<figure class=\"aligncenter size-full\"><img decoding=\"async\" loading=\"lazy\" width=\"800\" height=\"602\" src=\"https:\/\/speyer24news.com\/wp-content\/uploads\/2024\/11\/Eroeffnung-Weihnachtsmarkt-Speyer-2024-32.jpg\" alt=\"\" class=\"wp-image-60405\" srcset=\"https:\/\/speyer24news.com\/wp-content\/uploads\/2024\/11\/Eroeffnung-Weihnachtsmarkt-Speyer-2024-32.jpg 800w, https:\/\/speyer24news.com\/wp-content\/uploads\/2024\/11\/Eroeffnung-Weihnachtsmarkt-Speyer-2024-32-300x226.jpg 300w, https:\/\/speyer24news.com\/wp-content\/uploads\/2024\/11\/Eroeffnung-Weihnachtsmarkt-Speyer-2024-32-768x578.jpg 768w, https:\/\/speyer24news.com\/wp-content\/uploads\/2024\/11\/Eroeffnung-Weihnachtsmarkt-Speyer-2024-32-678x509.jpg 678w, https:\/\/speyer24news.com\/wp-content\/uploads\/2024\/11\/Eroeffnung-Weihnachtsmarkt-Speyer-2024-32-326x245.jpg 326w, https:\/\/speyer24news.com\/wp-content\/uploads\/2024\/11\/Eroeffnung-Weihnachtsmarkt-Speyer-2024-32-80x60.jpg 80w\" sizes=\"(max-width: 800px) 100vw, 800px\" \/><figcaption class=\"wp-element-caption\">Beispielbild von Polizeipr\u00e4senz auf dem Weihnachts- und Neujahrsmarkt, in diesem Fall in Speyer. <em>Foto: Speyer 24 NEWS<\/em><\/figcaption><\/figure><\/div>\n\n\n<p>Am 26.11.2024 waren mehrere Teams des Polizeipr\u00e4sidiums Mannheim in der Heidelberger Innenstadt zu diesem Thema unterwegs. Dabei kam die &#8222;Gelbe Hand&#8220; insgesamt 45 Mal zum Einsatz. Die anf\u00e4ngliche \u00dcberraschung der Angesprochenen wich meist schnell der Erkenntnis, noch einmal Gl\u00fcck gehabt zu haben, da nicht echte Taschendiebe zugeschlagen hatten. In den Gespr\u00e4chen zeigte sich, dass die B\u00fcrgerinnen und B\u00fcrger sehr dankbar daf\u00fcr waren, dass die Polizei so f\u00fcr mehr Sicherheit sorgt. Als Erinnerung konnten die Passantinnen und Passanten die &#8222;Gelbe Hand&#8220; mitnehmen. Darauf sind Tipps und Hinweise zu finden, wie man sich effektiv gegen Taschendiebstahl sch\u00fctzen kann. Auch gibt es dort Handlungsempfehlungen, falls es doch zu einem Taschendiebstahl kommen sollte.<\/p>\n\n\n\n<h4 class=\"wp-block-heading\">Hierzu r\u00e4t die Polizei generell:<\/h4>\n\n\n\n<ul>\n<li><strong>Nehmen Sie nur so viel Bargeld, Zahlungskarten und andere Wertgegenst\u00e4nde wie n\u00f6tig mit.<\/strong><\/li>\n\n\n\n<li><strong>Tragen Sie Geld, Schecks, Kreditkarten und Papiere immer in verschiedenen verschlossenen Innentaschen der Kleidung m\u00f6glichst dicht am K\u00f6rper.<\/strong><\/li>\n\n\n\n<li><strong>Tragen Sie Hand- und Umh\u00e4ngetaschen verschlossen auf der K\u00f6rpervorderseite oder klemmen Sie sie sich unter den Arm.<\/strong><\/li>\n\n\n\n<li><strong>Benutzen Sie einen Brustbeutel, eine G\u00fcrtelinnentasche, einen Geldg\u00fcrtel oder eine am G\u00fcrtel angekettete Geldb\u00f6rse.<\/strong><\/li>\n\n\n\n<li><strong>Legen Sie Geldb\u00f6rsen nicht in Einkaufstaschen, Einkaufsk\u00f6rbe oder Kinderwagen, sondern tragen Sie sie m\u00f6glichst k\u00f6rpernah.<\/strong><\/li>\n\n\n\n<li><strong>H\u00e4ngen Sie Handtaschen im Restaurant, im Kaufhaus oder im Laden nicht an Stuhllehnen und stellen Sie sie nicht unbeaufsichtigt ab.<\/strong><\/li>\n<\/ul>\n\n\n\n<h4 class=\"wp-block-heading\"><em>Weitere Informationen hierzu finden Sie auch online im Kriminalpr\u00e4ventions- Flyer &#8222;So sch\u00fctzen sie sich vor Taschendieben&#8220; unter\u00a0<a href=\"https:\/\/www.polizei-beratung.de\/medienangebot\/detail\/325-so-schuetzen-sie-sich-vor-taschendieben\/\" target=\"_blank\" rel=\"noreferrer noopener\">https:\/\/www.polizei-beratung.de\/medienangebot\/detail\/325-so-schuetzen-sie-sich-vor-taschendieben\/<\/a><\/em><\/h4>\n\n\n\n<h2 class=\"wp-block-heading\">(Heidelberg) &#8211; Unfallflucht \/ Zeugen gesucht<\/h2>\n\n\n\n<p>Bereits am Freitag, dem 22.11.2024 ereignete sich im Stadtteil Weststadt ein Verkehrsunfall, bei dem ein VW besch\u00e4digt wurde. Die Unfallverursacherin oder der Verursacher fuhren einfach davon, ohne sich um den Schaden zu k\u00fcmmern.<\/p>\n\n\n\n<p>Eine 28-j\u00e4hrige Frau hatte ihren VW gegen 12.00 Uhr in der Hildastra\u00dfe am Fahrbahnrand abgestellt. Als sie gegen 18.50 Uhr zur\u00fcckkehrte, musste sie feststellen, dass die komplette Heckscheibe eingeschlagen war. Eine Zeugin berichtete, dass das Fahrzeug bereits um 14.30 Uhr derart besch\u00e4digt war.<\/p>\n\n\n\n<p>Zum Zeitpunkt des Abstellens stand hinter dem VW der 24-J\u00e4hrigen ein Auto, das einen Fahrradtr\u00e4ger auf dem Kofferraum montiert hatte. Dieser Fahrradtr\u00e4ger befand sich in der H\u00f6he der Heckscheibe des VW.<\/p>\n\n\n\n<p>Weitere Zeugen, die den Unfall beobachtet haben und sachdienliche Hinweise zum Unfallverursachenden geben k\u00f6nnen, werden gebeten, sich unter der Telefonnummer 06221\/1857-0 beim Polizeirevier Heidelberg-Mitte zu melden.<\/p>\n\n\n\n<h2 class=\"wp-block-heading\">(Ketsch \/ Rhein-Neckar-Kreis) &#8211; Seniorin f\u00e4llt auf angebliche Wasserwerker herein \/ Polizei sucht Zeugen<\/h2>\n\n\n<div class=\"wp-block-image\">\n<figure class=\"aligncenter size-full\"><img decoding=\"async\" loading=\"lazy\" width=\"800\" height=\"580\" src=\"https:\/\/speyer24news.com\/wp-content\/uploads\/2021\/11\/Abzocke-Betrug-Wucher-hohe-Rechnung.jpg\" alt=\"\" class=\"wp-image-42488\" srcset=\"https:\/\/speyer24news.com\/wp-content\/uploads\/2021\/11\/Abzocke-Betrug-Wucher-hohe-Rechnung.jpg 800w, https:\/\/speyer24news.com\/wp-content\/uploads\/2021\/11\/Abzocke-Betrug-Wucher-hohe-Rechnung-300x218.jpg 300w, https:\/\/speyer24news.com\/wp-content\/uploads\/2021\/11\/Abzocke-Betrug-Wucher-hohe-Rechnung-768x557.jpg 768w\" sizes=\"(max-width: 800px) 100vw, 800px\" \/><\/figure><\/div>\n\n\n<p>Eine hochbetagte Frau in Ketsch wurde am Donnerstagvormittag Opfer von zwei angeblichen Wasserwerkern.<\/p>\n\n\n\n<p>Gegen 11 Uhr klingelten zwei unbekannte M\u00e4nner an der Wohnungst\u00fcr der Seniorin in der Goethestra\u00dfe und verschafften sich unter dem Vorwand, einen Rohrbruch beheben zu m\u00fcssen, Zutritt zu der Wohnung der Frau. Nachdem die Dame ins Bad gebeten und dort durch einen der M\u00e4nner abgelenkt wurde, durchsuchte der zweite T\u00e4ter die Wohnung und lie\u00df Bargeld und Schmuck der Seniorin mitgehen. Anschlie\u00dfend verst\u00e4ndigte dieser telefonisch seinen im Bad &#8222;arbeitenden&#8220; Komplizen, der daraufhin eilig die Wohnung verlie\u00df.<\/p>\n\n\n\n<p>Was genau die T\u00e4ter mitgehen lie\u00dfen, ist derzeit noch unklar. Zumindest erbeuteten sie einen vierstelligen Bargeldbetrag und Schmuck. Zudem verursachten sie durch Ihre &#8222;Arbeit&#8220; im Bad zus\u00e4tzlich einen Wasserschaden.<\/p>\n\n\n\n<ul>\n<li><strong>Eine Beschreibung der beiden M\u00e4nner konnte die Gesch\u00e4digte nicht abgeben, es soll sich um einen gr\u00f6\u00dferen und einen kleineren Mann gehandelt haben, die beide akzentfreies Deutsch sprachen.<\/strong><\/li>\n\n\n\n<li><strong>Zeugen, denen die beiden M\u00e4nner aufgefallen sind und sachdienliche Hinweise zu diesen geben k\u00f6nnen, werden gebeten, sich unter der Rufnummer 0621\/174-4444 beim Kriminalkommissariat Mannheim zu melden.<\/strong><\/li>\n<\/ul>\n\n\n\n<h3 class=\"wp-block-heading\">Aus gegebenem Anlass weist die Polizei nochmals eindringlich auf nachfolgendes hin:<\/h3>\n\n\n\n<ul>\n<li><strong>Lassen Sie keine Fremden in die Wohnung!<\/strong><\/li>\n\n\n\n<li><strong>Sehen Sie sich Besucher vor dem \u00d6ffnen durch den T\u00fcrspion oder mit einem Blick aus dem Fenster an und machen Sie von Ihrer T\u00fcrsprechanlage Gebrauch.<\/strong><\/li>\n\n\n\n<li><strong>\u00d6ffnen Sie die Wohnungst\u00fcr niemals sofort &#8211; legen Sie immer Sperrb\u00fcgel oder Sicherheitskette an.<\/strong><\/li>\n\n\n\n<li><strong>Ziehen Sie telefonisch eine Nachbarin oder einen Nachbarn hinzu, wenn unbekannte Besucher vor der T\u00fcr stehen, oder bestellen Sie die Besucher zu einem sp\u00e4teren Termin, wenn eine Vertrauensperson anwesend ist.<\/strong><\/li>\n\n\n\n<li><strong>Lassen Sie Handwerker nur dann herein, wenn Sie sie selbst bestellt haben oder wenn sie von der Hausverwaltung angek\u00fcndigt worden sind.<\/strong><\/li>\n\n\n\n<li><strong>Wehren Sie sich gegen zudringliche Besucher notfalls auch energisch. Sprechen Sie sie laut an und rufen Sie um Hilfe.<\/strong><\/li>\n\n\n\n<li><strong>Pflegen Sie Kontakt zu \u00e4lteren Mitbewohnerinnen und Mitbewohnern. Machen Sie ihnen das Angebot, bei fremden Besuchern an der Wohnungst\u00fcr zur Sicherheit hinzuzukommen, und \u00fcbergeben Sie f\u00fcr solche F\u00e4lle die eigene Telefonnummer.<\/strong><\/li>\n\n\n\n<li><strong>Nehmen Sie nichts f\u00fcr Nachbarn ohne deren Ank\u00fcndigung oder Auftrag entgegen.<\/strong><\/li>\n\n\n\n<li><strong>\u00dcberlegen Sie bei angeblicher hilfebed\u00fcrftiger Lage von Fremden an der T\u00fcr (Beispiel: Bitte um Schreibzeug oder um ein Glas Wasser): Woher sollte der Nachbar die Besucher wirklich kennen? Warum wenden sich die Besucher im Notfall nicht an eine Apotheke, eine Gastst\u00e4tte oder ein Gesch\u00e4ft, sondern an eine (abgelegene) Privatwohnung?<\/strong><\/li>\n\n\n\n<li><strong>Machen Sie bei hilfebed\u00fcrftiger Lage von Fremden an der T\u00fcr das Angebot, selbst nach Hilfe zu telefonieren oder das Gew\u00fcnschte (Schreibzeug, Glas Wasser etc.) hinauszureichen, und halten Sie dabei die T\u00fcr geschlossen.<\/strong><\/li>\n\n\n\n<li><strong>Fordern Sie von Amtspersonen immer den Dienstausweis und pr\u00fcfen Sie ihn sorgf\u00e4ltig (nach Druck, Foto und Stempel). Sorgen Sie dazu f\u00fcr gute Beleuchtung und benutzen Sie, wenn n\u00f6tig, eine Sehhilfe.<\/strong><\/li>\n\n\n\n<li><strong>Rufen Sie beim geringsten Zweifel bei der Beh\u00f6rde an. Suchen Sie dazu die Telefonnummer selbst heraus und ziehen Sie telefonisch eine Nachbarin oder einen Nachbarn hinzu.<\/strong><\/li>\n<\/ul>\n\n\n\n<h2 class=\"wp-block-heading\">(A 6 \/ Schwetzingen \/ Rhein-Neckar-Kreis) &#8211; Auffahrunfall mit drei Autos<\/h2>\n\n\n\n<p>Am Dienstagmorgen, gegen 08:30 Uhr, kollidierten drei Autos aufgrund eines Auffahrunfalls auf der A6 in H\u00f6he der Ausfahrt Schwetzingen\/Hockenheim.<\/p>\n\n\n\n<p>Ein 54-j\u00e4hriger VW-Fahrer musste verkehrsbedingt auf der A6 in Richtung Mannheim abbremsen. Da der Sicherheitsabstand zu einem vorausfahrenden Peugeot zu gering war, fuhr eine 22-j\u00e4hrige Mitsubishi-Fahrerin, welche in gleicher Richtung unterwegs war auf diesen auf und schob diesen auf den VW.<\/p>\n\n\n\n<p>Es entstand ein Gesamtsachschaden an den drei Fahrzeugen von 18.000 Euro. Gl\u00fccklicherweise blieben alle Beteiligten unverletzt.<\/p>\n\n\n\n<h2 class=\"wp-block-heading\">(Hockenheim \/ Rhein-Neckar-Kreis) &#8211; Verd\u00e4chtiger nach versuchtem Fahrraddiebstahl festgenommen \/ M\u00f6glicher Zusammenhang mit Tatserie<\/h2>\n\n\n\n<p>Am fr\u00fchen Mittwochmorgen gegen 1 Uhr fiel einer Streife des Polizeireviers Hockenheim ein Fu\u00dfg\u00e4nger in der Schubertstra\u00dfe auf. Der Mann trug ein verschlossenes Fahrrad und stellte dieses pl\u00f6tzlich beim Erblicken des Streifenwagens in einem Geb\u00fcsch ab. Bevor der Mann davonlaufen konnte, unterzogen die Polizeibeamten den Verd\u00e4chtigen einer Kontrolle. W\u00e4hrend der Kontrolle konnte der 33-J\u00e4hrige keine glaubhaften Angaben zur Herkunft des Rades machen und verstrickte sich zunehmend in Widerspr\u00fcche. Au\u00dferdem f\u00fchrte der Mann ein Sturmfeuerzug sowie andere auff\u00e4llige Gegenst\u00e4nde zur Brandbeschleunigung mit sich. In der n\u00e4heren Umgebung, gegen\u00fcber der katholischen Kirche, bemerkten die Beamten schlie\u00dflich gegen 01:30 Uhr ein Fahrrad, bei welchem zuvor versucht wurde das Schloss durch Brandlegung zu besch\u00e4digen. Das Polizeirevier Hockenheim hat nun die Ermittlungen gegen den 33-J\u00e4hrigen wegen versuchten besonders schweren Falls des Diebstahls aufgenommen. Des Weiteren pr\u00fcfen die Ermittlerinnen und Ermittler, ob der Mann f\u00fcr mehrere weitere Taten in den letzten Monaten im Hockenheimer Bereich in Frage kommt, bei denen Fahrradschl\u00f6sser durch Feuer oder \u00e4hnliche Art besch\u00e4digt wurden. <\/p>\n\n\n\n<ul>\n<li><strong>Zeugen oder Gesch\u00e4digte k\u00f6nnen sich unter der Rufnummer 06205\/2860-0 beim Polizeirevier Hockenheim melden.<\/strong><\/li>\n<\/ul>\n\n\n\n<h2 class=\"wp-block-heading\">(Wiesloch \/ Rhein-Neckar-Kreis) &#8211; Unbekannte stehlen E-Scooter \/ Zeugen gesucht<\/h2>\n\n\n\n<p>Am Dienstag entwendete eine bislang noch unbekannte T\u00e4terschaft im Zeitraum von 07:45 Uhr bis 13:50 Uhr mehrere mit Schl\u00f6ssern gesicherte E-Scooter.<\/p>\n\n\n\n<p>Ein schwarzfarbiges Elektrokleinstfahrzeug der Marke Xiaomi stand an einem Fahrradst\u00e4nder der Gerbersruhstra\u00dfe. Ein anderer E-Scooter der Marke Ninebot wurde von einem Zweirad-Parkplatz der Gymnasiumstra\u00dfe gestohlen. Der gesamte Diebstahlsschaden bel\u00e4uft sich auf etwa 1.100 Euro.<\/p>\n\n\n\n<ul>\n<li><strong>Ob die beiden Taten im Zusammenhang stehen, ist Gegenstand der Ermittlungen, die vom Polizeirevier Wiesloch aufgenommen wurden. Zeugen, die sachdienliche Hinweise zu den Taten und\/oder der bislang unbekannten T\u00e4terschaft mitteilen k\u00f6nnen, werden gebeten sich unter der Telefonnummer 06222\/5709-0 zu melden.<\/strong><\/li>\n<\/ul>\n\n\n\n<h2 class=\"wp-block-heading\">(B 38 \/ Weinheim \/ Rhein-Neckar-Kreis) &#8211; 20.000 Euro Sachschaden nach Auffahrunfall auf der B38<\/h2>\n\n\n\n<p>Am Dienstagnachmittag gegen 18 Uhr befuhren ein 33-j\u00e4hriger Skoda-Fahrer und 28-j\u00e4hriger VW-Fahrer die B38 in Fahrtrichtung Mannheim. Vor einer Ampel an der Einm\u00fcndung B38 \/ Mannheimer Stra\u00dfe bremste der 33-J\u00e4hrige sein Fahrzeug ab. Der VW-Fahrer konnte nicht mehr rechtzeigt bremsen und fuhr dem Skoda hinten auf. Verletzt wurde gl\u00fccklicherweise niemand. Der Gesamtschaden wird auf etwa 20.000 Euro gesch\u00e4tzt. Beide Fahrzeuge waren nicht mehr fahrbereit und mussten abgeschleppt werden.<\/p>\n\n\n\n<h2 class=\"wp-block-heading\">(Hemsbach \/ Rhein-Neckar-Kreis) &#8211; T\u00e4tertrio fl\u00fcchtet nach Einbruch \/ Zeugen gesucht<\/h2>\n\n\n\n<p>Am Dienstagabend gegen 18:30 Uhr bemerkte eine aufmerksame Zeugin, dass die Haust\u00fcr eines Wohnanwesen der Allensteiner Stra\u00dfe offenstand. Geistesgegenw\u00e4rtig machte die Frau sich bemerkbar und schrie, dass sich in dem Wohnhaus Einbrecher bef\u00e4nden. Daraufhin kamen ihr drei dunkel gekleidete und vermummte m\u00e4nnliche Personen entgegen und verlie\u00dfen fluchtartig das Haus in Richtung Guntherstra\u00dfe\/K\u00f6nigsh\u00fctter Stra\u00dfe. Dort war offenbar das Fahrzeug abgestellt, mit dem das Trio die Flucht ergriff. Ein weiterer Zeuge, der das T\u00e4tertrio erblickte, verfolgte den schwarzen VW Golf noch kurzzeitig \u00fcber die A5 bis zum Autobahnkreuz Weinheim, wo er das sehr schnell fahrende Fahrzeug jedoch aus den Augen verlor.<\/p>\n\n\n\n<p>Ersten Erkenntnissen zufolge verschafften sich die T\u00e4ter gewaltsam Zutritt zu dem Wohnhaus, in dem sie die T\u00fcr aufhebelten. Hierbei ist ein Sachschaden in noch unbekannter H\u00f6he entstanden. Anschlie\u00dfend durchsuchten die T\u00e4ter das Anwesen nach Diebesgut. Ob die Unbekannten etwas entwendet haben, ist noch unklar.<\/p>\n\n\n\n<ul>\n<li><strong>Die Spezialisten und Spezialistinnen f\u00fcr Eigentumsdelikte der Kriminalpolizeidirektion Heidelberg haben die Ermittlungen \u00fcbernommen. Zeugen, die verd\u00e4chtige Wahrnehmungen gemacht haben und\/oder sachdienliche Hinweise zur Tat und\/oder der unbekannten T\u00e4tergruppe mitteilen k\u00f6nnen, werden gebeten, sich unter der Telefonnummer 0621\/174-4444 zu melden.<\/strong><\/li>\n<\/ul>\n","protected":false},"excerpt":{"rendered":"<div class=\"mh-excerpt\"><p>Polizeimeldungen vom Mittwoch (27.11.2024) (Speyer) &#8211; Wohnhausbrand in Innenstadt Am Mittwoch (27.11.2024), gegen 12:40 Uhr, brach in einem Wohnhaus in der Lauergasse in Speyer ein Feuer aus. Der Brand konnte durch die Feuerwehr gel\u00f6scht werden, <a class=\"mh-excerpt-more\" href=\"https:\/\/speyer24news.com\/?p=60440\" title=\"Polizeimeldungen Mittwoch (27.11.24)\">[&#8230;]<\/a><\/p>\n<\/div>","protected":false},"author":3,"featured_media":26162,"comment_status":"open","ping_status":"open","sticky":false,"template":"","format":"standard","meta":{"_monsterinsights_skip_tracking":false,"_monsterinsights_sitenote_active":false,"_monsterinsights_sitenote_note":"","_monsterinsights_sitenote_category":0,"footnotes":""},"categories":[15659],"tags":[7273,7243,7244,10926,3614,13554,350,15084,15267,18288,15361,61,2555,14113,6955,6986,6263,63,105,11150,6987,53,13540,16956,18099,17274,4683,14958,9154,17275,11592,14705,18511,18512,102,13626,213,14325,14324,13553,13541,16955,2625,380],"aioseo_notices":[],"amp_enabled":true,"_links":{"self":[{"href":"https:\/\/speyer24news.com\/index.php?rest_route=\/wp\/v2\/posts\/60440"}],"collection":[{"href":"https:\/\/speyer24news.com\/index.php?rest_route=\/wp\/v2\/posts"}],"about":[{"href":"https:\/\/speyer24news.com\/index.php?rest_route=\/wp\/v2\/types\/post"}],"author":[{"embeddable":true,"href":"https:\/\/speyer24news.com\/index.php?rest_route=\/wp\/v2\/users\/3"}],"replies":[{"embeddable":true,"href":"https:\/\/speyer24news.com\/index.php?rest_route=%2Fwp%2Fv2%2Fcomments&post=60440"}],"version-history":[{"count":4,"href":"https:\/\/speyer24news.com\/index.php?rest_route=\/wp\/v2\/posts\/60440\/revisions"}],"predecessor-version":[{"id":60454,"href":"https:\/\/speyer24news.com\/index.php?rest_route=\/wp\/v2\/posts\/60440\/revisions\/60454"}],"wp:featuredmedia":[{"embeddable":true,"href":"https:\/\/speyer24news.com\/index.php?rest_route=\/wp\/v2\/media\/26162"}],"wp:attachment":[{"href":"https:\/\/speyer24news.com\/index.php?rest_route=%2Fwp%2Fv2%2Fmedia&parent=60440"}],"wp:term":[{"taxonomy":"category","embeddable":true,"href":"https:\/\/speyer24news.com\/index.php?rest_route=%2Fwp%2Fv2%2Fcategories&post=60440"},{"taxonomy":"post_tag","embeddable":true,"href":"https:\/\/speyer24news.com\/index.php?rest_route=%2Fwp%2Fv2%2Ftags&post=60440"}],"curies":[{"name":"wp","href":"https:\/\/api.w.org\/{rel}","templated":true}]}}