{"id":60478,"date":"2024-11-30T17:39:53","date_gmt":"2024-11-30T16:39:53","guid":{"rendered":"https:\/\/speyer24news.com\/?p=60478"},"modified":"2024-11-30T17:39:55","modified_gmt":"2024-11-30T16:39:55","slug":"polizeimeldungen-samstag-30-11-24","status":"publish","type":"post","link":"https:\/\/speyer24news.com\/?p=60478","title":{"rendered":"Polizeimeldungen Samstag (30.11.24)"},"content":{"rendered":"<style type=\"text\/css\">\r\n\t.ads_top_disp{}\r\n\t.ads_top_corner_disp{ float:left; margin:0px 10px 10px 0px; }\r\n\t.ads_first_p_disp{}\r\n\t.ads_bottom_disp{}\r\n\t<\/style>\n<h2 class=\"wp-block-heading\">Polizeimeldungen vom Samstag (30.11.2024)<\/h2>\n\n\n<div class=\"wp-block-image\">\n<figure class=\"aligncenter size-full\"><img decoding=\"async\" loading=\"lazy\" width=\"375\" height=\"500\" src=\"https:\/\/speyer24news.com\/wp-content\/uploads\/2022\/03\/Aktuelles-Polizeilogo.jpg\" alt=\"\" class=\"wp-image-43591\" srcset=\"https:\/\/speyer24news.com\/wp-content\/uploads\/2022\/03\/Aktuelles-Polizeilogo.jpg 375w, https:\/\/speyer24news.com\/wp-content\/uploads\/2022\/03\/Aktuelles-Polizeilogo-225x300.jpg 225w\" sizes=\"(max-width: 375px) 100vw, 375px\" \/><\/figure><\/div>\n\n\n<h2 class=\"wp-block-heading\">(Speyer) &#8211; Betrunken mit Fahrrad gest\u00fcrzt<\/h2>\n\n\n\n<p>In der Nacht von Freitag auf Samstag gegen 03:40 Uhr st\u00fcrzte ein 18-J\u00e4hriger aus R\u00f6merberg im Bereich des Industriehofes beim Fahren seines Fahrrades. Im Rahmen des Sturzes zog er sich leichte Verletzungen an Kopf und Bein zu. Im Rahmen der Unfallaufnahme konnte die Polizeistreife Alkoholgeruch ausgehend vom Fahrer feststellen. Ein Atemalkoholtest ergab einen Wert von 1,45 Promille. Eine medizinische Versorgung des Verletzen im Krankenhaus war nicht notwendig. Dieser wurde durch die Polizeistreife auf die Dienststelle verbracht, wo ihm eine Blutprobe entnommen wurde. Gegen ihn wurde ein Strafverfahren wegen Trunkenheit im Verkehr eingeleitet.<\/p>\n\n\n\n<h2 class=\"wp-block-heading\">(Speyer) &#8211; Durch Burnouts Trunkenheitsfahrt aufgedeckt<\/h2>\n\n\n\n<p>Ausgerechnet durch sein lautstarkes Fahrverhalten mit seinem PKW, fiel ein 35-J\u00e4hriger aus Germersheim am 30.11.2024 gegen 02:45 Uhr mehreren Personen auf, welche die Polizei verst\u00e4ndigten. Der Mann f\u00fchrte mit seinem PKW Burnouts durch und versuchte mehrfach, zu driften. Durch eine Polizeistreife konnte der PKW in der Stra\u00dfe &#8222;Am Technik Museum&#8220; gesichtet und der Fahrer einer Kontrolle unterzogen werden. Bei ihm konnte daraufhin eine Atemalkoholkonzentration von 2,17 Promille festgestellt werden. Er wurde auf die Dienststelle verbracht, wo ihm eine Blutprobe entnommen wurde. Der F\u00fchrerschein wurde beschlagnahmt. Ein Strafverfahren wegen Trunkenheit im Verkehr wurde eingeleitet.<\/p>\n\n\n\n<h2 class=\"wp-block-heading\">(Rheinzabern) &#8211; Einbahnstra\u00dfenregelung missachtet<\/h2>\n\n\n\n<p>In Rheinzabern wurde im Bereich der Hauptstra\u00dfe f\u00fcr die Zeit des dortigen Weihnachtsmarktes eine Einbahnstra\u00dfe eingerichtet. Da diese Regelung von zahlreichen Verkehrsteilnehmern missachtet wurde, wurde die \u00d6rtlichkeit \u00fcberwacht. Hierbei konnten am 29.11. zwischen 09:30 Uhr und 12:30 Uhr insgesamt 23 Fahrzeugf\u00fchrer festgestellt werden, welche sich nicht an die aufgestellte Beschilderung gehalten hatten.<\/p>\n\n\n\n<h2 class=\"wp-block-heading\">(Hagenbach) &#8211; Radfahrer kommt unter Alkoholeinfluss zu Fall<\/h2>\n\n\n\n<p>Am fr\u00fchen Morgen des 30.11. kam ein Radfahrer auf einem Radweg zwischen W\u00f6rth und Hagenbach alleine zu Fall. Bei dem 45-j\u00e4hrigen Mann aus dem Kreis Germersheim konnte erheblicher Atemalkoholgeruch festgestellt werden. Ein durchgef\u00fchrter Alkoholtest best\u00e4tigte dies mit einem Wert von \u00fcber zwei Promille. Gegen den Radfahrer wurde ein Strafverfahren wegen Trunkenheit im Verkehr eingeleitet.<\/p>\n\n\n\n<h2 class=\"wp-block-heading\">(Kandel) &#8211; Fahren ohne Fahrerlaubnis<\/h2>\n\n\n\n<p>Am Freitagvormittag fiel einer Streife der PI W\u00f6rth ein LKW auf, da die Ladung unzureichend gesichert war. Im Rahmen der Kontrolle mussten die Beamten schlie\u00dflich feststellen, dass der Fahrer nicht im Besitz der notwendigen Fahrerlaubnis war. Es wurde ein entsprechendes Strafverfahren eingeleitet.<\/p>\n\n\n\n<h2 class=\"wp-block-heading\">(Steinweiler) &#8211; Einbruch in Einfamilienhaus<\/h2>\n\n\n\n<p>Am 29.11. kam es in der Zeit von 18:55 Uhr bis 19:15 Uhr in der Klingbachstra\u00dfe in Steinweiler zu einem Einbruch in ein Einfamilienhaus. Durch bislang unbekannte T\u00e4terschaft wurden zwei Fenster des Wohnhauses aufgehebelt. Die T\u00e4ter wurden vermutlich gest\u00f6rt und haben das Anwesen wieder verlassen.<\/p>\n\n\n\n<ul>\n<li><strong>Zeugen, welche verd\u00e4chtige Wahrnehmungen gemacht haben, sollen sich bitte mit der Polizei W\u00f6rth unter 07271 92210 oder\u00a0<a href=\"mailto: piwoerth@polizei.rlp.de\">piwoerth@polizei.rlp.de<\/a>\u00a0in Verbindung setzen.<\/strong><\/li>\n<\/ul>\n\n\n\n<h2 class=\"wp-block-heading\">(Edesheim) &#8211; Geschwindigkeits\u00fcberwachung<\/h2>\n\n\n\n<p>In der Staatsstra\u00dfe in Edesheim wurden Freitagmittag innerhalb einer knappen Stunde (29.11.2024, 14:40 Uhr bis 15:35 Uhr) elf Geschwindigkeitsverst\u00f6\u00dfe festgestellt. Der traurige Spitzenreiter wurde mit 65 km\/h bei erlaubten 30 km\/h gemessen. Er muss mit einem Bu\u00dfgeld von mindestens 260EUR sowie 2 Punkten im Fahreignungsregister rechnen. Zus\u00e4tzlich muss er einen Monat auf seinen F\u00fchrerschein verzichten.<\/p>\n\n\n\n<h2 class=\"wp-block-heading\">(A 65 \/ Edenkoben) &#8211; Zu tief ins Glas geschaut&#8230;<\/h2>\n\n\n\n<p>&#8230; hat ein 54-j\u00e4hriger Franzose. Eigentlich wollte er von einer Weihnachtsfeier in Baden-W\u00fcrttemberg nach Hause fahren. Doch statt in seiner els\u00e4ssischen Heimat, landete er in der vergangenen Nacht (30.11.2024, 03:20 Uhr) versehentlich auf der Rastst\u00e4tte Pf\u00e4lzer Weinstra\u00dfe Ost. Auf der BAB65 fiel er bereits einem Verkehrsteilnehmer aufgrund seiner auff\u00e4lligen Fahrweise auf und wurde deshalb anschlie\u00dfend auf der Rastst\u00e4tte einer Verkehrskontrolle unterzogen. Dabei konnte deutlicher Alkoholgeruch festgestellt werden. Der durchgef\u00fchrte Atemalkoholtest ergab einen Wert von mehr als 2,3 Promille. Au\u00dferdem waren frische Unfallsch\u00e4den am Fahrzeug zu sehen, jedoch ist die Unfall\u00f6rtlichkeit bislang unbekannt.<\/p>\n\n\n\n<p>Dem Fahrer wurde anschlie\u00dfend eine Blutprobe entnommen und der F\u00fchrerschein sichergestellt. Zur Unfall\u00f6rtlichkeit wurden die polizeilichen Ermittlungen aufgenommen. <\/p>\n\n\n\n<ul>\n<li><strong>Zeugen, die sachdienliche Hinweise geben k\u00f6nnen, werden gebeten, sich mit der Polizeiinspektion Edenkoben in Verbindung zu setzen (06323 9550).<\/strong><\/li>\n<\/ul>\n\n\n\n<h2 class=\"wp-block-heading\">(Ludwigshafen) &#8211; Verkehrsunfall mit leicht verletzten Motorradfahrer<\/h2>\n\n\n\n<p>Am Freitag, den 29.11.2024, gegen 15:45 Uhr, kam es zu einem Alleinunfall eines Motorradfahrers an der Kreuzung Sch\u00e4nzeldamm\/Saarlandstra\u00dfe. Der Motorradfahrer bremste aufgrund einer Einsatzfahrt eines Rettungswagens ab, kam im Anschluss ins Schleudern und fiel zu Boden. Der Motorradfahrer verletzte sich leicht. Es entstand kein Fremdschaden.<\/p>\n\n\n\n<h2 class=\"wp-block-heading\">(Ludwigshafen) &#8211; Versuchter Einbruch in Kita<\/h2>\n\n\n\n<p>In der Nacht von Donnerstag auf Freitag (29.11.2024) versuchten bislang unbekannte T\u00e4ter in die Kindertagesst\u00e4tte Karl-Kr\u00e4mer-Stra\u00dfe einzudringen. Die T\u00e4ter gelangten nicht ins Geb\u00e4ude, besch\u00e4digten jedoch die Rolll\u00e4den der Kita. <\/p>\n\n\n\n<ul>\n<li><strong>Wer hat die Tat beobachtet oder kann Hinweise auf die T\u00e4ter geben? Hinweise werden an die Polizeiinspektion Ludwigshafen 1, Telefonnummer 0621 963-24150 oder per E-Mail\u00a0<a href=\"mailto: piludwigshafen1@polizei.rlp.de\">piludwigshafen1@polizei.rlp.de<\/a>\u00a0erbeten.<\/strong><\/li>\n<\/ul>\n\n\n\n<h2 class=\"wp-block-heading\">(Mannheim) &#8211; Brandausbruch in einem Fahrradabstellraum eines Mehrfamilienhauses<\/h2>\n\n\n\n<p>Am Freitagnacht, gegen 23.40 Uhr, meldeten Anwohner eines Mehrfamilienhauses in der Draisstra\u00dfe einen Brandausbruch in einem im Erdgescho\u00df befindlichen Fahrradabstellraum. Durch die Berufsfeuerwehr Mannheim, die mit einem L\u00f6schzug im Einsatz war, konnte der Brand schnell unter Kontrolle gebracht und gel\u00f6scht werden, so dass ein \u00dcbergreifen auf andere Geb\u00e4udeteile verhindert wurde. Insgesamt konnten sich 11 Bewohner selbst\u00e4ndig in Sicherheit bringen. Verletzt wurde durch das Brandgeschehen zum Gl\u00fcck niemand. Der entstandene Schaden wird auf insgesamt ca. 20 000,- Euro gesch\u00e4tzt. Die genaue Brandursache ist derzeit noch Gegenstand der Ermittlungen, die durch Kriminaldirektion Heidelberg gef\u00fchrt werden.<\/p>\n\n\n\n<h2 class=\"wp-block-heading\">(Mannheim) &#8211; Arbeiten an Heizungsanlage l\u00f6sen Feuerwehr- und Polizeieinsatz aus<\/h2>\n\n\n\n<p>Am Freitagabend, kurz vor 21.00 Uhr, l\u00f6sten Arbeiten an einer Heizungsanlage in einem Wohngeb\u00e4ude in der Walldorfer Stra\u00dfe im Mannheimer Stadtteil Rheinau, einen Feuerwehr- und Polizeieinsatz aus. Nach den bisher vorliegen Erkenntnissen, kam es in einem Haus mit zwei Wohnparteien zum Austritt von Kohlenstoffmonoxid, nach Arbeiten an der Heizungsanlage im Dachgeschoss. Hierbei wurde das farb- und geruchslose Gas von f\u00fcnf Erwachsenen und zwei Kleinindern eingeatmet, die dadurch leicht verletzt wurden. Alle Personen waren ansprechbar und wurden durch den Rettungsdienst zur weiteren Behandlung in umliegende Krankenh\u00e4user eingeliefert. Das Geb\u00e4ude wurde durch die Feuerwehr ger\u00e4umt und anschlie\u00dfend gel\u00fcftet, da im gesamten Haus erh\u00f6hte Kohlenstoffmonoxidwerte nachweisbar waren. Bis zur Feststellung der Ereignisursache wurde die Gasversorgung des Anwesens durch den Energieversorger au\u00dfer Betrieb gesetzt. Das Polizeirevier Mannheim-Neckarau hat die Ermittlungen hierzu aufgenommen.<\/p>\n\n\n\n<h2 class=\"wp-block-heading\">(Heidelberg) &#8211; Bus erfasst Fu\u00dfg\u00e4nger \/ Rettungskr\u00e4fte im Einsatz<\/h2>\n\n\n<div class=\"wp-block-image\">\n<figure class=\"aligncenter size-full\"><img decoding=\"async\" loading=\"lazy\" width=\"640\" height=\"428\" src=\"https:\/\/speyer24news.com\/wp-content\/uploads\/2021\/02\/Feuerwehr-Polizei.jpg\" alt=\"\" class=\"wp-image-33096\" srcset=\"https:\/\/speyer24news.com\/wp-content\/uploads\/2021\/02\/Feuerwehr-Polizei.jpg 640w, https:\/\/speyer24news.com\/wp-content\/uploads\/2021\/02\/Feuerwehr-Polizei-300x201.jpg 300w\" sizes=\"(max-width: 640px) 100vw, 640px\" \/><\/figure><\/div>\n\n\n<p>Am Samstag gegen 15:30 Uhr ereignete sich auf dem Heidelberger Bismarckplatz ein Verkehrsunfall mit Personenschaden. Ersten Meldungen zu Folge wurde eine Person durch einen Bus erfasst. Polizei und Rettungskr\u00e4fte sind vor Ort im Einsatz. \u00dcber den genauen Unfallhergang sowie zu dem Verletzungsbild ist derzeit noch nichts bekannt. Durch die Unfallaufnahme und die Einsatzma\u00dfnahmen vor Ort kann es zu Verkehrsbehinderungen kommen. Es wird nachberichtet.<\/p>\n\n\n\n<h3 class=\"wp-block-heading has-text-align-center\">Pressemeldung Nr. 2<\/h3>\n\n\n\n<p>Gegen 15:30 Uhr ereignete sich auf dem Heidelberger Bismarckplatz ein Verkehrsunfall mit Personenschaden. Hierbei fuhr ein 62-j\u00e4hriger Fahrer eines Linienbusses den Haltestellenbereich am Bismarckplatz an. Zeitgleich querte ein 32-j\u00e4hriger Fu\u00dfg\u00e4nger kurz vor dem Bus die Stra\u00dfe, um auf die Hauptstra\u00dfe zu gelangen. Wohl aufgrund Unachtsamkeit erkannte der Fahrzeug-F\u00fchrer den Fu\u00dfg\u00e4nger zu sp\u00e4t, welcher ebenso ohne auf den Fahrzeugverkehr zu achten die Fahrbahn querte. Es kam zur Kollision. Gl\u00fccklicherweise wurde der Fu\u00dfg\u00e4nger bei dem Zusammensto\u00df nur leicht verletzt. Nach einer Erstversorgung durch alarmiert Rettungskr\u00e4fte konnte der Fu\u00dfg\u00e4nger auch wieder seinen Weg fortsetzen. Auch der beteiligte Fahrer des Linienbusses konnte seine Fahrt wieder fortsetzen.<\/p>\n\n\n\n<h2 class=\"wp-block-heading\">(Heidelberg) &#8211; Trunkenheitsfahrt mit E-Scooter<\/h2>\n\n\n\n<p>Am Samstag, 30.11.2024, gegen 02:00 Uhr, f\u00fchrten Beamte des Polizeireviers Heidelberg-Mitte in der Alten Eppelheimer Stra\u00dfe, eine Verkehrskontrolle mit dem Fahrer eines E-Scooters durch. Hierbei konnte festgestellt werden, dass der 59-j\u00e4hrige Fahrzeugf\u00fchrer unter Alkoholeinfluss stand. Ein durchgef\u00fchrter Atemalkoholtest ergab einen Wert von 1,2 Promille. Der 59-J\u00e4hrige musste die Beamten zum Polizeirevier begleiten. Dort wurde ihm eine Blutprobe durch einen Arzt entnommen und sein F\u00fchrerschein sichergestellt. Ihn erwartet nun eine Strafanzeige wegen Trunkenheit im Stra\u00dfenverkehr und das F\u00fchren von fahrerlaubnispflichtigen Fahrzeugen wurde ihm untersagt.<\/p>\n\n\n\n<h2 class=\"wp-block-heading\">(Neulu\u00dfheim \/ Rhein-Neckar-Kreis) &#8211; Betrunken mit 1,36 Promille Verkehrsschild umgefahren<\/h2>\n\n\n\n<p>Am Freitagabend, gegen 21.15 Uhr, stellte ein aufmerksamer Verkehrsteilnehmer, der L 546 befuhr, im Bereich der Auffahrt zur L 560 ein auf einer Verkehrsinsel umgefahrenes Verkehrsschild fest. Von dort aus f\u00fchrte eine wenige hundert Meter lange \u00d6lspur zu einem, auf der L 560 liegengebliebenen, Opel und seinem 38-j\u00e4hrigen Fahrer. Eine verst\u00e4ndigte Streife des Polizeireviers Hockenheim konnte w\u00e4hrend der Unfallaufnahme schnell die Hintergr\u00fcnde des Unfallgeschehens feststellen. Bei dem 38-j\u00e4hrigen Unfallverursacher konnte deutlicher Atemalkoholgeruch festgestellt werden. Ein Atemalkoholtest f\u00f6rderte eine Atemalkoholkonzentration von 1,36 Promille zu Tage. Dem Unfallfahrer, der unverletzt blieb, wurde auf dem Polizeirevier eine Blutprobe entnommen und sein F\u00fchrerschein wurde einbehalten. An seinem Pkw, der nicht mehr fahrbereit war und abgeschleppt werden musste, entstand ein Sachschaden in H\u00f6he von ca. 4500,- Euro. F\u00fcr die Beseitigung der \u00d6lspur war die Freiwillige Feuerwehr Neulu\u00dfheim mit insgesamt 11 Einsatzkr\u00e4ften im Einsatz. Der Schaden am Verkehrsschild wird mit ca. 1000,- Euro beziffert. Neben dem materiellen Schaden muss sich der 38-J\u00e4hrige wegen der Gef\u00e4hrdung und Trunkenheit im Stra\u00dfenverkehr verantworten.<\/p>\n\n\n\n<h2 class=\"wp-block-heading\">(Malsch \/ Rhein-Neckar-Kreis) &#8211; Einbruch in Einfamilienhaus \/ Zeugen gesucht<\/h2>\n\n\n\n<p>Am Freitag, in der Zeit von 08.45 bis 19.40 Uhr, nutzte bislang unbekannte T\u00e4terschaft die Abwesenheit der Bewohner aus und brachen in ein Einfamilienhaus in der Torwerkstra\u00dfe ein. Unbekannte T\u00e4terschaft schlug hierzu ein im Erdgeschoss die r\u00fcckseitige Terrassent\u00fcr ein und verschaffte so Zutritt. Ob die T\u00e4terschaft etwas entwendet hatte ist nicht bekannt. An der Terrassent\u00fcr entstand ein gesch\u00e4tzter Sachschaden mehreren hundert Euro. Die weiteren Ermittlungen werden durch die Ermittlungsgruppe Eigentum gef\u00fchrt. <\/p>\n\n\n\n<ul>\n<li><strong>Zeugen und\/oder Anwohner, die zur fraglichen Zeit verd\u00e4chtige Wahrnehmungen gemacht haben, werden gebeten, Kontakt mit dem Polizeirevier Wiesloch, Tel.: 06222\/5709-0, oder der Kriminalpolizeidirektion Heidelberg, Tel.: 0621\/174-4444, aufzunehmen.<\/strong><\/li>\n<\/ul>\n","protected":false},"excerpt":{"rendered":"<div class=\"mh-excerpt\"><p>Polizeimeldungen vom Samstag (30.11.2024) (Speyer) &#8211; Betrunken mit Fahrrad gest\u00fcrzt In der Nacht von Freitag auf Samstag gegen 03:40 Uhr st\u00fcrzte ein 18-J\u00e4hriger aus R\u00f6merberg im Bereich des Industriehofes beim Fahren seines Fahrrades. Im Rahmen <a class=\"mh-excerpt-more\" href=\"https:\/\/speyer24news.com\/?p=60478\" title=\"Polizeimeldungen Samstag (30.11.24)\">[&#8230;]<\/a><\/p>\n<\/div>","protected":false},"author":3,"featured_media":26162,"comment_status":"open","ping_status":"open","sticky":false,"template":"","format":"standard","meta":{"_monsterinsights_skip_tracking":false,"_monsterinsights_sitenote_active":false,"_monsterinsights_sitenote_note":"","_monsterinsights_sitenote_category":0,"footnotes":""},"categories":[15659],"tags":[7273,7243,7244,10926,3614,13554,350,15084,15267,18288,15361,61,2555,14113,6955,6986,6263,63,105,11150,6987,53,13540,16956,18099,17274,4683,14958,9154,17275,11592,14705,18511,18512,102,13626,213,14325,14324,13553,13541,16955,2625,380],"aioseo_notices":[],"amp_enabled":true,"_links":{"self":[{"href":"https:\/\/speyer24news.com\/index.php?rest_route=\/wp\/v2\/posts\/60478"}],"collection":[{"href":"https:\/\/speyer24news.com\/index.php?rest_route=\/wp\/v2\/posts"}],"about":[{"href":"https:\/\/speyer24news.com\/index.php?rest_route=\/wp\/v2\/types\/post"}],"author":[{"embeddable":true,"href":"https:\/\/speyer24news.com\/index.php?rest_route=\/wp\/v2\/users\/3"}],"replies":[{"embeddable":true,"href":"https:\/\/speyer24news.com\/index.php?rest_route=%2Fwp%2Fv2%2Fcomments&post=60478"}],"version-history":[{"count":3,"href":"https:\/\/speyer24news.com\/index.php?rest_route=\/wp\/v2\/posts\/60478\/revisions"}],"predecessor-version":[{"id":60481,"href":"https:\/\/speyer24news.com\/index.php?rest_route=\/wp\/v2\/posts\/60478\/revisions\/60481"}],"wp:featuredmedia":[{"embeddable":true,"href":"https:\/\/speyer24news.com\/index.php?rest_route=\/wp\/v2\/media\/26162"}],"wp:attachment":[{"href":"https:\/\/speyer24news.com\/index.php?rest_route=%2Fwp%2Fv2%2Fmedia&parent=60478"}],"wp:term":[{"taxonomy":"category","embeddable":true,"href":"https:\/\/speyer24news.com\/index.php?rest_route=%2Fwp%2Fv2%2Fcategories&post=60478"},{"taxonomy":"post_tag","embeddable":true,"href":"https:\/\/speyer24news.com\/index.php?rest_route=%2Fwp%2Fv2%2Ftags&post=60478"}],"curies":[{"name":"wp","href":"https:\/\/api.w.org\/{rel}","templated":true}]}}