{"id":60503,"date":"2024-12-03T08:41:38","date_gmt":"2024-12-03T07:41:38","guid":{"rendered":"https:\/\/speyer24news.com\/?p=60503"},"modified":"2024-12-03T08:41:40","modified_gmt":"2024-12-03T07:41:40","slug":"polizeimeldungen-montag-02-12-24","status":"publish","type":"post","link":"https:\/\/speyer24news.com\/?p=60503","title":{"rendered":"Polizeimeldungen Montag (02.12.24)"},"content":{"rendered":"<style type=\"text\/css\">\r\n\t.ads_top_disp{}\r\n\t.ads_top_corner_disp{ float:left; margin:0px 10px 10px 0px; }\r\n\t.ads_first_p_disp{}\r\n\t.ads_bottom_disp{}\r\n\t<\/style>\n<h2 class=\"wp-block-heading\">Polizeimeldungen vom Montag (02.12.2024)<\/h2>\n\n\n<div class=\"wp-block-image\">\n<figure class=\"aligncenter size-full\"><img decoding=\"async\" loading=\"lazy\" width=\"375\" height=\"500\" src=\"https:\/\/speyer24news.com\/wp-content\/uploads\/2022\/03\/Aktuelles-Polizeilogo.jpg\" alt=\"\" class=\"wp-image-43591\" srcset=\"https:\/\/speyer24news.com\/wp-content\/uploads\/2022\/03\/Aktuelles-Polizeilogo.jpg 375w, https:\/\/speyer24news.com\/wp-content\/uploads\/2022\/03\/Aktuelles-Polizeilogo-225x300.jpg 225w\" sizes=\"(max-width: 375px) 100vw, 375px\" \/><\/figure><\/div>\n\n\n<h2 class=\"wp-block-heading\">(Speyer) &#8211; Unfall an Vier-Wege-Kreuzung<\/h2>\n\n\n\n<p>Am Sonntagnachmittag gegen 14:55 Uhr ereignete sich an der Kreuzung L 528 \/ K 15 ein Verkehrsunfall, bei dem eine Person verletzt wurde. Aus Richtung B\u00f6hl-Iggelheim kam ein 60-j\u00e4hriger Pkw-Fahrer, aus Richtung Dudenhofen kam eine 63-j\u00e4hrige Autofahrerin an die Kreuzung herangefahren. Die 63-J\u00e4hrige wollte nach links in Richtung B\u00f6hl-Iggelheim abbiegen, \u00fcbersah dabei jedoch den herannahenden Pkw. Es kam zur Kollision. Der Wagen der Frau drehte sich und kam auf der gegen\u00fcberliegenden Stra\u00dfenseite zum Stehen. Sie wurde sp\u00e4ter durch den Rettungsdienst mit Verdacht auf HWS-Syndrom in ein Krankenhaus gebracht. Die Insassen des anderen Fahrzeugs blieben unverletzt. Beide Pkw waren nicht mehr fahrbereit und mussten abgeschleppt werden. Bis zu deren Abtransport musste die Polizei den Kreuzungsbereich teilweise sperren. Der Gesamtschaden bel\u00e4uft sich sch\u00e4tzungsweise auf etwa 20.000 Euro.<\/p>\n\n\n\n<h2 class=\"wp-block-heading\">(Mutterstadt) &#8211; Einbruch in Pkw<\/h2>\n\n\n\n<p>In der Nacht vom 30.11.2024 auf 01.12.2024 schlug eine unbekannte T\u00e4terschaft die Scheibe eines in der Bohligstra\u00dfe geparkten Pkw ein und verschaffte sich somit Zugriff in das Innere des Fahrzeuges. Hieraus wurde dann eine Uhr entwendet, deren Wert von dem Gesch\u00e4digten auf circa 400 Euro gesch\u00e4tzt angegeben wurde. <\/p>\n\n\n\n<ul>\n<li><strong>Hinweise nimmt die Polizeiinspektion Schifferstadt unter der Telefonnummer 06235 &#8211; 495 &#8211; 0 oder per E-Mail (<a href=\"mailto:pischifferstadt@polizei.rlp.de\">pischifferstadt@polizei.rlp.de<\/a>) entgegen.<\/strong><\/li>\n<\/ul>\n\n\n\n<h2 class=\"wp-block-heading\">(Schwegenheim) &#8211; Vorsicht vor Betrugsabsichten!<\/h2>\n\n\n<div class=\"wp-block-image\">\n<figure class=\"aligncenter size-full\"><img decoding=\"async\" loading=\"lazy\" width=\"800\" height=\"592\" src=\"https:\/\/speyer24news.com\/wp-content\/uploads\/2023\/02\/Achtung.jpeg\" alt=\"\" class=\"wp-image-51381\" srcset=\"https:\/\/speyer24news.com\/wp-content\/uploads\/2023\/02\/Achtung.jpeg 800w, https:\/\/speyer24news.com\/wp-content\/uploads\/2023\/02\/Achtung-300x222.jpeg 300w, https:\/\/speyer24news.com\/wp-content\/uploads\/2023\/02\/Achtung-768x568.jpeg 768w, https:\/\/speyer24news.com\/wp-content\/uploads\/2023\/02\/Achtung-80x60.jpeg 80w\" sizes=\"(max-width: 800px) 100vw, 800px\" \/><\/figure><\/div>\n\n\n<p>Am Samstagnachmittag, den 30.11.2024, wurde ein Verkehrsteilnehmer von einer bislang unbekannten m\u00e4nnlichen Person auf der B9 im Bereich der Abfahrt zur B272 angehalten. Zun\u00e4chst bat der Mann um Geld f\u00fcr eine Tankf\u00fcllung. Anschlie\u00dfend bot er dem Verkehrsteilnehmer Goldschmuck an. Der Verkehrsteilnehmer lehnte beides ab.<\/p>\n\n\n\n<p>Kurz zuvor wurde der Polizeiinspektion Germersheim mitgeteilt, dass ein unbekannter Mann auf dem Parkplatz eines Supermarktes ebenfalls Schmuck anbieten w\u00fcrde.<\/p>\n\n\n\n<p>Ob die beiden Sachverhalte miteinander in Verbindung stehen, ist derzeit unklar. Die Ermittlungen wurden aufgenommen.<\/p>\n\n\n\n<ul>\n<li><strong>Zeugen werden gebeten sich per Email an\u00a0<a href=\"mailto: pigermersheim@polizei.rlp.de\">pigermersheim@polizei.rlp.de<\/a>\u00a0oder telefonisch unter 07274-9580 bei der Polizeiinspektion Germersheim zu melden.<\/strong><\/li>\n<\/ul>\n\n\n\n<h2 class=\"wp-block-heading\">(Germersheim) &#8211; Vorfahrt missachtet und Unfall verursacht<\/h2>\n\n\n\n<p>Am Samstag, den 30.11.024, gegen 13:00 Uhr, befuhr ein 42-j\u00e4hriger PKW-Fahrer die Bahnhofstra\u00dfe und wollte nach links auf die K31 in Fahrtrichtung Lingenfeld abbiegen. Hierbei \u00fcbersah er einen bevorrechtigten 26-j\u00e4hrigen Verkehrsteilnehmer mit seinem Fahrzeug und kollidierte mit diesem. An beiden Fahrzeugen entstand Sachschaden. Das Fahrzeug des 42-J\u00e4hrigen war nicht mehr fahrbereit und musste abgeschleppt werden. Die Gesamtschadensh\u00f6he wird auf ca. 15.000 Euro gesch\u00e4tzt. Beide Verkehrsunfallbeteiligte blieben unverletzt.<\/p>\n\n\n\n<h2 class=\"wp-block-heading\">(Landau \/ Herxheim) &#8211; Schulweg\u00fcberwachung der Polizei Landau \/ Schwerpunktkontrolle Verkehrssicherheit Fahrr\u00e4der Beleuchtung<a href=\"https:\/\/www.facebook.com\/sharer.php?u=https%3A%2F%2Fwww.presseportal.de%2Fblaulicht%2Fpm%2F117686%2F5921216%2F%3Futm_source%3Dfacebook%26utm_medium%3Dsocial\"><\/a><a href=\"https:\/\/twitter.com\/intent\/tweet?text=POL-PDLD%3A%20Schulweg%C3%BCberwachung%20der%20Polizei%20Landau%20-%20Schwerpunktkontrolle%20Verkehrssicherheit%20Fahrr%C3%A4der%20%2F%20Beleuchtung&amp;url=https%3A%2F%2Fwww.presseportal.de%2Fblaulicht%2Fpm%2F117686%2F5921216%2F%3Futm_source%3Dtwitter%26utm_medium%3Dsocial&amp;hashtags=ots&amp;lang=de\"><\/a><a href=\"https:\/\/web.whatsapp.com\/send?text=POL-PDLD%3A%20Schulweg%C3%BCberwachung%20der%20Polizei%20Landau%20-%20Schwerpunktkontrolle%20Verkehrssicherheit%20Fahrr%C3%A4der%20%2F%20Beleuchtung%0A%0Ahttps%3A%2F%2Fwww.presseportal.de%2Fblaulicht%2Fpm%2F117686%2F5921216%2F%3Futm_source%3Dwhatsapp%26utm_medium%3Dsocial\"><\/a><a href=\"https:\/\/www.xing.com\/app\/user?op=share;url=https%3A%2F%2Fwww.presseportal.de%2Fblaulicht%2Fpm%2F117686%2F5921216%2F%3Futm_source%3Dxing%26utm_medium%3Dsocial\"><\/a><a href=\"http:\/\/www.linkedin.com\/shareArticle?mini=true&amp;url=https%3A%2F%2Fwww.presseportal.de%2Fblaulicht%2Fpm%2F117686%2F5921216%2F%3Futm_source%3Dlinkedin%26utm_medium%3Dsocial&amp;title=POL-PDLD%3A+Schulweg%C3%BCberwachung+der+Polizei+Landau+-+Schwerpunktkontrolle+Verkehrssicherheit+Fahrr%C3%A4der+%2F+Beleuchtung\"><\/a><a href=\"mailto:?subject=POL-PDLD%3A%20Schulweg%C3%BCberwachung%20der%20Polizei%20Landau%20-%20Schwerpunktkontrolle%20Verkehrssicherheit%20Fahrr%C3%A4der%20%2F%20Beleuchtung&amp;body=https:\/\/www.presseportal.de\/blaulicht\/pm\/117686\/5921216\"><\/a><\/h2>\n\n\n<div class=\"wp-block-image\">\n<figure class=\"aligncenter\"><a href=\"https:\/\/cache.pressmailing.net\/thumbnail\/story_hires\/a52a7b0d-b8a2-45ec-ace6-e370d60fb44f\/FahrradkontrollePolizei.JPG.jpg\"><img decoding=\"async\" src=\"https:\/\/cache.pressmailing.net\/thumbnail\/story_big\/a52a7b0d-b8a2-45ec-ace6-e370d60fb44f\/pol-pdld-schulweg-berwachung-der-polizei-landau-schwerpunktkontrolle-verkehrssicherheit-fahrr-der-be\" alt=\"POL-PDLD: Schulweg\u00fcberwachung der Polizei Landau - Schwerpunktkontrolle Verkehrssicherheit Fahrr\u00e4der \/ Beleuchtung\"\/><\/a><\/figure><\/div>\n\n\n<p>Am Montag den 02.12.2024 f\u00fchrte die Polizei Landau zu Schulbeginn an den Schulen ESG und IGS in Landau, sowie im Bereich des Pamina-Schulzentrums in Herxheim, Schulweg\u00fcberwachungen durch. Der Schwerpunkt der Kontrollen lag auf der Verkehrssicherheit der genutzten Fahrr\u00e4der. Die Polizeibeamten hielten insbesondere Sch\u00fclerinnen und Sch\u00fcler an, bei denen die Beleuchtung am Fahrrad augenscheinlich nicht funktionierte. Insgesamt wurden bei 49 Fahrr\u00e4dern entsprechende M\u00e4ngel festgestellt. Die jeweiligen Schulen unterst\u00fctzen, in Kooperation mit der Polizei, diese wichtige Verkehrssicherheitsarbeit in der dunklen Jahreszeit.<\/p>\n\n\n\n<p>Bei den Kontrollen fiel auf, dass viele Sch\u00fclerinnen und Sch\u00fcler auf dem Schulweg ohne Helm unterwegs sind. Die Polizei Landau r\u00e4t dazu: Obwohl es keine gesetzliche Pflicht zum Tragen eines Fahrradhelmes gibt &#8211; investieren Sie in Ihre eigene Sicherheit und in die Sicherheit ihrer Kinder. Tragen Sie immer einen Fahrradhelm! Denn Fahrradhelme retten Leben!<\/p>\n\n\n\n<h2 class=\"wp-block-heading\">(Landau) &#8211; Kleinkraftrad entwendet und angez\u00fcndet \/ Zeugen gesucht<\/h2>\n\n\n\n<p>In der Nacht von Samstag auf Sonntag (30.11.2024 &#8211; 01.12.2024) wurde durch unbekannte T\u00e4ter ein Kleinkraftrad entwendet, welches in der Frankweilerstra\u00dfe in Landau-Godramstein abgestellt war. Besagtes Kleinkraftrad konnte am Sonntagvormittag auf einem Feldweg zwischen Godramstein und Frankweiler aufgefunden werden. Das Kleinkraftrad war komplett ausgebrannt. Es muss davon ausgegangen werden, dass dieses mutwillig angez\u00fcndet wurde. Die Schadensh\u00f6he betr\u00e4gt circa 300 Euro. Ein Strafverfahren wurde eingeleitet und die Ermittlungen aufgenommen. <\/p>\n\n\n\n<ul>\n<li><strong>Die Polizei bittet Zeugen, die Hinweise zu der Tat oder dem T\u00e4ter geben k\u00f6nnen sich per Email an\u00a0<a href=\"mailto: pilandau@polizei.rlp.de\">pilandau@polizei.rlp.de<\/a>\u00a0oder telefonisch unter 06341-287-0 bei der Polizeiinspektion Landau zu melden.<\/strong><\/li>\n<\/ul>\n\n\n\n<h2 class=\"wp-block-heading\">(St. Martin) &#8211; Polizeibeamtin mit Tierliebe<\/h2>\n\n\n\n<p>Ein 21 Jahre alter Autofahrer hatte am Sonntagabend (01.12.2024, 22 Uhr) auf der Totenkopfstra\u00dfe bei St. Martin eine Katze angefahren. Aufgrund der Kollision wurde das Tier an den Hinterl\u00e4ufen schwer verletzt und hatte sich in einem angrenzenden Bach verkrochen. Trotz Dunkelheit und unwegsamen Gel\u00e4nde arbeitete sich eine 24 Jahre alte Polizeibeamtin der Polizei Edenkoben in dem Bachlauf nach vorne und konnte das verletzte Tier retten. Anschlie\u00dfend wurde die Katze einem tier\u00e4rztlichen Notdienst in Schweighofen \u00fcberstellt.<\/p>\n\n\n\n<h2 class=\"wp-block-heading\">(Neustadt) &#8211; Gurtversto\u00df f\u00fchrt letztlich zur Blutprobe<\/h2>\n\n\n\n<p>Am 02.12.2024 um 10:20 Uhr wurde ein 34-J\u00e4hriger aus der VG Maikammer mit seinem Peugeot in der Landauer Stra\u00dfe einer Verkehrskontrolle unterzogen, da dieser keinen Sicherheitsgurt angelegt hatte. Im Verlauf der Ma\u00dfnahme konnte zudem festgestellt werden, dass der Fahrer unter dem Einfluss von Cannabis stand. Daher wurde ihm eine Blutprobe entnommen und dessen Fahrzeugschl\u00fcssel sichergestellt. Nun muss sich der 34-J\u00e4hrige in einem Ordnungswidrigkeitenverfahren verantworten. Au\u00dferdem wird die F\u00fchrerscheinstelle \u00fcber den Vorfall in Kenntnis gesetzt.<\/p>\n\n\n\n<h2 class=\"wp-block-heading\">(Neustadt) &#8211; Sein Fahrzeug erstmal los&#8230;<\/h2>\n\n\n\n<p>&#8230; ist ein 43-J\u00e4hriger aus Neustadt\/W., welcher am 02.12.2024 um 10:15 Uhr in der Landauer Stra\u00dfe in 67433 Neustadt\/W. mit seinem Renault einer Verkehrskontrolle unterzogen wurde. Im Verlauf der Kontrolle wurde n\u00e4mlich bekannt, dass der Fahrer nicht im Besitz einer Fahrerlaubnis ist und unter dem Einfluss von Amfetamin, Metamfetamin und THC stand. Diesem wurde im Anschluss eine Blutprobe entnommen. Ferner war sein Fahrzeug zur Entstempelung aufgrund eines fehlenden Versicherungsschutzes ausgeschrieben. Da der Neustadter in den vergangenen Jahren bereits nun schon das vierte Mal wegen des Fahrens ohne Fahrerlaubnis in Erscheinung trat, wurde dessen Fahrzeug sichergestellt. Nun kommt auf den Mann erneut ein Strafverfahren wegen zahlreicher Delikte, sowie ein Ordnungswidrigkeitenverfahren wegen der Fahrt unter Drogeneinfluss zu. Zudem wird die zust\u00e4ndige F\u00fchrerscheinstelle informiert.<\/p>\n\n\n\n<h2 class=\"wp-block-heading\">(Kirchheim) &#8211; Drogentest positiv<\/h2>\n\n\n\n<p>Am 02.12.24, kurz nach Mitternacht, wurde in der Kleinkarlbacher Stra\u00dfe ein 22 Jahre alter Autofahrer durch Beamte der Polizeiinspektion Gr\u00fcnstadt kontrolliert. Im Rahmen dieser allgemeinen Verkehrskontrolle waren an dem Mann Auff\u00e4lligkeiten feststellbar, die auf einen vorangegangenen Bet\u00e4ubungsmittelkonsum schlie\u00dfen lassen. Ein Urintest best\u00e4tigte den Verdacht, denn dieser zeigte THC positiv an. Der 22-J\u00e4hrige durfte seine Fahrt nicht fortsetzen, au\u00dferdem wurde die Entnahme einer Blutprobe angeordnet. Deren Untersuchungsergebnis wird zeigen, in welcher Konzentration der Cannabis-Wirkstoff im Blut nachzuweisen ist. Dieser Wert ist f\u00fcr das Ordnungswidrigkeitenverfahren ma\u00dfgeblich. Seit dem 22.08.2024 liegt der Grenzwert bei 3,5 ng THC\/ml Blutserum.<\/p>\n\n\n\n<h2 class=\"wp-block-heading\">(Gr\u00fcnstadt) &#8211; Ohne F\u00fchrerschein, daf\u00fcr unter Drogen mit dem Auto unterwegs<\/h2>\n\n\n\n<p>Am Montag, dem 02.12.2024, bemerkte um 15:45 Uhr eine Streife der Polizeiinspektion Gr\u00fcnstadt im Albsheimer Weg ein Fahrzeug mit defektem Abblendlicht. Aus diesem Anlass kam es im Anschluss zur Verkehrskontrolle, in deren Verlauf die Beamten Auffallerscheinungen bei dem 45 Jahre alten Fahrzeugf\u00fchrer feststellten, die auf einen vorangegangenen Bet\u00e4ubungsmittelkonsum hindeuteten. Au\u00dferdem ist er schon seit mehreren Jahren nicht mehr im Besitz einer g\u00fcltigen Fahrerlaubnis. Ein Urin-Schnelltest reagierte im Anschluss positiv auf THC, Amphetamin und Methamphetamin. Daraufhin wurde die Weiterfahrt untersagt und die Entnahme einer Blutprobe angeordnet. Deren Untersuchungsergebnis wird zeigen, in welcher Konzentration die Stoffgruppe im Blut nachweisbar ist. Des Weiteren fiel den Beamten gegen 17:45 Uhr ein E-Scooter-Fahrer im Bereich der Carl-Zeiss-Stra\u00dfe auf. Im Rahmen der anschlie\u00dfenden allgemeinen Verkehrskontrolle konnten auch bei diesem drogentypische Auffallerscheinungen festgestellt werden. Der anschlie\u00dfend durchgef\u00fchrte freiwillige Urin-Schnelltest reagierte auch hier positiv auf THC. Auch ihm wurde die Weiterfahrt untersagt. Das Ergebnis der Blutuntersuchung wird zeigen, ob der gesetzliche Wirkungsgrenzwert von 3,5 ng\/ml erreicht wird und eine Sanktion im Ordnungswidrigkeitenverfahren folgt.<\/p>\n\n\n\n<h2 class=\"wp-block-heading\">(Gr\u00fcnstadt) &#8211; Wohnungseinbruch<\/h2>\n\n\n\n<p>In dem Zeitraum 29.11.24, 22:00 Uhr, bis 30.11.24, 03:40 Uhr, wurde in eine Wohnung in einem Mehrfamilienhaus in der Dr. Hans-B\u00f6ckler-Stra\u00dfe eingebrochen. Unbekannte hebelten die Wohnungst\u00fcr auf. Es wurden Schmuck und ein Smartphone entwendet. <\/p>\n\n\n\n<ul>\n<li><strong>Wer Hinweise zur Tat geben kann oder im fraglichen Zeitraum verd\u00e4chtige Beobachtungen gemacht hat, wird gebeten, sich mit der Polizeiinspektion Gr\u00fcnstadt unter 06359 9312-0 oder per E-Mail unter\u00a0<a href=\"mailto: pigruenstadt@polizei.rlp.de\">pigruenstadt@polizei.rlp.de<\/a>\u00a0in Verbindung zu setzen.<\/strong><\/li>\n<\/ul>\n\n\n\n<h2 class=\"wp-block-heading\">(Ludwigshafen \/ Mainz) &#8211; Leiter der Kriminalinspektion Ludwigshafen 2 wechselt zum Landeskriminalamt<a href=\"https:\/\/www.facebook.com\/sharer.php?u=https%3A%2F%2Fwww.presseportal.de%2Fblaulicht%2Fpm%2F117696%2F5921596%2F%3Futm_source%3Dfacebook%26utm_medium%3Dsocial\"><\/a><a href=\"https:\/\/twitter.com\/intent\/tweet?text=POL-PPRP%3A%20Leiter%20der%20Kriminalinspektion%20Ludwigshafen%202%20wechselt%20zum%20Landeskriminalamt&amp;url=https%3A%2F%2Fwww.presseportal.de%2Fblaulicht%2Fpm%2F117696%2F5921596%2F%3Futm_source%3Dtwitter%26utm_medium%3Dsocial&amp;hashtags=ots&amp;lang=de\"><\/a><a href=\"https:\/\/web.whatsapp.com\/send?text=POL-PPRP%3A%20Leiter%20der%20Kriminalinspektion%20Ludwigshafen%202%20wechselt%20zum%20Landeskriminalamt%0A%0Ahttps%3A%2F%2Fwww.presseportal.de%2Fblaulicht%2Fpm%2F117696%2F5921596%2F%3Futm_source%3Dwhatsapp%26utm_medium%3Dsocial\"><\/a><a href=\"https:\/\/www.xing.com\/app\/user?op=share;url=https%3A%2F%2Fwww.presseportal.de%2Fblaulicht%2Fpm%2F117696%2F5921596%2F%3Futm_source%3Dxing%26utm_medium%3Dsocial\"><\/a><a href=\"http:\/\/www.linkedin.com\/shareArticle?mini=true&amp;url=https%3A%2F%2Fwww.presseportal.de%2Fblaulicht%2Fpm%2F117696%2F5921596%2F%3Futm_source%3Dlinkedin%26utm_medium%3Dsocial&amp;title=POL-PPRP%3A+Leiter+der+Kriminalinspektion+Ludwigshafen+2+wechselt+zum+Landeskriminalamt\"><\/a><a href=\"mailto:?subject=POL-PPRP%3A%20Leiter%20der%20Kriminalinspektion%20Ludwigshafen%202%20wechselt%20zum%20Landeskriminalamt&amp;body=https:\/\/www.presseportal.de\/blaulicht\/pm\/117696\/5921596\"><\/a><\/h2>\n\n\n<div class=\"wp-block-image\">\n<figure class=\"aligncenter\"><a href=\"https:\/\/cache.pressmailing.net\/thumbnail\/story_hires\/ee2f7a34-1952-49d1-9d57-f39d05dc3cf3\/JensBo776hleNovember2024-5.jpg.jpg\"><img decoding=\"async\" src=\"https:\/\/cache.pressmailing.net\/thumbnail\/story_big\/ee2f7a34-1952-49d1-9d57-f39d05dc3cf3\/pol-pprp-leiter-der-kriminalinspektion-ludwigshafen-2-wechselt-zum-landeskriminalamt\" alt=\"POL-PPRP: Leiter der Kriminalinspektion Ludwigshafen 2 wechselt zum Landeskriminalamt\"\/><\/a><\/figure><\/div>\n\n\n<p>Mit Wirkung zum Montag (02.12.2024) wurde Kriminaldirektor Jens B\u00f6hle die Leitung einer Abteilung im Landeskriminalamt in Mainz \u00fcbertragen, die sich zuk\u00fcnftig mit der digitalen Einsatz- und Ermittlungsunterst\u00fctzung sowie dem Ph\u00e4nomenbereich Cybercrime besch\u00e4ftigt.<\/p>\n\n\n\n<p>Jens B\u00f6hle wechselte 2019 vom Landeskriminalamt zum Polizeipr\u00e4sidium Rheinpfalz, wo er zun\u00e4chst die Kriminalinspektion Ludwigshafen leitete. Im Oktober 2023 \u00fcbertrug man ihm zun\u00e4chst die Leitung der Zentralen Kriminalinspektion in Ludwigshafen und nach der Neugliederung der Kriminalpolizei die Kriminalinspektion 2. Au\u00dferdem war er stellvertretender Leiter der Kriminaldirektion Ludwigshafen. Wer die Nachfolge des 43-J\u00e4hrigen antritt ist noch offen.<\/p>\n\n\n\n<p>Jens B\u00f6hle wurde 2001 bei der Polizei des Landes Rheinland-Pfalz eingestellt. Nach dem Studium an der der Hochschule der Polizei Rheinland-Pfalz und Verwendung bei der Bereitschaftspolizei, war er ab 2006 in verschiedenen Funktionen im Polizeipr\u00e4sidium Rheinpfalz t\u00e4tig. Nach dem Studium an der Deutschen Hochschule der Polizei in M\u00fcnster und dem sich daran anschlie\u00dfenden Aufstieg in den h\u00f6heren Polizeidienst war er zun\u00e4chst ab 2015 Dozent f\u00fcr Kriminalistik an der Hochschule der Polizei Rheinland-Pfalz. Danach war der Jens B\u00f6hle Dezernatsleiter und stellvertretender Abteilungsleiter im Landeskriminalamt Rheinland-Pfalz bevor er nach Ludwigshafen wechselte.<\/p>\n\n\n\n<p>Das Polizeipr\u00e4sidium Rheinpfalz mit Sitz in Ludwigshafen am Rhein ist zust\u00e4ndig f\u00fcr die Sicherheit von \u00fcber 900.000 Menschen. Der Dienstbezirk der Beh\u00f6rde mit ihren rund 2.200 Mitarbeiterinnen und Mitarbeitern umfasst auf etwa 2.400 Quadratkilometern die komplette Vorder- und S\u00fcdpfalz mit dem Rhein-Pfalz-Kreis, den Landkreisen Bad D\u00fcrkheim, Germersheim und S\u00fcdliche Weinstra\u00dfe sowie den kreisfreien St\u00e4dten Frankenthal (Pfalz), Landau in der Pfalz, Ludwigshafen am Rhein, Neustadt a.d.W. und Speyer.<\/p>\n\n\n\n<p>Wenn Sie einen Einblick in unsere Arbeit gewinnen wollen, schauen Sie sich gerne unter&nbsp;<a target=\"_blank\" rel=\"noreferrer noopener\" href=\"https:\/\/s.rlp.de\/YwRYe\">https:\/\/s.rlp.de\/YwRYe<\/a>&nbsp;unseren Film &#8222;Wir f\u00fcr die Pfalz&#8220; an oder werfen einen Blick in unsere bildgewaltige und informative Brosch\u00fcre unter&nbsp;<a target=\"_blank\" rel=\"noreferrer noopener\" href=\"https:\/\/s.rlp.de\/Hq6Al\">https:\/\/s.rlp.de\/Hq6Al<\/a>. Sie werden \u00fcberrascht sein, was wir alles machen.<\/p>\n\n\n\n<h2 class=\"wp-block-heading\">(Ludwigshafen) &#8211; \u00d6ffentlichkeitsfahndung nach 16-j\u00e4hriger Jugendlichen<\/h2>\n\n\n<div class=\"wp-block-image\">\n<figure class=\"aligncenter size-full\"><img decoding=\"async\" loading=\"lazy\" width=\"600\" height=\"400\" src=\"https:\/\/speyer24news.com\/wp-content\/uploads\/2020\/07\/Vermisste-Person-Personensuche-1.jpg\" alt=\"\" class=\"wp-image-29028\" srcset=\"https:\/\/speyer24news.com\/wp-content\/uploads\/2020\/07\/Vermisste-Person-Personensuche-1.jpg 600w, https:\/\/speyer24news.com\/wp-content\/uploads\/2020\/07\/Vermisste-Person-Personensuche-1-300x200.jpg 300w\" sizes=\"(max-width: 600px) 100vw, 600px\" \/><\/figure><\/div>\n\n\n<p>Seit Donnerstag dem 28.11.2024, wird eine in Ludwigshafen wohnende 16-j\u00e4hrige vermisst. Sie verlie\u00df am 28.11.2024 ihre Wohneinrichtung in Ludwigshafen und kehrte nicht dorthin zur\u00fcck. Seitdem ist ihr Aufenthaltsort unbekannt. Durch die bisherigen polizeilichen Ma\u00dfnahmen konnte die 16-J\u00e4hrige nicht aufgefunden werden, so dass wir die \u00d6ffentlichkeit um Mithilfe bitten.<\/p>\n\n\n\n<h4 class=\"wp-block-heading\">Beschreibung der 16-J\u00e4hrigen:<\/h4>\n\n\n\n<ul>\n<li><strong>ca. 165 gro\u00df<\/strong><\/li>\n\n\n\n<li><strong>kr\u00e4ftige Statur<\/strong><\/li>\n\n\n\n<li><strong>Blonde schulterlange Haare<\/strong><\/li>\n\n\n\n<li><strong>Lange Fingern\u00e4gel<\/strong><\/li>\n\n\n\n<li><strong>Braune Augen<\/strong><\/li>\n\n\n\n<li><strong>Schuhgr\u00f6\u00dfe 41<\/strong><\/li>\n<\/ul>\n\n\n\n<h4 class=\"wp-block-heading\"><strong>Weitere Informationen und das Lichtbild der Vermissten finden Sie hier:\u00a0<a href=\"https:\/\/s.rlp.de\/ZJOdlVt\" target=\"_blank\" rel=\"noreferrer noopener\">https:\/\/s.rlp.de\/ZJOdlVt<\/a><\/strong><\/h4>\n\n\n\n<ul>\n<li><strong>Zeugen, die Hinweise auf den Aufenthalt der Vermissten geben k\u00f6nnen, werden gebeten, sich unter der Telefonnummer 0621-963-24250 an die Polizeiinspektion Ludwigshafen 2 zu wenden.<\/strong><\/li>\n<\/ul>\n\n\n\n<p>Wenn Sie die Vermisste sehen, behalten Sie diese bitte im Blick und verst\u00e4ndigen Sie \u00fcber den Notruf 110 die Polizei!<\/p>\n\n\n\n<h2 class=\"wp-block-heading\">(Ludwigshafen) &#8211; Einbruch in Baucontainer \/ Zeugen gesucht<\/h2>\n\n\n\n<p>Zwischen Samstag (30.11.2024), 12 Uhr, und Sonntag (01.12.2024), 18:45 Uhr, brachen Unbekannte einen Baucontainer auf einer Baustelle in der Freiastra\u00dfe auf und entwendeten Werkzeug im Wert von circa 1.000 Euro.<\/p>\n\n\n\n<ul>\n<li><strong>Wer hat die Tat beobachtet und kann Hinweise auf die T\u00e4ter geben? Hinweise bitte an die Polizeiinspektion Ludwigshafen 2, Telefonnummer 0621 963- 24250 oder per E-Mail\u00a0<a href=\"mailto: piludwigshafen2@polizei.rlp.de\">piludwigshafen2@polizei.rlp.de<\/a>\u00a0.<\/strong><\/li>\n<\/ul>\n\n\n\n<h2 class=\"wp-block-heading\">(Ludwigshafen) &#8211; Waschmaschinenbrand<\/h2>\n\n\n\n<p>Am Sonntag (01.12.2024), gegen 17:25 Uhr, geriet eine Waschmaschine in einer Wohnung in der Richard-Wagner-Stra\u00dfe aufgrund eines technischen Defekts in Brand. Sie konnte durch die Feuerwehr gel\u00f6scht werden, bevor der Brand auf die Wohnung \u00fcbergriff.<\/p>\n\n\n\n<h2 class=\"wp-block-heading\">(Ludwigshafen) &#8211; E-Scooter-Fahrer bei Unfall verletzt \/ Zeugen gesucht<\/h2>\n\n\n\n<p>Am Sonntag (01.12.2024), gegen 9:30 Uhr, war ein 15-J\u00e4hriger mit einem E-Scooter in der Kanalstra\u00dfe unterwegs. An der Kreuzung zur Hartmannstra\u00dfe bog der Jugendliche nach rechts ab. Ein auf der Hartmannstra\u00dfe in Richtung Havering-Allee fahrender Autofahrer missachtete die Vorfahrt des Rollerfahrers und hupte, wodurch sich dieser erschreckte und st\u00fcrzte. Der 15-J\u00e4hrige verletzte sich leicht. Der Fahrer des schwarzen Autos setzte seine Fahrt fort.<\/p>\n\n\n\n<ul>\n<li><strong>Wer hat den Vorfall beobachtet und kann Hinweise auf die Identit\u00e4t des Autofahrers geben? Hinweise bitte an die Polizeiinspektion Ludwigshafen 2, Telefonnummer 0621 963- 24250 oder per E-Mail\u00a0<a href=\"mailto: piludwigshafen2@polizei.rlp.de\">piludwigshafen2@polizei.rlp.de<\/a>\u00a0. <\/strong><\/li>\n<\/ul>\n\n\n\n<h2 class=\"wp-block-heading\">(Ludwigshafen) &#8211; Rollerdiebstahl \/ Zeugen gesucht<\/h2>\n\n\n\n<p>Zwischen Samstag (30.11.2024), 22 Uhr, und Sonntag (01.12.2024), 9 Uhr, entwendeten Unbekannte einen in der Adolf-Diesterweg-Stra\u00dfe abgestellten Motorroller im Wert von circa 500 Euro.<\/p>\n\n\n\n<ul>\n<li><strong>Wer hat die Tat beobachtet und kann Hinweise auf die T\u00e4ter geben? Hinweise bitte an die Polizeiinspektion Ludwigshafen 2, Telefonnummer 0621 963- 24250 oder per E-Mail\u00a0<a href=\"mailto: piludwigshafen2@polizei.rlp.de\">piludwigshafen2@polizei.rlp.de<\/a>\u00a0.\u00a0<\/strong><\/li>\n<\/ul>\n\n\n\n<h2 class=\"wp-block-heading\">(Ludwigshafen) &#8211; Einbruch in G\u00e4rtnerei \/ Zeugen gesucht<\/h2>\n\n\n\n<p>Zwischen Samstag (30.11.2024), 19 Uhr, und Sonntag (01.12.2024), 6:30 Uhr, brachen Unbekannte in eine G\u00e4rtnerei im Alten Frankenthaler Weg ein und entwendeten eine geringe Summe Bargeld.<\/p>\n\n\n\n<ul>\n<li><strong>Wer hat die Tat beobachtet und kann Hinweise auf die T\u00e4ter geben? Hinweise bitte an die Polizeiinspektion Ludwigshafen 2, Telefonnummer 0621 963- 24250 oder per E-Mail\u00a0<a href=\"mailto: piludwigshafen2@polizei.rlp.de\">piludwigshafen2@polizei.rlp.de<\/a>\u00a0.<\/strong><\/li>\n<\/ul>\n\n\n\n<h2 class=\"wp-block-heading\">(Ludwigshafen) &#8211; Versuchter Raub am Bahnhof \/ Zeugen gesucht<\/h2>\n\n\n<div class=\"wp-block-image\">\n<figure class=\"aligncenter size-full\"><img decoding=\"async\" loading=\"lazy\" width=\"801\" height=\"600\" src=\"https:\/\/speyer24news.com\/wp-content\/uploads\/2020\/05\/Zeugen-gesucht-Neutral.jpg\" alt=\"\" class=\"wp-image-26598\" srcset=\"https:\/\/speyer24news.com\/wp-content\/uploads\/2020\/05\/Zeugen-gesucht-Neutral.jpg 801w, https:\/\/speyer24news.com\/wp-content\/uploads\/2020\/05\/Zeugen-gesucht-Neutral-300x225.jpg 300w, https:\/\/speyer24news.com\/wp-content\/uploads\/2020\/05\/Zeugen-gesucht-Neutral-768x575.jpg 768w, https:\/\/speyer24news.com\/wp-content\/uploads\/2020\/05\/Zeugen-gesucht-Neutral-678x509.jpg 678w, https:\/\/speyer24news.com\/wp-content\/uploads\/2020\/05\/Zeugen-gesucht-Neutral-326x245.jpg 326w, https:\/\/speyer24news.com\/wp-content\/uploads\/2020\/05\/Zeugen-gesucht-Neutral-80x60.jpg 80w\" sizes=\"(max-width: 801px) 100vw, 801px\" \/><\/figure><\/div>\n\n\n<p>Am Samstag (30.11.2024), gegen 19:20 Uhr, kam es auf dem Bahnsteig des Bahnhofes Ludwigshafen-Mitte zu einer Auseinandersetzung zwischen drei jungen M\u00e4nnern. Hierbei sollen zwei M\u00e4nner den anderen mit einem spitzen Gegenstand bedroht und die Herausgabe von Geld gefordert haben. Im weiteren Verlauf stie\u00dfen die beiden M\u00e4nner den Gesch\u00e4digten in das Gleisbett und fl\u00fcchteten zu Fu\u00df in Richtung Berliner Platz. Der Gesch\u00e4digte stieg aus dem Gleisbett und lief ebenfalls Richtung Berliner Platz davon.<\/p>\n\n\n\n<ul>\n<li><strong>Die zwei Tatverd\u00e4chtigen wurden als dunkel gekleidet und circa 1,75 Meter gro\u00df beschrieben. Einer der beiden hatte einen Vollbart, der andere trug eine schwarze Lederjacke. Der Gesch\u00e4digte soll \u00e4hnlich ausgesehen haben und trug eine etwas hellere Jacke.<\/strong><\/li>\n<\/ul>\n\n\n\n<ul>\n<li><strong>Wer hat die Tat beobachtet und kann Hinweise auf die Identit\u00e4t der M\u00e4nner geben? Hinweise bitte an die Polizeiinspektion Ludwigshafen 1, Telefonnummer 0621 963- 24150 oder per E-Mail\u00a0<a href=\"mailto: piludwigshafen1@polizei.rlp.de\">piludwigshafen1@polizei.rlp.de<\/a>\u00a0.<\/strong><\/li>\n<\/ul>\n\n\n\n<h2 class=\"wp-block-heading\">(Mannheim) &#8211; Verkehrsunfall zwischen Stra\u00dfenbahn und Auto<\/h2>\n\n\n\n<p>Am Sonntagmittag gegen 14:00 Uhr kollidierte auf der R\u00f6ntgenstra\u00dfe in Richtung Uniklinikum Mannheim eine Stra\u00dfenbahn und ein VW, wobei ein Sachschaden in H\u00f6he von 3.000EUR entstand.<\/p>\n\n\n\n<p>Der 37- j\u00e4hrige VW-Fahrer war auf der R\u00f6ntgenstra\u00dfe unterwegs, als er trotz einer roten Ampel nach links in die Bibienastra\u00dfe abbog. Hierbei \u00fcbersah er die in gleiche Richtung fahrende Stra\u00dfenbahn, wodurch es zum Unfall kam. Gl\u00fccklicherweise wurde hierbei niemand verletzt und auch die Fahrzeuge blieben fahrbereit. W\u00e4hrend der Unfallaufnahme musste der Bahnverkehr vor\u00fcbergehend eingestellt werden.<\/p>\n\n\n\n<h2 class=\"wp-block-heading\">(Mannheim) &#8211; Zusammensto\u00df zwischen Auto und Stra\u00dfenbahn \/ Eine Person leicht verletzt<\/h2>\n\n\n\n<p>Bei einer Kollision zwischen einem Auto und einer Stra\u00dfenbahn am Samstagabend im Stadtteil Neuostheim wurde ein 61-j\u00e4hriger Nissan-Fahrer leicht verletzt.<\/p>\n\n\n\n<p>Der 61-J\u00e4hrige war gegen 19.30 Uhr mit seinem Nissan auf der Theodor-Heuss-Anlage in Richtung Mannheim-Seckenheim unterwegs. In H\u00f6he des Carl-Benz-Stadions wendete er sein Fahrzeug und \u00fcberquerte die Stra\u00dfenbahnschienen. Dabei \u00fcbersah er eine in gleiche Richtung fahrende Stra\u00dfenbahn und stie\u00df mit ihr zusammen. Dabei zog sich der Autofahrer leichte Verletzungen zu und wurde zur Behandlung in ein Krankenhaus gebracht. Der Stra\u00dfenbahnf\u00fchrer sowie dessen Fahrg\u00e4ste blieben unverletzt.<\/p>\n\n\n\n<p>An den beiden Fahrzeugen entstand Sachschaden in bislang noch unbekannter H\u00f6he. Der Nissan war nicht mehr fahrbereit und musste abgeschleppt werden.<\/p>\n\n\n\n<p>Der im Nissan befindliche Hund des 61-J\u00e4hrigen, der ebenfalls unverletzt blieb, wurde in die Obhut von Angeh\u00f6rigen gegeben.<\/p>\n\n\n\n<p>Im Anschluss der Unfallaufnahme und Abschleppma\u00dfnahmen wurde die Fahrbahn von Fahrzeugteilen gereinigt. Betriebsfl\u00fcssigkeiten waren nicht ausgetreten.<\/p>\n\n\n\n<h2 class=\"wp-block-heading\">(Mannheim) &#8211; T\u00e4terinnen nach Diebstahl in Bekleidungsgesch\u00e4ft auf frischer Tat erwischt<\/h2>\n\n\n\n<p>Am Samstagnachmittag haben zwei weibliche Personen im Alter von 19 Jahren und 24 Jahren mehr als 100 Artikel aus einem Bekleidungsgesch\u00e4ft im Quadrat Q 7 entwendet.<\/p>\n\n\n\n<p>Die beiden T\u00e4terinnen verstauten gegen 16 Uhr Ware im Wert von knapp 2.000 Euro in Reisekoffern, die sie ebenfalls aus der Auslage entnommen haben. Anschlie\u00dfend haben sie das Gesch\u00e4ft verlassen, ohne die Ware an der Kasse zu bezahlen. Ein Mitarbeiter des Sicherheitsdienstes bemerkte den Vorfall und stellte die Frauen zur Rede. Die hinzugezogene Polizeistreife konnte im weiteren Verlauf die Identit\u00e4ten der Frauen feststellen. Nach den polizeilichen Ma\u00dfnahmen wurden sie entlassen. Beide Frauen m\u00fcssen sich wegen besonders schweren Fall des Diebstahls verantworten.<\/p>\n\n\n\n<p>Das Polizeirevier Mannheim-Innenstadt hat die Ermittlungen aufgenommen.<\/p>\n\n\n\n<h2 class=\"wp-block-heading\">(Mannheim) &#8211; Versuchter Raub auf Collini-Steg \/ Zeugen gesucht<\/h2>\n\n\n<div class=\"wp-block-image\">\n<figure class=\"aligncenter size-full\"><img decoding=\"async\" loading=\"lazy\" width=\"801\" height=\"600\" src=\"https:\/\/speyer24news.com\/wp-content\/uploads\/2020\/05\/Zeugen-gesucht-Neutral.jpg\" alt=\"\" class=\"wp-image-26598\" srcset=\"https:\/\/speyer24news.com\/wp-content\/uploads\/2020\/05\/Zeugen-gesucht-Neutral.jpg 801w, https:\/\/speyer24news.com\/wp-content\/uploads\/2020\/05\/Zeugen-gesucht-Neutral-300x225.jpg 300w, https:\/\/speyer24news.com\/wp-content\/uploads\/2020\/05\/Zeugen-gesucht-Neutral-768x575.jpg 768w, https:\/\/speyer24news.com\/wp-content\/uploads\/2020\/05\/Zeugen-gesucht-Neutral-678x509.jpg 678w, https:\/\/speyer24news.com\/wp-content\/uploads\/2020\/05\/Zeugen-gesucht-Neutral-326x245.jpg 326w, https:\/\/speyer24news.com\/wp-content\/uploads\/2020\/05\/Zeugen-gesucht-Neutral-80x60.jpg 80w\" sizes=\"(max-width: 801px) 100vw, 801px\" \/><\/figure><\/div>\n\n\n<p>Samstagnachmittag zwischen 16:30 Uhr und 16:45 Uhr befand sich eine 25-J\u00e4hrige auf ihrem Weg \u00fcber den Collini-Steg in Richtung Collini-Center, als ihr ein bislang unbekannter Mann entgegenkam, der kurz zuvor \u00fcber den Treppenaufgang vom Cahn-Garnier-Ufer auf den Collini-Steg lief. Als die 25-J\u00e4hrige den mit einem Schal vermummten Mann passierte, fragte er sie nach einem Geldbeutel. Nachdem sie dies verneinte und weiterlief, zog der Unbekannte ihr von hinten an die Haare und tastete erfolglos ihre Jackentaschen ab. Da sich die 25-J\u00e4hrige zur Wehr setze, fiel sie zu Boden, wo der T\u00e4ter mehrmals mit der flachen Hand auf den Kopf der Frau einschlug. Danach fl\u00fcchtete er \u00fcber den Collini-Steg in Richtung Neckarstadt.<\/p>\n\n\n\n<h4 class=\"wp-block-heading\">Die 25-J\u00e4hrige wurde durch den Angriff leicht verletzt. Der T\u00e4ter wird wie folgt beschrieben:<\/h4>\n\n\n\n<ul>\n<li><strong>m\u00e4nnlich, circa 30 und 40 Jahre, normale Statur, braune Augen, osteurop\u00e4ischer Akzent; er trug eine schwarze Wollm\u00fctze, einen Schlauchschal mit blauwei\u00dfem Camouflage-Muster bis \u00fcber die Nase gezogen, schwarze Handschuhe, eine schwarze Hose, dunkelfarbene Schuhe.<\/strong><\/li>\n<\/ul>\n\n\n\n<ul>\n<li><strong>Die Kriminalpolizei hat die weiteren Ermittlungen \u00fcbernommen und sucht Zeugen, die Hinweise auf den T\u00e4ter geben k\u00f6nnen. Diese werden gebeten, sich unter der Telefonnummer 0621\/174-4444 zu melden.<\/strong><\/li>\n<\/ul>\n\n\n\n<h2 class=\"wp-block-heading\">(Mannheim) &#8211; Verkehrsunfall zwischen Mercedes und Stra\u00dfenbahn<\/h2>\n\n\n\n<p>Am Samstagvormittag gegen 11:30 Uhr kollidiert auf der Waldhofstra\u00dfe in Richtung Innenstadt ein 37-j\u00e4hriger Mercedes-Fahrer aufgrund eines Ausweichman\u00f6vers mit der in gleiche Richtung fahrenden Stra\u00dfenbahn.<\/p>\n\n\n\n<p>Der 37-J\u00e4hrige wollte links an einem vorausfahrenden Auto vorbeifahren, welches in die G\u00e4rtnerstra\u00dfe abbog. Hierbei geriet er auf die Bahngleise und \u00fcbersah die von hinten kommende Stra\u00dfenbahn. Dem Fahrer der Stra\u00dfenbahn war es nicht mehr m\u00f6glich, auf den Fahrfehler des Mercedes-Fahrers zu reagieren, wonach es zu Kollision kam. Der Gesamtschaden an beiden Fahrzeugen bel\u00e4uft sich auf circa 12.000 Euro. Es kam gl\u00fccklicherweise zu keinen Verletzungen der Unfallbeteiligten. Auch die etwa 50 Fahrg\u00e4ste der Bahn blieben unverletzt. Der Schienenverkehr musste w\u00e4hrend der Unfallaufnahme vor\u00fcbergehend eingestellt werden.<\/p>\n\n\n\n<h2 class=\"wp-block-heading\">(Mannheim) &#8211; Zeugen nach Angriff mit Pfefferspray gesucht<\/h2>\n\n\n<div class=\"wp-block-image\">\n<figure class=\"aligncenter size-full\"><img decoding=\"async\" loading=\"lazy\" width=\"800\" height=\"533\" src=\"https:\/\/speyer24news.com\/wp-content\/uploads\/2023\/06\/Waffe-Pistole-Ueberfall.jpg\" alt=\"\" class=\"wp-image-52492\" srcset=\"https:\/\/speyer24news.com\/wp-content\/uploads\/2023\/06\/Waffe-Pistole-Ueberfall.jpg 800w, https:\/\/speyer24news.com\/wp-content\/uploads\/2023\/06\/Waffe-Pistole-Ueberfall-300x200.jpg 300w, https:\/\/speyer24news.com\/wp-content\/uploads\/2023\/06\/Waffe-Pistole-Ueberfall-768x512.jpg 768w\" sizes=\"(max-width: 800px) 100vw, 800px\" \/><figcaption class=\"wp-element-caption\">Beispielfoto &#8222;Bedrohung mit (Schu\u00df)Waffe&#8220;, dient lediglich der Visualisierung<\/figcaption><\/figure><\/div>\n\n\n<p>Samstagfr\u00fch gegen 01:15 Uhr wurde ein Sicherheitsmitarbeiter einer Bar in der Jungbuschstra\u00dfe von einem bislang unbekannten T\u00e4ter unvermittelt mit einer Pfefferpistole angegriffen, wodurch dieser Reizungen im Gesicht erlitt. Diese konnten noch vor Ort vom Rettungsdienst behandelt werden. Der T\u00e4ter fl\u00fcchtete in Richtung Innenstadt.<\/p>\n\n\n\n<ul>\n<li><strong>Der T\u00e4ter soll m\u00e4nnlich, circa 170 cm gro\u00df sein mit s\u00fcdl\u00e4ndischem Erscheinungsbild. Er war schwarz gekleidet und trug eine tief ins Gesicht gezogene Kapuze. Eine sofort eingeleitete Fahndung nach dem Unbekannten verlief erfolglos.<\/strong><\/li>\n<\/ul>\n\n\n\n<p>Weshalb der Unbekannte den Sicherheitsmitarbeiter vor dem Eingangsbereich der Bar angriff, ist Gegenstand der weiteren Ermittlungen, die das Polizeirevier Mannheim-Innenstadt aufgenommen hat. <\/p>\n\n\n\n<ul>\n<li><strong>In diesem Zusammenhang werden Zeugen gesucht, die sachdienliche Hinweise geben k\u00f6nnen. Diese werden gebeten, sich unter der Telefonnummer 0621\/1258-0 zu melden.<\/strong><\/li>\n<\/ul>\n\n\n\n<h2 class=\"wp-block-heading\">(Mannheim) &#8211; Wohnungseinbruch in Mehrfamilenhaus \/ Wer hat Verd\u00e4chtiges beobachtet?<\/h2>\n\n\n\n<p>Am Samstag brachen Unbekannte in eine Wohnung in einem Mehrfamilienhaus im Stadtteil Rheinau ein und entwendeten mehrere Schmuckschatullen.<\/p>\n\n\n\n<p>Die Unbekannten \u00f6ffneten auf bislang unbekannte Weise die Haust\u00fcr Mehrfamilienhauses in der Hockenheimer Stra\u00dfe und gelangten so ins Treppenhaus. Im ersten Obergeschoss hebelten sie die T\u00fcr einer Wohnung auf und durchsuchten s\u00e4mtliche Wohnr\u00e4ume. Aus einem Regal entnahmen sie mehrere Schmuckschatullen und lie\u00dfen sie mitgehen. Anschlie\u00dfend verlie\u00dfen sie die Wohnung vermutlich \u00fcber den Balkon und fl\u00fcchteten in unbekannte Richtung.<\/p>\n\n\n\n<p>Bereits am Vortag war einem Anwohner ein unbekannter Mann aufgefallen, der sich in auff\u00e4lliger Weise vor dem Eingang des Hauses aufhielt. Dieser soll etwa 170 cm gro\u00df und schlank gewesen sein. Er war dunkel gekleidet.<\/p>\n\n\n\n<ul>\n<li><strong>Weitere Zeugen, die verd\u00e4chtige Wahrnehmungen gemacht haben und sachdienliche Hinweise geben k\u00f6nnen, werden gebeten, sich unter der Telefonnummer 0621\/83397-0 beim Polizeirevier Mannheim-Neckarau zu melden.<\/strong><\/li>\n<\/ul>\n\n\n\n<h2 class=\"wp-block-heading\">(A 6 \/ Mannheim) &#8211; Auffahrunfall mit sechs beteiligten Fahrzeugen \/ Eine leichtverletzte Person &#8211; ein beteiligtes Fahrzeug fl\u00fcchtig &#8211; Zeugen gesucht.<\/h2>\n\n\n\n<p>Ein Auffahrunfall mit insgesamt sechs beteiligten Fahrzeugen ereignete sich am Freitagabend auf der A 6 bei Mannheim. Dabei wurde eine Beteiligte leicht verletzt. Ein Fahrzeug entfernte sich unerlaubt von der Unfallstelle.<\/p>\n\n\n\n<p>Gegen 18.30 Uhr war ein 37-j\u00e4hriger Mann mit seinem Mercedes auf dem rechten Fahrstreifen der A 6 in Richtung Heilbronn unterwegs. Zwischen dem Autobahnkreuz Viernheim und dem Autobahnkreuz Mannheim musste er im stockenden Verkehr aufgrund eines vor ihm bremsenden Fahrzeuges ebenfalls stark abbremsen. Ein nachfolgender 53-j\u00e4hriger BMW-Fahrer konnte noch rechtzeitig bremsen. Ein dahinter befindlicher unbekannter Fahrzeuglenker fuhr vermutlich dem BMW auf und schob diesen gegen den Mercedes. In der weiteren Folge kollidierten drei weitere Fahrzeuge, ein Renault, ein VW und ein Seat, miteinander und schoben sich gegenseitig aufeinander. Der oder die unbekannte Fahrzeuglenkerin fuhr anschlie\u00dfend, ohne sich weiter um das Geschehene zu k\u00fcmmern, davon.<\/p>\n\n\n\n<p>Der 35-j\u00e4hrige Fahrer des Seat, der als letztes auf die Fahrzeuge prallte, erlitt leichte Verletzungen und begab sich selbst\u00e4ndig in \u00e4rztliche Behandlung.<\/p>\n\n\n\n<p>Insgesamt vier Fahrzeuge waren nicht mehr fahrbereit und mussten abgeschleppt werden. Der Sachschaden wird auf rund 60.000 Euro gesch\u00e4tzt.<\/p>\n\n\n\n<p>W\u00e4hrend Unfallaufnahme und Aufr\u00e4umarbeiten war der rechte Fahrstreifen der A 6 in Fahrtrichtung Heilbronn bis ca. 21.10 Uhr gesperrt. Es bildete sich zeitweise ein R\u00fcckstau von mehreren Kilometern L\u00e4nge.<\/p>\n\n\n\n<ul>\n<li><strong>Zeugen, die den Unfall beobachtet haben und sachdienliche Hinweise zum fl\u00fcchtigen beteiligten Fahrzeug geben k\u00f6nnen, werden gebeten, sich unter der Rufnummer 0621\/47093-0 bei der Autobahnpolizei Mannheim zu melden.<\/strong><\/li>\n<\/ul>\n\n\n\n<h2 class=\"wp-block-heading\">(Mannheim) &#8211; Arbeiten an Heizungsanlage l\u00f6sen Feuerwehr- und Polizeieinsatz aus<\/h2>\n\n\n\n<h3 class=\"wp-block-heading has-text-align-center\">Pressemeldung Nr. 2<\/h3>\n\n\n\n<p>Wie bereits berichtet (<a target=\"_blank\" rel=\"noreferrer noopener\" href=\"http:\/\/presseportal.de\/blaulicht\/pm\/14915\/5920237\">http:\/\/presseportal.de\/blaulicht\/pm\/14915\/5920237<\/a>) l\u00f6sten Arbeiten an der Heizungsanlage in einem Anwesen in der Walldorfer Stra\u00dfe im Stadtteil Rheinau einen Feuerwehr- und Polizeieinsatz aus.<\/p>\n\n\n\n<p>Nach den bisher vorliegen Erkenntnissen, kam es in einem Haus mit zwei Wohnparteien zum Austritt von Kohlenstoffmonoxid. Offenbar hatte der Hauseigent\u00fcmer selbst\u00e4ndig Ver\u00e4nderungen an der Heizungsanlage vorgenommen, die schlie\u00dflich zum Austritt von Kohlenmonoxid gef\u00fchrt hatten.<\/p>\n\n\n\n<p>Die weiteren Ermittlungen durch das Polizeirevier Mannheim-Neckarau dauern an.<\/p>\n\n\n\n<h2 class=\"wp-block-heading\">(Mannheim) &#8211; Tierabwehrspray in Fast-Food-Restaurant verspr\u00fcht \/ Weitere Zeugen und Gesch\u00e4digte gesucht<\/h2>\n\n\n<div class=\"wp-block-image\">\n<figure class=\"aligncenter size-full\"><img decoding=\"async\" loading=\"lazy\" width=\"800\" height=\"605\" src=\"https:\/\/speyer24news.com\/wp-content\/uploads\/2023\/10\/Pfefferspray-Spray-Reizgas.jpg\" alt=\"\" class=\"wp-image-55357\" srcset=\"https:\/\/speyer24news.com\/wp-content\/uploads\/2023\/10\/Pfefferspray-Spray-Reizgas.jpg 800w, https:\/\/speyer24news.com\/wp-content\/uploads\/2023\/10\/Pfefferspray-Spray-Reizgas-300x227.jpg 300w, https:\/\/speyer24news.com\/wp-content\/uploads\/2023\/10\/Pfefferspray-Spray-Reizgas-768x581.jpg 768w, https:\/\/speyer24news.com\/wp-content\/uploads\/2023\/10\/Pfefferspray-Spray-Reizgas-80x60.jpg 80w\" sizes=\"(max-width: 800px) 100vw, 800px\" \/><\/figure><\/div>\n\n\n<p>Nachdem es in einem Fast-Food-Restaurant im innerst\u00e4dtischen Quadrat O7 zwischen zwei weiblichen Personengruppen aus bislang unbekannten Gr\u00fcnden zu einer verbalen Auseinandersetzung kam, spr\u00fchte eine der Beteiligten im Verlauf des Streitgespr\u00e4chs Tierabwehrspray in Richtung der rivalisierenden Personengruppe. In dessen Folge entwickelte sich das Aufeinandertreffen in eine k\u00f6rperliche Auseinandersetzung. Durch die hinzugezogenen Beamten wurden die Streitparteien voneinander getrennt und zum Sachverhalt befragt. Bisherigen Ermittlungen zufolge wurden eine 12, eine 15 sowie eine 17-J\u00e4hrige leicht verletzt. <\/p>\n\n\n\n<ul>\n<li><strong>Das Polizeirevier Mannheim-Innenstadt ermittelt nun wegen der gef\u00e4hrlichen K\u00f6rperverletzung und bittet weitere Zeugen, die sachdienliche Hinweise geben k\u00f6nnen und Gesch\u00e4digte, welche sich wom\u00f6glich noch nicht bei der Polizei gemeldet haben, sich unter der Tel.: 0621 \/ 1258-0 zu melden.<\/strong><\/li>\n<\/ul>\n\n\n\n<h2 class=\"wp-block-heading\">(Mannheim) &#8211; Diebstahl von Baumaschinen aus Laderaum von Transporter \/ Zeugen gesucht!<\/h2>\n\n\n\n<p>Zwischen Donnerstagabend gegen 17:00 Uhr und Freitagmorgen gegen 7:30 Uhr entwendete eine noch unbekannte T\u00e4terschaft aus dem Laderaum eines Ford Transporters mehrere hochwertige Baumaschinen im Wert von circa 15.000 Euro. Die T\u00e4terschaft schlug eine Scheibe des Fahrzeugs ein und gelangte so an die Werkzeuge.<\/p>\n\n\n\n<ul>\n<li><strong>Sachdienliche Hinweise zum Vorfall oder zur T\u00e4terschaft nimmt das Polizeirevier Mannheim-K\u00e4fertal unter der Nummer 0621\/ 71849-233 entgegen.<\/strong><\/li>\n<\/ul>\n\n\n\n<h2 class=\"wp-block-heading\">(Mannheim) &#8211; Nach Raub bei Haltestelle Wallstadt-West Zeugen gesucht<\/h2>\n\n\n<div class=\"wp-block-image\">\n<figure class=\"aligncenter size-full\"><img decoding=\"async\" loading=\"lazy\" width=\"800\" height=\"621\" src=\"https:\/\/speyer24news.com\/wp-content\/uploads\/2021\/07\/Messer-Angriff-Bedrohung-2.jpg\" alt=\"\" class=\"wp-image-38504\" srcset=\"https:\/\/speyer24news.com\/wp-content\/uploads\/2021\/07\/Messer-Angriff-Bedrohung-2.jpg 800w, https:\/\/speyer24news.com\/wp-content\/uploads\/2021\/07\/Messer-Angriff-Bedrohung-2-300x233.jpg 300w, https:\/\/speyer24news.com\/wp-content\/uploads\/2021\/07\/Messer-Angriff-Bedrohung-2-768x596.jpg 768w\" sizes=\"(max-width: 800px) 100vw, 800px\" \/><figcaption class=\"wp-element-caption\">Symbolbild &#8222;\u00dcberfall Messer&#8220;, dient lediglich der Visualisierung<\/figcaption><\/figure><\/div>\n\n\n<p>Bereits am Donnerstagabend um 20:40 Uhr soll ein 17-J\u00e4hriger an der Stra\u00dfenbahnhaltestelle Wallstadt-West in der Hardheimer Stra\u00dfe von einer unbekannten f\u00fcnfk\u00f6pfigen Personengruppe unvermittelt angesprochen worden sein. Unter Androhung von Gewalt wurde er aufgefordert, mit zu einem naheliegenden \u00fcberdachten Fahrradst\u00e4nder zu gehen. Wieder unter Androhung von Gewalt und unter Vorhalt eines Messers wurde ihm sein Rucksack abgenommen und durchsucht.<\/p>\n\n\n\n<p>Nachdem die Unbekannten die EC-Karte sowie das Smartphone des 17-J\u00e4hrigen entwendeten, entfernten sich drei der T\u00e4tergruppe. Circa zwei Stunden sp\u00e4ter entfernten sich auch die weiteren zwei T\u00e4ter, nachdem sie dem 17-J\u00e4hrigen noch seine Daunenjacke abgenommen haben.<\/p>\n\n\n\n<ul>\n<li><strong>Bei den T\u00e4tern soll es sich um f\u00fcnf m\u00e4nnliche T\u00e4ter zwischen 15 und 18 Jahre gehandelt haben, die dunkel gekleidet gewesen sein sollen. <\/strong><\/li>\n\n\n\n<li><strong>Der T\u00e4ter, der das Messer bei sich f\u00fchrte, soll zwischen 165 und 170 cm gro\u00df gewesen sein und eine schlanke Statur haben. Er trug schwarze Handschuhe, eine Gucci-Kappe eine schwarz-gl\u00e4nzende Moncler-Jacke.<\/strong><\/li>\n<\/ul>\n\n\n\n<ul>\n<li><strong>Die Kriminalpolizei hat die weiteren Ermittlungen insbesondere zum Tatmotiv und Tatablauf \u00fcbernommen und bittet Zeugen, die sachdienliche Hinweise geben k\u00f6nnen, sich unter der Telefonnummer 0621\/174-4444 zu melden.<\/strong><\/li>\n<\/ul>\n\n\n\n<h2 class=\"wp-block-heading\">(Heidelberg) &#8211; Mehrfache Wohnungseinbr\u00fcche im Bereich Neuenheim \/ Zeugen gesucht!<\/h2>\n\n\n\n<p>Zwischen Freitag- und Samstagabend verschaffte sich eine bisher noch unbekannte T\u00e4terschaft Zugang zu drei Wohnungen im Bereich Neuenheim.<\/p>\n\n\n\n<p>Bei den Einbr\u00fcchen wurde sich jeweils gewaltsam, durch Aufhebeln von Terrassent\u00fcren oder Fenstern Zutritt zur Wohnung verschafft.<\/p>\n\n\n\n<ul>\n<li><strong>Ob es sich bei den Einbr\u00fcchen um dieselbe T\u00e4terschaft handelt ist derzeit noch unklar. Auch wird derzeit noch ermittelt, was aus den Wohnungen entwendet wurde. Sachdienliche Hinweise zu den Vorf\u00e4llen oder der T\u00e4terschaft, nimmt das Polizeirevier Heidelberg-Nord unter der Nummer 06221\/ 4569-0 entgegen.<\/strong><\/li>\n<\/ul>\n\n\n\n<h2 class=\"wp-block-heading\">(Heidelberg) &#8211; Auto kollidiert mit Stra\u00dfenbahn<\/h2>\n\n\n\n<h3 class=\"wp-block-heading has-text-align-center\">Pressemeldung Nr. 2<\/h3>\n\n\n\n<p>Am Freitag fuhr ein 38-J\u00e4hriger mit seinem VW auf dem Czernyring aus Richtung Pfaffengrund zur Kreuzung an der Montpellierbr\u00fccke. Um kurz nach 10 Uhr bog er verbotenerweise nach links in die Speyerer Stra\u00dfe ab. Hierbei missachtete der VW-Fahrer den Vorrang der links neben ihm fahrenden Stra\u00dfenbahn, welche die Kreuzung geradeaus in Richtung der Carl-Benz-Stra\u00dfe durchfuhr. Gl\u00fccklicherweise wurde bei der Kollision der beiden Fahrzeuge niemand verletzt. Zum Unfallzeitpunkt befanden sich ungef\u00e4hr 30 Fahrg\u00e4ste in der Stra\u00dfenbahn. Das Auto und die Bahn konnten nach der Unfallaufnahme ihre Fahrt fortsetzen. Der entstandene Gesamtschaden wird auf knapp 2.000 Euro gesch\u00e4tzt.<\/p>\n\n\n\n<h2 class=\"wp-block-heading\">(Gaiberg \/ Rhein-Neckar-Kreis) &#8211; 60.000 Euro Sachschaden nach Auffahrunfall<\/h2>\n\n\n\n<p>Am Freitagnachmittag gegen 17:10 Uhr fuhr eine 58-j\u00e4hrige VW-Fahrerin die L600 von Lingental kommend in Fahrtrichtung Gaiberg entlang und musste aufgrund des stockenden Verkehrs abbremsen. Ein nachfolgender 36-j\u00e4hriger BMW-Fahrer konnte, wom\u00f6glich aufgrund zu geringen Sicherheitsabstands, nicht mehr rechtzeitig bremsen und fuhr der 58-J\u00e4hrigen hinten auf. Einem weiteren nachfolgenden 25-j\u00e4hrigen Audi-Fahrer sowie einem 21-j\u00e4hrigen Opel-Fahrer gelang es ebenfalls nicht mehr rechtzeitig zu bremsen und fuhren dem BMW hinten auf. Durch den Unfall wurden ein 32-j\u00e4hriger Mitfahrer des BMW, der 21-j\u00e4hrige Opel-Fahrer sowie die 58-j\u00e4hrige VW-Fahrerin leicht verletzt. Durch den Rettungsdienst wurden der 32-J\u00e4hrige sowie der 21-J\u00e4hrige in eine Klinik gebracht. Die Fahrzeuge mussten durch ein Abschleppunternehmen abgeschleppt werden. F\u00fcr die Unfallaufnahme musste die L600 f\u00fcr ca. 2 Stunden in beiden Richtungen voll gesperrt werden. Der Gesamtschaden wird auf etwa 60.000 Euro gesch\u00e4tzt.<\/p>\n\n\n\n<h2 class=\"wp-block-heading\">(A 5 \/ Walldorf \/ Rhein-Neckar-Kreis) &#8211; Auffahrunfall mehrerer Fahrzeuge<\/h2>\n\n\n\n<h3 class=\"wp-block-heading has-text-align-center\">Pressemeldung Nr. 3<\/h3>\n\n\n\n<p>Um kurz vor 11 Uhr kam es am Freitag zu einer Kollision mehrerer Fahrzeuge auf der BAB 5 in Fahrtrichtung Heidelberg. Auf der H\u00f6he von Walldorf bremste der 49-j\u00e4hrige Fahrer eines Audi, der auf der linken Spur unterwegs war, verkehrsbedingt ab. Dadurch mussten auch die zwei hinter ihm fahrenden Fahrzeuge abbremsen. Aufgrund eines zu geringen Abstands und nicht angepasster Geschwindigkeit kam es zu einem Auffahrunfall. Eine 69-j\u00e4hrige Fahrerin eines Suzuki, konnte nicht mehr vollst\u00e4ndig abbremsen, sodass sie mit ihrem Fahrzeug auf das Heck des vorausfahrenden Peugeot fuhr. Dieser wurde wiederum auf den Audi vor ihm geschoben. Nach der Kollision prallte der Peugeot gegen die Mittelleitplanke. Auch der Suzuki geriet aus der Spur und kam auf den rechten Fahrstreifen. Dort stie\u00df das Auto mit einem LKW zusammen. Die 69-j\u00e4hrige Unfallverursacherin kam leicht verletzt in ein Krankenhaus. Der entstandene Gesamtschaden wird auf 70.000 Euro gesch\u00e4tzt. Die Verkehrsdienstau\u00dfenstelle Walldorf \u00fcbernahm die weiteren Ermittlungen.<\/p>\n\n\n\n<h2 class=\"wp-block-heading\">(Malsch \/ Rhein-Neckar-Kreis) &#8211; Verkehrsunfall mit verletzter Person<\/h2>\n\n\n\n<p>Bei einem Verkehrsunfall am Samstagnachmittag in Malsch wurde eine 40-j\u00e4hrige Frau leicht verletzt.<\/p>\n\n\n\n<p>Die 40-J\u00e4hrige war gegen 14.45 Uhr mit ihrem Renault auf der Rotenberger Stra\u00dfe in Richtung Friedhofstra\u00dfe unterwegs. An der Kreuzung zur Hauptstra\u00dfe missachtete sie die durch Verkehrszeichen geregelte Vorfahrt einer 55-j\u00e4hrigen Mercedes-Fahrerin, die auf der Hauptstra\u00dfe in Richtung Rettigheim fuhr. Im Kreuzungsbereich stie\u00dfen beide Fahrzeuge zusammen. Durch die Wucht des Aufpralls zog sich die Fahrerin des Renault leichte Verletzungen zu und wurde zur Behandlung in ein Krankenhaus gebracht. Ihre 8-j\u00e4hrige Tochter, die sich mit ihr im Auto befand, kam mit dem Schrecken davon und blieb unverletzt. Ebenso blieben die Insassen im Mercedes unverletzt.<\/p>\n\n\n\n<p>Bei dem Zusammensto\u00df wurde der Renault so stark besch\u00e4digt, dass er abgeschleppt werden musste. Der Sachschaden wird auf rund 20.000 Euro gesch\u00e4tzt.<\/p>\n\n\n\n<h2 class=\"wp-block-heading\">(Malsch \/ Rhein-Neckar-Kreis) &#8211; Einbruch in Einfamilienhaus \/ Polizei sucht Zeugen<\/h2>\n\n\n\n<p>In der Nacht von Freitag auf Samstag brachen Unbekannte in ein Einfamilienhaus in Malsch ein.<\/p>\n\n\n\n<p>Die Einbrecher durchtrennten zun\u00e4chst den Maschendrahtzaun, der das freistehende Anwesen in der Schillerstra\u00dfe umschlie\u00dft, mit einem Seitenschneider und gelangten so auf das Grundst\u00fcck. Aus der Garage entnahmen sie verschiedene Werkzeuge, mit denen sie schlie\u00dflich die Terrassent\u00fcr des Einfamilienhauses gewaltsam \u00f6ffneten. In den Wohnr\u00e4umen durchw\u00fchlten sie schlie\u00dflich Schr\u00e4nke und Schubladen. Inwiefern sie dabei auf Stehlenswertes stie\u00dfen und mitgehen lie\u00dfen, ist bislang unklar. Im Anschluss fl\u00fcchteten die Eindringlinge in unbekannte Richtung.<\/p>\n\n\n\n<ul>\n<li><strong>Zeugen, die verd\u00e4chtige Wahrnehmungen gemacht haben und sachdienliche Hinweise geben k\u00f6nnen, werden gebeten, sich unter der Telefonnummer 06222\/5709-0 beim Polizeirevier Wiesloch zu melden.<\/strong><\/li>\n<\/ul>\n\n\n\n<h2 class=\"wp-block-heading\">(A 6 \/ Dielheim \/ Rhein-Neckar-Kreis) &#8211; Auffahrunfall mit vier beteiligten Fahrzeugen \/ Eine Schwerverletzte<\/h2>\n\n\n\n<p>Bei einem Verkehrsunfall am Freitagabend auf der A 6 bei Dielheim mit vier beteiligten Fahrzeugen wurde eine 48-j\u00e4hrige Ford-Fahrerin schwer verletzt.<\/p>\n\n\n\n<p>Eine 59-j\u00e4hrige Mercedes-Fahrerin war gegen 17.30 Uhr auf dem linken Fahrstreifen der A 6 in Richtung Mannheim unterwegs. Am Stauende fuhr sie einem vor ihr bremsenden 41 Jahre alten VW-Fahrer auf und schob diesen auf den Renault einer 28-j\u00e4hrigen Frau. Im Anschluss fuhr eine 48-J\u00e4hrige mit ihrem Ford auf den Mercedes auf und schob alle Fahrzeuge nochmals aufeinander.<\/p>\n\n\n\n<p>Die Ford-Fahrerin erlitt durch den Aufprall schwere Verletzungen und wurde in ein Krankenhaus gebracht. \u00dcber Art und Schwere ihrer Verletzungen liegen keine weiteren Informationen vor.<\/p>\n\n\n\n<p>Die beteiligten Fahrzeuge waren nicht mehr fahrbereit und mussten abgeschleppt werden. Der Sachschaden wird auf rund 60.000 Euro gesch\u00e4tzt.<\/p>\n\n\n\n<p>W\u00e4hrend der Unfallaufnahme musste der linke Fahrstreifen f\u00fcr rund zweieinhalb Stunden gesperrt werden. Der Verkehr wurde w\u00e4hrenddessen \u00fcber den rechten Fahrstreifen und die Standspur an der Unfallstelle vorbeigeleitet.<\/p>\n\n\n\n<h2 class=\"wp-block-heading\">(Waibstadt \/ Rhein-Neckar-Kreis) &#8211; Unbekannte bewegen sich mit Taschenlampe auf fremden Grundst\u00fcck \/ Zeugen gesucht<\/h2>\n\n\n\n<p>Am Samstagabend verschafften sich zwei bislang noch nicht bekannte M\u00e4nner auf unbekannte Weise Zutritt zu einem Anwesen in der Bergstra\u00dfe.<\/p>\n\n\n\n<p>Ein Zeuge wurde aufmerksam, da er das Licht einer Taschenlampe im Inneren des Einfamilienhauses aufleuchten sah. Als die Unbekannten das fremde Eigentum gegen 18:15 Uhr verlie\u00dfen, wurden sie von dem Zeugen beobachtet, wie sie die Flucht ergriffen und \u00fcber einen Fu\u00dfg\u00e4ngerverbindungsweg von der Bergstra\u00dfe in die Schulstra\u00dfe liefen. Kurze Zeit sp\u00e4ter verlor der Zeuge die beiden dunkel gekleideten m\u00e4nnlichen Personen aus den Augen. Einer der Beiden habe dunkle Haare und eine Brille getragen, w\u00e4hrend der andere Mann eine schwarze M\u00fctze getragen haben soll. Die alarmierte Polizei stellte an der Tat\u00f6rtlichkeit fest, dass eine Terrassent\u00fcr aufgehebelt wurde. Ob aus dem Inneren des Einfamilienhauses etwas entwendet wurde, ist bislang noch nicht bekannt.<\/p>\n\n\n\n<ul>\n<li><strong>Die Ermittlerinnen und Ermittler der Kriminalpolizeidirektion Heidelberg haben sich dem Fall angenommen. Weitere Zeugen, die verd\u00e4chtige Wahrnehmungen gemacht haben und sachdienliche Hinweise zu den beiden m\u00e4nnlichen Personen mitteilen k\u00f6nnen, werden gebeten sich unter der Telefonnummer 0621\/174-4444 beim kriminalpolizeilichen Hinweistelefon zu melden.<\/strong><\/li>\n<\/ul>\n\n\n\n<h2 class=\"wp-block-heading\">(Epfenbach \/ Rhein-Neckar-Kreis) &#8211; In Einfamilienhaus eingebrochen und Schmuck gestohlen \/ Zeugen gesucht<\/h2>\n\n\n\n<p>Unbekannte T\u00e4terschaft erbeutete bei einem Einbruch in ein Einfamilienhaus am Samstag in Epfenbach mehrere Schmuckst\u00fccke.<\/p>\n\n\n\n<p>Am Samstag, in der Zeit zwischen 14.00 Uhr und 20.15 Uhr brachen Unbekannte in ein freistehendes Einfamilienanwesen in der Stra\u00dfe &#8222;Frohnberg&#8220; ein. Die Eindringlinge hebelten die Terrassent\u00fcr des freistehenden Hauses auf und drangen in die Wohnr\u00e4ume ein. Hier durchw\u00fchlten sie Schr\u00e4nke und Schubladen und entwendeten diversen Goldschmuck der Bewohner. Im Anschluss verlie\u00dfen die Einbrecher das Haus \u00fcber die Kellertreppe und fl\u00fcchteten in unbekannte Richtung.<\/p>\n\n\n\n<p>Da noch nicht abschlie\u00dfend gekl\u00e4rt werden konnte, was genau entwendet wurde, kann der entstandene Diebstahlschaden bislang nicht beziffert werden.<\/p>\n\n\n\n<ul>\n<li><strong>Zeugen, die Verd\u00e4chtiges beobachtet haben und sachdienlichen Hinweise zur T\u00e4terschaft geben k\u00f6nnen, werden gebeten, sich unter der Rufnummer 07261\/690-0 beim Polizeirevier in Sinsheim zu melden.<\/strong><\/li>\n<\/ul>\n\n\n\n<h2 class=\"wp-block-heading\">(Neckargem\u00fcnd \/ Rhein-Neckar-Kreis) &#8211; Betrunkene Autofahrerin verursacht Unfall<\/h2>\n\n\n\n<p>Auf H\u00f6he der Bahnhofstra\u00dfe kam am Sonntag um kurz nach 1:30 Uhr ein BMW nach links von der Fahrspur ab und rammte einen am Fahrbahnrand geparkten Hyundai. Nach dem heftigen Zusammensto\u00df war der BMW nicht mehr fahrbereit. Als eine Streife des Polizeireviers Neckargem\u00fcnd mit der 22-j\u00e4hrigen Unfallverursacherin Kontakt aufnahm, fielen bei ihr sofort ein schwankender Gang sowie eine verwaschene Aussprache auf. Ein freiwilliger Atemalkoholtest best\u00e4tigte die Vermutung, dass die Fahrerin unter Alkoholeinfluss stand. Dieser ergab einen Wert von 1,54 Promille. Infolgedessen musste die Frau eine Blutprobe abgeben. Zwar wurde bei dem Unfall niemand verletzt, jedoch entstand mit knapp 15.000 Euro ein erheblicher Sachschaden. Die 22-J\u00e4hrige wird sich nun wegen einer Gef\u00e4hrdung des Stra\u00dfenverkehrs verantworten m\u00fcssen.<\/p>\n","protected":false},"excerpt":{"rendered":"<div class=\"mh-excerpt\"><p>Polizeimeldungen vom Montag (02.12.2024) (Speyer) &#8211; Unfall an Vier-Wege-Kreuzung Am Sonntagnachmittag gegen 14:55 Uhr ereignete sich an der Kreuzung L 528 \/ K 15 ein Verkehrsunfall, bei dem eine Person verletzt wurde. Aus Richtung B\u00f6hl-Iggelheim <a class=\"mh-excerpt-more\" href=\"https:\/\/speyer24news.com\/?p=60503\" title=\"Polizeimeldungen Montag (02.12.24)\">[&#8230;]<\/a><\/p>\n<\/div>","protected":false},"author":3,"featured_media":26162,"comment_status":"open","ping_status":"open","sticky":false,"template":"","format":"standard","meta":{"_monsterinsights_skip_tracking":false,"_monsterinsights_sitenote_active":false,"_monsterinsights_sitenote_note":"","_monsterinsights_sitenote_category":0,"footnotes":""},"categories":[15659],"tags":[7273,7243,7244,10926,3614,13554,350,15084,15267,18288,15361,61,2555,14113,6955,6986,6263,63,105,11150,6987,53,13540,16956,18099,17274,4683,14958,9154,17275,11592,14705,18511,18512,102,13626,213,14325,14324,13553,13541,16955,2625,380],"aioseo_notices":[],"amp_enabled":true,"_links":{"self":[{"href":"https:\/\/speyer24news.com\/index.php?rest_route=\/wp\/v2\/posts\/60503"}],"collection":[{"href":"https:\/\/speyer24news.com\/index.php?rest_route=\/wp\/v2\/posts"}],"about":[{"href":"https:\/\/speyer24news.com\/index.php?rest_route=\/wp\/v2\/types\/post"}],"author":[{"embeddable":true,"href":"https:\/\/speyer24news.com\/index.php?rest_route=\/wp\/v2\/users\/3"}],"replies":[{"embeddable":true,"href":"https:\/\/speyer24news.com\/index.php?rest_route=%2Fwp%2Fv2%2Fcomments&post=60503"}],"version-history":[{"count":2,"href":"https:\/\/speyer24news.com\/index.php?rest_route=\/wp\/v2\/posts\/60503\/revisions"}],"predecessor-version":[{"id":60505,"href":"https:\/\/speyer24news.com\/index.php?rest_route=\/wp\/v2\/posts\/60503\/revisions\/60505"}],"wp:featuredmedia":[{"embeddable":true,"href":"https:\/\/speyer24news.com\/index.php?rest_route=\/wp\/v2\/media\/26162"}],"wp:attachment":[{"href":"https:\/\/speyer24news.com\/index.php?rest_route=%2Fwp%2Fv2%2Fmedia&parent=60503"}],"wp:term":[{"taxonomy":"category","embeddable":true,"href":"https:\/\/speyer24news.com\/index.php?rest_route=%2Fwp%2Fv2%2Fcategories&post=60503"},{"taxonomy":"post_tag","embeddable":true,"href":"https:\/\/speyer24news.com\/index.php?rest_route=%2Fwp%2Fv2%2Ftags&post=60503"}],"curies":[{"name":"wp","href":"https:\/\/api.w.org\/{rel}","templated":true}]}}