{"id":60520,"date":"2024-12-03T18:28:52","date_gmt":"2024-12-03T17:28:52","guid":{"rendered":"https:\/\/speyer24news.com\/?p=60520"},"modified":"2024-12-03T18:28:55","modified_gmt":"2024-12-03T17:28:55","slug":"polizeimeldungen-dienstag-03-12-24","status":"publish","type":"post","link":"https:\/\/speyer24news.com\/?p=60520","title":{"rendered":"Polizeimeldungen Dienstag (03.12.24)"},"content":{"rendered":"<style type=\"text\/css\">\r\n\t.ads_top_disp{}\r\n\t.ads_top_corner_disp{ float:left; margin:0px 10px 10px 0px; }\r\n\t.ads_first_p_disp{}\r\n\t.ads_bottom_disp{}\r\n\t<\/style>\n<h2 class=\"wp-block-heading\">Polizeimeldungen vom Dienstag (03.12.2024)<\/h2>\n\n\n<div class=\"wp-block-image\">\n<figure class=\"aligncenter size-full\"><img decoding=\"async\" loading=\"lazy\" width=\"375\" height=\"500\" src=\"https:\/\/speyer24news.com\/wp-content\/uploads\/2022\/03\/Aktuelles-Polizeilogo.jpg\" alt=\"\" class=\"wp-image-43591\" srcset=\"https:\/\/speyer24news.com\/wp-content\/uploads\/2022\/03\/Aktuelles-Polizeilogo.jpg 375w, https:\/\/speyer24news.com\/wp-content\/uploads\/2022\/03\/Aktuelles-Polizeilogo-225x300.jpg 225w\" sizes=\"(max-width: 375px) 100vw, 375px\" \/><\/figure><\/div>\n\n\n<h2 class=\"wp-block-heading\">(Speyer) &#8211; Reifen zerstochen, Polizei sucht Zeugen<\/h2>\n\n\n\n<p>Im Zeitraum zwischen Sonntag, dem 01.12.2024, 11:00 Uhr und Montag, dem 02.12.2024, 11:50 Uhr, haben ein oder mehrere unbekannte T\u00e4ter an zwei Fahrzeugen, die in der Stra\u00dfe Halbes Dach geparkt waren, jeweils zwei Reifen zerstochen. <\/p>\n\n\n\n<ul>\n<li><strong>Zeugen, die sachdienliche Hinweise geben k\u00f6nnen, werden gebeten sich mit der Polizeiinspektion Speyer unter 06232 137-0 oder per E-Mail \u00fcber\u00a0<a href=\"mailto: pispeyer@polizei.rlp.de\">pispeyer@polizei.rlp.de<\/a>\u00a0in Verbindung zu setzen.<\/strong><\/li>\n<\/ul>\n\n\n\n<h2 class=\"wp-block-heading\">(Schifferstadt) &#8211; Fahren unter Alkoholeinfluss<\/h2>\n\n\n\n<p>Am Montagabend gegen 19:50 Uhr wurde ein PKW mit abgelaufener Hauptuntersuchung durch Beamte der Polizeiinspektion Schifferstadt einer Verkehrskontrolle unterzogen. Im Rahmen der Kontrolle konnte bei dem 61-j\u00e4hrigen Fahrer deutlicher Atemalkoholgeruch festgestellt werden. Ein vor Ort freiwillig durchgef\u00fchrter Atemalkoholtest ergab einen Wert von 1,27 Promille. Der Fahrzeugschl\u00fcssel wurde sichergestellt. Dem Fahrer wurde auf der Polizeidienstelle durch einen Arzt eine Blutprobe entnommen. Ein Ermittlungsverfahren wurde eingeleitet.<\/p>\n\n\n\n<h2 class=\"wp-block-heading\">(Mutterstadt) &#8211; Einbruch in Tankstelle \/ T\u00e4ter gesucht<\/h2>\n\n\n\n<p>In der vergangenen Nacht gegen 00:25 Uhr wurde durch bislang f\u00fcnf unbekannte T\u00e4ter in die Tankstelle am Supermarkt in der Stra\u00dfe An der Fohlenweide eingebrochen. Die T\u00e4ter entfernten mittels Spezialwerkzeug einen gesicherten Tresor und erbeuteten einen Bargeldbetrag in hoher f\u00fcnfstelliger Summe. <\/p>\n\n\n\n<ul>\n<li><strong>Anhand der Videoaufzeichnungen der Tankstelle konnte ermittelt werden, dass es sich bei dem Fluchtfahrzeug um einen silbernen Audi-Kombi handelt. Hinweise nimmt die Polizeiinspektion Schifferstadt unter der Telefonnummer 06235 &#8211; 495 &#8211; 0 oder per E-Mail (<a href=\"mailto:pischifferstadt@polizei.rlp.de\">pischifferstadt@polizei.rlp.de<\/a>) entgegen.<\/strong><\/li>\n<\/ul>\n\n\n\n<h2 class=\"wp-block-heading\">(Germersheim) &#8211; E-Bike entwendet<\/h2>\n\n\n\n<p>Am Montag, den 02.12.24, wurde der Polizeiinspektion Germersheim mitgeteilt, dass im Zeitraum von Dienstagabend, 26.11.24, bis Mittwochabend, 27.11.24, ein E-Bike aus dem verschlossenen Hof eines umz\u00e4unten Anwesens in der Langgewannstra\u00dfe entwendet wurde. Wie die unbekannte T\u00e4terschaft auf das Grundst\u00fcck gelangen konnte, ist derzeit nicht bekannt. Das E-Bike war gegen die widerrechtliche Nutzung gesondert gesichert. Die Gesamtschadensh\u00f6he betr\u00e4gt ca. 2250 Euro.<\/p>\n\n\n\n<ul>\n<li><strong>Zeugen werden gebeten, sich unter der Telefonnummer 07274\/9580 oder per E-Mail an\u00a0<a href=\"mailto: pigermersheim@polizei.rlp.de\">pigermersheim@polizei.rlp.de<\/a>\u00a0mit der Polizei Germersheim in Verbindung zu setzen.<\/strong><\/li>\n<\/ul>\n\n\n\n<h2 class=\"wp-block-heading\">(Schweighofen) &#8211; Unfallflucht \/ Zeugen gesucht<\/h2>\n\n\n\n<p>Am 02.12.24, zwischen 15:00 und 16:30 Uhr, wurde in der Hauptstra\u00dfe, auf H\u00f6he Nummer 44, ein am Fahrbahnrand in Richtung Kapsweyer geparkter dunkler 3er BMW besch\u00e4digt. Ein bislang unbekannter Fahrzeugf\u00fchrer fuhr in Richtung Kapsweyer an dem Pkw vorbei und besch\u00e4digte dessen Fahrerseite. Der Sachschaden wird auf 1200.- Euro gesch\u00e4tzt. Der Verursacher entfernte sich unerlaubt von der Unfallstelle.<\/p>\n\n\n\n<ul>\n<li><strong>Wer kann Hinweise zu dem Verursacher machen?<\/strong><\/li>\n\n\n\n<li><strong>Zeugen werden gebeten sich unter 06343\/93340 oder per Mail\u00a0<a href=\"mailto:pibadbergzabern@polizei.rlp.de\">pibadbergzabern@polizei.rlp.de<\/a>\u00a0bei der Polizeiinspektion Bad Bergzabern zu melden.<\/strong><\/li>\n<\/ul>\n\n\n\n<h2 class=\"wp-block-heading\">(Waldrohrbach) &#8211; Dachstuhlbrand \/ Vollsperrung B48<\/h2>\n\n\n\n<p>Am 02.12.2024, kam es gegen 20:10 Uhr, in der Rehbergerstra\u00dfe zu einem Dachstuhlbrand. W\u00e4hrend des Brandes hielt sich niemand in der Wohnung auf. Die Ermittlungen zur Brandursache wurden noch am Abend von der Kriminalpolizei \u00fcbernommen. Die H\u00f6he Zahl der Einsatzfahrzeuge der Feuerwehren aus der Verbandsgemeinde Annweiler und des Sanit\u00e4tsdienstes machte die Sperrung der B 48 zwischen den Einm\u00fcndungen L 494 und L 508 erforderlich. Die Verkehrsteilnehmer wurden \u00fcber den Verkehrswarnfunk informiert.<\/p>\n\n\n\n<h2 class=\"wp-block-heading\">(G\u00f6cklingen) &#8211; Bei Verkehrsunfallflucht Radkappe verloren \/ Zeugen gesucht<\/h2>\n\n\n\n<p>Am 02.12.2024 parkte eine 51-J\u00e4hrige ihren BMW gegen 08:30 Uhr in der Raiffeisenstra\u00dfe in G\u00f6cklingen. Gegen 13:45 Uhr musste sie an ihrem BMW einen frischen Unfallschaden feststellen. Hierbei handelt es sich um einen Streifschaden im Bereich der Fahrerseite. Zudem klemmte eine Radkappe, welche dem Unfallverursacher zuzuordnen sein d\u00fcrfte, in einer Plastikabdeckung des BMW. Aufgrund des Schadensbildes d\u00fcrfte es sich bei dem fl\u00fcchtenden Fahrzeug um einen wei\u00dfen PKW handeln. Die Schadensh\u00f6he am PKW BMW betr\u00e4gt circa 5000 Euro. Ein Strafverfahren wurde eingeleitet und die polizeilichen Ermittlungen aufgenommen. <\/p>\n\n\n\n<ul>\n<li><strong>Die Polizei bittet Zeugen, die Hinweise zu der Tat oder dem T\u00e4ter geben k\u00f6nnen sich per Email an\u00a0<a href=\"mailto: pilandau@polizei.rlp.de\">pilandau@polizei.rlp.de<\/a>\u00a0oder telefonisch unter 06341-287-0 bei der Polizeiinspektion Landau zu melden.<\/strong><\/li>\n<\/ul>\n\n\n\n<h2 class=\"wp-block-heading\">(Edesheim) &#8211; Dieseldiebstahl<a href=\"https:\/\/www.facebook.com\/sharer.php?u=https%3A%2F%2Fwww.presseportal.de%2Fblaulicht%2Fpm%2F117686%2F5922641%2F%3Futm_source%3Dfacebook%26utm_medium%3Dsocial\"><\/a><a href=\"https:\/\/twitter.com\/intent\/tweet?text=POL-PDLD%3A%20Edesheim%20-%20Dieseldiebstahl&amp;url=https%3A%2F%2Fwww.presseportal.de%2Fblaulicht%2Fpm%2F117686%2F5922641%2F%3Futm_source%3Dtwitter%26utm_medium%3Dsocial&amp;hashtags=ots&amp;lang=de\"><\/a><a href=\"https:\/\/web.whatsapp.com\/send?text=POL-PDLD%3A%20Edesheim%20-%20Dieseldiebstahl%0A%0Ahttps%3A%2F%2Fwww.presseportal.de%2Fblaulicht%2Fpm%2F117686%2F5922641%2F%3Futm_source%3Dwhatsapp%26utm_medium%3Dsocial\"><\/a><a href=\"https:\/\/www.xing.com\/app\/user?op=share;url=https%3A%2F%2Fwww.presseportal.de%2Fblaulicht%2Fpm%2F117686%2F5922641%2F%3Futm_source%3Dxing%26utm_medium%3Dsocial\"><\/a><a href=\"http:\/\/www.linkedin.com\/shareArticle?mini=true&amp;url=https%3A%2F%2Fwww.presseportal.de%2Fblaulicht%2Fpm%2F117686%2F5922641%2F%3Futm_source%3Dlinkedin%26utm_medium%3Dsocial&amp;title=POL-PDLD%3A+Edesheim+-+Dieseldiebstahl\"><\/a><a href=\"mailto:?subject=POL-PDLD%3A%20Edesheim%20-%20Dieseldiebstahl&amp;body=https:\/\/www.presseportal.de\/blaulicht\/pm\/117686\/5922641\"><\/a><\/h2>\n\n\n<div class=\"wp-block-image\">\n<figure class=\"aligncenter\"><a href=\"https:\/\/cache.pressmailing.net\/thumbnail\/story_hires\/fa3d8218-fcfe-455d-bb34-a6a5f951089b\/Dieseldiebstahl2.JPG.jpg\"><img decoding=\"async\" src=\"https:\/\/cache.pressmailing.net\/thumbnail\/story_big\/fa3d8218-fcfe-455d-bb34-a6a5f951089b\/pol-pdld-edesheim-dieseldiebstahl\" alt=\"POL-PDLD: Edesheim - Dieseldiebstahl\"\/><\/a><\/figure><\/div>\n\n\n<p>Unbekannte haben aus Baustellenfahrzeugen in der Jahnstra\u00dfe Diesel im Gesamtwert von \u00fcber 150 Euro abgezapft. Vermutlich wurde der Kraftstoff aus den nicht abgeschlossenen Tanks \u00fcber einen Schlauch abgesaugt und in mitgef\u00fchrten Kanistern abtransportiert. Der Diebstahl hat sich \u00fcber das zur\u00fcckliegende Wochenende ereignet. <\/p>\n\n\n\n<ul>\n<li><strong>Hinweise zu den T\u00e4tern gibt es nicht. Zeugen werden gebeten, sich \u00fcber die Telefonnummer der Polizei Edenkoben, 06323 9550, zu melden.<\/strong><\/li>\n<\/ul>\n\n\n\n<h2 class=\"wp-block-heading\">(Edenkoben) &#8211; 26-J\u00e4hriger fl\u00fcchtet von der Unfallstelle<\/h2>\n\n\n\n<p>Ein 26 Jahre alter Autofahrer aus Edenkoben kollidierte Montagabend in der Weinstra\u00dfe vermutlich aufgrund \u00fcberh\u00f6hter Geschwindigkeit mit einem vorausfahrenden Fahrzeug. Anstatt sich um die Schadensregulierung zu k\u00fcmmern, t\u00fcrmte er nach dem Unfall. Der Grund f\u00fcr sein Verschwinden konnte schnell festgestellt werden. Eine F\u00fchrerschein\u00fcberpr\u00fcfung ergab, dass der Verursacher nicht im Besitz einer g\u00fcltigen Fahrerlaubnis ist. Ein Strafverfahren wurde eingeleitet. Bislang konnte der Beschuldigte noch nicht an seiner Wohnanschrift angetroffen werden. Die Ermittlungen dauern an.<\/p>\n\n\n\n<h2 class=\"wp-block-heading\">(Edenkoben) &#8211; Diebstahl eines Mountainbikes<\/h2>\n\n\n\n<p>Unbekannte haben im Laufe des Montages (02.12.2024, 04.30 Uhr bis 15.30 Uhr) aus dem Fahrradst\u00e4nder des Hauptbahnhofs in der Staatsstra\u00dfe ein neongr\u00fcnes Mountainbike der Marke Cube entwendet. Der oder die T\u00e4ter haben auf bislang unbekannte Art und Weise das Fahrradschloss geknackt und sind anschlie\u00dfend mit dem hochpreisigen Rad verschwunden. <\/p>\n\n\n\n<ul>\n<li><strong>Hinweise nimmt die Polizei Edenkoben unter der Telefonnummer 06323 9550 entgegen.<\/strong><\/li>\n<\/ul>\n\n\n\n<h2 class=\"wp-block-heading\">(Neustadt) &#8211; Cannabisgeruch f\u00fchrt zur Blutprobe<\/h2>\n\n\n\n<p>Am 03.12.2024 um 11:00 Uhr wurde ein 50-J\u00e4hriger aus der VG Landau-Land mit seinem Renault Kangoo in der Stra\u00dfe Seilerbahn in 67433 Neustadt\/W. einer Verkehrskontrolle unterzogen. Bereits beim \u00d6ffnen des Fensters der Fahrert\u00fcr schlug den Beamten Cannabisgeruch entgegen. Hierzu zeigte der Fahrer den Beamten eine geringe, erlaubte Menge Cannabisbl\u00fcten vor. Zu diesen gab er an, dass es sich hierbei um CBD handle. Da bei dem 50-J\u00e4hrigen des Weiteren Auff\u00e4lligkeiten festgestellt wurden, welche auf eine aktuelle Bet\u00e4ubungsmittelbeeinflussung schlie\u00dfen lie\u00dfen, wurde diesem eine Blutprobe entnommen und dessen Fahrzeugschl\u00fcssel pr\u00e4ventiv sichergestellt. Nun kommt auf diesen ein Ordnungswidrigkeitenverfahren zu. Au\u00dferdem wird die zust\u00e4ndige F\u00fchrerscheinstelle informiert.<\/p>\n\n\n\n<h2 class=\"wp-block-heading\">(Neustadt) &#8211; Erneut negativ aufgefallen&#8230;<\/h2>\n\n\n\n<p>&#8230; ist ein 45-J\u00e4hriger aus Landau\/ Pfalz, welcher am 03.12.2024 um 07:50 Uhr mit seinem Ford Transit in der Landauer Stra\u00dfe in 67433 Neustadt\/W. einer Verkehrskontrolle unterzogen wurde. Bereits im Jahr 2020 fiel der Fahrer polizeilich auf, da er seinen nicht-europ\u00e4ischen F\u00fchrerschein trotz Wohnsitzbegr\u00fcndung von mehr als sechs Monaten in der Bundesrepublik Deutschland nicht umschreiben lie\u00df. Auch am heutigen Tag konnte der Landauer keine deutsche Fahrerlaubnis vorlegen, weshalb dessen Fahrzeugschl\u00fcssel einem Bekannten \u00fcbergeben wurde. Der Renault-Fahrer muss sich nun erneut in einem Strafverfahren wegen Fahrens ohne Fahrerlaubnis verantworten. Zudem wird die zust\u00e4ndige F\u00fchrerscheinstelle \u00fcber den Vorfall in Kenntnis gesetzt.<\/p>\n\n\n\n<h2 class=\"wp-block-heading\">(A 65 \/ AS NW-S\u00fcd) &#8211; Nach Unfallflucht Mercedes gesucht<\/h2>\n\n\n\n<p>Am fr\u00fchen Morgen (03.12.2024) kam es gegen 01.55 Uhr auf der A65, AS NW-S\u00fcd in Fahrtrichtung Ludwigshafen an der dortigen Abfahrt zu einem Verkehrsunfall, bei dem vermutlich ein Mercedesfahrer aufgrund \u00fcberh\u00f6hter Geschwindigkeit von der Fahrbahn abkam, mit verschiedenen Verkehrszeichen kollidierte und anschlie\u00dfend fl\u00fcchtete. <\/p>\n\n\n\n<ul>\n<li><strong>Ersten Ermittlungen zufolge d\u00fcrfte es sich bei dem Verursacherfahrzeug um einen Mercedes handeln. N\u00e4heres hierzu ist bislang nicht bekannt. Zeugenhinweise werden unter der Telefonnummer 06323 9550 erbeten.<\/strong><\/li>\n<\/ul>\n\n\n\n<h2 class=\"wp-block-heading\">(Neustadt) &#8211; Aggressiver Mann randaliert und beleidigt Polizeibeamte<\/h2>\n\n\n<div class=\"wp-block-image\">\n<figure class=\"aligncenter size-full\"><img decoding=\"async\" loading=\"lazy\" width=\"800\" height=\"533\" src=\"https:\/\/speyer24news.com\/wp-content\/uploads\/2024\/04\/Psychatrie-Unterbringung-Infusion-Krank-1.jpg\" alt=\"\" class=\"wp-image-59400\" srcset=\"https:\/\/speyer24news.com\/wp-content\/uploads\/2024\/04\/Psychatrie-Unterbringung-Infusion-Krank-1.jpg 800w, https:\/\/speyer24news.com\/wp-content\/uploads\/2024\/04\/Psychatrie-Unterbringung-Infusion-Krank-1-300x200.jpg 300w, https:\/\/speyer24news.com\/wp-content\/uploads\/2024\/04\/Psychatrie-Unterbringung-Infusion-Krank-1-768x512.jpg 768w\" sizes=\"(max-width: 800px) 100vw, 800px\" \/><figcaption class=\"wp-element-caption\">Beispielbild &#8222;Psychatrie\/Krankenhaus\/Unterbringung&#8220;, dient lediglich der Visualisierung<\/figcaption><\/figure><\/div>\n\n\n<p>Am 02.Dezember 2024, um 15.06 Uhr wurde die Polizei zum Kohlplatz in Neustadt gerufen. Ein Mann verhielt sich aggressiv und randalierte. Beim Eintreffen der Polizeibeamten reagierte der 55-J\u00e4hrige mit schweren Beleidigungen und beschimpfte sie mit Ausdr\u00fccken wie &#8222;Arschloch&#8220;, &#8222;Dreck&#8220;, &#8222;Bastarde&#8220;, &#8222;Nazis&#8220; und &#8222;Hurens\u00f6hne&#8220;. Alle kommunikativen Versuche, die Situation zu deeskalieren, blieben erfolglos. Als der Mann trotz mehrfacher Aufforderung sein Verhalten nicht \u00e4nderte, wurde ihm der Einsatz des Tasers angedroht. Daraufhin zog er seine Jacke aus, legte sie auf den Boden und steigerte seine Aggressivit\u00e4t weiter. Neben fortgesetzten Beleidigungen entbl\u00f6\u00dfte er schlie\u00dflich seine Genitalien vor den Beamten. Der Einsatz des Tasers wurde daraufhin notwendig, zeigte jedoch keine ausreichende Wirkung. Schlie\u00dflich gelang es den Polizeibeamten, den Mann zu Boden zu bringen und zu fixieren. Auch w\u00e4hrenddessen beleidigte er die Einsatzkr\u00e4fte massiv und sprach Drohungen aus, darunter die Ank\u00fcndigung den Beamten &#8222;eine Kugel in den Kopf&#8220; zu schie\u00dfen. Der Tatverd\u00e4chtige wurde gefesselt und in Gewahrsam genommen. Nach einer Blutentnahme wurde er aufgrund seines Verhaltens in eine Fachklinik verbracht.<\/p>\n\n\n\n<p>Gegen den 55-J\u00e4hrigen wurde ein Ermittlungsverfahren wegen Widerstand gegen Polizeibeamte eingeleitet. Ihm droht eine Freiheitsstrafe bis zu drei Jahren oder eine Geldstrafe.<\/p>\n\n\n\n<h2 class=\"wp-block-heading\">(Neustadt) &#8211; Gewalt gegen Polizeibeamte \/ Zwei Beamte verletzt<\/h2>\n\n\n<div class=\"wp-block-image\">\n<figure class=\"aligncenter size-full\"><img decoding=\"async\" loading=\"lazy\" width=\"800\" height=\"600\" src=\"https:\/\/speyer24news.com\/wp-content\/uploads\/2019\/06\/Ausn\u00fcchterungszelle.jpg\" alt=\"\" class=\"wp-image-15212\" srcset=\"https:\/\/speyer24news.com\/wp-content\/uploads\/2019\/06\/Ausn\u00fcchterungszelle.jpg 800w, https:\/\/speyer24news.com\/wp-content\/uploads\/2019\/06\/Ausn\u00fcchterungszelle-300x225.jpg 300w, https:\/\/speyer24news.com\/wp-content\/uploads\/2019\/06\/Ausn\u00fcchterungszelle-768x576.jpg 768w, https:\/\/speyer24news.com\/wp-content\/uploads\/2019\/06\/Ausn\u00fcchterungszelle-678x509.jpg 678w, https:\/\/speyer24news.com\/wp-content\/uploads\/2019\/06\/Ausn\u00fcchterungszelle-326x245.jpg 326w, https:\/\/speyer24news.com\/wp-content\/uploads\/2019\/06\/Ausn\u00fcchterungszelle-80x60.jpg 80w\" sizes=\"(max-width: 800px) 100vw, 800px\" \/><figcaption class=\"wp-element-caption\">Beispielbild Zelle \/ Verhaftung, dient lediglich der Visualisierung<\/figcaption><\/figure><\/div>\n\n\n<p>Am Montagnachmittag, den 02.12.2024 kam es in Neustadt zu einem gewaltt\u00e4tigen Zwischenfall, bei dem zwei Polizeibeamte verletzt wurden. Ein 56-j\u00e4hriger Neustadter bat gegen 15 Uhr um Hilfe der Polizei, da seine Ex Frau unangek\u00fcndigt bei ihm erschienen war und den Kontakt zu den beiden gemeinsamen, erwachsenen Kindern forderte. Die Kinder waren jedoch nicht anwesend und der Mann bat seine Ex Frau zu gehen. Da sie dieser Aufforderung nicht nachkam, alarmierte er die Polizei. Auch die Polizeibeamten konnten die Frau nicht zur Kooperation bewegen. Nachdem sie mehrfach aufgefordert wurde, das Grundst\u00fcck zu verlassen, wurde ihr ein Platzverweis ausgesprochen. Statt diesem nachzukommen, setzte sie sich in ihren Pkw und weigerte sich, wegzufahren. Trotz intensiver Gespr\u00e4che verriegelte die Frau das Auto und lehnte jegliche Zusammenarbeit ab. Da weder Erkl\u00e4rungsversuche noch die Androhung von Zwangsma\u00dfnahmen Wirkung zeigten, sahen sich die Beamten gezwungen, die vordere Seitenscheibe des Wagens zu \u00f6ffnen. W\u00e4hrend ein 29-j\u00e4hrige Beamter versuchte die Frau aus dem Fahrzeug zu holen, wurde er von ihr mehrfach mit schweren Winterstiefeln ins Gesicht getreten. Die Frau verschanzte sich anschlie\u00dfend auf dem Beifahrersitz, woraufhin auch die Beifahrerseite entglast werden musste. \u00dcber das ge\u00f6ffnete Beifahrerfenster konnten die Beamten die Frau schlie\u00dflich aus dem Fahrzeug schieben. Bei der anschlie\u00dfenden Fixierung am Boden erlitt ein 31-j\u00e4hriger Beamter Verletzungen. Beide Polizeibeamten mussten ihren Dienst verletzungsbedingt abbrechen. Die Frau wurde in Gewahrsam genommen.<\/p>\n\n\n\n<p>Immer wieder werden Polizeibeamte und Polizeibeamtinnen Opfer von Gewalt. Die Taten reichen von Beleidigungen, \u00fcber Drohungen, anspucken bis hin zu k\u00f6rperlichen Angriffen. Die Polizei duldet keine Gewalt. Nicht gegen B\u00fcrgerinnen und B\u00fcrger und auch nicht gegen Polizeikr\u00e4fte. Jedwede Gewaltanwendung wird strafrechtlich verfolgt! Bei einer Widerstandhandlung drohen dem T\u00e4ter bis zu drei Jahre Freiheitsstrafe oder eine Geldstrafe.<\/p>\n\n\n\n<h2 class=\"wp-block-heading\">(Bad D\u00fcrkheim) &#8211; Werkzeug von Firmengel\u00e4nde entwendet<\/h2>\n\n\n\n<p>Im Zeitraum von 29.11.2024 16:00 Uhr bis 02.12.2024 06:00 Uhr wurden aus einem auf einem Firmengel\u00e4nde in der Bruchstra\u00dfe in Bad D\u00fcrkheim abgestellten Kleinbus Baumaschinen und Werkzeuge entwendet. Die bislang unbekannten T\u00e4ter gelangten durch \u00dcberwindung eines Drahtzaunes auf das Firmengel\u00e4nde. Durch das Einschlagen eines Seitenfensters, gelangten sie ins Fahrzeuginnere. Konkrete Angaben \u00fcber das Stehlgut liegen noch nicht vor. Weiterhin wurden aus einer Arbeitsmaschine ca. 60 Liter Dieselkraftstoff entwendet. <\/p>\n\n\n\n<ul>\n<li><strong>Zeugen, welche im genannten Zeitraum verd\u00e4chtigte Personen oder Fahrzeuge wahrgenommen haben, werden gebeten sich mit der Polizeiinspektion Bad D\u00fcrkheim unter der Tel. 06322\/963-0 oder per E-Mail\u00a0<a href=\"mailto: pibadduerkheim@polizei.rlp.de\">pibadduerkheim@polizei.rlp.de<\/a>\u00a0in Verbindung zu setzen.<\/strong><\/li>\n<\/ul>\n\n\n\n<h2 class=\"wp-block-heading\">(Bad D\u00fcrkheim) &#8211; Kennzeichen gewaltsam abgerissen und entwendet<\/h2>\n\n\n\n<p>Im Zeitraum von 22.11.2024 10:00 Uhr bis 01.12.2024, 17:00 Uhr wurde in der Salinenstra\u00dfe in Bad D\u00fcrkheim das hintere Kennzeichen eines Fiat Punto entwendet. Die Kennzeichenhalterung samt Kennzeichen war durch bislang unbekannte T\u00e4ter gewaltsam abgerissen worden. Es entstand Sachschaden in H\u00f6he von 150 Euro. <\/p>\n\n\n\n<ul>\n<li><strong>Die Polizei Bad D\u00fcrkheim hat die Ermittlungen aufgenommen und bittet um Hinweise unter 06322 963 0 oder per E-Mail an\u00a0<a href=\"mailto: pibadduerkheim@polizei.rlp.de\">pibadduerkheim@polizei.rlp.de<\/a><\/strong><\/li>\n<\/ul>\n\n\n\n<h2 class=\"wp-block-heading\">(Frankenthal) &#8211; Autofahrer gen\u00f6tigt und Polizeibeamte beleidigt<\/h2>\n\n\n<div class=\"wp-block-image\">\n<figure class=\"aligncenter size-full\"><img decoding=\"async\" loading=\"lazy\" width=\"800\" height=\"533\" src=\"https:\/\/speyer24news.com\/wp-content\/uploads\/2022\/06\/Blaulicht.jpg\" alt=\"\" class=\"wp-image-46705\" srcset=\"https:\/\/speyer24news.com\/wp-content\/uploads\/2022\/06\/Blaulicht.jpg 800w, https:\/\/speyer24news.com\/wp-content\/uploads\/2022\/06\/Blaulicht-300x200.jpg 300w, https:\/\/speyer24news.com\/wp-content\/uploads\/2022\/06\/Blaulicht-768x512.jpg 768w\" sizes=\"(max-width: 800px) 100vw, 800px\" \/><\/figure><\/div>\n\n\n<p>Am fr\u00fchen Dienstagabend, gegen 17:40Uhr, kam es im Foltzring in Frankenthal zu einem polizeilichen Einsatz mit einem 41-j\u00e4hrigen Mann aus Frankenthal. Der 41-J\u00e4hrige wurde der Polizei gemeldet, weil er scheinbar grundlos lautstark auf der Stra\u00dfe herumschrie. Nach einer Personenkontrolle erhielt der Mann zun\u00e4chst einen Platzverweis. Der Mann entfernte sich hiernach fu\u00dfl\u00e4ufig. Dabei konnte durch die eingesetzten Beamten beobachtet werden, wie der Mann, ohne auf den Flie\u00dfverkehr zu achten, die Kreuzung Lindenstra\u00dfe\/Foltzring \u00fcberquerte.<\/p>\n\n\n\n<p>Ein Autofahrer musste deshalb bis zum Stillstand abbremsen. Der 41-J\u00e4hrige versuchte sodann die Beifahrert\u00fcr des Autos zu \u00f6ffnen. Die herbeieilenden Polizeibeamten konnten den Mann schlie\u00dflich unter Kontrolle bringen. Hierbei beleidigte und bedrohte der Mann einen Polizeibeamten. Gegen den Mann wurden mehrere Strafverfahren, u.a. wegen Beleidigung und Bedrohung, eingeleitet.<\/p>\n\n\n\n<p>Die Polizei Frankenthal bittet den genannten bis dato unbekannten Autofahrer sich zu melden.<\/p>\n\n\n\n<ul>\n<li><strong>Zeugen werden gebeten sich an die Polizeiinspektion Frankenthal unter der Tel.-Nr.: 06233\/313-0 oder an die Polizeiwache Maxdorf unter der Tel.-Nr.: 06237\/934-1100 zu wenden. Gerne nehmen wir Ihre Hinweise auch per E-Mail unter\u00a0<a href=\"mailto: pifrankenthal@polizei.rlp.de\">pifrankenthal@polizei.rlp.de<\/a>\u00a0entgegen.<\/strong><\/li>\n<\/ul>\n\n\n\n<h2 class=\"wp-block-heading\">(Autobahnpolizei Ruchheim) &#8211; Kindergartenkinder gestalten Weihnachtsbaum der Autobahnpolizei Ruchheim<\/h2>\n\n\n<div class=\"wp-block-image\">\n<figure class=\"aligncenter size-large\"><img decoding=\"async\" loading=\"lazy\" width=\"1024\" height=\"548\" src=\"https:\/\/speyer24news.com\/wp-content\/uploads\/2024\/12\/NEU_DSC0081-1024x548.jpg\" alt=\"\" class=\"wp-image-60522\" srcset=\"https:\/\/speyer24news.com\/wp-content\/uploads\/2024\/12\/NEU_DSC0081-1024x548.jpg 1024w, https:\/\/speyer24news.com\/wp-content\/uploads\/2024\/12\/NEU_DSC0081-300x161.jpg 300w, https:\/\/speyer24news.com\/wp-content\/uploads\/2024\/12\/NEU_DSC0081-768x411.jpg 768w, https:\/\/speyer24news.com\/wp-content\/uploads\/2024\/12\/NEU_DSC0081.jpg 1200w\" sizes=\"(max-width: 1024px) 100vw, 1024px\" \/><\/figure><\/div>\n\n\n<p>Am Dienstagmorgen, dem 03.12.2024 erhielt die Autobahnpolizei Ruchheim Besuch von 12 Kindern der Kindertagesst\u00e4tte Arche Noah aus Ludwigshafen-Ruchheim. Diese schm\u00fcckten unter Anleitung der Leiterin der Kindertagesst\u00e4tte, Frau Mara Rieger und ihrem Team, den im Einfahrtsbereich der Autobahnpolizei aufgestellten Weihnachtsbaum mit selbstgebasteltem Christbaumschmuck, um den Beamtinnen und Beamten der Autobahnpolizei eine kleine Freude zu bereiten. <\/p>\n\n\n<div class=\"wp-block-image\">\n<figure class=\"aligncenter size-full\"><img decoding=\"async\" loading=\"lazy\" width=\"800\" height=\"623\" src=\"https:\/\/speyer24news.com\/wp-content\/uploads\/2024\/12\/NEU_DSC0093.jpg\" alt=\"\" class=\"wp-image-60523\" srcset=\"https:\/\/speyer24news.com\/wp-content\/uploads\/2024\/12\/NEU_DSC0093.jpg 800w, https:\/\/speyer24news.com\/wp-content\/uploads\/2024\/12\/NEU_DSC0093-300x234.jpg 300w, https:\/\/speyer24news.com\/wp-content\/uploads\/2024\/12\/NEU_DSC0093-768x598.jpg 768w\" sizes=\"(max-width: 800px) 100vw, 800px\" \/><\/figure><\/div>\n\n\n<p>Im Gegenzug bedankte sich die Autobahnpolizei, vertreten durch den stellvertretenden Dienststellenleiter, Herrn Andreas Hellwich, mit einer Besichtigung eines Funkstreifenwagens (sehr zur Freude der Kinder inklusive eines Tests des Blaulichts und des Martinshorns) und konnte weiterhin als DANKESCH\u00d6N unter anderem bunt bemalte kleine Steine mit der Notrufnummer 110 \u00fcbergeben, die Kinder beruhigen und ihnen in be\u00e4ngstigenden Situationen Mut machen sollen. Unter Federf\u00fchrung der Hamburger Initiative Aktion 110 \/112 gestalten verschieden Gruppen und Einzelpersonen deutschlandweit die Gl\u00fccksbringer. Die bunt bemalten Steine sollen aber nicht nur zum Mut machen eingesetzt werden. Bei dem Projekt geht es auch darum, Kindern die Notrufnummer 110 pr\u00e4sent zu machen und ein Gespr\u00e4ch \u00fcber m\u00f6gliche Hilfen in be\u00e4ngstigenden Situationen zu f\u00fchren, so die Hamburger Polizistin Carmen Lamprecht, die Initiatorin der Aktion 110! <\/p>\n\n\n<div class=\"wp-block-image\">\n<figure class=\"aligncenter\"><a href=\"https:\/\/cache.pressmailing.net\/thumbnail\/story_hires\/544f31a6-200e-447c-846d-a794f2141fef\/Steine.jpg.jpg\"><img decoding=\"async\" src=\"https:\/\/cache.pressmailing.net\/thumbnail\/story_big\/544f31a6-200e-447c-846d-a794f2141fef\/pol-pdnw-kindergartenkinder-gestalten-weihnachtsbaum-der-autobahnpolizei-ruchheim\" alt=\"POL-PDNW: Kindergartenkinder gestalten Weihnachtsbaum der Autobahnpolizei Ruchheim\"\/><\/a><\/figure><\/div>\n\n\n<p>&#8222;Die 110 ist auf jedem Steinchen zu sehen, weil ich finde, dass man Kindern die Polizei als Helfer wieder ein St\u00fcck n\u00e4herbringen kann und sich der Notruf so vielleicht etwas leichter einpr\u00e4gt&#8220;, so Carmen Lamprecht zur Entstehung der Aktion in Hamburg. Die Gl\u00fcckssteine sind auf jeden Streifenwagen der Autobahnpolizei Ruchheim verteilt und werden zuk\u00fcnftig an Kinder ausgegeben, die an polizeilichen Situationen beteiligt sind. Auch bei den Kindergartenkindern der Kindertagesst\u00e4tte Arche Noah kamen die Steine sehr gut an und wurden umgehend sicher in den Taschen der Anoraks bzw. der Winterjacken verstaut, bevor sich die kleine Gruppe wieder auf den R\u00fcckweg zu ihrem Kindergarten machte. Die Autobahnpolizei freut sich nun in den n\u00e4chsten Wochen \u00fcber einen sch\u00f6n geschm\u00fcckten Weihnachtsbaum.<\/p>\n\n\n\n<h2 class=\"wp-block-heading\">(Ludwigshafen) &#8211; Widerstand geleistet<\/h2>\n\n\n<div class=\"wp-block-image\">\n<figure class=\"aligncenter size-full\"><img decoding=\"async\" loading=\"lazy\" width=\"800\" height=\"533\" src=\"https:\/\/speyer24news.com\/wp-content\/uploads\/2021\/10\/Festnahme-Handschellen.jpg\" alt=\"\" class=\"wp-image-41224\" srcset=\"https:\/\/speyer24news.com\/wp-content\/uploads\/2021\/10\/Festnahme-Handschellen.jpg 800w, https:\/\/speyer24news.com\/wp-content\/uploads\/2021\/10\/Festnahme-Handschellen-300x200.jpg 300w, https:\/\/speyer24news.com\/wp-content\/uploads\/2021\/10\/Festnahme-Handschellen-768x512.jpg 768w\" sizes=\"(max-width: 800px) 100vw, 800px\" \/><figcaption class=\"wp-element-caption\">Beispielbild Handschelle \/ Verhaftung, dient lediglich der Visualisierung<\/figcaption><\/figure><\/div>\n\n\n<p>Mehrere Personen f\u00fchlten sich am 03.12.202, gegen 0 Uhr, wegen zu lauter Musik in der Raschigstra\u00dfe in ihrer Ruhe gest\u00f6rt. Der zun\u00e4chst verst\u00e4ndigte kommunale Vollzugsdienst traf einen 20-J\u00e4hrigen auf einer Parkbank an, der laut Musik h\u00f6rte. Der 20-J\u00e4hrige beleidigte direkt die Beamten und ging drohend auf diese zu. Gemeinsam mit Polizeikr\u00e4ften wurde der 20-J\u00e4hrige gefesselt. Gegen die Ma\u00dfnahme wehrte er sich. Er kam anschlie\u00dfend in ein Krankenhaus, wo ihm eine Blutprobe entnommen wurde. Der 20-J\u00e4hrige stand unter Bet\u00e4ubungsmittel- und Alkoholeinfluss (1,35 Promille). Bei dem Einsatz wurden drei Beamten des kommunalen Vollzugsdienstes leicht verletzt.<\/p>\n\n\n\n<h2 class=\"wp-block-heading\">(Ludwigshafen) &#8211; Gef\u00e4hrlicher Eingriff in den Stra\u00dfenverkehr \/ Zeugen gesucht<\/h2>\n\n\n<div class=\"wp-block-image\">\n<figure class=\"aligncenter size-full\"><img decoding=\"async\" loading=\"lazy\" width=\"801\" height=\"600\" src=\"https:\/\/speyer24news.com\/wp-content\/uploads\/2020\/05\/Zeugen-gesucht-Neutral.jpg\" alt=\"\" class=\"wp-image-26598\" srcset=\"https:\/\/speyer24news.com\/wp-content\/uploads\/2020\/05\/Zeugen-gesucht-Neutral.jpg 801w, https:\/\/speyer24news.com\/wp-content\/uploads\/2020\/05\/Zeugen-gesucht-Neutral-300x225.jpg 300w, https:\/\/speyer24news.com\/wp-content\/uploads\/2020\/05\/Zeugen-gesucht-Neutral-768x575.jpg 768w, https:\/\/speyer24news.com\/wp-content\/uploads\/2020\/05\/Zeugen-gesucht-Neutral-678x509.jpg 678w, https:\/\/speyer24news.com\/wp-content\/uploads\/2020\/05\/Zeugen-gesucht-Neutral-326x245.jpg 326w, https:\/\/speyer24news.com\/wp-content\/uploads\/2020\/05\/Zeugen-gesucht-Neutral-80x60.jpg 80w\" sizes=\"(max-width: 801px) 100vw, 801px\" \/><\/figure><\/div>\n\n\n<p>Ein 30-j\u00e4hriger Mann war am Montagnachmittag (02.12.2024, 14:35 Uhr) mit seinem Auto auf der L527 von Maxdorf in Richtung Oderstra\u00dfe unterwegs, als ein 45-j\u00e4hriger Autofahrer pl\u00f6tzlich von der L524 nach links auf die L527 abbog und ihm die Vorfahrt nahm. Um eine Kollision zu vermeiden, wich der 30-J\u00e4hrige auf den Gr\u00fcnstreifen aus.<\/p>\n\n\n\n<p>In der Folge versuchte der 30-J\u00e4hrige, den 45-J\u00e4hrigen durch Hupen zum Anhalten zu bewegen. An der Ampel Oderstra\u00dfe\/Ruchheimer Stra\u00dfe stellte sich der 30-J\u00e4hrige vor das Auto des 45-J\u00e4hrigen. Als die Ampel gr\u00fcn wurde, fuhr der 45-J\u00e4hrige an, beschleunigte und der 30-J\u00e4hrige sprang auf die Motorhaube. Der 45-J\u00e4hrige setzte seine Fahrt mit dem 30-J\u00e4hrigen auf der Motorhaube \u00fcber mehrere Stra\u00dfen fort, bis der 30-J\u00e4hrige bei voller Fahrt auf den Asphalt st\u00fcrzte. Der 45-J\u00e4hrige entfernte sich anschlie\u00dfend vom Unfallort, ohne sich um den verletzten Mann zu k\u00fcmmern. Der 30-J\u00e4hrige musste anschlie\u00dfend in einem Krankenhaus behandelt werden. <\/p>\n\n\n\n<ul>\n<li><strong>Die Polizei sucht dringend Zeugen, die den Vorfall beobachtet haben. Hinweise werden an die Polizeiwache Oggersheim unter Tel. 0621 963 &#8211; 24650 oder per E-Mail\u00a0<a href=\"mailto: pwoggersheim@polizei.rlp.de\">pwoggersheim@polizei.rlp.de<\/a>\u00a0erbeten.<\/strong><\/li>\n<\/ul>\n\n\n\n<h2 class=\"wp-block-heading\">(Ludwigshafen) &#8211; Fu\u00dfg\u00e4nger angefahren<\/h2>\n\n\n\n<p>Ein 67-j\u00e4hriger Autofahrer wollte am Montagmorgen (02.12.2024, 7:36 Uhr) in den Ostringplatz einbiegen. Hierbei \u00fcbersah er einen 50-j\u00e4hrigen Fu\u00dfg\u00e4nger und kollidierte mit diesem. Durch den Aufprall verletzte sich der 50-J\u00e4hrige. Er musste anschlie\u00dfend in einem Krankenhaus medizinisch behandelt werden.<\/p>\n\n\n\n<h2 class=\"wp-block-heading\">(Ludwigshafen) &#8211; Kupferdiebstahl \/ Zeugen gesucht<\/h2>\n\n\n\n<p>Unbekannte entwendeten in dem Zeitraum vom 29.11.2024 bis 02.12.2024 100 Meter Kupferkabel im Gesamtwert von 1.500 Euro von einer Baustelle am Messplatz. Die Polizei sucht Zeugen. <\/p>\n\n\n\n<ul>\n<li><strong>Hinweise bitte an die Polizeiinspektion Ludwigshafen 1, Telefonnummer 0621 963- 24150 oder per E-Mail\u00a0<a href=\"mailto: piludwigshafen1@polizei.rlp.de\">piludwigshafen1@polizei.rlp.de<\/a>\u00a0.<\/strong><\/li>\n<\/ul>\n\n\n\n<h2 class=\"wp-block-heading\">(Mannheim) &#8211; Unfall zwischen Pkw und Stra\u00dfenbahn<\/h2>\n\n\n\n<p>Aktuell (<em>03.12.2024 \u2013 11:50<\/em>) ist die D\u00fcrerstra\u00dfe in beide Fahrtrichtungen gesperrt und Polizei und Rettungskr\u00e4fte befinden sich im Einsatz. Nach bisherigen Erkenntnissen kam es zwischen der Linie 6, zum Unfallzeitpunkt nur mit dem Fahrer besetzt, und einem Pkw auf H\u00f6he der Konrad-Witz-Stra\u00dfe zu einem Unfall. Weitere Angaben k\u00f6nnen zum jetzigen Zeitpunkt nicht get\u00e4tigt werden.<\/p>\n\n\n\n<h3 class=\"wp-block-heading has-text-align-center\">Pressemeldung Nr. 2<\/h3>\n\n\n\n<p>Dienstagvormittag kam es in der D\u00fcrerstra\u00dfe gegen 11:30 Uhr zu einem Unfall zwischen einem VW und einer Stra\u00dfenbahn. Der 42-j\u00e4hrige VW-Fahrer wollte von der Konrad-Witz-Stra\u00dfe kommend links in die D\u00fcrerstra\u00dfe abbiegen und missachtete dabei die Vorfahrt der Stra\u00dfenbahn, Linie 6. Bei dem Zusammensto\u00df drehte sich der VW, so dass er gegen einen geparkten Smart stie\u00df. Der 42-J\u00e4hrige wurde durch den Unfall in seinem Fahrzeug eingeklemmt und musste unter Hinzuziehung der Feuerwehr aus dem Fahrzeug geborgen werden. Er wurde schwer verletzt und in ein nahegelegenes Krankenhaus gebracht. Die 49-j\u00e4hrige Stra\u00dfenbahnfahrerin blieb unverletzt. Beide Pkw mussten abgeschleppt werden. Die Stra\u00dfenbahn konnte die Weiterfahrt nicht fortsetzen und wurde zum Werksgel\u00e4nde gefahren. Es entstand ein Gesamtschaden von circa 50.000 Euro. Die D\u00fcrerstra\u00dfe musste w\u00e4hrend der Unfallaufnahme bis circa 13:20 Uhr gesperrt werden.<\/p>\n\n\n\n<p>Der Verkehrsdienst Mannheim hat die weiteren Ermittlungen \u00fcbernommen.<\/p>\n\n\n\n<h2 class=\"wp-block-heading\">(Mannheim) &#8211; Audi-Fahrerin \u00fcbersieht Stra\u00dfenbahn in der Waldhofstra\u00dfe<\/h2>\n\n\n\n<p>Am Dienstagvormittag gegen 09:30 Uhr befuhr die 24-j\u00e4hrige Audi-Fahrerin die Waldhofstra\u00dfe in Fahrtrichtung Mannheim-Innenstadt. Parallel zu ihr fuhr die Stra\u00dfenbahnlinie 1. Auf H\u00f6he der &#8222;Kleine Riedstra\u00dfe&#8220; wollte die 24-J\u00e4hrige links in Richtung Hohwiesenstra\u00dfe abbiegen, um so zu einer B\u00e4ckerei an der Ecke Waldhofstra\u00dfe\/Hohwiesenstra\u00dfe fahren zu k\u00f6nnen. Hierbei \u00fcbersah sie die anfahrende Stra\u00dfenbahn, so dass es zu einem Zusammensto\u00df kam. Durch den Unfall wurde die Audi-Fahrerin leicht verletzt und in ein nahegelegenes Krankenhaus gebracht. Der 55-j\u00e4hrige Fahrer der Stra\u00dfenbahn sowie die 37 Fahrg\u00e4ste wurden durch den Unfall gl\u00fccklicherweise nicht verletzt. W\u00e4hrend der Unfallaufnahme wurde die Waldhofstra\u00dfe gesperrt und die Stra\u00dfenbahnlinien 1 und 3 konnten bis circa 10:25 Uhr nicht mehr weiterfahren. Die Stra\u00dfenbahn konnte ihre Weiterfahrt nicht fortsetzen und wurde zum Werksgel\u00e4nde gefahren. Der Audi wurde auf einem nahegelegenen Gel\u00e4nde einer Werkstatt abgestellt. Der Sachschaden an der Stra\u00dfenbahn und an dem Audi wird auf jeweils circa 15.000 Euro gesch\u00e4tzt.<\/p>\n\n\n\n<p>Die weiteren Unfallermittlungen hat der Verkehrsdienst Mannheim \u00fcbernommen.<\/p>\n\n\n\n<h2 class=\"wp-block-heading\">(Mannheim) &#8211; Autofahrer streift Stra\u00dfenbahn \/ Ein Fahrgast wird leicht verletzt<\/h2>\n\n\n\n<p>Am Montagabend fuhr ein 34-j\u00e4hriger Autofahrer entlang der Kurpfalzstra\u00dfe in Richtung Paradeplatz. Auf H\u00f6he des Quadrates N 1 kollidierte der VW-Fahrer mit einer Stra\u00dfenbahn, die in gleiche Richtung fuhr. Ersten Unfallermittlungen zufolge fuhr der Autofahrer zu weit links und streifte gegen 20 Uhr die linke Fahrzeugseite eines Wagons der Stra\u00dfenbahn. Der 60-j\u00e4hrige Fahrer leitete sofort eine Vollbremsung ein. Hierbei st\u00fcrzte eine 35-J\u00e4hrige zu Boden, die sich als Fahrgast in der Bahn befand. Sie wurde vor Ort von Rettungskr\u00e4ften versorgt und anschlie\u00dfend mit leichten Verletzungen in ein Krankenhaus gebracht. Der entstandene Gesamtsachschaden an den beiden Fahrzeugen liegt bei 5.500 Euro.<\/p>\n\n\n\n<p>F\u00fcr die Rettungsma\u00dfnahme sowie die Unfallaufnahme musste die Strecke der Stra\u00dfenbahn gesperrt werden. Diese wurde nach knapp einer Stunde wieder freigegeben.<\/p>\n\n\n\n<p>Der Verkehrsdienst Mannheim hat die Unfallermittlungen aufgenommen.<\/p>\n\n\n\n<h2 class=\"wp-block-heading\">(Mannheim) &#8211; Senior verursacht gleich mehrere Unf\u00e4lle<\/h2>\n\n\n\n<p>Ein 85-J\u00e4hriger war am Montag auf der Suche nach einem Parkplatz mit seinem Peugeot auf der Lindenstra\u00dfe unterwegs. Als er gegen 12 Uhr endlich einen ersp\u00e4hte, fuhr er noch etwas weiter, um auf dem Parkplatz eines Einkaufsmarktes zu wenden. Bei dem Man\u00f6ver stie\u00df er aus bislang unbekannter Ursache mit seinem Auto gegen eine Wand des Gesch\u00e4fts. Davon unbeeindruckt setzte der Senior seine Fahrt fort. Als er r\u00fcckw\u00e4rts wieder in die Lindenstra\u00dfe einfuhr, streifte er mit seinem Auto eine Hauswand, einen Stromkasten und ein Verkehrsschild. Doch damit nicht genug. Der 85-J\u00e4hrige gab wieder Gas und rammte im Anschluss einen am Fahrbahnrand geparkten Sprinter, welcher durch die Wucht des Aufpralls auf einen ebenfalls geparkten Opel geschoben wurde. Danach war der Peugeot des 85-J\u00e4hrigen nur noch ein Totalschaden. Gl\u00fccklicherweise kam bei dem Unfall niemand zu Schaden. Der entstandene Sachschaden wird jedoch auf \u00fcber 30.000 Euro gesch\u00e4tzt. Hinweise auf eine alkoholische Beeinflussung des Fahrers bestanden nicht, jedoch ergaben sich aus dem Unfallgeschehen erhebliche Zweifel an der Eignung des Seniors zum F\u00fchren eines Kraftfahrzeugs. Das Polizeirevier Mannheim-K\u00e4fertal \u00fcbernahm die weiteren Ermittlungen.<\/p>\n\n\n\n<h2 class=\"wp-block-heading\">(Mannheim) &#8211; 48-J\u00e4hrige bewirft Krankenwagen mit Fahrradleuchte<\/h2>\n\n\n\n<p>Am Montagmorgen bewarf eine 48-j\u00e4hrige Frau einen Krankenwagen mit einer Fahrradlampe.<\/p>\n\n\n\n<p>Die Frau bewarf gegen 10 Uhr am Eisenlohrplatz einen Rettungswagen, der sich auf einer Einsatzfahrt befand, mit einer Fahrrad-LED-Lampe. Die Lampe wurde mit einer solchen Wucht geworfen, dass sie am Rettungsfahrzeug in mehrere Teile zerbarst. Zudem wurde das Fahrzeug besch\u00e4digt.<\/p>\n\n\n\n<p>Eine hinzugerufene Polizeistreife konnte die 48-J\u00e4hrige in einem in der N\u00e4he befindlichen Linienbus antreffen. Sie war sehr aggressiv, schrie lauf umher und erz\u00e4hlte unzusammenh\u00e4ngende Dinge. Auf die Frage, warum sie die Lampe nach dem Rettungswagen geworfen hatte, konnte die 48-J\u00e4hrige keine plausible Auskunft geben.<\/p>\n\n\n\n<p>Die 48-j\u00e4hrige Frau sieht nun einer Strafanzeige wegen gef\u00e4hrlichen Eingriffs in den Stra\u00dfenverkehr entgegen.<\/p>\n\n\n\n<h2 class=\"wp-block-heading\">(Mannheim) &#8211; Unbekannte verursachen Kurzschluss beim Diebstahl von Kupferkabel \/ Zeugen gesucht<\/h2>\n\n\n\n<p>Unbekannte haben sich im Zeitraum von Samstag gegen 15 Uhr bis Montag gegen 07 Uhr Zutritt zu einem Baustellenbereich in der Dalbergstra\u00dfe verschafft. Hier entwendeten sie insgesamt sechs Trommeln Kupferkabel im Wert von etwa 2.500 Euro.<\/p>\n\n\n\n<p>Ersten Ermittlungen zufolge versuchten die Unbekannten dar\u00fcber hinaus ein bereits in einer Wand verbautes Kabel zu entwenden. Nach einem verursachten Kurzschluss lie\u00dfen die T\u00e4ter davon ab und belie\u00dfen es bei dem bereits erlangten Stehlgut. Sie konnten die Tat\u00f6rtlichkeit in unbekannte Richtung mit 3.000 Meter Kupferkabel verlassen. Wie das Diebesgut abtransportiert wurde, ist derzeit noch nicht bekannt. Hierf\u00fcr k\u00f6nnte ein gr\u00f6\u00dferes Transportfahrzeug genutzt worden sein.<\/p>\n\n\n\n<ul>\n<li><strong>Das Polizeirevier Mannheim-Innenstadt hat die Ermittlungen aufgenommen und bittet Zeugen, die verd\u00e4chtige Wahrnehmungen gemacht haben und sachdienliche Hinweise zu der unbekannten T\u00e4terschaft mitteilen k\u00f6nnen, sich unter der Telefonnummer 0621\/1258-0 zu melden.<\/strong><\/li>\n<\/ul>\n\n\n\n<h2 class=\"wp-block-heading\">(Mannheim) &#8211; Nach Angriff mit Schlagstock Zeugen gesucht<\/h2>\n\n\n<div class=\"wp-block-image\">\n<figure class=\"aligncenter size-full\"><img decoding=\"async\" loading=\"lazy\" width=\"801\" height=\"600\" src=\"https:\/\/speyer24news.com\/wp-content\/uploads\/2020\/05\/Zeugen-gesucht-Neutral.jpg\" alt=\"\" class=\"wp-image-26598\" srcset=\"https:\/\/speyer24news.com\/wp-content\/uploads\/2020\/05\/Zeugen-gesucht-Neutral.jpg 801w, https:\/\/speyer24news.com\/wp-content\/uploads\/2020\/05\/Zeugen-gesucht-Neutral-300x225.jpg 300w, https:\/\/speyer24news.com\/wp-content\/uploads\/2020\/05\/Zeugen-gesucht-Neutral-768x575.jpg 768w, https:\/\/speyer24news.com\/wp-content\/uploads\/2020\/05\/Zeugen-gesucht-Neutral-678x509.jpg 678w, https:\/\/speyer24news.com\/wp-content\/uploads\/2020\/05\/Zeugen-gesucht-Neutral-326x245.jpg 326w, https:\/\/speyer24news.com\/wp-content\/uploads\/2020\/05\/Zeugen-gesucht-Neutral-80x60.jpg 80w\" sizes=\"(max-width: 801px) 100vw, 801px\" \/><\/figure><\/div>\n\n\n<p>Sonntagfr\u00fch um 07:15 Uhr befanden sich drei 21-J\u00e4hrige am Luisenring, als eine circa siebenk\u00f6pfige m\u00e4nnliche Personengruppe unvermittelt die drei angegriffen haben soll. Zwar fl\u00fcchteten alle drei in unterschiedliche Richtungen, wurden aber dennoch durch die unbekannte Gruppe verfolgt. Einer der 21-J\u00e4hrigen wurde im Bereich einer Tiefgarage am Swansea-Platz von mehreren T\u00e4tern eingeholt und soll mit einem Teleskopschlagstock im Bereich des Oberk\u00f6rpers und Armes angegriffen worden sein. Danach entwendeten die T\u00e4ter ein Smartphone beim 21-J\u00e4hrigen und fl\u00fcchteten in unbekannte Richtung.<\/p>\n\n\n\n<p>Die zwei weiteren 21-J\u00e4hrigen wurden ebenfalls leicht verletzt. Wie es zu den Verletzungen kam und in welcher Verbindung die Personen zueinanderstehen k\u00f6nnten, ist jedoch noch Gegenstand der weiteren Ermittlungen, die durch die Kriminalpolizei aufgenommen worden sind. <\/p>\n\n\n\n<ul>\n<li><strong>Zeugen, die sachdienliche Hinweise geben k\u00f6nne, werden gebeten, sich unter der Telefonnummer 0621\/174-4444 zu melden.<\/strong><\/li>\n<\/ul>\n\n\n\n<h2 class=\"wp-block-heading\">(Mannheim) &#8211; Pfeffersprayattacke vor Restaurant \/ Polizei sucht Zeugen<\/h2>\n\n\n<div class=\"wp-block-image\">\n<figure class=\"aligncenter size-full\"><img decoding=\"async\" loading=\"lazy\" width=\"800\" height=\"605\" src=\"https:\/\/speyer24news.com\/wp-content\/uploads\/2023\/10\/Pfefferspray-Spray-Reizgas.jpg\" alt=\"\" class=\"wp-image-55357\" srcset=\"https:\/\/speyer24news.com\/wp-content\/uploads\/2023\/10\/Pfefferspray-Spray-Reizgas.jpg 800w, https:\/\/speyer24news.com\/wp-content\/uploads\/2023\/10\/Pfefferspray-Spray-Reizgas-300x227.jpg 300w, https:\/\/speyer24news.com\/wp-content\/uploads\/2023\/10\/Pfefferspray-Spray-Reizgas-768x581.jpg 768w, https:\/\/speyer24news.com\/wp-content\/uploads\/2023\/10\/Pfefferspray-Spray-Reizgas-80x60.jpg 80w\" sizes=\"(max-width: 800px) 100vw, 800px\" \/><\/figure><\/div>\n\n\n<p>Am Sonntag kam es um kurz nach 6 Uhr zu einer Auseinandersetzung unter mehreren M\u00e4nnern vor einem Restaurant in der Luisenstra\u00dfe. Nach derzeitigem Ermittlungsstand soll eine Gruppe von vier bislang unbekannten M\u00e4nnern eine Gruppe von f\u00fcnf M\u00e4nnern attackiert und mit Pfefferspray verletzt haben. Was der Hintergrund der Auseinandersetzung war, ist bislang unklar. Nach der Auseinandersetzung entfernten sich die Angreifer in Richtung Kirchenstra\u00dfe. Eine Beschreibung der Tatverd\u00e4chtigen liegt derzeit nicht vor. Das Polizeirevier Mannheim-Innenstadt ermittelt nun wegen gef\u00e4hrlicher K\u00f6rperverletzung.<\/p>\n\n\n\n<ul>\n<li><strong>Zeugen, die sachdienliche Hinweise geben k\u00f6nnen, insbesondere zum Anlass der Auseinandersetzung oder zu den jeweiligen Tatbeitr\u00e4gen, werden gebeten, sich beim Polizeirevier Mannheim-Innenstadt unter der Telefonnummer 0621-1258-0 zu melden.<\/strong><\/li>\n<\/ul>\n\n\n\n<h2 class=\"wp-block-heading\">(Mannheim) &#8211; Korrekturmeldung zur Meldung: Verkehrsunfall zwischen Pkw und Radfahrer &#8211; PM Nr. 2 &#8211; Unfallflucht &#8211; Zeugen dringend gesucht<\/h2>\n\n\n\n<p>Am 26.11.2024 ereignete sich gegen 17 Uhr im Stadtteil Mannheim-Sch\u00f6nau im Bereich der K\u00f6nigsberger Allee \/ Heilsberger Stra\u00dfe ein schwerer Verkehrsunfall.<\/p>\n\n\n\n<p>Entgegen der Pressemeldung&nbsp;<a target=\"_blank\" rel=\"noreferrer noopener\" href=\"http:\/\/presseportal.de\/blaulicht\/pm\/14915\/5917643\">http:\/\/presseportal.de\/blaulicht\/pm\/14915\/5917643<\/a>&nbsp;missachtete der 87-j\u00e4hrige Radfahrer nicht die Vorfahrt eines Ford-Fahrers, sondern wurde von einem \/ einer bislang unbekannten Autofahrer \/ Autofahrerin beim \u00dcberqueren eines Fu\u00dfg\u00e4ngerweges erfasst, der\/ die daraufhin von der Unfall\u00f6rtlichkeit fl\u00fcchtete.<\/p>\n\n\n\n<p>Unfallhergang:<\/p>\n\n\n\n<p>Der 87-j\u00e4hrige Radfahrer befuhr die Heilsberger Stra\u00dfe in Fahrtrichtung K\u00f6nigsberger Allee und kreuzte auf seinem Rad den angrenzenden Fu\u00dfg\u00e4nger\u00fcberweg in Fahrtrichtung des Wald- und Wirtschaftsweges &#8222;Kr\u00e4henfl\u00fcgel&#8220;. Beim \u00dcberqueren des Fu\u00dfg\u00e4nger\u00fcberweges wird der Radfahrer von einem bislang unbekannten wei\u00dfen Pkw erfasst und auf die Gegenfahrbahn geschleudert. Dort kollidierte er mitsamt seinem Fahrrad mit dem Ford eines 41-j\u00e4hrigen Fahrers, der die K\u00f6nigsberger Allee in Fahrtrichtung Lilienthalstra\u00dfe befuhr.<\/p>\n\n\n\n<p>Der unbekannte Pkw-F\u00fchrer\/ Pkw-F\u00fchrerin fl\u00fcchtete von der Unfall\u00f6rtlichkeit. Der 87-J\u00e4hrige wurde bei dem Unfall lebensgef\u00e4hrlich verletzt. Lebensgefahr besteht nicht mehr besteht.<\/p>\n\n\n\n<p>Der gefl\u00fcchtete wei\u00dfe Pkw sollte im Frontbereich Sch\u00e4den aufweisen.<\/p>\n\n\n\n<p>Der Verkehrsdienst Mannheim hat die Ermittlungen aufgenommen. In diesem Zusammenhang wird nun nach Zeugen gesucht, die zum Unfallzeitpunkt oder an der Unfallstelle einen weiteren Pkw festgestellt haben, der mit dem Unfall im Zusammenhang stehen k\u00f6nnte. Auch werden Zeugen gesucht, die Angaben zum Fahrer\/ Fahrerin machen oder etwaige Hinweise geben k\u00f6nnen, gesucht.<\/p>\n\n\n\n<ul>\n<li><strong>Zeugen werden gebeten, sich unter der Telefonnummer 0621\/ 174-4222 zu melden.<\/strong><\/li>\n<\/ul>\n\n\n\n<h2 class=\"wp-block-heading\">(Heidelberg) &#8211; Unbekannter f\u00e4hrt 14-j\u00e4hrige Fahrradfahrerin an \/ Zeugen gesucht!<\/h2>\n\n\n<div class=\"wp-block-image\">\n<figure class=\"aligncenter size-full\"><img decoding=\"async\" loading=\"lazy\" width=\"801\" height=\"600\" src=\"https:\/\/speyer24news.com\/wp-content\/uploads\/2020\/05\/Zeugen-gesucht-Neutral.jpg\" alt=\"\" class=\"wp-image-26598\" srcset=\"https:\/\/speyer24news.com\/wp-content\/uploads\/2020\/05\/Zeugen-gesucht-Neutral.jpg 801w, https:\/\/speyer24news.com\/wp-content\/uploads\/2020\/05\/Zeugen-gesucht-Neutral-300x225.jpg 300w, https:\/\/speyer24news.com\/wp-content\/uploads\/2020\/05\/Zeugen-gesucht-Neutral-768x575.jpg 768w, https:\/\/speyer24news.com\/wp-content\/uploads\/2020\/05\/Zeugen-gesucht-Neutral-678x509.jpg 678w, https:\/\/speyer24news.com\/wp-content\/uploads\/2020\/05\/Zeugen-gesucht-Neutral-326x245.jpg 326w, https:\/\/speyer24news.com\/wp-content\/uploads\/2020\/05\/Zeugen-gesucht-Neutral-80x60.jpg 80w\" sizes=\"(max-width: 801px) 100vw, 801px\" \/><\/figure><\/div>\n\n\n<p>Am Montagabend gegen 20:30 Uhr kollidierte ein Autofahrer und eine 14-j\u00e4hrige Fahrradfahrerin auf dem Parkplatz eines Einkaufszentrums in der Felix-Wankel-Stra\u00dfe. Die Jugendliche fiel daraufhin zu Boden und zog sich leichte Verletzungen am Unterarm zu. Der Autofahrer soll anschlie\u00dfend sein Fahrzeug abgeparkt und sich bei der 14-J\u00e4hrigen entschuldigt haben. Nach einem Einkauf im Supermarkt sei dieser allerdings ohne seine Personalien zu nennen, von der Unfallstelle davongefahren.<\/p>\n\n\n\n<ul>\n<li><strong>Das Polizeirevier Heidelberg-S\u00fcd sucht nun den unbekannten Autofahrer sowie Zeugen, welche Hinweise zu dem Autofahrer oder dem Unfall geben k\u00f6nnen. Diese werden gebeten, sich unter der Nummer 06221\/ 3418-0 zu melden.<\/strong><\/li>\n<\/ul>\n\n\n\n<h2 class=\"wp-block-heading\">(Heidelberg) &#8211; Rabiate Ladendiebe \/ Ein T\u00e4ter fl\u00fcchtig &#8211; Zeugen gesucht<\/h2>\n\n\n<div class=\"wp-block-image\">\n<figure class=\"aligncenter size-full\"><img decoding=\"async\" loading=\"lazy\" width=\"801\" height=\"600\" src=\"https:\/\/speyer24news.com\/wp-content\/uploads\/2020\/05\/Zeugen-gesucht-Neutral.jpg\" alt=\"\" class=\"wp-image-26598\" srcset=\"https:\/\/speyer24news.com\/wp-content\/uploads\/2020\/05\/Zeugen-gesucht-Neutral.jpg 801w, https:\/\/speyer24news.com\/wp-content\/uploads\/2020\/05\/Zeugen-gesucht-Neutral-300x225.jpg 300w, https:\/\/speyer24news.com\/wp-content\/uploads\/2020\/05\/Zeugen-gesucht-Neutral-768x575.jpg 768w, https:\/\/speyer24news.com\/wp-content\/uploads\/2020\/05\/Zeugen-gesucht-Neutral-678x509.jpg 678w, https:\/\/speyer24news.com\/wp-content\/uploads\/2020\/05\/Zeugen-gesucht-Neutral-326x245.jpg 326w, https:\/\/speyer24news.com\/wp-content\/uploads\/2020\/05\/Zeugen-gesucht-Neutral-80x60.jpg 80w\" sizes=\"(max-width: 801px) 100vw, 801px\" \/><\/figure><\/div>\n\n\n<p>Nach einem Ladendiebstahl am Montagabend in einem Drogeriemarkt im Stadtteil Bergheim wurden zwei jugendliche T\u00e4ter rabiat.<\/p>\n\n\n\n<p>Ein 16-J\u00e4hriger und sein unbekannter Komplize wurden von den Detektiven des Drogeriemarkts am Bismarckplatz dabei beobachtet, wie jeder von beiden mehrere Parfums aus der Auslage entnahm und in die Jacke sowie den Hosenbund gesteckt hatte. Anschlie\u00dfend wollten die beiden das Ladengesch\u00e4ft verlassen, ohne zu bezahlen. Als sie von den Detektiven am Ausgang angesprochen wurden, versuchten sie zu fl\u00fcchten. Der 16-J\u00e4hrige schubste daraufhin einen Ladendetektiv und rannte los. Er konnte jedoch wieder ergriffen werden. Dabei kamen der Jugendliche und der Detektiv zu Fall, wodurch sich der Detektiv an der Hand verletzte. Anschlie\u00dfend wurde der T\u00e4ter ins Detektivb\u00fcro gebracht.<\/p>\n\n\n\n<p>Dem zweiten T\u00e4ter gelang die Flucht. <\/p>\n\n\n\n<h4 class=\"wp-block-heading\">Er wird wie folgt beschrieben:<\/h4>\n\n\n\n<ul>\n<li><strong>170 bis 180 cm gro\u00df<\/strong><\/li>\n\n\n\n<li><strong>Arabisches Erscheinungsbild<\/strong><\/li>\n\n\n\n<li><strong>Bluejeans<\/strong><\/li>\n\n\n\n<li><strong>Schwarze Oberbekleidung mit wei\u00df-roten Schultern<\/strong><\/li>\n<\/ul>\n\n\n\n<p>Die Ermittlungen des Polizeireviers Heidelberg-Mitte wegen r\u00e4uberischen Diebstahls dauern an.<\/p>\n\n\n\n<ul>\n<li><strong>Zeugen, die den Vorfall beobachtet haben und sachdienliche Hinweise zum fl\u00fcchtigen T\u00e4ter geben k\u00f6nnen, werden gebeten, sich unter der Rufnummer 06221\/1857-0 beim Polizeirevier Heidelberg-Mitte zu melden.<\/strong><\/li>\n<\/ul>\n\n\n\n<h2 class=\"wp-block-heading\">(Heidelberg) &#8211; Unfallverursacher entfernt sich unerlaubt von Unfallstelle<\/h2>\n\n\n\n<p>Auf einem Restaurantparkplatz in der Speyerer Stra\u00dfe wurde am Montagabend gegen 20:15 Uhr ein dort geparkter Hyundai besch\u00e4digt. Der Unfallverursacher soll laut Zeugenaussagen beim Ausparken am besch\u00e4digten Fahrzeug h\u00e4ngen geblieben sein und sich anschlie\u00dfend unerlaubt von der Unfallstelle entfernt haben.<\/p>\n\n\n\n<p>Am Hyundai konnte ein Schaden von circa 5.000 Euro festgestellt werden.<\/p>\n\n\n\n<ul>\n<li><strong>Bei sachdienlichen Hinweisen zum Vorfall oder zum Unfallverursacher wenden Sie sich bitte an den Verkehrsdienst Heidelberg unter der Nummer 0621\/ 174-4111.<\/strong><\/li>\n<\/ul>\n\n\n\n<h2 class=\"wp-block-heading\">(Heidelberg) &#8211; Zeugen nach Einbruch gesucht!<\/h2>\n\n\n\n<p>Unbekannte verschafften sich im Zeitraum von Freitag bis Montag gewaltsam Zutritt zu einem Wohnhaus in der M\u00f6nchhofstra\u00dfe und entwendeten dort Bargeld in noch unbekannter H\u00f6he. Die T\u00e4ter hebelten die Terrassent\u00fcr des Hauses auf und gelangten so in das Innere. Hier durchw\u00fchlten sie die Wohnr\u00e4ume nach Diebesgut. <\/p>\n\n\n\n<ul>\n<li><strong>Das Polizeirevier Heidelberg-Nord sucht nun Zeugen, welche verd\u00e4chtige Wahrnehmungen gemacht haben und bittet diese, sich unter der Telefonnummer 06221\/4569-0 zu melden.<\/strong><\/li>\n<\/ul>\n\n\n\n<h2 class=\"wp-block-heading\">(Hockenheim \/ Rhein-Neckar-Kreis) &#8211; Einbruchserie in Fahrzeuge \/ Zeugen gesucht &#8211; Nachmeldung: T\u00e4teridentifizierung<\/h2>\n\n\n<div class=\"wp-block-image\">\n<figure class=\"aligncenter size-full\"><img decoding=\"async\" loading=\"lazy\" width=\"801\" height=\"600\" src=\"https:\/\/speyer24news.com\/wp-content\/uploads\/2020\/05\/Zeugen-gesucht-Neutral.jpg\" alt=\"\" class=\"wp-image-26598\" srcset=\"https:\/\/speyer24news.com\/wp-content\/uploads\/2020\/05\/Zeugen-gesucht-Neutral.jpg 801w, https:\/\/speyer24news.com\/wp-content\/uploads\/2020\/05\/Zeugen-gesucht-Neutral-300x225.jpg 300w, https:\/\/speyer24news.com\/wp-content\/uploads\/2020\/05\/Zeugen-gesucht-Neutral-768x575.jpg 768w, https:\/\/speyer24news.com\/wp-content\/uploads\/2020\/05\/Zeugen-gesucht-Neutral-678x509.jpg 678w, https:\/\/speyer24news.com\/wp-content\/uploads\/2020\/05\/Zeugen-gesucht-Neutral-326x245.jpg 326w, https:\/\/speyer24news.com\/wp-content\/uploads\/2020\/05\/Zeugen-gesucht-Neutral-80x60.jpg 80w\" sizes=\"(max-width: 801px) 100vw, 801px\" \/><\/figure><\/div>\n\n\n<p>Wie bereits berichtet, kam es in der Nacht von Samstag auf Sonntag im Stadtgebiet Hockenheim zu einer Einbruchserie in Fahrzeuge, bei dem die zu dem Zeitpunkt unbekannten T\u00e4ter die Scheiben der geparkten Pkw einschlugen, um dann im Fahrzeuginneren nach Wertsachen zu suchen (<a target=\"_blank\" rel=\"noreferrer noopener\" href=\"https:\/\/www.presseportal.de\/blaulicht\/pm\/14915\/5920439\">https:\/\/www.presseportal.de\/blaulicht\/pm\/14915\/5920439<\/a>).<\/p>\n\n\n\n<p>Nach bisherigem Ermittlungsstand wurden in dem Tatzeitraum \u00fcber 80 Fahrzeuge besch\u00e4digt. Der hierdurch entstandene Sachschaden wird auf mehrere 10.000 Euro gesch\u00e4tzt.<\/p>\n\n\n\n<p>Mithilfe eines Hinweises aus der Bev\u00f6lkerung konnten die Ermittler und Ermittlerinnen des Polizeireviers Hockenheim nun einen 11- und einen 16-J\u00e4hrigen als mutma\u00dfliche T\u00e4ter identifizieren. Da es sich bei den T\u00e4tern um Minderj\u00e4hrige handelt, wurden sie im Anschluss an die polizeilichen Ma\u00dfnahmen an ihre Eltern \u00fcberstellt. Die umfangreichen Ermittlungen dauern aktuell noch an, insbesondere dahingehend, ob die beiden als T\u00e4ter in anderen, gleichgelagerten F\u00e4llen in Frage kommen.<\/p>\n\n\n\n<ul>\n<li><strong>Das Polizeirevier Hockenheim sucht weiterhin nach Gesch\u00e4digten. Diese k\u00f6nnen sich unter der Tel.: 06205 28600 melden.<\/strong><\/li>\n<\/ul>\n\n\n\n<h2 class=\"wp-block-heading\">(Sinsheim \/ Rhein-Neckar-Kreis) &#8211; Unfallgesch\u00e4digter entfernt sich von Unfallstelle \/ Zeugen gesucht!<\/h2>\n\n\n\n<p>Am Montagmorgen gegen 07:30 Uhr fuhr ein 52-j\u00e4hriger BMW-Fahrer von der Abfahrt der BAB 6 Sinsheim-Steinsfurt\/Reihen kommend in Fahrtrichtung Sinsheim Reihen entlang und missachtete hierbei die Vorfahrt eines bislang unbekannten Autofahrers oder einer Autofahrerin. Der BMW kollidierte hierbei mit dem hinteren linken Heck des Unbekannten. Nach dem Zusammensto\u00df entfernte sich der Unbekannte jedoch in Fahrtrichtung Heilbronn.<\/p>\n\n\n\n<ul>\n<li><strong>Bei dem Auto des oder der Unbekannten soll es sich um einen wei\u00dfen oder silbernen Kombi gehandelt haben. N\u00e4here Informationen sind nicht bekannt.<\/strong><\/li>\n<\/ul>\n\n\n\n<ul>\n<li><strong>Das Polizeirevier Sinsheim sucht nun nach Zeugen, die den Unfall beobachten konnten oder Angaben zum Fahrzeug des oder der Unbekannten machen k\u00f6nnen. Diese werden gebeten, sich unter der Tel.: 07261 \/ 690 &#8211; 0 beim Polizeirevier Sinsheim zu melden.<\/strong><\/li>\n<\/ul>\n\n\n\n<h2 class=\"wp-block-heading\">(Weinheim \/ Rhein-Neckar-Kreis) &#8211; Brand in Keller schnell gel\u00f6scht<\/h2>\n\n\n\n<p>Am Montag wurde gegen 15:10 Uhr ein Kellerbrand in der Bergwaldstra\u00dfe gemeldet. Vor Ort stellte sich heraus, dass es sich um einen Elektroanlagenbrand an einem Schaltschrank im Keller handelte, der durch einen Kurzschluss hervorgerufen worden ist. Wie es zu diesem kam, ist bislang nicht bekannt. Der Brand konnte durch die Feuerwehr gel\u00f6scht werden. Aufgrund der entstandenen Rauchentwicklung wurde der Senior leicht verletzt. Er wurde vorsorglich in ein umliegendes Krankenhaus gebracht und konnte am selben Tag wieder entlassen werden.<\/p>\n\n\n\n<p>Der Gesamtschaden betr\u00e4gt circa 50.000 Euro.<\/p>\n\n\n\n<p>Die weiteren Ermittlungen f\u00fchrt das Polizeirevier Weinheim.<\/p>\n","protected":false},"excerpt":{"rendered":"<div class=\"mh-excerpt\"><p>Polizeimeldungen vom Dienstag (03.12.2024) (Speyer) &#8211; Reifen zerstochen, Polizei sucht Zeugen Im Zeitraum zwischen Sonntag, dem 01.12.2024, 11:00 Uhr und Montag, dem 02.12.2024, 11:50 Uhr, haben ein oder mehrere unbekannte T\u00e4ter an zwei Fahrzeugen, die <a class=\"mh-excerpt-more\" href=\"https:\/\/speyer24news.com\/?p=60520\" title=\"Polizeimeldungen Dienstag (03.12.24)\">[&#8230;]<\/a><\/p>\n<\/div>","protected":false},"author":3,"featured_media":26162,"comment_status":"open","ping_status":"open","sticky":false,"template":"","format":"standard","meta":{"_monsterinsights_skip_tracking":false,"_monsterinsights_sitenote_active":false,"_monsterinsights_sitenote_note":"","_monsterinsights_sitenote_category":0,"footnotes":""},"categories":[15659],"tags":[7273,7243,7244,10926,3614,13554,350,15084,15267,18288,15361,61,2555,14113,6955,6986,6263,63,105,11150,6987,53,13540,16956,18099,17274,4683,14958,9154,17275,11592,14705,18511,18512,102,13626,213,14325,14324,13553,13541,16955,2625,380],"aioseo_notices":[],"amp_enabled":true,"_links":{"self":[{"href":"https:\/\/speyer24news.com\/index.php?rest_route=\/wp\/v2\/posts\/60520"}],"collection":[{"href":"https:\/\/speyer24news.com\/index.php?rest_route=\/wp\/v2\/posts"}],"about":[{"href":"https:\/\/speyer24news.com\/index.php?rest_route=\/wp\/v2\/types\/post"}],"author":[{"embeddable":true,"href":"https:\/\/speyer24news.com\/index.php?rest_route=\/wp\/v2\/users\/3"}],"replies":[{"embeddable":true,"href":"https:\/\/speyer24news.com\/index.php?rest_route=%2Fwp%2Fv2%2Fcomments&post=60520"}],"version-history":[{"count":2,"href":"https:\/\/speyer24news.com\/index.php?rest_route=\/wp\/v2\/posts\/60520\/revisions"}],"predecessor-version":[{"id":60524,"href":"https:\/\/speyer24news.com\/index.php?rest_route=\/wp\/v2\/posts\/60520\/revisions\/60524"}],"wp:featuredmedia":[{"embeddable":true,"href":"https:\/\/speyer24news.com\/index.php?rest_route=\/wp\/v2\/media\/26162"}],"wp:attachment":[{"href":"https:\/\/speyer24news.com\/index.php?rest_route=%2Fwp%2Fv2%2Fmedia&parent=60520"}],"wp:term":[{"taxonomy":"category","embeddable":true,"href":"https:\/\/speyer24news.com\/index.php?rest_route=%2Fwp%2Fv2%2Fcategories&post=60520"},{"taxonomy":"post_tag","embeddable":true,"href":"https:\/\/speyer24news.com\/index.php?rest_route=%2Fwp%2Fv2%2Ftags&post=60520"}],"curies":[{"name":"wp","href":"https:\/\/api.w.org\/{rel}","templated":true}]}}