{"id":60532,"date":"2024-12-16T10:37:16","date_gmt":"2024-12-16T09:37:16","guid":{"rendered":"https:\/\/speyer24news.com\/?p=60532"},"modified":"2024-12-16T10:37:19","modified_gmt":"2024-12-16T09:37:19","slug":"polizeimeldungen-wochenende-13-12-15-12-24","status":"publish","type":"post","link":"https:\/\/speyer24news.com\/?p=60532","title":{"rendered":"Polizeimeldungen Wochenende (13.12. &#8211; 15.12.24)"},"content":{"rendered":"<style type=\"text\/css\">\r\n\t.ads_top_disp{}\r\n\t.ads_top_corner_disp{ float:left; margin:0px 10px 10px 0px; }\r\n\t.ads_first_p_disp{}\r\n\t.ads_bottom_disp{}\r\n\t<\/style>\n<h2 class=\"wp-block-heading\">Polizeimeldungen vom Wochenende (13.12. &#8211; 15.12.2024)<\/h2>\n\n\n<div class=\"wp-block-image\">\n<figure class=\"aligncenter size-full\"><img decoding=\"async\" loading=\"lazy\" width=\"375\" height=\"500\" src=\"https:\/\/speyer24news.com\/wp-content\/uploads\/2022\/03\/Aktuelles-Polizeilogo.jpg\" alt=\"\" class=\"wp-image-43591\" srcset=\"https:\/\/speyer24news.com\/wp-content\/uploads\/2022\/03\/Aktuelles-Polizeilogo.jpg 375w, https:\/\/speyer24news.com\/wp-content\/uploads\/2022\/03\/Aktuelles-Polizeilogo-225x300.jpg 225w\" sizes=\"(max-width: 375px) 100vw, 375px\" \/><\/figure><\/div>\n\n\n<h2 class=\"wp-block-heading\">(Speyer) &#8211; Verkehrsunfall mit Flucht<\/h2>\n\n\n\n<p>Am 14.12.2024 gegen 23:10 Uhr kam es auf dem Domplatz zu einem Verkehrsunfall mit einem leichtverletzten Fu\u00dfg\u00e4nger. Hierbei wurde einem 17-J\u00e4hriger, durch ein noch unbekannten PKW, \u00fcber den Fu\u00df gefahren. Der PKW entfernte sich anschlie\u00dfend von der \u00d6rtlichkeit. Wie es zu diesem Verkehrsunfall gekommen ist, ist noch Gegenstand der polizeilichen Ermittlungen.<\/p>\n\n\n\n<ul>\n<li><strong>Insbesondere PKW-Fahrer, die sich zur betreffenden Zeit auf dem Domplatz befunden haben, aber auch weitere Zeugen die sachdienliche Hinweise geben k\u00f6nnen, werden gebeten sich mit der Polizeiinspektion Speyer unter 06232 137-0 oder per E-Mail \u00fcber\u00a0<a href=\"mailto: pispeyer@polizei.rlp.de\">pispeyer@polizei.rlp.de<\/a>\u00a0in Verbindung zu setzen.<\/strong><\/li>\n<\/ul>\n\n\n\n<h2 class=\"wp-block-heading\">(Speyer) &#8211; Verkehrsunfall unter Alkoholeinfluss<\/h2>\n\n\n\n<p>Am 14.12.2024 gegen 14:21 Uhr befuhr eine 36-J\u00e4hrige die B9 in Fahrtrichtung Speyer. Auf H\u00f6he R\u00f6merberg\/Dudenhofen fuhr ihr ein 64-J\u00e4hriger Mann von hinten auf ihr Fahrzeug auf. Hierbei verletzte sich die 36-J\u00e4hrige leicht. Im Rahmen der Unfallaufnahme wurde bei dem 64-J\u00e4hrigen durch die eingesetzten Beamten Alkoholgeruch wahrgenommen. Ein durchgef\u00fchrter Test ergab hierbei 1,99 Promille. Den 64-J\u00e4hrigen erwartet nun ein Strafverfahren, der F\u00fchrerschein wurde beschlagnahmt und die zust\u00e4ndige Fahrerlaubnisstelle wird \u00fcber das Strafverfahren in Kenntnis gesetzt.<\/p>\n\n\n\n<p><strong><em>Die Polizei weist nochmals darauf hin, dass der Einfluss von Alkohol oder anderen berauschenden Mitteln eine Hauptunfallursache darstellt. Aus gegeneben Anlass m\u00f6chten wir daher noch einmal deutlich machen: Wer berauscht f\u00e4hrt, gef\u00e4hrdet nicht nur sich, sondern auch andere!<\/em><\/strong><\/p>\n\n\n\n<h2 class=\"wp-block-heading\">(Speyer) &#8211; Trunkenheitsfahrt<\/h2>\n\n\n\n<p>Am 14.12.2024 gegen 06:20 Uhr befuhr ein 25-J\u00e4hriger mit seinem Fahrrad die Schustergasse. Hierbei wurde durch eine Streifenwagenbesatzung eine unsichere Fahrweise festgestellt und kontrolliert. Bei dem 25-J\u00e4hrigen wurde Atemalkoholgeruch wahrgenommen. Ein durchgef\u00fchrter Test ergab einen Wert von 1,84 Promille. Den 25-J\u00e4hrigen erwartet nun ein Strafverfahren wegen Trunkenheit im Verkehr, des Weiteren wurde sein Fahrrad bis zur N\u00fcchternheit sichergestellt.<\/p>\n\n\n\n<p><em><strong>Hinweis der Polizei: Auch das Fahren unter Alkoholeinfluss auf einem Fahrrad kann Konsequenzen f\u00fcr die eigene Fahrerlaubnis haben! Die zust\u00e4ndige Fahrerlaubnisbeh\u00f6rde wird auch in solchen F\u00e4llen \u00fcber die Einleitung eines Strafverfahrens in Kenntnis gesetzt.<\/strong><\/em><\/p>\n\n\n\n<h2 class=\"wp-block-heading\">(Speyer) &#8211; Verkehrskontrollen der Polizei<\/h2>\n\n\n\n<p>Im Zeitraum vom 13.12.2024-14.12.2024 wurden folgende Ma\u00dfnahmen getroffen:<\/p>\n\n\n\n<p>Am 13.12.2024 gegen 16:00 Uhr wurde ein 34-J\u00e4hriger PKW-Fahrer durch eine Streifenwagenbesatzung in der Wormser Landstra\u00dfe kontrolliert. Hierbei konnte dieser zwar eine ausl\u00e4ndische Fahrerlaubnis vorlegen, diese war jedoch aufgrund seiner zur\u00fcckliegenden Wohnsitzbegr\u00fcndung in Deutschland nicht mehr g\u00fcltig. Ihn erwartet nun ein Strafverfahren wegen Fahren ohne Fahrerlaubnis.<\/p>\n\n\n\n<p>Am 14.12.2024 gegen 02:00 Uhr wurde durch eine Streifenwagenbesatzung in der Auestra\u00dfe eine allgemeine Verkehrskontrolle durchgef\u00fchrt. Im Rahmen der Kontrolle konnte bei der 27-J\u00e4hrige PKW-Fahrerin Alkoholgeruch wahrgenommen werden. Ein durchgef\u00fchrter Test ergab einen Wert von 0,72 Promille. Die Weiterfahrt wurde ihr untersagt. Die Fahrerin erwartet nun ein Ordnungswidrigkeitenverfahren.<\/p>\n\n\n\n<p>Des Weiteren wurden im Verlauf des 13.12.2024 und 14.12.2024 insgesamt zwei Verkehrsteilnehmer noch vor Fahrtantritt durch die Polizei kontrolliert und die geplante Fahrt aufgrund ihrer Alkoholisierung untersagt.<\/p>\n\n\n\n<h2 class=\"wp-block-heading\">(Speyer) &#8211; Fahrraddiebstahl<\/h2>\n\n\n\n<p>Am 13.12.2024 gegen 12:20 Uhr wurde durch eine aufmerksame B\u00fcrgerin ein Fahrraddiebstahl am Kindergarten in der Winternheimer Stra\u00dfe beobachtet. Ein Mann mittleren Alters, einem Dreitage-Bart, grauer M\u00fctze sowie dunkler Jacke oder Mantel betrat das Grundst\u00fcck und entfernte sich daraufhin mit einem Fahrrad. Bei \u00dcberpr\u00fcfung durch die Polizei meldete sich die Gesch\u00e4digte und gab an, dass ihr Fahrrad im Wert von ca. 700 Euro entwendet worden sei.<\/p>\n\n\n\n<ul>\n<li><strong>Zeugen, die sachdienliche Hinweise geben k\u00f6nnen, insbesondere zum bislang unbekannten T\u00e4ter, werden gebeten sich mit der Polizeiinspektion Speyer unter 06232 137-0 oder per E-Mail \u00fcber\u00a0<a href=\"mailto: pispeyer@polizei.rlp.de\">pispeyer@polizei.rlp.de<\/a>\u00a0in Verbindung zu setzen.<\/strong><\/li>\n<\/ul>\n\n\n\n<p><em><strong>In dieser Sache ein Hinweis der Polizei: Fahrzeuge jeglicher Art sollten durch den Eigent\u00fcmer ver- bzw. angeschlossen werden, um einem m\u00f6glichen Diebstahl des Fahrzeuges oder aus Fahrzeugen vorzubeugen. Hierf\u00fcr sollte bei Zweir\u00e4dern auch auf ein ausreichendes Schloss zum Anschlie\u00dfen geachtet werden.<\/strong><\/em><\/p>\n\n\n\n<h2 class=\"wp-block-heading\">(Speyer) &#8211; Unfall mit mehreren Verletzten<\/h2>\n\n\n\n<p>Am fr\u00fchen Donnerstagmorgen gegen 06:50 Uhr ereignete sich in der Spaldinger Stra\u00dfe ein Verkehrsunfall, bei dem drei Personen leicht verletzt wurden. Vom Parkplatz vor der ehemaligen Kaserne fuhr ein 25-j\u00e4hriger Autofahrer mit seinem Beifahrer (25 Jahre) in den flie\u00dfenden Verkehr ein. Von links kam ein 43-j\u00e4hriger Mann mit seinem Pkw angefahren. Im Einm\u00fcndungsbereich kam es zur Kollision. Die beiden Fahrzeuge wurden dadurch stark besch\u00e4digt und mussten abgeschleppt werden. Zum Unfallhergang machten die Fahrzeugf\u00fchrer unterschiedliche Angaben. Alle drei Fahrzeuginsassen verletzten sich leicht und klagten \u00fcber Nackenschmerzen bzw. Schmerzen im Gesicht wegen ausgel\u00f6ster Airbags. Auf eine medizinische Untersuchung vor Ort verzichteten sie jedoch. Der Verkehr musste an der Unfallstelle f\u00fcr circa eine Stunde geregelt werden.<\/p>\n\n\n\n<h2 class=\"wp-block-heading\">(L 534 \/ Waldsee) &#8211; Unfall unter Drogeneinfluss, Auto brennt aus<\/h2>\n\n\n<div class=\"wp-block-image\">\n<figure class=\"aligncenter\"><a href=\"https:\/\/cache.pressmailing.net\/thumbnail\/story_hires\/dfda54ee-ad26-4b37-9b4d-7432fd96a41c\/PKW.jpeg.jpg\"><img decoding=\"async\" src=\"https:\/\/cache.pressmailing.net\/thumbnail\/story_big\/dfda54ee-ad26-4b37-9b4d-7432fd96a41c\/pol-pdlu-unfall-unter-drogeneinfluss-auto-brennt-aus-in-waldsee\" alt=\"POL-PDLU: Unfall unter Drogeneinfluss, Auto brennt aus in Waldsee\"\/><\/a><\/figure><\/div>\n\n\n<p>In der fr\u00fchen Sonntagnacht des 15.12.2024, gegen 03:40 Uhr, eignete sich ein gr\u00f6\u00dferer Unfall auf der L534 bei Waldsee. Der 24-j\u00e4hrige Unfallverursacher befuhr die L534 von Otterstadt in Fahrtrichtung Waldsee, als er die Kontrolle \u00fcber sein Auto verlor und mit einem Baum kollidierte. Das Auto kippte um und fing an zu brennen. Der 24-j\u00e4hrige Fahrer konnte sich selbstst\u00e4ndig befreien und Hilfe rufen. Das umgekippte Auto geriet in Vollbrand und wurde von der Freiwilligen Feuerwehr gel\u00f6scht. Der 24-J\u00e4hrige erlitt durch den Unfall Verletzungen am Hand- und Fu\u00dfgelenk. Bei der Unfallaufnahme konnten bei dem Fahrer drogentypische Auff\u00e4lligkeiten festgestellt werden. Zur weiteren Behandlung wurde der Fahrer in ein Krankenhaus verbracht, wobei die Fahrt durch die Polizeibeamten begleitet wurde, da dem Fahrer vor das nun vorliegende Strafverfahren wegen Stra\u00dfenverkehrsgef\u00e4hrdung eine Blutprobe entnommen wurde. Es entstand ein Gesamtschaden von ca. 6.000 EUR.<\/p>\n\n\n\n<h2 class=\"wp-block-heading\">(Bereich Schifferstadt) &#8211; Vorsicht vor Telefon-Betr\u00fcgern \/ Aktuelle Warnmeldung<\/h2>\n\n\n<div class=\"wp-block-image\">\n<figure class=\"aligncenter size-full\"><img decoding=\"async\" loading=\"lazy\" width=\"578\" height=\"572\" src=\"https:\/\/speyer24news.com\/wp-content\/uploads\/2021\/10\/Telefonbetrug-geschnitten.jpg\" alt=\"\" class=\"wp-image-41297\" srcset=\"https:\/\/speyer24news.com\/wp-content\/uploads\/2021\/10\/Telefonbetrug-geschnitten.jpg 578w, https:\/\/speyer24news.com\/wp-content\/uploads\/2021\/10\/Telefonbetrug-geschnitten-300x297.jpg 300w\" sizes=\"(max-width: 578px) 100vw, 578px\" \/><\/figure><\/div>\n\n\n<p>Aktuell (<em>15.12.2024 \u2013 21:38<\/em>) kommt es in Schifferstadt vermehrt zu betr\u00fcgerischen Anrufen, bei denen unbekannte Personen sich f\u00e4lschlicherweise als Polizeibeamte ausgeben. Mit geschickter Gespr\u00e4chsf\u00fchrung verunsichern und manipulieren sie ihre Opfer derart, dass sie teilweise sehr hohe Geldbetr\u00e4ge und Wertgegenst\u00e4nde an die T\u00e4ter \u00fcberweisen oder sogar pers\u00f6nlich \u00fcbergeben. Und es kann jeden treffen. Denn die T\u00e4ter agieren \u00e4u\u00dferst geschickt und skrupellos. Dabei passen sie ihre Gespr\u00e4chstaktiken und Vorgehensweisen st\u00e4ndig an. Deshalb ben\u00f6tigen wir jetzt Ihre Mithilfe! Haben Sie gerade im Bereich Schifferstadt etwas Ungew\u00f6hnliches beobachtet? Kam Ihnen gerade etwas komisch vor? Haben Sie den Verdacht, dass in Ihrem Umfeld ein solcher Betrugsfall aktuell stattfinden k\u00f6nnte? Dann verst\u00e4ndigen Sie bitte umgehend die Polizei! Sind Sie z. B. Taxifahrerin oder Taxifahrer und fahren gerade eine \u00e4ltere Person zu einer Bank, weil diese Geld abheben m\u00f6chte? Oder sind Sie Mitarbeiterin oder Mitarbeiter einer Bank und sollen einer \u00e4lteren Person einen ungew\u00f6hnlich hohen Geldbetrag von ihrem Konto auszahlen? Die Situation kommt Ihnen verd\u00e4chtig vor? Dann rufen Sie bitte die 110! Im besten Fall stellt sich der Sachverhalt als harmlos heraus. Im Zweifelsfall k\u00f6nnten Sie aber auch eine Straftat vereiteln und Mitb\u00fcrgerinnen und Mitb\u00fcrger vor gro\u00dfem Schaden bewahren! Vielen Dank f\u00fcr Ihre Mithilfe!<\/p>\n\n\n\n<h2 class=\"wp-block-heading\">(Bereich Mutterstadt) &#8211; Vorsicht vor Betr\u00fcgern \/ Aktuelle Warnmeldung<\/h2>\n\n\n\n<p>Aktuell (<em>13.12.2024 \u2013 19:38<\/em>) kommt es in Mutterstadt vermehrt zu betr\u00fcgerischen Anrufen, bei denen unbekannte Personen z.B. Notlagen von angeblichen Angeh\u00f6rigen vort\u00e4uschen (sogenannte Schockanrufe), falsche Gewinnversprechen abgeben oder sich f\u00e4lschlicherweise als Amtstr\u00e4ger wie Staatsanw\u00e4lte oder Polizeibeamte ausgeben. Mit geschickter Gespr\u00e4chsf\u00fchrung verunsichern und manipulieren sie ihre Opfer derart, dass sie teilweise sehr hohe Geldbetr\u00e4ge und Wertgegenst\u00e4nde an die T\u00e4ter \u00fcberweisen oder sogar pers\u00f6nlich \u00fcbergeben. Und es kann jeden treffen. Denn die T\u00e4ter agieren \u00e4u\u00dferst geschickt und skrupellos. Dabei passen sie ihre Gespr\u00e4chstaktiken und Vorgehensweisen st\u00e4ndig an.<\/p>\n\n\n\n<p>Deshalb ben\u00f6tigen wir jetzt Ihre Mithilfe! Haben Sie gerade im Bereich Mutterstadtetwas Ungew\u00f6hnliches beobachtet? Kam Ihnen gerade etwas komisch vor? Haben Sie den Verdacht, dass in Ihrem Umfeld ein solcher Betrugsfall aktuell statt-finden k\u00f6nnte? Dann verst\u00e4ndigen Sie bitte umgehend die Polizei!<\/p>\n\n\n\n<p>Sind Sie z. B. Taxifahrerin oder Taxifahrer und fahren gerade eine \u00e4ltere Person zu einer Bank, weil diese Geld abheben m\u00f6chte? Oder sind Sie Mitarbeiterin oder Mitarbeiter einer Bank und sollen einer \u00e4lteren Person einen ungew\u00f6hnlich hohen Geldbetrag von ihrem Konto auszahlen? Die Situation kommt Ihnen verd\u00e4chtig vor? Dann rufen Sie bitte die 110! Im besten Fall stellt sich der Sachverhalt als harmlos heraus. Im Zweifelsfall k\u00f6nnten Sie aber auch eine Straftat vereiteln und Mitb\u00fcrgerinnen und Mitb\u00fcrger vor gro\u00dfem Schaden bewahren!<\/p>\n\n\n\n<h2 class=\"wp-block-heading\">(Limburgerhof) &#8211; Betrunken ausgeparkt und Unfall verursacht<\/h2>\n\n\n\n<p>Am Samstag, den 14.12.2024, gegen 17:30 Uhr, r\u00fcckten die Beamten der Polizeiinspektion Schifferstadt, zum wiederholten Male an diesem Wochenende, zu einem Verkehrsunfall aus. Eine 41-j\u00e4hrige Autofahrerin wollte auf dem Parkplatz eines Supermarktes in der Landauer Stra\u00dfe ausparken und touchierte dabei zwei geparkte Autos. Den Grund f\u00fcr den Unfall konnten die Beamten vor Ort schnell ausmachen. Denn bei der Unfallverursacherin konnte Alkoholgeruch wahrgenommen werden. Der durchgef\u00fchrte Atemalkoholtest ergab einen Wert von 1,62 Promille. Die 41-J\u00e4hrige wurde zur Dienststelle verbracht, wo ihr eine Blutprobe entnommen wurde. Sie erwartet nun ein Strafverfahren wegen Stra\u00dfenverkehrsgef\u00e4hrdung.<\/p>\n\n\n\n<h2 class=\"wp-block-heading\">(Limburgerhof) &#8211; Verkehrsunfall \/ Radfahrer verletzt<\/h2>\n\n\n\n<p>Am Donnerstagabend gegen 19:15 Uhr befuhr ein 53-j\u00e4hriger mit seinem Fahrrad die Neuhofener Stra\u00dfe. Ein 37-j\u00e4hriger PKW-Fahrer befuhr ebenfalls die Neuhofener Stra\u00dfe und wollte auf das Tankstellengel\u00e4nde der ARAL einbiegen und \u00fcbersah hierbei den entgegenkommenden Radfahrer. Es kam zum Zusammensto\u00df bei dem der Radfahrer auf die Windschutzscheibe des PKW prallte. An beiden Fahrzeugen entstand Sachschaden. Der Radfahrer erlitt durch den Unfall leichte Verletzungen. Eine medizinische Versorgung war vor Ort nicht notwendig.<\/p>\n\n\n\n<h2 class=\"wp-block-heading\">(Dannstadt-Schauernheim) &#8211; Vermeintlicher Gewinn mit Kryptow\u00e4hrung<\/h2>\n\n\n<div class=\"wp-block-image\">\n<figure class=\"aligncenter size-full\"><img decoding=\"async\" loading=\"lazy\" width=\"800\" height=\"588\" src=\"https:\/\/speyer24news.com\/wp-content\/uploads\/2021\/01\/Telefonbetrug.jpg\" alt=\"\" class=\"wp-image-32080\" srcset=\"https:\/\/speyer24news.com\/wp-content\/uploads\/2021\/01\/Telefonbetrug.jpg 800w, https:\/\/speyer24news.com\/wp-content\/uploads\/2021\/01\/Telefonbetrug-300x221.jpg 300w, https:\/\/speyer24news.com\/wp-content\/uploads\/2021\/01\/Telefonbetrug-768x564.jpg 768w, https:\/\/speyer24news.com\/wp-content\/uploads\/2021\/01\/Telefonbetrug-80x60.jpg 80w\" sizes=\"(max-width: 800px) 100vw, 800px\" \/><figcaption class=\"wp-element-caption\">Symbolbild Telefonbetrug<\/figcaption><\/figure><\/div>\n\n\n<p>Ein 78-j\u00e4hriger wurde \u00fcber TV-Werbung auf eine Website aufmerksam und t\u00e4tigte eine kleinere dreistellige Investition in eine Firma in Kryptow\u00e4hrung. Nach mehreren Monaten wurde ihm mitgeteilt, dass sich seine Investition infolge exponentieller Kursgewinne auf eine hohe f\u00fcnfstellige Summe erh\u00f6ht habe. Nachdem sich der 78-j\u00e4hrige den vermeintlichen Gewinn auszahlen lassen wollte, wurde er aufgefordert, zwecks Verifizierung, zwei vierstellige \u00dcberweisungen vorzunehmen. Nachdem nach mehreren Tagen keine Auszahlung des Betrages erfolgte, stellte er nach Recherchen fest, dass bereits etliche Personen ebenfalls Opfer dieser Betrugsmasche wurden und die Finanzaufsicht bereits vor Investitionen bei dieser Firma warnt und Ermittlungen t\u00e4tigt. Die Polizei warnt ausdr\u00fccklich vor Mitteilungen \u00fcber hohe Geldgewinne in Verbindung mit der Aufforderung von Zahlungen an unbekannte Kontonummern und r\u00e4t dringend, solche &#8222;Angebote&#8220; vor einer Investition zu \u00fcberpr\u00fcfen.<\/p>\n\n\n\n<h2 class=\"wp-block-heading\">(Germersheim) &#8211; Mehrere Fahrzeuge zu schnell unterwegs<\/h2>\n\n\n\n<p>Am Donnerstag, den 12.12.2024, von 08:30 bis 10:00 Uhr und von 11:20 bis 14:45 Uhr, erfolgten Geschwindigkeitsmessungen durch Beamte der Polizeiinspektion Germersheim im Bereich der Josef-Probst-Stra\u00dfe. Bei erlaubten 50 km\/h waren 41 Fahrer zu schnell unterwegs. Der gemessene H\u00f6chstwert lag bei 78 km\/h. Zudem hatten zwei Verkehrsteilnehmer keinen Sicherheitsgurt angelegt. In einem Fahrzeug befand sich ein Kleinkind ohne den vorgeschriebenen Kindersitz. Dem verantwortlichen Fahrzeugf\u00fchrer wurde die Weiterfahrt daraufhin untersagt. 16 Fahrer m\u00fcssen ihr Fahrzeug wegen technischer M\u00e4ngel nochmals bei der Polizei vorf\u00fchren.<\/p>\n\n\n\n<h2 class=\"wp-block-heading\">(Germersheim) &#8211; Zusammensto\u00df zwischen PKW und Fu\u00dfg\u00e4ngerin<\/h2>\n\n\n\n<p>Am Donnerstagmorgen, den 12.12.2024, gegen 07:45 Uhr, befuhr eine 34-j\u00e4hrige Fahrzeugf\u00fchrerin die Ritzhauptstra\u00dfe und bog nach links in die Posthiusstra\u00dfe ab. Dort kam es zu einem geringen Zusammensto\u00df mit einer 62-j\u00e4rigen Fu\u00dfg\u00e4ngerin, welche die Stra\u00dfe gerade \u00fcberqueren wollte. Die Fu\u00dfg\u00e4ngerin erlitt leichte Verletzungen und wurde in ein naheliegendes Krankenhaus gebracht. Am Fahrzeug der 34-J\u00e4hrigen entstand kein Schaden.<\/p>\n\n\n\n<h2 class=\"wp-block-heading\">(Kuhardt) &#8211; Mit Nikolausm\u00fctze unterwegs und Fahrzeug besch\u00e4digt<\/h2>\n\n\n\n<p>Am Donnerstagabend, den 12.12.2024, gegen 23:15 Uhr, befuhr ein 21-J\u00e4hriger Fahrzeugf\u00fchrer die R\u00fclzheimer Stra\u00dfe. Ein bislang unbekannter Mann mit Nikolausm\u00fctze lief auf die Stra\u00dfe, schlug auf die Windschutzscheibe des fahrenden PKWs und entfernte sich von der \u00d6rtlichkeit. Am Fahrzeug entstand kein Schaden.<\/p>\n\n\n\n<ul>\n<li><strong>Hinweise zu dem bislang unbekannten &#8222;Nikolaus&#8220; nimmt die Polizeiinspektion Germersheim unter 07274-9580 oder\u00a0<a href=\"mailto: pigermersheim@polizei.rlp.de\">pigermersheim@polizei.rlp.de<\/a>\u00a0entgegen.<\/strong><\/li>\n<\/ul>\n\n\n\n<h2 class=\"wp-block-heading\">(Neupotz) &#8211; M\u00fcll am Mitfahrerparkplatz entsorgt<\/h2>\n\n\n\n<p>Die Stra\u00dfenmeisterei stellte am 12.12.24 im Geb\u00fcsch am Mitfahrerparkplatz bei Neupotz zwei Koffer, eine Aktentasche und einen gro\u00dfen Karton fest, die dort illegal entsorgt wurden. Durch Ermittlungen der hinzugerufenen Polizei konnte die verantwortliche Person ermittelt werden. Gegen diese Person wurde ein Bu\u00dfgeldverfahren eingeleitet. Auch die Kosten der ordentlichen Entsorgung durch die Stra\u00dfenmeisterei kommen zum Bu\u00dfgeld hinzu.<\/p>\n\n\n\n<h2 class=\"wp-block-heading\">(Rheinzabern) &#8211; Wildunfall mit verletzter Person<\/h2>\n\n\n<div class=\"wp-block-image\">\n<figure class=\"aligncenter is-resized\"><a href=\"https:\/\/cache.pressmailing.net\/thumbnail\/story_hires\/ec0fb10e-5410-4e0d-8fff-64c0fa6a12ae\/wildVUmitverletzterPerson.jpeg.jpg\"><img decoding=\"async\" src=\"https:\/\/cache.pressmailing.net\/thumbnail\/story_big\/ec0fb10e-5410-4e0d-8fff-64c0fa6a12ae\/pol-pdld-wildunfall-mit-verletzter-person-in-rheinzabern\" alt=\"POL-PDLD: Wildunfall mit verletzter Person in Rheinzabern\" style=\"aspect-ratio:1.3345864661654134;width:710px;height:auto\"\/><\/a><\/figure><\/div>\n\n\n<p>Am Wochenende ereignete sich leider im Dienstbezirk der PI W\u00f6rth wieder mehrere Wildunf\u00e4lle. Ein Unfall war jedoch besonders folgenreich. Eine 40-j\u00e4hrige Autofahrer befuhr am 13.12.2024 gegen 23:35 Uhr die L 540 in der Gemarkung Rheinzabern, als pl\u00f6tzlich ein Wildtier die Fahrbahn \u00fcberquerte. Die Autofahrer habe sich so erschrocken, dass sie eine unkontrollierte Lenkbewegung machte und mit den dortigen Leitelementen kollidierte. Das Fahrzeug \u00fcberschlug sich und bleib auf dem Dach liegen. Die Autofahrerin verletzte sich bei dem Unfall und musste in ein Krankenhaus verbracht werden. Ihr PKW wurde total besch\u00e4digt, es d\u00fcrfte ein Sachschaden in H\u00f6he von ca. 5000 Euro entstanden sein. Das Wildtier konnte nicht gefunden werden. Die Polizei W\u00f6rth empfiehlt, dass Kraftfahrzeugf\u00fchrer in den Morgen -\/ Abend- bzw. Nachtstunden immer mit querenden Wildtieren rechnen m\u00fcssen. Wenn dies so sei, keine unkontrollierte Lenkbewegungen machen und mit festem Griff am Lenkrad bremsen aber gerade fahren, auch wenn es zur Kollision mit dem Tier kommen k\u00f6nnte.<\/p>\n\n\n\n<h2 class=\"wp-block-heading\">(W\u00f6rth) &#8211; Betrunkener Verkehrsteilnehmer<\/h2>\n\n\n\n<p>Am 14.12.2024 meldete gegen 18:25 Uhr mehrere Verkehrsteilnehmer einen Schlangenlinien fahrenden Kleintransporter auf der B10 aus Karlsruhe kommend in Fahrtrichtung Pfalz. Mehrere Streifen suchten den Transporter und fanden ihn an einer Tankstelle unweit des Bahnhofes. Der 45-j\u00e4hrige Fahrer war ebenfalls vor Ort, es konnten durch die Streife alkoholbedingte Ausfallerscheinungen festgestellt werden. Dem Fahrer wurde ein freiwilliger Alkotest angeboten, welcher mehr als 3 Promille ergab. Mit verwaschener Aussprache gab der Transporterfahrer noch an, einen kleinen Verkehrsunfall verursacht zu haben, wobei der linke Au\u00dfenspiegel an seinem PKW besch\u00e4digt wurde. Der F\u00fchrerschein des Beschuldigten im Strafverfahren wurde sichergestellt. Das Kraftfahrzeug konnte vor Ort kurzfristig verbleiben. Die eigentliche Unfallstelle, welche im Bereich der Stadt Karlsruhe liegt, konnte gefunden werden, es entstand zum Gl\u00fcck kein Fremdschaden. Das Verfahren wird an die Staatsanwaltschaft Landau abgegeben.<\/p>\n\n\n\n<h2 class=\"wp-block-heading\">(Kandel) &#8211; Diebstahl aus Wohnung<\/h2>\n\n\n\n<p>Ein oder mehrere noch unbekannte T\u00e4ter verschafften sich gestern am 12.12.24 im Zeitraum von 06.40 Uhr bis 16.00 Uhr Zutritt zu einer Wohnung in einem Gasthaus in der Wasgaustra\u00dfe in Kandel. Dort entwendeten sie mehrere Gegenst\u00e4nde im Gesamtwert einer niedrigen vierstelligen Summe. <\/p>\n\n\n\n<ul>\n<li><strong>Zeugen, welche verd\u00e4chtige Wahrnehmungen gemacht haben, sollen sich bitte mit der Polizei W\u00f6rth unter 07271 92210 oder\u00a0<a href=\"mailto: piwoerth@polizei.rlp.de\">piwoerth@polizei.rlp.de<\/a>\u00a0in Verbindung setzen.<\/strong><\/li>\n<\/ul>\n\n\n\n<h2 class=\"wp-block-heading\">(Bad Bergzabern) &#8211; Scheibe an Pkw eingeschlagen und Tasche entwendet<\/h2>\n\n\n\n<p>Am 12.12.2024, zwischen 11:40 und 13 Uhr, schlugen bislang unbekannte T\u00e4ter an einem schwarzen Pkw, Nissan Qashqai, die Seitenscheibe ein und entwendeten eine Tasche aus dem Pkw. Der Pkw war in der Friedhofstra\u00dfe geparkt.<\/p>\n\n\n\n<ul>\n<li><strong>Zeugen der Tat werden gebeten sich unter 06343\/93340 oder per Mail\u00a0<a href=\"mailto: pibadbergzabern@polizei.rlp.de\">pibadbergzabern@polizei.rlp.de<\/a>\u00a0bei der Polizeiinspektion Bad Bergzabern zu melden.<\/strong><\/li>\n<\/ul>\n\n\n\n<h2 class=\"wp-block-heading\">(Landau) &#8211; Aus Ruhest\u00f6rung wird t\u00e4tlicher Angriff auf Polizeibeamte<\/h2>\n\n\n<div class=\"wp-block-image\">\n<figure class=\"aligncenter size-full\"><img decoding=\"async\" loading=\"lazy\" width=\"800\" height=\"533\" src=\"https:\/\/speyer24news.com\/wp-content\/uploads\/2021\/10\/Festnahme-Handschellen.jpg\" alt=\"\" class=\"wp-image-41224\" srcset=\"https:\/\/speyer24news.com\/wp-content\/uploads\/2021\/10\/Festnahme-Handschellen.jpg 800w, https:\/\/speyer24news.com\/wp-content\/uploads\/2021\/10\/Festnahme-Handschellen-300x200.jpg 300w, https:\/\/speyer24news.com\/wp-content\/uploads\/2021\/10\/Festnahme-Handschellen-768x512.jpg 768w\" sizes=\"(max-width: 800px) 100vw, 800px\" \/><figcaption class=\"wp-element-caption\">Beispielbild Handschelle \/ Verhaftung, dient lediglich der Visualisierung<\/figcaption><\/figure><\/div>\n\n\n<p>Am fr\u00fchen Morgen des 15.12.2024 gegen 03:47 Uhr ging die Landauer Polizei zun\u00e4chst einem Routineeinsatz nach, da sich Anwohner \u00fcber die Nachtruhe st\u00f6renden L\u00e4rm auf einem Sportgel\u00e4nde in Landau beschwerten. Bei Eintreffen vor Ort lief ein 28-j\u00e4hriger Mann auf offener Stra\u00dfe umher und st\u00fcrzte zu Boden. Aufgrund des starken Aufpralls mit dem Gesicht voraus bestand der Verdacht einer schwerwiegenden Sch\u00e4delverletzung. Gegen\u00fcber hinzugezogenen Rettungskr\u00e4ften und dem Personal im Krankenhaus zeigte er sich \u00e4u\u00dferst renitent und verweigerte eine Behandlung. In Kombination mit einer festgestellten Alkoholisierung von \u00fcber drei Promille musste er sich jedoch aufgrund einer anzunehmenden Lebensgefahr zwingend in \u00e4rztliche Behandlung begeben.<\/p>\n\n\n\n<p>Da er sich auch an der Anwesenheit der Polizeibeamten st\u00f6rte, ging er mit erhobenen F\u00e4usten in bedrohlicher Weise auf einen Polizeibeamten zu. Der 28-J\u00e4hrige wurde daraufhin zu Boden gebracht und gefesselt. Im Anschluss wurde er station\u00e4r aufgenommen und \u00e4rztlich untersucht, im Verlauf des Vormittags konnte er das Krankenhaus wieder verlassen.<\/p>\n\n\n\n<h2 class=\"wp-block-heading\">(Landau) &#8211; Trunkenheitsfahrt mit renitentem Fahrzeugf\u00fchrer<\/h2>\n\n\n<div class=\"wp-block-image\">\n<figure class=\"aligncenter size-full\"><img decoding=\"async\" loading=\"lazy\" width=\"800\" height=\"533\" src=\"https:\/\/speyer24news.com\/wp-content\/uploads\/2022\/06\/Blaulicht.jpg\" alt=\"\" class=\"wp-image-46705\" srcset=\"https:\/\/speyer24news.com\/wp-content\/uploads\/2022\/06\/Blaulicht.jpg 800w, https:\/\/speyer24news.com\/wp-content\/uploads\/2022\/06\/Blaulicht-300x200.jpg 300w, https:\/\/speyer24news.com\/wp-content\/uploads\/2022\/06\/Blaulicht-768x512.jpg 768w\" sizes=\"(max-width: 800px) 100vw, 800px\" \/><\/figure><\/div>\n\n\n<p>Nachdem am sp\u00e4ten Abend des 14.12.2024 gegen 23:30 Uhr ein 30-j\u00e4hriger Mann die Landauer Polizei zun\u00e4chst wegen Streitigkeiten mit seinem Vater auf den Plan rief, muss er sich nun auch in einem Strafverfahren wegen Trunkenheit im Verkehr verantworten, da er vor Ort mit starkem Alkoholgeruch in einem Pkw angetroffen wurde. Da er sich den Anweisungen der Polizeibeamten widersetze und nicht aussteigen wollte, wurde er aus dem Fahrzeug gezogen und gefesselt. Zuvor versuchte er noch vergeblich, die Schusswaffe eines Polizeibeamten in dessen Waffenholster zu ergreifen.<\/p>\n\n\n\n<p>Im Anschluss wurde dem Mann durch einen Arzt eine Blutprobe entnommen.<\/p>\n\n\n\n<h2 class=\"wp-block-heading\">(Landau) &#8211; Schwerer Raub einer Armbanduhr<\/h2>\n\n\n\n<p>Am Samstagabend (14.12.2024) gegen 19:50 Uhr befand sich ein 18-j\u00e4hriger Mann fu\u00dfl\u00e4ufig in der Landauer Innenstadt und stie\u00df im Bereich der Gerberstra\u00dfe auf einen unbekannten Mann, mit welchem er in Streit geriet. Nach einem kurzen Gerangel auf dem Boden wurde der Gesch\u00e4digte mit einem Messer bedroht und leicht an der Hand verletzt. Im Zuge dessen verlor er eine Armbanduhr, welche der T\u00e4ter an sich nahm und fu\u00dfl\u00e4ufig in Richtung des Rathausplatzes fl\u00fcchtete.<\/p>\n\n\n\n<ul>\n<li><strong>Zeugen werden gebeten, sich telefonisch unter 06341\/287-0 mit der Polizei Landau in Verbindung zu setzen.<\/strong><\/li>\n<\/ul>\n\n\n\n<h2 class=\"wp-block-heading\">(Landau) &#8211; Unter Bet\u00e4ubungsmitteleinfluss vor Polizei gefl\u00fcchtet<\/h2>\n\n\n\n<p>Am 13.12.2024 gegen 09:00 Uhr beabsichtigte eine Streife der Polizei Landau, in der Ostbahnstra\u00dfe eine Verkehrskontrolle durchzuf\u00fchren und wendete hierzu den Streifenwagen. Der betroffene Verkehrsteilnehmer ahnte offensichtlich, dass ihm das Wendeman\u00f6ver galt und fl\u00fcchtete mit erh\u00f6hter Geschwindigkeit durch mehrere Seitenstra\u00dfen, in welchen er diverse Verkehrszeichen missachtete.<\/p>\n\n\n\n<p>Der Fluchtversuch blieb jedoch erfolglos, da die Polizeikr\u00e4fte den 25-j\u00e4hrigen Fahrzeugf\u00fchrer in der Maximilianstra\u00dfe stoppen und einer Verkehrskontrolle unterziehen konnten, bei welcher er sich \u00e4u\u00dferst unkooperativ zeigte. Da er augenscheinlich unter dem Einfluss von Bet\u00e4ubungsmitteln stand, wurde dem Fahrzeugf\u00fchrer die Weiterfahrt untersagt und auf polizeiliche Anordnung durch einen Arzt eine Blutprobe entnommen.<\/p>\n\n\n\n<h2 class=\"wp-block-heading\">(Landau) &#8211; Ohne F\u00fchrerschein erwischt<\/h2>\n\n\n\n<p>Am 12.12.2024 wurde gegen 20:10 Uhr ein 46-j\u00e4hriger Audi-Fahrer im Ostring in Landau einer Verkehrskontrolle unterzogen. Es stellte sich heraus, dass dieser nicht im Besitz einer g\u00fcltigen Fahrerlaubnis ist. Die Fahrerlaubnis wurde ihm in der Vergangenheit aufgrund einer begangenen Stra\u00dfenverkehrsgef\u00e4hrdung entzogen. Die Weiterfahrt wurde untersagt und die PKW-Schl\u00fcssel sichergestellt. Er wird sich nun in einem Strafverfahren wegen des Fahrens ohne Fahrerlaubnis verantworten m\u00fcssen.<\/p>\n\n\n\n<h2 class=\"wp-block-heading\">(B 272 \/ Essingen) &#8211; Berauscht Unfall verursacht<\/h2>\n\n\n\n<p>Am 12.12.2024 befuhr gegen 11:15 Uhr ein 36-j\u00e4hriger Seat-Fahrer die B272 von Landau kommend in Richtung Speyer. Am Essinger Kreisel musste er verkehrsbedingt bremsen. Dies erkannte ein nachfolgender 40-j\u00e4hriger Dacia-Fahrer zu sp\u00e4t und fuhr auf den PKW Seat auf. Es entstand Sachschaden in H\u00f6he von circa 1500 Euro. Zudem wurde der 36-J\u00e4hrige durch den Unfall leicht verletzt. Er wurde zur weiteren Behandlung in ein umliegendes Krankenhaus verbracht. Im Rahmen der Unfallaufnahme konnten bei dem 40-j\u00e4hrigen Unfallverursacher Anzeichen erkannt werden, die auf den Konsum von Bet\u00e4ubungsmitteln hindeuteten. Ein entsprechender Vortest best\u00e4tigte den Verdacht, dieser reagierte positiv auf diverse Stoffgruppen. Daher wurde ihm auf der Dienststelle eine Blutprobe entnommen und die Weiterfahrt untersagt. Sein F\u00fchrerschein wurde sichergestellt. Er wird sich nun in Strafverfahren wegen Stra\u00dfenverkehrsgef\u00e4hrdung sowie fahrl\u00e4ssiger K\u00f6rperverletzung verantworten m\u00fcssen.<\/p>\n\n\n\n<h2 class=\"wp-block-heading\">(Edenkoben \/ Edesheim) &#8211; 33 Fahrer zu schnell<a href=\"https:\/\/www.facebook.com\/sharer.php?u=https%3A%2F%2Fwww.presseportal.de%2Fblaulicht%2Fpm%2F117686%2F5930887%2F%3Futm_source%3Dfacebook%26utm_medium%3Dsocial\"><\/a><a href=\"https:\/\/twitter.com\/intent\/tweet?text=POL-PDLD%3A%2033%20Fahrer%20zu%20schnell&amp;url=https%3A%2F%2Fwww.presseportal.de%2Fblaulicht%2Fpm%2F117686%2F5930887%2F%3Futm_source%3Dtwitter%26utm_medium%3Dsocial&amp;hashtags=ots&amp;lang=de\"><\/a><a href=\"https:\/\/web.whatsapp.com\/send?text=POL-PDLD%3A%2033%20Fahrer%20zu%20schnell%0A%0Ahttps%3A%2F%2Fwww.presseportal.de%2Fblaulicht%2Fpm%2F117686%2F5930887%2F%3Futm_source%3Dwhatsapp%26utm_medium%3Dsocial\"><\/a><a href=\"https:\/\/www.xing.com\/app\/user?op=share;url=https%3A%2F%2Fwww.presseportal.de%2Fblaulicht%2Fpm%2F117686%2F5930887%2F%3Futm_source%3Dxing%26utm_medium%3Dsocial\"><\/a><a href=\"http:\/\/www.linkedin.com\/shareArticle?mini=true&amp;url=https%3A%2F%2Fwww.presseportal.de%2Fblaulicht%2Fpm%2F117686%2F5930887%2F%3Futm_source%3Dlinkedin%26utm_medium%3Dsocial&amp;title=POL-PDLD%3A+33+Fahrer+zu+schnell\"><\/a><a href=\"mailto:?subject=POL-PDLD%3A%2033%20Fahrer%20zu%20schnell&amp;body=https:\/\/www.presseportal.de\/blaulicht\/pm\/117686\/5930887\"><\/a><\/h2>\n\n\n\n<p>Beamte der Polizeiinspektion Edenkoben f\u00fchrten am Samstag Geschwindigkeitskontrollen durch und stellten insgesamt 33 Autofahrer fest, welche zu schnell fuhren. Innerhalb einer Stunde wurden gegen Mittag 15 Fahrzeugf\u00fchrer sanktioniert, welche in der Radeburger Stra\u00dfe in Edenkoben zu schnell fuhren. Bei erlaubten 30 km\/h lag der &#8222;Spitzenwert&#8220; bei unerfreulichen 55 km\/h. Der Versto\u00df zieht ein Bu\u00dfgeld in H\u00f6he von 115 Euro zzgl. Geb\u00fchren und einen Punkt im Flensburger Fahreignungsregister nach sich. Am Nachmittag wurden in der Staatsstra\u00dfe in Edesheim innerhalb von 50 Minuten 18 Autos gemessen, welche die zul\u00e4ssige H\u00f6chstgeschwindigkeit von 30 km\/h \u00fcberschritten. Der schnellste Fahrer wurde hier mit 49 km\/h festgestellt.<\/p>\n\n\n\n<h2 class=\"wp-block-heading\">(Edenkoben) &#8211; Pony gefunden<a href=\"https:\/\/www.facebook.com\/sharer.php?u=https%3A%2F%2Fwww.presseportal.de%2Fblaulicht%2Fpm%2F117686%2F5930596%2F%3Futm_source%3Dfacebook%26utm_medium%3Dsocial\"><\/a><a href=\"https:\/\/twitter.com\/intent\/tweet?text=POL-PDLD%3A%20Pony%20gefunden&amp;url=https%3A%2F%2Fwww.presseportal.de%2Fblaulicht%2Fpm%2F117686%2F5930596%2F%3Futm_source%3Dtwitter%26utm_medium%3Dsocial&amp;hashtags=ots&amp;lang=de\"><\/a><a href=\"https:\/\/web.whatsapp.com\/send?text=POL-PDLD%3A%20Pony%20gefunden%0A%0Ahttps%3A%2F%2Fwww.presseportal.de%2Fblaulicht%2Fpm%2F117686%2F5930596%2F%3Futm_source%3Dwhatsapp%26utm_medium%3Dsocial\"><\/a><a href=\"https:\/\/www.xing.com\/app\/user?op=share;url=https%3A%2F%2Fwww.presseportal.de%2Fblaulicht%2Fpm%2F117686%2F5930596%2F%3Futm_source%3Dxing%26utm_medium%3Dsocial\"><\/a><a href=\"http:\/\/www.linkedin.com\/shareArticle?mini=true&amp;url=https%3A%2F%2Fwww.presseportal.de%2Fblaulicht%2Fpm%2F117686%2F5930596%2F%3Futm_source%3Dlinkedin%26utm_medium%3Dsocial&amp;title=POL-PDLD%3A+Pony+gefunden\"><\/a><a href=\"mailto:?subject=POL-PDLD%3A%20Pony%20gefunden&amp;body=https:\/\/www.presseportal.de\/blaulicht\/pm\/117686\/5930596\"><\/a><\/h2>\n\n\n<div class=\"wp-block-image\">\n<figure class=\"aligncenter\"><a href=\"https:\/\/cache.pressmailing.net\/thumbnail\/story_hires\/f15ddacf-d2e6-42e8-9759-7584de658134\/Fund-Pferd.jpg.jpg\"><img decoding=\"async\" src=\"https:\/\/cache.pressmailing.net\/thumbnail\/story_big\/f15ddacf-d2e6-42e8-9759-7584de658134\/pol-pdld-pony-gefunden\" alt=\"POL-PDLD: Pony gefunden\"\/><\/a><\/figure><\/div>\n\n\n<p>Am Samstagmorgen teilte eine Anwohnerin der Luitpoldstra\u00dfe mit, dass sie auf der gegen\u00fcberliegenden Stra\u00dfenseite ein wei\u00dfes Pony gefunden habe. Das ca. 120 cm gro\u00dfe Deko-Pferd konnte durch die Beamten sichergestellt und zur nahegelegenen Dienststelle gerollt werden. Dort wird es nun bis zur \u00dcbergabe an das Fundb\u00fcro artgerecht verwahrt. Ermittlungen in der Nachbarschaft zur Herkunft des &#8222;Tieres&#8220; verliefen bislang ergebnislos. <\/p>\n\n\n\n<ul>\n<li><strong>Die Eigent\u00fcmer des Rosses werden gebeten, sich bei der Polizeiinspektion Edenkoben unter 06323 9550 zu melden.<\/strong><\/li>\n<\/ul>\n\n\n\n<h2 class=\"wp-block-heading\">(Edenkoben) &#8211; Unfallflucht am Paul-Gillet-Platz<\/h2>\n\n\n\n<p>Im Zeitraum von nur 20 Minuten besch\u00e4digte ein bislang unbekannter Fahrzeugf\u00fchrer am Paul-Gillet-Platz den PKW einer 54-j\u00e4hrigen Frau. Diese parkte ihren schwarzen BMW am Freitag gegen 15:00 Uhr. Als sie gegen 15:20 Uhr an ihren PKW zur\u00fcckkam, stellte sie einen seitlichen Streifschaden fest. Der Unfallverursacher d\u00fcrfte beim Ein- oder Ausparken das Fahrzeug touchiert und sich im Anschluss unerlaubt von der Unfallstelle entfernt haben. <\/p>\n\n\n\n<ul>\n<li><strong>Zeugen, welche Hinweise auf den Unfallverursacher geben k\u00f6nnen, werden gebeten sich mit der Polizei unter 06323 9550 in Verbindung zu setzen.<\/strong><\/li>\n<\/ul>\n\n\n\n<h2 class=\"wp-block-heading\">(Neustadt) &#8211; Geldwechselbetr\u00fcger in der Innenstadt<\/h2>\n\n\n\n<p>In zwei F\u00e4llen entwendete am Samstag (14.12.2024), zwischen 12.00 h und 13.00 h, eine bislang unbekannte m\u00e4nnliche Person bei zwei \u00e4lteren Damen in der Innenstadt Wertgegenst\u00e4nde. Bei beiden F\u00e4llen t\u00e4uschte der Mann gegen\u00fcber den Gesch\u00e4digten vor, dass er Kleingeld gewechselt haben m\u00f6chte. In einem Fall konnte der T\u00e4ter hier zun\u00e4chst unbemerkt durch die Gesch\u00e4digte Geldscheine aus dem Geldbeutel entwenden, im zweiten Fall gelangte der T\u00e4ter an den gesamten Geldbeutel. <\/p>\n\n\n\n<ul>\n<li><strong>Der T\u00e4ter konnte als ca. 40 bis 50 Jahre alt, kurzes dunkles Haar beschrieben. Die Person trug bei den Taten eine dunkle Kleidung. <\/strong><\/li>\n\n\n\n<li><strong>Hinweise bitte an die Polizei in Neustadt an der Weinstra\u00dfe unter der Tel.-Nr. 06321\/854-0 oder per E-Mail an\u00a0<a href=\"mailto: pineustadt@polizei.rlp.de\">pineustadt@polizei.rlp.de<\/a>.<\/strong><\/li>\n<\/ul>\n\n\n\n<h2 class=\"wp-block-heading\">(Neustadt) &#8211; Diebstahl aus Kellerabteil<\/h2>\n\n\n\n<p>Im Tatzeitraum vom 05.12.2024 bis zum 12.12.2024 verschafften sich bislang unbekannte T\u00e4ter, unerlaubt Zutritt zu einem Kellerabteil in einem Mehrparteienhaus in der Karlsbader Stra\u00dfe.<\/p>\n\n\n\n<p>Dort entwendeten die T\u00e4ter diverse Werkzeuge namhafter Hersteller und fl\u00fcchteten anschlie\u00dfend unerkannt von der Tat\u00f6rtlichkeit.<\/p>\n\n\n\n<ul>\n<li><strong>Zeugen, die sachdienliche Hinweise zu den T\u00e4tern geben k\u00f6nnen, werden gebeten, sich bei der Polizeiinspektion Neustadt\/Weinstra\u00dfe zu melden.<\/strong><\/li>\n<\/ul>\n\n\n\n<h2 class=\"wp-block-heading\">(Bad D\u00fcrkheim) &#8211; Zeugenaufruf<\/h2>\n\n\n\n<p>Am 13.12.2024 gegen 20:10 Uhr kam es in Bad D\u00fcrkheim, am Kreisverkehr Wurstmarktsplatz, zu einem Vorfall im Stra\u00dfenverkehr, bei dem ein wei\u00dfer BMW mit \u00fcberh\u00f6hter Geschwindigkeit den dortigen Kreisverkehr befahren und dabei, laut Angaben eines Zeugen, andere Verkehrsteilnehmer gef\u00e4hrdet haben soll. Zudem sei es, durch die Fahrman\u00f6ver, beinahe zu mehreren Verkehrsunf\u00e4llen gekommen. <\/p>\n\n\n\n<ul>\n<li><strong>Sollten Sie Zeuge des Vorfalls sein und Angaben hierzu machen k\u00f6nnen, melden Sie sich bitte bei der Polizeiinspektion Bad D\u00fcrkheim.<\/strong><\/li>\n<\/ul>\n\n\n\n<h2 class=\"wp-block-heading\">(Bad D\u00fcrkheim) &#8211; Randalierende Person in der Innenstadt \/ Zeugen werden gesucht<\/h2>\n\n\n<div class=\"wp-block-image\">\n<figure class=\"aligncenter size-full\"><img decoding=\"async\" loading=\"lazy\" width=\"800\" height=\"533\" src=\"https:\/\/speyer24news.com\/wp-content\/uploads\/2024\/04\/Psychatrie-Unterbringung-Infusion-Krank-1.jpg\" alt=\"\" class=\"wp-image-59400\" srcset=\"https:\/\/speyer24news.com\/wp-content\/uploads\/2024\/04\/Psychatrie-Unterbringung-Infusion-Krank-1.jpg 800w, https:\/\/speyer24news.com\/wp-content\/uploads\/2024\/04\/Psychatrie-Unterbringung-Infusion-Krank-1-300x200.jpg 300w, https:\/\/speyer24news.com\/wp-content\/uploads\/2024\/04\/Psychatrie-Unterbringung-Infusion-Krank-1-768x512.jpg 768w\" sizes=\"(max-width: 800px) 100vw, 800px\" \/><figcaption class=\"wp-element-caption\">Beispielbild &#8222;Psychatrie\/Krankenhaus\/Unterbringung&#8220;, dient lediglich der Visualisierung<\/figcaption><\/figure><\/div>\n\n\n<p>Am 13.12.2024, gegen 10:50 Uhr wurde der Polizeiinspektion Bad D\u00fcrkheim eine m\u00e4nnliche Person mitgeteilt, die im Bereich Leininger Stra\u00dfe \/ Stadtplatz Passanten anp\u00f6beln w\u00fcrde und gegen die Tasche eines \u00e4lteren Mannes getreten h\u00e4tte. Vor Ort konnte der Randalierer, ein 50-j\u00e4hriger Mann, angetroffen und kontrolliert werden. W\u00e4hrend der Kontrollma\u00dfnahmen wurde dieser zunehmend aggressiv und beleidigte und bedrohte die eingesetzten Beamten. Da sich der Mann augenscheinlich in einem psychischen Ausnahmezustand befand, wurde er in eine psychiatrische Klinik verbracht.<\/p>\n\n\n\n<ul>\n<li><strong>Zeugen, die von dem Mann angesprochen wurden, insbesondere der \u00e4ltere Mann, dem gegen die Tasche getreten wurde, werden gesucht und gebeten sich mit der Polizeiinspektion Bad D\u00fcrkheim unter 06322 9630 oder per Mail an\u00a0<a href=\"mailto: pibadduerkheim@polizei.rlp.de\">pibadduerkheim@polizei.rlp.de<\/a>\u00a0in Verbindung zu setzen.<\/strong><\/li>\n<\/ul>\n\n\n\n<h2 class=\"wp-block-heading\">(Kirchheim) &#8211; Trunkenheitsfahrt \/ 63-J\u00e4hriger bei Alleinunfall leicht verletzt<\/h2>\n\n\n\n<p>Am Samstag, dem 14.12.2024 um 16:12 Uhr kam es zum Alleinunfall eines 63-j\u00e4hrigen alkoholisierten Mannes. Dieser befuhr mit seinem dreir\u00e4drigen Kleinkraftrad vermutlich die Kleinkarlbacher Stra\u00dfe in Kirchheim in Fahrtrichtung Kleinkarlbach und bog nach links in den Triftweg in Kirchheim ab. Dort verlor er aufgrund seiner Alkoholisierung, der erh\u00f6hten Geschwindigkeit und der dortigen Steigung der Stra\u00dfe die Kontrolle \u00fcber sein Fahrzeug. Infolgedessen fiel der Mann vom Fahrzeug, welches anschlie\u00dfend auf ihn kippte. Der entstandene Sachschaden am Fahrzeug bel\u00e4uft sich auf etwa 300 EUR. Der 63-J\u00e4hrige zog sich durch den Unfall leichte Verletzungen im Gesicht zu, weswegen er vor Ort vom Rettungsdienst behandelt wurde. Durch die Beamten wurde der Fahrzeugschl\u00fcssel pr\u00e4ventiv sichergestellt. Aufgrund seiner augenscheinlich starken Alkoholisierung wurde die Entnahme einer Blutprobe angeordnet, der Fahrer wurde daf\u00fcr und zur weiteren Wundversorgung ins Krankenhaus nach Gr\u00fcnstadt verbracht. Ein Strafverfahren wegen Trunkenheit im Stra\u00dfenverkehr wurde eingeleitet. Das Ergebnis der Blutuntersuchung steht noch aus.<\/p>\n\n\n\n<h2 class=\"wp-block-heading\">(Gr\u00fcnstadt) &#8211; Teilnahme am Stra\u00dfenverkehr unter Drogeneinfluss<\/h2>\n\n\n\n<p>Am Freitag, den 13.12.2024 um 13:08 Uhr f\u00fchrten Beamte der Polizeiinspektion Gr\u00fcnstadt eine allgemeine Verkehrskontrolle mit einem 23-j\u00e4hrigen Fahrer eines PKW am Verladeplatz in Gr\u00fcnstadt durch. W\u00e4hrend der Kontrolle konnten beim Fahrer drogentypische Auff\u00e4lligkeiten festgestellt werden, weshalb ein Urin-Schnelltest durchgef\u00fchrt wurde. Dieser verlief positiv auf Opiate, weshalb ihm die Weiterfahrt untersagt wurde. Der F\u00fchrerschein wurde durch die Beamten sichergestellt. Der Fahrzeugschl\u00fcssel konnte an einen verkehrst\u00fcchtigen Freund des Betroffenen ausgeh\u00e4ndigt werden. Im Anschluss wurde die Entnahme einer Blutprobe angeordnet und der 23-j\u00e4hrige Fahrer wurde daf\u00fcr zur Dienststelle verbracht. Ein Ordnungswidrigkeitenverfahren wegen F\u00fchren eines Kraftfahrzeugs unter der Wirkung eines berauschenden Mittels wurde eingeleitet. Das Ergebnis der Blutuntersuchung steht noch aus.<\/p>\n\n\n\n<h2 class=\"wp-block-heading\">(Altleiningen) &#8211; Pkw aufgebrochen<\/h2>\n\n\n\n<p>In der Altleininger Stra\u00dfe in H\u00f6ningen wurde in dem Zeitraum von Dienstag, 10.12.24, bis Donnerstag, 12.12.24, ein Pkw aufgebrochen. Au\u00dferdem ist das Fahrzeug ringsum mutwillig zerkratzt worden. Aus dem Fahrzeugkofferraum wurde Werkzeug entwendet. Der Gesamtschaden betr\u00e4gt ca. 3000 Euro. Ob ein Zusammenhang mit den Diebst\u00e4hlen aus Fahrzeugen in Hettenleidelheim, Tiefenthal und Neuleiningen besteht (wir berichteten am 10.12.24 und am 11.12.24), ist Gegenstand der Ermittlungen. <\/p>\n\n\n\n<ul>\n<li><strong>Zeugenhinweise nimmt die Polizeiinspektion Gr\u00fcnstadt telefonisch unter 06359 9312-0 oder per E-Mail\u00a0<a href=\"mailto: pigruenstadt@polizei.rlp.de\">pigruenstadt@polizei.rlp.de<\/a>\u00a0entgegen.<\/strong><\/li>\n<\/ul>\n\n\n\n<h2 class=\"wp-block-heading\">(Obers\u00fclzen) &#8211; Fahren ohne Fahrerlaubnis<\/h2>\n\n\n\n<p>Am Samstag, dem 14.12.2024 um 12:53 Uhr kam es zu einem Verkehrsunfall in der Hauptstra\u00dfe in Obers\u00fclzen. Bei der anschlie\u00dfenden Unfallaufnahme h\u00e4ndigte die 37-j\u00e4hrige Unfallverursacherin den Polizeibeamten auf Verlangen ihren moldauischen F\u00fchrerschein aus. Da die Frau seit M\u00e4rz 2022 in der Bundesrepublik Deutschland lebt, h\u00e4tte diese ihren F\u00fchrerschein im September 2022 in eine deutsche Fahrerlaubnis umtragen lassen m\u00fcssen. Ein Strafverfahren wegen Fahren ohne Fahrerlaubnis wurde eingeleitet.<\/p>\n\n\n\n<h2 class=\"wp-block-heading\">(Polizeiautobahnstation Ruchheim) &#8211; Kontrollen im Dienstgebiet<\/h2>\n\n\n\n<p>Am Samstag, den 14.12.2024, wurden im Dienstgebiet der Polizeiautobahnstation Ruchheim vermehrt Verkehrskontrollen durchgef\u00fchrt.<\/p>\n\n\n\n<p>Hierbei wurde gegen 11.30 Uhr auf der A6 ein 20-J\u00e4hriger Fahrzeugf\u00fchrer mit einem gef\u00e4lschten F\u00fchrerschein festgestellt. Der Fahrer hatte bei der Kontrolle seinen F\u00fchrerschein nicht dabei, zeigte aber den Beamten auf seinem Handy ein Foto seines angeblichen F\u00fchrerscheines vor. \u00dcber eine Recherche im Fahrerlaubnisregister konnte jedoch in Erfahrung gebracht werden, dass die Person gar keine Fahrerlaubnis besitzt. Gegen den Fahrer wurde ein Ermittlungsverfahren wegen Urkundenf\u00e4lschung und Fahren ohne Fahrerlaubnis eingeleitet.<\/p>\n\n\n\n<p>Bei einer weiteren Fahrzeugkontrolle wurde ein nicht zugelassener VW Golf mit gef\u00e4lschten Kennzeichen festgestellt. Dieser fuhr auf der B9 im Bereich Speyer. Die 62-J\u00e4hrige Fahrzeugf\u00fchrerin konnte den Beamten keine Fahrzeugpapiere und keinen g\u00fcltigen Versicherungsschutz vorweisen. Durch die Polizeibeamten wurde festgestellt, dass die am Golf angebrachten Kennzeichen gar nicht ausgegeben sind und zuletzt f\u00fcr einen Mercedes-Benz ausgegeben waren, welcher jedoch im Jahre 2020 Au\u00dfer-Betrieb gesetzt wurde. Im Rahmen der Begutachtung des Fahrzeuges wurde zudem festgestellt, dass mehrere verf\u00e4lschte T\u00dcV-Plaketten \u00fcbereinander geklebt wurden. Das Fahrzeug wurde jedoch zu keinem Zeitpunkt bei einer Untersuchungsstelle vorgef\u00fchrt. Gegen die Fahrerin wurde ein Ermittlungsverfahren wegen der Urkundenf\u00e4lschung und Versto\u00dfes gegen das Pflichtversicherungsgesetz eingeleitet.<\/p>\n\n\n\n<p>Gegen sp\u00e4ten Nachmittag wurde der Polizeiautobahnstation Ruchheim ein Schlangenlinien fahrender Transporter gemeldet. Beamte der Polizeiautobahnstation Ruchheim konnten diesen feststellen und einer Verkehrskontrolle unterziehen. Hierbei zeigte der Fahrer deutliche Ausfallerscheinungen. Ein Drogenschnelltest best\u00e4tigte den Verdacht, der Mann stand unter dem Einfluss von THC. Ein Atemalkoholtest ergab au\u00dferdem einen Wert von 2,31 Promille. Dem 31-J\u00e4hrigen wurde eine Blutprobe entnommen. Gegen ihn wurde ein Ermittlungsverfahren wegen Trunkenheit im Stra\u00dfenverkehr eingeleitet.<\/p>\n\n\n\n<p>Ein 36-J\u00e4hriger war gegen Mitternacht mit seinem Mercedes-Benz auf der A61 unterwegs, als Beamte der Polizeiautobahnstation Ruchheim ihn einer Verkehrskontrolle unterzogen. Bei dem 36- J\u00e4hrigen Fahrzeugf\u00fchrer stellten die Beamten drogentypische Auff\u00e4lligkeiten fest. Ein Drogenschnelltest best\u00e4tigte, dass er unter dem Einfluss von THC und Meth-Amphetamine stand. Auch ihm wurde eine Blutprobe entnommen und ein Ermittlungsverfahren wegen Trunkenheit im Stra\u00dfenverkehr sowie Versto\u00df gegen das Bet\u00e4ubungsmittelgesetz eingeleitet.<\/p>\n\n\n\n<h2 class=\"wp-block-heading\">(Pr\u00e4sidialbereich Rheinpfalz) &#8211; ROADPOL-Kontrollwoche Alkohol und Drogen im Stra\u00dfenverkehr vom 16.12.2024 bis zum 22.12.2024<\/h2>\n\n\n<div class=\"wp-block-image\">\n<figure class=\"aligncenter size-full\"><img decoding=\"async\" loading=\"lazy\" width=\"800\" height=\"447\" src=\"https:\/\/speyer24news.com\/wp-content\/uploads\/2022\/09\/Kontrolle-2.jpg\" alt=\"\" class=\"wp-image-49124\" srcset=\"https:\/\/speyer24news.com\/wp-content\/uploads\/2022\/09\/Kontrolle-2.jpg 800w, https:\/\/speyer24news.com\/wp-content\/uploads\/2022\/09\/Kontrolle-2-300x168.jpg 300w, https:\/\/speyer24news.com\/wp-content\/uploads\/2022\/09\/Kontrolle-2-768x429.jpg 768w\" sizes=\"(max-width: 800px) 100vw, 800px\" \/><figcaption class=\"wp-element-caption\">Kontrolle<\/figcaption><\/figure><\/div>\n\n\n<p>Die Verkehrs\u00fcberwachung mittels Verkehrskontrollen geh\u00f6rt zu den zentralen Aufgaben der Polizei. Die Kontrollen sind f\u00fcr die Sicherheit im Stra\u00dfenverkehr von gro\u00dfer Bedeutung und finden deshalb das ganze Jahr \u00fcber statt. Eine Analyse der Verkehrsunfallzahlen im Polizeipr\u00e4sidium Rheinpfalz verdeutlicht die Notwendigkeit von Kontrollma\u00dfnahmen, um die Senkung der Verkehrsunfallzahlen und auch insbesondere der Anzahl der Unf\u00e4lle mit Personensch\u00e4den zu erreichen.<\/p>\n\n\n\n<p>In der Betrachtung der Jahresverkehrsunfallstatistik 2023 im Polizeipr\u00e4sidium Rheinpfalz sind Alkohol und Drogen weiterhin relevante Unfallursachen, auch wenn ein leichter R\u00fcckgang von Verkehrsunf\u00e4llen unter der Einwirkung berauschender Mittel festgestellt wurde. Insgesamt waren bei 641 Verkehrsunf\u00e4llen berauschende Mittel, also Alkohol, Drogen und \/ oder Medikamente urs\u00e4chlich f\u00fcr den Unfall. Im Vorjahr 2022 waren es 694 vergleichbare Verkehrsunf\u00e4lle.<\/p>\n\n\n\n<p>Die Analyse der Statistik f\u00fcr die ersten drei Quartale 2024 zeigt, dass die Anzahl der Verkehrsunf\u00e4lle unter der Einwirkung berauschender Mittel (Alkohol, Drogen und \/ oder Medikamente) sich im Vergleich zum Vorjahr zwar leicht verringert, in der Langzeitbetrachtung aber immer noch auf dem Niveau der Vorjahre liegt. Die Bewertung der Verkehrsunfalllage verdeutlicht somit die Notwendigkeit weiterer Kontrollma\u00dfnahmen, um eine Senkung der Verkehrsunfallzahlen und eine Senkung der Verkehrsunf\u00e4lle mit Personenschaden unter dem Einfluss berauschender Mittel zu erreichen.<\/p>\n\n\n\n<p>Vom 16. bis 22. Dezember 2024 finden daher im Rahmen der ROADPOL Kontrollwoche im Polizeipr\u00e4sidium Rheinpfalz Schwerpunktkontrollen zur Bek\u00e4mpfung und Verhinderung von Alkohol und Drogen im Stra\u00dfenverkehr.<\/p>\n\n\n\n<p>Mit dieser Aktion wollen wir deutlich auf die Risiken im Stra\u00dfenverkehr, die sich durch den Alkohol- und Drogeneinfluss ergeben, hinweisen und diese verst\u00e4rkt in das \u00f6ffentliche Bewusstsein r\u00fccken.<\/p>\n\n\n\n<p>Wer unter Alkohol- und\/oder Drogeneinfluss f\u00e4hrt, gef\u00e4hrdet nicht nur sich selbst, sondern auch alle anderen Verkehrsteilnehmenden. Lassen Sie daher immer Ihr Auto stehen, wenn Sie nicht n\u00fcchtern sind. Vielen Betroffenen ist nicht bewusst, dass im Gegensatz zu Alkohol die konsumierte Droge abh\u00e4ngig von der Substanz, der Stoffwechselt\u00e4tigkeit des Konsumenten und der H\u00e4ufigkeit des Drogenkonsums noch l\u00e4ngere Zeit nachweisbar ist und ggfs. die Fahrt\u00fcchtigkeit negativ beeinflussen kann. Insbesondere nach der Legalisierung von Cannabis ist es weiterhin notwendig, Kontrollma\u00dfnahmen durchzuf\u00fchren und dabei, dem pr\u00e4ventiven Gedanken folgend, die Fahrzeugf\u00fchrenden auch hinsichtlich des weiterhin bestehenden Verbots des F\u00fchrens von Fahrzeugen unter dem Einfluss berauschender Mittel zu sensibilisieren.<\/p>\n\n\n\n<p>&#8222;Grenzen \u00fcberschreiten, um Leben zu retten!&#8220; So lautet der Slogan von ROADPOL, dem europaweiten Polizei-Netzwerk, das die Zahl der Verkehrsunfallopfer senken will. ROADPOL ist ein europaweites Polizeinetzwerk, mit dem Ziel die Zahl der Verkehrsunfallopfer zu senken. Dabei koordiniert es, europaweit nationale Aktionen zur Durchsetzung der Vorschriften im Verkehrssektor. Innerhalb dieses Kontrollverbundes finden \u00fcber das Jahr verteilt verkehrspolizeiliche Schwerpunktkontrollen statt. Weitere Informationen finden Sie im Netz unter&nbsp;<a target=\"_blank\" rel=\"noreferrer noopener\" href=\"https:\/\/www.roadpol.eu\/\">www.roadpol.eu<\/a>&nbsp;.<\/p>\n\n\n\n<p>Das Polizeipr\u00e4sidium Rheinpfalz mit Sitz in Ludwigshafen am Rhein ist zust\u00e4ndig f\u00fcr die Sicherheit von \u00fcber 900.000 Menschen. Der Dienstbezirk der Beh\u00f6rde mit ihren rund 2.200 Mitarbeiterinnen und Mitarbeitern umfasst auf etwa 2.400 Quadratkilometern die komplette Vorder- und S\u00fcdpfalz mit dem Rhein-Pfalz-Kreis, den Landkreisen Bad D\u00fcrkheim, Germersheim und S\u00fcdliche Weinstra\u00dfe sowie den kreisfreien St\u00e4dten Frankenthal (Pfalz), Landau in der Pfalz, Ludwigshafen am Rhein, Neustadt a.d.W. und Speyer.<\/p>\n\n\n\n<h4 class=\"wp-block-heading\"><em>Wenn Sie einen Einblick in unsere Arbeit gewinnen wollen, schauen Sie sich gerne unter\u00a0<a href=\"https:\/\/s.rlp.de\/YwRYe\" target=\"_blank\" rel=\"noreferrer noopener\">https:\/\/s.rlp.de\/YwRYe<\/a>\u00a0unseren Film &#8222;Wir f\u00fcr die Pfalz&#8220; an oder werfen einen Blick in unsere bildgewaltige und informative Brosch\u00fcre unter\u00a0<a href=\"https:\/\/s.rlp.de\/Hq6Al\" target=\"_blank\" rel=\"noreferrer noopener\">https:\/\/s.rlp.de\/Hq6Al<\/a>. Sie werden \u00fcberrascht sein, was wir alles machen.<\/em><\/h4>\n\n\n\n<h4 class=\"wp-block-heading\"><strong>JETZT NEU: <\/strong>Bleiben Sie immer informiert! Abonnieren Sie unseren WhatsApp Kanal &#8222;Polizei Rheinpfalz&#8220; oder unter\u00a0<a href=\"https:\/\/s.rlp.de\/bgkTn\" target=\"_blank\" rel=\"noreferrer noopener\">https:\/\/s.rlp.de\/bgkTn<\/a>\u00a0und erhalten Sie aktuelle Polizeimeldungen aus der Vorder- und S\u00fcdpfalz.<\/h4>\n\n\n\n<h2 class=\"wp-block-heading\">(Ludwigshafen) &#8211; Ladendiebstahl in Drogerie-Markt<\/h2>\n\n\n\n<p>Am Samstagnachmittag kam es in einer Drogeriemarktfiliale in der Ludwigshafener Innenstadt zu einem Ladendiebstahl. Ein 24-j\u00e4hriger Mann und sein 22 j\u00e4hriger Begleiter, beide wohnhaft in Ludwigshafen, stahlen zusammen Parfum im Wert von mehreren hundert Euro und wurden dabei von der Ladendetektivin beobachtet und bis zum Eintreffen der Polizei festgehalten. Zuvor hatten sie die jeweiligen elektrischen Diebstahlssicherungen an den Packungen entfernt. Da beide M\u00e4nner keinerlei Ausweisdokumente mit sich f\u00fchrten, mussten an deren Wohnanschrift in Oggersheim die jeweiligen Ausweisdokumente eingesehen werden. In der gemeinsamen Wohnung konnte kein weiteres Diebesgut mehr aufgefunden werden. Auf die beiden Beschuldigten kommt jetzt ein Strafverfahren wegen gemeinschaftlichen Ladendiebstahls zu.<\/p>\n\n\n\n<h2 class=\"wp-block-heading\">(Ludwigshafen) &#8211; Unf\u00e4lle w\u00e4hrend Flucht vor Polizei<\/h2>\n\n\n\n<p>Am Samstagmorgen 14.12.2024 um 00:00 Uhr befuhr ein 28-j\u00e4hriger Fahrer und sein 21-j\u00e4hriger Beifahrer mit einem silbernen Opel Corsa die Kanalstra\u00dfe in Ludwigshafen. Aufgrund \u00fcberh\u00f6hter Geschwindigkeit sollte der PKW, einer Verkehrskontrolle unterzogen werden. Der Fahrer missachtete die Anhaltesignale und touchierte bei der Flucht vor der Polizei ein geparktes Fahrzeug. In der Lorientallee konnte die Polizei den Fl\u00fcchtigen stoppen. Dabei kollidierte der PKW mit einer Mauer, sowie mit einem Funkstreifenwagen. Der Fahrer konnte festgenommen und der Grund seiner Flucht konnte nachvollzogen werden. Der Fahrer war nicht im Besitz eines F\u00fchrerscheins und er stand unter dem Einfluss von Bet\u00e4ubungsmittel. Weiterhin waren die Kennzeichen, welche an seinem Fahrzeug angebracht waren, entwendet worden und das Fahrzeug nicht versichert. Durch die Unf\u00e4lle entstand ein Sachschaden von circa 10.000 Euro. Gegen den Fahrzeugf\u00fchrer werden nun mehrere Strafverfahren eingeleitet.<\/p>\n\n\n\n<ul>\n<li><strong>Weitere Zeugenhinweise zu dem Unfallhergang nimmt die Polizeiinspektion Ludwigshafen 2 unter der Telefonnummer 0621\/963-24250 oder per Mail an\u00a0<a href=\"mailto: piludwigshafen2@polizei.rlp.de\">piludwigshafen2@polizei.rlp.de<\/a>\u00a0entgegen.<\/strong><\/li>\n<\/ul>\n\n\n\n<h2 class=\"wp-block-heading\">(Ludwigshafen) &#8211; Diebstahl aus Pkw<\/h2>\n\n\n\n<p>In der Nacht von Freitag auf Samstag kam es in der Niederfeldsiedlung in Ludwigshafen zum Diebstahl aus einem unverschlossenen Pkw. Ein unbekannter T\u00e4ter entwendeten aus dem in der Hofeinfahrt abgestellten Fahrzeug Wertgegenst\u00e4nde im Wert von mehreren hunderten Euro. Der vermummtet T\u00e4ter wurde bei Tatausf\u00fchrung von einer T\u00fcrkamera gefilmt. Dies war nicht der erste Fall dieser Art in der Niederfeldsiedlung und k\u00f6nnte im Zusammenhang mit einer Tat aus Mitte November stehen. Die Ermittlungen nach dem weiter unbekannten T\u00e4ter dauern an. Die Anwohner werden dahingehend sensibilisiert ihre Fahrzeuge bitte immer abgeschlossen abzustellen.<\/p>\n\n\n\n<ul>\n<li><strong>Zeugen der Tat werden gebeten, sich bei der Polizeiinspektion Ludwigshafen 1 unter Tel. 0621 \/ 963 &#8211; 24150 oder per Email\u00a0<a href=\"mailto: piludwigshafen1@polizei.rlp.de\">piludwigshafen1@polizei.rlp.de<\/a>\u00a0zu melden.<\/strong><\/li>\n<\/ul>\n\n\n\n<h2 class=\"wp-block-heading\">(Ludwigshafen) &#8211; Beleidigung und Ingewahrsamnahme<\/h2>\n\n\n<div class=\"wp-block-image\">\n<figure class=\"aligncenter size-full\"><img decoding=\"async\" loading=\"lazy\" width=\"800\" height=\"600\" src=\"https:\/\/speyer24news.com\/wp-content\/uploads\/2019\/06\/Ausn\u00fcchterungszelle.jpg\" alt=\"\" class=\"wp-image-15212\" srcset=\"https:\/\/speyer24news.com\/wp-content\/uploads\/2019\/06\/Ausn\u00fcchterungszelle.jpg 800w, https:\/\/speyer24news.com\/wp-content\/uploads\/2019\/06\/Ausn\u00fcchterungszelle-300x225.jpg 300w, https:\/\/speyer24news.com\/wp-content\/uploads\/2019\/06\/Ausn\u00fcchterungszelle-768x576.jpg 768w, https:\/\/speyer24news.com\/wp-content\/uploads\/2019\/06\/Ausn\u00fcchterungszelle-678x509.jpg 678w, https:\/\/speyer24news.com\/wp-content\/uploads\/2019\/06\/Ausn\u00fcchterungszelle-326x245.jpg 326w, https:\/\/speyer24news.com\/wp-content\/uploads\/2019\/06\/Ausn\u00fcchterungszelle-80x60.jpg 80w\" sizes=\"(max-width: 800px) 100vw, 800px\" \/><figcaption class=\"wp-element-caption\">Beispielbild Zelle \/ Verhaftung, dient lediglich der Visualisierung<\/figcaption><\/figure><\/div>\n\n\n<p>Zwischen dem 24-j\u00e4hrigen Verantwortlichen und einer weiteren Person kam es am fr\u00fchen Freitagabend zu Beleidigungen am Berliner Platz. Im Zuge der polizeilichen Sachverhaltsaufnahme reagierte der 24-J\u00e4hrige auch aggressiv gegen\u00fcber den eingesetzten Beamten, weshalb ihm ein Platzverweis ausgesprochen wurde. Da der Mann 25 Minuten sp\u00e4ter schon wieder am Berliner Platz gesichtet wurde, folgte anschlie\u00dfend die Ingewahrsamnahme. Das Verhalten des Mannes wird nunmehr einer rechtlichen Bewertung unterzogen.<\/p>\n\n\n\n<h2 class=\"wp-block-heading\">(Ludwigshafen) &#8211; Sch\u00fcler wirft Feuerwerksk\u00f6rper in Klassenraum \/ Lehrer verletzt<\/h2>\n\n\n\n<p>Ein 17-j\u00e4hriger Sch\u00fcler z\u00fcndete am Freitag (13.12.2024, 10:40 Uhr), w\u00e4hrend des Unterrichts an einer Schule in der Franz-Zang-Stra\u00dfe, einen Feuerwerksk\u00f6rper in einem Klasseraum. Durch die Detonation des Feuerwerksk\u00f6rpers wurde ein 63-j\u00e4hriger Lehrer leicht verletzt. Weitere Personen wurden nicht verletzt. Der 17-J\u00e4hrige muss sich nun wegen fahrl\u00e4ssiger K\u00f6rperverletzung verantworten.<\/p>\n\n\n\n<h2 class=\"wp-block-heading\">(Ludwigshafen) &#8211; Verkehrsunfallflucht; Zeugen gesucht<\/h2>\n\n\n\n<p>Am Freitagvormittag (13.12.2024) zwischen 09:45 Uhr und 10 Uhr besch\u00e4digte ein bislang unbekannter Verkehrsteilnehmer einen auf dem Parkplatz der Knollstra\u00dfe abgestellten grauen Opel Astra und fl\u00fcchtete anschlie\u00dfend in unbekannte Richtung. Bei dem Verkehrsunfall entstand ein Schaden von circa 1000 EUR. In diesem Zusammenhang sucht die Polizei nach Zeugen, welche im Tatzeitraum Beobachtungen zum Unfall bzw. dem Verursacher machen k\u00f6nnen. <\/p>\n\n\n\n<ul>\n<li><strong>Sachdienliche Hinweise bitte an die Polizeiinspektion Ludwigshafen 1, Telefonnummer 0621 963-24150 oder per E-Mail an\u00a0<a href=\"mailto: piludwigshafen1@polizei.rlp.de\">piludwigshafen1@polizei.rlp.de<\/a>\u00a0.<\/strong><\/li>\n<\/ul>\n\n\n\n<h2 class=\"wp-block-heading\">(Ludwigshafen) &#8211; Verkehrsunfallflucht \/ Zeugen gesucht<\/h2>\n\n\n\n<p>Ein 53-j\u00e4hriger Fahrzeughalter parkte seinen PKW, einen schwarzen Audi Q5 am Freitagvormittag (13.12.2024, 07:30 Uhr bis 09:30 Uhr) im Schwalbenweg in Ludwigshafen. Hier touchierte ein bislang unbekannter Verkehrsteilnehmer beim Vorbeifahren den geparkten PKW des Gesch\u00e4digten. Es entstand Sachschaden in H\u00f6he von mind. 500 EUR. Der Verursacher fl\u00fcchtete anschlie\u00dfend in unbekannte Richtung. Die Polizei sucht in diesem Zusammenhang nach Zeugen, die im Tatzeitraum sachdienliche Hinweise zum Unfall oder dem Verursacher machen k\u00f6nnen. <\/p>\n\n\n\n<ul>\n<li><strong>Zeugen werden gebeten, sich mit der Polizeiinspektion Ludwigshafen 2, Telefonnummer 0621 963- 24250 in Verbindung zu setzen, oder die E-Mail:\u00a0<a href=\"mailto: piludwigshafen2@polizei.rlp.de\">piludwigshafen2@polizei.rlp.de<\/a>\u00a0zu nutzen.<\/strong><\/li>\n<\/ul>\n\n\n\n<h2 class=\"wp-block-heading\">(Ludwigshafen) &#8211; Unfall \/ Zeugen gesucht<\/h2>\n\n\n\n<p>Eine 42-j\u00e4hrige Autofahrerin und ein 80-j\u00e4hriger Autofahrer kollidierten am Donnerstagabend (12.12.2024, 22:02 Uhr) im Kreuzungsbereich der Mannheimer Stra\u00dfe \/ Sternstra\u00dfe. Da beide Fahrzeugf\u00fchrer unterschiedliche Angaben zum Unfallhergang machten, sucht die Polizei weitere Zeugen. Bei dem Unfall wurden keine Personen verletzt. Der Gesamtschaden bel\u00e4uft sich auf circa 4.000 Euro. <\/p>\n\n\n\n<ul>\n<li><strong>Hinweise bitte an die Polizeiinspektion Ludwigshafen 2, Telefonnummer 0621 963- 24250 oder per E-Mail\u00a0<a href=\"mailto: piludwigshafen2@polizei.rlp.de\">piludwigshafen2@polizei.rlp.de<\/a>\u00a0.<\/strong><\/li>\n<\/ul>\n\n\n\n<h2 class=\"wp-block-heading\">(Ludwigshafen) &#8211; 52-J\u00e4hrige leistet Widerstand<\/h2>\n\n\n<div class=\"wp-block-image\">\n<figure class=\"aligncenter size-full\"><img decoding=\"async\" loading=\"lazy\" width=\"800\" height=\"533\" src=\"https:\/\/speyer24news.com\/wp-content\/uploads\/2024\/04\/Psychatrie-Unterbringung-Infusion-Krank-1.jpg\" alt=\"\" class=\"wp-image-59400\" srcset=\"https:\/\/speyer24news.com\/wp-content\/uploads\/2024\/04\/Psychatrie-Unterbringung-Infusion-Krank-1.jpg 800w, https:\/\/speyer24news.com\/wp-content\/uploads\/2024\/04\/Psychatrie-Unterbringung-Infusion-Krank-1-300x200.jpg 300w, https:\/\/speyer24news.com\/wp-content\/uploads\/2024\/04\/Psychatrie-Unterbringung-Infusion-Krank-1-768x512.jpg 768w\" sizes=\"(max-width: 800px) 100vw, 800px\" \/><figcaption class=\"wp-element-caption\">Beispielbild &#8222;Psychatrie\/Krankenhaus\/Unterbringung&#8220;, dient lediglich der Visualisierung<\/figcaption><\/figure><\/div>\n\n\n<p>Zeugen meldeten am Donnerstagnachmittag (12.12.2024, 15:50 Uhr), dass eine Frau mit ihrem Auto mitten auf der K3 stehen w\u00fcrde. Als sie von Verkehrsteilnehmern darauf angesprochen wurde, beschleunigte sie und fuhr zu einem Supermarkt in der Oderstra\u00dfe. Ein aufmerksamer Zeuge folgte ihr bis zum Supermarkt, wo sie einen Streit mit einer Supermarktangestellten anfing. Als die Polizei erschien versuchte sie sich der Kontrolle der Polizeibeamten zu entziehen. Dar\u00fcber hinaus weigerte sie sich, sich auszuweisen. Sie musste anschlie\u00dfend gefesselt werden. Gegen die Ma\u00dfnahmen wehrte sie sich. Die 52-J\u00e4hrige kam im Anschluss in eine Fachklinik. Sie muss sich nun wegen Widerstand gegen Vollstreckungsbeamte verantworten.<\/p>\n\n\n\n<h2 class=\"wp-block-heading\">(Ludwigshafen) &#8211; Mit Stra\u00dfenbahn kollidiert<\/h2>\n\n\n\n<p>Ein 61-j\u00e4hriger Autofahrer kollidierte am Donnerstag (12.12.2024, 13:50 Uhr) mit einer Stra\u00dfenbahn im Bereich der Kreuzung Kaiser-Wilhelm-Stra\u00dfe \/ Heinigstra\u00dfe. Durch den Unfall entstand ein Gesamtschaden von circa 10.000 Euro. Personen wurden nicht verletzt.<\/p>\n\n\n\n<h2 class=\"wp-block-heading\">(Ludwigshafen) &#8211; Motorrad gestohlen \/ Zeugen gesucht<\/h2>\n\n\n\n<p>Unbekannte entwendeten am Mittwochabend (11.12.2024, 23:30 Uhr) ein Motorrad des Herstellers Honda im Bereich der Zedtwitzstra\u00dfe. Wer kann Hinweise zur Tat geben? <\/p>\n\n\n\n<ul>\n<li><strong>Hinweise bitte an die Polizeiinspektion Ludwigshafen 1, Telefonnummer 0621 963- 24150 oder per E-Mail\u00a0<a href=\"mailto: piludwigshafen1@polizei.rlp.de\">piludwigshafen1@polizei.rlp.de<\/a>\u00a0.<\/strong><\/li>\n<\/ul>\n\n\n\n<h2 class=\"wp-block-heading\">(Ludwigshafen) &#8211; Betr\u00fcgerin erbeutet \u00fcber 600 Euro \/ Zeugen gesucht<\/h2>\n\n\n<div class=\"wp-block-image\">\n<figure class=\"aligncenter size-full\"><img decoding=\"async\" loading=\"lazy\" width=\"801\" height=\"600\" src=\"https:\/\/speyer24news.com\/wp-content\/uploads\/2020\/05\/Zeugen-gesucht-Neutral.jpg\" alt=\"\" class=\"wp-image-26598\" srcset=\"https:\/\/speyer24news.com\/wp-content\/uploads\/2020\/05\/Zeugen-gesucht-Neutral.jpg 801w, https:\/\/speyer24news.com\/wp-content\/uploads\/2020\/05\/Zeugen-gesucht-Neutral-300x225.jpg 300w, https:\/\/speyer24news.com\/wp-content\/uploads\/2020\/05\/Zeugen-gesucht-Neutral-768x575.jpg 768w, https:\/\/speyer24news.com\/wp-content\/uploads\/2020\/05\/Zeugen-gesucht-Neutral-678x509.jpg 678w, https:\/\/speyer24news.com\/wp-content\/uploads\/2020\/05\/Zeugen-gesucht-Neutral-326x245.jpg 326w, https:\/\/speyer24news.com\/wp-content\/uploads\/2020\/05\/Zeugen-gesucht-Neutral-80x60.jpg 80w\" sizes=\"(max-width: 801px) 100vw, 801px\" \/><\/figure><\/div>\n\n\n<p>Eine bislang unbekannte Frau klingelte bereits am Dienstagabend (10.12.2024, 19 Uhr) an der Wohnungst\u00fcr einer Seniorin in einem Mehrfamilienhaus Am Br\u00fcckelgraben. Die Frau gab an, dass sich ihre Schwester aus der Wohnung ausgesperrt h\u00e4tte und sie nun Geld f\u00fcr die Fahrt ben\u00f6tige. Die Seniorin lie\u00df die Frau in die Wohnung und \u00fcbergab ihr 630 Euro. Die T\u00e4terin nutzte schlie\u00dflich die kurze Unaufmerksamkeit der Seniorin aus und verlie\u00df die Wohnung. <\/p>\n\n\n\n<ul>\n<li><strong>Sie war circa 45 Jahre alt, circa 1,55m gro\u00df, trug eine helle Wolljacke und hatte glatte dunkelblonde Haare.<\/strong><\/li>\n\n\n\n<li><strong>Wer kann Hinweise zu der T\u00e4terin geben? Hinweise werden an die Polizeiwache Oggersheim unter Tel. 0621 963 &#8211; 24650 oder per E-Mail\u00a0<a href=\"mailto: pwoggersheim@polizei.rlp.de\">pwoggersheim@polizei.rlp.de<\/a>\u00a0erbeten.<\/strong><\/li>\n<\/ul>\n\n\n\n<p>Trickdiebe sind erfinderisch und schauspielerisch begabt. Seien Sie deshalb immer misstrauisch, wenn Sie von Fremden angesprochen oder Fremde bei Ihnen zu Hause klingeln. Lassen Sie keine Fremden in Ihre Wohnung. Kl\u00e4ren Sie die Echtheit von Amtspersonen oder Handwerkern unter der Ihnen bekannten Erreichbarkeit ab. Wenn Ihnen eine Situation verd\u00e4chtig vorkommt oder Sie sich unwohl f\u00fchlen, beenden Sie das Gespr\u00e4ch und schlie\u00dfen Sie die T\u00fcr. Rufen Sie die Polizei, unter der 110 wenn Sie bedr\u00e4ngt werden oder sich in einer Gefahr befinden. <\/p>\n\n\n\n<h4 class=\"wp-block-heading\"><em>N\u00e4here Informationen zum Thema sowie die Tricks der T\u00e4ter erfahren sie unter\u00a0<a href=\"https:\/\/www.polizei-beratung.de\/\" target=\"_blank\" rel=\"noreferrer noopener\">www.polizei-beratung.de<\/a><\/em><\/h4>\n\n\n\n<h2 class=\"wp-block-heading\">(A 656 \/ Mannheim) &#8211; Riskantes \u00dcberholen mit anschlie\u00dfender Verkehrsunfallflucht. Zeugen gesucht!<\/h2>\n\n\n<div class=\"wp-block-image\">\n<figure class=\"aligncenter size-full\"><img decoding=\"async\" loading=\"lazy\" width=\"800\" height=\"533\" src=\"https:\/\/speyer24news.com\/wp-content\/uploads\/2021\/08\/Polizei-Blaulicht-Nacht.jpg\" alt=\"\" class=\"wp-image-39755\" srcset=\"https:\/\/speyer24news.com\/wp-content\/uploads\/2021\/08\/Polizei-Blaulicht-Nacht.jpg 800w, https:\/\/speyer24news.com\/wp-content\/uploads\/2021\/08\/Polizei-Blaulicht-Nacht-300x200.jpg 300w, https:\/\/speyer24news.com\/wp-content\/uploads\/2021\/08\/Polizei-Blaulicht-Nacht-768x512.jpg 768w\" sizes=\"(max-width: 800px) 100vw, 800px\" \/><figcaption class=\"wp-element-caption\">Autobahnpolizei<\/figcaption><\/figure><\/div>\n\n\n<p>Am sp\u00e4ten Samstagabend gegen 21.25 Uhr f\u00fchrten zwei Verkehrsteilnehmerinnen und ein Verkehrsteilnehmer ihren Pkw \u00fcber die BAB 656 von Heidelberg in Richtung Mannheim. In der Absicht im weiteren Verlauf nach Norden in Richtung Darmstadt zu fahren, wechselten sie am Autobahnkreuz Heidelberg auf die Tangente zur BAB 5. Unmittelbar nachdem sich die anf\u00e4nglich zweispurige Fahrbahn auf einen Fahrstreifen verengt, nutze ein <strong>schwarzer Mercedes-Benz SUV<\/strong> verbotswidrig eine Sperrfl\u00e4che und \u00fcberholte die besagten drei Pkw mit stark \u00fcberh\u00f6hter Geschwindigkeit. Im Anschluss an das \u00dcberholman\u00f6ver reduzierte der Fahrer \/ die Fahrerin des SUV die Fahrgeschwindigkeit am Ende der Tangente so abrupt, dass die \u00fcberholten Fahrzeuge zu einer Gefahrenbremsung gezwungen waren. Ein Zusammensto\u00df mit dem SUV konnte verhindert werden. Allerdings fuhren in der Folge alle drei Pkw aufeinander auf. Es entstand ein Gesamtschaden in H\u00f6he von ca. 10.000 Euro.<\/p>\n\n\n\n<p>Die Fahrzeugf\u00fchrerin \/ der Fahrzeugf\u00fchrer des Mercedes-Benz SUV entfernte sich unerlaubt von der Unfall\u00f6rtlichkeit. Das Autobahnpolizeirevier Mannheim hat die Ermittlungen wegen Verkehrsunfallflucht \u00fcbernommen. <\/p>\n\n\n\n<ul>\n<li><strong>Personen, welche sachdienliche Hinweise zum Unfallgeschehen geben k\u00f6nnen, werden gebeten sich beim genannten Polizeirevier unter der Rufnummer 0621 470930 oder bei jeder anderen Polizeidienststelle zu melden. Auch ein m\u00f6glicherweise auff\u00e4lliges Fahrverhalten des SUV im Vor- bzw. Nachgang des Unfallgeschehens kann bei der Identifizierung der fl\u00fcchtigen Unfallverursacherin bzw. des Unfallverursachers helfen.<\/strong><\/li>\n<\/ul>\n\n\n\n<h2 class=\"wp-block-heading\">(Mannheim) &#8211; Unbekannte brechen in Erdgeschosswohnung ein \/ Polizei sucht Zeugen<\/h2>\n\n\n\n<p>Ein oder mehrere unbekannte T\u00e4ter brachen, in Abwesenheit der Mieter, am Samstag, in der Zeit von 13.00 bis 20.30 Uhr, in eine Erdgeschosswohnung eines Mehrfamilienhauses in der Kronenburgstra\u00dfe ein. Hier schlugen der oder die Unbekannten die Scheibe der r\u00fcckseitig gelegenen Balkont\u00fcr ein und gelangten so in das Innere der Wohnung. Nach derzeitigem Erkenntnisstand wurden aus der Wohnung 4400,- Euro Bargeld und ein Goldring entwendet. Der Schaden an der Balkont\u00fcr bel\u00e4uft sich auf mehrere hundert Euro. Die weiteren Ermittlungen werden durch die Ermittlungsgruppe Eigentum gef\u00fchrt. <\/p>\n\n\n\n<ul>\n<li><strong>Zeugen und\/oder Anwohner, die zur fraglichen Zeit verd\u00e4chtige Beobachtungen gemacht haben, werden geben Kontakt mit dem Polizeirevier Mannheim-Neckarau, Tel.: 0621\/83397-0, oder der Kriminalpolizeidirektion Heidelberg, Tel.: 0621\/174-4444, aufzunehmen.<\/strong><\/li>\n<\/ul>\n\n\n\n<h2 class=\"wp-block-heading\">(Mannheim) &#8211; Kontrolle \u00fcber Fahrzeug verloren \/ Unfall mit zwei PKW<\/h2>\n\n\n\n<p>In der Nacht von Freitag auf Samstag, gegen 00:30 Uhr, befuhr ein 22-j\u00e4hriger Ford-Fahrer die Wilhelm-Varnholt-Allee stadtausw\u00e4rts in Richtung der A656. Aufgrund zu starken abrupten Beschleunigens verlor dieser die Kontrolle \u00fcber sein Fahrzeug und geriet ins Schleudern. Dabei kollidierte er mit einem Mercedes, welcher den linken Fahrstreifen befuhr. Im weiteren Verlauf kollidierte der Ford mit der Leitplanke, an welcher ein Sachschaden entstand. Ein freiwillig durchgef\u00fchrter Atemalkoholtest verlief bei beiden Fahrern negativ. Es entstand ein Sachschaden in H\u00f6he von ca. 13.000 Euro. Beide Fahrzeuge waren nicht mehr fahrbereit und musste abgeschleppt werden.<\/p>\n\n\n\n<h2 class=\"wp-block-heading\">(Mannheim) &#8211; Frontalzusammensto\u00df \/ Drei leicht Verletzte<\/h2>\n\n\n\n<p>Am Freitagnachmittag, gegen 14:30 Uhr, ereignete sich in der Siebenb\u00fcrger Stra\u00dfe ein Unfall zwischen einem LKW und einem PKW. Ein 90-j\u00e4hriger KIA-Fahrer befuhr die Siebenb\u00fcrger Stra\u00dfe in Richtung der Magdeburger Stra\u00dfe. Aus bislang ungekl\u00e4rten Gr\u00fcnden geriet der PKW in den Gegenverkehr und prallt dort frontal gegen einen entgegenkommenden LKW. Der Fahrer des PKWs, seine Beifahrerin sowie der 74-j\u00e4hrige LKW-Fahrer wurden leicht verletzt. Sie kamen in nahegelegene Krankenh\u00e4user zur weiteren medizinischen Versorgung. Der KIA sowie der LKW mussten abgeschleppt werden. Der entstandene Sachschaden bel\u00e4uft sich auf ca. 32.000 Euro. Die Unfallaufnahme erfolgte durch den Verkehrsdienst Mannheim.<\/p>\n\n\n\n<h2 class=\"wp-block-heading\">(A 656 \/ Mannheim) &#8211; Unter Alkoholeinfluss Unfall verursacht und abgehauen<\/h2>\n\n\n\n<p>Ein 41-j\u00e4hriger Mann war am Donnerstagabend alkoholisiert auf der A656 in Richtung Heidelberg unterwegs, verursachte einen Verkehrsunfall und fl\u00fcchtete schlie\u00dflich von der Unfallstelle.<\/p>\n\n\n\n<p>Der 41-J\u00e4hrige war gegen 22.30 Uhr mit seinem Fiat-Transporter zun\u00e4chst auf der A656 in Richtung Heidelberg. Beim Wechsel auf die A 6 in Richtung Heilbronn \u00fcberfuhr er zun\u00e4chst den Randstein der Fahrbahnabtrennung und stie\u00df gegen eine Leitbake sowie mehrere Leitpfosten. Dabei wurde auch die Karosserie und der linke Vorderreifen in Mitleidenschaft gezogen. Im weiteren Verlauf fuhr er auf die A6 in Richtung Heilbronn auf und legte rund 6 Kilometer auf der Felge des platten Vorderreifens zur\u00fcck. Eine Polizeistreife, die den Unfall bemerkt hatte, \u00fcberholte den Transporter und wollte ihn stoppen. Der 41-J\u00e4hrige versuchte jedoch, sich dieser Kontrolle zu entziehen und wollte an der Anschlussstelle Mannheim\/Schwetzingen in Richtung Br\u00fchl abfahren. Dies blieb den Beamten jedoch nicht verborgen, sodass der Mann schlie\u00dflich in der Ausfahrt gestoppt werden konnte.<\/p>\n\n\n\n<p>Bei der Kontrolle bemerkten die Polizisten deutlichen Alkoholgeruch im Atem des 41-J\u00e4hrigen. Ein Alkoholtest ergab einen Wert von rund 1,2 Promille. Ihm wurde im Anschluss eine Blutprobe entnommen.<\/p>\n\n\n\n<p>Die Autobahnpolizei Mannheim ermittelt nun wegen Stra\u00dfenverkehrsgef\u00e4hrdung und Unfallflucht gegen den Fiat-Fahrer. Sein F\u00fchrerschein wurde einbehalten.<\/p>\n\n\n\n<h2 class=\"wp-block-heading\">(Mannheim) &#8211; Pr\u00e4ventionsaktion &#8222;Gelbe Hand&#8220; in der Mannheimer Innenstadt erfolgreich<\/h2>\n\n\n<div class=\"wp-block-image\">\n<figure class=\"aligncenter size-full\"><img decoding=\"async\" loading=\"lazy\" width=\"600\" height=\"606\" src=\"https:\/\/speyer24news.com\/wp-content\/uploads\/2020\/09\/Gelbe-Hand.png\" alt=\"\" class=\"wp-image-30132\" srcset=\"https:\/\/speyer24news.com\/wp-content\/uploads\/2020\/09\/Gelbe-Hand.png 600w, https:\/\/speyer24news.com\/wp-content\/uploads\/2020\/09\/Gelbe-Hand-297x300.png 297w\" sizes=\"(max-width: 600px) 100vw, 600px\" \/><\/figure><\/div>\n\n\n<p>In der Vorweihnachtszeit f\u00fcllen sich die Innenst\u00e4dte mit vielen Menschen, die ihre Weihnachtseink\u00e4ufe erledigen oder die Weihnachtsm\u00e4rkte besuchen. Die vielen Ablenkungen und das entstehende Gedr\u00e4nge nutzen oft auch Taschendiebe.<\/p>\n\n\n\n<p>Am 12.12.2024 f\u00fchrten deshalb Beamtinnen und Beamte des Polizeipr\u00e4sidiums Mannheim die Pr\u00e4ventivaktion &#8222;Gelbe Hand&#8220; durch. Polizisten in Zivilkleidung machen dabei Passantinnen und Passanten auf achtlos getragenen Taschen und Rucks\u00e4cke aufmerksam. Sie \u00fcberreichten dabei einen Flyer in Form einer gelben Hand, welche den potentiellen Zugriff eines Taschendiebs symbolisierte. Darauf stehen hilfreiche Tipps, wie man sich in Zukunft vor m\u00f6glichen Taschendiebst\u00e4hlen sch\u00fctzen kann<\/p>\n\n\n\n<p>Zu Beginn zeigten sich die Angesprochenen oft \u00fcberrascht, jedoch wurde den Betroffenen schnell bewusst, dass die Ansprache nur zum Schutz ihres Hab und Guts diente. Sie zeigten sich erleichtert und dankbar, dass sie gewarnt wurden, bevor es zu einem Diebstahl kommen konnte. <\/p>\n\n\n\n<h4 class=\"wp-block-heading\">Als Schutz gegen Taschendiebe r\u00e4t die Polizei generell:<\/h4>\n\n\n\n<ul>\n<li><strong>Nehmen Sie nur so viel Bargeld, Zahlungskarten und andere Wertgegenst\u00e4nde wie n\u00f6tig mit.<\/strong><\/li>\n\n\n\n<li><strong>Tragen Sie Geld, Schecks, Kreditkarten und Papiere immer in verschiedenen verschlossenen Innentaschen der Kleidung m\u00f6glichst dicht am K\u00f6rper.<\/strong><\/li>\n\n\n\n<li><strong>Tragen Sie Hand- und Umh\u00e4ngetaschen verschlossen auf der K\u00f6rpervorderseite oder klemmen Sie sie sich unter den Arm.<\/strong><\/li>\n\n\n\n<li><strong>Benutzen Sie einen Brustbeutel, eine G\u00fcrtelinnentasche, einen Geldg\u00fcrtel oder eine am G\u00fcrtel angekettete Geldb\u00f6rse.<\/strong><\/li>\n\n\n\n<li><strong>Legen Sie Geldb\u00f6rsen nicht in Einkaufstaschen, Einkaufsk\u00f6rbe oder Kinderwagen, sondern tragen Sie sie m\u00f6glichst k\u00f6rpernah.<\/strong><\/li>\n\n\n\n<li><strong>H\u00e4ngen Sie Handtaschen im Restaurant, im Kaufhaus oder im Laden nicht an Stuhllehnen und stellen Sie sie nicht unbeaufsichtigt ab.<\/strong><\/li>\n<\/ul>\n\n\n\n<h4 class=\"wp-block-heading\"><em>Weitere Informationen hierzu finden Sie auch online im Kriminalpr\u00e4ventions- Flyer &#8222;So sch\u00fctzen sie sich vor Taschendieben&#8220; unter\u00a0<a href=\"https:\/\/www.polizei-beratung.de\/medienangebot\/detail\/325-so-schuetzen-sie-sich-vor-taschendieben\/\" target=\"_blank\" rel=\"noreferrer noopener\">https:\/\/www.polizei-beratung.de\/medienangebot\/detail\/325-so-schuetzen-sie-sich-vor-taschendieben\/<\/a><\/em><\/h4>\n\n\n\n<h2 class=\"wp-block-heading\">(Mannheim) &#8211; Unfallflucht mit 3.000 Euro Sachschaden \/ Zeugen gesucht!<\/h2>\n\n\n\n<p>Am Donnerstag wurde zwischen 10 Uhr und 11:30 Uhr der BMW eines 57-J\u00e4hrigen auf dem Parkplatz eines Einkaufszentrums in der Relaisstra\u00dfe besch\u00e4digt.<\/p>\n\n\n\n<p>Der Unfallverursacher entfernte sich danach unerlaubt von der Unfallstelle. Es entstand ein Sachschaden von circa 3.000 Euro.<\/p>\n\n\n\n<ul>\n<li><strong>Zeugen, die sachdienliche Hinweise zu dem Vorfall geben k\u00f6nnen, werden gebeten sich beim Polizeirevier Mannheim-Neckarau unter der Telefonnummer 0621\/ 83397-0 zu melden.<\/strong><\/li>\n<\/ul>\n\n\n\n<h2 class=\"wp-block-heading\">(A 6 \/ Mannheim) &#8211; Auffahrunfall mit drei verletzten Personen und hohem Sachschaden<\/h2>\n\n\n\n<p>Drei verletzte Personen und erheblicher Sachschaden sind die Bilanz eines Auffahrunfalls am Donnerstagmorgen auf den A 6 zwischen den Autobahnkreuzen Viernheim und Mannheim.<\/p>\n\n\n\n<p>Ein 32-j\u00e4hriger Mann befuhr kurz nach 8 Uhr mit seinem Seat die rechte Fahrspur der A 6 in Richtung Heilbronn. Als er am Stauende stark abbremsen musste, fuhr ihm ein nachfolgender 69-j\u00e4hriger Mercedes-Fahrer hinten auf. Bei der Kollision zogen sich der 69-J\u00e4hrige, sowie der Fahrer des Seat und dessen 31-j\u00e4hrige Mitfahrerin leichte Verletzungen zu und wurden mit Rettungsfahrzeugen vorsorglich in umliegende Krankenh\u00e4user gebracht. W\u00e4hrend der 32-J\u00e4hrige nach derzeitigem Erkenntnisstand das Krankenhaus nach ambulanter Behandlung wieder verlassen konnte, wurden die beiden anderen Verletzten zun\u00e4chst station\u00e4r aufgenommen.<\/p>\n\n\n\n<p>Beide Fahrzeuge waren so stark besch\u00e4digt, dass sie abgeschleppt werden mussten. Der Sachschaden wird auf rund 15.000 Euro gesch\u00e4tzt.<\/p>\n\n\n\n<p>W\u00e4hrend der Unfallaufnahme und anschlie\u00dfenden Abschleppma\u00dfnahmen war der rechte Fahrstreifen bis ca. 9.30 Uhr gesperrt. Es ergaben sich hierdurch keine nennenswerten Verkehrsbeeintr\u00e4chtigungen.<\/p>\n\n\n\n<h2 class=\"wp-block-heading\">(Heidelberg) &#8211; Auffahrunfall mit zwei leicht verletzten Personen<\/h2>\n\n\n\n<p>Am Freitagabend, gg. 19:20 Uhr, befuhr ein 56-j\u00e4hriger Audi-Fahrer die Br\u00fcckenstra\u00dfe in s\u00fcdliche Richtung. Auf H\u00f6he der Br\u00fcckenkopfstra\u00dfe musste dieser an einer Ampel verkehrsbedingt anhalten. Der dahinterfahrende 22-j\u00e4hrige Opel-Fahrer erkannte diese Situation vermutlich zu sp\u00e4t und fuhr auf den Audi auf. Sowohl der 56-J\u00e4hrige Fahrer, als auch dessen 60-j\u00e4hrige Beifahrerin, wurden bei dem Unfall leicht verletzt. Der Gesamtschaden wird auf ca. 8.000 Euro gesch\u00e4tzt.<\/p>\n\n\n\n<p>Der Verkehrsunfall wurde durch das Polizeirevier Heidelberg-Nord aufgenommen.<\/p>\n\n\n\n<h2 class=\"wp-block-heading\">(Heidelberg) &#8211; Auf geparktes Auto aufgefahren \/ Eine Person verletzt<\/h2>\n\n\n\n<p>Einen Verkehrsunfall verursachte am Donnerstagabend ein 34-j\u00e4hriger Mann im Stadtteil Kirchheim und zog sich dabei Verletzungen zu.<\/p>\n\n\n\n<p>Der 34-J\u00e4hrige befuhr kurz vor Mitternacht mit seinem Suzuki die Hegenichstra\u00dfe. Dabei \u00fcbersah er offenbar einen am Fahrbahn geparkten Nissan und fuhr dagegen. Durch den Aufprall zog sich der Mann Verletzungen am Kopf und am Bein zu. Er wurde nach Erstversorgung durch Rettungskr\u00e4fte zur weiteren Behandlung in ein Krankenhaus. \u00dcber Art und Schwere seiner Verletzungen liegen derzeit noch keine weiteren Informationen vor.<\/p>\n\n\n\n<p>Beide Fahrzeuge wurden stark besch\u00e4digt und mussten abgeschleppt werden. Der Sachschaden wird auf rund 10.000 Euro beziffert.<\/p>\n\n\n\n<h2 class=\"wp-block-heading\">(Ketsch \/ Rhein-Neckar-Kreis) &#8211; Polizei sucht nach Einbruch in Einfamilienhaus Zeugen<\/h2>\n\n\n\n<p>Am Sonntag, zwischen 12 Uhr und 21 Uhr, gelangen unbekannte T\u00e4ter in ein Anwesen in der Hebelstra\u00dfe. Dabei verschafften sie sich gewaltsam Zutritt \u00fcber die Eingangst\u00fcr und gelangten so ins Innere. Ob etwas entwendet worden ist und wie hoch der Diebstahl- und Sachschaden ist, ist Gegenstand der laufenden Ermittlungen.<\/p>\n\n\n\n<ul>\n<li><strong>Eine aufmerksame Zeugin konnte gegen 19 Uhr einen schwarzen Mercedes mit laufendem Motor feststellen. Der Fahrer soll m\u00e4nnlich mit hellem Teint, circa 35 Jahre und s\u00fcdl\u00e4ndischer Ph\u00e4notyp gewesen sein. Er soll einen Drei-Tage-Bart getragen haben. Inwieweit dies im Zusammenhang mit der zuvor genannten Tat steht, ist Gegenstand der laufenden Ermittlungen.<\/strong><\/li>\n<\/ul>\n\n\n\n<ul>\n<li><strong>Die Ermittlungsgruppe Eigentum der Kriminalpolizeidirektion Heidelberg hat sich unter Beteiligung der zentralen Kriminaltechnik dem Fall angenommen. Zeugen, die weitere Angaben zu auff\u00e4lligen Fahrzeugen\/ Personen machen oder sachdienliche Hinweise geben k\u00f6nnen, werden gebeten, sich unter der Telefonnummer 0621\/174-4444 zu melden.<\/strong><\/li>\n<\/ul>\n\n\n\n<h2 class=\"wp-block-heading\">(Schwetzingen \/ Rhein-Neckar-Kreis) &#8211; Wohnungseinbruch \/ Zeugen gesucht<\/h2>\n\n\n\n<p>In der Nacht von Freitag auf Samstag, im Zeitraum zwischen 18:40 Uhr und 03:30 Uhr, verschaffte sich eine bislang unbekannte T\u00e4terschaft Zutritt zu einem Mehrfamilienhaus in der Lessingstra\u00dfe. Die Unbekannten gelangten \u00fcber eine Terrassent\u00fcre, indem sie diese aufhebelten, in die Wohnung. Sie durchw\u00fchlten Schr\u00e4nke und Schubladen in den R\u00e4umlichkeiten und fanden unter anderem Schmuck, welchen sie entwendeten. Es entstand ein Sach- und Diebstahlsschaden in H\u00f6he von mehreren tausend Euro. Zeugen, die sachdienliche Hinweise zu den Einbrechern geben k\u00f6nnen, werden gebeten, sich beim Polizeirevier Schwetzingen unter der Telefonnummer 06202-2880 zu melden.<\/p>\n\n\n\n<h2 class=\"wp-block-heading\">(Walldorf \/ Rhein-Neckar-Kreis) &#8211; Radfahrer st\u00fcrzt aufgrund des \u00dcberholens eines SUVs \/ Zeugen gesucht!<\/h2>\n\n\n\n<p>Am Donnerstagmorgen gegen 9 Uhr st\u00fcrzte ein 44-j\u00e4hriger Fahrradfahrer aufgrund eines knapp \u00fcberholenden Fahrzeugs. Der 44-J\u00e4hrige war auf der Daimlerstra\u00dfe unterwegs und wollte nach links in die Carl-Benz-Stra\u00dfe einbiegen. Dies k\u00fcndigte er auch mittels Handzeichen an. Der bisher noch unbekannte Autofahrer \u00fcberholte diesen dabei so knapp, dass der 44-J\u00e4hrige vor Schreck zu Boden fiel. Der Fahrer des vermutlich wei\u00dfen SUVs entfernte sich anschlie\u00dfend unmittelbar von der Unfallstelle.<\/p>\n\n\n\n<p>Durch den Sturz erlitt der Radfahrer leichte Verletzungen, zudem entstand ein Sachschaden an seinem Trekkingrad von circa 50 Euro.<\/p>\n\n\n\n<ul>\n<li><strong>Zeugen, die Hinweise zu dem Vorfall geben k\u00f6nnen, werden gebeten sich beim Polizeirevier Wiesloch unter der Nummer 06222\/ 5709-0 zu melden.<\/strong><\/li>\n<\/ul>\n\n\n\n<h2 class=\"wp-block-heading\">(Wiesloch \/ Rhein-Neckar-Kreis) &#8211; Betrunkener kollidiert mit Ampelanlage.<\/h2>\n\n\n\n<p>Der 34-j\u00e4hrige Fahrzeugf\u00fchrer eines Pkw Daihatsu befuhr die Wieslocher Stra\u00dfe in Walldorf, verlor die Kontrolle \u00fcber sein Fahrzeug und kollidierte auf H\u00f6he der Einm\u00fcndung zur L723 mit der \u00f6rtlichen Ampelanlage. Sowohl am Fahrzeug als auch an der Signalanlage entstand ein Totalschaden. Der entstandene Sachschaden ist zum Berichtszeitpunkt noch nicht im Detail zu beziffern.<\/p>\n\n\n\n<p>Die Behandlung im, ebenfalls alarmierten, Rettungswagen lehnte der Fahrer ab. Stattdessen wurde er durch eine Polizeistreife zum Revier Wiesloch verbracht, nachdem diese im pers\u00f6nlichen Gespr\u00e4ch einen deutlichen Atemalkoholgeruch festgestellt hatte. Nach der Entnahme einer Blutprobe wurde der Mann auf freien Fu\u00df entlassen. Zuvor hatte er die Durchf\u00fchrung eines Atemalkoholtestes abgelehnt. Ihn erwartet nun eine Strafanzeige wegen Gef\u00e4hrdung des Stra\u00dfenverkehrs. Sein F\u00fchrerschein wurde einbehalten.<\/p>\n\n\n\n<h2 class=\"wp-block-heading\">(Baiertal \/ Rhein-Neckar-Kreis) &#8211; Auto macht sich an Tankstelle selbstst\u00e4ndig und prallt gegen Hauswand<\/h2>\n\n\n\n<p>Eine 90-J\u00e4hrige fuhr am Donnerstag mit ihrem Daimler-Benz an eine Tankstelle in der Schatth\u00e4user Stra\u00dfe. Kurz nachdem sie gegen 13 Uhr ausgestiegen war, um zu tanken, machte sich das Auto aus bislang noch unbekannter Ursache selbstst\u00e4ndig. Mit noch ge\u00f6ffneter Fahrradt\u00fcr rollte das f\u00fchrerlose Fahrzeug vom Gel\u00e4nde der Tankstelle, \u00fcberquerte die Fahrbahn der Schatth\u00e4user Stra\u00dfe und stie\u00df schlie\u00dflich gegen eine Hauswand. Nach derzeitigen Erkenntnissen entstand aber kein Schaden an der Fassade. In dem Versuch ihr Fahrzeug wieder einzuholen, lief die Seniorin zun\u00e4chst ihrem Auto hinterher, kam dann aber zu Fall. Dabei verletzte sie sich leicht. Das Polizeirevier Wiesloch \u00fcbernahm die weiteren Ermittlungen.<\/p>\n\n\n\n<h2 class=\"wp-block-heading\">(Sinsheim \/ Rhein-Neckar-Kreis) &#8211; Aufmerksamer Verkehrsteilnehmer meldet betrunkenen Mercedes Fahrer<\/h2>\n\n\n\n<p>Am Samstagnacht, gegen 23.00 Uhr, befuhr ein 34-J\u00e4hriger mit seinem Pkw die B 292 von Waibstadt kommend in Richtung Sinsheim. Hier fiel ihm ein vorausfahrender Mercedes aufgrund der unsicheren Fahrweise auf. Der vorausfahrende Mercedes Fahrer bremste mehrmals ohne ersichtlichen Grund ab, fuhr statt den erlaubten 70 km\/h zeitweise nur 35 km\/h und \u00fcber die gesamte Strecke erhebliche Schlangenlinien. Nachdem der 34-J\u00e4hrige die Polizei verst\u00e4ndigte konnten Beamte des Polizeireviers Sinsheim den Mercedes und den 59-j\u00e4hrigen Fahrer im Bereich der Grabengasse einer Kontrolle unterziehen. Im Verlauf der Kontrolle stellten die Beamten deutlichen Atemalkoholgeruch beim 59-J\u00e4hrigen fest. Ein durgef\u00fchrter Atemalkoholtest f\u00f6rderte einen Wert von 1,76 Promille zu Tage. Ihm wurde eine Blutprobe entnommen und sein F\u00fchrerschein wurde einbehalten. Gl\u00fccklicherweise wurde durch die unsichere Fahrweise des 59-J\u00e4hrigen kein anderer Verkehrsteilnehmer gef\u00e4hrdet. Neben dem F\u00fchrerscheinverlust muss er sich weiter wegen Trunkenheit im Verkehr vor einem Gericht verantworten.<\/p>\n\n\n\n<h2 class=\"wp-block-heading\">(A 6 \/ Sinsheim \/ Rhein-Neckar-Kreis) &#8211; Beim Fahrspurwechsel Unfall verursacht \/ Erheblicher Sachschaden entstanden<\/h2>\n\n\n\n<p>Bei einem Verkehrsunfall am Donnerstagvormittag auf der A 6 in H\u00f6he Balzfeld entstand erheblicher Sachschaden.<\/p>\n\n\n\n<p>Eine 58-j\u00e4hrige Frau war gegen 10.30 Uhr mit ihrem Dacia auf der mittleren Fahrspur der A6 in Richtung Heilbronn unterwegs. Zwischen den Anschlussstellen Wiesloch\/Rauenberg und Sinsheim wechselte vor ihr ein Lastwagen von rechts auf ihre Fahrspur. Um einen Zusammensto\u00df zu vermeiden, wich sie auf den linken Fahrstreifen aus und kollidierte dabei mit 67-j\u00e4hrigen BMW-Fahrer, der sich direkt neben dem Dacia befand. Dabei entstand Sachschaden in H\u00f6he von rund 25.000 Euro. Die beiden Beteiligten kamen mit dem Schrecken davon und blieben unverletzt.<\/p>\n\n\n\n<h2 class=\"wp-block-heading\">(Waibstadt \/ Rhein-Neckar-Kreis) &#8211; Beim Rangieren gegen Hauswand gefahren \/ Eine Person leicht verletzt<\/h2>\n\n\n\n<p>Am Freitagmorgen prallte ein 71-j\u00e4hriger Mann beim Rangieren mit seinem Auto gegen eine Hauswand und zog sich dabei leichte Verletzungen zu.<\/p>\n\n\n\n<p>Der Senior rangierte kurz von 10 Uhr mit seinem Citro\u00ebn vor einem Anwesen in der Alten Sinsheimer Stra\u00dfe. Nach derzeitigem Kenntnisstand verwechselte er dabei das Gas- und das Bremspedal. Das Fahrzeug machte einen Satz nach vorne, durchbrach einen Zaun und kam schlie\u00dflich an der Ge\u00e4udewand zum Stehen. Dabei zog sich der 71-J\u00e4hrige leichte Verletzungen zu. Er musste aus seinem Fahrzeug befreit werden, da eine Hecke die Autot\u00fcr blockierte. Nach Erstversorgung durch Rettungskr\u00e4fte wurde er zur weiteren Behandlung in ein Krankenhaus gebracht.<\/p>\n\n\n\n<p>Da das Fahrzeug des Mannes stark besch\u00e4digt war, musste es abgeschleppt werden. Der entstandene Sachschaden wird auf rund 40.000 Euro gesch\u00e4tzt.<\/p>\n\n\n\n<h2 class=\"wp-block-heading\">(Reichartshausen \/ Rhein-Neckar-Kreis) &#8211; Einbruch \/ Zeugen gesucht<\/h2>\n\n\n\n<p>In dem Zeitraum von Mittwochvormittag, 10:15 Uhr, bis Donnerstagabend, 19:05 Uhr, verschaffte sich eine bislang unbekannte T\u00e4terschaft gewaltsam Zutritt \u00fcber ein Fenster zu einem Anwesen in der Bergstra\u00dfe. Mehrere Wohnr\u00e4ume wurden durchsucht und ein Tresor gewaltsam mit einem bislang nicht n\u00e4her bestimmbaren Gegenstand ge\u00f6ffnet. Aus diesem wurde Schmuck entwendet. Ob weitere Wertgegenst\u00e4nde entwendet worden sind und wie hoch der Diebstahls- und Sachschaden ist, kann bislang nicht beziffert werden und ist Gegenstand der aktuellen Ermittlungen, die durch die Ermittlungsgruppe Eigentum der Kriminalpolizeidirektion Heidelberg unter Hinzuziehung der Kriminaltechnik \u00fcbernommen worden sind.<\/p>\n\n\n\n<ul>\n<li><strong>Zeugen, die sachdienliche Hinweise geben k\u00f6nnen, werden gebeten, sich unter der Telefonnummer 0621\/174-4444 zu melden.<\/strong><\/li>\n<\/ul>\n\n\n\n<h2 class=\"wp-block-heading\">(Heddesheim \/ Rhein-Neckar-Kreis) &#8211; Abwesenheit ausgenutzt und in Wohnung eingebrochen \/ Zeugen gesucht<\/h2>\n\n\n\n<p>Am Samstag, in der Zeit von 09.30 bis 13.00 Uhr, nutzte bislang unbekannte T\u00e4terschaft die Abwesenheit der Bewohner aus und brachen in eine im Erdgeschoss befindliche Wohnung eines Mehrfamilienhauses in der Friedensstra\u00dfe ein. Unbekannte T\u00e4terschaft hebelte hierzu ein r\u00fcckseitig gelegenes Fenster auf und verschaffte so Zutritt. Aus der Wohnung entwendeten die Unbekannten Schmuck im Wert von mehreren hundert Euro. Am Fenster entstand ein gesch\u00e4tzter Sachschaden von ebenfalls mehreren hundert Euro. Die weiteren Ermittlungen werden durch die Ermittlungsgruppe Eigentum gef\u00fchrt. <\/p>\n\n\n\n<ul>\n<li><strong>Zeugen und\/oder Anwohner, die zur fraglichen Zeit verd\u00e4chtige Wahrnehmungen gemacht haben, werden gebeten Kontakt mit dem Polizeirevier Ladenburg, Tel.: 06203\/9305-0, oder der Kriminalpolizeidirektion Heidelberg, Tel.: 0621\/174-4444, aufzunehmen.<\/strong><\/li>\n<\/ul>\n\n\n\n<h2 class=\"wp-block-heading\">(Ladenburg \/ Rhein-Neckar-Kreis) &#8211; Einbruch in Wohnungen \/ Zeugen gesucht<\/h2>\n\n\n\n<p>Eine bislang unbekannte T\u00e4terschaft nutzte die Abwesenheit der Bewohner am Donnerstag zwischen 14:00 Uhr und 18:30 Uhr aus und gelangte gewaltsam \u00fcber eine Balkont\u00fcr in mehrere Wohnungen in einem Anwesen in der Trajanstra\u00dfe. Sie entwendeten Bargeld und Schmuck in H\u00f6he von circa 3.000 Euro und fl\u00fcchteten danach in unbekannte Richtung.<\/p>\n\n\n\n<ul>\n<li><strong>Die Ermittlungsgruppe Eigentum der Kriminalpolizeidirektion Heidelberg hat unter Hinzuziehung der Kriminaltechnik die weiteren Ermittlungen \u00fcbernommen. Zeugen, die sachdienliche Hinweise geben k\u00f6nnen, werden gebeten, sich unter der Telefonnummer 0621\/174-4444 zu melden.<\/strong><\/li>\n<\/ul>\n\n\n\n<h2 class=\"wp-block-heading\">(L 3408 \/ Weinheim \/ Rhein-Neckar-Kreis) &#8211; Sperrung Birkenauer Talstra\u00dfe nach Unfall<\/h2>\n\n\n\n<p>Aktuell ist die Birkenauer Talstra\u00dfe auf H\u00f6he Fuchs&#8217;sche M\u00fchle in beide Fahrtrichtungen gesperrt. Rettungskr\u00e4fte und Polizei befinden sich im Einsatz. Nach bisherigen Erkenntnissen kam es hier zu einem Unfall zwischen mehreren Fahrzeugen. \u00dcber den Unfallhergang und das genaue Ausma\u00df des Schadens ist bislang nichts bekannt. Personen sollen jedoch nicht verletzt worden sein. (<em>13.12.2024 \u2013 10:11<\/em>)<\/p>\n\n\n\n<h3 class=\"wp-block-heading has-text-align-center\">Pressemeldung Nr. 2 &#8211; Keine verletzten Personen<\/h3>\n\n\n\n<p>Freitagvormittag um 09:50 Uhr kam es auf der Birkenauer Talstra\u00dfe auf H\u00f6he Fuchs&#8217;sche M\u00fchle zu einem Unfall, weshalb diese in beide Fahrtrichtungen w\u00e4hrend der Unfallaufnahme teilweise voll gesperrt werden musste. Zeitweise musste der Verkehr aus beiden Richtungen an der Unfallstelle vorbeigeleitet werden. Die Sperrung konnte gegen 11:30 Uhr wieder aufgehoben werden.<\/p>\n\n\n\n<p>Ein 41-j\u00e4hriger VW-Fahrer fuhr auf der Birkenauer Talstra\u00dfe aus Weinheim kommend in Fahrtrichtung Birkenau und kam dabei aus bislang unbekannter Ursache in den Gegenverkehr. Hierbei kollidierte er mit einem Opel. Durch den Zusammensto\u00df l\u00f6sten sich Fahrzeugteile, die wiederum auf ein weiteres Fahrzeug geschleudert wurden und dieses besch\u00e4digten.<\/p>\n\n\n\n<p>Nach dem Zusammensto\u00df mit dem Opel fuhr der VW-Fahrer an einem Smart vorbei und besch\u00e4digte dabei dessen linken Au\u00dfenspiegel. Hiernach hielt der 41-J\u00e4hrige an, verlie\u00df sein Fahrzeug und wurde verbal ausf\u00e4llig gegen\u00fcber den beteiligten Verkehrsteilnehmern sowie den hinzukommenden Polizeikr\u00e4ften. W\u00e4hrend der Unfallaufnahme entfernte sich der 41-j\u00e4hrige VW-Fahrer pl\u00f6tzlich unerlaubt von der Unfallstelle, entledigte sich teilweise seiner Kleidung und versuchte, \u00fcber den Flu\u00df Weschnitz in Richtung Birkenau zu fl\u00fcchten. Der Fl\u00fcchtige konnte letztlich von Polizeikr\u00e4ften nahe des Birkenauer Bahnhofs vorl\u00e4ufig festgenommen werden, nachdem der 41-J\u00e4hrige zuvor auf einen Pritschenwagen aufgesprungen und sich unbemerkt bis nach Birkenau fahren lie\u00df. Er wurde vorsorglich in ein Krankenhaus gebracht.<\/p>\n\n\n\n<p>Ersten Erkenntnissen zur Folge d\u00fcrfte der Mann sich in einem psychischen Ausnahmezustand befunden haben, sodass er im weiteren Verlauf in eine psychische Einrichtung gebracht worden ist.<\/p>\n\n\n\n<p>Die Opel-Fahrerin wurde vorsorglich in ein Krankenhaus gebracht, machte aber im Nachgang keine Verletzungen geltend, so dass gl\u00fccklicherweise keiner der beteiligten Personen bei dem Unfall verletzt worden ist. Der Gesamtschaden wird auf circa 20.000 Euro gesch\u00e4tzt.<\/p>\n\n\n\n<p>Der Verkehrsdienst Mannheim hat die weiteren Ermittlungen \u00fcbernommen.<\/p>\n","protected":false},"excerpt":{"rendered":"<div class=\"mh-excerpt\"><p>Polizeimeldungen vom Wochenende (13.12. &#8211; 15.12.2024) (Speyer) &#8211; Verkehrsunfall mit Flucht Am 14.12.2024 gegen 23:10 Uhr kam es auf dem Domplatz zu einem Verkehrsunfall mit einem leichtverletzten Fu\u00dfg\u00e4nger. Hierbei wurde einem 17-J\u00e4hriger, durch ein noch <a class=\"mh-excerpt-more\" href=\"https:\/\/speyer24news.com\/?p=60532\" title=\"Polizeimeldungen Wochenende (13.12. &#8211; 15.12.24)\">[&#8230;]<\/a><\/p>\n<\/div>","protected":false},"author":3,"featured_media":26162,"comment_status":"open","ping_status":"open","sticky":false,"template":"","format":"standard","meta":{"_monsterinsights_skip_tracking":false,"_monsterinsights_sitenote_active":false,"_monsterinsights_sitenote_note":"","_monsterinsights_sitenote_category":0,"footnotes":""},"categories":[15659],"tags":[7273,7243,7244,10926,3614,13554,350,14537,15084,15267,14538,18288,15361,61,2555,14113,6955,6986,6263,63,105,11150,6987,53,13540,16956,18099,17274,4683,14958,9154,17275,11592,14705,18511,18512,102,13626,213,14325,14324,13553,13541,16955,2625,380],"aioseo_notices":[],"amp_enabled":true,"_links":{"self":[{"href":"https:\/\/speyer24news.com\/index.php?rest_route=\/wp\/v2\/posts\/60532"}],"collection":[{"href":"https:\/\/speyer24news.com\/index.php?rest_route=\/wp\/v2\/posts"}],"about":[{"href":"https:\/\/speyer24news.com\/index.php?rest_route=\/wp\/v2\/types\/post"}],"author":[{"embeddable":true,"href":"https:\/\/speyer24news.com\/index.php?rest_route=\/wp\/v2\/users\/3"}],"replies":[{"embeddable":true,"href":"https:\/\/speyer24news.com\/index.php?rest_route=%2Fwp%2Fv2%2Fcomments&post=60532"}],"version-history":[{"count":2,"href":"https:\/\/speyer24news.com\/index.php?rest_route=\/wp\/v2\/posts\/60532\/revisions"}],"predecessor-version":[{"id":60534,"href":"https:\/\/speyer24news.com\/index.php?rest_route=\/wp\/v2\/posts\/60532\/revisions\/60534"}],"wp:featuredmedia":[{"embeddable":true,"href":"https:\/\/speyer24news.com\/index.php?rest_route=\/wp\/v2\/media\/26162"}],"wp:attachment":[{"href":"https:\/\/speyer24news.com\/index.php?rest_route=%2Fwp%2Fv2%2Fmedia&parent=60532"}],"wp:term":[{"taxonomy":"category","embeddable":true,"href":"https:\/\/speyer24news.com\/index.php?rest_route=%2Fwp%2Fv2%2Fcategories&post=60532"},{"taxonomy":"post_tag","embeddable":true,"href":"https:\/\/speyer24news.com\/index.php?rest_route=%2Fwp%2Fv2%2Ftags&post=60532"}],"curies":[{"name":"wp","href":"https:\/\/api.w.org\/{rel}","templated":true}]}}