{"id":60579,"date":"2025-03-19T10:48:57","date_gmt":"2025-03-19T09:48:57","guid":{"rendered":"https:\/\/speyer24news.com\/?p=60579"},"modified":"2025-03-19T10:48:57","modified_gmt":"2025-03-19T09:48:57","slug":"resonanzen-in-der-galerie-villa-streccius-landauer-kunstgalerie-zeigt-von-22-maerz-bis-27-april-werke-von-thomas-glas-und-samuel-salcedo","status":"publish","type":"post","link":"https:\/\/speyer24news.com\/?p=60579","title":{"rendered":"\u201eResonanzen\u201c in der Galerie Villa Streccius: Landauer Kunstgalerie zeigt von 22. M\u00e4rz bis 27. April Werke von Thomas Glas und Samuel Salcedo"},"content":{"rendered":"<style type=\"text\/css\">\r\n\t.ads_top_disp{}\r\n\t.ads_top_corner_disp{ float:left; margin:0px 10px 10px 0px; }\r\n\t.ads_first_p_disp{}\r\n\t.ads_bottom_disp{}\r\n\t<\/style>\n<h2 class=\"wp-block-heading\"><strong>Landau &#8211;<\/strong> \u201eResonanzen\u201c in der Galerie Villa Streccius: Landauer Kunstgalerie zeigt von 22. M\u00e4rz bis 27. April Werke von Thomas Glas und Samuel Salcedo<\/h2>\n\n\n<div class=\"wp-block-image\">\n<figure class=\"aligncenter size-full\"><img decoding=\"async\" loading=\"lazy\" width=\"500\" height=\"638\" src=\"https:\/\/speyer24news.com\/wp-content\/uploads\/2025\/03\/19-03-2025-Info-Resonanzen.jpg\" alt=\"\" class=\"wp-image-60580\" srcset=\"https:\/\/speyer24news.com\/wp-content\/uploads\/2025\/03\/19-03-2025-Info-Resonanzen.jpg 500w, https:\/\/speyer24news.com\/wp-content\/uploads\/2025\/03\/19-03-2025-Info-Resonanzen-235x300.jpg 235w\" sizes=\"(max-width: 500px) 100vw, 500px\" \/><figcaption class=\"wp-element-caption\">In der Ausstellung \u201eResonanzen\u201c in der Landauer Galerie Villa Streccius treffen Bilder von Thomas Glas auf Plastiken von Samuel Salcedo. (<em>Quelle:Thomas Glas<\/em>)<\/figcaption><\/figure><\/div>\n\n\n<p>Das Kulturb\u00fcro der Stadt Landau pr\u00e4sentiert <strong>von Samstag, 22. M\u00e4rz, bis Sonntag, 27. April<\/strong>, die Ausstellung \u201eResonanzen\u201c in der Galerie Villa Streccius. In der Doppelschau treffen Malereien des deutschen K\u00fcnstlers Thomas Glas und Plastiken des Spaniers Samuel Salcedo aufeinander und er\u00f6ffnen den Betrachterinnen und Betrachtern neue multiperspektivische Erfahrungen.<\/p>\n\n\n\n<p>Die absolute Malerei von Thomas Glas dringt mit ihrem bildlichen Instrumentarium weit in den Kosmos-Raum der Imagination vor. Die Urelemente der Kunst \u2013 Linien und Farbpotenziale \u2013 lassen nie gesehene Wirklichkeiten entstehen. Die Bilder machen die Sehnsucht der Menschen nach der Sch\u00f6pfung, den Anf\u00e4ngen der Weltvorstellung und den Grenzen des menschlichen Erfahrungsraums erlebbar.<\/p>\n\n\n\n<p>Dem gegen\u00fcber stehen die plastischen Werke von Samuel Salcedo, die tiefgr\u00fcndig und poetisch die Befindlichkeiten des menschlichen Daseins thematisieren. Die st\u00e4hlernen Antlitze erscheinen mit ihren geschlossenen Augen kraftvoll auf sich konzentriert. Sie erinnern an die Verlorenheit von Zeit und Raum.<\/p>\n\n\n\n<p>Die Vernissage findet am Freitag, 21. M\u00e4rz, um 19 Uhr statt.<\/p>\n\n\n\n<p>Danach ist die Ausstellung bis einschlie\u00dflich Sonntag, 27. April, immer dienstags und mittwochs von 17 bis 20 Uhr sowie donnerstags bis sonntags von 14 bis 17 Uhr in der Galerie am S\u00fcdring 20 in Landau zu sehen.<\/p>\n\n\n\n<p>Am Samstag, 29. M\u00e4rz, und Sonntag, 30. M\u00e4rz, sowie am Samstag, 26. April, und Sonntag, 27. April, ist der K\u00fcnstler Thomas Glas vor Ort in der Villa Streccius und freut sich \u00fcber interessante Gespr\u00e4che mit Kunstinteressierten.<br>Jeweils um 15 Uhr gibt er an den Terminen au\u00dferdem kostenlose F\u00fchrungen.<\/p>\n\n\n\n<p>Weitere Informationen sind online unter <a href=\"http:\/\/www.villa-streccius.de\" title=\"\"><strong>www.villa-streccius.de<\/strong><\/a> zu finden.<\/p>\n\n\n\n<p><em>Text: Pressemitteilung Stadt Landau in der Pfalz. Foto: Thomas Glas<br>19.03.2025<\/em><\/p>\n","protected":false},"excerpt":{"rendered":"<div class=\"mh-excerpt\"><p>Landau &#8211; \u201eResonanzen\u201c in der Galerie Villa Streccius: Landauer Kunstgalerie zeigt von 22. M\u00e4rz bis 27. April Werke von Thomas Glas und Samuel Salcedo Das Kulturb\u00fcro der Stadt Landau pr\u00e4sentiert von Samstag, 22. M\u00e4rz, bis <a class=\"mh-excerpt-more\" href=\"https:\/\/speyer24news.com\/?p=60579\" title=\"\u201eResonanzen\u201c in der Galerie Villa Streccius: Landauer Kunstgalerie zeigt von 22. M\u00e4rz bis 27. April Werke von Thomas Glas und Samuel Salcedo\">[&#8230;]<\/a><\/p>\n<\/div>","protected":false},"author":3,"featured_media":26705,"comment_status":"open","ping_status":"open","sticky":false,"template":"","format":"standard","meta":{"_monsterinsights_skip_tracking":false,"_monsterinsights_sitenote_active":false,"_monsterinsights_sitenote_note":"","_monsterinsights_sitenote_category":0,"footnotes":""},"categories":[18614],"tags":[3800,18615,58,3770,2625,380],"aioseo_notices":[],"amp_enabled":true,"_links":{"self":[{"href":"https:\/\/speyer24news.com\/index.php?rest_route=\/wp\/v2\/posts\/60579"}],"collection":[{"href":"https:\/\/speyer24news.com\/index.php?rest_route=\/wp\/v2\/posts"}],"about":[{"href":"https:\/\/speyer24news.com\/index.php?rest_route=\/wp\/v2\/types\/post"}],"author":[{"embeddable":true,"href":"https:\/\/speyer24news.com\/index.php?rest_route=\/wp\/v2\/users\/3"}],"replies":[{"embeddable":true,"href":"https:\/\/speyer24news.com\/index.php?rest_route=%2Fwp%2Fv2%2Fcomments&post=60579"}],"version-history":[{"count":1,"href":"https:\/\/speyer24news.com\/index.php?rest_route=\/wp\/v2\/posts\/60579\/revisions"}],"predecessor-version":[{"id":60581,"href":"https:\/\/speyer24news.com\/index.php?rest_route=\/wp\/v2\/posts\/60579\/revisions\/60581"}],"wp:featuredmedia":[{"embeddable":true,"href":"https:\/\/speyer24news.com\/index.php?rest_route=\/wp\/v2\/media\/26705"}],"wp:attachment":[{"href":"https:\/\/speyer24news.com\/index.php?rest_route=%2Fwp%2Fv2%2Fmedia&parent=60579"}],"wp:term":[{"taxonomy":"category","embeddable":true,"href":"https:\/\/speyer24news.com\/index.php?rest_route=%2Fwp%2Fv2%2Fcategories&post=60579"},{"taxonomy":"post_tag","embeddable":true,"href":"https:\/\/speyer24news.com\/index.php?rest_route=%2Fwp%2Fv2%2Ftags&post=60579"}],"curies":[{"name":"wp","href":"https:\/\/api.w.org\/{rel}","templated":true}]}}