{"id":60594,"date":"2025-03-19T11:13:34","date_gmt":"2025-03-19T10:13:34","guid":{"rendered":"https:\/\/speyer24news.com\/?p=60594"},"modified":"2025-03-19T11:13:36","modified_gmt":"2025-03-19T10:13:36","slug":"speyer-flohmarkt-fuer-kleine-und-grosse-entdeckerinnen-in-der-stadthalle-am-29-03-2025","status":"publish","type":"post","link":"https:\/\/speyer24news.com\/?p=60594","title":{"rendered":"Speyer &#8211; Flohmarkt f\u00fcr kleine und gro\u00dfe Entdecker*innen in der Stadthalle am 29.03.2025"},"content":{"rendered":"<style type=\"text\/css\">\r\n\t.ads_top_disp{}\r\n\t.ads_top_corner_disp{ float:left; margin:0px 10px 10px 0px; }\r\n\t.ads_first_p_disp{}\r\n\t.ads_bottom_disp{}\r\n\t<\/style>\n<h2 class=\"wp-block-heading\">Flohmarkt f\u00fcr kleine und gro\u00dfe Entdecker*innen in der Stadthalle<\/h2>\n\n\n<div class=\"wp-block-image\">\n<figure class=\"aligncenter size-full\"><img decoding=\"async\" loading=\"lazy\" width=\"800\" height=\"533\" src=\"https:\/\/speyer24news.com\/wp-content\/uploads\/2025\/03\/Flohmarkt.jpg\" alt=\"\" class=\"wp-image-60595\" srcset=\"https:\/\/speyer24news.com\/wp-content\/uploads\/2025\/03\/Flohmarkt.jpg 800w, https:\/\/speyer24news.com\/wp-content\/uploads\/2025\/03\/Flohmarkt-300x200.jpg 300w, https:\/\/speyer24news.com\/wp-content\/uploads\/2025\/03\/Flohmarkt-768x512.jpg 768w\" sizes=\"(max-width: 800px) 100vw, 800px\" \/><figcaption class=\"wp-element-caption\">Flohmarkt in der Stadthalle<br><em>Foto: \u00a9 Kita Cit\u00e9 de France<\/em><\/figcaption><\/figure><\/div>\n\n\n<p>Am <strong>29. M\u00e4rz 2025 von 14 bis 17 Uhr <\/strong>verwandelt sich die Stadthalle wieder in ein Paradies f\u00fcr Schn\u00e4ppchenj\u00e4ger. Der beliebte Kita-Flohmarkt, organisiert vom F\u00f6rderverein der Kita Cit\u00e9 de France, findet in diesem Jahr an einem Samstag statt, damit auch Berufst\u00e4tige die M\u00f6glichkeit haben, das ein oder andere Schn\u00e4ppchen zu erstehen \u2013 vom s\u00fc\u00dfen Babystrampler, \u00fcber spannende Spielsachen bis hin zu vielen weiteren Sch\u00e4tzen, die nur darauf warten, ein neues Zuhause zu finden.<\/p>\n\n\n\n<p>Beim St\u00f6bern lassen sich viele g\u00fcnstige und gut erhaltene Artikel entdecken und zur St\u00e4rkung zwischendurch bietet der F\u00f6rderverein Kaffee, Kuchen und kalte Getr\u00e4nke an.<\/p>\n\n\n\n<p>Wer sich mit einem Stand am Flohmarkt beteiligen m\u00f6chte, kann per E-Mail an <strong><a href=\"mailto:flohmarkt.cite@stadt-speyer.de\">flohmarkt.cite@stadt-speyer.de<\/a><\/strong> einen (120 x 70 cm) reservieren. Die Standgeb\u00fchr f\u00fcr einen Tisch betr\u00e4gt 10 Euro. Aktuell sind noch vereinzelte Pl\u00e4tze frei.<\/p>\n\n\n\n<p><em>Text: Stadtverwaltung Speyer Foto: \u00a9 Kita Cit\u00e9 de France<br>18.03.2025<\/em><\/p>\n","protected":false},"excerpt":{"rendered":"<div class=\"mh-excerpt\"><p>Flohmarkt f\u00fcr kleine und gro\u00dfe Entdecker*innen in der Stadthalle Am 29. M\u00e4rz 2025 von 14 bis 17 Uhr verwandelt sich die Stadthalle wieder in ein Paradies f\u00fcr Schn\u00e4ppchenj\u00e4ger. Der beliebte Kita-Flohmarkt, organisiert vom F\u00f6rderverein der <a class=\"mh-excerpt-more\" href=\"https:\/\/speyer24news.com\/?p=60594\" title=\"Speyer &#8211; Flohmarkt f\u00fcr kleine und gro\u00dfe Entdecker*innen in der Stadthalle am 29.03.2025\">[&#8230;]<\/a><\/p>\n<\/div>","protected":false},"author":3,"featured_media":46477,"comment_status":"open","ping_status":"open","sticky":false,"template":"","format":"standard","meta":{"_monsterinsights_skip_tracking":false,"_monsterinsights_sitenote_active":false,"_monsterinsights_sitenote_note":"","_monsterinsights_sitenote_category":0,"footnotes":""},"categories":[18620],"tags":[751,3290,6,614],"aioseo_notices":[],"amp_enabled":true,"_links":{"self":[{"href":"https:\/\/speyer24news.com\/index.php?rest_route=\/wp\/v2\/posts\/60594"}],"collection":[{"href":"https:\/\/speyer24news.com\/index.php?rest_route=\/wp\/v2\/posts"}],"about":[{"href":"https:\/\/speyer24news.com\/index.php?rest_route=\/wp\/v2\/types\/post"}],"author":[{"embeddable":true,"href":"https:\/\/speyer24news.com\/index.php?rest_route=\/wp\/v2\/users\/3"}],"replies":[{"embeddable":true,"href":"https:\/\/speyer24news.com\/index.php?rest_route=%2Fwp%2Fv2%2Fcomments&post=60594"}],"version-history":[{"count":1,"href":"https:\/\/speyer24news.com\/index.php?rest_route=\/wp\/v2\/posts\/60594\/revisions"}],"predecessor-version":[{"id":60596,"href":"https:\/\/speyer24news.com\/index.php?rest_route=\/wp\/v2\/posts\/60594\/revisions\/60596"}],"wp:featuredmedia":[{"embeddable":true,"href":"https:\/\/speyer24news.com\/index.php?rest_route=\/wp\/v2\/media\/46477"}],"wp:attachment":[{"href":"https:\/\/speyer24news.com\/index.php?rest_route=%2Fwp%2Fv2%2Fmedia&parent=60594"}],"wp:term":[{"taxonomy":"category","embeddable":true,"href":"https:\/\/speyer24news.com\/index.php?rest_route=%2Fwp%2Fv2%2Fcategories&post=60594"},{"taxonomy":"post_tag","embeddable":true,"href":"https:\/\/speyer24news.com\/index.php?rest_route=%2Fwp%2Fv2%2Ftags&post=60594"}],"curies":[{"name":"wp","href":"https:\/\/api.w.org\/{rel}","templated":true}]}}