{"id":60637,"date":"2025-03-21T10:27:41","date_gmt":"2025-03-21T09:27:41","guid":{"rendered":"https:\/\/speyer24news.com\/?p=60637"},"modified":"2025-03-21T10:27:43","modified_gmt":"2025-03-21T09:27:43","slug":"radarfallen-blitzer-geschwindigkeitsmessung-fuer-die-kw-13-24-03-30-03-2024","status":"publish","type":"post","link":"https:\/\/speyer24news.com\/?p=60637","title":{"rendered":"Radarfallen \/ Blitzer \/ Geschwindigkeitsmessung f\u00fcr die KW 13 (24.03. \u2013 30.03.2024)"},"content":{"rendered":"<style type=\"text\/css\">\r\n\t.ads_top_disp{}\r\n\t.ads_top_corner_disp{ float:left; margin:0px 10px 10px 0px; }\r\n\t.ads_first_p_disp{}\r\n\t.ads_bottom_disp{}\r\n\t<\/style>\n<h2 class=\"wp-block-heading\"><strong>(Mannheim) \u2013\u00a0<\/strong>Geschwindigkeitskontrollen f\u00fcr die Woche\u00a0vom 24. bis 28. M\u00e4rz<\/h2>\n\n\n<div class=\"wp-block-image\">\n<figure class=\"aligncenter\"><img decoding=\"async\" loading=\"lazy\" width=\"640\" height=\"497\" src=\"https:\/\/speyer24news.com\/wp-content\/uploads\/2020\/12\/Blitzer-2.jpg\" alt=\"\" class=\"wp-image-31937\" srcset=\"https:\/\/speyer24news.com\/wp-content\/uploads\/2020\/12\/Blitzer-2.jpg 640w, https:\/\/speyer24news.com\/wp-content\/uploads\/2020\/12\/Blitzer-2-300x233.jpg 300w\" sizes=\"(max-width: 640px) 100vw, 640px\" \/><\/figure><\/div>\n\n\n<h3 class=\"wp-block-heading\">Die Stadt Mannheim f\u00fchrt vom 24. bis 28. M\u00e4rz in folgenden Stra\u00dfen Geschwindigkeitskontrollen durch:<\/h3>\n\n\n\n<ul>\n<li><strong>Am Rheinauer See<\/strong><\/li>\n\n\n\n<li><strong>Br\u00fcckenstra\u00dfe<\/strong><\/li>\n\n\n\n<li><strong>Durlacher Stra\u00dfe<\/strong><\/li>\n\n\n\n<li><strong>Friedrich-Ebert-Stra\u00dfe<\/strong><\/li>\n\n\n\n<li><strong>Grenadierstra\u00dfe (Erich-K\u00e4stner-Schule)<\/strong><\/li>\n\n\n\n<li><strong>Mudauer Ring<\/strong><\/li>\n\n\n\n<li><strong>Osterburker Stra\u00dfe<\/strong><\/li>\n\n\n\n<li><strong>R\u00f6merstra\u00dfe (Wallstadtschule)<\/strong><\/li>\n\n\n\n<li><strong>Wilhelm-Peters-Stra\u00dfe (Gerhart-Hauptmann-Schule)<\/strong><\/li>\n<\/ul>\n\n\n\n<p>Kurzfristige \u00c4nderungen oder zus\u00e4tzliche Messstellen sind aus aktuellem Anlass m\u00f6glich.<\/p>\n\n\n\n<p><em>Stadt Mannheim<br>20.03.2025<\/em><\/p>\n\n\n\n<h2 class=\"wp-block-heading\"><strong>(Ludwigshafen) \u2013\u00a0<\/strong>Radarkontrollen f\u00fcr die Woche vom 17. M\u00e4rz bis 23. M\u00e4rz 2025<\/h2>\n\n\n<div class=\"wp-block-image\">\n<figure class=\"aligncenter\"><img decoding=\"async\" loading=\"lazy\" width=\"800\" height=\"600\" src=\"https:\/\/speyer24news.com\/wp-content\/uploads\/2020\/03\/Blitzer-1.jpg\" alt=\"\" class=\"wp-image-25724\" srcset=\"https:\/\/speyer24news.com\/wp-content\/uploads\/2020\/03\/Blitzer-1.jpg 800w, https:\/\/speyer24news.com\/wp-content\/uploads\/2020\/03\/Blitzer-1-300x225.jpg 300w, https:\/\/speyer24news.com\/wp-content\/uploads\/2020\/03\/Blitzer-1-768x576.jpg 768w, https:\/\/speyer24news.com\/wp-content\/uploads\/2020\/03\/Blitzer-1-678x509.jpg 678w, https:\/\/speyer24news.com\/wp-content\/uploads\/2020\/03\/Blitzer-1-326x245.jpg 326w, https:\/\/speyer24news.com\/wp-content\/uploads\/2020\/03\/Blitzer-1-80x60.jpg 80w\" sizes=\"(max-width: 800px) 100vw, 800px\" \/><\/figure><\/div>\n\n\n<h3 class=\"wp-block-heading\">Die Stadt Ludwigshafen nimmt in folgenden Stadtteilen Radarkontrollen vor:<\/h3>\n\n\n\n<ul>\n<li><strong>Montag, 17. M\u00e4rz: Oggersheim, S\u00fcd und Pfingstweide<\/strong><\/li>\n\n\n\n<li><strong>Dienstag, 18. M\u00e4rz: Mitte, Ruchheim und Gartenstadt<\/strong><\/li>\n\n\n\n<li><strong>Mittwoch, 19. M\u00e4rz: Nord, Friesenheim und Edigheim<\/strong><\/li>\n\n\n\n<li><strong>Donnerstag, 20. M\u00e4rz: Mundenheim, Maudach und S\u00fcd<\/strong><\/li>\n\n\n\n<li><strong>Freitag, 21. M\u00e4rz: Friesenheim, West und Oppau<\/strong><\/li>\n<\/ul>\n\n\n\n<p>Kurzfristige \u00c4nderungen beh\u00e4lt sich der Bereich Stra\u00dfenverkehr vor. Kontrollen k\u00f6nnen auch kurzfristig an anderen Stellen stattfinden.<\/p>\n\n\n\n<p><em>Stadt Ludwigshafen am Rhein<br><\/em>14.03.2025<\/p>\n","protected":false},"excerpt":{"rendered":"<div class=\"mh-excerpt\"><p>(Mannheim) \u2013\u00a0Geschwindigkeitskontrollen f\u00fcr die Woche\u00a0vom 24. bis 28. M\u00e4rz Die Stadt Mannheim f\u00fchrt vom 24. bis 28. M\u00e4rz in folgenden Stra\u00dfen Geschwindigkeitskontrollen durch: Kurzfristige \u00c4nderungen oder zus\u00e4tzliche Messstellen sind aus aktuellem Anlass m\u00f6glich. Stadt Mannheim20.03.2025 <a class=\"mh-excerpt-more\" href=\"https:\/\/speyer24news.com\/?p=60637\" title=\"Radarfallen \/ Blitzer \/ Geschwindigkeitsmessung f\u00fcr die KW 13 (24.03. \u2013 30.03.2024)\">[&#8230;]<\/a><\/p>\n<\/div>","protected":false},"author":3,"featured_media":33649,"comment_status":"open","ping_status":"open","sticky":false,"template":"","format":"standard","meta":{"_monsterinsights_skip_tracking":false,"_monsterinsights_sitenote_active":false,"_monsterinsights_sitenote_note":"","_monsterinsights_sitenote_category":0,"footnotes":""},"categories":[64],"tags":[18,4819,4814,19,4822,4817,4228,16999,16998,947,4820,4815,153,56,17,7068,7004,16990,16992,16991,949,4818,4813,1310,11898,16995],"aioseo_notices":[],"amp_enabled":true,"_links":{"self":[{"href":"https:\/\/speyer24news.com\/index.php?rest_route=\/wp\/v2\/posts\/60637"}],"collection":[{"href":"https:\/\/speyer24news.com\/index.php?rest_route=\/wp\/v2\/posts"}],"about":[{"href":"https:\/\/speyer24news.com\/index.php?rest_route=\/wp\/v2\/types\/post"}],"author":[{"embeddable":true,"href":"https:\/\/speyer24news.com\/index.php?rest_route=\/wp\/v2\/users\/3"}],"replies":[{"embeddable":true,"href":"https:\/\/speyer24news.com\/index.php?rest_route=%2Fwp%2Fv2%2Fcomments&post=60637"}],"version-history":[{"count":1,"href":"https:\/\/speyer24news.com\/index.php?rest_route=\/wp\/v2\/posts\/60637\/revisions"}],"predecessor-version":[{"id":60638,"href":"https:\/\/speyer24news.com\/index.php?rest_route=\/wp\/v2\/posts\/60637\/revisions\/60638"}],"wp:featuredmedia":[{"embeddable":true,"href":"https:\/\/speyer24news.com\/index.php?rest_route=\/wp\/v2\/media\/33649"}],"wp:attachment":[{"href":"https:\/\/speyer24news.com\/index.php?rest_route=%2Fwp%2Fv2%2Fmedia&parent=60637"}],"wp:term":[{"taxonomy":"category","embeddable":true,"href":"https:\/\/speyer24news.com\/index.php?rest_route=%2Fwp%2Fv2%2Fcategories&post=60637"},{"taxonomy":"post_tag","embeddable":true,"href":"https:\/\/speyer24news.com\/index.php?rest_route=%2Fwp%2Fv2%2Ftags&post=60637"}],"curies":[{"name":"wp","href":"https:\/\/api.w.org\/{rel}","templated":true}]}}